{"id":9718,"date":"2022-04-04T13:25:02","date_gmt":"2022-04-04T13:25:02","guid":{"rendered":"https:\/\/geziyoo.co\/blog\/?p=9718"},"modified":"2026-01-28T10:39:23","modified_gmt":"2026-01-28T10:39:23","slug":"camliyayla-kamp-alanlari-ve-karavan-alanlari","status":"publish","type":"post","link":"https:\/\/geziyoo.co\/blog\/camliyayla-kamp-alanlari-ve-karavan-alanlari\/","title":{"rendered":"\u00c7aml\u0131yayla Geneli \u00dccretli ve \u00dccretsiz 4+ Kamp Alan\u0131 (\u0130leti\u015fim ve Konum)"},"content":{"rendered":"\n<p><strong>\u00c7aml\u0131yayla<\/strong>, Toros Da\u011flar\u0131&#8217;n\u0131n en sarp yama\u00e7lar\u0131na kurulmu\u015f, Hititlerden bu yana yerle\u015fim yeri olan ve Mersin\u2019in en sevilen yayla il\u00e7esidir. Buras\u0131, sadece serin havas\u0131yla de\u011fil; Cehennemdere Vadisi\u2019nde yaban hayat\u0131n\u0131 g\u00f6zlemleyebilece\u011finiz, Papaz\u0131n Bah\u00e7esi\u2019nde as\u0131rl\u0131k a\u011fa\u00e7lar\u0131n g\u00f6lgesinde piknik yapabilece\u011finiz ve tarihi Namrun Kalesi\u2019nden t\u00fcm \u00c7ukurova\u2019y\u0131 ku\u015f bak\u0131\u015f\u0131 izleyebilece\u011finiz e\u015fsiz bir rotad\u0131r. Yaz\u0131n ortas\u0131nda bile yorganla uyutan havas\u0131, kamp\u00e7\u0131lar\u0131n buray\u0131 tercih etmesindeki en b\u00fcy\u00fck etkendir.<\/p>\n\n\n\n<p>Ancak b\u00f6lgenin da\u011fl\u0131k yap\u0131s\u0131 ve baz\u0131 yollar\u0131n virajl\u0131 olmas\u0131 nedeniyle &#8220;Cehennemdere&#8217;ye inmek g\u00fcvenli mi?&#8221;, &#8220;Papaz\u0131n Bah\u00e7esi&#8217;nde \u00e7ad\u0131r kuruluyor mu?&#8221;, &#8220;Yabani hayvan tehlikesi var m\u0131?&#8221; sorular\u0131 macerac\u0131lar\u0131n kafas\u0131n\u0131 kurcalayabilir. \u00c7aml\u0131yayla, klasik bir kamping alan\u0131ndan ziyade, do\u011fayla ba\u015f ba\u015fa kalabilece\u011finiz mesire ve vah\u015fi kamp noktalar\u0131yla \u00f6ne \u00e7\u0131kar.<\/p>\n\n\n\n<p>Biz Geziyoo olarak, zirve yolculu\u011funuzda arac\u0131lar\u0131 tamamen aradan \u00e7\u0131kard\u0131k ve \u00c7aml\u0131yayla\u2019n\u0131n en do\u011fal kamp rehberini haz\u0131rlad\u0131k. Listemizde hem <strong>hi\u00e7bir \u00fccret \u00f6demeden<\/strong> vadinin derinliklerinde kamp kurabilece\u011finiz Cehennemdere ve Sebil taraf\u0131ndaki do\u011fal alanlar\u0131, hem de <strong>su, tuvalet ve piknik masas\u0131<\/strong> imkan\u0131 sunan belediye denetimindeki mesire alanlar\u0131n\u0131 bir araya getirdik. Sizi yetkililerle <strong>do\u011frudan g\u00f6r\u00fc\u015ft\u00fcren<\/strong>, gitmeden \u00f6nce yol ve hava durumu bilgisini <strong>teyit etmenizi sa\u011flayan<\/strong> telefon numaralar\u0131n\u0131 i\u00e7eri\u011fimize ekledik.<\/p>\n\n\n\n<p>\u0130ster s\u0131rt \u00e7antan\u0131z\u0131 al\u0131p <strong>\u00fccretsiz<\/strong> bir vadi kamp\u0131 yap\u0131n, ister ailenizle <strong>serin sular\u0131n<\/strong> kenar\u0131nda Karsamba\u00e7 yiyerek dinlenin; yola \u00e7\u0131kmadan \u00f6nce listedeki numaralardan bilgi almay\u0131 unutmay\u0131n. \u0130\u015fte \u00c7aml\u0131yayla\u2019n\u0131n en sevilen kamp duraklar\u0131<\/p>\n\n\n\n<p>\u00c7aml\u0131yayla haricinde kamp yerleri i\u00e7in&nbsp;<em>i\u00e7in<\/em><strong><em>&nbsp;<strong><em><a href=\"https:\/\/geziyoo.co\/blog\/mersin-kamp-alanlari-ve-karavan-alanlari\/\">Mersin Kamp Alanlar\u0131<\/a>&nbsp;<\/em><\/strong><\/em><\/strong>sayfam\u0131za da bakabirsiniz.Unuttu\u011fumuz veya bilmedi\u011fimiz&nbsp;\u00c7ad\u0131r ve Karavan Kamp alan\u0131&nbsp;var ise l\u00fctfen yorumlar k\u0131sm\u0131ndan bizlerle payla\u015fs\u0131n.<\/p>\n\n\n\n<p>Sizlerde unuttu\u011fumuz Karavan Kamp alanlar\u0131n\u0131 yorumlar k\u0131sm\u0131ndan bizlerle payla\u015fabilirsiniz.<\/p>\n\n\n\n<p>Unutmadan \u00c7aml\u0131yayla haricinde Kamp Alan\u0131, Bungalov veya Da\u011f evi ar\u0131yorsan\u0131z ,&nbsp;<a rel=\"noreferrer noopener\" href=\"https:\/\/geziyoo.co\/?select=Karavan+Kamp%C4%B1&amp;lp_s_loc=&amp;lp_s_tag=&amp;lp_s_cat=229&amp;s=home&amp;post_type=listing\" target=\"_blank\"><em><strong>500\u2019den fazla Kamp ve Karavan Yeri<\/strong>&nbsp;<\/em><\/a>sayfam\u0131za bakman\u0131z\u0131 tavsiye diyoruz.<\/p>\n\n\n\n<hr class=\"wp-block-separator has-css-opacity is-style-wide\"\/>\n\n\n\n<h2 class=\"wp-block-heading\">\u00c7aml\u0131yayla Kamp Alanlar\u0131 ve Karavan Alanlar\u0131<\/h2>\n\n\n\n<h2 class=\"wp-block-heading\">1.\u00c7aml\u0131yayla (Namrun) Kamp Alan\u0131<\/h2>\n\n\n\n<figure class=\"wp-block-image size-large\"><img decoding=\"async\" width=\"829\" height=\"459\" data-src=\"https:\/\/geziyoo.co\/blog\/wp-content\/uploads\/2022\/04\/Camliyayla-Kamp-Alanlari-1.png\" alt=\"\u00c7aml\u0131yayla Kamp Alanlar\u0131\" class=\"wp-image-9721 lazyload\" data-srcset=\"https:\/\/geziyoo.co\/blog\/wp-content\/uploads\/2022\/04\/Camliyayla-Kamp-Alanlari-1.png 829w, https:\/\/geziyoo.co\/blog\/wp-content\/uploads\/2022\/04\/Camliyayla-Kamp-Alanlari-1-300x166.png 300w, https:\/\/geziyoo.co\/blog\/wp-content\/uploads\/2022\/04\/Camliyayla-Kamp-Alanlari-1-768x425.png 768w\" data-sizes=\"(max-width: 829px) 100vw, 829px\" src=\"data:image\/gif;base64,R0lGODlhAQABAAAAACH5BAEKAAEALAAAAAABAAEAAAICTAEAOw==\" style=\"--smush-placeholder-width: 829px; --smush-placeholder-aspect-ratio: 829\/459;\" \/><figcaption class=\"wp-element-caption\">\u00c7aml\u0131yayla Kamp Alanlar\u0131<\/figcaption><\/figure>\n\n\n\n<p><strong>\u00c7aml\u0131yayla Kamp Alanlar\u0131 ve Karavan Alanlar\u0131<\/strong> i\u00e7eri\u011fimizin ilk s\u0131ras\u0131nda Namrun Kamp alan\u0131 bulunmakta.<\/p>\n\n\n\n<p>\u00c7aml\u0131yayla&#8217;n\u0131n e\u015fsiz do\u011fas\u0131nda, huzur dolu bir kamp deneyimi arayanlar i\u00e7in Namrun Kamp Alan\u0131, \u00fccretsiz ve do\u011fal bir se\u00e7enek sunuyor. Hem \u00e7ad\u0131r hem de karavan kamp\u0131na uygun olan bu alan, do\u011fa severlerin ve y\u00fcr\u00fcy\u00fc\u015f tutkunlar\u0131n\u0131n u\u011frak noktas\u0131.<\/p>\n\n\n\n<p>Namrun Kamp Alan\u0131, yemye\u015fil ormanlar\u0131, temiz havas\u0131 ve huzurlu atmosferiyle kamp severlere unutulmaz bir deneyim ya\u015fat\u0131yor. Kamp alan\u0131n\u0131n do\u011fal yap\u0131s\u0131, \u015fehir hayat\u0131n\u0131n stresinden uzakla\u015fmak ve do\u011fayla ba\u015f ba\u015fa kalmak isteyenler i\u00e7in ideal bir ortam sunuyor. Y\u00fcr\u00fcy\u00fc\u015f parkurlar\u0131 sayesinde do\u011fa y\u00fcr\u00fcy\u00fc\u015fleri yapabilir, kontroll\u00fc ate\u015f yak\u0131labilir alanlarda kamp ate\u015finin keyfini \u00e7\u0131karabilirsiniz.<\/p>\n\n\n\n<p>Namrun Kamp Alan\u0131 tamamen do\u011fal bir kamp alan\u0131 oldu\u011fu i\u00e7in WC, elektrik ve \u00e7e\u015fme gibi olanaklar bulunmuyor. Bu nedenle kamp yapmay\u0131 d\u00fc\u015f\u00fcnenlerin yiyecek, i\u00e7ecek, ayd\u0131nlatma gibi t\u00fcm ihtiya\u00e7lar\u0131n\u0131 \u00f6nceden planlamalar\u0131 ve yanlar\u0131nda getirmeleri gerekiyor. Ayr\u0131ca, kamp alan\u0131na gelmeden \u00f6nce yiyecek ve i\u00e7ecek ihtiya\u00e7lar\u0131n\u0131z\u0131 da temin etmeniz \u00f6nemlidir.<\/p>\n\n\n\n<p>Namrun Kamp Alan\u0131&#8217;na toplu ta\u015f\u0131ma ara\u00e7lar\u0131yla ula\u015f\u0131m biraz zor olabilir. \u00d6zel arac\u0131n\u0131zla gelmeniz daha rahat bir ula\u015f\u0131m sa\u011flayacakt\u0131r.<\/p>\n\n\n\n<hr class=\"wp-block-separator has-css-opacity is-style-wide\"\/>\n\n\n\n<ul class=\"wp-block-list\">\n<li><strong>Namrun Kamp alan\u0131<\/strong> <strong>Adres<\/strong>&nbsp;: &nbsp;\u00c7aml\u0131yayla Mersin&nbsp;<strong><em><a href=\"https:\/\/www.google.com\/maps\/dir\/\/37.1632078,34.5959663\/@37.163158,34.5261889,12z\">Konum Bilgisi<\/a><\/em><\/strong><\/li>\n\n\n\n<li><strong>Namrun Kamp alan\u0131<\/strong> <strong>Detayl\u0131 Bilgi :<\/strong>&nbsp;Detayl\u0131 Bilgiler i\u00e7in <strong><em><a href=\"https:\/\/geziyoo.co\/listing\/camliyayla-namrun-kamp-alani\/\">Namrun Kamp alan\u0131<\/a><\/em><\/strong> sayfam\u0131za bakabilirsiniz.<\/li>\n<\/ul>\n\n\n\n<hr class=\"wp-block-separator has-css-opacity is-style-wide\"\/>\n\n\n\n<h2 class=\"wp-block-heading\">2.Cehennem Deresi Kamp Alan\u0131<\/h2>\n\n\n\n<figure class=\"wp-block-image size-large\"><img decoding=\"async\" width=\"819\" height=\"621\" data-src=\"https:\/\/geziyoo.co\/blog\/wp-content\/uploads\/2022\/04\/cehennem-deresi-kamp-alanlari.png\" alt=\"\" class=\"wp-image-9722 lazyload\" data-srcset=\"https:\/\/geziyoo.co\/blog\/wp-content\/uploads\/2022\/04\/cehennem-deresi-kamp-alanlari.png 819w, https:\/\/geziyoo.co\/blog\/wp-content\/uploads\/2022\/04\/cehennem-deresi-kamp-alanlari-300x227.png 300w, https:\/\/geziyoo.co\/blog\/wp-content\/uploads\/2022\/04\/cehennem-deresi-kamp-alanlari-768x582.png 768w\" data-sizes=\"(max-width: 819px) 100vw, 819px\" src=\"data:image\/gif;base64,R0lGODlhAQABAAAAACH5BAEKAAEALAAAAAABAAEAAAICTAEAOw==\" style=\"--smush-placeholder-width: 819px; --smush-placeholder-aspect-ratio: 819\/621;\" \/><figcaption class=\"wp-element-caption\">Cehennem Deresi Kamp Alan\u0131<\/figcaption><\/figure>\n\n\n\n<p>Cehennem Deresi Kamp Alan\u0131, do\u011fa severler ve kamp tutkunlar\u0131 i\u00e7in \u00fccretsiz bir cennet sunuyor.<\/p>\n\n\n\n<p>\u00c7ad\u0131r kamp\u0131 i\u00e7in ideal olan bu do\u011fal alan, dere kenar\u0131nda ve \u00e7evresinde kamp kurabilece\u011finiz bir\u00e7ok nokta sunuyor. Kamp ate\u015fi yak\u0131p, y\u0131ld\u0131zlar\u0131n alt\u0131nda uyuyabilir, do\u011fan\u0131n sesleriyle huzur bulabilirsiniz. Ancak, karavan kamp\u0131 i\u00e7in uygun olmad\u0131\u011f\u0131n\u0131 unutmay\u0131n.<\/p>\n\n\n\n<p>Cehennem Deresi Kamp Alan\u0131, sadece do\u011fayla i\u00e7 i\u00e7e olmak isteyenler i\u00e7in de\u011fil, ayn\u0131 zamanda foto\u011fraf\u00e7\u0131lar ve y\u00fcr\u00fcy\u00fc\u015f severler i\u00e7in de harika bir se\u00e7enek. Muhte\u015fem manzaralar\u0131 ve do\u011fal g\u00fczellikleriyle unutulmaz an\u0131lar biriktirebilirsiniz.<\/p>\n\n\n\n<p><strong>\u00d6nemli Not:<\/strong> Cehennem Deresi Kamp Alan\u0131&#8217;nda tuvalet, du\u015f veya elektrik gibi olanaklar bulunmamaktad\u0131r. Bu nedenle, kamp yapmay\u0131 d\u00fc\u015f\u00fcnenlerin t\u00fcm ihtiya\u00e7lar\u0131n\u0131 \u00f6nceden planlamalar\u0131 ve yanlar\u0131nda getirmeleri gerekmektedir.<\/p>\n\n\n\n<hr class=\"wp-block-separator has-css-opacity is-style-wide\"\/>\n\n\n\n<ul class=\"wp-block-list\">\n<li><strong>Cehennem Deresi Kamp Alan\u0131<\/strong> <strong>Adres<\/strong>&nbsp;:&nbsp;Cehennem Deresi Milli Park\u0131&nbsp;<strong><em><a href=\"https:\/\/www.google.com\/maps?daddr=37.130329667295165,34.51108373631918\">Konum Bilgisi<\/a><\/em><\/strong><\/li>\n\n\n\n<li><strong>Cehennem Deresi Kamp Alan\u0131<\/strong> <strong>Detayl\u0131 Bilgi :<\/strong>&nbsp;Detayl\u0131 Bilgiler i\u00e7in <strong><em><a href=\"https:\/\/geziyoo.co\/listing\/cehennem-deresi-kamp-alani\/\">Cehennem Deresi Kamp Alan\u0131<\/a><\/em><\/strong> sayfam\u0131za bakabilirsiniz.<\/li>\n<\/ul>\n\n\n\n<hr class=\"wp-block-separator has-css-opacity is-style-wide\"\/>\n\n\n\n<h2 class=\"wp-block-heading\">3.Kad\u0131nc\u0131k Baraj\u0131 Kamp Alan\u0131<\/h2>\n\n\n\n<figure class=\"wp-block-image size-large\"><img decoding=\"async\" width=\"820\" height=\"618\" data-src=\"https:\/\/geziyoo.co\/blog\/wp-content\/uploads\/2022\/04\/kadincik-baraji-kamp-alani.png\" alt=\"\" class=\"wp-image-9729 lazyload\" data-srcset=\"https:\/\/geziyoo.co\/blog\/wp-content\/uploads\/2022\/04\/kadincik-baraji-kamp-alani.png 820w, https:\/\/geziyoo.co\/blog\/wp-content\/uploads\/2022\/04\/kadincik-baraji-kamp-alani-300x226.png 300w, https:\/\/geziyoo.co\/blog\/wp-content\/uploads\/2022\/04\/kadincik-baraji-kamp-alani-768x579.png 768w\" data-sizes=\"(max-width: 820px) 100vw, 820px\" src=\"data:image\/gif;base64,R0lGODlhAQABAAAAACH5BAEKAAEALAAAAAABAAEAAAICTAEAOw==\" style=\"--smush-placeholder-width: 820px; --smush-placeholder-aspect-ratio: 820\/618;\" \/><\/figure>\n\n\n\n<p>Mersin \u00c7aml\u0131yayla&#8217;da bulunan Kad\u0131nc\u0131k Baraj\u0131 Kamp Alan\u0131, hem do\u011fal g\u00fczellikleriyle hem de sundu\u011fu olanaklarla kamp severlerin g\u00f6zdesi haline gelmi\u015f durumda. \u00dccretsiz olarak \u00e7ad\u0131r ve karavan kamp\u0131 yapabilece\u011finiz bu alan, e\u015fsiz manzaras\u0131 ve temiz havas\u0131yla unutulmaz bir deneyim sunuyor.<\/p>\n\n\n\n<p><strong>Kamp Alan\u0131 \u00d6zellikleri<\/strong><\/p>\n\n\n\n<ul class=\"wp-block-list\">\n<li><strong>\u00dccretsiz Kamp:<\/strong> Hem \u00e7ad\u0131r hem de karavan kamp\u0131 i\u00e7in \u00fccretsiz bir alan sunuyor.<\/li>\n\n\n\n<li><strong>Do\u011fal G\u00fczellikler:<\/strong> Kad\u0131nc\u0131k Baraj\u0131&#8217;n\u0131n e\u015fsiz manzaras\u0131 ve temiz havas\u0131 e\u015fli\u011finde kamp yapabilirsiniz.<\/li>\n\n\n\n<li><strong>Restoran ve Kafe \u0130\u015fletmeleri:<\/strong> Baraj \u00e7evresindeki restoran ve kafelerde yemek yiyebilir, i\u00e7eceklerinizi yudumlayabilirsiniz.<\/li>\n\n\n\n<li><strong>WC ve Du\u015f \u0130mkan\u0131:<\/strong> Baraj \u00e7evresindeki i\u015fletmeler sayesinde WC ve du\u015f ihtiya\u00e7lar\u0131n\u0131z\u0131 kolayca giderebilirsiniz.<\/li>\n<\/ul>\n\n\n\n<p><strong>Kamp Alan\u0131na Ula\u015f\u0131m<\/strong><\/p>\n\n\n\n<p>Kad\u0131nc\u0131k Baraj\u0131 Kamp Alan\u0131&#8217;na \u00f6zel arac\u0131n\u0131zla veya toplu ta\u015f\u0131ma ara\u00e7lar\u0131yla ula\u015fabilirsiniz. \u00c7aml\u0131yayla&#8217;ya d\u00fczenli olarak sefer yapan minib\u00fcsler bulunmaktad\u0131r.<\/p>\n\n\n\n<hr class=\"wp-block-separator has-css-opacity is-style-wide\"\/>\n\n\n\n<ul class=\"wp-block-list\">\n<li><strong>Kad\u0131nc\u0131k Baraj\u0131 Kamp Alan\u0131 Adres<\/strong>&nbsp;:&nbsp;Cehennem Deresi Milli Park\u0131&nbsp;<strong><em><a href=\"https:\/\/www.google.com\/maps?daddr=37.14684332905168,34.74429598617946\">Konum Bilgisi<\/a><\/em><\/strong><\/li>\n\n\n\n<li><strong>Kad\u0131nc\u0131k Baraj\u0131 Kamp Alan\u0131<\/strong> <strong>Detayl\u0131 Bilgi :<\/strong>&nbsp;Detayl\u0131 Bilgiler i\u00e7in <strong><em><a href=\"https:\/\/geziyoo.co\/listing\/kadincik-baraji-kamp-alani\/\">Kad\u0131nc\u0131k Baraj\u0131 Kamp Alan\u0131<\/a><\/em><\/strong> sayfam\u0131za bakabilirsiniz.<\/li>\n<\/ul>\n\n\n\n<hr class=\"wp-block-separator has-css-opacity is-style-wide\"\/>\n\n\n\n<h2 class=\"wp-block-heading\">4.Kisecik Kanyonu Kamp Alan\u0131<\/h2>\n\n\n\n<figure class=\"wp-block-image size-large\"><img decoding=\"async\" width=\"800\" height=\"558\" data-src=\"https:\/\/geziyoo.co\/blog\/wp-content\/uploads\/2022\/04\/kisecik-kanyonu.png\" alt=\"\" class=\"wp-image-9725 lazyload\" data-srcset=\"https:\/\/geziyoo.co\/blog\/wp-content\/uploads\/2022\/04\/kisecik-kanyonu.png 800w, https:\/\/geziyoo.co\/blog\/wp-content\/uploads\/2022\/04\/kisecik-kanyonu-300x209.png 300w, https:\/\/geziyoo.co\/blog\/wp-content\/uploads\/2022\/04\/kisecik-kanyonu-768x536.png 768w\" data-sizes=\"(max-width: 800px) 100vw, 800px\" src=\"data:image\/gif;base64,R0lGODlhAQABAAAAACH5BAEKAAEALAAAAAABAAEAAAICTAEAOw==\" style=\"--smush-placeholder-width: 800px; --smush-placeholder-aspect-ratio: 800\/558;\" \/><\/figure>\n\n\n\n<p>\u00c7aml\u0131yayla&#8217;n\u0131n do\u011fal g\u00fczellikleriyle \u00e7evrili K\u0131sac\u0131k Kanyonu Kamp Alan\u0131, macera dolu bir kamp deneyimi arayanlar i\u00e7in e\u015fsiz bir se\u00e7enek sunuyor. \u00c7ad\u0131r kamp\u0131na uygun olan bu alan, kanyonun b\u00fcy\u00fcleyici atmosferi ve \u00e7evresindeki restoranlarla konforlu bir kamp deneyimi vadediyor.<\/p>\n\n\n\n<p>K\u0131sac\u0131k Kanyonu&#8217;nun etkileyici manzaras\u0131 e\u015fli\u011finde \u00e7ad\u0131r\u0131n\u0131z\u0131 kurarak do\u011fan\u0131n tad\u0131n\u0131 \u00e7\u0131karabilirsiniz. Kanyonun serin havas\u0131 ve huzurlu ortam\u0131, \u015fehir hayat\u0131n\u0131n stresinden uzakla\u015fmak isteyenler i\u00e7in ideal bir ka\u00e7\u0131\u015f noktas\u0131 sunuyor.<\/p>\n\n\n\n<p>K\u0131sac\u0131k Kanyonu Kamp Alan\u0131&#8217;n\u0131n \u00e7evresinde bulunan restoranlar, yemek ve WC ihtiya\u00e7lar\u0131n\u0131z\u0131 kar\u015f\u0131laman\u0131z\u0131 sa\u011fl\u0131yor. Ancak, kamp alan\u0131nda ba\u015fka bir tesis bulunmad\u0131\u011f\u0131 i\u00e7in di\u011fer ihtiya\u00e7lar\u0131n\u0131z\u0131 kamp alan\u0131na gelmeden \u00f6nce tamamlaman\u0131z \u00f6nemlidir.<\/p>\n\n\n\n<p>K\u0131sac\u0131k Kanyonu Kamp Alan\u0131&#8217;na \u00f6zel arac\u0131n\u0131zla veya toplu ta\u015f\u0131ma ara\u00e7lar\u0131yla ula\u015fabilirsiniz. \u00c7aml\u0131yayla&#8217;ya d\u00fczenli olarak sefer yapan minib\u00fcsler bulunmaktad\u0131r.<\/p>\n\n\n\n<hr class=\"wp-block-separator has-css-opacity is-style-wide\"\/>\n\n\n\n<ul class=\"wp-block-list\">\n<li><strong>Kisecik Kanyonu<\/strong> <strong>Adres<\/strong>&nbsp;:&nbsp;Kesecik, Unnamed Road, 33580 \u00c7aml\u0131yayla\/Mersin&nbsp;<strong><em><a href=\"https:\/\/www.google.com\/maps?daddr=37.10477094152532,34.649302214116894\">Konum Bilgisi<\/a><\/em><\/strong><\/li>\n\n\n\n<li><strong>Kisecik Kanyonu<\/strong> <strong>Detayl\u0131 Bilgi :<\/strong>&nbsp;Detayl\u0131 Bilgiler i\u00e7in <strong><em><a href=\"https:\/\/geziyoo.co\/listing\/kisecik-kanyonu-kamp-alani\/\">Kisecik Kanyonu Kamp Alan\u0131<\/a><\/em><\/strong> sayfam\u0131za bakabilirsiniz.<\/li>\n<\/ul>\n\n\n\n<hr class=\"wp-block-separator has-css-opacity is-style-wide\"\/>\n\n\n\n<h2 class=\"wp-block-heading\">5.\u00c7inili G\u00f6l Kamp Alan\u0131<\/h2>\n\n\n\n<figure class=\"wp-block-image size-large\"><img decoding=\"async\" width=\"814\" height=\"557\" data-src=\"https:\/\/geziyoo.co\/blog\/wp-content\/uploads\/2022\/04\/cinili-gol.png\" alt=\"\" class=\"wp-image-9727 lazyload\" data-srcset=\"https:\/\/geziyoo.co\/blog\/wp-content\/uploads\/2022\/04\/cinili-gol.png 814w, https:\/\/geziyoo.co\/blog\/wp-content\/uploads\/2022\/04\/cinili-gol-300x205.png 300w, https:\/\/geziyoo.co\/blog\/wp-content\/uploads\/2022\/04\/cinili-gol-768x526.png 768w, https:\/\/geziyoo.co\/blog\/wp-content\/uploads\/2022\/04\/cinili-gol-220x150.png 220w\" data-sizes=\"(max-width: 814px) 100vw, 814px\" src=\"data:image\/gif;base64,R0lGODlhAQABAAAAACH5BAEKAAEALAAAAAABAAEAAAICTAEAOw==\" style=\"--smush-placeholder-width: 814px; --smush-placeholder-aspect-ratio: 814\/557;\" \/><\/figure>\n\n\n\n<p>Mersin&#8217;in bunalt\u0131c\u0131 yaz s\u0131caklar\u0131ndan ka\u00e7\u0131p serinlemek ve do\u011fayla ba\u015f ba\u015fa kalmak isteyenler i\u00e7in \u00c7inili G\u00f6l Kamp Alan\u0131, e\u015fsiz bir se\u00e7enek sunuyor. \u00c7aml\u0131yayla&#8217;n\u0131n do\u011fal g\u00fczellikleriyle \u00e7evrili bu kamp alan\u0131, \u00e7ad\u0131r kamp\u00e7\u0131lar\u0131 i\u00e7in ideal bir ka\u00e7\u0131\u015f noktas\u0131.<\/p>\n\n\n\n<p>\u00c7inili G\u00f6l Kamp Alan\u0131, ad\u0131n\u0131 ald\u0131\u011f\u0131 \u00c7inili G\u00f6l&#8217;\u00fcn hemen k\u0131y\u0131s\u0131nda yer al\u0131yor. G\u00f6l\u00fcn serin ve temiz sular\u0131, yaz aylar\u0131nda serinlemek ve y\u00fczmek i\u00e7in m\u00fckemmel bir f\u0131rsat sunuyor. Ayr\u0131ca g\u00f6l \u00e7evresinde yapaca\u011f\u0131n\u0131z y\u00fcr\u00fcy\u00fc\u015flerle do\u011fan\u0131n tad\u0131n\u0131 \u00e7\u0131karabilirsiniz.<\/p>\n\n\n\n<p>\u00c7inili G\u00f6l Kamp Alan\u0131 tamamen do\u011fal bir ortam sunuyor. Bu nedenle WC, du\u015f, elektrik gibi olanaklar bulunmuyor. Kamp yapmay\u0131 d\u00fc\u015f\u00fcnenlerin yiyecek, i\u00e7ecek, ayd\u0131nlatma gibi t\u00fcm ihtiya\u00e7lar\u0131n\u0131 \u00f6nceden planlamalar\u0131 ve yanlar\u0131nda getirmeleri gerekiyor. Ayr\u0131ca, g\u00f6l \u00e7evresinde herhangi bir yerle\u015fim yeri veya restoran olmad\u0131\u011f\u0131 i\u00e7in kamp alan\u0131na gelmeden \u00f6nce al\u0131\u015fveri\u015finizi yapman\u0131z \u00f6nemlidir.<\/p>\n\n\n\n<p>\u00c7inili G\u00f6l Kamp Alan\u0131&#8217;na toplu ta\u015f\u0131ma ara\u00e7lar\u0131yla ula\u015f\u0131m biraz zor olabilir. \u00d6zel arac\u0131n\u0131zla gelmeniz daha rahat bir ula\u015f\u0131m sa\u011flayacakt\u0131r.<\/p>\n\n\n\n<hr class=\"wp-block-separator has-css-opacity is-style-wide\"\/>\n\n\n\n<ul class=\"wp-block-list\">\n<li><strong><strong>\u00c7inili G\u00f6l<\/strong><\/strong> <strong>Adres<\/strong>&nbsp;:&nbsp;Fak\u0131lar, 33580 \u00c7aml\u0131yayla\/Mersin&nbsp;<strong><em><a href=\"https:\/\/www.google.com\/maps?daddr=37.39806331636765,34.553846364793785\">Konum Bilgisi<\/a><\/em><\/strong><\/li>\n\n\n\n<li><strong><strong>\u00c7inili G\u00f6l<\/strong><\/strong> <strong>Detayl\u0131 Bilgi :<\/strong>&nbsp;Detayl\u0131 Bilgiler i\u00e7in <strong><em><strong><a href=\"https:\/\/geziyoo.co\/listing\/cinili-gol-kamp-alani\/\">\u00c7inili G\u00f6l<\/a><\/strong><\/em><\/strong> sayfam\u0131za bakabilirsiniz.<\/li>\n<\/ul>\n\n\n\n<hr class=\"wp-block-separator has-css-opacity is-style-wide\"\/>\n\n\n\n<p><strong>\u00c7aml\u0131yayla Kamp Alanlar\u0131 ve Karavan Kamp Alanlar\u0131<\/strong> Listemizin \u015fimdilik sonuna geldik.Her ge\u00e7en ge\u00e7en g\u00fcn eklemeler yaparak devam edece\u011fiz.Sizlerde \u00c7aml\u0131yayla&#8217;da yer alan \u00dccretli veya \u00dccretsiz Kamp ve Karavan alanlar\u0131n\u0131 yorumlar k\u0131sm\u0131ndan bizlerle payla\u015fabilirsiniz.G\u00fczel bir kamp ge\u00e7irmeniz dile\u011fiyle ho\u015f\u00e7akal\u0131n\u2026<\/p>\n","protected":false},"excerpt":{"rendered":"<p>\u00c7aml\u0131yayla, Toros Da\u011flar\u0131&#8217;n\u0131n en sarp yama\u00e7lar\u0131na kurulmu\u015f, Hititlerden bu yana yerle\u015fim yeri olan ve Mersin\u2019in en sevilen yayla il\u00e7esidir. Buras\u0131, sadece serin havas\u0131yla de\u011fil; Cehennemdere Vadisi\u2019nde yaban hayat\u0131n\u0131 g\u00f6zlemleyebilece\u011finiz, Papaz\u0131n Bah\u00e7esi\u2019nde as\u0131rl\u0131k a\u011fa\u00e7lar\u0131n g\u00f6lgesinde piknik yapabilece\u011finiz ve tarihi Namrun Kalesi\u2019nden t\u00fcm \u00c7ukurova\u2019y\u0131 ku\u015f bak\u0131\u015f\u0131 izleyebilece\u011finiz e\u015fsiz bir rotad\u0131r. Yaz\u0131n ortas\u0131nda bile yorganla uyutan havas\u0131, kamp\u00e7\u0131lar\u0131n &hellip;<\/p>\n","protected":false},"author":1,"featured_media":9722,"comment_status":"open","ping_status":"closed","sticky":false,"template":"","format":"standard","meta":{"footnotes":""},"categories":[589,23],"tags":[],"class_list":["post-9718","post","type-post","status-publish","format-standard","has-post-thumbnail","hentry","category-kamp1","category-kamp-kamp-alanlari"],"yoast_head":"<!-- This site is optimized with the Yoast SEO plugin v26.9 - https:\/\/yoast.com\/product\/yoast-seo-wordpress\/ -->\n<title>\u00c7aml\u0131yayla\u2019da En \u0130yi 4 Kamp Alan\u0131: \u00dccretli, \u00dccretsiz ve Tesisli | Geziyoo<\/title>\n<meta name=\"description\" content=\"\u00c7aml\u0131yayla (Namrun), Papaz\u0131n Bah\u00e7esi, Cehennemdere Vadisi ve Namrun Kalesi dahil \u00fccretli ve \u00fccretsiz 4 kamp alan\u0131n\u0131 listeledik. Komisyon yok! \u0130\u015fletme telefonlar\u0131 ve detayl\u0131 konumlar Geziyoo&#039;da.\" \/>\n<meta name=\"robots\" content=\"index, follow, max-snippet:-1, max-image-preview:large, max-video-preview:-1\" \/>\n<link rel=\"canonical\" href=\"https:\/\/geziyoo.co\/blog\/camliyayla-kamp-alanlari-ve-karavan-alanlari\/\" \/>\n<meta property=\"og:locale\" content=\"tr_TR\" \/>\n<meta property=\"og:type\" content=\"article\" \/>\n<meta property=\"og:title\" content=\"\u00c7aml\u0131yayla\u2019da En \u0130yi 4 Kamp Alan\u0131: \u00dccretli, \u00dccretsiz ve Tesisli | Geziyoo\" \/>\n<meta property=\"og:description\" content=\"\u00c7aml\u0131yayla (Namrun), Papaz\u0131n Bah\u00e7esi, Cehennemdere Vadisi ve Namrun Kalesi dahil \u00fccretli ve \u00fccretsiz 4 kamp alan\u0131n\u0131 listeledik. Komisyon yok! \u0130\u015fletme telefonlar\u0131 ve detayl\u0131 konumlar Geziyoo&#039;da.\" \/>\n<meta property=\"og:url\" content=\"https:\/\/geziyoo.co\/blog\/camliyayla-kamp-alanlari-ve-karavan-alanlari\/\" \/>\n<meta property=\"og:site_name\" content=\"Geziyoo.co\" \/>\n<meta property=\"article:publisher\" content=\"https:\/\/www.facebook.com\/Geziyooco\" \/>\n<meta property=\"article:author\" content=\"https:\/\/www.facebook.com\/geziyoo.co\" \/>\n<meta property=\"article:published_time\" content=\"2022-04-04T13:25:02+00:00\" \/>\n<meta property=\"article:modified_time\" content=\"2026-01-28T10:39:23+00:00\" \/>\n<meta property=\"og:image\" content=\"https:\/\/geziyoo.co\/blog\/wp-content\/uploads\/2022\/04\/cehennem-deresi-kamp-alanlari.png\" \/>\n\t<meta property=\"og:image:width\" content=\"819\" \/>\n\t<meta property=\"og:image:height\" content=\"621\" \/>\n\t<meta property=\"og:image:type\" content=\"image\/png\" \/>\n<meta name=\"author\" content=\"Geziyoo\" \/>\n<meta name=\"twitter:card\" content=\"summary_large_image\" \/>\n<meta name=\"twitter:creator\" content=\"@https:\/\/twitter.com\/geziyoo\" \/>\n<meta name=\"twitter:site\" content=\"@geziyoo\" \/>\n<meta name=\"twitter:label1\" content=\"Yazan:\" \/>\n\t<meta name=\"twitter:data1\" content=\"Geziyoo\" \/>\n\t<meta name=\"twitter:label2\" content=\"Tahmini okuma s\u00fcresi\" \/>\n\t<meta name=\"twitter:data2\" content=\"8 dakika\" \/>\n<script type=\"application\/ld+json\" class=\"yoast-schema-graph\">{\"@context\":\"https:\/\/schema.org\",\"@graph\":[{\"@type\":\"Article\",\"@id\":\"https:\/\/geziyoo.co\/blog\/camliyayla-kamp-alanlari-ve-karavan-alanlari\/#article\",\"isPartOf\":{\"@id\":\"https:\/\/geziyoo.co\/blog\/camliyayla-kamp-alanlari-ve-karavan-alanlari\/\"},\"author\":{\"name\":\"Geziyoo\",\"@id\":\"https:\/\/geziyoo.co\/blog\/#\/schema\/person\/032acb2436540ed14784e7d978aef0e4\"},\"headline\":\"\u00c7aml\u0131yayla Geneli \u00dccretli ve \u00dccretsiz 4+ Kamp Alan\u0131 (\u0130leti\u015fim ve Konum)\",\"datePublished\":\"2022-04-04T13:25:02+00:00\",\"dateModified\":\"2026-01-28T10:39:23+00:00\",\"mainEntityOfPage\":{\"@id\":\"https:\/\/geziyoo.co\/blog\/camliyayla-kamp-alanlari-ve-karavan-alanlari\/\"},\"wordCount\":1562,\"commentCount\":0,\"publisher\":{\"@id\":\"https:\/\/geziyoo.co\/blog\/#organization\"},\"image\":{\"@id\":\"https:\/\/geziyoo.co\/blog\/camliyayla-kamp-alanlari-ve-karavan-alanlari\/#primaryimage\"},\"thumbnailUrl\":\"https:\/\/geziyoo.co\/blog\/wp-content\/uploads\/2022\/04\/cehennem-deresi-kamp-alanlari.png\",\"articleSection\":[\"Kamp\",\"Kamp Alanlar\u0131\"],\"inLanguage\":\"tr\",\"potentialAction\":[{\"@type\":\"CommentAction\",\"name\":\"Comment\",\"target\":[\"https:\/\/geziyoo.co\/blog\/camliyayla-kamp-alanlari-ve-karavan-alanlari\/#respond\"]}]},{\"@type\":\"WebPage\",\"@id\":\"https:\/\/geziyoo.co\/blog\/camliyayla-kamp-alanlari-ve-karavan-alanlari\/\",\"url\":\"https:\/\/geziyoo.co\/blog\/camliyayla-kamp-alanlari-ve-karavan-alanlari\/\",\"name\":\"\u00c7aml\u0131yayla\u2019da En \u0130yi 4 Kamp Alan\u0131: \u00dccretli, \u00dccretsiz ve Tesisli | Geziyoo\",\"isPartOf\":{\"@id\":\"https:\/\/geziyoo.co\/blog\/#website\"},\"primaryImageOfPage\":{\"@id\":\"https:\/\/geziyoo.co\/blog\/camliyayla-kamp-alanlari-ve-karavan-alanlari\/#primaryimage\"},\"image\":{\"@id\":\"https:\/\/geziyoo.co\/blog\/camliyayla-kamp-alanlari-ve-karavan-alanlari\/#primaryimage\"},\"thumbnailUrl\":\"https:\/\/geziyoo.co\/blog\/wp-content\/uploads\/2022\/04\/cehennem-deresi-kamp-alanlari.png\",\"datePublished\":\"2022-04-04T13:25:02+00:00\",\"dateModified\":\"2026-01-28T10:39:23+00:00\",\"description\":\"\u00c7aml\u0131yayla (Namrun), Papaz\u0131n Bah\u00e7esi, Cehennemdere Vadisi ve Namrun Kalesi dahil \u00fccretli ve \u00fccretsiz 4 kamp alan\u0131n\u0131 listeledik. Komisyon yok! \u0130\u015fletme telefonlar\u0131 ve detayl\u0131 konumlar Geziyoo'da.\",\"breadcrumb\":{\"@id\":\"https:\/\/geziyoo.co\/blog\/camliyayla-kamp-alanlari-ve-karavan-alanlari\/#breadcrumb\"},\"inLanguage\":\"tr\",\"potentialAction\":[{\"@type\":\"ReadAction\",\"target\":[\"https:\/\/geziyoo.co\/blog\/camliyayla-kamp-alanlari-ve-karavan-alanlari\/\"]}]},{\"@type\":\"ImageObject\",\"inLanguage\":\"tr\",\"@id\":\"https:\/\/geziyoo.co\/blog\/camliyayla-kamp-alanlari-ve-karavan-alanlari\/#primaryimage\",\"url\":\"https:\/\/geziyoo.co\/blog\/wp-content\/uploads\/2022\/04\/cehennem-deresi-kamp-alanlari.png\",\"contentUrl\":\"https:\/\/geziyoo.co\/blog\/wp-content\/uploads\/2022\/04\/cehennem-deresi-kamp-alanlari.png\",\"width\":819,\"height\":621},{\"@type\":\"BreadcrumbList\",\"@id\":\"https:\/\/geziyoo.co\/blog\/camliyayla-kamp-alanlari-ve-karavan-alanlari\/#breadcrumb\",\"itemListElement\":[{\"@type\":\"ListItem\",\"position\":1,\"name\":\"Ana sayfa\",\"item\":\"https:\/\/geziyoo.co\/blog\/\"},{\"@type\":\"ListItem\",\"position\":2,\"name\":\"\u00c7aml\u0131yayla Geneli \u00dccretli ve \u00dccretsiz 4+ Kamp Alan\u0131 (\u0130leti\u015fim ve Konum)\"}]},{\"@type\":\"WebSite\",\"@id\":\"https:\/\/geziyoo.co\/blog\/#website\",\"url\":\"https:\/\/geziyoo.co\/blog\/\",\"name\":\"Geziyoo Blog\",\"description\":\"GeziYoo Blog&#039;da T\u00fcrkiye&#039;nin en iyi kamp alanlar\u0131ndan bungalov tatillerine, karavan ipu\u00e7lar\u0131ndan gezi rehberlerine kadar her t\u00fcrl\u00fc do\u011fa deneyimini ke\u015ffedin.\",\"publisher\":{\"@id\":\"https:\/\/geziyoo.co\/blog\/#organization\"},\"potentialAction\":[{\"@type\":\"SearchAction\",\"target\":{\"@type\":\"EntryPoint\",\"urlTemplate\":\"https:\/\/geziyoo.co\/blog\/?s={search_term_string}\"},\"query-input\":{\"@type\":\"PropertyValueSpecification\",\"valueRequired\":true,\"valueName\":\"search_term_string\"}}],\"inLanguage\":\"tr\"},{\"@type\":\"Organization\",\"@id\":\"https:\/\/geziyoo.co\/blog\/#organization\",\"name\":\"Geziyoo.co\",\"url\":\"https:\/\/geziyoo.co\/blog\/\",\"logo\":{\"@type\":\"ImageObject\",\"inLanguage\":\"tr\",\"@id\":\"https:\/\/geziyoo.co\/blog\/#\/schema\/logo\/image\/\",\"url\":\"https:\/\/geziyoo.co\/blog\/wp-content\/uploads\/2025\/01\/Paragraf-metniniz-3.png\",\"contentUrl\":\"https:\/\/geziyoo.co\/blog\/wp-content\/uploads\/2025\/01\/Paragraf-metniniz-3.png\",\"width\":270,\"height\":50,\"caption\":\"Geziyoo.co\"},\"image\":{\"@id\":\"https:\/\/geziyoo.co\/blog\/#\/schema\/logo\/image\/\"},\"sameAs\":[\"https:\/\/www.facebook.com\/Geziyooco\",\"https:\/\/x.com\/geziyoo\",\"https:\/\/tr.pinterest.com\/geziyooco\/\",\"https:\/\/www.youtube.com\/@geziyoo\",\"https:\/\/www.instagram.com\/geziyoo.co\/\"]},{\"@type\":\"Person\",\"@id\":\"https:\/\/geziyoo.co\/blog\/#\/schema\/person\/032acb2436540ed14784e7d978aef0e4\",\"name\":\"Geziyoo\",\"image\":{\"@type\":\"ImageObject\",\"inLanguage\":\"tr\",\"@id\":\"https:\/\/geziyoo.co\/blog\/#\/schema\/person\/image\/\",\"url\":\"https:\/\/secure.gravatar.com\/avatar\/ae212a4514471fdb8cab6e5af4f3c99b940a2d0a16713ea0392c8d7c8a64f30a?s=96&d=mm&r=g\",\"contentUrl\":\"https:\/\/secure.gravatar.com\/avatar\/ae212a4514471fdb8cab6e5af4f3c99b940a2d0a16713ea0392c8d7c8a64f30a?s=96&d=mm&r=g\",\"caption\":\"Geziyoo\"},\"description\":\"Do\u011fa ile i\u00e7 i\u00e7e olabilece\u011finiz yerler,do\u011fa aktivite alanlar\u0131,kamp alanlar\u0131,bungalov oteller,Tiny House Oteller, Galampingler ve da\u011f evlerinin herkes i\u00e7in ula\u015f\u0131labilir olmas\u0131n\u0131 sa\u011flamak amac\u0131yla Geziyoo\u2019ya 2019 y\u0131l\u0131nda ba\u015flad\u0131k.Do\u011fal Tatil konseptini uygulayan en geni\u015f kapsaml\u0131 sitedir.\",\"sameAs\":[\"https:\/\/geziyoo.co\/\",\"https:\/\/www.facebook.com\/geziyoo.co\",\"https:\/\/www.instagram.com\/geziyoo.co\/\",\"https:\/\/tr.pinterest.com\/geziyooco\/\",\"https:\/\/x.com\/https:\/\/twitter.com\/geziyoo\",\"https:\/\/www.youtube.com\/channel\/UCdiSMa6pe17KEY7DP1Ug4ag\"]}]}<\/script>\n<!-- \/ Yoast SEO plugin. -->","yoast_head_json":{"title":"\u00c7aml\u0131yayla\u2019da En \u0130yi 4 Kamp Alan\u0131: \u00dccretli, \u00dccretsiz ve Tesisli | Geziyoo","description":"\u00c7aml\u0131yayla (Namrun), Papaz\u0131n Bah\u00e7esi, Cehennemdere Vadisi ve Namrun Kalesi dahil \u00fccretli ve \u00fccretsiz 4 kamp alan\u0131n\u0131 listeledik. Komisyon yok! \u0130\u015fletme telefonlar\u0131 ve detayl\u0131 konumlar Geziyoo'da.","robots":{"index":"index","follow":"follow","max-snippet":"max-snippet:-1","max-image-preview":"max-image-preview:large","max-video-preview":"max-video-preview:-1"},"canonical":"https:\/\/geziyoo.co\/blog\/camliyayla-kamp-alanlari-ve-karavan-alanlari\/","og_locale":"tr_TR","og_type":"article","og_title":"\u00c7aml\u0131yayla\u2019da En \u0130yi 4 Kamp Alan\u0131: \u00dccretli, \u00dccretsiz ve Tesisli | Geziyoo","og_description":"\u00c7aml\u0131yayla (Namrun), Papaz\u0131n Bah\u00e7esi, Cehennemdere Vadisi ve Namrun Kalesi dahil \u00fccretli ve \u00fccretsiz 4 kamp alan\u0131n\u0131 listeledik. Komisyon yok! \u0130\u015fletme telefonlar\u0131 ve detayl\u0131 konumlar Geziyoo'da.","og_url":"https:\/\/geziyoo.co\/blog\/camliyayla-kamp-alanlari-ve-karavan-alanlari\/","og_site_name":"Geziyoo.co","article_publisher":"https:\/\/www.facebook.com\/Geziyooco","article_author":"https:\/\/www.facebook.com\/geziyoo.co","article_published_time":"2022-04-04T13:25:02+00:00","article_modified_time":"2026-01-28T10:39:23+00:00","og_image":[{"width":819,"height":621,"url":"https:\/\/geziyoo.co\/blog\/wp-content\/uploads\/2022\/04\/cehennem-deresi-kamp-alanlari.png","type":"image\/png"}],"author":"Geziyoo","twitter_card":"summary_large_image","twitter_creator":"@https:\/\/twitter.com\/geziyoo","twitter_site":"@geziyoo","twitter_misc":{"Yazan:":"Geziyoo","Tahmini okuma s\u00fcresi":"8 dakika"},"schema":{"@context":"https:\/\/schema.org","@graph":[{"@type":"Article","@id":"https:\/\/geziyoo.co\/blog\/camliyayla-kamp-alanlari-ve-karavan-alanlari\/#article","isPartOf":{"@id":"https:\/\/geziyoo.co\/blog\/camliyayla-kamp-alanlari-ve-karavan-alanlari\/"},"author":{"name":"Geziyoo","@id":"https:\/\/geziyoo.co\/blog\/#\/schema\/person\/032acb2436540ed14784e7d978aef0e4"},"headline":"\u00c7aml\u0131yayla Geneli \u00dccretli ve \u00dccretsiz 4+ Kamp Alan\u0131 (\u0130leti\u015fim ve Konum)","datePublished":"2022-04-04T13:25:02+00:00","dateModified":"2026-01-28T10:39:23+00:00","mainEntityOfPage":{"@id":"https:\/\/geziyoo.co\/blog\/camliyayla-kamp-alanlari-ve-karavan-alanlari\/"},"wordCount":1562,"commentCount":0,"publisher":{"@id":"https:\/\/geziyoo.co\/blog\/#organization"},"image":{"@id":"https:\/\/geziyoo.co\/blog\/camliyayla-kamp-alanlari-ve-karavan-alanlari\/#primaryimage"},"thumbnailUrl":"https:\/\/geziyoo.co\/blog\/wp-content\/uploads\/2022\/04\/cehennem-deresi-kamp-alanlari.png","articleSection":["Kamp","Kamp Alanlar\u0131"],"inLanguage":"tr","potentialAction":[{"@type":"CommentAction","name":"Comment","target":["https:\/\/geziyoo.co\/blog\/camliyayla-kamp-alanlari-ve-karavan-alanlari\/#respond"]}]},{"@type":"WebPage","@id":"https:\/\/geziyoo.co\/blog\/camliyayla-kamp-alanlari-ve-karavan-alanlari\/","url":"https:\/\/geziyoo.co\/blog\/camliyayla-kamp-alanlari-ve-karavan-alanlari\/","name":"\u00c7aml\u0131yayla\u2019da En \u0130yi 4 Kamp Alan\u0131: \u00dccretli, \u00dccretsiz ve Tesisli | Geziyoo","isPartOf":{"@id":"https:\/\/geziyoo.co\/blog\/#website"},"primaryImageOfPage":{"@id":"https:\/\/geziyoo.co\/blog\/camliyayla-kamp-alanlari-ve-karavan-alanlari\/#primaryimage"},"image":{"@id":"https:\/\/geziyoo.co\/blog\/camliyayla-kamp-alanlari-ve-karavan-alanlari\/#primaryimage"},"thumbnailUrl":"https:\/\/geziyoo.co\/blog\/wp-content\/uploads\/2022\/04\/cehennem-deresi-kamp-alanlari.png","datePublished":"2022-04-04T13:25:02+00:00","dateModified":"2026-01-28T10:39:23+00:00","description":"\u00c7aml\u0131yayla (Namrun), Papaz\u0131n Bah\u00e7esi, Cehennemdere Vadisi ve Namrun Kalesi dahil \u00fccretli ve \u00fccretsiz 4 kamp alan\u0131n\u0131 listeledik. Komisyon yok! \u0130\u015fletme telefonlar\u0131 ve detayl\u0131 konumlar Geziyoo'da.","breadcrumb":{"@id":"https:\/\/geziyoo.co\/blog\/camliyayla-kamp-alanlari-ve-karavan-alanlari\/#breadcrumb"},"inLanguage":"tr","potentialAction":[{"@type":"ReadAction","target":["https:\/\/geziyoo.co\/blog\/camliyayla-kamp-alanlari-ve-karavan-alanlari\/"]}]},{"@type":"ImageObject","inLanguage":"tr","@id":"https:\/\/geziyoo.co\/blog\/camliyayla-kamp-alanlari-ve-karavan-alanlari\/#primaryimage","url":"https:\/\/geziyoo.co\/blog\/wp-content\/uploads\/2022\/04\/cehennem-deresi-kamp-alanlari.png","contentUrl":"https:\/\/geziyoo.co\/blog\/wp-content\/uploads\/2022\/04\/cehennem-deresi-kamp-alanlari.png","width":819,"height":621},{"@type":"BreadcrumbList","@id":"https:\/\/geziyoo.co\/blog\/camliyayla-kamp-alanlari-ve-karavan-alanlari\/#breadcrumb","itemListElement":[{"@type":"ListItem","position":1,"name":"Ana sayfa","item":"https:\/\/geziyoo.co\/blog\/"},{"@type":"ListItem","position":2,"name":"\u00c7aml\u0131yayla Geneli \u00dccretli ve \u00dccretsiz 4+ Kamp Alan\u0131 (\u0130leti\u015fim ve Konum)"}]},{"@type":"WebSite","@id":"https:\/\/geziyoo.co\/blog\/#website","url":"https:\/\/geziyoo.co\/blog\/","name":"Geziyoo Blog","description":"GeziYoo Blog&#039;da T\u00fcrkiye&#039;nin en iyi kamp alanlar\u0131ndan bungalov tatillerine, karavan ipu\u00e7lar\u0131ndan gezi rehberlerine kadar her t\u00fcrl\u00fc do\u011fa deneyimini ke\u015ffedin.","publisher":{"@id":"https:\/\/geziyoo.co\/blog\/#organization"},"potentialAction":[{"@type":"SearchAction","target":{"@type":"EntryPoint","urlTemplate":"https:\/\/geziyoo.co\/blog\/?s={search_term_string}"},"query-input":{"@type":"PropertyValueSpecification","valueRequired":true,"valueName":"search_term_string"}}],"inLanguage":"tr"},{"@type":"Organization","@id":"https:\/\/geziyoo.co\/blog\/#organization","name":"Geziyoo.co","url":"https:\/\/geziyoo.co\/blog\/","logo":{"@type":"ImageObject","inLanguage":"tr","@id":"https:\/\/geziyoo.co\/blog\/#\/schema\/logo\/image\/","url":"https:\/\/geziyoo.co\/blog\/wp-content\/uploads\/2025\/01\/Paragraf-metniniz-3.png","contentUrl":"https:\/\/geziyoo.co\/blog\/wp-content\/uploads\/2025\/01\/Paragraf-metniniz-3.png","width":270,"height":50,"caption":"Geziyoo.co"},"image":{"@id":"https:\/\/geziyoo.co\/blog\/#\/schema\/logo\/image\/"},"sameAs":["https:\/\/www.facebook.com\/Geziyooco","https:\/\/x.com\/geziyoo","https:\/\/tr.pinterest.com\/geziyooco\/","https:\/\/www.youtube.com\/@geziyoo","https:\/\/www.instagram.com\/geziyoo.co\/"]},{"@type":"Person","@id":"https:\/\/geziyoo.co\/blog\/#\/schema\/person\/032acb2436540ed14784e7d978aef0e4","name":"Geziyoo","image":{"@type":"ImageObject","inLanguage":"tr","@id":"https:\/\/geziyoo.co\/blog\/#\/schema\/person\/image\/","url":"https:\/\/secure.gravatar.com\/avatar\/ae212a4514471fdb8cab6e5af4f3c99b940a2d0a16713ea0392c8d7c8a64f30a?s=96&d=mm&r=g","contentUrl":"https:\/\/secure.gravatar.com\/avatar\/ae212a4514471fdb8cab6e5af4f3c99b940a2d0a16713ea0392c8d7c8a64f30a?s=96&d=mm&r=g","caption":"Geziyoo"},"description":"Do\u011fa ile i\u00e7 i\u00e7e olabilece\u011finiz yerler,do\u011fa aktivite alanlar\u0131,kamp alanlar\u0131,bungalov oteller,Tiny House Oteller, Galampingler ve da\u011f evlerinin herkes i\u00e7in ula\u015f\u0131labilir olmas\u0131n\u0131 sa\u011flamak amac\u0131yla Geziyoo\u2019ya 2019 y\u0131l\u0131nda ba\u015flad\u0131k.Do\u011fal Tatil konseptini uygulayan en geni\u015f kapsaml\u0131 sitedir.","sameAs":["https:\/\/geziyoo.co\/","https:\/\/www.facebook.com\/geziyoo.co","https:\/\/www.instagram.com\/geziyoo.co\/","https:\/\/tr.pinterest.com\/geziyooco\/","https:\/\/x.com\/https:\/\/twitter.com\/geziyoo","https:\/\/www.youtube.com\/channel\/UCdiSMa6pe17KEY7DP1Ug4ag"]}]}},"amp_enabled":true,"_links":{"self":[{"href":"https:\/\/geziyoo.co\/blog\/wp-json\/wp\/v2\/posts\/9718","targetHints":{"allow":["GET"]}}],"collection":[{"href":"https:\/\/geziyoo.co\/blog\/wp-json\/wp\/v2\/posts"}],"about":[{"href":"https:\/\/geziyoo.co\/blog\/wp-json\/wp\/v2\/types\/post"}],"author":[{"embeddable":true,"href":"https:\/\/geziyoo.co\/blog\/wp-json\/wp\/v2\/users\/1"}],"replies":[{"embeddable":true,"href":"https:\/\/geziyoo.co\/blog\/wp-json\/wp\/v2\/comments?post=9718"}],"version-history":[{"count":0,"href":"https:\/\/geziyoo.co\/blog\/wp-json\/wp\/v2\/posts\/9718\/revisions"}],"wp:featuredmedia":[{"embeddable":true,"href":"https:\/\/geziyoo.co\/blog\/wp-json\/wp\/v2\/media\/9722"}],"wp:attachment":[{"href":"https:\/\/geziyoo.co\/blog\/wp-json\/wp\/v2\/media?parent=9718"}],"wp:term":[{"taxonomy":"category","embeddable":true,"href":"https:\/\/geziyoo.co\/blog\/wp-json\/wp\/v2\/categories?post=9718"},{"taxonomy":"post_tag","embeddable":true,"href":"https:\/\/geziyoo.co\/blog\/wp-json\/wp\/v2\/tags?post=9718"}],"curies":[{"name":"wp","href":"https:\/\/api.w.org\/{rel}","templated":true}]}}