{"id":9080,"date":"2022-01-28T04:57:06","date_gmt":"2022-01-28T04:57:06","guid":{"rendered":"https:\/\/geziyoo.co\/blog\/?p=9080"},"modified":"2026-01-28T09:27:41","modified_gmt":"2026-01-28T09:27:41","slug":"iznik-kamp-alanlari-ve-karavan-alanlari","status":"publish","type":"post","link":"https:\/\/geziyoo.co\/blog\/iznik-kamp-alanlari-ve-karavan-alanlari\/","title":{"rendered":"\u0130znik Geneli \u00dccretli ve \u00dccretsiz 10+ Kamp Alan\u0131 (\u0130leti\u015fim ve Konum)"},"content":{"rendered":"\n<p><strong>\u0130znik<\/strong>, tarihin en \u00f6nemli kons\u00fcllerine ev sahipli\u011fi yapm\u0131\u015f surlar\u0131, d\u00fcnyaca \u00fcnl\u00fc \u00e7inileri ve T\u00fcrkiye\u2019nin en b\u00fcy\u00fck 5. g\u00f6l\u00fc olan \u0130znik G\u00f6l\u00fc ile kamp\u00e7\u0131lar i\u00e7in hem k\u00fclt\u00fcrel hem do\u011fal bir mirast\u0131r. \u00d6zellikle g\u00f6l\u00fcn do\u011fusundan batan g\u00fcne\u015fi izlemek bir rit\u00fcel gibidir; suyun rengi turuncudan mora d\u00f6nerken \u00e7ad\u0131r\u0131n\u0131z\u0131n \u00f6n\u00fcnde oturmak paha bi\u00e7ilemez bir deneyimdir. Ayr\u0131ca do\u011fa sporlar\u0131n\u0131 sevenler i\u00e7in Sansarak Kanyonu, Marmara B\u00f6lgesi\u2019nin en zorlu ve keyifli trekking rotalar\u0131n\u0131 sunar. Ancak g\u00f6l \u00e7evresinin pop\u00fclerli\u011fi nedeniyle &#8220;G\u00f6l kenar\u0131nda sinek sorunu var m\u0131?&#8221;, &#8220;Karavan i\u00e7in g\u00fcvenli park alan\u0131 neresi?&#8221;, &#8220;Kanyonda kamp yap\u0131l\u0131yor mu?&#8221; sorular\u0131 kafan\u0131z\u0131 kurcalayabilir.<\/p>\n\n\n\n<p>Biz Geziyoo olarak, hafta sonu planlar\u0131n\u0131zda arac\u0131lar\u0131 tamamen aradan \u00e7\u0131kard\u0131k ve \u0130znik\u2019in en keyifli kamp rehberini haz\u0131rlad\u0131k. Listemizde hem <strong>hi\u00e7bir \u00fccret \u00f6demeden<\/strong> g\u00f6l\u00fcn hemen dibinde veya yaylalarda kalabilece\u011finiz do\u011fal alanlar\u0131, hem de <strong>elektrik, du\u015f, \u015fezlong ve restoran<\/strong> imkan\u0131 sunan g\u00f6l \u015feridindeki pop\u00fcler kamping i\u015fletmelerini bir araya getirdik. Sizi i\u015fletme yetkilileriyle <strong>do\u011frudan g\u00f6r\u00fc\u015ft\u00fcren<\/strong>, gitmeden \u00f6nce konum ve doluluk bilgisini <strong>teyit etmenizi sa\u011flayan<\/strong> telefon numaralar\u0131n\u0131 i\u00e7eri\u011fimize ekledik.<\/p>\n\n\n\n<p>\u0130ster s\u0131rt \u00e7antan\u0131z\u0131 al\u0131p <strong>\u00fccretsiz<\/strong> bir zeytinlik aras\u0131nda g\u00f6l\u00fc seyredin, ister ailenizle <strong>tesisli<\/strong> bir plaj kamp\u0131nda konforu ya\u015fay\u0131n; yola \u00e7\u0131kmadan \u00f6nce listedeki numaralardan bilgi almay\u0131 unutmay\u0131n. \u0130\u015fte \u0130znik\u2019in en sevilen kamp duraklar\u0131<\/p>\n\n\n\n<p>Unutmadan Bursa ve \u0130znik haricinde Kamp Alan\u0131, Bungalov veya Da\u011f evi ar\u0131yorsan\u0131z ,&nbsp;<a rel=\"noreferrer noopener\" href=\"https:\/\/geziyoo.co\/?select=Karavan+Kamp%C4%B1&amp;lp_s_loc=&amp;lp_s_tag=&amp;lp_s_cat=229&amp;s=home&amp;post_type=listing\" target=\"_blank\"><em><strong>500\u2019den fazla Kamp ve Karavan Yeri<\/strong>&nbsp;<\/em><\/a>sayfam\u0131za bakman\u0131z\u0131 tavsiye diyoruz.<\/p>\n\n\n\n<hr class=\"wp-block-separator has-css-opacity is-style-wide\"\/>\n\n\n\n<h3 class=\"wp-block-heading\" id=\"iznik-ucretli-kamp-alanlari\">\u0130znik \u00dccretli Kamp Alanlar\u0131<\/h3>\n\n\n\n<h2 class=\"wp-block-heading\" id=\"1-doga-muhit-camping\">1.Do\u011fa Muhit Camping<\/h2>\n\n\n\n<figure class=\"wp-block-image size-large\"><img decoding=\"async\" width=\"800\" height=\"800\" data-src=\"https:\/\/geziyoo.co\/blog\/wp-content\/uploads\/2022\/01\/Izmik-Kamp-Alanlari.jpg\" alt=\"\u0130znik Kamp Alanlar\u0131 ve Karavan Alanlar\u0131\" class=\"wp-image-9083 lazyload\" data-srcset=\"https:\/\/geziyoo.co\/blog\/wp-content\/uploads\/2022\/01\/Izmik-Kamp-Alanlari.jpg 800w, https:\/\/geziyoo.co\/blog\/wp-content\/uploads\/2022\/01\/Izmik-Kamp-Alanlari-300x300.jpg 300w, https:\/\/geziyoo.co\/blog\/wp-content\/uploads\/2022\/01\/Izmik-Kamp-Alanlari-150x150.jpg 150w, https:\/\/geziyoo.co\/blog\/wp-content\/uploads\/2022\/01\/Izmik-Kamp-Alanlari-768x768.jpg 768w\" data-sizes=\"(max-width: 800px) 100vw, 800px\" src=\"data:image\/gif;base64,R0lGODlhAQABAAAAACH5BAEKAAEALAAAAAABAAEAAAICTAEAOw==\" style=\"--smush-placeholder-width: 800px; --smush-placeholder-aspect-ratio: 800\/800;\" \/><\/figure>\n\n\n\n<p><strong>\u0130znik G\u00f6l\u00fc&#8217;n\u00fcn turkuaz sular\u0131n\u0131n k\u0131y\u0131s\u0131nda uzanan Do\u011fa Muhit Kamping, do\u011faseverler ve kamp\u00e7\u0131lar i\u00e7in ideal bir destinasyon.<\/strong> Ye\u015filin ve mavinin bulu\u015ftu\u011fu bu cennet k\u00f6\u015fesinde, unutulmaz bir kamp deneyimi ya\u015fayabilirsiniz.<\/p>\n\n\n\n<p><strong>Do\u011fa Muhit Kamping&#8217;in sundu\u011fu imkanlar \u015funlard\u0131r:<\/strong><\/p>\n\n\n\n<ul class=\"wp-block-list\">\n<li><strong>\u00c7ad\u0131r ve karavan kamp\u0131:<\/strong>&nbsp;Farkl\u0131 b\u00fcy\u00fckl\u00fcklerde \u00e7ad\u0131r ve karavanlar i\u00e7in geni\u015f bir alan mevcuttur<\/li>\n\n\n\n<li><strong>Restoran:<\/strong>&nbsp;Kamp alan\u0131nda lezzetli yemekler ve i\u00e7ecekler sunan bir restoran bulunmaktad\u0131r.<\/li>\n\n\n\n<li><strong>WC, elektrik, \u00e7e\u015fme, du\u015f ve s\u0131cak su:<\/strong>&nbsp;Kamp alan\u0131nda t\u00fcm temel ihtiya\u00e7lar\u0131n\u0131z\u0131 kar\u015f\u0131layabilece\u011finiz tesisler mevcuttur.<\/li>\n\n\n\n<li><strong>Ate\u015f yak\u0131labilir alanlar:<\/strong>&nbsp;Kamp alan\u0131nda kamp ate\u015fleri yakmak i\u00e7in \u00f6zel olarak belirlenmi\u015f alanlar bulunmaktad\u0131r.<\/li>\n\n\n\n<li><strong>G\u00f6le girilebilir alanlar:<\/strong>&nbsp;G\u00f6l\u00fcn serin sular\u0131nda y\u00fczmenin ve g\u00fcne\u015flenmenin keyfini \u00e7\u0131karabilirsiniz.<\/li>\n\n\n\n<li><strong>Y\u00fcr\u00fcy\u00fc\u015f parkurlar\u0131:<\/strong>&nbsp;Kamp alan\u0131nda do\u011fayla i\u00e7 i\u00e7e y\u00fcr\u00fcy\u00fc\u015fler yapabilece\u011finiz parkurlar bulunmaktad\u0131r.<\/li>\n\n\n\n<li><strong>Kahvalt\u0131 servisi:<\/strong>&nbsp;Kamp alan\u0131nda kahvalt\u0131 servisi de sunulmaktad\u0131r.<\/li>\n<\/ul>\n\n\n\n<p><strong>Do\u011fa Muhit Kamping&#8217;e gitmeden \u00f6nce:<\/strong><\/p>\n\n\n\n<ul class=\"wp-block-list\">\n<li>Kamp alan\u0131na gitmeden \u00f6nce rezervasyon yapt\u0131rman\u0131z tavsiye edilir.<\/li>\n\n\n\n<li>Yan\u0131n\u0131zda gerekli kamp malzemelerini ve giysilerinizi bulundurun.<\/li>\n\n\n\n<li>G\u00fcne\u015f kremi, \u015fapka ve g\u00fcne\u015f g\u00f6zl\u00fc\u011f\u00fc gibi g\u00fcne\u015ften korunma \u00fcr\u00fcnlerini unutmay\u0131n.<\/li>\n\n\n\n<li>Bol bol b\u00f6cek kovucu kullan\u0131n.<\/li>\n\n\n\n<li>\u00c7evreyi temiz tutun ve \u00e7\u00f6plerinizi geride b\u0131rakmay\u0131n.<\/li>\n<\/ul>\n\n\n\n<p><strong>Do\u011fa Muhit Kamping&#8217;de kamp yapmak, do\u011fayla i\u00e7 i\u00e7e olmak ve \u015fehrin stresinden uzakla\u015fmak i\u00e7in ideal bir f\u0131rsatt\u0131r.<\/strong> \u0130znik G\u00f6l\u00fc&#8217;n\u00fcn muhte\u015fem manzaras\u0131n\u0131n keyfini \u00e7\u0131kar\u0131rken, unutulmaz bir kamp deneyimi ya\u015fayabilirsiniz<\/p>\n\n\n\n<hr class=\"wp-block-separator has-css-opacity is-style-wide\"\/>\n\n\n\n<ul class=\"wp-block-list\">\n<li><strong><strong>Dikey DDo\u011fa Muhit Camping<\/strong> Adres<\/strong>: G\u00f6ll\u00fcce, G\u00f6ll\u00fcce K\u00f6y\u00fc \u0130\u00e7 Yolu, 16860 \u0130znik\/Bursa<\/li>\n\n\n\n<li><strong><strong>Do\u011fa Muhit Camping<\/strong><\/strong> <strong>Telefon<\/strong>:0551 213 68 69 <\/li>\n\n\n\n<li><strong><strong>Do\u011fa Muhit Camping<\/strong> Detayl\u0131 Bilgi :<\/strong>&nbsp;<em><strong><strong><a href=\"https:\/\/geziyoo.co\/listing\/doga-muhit-camping\/\">Do\u011fa Muhit Camping<\/a><\/strong><\/strong><\/em><\/li>\n\n\n\n<li><strong><strong>Do\u011fa Muhit Camping<\/strong> Konumu:<\/strong>&nbsp;<em><strong><a href=\"https:\/\/www.google.com\/maps\/dir\/\/40.3825605,29.5931692\/@40.3823592,29.5227631,12z\">Konum<\/a><\/strong>&nbsp;<\/em>ba\u011flant\u0131s\u0131na t\u0131klay\u0131n<\/li>\n<\/ul>\n\n\n\n<hr class=\"wp-block-separator has-css-opacity is-style-wide\"\/>\n\n\n\n<h2 class=\"wp-block-heading\" id=\"2-dikey-dunya-doga-evi-ve-kamp-alani\">2.Dikey D\u00fcnya Do\u011fa Evi ve Kamp Alan\u0131<\/h2>\n\n\n\n<figure class=\"wp-block-image size-large\"><img decoding=\"async\" width=\"1000\" height=\"667\" data-src=\"https:\/\/geziyoo.co\/blog\/wp-content\/uploads\/2022\/01\/Dikey-Dunya-Doga-Evi-2.jpg\" alt=\"\" class=\"wp-image-9082 lazyload\" data-srcset=\"https:\/\/geziyoo.co\/blog\/wp-content\/uploads\/2022\/01\/Dikey-Dunya-Doga-Evi-2.jpg 1000w, https:\/\/geziyoo.co\/blog\/wp-content\/uploads\/2022\/01\/Dikey-Dunya-Doga-Evi-2-300x200.jpg 300w, https:\/\/geziyoo.co\/blog\/wp-content\/uploads\/2022\/01\/Dikey-Dunya-Doga-Evi-2-768x512.jpg 768w\" data-sizes=\"(max-width: 1000px) 100vw, 1000px\" src=\"data:image\/gif;base64,R0lGODlhAQABAAAAACH5BAEKAAEALAAAAAABAAEAAAICTAEAOw==\" style=\"--smush-placeholder-width: 1000px; --smush-placeholder-aspect-ratio: 1000\/667;\" \/><\/figure>\n\n\n\n<p><strong>\u0130znik&#8217;in do\u011fal g\u00fczellikleri aras\u0131nda yer alan Dikey D\u00fcnya Do\u011fa Evi ve Kamp Alan\u0131, do\u011faseverler ve kamp\u00e7\u0131lar i\u00e7in ideal bir destinasyon.<\/strong> Hem \u00e7ad\u0131r kamp\u0131 hem de karavan kamp\u0131 i\u00e7in uygun olan bu i\u015fletme, bungalov evlerde konaklama se\u00e7ene\u011fi de sunmaktad\u0131r.<\/p>\n\n\n\n<p><strong>Dikey D\u00fcnya Do\u011fa Evi ve Kamp Alan\u0131&#8217;n\u0131n sundu\u011fu imkanlar \u015funlard\u0131r:<\/strong><\/p>\n\n\n\n<ul class=\"wp-block-list\">\n<li><strong>\u00c7ad\u0131r ve karavan kamp\u0131:<\/strong>&nbsp;Farkl\u0131 b\u00fcy\u00fckl\u00fcklerde \u00e7ad\u0131r ve karavanlar i\u00e7in geni\u015f bir alan mevcuttur<\/li>\n\n\n\n<li><strong>Bungalov evler:<\/strong>&nbsp;Konforlu bir konaklama deneyimi i\u00e7in bungalov evler de tercih edilebilir.<\/li>\n\n\n\n<li><strong>Ortak kullan\u0131m WC, du\u015f ve elektrik:<\/strong>&nbsp;Kamp alan\u0131nda t\u00fcm temel ihtiya\u00e7lar\u0131n\u0131z\u0131 kar\u015f\u0131layabilece\u011finiz tesisler mevcuttur.<\/li>\n\n\n\n<li><strong>Yeterli \u00e7ad\u0131r ve karavan kamp alan\u0131:<\/strong>&nbsp;Kamp alan\u0131nda kalabal\u0131ktan uzak, sakin bir \u015fekilde kamp yapabilece\u011finiz alanlar bulunmaktad\u0131r.<\/li>\n\n\n\n<li><strong>Sabah kahvalt\u0131s\u0131:<\/strong>&nbsp;\u0130\u015fletme \u00fccretli olarak sabah kahvalt\u0131s\u0131 hizmeti sunmaktad\u0131r.<\/li>\n\n\n\n<li><strong>Ortak kullan\u0131m mutfa\u011f\u0131:<\/strong>&nbsp;Di\u011fer \u00f6\u011f\u00fcnler i\u00e7in kamp alan\u0131nda bulunan ortak kullan\u0131ma a\u00e7\u0131k mutfakta yemeklerinizi haz\u0131rlayabilirsiniz.<\/li>\n\n\n\n<li><strong>Mangal alan\u0131:<\/strong>&nbsp;Kamp alan\u0131nda mangal yakmak i\u00e7in \u00f6zel olarak belirlenmi\u015f alanlar bulunmaktad\u0131r.<\/li>\n\n\n\n<li><strong>Do\u011fa y\u00fcr\u00fcy\u00fc\u015fleri:<\/strong>&nbsp;Kamp alan\u0131nda ve \u00e7evresinde do\u011fayla i\u00e7 i\u00e7e y\u00fcr\u00fcy\u00fc\u015fler yapabilece\u011finiz parkurlar bulunmaktad\u0131r.<\/li>\n<\/ul>\n\n\n\n<hr class=\"wp-block-separator has-css-opacity is-style-wide\"\/>\n\n\n\n<ul class=\"wp-block-list\">\n<li><strong>Dikey D\u00fcnya<\/strong> Kamp Alan\u0131<strong> Adres<\/strong>&nbsp;:&nbsp;<a>&nbsp;\u00c7amoluk, 16860 \u0130znik\/Bursa, T\u00fcrkiye<\/a><\/li>\n\n\n\n<li><strong><strong>Dikey D\u00fcnya<\/strong> Kamp Alan\u0131 Telefon<\/strong>&nbsp;: 0555 501 55 23<\/li>\n\n\n\n<li><strong><strong>Dikey D\u00fcnya<\/strong> Kamp Alan\u0131 Detayl\u0131 Bilgi :<\/strong>&nbsp;<em><strong><a href=\"https:\/\/geziyoo.co\/listing\/dikey-dunya-doga-evi\/\"><strong>Dikey D\u00fcnya<\/strong> Kamp Alan\u0131<\/a><\/strong><\/em><\/li>\n\n\n\n<li><strong><strong>Dikey D\u00fcnya<\/strong> Kamp Alan\u0131 Konumu:<\/strong>&nbsp;<em><strong><a href=\"https:\/\/www.google.com\/maps\/dir\/\/40.389869,29.776466\/@40.3898347,29.706426,12z\">Konum<\/a><\/strong>&nbsp;<\/em>ba\u011flant\u0131s\u0131na t\u0131klay\u0131n<\/li>\n<\/ul>\n\n\n\n<hr class=\"wp-block-separator has-css-opacity is-style-wide\"\/>\n\n\n\n<h2 class=\"wp-block-heading\" id=\"3-dostum-bungalov-ve-kamp-alani\">3.Dostum Bungalov ve Kamp Alan\u0131<\/h2>\n\n\n\n<figure class=\"wp-block-image size-large\"><img decoding=\"async\" width=\"800\" height=\"533\" data-src=\"https:\/\/geziyoo.co\/blog\/wp-content\/uploads\/2022\/01\/Iznik-Bungalov-Oteller-ve-Iznik-Bungalov-Evler-2.jpg\" alt=\"\" class=\"wp-image-9065 lazyload\" data-srcset=\"https:\/\/geziyoo.co\/blog\/wp-content\/uploads\/2022\/01\/Iznik-Bungalov-Oteller-ve-Iznik-Bungalov-Evler-2.jpg 800w, https:\/\/geziyoo.co\/blog\/wp-content\/uploads\/2022\/01\/Iznik-Bungalov-Oteller-ve-Iznik-Bungalov-Evler-2-300x200.jpg 300w, https:\/\/geziyoo.co\/blog\/wp-content\/uploads\/2022\/01\/Iznik-Bungalov-Oteller-ve-Iznik-Bungalov-Evler-2-768x512.jpg 768w\" data-sizes=\"(max-width: 800px) 100vw, 800px\" src=\"data:image\/gif;base64,R0lGODlhAQABAAAAACH5BAEKAAEALAAAAAABAAEAAAICTAEAOw==\" style=\"--smush-placeholder-width: 800px; --smush-placeholder-aspect-ratio: 800\/533;\" \/><\/figure>\n\n\n\n<p><strong>\u0130znik&#8217;in do\u011fal g\u00fczellikleri aras\u0131nda yer alan Dostum Bungalov, do\u011faseverler ve kamp\u00e7\u0131lar i\u00e7in ideal bir destinasyon.<\/strong> Hem bungalov evlerde konaklama hem de \u00e7ad\u0131r ve karavan kamp\u0131 i\u00e7in uygun olan bu i\u015fletme, konforlu ve keyifli bir kamp deneyimi sunmaktad\u0131r.<\/p>\n\n\n\n<p><strong>Dostum Bungalov&#8217;un sundu\u011fu imkanlar \u015funlard\u0131r:<\/strong><\/p>\n\n\n\n<p><strong>Bungalov Evler:<\/strong><\/p>\n\n\n\n<ul class=\"wp-block-list\">\n<li>Konforlu ve modern bungalov evlerde aileniz ve sevdiklerinizle keyifli bir konaklama imkan\u0131na sahip olabilirsiniz.<\/li>\n\n\n\n<li>Her bungalov evde \u00f6zel banyo,&nbsp;mutfak,&nbsp;oturma alan\u0131 ve veranda bulunmaktad\u0131r.<\/li>\n\n\n\n<li>Bungalov evlerde klima ve Wi-Fi gibi imkanlar da mevcuttur.<\/li>\n<\/ul>\n\n\n\n<p><strong>\u00c7ad\u0131r ve Karavan Kamp\u0131:<\/strong><\/p>\n\n\n\n<ul class=\"wp-block-list\">\n<li>Farkl\u0131 b\u00fcy\u00fckl\u00fcklerde \u00e7ad\u0131r ve karavanlar i\u00e7in geni\u015f bir kamp alan\u0131 mevcuttur.<\/li>\n\n\n\n<li>Kamp alan\u0131nda elektrik,&nbsp;su ve tuvalet gibi temel ihtiya\u00e7lar\u0131n\u0131z\u0131 kar\u015f\u0131layabilece\u011finiz tesisler bulunmaktad\u0131r.<\/li>\n\n\n\n<li>\u00c7ad\u0131r ve karavan kamp\u0131 i\u00e7in g\u00f6lgelik alanlar da mevcuttur.<\/li>\n<\/ul>\n\n\n\n<p><strong>Di\u011fer Olanaklar:<\/strong><\/p>\n\n\n\n<ul class=\"wp-block-list\">\n<li><strong>Yemek Yapma Alan\u0131:<\/strong>&nbsp;Kamp alan\u0131nda ortak kullan\u0131ma a\u00e7\u0131k mutfakta yemeklerinizi haz\u0131rlayabilirsiniz.<\/li>\n\n\n\n<li><strong>Kamelyalar:<\/strong>&nbsp;Mangal yakmak ve dinlenmek i\u00e7in kamelyalar da kamp alan\u0131nda mevcuttur.<\/li>\n\n\n\n<li><strong>\u00c7ocuk Oyun Alan\u0131:<\/strong>&nbsp;\u00c7ocuklar\u0131n\u0131z i\u00e7in g\u00fcvenli ve e\u011flenceli bir oyun alan\u0131 da bulunmaktad\u0131r.<\/li>\n\n\n\n<li><strong>Do\u011fa Y\u00fcr\u00fcy\u00fc\u015fleri:<\/strong>&nbsp;Kamp alan\u0131nda ve \u00e7evresinde do\u011fayla i\u00e7 i\u00e7e y\u00fcr\u00fcy\u00fc\u015fler yapabilece\u011finiz parkurlar bulunmaktad\u0131r.<\/li>\n\n\n\n<li><strong>G\u00f6l Keyfi:<\/strong>&nbsp;\u0130znik G\u00f6l\u00fc&#8217;nde y\u00fczmenin ve g\u00fcne\u015flenmenin keyfini \u00e7\u0131karabilirsiniz.<\/li>\n<\/ul>\n\n\n\n<hr class=\"wp-block-separator has-css-opacity is-style-wide\"\/>\n\n\n\n<ul class=\"wp-block-list\">\n<li><strong><strong>Dostum Bungalov ve Kamp Alan\u0131<\/strong><\/strong> <strong>Adres<\/strong>&nbsp;: Yenicek\u00f6y Balkan Cad. Yenice Park\u0131, 16440 \u0130neg\u00f6l\/Bursa<\/li>\n\n\n\n<li><strong><strong>Dostum Bungalov ve Kamp Alan\u0131<\/strong><\/strong> <strong>Telefon<\/strong>&nbsp;: 0224 777 05 50<\/li>\n\n\n\n<li><strong><strong>Dostum Bungalov ve Kamp Alan\u0131<\/strong><\/strong> <strong>Detayl\u0131 Bilgi :<\/strong>&nbsp;<em><strong><strong><a href=\"https:\/\/geziyoo.co\/listing\/dostum-bungalov\/\">Dostum Bungalov ve Kamp Alan\u0131<\/a><\/strong><\/strong><\/em><\/li>\n\n\n\n<li><strong><strong>Dostum Bungalov ve Kamp Alan\u0131<\/strong> Konumu:<\/strong>&nbsp;<em><a href=\"https:\/\/www.google.com\/maps\/dir\/\/40.1019012,29.4190628\/@40.1638712,29.0669017,9.75z\"><strong>Konum<\/strong>&nbsp;<\/a><\/em>ba\u011flant\u0131s\u0131na t\u0131klay\u0131n<\/li>\n<\/ul>\n\n\n\n<hr class=\"wp-block-separator has-css-opacity is-style-wide\"\/>\n\n\n\n<h2 class=\"wp-block-heading\" id=\"4-iznik-eko-turizm-tesisleri-bungalov\">4.\u0130znik Eko Turizm Tesisleri Bungalov<\/h2>\n\n\n\n<figure class=\"wp-block-image size-large is-resized\"><img decoding=\"async\" width=\"600\" height=\"800\" data-src=\"https:\/\/geziyoo.co\/blog\/wp-content\/uploads\/2022\/01\/Iznik-Kamp-Alanlari.jpg\" alt=\"\" class=\"wp-image-9084 lazyload\" style=\"--smush-placeholder-width: 600px; --smush-placeholder-aspect-ratio: 600\/800;width:750px\" data-srcset=\"https:\/\/geziyoo.co\/blog\/wp-content\/uploads\/2022\/01\/Iznik-Kamp-Alanlari.jpg 600w, https:\/\/geziyoo.co\/blog\/wp-content\/uploads\/2022\/01\/Iznik-Kamp-Alanlari-225x300.jpg 225w\" data-sizes=\"(max-width: 600px) 100vw, 600px\" src=\"data:image\/gif;base64,R0lGODlhAQABAAAAACH5BAEKAAEALAAAAAABAAEAAAICTAEAOw==\" \/><\/figure>\n\n\n\n<p><strong>\u0130znik&#8217;in do\u011fal g\u00fczellikleri aras\u0131nda yer alan \u0130znik Eko Turizm Tesisleri, do\u011faseverler ve kamp\u00e7\u0131lar i\u00e7in ideal bir destinasyon.<\/strong> Muhte\u015fem bir manzaraya sahip olan bu kamp alan\u0131, her y\u0131l binlerce ziyaret\u00e7iyi kendine \u00e7ekmektedir.<\/p>\n\n\n\n<p><strong>\u0130znik Eko Turizm Tesisleri&#8217;nin sundu\u011fu imkanlar \u015funlard\u0131r:<\/strong><\/p>\n\n\n\n<p><strong>\u00c7ad\u0131r ve Karavan Kamp\u0131:<\/strong><\/p>\n\n\n\n<ul class=\"wp-block-list\">\n<li>Farkl\u0131 b\u00fcy\u00fckl\u00fcklerde \u00e7ad\u0131r ve karavanlar i\u00e7in geni\u015f bir kamp alan\u0131 mevcuttur<\/li>\n\n\n\n<li>Kamp alan\u0131nda elektrik,&nbsp;su ve tuvalet gibi temel ihtiya\u00e7lar\u0131n\u0131z\u0131 kar\u015f\u0131layabilece\u011finiz tesisler bulunmaktad\u0131r.<\/li>\n\n\n\n<li>\u00c7ad\u0131r ve karavan kamp\u0131 i\u00e7in g\u00f6lgelik alanlar da mevcuttur.<\/li>\n<\/ul>\n\n\n\n<p><strong>Bungalov Evler:<\/strong><\/p>\n\n\n\n<ul class=\"wp-block-list\">\n<li>Konforlu ve modern bungalov evlerde aileniz ve sevdiklerinizle keyifli bir konaklama imkan\u0131na sahip olabilirsiniz.<\/li>\n\n\n\n<li>Her bungalov evde \u00f6zel banyo,&nbsp;mutfak,&nbsp;oturma alan\u0131 ve veranda bulunmaktad\u0131r.<\/li>\n\n\n\n<li>Bungalov evlerde klima ve Wi-Fi gibi imkanlar da mevcuttur.<\/li>\n<\/ul>\n\n\n\n<p><strong>Di\u011fer Olanaklar:<\/strong><\/p>\n\n\n\n<ul class=\"wp-block-list\">\n<li><strong>Restoran:<\/strong>&nbsp;Kamp alan\u0131nda lezzetli yemekler ve i\u00e7ecekler sunan bir restoran bulunmaktad\u0131r.<\/li>\n\n\n\n<li><strong>Kahvalt\u0131:<\/strong>&nbsp;Tesis kahvalt\u0131 hizmeti de sunmaktad\u0131r.<\/li>\n\n\n\n<li><strong>Ortak Kullan\u0131m Mutfak:<\/strong>&nbsp;Kamp alan\u0131nda ortak kullan\u0131ma a\u00e7\u0131k mutfakta yemeklerinizi haz\u0131rlayabilirsiniz.<\/li>\n\n\n\n<li><strong>Kamelyalar:<\/strong>&nbsp;Mangal yakmak ve dinlenmek i\u00e7in kamelyalar da kamp alan\u0131nda mevcuttur.<\/li>\n\n\n\n<li><strong>\u00c7ocuk Oyun Alan\u0131:<\/strong>&nbsp;\u00c7ocuklar\u0131n\u0131z i\u00e7in g\u00fcvenli ve e\u011flenceli bir oyun alan\u0131 da bulunmaktad\u0131r.<\/li>\n\n\n\n<li><strong>Do\u011fa Y\u00fcr\u00fcy\u00fc\u015fleri:<\/strong>&nbsp;Kamp alan\u0131nda ve \u00e7evresinde do\u011fayla i\u00e7 i\u00e7e y\u00fcr\u00fcy\u00fc\u015fler yapabilece\u011finiz parkurlar bulunmaktad\u0131r.<\/li>\n\n\n\n<li><strong>G\u00f6l Keyfi:<\/strong>&nbsp;\u0130znik G\u00f6l\u00fc&#8217;nde y\u00fczmenin ve g\u00fcne\u015flenmenin keyfini \u00e7\u0131karabilirsiniz.<\/li>\n\n\n\n<li><strong>Bisiklet Kiralama:<\/strong>&nbsp;Kamp alan\u0131nda bisiklet kiralama hizmeti de sunulmaktad\u0131r.<\/li>\n<\/ul>\n\n\n\n<hr class=\"wp-block-separator has-css-opacity is-style-wide\"\/>\n\n\n\n<ul class=\"wp-block-list\">\n<li><strong><strong>\u0130znik Eko Turizm Tesisleri<\/strong><\/strong> Adres:Sel\u00e7uk, 16860 N\u00fczhetiye\/\u0130znik\/Bursa<\/li>\n\n\n\n<li><strong><strong>\u0130znik Eko Turizm<\/strong><\/strong> <strong>Telefon<\/strong>&nbsp;: 0530 649 00 16<\/li>\n\n\n\n<li><strong><strong>\u0130znik Eko Turizm<\/strong><\/strong> <strong>Detayl\u0131 Bilgi :<\/strong>&nbsp;<em><strong><strong><a href=\"https:\/\/geziyoo.co\/listing\/iznik-eko-turizm-tesisleri-bungalov\/\">\u0130znik Eko Turizm<\/a><\/strong><\/strong><\/em><\/li>\n\n\n\n<li><strong><strong>\u0130znik Eko Turizm<\/strong> Konumu:<\/strong>&nbsp;<em><strong><a href=\"https:\/\/www.google.com\/maps\/dir\/\/40.3848807,29.7451216\/@40.3837315,29.6737707,12z\">Konum<\/a><\/strong>&nbsp;<\/em>ba\u011flant\u0131s\u0131na t\u0131klay\u0131n.<\/li>\n<\/ul>\n\n\n\n<hr class=\"wp-block-separator has-css-opacity is-style-wide\"\/>\n\n\n\n<h2 class=\"wp-block-heading\">5.Ayn\u015ftayn Kamping<a href=\"https:\/\/geziyoo.co\/listing\/aynstayn-kamping\/\"><\/a><\/h2>\n\n\n\n<figure class=\"wp-block-image size-full\"><img decoding=\"async\" width=\"800\" height=\"600\" data-src=\"https:\/\/geziyoo.co\/blog\/wp-content\/uploads\/2024\/04\/Aynstayn-Kamping-2.jpg\" alt=\"\" class=\"wp-image-17440 lazyload\" data-srcset=\"https:\/\/geziyoo.co\/blog\/wp-content\/uploads\/2024\/04\/Aynstayn-Kamping-2.jpg 800w, https:\/\/geziyoo.co\/blog\/wp-content\/uploads\/2024\/04\/Aynstayn-Kamping-2-300x225.jpg 300w, https:\/\/geziyoo.co\/blog\/wp-content\/uploads\/2024\/04\/Aynstayn-Kamping-2-768x576.jpg 768w, https:\/\/geziyoo.co\/blog\/wp-content\/uploads\/2024\/04\/Aynstayn-Kamping-2-150x113.jpg 150w\" data-sizes=\"(max-width: 800px) 100vw, 800px\" src=\"data:image\/gif;base64,R0lGODlhAQABAAAAACH5BAEKAAEALAAAAAABAAEAAAICTAEAOw==\" style=\"--smush-placeholder-width: 800px; --smush-placeholder-aspect-ratio: 800\/600;\" \/><\/figure>\n\n\n\n<p>\u0130znik\u2019in Hac\u0131osman mevkiinde yer alan Ayn\u015ftayn Kamping, do\u011fa ile i\u00e7 i\u00e7e, konforlu bir kamp deneyimi arayanlar i\u00e7in ideal bir destinasyondur. \u00c7e\u015fitli konaklama se\u00e7enekleri ile her zevke ve b\u00fct\u00e7eye uygun imkanlar sunan Ayn\u015ftayn Kamping, yepyeni misafirlerini a\u011f\u0131rlamaya haz\u0131r. Bungalov evler, ta\u015f evler ve geni\u015f \u00e7ad\u0131r kamp alanlar\u0131 ile do\u011fan\u0131n tad\u0131n\u0131 \u00e7\u0131kar\u0131rken, konforunuzdan \u00f6d\u00fcn vermek zorunda kalmayacaks\u0131n\u0131z.<\/p>\n\n\n\n<h4 class=\"wp-block-heading\">Konaklama Se\u00e7enekleri<\/h4>\n\n\n\n<ul class=\"wp-block-list\">\n<li><strong>Bungalov Evler:<\/strong>\n<ul class=\"wp-block-list\">\n<li>Tek katl\u0131 ve iki katl\u0131 se\u00e7enekler<\/li>\n\n\n\n<li>Yatak, televizyon, oturma grubu gibi ev konforunu aratmayan imkanlar<\/li>\n<\/ul>\n<\/li>\n\n\n\n<li><strong>Ta\u015f Evler:<\/strong>\n<ul class=\"wp-block-list\">\n<li>Do\u011fal ta\u015f yap\u0131s\u0131 ile yaz\u0131n serin, k\u0131\u015f\u0131n s\u0131cak bir ortam<\/li>\n\n\n\n<li>Tam donan\u0131ml\u0131 tuvalet, s\u0131cak su ve du\u015f<\/li>\n<\/ul>\n<\/li>\n\n\n\n<li><strong>\u00c7ad\u0131r Kamp Alan\u0131:<\/strong>\n<ul class=\"wp-block-list\">\n<li>Geni\u015f ve ferah kamp alanlar\u0131<\/li>\n\n\n\n<li>Kamp\u00e7\u0131lar i\u00e7in masa, sandalye ve ate\u015f yakma alanlar\u0131 mevcut<\/li>\n<\/ul>\n<\/li>\n<\/ul>\n\n\n\n<h4 class=\"wp-block-heading\">Tesis \u0130mkanlar\u0131<\/h4>\n\n\n\n<ul class=\"wp-block-list\">\n<li><strong>Restoran:<\/strong> Lezzetli yemekler sunan restoran, g\u00fcn boyu a\u00e7\u0131k.<\/li>\n\n\n\n<li><strong>Bah\u00e7e ve Seyir Alan\u0131:<\/strong> G\u00f6l manzaras\u0131 e\u015fli\u011finde do\u011fan\u0131n keyfini \u00e7\u0131karabilece\u011finiz dinlenme ve seyir alanlar\u0131.<\/li>\n\n\n\n<li><strong>Y\u00fcr\u00fcy\u00fc\u015f Parkuru:<\/strong> Do\u011fa y\u00fcr\u00fcy\u00fc\u015fleri i\u00e7in \u00f6zel olarak d\u00fczenlenmi\u015f parkurlar.<\/li>\n\n\n\n<li><strong>Otopark:<\/strong> Ara\u00e7lar\u0131n\u0131z i\u00e7in geni\u015f ve g\u00fcvenli otopark.<\/li>\n\n\n\n<li><strong>Ate\u015f Yakma Alan\u0131:<\/strong> Ak\u015famlar\u0131 etraf\u0131nda toplanabilece\u011finiz, sohbet edebilece\u011finiz ate\u015f alanlar\u0131.<\/li>\n<\/ul>\n\n\n\n<hr class=\"wp-block-separator has-alpha-channel-opacity is-style-wide\"\/>\n\n\n\n<ul class=\"wp-block-list\">\n<li><strong><strong>Ayn\u015ftayn Kamping Tesisleri<\/strong><\/strong> Adres:&nbsp;Kutluca, 16860 \u0130znik\/Bursa<\/li>\n\n\n\n<li><strong>Ayn\u015ftayn Kamping<\/strong> <strong>Telefon<\/strong>&nbsp;: 0544 882 77 81<\/li>\n\n\n\n<li><strong>Ayn\u015ftayn Kamping<\/strong> <strong>Detayl\u0131 Bilgi :<\/strong>&nbsp;<strong><em><a href=\"https:\/\/geziyoo.co\/listing\/aynstayn-kamping\/\">Ayn\u015ftayn Kamping<\/a><\/em><\/strong><\/li>\n\n\n\n<li><strong><strong>Ayn\u015ftayn Kamping<\/strong> Konumu:<\/strong>&nbsp;<em><strong><a href=\"https:\/\/www.google.com\/maps?daddr=40.550690192473944,%2029.849968072028982\">Konum<\/a><\/strong>&nbsp;<\/em>ba\u011flant\u0131s\u0131na t\u0131klay\u0131n.<\/li>\n<\/ul>\n\n\n\n<hr class=\"wp-block-separator has-alpha-channel-opacity is-style-wide\"\/>\n\n\n\n<h2 class=\"wp-block-heading\">6.La Caba\u00f1a \u0130znik<a href=\"https:\/\/geziyoo.co\/listing\/la-cabana-iznik\/\"><\/a><\/h2>\n\n\n\n<figure class=\"wp-block-image size-full\"><img decoding=\"async\" width=\"800\" height=\"600\" data-src=\"https:\/\/geziyoo.co\/blog\/wp-content\/uploads\/2024\/04\/La-Cabana-Iznik-5.jpg\" alt=\"\" class=\"wp-image-17443 lazyload\" data-srcset=\"https:\/\/geziyoo.co\/blog\/wp-content\/uploads\/2024\/04\/La-Cabana-Iznik-5.jpg 800w, https:\/\/geziyoo.co\/blog\/wp-content\/uploads\/2024\/04\/La-Cabana-Iznik-5-300x225.jpg 300w, https:\/\/geziyoo.co\/blog\/wp-content\/uploads\/2024\/04\/La-Cabana-Iznik-5-768x576.jpg 768w, https:\/\/geziyoo.co\/blog\/wp-content\/uploads\/2024\/04\/La-Cabana-Iznik-5-150x113.jpg 150w\" data-sizes=\"(max-width: 800px) 100vw, 800px\" src=\"data:image\/gif;base64,R0lGODlhAQABAAAAACH5BAEKAAEALAAAAAABAAEAAAICTAEAOw==\" style=\"--smush-placeholder-width: 800px; --smush-placeholder-aspect-ratio: 800\/600;\" \/><\/figure>\n\n\n\n<p>Bursa, \u0130znik G\u00f6l\u00fc k\u0131y\u0131s\u0131nda yer alan La Caba\u00f1a \u0130znik, \u0130znik \u2013 Gemlik yolu \u00fczerinde bulunur ve g\u00f6z al\u0131c\u0131 g\u00f6l manzaras\u0131na sahiptir.<\/p>\n\n\n\n<p>Misafirler i\u00e7in \u00e7ad\u0131r kamp\u0131 veya bungalov ev se\u00e7enekleri mevcuttur. Her iki se\u00e7enek de modern imkanlarla donat\u0131lm\u0131\u015ft\u0131r, aileler ve arkada\u015f gruplar\u0131 i\u00e7in idealdir.<\/p>\n\n\n\n<p><strong>\u0130mkanlar:<\/strong><\/p>\n\n\n\n<ul class=\"wp-block-list\">\n<li>Klima, televizyon, ve \u00fccretsiz internet<\/li>\n\n\n\n<li>\u00d6zel otopark alan\u0131<\/li>\n\n\n\n<li>G\u00f6l kenar\u0131nda \u015fezlong ve \u015femsiyeler<\/li>\n\n\n\n<li>Tuvalet, du\u015f, s\u0131cak su ve elektrik<\/li>\n\n\n\n<li>Ate\u015f yakma alan\u0131<\/li>\n\n\n\n<li>Sabah kahvalt\u0131s\u0131 ve ak\u015fam yeme\u011fi hizmetleri<\/li>\n<\/ul>\n\n\n\n<p><strong>Aktiviteler:<\/strong> G\u00f6lde y\u00fczme, ate\u015f etraf\u0131nda toplanma, manzara izleme noktalar\u0131 ve dinlenme alanlar\u0131 ile do\u011fayla ba\u015f ba\u015fa kalma imkan\u0131 sunar.<\/p>\n\n\n\n<p>La Caba\u00f1a \u0130znik, hem do\u011faseverlerin hem de konfor arayanlar\u0131n tercih edebilece\u011fi, do\u011fal g\u00fczellikler i\u00e7inde huzurlu bir tatil sunar.<\/p>\n\n\n\n<hr class=\"wp-block-separator has-alpha-channel-opacity is-style-wide\"\/>\n\n\n\n<ul class=\"wp-block-list\">\n<li><strong><strong>La Caba\u00f1a \u0130znik<\/strong><\/strong> <strong><strong>Tesisleri<\/strong><\/strong> Adres:&nbsp;G\u00f6ll\u00fcce, G\u00f6ll\u00fcce, B\u00fcy\u00fck Burun Mevkii 16860, \u0130znik\/Bursa<\/li>\n\n\n\n<li><strong>La Caba\u00f1a \u0130znik<\/strong> <strong>Telefon<\/strong>&nbsp;: 0507 524 14 14<\/li>\n\n\n\n<li><strong>La Caba\u00f1a \u0130znik<\/strong> <strong>Detayl\u0131 Bilgi :<\/strong>&nbsp;<strong><em><a href=\"https:\/\/geziyoo.co\/listing\/la-cabana-iznik\/\">La Caba\u00f1a \u0130znik<\/a><\/em><\/strong><\/li>\n\n\n\n<li><strong><strong>La Caba\u00f1a \u0130znik<\/strong> Konumu:<\/strong>&nbsp;<em><strong><a href=\"https:\/\/www.google.com\/maps?daddr=40.3894793217709,%2029.620820078677106\">Konum<\/a><\/strong>&nbsp;<\/em>ba\u011flant\u0131s\u0131na t\u0131klay\u0131n.<\/li>\n<\/ul>\n\n\n\n<hr class=\"wp-block-separator has-alpha-channel-opacity is-style-wide\"\/>\n\n\n\n<h3 class=\"wp-block-heading\" id=\"iznik-ucretsiz-kamp-alanlari\">\u0130znik \u00dccretsiz Kamp Alanlar\u0131<\/h3>\n\n\n\n<p>Bu b\u00f6l\u00fcmde \u0130znik&#8217;de yer alan \u00dccretsiz \u00e7ad\u0131r ve karavan kamp alanlar\u0131na yer verece\u011fiz.Unuttu\u011fumuz yerler var ise l\u00fctfen yorumlar k\u0131sm\u0131ndan bizlerle payla\u015f\u0131n.<\/p>\n\n\n\n<h2 class=\"wp-block-heading\" id=\"5-sansarak-kanyonu-kamp-alani\">7.Sansarak Kanyonu Kamp Alan\u0131<\/h2>\n\n\n\n<figure class=\"wp-block-image size-large\"><img decoding=\"async\" width=\"800\" height=\"450\" data-src=\"https:\/\/geziyoo.co\/blog\/wp-content\/uploads\/2022\/01\/Iznik-Kamp-Alanlari-1.jpg\" alt=\"\" class=\"wp-image-9085 lazyload\" data-srcset=\"https:\/\/geziyoo.co\/blog\/wp-content\/uploads\/2022\/01\/Iznik-Kamp-Alanlari-1.jpg 800w, https:\/\/geziyoo.co\/blog\/wp-content\/uploads\/2022\/01\/Iznik-Kamp-Alanlari-1-300x169.jpg 300w, https:\/\/geziyoo.co\/blog\/wp-content\/uploads\/2022\/01\/Iznik-Kamp-Alanlari-1-768x432.jpg 768w, https:\/\/geziyoo.co\/blog\/wp-content\/uploads\/2022\/01\/Iznik-Kamp-Alanlari-1-390x220.jpg 390w\" data-sizes=\"(max-width: 800px) 100vw, 800px\" src=\"data:image\/gif;base64,R0lGODlhAQABAAAAACH5BAEKAAEALAAAAAABAAEAAAICTAEAOw==\" style=\"--smush-placeholder-width: 800px; --smush-placeholder-aspect-ratio: 800\/450;\" \/><\/figure>\n\n\n\n<p><strong>\u0130znik \u00dccretsiz Kamp Alanlar\u0131<\/strong> i\u00e7eri\u011fimizin 5.s\u0131ras\u0131nda do\u011fa kamp\u0131 yapmak isteyenler i\u00e7in ideal bir yer olan Sansarak Kanyonu bulunmakta.<\/p>\n\n\n\n<p>\u0130znik, do\u011faseverler i\u00e7in \u00e7e\u015fitli kamp alanlar\u0131yla \u00fcnl\u00fcd\u00fcr ve bu alanlar\u0131n i\u00e7inde belki de en \u00e7ekici olan\u0131, Sansarak Kanyonu\u2019dur. Bursa \u015fehir merkezine 95 kilometre, \u0130znik il\u00e7e merkezine ise 17 kilometre uzakl\u0131kta yer alan bu do\u011fa harikas\u0131, kamp yapmak isteyenler i\u00e7in olduk\u00e7a ideal ko\u015fullar sunmaktad\u0131r.<\/p>\n\n\n\n<p>Sansarak Kanyonu, sadece co\u011frafi konumuyla de\u011fil, ayn\u0131 zamanda sundu\u011fu benzersiz do\u011fal g\u00fczelliklerle de \u00f6n plana \u00e7\u0131kar. Kanyon boyunca uzanan y\u00fcr\u00fcy\u00fc\u015f patikalar\u0131, do\u011fal yap\u0131s\u0131 itibar\u0131yla trekking hobisi olanlar\u0131 a\u011f\u0131rlamak i\u00e7in bi\u00e7ilmi\u015f kaftand\u0131r. Ayr\u0131ca, kanyon i\u00e7indeki \u00e7e\u015fitli nadir bitki t\u00fcrleri ve vah\u015fi ya\u015fam, do\u011fa foto\u011fraf\u00e7\u0131lar\u0131 ve do\u011fa bilimciler i\u00e7in de ka\u00e7\u0131r\u0131lmaz f\u0131rsatlar sunar.<\/p>\n\n\n\n<p>Kanyonun yak\u0131n\u0131ndaki Sansarak k\u00f6y\u00fc, kamp yapmadan \u00f6nce ihtiya\u00e7lar\u0131n\u0131z\u0131 kar\u015f\u0131layabilece\u011finiz k\u00fc\u00e7\u00fck ama fonksiyonel imkanlar sunar. K\u00f6y i\u00e7inde bulunan market, tuvalet ve \u00e7e\u015fme gibi temel olanaklar, kanyonun do\u011fal yap\u0131s\u0131n\u0131n bozulmamas\u0131 ad\u0131na kamp alan\u0131 i\u00e7inde bulunmamaktad\u0131r. Bu y\u00fczden kamp i\u00e7in yola \u00e7\u0131kmadan \u00f6nce Sansarak k\u00f6y\u00fcnde gerekli al\u0131\u015fveri\u015finizi yapman\u0131z tavsiye edilir.<\/p>\n\n\n\n<p>Sansarak Kanyonu&#8217;na ula\u015f\u0131m, \u0130znik ve Bursa \u00fczerinden \u00f6zel ara\u00e7larla veya b\u00f6lgeye hizmet eden minib\u00fcs hatlar\u0131 ile sa\u011flanabilir. Kamp alan\u0131na vard\u0131\u011f\u0131n\u0131zda, do\u011fan\u0131n tad\u0131n\u0131 \u00e7\u0131kar\u0131rken ayn\u0131 zamanda &#8216;s\u0131f\u0131r at\u0131k&#8217; prensibine uygun davranarak \u00e7evreyi koruma bilinciyle hareket etmek \u00f6nemlidir. Kanyon i\u00e7inde barbek\u00fc yapmak veya ate\u015f yakmak yasak oldu\u011fundan, portatif kamp sobalar\u0131 getirmeyi unutmay\u0131n.<\/p>\n\n\n\n<hr class=\"wp-block-separator has-css-opacity is-style-wide\"\/>\n\n\n\n<ul class=\"wp-block-list\">\n<li><strong><strong>Sansarak Kanyonu Kamp Alan\u0131<\/strong><\/strong> <strong>Adres<\/strong>&nbsp;: &nbsp;Candarl\u0131, Unnamed Road, 16860 \u0130znik\/Bursa<\/li>\n\n\n\n<li><strong><strong><strong><strong>Sansarak Kanyonu Kamp Alan\u0131<\/strong><\/strong><\/strong><\/strong> <strong>Detayl\u0131 Bilgi :<\/strong>&nbsp;<em><strong><strong><a href=\"https:\/\/geziyoo.co\/listing\/sansarak-kanyonu-kamp-alani\/\">Sansarak Kanyonu<\/a><\/strong><\/strong><\/em><\/li>\n\n\n\n<li><strong><strong><strong><strong>Sansarak Kanyonu Kamp Alan\u0131<\/strong><\/strong><\/strong> Konumu:<\/strong>&nbsp;<em><a href=\"https:\/\/www.google.com\/maps\/dir\/\/40.5293153,29.851763\/@40.5292822,29.7817237,12z\"><strong>Konum<\/strong>&nbsp;<\/a><\/em>ba\u011flant\u0131s\u0131na t\u0131klay\u0131n.<\/li>\n<\/ul>\n\n\n\n<hr class=\"wp-block-separator has-alpha-channel-opacity is-style-wide\"\/>\n\n\n\n<h2 class=\"wp-block-heading\" id=\"6-iznik-golu-kamp-alani\">8.\u0130znik G\u00f6l\u00fc Kamp Alan\u0131<\/h2>\n\n\n\n<figure class=\"wp-block-image size-large\"><img decoding=\"async\" width=\"800\" height=\"532\" data-src=\"https:\/\/geziyoo.co\/blog\/wp-content\/uploads\/2022\/01\/Iznik-Golu-Kamp-Alani-1.jpg\" alt=\"\" class=\"wp-image-9086 lazyload\" data-srcset=\"https:\/\/geziyoo.co\/blog\/wp-content\/uploads\/2022\/01\/Iznik-Golu-Kamp-Alani-1.jpg 800w, https:\/\/geziyoo.co\/blog\/wp-content\/uploads\/2022\/01\/Iznik-Golu-Kamp-Alani-1-300x200.jpg 300w, https:\/\/geziyoo.co\/blog\/wp-content\/uploads\/2022\/01\/Iznik-Golu-Kamp-Alani-1-768x511.jpg 768w\" data-sizes=\"(max-width: 800px) 100vw, 800px\" src=\"data:image\/gif;base64,R0lGODlhAQABAAAAACH5BAEKAAEALAAAAAABAAEAAAICTAEAOw==\" style=\"--smush-placeholder-width: 800px; --smush-placeholder-aspect-ratio: 800\/532;\" \/><\/figure>\n\n\n\n<p>Bursa&#8217;n\u0131n \u0130znik il\u00e7esinde bulunan \u0130znik G\u00f6l\u00fc, do\u011faseverler i\u00e7in e\u015fsiz bir kamp alan\u0131 sunuyor. Hem \u00e7ad\u0131r hem de karavan kamp\u0131 yapma imkan\u0131 veren bu do\u011fal kamp yeri, \u00fccretsiz olmas\u0131yla da dikkat \u00e7ekiyor. G\u00f6l\u00fcn \u00e7evresi, geni\u015f kamp alanlar\u0131yla ve \u00e7e\u015fitli konaklama se\u00e7enekleriyle ziyaret\u00e7ilere a\u00e7\u0131k bir davet sunmaktad\u0131r.<\/p>\n\n\n\n<h4 class=\"wp-block-heading\">Kamp Yapman\u0131n Keyfi<\/h4>\n\n\n\n<p>\u0130znik G\u00f6l\u00fc kamp alan\u0131, \u00e7ad\u0131r ve karavan\u0131n\u0131z\u0131 kurabilece\u011finiz geni\u015f yerler sunar. Ayr\u0131ca, isteyen ziyaret\u00e7iler i\u00e7in g\u00f6l \u00e7evresinde \u00fccretli kamp yapabilecekleri \u00f6zel alanlar da mevcuttur. Bu alanlar, genellikle ek hizmetler ve daha fazla olanak sunar.<\/p>\n\n\n\n<h4 class=\"wp-block-heading\">Temel \u0130mkanlar<\/h4>\n\n\n\n<ul class=\"wp-block-list\">\n<li><strong>WC ve Du\u015f:<\/strong> G\u00f6l \u00e7evresinde konumlanm\u0131\u015f tuvaletler ve du\u015flar, kamp\u00e7\u0131lar\u0131n temel ihtiya\u00e7lar\u0131n\u0131 kar\u015f\u0131layacak \u015fekilde dizayn edilmi\u015ftir. Bu sayede, do\u011fa ile i\u00e7 i\u00e7e bir tatil ge\u00e7irirken, konforunuzdan \u00f6d\u00fcn vermek zorunda kalmazs\u0131n\u0131z.<\/li>\n\n\n\n<li><strong>Market ve Al\u0131\u015fveri\u015f:<\/strong> \u0130znik G\u00f6l\u00fc&#8217;n\u00fcn etraf\u0131nda bulunan marketler, g\u00fcnl\u00fck ihtiya\u00e7lar\u0131n\u0131z\u0131 ve taze malzemeleri kolayca temin etmenize olanak tan\u0131r. Bu marketler sayesinde, kamp\u0131n\u0131z s\u00fcresince ihtiya\u00e7 duyabilece\u011finiz her \u015fey elinizin alt\u0131nda olur.<\/li>\n<\/ul>\n\n\n\n<h4 class=\"wp-block-heading\">Aktiviteler<\/h4>\n\n\n\n<p>\u0130znik G\u00f6l\u00fc kamp alan\u0131nda ge\u00e7irece\u011finiz zaman\u0131 de\u011ferlendirebilece\u011finiz pek \u00e7ok aktivite bulunmaktad\u0131r:<\/p>\n\n\n\n<hr class=\"wp-block-separator has-css-opacity is-style-wide\"\/>\n\n\n\n<ul class=\"wp-block-list\">\n<li><strong><strong><strong>\u0130znik G\u00f6l\u00fc Kamp Alan\u0131<\/strong><\/strong><\/strong> <strong>Adres<\/strong>&nbsp;: &nbsp;Candarl\u0131, Unnamed Road, 16860 \u0130znik\/Bursa<\/li>\n\n\n\n<li><strong><strong><strong><strong><strong>\u0130znik G\u00f6l\u00fc Kamp Alan\u0131<\/strong><\/strong><\/strong><\/strong><\/strong> <strong>Detayl\u0131 Bilgi :<\/strong>&nbsp;<em><strong><strong><a href=\"https:\/\/geziyoo.co\/listing\/iznik-golu-kamp-alani\/\">\u0130znik G\u00f6l\u00fc Kamp Alan\u0131<\/a><\/strong><\/strong><\/em><\/li>\n\n\n\n<li><strong><strong><strong><strong><strong>\u0130znik G\u00f6l\u00fc Kamp Alan\u0131<\/strong><\/strong><\/strong><\/strong> Konumu:<\/strong>&nbsp;<em><strong><a href=\"https:\/\/www.google.com\/maps\/dir\/\/40.4169859,29.5263638\/@40.4498985,29.4639312,12z\">Konum<\/a><\/strong>&nbsp;<\/em>ba\u011flant\u0131s\u0131na t\u0131klay\u0131n.<\/li>\n<\/ul>\n\n\n\n<hr class=\"wp-block-separator has-css-opacity is-style-wide\"\/>\n\n\n\n<h2 class=\"wp-block-heading\">9.Al\u0131\u00e7 Yaylas\u0131 Kamp Alan\u0131<\/h2>\n\n\n\n<figure class=\"wp-block-image size-full\"><img decoding=\"async\" width=\"800\" height=\"451\" data-src=\"https:\/\/geziyoo.co\/blog\/wp-content\/uploads\/2024\/04\/IMG_20230520_155450.jpg\" alt=\"\" class=\"wp-image-17436 lazyload\" data-srcset=\"https:\/\/geziyoo.co\/blog\/wp-content\/uploads\/2024\/04\/IMG_20230520_155450.jpg 800w, https:\/\/geziyoo.co\/blog\/wp-content\/uploads\/2024\/04\/IMG_20230520_155450-300x169.jpg 300w, https:\/\/geziyoo.co\/blog\/wp-content\/uploads\/2024\/04\/IMG_20230520_155450-768x433.jpg 768w, https:\/\/geziyoo.co\/blog\/wp-content\/uploads\/2024\/04\/IMG_20230520_155450-390x220.jpg 390w, https:\/\/geziyoo.co\/blog\/wp-content\/uploads\/2024\/04\/IMG_20230520_155450-150x85.jpg 150w\" data-sizes=\"(max-width: 800px) 100vw, 800px\" src=\"data:image\/gif;base64,R0lGODlhAQABAAAAACH5BAEKAAEALAAAAAABAAEAAAICTAEAOw==\" style=\"--smush-placeholder-width: 800px; --smush-placeholder-aspect-ratio: 800\/451;\" \/><\/figure>\n\n\n\n<p>Ye\u015filin her tonunu bar\u0131nd\u0131ran vadileri, tertemiz havas\u0131 ve huzurlu atmosferi ile Al\u0131\u00e7 Yaylas\u0131, do\u011fa severler i\u00e7in e\u015fsiz bir destinasyon. \u0130znik&#8217;e ba\u011fl\u0131 Elmal\u0131 K\u00f6y\u00fc s\u0131n\u0131rlar\u0131 i\u00e7erisinde yer alan yayla, kamp yapmak, do\u011fa y\u00fcr\u00fcy\u00fc\u015flerine \u00e7\u0131kmak ve \u015fehrin karma\u015fas\u0131ndan uzakla\u015fmak i\u00e7in ideal bir ortam sunuyor.<\/p>\n\n\n\n<p><strong>Yaylada Neler Yapabilirsiniz?<\/strong><\/p>\n\n\n\n<ul class=\"wp-block-list\">\n<li><strong>\u00c7ad\u0131r Kamp\u0131:<\/strong>&nbsp;Al\u0131\u00e7 Yaylas\u0131, \u00e7ad\u0131r kamp\u0131 yapmak i\u00e7in ideal bir alan. Yaylada d\u00fcz alanlar olduk\u00e7a fazla ve kamp i\u00e7in gerekli altyap\u0131 mevcut.<\/li>\n\n\n\n<li><strong>Karavan Kamp\u0131:<\/strong>&nbsp;Karavan\u0131n\u0131zla da Al\u0131\u00e7 Yaylas\u0131&#8217;n\u0131 ziyaret edebilirsiniz. Yaylada karavan park\u0131 bulunmasa da, uygun alanlarda karavan\u0131n\u0131z\u0131 park edebilirsiniz.<\/li>\n\n\n\n<li><strong>Do\u011fa Y\u00fcr\u00fcy\u00fc\u015fleri:<\/strong>&nbsp;Al\u0131\u00e7 Yaylas\u0131 ve \u00e7evresi, do\u011fa y\u00fcr\u00fcy\u00fc\u015fleri i\u00e7in m\u00fckemmel parkurlara sahip. Farkl\u0131 zorluk derecelerinde bir\u00e7ok parkur bulabilirsiniz.<\/li>\n\n\n\n<li><strong>Temiz Hava:<\/strong>&nbsp;Al\u0131\u00e7 Yaylas\u0131&#8217;n\u0131n tertemiz havas\u0131, \u015fehirdeki stresten ve kirlili\u011fden uzakla\u015fmak i\u00e7in ideal.<\/li>\n\n\n\n<li><strong>Foto\u011fraf\u00e7\u0131l\u0131k:<\/strong>&nbsp;Yaylan\u0131n muhte\u015fem manzaralar\u0131 ve do\u011fal g\u00fczellikleri, foto\u011fraf\u00e7\u0131l\u0131k i\u00e7in de harika bir ortam sunuyor.<\/li>\n<\/ul>\n\n\n\n<p><strong>Yol Tarifi ve Ula\u015f\u0131m<\/strong><\/p>\n\n\n\n<p>Al\u0131\u00e7 Yaylas\u0131&#8217;na ula\u015f\u0131m sadece \u00f6zel ara\u00e7 ile m\u00fcmk\u00fcnd\u00fcr. Toplu ta\u015f\u0131ma ara\u00e7lar\u0131 ile yaylaya ula\u015f\u0131m sa\u011flanamaz. \u0130znik il\u00e7e merkezinden Al\u0131\u00e7 Yaylas\u0131&#8217;na yakla\u015f\u0131k 25 dakikal\u0131k bir araba yolculu\u011fu ile ula\u015fabilirsiniz.<\/p>\n\n\n\n<hr class=\"wp-block-separator has-alpha-channel-opacity is-style-wide\"\/>\n\n\n\n<ul class=\"wp-block-list\">\n<li><strong>Al\u0131\u00e7 Yaylas\u0131 Kamp Alan\u0131<\/strong> <strong>Adres<\/strong>&nbsp;:Elmal\u0131, 16860 \u0130znik\/Bursa<\/li>\n\n\n\n<li><strong>Al\u0131\u00e7 Yaylas\u0131 Kamp Alan\u0131<\/strong> <strong>Detayl\u0131 Bilgi :<\/strong>&nbsp;<strong><em><a href=\"https:\/\/geziyoo.co\/listing\/alic-yaylasi-kamp-alani\/\">Al\u0131\u00e7 Yaylas\u0131 Kamp Alan\u0131<\/a><\/em><\/strong><\/li>\n\n\n\n<li><strong><strong><strong><strong><strong>Al\u0131\u00e7 Yaylas\u0131 Kamp Alan\u0131<\/strong><\/strong><\/strong><\/strong> Konumu:<\/strong>&nbsp;<em><strong><a href=\"https:\/\/www.google.com\/maps?daddr=40.51823746473184,29.901221680681825\">Konum<\/a><\/strong>&nbsp;<\/em>ba\u011flant\u0131s\u0131na t\u0131klay\u0131n.<\/li>\n<\/ul>\n\n\n\n<hr class=\"wp-block-separator has-alpha-channel-opacity is-style-wide\"\/>\n\n\n\n<h2 class=\"wp-block-heading\">10.<strong>M\u00fc\u015fk\u00fcle K\u00f6y\u00fc Kamp Alan\u0131<\/strong><\/h2>\n\n\n\n<figure class=\"wp-block-image size-full\"><img decoding=\"async\" width=\"800\" height=\"450\" data-src=\"https:\/\/geziyoo.co\/blog\/wp-content\/uploads\/2024\/04\/Muskule-Koyu-Kamp-Alani.jpg\" alt=\"\" class=\"wp-image-17444 lazyload\" data-srcset=\"https:\/\/geziyoo.co\/blog\/wp-content\/uploads\/2024\/04\/Muskule-Koyu-Kamp-Alani.jpg 800w, https:\/\/geziyoo.co\/blog\/wp-content\/uploads\/2024\/04\/Muskule-Koyu-Kamp-Alani-300x169.jpg 300w, https:\/\/geziyoo.co\/blog\/wp-content\/uploads\/2024\/04\/Muskule-Koyu-Kamp-Alani-768x432.jpg 768w, https:\/\/geziyoo.co\/blog\/wp-content\/uploads\/2024\/04\/Muskule-Koyu-Kamp-Alani-390x220.jpg 390w, https:\/\/geziyoo.co\/blog\/wp-content\/uploads\/2024\/04\/Muskule-Koyu-Kamp-Alani-150x84.jpg 150w\" data-sizes=\"(max-width: 800px) 100vw, 800px\" src=\"data:image\/gif;base64,R0lGODlhAQABAAAAACH5BAEKAAEALAAAAAABAAEAAAICTAEAOw==\" style=\"--smush-placeholder-width: 800px; --smush-placeholder-aspect-ratio: 800\/450;\" \/><\/figure>\n\n\n\n<p><span style=\"color: rgb(13, 13, 13); font-family: S\u00f6hne, ui-sans-serif, system-ui, -apple-system, &quot;Segoe UI&quot;, Roboto, Ubuntu, Cantarell, &quot;Noto Sans&quot;, sans-serif, &quot;Helvetica Neue&quot;, Arial, &quot;Apple Color Emoji&quot;, &quot;Segoe UI Emoji&quot;, &quot;Segoe UI Symbol&quot;, &quot;Noto Color Emoji&quot;; font-size: 16px;\">M\u00fc\u015fk\u00fcle K\u00f6y\u00fc, Bursa\u2019n\u0131n \u0130znik il\u00e7esinde, \u0130znik G\u00f6l\u00fc\u2019ne k\u0131sa bir mesafede yer al\u0131r. Gemlik \u2013 \u0130znik yol g\u00fczergah\u0131 \u00fczerinde bulunan bu k\u00f6y, do\u011faseverler i\u00e7in kolay eri\u015filebilir bir kamp alan\u0131 sunar.<\/span><p style=\"border: 0px solid rgb(227, 227, 227); box-sizing: border-box; --tw-border-spacing-x: 0; --tw-border-spacing-y: 0; --tw-translate-x: 0; --tw-translate-y: 0; --tw-rotate: 0; --tw-skew-x: 0; --tw-skew-y: 0; --tw-scale-x: 1; --tw-scale-y: 1; --tw-pan-x: ; --tw-pan-y: ; --tw-pinch-zoom: ; --tw-scroll-snap-strictness: proximity; --tw-gradient-from-position: ; --tw-gradient-via-position: ; --tw-gradient-to-position: ; --tw-ordinal: ; --tw-slashed-zero: ; --tw-numeric-figure: ; --tw-numeric-spacing: ; --tw-numeric-fraction: ; --tw-ring-inset: ; --tw-ring-offset-width: 0px; --tw-ring-offset-color: #fff; --tw-ring-color: rgba(69,89,164,.5); --tw-ring-offset-shadow: 0 0 transparent; --tw-ring-shadow: 0 0 transparent; --tw-shadow: 0 0 transparent; --tw-shadow-colored: 0 0 transparent; --tw-blur: ; --tw-brightness: ; --tw-contrast: ; --tw-grayscale: ; --tw-hue-rotate: ; --tw-invert: ; --tw-saturate: ; --tw-sepia: ; --tw-drop-shadow: ; --tw-backdrop-blur: ; --tw-backdrop-brightness: ; --tw-backdrop-contrast: ; --tw-backdrop-grayscale: ; --tw-backdrop-hue-rotate: ; --tw-backdrop-invert: ; --tw-backdrop-opacity: ; --tw-backdrop-saturate: ; --tw-backdrop-sepia: ; --tw-contain-size: ; --tw-contain-layout: ; --tw-contain-paint: ; --tw-contain-style: ; margin: 1.25em 0px; color: rgb(13, 13, 13); font-family: S\u00f6hne, ui-sans-serif, system-ui, -apple-system, &quot;Segoe UI&quot;, Roboto, Ubuntu, Cantarell, &quot;Noto Sans&quot;, sans-serif, &quot;Helvetica Neue&quot;, Arial, &quot;Apple Color Emoji&quot;, &quot;Segoe UI Emoji&quot;, &quot;Segoe UI Symbol&quot;, &quot;Noto Color Emoji&quot;; font-size: 16px;\"><span style=\"border: 0px solid rgb(227, 227, 227); box-sizing: border-box; --tw-border-spacing-x: 0; --tw-border-spacing-y: 0; --tw-translate-x: 0; --tw-translate-y: 0; --tw-rotate: 0; --tw-skew-x: 0; --tw-skew-y: 0; --tw-scale-x: 1; --tw-scale-y: 1; --tw-pan-x: ; --tw-pan-y: ; --tw-pinch-zoom: ; --tw-scroll-snap-strictness: proximity; --tw-gradient-from-position: ; --tw-gradient-via-position: ; --tw-gradient-to-position: ; --tw-ordinal: ; --tw-slashed-zero: ; --tw-numeric-figure: ; --tw-numeric-spacing: ; --tw-numeric-fraction: ; --tw-ring-inset: ; --tw-ring-offset-width: 0px; --tw-ring-offset-color: #fff; --tw-ring-color: rgba(69,89,164,.5); --tw-ring-offset-shadow: 0 0 transparent; --tw-ring-shadow: 0 0 transparent; --tw-shadow: 0 0 transparent; --tw-shadow-colored: 0 0 transparent; --tw-blur: ; --tw-brightness: ; --tw-contrast: ; --tw-grayscale: ; --tw-hue-rotate: ; --tw-invert: ; --tw-saturate: ; --tw-sepia: ; --tw-drop-shadow: ; --tw-backdrop-blur: ; --tw-backdrop-brightness: ; --tw-backdrop-contrast: ; --tw-backdrop-grayscale: ; --tw-backdrop-hue-rotate: ; --tw-backdrop-invert: ; --tw-backdrop-opacity: ; --tw-backdrop-saturate: ; --tw-backdrop-sepia: ; --tw-contain-size: ; --tw-contain-layout: ; --tw-contain-paint: ; --tw-contain-style: ; font-weight: 600; color: var(--tw-prose-bold);\">Kamp Se\u00e7enekleri:<\/span><\/p><ul style=\"border: 0px solid rgb(227, 227, 227); --tw-border-spacing-x: 0; --tw-border-spacing-y: 0; --tw-translate-x: 0; --tw-translate-y: 0; --tw-rotate: 0; --tw-skew-x: 0; --tw-skew-y: 0; --tw-scale-x: 1; --tw-scale-y: 1; --tw-pan-x: ; --tw-pan-y: ; --tw-pinch-zoom: ; --tw-scroll-snap-strictness: proximity; --tw-gradient-from-position: ; --tw-gradient-via-position: ; --tw-gradient-to-position: ; --tw-ordinal: ; --tw-slashed-zero: ; --tw-numeric-figure: ; --tw-numeric-spacing: ; --tw-numeric-fraction: ; --tw-ring-inset: ; --tw-ring-offset-width: 0px; --tw-ring-offset-color: #fff; --tw-ring-color: rgba(69,89,164,.5); --tw-ring-offset-shadow: 0 0 transparent; --tw-ring-shadow: 0 0 transparent; --tw-shadow: 0 0 transparent; --tw-shadow-colored: 0 0 transparent; --tw-blur: ; --tw-brightness: ; --tw-contrast: ; --tw-grayscale: ; --tw-hue-rotate: ; --tw-invert: ; --tw-saturate: ; --tw-sepia: ; --tw-drop-shadow: ; --tw-backdrop-blur: ; --tw-backdrop-brightness: ; --tw-backdrop-contrast: ; --tw-backdrop-grayscale: ; --tw-backdrop-hue-rotate: ; --tw-backdrop-invert: ; --tw-backdrop-opacity: ; --tw-backdrop-saturate: ; --tw-backdrop-sepia: ; --tw-contain-size: ; --tw-contain-layout: ; --tw-contain-paint: ; --tw-contain-style: ; list-style-type: disc; margin: 1.25em 0px; padding: 0px; display: flex; flex-direction: column; color: rgb(13, 13, 13); font-family: S\u00f6hne, ui-sans-serif, system-ui, -apple-system, &quot;Segoe UI&quot;, Roboto, Ubuntu, Cantarell, &quot;Noto Sans&quot;, sans-serif, &quot;Helvetica Neue&quot;, Arial, &quot;Apple Color Emoji&quot;, &quot;Segoe UI Emoji&quot;, &quot;Segoe UI Symbol&quot;, &quot;Noto Color Emoji&quot;; font-size: 16px;\"><li style=\"border: 0px solid rgb(227, 227, 227); box-sizing: border-box; --tw-border-spacing-x: 0; --tw-border-spacing-y: 0; --tw-translate-x: 0; --tw-translate-y: 0; --tw-rotate: 0; --tw-skew-x: 0; --tw-skew-y: 0; --tw-scale-x: 1; --tw-scale-y: 1; --tw-pan-x: ; --tw-pan-y: ; --tw-pinch-zoom: ; --tw-scroll-snap-strictness: proximity; --tw-gradient-from-position: ; --tw-gradient-via-position: ; --tw-gradient-to-position: ; --tw-ordinal: ; --tw-slashed-zero: ; --tw-numeric-figure: ; --tw-numeric-spacing: ; --tw-numeric-fraction: ; --tw-ring-inset: ; --tw-ring-offset-width: 0px; --tw-ring-offset-color: #fff; --tw-ring-color: rgba(69,89,164,.5); --tw-ring-offset-shadow: 0 0 transparent; --tw-ring-shadow: 0 0 transparent; --tw-shadow: 0 0 transparent; --tw-shadow-colored: 0 0 transparent; --tw-blur: ; --tw-brightness: ; --tw-contrast: ; --tw-grayscale: ; --tw-hue-rotate: ; --tw-invert: ; --tw-saturate: ; --tw-sepia: ; --tw-drop-shadow: ; --tw-backdrop-blur: ; --tw-backdrop-brightness: ; --tw-backdrop-contrast: ; --tw-backdrop-grayscale: ; --tw-backdrop-hue-rotate: ; --tw-backdrop-invert: ; --tw-backdrop-opacity: ; --tw-backdrop-saturate: ; --tw-backdrop-sepia: ; --tw-contain-size: ; --tw-contain-layout: ; --tw-contain-paint: ; --tw-contain-style: ; margin: 0px; padding-left: 0.375em; display: block; min-height: 28px;\"><span style=\"border: 0px solid rgb(227, 227, 227); box-sizing: border-box; --tw-border-spacing-x: 0; --tw-border-spacing-y: 0; --tw-translate-x: 0; --tw-translate-y: 0; --tw-rotate: 0; --tw-skew-x: 0; --tw-skew-y: 0; --tw-scale-x: 1; --tw-scale-y: 1; --tw-pan-x: ; --tw-pan-y: ; --tw-pinch-zoom: ; --tw-scroll-snap-strictness: proximity; --tw-gradient-from-position: ; --tw-gradient-via-position: ; --tw-gradient-to-position: ; --tw-ordinal: ; --tw-slashed-zero: ; --tw-numeric-figure: ; --tw-numeric-spacing: ; --tw-numeric-fraction: ; --tw-ring-inset: ; --tw-ring-offset-width: 0px; --tw-ring-offset-color: #fff; --tw-ring-color: rgba(69,89,164,.5); --tw-ring-offset-shadow: 0 0 transparent; --tw-ring-shadow: 0 0 transparent; --tw-shadow: 0 0 transparent; --tw-shadow-colored: 0 0 transparent; --tw-blur: ; --tw-brightness: ; --tw-contrast: ; --tw-grayscale: ; --tw-hue-rotate: ; --tw-invert: ; --tw-saturate: ; --tw-sepia: ; --tw-drop-shadow: ; --tw-backdrop-blur: ; --tw-backdrop-brightness: ; --tw-backdrop-contrast: ; --tw-backdrop-grayscale: ; --tw-backdrop-hue-rotate: ; --tw-backdrop-invert: ; --tw-backdrop-opacity: ; --tw-backdrop-saturate: ; --tw-backdrop-sepia: ; --tw-contain-size: ; --tw-contain-layout: ; --tw-contain-paint: ; --tw-contain-style: ; font-weight: 600; color: var(--tw-prose-bold); margin-top: 1.25em; margin-bottom: 1.25em;\">\u00c7ad\u0131r Kamp\u0131:<\/span> Kendi \u00e7ad\u0131r\u0131n\u0131z\u0131 kurabilece\u011finiz serbest kamp alanlar\u0131 mevcut.<span style=\"border: 0px solid rgb(227, 227, 227); box-sizing: border-box; --tw-border-spacing-x: 0; --tw-border-spacing-y: 0; --tw-translate-x: 0; --tw-translate-y: 0; --tw-rotate: 0; --tw-skew-x: 0; --tw-skew-y: 0; --tw-scale-x: 1; --tw-scale-y: 1; --tw-pan-x: ; --tw-pan-y: ; --tw-pinch-zoom: ; --tw-scroll-snap-strictness: proximity; --tw-gradient-from-position: ; --tw-gradient-via-position: ; --tw-gradient-to-position: ; --tw-ordinal: ; --tw-slashed-zero: ; --tw-numeric-figure: ; --tw-numeric-spacing: ; --tw-numeric-fraction: ; --tw-ring-inset: ; --tw-ring-offset-width: 0px; --tw-ring-offset-color: #fff; --tw-ring-color: rgba(69,89,164,.5); --tw-ring-offset-shadow: 0 0 transparent; --tw-ring-shadow: 0 0 transparent; --tw-shadow: 0 0 transparent; --tw-shadow-colored: 0 0 transparent; --tw-blur: ; --tw-brightness: ; --tw-contrast: ; --tw-grayscale: ; --tw-hue-rotate: ; --tw-invert: ; --tw-saturate: ; --tw-sepia: ; --tw-drop-shadow: ; --tw-backdrop-blur: ; --tw-backdrop-brightness: ; --tw-backdrop-contrast: ; --tw-backdrop-grayscale: ; --tw-backdrop-hue-rotate: ; --tw-backdrop-invert: ; --tw-backdrop-opacity: ; --tw-backdrop-saturate: ; --tw-backdrop-sepia: ; --tw-contain-size: ; --tw-contain-layout: ; --tw-contain-paint: ; --tw-contain-style: ; font-weight: 600; color: var(--tw-prose-bold); margin-top: 1.25em; margin-bottom: 1.25em;\">Karavan Kamp\u0131:<\/span> Karavan\u0131n\u0131zla gelip konaklayabilece\u011finiz geni\u015f alanlar bulunmaktad\u0131r.<\/li><\/ul><p style=\"border: 0px solid rgb(227, 227, 227); box-sizing: border-box; --tw-border-spacing-x: 0; --tw-border-spacing-y: 0; --tw-translate-x: 0; --tw-translate-y: 0; --tw-rotate: 0; --tw-skew-x: 0; --tw-skew-y: 0; --tw-scale-x: 1; --tw-scale-y: 1; --tw-pan-x: ; --tw-pan-y: ; --tw-pinch-zoom: ; --tw-scroll-snap-strictness: proximity; --tw-gradient-from-position: ; --tw-gradient-via-position: ; --tw-gradient-to-position: ; --tw-ordinal: ; --tw-slashed-zero: ; --tw-numeric-figure: ; --tw-numeric-spacing: ; --tw-numeric-fraction: ; --tw-ring-inset: ; --tw-ring-offset-width: 0px; --tw-ring-offset-color: #fff; --tw-ring-color: rgba(69,89,164,.5); --tw-ring-offset-shadow: 0 0 transparent; --tw-ring-shadow: 0 0 transparent; --tw-shadow: 0 0 transparent; --tw-shadow-colored: 0 0 transparent; --tw-blur: ; --tw-brightness: ; --tw-contrast: ; --tw-grayscale: ; --tw-hue-rotate: ; --tw-invert: ; --tw-saturate: ; --tw-sepia: ; --tw-drop-shadow: ; --tw-backdrop-blur: ; --tw-backdrop-brightness: ; --tw-backdrop-contrast: ; --tw-backdrop-grayscale: ; --tw-backdrop-hue-rotate: ; --tw-backdrop-invert: ; --tw-backdrop-opacity: ; --tw-backdrop-saturate: ; --tw-backdrop-sepia: ; --tw-contain-size: ; --tw-contain-layout: ; --tw-contain-paint: ; --tw-contain-style: ; margin: 1.25em 0px; color: rgb(13, 13, 13); font-family: S\u00f6hne, ui-sans-serif, system-ui, -apple-system, &quot;Segoe UI&quot;, Roboto, Ubuntu, Cantarell, &quot;Noto Sans&quot;, sans-serif, &quot;Helvetica Neue&quot;, Arial, &quot;Apple Color Emoji&quot;, &quot;Segoe UI Emoji&quot;, &quot;Segoe UI Symbol&quot;, &quot;Noto Color Emoji&quot;; font-size: 16px;\"><span style=\"border: 0px solid rgb(227, 227, 227); box-sizing: border-box; --tw-border-spacing-x: 0; --tw-border-spacing-y: 0; --tw-translate-x: 0; --tw-translate-y: 0; --tw-rotate: 0; --tw-skew-x: 0; --tw-skew-y: 0; --tw-scale-x: 1; --tw-scale-y: 1; --tw-pan-x: ; --tw-pan-y: ; --tw-pinch-zoom: ; --tw-scroll-snap-strictness: proximity; --tw-gradient-from-position: ; --tw-gradient-via-position: ; --tw-gradient-to-position: ; --tw-ordinal: ; --tw-slashed-zero: ; --tw-numeric-figure: ; --tw-numeric-spacing: ; --tw-numeric-fraction: ; --tw-ring-inset: ; --tw-ring-offset-width: 0px; --tw-ring-offset-color: #fff; --tw-ring-color: rgba(69,89,164,.5); --tw-ring-offset-shadow: 0 0 transparent; --tw-ring-shadow: 0 0 transparent; --tw-shadow: 0 0 transparent; --tw-shadow-colored: 0 0 transparent; --tw-blur: ; --tw-brightness: ; --tw-contrast: ; --tw-grayscale: ; --tw-hue-rotate: ; --tw-invert: ; --tw-saturate: ; --tw-sepia: ; --tw-drop-shadow: ; --tw-backdrop-blur: ; --tw-backdrop-brightness: ; --tw-backdrop-contrast: ; --tw-backdrop-grayscale: ; --tw-backdrop-hue-rotate: ; --tw-backdrop-invert: ; --tw-backdrop-opacity: ; --tw-backdrop-saturate: ; --tw-backdrop-sepia: ; --tw-contain-size: ; --tw-contain-layout: ; --tw-contain-paint: ; --tw-contain-style: ; font-weight: 600; color: var(--tw-prose-bold);\">\u0130mkanlar:<\/span><\/p><ul style=\"border: 0px solid rgb(227, 227, 227); --tw-border-spacing-x: 0; --tw-border-spacing-y: 0; --tw-translate-x: 0; --tw-translate-y: 0; --tw-rotate: 0; --tw-skew-x: 0; --tw-skew-y: 0; --tw-scale-x: 1; --tw-scale-y: 1; --tw-pan-x: ; --tw-pan-y: ; --tw-pinch-zoom: ; --tw-scroll-snap-strictness: proximity; --tw-gradient-from-position: ; --tw-gradient-via-position: ; --tw-gradient-to-position: ; --tw-ordinal: ; --tw-slashed-zero: ; --tw-numeric-figure: ; --tw-numeric-spacing: ; --tw-numeric-fraction: ; --tw-ring-inset: ; --tw-ring-offset-width: 0px; --tw-ring-offset-color: #fff; --tw-ring-color: rgba(69,89,164,.5); --tw-ring-offset-shadow: 0 0 transparent; --tw-ring-shadow: 0 0 transparent; --tw-shadow: 0 0 transparent; --tw-shadow-colored: 0 0 transparent; --tw-blur: ; --tw-brightness: ; --tw-contrast: ; --tw-grayscale: ; --tw-hue-rotate: ; --tw-invert: ; --tw-saturate: ; --tw-sepia: ; --tw-drop-shadow: ; --tw-backdrop-blur: ; --tw-backdrop-brightness: ; --tw-backdrop-contrast: ; --tw-backdrop-grayscale: ; --tw-backdrop-hue-rotate: ; --tw-backdrop-invert: ; --tw-backdrop-opacity: ; --tw-backdrop-saturate: ; --tw-backdrop-sepia: ; --tw-contain-size: ; --tw-contain-layout: ; --tw-contain-paint: ; --tw-contain-style: ; list-style-type: disc; margin: 1.25em 0px; padding: 0px; display: flex; flex-direction: column; color: rgb(13, 13, 13); font-family: S\u00f6hne, ui-sans-serif, system-ui, -apple-system, &quot;Segoe UI&quot;, Roboto, Ubuntu, Cantarell, &quot;Noto Sans&quot;, sans-serif, &quot;Helvetica Neue&quot;, Arial, &quot;Apple Color Emoji&quot;, &quot;Segoe UI Emoji&quot;, &quot;Segoe UI Symbol&quot;, &quot;Noto Color Emoji&quot;; font-size: 16px;\"><li style=\"border: 0px solid rgb(227, 227, 227); box-sizing: border-box; --tw-border-spacing-x: 0; --tw-border-spacing-y: 0; --tw-translate-x: 0; --tw-translate-y: 0; --tw-rotate: 0; --tw-skew-x: 0; --tw-skew-y: 0; --tw-scale-x: 1; --tw-scale-y: 1; --tw-pan-x: ; --tw-pan-y: ; --tw-pinch-zoom: ; --tw-scroll-snap-strictness: proximity; --tw-gradient-from-position: ; --tw-gradient-via-position: ; --tw-gradient-to-position: ; --tw-ordinal: ; --tw-slashed-zero: ; --tw-numeric-figure: ; --tw-numeric-spacing: ; --tw-numeric-fraction: ; --tw-ring-inset: ; --tw-ring-offset-width: 0px; --tw-ring-offset-color: #fff; --tw-ring-color: rgba(69,89,164,.5); --tw-ring-offset-shadow: 0 0 transparent; --tw-ring-shadow: 0 0 transparent; --tw-shadow: 0 0 transparent; --tw-shadow-colored: 0 0 transparent; --tw-blur: ; --tw-brightness: ; --tw-contrast: ; --tw-grayscale: ; --tw-hue-rotate: ; --tw-invert: ; --tw-saturate: ; --tw-sepia: ; --tw-drop-shadow: ; --tw-backdrop-blur: ; --tw-backdrop-brightness: ; --tw-backdrop-contrast: ; --tw-backdrop-grayscale: ; --tw-backdrop-hue-rotate: ; --tw-backdrop-invert: ; --tw-backdrop-opacity: ; --tw-backdrop-saturate: ; --tw-backdrop-sepia: ; --tw-contain-size: ; --tw-contain-layout: ; --tw-contain-paint: ; --tw-contain-style: ; margin: 0px; padding-left: 0.375em; display: block; min-height: 28px;\"><span style=\"border: 0px solid rgb(227, 227, 227); box-sizing: border-box; --tw-border-spacing-x: 0; --tw-border-spacing-y: 0; --tw-translate-x: 0; --tw-translate-y: 0; --tw-rotate: 0; --tw-skew-x: 0; --tw-skew-y: 0; --tw-scale-x: 1; --tw-scale-y: 1; --tw-pan-x: ; --tw-pan-y: ; --tw-pinch-zoom: ; --tw-scroll-snap-strictness: proximity; --tw-gradient-from-position: ; --tw-gradient-via-position: ; --tw-gradient-to-position: ; --tw-ordinal: ; --tw-slashed-zero: ; --tw-numeric-figure: ; --tw-numeric-spacing: ; --tw-numeric-fraction: ; --tw-ring-inset: ; --tw-ring-offset-width: 0px; --tw-ring-offset-color: #fff; --tw-ring-color: rgba(69,89,164,.5); --tw-ring-offset-shadow: 0 0 transparent; --tw-ring-shadow: 0 0 transparent; --tw-shadow: 0 0 transparent; --tw-shadow-colored: 0 0 transparent; --tw-blur: ; --tw-brightness: ; --tw-contrast: ; --tw-grayscale: ; --tw-hue-rotate: ; --tw-invert: ; --tw-saturate: ; --tw-sepia: ; --tw-drop-shadow: ; --tw-backdrop-blur: ; --tw-backdrop-brightness: ; --tw-backdrop-contrast: ; --tw-backdrop-grayscale: ; --tw-backdrop-hue-rotate: ; --tw-backdrop-invert: ; --tw-backdrop-opacity: ; --tw-backdrop-saturate: ; --tw-backdrop-sepia: ; --tw-contain-size: ; --tw-contain-layout: ; --tw-contain-paint: ; --tw-contain-style: ; font-weight: 600; color: var(--tw-prose-bold); margin-top: 1.25em; margin-bottom: 1.25em;\">Yiyecek ve \u0130\u00e7ecek:<\/span> K\u00f6yde ve yol \u00fczerinde bulunan restoran ve kafelerde yemek ihtiya\u00e7lar\u0131n\u0131z\u0131 kar\u015f\u0131layabilirsiniz. \u0130sterseniz kendi yiyecek ve i\u00e7eceklerinizi de getirebilirsiniz.<span style=\"border: 0px solid rgb(227, 227, 227); box-sizing: border-box; --tw-border-spacing-x: 0; --tw-border-spacing-y: 0; --tw-translate-x: 0; --tw-translate-y: 0; --tw-rotate: 0; --tw-skew-x: 0; --tw-skew-y: 0; --tw-scale-x: 1; --tw-scale-y: 1; --tw-pan-x: ; --tw-pan-y: ; --tw-pinch-zoom: ; --tw-scroll-snap-strictness: proximity; --tw-gradient-from-position: ; --tw-gradient-via-position: ; --tw-gradient-to-position: ; --tw-ordinal: ; --tw-slashed-zero: ; --tw-numeric-figure: ; --tw-numeric-spacing: ; --tw-numeric-fraction: ; --tw-ring-inset: ; --tw-ring-offset-width: 0px; --tw-ring-offset-color: #fff; --tw-ring-color: rgba(69,89,164,.5); --tw-ring-offset-shadow: 0 0 transparent; --tw-ring-shadow: 0 0 transparent; --tw-shadow: 0 0 transparent; --tw-shadow-colored: 0 0 transparent; --tw-blur: ; --tw-brightness: ; --tw-contrast: ; --tw-grayscale: ; --tw-hue-rotate: ; --tw-invert: ; --tw-saturate: ; --tw-sepia: ; --tw-drop-shadow: ; --tw-backdrop-blur: ; --tw-backdrop-brightness: ; --tw-backdrop-contrast: ; --tw-backdrop-grayscale: ; --tw-backdrop-hue-rotate: ; --tw-backdrop-invert: ; --tw-backdrop-opacity: ; --tw-backdrop-saturate: ; --tw-backdrop-sepia: ; --tw-contain-size: ; --tw-contain-layout: ; --tw-contain-paint: ; --tw-contain-style: ; font-weight: 600; color: var(--tw-prose-bold); margin-top: 1.25em; margin-bottom: 1.25em;\">Temel \u0130htiya\u00e7lar:<\/span> Elektrik ve s\u0131cak su gibi temel ihtiya\u00e7lar\u0131n \u00e7o\u011fu mevcuttur.<\/li><\/ul><p style=\"border: 0px solid rgb(227, 227, 227); box-sizing: border-box; --tw-border-spacing-x: 0; --tw-border-spacing-y: 0; --tw-translate-x: 0; --tw-translate-y: 0; --tw-rotate: 0; --tw-skew-x: 0; --tw-skew-y: 0; --tw-scale-x: 1; --tw-scale-y: 1; --tw-pan-x: ; --tw-pan-y: ; --tw-pinch-zoom: ; --tw-scroll-snap-strictness: proximity; --tw-gradient-from-position: ; --tw-gradient-via-position: ; --tw-gradient-to-position: ; --tw-ordinal: ; --tw-slashed-zero: ; --tw-numeric-figure: ; --tw-numeric-spacing: ; --tw-numeric-fraction: ; --tw-ring-inset: ; --tw-ring-offset-width: 0px; --tw-ring-offset-color: #fff; --tw-ring-color: rgba(69,89,164,.5); --tw-ring-offset-shadow: 0 0 transparent; --tw-ring-shadow: 0 0 transparent; --tw-shadow: 0 0 transparent; --tw-shadow-colored: 0 0 transparent; --tw-blur: ; --tw-brightness: ; --tw-contrast: ; --tw-grayscale: ; --tw-hue-rotate: ; --tw-invert: ; --tw-saturate: ; --tw-sepia: ; --tw-drop-shadow: ; --tw-backdrop-blur: ; --tw-backdrop-brightness: ; --tw-backdrop-contrast: ; --tw-backdrop-grayscale: ; --tw-backdrop-hue-rotate: ; --tw-backdrop-invert: ; --tw-backdrop-opacity: ; --tw-backdrop-saturate: ; --tw-backdrop-sepia: ; --tw-contain-size: ; --tw-contain-layout: ; --tw-contain-paint: ; --tw-contain-style: ; margin: 1.25em 0px; color: rgb(13, 13, 13); font-family: S\u00f6hne, ui-sans-serif, system-ui, -apple-system, &quot;Segoe UI&quot;, Roboto, Ubuntu, Cantarell, &quot;Noto Sans&quot;, sans-serif, &quot;Helvetica Neue&quot;, Arial, &quot;Apple Color Emoji&quot;, &quot;Segoe UI Emoji&quot;, &quot;Segoe UI Symbol&quot;, &quot;Noto Color Emoji&quot;; font-size: 16px;\">M\u00fc\u015fk\u00fcle K\u00f6y\u00fc kamp alan\u0131, belirlenmi\u015f \u00f6zel bir alan olmamas\u0131na ra\u011fmen, \u00e7ad\u0131r veya karavan\u0131n\u0131zla gelebilece\u011finiz, do\u011fal ortamda konaklama imkan\u0131 sunar. Bu alanda kamp yapmak, do\u011fayla ba\u015f ba\u015fa kalmak ve stres atmak i\u00e7in m\u00fckemmel bir f\u0131rsatt\u0131r.M\u00fc\u015fk\u00fcle K\u00f6y\u00fc, hem deneyimli kamperler i\u00e7in hem de bu deneyimi ilk kez ya\u015fayacak olanlar i\u00e7in uygun, do\u011fal ve sakin bir ortam vaat eder. \u0130znik G\u00f6l\u00fc\u2019n\u00fcn yan\u0131 ba\u015f\u0131nda, g\u00f6l manzaras\u0131 e\u015fli\u011finde unutulmaz anlar ya\u015fayabilirsiniz.<\/p><\/p>\n\n\n\n<hr class=\"wp-block-separator has-alpha-channel-opacity is-style-wide\"\/>\n\n\n\n<ul class=\"wp-block-list\">\n<li><strong><strong>M\u00fc\u015fk\u00fcle K\u00f6y\u00fc Kamp Alan\u0131<\/strong><\/strong> <strong>Adres<\/strong>&nbsp;:M\u00fc\u015fk\u00fcle 16860 \u0130znik\/Bursa<\/li>\n\n\n\n<li><strong><strong><strong><strong><strong><strong>M\u00fc\u015fk\u00fcle K\u00f6y\u00fc Kamp Alan\u0131<\/strong><\/strong><\/strong><\/strong><\/strong> Konumu:<\/strong>&nbsp;<em><strong><a href=\"https:\/\/www.google.com\/maps\/place\/M%C3%BC%C5%9Fk%C3%BCle,+16860+%C4%B0znik%2FBursa\/@40.3775,29.5408,17z\/data=!4m16!1m9!3m8!1s0x14cba916a5b9015f:0xf45a917e48abc1d2!2zTcO8xZ9rw7xsZSwgMTY4NjAgxLB6bmlrL0J1cnNh!3b1!8m2!3d40.3775!4d29.5408!10e5!16s%2Fg%2F121l0yw1!3m5!1s0x14cba916a5b9015f:0xf45a917e48abc1d2!8m2!3d40.3775!4d29.5408!16s%2Fg%2F121l0yw1?entry=ttu\">Konum<\/a><\/strong>&nbsp;<\/em>ba\u011flant\u0131s\u0131na t\u0131klay\u0131n.<\/li>\n<\/ul>\n\n\n\n<hr class=\"wp-block-separator has-alpha-channel-opacity is-style-wide\"\/>\n\n\n\n<p><strong>\u0130znik Kamp Alanlar\u0131<\/strong>&nbsp;i\u00e7eri\u011fimizin sonuna geldik sizlere \u0130znik&#8217;de kamp yapabilece\u011finiz \u00fccretli ve \u00fccretsiz kamp alanlar\u0131n\u0131 aktarmaya \u00e7al\u0131\u015ft\u0131k.Umar\u0131z i\u00e7eri\u011fimiz sizlere faydal\u0131 olabilmi\u015ftir.Bu kamp alanlar\u0131 ile ilgili detayl\u0131 bilgiler i\u00e7in&nbsp;<em><strong><a href=\"https:\/\/geziyoo.co\/?select=Kamp+Alanlar%C4%B1&amp;lp_s_loc=241&amp;lp_s_tag=&amp;lp_s_cat=189&amp;s=home&amp;post_type=listing\">Bursa KAMP L\u0130STES\u0130<\/a><\/strong><\/em>&nbsp;sayfam\u0131za da bakman\u0131z\u0131 tavsiye eder g\u00fczel bir kamp ge\u00e7irmenizi dileriz.<\/p>\n\n\n\n<hr class=\"wp-block-separator has-css-opacity is-style-wide\"\/>\n\n\n\n<h3 class=\"wp-block-heading\">Bunlar\u0131 da Sevebilirsiniz;<\/h3>\n\n\n<ul class=\"wp-block-latest-posts__list wp-block-latest-posts\"><li><a class=\"wp-block-latest-posts__post-title\" href=\"https:\/\/geziyoo.co\/blog\/batman-kamp-alanlari\/\">Batman ve \u00c7evresi Do\u011fa \u0130\u00e7inde 4 Kamp Noktas\u0131 (Konum ve \u0130pu\u00e7lar\u0131)<\/a><\/li>\n<li><a class=\"wp-block-latest-posts__post-title\" href=\"https:\/\/geziyoo.co\/blog\/ayder-yaylasi-kamp-alanlari-ve-karavan-alanlari\/\">Ayder Yaylas\u0131 ve \u00c7evresi 2 Kamp Noktas\u0131 (Konum ve \u0130pu\u00e7lar\u0131)<\/a><\/li>\n<li><a class=\"wp-block-latest-posts__post-title\" href=\"https:\/\/geziyoo.co\/blog\/ardesen-kamp-alanlari-ve-karavan-alanlari\/\">Arde\u015fen ve F\u0131rt\u0131na Vadisi Giri\u015fi 5 Kamp Noktas\u0131 (Konum ve \u0130pu\u00e7lar\u0131)<\/a><\/li>\n<\/ul>","protected":false},"excerpt":{"rendered":"<p>\u0130znik, tarihin en \u00f6nemli kons\u00fcllerine ev sahipli\u011fi yapm\u0131\u015f surlar\u0131, d\u00fcnyaca \u00fcnl\u00fc \u00e7inileri ve T\u00fcrkiye\u2019nin en b\u00fcy\u00fck 5. g\u00f6l\u00fc olan \u0130znik G\u00f6l\u00fc ile kamp\u00e7\u0131lar i\u00e7in hem k\u00fclt\u00fcrel hem do\u011fal bir mirast\u0131r. \u00d6zellikle g\u00f6l\u00fcn do\u011fusundan batan g\u00fcne\u015fi izlemek bir rit\u00fcel gibidir; suyun rengi turuncudan mora d\u00f6nerken \u00e7ad\u0131r\u0131n\u0131z\u0131n \u00f6n\u00fcnde oturmak paha bi\u00e7ilemez bir deneyimdir. Ayr\u0131ca do\u011fa sporlar\u0131n\u0131 sevenler &hellip;<\/p>\n","protected":false},"author":1,"featured_media":9086,"comment_status":"open","ping_status":"closed","sticky":false,"template":"","format":"standard","meta":{"footnotes":""},"categories":[589,23],"tags":[],"class_list":["post-9080","post","type-post","status-publish","format-standard","has-post-thumbnail","hentry","category-kamp1","category-kamp-kamp-alanlari"],"yoast_head":"<!-- This site is optimized with the Yoast SEO plugin v26.9 - https:\/\/yoast.com\/product\/yoast-seo-wordpress\/ -->\n<title>\u0130znik&#039;de En \u0130yi 19 Kamp Alan\u0131: \u00dccretli, \u00dccretsiz ve Tesisli | Geziyoo<\/title>\n<meta name=\"description\" content=\"\u0130znik, \u0130znik G\u00f6l\u00fc k\u0131y\u0131s\u0131, Sansarak Kanyonu ve yaylalar dahil \u00fccretli ve \u00fccretsiz 10 kamp alan\u0131n\u0131 listeledik. Komisyon yok! \u0130\u015fletme telefonlar\u0131 ve detayl\u0131 konumlar\" \/>\n<meta name=\"robots\" content=\"index, follow, max-snippet:-1, max-image-preview:large, max-video-preview:-1\" \/>\n<link rel=\"canonical\" href=\"https:\/\/geziyoo.co\/blog\/iznik-kamp-alanlari-ve-karavan-alanlari\/\" \/>\n<meta property=\"og:locale\" content=\"tr_TR\" \/>\n<meta property=\"og:type\" content=\"article\" \/>\n<meta property=\"og:title\" content=\"\u0130znik&#039;de En \u0130yi 19 Kamp Alan\u0131: \u00dccretli, \u00dccretsiz ve Tesisli | Geziyoo\" \/>\n<meta property=\"og:description\" content=\"\u0130znik, \u0130znik G\u00f6l\u00fc k\u0131y\u0131s\u0131, Sansarak Kanyonu ve yaylalar dahil \u00fccretli ve \u00fccretsiz 10 kamp alan\u0131n\u0131 listeledik. Komisyon yok! \u0130\u015fletme telefonlar\u0131 ve detayl\u0131 konumlar\" \/>\n<meta property=\"og:url\" content=\"https:\/\/geziyoo.co\/blog\/iznik-kamp-alanlari-ve-karavan-alanlari\/\" \/>\n<meta property=\"og:site_name\" content=\"Geziyoo.co\" \/>\n<meta property=\"article:publisher\" content=\"https:\/\/www.facebook.com\/Geziyooco\" \/>\n<meta property=\"article:author\" content=\"https:\/\/www.facebook.com\/geziyoo.co\" \/>\n<meta property=\"article:published_time\" content=\"2022-01-28T04:57:06+00:00\" \/>\n<meta property=\"article:modified_time\" content=\"2026-01-28T09:27:41+00:00\" \/>\n<meta property=\"og:image\" content=\"https:\/\/geziyoo.co\/blog\/wp-content\/uploads\/2022\/01\/Iznik-Golu-Kamp-Alani-1.jpg\" \/>\n\t<meta property=\"og:image:width\" content=\"800\" \/>\n\t<meta property=\"og:image:height\" content=\"532\" \/>\n\t<meta property=\"og:image:type\" content=\"image\/jpeg\" \/>\n<meta name=\"author\" content=\"Geziyoo\" \/>\n<meta name=\"twitter:card\" content=\"summary_large_image\" \/>\n<meta name=\"twitter:creator\" content=\"@https:\/\/twitter.com\/geziyoo\" \/>\n<meta name=\"twitter:site\" content=\"@geziyoo\" \/>\n<meta name=\"twitter:label1\" content=\"Yazan:\" \/>\n\t<meta name=\"twitter:data1\" content=\"Geziyoo\" \/>\n\t<meta name=\"twitter:label2\" content=\"Tahmini okuma s\u00fcresi\" \/>\n\t<meta name=\"twitter:data2\" content=\"16 dakika\" \/>\n<script type=\"application\/ld+json\" class=\"yoast-schema-graph\">{\"@context\":\"https:\/\/schema.org\",\"@graph\":[{\"@type\":\"Article\",\"@id\":\"https:\/\/geziyoo.co\/blog\/iznik-kamp-alanlari-ve-karavan-alanlari\/#article\",\"isPartOf\":{\"@id\":\"https:\/\/geziyoo.co\/blog\/iznik-kamp-alanlari-ve-karavan-alanlari\/\"},\"author\":{\"name\":\"Geziyoo\",\"@id\":\"https:\/\/geziyoo.co\/blog\/#\/schema\/person\/032acb2436540ed14784e7d978aef0e4\"},\"headline\":\"\u0130znik Geneli \u00dccretli ve \u00dccretsiz 10+ Kamp Alan\u0131 (\u0130leti\u015fim ve Konum)\",\"datePublished\":\"2022-01-28T04:57:06+00:00\",\"dateModified\":\"2026-01-28T09:27:41+00:00\",\"mainEntityOfPage\":{\"@id\":\"https:\/\/geziyoo.co\/blog\/iznik-kamp-alanlari-ve-karavan-alanlari\/\"},\"wordCount\":3264,\"commentCount\":0,\"publisher\":{\"@id\":\"https:\/\/geziyoo.co\/blog\/#organization\"},\"image\":{\"@id\":\"https:\/\/geziyoo.co\/blog\/iznik-kamp-alanlari-ve-karavan-alanlari\/#primaryimage\"},\"thumbnailUrl\":\"https:\/\/geziyoo.co\/blog\/wp-content\/uploads\/2022\/01\/Iznik-Golu-Kamp-Alani-1.jpg\",\"articleSection\":[\"Kamp\",\"Kamp Alanlar\u0131\"],\"inLanguage\":\"tr\",\"potentialAction\":[{\"@type\":\"CommentAction\",\"name\":\"Comment\",\"target\":[\"https:\/\/geziyoo.co\/blog\/iznik-kamp-alanlari-ve-karavan-alanlari\/#respond\"]}]},{\"@type\":\"WebPage\",\"@id\":\"https:\/\/geziyoo.co\/blog\/iznik-kamp-alanlari-ve-karavan-alanlari\/\",\"url\":\"https:\/\/geziyoo.co\/blog\/iznik-kamp-alanlari-ve-karavan-alanlari\/\",\"name\":\"\u0130znik'de En \u0130yi 19 Kamp Alan\u0131: \u00dccretli, \u00dccretsiz ve Tesisli | Geziyoo\",\"isPartOf\":{\"@id\":\"https:\/\/geziyoo.co\/blog\/#website\"},\"primaryImageOfPage\":{\"@id\":\"https:\/\/geziyoo.co\/blog\/iznik-kamp-alanlari-ve-karavan-alanlari\/#primaryimage\"},\"image\":{\"@id\":\"https:\/\/geziyoo.co\/blog\/iznik-kamp-alanlari-ve-karavan-alanlari\/#primaryimage\"},\"thumbnailUrl\":\"https:\/\/geziyoo.co\/blog\/wp-content\/uploads\/2022\/01\/Iznik-Golu-Kamp-Alani-1.jpg\",\"datePublished\":\"2022-01-28T04:57:06+00:00\",\"dateModified\":\"2026-01-28T09:27:41+00:00\",\"description\":\"\u0130znik, \u0130znik G\u00f6l\u00fc k\u0131y\u0131s\u0131, Sansarak Kanyonu ve yaylalar dahil \u00fccretli ve \u00fccretsiz 10 kamp alan\u0131n\u0131 listeledik. Komisyon yok! \u0130\u015fletme telefonlar\u0131 ve detayl\u0131 konumlar\",\"breadcrumb\":{\"@id\":\"https:\/\/geziyoo.co\/blog\/iznik-kamp-alanlari-ve-karavan-alanlari\/#breadcrumb\"},\"inLanguage\":\"tr\",\"potentialAction\":[{\"@type\":\"ReadAction\",\"target\":[\"https:\/\/geziyoo.co\/blog\/iznik-kamp-alanlari-ve-karavan-alanlari\/\"]}]},{\"@type\":\"ImageObject\",\"inLanguage\":\"tr\",\"@id\":\"https:\/\/geziyoo.co\/blog\/iznik-kamp-alanlari-ve-karavan-alanlari\/#primaryimage\",\"url\":\"https:\/\/geziyoo.co\/blog\/wp-content\/uploads\/2022\/01\/Iznik-Golu-Kamp-Alani-1.jpg\",\"contentUrl\":\"https:\/\/geziyoo.co\/blog\/wp-content\/uploads\/2022\/01\/Iznik-Golu-Kamp-Alani-1.jpg\",\"width\":800,\"height\":532},{\"@type\":\"BreadcrumbList\",\"@id\":\"https:\/\/geziyoo.co\/blog\/iznik-kamp-alanlari-ve-karavan-alanlari\/#breadcrumb\",\"itemListElement\":[{\"@type\":\"ListItem\",\"position\":1,\"name\":\"Ana sayfa\",\"item\":\"https:\/\/geziyoo.co\/blog\/\"},{\"@type\":\"ListItem\",\"position\":2,\"name\":\"\u0130znik Geneli \u00dccretli ve \u00dccretsiz 10+ Kamp Alan\u0131 (\u0130leti\u015fim ve Konum)\"}]},{\"@type\":\"WebSite\",\"@id\":\"https:\/\/geziyoo.co\/blog\/#website\",\"url\":\"https:\/\/geziyoo.co\/blog\/\",\"name\":\"Geziyoo Blog\",\"description\":\"GeziYoo Blog&#039;da T\u00fcrkiye&#039;nin en iyi kamp alanlar\u0131ndan bungalov tatillerine, karavan ipu\u00e7lar\u0131ndan gezi rehberlerine kadar her t\u00fcrl\u00fc do\u011fa deneyimini ke\u015ffedin.\",\"publisher\":{\"@id\":\"https:\/\/geziyoo.co\/blog\/#organization\"},\"potentialAction\":[{\"@type\":\"SearchAction\",\"target\":{\"@type\":\"EntryPoint\",\"urlTemplate\":\"https:\/\/geziyoo.co\/blog\/?s={search_term_string}\"},\"query-input\":{\"@type\":\"PropertyValueSpecification\",\"valueRequired\":true,\"valueName\":\"search_term_string\"}}],\"inLanguage\":\"tr\"},{\"@type\":\"Organization\",\"@id\":\"https:\/\/geziyoo.co\/blog\/#organization\",\"name\":\"Geziyoo.co\",\"url\":\"https:\/\/geziyoo.co\/blog\/\",\"logo\":{\"@type\":\"ImageObject\",\"inLanguage\":\"tr\",\"@id\":\"https:\/\/geziyoo.co\/blog\/#\/schema\/logo\/image\/\",\"url\":\"https:\/\/geziyoo.co\/blog\/wp-content\/uploads\/2025\/01\/Paragraf-metniniz-3.png\",\"contentUrl\":\"https:\/\/geziyoo.co\/blog\/wp-content\/uploads\/2025\/01\/Paragraf-metniniz-3.png\",\"width\":270,\"height\":50,\"caption\":\"Geziyoo.co\"},\"image\":{\"@id\":\"https:\/\/geziyoo.co\/blog\/#\/schema\/logo\/image\/\"},\"sameAs\":[\"https:\/\/www.facebook.com\/Geziyooco\",\"https:\/\/x.com\/geziyoo\",\"https:\/\/tr.pinterest.com\/geziyooco\/\",\"https:\/\/www.youtube.com\/@geziyoo\",\"https:\/\/www.instagram.com\/geziyoo.co\/\"]},{\"@type\":\"Person\",\"@id\":\"https:\/\/geziyoo.co\/blog\/#\/schema\/person\/032acb2436540ed14784e7d978aef0e4\",\"name\":\"Geziyoo\",\"image\":{\"@type\":\"ImageObject\",\"inLanguage\":\"tr\",\"@id\":\"https:\/\/geziyoo.co\/blog\/#\/schema\/person\/image\/\",\"url\":\"https:\/\/secure.gravatar.com\/avatar\/ae212a4514471fdb8cab6e5af4f3c99b940a2d0a16713ea0392c8d7c8a64f30a?s=96&d=mm&r=g\",\"contentUrl\":\"https:\/\/secure.gravatar.com\/avatar\/ae212a4514471fdb8cab6e5af4f3c99b940a2d0a16713ea0392c8d7c8a64f30a?s=96&d=mm&r=g\",\"caption\":\"Geziyoo\"},\"description\":\"Do\u011fa ile i\u00e7 i\u00e7e olabilece\u011finiz yerler,do\u011fa aktivite alanlar\u0131,kamp alanlar\u0131,bungalov oteller,Tiny House Oteller, Galampingler ve da\u011f evlerinin herkes i\u00e7in ula\u015f\u0131labilir olmas\u0131n\u0131 sa\u011flamak amac\u0131yla Geziyoo\u2019ya 2019 y\u0131l\u0131nda ba\u015flad\u0131k.Do\u011fal Tatil konseptini uygulayan en geni\u015f kapsaml\u0131 sitedir.\",\"sameAs\":[\"https:\/\/geziyoo.co\/\",\"https:\/\/www.facebook.com\/geziyoo.co\",\"https:\/\/www.instagram.com\/geziyoo.co\/\",\"https:\/\/tr.pinterest.com\/geziyooco\/\",\"https:\/\/x.com\/https:\/\/twitter.com\/geziyoo\",\"https:\/\/www.youtube.com\/channel\/UCdiSMa6pe17KEY7DP1Ug4ag\"]}]}<\/script>\n<!-- \/ Yoast SEO plugin. -->","yoast_head_json":{"title":"\u0130znik'de En \u0130yi 19 Kamp Alan\u0131: \u00dccretli, \u00dccretsiz ve Tesisli | Geziyoo","description":"\u0130znik, \u0130znik G\u00f6l\u00fc k\u0131y\u0131s\u0131, Sansarak Kanyonu ve yaylalar dahil \u00fccretli ve \u00fccretsiz 10 kamp alan\u0131n\u0131 listeledik. Komisyon yok! \u0130\u015fletme telefonlar\u0131 ve detayl\u0131 konumlar","robots":{"index":"index","follow":"follow","max-snippet":"max-snippet:-1","max-image-preview":"max-image-preview:large","max-video-preview":"max-video-preview:-1"},"canonical":"https:\/\/geziyoo.co\/blog\/iznik-kamp-alanlari-ve-karavan-alanlari\/","og_locale":"tr_TR","og_type":"article","og_title":"\u0130znik'de En \u0130yi 19 Kamp Alan\u0131: \u00dccretli, \u00dccretsiz ve Tesisli | Geziyoo","og_description":"\u0130znik, \u0130znik G\u00f6l\u00fc k\u0131y\u0131s\u0131, Sansarak Kanyonu ve yaylalar dahil \u00fccretli ve \u00fccretsiz 10 kamp alan\u0131n\u0131 listeledik. Komisyon yok! \u0130\u015fletme telefonlar\u0131 ve detayl\u0131 konumlar","og_url":"https:\/\/geziyoo.co\/blog\/iznik-kamp-alanlari-ve-karavan-alanlari\/","og_site_name":"Geziyoo.co","article_publisher":"https:\/\/www.facebook.com\/Geziyooco","article_author":"https:\/\/www.facebook.com\/geziyoo.co","article_published_time":"2022-01-28T04:57:06+00:00","article_modified_time":"2026-01-28T09:27:41+00:00","og_image":[{"width":800,"height":532,"url":"https:\/\/geziyoo.co\/blog\/wp-content\/uploads\/2022\/01\/Iznik-Golu-Kamp-Alani-1.jpg","type":"image\/jpeg"}],"author":"Geziyoo","twitter_card":"summary_large_image","twitter_creator":"@https:\/\/twitter.com\/geziyoo","twitter_site":"@geziyoo","twitter_misc":{"Yazan:":"Geziyoo","Tahmini okuma s\u00fcresi":"16 dakika"},"schema":{"@context":"https:\/\/schema.org","@graph":[{"@type":"Article","@id":"https:\/\/geziyoo.co\/blog\/iznik-kamp-alanlari-ve-karavan-alanlari\/#article","isPartOf":{"@id":"https:\/\/geziyoo.co\/blog\/iznik-kamp-alanlari-ve-karavan-alanlari\/"},"author":{"name":"Geziyoo","@id":"https:\/\/geziyoo.co\/blog\/#\/schema\/person\/032acb2436540ed14784e7d978aef0e4"},"headline":"\u0130znik Geneli \u00dccretli ve \u00dccretsiz 10+ Kamp Alan\u0131 (\u0130leti\u015fim ve Konum)","datePublished":"2022-01-28T04:57:06+00:00","dateModified":"2026-01-28T09:27:41+00:00","mainEntityOfPage":{"@id":"https:\/\/geziyoo.co\/blog\/iznik-kamp-alanlari-ve-karavan-alanlari\/"},"wordCount":3264,"commentCount":0,"publisher":{"@id":"https:\/\/geziyoo.co\/blog\/#organization"},"image":{"@id":"https:\/\/geziyoo.co\/blog\/iznik-kamp-alanlari-ve-karavan-alanlari\/#primaryimage"},"thumbnailUrl":"https:\/\/geziyoo.co\/blog\/wp-content\/uploads\/2022\/01\/Iznik-Golu-Kamp-Alani-1.jpg","articleSection":["Kamp","Kamp Alanlar\u0131"],"inLanguage":"tr","potentialAction":[{"@type":"CommentAction","name":"Comment","target":["https:\/\/geziyoo.co\/blog\/iznik-kamp-alanlari-ve-karavan-alanlari\/#respond"]}]},{"@type":"WebPage","@id":"https:\/\/geziyoo.co\/blog\/iznik-kamp-alanlari-ve-karavan-alanlari\/","url":"https:\/\/geziyoo.co\/blog\/iznik-kamp-alanlari-ve-karavan-alanlari\/","name":"\u0130znik'de En \u0130yi 19 Kamp Alan\u0131: \u00dccretli, \u00dccretsiz ve Tesisli | Geziyoo","isPartOf":{"@id":"https:\/\/geziyoo.co\/blog\/#website"},"primaryImageOfPage":{"@id":"https:\/\/geziyoo.co\/blog\/iznik-kamp-alanlari-ve-karavan-alanlari\/#primaryimage"},"image":{"@id":"https:\/\/geziyoo.co\/blog\/iznik-kamp-alanlari-ve-karavan-alanlari\/#primaryimage"},"thumbnailUrl":"https:\/\/geziyoo.co\/blog\/wp-content\/uploads\/2022\/01\/Iznik-Golu-Kamp-Alani-1.jpg","datePublished":"2022-01-28T04:57:06+00:00","dateModified":"2026-01-28T09:27:41+00:00","description":"\u0130znik, \u0130znik G\u00f6l\u00fc k\u0131y\u0131s\u0131, Sansarak Kanyonu ve yaylalar dahil \u00fccretli ve \u00fccretsiz 10 kamp alan\u0131n\u0131 listeledik. Komisyon yok! \u0130\u015fletme telefonlar\u0131 ve detayl\u0131 konumlar","breadcrumb":{"@id":"https:\/\/geziyoo.co\/blog\/iznik-kamp-alanlari-ve-karavan-alanlari\/#breadcrumb"},"inLanguage":"tr","potentialAction":[{"@type":"ReadAction","target":["https:\/\/geziyoo.co\/blog\/iznik-kamp-alanlari-ve-karavan-alanlari\/"]}]},{"@type":"ImageObject","inLanguage":"tr","@id":"https:\/\/geziyoo.co\/blog\/iznik-kamp-alanlari-ve-karavan-alanlari\/#primaryimage","url":"https:\/\/geziyoo.co\/blog\/wp-content\/uploads\/2022\/01\/Iznik-Golu-Kamp-Alani-1.jpg","contentUrl":"https:\/\/geziyoo.co\/blog\/wp-content\/uploads\/2022\/01\/Iznik-Golu-Kamp-Alani-1.jpg","width":800,"height":532},{"@type":"BreadcrumbList","@id":"https:\/\/geziyoo.co\/blog\/iznik-kamp-alanlari-ve-karavan-alanlari\/#breadcrumb","itemListElement":[{"@type":"ListItem","position":1,"name":"Ana sayfa","item":"https:\/\/geziyoo.co\/blog\/"},{"@type":"ListItem","position":2,"name":"\u0130znik Geneli \u00dccretli ve \u00dccretsiz 10+ Kamp Alan\u0131 (\u0130leti\u015fim ve Konum)"}]},{"@type":"WebSite","@id":"https:\/\/geziyoo.co\/blog\/#website","url":"https:\/\/geziyoo.co\/blog\/","name":"Geziyoo Blog","description":"GeziYoo Blog&#039;da T\u00fcrkiye&#039;nin en iyi kamp alanlar\u0131ndan bungalov tatillerine, karavan ipu\u00e7lar\u0131ndan gezi rehberlerine kadar her t\u00fcrl\u00fc do\u011fa deneyimini ke\u015ffedin.","publisher":{"@id":"https:\/\/geziyoo.co\/blog\/#organization"},"potentialAction":[{"@type":"SearchAction","target":{"@type":"EntryPoint","urlTemplate":"https:\/\/geziyoo.co\/blog\/?s={search_term_string}"},"query-input":{"@type":"PropertyValueSpecification","valueRequired":true,"valueName":"search_term_string"}}],"inLanguage":"tr"},{"@type":"Organization","@id":"https:\/\/geziyoo.co\/blog\/#organization","name":"Geziyoo.co","url":"https:\/\/geziyoo.co\/blog\/","logo":{"@type":"ImageObject","inLanguage":"tr","@id":"https:\/\/geziyoo.co\/blog\/#\/schema\/logo\/image\/","url":"https:\/\/geziyoo.co\/blog\/wp-content\/uploads\/2025\/01\/Paragraf-metniniz-3.png","contentUrl":"https:\/\/geziyoo.co\/blog\/wp-content\/uploads\/2025\/01\/Paragraf-metniniz-3.png","width":270,"height":50,"caption":"Geziyoo.co"},"image":{"@id":"https:\/\/geziyoo.co\/blog\/#\/schema\/logo\/image\/"},"sameAs":["https:\/\/www.facebook.com\/Geziyooco","https:\/\/x.com\/geziyoo","https:\/\/tr.pinterest.com\/geziyooco\/","https:\/\/www.youtube.com\/@geziyoo","https:\/\/www.instagram.com\/geziyoo.co\/"]},{"@type":"Person","@id":"https:\/\/geziyoo.co\/blog\/#\/schema\/person\/032acb2436540ed14784e7d978aef0e4","name":"Geziyoo","image":{"@type":"ImageObject","inLanguage":"tr","@id":"https:\/\/geziyoo.co\/blog\/#\/schema\/person\/image\/","url":"https:\/\/secure.gravatar.com\/avatar\/ae212a4514471fdb8cab6e5af4f3c99b940a2d0a16713ea0392c8d7c8a64f30a?s=96&d=mm&r=g","contentUrl":"https:\/\/secure.gravatar.com\/avatar\/ae212a4514471fdb8cab6e5af4f3c99b940a2d0a16713ea0392c8d7c8a64f30a?s=96&d=mm&r=g","caption":"Geziyoo"},"description":"Do\u011fa ile i\u00e7 i\u00e7e olabilece\u011finiz yerler,do\u011fa aktivite alanlar\u0131,kamp alanlar\u0131,bungalov oteller,Tiny House Oteller, Galampingler ve da\u011f evlerinin herkes i\u00e7in ula\u015f\u0131labilir olmas\u0131n\u0131 sa\u011flamak amac\u0131yla Geziyoo\u2019ya 2019 y\u0131l\u0131nda ba\u015flad\u0131k.Do\u011fal Tatil konseptini uygulayan en geni\u015f kapsaml\u0131 sitedir.","sameAs":["https:\/\/geziyoo.co\/","https:\/\/www.facebook.com\/geziyoo.co","https:\/\/www.instagram.com\/geziyoo.co\/","https:\/\/tr.pinterest.com\/geziyooco\/","https:\/\/x.com\/https:\/\/twitter.com\/geziyoo","https:\/\/www.youtube.com\/channel\/UCdiSMa6pe17KEY7DP1Ug4ag"]}]}},"amp_enabled":true,"_links":{"self":[{"href":"https:\/\/geziyoo.co\/blog\/wp-json\/wp\/v2\/posts\/9080","targetHints":{"allow":["GET"]}}],"collection":[{"href":"https:\/\/geziyoo.co\/blog\/wp-json\/wp\/v2\/posts"}],"about":[{"href":"https:\/\/geziyoo.co\/blog\/wp-json\/wp\/v2\/types\/post"}],"author":[{"embeddable":true,"href":"https:\/\/geziyoo.co\/blog\/wp-json\/wp\/v2\/users\/1"}],"replies":[{"embeddable":true,"href":"https:\/\/geziyoo.co\/blog\/wp-json\/wp\/v2\/comments?post=9080"}],"version-history":[{"count":0,"href":"https:\/\/geziyoo.co\/blog\/wp-json\/wp\/v2\/posts\/9080\/revisions"}],"wp:featuredmedia":[{"embeddable":true,"href":"https:\/\/geziyoo.co\/blog\/wp-json\/wp\/v2\/media\/9086"}],"wp:attachment":[{"href":"https:\/\/geziyoo.co\/blog\/wp-json\/wp\/v2\/media?parent=9080"}],"wp:term":[{"taxonomy":"category","embeddable":true,"href":"https:\/\/geziyoo.co\/blog\/wp-json\/wp\/v2\/categories?post=9080"},{"taxonomy":"post_tag","embeddable":true,"href":"https:\/\/geziyoo.co\/blog\/wp-json\/wp\/v2\/tags?post=9080"}],"curies":[{"name":"wp","href":"https:\/\/api.w.org\/{rel}","templated":true}]}}