{"id":8800,"date":"2021-11-27T14:21:50","date_gmt":"2021-11-27T14:21:50","guid":{"rendered":"https:\/\/geziyoo.co\/blog\/?p=8800"},"modified":"2026-01-27T12:38:37","modified_gmt":"2026-01-27T12:38:37","slug":"pazaryeri-kamp-alanlari-ve-karavan-alanlari","status":"publish","type":"post","link":"https:\/\/geziyoo.co\/blog\/pazaryeri-kamp-alanlari-ve-karavan-alanlari\/","title":{"rendered":"Pazaryeri Geneli \u00dccretli ve \u00dccretsiz 4+ Kamp Alan\u0131 (\u0130leti\u015fim ve Konum)"},"content":{"rendered":"\n<p><strong>Pazaryeri<\/strong>, Bilecik\u2019in en ye\u015fil il\u00e7elerinden biri olarak; \u00f6zellikle son y\u0131llarda kamp\u00e7\u0131lar\u0131n g\u00f6zdesi haline gelen Bozcaarmut G\u00f6leti, el de\u011fmemi\u015f do\u011fas\u0131yla K\u00fc\u00e7\u00fckelmal\u0131 G\u00f6leti ve \u00e7\u00f6mlek\u00e7ilik gelene\u011fiyle \u00fcnl\u00fc K\u0131n\u0131k K\u00f6y\u00fc ile huzurun adresidir. \u00c7am a\u011fa\u00e7lar\u0131n\u0131n suya d\u00fc\u015fen yans\u0131mas\u0131yla Abant\u2019\u0131 aratmayan bu b\u00f6lge, kalabal\u0131ktan ka\u00e7\u0131p sadece kamp ate\u015fi ve orman sesiyle ba\u015f ba\u015fa kalmak isteyenler i\u00e7in m\u00fckemmel bir s\u0131\u011f\u0131nakt\u0131r. Ancak tesisle\u015fmenin az oldu\u011fu bu bakir do\u011fada &#8220;Telefon \u00e7ekiyor mu?&#8221;, &#8220;G\u00f6l kenar\u0131nda tuvalet var m\u0131?&#8221; veya &#8220;Yol binek ara\u00e7la gidilir mi?&#8221; stresi ya\u015faman\u0131z \u00e7ok do\u011fald\u0131r.<\/p>\n\n\n\n<p>Biz Geziyoo olarak, hafta sonu rotan\u0131zda arac\u0131lar\u0131 tamamen aradan \u00e7\u0131kard\u0131k ve Pazaryeri\u2019nin en g\u00fcncel kamp rehberini haz\u0131rlad\u0131k. Listemizde hem <strong>hi\u00e7bir \u00fccret \u00f6demeden<\/strong> do\u011fan\u0131n kalbinde \u00e7ad\u0131r kurabilece\u011finiz g\u00f6let \u00e7evrelerini, hem de <strong>piknik masas\u0131 ve temel ihtiya\u00e7<\/strong> imkan\u0131 sunan mesire alan\u0131 stat\u00fcs\u00fcndeki noktalar\u0131 bir araya getirdik. Sizi yerel yetkililerle <strong>do\u011frudan g\u00f6r\u00fc\u015ft\u00fcren<\/strong>, gitmeden \u00f6nce konum ve doluluk bilgisini <strong>teyit etmenizi sa\u011flayan<\/strong> telefon numaralar\u0131n\u0131 i\u00e7eri\u011fimize ekledik.<\/p>\n\n\n\n<p>\u0130ster s\u0131rt \u00e7antan\u0131z\u0131 al\u0131p <strong>\u00fccretsiz<\/strong> bir g\u00f6l kenar\u0131 keyfi yap\u0131n, ister ailenizle <strong>do\u011fa y\u00fcr\u00fcy\u00fc\u015f\u00fc<\/strong> rotalar\u0131na yak\u0131n bir kamp alan\u0131 tercih edin; yola \u00e7\u0131kmadan \u00f6nce listedeki numaralardan bilgi almay\u0131 unutmay\u0131n. \u0130\u015fte Pazaryeri\u2019nin en sevilen kamp duraklar\u0131<\/p>\n\n\n\n<p>Unutmadan Pazaryeri haricinde Kamp Alan\u0131, Bungalov veya Da\u011f evi ar\u0131yorsan\u0131z , <a rel=\"noopener noreferrer\" href=\"https:\/\/geziyoo.co\/?select=Karavan+Kamp%C4%B1&amp;lp_s_loc=&amp;lp_s_tag=&amp;lp_s_cat=229&amp;s=home&amp;post_type=listing\" target=\"_blank\"><em><strong>500&#8217;den fazla Kamp ve Karavan Yeri<\/strong> <\/em><\/a>sayfam\u0131za bakman\u0131z\u0131 tavsiye diyoruz.<\/p>\n\n\n\n<hr class=\"wp-block-separator has-css-opacity is-style-wide\"\/>\n\n\n\n<h3 class=\"wp-block-heading\">PAZARYER\u0130 \u00dcCRETL\u0130 KAMP ALANLARI&gt;&gt;<\/h3>\n\n\n\n<p><strong><strong>Pazaryeri<\/strong> \u00dccretli Kamp Alanlar\u0131 b\u00f6l\u00fcm\u00fcnde Bilecik<\/strong> <strong>ve \u00e7evresinde \u00fccretli olarak kamp hizmeti veren kamp alanlar\u0131 ve i\u015fletmeler bulunmakta.<\/strong><\/p>\n\n\n\n<p>Sizlerde listemizde ekli olmayan <strong>Pazaryeri<strong> <\/strong>\u00dccretli Kamp Alanlar\u0131n\u0131<\/strong> yorumlar k\u0131sm\u0131ndan l\u00fctfen bizlerle payla\u015f\u0131n.\u015eimdiden herkese iyi bir kamp diliyoruz.<\/p>\n\n\n\n<hr class=\"wp-block-separator has-css-opacity is-style-wide\"\/>\n\n\n\n<h2 class=\"wp-block-heading\">1.K\u00fc\u00e7\u00fckelmal\u0131 Tabiat Park\u0131 Kamp Alan\u0131<\/h2>\n\n\n\n<figure class=\"wp-block-image size-large\"><img decoding=\"async\" width=\"800\" height=\"600\" data-src=\"https:\/\/geziyoo.co\/blog\/wp-content\/uploads\/2021\/11\/Kucukelmali-Tabiat-Parki-Kamp-Alani-3.jpg\" alt=\"Pazaryeri Kamp Alanlar\u0131 ve Karavan Alanlar\u0131\" class=\"wp-image-8796 lazyload\" data-srcset=\"https:\/\/geziyoo.co\/blog\/wp-content\/uploads\/2021\/11\/Kucukelmali-Tabiat-Parki-Kamp-Alani-3.jpg 800w, https:\/\/geziyoo.co\/blog\/wp-content\/uploads\/2021\/11\/Kucukelmali-Tabiat-Parki-Kamp-Alani-3-300x225.jpg 300w, https:\/\/geziyoo.co\/blog\/wp-content\/uploads\/2021\/11\/Kucukelmali-Tabiat-Parki-Kamp-Alani-3-768x576.jpg 768w\" data-sizes=\"(max-width: 800px) 100vw, 800px\" src=\"data:image\/gif;base64,R0lGODlhAQABAAAAACH5BAEKAAEALAAAAAABAAEAAAICTAEAOw==\" style=\"--smush-placeholder-width: 800px; --smush-placeholder-aspect-ratio: 800\/600;\" \/><figcaption class=\"wp-element-caption\">Pazaryeri Kamp Alanlar\u0131<\/figcaption><\/figure>\n\n\n\n<p><strong>Pazaryeri kamp alanlar\u0131 ve karavan alanlar\u0131<\/strong> aras\u0131nda \u00f6ne \u00e7\u0131kan <strong>K\u00fc\u00e7\u00fckelmal\u0131 Tabiat Park\u0131<\/strong>, do\u011fal g\u00fczellikleriyle \u00f6n plana \u00e7\u0131kan bir yer. Ye\u015filin her tonunu bar\u0131nd\u0131ran park, kamp yapmak i\u00e7in e\u015fsiz bir ortam sunuyor.<\/p>\n\n\n\n<p>K\u00fc\u00e7\u00fckelmal\u0131 Tabiat Park\u0131, yemye\u015fil a\u011fa\u00e7lar, tertemiz hava ve muhte\u015fem manzaralar e\u015fli\u011finde kamp yapmak i\u00e7in ideal bir yer. Park\u0131n geni\u015f arazisi, \u00e7ad\u0131r kamp\u0131 ve karavan kamp\u0131 i\u00e7in bir\u00e7ok se\u00e7enek sunuyor.<\/p>\n\n\n\n<p>Tabiat park\u0131n\u0131n baz\u0131 b\u00f6lgelerinde WC, i\u00e7me suyu, otopark ve mescit gibi ihtiya\u00e7lar\u0131n\u0131z\u0131 rahatl\u0131kla kar\u015f\u0131layabilirsiniz. Bu sayede kamp\u0131n\u0131z s\u0131ras\u0131nda konforlu bir deneyim ya\u015fayabilirsiniz.<\/p>\n\n\n\n<p>Kamp alan\u0131 \u00e7evresinde maalesef market bulunmamakta. Bu nedenle kamp yapmadan \u00f6nce t\u00fcm ihtiya\u00e7lar\u0131n\u0131z\u0131 kar\u015f\u0131laman\u0131z ve haz\u0131rl\u0131kl\u0131 gitmeniz \u00f6nemli. Market al\u0131\u015fveri\u015finizi \u00f6nceden yapmay\u0131 unutmay\u0131n.<\/p>\n\n\n\n<p>K\u00fc\u00e7\u00fckelmal\u0131 Tabiat Park\u0131&#8217;na ula\u015f\u0131m \u00f6zel ara\u00e7la veya toplu ta\u015f\u0131ma ile m\u00fcmk\u00fcnd\u00fcr. Pazaryeri il\u00e7e merkezinden yakla\u015f\u0131k 15 kilometre uzakl\u0131kta bulunan parka, \u00f6zel ara\u00e7la veya Pazaryeri&#8217;nden kalkan minib\u00fcslerle ula\u015fabilirsiniz.<\/p>\n\n\n\n<hr class=\"wp-block-separator has-css-opacity is-style-wide\"\/>\n\n\n\n<ul id=\"block-ac4df02e-ceaf-47f7-a499-985a2bd13010\" class=\"wp-block-list\">\n<li><strong><strong>K\u00fc\u00e7\u00fckelmal\u0131 Tabiat park\u0131<\/strong><\/strong>&nbsp;<strong>Adres<\/strong>&nbsp;:11800 K\u00fc\u00e7\u00fckelmal\u0131\/Pazaryeri\/Bilecik<a href=\"https:\/\/www.google.com\/maps?daddr=40.01528349309918,29.79382776053048\" target=\"_blank\" rel=\"noreferrer noopener\">Yol Tarifi Al<\/a><\/li>\n\n\n\n<li><strong><strong>K\u00fc\u00e7\u00fckelmal\u0131 Tabiat park\u0131<\/strong><\/strong> <strong>Detayl\u0131 Bilgi Fiyatlar:<\/strong>Detayl\u0131 Bilgiler i\u00e7in&nbsp;<a href=\"https:\/\/geziyoo.co\/listing\/kucukelmali-tabiat-parki-kamp-alani\/\"><strong><em><strong><strong>K\u00fc\u00e7\u00fckelmal\u0131 Tabiat park\u0131<\/strong><\/strong><\/em><\/strong> <\/a>sayfas\u0131na bakabilirsiniz.<\/li>\n<\/ul>\n\n\n\n<hr class=\"wp-block-separator has-css-opacity is-style-wide\"\/>\n\n\n\n<h3 class=\"wp-block-heading\">PAZARYER\u0130 \u00dcCRETS\u0130Z KAMP ALANLARI &gt;&gt;<\/h3>\n\n\n\n<p><strong><strong>Pazaryeri&#8217;nde <\/strong>yer alan \u00dccretli Kamp Alanlar\u0131ndan sonra,Pazaryeri \u00dccretsiz Kamp Alanlar\u0131na bir bakal\u0131m.<strong>Pazaryeri&#8217;nde <\/strong>yer alan \u00fccretsiz kamp alanlar\u0131,do\u011fal koylar ve do\u011fal kamp alanlar\u0131nda kamp yapabilirsiniz.<\/strong><\/p>\n\n\n\n<p><strong>Sizlerde listemizde ekli olmayan <strong>Pazaryeri<\/strong> \u00dccretsiz Kamp Alanlar\u0131n\u0131 yorumlar k\u0131sm\u0131ndan l\u00fctfen bizlerle payla\u015f\u0131n.\u015eimdiden herkese iyi bir kamp diliyoruz.<\/strong><\/p>\n\n\n\n<hr class=\"wp-block-separator has-css-opacity is-style-wide\"\/>\n\n\n\n<h2 class=\"wp-block-heading\">2.Bozcaarmut G\u00f6leti Kamp Alan\u0131<\/h2>\n\n\n\n<figure class=\"wp-block-image size-large\"><img decoding=\"async\" width=\"800\" height=\"600\" data-src=\"https:\/\/geziyoo.co\/blog\/wp-content\/uploads\/2021\/11\/Bozcaarmut-Goleti-Kamp-Alani-3.jpg\" alt=\"\" class=\"wp-image-8766 lazyload\" data-srcset=\"https:\/\/geziyoo.co\/blog\/wp-content\/uploads\/2021\/11\/Bozcaarmut-Goleti-Kamp-Alani-3.jpg 800w, https:\/\/geziyoo.co\/blog\/wp-content\/uploads\/2021\/11\/Bozcaarmut-Goleti-Kamp-Alani-3-300x225.jpg 300w, https:\/\/geziyoo.co\/blog\/wp-content\/uploads\/2021\/11\/Bozcaarmut-Goleti-Kamp-Alani-3-768x576.jpg 768w\" data-sizes=\"(max-width: 800px) 100vw, 800px\" src=\"data:image\/gif;base64,R0lGODlhAQABAAAAACH5BAEKAAEALAAAAAABAAEAAAICTAEAOw==\" style=\"--smush-placeholder-width: 800px; --smush-placeholder-aspect-ratio: 800\/600;\" \/><figcaption class=\"wp-element-caption\">Bilecik Kamp Alanlar\u0131-Bozcaarmut G\u00f6leti<\/figcaption><\/figure>\n\n\n\n<p><strong>Pazaryeri&#8217;nin en g\u00fczel kamp alanlar\u0131ndan biri olan Bozcaarmut Kamp Alan\u0131, ye\u015fil ve do\u011fal ortam\u0131yla kamp severleri cezbeden bir yer.<\/strong> Hem \u00e7ad\u0131r kamp\u0131 hem de karavan kamp\u0131 i\u00e7in uygun olan bu kamp alan\u0131, \u00fccretsiz kamp imkan\u0131 sunuyor.<\/p>\n\n\n\n<p>Bozcaarmut Kamp Alan\u0131, etraf\u0131ndaki yemye\u015fil a\u011fa\u00e7lar ve tertemiz havas\u0131yla do\u011fan\u0131n huzurlu atmosferini doyas\u0131ya ya\u015fayabilece\u011finiz bir yer. Kamp alan\u0131n\u0131n geni\u015f arazisi, kamp kurmak i\u00e7in bir\u00e7ok se\u00e7enek sunuyor.<\/p>\n\n\n\n<p>Kamp alan\u0131nda maalesef kamp\u00e7\u0131lar\u0131n ihtiya\u00e7lar\u0131n\u0131 kar\u015f\u0131layacak herhangi bir i\u015fletme bulunmuyor. Bu nedenle kamp yapmadan \u00f6nce t\u00fcm ihtiya\u00e7lar\u0131n\u0131z\u0131 kar\u015f\u0131laman\u0131z ve haz\u0131rl\u0131kl\u0131 gitmeniz gerekiyor. Market, restoran gibi imkanlar mevcut de\u011fil.<\/p>\n\n\n\n<p>Bozcaarmut Kamp Alan\u0131&#8217;na ula\u015f\u0131m \u00f6zel ara\u00e7la m\u00fcmk\u00fcnd\u00fcr. Pazaryeri il\u00e7e merkezinden yakla\u015f\u0131k 25 kilometre uzakl\u0131kta bulunan kamp alan\u0131na, stabilize yoldan ula\u015fabilirsiniz.<\/p>\n\n\n\n<hr class=\"wp-block-separator has-css-opacity is-style-wide\"\/>\n\n\n\n<ul id=\"block-ac4df02e-ceaf-47f7-a499-985a2bd13010\" class=\"wp-block-list\">\n<li><strong>Bozcaarmut G\u00f6leti Kamp Alan\u0131<\/strong>&nbsp;<strong>Adres<\/strong>&nbsp;:11802 Bozcaarmut\/Pazaryeri\/Bilecik<a href=\"https:\/\/www.google.com\/maps?daddr=39.959675199486036,29.788551745227657\" target=\"_blank\" rel=\"noreferrer noopener\">Yol Tarifi Al<\/a><\/li>\n\n\n\n<li><strong>Bozcaarmut G\u00f6leti Kamp Alan\u0131<\/strong>&nbsp;<strong>Detayl\u0131 Bilgi Fiyatlar:<\/strong>Detayl\u0131 Bilgiler i\u00e7in&nbsp;<strong><em><strong><strong><a href=\"https:\/\/geziyoo.co\/listing\/bozcaarmut-goleti-kamp-alani\/\">Bozcaarmut G\u00f6leti<\/a><\/strong><\/strong><\/em><\/strong>&nbsp;sayfas\u0131na bakabilirsiniz.<\/li>\n<\/ul>\n\n\n\n<hr class=\"wp-block-separator has-css-opacity is-style-wide\"\/>\n\n\n\n<h2 class=\"wp-block-heading\">3.B\u00fcy\u00fckelmal\u0131 G\u00f6leti Kamp Alan\u0131<\/h2>\n\n\n\n<figure class=\"wp-block-image size-large\"><img decoding=\"async\" width=\"800\" height=\"600\" data-src=\"https:\/\/geziyoo.co\/blog\/wp-content\/uploads\/2021\/11\/Bilecik-Ucretsiz-Kamp-Alanlari-Buyukelmali-Goleti-Kamp-Alani-4.jpg\" alt=\"\" class=\"wp-image-8778 lazyload\" data-srcset=\"https:\/\/geziyoo.co\/blog\/wp-content\/uploads\/2021\/11\/Bilecik-Ucretsiz-Kamp-Alanlari-Buyukelmali-Goleti-Kamp-Alani-4.jpg 800w, https:\/\/geziyoo.co\/blog\/wp-content\/uploads\/2021\/11\/Bilecik-Ucretsiz-Kamp-Alanlari-Buyukelmali-Goleti-Kamp-Alani-4-300x225.jpg 300w, https:\/\/geziyoo.co\/blog\/wp-content\/uploads\/2021\/11\/Bilecik-Ucretsiz-Kamp-Alanlari-Buyukelmali-Goleti-Kamp-Alani-4-768x576.jpg 768w\" data-sizes=\"(max-width: 800px) 100vw, 800px\" src=\"data:image\/gif;base64,R0lGODlhAQABAAAAACH5BAEKAAEALAAAAAABAAEAAAICTAEAOw==\" style=\"--smush-placeholder-width: 800px; --smush-placeholder-aspect-ratio: 800\/600;\" \/><\/figure>\n\n\n\n<p><strong>Pazaryeri&#8217;nde bulunan B\u00fcy\u00fckelmal\u0131 G\u00f6leti Kamp Alan\u0131, mavi ve ye\u015filin bulu\u015ftu\u011fu bir do\u011fa harikas\u0131.<\/strong> Hem \u00e7ad\u0131r kamp\u0131 hem de karavan kamp\u0131 i\u00e7in uygun olan bu kamp alan\u0131, \u00fccretsiz kamp imkan\u0131 sunuyor.<\/p>\n\n\n\n<p>B\u00fcy\u00fckelmal\u0131 G\u00f6leti Kamp Alan\u0131, turkuaz renkli g\u00f6l\u00fcn ve yemye\u015fil a\u011fa\u00e7lar\u0131n sundu\u011fu muhte\u015fem manzara ile kamp severleri cezbediyor. G\u00f6l kenar\u0131nda kamp kurarak do\u011fan\u0131n huzurunu ve g\u00fczelli\u011fini doyas\u0131ya ya\u015fayabilirsiniz.<\/p>\n\n\n\n<p>Kamp alan\u0131nda \u00e7e\u015fme d\u0131\u015f\u0131nda herhangi bir imkan bulunmuyor. WC, elektrik gibi olanaklar mevcut de\u011fil. G\u00f6let \u00e7evresinde market, restoran gibi i\u015fletmeler de yok. Bu nedenle kamp yapmadan \u00f6nce t\u00fcm ihtiya\u00e7lar\u0131n\u0131z\u0131 kar\u015f\u0131laman\u0131z ve haz\u0131rl\u0131kl\u0131 gitmeniz \u00f6nemli.<\/p>\n\n\n\n<p>B\u00fcy\u00fckelmal\u0131 G\u00f6leti Kamp Alan\u0131&#8217;na ula\u015f\u0131m \u00f6zel ara\u00e7la m\u00fcmk\u00fcnd\u00fcr. Pazaryeri il\u00e7e merkezinden yakla\u015f\u0131k 30 kilometre uzakl\u0131kta bulunan kamp alan\u0131na, stabilize yoldan ula\u015fabilirsiniz.<\/p>\n\n\n\n<hr class=\"wp-block-separator has-css-opacity is-style-wide\"\/>\n\n\n\n<ul id=\"block-ac4df02e-ceaf-47f7-a499-985a2bd13010\" class=\"wp-block-list\">\n<li><strong>B\u00fcy\u00fckelmal\u0131 G\u00f6leti Kamp Alan\u0131<\/strong> <strong>Adres<\/strong>&nbsp;:11802 Pazaryeri\/Bilecik<a href=\"https:\/\/www.google.com\/maps?daddr=40.05356562951332,29.819127101516173\" target=\"_blank\" rel=\"noreferrer noopener\">Yol Tarifi Al<\/a><\/li>\n\n\n\n<li><strong>B\u00fcy\u00fckelmal\u0131 G\u00f6leti Kamp Alan\u0131<\/strong>&nbsp;<strong>Detayl\u0131 Bilgi Fiyatlar:<\/strong>Detayl\u0131 Bilgiler i\u00e7in&nbsp;<strong><em><strong><strong><strong><a href=\"https:\/\/geziyoo.co\/listing\/buyukelmali-goleti-kamp-alani\/\">B\u00fcy\u00fckelmal\u0131 G\u00f6leti<\/a><\/strong><\/strong><\/strong><\/em><\/strong>&nbsp;sayfas\u0131na bakabilirsiniz.<\/li>\n<\/ul>\n\n\n\n<hr class=\"wp-block-separator has-css-opacity is-style-wide\"\/>\n\n\n\n<h2 class=\"wp-block-heading\">4.G\u00fcnyurdu Baraj\u0131 Kamp Alan\u0131<\/h2>\n\n\n\n<figure class=\"wp-block-image size-large\"><img decoding=\"async\" width=\"800\" height=\"600\" data-src=\"https:\/\/geziyoo.co\/blog\/wp-content\/uploads\/2021\/11\/Gunyurdu-Baraji-Kamp-Alani-4.jpg\" alt=\"\" class=\"wp-image-8793 lazyload\" data-srcset=\"https:\/\/geziyoo.co\/blog\/wp-content\/uploads\/2021\/11\/Gunyurdu-Baraji-Kamp-Alani-4.jpg 800w, https:\/\/geziyoo.co\/blog\/wp-content\/uploads\/2021\/11\/Gunyurdu-Baraji-Kamp-Alani-4-300x225.jpg 300w, https:\/\/geziyoo.co\/blog\/wp-content\/uploads\/2021\/11\/Gunyurdu-Baraji-Kamp-Alani-4-768x576.jpg 768w\" data-sizes=\"(max-width: 800px) 100vw, 800px\" src=\"data:image\/gif;base64,R0lGODlhAQABAAAAACH5BAEKAAEALAAAAAABAAEAAAICTAEAOw==\" style=\"--smush-placeholder-width: 800px; --smush-placeholder-aspect-ratio: 800\/600;\" \/><\/figure>\n\n\n\n<p><strong>Pazaryeri&#8217;nde bulunan G\u00fcnyurdu Baraj\u0131 Kamp Alan\u0131, ye\u015fil ve do\u011fal ortam\u0131yla kamp severleri cezbeden bir yer.<\/strong> Hem \u00e7ad\u0131r kamp\u0131 hem de karavan kamp\u0131 i\u00e7in uygun olan bu kamp alan\u0131, \u00fccretsiz kamp imkan\u0131 sunuyor.<\/p>\n\n\n\n<p>G\u00fcnyurdu Baraj\u0131 Kamp Alan\u0131, etraf\u0131ndaki yemye\u015fil a\u011fa\u00e7lar ve tertemiz havas\u0131yla do\u011fan\u0131n huzurlu atmosferini doyas\u0131ya ya\u015fayabilece\u011finiz bir yer. Baraj\u0131n sakin sular\u0131 ve huzurlu atmosferi ise kamp\u0131n\u0131za e\u015flik ediyor.<\/p>\n\n\n\n<p>Kamp alan\u0131nda maalesef WC ve du\u015f bulunmuyor. Su kaynaklar\u0131 ise mevcut. Ayr\u0131ca market ve restoran gibi i\u015fletmeler de baraj \u00e7evresinde bulunmamakta. Bu nedenle kamp yapmadan \u00f6nce t\u00fcm ihtiya\u00e7lar\u0131n\u0131z\u0131 kar\u015f\u0131laman\u0131z ve haz\u0131rl\u0131kl\u0131 gitmeniz \u00f6nemli.<\/p>\n\n\n\n<p>G\u00fcnyurdu Baraj\u0131 Kamp Alan\u0131&#8217;na ula\u015f\u0131m \u00f6zel ara\u00e7la m\u00fcmk\u00fcnd\u00fcr. Pazaryeri il\u00e7e merkezinden yakla\u015f\u0131k 35 kilometre uzakl\u0131kta bulunan kamp alan\u0131na, stabilize yoldan ula\u015fabilirsiniz.<\/p>\n\n\n\n<hr class=\"wp-block-separator has-css-opacity is-style-wide\"\/>\n\n\n\n<ul id=\"block-ac4df02e-ceaf-47f7-a499-985a2bd13010\" class=\"wp-block-list\">\n<li><strong>G\u00fcnyurdu Baraj\u0131<\/strong> <strong>Adres<\/strong>&nbsp;:11800 G\u00fcnyurdu\/Pazaryeri\/Bilecik<a href=\"https:\/\/www.google.com\/maps?daddr=40.030949169877665,29.8538254997133\" target=\"_blank\" rel=\"noreferrer noopener\">Yol Tarifi Al<\/a><\/li>\n\n\n\n<li><strong>G\u00fcnyurdu Baraj\u0131<\/strong>&nbsp;<strong>Detayl\u0131 Bilgi Fiyatlar:<\/strong>Detayl\u0131 Bilgiler i\u00e7in&nbsp;<a href=\"https:\/\/geziyoo.co\/listing\/gunyurdu-baraji-kamp-alani\/\"><strong><em><strong><strong><strong><strong><strong>G\u00fcnyurdu Baraj\u0131<\/strong><\/strong><\/strong><\/strong><\/strong><\/em><\/strong>&nbsp;<\/a>sayfas\u0131na bakabilirsiniz.<\/li>\n<\/ul>\n\n\n\n<hr class=\"wp-block-separator has-css-opacity is-style-wide\"\/>\n\n\n\n<p><strong>Pazaryeri Kamp Alanlar\u0131<\/strong> i\u00e7eri\u011fimizin sonuna geldik sizlere Pazaryeri&#8217;nde kamp yapabilece\u011finiz \u00fccretli ve \u00fccretsiz kamp alanlar\u0131n\u0131 aktarmaya \u00e7al\u0131\u015ft\u0131k.Umar\u0131z i\u00e7eri\u011fimiz sizlere faydal\u0131 olabilmi\u015ftir.Bu kamp alanlar\u0131 ile ilgili detayl\u0131 bilgiler i\u00e7in <em><strong><a href=\"https:\/\/geziyoo.co\/location\/bilecik-dogal-tatil-yerleri\/\">Bilecik KAMP L\u0130STES\u0130<\/a><\/strong><\/em> sayfam\u0131za da bakman\u0131z\u0131 tavsiye eder g\u00fczel bir kamp ge\u00e7irmenizi dileriz.<\/p>\n\n\n\n<hr class=\"wp-block-separator has-css-opacity is-style-wide\"\/>\n\n\n\n<h3 class=\"wp-block-heading\">Bunlar\u0131 da Sevebilirsiniz;<\/h3>\n\n\n<ul class=\"wp-block-latest-posts__list wp-block-latest-posts\"><li><a class=\"wp-block-latest-posts__post-title\" href=\"https:\/\/geziyoo.co\/blog\/batman-kamp-alanlari\/\">Batman ve \u00c7evresi Do\u011fa \u0130\u00e7inde 4 Kamp Noktas\u0131 (Konum ve \u0130pu\u00e7lar\u0131)<\/a><\/li>\n<li><a class=\"wp-block-latest-posts__post-title\" href=\"https:\/\/geziyoo.co\/blog\/ayder-yaylasi-kamp-alanlari-ve-karavan-alanlari\/\">Ayder Yaylas\u0131 ve \u00c7evresi 2 Kamp Noktas\u0131 (Konum ve \u0130pu\u00e7lar\u0131)<\/a><\/li>\n<li><a class=\"wp-block-latest-posts__post-title\" href=\"https:\/\/geziyoo.co\/blog\/ardesen-kamp-alanlari-ve-karavan-alanlari\/\">Arde\u015fen ve F\u0131rt\u0131na Vadisi Giri\u015fi 5 Kamp Noktas\u0131 (Konum ve \u0130pu\u00e7lar\u0131)<\/a><\/li>\n<\/ul>","protected":false},"excerpt":{"rendered":"<p>Pazaryeri, Bilecik\u2019in en ye\u015fil il\u00e7elerinden biri olarak; \u00f6zellikle son y\u0131llarda kamp\u00e7\u0131lar\u0131n g\u00f6zdesi haline gelen Bozcaarmut G\u00f6leti, el de\u011fmemi\u015f do\u011fas\u0131yla K\u00fc\u00e7\u00fckelmal\u0131 G\u00f6leti ve \u00e7\u00f6mlek\u00e7ilik gelene\u011fiyle \u00fcnl\u00fc K\u0131n\u0131k K\u00f6y\u00fc ile huzurun adresidir. \u00c7am a\u011fa\u00e7lar\u0131n\u0131n suya d\u00fc\u015fen yans\u0131mas\u0131yla Abant\u2019\u0131 aratmayan bu b\u00f6lge, kalabal\u0131ktan ka\u00e7\u0131p sadece kamp ate\u015fi ve orman sesiyle ba\u015f ba\u015fa kalmak isteyenler i\u00e7in m\u00fckemmel bir s\u0131\u011f\u0131nakt\u0131r. &hellip;<\/p>\n","protected":false},"author":1,"featured_media":8756,"comment_status":"open","ping_status":"closed","sticky":false,"template":"","format":"standard","meta":{"footnotes":""},"categories":[589,23],"tags":[],"class_list":["post-8800","post","type-post","status-publish","format-standard","has-post-thumbnail","hentry","category-kamp1","category-kamp-kamp-alanlari"],"yoast_head":"<!-- This site is optimized with the Yoast SEO plugin v26.9 - https:\/\/yoast.com\/product\/yoast-seo-wordpress\/ -->\n<title>Pazaryeri\u2019nde En \u0130yi 4 Kamp Alan\u0131: \u00dccretli, \u00dccretsiz ve Tesisli | Geziyoo<\/title>\n<meta name=\"description\" content=\"Pazaryeri, me\u015fhur Bozcaarmut G\u00f6leti, K\u00fc\u00e7\u00fckelmal\u0131 ve K\u0131n\u0131k \u015eelalesi dahil \u00fccretli ve \u00fccretsiz 4 kamp alan\u0131n\u0131 listeledik. Komisyon yok! \u0130\u015fletme telefonlar\u0131 ve detayl\u0131 konumlar\" \/>\n<meta name=\"robots\" content=\"index, follow, max-snippet:-1, max-image-preview:large, max-video-preview:-1\" \/>\n<link rel=\"canonical\" href=\"https:\/\/geziyoo.co\/blog\/pazaryeri-kamp-alanlari-ve-karavan-alanlari\/\" \/>\n<meta property=\"og:locale\" content=\"tr_TR\" \/>\n<meta property=\"og:type\" content=\"article\" \/>\n<meta property=\"og:title\" content=\"Pazaryeri\u2019nde En \u0130yi 4 Kamp Alan\u0131: \u00dccretli, \u00dccretsiz ve Tesisli | Geziyoo\" \/>\n<meta property=\"og:description\" content=\"Pazaryeri, me\u015fhur Bozcaarmut G\u00f6leti, K\u00fc\u00e7\u00fckelmal\u0131 ve K\u0131n\u0131k \u015eelalesi dahil \u00fccretli ve \u00fccretsiz 4 kamp alan\u0131n\u0131 listeledik. Komisyon yok! \u0130\u015fletme telefonlar\u0131 ve detayl\u0131 konumlar\" \/>\n<meta property=\"og:url\" content=\"https:\/\/geziyoo.co\/blog\/pazaryeri-kamp-alanlari-ve-karavan-alanlari\/\" \/>\n<meta property=\"og:site_name\" content=\"Geziyoo.co\" \/>\n<meta property=\"article:publisher\" content=\"https:\/\/www.facebook.com\/Geziyooco\" \/>\n<meta property=\"article:author\" content=\"https:\/\/www.facebook.com\/geziyoo.co\" \/>\n<meta property=\"article:published_time\" content=\"2021-11-27T14:21:50+00:00\" \/>\n<meta property=\"article:modified_time\" content=\"2026-01-27T12:38:37+00:00\" \/>\n<meta property=\"og:image\" content=\"https:\/\/geziyoo.co\/blog\/wp-content\/uploads\/2021\/11\/Bilecik-Kamp-Alanlari-Haritasi.jpg\" \/>\n\t<meta property=\"og:image:width\" content=\"800\" \/>\n\t<meta property=\"og:image:height\" content=\"600\" \/>\n\t<meta property=\"og:image:type\" content=\"image\/jpeg\" \/>\n<meta name=\"author\" content=\"Geziyoo\" \/>\n<meta name=\"twitter:card\" content=\"summary_large_image\" \/>\n<meta name=\"twitter:creator\" content=\"@https:\/\/twitter.com\/geziyoo\" \/>\n<meta name=\"twitter:site\" content=\"@geziyoo\" \/>\n<meta name=\"twitter:label1\" content=\"Yazan:\" \/>\n\t<meta name=\"twitter:data1\" content=\"Geziyoo\" \/>\n\t<meta name=\"twitter:label2\" content=\"Tahmini okuma s\u00fcresi\" \/>\n\t<meta name=\"twitter:data2\" content=\"7 dakika\" \/>\n<script type=\"application\/ld+json\" class=\"yoast-schema-graph\">{\"@context\":\"https:\/\/schema.org\",\"@graph\":[{\"@type\":\"Article\",\"@id\":\"https:\/\/geziyoo.co\/blog\/pazaryeri-kamp-alanlari-ve-karavan-alanlari\/#article\",\"isPartOf\":{\"@id\":\"https:\/\/geziyoo.co\/blog\/pazaryeri-kamp-alanlari-ve-karavan-alanlari\/\"},\"author\":{\"name\":\"Geziyoo\",\"@id\":\"https:\/\/geziyoo.co\/blog\/#\/schema\/person\/032acb2436540ed14784e7d978aef0e4\"},\"headline\":\"Pazaryeri Geneli \u00dccretli ve \u00dccretsiz 4+ Kamp Alan\u0131 (\u0130leti\u015fim ve Konum)\",\"datePublished\":\"2021-11-27T14:21:50+00:00\",\"dateModified\":\"2026-01-27T12:38:37+00:00\",\"mainEntityOfPage\":{\"@id\":\"https:\/\/geziyoo.co\/blog\/pazaryeri-kamp-alanlari-ve-karavan-alanlari\/\"},\"wordCount\":1315,\"commentCount\":0,\"publisher\":{\"@id\":\"https:\/\/geziyoo.co\/blog\/#organization\"},\"image\":{\"@id\":\"https:\/\/geziyoo.co\/blog\/pazaryeri-kamp-alanlari-ve-karavan-alanlari\/#primaryimage\"},\"thumbnailUrl\":\"https:\/\/geziyoo.co\/blog\/wp-content\/uploads\/2021\/11\/Bilecik-Kamp-Alanlari-Haritasi.jpg\",\"articleSection\":[\"Kamp\",\"Kamp Alanlar\u0131\"],\"inLanguage\":\"tr\",\"potentialAction\":[{\"@type\":\"CommentAction\",\"name\":\"Comment\",\"target\":[\"https:\/\/geziyoo.co\/blog\/pazaryeri-kamp-alanlari-ve-karavan-alanlari\/#respond\"]}]},{\"@type\":\"WebPage\",\"@id\":\"https:\/\/geziyoo.co\/blog\/pazaryeri-kamp-alanlari-ve-karavan-alanlari\/\",\"url\":\"https:\/\/geziyoo.co\/blog\/pazaryeri-kamp-alanlari-ve-karavan-alanlari\/\",\"name\":\"Pazaryeri\u2019nde En \u0130yi 4 Kamp Alan\u0131: \u00dccretli, \u00dccretsiz ve Tesisli | Geziyoo\",\"isPartOf\":{\"@id\":\"https:\/\/geziyoo.co\/blog\/#website\"},\"primaryImageOfPage\":{\"@id\":\"https:\/\/geziyoo.co\/blog\/pazaryeri-kamp-alanlari-ve-karavan-alanlari\/#primaryimage\"},\"image\":{\"@id\":\"https:\/\/geziyoo.co\/blog\/pazaryeri-kamp-alanlari-ve-karavan-alanlari\/#primaryimage\"},\"thumbnailUrl\":\"https:\/\/geziyoo.co\/blog\/wp-content\/uploads\/2021\/11\/Bilecik-Kamp-Alanlari-Haritasi.jpg\",\"datePublished\":\"2021-11-27T14:21:50+00:00\",\"dateModified\":\"2026-01-27T12:38:37+00:00\",\"description\":\"Pazaryeri, me\u015fhur Bozcaarmut G\u00f6leti, K\u00fc\u00e7\u00fckelmal\u0131 ve K\u0131n\u0131k \u015eelalesi dahil \u00fccretli ve \u00fccretsiz 4 kamp alan\u0131n\u0131 listeledik. Komisyon yok! \u0130\u015fletme telefonlar\u0131 ve detayl\u0131 konumlar\",\"breadcrumb\":{\"@id\":\"https:\/\/geziyoo.co\/blog\/pazaryeri-kamp-alanlari-ve-karavan-alanlari\/#breadcrumb\"},\"inLanguage\":\"tr\",\"potentialAction\":[{\"@type\":\"ReadAction\",\"target\":[\"https:\/\/geziyoo.co\/blog\/pazaryeri-kamp-alanlari-ve-karavan-alanlari\/\"]}]},{\"@type\":\"ImageObject\",\"inLanguage\":\"tr\",\"@id\":\"https:\/\/geziyoo.co\/blog\/pazaryeri-kamp-alanlari-ve-karavan-alanlari\/#primaryimage\",\"url\":\"https:\/\/geziyoo.co\/blog\/wp-content\/uploads\/2021\/11\/Bilecik-Kamp-Alanlari-Haritasi.jpg\",\"contentUrl\":\"https:\/\/geziyoo.co\/blog\/wp-content\/uploads\/2021\/11\/Bilecik-Kamp-Alanlari-Haritasi.jpg\",\"width\":800,\"height\":600},{\"@type\":\"BreadcrumbList\",\"@id\":\"https:\/\/geziyoo.co\/blog\/pazaryeri-kamp-alanlari-ve-karavan-alanlari\/#breadcrumb\",\"itemListElement\":[{\"@type\":\"ListItem\",\"position\":1,\"name\":\"Ana sayfa\",\"item\":\"https:\/\/geziyoo.co\/blog\/\"},{\"@type\":\"ListItem\",\"position\":2,\"name\":\"Pazaryeri Geneli \u00dccretli ve \u00dccretsiz 4+ Kamp Alan\u0131 (\u0130leti\u015fim ve Konum)\"}]},{\"@type\":\"WebSite\",\"@id\":\"https:\/\/geziyoo.co\/blog\/#website\",\"url\":\"https:\/\/geziyoo.co\/blog\/\",\"name\":\"Geziyoo Blog\",\"description\":\"GeziYoo Blog&#039;da T\u00fcrkiye&#039;nin en iyi kamp alanlar\u0131ndan bungalov tatillerine, karavan ipu\u00e7lar\u0131ndan gezi rehberlerine kadar her t\u00fcrl\u00fc do\u011fa deneyimini ke\u015ffedin.\",\"publisher\":{\"@id\":\"https:\/\/geziyoo.co\/blog\/#organization\"},\"potentialAction\":[{\"@type\":\"SearchAction\",\"target\":{\"@type\":\"EntryPoint\",\"urlTemplate\":\"https:\/\/geziyoo.co\/blog\/?s={search_term_string}\"},\"query-input\":{\"@type\":\"PropertyValueSpecification\",\"valueRequired\":true,\"valueName\":\"search_term_string\"}}],\"inLanguage\":\"tr\"},{\"@type\":\"Organization\",\"@id\":\"https:\/\/geziyoo.co\/blog\/#organization\",\"name\":\"Geziyoo.co\",\"url\":\"https:\/\/geziyoo.co\/blog\/\",\"logo\":{\"@type\":\"ImageObject\",\"inLanguage\":\"tr\",\"@id\":\"https:\/\/geziyoo.co\/blog\/#\/schema\/logo\/image\/\",\"url\":\"https:\/\/geziyoo.co\/blog\/wp-content\/uploads\/2025\/01\/Paragraf-metniniz-3.png\",\"contentUrl\":\"https:\/\/geziyoo.co\/blog\/wp-content\/uploads\/2025\/01\/Paragraf-metniniz-3.png\",\"width\":270,\"height\":50,\"caption\":\"Geziyoo.co\"},\"image\":{\"@id\":\"https:\/\/geziyoo.co\/blog\/#\/schema\/logo\/image\/\"},\"sameAs\":[\"https:\/\/www.facebook.com\/Geziyooco\",\"https:\/\/x.com\/geziyoo\",\"https:\/\/tr.pinterest.com\/geziyooco\/\",\"https:\/\/www.youtube.com\/@geziyoo\",\"https:\/\/www.instagram.com\/geziyoo.co\/\"]},{\"@type\":\"Person\",\"@id\":\"https:\/\/geziyoo.co\/blog\/#\/schema\/person\/032acb2436540ed14784e7d978aef0e4\",\"name\":\"Geziyoo\",\"image\":{\"@type\":\"ImageObject\",\"inLanguage\":\"tr\",\"@id\":\"https:\/\/geziyoo.co\/blog\/#\/schema\/person\/image\/\",\"url\":\"https:\/\/secure.gravatar.com\/avatar\/ae212a4514471fdb8cab6e5af4f3c99b940a2d0a16713ea0392c8d7c8a64f30a?s=96&d=mm&r=g\",\"contentUrl\":\"https:\/\/secure.gravatar.com\/avatar\/ae212a4514471fdb8cab6e5af4f3c99b940a2d0a16713ea0392c8d7c8a64f30a?s=96&d=mm&r=g\",\"caption\":\"Geziyoo\"},\"description\":\"Do\u011fa ile i\u00e7 i\u00e7e olabilece\u011finiz yerler,do\u011fa aktivite alanlar\u0131,kamp alanlar\u0131,bungalov oteller,Tiny House Oteller, Galampingler ve da\u011f evlerinin herkes i\u00e7in ula\u015f\u0131labilir olmas\u0131n\u0131 sa\u011flamak amac\u0131yla Geziyoo\u2019ya 2019 y\u0131l\u0131nda ba\u015flad\u0131k.Do\u011fal Tatil konseptini uygulayan en geni\u015f kapsaml\u0131 sitedir.\",\"sameAs\":[\"https:\/\/geziyoo.co\/\",\"https:\/\/www.facebook.com\/geziyoo.co\",\"https:\/\/www.instagram.com\/geziyoo.co\/\",\"https:\/\/tr.pinterest.com\/geziyooco\/\",\"https:\/\/x.com\/https:\/\/twitter.com\/geziyoo\",\"https:\/\/www.youtube.com\/channel\/UCdiSMa6pe17KEY7DP1Ug4ag\"]}]}<\/script>\n<!-- \/ Yoast SEO plugin. -->","yoast_head_json":{"title":"Pazaryeri\u2019nde En \u0130yi 4 Kamp Alan\u0131: \u00dccretli, \u00dccretsiz ve Tesisli | Geziyoo","description":"Pazaryeri, me\u015fhur Bozcaarmut G\u00f6leti, K\u00fc\u00e7\u00fckelmal\u0131 ve K\u0131n\u0131k \u015eelalesi dahil \u00fccretli ve \u00fccretsiz 4 kamp alan\u0131n\u0131 listeledik. Komisyon yok! \u0130\u015fletme telefonlar\u0131 ve detayl\u0131 konumlar","robots":{"index":"index","follow":"follow","max-snippet":"max-snippet:-1","max-image-preview":"max-image-preview:large","max-video-preview":"max-video-preview:-1"},"canonical":"https:\/\/geziyoo.co\/blog\/pazaryeri-kamp-alanlari-ve-karavan-alanlari\/","og_locale":"tr_TR","og_type":"article","og_title":"Pazaryeri\u2019nde En \u0130yi 4 Kamp Alan\u0131: \u00dccretli, \u00dccretsiz ve Tesisli | Geziyoo","og_description":"Pazaryeri, me\u015fhur Bozcaarmut G\u00f6leti, K\u00fc\u00e7\u00fckelmal\u0131 ve K\u0131n\u0131k \u015eelalesi dahil \u00fccretli ve \u00fccretsiz 4 kamp alan\u0131n\u0131 listeledik. Komisyon yok! \u0130\u015fletme telefonlar\u0131 ve detayl\u0131 konumlar","og_url":"https:\/\/geziyoo.co\/blog\/pazaryeri-kamp-alanlari-ve-karavan-alanlari\/","og_site_name":"Geziyoo.co","article_publisher":"https:\/\/www.facebook.com\/Geziyooco","article_author":"https:\/\/www.facebook.com\/geziyoo.co","article_published_time":"2021-11-27T14:21:50+00:00","article_modified_time":"2026-01-27T12:38:37+00:00","og_image":[{"width":800,"height":600,"url":"https:\/\/geziyoo.co\/blog\/wp-content\/uploads\/2021\/11\/Bilecik-Kamp-Alanlari-Haritasi.jpg","type":"image\/jpeg"}],"author":"Geziyoo","twitter_card":"summary_large_image","twitter_creator":"@https:\/\/twitter.com\/geziyoo","twitter_site":"@geziyoo","twitter_misc":{"Yazan:":"Geziyoo","Tahmini okuma s\u00fcresi":"7 dakika"},"schema":{"@context":"https:\/\/schema.org","@graph":[{"@type":"Article","@id":"https:\/\/geziyoo.co\/blog\/pazaryeri-kamp-alanlari-ve-karavan-alanlari\/#article","isPartOf":{"@id":"https:\/\/geziyoo.co\/blog\/pazaryeri-kamp-alanlari-ve-karavan-alanlari\/"},"author":{"name":"Geziyoo","@id":"https:\/\/geziyoo.co\/blog\/#\/schema\/person\/032acb2436540ed14784e7d978aef0e4"},"headline":"Pazaryeri Geneli \u00dccretli ve \u00dccretsiz 4+ Kamp Alan\u0131 (\u0130leti\u015fim ve Konum)","datePublished":"2021-11-27T14:21:50+00:00","dateModified":"2026-01-27T12:38:37+00:00","mainEntityOfPage":{"@id":"https:\/\/geziyoo.co\/blog\/pazaryeri-kamp-alanlari-ve-karavan-alanlari\/"},"wordCount":1315,"commentCount":0,"publisher":{"@id":"https:\/\/geziyoo.co\/blog\/#organization"},"image":{"@id":"https:\/\/geziyoo.co\/blog\/pazaryeri-kamp-alanlari-ve-karavan-alanlari\/#primaryimage"},"thumbnailUrl":"https:\/\/geziyoo.co\/blog\/wp-content\/uploads\/2021\/11\/Bilecik-Kamp-Alanlari-Haritasi.jpg","articleSection":["Kamp","Kamp Alanlar\u0131"],"inLanguage":"tr","potentialAction":[{"@type":"CommentAction","name":"Comment","target":["https:\/\/geziyoo.co\/blog\/pazaryeri-kamp-alanlari-ve-karavan-alanlari\/#respond"]}]},{"@type":"WebPage","@id":"https:\/\/geziyoo.co\/blog\/pazaryeri-kamp-alanlari-ve-karavan-alanlari\/","url":"https:\/\/geziyoo.co\/blog\/pazaryeri-kamp-alanlari-ve-karavan-alanlari\/","name":"Pazaryeri\u2019nde En \u0130yi 4 Kamp Alan\u0131: \u00dccretli, \u00dccretsiz ve Tesisli | Geziyoo","isPartOf":{"@id":"https:\/\/geziyoo.co\/blog\/#website"},"primaryImageOfPage":{"@id":"https:\/\/geziyoo.co\/blog\/pazaryeri-kamp-alanlari-ve-karavan-alanlari\/#primaryimage"},"image":{"@id":"https:\/\/geziyoo.co\/blog\/pazaryeri-kamp-alanlari-ve-karavan-alanlari\/#primaryimage"},"thumbnailUrl":"https:\/\/geziyoo.co\/blog\/wp-content\/uploads\/2021\/11\/Bilecik-Kamp-Alanlari-Haritasi.jpg","datePublished":"2021-11-27T14:21:50+00:00","dateModified":"2026-01-27T12:38:37+00:00","description":"Pazaryeri, me\u015fhur Bozcaarmut G\u00f6leti, K\u00fc\u00e7\u00fckelmal\u0131 ve K\u0131n\u0131k \u015eelalesi dahil \u00fccretli ve \u00fccretsiz 4 kamp alan\u0131n\u0131 listeledik. Komisyon yok! \u0130\u015fletme telefonlar\u0131 ve detayl\u0131 konumlar","breadcrumb":{"@id":"https:\/\/geziyoo.co\/blog\/pazaryeri-kamp-alanlari-ve-karavan-alanlari\/#breadcrumb"},"inLanguage":"tr","potentialAction":[{"@type":"ReadAction","target":["https:\/\/geziyoo.co\/blog\/pazaryeri-kamp-alanlari-ve-karavan-alanlari\/"]}]},{"@type":"ImageObject","inLanguage":"tr","@id":"https:\/\/geziyoo.co\/blog\/pazaryeri-kamp-alanlari-ve-karavan-alanlari\/#primaryimage","url":"https:\/\/geziyoo.co\/blog\/wp-content\/uploads\/2021\/11\/Bilecik-Kamp-Alanlari-Haritasi.jpg","contentUrl":"https:\/\/geziyoo.co\/blog\/wp-content\/uploads\/2021\/11\/Bilecik-Kamp-Alanlari-Haritasi.jpg","width":800,"height":600},{"@type":"BreadcrumbList","@id":"https:\/\/geziyoo.co\/blog\/pazaryeri-kamp-alanlari-ve-karavan-alanlari\/#breadcrumb","itemListElement":[{"@type":"ListItem","position":1,"name":"Ana sayfa","item":"https:\/\/geziyoo.co\/blog\/"},{"@type":"ListItem","position":2,"name":"Pazaryeri Geneli \u00dccretli ve \u00dccretsiz 4+ Kamp Alan\u0131 (\u0130leti\u015fim ve Konum)"}]},{"@type":"WebSite","@id":"https:\/\/geziyoo.co\/blog\/#website","url":"https:\/\/geziyoo.co\/blog\/","name":"Geziyoo Blog","description":"GeziYoo Blog&#039;da T\u00fcrkiye&#039;nin en iyi kamp alanlar\u0131ndan bungalov tatillerine, karavan ipu\u00e7lar\u0131ndan gezi rehberlerine kadar her t\u00fcrl\u00fc do\u011fa deneyimini ke\u015ffedin.","publisher":{"@id":"https:\/\/geziyoo.co\/blog\/#organization"},"potentialAction":[{"@type":"SearchAction","target":{"@type":"EntryPoint","urlTemplate":"https:\/\/geziyoo.co\/blog\/?s={search_term_string}"},"query-input":{"@type":"PropertyValueSpecification","valueRequired":true,"valueName":"search_term_string"}}],"inLanguage":"tr"},{"@type":"Organization","@id":"https:\/\/geziyoo.co\/blog\/#organization","name":"Geziyoo.co","url":"https:\/\/geziyoo.co\/blog\/","logo":{"@type":"ImageObject","inLanguage":"tr","@id":"https:\/\/geziyoo.co\/blog\/#\/schema\/logo\/image\/","url":"https:\/\/geziyoo.co\/blog\/wp-content\/uploads\/2025\/01\/Paragraf-metniniz-3.png","contentUrl":"https:\/\/geziyoo.co\/blog\/wp-content\/uploads\/2025\/01\/Paragraf-metniniz-3.png","width":270,"height":50,"caption":"Geziyoo.co"},"image":{"@id":"https:\/\/geziyoo.co\/blog\/#\/schema\/logo\/image\/"},"sameAs":["https:\/\/www.facebook.com\/Geziyooco","https:\/\/x.com\/geziyoo","https:\/\/tr.pinterest.com\/geziyooco\/","https:\/\/www.youtube.com\/@geziyoo","https:\/\/www.instagram.com\/geziyoo.co\/"]},{"@type":"Person","@id":"https:\/\/geziyoo.co\/blog\/#\/schema\/person\/032acb2436540ed14784e7d978aef0e4","name":"Geziyoo","image":{"@type":"ImageObject","inLanguage":"tr","@id":"https:\/\/geziyoo.co\/blog\/#\/schema\/person\/image\/","url":"https:\/\/secure.gravatar.com\/avatar\/ae212a4514471fdb8cab6e5af4f3c99b940a2d0a16713ea0392c8d7c8a64f30a?s=96&d=mm&r=g","contentUrl":"https:\/\/secure.gravatar.com\/avatar\/ae212a4514471fdb8cab6e5af4f3c99b940a2d0a16713ea0392c8d7c8a64f30a?s=96&d=mm&r=g","caption":"Geziyoo"},"description":"Do\u011fa ile i\u00e7 i\u00e7e olabilece\u011finiz yerler,do\u011fa aktivite alanlar\u0131,kamp alanlar\u0131,bungalov oteller,Tiny House Oteller, Galampingler ve da\u011f evlerinin herkes i\u00e7in ula\u015f\u0131labilir olmas\u0131n\u0131 sa\u011flamak amac\u0131yla Geziyoo\u2019ya 2019 y\u0131l\u0131nda ba\u015flad\u0131k.Do\u011fal Tatil konseptini uygulayan en geni\u015f kapsaml\u0131 sitedir.","sameAs":["https:\/\/geziyoo.co\/","https:\/\/www.facebook.com\/geziyoo.co","https:\/\/www.instagram.com\/geziyoo.co\/","https:\/\/tr.pinterest.com\/geziyooco\/","https:\/\/x.com\/https:\/\/twitter.com\/geziyoo","https:\/\/www.youtube.com\/channel\/UCdiSMa6pe17KEY7DP1Ug4ag"]}]}},"amp_enabled":true,"_links":{"self":[{"href":"https:\/\/geziyoo.co\/blog\/wp-json\/wp\/v2\/posts\/8800","targetHints":{"allow":["GET"]}}],"collection":[{"href":"https:\/\/geziyoo.co\/blog\/wp-json\/wp\/v2\/posts"}],"about":[{"href":"https:\/\/geziyoo.co\/blog\/wp-json\/wp\/v2\/types\/post"}],"author":[{"embeddable":true,"href":"https:\/\/geziyoo.co\/blog\/wp-json\/wp\/v2\/users\/1"}],"replies":[{"embeddable":true,"href":"https:\/\/geziyoo.co\/blog\/wp-json\/wp\/v2\/comments?post=8800"}],"version-history":[{"count":0,"href":"https:\/\/geziyoo.co\/blog\/wp-json\/wp\/v2\/posts\/8800\/revisions"}],"wp:featuredmedia":[{"embeddable":true,"href":"https:\/\/geziyoo.co\/blog\/wp-json\/wp\/v2\/media\/8756"}],"wp:attachment":[{"href":"https:\/\/geziyoo.co\/blog\/wp-json\/wp\/v2\/media?parent=8800"}],"wp:term":[{"taxonomy":"category","embeddable":true,"href":"https:\/\/geziyoo.co\/blog\/wp-json\/wp\/v2\/categories?post=8800"},{"taxonomy":"post_tag","embeddable":true,"href":"https:\/\/geziyoo.co\/blog\/wp-json\/wp\/v2\/tags?post=8800"}],"curies":[{"name":"wp","href":"https:\/\/api.w.org\/{rel}","templated":true}]}}