{"id":8760,"date":"2021-11-27T13:52:41","date_gmt":"2021-11-27T13:52:41","guid":{"rendered":"https:\/\/geziyoo.co\/blog\/?p=8760"},"modified":"2026-01-27T12:36:22","modified_gmt":"2026-01-27T12:36:22","slug":"bilecik-kamp-alanlari-ve-karavan-alanlari","status":"publish","type":"post","link":"https:\/\/geziyoo.co\/blog\/bilecik-kamp-alanlari-ve-karavan-alanlari\/","title":{"rendered":"Bilecik Geneli \u00dccretli ve \u00dccretsiz 7+ Kamp Alan\u0131 (\u0130leti\u015fim ve Konum)"},"content":{"rendered":"\n<p><strong>Bilecik<\/strong>, Osmanl\u0131\u2019n\u0131n kurulu\u015funa \u015fahitlik eden S\u00f6\u011f\u00fct topraklar\u0131 ve \u015eeyh Edebali\u2019nin manevi atmosferiyle bilinesede; asl\u0131nda Bozcaarmut G\u00f6leti\u2019nin kartpostall\u0131k manzaras\u0131, Harmankaya Kanyonu\u2019nun vah\u015fi do\u011fas\u0131 ve Pelit\u00f6z\u00fc G\u00f6lpark\u2019\u0131n sosyal imkanlar\u0131yla kamp\u00e7\u0131lar i\u00e7in &#8220;sakl\u0131 bir cennet&#8221;tir. \u0130stanbul, Bursa ve Eski\u015fehir gibi b\u00fcy\u00fck \u015fehirlere olan yak\u0131nl\u0131\u011f\u0131 sayesinde, uzun yollar gitmeden do\u011fan\u0131n kuca\u011f\u0131na, \u00e7am ormanlar\u0131n\u0131n serinli\u011fine ula\u015fmak isteyenler i\u00e7in m\u00fckemmel bir hafta sonu rotas\u0131d\u0131r. Ancak b\u00f6lgenin bakir yap\u0131s\u0131 nedeniyle &#8220;G\u00f6let kenar\u0131nda telefon \u00e7ekiyor mu?&#8221;, &#8220;Kanyonda kamp g\u00fcvenli mi?&#8221; veya &#8220;Market bulabilir miyim?&#8221; stresi ya\u015faman\u0131z\u0131 hi\u00e7 istemeyiz.<\/p>\n\n\n\n<p>Biz Geziyoo olarak, ka\u00e7\u0131\u015f planlar\u0131n\u0131zda arac\u0131lar\u0131 tamamen aradan \u00e7\u0131kard\u0131k ve Bilecik\u2019in en g\u00fcvenilir kamp rehberini haz\u0131rlad\u0131k. Listemizde hem <strong>hi\u00e7bir \u00fccret \u00f6demeden<\/strong> olta bal\u0131k\u00e7\u0131l\u0131\u011f\u0131 yap\u0131p \u00e7ad\u0131r kurabilece\u011finiz Bozcaarmut gibi do\u011fal alanlar\u0131, hem de <strong>elektrik, tuvalet, restoran ve piknik<\/strong> imkan\u0131 sunan Pelit\u00f6z\u00fc gibi d\u00fczenli i\u015fletmeleri bir araya getirdik. Sizi yerel yetkililerle <strong>do\u011frudan g\u00f6r\u00fc\u015ft\u00fcren<\/strong>, gitmeden \u00f6nce konum ve doluluk bilgisini <strong>teyit etmenizi sa\u011flayan<\/strong> telefon numaralar\u0131n\u0131 i\u00e7eri\u011fimize ekledik.<\/p>\n\n\n\n<p>\u0130ster s\u0131rt \u00e7antan\u0131z\u0131 al\u0131p <strong>\u00fccretsiz<\/strong> bir yayla g\u00f6l\u00fcne kurulun, ister karavan\u0131n\u0131zla <strong>tarihe tan\u0131kl\u0131k eden<\/strong> topraklarda konaklay\u0131n; yola \u00e7\u0131kmadan \u00f6nce listedeki numaralardan bilgi almay\u0131 unutmay\u0131n. \u0130\u015fte Bilecik\u2019in en sevilen kamp duraklar\u0131<\/p>\n\n\n\n<p>Bilecik&#8217;deki kamp alanlar\u0131na haritadan bakmak i\u00e7in <strong><em> <\/em><\/strong><a href=\"https:\/\/geziyoo.co\/blog\/bilecik-kamp-alanlari-haritasi\/\" data-type=\"post\" data-id=\"8753\"><strong><em>Bilecik<\/em><\/strong> <strong><em>Kamp Alanlar\u0131 Haritam\u0131z\u0131 da<\/em><\/strong><\/a> kullanabilirsiniz.Unuttu\u011fumuz veya bilmedi\u011fimiz <strong>\u00c7ad\u0131r ve Karavan Kamp alan\u0131<\/strong> var ise l\u00fctfen yorumlar k\u0131sm\u0131ndan bizlerle payla\u015fs\u0131n.<\/p>\n\n\n\n<p>Unutmadan Bilecik haricinde Kamp Alan\u0131, Bungalov veya Da\u011f evi ar\u0131yorsan\u0131z , <a rel=\"noopener noreferrer\" href=\"https:\/\/geziyoo.co\/?select=Karavan+Kamp%C4%B1&amp;lp_s_loc=&amp;lp_s_tag=&amp;lp_s_cat=229&amp;s=home&amp;post_type=listing\" target=\"_blank\"><em><strong>500&#8217;den fazla Kamp ve Karavan Yeri<\/strong> <\/em><\/a>sayfam\u0131za bakman\u0131z\u0131 tavsiye diyoruz.<\/p>\n\n\n\n<hr class=\"wp-block-separator has-css-opacity is-style-wide\"\/>\n\n\n\n\t\t<div class=\"box shadow  aligncenter\">\n\t\t\t<div class=\"box-inner-block\">\n\t\t\t\t<span class=\"fa tie-shortcode-boxicon\"><\/span>\n\n\n<p><\/p>\n<h4 style=\"text-align: left;\"><strong style=\"color: inherit; font-size: 1.56em;\">Kampa \u00c7\u0131kmadan \u00d6nce Gerekli Ekipmanlar ;<\/strong><\/h4>\n<p>\n\n\n<\/p>\n\n\n<\/p>\n<p>Kamp yapmadan \u00f6nce yapman\u0131z gereken ilk \u015fey malzemeleri tedarik etmek ve nelere ihtiyac\u0131n\u0131z oldu\u011funu bulmakt\u0131r.Yan\u0131n\u0131za alaca\u011f\u0131n\u0131z malzemeler farkl\u0131l\u0131k g\u00f6sterebilir ne kadar s\u00fcre kamp yapaca\u011f\u0131n\u0131z veya nas\u0131l bir yerde kamp yapaca\u011f\u0131n\u0131z gibi etkenler yan\u0131n\u0131za alaca\u011f\u0131n\u0131z kamp malzemelerini de\u011fi\u015ftirebilir.Biz Temel Kamp Malzemlerini a\u015fa\u011f\u0131da sizeler i\u00e7in s\u0131ralad\u0131k.<strong>T\u00fcm listeye ula\u015fmak i\u00e7in<\/strong> <strong><em><a class=\"rank-math-link\" href=\"https:\/\/geziyoo.co\/blog\/kamp-malzemeleri-listesi\/\">KAMP MALZEMELER\u0130 L\u0130STES\u0130<\/a><\/em><\/strong> sayfam\u0131za ve <strong><em><a class=\"rank-math-link\" href=\"https:\/\/geziyoo.co\/blog\/yemek-yapmak-icin-gerekli-olan-kamp-yemek-malzemeleri\/\">KAMP YEME-\u0130\u00c7ME EK\u0130PMANLARI <\/a><\/em><\/strong>sayfam\u0131za bakman\u0131z\u0131 \u00f6neriyoruz.<\/p>\n<p>\n\n\n\n<div class=\"wp-block-columns is-layout-flex wp-container-core-columns-is-layout-9d6595d7 wp-block-columns-is-layout-flex\">\n<div class=\"wp-block-column is-layout-flow wp-block-column-is-layout-flow\">\n\n\t\t<div class=\"plus tie-list-shortcode\">\n<ul id=\"block-ebab3d57-9e5f-4371-81c1-c45ef7d5dbbf\" class=\"block-editor-rich-text__editable block-editor-block-list__block wp-block is-selected rich-text\" tabindex=\"0\" role=\"group\" contenteditable=\"true\" aria-multiline=\"true\" aria-label=\"Blok: Liste\" data-block=\"ebab3d57-9e5f-4371-81c1-c45ef7d5dbbf\" data-type=\"core\/list\" data-title=\"Liste\">\n<li>\u00c7ad\u0131r<\/li>\n<li>S\u0131rt \u00c7antas\u0131<\/li>\n<li>Uyku Tulumu<\/li>\n<li>Mat<\/li>\n<\/ul>\n\n\t\t<\/div>\n\t\n\n\n\n<p>&nbsp;<\/p>\n<\/div>\n\n\n\n<div class=\"wp-block-column is-layout-flow wp-block-column-is-layout-flow\">\n\n\t\t<div class=\"plus tie-list-shortcode\">\n<ul id=\"block-fa7bf302-414b-4ee6-8a2a-22833f93de34\" class=\"block-editor-rich-text__editable block-editor-block-list__block wp-block is-selected rich-text\" tabindex=\"0\" role=\"group\" contenteditable=\"true\" aria-multiline=\"true\" aria-label=\"Blok: Liste\" data-block=\"fa7bf302-414b-4ee6-8a2a-22833f93de34\" data-type=\"core\/list\" data-title=\"Liste\">\n<li>Kafa-Lambas\u0131 ve El Feneri<\/li>\n<li>Pusula<\/li>\n<li>Yeme-\u0130\u00e7me Malzemeleri<\/li>\n<li>Su ve Yiyecek<\/li>\n<\/ul>\n\n\t\t<\/div>\n\t\n<\/div>\n<\/div>\n\n\n\n<p><\/p>\n<p style=\"text-align: left;\">\n\t\t<div class=\"clearfix\"><\/div>\n\t\t<hr style=\"margin-top:20px; margin-bottom:20px;\" class=\"divider divider-solid\">\n\t\n<h4><strong style=\"color: inherit; font-size: 1.56em;\">\u0130lk Kez Kamp Yapacaklar \u0130\u00e7in Tavsiyeler<\/strong><\/h4>\n<p>\n\n\n<\/p>\n\n\n<\/p>\n<p>Kamp yapmak do\u011fru kurallar\u0131 uygulay\u0131p gerekli \u00f6nlemler al\u0131nd\u0131\u011f\u0131nda \u00e7ok ama \u00e7ok e\u011flenceli olur.Fakat tam tersi durumlarda olmaz de\u011fil.E\u011flenceli bir kamp yapmak i\u00e7in 1-G\u00fcvenlik 2-Do\u011fru Yer Se\u00e7imi 3-Hava Ko\u015fullar\u0131n\u0131 ilk \u00fc\u00e7 s\u0131raya ta\u015f\u0131y\u0131n.<strong>Detayl\u0131 bilgi edinmek isterseniz <em><a class=\"rank-math-link\" href=\"https:\/\/geziyoo.co\/blog\/ilk-kez-kamp-yapacaklara-tavsiyeler\/\">\u0130LK KEZ KAMP YAPACAKLARA TAVS\u0130YELER<\/a><\/em> <\/strong>sayfam\u0131za bir g\u00f6z atman\u0131z\u0131 \u00f6neririz.<\/p>\n<p>\n\n\n\n<div class=\"wp-block-columns is-layout-flex wp-container-core-columns-is-layout-9d6595d7 wp-block-columns-is-layout-flex\">\n<div class=\"wp-block-column is-layout-flow wp-block-column-is-layout-flow\">\n\n\t\t<div class=\"plus tie-list-shortcode\">\n<ul id=\"block-133921de-1d06-47c0-833a-6e57e7fa53ed\" class=\"block-editor-rich-text__editable block-editor-block-list__block wp-block is-selected rich-text\" tabindex=\"0\" role=\"group\" contenteditable=\"true\" aria-multiline=\"true\" aria-label=\"Blok: Liste\" data-block=\"133921de-1d06-47c0-833a-6e57e7fa53ed\" data-type=\"core\/list\" data-title=\"Liste\">\n<li>Tek Ba\u015f\u0131n\u0131za Kamp Yapmay\u0131n<\/li>\n<li>Kamp \u00d6ncesi Al\u0131\u015fveri\u015f Listesi D\u00fczenleyin<\/li>\n<li>Arac\u0131n\u0131z\u0131 Kontrol Edin<\/li>\n<li>Hava Durumuna Bak\u0131n<\/li>\n<\/ul>\n\n\t\t<\/div>\n\t\n<\/div>\n\n\n\n<div class=\"wp-block-column is-layout-flow wp-block-column-is-layout-flow\">\n\n\t\t<div class=\"plus tie-list-shortcode\">\n<ul id=\"block-133921de-1d06-47c0-833a-6e57e7fa53ed\" class=\"block-editor-rich-text__editable block-editor-block-list__block wp-block is-selected rich-text\" tabindex=\"0\" role=\"group\" contenteditable=\"true\" aria-multiline=\"true\" aria-label=\"Blok: Liste\" data-block=\"133921de-1d06-47c0-833a-6e57e7fa53ed\" data-type=\"core\/list\" data-title=\"Liste\">\n<li>Gerekli Malzemeleri Kontrol Edin<\/li>\n<li>\u00c7ad\u0131r G\u00fcvenli\u011finizi Sa\u011flay\u0131n<\/li>\n<li>K\u0131yafetlerinizi \u0130yi Se\u00e7in<\/li>\n<li>Yan\u0131n\u0131za Yiyecek ve \u0130\u00e7ecek Al\u0131n<\/li>\n<\/ul>\n\n\t\t<\/div>\n\t\n<\/div>\n<\/div>\n\n\n\n<p><\/p>\n\n\t\t<div class=\"clearfix\"><\/div>\n\t\t<hr style=\"margin-top:20px; margin-bottom:20px;\" class=\"divider divider-solid\">\n\t\n<h3><strong>Bilecik Kamp Alanlar\u0131 Haritas\u0131<\/strong><\/h3>\n<p>\n\n\n<\/p>\n\n\n<p><iframe data-src=\"https:\/\/www.google.com\/maps\/d\/u\/0\/embed?mid=1uKQxw3dBP9q4bpbtrnkWRI-uAv6DhTda\" width=\"750\" height=\"480\" src=\"data:image\/gif;base64,R0lGODlhAQABAAAAACH5BAEKAAEALAAAAAABAAEAAAICTAEAOw==\" class=\"lazyload\" data-load-mode=\"1\"><\/iframe><\/p>\n\n\n\n<p><\/p>\n<ul>\n<li><strong><span style=\"color: #ff0000;\">\u21d2K\u0131rm\u0131z\u0131<\/span><\/strong> ile i\u015faretli yerler \u00dccretli Kamp Alanlar\u0131n\u0131<\/li>\n<li><strong><span style=\"color: #3366ff;\">\u21d2Mavi<\/span> <\/strong>ile i\u015faretli yerler ise \u00dccretsiz Kamp Alanlar\u0131n\u0131 belirtmekte<\/li>\n<li>A\u00e7\u0131klamalar\u0131 g\u00f6rmek i\u00e7in \u00fcst\u00fcne t\u0131klayabilir yak\u0131nla\u015ft\u0131rmak i\u00e7im Zoom yapabilirsiniz.<\/li>\n<\/ul>\n<p>\n\n\n<\/p>\n\n\t\t\t<\/div>\n\t\t<\/div>\n\t\n\n\n<hr class=\"wp-block-separator has-css-opacity is-style-wide\"\/>\n\n\n\n<h3 class=\"wp-block-heading\">B\u0130LEC\u0130K \u00dcCRETL\u0130 KAMP ALANLARI&gt;&gt;<\/h3>\n\n\n\n<p><strong>Bilecik \u00dccretli Kamp Alanlar\u0131 b\u00f6l\u00fcm\u00fcnde Bilecik<\/strong> <strong>ve \u00e7evresinde \u00fccretli olarak kamp hizmeti veren kamp alanlar\u0131 ve i\u015fletmeler bulunmakta.<\/strong><\/p>\n\n\n\n<p>Sizlerde listemizde ekli olmayan <strong><strong>Bilecik <\/strong>\u00dccretli Kamp Alanlar\u0131n\u0131<\/strong> yorumlar k\u0131sm\u0131ndan l\u00fctfen bizlerle payla\u015f\u0131n.\u015eimdiden herkese iyi bir kamp diliyoruz.<\/p>\n\n\n\n<hr class=\"wp-block-separator has-css-opacity is-style-wide\"\/>\n\n\n\n<h2 class=\"wp-block-heading\">1.K\u00fc\u00e7\u00fckelmal\u0131 Tabiat Park\u0131 Kamp Alan\u0131<\/h2>\n\n\n\n<figure class=\"wp-block-image size-large\"><img decoding=\"async\" width=\"800\" height=\"600\" data-src=\"https:\/\/geziyoo.co\/blog\/wp-content\/uploads\/2021\/11\/Kucukelmali-Tabiat-Parki-Kamp-Alani-3.jpg\" alt=\"\" class=\"wp-image-8796 lazyload\" data-srcset=\"https:\/\/geziyoo.co\/blog\/wp-content\/uploads\/2021\/11\/Kucukelmali-Tabiat-Parki-Kamp-Alani-3.jpg 800w, https:\/\/geziyoo.co\/blog\/wp-content\/uploads\/2021\/11\/Kucukelmali-Tabiat-Parki-Kamp-Alani-3-300x225.jpg 300w, https:\/\/geziyoo.co\/blog\/wp-content\/uploads\/2021\/11\/Kucukelmali-Tabiat-Parki-Kamp-Alani-3-768x576.jpg 768w\" data-sizes=\"(max-width: 800px) 100vw, 800px\" src=\"data:image\/gif;base64,R0lGODlhAQABAAAAACH5BAEKAAEALAAAAAABAAEAAAICTAEAOw==\" style=\"--smush-placeholder-width: 800px; --smush-placeholder-aspect-ratio: 800\/600;\" \/><\/figure>\n\n\n\n<p><strong>Bilecik<\/strong> <strong>Kamp Alanlar\u0131 ve Karavan Alanlar\u0131<\/strong> i\u00e7eri\u011fimizin ilk kamp alan\u0131 Bilecik Pazaryerinde yer alan K\u00fc\u00e7\u00fckelmal\u0131 Tabiat park\u0131 yer almakta.<\/p>\n\n\n\n<p><strong>Bilecik&#8217;in Pazaryeri il\u00e7esinde yer alan K\u00fc\u00e7\u00fckelmal\u0131 Tabiat Park\u0131, son y\u0131llarda ke\u015ffedilen ve do\u011fayla i\u00e7 i\u00e7e bir tatil arayanlar\u0131n g\u00f6zdesi haline gelen bir cennet k\u00f6\u015fesi.<\/strong> Muhte\u015fem do\u011fal g\u00fczellikleri, g\u00f6l manzaras\u0131 ve huzurlu atmosferi ile K\u00fc\u00e7\u00fckelmal\u0131 Tabiat Park\u0131, unutulmaz bir kamp deneyimi ya\u015famak isteyenler i\u00e7in ideal bir yer.<\/p>\n\n\n\n<p>K\u00fc\u00e7\u00fckelmal\u0131 Tabiat Park\u0131, \u00e7ad\u0131r kamp\u0131 ve karavan kamp\u0131 i\u00e7in geni\u015f alanlar sunuyor. G\u00f6l kenar\u0131nda kamp kurmak ve do\u011fan\u0131n seslerini dinlemek e\u015fsiz bir deneyim ya\u015fat\u0131yor. Parkta elektrik ve du\u015f imkan\u0131 olmasa da, \u00e7e\u015fme, WC ve piknik masalar\u0131 gibi temel ihtiya\u00e7lar kar\u015f\u0131lan\u0131yor. Yiyecek ve i\u00e7eceklerinizi kamp alan\u0131na gelmeden \u00f6nce temin etmeniz gerekiyor.<\/p>\n\n\n\n<p>K\u00fc\u00e7\u00fckelmal\u0131 Tabiat Park\u0131&#8217;nda kamp yapmak sadece do\u011fayla i\u00e7 i\u00e7e olmakla s\u0131n\u0131rl\u0131 de\u011fil. Parkta bisiklet s\u00fcrme, olta bal\u0131k\u00e7\u0131l\u0131\u011f\u0131, do\u011fa y\u00fcr\u00fcy\u00fc\u015fleri, foto\u011fraf\u00e7\u0131l\u0131k, ku\u015f g\u00f6zlemcili\u011fi gibi bir\u00e7ok aktiviteyi de yapabilirsiniz. G\u00f6l kenar\u0131nda piknik yapmak ve ailenizle keyifli vakit ge\u00e7irmek de m\u00fcmk\u00fcn.<\/p>\n\n\n\n<hr class=\"wp-block-separator has-css-opacity is-style-wide\"\/>\n\n\n\n<ul id=\"block-ac4df02e-ceaf-47f7-a499-985a2bd13010\" class=\"wp-block-list\">\n<li><strong><strong>K\u00fc\u00e7\u00fckelmal\u0131 Tabiat park\u0131<\/strong><\/strong>&nbsp;<strong>Adres<\/strong>&nbsp;:11800 K\u00fc\u00e7\u00fckelmal\u0131\/Pazaryeri\/Bilecik<a href=\"https:\/\/www.google.com\/maps?daddr=40.01528349309918,29.79382776053048\" target=\"_blank\" rel=\"noreferrer noopener\">Yol Tarifi Al<\/a><\/li>\n\n\n\n<li><strong><strong>K\u00fc\u00e7\u00fckelmal\u0131 Tabiat park\u0131<\/strong><\/strong> <strong>Detayl\u0131 Bilgi Fiyatlar:<\/strong>Detayl\u0131 Bilgiler i\u00e7in&nbsp;<a href=\"https:\/\/geziyoo.co\/listing\/kucukelmali-tabiat-parki-kamp-alani\/\"><strong><em><strong><strong>K\u00fc\u00e7\u00fckelmal\u0131 Tabiat park\u0131<\/strong><\/strong><\/em><\/strong> <\/a>sayfas\u0131na bakabilirsiniz.<\/li>\n<\/ul>\n\n\n\n<hr class=\"wp-block-separator has-css-opacity is-style-wide\"\/>\n\n\n\n<h2 class=\"wp-block-heading\">2.Harmankaya Kanyonu Kamp Alan\u0131<\/h2>\n\n\n\n<figure class=\"wp-block-image size-large\"><img decoding=\"async\" width=\"800\" height=\"533\" data-src=\"https:\/\/geziyoo.co\/blog\/wp-content\/uploads\/2021\/11\/Harmankaya-Kanyonu-Kamp-Alani-3.jpg\" alt=\"\" class=\"wp-image-8797 lazyload\" data-srcset=\"https:\/\/geziyoo.co\/blog\/wp-content\/uploads\/2021\/11\/Harmankaya-Kanyonu-Kamp-Alani-3.jpg 800w, https:\/\/geziyoo.co\/blog\/wp-content\/uploads\/2021\/11\/Harmankaya-Kanyonu-Kamp-Alani-3-300x200.jpg 300w, https:\/\/geziyoo.co\/blog\/wp-content\/uploads\/2021\/11\/Harmankaya-Kanyonu-Kamp-Alani-3-768x512.jpg 768w\" data-sizes=\"(max-width: 800px) 100vw, 800px\" src=\"data:image\/gif;base64,R0lGODlhAQABAAAAACH5BAEKAAEALAAAAAABAAEAAAICTAEAOw==\" style=\"--smush-placeholder-width: 800px; --smush-placeholder-aspect-ratio: 800\/533;\" \/><\/figure>\n\n\n\n<p><strong>Bilecik \u015fehir merkezine 60 kilometre uzakl\u0131kta bulunan Harmankaya Kanyonu, ke\u015ffedilmeyi bekleyen bir do\u011fa harikas\u0131.<\/strong> Tabiat park\u0131 olarak ilan edilen kanyon, muhte\u015fem manzaralar\u0131, \u015felaleleri, ma\u011faralar\u0131 ve tarihi kal\u0131nt\u0131lar\u0131yla do\u011faseverleri ve macera arayanlar\u0131 cezbediyor.<\/p>\n\n\n\n<p>Harmankaya Kanyonu, yakla\u015f\u0131k 4 kilometre uzunlu\u011funda ve kanyon boyunca bir\u00e7ok \u015felale, akarsu ve ma\u011fara bulunuyor. Kanyoning ve rafting gibi heyecan verici sporlar yapabilir, do\u011fa y\u00fcr\u00fcy\u00fc\u015fleri ile kanyonun gizemli k\u00f6\u015felerini ke\u015ffedebilirsiniz. Foto\u011fraf\u00e7\u0131l\u0131k tutkunlar\u0131 i\u00e7in e\u015fsiz kareler sunan kanyon, tarihi kal\u0131nt\u0131larla da ge\u00e7mi\u015fe bir pencere a\u00e7\u0131yor.<\/p>\n\n\n\n<p>Bahar aylar\u0131nda kanyonda y\u00fckselen su seviyesi, muhte\u015fem bir g\u00f6rsel \u015f\u00f6len sunuyor. Bu mevsimde kanyonun gizemli atmosferini ke\u015ffetmek unutulmaz bir deneyim olacakt\u0131r. G\u00fcvenli\u011finiz i\u00e7in kanyonda rehber e\u015fli\u011finde gezmenizi tavsiye ederiz.<\/p>\n\n\n\n<p>Harmankaya Kanyonu, kamp ve piknik yapmak i\u00e7in de ideal bir yer. Kanyonda WC, i\u00e7me suyu, otopark ve mescit gibi imkanlar mevcut. G\u0131da ve market ihtiyac\u0131n\u0131z\u0131 gitmeden \u00f6nce kar\u015f\u0131laman\u0131z gerekiyor.<\/p>\n\n\n\n<p>Kanyona \u00f6zel ara\u00e7la veya minib\u00fcslerle ula\u015fabilirsiniz. Giri\u015f \u00fccreti ki\u015fi ba\u015f\u0131 4 TL, otomobil i\u00e7in ise 12 TL olarak belirlenmi\u015f.<\/p>\n\n\n\n<p><strong>Harmankaya Kanyonu&#8217;nda Yap\u0131labilecek Aktiviteler:<\/strong><\/p>\n\n\n\n<ul class=\"wp-block-list\">\n<li>Kanyoning<\/li>\n\n\n\n<li>Rafting<\/li>\n\n\n\n<li>Do\u011fa y\u00fcr\u00fcy\u00fc\u015fleri<\/li>\n\n\n\n<li>T\u0131rman\u0131\u015f<\/li>\n\n\n\n<li>Foto\u011fraf\u00e7\u0131l\u0131k<\/li>\n\n\n\n<li>Tarihi kal\u0131nt\u0131lar\u0131 ke\u015ffetme<\/li>\n\n\n\n<li>Piknik<\/li>\n\n\n\n<li>\u00c7ad\u0131r ve karavan kamp\u0131<\/li>\n<\/ul>\n\n\n\n<hr class=\"wp-block-separator has-css-opacity is-style-wide\"\/>\n\n\n\n<ul id=\"block-ac4df02e-ceaf-47f7-a499-985a2bd13010\" class=\"wp-block-list\">\n<li><strong><strong>Harmankaya Kanyonu<\/strong><\/strong>&nbsp;<strong>Adres<\/strong>&nbsp;:11780 Karahasanlar\/Yenipazar\/Bilecik<a href=\"https:\/\/www.google.com\/maps?daddr=40.15102967954431,30.445943782826138\" target=\"_blank\" rel=\"noreferrer noopener\">Yol Tarifi Al<\/a><\/li>\n\n\n\n<li><strong><strong>Harmankaya Kanyonu<\/strong><\/strong> <strong>Detayl\u0131 Bilgi Fiyatlar:<\/strong>Detayl\u0131 Bilgiler i\u00e7in&nbsp;<a href=\"https:\/\/geziyoo.co\/listing\/harmankaya-kanyonu-kamp-alani\/\"><strong><em><strong><strong>Harmankaya Kanyonu<\/strong><\/strong><\/em><\/strong> <\/a>sayfas\u0131na bakabilirsiniz.<\/li>\n<\/ul>\n\n\n\n<hr class=\"wp-block-separator has-css-opacity is-style-wide\"\/>\n\n\n\n<h3 class=\"wp-block-heading\">B\u0130LEC\u0130K \u00dcCRETS\u0130Z KAMP ALANLARI &gt;&gt;<\/h3>\n\n\n\n<p><strong><strong>Bilecik&#8217;de <\/strong>yer alan \u00dccretli Kamp Alanlar\u0131ndan sonra, <strong>Bilecik <\/strong>\u00dccretsiz Kamp Alanlar\u0131na bir bakal\u0131m.<strong>Bilecik&#8217;de <\/strong>yer alan \u00fccretsiz kamp alanlar\u0131,do\u011fal koylar ve do\u011fal kamp alanlar\u0131nda kamp yapabilirsiniz.<\/strong><\/p>\n\n\n\n<p><strong>Sizlerde listemizde ekli olmayan <strong>Bilecik<\/strong> \u00dccretsiz Kamp Alanlar\u0131n\u0131 yorumlar k\u0131sm\u0131ndan l\u00fctfen bizlerle payla\u015f\u0131n.\u015eimdiden herkese iyi bir kamp diliyoruz.<\/strong><\/p>\n\n\n\n<hr class=\"wp-block-separator has-css-opacity is-style-wide\"\/>\n\n\n\n<h2 class=\"wp-block-heading\">3.Kur\u015funlu K\u00f6y\u00fc Kamp Alan\u0131<\/h2>\n\n\n\n<figure class=\"wp-block-image size-large\"><img decoding=\"async\" width=\"800\" height=\"592\" data-src=\"https:\/\/geziyoo.co\/blog\/wp-content\/uploads\/2021\/11\/Kursunlu-Koyu-Kamp-Alani-2.jpg\" alt=\"Bilecik Kamp Alanlar\u0131-Kur\u015funlu K\u00f6y\u00fc\" class=\"wp-image-8765 lazyload\" data-srcset=\"https:\/\/geziyoo.co\/blog\/wp-content\/uploads\/2021\/11\/Kursunlu-Koyu-Kamp-Alani-2.jpg 800w, https:\/\/geziyoo.co\/blog\/wp-content\/uploads\/2021\/11\/Kursunlu-Koyu-Kamp-Alani-2-300x222.jpg 300w, https:\/\/geziyoo.co\/blog\/wp-content\/uploads\/2021\/11\/Kursunlu-Koyu-Kamp-Alani-2-768x568.jpg 768w\" data-sizes=\"(max-width: 800px) 100vw, 800px\" src=\"data:image\/gif;base64,R0lGODlhAQABAAAAACH5BAEKAAEALAAAAAABAAEAAAICTAEAOw==\" style=\"--smush-placeholder-width: 800px; --smush-placeholder-aspect-ratio: 800\/592;\" \/><figcaption class=\"wp-element-caption\">Bilecik Kamp Alanlar\u0131-Kur\u015funlu K\u00f6y\u00fc<\/figcaption><\/figure>\n\n\n\n<p><strong>Bilecik Kamp Alanlar\u0131<\/strong> i\u00e7eri\u011fimizin ilk s\u0131ras\u0131nda <strong>Kur\u015funlu K\u00f6y\u00fc Kamp Alan\u0131<\/strong> var.<strong>Bilecik&#8217;in G\u00f6lpazar\u0131 il\u00e7esinde yer alan Kur\u015funlu K\u00f6y\u00fc, do\u011fayla i\u00e7 i\u00e7e bir tatil arayanlar i\u00e7in ideal bir destinasyon.<\/strong> \u015eehir merkezine 43 kilometre uzakl\u0131kta bulunan k\u00f6y, sakin atmosferi, do\u011fal g\u00fczellikleri ve y\u00f6resel lezzetleri ile ziyaret\u00e7ilerini cezbediyor.<\/p>\n\n\n\n<p>Kur\u015funlu K\u00f6y\u00fc, hen\u00fcz ke\u015ffedilmemi\u015f bir cennet k\u00f6\u015fesi. Bu nedenle, kalabal\u0131ktan uzak, sakin ve huzurlu bir kamp ortam\u0131 arayanlar i\u00e7in m\u00fckemmel bir se\u00e7im. K\u00f6yde hem \u00e7ad\u0131r kamp\u0131 hem de karavan kamp\u0131 kurmak i\u00e7in uygun alanlar mevcut. B\u00f6lgeye gelen kamp\u00e7\u0131lar\u0131n say\u0131s\u0131 artt\u0131k\u00e7a, k\u00f6y ekonomisi de canlan\u0131yor. Yerel halk, el tezg\u00e2hlar\u0131nda y\u00f6resel lezzetler ve \u00fcr\u00fcnler satarak misafirlerine keyifli bir deneyim sunuyor.<\/p>\n\n\n\n<p>Kur\u015funlu K\u00f6y\u00fc, do\u011fa severler i\u00e7in de bir cennet. K\u00f6y ve \u00e7evresi, do\u011fa y\u00fcr\u00fcy\u00fc\u015fleri ve foto\u011fraf\u00e7\u0131l\u0131k i\u00e7in ideal bir ortam sunuyor. K\u00f6y\u00fcn etraf\u0131ndaki do\u011fal g\u00fczellikleri ke\u015ffetmek, insana huzur veriyor.<\/p>\n\n\n\n<p>Kur\u015funlu K\u00f6y\u00fc&#8217;nde kamp\u00e7\u0131lar\u0131n bir\u00e7ok ihtiyac\u0131 k\u00f6yden kar\u015f\u0131lanabiliyor. Elektrik, WC, g\u0131da ve i\u00e7ecek gibi temel ihtiya\u00e7lar k\u00f6ydeki bakkal, market, f\u0131r\u0131n ve manav gibi i\u015fletmelerden temin edilebiliyor. Ayr\u0131ca k\u00f6yde bir mescit de bulunuyor.<\/p>\n\n\n\n<p>Kur\u015funlu K\u00f6y\u00fc&#8217;ne G\u00f6lpazar\u0131 il\u00e7e merkezinden minib\u00fcslerle ve \u00f6zel ara\u00e7larla ula\u015fabilirsiniz. \u00d6zel ara\u00e7la gitmeyi tercih ederseniz, Bilecik-G\u00f6lpazar\u0131 karayolunu takip ederek k\u00f6ye ula\u015fabilirsiniz.<\/p>\n\n\n\n<p><strong>Kur\u015funlu K\u00f6y\u00fc, do\u011fayla i\u00e7 i\u00e7e bir tatil, sakin ve huzurlu bir kamp ortam\u0131 ve y\u00f6resel lezzetler arayanlar i\u00e7in m\u00fckemmel bir destinasyon.<\/strong> Bilecik&#8217;e yolunuz d\u00fc\u015ferse, Kur\u015funlu K\u00f6y\u00fc&#8217;n\u00fc ke\u015ffetmeyi unutmay\u0131n.<\/p>\n\n\n\n<hr class=\"wp-block-separator has-css-opacity is-style-wide\"\/>\n\n\n\n<ul id=\"block-ac4df02e-ceaf-47f7-a499-985a2bd13010\" class=\"wp-block-list\">\n<li><strong><strong>Kur\u015funlu K\u00f6y\u00fc Kamp Alan\u0131<\/strong><\/strong>&nbsp;<strong>Adres<\/strong>&nbsp;:G\u00f6lpazar\u0131\/Bilecik<a href=\"https:\/\/www.google.com\/maps?daddr=40.244000860855905,30.258777034706057\" target=\"_blank\" rel=\"noreferrer noopener\">Yol Tarifi Al<\/a><\/li>\n\n\n\n<li><strong><strong>Kur\u015funlu K\u00f6y\u00fc Kamp Alan\u0131<\/strong><\/strong>&nbsp;<strong>Detayl\u0131 Bilgi Fiyatlar:<\/strong>Detayl\u0131 Bilgiler i\u00e7in&nbsp;<strong><em><strong><strong><a href=\"https:\/\/geziyoo.co\/listing\/kursunlu-koyu-kamp-alani\/\">Kur\u015funlu K\u00f6y\u00fc Kamp Alan\u0131<\/a><\/strong><\/strong><\/em><\/strong> sayfas\u0131na bakabilirsiniz.<\/li>\n<\/ul>\n\n\n\n<hr class=\"wp-block-separator has-css-opacity is-style-wide\"\/>\n\n\n\n<h2 class=\"wp-block-heading\">4.Bozcaarmut G\u00f6leti Kamp Alan\u0131<\/h2>\n\n\n\n<figure class=\"wp-block-image size-large\"><img decoding=\"async\" width=\"800\" height=\"600\" data-src=\"https:\/\/geziyoo.co\/blog\/wp-content\/uploads\/2021\/11\/Bozcaarmut-Goleti-Kamp-Alani-3.jpg\" alt=\"\" class=\"wp-image-8766 lazyload\" data-srcset=\"https:\/\/geziyoo.co\/blog\/wp-content\/uploads\/2021\/11\/Bozcaarmut-Goleti-Kamp-Alani-3.jpg 800w, https:\/\/geziyoo.co\/blog\/wp-content\/uploads\/2021\/11\/Bozcaarmut-Goleti-Kamp-Alani-3-300x225.jpg 300w, https:\/\/geziyoo.co\/blog\/wp-content\/uploads\/2021\/11\/Bozcaarmut-Goleti-Kamp-Alani-3-768x576.jpg 768w\" data-sizes=\"(max-width: 800px) 100vw, 800px\" src=\"data:image\/gif;base64,R0lGODlhAQABAAAAACH5BAEKAAEALAAAAAABAAEAAAICTAEAOw==\" style=\"--smush-placeholder-width: 800px; --smush-placeholder-aspect-ratio: 800\/600;\" \/><figcaption class=\"wp-element-caption\">Bilecik Kamp Alanlar\u0131-Bozcaarmut G\u00f6leti<\/figcaption><\/figure>\n\n\n\n<p><strong>Bilecik&#8217;in Pazaryeri il\u00e7esinde yer alan Bozcaarmut G\u00f6leti, el de\u011fmemi\u015f do\u011fas\u0131 ve huzurlu atmosferi ile do\u011faseverler i\u00e7in bir cennet k\u00f6\u015fesi.<\/strong> \u015eehir merkezine 50 kilometre uzakl\u0131kta bulunan g\u00f6lete, minib\u00fcs veya \u00f6zel ara\u00e7la ula\u015fabilirsiniz.<\/p>\n\n\n\n<p>Bozcaarmut G\u00f6leti, \u00e7ad\u0131r kamp\u0131 ve karavan kamp\u0131 i\u00e7in ideal bir yer. G\u00f6letin etraf\u0131ndaki geni\u015f alanlar kamp kurmak i\u00e7in olduk\u00e7a uygun. Zengin bitki \u00f6rt\u00fcs\u00fc, g\u00f6leye e\u015fsiz bir g\u00fczellik kat\u0131yor. \u00d6zellikle sonbaharda g\u00f6letin etraf\u0131ndaki renk c\u00fcmb\u00fc\u015f\u00fc g\u00f6r\u00fclmeye de\u011fer.<\/p>\n\n\n\n<p>Bozcaarmut G\u00f6leti, do\u011fa y\u00fcr\u00fcy\u00fc\u015fleri ve foto\u011fraf\u00e7\u0131l\u0131k i\u00e7in de m\u00fckemmel bir ortam sunuyor. G\u00f6letin etraf\u0131nda y\u00fcr\u00fcy\u00fc\u015f yapmak ve do\u011fan\u0131n tad\u0131n\u0131 \u00e7\u0131karmak olduk\u00e7a keyifli. G\u00f6letin sakin ve huzurlu atmosferi, foto\u011fraf \u00e7ekmek i\u00e7in de ideal.<\/p>\n\n\n\n<p>Hafta i\u00e7i olduk\u00e7a sakin ve sessiz olan Bozcaarmut G\u00f6leti, hafta sonlar\u0131 \u015fehirden ka\u00e7anlarla dolup ta\u015f\u0131yor. Y\u00f6re halk\u0131n\u0131n da g\u00fcn\u00fcbirlik piknikler i\u00e7in tercih etti\u011fi g\u00f6let, hafta sonlar\u0131 biraz kalabal\u0131k olabiliyor.<\/p>\n\n\n\n<p>Bozcaarmut G\u00f6leti&#8217;nde kamp\u00e7\u0131lar\u0131n ihtiya\u00e7lar\u0131n\u0131 kar\u015f\u0131layacak herhangi bir tesis bulunmuyor. Sadece do\u011fal i\u00e7me suyu \u00e7e\u015fmeleri ile i\u00e7me suyu ihtiyac\u0131 kar\u015f\u0131lanabiliyor. WC, elektrik ve du\u015f imk\u00e2n\u0131 bulunmad\u0131\u011f\u0131ndan, kamp yapmadan \u00f6nce t\u00fcm ihtiya\u00e7lar\u0131n\u0131z\u0131 kar\u015f\u0131laman\u0131z gerekiyor.<\/p>\n\n\n\n<hr class=\"wp-block-separator has-css-opacity is-style-wide\"\/>\n\n\n\n<ul id=\"block-ac4df02e-ceaf-47f7-a499-985a2bd13010\" class=\"wp-block-list\">\n<li><strong>Bozcaarmut G\u00f6leti Kamp Alan\u0131<\/strong>&nbsp;<strong>Adres<\/strong>&nbsp;:11802 Bozcaarmut\/Pazaryeri\/Bilecik<a href=\"https:\/\/www.google.com\/maps?daddr=39.959675199486036,29.788551745227657\" target=\"_blank\" rel=\"noreferrer noopener\">Yol Tarifi Al<\/a><\/li>\n\n\n\n<li><strong>Bozcaarmut G\u00f6leti Kamp Alan\u0131<\/strong>&nbsp;<strong>Detayl\u0131 Bilgi Fiyatlar:<\/strong>Detayl\u0131 Bilgiler i\u00e7in&nbsp;<strong><em><strong><strong><a href=\"https:\/\/geziyoo.co\/listing\/bozcaarmut-goleti-kamp-alani\/\">Bozcaarmut G\u00f6leti<\/a><\/strong><\/strong><\/em><\/strong>&nbsp;sayfas\u0131na bakabilirsiniz.<\/li>\n<\/ul>\n\n\n\n<hr class=\"wp-block-separator has-css-opacity is-style-wide\"\/>\n\n\n\n<h2 class=\"wp-block-heading\">5.Sofular Yaylas\u0131 Kamp Alan\u0131<\/h2>\n\n\n\n<figure class=\"wp-block-image size-large\"><img decoding=\"async\" width=\"960\" height=\"717\" data-src=\"https:\/\/geziyoo.co\/blog\/wp-content\/uploads\/2021\/11\/Bilecik-Kamp-Alanlari-Sofular-Yaylasi-Kamp-Alani-4.jpg\" alt=\"\" class=\"wp-image-8770 lazyload\" data-srcset=\"https:\/\/geziyoo.co\/blog\/wp-content\/uploads\/2021\/11\/Bilecik-Kamp-Alanlari-Sofular-Yaylasi-Kamp-Alani-4.jpg 960w, https:\/\/geziyoo.co\/blog\/wp-content\/uploads\/2021\/11\/Bilecik-Kamp-Alanlari-Sofular-Yaylasi-Kamp-Alani-4-300x224.jpg 300w, https:\/\/geziyoo.co\/blog\/wp-content\/uploads\/2021\/11\/Bilecik-Kamp-Alanlari-Sofular-Yaylasi-Kamp-Alani-4-768x574.jpg 768w\" data-sizes=\"(max-width: 960px) 100vw, 960px\" src=\"data:image\/gif;base64,R0lGODlhAQABAAAAACH5BAEKAAEALAAAAAABAAEAAAICTAEAOw==\" style=\"--smush-placeholder-width: 960px; --smush-placeholder-aspect-ratio: 960\/717;\" \/><figcaption class=\"wp-element-caption\">Bilecik \u00dccretsiz Kamp Alanlar\u0131-Sofular Yaylas\u0131<\/figcaption><\/figure>\n\n\n\n<p><strong>Bilecik \u00dccretsiz Kamp Alanlar\u0131<\/strong> i\u00e7eri\u011fimizin 3.s\u0131ras\u0131nda Sofular Yaylas\u0131 Kamp Alan\u0131 var.<\/p>\n\n\n\n<p><strong>Bilecik&#8217;in Boz\u00fcy\u00fck il\u00e7esinde yer alan Sofular Yaylas\u0131, \u015fehrin g\u00fcr\u00fclt\u00fcs\u00fcnden ve karma\u015fas\u0131ndan uzak, do\u011fayla i\u00e7 i\u00e7e bir tatil arayanlar i\u00e7in ideal bir destinasyon.<\/strong> 1500 metre rak\u0131ml\u0131 olan yayla, zengin bitki \u00f6rt\u00fcs\u00fc, bol oksijeni ve huzurlu atmosferi ile ziyaret\u00e7ilerini b\u00fcy\u00fcl\u00fcyor.<\/p>\n\n\n\n<p>Sofular Yaylas\u0131, Y\u00f6r\u00fcklerin yayla geleneklerini hala ya\u015fatt\u0131\u011f\u0131 bir yer. Her y\u0131l temmuz ay\u0131nda d\u00fczenlenen \u015fenliklerle yayla olduk\u00e7a ne\u015feli ve canl\u0131 bir atmosfere b\u00fcr\u00fcn\u00fcyor. \u015eenlikler d\u0131\u015f\u0131nda da yaylada do\u011fa y\u00fcr\u00fcy\u00fc\u015fleri, piknik ve kamp gibi bir\u00e7ok aktivite yap\u0131labiliyor.<\/p>\n\n\n\n<p>Sofular Yaylas\u0131, hem \u00e7ad\u0131r kamp\u0131 hem de karavan kamp\u0131 i\u00e7in olduk\u00e7a uygun alanlar bar\u0131nd\u0131r\u0131yor. Etraf\u0131 ormanlarla \u00e7evrili olan yayla, bol oksijeni ve g\u00f6lgeli alanlar\u0131 ile kamp\u00e7\u0131lara unutulmaz bir deneyim ya\u015fat\u0131yor.<\/p>\n\n\n\n<p>Sofular Yaylas\u0131, do\u011fayla i\u00e7 i\u00e7e bir tatil ve huzurlu bir atmosfer arayanlar i\u00e7in m\u00fckemmel bir yer. Yaylada WC, elektrik, du\u015f ve \u00e7e\u015fme imk\u00e2n\u0131 bulunmad\u0131\u011f\u0131ndan, kamp yapmadan \u00f6nce t\u00fcm ihtiya\u00e7lar\u0131n\u0131z\u0131 kar\u015f\u0131laman\u0131z gerekiyor.<\/p>\n\n\n\n<p>Sofular Yaylas\u0131&#8217;na \u00f6zel ara\u00e7larla ula\u015fabilirsiniz. Boz\u00fcy\u00fck il\u00e7e merkezine 24 kilometre uzakl\u0131kta bulunan yaylaya ula\u015f\u0131m i\u00e7in Boz\u00fcy\u00fck-S\u00f6\u011f\u00fct karayolunu takip etmeniz gerekiyor.<\/p>\n\n\n\n<hr class=\"wp-block-separator has-css-opacity is-style-wide\"\/>\n\n\n\n<ul id=\"block-ac4df02e-ceaf-47f7-a499-985a2bd13010\" class=\"wp-block-list\">\n<li><strong>Sofular Yaylas\u0131 Kamp Alan\u0131<\/strong> <strong>Adres<\/strong>&nbsp;:Hamidiye,Boz\u00fcy\u00fck\/Bilecik<a href=\"https:\/\/www.google.com\/maps?daddr=39.95835929254033,30.019821620963405\" target=\"_blank\" rel=\"noreferrer noopener\">Yol Tarifi Al<\/a><\/li>\n\n\n\n<li><strong>Sofular Yaylas\u0131 Kamp Alan\u0131<\/strong>&nbsp;<strong>Detayl\u0131 Bilgi Fiyatlar:<\/strong>Detayl\u0131 Bilgiler i\u00e7in&nbsp;<strong><em><strong><strong><strong><a href=\"https:\/\/geziyoo.co\/listing\/sofular-yaylasi-kamp-alani\/\">Sofular Yaylas\u0131 Kamp Alan\u0131<\/a><\/strong><\/strong><\/strong><\/em><\/strong>&nbsp;sayfas\u0131na bakabilirsiniz.<\/li>\n<\/ul>\n\n\n\n<hr class=\"wp-block-separator has-css-opacity is-style-wide\"\/>\n\n\n\n<h2 class=\"wp-block-heading\">6.Kurtk\u00f6y Mevkii Kamp Alan\u0131<\/h2>\n\n\n\n<figure class=\"wp-block-image size-large\"><img decoding=\"async\" width=\"800\" height=\"600\" data-src=\"https:\/\/geziyoo.co\/blog\/wp-content\/uploads\/2021\/11\/Kurtkoy-Mevkii-Kamp-Alani-6.jpg\" alt=\"\" class=\"wp-image-8777 lazyload\" data-srcset=\"https:\/\/geziyoo.co\/blog\/wp-content\/uploads\/2021\/11\/Kurtkoy-Mevkii-Kamp-Alani-6.jpg 800w, https:\/\/geziyoo.co\/blog\/wp-content\/uploads\/2021\/11\/Kurtkoy-Mevkii-Kamp-Alani-6-300x225.jpg 300w, https:\/\/geziyoo.co\/blog\/wp-content\/uploads\/2021\/11\/Kurtkoy-Mevkii-Kamp-Alani-6-768x576.jpg 768w\" data-sizes=\"(max-width: 800px) 100vw, 800px\" src=\"data:image\/gif;base64,R0lGODlhAQABAAAAACH5BAEKAAEALAAAAAABAAEAAAICTAEAOw==\" style=\"--smush-placeholder-width: 800px; --smush-placeholder-aspect-ratio: 800\/600;\" \/><\/figure>\n\n\n\n<p><strong>Bilecik \u015fehir merkezine 25 kilometre uzakl\u0131kta bulunan Kurtk\u00f6y Mevkii, ye\u015fillikler aras\u0131nda adeta bir cennet k\u00f6\u015fesi.<\/strong> Sakin ve huzurlu atmosferi, tertemiz havas\u0131 ve yemye\u015fil do\u011fas\u0131 ile Kurtk\u00f6y, do\u011fayla i\u00e7 i\u00e7e bir kamp deneyimi arayanlar i\u00e7in ideal bir destinasyon.<\/p>\n\n\n\n<p>Kurtk\u00f6y, Bilecik&#8217;in hen\u00fcz tam olarak ke\u015ffedilmemi\u015f g\u00fczelliklerinden biri. Bu nedenle b\u00f6lgeye kamp ve piknik i\u00e7in gelenler genellikle y\u00f6re halk\u0131 oluyor. Kalabal\u0131ktan uzak, sakin bir ortamda kamp yapmak isteyenler i\u00e7in Kurtk\u00f6y m\u00fckemmel bir se\u00e7im.<\/p>\n\n\n\n<p>Kurtk\u00f6y mevkii, hem \u00e7ad\u0131r kamp\u0131 hem de karavan kamp\u0131 i\u00e7in harika f\u0131rsatlar sunuyor. \u00d6zellikle hafta sonlar\u0131 kamp severlerin ak\u0131n\u0131na u\u011frayan b\u00f6lge, ye\u015fil do\u011fas\u0131 ve tertemiz havas\u0131yla unutulmaz bir kamp deneyimi ya\u015fat\u0131yor.<\/p>\n\n\n\n<p>Kurtk\u00f6y mevkiinde kamp\u00e7\u0131lar i\u00e7in herhangi bir tesis bulunmuyor. WC, elektrik, du\u015f ve \u00e7e\u015fme imk\u00e2n\u0131 bulunmad\u0131\u011f\u0131ndan, kamp yapmadan \u00f6nce t\u00fcm ihtiya\u00e7lar\u0131n\u0131z\u0131 kar\u015f\u0131laman\u0131z gerekiyor. Do\u011fal kaynak sular\u0131n\u0131n bollu\u011fu sayesinde b\u00f6lgede su s\u0131k\u0131nt\u0131s\u0131 \u00e7ekilmiyor.<\/p>\n\n\n\n<p>Kurtk\u00f6y Mevkii&#8217;ne \u00f6zel ara\u00e7larla ve \u015fehir merkezinden kalkan minib\u00fcslerle ula\u015fabilirsiniz. \u015eehir merkezine yak\u0131nl\u0131\u011f\u0131 da Kurtk\u00f6y&#8217;\u00fcn pop\u00fclerli\u011fini art\u0131ran bir etken.<\/p>\n\n\n\n<hr class=\"wp-block-separator has-css-opacity is-style-wide\"\/>\n\n\n\n<ul id=\"block-ac4df02e-ceaf-47f7-a499-985a2bd13010\" class=\"wp-block-list\">\n<li><strong>Kurtk\u00f6y Mevkii Kamp Alan\u0131<\/strong> <strong>Adres<\/strong>&nbsp;:Bilecik Merkez\/Bilecik<a href=\"https:\/\/www.google.com\/maps?daddr=40.01568411456504,30.048789647075452\" target=\"_blank\" rel=\"noreferrer noopener\">Yol Tarifi Al<\/a><\/li>\n\n\n\n<li><strong>Kurtk\u00f6y Mevkii Kamp Alan\u0131<\/strong>&nbsp;<strong>Detayl\u0131 Bilgi Fiyatlar:<\/strong>Detayl\u0131 Bilgiler i\u00e7in&nbsp;<strong><em><strong><strong><strong><a href=\"https:\/\/geziyoo.co\/listing\/kurtkoy-mevkii-kamp-alani\/\">Kurtk\u00f6y Mevkii Kamp Alan\u0131<\/a><\/strong><\/strong><\/strong><\/em><\/strong>&nbsp;sayfas\u0131na bakabilirsiniz.<\/li>\n<\/ul>\n\n\n\n<hr class=\"wp-block-separator has-css-opacity is-style-wide\"\/>\n\n\n\n<h2 class=\"wp-block-heading\">7.B\u00fcy\u00fckelmal\u0131 G\u00f6leti Kamp Alan\u0131<\/h2>\n\n\n\n<figure class=\"wp-block-image size-large\"><img decoding=\"async\" width=\"800\" height=\"600\" data-src=\"https:\/\/geziyoo.co\/blog\/wp-content\/uploads\/2021\/11\/Bilecik-Ucretsiz-Kamp-Alanlari-Buyukelmali-Goleti-Kamp-Alani-4.jpg\" alt=\"\" class=\"wp-image-8778 lazyload\" data-srcset=\"https:\/\/geziyoo.co\/blog\/wp-content\/uploads\/2021\/11\/Bilecik-Ucretsiz-Kamp-Alanlari-Buyukelmali-Goleti-Kamp-Alani-4.jpg 800w, https:\/\/geziyoo.co\/blog\/wp-content\/uploads\/2021\/11\/Bilecik-Ucretsiz-Kamp-Alanlari-Buyukelmali-Goleti-Kamp-Alani-4-300x225.jpg 300w, https:\/\/geziyoo.co\/blog\/wp-content\/uploads\/2021\/11\/Bilecik-Ucretsiz-Kamp-Alanlari-Buyukelmali-Goleti-Kamp-Alani-4-768x576.jpg 768w\" data-sizes=\"(max-width: 800px) 100vw, 800px\" src=\"data:image\/gif;base64,R0lGODlhAQABAAAAACH5BAEKAAEALAAAAAABAAEAAAICTAEAOw==\" style=\"--smush-placeholder-width: 800px; --smush-placeholder-aspect-ratio: 800\/600;\" \/><\/figure>\n\n\n\n<p><strong>Bilecik&#8217;in Pazaryeri il\u00e7esinde yer alan B\u00fcy\u00fckelmal\u0131 G\u00f6leti, K\u00fc\u00e7\u00fckelmal\u0131 Tabiat Park\u0131&#8217;n\u0131n bir par\u00e7as\u0131 olarak do\u011faseverleri cezbeden bir g\u00fczellik.<\/strong> \u015eehir merkezine 40 kilometre uzakl\u0131kta bulunan g\u00f6lete, \u00f6zel ara\u00e7larla ula\u015f\u0131m m\u00fcmk\u00fcn. G\u00f6let, g\u00fcn\u00fcbirlik piknikler, do\u011fa y\u00fcr\u00fcy\u00fc\u015fleri ve kamp\u00e7\u0131l\u0131k i\u00e7in ideal bir ortam sunuyor.<\/p>\n\n\n\n<p>B\u00fcy\u00fckelmal\u0131 G\u00f6leti, hem \u00e7ad\u0131r kamp\u0131 hem de karavan kamp\u0131 i\u00e7in uygun alanlara sahip. Karavanlar, a\u011fa\u00e7 yo\u011funlu\u011fu nedeniyle g\u00f6l kenar\u0131na kadar gelemese de, biraz daha gerilerde park edebilecekleri alanlar mevcut. G\u00f6l\u00fcn etraf\u0131ndaki s\u0131k bitki \u00f6rt\u00fcs\u00fc, bol oksijen ve temiz hava sa\u011flayarak \u015fehrin karma\u015fas\u0131ndan uzakla\u015fmak isteyenler i\u00e7in m\u00fckemmel bir atmosfer yarat\u0131yor.<\/p>\n\n\n\n<p>B\u00fcy\u00fckelmal\u0131 G\u00f6leti, \u00f6zellikle yaz aylar\u0131nda hafta sonlar\u0131 olduk\u00e7a kalabal\u0131k olabiliyor. Bu nedenle sakin bir ortamda kamp yapmak isteyenler i\u00e7in hafta i\u00e7i g\u00fcnleri tercih etmek daha uygun. Ayr\u0131ca, g\u00f6l \u00e7evresindeki yabani hayvanlar\u0131n su i\u00e7in g\u00f6l kenar\u0131na inebilece\u011fini g\u00f6z \u00f6n\u00fcnde bulundurmak ve gerekli tedbirleri almak gerekiyor.<\/p>\n\n\n\n<hr class=\"wp-block-separator has-css-opacity is-style-wide\"\/>\n\n\n\n<ul id=\"block-ac4df02e-ceaf-47f7-a499-985a2bd13010\" class=\"wp-block-list\">\n<li><strong>B\u00fcy\u00fckelmal\u0131 G\u00f6leti Kamp Alan\u0131<\/strong> <strong>Adres<\/strong>&nbsp;:11802 Pazaryeri\/Bilecik<a href=\"https:\/\/www.google.com\/maps?daddr=40.05356562951332,29.819127101516173\" target=\"_blank\" rel=\"noreferrer noopener\">Yol Tarifi Al<\/a><\/li>\n\n\n\n<li><strong>B\u00fcy\u00fckelmal\u0131 G\u00f6leti Kamp Alan\u0131<\/strong>&nbsp;<strong>Detayl\u0131 Bilgi Fiyatlar:<\/strong>Detayl\u0131 Bilgiler i\u00e7in&nbsp;<strong><em><strong><strong><strong><a href=\"https:\/\/geziyoo.co\/listing\/buyukelmali-goleti-kamp-alani\/\">B\u00fcy\u00fckelmal\u0131 G\u00f6leti<\/a><\/strong><\/strong><\/strong><\/em><\/strong>&nbsp;sayfas\u0131na bakabilirsiniz.<\/li>\n<\/ul>\n\n\n\n<hr class=\"wp-block-separator has-css-opacity is-style-wide\"\/>\n\n\n\n<h2 class=\"wp-block-heading\">8.Pelit\u00f6z\u00fc G\u00f6leti Kamp Alan\u0131<\/h2>\n\n\n\n<figure class=\"wp-block-image size-large\"><img decoding=\"async\" width=\"800\" height=\"600\" data-src=\"https:\/\/geziyoo.co\/blog\/wp-content\/uploads\/2021\/11\/Pelitozu-Goleti-Kamp-Alani-3.jpg\" alt=\"\" class=\"wp-image-8783 lazyload\" data-srcset=\"https:\/\/geziyoo.co\/blog\/wp-content\/uploads\/2021\/11\/Pelitozu-Goleti-Kamp-Alani-3.jpg 800w, https:\/\/geziyoo.co\/blog\/wp-content\/uploads\/2021\/11\/Pelitozu-Goleti-Kamp-Alani-3-300x225.jpg 300w, https:\/\/geziyoo.co\/blog\/wp-content\/uploads\/2021\/11\/Pelitozu-Goleti-Kamp-Alani-3-768x576.jpg 768w\" data-sizes=\"(max-width: 800px) 100vw, 800px\" src=\"data:image\/gif;base64,R0lGODlhAQABAAAAACH5BAEKAAEALAAAAAABAAEAAAICTAEAOw==\" style=\"--smush-placeholder-width: 800px; --smush-placeholder-aspect-ratio: 800\/600;\" \/><\/figure>\n\n\n\n<p><strong>Bilecik \u015fehir merkezine sadece 7 kilometre uzakl\u0131kta bulunan Pelit\u00f6z\u00fc G\u00f6leti, masmavi suyu ve yemye\u015fil orman \u00f6rt\u00fcs\u00fcyle adeta bir do\u011fa harikas\u0131.<\/strong> \u015eehrin g\u00fcr\u00fclt\u00fcs\u00fcnden ve karma\u015fas\u0131ndan uzakla\u015fmak isteyenler i\u00e7in ideal bir ka\u00e7\u0131\u015f noktas\u0131 olan Pelit\u00f6z\u00fc G\u00f6leti, her mevsim ayr\u0131 bir g\u00fczelli\u011fe b\u00fcr\u00fcn\u00fcyor.<\/p>\n\n\n\n<p>Pelit\u00f6z\u00fc G\u00f6leti, sulama ama\u00e7l\u0131 in\u015fa edilmi\u015f olsa da zamanla Bilecik&#8217;in en pop\u00fcler mesire alanlar\u0131ndan biri haline gelmi\u015ftir. G\u00f6letin geni\u015f alan\u0131 ve kolay ula\u015f\u0131m\u0131, yaz aylar\u0131nda hafta sonlar\u0131 olduk\u00e7a kalabal\u0131k olmas\u0131na neden oluyor. B\u00f6lge halk\u0131, g\u00fcn\u00fcbirlik piknikler ve do\u011fa y\u00fcr\u00fcy\u00fc\u015fleri i\u00e7in g\u00f6l kenar\u0131na ak\u0131n ediyor.<\/p>\n\n\n\n<p>Pelit\u00f6z\u00fc G\u00f6leti, kamp severler i\u00e7in de olduk\u00e7a uygun bir yer. G\u00f6l \u00e7evresinde hem \u00e7ad\u0131r kamp\u0131 hem de karavan kamp\u0131 i\u00e7in geni\u015f alanlar mevcut. Son zamanlarda izinsiz kamp kurulmas\u0131na izin verilmese de, kamp yapmak isteyenler i\u00e7in belirlenmi\u015f alanlar mevcut.<\/p>\n\n\n\n<p>Pelit\u00f6z\u00fc G\u00f6leti&#8217;nde sadece piknik ve kamp yapmakla kalmazs\u0131n\u0131z. Harika bir do\u011fal ortamda do\u011fa y\u00fcr\u00fcy\u00fc\u015fleri yapabilir, g\u00f6l \u00e7evresinde bisiklete binebilir ve do\u011fan\u0131n tad\u0131n\u0131 \u00e7\u0131karabilirsiniz. Ayr\u0131ca g\u00f6l \u00fczerinde deniz bisikletleri de hizmete sunuluyor.<\/p>\n\n\n\n<p>Pelit\u00f6z\u00fc G\u00f6leti&#8217;nde ziyaret\u00e7ilerin ihtiya\u00e7lar\u0131n\u0131 kar\u015f\u0131layacak bir\u00e7ok tesis mevcut. WC, b\u00fcfe, otopark, mescit ve \u00e7ay bah\u00e7eleri gibi tesisler hem kamp\u00e7\u0131lara hem de piknik\u00e7ilere hizmet veriyor.<\/p>\n\n\n\n<hr class=\"wp-block-separator has-css-opacity is-style-wide\"\/>\n\n\n\n<ul id=\"block-ac4df02e-ceaf-47f7-a499-985a2bd13010\" class=\"wp-block-list\">\n<li><strong>Pelit\u00f6z\u00fc G\u00f6leti Kamp Alan\u0131<\/strong> <strong>Adres<\/strong>&nbsp;:Bilecik Merkez\/Bilecik<a href=\"https:\/\/www.google.com\/maps?daddr=40.16177720136596,29.941524682657015\" target=\"_blank\" rel=\"noreferrer noopener\">Yol Tarifi Al<\/a><\/li>\n\n\n\n<li><strong>Pelit\u00f6z\u00fc G\u00f6leti Kamp Alan\u0131<\/strong>&nbsp;<strong>Detayl\u0131 Bilgi Fiyatlar:<\/strong>Detayl\u0131 Bilgiler i\u00e7in&nbsp;<strong><em><strong><strong><strong><a href=\"https:\/\/geziyoo.co\/listing\/pelitozu-goleti-kamp-alani\/\">Pelit\u00f6z\u00fc G\u00f6leti <\/a><\/strong><\/strong><\/strong><\/em><\/strong>&nbsp;sayfas\u0131na bakabilirsiniz.<\/li>\n<\/ul>\n\n\n\n<hr class=\"wp-block-separator has-css-opacity is-style-wide\"\/>\n\n\n\n<h2 class=\"wp-block-heading\">9.Dodurga Baraj\u0131 Kamp Alan\u0131<\/h2>\n\n\n\n<figure class=\"wp-block-image size-large\"><img decoding=\"async\" width=\"800\" height=\"600\" data-src=\"https:\/\/geziyoo.co\/blog\/wp-content\/uploads\/2021\/11\/Dodurga-Baraji-Kamp-Alani-1.jpg\" alt=\"\" class=\"wp-image-8788 lazyload\" data-srcset=\"https:\/\/geziyoo.co\/blog\/wp-content\/uploads\/2021\/11\/Dodurga-Baraji-Kamp-Alani-1.jpg 800w, https:\/\/geziyoo.co\/blog\/wp-content\/uploads\/2021\/11\/Dodurga-Baraji-Kamp-Alani-1-300x225.jpg 300w, https:\/\/geziyoo.co\/blog\/wp-content\/uploads\/2021\/11\/Dodurga-Baraji-Kamp-Alani-1-768x576.jpg 768w\" data-sizes=\"(max-width: 800px) 100vw, 800px\" src=\"data:image\/gif;base64,R0lGODlhAQABAAAAACH5BAEKAAEALAAAAAABAAEAAAICTAEAOw==\" style=\"--smush-placeholder-width: 800px; --smush-placeholder-aspect-ratio: 800\/600;\" \/><\/figure>\n\n\n\n<p>Bilecik \u00dccretsiz Kamp alanlar\u0131 i\u00e7eri\u011fimizin 9.s\u0131ras\u0131nda Merkeze yak\u0131n olan do\u011fal ve \u00fccretsiz kamp alanlar\u0131ndan biri olan Dodurga Baraj\u0131 var.<\/p>\n\n\n\n<p><strong>Bilecik&#8217;in Boz\u00fcy\u00fck il\u00e7esinde yer alan Dodurga Baraj\u0131, \u015fehrin g\u00fcr\u00fclt\u00fcs\u00fcnden ve karma\u015fas\u0131ndan uzak, sakin bir do\u011fa k\u00f6\u015fesi.<\/strong> 50 kilometre uzakl\u0131kta bulunan baraja \u00f6zel ara\u00e7larla ula\u015f\u0131m m\u00fcmk\u00fcn. Etraf\u0131 mesire alan\u0131 olarak kullan\u0131lan Dodurga Baraj\u0131, hen\u00fcz \u00e7evre d\u00fczenlemesi yap\u0131lmam\u0131\u015f olsa da do\u011faseverleri cezbediyor.<\/p>\n\n\n\n<p>Dodurga Baraj\u0131&#8217;n\u0131n sakin atmosferi, piknik yapmak ve do\u011fan\u0131n tad\u0131n\u0131 \u00e7\u0131karmak i\u00e7in ideal bir ortam sunuyor. Amat\u00f6r bal\u0131k\u00e7\u0131lar da oltalar\u0131n\u0131 alarak baraj g\u00f6l\u00fcne bal\u0131k tutmaya geliyorlar.<\/p>\n\n\n\n<p>Dodurga Baraj\u0131, kamp severler i\u00e7in de g\u00fczel bir se\u00e7enek. Hem \u00e7ad\u0131r kamp\u0131 hem de karavan kamp\u0131 i\u00e7in uygun alanlar mevcut. Baraj\u0131n sakinli\u011fi ve g\u00fczelli\u011fi, kamp yapmak i\u00e7in ideal bir ortam yarat\u0131yor.<\/p>\n\n\n\n<p>Dodurga Baraj\u0131, s\u0131cak yaz aylar\u0131nda da serin havas\u0131yla ilgi g\u00f6r\u00fcyor. \u015eehrin g\u00fcr\u00fclt\u00fcs\u00fcnden ka\u00e7\u0131p sakin bir noktada kafa dinlemek isteyenler i\u00e7in ideal bir yer. Baraj, \u00e7evre illerden de ziyaret\u00e7i a\u011f\u0131rl\u0131yor.<\/p>\n\n\n\n<p>Dodurga Baraj\u0131&#8217;n\u0131n g\u00fczelli\u011fi ve sakinli\u011fi, ne yaz\u0131k ki baz\u0131 sorunlar\u0131 da beraberinde getiriyor. Hen\u00fcz \u00e7evre d\u00fczenlemesi yap\u0131lmam\u0131\u015f olan b\u00f6lgede kalan \u00e7\u00f6pler, \u00e7evre kirlili\u011fine sebep olabiliyor.<\/p>\n\n\n\n<p>Dodurga Baraj\u0131 \u00e7evresinde herhangi bir tesis bulunmuyor. Bu nedenle b\u00f6lgede piknik veya kamp yapmak isteyenler her t\u00fcrl\u00fc ihtiyac\u0131n\u0131 yanlar\u0131nda getirmeliler.<\/p>\n\n\n\n<p><strong>Dodurga Baraj\u0131, do\u011fayla i\u00e7 i\u00e7e bir piknik veya kamp yapmak, bal\u0131k tutmak ve serin havada kafa dinlemek i\u00e7in ideal bir destinasyon.<\/strong> Bilecik&#8217;e yolunuz d\u00fc\u015ferse, Dodurga Baraj\u0131&#8217;n\u0131 ke\u015ffetmeyi unutmay\u0131n.<\/p>\n\n\n\n<hr class=\"wp-block-separator has-css-opacity is-style-wide\"\/>\n\n\n\n<ul id=\"block-ac4df02e-ceaf-47f7-a499-985a2bd13010\" class=\"wp-block-list\">\n<li><strong>Dodurga Baraj\u0131<\/strong> <strong>Adres<\/strong>&nbsp;:11300 Dar\u0131dere\/Boz\u00fcy\u00fck\/Bilecik <a href=\"https:\/\/www.google.com\/maps?daddr=39.79176608604976,29.962403728812113\" target=\"_blank\" rel=\"noreferrer noopener\">Yol Tarifi Al<\/a><\/li>\n\n\n\n<li><strong>Dodurga Baraj\u0131<\/strong>&nbsp;<strong>Detayl\u0131 Bilgi Fiyatlar:<\/strong>Detayl\u0131 Bilgiler i\u00e7in&nbsp;<strong><em><strong><strong><strong><strong><a href=\"https:\/\/geziyoo.co\/listing\/dodurga-baraji-kamp-alani\/\">Dodurga Baraj\u0131<\/a><\/strong><\/strong><\/strong><\/strong><\/em><\/strong> &nbsp;sayfas\u0131na bakabilirsiniz.<\/li>\n<\/ul>\n\n\n\n<hr class=\"wp-block-separator has-css-opacity is-style-wide\"\/>\n\n\n\n<h2 class=\"wp-block-heading\">10.K\u0131n\u0131k \u015eelalesi Kamp Alan\u0131<\/h2>\n\n\n\n<figure class=\"wp-block-image size-large\"><img decoding=\"async\" width=\"800\" height=\"600\" data-src=\"https:\/\/geziyoo.co\/blog\/wp-content\/uploads\/2021\/11\/Kinik-Selalesi-Kamp-Alani-1.jpg\" alt=\"\" class=\"wp-image-8789 lazyload\" data-srcset=\"https:\/\/geziyoo.co\/blog\/wp-content\/uploads\/2021\/11\/Kinik-Selalesi-Kamp-Alani-1.jpg 800w, https:\/\/geziyoo.co\/blog\/wp-content\/uploads\/2021\/11\/Kinik-Selalesi-Kamp-Alani-1-300x225.jpg 300w, https:\/\/geziyoo.co\/blog\/wp-content\/uploads\/2021\/11\/Kinik-Selalesi-Kamp-Alani-1-768x576.jpg 768w\" data-sizes=\"(max-width: 800px) 100vw, 800px\" src=\"data:image\/gif;base64,R0lGODlhAQABAAAAACH5BAEKAAEALAAAAAABAAEAAAICTAEAOw==\" style=\"--smush-placeholder-width: 800px; --smush-placeholder-aspect-ratio: 800\/600;\" \/><\/figure>\n\n\n\n<p><strong>Bilecik&#8217;in Pazaryeri il\u00e7esinde bulunan K\u0131n\u0131k \u015eelalesi, do\u011fan\u0131n mucizevi g\u00fczelli\u011fini g\u00f6zler \u00f6n\u00fcne seren bir do\u011fa harikas\u0131.<\/strong> \u015eehir merkezine 30 kilometre uzakl\u0131kta yer alan \u015felaleye \u00f6zel ara\u00e7larla rahatl\u0131kla ula\u015fabilirsiniz. Arac\u0131n\u0131z\u0131 park ettikten sonra \u015felaleye ula\u015fmak i\u00e7in k\u0131sa bir y\u00fcr\u00fcy\u00fc\u015f yapman\u0131z gerekiyor.<\/p>\n\n\n\n<p>K\u0131n\u0131k \u015eelalesi, co\u015fkulu su sesi ve dinlendirici atmosferiyle ziyaret\u00e7ilerini b\u00fcy\u00fcleyen bir yer. Yaz aylar\u0131nda bunalt\u0131c\u0131 s\u0131caktan ka\u00e7mak ve do\u011fan\u0131n serinli\u011finde ferahlamak i\u00e7in ideal bir ortam sunuyor. \u015eelalenin etraf\u0131ndaki ye\u015fil alanlar piknik yapmak ve do\u011fa y\u00fcr\u00fcy\u00fc\u015fleri i\u00e7in de olduk\u00e7a uygun.<\/p>\n\n\n\n<p>K\u0131n\u0131k \u015eelalesi, kamp severler i\u00e7in de m\u00fckemmel bir destinasyon. \u00c7ad\u0131r kamp\u0131 ve karavan kamp\u0131 i\u00e7in uygun alanlar bar\u0131nd\u0131ran \u015felale, do\u011fayla i\u00e7 i\u00e7e bir kamp deneyimi ya\u015famak isteyenler i\u00e7in ideal bir ortam sunuyor.<\/p>\n\n\n\n<p>K\u0131\u015f mevsiminden sonra havalar\u0131n \u0131s\u0131nmas\u0131 ve kar sular\u0131n\u0131n erimesi ile birlikte K\u0131n\u0131k \u015eelalesi adeta g\u00f6rsel bir \u015f\u00f6len sunuyor. Nisan ve may\u0131s aylar\u0131nda en co\u015fkulu haliyle ziyaret\u00e7ilerini b\u00fcy\u00fcleyen \u015felale, foto\u011fraf\u00e7\u0131lar i\u00e7in de e\u015fsiz kareler yakalama imkan\u0131 sunuyor.<\/p>\n\n\n\n<p>K\u0131n\u0131k \u015eelalesi etraf\u0131ndaki rotalar\u0131 takip ederek keyifli do\u011fa y\u00fcr\u00fcy\u00fc\u015fleri yapabilirsiniz. Ayr\u0131ca \u015felale havuzunda serinlemek, piknik yapmak, foto\u011fraf \u00e7ekmek ve do\u011fan\u0131n tad\u0131n\u0131 \u00e7\u0131karmak gibi bir\u00e7ok aktiviteyi burada ger\u00e7ekle\u015ftirebilirsiniz.<\/p>\n\n\n\n<p>K\u0131n\u0131k \u015eelalesi etraf\u0131nda herhangi bir tesis bulunmuyor. Bu nedenle b\u00f6lgeye kamp yapmak veya piknik yapmak i\u00e7in gitmeden \u00f6nce t\u00fcm ihtiya\u00e7lar\u0131n\u0131z\u0131 kar\u015f\u0131laman\u0131z gerekiyor. Yiyecek, i\u00e7ecek, WC, elektrik, du\u015f ve \u00e7e\u015fme gibi ihtiya\u00e7lar\u0131n\u0131z\u0131 \u00f6nceden planlaman\u0131z ve yan\u0131n\u0131zda gerekli malzemeleri bulundurman\u0131z \u00f6nemlidir.<\/p>\n\n\n\n<hr class=\"wp-block-separator has-css-opacity is-style-wide\"\/>\n\n\n\n<ul id=\"block-ac4df02e-ceaf-47f7-a499-985a2bd13010\" class=\"wp-block-list\">\n<li><strong>K\u0131n\u0131k \u015eelalesi<\/strong> <strong>Adres<\/strong>&nbsp;:K\u0131n\u0131k, Bilecik<a href=\"https:\/\/www.google.com\/maps?daddr=40.229135109103744,29.824787616127836\" target=\"_blank\" rel=\"noreferrer noopener\">Yol Tarifi Al<\/a><\/li>\n\n\n\n<li><strong>K\u0131n\u0131k \u015eelalesi<\/strong>&nbsp;<strong>Detayl\u0131 Bilgi Fiyatlar:<\/strong>Detayl\u0131 Bilgiler i\u00e7in&nbsp;<a href=\"https:\/\/geziyoo.co\/listing\/kinik-selalesi-kamp-alani\/\"><strong><em><strong><strong><strong><strong>K\u0131n\u0131k \u015eelalesi<\/strong><\/strong><\/strong><\/strong><\/em><\/strong> <\/a>&nbsp;sayfas\u0131na bakabilirsiniz.<\/li>\n<\/ul>\n\n\n\n<hr class=\"wp-block-separator has-css-opacity is-style-wide\"\/>\n\n\n\n<h2 class=\"wp-block-heading\">11.\u00c7avu\u015fk\u00f6y G\u00f6leti Kamp Alan\u0131<\/h2>\n\n\n\n<figure class=\"wp-block-image size-large\"><img decoding=\"async\" width=\"800\" height=\"600\" data-src=\"https:\/\/geziyoo.co\/blog\/wp-content\/uploads\/2021\/11\/Cavuskoy-Goleti-Kamp-Alani-1.jpg\" alt=\"\" class=\"wp-image-8790 lazyload\" data-srcset=\"https:\/\/geziyoo.co\/blog\/wp-content\/uploads\/2021\/11\/Cavuskoy-Goleti-Kamp-Alani-1.jpg 800w, https:\/\/geziyoo.co\/blog\/wp-content\/uploads\/2021\/11\/Cavuskoy-Goleti-Kamp-Alani-1-300x225.jpg 300w, https:\/\/geziyoo.co\/blog\/wp-content\/uploads\/2021\/11\/Cavuskoy-Goleti-Kamp-Alani-1-768x576.jpg 768w\" data-sizes=\"(max-width: 800px) 100vw, 800px\" src=\"data:image\/gif;base64,R0lGODlhAQABAAAAACH5BAEKAAEALAAAAAABAAEAAAICTAEAOw==\" style=\"--smush-placeholder-width: 800px; --smush-placeholder-aspect-ratio: 800\/600;\" \/><\/figure>\n\n\n\n<p><strong>Bilecik \u015fehir merkezine 21 kilometre uzakl\u0131kta bulunan \u00c7avu\u015fk\u00f6y G\u00f6leti, \u015fehrin g\u00fcr\u00fclt\u00fcs\u00fcnden ve karma\u015fas\u0131ndan ka\u00e7mak isteyenler i\u00e7in ideal bir destinasyon.<\/strong> Toplu ta\u015f\u0131mayla da rahatl\u0131kla ula\u015f\u0131labilen g\u00f6let, kamp\u00e7\u0131l\u0131k, bal\u0131k\u00e7\u0131l\u0131k ve do\u011fa y\u00fcr\u00fcy\u00fc\u015fleri gibi keyifli aktiviteler i\u00e7in m\u00fckemmel bir ortam sunuyor.<\/p>\n\n\n\n<p>Merkeze ba\u011fl\u0131 \u00c7avu\u015fk\u00f6y s\u0131n\u0131rlar\u0131nda yer alan g\u00f6let, sulama ama\u00e7l\u0131 in\u015fa edilmi\u015f olsa da zamanla b\u00f6lgenin pop\u00fcler mesire alanlar\u0131ndan biri haline gelmi\u015ftir. Bol oksijenli temiz bir ortama sahip olan g\u00f6let, hem \u00e7ad\u0131r kamp\u0131 hem de karavan kamp\u0131 i\u00e7in uygun alanlar bar\u0131nd\u0131r\u0131yor. Do\u011faseverler, g\u00f6letin sakin ve huzurlu ortam\u0131nda kamp kurarak do\u011fan\u0131n keyfini \u00e7\u0131kar\u0131yorlar.<\/p>\n\n\n\n<p>\u00c7avu\u015fk\u00f6y G\u00f6leti, y\u00f6re halk\u0131n\u0131n da s\u0131kl\u0131kla ziyaret etti\u011fi bir mesire alan\u0131. G\u00f6let \u00e7evresinde piknik yapmak, do\u011fa y\u00fcr\u00fcy\u00fc\u015fleri yapmak ve bal\u0131k tutmak olduk\u00e7a keyifli bir deneyim sunuyor.<\/p>\n\n\n\n<p>G\u00f6let \u00e7evresindeki zorlu parkur, off-road tutkunlar\u0131 i\u00e7in de ilgi \u00e7ekici bir rota olu\u015fturuyor. Ya\u011f\u0131\u015flar\u0131n fazla oldu\u011fu bahar aylar\u0131nda, off-road severler \u00c7avu\u015fk\u00f6y G\u00f6leti&#8217;ne gelerek adrenalin dolu dakikalar ya\u015f\u0131yorlar.<\/p>\n\n\n\n<p>\u00c7avu\u015fk\u00f6y G\u00f6leti&#8217;nde herhangi bir tesis bulunmuyor. \u015eehir merkezinin yak\u0131n olmas\u0131 ihtiya\u00e7lar\u0131n kar\u015f\u0131lanmas\u0131 a\u00e7\u0131s\u0131ndan bir avantaj olsa da, b\u00f6lgeye kamp veya piknik i\u00e7in gitmeden \u00f6nce t\u00fcm ihtiya\u00e7lar\u0131n\u0131z\u0131 kar\u015f\u0131laman\u0131z gerekiyor.<\/p>\n\n\n\n<hr class=\"wp-block-separator has-css-opacity is-style-wide\"\/>\n\n\n\n<ul id=\"block-ac4df02e-ceaf-47f7-a499-985a2bd13010\" class=\"wp-block-list\">\n<li><strong>\u00c7avu\u015fk\u00f6y G\u00f6leti<\/strong> <strong>Adres<\/strong>&nbsp;:K\u0131n\u0131k, Bilecik<a href=\"https:\/\/www.google.com\/maps?daddr=40.229135109103744,29.824787616127836\" target=\"_blank\" rel=\"noreferrer noopener\">Yol Tarifi Al<\/a><\/li>\n\n\n\n<li><strong>\u00c7avu\u015fk\u00f6y G\u00f6leti<\/strong>&nbsp;<strong>Detayl\u0131 Bilgi Fiyatlar:<\/strong>Detayl\u0131 Bilgiler i\u00e7in&nbsp;<strong><em><strong><strong><strong><strong><a href=\"https:\/\/geziyoo.co\/listing\/cavuskoy-goleti-kamp-alani\/\">\u00c7avu\u015fk\u00f6y G\u00f6leti<\/a><\/strong><\/strong><\/strong><\/strong><\/em><\/strong> &nbsp;sayfas\u0131na bakabilirsiniz.<\/li>\n<\/ul>\n\n\n\n<hr class=\"wp-block-separator has-css-opacity is-style-wide\"\/>\n\n\n\n<h2 class=\"wp-block-heading\">12.G\u00fcnyurdu Baraj\u0131 Kamp Alan\u0131<\/h2>\n\n\n\n<figure class=\"wp-block-image size-large\"><img decoding=\"async\" width=\"800\" height=\"600\" data-src=\"https:\/\/geziyoo.co\/blog\/wp-content\/uploads\/2021\/11\/Gunyurdu-Baraji-Kamp-Alani-4.jpg\" alt=\"\" class=\"wp-image-8793 lazyload\" data-srcset=\"https:\/\/geziyoo.co\/blog\/wp-content\/uploads\/2021\/11\/Gunyurdu-Baraji-Kamp-Alani-4.jpg 800w, https:\/\/geziyoo.co\/blog\/wp-content\/uploads\/2021\/11\/Gunyurdu-Baraji-Kamp-Alani-4-300x225.jpg 300w, https:\/\/geziyoo.co\/blog\/wp-content\/uploads\/2021\/11\/Gunyurdu-Baraji-Kamp-Alani-4-768x576.jpg 768w\" data-sizes=\"(max-width: 800px) 100vw, 800px\" src=\"data:image\/gif;base64,R0lGODlhAQABAAAAACH5BAEKAAEALAAAAAABAAEAAAICTAEAOw==\" style=\"--smush-placeholder-width: 800px; --smush-placeholder-aspect-ratio: 800\/600;\" \/><\/figure>\n\n\n\n<p><strong>Bilecik&#8217;in Pazaryeri il\u00e7esinde bulunan G\u00fcnyurdu Baraj\u0131, el de\u011fmemi\u015f do\u011fas\u0131 ve temiz havas\u0131yla \u015fehirden ka\u00e7\u0131\u015f arayanlar i\u00e7in ideal bir destinasyon.<\/strong> \u015eehir merkezine 37 kilometre uzakl\u0131kta yer alan baraj, eski ad\u0131yla Bakraz G\u00f6leti olarak da biliniyor. Baraj b\u00f6lgesine \u00f6zel ara\u00e7larla ula\u015f\u0131m m\u00fcmk\u00fcn.<\/p>\n\n\n\n<p>G\u00fcnyurdu Baraj\u0131, hem \u00e7ad\u0131r kamp\u0131 hem de karavan kamp\u0131 i\u00e7in m\u00fckemmel bir ortam sunuyor. Baraj g\u00f6l\u00fcnde bal\u0131k\u00e7\u0131l\u0131k da yap\u0131l\u0131yor. Bal\u0131k tutmak ve do\u011fan\u0131n tad\u0131n\u0131 \u00e7\u0131karmak i\u00e7in olta tak\u0131mlar\u0131n\u0131z\u0131 yan\u0131n\u0131za almay\u0131 unutmay\u0131n.<\/p>\n\n\n\n<p>Baraj\u0131n etraf\u0131, do\u011fa y\u00fcr\u00fcy\u00fc\u015fleri ve foto\u011fraf \u00e7ekmek i\u00e7in ideal bir ortam sunuyor. El de\u011fmemi\u015f do\u011fan\u0131n g\u00fczelli\u011fi ve temiz hava, unutulmaz bir deneyim ya\u015fat\u0131yor. B\u00f6lgenin a\u011fa\u00e7land\u0131rma \u00e7al\u0131\u015fmalar\u0131yla daha da g\u00fczelle\u015ftirilmesi planlan\u0131yor.<\/p>\n\n\n\n<p>G\u00fcnyurdu Baraj\u0131, y\u00f6re halk\u0131n\u0131n da s\u0131kl\u0131kla ziyaret etti\u011fi bir mesire alan\u0131. Piknik yapmak, do\u011fada y\u00fcr\u00fcy\u00fc\u015f yapmak ve temiz havada vakit ge\u00e7irmek i\u00e7in ideal bir yer.<\/p>\n\n\n\n<p>G\u00fcnyurdu Baraj\u0131&#8217;nda kamp\u00e7\u0131lar\u0131n ihtiya\u00e7lar\u0131n\u0131 kar\u015f\u0131layacak herhangi bir tesis bulunmuyor. Bu nedenle b\u00f6lgeye kamp veya piknik i\u00e7in gitmeden \u00f6nce t\u00fcm ihtiya\u00e7lar\u0131n\u0131z\u0131 kar\u015f\u0131laman\u0131z gerekiyor.<\/p>\n\n\n\n<hr class=\"wp-block-separator has-css-opacity is-style-wide\"\/>\n\n\n\n<ul id=\"block-ac4df02e-ceaf-47f7-a499-985a2bd13010\" class=\"wp-block-list\">\n<li><strong>G\u00fcnyurdu Baraj\u0131<\/strong> <strong>Adres<\/strong>&nbsp;:11800 G\u00fcnyurdu\/Pazaryeri\/Bilecik<a href=\"https:\/\/www.google.com\/maps?daddr=40.030949169877665,29.8538254997133\" target=\"_blank\" rel=\"noreferrer noopener\">Yol Tarifi Al<\/a><\/li>\n\n\n\n<li><strong>G\u00fcnyurdu Baraj\u0131<\/strong>&nbsp;<strong>Detayl\u0131 Bilgi Fiyatlar:<\/strong>Detayl\u0131 Bilgiler i\u00e7in&nbsp;<a href=\"https:\/\/geziyoo.co\/listing\/gunyurdu-baraji-kamp-alani\/\"><strong><em><strong><strong><strong><strong><strong>G\u00fcnyurdu Baraj\u0131<\/strong><\/strong><\/strong><\/strong><\/strong><\/em><\/strong>&nbsp;<\/a>sayfas\u0131na bakabilirsiniz.<\/li>\n<\/ul>\n\n\n\n<hr class=\"wp-block-separator has-css-opacity is-style-wide\"\/>\n\n\n\n<p><strong>Bilecik Kamp Alanlar\u0131<\/strong> i\u00e7eri\u011fimizin sonuna geldik sizlere Bilecik&#8217;de kamp yapabilece\u011finiz \u00fccretli ve \u00fccretsiz kamp alanlar\u0131n\u0131 aktarmaya \u00e7al\u0131\u015ft\u0131k.Umar\u0131z i\u00e7eri\u011fimiz sizlere faydal\u0131 olabilmi\u015ftir.Bu kamp alanlar\u0131 ile ilgili detayl\u0131 bilgiler i\u00e7in <em><strong><a href=\"https:\/\/geziyoo.co\/location\/bilecik-dogal-tatil-yerleri\/\">Bilecik KAMP L\u0130STES\u0130<\/a><\/strong><\/em> sayfam\u0131za da bakman\u0131z\u0131 tavsiye eder g\u00fczel bir kamp ge\u00e7irmenizi dileriz.<\/p>\n\n\n\n<hr class=\"wp-block-separator has-css-opacity is-style-wide\"\/>\n\n\n\n<h3 class=\"wp-block-heading\">Bunlar\u0131 da Sevebilirsiniz;<\/h3>\n\n\n<ul class=\"wp-block-latest-posts__list wp-block-latest-posts\"><li><a class=\"wp-block-latest-posts__post-title\" href=\"https:\/\/geziyoo.co\/blog\/batman-kamp-alanlari\/\">Batman ve \u00c7evresi Do\u011fa \u0130\u00e7inde 4 Kamp Noktas\u0131 (Konum ve \u0130pu\u00e7lar\u0131)<\/a><\/li>\n<li><a class=\"wp-block-latest-posts__post-title\" href=\"https:\/\/geziyoo.co\/blog\/ayder-yaylasi-kamp-alanlari-ve-karavan-alanlari\/\">Ayder Yaylas\u0131 ve \u00c7evresi 2 Kamp Noktas\u0131 (Konum ve \u0130pu\u00e7lar\u0131)<\/a><\/li>\n<li><a class=\"wp-block-latest-posts__post-title\" href=\"https:\/\/geziyoo.co\/blog\/ardesen-kamp-alanlari-ve-karavan-alanlari\/\">Arde\u015fen ve F\u0131rt\u0131na Vadisi Giri\u015fi 5 Kamp Noktas\u0131 (Konum ve \u0130pu\u00e7lar\u0131)<\/a><\/li>\n<\/ul>","protected":false},"excerpt":{"rendered":"<p>Bilecik, Osmanl\u0131\u2019n\u0131n kurulu\u015funa \u015fahitlik eden S\u00f6\u011f\u00fct topraklar\u0131 ve \u015eeyh Edebali\u2019nin manevi atmosferiyle bilinesede; asl\u0131nda Bozcaarmut G\u00f6leti\u2019nin kartpostall\u0131k manzaras\u0131, Harmankaya Kanyonu\u2019nun vah\u015fi do\u011fas\u0131 ve Pelit\u00f6z\u00fc G\u00f6lpark\u2019\u0131n sosyal imkanlar\u0131yla kamp\u00e7\u0131lar i\u00e7in &#8220;sakl\u0131 bir cennet&#8221;tir. \u0130stanbul, Bursa ve Eski\u015fehir gibi b\u00fcy\u00fck \u015fehirlere olan yak\u0131nl\u0131\u011f\u0131 sayesinde, uzun yollar gitmeden do\u011fan\u0131n kuca\u011f\u0131na, \u00e7am ormanlar\u0131n\u0131n serinli\u011fine ula\u015fmak isteyenler i\u00e7in m\u00fckemmel bir &hellip;<\/p>\n","protected":false},"author":1,"featured_media":8772,"comment_status":"open","ping_status":"closed","sticky":false,"template":"","format":"standard","meta":{"footnotes":""},"categories":[589,23],"tags":[],"class_list":["post-8760","post","type-post","status-publish","format-standard","has-post-thumbnail","hentry","category-kamp1","category-kamp-kamp-alanlari"],"yoast_head":"<!-- This site is optimized with the Yoast SEO plugin v26.9 - https:\/\/yoast.com\/product\/yoast-seo-wordpress\/ -->\n<title>Bilecik\u2019te En \u0130yi 7 Kamp Alan\u0131: \u00dccretli, \u00dccretsiz ve Tesisli | Geziyoo<\/title>\n<meta name=\"description\" content=\"Bilecik, Bozcaarmut G\u00f6leti, Pelit\u00f6z\u00fc G\u00f6lpark ve Harmankaya Kanyonu dahil \u00fccretli ve \u00fccretsiz 7 kamp alan\u0131n\u0131 listeledik. Komisyon yok! \u0130\u015fletme telefonlar\u0131 ve detayl\u0131 konumlar\" \/>\n<meta name=\"robots\" content=\"index, follow, max-snippet:-1, max-image-preview:large, max-video-preview:-1\" \/>\n<link rel=\"canonical\" href=\"http:\/\/geziyoo.co\/blog\/bilecik-kamp-alanlari-ve-karavan-alanlari\/\" \/>\n<meta property=\"og:locale\" content=\"tr_TR\" \/>\n<meta property=\"og:type\" content=\"article\" \/>\n<meta property=\"og:title\" content=\"Bilecik\u2019te En \u0130yi 7 Kamp Alan\u0131: \u00dccretli, \u00dccretsiz ve Tesisli | Geziyoo\" \/>\n<meta property=\"og:description\" content=\"Bilecik, Bozcaarmut G\u00f6leti, Pelit\u00f6z\u00fc G\u00f6lpark ve Harmankaya Kanyonu dahil \u00fccretli ve \u00fccretsiz 7 kamp alan\u0131n\u0131 listeledik. Komisyon yok! \u0130\u015fletme telefonlar\u0131 ve detayl\u0131 konumlar\" \/>\n<meta property=\"og:url\" content=\"http:\/\/geziyoo.co\/blog\/bilecik-kamp-alanlari-ve-karavan-alanlari\/\" \/>\n<meta property=\"og:site_name\" content=\"Geziyoo.co\" \/>\n<meta property=\"article:publisher\" content=\"https:\/\/www.facebook.com\/Geziyooco\" \/>\n<meta property=\"article:author\" content=\"https:\/\/www.facebook.com\/geziyoo.co\" \/>\n<meta property=\"article:published_time\" content=\"2021-11-27T13:52:41+00:00\" \/>\n<meta property=\"article:modified_time\" content=\"2026-01-27T12:36:22+00:00\" \/>\n<meta property=\"og:image\" content=\"http:\/\/geziyoo.co\/blog\/wp-content\/uploads\/2021\/11\/Bilecik-Kamp-Alanlari.jpg\" \/>\n\t<meta property=\"og:image:width\" content=\"800\" \/>\n\t<meta property=\"og:image:height\" content=\"533\" \/>\n\t<meta property=\"og:image:type\" content=\"image\/jpeg\" \/>\n<meta name=\"author\" content=\"Geziyoo\" \/>\n<meta name=\"twitter:card\" content=\"summary_large_image\" \/>\n<meta name=\"twitter:creator\" content=\"@https:\/\/twitter.com\/geziyoo\" \/>\n<meta name=\"twitter:site\" content=\"@geziyoo\" \/>\n<meta name=\"twitter:label1\" content=\"Yazan:\" \/>\n\t<meta name=\"twitter:data1\" content=\"Geziyoo\" \/>\n\t<meta name=\"twitter:label2\" content=\"Tahmini okuma s\u00fcresi\" \/>\n\t<meta name=\"twitter:data2\" content=\"21 dakika\" \/>\n<script type=\"application\/ld+json\" class=\"yoast-schema-graph\">{\"@context\":\"https:\/\/schema.org\",\"@graph\":[{\"@type\":\"Article\",\"@id\":\"http:\/\/geziyoo.co\/blog\/bilecik-kamp-alanlari-ve-karavan-alanlari\/#article\",\"isPartOf\":{\"@id\":\"http:\/\/geziyoo.co\/blog\/bilecik-kamp-alanlari-ve-karavan-alanlari\/\"},\"author\":{\"name\":\"Geziyoo\",\"@id\":\"https:\/\/geziyoo.co\/blog\/#\/schema\/person\/032acb2436540ed14784e7d978aef0e4\"},\"headline\":\"Bilecik Geneli \u00dccretli ve \u00dccretsiz 7+ Kamp Alan\u0131 (\u0130leti\u015fim ve Konum)\",\"datePublished\":\"2021-11-27T13:52:41+00:00\",\"dateModified\":\"2026-01-27T12:36:22+00:00\",\"mainEntityOfPage\":{\"@id\":\"http:\/\/geziyoo.co\/blog\/bilecik-kamp-alanlari-ve-karavan-alanlari\/\"},\"wordCount\":4381,\"commentCount\":0,\"publisher\":{\"@id\":\"https:\/\/geziyoo.co\/blog\/#organization\"},\"image\":{\"@id\":\"http:\/\/geziyoo.co\/blog\/bilecik-kamp-alanlari-ve-karavan-alanlari\/#primaryimage\"},\"thumbnailUrl\":\"https:\/\/geziyoo.co\/blog\/wp-content\/uploads\/2021\/11\/Bilecik-Kamp-Alanlari.jpg\",\"articleSection\":[\"Kamp\",\"Kamp Alanlar\u0131\"],\"inLanguage\":\"tr\",\"potentialAction\":[{\"@type\":\"CommentAction\",\"name\":\"Comment\",\"target\":[\"http:\/\/geziyoo.co\/blog\/bilecik-kamp-alanlari-ve-karavan-alanlari\/#respond\"]}]},{\"@type\":\"WebPage\",\"@id\":\"http:\/\/geziyoo.co\/blog\/bilecik-kamp-alanlari-ve-karavan-alanlari\/\",\"url\":\"http:\/\/geziyoo.co\/blog\/bilecik-kamp-alanlari-ve-karavan-alanlari\/\",\"name\":\"Bilecik\u2019te En \u0130yi 7 Kamp Alan\u0131: \u00dccretli, \u00dccretsiz ve Tesisli | Geziyoo\",\"isPartOf\":{\"@id\":\"https:\/\/geziyoo.co\/blog\/#website\"},\"primaryImageOfPage\":{\"@id\":\"http:\/\/geziyoo.co\/blog\/bilecik-kamp-alanlari-ve-karavan-alanlari\/#primaryimage\"},\"image\":{\"@id\":\"http:\/\/geziyoo.co\/blog\/bilecik-kamp-alanlari-ve-karavan-alanlari\/#primaryimage\"},\"thumbnailUrl\":\"https:\/\/geziyoo.co\/blog\/wp-content\/uploads\/2021\/11\/Bilecik-Kamp-Alanlari.jpg\",\"datePublished\":\"2021-11-27T13:52:41+00:00\",\"dateModified\":\"2026-01-27T12:36:22+00:00\",\"description\":\"Bilecik, Bozcaarmut G\u00f6leti, Pelit\u00f6z\u00fc G\u00f6lpark ve Harmankaya Kanyonu dahil \u00fccretli ve \u00fccretsiz 7 kamp alan\u0131n\u0131 listeledik. Komisyon yok! \u0130\u015fletme telefonlar\u0131 ve detayl\u0131 konumlar\",\"breadcrumb\":{\"@id\":\"http:\/\/geziyoo.co\/blog\/bilecik-kamp-alanlari-ve-karavan-alanlari\/#breadcrumb\"},\"inLanguage\":\"tr\",\"potentialAction\":[{\"@type\":\"ReadAction\",\"target\":[\"http:\/\/geziyoo.co\/blog\/bilecik-kamp-alanlari-ve-karavan-alanlari\/\"]}]},{\"@type\":\"ImageObject\",\"inLanguage\":\"tr\",\"@id\":\"http:\/\/geziyoo.co\/blog\/bilecik-kamp-alanlari-ve-karavan-alanlari\/#primaryimage\",\"url\":\"https:\/\/geziyoo.co\/blog\/wp-content\/uploads\/2021\/11\/Bilecik-Kamp-Alanlari.jpg\",\"contentUrl\":\"https:\/\/geziyoo.co\/blog\/wp-content\/uploads\/2021\/11\/Bilecik-Kamp-Alanlari.jpg\",\"width\":800,\"height\":533},{\"@type\":\"BreadcrumbList\",\"@id\":\"http:\/\/geziyoo.co\/blog\/bilecik-kamp-alanlari-ve-karavan-alanlari\/#breadcrumb\",\"itemListElement\":[{\"@type\":\"ListItem\",\"position\":1,\"name\":\"Ana sayfa\",\"item\":\"https:\/\/geziyoo.co\/blog\/\"},{\"@type\":\"ListItem\",\"position\":2,\"name\":\"Bilecik Geneli \u00dccretli ve \u00dccretsiz 7+ Kamp Alan\u0131 (\u0130leti\u015fim ve Konum)\"}]},{\"@type\":\"WebSite\",\"@id\":\"https:\/\/geziyoo.co\/blog\/#website\",\"url\":\"https:\/\/geziyoo.co\/blog\/\",\"name\":\"Geziyoo Blog\",\"description\":\"GeziYoo Blog&#039;da T\u00fcrkiye&#039;nin en iyi kamp alanlar\u0131ndan bungalov tatillerine, karavan ipu\u00e7lar\u0131ndan gezi rehberlerine kadar her t\u00fcrl\u00fc do\u011fa deneyimini ke\u015ffedin.\",\"publisher\":{\"@id\":\"https:\/\/geziyoo.co\/blog\/#organization\"},\"potentialAction\":[{\"@type\":\"SearchAction\",\"target\":{\"@type\":\"EntryPoint\",\"urlTemplate\":\"https:\/\/geziyoo.co\/blog\/?s={search_term_string}\"},\"query-input\":{\"@type\":\"PropertyValueSpecification\",\"valueRequired\":true,\"valueName\":\"search_term_string\"}}],\"inLanguage\":\"tr\"},{\"@type\":\"Organization\",\"@id\":\"https:\/\/geziyoo.co\/blog\/#organization\",\"name\":\"Geziyoo.co\",\"url\":\"https:\/\/geziyoo.co\/blog\/\",\"logo\":{\"@type\":\"ImageObject\",\"inLanguage\":\"tr\",\"@id\":\"https:\/\/geziyoo.co\/blog\/#\/schema\/logo\/image\/\",\"url\":\"https:\/\/geziyoo.co\/blog\/wp-content\/uploads\/2025\/01\/Paragraf-metniniz-3.png\",\"contentUrl\":\"https:\/\/geziyoo.co\/blog\/wp-content\/uploads\/2025\/01\/Paragraf-metniniz-3.png\",\"width\":270,\"height\":50,\"caption\":\"Geziyoo.co\"},\"image\":{\"@id\":\"https:\/\/geziyoo.co\/blog\/#\/schema\/logo\/image\/\"},\"sameAs\":[\"https:\/\/www.facebook.com\/Geziyooco\",\"https:\/\/x.com\/geziyoo\",\"https:\/\/tr.pinterest.com\/geziyooco\/\",\"https:\/\/www.youtube.com\/@geziyoo\",\"https:\/\/www.instagram.com\/geziyoo.co\/\"]},{\"@type\":\"Person\",\"@id\":\"https:\/\/geziyoo.co\/blog\/#\/schema\/person\/032acb2436540ed14784e7d978aef0e4\",\"name\":\"Geziyoo\",\"image\":{\"@type\":\"ImageObject\",\"inLanguage\":\"tr\",\"@id\":\"https:\/\/geziyoo.co\/blog\/#\/schema\/person\/image\/\",\"url\":\"https:\/\/secure.gravatar.com\/avatar\/ae212a4514471fdb8cab6e5af4f3c99b940a2d0a16713ea0392c8d7c8a64f30a?s=96&d=mm&r=g\",\"contentUrl\":\"https:\/\/secure.gravatar.com\/avatar\/ae212a4514471fdb8cab6e5af4f3c99b940a2d0a16713ea0392c8d7c8a64f30a?s=96&d=mm&r=g\",\"caption\":\"Geziyoo\"},\"description\":\"Do\u011fa ile i\u00e7 i\u00e7e olabilece\u011finiz yerler,do\u011fa aktivite alanlar\u0131,kamp alanlar\u0131,bungalov oteller,Tiny House Oteller, Galampingler ve da\u011f evlerinin herkes i\u00e7in ula\u015f\u0131labilir olmas\u0131n\u0131 sa\u011flamak amac\u0131yla Geziyoo\u2019ya 2019 y\u0131l\u0131nda ba\u015flad\u0131k.Do\u011fal Tatil konseptini uygulayan en geni\u015f kapsaml\u0131 sitedir.\",\"sameAs\":[\"https:\/\/geziyoo.co\/\",\"https:\/\/www.facebook.com\/geziyoo.co\",\"https:\/\/www.instagram.com\/geziyoo.co\/\",\"https:\/\/tr.pinterest.com\/geziyooco\/\",\"https:\/\/x.com\/https:\/\/twitter.com\/geziyoo\",\"https:\/\/www.youtube.com\/channel\/UCdiSMa6pe17KEY7DP1Ug4ag\"]}]}<\/script>\n<!-- \/ Yoast SEO plugin. -->","yoast_head_json":{"title":"Bilecik\u2019te En \u0130yi 7 Kamp Alan\u0131: \u00dccretli, \u00dccretsiz ve Tesisli | Geziyoo","description":"Bilecik, Bozcaarmut G\u00f6leti, Pelit\u00f6z\u00fc G\u00f6lpark ve Harmankaya Kanyonu dahil \u00fccretli ve \u00fccretsiz 7 kamp alan\u0131n\u0131 listeledik. Komisyon yok! \u0130\u015fletme telefonlar\u0131 ve detayl\u0131 konumlar","robots":{"index":"index","follow":"follow","max-snippet":"max-snippet:-1","max-image-preview":"max-image-preview:large","max-video-preview":"max-video-preview:-1"},"canonical":"http:\/\/geziyoo.co\/blog\/bilecik-kamp-alanlari-ve-karavan-alanlari\/","og_locale":"tr_TR","og_type":"article","og_title":"Bilecik\u2019te En \u0130yi 7 Kamp Alan\u0131: \u00dccretli, \u00dccretsiz ve Tesisli | Geziyoo","og_description":"Bilecik, Bozcaarmut G\u00f6leti, Pelit\u00f6z\u00fc G\u00f6lpark ve Harmankaya Kanyonu dahil \u00fccretli ve \u00fccretsiz 7 kamp alan\u0131n\u0131 listeledik. Komisyon yok! \u0130\u015fletme telefonlar\u0131 ve detayl\u0131 konumlar","og_url":"http:\/\/geziyoo.co\/blog\/bilecik-kamp-alanlari-ve-karavan-alanlari\/","og_site_name":"Geziyoo.co","article_publisher":"https:\/\/www.facebook.com\/Geziyooco","article_author":"https:\/\/www.facebook.com\/geziyoo.co","article_published_time":"2021-11-27T13:52:41+00:00","article_modified_time":"2026-01-27T12:36:22+00:00","og_image":[{"width":800,"height":533,"url":"http:\/\/geziyoo.co\/blog\/wp-content\/uploads\/2021\/11\/Bilecik-Kamp-Alanlari.jpg","type":"image\/jpeg"}],"author":"Geziyoo","twitter_card":"summary_large_image","twitter_creator":"@https:\/\/twitter.com\/geziyoo","twitter_site":"@geziyoo","twitter_misc":{"Yazan:":"Geziyoo","Tahmini okuma s\u00fcresi":"21 dakika"},"schema":{"@context":"https:\/\/schema.org","@graph":[{"@type":"Article","@id":"http:\/\/geziyoo.co\/blog\/bilecik-kamp-alanlari-ve-karavan-alanlari\/#article","isPartOf":{"@id":"http:\/\/geziyoo.co\/blog\/bilecik-kamp-alanlari-ve-karavan-alanlari\/"},"author":{"name":"Geziyoo","@id":"https:\/\/geziyoo.co\/blog\/#\/schema\/person\/032acb2436540ed14784e7d978aef0e4"},"headline":"Bilecik Geneli \u00dccretli ve \u00dccretsiz 7+ Kamp Alan\u0131 (\u0130leti\u015fim ve Konum)","datePublished":"2021-11-27T13:52:41+00:00","dateModified":"2026-01-27T12:36:22+00:00","mainEntityOfPage":{"@id":"http:\/\/geziyoo.co\/blog\/bilecik-kamp-alanlari-ve-karavan-alanlari\/"},"wordCount":4381,"commentCount":0,"publisher":{"@id":"https:\/\/geziyoo.co\/blog\/#organization"},"image":{"@id":"http:\/\/geziyoo.co\/blog\/bilecik-kamp-alanlari-ve-karavan-alanlari\/#primaryimage"},"thumbnailUrl":"https:\/\/geziyoo.co\/blog\/wp-content\/uploads\/2021\/11\/Bilecik-Kamp-Alanlari.jpg","articleSection":["Kamp","Kamp Alanlar\u0131"],"inLanguage":"tr","potentialAction":[{"@type":"CommentAction","name":"Comment","target":["http:\/\/geziyoo.co\/blog\/bilecik-kamp-alanlari-ve-karavan-alanlari\/#respond"]}]},{"@type":"WebPage","@id":"http:\/\/geziyoo.co\/blog\/bilecik-kamp-alanlari-ve-karavan-alanlari\/","url":"http:\/\/geziyoo.co\/blog\/bilecik-kamp-alanlari-ve-karavan-alanlari\/","name":"Bilecik\u2019te En \u0130yi 7 Kamp Alan\u0131: \u00dccretli, \u00dccretsiz ve Tesisli | Geziyoo","isPartOf":{"@id":"https:\/\/geziyoo.co\/blog\/#website"},"primaryImageOfPage":{"@id":"http:\/\/geziyoo.co\/blog\/bilecik-kamp-alanlari-ve-karavan-alanlari\/#primaryimage"},"image":{"@id":"http:\/\/geziyoo.co\/blog\/bilecik-kamp-alanlari-ve-karavan-alanlari\/#primaryimage"},"thumbnailUrl":"https:\/\/geziyoo.co\/blog\/wp-content\/uploads\/2021\/11\/Bilecik-Kamp-Alanlari.jpg","datePublished":"2021-11-27T13:52:41+00:00","dateModified":"2026-01-27T12:36:22+00:00","description":"Bilecik, Bozcaarmut G\u00f6leti, Pelit\u00f6z\u00fc G\u00f6lpark ve Harmankaya Kanyonu dahil \u00fccretli ve \u00fccretsiz 7 kamp alan\u0131n\u0131 listeledik. Komisyon yok! \u0130\u015fletme telefonlar\u0131 ve detayl\u0131 konumlar","breadcrumb":{"@id":"http:\/\/geziyoo.co\/blog\/bilecik-kamp-alanlari-ve-karavan-alanlari\/#breadcrumb"},"inLanguage":"tr","potentialAction":[{"@type":"ReadAction","target":["http:\/\/geziyoo.co\/blog\/bilecik-kamp-alanlari-ve-karavan-alanlari\/"]}]},{"@type":"ImageObject","inLanguage":"tr","@id":"http:\/\/geziyoo.co\/blog\/bilecik-kamp-alanlari-ve-karavan-alanlari\/#primaryimage","url":"https:\/\/geziyoo.co\/blog\/wp-content\/uploads\/2021\/11\/Bilecik-Kamp-Alanlari.jpg","contentUrl":"https:\/\/geziyoo.co\/blog\/wp-content\/uploads\/2021\/11\/Bilecik-Kamp-Alanlari.jpg","width":800,"height":533},{"@type":"BreadcrumbList","@id":"http:\/\/geziyoo.co\/blog\/bilecik-kamp-alanlari-ve-karavan-alanlari\/#breadcrumb","itemListElement":[{"@type":"ListItem","position":1,"name":"Ana sayfa","item":"https:\/\/geziyoo.co\/blog\/"},{"@type":"ListItem","position":2,"name":"Bilecik Geneli \u00dccretli ve \u00dccretsiz 7+ Kamp Alan\u0131 (\u0130leti\u015fim ve Konum)"}]},{"@type":"WebSite","@id":"https:\/\/geziyoo.co\/blog\/#website","url":"https:\/\/geziyoo.co\/blog\/","name":"Geziyoo Blog","description":"GeziYoo Blog&#039;da T\u00fcrkiye&#039;nin en iyi kamp alanlar\u0131ndan bungalov tatillerine, karavan ipu\u00e7lar\u0131ndan gezi rehberlerine kadar her t\u00fcrl\u00fc do\u011fa deneyimini ke\u015ffedin.","publisher":{"@id":"https:\/\/geziyoo.co\/blog\/#organization"},"potentialAction":[{"@type":"SearchAction","target":{"@type":"EntryPoint","urlTemplate":"https:\/\/geziyoo.co\/blog\/?s={search_term_string}"},"query-input":{"@type":"PropertyValueSpecification","valueRequired":true,"valueName":"search_term_string"}}],"inLanguage":"tr"},{"@type":"Organization","@id":"https:\/\/geziyoo.co\/blog\/#organization","name":"Geziyoo.co","url":"https:\/\/geziyoo.co\/blog\/","logo":{"@type":"ImageObject","inLanguage":"tr","@id":"https:\/\/geziyoo.co\/blog\/#\/schema\/logo\/image\/","url":"https:\/\/geziyoo.co\/blog\/wp-content\/uploads\/2025\/01\/Paragraf-metniniz-3.png","contentUrl":"https:\/\/geziyoo.co\/blog\/wp-content\/uploads\/2025\/01\/Paragraf-metniniz-3.png","width":270,"height":50,"caption":"Geziyoo.co"},"image":{"@id":"https:\/\/geziyoo.co\/blog\/#\/schema\/logo\/image\/"},"sameAs":["https:\/\/www.facebook.com\/Geziyooco","https:\/\/x.com\/geziyoo","https:\/\/tr.pinterest.com\/geziyooco\/","https:\/\/www.youtube.com\/@geziyoo","https:\/\/www.instagram.com\/geziyoo.co\/"]},{"@type":"Person","@id":"https:\/\/geziyoo.co\/blog\/#\/schema\/person\/032acb2436540ed14784e7d978aef0e4","name":"Geziyoo","image":{"@type":"ImageObject","inLanguage":"tr","@id":"https:\/\/geziyoo.co\/blog\/#\/schema\/person\/image\/","url":"https:\/\/secure.gravatar.com\/avatar\/ae212a4514471fdb8cab6e5af4f3c99b940a2d0a16713ea0392c8d7c8a64f30a?s=96&d=mm&r=g","contentUrl":"https:\/\/secure.gravatar.com\/avatar\/ae212a4514471fdb8cab6e5af4f3c99b940a2d0a16713ea0392c8d7c8a64f30a?s=96&d=mm&r=g","caption":"Geziyoo"},"description":"Do\u011fa ile i\u00e7 i\u00e7e olabilece\u011finiz yerler,do\u011fa aktivite alanlar\u0131,kamp alanlar\u0131,bungalov oteller,Tiny House Oteller, Galampingler ve da\u011f evlerinin herkes i\u00e7in ula\u015f\u0131labilir olmas\u0131n\u0131 sa\u011flamak amac\u0131yla Geziyoo\u2019ya 2019 y\u0131l\u0131nda ba\u015flad\u0131k.Do\u011fal Tatil konseptini uygulayan en geni\u015f kapsaml\u0131 sitedir.","sameAs":["https:\/\/geziyoo.co\/","https:\/\/www.facebook.com\/geziyoo.co","https:\/\/www.instagram.com\/geziyoo.co\/","https:\/\/tr.pinterest.com\/geziyooco\/","https:\/\/x.com\/https:\/\/twitter.com\/geziyoo","https:\/\/www.youtube.com\/channel\/UCdiSMa6pe17KEY7DP1Ug4ag"]}]}},"amp_enabled":true,"_links":{"self":[{"href":"https:\/\/geziyoo.co\/blog\/wp-json\/wp\/v2\/posts\/8760","targetHints":{"allow":["GET"]}}],"collection":[{"href":"https:\/\/geziyoo.co\/blog\/wp-json\/wp\/v2\/posts"}],"about":[{"href":"https:\/\/geziyoo.co\/blog\/wp-json\/wp\/v2\/types\/post"}],"author":[{"embeddable":true,"href":"https:\/\/geziyoo.co\/blog\/wp-json\/wp\/v2\/users\/1"}],"replies":[{"embeddable":true,"href":"https:\/\/geziyoo.co\/blog\/wp-json\/wp\/v2\/comments?post=8760"}],"version-history":[{"count":0,"href":"https:\/\/geziyoo.co\/blog\/wp-json\/wp\/v2\/posts\/8760\/revisions"}],"wp:featuredmedia":[{"embeddable":true,"href":"https:\/\/geziyoo.co\/blog\/wp-json\/wp\/v2\/media\/8772"}],"wp:attachment":[{"href":"https:\/\/geziyoo.co\/blog\/wp-json\/wp\/v2\/media?parent=8760"}],"wp:term":[{"taxonomy":"category","embeddable":true,"href":"https:\/\/geziyoo.co\/blog\/wp-json\/wp\/v2\/categories?post=8760"},{"taxonomy":"post_tag","embeddable":true,"href":"https:\/\/geziyoo.co\/blog\/wp-json\/wp\/v2\/tags?post=8760"}],"curies":[{"name":"wp","href":"https:\/\/api.w.org\/{rel}","templated":true}]}}