{"id":6795,"date":"2021-05-15T08:39:40","date_gmt":"2021-05-15T08:39:40","guid":{"rendered":"https:\/\/geziyoo.co\/blog\/?p=6795"},"modified":"2026-01-26T12:53:37","modified_gmt":"2026-01-26T12:53:37","slug":"igneada-gezi-rehberi","status":"publish","type":"post","link":"https:\/\/geziyoo.co\/blog\/igneada-gezi-rehberi\/","title":{"rendered":"\u0130\u011fneada : Nerede? Gezilecek Yerler, Kamp Detaylar\u0131 (G\u00fcncel 2026)"},"content":{"rendered":"\n<p><strong>\u0130\u011fneada <strong>Gezi <\/strong>Rehberi (Nerede? Kamp Yap\u0131l\u0131r m\u0131?) i\u00e7eri\u011fimizden merhabalar.Bu i\u00e7eri\u011fimizde \u0130\u011fneada&#8217;da Kamp Yap\u0131l\u0131r m\u0131?Kamp Detaylar\u0131,Nerede,Nas\u0131l Gidilir?Nas\u0131l Bir Yer gibi bir \u00e7ok konuya de\u011finece\u011fiz.<\/strong><\/p>\n\n\n\n<p>Siz en iyisi en yak\u0131n zamanda araban\u0131za,karavan\u0131n\u0131za veya bir otob\u00fcse atlay\u0131p bu g\u00fczel yeri ziyaret edin.Bizden tam ald\u0131\u011f\u0131n\u0131 s\u00f6yleyebiliriz.<\/p>\n\n\n\n<hr class=\"wp-block-separator has-css-opacity is-style-wide\"\/>\n\n\n\n<h2 class=\"wp-block-heading\">\u0130\u011fneada Hakk\u0131nda<\/h2>\n\n\n\n<figure class=\"wp-block-image size-large\"><img decoding=\"async\" width=\"800\" height=\"600\" data-src=\"https:\/\/geziyoo.co\/blog\/wp-content\/uploads\/2021\/05\/Igneada-Kamp-rehberi.jpg\" alt=\"\u0130\u011fneada Gezi Rehberi (Nerede? Gezilecek Yerler)\" class=\"wp-image-6796 lazyload\" data-srcset=\"https:\/\/geziyoo.co\/blog\/wp-content\/uploads\/2021\/05\/Igneada-Kamp-rehberi.jpg 800w, https:\/\/geziyoo.co\/blog\/wp-content\/uploads\/2021\/05\/Igneada-Kamp-rehberi-300x225.jpg 300w, https:\/\/geziyoo.co\/blog\/wp-content\/uploads\/2021\/05\/Igneada-Kamp-rehberi-768x576.jpg 768w\" data-sizes=\"(max-width: 800px) 100vw, 800px\" src=\"data:image\/gif;base64,R0lGODlhAQABAAAAACH5BAEKAAEALAAAAAABAAEAAAICTAEAOw==\" style=\"--smush-placeholder-width: 800px; --smush-placeholder-aspect-ratio: 800\/600;\" \/><figcaption class=\"wp-element-caption\">\u0130\u011fneada Kamp Rehberi<\/figcaption><\/figure>\n\n\n\n<p>\u0130\u011fneada, K\u0131rklareli&#8217;nin Demirk\u00f6y il\u00e7esine ba\u011fl\u0131, Karadeniz k\u0131y\u0131s\u0131nda yer alan k\u00fc\u00e7\u00fck ve \u015firin bir kasabad\u0131r. Sahip oldu\u011fu 22 kilometrelik uzun sahili ile dikkat \u00e7eken \u0130\u011fneada, do\u011fal g\u00fczellikleri ve sakin atmosferi ile ziyaret\u00e7ilerine huzurlu bir ka\u00e7\u0131\u015f sunar. \u0130l\u00e7e merkezine 27 kilometre, K\u0131rklareli il merkezine ise 100 kilometre uzakl\u0131kta bulunan bu kasaba, do\u011fa severler ve sakin bir tatil arayanlar i\u00e7in ideal bir destinasyondur.<\/p>\n\n\n\n<p>T\u00dc\u0130K&#8217;in 2014 say\u0131m\u0131na g\u00f6re n\u00fcfusu 2.182 olan \u0130\u011fneada, \u00f6zellikle do\u011fa turizmi, ku\u015f g\u00f6zlemcili\u011fi ve kamp\u00e7\u0131l\u0131k a\u00e7\u0131s\u0131ndan b\u00fcy\u00fck bir potansiyele sahiptir. Karadeniz&#8217;in e\u015fsiz g\u00fczelliklerini bar\u0131nd\u0131ran bu kasaba, temiz hava, geni\u015f ormanl\u0131k alanlar ve zengin biyolojik \u00e7e\u015fitlili\u011fi ile dikkat \u00e7eker. \u0130\u011fneada, ayn\u0131 zamanda Longoz Ormanlar\u0131 gibi e\u015fsiz do\u011fal alanlara da ev sahipli\u011fi yapmakta, bu sayede do\u011fa ile i\u00e7 i\u00e7e bir tatil ge\u00e7irmek isteyenler i\u00e7in vazge\u00e7ilmez bir tercih olmaktad\u0131r.<\/p>\n\n\n\n<p><strong>NOT:\u00d6zellikle bu notu eklemek istedik.\u0130\u011fneada ile ilgili haberleri ara\u015ft\u0131r\u0131rken buraya N\u00fckleer Santral yap\u0131laca\u011f\u0131 haberine denk geldik ve inan\u0131n ba\u015f\u0131m\u0131zdan kaynar sular akt\u0131 dersek abartm\u0131\u015f olmay\u0131z.Bu g\u00fczellikteki bir yere N\u00fckleer Santral neyin nesi demeden kendimizi alamad\u0131k.Umar\u0131z yap\u0131lan bu b\u00fcy\u00fck hatadan geri d\u00f6n\u00fcl\u00fcr.<\/strong><\/p>\n\n\n\n<hr class=\"wp-block-separator has-css-opacity is-style-wide\"\/>\n\n\n\n<h2 class=\"wp-block-heading\">\u0130\u011fneada Longoz Ormanlar\u0131 Milli Park\u0131<\/h2>\n\n\n\n<figure class=\"wp-block-image size-large\"><img decoding=\"async\" width=\"800\" height=\"600\" data-src=\"https:\/\/geziyoo.co\/blog\/wp-content\/uploads\/2021\/05\/Igneada-Kamp-Rehberi-2.jpg\" alt=\"\u0130\u011fneada Gezi Rehberi (Nerede? Gezilecek Yerler)\" class=\"wp-image-6797 lazyload\" data-srcset=\"https:\/\/geziyoo.co\/blog\/wp-content\/uploads\/2021\/05\/Igneada-Kamp-Rehberi-2.jpg 800w, https:\/\/geziyoo.co\/blog\/wp-content\/uploads\/2021\/05\/Igneada-Kamp-Rehberi-2-300x225.jpg 300w, https:\/\/geziyoo.co\/blog\/wp-content\/uploads\/2021\/05\/Igneada-Kamp-Rehberi-2-768x576.jpg 768w\" data-sizes=\"(max-width: 800px) 100vw, 800px\" src=\"data:image\/gif;base64,R0lGODlhAQABAAAAACH5BAEKAAEALAAAAAABAAEAAAICTAEAOw==\" style=\"--smush-placeholder-width: 800px; --smush-placeholder-aspect-ratio: 800\/600;\" \/><figcaption class=\"wp-element-caption\"> \u0130\u011fneada Kamp Rehberi<\/figcaption><\/figure>\n\n\n\n<p>\u0130\u011fneada Longoz Ormanlar\u0131 Milli Park\u0131, T\u00fcrkiye&#8217;nin K\u0131rklareli iline ba\u011fl\u0131 Demirk\u00f6y il\u00e7esinde bulunan, Trakya&#8217;n\u0131n Karadeniz k\u0131y\u0131s\u0131nda yer alan bir milli parkt\u0131r. \u0130\u011fneada, d\u00fcnyan\u0131n say\u0131l\u0131 subtropikal longoz (su basar orman) ormanlar\u0131ndan birine ev sahipli\u011fi yapar.<\/p>\n\n\n\n<p>Bu e\u015fsiz ekosistem, bir\u00e7ok nadir ve endemik bitki t\u00fcr\u00fc ile birlikte zengin bir fauna \u00e7e\u015fitlili\u011fine sahiptir. Longoz ormanlar\u0131, batakl\u0131k ve sulak alanlarla kapl\u0131d\u0131r ve bu habitatlar bir\u00e7ok ku\u015f t\u00fcr\u00fc i\u00e7in \u00f6nemli bir ya\u015fam alan\u0131 olu\u015fturur.<\/p>\n\n\n\n<p>Milli park, ayn\u0131 zamanda biyolojik \u00e7e\u015fitlilik a\u00e7\u0131s\u0131ndan olduk\u00e7a zengin olup, do\u011fa tutkunlar\u0131, foto\u011fraf\u00e7\u0131lar ve ku\u015f g\u00f6zlemcileri i\u00e7in pop\u00fcler bir destinasyondur. \u0130\u011fneada Longoz Ormanlar\u0131 Milli Park\u0131, do\u011fal g\u00fczellikleri, y\u00fcr\u00fcy\u00fc\u015f parkurlar\u0131, piknik alanlar\u0131 ve g\u00f6zlem noktalar\u0131 ile ziyaret\u00e7ilerine benzersiz bir do\u011fa deneyimi sunar.<\/p>\n\n\n\n<hr class=\"wp-block-separator has-alpha-channel-opacity is-style-wide\"\/>\n\n\n\n<h2 class=\"wp-block-heading\">\u0130\u011fneada Ormanlar\u0131nda Yeti\u015fen Bitkiler ve Bitki \u00d6rt\u00fcs\u00fc<\/h2>\n\n\n\n<figure class=\"wp-block-image size-large\"><img decoding=\"async\" width=\"1024\" height=\"683\" data-src=\"https:\/\/geziyoo.co\/blog\/wp-content\/uploads\/2024\/02\/Igneada-Gezi-Rehberi-1024x683.webp\" alt=\"\" class=\"wp-image-16250 lazyload\" data-srcset=\"https:\/\/geziyoo.co\/blog\/wp-content\/uploads\/2024\/02\/Igneada-Gezi-Rehberi-1024x683.webp 1024w, https:\/\/geziyoo.co\/blog\/wp-content\/uploads\/2024\/02\/Igneada-Gezi-Rehberi-300x200.webp 300w, https:\/\/geziyoo.co\/blog\/wp-content\/uploads\/2024\/02\/Igneada-Gezi-Rehberi-768x512.webp 768w, https:\/\/geziyoo.co\/blog\/wp-content\/uploads\/2024\/02\/Igneada-Gezi-Rehberi-150x100.webp 150w, https:\/\/geziyoo.co\/blog\/wp-content\/uploads\/2024\/02\/Igneada-Gezi-Rehberi.webp 1110w\" data-sizes=\"(max-width: 1024px) 100vw, 1024px\" src=\"data:image\/gif;base64,R0lGODlhAQABAAAAACH5BAEKAAEALAAAAAABAAEAAAICTAEAOw==\" style=\"--smush-placeholder-width: 1024px; --smush-placeholder-aspect-ratio: 1024\/683;\" \/><\/figure>\n\n\n\n<p>\u0130\u011fneada ormanlar\u0131, G\u00fcneydo\u011fu Avrupa&#8217;n\u0131n karakteristik me\u015fe, k\u0131z\u0131la\u011fa\u00e7 ve di\u015fbudak ormanlar\u0131n\u0131n tipik \u00f6rneklerini bar\u0131nd\u0131r\u0131r. Bu ormanlar, b\u00f6lgenin \u00f6zg\u00fc bitki \u00f6rt\u00fcs\u00fcn\u00fc olu\u015fturan ve ekolojik a\u00e7\u0131dan b\u00fcy\u00fck \u00f6nem ta\u015f\u0131yan t\u00fcrler aras\u0131nda yer al\u0131r. \u0130\u011fneada&#8217;n\u0131n sulak alanlar\u0131nda di\u015fbudak ve k\u0131z\u0131la\u011fa\u00e7 t\u00fcrleri, kuru alanlar\u0131nda ise \u00e7e\u015fitli me\u015fe t\u00fcrleri yayg\u0131nd\u0131r. Bu \u00e7e\u015fitlilik, b\u00f6lgenin bitki \u00f6rt\u00fcs\u00fcn\u00fcn zenginli\u011fini ve \u00e7e\u015fitlili\u011fini g\u00f6sterir.<\/p>\n\n\n\n<p>Ayr\u0131ca, \u0130\u011fneada ormanlar\u0131 sar\u0131l\u0131c\u0131 bitkiler bak\u0131m\u0131ndan da olduk\u00e7a zengindir. Bu sar\u0131l\u0131c\u0131 bitkiler, orman\u0131n alt katman\u0131ndan \u00fcst katmanlar\u0131na kadar farkl\u0131 ekosistemlerde ya\u015fayan bitki ve hayvan t\u00fcrlerine ev sahipli\u011fi yapar. \u0130\u011fneada&#8217;n\u0131n bitki \u00f6rt\u00fcs\u00fcn\u00fcn bu denli zengin olmas\u0131, sulak alanlar\u0131n varl\u0131\u011f\u0131 nedeniyle y\u0131lan ve ha\u015fere gibi canl\u0131lar\u0131n da b\u00f6lgede bolca bulunmas\u0131na neden olur.<\/p>\n\n\n\n<p>\u0130\u011fneada&#8217;n\u0131n do\u011fal zenginli\u011fi, ayn\u0131 zamanda b\u00f6lgeyi bir biyo\u00e7e\u015fitlilik merkezi haline getirir. Bu ormanlar, hem ara\u015ft\u0131rmac\u0131lar hem de do\u011fa severler i\u00e7in \u00f6nemli bir ara\u015ft\u0131rma ve ke\u015fif alan\u0131d\u0131r. Bitki \u00f6rt\u00fcs\u00fcn\u00fcn korunmas\u0131 ve s\u00fcrd\u00fcr\u00fclebilir y\u00f6netimi, \u0130\u011fneada&#8217;n\u0131n ekolojik dengesinin ve do\u011fal g\u00fczelliklerinin gelecek nesiller i\u00e7in de korunmas\u0131 a\u00e7\u0131s\u0131ndan b\u00fcy\u00fck \u00f6nem ta\u015f\u0131r.<\/p>\n\n\n\n<hr class=\"wp-block-separator has-alpha-channel-opacity is-style-wide\"\/>\n\n\n\n<h2 class=\"wp-block-heading\"> \u0130\u011fneada Ormanlar\u0131nda Ya\u015fayan Yabani Hayvanlar<\/h2>\n\n\n\n<figure class=\"wp-block-image size-large\"><img decoding=\"async\" width=\"1024\" height=\"680\" data-src=\"https:\/\/geziyoo.co\/blog\/wp-content\/uploads\/2024\/02\/Igneada-Gezi-Rehberi-1024x680.jpg\" alt=\"\" class=\"wp-image-16251 lazyload\" data-srcset=\"https:\/\/geziyoo.co\/blog\/wp-content\/uploads\/2024\/02\/Igneada-Gezi-Rehberi-1024x680.jpg 1024w, https:\/\/geziyoo.co\/blog\/wp-content\/uploads\/2024\/02\/Igneada-Gezi-Rehberi-300x199.jpg 300w, https:\/\/geziyoo.co\/blog\/wp-content\/uploads\/2024\/02\/Igneada-Gezi-Rehberi-768x510.jpg 768w, https:\/\/geziyoo.co\/blog\/wp-content\/uploads\/2024\/02\/Igneada-Gezi-Rehberi-150x100.jpg 150w, https:\/\/geziyoo.co\/blog\/wp-content\/uploads\/2024\/02\/Igneada-Gezi-Rehberi.jpg 1200w\" data-sizes=\"(max-width: 1024px) 100vw, 1024px\" src=\"data:image\/gif;base64,R0lGODlhAQABAAAAACH5BAEKAAEALAAAAAABAAEAAAICTAEAOw==\" style=\"--smush-placeholder-width: 1024px; --smush-placeholder-aspect-ratio: 1024\/680;\" \/><\/figure>\n\n\n\n<p>\u0130\u011fneada ormanlar\u0131, zengin bir yaban hayat\u0131na ev sahipli\u011fi yapar ve bu \u00e7e\u015fitlilik, b\u00f6lgeyi do\u011fa severler ve macera arayanlar i\u00e7in cazip bir destinasyon haline getirir. Bu ormanlarda ya\u015fayan hayvan t\u00fcrleri aras\u0131nda;<\/p>\n\n\n\n<ul class=\"wp-block-list\">\n<li>Yaban kedisi<\/li>\n\n\n\n<li>Yaban domuzu<\/li>\n\n\n\n<li>Yaban tav\u015fan\u0131<\/li>\n\n\n\n<li>K\u0131r tav\u015fan\u0131<\/li>\n\n\n\n<li>Karaca<\/li>\n\n\n\n<li>A\u011fa\u00e7 sansar\u0131<\/li>\n\n\n\n<li>Kurt<\/li>\n\n\n\n<li>Porsuk<\/li>\n\n\n\n<li>Tilki<\/li>\n\n\n\n<li>Gelincik<\/li>\n\n\n\n<li>Susamuru<\/li>\n\n\n\n<li>Alacal\u0131 kokarca<\/li>\n\n\n\n<li>B\u00fcy\u00fckkulakl\u0131 yarasalar<\/li>\n\n\n\n<li>\u00c7e\u015fitli y\u0131lan t\u00fcrleri<\/li>\n<\/ul>\n\n\n\n<p>gibi t\u00fcrler bulunur. Bu t\u00fcrler, \u0130\u011fneada&#8217;n\u0131n ormanlar\u0131n\u0131n biyolojik \u00e7e\u015fitlili\u011fini ve ekolojik zenginli\u011fini g\u00f6sterir.<\/p>\n\n\n\n<p>Ancak, kamp yapmay\u0131 d\u00fc\u015f\u00fcnenler i\u00e7in bu hayvan t\u00fcrlerinin varl\u0131\u011f\u0131, belirli \u00f6nlemlerin al\u0131nmas\u0131n\u0131 gerektirebilir. \u00d6zellikle \u0131ss\u0131z yerlerde kamp yaparken, yaban hayat\u0131yla kar\u015f\u0131la\u015fma ihtimaline kar\u015f\u0131 dikkatli olmak \u00f6nemlidir. Kamp yaparken \u00e7evreye sayg\u0131l\u0131 olmak, yiyecekleri do\u011fru \u015fekilde saklamak ve yaban hayvanlar\u0131yla kar\u015f\u0131la\u015fma durumunda nas\u0131l davran\u0131laca\u011f\u0131 hakk\u0131nda bilgi sahibi olmak, hem insanlar\u0131n hem de hayvanlar\u0131n g\u00fcvenli\u011fi i\u00e7in \u00f6nemlidir.<\/p>\n\n\n\n<hr class=\"wp-block-separator has-css-opacity is-style-wide\"\/>\n\n\n\n<h2 class=\"wp-block-heading\">\u0130\u011fneada&#8217;ya Nas\u0131l Gidilir?<\/h2>\n\n\n\n<iframe data-src=\"https:\/\/www.google.com\/maps\/embed?pb=!1m28!1m12!1m3!1d765591.2415473672!2d27.48165482792512!3d41.44810010187422!2m3!1f0!2f0!3f0!3m2!1i1024!2i768!4f13.1!4m13!3e6!4m5!1s0x14b53fdbc4bfe901%3A0x6f637ffe39da55b6!2sSilivri%2C+%C4%B0stanbul!3m2!1d41.073678!2d28.247868!4m5!1s0x40a0ec1a9ed825d5%3A0xe6dba22497ddfb19!2zSGFtZGliZXkgTWFoYWxsZXNpLCDEsMSfbmVhZGEgTG9uZ296IE9ybWFubGFyxLEgTWlsbGkgUGFya8SxLCBENTY1LCBEZW1pcmvDtnkvS8SxcmtsYXJlbGk!3m2!1d41.8231825!2d27.953628!5e0!3m2!1str!2str!4v1558248725349!5m2!1str!2str\" width=\"750\" height=\"450\" frameborder=\"0\" style=\"border:0\" allowfullscreen=\"\" src=\"data:image\/gif;base64,R0lGODlhAQABAAAAACH5BAEKAAEALAAAAAABAAEAAAICTAEAOw==\" class=\"lazyload\" data-load-mode=\"1\"><\/iframe>\n\n\n\n<p>\u0130\u011fneada&#8217;ya gitmek hem e\u011flenceli hemde zor.Giderken yemye\u015fil ormanlar i\u00e7erisinden ge\u00e7iyorsunuz.<strong>\u0130stanbul&#8217;a yakla\u015f\u0131k 3,5 &#8211; 4 saat mesafededir.K<\/strong>endi arac\u0131n\u0131zla gidebilece\u011finiz gibi \u0130stanbul Seyahat firmas\u0131n\u0131 da kullanarak gidebilirsiniz.Yukar\u0131ya bizim kulland\u0131\u011f\u0131m\u0131z rotay\u0131 ekleyece\u011fiz.Yukar\u0131 da ki Harita a\u00e7\u0131lmaz ise <strong><em><a aria-label=\"Google Haritalar (opens in a new tab)\" href=\"https:\/\/goo.gl\/maps\/wuvFsAv3w5wXSW8T7\" target=\"_blank\" rel=\"noreferrer noopener\">Google Haritalar<\/a><\/em><\/strong> linkinden ilgili yol tarifine ula\u015fabilirsiniz.<\/p>\n\n\n\n<p>Yollar genel itibari ile (belirli yerde \u00e7ok fazla viraj var) g\u00fczel ve geni\u015f.Fakat manzaraya bakim derken kaza ge\u00e7irme olas\u0131l\u0131\u011f\u0131n\u0131z da olduk\u00e7a y\u00fcksek.Ondan dolay\u0131 sadece yola odaklan\u0131p biran \u00f6nce <strong>\u0130\u011fneada&#8217;ya<\/strong> varmay\u0131 d\u00fc\u015f\u00fcn\u00fcn.Gitti\u011finizde zaten manzaran\u0131n en g\u00fczeliyle kar\u015f\u0131la\u015facaks\u0131n\u0131z.<\/p>\n\n\n\n<hr class=\"wp-block-separator has-css-opacity is-style-wide\"\/>\n\n\n\n<h2 class=\"wp-block-heading\">\u0130\u011fneada\u2019ya Ne Zaman Gidilir? \u0130\u011fneada\u2019da Ka\u00e7 G\u00fcn Kal\u0131n\u0131r?<\/h2>\n\n\n\n<figure class=\"wp-block-image size-large\"><img decoding=\"async\" width=\"1024\" height=\"682\" data-src=\"https:\/\/geziyoo.co\/blog\/wp-content\/uploads\/2021\/01\/Igneada-Kamp-Alani-1-1024x682.jpg\" alt=\"\" class=\"wp-image-6103 lazyload\" data-srcset=\"https:\/\/geziyoo.co\/blog\/wp-content\/uploads\/2021\/01\/Igneada-Kamp-Alani-1-1024x682.jpg 1024w, https:\/\/geziyoo.co\/blog\/wp-content\/uploads\/2021\/01\/Igneada-Kamp-Alani-1-300x200.jpg 300w, https:\/\/geziyoo.co\/blog\/wp-content\/uploads\/2021\/01\/Igneada-Kamp-Alani-1-768x512.jpg 768w, https:\/\/geziyoo.co\/blog\/wp-content\/uploads\/2021\/01\/Igneada-Kamp-Alani-1.jpg 1108w\" data-sizes=\"(max-width: 1024px) 100vw, 1024px\" src=\"data:image\/gif;base64,R0lGODlhAQABAAAAACH5BAEKAAEALAAAAAABAAEAAAICTAEAOw==\" style=\"--smush-placeholder-width: 1024px; --smush-placeholder-aspect-ratio: 1024\/682;\" \/><\/figure>\n\n\n\n<p>\u0130\u011fneada&#8217;ya her mevsimde gidebilir ve farkl\u0131 deneyimler ya\u015fayabilirsiniz, ancak en keyifli zamanlar genellikle Haziran ve Eyl\u00fcl aylar\u0131d\u0131r. Bu aylarda Longoz ormanlar\u0131nda su seviyesi y\u00fcksektir, bu da gezilerinizi daha keyifli hale getirir. Hava genellikle daha sakin olur, ancak <strong><em><a href=\"https:\/\/www.accuweather.com\/tr\/tr\/igneada\/318694\/daily-weather-forecast\/318694\">\u0130\u011fneada&#8217;n\u0131n hava durumu<\/a><\/em><\/strong> olduk\u00e7a de\u011fi\u015fken olabilir, yani hi\u00e7bir \u015feyin garantisi yoktur. <\/p>\n\n\n\n<p>\u0130\u011fneada&#8217;ya 2-3 g\u00fcn ay\u0131rmak genellikle yeterlidir. Ancak denizin g\u00fczelli\u011fi ve hava ko\u015fullar\u0131 da g\u00f6z \u00f6n\u00fcne al\u0131nd\u0131\u011f\u0131nda, deniz keyfi yapmak i\u00e7in daha uzun bir s\u00fcre de tercih edilebilir. Ancak bayram d\u00f6nemlerinde gelmeyi pek tavsiye etmem, \u00e7\u00fcnk\u00fc ger\u00e7ekten anormal bir kalabal\u0131k olabiliyor, bu nedenle bayramlarda genellikle evde kal\u0131yoruz. <\/p>\n\n\n\n<p>E\u011fer i\u015finiz m\u00fcsaitse, \u0130\u011fneada&#8217;ya hafta i\u00e7i gelmek en iyisi olacakt\u0131r. Bu \u015fekilde, daha az kalabal\u0131k bir ortamda do\u011fan\u0131n tad\u0131n\u0131 \u00e7\u0131karabilirsiniz.<\/p>\n\n\n\n<hr class=\"wp-block-separator has-alpha-channel-opacity is-style-wide\"\/>\n\n\n\n<h2 class=\"wp-block-heading\">\u0130\u011fneada&#8217;ya G\u00fcn\u00fcbirlik Gidilir mi?<\/h2>\n\n\n\n<figure class=\"wp-block-image size-large is-resized\"><img decoding=\"async\" width=\"450\" height=\"600\" data-src=\"https:\/\/geziyoo.co\/blog\/wp-content\/uploads\/2021\/05\/Igneada-Kamp-Rehberi-3.jpg\" alt=\"\" class=\"wp-image-6798 lazyload\" style=\"--smush-placeholder-width: 450px; --smush-placeholder-aspect-ratio: 450\/600;width:750px\" data-srcset=\"https:\/\/geziyoo.co\/blog\/wp-content\/uploads\/2021\/05\/Igneada-Kamp-Rehberi-3.jpg 450w, https:\/\/geziyoo.co\/blog\/wp-content\/uploads\/2021\/05\/Igneada-Kamp-Rehberi-3-225x300.jpg 225w\" data-sizes=\"(max-width: 450px) 100vw, 450px\" src=\"data:image\/gif;base64,R0lGODlhAQABAAAAACH5BAEKAAEALAAAAAABAAEAAAICTAEAOw==\" \/><figcaption class=\"wp-element-caption\">\u0130\u011fneada Kamp Rehberi<\/figcaption><\/figure>\n\n\n\n<p>\u0130\u011fneada gibi uzak bir b\u00f6lgeye g\u00fcn\u00fcbirlik gitmek, \u00f6zellikle \u0130stanbul gibi uzak \u015fehirlerden gelenler i\u00e7in olduk\u00e7a zahmetli olabilir. Gidi\u015f-d\u00f6n\u00fc\u015f yolculuk s\u00fcresi ve temiz havada ge\u00e7irilen zaman\u0131n yaratt\u0131\u011f\u0131 yorgunluk d\u00fc\u015f\u00fcn\u00fcld\u00fc\u011f\u00fcnde, bu t\u00fcr bir seyahatin pek mant\u0131kl\u0131 olmad\u0131\u011f\u0131n\u0131 s\u00f6ylemek do\u011fru olacakt\u0131r.<\/p>\n\n\n\n<p>\u0130\u011fneada gibi do\u011fal g\u00fczelliklere sahip bir b\u00f6lgeyi ke\u015ffetmek ve bu atmosferden tam anlam\u0131yla keyif almak i\u00e7in daha uzun bir s\u00fcre ay\u0131rmak gerekebilir. Birka\u00e7 g\u00fcn boyunca bu b\u00f6lgede konaklamak, do\u011fan\u0131n tad\u0131n\u0131 \u00e7\u0131karmak ve \u00e7evreyi ke\u015ffetmek i\u00e7in daha uygun olabilir. Bu \u015fekilde, b\u00f6lgenin t\u00fcm g\u00fczelliklerini ke\u015ffetme ve rahat\u00e7a dinlenme f\u0131rsat\u0131 bulabilirsiniz.<\/p>\n\n\n\n<p>Bu nedenle, \u0130\u011fneada gibi uzak bir destinasyona gitmeyi planlarken, birka\u00e7 g\u00fcnl\u00fck bir konaklama d\u00fc\u015f\u00fcnmek daha mant\u0131kl\u0131 olacakt\u0131r<\/p>\n\n\n\n<hr class=\"wp-block-separator has-css-opacity is-style-wide\"\/>\n\n\n\n<h2 class=\"wp-block-heading\">\u0130\u011fneada&#8217;da Kamp Yap\u0131l\u0131r m\u0131?<\/h2>\n\n\n\n<figure class=\"wp-block-image size-large\"><img decoding=\"async\" width=\"800\" height=\"600\" data-src=\"https:\/\/geziyoo.co\/blog\/wp-content\/uploads\/2021\/05\/Igneada-Kamp-Rehberi-4.jpg\" alt=\"\" class=\"wp-image-6799 lazyload\" data-srcset=\"https:\/\/geziyoo.co\/blog\/wp-content\/uploads\/2021\/05\/Igneada-Kamp-Rehberi-4.jpg 800w, https:\/\/geziyoo.co\/blog\/wp-content\/uploads\/2021\/05\/Igneada-Kamp-Rehberi-4-300x225.jpg 300w, https:\/\/geziyoo.co\/blog\/wp-content\/uploads\/2021\/05\/Igneada-Kamp-Rehberi-4-768x576.jpg 768w\" data-sizes=\"(max-width: 800px) 100vw, 800px\" src=\"data:image\/gif;base64,R0lGODlhAQABAAAAACH5BAEKAAEALAAAAAABAAEAAAICTAEAOw==\" style=\"--smush-placeholder-width: 800px; --smush-placeholder-aspect-ratio: 800\/600;\" \/><figcaption class=\"wp-element-caption\">\u0130\u011fneada Kamp Rehberi<\/figcaption><\/figure>\n\n\n\n<p>Konumuzun as\u0131l ba\u015fl\u0131\u011f\u0131na geldik.Evet \u0130\u011fneada&#8217;da kamp yap\u0131labilir.Gitti\u011fimizde onlarca insan\u0131n en \u0131ss\u0131z yerlerde bile kamp yapt\u0131klar\u0131na \u015fahit olacaks\u0131n\u0131z.Kamp yapmak ve do\u011fayla b\u00fct\u00fcnle\u015fmek i\u00e7in en g\u00fczel lokasyonlardan birisidir.Fakat yabani hayvanlardan dolay\u0131 kamp ataca\u011f\u0131n\u0131z alan\u0131 iyi belirlemeniz ve dikkat etmeniz gerekmekte.<\/p>\n\n\n\n<p>Kamp\u00e7\u0131lar\u0131n kamp yapt\u0131klar\u0131 yerde kamp yapmaya \u00f6zen g\u00f6sterin.Gitti\u011finizde g\u00f6receksiniz ki orman \u00e7ok \u0131ss\u0131z,sessiz ve vah\u015fi bundan dolay\u0131 bir alt ba\u015fl\u0131klarda <strong><em><a href=\"https:\/\/geziyoo.co\/location\/igneada-dogal-tatil-yerleri\/\" data-type=\"post\" data-id=\"15768\">\u0130\u011fneada Kamp Yap\u0131lacak Yerleri <\/a><\/em><\/strong>aktard\u0131k.<\/p>\n\n\n\n<p>\u015eehir merkezinde bir kamp yapacaksan\u0131z su ve di\u011fer kamp olanaklar\u0131n\u0131 bulabilirsiniz.Fakat orman i\u00e7lerinde kamp yapacaksan\u0131z muhakkak <strong><em>kamp ekipmanlar\u0131n\u0131z\u0131,<\/em><\/strong>yeme,i\u00e7me ekipmanlar\u0131n\u0131z\u0131 g\u00f6t\u00fcr\u00fcn.\u0130lgili Kamp ekipmanlar\u0131na ula\u015fmak i\u00e7in <strong><em><a href=\"https:\/\/geziyoo.co\/blog\/kamp-malzemeleri-listesi\/\" class=\"rank-math-link\">KAMP EK\u0130PMANLARI L\u0130STES\u0130 <\/a><\/em><\/strong>sayfam\u0131za bakman\u0131z \u00f6nerilir<\/p>\n\n\n\n<hr class=\"wp-block-separator has-css-opacity is-style-wide\"\/>\n\n\n\n<h2 class=\"wp-block-heading\">\u0130\u011fneada&#8217;da Ne Yenilir -\u0130\u00e7ilir?<\/h2>\n\n\n\n<figure class=\"wp-block-image size-large\"><img decoding=\"async\" width=\"800\" height=\"600\" data-src=\"https:\/\/geziyoo.co\/blog\/wp-content\/uploads\/2021\/05\/Igneada-Kamp-Rehberi-5.jpg\" alt=\"\" class=\"wp-image-6803 lazyload\" data-srcset=\"https:\/\/geziyoo.co\/blog\/wp-content\/uploads\/2021\/05\/Igneada-Kamp-Rehberi-5.jpg 800w, https:\/\/geziyoo.co\/blog\/wp-content\/uploads\/2021\/05\/Igneada-Kamp-Rehberi-5-300x225.jpg 300w, https:\/\/geziyoo.co\/blog\/wp-content\/uploads\/2021\/05\/Igneada-Kamp-Rehberi-5-768x576.jpg 768w\" data-sizes=\"(max-width: 800px) 100vw, 800px\" src=\"data:image\/gif;base64,R0lGODlhAQABAAAAACH5BAEKAAEALAAAAAABAAEAAAICTAEAOw==\" style=\"--smush-placeholder-width: 800px; --smush-placeholder-aspect-ratio: 800\/600;\" \/><figcaption class=\"wp-element-caption\">\u0130\u011fneada Kamp Rehberi<\/figcaption><\/figure>\n\n\n\n<p>\u0130\u011fneada&#8217;da mangal veya kamp yemekleri d\u0131\u015f\u0131nda bir \u015feyler yemek isteyenler i\u00e7in se\u00e7enekler bulunmaktad\u0131r. Ancak, belirli bir kendine has restoran\u0131 veya \u00fcnl\u00fc bir yeri yoktur. B\u00f6lgede genellikle lokantalar ve birka\u00e7 tane cafe-restoran bulunmaktad\u0131r. Bu yerlerde \u00e7e\u015fitli yerel lezzetlerin yan\u0131 s\u0131ra genel olarak T\u00fcrk mutfa\u011f\u0131ndan yemekler sunulmaktad\u0131r. Bu yerlerden yemek ihtiya\u00e7lar\u0131n\u0131z\u0131 kar\u015f\u0131layabilirsiniz.<\/p>\n\n\n\n<p>Kendi yeme\u011finizi kamp alan\u0131nda yapmay\u0131 tercih ediyorsan\u0131z, et ve mangal ekipman\u0131 fiyatlar\u0131n\u0131n y\u00fcksek olabilece\u011fini belirtmek \u00f6nemlidir. Bu nedenle, yan\u0131n\u0131zda et ve mangal i\u00e7in gerekli malzemeleri g\u00f6t\u00fcrmeniz ve b\u00f6ylece kendi yeme\u011finizi haz\u0131rlaman\u0131z tavsiye edilir. Bu \u015fekilde, hem b\u00fct\u00e7enizi kontrol alt\u0131nda tutabilir hem de istedi\u011finiz tarzda yemekleri rahat\u00e7a pi\u015firebilirsiniz.<\/p>\n\n\n\n<p>\u00d6zetlemek gerekirse, \u0130\u011fneada&#8217;da yemek se\u00e7enekleri genellikle s\u0131n\u0131rl\u0131d\u0131r ve \u00f6zellikle kamp yapacaklar i\u00e7in kendi yeme\u011finizi haz\u0131rlamak en pratik ve ekonomik se\u00e7enek olabilir. Ancak, yerel restoranlarda veya cafe-restoranlarda da lezzetli yemekler bulabilirsiniz, ancak bu se\u00e7eneklerin \u00e7e\u015fitlili\u011fi k\u0131s\u0131tl\u0131 olabilir.<\/p>\n\n\n\n<hr class=\"wp-block-separator has-css-opacity is-style-wide\"\/>\n\n\n\n<h2 class=\"wp-block-heading\">\u0130\u011fneada Giri\u015f \u00dccreti 2025<\/h2>\n\n\n\n<figure class=\"wp-block-image size-large\"><img decoding=\"async\" width=\"800\" height=\"600\" data-src=\"https:\/\/geziyoo.co\/blog\/wp-content\/uploads\/2021\/05\/Igneada-Kamp-Rehberi-6.jpg\" alt=\"\" class=\"wp-image-6804 lazyload\" data-srcset=\"https:\/\/geziyoo.co\/blog\/wp-content\/uploads\/2021\/05\/Igneada-Kamp-Rehberi-6.jpg 800w, https:\/\/geziyoo.co\/blog\/wp-content\/uploads\/2021\/05\/Igneada-Kamp-Rehberi-6-300x225.jpg 300w, https:\/\/geziyoo.co\/blog\/wp-content\/uploads\/2021\/05\/Igneada-Kamp-Rehberi-6-768x576.jpg 768w\" data-sizes=\"(max-width: 800px) 100vw, 800px\" src=\"data:image\/gif;base64,R0lGODlhAQABAAAAACH5BAEKAAEALAAAAAABAAEAAAICTAEAOw==\" style=\"--smush-placeholder-width: 800px; --smush-placeholder-aspect-ratio: 800\/600;\" \/><figcaption class=\"wp-element-caption\">\u0130\u011fneada Kamp Rehberi<\/figcaption><\/figure>\n\n\n\n<p><strong>\u0130\u011fneada ve \u0130\u011fneada Tabiat Park\u0131na 2025 y\u0131l\u0131nda Giri\u015fler \u00fccretsiz.Otopark \u00fccreti falanda s\u00f6z konusu de\u011fil.<\/strong><\/p>\n\n\n\n<hr class=\"wp-block-separator has-css-opacity is-style-wide\"\/>\n\n\n\n<h2 class=\"wp-block-heading\">\u0130\u011fneada&#8217;da Denize Girilir mi?<\/h2>\n\n\n\n<figure class=\"wp-block-image size-large\"><img decoding=\"async\" width=\"800\" height=\"600\" data-src=\"https:\/\/geziyoo.co\/blog\/wp-content\/uploads\/2021\/05\/Igneada-Kamp-Rehberi-7.jpg\" alt=\"\" class=\"wp-image-6805 lazyload\" data-srcset=\"https:\/\/geziyoo.co\/blog\/wp-content\/uploads\/2021\/05\/Igneada-Kamp-Rehberi-7.jpg 800w, https:\/\/geziyoo.co\/blog\/wp-content\/uploads\/2021\/05\/Igneada-Kamp-Rehberi-7-300x225.jpg 300w, https:\/\/geziyoo.co\/blog\/wp-content\/uploads\/2021\/05\/Igneada-Kamp-Rehberi-7-768x576.jpg 768w\" data-sizes=\"(max-width: 800px) 100vw, 800px\" src=\"data:image\/gif;base64,R0lGODlhAQABAAAAACH5BAEKAAEALAAAAAABAAEAAAICTAEAOw==\" style=\"--smush-placeholder-width: 800px; --smush-placeholder-aspect-ratio: 800\/600;\" \/><figcaption class=\"wp-element-caption\">\u0130\u011fneada Kamp Rehberi<\/figcaption><\/figure>\n\n\n\n<p><strong>Evet, \u0130\u011fneada&#8217;da denize girmek m\u00fcmk\u00fcnd\u00fcr. Ancak, Karadeniz&#8217;in genellikle dalgal\u0131 ve so\u011fuk bir deniz oldu\u011funu g\u00f6z \u00f6n\u00fcnde bulundurmak \u00f6nemlidir.<\/strong> \u0130\u011fneada&#8217;n\u0131n plajlar\u0131 di\u011fer b\u00f6lgelere g\u00f6re daha sakin ve g\u00fcvenlidir, ancak denize girmek i\u00e7in uygun bir yer se\u00e7erken dalgalar\u0131n durumunu ve g\u00fcvenli\u011fi g\u00f6z \u00f6n\u00fcnde bulundurmak \u00f6nemlidir.<\/p>\n\n\n\n<p>\u0130\u011fneada merkezinde bulunan ve halk aras\u0131nda &#8220;belediye plaj\u0131&#8221; olarak bilinen kumsal band\u0131, liman b\u00f6lgesine do\u011fru 10-40 metre geni\u015fli\u011finde uzan\u0131r. Bu plajlar genellikle g\u00fcvenli kabul edilir, ancak yine de denize girece\u011finiz noktay\u0131 dikkatlice se\u00e7meniz \u00f6nerilir. Karadeniz&#8217;in su s\u0131cakl\u0131\u011f\u0131 di\u011fer b\u00f6lgelere g\u00f6re daha d\u00fc\u015f\u00fck olabilir, bu nedenle denize girmeden \u00f6nce suya al\u0131\u015fmak ve haz\u0131rl\u0131kl\u0131 olmak \u00f6nemlidir.<\/p>\n\n\n\n<p>\u0130yi bir deniz deneyimi i\u00e7in uygun k\u0131yafetler ve ekipmanlar kullanman\u0131z, g\u00fcvenli\u011finizi sa\u011flaman\u0131z \u00f6nemlidir. Denize girmeden \u00f6nce dalgalar\u0131 ve deniz ko\u015fullar\u0131n\u0131 dikkatlice g\u00f6zlemlemek, suya girmeden \u00f6nce dikkatli olman\u0131z\u0131 sa\u011flayabilir.<\/p>\n\n\n\n<hr class=\"wp-block-separator has-css-opacity is-style-wide\"\/>\n\n\n\n<h2 class=\"wp-block-heading\">\u0130\u011fneada&#8217;da Nerede Kal\u0131n\u0131r?<\/h2>\n\n\n\n<figure class=\"wp-block-image size-large\"><img decoding=\"async\" width=\"800\" height=\"600\" data-src=\"https:\/\/geziyoo.co\/blog\/wp-content\/uploads\/2021\/05\/Igneada-Kamp-Rehberi-8.jpg\" alt=\"\" class=\"wp-image-6806 lazyload\" data-srcset=\"https:\/\/geziyoo.co\/blog\/wp-content\/uploads\/2021\/05\/Igneada-Kamp-Rehberi-8.jpg 800w, https:\/\/geziyoo.co\/blog\/wp-content\/uploads\/2021\/05\/Igneada-Kamp-Rehberi-8-300x225.jpg 300w, https:\/\/geziyoo.co\/blog\/wp-content\/uploads\/2021\/05\/Igneada-Kamp-Rehberi-8-768x576.jpg 768w\" data-sizes=\"(max-width: 800px) 100vw, 800px\" src=\"data:image\/gif;base64,R0lGODlhAQABAAAAACH5BAEKAAEALAAAAAABAAEAAAICTAEAOw==\" style=\"--smush-placeholder-width: 800px; --smush-placeholder-aspect-ratio: 800\/600;\" \/><figcaption class=\"wp-element-caption\">\u0130\u011fneada Kamp Rehberi<\/figcaption><\/figure>\n\n\n\n<p>Kamp yaparken s\u0131k\u0131lman\u0131z veya tats\u0131z bir olayla kar\u015f\u0131la\u015fman\u0131z durumunda konaklayabilece\u011finiz \u00fccretli oteller ve pansiyonlar bulunmaktad\u0131r.Kasaba k\u00fc\u00e7\u00fck olmas\u0131na ra\u011fmen Otel konusunda geli\u015fmi\u015f oldu\u011fu s\u00f6ylenebilir.Kamp haricinde konaklama yapaca\u011f\u0131n\u0131z oteller \u015fu \u015fekilde;<\/p>\n\n\n\n<blockquote class=\"wp-block-quote quote-solid is-layout-flow wp-block-quote quote-solid-is-layout-flow\">\n<p>Ayr\u0131ca Bungalov tarz\u0131 konaklama ilginizi \u00e7ekiyorsa <strong><em><a href=\"https:\/\/geziyoo.co\/blog\/igneada-bungalov-oteller-ve-bungalov-evler\/\" data-type=\"post\" data-id=\"15800\">\u0130\u011fneada Bungalov Oteller<\/a><\/em><\/strong> i\u00e7eri\u011fimize bakman\u0131z\u0131 tavsiye ederiz.<\/p>\n<\/blockquote>\n\n\n<p><span style=\"font-size: inherit;\">\n\t\t<div class=\"plus tie-list-shortcode\"><\/span><\/p>\n<ul>\n<li><strong data-rich-text-format-boundary=\"true\">\u0130\u011fneada<\/strong> Meltem Hotel<\/li>\n<li>Parlak Resort Hotel<\/li>\n<li>Ada Yaz Evleri<\/li>\n<li><strong>\u0130\u011fneada<\/strong> Motel<\/li>\n<li>K\u00f6yevi Butik Otel<\/li>\n<li>\u00c7etinler Hotel<\/li>\n<li>\u00c7i\u00e7ekli Apart<\/li>\n<li>G\u00f6rm\u00fc\u015f Apart\/Pansiyon<\/li>\n<\/ul>\n\n\t\t<\/div>\n\t\n\n\n<hr class=\"wp-block-separator has-css-opacity is-style-wide\"\/>\n\n\n\n<h2 class=\"wp-block-heading\">\u0130\u011fneada&#8217;da Kamp Yapabilece\u011finiz Yerler ve Kamp Alanlar\u0131<\/h2>\n\n\n\n<figure class=\"wp-block-image size-large\"><img decoding=\"async\" width=\"800\" height=\"600\" data-src=\"https:\/\/geziyoo.co\/blog\/wp-content\/uploads\/2021\/05\/Igneada-Kamp-Rehberi-9.jpg\" alt=\"\" class=\"wp-image-6807 lazyload\" data-srcset=\"https:\/\/geziyoo.co\/blog\/wp-content\/uploads\/2021\/05\/Igneada-Kamp-Rehberi-9.jpg 800w, https:\/\/geziyoo.co\/blog\/wp-content\/uploads\/2021\/05\/Igneada-Kamp-Rehberi-9-300x225.jpg 300w, https:\/\/geziyoo.co\/blog\/wp-content\/uploads\/2021\/05\/Igneada-Kamp-Rehberi-9-768x576.jpg 768w\" data-sizes=\"(max-width: 800px) 100vw, 800px\" src=\"data:image\/gif;base64,R0lGODlhAQABAAAAACH5BAEKAAEALAAAAAABAAEAAAICTAEAOw==\" style=\"--smush-placeholder-width: 800px; --smush-placeholder-aspect-ratio: 800\/600;\" \/><figcaption class=\"wp-element-caption\">\u0130\u011fneada Kamp Rehberi<\/figcaption><\/figure>\n\n\n\n<p>\u0130\u011fneada kamp i\u00e7in \u00e7ok m\u00fcsait bir b\u00f6lge asl\u0131nda g\u00f6rd\u00fc\u011f\u00fcn\u00fcz bir \u00e7ok yere kamp atabilirsiniz.Fakat belli ba\u015fl\u0131 kamp b\u00f6lgelerini \u015fu \u015fekilde s\u0131ralayabiliriz.Bu b\u00f6lgelerde yan\u0131n\u0131zda bir ka\u00e7 kamp\u00e7\u0131n\u0131n olmas\u0131 da g\u00fcvenlik a\u00e7\u0131s\u0131ndan iyi olabilir bundan dolay\u0131 a\u015fa\u011f\u0131da ki alanlar\u0131 tercih etmeye \u00f6zen g\u00f6sterin.<\/p>\n\n\n\n<blockquote class=\"wp-block-quote quote-solid is-layout-flow wp-block-quote quote-solid-is-layout-flow\">\n<p>\u0130\u011fneada&#8217;n\u0131n bir \u00e7ok noktas\u0131nda kamp yap\u0131labilir <strong><em><a href=\"https:\/\/geziyoo.co\/blog\/igneada-kamp-alanlari-ve-karavan-alanlari\/\" data-type=\"post\" data-id=\"15768\">\u0130\u011fneada Kamp Alanlar\u0131<\/a><\/em><\/strong> i\u00e7eri\u011fimize bakman\u0131z\u0131 tavsiye ederiz.<\/p>\n<\/blockquote>\n\n\n\n\t\t<div class=\"plus tie-list-shortcode\">\n<ul>\n<li>Be\u011fendik Plaj\u0131&nbsp;<strong>Kamp<\/strong>&nbsp;Alan\u0131<\/li>\n<li>Limank\u00f6y<\/li>\n<li>Bak\u0131rdere Kanyonu <strong>Kamp<\/strong> Alan<\/li>\n<li>\u00c2\u015f\u0131klar Plaj\u0131 <strong>Kamp<\/strong>&nbsp;Alan\u0131<\/li>\n<li><strong>\u0130\u011fneada<\/strong>&nbsp;Longoz Ormanlar\u0131 Milli Park\u0131&nbsp;<strong>Kamp<\/strong>&nbsp;Alan\u0131<\/li>\n<li>Mert G\u00f6l\u00fc <strong>Kamp<\/strong>&nbsp;Alan\u0131<\/li>\n<li>Pedina G\u00f6l\u00fc <strong>Kamp<\/strong>&nbsp;Alan\u0131<\/li>\n<li>Hamam G\u00f6l\u00fc <strong>Kamp<\/strong>&nbsp;Alan\u0131<\/li>\n<li>Saka G\u00f6l\u00fc <strong>Kamp<\/strong>&nbsp;Alan\u0131<\/li>\n<\/ul>\n\n\t\t<\/div>\n\t\n\n\n<hr class=\"wp-block-separator has-css-opacity is-style-wide\"\/>\n\n\n\n<h2 class=\"wp-block-heading\">\u0130\u011fneada&#8217;da Neler Yap\u0131l\u0131r?<\/h2>\n\n\n\n<figure class=\"wp-block-image size-large\"><img decoding=\"async\" width=\"800\" height=\"600\" data-src=\"https:\/\/geziyoo.co\/blog\/wp-content\/uploads\/2021\/05\/Igneada-Kamp-rehberi.jpg\" alt=\"\" class=\"wp-image-6796 lazyload\" data-srcset=\"https:\/\/geziyoo.co\/blog\/wp-content\/uploads\/2021\/05\/Igneada-Kamp-rehberi.jpg 800w, https:\/\/geziyoo.co\/blog\/wp-content\/uploads\/2021\/05\/Igneada-Kamp-rehberi-300x225.jpg 300w, https:\/\/geziyoo.co\/blog\/wp-content\/uploads\/2021\/05\/Igneada-Kamp-rehberi-768x576.jpg 768w\" data-sizes=\"(max-width: 800px) 100vw, 800px\" src=\"data:image\/gif;base64,R0lGODlhAQABAAAAACH5BAEKAAEALAAAAAABAAEAAAICTAEAOw==\" style=\"--smush-placeholder-width: 800px; --smush-placeholder-aspect-ratio: 800\/600;\" \/><figcaption class=\"wp-element-caption\">\u0130\u011fneada Kamp Rehberi<\/figcaption><\/figure>\n\n\n\n<p>\u0130\u011fneada sizlere do\u011fan\u0131n t\u00fcm g\u00fczelliklerini sergileyecektir.Fakat 3-4 g\u00fcnl\u00fck bir kamp yapt\u0131ktan sonra s\u0131k\u0131lman\u0131z m\u00fcmk\u00fcn.A\u015fa\u011f\u0131da yapabilece\u011finiz aktiviteleri ve turlar\u0131 listeleyece\u011fiz.\u0130\u011fneada&#8217;da a\u015fa\u011f\u0131daki aktiviteleri yapma imkan\u0131n\u0131z var.<\/p>\n\n\n\n<ul class=\"wp-block-list\">\n<li><strong>Tekne Turlar\u0131:<\/strong>&nbsp;Longoz ormanlar\u0131nda ve g\u00f6llerde tekne turlar\u0131 ile do\u011fan\u0131n keyfini \u00e7\u0131karabilirsiniz.&nbsp;Tekne turlar\u0131 s\u0131ras\u0131nda farkl\u0131 ku\u015f t\u00fcrlerini g\u00f6zlemleyebilir ve longoz ormanlar\u0131n\u0131n ekosistemi hakk\u0131nda bilgi edinebilirsiniz.<\/li>\n\n\n\n<li><strong>Do\u011fa Y\u00fcr\u00fcy\u00fc\u015fleri:<\/strong>&nbsp;Longoz ormanlar\u0131nda ve kumsallarda do\u011fa y\u00fcr\u00fcy\u00fc\u015fleri yapabilirsiniz.&nbsp;Do\u011fa y\u00fcr\u00fcy\u00fc\u015fleri s\u0131ras\u0131nda temiz hava alabilir ve do\u011fan\u0131n g\u00fczelli\u011fiyle i\u00e7 i\u00e7e olabilirsiniz.<\/li>\n\n\n\n<li><strong>Ku\u015f G\u00f6zlemcili\u011fi:<\/strong>&nbsp;Longoz ormanlar\u0131,&nbsp;bir\u00e7ok ku\u015f t\u00fcr\u00fcne ev sahipli\u011fi yap\u0131yor.&nbsp;Ku\u015f g\u00f6zlemcili\u011fi ile bu e\u015fsiz canl\u0131lar\u0131 g\u00f6zlemleyebilirsiniz.&nbsp;\u00d6zellikle Saka G\u00f6l\u00fc ve Hamam G\u00f6l\u00fc,&nbsp;ku\u015f g\u00f6zlemcili\u011fi i\u00e7in ideal.<\/li>\n\n\n\n<li><strong>Bisiklet Turu:<\/strong>&nbsp;\u0130\u011fneada&#8217;n\u0131n g\u00fczel sokaklar\u0131nda ve bisiklet rotalar\u0131nda bisiklet turu yapabilirsiniz.&nbsp;Bisiklet turlar\u0131 ile<\/li>\n\n\n\n<li><strong>Longoz Orman Turu<\/strong><\/li>\n\n\n\n<li><strong>K\u00fclt\u00fcr Tur<\/strong>lar\u0131<\/li>\n\n\n\n<li><strong>Mantar Turu<\/strong><\/li>\n\n\n\n<li><strong>ATV Turu<\/strong><\/li>\n<\/ul>\n\n\n\n<hr class=\"wp-block-separator has-css-opacity is-style-wide\"\/>\n\n\n\n<h2 class=\"wp-block-heading\">\u0130\u011fneada&#8217;da Gezilecek Yerler<\/h2>\n\n\n\n<figure class=\"wp-block-image size-large\"><img decoding=\"async\" width=\"800\" height=\"600\" data-src=\"https:\/\/geziyoo.co\/blog\/wp-content\/uploads\/2021\/05\/Igneada-Kamp-Rehberi-11.jpg\" alt=\"\" class=\"wp-image-6809 lazyload\" data-srcset=\"https:\/\/geziyoo.co\/blog\/wp-content\/uploads\/2021\/05\/Igneada-Kamp-Rehberi-11.jpg 800w, https:\/\/geziyoo.co\/blog\/wp-content\/uploads\/2021\/05\/Igneada-Kamp-Rehberi-11-300x225.jpg 300w, https:\/\/geziyoo.co\/blog\/wp-content\/uploads\/2021\/05\/Igneada-Kamp-Rehberi-11-768x576.jpg 768w\" data-sizes=\"(max-width: 800px) 100vw, 800px\" src=\"data:image\/gif;base64,R0lGODlhAQABAAAAACH5BAEKAAEALAAAAAABAAEAAAICTAEAOw==\" style=\"--smush-placeholder-width: 800px; --smush-placeholder-aspect-ratio: 800\/600;\" \/><figcaption class=\"wp-element-caption\">\u0130\u011fneada Kamp Rehberi<\/figcaption><\/figure>\n\n\n\n<p>\u0130\u011fneada&#8217;ya  gitti\u011finizde a\u00e7\u0131k\u00e7as\u0131 gezme iste\u011finiz tavan yap\u0131yor,daha fazla manzara ve daha fazla a\u011fac\u0131 g\u00f6rmek istiyorsunuz.Anlayaca\u011f\u0131n\u0131z kabu\u011funuzdan \u00e7\u0131k\u0131yorsunuz.<\/p>\n\n\n\n<p>\u00c7ok fazla bir yer yok ama b\u00f6lgeye gitti\u011finizde ekstradan bir ka\u00e7 yere u\u011frama \u015fans\u0131n\u0131zda var.A\u015fa\u011f\u0131da listeyi ekleyece\u011fiz.\u015eimdiden iyi geziler o zaman.<\/p>\n\n\n\n<h3 class=\"wp-block-heading\">\u0130\u011fneada <strong>Do\u011fal G\u00fczellikler:<\/strong><\/h3>\n\n\n\n<ul class=\"wp-block-list\">\n<li><strong>\u0130\u011fneada Longoz Ormanlar\u0131 Milli Park\u0131:<\/strong>&nbsp;Avrupa&#8217;n\u0131n en b\u00fcy\u00fck longoz orman\u0131 olan bu park,&nbsp;su \u00fczerinde uzanan a\u011fa\u00e7lar ve bitkilerle adeta bir masal diyar\u0131n\u0131 and\u0131r\u0131yor.&nbsp;Tekne turlar\u0131 ile bu e\u015fsiz do\u011fay\u0131 ke\u015ffedebilir,&nbsp;ku\u015f g\u00f6zlemcili\u011fi yapabilir ve huzurlu bir ortamda do\u011fa y\u00fcr\u00fcy\u00fc\u015fleri yapabilirsiniz.&nbsp;Parkta bulunan Saka G\u00f6l\u00fc,&nbsp;Hamam G\u00f6l\u00fc,&nbsp;Derek\u00f6y G\u00f6l\u00fc ve Mert G\u00f6l\u00fc,&nbsp;longoz ormanlar\u0131n\u0131n g\u00fczelli\u011fini ve sakinli\u011fini deneyimlemek i\u00e7in ideal.<\/li>\n\n\n\n<li><strong>Mert G\u00f6l\u00fc:<\/strong>&nbsp;Sakin ve berrak sular\u0131 ile b\u00fcy\u00fcleyen Mert G\u00f6l\u00fc,&nbsp;piknik yapmak,&nbsp;kano ve sandal gezileri i\u00e7in ideal bir yer.&nbsp;G\u00f6l kenar\u0131ndaki restoranlarda y\u00f6resel lezzetlerin tad\u0131na bakabilirsiniz.&nbsp;G\u00f6lde bal\u0131k tutabilir ve su sporlar\u0131 yapabilirsiniz.<\/li>\n\n\n\n<li><strong>Erikli Plaj\u0131:<\/strong>&nbsp;Karadeniz&#8217;in h\u0131r\u00e7\u0131n dalgalar\u0131na kar\u015f\u0131 korunakl\u0131 bir koyda yer alan Erikli Plaj\u0131,&nbsp;alt\u0131n sar\u0131s\u0131 kumsal\u0131 ve berrak denizi ile g\u00fcne\u015flenmek ve y\u00fczmek i\u00e7in m\u00fckemmel bir se\u00e7enek.&nbsp;Plajda su sporlar\u0131 yapabilir,&nbsp;\u015fezlong ve \u015femsiye kiralayabilirsiniz.<\/li>\n\n\n\n<li><strong>Be\u011fendik Plaj\u0131:<\/strong>&nbsp;\u0130\u011fneada&#8217;n\u0131n en pop\u00fcler plajlar\u0131ndan biri olan Be\u011fendik Plaj\u0131,&nbsp;uzun kumsal\u0131 ve s\u0131\u011f denizi ile \u00f6zellikle \u00e7ocuklu aileler i\u00e7in ideal.&nbsp;Plajda su sporlar\u0131 yapabilir,&nbsp;\u015fezlong ve \u015femsiye kiralayabilirsiniz.&nbsp;Plaj\u0131n yak\u0131n\u0131nda kamp alanlar\u0131 da mevcut.<\/li>\n\n\n\n<li><strong>Dupnisa Ma\u011faras\u0131:<\/strong>&nbsp;\u0130ki katl\u0131 bir ma\u011fara sistemi olan Dupnisa Ma\u011faras\u0131,&nbsp;sark\u0131t ve dikitleri ile adeta bir do\u011fa harikas\u0131.&nbsp;Ma\u011farada gizemli bir atmosfere tan\u0131kl\u0131k edebilir ve muhte\u015fem foto\u011fraflar \u00e7ekebilirsiniz.&nbsp;Ma\u011farada arkeolojik kaz\u0131lar sonucu Bizans ve Osmanl\u0131 d\u00f6nemlerine ait eserler bulunmu\u015ftur.<\/li>\n<\/ul>\n\n\n\n<hr class=\"wp-block-separator has-alpha-channel-opacity is-style-wide\"\/>\n\n\n\n<h3 class=\"wp-block-heading\">\u0130\u011fneada <strong>Tarihi Yerler:<\/strong><\/h3>\n\n\n\n<ul class=\"wp-block-list\">\n<li><strong>\u0130\u011fneada Feneri:<\/strong>&nbsp;1880 y\u0131l\u0131nda in\u015fa edilen bu tarihi deniz feneri,&nbsp;Karadeniz&#8217;in muhte\u015fem manzaras\u0131n\u0131 sunuyor.&nbsp;Fenerin yan\u0131ndaki kafede dinlenebilir ve manzaran\u0131n keyfini \u00e7\u0131karabilirsiniz.&nbsp;Fener,&nbsp;denizcilik tarihi a\u00e7\u0131s\u0131ndan da \u00f6nemli bir yere sahiptir.<\/li>\n\n\n\n<li><strong>Sislioba Kalesi:<\/strong>&nbsp;Bizans d\u00f6neminden kalma bu kale,&nbsp;\u0130\u011fneada&#8217;n\u0131n panoramik manzaras\u0131n\u0131 sunuyor.&nbsp;Kalenin tarihi atmosferini hissedebilir ve muhte\u015fem foto\u011fraflar \u00e7ekebilirsiniz.&nbsp;Kalenin etraf\u0131nda Roma ve Bizans d\u00f6nemlerine ait kal\u0131nt\u0131lar da bulunmaktad\u0131r.<\/li>\n\n\n\n<li><strong>Demirk\u00f6y D\u00f6k\u00fcmhanesi:<\/strong>&nbsp;19.&nbsp;y\u00fczy\u0131ldan kalma bu tarihi d\u00f6k\u00fcmhane,&nbsp;Osmanl\u0131 \u0130mparatorlu\u011fu&#8217;nun sanayi hamlesinin bir simgesi.&nbsp;D\u00f6k\u00fcmhanenin tarihi yap\u0131s\u0131n\u0131 ve \u00fcretim alanlar\u0131n\u0131 gezebilirsiniz.&nbsp;D\u00f6k\u00fcmhanede kullan\u0131lan baz\u0131 demir i\u015fleme aletleri ve makineler hala sergilenmektedi<\/li>\n<\/ul>\n\n\n\n<h3 class=\"wp-block-heading\"><strong>Di\u011fer<\/strong> Gezilecek Yerler<\/h3>\n\n\n\n<ul class=\"wp-block-list\">\n<li><strong>Limank\u00f6y:<\/strong>&nbsp;\u0130\u011fneada&#8217;ya ba\u011fl\u0131 bir k\u00f6y olan Limank\u00f6y,&nbsp;bal\u0131k\u00e7\u0131 tekneleri ve yemye\u015fil do\u011fas\u0131 ile son derece g\u00fczel bir yerdir.&nbsp;K\u00f6yde bal\u0131k\u00e7\u0131 teknelerini ve bal\u0131k\u00e7\u0131lar\u0131 g\u00f6rebilir,&nbsp;taze bal\u0131k yiyebilirsiniz.<\/li>\n\n\n\n<li><strong>Be\u011fendik K\u00f6y\u00fc:<\/strong>&nbsp;\u0130\u011fneada&#8217;ya ba\u011fl\u0131 bir di\u011fer k\u00f6y olan Be\u011fendik K\u00f6y\u00fc,&nbsp;bakir koylar\u0131 ve kamp alanlar\u0131 ile do\u011faseverler i\u00e7in ideal bir yerdir.&nbsp;K\u00f6yde kamp yapabilir,&nbsp;denize girebilir veya do\u011fa y\u00fcr\u00fcy\u00fc\u015f\u00fc yapabilirsiniz.<\/li>\n\n\n\n<li><strong>\u0130\u011fneada Aqua Beach Club:<\/strong>&nbsp;Ailenizle birlikte e\u011flenmek i\u00e7in ideal bir yer olan \u0130\u011fneada Aqua Beach Club,&nbsp;aquapark\u0131,&nbsp;plaj\u0131 ve restoran\u0131 ile size unutulmaz bir g\u00fcn ya\u015fatacakt\u0131r.<\/li>\n<\/ul>\n\n\n\n<hr class=\"wp-block-separator has-css-opacity is-style-wide\"\/>\n\n\n\n<h2 class=\"wp-block-heading\">\u0130\u011fneada&#8217;da Bulunan G\u00f6ller<\/h2>\n\n\n\n<figure class=\"wp-block-image size-large\"><img decoding=\"async\" width=\"800\" height=\"600\" data-src=\"https:\/\/geziyoo.co\/blog\/wp-content\/uploads\/2021\/05\/Igneada-Kamp-Rehberi-10.jpg\" alt=\"\" class=\"wp-image-6808 lazyload\" data-srcset=\"https:\/\/geziyoo.co\/blog\/wp-content\/uploads\/2021\/05\/Igneada-Kamp-Rehberi-10.jpg 800w, https:\/\/geziyoo.co\/blog\/wp-content\/uploads\/2021\/05\/Igneada-Kamp-Rehberi-10-300x225.jpg 300w, https:\/\/geziyoo.co\/blog\/wp-content\/uploads\/2021\/05\/Igneada-Kamp-Rehberi-10-768x576.jpg 768w\" data-sizes=\"(max-width: 800px) 100vw, 800px\" src=\"data:image\/gif;base64,R0lGODlhAQABAAAAACH5BAEKAAEALAAAAAABAAEAAAICTAEAOw==\" style=\"--smush-placeholder-width: 800px; --smush-placeholder-aspect-ratio: 800\/600;\" \/><figcaption class=\"wp-element-caption\">\u0130\u011fneada Kamp Rehberi<\/figcaption><\/figure>\n\n\n\n<p>\u0130\u011fneada Milli Park\u0131n\u0131n i\u00e7erisinde bir \u00e7ok g\u00f6l bulunmaktad\u0131r.Bunlardan en yak\u0131n\u0131 Mert G\u00f6l\u00fc En uza\u011f\u0131 da Saka g\u00f6l\u00fcd\u00fcr.Milli Park i\u00e7erisinde yollar\u0131n k\u00f6t\u00fc olmas\u0131ndan dolay\u0131 Hamam G\u00f6l\u00fc&#8217;ne kadar gidebilir sonras\u0131nda ise zorlanabilece\u011finizi belirtelim.Bu g\u00f6llerin etraf\u0131nda kamp yapma olana\u011f\u0131n\u0131z bulunmakta.<\/p>\n\n\n\n<p><strong><em><a href=\"https:\/\/geziyoo.co\/listing\/mert-golu-kamp-alani\/\">Mert G\u00f6l\u00fc<\/a><\/em>:<\/strong> Park\u0131n en b\u00fcy\u00fck g\u00f6l\u00fc olan Mert G\u00f6l\u00fc, longoz ormanlar\u0131 ile \u00e7evrili bir cennet k\u00f6\u015fesi. Sakin ve berrak sular\u0131, g\u00f6l kenar\u0131ndaki piknik alanlar\u0131 ve su sporlar\u0131 imkanlar\u0131 ile Mert G\u00f6l\u00fc, unutulmaz bir tatil i\u00e7in ideal bir yer. G\u00f6lde kano, sandal ve tekne turlar\u0131 ile do\u011fan\u0131n keyfini \u00e7\u0131karabilir, su ku\u015flar\u0131n\u0131 g\u00f6zlemleyebilir ve longoz ormanlar\u0131n\u0131n gizemli atmosferini hissedebilirsiniz.<\/p>\n\n\n\n<p><strong>Erikli G\u00f6l\u00fc:<\/strong> Piknik ve kamp yapmak i\u00e7in ideal bir yer olan Erikli G\u00f6l\u00fc, park\u0131n en pop\u00fcler g\u00f6llerinden biri. G\u00f6l\u00fcn etraf\u0131ndaki \u00e7am ormanlar\u0131 ve kumsallar\u0131, huzurlu ve sakin bir ortam sunuyor. G\u00f6lde bal\u0131k tutabilir, bisiklete binebilir veya do\u011fa y\u00fcr\u00fcy\u00fc\u015fleri yapabilirsiniz. Erikli G\u00f6l\u00fc&#8217;n\u00fcn bat\u0131s\u0131nda bulunan k\u00fc\u00e7\u00fck bir ada ise piknik yapmak ve g\u00f6l manzaras\u0131n\u0131n keyfini \u00e7\u0131karmak i\u00e7in ideal bir yer.<\/p>\n\n\n\n<p><strong><em><a href=\"https:\/\/geziyoo.co\/listing\/saka-golu-kamp-alani\/\">Saka G\u00f6l\u00fc<\/a><\/em>:<\/strong> Park\u0131n en derin g\u00f6l\u00fc olan Saka G\u00f6l\u00fc, bal\u0131k tutmak i\u00e7in en pop\u00fcler yer. G\u00f6lde levrek, sazan, turna ve alabal\u0131k gibi bir\u00e7ok bal\u0131k t\u00fcr\u00fc bulunuyor. Saka G\u00f6l\u00fc&#8217;n\u00fcn etraf\u0131ndaki longoz ormanlar\u0131 da ku\u015f g\u00f6zlemcili\u011fi i\u00e7in ideal bir ortam sunuyor. G\u00f6lde tekne turlar\u0131 ile longoz ormanlar\u0131n\u0131n gizemli atmosferini ke\u015ffedebilir ve su ku\u015flar\u0131n\u0131 g\u00f6zlemleyebilirsiniz.<\/p>\n\n\n\n<p><strong><em><a href=\"https:\/\/geziyoo.co\/listing\/hamam-golu-kamp-alani\/\">Hamam G\u00f6l\u00fc<\/a><\/em>:<\/strong> Park\u0131n en k\u00fc\u00e7\u00fck g\u00f6llerinden biri olan Hamam G\u00f6l\u00fc, tarihi ve k\u00fclt\u00fcrel a\u00e7\u0131dan \u00f6nemli bir yere sahip. G\u00f6l\u00fcn kenar\u0131nda bulunan hamam, Roma d\u00f6neminden kalma bir eserdir. Hamam G\u00f6l\u00fc&#8217;n\u00fcn etraf\u0131ndaki \u00e7am ormanlar\u0131 ve kumsallar\u0131, huzurlu ve sakin bir ortam sunuyor. G\u00f6lde piknik yapabilir, bisiklete binebilir veya do\u011fa y\u00fcr\u00fcy\u00fc\u015fleri yapabilirsiniz.<\/p>\n\n\n\n<p><strong><em><a href=\"https:\/\/geziyoo.co\/listing\/pedina-golu-kamp-alani\/\">Pedina G\u00f6l\u00fc<\/a><\/em>:<\/strong> Nil\u00fcfer \u00e7i\u00e7ekleri ile \u00fcnl\u00fc olan Pedina G\u00f6l\u00fc, park\u0131n en g\u00fczel g\u00f6llerinden biri. G\u00f6l\u00fcn etraf\u0131ndaki longoz ormanlar\u0131 ve nil\u00fcfer \u00e7i\u00e7ekleri, e\u015fsiz bir g\u00f6rsel \u015f\u00f6len sunuyor. Pedina G\u00f6l\u00fc&#8217;nde tekne turlar\u0131 ile nil\u00fcfer \u00e7i\u00e7eklerini yak\u0131ndan g\u00f6rebilir ve longoz ormanlar\u0131n\u0131n gizemli atmosferini hissedebilirsiniz.<\/p>\n\n\n\n<p><strong>Ayg\u0131r G\u00f6l\u00fc:<\/strong> Sazl\u0131klarla \u00e7evrili olan Ayg\u0131r G\u00f6l\u00fc, park\u0131n en gizemli g\u00f6llerinden biri. G\u00f6l\u00fcn sakin ve sessiz atmosferi, do\u011fayla i\u00e7 i\u00e7e bir tatil i\u00e7in ideal. Ayg\u0131r G\u00f6l\u00fc&#8217;nde bal\u0131k tutabilir, ku\u015f g\u00f6zlemcili\u011fi yapabilir veya kano turlar\u0131na kat\u0131labilirsiniz.<\/p>\n\n\n\n<p><strong>Durusu G\u00f6l\u00fc:<\/strong> Longoz ormanlar\u0131 ile \u00e7evrili olan Durusu G\u00f6l\u00fc, park\u0131n en sakin g\u00f6llerinden biri. G\u00f6l\u00fcn etraf\u0131ndaki longoz ormanlar\u0131, su ku\u015flar\u0131 i\u00e7in \u00f6nemli bir ya\u015fam alan\u0131 sunuyor. Durusu G\u00f6l\u00fc&#8217;nde piknik yapabilir,<\/p>\n\n\n\n<p>Dostlar elimizden geldi\u011fince <strong>\u0130\u011fneada<\/strong> ile ilgili detayl\u0131 bilgilere yer vermeye \u00e7al\u0131\u015ft\u0131k.Akl\u0131n\u0131zda ki sorular\u0131 yorumlar k\u0131sm\u0131ndan veya <strong>\u0130leti\u015fim<span class=\"tadv-color\" style=\"color:#fcb900\"> <\/span><\/strong>sayfam\u0131zdan bizlerle payla\u015fabilirsiniz.T\u00fcm sorular\u0131n\u0131z\u0131 seve seve  cevaplayaca\u011f\u0131z.<\/p>\n\n\n\n<hr class=\"wp-block-separator has-css-opacity is-style-wide\"\/>\n\n\n\n<h2 class=\"wp-block-heading\">\u0130\u011fneada Tan\u0131t\u0131m Videosu<\/h2>\n\n\n\n<figure class=\"wp-block-embed is-type-video is-provider-youtube wp-block-embed-youtube wp-embed-aspect-16-9 wp-has-aspect-ratio\"><div class=\"wp-block-embed__wrapper\">\nhttps:\/\/www.youtube.com\/watch?v=zvTAld1z4OA\n<\/div><\/figure>\n\n\n\n<p>Video yukar\u0131da a\u00e7\u0131lmaz ise <strong><em><a aria-label=\"BURADAN (yeni sekmede a\u00e7\u0131l\u0131r)\" href=\"https:\/\/youtu.be\/zvTAld1z4OA\" target=\"_blank\" rel=\"noreferrer noopener\">BURADAN<\/a><\/em><\/strong> ilgili videoya ula\u015fabilirsiniz.<\/p>\n\n\n\n<p>\u0130\u011fneada Kamp Rehberi yaz\u0131m\u0131z\u0131n sonuna geldik.Her zaman oldu\u011fu gibi yorumlar\u0131n\u0131z\u0131 ve be\u011fenilerinizi l\u00fctfen eksik etmeyin.\u015eimdiden herkese g\u00fczel bir haftasonu ve kamp diliyoruz.HO\u015e\u00c7AKALIN&#8230;<\/p>\n\n\n\n<hr class=\"wp-block-separator has-css-opacity is-style-wide\"\/>\n\n\n\n<figure class=\"wp-block-image size-full is-style-rounded\"><img decoding=\"async\" width=\"800\" height=\"189\" data-src=\"https:\/\/geziyoo.co\/blog\/wp-content\/uploads\/2023\/12\/sss.jpg\" alt=\"\" class=\"wp-image-15486 lazyload\" data-srcset=\"https:\/\/geziyoo.co\/blog\/wp-content\/uploads\/2023\/12\/sss.jpg 800w, https:\/\/geziyoo.co\/blog\/wp-content\/uploads\/2023\/12\/sss-300x71.jpg 300w, https:\/\/geziyoo.co\/blog\/wp-content\/uploads\/2023\/12\/sss-768x181.jpg 768w\" data-sizes=\"(max-width: 800px) 100vw, 800px\" src=\"data:image\/gif;base64,R0lGODlhAQABAAAAACH5BAEKAAEALAAAAAABAAEAAAICTAEAOw==\" style=\"--smush-placeholder-width: 800px; --smush-placeholder-aspect-ratio: 800\/189;\" \/><\/figure>\n\n\n\n<div class=\"wp-block-rank-math-faq-block\"><div class=\"rank-math-faq-item\"><h3 class=\"rank-math-question\">\u0130\u011fneada&#8217;ya Nas\u0131l Gidilir?<\/h3><div class=\"rank-math-answer\">\u0130\u011fneadaya,Esenler otogar\u0131ndan kalkan  otob\u00fcslere binerek yakla\u015f\u0131k 5-6 saatde\u00a0<strong>\u0130\u011fneada<\/strong>&#8216;ya ula\u015fabilirsiniz. \u0130stanbul&#8217;un Anadolu Yakas\u0131 sakinleri ise Ata\u015fehir otob\u00fcs terminalinden\u00a0<strong>\u0130\u011fneada<\/strong>\u00a0otob\u00fcslerine binerek kolay bir \u015fekilde ula\u015fabilirler.<\/div><\/div><div class=\"rank-math-faq-item\"><h3 class=\"rank-math-question\">\u0130\u011fneada&#8217;da Kamp Yap\u0131lacak Yerler<\/h3><div class=\"rank-math-answer\">Be\u011fendik Plaj\u0131\u00a0<strong>Kamp<\/strong>\u00a0Alan\u0131<br>Limank\u00f6y Bak\u0131rdere Kanyonu\u00a0<strong>Kamp<\/strong>\u00a0Alan\u0131<br>\u00c2\u015f\u0131klar Plaj\u0131\u00a0<strong>Kamp<\/strong>\u00a0Alan\u0131<br><strong>\u0130\u011fneada<\/strong>\u00a0Longoz Ormanlar\u0131 Milli Park\u0131\u00a0<strong>Kamp<\/strong>\u00a0Alan\u0131<br>Mert G\u00f6l\u00fc\u00a0<strong>Kamp<\/strong>\u00a0Alan\u0131<br>Pedina G\u00f6l\u00fc\u00a0<strong>Kamp<\/strong>\u00a0Alan\u0131<br>Hamam G\u00f6l\u00fc\u00a0<strong>Kamp<\/strong>\u00a0Alan\u0131<br>Saka G\u00f6l\u00fc\u00a0<strong>Kamp<\/strong>\u00a0Alan\u0131<\/div><\/div><div class=\"rank-math-faq-item\"><h3 class=\"rank-math-question\">\u0130\u011fneada Longoz Ormanlar\u0131 Nerede Kal\u0131n\u0131r?<\/h3><div class=\"rank-math-answer\"><strong>\u0130\u011fneada<\/strong>\u00a0Meltem Hotel.<br>Parlak Resort Hotel.<br>Ada Yaz Evleri.<br><strong>\u0130\u011fneada<\/strong>\u00a0Motel.<br>K\u00f6yevi Butik Otel.<br>\u00c7etinler Hotel.<br>\u00c7i\u00e7ekli Apart.<br>G\u00f6rm\u00fc\u015f Apart\/Pansiyon.<\/div><\/div><div class=\"rank-math-faq-item\"><h3 class=\"rank-math-question\">\u0130\u011fneada Hangi \u0130le Ba\u011fl\u0131<\/h3><div class=\"rank-math-answer\">\u0130\u011fneada K\u0131rklarelinin Demirk\u00f6y il\u00e7esine ba\u011fl\u0131d\u0131r.<\/div><\/div><div class=\"rank-math-faq-item\"><h3 class=\"rank-math-question\">\u0130\u011fneada Ada ile K\u0131rklareli aras\u0131 ka\u00e7 km?<\/h3><div class=\"rank-math-answer\"><strong>K\u0131rklareli Merkez k\u0131rklareli i\u011fneada aras\u0131 mesafe<\/strong>\u00a0: 94\u00a0<strong>kilometre<\/strong>dir.<\/div><\/div><div class=\"rank-math-faq-item\"><h3 class=\"rank-math-question\">\u0130\u011fneada Denizi Nas\u0131l?<\/h3><div class=\"rank-math-answer\">\u0130\u011fneada <strong>Denizi<\/strong>\u00a0s\u0131\u011f ve liman\u0131n uzant\u0131s\u0131na yak\u0131n oldu\u011fu i\u00e7in olduk\u00e7a g\u00fcvenli say\u0131labilir. Yakla\u015f\u0131k 10-20 metre geni\u015fli\u011findeki kumsal band\u0131 baz\u0131 yerlerde\u00a0<strong>deniz<\/strong>\u00a0i\u00e7ine de uzanan iri kumlu ve ta\u015fl\u0131d\u0131r.<\/div><\/div><div class=\"rank-math-faq-item\"><h3 class=\"rank-math-question\">Istanbul Longoz Ormanlar\u0131 ka\u00e7 km?<\/h3><div class=\"rank-math-answer\"><strong>\u0130stanbul<\/strong>\u00a0\u0130\u011fneada\u00a0<strong>longoz orman\u0131<\/strong>\u00a0aras\u0131\u00a0<strong>mesafe<\/strong>\u00a0: 190\u00a0<strong>kilometre<\/strong> olup yakla\u015f\u0131k 3 veya 4 saat s\u00fcrmektedir.<\/div><\/div><\/div>\n\n\n\n<h4 class=\"wp-block-heading\">Bunlar\u0131 da Sevebilirsiniz;<\/h4>\n\n\n<ul class=\"wp-block-latest-posts__list wp-block-latest-posts\"><li><a class=\"wp-block-latest-posts__post-title\" href=\"https:\/\/geziyoo.co\/blog\/yusufeli-kamp-alanlari-ve-karavan-alanlari\/\">Yusufeli ve Ka\u00e7kar Da\u011flar\u0131 Etekleri \u00dccretsiz 4 Do\u011fa Kamp\u0131 (Konum ve \u0130pu\u00e7lar\u0131)<\/a><\/li>\n<li><a class=\"wp-block-latest-posts__post-title\" href=\"https:\/\/geziyoo.co\/blog\/yumurtalik-kamp-alanlari\/\">Yumurtal\u0131k Geneli \u00dccretli ve \u00dccretsiz 6+ Kamp Alan\u0131 (\u0130leti\u015fim ve Konum)<\/a><\/li>\n<li><a class=\"wp-block-latest-posts__post-title\" href=\"https:\/\/geziyoo.co\/blog\/yesilova-kamp-alanlari-ve-karavan-alanlari\/\">Ye\u015filova ve Salda G\u00f6l\u00fc \u00c7evresi En \u0130yi 2 Kamp Alan\u0131 (\u0130leti\u015fim ve Konum)<\/a><\/li>\n<\/ul>\n\n\n<hr class=\"wp-block-separator has-css-opacity is-style-wide\"\/>\n","protected":false},"excerpt":{"rendered":"<p>\u0130\u011fneada Gezi Rehberi (Nerede? Kamp Yap\u0131l\u0131r m\u0131?) i\u00e7eri\u011fimizden merhabalar.Bu i\u00e7eri\u011fimizde \u0130\u011fneada&#8217;da Kamp Yap\u0131l\u0131r m\u0131?Kamp Detaylar\u0131,Nerede,Nas\u0131l Gidilir?Nas\u0131l Bir Yer gibi bir \u00e7ok konuya de\u011finece\u011fiz. Siz en iyisi en yak\u0131n zamanda araban\u0131za,karavan\u0131n\u0131za veya bir otob\u00fcse atlay\u0131p bu g\u00fczel yeri ziyaret edin.Bizden tam ald\u0131\u011f\u0131n\u0131 s\u00f6yleyebiliriz. \u0130\u011fneada Hakk\u0131nda \u0130\u011fneada Kamp Rehberi \u0130\u011fneada, K\u0131rklareli&#8217;nin Demirk\u00f6y il\u00e7esine ba\u011fl\u0131, Karadeniz k\u0131y\u0131s\u0131nda yer &hellip;<\/p>\n","protected":false},"author":1,"featured_media":6806,"comment_status":"open","ping_status":"open","sticky":false,"template":"","format":"standard","meta":{"footnotes":""},"categories":[20],"tags":[],"class_list":["post-6795","post","type-post","status-publish","format-standard","has-post-thumbnail","hentry","category-gezirehberi"],"yoast_head":"<!-- This site is optimized with the Yoast SEO plugin v26.9 - https:\/\/yoast.com\/product\/yoast-seo-wordpress\/ -->\n<title>\u0130\u011fneada : Nerede? Gezilecek Yerler, Kamp (G\u00fcncel 2026) | Geziyoo<\/title>\n<meta name=\"description\" content=\"\u0130\u011fneada Gezi Rehberi i\u00e7eri\u011fimizde \u0130\u011fneada Kamp Yerleri,\u0130\u011fneada ile ilgili nerede ,nas\u0131l gidilir gezilecek yerleri payla\u015ft\u0131k\" \/>\n<meta name=\"robots\" content=\"index, follow, max-snippet:-1, max-image-preview:large, max-video-preview:-1\" \/>\n<link rel=\"canonical\" href=\"https:\/\/geziyoo.co\/blog\/igneada-gezi-rehberi\/\" \/>\n<meta property=\"og:locale\" content=\"tr_TR\" \/>\n<meta property=\"og:type\" content=\"article\" \/>\n<meta property=\"og:title\" content=\"\u0130\u011fneada : Nerede? Gezilecek Yerler, Kamp (G\u00fcncel 2026) | Geziyoo\" \/>\n<meta property=\"og:description\" content=\"\u0130\u011fneada Gezi Rehberi i\u00e7eri\u011fimizde \u0130\u011fneada Kamp Yerleri,\u0130\u011fneada ile ilgili nerede ,nas\u0131l gidilir gezilecek yerleri payla\u015ft\u0131k\" \/>\n<meta property=\"og:url\" content=\"https:\/\/geziyoo.co\/blog\/igneada-gezi-rehberi\/\" \/>\n<meta property=\"og:site_name\" content=\"Geziyoo.co\" \/>\n<meta property=\"article:publisher\" content=\"https:\/\/www.facebook.com\/Geziyooco\" \/>\n<meta property=\"article:author\" content=\"https:\/\/www.facebook.com\/geziyoo.co\" \/>\n<meta property=\"article:published_time\" content=\"2021-05-15T08:39:40+00:00\" \/>\n<meta property=\"article:modified_time\" content=\"2026-01-26T12:53:37+00:00\" \/>\n<meta property=\"og:image\" content=\"https:\/\/geziyoo.co\/blog\/wp-content\/uploads\/2021\/05\/Igneada-Kamp-Rehberi-8.jpg\" \/>\n\t<meta property=\"og:image:width\" content=\"800\" \/>\n\t<meta property=\"og:image:height\" content=\"600\" \/>\n\t<meta property=\"og:image:type\" content=\"image\/jpeg\" \/>\n<meta name=\"author\" content=\"Geziyoo\" \/>\n<meta name=\"twitter:card\" content=\"summary_large_image\" \/>\n<meta name=\"twitter:creator\" content=\"@https:\/\/twitter.com\/geziyoo\" \/>\n<meta name=\"twitter:site\" content=\"@geziyoo\" \/>\n<meta name=\"twitter:label1\" content=\"Yazan:\" \/>\n\t<meta name=\"twitter:data1\" content=\"Geziyoo\" \/>\n\t<meta name=\"twitter:label2\" content=\"Tahmini okuma s\u00fcresi\" \/>\n\t<meta name=\"twitter:data2\" content=\"20 dakika\" \/>\n<script type=\"application\/ld+json\" class=\"yoast-schema-graph\">{\"@context\":\"https:\/\/schema.org\",\"@graph\":[{\"@type\":\"Article\",\"@id\":\"https:\/\/geziyoo.co\/blog\/igneada-gezi-rehberi\/#article\",\"isPartOf\":{\"@id\":\"https:\/\/geziyoo.co\/blog\/igneada-gezi-rehberi\/\"},\"author\":{\"name\":\"Geziyoo\",\"@id\":\"https:\/\/geziyoo.co\/blog\/#\/schema\/person\/032acb2436540ed14784e7d978aef0e4\"},\"headline\":\"\u0130\u011fneada : Nerede? Gezilecek Yerler, Kamp Detaylar\u0131 (G\u00fcncel 2026)\",\"datePublished\":\"2021-05-15T08:39:40+00:00\",\"dateModified\":\"2026-01-26T12:53:37+00:00\",\"mainEntityOfPage\":{\"@id\":\"https:\/\/geziyoo.co\/blog\/igneada-gezi-rehberi\/\"},\"wordCount\":3946,\"commentCount\":0,\"publisher\":{\"@id\":\"https:\/\/geziyoo.co\/blog\/#organization\"},\"image\":{\"@id\":\"https:\/\/geziyoo.co\/blog\/igneada-gezi-rehberi\/#primaryimage\"},\"thumbnailUrl\":\"https:\/\/geziyoo.co\/blog\/wp-content\/uploads\/2021\/05\/Igneada-Kamp-Rehberi-8.jpg\",\"articleSection\":[\"Gezi Rehberi\"],\"inLanguage\":\"tr\",\"potentialAction\":[{\"@type\":\"CommentAction\",\"name\":\"Comment\",\"target\":[\"https:\/\/geziyoo.co\/blog\/igneada-gezi-rehberi\/#respond\"]}]},{\"@type\":\"WebPage\",\"@id\":\"https:\/\/geziyoo.co\/blog\/igneada-gezi-rehberi\/\",\"url\":\"https:\/\/geziyoo.co\/blog\/igneada-gezi-rehberi\/\",\"name\":\"\u0130\u011fneada : Nerede? Gezilecek Yerler, Kamp (G\u00fcncel 2026) | Geziyoo\",\"isPartOf\":{\"@id\":\"https:\/\/geziyoo.co\/blog\/#website\"},\"primaryImageOfPage\":{\"@id\":\"https:\/\/geziyoo.co\/blog\/igneada-gezi-rehberi\/#primaryimage\"},\"image\":{\"@id\":\"https:\/\/geziyoo.co\/blog\/igneada-gezi-rehberi\/#primaryimage\"},\"thumbnailUrl\":\"https:\/\/geziyoo.co\/blog\/wp-content\/uploads\/2021\/05\/Igneada-Kamp-Rehberi-8.jpg\",\"datePublished\":\"2021-05-15T08:39:40+00:00\",\"dateModified\":\"2026-01-26T12:53:37+00:00\",\"description\":\"\u0130\u011fneada Gezi Rehberi i\u00e7eri\u011fimizde \u0130\u011fneada Kamp Yerleri,\u0130\u011fneada ile ilgili nerede ,nas\u0131l gidilir gezilecek yerleri payla\u015ft\u0131k\",\"breadcrumb\":{\"@id\":\"https:\/\/geziyoo.co\/blog\/igneada-gezi-rehberi\/#breadcrumb\"},\"inLanguage\":\"tr\",\"potentialAction\":[{\"@type\":\"ReadAction\",\"target\":[\"https:\/\/geziyoo.co\/blog\/igneada-gezi-rehberi\/\"]}]},{\"@type\":\"ImageObject\",\"inLanguage\":\"tr\",\"@id\":\"https:\/\/geziyoo.co\/blog\/igneada-gezi-rehberi\/#primaryimage\",\"url\":\"https:\/\/geziyoo.co\/blog\/wp-content\/uploads\/2021\/05\/Igneada-Kamp-Rehberi-8.jpg\",\"contentUrl\":\"https:\/\/geziyoo.co\/blog\/wp-content\/uploads\/2021\/05\/Igneada-Kamp-Rehberi-8.jpg\",\"width\":800,\"height\":600,\"caption\":\"\u0130\u011fneada Kamp Rehberi\"},{\"@type\":\"BreadcrumbList\",\"@id\":\"https:\/\/geziyoo.co\/blog\/igneada-gezi-rehberi\/#breadcrumb\",\"itemListElement\":[{\"@type\":\"ListItem\",\"position\":1,\"name\":\"Ana sayfa\",\"item\":\"https:\/\/geziyoo.co\/blog\/\"},{\"@type\":\"ListItem\",\"position\":2,\"name\":\"\u0130\u011fneada : Nerede? Gezilecek Yerler, Kamp Detaylar\u0131 (G\u00fcncel 2026)\"}]},{\"@type\":\"WebSite\",\"@id\":\"https:\/\/geziyoo.co\/blog\/#website\",\"url\":\"https:\/\/geziyoo.co\/blog\/\",\"name\":\"Geziyoo Blog\",\"description\":\"GeziYoo Blog&#039;da T\u00fcrkiye&#039;nin en iyi kamp alanlar\u0131ndan bungalov tatillerine, karavan ipu\u00e7lar\u0131ndan gezi rehberlerine kadar her t\u00fcrl\u00fc do\u011fa deneyimini ke\u015ffedin.\",\"publisher\":{\"@id\":\"https:\/\/geziyoo.co\/blog\/#organization\"},\"potentialAction\":[{\"@type\":\"SearchAction\",\"target\":{\"@type\":\"EntryPoint\",\"urlTemplate\":\"https:\/\/geziyoo.co\/blog\/?s={search_term_string}\"},\"query-input\":{\"@type\":\"PropertyValueSpecification\",\"valueRequired\":true,\"valueName\":\"search_term_string\"}}],\"inLanguage\":\"tr\"},{\"@type\":\"Organization\",\"@id\":\"https:\/\/geziyoo.co\/blog\/#organization\",\"name\":\"Geziyoo.co\",\"url\":\"https:\/\/geziyoo.co\/blog\/\",\"logo\":{\"@type\":\"ImageObject\",\"inLanguage\":\"tr\",\"@id\":\"https:\/\/geziyoo.co\/blog\/#\/schema\/logo\/image\/\",\"url\":\"https:\/\/geziyoo.co\/blog\/wp-content\/uploads\/2025\/01\/Paragraf-metniniz-3.png\",\"contentUrl\":\"https:\/\/geziyoo.co\/blog\/wp-content\/uploads\/2025\/01\/Paragraf-metniniz-3.png\",\"width\":270,\"height\":50,\"caption\":\"Geziyoo.co\"},\"image\":{\"@id\":\"https:\/\/geziyoo.co\/blog\/#\/schema\/logo\/image\/\"},\"sameAs\":[\"https:\/\/www.facebook.com\/Geziyooco\",\"https:\/\/x.com\/geziyoo\",\"https:\/\/tr.pinterest.com\/geziyooco\/\",\"https:\/\/www.youtube.com\/@geziyoo\",\"https:\/\/www.instagram.com\/geziyoo.co\/\"]},{\"@type\":\"Person\",\"@id\":\"https:\/\/geziyoo.co\/blog\/#\/schema\/person\/032acb2436540ed14784e7d978aef0e4\",\"name\":\"Geziyoo\",\"image\":{\"@type\":\"ImageObject\",\"inLanguage\":\"tr\",\"@id\":\"https:\/\/geziyoo.co\/blog\/#\/schema\/person\/image\/\",\"url\":\"https:\/\/secure.gravatar.com\/avatar\/ae212a4514471fdb8cab6e5af4f3c99b940a2d0a16713ea0392c8d7c8a64f30a?s=96&d=mm&r=g\",\"contentUrl\":\"https:\/\/secure.gravatar.com\/avatar\/ae212a4514471fdb8cab6e5af4f3c99b940a2d0a16713ea0392c8d7c8a64f30a?s=96&d=mm&r=g\",\"caption\":\"Geziyoo\"},\"description\":\"Do\u011fa ile i\u00e7 i\u00e7e olabilece\u011finiz yerler,do\u011fa aktivite alanlar\u0131,kamp alanlar\u0131,bungalov oteller,Tiny House Oteller, Galampingler ve da\u011f evlerinin herkes i\u00e7in ula\u015f\u0131labilir olmas\u0131n\u0131 sa\u011flamak amac\u0131yla Geziyoo\u2019ya 2019 y\u0131l\u0131nda ba\u015flad\u0131k.Do\u011fal Tatil konseptini uygulayan en geni\u015f kapsaml\u0131 sitedir.\",\"sameAs\":[\"https:\/\/geziyoo.co\/\",\"https:\/\/www.facebook.com\/geziyoo.co\",\"https:\/\/www.instagram.com\/geziyoo.co\/\",\"https:\/\/tr.pinterest.com\/geziyooco\/\",\"https:\/\/x.com\/https:\/\/twitter.com\/geziyoo\",\"https:\/\/www.youtube.com\/channel\/UCdiSMa6pe17KEY7DP1Ug4ag\"]}]}<\/script>\n<!-- \/ Yoast SEO plugin. -->","yoast_head_json":{"title":"\u0130\u011fneada : Nerede? Gezilecek Yerler, Kamp (G\u00fcncel 2026) | Geziyoo","description":"\u0130\u011fneada Gezi Rehberi i\u00e7eri\u011fimizde \u0130\u011fneada Kamp Yerleri,\u0130\u011fneada ile ilgili nerede ,nas\u0131l gidilir gezilecek yerleri payla\u015ft\u0131k","robots":{"index":"index","follow":"follow","max-snippet":"max-snippet:-1","max-image-preview":"max-image-preview:large","max-video-preview":"max-video-preview:-1"},"canonical":"https:\/\/geziyoo.co\/blog\/igneada-gezi-rehberi\/","og_locale":"tr_TR","og_type":"article","og_title":"\u0130\u011fneada : Nerede? Gezilecek Yerler, Kamp (G\u00fcncel 2026) | Geziyoo","og_description":"\u0130\u011fneada Gezi Rehberi i\u00e7eri\u011fimizde \u0130\u011fneada Kamp Yerleri,\u0130\u011fneada ile ilgili nerede ,nas\u0131l gidilir gezilecek yerleri payla\u015ft\u0131k","og_url":"https:\/\/geziyoo.co\/blog\/igneada-gezi-rehberi\/","og_site_name":"Geziyoo.co","article_publisher":"https:\/\/www.facebook.com\/Geziyooco","article_author":"https:\/\/www.facebook.com\/geziyoo.co","article_published_time":"2021-05-15T08:39:40+00:00","article_modified_time":"2026-01-26T12:53:37+00:00","og_image":[{"width":800,"height":600,"url":"https:\/\/geziyoo.co\/blog\/wp-content\/uploads\/2021\/05\/Igneada-Kamp-Rehberi-8.jpg","type":"image\/jpeg"}],"author":"Geziyoo","twitter_card":"summary_large_image","twitter_creator":"@https:\/\/twitter.com\/geziyoo","twitter_site":"@geziyoo","twitter_misc":{"Yazan:":"Geziyoo","Tahmini okuma s\u00fcresi":"20 dakika"},"schema":{"@context":"https:\/\/schema.org","@graph":[{"@type":"Article","@id":"https:\/\/geziyoo.co\/blog\/igneada-gezi-rehberi\/#article","isPartOf":{"@id":"https:\/\/geziyoo.co\/blog\/igneada-gezi-rehberi\/"},"author":{"name":"Geziyoo","@id":"https:\/\/geziyoo.co\/blog\/#\/schema\/person\/032acb2436540ed14784e7d978aef0e4"},"headline":"\u0130\u011fneada : Nerede? Gezilecek Yerler, Kamp Detaylar\u0131 (G\u00fcncel 2026)","datePublished":"2021-05-15T08:39:40+00:00","dateModified":"2026-01-26T12:53:37+00:00","mainEntityOfPage":{"@id":"https:\/\/geziyoo.co\/blog\/igneada-gezi-rehberi\/"},"wordCount":3946,"commentCount":0,"publisher":{"@id":"https:\/\/geziyoo.co\/blog\/#organization"},"image":{"@id":"https:\/\/geziyoo.co\/blog\/igneada-gezi-rehberi\/#primaryimage"},"thumbnailUrl":"https:\/\/geziyoo.co\/blog\/wp-content\/uploads\/2021\/05\/Igneada-Kamp-Rehberi-8.jpg","articleSection":["Gezi Rehberi"],"inLanguage":"tr","potentialAction":[{"@type":"CommentAction","name":"Comment","target":["https:\/\/geziyoo.co\/blog\/igneada-gezi-rehberi\/#respond"]}]},{"@type":"WebPage","@id":"https:\/\/geziyoo.co\/blog\/igneada-gezi-rehberi\/","url":"https:\/\/geziyoo.co\/blog\/igneada-gezi-rehberi\/","name":"\u0130\u011fneada : Nerede? Gezilecek Yerler, Kamp (G\u00fcncel 2026) | Geziyoo","isPartOf":{"@id":"https:\/\/geziyoo.co\/blog\/#website"},"primaryImageOfPage":{"@id":"https:\/\/geziyoo.co\/blog\/igneada-gezi-rehberi\/#primaryimage"},"image":{"@id":"https:\/\/geziyoo.co\/blog\/igneada-gezi-rehberi\/#primaryimage"},"thumbnailUrl":"https:\/\/geziyoo.co\/blog\/wp-content\/uploads\/2021\/05\/Igneada-Kamp-Rehberi-8.jpg","datePublished":"2021-05-15T08:39:40+00:00","dateModified":"2026-01-26T12:53:37+00:00","description":"\u0130\u011fneada Gezi Rehberi i\u00e7eri\u011fimizde \u0130\u011fneada Kamp Yerleri,\u0130\u011fneada ile ilgili nerede ,nas\u0131l gidilir gezilecek yerleri payla\u015ft\u0131k","breadcrumb":{"@id":"https:\/\/geziyoo.co\/blog\/igneada-gezi-rehberi\/#breadcrumb"},"inLanguage":"tr","potentialAction":[{"@type":"ReadAction","target":["https:\/\/geziyoo.co\/blog\/igneada-gezi-rehberi\/"]}]},{"@type":"ImageObject","inLanguage":"tr","@id":"https:\/\/geziyoo.co\/blog\/igneada-gezi-rehberi\/#primaryimage","url":"https:\/\/geziyoo.co\/blog\/wp-content\/uploads\/2021\/05\/Igneada-Kamp-Rehberi-8.jpg","contentUrl":"https:\/\/geziyoo.co\/blog\/wp-content\/uploads\/2021\/05\/Igneada-Kamp-Rehberi-8.jpg","width":800,"height":600,"caption":"\u0130\u011fneada Kamp Rehberi"},{"@type":"BreadcrumbList","@id":"https:\/\/geziyoo.co\/blog\/igneada-gezi-rehberi\/#breadcrumb","itemListElement":[{"@type":"ListItem","position":1,"name":"Ana sayfa","item":"https:\/\/geziyoo.co\/blog\/"},{"@type":"ListItem","position":2,"name":"\u0130\u011fneada : Nerede? Gezilecek Yerler, Kamp Detaylar\u0131 (G\u00fcncel 2026)"}]},{"@type":"WebSite","@id":"https:\/\/geziyoo.co\/blog\/#website","url":"https:\/\/geziyoo.co\/blog\/","name":"Geziyoo Blog","description":"GeziYoo Blog&#039;da T\u00fcrkiye&#039;nin en iyi kamp alanlar\u0131ndan bungalov tatillerine, karavan ipu\u00e7lar\u0131ndan gezi rehberlerine kadar her t\u00fcrl\u00fc do\u011fa deneyimini ke\u015ffedin.","publisher":{"@id":"https:\/\/geziyoo.co\/blog\/#organization"},"potentialAction":[{"@type":"SearchAction","target":{"@type":"EntryPoint","urlTemplate":"https:\/\/geziyoo.co\/blog\/?s={search_term_string}"},"query-input":{"@type":"PropertyValueSpecification","valueRequired":true,"valueName":"search_term_string"}}],"inLanguage":"tr"},{"@type":"Organization","@id":"https:\/\/geziyoo.co\/blog\/#organization","name":"Geziyoo.co","url":"https:\/\/geziyoo.co\/blog\/","logo":{"@type":"ImageObject","inLanguage":"tr","@id":"https:\/\/geziyoo.co\/blog\/#\/schema\/logo\/image\/","url":"https:\/\/geziyoo.co\/blog\/wp-content\/uploads\/2025\/01\/Paragraf-metniniz-3.png","contentUrl":"https:\/\/geziyoo.co\/blog\/wp-content\/uploads\/2025\/01\/Paragraf-metniniz-3.png","width":270,"height":50,"caption":"Geziyoo.co"},"image":{"@id":"https:\/\/geziyoo.co\/blog\/#\/schema\/logo\/image\/"},"sameAs":["https:\/\/www.facebook.com\/Geziyooco","https:\/\/x.com\/geziyoo","https:\/\/tr.pinterest.com\/geziyooco\/","https:\/\/www.youtube.com\/@geziyoo","https:\/\/www.instagram.com\/geziyoo.co\/"]},{"@type":"Person","@id":"https:\/\/geziyoo.co\/blog\/#\/schema\/person\/032acb2436540ed14784e7d978aef0e4","name":"Geziyoo","image":{"@type":"ImageObject","inLanguage":"tr","@id":"https:\/\/geziyoo.co\/blog\/#\/schema\/person\/image\/","url":"https:\/\/secure.gravatar.com\/avatar\/ae212a4514471fdb8cab6e5af4f3c99b940a2d0a16713ea0392c8d7c8a64f30a?s=96&d=mm&r=g","contentUrl":"https:\/\/secure.gravatar.com\/avatar\/ae212a4514471fdb8cab6e5af4f3c99b940a2d0a16713ea0392c8d7c8a64f30a?s=96&d=mm&r=g","caption":"Geziyoo"},"description":"Do\u011fa ile i\u00e7 i\u00e7e olabilece\u011finiz yerler,do\u011fa aktivite alanlar\u0131,kamp alanlar\u0131,bungalov oteller,Tiny House Oteller, Galampingler ve da\u011f evlerinin herkes i\u00e7in ula\u015f\u0131labilir olmas\u0131n\u0131 sa\u011flamak amac\u0131yla Geziyoo\u2019ya 2019 y\u0131l\u0131nda ba\u015flad\u0131k.Do\u011fal Tatil konseptini uygulayan en geni\u015f kapsaml\u0131 sitedir.","sameAs":["https:\/\/geziyoo.co\/","https:\/\/www.facebook.com\/geziyoo.co","https:\/\/www.instagram.com\/geziyoo.co\/","https:\/\/tr.pinterest.com\/geziyooco\/","https:\/\/x.com\/https:\/\/twitter.com\/geziyoo","https:\/\/www.youtube.com\/channel\/UCdiSMa6pe17KEY7DP1Ug4ag"]}]}},"amp_enabled":true,"_links":{"self":[{"href":"https:\/\/geziyoo.co\/blog\/wp-json\/wp\/v2\/posts\/6795","targetHints":{"allow":["GET"]}}],"collection":[{"href":"https:\/\/geziyoo.co\/blog\/wp-json\/wp\/v2\/posts"}],"about":[{"href":"https:\/\/geziyoo.co\/blog\/wp-json\/wp\/v2\/types\/post"}],"author":[{"embeddable":true,"href":"https:\/\/geziyoo.co\/blog\/wp-json\/wp\/v2\/users\/1"}],"replies":[{"embeddable":true,"href":"https:\/\/geziyoo.co\/blog\/wp-json\/wp\/v2\/comments?post=6795"}],"version-history":[{"count":0,"href":"https:\/\/geziyoo.co\/blog\/wp-json\/wp\/v2\/posts\/6795\/revisions"}],"wp:featuredmedia":[{"embeddable":true,"href":"https:\/\/geziyoo.co\/blog\/wp-json\/wp\/v2\/media\/6806"}],"wp:attachment":[{"href":"https:\/\/geziyoo.co\/blog\/wp-json\/wp\/v2\/media?parent=6795"}],"wp:term":[{"taxonomy":"category","embeddable":true,"href":"https:\/\/geziyoo.co\/blog\/wp-json\/wp\/v2\/categories?post=6795"},{"taxonomy":"post_tag","embeddable":true,"href":"https:\/\/geziyoo.co\/blog\/wp-json\/wp\/v2\/tags?post=6795"}],"curies":[{"name":"wp","href":"https:\/\/api.w.org\/{rel}","templated":true}]}}