{"id":5837,"date":"2020-08-15T07:56:55","date_gmt":"2020-08-15T07:56:55","guid":{"rendered":"https:\/\/geziyoo.co\/blog\/?p=5837"},"modified":"2026-02-09T09:46:00","modified_gmt":"2026-02-09T09:46:00","slug":"kamp-yaparken-neler-giyilmeli-dogada-kiyafet-secim","status":"publish","type":"post","link":"https:\/\/geziyoo.co\/blog\/kamp-yaparken-neler-giyilmeli-dogada-kiyafet-secim\/","title":{"rendered":"Kamp Yaparken Ne Giyilir? Do\u011fada Giyinme"},"content":{"rendered":"\n<p><strong>Kamp Yaparken Neler Giyilmeli , Do\u011fada K\u0131yafet Se\u00e7imi i\u00e7eri\u011fimizden herkese merhabalar.Bu i\u00e7eri\u011fimiz de kamp yaparken ve do\u011fada dola\u015f\u0131rken nas\u0131l giymeniz gerekti\u011fine dair bilgiler ve do\u011fada nas\u0131l k\u0131yafetler se\u00e7ilmeli gibi sorular\u0131n\u0131za cevap bulaca\u011f\u0131z.<\/strong><\/p>\n\n\n\n<p>Do\u011fada olmak e\u015fsiz bir haz ve mutluluk sunsada yanl\u0131\u015f tercihlerden dolay\u0131 bazen zorlu anlar ya\u015fayabiliyoruz.Bu zorluklardan bir tanesinin sebebi ise yanl\u0131\u015f k\u0131yafet se\u00e7imleridir.Di\u011fer yap\u0131lan yanl\u0131\u015f ise ayakkab\u0131 se\u00e7imleridir.Bundan dolay\u0131 <strong><em><a href=\"https:\/\/geziyoo.co\/blog\/kampta-ve-dogada-ayakkabi-secimi-nasil-olmali\/\">Kampta Ayakkab\u0131 se\u00e7imi nas\u0131l olmal\u0131<\/a><\/em><\/strong> yaz\u0131m\u0131za bir g\u00f6z at\u0131n.<\/p>\n\n\n\n<p>Bundan dolay\u0131 kamp keyfinizin ve do\u011fada dola\u015fma keyfinizin bozulmamas\u0131 i\u00e7in g\u00fczel bir i\u00e7erik haz\u0131rlad\u0131k.O halde fazla uzatmadan i\u00e7eri\u011fimize ge\u00e7elim.Bu arada sizlerde bu konuyla ilgili bilgi ve deneyimlerinizi yorumlar k\u0131sm\u0131ndan bizlerle payla\u015fabilirsiniz.Bu arada <strong><em><a href=\"https:\/\/www.youtube.com\/watch?v=C8mfTF85JZg\" class=\"rank-math-link\">BURAYA <\/a><\/em><\/strong>sizler i\u00e7in faydal\u0131 bir video b\u0131rak\u0131yoruz .O halde Kamp Yaparken Neler Giyilmeli , Do\u011fada K\u0131yafet Se\u00e7imi i\u00e7eri\u011fimize ba\u015flayal\u0131m.<\/p>\n\n\n\n<hr class=\"wp-block-separator has-css-opacity is-style-wide\"\/>\n\n\n\n<h2 class=\"wp-block-heading\">Kamp Yaparken Neler Giyilmeli , Do\u011fada K\u0131yafet Se\u00e7imi<\/h2>\n\n\n\n<figure class=\"wp-block-image size-large\"><img decoding=\"async\" width=\"1024\" height=\"683\" data-src=\"https:\/\/geziyoo.co\/blog\/wp-content\/uploads\/2020\/08\/Kamp-Yaparken-Neler-Giyilmeli-Do\u011fada-K\u0131yafet-Se\u00e7imi-1024x683.jpg\" alt=\"Kamp Yaparken Neler Giyilmeli , Do\u011fada K\u0131yafet Se\u00e7imi\" class=\"wp-image-5851 lazyload\" data-srcset=\"https:\/\/geziyoo.co\/blog\/wp-content\/uploads\/2020\/08\/Kamp-Yaparken-Neler-Giyilmeli-Do\u011fada-K\u0131yafet-Se\u00e7imi-1024x683.jpg 1024w, https:\/\/geziyoo.co\/blog\/wp-content\/uploads\/2020\/08\/Kamp-Yaparken-Neler-Giyilmeli-Do\u011fada-K\u0131yafet-Se\u00e7imi-300x200.jpg 300w, https:\/\/geziyoo.co\/blog\/wp-content\/uploads\/2020\/08\/Kamp-Yaparken-Neler-Giyilmeli-Do\u011fada-K\u0131yafet-Se\u00e7imi-768x512.jpg 768w, https:\/\/geziyoo.co\/blog\/wp-content\/uploads\/2020\/08\/Kamp-Yaparken-Neler-Giyilmeli-Do\u011fada-K\u0131yafet-Se\u00e7imi.jpg 1200w\" data-sizes=\"(max-width: 1024px) 100vw, 1024px\" src=\"data:image\/gif;base64,R0lGODlhAQABAAAAACH5BAEKAAEALAAAAAABAAEAAAICTAEAOw==\" style=\"--smush-placeholder-width: 1024px; --smush-placeholder-aspect-ratio: 1024\/683;\" \/><figcaption class=\"wp-element-caption\">Kamp Yaparken Neler Giyilmeli , Do\u011fada K\u0131yafet Se\u00e7imi<\/figcaption><\/figure>\n\n\n\n<p>Do\u011fada ve kamp yaparken yapman\u0131z ilk gereken \u015fey katmanl\u0131 giymenizdir.\u0130lk \u00f6nce giyilen ve tene direk temas eden i\u00e7 katman nemi d\u0131\u015far\u0131ya \u00e7abuk verebilecek kuma\u015flardan yap\u0131lm\u0131\u015f olmas\u0131 gerekli ve b\u00f6ylece nemin v\u00fccudumuza temas\u0131n\u0131 \u00f6nleyerek gereksiz \u0131s\u0131 kayb\u0131n\u0131 \u00f6nleyebilirsiniz. K\u0131\u015f kamplar\u0131nda mutlaka y\u00fcn ya da sentetik kuma\u015flardan yap\u0131lma i\u00e7likler giymenizi \u00e7ok ama \u00e7ok \u00f6nemli.<\/p>\n\n\n\n<p>Do\u011fa ve kamp yaparken v\u00fccudunuzu her zaman kuru ve s\u0131cak tutman\u0131z rahat\u0131n\u0131z ve sa\u011fl\u0131\u011f\u0131n\u0131z i\u00e7in \u00e7ok \u00f6nemli. Polar k\u0131yafetler iyi bir orta katman olarak de\u011ferlendirilebilir.. Orta katman\u0131n amac\u0131 \u0131s\u0131 yal\u0131t\u0131m\u0131n\u0131 sa\u011flayarak v\u00fccudumuzu s\u0131cak ve kuru tutmakt\u0131r.D\u0131\u015f katman olarak su ve r\u00fczgar ge\u00e7irmeyen ve \u0131sland\u0131\u011f\u0131nda \u00e7abuk kuruyan montlar ve k\u0131yafetler tercih etmelisiniz.. Su ve r\u00fczgar i\u00e7 katmanlar\u0131n\u0131za kesinlikle ge\u00e7memelidir.&nbsp;<strong>Goretex&nbsp;<\/strong>olarak adland\u0131r\u0131lan kuma\u015flar hem su ge\u00e7irmek hem de ayn\u0131 zamanda nefes alabilir \u00f6zellikte olmas\u0131 sebebiyle ilk tercih etmeniz kuma\u015ft\u0131r.. \u00c7\u00fcnk\u00fc hareket halindeyken olu\u015facak su buhar\u0131 d\u0131\u015f ortama at\u0131lamazsa kuma\u015f suya kar\u015f\u0131 ne kadar dayan\u0131kl\u0131 olursa olsun siz kendi terinizle i\u00e7eriden \u0131slan\u0131r ve ter so\u011fudu\u011funda \u00fc\u015f\u00fcrs\u00fcn\u00fcz. \u00d6zellikle k\u0131\u015f\u0131n \u0131slak kalmak, \u00fc\u015f\u00fcmeye ve hatta hipotermiye sebep olabilirki \u00f6l\u00fcmle bile sonu\u00e7lanabilir. Islak ko\u015fullarda kuru kalmak i\u00e7in su ge\u00e7irmezlik \u00f6zelli\u011finin yan\u0131nda mutlaka iyi <strong>\u201cnefes alabilir\u201d<\/strong> olmas\u0131na dikkat edilmelidir.<\/p>\n\n\n\n<p>Bahar ve yaz aylar\u0131nda ise g\u00fcne\u015ften koruyan ve hava alan k\u0131yafetler olmas\u0131 gerekmektedir. Bu mevsimlerde uzun kollu tercih edilmesi ile hem g\u00fcne\u015fin zararl\u0131 etkisinden korur hem de ar\u0131, sinek, b\u00f6cek gibi ha\u015feratlar\u0131n sokmalar\u0131na kar\u015f\u0131 \u00f6nlem al\u0131nm\u0131\u015f olur. Yaz\u0131n sinek ve b\u00f6ceklerden korunmak i\u00e7in se\u00e7ilen k\u0131yafetlerin rengi de \u00f6nem ta\u015f\u0131maktad\u0131r. Do\u011fa ile uyumlu toprak, a\u011fa\u00e7 tonlar\u0131 k\u0131yafetler se\u00e7ilmeli, b\u00f6ceklerin ilgisini \u00e7ekecek renkli k\u0131yafetler tercih edilmemelidir.\u00d6zellikle sar\u0131 ve beyaz renklerden uzak durulmal\u0131d\u0131r.<\/p>\n\n\n\n\n\t\t<div class=\"box shadow  alignleft\">\n\t\t\t<div class=\"box-inner-block\">\n\t\t\t\t<span class=\"fa tie-shortcode-boxicon\"><\/span>Unutmadan, 500\u2019den fazla \u00c7ad\u0131r ve Karavan Kamp yeri i\u00e7in , <strong><em><a href=\"https:\/\/geziyoo.co\/listing-category\/turkiyedeki-kamp-alanlar\/\" target=\"_blank\" rel=\"noreferrer noopener\">Kamp Alanlar\u0131 <\/a><\/em><\/strong>sayfam\u0131za bakman\u0131z\u0131 \u00f6nderiyoruz.\n\t\t\t<\/div>\n\t\t<\/div>\n\t\n\n\n\n<hr class=\"wp-block-separator has-alpha-channel-opacity is-style-wide\"\/>\n\n\n\n<h2 class=\"wp-block-heading\">Kampta giyilecek k\u0131yafetler, a\u015fa\u011f\u0131daki \u00f6zelliklere sahip olmal\u0131d\u0131r:<\/h2>\n\n\n\n<ul class=\"wp-block-list\">\n<li><strong>Rahat ve konforlu olmal\u0131d\u0131r.<\/strong>&nbsp;Kamp yaparken, uzun s\u00fcreler boyunca ayn\u0131 k\u0131yafetleri giymek zorunda kalabilirsiniz. Bu nedenle, giydi\u011finiz k\u0131yafetlerin rahat ve konforlu olmas\u0131 \u00f6nemlidir.<\/li>\n\n\n\n<li><strong>Su ge\u00e7irmez ve nefes alabilir olmal\u0131d\u0131r.<\/strong>&nbsp;Do\u011fada, ya\u011fmur, kar veya sis gibi hava ko\u015fullar\u0131na maruz kalabilirsiniz. Bu nedenle, giydi\u011finiz k\u0131yafetlerin su ge\u00e7irmez ve nefes alabilir olmas\u0131 \u00f6nemlidir.<\/li>\n\n\n\n<li><strong>Y\u0131rt\u0131lmaya ve a\u015f\u0131nmaya dayan\u0131kl\u0131 olmal\u0131d\u0131r.<\/strong>&nbsp;Do\u011fada, \u00e7al\u0131lara, ta\u015flara veya di\u011fer nesnelere \u00e7arpabilirsiniz. Bu nedenle, giydi\u011finiz k\u0131yafetlerin y\u0131rt\u0131lmaya ve a\u015f\u0131nmaya dayan\u0131kl\u0131 olmas\u0131 \u00f6nemlidir.<\/li>\n\n\n\n<li><strong>Uygun s\u0131cakl\u0131kta olmal\u0131d\u0131r.<\/strong>&nbsp;Kamp yapaca\u011f\u0131n\u0131z b\u00f6lgenin iklimini g\u00f6z \u00f6n\u00fcnde bulundurarak k\u0131yafet se\u00e7in. \u00d6rne\u011fin, so\u011fuk bir b\u00f6lgede kamp yapacaksan\u0131z, s\u0131cak k\u0131yafetler se\u00e7meniz gerekir.<\/li>\n<\/ul>\n\n\n\n<hr class=\"wp-block-separator has-alpha-channel-opacity is-style-wide\"\/>\n\n\n\n<h2 class=\"wp-block-heading\"><strong>Kampta Giyilecek K\u0131yafet Katmanlar\u0131<\/strong><\/h2>\n\n\n\n<figure class=\"wp-block-image size-full\"><img decoding=\"async\" width=\"1024\" height=\"683\" data-src=\"https:\/\/geziyoo.co\/blog\/wp-content\/uploads\/2023\/09\/Kamp-Yemekleri-Saklama-Yollari.webp\" alt=\"\" class=\"wp-image-14709 lazyload\" data-srcset=\"https:\/\/geziyoo.co\/blog\/wp-content\/uploads\/2023\/09\/Kamp-Yemekleri-Saklama-Yollari.webp 1024w, https:\/\/geziyoo.co\/blog\/wp-content\/uploads\/2023\/09\/Kamp-Yemekleri-Saklama-Yollari-300x200.webp 300w, https:\/\/geziyoo.co\/blog\/wp-content\/uploads\/2023\/09\/Kamp-Yemekleri-Saklama-Yollari-768x512.webp 768w\" data-sizes=\"(max-width: 1024px) 100vw, 1024px\" src=\"data:image\/gif;base64,R0lGODlhAQABAAAAACH5BAEKAAEALAAAAAABAAEAAAICTAEAOw==\" style=\"--smush-placeholder-width: 1024px; --smush-placeholder-aspect-ratio: 1024\/683;\" \/><\/figure>\n\n\n\n<p>Kamp yaparken, k\u0131yafetlerinizi kat kat giymek, hem konforunuzu hem de g\u00fcvenli\u011finizi art\u0131racakt\u0131r. K\u0131yafet katmanlar\u0131, s\u0131cakl\u0131\u011f\u0131n\u0131z\u0131 koruman\u0131za, terlemeyi \u00f6nlemenize ve ani hava de\u011fi\u015fimlerine uyum sa\u011flaman\u0131za yard\u0131mc\u0131 olacakt\u0131r.<\/p>\n\n\n\n<p><strong>Temel Katman:<\/strong> Temel katman, v\u00fccudunuza do\u011frudan temas eden k\u0131yafetlerdir. Temel katman, teri cildinizden uzakla\u015ft\u0131rarak, sizi kuru ve s\u0131cak tutmak i\u00e7in tasarlanm\u0131\u015ft\u0131r. Temel katman i\u00e7in, pamuklu veya sentetik malzemelerden yap\u0131lm\u0131\u015f k\u0131yafetler se\u00e7ebilirsiniz.<\/p>\n\n\n\n<p><strong>Orta Katman:<\/strong> Orta katman, temel katman\u0131 yal\u0131tmak i\u00e7in tasarlanm\u0131\u015ft\u0131r. Orta katman i\u00e7in, polar veya y\u00fcn gibi malzemelerden yap\u0131lm\u0131\u015f k\u0131yafetler se\u00e7ebilirsiniz.<\/p>\n\n\n\n<p><strong>D\u0131\u015f Katman:<\/strong> D\u0131\u015f katman, sizi r\u00fczgardan, ya\u011fmurdan ve kardan korumak i\u00e7in tasarlanm\u0131\u015ft\u0131r. D\u0131\u015f katman i\u00e7in, su ge\u00e7irmez ve nefes alabilir malzemelerden yap\u0131lm\u0131\u015f k\u0131yafetler se\u00e7ebilirsiniz.<\/p>\n\n\n\n<p><strong>\u00d6zel K\u0131yafetler<\/strong><\/p>\n\n\n\n<p>Kamp yaparken, baz\u0131 \u00f6zel k\u0131yafetler de giymeniz gerekebilir. \u00d6rne\u011fin, y\u00fcr\u00fcy\u00fc\u015f veya kayak gibi aktiviteler yapacaksan\u0131z, bu aktiviteler i\u00e7in uygun k\u0131yafetler se\u00e7meniz gerekir. Ayr\u0131ca, geceleri s\u0131cak kalmak i\u00e7in, uyku tulumu ve uyku tulumu k\u0131l\u0131f\u0131 giymeniz gerekir.<\/p>\n\n\n\n<hr class=\"wp-block-separator has-alpha-channel-opacity is-style-wide\"\/>\n\n\n\n<h2 class=\"wp-block-heading\"><strong>Kampta Giyilecek Ayakkab\u0131lar<\/strong><\/h2>\n\n\n\n<figure class=\"wp-block-image size-large\"><img decoding=\"async\" width=\"1024\" height=\"683\" data-src=\"https:\/\/geziyoo.co\/blog\/wp-content\/uploads\/2020\/08\/Kampta-ve-Do\u011fada-Ayakkab\u0131-Se\u00e7imi-Nas\u0131l-Olmal\u0131-1024x683.jpg\" alt=\"\" class=\"wp-image-5844 lazyload\" data-srcset=\"https:\/\/geziyoo.co\/blog\/wp-content\/uploads\/2020\/08\/Kampta-ve-Do\u011fada-Ayakkab\u0131-Se\u00e7imi-Nas\u0131l-Olmal\u0131-1024x683.jpg 1024w, https:\/\/geziyoo.co\/blog\/wp-content\/uploads\/2020\/08\/Kampta-ve-Do\u011fada-Ayakkab\u0131-Se\u00e7imi-Nas\u0131l-Olmal\u0131-300x200.jpg 300w, https:\/\/geziyoo.co\/blog\/wp-content\/uploads\/2020\/08\/Kampta-ve-Do\u011fada-Ayakkab\u0131-Se\u00e7imi-Nas\u0131l-Olmal\u0131-768x512.jpg 768w, https:\/\/geziyoo.co\/blog\/wp-content\/uploads\/2020\/08\/Kampta-ve-Do\u011fada-Ayakkab\u0131-Se\u00e7imi-Nas\u0131l-Olmal\u0131.jpg 1200w\" data-sizes=\"(max-width: 1024px) 100vw, 1024px\" src=\"data:image\/gif;base64,R0lGODlhAQABAAAAACH5BAEKAAEALAAAAAABAAEAAAICTAEAOw==\" style=\"--smush-placeholder-width: 1024px; --smush-placeholder-aspect-ratio: 1024\/683;\" \/><\/figure>\n\n\n\n<p>Kamp yaparken, uygun ayakkab\u0131lar giymek, hem konforunuzu hem de g\u00fcvenli\u011finizi art\u0131racakt\u0131r. Kampta giyilecek ayakkab\u0131lar, a\u015fa\u011f\u0131daki \u00f6zelliklere sahip olmal\u0131d\u0131r:<\/p>\n\n\n\n<ul class=\"wp-block-list\">\n<li><strong>Su ge\u00e7irmez ve nefes alabilir olmal\u0131d\u0131r.<\/strong>&nbsp;Kamp yaparken, ayakkab\u0131lar\u0131n\u0131z\u0131n \u0131slanmas\u0131 muhtemeldir. Bu nedenle, su ge\u00e7irmez ve nefes alabilir ayakkab\u0131lar se\u00e7mek \u00f6nemlidir.<\/li>\n\n\n\n<li><strong>Dayan\u0131kl\u0131 olmal\u0131d\u0131r.<\/strong>&nbsp;Kamp yaparken, ayakkab\u0131lar\u0131n\u0131z\u0131n engebeli zeminlerde y\u00fcr\u00fcy\u00fc\u015f yapman\u0131za, kayalara ve ta\u015flara basman\u0131za ve hatta \u00e7amurda y\u00fcr\u00fcmenize dayanabilmesi gerekir. Bu nedenle, dayan\u0131kl\u0131 ayakkab\u0131lar se\u00e7mek \u00f6nemlidir.<\/li>\n\n\n\n<li><strong>Aya\u011f\u0131n\u0131z\u0131 iyi destekleyen olmal\u0131d\u0131r.<\/strong>\u00a0Kamp yaparken, uzun y\u00fcr\u00fcy\u00fc\u015fler yapman\u0131z veya zorlu aktiviteler ger\u00e7ekle\u015ftirmeniz gerekebilir. Bu nedenle, aya\u011f\u0131n\u0131z\u0131 iyi destekleyen ayakkab\u0131lar se\u00e7mek \u00f6nemlidir.<\/li>\n<\/ul>\n\n\n\n<blockquote class=\"wp-block-quote quote-solid is-layout-flow wp-block-quote quote-solid-is-layout-flow\">\n<p><strong><em><a href=\"https:\/\/geziyoo.co\/blog\/kampta-ve-dogada-ayakkabi-secimi-nasil-olmali\/\" data-type=\"post\" data-id=\"5840\">Kampta ayakkab\u0131 se\u00e7imi nas\u0131l olmal\u0131<\/a><\/em><\/strong> sayfam\u0131za bakarak detayl\u0131 bilgilere eri\u015febilirsiniz.<\/p>\n<\/blockquote>\n\n\n\n<hr class=\"wp-block-separator has-alpha-channel-opacity is-style-wide\"\/>\n\n\n\n<h2 class=\"wp-block-heading\"><strong>Kampta K\u0131yafetlerinizin Bak\u0131m\u0131<\/strong><\/h2>\n\n\n\n<figure class=\"wp-block-image size-full\"><img decoding=\"async\" width=\"838\" height=\"555\" data-src=\"https:\/\/geziyoo.co\/blog\/wp-content\/uploads\/2022\/12\/Pamukova-Kamp-Alanlari.jpg\" alt=\"\" class=\"wp-image-10942 lazyload\" data-srcset=\"https:\/\/geziyoo.co\/blog\/wp-content\/uploads\/2022\/12\/Pamukova-Kamp-Alanlari.jpg 838w, https:\/\/geziyoo.co\/blog\/wp-content\/uploads\/2022\/12\/Pamukova-Kamp-Alanlari-300x199.jpg 300w, https:\/\/geziyoo.co\/blog\/wp-content\/uploads\/2022\/12\/Pamukova-Kamp-Alanlari-768x509.jpg 768w\" data-sizes=\"(max-width: 838px) 100vw, 838px\" src=\"data:image\/gif;base64,R0lGODlhAQABAAAAACH5BAEKAAEALAAAAAABAAEAAAICTAEAOw==\" style=\"--smush-placeholder-width: 838px; --smush-placeholder-aspect-ratio: 838\/555;\" \/><\/figure>\n\n\n\n<p>Kamp yaparken, k\u0131yafetlerinizin bak\u0131m\u0131n\u0131 yapmak, k\u0131yafetlerinizin dayan\u0131kl\u0131l\u0131\u011f\u0131n\u0131 ve konforunu koruman\u0131za yard\u0131mc\u0131 olacakt\u0131r. K\u0131yafetlerinizin bak\u0131m\u0131n\u0131 yapmak i\u00e7in a\u015fa\u011f\u0131daki ad\u0131mlar\u0131 takip edebilirsiniz:<\/p>\n\n\n\n<ul class=\"wp-block-list\">\n<li><strong>K\u0131yafetlerinizi d\u00fczenli olarak y\u0131kay\u0131n.<\/strong>&nbsp;K\u0131yafetlerinizi kirlendi\u011finde y\u0131kay\u0131n. K\u0131yafetlerinizi y\u0131karken, uygun deterjanlar kullan\u0131n.<\/li>\n\n\n\n<li><strong>K\u0131yafetlerinizi g\u00fcne\u015f \u0131\u015f\u0131\u011f\u0131nda kurutun.<\/strong>&nbsp;K\u0131yafetlerinizi g\u00fcne\u015f \u0131\u015f\u0131\u011f\u0131nda kurutun. G\u00fcne\u015f \u0131\u015f\u0131\u011f\u0131, k\u0131yafetlerinizin bakterilerden ar\u0131nd\u0131r\u0131lmas\u0131na yard\u0131mc\u0131 olacakt\u0131r.<\/li>\n\n\n\n<li><strong>K\u0131yafetlerinizi d\u00fczenli olarak kontrol edin.<\/strong>&nbsp;K\u0131yafetlerinizi d\u00fczenli olarak kontrol edin ve y\u0131rt\u0131k veya a\u015f\u0131nm\u0131\u015f olan k\u0131yafetleri de\u011fi\u015ftirin.<\/li>\n<\/ul>\n\n\n\n<p>Kampta giyece\u011finiz k\u0131yafetleri se\u00e7erken, yukar\u0131daki bilgileri g\u00f6z \u00f6n\u00fcnde bulundurarak, hem konforlu hem de g\u00fcvenli bir \u015fekilde kamp yapabilirsiniz.<\/p>\n\n\n\n<p>Kampta k\u0131yafet se\u00e7imine dair bir ka\u00e7 bilgiyi sizlerle payla\u015ft\u0131k.Umar\u0131m sizlere faydal\u0131 olmu\u015ftur.Bu i\u00e7eri\u011fimizi sevdiyseniz<strong><em><a href=\"https:\/\/geziyoo.co\/blog\/ilk-kez-kamp-yapacaklara-tavsiyeler\/\" target=\"_blank\" rel=\"noreferrer noopener\"> \u0130lk Kez Kamp Yapacaklara Tavsiyeler <\/a><\/em><\/strong>i\u00e7eri\u011fimize de bir g\u00f6z atabilirsiniz.Ba\u015fka i\u00e7eriklerde g\u00f6r\u00fc\u015fmek dile\u011fiyle ho\u015f\u00e7akal\u0131n&#8230;<\/p>\n\n\n\n<hr class=\"wp-block-separator has-css-opacity is-style-wide\"\/>\n\n\n\n<h3 class=\"wp-block-heading\">Bunlar\u0131 da Sevebilirsiniz;<\/h3>\n\n\n<ul class=\"wp-block-latest-posts__list wp-block-latest-posts\"><li><a class=\"wp-block-latest-posts__post-title\" href=\"https:\/\/geziyoo.co\/blog\/ates-yakarken-yapilan-7-buyuk-hata-ve-tehlikeleri\/\">Ate\u015f Yakarken Yap\u0131lan 7 B\u00fcy\u00fck Hata ve Tehlikeleri<\/a><\/li>\n<li><a class=\"wp-block-latest-posts__post-title\" href=\"https:\/\/geziyoo.co\/blog\/kamp-yemegi-menusu-olusturucu-7-gun-3-ogun\/\">Kamp Yeme\u011fi Men\u00fcs\u00fc Olu\u015fturucu, 7 G\u00fcn 3 \u00d6\u011f\u00fcn<\/a><\/li>\n<li><a class=\"wp-block-latest-posts__post-title\" href=\"https:\/\/geziyoo.co\/blog\/dogada-hayatta-nasil-kalinir\/\">Do\u011fada Hayatta Nas\u0131l Kal\u0131n\u0131r? 10 Hayatta Kalma \u0130pucu<\/a><\/li>\n<\/ul>\n\n\n<p><\/p>\n","protected":false},"excerpt":{"rendered":"<p>Kamp Yaparken Neler Giyilmeli , Do\u011fada K\u0131yafet Se\u00e7imi i\u00e7eri\u011fimizden herkese merhabalar.Bu i\u00e7eri\u011fimiz de kamp yaparken ve do\u011fada dola\u015f\u0131rken nas\u0131l giymeniz gerekti\u011fine dair bilgiler ve do\u011fada nas\u0131l k\u0131yafetler se\u00e7ilmeli gibi sorular\u0131n\u0131za cevap bulaca\u011f\u0131z. Do\u011fada olmak e\u015fsiz bir haz ve mutluluk sunsada yanl\u0131\u015f tercihlerden dolay\u0131 bazen zorlu anlar ya\u015fayabiliyoruz.Bu zorluklardan bir tanesinin sebebi ise yanl\u0131\u015f k\u0131yafet se\u00e7imleridir.Di\u011fer &hellip;<\/p>\n","protected":false},"author":1,"featured_media":5851,"comment_status":"open","ping_status":"open","sticky":false,"template":"","format":"standard","meta":{"footnotes":""},"categories":[589,21,24],"tags":[],"class_list":["post-5837","post","type-post","status-publish","format-standard","has-post-thumbnail","hentry","category-kamp1","category-kamp-kamp-onerileri","category-kamp-kamp-malzemeleri"],"yoast_head":"<!-- This site is optimized with the Yoast SEO plugin v26.9 - https:\/\/yoast.com\/product\/yoast-seo-wordpress\/ -->\n<title>Kamp Yaparken Ne Giyilir? Do\u011fada Giyinme | Geziyoo<\/title>\n<meta name=\"description\" content=\"Kamp Yaparken Neler Giyilmeli , Do\u011fada K\u0131yafet Se\u00e7imi sayfas\u0131nda Do\u011fada ve kampta neler giyilmeli gibi cevaplar bulunmakta.\" \/>\n<meta name=\"robots\" content=\"index, follow, max-snippet:-1, max-image-preview:large, max-video-preview:-1\" \/>\n<link rel=\"canonical\" href=\"http:\/\/geziyoo.co\/blog\/kamp-yaparken-neler-giyilmeli-dogada-kiyafet-secim\/\" \/>\n<meta property=\"og:locale\" content=\"tr_TR\" \/>\n<meta property=\"og:type\" content=\"article\" \/>\n<meta property=\"og:title\" content=\"Kamp Yaparken Ne Giyilir? Do\u011fada Giyinme | Geziyoo\" \/>\n<meta property=\"og:description\" content=\"Kamp Yaparken Neler Giyilmeli , Do\u011fada K\u0131yafet Se\u00e7imi sayfas\u0131nda Do\u011fada ve kampta neler giyilmeli gibi cevaplar bulunmakta.\" \/>\n<meta property=\"og:url\" content=\"http:\/\/geziyoo.co\/blog\/kamp-yaparken-neler-giyilmeli-dogada-kiyafet-secim\/\" \/>\n<meta property=\"og:site_name\" content=\"Geziyoo.co\" \/>\n<meta property=\"article:publisher\" content=\"https:\/\/www.facebook.com\/Geziyooco\" \/>\n<meta property=\"article:author\" content=\"https:\/\/www.facebook.com\/geziyoo.co\" \/>\n<meta property=\"article:published_time\" content=\"2020-08-15T07:56:55+00:00\" \/>\n<meta property=\"article:modified_time\" content=\"2026-02-09T09:46:00+00:00\" \/>\n<meta property=\"og:image\" content=\"http:\/\/geziyoo.co\/blog\/wp-content\/uploads\/2020\/08\/Kamp-Yaparken-Neler-Giyilmeli-Do\u011fada-K\u0131yafet-Se\u00e7imi.jpg\" \/>\n\t<meta property=\"og:image:width\" content=\"1200\" \/>\n\t<meta property=\"og:image:height\" content=\"800\" \/>\n\t<meta property=\"og:image:type\" content=\"image\/jpeg\" \/>\n<meta name=\"author\" content=\"Geziyoo\" \/>\n<meta name=\"twitter:card\" content=\"summary_large_image\" \/>\n<meta name=\"twitter:creator\" content=\"@https:\/\/twitter.com\/geziyoo\" \/>\n<meta name=\"twitter:site\" content=\"@geziyoo\" \/>\n<meta name=\"twitter:label1\" content=\"Yazan:\" \/>\n\t<meta name=\"twitter:data1\" content=\"Geziyoo\" \/>\n\t<meta name=\"twitter:label2\" content=\"Tahmini okuma s\u00fcresi\" \/>\n\t<meta name=\"twitter:data2\" content=\"7 dakika\" \/>\n<script type=\"application\/ld+json\" class=\"yoast-schema-graph\">{\"@context\":\"https:\/\/schema.org\",\"@graph\":[{\"@type\":\"Article\",\"@id\":\"http:\/\/geziyoo.co\/blog\/kamp-yaparken-neler-giyilmeli-dogada-kiyafet-secim\/#article\",\"isPartOf\":{\"@id\":\"http:\/\/geziyoo.co\/blog\/kamp-yaparken-neler-giyilmeli-dogada-kiyafet-secim\/\"},\"author\":{\"name\":\"Geziyoo\",\"@id\":\"https:\/\/geziyoo.co\/blog\/#\/schema\/person\/032acb2436540ed14784e7d978aef0e4\"},\"headline\":\"Kamp Yaparken Ne Giyilir? Do\u011fada Giyinme\",\"datePublished\":\"2020-08-15T07:56:55+00:00\",\"dateModified\":\"2026-02-09T09:46:00+00:00\",\"mainEntityOfPage\":{\"@id\":\"http:\/\/geziyoo.co\/blog\/kamp-yaparken-neler-giyilmeli-dogada-kiyafet-secim\/\"},\"wordCount\":1307,\"commentCount\":0,\"publisher\":{\"@id\":\"https:\/\/geziyoo.co\/blog\/#organization\"},\"image\":{\"@id\":\"http:\/\/geziyoo.co\/blog\/kamp-yaparken-neler-giyilmeli-dogada-kiyafet-secim\/#primaryimage\"},\"thumbnailUrl\":\"https:\/\/geziyoo.co\/blog\/wp-content\/uploads\/2020\/08\/Kamp-Yaparken-Neler-Giyilmeli-Do\u011fada-K\u0131yafet-Se\u00e7imi.jpg\",\"articleSection\":[\"Kamp\",\"Kamp \u0130pu\u00e7lar\u0131\",\"Kamp Malzemeleri\"],\"inLanguage\":\"tr\",\"potentialAction\":[{\"@type\":\"CommentAction\",\"name\":\"Comment\",\"target\":[\"http:\/\/geziyoo.co\/blog\/kamp-yaparken-neler-giyilmeli-dogada-kiyafet-secim\/#respond\"]}]},{\"@type\":\"WebPage\",\"@id\":\"http:\/\/geziyoo.co\/blog\/kamp-yaparken-neler-giyilmeli-dogada-kiyafet-secim\/\",\"url\":\"http:\/\/geziyoo.co\/blog\/kamp-yaparken-neler-giyilmeli-dogada-kiyafet-secim\/\",\"name\":\"Kamp Yaparken Ne Giyilir? Do\u011fada Giyinme | Geziyoo\",\"isPartOf\":{\"@id\":\"https:\/\/geziyoo.co\/blog\/#website\"},\"primaryImageOfPage\":{\"@id\":\"http:\/\/geziyoo.co\/blog\/kamp-yaparken-neler-giyilmeli-dogada-kiyafet-secim\/#primaryimage\"},\"image\":{\"@id\":\"http:\/\/geziyoo.co\/blog\/kamp-yaparken-neler-giyilmeli-dogada-kiyafet-secim\/#primaryimage\"},\"thumbnailUrl\":\"https:\/\/geziyoo.co\/blog\/wp-content\/uploads\/2020\/08\/Kamp-Yaparken-Neler-Giyilmeli-Do\u011fada-K\u0131yafet-Se\u00e7imi.jpg\",\"datePublished\":\"2020-08-15T07:56:55+00:00\",\"dateModified\":\"2026-02-09T09:46:00+00:00\",\"description\":\"Kamp Yaparken Neler Giyilmeli , Do\u011fada K\u0131yafet Se\u00e7imi sayfas\u0131nda Do\u011fada ve kampta neler giyilmeli gibi cevaplar bulunmakta.\",\"breadcrumb\":{\"@id\":\"http:\/\/geziyoo.co\/blog\/kamp-yaparken-neler-giyilmeli-dogada-kiyafet-secim\/#breadcrumb\"},\"inLanguage\":\"tr\",\"potentialAction\":[{\"@type\":\"ReadAction\",\"target\":[\"http:\/\/geziyoo.co\/blog\/kamp-yaparken-neler-giyilmeli-dogada-kiyafet-secim\/\"]}]},{\"@type\":\"ImageObject\",\"inLanguage\":\"tr\",\"@id\":\"http:\/\/geziyoo.co\/blog\/kamp-yaparken-neler-giyilmeli-dogada-kiyafet-secim\/#primaryimage\",\"url\":\"https:\/\/geziyoo.co\/blog\/wp-content\/uploads\/2020\/08\/Kamp-Yaparken-Neler-Giyilmeli-Do\u011fada-K\u0131yafet-Se\u00e7imi.jpg\",\"contentUrl\":\"https:\/\/geziyoo.co\/blog\/wp-content\/uploads\/2020\/08\/Kamp-Yaparken-Neler-Giyilmeli-Do\u011fada-K\u0131yafet-Se\u00e7imi.jpg\",\"width\":1200,\"height\":800},{\"@type\":\"BreadcrumbList\",\"@id\":\"http:\/\/geziyoo.co\/blog\/kamp-yaparken-neler-giyilmeli-dogada-kiyafet-secim\/#breadcrumb\",\"itemListElement\":[{\"@type\":\"ListItem\",\"position\":1,\"name\":\"Ana sayfa\",\"item\":\"https:\/\/geziyoo.co\/blog\/\"},{\"@type\":\"ListItem\",\"position\":2,\"name\":\"Kamp Yaparken Ne Giyilir? Do\u011fada Giyinme\"}]},{\"@type\":\"WebSite\",\"@id\":\"https:\/\/geziyoo.co\/blog\/#website\",\"url\":\"https:\/\/geziyoo.co\/blog\/\",\"name\":\"Geziyoo Blog\",\"description\":\"GeziYoo Blog&#039;da T\u00fcrkiye&#039;nin en iyi kamp alanlar\u0131ndan bungalov tatillerine, karavan ipu\u00e7lar\u0131ndan gezi rehberlerine kadar her t\u00fcrl\u00fc do\u011fa deneyimini ke\u015ffedin.\",\"publisher\":{\"@id\":\"https:\/\/geziyoo.co\/blog\/#organization\"},\"potentialAction\":[{\"@type\":\"SearchAction\",\"target\":{\"@type\":\"EntryPoint\",\"urlTemplate\":\"https:\/\/geziyoo.co\/blog\/?s={search_term_string}\"},\"query-input\":{\"@type\":\"PropertyValueSpecification\",\"valueRequired\":true,\"valueName\":\"search_term_string\"}}],\"inLanguage\":\"tr\"},{\"@type\":\"Organization\",\"@id\":\"https:\/\/geziyoo.co\/blog\/#organization\",\"name\":\"Geziyoo.co\",\"url\":\"https:\/\/geziyoo.co\/blog\/\",\"logo\":{\"@type\":\"ImageObject\",\"inLanguage\":\"tr\",\"@id\":\"https:\/\/geziyoo.co\/blog\/#\/schema\/logo\/image\/\",\"url\":\"https:\/\/geziyoo.co\/blog\/wp-content\/uploads\/2025\/01\/Paragraf-metniniz-3.png\",\"contentUrl\":\"https:\/\/geziyoo.co\/blog\/wp-content\/uploads\/2025\/01\/Paragraf-metniniz-3.png\",\"width\":270,\"height\":50,\"caption\":\"Geziyoo.co\"},\"image\":{\"@id\":\"https:\/\/geziyoo.co\/blog\/#\/schema\/logo\/image\/\"},\"sameAs\":[\"https:\/\/www.facebook.com\/Geziyooco\",\"https:\/\/x.com\/geziyoo\",\"https:\/\/tr.pinterest.com\/geziyooco\/\",\"https:\/\/www.youtube.com\/@geziyoo\",\"https:\/\/www.instagram.com\/geziyoo.co\/\"]},{\"@type\":\"Person\",\"@id\":\"https:\/\/geziyoo.co\/blog\/#\/schema\/person\/032acb2436540ed14784e7d978aef0e4\",\"name\":\"Geziyoo\",\"image\":{\"@type\":\"ImageObject\",\"inLanguage\":\"tr\",\"@id\":\"https:\/\/geziyoo.co\/blog\/#\/schema\/person\/image\/\",\"url\":\"https:\/\/secure.gravatar.com\/avatar\/ae212a4514471fdb8cab6e5af4f3c99b940a2d0a16713ea0392c8d7c8a64f30a?s=96&d=mm&r=g\",\"contentUrl\":\"https:\/\/secure.gravatar.com\/avatar\/ae212a4514471fdb8cab6e5af4f3c99b940a2d0a16713ea0392c8d7c8a64f30a?s=96&d=mm&r=g\",\"caption\":\"Geziyoo\"},\"description\":\"Do\u011fa ile i\u00e7 i\u00e7e olabilece\u011finiz yerler,do\u011fa aktivite alanlar\u0131,kamp alanlar\u0131,bungalov oteller,Tiny House Oteller, Galampingler ve da\u011f evlerinin herkes i\u00e7in ula\u015f\u0131labilir olmas\u0131n\u0131 sa\u011flamak amac\u0131yla Geziyoo\u2019ya 2019 y\u0131l\u0131nda ba\u015flad\u0131k.Do\u011fal Tatil konseptini uygulayan en geni\u015f kapsaml\u0131 sitedir.\",\"sameAs\":[\"https:\/\/geziyoo.co\/\",\"https:\/\/www.facebook.com\/geziyoo.co\",\"https:\/\/www.instagram.com\/geziyoo.co\/\",\"https:\/\/tr.pinterest.com\/geziyooco\/\",\"https:\/\/x.com\/https:\/\/twitter.com\/geziyoo\",\"https:\/\/www.youtube.com\/channel\/UCdiSMa6pe17KEY7DP1Ug4ag\"]}]}<\/script>\n<!-- \/ Yoast SEO plugin. -->","yoast_head_json":{"title":"Kamp Yaparken Ne Giyilir? Do\u011fada Giyinme | Geziyoo","description":"Kamp Yaparken Neler Giyilmeli , Do\u011fada K\u0131yafet Se\u00e7imi sayfas\u0131nda Do\u011fada ve kampta neler giyilmeli gibi cevaplar bulunmakta.","robots":{"index":"index","follow":"follow","max-snippet":"max-snippet:-1","max-image-preview":"max-image-preview:large","max-video-preview":"max-video-preview:-1"},"canonical":"http:\/\/geziyoo.co\/blog\/kamp-yaparken-neler-giyilmeli-dogada-kiyafet-secim\/","og_locale":"tr_TR","og_type":"article","og_title":"Kamp Yaparken Ne Giyilir? Do\u011fada Giyinme | Geziyoo","og_description":"Kamp Yaparken Neler Giyilmeli , Do\u011fada K\u0131yafet Se\u00e7imi sayfas\u0131nda Do\u011fada ve kampta neler giyilmeli gibi cevaplar bulunmakta.","og_url":"http:\/\/geziyoo.co\/blog\/kamp-yaparken-neler-giyilmeli-dogada-kiyafet-secim\/","og_site_name":"Geziyoo.co","article_publisher":"https:\/\/www.facebook.com\/Geziyooco","article_author":"https:\/\/www.facebook.com\/geziyoo.co","article_published_time":"2020-08-15T07:56:55+00:00","article_modified_time":"2026-02-09T09:46:00+00:00","og_image":[{"width":1200,"height":800,"url":"http:\/\/geziyoo.co\/blog\/wp-content\/uploads\/2020\/08\/Kamp-Yaparken-Neler-Giyilmeli-Do\u011fada-K\u0131yafet-Se\u00e7imi.jpg","type":"image\/jpeg"}],"author":"Geziyoo","twitter_card":"summary_large_image","twitter_creator":"@https:\/\/twitter.com\/geziyoo","twitter_site":"@geziyoo","twitter_misc":{"Yazan:":"Geziyoo","Tahmini okuma s\u00fcresi":"7 dakika"},"schema":{"@context":"https:\/\/schema.org","@graph":[{"@type":"Article","@id":"http:\/\/geziyoo.co\/blog\/kamp-yaparken-neler-giyilmeli-dogada-kiyafet-secim\/#article","isPartOf":{"@id":"http:\/\/geziyoo.co\/blog\/kamp-yaparken-neler-giyilmeli-dogada-kiyafet-secim\/"},"author":{"name":"Geziyoo","@id":"https:\/\/geziyoo.co\/blog\/#\/schema\/person\/032acb2436540ed14784e7d978aef0e4"},"headline":"Kamp Yaparken Ne Giyilir? Do\u011fada Giyinme","datePublished":"2020-08-15T07:56:55+00:00","dateModified":"2026-02-09T09:46:00+00:00","mainEntityOfPage":{"@id":"http:\/\/geziyoo.co\/blog\/kamp-yaparken-neler-giyilmeli-dogada-kiyafet-secim\/"},"wordCount":1307,"commentCount":0,"publisher":{"@id":"https:\/\/geziyoo.co\/blog\/#organization"},"image":{"@id":"http:\/\/geziyoo.co\/blog\/kamp-yaparken-neler-giyilmeli-dogada-kiyafet-secim\/#primaryimage"},"thumbnailUrl":"https:\/\/geziyoo.co\/blog\/wp-content\/uploads\/2020\/08\/Kamp-Yaparken-Neler-Giyilmeli-Do\u011fada-K\u0131yafet-Se\u00e7imi.jpg","articleSection":["Kamp","Kamp \u0130pu\u00e7lar\u0131","Kamp Malzemeleri"],"inLanguage":"tr","potentialAction":[{"@type":"CommentAction","name":"Comment","target":["http:\/\/geziyoo.co\/blog\/kamp-yaparken-neler-giyilmeli-dogada-kiyafet-secim\/#respond"]}]},{"@type":"WebPage","@id":"http:\/\/geziyoo.co\/blog\/kamp-yaparken-neler-giyilmeli-dogada-kiyafet-secim\/","url":"http:\/\/geziyoo.co\/blog\/kamp-yaparken-neler-giyilmeli-dogada-kiyafet-secim\/","name":"Kamp Yaparken Ne Giyilir? Do\u011fada Giyinme | Geziyoo","isPartOf":{"@id":"https:\/\/geziyoo.co\/blog\/#website"},"primaryImageOfPage":{"@id":"http:\/\/geziyoo.co\/blog\/kamp-yaparken-neler-giyilmeli-dogada-kiyafet-secim\/#primaryimage"},"image":{"@id":"http:\/\/geziyoo.co\/blog\/kamp-yaparken-neler-giyilmeli-dogada-kiyafet-secim\/#primaryimage"},"thumbnailUrl":"https:\/\/geziyoo.co\/blog\/wp-content\/uploads\/2020\/08\/Kamp-Yaparken-Neler-Giyilmeli-Do\u011fada-K\u0131yafet-Se\u00e7imi.jpg","datePublished":"2020-08-15T07:56:55+00:00","dateModified":"2026-02-09T09:46:00+00:00","description":"Kamp Yaparken Neler Giyilmeli , Do\u011fada K\u0131yafet Se\u00e7imi sayfas\u0131nda Do\u011fada ve kampta neler giyilmeli gibi cevaplar bulunmakta.","breadcrumb":{"@id":"http:\/\/geziyoo.co\/blog\/kamp-yaparken-neler-giyilmeli-dogada-kiyafet-secim\/#breadcrumb"},"inLanguage":"tr","potentialAction":[{"@type":"ReadAction","target":["http:\/\/geziyoo.co\/blog\/kamp-yaparken-neler-giyilmeli-dogada-kiyafet-secim\/"]}]},{"@type":"ImageObject","inLanguage":"tr","@id":"http:\/\/geziyoo.co\/blog\/kamp-yaparken-neler-giyilmeli-dogada-kiyafet-secim\/#primaryimage","url":"https:\/\/geziyoo.co\/blog\/wp-content\/uploads\/2020\/08\/Kamp-Yaparken-Neler-Giyilmeli-Do\u011fada-K\u0131yafet-Se\u00e7imi.jpg","contentUrl":"https:\/\/geziyoo.co\/blog\/wp-content\/uploads\/2020\/08\/Kamp-Yaparken-Neler-Giyilmeli-Do\u011fada-K\u0131yafet-Se\u00e7imi.jpg","width":1200,"height":800},{"@type":"BreadcrumbList","@id":"http:\/\/geziyoo.co\/blog\/kamp-yaparken-neler-giyilmeli-dogada-kiyafet-secim\/#breadcrumb","itemListElement":[{"@type":"ListItem","position":1,"name":"Ana sayfa","item":"https:\/\/geziyoo.co\/blog\/"},{"@type":"ListItem","position":2,"name":"Kamp Yaparken Ne Giyilir? Do\u011fada Giyinme"}]},{"@type":"WebSite","@id":"https:\/\/geziyoo.co\/blog\/#website","url":"https:\/\/geziyoo.co\/blog\/","name":"Geziyoo Blog","description":"GeziYoo Blog&#039;da T\u00fcrkiye&#039;nin en iyi kamp alanlar\u0131ndan bungalov tatillerine, karavan ipu\u00e7lar\u0131ndan gezi rehberlerine kadar her t\u00fcrl\u00fc do\u011fa deneyimini ke\u015ffedin.","publisher":{"@id":"https:\/\/geziyoo.co\/blog\/#organization"},"potentialAction":[{"@type":"SearchAction","target":{"@type":"EntryPoint","urlTemplate":"https:\/\/geziyoo.co\/blog\/?s={search_term_string}"},"query-input":{"@type":"PropertyValueSpecification","valueRequired":true,"valueName":"search_term_string"}}],"inLanguage":"tr"},{"@type":"Organization","@id":"https:\/\/geziyoo.co\/blog\/#organization","name":"Geziyoo.co","url":"https:\/\/geziyoo.co\/blog\/","logo":{"@type":"ImageObject","inLanguage":"tr","@id":"https:\/\/geziyoo.co\/blog\/#\/schema\/logo\/image\/","url":"https:\/\/geziyoo.co\/blog\/wp-content\/uploads\/2025\/01\/Paragraf-metniniz-3.png","contentUrl":"https:\/\/geziyoo.co\/blog\/wp-content\/uploads\/2025\/01\/Paragraf-metniniz-3.png","width":270,"height":50,"caption":"Geziyoo.co"},"image":{"@id":"https:\/\/geziyoo.co\/blog\/#\/schema\/logo\/image\/"},"sameAs":["https:\/\/www.facebook.com\/Geziyooco","https:\/\/x.com\/geziyoo","https:\/\/tr.pinterest.com\/geziyooco\/","https:\/\/www.youtube.com\/@geziyoo","https:\/\/www.instagram.com\/geziyoo.co\/"]},{"@type":"Person","@id":"https:\/\/geziyoo.co\/blog\/#\/schema\/person\/032acb2436540ed14784e7d978aef0e4","name":"Geziyoo","image":{"@type":"ImageObject","inLanguage":"tr","@id":"https:\/\/geziyoo.co\/blog\/#\/schema\/person\/image\/","url":"https:\/\/secure.gravatar.com\/avatar\/ae212a4514471fdb8cab6e5af4f3c99b940a2d0a16713ea0392c8d7c8a64f30a?s=96&d=mm&r=g","contentUrl":"https:\/\/secure.gravatar.com\/avatar\/ae212a4514471fdb8cab6e5af4f3c99b940a2d0a16713ea0392c8d7c8a64f30a?s=96&d=mm&r=g","caption":"Geziyoo"},"description":"Do\u011fa ile i\u00e7 i\u00e7e olabilece\u011finiz yerler,do\u011fa aktivite alanlar\u0131,kamp alanlar\u0131,bungalov oteller,Tiny House Oteller, Galampingler ve da\u011f evlerinin herkes i\u00e7in ula\u015f\u0131labilir olmas\u0131n\u0131 sa\u011flamak amac\u0131yla Geziyoo\u2019ya 2019 y\u0131l\u0131nda ba\u015flad\u0131k.Do\u011fal Tatil konseptini uygulayan en geni\u015f kapsaml\u0131 sitedir.","sameAs":["https:\/\/geziyoo.co\/","https:\/\/www.facebook.com\/geziyoo.co","https:\/\/www.instagram.com\/geziyoo.co\/","https:\/\/tr.pinterest.com\/geziyooco\/","https:\/\/x.com\/https:\/\/twitter.com\/geziyoo","https:\/\/www.youtube.com\/channel\/UCdiSMa6pe17KEY7DP1Ug4ag"]}]}},"amp_enabled":true,"_links":{"self":[{"href":"https:\/\/geziyoo.co\/blog\/wp-json\/wp\/v2\/posts\/5837","targetHints":{"allow":["GET"]}}],"collection":[{"href":"https:\/\/geziyoo.co\/blog\/wp-json\/wp\/v2\/posts"}],"about":[{"href":"https:\/\/geziyoo.co\/blog\/wp-json\/wp\/v2\/types\/post"}],"author":[{"embeddable":true,"href":"https:\/\/geziyoo.co\/blog\/wp-json\/wp\/v2\/users\/1"}],"replies":[{"embeddable":true,"href":"https:\/\/geziyoo.co\/blog\/wp-json\/wp\/v2\/comments?post=5837"}],"version-history":[{"count":1,"href":"https:\/\/geziyoo.co\/blog\/wp-json\/wp\/v2\/posts\/5837\/revisions"}],"predecessor-version":[{"id":24373,"href":"https:\/\/geziyoo.co\/blog\/wp-json\/wp\/v2\/posts\/5837\/revisions\/24373"}],"wp:featuredmedia":[{"embeddable":true,"href":"https:\/\/geziyoo.co\/blog\/wp-json\/wp\/v2\/media\/5851"}],"wp:attachment":[{"href":"https:\/\/geziyoo.co\/blog\/wp-json\/wp\/v2\/media?parent=5837"}],"wp:term":[{"taxonomy":"category","embeddable":true,"href":"https:\/\/geziyoo.co\/blog\/wp-json\/wp\/v2\/categories?post=5837"},{"taxonomy":"post_tag","embeddable":true,"href":"https:\/\/geziyoo.co\/blog\/wp-json\/wp\/v2\/tags?post=5837"}],"curies":[{"name":"wp","href":"https:\/\/api.w.org\/{rel}","templated":true}]}}