{"id":5615,"date":"2020-05-10T07:55:15","date_gmt":"2020-05-10T07:55:15","guid":{"rendered":"https:\/\/geziyoo.co\/blog\/?p=5615"},"modified":"2025-12-23T13:33:00","modified_gmt":"2025-12-23T13:33:00","slug":"karavan-kiralama-hakkinda-bilinmesi-gerekenler","status":"publish","type":"post","link":"https:\/\/geziyoo.co\/blog\/karavan-kiralama-hakkinda-bilinmesi-gerekenler\/","title":{"rendered":"Karavan Kiralama : Nas\u0131l ve Nereden Kiralan\u0131r? 2026 Kiralam Fiyatlar\u0131"},"content":{"rendered":"\n<p><strong>Karavan Kiralama Hakk\u0131nda Bilinmesi Gerekenler i\u00e7eri\u011fimizden herkese merhabalar. Bu i\u00e7eri\u011fimizde Karavan Kiralama ile ilgili t\u00fcm detaylara yer verdik.<\/strong><\/p>\n\n\n\n<p><strong>\u0130\u00e7eri\u011fimizde Nas\u0131l Karavan kiralayabilece\u011finizi.2026 y\u0131l\u0131 karavan kiralama \u00fccretlerini ve bilinmesi gereken t\u00fcm detaylara yer verdik.<\/strong><\/p>\n\n\n\n<p>\u0130nsanlar art\u0131k 5 y\u0131ld\u0131zl\u0131 standart tatil anlay\u0131\u015f\u0131ndan s\u0131k\u0131ld\u0131lar ve alternatifler aramaktad\u0131rlar.Bizde buradan yola \u00e7\u0131kt\u0131k ve sizler i\u00e7in T\u00fcrkiye&#8217;de Karavan Kiralayan Firmalar\u0131 derledik.<\/p>\n\n\n\n<p>Karavanlar, \u00f6zg\u00fcrce seyahat etmek ve do\u011fayla i\u00e7 i\u00e7e olmak isteyenler i\u00e7in ideal bir se\u00e7enektir. T\u00fcrkiye&#8217;nin do\u011fal g\u00fczelliklerini ke\u015ffetmek ve unutulmaz bir tatil deneyimi ya\u015famak isteyenler i\u00e7in karavan kiralama hizmetleri b\u00fcy\u00fck bir avantaj sa\u011flamaktad\u0131r.<\/p>\n\n\n\n<p>T\u00fcrkiye genelinde bir\u00e7ok karavan kiralama firmas\u0131 ve internet sitesi bulunmaktad\u0131r. \u0130\u015fte T\u00fcrkiye&#8217;de karavan kiralayan baz\u0131 firmalar ve siteler:<\/p>\n\n\n\n<p>\u00dclkemizde yeni yeni geli\u015fen bir sekt\u00f6r oldu\u011fu i\u00e7in \u00e7ok fazla firma veya \u015firket yok.Fakat yinede \u00fcz\u00fclmeyin 5-6 tane g\u00fcvenilir firma var.Bu arada <strong><em><a href=\"https:\/\/geziyoo.co\/blog\/karavan-ureten-ve-yapan-firmalar\/\">Karavan \u00dcreten Firmalar<\/a><\/em><\/strong> i\u00e7eri\u011fimiz ilginizi \u00e7ekebilir.<\/p>\n\n\n\n\n\t\t<div class=\"box info  alignleft\">\n\t\t\t<div class=\"box-inner-block\">\n\t\t\t\t<span class=\"fa tie-shortcode-boxicon\"><\/span>Unutmadan, 500\u2019den fazla \u00c7ad\u0131r ve Karavan Kamp yeri i\u00e7in , <a href=\"https:\/\/geziyoo.co\/?select=Karavan+Kamp%C4%B1&amp;lp_s_loc=&amp;lp_s_tag=&amp;lp_s_cat=229&amp;s=home&amp;post_type=listing\"><em><strong>Karavan Alanlar\u0131<\/strong> <\/em><\/a>sayfam\u0131za bakman\u0131z\u0131 \u00f6neriyoruz.\n\t\t\t<\/div>\n\t\t<\/div>\n\t\n\n\n\n<hr class=\"wp-block-separator has-css-opacity is-style-wide\"\/>\n\n\n\n<h2 class=\"wp-block-heading\">Karavan Kiralayan Firmalar ve \u015eirketler<\/h2>\n\n\n\n<p>\u0130\u00e7eri\u011fimizin ilk ve en \u00f6nemli mevzusu tabiki karavan kiralaman\u0131n nereden nas\u0131l yap\u0131ld\u0131\u011f\u0131d\u0131r.Bu b\u00f6l\u00fcmde karavan kiralayan firmalara yer verdik.Detayl\u0131 bilgiler i\u00e7in <strong><em><a href=\"https:\/\/geziyoo.co\/blog\/karavan-kiralayan-firmalar-ve-internet-siteler\/\" data-type=\"post\" data-id=\"13591\">Karavan Kiralayan Firmalar ve Siteler<\/a><\/em><\/strong> sayfam\u0131za g\u00f6z atabilirsiniz.<\/p>\n\n\n\n<h3 class=\"wp-block-heading\">1.Saly Karavan<\/h3>\n\n\n\n<figure class=\"wp-block-image size-large\"><img decoding=\"async\" width=\"1024\" height=\"683\" data-src=\"https:\/\/geziyoo.co\/blog\/wp-content\/uploads\/2020\/03\/Ormanya-Karavan-ve-Kamp-Alan\u0131-1-scaled-1-1024x683.jpg\" alt=\"Karavan Kiralama Hakk\u0131nda Bilinmesi Gerekenler\" class=\"wp-image-4346 lazyload\" data-srcset=\"https:\/\/geziyoo.co\/blog\/wp-content\/uploads\/2020\/03\/Ormanya-Karavan-ve-Kamp-Alan\u0131-1-scaled-1-1024x683.jpg 1024w, https:\/\/geziyoo.co\/blog\/wp-content\/uploads\/2020\/03\/Ormanya-Karavan-ve-Kamp-Alan\u0131-1-scaled-1-300x200.jpg 300w, https:\/\/geziyoo.co\/blog\/wp-content\/uploads\/2020\/03\/Ormanya-Karavan-ve-Kamp-Alan\u0131-1-scaled-1-768x512.jpg 768w, https:\/\/geziyoo.co\/blog\/wp-content\/uploads\/2020\/03\/Ormanya-Karavan-ve-Kamp-Alan\u0131-1-scaled-1-1536x1024.jpg 1536w, https:\/\/geziyoo.co\/blog\/wp-content\/uploads\/2020\/03\/Ormanya-Karavan-ve-Kamp-Alan\u0131-1-scaled-1-2048x1366.jpg 2048w, https:\/\/geziyoo.co\/blog\/wp-content\/uploads\/2020\/03\/Ormanya-Karavan-ve-Kamp-Alan\u0131-1-scaled-1.jpg 1200w\" data-sizes=\"(max-width: 1024px) 100vw, 1024px\" src=\"data:image\/gif;base64,R0lGODlhAQABAAAAACH5BAEKAAEALAAAAAABAAEAAAICTAEAOw==\" style=\"--smush-placeholder-width: 1024px; --smush-placeholder-aspect-ratio: 1024\/683;\" \/><figcaption class=\"wp-element-caption\">Karavan Kiralama Hakk\u0131nda Bilinmesi Gerekenler<\/figcaption><\/figure>\n\n\n\n<p>Karavan Kiralayan Firmalar ve \u015eirketler listemizde ilk s\u0131rada hem Karavan \u00dcreten hem de kiralayan firma olan Saly Karavan var.Motokaravan hem de Camper tipi karavan kiralaman\u0131z m\u00fcmk\u00fcn.<\/p>\n\n\n\n\n\t\t<div class=\"lightbulb tie-list-shortcode\">\n<ul>\n<li><strong>Adres:<\/strong>Yukar\u0131 Kirazca Mah. Eski\u015fehir Cad. No:375 \/ Sakarya<\/li>\n<li><strong>Telefon:<\/strong> 0 264 319 30 49 &#8211; 50 &#8211; 51<\/li>\n<li><strong>\u0130nternet Sitesi:<\/strong> http:\/\/www.saly.com.tr\/tr\/<\/li>\n<li><strong>Konum Bilgisi:<\/strong> <a href=\"https:\/\/www.google.com\/maps?ll=40.679389,30.365861&amp;z=15&amp;t=m&amp;hl=tr-TR&amp;gl=US&amp;mapclient=embed\" target=\"_blank\" rel=\"noopener noreferrer\"><em><strong>KONUM<\/strong> <\/em><\/a>ba\u011flant\u0131s\u0131na <em><strong>T\u0131klay\u0131n<\/strong><\/em><\/li>\n<\/ul>\n\n\t\t<\/div>\n\t\n\n\n\n<hr class=\"wp-block-separator has-css-opacity is-style-wide\"\/>\n\n\n\n<h3 class=\"wp-block-heading\">2.Casavan Karavan<\/h3>\n\n\n\n<figure class=\"wp-block-image size-large\"><img decoding=\"async\" width=\"1024\" height=\"683\" data-src=\"https:\/\/geziyoo.co\/blog\/wp-content\/uploads\/2020\/03\/Karavan-\u00c7e\u015fitleri-2-1024x683.jpeg\" alt=\"\" class=\"wp-image-4446 lazyload\" data-srcset=\"https:\/\/geziyoo.co\/blog\/wp-content\/uploads\/2020\/03\/Karavan-\u00c7e\u015fitleri-2-1024x683.jpeg 1024w, https:\/\/geziyoo.co\/blog\/wp-content\/uploads\/2020\/03\/Karavan-\u00c7e\u015fitleri-2-300x200.jpeg 300w, https:\/\/geziyoo.co\/blog\/wp-content\/uploads\/2020\/03\/Karavan-\u00c7e\u015fitleri-2-768x512.jpeg 768w, https:\/\/geziyoo.co\/blog\/wp-content\/uploads\/2020\/03\/Karavan-\u00c7e\u015fitleri-2.jpeg 1200w\" data-sizes=\"(max-width: 1024px) 100vw, 1024px\" src=\"data:image\/gif;base64,R0lGODlhAQABAAAAACH5BAEKAAEALAAAAAABAAEAAAICTAEAOw==\" style=\"--smush-placeholder-width: 1024px; --smush-placeholder-aspect-ratio: 1024\/683;\" \/><\/figure>\n\n\n\n<p>Karavan kiralayabilece\u011finiz bir di\u011fer firma ise Casavan Karavand\u0131r. ALKOVEN SPORT , ALKOVEN SPORT PLUS ve CAMPER tipi karavan kiralaman\u0131z m\u00fcmk\u00fcn.<\/p>\n\n\n\n\n\t\t<div class=\"lightbulb tie-list-shortcode\">\n<ul>\n<li><strong>Adres:<\/strong>G\u00f6ztepe Mah.Bent Cad.No:56 Anadoluhisar\u0131 Beykoz &#8211; \u0130stanbul<\/li>\n<li><strong>Telefon:<\/strong> <span style=\"color: #003300;\"><a class=\"tel\" style=\"color: #003300;\"><span id=\"TelefonUst\">+90 543 8112019<\/span><\/a><\/span><\/li>\n<li><strong>\u0130nternet Sitesi:<\/strong> http:\/\/www.casavan.com\/tr\/Default.aspx<\/li>\n<li><strong>Konum Bilgisi:<\/strong> <a href=\"https:\/\/goo.gl\/maps\/14FK4stb1PHETxYK7\" target=\"_blank\" rel=\"noopener noreferrer\"><em><strong>KONUM<\/strong> <\/em><\/a>ba\u011flant\u0131s\u0131na <em><strong>T\u0131klay\u0131n<\/strong><\/em><\/li>\n<\/ul>\n\n\t\t<\/div>\n\t\n\n\n\n<hr class=\"wp-block-separator has-css-opacity is-style-wide\"\/>\n\n\n\n<h3 class=\"wp-block-heading\">3.Naz Karavan <\/h3>\n\n\n\n<figure class=\"wp-block-image size-large\"><img decoding=\"async\" width=\"750\" height=\"750\" data-src=\"https:\/\/geziyoo.co\/blog\/wp-content\/uploads\/2020\/03\/Karavan-\u00c7e\u015fitleri-1.jpg\" alt=\"\" class=\"wp-image-4443 lazyload\" data-srcset=\"https:\/\/geziyoo.co\/blog\/wp-content\/uploads\/2020\/03\/Karavan-\u00c7e\u015fitleri-1.jpg 750w, https:\/\/geziyoo.co\/blog\/wp-content\/uploads\/2020\/03\/Karavan-\u00c7e\u015fitleri-1-300x300.jpg 300w, https:\/\/geziyoo.co\/blog\/wp-content\/uploads\/2020\/03\/Karavan-\u00c7e\u015fitleri-1-150x150.jpg 150w\" data-sizes=\"(max-width: 750px) 100vw, 750px\" src=\"data:image\/gif;base64,R0lGODlhAQABAAAAACH5BAEKAAEALAAAAAABAAEAAAICTAEAOw==\" style=\"--smush-placeholder-width: 750px; --smush-placeholder-aspect-ratio: 750\/750;\" \/><\/figure>\n\n\n\n<p>\u0130stanbul merkezli Naz Karavan, 10 y\u0131l\u0131 a\u015fk\u0131n s\u00fcredir kiralama hizmeti sunan bir firmad\u0131r. Karavan kiralamak i\u00e7in Naz Karavan&#8217;dan en az 2 y\u0131ll\u0131k B s\u0131n\u0131f\u0131 ehliyet sahibi olman\u0131z yeterlidir.<\/p>\n\n\n\n<p>Naz Karavan, minimum 5 g\u00fcnl\u00fck kiralama s\u00fcresiyle karavan kiralamak isteyenlere hizmet vermektedir.<\/p>\n\n\n\n\n\t\t<div class=\"lightbulb tie-list-shortcode\">\n<ul>\n<li><strong><strong>Adres: <\/strong><\/strong>Caddebostan Mh. Sar\u0131g\u00fcl Sokak no:27\/B KADIK\u00d6Y \/\u0130STANBUL<\/li>\n<li><strong>Telefon:<\/strong> <strong>0555 206 02 20<\/strong><\/li>\n<li><strong>\u0130nternet Sitesi:<\/strong> https:\/\/nazkaravan.com\/<\/li>\n<li><strong>Konum Bilgisi:<\/strong> <a href=\"https:\/\/www.google.com\/maps?ll=40.968698,29.063491&amp;z=16&amp;t=m&amp;hl=tr-TR&amp;gl=TR&amp;mapclient=embed&amp;cid=15480719376560703172\" target=\"_blank\" rel=\"noopener noreferrer\"><em><strong>KONUM<\/strong> <\/em><\/a>ba\u011flant\u0131s\u0131na <em><strong>T\u0131klay\u0131n<\/strong><\/em><\/li>\n<\/ul>\n\n\t\t<\/div>\n\t\n\n\n\n<hr class=\"wp-block-separator has-css-opacity is-style-wide\"\/>\n\n\n\n<h3 class=\"wp-block-heading\">4.Avis<\/h3>\n\n\n\n<figure class=\"wp-block-image size-large\"><img decoding=\"async\" width=\"754\" height=\"476\" data-src=\"https:\/\/geziyoo.co\/blog\/wp-content\/uploads\/2020\/03\/Karavan-\u00c7e\u015fitleri-3.jpg\" alt=\"\" class=\"wp-image-4441 lazyload\" data-srcset=\"https:\/\/geziyoo.co\/blog\/wp-content\/uploads\/2020\/03\/Karavan-\u00c7e\u015fitleri-3.jpg 754w, https:\/\/geziyoo.co\/blog\/wp-content\/uploads\/2020\/03\/Karavan-\u00c7e\u015fitleri-3-300x189.jpg 300w\" data-sizes=\"(max-width: 754px) 100vw, 754px\" src=\"data:image\/gif;base64,R0lGODlhAQABAAAAACH5BAEKAAEALAAAAAABAAEAAAICTAEAOw==\" style=\"--smush-placeholder-width: 754px; --smush-placeholder-aspect-ratio: 754\/476;\" \/><\/figure>\n\n\n\n<p>T\u00fcrkiye&#8217;de uzun zamand\u0131r faaliyet de olan AV\u0130S art\u0131k karavan kiralamada da yard\u0131mc\u0131 oluyorlar.Tek yapman\u0131z gereken siteye girip bilgilerinizi b\u0131rakmak.Ard\u0131ndan size d\u00f6n\u00fc\u015f yap\u0131yorlar ve karavan ile ilgili detaylar\u0131 veriyorlar<\/p>\n\n\n\n\n\t\t<div class=\"lightbulb tie-list-shortcode\">\n<ul>\n<li><strong>Adres:<\/strong>AVIS T\u00fcrkiye Ayd\u0131nevler Mah. Sayg\u0131 Cad.No: 60 34854 K\u00fc\u00e7\u00fckyal\u0131 \/ \u0130stanbul<\/li>\n<li><strong>Telefon:<\/strong> 444 28 47<\/li>\n<li><strong>\u0130nternet Sitesi:<\/strong> https:\/\/www.avis.com.tr\/arac-kiralama-kampanyalari\/avis-karavan-kiralama<\/li>\n<li><strong>Konum Bilgisi:<\/strong> <a href=\"https:\/\/www.google.com\/maps?ll=40.952858,29.124664&amp;z=16&amp;t=m&amp;hl=tr-TR&amp;gl=US&amp;mapclient=embed&amp;cid=18153170906419966650\" target=\"_blank\" rel=\"noopener noreferrer\"><em><strong>KONUM<\/strong> <\/em><\/a>ba\u011flant\u0131s\u0131na <em><strong>T\u0131klay\u0131n<\/strong><\/em><\/li>\n<\/ul>\n\n\t\t<\/div>\n\t\n\n\n\n<hr class=\"wp-block-separator has-css-opacity is-style-wide\"\/>\n\n\n\n<h3 class=\"wp-block-heading\">5.Letsgo Camper<\/h3>\n\n\n\n<figure class=\"wp-block-image size-large\"><img decoding=\"async\" width=\"780\" height=\"520\" data-src=\"https:\/\/geziyoo.co\/blog\/wp-content\/uploads\/2020\/03\/Kravan-\u00c7e\u015fitleri.jpg\" alt=\"\" class=\"wp-image-4445 lazyload\" data-srcset=\"https:\/\/geziyoo.co\/blog\/wp-content\/uploads\/2020\/03\/Kravan-\u00c7e\u015fitleri.jpg 780w, https:\/\/geziyoo.co\/blog\/wp-content\/uploads\/2020\/03\/Kravan-\u00c7e\u015fitleri-300x200.jpg 300w, https:\/\/geziyoo.co\/blog\/wp-content\/uploads\/2020\/03\/Kravan-\u00c7e\u015fitleri-768x512.jpg 768w\" data-sizes=\"(max-width: 780px) 100vw, 780px\" src=\"data:image\/gif;base64,R0lGODlhAQABAAAAACH5BAEKAAEALAAAAAABAAEAAAICTAEAOw==\" style=\"--smush-placeholder-width: 780px; --smush-placeholder-aspect-ratio: 780\/520;\" \/><\/figure>\n\n\n\n<p>Karavan Kiralayan Firmalar ve \u015eirketler i\u00e7eri\u011fimizin \u015fimdilik son firmas\u0131 Lets Go Camper firmas\u0131. Firma <strong>COMFORT<\/strong> ,<strong>COMFORT PLUS<\/strong> , <strong>COMFORT PREMIUM<\/strong> 3 farkl\u0131 modeli kiral\u0131yor.<\/p>\n\n\n\n\n\t\t<div class=\"lightbulb tie-list-shortcode\">\n<ul>\n<li><strong>Adres:<\/strong>Yesilbahce Mah. 1473 Sok. No:3 07160 Muratpasa\/Antalya<\/li>\n<li><strong>Telefon:+90 242 316 08 30<\/strong><\/li>\n<li><strong>\u0130nternet Sitesi:<\/strong> https:\/\/www.letsgocamper.com\/index_tr.asp<\/li>\n<li><strong>Konum Bilgisi:<\/strong> <a href=\"https:\/\/www.google.com\/maps?ll=36.866516,30.729378&amp;z=16&amp;t=m&amp;hl=tr&amp;gl=US&amp;mapclient=embed&amp;cid=5810122010887210263\" target=\"_blank\" rel=\"noopener noreferrer\"><em><strong>KONUM<\/strong> <\/em><\/a>ba\u011flant\u0131s\u0131na <em><strong>T\u0131klay\u0131n<\/strong><\/em><\/li>\n<\/ul>\n\n\t\t<\/div>\n\t\n\n\n\n<hr class=\"wp-block-separator has-css-opacity is-style-wide\"\/>\n\n\n\n<h3 class=\"wp-block-heading\">6.Lotus Karavan<\/h3>\n\n\n\n<figure class=\"wp-block-image size-large\"><img decoding=\"async\" width=\"960\" height=\"638\" data-src=\"https:\/\/geziyoo.co\/blog\/wp-content\/uploads\/2023\/05\/Motokaravan-Hakkinda-Nedir-Ozellikleri-Ipuclari-3.jpg\" alt=\"\" class=\"wp-image-12915 lazyload\" data-srcset=\"https:\/\/geziyoo.co\/blog\/wp-content\/uploads\/2023\/05\/Motokaravan-Hakkinda-Nedir-Ozellikleri-Ipuclari-3.jpg 960w, https:\/\/geziyoo.co\/blog\/wp-content\/uploads\/2023\/05\/Motokaravan-Hakkinda-Nedir-Ozellikleri-Ipuclari-3-300x199.jpg 300w, https:\/\/geziyoo.co\/blog\/wp-content\/uploads\/2023\/05\/Motokaravan-Hakkinda-Nedir-Ozellikleri-Ipuclari-3-768x510.jpg 768w\" data-sizes=\"(max-width: 960px) 100vw, 960px\" src=\"data:image\/gif;base64,R0lGODlhAQABAAAAACH5BAEKAAEALAAAAAABAAEAAAICTAEAOw==\" style=\"--smush-placeholder-width: 960px; --smush-placeholder-aspect-ratio: 960\/638;\" \/><\/figure>\n\n\n\n<p>Fiat Ducato model karavanlardan olu\u015fan Lotus Karavan, \u0130stanbul merkezli bir firmad\u0131r. Karavanlar, arka g\u00f6r\u00fc\u015f kameras\u0131, wc, du\u015f, ocak ve di\u011fer standart t\u00fcm imkanlarla donat\u0131lm\u0131\u015ft\u0131r. Lotus Karavan, en az 6 g\u00fcnl\u00fck kiralama s\u00fcresi ve 5 y\u0131ll\u0131k B s\u0131n\u0131f\u0131 ehliyet \u015fart\u0131yla hizmet vermektedir.<\/p>\n\n\n\n<hr class=\"wp-block-separator has-css-opacity is-style-wide\"\/>\n\n\n\n<ul class=\"wp-block-list\">\n<li><strong>Adres:<\/strong>Merkezefendi, G-53. Sk. No:19, 34015 Zeytinburnu\/\u0130stanbul<\/li>\n\n\n\n<li><strong>Telefon:<\/strong>&nbsp;&nbsp;0553 979 37 38<\/li>\n\n\n\n<li><strong>\u0130nternet Sitesi:<\/strong>&nbsp;https:\/\/www.lotuskaravankiralama.com\/<\/li>\n<\/ul>\n\n\n\n<hr class=\"wp-block-separator has-alpha-channel-opacity is-style-wide\"\/>\n\n\n\n<blockquote class=\"wp-block-quote quote-solid is-layout-flow wp-block-quote quote-solid-is-layout-flow\">\n<p>Geziyoo.co&#8217;nunda \u00e7ekme karavan\u0131 oldu\u011funu biliyormuydunuz?\u00c7ekme karavan\u0131m\u0131z\u0131 g\u00f6rmek ve \u00e7ekti\u011fimiz e\u011flenceli videolar i\u00e7in <strong>INSTAGRAM<\/strong> hesab\u0131m\u0131z\u0131 takip etmenizi rica ediyoruz.<strong><em><a href=\"https:\/\/www.instagram.com\/geziyoo.co\/\" target=\"_blank\" rel=\"noreferrer noopener\">TAK\u0130P ET&gt;&gt;&gt;<\/a><\/em><\/strong><\/p>\n<\/blockquote>\n\n\n\n<hr class=\"wp-block-separator has-css-opacity is-style-wide\"\/>\n\n\n\n<h2 class=\"wp-block-heading\">Karavan kiralamada dikkat edilmesi gereken hususlar<\/h2>\n\n\n\n<figure class=\"wp-block-image size-large\"><img decoding=\"async\" width=\"780\" height=\"470\" data-src=\"https:\/\/geziyoo.co\/blog\/wp-content\/uploads\/2023\/05\/Motokaravan-Hakkinda-Nedir-Ozellikleri-Ipuclari-7.jpg\" alt=\"\" class=\"wp-image-12910 lazyload\" data-srcset=\"https:\/\/geziyoo.co\/blog\/wp-content\/uploads\/2023\/05\/Motokaravan-Hakkinda-Nedir-Ozellikleri-Ipuclari-7.jpg 780w, https:\/\/geziyoo.co\/blog\/wp-content\/uploads\/2023\/05\/Motokaravan-Hakkinda-Nedir-Ozellikleri-Ipuclari-7-300x181.jpg 300w, https:\/\/geziyoo.co\/blog\/wp-content\/uploads\/2023\/05\/Motokaravan-Hakkinda-Nedir-Ozellikleri-Ipuclari-7-768x463.jpg 768w\" data-sizes=\"(max-width: 780px) 100vw, 780px\" src=\"data:image\/gif;base64,R0lGODlhAQABAAAAACH5BAEKAAEALAAAAAABAAEAAAICTAEAOw==\" style=\"--smush-placeholder-width: 780px; --smush-placeholder-aspect-ratio: 780\/470;\" \/><\/figure>\n\n\n\n<p>Karavan kiralamak heyecan verici bir deneyim olabilir, ancak baz\u0131 \u00f6nemli hususlara dikkat etmek \u00f6nemlidir. \u0130\u015fte karavan kiralamada dikkat edilmesi gereken baz\u0131 \u00f6nemli noktalar:<\/p>\n\n\n\n<ul class=\"wp-block-list\">\n<li><strong>Ara\u015ft\u0131rma yap\u0131n:<\/strong> Karavan kiralamadan \u00f6nce farkl\u0131 firmalar\u0131 ve siteleri ara\u015ft\u0131r\u0131n. Fiyatlar\u0131, ara\u00e7 se\u00e7eneklerini, kiralama ko\u015fullar\u0131n\u0131 ve m\u00fc\u015fteri yorumlar\u0131n\u0131 kar\u015f\u0131la\u015ft\u0131rarak en uygun se\u00e7ene\u011fi belirleyin.<\/li>\n\n\n\n<li><strong>Karavan\u0131n \u00f6zelliklerini kontrol edin:<\/strong> Kiralayaca\u011f\u0131n\u0131z karavan\u0131n \u00f6zelliklerini dikkatlice inceleyin. Ara\u00e7 kapasitesi, yatak say\u0131s\u0131, tuvalet ve du\u015f gibi temel gereksinimlerin yan\u0131 s\u0131ra mutfak ekipmanlar\u0131, \u0131s\u0131tma\/so\u011futma sistemleri gibi detaylar\u0131 da g\u00f6zden ge\u00e7irin. \u0130htiya\u00e7lar\u0131n\u0131za ve seyahat plan\u0131n\u0131za uygun bir karavan se\u00e7ti\u011finizden emin olun.<\/li>\n\n\n\n<li><strong>Sigorta ve g\u00fcvence se\u00e7eneklerini kontrol edin:<\/strong> Kiralama i\u015flemi s\u0131ras\u0131nda karavan\u0131n sigorta ve g\u00fcvence ko\u015fullar\u0131n\u0131 iyice anlay\u0131n. Kasko sigortas\u0131, h\u0131rs\u0131zl\u0131k sigortas\u0131 ve yol yard\u0131m\u0131 gibi se\u00e7eneklerin sunulup sunulmad\u0131\u011f\u0131n\u0131 kontrol edin. Ayr\u0131ca, depozito ve hasar ko\u015fullar\u0131n\u0131 da dikkatlice okuyun.<\/li>\n\n\n\n<li><strong>Rezervasyon ve kiralama ko\u015fullar\u0131n\u0131 anlay\u0131n:<\/strong> Rezervasyon s\u00fcreci, kiralama s\u00fcresi, teslim alma ve iade prosed\u00fcrleri gibi kiralama ko\u015fullar\u0131n\u0131 tam olarak anlad\u0131\u011f\u0131n\u0131zdan emin olun. Ge\u00e7erli kimlik belgelerini, s\u00fcr\u00fcc\u00fc ehliyetini ve \u00f6deme ko\u015fullar\u0131n\u0131z\u0131 kontrol edin. Ayr\u0131ca, kilometre s\u0131n\u0131rlamalar\u0131, yak\u0131t politikalar\u0131 ve ekstra \u00fccretler gibi detaylar\u0131 da g\u00f6zden ge\u00e7irin.<\/li>\n\n\n\n<li><strong>Ara\u00e7 durumunu kontrol edin: <\/strong>Karavan\u0131 teslim ald\u0131\u011f\u0131n\u0131zda arac\u0131n genel durumunu ve temizli\u011fini kontrol edin. Ara\u00e7ta herhangi bir hasar veya eksiklik varsa, bunlar\u0131 kiralama \u015firketiyle kaydedin ve belgeleyin. Bu, kiralama sonunda herhangi bir anla\u015fmazl\u0131k ya\u015fanmamas\u0131 i\u00e7in \u00f6nemlidir.<\/li>\n\n\n\n<li><strong>S\u00fcr\u00fc\u015f talimatlar\u0131n\u0131 al\u0131n: <\/strong>Karavan\u0131 kullanmadan \u00f6nce kiralama \u015firketinden s\u00fcr\u00fc\u015f talimatlar\u0131 al\u0131n. Karavan\u0131n boyutlar\u0131na ve s\u00fcr\u00fc\u015f \u00f6zelliklerine al\u0131\u015fmak i\u00e7in gerekli bilgileri edinin. Park etme, d\u00f6n\u00fc\u015f yapma ve yak\u0131t ikmali gibi konular\u0131 anlamak i\u00e7in gerekli e\u011fitimi al\u0131n.<\/li>\n\n\n\n<li><strong>Acil durumlar i\u00e7in ileti\u015fim bilgilerini al\u0131n: <\/strong>Kiralama \u015firketinin acil durumlar i\u00e7in ileti\u015fim bilgilerini al\u0131n. Yolculuk s\u0131ras\u0131nda karavanla ilgili herhangi bir sorun ya\u015farsan\u0131z veya acil bir durumla kar\u015f\u0131la\u015f\u0131rsan\u0131z, \u015firketle ileti\u015fime ge\u00e7mek i\u00e7in gerekli numaralar\u0131 ve ileti\u015fim bilgilerini haz\u0131r bulundurun.<\/li>\n\n\n\n<li><strong>Rotalar ve kamp alanlar\u0131 hakk\u0131nda bilgi edinin: <\/strong>Seyahat rotan\u0131z\u0131 belirlerken, planlad\u0131\u011f\u0131n\u0131z kamp alanlar\u0131 ve karavan parklar\u0131 hakk\u0131nda bilgi edinin. Bu alanlar\u0131n konumlar\u0131, olanaklar\u0131, rezervasyon gereklilikleri ve m\u00fcsaitlik durumlar\u0131 hakk\u0131nda bilgi sahibi olman\u0131z \u00f6nemlidir. Ayr\u0131ca, karavan\u0131n\u0131z\u0131n boyutlar\u0131na uygun park yerlerinin bulundu\u011fu yerleri tercih etmeye dikkat edin.<strong><em><a href=\"https:\/\/geziyoo.co\/listing-category\/turkiye-karavan-alanlari-ve-parklari\/\">T\u00dcRK\u0130YEDEK\u0130 KARAVAN KAMP ALANLARI<\/a><\/em><\/strong> sayfam\u0131za bak\u0131n.<\/li>\n\n\n\n<li><strong>Yak\u0131t ve su ikmali konular\u0131n\u0131 planlay\u0131n:<\/strong> Karavan\u0131n\u0131z\u0131n yak\u0131t ve su ihtiya\u00e7lar\u0131n\u0131 g\u00f6z \u00f6n\u00fcnde bulundurarak seyahat plan\u0131n\u0131z\u0131 yap\u0131n. Yolculuk s\u0131ras\u0131nda karavan\u0131n\u0131z\u0131n yak\u0131t seviyesini d\u00fczenli olarak kontrol edin ve gerekli ikmalleri yap\u0131n. Ayr\u0131ca, su ikmali noktalar\u0131n\u0131n bulundu\u011fu yerleri \u00f6nceden ara\u015ft\u0131r\u0131n ve seyahat plan\u0131n\u0131z\u0131 buna g\u00f6re ayarlay\u0131n.<\/li>\n\n\n\n<li><strong>Temizlik ve d\u00fczeni koruyun:<\/strong> Karavan\u0131 kiralarken, temizlik ve d\u00fczen konusunda sorumluluklar\u0131n\u0131z\u0131 anlay\u0131n. Karavan\u0131 teslim ald\u0131\u011f\u0131n\u0131zda temiz ve d\u00fczenli bir \u015fekilde almakla y\u00fck\u00fcml\u00fcs\u00fcn\u00fcz ve ayn\u0131 \u015fekilde iade etmelisiniz. Yolculuk s\u0131ras\u0131nda d\u00fczenli olarak temizlik yap\u0131n ve \u00e7evreye sayg\u0131l\u0131 bir \u015fekilde hareket edin.<\/li>\n\n\n\n<li><strong>Kullanma k\u0131lavuzunu dikkatlice okuyun:<\/strong> Kiralad\u0131\u011f\u0131n\u0131z karavan\u0131n kullanma k\u0131lavuzunu dikkatlice okuyun. Karavan\u0131n i\u015fleyi\u015fini, g\u00fcvenlik \u00f6nlemlerini ve kullan\u0131m talimatlar\u0131n\u0131 anlamak \u00f6nemlidir. Elektrik, su, \u0131s\u0131tma ve so\u011futma sistemleri gibi temel fonksiyonlar\u0131 do\u011fru bir \u015fekilde kullanmak i\u00e7in k\u0131lavuzu takip edin.<\/li>\n\n\n\n<li><strong>Geri iade prosed\u00fcrlerini takip edin: <\/strong>Karavan\u0131 kiralama s\u00fcresi sona erdi\u011finde, geri iade prosed\u00fcrlerini takip edin. Karavan\u0131 belirlenen s\u00fcrede ve ko\u015fullara uygun \u015fekilde iade edin. Hasar tespiti ve varsa yak\u0131t seviyesi kontrol\u00fc gibi gereklilikleri yerine getirin.<\/li>\n<\/ul>\n\n\n\n<hr class=\"wp-block-separator has-css-opacity is-style-wide\"\/>\n\n\n\n<h2 class=\"wp-block-heading\">2025 Karavan Kiralama Fiyatlar\u0131<\/h2>\n\n\n\n<figure class=\"wp-block-image size-large\"><img decoding=\"async\" width=\"1024\" height=\"536\" data-src=\"https:\/\/geziyoo.co\/blog\/wp-content\/uploads\/2023\/04\/Tiny-House-Evlerde-Her-Mevsim-Yasanir-mi-1024x536.jpg\" alt=\"\" class=\"wp-image-12595 lazyload\" data-srcset=\"https:\/\/geziyoo.co\/blog\/wp-content\/uploads\/2023\/04\/Tiny-House-Evlerde-Her-Mevsim-Yasanir-mi-1024x536.jpg 1024w, https:\/\/geziyoo.co\/blog\/wp-content\/uploads\/2023\/04\/Tiny-House-Evlerde-Her-Mevsim-Yasanir-mi-300x157.jpg 300w, https:\/\/geziyoo.co\/blog\/wp-content\/uploads\/2023\/04\/Tiny-House-Evlerde-Her-Mevsim-Yasanir-mi-768x402.jpg 768w, https:\/\/geziyoo.co\/blog\/wp-content\/uploads\/2023\/04\/Tiny-House-Evlerde-Her-Mevsim-Yasanir-mi.jpg 1200w\" data-sizes=\"(max-width: 1024px) 100vw, 1024px\" src=\"data:image\/gif;base64,R0lGODlhAQABAAAAACH5BAEKAAEALAAAAAABAAEAAAICTAEAOw==\" style=\"--smush-placeholder-width: 1024px; --smush-placeholder-aspect-ratio: 1024\/536;\" \/><\/figure>\n\n\n\n<p><strong>2025 y\u0131l\u0131na ili\u015fkin verilere g\u00f6re, karavan kiralama fiyatlar\u0131 genellikle 1.200 TL ile 2800 TL aras\u0131nda de\u011fi\u015fmektedir.<\/strong> Bu fiyatlar, karavan kiralama firmalar\u0131 ve se\u00e7ilen karavan\u0131n \u00f6zelliklerine g\u00f6re de\u011fi\u015fiklik g\u00f6sterebilir. G\u00fcnl\u00fck kiralama \u015fart\u0131, karavan kiralama firmalar\u0131 taraf\u0131ndan belirlenen minimum kiralama s\u00fcresidir. Yani, bir\u00e7ok firma en az 2 g\u00fcn veya daha fazla s\u00fcreyle karavan kiralaman\u0131z\u0131 talep etmektedir.<\/p>\n\n\n\n<figure class=\"wp-block-table\"><table><tbody><tr><td><strong>Segment<\/strong><\/td><td><strong>G\u00fcnl\u00fck \u015eart\u0131<\/strong><\/td><td><strong>Ortalama Fiyat\u0131 \/ G\u00fcnl\u00fck<\/strong><\/td><\/tr><tr><td>D\u00fc\u015f\u00fck segment<\/td><td>Min.1-2 g\u00fcn<\/td><td>1200 &#8211; 1500 TL<\/td><\/tr><tr><td>Orta segment<\/td><td>Min 1-2 g\u00fcn<\/td><td>1.500 &#8211; 2000 TL<\/td><\/tr><tr><td>Y\u00fcksek segment<\/td><td>Min. 2-3 g\u00fcn<\/td><td>2000 &#8211; 2800 TL<\/td><\/tr><\/tbody><\/table><\/figure>\n\n\n\n<p>* Depozito, teminat veya sigorta gibi \u00fccretleri de unutmay\u0131n.<\/p>\n\n\n\n<hr class=\"wp-block-separator has-css-opacity is-style-wide\"\/>\n\n\n\n<h3 class=\"wp-block-heading\">2025 Y\u0131l\u0131 Motokaravan Kiralama Fiyatlar\u0131<\/h3>\n\n\n\n<p>\u00dclkemizde \u00e7ekme karavan kiralama hizmetiyle ilgili iki farkl\u0131 se\u00e7enek bulunmaktad\u0131r. \u0130lk se\u00e7enek, sadece \u00e7ekme karavan\u0131n kiralanmas\u0131d\u0131r. Bu durumda, karavan\u0131 \u00e7ekecek ara\u00e7 sizin \u015fahsi arac\u0131n\u0131z olmal\u0131d\u0131r. Di\u011fer bir se\u00e7enek ise ara\u00e7 ile birlikte \u00e7ekme karavan\u0131n kiralanmas\u0131d\u0131r. Bu durumda, size temin edilen \u00e7ekme karavan\u0131, arac\u0131n\u0131z\u0131n motor g\u00fcc\u00fc ve torkuyla zorlanmadan kullanabilirsiniz.<\/p>\n\n\n\n<p><strong>\u00c7ekme karavanlar\u0131n fiyatlar\u0131, ara\u00e7s\u0131z kiralama i\u00e7in genellikle ortalama 1.100 TL ile 2000 TL aras\u0131nda de\u011fi\u015fmektedir. Ara\u00e7l\u0131 \u00e7ekme karavan kiralama durumunda ise fiyatlar genellikle 1600 TL ile 3000 TL aras\u0131nda de\u011fi\u015fmektedir. <\/strong>Fiyatlar, karavan\u0131n \u00f6zelliklerine, kiralama s\u00fcresine, sezonluk de\u011fi\u015fikliklere ve firmalara g\u00f6re de\u011fi\u015febilir. Bu nedenle, g\u00fcncel fiyatlar\u0131 \u00f6\u011frenmek i\u00e7in karavan kiralama firmalar\u0131yla ileti\u015fime ge\u00e7mek \u00f6nerilir.<\/p>\n\n\n\n<p>Son d\u00f6nemlerde g\u00fcn\u00fcbirlik karavan kiralamak zorla\u015fm\u0131\u015f olsa da, baz\u0131 firmalarda h\u00e2l\u00e2 bu se\u00e7ene\u011fi bulmak m\u00fcmk\u00fcnd\u00fcr. Fiyatlar, firmadan firmaya ve y\u0131ldan y\u0131la de\u011fi\u015febilir, bu nedenle g\u00fcncel fiyatlar\u0131 do\u011frulamak i\u00e7in ilgili firmalarla ileti\u015fime ge\u00e7mek \u00f6nemlidir.<\/p>\n\n\n\n<hr class=\"wp-block-separator has-css-opacity is-style-wide\"\/>\n\n\n\n<h2 class=\"wp-block-heading\">Karavan nas\u0131l kiralan\u0131r?<\/h2>\n\n\n\n<figure class=\"wp-block-image size-large\"><img decoding=\"async\" width=\"1024\" height=\"683\" data-src=\"https:\/\/geziyoo.co\/blog\/wp-content\/uploads\/2023\/05\/Karavan-Tentesi-Cesitleri-ve-Fiyatlari-1-1024x683.jpg\" alt=\"\" class=\"wp-image-12799 lazyload\" data-srcset=\"https:\/\/geziyoo.co\/blog\/wp-content\/uploads\/2023\/05\/Karavan-Tentesi-Cesitleri-ve-Fiyatlari-1-1024x683.jpg 1024w, https:\/\/geziyoo.co\/blog\/wp-content\/uploads\/2023\/05\/Karavan-Tentesi-Cesitleri-ve-Fiyatlari-1-300x200.jpg 300w, https:\/\/geziyoo.co\/blog\/wp-content\/uploads\/2023\/05\/Karavan-Tentesi-Cesitleri-ve-Fiyatlari-1-768x512.jpg 768w, https:\/\/geziyoo.co\/blog\/wp-content\/uploads\/2023\/05\/Karavan-Tentesi-Cesitleri-ve-Fiyatlari-1.jpg 1200w\" data-sizes=\"(max-width: 1024px) 100vw, 1024px\" src=\"data:image\/gif;base64,R0lGODlhAQABAAAAACH5BAEKAAEALAAAAAABAAEAAAICTAEAOw==\" style=\"--smush-placeholder-width: 1024px; --smush-placeholder-aspect-ratio: 1024\/683;\" \/><\/figure>\n\n\n\n<p>Karavan kiralamak g\u00fcn\u00fcm\u00fczde geli\u015fmi\u015f teknoloji ve ileti\u015fim a\u011f\u0131 sayesinde olduk\u00e7a kolayla\u015fm\u0131\u015ft\u0131r. \u00dclkemizdeki kurumsal ara\u00e7 kiralama firmalar\u0131, artan talebi dikkate alarak karavan kiralama hizmetlerini sunmaktad\u0131r.<\/p>\n\n\n\n<p>Bu firmalar, ara\u00e7 filolar\u0131na \u00e7e\u015fitli \u00f6zelliklere sahip karavanlar\u0131 ekleyerek sekt\u00f6rdeki konumlar\u0131n\u0131 g\u00fc\u00e7lendirmi\u015flerdir. \u0130nternet \u00fczerinden bir karavan kiralama firmas\u0131n\u0131 se\u00e7ebilir ve ara\u00e7lar\u0131n\u0131 yerinde g\u00f6rerek b\u00fct\u00e7enize, tatil plan\u0131n\u0131za ve ki\u015fi say\u0131n\u0131za en uygun olan\u0131 se\u00e7ebilirsiniz.<\/p>\n\n\n\n<p>Ayr\u0131ca, pop\u00fcler ara\u00e7 kiralama siteleri \u00fczerinden de karavan kiralama i\u015flemi ger\u00e7ekle\u015ftirebilirsiniz. Kiralama \u00f6ncesinde veya sonras\u0131nda ihtiya\u00e7 duyaca\u011f\u0131n\u0131z destek i\u00e7in firma ile ileti\u015fimde olman\u0131z \u00f6nemlidir.<\/p>\n\n\n\n<hr class=\"wp-block-separator has-css-opacity is-style-wide\"\/>\n\n\n\n<h2 class=\"wp-block-heading\">Karavan kiralamak i\u00e7in hangi ehliyet gerekli?<\/h2>\n\n\n\n<figure class=\"wp-block-image size-large\"><img decoding=\"async\" width=\"1024\" height=\"762\" data-src=\"https:\/\/geziyoo.co\/blog\/wp-content\/uploads\/2023\/04\/Karavan-atik-su-deposu-nereye-bosaltilir-1024x762.jpg\" alt=\"\" class=\"wp-image-12539 lazyload\" data-srcset=\"https:\/\/geziyoo.co\/blog\/wp-content\/uploads\/2023\/04\/Karavan-atik-su-deposu-nereye-bosaltilir-1024x762.jpg 1024w, https:\/\/geziyoo.co\/blog\/wp-content\/uploads\/2023\/04\/Karavan-atik-su-deposu-nereye-bosaltilir-300x223.jpg 300w, https:\/\/geziyoo.co\/blog\/wp-content\/uploads\/2023\/04\/Karavan-atik-su-deposu-nereye-bosaltilir-768x571.jpg 768w, https:\/\/geziyoo.co\/blog\/wp-content\/uploads\/2023\/04\/Karavan-atik-su-deposu-nereye-bosaltilir-1536x1142.jpg 1536w, https:\/\/geziyoo.co\/blog\/wp-content\/uploads\/2023\/04\/Karavan-atik-su-deposu-nereye-bosaltilir-scaled.jpg 1075w\" data-sizes=\"(max-width: 1024px) 100vw, 1024px\" src=\"data:image\/gif;base64,R0lGODlhAQABAAAAACH5BAEKAAEALAAAAAABAAEAAAICTAEAOw==\" style=\"--smush-placeholder-width: 1024px; --smush-placeholder-aspect-ratio: 1024\/762;\" \/><\/figure>\n\n\n\n<p>E\u011fer bir motokaravan kiralamay\u0131 d\u00fc\u015f\u00fcn\u00fcyorsan\u0131z, pop\u00fcler olan minib\u00fcslerin karavana d\u00f6n\u00fc\u015ft\u00fcr\u00fclen versiyonlar\u0131nda B s\u0131n\u0131f\u0131 ehliyetinizle karavan kiralayabilir ve kullanabilirsiniz.<\/p>\n\n\n\n<p>Ancak daha spesifik olarak otob\u00fcs benzeri ara\u00e7lar\u0131n karavana d\u00f6n\u00fc\u015ft\u00fcr\u00fcld\u00fc\u011f\u00fc motokaravanlarda, genellikle C s\u0131n\u0131f\u0131 ve daha y\u00fcksek s\u0131n\u0131f ehliyet gerekmektedir. Hangi s\u0131n\u0131f ehliyetin kullan\u0131lmas\u0131 gerekti\u011fi konusunda en do\u011fru bilgiyi karavan\u0131 kiralayaca\u011f\u0131n\u0131z firmadan \u00f6\u011frenebilirsiniz.<\/p>\n\n\n\n<p>\u00c7ekme karavanlar i\u00e7in ise, y\u00fckl\u00fc a\u011f\u0131rl\u0131\u011f\u0131 750 kilogram\u0131n alt\u0131nda olan karavanlar\u0131 \u00e7ekmek i\u00e7in B, C veya D s\u0131n\u0131f\u0131 ehliyetler yeterli olmaktad\u0131r. Yani, 750 kilogramdan daha hafif bir \u00e7ekme karavan\u0131 arac\u0131n\u0131zla kullanmak isterseniz, mevcut s\u00fcr\u00fcc\u00fc ehliyetiniz yeterli olacakt\u0131r.<\/p>\n\n\n\n<p>Ancak 750 kilogram \u00fczerindeki bir \u00e7ekme karavan\u0131 arac\u0131n\u0131zla kullanmak istiyorsan\u0131z, kullanaca\u011f\u0131n\u0131z ta\u015f\u0131t tipine ba\u011fl\u0131 olarak BE, CE veya DE s\u0131n\u0131f\u0131 ehliyete sahip olman\u0131z gerekmektedir.<strong><em><a href=\"https:\/\/geziyoo.co\/blog\/karavan-icin-ehliyet-sinifi-ne-olmali\/\" data-type=\"post\" data-id=\"12150\">Karavanlarda Ehliyet Nas\u0131l Olur?<\/a><\/em><\/strong> \u0130\u00e7eri\u011fimize bakarak detayl\u0131 bilgilere ula\u015fabilirsiniz.<\/p>\n\n\n\n<hr class=\"wp-block-separator has-css-opacity is-style-wide\"\/>\n\n\n\n<h2 class=\"wp-block-heading\">Kiral\u0131k Karavanlar\u0131n \u0130\u00e7erisinde Neler Bulunur?<\/h2>\n\n\n\n<figure class=\"wp-block-image size-large\"><img decoding=\"async\" width=\"768\" height=\"1024\" data-src=\"https:\/\/geziyoo.co\/blog\/wp-content\/uploads\/2023\/04\/unnamed-768x1024.jpg\" alt=\"\" class=\"wp-image-12743 lazyload\" data-srcset=\"https:\/\/geziyoo.co\/blog\/wp-content\/uploads\/2023\/04\/unnamed-768x1024.jpg 768w, https:\/\/geziyoo.co\/blog\/wp-content\/uploads\/2023\/04\/unnamed-225x300.jpg 225w, https:\/\/geziyoo.co\/blog\/wp-content\/uploads\/2023\/04\/unnamed-1152x1536.jpg 1152w, https:\/\/geziyoo.co\/blog\/wp-content\/uploads\/2023\/04\/unnamed-1536x2048.jpg 1536w, https:\/\/geziyoo.co\/blog\/wp-content\/uploads\/2023\/04\/unnamed-scaled.jpg 600w\" data-sizes=\"(max-width: 768px) 100vw, 768px\" src=\"data:image\/gif;base64,R0lGODlhAQABAAAAACH5BAEKAAEALAAAAAABAAEAAAICTAEAOw==\" style=\"--smush-placeholder-width: 768px; --smush-placeholder-aspect-ratio: 768\/1024;\" \/><\/figure>\n\n\n\n<p><strong>Kiral\u0131k karavanlar genellikle konaklama ihtiya\u00e7lar\u0131n\u0131z\u0131 kar\u015f\u0131lamak i\u00e7in gerekli olan e\u015fyalar\u0131 i\u00e7erir. \u0130\u00e7erisinde uyumak i\u00e7in yorgan, yast\u0131k, yatak ve nevresim tak\u0131m\u0131 gibi temel yatak malzemeleri bulunmaktad\u0131r. <\/strong>Yemek yemek i\u00e7in bir masa ve ki\u015fi say\u0131s\u0131na uygun sandalyeler de mevcuttur. Ayr\u0131ca, yemek pi\u015firmek i\u00e7in gerekli olan mutfak e\u015fyalar\u0131 ve ekipmanlar\u0131 da karavan i\u00e7erisinde bulunur.<\/p>\n\n\n\n<p>Karavanlarda genellikle s\u0131cak su imkan\u0131 sa\u011flayan bir sistem ve temiz su deposu bulunur. B\u00f6ylece du\u015f alma ve temiz su kullanma ihtiya\u00e7lar\u0131n\u0131z\u0131 kar\u015f\u0131layabilirsiniz. Baz\u0131 karavanlarda ise televizyon gibi e\u011flence ve rahatlama i\u00e7in ekstra \u00f6zellikler de mevcut olabilir.<\/p>\n\n\n\n<p>Karavan kiralamak istedi\u011finizde, i\u00e7erisindeki e\u015fyalar\u0131n ve \u00f6zelliklerin detaylar\u0131n\u0131 karavan kiralama firmas\u0131ndan \u00f6\u011frenebilirsiniz. B\u00f6ylece ihtiya\u00e7lar\u0131n\u0131za en uygun olan karavan\u0131 se\u00e7ebilir ve konforlu bir seyahat deneyimi ya\u015fayabilirsiniz.<\/p>\n\n\n\n<hr class=\"wp-block-separator has-css-opacity is-style-wide\"\/>\n\n\n\n<h2 class=\"wp-block-heading\">Karavan Tatiliniz de \u0130htiya\u00e7 Duyabilece\u011finiz Malzemeler <\/h2>\n\n\n\n<figure class=\"wp-block-image size-large\"><img decoding=\"async\" width=\"800\" height=\"601\" data-src=\"https:\/\/geziyoo.co\/blog\/wp-content\/uploads\/2023\/04\/Karavanciligin-Gecmisi-ve-Karavancilik-Tarihi.jpg\" alt=\"\" class=\"wp-image-12411 lazyload\" data-srcset=\"https:\/\/geziyoo.co\/blog\/wp-content\/uploads\/2023\/04\/Karavanciligin-Gecmisi-ve-Karavancilik-Tarihi.jpg 800w, https:\/\/geziyoo.co\/blog\/wp-content\/uploads\/2023\/04\/Karavanciligin-Gecmisi-ve-Karavancilik-Tarihi-300x225.jpg 300w, https:\/\/geziyoo.co\/blog\/wp-content\/uploads\/2023\/04\/Karavanciligin-Gecmisi-ve-Karavancilik-Tarihi-768x577.jpg 768w\" data-sizes=\"(max-width: 800px) 100vw, 800px\" src=\"data:image\/gif;base64,R0lGODlhAQABAAAAACH5BAEKAAEALAAAAAABAAEAAAICTAEAOw==\" style=\"--smush-placeholder-width: 800px; --smush-placeholder-aspect-ratio: 800\/601;\" \/><\/figure>\n\n\n\n<p>Karavan tatili yaparken yan\u0131n\u0131zda bulundurman\u0131z gerekebilecek baz\u0131 malzemeler a\u015fa\u011f\u0131da listelenmi\u015ftir:<\/p>\n\n\n\n<ul class=\"wp-block-list\">\n<li><strong><em>Yatak Malzemeleri:<\/em><\/strong>\n<ul class=\"wp-block-list\">\n<li>Yast\u0131k, yorgan ve nevresim tak\u0131mlar\u0131<\/li>\n\n\n\n<li>Yatak \u00f6rt\u00fcs\u00fc veya uyku tulumu<\/li>\n<\/ul>\n<\/li>\n\n\n\n<li><strong><em>Mutfak E\u015fyalar\u0131:<\/em><\/strong>\n<ul class=\"wp-block-list\">\n<li>Tencere ve tava seti<\/li>\n\n\n\n<li>Kesme tahtas\u0131 ve b\u0131\u00e7ak seti<\/li>\n\n\n\n<li>Yemek tak\u0131m\u0131, bardaklar ve \u00e7atal-b\u0131\u00e7ak seti<\/li>\n\n\n\n<li>Pi\u015firme ve servis ekipmanlar\u0131 (ka\u015f\u0131k, spatula, kep\u00e7e, vs.)<\/li>\n\n\n\n<li>\u00c7aydanl\u0131k veya kahve makinesi<\/li>\n\n\n\n<li>Tost makinesi veya \u0131zgara<\/li>\n\n\n\n<li>So\u011futucu veya buzdolab\u0131<\/li>\n\n\n\n<li>Temel temizlik malzemeleri (s\u00fcnger, bula\u015f\u0131k deterjan\u0131, temizlik spreyi, vs.)<\/li>\n<\/ul>\n<\/li>\n\n\n\n<li><strong><em>Kamp Malzemeleri:<\/em><\/strong>\n<ul class=\"wp-block-list\">\n<li>Katlanabilir masa ve sandalyeler<\/li>\n\n\n\n<li>G\u00fcne\u015f \u015femsiyesi veya \u00e7ad\u0131r<\/li>\n\n\n\n<li>Kamp ate\u015fi i\u00e7in odun veya k\u00f6m\u00fcr<\/li>\n\n\n\n<li>Kamp masas\u0131 ve sandalyeleri<\/li>\n\n\n\n<li>Kamp lambas\u0131 veya fener<\/li>\n\n\n\n<li>Kamp sandalyesi veya \u015fezlong<\/li>\n<\/ul>\n<\/li>\n\n\n\n<li><strong><em>Ki\u015fisel Bak\u0131m ve Hijyen:<\/em><\/strong>\n<ul class=\"wp-block-list\">\n<li>Tuvalet ka\u011f\u0131d\u0131<\/li>\n\n\n\n<li>Havlu ve temizlik bezi<\/li>\n\n\n\n<li>Sabun, \u015fampuan ve di\u011fer ki\u015fisel bak\u0131m \u00fcr\u00fcnleri<\/li>\n\n\n\n<li>El dezenfektan\u0131 veya temizlik mendilleri<\/li>\n\n\n\n<li>Di\u015f f\u0131r\u00e7as\u0131 ve di\u015f macunu<\/li>\n\n\n\n<li>Du\u015f terli\u011fi veya plaj terli\u011fi<\/li>\n<\/ul>\n<\/li>\n\n\n\n<li><strong><em>Elektronik Cihazlar:<\/em><\/strong>\n<ul class=\"wp-block-list\">\n<li>Ta\u015f\u0131nabilir \u015farj cihaz\u0131 veya power bank<\/li>\n\n\n\n<li>Elektrikli adapt\u00f6rler ve uzatma kablosu<\/li>\n\n\n\n<li>M\u00fczik \u00e7alar veya radyo<\/li>\n\n\n\n<li>Foto\u011fraf makinesi veya video kaydedici<\/li>\n<\/ul>\n<\/li>\n\n\n\n<li><strong><em>Kamp Malzemeleri:<\/em><\/strong>\n<ul class=\"wp-block-list\">\n<li>\u00c7ad\u0131r ve uyku tulumu (iste\u011fe ba\u011fl\u0131)<\/li>\n\n\n\n<li>Kamp sandalyesi ve masa<\/li>\n\n\n\n<li>Kamp ate\u015fi i\u00e7in odun veya k\u00f6m\u00fcr<\/li>\n\n\n\n<li>Kamp lambas\u0131 veya fener<\/li>\n\n\n\n<li>\u00c7ak\u0131 veya \u00e7ok ama\u00e7l\u0131 alet<\/li>\n<\/ul>\n<\/li>\n<\/ul>\n\n\n\n<p><strong>Bu listedeki malzemeler \u00e7o\u011fu karavan\u0131n\u0131zda olabilir.Karavan\u0131n\u0131z\u0131 kiralamadan \u00f6nce ilgili firmadan malzeme listesi istemenizde fayda var.<\/strong>Genel olarak karavan tatili i\u00e7in ihtiya\u00e7 duyulan temel e\u015fyalar\u0131 i\u00e7ermektedir. <\/p>\n\n\n\n<p>Ancak tatil s\u00fcresi, hedeflenen b\u00f6lge ve ki\u015fisel tercihlere g\u00f6re ekstra malzemeler de eklenebilir. Unutmadan, seyahat edece\u011finiz b\u00f6lgenin hava durumu ve aktivitelerinizi de g\u00f6z \u00f6n\u00fcnde bulundurarak uygun k\u0131yafetleri de yan\u0131n\u0131za alman\u0131z \u00f6nemlidir.<\/p>\n\n\n\n<hr class=\"wp-block-separator has-css-opacity is-style-wide\"\/>\n\n\n\n<h2 class=\"wp-block-heading\">Kiral\u0131k Karavanlardaki At\u0131k Su Tank\u0131 Nas\u0131l Bo\u015faltacaks\u0131n\u0131z?<\/h2>\n\n\n\n<figure class=\"wp-block-image size-large\"><img decoding=\"async\" width=\"1000\" height=\"667\" data-src=\"https:\/\/geziyoo.co\/blog\/wp-content\/uploads\/2023\/04\/Karavan-atik-su-deposu-nereye-bosaltilir-Nasil-yapilir.jpg\" alt=\"\" class=\"wp-image-12536 lazyload\" data-srcset=\"https:\/\/geziyoo.co\/blog\/wp-content\/uploads\/2023\/04\/Karavan-atik-su-deposu-nereye-bosaltilir-Nasil-yapilir.jpg 1000w, https:\/\/geziyoo.co\/blog\/wp-content\/uploads\/2023\/04\/Karavan-atik-su-deposu-nereye-bosaltilir-Nasil-yapilir-300x200.jpg 300w, https:\/\/geziyoo.co\/blog\/wp-content\/uploads\/2023\/04\/Karavan-atik-su-deposu-nereye-bosaltilir-Nasil-yapilir-768x512.jpg 768w\" data-sizes=\"(max-width: 1000px) 100vw, 1000px\" src=\"data:image\/gif;base64,R0lGODlhAQABAAAAACH5BAEKAAEALAAAAAABAAEAAAICTAEAOw==\" style=\"--smush-placeholder-width: 1000px; --smush-placeholder-aspect-ratio: 1000\/667;\" \/><\/figure>\n\n\n\n<p>At\u0131k su y\u00f6netimi motorkaravan ve \u00e7ekme karavan kullan\u0131rken \u00f6nemli bir konudur. At\u0131k su tank\u0131n\u0131n bo\u015falt\u0131lmas\u0131 gerekti\u011finde a\u015fa\u011f\u0131daki y\u00f6ntemleri d\u00fc\u015f\u00fcnebilirsiniz:<\/p>\n\n\n\n<ul class=\"wp-block-list\">\n<li><strong>Kamp Alan\u0131nda At\u0131k Suyu Bo\u015faltma:<\/strong> Bir\u00e7ok kamp alan\u0131 at\u0131k su bo\u015faltma hizmeti sunmaktad\u0131r. Bu durumda karavan\u0131n\u0131z\u0131n at\u0131k su deposunu kamp alan\u0131ndaki belirli bir noktaya ba\u011flayarak at\u0131k sular\u0131n\u0131z\u0131 bo\u015faltabilirsiniz. Kamp alan\u0131 personeline dan\u0131\u015farak uygun noktalar\u0131 ve kurallar\u0131 \u00f6\u011frenebilirsiniz.<\/li>\n\n\n\n<li><strong>Karavan Kiralama \u015eirketinin Hizmeti:<\/strong> Karavan\u0131 kiralad\u0131\u011f\u0131n\u0131z firmaya ba\u011fl\u0131 olarak, at\u0131k su bo\u015faltma hizmeti sunulabilir. Karavan\u0131 teslim etti\u011finizde veya belirli bir s\u00fcre sonra at\u0131k su deposunun bo\u015falt\u0131lmas\u0131 i\u00e7in firma yetkililerinden yard\u0131m alabilirsiniz.<\/li>\n\n\n\n<li><strong>Kendi At\u0131k Su Bo\u015faltma \u0130\u015flemi:<\/strong> E\u011fer at\u0131k suyu kendiniz bo\u015faltmak isterseniz, \u00f6ncelikle yerel y\u00f6netmeliklere ve kurallara uyman\u0131z gerekmektedir. Karavan\u0131n\u0131z\u0131n alt\u0131nda veya yan taraf\u0131nda bulunan at\u0131k su bo\u015faltma noktas\u0131n\u0131 kullanarak, uygun bir bo\u015faltma alan\u0131nda at\u0131k sular\u0131n\u0131z\u0131 tahliye edebilirsiniz. Bu i\u015flem s\u0131ras\u0131nda hijyen kurallar\u0131na ve \u00e7evre koruma \u00f6nlemlerine dikkat etmek \u00f6nemlidir.<\/li>\n<\/ul>\n\n\n\n<p>At\u0131k su y\u00f6netimi konusunda karavan kiralama \u015firketinizden veya kamp alan\u0131 yetkililerinden yard\u0131m ve bilgi alman\u0131z, i\u015flemleri do\u011fru ve g\u00fcvenli bir \u015fekilde ger\u00e7ekle\u015ftirmenize yard\u0131mc\u0131 olacakt\u0131r.<\/p>\n\n\n\n<hr class=\"wp-block-separator has-css-opacity is-style-wide\"\/>\n\n\n\n<h2 class=\"wp-block-heading\">Kiral\u0131k Karavanlar da<strong> Elektrik ve Su Var m\u0131?<\/strong><\/h2>\n\n\n\n<figure class=\"wp-block-image size-large\"><img decoding=\"async\" width=\"1024\" height=\"576\" data-src=\"https:\/\/geziyoo.co\/blog\/wp-content\/uploads\/2023\/04\/Karavan-Kasko-1024x576.jpg\" alt=\"\" class=\"wp-image-12617 lazyload\" data-srcset=\"https:\/\/geziyoo.co\/blog\/wp-content\/uploads\/2023\/04\/Karavan-Kasko-1024x576.jpg 1024w, https:\/\/geziyoo.co\/blog\/wp-content\/uploads\/2023\/04\/Karavan-Kasko-300x169.jpg 300w, https:\/\/geziyoo.co\/blog\/wp-content\/uploads\/2023\/04\/Karavan-Kasko-768x432.jpg 768w, https:\/\/geziyoo.co\/blog\/wp-content\/uploads\/2023\/04\/Karavan-Kasko-390x220.jpg 390w, https:\/\/geziyoo.co\/blog\/wp-content\/uploads\/2023\/04\/Karavan-Kasko.jpg 1200w\" data-sizes=\"(max-width: 1024px) 100vw, 1024px\" src=\"data:image\/gif;base64,R0lGODlhAQABAAAAACH5BAEKAAEALAAAAAABAAEAAAICTAEAOw==\" style=\"--smush-placeholder-width: 1024px; --smush-placeholder-aspect-ratio: 1024\/576;\" \/><\/figure>\n\n\n\n<p><strong><em><a href=\"https:\/\/geziyoo.co\/blog\/karavan-gunes-panellerinin-temizligi-nasil-yapilir\/\" data-type=\"post\" data-id=\"12824\">Karavanlarda g\u00fcne\u015f enerjisi panelleri<\/a><\/em><\/strong> ve \u015farj edilebilir ak\u00fcler gibi elektrik sistemleri bulunmaktad\u0131r. Bu sistemler sayesinde karavan\u0131n elektrik ihtiya\u00e7lar\u0131 g\u00fcne\u015f enerjisiyle sa\u011flanabilir ve ak\u00fclerde depolan\u0131r. G\u00fcne\u015f enerjisi panelleri, g\u00fcne\u015f \u0131\u015f\u0131\u011f\u0131ndan elektrik \u00fcretir ve bu elektrikle karavan\u0131n i\u00e7indeki ayd\u0131nlatma, elektrikli cihazlar ve \u015farj gerektiren cihazlar \u00e7al\u0131\u015ft\u0131r\u0131labilir.<\/p>\n\n\n\n<p><strong>Karavanlardaki elektrik sistemi \u015farj edilmeden kullan\u0131m yo\u011funlu\u011funa g\u00f6re de\u011fi\u015fiklik g\u00f6sterebilir. <\/strong>Daha az enerji t\u00fcketen bir kullan\u0131m durumunda, ak\u00fcler birka\u00e7 g\u00fcnden 1 haftaya kadar dayanabilir. Ancak yo\u011fun bir elektrik kullan\u0131m\u0131 durumunda, daha s\u0131k \u015farj etmek gerekebilir.<\/p>\n\n\n\n<p>Kamp alanlar\u0131nda genellikle elektrik istasyonlar\u0131 bulunur ve belirli bir \u00fccret kar\u015f\u0131l\u0131\u011f\u0131nda bu istasyonlardan elektrik kullanabilirsiniz. Bu \u015fekilde ak\u00fclerinizi \u015farj edebilir ve elektrik ihtiya\u00e7lar\u0131n\u0131z\u0131 kar\u015f\u0131layabilirsiniz.<\/p>\n\n\n\n<p><strong>Bunun yan\u0131 s\u0131ra, elektrik kesintilerine kar\u015f\u0131 \u00f6nlem almak i\u00e7in bir jenerat\u00f6r kullanma se\u00e7ene\u011finiz de vard\u0131r. <\/strong>Jenerat\u00f6r, yak\u0131tla \u00e7al\u0131\u015fan bir g\u00fc\u00e7 kayna\u011f\u0131d\u0131r ve karavan\u0131n\u0131z\u0131n elektrik ihtiyac\u0131n\u0131 kar\u015f\u0131lamak i\u00e7in kullan\u0131labilir. Jenerat\u00f6r\u00fc sat\u0131n alabilir veya kiralayabilirsiniz.<\/p>\n\n\n\n<p>Karavanlarda su ihtiyac\u0131 i\u00e7in su tanklar\u0131 bulunur. Bu tanklar i\u00e7erisinde depolanan su, lavabo ve i\u00e7\/d\u0131\u015f du\u015flarda kullan\u0131l\u0131r. Karavan su depolar\u0131n\u0131n genellikle 200 litre kapasitesi bulunur ve kullan\u0131c\u0131lar\u0131n su ihtiya\u00e7lar\u0131n\u0131 kar\u015f\u0131lamak i\u00e7in yeterli olur.<\/p>\n\n\n\n<p>Ayr\u0131ca, kullan\u0131lan sular\u0131n topland\u0131\u011f\u0131 at\u0131k su deposu da bulunur. Bu depo, tuvalet, du\u015f ve lavabolardan gelen at\u0131k sular\u0131n birikti\u011fi bir tankt\u0131r. Bu at\u0131k sular, uygun \u015fekilde bo\u015faltma i\u015flemi ger\u00e7ekle\u015ftirilmelidir.<\/p>\n\n\n\n<p>Karavan kullan\u0131rken su ve elektrik ihtiya\u00e7lar\u0131n\u0131z\u0131 do\u011fru \u015fekilde y\u00f6netmek ve at\u0131k su bo\u015faltma kurallar\u0131na uymak \u00f6nemlidir. Karavan kiralama \u015firketinizden veya kamp alan\u0131 yetkililerinden bu konuda bilgi ve yard\u0131m alman\u0131z \u00f6nemlidir.<\/p>\n\n\n\n<hr class=\"wp-block-separator has-css-opacity is-style-wide\"\/>\n\n\n\n<p>NOT:Firman\u0131z ile ilgili detayl\u0131 tan\u0131t\u0131mlar yapmak ve bu sayfada daha fazla bilgi ekletmek i\u00e7in bizimle <strong><em><a rel=\"noreferrer noopener\" href=\"https:\/\/geziyoo.co\/iletisim\/\" target=\"_blank\">\u0130LET\u0130\u015e\u0130M <\/a><\/em><\/strong>sayfam\u0131zdan irtibata ge\u00e7ebilirsiniz.<\/p>\n\n\n\n<p><strong>NOT2:\u0130\u00e7eri\u011fimiz de yay\u0131nlad\u0131\u011f\u0131m\u0131z foto\u011fraflar temsili olarak konulmu\u015ftur.Firmalar\u0131n \u00fcr\u00fcn gam\u0131nda var olarak d\u00fc\u015f\u00fcn\u00fcp firmalardan onlar\u0131 istemeyiniz l\u00fctfen:)<\/strong><\/p>\n\n\n\n<hr class=\"wp-block-separator has-css-opacity is-style-wide\"\/>\n\n\n\n<h3 class=\"wp-block-heading\">Bunlar\u0131 da Sevebilirsiniz;<\/h3>\n\n\n<ul class=\"wp-block-latest-posts__list wp-block-latest-posts\"><li><a class=\"wp-block-latest-posts__post-title\" href=\"https:\/\/geziyoo.co\/blog\/karavan-yemegi-menusu-planlayicisi\/\">Karavan Yeme\u011fi Men\u00fcs\u00fc Planlay\u0131c\u0131s\u0131<\/a><\/li>\n<li><a class=\"wp-block-latest-posts__post-title\" href=\"https:\/\/geziyoo.co\/blog\/karavan-agirlik-merkezi-ve-yuk-hesaplama-araci\/\">Karavan A\u011f\u0131rl\u0131k Merkezi ve Y\u00fck Hesaplama Arac\u0131<\/a><\/li>\n<li><a class=\"wp-block-latest-posts__post-title\" href=\"https:\/\/geziyoo.co\/blog\/o1-belgeli-karavanlarin-tescili-zorunlu-mu\/\">O1 Kategorisi Karavan ve R\u00f6morklar\u0131n Tescili Zorunlu Oldu<\/a><\/li>\n<\/ul>","protected":false},"excerpt":{"rendered":"<p>Karavan Kiralama Hakk\u0131nda Bilinmesi Gerekenler i\u00e7eri\u011fimizden herkese merhabalar. Bu i\u00e7eri\u011fimizde Karavan Kiralama ile ilgili t\u00fcm detaylara yer verdik. \u0130\u00e7eri\u011fimizde Nas\u0131l Karavan kiralayabilece\u011finizi.2026 y\u0131l\u0131 karavan kiralama \u00fccretlerini ve bilinmesi gereken t\u00fcm detaylara yer verdik. \u0130nsanlar art\u0131k 5 y\u0131ld\u0131zl\u0131 standart tatil anlay\u0131\u015f\u0131ndan s\u0131k\u0131ld\u0131lar ve alternatifler aramaktad\u0131rlar.Bizde buradan yola \u00e7\u0131kt\u0131k ve sizler i\u00e7in T\u00fcrkiye&#8217;de Karavan Kiralayan Firmalar\u0131 derledik. &hellip;<\/p>\n","protected":false},"author":1,"featured_media":5620,"comment_status":"open","ping_status":"open","sticky":false,"template":"","format":"standard","meta":{"footnotes":""},"categories":[33],"tags":[],"class_list":["post-5615","post","type-post","status-publish","format-standard","has-post-thumbnail","hentry","category-karavanipuclari"],"yoast_head":"<!-- This site is optimized with the Yoast SEO plugin v26.9 - https:\/\/yoast.com\/product\/yoast-seo-wordpress\/ -->\n<title>Karavan Kiralama Rehberi : T\u00fcm Detaylar (G\u00fcncel 2026) | Geziyoo<\/title>\n<meta name=\"description\" content=\"Karavan Kiralama sayfas\u0131nda, Karavn kiralama nas\u0131l yap\u0131l\u0131r? bilinmesi gerekenler 2026 karavan kiralama fiyatlar\u0131 ve fazla var\" \/>\n<meta name=\"robots\" content=\"index, follow, max-snippet:-1, max-image-preview:large, max-video-preview:-1\" \/>\n<link rel=\"canonical\" href=\"https:\/\/geziyoo.co\/blog\/karavan-kiralama-hakkinda-bilinmesi-gerekenler\/\" \/>\n<meta property=\"og:locale\" content=\"tr_TR\" \/>\n<meta property=\"og:type\" content=\"article\" \/>\n<meta property=\"og:title\" content=\"Karavan Kiralama Rehberi : T\u00fcm Detaylar (G\u00fcncel 2026) | Geziyoo\" \/>\n<meta property=\"og:description\" content=\"Karavan Kiralama sayfas\u0131nda, Karavn kiralama nas\u0131l yap\u0131l\u0131r? bilinmesi gerekenler 2026 karavan kiralama fiyatlar\u0131 ve fazla var\" \/>\n<meta property=\"og:url\" content=\"https:\/\/geziyoo.co\/blog\/karavan-kiralama-hakkinda-bilinmesi-gerekenler\/\" \/>\n<meta property=\"og:site_name\" content=\"Geziyoo.co\" \/>\n<meta property=\"article:publisher\" content=\"https:\/\/www.facebook.com\/Geziyooco\" \/>\n<meta property=\"article:author\" content=\"https:\/\/www.facebook.com\/geziyoo.co\" \/>\n<meta property=\"article:published_time\" content=\"2020-05-10T07:55:15+00:00\" \/>\n<meta property=\"article:modified_time\" content=\"2025-12-23T13:33:00+00:00\" \/>\n<meta property=\"og:image\" content=\"https:\/\/geziyoo.co\/blog\/wp-content\/uploads\/2020\/05\/Karavan-Kiralayan-Firmalar.jpg\" \/>\n\t<meta property=\"og:image:width\" content=\"1200\" \/>\n\t<meta property=\"og:image:height\" content=\"800\" \/>\n\t<meta property=\"og:image:type\" content=\"image\/jpeg\" \/>\n<meta name=\"author\" content=\"Geziyoo\" \/>\n<meta name=\"twitter:card\" content=\"summary_large_image\" \/>\n<meta name=\"twitter:creator\" content=\"@https:\/\/twitter.com\/geziyoo\" \/>\n<meta name=\"twitter:site\" content=\"@geziyoo\" \/>\n<meta name=\"twitter:label1\" content=\"Yazan:\" \/>\n\t<meta name=\"twitter:data1\" content=\"Geziyoo\" \/>\n\t<meta name=\"twitter:label2\" content=\"Tahmini okuma s\u00fcresi\" \/>\n\t<meta name=\"twitter:data2\" content=\"17 dakika\" \/>\n<script type=\"application\/ld+json\" class=\"yoast-schema-graph\">{\"@context\":\"https:\/\/schema.org\",\"@graph\":[{\"@type\":\"Article\",\"@id\":\"https:\/\/geziyoo.co\/blog\/karavan-kiralama-hakkinda-bilinmesi-gerekenler\/#article\",\"isPartOf\":{\"@id\":\"https:\/\/geziyoo.co\/blog\/karavan-kiralama-hakkinda-bilinmesi-gerekenler\/\"},\"author\":{\"name\":\"Geziyoo\",\"@id\":\"https:\/\/geziyoo.co\/blog\/#\/schema\/person\/032acb2436540ed14784e7d978aef0e4\"},\"headline\":\"Karavan Kiralama : Nas\u0131l ve Nereden Kiralan\u0131r? 2026 Kiralam Fiyatlar\u0131\",\"datePublished\":\"2020-05-10T07:55:15+00:00\",\"dateModified\":\"2025-12-23T13:33:00+00:00\",\"mainEntityOfPage\":{\"@id\":\"https:\/\/geziyoo.co\/blog\/karavan-kiralama-hakkinda-bilinmesi-gerekenler\/\"},\"wordCount\":3186,\"commentCount\":1,\"publisher\":{\"@id\":\"https:\/\/geziyoo.co\/blog\/#organization\"},\"image\":{\"@id\":\"https:\/\/geziyoo.co\/blog\/karavan-kiralama-hakkinda-bilinmesi-gerekenler\/#primaryimage\"},\"thumbnailUrl\":\"https:\/\/geziyoo.co\/blog\/wp-content\/uploads\/2020\/05\/Karavan-Kiralayan-Firmalar.jpg\",\"articleSection\":[\"Karavan \u0130pu\u00e7lar\u0131\"],\"inLanguage\":\"tr\",\"potentialAction\":[{\"@type\":\"CommentAction\",\"name\":\"Comment\",\"target\":[\"https:\/\/geziyoo.co\/blog\/karavan-kiralama-hakkinda-bilinmesi-gerekenler\/#respond\"]}]},{\"@type\":\"WebPage\",\"@id\":\"https:\/\/geziyoo.co\/blog\/karavan-kiralama-hakkinda-bilinmesi-gerekenler\/\",\"url\":\"https:\/\/geziyoo.co\/blog\/karavan-kiralama-hakkinda-bilinmesi-gerekenler\/\",\"name\":\"Karavan Kiralama Rehberi : T\u00fcm Detaylar (G\u00fcncel 2026) | Geziyoo\",\"isPartOf\":{\"@id\":\"https:\/\/geziyoo.co\/blog\/#website\"},\"primaryImageOfPage\":{\"@id\":\"https:\/\/geziyoo.co\/blog\/karavan-kiralama-hakkinda-bilinmesi-gerekenler\/#primaryimage\"},\"image\":{\"@id\":\"https:\/\/geziyoo.co\/blog\/karavan-kiralama-hakkinda-bilinmesi-gerekenler\/#primaryimage\"},\"thumbnailUrl\":\"https:\/\/geziyoo.co\/blog\/wp-content\/uploads\/2020\/05\/Karavan-Kiralayan-Firmalar.jpg\",\"datePublished\":\"2020-05-10T07:55:15+00:00\",\"dateModified\":\"2025-12-23T13:33:00+00:00\",\"description\":\"Karavan Kiralama sayfas\u0131nda, Karavn kiralama nas\u0131l yap\u0131l\u0131r? bilinmesi gerekenler 2026 karavan kiralama fiyatlar\u0131 ve fazla var\",\"breadcrumb\":{\"@id\":\"https:\/\/geziyoo.co\/blog\/karavan-kiralama-hakkinda-bilinmesi-gerekenler\/#breadcrumb\"},\"inLanguage\":\"tr\",\"potentialAction\":[{\"@type\":\"ReadAction\",\"target\":[\"https:\/\/geziyoo.co\/blog\/karavan-kiralama-hakkinda-bilinmesi-gerekenler\/\"]}]},{\"@type\":\"ImageObject\",\"inLanguage\":\"tr\",\"@id\":\"https:\/\/geziyoo.co\/blog\/karavan-kiralama-hakkinda-bilinmesi-gerekenler\/#primaryimage\",\"url\":\"https:\/\/geziyoo.co\/blog\/wp-content\/uploads\/2020\/05\/Karavan-Kiralayan-Firmalar.jpg\",\"contentUrl\":\"https:\/\/geziyoo.co\/blog\/wp-content\/uploads\/2020\/05\/Karavan-Kiralayan-Firmalar.jpg\",\"width\":1200,\"height\":800,\"caption\":\"Kiral\u0131k Karavan\"},{\"@type\":\"BreadcrumbList\",\"@id\":\"https:\/\/geziyoo.co\/blog\/karavan-kiralama-hakkinda-bilinmesi-gerekenler\/#breadcrumb\",\"itemListElement\":[{\"@type\":\"ListItem\",\"position\":1,\"name\":\"Ana sayfa\",\"item\":\"https:\/\/geziyoo.co\/blog\/\"},{\"@type\":\"ListItem\",\"position\":2,\"name\":\"Karavan Kiralama : Nas\u0131l ve Nereden Kiralan\u0131r? 2026 Kiralam Fiyatlar\u0131\"}]},{\"@type\":\"WebSite\",\"@id\":\"https:\/\/geziyoo.co\/blog\/#website\",\"url\":\"https:\/\/geziyoo.co\/blog\/\",\"name\":\"Geziyoo Blog\",\"description\":\"GeziYoo Blog&#039;da T\u00fcrkiye&#039;nin en iyi kamp alanlar\u0131ndan bungalov tatillerine, karavan ipu\u00e7lar\u0131ndan gezi rehberlerine kadar her t\u00fcrl\u00fc do\u011fa deneyimini ke\u015ffedin.\",\"publisher\":{\"@id\":\"https:\/\/geziyoo.co\/blog\/#organization\"},\"potentialAction\":[{\"@type\":\"SearchAction\",\"target\":{\"@type\":\"EntryPoint\",\"urlTemplate\":\"https:\/\/geziyoo.co\/blog\/?s={search_term_string}\"},\"query-input\":{\"@type\":\"PropertyValueSpecification\",\"valueRequired\":true,\"valueName\":\"search_term_string\"}}],\"inLanguage\":\"tr\"},{\"@type\":\"Organization\",\"@id\":\"https:\/\/geziyoo.co\/blog\/#organization\",\"name\":\"Geziyoo.co\",\"url\":\"https:\/\/geziyoo.co\/blog\/\",\"logo\":{\"@type\":\"ImageObject\",\"inLanguage\":\"tr\",\"@id\":\"https:\/\/geziyoo.co\/blog\/#\/schema\/logo\/image\/\",\"url\":\"https:\/\/geziyoo.co\/blog\/wp-content\/uploads\/2025\/01\/Paragraf-metniniz-3.png\",\"contentUrl\":\"https:\/\/geziyoo.co\/blog\/wp-content\/uploads\/2025\/01\/Paragraf-metniniz-3.png\",\"width\":270,\"height\":50,\"caption\":\"Geziyoo.co\"},\"image\":{\"@id\":\"https:\/\/geziyoo.co\/blog\/#\/schema\/logo\/image\/\"},\"sameAs\":[\"https:\/\/www.facebook.com\/Geziyooco\",\"https:\/\/x.com\/geziyoo\",\"https:\/\/tr.pinterest.com\/geziyooco\/\",\"https:\/\/www.youtube.com\/@geziyoo\",\"https:\/\/www.instagram.com\/geziyoo.co\/\"]},{\"@type\":\"Person\",\"@id\":\"https:\/\/geziyoo.co\/blog\/#\/schema\/person\/032acb2436540ed14784e7d978aef0e4\",\"name\":\"Geziyoo\",\"image\":{\"@type\":\"ImageObject\",\"inLanguage\":\"tr\",\"@id\":\"https:\/\/geziyoo.co\/blog\/#\/schema\/person\/image\/\",\"url\":\"https:\/\/secure.gravatar.com\/avatar\/ae212a4514471fdb8cab6e5af4f3c99b940a2d0a16713ea0392c8d7c8a64f30a?s=96&d=mm&r=g\",\"contentUrl\":\"https:\/\/secure.gravatar.com\/avatar\/ae212a4514471fdb8cab6e5af4f3c99b940a2d0a16713ea0392c8d7c8a64f30a?s=96&d=mm&r=g\",\"caption\":\"Geziyoo\"},\"description\":\"Do\u011fa ile i\u00e7 i\u00e7e olabilece\u011finiz yerler,do\u011fa aktivite alanlar\u0131,kamp alanlar\u0131,bungalov oteller,Tiny House Oteller, Galampingler ve da\u011f evlerinin herkes i\u00e7in ula\u015f\u0131labilir olmas\u0131n\u0131 sa\u011flamak amac\u0131yla Geziyoo\u2019ya 2019 y\u0131l\u0131nda ba\u015flad\u0131k.Do\u011fal Tatil konseptini uygulayan en geni\u015f kapsaml\u0131 sitedir.\",\"sameAs\":[\"https:\/\/geziyoo.co\/\",\"https:\/\/www.facebook.com\/geziyoo.co\",\"https:\/\/www.instagram.com\/geziyoo.co\/\",\"https:\/\/tr.pinterest.com\/geziyooco\/\",\"https:\/\/x.com\/https:\/\/twitter.com\/geziyoo\",\"https:\/\/www.youtube.com\/channel\/UCdiSMa6pe17KEY7DP1Ug4ag\"]}]}<\/script>\n<!-- \/ Yoast SEO plugin. -->","yoast_head_json":{"title":"Karavan Kiralama Rehberi : T\u00fcm Detaylar (G\u00fcncel 2026) | Geziyoo","description":"Karavan Kiralama sayfas\u0131nda, Karavn kiralama nas\u0131l yap\u0131l\u0131r? bilinmesi gerekenler 2026 karavan kiralama fiyatlar\u0131 ve fazla var","robots":{"index":"index","follow":"follow","max-snippet":"max-snippet:-1","max-image-preview":"max-image-preview:large","max-video-preview":"max-video-preview:-1"},"canonical":"https:\/\/geziyoo.co\/blog\/karavan-kiralama-hakkinda-bilinmesi-gerekenler\/","og_locale":"tr_TR","og_type":"article","og_title":"Karavan Kiralama Rehberi : T\u00fcm Detaylar (G\u00fcncel 2026) | Geziyoo","og_description":"Karavan Kiralama sayfas\u0131nda, Karavn kiralama nas\u0131l yap\u0131l\u0131r? bilinmesi gerekenler 2026 karavan kiralama fiyatlar\u0131 ve fazla var","og_url":"https:\/\/geziyoo.co\/blog\/karavan-kiralama-hakkinda-bilinmesi-gerekenler\/","og_site_name":"Geziyoo.co","article_publisher":"https:\/\/www.facebook.com\/Geziyooco","article_author":"https:\/\/www.facebook.com\/geziyoo.co","article_published_time":"2020-05-10T07:55:15+00:00","article_modified_time":"2025-12-23T13:33:00+00:00","og_image":[{"width":1200,"height":800,"url":"https:\/\/geziyoo.co\/blog\/wp-content\/uploads\/2020\/05\/Karavan-Kiralayan-Firmalar.jpg","type":"image\/jpeg"}],"author":"Geziyoo","twitter_card":"summary_large_image","twitter_creator":"@https:\/\/twitter.com\/geziyoo","twitter_site":"@geziyoo","twitter_misc":{"Yazan:":"Geziyoo","Tahmini okuma s\u00fcresi":"17 dakika"},"schema":{"@context":"https:\/\/schema.org","@graph":[{"@type":"Article","@id":"https:\/\/geziyoo.co\/blog\/karavan-kiralama-hakkinda-bilinmesi-gerekenler\/#article","isPartOf":{"@id":"https:\/\/geziyoo.co\/blog\/karavan-kiralama-hakkinda-bilinmesi-gerekenler\/"},"author":{"name":"Geziyoo","@id":"https:\/\/geziyoo.co\/blog\/#\/schema\/person\/032acb2436540ed14784e7d978aef0e4"},"headline":"Karavan Kiralama : Nas\u0131l ve Nereden Kiralan\u0131r? 2026 Kiralam Fiyatlar\u0131","datePublished":"2020-05-10T07:55:15+00:00","dateModified":"2025-12-23T13:33:00+00:00","mainEntityOfPage":{"@id":"https:\/\/geziyoo.co\/blog\/karavan-kiralama-hakkinda-bilinmesi-gerekenler\/"},"wordCount":3186,"commentCount":1,"publisher":{"@id":"https:\/\/geziyoo.co\/blog\/#organization"},"image":{"@id":"https:\/\/geziyoo.co\/blog\/karavan-kiralama-hakkinda-bilinmesi-gerekenler\/#primaryimage"},"thumbnailUrl":"https:\/\/geziyoo.co\/blog\/wp-content\/uploads\/2020\/05\/Karavan-Kiralayan-Firmalar.jpg","articleSection":["Karavan \u0130pu\u00e7lar\u0131"],"inLanguage":"tr","potentialAction":[{"@type":"CommentAction","name":"Comment","target":["https:\/\/geziyoo.co\/blog\/karavan-kiralama-hakkinda-bilinmesi-gerekenler\/#respond"]}]},{"@type":"WebPage","@id":"https:\/\/geziyoo.co\/blog\/karavan-kiralama-hakkinda-bilinmesi-gerekenler\/","url":"https:\/\/geziyoo.co\/blog\/karavan-kiralama-hakkinda-bilinmesi-gerekenler\/","name":"Karavan Kiralama Rehberi : T\u00fcm Detaylar (G\u00fcncel 2026) | Geziyoo","isPartOf":{"@id":"https:\/\/geziyoo.co\/blog\/#website"},"primaryImageOfPage":{"@id":"https:\/\/geziyoo.co\/blog\/karavan-kiralama-hakkinda-bilinmesi-gerekenler\/#primaryimage"},"image":{"@id":"https:\/\/geziyoo.co\/blog\/karavan-kiralama-hakkinda-bilinmesi-gerekenler\/#primaryimage"},"thumbnailUrl":"https:\/\/geziyoo.co\/blog\/wp-content\/uploads\/2020\/05\/Karavan-Kiralayan-Firmalar.jpg","datePublished":"2020-05-10T07:55:15+00:00","dateModified":"2025-12-23T13:33:00+00:00","description":"Karavan Kiralama sayfas\u0131nda, Karavn kiralama nas\u0131l yap\u0131l\u0131r? bilinmesi gerekenler 2026 karavan kiralama fiyatlar\u0131 ve fazla var","breadcrumb":{"@id":"https:\/\/geziyoo.co\/blog\/karavan-kiralama-hakkinda-bilinmesi-gerekenler\/#breadcrumb"},"inLanguage":"tr","potentialAction":[{"@type":"ReadAction","target":["https:\/\/geziyoo.co\/blog\/karavan-kiralama-hakkinda-bilinmesi-gerekenler\/"]}]},{"@type":"ImageObject","inLanguage":"tr","@id":"https:\/\/geziyoo.co\/blog\/karavan-kiralama-hakkinda-bilinmesi-gerekenler\/#primaryimage","url":"https:\/\/geziyoo.co\/blog\/wp-content\/uploads\/2020\/05\/Karavan-Kiralayan-Firmalar.jpg","contentUrl":"https:\/\/geziyoo.co\/blog\/wp-content\/uploads\/2020\/05\/Karavan-Kiralayan-Firmalar.jpg","width":1200,"height":800,"caption":"Kiral\u0131k Karavan"},{"@type":"BreadcrumbList","@id":"https:\/\/geziyoo.co\/blog\/karavan-kiralama-hakkinda-bilinmesi-gerekenler\/#breadcrumb","itemListElement":[{"@type":"ListItem","position":1,"name":"Ana sayfa","item":"https:\/\/geziyoo.co\/blog\/"},{"@type":"ListItem","position":2,"name":"Karavan Kiralama : Nas\u0131l ve Nereden Kiralan\u0131r? 2026 Kiralam Fiyatlar\u0131"}]},{"@type":"WebSite","@id":"https:\/\/geziyoo.co\/blog\/#website","url":"https:\/\/geziyoo.co\/blog\/","name":"Geziyoo Blog","description":"GeziYoo Blog&#039;da T\u00fcrkiye&#039;nin en iyi kamp alanlar\u0131ndan bungalov tatillerine, karavan ipu\u00e7lar\u0131ndan gezi rehberlerine kadar her t\u00fcrl\u00fc do\u011fa deneyimini ke\u015ffedin.","publisher":{"@id":"https:\/\/geziyoo.co\/blog\/#organization"},"potentialAction":[{"@type":"SearchAction","target":{"@type":"EntryPoint","urlTemplate":"https:\/\/geziyoo.co\/blog\/?s={search_term_string}"},"query-input":{"@type":"PropertyValueSpecification","valueRequired":true,"valueName":"search_term_string"}}],"inLanguage":"tr"},{"@type":"Organization","@id":"https:\/\/geziyoo.co\/blog\/#organization","name":"Geziyoo.co","url":"https:\/\/geziyoo.co\/blog\/","logo":{"@type":"ImageObject","inLanguage":"tr","@id":"https:\/\/geziyoo.co\/blog\/#\/schema\/logo\/image\/","url":"https:\/\/geziyoo.co\/blog\/wp-content\/uploads\/2025\/01\/Paragraf-metniniz-3.png","contentUrl":"https:\/\/geziyoo.co\/blog\/wp-content\/uploads\/2025\/01\/Paragraf-metniniz-3.png","width":270,"height":50,"caption":"Geziyoo.co"},"image":{"@id":"https:\/\/geziyoo.co\/blog\/#\/schema\/logo\/image\/"},"sameAs":["https:\/\/www.facebook.com\/Geziyooco","https:\/\/x.com\/geziyoo","https:\/\/tr.pinterest.com\/geziyooco\/","https:\/\/www.youtube.com\/@geziyoo","https:\/\/www.instagram.com\/geziyoo.co\/"]},{"@type":"Person","@id":"https:\/\/geziyoo.co\/blog\/#\/schema\/person\/032acb2436540ed14784e7d978aef0e4","name":"Geziyoo","image":{"@type":"ImageObject","inLanguage":"tr","@id":"https:\/\/geziyoo.co\/blog\/#\/schema\/person\/image\/","url":"https:\/\/secure.gravatar.com\/avatar\/ae212a4514471fdb8cab6e5af4f3c99b940a2d0a16713ea0392c8d7c8a64f30a?s=96&d=mm&r=g","contentUrl":"https:\/\/secure.gravatar.com\/avatar\/ae212a4514471fdb8cab6e5af4f3c99b940a2d0a16713ea0392c8d7c8a64f30a?s=96&d=mm&r=g","caption":"Geziyoo"},"description":"Do\u011fa ile i\u00e7 i\u00e7e olabilece\u011finiz yerler,do\u011fa aktivite alanlar\u0131,kamp alanlar\u0131,bungalov oteller,Tiny House Oteller, Galampingler ve da\u011f evlerinin herkes i\u00e7in ula\u015f\u0131labilir olmas\u0131n\u0131 sa\u011flamak amac\u0131yla Geziyoo\u2019ya 2019 y\u0131l\u0131nda ba\u015flad\u0131k.Do\u011fal Tatil konseptini uygulayan en geni\u015f kapsaml\u0131 sitedir.","sameAs":["https:\/\/geziyoo.co\/","https:\/\/www.facebook.com\/geziyoo.co","https:\/\/www.instagram.com\/geziyoo.co\/","https:\/\/tr.pinterest.com\/geziyooco\/","https:\/\/x.com\/https:\/\/twitter.com\/geziyoo","https:\/\/www.youtube.com\/channel\/UCdiSMa6pe17KEY7DP1Ug4ag"]}]}},"amp_enabled":true,"_links":{"self":[{"href":"https:\/\/geziyoo.co\/blog\/wp-json\/wp\/v2\/posts\/5615","targetHints":{"allow":["GET"]}}],"collection":[{"href":"https:\/\/geziyoo.co\/blog\/wp-json\/wp\/v2\/posts"}],"about":[{"href":"https:\/\/geziyoo.co\/blog\/wp-json\/wp\/v2\/types\/post"}],"author":[{"embeddable":true,"href":"https:\/\/geziyoo.co\/blog\/wp-json\/wp\/v2\/users\/1"}],"replies":[{"embeddable":true,"href":"https:\/\/geziyoo.co\/blog\/wp-json\/wp\/v2\/comments?post=5615"}],"version-history":[{"count":0,"href":"https:\/\/geziyoo.co\/blog\/wp-json\/wp\/v2\/posts\/5615\/revisions"}],"wp:featuredmedia":[{"embeddable":true,"href":"https:\/\/geziyoo.co\/blog\/wp-json\/wp\/v2\/media\/5620"}],"wp:attachment":[{"href":"https:\/\/geziyoo.co\/blog\/wp-json\/wp\/v2\/media?parent=5615"}],"wp:term":[{"taxonomy":"category","embeddable":true,"href":"https:\/\/geziyoo.co\/blog\/wp-json\/wp\/v2\/categories?post=5615"},{"taxonomy":"post_tag","embeddable":true,"href":"https:\/\/geziyoo.co\/blog\/wp-json\/wp\/v2\/tags?post=5615"}],"curies":[{"name":"wp","href":"https:\/\/api.w.org\/{rel}","templated":true}]}}