{"id":22041,"date":"2025-06-12T14:34:20","date_gmt":"2025-06-12T14:34:20","guid":{"rendered":"https:\/\/geziyoo.co\/blog\/?p=22041"},"modified":"2026-02-08T13:55:14","modified_gmt":"2026-02-08T13:55:14","slug":"2027-resmi-tatiller","status":"publish","type":"post","link":"https:\/\/geziyoo.co\/blog\/2027-resmi-tatiller\/","title":{"rendered":"2027 Resmi Tatiller, 2027&#8217;de Ka\u00e7 G\u00fcn Tatil Var?"},"content":{"rendered":"\n<p>2027\u2019de bizi bekleyen <strong>resmi tatillere<\/strong> \u015f\u00f6yle bir g\u00f6z atal\u0131m m\u0131? <strong>Y\u0131lba\u015f\u0131 tatiliyle<\/strong> ba\u015fl\u0131yoruz; bu kez haftan\u0131n sonuna yakla\u015fan <strong>cuma<\/strong> g\u00fcn\u00fcne denk geliyor! Ocak sonunda \u00f6\u011frenciler ve \u00f6\u011fretmenlerimiz <strong>yar\u0131y\u0131l tatili<\/strong>nde soluklanacak. <strong>Mart<\/strong> ay\u0131n\u0131n ikinci haftas\u0131nda, <strong>9 Mart Sal\u0131<\/strong> g\u00fcn\u00fc ba\u015flayacak <strong>Ramazan Bayram\u0131<\/strong>\u2019nda sevdiklerimizle bir araya gelece\u011fiz. Hemen ard\u0131ndan <strong>23 Nisan<\/strong>\u2019da \u00e7ocuklar\u0131m\u0131z\u0131n ne\u015fesiyle <strong>bayram<\/strong> co\u015fkusunu ya\u015fayaca\u011f\u0131z.<\/p>\n\n\n\n<p><strong>May\u0131s<\/strong> ay\u0131nda <strong>1 May\u0131s<\/strong>\u2019ta emek\u00e7ilerimizin hakk\u0131n\u0131 teslim edece\u011fiz; ay ortas\u0131nda, <strong>16 May\u0131s Pazar<\/strong> g\u00fcn\u00fc ba\u015flayacak <strong>Kurban Bayram\u0131<\/strong>\u2019nda payla\u015fman\u0131n mutlulu\u011funu tadaca\u011f\u0131z ve yaz tatiline merhaba diyece\u011fiz.<\/p>\n\n\n\n<p><strong>15 Temmuz<\/strong>\u2019da demokrasimize sahip \u00e7\u0131kman\u0131n \u00f6nemini bir kez daha hat\u0131rlayaca\u011f\u0131z, <strong>30 A\u011fustos<\/strong>\u2019ta ise b\u00fcy\u00fck zaferimizi kutlayaca\u011f\u0131z. Son olarak <strong>29 Ekim<\/strong>\u2019de Cumhuriyetimizin y\u0131l d\u00f6n\u00fcm\u00fcn\u00fc co\u015fkuyla kutlayaca\u011f\u0131z.<\/p>\n\n\n\n<p><strong>2027<\/strong>, bol bol tatil f\u0131rsat\u0131 sunan bir y\u0131l olacak. \u015eimdiden planlar\u0131n\u0131 yap, sevdiklerinle g\u00fczel an\u0131lar biriktirmeye haz\u0131rlan!<\/p>\n\n\n\n<hr class=\"wp-block-separator has-alpha-channel-opacity is-style-wide\"\/>\n\n\n\n<div id=\"gy-calendar-widget-2027\">\n\n    <link rel=\"stylesheet\" href=\"https:\/\/cdnjs.cloudflare.com\/ajax\/libs\/font-awesome\/6.4.0\/css\/all.min.css\">\n\n    <style>\n        \/* Sadece bu widget'\u0131 etkileyen \u0130zole CSS *\/\n        #gy-calendar-widget-2027 {\n            font-family: -apple-system, BlinkMacSystemFont, \"Segoe UI\", Roboto, Helvetica, Arial, sans-serif;\n            max-width: 1200px;\n            margin: 20px auto;\n            background: transparent;\n            color: #333;\n            box-sizing: border-box;\n        }\n\n        #gy-calendar-widget-2027 * {\n            box-sizing: border-box;\n        }\n\n        \/* Header *\/\n        #gy-calendar-widget-2027 .gy-header {\n            text-align: center;\n            margin-bottom: 30px;\n            background: #fff;\n            padding: 25px;\n            border-radius: 12px;\n            border-bottom: 4px solid #f23315;\n            box-shadow: 0 4px 15px rgba(0,0,0,0.05);\n        }\n\n        #gy-calendar-widget-2027 h2 {\n            margin: 0;\n            color: #2c3e50;\n            font-size: 1.8rem;\n            line-height: 1.3;\n        }\n\n        #gy-calendar-widget-2027 .gy-subtitle {\n            color: #666;\n            margin-top: 8px;\n            font-size: 1rem;\n        }\n\n        \/* Izgara *\/\n        #gy-calendar-widget-2027 .gy-grid {\n            display: grid;\n            grid-template-columns: repeat(auto-fill, minmax(280px, 1fr));\n            gap: 20px;\n        }\n\n        \/* Ay Kartlar\u0131 *\/\n        #gy-calendar-widget-2027 .gy-month-card {\n            background: #fff;\n            border-radius: 12px;\n            padding: 15px;\n            box-shadow: 0 2px 8px rgba(0,0,0,0.05);\n            border: 1px solid #eee;\n            transition: transform 0.2s ease;\n        }\n\n        #gy-calendar-widget-2027 .gy-month-card:hover {\n            transform: translateY(-3px);\n            box-shadow: 0 10px 20px rgba(0,0,0,0.08);\n            border-color: #f23315;\n        }\n\n        #gy-calendar-widget-2027 .gy-month-name {\n            text-align: center;\n            font-weight: 700;\n            color: #f23315;\n            margin-bottom: 12px;\n            text-transform: uppercase;\n            letter-spacing: 1px;\n            font-size: 1.1rem;\n            border-bottom: 1px solid #f0f0f0;\n            padding-bottom: 8px;\n        }\n\n        \/* G\u00fcnler *\/\n        #gy-calendar-widget-2027 .gy-days-header {\n            display: grid;\n            grid-template-columns: repeat(7, 1fr);\n            text-align: center;\n            font-size: 0.75rem;\n            color: #999;\n            margin-bottom: 8px;\n            font-weight: 600;\n        }\n\n        #gy-calendar-widget-2027 .gy-days-grid {\n            display: grid;\n            grid-template-columns: repeat(7, 1fr);\n            gap: 2px;\n        }\n\n        #gy-calendar-widget-2027 .gy-day {\n            aspect-ratio: 1;\n            display: flex;\n            align-items: center;\n            justify-content: center;\n            font-size: 0.9rem;\n            border-radius: 4px;\n            cursor: default;\n            color: #444;\n        }\n\n        #gy-calendar-widget-2027 .gy-day:hover:not(.empty) {\n            background-color: #f9f9f9;\n        }\n\n        \/* Tatil Stilleri *\/\n        #gy-calendar-widget-2027 .gy-day.holiday {\n            background-color: #f23315;\n            color: white;\n            cursor: pointer;\n            font-weight: bold;\n            box-shadow: 0 2px 4px rgba(242, 51, 21, 0.3);\n        }\n\n        #gy-calendar-widget-2027 .gy-day.holiday:hover {\n            background-color: #d6280e;\n            transform: scale(1.1);\n        }\n\n        #gy-calendar-widget-2027 .gy-day.arife {\n            background: repeating-linear-gradient(\n                45deg,\n                #f23315,\n                #f23315 5px,\n                #ff8a75 5px,\n                #ff8a75 10px\n            );\n            color: white;\n            cursor: pointer;\n        }\n\n        \/* Legend *\/\n        #gy-calendar-widget-2027 .gy-legend {\n            display: flex;\n            justify-content: center;\n            gap: 20px;\n            margin-bottom: 25px;\n            font-size: 0.9rem;\n            flex-wrap: wrap;\n        }\n        #gy-calendar-widget-2027 .gy-legend-item { display: flex; align-items: center; gap: 8px; }\n        #gy-calendar-widget-2027 .gy-dot { width: 12px; height: 12px; border-radius: 50%; }\n        #gy-calendar-widget-2027 .gy-dot.red { background: #f23315; }\n        #gy-calendar-widget-2027 .gy-dot.striped { background: repeating-linear-gradient(45deg, #f23315, #f23315 2px, #ff8a75 2px, #ff8a75 4px); }\n\n        \/* Modal *\/\n        #gy-modal-2027 {\n            display: none;\n            position: fixed;\n            top: 0; left: 0; width: 100%; height: 100%;\n            background: rgba(0,0,0,0.6);\n            z-index: 99999;\n            justify-content: center;\n            align-items: center;\n            backdrop-filter: blur(3px);\n            padding: 20px;\n        }\n\n        #gy-modal-2027.active { display: flex; }\n\n        #gy-modal-2027 .modal-content {\n            background: white;\n            padding: 30px;\n            border-radius: 16px;\n            max-width: 500px;\n            width: 100%;\n            position: relative;\n            box-shadow: 0 25px 50px rgba(0,0,0,0.25);\n            border-top: 6px solid #f23315;\n            animation: gySlideIn 0.3s ease;\n        }\n\n        @keyframes gySlideIn {\n            from { transform: translateY(20px); opacity: 0; }\n            to { transform: translateY(0); opacity: 1; }\n        }\n\n        #gy-modal-2027 .close-btn {\n            position: absolute;\n            top: 15px;\n            right: 15px;\n            font-size: 1.5rem;\n            cursor: pointer;\n            color: #ccc;\n            line-height: 1;\n        }\n        #gy-modal-2027 .close-btn:hover { color: #f23315; }\n\n        #gy-modal-2027 h3 {\n            font-size: 1.4rem;\n            color: #2c3e50;\n            margin: 0 0 15px 0;\n            display: flex;\n            align-items: center;\n            gap: 10px;\n        }\n\n        #gy-modal-2027 p {\n            font-size: 1.05rem;\n            line-height: 1.6;\n            color: #555;\n            margin: 0;\n        }\n\n        #gy-modal-2027 a {\n            color: #f23315;\n            font-weight: bold;\n            text-decoration: none;\n            border-bottom: 1px dotted #f23315;\n        }\n        #gy-modal-2027 a:hover { border-bottom-style: solid; }\n\n        \/* Mobil *\/\n        @media (max-width: 600px) {\n            #gy-calendar-widget-2027 .gy-grid { grid-template-columns: 1fr; }\n            #gy-calendar-widget-2027 h2 { font-size: 1.5rem; }\n        }\n    <\/style>\n\n    <div class=\"gy-header\">\n        <h2><i class=\"fa-solid fa-calendar-check\" style=\"color:#f23315\"><\/i> 2027 Tatil Planlay\u0131c\u0131<\/h2>\n        <div class=\"gy-subtitle\">2027 T\u00fcrkiye Resm\u00ee Tatilleri ve \u0130zin F\u0131rsatlar\u0131<\/div>\n    <\/div>\n\n    <div class=\"gy-legend\">\n        <div class=\"gy-legend-item\"><div class=\"gy-dot red\"><\/div> Resm\u00ee Tatil (Tam G\u00fcn)<\/div>\n        <div class=\"gy-legend-item\"><div class=\"gy-dot striped\"><\/div> Yar\u0131m G\u00fcn (Arife)<\/div>\n    <\/div>\n\n    <div id=\"gy-calendar-wrapper-2027\" class=\"gy-grid\"><\/div>\n\n    <div id=\"gy-modal-2027\">\n        <div class=\"modal-content\">\n            <span class=\"close-btn\" onclick=\"closeGyModal2027()\">&times;<\/span>\n            <h3 id=\"gy-modal-title-2027\"><\/h3>\n            <div id=\"gy-modal-body-2027\"><\/div>\n            <button style=\"margin-top:20px; width:100%; padding:12px; background:#2c3e50; color:white; border:none; border-radius:8px; cursor:pointer; font-weight:bold;\" onclick=\"closeGyModal2027()\">Tamam<\/button>\n        <\/div>\n    <\/div>\n\n    <script>\n        (function() { \/\/ \u0130zole Kapsam\n            \/\/ 2027 Tatil Verileri\n            const holidays2027 = {\n                '01-01': { title: 'Y\u0131lba\u015f\u0131', type: 'full', desc: '<strong>1 Ocak Cuma<\/strong>. Y\u0131l\u0131n ilk resmi tatili! Pazartesi izin al\u0131p <strong>4 g\u00fcne<\/strong> uzatarak \u015f\u00f6mineli <a href=\"https:\/\/geziyoo.co\/listing-category\/turkiyedeki-bungalov-evler-ve-bungalov-oteller\/\" target=\"_blank\">bungalov oteller<\/a>de yeni y\u0131la keyifli bir ba\u015flang\u0131\u00e7 yapabilirsin.' },\n                \n                \/\/ Ramazan (Arife 8 Mart, Bayram 9-11 Mart)\n                '03-08': { title: 'Ramazan Bayram\u0131 Arifesi', type: 'half', desc: '<strong>8 Mart Pazartesi<\/strong> (Yar\u0131m G\u00fcn). Tatil \u00f6\u011fleden sonra ba\u015fl\u0131yor.' },\n                '03-09': { title: 'Ramazan Bayram\u0131 1. G\u00fcn', type: 'full', desc: '<strong>9-11 Mart<\/strong>. Bahar\u0131n ilk g\u00fcnlerinde <a href=\"https:\/\/geziyoo.co\/blog\/marmaris-bungalov-oteller-ve-marmaris-bungalov-evler\/\" target=\"_blank\">Marmaris<\/a> veya vizesiz yurt d\u0131\u015f\u0131 rotalar\u0131 seni bekliyor.' },\n                '03-10': { title: 'Ramazan Bayram\u0131 2. G\u00fcn', type: 'full', desc: 'Bayram\u0131n ikinci g\u00fcn\u00fc.' },\n                '03-11': { title: 'Ramazan Bayram\u0131 3. G\u00fcn', type: 'full', desc: 'Bayram\u0131n \u00fc\u00e7\u00fcnc\u00fc g\u00fcn\u00fc.' },\n\n                '04-23': { title: '23 Nisan Ulusal Egemenlik', type: 'full', desc: '<strong>23 Nisan Cuma<\/strong>. Hafta sonu ile birle\u015fen 3 g\u00fcnl\u00fck keyifli bir bahar tatili.' },\n\n                '05-01': { title: '1 May\u0131s Emek G\u00fcn\u00fc', type: 'full', desc: '<strong>1 May\u0131s Cumartesi<\/strong>. Hafta sonuna denk geliyor. <a href=\"https:\/\/geziyoo.co\/blog\/kapadokya\" target=\"_blank\">Kapadokya<\/a> balon turlar\u0131 en pop\u00fcler se\u00e7enek.' },\n                \n                \/\/ Kurban (Arife 15 May\u0131s, Bayram 16-19 May\u0131s)\n                '05-15': { title: 'Kurban Bayram\u0131 Arifesi', type: 'half', desc: '<strong>15 May\u0131s Cumartesi<\/strong> (Yar\u0131m G\u00fcn).' },\n                '05-16': { title: 'Kurban Bayram\u0131 1. G\u00fcn', type: 'full', desc: '<strong>16-19 May\u0131s<\/strong>. Toplam 4 tam g\u00fcn! <a href=\"https:\/\/geziyoo.co\/blog\/ayvalik-bungalov-oteller-ve-bungalov-evler\/\" target=\"_blank\">Ayval\u0131k<\/a> ve Assos bahar havas\u0131nda harika ka\u00e7amaklar sunuyor.' },\n                '05-17': { title: 'Kurban Bayram\u0131 2. G\u00fcn', type: 'full', desc: 'Bayram\u0131n ikinci g\u00fcn\u00fc.' },\n                '05-18': { title: 'Kurban Bayram\u0131 3. G\u00fcn', type: 'full', desc: 'Bayram\u0131n \u00fc\u00e7\u00fcnc\u00fc g\u00fcn\u00fc.' },\n                '05-19': { title: 'Kurban 4. G\u00fcn & 19 May\u0131s', type: 'full', desc: '<strong>19 May\u0131s \u00c7ar\u015famba<\/strong>. Hem Kurban Bayram\u0131\\'n\u0131n son g\u00fcn\u00fc hem de Gen\u00e7lik Bayram\u0131. Ekstra kalabal\u0131\u011fa dikkat! <a href=\"https:\/\/geziyoo.co\/listing-category\/turkiyedeki-kamp-alanlari\/\" target=\"_blank\">Kamp<\/a> i\u00e7in ideal.' },\n\n                '07-15': { title: '15 Temmuz Demokrasi G\u00fcn\u00fc', type: 'full', desc: '<strong>15 Temmuz Per\u015fembe<\/strong>. Cuma izin al\u0131rsan <strong>4 g\u00fcn<\/strong> tatil! Serinlemek i\u00e7in <a href=\"https:\/\/geziyoo.co\/blog\/bodrum-bungalov-oteller-ve-bodrum-bungalov-evler\/\" target=\"_blank\">Bodrum<\/a> iyi bir se\u00e7enek.' },\n                '08-30': { title: '30 A\u011fustos Zafer Bayram\u0131', type: 'full', desc: '<strong>30 A\u011fustos Pazartesi<\/strong>. Yaz\u0131n son uzun hafta sonu; k\u0131y\u0131 kasabalar\u0131nda deniz, kum, g\u00fcne\u015f zaman\u0131.' },\n                \n                '10-28': { title: '29 Ekim Arifesi', type: 'half', desc: '<strong>28 Ekim Per\u015fembe<\/strong> (Yar\u0131m G\u00fcn).' },\n                '10-29': { title: '29 Ekim Cumhuriyet Bayram\u0131', type: 'full', desc: '<strong>29 Ekim Cuma<\/strong>. 3,5 g\u00fcnl\u00fck sonbahar rotalar\u0131 i\u00e7in f\u0131rsat \u2013 sakl\u0131 ba\u011f bozumu rotalar\u0131n\u0131 ke\u015ffet!' }\n            };\n\n            const monthsTR = [\"Ocak\", \"\u015eubat\", \"Mart\", \"Nisan\", \"May\u0131s\", \"Haziran\", \"Temmuz\", \"A\u011fustos\", \"Eyl\u00fcl\", \"Ekim\", \"Kas\u0131m\", \"Aral\u0131k\"];\n\n            function initCalendar() {\n                const wrapper = document.getElementById('gy-calendar-wrapper-2027');\n                const year = 2027; \/\/ Y\u0131l Ayar\u0131\n\n                monthsTR.forEach((monthName, index) => {\n                    const daysInMonth = new Date(year, index + 1, 0).getDate();\n                    const firstDayIndex = new Date(year, index, 1).getDay(); \n                    const adjustedStartDay = firstDayIndex === 0 ? 6 : firstDayIndex - 1;\n\n                    let daysHTML = '';\n                    for (let i = 0; i < adjustedStartDay; i++) { daysHTML += `<div class=\"gy-day empty\"><\/div>`; }\n\n                    for (let day = 1; day <= daysInMonth; day++) {\n                        const dateKey = `${String(index + 1).padStart(2, '0')}-${String(day).padStart(2, '0')}`;\n                        const holidayInfo = holidays2027[dateKey];\n                        \n                        if (holidayInfo) {\n                            const className = holidayInfo.type === 'half' ? 'holiday arife' : 'holiday';\n                            daysHTML += `<div class=\"gy-day ${className}\" onclick=\"openGyModal2027('${dateKey}')\">${day}<\/div>`;\n                        } else {\n                            daysHTML += `<div class=\"gy-day\">${day}<\/div>`;\n                        }\n                    }\n\n                    const card = document.createElement('div');\n                    card.className = 'gy-month-card';\n                    card.innerHTML = `\n                        <div class=\"gy-month-name\">${monthName}<\/div>\n                        <div class=\"gy-days-header\">\n                            <div>Pt<\/div><div>Sa<\/div><div>\u00c7a<\/div><div>Pe<\/div><div>Cu<\/div><div>Ct<\/div><div>Pa<\/div>\n                        <\/div>\n                        <div class=\"gy-days-grid\">${daysHTML}<\/div>\n                    `;\n                    wrapper.appendChild(card);\n                });\n            }\n\n            \/\/ Modal Fonksiyonlar\u0131\n            window.openGyModal2027 = function(dateKey) {\n                const data = holidays2027[dateKey];\n                if(!data) return;\n                document.getElementById('gy-modal-title-2027').innerHTML = `<i class=\"fa-solid fa-umbrella-beach\"><\/i> ${data.title}`;\n                document.getElementById('gy-modal-body-2027').innerHTML = data.desc;\n                document.getElementById('gy-modal-2027').classList.add('active');\n            }\n\n            window.closeGyModal2027 = function() {\n                document.getElementById('gy-modal-2027').classList.remove('active');\n            }\n\n            \/\/ D\u0131\u015far\u0131 t\u0131klama kontrol\u00fc\n            window.onclick = function(event) {\n                const modal = document.getElementById('gy-modal-2027');\n                if (event.target == modal) closeGyModal2027();\n            }\n\n            initCalendar();\n        })();\n    <\/script>\n<\/div>\n\n\n\n<hr class=\"wp-block-separator has-alpha-channel-opacity is-style-wide\"\/>\n\n\n\n<h2 class=\"wp-block-heading\">2027&#8217;da Resmi Tatillerde Neler Yapabiliriz? <strong>2027\u2019da Toplam Ka\u00e7 G\u00fcn Resmi Tatil Var?<\/strong><\/h2>\n\n\n\n<figure class=\"wp-block-image size-large\"><img decoding=\"async\" width=\"1024\" height=\"683\" data-src=\"https:\/\/geziyoo.co\/blog\/wp-content\/uploads\/2024\/12\/Kapadokya-2-1024x683.jpg\" alt=\"\" class=\"wp-image-19809 lazyload\" data-srcset=\"https:\/\/geziyoo.co\/blog\/wp-content\/uploads\/2024\/12\/Kapadokya-2-1024x683.jpg 1024w, https:\/\/geziyoo.co\/blog\/wp-content\/uploads\/2024\/12\/Kapadokya-2-300x200.jpg 300w, https:\/\/geziyoo.co\/blog\/wp-content\/uploads\/2024\/12\/Kapadokya-2-768x512.jpg 768w, https:\/\/geziyoo.co\/blog\/wp-content\/uploads\/2024\/12\/Kapadokya-2-150x100.jpg 150w, https:\/\/geziyoo.co\/blog\/wp-content\/uploads\/2024\/12\/Kapadokya-2.jpg 1200w\" data-sizes=\"(max-width: 1024px) 100vw, 1024px\" src=\"data:image\/gif;base64,R0lGODlhAQABAAAAACH5BAEKAAEALAAAAAABAAEAAAICTAEAOw==\" style=\"--smush-placeholder-width: 1024px; --smush-placeholder-aspect-ratio: 1024\/683;\" \/><\/figure>\n\n\n\n<div class=\"wp-block-rank-math-faq-block\">\n  <!-- Y\u0131lba\u015f\u0131 -->\n  <div class=\"rank-math-faq-item\">\n    <h3 class=\"rank-math-question\"><strong>Y\u0131lba\u015f\u0131 Tatili <strong>Y\u0131lba\u015f\u0131 Tatili \u2013 1 Ocak Cuma<\/strong><\/strong><\/h3>\n    <div class=\"rank-math-answer\">\n      Hayallerindeki tatili yeni y\u0131lda ertelemene gerek yok! Yepyeni yerler ke\u015ffetmek i\u00e7in harika bir f\u0131rsat.<br><br>\n      <strong>Y\u0131lba\u015f\u0131<\/strong> yakla\u015f\u0131rken akl\u0131m\u0131za tak\u0131lan ilk sorulardan biri de <strong>31 Aral\u0131k<\/strong>&#8216;\u0131n tatil olup olmad\u0131\u011f\u0131. <strong>2026<\/strong>&#8216;da <strong>31 Aral\u0131k Per\u015fembe<\/strong> g\u00fcn\u00fcne denk geliyor ve <strong>resm\u00ee tatil<\/strong> say\u0131lm\u0131yor. Yani resm\u00ee bir a\u00e7\u0131klama olmad\u0131\u011f\u0131 s\u00fcrece bu tarihte i\u015f ve okul hayat\u0131 devam ediyor.<br>\n      Ama \u00fcz\u00fclme, <strong>1 Ocak 2027 Cuma<\/strong> resm\u00ee tatil! Hafta sonuyla birle\u015ferek <strong>3 g\u00fcnl\u00fck<\/strong> bir ka\u00e7amak f\u0131rsat\u0131 sunuyor. Yeni y\u0131la \u015f\u00f6mineli bir bungalov\u2019da girmek ister misin? <strong><em><a href=\"https:\/\/geziyoo.co\/listing-category\/turkiyedeki-bungalov-evler-ve-bungalov-oteller\/\">Bungalov Oteller<\/a><\/em><\/strong> sayfam\u0131za g\u00f6z atmay\u0131 unutma.\n    <\/div>\n  <\/div>\n\n  <!-- Ramazan Bayram\u0131 -->\n  <div class=\"rank-math-faq-item\">\n    <h3 class=\"rank-math-question\"><strong>Arife G\u00fcn\u00fc Ne Zaman? 2027 Ramazan Bayram\u0131 Ne Zaman?<\/strong><\/h3>\n    <div class=\"rank-math-answer\">\n      <strong>Ramazan Bayram\u0131<\/strong> da <strong>resm\u00ee tatiller<\/strong> aras\u0131ndaki yerini al\u0131yor. <strong>3 g\u00fcn s\u00fcrmesiyle<\/strong> tam bir tatil f\u0131rsat\u0131! <strong>2027<\/strong>\u2019de <strong>Ramazan Bayram\u0131 arifesi<\/strong> <strong>8 Mart Pazartesi<\/strong>, bayram ise <strong>9 Mart Sal\u0131<\/strong> g\u00fcn\u00fc ba\u015flay\u0131p <strong>11 Mart Per\u015fembe<\/strong> g\u00fcn\u00fc sona eriyor.<br><br>\n      Hafta ba\u015f\u0131ndaki yar\u0131m g\u00fcn + 3 g\u00fcnl\u00fck tatil sayesinde 6\u20137 Mart hafta sonuyla birlikte <strong>5 g\u00fcne<\/strong> kadar uzayabilen bir ka\u00e7amak planlayabilirsin. Bahar\u0131n ilk g\u00fcnlerinde <strong><em><a href=\"https:\/\/geziyoo.co\/blog\/marmaris-bungalov-oteller-ve-marmaris-bungalov-evler\/\" data-type=\"post\" data-id=\"10665\">Marmaris Bungalov otelleriyle<\/a><\/em><\/strong> Ege\u2019nin tad\u0131n\u0131 \u00e7\u0131karabilir veya <strong><em><a href=\"https:\/\/geziyoo.co\/blog\/vizesiz-gidilen-ulkeler\/\" data-type=\"post\" data-id=\"16223\">vizesiz gidilebilen \u00fclkeler<\/a><\/em><\/strong> aras\u0131ndan se\u00e7ip yurt d\u0131\u015f\u0131na ka\u00e7abilirsin.\n    <\/div>\n  <\/div>\n\n  <!-- 23 Nisan -->\n  <div class=\"rank-math-faq-item\">\n    <h3 class=\"rank-math-question\"><strong>Ulusal Egemenlik ve \u00c7ocuk Bayram\u0131 \u2013 23 Nisan Resm\u00ee Tatil mi?<\/strong><\/h3>\n    <div class=\"rank-math-answer\">\n      <strong>23 Nisan 2027<\/strong> <strong>Cuma<\/strong> g\u00fcn\u00fcne denk geliyor. Hafta sonuyla birle\u015fen <strong>3 g\u00fcnl\u00fck<\/strong> bahar molas\u0131 seni bekliyor!<br><br>\n      K\u00fclt\u00fcr turlar\u0131 ya da do\u011fa gezileri i\u00e7in harika bir f\u0131rsat. Akdeniz veya Ege\u2019de g\u00fcne\u015fin ve denizin tad\u0131n\u0131 da \u00e7\u0131karabilirsin. <strong><em><a href=\"https:\/\/geziyoo.co\/blog\/antalya-bungalov-oteller-ve-bungalov-evler\/\" data-type=\"post\" data-id=\"6200\">Antalya Bungalov otelleri<\/a><\/em><\/strong> bu mini tatili renklendirebilir.\n    <\/div>\n  <\/div>\n\n  <!-- 1 May\u0131s -->\n  <div class=\"rank-math-faq-item\">\n    <h3 class=\"rank-math-question\"><strong>Emek ve Dayan\u0131\u015fma G\u00fcn\u00fc | 1 May\u0131s Resm\u00ee Tatil mi?<\/strong><\/h3>\n    <div class=\"rank-math-answer\">\n      <strong>1 May\u0131s 2027<\/strong> <strong>Cumartesi<\/strong> g\u00fcn\u00fcne denk geliyor. Hafta sonuna denk geldi\u011fi i\u00e7in ekstra g\u00fcn izne gerek kalmadan <strong>2 g\u00fcnl\u00fck<\/strong> k\u0131sa bir bahar ka\u00e7ama\u011f\u0131 yapabilirsin.<br><br>\n      Farkl\u0131 bir deneyim ar\u0131yorsan <strong>Kapadokya<\/strong>\u2019y\u0131 ke\u015ffetmeye ne dersin? S\u0131cak hava balonlar\u0131yla unutulmaz an\u0131lar biriktirebilirsin. Ya da serin sulara atlamak istersen <strong><em><a href=\"https:\/\/geziyoo.co\/blog\/mersin-bungalov-oteller-ve-mersin-bungalov-evler\/\" data-type=\"post\" data-id=\"9824\">Mersin Bungalov otelleri<\/a><\/em><\/strong> seni bekliyor.\n    <\/div>\n  <\/div>\n\n  <!-- 19 May\u0131s -->\n  <div class=\"rank-math-faq-item\">\n    <h3 class=\"rank-math-question\"><strong>Gen\u00e7lik ve Spor Bayram\u0131 \u2013 19 May\u0131s 2027 \u00c7ar\u015famba | 19 May\u0131s Resm\u00ee Tatil mi?<\/strong><\/h3>\n    <div class=\"rank-math-answer\">\n      <strong>2027 May\u0131s ay\u0131<\/strong> tatil bak\u0131m\u0131ndan dopdolu! <strong>19 May\u0131s<\/strong> bu kez <strong>\u00c7ar\u015famba<\/strong> g\u00fcn\u00fcne denk geliyor ve ayn\u0131 zamanda <strong>Kurban Bayram\u0131\u2019n\u0131n son g\u00fcn\u00fc<\/strong> ile \u00e7ak\u0131\u015f\u0131yor. B\u00f6ylece <strong>15\u201319 May\u0131s<\/strong> aras\u0131ndaki Kurban tatili <strong>5 g\u00fcn<\/strong> kesintisiz s\u00fcr\u00fcyor.<br><br>\n      Hava hen\u00fcz bunalt\u0131c\u0131 de\u011filken kamp yapmay\u0131 unutma! <strong><em><a href=\"https:\/\/geziyoo.co\/listing-category\/turkiyedeki-kamp-alanlari\/\">Kamp Alanlar\u0131<\/a><\/em><\/strong> sayfam\u0131za g\u00f6z atarak yeni ke\u015fifler yapabilirsin.\n    <\/div>\n  <\/div>\n\n  <!-- Kurban Bayram\u0131 -->\n  <div class=\"rank-math-faq-item\">\n    <h3 class=\"rank-math-question\"><strong>2027 Kurban Bayram\u0131 Ne Zaman? Bayram Ka\u00e7 G\u00fcn Tatil?<\/strong><\/h3>\n    <div class=\"rank-math-answer\">\n      <strong>2027<\/strong> y\u0131l\u0131nda Kurban Bayram\u0131, <strong>15 May\u0131s Cumartesi<\/strong> Arife G\u00fcn\u00fc\u2019yle ba\u015fl\u0131yor. Bayram ise <strong>16 May\u0131s Pazar<\/strong> g\u00fcn\u00fc ba\u015flay\u0131p <strong>19 May\u0131s \u00c7ar\u015famba<\/strong> g\u00fcn\u00fc sona eriyor.<br><br>\n      Bu uzun tatilde Ege\u2019nin g\u00fczelliklerini ke\u015ffetmek istersen <strong><em><a href=\"https:\/\/geziyoo.co\/blog\/ayvalik-bungalov-oteller-ve-bungalov-evler\/\" data-type=\"post\" data-id=\"8822\">Ayval\u0131k<\/a><\/em><\/strong> veya <strong><em><a href=\"https:\/\/geziyoo.co\/blog\/assos-bungalov-oteller-ve-assos-bungalov-evler\/\" data-type=\"post\" data-id=\"9234\">Assos<\/a><\/em><\/strong>\u2019a ka\u00e7abilirsin. Kalabal\u0131ktan uzak bir rota ar\u0131yorsan Kapadokya yine harika bir se\u00e7enek!\n    <\/div>\n  <\/div>\n\n  <!-- 15 Temmuz -->\n  <div class=\"rank-math-faq-item\">\n    <h3 class=\"rank-math-question\"><strong>Demokrasi ve Mill\u00ee Birlik G\u00fcn\u00fc \u2013 15 Temmuz Resm\u00ee Tatil mi?<\/strong><\/h3>\n    <div class=\"rank-math-answer\">\n      <strong>15 Temmuz Demokrasi ve Mill\u00ee Birlik G\u00fcn\u00fc<\/strong>, bu y\u0131l <strong>Per\u015fembe<\/strong> g\u00fcn\u00fcne denk geliyor. Cuma g\u00fcn\u00fc izin alarak <strong>4 g\u00fcn<\/strong> s\u00fcrecek bir yaz ka\u00e7ama\u011f\u0131 planlayabilirsin!<br><br>\n      S\u0131caktan ka\u00e7mak istersen <strong><em><a href=\"https:\/\/geziyoo.co\/blog\/bodrum-bungalov-oteller-ve-bodrum-bungalov-evler\/\" data-type=\"post\" data-id=\"9957\">Bodrum Bungalov otelleri<\/a><\/em><\/strong> g\u00fczel bir alternatif.\n    <\/div>\n  <\/div>\n\n  <!-- 30 A\u011fustos -->\n  <div class=\"rank-math-faq-item\">\n    <h3 class=\"rank-math-question\"><strong>Zafer Bayram\u0131 \u2013 30 A\u011fustos 2027 | 30 A\u011fustos Resm\u00ee Tatil mi?<\/strong><\/h3>\n    <div class=\"rank-math-answer\">\n      <strong>30 A\u011fustos Zafer Bayram\u0131<\/strong> bu y\u0131l <strong>Pazartesi<\/strong> g\u00fcn\u00fcne denk geliyor. Hafta sonuyla birle\u015fen <strong>3 g\u00fcnl\u00fck<\/strong> yaz\u0131n son uzun tatili: deniz-kum-g\u00fcne\u015f ka\u00e7ama\u011f\u0131 i\u00e7in ideal!\n    <\/div>\n  <\/div>\n\n  <!-- 29 Ekim -->\n  <div class=\"rank-math-faq-item\">\n    <h3 class=\"rank-math-question\"><strong>Cumhuriyet Bayram\u0131 \u2013 29 Ekim 2027 Cuma | 28 Ekim Resm\u00ee Tatil mi?<\/strong><\/h3>\n    <div class=\"rank-math-answer\">\n      <strong>29 Ekim Cumhuriyet Bayram\u0131<\/strong> bu y\u0131l <strong>Cuma<\/strong> g\u00fcn\u00fcne denk geliyor; resm\u00ee tatil <strong>28 Ekim Per\u015fembe<\/strong> \u00f6\u011fleden sonra ba\u015fl\u0131yor! B\u00f6ylece <strong>3,5 g\u00fcnl\u00fck<\/strong> sonbahar tatili seni bekliyor.<br><br>\n      Sonbahar\u0131n renkleriyle keyifli geziler yapabilir, sakin k\u0131y\u0131 kasabalar\u0131nda huzur bulabilirsin.\n    <\/div>\n  <\/div>\n<\/div>\n\n\n\n<p><strong>2027&#8217;de resmi tatiller<\/strong>, birka\u00e7 g\u00fcn izinle birle\u015ftirildi\u011finde harika ka\u00e7amak f\u0131rsatlar\u0131 sunuyor! Yurt i\u00e7inde mevsime ve zevkine g\u00f6re bir\u00e7ok farkl\u0131 tatil se\u00e7ene\u011fi seni bekliyor.<\/p>\n\n\n\n<p>Yaz\u0131n kavurucu s\u0131caklar\u0131nda serin sulara atlamak, k\u0131\u015f\u0131n karl\u0131 da\u011flarda kayak yapmak veya sonbaharda do\u011fan\u0131n renk c\u00fcmb\u00fc\u015f\u00fcne \u015fahit olmak\u2026 Hepsi m\u00fcmk\u00fcn! \u00dcstelik ailenle birlikte keyifli bir tatil planlay\u0131p, \u00e7ocuk dostu otellerde miniklerin de e\u011flenece\u011fi aktivitelerle dolu bir tatil ge\u00e7irebilirsin.<\/p>\n\n\n\n<hr class=\"wp-block-separator has-alpha-channel-opacity is-style-wide\"\/>\n\n\n\n<h3 class=\"wp-block-heading\">Bunlar\u0131 da Sevebilirsiniz;<\/h3>\n\n\n<ul class=\"wp-block-latest-posts__list wp-block-latest-posts\"><li><a class=\"wp-block-latest-posts__post-title\" href=\"https:\/\/geziyoo.co\/blog\/yurt-disinda-cocuklarin-egitimi-ebeveynler-formaliteler-yuzunden-nerede-para-kaybediyor\/\">Yurt d\u0131\u015f\u0131nda \u00e7ocuklar\u0131n e\u011fitimi: Ebeveynler formaliteler y\u00fcz\u00fcnden nerede para kaybediyor?<\/a><\/li>\n<li><a class=\"wp-block-latest-posts__post-title\" href=\"https:\/\/geziyoo.co\/blog\/gezerken-ne-giyilir\/\">Gezerken Ne Giyilir? Mevsim Ge\u00e7i\u015fleri ve Yaz Tatilleri \u0130\u00e7in Pratik Kombin Rehberi<\/a><\/li>\n<li><a class=\"wp-block-latest-posts__post-title\" href=\"https:\/\/geziyoo.co\/blog\/2026-resmi-tatilleri-ve-14-gune-43-gun\/\">Ajandalar Haz\u0131rlans\u0131n! 2026 Resmi Tatilleri ve &#8220;14 G\u00fcne 43 G\u00fcn&#8221; Form\u00fcl\u00fc G\u00fcndemde<\/a><\/li>\n<\/ul>","protected":false},"excerpt":{"rendered":"<p>2027\u2019de bizi bekleyen resmi tatillere \u015f\u00f6yle bir g\u00f6z atal\u0131m m\u0131? Y\u0131lba\u015f\u0131 tatiliyle ba\u015fl\u0131yoruz; bu kez haftan\u0131n sonuna yakla\u015fan cuma g\u00fcn\u00fcne denk geliyor! Ocak sonunda \u00f6\u011frenciler ve \u00f6\u011fretmenlerimiz yar\u0131y\u0131l tatilinde soluklanacak. Mart ay\u0131n\u0131n ikinci haftas\u0131nda, 9 Mart Sal\u0131 g\u00fcn\u00fc ba\u015flayacak Ramazan Bayram\u0131\u2019nda sevdiklerimizle bir araya gelece\u011fiz. Hemen ard\u0131ndan 23 Nisan\u2019da \u00e7ocuklar\u0131m\u0131z\u0131n ne\u015fesiyle bayram co\u015fkusunu ya\u015fayaca\u011f\u0131z. May\u0131s &hellip;<\/p>\n","protected":false},"author":1,"featured_media":19899,"comment_status":"closed","ping_status":"closed","sticky":false,"template":"","format":"standard","meta":{"footnotes":""},"categories":[20],"tags":[590],"class_list":["post-22041","post","type-post","status-publish","format-standard","has-post-thumbnail","hentry","category-gezirehberi","tag-araclar"],"yoast_head":"<!-- This site is optimized with the Yoast SEO plugin v26.9 - https:\/\/yoast.com\/product\/yoast-seo-wordpress\/ -->\n<title>2027 Resmi Tatiller, 2027&#039;de Ka\u00e7 G\u00fcn Tatil Var? | Geziyoo<\/title>\n<meta name=\"description\" content=\"2027\u2019de bizi bekleyen resmi tatillere \u015f\u00f6yle bir g\u00f6z atal\u0131m m\u0131? Y\u0131lba\u015f\u0131 tatiliyle ba\u015fl\u0131yoruz; bu kez haftan\u0131n sonuna yakla\u015fan cuma g\u00fcn\u00fcne denk geliyor!\" \/>\n<meta name=\"robots\" content=\"index, follow, max-snippet:-1, max-image-preview:large, max-video-preview:-1\" \/>\n<link rel=\"canonical\" href=\"http:\/\/geziyoo.co\/blog\/2027-resmi-tatiller\/\" \/>\n<meta property=\"og:locale\" content=\"tr_TR\" \/>\n<meta property=\"og:type\" content=\"article\" \/>\n<meta property=\"og:title\" content=\"2027 Resmi Tatiller, 2027&#039;de Ka\u00e7 G\u00fcn Tatil Var? | Geziyoo\" \/>\n<meta property=\"og:description\" content=\"2027\u2019de bizi bekleyen resmi tatillere \u015f\u00f6yle bir g\u00f6z atal\u0131m m\u0131? Y\u0131lba\u015f\u0131 tatiliyle ba\u015fl\u0131yoruz; bu kez haftan\u0131n sonuna yakla\u015fan cuma g\u00fcn\u00fcne denk geliyor!\" \/>\n<meta property=\"og:url\" content=\"http:\/\/geziyoo.co\/blog\/2027-resmi-tatiller\/\" \/>\n<meta property=\"og:site_name\" content=\"Geziyoo.co\" \/>\n<meta property=\"article:publisher\" content=\"https:\/\/www.facebook.com\/Geziyooco\" \/>\n<meta property=\"article:author\" content=\"https:\/\/www.facebook.com\/geziyoo.co\" \/>\n<meta property=\"article:published_time\" content=\"2025-06-12T14:34:20+00:00\" \/>\n<meta property=\"article:modified_time\" content=\"2026-02-08T13:55:14+00:00\" \/>\n<meta property=\"og:image\" content=\"http:\/\/geziyoo.co\/blog\/wp-content\/uploads\/2024\/12\/Karadag-Doganin-ve-Tarihin-Bulustugu-Bir-Cennet-1.jpg\" \/>\n\t<meta property=\"og:image:width\" content=\"1200\" \/>\n\t<meta property=\"og:image:height\" content=\"800\" \/>\n\t<meta property=\"og:image:type\" content=\"image\/jpeg\" \/>\n<meta name=\"author\" content=\"Geziyoo\" \/>\n<meta name=\"twitter:card\" content=\"summary_large_image\" \/>\n<meta name=\"twitter:creator\" content=\"@https:\/\/twitter.com\/geziyoo\" \/>\n<meta name=\"twitter:site\" content=\"@geziyoo\" \/>\n<meta name=\"twitter:label1\" content=\"Yazan:\" \/>\n\t<meta name=\"twitter:data1\" content=\"Geziyoo\" \/>\n\t<meta name=\"twitter:label2\" content=\"Tahmini okuma s\u00fcresi\" \/>\n\t<meta name=\"twitter:data2\" content=\"5 dakika\" \/>\n<script type=\"application\/ld+json\" class=\"yoast-schema-graph\">{\"@context\":\"https:\/\/schema.org\",\"@graph\":[{\"@type\":\"Article\",\"@id\":\"http:\/\/geziyoo.co\/blog\/2027-resmi-tatiller\/#article\",\"isPartOf\":{\"@id\":\"http:\/\/geziyoo.co\/blog\/2027-resmi-tatiller\/\"},\"author\":{\"name\":\"Geziyoo\",\"@id\":\"https:\/\/geziyoo.co\/blog\/#\/schema\/person\/032acb2436540ed14784e7d978aef0e4\"},\"headline\":\"2027 Resmi Tatiller, 2027&#8217;de Ka\u00e7 G\u00fcn Tatil Var?\",\"datePublished\":\"2025-06-12T14:34:20+00:00\",\"dateModified\":\"2026-02-08T13:55:14+00:00\",\"mainEntityOfPage\":{\"@id\":\"http:\/\/geziyoo.co\/blog\/2027-resmi-tatiller\/\"},\"wordCount\":961,\"publisher\":{\"@id\":\"https:\/\/geziyoo.co\/blog\/#organization\"},\"image\":{\"@id\":\"http:\/\/geziyoo.co\/blog\/2027-resmi-tatiller\/#primaryimage\"},\"thumbnailUrl\":\"https:\/\/geziyoo.co\/blog\/wp-content\/uploads\/2024\/12\/Karadag-Doganin-ve-Tarihin-Bulustugu-Bir-Cennet-1.jpg\",\"keywords\":[\"Ara\u00e7lar\"],\"articleSection\":[\"Gezi Rehberi\"],\"inLanguage\":\"tr\"},{\"@type\":\"WebPage\",\"@id\":\"http:\/\/geziyoo.co\/blog\/2027-resmi-tatiller\/\",\"url\":\"http:\/\/geziyoo.co\/blog\/2027-resmi-tatiller\/\",\"name\":\"2027 Resmi Tatiller, 2027'de Ka\u00e7 G\u00fcn Tatil Var? | Geziyoo\",\"isPartOf\":{\"@id\":\"https:\/\/geziyoo.co\/blog\/#website\"},\"primaryImageOfPage\":{\"@id\":\"http:\/\/geziyoo.co\/blog\/2027-resmi-tatiller\/#primaryimage\"},\"image\":{\"@id\":\"http:\/\/geziyoo.co\/blog\/2027-resmi-tatiller\/#primaryimage\"},\"thumbnailUrl\":\"https:\/\/geziyoo.co\/blog\/wp-content\/uploads\/2024\/12\/Karadag-Doganin-ve-Tarihin-Bulustugu-Bir-Cennet-1.jpg\",\"datePublished\":\"2025-06-12T14:34:20+00:00\",\"dateModified\":\"2026-02-08T13:55:14+00:00\",\"description\":\"2027\u2019de bizi bekleyen resmi tatillere \u015f\u00f6yle bir g\u00f6z atal\u0131m m\u0131? Y\u0131lba\u015f\u0131 tatiliyle ba\u015fl\u0131yoruz; bu kez haftan\u0131n sonuna yakla\u015fan cuma g\u00fcn\u00fcne denk geliyor!\",\"breadcrumb\":{\"@id\":\"http:\/\/geziyoo.co\/blog\/2027-resmi-tatiller\/#breadcrumb\"},\"inLanguage\":\"tr\",\"potentialAction\":[{\"@type\":\"ReadAction\",\"target\":[\"http:\/\/geziyoo.co\/blog\/2027-resmi-tatiller\/\"]}]},{\"@type\":\"ImageObject\",\"inLanguage\":\"tr\",\"@id\":\"http:\/\/geziyoo.co\/blog\/2027-resmi-tatiller\/#primaryimage\",\"url\":\"https:\/\/geziyoo.co\/blog\/wp-content\/uploads\/2024\/12\/Karadag-Doganin-ve-Tarihin-Bulustugu-Bir-Cennet-1.jpg\",\"contentUrl\":\"https:\/\/geziyoo.co\/blog\/wp-content\/uploads\/2024\/12\/Karadag-Doganin-ve-Tarihin-Bulustugu-Bir-Cennet-1.jpg\",\"width\":1200,\"height\":800},{\"@type\":\"BreadcrumbList\",\"@id\":\"http:\/\/geziyoo.co\/blog\/2027-resmi-tatiller\/#breadcrumb\",\"itemListElement\":[{\"@type\":\"ListItem\",\"position\":1,\"name\":\"Ana sayfa\",\"item\":\"https:\/\/geziyoo.co\/blog\/\"},{\"@type\":\"ListItem\",\"position\":2,\"name\":\"2027 Resmi Tatiller, 2027&#8217;de Ka\u00e7 G\u00fcn Tatil Var?\"}]},{\"@type\":\"WebSite\",\"@id\":\"https:\/\/geziyoo.co\/blog\/#website\",\"url\":\"https:\/\/geziyoo.co\/blog\/\",\"name\":\"Geziyoo Blog\",\"description\":\"GeziYoo Blog&#039;da T\u00fcrkiye&#039;nin en iyi kamp alanlar\u0131ndan bungalov tatillerine, karavan ipu\u00e7lar\u0131ndan gezi rehberlerine kadar her t\u00fcrl\u00fc do\u011fa deneyimini ke\u015ffedin.\",\"publisher\":{\"@id\":\"https:\/\/geziyoo.co\/blog\/#organization\"},\"potentialAction\":[{\"@type\":\"SearchAction\",\"target\":{\"@type\":\"EntryPoint\",\"urlTemplate\":\"https:\/\/geziyoo.co\/blog\/?s={search_term_string}\"},\"query-input\":{\"@type\":\"PropertyValueSpecification\",\"valueRequired\":true,\"valueName\":\"search_term_string\"}}],\"inLanguage\":\"tr\"},{\"@type\":\"Organization\",\"@id\":\"https:\/\/geziyoo.co\/blog\/#organization\",\"name\":\"Geziyoo.co\",\"url\":\"https:\/\/geziyoo.co\/blog\/\",\"logo\":{\"@type\":\"ImageObject\",\"inLanguage\":\"tr\",\"@id\":\"https:\/\/geziyoo.co\/blog\/#\/schema\/logo\/image\/\",\"url\":\"https:\/\/geziyoo.co\/blog\/wp-content\/uploads\/2025\/01\/Paragraf-metniniz-3.png\",\"contentUrl\":\"https:\/\/geziyoo.co\/blog\/wp-content\/uploads\/2025\/01\/Paragraf-metniniz-3.png\",\"width\":270,\"height\":50,\"caption\":\"Geziyoo.co\"},\"image\":{\"@id\":\"https:\/\/geziyoo.co\/blog\/#\/schema\/logo\/image\/\"},\"sameAs\":[\"https:\/\/www.facebook.com\/Geziyooco\",\"https:\/\/x.com\/geziyoo\",\"https:\/\/tr.pinterest.com\/geziyooco\/\",\"https:\/\/www.youtube.com\/@geziyoo\",\"https:\/\/www.instagram.com\/geziyoo.co\/\"]},{\"@type\":\"Person\",\"@id\":\"https:\/\/geziyoo.co\/blog\/#\/schema\/person\/032acb2436540ed14784e7d978aef0e4\",\"name\":\"Geziyoo\",\"image\":{\"@type\":\"ImageObject\",\"inLanguage\":\"tr\",\"@id\":\"https:\/\/geziyoo.co\/blog\/#\/schema\/person\/image\/\",\"url\":\"https:\/\/secure.gravatar.com\/avatar\/ae212a4514471fdb8cab6e5af4f3c99b940a2d0a16713ea0392c8d7c8a64f30a?s=96&d=mm&r=g\",\"contentUrl\":\"https:\/\/secure.gravatar.com\/avatar\/ae212a4514471fdb8cab6e5af4f3c99b940a2d0a16713ea0392c8d7c8a64f30a?s=96&d=mm&r=g\",\"caption\":\"Geziyoo\"},\"description\":\"Do\u011fa ile i\u00e7 i\u00e7e olabilece\u011finiz yerler,do\u011fa aktivite alanlar\u0131,kamp alanlar\u0131,bungalov oteller,Tiny House Oteller, Galampingler ve da\u011f evlerinin herkes i\u00e7in ula\u015f\u0131labilir olmas\u0131n\u0131 sa\u011flamak amac\u0131yla Geziyoo\u2019ya 2019 y\u0131l\u0131nda ba\u015flad\u0131k.Do\u011fal Tatil konseptini uygulayan en geni\u015f kapsaml\u0131 sitedir.\",\"sameAs\":[\"https:\/\/geziyoo.co\/\",\"https:\/\/www.facebook.com\/geziyoo.co\",\"https:\/\/www.instagram.com\/geziyoo.co\/\",\"https:\/\/tr.pinterest.com\/geziyooco\/\",\"https:\/\/x.com\/https:\/\/twitter.com\/geziyoo\",\"https:\/\/www.youtube.com\/channel\/UCdiSMa6pe17KEY7DP1Ug4ag\"]}]}<\/script>\n<!-- \/ Yoast SEO plugin. -->","yoast_head_json":{"title":"2027 Resmi Tatiller, 2027'de Ka\u00e7 G\u00fcn Tatil Var? | Geziyoo","description":"2027\u2019de bizi bekleyen resmi tatillere \u015f\u00f6yle bir g\u00f6z atal\u0131m m\u0131? Y\u0131lba\u015f\u0131 tatiliyle ba\u015fl\u0131yoruz; bu kez haftan\u0131n sonuna yakla\u015fan cuma g\u00fcn\u00fcne denk geliyor!","robots":{"index":"index","follow":"follow","max-snippet":"max-snippet:-1","max-image-preview":"max-image-preview:large","max-video-preview":"max-video-preview:-1"},"canonical":"http:\/\/geziyoo.co\/blog\/2027-resmi-tatiller\/","og_locale":"tr_TR","og_type":"article","og_title":"2027 Resmi Tatiller, 2027'de Ka\u00e7 G\u00fcn Tatil Var? | Geziyoo","og_description":"2027\u2019de bizi bekleyen resmi tatillere \u015f\u00f6yle bir g\u00f6z atal\u0131m m\u0131? Y\u0131lba\u015f\u0131 tatiliyle ba\u015fl\u0131yoruz; bu kez haftan\u0131n sonuna yakla\u015fan cuma g\u00fcn\u00fcne denk geliyor!","og_url":"http:\/\/geziyoo.co\/blog\/2027-resmi-tatiller\/","og_site_name":"Geziyoo.co","article_publisher":"https:\/\/www.facebook.com\/Geziyooco","article_author":"https:\/\/www.facebook.com\/geziyoo.co","article_published_time":"2025-06-12T14:34:20+00:00","article_modified_time":"2026-02-08T13:55:14+00:00","og_image":[{"width":1200,"height":800,"url":"http:\/\/geziyoo.co\/blog\/wp-content\/uploads\/2024\/12\/Karadag-Doganin-ve-Tarihin-Bulustugu-Bir-Cennet-1.jpg","type":"image\/jpeg"}],"author":"Geziyoo","twitter_card":"summary_large_image","twitter_creator":"@https:\/\/twitter.com\/geziyoo","twitter_site":"@geziyoo","twitter_misc":{"Yazan:":"Geziyoo","Tahmini okuma s\u00fcresi":"5 dakika"},"schema":{"@context":"https:\/\/schema.org","@graph":[{"@type":"Article","@id":"http:\/\/geziyoo.co\/blog\/2027-resmi-tatiller\/#article","isPartOf":{"@id":"http:\/\/geziyoo.co\/blog\/2027-resmi-tatiller\/"},"author":{"name":"Geziyoo","@id":"https:\/\/geziyoo.co\/blog\/#\/schema\/person\/032acb2436540ed14784e7d978aef0e4"},"headline":"2027 Resmi Tatiller, 2027&#8217;de Ka\u00e7 G\u00fcn Tatil Var?","datePublished":"2025-06-12T14:34:20+00:00","dateModified":"2026-02-08T13:55:14+00:00","mainEntityOfPage":{"@id":"http:\/\/geziyoo.co\/blog\/2027-resmi-tatiller\/"},"wordCount":961,"publisher":{"@id":"https:\/\/geziyoo.co\/blog\/#organization"},"image":{"@id":"http:\/\/geziyoo.co\/blog\/2027-resmi-tatiller\/#primaryimage"},"thumbnailUrl":"https:\/\/geziyoo.co\/blog\/wp-content\/uploads\/2024\/12\/Karadag-Doganin-ve-Tarihin-Bulustugu-Bir-Cennet-1.jpg","keywords":["Ara\u00e7lar"],"articleSection":["Gezi Rehberi"],"inLanguage":"tr"},{"@type":"WebPage","@id":"http:\/\/geziyoo.co\/blog\/2027-resmi-tatiller\/","url":"http:\/\/geziyoo.co\/blog\/2027-resmi-tatiller\/","name":"2027 Resmi Tatiller, 2027'de Ka\u00e7 G\u00fcn Tatil Var? | Geziyoo","isPartOf":{"@id":"https:\/\/geziyoo.co\/blog\/#website"},"primaryImageOfPage":{"@id":"http:\/\/geziyoo.co\/blog\/2027-resmi-tatiller\/#primaryimage"},"image":{"@id":"http:\/\/geziyoo.co\/blog\/2027-resmi-tatiller\/#primaryimage"},"thumbnailUrl":"https:\/\/geziyoo.co\/blog\/wp-content\/uploads\/2024\/12\/Karadag-Doganin-ve-Tarihin-Bulustugu-Bir-Cennet-1.jpg","datePublished":"2025-06-12T14:34:20+00:00","dateModified":"2026-02-08T13:55:14+00:00","description":"2027\u2019de bizi bekleyen resmi tatillere \u015f\u00f6yle bir g\u00f6z atal\u0131m m\u0131? Y\u0131lba\u015f\u0131 tatiliyle ba\u015fl\u0131yoruz; bu kez haftan\u0131n sonuna yakla\u015fan cuma g\u00fcn\u00fcne denk geliyor!","breadcrumb":{"@id":"http:\/\/geziyoo.co\/blog\/2027-resmi-tatiller\/#breadcrumb"},"inLanguage":"tr","potentialAction":[{"@type":"ReadAction","target":["http:\/\/geziyoo.co\/blog\/2027-resmi-tatiller\/"]}]},{"@type":"ImageObject","inLanguage":"tr","@id":"http:\/\/geziyoo.co\/blog\/2027-resmi-tatiller\/#primaryimage","url":"https:\/\/geziyoo.co\/blog\/wp-content\/uploads\/2024\/12\/Karadag-Doganin-ve-Tarihin-Bulustugu-Bir-Cennet-1.jpg","contentUrl":"https:\/\/geziyoo.co\/blog\/wp-content\/uploads\/2024\/12\/Karadag-Doganin-ve-Tarihin-Bulustugu-Bir-Cennet-1.jpg","width":1200,"height":800},{"@type":"BreadcrumbList","@id":"http:\/\/geziyoo.co\/blog\/2027-resmi-tatiller\/#breadcrumb","itemListElement":[{"@type":"ListItem","position":1,"name":"Ana sayfa","item":"https:\/\/geziyoo.co\/blog\/"},{"@type":"ListItem","position":2,"name":"2027 Resmi Tatiller, 2027&#8217;de Ka\u00e7 G\u00fcn Tatil Var?"}]},{"@type":"WebSite","@id":"https:\/\/geziyoo.co\/blog\/#website","url":"https:\/\/geziyoo.co\/blog\/","name":"Geziyoo Blog","description":"GeziYoo Blog&#039;da T\u00fcrkiye&#039;nin en iyi kamp alanlar\u0131ndan bungalov tatillerine, karavan ipu\u00e7lar\u0131ndan gezi rehberlerine kadar her t\u00fcrl\u00fc do\u011fa deneyimini ke\u015ffedin.","publisher":{"@id":"https:\/\/geziyoo.co\/blog\/#organization"},"potentialAction":[{"@type":"SearchAction","target":{"@type":"EntryPoint","urlTemplate":"https:\/\/geziyoo.co\/blog\/?s={search_term_string}"},"query-input":{"@type":"PropertyValueSpecification","valueRequired":true,"valueName":"search_term_string"}}],"inLanguage":"tr"},{"@type":"Organization","@id":"https:\/\/geziyoo.co\/blog\/#organization","name":"Geziyoo.co","url":"https:\/\/geziyoo.co\/blog\/","logo":{"@type":"ImageObject","inLanguage":"tr","@id":"https:\/\/geziyoo.co\/blog\/#\/schema\/logo\/image\/","url":"https:\/\/geziyoo.co\/blog\/wp-content\/uploads\/2025\/01\/Paragraf-metniniz-3.png","contentUrl":"https:\/\/geziyoo.co\/blog\/wp-content\/uploads\/2025\/01\/Paragraf-metniniz-3.png","width":270,"height":50,"caption":"Geziyoo.co"},"image":{"@id":"https:\/\/geziyoo.co\/blog\/#\/schema\/logo\/image\/"},"sameAs":["https:\/\/www.facebook.com\/Geziyooco","https:\/\/x.com\/geziyoo","https:\/\/tr.pinterest.com\/geziyooco\/","https:\/\/www.youtube.com\/@geziyoo","https:\/\/www.instagram.com\/geziyoo.co\/"]},{"@type":"Person","@id":"https:\/\/geziyoo.co\/blog\/#\/schema\/person\/032acb2436540ed14784e7d978aef0e4","name":"Geziyoo","image":{"@type":"ImageObject","inLanguage":"tr","@id":"https:\/\/geziyoo.co\/blog\/#\/schema\/person\/image\/","url":"https:\/\/secure.gravatar.com\/avatar\/ae212a4514471fdb8cab6e5af4f3c99b940a2d0a16713ea0392c8d7c8a64f30a?s=96&d=mm&r=g","contentUrl":"https:\/\/secure.gravatar.com\/avatar\/ae212a4514471fdb8cab6e5af4f3c99b940a2d0a16713ea0392c8d7c8a64f30a?s=96&d=mm&r=g","caption":"Geziyoo"},"description":"Do\u011fa ile i\u00e7 i\u00e7e olabilece\u011finiz yerler,do\u011fa aktivite alanlar\u0131,kamp alanlar\u0131,bungalov oteller,Tiny House Oteller, Galampingler ve da\u011f evlerinin herkes i\u00e7in ula\u015f\u0131labilir olmas\u0131n\u0131 sa\u011flamak amac\u0131yla Geziyoo\u2019ya 2019 y\u0131l\u0131nda ba\u015flad\u0131k.Do\u011fal Tatil konseptini uygulayan en geni\u015f kapsaml\u0131 sitedir.","sameAs":["https:\/\/geziyoo.co\/","https:\/\/www.facebook.com\/geziyoo.co","https:\/\/www.instagram.com\/geziyoo.co\/","https:\/\/tr.pinterest.com\/geziyooco\/","https:\/\/x.com\/https:\/\/twitter.com\/geziyoo","https:\/\/www.youtube.com\/channel\/UCdiSMa6pe17KEY7DP1Ug4ag"]}]}},"amp_enabled":false,"_links":{"self":[{"href":"https:\/\/geziyoo.co\/blog\/wp-json\/wp\/v2\/posts\/22041","targetHints":{"allow":["GET"]}}],"collection":[{"href":"https:\/\/geziyoo.co\/blog\/wp-json\/wp\/v2\/posts"}],"about":[{"href":"https:\/\/geziyoo.co\/blog\/wp-json\/wp\/v2\/types\/post"}],"author":[{"embeddable":true,"href":"https:\/\/geziyoo.co\/blog\/wp-json\/wp\/v2\/users\/1"}],"replies":[{"embeddable":true,"href":"https:\/\/geziyoo.co\/blog\/wp-json\/wp\/v2\/comments?post=22041"}],"version-history":[{"count":1,"href":"https:\/\/geziyoo.co\/blog\/wp-json\/wp\/v2\/posts\/22041\/revisions"}],"predecessor-version":[{"id":24359,"href":"https:\/\/geziyoo.co\/blog\/wp-json\/wp\/v2\/posts\/22041\/revisions\/24359"}],"wp:featuredmedia":[{"embeddable":true,"href":"https:\/\/geziyoo.co\/blog\/wp-json\/wp\/v2\/media\/19899"}],"wp:attachment":[{"href":"https:\/\/geziyoo.co\/blog\/wp-json\/wp\/v2\/media?parent=22041"}],"wp:term":[{"taxonomy":"category","embeddable":true,"href":"https:\/\/geziyoo.co\/blog\/wp-json\/wp\/v2\/categories?post=22041"},{"taxonomy":"post_tag","embeddable":true,"href":"https:\/\/geziyoo.co\/blog\/wp-json\/wp\/v2\/tags?post=22041"}],"curies":[{"name":"wp","href":"https:\/\/api.w.org\/{rel}","templated":true}]}}