{"id":20840,"date":"2025-04-14T14:28:13","date_gmt":"2025-04-14T14:28:13","guid":{"rendered":"https:\/\/geziyoo.co\/blog\/?p=20840"},"modified":"2026-02-06T12:32:49","modified_gmt":"2026-02-06T12:32:49","slug":"ihlara-vadisi-gezi-rehberi-nasil-gidilir-2026-giris-ucreti","status":"publish","type":"post","link":"https:\/\/geziyoo.co\/blog\/ihlara-vadisi-gezi-rehberi-nasil-gidilir-2026-giris-ucreti\/","title":{"rendered":"Ihlara Vadisi Gezi Rehberi (Nas\u0131l Gidilir? 2026 Giri\u015f \u00dccreti)"},"content":{"rendered":"\n<p><strong>Ihlara Vadisi<\/strong> Gezi Rehberi yaz\u0131m\u0131zdan herkese merhabalar. <strong>Ihlara Vadisi<\/strong>&#8216;ne, <strong>Kapadokya<\/strong>&#8216;ya giden herkes muhakkak u\u011fram\u0131\u015ft\u0131r. Zaten oralara kadar gitmi\u015fken, g\u00f6rmemek olmaz.<\/p>\n\n\n\n<p>Herkes genelde &#8220;ye\u015fil vadi&#8221; diye bilir ve yaz\u0131n gitmeyi tercih eder. Peki, karlar alt\u0131nda hi\u00e7 gittiniz mi? K\u0131\u015f\u0131n <strong>Ihlara Vadisi<\/strong> inan\u0131lmaz g\u00fczel oluyor. Hele bir de kar ya\u011f\u0131yorsa, aman Allah\u2019\u0131m, yok b\u00f6yle bir g\u00fczellik!<\/p>\n\n\n\n<p>Biz balay\u0131m\u0131z\u0131 \u015eubat ay\u0131nda <strong><em><a href=\"https:\/\/geziyoo.co\/blog\/kapadokya-guzel-atlar-diyari\/\">Kapadokya<\/a><\/em><\/strong> b\u00f6lgesinde ge\u00e7irdik ve <strong>Ihlara Vadisi<\/strong>&#8216;ni g\u00f6rmeden de balay\u0131m\u0131z\u0131 bitirmedik. Tabular\u0131m\u0131zdan \u00e7\u0131k\u0131p k\u0131\u015f\u0131n vadisini ziyaret etmeye karar verdik.<\/p>\n\n\n\n<p>Bu b\u00f6lgedeyseniz <strong><em><a href=\"https:\/\/geziyoo.co\/location\/aksaray-dogal-tatil-yerleri\/\">Aksaray Do\u011fal Tatil<\/a><\/em><\/strong> sayfam\u0131za bakman\u0131z\u0131 \u00f6neriyoruz.Birbirinden g\u00fczel manzaraya sahip kamp alanlar\u0131n\u0131 ve bungalov otelleri bulabilirsiniz.<\/p>\n\n\n\n<hr class=\"wp-block-separator has-alpha-channel-opacity is-style-wide\"\/>\n\n\n\n<h2 class=\"wp-block-heading\"><strong>Anl\u0131k Hava Durumu<\/strong><\/h2>\n\n\n\n<p>Hava durumu bilgisi Meteoroloji Genel M\u00fcd\u00fcrl\u00fc\u011f\u00fc\u2019nden anl\u0131k olarak al\u0131nmaktad\u0131r. Meteoroloji tutturam\u0131yor diyenler, hava durumunu <strong><em><a href=\"https:\/\/www.accuweather.com\/tr\/tr\/nevsehir\/319781\/weather-forecast\/319781\">Accuweather<\/a><\/em><\/strong> sitesinden takip edebilir. Hava nas\u0131l olursa olsun, \u00f6nemli olan sizin ruh halinizdir. Kendinizi hava durumuna endekslemeyin; bulundu\u011funuz an\u0131n keyfini \u00e7\u0131kar\u0131n.<\/p>\n\n\n\n<hr class=\"wp-block-separator has-alpha-channel-opacity is-style-wide\"\/>\n\n\n\n<h2 class=\"wp-block-heading\"><strong>Vadinin Tarihi ve Tarih\u00e7esi<\/strong><\/h2>\n\n\n\n<figure class=\"wp-block-image size-large\"><img decoding=\"async\" width=\"1024\" height=\"683\" data-src=\"https:\/\/geziyoo.co\/blog\/wp-content\/uploads\/2021\/07\/Ihlara-Vadisi-1024x683.jpg\" alt=\"\" class=\"wp-image-7339 lazyload\" data-srcset=\"https:\/\/geziyoo.co\/blog\/wp-content\/uploads\/2021\/07\/Ihlara-Vadisi-1024x683.jpg 1024w, https:\/\/geziyoo.co\/blog\/wp-content\/uploads\/2021\/07\/Ihlara-Vadisi-300x200.jpg 300w, https:\/\/geziyoo.co\/blog\/wp-content\/uploads\/2021\/07\/Ihlara-Vadisi-768x512.jpg 768w, https:\/\/geziyoo.co\/blog\/wp-content\/uploads\/2021\/07\/Ihlara-Vadisi.jpg 1200w\" data-sizes=\"(max-width: 1024px) 100vw, 1024px\" src=\"data:image\/gif;base64,R0lGODlhAQABAAAAACH5BAEKAAEALAAAAAABAAEAAAICTAEAOw==\" style=\"--smush-placeholder-width: 1024px; --smush-placeholder-aspect-ratio: 1024\/683;\" \/><\/figure>\n\n\n\n<p>\u0130lk \u00e7a\u011flarda, Kapadokya Irma\u011f\u0131&#8217;n\u0131n (Patamos Kapadokus) ortas\u0131nda, do\u011fan\u0131n ve tarihin bir arada bulundu\u011fu bu kiliselerin ilk \u00f6rnekleri M.S. 4. y\u00fczy\u0131la kadar inmektedir. Kiliselerin resim tekni\u011fi iki k\u0131s\u0131mda incelenebilir. <strong>Ihlara Vadisi<\/strong> civar\u0131ndaki kiliseler, \u201cKapadokya Tipi\u201d olarak bilinen \u00f6zellikler ta\u015f\u0131r. Bunlara \u00f6rnek olarak <strong>E\u011frita\u015f<\/strong>, <strong>A\u011fa\u00e7alt\u0131<\/strong>, <strong>Kokar<\/strong>, <strong>P\u00fcrenliseki<\/strong> ve <strong>Y\u0131lanl\u0131 Kilise<\/strong> verilebilir. Belis\u0131rma b\u00f6l\u00fcm\u00fcnde bulunan kiliseler ise \u201cBizans Tipi\u201d resimlerle s\u00fcslenmi\u015ftir. D\u00fcnyada benzeri olmayan bu vadi, yer yer 100\u2013120 metreye varan derinli\u011fe sahiptir. (Kaynak: \u0130l K\u00fclt\u00fcr ve Turizm M\u00fcd\u00fcrl\u00fc\u011f\u00fc)<\/p>\n\n\n\n<hr class=\"wp-block-separator has-alpha-channel-opacity is-style-wide\"\/>\n\n\n\n<h2 class=\"wp-block-heading\"><strong>Ihlara Vadisi Nas\u0131l Olu\u015fmu\u015ftur?<\/strong><\/h2>\n\n\n\n<figure class=\"wp-block-image size-full\"><img decoding=\"async\" width=\"800\" height=\"534\" data-src=\"https:\/\/geziyoo.co\/blog\/wp-content\/uploads\/2025\/03\/ihlara-Vadisi-Turu-2.webp\" alt=\"\" class=\"wp-image-21699 lazyload\" data-srcset=\"https:\/\/geziyoo.co\/blog\/wp-content\/uploads\/2025\/03\/ihlara-Vadisi-Turu-2.webp 800w, https:\/\/geziyoo.co\/blog\/wp-content\/uploads\/2025\/03\/ihlara-Vadisi-Turu-2-300x200.webp 300w, https:\/\/geziyoo.co\/blog\/wp-content\/uploads\/2025\/03\/ihlara-Vadisi-Turu-2-768x513.webp 768w, https:\/\/geziyoo.co\/blog\/wp-content\/uploads\/2025\/03\/ihlara-Vadisi-Turu-2-150x100.webp 150w\" data-sizes=\"(max-width: 800px) 100vw, 800px\" src=\"data:image\/gif;base64,R0lGODlhAQABAAAAACH5BAEKAAEALAAAAAABAAEAAAICTAEAOw==\" style=\"--smush-placeholder-width: 800px; --smush-placeholder-aspect-ratio: 800\/534;\" \/><\/figure>\n\n\n\n<p>Bu vadi, Hasan Da\u011f\u0131&#8217;ndan kaynaklanan tektonik hareketlere ve b\u00f6lgede bulunan su kayna\u011f\u0131n\u0131n yukar\u0131 do\u011fru f\u0131\u015fk\u0131rmas\u0131yla olu\u015fmu\u015ftur. D\u00fc\u015f\u00fcn\u00fcn, bir anda bir deprem oluyor, ard\u0131ndan b\u00fcy\u00fck bir \u00e7\u00f6k\u00fcnt\u00fc ya\u015fan\u0131yor; sonras\u0131nda muazzam su g\u00fcc\u00fc ve r\u00fczgar\u0131n etkisiyle vadi bug\u00fcnk\u00fc halini al\u0131yor. G\u00fcn\u00fcm\u00fczde b\u00f6lge olduk\u00e7a sakin olsa da, ge\u00e7mi\u015fte b\u00fcy\u00fck do\u011fal faaliyetler g\u00f6zlemlenmi\u015ftir. Do\u011fa her zaman s\u00fcrprizlerle doludur!<\/p>\n\n\n\n<hr class=\"wp-block-separator has-alpha-channel-opacity is-style-wide\"\/>\n\n\n\n<h2 class=\"wp-block-heading\"><strong>Ihlara Vadisi Nerede?<\/strong> <strong>Nas\u0131l Gidilir?<\/strong><\/h2>\n\n\n\n<figure class=\"wp-block-image size-full\"><img decoding=\"async\" width=\"1007\" height=\"663\" data-src=\"https:\/\/geziyoo.co\/blog\/wp-content\/uploads\/2025\/03\/ihlara-Vadisi-Turu-3.webp\" alt=\"\" class=\"wp-image-21698 lazyload\" data-srcset=\"https:\/\/geziyoo.co\/blog\/wp-content\/uploads\/2025\/03\/ihlara-Vadisi-Turu-3.webp 1007w, https:\/\/geziyoo.co\/blog\/wp-content\/uploads\/2025\/03\/ihlara-Vadisi-Turu-3-300x198.webp 300w, https:\/\/geziyoo.co\/blog\/wp-content\/uploads\/2025\/03\/ihlara-Vadisi-Turu-3-768x506.webp 768w, https:\/\/geziyoo.co\/blog\/wp-content\/uploads\/2025\/03\/ihlara-Vadisi-Turu-3-150x99.webp 150w\" data-sizes=\"(max-width: 1007px) 100vw, 1007px\" src=\"data:image\/gif;base64,R0lGODlhAQABAAAAACH5BAEKAAEALAAAAAABAAEAAAICTAEAOw==\" style=\"--smush-placeholder-width: 1007px; --smush-placeholder-aspect-ratio: 1007\/663;\" \/><\/figure>\n\n\n\n<p>Vadi, \u0130\u00e7 Anadolu B\u00f6lgesi\u2019nde yer al\u0131r ve Aksaray\u2019a ba\u011fl\u0131d\u0131r. Genel olarak <strong>Kapadokya<\/strong> B\u00f6lgesi i\u00e7erisinde bilinir. E\u011fer bu b\u00f6lgeye ilgi duyuyorsan\u0131z, <strong>Kapadokya Gezi Rehberi<\/strong> yaz\u0131m\u0131z\u0131 da mutlaka g\u00f6zden ge\u00e7irin.<\/p>\n\n\n\n<p>Vadiye ula\u015fmak i\u00e7in birka\u00e7 alternatif mevcuttur:<\/p>\n\n\n\n<ul class=\"wp-block-list\">\n<li><strong>Otob\u00fcs ile Ula\u015f\u0131m:<\/strong> Otob\u00fcsle seyahat edecekler \u00f6ncelikle Aksaray\u2019a ula\u015fmal\u0131; Aksaray\u2019dan ise <strong>Ihlara Vadisi<\/strong>&#8216;ne gelen minib\u00fcslerle ula\u015f\u0131m sa\u011flanabilir. (Sefer saatleri: 11.00, 15.00, 17.30)<\/li>\n\n\n\n<li><strong>Arac\u0131n\u0131z ile Ula\u015f\u0131m:<\/strong> Kendi arac\u0131n\u0131zla gelecekler i\u00e7in ilk durak Aksaray olmal\u0131d\u0131r. Sonras\u0131nda <a class=\"\" href=\"https:\/\/www.google.com.tr\/maps\/place\/Ihlara,+68570+Ihlara+Belediyesi%2FG%C3%BCzelyurt%2FAksaray\/@38.2385051,34.2976082,15z\/data=!3m1!4b1!4m5!3m4!1s0x14d60fc188759b91:0xeb006bf365b859d0!8m2!3d38.238506!4d34.306363\">Google Harita<\/a> \u00fczerinden yol tarifinizi kontrol edebilirsiniz.<\/li>\n\n\n\n<li><strong>Tur ile Gidi\u015f:<\/strong> <strong>Kapadokya<\/strong> b\u00f6lgesinde konaklayanlar, g\u00fcn\u00fc birlik turlar arac\u0131l\u0131\u011f\u0131yla vadiye ula\u015fabilir. Bu turlar hakk\u0131nda detayl\u0131 bilgi i\u00e7in <a href=\"https:\/\/geziyoo.co\/blog\/ihlara-vadisi-turu-rotasi-detaylari-2025-tur-fiyati\/\">Ihlara Vadi Turlar\u0131<\/a> yaz\u0131s\u0131n\u0131 inceleyebilirsiniz.<\/li>\n<\/ul>\n\n\n\n<hr class=\"wp-block-separator has-alpha-channel-opacity is-style-wide\"\/>\n\n\n\n<h2 class=\"wp-block-heading\"><strong>Ihlara Vadisinde Nerede Kal\u0131n\u0131r?<\/strong><\/h2>\n\n\n\n<p>Konaklama se\u00e7enekleri a\u00e7\u0131s\u0131ndan Aksaray, <strong>Kapadokya<\/strong> ve Nev\u015fehir b\u00f6lgelerinde bir\u00e7ok alternatif bulunmaktad\u0131r. Bizim kald\u0131\u011f\u0131m\u0131z otel \u00e7ok g\u00fczeldi; e\u011fer detay merak ediyorsan\u0131z yorumlar k\u0131sm\u0131ndan sorabilirsiniz.\u0130lginiz \u00e7ekerse diye <strong><em><a href=\"https:\/\/geziyoo.co\/blog\/kapadokya-bungalov-oteller-ve-bungalov-evler\/\">Kapadokya Bungalov Oteller<\/a><\/em><\/strong> sayfam\u0131za da bak\u0131n deriz.<\/p>\n\n\n\n<hr class=\"wp-block-separator has-alpha-channel-opacity is-style-wide\"\/>\n\n\n\n<h2 class=\"wp-block-heading\"><strong>Ihlara Vadisi A\u00e7\u0131l\u0131\u015f ve Kapan\u0131\u015f Saatleri<\/strong><\/h2>\n\n\n\n<figure class=\"wp-block-image size-full\"><img decoding=\"async\" width=\"869\" height=\"450\" data-src=\"https:\/\/geziyoo.co\/blog\/wp-content\/uploads\/2025\/03\/ihlara-Vadisi-Turu-3.jpg\" alt=\"\" class=\"wp-image-21696 lazyload\" data-srcset=\"https:\/\/geziyoo.co\/blog\/wp-content\/uploads\/2025\/03\/ihlara-Vadisi-Turu-3.jpg 869w, https:\/\/geziyoo.co\/blog\/wp-content\/uploads\/2025\/03\/ihlara-Vadisi-Turu-3-300x155.jpg 300w, https:\/\/geziyoo.co\/blog\/wp-content\/uploads\/2025\/03\/ihlara-Vadisi-Turu-3-768x398.jpg 768w, https:\/\/geziyoo.co\/blog\/wp-content\/uploads\/2025\/03\/ihlara-Vadisi-Turu-3-150x78.jpg 150w\" data-sizes=\"(max-width: 869px) 100vw, 869px\" src=\"data:image\/gif;base64,R0lGODlhAQABAAAAACH5BAEKAAEALAAAAAABAAEAAAICTAEAOw==\" style=\"--smush-placeholder-width: 869px; --smush-placeholder-aspect-ratio: 869\/450;\" \/><\/figure>\n\n\n\n<ul class=\"wp-block-list\">\n<li><strong>Nisan \u2013 Ekim Aylar\u0131:<\/strong> 08.00 \u2013 18.15<\/li>\n\n\n\n<li><strong>Kas\u0131m \u2013 Mart Aylar\u0131:<\/strong> 08.00 \u2013 17.00<\/li>\n<\/ul>\n\n\n\n<p>G\u00f6n\u00fcl isterse gece de ziyaret edilebilir; d\u00fc\u015f\u00fcn\u00fcn, zifiri karanl\u0131kta y\u0131ld\u0131zlar\u0131 izlerken, akan suyun huzur veren sesi e\u015flik ediyor.<\/p>\n\n\n\n<hr class=\"wp-block-separator has-alpha-channel-opacity is-style-wide\"\/>\n\n\n\n<h2 class=\"wp-block-heading\"><strong>Ihlara Vadisi Giri\u015f \u00dccreti<\/strong> 2026<\/h2>\n\n\n\n<figure class=\"wp-block-image size-full\"><img decoding=\"async\" width=\"859\" height=\"555\" data-src=\"https:\/\/geziyoo.co\/blog\/wp-content\/uploads\/2025\/03\/ihlara-Vadisi-Turu-1.webp\" alt=\"\" class=\"wp-image-21694 lazyload\" data-srcset=\"https:\/\/geziyoo.co\/blog\/wp-content\/uploads\/2025\/03\/ihlara-Vadisi-Turu-1.webp 859w, https:\/\/geziyoo.co\/blog\/wp-content\/uploads\/2025\/03\/ihlara-Vadisi-Turu-1-300x194.webp 300w, https:\/\/geziyoo.co\/blog\/wp-content\/uploads\/2025\/03\/ihlara-Vadisi-Turu-1-768x496.webp 768w, https:\/\/geziyoo.co\/blog\/wp-content\/uploads\/2025\/03\/ihlara-Vadisi-Turu-1-150x97.webp 150w\" data-sizes=\"(max-width: 859px) 100vw, 859px\" src=\"data:image\/gif;base64,R0lGODlhAQABAAAAACH5BAEKAAEALAAAAAABAAEAAAICTAEAOw==\" style=\"--smush-placeholder-width: 859px; --smush-placeholder-aspect-ratio: 859\/555;\" \/><\/figure>\n\n\n\n<p>2026 y\u0131l\u0131 i\u00e7in <strong>Ihlara Vadisi<\/strong>&#8216;ne giri\u015f \u00fccreti 15 EUR\u2019dir. E\u011fer tur kapsam\u0131nda gidiyorsan\u0131z, giri\u015f \u00fccreti tura dahildir. G\u00fcncel bilgiler i\u00e7in <a href=\"https:\/\/geziyoo.co\/blog\/ihlara-vadisi-turu-rotasi-detaylari-2025-tur-fiyati\/\"><strong>Ihlara Vadi Turu<\/strong><\/a> yaz\u0131s\u0131na, ayr\u0131ca <a class=\"\" href=\"https:\/\/muze.gov.tr\/tr\/muzeler\/ihlara-vadisi-orenyeri\">m\u00fcze.gov.tr<\/a> adresine bakabilirsiniz.<strong><strong>M\u00fczekart ile Girilebilir.<\/strong><\/strong><\/p>\n\n\n\n<hr class=\"wp-block-separator has-alpha-channel-opacity is-style-wide\"\/>\n\n\n\n<p><strong>Vadi \u0130\u00e7erisinde Yer Alan Kiliseler<\/strong><\/p>\n\n\n\n<p><strong>Ihlara Vadisi<\/strong>, pek \u00e7ok tarihi kiliseye ev sahipli\u011fi yapar. Bunlardan baz\u0131lar\u0131:<\/p>\n\n\n\n<p>\u2022 Kokar Kilisesi<br>\u2022 P\u00fcrenli Seki Kilisesi<br>\u2022 Daniel Kilisesi<br>\u2022 Y\u0131lanl\u0131 Kilise<br>\u2022 S\u00fcmb\u00fcll\u00fc Kilise<br>\u2022 E\u011frita\u015f Kilisesi<\/p>\n\n\n\n<hr class=\"wp-block-separator has-alpha-channel-opacity is-style-wide\"\/>\n\n\n\n<h2 class=\"wp-block-heading\"><strong>S\u0131k\u00e7a Sorulan Sorular<\/strong><\/h2>\n\n\n\n<ul class=\"wp-block-list\">\n<li><strong>Ihlara Vadisine giri\u015f \u00fccretli mi?<\/strong><br>Evet, 2025 y\u0131l\u0131 i\u00e7in giri\u015f \u00fccreti 15 EUR , M\u00fcze kart ile girilebilir<\/li>\n\n\n\n<li><strong>Ihlara vadisi ka\u00e7 merdiven var?<\/strong><br>Vadiye inmek i\u00e7in toplamda 394 merdiven bulunmaktad\u0131r.<\/li>\n\n\n\n<li><strong>Ihlara Vadisi kaya\u00e7 t\u00fcr\u00fc nedir?<\/strong><br>Vadinin olu\u015fumunda etkili olan kaya\u00e7 t\u00fcrleri, p\u00fcsk\u00fcr\u00fck (volkanik) kaya\u00e7lard\u0131r.<\/li>\n\n\n\n<li><strong>Ihlara Vadisi m\u00fcze kart ge\u00e7erli mi?<\/strong><br>Ihlara\u2019da M\u00fczekart ge\u00e7erlidir; detaylar ilgili sayfada bulunabilir.<\/li>\n\n\n\n<li><strong>Ihlara Vadisi a\u00e7\u0131l\u0131\u015f ve kapan\u0131\u015f saatleri nedir?<\/strong><br>Nisan\u2013Ekim aylar\u0131nda 07.00\u201319.30, Kas\u0131m\u2013Mart aylar\u0131nda ise 08.00\u201317.00 saatleri aras\u0131nda ziyaret\u00e7ilere a\u00e7\u0131kt\u0131r.<\/li>\n\n\n\n<li><strong>Ihlara Vadisi yak\u0131n\u0131ndaki oteller hangileridir?<\/strong><br>\u00d6rnek olarak; Belis\u0131rma Cave Butik Hotel, Kapadokya Stonelake Hotel, Cappadocia Ihlara Mansions &amp; Caves, Karamanl\u0131 Konagi, Hotel Karvalli, Ihlara Akar Hotel, Cappadocia Antique Gelveri Cave Hotel ve Osmanoglu Hotel gibi se\u00e7enekler bulunmaktad\u0131r.<\/li>\n\n\n\n<li><\/li>\n<\/ul>\n\n\n\n<p><strong>Kapadokya<\/strong> ve \u00e7evresiyle ilgili di\u011fer yaz\u0131lar\u0131m\u0131za da mutlaka g\u00f6z at\u0131n; b\u00f6lgenin g\u00fczelliklerini ke\u015ffetmek i\u00e7in daha fazla bilgiye ula\u015fabilirsiniz.<\/p>\n\n\n\n<p>Bu makalemizde, <strong>Ihlara Vadisi<\/strong>&#8216;ni ziyaret etmeyi planlayan gezginler i\u00e7in kapsaml\u0131 bilgiler sunmaya \u00e7al\u0131\u015ft\u0131k. Umar\u0131z yaz\u0131m\u0131z sizlere faydal\u0131 olmu\u015ftur. Gezinizden keyif al\u0131n, e\u011flenin ve her daim mutlu kal\u0131n. Kendinize iyi bak\u0131n, ho\u015f\u00e7akal\u0131n!<\/p>\n\n\n\n<h3 class=\"wp-block-heading\">Bunlar\u0131da Sevebilirsiniz;<\/h3>\n\n\n<ul class=\"wp-block-latest-posts__list wp-block-latest-posts\"><li><a class=\"wp-block-latest-posts__post-title\" href=\"https:\/\/geziyoo.co\/blog\/yurt-disinda-cocuklarin-egitimi-ebeveynler-formaliteler-yuzunden-nerede-para-kaybediyor\/\">Yurt d\u0131\u015f\u0131nda \u00e7ocuklar\u0131n e\u011fitimi: Ebeveynler formaliteler y\u00fcz\u00fcnden nerede para kaybediyor?<\/a><\/li>\n<li><a class=\"wp-block-latest-posts__post-title\" href=\"https:\/\/geziyoo.co\/blog\/gezerken-ne-giyilir\/\">Gezerken Ne Giyilir? Mevsim Ge\u00e7i\u015fleri ve Yaz Tatilleri \u0130\u00e7in Pratik Kombin Rehberi<\/a><\/li>\n<li><a class=\"wp-block-latest-posts__post-title\" href=\"https:\/\/geziyoo.co\/blog\/2026-resmi-tatilleri-ve-14-gune-43-gun\/\">Ajandalar Haz\u0131rlans\u0131n! 2026 Resmi Tatilleri ve &#8220;14 G\u00fcne 43 G\u00fcn&#8221; Form\u00fcl\u00fc G\u00fcndemde<\/a><\/li>\n<li><a class=\"wp-block-latest-posts__post-title\" href=\"https:\/\/geziyoo.co\/blog\/turkiyenin-en-romantik-5-plaji\/\">T\u00fcrkiye\u2019nin En Romantik 5 Plaj\u0131: \u00c7iftler \u0130\u00e7in Sakin ve Huzurlu Ka\u00e7amaklar<\/a><\/li>\n<li><a class=\"wp-block-latest-posts__post-title\" href=\"https:\/\/geziyoo.co\/blog\/ates-yakarken-yapilan-7-buyuk-hata-ve-tehlikeleri\/\">Ate\u015f Yakarken Yap\u0131lan 7 B\u00fcy\u00fck Hata ve Tehlikeleri<\/a><\/li>\n<\/ul>","protected":false},"excerpt":{"rendered":"<p>Ihlara Vadisi Gezi Rehberi yaz\u0131m\u0131zdan herkese merhabalar. Ihlara Vadisi&#8216;ne, Kapadokya&#8216;ya giden herkes muhakkak u\u011fram\u0131\u015ft\u0131r. Zaten oralara kadar gitmi\u015fken, g\u00f6rmemek olmaz. Herkes genelde &#8220;ye\u015fil vadi&#8221; diye bilir ve yaz\u0131n gitmeyi tercih eder. Peki, karlar alt\u0131nda hi\u00e7 gittiniz mi? K\u0131\u015f\u0131n Ihlara Vadisi inan\u0131lmaz g\u00fczel oluyor. Hele bir de kar ya\u011f\u0131yorsa, aman Allah\u2019\u0131m, yok b\u00f6yle bir g\u00fczellik! Biz &hellip;<\/p>\n","protected":false},"author":1,"featured_media":18300,"comment_status":"closed","ping_status":"closed","sticky":false,"template":"","format":"standard","meta":{"footnotes":""},"categories":[20],"tags":[],"class_list":["post-20840","post","type-post","status-publish","format-standard","has-post-thumbnail","hentry","category-gezirehberi"],"yoast_head":"<!-- This site is optimized with the Yoast SEO plugin v26.9 - https:\/\/yoast.com\/product\/yoast-seo-wordpress\/ -->\n<title>Ihlara Vadisi Gezi Rehberi (Nas\u0131l Gidilir? 2026 Giri\u015f \u00dccreti) | Geziyoo<\/title>\n<meta name=\"description\" content=\"Ihlara Vadisi Gezi Rehberi i\u00e7eri\u011fimizde Ihlara Vadisi Nerede? Nas\u0131l Gidilir? 2026 Giri\u015f \u00fccreti vb konulara yer verdik\" \/>\n<meta name=\"robots\" content=\"index, follow, max-snippet:-1, max-image-preview:large, max-video-preview:-1\" \/>\n<link rel=\"canonical\" href=\"https:\/\/geziyoo.co\/blog\/ihlara-vadisi-gezi-rehberi-nasil-gidilir-2026-giris-ucreti\/\" \/>\n<meta property=\"og:locale\" content=\"tr_TR\" \/>\n<meta property=\"og:type\" content=\"article\" \/>\n<meta property=\"og:title\" content=\"Ihlara Vadisi Gezi Rehberi (Nas\u0131l Gidilir? 2026 Giri\u015f \u00dccreti) | Geziyoo\" \/>\n<meta property=\"og:description\" content=\"Ihlara Vadisi Gezi Rehberi i\u00e7eri\u011fimizde Ihlara Vadisi Nerede? Nas\u0131l Gidilir? 2026 Giri\u015f \u00fccreti vb konulara yer verdik\" \/>\n<meta property=\"og:url\" content=\"https:\/\/geziyoo.co\/blog\/ihlara-vadisi-gezi-rehberi-nasil-gidilir-2026-giris-ucreti\/\" \/>\n<meta property=\"og:site_name\" content=\"Geziyoo.co\" \/>\n<meta property=\"article:publisher\" content=\"https:\/\/www.facebook.com\/Geziyooco\" \/>\n<meta property=\"article:author\" content=\"https:\/\/www.facebook.com\/geziyoo.co\" \/>\n<meta property=\"article:published_time\" content=\"2025-04-14T14:28:13+00:00\" \/>\n<meta property=\"article:modified_time\" content=\"2026-02-06T12:32:49+00:00\" \/>\n<meta property=\"og:image\" content=\"https:\/\/geziyoo.co\/blog\/wp-content\/uploads\/2024\/06\/Kisin-Ihlara-Vadisi-18-800x451-1.jpg\" \/>\n\t<meta property=\"og:image:width\" content=\"800\" \/>\n\t<meta property=\"og:image:height\" content=\"451\" \/>\n\t<meta property=\"og:image:type\" content=\"image\/jpeg\" \/>\n<meta name=\"author\" content=\"Geziyoo\" \/>\n<meta name=\"twitter:card\" content=\"summary_large_image\" \/>\n<meta name=\"twitter:creator\" content=\"@https:\/\/twitter.com\/geziyoo\" \/>\n<meta name=\"twitter:site\" content=\"@geziyoo\" \/>\n<meta name=\"twitter:label1\" content=\"Yazan:\" \/>\n\t<meta name=\"twitter:data1\" content=\"Geziyoo\" \/>\n\t<meta name=\"twitter:label2\" content=\"Tahmini okuma s\u00fcresi\" \/>\n\t<meta name=\"twitter:data2\" content=\"6 dakika\" \/>\n<script type=\"application\/ld+json\" class=\"yoast-schema-graph\">{\"@context\":\"https:\/\/schema.org\",\"@graph\":[{\"@type\":\"Article\",\"@id\":\"https:\/\/geziyoo.co\/blog\/ihlara-vadisi-gezi-rehberi-nasil-gidilir-2026-giris-ucreti\/#article\",\"isPartOf\":{\"@id\":\"https:\/\/geziyoo.co\/blog\/ihlara-vadisi-gezi-rehberi-nasil-gidilir-2026-giris-ucreti\/\"},\"author\":{\"name\":\"Geziyoo\",\"@id\":\"https:\/\/geziyoo.co\/blog\/#\/schema\/person\/032acb2436540ed14784e7d978aef0e4\"},\"headline\":\"Ihlara Vadisi Gezi Rehberi (Nas\u0131l Gidilir? 2026 Giri\u015f \u00dccreti)\",\"datePublished\":\"2025-04-14T14:28:13+00:00\",\"dateModified\":\"2026-02-06T12:32:49+00:00\",\"mainEntityOfPage\":{\"@id\":\"https:\/\/geziyoo.co\/blog\/ihlara-vadisi-gezi-rehberi-nasil-gidilir-2026-giris-ucreti\/\"},\"wordCount\":948,\"publisher\":{\"@id\":\"https:\/\/geziyoo.co\/blog\/#organization\"},\"image\":{\"@id\":\"https:\/\/geziyoo.co\/blog\/ihlara-vadisi-gezi-rehberi-nasil-gidilir-2026-giris-ucreti\/#primaryimage\"},\"thumbnailUrl\":\"https:\/\/geziyoo.co\/blog\/wp-content\/uploads\/2024\/06\/Kisin-Ihlara-Vadisi-18-800x451-1.jpg\",\"articleSection\":[\"Gezi Rehberi\"],\"inLanguage\":\"tr\"},{\"@type\":\"WebPage\",\"@id\":\"https:\/\/geziyoo.co\/blog\/ihlara-vadisi-gezi-rehberi-nasil-gidilir-2026-giris-ucreti\/\",\"url\":\"https:\/\/geziyoo.co\/blog\/ihlara-vadisi-gezi-rehberi-nasil-gidilir-2026-giris-ucreti\/\",\"name\":\"Ihlara Vadisi Gezi Rehberi (Nas\u0131l Gidilir? 2026 Giri\u015f \u00dccreti) | Geziyoo\",\"isPartOf\":{\"@id\":\"https:\/\/geziyoo.co\/blog\/#website\"},\"primaryImageOfPage\":{\"@id\":\"https:\/\/geziyoo.co\/blog\/ihlara-vadisi-gezi-rehberi-nasil-gidilir-2026-giris-ucreti\/#primaryimage\"},\"image\":{\"@id\":\"https:\/\/geziyoo.co\/blog\/ihlara-vadisi-gezi-rehberi-nasil-gidilir-2026-giris-ucreti\/#primaryimage\"},\"thumbnailUrl\":\"https:\/\/geziyoo.co\/blog\/wp-content\/uploads\/2024\/06\/Kisin-Ihlara-Vadisi-18-800x451-1.jpg\",\"datePublished\":\"2025-04-14T14:28:13+00:00\",\"dateModified\":\"2026-02-06T12:32:49+00:00\",\"description\":\"Ihlara Vadisi Gezi Rehberi i\u00e7eri\u011fimizde Ihlara Vadisi Nerede? Nas\u0131l Gidilir? 2026 Giri\u015f \u00fccreti vb konulara yer verdik\",\"breadcrumb\":{\"@id\":\"https:\/\/geziyoo.co\/blog\/ihlara-vadisi-gezi-rehberi-nasil-gidilir-2026-giris-ucreti\/#breadcrumb\"},\"inLanguage\":\"tr\",\"potentialAction\":[{\"@type\":\"ReadAction\",\"target\":[\"https:\/\/geziyoo.co\/blog\/ihlara-vadisi-gezi-rehberi-nasil-gidilir-2026-giris-ucreti\/\"]}]},{\"@type\":\"ImageObject\",\"inLanguage\":\"tr\",\"@id\":\"https:\/\/geziyoo.co\/blog\/ihlara-vadisi-gezi-rehberi-nasil-gidilir-2026-giris-ucreti\/#primaryimage\",\"url\":\"https:\/\/geziyoo.co\/blog\/wp-content\/uploads\/2024\/06\/Kisin-Ihlara-Vadisi-18-800x451-1.jpg\",\"contentUrl\":\"https:\/\/geziyoo.co\/blog\/wp-content\/uploads\/2024\/06\/Kisin-Ihlara-Vadisi-18-800x451-1.jpg\",\"width\":800,\"height\":451},{\"@type\":\"BreadcrumbList\",\"@id\":\"https:\/\/geziyoo.co\/blog\/ihlara-vadisi-gezi-rehberi-nasil-gidilir-2026-giris-ucreti\/#breadcrumb\",\"itemListElement\":[{\"@type\":\"ListItem\",\"position\":1,\"name\":\"Ana sayfa\",\"item\":\"https:\/\/geziyoo.co\/blog\/\"},{\"@type\":\"ListItem\",\"position\":2,\"name\":\"Ihlara Vadisi Gezi Rehberi (Nas\u0131l Gidilir? 2026 Giri\u015f \u00dccreti)\"}]},{\"@type\":\"WebSite\",\"@id\":\"https:\/\/geziyoo.co\/blog\/#website\",\"url\":\"https:\/\/geziyoo.co\/blog\/\",\"name\":\"Geziyoo Blog\",\"description\":\"GeziYoo Blog&#039;da T\u00fcrkiye&#039;nin en iyi kamp alanlar\u0131ndan bungalov tatillerine, karavan ipu\u00e7lar\u0131ndan gezi rehberlerine kadar her t\u00fcrl\u00fc do\u011fa deneyimini ke\u015ffedin.\",\"publisher\":{\"@id\":\"https:\/\/geziyoo.co\/blog\/#organization\"},\"potentialAction\":[{\"@type\":\"SearchAction\",\"target\":{\"@type\":\"EntryPoint\",\"urlTemplate\":\"https:\/\/geziyoo.co\/blog\/?s={search_term_string}\"},\"query-input\":{\"@type\":\"PropertyValueSpecification\",\"valueRequired\":true,\"valueName\":\"search_term_string\"}}],\"inLanguage\":\"tr\"},{\"@type\":\"Organization\",\"@id\":\"https:\/\/geziyoo.co\/blog\/#organization\",\"name\":\"Geziyoo.co\",\"url\":\"https:\/\/geziyoo.co\/blog\/\",\"logo\":{\"@type\":\"ImageObject\",\"inLanguage\":\"tr\",\"@id\":\"https:\/\/geziyoo.co\/blog\/#\/schema\/logo\/image\/\",\"url\":\"https:\/\/geziyoo.co\/blog\/wp-content\/uploads\/2025\/01\/Paragraf-metniniz-3.png\",\"contentUrl\":\"https:\/\/geziyoo.co\/blog\/wp-content\/uploads\/2025\/01\/Paragraf-metniniz-3.png\",\"width\":270,\"height\":50,\"caption\":\"Geziyoo.co\"},\"image\":{\"@id\":\"https:\/\/geziyoo.co\/blog\/#\/schema\/logo\/image\/\"},\"sameAs\":[\"https:\/\/www.facebook.com\/Geziyooco\",\"https:\/\/x.com\/geziyoo\",\"https:\/\/tr.pinterest.com\/geziyooco\/\",\"https:\/\/www.youtube.com\/@geziyoo\",\"https:\/\/www.instagram.com\/geziyoo.co\/\"]},{\"@type\":\"Person\",\"@id\":\"https:\/\/geziyoo.co\/blog\/#\/schema\/person\/032acb2436540ed14784e7d978aef0e4\",\"name\":\"Geziyoo\",\"image\":{\"@type\":\"ImageObject\",\"inLanguage\":\"tr\",\"@id\":\"https:\/\/geziyoo.co\/blog\/#\/schema\/person\/image\/\",\"url\":\"https:\/\/secure.gravatar.com\/avatar\/ae212a4514471fdb8cab6e5af4f3c99b940a2d0a16713ea0392c8d7c8a64f30a?s=96&d=mm&r=g\",\"contentUrl\":\"https:\/\/secure.gravatar.com\/avatar\/ae212a4514471fdb8cab6e5af4f3c99b940a2d0a16713ea0392c8d7c8a64f30a?s=96&d=mm&r=g\",\"caption\":\"Geziyoo\"},\"description\":\"Do\u011fa ile i\u00e7 i\u00e7e olabilece\u011finiz yerler,do\u011fa aktivite alanlar\u0131,kamp alanlar\u0131,bungalov oteller,Tiny House Oteller, Galampingler ve da\u011f evlerinin herkes i\u00e7in ula\u015f\u0131labilir olmas\u0131n\u0131 sa\u011flamak amac\u0131yla Geziyoo\u2019ya 2019 y\u0131l\u0131nda ba\u015flad\u0131k.Do\u011fal Tatil konseptini uygulayan en geni\u015f kapsaml\u0131 sitedir.\",\"sameAs\":[\"https:\/\/geziyoo.co\/\",\"https:\/\/www.facebook.com\/geziyoo.co\",\"https:\/\/www.instagram.com\/geziyoo.co\/\",\"https:\/\/tr.pinterest.com\/geziyooco\/\",\"https:\/\/x.com\/https:\/\/twitter.com\/geziyoo\",\"https:\/\/www.youtube.com\/channel\/UCdiSMa6pe17KEY7DP1Ug4ag\"]}]}<\/script>\n<!-- \/ Yoast SEO plugin. -->","yoast_head_json":{"title":"Ihlara Vadisi Gezi Rehberi (Nas\u0131l Gidilir? 2026 Giri\u015f \u00dccreti) | Geziyoo","description":"Ihlara Vadisi Gezi Rehberi i\u00e7eri\u011fimizde Ihlara Vadisi Nerede? Nas\u0131l Gidilir? 2026 Giri\u015f \u00fccreti vb konulara yer verdik","robots":{"index":"index","follow":"follow","max-snippet":"max-snippet:-1","max-image-preview":"max-image-preview:large","max-video-preview":"max-video-preview:-1"},"canonical":"https:\/\/geziyoo.co\/blog\/ihlara-vadisi-gezi-rehberi-nasil-gidilir-2026-giris-ucreti\/","og_locale":"tr_TR","og_type":"article","og_title":"Ihlara Vadisi Gezi Rehberi (Nas\u0131l Gidilir? 2026 Giri\u015f \u00dccreti) | Geziyoo","og_description":"Ihlara Vadisi Gezi Rehberi i\u00e7eri\u011fimizde Ihlara Vadisi Nerede? Nas\u0131l Gidilir? 2026 Giri\u015f \u00fccreti vb konulara yer verdik","og_url":"https:\/\/geziyoo.co\/blog\/ihlara-vadisi-gezi-rehberi-nasil-gidilir-2026-giris-ucreti\/","og_site_name":"Geziyoo.co","article_publisher":"https:\/\/www.facebook.com\/Geziyooco","article_author":"https:\/\/www.facebook.com\/geziyoo.co","article_published_time":"2025-04-14T14:28:13+00:00","article_modified_time":"2026-02-06T12:32:49+00:00","og_image":[{"width":800,"height":451,"url":"https:\/\/geziyoo.co\/blog\/wp-content\/uploads\/2024\/06\/Kisin-Ihlara-Vadisi-18-800x451-1.jpg","type":"image\/jpeg"}],"author":"Geziyoo","twitter_card":"summary_large_image","twitter_creator":"@https:\/\/twitter.com\/geziyoo","twitter_site":"@geziyoo","twitter_misc":{"Yazan:":"Geziyoo","Tahmini okuma s\u00fcresi":"6 dakika"},"schema":{"@context":"https:\/\/schema.org","@graph":[{"@type":"Article","@id":"https:\/\/geziyoo.co\/blog\/ihlara-vadisi-gezi-rehberi-nasil-gidilir-2026-giris-ucreti\/#article","isPartOf":{"@id":"https:\/\/geziyoo.co\/blog\/ihlara-vadisi-gezi-rehberi-nasil-gidilir-2026-giris-ucreti\/"},"author":{"name":"Geziyoo","@id":"https:\/\/geziyoo.co\/blog\/#\/schema\/person\/032acb2436540ed14784e7d978aef0e4"},"headline":"Ihlara Vadisi Gezi Rehberi (Nas\u0131l Gidilir? 2026 Giri\u015f \u00dccreti)","datePublished":"2025-04-14T14:28:13+00:00","dateModified":"2026-02-06T12:32:49+00:00","mainEntityOfPage":{"@id":"https:\/\/geziyoo.co\/blog\/ihlara-vadisi-gezi-rehberi-nasil-gidilir-2026-giris-ucreti\/"},"wordCount":948,"publisher":{"@id":"https:\/\/geziyoo.co\/blog\/#organization"},"image":{"@id":"https:\/\/geziyoo.co\/blog\/ihlara-vadisi-gezi-rehberi-nasil-gidilir-2026-giris-ucreti\/#primaryimage"},"thumbnailUrl":"https:\/\/geziyoo.co\/blog\/wp-content\/uploads\/2024\/06\/Kisin-Ihlara-Vadisi-18-800x451-1.jpg","articleSection":["Gezi Rehberi"],"inLanguage":"tr"},{"@type":"WebPage","@id":"https:\/\/geziyoo.co\/blog\/ihlara-vadisi-gezi-rehberi-nasil-gidilir-2026-giris-ucreti\/","url":"https:\/\/geziyoo.co\/blog\/ihlara-vadisi-gezi-rehberi-nasil-gidilir-2026-giris-ucreti\/","name":"Ihlara Vadisi Gezi Rehberi (Nas\u0131l Gidilir? 2026 Giri\u015f \u00dccreti) | Geziyoo","isPartOf":{"@id":"https:\/\/geziyoo.co\/blog\/#website"},"primaryImageOfPage":{"@id":"https:\/\/geziyoo.co\/blog\/ihlara-vadisi-gezi-rehberi-nasil-gidilir-2026-giris-ucreti\/#primaryimage"},"image":{"@id":"https:\/\/geziyoo.co\/blog\/ihlara-vadisi-gezi-rehberi-nasil-gidilir-2026-giris-ucreti\/#primaryimage"},"thumbnailUrl":"https:\/\/geziyoo.co\/blog\/wp-content\/uploads\/2024\/06\/Kisin-Ihlara-Vadisi-18-800x451-1.jpg","datePublished":"2025-04-14T14:28:13+00:00","dateModified":"2026-02-06T12:32:49+00:00","description":"Ihlara Vadisi Gezi Rehberi i\u00e7eri\u011fimizde Ihlara Vadisi Nerede? Nas\u0131l Gidilir? 2026 Giri\u015f \u00fccreti vb konulara yer verdik","breadcrumb":{"@id":"https:\/\/geziyoo.co\/blog\/ihlara-vadisi-gezi-rehberi-nasil-gidilir-2026-giris-ucreti\/#breadcrumb"},"inLanguage":"tr","potentialAction":[{"@type":"ReadAction","target":["https:\/\/geziyoo.co\/blog\/ihlara-vadisi-gezi-rehberi-nasil-gidilir-2026-giris-ucreti\/"]}]},{"@type":"ImageObject","inLanguage":"tr","@id":"https:\/\/geziyoo.co\/blog\/ihlara-vadisi-gezi-rehberi-nasil-gidilir-2026-giris-ucreti\/#primaryimage","url":"https:\/\/geziyoo.co\/blog\/wp-content\/uploads\/2024\/06\/Kisin-Ihlara-Vadisi-18-800x451-1.jpg","contentUrl":"https:\/\/geziyoo.co\/blog\/wp-content\/uploads\/2024\/06\/Kisin-Ihlara-Vadisi-18-800x451-1.jpg","width":800,"height":451},{"@type":"BreadcrumbList","@id":"https:\/\/geziyoo.co\/blog\/ihlara-vadisi-gezi-rehberi-nasil-gidilir-2026-giris-ucreti\/#breadcrumb","itemListElement":[{"@type":"ListItem","position":1,"name":"Ana sayfa","item":"https:\/\/geziyoo.co\/blog\/"},{"@type":"ListItem","position":2,"name":"Ihlara Vadisi Gezi Rehberi (Nas\u0131l Gidilir? 2026 Giri\u015f \u00dccreti)"}]},{"@type":"WebSite","@id":"https:\/\/geziyoo.co\/blog\/#website","url":"https:\/\/geziyoo.co\/blog\/","name":"Geziyoo Blog","description":"GeziYoo Blog&#039;da T\u00fcrkiye&#039;nin en iyi kamp alanlar\u0131ndan bungalov tatillerine, karavan ipu\u00e7lar\u0131ndan gezi rehberlerine kadar her t\u00fcrl\u00fc do\u011fa deneyimini ke\u015ffedin.","publisher":{"@id":"https:\/\/geziyoo.co\/blog\/#organization"},"potentialAction":[{"@type":"SearchAction","target":{"@type":"EntryPoint","urlTemplate":"https:\/\/geziyoo.co\/blog\/?s={search_term_string}"},"query-input":{"@type":"PropertyValueSpecification","valueRequired":true,"valueName":"search_term_string"}}],"inLanguage":"tr"},{"@type":"Organization","@id":"https:\/\/geziyoo.co\/blog\/#organization","name":"Geziyoo.co","url":"https:\/\/geziyoo.co\/blog\/","logo":{"@type":"ImageObject","inLanguage":"tr","@id":"https:\/\/geziyoo.co\/blog\/#\/schema\/logo\/image\/","url":"https:\/\/geziyoo.co\/blog\/wp-content\/uploads\/2025\/01\/Paragraf-metniniz-3.png","contentUrl":"https:\/\/geziyoo.co\/blog\/wp-content\/uploads\/2025\/01\/Paragraf-metniniz-3.png","width":270,"height":50,"caption":"Geziyoo.co"},"image":{"@id":"https:\/\/geziyoo.co\/blog\/#\/schema\/logo\/image\/"},"sameAs":["https:\/\/www.facebook.com\/Geziyooco","https:\/\/x.com\/geziyoo","https:\/\/tr.pinterest.com\/geziyooco\/","https:\/\/www.youtube.com\/@geziyoo","https:\/\/www.instagram.com\/geziyoo.co\/"]},{"@type":"Person","@id":"https:\/\/geziyoo.co\/blog\/#\/schema\/person\/032acb2436540ed14784e7d978aef0e4","name":"Geziyoo","image":{"@type":"ImageObject","inLanguage":"tr","@id":"https:\/\/geziyoo.co\/blog\/#\/schema\/person\/image\/","url":"https:\/\/secure.gravatar.com\/avatar\/ae212a4514471fdb8cab6e5af4f3c99b940a2d0a16713ea0392c8d7c8a64f30a?s=96&d=mm&r=g","contentUrl":"https:\/\/secure.gravatar.com\/avatar\/ae212a4514471fdb8cab6e5af4f3c99b940a2d0a16713ea0392c8d7c8a64f30a?s=96&d=mm&r=g","caption":"Geziyoo"},"description":"Do\u011fa ile i\u00e7 i\u00e7e olabilece\u011finiz yerler,do\u011fa aktivite alanlar\u0131,kamp alanlar\u0131,bungalov oteller,Tiny House Oteller, Galampingler ve da\u011f evlerinin herkes i\u00e7in ula\u015f\u0131labilir olmas\u0131n\u0131 sa\u011flamak amac\u0131yla Geziyoo\u2019ya 2019 y\u0131l\u0131nda ba\u015flad\u0131k.Do\u011fal Tatil konseptini uygulayan en geni\u015f kapsaml\u0131 sitedir.","sameAs":["https:\/\/geziyoo.co\/","https:\/\/www.facebook.com\/geziyoo.co","https:\/\/www.instagram.com\/geziyoo.co\/","https:\/\/tr.pinterest.com\/geziyooco\/","https:\/\/x.com\/https:\/\/twitter.com\/geziyoo","https:\/\/www.youtube.com\/channel\/UCdiSMa6pe17KEY7DP1Ug4ag"]}]}},"amp_enabled":true,"_links":{"self":[{"href":"https:\/\/geziyoo.co\/blog\/wp-json\/wp\/v2\/posts\/20840","targetHints":{"allow":["GET"]}}],"collection":[{"href":"https:\/\/geziyoo.co\/blog\/wp-json\/wp\/v2\/posts"}],"about":[{"href":"https:\/\/geziyoo.co\/blog\/wp-json\/wp\/v2\/types\/post"}],"author":[{"embeddable":true,"href":"https:\/\/geziyoo.co\/blog\/wp-json\/wp\/v2\/users\/1"}],"replies":[{"embeddable":true,"href":"https:\/\/geziyoo.co\/blog\/wp-json\/wp\/v2\/comments?post=20840"}],"version-history":[{"count":0,"href":"https:\/\/geziyoo.co\/blog\/wp-json\/wp\/v2\/posts\/20840\/revisions"}],"wp:featuredmedia":[{"embeddable":true,"href":"https:\/\/geziyoo.co\/blog\/wp-json\/wp\/v2\/media\/18300"}],"wp:attachment":[{"href":"https:\/\/geziyoo.co\/blog\/wp-json\/wp\/v2\/media?parent=20840"}],"wp:term":[{"taxonomy":"category","embeddable":true,"href":"https:\/\/geziyoo.co\/blog\/wp-json\/wp\/v2\/categories?post=20840"},{"taxonomy":"post_tag","embeddable":true,"href":"https:\/\/geziyoo.co\/blog\/wp-json\/wp\/v2\/tags?post=20840"}],"curies":[{"name":"wp","href":"https:\/\/api.w.org\/{rel}","templated":true}]}}