{"id":19626,"date":"2024-11-25T14:56:15","date_gmt":"2024-11-25T14:56:15","guid":{"rendered":"https:\/\/geziyoo.co\/blog\/?p=19626"},"modified":"2026-02-08T11:41:00","modified_gmt":"2026-02-08T11:41:00","slug":"resmi-tatil-ve-bayram-tatili-hesaplama","status":"publish","type":"post","link":"https:\/\/geziyoo.co\/blog\/resmi-tatil-ve-bayram-tatili-hesaplama\/","title":{"rendered":"Resmi Tatil ve Bayram Tatili Hesaplama (2025-2032)"},"content":{"rendered":"\n<p>Tatillerinizi daha iyi planlayabilmeniz i\u00e7in <strong>Geziyoo.co<\/strong> taraf\u0131ndan haz\u0131rlanan <strong>Resmi Tatil ve Bayram Tatili Hesaplama Arac\u0131<\/strong> ile art\u0131k <strong>tatil planlar\u0131<\/strong> yapmak \u00e7ok daha kolay! Bu ara\u00e7, <strong>2025<\/strong> ile <strong>2032<\/strong> y\u0131llar\u0131 aras\u0131ndaki <strong>resmi tatil g\u00fcnlerini<\/strong> ve <strong>bayram tatillerini<\/strong> kolayca hesaplayarak, <strong>uzun tatil f\u0131rsatlar\u0131n\u0131<\/strong> de\u011ferlendirmenize yard\u0131mc\u0131 olur.<\/p>\n\n\n\n<blockquote class=\"wp-block-quote quote-solid is-layout-flow wp-block-quote quote-solid-is-layout-flow\">\n<p>Bu arada Geziyoo.co\u2019yu bilenler biliyor ama bilmeyenler i\u00e7in biraz bizden bahsedelim.Biz T\u00fcrkiye\u2019de yer alan do\u011fal tatil yerlerini (<strong><em><a href=\"https:\/\/geziyoo.co\/bungalov-oteller\/\">Bungalov<\/a><\/em><\/strong>,<strong><em><a href=\"https:\/\/geziyoo.co\/turkiyenin-en-iyi-kamp-alanlari-ve-karavan-parklari\/\">kamp alanlar\u0131<\/a><\/em><\/strong>,<strong><em><a href=\"https:\/\/geziyoo.co\/listing-category\/turkiyedeki-glampingler\/\">glampingler<\/a><\/em><\/strong>,<strong><em><a href=\"https:\/\/geziyoo.co\/listing-category\/turkyede-ki-dag-evleri-ve-tesisleri\/\">da\u011f evleri<\/a><\/em><\/strong>&nbsp;) \u00fccretsiz bir \u015fekilde tan\u0131tan bir siteyiz.<strong><em><a href=\"https:\/\/geziyoo.co\/\">ANASAYFAMIZA<\/a><\/em><\/strong>&nbsp;bak\u0131p yeni yerleri ke\u015ffedebilirsiniz.<\/p>\n<\/blockquote>\n\n\n\n<hr class=\"wp-block-separator has-alpha-channel-opacity is-style-wide\"\/>\n\n\n\n<!DOCTYPE html>\n<html lang=\"tr\">\n<head>\n    <meta charset=\"UTF-8\">\n    <meta name=\"viewport\" content=\"width=device-width, initial-scale=1.0\">\n    <title>Resmi Tatil ve Bayram Tatili Hesaplama<\/title>\n    <style>\n        body {\n            font-family: 'Arial', sans-serif;\n            background-image: url('https:\/\/www.example.com\/holiday-theme-bg.jpg'); \/* Tatil temal\u0131 arka plan resmi (bir URL ekleyin) *\/\n            background-size: cover;\n            margin: 0;\n            padding: 0;\n        }\n        \/* Yatayda tam ekran olacak \u015fekilde container geni\u015fli\u011fi %100 yap\u0131ld\u0131 *\/\n        #tatilHesaplama {\n            width: 100%;\n            margin: 20px 0;\n            padding: 20px;\n            background: rgba(255, 255, 255, 0.9);\n            border-radius: 15px;\n            box-shadow: 0 0 15px rgba(0, 0, 0, 0.2);\n            text-align: left;\n        }\n        label, h2 {\n            font-size: 18px;\n            font-weight: bold;\n        }\n        select {\n            width: 100%;\n            padding: 10px;\n            margin: 10px 0 20px 0;\n            border-radius: 8px;\n            border: 1px solid #ccc;\n            background-color: #fff;\n            font-size: 16px;\n        }\n        button {\n            width: 100%;\n            padding: 15px;\n            background-color: #f23315;\n            color: white;\n            border: none;\n            border-radius: 10px;\n            font-size: 16px;\n            font-weight: bold;\n            cursor: pointer;\n        }\n        button:hover {\n            background-color: #d11d10;\n        }\n        #results {\n            margin-top: 20px;\n            display: none;\n        }\n        table {\n            width: 100%;\n            border-collapse: collapse;\n            margin-top: 20px;\n        }\n        table, th, td {\n            border: 1px solid #ddd;\n        }\n        th, td {\n            padding: 15px;\n            text-align: left;\n        }\n        th {\n            background-color: #f23315;\n            color: white;\n            font-weight: bold;\n        }\n        .holiday-name {\n            color: #f23315;\n            font-weight: bold;\n        }\n        .footer-text {\n            text-align: center;\n            margin-top: 20px;\n            font-size: 0.9em;\n            color: #555;\n        }\n    <\/style>\n<\/head>\n<body>\n    <div id=\"tatilHesaplama\">\n        <h2>Resmi Tatil ve Bayram Tatili Hesaplama<\/h2>\n        <label for=\"year\">Y\u0131l Se\u00e7in:<\/label>\n        <select id=\"year\">\n            <option value=\"2025\">2025<\/option>\n            <option value=\"2026\">2026<\/option>\n            <option value=\"2027\">2027<\/option>\n            <option value=\"2028\">2028<\/option>\n            <option value=\"2029\">2029<\/option>\n            <!-- Yeni eklenen y\u0131llar -->\n            <option value=\"2030\">2030<\/option>\n            <option value=\"2031\">2031<\/option>\n            <option value=\"2032\">2032<\/option>\n        <\/select>\n        <button onclick=\"tatilHesapla()\">Hesapla<\/button>\n        <div id=\"results\">\n            <h3>Resmi Tatiller<\/h3>\n            <table>\n                <thead>\n                    <tr>\n                        <th>Tarih ve Tatil Ad\u0131<\/th>\n                        <th>A\u00e7\u0131klama<\/th>\n                    <\/tr>\n                <\/thead>\n                <tbody id=\"holiday-list\">\n                <\/tbody>\n            <\/table>\n            <p><strong>Resmi Tatil Toplam\u0131:<\/strong> <span id=\"total-days\">0<\/span> g\u00fcn<\/p>\n            <p><strong>Cumartesi, Pazar Hari\u00e7:<\/strong> <span id=\"working-days\">0<\/span> g\u00fcn<\/p>\n        <\/div>\n    <\/div>\n\n    <p class=\"footer-text\">Bu ara\u00e7 <a href=\"https:\/\/geziyoo.co\" target=\"_blank\" rel=\"noopener noreferrer\" style=\"color: #f23315; font-weight: bold;\">Geziyoo.co<\/a> taraf\u0131ndan haz\u0131rlanm\u0131\u015ft\u0131r.<\/p>\n\n    <script>\n        const holidays = {\n            2025: [\n                { date: \"01-01\", name: \"Y\u0131lba\u015f\u0131\", description: \"Y\u0131lba\u015f\u0131 (\u00c7ar\u015famba) - Hafta ortas\u0131na denk geldi\u011fi i\u00e7in 1 g\u00fcnl\u00fck tatil.\" },\n                { date: \"04-23\", name: \"Ulusal Egemenlik ve \u00c7ocuk Bayram\u0131\", description: \"23 Nisan (\u00c7ar\u015famba) - Hafta ortas\u0131na denk geldi\u011fi i\u00e7in 1 g\u00fcnl\u00fck tatil.\" },\n                { date: \"05-01\", name: \"Emek ve Dayan\u0131\u015fma G\u00fcn\u00fc\", description: \"1 May\u0131s (Per\u015fembe) - Cuma g\u00fcn\u00fc izin alarak 4 g\u00fcnl\u00fck uzun tatil yap\u0131labilir.\" },\n                { date: \"05-19\", name: \"Atat\u00fcrk'\u00fc Anma, Gen\u00e7lik ve Spor Bayram\u0131\", description: \"19 May\u0131s (Pazartesi) - Hafta ba\u015f\u0131na denk geldi\u011fi i\u00e7in 3 g\u00fcnl\u00fck tatil f\u0131rsat\u0131.\" },\n                { date: \"07-15\", name: \"Demokrasi ve Milli Birlik G\u00fcn\u00fc\", description: \"15 Temmuz (Sal\u0131) - Pazartesi g\u00fcn\u00fc izin alarak 4 g\u00fcnl\u00fck tatil f\u0131rsat\u0131.\" },\n                { date: \"08-30\", name: \"Zafer Bayram\u0131\", description: \"30 A\u011fustos (Cumartesi) - Hafta sonuna denk geldi\u011fi i\u00e7in ekstra tatil yap\u0131lam\u0131yor.\" },\n                { date: \"10-29\", name: \"Cumhuriyet Bayram\u0131\", description: \"29 Ekim (\u00c7ar\u015famba) - Hafta ortas\u0131na denk geldi\u011fi i\u00e7in 1 g\u00fcnl\u00fck tatil.\" },\n            ],\n            2026: [\n                { date: \"01-01\", name: \"Y\u0131lba\u015f\u0131\", description: \"Y\u0131lba\u015f\u0131 (Per\u015fembe) - Cuma g\u00fcn\u00fc izin alarak 4 g\u00fcnl\u00fck tatil yapabilirsiniz.\" },\n                { date: \"04-23\", name: \"Ulusal Egemenlik ve \u00c7ocuk Bayram\u0131\", description: \"23 Nisan (Per\u015fembe) - Cuma g\u00fcn\u00fc izin alarak 4 g\u00fcnl\u00fck tatil yapabilirsiniz.\" },\n                { date: \"05-01\", name: \"Emek ve Dayan\u0131\u015fma G\u00fcn\u00fc\", description: \"1 May\u0131s (Cumartesi) - Hafta sonuna denk geldi\u011fi i\u00e7in ekstra tatil yap\u0131lam\u0131yor.\" },\n                { date: \"05-19\", name: \"Atat\u00fcrk'\u00fc Anma, Gen\u00e7lik ve Spor Bayram\u0131\", description: \"19 May\u0131s (Sal\u0131) - Pazartesi g\u00fcn\u00fc izin alarak 4 g\u00fcnl\u00fck tatil yapabilirsiniz.\" },\n                { date: \"07-15\", name: \"Demokrasi ve Milli Birlik G\u00fcn\u00fc\", description: \"15 Temmuz (\u00c7ar\u015famba) - Hafta ortas\u0131na denk geldi\u011fi i\u00e7in 1 g\u00fcnl\u00fck tatil.\" },\n                { date: \"08-30\", name: \"Zafer Bayram\u0131\", description: \"30 A\u011fustos (Pazar) - Hafta sonuna denk geldi\u011fi i\u00e7in ekstra tatil yap\u0131lam\u0131yor.\" },\n                { date: \"10-29\", name: \"Cumhuriyet Bayram\u0131\", description: \"29 Ekim (Per\u015fembe) - Cuma g\u00fcn\u00fc izin alarak 4 g\u00fcnl\u00fck tatil yapabilirsiniz.\" },\n            ],\n            2027: [\n                { date: \"01-01\", name: \"Y\u0131lba\u015f\u0131\", description: \"Y\u0131lba\u015f\u0131 (Per\u015fembe) - Resmi olarak 1 g\u00fcn tatil, Cuma g\u00fcn\u00fc izin alarak 4 g\u00fcnl\u00fck uzun bir tatil yapabilirsiniz.\" },\n                { date: \"04-23\", name: \"Ulusal Egemenlik ve \u00c7ocuk Bayram\u0131\", description: \"23 Nisan (Cuma) - Hafta sonu ile birle\u015ferek 3 g\u00fcnl\u00fck tatil f\u0131rsat\u0131.\" },\n                { date: \"05-01\", name: \"Emek ve Dayan\u0131\u015fma G\u00fcn\u00fc\", description: \"1 May\u0131s (Cumartesi) - Hafta sonuna denk geldi\u011fi i\u00e7in ekstra tatil yap\u0131lam\u0131yor.\" },\n                { date: \"05-19\", name: \"Atat\u00fcrk'\u00fc Anma, Gen\u00e7lik ve Spor Bayram\u0131\", description: \"19 May\u0131s (\u00c7ar\u015famba) - 2 g\u00fcn izin alarak (Per\u015fembe ve Cuma) 5 g\u00fcnl\u00fck uzun bir tatil olu\u015fturabilirsiniz.\" },\n                { date: \"07-15\", name: \"Demokrasi ve Milli Birlik G\u00fcn\u00fc\", description: \"15 Temmuz (Per\u015fembe) - Cuma g\u00fcn\u00fc izin alarak 4 g\u00fcnl\u00fck tatil yapabilirsiniz.\" },\n                { date: \"08-30\", name: \"Zafer Bayram\u0131\", description: \"30 A\u011fustos (Pazartesi) - Hafta ba\u015f\u0131na denk geldi\u011fi i\u00e7in 3 g\u00fcnl\u00fck uzun bir tatil f\u0131rsat\u0131.\" },\n                { date: \"10-29\", name: \"Cumhuriyet Bayram\u0131\", description: \"29 Ekim (Cuma) - Hafta sonu ile birle\u015ferek 3 g\u00fcnl\u00fck tatil yapabilirsiniz.\" },\n            ],\n            2028: [\n                { date: \"01-01\", name: \"Y\u0131lba\u015f\u0131\", description: \"Y\u0131lba\u015f\u0131 (Cumartesi) - Hafta sonuna denk geldi\u011fi i\u00e7in ekstra tatil yap\u0131lam\u0131yor.\" },\n                { date: \"04-23\", name: \"Ulusal Egemenlik ve \u00c7ocuk Bayram\u0131\", description: \"23 Nisan (Pazar) - Hafta sonuna denk geldi\u011fi i\u00e7in ekstra tatil yap\u0131lam\u0131yor.\" },\n                { date: \"05-01\", name: \"Emek ve Dayan\u0131\u015fma G\u00fcn\u00fc\", description: \"1 May\u0131s (Pazartesi) - Hafta ba\u015f\u0131na denk geldi\u011fi i\u00e7in 3 g\u00fcnl\u00fck uzun bir tatil f\u0131rsat\u0131.\" },\n                { date: \"05-19\", name: \"Atat\u00fcrk'\u00fc Anma, Gen\u00e7lik ve Spor Bayram\u0131\", description: \"19 May\u0131s (Cuma) - Hafta sonu ile birle\u015ferek 3 g\u00fcnl\u00fck tatil f\u0131rsat\u0131.\" },\n                { date: \"07-15\", name: \"Demokrasi ve Milli Birlik G\u00fcn\u00fc\", description: \"15 Temmuz (Cumartesi) - Hafta sonuna denk geldi\u011fi i\u00e7in ekstra tatil yap\u0131lam\u0131yor.\" },\n                { date: \"08-30\", name: \"Zafer Bayram\u0131\", description: \"30 A\u011fustos (\u00c7ar\u015famba) - 2 g\u00fcn izin alarak (Per\u015fembe ve Cuma) 5 g\u00fcnl\u00fck uzun bir tatil olu\u015fturabilirsiniz.\" },\n                { date: \"10-29\", name: \"Cumhuriyet Bayram\u0131\", description: \"29 Ekim (Pazar) - Hafta sonuna denk geldi\u011fi i\u00e7in ekstra tatil yap\u0131lam\u0131yor.\" },\n            ],\n            2029: [\n                { date: \"01-01\", name: \"Y\u0131lba\u015f\u0131\", description: \"Y\u0131lba\u015f\u0131 (Pazartesi) - Hafta ba\u015f\u0131na denk geldi\u011fi i\u00e7in 3 g\u00fcnl\u00fck uzun bir tatil f\u0131rsat\u0131.\" },\n                { date: \"04-23\", name: \"Ulusal Egemenlik ve \u00c7ocuk Bayram\u0131\", description: \"23 Nisan (Pazartesi) - Hafta ba\u015f\u0131na denk geldi\u011fi i\u00e7in 3 g\u00fcnl\u00fck uzun bir tatil f\u0131rsat\u0131.\" },\n                { date: \"05-01\", name: \"Emek ve Dayan\u0131\u015fma G\u00fcn\u00fc\", description: \"1 May\u0131s (Sal\u0131) - Pazartesi g\u00fcn\u00fc izin alarak 4 g\u00fcnl\u00fck tatil yapabilirsiniz.\" },\n                { date: \"05-19\", name: \"Atat\u00fcrk'\u00fc Anma, Gen\u00e7lik ve Spor Bayram\u0131\", description: \"19 May\u0131s (Cumartesi) - Hafta sonuna denk geldi\u011fi i\u00e7in ekstra tatil yap\u0131lam\u0131yor.\" },\n                { date: \"07-15\", name: \"Demokrasi ve Milli Birlik G\u00fcn\u00fc\", description: \"15 Temmuz (Pazar) - Hafta sonuna denk geldi\u011fi i\u00e7in ekstra tatil yap\u0131lam\u0131yor.\" },\n                { date: \"08-30\", name: \"Zafer Bayram\u0131\", description: \"30 A\u011fustos (Per\u015fembe) - Cuma g\u00fcn\u00fc izin alarak 4 g\u00fcnl\u00fck tatil yapabilirsiniz.\" },\n                { date: \"10-29\", name: \"Cumhuriyet Bayram\u0131\", description: \"29 Ekim (Pazartesi) - Hafta ba\u015f\u0131na denk geldi\u011fi i\u00e7in 3 g\u00fcnl\u00fck uzun bir tatil f\u0131rsat\u0131.\" },\n            ],\n            2030: [\n                { date: \"01-01\", name: \"Y\u0131lba\u015f\u0131\", description: \"Y\u0131lba\u015f\u0131 (Sal\u0131) - Pazartesi g\u00fcn\u00fc izin alarak 4 g\u00fcnl\u00fck tatil yapabilirsiniz.\" },\n                { date: \"04-23\", name: \"Ulusal Egemenlik ve \u00c7ocuk Bayram\u0131\", description: \"23 Nisan (Sal\u0131) - Pazartesi g\u00fcn\u00fc izin alarak 4 g\u00fcnl\u00fck tatil yapabilirsiniz.\" },\n                { date: \"05-01\", name: \"Emek ve Dayan\u0131\u015fma G\u00fcn\u00fc\", description: \"1 May\u0131s (\u00c7ar\u015famba) - Hafta ortas\u0131na denk geldi\u011fi i\u00e7in 1 g\u00fcnl\u00fck tatil.\" },\n                { date: \"05-19\", name: \"Atat\u00fcrk'\u00fc Anma, Gen\u00e7lik ve Spor Bayram\u0131\", description: \"19 May\u0131s (Pazar) - Hafta sonuna denk geldi\u011fi i\u00e7in ekstra tatil yap\u0131lam\u0131yor.\" },\n                { date: \"07-15\", name: \"Demokrasi ve Milli Birlik G\u00fcn\u00fc\", description: \"15 Temmuz (Pazartesi) - Hafta ba\u015f\u0131na denk geldi\u011fi i\u00e7in 3 g\u00fcnl\u00fck uzun bir tatil f\u0131rsat\u0131.\" },\n                { date: \"08-30\", name: \"Zafer Bayram\u0131\", description: \"30 A\u011fustos (Cuma) - Hafta sonu ile birle\u015ferek 3 g\u00fcnl\u00fck tatil yapabilirsiniz.\" },\n                { date: \"10-29\", name: \"Cumhuriyet Bayram\u0131\", description: \"29 Ekim (Sal\u0131) - Pazartesi g\u00fcn\u00fc izin alarak 4 g\u00fcnl\u00fck tatil yapabilirsiniz.\" },\n            ],\n            2031: [\n                { date: \"01-01\", name: \"Y\u0131lba\u015f\u0131\", description: \"Y\u0131lba\u015f\u0131 (\u00c7ar\u015famba) - Hafta ortas\u0131na denk geldi\u011fi i\u00e7in 1 g\u00fcnl\u00fck tatil.\" },\n                { date: \"04-23\", name: \"Ulusal Egemenlik ve \u00c7ocuk Bayram\u0131\", description: \"23 Nisan (\u00c7ar\u015famba) - Hafta ortas\u0131na denk geldi\u011fi i\u00e7in 1 g\u00fcnl\u00fck tatil.\" },\n                { date: \"05-01\", name: \"Emek ve Dayan\u0131\u015fma G\u00fcn\u00fc\", description: \"1 May\u0131s (\u00c7ar\u015famba) - Hafta ortas\u0131na denk geldi\u011fi i\u00e7in 1 g\u00fcnl\u00fck tatil.\" },\n                { date: \"05-19\", name: \"Atat\u00fcrk'\u00fc Anma, Gen\u00e7lik ve Spor Bayram\u0131\", description: \"19 May\u0131s (Pazar) - Hafta sonuna denk geldi\u011fi i\u00e7in ekstra tatil yap\u0131lam\u0131yor.\" },\n                { date: \"07-15\", name: \"Demokrasi ve Milli Birlik G\u00fcn\u00fc\", description: \"15 Temmuz (Sal\u0131) - Pazartesi g\u00fcn\u00fc izin alarak 4 g\u00fcnl\u00fck tatil yapabilirsiniz.\" },\n                { date: \"08-30\", name: \"Zafer Bayram\u0131\", description: \"30 A\u011fustos (Cumartesi) - Hafta sonuna denk geldi\u011fi i\u00e7in ekstra tatil yap\u0131lam\u0131yor.\" },\n                { date: \"10-29\", name: \"Cumhuriyet Bayram\u0131\", description: \"29 Ekim (\u00c7ar\u015famba) - Hafta ortas\u0131na denk geldi\u011fi i\u00e7in 1 g\u00fcnl\u00fck tatil.\" },\n            ],\n            2032: [\n                { date: \"01-01\", name: \"Y\u0131lba\u015f\u0131\", description: \"Y\u0131lba\u015f\u0131 (Per\u015fembe) - Cuma g\u00fcn\u00fc izin alarak 4 g\u00fcnl\u00fck tatil yapabilirsiniz.\" },\n                { date: \"04-23\", name: \"Ulusal Egemenlik ve \u00c7ocuk Bayram\u0131\", description: \"23 Nisan (Cuma) - Hafta sonu ile birle\u015ferek 3 g\u00fcnl\u00fck tatil yapabilirsiniz.\" },\n                { date: \"05-01\", name: \"Emek ve Dayan\u0131\u015fma G\u00fcn\u00fc\", description: \"1 May\u0131s (Cuma) - Hafta sonu ile birle\u015ferek 3 g\u00fcnl\u00fck tatil yapabilirsiniz.\" },\n                { date: \"05-19\", name: \"Atat\u00fcrk'\u00fc Anma, Gen\u00e7lik ve Spor Bayram\u0131\", description: \"19 May\u0131s (Sal\u0131) - Pazartesi g\u00fcn\u00fc izin alarak 4 g\u00fcnl\u00fck tatil yapabilirsiniz.\" },\n                { date: \"07-15\", name: \"Demokrasi ve Milli Birlik G\u00fcn\u00fc\", description: \"15 Temmuz (Per\u015fembe) - Cuma g\u00fcn\u00fc izin alarak 4 g\u00fcnl\u00fck tatil yapabilirsiniz.\" },\n                { date: \"08-30\", name: \"Zafer Bayram\u0131\", description: \"30 A\u011fustos (Pazartesi) - Hafta ba\u015f\u0131na denk geldi\u011fi i\u00e7in 3 g\u00fcnl\u00fck uzun bir tatil f\u0131rsat\u0131.\" },\n                { date: \"10-29\", name: \"Cumhuriyet Bayram\u0131\", description: \"29 Ekim (Cuma) - Hafta sonu ile birle\u015ferek 3 g\u00fcnl\u00fck tatil yapabilirsiniz.\" },\n            ]\n        };\n\n        function tatilHesapla() {\n            const year = document.getElementById(\"year\").value;\n            const holidayList = document.getElementById(\"holiday-list\");\n            const totalDays = document.getElementById(\"total-days\");\n            const workingDays = document.getElementById(\"working-days\");\n            const results = document.getElementById(\"results\");\n\n            holidayList.innerHTML = \"\";\n            let total = 0;\n            let nonWeekend = 0;\n\n            if (!holidays[year]) {\n                alert(\"Se\u00e7ilen y\u0131l i\u00e7in tatil bilgileri mevcut de\u011fil.\");\n                return;\n            }\n\n            holidays[year].forEach(holiday => {\n                const [month, day] = holiday.date.split(\"-\");\n                const date = new Date(`${year}-${month}-${day}`);\n                const dayName = date.toLocaleDateString(\"tr-TR\", { weekday: 'long' });\n\n                \/\/ Tatil bilgilerini tablo sat\u0131rlar\u0131 olarak ekle\n                holidayList.innerHTML += `\n                    <tr>\n                        <td class=\"holiday-name\">${holiday.date} - ${holiday.name} (${dayName})<\/td>\n                        <td>${holiday.description}<\/td>\n                    <\/tr>`;\n                total++;\n\n                if (dayName !== \"Cumartesi\" && dayName !== \"Pazar\") {\n                    nonWeekend++;\n                }\n            });\n\n            totalDays.innerText = total;\n            workingDays.innerText = nonWeekend;\n            results.style.display = \"block\";\n        }\n    <\/script>\n<\/body>\n<\/html>\n\n\n\n<p><strong>Resmi tatil g\u00fcnlerini<\/strong> se\u00e7ti\u011finiz y\u0131l i\u00e7in listeleyerek, hangi tatilin <strong>hangi g\u00fcne<\/strong> denk geldi\u011fini ve <strong>uzun tatil yapmak<\/strong> i\u00e7in hangi g\u00fcnlerden izin alman\u0131z gerekti\u011fini ayr\u0131nt\u0131l\u0131 olarak \u00f6\u011frenebilirsiniz. \u00d6rne\u011fin, bir <strong>resmi tatil<\/strong> e\u011fer haftan\u0131n ortas\u0131na denk geliyorsa, fazladan birka\u00e7 g\u00fcn izin alarak <strong>4 g\u00fcnl\u00fck bir tatil f\u0131rsat\u0131<\/strong> olu\u015fturabilirsiniz.<\/p>\n\n\n\n<p><strong>Geziyoo.co<\/strong>&#8216;nun haz\u0131rlad\u0131\u011f\u0131 bu ara\u00e7, kullan\u0131c\u0131lara <strong>tatil temal\u0131<\/strong> \u015f\u0131k ve modern bir tasar\u0131m sunar. Tatil g\u00fcnlerini <strong>k\u0131rm\u0131z\u0131 ve kal\u0131n<\/strong> olarak vurgularken, her tatil i\u00e7in ayr\u0131nt\u0131l\u0131 a\u00e7\u0131klamalarla en verimli \u015fekilde planlama yapman\u0131z\u0131 sa\u011flar.<\/p>\n\n\n\n<p><strong>Tatil planlay\u0131c\u0131s\u0131<\/strong> olarak kullan\u0131labilecek bu ara\u00e7 sayesinde, tatillerinizi \u00f6nceden organize ederek, <strong>i\u015f g\u00fcn\u00fc izinlerinizi<\/strong> en verimli \u015fekilde kullanabilir ve <strong>uzun tatil f\u0131rsatlar\u0131<\/strong> yaratabilirsiniz. \u00d6zellikle <strong>2025, 2026, 2027, 2028,2029,2030,2031 ve 2032 y\u0131llar\u0131<\/strong> i\u00e7in detayl\u0131 bilgiler sunarak, her y\u0131l\u0131n <strong>tatil f\u0131rsatlar\u0131n\u0131<\/strong> de\u011ferlendirebilirsiniz.<\/p>\n\n\n\n<p><strong>Resmi tatil g\u00fcnlerini<\/strong> ka\u00e7\u0131rmamak ve tatil g\u00fcnlerinizi daha iyi planlamak i\u00e7in hemen <strong>Resmi Tatil ve Bayram Tatili Hesaplama Arac\u0131<\/strong>&#8216;n\u0131 deneyin ve <strong>tatil keyfinizi<\/strong> maksimize edin!<\/p>\n\n\n\n<hr class=\"wp-block-separator has-alpha-channel-opacity is-style-wide\"\/>\n\n\n\n<h3 class=\"wp-block-heading\">Bunlar\u0131 da Sevebilirsiniz;<\/h3>\n\n\n<ul class=\"wp-block-latest-posts__list wp-block-latest-posts\"><li><a class=\"wp-block-latest-posts__post-title\" href=\"https:\/\/geziyoo.co\/blog\/yurt-disinda-cocuklarin-egitimi-ebeveynler-formaliteler-yuzunden-nerede-para-kaybediyor\/\">Yurt d\u0131\u015f\u0131nda \u00e7ocuklar\u0131n e\u011fitimi: Ebeveynler formaliteler y\u00fcz\u00fcnden nerede para kaybediyor?<\/a><\/li>\n<li><a class=\"wp-block-latest-posts__post-title\" href=\"https:\/\/geziyoo.co\/blog\/gezerken-ne-giyilir\/\">Gezerken Ne Giyilir? Mevsim Ge\u00e7i\u015fleri ve Yaz Tatilleri \u0130\u00e7in Pratik Kombin Rehberi<\/a><\/li>\n<li><a class=\"wp-block-latest-posts__post-title\" href=\"https:\/\/geziyoo.co\/blog\/2026-resmi-tatilleri-ve-14-gune-43-gun\/\">Ajandalar Haz\u0131rlans\u0131n! 2026 Resmi Tatilleri ve &#8220;14 G\u00fcne 43 G\u00fcn&#8221; Form\u00fcl\u00fc G\u00fcndemde<\/a><\/li>\n<\/ul>","protected":false},"excerpt":{"rendered":"<p>Tatillerinizi daha iyi planlayabilmeniz i\u00e7in Geziyoo.co taraf\u0131ndan haz\u0131rlanan Resmi Tatil ve Bayram Tatili Hesaplama Arac\u0131 ile art\u0131k tatil planlar\u0131 yapmak \u00e7ok daha kolay! Bu ara\u00e7, 2025 ile 2032 y\u0131llar\u0131 aras\u0131ndaki resmi tatil g\u00fcnlerini ve bayram tatillerini kolayca hesaplayarak, uzun tatil f\u0131rsatlar\u0131n\u0131 de\u011ferlendirmenize yard\u0131mc\u0131 olur. Bu arada Geziyoo.co\u2019yu bilenler biliyor ama bilmeyenler i\u00e7in biraz bizden bahsedelim.Biz &hellip;<\/p>\n","protected":false},"author":1,"featured_media":17113,"comment_status":"open","ping_status":"closed","sticky":false,"template":"","format":"standard","meta":{"footnotes":""},"categories":[20],"tags":[590],"class_list":["post-19626","post","type-post","status-publish","format-standard","has-post-thumbnail","hentry","category-gezirehberi","tag-araclar"],"yoast_head":"<!-- This site is optimized with the Yoast SEO plugin v26.9 - https:\/\/yoast.com\/product\/yoast-seo-wordpress\/ -->\n<title>Resmi Tatil ve Bayram Tatili Hesaplama (2025-2032) | Geziyoo<\/title>\n<meta name=\"description\" content=\"Geziyoo.co taraf\u0131ndan haz\u0131rlanan Resmi Tatil ve Bayram Tatili Hesaplama Arac\u0131 ile art\u0131k tatil planlar\u0131 yapmak \u00e7ok daha kolay\" \/>\n<meta name=\"robots\" content=\"index, follow, max-snippet:-1, max-image-preview:large, max-video-preview:-1\" \/>\n<link rel=\"canonical\" href=\"https:\/\/geziyoo.co\/blog\/resmi-tatil-ve-bayram-tatili-hesaplama\/\" \/>\n<meta property=\"og:locale\" content=\"tr_TR\" \/>\n<meta property=\"og:type\" content=\"article\" \/>\n<meta property=\"og:title\" content=\"Resmi Tatil ve Bayram Tatili Hesaplama (2025-2032) | Geziyoo\" \/>\n<meta property=\"og:description\" content=\"Geziyoo.co taraf\u0131ndan haz\u0131rlanan Resmi Tatil ve Bayram Tatili Hesaplama Arac\u0131 ile art\u0131k tatil planlar\u0131 yapmak \u00e7ok daha kolay\" \/>\n<meta property=\"og:url\" content=\"https:\/\/geziyoo.co\/blog\/resmi-tatil-ve-bayram-tatili-hesaplama\/\" \/>\n<meta property=\"og:site_name\" content=\"Geziyoo.co\" \/>\n<meta property=\"article:publisher\" content=\"https:\/\/www.facebook.com\/Geziyooco\" \/>\n<meta property=\"article:author\" content=\"https:\/\/www.facebook.com\/geziyoo.co\" \/>\n<meta property=\"article:published_time\" content=\"2024-11-25T14:56:15+00:00\" \/>\n<meta property=\"article:modified_time\" content=\"2026-02-08T11:41:00+00:00\" \/>\n<meta property=\"og:image\" content=\"https:\/\/geziyoo.co\/blog\/wp-content\/uploads\/2024\/03\/Turkiyede-Ucuz-Tatil-Yapilacak-Yerler-11.jpg\" \/>\n\t<meta property=\"og:image:width\" content=\"634\" \/>\n\t<meta property=\"og:image:height\" content=\"357\" \/>\n\t<meta property=\"og:image:type\" content=\"image\/jpeg\" \/>\n<meta name=\"author\" content=\"Geziyoo\" \/>\n<meta name=\"twitter:card\" content=\"summary_large_image\" \/>\n<meta name=\"twitter:creator\" content=\"@https:\/\/twitter.com\/geziyoo\" \/>\n<meta name=\"twitter:site\" content=\"@geziyoo\" \/>\n<meta name=\"twitter:label1\" content=\"Yazan:\" \/>\n\t<meta name=\"twitter:data1\" content=\"Geziyoo\" \/>\n\t<meta name=\"twitter:label2\" content=\"Tahmini okuma s\u00fcresi\" \/>\n\t<meta name=\"twitter:data2\" content=\"2 dakika\" \/>\n<script type=\"application\/ld+json\" class=\"yoast-schema-graph\">{\"@context\":\"https:\/\/schema.org\",\"@graph\":[{\"@type\":\"Article\",\"@id\":\"https:\/\/geziyoo.co\/blog\/resmi-tatil-ve-bayram-tatili-hesaplama\/#article\",\"isPartOf\":{\"@id\":\"https:\/\/geziyoo.co\/blog\/resmi-tatil-ve-bayram-tatili-hesaplama\/\"},\"author\":{\"name\":\"Geziyoo\",\"@id\":\"https:\/\/geziyoo.co\/blog\/#\/schema\/person\/032acb2436540ed14784e7d978aef0e4\"},\"headline\":\"Resmi Tatil ve Bayram Tatili Hesaplama (2025-2032)\",\"datePublished\":\"2024-11-25T14:56:15+00:00\",\"dateModified\":\"2026-02-08T11:41:00+00:00\",\"mainEntityOfPage\":{\"@id\":\"https:\/\/geziyoo.co\/blog\/resmi-tatil-ve-bayram-tatili-hesaplama\/\"},\"wordCount\":346,\"commentCount\":0,\"publisher\":{\"@id\":\"https:\/\/geziyoo.co\/blog\/#organization\"},\"image\":{\"@id\":\"https:\/\/geziyoo.co\/blog\/resmi-tatil-ve-bayram-tatili-hesaplama\/#primaryimage\"},\"thumbnailUrl\":\"https:\/\/geziyoo.co\/blog\/wp-content\/uploads\/2024\/03\/Turkiyede-Ucuz-Tatil-Yapilacak-Yerler-11.jpg\",\"keywords\":[\"Ara\u00e7lar\"],\"articleSection\":[\"Gezi Rehberi\"],\"inLanguage\":\"tr\",\"potentialAction\":[{\"@type\":\"CommentAction\",\"name\":\"Comment\",\"target\":[\"https:\/\/geziyoo.co\/blog\/resmi-tatil-ve-bayram-tatili-hesaplama\/#respond\"]}]},{\"@type\":\"WebPage\",\"@id\":\"https:\/\/geziyoo.co\/blog\/resmi-tatil-ve-bayram-tatili-hesaplama\/\",\"url\":\"https:\/\/geziyoo.co\/blog\/resmi-tatil-ve-bayram-tatili-hesaplama\/\",\"name\":\"Resmi Tatil ve Bayram Tatili Hesaplama (2025-2032) | Geziyoo\",\"isPartOf\":{\"@id\":\"https:\/\/geziyoo.co\/blog\/#website\"},\"primaryImageOfPage\":{\"@id\":\"https:\/\/geziyoo.co\/blog\/resmi-tatil-ve-bayram-tatili-hesaplama\/#primaryimage\"},\"image\":{\"@id\":\"https:\/\/geziyoo.co\/blog\/resmi-tatil-ve-bayram-tatili-hesaplama\/#primaryimage\"},\"thumbnailUrl\":\"https:\/\/geziyoo.co\/blog\/wp-content\/uploads\/2024\/03\/Turkiyede-Ucuz-Tatil-Yapilacak-Yerler-11.jpg\",\"datePublished\":\"2024-11-25T14:56:15+00:00\",\"dateModified\":\"2026-02-08T11:41:00+00:00\",\"description\":\"Geziyoo.co taraf\u0131ndan haz\u0131rlanan Resmi Tatil ve Bayram Tatili Hesaplama Arac\u0131 ile art\u0131k tatil planlar\u0131 yapmak \u00e7ok daha kolay\",\"breadcrumb\":{\"@id\":\"https:\/\/geziyoo.co\/blog\/resmi-tatil-ve-bayram-tatili-hesaplama\/#breadcrumb\"},\"inLanguage\":\"tr\",\"potentialAction\":[{\"@type\":\"ReadAction\",\"target\":[\"https:\/\/geziyoo.co\/blog\/resmi-tatil-ve-bayram-tatili-hesaplama\/\"]}]},{\"@type\":\"ImageObject\",\"inLanguage\":\"tr\",\"@id\":\"https:\/\/geziyoo.co\/blog\/resmi-tatil-ve-bayram-tatili-hesaplama\/#primaryimage\",\"url\":\"https:\/\/geziyoo.co\/blog\/wp-content\/uploads\/2024\/03\/Turkiyede-Ucuz-Tatil-Yapilacak-Yerler-11.jpg\",\"contentUrl\":\"https:\/\/geziyoo.co\/blog\/wp-content\/uploads\/2024\/03\/Turkiyede-Ucuz-Tatil-Yapilacak-Yerler-11.jpg\",\"width\":634,\"height\":357},{\"@type\":\"BreadcrumbList\",\"@id\":\"https:\/\/geziyoo.co\/blog\/resmi-tatil-ve-bayram-tatili-hesaplama\/#breadcrumb\",\"itemListElement\":[{\"@type\":\"ListItem\",\"position\":1,\"name\":\"Ana sayfa\",\"item\":\"https:\/\/geziyoo.co\/blog\/\"},{\"@type\":\"ListItem\",\"position\":2,\"name\":\"Resmi Tatil ve Bayram Tatili Hesaplama (2025-2032)\"}]},{\"@type\":\"WebSite\",\"@id\":\"https:\/\/geziyoo.co\/blog\/#website\",\"url\":\"https:\/\/geziyoo.co\/blog\/\",\"name\":\"Geziyoo Blog\",\"description\":\"GeziYoo Blog&#039;da T\u00fcrkiye&#039;nin en iyi kamp alanlar\u0131ndan bungalov tatillerine, karavan ipu\u00e7lar\u0131ndan gezi rehberlerine kadar her t\u00fcrl\u00fc do\u011fa deneyimini ke\u015ffedin.\",\"publisher\":{\"@id\":\"https:\/\/geziyoo.co\/blog\/#organization\"},\"potentialAction\":[{\"@type\":\"SearchAction\",\"target\":{\"@type\":\"EntryPoint\",\"urlTemplate\":\"https:\/\/geziyoo.co\/blog\/?s={search_term_string}\"},\"query-input\":{\"@type\":\"PropertyValueSpecification\",\"valueRequired\":true,\"valueName\":\"search_term_string\"}}],\"inLanguage\":\"tr\"},{\"@type\":\"Organization\",\"@id\":\"https:\/\/geziyoo.co\/blog\/#organization\",\"name\":\"Geziyoo.co\",\"url\":\"https:\/\/geziyoo.co\/blog\/\",\"logo\":{\"@type\":\"ImageObject\",\"inLanguage\":\"tr\",\"@id\":\"https:\/\/geziyoo.co\/blog\/#\/schema\/logo\/image\/\",\"url\":\"https:\/\/geziyoo.co\/blog\/wp-content\/uploads\/2025\/01\/Paragraf-metniniz-3.png\",\"contentUrl\":\"https:\/\/geziyoo.co\/blog\/wp-content\/uploads\/2025\/01\/Paragraf-metniniz-3.png\",\"width\":270,\"height\":50,\"caption\":\"Geziyoo.co\"},\"image\":{\"@id\":\"https:\/\/geziyoo.co\/blog\/#\/schema\/logo\/image\/\"},\"sameAs\":[\"https:\/\/www.facebook.com\/Geziyooco\",\"https:\/\/x.com\/geziyoo\",\"https:\/\/tr.pinterest.com\/geziyooco\/\",\"https:\/\/www.youtube.com\/@geziyoo\",\"https:\/\/www.instagram.com\/geziyoo.co\/\"]},{\"@type\":\"Person\",\"@id\":\"https:\/\/geziyoo.co\/blog\/#\/schema\/person\/032acb2436540ed14784e7d978aef0e4\",\"name\":\"Geziyoo\",\"image\":{\"@type\":\"ImageObject\",\"inLanguage\":\"tr\",\"@id\":\"https:\/\/geziyoo.co\/blog\/#\/schema\/person\/image\/\",\"url\":\"https:\/\/secure.gravatar.com\/avatar\/ae212a4514471fdb8cab6e5af4f3c99b940a2d0a16713ea0392c8d7c8a64f30a?s=96&d=mm&r=g\",\"contentUrl\":\"https:\/\/secure.gravatar.com\/avatar\/ae212a4514471fdb8cab6e5af4f3c99b940a2d0a16713ea0392c8d7c8a64f30a?s=96&d=mm&r=g\",\"caption\":\"Geziyoo\"},\"description\":\"Do\u011fa ile i\u00e7 i\u00e7e olabilece\u011finiz yerler,do\u011fa aktivite alanlar\u0131,kamp alanlar\u0131,bungalov oteller,Tiny House Oteller, Galampingler ve da\u011f evlerinin herkes i\u00e7in ula\u015f\u0131labilir olmas\u0131n\u0131 sa\u011flamak amac\u0131yla Geziyoo\u2019ya 2019 y\u0131l\u0131nda ba\u015flad\u0131k.Do\u011fal Tatil konseptini uygulayan en geni\u015f kapsaml\u0131 sitedir.\",\"sameAs\":[\"https:\/\/geziyoo.co\/\",\"https:\/\/www.facebook.com\/geziyoo.co\",\"https:\/\/www.instagram.com\/geziyoo.co\/\",\"https:\/\/tr.pinterest.com\/geziyooco\/\",\"https:\/\/x.com\/https:\/\/twitter.com\/geziyoo\",\"https:\/\/www.youtube.com\/channel\/UCdiSMa6pe17KEY7DP1Ug4ag\"]}]}<\/script>\n<!-- \/ Yoast SEO plugin. -->","yoast_head_json":{"title":"Resmi Tatil ve Bayram Tatili Hesaplama (2025-2032) | Geziyoo","description":"Geziyoo.co taraf\u0131ndan haz\u0131rlanan Resmi Tatil ve Bayram Tatili Hesaplama Arac\u0131 ile art\u0131k tatil planlar\u0131 yapmak \u00e7ok daha kolay","robots":{"index":"index","follow":"follow","max-snippet":"max-snippet:-1","max-image-preview":"max-image-preview:large","max-video-preview":"max-video-preview:-1"},"canonical":"https:\/\/geziyoo.co\/blog\/resmi-tatil-ve-bayram-tatili-hesaplama\/","og_locale":"tr_TR","og_type":"article","og_title":"Resmi Tatil ve Bayram Tatili Hesaplama (2025-2032) | Geziyoo","og_description":"Geziyoo.co taraf\u0131ndan haz\u0131rlanan Resmi Tatil ve Bayram Tatili Hesaplama Arac\u0131 ile art\u0131k tatil planlar\u0131 yapmak \u00e7ok daha kolay","og_url":"https:\/\/geziyoo.co\/blog\/resmi-tatil-ve-bayram-tatili-hesaplama\/","og_site_name":"Geziyoo.co","article_publisher":"https:\/\/www.facebook.com\/Geziyooco","article_author":"https:\/\/www.facebook.com\/geziyoo.co","article_published_time":"2024-11-25T14:56:15+00:00","article_modified_time":"2026-02-08T11:41:00+00:00","og_image":[{"width":634,"height":357,"url":"https:\/\/geziyoo.co\/blog\/wp-content\/uploads\/2024\/03\/Turkiyede-Ucuz-Tatil-Yapilacak-Yerler-11.jpg","type":"image\/jpeg"}],"author":"Geziyoo","twitter_card":"summary_large_image","twitter_creator":"@https:\/\/twitter.com\/geziyoo","twitter_site":"@geziyoo","twitter_misc":{"Yazan:":"Geziyoo","Tahmini okuma s\u00fcresi":"2 dakika"},"schema":{"@context":"https:\/\/schema.org","@graph":[{"@type":"Article","@id":"https:\/\/geziyoo.co\/blog\/resmi-tatil-ve-bayram-tatili-hesaplama\/#article","isPartOf":{"@id":"https:\/\/geziyoo.co\/blog\/resmi-tatil-ve-bayram-tatili-hesaplama\/"},"author":{"name":"Geziyoo","@id":"https:\/\/geziyoo.co\/blog\/#\/schema\/person\/032acb2436540ed14784e7d978aef0e4"},"headline":"Resmi Tatil ve Bayram Tatili Hesaplama (2025-2032)","datePublished":"2024-11-25T14:56:15+00:00","dateModified":"2026-02-08T11:41:00+00:00","mainEntityOfPage":{"@id":"https:\/\/geziyoo.co\/blog\/resmi-tatil-ve-bayram-tatili-hesaplama\/"},"wordCount":346,"commentCount":0,"publisher":{"@id":"https:\/\/geziyoo.co\/blog\/#organization"},"image":{"@id":"https:\/\/geziyoo.co\/blog\/resmi-tatil-ve-bayram-tatili-hesaplama\/#primaryimage"},"thumbnailUrl":"https:\/\/geziyoo.co\/blog\/wp-content\/uploads\/2024\/03\/Turkiyede-Ucuz-Tatil-Yapilacak-Yerler-11.jpg","keywords":["Ara\u00e7lar"],"articleSection":["Gezi Rehberi"],"inLanguage":"tr","potentialAction":[{"@type":"CommentAction","name":"Comment","target":["https:\/\/geziyoo.co\/blog\/resmi-tatil-ve-bayram-tatili-hesaplama\/#respond"]}]},{"@type":"WebPage","@id":"https:\/\/geziyoo.co\/blog\/resmi-tatil-ve-bayram-tatili-hesaplama\/","url":"https:\/\/geziyoo.co\/blog\/resmi-tatil-ve-bayram-tatili-hesaplama\/","name":"Resmi Tatil ve Bayram Tatili Hesaplama (2025-2032) | Geziyoo","isPartOf":{"@id":"https:\/\/geziyoo.co\/blog\/#website"},"primaryImageOfPage":{"@id":"https:\/\/geziyoo.co\/blog\/resmi-tatil-ve-bayram-tatili-hesaplama\/#primaryimage"},"image":{"@id":"https:\/\/geziyoo.co\/blog\/resmi-tatil-ve-bayram-tatili-hesaplama\/#primaryimage"},"thumbnailUrl":"https:\/\/geziyoo.co\/blog\/wp-content\/uploads\/2024\/03\/Turkiyede-Ucuz-Tatil-Yapilacak-Yerler-11.jpg","datePublished":"2024-11-25T14:56:15+00:00","dateModified":"2026-02-08T11:41:00+00:00","description":"Geziyoo.co taraf\u0131ndan haz\u0131rlanan Resmi Tatil ve Bayram Tatili Hesaplama Arac\u0131 ile art\u0131k tatil planlar\u0131 yapmak \u00e7ok daha kolay","breadcrumb":{"@id":"https:\/\/geziyoo.co\/blog\/resmi-tatil-ve-bayram-tatili-hesaplama\/#breadcrumb"},"inLanguage":"tr","potentialAction":[{"@type":"ReadAction","target":["https:\/\/geziyoo.co\/blog\/resmi-tatil-ve-bayram-tatili-hesaplama\/"]}]},{"@type":"ImageObject","inLanguage":"tr","@id":"https:\/\/geziyoo.co\/blog\/resmi-tatil-ve-bayram-tatili-hesaplama\/#primaryimage","url":"https:\/\/geziyoo.co\/blog\/wp-content\/uploads\/2024\/03\/Turkiyede-Ucuz-Tatil-Yapilacak-Yerler-11.jpg","contentUrl":"https:\/\/geziyoo.co\/blog\/wp-content\/uploads\/2024\/03\/Turkiyede-Ucuz-Tatil-Yapilacak-Yerler-11.jpg","width":634,"height":357},{"@type":"BreadcrumbList","@id":"https:\/\/geziyoo.co\/blog\/resmi-tatil-ve-bayram-tatili-hesaplama\/#breadcrumb","itemListElement":[{"@type":"ListItem","position":1,"name":"Ana sayfa","item":"https:\/\/geziyoo.co\/blog\/"},{"@type":"ListItem","position":2,"name":"Resmi Tatil ve Bayram Tatili Hesaplama (2025-2032)"}]},{"@type":"WebSite","@id":"https:\/\/geziyoo.co\/blog\/#website","url":"https:\/\/geziyoo.co\/blog\/","name":"Geziyoo Blog","description":"GeziYoo Blog&#039;da T\u00fcrkiye&#039;nin en iyi kamp alanlar\u0131ndan bungalov tatillerine, karavan ipu\u00e7lar\u0131ndan gezi rehberlerine kadar her t\u00fcrl\u00fc do\u011fa deneyimini ke\u015ffedin.","publisher":{"@id":"https:\/\/geziyoo.co\/blog\/#organization"},"potentialAction":[{"@type":"SearchAction","target":{"@type":"EntryPoint","urlTemplate":"https:\/\/geziyoo.co\/blog\/?s={search_term_string}"},"query-input":{"@type":"PropertyValueSpecification","valueRequired":true,"valueName":"search_term_string"}}],"inLanguage":"tr"},{"@type":"Organization","@id":"https:\/\/geziyoo.co\/blog\/#organization","name":"Geziyoo.co","url":"https:\/\/geziyoo.co\/blog\/","logo":{"@type":"ImageObject","inLanguage":"tr","@id":"https:\/\/geziyoo.co\/blog\/#\/schema\/logo\/image\/","url":"https:\/\/geziyoo.co\/blog\/wp-content\/uploads\/2025\/01\/Paragraf-metniniz-3.png","contentUrl":"https:\/\/geziyoo.co\/blog\/wp-content\/uploads\/2025\/01\/Paragraf-metniniz-3.png","width":270,"height":50,"caption":"Geziyoo.co"},"image":{"@id":"https:\/\/geziyoo.co\/blog\/#\/schema\/logo\/image\/"},"sameAs":["https:\/\/www.facebook.com\/Geziyooco","https:\/\/x.com\/geziyoo","https:\/\/tr.pinterest.com\/geziyooco\/","https:\/\/www.youtube.com\/@geziyoo","https:\/\/www.instagram.com\/geziyoo.co\/"]},{"@type":"Person","@id":"https:\/\/geziyoo.co\/blog\/#\/schema\/person\/032acb2436540ed14784e7d978aef0e4","name":"Geziyoo","image":{"@type":"ImageObject","inLanguage":"tr","@id":"https:\/\/geziyoo.co\/blog\/#\/schema\/person\/image\/","url":"https:\/\/secure.gravatar.com\/avatar\/ae212a4514471fdb8cab6e5af4f3c99b940a2d0a16713ea0392c8d7c8a64f30a?s=96&d=mm&r=g","contentUrl":"https:\/\/secure.gravatar.com\/avatar\/ae212a4514471fdb8cab6e5af4f3c99b940a2d0a16713ea0392c8d7c8a64f30a?s=96&d=mm&r=g","caption":"Geziyoo"},"description":"Do\u011fa ile i\u00e7 i\u00e7e olabilece\u011finiz yerler,do\u011fa aktivite alanlar\u0131,kamp alanlar\u0131,bungalov oteller,Tiny House Oteller, Galampingler ve da\u011f evlerinin herkes i\u00e7in ula\u015f\u0131labilir olmas\u0131n\u0131 sa\u011flamak amac\u0131yla Geziyoo\u2019ya 2019 y\u0131l\u0131nda ba\u015flad\u0131k.Do\u011fal Tatil konseptini uygulayan en geni\u015f kapsaml\u0131 sitedir.","sameAs":["https:\/\/geziyoo.co\/","https:\/\/www.facebook.com\/geziyoo.co","https:\/\/www.instagram.com\/geziyoo.co\/","https:\/\/tr.pinterest.com\/geziyooco\/","https:\/\/x.com\/https:\/\/twitter.com\/geziyoo","https:\/\/www.youtube.com\/channel\/UCdiSMa6pe17KEY7DP1Ug4ag"]}]}},"amp_enabled":false,"_links":{"self":[{"href":"https:\/\/geziyoo.co\/blog\/wp-json\/wp\/v2\/posts\/19626","targetHints":{"allow":["GET"]}}],"collection":[{"href":"https:\/\/geziyoo.co\/blog\/wp-json\/wp\/v2\/posts"}],"about":[{"href":"https:\/\/geziyoo.co\/blog\/wp-json\/wp\/v2\/types\/post"}],"author":[{"embeddable":true,"href":"https:\/\/geziyoo.co\/blog\/wp-json\/wp\/v2\/users\/1"}],"replies":[{"embeddable":true,"href":"https:\/\/geziyoo.co\/blog\/wp-json\/wp\/v2\/comments?post=19626"}],"version-history":[{"count":1,"href":"https:\/\/geziyoo.co\/blog\/wp-json\/wp\/v2\/posts\/19626\/revisions"}],"predecessor-version":[{"id":24319,"href":"https:\/\/geziyoo.co\/blog\/wp-json\/wp\/v2\/posts\/19626\/revisions\/24319"}],"wp:featuredmedia":[{"embeddable":true,"href":"https:\/\/geziyoo.co\/blog\/wp-json\/wp\/v2\/media\/17113"}],"wp:attachment":[{"href":"https:\/\/geziyoo.co\/blog\/wp-json\/wp\/v2\/media?parent=19626"}],"wp:term":[{"taxonomy":"category","embeddable":true,"href":"https:\/\/geziyoo.co\/blog\/wp-json\/wp\/v2\/categories?post=19626"},{"taxonomy":"post_tag","embeddable":true,"href":"https:\/\/geziyoo.co\/blog\/wp-json\/wp\/v2\/tags?post=19626"}],"curies":[{"name":"wp","href":"https:\/\/api.w.org\/{rel}","templated":true}]}}