{"id":19279,"date":"2024-10-22T13:12:02","date_gmt":"2024-10-22T13:12:02","guid":{"rendered":"https:\/\/geziyoo.co\/blog\/?p=19279"},"modified":"2026-02-09T09:45:59","modified_gmt":"2026-02-09T09:45:59","slug":"en-iyi-kamp-sandalyesi-nasil-secilir","status":"publish","type":"post","link":"https:\/\/geziyoo.co\/blog\/en-iyi-kamp-sandalyesi-nasil-secilir\/","title":{"rendered":"Kamp Sandalyesi Se\u00e7erken Dikkat Etmeniz Gerekenler"},"content":{"rendered":"\n<p><strong>Kamp sandalyeleri<\/strong> sadece kamp yapmak i\u00e7in de\u011fil, ayn\u0131 zamanda <strong>bal\u0131k tutmak<\/strong>, <strong>barbek\u00fcler<\/strong>, <strong>partiler<\/strong>, <strong>piknikler<\/strong>, <strong>okul konserleri<\/strong>, <strong>spor g\u00fcnleri<\/strong>, <strong>bah\u00e7e<\/strong> aktiviteleri, <strong>a\u00e7\u0131k hava sporlar\u0131<\/strong>, <strong>ay \u0131\u015f\u0131\u011f\u0131nda m\u00fczik<\/strong> ve <strong>film izlemek<\/strong> i\u00e7in de harikad\u0131r. <\/p>\n\n\n\n<p><strong>Portatif bir sandalye<\/strong>, t\u00fcm bu anlar\u0131 \u00e7ok daha konforlu hale getirerek, arkan\u0131za yaslan\u0131p rahatlaman\u0131z\u0131 ve gev\u015femenizi sa\u011flar. Kamp yaparken rahat kalman\u0131n bir\u00e7ok yolu vard\u0131r; bunlar\u0131n en kolay\u0131, partinizin her \u00fcyesi i\u00e7in en iyi <strong>kamp sandalyelerine<\/strong> ve <strong>taburelerine<\/strong> sahip olmakt\u0131r. G\u00fcn\u00fcm\u00fcz\u00fcn kamp sandalyelerinin tasar\u0131m se\u00e7enekleri ve i\u015flevselli\u011fi ile, kamp alan\u0131 haricinde parkta piknik yaparken bile m\u00fckemmel bir kamp sandalyesi veya taburesi i\u00e7in se\u00e7eneklerin ve kullan\u0131mlar\u0131n sonu yoktur.<\/p>\n\n\n\n<p>Sizi mutlu edecek bir kamp sandalyesi se\u00e7mek i\u00e7in g\u00f6z \u00f6n\u00fcnde bulundurman\u0131z gereken baz\u0131 hususlar var. Bu <strong>i\u00e7eri\u011fimiz<\/strong>, kamp sandalyesi se\u00e7imini kolayla\u015ft\u0131rmak i\u00e7in akl\u0131n\u0131zda bulundurman\u0131z gereken temel noktalar\u0131 se\u00e7menize yard\u0131mc\u0131 olacak.<\/p>\n\n\n\n<blockquote class=\"wp-block-quote quote-solid is-layout-flow wp-block-quote quote-solid-is-layout-flow\">\n<p>Bu tarz i\u00e7erikler ilginizi \u00e7ekiyorsa <strong><em><a href=\"https:\/\/geziyoo.co\/blog\/kamp-kamp-malzemeleri\/\">Kamp Malzemeleri ve ekipmanlar\u0131<\/a><\/em><\/strong> kategorimize bakman\u0131z\u0131 \u00f6neriyoruz.Veya kamp sandalyenizi se\u00e7tiniz kamp yapacak yer mi ar\u0131yorzunuz o zamanda <strong><em><a href=\"https:\/\/geziyoo.co\/turkiyenin-en-iyi-kamp-alanlari-ve-karavan-parklari\/\">KAMP ALANLARI<\/a><\/em><\/strong> kategorimize bakman\u0131z\u0131 \u00f6neririz.<\/p>\n<\/blockquote>\n\n\n\n<p>Bu arada Kamp\u00e7\u0131l\u0131k yapacaksan\u0131z \u00c7ad\u0131r (\u0130ncele;<strong><em><a href=\"https:\/\/geziyoo.co\/blog\/kamp-cadiri-hakkinda-bilinmesi-gerekenler\/\" data-type=\"post\" data-id=\"14857\">Kamp \u00c7ad\u0131r\u0131 Nas\u0131l Se\u00e7ilir?<\/a><\/em><\/strong>)  + sandalye ve s\u0131rt \u00e7antas\u0131 (\u0130ncele; <strong><em><a href=\"https:\/\/geziyoo.co\/blog\/sirt-cantasi-secimi-nasil-yapilir\/\" data-type=\"post\" data-id=\"4774\">S\u0131rt \u00c7antas\u0131 se\u00e7imi<\/a><\/em><\/strong>) \u00e7ok \u00f6nemlidir.Olmazsa olmaz 3 ekipmand\u0131r.Bundan dolay\u0131 bu 3 ekipman\u0131 ald\u0131\u011f\u0131n\u0131z zaman daha kaliteli olmas\u0131na \u00f6zen g\u00f6sterin.Emin olun ucuz ve kalitesiz \u00fcr\u00fcn ald\u0131\u011f\u0131n\u0131zda hem kamp keyfiniz hem de ilerleyen d\u00f6nemlerde b\u00fct\u00e7eniz y\u0131pran\u0131r.<\/p>\n\n\n\n<hr class=\"wp-block-separator has-alpha-channel-opacity is-style-wide\"\/>\n\n\n\n<h2 class=\"wp-block-heading\">En \u0130yi Kamp Sandalyesi Hangisidir?<\/h2>\n\n\n\n<figure class=\"wp-block-image size-full is-resized\"><img decoding=\"async\" width=\"696\" height=\"385\" data-src=\"https:\/\/geziyoo.co\/blog\/wp-content\/uploads\/2023\/03\/kamp-sandalyesi.jpg\" alt=\"En \u0130yi Kamp Sandalyesi Nas\u0131l Se\u00e7ilir?\" class=\"wp-image-12145 lazyload\" style=\"--smush-placeholder-width: 696px; --smush-placeholder-aspect-ratio: 696\/385;width:750px\" data-srcset=\"https:\/\/geziyoo.co\/blog\/wp-content\/uploads\/2023\/03\/kamp-sandalyesi.jpg 696w, https:\/\/geziyoo.co\/blog\/wp-content\/uploads\/2023\/03\/kamp-sandalyesi-300x166.jpg 300w\" data-sizes=\"(max-width: 696px) 100vw, 696px\" src=\"data:image\/gif;base64,R0lGODlhAQABAAAAACH5BAEKAAEALAAAAAABAAEAAAICTAEAOw==\" \/><\/figure>\n\n\n\n<p>Hepimiz farkl\u0131 ihtiya\u00e7 ve isteklerle farkl\u0131y\u0131z, bu nedenle bir ki\u015fi i\u00e7in en iyi <strong>kamp sandalyesi<\/strong>, sizin i\u00e7in uygun olmayabilir. Sizin i\u00e7in en iyi kamp sandalyesi, a\u015fa\u011f\u0131daki benzersiz ihtiya\u00e7lar\u0131n\u0131za ba\u011fl\u0131d\u0131r:<\/p>\n\n\n\n<ul class=\"wp-block-list\">\n<li><strong>Sandalyeyi nerede kullanacaks\u0131n\u0131z?<\/strong> (Plajda, ya\u011fmurlu g\u00fcnlerde, so\u011fuk veya \u00e7ok s\u0131cak g\u00fcnlerde mi?)<\/li>\n\n\n\n<li><strong>Ne kadar rahat olmas\u0131n\u0131 istiyorsunuz?<\/strong> (Ekstra konfor i\u00e7in daha fazla harcamaya haz\u0131r m\u0131s\u0131n\u0131z?)<\/li>\n\n\n\n<li><strong>Ne s\u0131kl\u0131kla kullanacaks\u0131n\u0131z?<\/strong> (Burada veya orada sadece bir saat mi, yoksa her seferinde saatlerce mi?)<\/li>\n\n\n\n<li><strong>Sa\u011fl\u0131k sorunlar\u0131n\u0131z var m\u0131?<\/strong> (Aya\u011fa kalkmay\u0131 zorla\u015ft\u0131ran k\u00f6t\u00fc bir s\u0131rt\u0131n\u0131z veya a\u011fr\u0131n\u0131z var m\u0131?)<\/li>\n\n\n\n<li><strong>Ne kadar uzunsunuz?<\/strong> (Sandalyenin y\u00fcksekli\u011fi, boyunuzla uyumlu olmal\u0131.)<\/li>\n\n\n\n<li><strong>Sandalyeyi kim kullanacak?<\/strong> (En a\u011f\u0131r ki\u015finin a\u011f\u0131rl\u0131\u011f\u0131n\u0131 ta\u015f\u0131yacak kadar g\u00fc\u00e7l\u00fc olmas\u0131 gerekir.)<\/li>\n\n\n\n<li><strong>Ekstra tasar\u0131m \u00f6zellikleri<\/strong> (Bardakl\u0131k, yan sehpa, ba\u015f dayama yeri, ayak dayana\u011f\u0131, cepler) isteyip istemedi\u011finizi d\u00fc\u015f\u00fcn\u00fcn.<\/li>\n\n\n\n<li><strong>Onu ne kadar uza\u011fa ta\u015f\u0131mak istiyorsunuz?<\/strong> (Yeterince hafif olmal\u0131 ki kolayca ta\u015f\u0131yabilirsiniz.)<\/li>\n\n\n\n<li><strong>Ne kadar kompakt olmas\u0131n\u0131 istiyorsunuz?<\/strong> (Arabada ne kadar yer kaplamas\u0131n\u0131 istiyorsunuz?)<\/li>\n\n\n\n<li><strong>Kurulumu ne kadar kolay olmal\u0131?<\/strong> (Birka\u00e7 saniye i\u00e7inde mi, yoksa birka\u00e7 g\u00fcn m\u00fc s\u00fcrmeli?)<\/li>\n\n\n\n<li><strong>Ne kadar s\u00fcrmesini istiyorsunuz?<\/strong> (Burada ve orada birka\u00e7 saat i\u00e7in mi, yoksa uzun y\u0131llar kamp yapmak i\u00e7in mi?)<\/li>\n<\/ul>\n\n\n\n<p>Bu sorular\u0131 cevaplayarak, sizin i\u00e7in en uygun kamp sandalyesini bulabilirsiniz!<\/p>\n\n\n\n<hr class=\"wp-block-separator has-alpha-channel-opacity is-style-wide\"\/>\n\n\n\n<h2 class=\"wp-block-heading\">Kamp Sandalyesi \u00c7e\u015fitleri<\/h2>\n\n\n\n<figure class=\"wp-block-image size-large\"><img decoding=\"async\" width=\"1024\" height=\"576\" data-src=\"https:\/\/geziyoo.co\/blog\/wp-content\/uploads\/2024\/10\/camping-chairs-buying-guide-3-1024x576.jpg\" alt=\"\" class=\"wp-image-19280 lazyload\" data-srcset=\"https:\/\/geziyoo.co\/blog\/wp-content\/uploads\/2024\/10\/camping-chairs-buying-guide-3-1024x576.jpg 1024w, https:\/\/geziyoo.co\/blog\/wp-content\/uploads\/2024\/10\/camping-chairs-buying-guide-3-300x169.jpg 300w, https:\/\/geziyoo.co\/blog\/wp-content\/uploads\/2024\/10\/camping-chairs-buying-guide-3-768x432.jpg 768w, https:\/\/geziyoo.co\/blog\/wp-content\/uploads\/2024\/10\/camping-chairs-buying-guide-3-1536x864.jpg 1536w, https:\/\/geziyoo.co\/blog\/wp-content\/uploads\/2024\/10\/camping-chairs-buying-guide-3-390x220.jpg 390w, https:\/\/geziyoo.co\/blog\/wp-content\/uploads\/2024\/10\/camping-chairs-buying-guide-3-150x84.jpg 150w, https:\/\/geziyoo.co\/blog\/wp-content\/uploads\/2024\/10\/camping-chairs-buying-guide-3-scaled.jpg 1200w\" data-sizes=\"(max-width: 1024px) 100vw, 1024px\" src=\"data:image\/gif;base64,R0lGODlhAQABAAAAACH5BAEKAAEALAAAAAABAAEAAAICTAEAOw==\" style=\"--smush-placeholder-width: 1024px; --smush-placeholder-aspect-ratio: 1024\/576;\" \/><\/figure>\n\n\n\n<p><strong>Kamp sandalyeleri<\/strong>, farkl\u0131 tasar\u0131mlar\u0131yla \u00fc\u00e7 ana kategoriye ayr\u0131labilir: <strong>temel<\/strong>, <strong>orta s\u0131n\u0131f<\/strong> ve <strong>l\u00fcks<\/strong>.<\/p>\n\n\n\n<h3 class=\"wp-block-heading\">Temel<\/h3>\n\n\n\n<p><strong>Temel kamp sandalyeleri<\/strong>, tabureler, kompakt katlan\u0131r sandalyeler ve kum y\u00fcksekli\u011finin hemen \u00fczerinde oturan plaj sandalyelerini i\u00e7erir. Genellikle hafif, katlanabilir ve ta\u015f\u0131nabilirdir. Bu sandalyeler, \u00e7elik veya al\u00fcminyumdan yap\u0131lm\u0131\u015f, kuma\u015f oturma yeri ve s\u0131rtl\u0131\u011f\u0131 olan sa\u011flam bir \u00e7er\u00e7eveye sahiptir. Temel kamp sandalyeleri, kamp, y\u00fcr\u00fcy\u00fc\u015f veya piknik gibi a\u00e7\u0131k hava etkinlikleri i\u00e7in rahat bir oturma \u00e7\u00f6z\u00fcm\u00fc sunarak konfor ve dayan\u0131kl\u0131l\u0131\u011f\u0131 \u00f6n planda tutar.<\/p>\n\n\n\n<h3 class=\"wp-block-heading\">Orta Seviye<\/h3>\n\n\n\n<p><strong>Orta s\u0131n\u0131f kamp sandalyeleri<\/strong>, katlan\u0131r sandalyeler, y\u00f6netmen koltuklar\u0131, ay sandalyeleri ve bank koltuklar\u0131n\u0131n yan\u0131 s\u0131ra amaca y\u00f6nelik tasarlanm\u0131\u015f y\u00fcksek \u00e7ocuk kamp sandalyelerini i\u00e7erir. Bu sandalyeler, temel modellere k\u0131yasla geli\u015fmi\u015f \u00f6zellikler sunar. Genellikle daha fazla konfor i\u00e7in ek dolgu, kol\u00e7aklar ve yaslanma pozisyonlar\u0131 gibi ayarlanabilir bile\u015fenler ile y\u0131rt\u0131lmaz polyester gibi daha dayan\u0131kl\u0131 malzemeler i\u00e7erir. Orta s\u0131n\u0131f kamp sandalyeleri, daha uzun a\u00e7\u0131k hava konaklamalar\u0131 ve \u00e7e\u015fitli araziler i\u00e7in uygun olup, sat\u0131n al\u0131nabilirlik ve konfor aras\u0131nda bir denge kurar.<\/p>\n\n\n\n<h3 class=\"wp-block-heading\">L\u00fcks<\/h3>\n\n\n\n<p><strong>L\u00fcks kamp sandalyeleri<\/strong>, hamaklar, sallanan sandalyeler, yatar koltuklar ve yiyecek ile i\u00e7ecek i\u00e7in koltuk ba\u015fl\u0131klar\u0131, kol\u00e7aklar ve yal\u0131t\u0131ml\u0131 cepler gibi s\u00fcper rahat tasar\u0131mlara sahiptir. Bu sandalyeler, konfor ve rahatl\u0131k a\u00e7\u0131s\u0131ndan en \u00fcst d\u00fczeyi temsil eder. Y\u00fcksek kaliteli al\u00fcminyum veya \u00e7elik gibi birinci s\u0131n\u0131f malzemelerden \u00fcretilen l\u00fcks kamp sandalyeleri, l\u00fcks dolgular, ergonomik tasar\u0131mlar ve yerle\u015fik so\u011futucular, ayarlanabilir ayak dayama yerleri ve entegre yan sehpalar gibi geli\u015fmi\u015f \u00f6zellikler i\u00e7erir. Bu sandalyeler, keyifli kamp maceralar\u0131 i\u00e7in idealdir.<\/p>\n\n\n\n<p>Her bir kamp sandalyesi t\u00fcr\u00fc, farkl\u0131 ihtiya\u00e7 ve istekleri kar\u015f\u0131lamak \u00fczere tasarland\u0131\u011f\u0131ndan, hangi t\u00fcr\u00fc se\u00e7ece\u011finize karar vermek, a\u00e7\u0131k hava etkinliklerinizi daha konforlu hale getirecektir!<\/p>\n\n\n\n<hr class=\"wp-block-separator has-alpha-channel-opacity is-style-wide\"\/>\n\n\n\n<h2 class=\"wp-block-heading\">Kamp sandalyenizi nas\u0131l kullanacaks\u0131n\u0131z?<\/h2>\n\n\n\n<figure class=\"wp-block-image size-large\"><img decoding=\"async\" width=\"1024\" height=\"576\" data-src=\"https:\/\/geziyoo.co\/blog\/wp-content\/uploads\/2024\/10\/camping-chairs-buying-guide-4-1024x576.jpg\" alt=\"\" class=\"wp-image-19281 lazyload\" title=\"Spinifex Camping Chair &amp; Stool\" data-srcset=\"https:\/\/geziyoo.co\/blog\/wp-content\/uploads\/2024\/10\/camping-chairs-buying-guide-4-1024x576.jpg 1024w, https:\/\/geziyoo.co\/blog\/wp-content\/uploads\/2024\/10\/camping-chairs-buying-guide-4-300x169.jpg 300w, https:\/\/geziyoo.co\/blog\/wp-content\/uploads\/2024\/10\/camping-chairs-buying-guide-4-768x432.jpg 768w, https:\/\/geziyoo.co\/blog\/wp-content\/uploads\/2024\/10\/camping-chairs-buying-guide-4-1536x864.jpg 1536w, https:\/\/geziyoo.co\/blog\/wp-content\/uploads\/2024\/10\/camping-chairs-buying-guide-4-390x220.jpg 390w, https:\/\/geziyoo.co\/blog\/wp-content\/uploads\/2024\/10\/camping-chairs-buying-guide-4-150x84.jpg 150w, https:\/\/geziyoo.co\/blog\/wp-content\/uploads\/2024\/10\/camping-chairs-buying-guide-4-scaled.jpg 1200w\" data-sizes=\"(max-width: 1024px) 100vw, 1024px\" src=\"data:image\/gif;base64,R0lGODlhAQABAAAAACH5BAEKAAEALAAAAAABAAEAAAICTAEAOw==\" style=\"--smush-placeholder-width: 1024px; --smush-placeholder-aspect-ratio: 1024\/576;\" \/><\/figure>\n\n\n\n<p>Kamp sandalyenizi nas\u0131l kullanaca\u011f\u0131n\u0131z\u0131 d\u00fc\u015f\u00fcnmek, do\u011fru se\u00e7im yapman\u0131z i\u00e7in \u00f6nemli. Onu ne kadar uza\u011fa ta\u015f\u0131man\u0131z gerekecek? Bir seferde ka\u00e7 saat veya g\u00fcn boyunca i\u00e7inde oturacaks\u0131n\u0131z? Ne kadar rahat olmas\u0131n\u0131 istiyorsunuz? \u0130\u015fte bu sorulara g\u00f6re en iyi kamp sandalyesini se\u00e7menize yard\u0131mc\u0131 olacak baz\u0131 \u00f6neriler:<\/p>\n\n\n\n<h3 class=\"wp-block-heading\">En \u0130yi Kamp Sandalyesi Hangisidir?<\/h3>\n\n\n\n<ul class=\"wp-block-list\">\n<li><strong>S\u0131rt \u00e7antas\u0131yla seyahat:<\/strong> E\u011fer s\u0131rt \u00e7antas\u0131yla gezmeyi planl\u0131yorsan\u0131z, <strong>tabureler<\/strong> ve <strong>kompakt katlan\u0131r sandalyeler<\/strong> m\u00fckemmel bir se\u00e7imdir. K\u00fc\u00e7\u00fck ve hafif olmalar\u0131, ta\u015f\u0131may\u0131 son derece kolay hale getirir, bu da onlar\u0131 yemek pi\u015firmek ve ate\u015fin yan\u0131nda oturmak i\u00e7in ideal k\u0131lar.<\/li>\n\n\n\n<li><strong>Kamp\u00e7\u0131l\u0131k:<\/strong> K\u0131sa s\u00fcreli kamp gezileri i\u00e7in <strong>katlanabilir sandalyeler<\/strong> ve <strong>banklar<\/strong> harikad\u0131r. Daha b\u00fcy\u00fck ve a\u011f\u0131r olan <strong>yatar koltuklar<\/strong> ve <strong>\u015fezlonglar<\/strong>, daha uzun glamping gezileri i\u00e7in daha uygundur.<\/li>\n\n\n\n<li><strong>Bal\u0131k\u00e7\u0131l\u0131k:<\/strong> <strong>Tabureler<\/strong>, <strong>katlan\u0131r sandalyeler<\/strong> ve <strong>yatar koltuklar<\/strong>, bal\u0131k tutmak i\u00e7in m\u00fckemmeldir. Farkl\u0131 boyut ve a\u011f\u0131rl\u0131k se\u00e7enekleri ile, kol ve s\u0131rt destekleri sayesinde bal\u0131\u011f\u0131n \u0131s\u0131rmas\u0131n\u0131 beklerken rahat kalman\u0131z\u0131 sa\u011flar.<\/li>\n\n\n\n<li><strong>Geziler:<\/strong> <strong>Tabureler<\/strong> ve <strong>katlan\u0131r sandalyeler<\/strong>, her t\u00fcrl\u00fc gezi i\u00e7in harika bir se\u00e7enektir. Ta\u015f\u0131mas\u0131 kolay bir \u00e7anta ile etkinlikler ve bulu\u015fmalar i\u00e7in m\u00fckemmel bir \u00e7\u00f6z\u00fcm sunar.<\/li>\n\n\n\n<li><strong>Plaj:<\/strong> <strong>Plaj sandalyeleri<\/strong>, plaj i\u00e7in harika bir tercihtir \u00e7\u00fcnk\u00fc yere al\u00e7ak otururlar ve r\u00fczgarla u\u00e7up gitme riski d\u00fc\u015f\u00fckt\u00fcr. <strong>Hamaklar<\/strong>, <strong>yatar koltuklar<\/strong> ve <strong>\u015fezlonglar<\/strong>, bir sahil evinde daha uzun s\u00fcre kalmak i\u00e7in idealdir.<\/li>\n\n\n\n<li><strong>Festival:<\/strong> <strong>Plaj sandalyeleri<\/strong>, <strong>tabureler<\/strong> ve <strong>katlan\u0131r sandalyeler<\/strong>, festivaller i\u00e7in m\u00fckemmel se\u00e7eneklerdir. Ta\u015f\u0131nabilirlik a\u00e7\u0131s\u0131ndan, ne kadar a\u011f\u0131r oldu\u011funu d\u00fc\u015f\u00fcnmek \u00f6nemlidir; b\u00f6ylece rahatl\u0131kla ta\u015f\u0131yabilirsiniz.<\/li>\n<\/ul>\n\n\n\n<p>Bu noktalara dikkat ederek, kamp maceralar\u0131n\u0131zda konforu art\u0131racak en iyi kamp sandalyesini se\u00e7ebilirsiniz!<\/p>\n\n\n\n<hr class=\"wp-block-separator has-alpha-channel-opacity is-style-wide\"\/>\n\n\n\n<h2 class=\"wp-block-heading\">Kamp Sandalyenizin Boyutu ve A\u011f\u0131rl\u0131\u011f\u0131<\/h2>\n\n\n\n<figure class=\"wp-block-image size-large\"><img decoding=\"async\" width=\"1024\" height=\"576\" data-src=\"https:\/\/geziyoo.co\/blog\/wp-content\/uploads\/2024\/10\/camping-chairs-buying-guide-5-1024x576.jpg\" alt=\"\" class=\"wp-image-19282 lazyload\" title=\"Spinifex, Dune 4WD &amp; OZtrail Camping Chairs\" data-srcset=\"https:\/\/geziyoo.co\/blog\/wp-content\/uploads\/2024\/10\/camping-chairs-buying-guide-5-1024x576.jpg 1024w, https:\/\/geziyoo.co\/blog\/wp-content\/uploads\/2024\/10\/camping-chairs-buying-guide-5-300x169.jpg 300w, https:\/\/geziyoo.co\/blog\/wp-content\/uploads\/2024\/10\/camping-chairs-buying-guide-5-768x432.jpg 768w, https:\/\/geziyoo.co\/blog\/wp-content\/uploads\/2024\/10\/camping-chairs-buying-guide-5-1536x864.jpg 1536w, https:\/\/geziyoo.co\/blog\/wp-content\/uploads\/2024\/10\/camping-chairs-buying-guide-5-390x220.jpg 390w, https:\/\/geziyoo.co\/blog\/wp-content\/uploads\/2024\/10\/camping-chairs-buying-guide-5-150x84.jpg 150w, https:\/\/geziyoo.co\/blog\/wp-content\/uploads\/2024\/10\/camping-chairs-buying-guide-5-scaled.jpg 1200w\" data-sizes=\"(max-width: 1024px) 100vw, 1024px\" src=\"data:image\/gif;base64,R0lGODlhAQABAAAAACH5BAEKAAEALAAAAAABAAEAAAICTAEAOw==\" style=\"--smush-placeholder-width: 1024px; --smush-placeholder-aspect-ratio: 1024\/576;\" \/><\/figure>\n\n\n\n<p><strong>Sandalyeyi kim kullanacak?<\/strong> Bu, hem \u015fimdi hem de gelecekte \u00f6nemli bir sorudur. \u0130\u00e7ine oturacak herkes i\u00e7in yeterince g\u00fc\u00e7l\u00fc olmas\u0131 gerekir, bu nedenle sandalyenin maksimum a\u011f\u0131rl\u0131\u011f\u0131n\u0131 kontrol etmek \u00f6nemlidir. \u0130\u015fte dikkat etmeniz gereken baz\u0131 noktalar:<\/p>\n\n\n\n<ul class=\"wp-block-list\">\n<li><strong>Kullan\u0131c\u0131 A\u011f\u0131rl\u0131\u011f\u0131:<\/strong> Sandalyenin, i\u00e7ine oturacak ki\u015fi i\u00e7in uygun olup olmad\u0131\u011f\u0131n\u0131 belirlemek i\u00e7in maksimum a\u011f\u0131rl\u0131\u011f\u0131 kontrol edin. \u0130\u00e7ine oturacak ki\u015fi i\u00e7in do\u011fru boyutta olmas\u0131 da \u00f6nemlidir; daha uzun boylu insanlar i\u00e7in daha y\u00fcksek sandalyeler daha uygundur.<\/li>\n\n\n\n<li><strong>Ta\u015f\u0131ma Kolayl\u0131\u011f\u0131:<\/strong> Sandalyeyi ta\u015f\u0131man\u0131z gereken mesafe de dikkate al\u0131nmal\u0131d\u0131r. Sadece arabaya m\u0131 ta\u015f\u0131mak gerekiyor, yoksa 20 dakika m\u0131 y\u00fcr\u00fcmek zorunda kalacaks\u0131n\u0131z? Ta\u015f\u0131ma kolayl\u0131\u011f\u0131 a\u00e7\u0131s\u0131ndan, hafif bir sandalye se\u00e7mek avantajl\u0131 olacakt\u0131r.<\/li>\n\n\n\n<li><strong>Y\u00fckseklik:<\/strong> Sandalyenin do\u011fru y\u00fckseklikte olmas\u0131 gerekir. Bu, i\u00e7eri girip \u00e7\u0131kmay\u0131 kolayla\u015ft\u0131r\u0131r, \u00f6zellikle diz veya s\u0131rt problemleriniz varsa. Ayr\u0131ca, kamp masan\u0131z\u0131n alt\u0131na s\u0131\u011facak do\u011fru y\u00fckseklikte olmas\u0131na da dikkat edin (e\u011fer masa almay\u0131 d\u00fc\u015f\u00fcn\u00fcyorsan\u0131z).<\/li>\n<\/ul>\n\n\n\n<p>Bu fakt\u00f6rleri g\u00f6z \u00f6n\u00fcnde bulundurarak, hem mevcut ihtiya\u00e7lar\u0131n\u0131za hem de gelecekteki kullan\u0131mlara uygun bir kamp sandalyesi se\u00e7ebilirsiniz!<\/p>\n\n\n\n<hr class=\"wp-block-separator has-alpha-channel-opacity is-style-wide\"\/>\n\n\n\n<h2 class=\"wp-block-heading\">Kalite Neden \u00d6nemlidir?<\/h2>\n\n\n\n<figure class=\"wp-block-image size-large\"><img decoding=\"async\" width=\"1024\" height=\"761\" data-src=\"https:\/\/geziyoo.co\/blog\/wp-content\/uploads\/2024\/10\/En-Iyi-Kamp-Sandalyesi-Nasil-Secilir-5-1024x761.jpg\" alt=\"\" class=\"wp-image-19283 lazyload\" data-srcset=\"https:\/\/geziyoo.co\/blog\/wp-content\/uploads\/2024\/10\/En-Iyi-Kamp-Sandalyesi-Nasil-Secilir-5-1024x761.jpg 1024w, https:\/\/geziyoo.co\/blog\/wp-content\/uploads\/2024\/10\/En-Iyi-Kamp-Sandalyesi-Nasil-Secilir-5-300x223.jpg 300w, https:\/\/geziyoo.co\/blog\/wp-content\/uploads\/2024\/10\/En-Iyi-Kamp-Sandalyesi-Nasil-Secilir-5-768x571.jpg 768w, https:\/\/geziyoo.co\/blog\/wp-content\/uploads\/2024\/10\/En-Iyi-Kamp-Sandalyesi-Nasil-Secilir-5-150x112.jpg 150w, https:\/\/geziyoo.co\/blog\/wp-content\/uploads\/2024\/10\/En-Iyi-Kamp-Sandalyesi-Nasil-Secilir-5.jpg 1200w\" data-sizes=\"(max-width: 1024px) 100vw, 1024px\" src=\"data:image\/gif;base64,R0lGODlhAQABAAAAACH5BAEKAAEALAAAAAABAAEAAAICTAEAOw==\" style=\"--smush-placeholder-width: 1024px; --smush-placeholder-aspect-ratio: 1024\/761;\" \/><\/figure>\n\n\n\n<p>Kamp sandalyenizin kullan\u0131m amac\u0131 ne olursa olsun, <strong>her zaman kaliteli malzemelerden<\/strong> yap\u0131lm\u0131\u015f bir \u00fcr\u00fcn se\u00e7mek \u00f6nemlidir.Ma\u011fazalarda d\u00fc\u015f\u00fck maliyetli kamp sandalyeleri sat\u0131n almaktan ka\u00e7\u0131n\u0131n. Bu t\u00fcr sandalyeler genellikle ucuz malzemelerden \u00fcretilir bu da uzun s\u00fcre dayanmayaca\u011f\u0131 ve tek bir kamp gezisinin bask\u0131s\u0131 alt\u0131nda b\u00fck\u00fclebilece\u011fi anlam\u0131na gelir. Ayr\u0131ca, yetersiz v\u00fccut deste\u011fi sa\u011flayarak eve ek a\u011fr\u0131lar ve ac\u0131larla d\u00f6nmenize neden olabilir.<\/p>\n\n\n\n<p><strong>Kalite Kontrol\u00fc i\u00e7in Dikkat Edilmesi Gerekenler:<\/strong><\/p>\n\n\n\n<ul class=\"wp-block-list\">\n<li><strong>\u00c7er\u00e7eve Malzemeleri:<\/strong> Sandalyenin \u00e7er\u00e7evesinde kullan\u0131lan yap\u0131 malzemelerinin kalitesi, dayan\u0131kl\u0131l\u0131\u011f\u0131 a\u00e7\u0131s\u0131ndan kritik \u00f6neme sahiptir.<\/li>\n\n\n\n<li><strong>Oturma Malzemesi:<\/strong> Oturma alan\u0131nda kullan\u0131lan malzemelerin konforu da \u00f6nemli bir fakt\u00f6rd\u00fcr.<\/li>\n\n\n\n<li><strong>Diki\u015f Say\u0131s\u0131:<\/strong> Diki\u015f say\u0131s\u0131n\u0131 kontrol ederek sandalyenin ger\u00e7ek g\u00fcc\u00fcn\u00fc anlayabilirsiniz. Kaliteli diki\u015fler, uzun \u00f6m\u00fcrl\u00fc kullan\u0131m sa\u011flar.<\/li>\n<\/ul>\n\n\n\n<p>Daha iyi bir kamp deneyimi i\u00e7in:<\/p>\n\n\n\n<ul class=\"wp-block-list\">\n<li><strong>Nefes Alabilirlik:<\/strong> Sandalyenizde file ekler kullanarak nefes alabilirli\u011fi art\u0131rabilir, b\u00f6ylece s\u0131cak havalarda rahat kalabilirsiniz.<\/li>\n\n\n\n<li><strong>Destekleyici Tasar\u0131m:<\/strong> S\u0131rt deste\u011fi i\u00e7in bas\u0131n\u00e7 alanlar\u0131 ve oturma alan\u0131nda takviye malzemeleri kullanmak, konforu art\u0131r\u0131r.<\/li>\n<\/ul>\n\n\n\n<hr class=\"wp-block-separator has-alpha-channel-opacity is-style-wide\"\/>\n\n\n\n<h2 class=\"wp-block-heading\">Bir Kamp Sandalyesinin Ta\u015f\u0131nabilirli\u011fi<\/h2>\n\n\n\n<figure class=\"wp-block-image size-full is-resized\"><img decoding=\"async\" width=\"480\" height=\"300\" data-src=\"https:\/\/geziyoo.co\/blog\/wp-content\/uploads\/2024\/10\/En-Iyi-Kamp-Sandalyesi-Nasil-Secilir.webp\" alt=\"\" class=\"wp-image-19284 lazyload\" style=\"--smush-placeholder-width: 480px; --smush-placeholder-aspect-ratio: 480\/300;width:750px\" data-srcset=\"https:\/\/geziyoo.co\/blog\/wp-content\/uploads\/2024\/10\/En-Iyi-Kamp-Sandalyesi-Nasil-Secilir.webp 480w, https:\/\/geziyoo.co\/blog\/wp-content\/uploads\/2024\/10\/En-Iyi-Kamp-Sandalyesi-Nasil-Secilir-300x188.webp 300w, https:\/\/geziyoo.co\/blog\/wp-content\/uploads\/2024\/10\/En-Iyi-Kamp-Sandalyesi-Nasil-Secilir-150x94.webp 150w\" data-sizes=\"(max-width: 480px) 100vw, 480px\" src=\"data:image\/gif;base64,R0lGODlhAQABAAAAACH5BAEKAAEALAAAAAABAAEAAAICTAEAOw==\" \/><\/figure>\n\n\n\n<p>G\u00fcn\u00fcm\u00fcz\u00fcn kamp sandalyeleri genellikle harika bir esteti\u011fe sahip olsa da, estetik bazen pratiklikten \u00f6d\u00fcn verebilir. G\u00fcn\u00fcn sonunda, sandalyenin ne kadar basit bir \u015fekilde katlanabilece\u011fi ve kullan\u0131lmad\u0131\u011f\u0131nda ne kadar kolay ta\u015f\u0131n\u0131p saklanabilece\u011fi \u00f6nemli fakt\u00f6rlerdir. \u0130ster \u00e7evrimi\u00e7i ister ma\u011fazadan sat\u0131n al\u0131n, sandalyenizin kullan\u0131mdan sonra nas\u0131l katland\u0131\u011f\u0131na ve araban\u0131zda veya 4X4&#8217;te, evde saklan\u0131rken ne kadar yer kaplayaca\u011f\u0131na dair bilgilere eri\u015fti\u011finizden emin olun.<\/p>\n\n\n\n<h3 class=\"wp-block-heading\"><strong>Ta\u015f\u0131nabilirlik ve Kullan\u0131\u015fl\u0131l\u0131k:<\/strong><\/h3>\n\n\n\n<ul class=\"wp-block-list\">\n<li><strong>Kamp Taburesi:<\/strong> Ta\u015f\u0131nabilirlik a\u00e7\u0131s\u0131ndan harika bir se\u00e7enek olan kamp tabureleri, uzun s\u00fcre uzanmak, okumak veya uyuklamak i\u00e7in uygun olmayabilir. Ancak y\u00fcr\u00fcy\u00fc\u015fe \u00e7\u0131k\u0131yorsan\u0131z veya sandalye ta\u015f\u0131man\u0131n m\u00fcmk\u00fcn olmad\u0131\u011f\u0131 bir etkinli\u011fe kat\u0131l\u0131yorsan\u0131z, dinlenmek i\u00e7in iyi bir alternatif sunar.<\/li>\n\n\n\n<li><strong>Etkinlik Koltu\u011fu:<\/strong> Ayaklar\u0131 olmayan yumu\u015fak bir kamp sandalyesi de se\u00e7ebilirsiniz. Ancak bu t\u00fcr bir sandalye, yaln\u0131zca yerden kolayca inip \u00e7\u0131kabilenler i\u00e7in uygundur.<\/li>\n<\/ul>\n\n\n\n<p>Bir\u00e7ok kamp sandalyesi, garajdan arabaya kamp alan\u0131na (ve tabii ki geri d\u00f6n\u00fc\u015f yolculu\u011funa) sorunsuz bir \u015fekilde ula\u015f\u0131m sa\u011flamak i\u00e7in kendi ta\u015f\u0131ma \u00e7antalar\u0131yla birlikte gelir. Ta\u015f\u0131ma \u00e7antalar\u0131, sandalyenizi daha pratik hale getirir ve yolculu\u011funuzda yer kaplamadan kolayca ta\u015f\u0131nmas\u0131n\u0131 sa\u011flar.<\/p>\n\n\n\n<p>Kamp deneyiminizin keyfini art\u0131rmak i\u00e7in estetikten \u00e7ok, fonksiyonelli\u011fe odaklanmak \u00f6nemlidir. Do\u011fru sandalye, hem konforunuzu art\u0131racak hem de ta\u015f\u0131nabilirli\u011fiyle kamp maceran\u0131z\u0131 daha kolay hale getirecektir!<\/p>\n\n\n\n<hr class=\"wp-block-separator has-alpha-channel-opacity is-style-wide\"\/>\n\n\n\n<h2 class=\"wp-block-heading\">Kamp Sandalyesinin Par\u00e7alar\u0131<\/h2>\n\n\n\n<figure class=\"wp-block-image size-large\"><img decoding=\"async\" width=\"1024\" height=\"683\" data-src=\"https:\/\/geziyoo.co\/blog\/wp-content\/uploads\/2024\/10\/En-Iyi-Kamp-Sandalyesi-Nasil-Secilir-6-1024x683.jpg\" alt=\"\" class=\"wp-image-19285 lazyload\" title=\"Close Up Of Camping Chair Side Table &amp; Cup Holder\" data-srcset=\"https:\/\/geziyoo.co\/blog\/wp-content\/uploads\/2024\/10\/En-Iyi-Kamp-Sandalyesi-Nasil-Secilir-6-1024x683.jpg 1024w, https:\/\/geziyoo.co\/blog\/wp-content\/uploads\/2024\/10\/En-Iyi-Kamp-Sandalyesi-Nasil-Secilir-6-300x200.jpg 300w, https:\/\/geziyoo.co\/blog\/wp-content\/uploads\/2024\/10\/En-Iyi-Kamp-Sandalyesi-Nasil-Secilir-6-768x512.jpg 768w, https:\/\/geziyoo.co\/blog\/wp-content\/uploads\/2024\/10\/En-Iyi-Kamp-Sandalyesi-Nasil-Secilir-6-150x100.jpg 150w, https:\/\/geziyoo.co\/blog\/wp-content\/uploads\/2024\/10\/En-Iyi-Kamp-Sandalyesi-Nasil-Secilir-6.jpg 1200w\" data-sizes=\"(max-width: 1024px) 100vw, 1024px\" src=\"data:image\/gif;base64,R0lGODlhAQABAAAAACH5BAEKAAEALAAAAAABAAEAAAICTAEAOw==\" style=\"--smush-placeholder-width: 1024px; --smush-placeholder-aspect-ratio: 1024\/683;\" \/><\/figure>\n\n\n\n<p>Bir kamp sandalyesinin i\u015flevselli\u011fini ve konforunu belirleyen birka\u00e7 \u00f6nemli par\u00e7a bulunmaktad\u0131r. \u0130\u015fte g\u00f6z \u00f6n\u00fcnde bulundurman\u0131z gereken sekiz par\u00e7a:<\/p>\n\n\n\n<ol class=\"wp-block-list\">\n<li><strong>Dolgu Malzemesi<\/strong><br>Yast\u0131kl\u0131 dolgulu kamp sandalyeleri, ekstra konfor sunar. Ancak, yast\u0131kl\u0131 sandalyeniz \u0131slan\u0131rsa kurumas\u0131 biraz zaman alabilir. Yast\u0131kl\u0131 modeller, s\u0131rt problemleri olanlar i\u00e7in bel deste\u011fi de sa\u011flayabilir.<\/li>\n\n\n\n<li><strong>Dinlenmeler<\/strong><br>Kamp sandalyesinde bulunan ba\u015f deste\u011fi, bacak deste\u011fi ve kol dayanaklar\u0131, ekstra konfor ve destek sa\u011flar. Ba\u015f destekleri \u00e7\u0131kar\u0131labilir veya ayarlanabilirken, bacak destekleri genellikle yukar\u0131 ve a\u015fa\u011f\u0131 hareket ettirilebilir veya tamamen \u00e7\u0131kar\u0131labilir.<\/li>\n\n\n\n<li><strong>Bardak\/\u015earap Kadehi Tutucular<\/strong><br>Bardak veya \u015farap kadehi tutucular, otururken i\u00e7ece\u011finizi g\u00fcvenli bir \u015fekilde tutman\u0131za yard\u0131mc\u0131 olur. Bu tutucular, i\u00e7ece\u011finizi so\u011fuk tutacak \u015fekilde yal\u0131t\u0131labilir, bu da s\u0131cak yaz g\u00fcnlerinde b\u00fcy\u00fck bir avantaj sa\u011flar.<\/li>\n\n\n\n<li><strong>Yan Sehpa<\/strong><br>Yerle\u015fik bir yan sehpaya sahip kamp sandalyesi, a\u00e7\u0131k hava maceran\u0131zda i\u00e7ece\u011finiz, taba\u011f\u0131n\u0131z veya kitab\u0131n\u0131z i\u00e7in m\u00fckemmel bir alan sunar. Hafif bir kamp yapmak istedi\u011finizde yan sehpalar, b\u00fcy\u00fck bir kamp masas\u0131n\u0131n yerini alabilir.<\/li>\n\n\n\n<li><strong>Cepler<\/strong><br>Cepli kamp sandalyeleri, e\u015fyalar\u0131n\u0131z\u0131 d\u00fczenli tutan kullan\u0131\u015fl\u0131 saklama alanlar\u0131d\u0131r. Bu cepler, telefon, g\u00fcne\u015f kremi ve b\u00f6cek ilac\u0131 gibi malzemelerinizi kolayca saklay\u0131p elinizin alt\u0131nda tutman\u0131za olanak tan\u0131r.<\/li>\n\n\n\n<li><strong>Ta\u015f\u0131ma \u00c7antas\u0131<\/strong><br>\u00c7o\u011fu kamp sandalyesi, ta\u015f\u0131ma \u00e7antas\u0131 ile birlikte gelir. Ask\u0131l\u0131 bir ta\u015f\u0131ma \u00e7antas\u0131, kamp sandalyenizi kolayl\u0131kla ta\u015f\u0131man\u0131za yard\u0131mc\u0131 olur. H\u0131zl\u0131 bir ipucu olarak, ta\u015f\u0131ma \u00e7antas\u0131n\u0131 kumla doldurup plajda yast\u0131k olarak da kullanabilirsiniz!<\/li>\n\n\n\n<li><strong>\u00c7er\u00e7eve<\/strong><br>\u00c7er\u00e7eve, sandalyenin yap\u0131s\u0131n\u0131 ve g\u00fcc\u00fcn\u00fc belirler. Daha g\u00fc\u00e7l\u00fc bir kamp sandalyesi, daha sa\u011flam ve uzun \u00f6m\u00fcrl\u00fcd\u00fcr. Al\u00fcminyum \u00e7elik, ta\u015f\u0131nabilirlik a\u00e7\u0131s\u0131ndan hafifken, \u00e7elik daha dayan\u0131kl\u0131d\u0131r. Toz boyal\u0131 \u00e7elik, normal \u00e7eli\u011fe g\u00f6re daha uzun s\u00fcre dayan\u0131r, \u00e7apraz destek ise ekstra g\u00fc\u00e7 sa\u011flar. Baz\u0131 kamp sandalyesi \u00e7er\u00e7eveleri yaslanma \u00f6zelli\u011fine sahiptir.<\/li>\n\n\n\n<li><strong>Kuma\u015f<\/strong><br>Kuma\u015f, \u00e7er\u00e7eveyi kaplar ve konfor seviyenizi etkiler. Baz\u0131 kuma\u015flar, \u0131slanmay\u0131 daha iyi idare ederken, h\u0131zl\u0131 kurumal\u0131 olanlar ya\u011fmurlu g\u00fcnlerde kullan\u0131\u015fl\u0131d\u0131r. A\u00e7\u0131k dokumal\u0131 kuma\u015flar suyu s\u00fczer ve daha h\u0131zl\u0131 kurur, file havaland\u0131rmal\u0131 olanlar ise hava ak\u0131\u015f\u0131n\u0131 art\u0131rarak sizi serin tutar. A\u00e7\u0131k renkli kuma\u015flar, g\u00fcne\u015fte koyu renkler kadar \u0131s\u0131nmaz. Naylon kuma\u015flar hafif ve incedir, ancak g\u00fcne\u015fe maruz kald\u0131klar\u0131nda bozulma riski ta\u015f\u0131r. Polyester, daha kal\u0131nd\u0131r ve g\u00fcne\u015fe maruz kalmaya daha dayan\u0131kl\u0131d\u0131r, bu da uzun \u00f6m\u00fcrl\u00fc olmas\u0131n\u0131 sa\u011flar. Kuma\u015f kal\u0131nl\u0131\u011f\u0131 denye (D) ile \u00f6l\u00e7\u00fcl\u00fcr; daha d\u00fc\u015f\u00fck denye hafif ancak az dayan\u0131kl\u0131yken, y\u00fcksek denye kuma\u015flar daha uzun \u00f6m\u00fcrl\u00fcd\u00fcr. RipStop kuma\u015f, y\u0131rt\u0131lmalar\u0131 \u00f6nleyerek sandalyenizin \u00f6mr\u00fcn\u00fc uzat\u0131r.<\/li>\n<\/ol>\n\n\n\n<p>Bu par\u00e7alar, kamp sandalyesinin konforunu, dayan\u0131kl\u0131l\u0131\u011f\u0131n\u0131 ve pratikli\u011fini etkileyen kritik unsurlard\u0131r. Do\u011fru se\u00e7imler yaparak, kamp deneyiminizi daha keyifli hale getirebilirsiniz!<\/p>\n\n\n\n<hr class=\"wp-block-separator has-alpha-channel-opacity is-style-wide\"\/>\n\n\n\n<h3 class=\"wp-block-heading\">Bunlar\u0131 da Sevebilirsiniz;<\/h3>\n\n\n<ul class=\"wp-block-latest-posts__list wp-block-latest-posts\"><li><a class=\"wp-block-latest-posts__post-title\" href=\"https:\/\/geziyoo.co\/blog\/kamp-ihtiyac-listesi\/\">Kamp \u0130htiya\u00e7 Listesi Arac\u0131 ile Haz\u0131rl\u0131\u011f\u0131n\u0131z\u0131 Kolayla\u015ft\u0131r\u0131n<\/a><\/li>\n<li><a class=\"wp-block-latest-posts__post-title\" href=\"https:\/\/geziyoo.co\/blog\/kamp-icin-uyku-tulumu-nasil-secilir\/\">Kamp \u0130\u00e7in En \u0130yi Uyku Tulumu Nas\u0131l Se\u00e7ilir?<\/a><\/li>\n<li><a class=\"wp-block-latest-posts__post-title\" href=\"https:\/\/geziyoo.co\/blog\/en-iyi-kamp-sandalyesi-nasil-secilir\/\">Kamp Sandalyesi Se\u00e7erken Dikkat Etmeniz Gerekenler<\/a><\/li>\n<\/ul>","protected":false},"excerpt":{"rendered":"<p>Kamp sandalyeleri sadece kamp yapmak i\u00e7in de\u011fil, ayn\u0131 zamanda bal\u0131k tutmak, barbek\u00fcler, partiler, piknikler, okul konserleri, spor g\u00fcnleri, bah\u00e7e aktiviteleri, a\u00e7\u0131k hava sporlar\u0131, ay \u0131\u015f\u0131\u011f\u0131nda m\u00fczik ve film izlemek i\u00e7in de harikad\u0131r. Portatif bir sandalye, t\u00fcm bu anlar\u0131 \u00e7ok daha konforlu hale getirerek, arkan\u0131za yaslan\u0131p rahatlaman\u0131z\u0131 ve gev\u015femenizi sa\u011flar. Kamp yaparken rahat kalman\u0131n bir\u00e7ok yolu &hellip;<\/p>\n","protected":false},"author":1,"featured_media":19285,"comment_status":"open","ping_status":"closed","sticky":false,"template":"","format":"standard","meta":{"footnotes":""},"categories":[589,24],"tags":[],"class_list":["post-19279","post","type-post","status-publish","format-standard","has-post-thumbnail","hentry","category-kamp1","category-kamp-kamp-malzemeleri"],"yoast_head":"<!-- This site is optimized with the Yoast SEO plugin v26.9 - https:\/\/yoast.com\/product\/yoast-seo-wordpress\/ -->\n<title>Kamp Sandalyesi Se\u00e7erken Dikkat Etmeniz Gerekenler - Geziyoo.co<\/title>\n<meta name=\"description\" content=\"En \u0130yi Kamp Sandalyesi Nas\u0131l Se\u00e7ilir? i\u00e7eri\u011fimizde ilk kez kamp sandalyesi alacaklar i\u00e7in ipu\u00e7lar\u0131 ve detaylar yer almakta\" \/>\n<meta name=\"robots\" content=\"index, follow, max-snippet:-1, max-image-preview:large, max-video-preview:-1\" \/>\n<link rel=\"canonical\" href=\"http:\/\/geziyoo.co\/blog\/en-iyi-kamp-sandalyesi-nasil-secilir\/\" \/>\n<meta property=\"og:locale\" content=\"tr_TR\" \/>\n<meta property=\"og:type\" content=\"article\" \/>\n<meta property=\"og:title\" content=\"Kamp Sandalyesi Se\u00e7erken Dikkat Etmeniz Gerekenler - Geziyoo.co\" \/>\n<meta property=\"og:description\" content=\"En \u0130yi Kamp Sandalyesi Nas\u0131l Se\u00e7ilir? i\u00e7eri\u011fimizde ilk kez kamp sandalyesi alacaklar i\u00e7in ipu\u00e7lar\u0131 ve detaylar yer almakta\" \/>\n<meta property=\"og:url\" content=\"http:\/\/geziyoo.co\/blog\/en-iyi-kamp-sandalyesi-nasil-secilir\/\" \/>\n<meta property=\"og:site_name\" content=\"Geziyoo.co\" \/>\n<meta property=\"article:publisher\" content=\"https:\/\/www.facebook.com\/Geziyooco\" \/>\n<meta property=\"article:author\" content=\"https:\/\/www.facebook.com\/geziyoo.co\" \/>\n<meta property=\"article:published_time\" content=\"2024-10-22T13:12:02+00:00\" \/>\n<meta property=\"article:modified_time\" content=\"2026-02-09T09:45:59+00:00\" \/>\n<meta property=\"og:image\" content=\"http:\/\/geziyoo.co\/blog\/wp-content\/uploads\/2024\/10\/En-Iyi-Kamp-Sandalyesi-Nasil-Secilir-6.jpg\" \/>\n\t<meta property=\"og:image:width\" content=\"1200\" \/>\n\t<meta property=\"og:image:height\" content=\"800\" \/>\n\t<meta property=\"og:image:type\" content=\"image\/jpeg\" \/>\n<meta name=\"author\" content=\"Geziyoo\" \/>\n<meta name=\"twitter:card\" content=\"summary_large_image\" \/>\n<meta name=\"twitter:creator\" content=\"@https:\/\/twitter.com\/geziyoo\" \/>\n<meta name=\"twitter:site\" content=\"@geziyoo\" \/>\n<meta name=\"twitter:label1\" content=\"Yazan:\" \/>\n\t<meta name=\"twitter:data1\" content=\"Geziyoo\" \/>\n\t<meta name=\"twitter:label2\" content=\"Tahmini okuma s\u00fcresi\" \/>\n\t<meta name=\"twitter:data2\" content=\"12 dakika\" \/>\n<script type=\"application\/ld+json\" class=\"yoast-schema-graph\">{\"@context\":\"https:\/\/schema.org\",\"@graph\":[{\"@type\":\"Article\",\"@id\":\"http:\/\/geziyoo.co\/blog\/en-iyi-kamp-sandalyesi-nasil-secilir\/#article\",\"isPartOf\":{\"@id\":\"http:\/\/geziyoo.co\/blog\/en-iyi-kamp-sandalyesi-nasil-secilir\/\"},\"author\":{\"name\":\"Geziyoo\",\"@id\":\"https:\/\/geziyoo.co\/blog\/#\/schema\/person\/032acb2436540ed14784e7d978aef0e4\"},\"headline\":\"Kamp Sandalyesi Se\u00e7erken Dikkat Etmeniz Gerekenler\",\"datePublished\":\"2024-10-22T13:12:02+00:00\",\"dateModified\":\"2026-02-09T09:45:59+00:00\",\"mainEntityOfPage\":{\"@id\":\"http:\/\/geziyoo.co\/blog\/en-iyi-kamp-sandalyesi-nasil-secilir\/\"},\"wordCount\":2453,\"commentCount\":0,\"publisher\":{\"@id\":\"https:\/\/geziyoo.co\/blog\/#organization\"},\"image\":{\"@id\":\"http:\/\/geziyoo.co\/blog\/en-iyi-kamp-sandalyesi-nasil-secilir\/#primaryimage\"},\"thumbnailUrl\":\"https:\/\/geziyoo.co\/blog\/wp-content\/uploads\/2024\/10\/En-Iyi-Kamp-Sandalyesi-Nasil-Secilir-6.jpg\",\"articleSection\":[\"Kamp\",\"Kamp Malzemeleri\"],\"inLanguage\":\"tr\",\"potentialAction\":[{\"@type\":\"CommentAction\",\"name\":\"Comment\",\"target\":[\"http:\/\/geziyoo.co\/blog\/en-iyi-kamp-sandalyesi-nasil-secilir\/#respond\"]}]},{\"@type\":\"WebPage\",\"@id\":\"http:\/\/geziyoo.co\/blog\/en-iyi-kamp-sandalyesi-nasil-secilir\/\",\"url\":\"http:\/\/geziyoo.co\/blog\/en-iyi-kamp-sandalyesi-nasil-secilir\/\",\"name\":\"Kamp Sandalyesi Se\u00e7erken Dikkat Etmeniz Gerekenler - Geziyoo.co\",\"isPartOf\":{\"@id\":\"https:\/\/geziyoo.co\/blog\/#website\"},\"primaryImageOfPage\":{\"@id\":\"http:\/\/geziyoo.co\/blog\/en-iyi-kamp-sandalyesi-nasil-secilir\/#primaryimage\"},\"image\":{\"@id\":\"http:\/\/geziyoo.co\/blog\/en-iyi-kamp-sandalyesi-nasil-secilir\/#primaryimage\"},\"thumbnailUrl\":\"https:\/\/geziyoo.co\/blog\/wp-content\/uploads\/2024\/10\/En-Iyi-Kamp-Sandalyesi-Nasil-Secilir-6.jpg\",\"datePublished\":\"2024-10-22T13:12:02+00:00\",\"dateModified\":\"2026-02-09T09:45:59+00:00\",\"description\":\"En \u0130yi Kamp Sandalyesi Nas\u0131l Se\u00e7ilir? i\u00e7eri\u011fimizde ilk kez kamp sandalyesi alacaklar i\u00e7in ipu\u00e7lar\u0131 ve detaylar yer almakta\",\"breadcrumb\":{\"@id\":\"http:\/\/geziyoo.co\/blog\/en-iyi-kamp-sandalyesi-nasil-secilir\/#breadcrumb\"},\"inLanguage\":\"tr\",\"potentialAction\":[{\"@type\":\"ReadAction\",\"target\":[\"http:\/\/geziyoo.co\/blog\/en-iyi-kamp-sandalyesi-nasil-secilir\/\"]}]},{\"@type\":\"ImageObject\",\"inLanguage\":\"tr\",\"@id\":\"http:\/\/geziyoo.co\/blog\/en-iyi-kamp-sandalyesi-nasil-secilir\/#primaryimage\",\"url\":\"https:\/\/geziyoo.co\/blog\/wp-content\/uploads\/2024\/10\/En-Iyi-Kamp-Sandalyesi-Nasil-Secilir-6.jpg\",\"contentUrl\":\"https:\/\/geziyoo.co\/blog\/wp-content\/uploads\/2024\/10\/En-Iyi-Kamp-Sandalyesi-Nasil-Secilir-6.jpg\",\"width\":1200,\"height\":800},{\"@type\":\"BreadcrumbList\",\"@id\":\"http:\/\/geziyoo.co\/blog\/en-iyi-kamp-sandalyesi-nasil-secilir\/#breadcrumb\",\"itemListElement\":[{\"@type\":\"ListItem\",\"position\":1,\"name\":\"Ana sayfa\",\"item\":\"https:\/\/geziyoo.co\/blog\/\"},{\"@type\":\"ListItem\",\"position\":2,\"name\":\"Kamp Sandalyesi Se\u00e7erken Dikkat Etmeniz Gerekenler\"}]},{\"@type\":\"WebSite\",\"@id\":\"https:\/\/geziyoo.co\/blog\/#website\",\"url\":\"https:\/\/geziyoo.co\/blog\/\",\"name\":\"Geziyoo Blog\",\"description\":\"GeziYoo Blog&#039;da T\u00fcrkiye&#039;nin en iyi kamp alanlar\u0131ndan bungalov tatillerine, karavan ipu\u00e7lar\u0131ndan gezi rehberlerine kadar her t\u00fcrl\u00fc do\u011fa deneyimini ke\u015ffedin.\",\"publisher\":{\"@id\":\"https:\/\/geziyoo.co\/blog\/#organization\"},\"potentialAction\":[{\"@type\":\"SearchAction\",\"target\":{\"@type\":\"EntryPoint\",\"urlTemplate\":\"https:\/\/geziyoo.co\/blog\/?s={search_term_string}\"},\"query-input\":{\"@type\":\"PropertyValueSpecification\",\"valueRequired\":true,\"valueName\":\"search_term_string\"}}],\"inLanguage\":\"tr\"},{\"@type\":\"Organization\",\"@id\":\"https:\/\/geziyoo.co\/blog\/#organization\",\"name\":\"Geziyoo.co\",\"url\":\"https:\/\/geziyoo.co\/blog\/\",\"logo\":{\"@type\":\"ImageObject\",\"inLanguage\":\"tr\",\"@id\":\"https:\/\/geziyoo.co\/blog\/#\/schema\/logo\/image\/\",\"url\":\"https:\/\/geziyoo.co\/blog\/wp-content\/uploads\/2025\/01\/Paragraf-metniniz-3.png\",\"contentUrl\":\"https:\/\/geziyoo.co\/blog\/wp-content\/uploads\/2025\/01\/Paragraf-metniniz-3.png\",\"width\":270,\"height\":50,\"caption\":\"Geziyoo.co\"},\"image\":{\"@id\":\"https:\/\/geziyoo.co\/blog\/#\/schema\/logo\/image\/\"},\"sameAs\":[\"https:\/\/www.facebook.com\/Geziyooco\",\"https:\/\/x.com\/geziyoo\",\"https:\/\/tr.pinterest.com\/geziyooco\/\",\"https:\/\/www.youtube.com\/@geziyoo\",\"https:\/\/www.instagram.com\/geziyoo.co\/\"]},{\"@type\":\"Person\",\"@id\":\"https:\/\/geziyoo.co\/blog\/#\/schema\/person\/032acb2436540ed14784e7d978aef0e4\",\"name\":\"Geziyoo\",\"image\":{\"@type\":\"ImageObject\",\"inLanguage\":\"tr\",\"@id\":\"https:\/\/geziyoo.co\/blog\/#\/schema\/person\/image\/\",\"url\":\"https:\/\/secure.gravatar.com\/avatar\/ae212a4514471fdb8cab6e5af4f3c99b940a2d0a16713ea0392c8d7c8a64f30a?s=96&d=mm&r=g\",\"contentUrl\":\"https:\/\/secure.gravatar.com\/avatar\/ae212a4514471fdb8cab6e5af4f3c99b940a2d0a16713ea0392c8d7c8a64f30a?s=96&d=mm&r=g\",\"caption\":\"Geziyoo\"},\"description\":\"Do\u011fa ile i\u00e7 i\u00e7e olabilece\u011finiz yerler,do\u011fa aktivite alanlar\u0131,kamp alanlar\u0131,bungalov oteller,Tiny House Oteller, Galampingler ve da\u011f evlerinin herkes i\u00e7in ula\u015f\u0131labilir olmas\u0131n\u0131 sa\u011flamak amac\u0131yla Geziyoo\u2019ya 2019 y\u0131l\u0131nda ba\u015flad\u0131k.Do\u011fal Tatil konseptini uygulayan en geni\u015f kapsaml\u0131 sitedir.\",\"sameAs\":[\"https:\/\/geziyoo.co\/\",\"https:\/\/www.facebook.com\/geziyoo.co\",\"https:\/\/www.instagram.com\/geziyoo.co\/\",\"https:\/\/tr.pinterest.com\/geziyooco\/\",\"https:\/\/x.com\/https:\/\/twitter.com\/geziyoo\",\"https:\/\/www.youtube.com\/channel\/UCdiSMa6pe17KEY7DP1Ug4ag\"]}]}<\/script>\n<!-- \/ Yoast SEO plugin. -->","yoast_head_json":{"title":"Kamp Sandalyesi Se\u00e7erken Dikkat Etmeniz Gerekenler - Geziyoo.co","description":"En \u0130yi Kamp Sandalyesi Nas\u0131l Se\u00e7ilir? i\u00e7eri\u011fimizde ilk kez kamp sandalyesi alacaklar i\u00e7in ipu\u00e7lar\u0131 ve detaylar yer almakta","robots":{"index":"index","follow":"follow","max-snippet":"max-snippet:-1","max-image-preview":"max-image-preview:large","max-video-preview":"max-video-preview:-1"},"canonical":"http:\/\/geziyoo.co\/blog\/en-iyi-kamp-sandalyesi-nasil-secilir\/","og_locale":"tr_TR","og_type":"article","og_title":"Kamp Sandalyesi Se\u00e7erken Dikkat Etmeniz Gerekenler - Geziyoo.co","og_description":"En \u0130yi Kamp Sandalyesi Nas\u0131l Se\u00e7ilir? i\u00e7eri\u011fimizde ilk kez kamp sandalyesi alacaklar i\u00e7in ipu\u00e7lar\u0131 ve detaylar yer almakta","og_url":"http:\/\/geziyoo.co\/blog\/en-iyi-kamp-sandalyesi-nasil-secilir\/","og_site_name":"Geziyoo.co","article_publisher":"https:\/\/www.facebook.com\/Geziyooco","article_author":"https:\/\/www.facebook.com\/geziyoo.co","article_published_time":"2024-10-22T13:12:02+00:00","article_modified_time":"2026-02-09T09:45:59+00:00","og_image":[{"width":1200,"height":800,"url":"http:\/\/geziyoo.co\/blog\/wp-content\/uploads\/2024\/10\/En-Iyi-Kamp-Sandalyesi-Nasil-Secilir-6.jpg","type":"image\/jpeg"}],"author":"Geziyoo","twitter_card":"summary_large_image","twitter_creator":"@https:\/\/twitter.com\/geziyoo","twitter_site":"@geziyoo","twitter_misc":{"Yazan:":"Geziyoo","Tahmini okuma s\u00fcresi":"12 dakika"},"schema":{"@context":"https:\/\/schema.org","@graph":[{"@type":"Article","@id":"http:\/\/geziyoo.co\/blog\/en-iyi-kamp-sandalyesi-nasil-secilir\/#article","isPartOf":{"@id":"http:\/\/geziyoo.co\/blog\/en-iyi-kamp-sandalyesi-nasil-secilir\/"},"author":{"name":"Geziyoo","@id":"https:\/\/geziyoo.co\/blog\/#\/schema\/person\/032acb2436540ed14784e7d978aef0e4"},"headline":"Kamp Sandalyesi Se\u00e7erken Dikkat Etmeniz Gerekenler","datePublished":"2024-10-22T13:12:02+00:00","dateModified":"2026-02-09T09:45:59+00:00","mainEntityOfPage":{"@id":"http:\/\/geziyoo.co\/blog\/en-iyi-kamp-sandalyesi-nasil-secilir\/"},"wordCount":2453,"commentCount":0,"publisher":{"@id":"https:\/\/geziyoo.co\/blog\/#organization"},"image":{"@id":"http:\/\/geziyoo.co\/blog\/en-iyi-kamp-sandalyesi-nasil-secilir\/#primaryimage"},"thumbnailUrl":"https:\/\/geziyoo.co\/blog\/wp-content\/uploads\/2024\/10\/En-Iyi-Kamp-Sandalyesi-Nasil-Secilir-6.jpg","articleSection":["Kamp","Kamp Malzemeleri"],"inLanguage":"tr","potentialAction":[{"@type":"CommentAction","name":"Comment","target":["http:\/\/geziyoo.co\/blog\/en-iyi-kamp-sandalyesi-nasil-secilir\/#respond"]}]},{"@type":"WebPage","@id":"http:\/\/geziyoo.co\/blog\/en-iyi-kamp-sandalyesi-nasil-secilir\/","url":"http:\/\/geziyoo.co\/blog\/en-iyi-kamp-sandalyesi-nasil-secilir\/","name":"Kamp Sandalyesi Se\u00e7erken Dikkat Etmeniz Gerekenler - Geziyoo.co","isPartOf":{"@id":"https:\/\/geziyoo.co\/blog\/#website"},"primaryImageOfPage":{"@id":"http:\/\/geziyoo.co\/blog\/en-iyi-kamp-sandalyesi-nasil-secilir\/#primaryimage"},"image":{"@id":"http:\/\/geziyoo.co\/blog\/en-iyi-kamp-sandalyesi-nasil-secilir\/#primaryimage"},"thumbnailUrl":"https:\/\/geziyoo.co\/blog\/wp-content\/uploads\/2024\/10\/En-Iyi-Kamp-Sandalyesi-Nasil-Secilir-6.jpg","datePublished":"2024-10-22T13:12:02+00:00","dateModified":"2026-02-09T09:45:59+00:00","description":"En \u0130yi Kamp Sandalyesi Nas\u0131l Se\u00e7ilir? i\u00e7eri\u011fimizde ilk kez kamp sandalyesi alacaklar i\u00e7in ipu\u00e7lar\u0131 ve detaylar yer almakta","breadcrumb":{"@id":"http:\/\/geziyoo.co\/blog\/en-iyi-kamp-sandalyesi-nasil-secilir\/#breadcrumb"},"inLanguage":"tr","potentialAction":[{"@type":"ReadAction","target":["http:\/\/geziyoo.co\/blog\/en-iyi-kamp-sandalyesi-nasil-secilir\/"]}]},{"@type":"ImageObject","inLanguage":"tr","@id":"http:\/\/geziyoo.co\/blog\/en-iyi-kamp-sandalyesi-nasil-secilir\/#primaryimage","url":"https:\/\/geziyoo.co\/blog\/wp-content\/uploads\/2024\/10\/En-Iyi-Kamp-Sandalyesi-Nasil-Secilir-6.jpg","contentUrl":"https:\/\/geziyoo.co\/blog\/wp-content\/uploads\/2024\/10\/En-Iyi-Kamp-Sandalyesi-Nasil-Secilir-6.jpg","width":1200,"height":800},{"@type":"BreadcrumbList","@id":"http:\/\/geziyoo.co\/blog\/en-iyi-kamp-sandalyesi-nasil-secilir\/#breadcrumb","itemListElement":[{"@type":"ListItem","position":1,"name":"Ana sayfa","item":"https:\/\/geziyoo.co\/blog\/"},{"@type":"ListItem","position":2,"name":"Kamp Sandalyesi Se\u00e7erken Dikkat Etmeniz Gerekenler"}]},{"@type":"WebSite","@id":"https:\/\/geziyoo.co\/blog\/#website","url":"https:\/\/geziyoo.co\/blog\/","name":"Geziyoo Blog","description":"GeziYoo Blog&#039;da T\u00fcrkiye&#039;nin en iyi kamp alanlar\u0131ndan bungalov tatillerine, karavan ipu\u00e7lar\u0131ndan gezi rehberlerine kadar her t\u00fcrl\u00fc do\u011fa deneyimini ke\u015ffedin.","publisher":{"@id":"https:\/\/geziyoo.co\/blog\/#organization"},"potentialAction":[{"@type":"SearchAction","target":{"@type":"EntryPoint","urlTemplate":"https:\/\/geziyoo.co\/blog\/?s={search_term_string}"},"query-input":{"@type":"PropertyValueSpecification","valueRequired":true,"valueName":"search_term_string"}}],"inLanguage":"tr"},{"@type":"Organization","@id":"https:\/\/geziyoo.co\/blog\/#organization","name":"Geziyoo.co","url":"https:\/\/geziyoo.co\/blog\/","logo":{"@type":"ImageObject","inLanguage":"tr","@id":"https:\/\/geziyoo.co\/blog\/#\/schema\/logo\/image\/","url":"https:\/\/geziyoo.co\/blog\/wp-content\/uploads\/2025\/01\/Paragraf-metniniz-3.png","contentUrl":"https:\/\/geziyoo.co\/blog\/wp-content\/uploads\/2025\/01\/Paragraf-metniniz-3.png","width":270,"height":50,"caption":"Geziyoo.co"},"image":{"@id":"https:\/\/geziyoo.co\/blog\/#\/schema\/logo\/image\/"},"sameAs":["https:\/\/www.facebook.com\/Geziyooco","https:\/\/x.com\/geziyoo","https:\/\/tr.pinterest.com\/geziyooco\/","https:\/\/www.youtube.com\/@geziyoo","https:\/\/www.instagram.com\/geziyoo.co\/"]},{"@type":"Person","@id":"https:\/\/geziyoo.co\/blog\/#\/schema\/person\/032acb2436540ed14784e7d978aef0e4","name":"Geziyoo","image":{"@type":"ImageObject","inLanguage":"tr","@id":"https:\/\/geziyoo.co\/blog\/#\/schema\/person\/image\/","url":"https:\/\/secure.gravatar.com\/avatar\/ae212a4514471fdb8cab6e5af4f3c99b940a2d0a16713ea0392c8d7c8a64f30a?s=96&d=mm&r=g","contentUrl":"https:\/\/secure.gravatar.com\/avatar\/ae212a4514471fdb8cab6e5af4f3c99b940a2d0a16713ea0392c8d7c8a64f30a?s=96&d=mm&r=g","caption":"Geziyoo"},"description":"Do\u011fa ile i\u00e7 i\u00e7e olabilece\u011finiz yerler,do\u011fa aktivite alanlar\u0131,kamp alanlar\u0131,bungalov oteller,Tiny House Oteller, Galampingler ve da\u011f evlerinin herkes i\u00e7in ula\u015f\u0131labilir olmas\u0131n\u0131 sa\u011flamak amac\u0131yla Geziyoo\u2019ya 2019 y\u0131l\u0131nda ba\u015flad\u0131k.Do\u011fal Tatil konseptini uygulayan en geni\u015f kapsaml\u0131 sitedir.","sameAs":["https:\/\/geziyoo.co\/","https:\/\/www.facebook.com\/geziyoo.co","https:\/\/www.instagram.com\/geziyoo.co\/","https:\/\/tr.pinterest.com\/geziyooco\/","https:\/\/x.com\/https:\/\/twitter.com\/geziyoo","https:\/\/www.youtube.com\/channel\/UCdiSMa6pe17KEY7DP1Ug4ag"]}]}},"amp_enabled":true,"_links":{"self":[{"href":"https:\/\/geziyoo.co\/blog\/wp-json\/wp\/v2\/posts\/19279","targetHints":{"allow":["GET"]}}],"collection":[{"href":"https:\/\/geziyoo.co\/blog\/wp-json\/wp\/v2\/posts"}],"about":[{"href":"https:\/\/geziyoo.co\/blog\/wp-json\/wp\/v2\/types\/post"}],"author":[{"embeddable":true,"href":"https:\/\/geziyoo.co\/blog\/wp-json\/wp\/v2\/users\/1"}],"replies":[{"embeddable":true,"href":"https:\/\/geziyoo.co\/blog\/wp-json\/wp\/v2\/comments?post=19279"}],"version-history":[{"count":1,"href":"https:\/\/geziyoo.co\/blog\/wp-json\/wp\/v2\/posts\/19279\/revisions"}],"predecessor-version":[{"id":24370,"href":"https:\/\/geziyoo.co\/blog\/wp-json\/wp\/v2\/posts\/19279\/revisions\/24370"}],"wp:featuredmedia":[{"embeddable":true,"href":"https:\/\/geziyoo.co\/blog\/wp-json\/wp\/v2\/media\/19285"}],"wp:attachment":[{"href":"https:\/\/geziyoo.co\/blog\/wp-json\/wp\/v2\/media?parent=19279"}],"wp:term":[{"taxonomy":"category","embeddable":true,"href":"https:\/\/geziyoo.co\/blog\/wp-json\/wp\/v2\/categories?post=19279"},{"taxonomy":"post_tag","embeddable":true,"href":"https:\/\/geziyoo.co\/blog\/wp-json\/wp\/v2\/tags?post=19279"}],"curies":[{"name":"wp","href":"https:\/\/api.w.org\/{rel}","templated":true}]}}