{"id":19152,"date":"2024-08-08T15:02:30","date_gmt":"2024-08-08T15:02:30","guid":{"rendered":"https:\/\/geziyoo.co\/blog\/?p=19152"},"modified":"2026-02-04T12:27:30","modified_gmt":"2026-02-04T12:27:30","slug":"ihlara-vadisi-kamp-alanlari-ve-karavan-alanlari","status":"publish","type":"post","link":"https:\/\/geziyoo.co\/blog\/ihlara-vadisi-kamp-alanlari-ve-karavan-alanlari\/","title":{"rendered":"Ihlara Vadisi ve \u00c7evresi Do\u011fa \u0130\u00e7inde 3 Kamp Noktas\u0131 (Konum ve \u0130pu\u00e7lar\u0131)"},"content":{"rendered":"\n<p><strong>Ihlara Vadisi<\/strong>, Aksaray s\u0131n\u0131rlar\u0131 i\u00e7inde yer alan, 14 kilometre uzunlu\u011funda ve yer yer 120 metre derinli\u011fe ula\u015fan devasa bir yar\u0131kt\u0131r. Kapadokya b\u00f6lgesinin en ye\u015fil ve en sulak noktas\u0131d\u0131r. Melendiz \u00c7ay\u0131&#8217;n\u0131n hayat verdi\u011fi bu vadi, tarih boyunca ke\u015fi\u015flerin inzivaya \u00e7ekildi\u011fi bir yer olmu\u015ftur. Bug\u00fcn ise kamp\u00e7\u0131lar i\u00e7in, Anadolu&#8217;nun s\u0131ca\u011f\u0131ndan ka\u00e7\u0131p s\u0131\u011f\u0131nabilecekleri do\u011fal bir klima g\u00f6revi g\u00f6r\u00fcr.<\/p>\n\n\n\n<p>B\u00f6lgedeki kamp k\u00fclt\u00fcr\u00fc, vadinin yap\u0131s\u0131 gere\u011fi \u00fc\u00e7 noktada toplan\u0131r: Vadinin giri\u015fi (Ihlara kasabas\u0131), orta noktas\u0131 (<strong>Belis\u0131rma<\/strong>) ve \u00e7\u0131k\u0131\u015f noktas\u0131 (<strong>Selime<\/strong>). Vadinin taban\u0131nda, su kenar\u0131nda kamp yapman\u0131n tek yasal ve konforlu yolu, Belis\u0131rma k\u00f6y\u00fcndeki restoranlar\u0131n bah\u00e7elerini kullanmakt\u0131r. Vadiye tepeden bakmak isteyenler ise Ihlara Cam Teras \u00e7evresini veya Selime Katedrali kar\u015f\u0131s\u0131ndaki bo\u015fluklar\u0131 tercih eder.<\/p>\n\n\n\n<p>Biz Geziyoo olarak, tarihin ve do\u011fan\u0131n i\u00e7 i\u00e7e ge\u00e7ti\u011fi bu kanyonu inceledik. Listemizde, sabah su sesiyle uyan\u0131p taze tand\u0131r ekme\u011fi yiyebilece\u011finiz yerleri de, peri bacalar\u0131na kar\u015f\u0131 g\u00fcn bat\u0131m\u0131n\u0131 izleyebilece\u011finiz noktalar\u0131 da bir araya getirdik.<\/p>\n\n\n\n<p>\u0130ster <strong>Belis\u0131rma&#8217;da<\/strong> suyun \u00fczerine kurulmu\u015f \u00e7ardaklarda dinlenin, ister <strong>Selime&#8217;de<\/strong> tarihe tan\u0131kl\u0131k edin; yan\u0131n\u0131za mutlaka rahat bir y\u00fcr\u00fcy\u00fc\u015f ayakkab\u0131s\u0131 almay\u0131 unutmay\u0131n (\u00e7ok merdiven var!). \u0130\u015fte Ihlara\u2019n\u0131n en iyi 3 kamp dura\u011f\u0131:<\/p>\n\n\n\n<p>Aksaray&#8217;da ki kamp alanlar\u0131na haritadan bakmak i\u00e7in <strong><em> <a href=\"https:\/\/geziyoo.co\/blog\/aksaray-kamp-alanlari-ve-karavan-alanlari\/\" data-type=\"post\" data-id=\"7330\">Aksaray Kamp Alanlar\u0131<\/a> i\u00e7eri\u011fimizide<\/em><\/strong> kullanabilirsiniz.Unuttu\u011fumuz veya bilmedi\u011fimiz <strong>\u00c7ad\u0131r ve Karavan Kamp alan\u0131<\/strong> var ise l\u00fctfen yorumlar k\u0131sm\u0131ndan bizlerle payla\u015fs\u0131n.<\/p>\n\n\n\n<p>Unutmadan Ihlara Vadisi haricinde Kamp Alan\u0131, Bungalov veya Da\u011f evi ar\u0131yorsan\u0131z , <a href=\"https:\/\/geziyoo.co\/?select=Karavan+Kamp%C4%B1&amp;lp_s_loc=&amp;lp_s_tag=&amp;lp_s_cat=229&amp;s=home&amp;post_type=listing\" target=\"_blank\" rel=\"noopener noreferrer\"><em><strong>500&#8217;den fazla Kamp ve Karavan Yeri<\/strong> <\/em><\/a>sayfam\u0131za bakman\u0131z\u0131 tavsiye diyoruz.<\/p>\n\n\n\n<hr class=\"wp-block-separator has-css-opacity is-style-wide\"\/>\n\n\n\n<h2 class=\"wp-block-heading\">1.Kervan Camping<\/h2>\n\n\n\n<figure class=\"wp-block-image size-large\"><img decoding=\"async\" width=\"1024\" height=\"768\" data-src=\"https:\/\/geziyoo.co\/blog\/wp-content\/uploads\/2021\/07\/Aksaray-Kamp-Alanlari-Kervan-Camping-5.jpg\" alt=\"Ihlara Vadisi Kamp Alanlar\u0131 ve Karavan Alanlar\u0131\" class=\"wp-image-7337 lazyload\" data-srcset=\"https:\/\/geziyoo.co\/blog\/wp-content\/uploads\/2021\/07\/Aksaray-Kamp-Alanlari-Kervan-Camping-5.jpg 1024w, https:\/\/geziyoo.co\/blog\/wp-content\/uploads\/2021\/07\/Aksaray-Kamp-Alanlari-Kervan-Camping-5-300x225.jpg 300w, https:\/\/geziyoo.co\/blog\/wp-content\/uploads\/2021\/07\/Aksaray-Kamp-Alanlari-Kervan-Camping-5-768x576.jpg 768w\" data-sizes=\"(max-width: 1024px) 100vw, 1024px\" src=\"data:image\/gif;base64,R0lGODlhAQABAAAAACH5BAEKAAEALAAAAAABAAEAAAICTAEAOw==\" style=\"--smush-placeholder-width: 1024px; --smush-placeholder-aspect-ratio: 1024\/768;\" \/><figcaption class=\"wp-element-caption\">Aksaray Kamp Alanlar\u0131 &#8211; Kervan Camping<\/figcaption><\/figure>\n\n\n\n<p><strong>Ihlara Vadisi&#8217;nin<\/strong> e\u015fsiz do\u011fal g\u00fczellikleri ve tarihi dokusu, kamp tutkunlar\u0131na unutulmaz bir deneyim sunuyor. Bu b\u00fcy\u00fcleyici vadide yer alan <strong>Kervan Camping<\/strong>, \u00e7ad\u0131r kamp\u0131 yapmak isteyenler i\u00e7in huzur dolu bir ka\u00e7amak noktas\u0131.<\/p>\n\n\n\n<p>Ihlara Vadisi&#8217;nin yemye\u015fil do\u011fas\u0131 ve binlerce y\u0131ll\u0131k tarihi atmosferi, Kervan Camping\u2019de bir araya geliyor. Bu \u00f6zel kamp alan\u0131, do\u011fayla i\u00e7 i\u00e7e bir tatil arayanlara, vadinin e\u015fsiz manzaras\u0131 e\u015fli\u011finde huzur dolu anlar ya\u015fat\u0131yor.<\/p>\n\n\n\n<h3 class=\"wp-block-heading\">Kamp Alan\u0131n\u0131n Sundu\u011fu Olanaklar<\/h3>\n\n\n\n<p>Kervan Camping, kamp\u00e7\u0131lara konforlu bir deneyim sunmak i\u00e7in bir\u00e7ok olana\u011fa sahip:<\/p>\n\n\n\n<ul class=\"wp-block-list\">\n<li><strong>Temiz ve Bak\u0131ml\u0131 Tesisler:<\/strong> WC, du\u015f ve s\u0131cak su gibi temel ihtiya\u00e7lar\u0131n\u0131z\u0131 kar\u015f\u0131layabilece\u011finiz temiz ve bak\u0131ml\u0131 tesisler.<\/li>\n\n\n\n<li><strong>\u00dccretsiz Wi-Fi:<\/strong> Do\u011fan\u0131n ortas\u0131nda bile internet ba\u011flant\u0131n\u0131z\u0131 kesmek istemeyenler i\u00e7in \u00fccretsiz Wi-Fi hizmeti.<\/li>\n\n\n\n<li><strong>Elektrik Prizleri:<\/strong> Telefonunuzu \u015farj etmek veya k\u00fc\u00e7\u00fck elektronik cihazlar\u0131n\u0131z\u0131 kullanmak i\u00e7in elektrik prizleri.<\/li>\n<\/ul>\n\n\n\n<h3 class=\"wp-block-heading\">Neden Kervan Camping&#8217;i Se\u00e7melisiniz?<\/h3>\n\n\n\n<ul class=\"wp-block-list\">\n<li><strong>Ihlara Vadisi&#8217;nin Kalbinde:<\/strong> Vadideki konumu sayesinde do\u011fa y\u00fcr\u00fcy\u00fc\u015fleri ve tarihi ke\u015fifler i\u00e7in ideal bir ba\u015flang\u0131\u00e7 noktas\u0131.<\/li>\n\n\n\n<li><strong>Sakin ve Huzurlu Atmosfer:<\/strong> \u015eehrin g\u00fcr\u00fclt\u00fcs\u00fcnden uzak, huzur dolu bir tatil i\u00e7in m\u00fckemmel bir se\u00e7enek.<\/li>\n\n\n\n<li><strong>G\u00fcler Y\u00fczl\u00fc Personel:<\/strong> Kamp alan\u0131nda \u00e7al\u0131\u015fan g\u00fcler y\u00fczl\u00fc personel, size her konuda yard\u0131mc\u0131 olmak i\u00e7in haz\u0131r.<\/li>\n<\/ul>\n\n\n\n<p>Kervan Camping&#8217;e ula\u015f\u0131m olduk\u00e7a kolay. Kendi arac\u0131n\u0131zla veya Aksaray \u015fehir merkezinden kalkan minib\u00fcslerle kamp alan\u0131na ula\u015fabilirsiniz.<\/p>\n\n\n\n<p>Kamp alan\u0131nda market bulunmamaktad\u0131r. Bu nedenle, ihtiya\u00e7lar\u0131n\u0131z\u0131 kar\u015f\u0131lamak i\u00e7in al\u0131\u015fveri\u015finizi \u015fehir merkezinden yapman\u0131z \u00f6nerilir.<\/p>\n\n\n\n<hr class=\"wp-block-separator has-css-opacity is-style-wide\"\/>\n\n\n\n\n\t\t<div class=\"lightbulb tie-list-shortcode\">\n<ul>\n<li><strong>Kervan Camping Adres<\/strong> <span style=\"color: #000000;\">:<\/span>68500 Belis\u0131rma\/G\u00fczelyurt\/Aksaray<\/li>\n<li><strong>Kervan Camping Telefon<\/strong> : 0382 242 23 25<\/li>\n<li><strong>Kervan Camping Detayl\u0131 Bilgi :<\/strong>&nbsp; Detayl\u0131 bilgiler i\u00e7in <a href=\"https:\/\/geziyoo.co\/listing\/kervan-camping\/\"><strong>Kervan Camping<\/strong><\/a><strong>&nbsp;<\/strong>sayfam\u0131za bak\u0131n\u0131z.<\/li>\n<li><strong>Kervan Camping Konumu:<\/strong> Yol Tarifi i\u00e7in <a href=\"https:\/\/www.google.com\/maps?daddr=38.26191646322619,34.29231263233692\"><em><strong>Konum <\/strong><\/em><\/a>ba\u011flant\u0131s\u0131na t\u0131klay\u0131n<\/li>\n<\/ul>\n\n\t\t<\/div>\n\t\n\n\n\n<hr class=\"wp-block-separator has-css-opacity is-style-wide\"\/>\n\n\n\n<h2 class=\"wp-block-heading\">2.Ihlara Vadisi<\/h2>\n\n\n\n<figure class=\"wp-block-image size-large\"><img decoding=\"async\" width=\"1024\" height=\"683\" data-src=\"https:\/\/geziyoo.co\/blog\/wp-content\/uploads\/2021\/07\/Ihlara-Vadisi-1024x683.jpg\" alt=\"\" class=\"wp-image-7339 lazyload\" data-srcset=\"https:\/\/geziyoo.co\/blog\/wp-content\/uploads\/2021\/07\/Ihlara-Vadisi-1024x683.jpg 1024w, https:\/\/geziyoo.co\/blog\/wp-content\/uploads\/2021\/07\/Ihlara-Vadisi-300x200.jpg 300w, https:\/\/geziyoo.co\/blog\/wp-content\/uploads\/2021\/07\/Ihlara-Vadisi-768x512.jpg 768w, https:\/\/geziyoo.co\/blog\/wp-content\/uploads\/2021\/07\/Ihlara-Vadisi.jpg 1200w\" data-sizes=\"(max-width: 1024px) 100vw, 1024px\" src=\"data:image\/gif;base64,R0lGODlhAQABAAAAACH5BAEKAAEALAAAAAABAAEAAAICTAEAOw==\" style=\"--smush-placeholder-width: 1024px; --smush-placeholder-aspect-ratio: 1024\/683;\" \/><figcaption class=\"wp-element-caption\">Aksaray Kamp Alanlar\u0131 &#8211; Ihlara Vadisi<\/figcaption><\/figure>\n\n\n\n<p><strong>Ihlara Vadisi<\/strong>, Kapadokya&#8217;n\u0131n gizemli g\u00fczelliklerini bar\u0131nd\u0131ran ve tarihi dokusuyla b\u00fcy\u00fcleyen bir vadi. Ayn\u0131 zamanda do\u011fa severler i\u00e7in e\u015fsiz bir kamp deneyimi sunan vadi, Aksaray&#8217;\u0131n g\u00f6zde turizm merkezlerinden biri.<\/p>\n\n\n\n<h3 class=\"wp-block-heading\">Neden Ihlara Vadisi&#8217;nde Kamp Yapmal\u0131s\u0131n\u0131z?<\/h3>\n\n\n\n<p> M.S. 4. y\u00fczy\u0131la dayanan kiliseleriyle tarih ve do\u011fan\u0131n i\u00e7 i\u00e7e ge\u00e7ti\u011fi nadir yerlerden biri olan Ihlara Vadisi, sizi ge\u00e7mi\u015fe yolculu\u011fa \u00e7\u0131karacak.<\/p>\n\n\n\n<p>Vadi i\u00e7erisinde \u00fccretli kamp alanlar\u0131 bulunmakla birlikte, \u00fccretsiz kamp yapabilece\u011finiz noktalar da mevcut. Ancak vadiye giri\u015f i\u00e7in \u00fccret \u00f6demeniz gerekmektedir.<\/p>\n\n\n\n<p> E\u015fsiz do\u011fal g\u00fczellikleriyle sizi b\u00fcy\u00fcleyecek Ihlara Vadisi&#8217;nde, ku\u015f sesleri ve \u015f\u0131rlayan suyun e\u015fli\u011finde huzurlu bir tatil ge\u00e7irebilirsiniz.<\/p>\n\n\n\n<h3 class=\"wp-block-heading\">Ihlara Vadisi Kamp Alan\u0131 Hakk\u0131nda Bilmeniz Gerekenler<\/h3>\n\n\n\n<ul class=\"wp-block-list\">\n<li><strong>Kamp T\u00fcrleri:<\/strong> Ihlara Vadisi, \u00e7ad\u0131r kamp\u0131 i\u00e7in olduk\u00e7a uygun olsa da, karavan kamp\u0131 i\u00e7in pek uygun de\u011fildir.<\/li>\n\n\n\n<li><strong>Ekipman:<\/strong> Kamp alan\u0131nda market bulunmad\u0131\u011f\u0131 i\u00e7in, t\u00fcm ihtiya\u00e7lar\u0131n\u0131z\u0131 \u015fehir merkezinden temin etmeniz \u00f6nerilir.<\/li>\n\n\n\n<li><strong>Koruma Kurallar\u0131:<\/strong> Vadideki tarihi ve do\u011fal g\u00fczellikleri korumak amac\u0131yla ate\u015f yakmak, mangal yapmak ve sigara i\u00e7mek kesinlikle yasakt\u0131r.<\/li>\n<\/ul>\n\n\n\n<p>Ihlara Vadisi&#8217;ndeki kiliseler, resim teknikleri a\u00e7\u0131s\u0131ndan iki farkl\u0131 kategoriye ayr\u0131l\u0131r ve ziyaret\u00e7ilerine g\u00f6rsel bir \u015f\u00f6len sunar. Bu kiliselerdeki freskler, Bizans sanat\u0131n\u0131n en g\u00fczel \u00f6rneklerindendir.<\/p>\n\n\n\n<h3 class=\"wp-block-heading\">Ihlara Vadisi&#8217;nde Kamp Yaparken Nelere Dikkat Etmelisiniz?<\/h3>\n\n\n\n<ul class=\"wp-block-list\">\n<li><strong>Do\u011fay\u0131 Koruyun:<\/strong> \u00c7\u00f6plerinizi mutlaka \u00e7\u00f6p konteynerlar\u0131na at\u0131n ve do\u011fal dengeyi bozmay\u0131n.<\/li>\n\n\n\n<li><strong>Sessizli\u011fi Koruyun:<\/strong> Di\u011fer kamp\u00e7\u0131lar\u0131n huzurunu bozmayacak \u015fekilde sessiz olmaya \u00f6zen g\u00f6sterin.<\/li>\n\n\n\n<li><strong>Hayvanlara Zarar Vermeyin:<\/strong> Vadide ya\u015fayan hayvanlara zarar vermeyin ve onlar\u0131n ya\u015fam alanlar\u0131na sayg\u0131 g\u00f6sterin.<\/li>\n<\/ul>\n\n\n\n<p><strong>Ihlara Vadisi<\/strong>, hem tarihi dokusu hem de do\u011fal g\u00fczellikleriyle unutulmaz bir kamp deneyimi sunuyor. Bu e\u015fsiz vadide kamp yaparken, do\u011fa ile i\u00e7 i\u00e7e olup huzur bulabilir ve ayn\u0131 zamanda tarihin izlerini s\u00fcrebilirsiniz.<\/p>\n\n\n\n<hr class=\"wp-block-separator has-css-opacity is-style-wide\"\/>\n\n\n\n\n\t\t<div class=\"lightbulb tie-list-shortcode\">\n<ul>\n<li><strong>Ihlara Vadisi Kamp Alan\u0131 Adres<\/strong> <span style=\"color: #000000;\">:68500 Belis\u0131rma\/G\u00fczelyurt\/Aksaray<\/span><\/li>\n<li><strong>Ihlara Vadisi Kamp Alan\u0131 Telefon<\/strong> : 0382 242 23 25<\/li>\n<li><strong>Ihlara Vadisi Kamp Alan\u0131 Detayl\u0131 Bilgi :<\/strong>&nbsp; Detayl\u0131 bilgiler i\u00e7in <a href=\"https:\/\/geziyoo.co\/listing\/ihlara-vadisi-kamp-alani\/\"><em><strong data-rich-text-format-boundary=\"true\">Ihlara Vadisi Kamp Alan\u0131 <\/strong><\/em><\/a><strong>&nbsp;<\/strong>sayfam\u0131za bak\u0131n\u0131z.<\/li>\n<li><strong>Ihlara Vadisi Kamp Alan\u0131 Konumu:<\/strong> Yol Tarifi i\u00e7in <em><strong><a href=\"https:\/\/www.google.com\/maps?daddr=38.264033205365216,34.28922077882716\">Konum<\/a> <\/strong><\/em>ba\u011flant\u0131s\u0131na t\u0131klay\u0131n<\/li>\n<\/ul>\n\n\t\t<\/div>\n\t\n\n\n\n<hr class=\"wp-block-separator has-css-opacity is-style-wide\"\/>\n\n\n\n<h2 class=\"wp-block-heading\">3.Kayaba\u015f\u0131 Pansiyon Kamping<a href=\"https:\/\/geziyoo.co\/listing\/kayabasi-pansiyon-kamping\/\"><\/a><\/h2>\n\n\n\n<figure class=\"wp-block-image size-full\"><img decoding=\"async\" width=\"800\" height=\"600\" data-src=\"https:\/\/geziyoo.co\/blog\/wp-content\/uploads\/2024\/08\/Kayabasi-Pansiyon-Kamping-1.jpg\" alt=\"\" class=\"wp-image-19147 lazyload\" data-srcset=\"https:\/\/geziyoo.co\/blog\/wp-content\/uploads\/2024\/08\/Kayabasi-Pansiyon-Kamping-1.jpg 800w, https:\/\/geziyoo.co\/blog\/wp-content\/uploads\/2024\/08\/Kayabasi-Pansiyon-Kamping-1-300x225.jpg 300w, https:\/\/geziyoo.co\/blog\/wp-content\/uploads\/2024\/08\/Kayabasi-Pansiyon-Kamping-1-768x576.jpg 768w, https:\/\/geziyoo.co\/blog\/wp-content\/uploads\/2024\/08\/Kayabasi-Pansiyon-Kamping-1-150x113.jpg 150w\" data-sizes=\"(max-width: 800px) 100vw, 800px\" src=\"data:image\/gif;base64,R0lGODlhAQABAAAAACH5BAEKAAEALAAAAAABAAEAAAICTAEAOw==\" style=\"--smush-placeholder-width: 800px; --smush-placeholder-aspect-ratio: 800\/600;\" \/><\/figure>\n\n\n\n<p>Aksaray&#8217;\u0131n do\u011fal g\u00fczellikleri aras\u0131nda yer alan Ihlara Vadisi&#8217;ne yak\u0131n konaklama alternatiflerinden biri olan Kayaba\u015f\u0131 Pansiyon, G\u00fczelyurt il\u00e7esinde, \u015fehir merkezine 40 km mesafede yer al\u0131yor. B\u00f6lgeye gelen ziyaret\u00e7ilerin b\u00fcy\u00fck bir k\u0131sm\u0131 konaklama ihtiya\u00e7lar\u0131n\u0131 pansiyon veya kamp alanlar\u0131nda kar\u015f\u0131lamay\u0131 tercih ediyor, ve Kayaba\u015f\u0131 Pansiyon da bu noktada \u00f6ne \u00e7\u0131kan bir se\u00e7enek.<\/p>\n\n\n\n<p>Kayaba\u015f\u0131 Pansiyon, Kapadokya\u2019n\u0131n b\u00fcy\u00fcleyici atmosferine yak\u0131n konumuyla hem yerli hem de yabanc\u0131 turistlerin ilgisini \u00e7ekiyor. Misafirler burada \u00f6zel odalarda konaklama imk\u00e2n\u0131n\u0131n yan\u0131 s\u0131ra \u00e7ad\u0131r ve karavan kamp\u0131 se\u00e7eneklerinden de yararlanabiliyor. B\u00f6lgenin zengin tarihi ve k\u00fclt\u00fcrel dokusunu ke\u015ffetmek isteyenler, Kayaba\u015f\u0131 Pansiyon\u2019da konaklayarak Ihlara Vadisi\u2019nin e\u015fsiz do\u011fas\u0131nda y\u00fcr\u00fcy\u00fc\u015f yapma f\u0131rsat\u0131na sahip oluyor.<\/p>\n\n\n\n<p>Kayaba\u015f\u0131 Pansiyon ve Kamping, kamp\u00e7\u0131lar\u0131n ihtiya\u00e7lar\u0131n\u0131 b\u00fcy\u00fck \u00f6l\u00e7\u00fcde kar\u015f\u0131layacak donan\u0131mlara sahip. Kamp alan\u0131nda restoran, elektrik, Wi-Fi, otopark gibi hizmetlerin yan\u0131 s\u0131ra \u00e7ad\u0131r kiralama imk\u00e2n\u0131 da bulunuyor. Ayr\u0131ca, misafirler i\u00e7in sunulan TV, internet, 24 saat s\u0131cak su ve kahvalt\u0131 servisi gibi olanaklar, pansiyonda konforlu bir konaklama deneyimi ya\u015fat\u0131yor.<\/p>\n\n\n\n<p><strong>Kayaba\u015f\u0131 Pansiyon\u2019un Kamp Olanaklar\u0131<\/strong><\/p>\n\n\n\n<ul class=\"wp-block-list\">\n<li>WC, elektrik, du\u015f<\/li>\n\n\n\n<li>24 saat s\u0131cak su<\/li>\n\n\n\n<li>Restoran<\/li>\n\n\n\n<li>\u00c7ad\u0131r konaklama yerleri<\/li>\n\n\n\n<li>Bah\u00e7e ve dinlenme alan\u0131<\/li>\n\n\n\n<li>Y\u00fcr\u00fcy\u00fc\u015f parkurlar\u0131<\/li>\n\n\n\n<li>Otopark alan\u0131<\/li>\n<\/ul>\n\n\n\n<hr class=\"wp-block-separator has-alpha-channel-opacity is-style-wide\"\/>\n\n\n\n<ul class=\"wp-block-list\">\n<li><strong>Kayaba\u015f\u0131 Pansiyon Kamping Adres<\/strong>&nbsp;:68502 Yaprakhisar\/G\u00fczelyurt\/Aksaray<\/li>\n\n\n\n<li><strong>Kayaba\u015f\u0131 Pansiyon KampingTelefon<\/strong>&nbsp;: 0382 454 55 65<\/li>\n\n\n\n<li><strong>Kayaba\u015f\u0131 Pansiyon Kamping Detayl\u0131 Bilgi :<\/strong>&nbsp; Detayl\u0131 bilgiler i\u00e7in&nbsp;<em><strong><a href=\"https:\/\/geziyoo.co\/listing\/kayabasi-pansiyon-kamping\/\">Kayaba\u015f\u0131 Pansiyon Kamping<\/a>&nbsp;<\/strong><\/em>sayfam\u0131za bak\u0131n\u0131z.<\/li>\n\n\n\n<li><strong>Kayaba\u015f\u0131 Pansiyon Kamping Konumu:<\/strong>&nbsp;Yol Tarifi i\u00e7in&nbsp;<em><strong><a href=\"https:\/\/www.google.com\/maps?daddr=38.280107749980495,34.26751363397849\">Konum<\/a>&nbsp;<\/strong><\/em>ba\u011flant\u0131s\u0131na t\u0131klay\u0131n<\/li>\n<\/ul>\n\n\n\n<hr class=\"wp-block-separator has-alpha-channel-opacity is-style-wide\"\/>\n\n\n\n<p><strong>Ihlara Vadisi<\/strong> <strong>Kamp Alanlar\u0131<\/strong> i\u00e7eri\u011fimizin sonuna geldik sizlere Ihlara Vadisinde kamp yapabilece\u011finiz \u00fccretli ve \u00fccretsiz kamp alanlar\u0131n\u0131 aktarmaya \u00e7al\u0131\u015ft\u0131k.Umar\u0131z i\u00e7eri\u011fimiz sizlere faydal\u0131 olabilmi\u015ftir.Bu kamp alanlar\u0131 ile ilgili detayl\u0131 bilgiler i\u00e7in <em><strong><a href=\"https:\/\/geziyoo.co\/location\/aksaray-dogal-tatil-yerleri\/\">Aksaray KAMP L\u0130STES\u0130<\/a> <\/strong><\/em>sayfam\u0131za da bakman\u0131z\u0131 tavsiye eder g\u00fczel bir kamp ge\u00e7irmenizi dileriz.<\/p>\n\n\n\n<hr class=\"wp-block-separator has-alpha-channel-opacity is-style-wide\"\/>\n\n\n\n<h3 class=\"wp-block-heading\">Bunlar\u0131 da Sevebilirsiniz;<\/h3>\n\n\n<ul class=\"wp-block-latest-posts__list wp-block-latest-posts\"><li><a class=\"wp-block-latest-posts__post-title\" href=\"https:\/\/geziyoo.co\/blog\/batman-kamp-alanlari\/\">Batman ve \u00c7evresi Do\u011fa \u0130\u00e7inde 4 Kamp Noktas\u0131 (Konum ve \u0130pu\u00e7lar\u0131)<\/a><\/li>\n<li><a class=\"wp-block-latest-posts__post-title\" href=\"https:\/\/geziyoo.co\/blog\/ayder-yaylasi-kamp-alanlari-ve-karavan-alanlari\/\">Ayder Yaylas\u0131 ve \u00c7evresi 2 Kamp Noktas\u0131 (Konum ve \u0130pu\u00e7lar\u0131)<\/a><\/li>\n<li><a class=\"wp-block-latest-posts__post-title\" href=\"https:\/\/geziyoo.co\/blog\/ardesen-kamp-alanlari-ve-karavan-alanlari\/\">Arde\u015fen ve F\u0131rt\u0131na Vadisi Giri\u015fi 5 Kamp Noktas\u0131 (Konum ve \u0130pu\u00e7lar\u0131)<\/a><\/li>\n<\/ul>","protected":false},"excerpt":{"rendered":"<p>Ihlara Vadisi, Aksaray s\u0131n\u0131rlar\u0131 i\u00e7inde yer alan, 14 kilometre uzunlu\u011funda ve yer yer 120 metre derinli\u011fe ula\u015fan devasa bir yar\u0131kt\u0131r. Kapadokya b\u00f6lgesinin en ye\u015fil ve en sulak noktas\u0131d\u0131r. Melendiz \u00c7ay\u0131&#8217;n\u0131n hayat verdi\u011fi bu vadi, tarih boyunca ke\u015fi\u015flerin inzivaya \u00e7ekildi\u011fi bir yer olmu\u015ftur. Bug\u00fcn ise kamp\u00e7\u0131lar i\u00e7in, Anadolu&#8217;nun s\u0131ca\u011f\u0131ndan ka\u00e7\u0131p s\u0131\u011f\u0131nabilecekleri do\u011fal bir klima g\u00f6revi g\u00f6r\u00fcr. &hellip;<\/p>\n","protected":false},"author":1,"featured_media":19154,"comment_status":"open","ping_status":"closed","sticky":false,"template":"","format":"standard","meta":{"footnotes":""},"categories":[589,23],"tags":[],"class_list":["post-19152","post","type-post","status-publish","format-standard","has-post-thumbnail","hentry","category-kamp1","category-kamp-kamp-alanlari"],"yoast_head":"<!-- This site is optimized with the Yoast SEO plugin v26.9 - https:\/\/yoast.com\/product\/yoast-seo-wordpress\/ -->\n<title>Ihlara Vadisi\u2019nde \u00dccretli ve \u00dccretsiz En \u0130yi 3 Kamp Alan\u0131: Belis\u0131rma ve Selime | Geziyoo<\/title>\n<meta name=\"description\" content=\"Aksaray Ihlara Vadisi, nehir kenar\u0131 Belis\u0131rma restoran bah\u00e7eleri, g\u00f6rkemli Selime Katedrali \u00e7evresi ve Cam Teras manzaral\u0131 alanlar dahil 3 kamp noktas\u0131n\u0131 listeledik.\" \/>\n<meta name=\"robots\" content=\"index, follow, max-snippet:-1, max-image-preview:large, max-video-preview:-1\" \/>\n<link rel=\"canonical\" href=\"https:\/\/geziyoo.co\/blog\/ihlara-vadisi-kamp-alanlari-ve-karavan-alanlari\/\" \/>\n<meta property=\"og:locale\" content=\"tr_TR\" \/>\n<meta property=\"og:type\" content=\"article\" \/>\n<meta property=\"og:title\" content=\"Ihlara Vadisi\u2019nde \u00dccretli ve \u00dccretsiz En \u0130yi 3 Kamp Alan\u0131: Belis\u0131rma ve Selime | Geziyoo\" \/>\n<meta property=\"og:description\" content=\"Aksaray Ihlara Vadisi, nehir kenar\u0131 Belis\u0131rma restoran bah\u00e7eleri, g\u00f6rkemli Selime Katedrali \u00e7evresi ve Cam Teras manzaral\u0131 alanlar dahil 3 kamp noktas\u0131n\u0131 listeledik.\" \/>\n<meta property=\"og:url\" content=\"https:\/\/geziyoo.co\/blog\/ihlara-vadisi-kamp-alanlari-ve-karavan-alanlari\/\" \/>\n<meta property=\"og:site_name\" content=\"Geziyoo.co\" \/>\n<meta property=\"article:publisher\" content=\"https:\/\/www.facebook.com\/Geziyooco\" \/>\n<meta property=\"article:author\" content=\"https:\/\/www.facebook.com\/geziyoo.co\" \/>\n<meta property=\"article:published_time\" content=\"2024-08-08T15:02:30+00:00\" \/>\n<meta property=\"article:modified_time\" content=\"2026-02-04T12:27:30+00:00\" \/>\n<meta property=\"og:image\" content=\"https:\/\/geziyoo.co\/blog\/wp-content\/uploads\/2024\/08\/Hisar-Mocamp-6-1.jpg\" \/>\n\t<meta property=\"og:image:width\" content=\"800\" \/>\n\t<meta property=\"og:image:height\" content=\"450\" \/>\n\t<meta property=\"og:image:type\" content=\"image\/jpeg\" \/>\n<meta name=\"author\" content=\"Geziyoo\" \/>\n<meta name=\"twitter:card\" content=\"summary_large_image\" \/>\n<meta name=\"twitter:creator\" content=\"@https:\/\/twitter.com\/geziyoo\" \/>\n<meta name=\"twitter:site\" content=\"@geziyoo\" \/>\n<meta name=\"twitter:label1\" content=\"Yazan:\" \/>\n\t<meta name=\"twitter:data1\" content=\"Geziyoo\" \/>\n\t<meta name=\"twitter:label2\" content=\"Tahmini okuma s\u00fcresi\" \/>\n\t<meta name=\"twitter:data2\" content=\"7 dakika\" \/>\n<script type=\"application\/ld+json\" class=\"yoast-schema-graph\">{\"@context\":\"https:\/\/schema.org\",\"@graph\":[{\"@type\":\"Article\",\"@id\":\"https:\/\/geziyoo.co\/blog\/ihlara-vadisi-kamp-alanlari-ve-karavan-alanlari\/#article\",\"isPartOf\":{\"@id\":\"https:\/\/geziyoo.co\/blog\/ihlara-vadisi-kamp-alanlari-ve-karavan-alanlari\/\"},\"author\":{\"name\":\"Geziyoo\",\"@id\":\"https:\/\/geziyoo.co\/blog\/#\/schema\/person\/032acb2436540ed14784e7d978aef0e4\"},\"headline\":\"Ihlara Vadisi ve \u00c7evresi Do\u011fa \u0130\u00e7inde 3 Kamp Noktas\u0131 (Konum ve \u0130pu\u00e7lar\u0131)\",\"datePublished\":\"2024-08-08T15:02:30+00:00\",\"dateModified\":\"2026-02-04T12:27:30+00:00\",\"mainEntityOfPage\":{\"@id\":\"https:\/\/geziyoo.co\/blog\/ihlara-vadisi-kamp-alanlari-ve-karavan-alanlari\/\"},\"wordCount\":1427,\"commentCount\":0,\"publisher\":{\"@id\":\"https:\/\/geziyoo.co\/blog\/#organization\"},\"image\":{\"@id\":\"https:\/\/geziyoo.co\/blog\/ihlara-vadisi-kamp-alanlari-ve-karavan-alanlari\/#primaryimage\"},\"thumbnailUrl\":\"https:\/\/geziyoo.co\/blog\/wp-content\/uploads\/2024\/08\/Hisar-Mocamp-6-1.jpg\",\"articleSection\":[\"Kamp\",\"Kamp Alanlar\u0131\"],\"inLanguage\":\"tr\",\"potentialAction\":[{\"@type\":\"CommentAction\",\"name\":\"Comment\",\"target\":[\"https:\/\/geziyoo.co\/blog\/ihlara-vadisi-kamp-alanlari-ve-karavan-alanlari\/#respond\"]}]},{\"@type\":\"WebPage\",\"@id\":\"https:\/\/geziyoo.co\/blog\/ihlara-vadisi-kamp-alanlari-ve-karavan-alanlari\/\",\"url\":\"https:\/\/geziyoo.co\/blog\/ihlara-vadisi-kamp-alanlari-ve-karavan-alanlari\/\",\"name\":\"Ihlara Vadisi\u2019nde \u00dccretli ve \u00dccretsiz En \u0130yi 3 Kamp Alan\u0131: Belis\u0131rma ve Selime | Geziyoo\",\"isPartOf\":{\"@id\":\"https:\/\/geziyoo.co\/blog\/#website\"},\"primaryImageOfPage\":{\"@id\":\"https:\/\/geziyoo.co\/blog\/ihlara-vadisi-kamp-alanlari-ve-karavan-alanlari\/#primaryimage\"},\"image\":{\"@id\":\"https:\/\/geziyoo.co\/blog\/ihlara-vadisi-kamp-alanlari-ve-karavan-alanlari\/#primaryimage\"},\"thumbnailUrl\":\"https:\/\/geziyoo.co\/blog\/wp-content\/uploads\/2024\/08\/Hisar-Mocamp-6-1.jpg\",\"datePublished\":\"2024-08-08T15:02:30+00:00\",\"dateModified\":\"2026-02-04T12:27:30+00:00\",\"description\":\"Aksaray Ihlara Vadisi, nehir kenar\u0131 Belis\u0131rma restoran bah\u00e7eleri, g\u00f6rkemli Selime Katedrali \u00e7evresi ve Cam Teras manzaral\u0131 alanlar dahil 3 kamp noktas\u0131n\u0131 listeledik.\",\"breadcrumb\":{\"@id\":\"https:\/\/geziyoo.co\/blog\/ihlara-vadisi-kamp-alanlari-ve-karavan-alanlari\/#breadcrumb\"},\"inLanguage\":\"tr\",\"potentialAction\":[{\"@type\":\"ReadAction\",\"target\":[\"https:\/\/geziyoo.co\/blog\/ihlara-vadisi-kamp-alanlari-ve-karavan-alanlari\/\"]}]},{\"@type\":\"ImageObject\",\"inLanguage\":\"tr\",\"@id\":\"https:\/\/geziyoo.co\/blog\/ihlara-vadisi-kamp-alanlari-ve-karavan-alanlari\/#primaryimage\",\"url\":\"https:\/\/geziyoo.co\/blog\/wp-content\/uploads\/2024\/08\/Hisar-Mocamp-6-1.jpg\",\"contentUrl\":\"https:\/\/geziyoo.co\/blog\/wp-content\/uploads\/2024\/08\/Hisar-Mocamp-6-1.jpg\",\"width\":800,\"height\":450},{\"@type\":\"BreadcrumbList\",\"@id\":\"https:\/\/geziyoo.co\/blog\/ihlara-vadisi-kamp-alanlari-ve-karavan-alanlari\/#breadcrumb\",\"itemListElement\":[{\"@type\":\"ListItem\",\"position\":1,\"name\":\"Ana sayfa\",\"item\":\"https:\/\/geziyoo.co\/blog\/\"},{\"@type\":\"ListItem\",\"position\":2,\"name\":\"Ihlara Vadisi ve \u00c7evresi Do\u011fa \u0130\u00e7inde 3 Kamp Noktas\u0131 (Konum ve \u0130pu\u00e7lar\u0131)\"}]},{\"@type\":\"WebSite\",\"@id\":\"https:\/\/geziyoo.co\/blog\/#website\",\"url\":\"https:\/\/geziyoo.co\/blog\/\",\"name\":\"Geziyoo Blog\",\"description\":\"GeziYoo Blog&#039;da T\u00fcrkiye&#039;nin en iyi kamp alanlar\u0131ndan bungalov tatillerine, karavan ipu\u00e7lar\u0131ndan gezi rehberlerine kadar her t\u00fcrl\u00fc do\u011fa deneyimini ke\u015ffedin.\",\"publisher\":{\"@id\":\"https:\/\/geziyoo.co\/blog\/#organization\"},\"potentialAction\":[{\"@type\":\"SearchAction\",\"target\":{\"@type\":\"EntryPoint\",\"urlTemplate\":\"https:\/\/geziyoo.co\/blog\/?s={search_term_string}\"},\"query-input\":{\"@type\":\"PropertyValueSpecification\",\"valueRequired\":true,\"valueName\":\"search_term_string\"}}],\"inLanguage\":\"tr\"},{\"@type\":\"Organization\",\"@id\":\"https:\/\/geziyoo.co\/blog\/#organization\",\"name\":\"Geziyoo.co\",\"url\":\"https:\/\/geziyoo.co\/blog\/\",\"logo\":{\"@type\":\"ImageObject\",\"inLanguage\":\"tr\",\"@id\":\"https:\/\/geziyoo.co\/blog\/#\/schema\/logo\/image\/\",\"url\":\"https:\/\/geziyoo.co\/blog\/wp-content\/uploads\/2025\/01\/Paragraf-metniniz-3.png\",\"contentUrl\":\"https:\/\/geziyoo.co\/blog\/wp-content\/uploads\/2025\/01\/Paragraf-metniniz-3.png\",\"width\":270,\"height\":50,\"caption\":\"Geziyoo.co\"},\"image\":{\"@id\":\"https:\/\/geziyoo.co\/blog\/#\/schema\/logo\/image\/\"},\"sameAs\":[\"https:\/\/www.facebook.com\/Geziyooco\",\"https:\/\/x.com\/geziyoo\",\"https:\/\/tr.pinterest.com\/geziyooco\/\",\"https:\/\/www.youtube.com\/@geziyoo\",\"https:\/\/www.instagram.com\/geziyoo.co\/\"]},{\"@type\":\"Person\",\"@id\":\"https:\/\/geziyoo.co\/blog\/#\/schema\/person\/032acb2436540ed14784e7d978aef0e4\",\"name\":\"Geziyoo\",\"image\":{\"@type\":\"ImageObject\",\"inLanguage\":\"tr\",\"@id\":\"https:\/\/geziyoo.co\/blog\/#\/schema\/person\/image\/\",\"url\":\"https:\/\/secure.gravatar.com\/avatar\/ae212a4514471fdb8cab6e5af4f3c99b940a2d0a16713ea0392c8d7c8a64f30a?s=96&d=mm&r=g\",\"contentUrl\":\"https:\/\/secure.gravatar.com\/avatar\/ae212a4514471fdb8cab6e5af4f3c99b940a2d0a16713ea0392c8d7c8a64f30a?s=96&d=mm&r=g\",\"caption\":\"Geziyoo\"},\"description\":\"Do\u011fa ile i\u00e7 i\u00e7e olabilece\u011finiz yerler,do\u011fa aktivite alanlar\u0131,kamp alanlar\u0131,bungalov oteller,Tiny House Oteller, Galampingler ve da\u011f evlerinin herkes i\u00e7in ula\u015f\u0131labilir olmas\u0131n\u0131 sa\u011flamak amac\u0131yla Geziyoo\u2019ya 2019 y\u0131l\u0131nda ba\u015flad\u0131k.Do\u011fal Tatil konseptini uygulayan en geni\u015f kapsaml\u0131 sitedir.\",\"sameAs\":[\"https:\/\/geziyoo.co\/\",\"https:\/\/www.facebook.com\/geziyoo.co\",\"https:\/\/www.instagram.com\/geziyoo.co\/\",\"https:\/\/tr.pinterest.com\/geziyooco\/\",\"https:\/\/x.com\/https:\/\/twitter.com\/geziyoo\",\"https:\/\/www.youtube.com\/channel\/UCdiSMa6pe17KEY7DP1Ug4ag\"]}]}<\/script>\n<!-- \/ Yoast SEO plugin. -->","yoast_head_json":{"title":"Ihlara Vadisi\u2019nde \u00dccretli ve \u00dccretsiz En \u0130yi 3 Kamp Alan\u0131: Belis\u0131rma ve Selime | Geziyoo","description":"Aksaray Ihlara Vadisi, nehir kenar\u0131 Belis\u0131rma restoran bah\u00e7eleri, g\u00f6rkemli Selime Katedrali \u00e7evresi ve Cam Teras manzaral\u0131 alanlar dahil 3 kamp noktas\u0131n\u0131 listeledik.","robots":{"index":"index","follow":"follow","max-snippet":"max-snippet:-1","max-image-preview":"max-image-preview:large","max-video-preview":"max-video-preview:-1"},"canonical":"https:\/\/geziyoo.co\/blog\/ihlara-vadisi-kamp-alanlari-ve-karavan-alanlari\/","og_locale":"tr_TR","og_type":"article","og_title":"Ihlara Vadisi\u2019nde \u00dccretli ve \u00dccretsiz En \u0130yi 3 Kamp Alan\u0131: Belis\u0131rma ve Selime | Geziyoo","og_description":"Aksaray Ihlara Vadisi, nehir kenar\u0131 Belis\u0131rma restoran bah\u00e7eleri, g\u00f6rkemli Selime Katedrali \u00e7evresi ve Cam Teras manzaral\u0131 alanlar dahil 3 kamp noktas\u0131n\u0131 listeledik.","og_url":"https:\/\/geziyoo.co\/blog\/ihlara-vadisi-kamp-alanlari-ve-karavan-alanlari\/","og_site_name":"Geziyoo.co","article_publisher":"https:\/\/www.facebook.com\/Geziyooco","article_author":"https:\/\/www.facebook.com\/geziyoo.co","article_published_time":"2024-08-08T15:02:30+00:00","article_modified_time":"2026-02-04T12:27:30+00:00","og_image":[{"width":800,"height":450,"url":"https:\/\/geziyoo.co\/blog\/wp-content\/uploads\/2024\/08\/Hisar-Mocamp-6-1.jpg","type":"image\/jpeg"}],"author":"Geziyoo","twitter_card":"summary_large_image","twitter_creator":"@https:\/\/twitter.com\/geziyoo","twitter_site":"@geziyoo","twitter_misc":{"Yazan:":"Geziyoo","Tahmini okuma s\u00fcresi":"7 dakika"},"schema":{"@context":"https:\/\/schema.org","@graph":[{"@type":"Article","@id":"https:\/\/geziyoo.co\/blog\/ihlara-vadisi-kamp-alanlari-ve-karavan-alanlari\/#article","isPartOf":{"@id":"https:\/\/geziyoo.co\/blog\/ihlara-vadisi-kamp-alanlari-ve-karavan-alanlari\/"},"author":{"name":"Geziyoo","@id":"https:\/\/geziyoo.co\/blog\/#\/schema\/person\/032acb2436540ed14784e7d978aef0e4"},"headline":"Ihlara Vadisi ve \u00c7evresi Do\u011fa \u0130\u00e7inde 3 Kamp Noktas\u0131 (Konum ve \u0130pu\u00e7lar\u0131)","datePublished":"2024-08-08T15:02:30+00:00","dateModified":"2026-02-04T12:27:30+00:00","mainEntityOfPage":{"@id":"https:\/\/geziyoo.co\/blog\/ihlara-vadisi-kamp-alanlari-ve-karavan-alanlari\/"},"wordCount":1427,"commentCount":0,"publisher":{"@id":"https:\/\/geziyoo.co\/blog\/#organization"},"image":{"@id":"https:\/\/geziyoo.co\/blog\/ihlara-vadisi-kamp-alanlari-ve-karavan-alanlari\/#primaryimage"},"thumbnailUrl":"https:\/\/geziyoo.co\/blog\/wp-content\/uploads\/2024\/08\/Hisar-Mocamp-6-1.jpg","articleSection":["Kamp","Kamp Alanlar\u0131"],"inLanguage":"tr","potentialAction":[{"@type":"CommentAction","name":"Comment","target":["https:\/\/geziyoo.co\/blog\/ihlara-vadisi-kamp-alanlari-ve-karavan-alanlari\/#respond"]}]},{"@type":"WebPage","@id":"https:\/\/geziyoo.co\/blog\/ihlara-vadisi-kamp-alanlari-ve-karavan-alanlari\/","url":"https:\/\/geziyoo.co\/blog\/ihlara-vadisi-kamp-alanlari-ve-karavan-alanlari\/","name":"Ihlara Vadisi\u2019nde \u00dccretli ve \u00dccretsiz En \u0130yi 3 Kamp Alan\u0131: Belis\u0131rma ve Selime | Geziyoo","isPartOf":{"@id":"https:\/\/geziyoo.co\/blog\/#website"},"primaryImageOfPage":{"@id":"https:\/\/geziyoo.co\/blog\/ihlara-vadisi-kamp-alanlari-ve-karavan-alanlari\/#primaryimage"},"image":{"@id":"https:\/\/geziyoo.co\/blog\/ihlara-vadisi-kamp-alanlari-ve-karavan-alanlari\/#primaryimage"},"thumbnailUrl":"https:\/\/geziyoo.co\/blog\/wp-content\/uploads\/2024\/08\/Hisar-Mocamp-6-1.jpg","datePublished":"2024-08-08T15:02:30+00:00","dateModified":"2026-02-04T12:27:30+00:00","description":"Aksaray Ihlara Vadisi, nehir kenar\u0131 Belis\u0131rma restoran bah\u00e7eleri, g\u00f6rkemli Selime Katedrali \u00e7evresi ve Cam Teras manzaral\u0131 alanlar dahil 3 kamp noktas\u0131n\u0131 listeledik.","breadcrumb":{"@id":"https:\/\/geziyoo.co\/blog\/ihlara-vadisi-kamp-alanlari-ve-karavan-alanlari\/#breadcrumb"},"inLanguage":"tr","potentialAction":[{"@type":"ReadAction","target":["https:\/\/geziyoo.co\/blog\/ihlara-vadisi-kamp-alanlari-ve-karavan-alanlari\/"]}]},{"@type":"ImageObject","inLanguage":"tr","@id":"https:\/\/geziyoo.co\/blog\/ihlara-vadisi-kamp-alanlari-ve-karavan-alanlari\/#primaryimage","url":"https:\/\/geziyoo.co\/blog\/wp-content\/uploads\/2024\/08\/Hisar-Mocamp-6-1.jpg","contentUrl":"https:\/\/geziyoo.co\/blog\/wp-content\/uploads\/2024\/08\/Hisar-Mocamp-6-1.jpg","width":800,"height":450},{"@type":"BreadcrumbList","@id":"https:\/\/geziyoo.co\/blog\/ihlara-vadisi-kamp-alanlari-ve-karavan-alanlari\/#breadcrumb","itemListElement":[{"@type":"ListItem","position":1,"name":"Ana sayfa","item":"https:\/\/geziyoo.co\/blog\/"},{"@type":"ListItem","position":2,"name":"Ihlara Vadisi ve \u00c7evresi Do\u011fa \u0130\u00e7inde 3 Kamp Noktas\u0131 (Konum ve \u0130pu\u00e7lar\u0131)"}]},{"@type":"WebSite","@id":"https:\/\/geziyoo.co\/blog\/#website","url":"https:\/\/geziyoo.co\/blog\/","name":"Geziyoo Blog","description":"GeziYoo Blog&#039;da T\u00fcrkiye&#039;nin en iyi kamp alanlar\u0131ndan bungalov tatillerine, karavan ipu\u00e7lar\u0131ndan gezi rehberlerine kadar her t\u00fcrl\u00fc do\u011fa deneyimini ke\u015ffedin.","publisher":{"@id":"https:\/\/geziyoo.co\/blog\/#organization"},"potentialAction":[{"@type":"SearchAction","target":{"@type":"EntryPoint","urlTemplate":"https:\/\/geziyoo.co\/blog\/?s={search_term_string}"},"query-input":{"@type":"PropertyValueSpecification","valueRequired":true,"valueName":"search_term_string"}}],"inLanguage":"tr"},{"@type":"Organization","@id":"https:\/\/geziyoo.co\/blog\/#organization","name":"Geziyoo.co","url":"https:\/\/geziyoo.co\/blog\/","logo":{"@type":"ImageObject","inLanguage":"tr","@id":"https:\/\/geziyoo.co\/blog\/#\/schema\/logo\/image\/","url":"https:\/\/geziyoo.co\/blog\/wp-content\/uploads\/2025\/01\/Paragraf-metniniz-3.png","contentUrl":"https:\/\/geziyoo.co\/blog\/wp-content\/uploads\/2025\/01\/Paragraf-metniniz-3.png","width":270,"height":50,"caption":"Geziyoo.co"},"image":{"@id":"https:\/\/geziyoo.co\/blog\/#\/schema\/logo\/image\/"},"sameAs":["https:\/\/www.facebook.com\/Geziyooco","https:\/\/x.com\/geziyoo","https:\/\/tr.pinterest.com\/geziyooco\/","https:\/\/www.youtube.com\/@geziyoo","https:\/\/www.instagram.com\/geziyoo.co\/"]},{"@type":"Person","@id":"https:\/\/geziyoo.co\/blog\/#\/schema\/person\/032acb2436540ed14784e7d978aef0e4","name":"Geziyoo","image":{"@type":"ImageObject","inLanguage":"tr","@id":"https:\/\/geziyoo.co\/blog\/#\/schema\/person\/image\/","url":"https:\/\/secure.gravatar.com\/avatar\/ae212a4514471fdb8cab6e5af4f3c99b940a2d0a16713ea0392c8d7c8a64f30a?s=96&d=mm&r=g","contentUrl":"https:\/\/secure.gravatar.com\/avatar\/ae212a4514471fdb8cab6e5af4f3c99b940a2d0a16713ea0392c8d7c8a64f30a?s=96&d=mm&r=g","caption":"Geziyoo"},"description":"Do\u011fa ile i\u00e7 i\u00e7e olabilece\u011finiz yerler,do\u011fa aktivite alanlar\u0131,kamp alanlar\u0131,bungalov oteller,Tiny House Oteller, Galampingler ve da\u011f evlerinin herkes i\u00e7in ula\u015f\u0131labilir olmas\u0131n\u0131 sa\u011flamak amac\u0131yla Geziyoo\u2019ya 2019 y\u0131l\u0131nda ba\u015flad\u0131k.Do\u011fal Tatil konseptini uygulayan en geni\u015f kapsaml\u0131 sitedir.","sameAs":["https:\/\/geziyoo.co\/","https:\/\/www.facebook.com\/geziyoo.co","https:\/\/www.instagram.com\/geziyoo.co\/","https:\/\/tr.pinterest.com\/geziyooco\/","https:\/\/x.com\/https:\/\/twitter.com\/geziyoo","https:\/\/www.youtube.com\/channel\/UCdiSMa6pe17KEY7DP1Ug4ag"]}]}},"amp_enabled":true,"_links":{"self":[{"href":"https:\/\/geziyoo.co\/blog\/wp-json\/wp\/v2\/posts\/19152","targetHints":{"allow":["GET"]}}],"collection":[{"href":"https:\/\/geziyoo.co\/blog\/wp-json\/wp\/v2\/posts"}],"about":[{"href":"https:\/\/geziyoo.co\/blog\/wp-json\/wp\/v2\/types\/post"}],"author":[{"embeddable":true,"href":"https:\/\/geziyoo.co\/blog\/wp-json\/wp\/v2\/users\/1"}],"replies":[{"embeddable":true,"href":"https:\/\/geziyoo.co\/blog\/wp-json\/wp\/v2\/comments?post=19152"}],"version-history":[{"count":0,"href":"https:\/\/geziyoo.co\/blog\/wp-json\/wp\/v2\/posts\/19152\/revisions"}],"wp:featuredmedia":[{"embeddable":true,"href":"https:\/\/geziyoo.co\/blog\/wp-json\/wp\/v2\/media\/19154"}],"wp:attachment":[{"href":"https:\/\/geziyoo.co\/blog\/wp-json\/wp\/v2\/media?parent=19152"}],"wp:term":[{"taxonomy":"category","embeddable":true,"href":"https:\/\/geziyoo.co\/blog\/wp-json\/wp\/v2\/categories?post=19152"},{"taxonomy":"post_tag","embeddable":true,"href":"https:\/\/geziyoo.co\/blog\/wp-json\/wp\/v2\/tags?post=19152"}],"curies":[{"name":"wp","href":"https:\/\/api.w.org\/{rel}","templated":true}]}}