{"id":19134,"date":"2024-08-08T09:56:05","date_gmt":"2024-08-08T09:56:05","guid":{"rendered":"https:\/\/geziyoo.co\/blog\/?p=19134"},"modified":"2026-02-04T12:22:30","modified_gmt":"2026-02-04T12:22:30","slug":"agri-dagi-ve-cevresindeki-kamp-alanlari","status":"publish","type":"post","link":"https:\/\/geziyoo.co\/blog\/agri-dagi-ve-cevresindeki-kamp-alanlari\/","title":{"rendered":"A\u011fr\u0131 Da\u011f\u0131 Zirve Rotas\u0131 ve \u00c7evresi 4 Stratejik Kamp Noktas\u0131"},"content":{"rendered":"\n<p><strong>A\u011fr\u0131 Da\u011f\u0131<\/strong>, sadece bir co\u011frafi olu\u015fum de\u011fil, da\u011fc\u0131lar i\u00e7in bir &#8220;hac&#8221; noktas\u0131d\u0131r. Do\u011fubayaz\u0131t ovas\u0131ndan y\u00fckselen bu devasa k\u00fctle, kendine has iklimiyle kamp\u00e7\u0131lar\u0131 bamba\u015fka bir d\u00fcnyaya davet eder. Burada kamp yapmak, I\u011fd\u0131r&#8217;\u0131n kay\u0131s\u0131s\u0131n\u0131, A\u011fr\u0131&#8217;n\u0131n so\u011fu\u011funu ve Nuh&#8217;un efsanesini ayn\u0131 anda ya\u015famakt\u0131r. Da\u011f\u0131n \u00fczerinde konaklamak ciddi bir kondisyon ve ekipman gerektirirken, eteklerinde konaklamak tarihin g\u00f6lgesinde huzur bulmakt\u0131r.<\/p>\n\n\n\n<p>Da\u011fc\u0131lar i\u00e7in rota bellidir: \u00d6nce <strong>\u00c7evirme K\u00f6y\u00fc<\/strong>&#8216;nden y\u00fcr\u00fcy\u00fc\u015f ba\u015flar, ard\u0131ndan atlar\u0131n y\u00fckleri ta\u015f\u0131d\u0131\u011f\u0131 <strong>3.200 Metre (Ye\u015fil Kamp)<\/strong> ana kamp\u0131na var\u0131l\u0131r. Buras\u0131 aklimatizasyon (y\u00fcksek irtifaya al\u0131\u015fma) merkezidir. Daha sonra ise zirve \u00f6ncesi son durak olan, r\u00fczgar\u0131n hi\u00e7 susmad\u0131\u011f\u0131 <strong>4.200 Metre Kamp\u0131<\/strong> gelir. T\u0131rman\u0131\u015f yapmayacaklar i\u00e7in ise <strong>\u0130shak Pa\u015fa Saray\u0131<\/strong>&#8216;n\u0131n kar\u015f\u0131s\u0131ndaki tepeler, A\u011fr\u0131 Da\u011f\u0131&#8217;n\u0131n o me\u015fhur sil\u00fcetini izlemek i\u00e7in en iyi &#8220;loca&#8221;d\u0131r.<\/p>\n\n\n\n<p>Biz Geziyoo olarak, T\u00fcrkiye&#8217;nin zirvesine giden bu zorlu ama b\u00fcy\u00fcleyici rotay\u0131 inceledik. Listemizde, da\u011fc\u0131lar\u0131n nefeslendi\u011fi ana kamplar\u0131 da, foto\u011fraf\u00e7\u0131lar\u0131n g\u00fcn do\u011fumunu bekledi\u011fi tarihi noktalar\u0131 da bir araya getirdik.<\/p>\n\n\n\n<p>\u0130ster <strong>4.200 Kamp\u0131&#8217;nda<\/strong> zirve heyecan\u0131yla titreyin, ister <strong>\u0130shak Pa\u015fa&#8217;da<\/strong> tarihe kar\u015f\u0131 \u00e7ay i\u00e7in; yan\u0131n\u0131za d\u00f6rt mevsimlik uyku tulumu almadan yola \u00e7\u0131kmay\u0131n. \u0130\u015fte A\u011fr\u0131 Da\u011f\u0131\u2019n\u0131n en iyi 4 kamp dura\u011f\u0131:<\/p>\n\n\n\n<p>A\u011fr\u0131 Da\u011f\u0131 haricindeki ki kamp alanlar\u0131na bakmak i\u00e7in <strong><em> <a href=\"https:\/\/geziyoo.co\/blog\/agri-kamp-alanlari-ve-karavan-alanlari\/\" data-type=\"post\" data-id=\"7185\">A\u011fr\u0131 Kamp Alanlar\u0131<\/a> <\/em><\/strong>i\u00e7eri\u011fimize bakabilirsiniz.Unuttu\u011fumuz veya bilmedi\u011fimiz <strong>\u00c7ad\u0131r ve Karavan Kamp alan\u0131<\/strong> var ise l\u00fctfen yorumlar k\u0131sm\u0131ndan bizlerle payla\u015fs\u0131n.<\/p>\n\n\n\n<p>Unutmadan Do\u011fubeyaz\u0131t haricinde Kamp Alan\u0131, Bungalov veya Da\u011f evi ar\u0131yorsan\u0131z , <a rel=\"noopener noreferrer\" href=\"https:\/\/geziyoo.co\/?select=Karavan+Kamp%C4%B1&amp;lp_s_loc=&amp;lp_s_tag=&amp;lp_s_cat=229&amp;s=home&amp;post_type=listing\" target=\"_blank\"><em><strong>500&#8217;den fazla Kamp ve Karavan Yeri<\/strong> <\/em><\/a>sayfam\u0131za bakman\u0131z\u0131 tavsiye diyoruz.<\/p>\n\n\n\n<hr class=\"wp-block-separator has-css-opacity is-style-wide\"\/>\n\n\n\n<h2 class=\"wp-block-heading\">1.Murat Camping<\/h2>\n\n\n\n<figure class=\"wp-block-image\"><img decoding=\"async\" width=\"1024\" height=\"768\" data-src=\"https:\/\/geziyoo.co\/blog\/wp-content\/uploads\/2021\/06\/Murat-Camping-2.jpg\" alt=\"Do\u011fubeyaz\u0131t Kamp Alanlar\u0131\" class=\"wp-image-7192 lazyload\" title=\"A\u011fr\u0131 Kamp Alanlar\u0131 ve Karavan Alanlar\u0131 2\" data-srcset=\"https:\/\/geziyoo.co\/blog\/wp-content\/uploads\/2021\/06\/Murat-Camping-2.jpg 1024w, https:\/\/geziyoo.co\/blog\/wp-content\/uploads\/2021\/06\/Murat-Camping-2-300x225.jpg 300w, https:\/\/geziyoo.co\/blog\/wp-content\/uploads\/2021\/06\/Murat-Camping-2-768x576.jpg 768w\" data-sizes=\"(max-width: 1024px) 100vw, 1024px\" src=\"data:image\/gif;base64,R0lGODlhAQABAAAAACH5BAEKAAEALAAAAAABAAEAAAICTAEAOw==\" style=\"--smush-placeholder-width: 1024px; --smush-placeholder-aspect-ratio: 1024\/768;\" \/><figcaption class=\"wp-element-caption\">Do\u011fubeyaz\u0131t Kamp Alanlar\u0131 \u2013 Murat Camping<\/figcaption><\/figure>\n\n\n\n<p><strong>A\u011fr\u0131 Da\u011f\u0131 Kamp Alanlar\u0131 i\u00e7eri\u011fimizin ilk s\u0131ras\u0131nda Murat Camping bulunmakta.A\u011fr\u0131 Da\u011f\u0131&#8217;n\u0131n<\/strong> eteklerinde, do\u011fa sporlar\u0131 tutkunlar\u0131n\u0131n ve kamp severlerin vazge\u00e7ilmez adresi haline gelen <strong>Murat Camping<\/strong>, Do\u011fubeyaz\u0131t&#8217;\u0131n en pop\u00fcler kamp alanlar\u0131ndan biridir. Hem \u00e7ad\u0131r hem de karavan kamp\u0131 i\u00e7in ideal olan bu tesis, konumuyla da dikkat \u00e7ekmektedir.<\/p>\n\n\n\n<p>Da\u011fa t\u0131rman\u0131\u015f yapmak isteyenler i\u00e7in konumuyla b\u00fcy\u00fck avantaj sa\u011flayan Murat Camping, hem t\u0131rman\u0131\u015f \u00f6ncesi hem de sonras\u0131 i\u00e7in ideal bir konaklama alternatifi sunar.<\/p>\n\n\n\n<p>Kamp alan\u0131nda bulunan WC, du\u015f, Wi-Fi gibi temel ihtiya\u00e7lar\u0131n yan\u0131 s\u0131ra ortak mutfak ve buzdolab\u0131 gibi imkanlar da kamp\u00e7\u0131lara konforlu bir deneyim sunar.<\/p>\n\n\n\n<p>A\u011fa\u00e7l\u0131k ve d\u00fcz bir zemine sahip olan kamp alan\u0131, hem do\u011fayla i\u00e7 i\u00e7e olmak hem de huzurlu bir atmosferde dinlenmek isteyenler i\u00e7in m\u00fckemmel bir se\u00e7enektir.<\/p>\n\n\n\n<p>Sekt\u00f6rdeki uzun y\u0131llardaki deneyimiyle Murat Camping, kamp\u00e7\u0131lara ihtiya\u00e7lar\u0131 do\u011frultusunda \u00e7e\u015fitli hizmetler sunmaktad\u0131r.<\/p>\n\n\n\n<p>Murat Camping, sadece bir kamp alan\u0131 de\u011fil, ayn\u0131 zamanda do\u011fa ile i\u00e7 i\u00e7e bir deneyim sunan bir merkezdir. Kamp alan\u0131nda konaklarken;<\/p>\n\n\n\n<p>Profesyonel rehberler e\u015fli\u011finde d\u00fczenlenen t\u0131rman\u0131\u015f turlar\u0131na kat\u0131labilir, zirveye ula\u015fman\u0131n heyecan\u0131n\u0131 ya\u015fayabilirsiniz. \u00c7evredeki do\u011fal g\u00fczellikleri ke\u015ffetmek i\u00e7in d\u00fczenlenen y\u00fcr\u00fcy\u00fc\u015flere kat\u0131labilir, temiz havan\u0131n tad\u0131n\u0131 \u00e7\u0131karabilirsiniz. Aileniz veya arkada\u015flar\u0131n\u0131zla birlikte keyifli piknikler yapabilir, do\u011fan\u0131n sundu\u011fu g\u00fczellikleri doyas\u0131ya ya\u015fayabilirsiniz.<\/p>\n\n\n\n<p>Murat Camping&#8217;e konaklad\u0131\u011f\u0131n\u0131z s\u00fcre boyunca, tarihi ve k\u00fclt\u00fcrel zenginlikleriyle \u00fcnl\u00fc Do\u011fubeyaz\u0131t&#8217;\u0131 da ke\u015ffetme f\u0131rsat\u0131 bulabilirsiniz. \u0130shakpa\u015fa Saray\u0131, A\u011fr\u0131 M\u00fczesi gibi tarihi yap\u0131lar\u0131 ziyaret edebilir, y\u00f6resel lezzetleri tadabilir ve yerel halk\u0131n s\u0131cakkanl\u0131l\u0131\u011f\u0131yla tan\u0131\u015fabilirsiniz.<\/p>\n\n\n\n<hr class=\"wp-block-separator has-css-opacity is-style-wide\"\/>\n\n\n\n<ul class=\"wp-block-list\">\n<li><strong>Murat Camping Adres<\/strong>&nbsp;:isakpa\u015fa saray\u0131 yan\u0131, 04400 Do\u011fubayaz\u0131t\/A\u011fr\u0131<\/li>\n\n\n\n<li><strong>Murat Camping Telefon<\/strong>&nbsp;: 0542 437 36 99<\/li>\n\n\n\n<li><strong>Murat Camping Detayl\u0131 Bilgi :<\/strong>&nbsp;<a href=\"https:\/\/geziyoo.co\/listing\/murat-camping\/\"><em><strong>Murat Camping&nbsp;Tan\u0131t\u0131m\u0131<\/strong><\/em><\/a><\/li>\n\n\n\n<li><strong>Murat CampingKonumu:<\/strong>&nbsp;<a href=\"https:\/\/www.google.com\/maps?daddr=39.51596001861664,44.12495602300554\" target=\"_blank\" rel=\"noreferrer noopener\"><em><strong>Konum&nbsp;<\/strong><\/em><\/a>ba\u011flant\u0131s\u0131na t\u0131klay\u0131n<\/li>\n<\/ul>\n\n\n\n<hr class=\"wp-block-separator has-css-opacity is-style-wide\"\/>\n\n\n\n<h2 class=\"wp-block-heading\">2.A\u011fr\u0131 Da\u011f\u0131 Milli Park\u0131 Kamp Alan\u0131<\/h2>\n\n\n\n<figure class=\"wp-block-image\"><img decoding=\"async\" width=\"1024\" height=\"683\" data-src=\"https:\/\/geziyoo.co\/blog\/wp-content\/uploads\/2021\/06\/Agri-Kamp-Alanlari-Agri-Dagi-Milli-Parki-Kamp-Alani-3.jpg\" alt=\"Agri Kamp Alanlari Agri Dagi Milli Parki Kamp Alani 3\" class=\"wp-image-7202 lazyload\" title=\"A\u011fr\u0131 Kamp Alanlar\u0131 ve Karavan Alanlar\u0131 5\" data-srcset=\"https:\/\/geziyoo.co\/blog\/wp-content\/uploads\/2021\/06\/Agri-Kamp-Alanlari-Agri-Dagi-Milli-Parki-Kamp-Alani-3.jpg 1024w, https:\/\/geziyoo.co\/blog\/wp-content\/uploads\/2021\/06\/Agri-Kamp-Alanlari-Agri-Dagi-Milli-Parki-Kamp-Alani-3-300x200.jpg 300w, https:\/\/geziyoo.co\/blog\/wp-content\/uploads\/2021\/06\/Agri-Kamp-Alanlari-Agri-Dagi-Milli-Parki-Kamp-Alani-3-768x512.jpg 768w\" data-sizes=\"(max-width: 1024px) 100vw, 1024px\" src=\"data:image\/gif;base64,R0lGODlhAQABAAAAACH5BAEKAAEALAAAAAABAAEAAAICTAEAOw==\" style=\"--smush-placeholder-width: 1024px; --smush-placeholder-aspect-ratio: 1024\/683;\" \/><figcaption class=\"wp-element-caption\">Do\u011fubeyaz\u0131t Kamp Alanlar\u0131\u2013 A\u011fr\u0131 Da\u011f\u0131<\/figcaption><\/figure>\n\n\n\n<p><strong>A\u011fr\u0131 Da\u011f\u0131<\/strong>, T\u00fcrkiye&#8217;nin ve d\u00fcnyan\u0131n en y\u00fcksek da\u011f\u0131 olarak hem da\u011fc\u0131lar hem de do\u011fa severler i\u00e7in e\u015fsiz bir \u00e7ekim merkezi. Bu g\u00f6rkemli da\u011f\u0131n eteklerinde, do\u011fayla i\u00e7 i\u00e7e unutulmaz bir kamp deneyimi ya\u015famak isteyenler i\u00e7in bir\u00e7ok \u00fccretsiz kamp alan\u0131 bulunuyor. \u00d6zellikle bahar aylar\u0131nda karlar\u0131n erimesiyle ortaya \u00e7\u0131kan e\u015fsiz manzaralar, ziyaret\u00e7ilere g\u00f6rsel bir \u015f\u00f6len sunuyor.<\/p>\n\n\n\n<p>A\u011fr\u0131 Da\u011f\u0131&#8217;n\u0131n e\u015fsiz do\u011fal g\u00fczellikleri, kamp deneyiminizi unutulmaz k\u0131lacak. Da\u011f\u0131n eteklerindeki yemye\u015fil yaylalar, berrak g\u00f6ller ve zengin bitki \u00f6rt\u00fcs\u00fc, size huzur dolu anlar ya\u015fatacak.<\/p>\n\n\n\n<p>B\u00f6lgede ya\u015fayan \u00e7e\u015fitli ku\u015f t\u00fcrleri, memeliler ve s\u00fcr\u00fcngenler, do\u011fa g\u00f6zlemi yapmak isteyenler i\u00e7in harika bir f\u0131rsat sunuyor. A\u011fr\u0131 Da\u011f\u0131, da\u011fc\u0131l\u0131k ve trekking gibi macera sporlar\u0131na merakl\u0131 olanlar i\u00e7in zorlu ve heyecan verici rotalar sunuyor.<\/p>\n\n\n\n<p>Kamp yapaca\u011f\u0131n\u0131z mevsime g\u00f6re uygun ekipmanlar haz\u0131rlaman\u0131z olduk\u00e7a \u00f6nemli. \u00d6zellikle yaz aylar\u0131nda g\u00fcne\u015ften korunmak i\u00e7in \u015fapka, g\u00fcne\u015f g\u00f6zl\u00fc\u011f\u00fc ve g\u00fcne\u015f kremi yan\u0131n\u0131zda bulundurmal\u0131s\u0131n\u0131z. K\u0131\u015f aylar\u0131nda ise kal\u0131n k\u0131yafetler, botlar ve \u00e7ad\u0131r\u0131n\u0131z\u0131n su ge\u00e7irmez oldu\u011fundan emin olmal\u0131s\u0131n\u0131z.<\/p>\n\n\n\n<p>Kamp alanlar\u0131n\u0131 temiz tutarak do\u011faya zarar vermemeye \u00f6zen g\u00f6sterin. \u00c7\u00f6plerinizi yan\u0131n\u0131zda getirip g\u00f6t\u00fcr\u00fcn ve ate\u015f yakarken dikkatli olun.<\/p>\n\n\n\n<p>Kamp alanlar\u0131nda genellikle do\u011fal su kaynaklar\u0131 bulunuyor. Bu sular\u0131 i\u00e7meden \u00f6nce kaynatman\u0131z veya dezenfekte etmeniz \u00f6nerilir.<\/p>\n\n\n\n<p>Baz\u0131 kamp alanlar\u0131nda kamp yapmak i\u00e7in izin al\u0131nmas\u0131 gerekebilir. Bu konuda yerel yetkililerden bilgi alman\u0131zda fayda var.<\/p>\n\n\n\n<p>A\u011fr\u0131 Da\u011f\u0131&#8217;na ula\u015f\u0131m i\u00e7in \u00e7e\u015fitli alternatifler bulunuyor. \u00d6zel arac\u0131n\u0131zla veya toplu ta\u015f\u0131ma ara\u00e7lar\u0131yla b\u00f6lgeye ula\u015fabilirsiniz. B\u00f6lgeye ula\u015f\u0131m hakk\u0131nda detayl\u0131 bilgi almak i\u00e7in yerel turizm ofisleriyle ileti\u015fime ge\u00e7ebilirsiniz.<\/p>\n\n\n\n<hr class=\"wp-block-separator has-css-opacity is-style-wide\"\/>\n\n\n\n<ul class=\"wp-block-list\">\n<li><strong>A\u011fr\u0131 Da\u011f\u0131 Kamp Alan\u0131 Adres<\/strong>&nbsp;: Ahmedihani Mahallesi, Uysal Sk. No:20, 04400 Do\u011fubayaz\u0131t\/A\u011fr\u0131<\/li>\n\n\n\n<li><strong>A\u011fr\u0131 Da\u011f\u0131 Kamp Alan\u0131 Telefon<\/strong>&nbsp;: \u2014<\/li>\n\n\n\n<li><strong>A\u011fr\u0131 Da\u011f\u0131 Kamp Alan\u0131 Detayl\u0131 Bilgi :<a href=\"https:\/\/geziyoo.co\/listing\/agri-dagi-milli-parki-kamp-alani\/\"><em>A\u011fr\u0131 Da\u011f\u0131 Kamp Alan\u0131<\/em><\/a><\/strong><em><strong>Tan\u0131t\u0131m\u0131<\/strong><\/em><\/li>\n\n\n\n<li><strong>A\u011fr\u0131 Da\u011f\u0131 Kamp Alan\u0131 Konumu:<\/strong>&nbsp;<a href=\"https:\/\/www.google.com.tr\/maps\/place\/A%C4%9Fr%C4%B1+Da%C4%9F%C4%B1+Milli+Park%C4%B1\/@39.7301748,44.2417754,17z\/data=!3m1!4b1!4m5!3m4!1s0x4014db1a3e7093ed:0x9a177deed08b378!8m2!3d39.7301748!4d44.2439641\" target=\"_blank\" rel=\"noreferrer noopener\"><em><strong>Ko<\/strong><\/em><em><strong>n<\/strong><\/em><em><strong>um&nbsp;<\/strong><\/em><\/a>ba\u011flant\u0131s\u0131na t\u0131klay\u0131n<\/li>\n<\/ul>\n\n\n\n<hr class=\"wp-block-separator has-css-opacity is-style-wide\"\/>\n\n\n\n<p>Bir i\u00e7eri\u011fimizin daha sonuna geldik sizlere Do\u011fubeyaz\u0131t&#8217;da kamp yapabilece\u011finiz \u00fccretli ve \u00fccretsiz kamp alanlar\u0131n\u0131 aktard\u0131k.Umar\u0131z i\u00e7eri\u011fimiz sizlere faydal\u0131 olabilmi\u015ftir.Bu kamp alanlar\u0131 ile ilgili detayl\u0131 bilgiler i\u00e7in&nbsp;<strong><em><a href=\"https:\/\/geziyoo.co\/location\/agri-kamp-alanlari-ve-bungalov-otelleri\/\">A\u011eRI KAMP L\u0130STES\u0130&nbsp;<\/a><\/em><\/strong>sayfam\u0131za da bakman\u0131z\u0131 tavsiye eder g\u00fczel bir kamp ge\u00e7irmenizi dileriz.<\/p>\n\n\n\n<h3 class=\"wp-block-heading\">Bunlar\u0131 da Sevebilirsiniz;<\/h3>\n\n\n<ul class=\"wp-block-latest-posts__list wp-block-latest-posts\"><li><a class=\"wp-block-latest-posts__post-title\" href=\"https:\/\/geziyoo.co\/blog\/batman-kamp-alanlari\/\">Batman ve \u00c7evresi Do\u011fa \u0130\u00e7inde 4 Kamp Noktas\u0131 (Konum ve \u0130pu\u00e7lar\u0131)<\/a><\/li>\n<li><a class=\"wp-block-latest-posts__post-title\" href=\"https:\/\/geziyoo.co\/blog\/ayder-yaylasi-kamp-alanlari-ve-karavan-alanlari\/\">Ayder Yaylas\u0131 ve \u00c7evresi 2 Kamp Noktas\u0131 (Konum ve \u0130pu\u00e7lar\u0131)<\/a><\/li>\n<li><a class=\"wp-block-latest-posts__post-title\" href=\"https:\/\/geziyoo.co\/blog\/ardesen-kamp-alanlari-ve-karavan-alanlari\/\">Arde\u015fen ve F\u0131rt\u0131na Vadisi Giri\u015fi 5 Kamp Noktas\u0131 (Konum ve \u0130pu\u00e7lar\u0131)<\/a><\/li>\n<\/ul>","protected":false},"excerpt":{"rendered":"<p>A\u011fr\u0131 Da\u011f\u0131, sadece bir co\u011frafi olu\u015fum de\u011fil, da\u011fc\u0131lar i\u00e7in bir &#8220;hac&#8221; noktas\u0131d\u0131r. Do\u011fubayaz\u0131t ovas\u0131ndan y\u00fckselen bu devasa k\u00fctle, kendine has iklimiyle kamp\u00e7\u0131lar\u0131 bamba\u015fka bir d\u00fcnyaya davet eder. Burada kamp yapmak, I\u011fd\u0131r&#8217;\u0131n kay\u0131s\u0131s\u0131n\u0131, A\u011fr\u0131&#8217;n\u0131n so\u011fu\u011funu ve Nuh&#8217;un efsanesini ayn\u0131 anda ya\u015famakt\u0131r. Da\u011f\u0131n \u00fczerinde konaklamak ciddi bir kondisyon ve ekipman gerektirirken, eteklerinde konaklamak tarihin g\u00f6lgesinde huzur bulmakt\u0131r. &hellip;<\/p>\n","protected":false},"author":1,"featured_media":19136,"comment_status":"open","ping_status":"closed","sticky":false,"template":"","format":"standard","meta":{"footnotes":""},"categories":[589,23],"tags":[],"class_list":["post-19134","post","type-post","status-publish","format-standard","has-post-thumbnail","hentry","category-kamp1","category-kamp-kamp-alanlari"],"yoast_head":"<!-- This site is optimized with the Yoast SEO plugin v26.9 - https:\/\/yoast.com\/product\/yoast-seo-wordpress\/ -->\n<title>A\u011fr\u0131 Da\u011f\u0131 ve \u00c7evresinde En \u0130yi 2 Kamp Alan\u0131: \u00dccretli ve \u00dccretsiz | Geziyoo<\/title>\n<meta name=\"description\" content=\"T\u00fcrkiye&#039;nin zirvesi A\u011fr\u0131 Da\u011f\u0131&#039;nda da\u011fc\u0131lar\u0131n \u00fcss\u00fc 3.200 (Ye\u015fil) Kamp, zorlu 4.200 Kamp\u0131 ve da\u011f\u0131n en iyi izlendi\u011fi \u0130shak Pa\u015fa Saray\u0131 \u00e7evresi dahil 4 kamp alan\u0131n\u0131 listeledik.\" \/>\n<meta name=\"robots\" content=\"index, follow, max-snippet:-1, max-image-preview:large, max-video-preview:-1\" \/>\n<link rel=\"canonical\" href=\"https:\/\/geziyoo.co\/blog\/agri-dagi-ve-cevresindeki-kamp-alanlari\/\" \/>\n<meta property=\"og:locale\" content=\"tr_TR\" \/>\n<meta property=\"og:type\" content=\"article\" \/>\n<meta property=\"og:title\" content=\"A\u011fr\u0131 Da\u011f\u0131 ve \u00c7evresinde En \u0130yi 2 Kamp Alan\u0131: \u00dccretli ve \u00dccretsiz | Geziyoo\" \/>\n<meta property=\"og:description\" content=\"T\u00fcrkiye&#039;nin zirvesi A\u011fr\u0131 Da\u011f\u0131&#039;nda da\u011fc\u0131lar\u0131n \u00fcss\u00fc 3.200 (Ye\u015fil) Kamp, zorlu 4.200 Kamp\u0131 ve da\u011f\u0131n en iyi izlendi\u011fi \u0130shak Pa\u015fa Saray\u0131 \u00e7evresi dahil 4 kamp alan\u0131n\u0131 listeledik.\" \/>\n<meta property=\"og:url\" content=\"https:\/\/geziyoo.co\/blog\/agri-dagi-ve-cevresindeki-kamp-alanlari\/\" \/>\n<meta property=\"og:site_name\" content=\"Geziyoo.co\" \/>\n<meta property=\"article:publisher\" content=\"https:\/\/www.facebook.com\/Geziyooco\" \/>\n<meta property=\"article:author\" content=\"https:\/\/www.facebook.com\/geziyoo.co\" \/>\n<meta property=\"article:published_time\" content=\"2024-08-08T09:56:05+00:00\" \/>\n<meta property=\"article:modified_time\" content=\"2026-02-04T12:22:30+00:00\" \/>\n<meta property=\"og:image\" content=\"https:\/\/geziyoo.co\/blog\/wp-content\/uploads\/2024\/08\/Agri-Kamp-AlanlariDag-Evleri-ve-Bungalovlari-1-scaled-1.jpg\" \/>\n\t<meta property=\"og:image:width\" content=\"1200\" \/>\n\t<meta property=\"og:image:height\" content=\"675\" \/>\n\t<meta property=\"og:image:type\" content=\"image\/jpeg\" \/>\n<meta name=\"author\" content=\"Geziyoo\" \/>\n<meta name=\"twitter:card\" content=\"summary_large_image\" \/>\n<meta name=\"twitter:creator\" content=\"@https:\/\/twitter.com\/geziyoo\" \/>\n<meta name=\"twitter:site\" content=\"@geziyoo\" \/>\n<meta name=\"twitter:label1\" content=\"Yazan:\" \/>\n\t<meta name=\"twitter:data1\" content=\"Geziyoo\" \/>\n\t<meta name=\"twitter:label2\" content=\"Tahmini okuma s\u00fcresi\" \/>\n\t<meta name=\"twitter:data2\" content=\"6 dakika\" \/>\n<script type=\"application\/ld+json\" class=\"yoast-schema-graph\">{\"@context\":\"https:\/\/schema.org\",\"@graph\":[{\"@type\":\"Article\",\"@id\":\"https:\/\/geziyoo.co\/blog\/agri-dagi-ve-cevresindeki-kamp-alanlari\/#article\",\"isPartOf\":{\"@id\":\"https:\/\/geziyoo.co\/blog\/agri-dagi-ve-cevresindeki-kamp-alanlari\/\"},\"author\":{\"name\":\"Geziyoo\",\"@id\":\"https:\/\/geziyoo.co\/blog\/#\/schema\/person\/032acb2436540ed14784e7d978aef0e4\"},\"headline\":\"A\u011fr\u0131 Da\u011f\u0131 Zirve Rotas\u0131 ve \u00c7evresi 4 Stratejik Kamp Noktas\u0131\",\"datePublished\":\"2024-08-08T09:56:05+00:00\",\"dateModified\":\"2026-02-04T12:22:30+00:00\",\"mainEntityOfPage\":{\"@id\":\"https:\/\/geziyoo.co\/blog\/agri-dagi-ve-cevresindeki-kamp-alanlari\/\"},\"wordCount\":1186,\"commentCount\":0,\"publisher\":{\"@id\":\"https:\/\/geziyoo.co\/blog\/#organization\"},\"image\":{\"@id\":\"https:\/\/geziyoo.co\/blog\/agri-dagi-ve-cevresindeki-kamp-alanlari\/#primaryimage\"},\"thumbnailUrl\":\"https:\/\/geziyoo.co\/blog\/wp-content\/uploads\/2024\/08\/Agri-Kamp-AlanlariDag-Evleri-ve-Bungalovlari-1-scaled-1.jpg\",\"articleSection\":[\"Kamp\",\"Kamp Alanlar\u0131\"],\"inLanguage\":\"tr\",\"potentialAction\":[{\"@type\":\"CommentAction\",\"name\":\"Comment\",\"target\":[\"https:\/\/geziyoo.co\/blog\/agri-dagi-ve-cevresindeki-kamp-alanlari\/#respond\"]}]},{\"@type\":\"WebPage\",\"@id\":\"https:\/\/geziyoo.co\/blog\/agri-dagi-ve-cevresindeki-kamp-alanlari\/\",\"url\":\"https:\/\/geziyoo.co\/blog\/agri-dagi-ve-cevresindeki-kamp-alanlari\/\",\"name\":\"A\u011fr\u0131 Da\u011f\u0131 ve \u00c7evresinde En \u0130yi 2 Kamp Alan\u0131: \u00dccretli ve \u00dccretsiz | Geziyoo\",\"isPartOf\":{\"@id\":\"https:\/\/geziyoo.co\/blog\/#website\"},\"primaryImageOfPage\":{\"@id\":\"https:\/\/geziyoo.co\/blog\/agri-dagi-ve-cevresindeki-kamp-alanlari\/#primaryimage\"},\"image\":{\"@id\":\"https:\/\/geziyoo.co\/blog\/agri-dagi-ve-cevresindeki-kamp-alanlari\/#primaryimage\"},\"thumbnailUrl\":\"https:\/\/geziyoo.co\/blog\/wp-content\/uploads\/2024\/08\/Agri-Kamp-AlanlariDag-Evleri-ve-Bungalovlari-1-scaled-1.jpg\",\"datePublished\":\"2024-08-08T09:56:05+00:00\",\"dateModified\":\"2026-02-04T12:22:30+00:00\",\"description\":\"T\u00fcrkiye'nin zirvesi A\u011fr\u0131 Da\u011f\u0131'nda da\u011fc\u0131lar\u0131n \u00fcss\u00fc 3.200 (Ye\u015fil) Kamp, zorlu 4.200 Kamp\u0131 ve da\u011f\u0131n en iyi izlendi\u011fi \u0130shak Pa\u015fa Saray\u0131 \u00e7evresi dahil 4 kamp alan\u0131n\u0131 listeledik.\",\"breadcrumb\":{\"@id\":\"https:\/\/geziyoo.co\/blog\/agri-dagi-ve-cevresindeki-kamp-alanlari\/#breadcrumb\"},\"inLanguage\":\"tr\",\"potentialAction\":[{\"@type\":\"ReadAction\",\"target\":[\"https:\/\/geziyoo.co\/blog\/agri-dagi-ve-cevresindeki-kamp-alanlari\/\"]}]},{\"@type\":\"ImageObject\",\"inLanguage\":\"tr\",\"@id\":\"https:\/\/geziyoo.co\/blog\/agri-dagi-ve-cevresindeki-kamp-alanlari\/#primaryimage\",\"url\":\"https:\/\/geziyoo.co\/blog\/wp-content\/uploads\/2024\/08\/Agri-Kamp-AlanlariDag-Evleri-ve-Bungalovlari-1-scaled-1.jpg\",\"contentUrl\":\"https:\/\/geziyoo.co\/blog\/wp-content\/uploads\/2024\/08\/Agri-Kamp-AlanlariDag-Evleri-ve-Bungalovlari-1-scaled-1.jpg\",\"width\":1200,\"height\":675},{\"@type\":\"BreadcrumbList\",\"@id\":\"https:\/\/geziyoo.co\/blog\/agri-dagi-ve-cevresindeki-kamp-alanlari\/#breadcrumb\",\"itemListElement\":[{\"@type\":\"ListItem\",\"position\":1,\"name\":\"Ana sayfa\",\"item\":\"https:\/\/geziyoo.co\/blog\/\"},{\"@type\":\"ListItem\",\"position\":2,\"name\":\"A\u011fr\u0131 Da\u011f\u0131 Zirve Rotas\u0131 ve \u00c7evresi 4 Stratejik Kamp Noktas\u0131\"}]},{\"@type\":\"WebSite\",\"@id\":\"https:\/\/geziyoo.co\/blog\/#website\",\"url\":\"https:\/\/geziyoo.co\/blog\/\",\"name\":\"Geziyoo Blog\",\"description\":\"GeziYoo Blog&#039;da T\u00fcrkiye&#039;nin en iyi kamp alanlar\u0131ndan bungalov tatillerine, karavan ipu\u00e7lar\u0131ndan gezi rehberlerine kadar her t\u00fcrl\u00fc do\u011fa deneyimini ke\u015ffedin.\",\"publisher\":{\"@id\":\"https:\/\/geziyoo.co\/blog\/#organization\"},\"potentialAction\":[{\"@type\":\"SearchAction\",\"target\":{\"@type\":\"EntryPoint\",\"urlTemplate\":\"https:\/\/geziyoo.co\/blog\/?s={search_term_string}\"},\"query-input\":{\"@type\":\"PropertyValueSpecification\",\"valueRequired\":true,\"valueName\":\"search_term_string\"}}],\"inLanguage\":\"tr\"},{\"@type\":\"Organization\",\"@id\":\"https:\/\/geziyoo.co\/blog\/#organization\",\"name\":\"Geziyoo.co\",\"url\":\"https:\/\/geziyoo.co\/blog\/\",\"logo\":{\"@type\":\"ImageObject\",\"inLanguage\":\"tr\",\"@id\":\"https:\/\/geziyoo.co\/blog\/#\/schema\/logo\/image\/\",\"url\":\"https:\/\/geziyoo.co\/blog\/wp-content\/uploads\/2025\/01\/Paragraf-metniniz-3.png\",\"contentUrl\":\"https:\/\/geziyoo.co\/blog\/wp-content\/uploads\/2025\/01\/Paragraf-metniniz-3.png\",\"width\":270,\"height\":50,\"caption\":\"Geziyoo.co\"},\"image\":{\"@id\":\"https:\/\/geziyoo.co\/blog\/#\/schema\/logo\/image\/\"},\"sameAs\":[\"https:\/\/www.facebook.com\/Geziyooco\",\"https:\/\/x.com\/geziyoo\",\"https:\/\/tr.pinterest.com\/geziyooco\/\",\"https:\/\/www.youtube.com\/@geziyoo\",\"https:\/\/www.instagram.com\/geziyoo.co\/\"]},{\"@type\":\"Person\",\"@id\":\"https:\/\/geziyoo.co\/blog\/#\/schema\/person\/032acb2436540ed14784e7d978aef0e4\",\"name\":\"Geziyoo\",\"image\":{\"@type\":\"ImageObject\",\"inLanguage\":\"tr\",\"@id\":\"https:\/\/geziyoo.co\/blog\/#\/schema\/person\/image\/\",\"url\":\"https:\/\/secure.gravatar.com\/avatar\/ae212a4514471fdb8cab6e5af4f3c99b940a2d0a16713ea0392c8d7c8a64f30a?s=96&d=mm&r=g\",\"contentUrl\":\"https:\/\/secure.gravatar.com\/avatar\/ae212a4514471fdb8cab6e5af4f3c99b940a2d0a16713ea0392c8d7c8a64f30a?s=96&d=mm&r=g\",\"caption\":\"Geziyoo\"},\"description\":\"Do\u011fa ile i\u00e7 i\u00e7e olabilece\u011finiz yerler,do\u011fa aktivite alanlar\u0131,kamp alanlar\u0131,bungalov oteller,Tiny House Oteller, Galampingler ve da\u011f evlerinin herkes i\u00e7in ula\u015f\u0131labilir olmas\u0131n\u0131 sa\u011flamak amac\u0131yla Geziyoo\u2019ya 2019 y\u0131l\u0131nda ba\u015flad\u0131k.Do\u011fal Tatil konseptini uygulayan en geni\u015f kapsaml\u0131 sitedir.\",\"sameAs\":[\"https:\/\/geziyoo.co\/\",\"https:\/\/www.facebook.com\/geziyoo.co\",\"https:\/\/www.instagram.com\/geziyoo.co\/\",\"https:\/\/tr.pinterest.com\/geziyooco\/\",\"https:\/\/x.com\/https:\/\/twitter.com\/geziyoo\",\"https:\/\/www.youtube.com\/channel\/UCdiSMa6pe17KEY7DP1Ug4ag\"]}]}<\/script>\n<!-- \/ Yoast SEO plugin. -->","yoast_head_json":{"title":"A\u011fr\u0131 Da\u011f\u0131 ve \u00c7evresinde En \u0130yi 2 Kamp Alan\u0131: \u00dccretli ve \u00dccretsiz | Geziyoo","description":"T\u00fcrkiye'nin zirvesi A\u011fr\u0131 Da\u011f\u0131'nda da\u011fc\u0131lar\u0131n \u00fcss\u00fc 3.200 (Ye\u015fil) Kamp, zorlu 4.200 Kamp\u0131 ve da\u011f\u0131n en iyi izlendi\u011fi \u0130shak Pa\u015fa Saray\u0131 \u00e7evresi dahil 4 kamp alan\u0131n\u0131 listeledik.","robots":{"index":"index","follow":"follow","max-snippet":"max-snippet:-1","max-image-preview":"max-image-preview:large","max-video-preview":"max-video-preview:-1"},"canonical":"https:\/\/geziyoo.co\/blog\/agri-dagi-ve-cevresindeki-kamp-alanlari\/","og_locale":"tr_TR","og_type":"article","og_title":"A\u011fr\u0131 Da\u011f\u0131 ve \u00c7evresinde En \u0130yi 2 Kamp Alan\u0131: \u00dccretli ve \u00dccretsiz | Geziyoo","og_description":"T\u00fcrkiye'nin zirvesi A\u011fr\u0131 Da\u011f\u0131'nda da\u011fc\u0131lar\u0131n \u00fcss\u00fc 3.200 (Ye\u015fil) Kamp, zorlu 4.200 Kamp\u0131 ve da\u011f\u0131n en iyi izlendi\u011fi \u0130shak Pa\u015fa Saray\u0131 \u00e7evresi dahil 4 kamp alan\u0131n\u0131 listeledik.","og_url":"https:\/\/geziyoo.co\/blog\/agri-dagi-ve-cevresindeki-kamp-alanlari\/","og_site_name":"Geziyoo.co","article_publisher":"https:\/\/www.facebook.com\/Geziyooco","article_author":"https:\/\/www.facebook.com\/geziyoo.co","article_published_time":"2024-08-08T09:56:05+00:00","article_modified_time":"2026-02-04T12:22:30+00:00","og_image":[{"width":1200,"height":675,"url":"https:\/\/geziyoo.co\/blog\/wp-content\/uploads\/2024\/08\/Agri-Kamp-AlanlariDag-Evleri-ve-Bungalovlari-1-scaled-1.jpg","type":"image\/jpeg"}],"author":"Geziyoo","twitter_card":"summary_large_image","twitter_creator":"@https:\/\/twitter.com\/geziyoo","twitter_site":"@geziyoo","twitter_misc":{"Yazan:":"Geziyoo","Tahmini okuma s\u00fcresi":"6 dakika"},"schema":{"@context":"https:\/\/schema.org","@graph":[{"@type":"Article","@id":"https:\/\/geziyoo.co\/blog\/agri-dagi-ve-cevresindeki-kamp-alanlari\/#article","isPartOf":{"@id":"https:\/\/geziyoo.co\/blog\/agri-dagi-ve-cevresindeki-kamp-alanlari\/"},"author":{"name":"Geziyoo","@id":"https:\/\/geziyoo.co\/blog\/#\/schema\/person\/032acb2436540ed14784e7d978aef0e4"},"headline":"A\u011fr\u0131 Da\u011f\u0131 Zirve Rotas\u0131 ve \u00c7evresi 4 Stratejik Kamp Noktas\u0131","datePublished":"2024-08-08T09:56:05+00:00","dateModified":"2026-02-04T12:22:30+00:00","mainEntityOfPage":{"@id":"https:\/\/geziyoo.co\/blog\/agri-dagi-ve-cevresindeki-kamp-alanlari\/"},"wordCount":1186,"commentCount":0,"publisher":{"@id":"https:\/\/geziyoo.co\/blog\/#organization"},"image":{"@id":"https:\/\/geziyoo.co\/blog\/agri-dagi-ve-cevresindeki-kamp-alanlari\/#primaryimage"},"thumbnailUrl":"https:\/\/geziyoo.co\/blog\/wp-content\/uploads\/2024\/08\/Agri-Kamp-AlanlariDag-Evleri-ve-Bungalovlari-1-scaled-1.jpg","articleSection":["Kamp","Kamp Alanlar\u0131"],"inLanguage":"tr","potentialAction":[{"@type":"CommentAction","name":"Comment","target":["https:\/\/geziyoo.co\/blog\/agri-dagi-ve-cevresindeki-kamp-alanlari\/#respond"]}]},{"@type":"WebPage","@id":"https:\/\/geziyoo.co\/blog\/agri-dagi-ve-cevresindeki-kamp-alanlari\/","url":"https:\/\/geziyoo.co\/blog\/agri-dagi-ve-cevresindeki-kamp-alanlari\/","name":"A\u011fr\u0131 Da\u011f\u0131 ve \u00c7evresinde En \u0130yi 2 Kamp Alan\u0131: \u00dccretli ve \u00dccretsiz | Geziyoo","isPartOf":{"@id":"https:\/\/geziyoo.co\/blog\/#website"},"primaryImageOfPage":{"@id":"https:\/\/geziyoo.co\/blog\/agri-dagi-ve-cevresindeki-kamp-alanlari\/#primaryimage"},"image":{"@id":"https:\/\/geziyoo.co\/blog\/agri-dagi-ve-cevresindeki-kamp-alanlari\/#primaryimage"},"thumbnailUrl":"https:\/\/geziyoo.co\/blog\/wp-content\/uploads\/2024\/08\/Agri-Kamp-AlanlariDag-Evleri-ve-Bungalovlari-1-scaled-1.jpg","datePublished":"2024-08-08T09:56:05+00:00","dateModified":"2026-02-04T12:22:30+00:00","description":"T\u00fcrkiye'nin zirvesi A\u011fr\u0131 Da\u011f\u0131'nda da\u011fc\u0131lar\u0131n \u00fcss\u00fc 3.200 (Ye\u015fil) Kamp, zorlu 4.200 Kamp\u0131 ve da\u011f\u0131n en iyi izlendi\u011fi \u0130shak Pa\u015fa Saray\u0131 \u00e7evresi dahil 4 kamp alan\u0131n\u0131 listeledik.","breadcrumb":{"@id":"https:\/\/geziyoo.co\/blog\/agri-dagi-ve-cevresindeki-kamp-alanlari\/#breadcrumb"},"inLanguage":"tr","potentialAction":[{"@type":"ReadAction","target":["https:\/\/geziyoo.co\/blog\/agri-dagi-ve-cevresindeki-kamp-alanlari\/"]}]},{"@type":"ImageObject","inLanguage":"tr","@id":"https:\/\/geziyoo.co\/blog\/agri-dagi-ve-cevresindeki-kamp-alanlari\/#primaryimage","url":"https:\/\/geziyoo.co\/blog\/wp-content\/uploads\/2024\/08\/Agri-Kamp-AlanlariDag-Evleri-ve-Bungalovlari-1-scaled-1.jpg","contentUrl":"https:\/\/geziyoo.co\/blog\/wp-content\/uploads\/2024\/08\/Agri-Kamp-AlanlariDag-Evleri-ve-Bungalovlari-1-scaled-1.jpg","width":1200,"height":675},{"@type":"BreadcrumbList","@id":"https:\/\/geziyoo.co\/blog\/agri-dagi-ve-cevresindeki-kamp-alanlari\/#breadcrumb","itemListElement":[{"@type":"ListItem","position":1,"name":"Ana sayfa","item":"https:\/\/geziyoo.co\/blog\/"},{"@type":"ListItem","position":2,"name":"A\u011fr\u0131 Da\u011f\u0131 Zirve Rotas\u0131 ve \u00c7evresi 4 Stratejik Kamp Noktas\u0131"}]},{"@type":"WebSite","@id":"https:\/\/geziyoo.co\/blog\/#website","url":"https:\/\/geziyoo.co\/blog\/","name":"Geziyoo Blog","description":"GeziYoo Blog&#039;da T\u00fcrkiye&#039;nin en iyi kamp alanlar\u0131ndan bungalov tatillerine, karavan ipu\u00e7lar\u0131ndan gezi rehberlerine kadar her t\u00fcrl\u00fc do\u011fa deneyimini ke\u015ffedin.","publisher":{"@id":"https:\/\/geziyoo.co\/blog\/#organization"},"potentialAction":[{"@type":"SearchAction","target":{"@type":"EntryPoint","urlTemplate":"https:\/\/geziyoo.co\/blog\/?s={search_term_string}"},"query-input":{"@type":"PropertyValueSpecification","valueRequired":true,"valueName":"search_term_string"}}],"inLanguage":"tr"},{"@type":"Organization","@id":"https:\/\/geziyoo.co\/blog\/#organization","name":"Geziyoo.co","url":"https:\/\/geziyoo.co\/blog\/","logo":{"@type":"ImageObject","inLanguage":"tr","@id":"https:\/\/geziyoo.co\/blog\/#\/schema\/logo\/image\/","url":"https:\/\/geziyoo.co\/blog\/wp-content\/uploads\/2025\/01\/Paragraf-metniniz-3.png","contentUrl":"https:\/\/geziyoo.co\/blog\/wp-content\/uploads\/2025\/01\/Paragraf-metniniz-3.png","width":270,"height":50,"caption":"Geziyoo.co"},"image":{"@id":"https:\/\/geziyoo.co\/blog\/#\/schema\/logo\/image\/"},"sameAs":["https:\/\/www.facebook.com\/Geziyooco","https:\/\/x.com\/geziyoo","https:\/\/tr.pinterest.com\/geziyooco\/","https:\/\/www.youtube.com\/@geziyoo","https:\/\/www.instagram.com\/geziyoo.co\/"]},{"@type":"Person","@id":"https:\/\/geziyoo.co\/blog\/#\/schema\/person\/032acb2436540ed14784e7d978aef0e4","name":"Geziyoo","image":{"@type":"ImageObject","inLanguage":"tr","@id":"https:\/\/geziyoo.co\/blog\/#\/schema\/person\/image\/","url":"https:\/\/secure.gravatar.com\/avatar\/ae212a4514471fdb8cab6e5af4f3c99b940a2d0a16713ea0392c8d7c8a64f30a?s=96&d=mm&r=g","contentUrl":"https:\/\/secure.gravatar.com\/avatar\/ae212a4514471fdb8cab6e5af4f3c99b940a2d0a16713ea0392c8d7c8a64f30a?s=96&d=mm&r=g","caption":"Geziyoo"},"description":"Do\u011fa ile i\u00e7 i\u00e7e olabilece\u011finiz yerler,do\u011fa aktivite alanlar\u0131,kamp alanlar\u0131,bungalov oteller,Tiny House Oteller, Galampingler ve da\u011f evlerinin herkes i\u00e7in ula\u015f\u0131labilir olmas\u0131n\u0131 sa\u011flamak amac\u0131yla Geziyoo\u2019ya 2019 y\u0131l\u0131nda ba\u015flad\u0131k.Do\u011fal Tatil konseptini uygulayan en geni\u015f kapsaml\u0131 sitedir.","sameAs":["https:\/\/geziyoo.co\/","https:\/\/www.facebook.com\/geziyoo.co","https:\/\/www.instagram.com\/geziyoo.co\/","https:\/\/tr.pinterest.com\/geziyooco\/","https:\/\/x.com\/https:\/\/twitter.com\/geziyoo","https:\/\/www.youtube.com\/channel\/UCdiSMa6pe17KEY7DP1Ug4ag"]}]}},"amp_enabled":true,"_links":{"self":[{"href":"https:\/\/geziyoo.co\/blog\/wp-json\/wp\/v2\/posts\/19134","targetHints":{"allow":["GET"]}}],"collection":[{"href":"https:\/\/geziyoo.co\/blog\/wp-json\/wp\/v2\/posts"}],"about":[{"href":"https:\/\/geziyoo.co\/blog\/wp-json\/wp\/v2\/types\/post"}],"author":[{"embeddable":true,"href":"https:\/\/geziyoo.co\/blog\/wp-json\/wp\/v2\/users\/1"}],"replies":[{"embeddable":true,"href":"https:\/\/geziyoo.co\/blog\/wp-json\/wp\/v2\/comments?post=19134"}],"version-history":[{"count":0,"href":"https:\/\/geziyoo.co\/blog\/wp-json\/wp\/v2\/posts\/19134\/revisions"}],"wp:featuredmedia":[{"embeddable":true,"href":"https:\/\/geziyoo.co\/blog\/wp-json\/wp\/v2\/media\/19136"}],"wp:attachment":[{"href":"https:\/\/geziyoo.co\/blog\/wp-json\/wp\/v2\/media?parent=19134"}],"wp:term":[{"taxonomy":"category","embeddable":true,"href":"https:\/\/geziyoo.co\/blog\/wp-json\/wp\/v2\/categories?post=19134"},{"taxonomy":"post_tag","embeddable":true,"href":"https:\/\/geziyoo.co\/blog\/wp-json\/wp\/v2\/tags?post=19134"}],"curies":[{"name":"wp","href":"https:\/\/api.w.org\/{rel}","templated":true}]}}