{"id":19057,"date":"2024-08-28T10:09:14","date_gmt":"2024-08-28T10:09:14","guid":{"rendered":"https:\/\/geziyoo.co\/blog\/?p=19057"},"modified":"2026-02-06T12:18:56","modified_gmt":"2026-02-06T12:18:56","slug":"edirne-gezi-rehberi","status":"publish","type":"post","link":"https:\/\/geziyoo.co\/blog\/edirne-gezi-rehberi\/","title":{"rendered":"Edirne Gezi Rehberi, Gezilecek Yerler, \u0130pu\u00e7lar\u0131 (2026 G\u00fcncel)"},"content":{"rendered":"\n<p><strong>Edirne Gezi Rehberi yaz\u0131m\u0131zdan herkese merhabalar. Bu kez yolumuz Edirne&#8217;ye d\u00fc\u015ft\u00fc. G\u00fcn\u00fcbirlik Edirne&#8217;de gezip,dola\u015ft\u0131k ve g\u00fczel bir g\u00fcn ge\u00e7irdik. Ya\u015fad\u0131\u011f\u0131m\u0131z maceralar\u0131 ve gezdi\u011fimiz yerleri de her zaman oldu\u011fu gibi yaz\u0131m\u0131zda anlatt\u0131k. Yaz\u0131m\u0131z da ilk \u00f6nce Edirne ile ilgili temel bilgileri verip, daha sonra Edirne Gezilecek Yerler ba\u015fl\u0131\u011f\u0131m\u0131za devam edece\u011fiz.<\/strong><\/p>\n\n\n\n<p>Bunlar\u0131n \u00f6ncesinde genel bir de\u011ferlendirme yapmak istedik.<em><strong> Edirne&#8217;ye beklenti i\u00e7erisinde gittik,<\/strong><\/em>&nbsp;belki bunun dezavantaj\u0131n\u0131 ya\u015fad\u0131k ve \u00e7ok be\u011fenemedik. Be\u011fenmemizin asl\u0131nda tek sebebi \u015fehrin \u00e7ok bak\u0131ms\u0131z olmas\u0131yd\u0131. Yaz\u0131m\u0131z\u0131n devam\u0131n da ayr\u0131nt\u0131lar\u0131 belirtece\u011fiz.<\/p>\n\n\n\n<p><span style=\"color: #ff6600;\"><strong>O halde fazla uzatmadan yaz\u0131m\u0131z\u0131n detaylar\u0131na ge\u00e7elim ve bakal\u0131m,Edirne&#8217;de Gezilecek Yerler Nerelermi\u015f.Yaz\u0131m\u0131zda unuttu\u011fumuz veya atlad\u0131\u011f\u0131m\u0131z yerler var ise l\u00fctfen yorumlar k\u0131sm\u0131ndan bizlerle payla\u015f\u0131n<\/strong><\/span><\/p>\n\n\n\n<hr class=\"wp-block-separator has-alpha-channel-opacity is-style-wide\"\/>\n\n\n\n<h2 class=\"wp-block-heading\"><strong>Edirne Hakk\u0131nda<\/strong><\/h2>\n\n\n\n<figure class=\"wp-block-image alignnone size-full size-large wp-image-14368\"><img decoding=\"async\" width=\"800\" height=\"400\" data-src=\"https:\/\/geziyoo.co\/blog\/wp-content\/uploads\/2024\/08\/Edirne-Gezi-Rehberi-Neler-Yapilir-Gezilecek-Yerler-2.jpg\" alt=\"Edirne Gezi Rehberi (2024 G\u00fcncel)\" class=\"wp-image-19208 lazyload\" data-srcset=\"https:\/\/geziyoo.co\/blog\/wp-content\/uploads\/2024\/08\/Edirne-Gezi-Rehberi-Neler-Yapilir-Gezilecek-Yerler-2.jpg 800w, https:\/\/geziyoo.co\/blog\/wp-content\/uploads\/2024\/08\/Edirne-Gezi-Rehberi-Neler-Yapilir-Gezilecek-Yerler-2-300x150.jpg 300w, https:\/\/geziyoo.co\/blog\/wp-content\/uploads\/2024\/08\/Edirne-Gezi-Rehberi-Neler-Yapilir-Gezilecek-Yerler-2-768x384.jpg 768w, https:\/\/geziyoo.co\/blog\/wp-content\/uploads\/2024\/08\/Edirne-Gezi-Rehberi-Neler-Yapilir-Gezilecek-Yerler-2-150x75.jpg 150w\" data-sizes=\"(max-width: 800px) 100vw, 800px\" src=\"data:image\/gif;base64,R0lGODlhAQABAAAAACH5BAEKAAEALAAAAAABAAEAAAICTAEAOw==\" style=\"--smush-placeholder-width: 800px; --smush-placeholder-aspect-ratio: 800\/400;\" \/><figcaption class=\"wp-element-caption\">Trakya \u00dcniversitesi G\u00fczel Sanatlar Fak\u00fcltesi<\/figcaption><\/figure>\n\n\n\n<p>Edirne, Marmara B\u00f6lgesi&#8217;nin Trakya Yar\u0131madas\u0131&#8217;nda yer alan, zengin tarihi ve co\u011frafi \u00f6zellikleriyle \u00f6ne \u00e7\u0131kan bir \u015fehirdir. Kuzeyinde <strong>Ist\u0131r\u0131nca Da\u011flar\u0131<\/strong>, g\u00fcneyinde <strong>Koru Da\u011flar\u0131<\/strong> ve <strong>Ege Denizi<\/strong>&#8216;nin Saroz K\u00f6rfezi, bat\u0131s\u0131nda ise <strong>Meri\u00e7 Nehri<\/strong> ile \u00e7evrilidir. Bu stratejik konumu sayesinde Edirne, hem do\u011fal g\u00fczellikler hem de tarihi zenginlikler a\u00e7\u0131s\u0131ndan olduk\u00e7a \u00f6nemlidir.<\/p>\n\n\n\n<p>Balkanlardan gelen so\u011fuk hava dalgalar\u0131 genellikle Edirne \u00fczerinden T\u00fcrkiye&#8217;ye giri\u015f yapar, bu da \u015fehrin \u00f6zellikle k\u0131\u015f aylar\u0131nda so\u011fuk hava ko\u015fullar\u0131yla tan\u0131nmas\u0131na neden olur. Ayr\u0131ca, T\u00fcrkiye genelinde yap\u0131lan se\u00e7im d\u00f6nemlerinde Edirne, &#8220;Edirne&#8217;den Kars&#8217;a&#8221; ifadesiyle s\u0131k\u00e7a an\u0131l\u0131r ve bu da \u015fehrin \u00fclke genelindeki sembolik \u00f6nemini vurgular.<\/p>\n\n\n\n<p>Edirne&#8217;nin n\u00fcfusu 185.000&#8217;dir ve bu n\u00fcfus, \u015fehrin tarihi ve k\u00fclt\u00fcrel miras\u0131yla birle\u015ferek dinamik bir ya\u015fam sunar. Osmanl\u0131 \u0130mparatorlu\u011fu&#8217;na ba\u015fkentlik yapm\u0131\u015f olan Edirne, bug\u00fcn de tarihi yap\u0131lar\u0131, k\u00f6pr\u00fcleri, camileri ve k\u00fclt\u00fcrel miras\u0131yla T\u00fcrkiye&#8217;nin en de\u011ferli \u015fehirlerinden biridir.<\/p>\n\n\n\n<ul class=\"wp-block-list\">\n<li><strong>Konum<\/strong>: Edirne, T\u00fcrkiye&#8217;nin Trakya B\u00f6lgesi&#8217;nde, Yunanistan ve Bulgaristan s\u0131n\u0131rlar\u0131na yak\u0131n bir ilidir.<\/li>\n\n\n\n<li><strong>Tarih<\/strong>: Edirne, antik \u00e7a\u011flardan bu yana yerle\u015fim g\u00f6rm\u00fc\u015f bir \u015fehir olup, Roma, Bizans ve Osmanl\u0131 \u0130mparatorluklar\u0131na ba\u015fkentlik yapm\u0131\u015ft\u0131r.<\/li>\n\n\n\n<li><strong>N\u00fcfus<\/strong>: 2023 itibar\u0131yla Edirne&#8217;nin n\u00fcfusu yakla\u015f\u0131k 185,000&#8217;dir.<\/li>\n\n\n\n<li><strong>Osmanl\u0131 \u0130mparatorlu\u011fu<\/strong>: Osmanl\u0131 \u0130mparatorlu\u011fu&#8217;nun ilk ba\u015fkenti olan Edirne, bu d\u00f6nemde \u00f6nemli bir k\u00fclt\u00fcrel ve ticaret merkeziydi.<\/li>\n\n\n\n<li><strong>Mimar Sinan<\/strong>: \u00dcnl\u00fc Osmanl\u0131 mimar\u0131 Mimar Sinan, Edirne&#8217;de bir\u00e7ok \u00f6nemli eseri in\u015fa etmi\u015ftir, en bilinen eseri Selimiye Camii&#8217;dir.<\/li>\n\n\n\n<li><strong>Selimiye Camii<\/strong>: Edirne&#8217;nin simgesi olan bu camii, 16. y\u00fczy\u0131lda in\u015fa edilmi\u015f ve UNESCO D\u00fcnya Miras\u0131 Listesi&#8217;nde yer almaktad\u0131r.<\/li>\n\n\n\n<li><strong>Tarihi K\u00f6pr\u00fcler<\/strong>: Edirne, tarihi k\u00f6pr\u00fcleriyle \u00fcnl\u00fcd\u00fcr. Bunlar aras\u0131nda Muradiye K\u00f6pr\u00fcs\u00fc, Tunca K\u00f6pr\u00fcs\u00fc ve Sa\u011flamk\u00f6y K\u00f6pr\u00fcs\u00fc bulunmaktad\u0131r.<\/li>\n\n\n\n<li><strong>Edirne Usul\u00fc Kebab\u0131<\/strong>: \u015eehir, \u00fcnl\u00fc Edirne Usul\u00fc Kebab\u0131 ile bilinir. Bu kebap, farkl\u0131 bir pi\u015firme tekni\u011fi ve \u00f6zel baharatlar\u0131yla tan\u0131n\u0131r.<\/li>\n\n\n\n<li><strong>Osmanl\u0131 Saray\u0131<\/strong>: Edirne, Osmanl\u0131 d\u00f6neminde saraylarla dolu bir \u015fehir olup, saraylar\u0131n kal\u0131nt\u0131lar\u0131 g\u00fcn\u00fcm\u00fczde turistlerin ilgisini \u00e7ekmektedir.<\/li>\n\n\n\n<li><strong>Edirne&#8217;nin \u00c7\u00f6mlek\u00e7ili\u011fi<\/strong>: \u015eehir, geleneksel \u00e7\u00f6mlek\u00e7ilik sanat\u0131nda da \u00fcnl\u00fcd\u00fcr ve bu geleneksel sanat h\u00e2l\u00e2 ya\u015fat\u0131lmaktad\u0131r.<\/li>\n\n\n\n<li><strong>\u015ea\u015f\u0131rt\u0131c\u0131 Bilgi<\/strong>: Edirne, ayn\u0131 zamanda Osmanl\u0131 \u0130mparatorlu\u011fu\u2019nun ilk Avrupa&#8217;daki ba\u015fkenti olma \u00f6zelli\u011fine sahiptir.<\/li>\n\n\n\n<li><strong>K\u0131\u015f Festivali<\/strong>: Edirne, her y\u0131l &#8220;Edirne K\u0131\u015f Festivali&#8221;ne ev sahipli\u011fi yapar ve bu etkinlik, \u00e7e\u015fitli k\u00fclt\u00fcrel aktiviteler ve geleneksel yemeklerle doludur.<\/li>\n<\/ul>\n\n\n\n<hr class=\"wp-block-separator has-alpha-channel-opacity is-style-wide\"\/>\n\n\n\n<h2 class=\"wp-block-heading\">Edirne Tarihi<\/h2>\n\n\n\n<figure class=\"wp-block-image size-full\"><img decoding=\"async\" width=\"800\" height=\"416\" data-src=\"https:\/\/geziyoo.co\/blog\/wp-content\/uploads\/2024\/08\/Edirne-Gezi-Rehberi-Neler-Yapilir-Gezilecek-Yerler-10.jpg\" alt=\"Edirne Gezi Rehberi (2024 G\u00fcncel)\" class=\"wp-image-19209 lazyload\" data-srcset=\"https:\/\/geziyoo.co\/blog\/wp-content\/uploads\/2024\/08\/Edirne-Gezi-Rehberi-Neler-Yapilir-Gezilecek-Yerler-10.jpg 800w, https:\/\/geziyoo.co\/blog\/wp-content\/uploads\/2024\/08\/Edirne-Gezi-Rehberi-Neler-Yapilir-Gezilecek-Yerler-10-300x156.jpg 300w, https:\/\/geziyoo.co\/blog\/wp-content\/uploads\/2024\/08\/Edirne-Gezi-Rehberi-Neler-Yapilir-Gezilecek-Yerler-10-768x399.jpg 768w, https:\/\/geziyoo.co\/blog\/wp-content\/uploads\/2024\/08\/Edirne-Gezi-Rehberi-Neler-Yapilir-Gezilecek-Yerler-10-150x78.jpg 150w\" data-sizes=\"(max-width: 800px) 100vw, 800px\" src=\"data:image\/gif;base64,R0lGODlhAQABAAAAACH5BAEKAAEALAAAAAABAAEAAAICTAEAOw==\" style=\"--smush-placeholder-width: 800px; --smush-placeholder-aspect-ratio: 800\/416;\" \/><\/figure>\n\n\n\n<p><strong>Edirne<\/strong>, sadece bir \u015fehir de\u011fil, ayn\u0131 zamanda bir zaman makinesi. Her k\u00f6\u015fesi, her ta\u015f\u0131, size farkl\u0131 bir hikayeyi f\u0131s\u0131ld\u0131yor. Bu \u015fehirde y\u00fcr\u00fcrken, kendinizi bir anda Osmanl\u0131 saraylar\u0131nda buluveriyorsunuz, ya da antik \u00e7a\u011f\u0131n izlerini s\u00fcr\u00fcyorsunuz. \u015eimdi, gelin birlikte Edirne&#8217;nin gizemli tarihine do\u011fru k\u00fc\u00e7\u00fck bir yolculu\u011fa \u00e7\u0131kal\u0131m.<\/p>\n\n\n\n<h3 class=\"wp-block-heading\">Bir \u0130mparatorun \u0130zleri: Hadrianopolis<\/h3>\n\n\n\n<p>Edirne&#8217;nin ad\u0131, bug\u00fcn bildi\u011fimiz gibi olmasa da, tarihin \u00e7ok daha eski d\u00f6nemlerine uzan\u0131yor. Roma \u0130mparatoru Hadrianus, buraya geldi\u011finde \u015fehri yeniden yap\u0131land\u0131rm\u0131\u015f ve kendi ad\u0131n\u0131 vermi\u015f: <strong>Hadrianopolis<\/strong>. \u0130\u015fte size ilk \u015fa\u015f\u0131rt\u0131c\u0131 bilgi: Edirne&#8217;nin temelleri, Roma \u0130mparatorlu\u011fu d\u00f6nemine dayan\u0131yor!<\/p>\n\n\n\n<h3 class=\"wp-block-heading\">Osmanl\u0131&#8217;n\u0131n Kalbi: Padi\u015fahlar \u015eehri<\/h3>\n\n\n\n<p>Edirne, sadece bir \u015fehir de\u011fil, bir d\u00f6nem Osmanl\u0131 \u0130mparatorlu\u011fu&#8217;nun kalbiydi. \u0130stanbul&#8217;un fethine kadar 88 y\u0131l boyunca ba\u015fkentlik yapan \u015fehir, o d\u00f6nemde g\u00f6rkemli mimarisi ve zengin k\u00fclt\u00fcr\u00fcyle biliniyordu. Selimiye Camii, bu d\u00f6nemin en \u00f6nemli miras\u0131 olarak g\u00fcn\u00fcm\u00fcze kadar ula\u015ft\u0131. Peki, biliyor musunuz? Selimiye Camii, sadece bir cami de\u011fil, ayn\u0131 zamanda bir astronomi g\u00f6zlemeviydi! Mimar Sinan, bu camiyi yaparken o kadar ince hesaplamalar yapm\u0131\u015f ki, kubbesi tam olarak d\u00fcnyan\u0131n merkezine denk gelecek \u015fekilde tasarlanm\u0131\u015f.<\/p>\n\n\n\n<h3 class=\"wp-block-heading\">Gizli Ge\u00e7itler ve Yeralt\u0131 \u015eehirleri<\/h3>\n\n\n\n<p>Edirne&#8217;nin tarihi sokaklar\u0131nda y\u00fcr\u00fcrken, ayaklar\u0131n\u0131z\u0131n alt\u0131nda neler oldu\u011funa dair hi\u00e7bir fikriniz olmayabilir. \u00c7\u00fcnk\u00fc \u015fehir, yeralt\u0131 s\u0131rlar\u0131yla dolu. Rivayetlere g\u00f6re, eski hanlar\u0131n ve camilerin alt\u0131nda gizli ge\u00e7itler ve hatta yeralt\u0131 \u015fehirleri bulunuyor. Bu ge\u00e7itlerin, ka\u00e7\u0131\u015f yollar\u0131 veya hazine saklama yerleri oldu\u011fu d\u00fc\u015f\u00fcn\u00fcl\u00fcyor. Kim bilir, belki bir g\u00fcn bu s\u0131rlar\u0131n \u00e7\u00f6z\u00fclece\u011fi ve Edirne&#8217;nin alt\u0131nda bamba\u015fka bir d\u00fcnya ortaya \u00e7\u0131kacak.<\/p>\n\n\n\n<h3 class=\"wp-block-heading\">Edirne&#8217;nin S\u0131rlar\u0131 Hen\u00fcz \u00c7\u00f6z\u00fclmedi<\/h3>\n\n\n\n<p>Edirne, y\u00fczy\u0131llar boyunca bir\u00e7ok medeniyete ev sahipli\u011fi yapm\u0131\u015f ve her birinden izler ta\u015f\u0131yor. Bu zengin tarih, hala ke\u015ffedilmeyi bekleyen bir\u00e7ok s\u0131rr\u0131 bar\u0131nd\u0131r\u0131yor. Kaz\u0131lar s\u0131ras\u0131nda ortaya \u00e7\u0131kan eserler, tarihin sayfalar\u0131n\u0131 yeniden yazmaya devam ediyor. Belki de bir g\u00fcn, Edirne&#8217;de y\u00fcr\u00fcrken, tesad\u00fcfen tarihin en \u00f6nemli ke\u015fiflerinden birine imza atabilirsiniz.<\/p>\n\n\n\n<p>Edirne, sadece tarihi yap\u0131lar\u0131yla de\u011fil, ayn\u0131 zamanda ya\u015fayan bir \u015fehir. Gelenekleri, k\u00fclt\u00fcrleri ve lezzetleriyle sizi kendine \u00e7ekecek bu \u015fehirde, hem ge\u00e7mi\u015fe yolculuk yapacak hem de g\u00fcn\u00fcm\u00fcz\u00fcn tad\u0131n\u0131 \u00e7\u0131karabileceksiniz.<\/p>\n\n\n\n<p><strong>Peki, siz Edirne hakk\u0131nda neler biliyorsunuz? Hangi gizemli hikayeleri duydunuz?<\/strong><\/p>\n\n\n\n<hr class=\"wp-block-separator has-alpha-channel-opacity is-style-wide\"\/>\n\n\n\n<h2 class=\"wp-block-heading\">Edirne&#8217;ye Nas\u0131l Gidilir?<\/h2>\n\n\n\n<figure class=\"wp-block-image size-full\"><img decoding=\"async\" width=\"800\" height=\"533\" data-src=\"https:\/\/geziyoo.co\/blog\/wp-content\/uploads\/2024\/08\/Edirne-Gezi-Rehberi-Neler-Yapilir-Gezilecek-Yerler-1.jpg\" alt=\"\" class=\"wp-image-19210 lazyload\" data-srcset=\"https:\/\/geziyoo.co\/blog\/wp-content\/uploads\/2024\/08\/Edirne-Gezi-Rehberi-Neler-Yapilir-Gezilecek-Yerler-1.jpg 800w, https:\/\/geziyoo.co\/blog\/wp-content\/uploads\/2024\/08\/Edirne-Gezi-Rehberi-Neler-Yapilir-Gezilecek-Yerler-1-300x200.jpg 300w, https:\/\/geziyoo.co\/blog\/wp-content\/uploads\/2024\/08\/Edirne-Gezi-Rehberi-Neler-Yapilir-Gezilecek-Yerler-1-768x512.jpg 768w, https:\/\/geziyoo.co\/blog\/wp-content\/uploads\/2024\/08\/Edirne-Gezi-Rehberi-Neler-Yapilir-Gezilecek-Yerler-1-150x100.jpg 150w\" data-sizes=\"(max-width: 800px) 100vw, 800px\" src=\"data:image\/gif;base64,R0lGODlhAQABAAAAACH5BAEKAAEALAAAAAABAAEAAAICTAEAOw==\" style=\"--smush-placeholder-width: 800px; --smush-placeholder-aspect-ratio: 800\/533;\" \/><\/figure>\n\n\n\n<p>T\u00fcrkiye&#8217;nin Avrupa&#8217;ya a\u00e7\u0131lan kap\u0131s\u0131 konumundaki Edirne, tarihi ve k\u00fclt\u00fcrel zenginlikleriyle ziyaret\u00e7ilerini b\u00fcy\u00fclemektedir. Bu e\u015fsiz \u015fehre ula\u015f\u0131m olduk\u00e7a kolayd\u0131r ve farkl\u0131 se\u00e7enekler sunulmaktad\u0131r. \u0130\u015fte Edirne&#8217;ye ula\u015f\u0131m detaylar\u0131yla ilgili kapsaml\u0131 bir makale:<\/p>\n\n\n\n<h3 class=\"wp-block-heading\">Kara Yoluyla Edirne&#8217;ye Ula\u015f\u0131m<\/h3>\n\n\n\n<p>Edirne&#8217;ye ula\u015fman\u0131n en yayg\u0131n ve pratik yolu karayoludur. <strong>TEM otoyolu<\/strong> ve <strong>E5 (D100) karayolu<\/strong> gibi \u00f6nemli uluslararas\u0131 yollara sahip olan \u015fehir, \u0130stanbul ba\u015fta olmak \u00fczere bir\u00e7ok il merkezine karayoluyla kolayca ula\u015f\u0131m imkan\u0131 sunmaktad\u0131r.<\/p>\n\n\n\n<ul class=\"wp-block-list\">\n<li><strong>\u00d6zel Ara\u00e7la Seyahat:<\/strong> \u00d6zel arac\u0131n\u0131zla Edirne&#8217;ye seyahat etmek isteyenler i\u00e7in yolculuk s\u00fcresi yakla\u015f\u0131k 6-7 saattir. Ankara, \u0130stanbul ve Trakya yollar\u0131n\u0131n \u00fccretsiz olmas\u0131, seyahati daha ekonomik hale getirmektedir.<\/li>\n\n\n\n<li><strong>Otob\u00fcsle Seyahat:<\/strong> Bir\u00e7ok otob\u00fcs firmas\u0131, \u0130stanbul, Ankara, \u0130zmir gibi b\u00fcy\u00fck \u015fehirlerden Edirne&#8217;ye d\u00fczenli seferler d\u00fczenlemektedir. Bu sayede konforlu ve ekonomik bir \u015fekilde Edirne&#8217;ye ula\u015fabilirsiniz. Otob\u00fcs seferleri genellikle gece ve g\u00fcnd\u00fcz olmak \u00fczere farkl\u0131 saatlerde yap\u0131lmaktad\u0131r.<\/li>\n<\/ul>\n\n\n\n<h3 class=\"wp-block-heading\">Demiryoluyla Edirne&#8217;ye Ula\u015f\u0131m<\/h3>\n\n\n\n<p>Asya ve Avrupa&#8217;y\u0131 birbirine ba\u011flayan \u00f6nemli bir g\u00fczergah \u00fczerinde bulunan Edirne, demiryolu ula\u015f\u0131m\u0131nda da \u00f6nemli bir konuma sahiptir. Yak\u0131n gelecekte Edirne&#8217;ye h\u0131zl\u0131 tren seferlerinin ba\u015flamas\u0131 beklenmektedir.<\/p>\n\n\n\n<h3 class=\"wp-block-heading\">Havayoluyla Edirne&#8217;ye Ula\u015f\u0131m<\/h3>\n\n\n\n<p>Edirne&#8217;nin kendi havaliman\u0131 bulunmamaktad\u0131r. En yak\u0131n havaalan\u0131, Tekirda\u011f&#8217;\u0131n \u00c7orlu il\u00e7esinde yer alan <strong>\u00c7orlu Havaliman\u0131<\/strong>&#8216;d\u0131r. Ancak bu havaalan\u0131ndan d\u00fczenli seferler bulunmamaktad\u0131r. Bu nedenle havayoluyla Edirne&#8217;ye ula\u015fmak isteyenler, \u0130stanbul Havaliman\u0131 veya ba\u015fka bir yak\u0131n havaalan\u0131n\u0131 kullanarak daha sonra kara yolu veya otob\u00fcs ile Edirne&#8217;ye ula\u015fabilirler.<\/p>\n\n\n\n<h3 class=\"wp-block-heading\">Edirne \u0130\u00e7erisinde Ula\u015f\u0131m<\/h3>\n\n\n\n<p>Edirne&#8217;de \u015fehir i\u00e7i ula\u015f\u0131m i\u00e7in otob\u00fcs, dolmu\u015f ve taksi gibi se\u00e7enekler bulunmaktad\u0131r. \u00d6zellikle \u015fehir merkezinde toplu ta\u015f\u0131ma ara\u00e7lar\u0131 olduk\u00e7a s\u0131k sefer yapmaktad\u0131r. Ayr\u0131ca, Edirne&#8217;nin tarihi dokusunu ke\u015ffetmek i\u00e7in y\u00fcr\u00fcy\u00fc\u015f yapmak da keyifli bir se\u00e7enektir.<\/p>\n\n\n\n<h3 class=\"wp-block-heading\">Edirne&#8217;ye Ula\u015f\u0131m \u0130pu\u00e7lar\u0131<\/h3>\n\n\n\n<ul class=\"wp-block-list\">\n<li><strong>Seyahat D\u00f6nemi:<\/strong> Edirne&#8217;yi ziyaret etmek i\u00e7in en uygun d\u00f6nem ilkbahar ve sonbahard\u0131r. Bu d\u00f6nemlerde hava s\u0131cakl\u0131\u011f\u0131 daha \u0131l\u0131mand\u0131r ve tarihi mekanlar\u0131 gezmek i\u00e7in daha uygundur.<\/li>\n\n\n\n<li><strong>Konaklama:<\/strong> Edirne&#8217;de her b\u00fct\u00e7eye uygun konaklama se\u00e7enekleri bulunmaktad\u0131r. Tarihi hanlar, butik oteller veya modern otellerden birini tercih edebilirsiniz.<\/li>\n\n\n\n<li><strong>G\u00f6r\u00fclecek Yerler:<\/strong> Edirne&#8217;de Selimiye Camii, S\u00fcleymaniye Camii, Eski Cami, Sara\u00e7lar \u00c7ar\u015f\u0131s\u0131, Tunca Nehri gibi bir\u00e7ok tarihi ve k\u00fclt\u00fcrel mekan\u0131 ziyaret edebilirsiniz.<\/li>\n<\/ul>\n\n\n\n<p>Edirne&#8217;ye ula\u015f\u0131m\u0131n bu kadar kolay olmas\u0131, tarihi ve k\u00fclt\u00fcrel zenginlikleriyle birlikte \u015fehrin cazibesini daha da art\u0131rmaktad\u0131r. Siz de bu e\u015fsiz \u015fehri ke\u015ffetmek i\u00e7in hemen planlar\u0131n\u0131z\u0131 yapmaya ba\u015flayabilirsiniz.<\/p>\n\n\n\n<hr class=\"wp-block-separator has-alpha-channel-opacity is-style-wide\"\/>\n\n\n\n<h2 class=\"wp-block-heading\">Edirne&#8217;de Ne Yenir?<\/h2>\n\n\n\n<figure class=\"wp-block-image size-full\"><img decoding=\"async\" width=\"864\" height=\"486\" data-src=\"https:\/\/geziyoo.co\/blog\/wp-content\/uploads\/2024\/08\/edirne-tava-cigeri.jpg\" alt=\"\" class=\"wp-image-19213 lazyload\" data-srcset=\"https:\/\/geziyoo.co\/blog\/wp-content\/uploads\/2024\/08\/edirne-tava-cigeri.jpg 864w, https:\/\/geziyoo.co\/blog\/wp-content\/uploads\/2024\/08\/edirne-tava-cigeri-300x169.jpg 300w, https:\/\/geziyoo.co\/blog\/wp-content\/uploads\/2024\/08\/edirne-tava-cigeri-768x432.jpg 768w, https:\/\/geziyoo.co\/blog\/wp-content\/uploads\/2024\/08\/edirne-tava-cigeri-390x220.jpg 390w, https:\/\/geziyoo.co\/blog\/wp-content\/uploads\/2024\/08\/edirne-tava-cigeri-150x84.jpg 150w\" data-sizes=\"(max-width: 864px) 100vw, 864px\" src=\"data:image\/gif;base64,R0lGODlhAQABAAAAACH5BAEKAAEALAAAAAABAAEAAAICTAEAOw==\" style=\"--smush-placeholder-width: 864px; --smush-placeholder-aspect-ratio: 864\/486;\" \/><\/figure>\n\n\n\n<p>Edirne, sadece tarihi ve k\u00fclt\u00fcrel zenginlikleriyle de\u011fil, ayn\u0131 zamanda e\u015fsiz lezzetleriyle de ziyaret\u00e7ilerini b\u00fcy\u00fclemektedir. Osmanl\u0131 \u0130mparatorlu\u011fu&#8217;nun ikinci ba\u015fkenti olan \u015fehir, y\u00fczy\u0131llar boyunca farkl\u0131 k\u00fclt\u00fcrlerin etkisi alt\u0131nda kalarak zengin bir mutfak miras\u0131na sahip olmu\u015ftur. Bu makalede, Edirne&#8217;de mutlaka tatman\u0131z gereken yerel lezzetleri, bu lezzetleri sunan pop\u00fcler restoranlar\u0131 ve ileti\u015fim bilgilerini bulabilirsiniz.<\/p>\n\n\n\n<h3 class=\"wp-block-heading\">Edirne&#8217;nin Vazge\u00e7ilmez Lezzetleri<\/h3>\n\n\n\n<p>Edirne mutfa\u011f\u0131, a\u011f\u0131rl\u0131kl\u0131 olarak et ve s\u00fct \u00fcr\u00fcnlerine dayanmaktad\u0131r. \u015eehrin en me\u015fhur lezzetlerinden baz\u0131lar\u0131 \u015funlard\u0131r:<\/p>\n\n\n\n<ul class=\"wp-block-list\">\n<li><strong>Tava Ci\u011feri:<\/strong> \u0130nce ince do\u011franm\u0131\u015f ci\u011ferin una bulanarak k\u0131zart\u0131lmas\u0131yla haz\u0131rlanan tava ci\u011feri, Edirne&#8217;ye \u00f6zg\u00fc bir lezzettir.<\/li>\n\n\n\n<li><strong>Edirne K\u00f6ftesi:<\/strong> K\u0131yma, sebze ve baharatlarla haz\u0131rlanan Edirne k\u00f6ftesi, genellikle yar\u0131m ekmek i\u00e7inde servis edilir.<\/li>\n\n\n\n<li><strong>Mutancana:<\/strong> Kuzu eti, kuru kay\u0131s\u0131, kuru \u00fcz\u00fcm ve kuru erikle haz\u0131rlanan mutancana, Osmanl\u0131 mutfa\u011f\u0131n\u0131n \u00f6nemli lezzetlerinden biridir.<\/li>\n\n\n\n<li><strong>Ci\u011fer Sarma:<\/strong> Koyun g\u00f6mle\u011fi ve ci\u011ferli i\u00e7 har\u00e7 ile haz\u0131rlanan ci\u011fer sarma, Edirne&#8217;de s\u0131kl\u0131kla tercih edilen bir yemektir.<\/li>\n\n\n\n<li><strong>Kavala Kurabiyesi:<\/strong> Bademli ve tar\u00e7\u0131nl\u0131 hamurun f\u0131r\u0131nda pi\u015firilmesiyle elde edilen kavala kurabiyesi, Edirne&#8217;nin me\u015fhur tatl\u0131lar\u0131ndan biridir.<\/li>\n\n\n\n<li><strong>Ac\u0131 Badem Kurabiyesi:<\/strong> Badem, \u015feker ve baharatlar\u0131n bir araya gelmesiyle olu\u015fan ac\u0131 badem kurabiyesi, damaklarda farkl\u0131 bir tat b\u0131rak\u0131r.<\/li>\n\n\n\n<li><strong>Bulgur \u00c7orbas\u0131:<\/strong> Bulgur, et suyu ve baharatlarla haz\u0131rlanan bulgur \u00e7orbas\u0131, Edirne sofralar\u0131n\u0131n vazge\u00e7ilmezidir.<\/li>\n<\/ul>\n\n\n\n<h3 class=\"wp-block-heading\">Edirne&#8217;de Lezzet Duraklar\u0131<\/h3>\n\n\n\n<p>Edirne&#8217;de bu e\u015fsiz lezzetleri deneyimleyebilece\u011finiz bir\u00e7ok restoran bulunmaktad\u0131r. \u0130\u015fte size birka\u00e7 \u00f6neri:<\/p>\n\n\n\n<ul class=\"wp-block-list\">\n<li><strong>Ayd\u0131n Tava Ci\u011fer:<\/strong> Edirne&#8217;de tava ci\u011feri denilince akla ilk gelen yerlerden biri olan Ayd\u0131n Tava Ci\u011fer, hem yerli hem de yabanc\u0131 turistlerin u\u011frak noktas\u0131d\u0131r.<\/li>\n\n\n\n<li><strong>Ci\u011ferci Niyazi Usta:<\/strong> \u015eehrin en eski ci\u011fercilerinden biri olan Ci\u011ferci Niyazi Usta, geleneksel y\u00f6ntemlerle haz\u0131rlad\u0131\u011f\u0131 ci\u011fer \u00e7e\u015fitleriyle \u00fcnl\u00fcd\u00fcr.<\/li>\n\n\n\n<li><strong>Ke\u00e7ecizade:<\/strong> Osmanl\u0131 mutfa\u011f\u0131n\u0131n se\u00e7kin lezzetlerini modern bir yorumla sunan Ke\u00e7ecizade, \u015f\u0131k ambiyans\u0131 ve lezzetli yemekleriyle dikkat \u00e7eker.<\/li>\n\n\n\n<li><strong>Arslanzade:<\/strong> Edirne mutfa\u011f\u0131n\u0131n klasik lezzetlerinin yan\u0131 s\u0131ra farkl\u0131 d\u00fcnya mutfaklar\u0131ndan da \u00f6rnekler sunan Arslanzade, geni\u015f men\u00fcs\u00fcyle \u00f6ne \u00e7\u0131kar.<\/li>\n\n\n\n<li><strong>Me\u015fhur Edirne Ci\u011fercisi Kaz\u0131m ve \u0130lhan Usta:<\/strong> Ad\u0131ndan da anla\u015f\u0131laca\u011f\u0131 gibi, tava ci\u011feri konusunda uzmanla\u015fm\u0131\u015f bu restoranda, ci\u011ferin farkl\u0131 \u00e7e\u015fidini deneyebilirsiniz.<\/li>\n<\/ul>\n\n\n\n<hr class=\"wp-block-separator has-alpha-channel-opacity is-style-wide\"\/>\n\n\n\n<h2 class=\"wp-block-heading\"><strong>Edirne Gezilecek Yerler<\/strong><\/h2>\n\n\n\n<p>Edirne Hakk\u0131nda k\u00fc\u00e7\u00fck bir brifing ve tan\u0131t\u0131m yapt\u0131ktan sonra gezilecek yerlerine art\u0131k ge\u00e7ebiliriz.<\/p>\n\n\n\n<h3 class=\"wp-block-heading\"><strong>1.Selimiye Camii<\/strong><\/h3>\n\n\n\n<figure class=\"wp-block-image size-large\"><img decoding=\"async\" width=\"1024\" height=\"683\" data-src=\"https:\/\/geziyoo.co\/blog\/wp-content\/uploads\/2024\/08\/Selimiye-Cami-Servet-UYGUN-60-1024x683.jpg\" alt=\"\" class=\"wp-image-19212 lazyload\" data-srcset=\"https:\/\/geziyoo.co\/blog\/wp-content\/uploads\/2024\/08\/Selimiye-Cami-Servet-UYGUN-60-1024x683.jpg 1024w, https:\/\/geziyoo.co\/blog\/wp-content\/uploads\/2024\/08\/Selimiye-Cami-Servet-UYGUN-60-300x200.jpg 300w, https:\/\/geziyoo.co\/blog\/wp-content\/uploads\/2024\/08\/Selimiye-Cami-Servet-UYGUN-60-768x512.jpg 768w, https:\/\/geziyoo.co\/blog\/wp-content\/uploads\/2024\/08\/Selimiye-Cami-Servet-UYGUN-60-150x100.jpg 150w, https:\/\/geziyoo.co\/blog\/wp-content\/uploads\/2024\/08\/Selimiye-Cami-Servet-UYGUN-60.jpg 1200w\" data-sizes=\"(max-width: 1024px) 100vw, 1024px\" src=\"data:image\/gif;base64,R0lGODlhAQABAAAAACH5BAEKAAEALAAAAAABAAEAAAICTAEAOw==\" style=\"--smush-placeholder-width: 1024px; --smush-placeholder-aspect-ratio: 1024\/683;\" \/><\/figure>\n\n\n\n<p>Edirne ziyaretinizde mutlaka g\u00f6rmeniz gereken ilk yer, Mimar Sinan&#8217;\u0131n ustal\u0131k eseri olan <strong>Selimiye Camii<\/strong> olmal\u0131d\u0131r. Bu ihti\u015faml\u0131 yap\u0131, Osmanl\u0131 mimarisinin zirve noktalar\u0131ndan biri olarak kabul edilir ve \u015fehrin siluetine h\u00fckmeden muazzam bir yap\u0131 olarak kar\u015f\u0131n\u0131za \u00e7\u0131kar.<\/p>\n\n\n\n<p>Selimiye Camii&#8217;ni ilk g\u00f6rd\u00fc\u011f\u00fcn\u00fczde, muazzam b\u00fcy\u00fckl\u00fc\u011f\u00fc ve zarafetiyle sizi adeta b\u00fcy\u00fcler. D\u0131\u015far\u0131dan bak\u0131ld\u0131\u011f\u0131nda, caminin d\u00f6rt bir yan\u0131nda y\u00fckselen ince minareler ve geni\u015f kubbesi, hayranl\u0131k uyand\u0131ran bir g\u00f6rsellik sunar. Ancak as\u0131l etkileyici an, caminin i\u00e7erisine ad\u0131m att\u0131\u011f\u0131n\u0131zda ba\u015flar. \u0130\u00e7eride, muhte\u015fem bir akusti\u011fe sahip geni\u015f ve ferah bir mek\u00e2n sizi kar\u015f\u0131lar. Mimar Sinan&#8217;\u0131n mimari dehas\u0131, burada her ayr\u0131nt\u0131da kendini g\u00f6sterir; kubbenin alt\u0131ndaki detaylar, pencerelerden s\u00fcz\u00fclen \u0131\u015f\u0131k, mihrab\u0131n zarafeti ve genel d\u00fczenleme sizi adeta mistik bir yolculu\u011fa \u00e7\u0131kar\u0131r.<\/p>\n\n\n\n<p>Edirne&#8217;yi ke\u015ffetmeye Selimiye Camii ile ba\u015flaman\u0131z\u0131 \u015fiddetle tavsiye ederim. Bu e\u015fsiz yap\u0131n\u0131n b\u00fcy\u00fcleyici atmosferinde, tarihin derinliklerine do\u011fru bir yolculu\u011fa \u00e7\u0131kacak ve Osmanl\u0131 \u0130mparatorlu\u011fu&#8217;nun en parlak d\u00f6nemlerine tan\u0131kl\u0131k edeceksiniz. K\u0131sacas\u0131, Selimiye Camii, Edirne ziyaretinizin unutulmaz bir ba\u015flang\u0131\u00e7 noktas\u0131 olacakt\u0131r.<\/p>\n\n\n\n<hr class=\"wp-block-separator has-alpha-channel-opacity is-style-wide\"\/>\n\n\n\n<h3 class=\"wp-block-heading\"><strong>2.Selimiye Arastas\u0131<\/strong><\/h3>\n\n\n\n<figure class=\"wp-block-image alignnone size-full size-large wp-image-14439\"><img decoding=\"async\" width=\"800\" height=\"400\" data-src=\"https:\/\/geziyoo.co\/blog\/wp-content\/uploads\/2024\/08\/Edirne-Gezi-Rehberi-Neler-Yapilir-Gezilecek-Yerler-4.jpg\" alt=\"\" class=\"wp-image-19214 lazyload\" data-srcset=\"https:\/\/geziyoo.co\/blog\/wp-content\/uploads\/2024\/08\/Edirne-Gezi-Rehberi-Neler-Yapilir-Gezilecek-Yerler-4.jpg 800w, https:\/\/geziyoo.co\/blog\/wp-content\/uploads\/2024\/08\/Edirne-Gezi-Rehberi-Neler-Yapilir-Gezilecek-Yerler-4-300x150.jpg 300w, https:\/\/geziyoo.co\/blog\/wp-content\/uploads\/2024\/08\/Edirne-Gezi-Rehberi-Neler-Yapilir-Gezilecek-Yerler-4-768x384.jpg 768w, https:\/\/geziyoo.co\/blog\/wp-content\/uploads\/2024\/08\/Edirne-Gezi-Rehberi-Neler-Yapilir-Gezilecek-Yerler-4-150x75.jpg 150w\" data-sizes=\"(max-width: 800px) 100vw, 800px\" src=\"data:image\/gif;base64,R0lGODlhAQABAAAAACH5BAEKAAEALAAAAAABAAEAAAICTAEAOw==\" style=\"--smush-placeholder-width: 800px; --smush-placeholder-aspect-ratio: 800\/400;\" \/><figcaption class=\"wp-element-caption\">\u00c7ar\u015f\u0131 i\u00e7erisinde \u00e7ok g\u00fczel hediyelik e\u015fyalar bulacaks\u0131n\u0131z&#8230;<\/figcaption><\/figure>\n\n\n\n<p>Edirne&#8217;deki bir di\u011fer \u00f6nemli durak ise, <strong>Selimiye Camii<\/strong>&#8216;nin hemen alt taraf\u0131nda yer alan <strong>Arasta \u00c7ar\u015f\u0131s\u0131<\/strong>d\u0131r. Bu \u00e7ar\u015f\u0131y\u0131, \u0130stanbul&#8217;daki Kapal\u0131\u00e7ar\u015f\u0131&#8217;n\u0131n minyat\u00fcr bir versiyonu olarak d\u00fc\u015f\u00fcnebilirsiniz. Tarihi dokusu ve yerel \u00fcr\u00fcnleriyle ziyaret\u00e7ilerine hem al\u0131\u015fveri\u015f hem de k\u00fclt\u00fcrel bir deneyim sunar.<\/p>\n\n\n\n<p>Arasta \u00c7ar\u015f\u0131s\u0131&#8217;nda dola\u015f\u0131rken, Edirne&#8217;ye \u00f6zg\u00fc bir\u00e7ok \u00fcr\u00fcn\u00fc bulabilirsiniz. \u00d6zellikle \u015fehrin me\u015fhur <strong>kavala kurabiyesi<\/strong> ve <strong>badem ezmeleri<\/strong> \u00e7ar\u015f\u0131da dikkatinizi \u00e7ekecek lezzetler aras\u0131nda yer al\u0131r. Ayr\u0131ca, Edirne&#8217;ye has hediyelik e\u015fyalar ve s\u00fcslemeler de \u00e7ar\u015f\u0131da bulunabilir, sevdikleriniz i\u00e7in g\u00fczel hat\u0131ralar alabilirsiniz.<\/p>\n\n\n\n<p>Arasta \u00c7ar\u015f\u0131s\u0131, Selimiye Camii&#8217;ni ziyaret ettikten sonra gezilecek m\u00fckemmel bir yerdir. Hem tarihi bir atmosfere sahip olmas\u0131 hem de Edirne&#8217;ye \u00f6zg\u00fc \u00fcr\u00fcnlerin sunulmas\u0131, buray\u0131 \u015fehirdeki \u00f6nemli duraklardan biri haline getiriyor. Edirne geziniz s\u0131ras\u0131nda Arasta \u00c7ar\u015f\u0131s\u0131&#8217;na u\u011framay\u0131 unutmay\u0131n; burada ge\u00e7irece\u011finiz zaman, hem al\u0131\u015fveri\u015f yapman\u0131za hem de \u015fehrin k\u00fclt\u00fcrel dokusunu daha yak\u0131ndan tan\u0131man\u0131za olanak sa\u011flayacakt\u0131r.<\/p>\n\n\n\n<hr class=\"wp-block-separator has-alpha-channel-opacity is-style-wide\"\/>\n\n\n\n<h3 class=\"wp-block-heading\"><strong>3.Adalet Kasr\u0131<\/strong><\/h3>\n\n\n\n<figure class=\"wp-block-image alignnone size-full size-large wp-image-14438\"><img decoding=\"async\" width=\"800\" height=\"425\" data-src=\"https:\/\/geziyoo.co\/blog\/wp-content\/uploads\/2024\/08\/Edirne-Gezi-Rehberi-Neler-Yapilir-Gezilecek-Yerler-5.jpg\" alt=\"\" class=\"wp-image-19215 lazyload\" data-srcset=\"https:\/\/geziyoo.co\/blog\/wp-content\/uploads\/2024\/08\/Edirne-Gezi-Rehberi-Neler-Yapilir-Gezilecek-Yerler-5.jpg 800w, https:\/\/geziyoo.co\/blog\/wp-content\/uploads\/2024\/08\/Edirne-Gezi-Rehberi-Neler-Yapilir-Gezilecek-Yerler-5-300x159.jpg 300w, https:\/\/geziyoo.co\/blog\/wp-content\/uploads\/2024\/08\/Edirne-Gezi-Rehberi-Neler-Yapilir-Gezilecek-Yerler-5-768x408.jpg 768w, https:\/\/geziyoo.co\/blog\/wp-content\/uploads\/2024\/08\/Edirne-Gezi-Rehberi-Neler-Yapilir-Gezilecek-Yerler-5-150x80.jpg 150w\" data-sizes=\"(max-width: 800px) 100vw, 800px\" src=\"data:image\/gif;base64,R0lGODlhAQABAAAAACH5BAEKAAEALAAAAAABAAEAAAICTAEAOw==\" style=\"--smush-placeholder-width: 800px; --smush-placeholder-aspect-ratio: 800\/425;\" \/><figcaption class=\"wp-element-caption\">Edirne de bu tarz yap\u0131lar\u0131 s\u0131k s\u0131k g\u00f6r\u00fcrs\u00fcn\u00fcz&#8230;<\/figcaption><\/figure>\n\n\n\n<p><strong>Adalet Kasr\u0131<\/strong>, Edirne&#8217;nin <strong>K\u0131rkp\u0131nar Ya\u011fl\u0131 G\u00fcre\u015fleri<\/strong>&#8216;nin yap\u0131ld\u0131\u011f\u0131 alanda yer alan \u00f6nemli bir yap\u0131d\u0131r. Ne yaz\u0131k ki, bu tarihi bina, zamanla ayakta kalan tek saray binas\u0131 olarak dikkat \u00e7ekmektedir. Di\u011fer b\u00f6l\u00fcmleri zamanla y\u0131k\u0131lm\u0131\u015f ve tarihe kar\u0131\u015fm\u0131\u015ft\u0131r, bu da Adalet Kasr\u0131&#8217;n\u0131 Edirne&#8217;nin ge\u00e7mi\u015fine dair \u00f6nemli bir hat\u0131ra olarak \u00f6ne \u00e7\u0131kar\u0131yor.<\/p>\n\n\n\n<p>Adalet Kasr\u0131, Edirne&#8217;nin zengin k\u00fclt\u00fcrel miras\u0131n\u0131n ve Osmanl\u0131 d\u00f6neminin izlerini ta\u015f\u0131yan nadir \u00f6rneklerden biridir. K\u0131rkp\u0131nar Ya\u011fl\u0131 G\u00fcre\u015fleri&#8217;nin yap\u0131ld\u0131\u011f\u0131 bu alanda, hem tarihi hem de k\u00fclt\u00fcrel a\u00e7\u0131dan derin bir anlam ta\u015f\u0131yan bu yap\u0131, ge\u00e7mi\u015fin izlerini g\u00fcn\u00fcm\u00fcze ta\u015f\u0131r. Ancak, zaman\u0131n getirdi\u011fi zorluklar ve koruma eksiklikleri nedeniyle, Adalet Kasr\u0131&#8217;n\u0131n \u00e7evresi ve di\u011fer yap\u0131lar\u0131n\u0131n b\u00fcy\u00fck bir k\u0131sm\u0131 maalesef yok olmu\u015ftur.<\/p>\n\n\n\n<p>G\u00fcn\u00fcm\u00fczde Adalet Kasr\u0131, hem tarih hem de mimari a\u00e7\u0131s\u0131ndan b\u00fcy\u00fck bir \u00f6neme sahiptir. Bu tarihi yap\u0131n\u0131n hala ayakta kalmas\u0131, Edirne&#8217;nin k\u00fclt\u00fcrel miras\u0131n\u0131 ve tarihini ya\u015fatma ad\u0131na \u00f6nemli bir ad\u0131m olarak de\u011ferlendirilebilir. Ge\u00e7mi\u015fin izlerini korumak ve bu t\u00fcr eserleri gelecek nesillere aktarmak ad\u0131na daha fazla \u00e7aba g\u00f6sterilmesi gerekti\u011fi unutulmamal\u0131d\u0131r. Adalet Kasr\u0131&#8217;n\u0131 ziyaret ederek, bu \u00f6nemli yap\u0131n\u0131n tarihini ve anlam\u0131n\u0131 daha yak\u0131ndan ke\u015ffedebilirsiniz.<\/p>\n\n\n\n<hr class=\"wp-block-separator has-alpha-channel-opacity is-style-wide\"\/>\n\n\n\n<h3 class=\"wp-block-heading\"><strong>4.K\u0131rkp\u0131nar Er Meydan\u0131<\/strong><\/h3>\n\n\n\n<figure class=\"wp-block-image alignnone size-full is-resized wp-image-14432\"><img decoding=\"async\" width=\"555\" height=\"288\" data-src=\"https:\/\/geziyoo.co\/blog\/wp-content\/uploads\/2024\/08\/Edirne-Gezi-Rehberi-Neler-Yapilir-Gezilecek-Yerler-6.jpg\" alt=\"\" class=\"wp-image-19216 lazyload\" style=\"--smush-placeholder-width: 555px; --smush-placeholder-aspect-ratio: 555\/288;width:750px\" data-srcset=\"https:\/\/geziyoo.co\/blog\/wp-content\/uploads\/2024\/08\/Edirne-Gezi-Rehberi-Neler-Yapilir-Gezilecek-Yerler-6.jpg 555w, https:\/\/geziyoo.co\/blog\/wp-content\/uploads\/2024\/08\/Edirne-Gezi-Rehberi-Neler-Yapilir-Gezilecek-Yerler-6-300x156.jpg 300w, https:\/\/geziyoo.co\/blog\/wp-content\/uploads\/2024\/08\/Edirne-Gezi-Rehberi-Neler-Yapilir-Gezilecek-Yerler-6-150x78.jpg 150w\" data-sizes=\"(max-width: 555px) 100vw, 555px\" src=\"data:image\/gif;base64,R0lGODlhAQABAAAAACH5BAEKAAEALAAAAAABAAEAAAICTAEAOw==\" \/><figcaption class=\"wp-element-caption\">K\u0131rkp\u0131nar Er Meydan\u0131, Her sene d\u00fczenlenen yap\u0131lan g\u00fcre\u015f yar\u0131\u015flar\u0131na ev sahipli\u011fi yapmaktad\u0131r.<\/figcaption><\/figure>\n\n\n\n<p>T\u00fcrk toplumu olarak sava\u015f\u00e7\u0131 ruhumuz, tarih boyunca bir\u00e7ok alanda kendini g\u00f6stermi\u015ftir ve bu k\u00fclt\u00fcr\u00fcn bize kazand\u0131rd\u0131\u011f\u0131 en \u00f6nemli miraslardan biri de <strong>g\u00fcre\u015f sporudur<\/strong>. G\u00fcre\u015fin tarihi, <strong>Hun \u0130mparatorlu\u011fu<\/strong>&#8216;na kadar uzan\u0131r ve bu spor, dayan\u0131kl\u0131l\u0131k ve g\u00fc\u00e7 \u00fczerine kurulu bir m\u00fccadele sanat\u0131d\u0131r.<\/p>\n\n\n\n<p>Osmanl\u0131 Devleti d\u00f6neminde g\u00fcre\u015f, daha da geli\u015ftirilmi\u015f ve zorluk derecesinin art\u0131r\u0131lmas\u0131 amac\u0131yla <strong>ya\u011fl\u0131 g\u00fcre\u015f<\/strong> olarak bilinen bir form ortaya \u00e7\u0131km\u0131\u015ft\u0131r. Ya\u011fl\u0131 g\u00fcre\u015f, tarih boyunca \u00f6nemli bir geleneksel spor olarak kabul edilmi\u015f ve \u00e7e\u015fitli festivallerde, \u00f6zellikle <strong>K\u0131rkp\u0131nar Ya\u011fl\u0131 G\u00fcre\u015fleri<\/strong>&#8216;nde d\u00fczenlenmi\u015ftir. Bu t\u00fcr g\u00fcre\u015fler, sporcular\u0131n ya\u011f ile kaplanarak g\u00fcre\u015fmesiyle tan\u0131n\u0131r ve bu, sporun hem zorluk derecesini hem de g\u00f6rsel \u00e7ekicili\u011fini art\u0131r\u0131r.<\/p>\n\n\n\n<p>Edirne&#8217;de <strong>K\u0131rkp\u0131nar Ya\u011fl\u0131 G\u00fcre\u015fleri<\/strong>&#8216;nin yap\u0131ld\u0131\u011f\u0131 alanda, bu tarihi ve k\u00fclt\u00fcrel sporun izlerini g\u00f6rmek m\u00fcmk\u00fcnd\u00fcr. Y\u00fcz y\u0131llar boyunca s\u00fcregelmi\u015f bu geleneksel etkinlik, T\u00fcrk k\u00fclt\u00fcr\u00fcn\u00fcn \u00f6nemli bir par\u00e7as\u0131 olarak g\u00fcn\u00fcm\u00fcze kadar gelmi\u015ftir. Bu alan\u0131 ziyaret ederek, ya\u011fl\u0131 g\u00fcre\u015flerin tarihini ve bu spora duyulan sayg\u0131y\u0131 daha yak\u0131ndan deneyimleyebilirsiniz.<\/p>\n\n\n\n<p>Ya\u011fl\u0131 g\u00fcre\u015flerin d\u00fczenlendi\u011fi alanlar, T\u00fcrk spor k\u00fclt\u00fcr\u00fcn\u00fcn ve sava\u015f\u00e7\u0131 ruhunun simgelerindendir. Bu geleneksel sporun k\u00f6klerini ve geli\u015fimini ke\u015ffetmek, hem tarih hem de k\u00fclt\u00fcrel miras a\u00e7\u0131s\u0131ndan zengin bir deneyim sunacakt\u0131r.<\/p>\n\n\n\n<hr class=\"wp-block-separator has-alpha-channel-opacity is-style-wide\"\/>\n\n\n\n<h3 class=\"wp-block-heading\"><strong>5.R\u00fcstempa\u015fa Kervansaray\u0131<\/strong><\/h3>\n\n\n\n<figure class=\"wp-block-image size-full\"><img decoding=\"async\" width=\"750\" height=\"505\" data-src=\"https:\/\/geziyoo.co\/blog\/wp-content\/uploads\/2024\/08\/Edirne-Gezi-Rehberi-Neler-Yapilir-Gezilecek-Yerler-7.jpg\" alt=\"\" class=\"wp-image-19217 lazyload\" data-srcset=\"https:\/\/geziyoo.co\/blog\/wp-content\/uploads\/2024\/08\/Edirne-Gezi-Rehberi-Neler-Yapilir-Gezilecek-Yerler-7.jpg 750w, https:\/\/geziyoo.co\/blog\/wp-content\/uploads\/2024\/08\/Edirne-Gezi-Rehberi-Neler-Yapilir-Gezilecek-Yerler-7-300x202.jpg 300w, https:\/\/geziyoo.co\/blog\/wp-content\/uploads\/2024\/08\/Edirne-Gezi-Rehberi-Neler-Yapilir-Gezilecek-Yerler-7-150x101.jpg 150w\" data-sizes=\"(max-width: 750px) 100vw, 750px\" src=\"data:image\/gif;base64,R0lGODlhAQABAAAAACH5BAEKAAEALAAAAAABAAEAAAICTAEAOw==\" style=\"--smush-placeholder-width: 750px; --smush-placeholder-aspect-ratio: 750\/505;\" \/><\/figure>\n\n\n\n<p><strong>R\u00fcstem Pa\u015fa Saray\u0131<\/strong>, <strong>Mimar Sinan<\/strong>&#8216;\u0131n en g\u00fczel eserlerinden biri olarak tarihteki yerini al\u0131r. <strong>Kanuni Sultan S\u00fcleyman<\/strong> d\u00f6neminde, <strong>R\u00fcstem Pa\u015fa<\/strong> taraf\u0131ndan yapt\u0131r\u0131lan bu saray, d\u00f6nemin mimari ve estetik standartlar\u0131n\u0131n en y\u00fcksek \u00f6rneklerinden biri olarak kabul edilmektedir.<\/p>\n\n\n\n<p>Saray, Osmanl\u0131 d\u00f6neminin zarif ve ihti\u015faml\u0131 yap\u0131lar\u0131ndan biri olarak g\u00fcn\u00fcm\u00fcze kadar ula\u015fmay\u0131 ba\u015farm\u0131\u015ft\u0131r. R\u00fcstem Pa\u015fa Saray\u0131&#8217;n\u0131n zaman i\u00e7inde ge\u00e7irdi\u011fi de\u011fi\u015fim ve restorasyonlar, yap\u0131n\u0131n korunmas\u0131na ve \u00f6neminin ya\u015fat\u0131lmas\u0131na b\u00fcy\u00fck katk\u0131da bulunmu\u015ftur. 1972 y\u0131l\u0131nda, saray <strong>kervansaray<\/strong> olarak asl\u0131na uygun \u015fekilde bir otel olarak yeniden d\u00fczenlenmi\u015ftir. Bu d\u00f6n\u00fc\u015f\u00fcm, hem yap\u0131n\u0131n tarihini hem de mimari \u00f6zelliklerini koruyarak modern kullan\u0131ma kazand\u0131rm\u0131\u015ft\u0131r.<\/p>\n\n\n\n<p>R\u00fcstem Pa\u015fa Saray\u0131, Osmanl\u0131 mimarisinin zarafetini ve Mimar Sinan&#8217;\u0131n ustal\u0131\u011f\u0131n\u0131 g\u00f6zler \u00f6n\u00fcne seren nadir eserlerden biridir. Ziyaret\u00e7ilerine tarihi bir atmosfer sunan bu saray, hem mimari detaylar\u0131 hem de tarih\u00ee \u00f6nem a\u00e7\u0131s\u0131ndan b\u00fcy\u00fck bir de\u011fer ta\u015f\u0131r. Edirne&#8217;ye yap\u0131lan ziyaretlerde, bu e\u015fsiz yap\u0131y\u0131 g\u00f6rmek, Osmanl\u0131 d\u00f6neminin izlerini ve Mimar Sinan&#8217;\u0131n sanat\u0131n\u0131 daha yak\u0131ndan ke\u015ffetmek i\u00e7in harika bir f\u0131rsatt\u0131r.<\/p>\n\n\n\n<hr class=\"wp-block-separator has-alpha-channel-opacity is-style-wide\"\/>\n\n\n\n<h3 class=\"wp-block-heading\"><strong>6.\u00dc\u00e7 \u015eerefeli Camii<\/strong><\/h3>\n\n\n\n<figure class=\"wp-block-image alignnone size-full wp-image-14437\"><img decoding=\"async\" width=\"750\" height=\"505\" data-src=\"https:\/\/geziyoo.co\/blog\/wp-content\/uploads\/2024\/08\/Edirne-Gezi-Rehberi-Neler-Yapilir-Gezilecek-Yerler-8.jpg\" alt=\"\" class=\"wp-image-19218 lazyload\" data-srcset=\"https:\/\/geziyoo.co\/blog\/wp-content\/uploads\/2024\/08\/Edirne-Gezi-Rehberi-Neler-Yapilir-Gezilecek-Yerler-8.jpg 750w, https:\/\/geziyoo.co\/blog\/wp-content\/uploads\/2024\/08\/Edirne-Gezi-Rehberi-Neler-Yapilir-Gezilecek-Yerler-8-300x202.jpg 300w, https:\/\/geziyoo.co\/blog\/wp-content\/uploads\/2024\/08\/Edirne-Gezi-Rehberi-Neler-Yapilir-Gezilecek-Yerler-8-150x101.jpg 150w\" data-sizes=\"(max-width: 750px) 100vw, 750px\" src=\"data:image\/gif;base64,R0lGODlhAQABAAAAACH5BAEKAAEALAAAAAABAAEAAAICTAEAOw==\" style=\"--smush-placeholder-width: 750px; --smush-placeholder-aspect-ratio: 750\/505;\" \/><figcaption class=\"wp-element-caption\">\u00c7oklu kubbeden,tekli kubbeye ge\u00e7isin en \u00f6nemli eserlerindendir.<\/figcaption><\/figure>\n\n\n\n<p><strong>\u00dc\u00e7 \u015eerefeli Camii<\/strong>, <strong>II. Murat<\/strong> d\u00f6neminde, <strong>M\u00fc\u015fahittin Usta<\/strong> taraf\u0131ndan in\u015fa edilmi\u015ftir. 1438-1447 y\u0131llar\u0131 aras\u0131nda yap\u0131lan cami, Osmanl\u0131 mimarisinde \u00f6nemli bir ge\u00e7i\u015f d\u00f6nemini temsil eder ve \u00e7oklu kubbeden tekli kubbeye ge\u00e7i\u015fin en \u00f6nemli \u00f6rneklerinden biri olarak kabul edilir.<\/p>\n\n\n\n<p>Caminin en dikkat \u00e7ekici \u00f6zelliklerinden biri, avlusunun caminin d\u0131\u015f k\u0131sm\u0131nda yer almas\u0131d\u0131r. Bu geni\u015f <strong>dikd\u00f6rtgen avlu<\/strong>, <strong>k\u0131rm\u0131z\u0131<\/strong> ve <strong>beyaz<\/strong> renkli revak kemerleri ile g\u00f6z al\u0131c\u0131 bir estetik sunar. Avlunun ortas\u0131nda bulunan <strong>\u015fad\u0131rvan<\/strong>, hem i\u015flevsel hem de dekoratif bir \u00f6\u011fe olarak caminin zarif detaylar\u0131n\u0131 yans\u0131t\u0131r. Ayr\u0131ca, <strong>kavsara ta\u00e7 kap\u0131s\u0131<\/strong> da avlunun dekoratif g\u00f6r\u00fcn\u00fcm\u00fcn\u00fc tamamlayan \u00f6nemli bir unsurdur.<\/p>\n\n\n\n<p>\u00dc\u00e7 \u015eerefeli Camii&#8217;nin mimarisi ve avlusundaki detaylar, Osmanl\u0131 d\u00f6neminin sanat ve mimari anlay\u0131\u015f\u0131n\u0131 g\u00f6zler \u00f6n\u00fcne serer. E\u011fer Edirne&#8217;ye yolunuz d\u00fc\u015ferse, bu heybetli camiyi ziyaret etmeyi unutmay\u0131n; hem tarih\u00ee hem de mimari a\u00e7\u0131dan b\u00fcy\u00fck bir de\u011fer ta\u015f\u0131yan \u00dc\u00e7 \u015eerefeli Camii, sizi ge\u00e7mi\u015fin izlerini hissettirecek etkileyici bir deneyim sunacakt\u0131r.<\/p>\n\n\n\n<hr class=\"wp-block-separator has-alpha-channel-opacity is-style-wide\"\/>\n\n\n\n<h3 class=\"wp-block-heading\"><strong>7.Meri\u00e7 K\u00f6pr\u00fcs\u00fc<\/strong><\/h3>\n\n\n\n<figure class=\"wp-block-image alignnone size-full size-large wp-image-14434\"><img decoding=\"async\" width=\"800\" height=\"516\" data-src=\"https:\/\/geziyoo.co\/blog\/wp-content\/uploads\/2024\/08\/Edirne-Gezi-Rehberi-Neler-Yapilir-Gezilecek-Yerler-9.jpg\" alt=\"\" class=\"wp-image-19219 lazyload\" data-srcset=\"https:\/\/geziyoo.co\/blog\/wp-content\/uploads\/2024\/08\/Edirne-Gezi-Rehberi-Neler-Yapilir-Gezilecek-Yerler-9.jpg 800w, https:\/\/geziyoo.co\/blog\/wp-content\/uploads\/2024\/08\/Edirne-Gezi-Rehberi-Neler-Yapilir-Gezilecek-Yerler-9-300x194.jpg 300w, https:\/\/geziyoo.co\/blog\/wp-content\/uploads\/2024\/08\/Edirne-Gezi-Rehberi-Neler-Yapilir-Gezilecek-Yerler-9-768x495.jpg 768w, https:\/\/geziyoo.co\/blog\/wp-content\/uploads\/2024\/08\/Edirne-Gezi-Rehberi-Neler-Yapilir-Gezilecek-Yerler-9-150x97.jpg 150w\" data-sizes=\"(max-width: 800px) 100vw, 800px\" src=\"data:image\/gif;base64,R0lGODlhAQABAAAAACH5BAEKAAEALAAAAAABAAEAAAICTAEAOw==\" style=\"--smush-placeholder-width: 800px; --smush-placeholder-aspect-ratio: 800\/516;\" \/><figcaption class=\"wp-element-caption\">Edirne Gezilecek Yerler Meri\u00e7 K\u00f6pr\u00fcs\u00fc<\/figcaption><\/figure>\n\n\n\n<p><strong>Meri\u00e7 K\u00f6pr\u00fcs\u00fc<\/strong>, <strong>Abdulmecid<\/strong> taraf\u0131ndan 1842 y\u0131l\u0131nda in\u015fa ettirilmi\u015ftir ve <strong>Edirne-Karaa\u011fa\u00e7<\/strong> yolu \u00fczerinde yer al\u0131r. Bu k\u00f6pr\u00fc, mimari zarafeti ve tarihi \u00f6nemi ile dikkat \u00e7eken \u00f6nemli bir yap\u0131d\u0131r.<\/p>\n\n\n\n<p>K\u00f6pr\u00fcn\u00fcn tasar\u0131m\u0131nda, <strong>\u00fc\u00e7gen prizma<\/strong> \u015feklindeki <strong>selyalanlar\u0131<\/strong> ve <strong>tahliye g\u00f6zleri<\/strong> \u00f6ne \u00e7\u0131kar. Bu detaylar, k\u00f6pr\u00fcye geni\u015f bir a\u00e7\u0131dan bak\u0131ld\u0131\u011f\u0131nda estetik bir g\u00f6rsel sunar ve k\u00f6pr\u00fcn\u00fcn hem i\u015flevsel hem de dekoratif \u00f6zelliklerini vurgular. K\u00f6pr\u00fcn\u00fcn ortas\u0131nda yer alan <strong>mermerden yap\u0131lm\u0131\u015f seyir k\u00f6\u015fk\u00fc<\/strong> ise, ziyaret\u00e7ilere hem dinlenme hem de etkileyici foto\u011fraflar \u00e7ekme f\u0131rsat\u0131 sunar.<\/p>\n\n\n\n<p>Meri\u00e7 K\u00f6pr\u00fcs\u00fc&#8217;n\u00fcn mimarisi, Osmanl\u0131 d\u00f6neminin m\u00fchendislik ve estetik anlay\u0131\u015f\u0131n\u0131 yans\u0131t\u0131rken, sundu\u011fu g\u00f6rsel g\u00fczellikler ve fonksiyonel tasar\u0131m ile de modern ziyaret\u00e7ileri cezbetmektedir. Edirne&#8217;ye geldi\u011finizde, bu tarihi k\u00f6pr\u00fcde y\u00fcr\u00fcy\u00fc\u015f yaparak \u00e7evresindeki do\u011fal g\u00fczellikleri ve k\u00f6pr\u00fcn\u00fcn zarif detaylar\u0131n\u0131 ke\u015ffetmenizi tavsiye ederim.<\/p>\n\n\n\n<h3 class=\"wp-block-heading\"><strong>8.Beyazid K\u00f6pr\u00fcs\u00fc<\/strong><\/h3>\n\n\n\n<figure class=\"wp-block-image alignnone size-full wp-image-14428\"><img decoding=\"async\" width=\"560\" height=\"300\" data-src=\"https:\/\/geziyoo.co\/blog\/wp-content\/uploads\/2024\/08\/Edirne-Gezi-Rehberi-Neler-Yapilir-Gezilecek-Yerler-1-1.jpg\" alt=\"\" class=\"wp-image-19220 lazyload\" data-srcset=\"https:\/\/geziyoo.co\/blog\/wp-content\/uploads\/2024\/08\/Edirne-Gezi-Rehberi-Neler-Yapilir-Gezilecek-Yerler-1-1.jpg 560w, https:\/\/geziyoo.co\/blog\/wp-content\/uploads\/2024\/08\/Edirne-Gezi-Rehberi-Neler-Yapilir-Gezilecek-Yerler-1-1-300x161.jpg 300w, https:\/\/geziyoo.co\/blog\/wp-content\/uploads\/2024\/08\/Edirne-Gezi-Rehberi-Neler-Yapilir-Gezilecek-Yerler-1-1-150x80.jpg 150w\" data-sizes=\"(max-width: 560px) 100vw, 560px\" src=\"data:image\/gif;base64,R0lGODlhAQABAAAAACH5BAEKAAEALAAAAAABAAEAAAICTAEAOw==\" style=\"--smush-placeholder-width: 560px; --smush-placeholder-aspect-ratio: 560\/300;\" \/><figcaption class=\"wp-element-caption\">Edirne Gezilecek Yerler Beyazid K\u00f6pr\u00fcs\u00fc<\/figcaption><\/figure>\n\n\n\n<p><strong>Beyazid K\u00f6pr\u00fcs\u00fc<\/strong>, <strong>II. Beyazid<\/strong> d\u00f6neminde, camiye ula\u015f\u0131m\u0131 kolayla\u015ft\u0131rmak amac\u0131yla in\u015fa edilmi\u015ftir. K\u00f6pr\u00fc, <strong>Tunca Nehri<\/strong> \u00fczerine yap\u0131lm\u0131\u015ft\u0131r ve Edirne&#8217;nin tarihi k\u00f6pr\u00fcleri aras\u0131nda \u00f6nemli bir yer tutar.<\/p>\n\n\n\n<p>Karaa\u011fa\u00e7&#8217;a giderken ge\u00e7meniz gereken bir\u00e7ok k\u00f6pr\u00fcden biri olan Beyazid K\u00f6pr\u00fcs\u00fc, b\u00f6lgenin tarih\u00ee ve k\u00fclt\u00fcrel dokusunu yans\u0131tan \u00f6nemli bir yap\u0131 olarak kar\u015f\u0131m\u0131za \u00e7\u0131kar. K\u00f6pr\u00fcn\u00fcn mimarisi, Osmanl\u0131 d\u00f6neminin m\u00fchendislik ve estetik anlay\u0131\u015f\u0131n\u0131 g\u00f6zler \u00f6n\u00fcne serer.<\/p>\n\n\n\n<p>Edirne&#8217;ye yapaca\u011f\u0131n\u0131z ziyaret s\u0131ras\u0131nda, Beyazid K\u00f6pr\u00fcs\u00fc&#8217;n\u00fc g\u00f6rmek, tarihi k\u00f6pr\u00fclerin nas\u0131l bir i\u015flevi oldu\u011funu ve d\u00f6nemin mimari zevkini daha iyi anlaman\u0131z\u0131 sa\u011flayacakt\u0131r. Hem tarihi hem de \u00e7evresindeki do\u011fal g\u00fczellikler a\u00e7\u0131s\u0131ndan ilgi \u00e7ekici bir durak olarak bu k\u00f6pr\u00fcy\u00fc listenize eklemeyi unutmay\u0131n.<\/p>\n\n\n\n<hr class=\"wp-block-separator has-alpha-channel-opacity is-style-wide\"\/>\n\n\n\n<h3 class=\"wp-block-heading\"><strong>9.Makedonya Kulesi<\/strong><\/h3>\n\n\n\n<figure class=\"wp-block-image alignnone size-full size-large wp-image-14433\"><img decoding=\"async\" width=\"800\" height=\"416\" data-src=\"https:\/\/geziyoo.co\/blog\/wp-content\/uploads\/2024\/08\/Edirne-Gezi-Rehberi-Neler-Yapilir-Gezilecek-Yerler-10-1.jpg\" alt=\"\" class=\"wp-image-19221 lazyload\" data-srcset=\"https:\/\/geziyoo.co\/blog\/wp-content\/uploads\/2024\/08\/Edirne-Gezi-Rehberi-Neler-Yapilir-Gezilecek-Yerler-10-1.jpg 800w, https:\/\/geziyoo.co\/blog\/wp-content\/uploads\/2024\/08\/Edirne-Gezi-Rehberi-Neler-Yapilir-Gezilecek-Yerler-10-1-300x156.jpg 300w, https:\/\/geziyoo.co\/blog\/wp-content\/uploads\/2024\/08\/Edirne-Gezi-Rehberi-Neler-Yapilir-Gezilecek-Yerler-10-1-768x399.jpg 768w, https:\/\/geziyoo.co\/blog\/wp-content\/uploads\/2024\/08\/Edirne-Gezi-Rehberi-Neler-Yapilir-Gezilecek-Yerler-10-1-150x78.jpg 150w\" data-sizes=\"(max-width: 800px) 100vw, 800px\" src=\"data:image\/gif;base64,R0lGODlhAQABAAAAACH5BAEKAAEALAAAAAABAAEAAAICTAEAOw==\" style=\"--smush-placeholder-width: 800px; --smush-placeholder-aspect-ratio: 800\/416;\" \/><figcaption class=\"wp-element-caption\">Bir \u00e7ok ki\u015fi Makedonya Kulesini,saat kulesi olarak bilmektedir.<\/figcaption><\/figure>\n\n\n\n<p>Edirne&#8217;nin tarihi miraslar\u0131ndan biri olan <strong>Makedonya Kulesi<\/strong>, s\u0131kl\u0131kla <strong>Saat Kulesi<\/strong> olarak an\u0131lmaktad\u0131r. Bu ad\u0131n sebebi, kuleye daha sonralar\u0131 Fransa&#8217;dan getirilen bir saatin eklenmesidir. Bu de\u011fi\u015fiklik, kulesinin saat kulesi olarak an\u0131lmas\u0131na neden olmu\u015ftur.<\/p>\n\n\n\n<p>Makedonya Kulesi, <strong>Hadrianapolis<\/strong> surlar\u0131ndan g\u00fcn\u00fcm\u00fcze ula\u015fan son kal\u0131nt\u0131lard\u0131r. Bu etkileyici yap\u0131n\u0131n tarihi, b\u00f6lgenin zengin ge\u00e7mi\u015fini yans\u0131t\u0131r ve ge\u00e7mi\u015fin izlerini modern zamanlara ta\u015f\u0131r. Kule, hem mimari hem de tarihi de\u011ferleri a\u00e7\u0131s\u0131ndan \u00f6nemli bir yap\u0131d\u0131r.<\/p>\n\n\n\n<p>Kuleyi ziyaret ederek, hem tarihi atmosferi hissedebilir hem de bu g\u00fczel yap\u0131y\u0131 foto\u011fraflayabilirsiniz. Edirne&#8217;nin bu tarih\u00ee yap\u0131s\u0131n\u0131 ke\u015ffetmek, \u015fehrin ge\u00e7mi\u015fine dair derin bir ba\u011flant\u0131 kurman\u0131za ve e\u015fsiz g\u00f6rsellikler elde etmenize olanak tan\u0131yacakt\u0131r.<\/p>\n\n\n\n<hr class=\"wp-block-separator has-alpha-channel-opacity is-style-wide\"\/>\n\n\n\n<h3 class=\"wp-block-heading\"><strong>10.Balkan \u015eehitli\u011fi<\/strong><\/h3>\n\n\n\n<figure class=\"wp-block-image alignnone size-full wp-image-14427\"><img decoding=\"async\" width=\"750\" height=\"506\" data-src=\"https:\/\/geziyoo.co\/blog\/wp-content\/uploads\/2024\/08\/Edirne-Gezi-Rehberi-Neler-Yapilir-Gezilecek-Yerler-11.jpg\" alt=\"\" class=\"wp-image-19222 lazyload\" data-srcset=\"https:\/\/geziyoo.co\/blog\/wp-content\/uploads\/2024\/08\/Edirne-Gezi-Rehberi-Neler-Yapilir-Gezilecek-Yerler-11.jpg 750w, https:\/\/geziyoo.co\/blog\/wp-content\/uploads\/2024\/08\/Edirne-Gezi-Rehberi-Neler-Yapilir-Gezilecek-Yerler-11-300x202.jpg 300w, https:\/\/geziyoo.co\/blog\/wp-content\/uploads\/2024\/08\/Edirne-Gezi-Rehberi-Neler-Yapilir-Gezilecek-Yerler-11-150x101.jpg 150w\" data-sizes=\"(max-width: 750px) 100vw, 750px\" src=\"data:image\/gif;base64,R0lGODlhAQABAAAAACH5BAEKAAEALAAAAAABAAEAAAICTAEAOw==\" style=\"--smush-placeholder-width: 750px; --smush-placeholder-aspect-ratio: 750\/506;\" \/><figcaption class=\"wp-element-caption\">\u015eehitlerimizin Ruhu \u015ead Olsun&#8230;<\/figcaption><\/figure>\n\n\n\n<p><strong>Balkan \u015eehitli\u011fi<\/strong>, Balkanlar&#8217;dan gelen so\u011fuk hava ve sava\u015flar\u0131n, \u00f6zellikle Balkan Sava\u015flar\u0131 s\u0131ras\u0131nda ya\u015fanan ac\u0131lar\u0131n an\u0131s\u0131na yap\u0131lm\u0131\u015ft\u0131r. Bu an\u0131t, <strong>Bulgarlar<\/strong>&#8216;a esir d\u00fc\u015fen toplam <strong>200.000<\/strong> \u015fehidimiz i\u00e7in bir hat\u0131ra olarak in\u015fa edilmi\u015ftir. \u015eehitlik, \u015fehitlerimizin an\u0131s\u0131n\u0131 ya\u015fatmak ve onlar\u0131n fedakarl\u0131\u011f\u0131n\u0131 hat\u0131rlamak amac\u0131yla \u00f6nemli bir yap\u0131 olarak \u00f6ne \u00e7\u0131kar.<\/p>\n\n\n\n<p>\u015eehitlikte, <strong>100 subay<\/strong> ve <strong>400 er<\/strong> olmak \u00fczere toplam <strong>500<\/strong> ki\u015finin isimleri bulunmaktad\u0131r. Bu isimler, Balkanlar&#8217;daki sava\u015flarda hayat\u0131n\u0131 kaybedenlerin sadece bir k\u0131sm\u0131n\u0131 temsil etmektedir. Yani, bu listedeki isimlerin \u00e7ok daha fazlas\u0131, o d\u00f6nemde \u015fehit olmu\u015ftur. Bu durum, sava\u015flar\u0131n ve m\u00fccadelenin b\u00fcy\u00fckl\u00fc\u011f\u00fcn\u00fc ve kaybedilenlerin say\u0131s\u0131n\u0131 g\u00f6zler \u00f6n\u00fcne serer.<\/p>\n\n\n\n<p>Balkan \u015eehitli\u011fi, ge\u00e7mi\u015fin ac\u0131lar\u0131n\u0131 ve kahramanl\u0131klar\u0131 anmak i\u00e7in \u00f6nemli bir mekand\u0131r. Ziyaret\u00e7ilerine, tarih\u00ee olaylar hakk\u0131nda bilgi verirken ayn\u0131 zamanda \u015fehitlerimizin fedakarl\u0131\u011f\u0131n\u0131 da hat\u0131rlat\u0131r. Bu an\u0131t\u0131 ziyaret ederek, tarihin bu zor d\u00f6nemini daha iyi anlayabilir ve ge\u00e7mi\u015fe duyulan sayg\u0131y\u0131 ifade edebilirsiniz.<\/p>\n\n\n\n<hr class=\"wp-block-separator has-alpha-channel-opacity is-style-wide\"\/>\n\n\n\n<h3 class=\"wp-block-heading\"><strong>11.Balkan Sava\u015f\u0131 M\u00fczesi<\/strong><\/h3>\n\n\n\n<figure class=\"wp-block-image size-full\"><img decoding=\"async\" width=\"1024\" height=\"682\" data-src=\"https:\/\/geziyoo.co\/blog\/wp-content\/uploads\/2024\/08\/Edirne-Gezi-Rehberi-Neler-Yapilir-Gezilecek-Yerler-12.jpg\" alt=\"\" class=\"wp-image-19223 lazyload\" data-srcset=\"https:\/\/geziyoo.co\/blog\/wp-content\/uploads\/2024\/08\/Edirne-Gezi-Rehberi-Neler-Yapilir-Gezilecek-Yerler-12.jpg 1024w, https:\/\/geziyoo.co\/blog\/wp-content\/uploads\/2024\/08\/Edirne-Gezi-Rehberi-Neler-Yapilir-Gezilecek-Yerler-12-300x200.jpg 300w, https:\/\/geziyoo.co\/blog\/wp-content\/uploads\/2024\/08\/Edirne-Gezi-Rehberi-Neler-Yapilir-Gezilecek-Yerler-12-768x512.jpg 768w, https:\/\/geziyoo.co\/blog\/wp-content\/uploads\/2024\/08\/Edirne-Gezi-Rehberi-Neler-Yapilir-Gezilecek-Yerler-12-150x100.jpg 150w\" data-sizes=\"(max-width: 1024px) 100vw, 1024px\" src=\"data:image\/gif;base64,R0lGODlhAQABAAAAACH5BAEKAAEALAAAAAABAAEAAAICTAEAOw==\" style=\"--smush-placeholder-width: 1024px; --smush-placeholder-aspect-ratio: 1024\/682;\" \/><\/figure>\n\n\n\n<p>Edirne&#8217;de bulunan Balkan Sava\u015f\u0131 M\u00fczesi, Balkan Sava\u015flar\u0131 d\u00f6nemine dair \u00f6nemli belgeler, e\u015fyalar ve hat\u0131ralar\u0131 sergileyen bir m\u00fczedir. 1912-1913 y\u0131llar\u0131 aras\u0131nda Osmanl\u0131 \u0130mparatorlu\u011fu ile Balkan Devletleri aras\u0131nda ger\u00e7ekle\u015fen bu sava\u015flar\u0131n an\u0131s\u0131n\u0131 ya\u015fatmak amac\u0131yla kurulan m\u00fcze, Edirne&#8217;nin tarihi ve k\u00fclt\u00fcrel miras\u0131n\u0131n bir par\u00e7as\u0131d\u0131r.<\/p>\n\n\n\n<p>M\u00fcze, Balkan Sava\u015flar\u0131&#8217;na dair \u00e7e\u015fitli askeri giysiler, silahlar, haritalar ve belgeleri sergiler. Ayr\u0131ca d\u00f6neme ait foto\u011fraflar ve g\u00f6rsellerle ziyaret\u00e7ilere sava\u015f\u0131n atmosferini hissettirmeye \u00e7al\u0131\u015f\u0131r.<\/p>\n\n\n\n<p>Balkan Sava\u015flar\u0131, Osmanl\u0131 \u0130mparatorlu\u011fu&#8217;nun Balkanlar&#8217;daki topraklar\u0131n\u0131 kaybetmesine ve b\u00f6lgenin siyasi yap\u0131s\u0131n\u0131n de\u011fi\u015fmesine yol a\u00e7an \u00f6nemli bir d\u00f6n\u00fcm noktas\u0131d\u0131r. M\u00fcze, bu d\u00f6nemin tarih\u00ee \u00f6nemini ve sava\u015f\u0131n etkilerini anlamak isteyenler i\u00e7in kapsaml\u0131 bilgiler sunar.<\/p>\n\n\n\n<p>M\u00fcze, \u00f6\u011frencilere ve ziyaret\u00e7ilere y\u00f6nelik \u00e7e\u015fitli e\u011fitim programlar\u0131 ve etkinlikler d\u00fczenler. Bu etkinlikler genellikle sava\u015f\u0131n tarihini, etkilerini ve stratejilerini daha iyi anlamay\u0131 ama\u00e7lar.<\/p>\n\n\n\n<p>M\u00fcze, sava\u015f d\u00f6nemine ait e\u015fyalar\u0131n ve belgelerin korunmas\u0131na b\u00fcy\u00fck \u00f6nem verir. Bu kapsamda, tarihi eserlerin restorasyonu ve korunmas\u0131 i\u00e7in \u00f6zel \u00e7al\u0131\u015fmalar yap\u0131l\u0131r.<\/p>\n\n\n\n<hr class=\"wp-block-separator has-alpha-channel-opacity is-style-wide\"\/>\n\n\n\n<h3 class=\"wp-block-heading\"><strong>12.Karaa\u011fa\u00e7 Tren \u0130stasyonu<\/strong><\/h3>\n\n\n\n<figure class=\"wp-block-image alignnone size-full size-large wp-image-14431\"><img decoding=\"async\" width=\"800\" height=\"400\" data-src=\"https:\/\/geziyoo.co\/blog\/wp-content\/uploads\/2024\/08\/Edirne-Gezi-Rehberi-Neler-Yapilir-Gezilecek-Yerler-13.jpg\" alt=\"\" class=\"wp-image-19224 lazyload\" data-srcset=\"https:\/\/geziyoo.co\/blog\/wp-content\/uploads\/2024\/08\/Edirne-Gezi-Rehberi-Neler-Yapilir-Gezilecek-Yerler-13.jpg 800w, https:\/\/geziyoo.co\/blog\/wp-content\/uploads\/2024\/08\/Edirne-Gezi-Rehberi-Neler-Yapilir-Gezilecek-Yerler-13-300x150.jpg 300w, https:\/\/geziyoo.co\/blog\/wp-content\/uploads\/2024\/08\/Edirne-Gezi-Rehberi-Neler-Yapilir-Gezilecek-Yerler-13-768x384.jpg 768w, https:\/\/geziyoo.co\/blog\/wp-content\/uploads\/2024\/08\/Edirne-Gezi-Rehberi-Neler-Yapilir-Gezilecek-Yerler-13-150x75.jpg 150w\" data-sizes=\"(max-width: 800px) 100vw, 800px\" src=\"data:image\/gif;base64,R0lGODlhAQABAAAAACH5BAEKAAEALAAAAAABAAEAAAICTAEAOw==\" style=\"--smush-placeholder-width: 800px; --smush-placeholder-aspect-ratio: 800\/400;\" \/><figcaption class=\"wp-element-caption\">Kendi kadraj\u0131mdan Karraa\u011fa\u00e7 tren istasyonunda ki eski tren.<\/figcaption><\/figure>\n\n\n\n<p>Lozan Antla\u015fmas\u0131n\u0131n yap\u0131ld\u0131\u011f\u0131 yerdir.Trakya \u00dcniversitesi G\u00fczel Sanatlar Fak\u00fcltesine de ev sahipli\u011fi yapmaktad\u0131r.Yunan s\u0131n\u0131r\u0131na 4 km mesafede yer almaktad\u0131r,yani y\u00fcr\u00fcyerek 30 dakika i\u00e7erisinde Yunan topraklar\u0131na ge\u00e7ebilirsiniz,fakat siz denemeyin.:) Tren \u0130stasyonun i\u00e7erisinde tarihi bir trende bulunmaktad\u0131r.\u00d6zellikle Sonbahar mevsiminde \u00e7ok ama \u00e7ok g\u00fczel kareler yakalayabilirsiniz.<\/p>\n\n\n\n<hr class=\"wp-block-separator has-alpha-channel-opacity is-style-wide\"\/>\n\n\n\n<h3 class=\"wp-block-heading\"><strong>13.Edirne Kent Orman\u0131<\/strong><\/h3>\n\n\n\n<figure class=\"wp-block-image size-full\"><img decoding=\"async\" width=\"800\" height=\"533\" data-src=\"https:\/\/geziyoo.co\/blog\/wp-content\/uploads\/2024\/08\/Edirne-Gezi-Rehberi-Neler-Yapilir-Gezilecek-Yerler-1.jpg\" alt=\"\" class=\"wp-image-19210 lazyload\" data-srcset=\"https:\/\/geziyoo.co\/blog\/wp-content\/uploads\/2024\/08\/Edirne-Gezi-Rehberi-Neler-Yapilir-Gezilecek-Yerler-1.jpg 800w, https:\/\/geziyoo.co\/blog\/wp-content\/uploads\/2024\/08\/Edirne-Gezi-Rehberi-Neler-Yapilir-Gezilecek-Yerler-1-300x200.jpg 300w, https:\/\/geziyoo.co\/blog\/wp-content\/uploads\/2024\/08\/Edirne-Gezi-Rehberi-Neler-Yapilir-Gezilecek-Yerler-1-768x512.jpg 768w, https:\/\/geziyoo.co\/blog\/wp-content\/uploads\/2024\/08\/Edirne-Gezi-Rehberi-Neler-Yapilir-Gezilecek-Yerler-1-150x100.jpg 150w\" data-sizes=\"(max-width: 800px) 100vw, 800px\" src=\"data:image\/gif;base64,R0lGODlhAQABAAAAACH5BAEKAAEALAAAAAABAAEAAAICTAEAOw==\" style=\"--smush-placeholder-width: 800px; --smush-placeholder-aspect-ratio: 800\/533;\" \/><\/figure>\n\n\n\n<p>Karaa\u011fa\u00e7 Tren \u0130stasyonuna giderken sa\u011f tarafta yer almaktad\u0131r.\u00d6zellikle yaz mevsiminde Orman i\u00e7erisinde yer alan kafeler de,bir \u015feyler yeyip i\u00e7ebilirsiniz.Ye\u015filsiz yapamayanlar, kendilerini Edirne Kent Orman\u0131na atabilirler.<\/p>\n\n\n\n<hr class=\"wp-block-separator has-alpha-channel-opacity is-style-wide\"\/>\n\n\n\n<h3 class=\"wp-block-heading\"><strong>14.Edirne Ci\u011ferciler \u00c7ar\u015f\u0131s\u0131<\/strong><\/h3>\n\n\n\n<figure class=\"wp-block-image alignnone size-full size-large wp-image-14429\"><img decoding=\"async\" width=\"800\" height=\"400\" data-src=\"https:\/\/geziyoo.co\/blog\/wp-content\/uploads\/2024\/08\/Edirne-Gezi-Rehberi-Neler-Yapilir-Gezilecek-Yerler-2-2.jpg\" alt=\"\" class=\"wp-image-19225 lazyload\" data-srcset=\"https:\/\/geziyoo.co\/blog\/wp-content\/uploads\/2024\/08\/Edirne-Gezi-Rehberi-Neler-Yapilir-Gezilecek-Yerler-2-2.jpg 800w, https:\/\/geziyoo.co\/blog\/wp-content\/uploads\/2024\/08\/Edirne-Gezi-Rehberi-Neler-Yapilir-Gezilecek-Yerler-2-2-300x150.jpg 300w, https:\/\/geziyoo.co\/blog\/wp-content\/uploads\/2024\/08\/Edirne-Gezi-Rehberi-Neler-Yapilir-Gezilecek-Yerler-2-2-768x384.jpg 768w, https:\/\/geziyoo.co\/blog\/wp-content\/uploads\/2024\/08\/Edirne-Gezi-Rehberi-Neler-Yapilir-Gezilecek-Yerler-2-2-150x75.jpg 150w\" data-sizes=\"(max-width: 800px) 100vw, 800px\" src=\"data:image\/gif;base64,R0lGODlhAQABAAAAACH5BAEKAAEALAAAAAABAAEAAAICTAEAOw==\" style=\"--smush-placeholder-width: 800px; --smush-placeholder-aspect-ratio: 800\/400;\" \/><figcaption class=\"wp-element-caption\">Yan yana bir \u00e7ok ci\u011ferciyi g\u00f6rebilirsiniz.<\/figcaption><\/figure>\n\n\n\n<p>Asl\u0131nda b\u00f6yle bir \u00e7ar\u015f\u0131 yok.Bizim uydurdu\u011fumuz bir isim.Ger\u00e7i ci\u011fercilerin bir \u00e7o\u011fu bu alanda toplanm\u0131\u015ft\u0131r.Biz Akg\u00fcn ci\u011fercisini tercih ettik.Yer g\u00fczeldi fakat biz Edirne Tava Ci\u011ferini pek sevmedik.\u0130lk defa tatmam\u0131za ra\u011fmen \u00e7ok ho\u015fumuza gitmedi.Tabi damak tad\u0131,herkeste farkl\u0131 bir etki b\u0131rak\u0131yor.<\/p>\n\n\n\n<hr class=\"wp-block-separator has-alpha-channel-opacity is-style-wide\"\/>\n\n\n\n<p>Edirne Gezi Rehberi yaz\u0131m\u0131zda Edirne ile ilgili bilmeniz gerekn bir \u00e7ok bilgiuyi sizlere aktard\u0131k.Tabi bu bizim se\u00e7ti\u011fimiz ve be\u011fendi\u011fimiz yerlerdi.Edirne de gezebilece\u011finiz daha bir \u00e7ok yer mevcut.Sizlerde yorumlar k\u0131sm\u0131nda gezilecek yerlerini belirtebilirsiniz.<\/p>\n\n\n\n<p>Herkese bol huzurlu ve g\u00fczel bir g\u00fcn diliyoruz.Di\u011fer yaz\u0131lar\u0131m\u0131zda g\u00f6r\u00fc\u015fmek dile\u011fiyle Ho\u015f\u00e7akal\u0131n&#8230;<\/p>\n\n\n\n<hr class=\"wp-block-separator has-css-opacity is-style-wide\"\/>\n\n\n\n<h3 class=\"wp-block-heading\">Bunlar\u0131 da Sevebilirsiniz;<\/h3>\n\n\n<ul class=\"wp-block-latest-posts__list wp-block-latest-posts\"><li><a class=\"wp-block-latest-posts__post-title\" href=\"https:\/\/geziyoo.co\/blog\/yurt-disinda-cocuklarin-egitimi-ebeveynler-formaliteler-yuzunden-nerede-para-kaybediyor\/\">Yurt d\u0131\u015f\u0131nda \u00e7ocuklar\u0131n e\u011fitimi: Ebeveynler formaliteler y\u00fcz\u00fcnden nerede para kaybediyor?<\/a><\/li>\n<li><a class=\"wp-block-latest-posts__post-title\" href=\"https:\/\/geziyoo.co\/blog\/gezerken-ne-giyilir\/\">Gezerken Ne Giyilir? Mevsim Ge\u00e7i\u015fleri ve Yaz Tatilleri \u0130\u00e7in Pratik Kombin Rehberi<\/a><\/li>\n<li><a class=\"wp-block-latest-posts__post-title\" href=\"https:\/\/geziyoo.co\/blog\/2026-resmi-tatilleri-ve-14-gune-43-gun\/\">Ajandalar Haz\u0131rlans\u0131n! 2026 Resmi Tatilleri ve &#8220;14 G\u00fcne 43 G\u00fcn&#8221; Form\u00fcl\u00fc G\u00fcndemde<\/a><\/li>\n<\/ul>","protected":false},"excerpt":{"rendered":"<p>Edirne Gezi Rehberi yaz\u0131m\u0131zdan herkese merhabalar. Bu kez yolumuz Edirne&#8217;ye d\u00fc\u015ft\u00fc. G\u00fcn\u00fcbirlik Edirne&#8217;de gezip,dola\u015ft\u0131k ve g\u00fczel bir g\u00fcn ge\u00e7irdik. Ya\u015fad\u0131\u011f\u0131m\u0131z maceralar\u0131 ve gezdi\u011fimiz yerleri de her zaman oldu\u011fu gibi yaz\u0131m\u0131zda anlatt\u0131k. Yaz\u0131m\u0131z da ilk \u00f6nce Edirne ile ilgili temel bilgileri verip, daha sonra Edirne Gezilecek Yerler ba\u015fl\u0131\u011f\u0131m\u0131za devam edece\u011fiz. Bunlar\u0131n \u00f6ncesinde genel bir de\u011ferlendirme yapmak &hellip;<\/p>\n","protected":false},"author":1,"featured_media":19212,"comment_status":"open","ping_status":"closed","sticky":false,"template":"","format":"standard","meta":{"footnotes":""},"categories":[20],"tags":[],"class_list":["post-19057","post","type-post","status-publish","format-standard","has-post-thumbnail","hentry","category-gezirehberi"],"yoast_head":"<!-- This site is optimized with the Yoast SEO plugin v26.9 - https:\/\/yoast.com\/product\/yoast-seo-wordpress\/ -->\n<title>Edirne Gezi Rehberi, Gezilecek Yerler, \u0130pu\u00e7lar\u0131 (2026 G\u00fcncel) | Geziyoo<\/title>\n<meta name=\"description\" content=\"Edirne Gezi Rehberi i\u00e7eri\u011fimizde da ilk \u00f6nce Edirne ile ilgili temel bilgileri verip, daha sonra Edirne Gezilecek Yerler sunduk\" \/>\n<meta name=\"robots\" content=\"index, follow, max-snippet:-1, max-image-preview:large, max-video-preview:-1\" \/>\n<link rel=\"canonical\" href=\"http:\/\/geziyoo.co\/blog\/edirne-gezi-rehberi\/\" \/>\n<meta property=\"og:locale\" content=\"tr_TR\" \/>\n<meta property=\"og:type\" content=\"article\" \/>\n<meta property=\"og:title\" content=\"Edirne Gezi Rehberi, Gezilecek Yerler, \u0130pu\u00e7lar\u0131 (2026 G\u00fcncel) | Geziyoo\" \/>\n<meta property=\"og:description\" content=\"Edirne Gezi Rehberi i\u00e7eri\u011fimizde da ilk \u00f6nce Edirne ile ilgili temel bilgileri verip, daha sonra Edirne Gezilecek Yerler sunduk\" \/>\n<meta property=\"og:url\" content=\"http:\/\/geziyoo.co\/blog\/edirne-gezi-rehberi\/\" \/>\n<meta property=\"og:site_name\" content=\"Geziyoo.co\" \/>\n<meta property=\"article:publisher\" content=\"https:\/\/www.facebook.com\/Geziyooco\" \/>\n<meta property=\"article:author\" content=\"https:\/\/www.facebook.com\/geziyoo.co\" \/>\n<meta property=\"article:published_time\" content=\"2024-08-28T10:09:14+00:00\" \/>\n<meta property=\"article:modified_time\" content=\"2026-02-06T12:18:56+00:00\" \/>\n<meta property=\"og:image\" content=\"http:\/\/geziyoo.co\/blog\/wp-content\/uploads\/2024\/08\/Selimiye-Cami-Servet-UYGUN-60.jpg\" \/>\n\t<meta property=\"og:image:width\" content=\"1200\" \/>\n\t<meta property=\"og:image:height\" content=\"800\" \/>\n\t<meta property=\"og:image:type\" content=\"image\/jpeg\" \/>\n<meta name=\"author\" content=\"Geziyoo\" \/>\n<meta name=\"twitter:card\" content=\"summary_large_image\" \/>\n<meta name=\"twitter:creator\" content=\"@https:\/\/twitter.com\/geziyoo\" \/>\n<meta name=\"twitter:site\" content=\"@geziyoo\" \/>\n<meta name=\"twitter:label1\" content=\"Yazan:\" \/>\n\t<meta name=\"twitter:data1\" content=\"Geziyoo\" \/>\n\t<meta name=\"twitter:label2\" content=\"Tahmini okuma s\u00fcresi\" \/>\n\t<meta name=\"twitter:data2\" content=\"23 dakika\" \/>\n<script type=\"application\/ld+json\" class=\"yoast-schema-graph\">{\"@context\":\"https:\/\/schema.org\",\"@graph\":[{\"@type\":\"Article\",\"@id\":\"http:\/\/geziyoo.co\/blog\/edirne-gezi-rehberi\/#article\",\"isPartOf\":{\"@id\":\"http:\/\/geziyoo.co\/blog\/edirne-gezi-rehberi\/\"},\"author\":{\"name\":\"Geziyoo\",\"@id\":\"https:\/\/geziyoo.co\/blog\/#\/schema\/person\/032acb2436540ed14784e7d978aef0e4\"},\"headline\":\"Edirne Gezi Rehberi, Gezilecek Yerler, \u0130pu\u00e7lar\u0131 (2026 G\u00fcncel)\",\"datePublished\":\"2024-08-28T10:09:14+00:00\",\"dateModified\":\"2026-02-06T12:18:56+00:00\",\"mainEntityOfPage\":{\"@id\":\"http:\/\/geziyoo.co\/blog\/edirne-gezi-rehberi\/\"},\"wordCount\":4659,\"commentCount\":0,\"publisher\":{\"@id\":\"https:\/\/geziyoo.co\/blog\/#organization\"},\"image\":{\"@id\":\"http:\/\/geziyoo.co\/blog\/edirne-gezi-rehberi\/#primaryimage\"},\"thumbnailUrl\":\"https:\/\/geziyoo.co\/blog\/wp-content\/uploads\/2024\/08\/Selimiye-Cami-Servet-UYGUN-60.jpg\",\"articleSection\":[\"Gezi Rehberi\"],\"inLanguage\":\"tr\",\"potentialAction\":[{\"@type\":\"CommentAction\",\"name\":\"Comment\",\"target\":[\"http:\/\/geziyoo.co\/blog\/edirne-gezi-rehberi\/#respond\"]}]},{\"@type\":\"WebPage\",\"@id\":\"http:\/\/geziyoo.co\/blog\/edirne-gezi-rehberi\/\",\"url\":\"http:\/\/geziyoo.co\/blog\/edirne-gezi-rehberi\/\",\"name\":\"Edirne Gezi Rehberi, Gezilecek Yerler, \u0130pu\u00e7lar\u0131 (2026 G\u00fcncel) | Geziyoo\",\"isPartOf\":{\"@id\":\"https:\/\/geziyoo.co\/blog\/#website\"},\"primaryImageOfPage\":{\"@id\":\"http:\/\/geziyoo.co\/blog\/edirne-gezi-rehberi\/#primaryimage\"},\"image\":{\"@id\":\"http:\/\/geziyoo.co\/blog\/edirne-gezi-rehberi\/#primaryimage\"},\"thumbnailUrl\":\"https:\/\/geziyoo.co\/blog\/wp-content\/uploads\/2024\/08\/Selimiye-Cami-Servet-UYGUN-60.jpg\",\"datePublished\":\"2024-08-28T10:09:14+00:00\",\"dateModified\":\"2026-02-06T12:18:56+00:00\",\"description\":\"Edirne Gezi Rehberi i\u00e7eri\u011fimizde da ilk \u00f6nce Edirne ile ilgili temel bilgileri verip, daha sonra Edirne Gezilecek Yerler sunduk\",\"breadcrumb\":{\"@id\":\"http:\/\/geziyoo.co\/blog\/edirne-gezi-rehberi\/#breadcrumb\"},\"inLanguage\":\"tr\",\"potentialAction\":[{\"@type\":\"ReadAction\",\"target\":[\"http:\/\/geziyoo.co\/blog\/edirne-gezi-rehberi\/\"]}]},{\"@type\":\"ImageObject\",\"inLanguage\":\"tr\",\"@id\":\"http:\/\/geziyoo.co\/blog\/edirne-gezi-rehberi\/#primaryimage\",\"url\":\"https:\/\/geziyoo.co\/blog\/wp-content\/uploads\/2024\/08\/Selimiye-Cami-Servet-UYGUN-60.jpg\",\"contentUrl\":\"https:\/\/geziyoo.co\/blog\/wp-content\/uploads\/2024\/08\/Selimiye-Cami-Servet-UYGUN-60.jpg\",\"width\":1200,\"height\":800},{\"@type\":\"BreadcrumbList\",\"@id\":\"http:\/\/geziyoo.co\/blog\/edirne-gezi-rehberi\/#breadcrumb\",\"itemListElement\":[{\"@type\":\"ListItem\",\"position\":1,\"name\":\"Ana sayfa\",\"item\":\"https:\/\/geziyoo.co\/blog\/\"},{\"@type\":\"ListItem\",\"position\":2,\"name\":\"Edirne Gezi Rehberi, Gezilecek Yerler, \u0130pu\u00e7lar\u0131 (2026 G\u00fcncel)\"}]},{\"@type\":\"WebSite\",\"@id\":\"https:\/\/geziyoo.co\/blog\/#website\",\"url\":\"https:\/\/geziyoo.co\/blog\/\",\"name\":\"Geziyoo Blog\",\"description\":\"GeziYoo Blog&#039;da T\u00fcrkiye&#039;nin en iyi kamp alanlar\u0131ndan bungalov tatillerine, karavan ipu\u00e7lar\u0131ndan gezi rehberlerine kadar her t\u00fcrl\u00fc do\u011fa deneyimini ke\u015ffedin.\",\"publisher\":{\"@id\":\"https:\/\/geziyoo.co\/blog\/#organization\"},\"potentialAction\":[{\"@type\":\"SearchAction\",\"target\":{\"@type\":\"EntryPoint\",\"urlTemplate\":\"https:\/\/geziyoo.co\/blog\/?s={search_term_string}\"},\"query-input\":{\"@type\":\"PropertyValueSpecification\",\"valueRequired\":true,\"valueName\":\"search_term_string\"}}],\"inLanguage\":\"tr\"},{\"@type\":\"Organization\",\"@id\":\"https:\/\/geziyoo.co\/blog\/#organization\",\"name\":\"Geziyoo.co\",\"url\":\"https:\/\/geziyoo.co\/blog\/\",\"logo\":{\"@type\":\"ImageObject\",\"inLanguage\":\"tr\",\"@id\":\"https:\/\/geziyoo.co\/blog\/#\/schema\/logo\/image\/\",\"url\":\"https:\/\/geziyoo.co\/blog\/wp-content\/uploads\/2025\/01\/Paragraf-metniniz-3.png\",\"contentUrl\":\"https:\/\/geziyoo.co\/blog\/wp-content\/uploads\/2025\/01\/Paragraf-metniniz-3.png\",\"width\":270,\"height\":50,\"caption\":\"Geziyoo.co\"},\"image\":{\"@id\":\"https:\/\/geziyoo.co\/blog\/#\/schema\/logo\/image\/\"},\"sameAs\":[\"https:\/\/www.facebook.com\/Geziyooco\",\"https:\/\/x.com\/geziyoo\",\"https:\/\/tr.pinterest.com\/geziyooco\/\",\"https:\/\/www.youtube.com\/@geziyoo\",\"https:\/\/www.instagram.com\/geziyoo.co\/\"]},{\"@type\":\"Person\",\"@id\":\"https:\/\/geziyoo.co\/blog\/#\/schema\/person\/032acb2436540ed14784e7d978aef0e4\",\"name\":\"Geziyoo\",\"image\":{\"@type\":\"ImageObject\",\"inLanguage\":\"tr\",\"@id\":\"https:\/\/geziyoo.co\/blog\/#\/schema\/person\/image\/\",\"url\":\"https:\/\/secure.gravatar.com\/avatar\/ae212a4514471fdb8cab6e5af4f3c99b940a2d0a16713ea0392c8d7c8a64f30a?s=96&d=mm&r=g\",\"contentUrl\":\"https:\/\/secure.gravatar.com\/avatar\/ae212a4514471fdb8cab6e5af4f3c99b940a2d0a16713ea0392c8d7c8a64f30a?s=96&d=mm&r=g\",\"caption\":\"Geziyoo\"},\"description\":\"Do\u011fa ile i\u00e7 i\u00e7e olabilece\u011finiz yerler,do\u011fa aktivite alanlar\u0131,kamp alanlar\u0131,bungalov oteller,Tiny House Oteller, Galampingler ve da\u011f evlerinin herkes i\u00e7in ula\u015f\u0131labilir olmas\u0131n\u0131 sa\u011flamak amac\u0131yla Geziyoo\u2019ya 2019 y\u0131l\u0131nda ba\u015flad\u0131k.Do\u011fal Tatil konseptini uygulayan en geni\u015f kapsaml\u0131 sitedir.\",\"sameAs\":[\"https:\/\/geziyoo.co\/\",\"https:\/\/www.facebook.com\/geziyoo.co\",\"https:\/\/www.instagram.com\/geziyoo.co\/\",\"https:\/\/tr.pinterest.com\/geziyooco\/\",\"https:\/\/x.com\/https:\/\/twitter.com\/geziyoo\",\"https:\/\/www.youtube.com\/channel\/UCdiSMa6pe17KEY7DP1Ug4ag\"]}]}<\/script>\n<!-- \/ Yoast SEO plugin. -->","yoast_head_json":{"title":"Edirne Gezi Rehberi, Gezilecek Yerler, \u0130pu\u00e7lar\u0131 (2026 G\u00fcncel) | Geziyoo","description":"Edirne Gezi Rehberi i\u00e7eri\u011fimizde da ilk \u00f6nce Edirne ile ilgili temel bilgileri verip, daha sonra Edirne Gezilecek Yerler sunduk","robots":{"index":"index","follow":"follow","max-snippet":"max-snippet:-1","max-image-preview":"max-image-preview:large","max-video-preview":"max-video-preview:-1"},"canonical":"http:\/\/geziyoo.co\/blog\/edirne-gezi-rehberi\/","og_locale":"tr_TR","og_type":"article","og_title":"Edirne Gezi Rehberi, Gezilecek Yerler, \u0130pu\u00e7lar\u0131 (2026 G\u00fcncel) | Geziyoo","og_description":"Edirne Gezi Rehberi i\u00e7eri\u011fimizde da ilk \u00f6nce Edirne ile ilgili temel bilgileri verip, daha sonra Edirne Gezilecek Yerler sunduk","og_url":"http:\/\/geziyoo.co\/blog\/edirne-gezi-rehberi\/","og_site_name":"Geziyoo.co","article_publisher":"https:\/\/www.facebook.com\/Geziyooco","article_author":"https:\/\/www.facebook.com\/geziyoo.co","article_published_time":"2024-08-28T10:09:14+00:00","article_modified_time":"2026-02-06T12:18:56+00:00","og_image":[{"width":1200,"height":800,"url":"http:\/\/geziyoo.co\/blog\/wp-content\/uploads\/2024\/08\/Selimiye-Cami-Servet-UYGUN-60.jpg","type":"image\/jpeg"}],"author":"Geziyoo","twitter_card":"summary_large_image","twitter_creator":"@https:\/\/twitter.com\/geziyoo","twitter_site":"@geziyoo","twitter_misc":{"Yazan:":"Geziyoo","Tahmini okuma s\u00fcresi":"23 dakika"},"schema":{"@context":"https:\/\/schema.org","@graph":[{"@type":"Article","@id":"http:\/\/geziyoo.co\/blog\/edirne-gezi-rehberi\/#article","isPartOf":{"@id":"http:\/\/geziyoo.co\/blog\/edirne-gezi-rehberi\/"},"author":{"name":"Geziyoo","@id":"https:\/\/geziyoo.co\/blog\/#\/schema\/person\/032acb2436540ed14784e7d978aef0e4"},"headline":"Edirne Gezi Rehberi, Gezilecek Yerler, \u0130pu\u00e7lar\u0131 (2026 G\u00fcncel)","datePublished":"2024-08-28T10:09:14+00:00","dateModified":"2026-02-06T12:18:56+00:00","mainEntityOfPage":{"@id":"http:\/\/geziyoo.co\/blog\/edirne-gezi-rehberi\/"},"wordCount":4659,"commentCount":0,"publisher":{"@id":"https:\/\/geziyoo.co\/blog\/#organization"},"image":{"@id":"http:\/\/geziyoo.co\/blog\/edirne-gezi-rehberi\/#primaryimage"},"thumbnailUrl":"https:\/\/geziyoo.co\/blog\/wp-content\/uploads\/2024\/08\/Selimiye-Cami-Servet-UYGUN-60.jpg","articleSection":["Gezi Rehberi"],"inLanguage":"tr","potentialAction":[{"@type":"CommentAction","name":"Comment","target":["http:\/\/geziyoo.co\/blog\/edirne-gezi-rehberi\/#respond"]}]},{"@type":"WebPage","@id":"http:\/\/geziyoo.co\/blog\/edirne-gezi-rehberi\/","url":"http:\/\/geziyoo.co\/blog\/edirne-gezi-rehberi\/","name":"Edirne Gezi Rehberi, Gezilecek Yerler, \u0130pu\u00e7lar\u0131 (2026 G\u00fcncel) | Geziyoo","isPartOf":{"@id":"https:\/\/geziyoo.co\/blog\/#website"},"primaryImageOfPage":{"@id":"http:\/\/geziyoo.co\/blog\/edirne-gezi-rehberi\/#primaryimage"},"image":{"@id":"http:\/\/geziyoo.co\/blog\/edirne-gezi-rehberi\/#primaryimage"},"thumbnailUrl":"https:\/\/geziyoo.co\/blog\/wp-content\/uploads\/2024\/08\/Selimiye-Cami-Servet-UYGUN-60.jpg","datePublished":"2024-08-28T10:09:14+00:00","dateModified":"2026-02-06T12:18:56+00:00","description":"Edirne Gezi Rehberi i\u00e7eri\u011fimizde da ilk \u00f6nce Edirne ile ilgili temel bilgileri verip, daha sonra Edirne Gezilecek Yerler sunduk","breadcrumb":{"@id":"http:\/\/geziyoo.co\/blog\/edirne-gezi-rehberi\/#breadcrumb"},"inLanguage":"tr","potentialAction":[{"@type":"ReadAction","target":["http:\/\/geziyoo.co\/blog\/edirne-gezi-rehberi\/"]}]},{"@type":"ImageObject","inLanguage":"tr","@id":"http:\/\/geziyoo.co\/blog\/edirne-gezi-rehberi\/#primaryimage","url":"https:\/\/geziyoo.co\/blog\/wp-content\/uploads\/2024\/08\/Selimiye-Cami-Servet-UYGUN-60.jpg","contentUrl":"https:\/\/geziyoo.co\/blog\/wp-content\/uploads\/2024\/08\/Selimiye-Cami-Servet-UYGUN-60.jpg","width":1200,"height":800},{"@type":"BreadcrumbList","@id":"http:\/\/geziyoo.co\/blog\/edirne-gezi-rehberi\/#breadcrumb","itemListElement":[{"@type":"ListItem","position":1,"name":"Ana sayfa","item":"https:\/\/geziyoo.co\/blog\/"},{"@type":"ListItem","position":2,"name":"Edirne Gezi Rehberi, Gezilecek Yerler, \u0130pu\u00e7lar\u0131 (2026 G\u00fcncel)"}]},{"@type":"WebSite","@id":"https:\/\/geziyoo.co\/blog\/#website","url":"https:\/\/geziyoo.co\/blog\/","name":"Geziyoo Blog","description":"GeziYoo Blog&#039;da T\u00fcrkiye&#039;nin en iyi kamp alanlar\u0131ndan bungalov tatillerine, karavan ipu\u00e7lar\u0131ndan gezi rehberlerine kadar her t\u00fcrl\u00fc do\u011fa deneyimini ke\u015ffedin.","publisher":{"@id":"https:\/\/geziyoo.co\/blog\/#organization"},"potentialAction":[{"@type":"SearchAction","target":{"@type":"EntryPoint","urlTemplate":"https:\/\/geziyoo.co\/blog\/?s={search_term_string}"},"query-input":{"@type":"PropertyValueSpecification","valueRequired":true,"valueName":"search_term_string"}}],"inLanguage":"tr"},{"@type":"Organization","@id":"https:\/\/geziyoo.co\/blog\/#organization","name":"Geziyoo.co","url":"https:\/\/geziyoo.co\/blog\/","logo":{"@type":"ImageObject","inLanguage":"tr","@id":"https:\/\/geziyoo.co\/blog\/#\/schema\/logo\/image\/","url":"https:\/\/geziyoo.co\/blog\/wp-content\/uploads\/2025\/01\/Paragraf-metniniz-3.png","contentUrl":"https:\/\/geziyoo.co\/blog\/wp-content\/uploads\/2025\/01\/Paragraf-metniniz-3.png","width":270,"height":50,"caption":"Geziyoo.co"},"image":{"@id":"https:\/\/geziyoo.co\/blog\/#\/schema\/logo\/image\/"},"sameAs":["https:\/\/www.facebook.com\/Geziyooco","https:\/\/x.com\/geziyoo","https:\/\/tr.pinterest.com\/geziyooco\/","https:\/\/www.youtube.com\/@geziyoo","https:\/\/www.instagram.com\/geziyoo.co\/"]},{"@type":"Person","@id":"https:\/\/geziyoo.co\/blog\/#\/schema\/person\/032acb2436540ed14784e7d978aef0e4","name":"Geziyoo","image":{"@type":"ImageObject","inLanguage":"tr","@id":"https:\/\/geziyoo.co\/blog\/#\/schema\/person\/image\/","url":"https:\/\/secure.gravatar.com\/avatar\/ae212a4514471fdb8cab6e5af4f3c99b940a2d0a16713ea0392c8d7c8a64f30a?s=96&d=mm&r=g","contentUrl":"https:\/\/secure.gravatar.com\/avatar\/ae212a4514471fdb8cab6e5af4f3c99b940a2d0a16713ea0392c8d7c8a64f30a?s=96&d=mm&r=g","caption":"Geziyoo"},"description":"Do\u011fa ile i\u00e7 i\u00e7e olabilece\u011finiz yerler,do\u011fa aktivite alanlar\u0131,kamp alanlar\u0131,bungalov oteller,Tiny House Oteller, Galampingler ve da\u011f evlerinin herkes i\u00e7in ula\u015f\u0131labilir olmas\u0131n\u0131 sa\u011flamak amac\u0131yla Geziyoo\u2019ya 2019 y\u0131l\u0131nda ba\u015flad\u0131k.Do\u011fal Tatil konseptini uygulayan en geni\u015f kapsaml\u0131 sitedir.","sameAs":["https:\/\/geziyoo.co\/","https:\/\/www.facebook.com\/geziyoo.co","https:\/\/www.instagram.com\/geziyoo.co\/","https:\/\/tr.pinterest.com\/geziyooco\/","https:\/\/x.com\/https:\/\/twitter.com\/geziyoo","https:\/\/www.youtube.com\/channel\/UCdiSMa6pe17KEY7DP1Ug4ag"]}]}},"amp_enabled":true,"_links":{"self":[{"href":"https:\/\/geziyoo.co\/blog\/wp-json\/wp\/v2\/posts\/19057","targetHints":{"allow":["GET"]}}],"collection":[{"href":"https:\/\/geziyoo.co\/blog\/wp-json\/wp\/v2\/posts"}],"about":[{"href":"https:\/\/geziyoo.co\/blog\/wp-json\/wp\/v2\/types\/post"}],"author":[{"embeddable":true,"href":"https:\/\/geziyoo.co\/blog\/wp-json\/wp\/v2\/users\/1"}],"replies":[{"embeddable":true,"href":"https:\/\/geziyoo.co\/blog\/wp-json\/wp\/v2\/comments?post=19057"}],"version-history":[{"count":0,"href":"https:\/\/geziyoo.co\/blog\/wp-json\/wp\/v2\/posts\/19057\/revisions"}],"wp:featuredmedia":[{"embeddable":true,"href":"https:\/\/geziyoo.co\/blog\/wp-json\/wp\/v2\/media\/19212"}],"wp:attachment":[{"href":"https:\/\/geziyoo.co\/blog\/wp-json\/wp\/v2\/media?parent=19057"}],"wp:term":[{"taxonomy":"category","embeddable":true,"href":"https:\/\/geziyoo.co\/blog\/wp-json\/wp\/v2\/categories?post=19057"},{"taxonomy":"post_tag","embeddable":true,"href":"https:\/\/geziyoo.co\/blog\/wp-json\/wp\/v2\/tags?post=19057"}],"curies":[{"name":"wp","href":"https:\/\/api.w.org\/{rel}","templated":true}]}}