{"id":19050,"date":"2024-08-27T14:45:53","date_gmt":"2024-08-27T14:45:53","guid":{"rendered":"https:\/\/geziyoo.co\/blog\/?p=19050"},"modified":"2026-02-06T12:18:27","modified_gmt":"2026-02-06T12:18:27","slug":"dogu-karadeniz-gezi-rehberien-iyi-10-gezilecek-yer","status":"publish","type":"post","link":"https:\/\/geziyoo.co\/blog\/dogu-karadeniz-gezi-rehberien-iyi-10-gezilecek-yer\/","title":{"rendered":"Do\u011fu Karadeniz Gezi Rehberi, En \u0130yi 10 Gezilecek Yer"},"content":{"rendered":"\n<p><strong>Do\u011fu Karadeniz Gezi Rehberi i\u00e7eri\u011fimizde herkese merhabalar.Bu i\u00e7eri\u011fimizde Sonbahar aylar\u0131nda gidebilece\u011finiz g\u00fczel yerlerden biri olan Do\u011fu Karadeniz&#8217;i tan\u0131taca\u011f\u0131z.<\/strong><\/p>\n\n\n\n<p>Tur denince akla gelen ilk durak Karadeniz\u2019dir. Kendine has lezzetleri, al\u0131\u015f\u0131lmam\u0131\u015f do\u011fas\u0131 ve k\u00fclt\u00fcrel \u00f6zellikleri sizi adeta cezbeder.&nbsp;<\/p>\n\n\n\n<p>Temmuz ay\u0131nda kay\u0131t oldu\u011fum Do\u011fu Karadeniz turuna b\u00fcy\u00fck bir heyecanla kat\u0131ld\u0131k. O do\u011fa cennetini \u00e7\u0131plak g\u00f6zle g\u00f6rmek bizi sab\u0131rs\u0131zland\u0131r\u0131yordu.<\/p>\n\n\n\n<h2 class=\"wp-block-heading\"><strong>Do\u011fu Karadeniz Gezi Rehberi,Gezilecek Yerler<\/strong><\/h2>\n\n\n\n<p>\u0130lk dura\u011f\u0131m\u0131z \u015eehzadeler \u015eehri\u00a0 &#8220;Amasya&#8221;. Adim att\u0131\u011f\u0131n\u0131z ilk anda tarih kokan bir yer. Kral kaya mezar\u0131, b\u00fcnyesinde bar\u0131nd\u0131rd\u0131\u011f\u0131 \u00e7e\u015fitli m\u00fczeler ve \u015fehir mimarisi Amasya\u2019da g\u00f6r\u00fclmesi gereken yerler aras\u0131nda ilk s\u0131ray\u0131 almaktad\u0131r.Amasya\u2019daki k\u0131sa \u015fehir turundan sonra ikinci istikametimiz Samsun. Burada sizi ilk kar\u015f\u0131layan o masmavi deniz oluyor. \u0130lk ad\u0131m\u0131n at\u0131ld\u0131\u011f\u0131 &#8220;Band\u0131rma Vapuru M\u00fczesi&#8221; adeta Kurtulu\u015fun ilk izlerini canland\u0131r\u0131yor. T\u00fcylerinizi \u00fcrperten bu manzara ak\u0131llardan \u00e7\u0131kamayacak bir ani olarak saklan\u0131yor zihninizde.\u00a0<\/p>\n\n\n\n<figure class=\"wp-block-image size-full\"><img decoding=\"async\" width=\"800\" height=\"450\" data-src=\"https:\/\/geziyoo.co\/blog\/wp-content\/uploads\/2024\/08\/Dogu-Karadeniz-Gezi-RehberiEn-Iyi-10-Gezilecek-Yer-5.jpg\" alt=\"\" class=\"wp-image-19200 lazyload\" data-srcset=\"https:\/\/geziyoo.co\/blog\/wp-content\/uploads\/2024\/08\/Dogu-Karadeniz-Gezi-RehberiEn-Iyi-10-Gezilecek-Yer-5.jpg 800w, https:\/\/geziyoo.co\/blog\/wp-content\/uploads\/2024\/08\/Dogu-Karadeniz-Gezi-RehberiEn-Iyi-10-Gezilecek-Yer-5-300x169.jpg 300w, https:\/\/geziyoo.co\/blog\/wp-content\/uploads\/2024\/08\/Dogu-Karadeniz-Gezi-RehberiEn-Iyi-10-Gezilecek-Yer-5-768x432.jpg 768w, https:\/\/geziyoo.co\/blog\/wp-content\/uploads\/2024\/08\/Dogu-Karadeniz-Gezi-RehberiEn-Iyi-10-Gezilecek-Yer-5-390x220.jpg 390w, https:\/\/geziyoo.co\/blog\/wp-content\/uploads\/2024\/08\/Dogu-Karadeniz-Gezi-RehberiEn-Iyi-10-Gezilecek-Yer-5-150x84.jpg 150w\" data-sizes=\"(max-width: 800px) 100vw, 800px\" src=\"data:image\/gif;base64,R0lGODlhAQABAAAAACH5BAEKAAEALAAAAAABAAEAAAICTAEAOw==\" style=\"--smush-placeholder-width: 800px; --smush-placeholder-aspect-ratio: 800\/450;\" \/><figcaption class=\"wp-element-caption\">Do\u011fu Karadeniz Gezi Rehberi<\/figcaption><\/figure>\n\n\n\n<p>Tarihin bu dokusunu i\u00e7imizde saklayarak sahil \u015feridinden ilerleyerek Ordu&#8217; ya do\u011fru yola \u00e7\u0131k\u0131yoruz. Art\u0131k renk tonlar\u0131n\u0131n ye\u015file b\u00fcr\u00fcnd\u00fc\u011f\u00fcn\u00fc g\u00f6r\u00fcyoruz. O heyecanla beklenen g\u00f6r\u00fcnt\u00fc kendisi g\u00f6steriyor bize. Ordu&#8217; ya geldi\u011finizde Boztepe seyir teras\u0131na mutlaka \u00e7\u0131kmal\u0131s\u0131n\u0131z. 530 tak\u0131ml\u0131 bu tepeye \u00e7\u0131k\u0131\u015f kolay ancak biraz uzun.\u00a0 Ordu Belediyesi taraf\u0131ndan i\u015fletilen teleferik ile Boztepe&#8217;ye \u00e7\u0131kmak yakla\u015f\u0131k 15 dakikan\u0131z\u0131 al\u0131yor. Ayn\u0131 zamanda yama\u00e7 para\u015f\u00fct\u00fcn\u00fcn de yap\u0131ld\u0131\u011f\u0131 bu tepedeki manzara g\u00f6r\u00fclmeye de\u011fer. Ordu Boztepe&#8217;nin m\u00fcthi\u015f manzaras\u0131 resmen ayaklar\u0131n\u0131z\u0131n alt\u0131nda.<\/p>\n\n\n\n<figure class=\"wp-block-image size-full\"><img decoding=\"async\" width=\"800\" height=\"600\" data-src=\"https:\/\/geziyoo.co\/blog\/wp-content\/uploads\/2024\/08\/Dogu-Karadeniz-Gezi-RehberiEn-Iyi-10-Gezilecek-Yer-6.jpg\" alt=\"\" class=\"wp-image-19201 lazyload\" data-srcset=\"https:\/\/geziyoo.co\/blog\/wp-content\/uploads\/2024\/08\/Dogu-Karadeniz-Gezi-RehberiEn-Iyi-10-Gezilecek-Yer-6.jpg 800w, https:\/\/geziyoo.co\/blog\/wp-content\/uploads\/2024\/08\/Dogu-Karadeniz-Gezi-RehberiEn-Iyi-10-Gezilecek-Yer-6-300x225.jpg 300w, https:\/\/geziyoo.co\/blog\/wp-content\/uploads\/2024\/08\/Dogu-Karadeniz-Gezi-RehberiEn-Iyi-10-Gezilecek-Yer-6-768x576.jpg 768w, https:\/\/geziyoo.co\/blog\/wp-content\/uploads\/2024\/08\/Dogu-Karadeniz-Gezi-RehberiEn-Iyi-10-Gezilecek-Yer-6-150x113.jpg 150w\" data-sizes=\"(max-width: 800px) 100vw, 800px\" src=\"data:image\/gif;base64,R0lGODlhAQABAAAAACH5BAEKAAEALAAAAAABAAEAAAICTAEAOw==\" style=\"--smush-placeholder-width: 800px; --smush-placeholder-aspect-ratio: 800\/600;\" \/><figcaption class=\"wp-element-caption\">Do\u011fu Karadeniz Gezi Rehberi<\/figcaption><\/figure>\n\n\n\n<p>Ordu\u2019da ki ziyaretimizi sonland\u0131r\u0131p \u00f6\u011fle yeme\u011fi dura\u011f\u0131m\u0131z i\u00e7in Trabzon&#8217;a do\u011fru ilerliyoruz. \u00d6yle yeme\u011fi i\u00e7in Zigana Restoran-Y\u00f6r\u00fck \u00c7ad\u0131r\u0131na gidiyoruz. Buradaki restoran\u0131n ilgin\u00e7 y\u00f6n\u00fc oraya girmeniz i\u00e7in asans\u00f6rlere binme gereksiniminiz. Yemek k\u0131sm\u0131 i\u00e7in \u00e7ok fazla alternatifiniz yok asl\u0131nda. Y\u00f6resel bal\u0131k \u0131zgara, Ak\u00e7aabat K\u00f6ftesi ve tavuk \u0131zgara se\u00e7enekleriniz aras\u0131nda. <\/p>\n\n\n\n<p>Ak\u00e7aabat K\u00f6ftesinin g\u00fczel bir lezzeti oldu\u011funu ve damakta ho\u015f bir tat b\u0131rakt\u0131\u011f\u0131n\u0131 s\u00f6ylemek su g\u00f6t\u00fcrmez bir ger\u00e7ek. Ayr\u0131ca y\u00f6renin \u00e7ay\u0131 e\u015fli\u011finde y\u00f6r\u00fck \u00e7ad\u0131r\u0131ndaki m\u00fczik keyfi ve manzara unutulmaz bir \u00f6\u011fle yeme\u011fi yasat\u0131yor insana.T\u00fcrkiye\u2019de ayn\u0131 adla an\u0131lan bir\u00e7ok yap\u0131n\u0131n, yerlerin ve parklar\u0131n oldu\u011funu hepiniz bilirsiniz. <\/p>\n\n\n\n<p>Trabzon Ayasofya Camii bunlardan bir tanesi. T\u00fcrkiye\u2019de \u00fc\u00e7 adet yer alan Ayasofya Camii&#8217;nin bir tanesi de Trabzon&#8217;da yer almakta ve tamamlanan yenileme \u00e7al\u0131\u015fmas\u0131 sonras\u0131 ziyarete a\u00e7\u0131lm\u0131\u015f. Ayr\u0131ca Atat\u00fcrk K\u00f6\u015fk\u00fc de o g\u00fczel bah\u00e7esi, o tarih\u00ee dokunu\u015flar\u0131 ile yine ziyaret edebilece\u011finiz yerler aras\u0131ndad\u0131r. Atat\u00fcrk K\u00f6\u015fk\u00fc\u2019n\u00fcn oldu\u011fu tepede ayn\u0131 zamanda g\u00fcm\u00fc\u015f at\u00f6lyeleri de mevcuttur. Burada zevk ve tercihinize g\u00f6re bir\u00e7ok g\u00fcm\u00fc\u015f eser bulabilirsiniz.<\/p>\n\n\n\n<figure class=\"wp-block-image size-full\"><img decoding=\"async\" width=\"800\" height=\"600\" data-src=\"https:\/\/geziyoo.co\/blog\/wp-content\/uploads\/2024\/08\/Dogu-Karadeniz-Gezi-RehberiEn-Iyi-10-Gezilecek-Yer-1.jpg\" alt=\"\" class=\"wp-image-19202 lazyload\" data-srcset=\"https:\/\/geziyoo.co\/blog\/wp-content\/uploads\/2024\/08\/Dogu-Karadeniz-Gezi-RehberiEn-Iyi-10-Gezilecek-Yer-1.jpg 800w, https:\/\/geziyoo.co\/blog\/wp-content\/uploads\/2024\/08\/Dogu-Karadeniz-Gezi-RehberiEn-Iyi-10-Gezilecek-Yer-1-300x225.jpg 300w, https:\/\/geziyoo.co\/blog\/wp-content\/uploads\/2024\/08\/Dogu-Karadeniz-Gezi-RehberiEn-Iyi-10-Gezilecek-Yer-1-768x576.jpg 768w, https:\/\/geziyoo.co\/blog\/wp-content\/uploads\/2024\/08\/Dogu-Karadeniz-Gezi-RehberiEn-Iyi-10-Gezilecek-Yer-1-150x113.jpg 150w\" data-sizes=\"(max-width: 800px) 100vw, 800px\" src=\"data:image\/gif;base64,R0lGODlhAQABAAAAACH5BAEKAAEALAAAAAABAAEAAAICTAEAOw==\" style=\"--smush-placeholder-width: 800px; --smush-placeholder-aspect-ratio: 800\/600;\" \/><figcaption class=\"wp-element-caption\">Do\u011fu Karadeniz Gezi Rehberi<\/figcaption><\/figure>\n\n\n\n<p>Sonraki durak nihayetinde Uzung\u00f6l. Trabzon-\u00c7aykara il\u00e7esinde bulunan bu heyelan set g\u00f6l\u00fc yerli yabanc\u0131 turistlerin u\u011frak mek\u00e2n\u0131 olmu\u015f durumda. Sahip oldu\u011fu nemli havas\u0131, uzun g\u00f6l\u00fc, ye\u015filli\u011fin d\u00f6rt bir yani sard\u0131\u011f\u0131 do\u011fas\u0131 ve lezzetli yemekleri ile insan\u0131 kendinden kopamayacak bir duruma getiriyor. G\u00f6l\u00fcn etraf\u0131ndaki uzun y\u00fcr\u00fcy\u00fc\u015f yolu, bungalov tarz\u0131 konaklama alanlar\u0131 ve ya\u015fayan o canl\u0131l\u0131k sizi hayran b\u0131rak\u0131yor kendine.&nbsp;&nbsp;<\/p>\n\n\n\n<p>Bu b\u00f6lgenin en g\u00fczel do\u011fa harikalar\u0131ndan biri de yaylalar\u0131. Lustra Yaylas\u0131ndan -\u015fansl\u0131ysan\u0131z sis olmayan bir havada -bulutlar\u0131n \u00fcst\u00fcnden bakarak bu manzaran\u0131n tad\u0131n\u0131 da \u00e7\u0131karabilirsiniz.&nbsp; G\u00fcne Uzun G\u00f6l\u2019de erken ba\u015flamak \u00e7ok \u00f6nemli. Sabah\u0131n erken saatlerinde kalk\u0131p g\u00f6l\u00fcn \u00fcst\u00fcnde yer alan restoranlar\u0131n birinde \u00f6nceden rezervasyon \u015fart\u0131yla g\u00fczel bir kahvalt\u0131 yapabilirsiniz. Kartpostallara i\u015flenmi\u015f o g\u00f6r\u00fcnt\u00fc s\u0131cak bir \u00e7ay e\u015fli\u011finde \u00e7ok da g\u00fczel yudumlan\u0131yor.<\/p>\n\n\n\n<figure class=\"wp-block-image size-full\"><img decoding=\"async\" width=\"800\" height=\"600\" data-src=\"https:\/\/geziyoo.co\/blog\/wp-content\/uploads\/2024\/08\/Dogu-Karadeniz-Gezi-RehberiEn-Iyi-10-Gezilecek-Yer-2.jpg\" alt=\"\" class=\"wp-image-19203 lazyload\" data-srcset=\"https:\/\/geziyoo.co\/blog\/wp-content\/uploads\/2024\/08\/Dogu-Karadeniz-Gezi-RehberiEn-Iyi-10-Gezilecek-Yer-2.jpg 800w, https:\/\/geziyoo.co\/blog\/wp-content\/uploads\/2024\/08\/Dogu-Karadeniz-Gezi-RehberiEn-Iyi-10-Gezilecek-Yer-2-300x225.jpg 300w, https:\/\/geziyoo.co\/blog\/wp-content\/uploads\/2024\/08\/Dogu-Karadeniz-Gezi-RehberiEn-Iyi-10-Gezilecek-Yer-2-768x576.jpg 768w, https:\/\/geziyoo.co\/blog\/wp-content\/uploads\/2024\/08\/Dogu-Karadeniz-Gezi-RehberiEn-Iyi-10-Gezilecek-Yer-2-150x113.jpg 150w\" data-sizes=\"(max-width: 800px) 100vw, 800px\" src=\"data:image\/gif;base64,R0lGODlhAQABAAAAACH5BAEKAAEALAAAAAABAAEAAAICTAEAOw==\" style=\"--smush-placeholder-width: 800px; --smush-placeholder-aspect-ratio: 800\/600;\" \/><figcaption class=\"wp-element-caption\">Do\u011fu Karadeniz Gezi Rehberi<\/figcaption><\/figure>\n\n\n\n<p>Uzun G\u00f6l\u2019e misafirperverli\u011fi i\u00e7in te\u015fekk\u00fcr ettikten sonra F\u0131rt\u0131na Deresi\u2019ne gitmek \u00fczere yola koyuluyoruz. Rafting yapabilece\u011finiz, zipline binebilece\u011finiz ve nehire kar\u015f\u0131 sal\u0131ncakta sallanabilece\u011finiz bu dere y\u00f6renin pop\u00fcler yerlerinden birisi. Hem yemek ihtiyac\u0131n\u0131z\u0131 giderebilece\u011finiz hem de e\u011flenceli bir zaman ge\u00e7irebilece\u011finiz g\u00fczel bir yer. <\/p>\n\n\n\n<p>\u0130lk kez deneyenler i\u00e7in rafting g\u00fczel bir tecr\u00fcbe olacakt\u0131r. Ya\u011fmurlu havada elinizde k\u00fcrek ba\u015f\u0131n\u0131zda kaskla indi\u011finiz o nehir sizi korkutmas\u0131n. \u0130lk k\u00fcrek \u00e7ekmeye ba\u015flad\u0131\u011f\u0131n\u0131z andan itibaren ve e\u011fitmenin talimat\u0131yla s\u00f6ylenen nidalar heyecan\u0131n\u0131z\u0131 bile art\u0131rabilir. Son dura\u011fa geldi\u011finizde ise ke\u015fke bitmesin diyece\u011finize eminim.&nbsp;&nbsp;&nbsp;&nbsp; <\/p>\n\n\n\n<p>F\u0131rt\u0131na Deresi&#8217;ndeki bu e\u011flenceli moladan sonra en g\u00fczel yaylalardan biri olan Ayder Yaylasi&#8217;na gidiyoruz. Buradaki konaklamam\u0131z bir ailenin i\u015fletti\u011fi s\u0131cak g\u00fcl\u00fcmsenin y\u00fczlerinden eksik olmad\u0131\u011f\u0131 ah\u015fap yap\u0131l\u0131 ve otantik odalara sahip olan bir otel. Perdenizi a\u00e7t\u0131\u011f\u0131n\u0131z anda o duvara as\u0131l\u0131 olan tablolar\u0131 kar\u015f\u0131n\u0131zda canl\u0131 olarak g\u00f6rebilirsiniz. <\/p>\n\n\n\n<p>Buradaki \u015five, m\u00fczik ve lezzetler Karadeniz\u2019de s\u00fcrekli kar\u015f\u0131n\u0131za \u00e7\u0131k\u0131yor. M\u0131hlama, kuymak burada tatman\u0131z\u0131 tavsiye etti\u011fim lezzetler aras\u0131nda. Yemekten sonra yaylada y\u00fcr\u00fcy\u00fc\u015f yapabilir veya m\u00fczik dinlemek i\u00e7in bir kafade oturabilirsiniz. Bu b\u00f6lge ile ilgili kesin tavsiyem bir an \u00f6nce buray\u0131 ziyaret etmeniz olacakt\u0131r. \u00c7\u00fcnk\u00fc bizi \u00fczen noktalardan bir tanesi ne yaz\u0131k ki bu do\u011fa harikas\u0131 ye\u015filin i\u00e7erisine beton yap\u0131lar\u0131n girmeye \u00e7al\u0131\u015fmas\u0131.&nbsp;<\/p>\n\n\n\n<figure class=\"wp-block-image size-full\"><img decoding=\"async\" width=\"800\" height=\"600\" data-src=\"https:\/\/geziyoo.co\/blog\/wp-content\/uploads\/2024\/08\/Dogu-Karadeniz-Gezi-RehberiEn-Iyi-10-Gezilecek-Yer-3.jpg\" alt=\"\" class=\"wp-image-19204 lazyload\" data-srcset=\"https:\/\/geziyoo.co\/blog\/wp-content\/uploads\/2024\/08\/Dogu-Karadeniz-Gezi-RehberiEn-Iyi-10-Gezilecek-Yer-3.jpg 800w, https:\/\/geziyoo.co\/blog\/wp-content\/uploads\/2024\/08\/Dogu-Karadeniz-Gezi-RehberiEn-Iyi-10-Gezilecek-Yer-3-300x225.jpg 300w, https:\/\/geziyoo.co\/blog\/wp-content\/uploads\/2024\/08\/Dogu-Karadeniz-Gezi-RehberiEn-Iyi-10-Gezilecek-Yer-3-768x576.jpg 768w, https:\/\/geziyoo.co\/blog\/wp-content\/uploads\/2024\/08\/Dogu-Karadeniz-Gezi-RehberiEn-Iyi-10-Gezilecek-Yer-3-150x113.jpg 150w\" data-sizes=\"(max-width: 800px) 100vw, 800px\" src=\"data:image\/gif;base64,R0lGODlhAQABAAAAACH5BAEKAAEALAAAAAABAAEAAAICTAEAOw==\" style=\"--smush-placeholder-width: 800px; --smush-placeholder-aspect-ratio: 800\/600;\" \/><figcaption class=\"wp-element-caption\">Do\u011fu Karadeniz Gezi Rehberi<\/figcaption><\/figure>\n\n\n\n<p>B\u00f6lgeye yak\u0131n g\u00f6r\u00fclmesi gereken yerlerin listesine &#8216;Mucidin Yeri&#8217; &#8216;ni ilk s\u0131raya yazmam yanl\u0131\u015f olmaz. Kendi elektri\u011fini \u00fcretmek i\u00e7in kurmu\u015f oldu\u011fu d\u00fczenek ve yap\u0131 hayretler i\u00e7erisinde b\u0131rak\u0131yor. \u00d6yle geni\u015f bir alan ki i\u00e7erisinde yer alan &#8220;Lazutti\u015fi Karmatte&#8221; , \u015felalesi, y\u00f6re lezzetleri ve su ak\u0131\u015f trafi\u011fi ad\u0131mlar\u0131n\u0131z\u0131 h\u0131zland\u0131r\u0131yor.\u00a0<\/p>\n\n\n\n<figure class=\"wp-block-image size-full is-resized\"><img decoding=\"async\" width=\"450\" height=\"600\" data-src=\"https:\/\/geziyoo.co\/blog\/wp-content\/uploads\/2024\/08\/Dogu-Karadeniz-Gezi-RehberiEn-Iyi-10-Gezilecek-Yer-4.jpg\" alt=\"\" class=\"wp-image-19205 lazyload\" style=\"--smush-placeholder-width: 450px; --smush-placeholder-aspect-ratio: 450\/600;width:750px\" data-srcset=\"https:\/\/geziyoo.co\/blog\/wp-content\/uploads\/2024\/08\/Dogu-Karadeniz-Gezi-RehberiEn-Iyi-10-Gezilecek-Yer-4.jpg 450w, https:\/\/geziyoo.co\/blog\/wp-content\/uploads\/2024\/08\/Dogu-Karadeniz-Gezi-RehberiEn-Iyi-10-Gezilecek-Yer-4-225x300.jpg 225w, https:\/\/geziyoo.co\/blog\/wp-content\/uploads\/2024\/08\/Dogu-Karadeniz-Gezi-RehberiEn-Iyi-10-Gezilecek-Yer-4-150x200.jpg 150w\" data-sizes=\"(max-width: 450px) 100vw, 450px\" src=\"data:image\/gif;base64,R0lGODlhAQABAAAAACH5BAEKAAEALAAAAAABAAEAAAICTAEAOw==\" \/><figcaption class=\"wp-element-caption\">Do\u011fu Karadeniz Gezi Rehberi<\/figcaption><\/figure>\n\n\n\n<p><strong>Do\u011fu Karadeniz Gezi Rehberi<\/strong>&nbsp;&nbsp;Gezimizin bu h\u0131zl\u0131 trafi\u011finin son dura\u011f\u0131 ise Artvin-Karag\u00f6l. \u201cDo\u011fa dokunursa g\u00fczelle\u015ftirir\u201d s\u00f6z\u00fc bir kez daha burada hakl\u0131l\u0131\u011f\u0131n\u0131 ortaya \u00e7\u0131kar\u0131yor.&nbsp; Her d\u00fc\u015fen yaprak her k\u0131r\u0131lan dal veya her a\u00e7an \u00e7i\u00e7ek yapbozun oturan par\u00e7alar\u0131 gibi b\u00fcy\u00fcl\u00fcyor. Patikaya \u00e7\u0131kt\u0131\u011f\u0131n\u0131z ilk anda durup foto\u011fraf \u00e7ekece\u011finiz an\u0131lar\u0131n\u0131z\u0131 kaydedece\u011finiz sakl\u0131 cennetten bir yer gibi. G\u00f6lde y\u00fcr\u00fcy\u00fc\u015f yaparken buradaki oksijeni daha \u00e7ok almak i\u00e7in adeta kendinizle yar\u0131\u015f\u0131yorsunuz. Do\u011fa harikas\u0131 Artvin ile bir geziyi ancak bu \u015fekilde g\u00fczel ve mutlu kapatabilirdik.&nbsp;&nbsp;<\/p>\n\n\n\n<h2 class=\"wp-block-heading\"><strong>KONAKLAMA NERELERDE YAPILIR?<\/strong><\/h2>\n\n\n\n<p>Karadeniz turunda Ordu Fatsa il\u00e7esinde bulunan Yal\u00e7\u0131n Resort Otel\u2019i konaklamak i\u00e7in ideal yerlerden. Elek\u00e7i Deresi k\u0131y\u0131s\u0131ndaki bu l\u00fcks otel, E70 karayolu ile Karadeniz\u2019e 2 km, <strong><em>Aybast\u0131 Kent Orman\u0131\u2019na<\/em><\/strong> ise 6 km mesafededir. Otelin bah\u00e7esi, kafesi ve manzaras\u0131 g\u00fczel bir vakit ge\u00e7irmek i\u00e7in t\u00fcm imkanlar\u0131 sunuyor.Bu uzun turda Uzung\u00f6l\u2019de konaklama i\u00e7in bir\u00e7ok se\u00e7enek mevcuttur. Bungalov tarz\u0131 evler, apartlar-pansiyonlar ve l\u00fcks oteller\u2026 <\/p>\n\n\n\n<p>Do\u011fa Motel, o e\u015fsiz g\u00f6l manzaras\u0131, konforlu odalar\u0131 ve g\u00fcler y\u00fczl\u00fc personelleri olan konaklama i\u00e7in tercih edebilece\u011finiz bir otel.3 gece 4 g\u00fcnl\u00fck olan bu turda son konaklama dura\u011f\u0131n\u0131z Ayder Yaylas\u0131 (\u0130ncele; <strong><em><a href=\"https:\/\/geziyoo.co\/blog\/ayder-yaylasi-bungalov-oteller-ve-bungalov-evler\/\" data-type=\"post\" data-id=\"14526\">Ayder Yaylas\u0131 Bungalov Oteller<\/a><\/em><\/strong>). Ayder Zafran Otel, bir aile i\u015fletmesi olup ah\u015fap yap\u0131s\u0131, lezzetli yemekleri ve k\u0131r manzaral\u0131 teras\u0131 ile bu yayladaki konaklama i\u00e7in ideal yerlerden birisidir.\u00a0<\/p>\n\n\n\n<p>Bu otellerin haricinde <strong><em><a href=\"https:\/\/geziyoo.co\/blog\/trabzon-bungalov-oteller-ve-bungalov-evler\/\" data-type=\"post\" data-id=\"14401\">Trabzon Bungalov Oteller<\/a><\/em><\/strong>, <strong><em><a href=\"https:\/\/geziyoo.co\/blog\/rize-bungalov-oteller-ve-bungalov-evler\/\" data-type=\"post\" data-id=\"14568\">Rize Bungalov Oteller<\/a><\/em><\/strong> ve <strong><em><a href=\"https:\/\/geziyoo.co\/blog\/artvin-bungalov-oteller-ve-artvin-dag-evleri\/\" data-type=\"post\" data-id=\"8560\">Artvin Bungalov Oteller<\/a><\/em><\/strong> i\u00e7eriklerimize bakarak g\u00fczel konaklama \u015fans\u0131na eri\u015febilirsiniz.<\/p>\n\n\n\n<p><strong>Do\u011fu Karadeniz Gezi Rehberi<\/strong>,En \u0130yi 10 Gezilecek Yer i\u00e7eri\u011fimizin art\u0131k sonuna geldik.Bu k\u0131sa ge\u00e7en ama an\u0131 dolu yolculukta buralara gelip g\u00f6rmek isteyenler i\u00e7in rehber olur umuduyla &#8220;<strong>Do\u011fayla Kal\u0131n, Hayatta Kal\u0131n&#8221;.<\/strong><\/p>\n\n\n\n<hr class=\"wp-block-separator has-alpha-channel-opacity is-style-wide\"\/>\n\n\n\n<h3 class=\"wp-block-heading\">Bunlar\u0131 da Sevebilirsiniz;<\/h3>\n\n\n<ul class=\"wp-block-latest-posts__list wp-block-latest-posts\"><li><a class=\"wp-block-latest-posts__post-title\" href=\"https:\/\/geziyoo.co\/blog\/yurt-disinda-cocuklarin-egitimi-ebeveynler-formaliteler-yuzunden-nerede-para-kaybediyor\/\">Yurt d\u0131\u015f\u0131nda \u00e7ocuklar\u0131n e\u011fitimi: Ebeveynler formaliteler y\u00fcz\u00fcnden nerede para kaybediyor?<\/a><\/li>\n<li><a class=\"wp-block-latest-posts__post-title\" href=\"https:\/\/geziyoo.co\/blog\/gezerken-ne-giyilir\/\">Gezerken Ne Giyilir? Mevsim Ge\u00e7i\u015fleri ve Yaz Tatilleri \u0130\u00e7in Pratik Kombin Rehberi<\/a><\/li>\n<li><a class=\"wp-block-latest-posts__post-title\" href=\"https:\/\/geziyoo.co\/blog\/2026-resmi-tatilleri-ve-14-gune-43-gun\/\">Ajandalar Haz\u0131rlans\u0131n! 2026 Resmi Tatilleri ve &#8220;14 G\u00fcne 43 G\u00fcn&#8221; Form\u00fcl\u00fc G\u00fcndemde<\/a><\/li>\n<\/ul>","protected":false},"excerpt":{"rendered":"<p>Do\u011fu Karadeniz Gezi Rehberi i\u00e7eri\u011fimizde herkese merhabalar.Bu i\u00e7eri\u011fimizde Sonbahar aylar\u0131nda gidebilece\u011finiz g\u00fczel yerlerden biri olan Do\u011fu Karadeniz&#8217;i tan\u0131taca\u011f\u0131z. Tur denince akla gelen ilk durak Karadeniz\u2019dir. Kendine has lezzetleri, al\u0131\u015f\u0131lmam\u0131\u015f do\u011fas\u0131 ve k\u00fclt\u00fcrel \u00f6zellikleri sizi adeta cezbeder.&nbsp; Temmuz ay\u0131nda kay\u0131t oldu\u011fum Do\u011fu Karadeniz turuna b\u00fcy\u00fck bir heyecanla kat\u0131ld\u0131k. O do\u011fa cennetini \u00e7\u0131plak g\u00f6zle g\u00f6rmek bizi sab\u0131rs\u0131zland\u0131r\u0131yordu. &hellip;<\/p>\n","protected":false},"author":1,"featured_media":19204,"comment_status":"open","ping_status":"closed","sticky":false,"template":"","format":"standard","meta":{"footnotes":""},"categories":[20],"tags":[],"class_list":["post-19050","post","type-post","status-publish","format-standard","has-post-thumbnail","hentry","category-gezirehberi"],"yoast_head":"<!-- This site is optimized with the Yoast SEO plugin v26.9 - https:\/\/yoast.com\/product\/yoast-seo-wordpress\/ -->\n<title>Do\u011fu Karadeniz Gezi Rehberi, En \u0130yi 10 Gezilecek Yer | Geziyoo<\/title>\n<meta name=\"description\" content=\"Bu i\u00e7eri\u011fimizde Sonbahar aylar\u0131nda gidebilece\u011finiz g\u00fczel yerlerden biri olan Do\u011fu Karadeniz&#039;i tan\u0131taca\u011f\u0131z.\" \/>\n<meta name=\"robots\" content=\"index, follow, max-snippet:-1, max-image-preview:large, max-video-preview:-1\" \/>\n<link rel=\"canonical\" href=\"https:\/\/geziyoo.co\/blog\/dogu-karadeniz-gezi-rehberien-iyi-10-gezilecek-yer\/\" \/>\n<meta property=\"og:locale\" content=\"tr_TR\" \/>\n<meta property=\"og:type\" content=\"article\" \/>\n<meta property=\"og:title\" content=\"Do\u011fu Karadeniz Gezi Rehberi, En \u0130yi 10 Gezilecek Yer | Geziyoo\" \/>\n<meta property=\"og:description\" content=\"Bu i\u00e7eri\u011fimizde Sonbahar aylar\u0131nda gidebilece\u011finiz g\u00fczel yerlerden biri olan Do\u011fu Karadeniz&#039;i tan\u0131taca\u011f\u0131z.\" \/>\n<meta property=\"og:url\" content=\"https:\/\/geziyoo.co\/blog\/dogu-karadeniz-gezi-rehberien-iyi-10-gezilecek-yer\/\" \/>\n<meta property=\"og:site_name\" content=\"Geziyoo.co\" \/>\n<meta property=\"article:publisher\" content=\"https:\/\/www.facebook.com\/Geziyooco\" \/>\n<meta property=\"article:author\" content=\"https:\/\/www.facebook.com\/geziyoo.co\" \/>\n<meta property=\"article:published_time\" content=\"2024-08-27T14:45:53+00:00\" \/>\n<meta property=\"article:modified_time\" content=\"2026-02-06T12:18:27+00:00\" \/>\n<meta property=\"og:image\" content=\"https:\/\/geziyoo.co\/blog\/wp-content\/uploads\/2024\/08\/Dogu-Karadeniz-Gezi-RehberiEn-Iyi-10-Gezilecek-Yer-3.jpg\" \/>\n\t<meta property=\"og:image:width\" content=\"800\" \/>\n\t<meta property=\"og:image:height\" content=\"600\" \/>\n\t<meta property=\"og:image:type\" content=\"image\/jpeg\" \/>\n<meta name=\"author\" content=\"Geziyoo\" \/>\n<meta name=\"twitter:card\" content=\"summary_large_image\" \/>\n<meta name=\"twitter:creator\" content=\"@https:\/\/twitter.com\/geziyoo\" \/>\n<meta name=\"twitter:site\" content=\"@geziyoo\" \/>\n<meta name=\"twitter:label1\" content=\"Yazan:\" \/>\n\t<meta name=\"twitter:data1\" content=\"Geziyoo\" \/>\n\t<meta name=\"twitter:label2\" content=\"Tahmini okuma s\u00fcresi\" \/>\n\t<meta name=\"twitter:data2\" content=\"8 dakika\" \/>\n<script type=\"application\/ld+json\" class=\"yoast-schema-graph\">{\"@context\":\"https:\/\/schema.org\",\"@graph\":[{\"@type\":\"Article\",\"@id\":\"https:\/\/geziyoo.co\/blog\/dogu-karadeniz-gezi-rehberien-iyi-10-gezilecek-yer\/#article\",\"isPartOf\":{\"@id\":\"https:\/\/geziyoo.co\/blog\/dogu-karadeniz-gezi-rehberien-iyi-10-gezilecek-yer\/\"},\"author\":{\"name\":\"Geziyoo\",\"@id\":\"https:\/\/geziyoo.co\/blog\/#\/schema\/person\/032acb2436540ed14784e7d978aef0e4\"},\"headline\":\"Do\u011fu Karadeniz Gezi Rehberi, En \u0130yi 10 Gezilecek Yer\",\"datePublished\":\"2024-08-27T14:45:53+00:00\",\"dateModified\":\"2026-02-06T12:18:27+00:00\",\"mainEntityOfPage\":{\"@id\":\"https:\/\/geziyoo.co\/blog\/dogu-karadeniz-gezi-rehberien-iyi-10-gezilecek-yer\/\"},\"wordCount\":1444,\"commentCount\":0,\"publisher\":{\"@id\":\"https:\/\/geziyoo.co\/blog\/#organization\"},\"image\":{\"@id\":\"https:\/\/geziyoo.co\/blog\/dogu-karadeniz-gezi-rehberien-iyi-10-gezilecek-yer\/#primaryimage\"},\"thumbnailUrl\":\"https:\/\/geziyoo.co\/blog\/wp-content\/uploads\/2024\/08\/Dogu-Karadeniz-Gezi-RehberiEn-Iyi-10-Gezilecek-Yer-3.jpg\",\"articleSection\":[\"Gezi Rehberi\"],\"inLanguage\":\"tr\",\"potentialAction\":[{\"@type\":\"CommentAction\",\"name\":\"Comment\",\"target\":[\"https:\/\/geziyoo.co\/blog\/dogu-karadeniz-gezi-rehberien-iyi-10-gezilecek-yer\/#respond\"]}]},{\"@type\":\"WebPage\",\"@id\":\"https:\/\/geziyoo.co\/blog\/dogu-karadeniz-gezi-rehberien-iyi-10-gezilecek-yer\/\",\"url\":\"https:\/\/geziyoo.co\/blog\/dogu-karadeniz-gezi-rehberien-iyi-10-gezilecek-yer\/\",\"name\":\"Do\u011fu Karadeniz Gezi Rehberi, En \u0130yi 10 Gezilecek Yer | Geziyoo\",\"isPartOf\":{\"@id\":\"https:\/\/geziyoo.co\/blog\/#website\"},\"primaryImageOfPage\":{\"@id\":\"https:\/\/geziyoo.co\/blog\/dogu-karadeniz-gezi-rehberien-iyi-10-gezilecek-yer\/#primaryimage\"},\"image\":{\"@id\":\"https:\/\/geziyoo.co\/blog\/dogu-karadeniz-gezi-rehberien-iyi-10-gezilecek-yer\/#primaryimage\"},\"thumbnailUrl\":\"https:\/\/geziyoo.co\/blog\/wp-content\/uploads\/2024\/08\/Dogu-Karadeniz-Gezi-RehberiEn-Iyi-10-Gezilecek-Yer-3.jpg\",\"datePublished\":\"2024-08-27T14:45:53+00:00\",\"dateModified\":\"2026-02-06T12:18:27+00:00\",\"description\":\"Bu i\u00e7eri\u011fimizde Sonbahar aylar\u0131nda gidebilece\u011finiz g\u00fczel yerlerden biri olan Do\u011fu Karadeniz'i tan\u0131taca\u011f\u0131z.\",\"breadcrumb\":{\"@id\":\"https:\/\/geziyoo.co\/blog\/dogu-karadeniz-gezi-rehberien-iyi-10-gezilecek-yer\/#breadcrumb\"},\"inLanguage\":\"tr\",\"potentialAction\":[{\"@type\":\"ReadAction\",\"target\":[\"https:\/\/geziyoo.co\/blog\/dogu-karadeniz-gezi-rehberien-iyi-10-gezilecek-yer\/\"]}]},{\"@type\":\"ImageObject\",\"inLanguage\":\"tr\",\"@id\":\"https:\/\/geziyoo.co\/blog\/dogu-karadeniz-gezi-rehberien-iyi-10-gezilecek-yer\/#primaryimage\",\"url\":\"https:\/\/geziyoo.co\/blog\/wp-content\/uploads\/2024\/08\/Dogu-Karadeniz-Gezi-RehberiEn-Iyi-10-Gezilecek-Yer-3.jpg\",\"contentUrl\":\"https:\/\/geziyoo.co\/blog\/wp-content\/uploads\/2024\/08\/Dogu-Karadeniz-Gezi-RehberiEn-Iyi-10-Gezilecek-Yer-3.jpg\",\"width\":800,\"height\":600},{\"@type\":\"BreadcrumbList\",\"@id\":\"https:\/\/geziyoo.co\/blog\/dogu-karadeniz-gezi-rehberien-iyi-10-gezilecek-yer\/#breadcrumb\",\"itemListElement\":[{\"@type\":\"ListItem\",\"position\":1,\"name\":\"Ana sayfa\",\"item\":\"https:\/\/geziyoo.co\/blog\/\"},{\"@type\":\"ListItem\",\"position\":2,\"name\":\"Do\u011fu Karadeniz Gezi Rehberi, En \u0130yi 10 Gezilecek Yer\"}]},{\"@type\":\"WebSite\",\"@id\":\"https:\/\/geziyoo.co\/blog\/#website\",\"url\":\"https:\/\/geziyoo.co\/blog\/\",\"name\":\"Geziyoo Blog\",\"description\":\"GeziYoo Blog&#039;da T\u00fcrkiye&#039;nin en iyi kamp alanlar\u0131ndan bungalov tatillerine, karavan ipu\u00e7lar\u0131ndan gezi rehberlerine kadar her t\u00fcrl\u00fc do\u011fa deneyimini ke\u015ffedin.\",\"publisher\":{\"@id\":\"https:\/\/geziyoo.co\/blog\/#organization\"},\"potentialAction\":[{\"@type\":\"SearchAction\",\"target\":{\"@type\":\"EntryPoint\",\"urlTemplate\":\"https:\/\/geziyoo.co\/blog\/?s={search_term_string}\"},\"query-input\":{\"@type\":\"PropertyValueSpecification\",\"valueRequired\":true,\"valueName\":\"search_term_string\"}}],\"inLanguage\":\"tr\"},{\"@type\":\"Organization\",\"@id\":\"https:\/\/geziyoo.co\/blog\/#organization\",\"name\":\"Geziyoo.co\",\"url\":\"https:\/\/geziyoo.co\/blog\/\",\"logo\":{\"@type\":\"ImageObject\",\"inLanguage\":\"tr\",\"@id\":\"https:\/\/geziyoo.co\/blog\/#\/schema\/logo\/image\/\",\"url\":\"https:\/\/geziyoo.co\/blog\/wp-content\/uploads\/2025\/01\/Paragraf-metniniz-3.png\",\"contentUrl\":\"https:\/\/geziyoo.co\/blog\/wp-content\/uploads\/2025\/01\/Paragraf-metniniz-3.png\",\"width\":270,\"height\":50,\"caption\":\"Geziyoo.co\"},\"image\":{\"@id\":\"https:\/\/geziyoo.co\/blog\/#\/schema\/logo\/image\/\"},\"sameAs\":[\"https:\/\/www.facebook.com\/Geziyooco\",\"https:\/\/x.com\/geziyoo\",\"https:\/\/tr.pinterest.com\/geziyooco\/\",\"https:\/\/www.youtube.com\/@geziyoo\",\"https:\/\/www.instagram.com\/geziyoo.co\/\"]},{\"@type\":\"Person\",\"@id\":\"https:\/\/geziyoo.co\/blog\/#\/schema\/person\/032acb2436540ed14784e7d978aef0e4\",\"name\":\"Geziyoo\",\"image\":{\"@type\":\"ImageObject\",\"inLanguage\":\"tr\",\"@id\":\"https:\/\/geziyoo.co\/blog\/#\/schema\/person\/image\/\",\"url\":\"https:\/\/secure.gravatar.com\/avatar\/ae212a4514471fdb8cab6e5af4f3c99b940a2d0a16713ea0392c8d7c8a64f30a?s=96&d=mm&r=g\",\"contentUrl\":\"https:\/\/secure.gravatar.com\/avatar\/ae212a4514471fdb8cab6e5af4f3c99b940a2d0a16713ea0392c8d7c8a64f30a?s=96&d=mm&r=g\",\"caption\":\"Geziyoo\"},\"description\":\"Do\u011fa ile i\u00e7 i\u00e7e olabilece\u011finiz yerler,do\u011fa aktivite alanlar\u0131,kamp alanlar\u0131,bungalov oteller,Tiny House Oteller, Galampingler ve da\u011f evlerinin herkes i\u00e7in ula\u015f\u0131labilir olmas\u0131n\u0131 sa\u011flamak amac\u0131yla Geziyoo\u2019ya 2019 y\u0131l\u0131nda ba\u015flad\u0131k.Do\u011fal Tatil konseptini uygulayan en geni\u015f kapsaml\u0131 sitedir.\",\"sameAs\":[\"https:\/\/geziyoo.co\/\",\"https:\/\/www.facebook.com\/geziyoo.co\",\"https:\/\/www.instagram.com\/geziyoo.co\/\",\"https:\/\/tr.pinterest.com\/geziyooco\/\",\"https:\/\/x.com\/https:\/\/twitter.com\/geziyoo\",\"https:\/\/www.youtube.com\/channel\/UCdiSMa6pe17KEY7DP1Ug4ag\"]}]}<\/script>\n<!-- \/ Yoast SEO plugin. -->","yoast_head_json":{"title":"Do\u011fu Karadeniz Gezi Rehberi, En \u0130yi 10 Gezilecek Yer | Geziyoo","description":"Bu i\u00e7eri\u011fimizde Sonbahar aylar\u0131nda gidebilece\u011finiz g\u00fczel yerlerden biri olan Do\u011fu Karadeniz'i tan\u0131taca\u011f\u0131z.","robots":{"index":"index","follow":"follow","max-snippet":"max-snippet:-1","max-image-preview":"max-image-preview:large","max-video-preview":"max-video-preview:-1"},"canonical":"https:\/\/geziyoo.co\/blog\/dogu-karadeniz-gezi-rehberien-iyi-10-gezilecek-yer\/","og_locale":"tr_TR","og_type":"article","og_title":"Do\u011fu Karadeniz Gezi Rehberi, En \u0130yi 10 Gezilecek Yer | Geziyoo","og_description":"Bu i\u00e7eri\u011fimizde Sonbahar aylar\u0131nda gidebilece\u011finiz g\u00fczel yerlerden biri olan Do\u011fu Karadeniz'i tan\u0131taca\u011f\u0131z.","og_url":"https:\/\/geziyoo.co\/blog\/dogu-karadeniz-gezi-rehberien-iyi-10-gezilecek-yer\/","og_site_name":"Geziyoo.co","article_publisher":"https:\/\/www.facebook.com\/Geziyooco","article_author":"https:\/\/www.facebook.com\/geziyoo.co","article_published_time":"2024-08-27T14:45:53+00:00","article_modified_time":"2026-02-06T12:18:27+00:00","og_image":[{"width":800,"height":600,"url":"https:\/\/geziyoo.co\/blog\/wp-content\/uploads\/2024\/08\/Dogu-Karadeniz-Gezi-RehberiEn-Iyi-10-Gezilecek-Yer-3.jpg","type":"image\/jpeg"}],"author":"Geziyoo","twitter_card":"summary_large_image","twitter_creator":"@https:\/\/twitter.com\/geziyoo","twitter_site":"@geziyoo","twitter_misc":{"Yazan:":"Geziyoo","Tahmini okuma s\u00fcresi":"8 dakika"},"schema":{"@context":"https:\/\/schema.org","@graph":[{"@type":"Article","@id":"https:\/\/geziyoo.co\/blog\/dogu-karadeniz-gezi-rehberien-iyi-10-gezilecek-yer\/#article","isPartOf":{"@id":"https:\/\/geziyoo.co\/blog\/dogu-karadeniz-gezi-rehberien-iyi-10-gezilecek-yer\/"},"author":{"name":"Geziyoo","@id":"https:\/\/geziyoo.co\/blog\/#\/schema\/person\/032acb2436540ed14784e7d978aef0e4"},"headline":"Do\u011fu Karadeniz Gezi Rehberi, En \u0130yi 10 Gezilecek Yer","datePublished":"2024-08-27T14:45:53+00:00","dateModified":"2026-02-06T12:18:27+00:00","mainEntityOfPage":{"@id":"https:\/\/geziyoo.co\/blog\/dogu-karadeniz-gezi-rehberien-iyi-10-gezilecek-yer\/"},"wordCount":1444,"commentCount":0,"publisher":{"@id":"https:\/\/geziyoo.co\/blog\/#organization"},"image":{"@id":"https:\/\/geziyoo.co\/blog\/dogu-karadeniz-gezi-rehberien-iyi-10-gezilecek-yer\/#primaryimage"},"thumbnailUrl":"https:\/\/geziyoo.co\/blog\/wp-content\/uploads\/2024\/08\/Dogu-Karadeniz-Gezi-RehberiEn-Iyi-10-Gezilecek-Yer-3.jpg","articleSection":["Gezi Rehberi"],"inLanguage":"tr","potentialAction":[{"@type":"CommentAction","name":"Comment","target":["https:\/\/geziyoo.co\/blog\/dogu-karadeniz-gezi-rehberien-iyi-10-gezilecek-yer\/#respond"]}]},{"@type":"WebPage","@id":"https:\/\/geziyoo.co\/blog\/dogu-karadeniz-gezi-rehberien-iyi-10-gezilecek-yer\/","url":"https:\/\/geziyoo.co\/blog\/dogu-karadeniz-gezi-rehberien-iyi-10-gezilecek-yer\/","name":"Do\u011fu Karadeniz Gezi Rehberi, En \u0130yi 10 Gezilecek Yer | Geziyoo","isPartOf":{"@id":"https:\/\/geziyoo.co\/blog\/#website"},"primaryImageOfPage":{"@id":"https:\/\/geziyoo.co\/blog\/dogu-karadeniz-gezi-rehberien-iyi-10-gezilecek-yer\/#primaryimage"},"image":{"@id":"https:\/\/geziyoo.co\/blog\/dogu-karadeniz-gezi-rehberien-iyi-10-gezilecek-yer\/#primaryimage"},"thumbnailUrl":"https:\/\/geziyoo.co\/blog\/wp-content\/uploads\/2024\/08\/Dogu-Karadeniz-Gezi-RehberiEn-Iyi-10-Gezilecek-Yer-3.jpg","datePublished":"2024-08-27T14:45:53+00:00","dateModified":"2026-02-06T12:18:27+00:00","description":"Bu i\u00e7eri\u011fimizde Sonbahar aylar\u0131nda gidebilece\u011finiz g\u00fczel yerlerden biri olan Do\u011fu Karadeniz'i tan\u0131taca\u011f\u0131z.","breadcrumb":{"@id":"https:\/\/geziyoo.co\/blog\/dogu-karadeniz-gezi-rehberien-iyi-10-gezilecek-yer\/#breadcrumb"},"inLanguage":"tr","potentialAction":[{"@type":"ReadAction","target":["https:\/\/geziyoo.co\/blog\/dogu-karadeniz-gezi-rehberien-iyi-10-gezilecek-yer\/"]}]},{"@type":"ImageObject","inLanguage":"tr","@id":"https:\/\/geziyoo.co\/blog\/dogu-karadeniz-gezi-rehberien-iyi-10-gezilecek-yer\/#primaryimage","url":"https:\/\/geziyoo.co\/blog\/wp-content\/uploads\/2024\/08\/Dogu-Karadeniz-Gezi-RehberiEn-Iyi-10-Gezilecek-Yer-3.jpg","contentUrl":"https:\/\/geziyoo.co\/blog\/wp-content\/uploads\/2024\/08\/Dogu-Karadeniz-Gezi-RehberiEn-Iyi-10-Gezilecek-Yer-3.jpg","width":800,"height":600},{"@type":"BreadcrumbList","@id":"https:\/\/geziyoo.co\/blog\/dogu-karadeniz-gezi-rehberien-iyi-10-gezilecek-yer\/#breadcrumb","itemListElement":[{"@type":"ListItem","position":1,"name":"Ana sayfa","item":"https:\/\/geziyoo.co\/blog\/"},{"@type":"ListItem","position":2,"name":"Do\u011fu Karadeniz Gezi Rehberi, En \u0130yi 10 Gezilecek Yer"}]},{"@type":"WebSite","@id":"https:\/\/geziyoo.co\/blog\/#website","url":"https:\/\/geziyoo.co\/blog\/","name":"Geziyoo Blog","description":"GeziYoo Blog&#039;da T\u00fcrkiye&#039;nin en iyi kamp alanlar\u0131ndan bungalov tatillerine, karavan ipu\u00e7lar\u0131ndan gezi rehberlerine kadar her t\u00fcrl\u00fc do\u011fa deneyimini ke\u015ffedin.","publisher":{"@id":"https:\/\/geziyoo.co\/blog\/#organization"},"potentialAction":[{"@type":"SearchAction","target":{"@type":"EntryPoint","urlTemplate":"https:\/\/geziyoo.co\/blog\/?s={search_term_string}"},"query-input":{"@type":"PropertyValueSpecification","valueRequired":true,"valueName":"search_term_string"}}],"inLanguage":"tr"},{"@type":"Organization","@id":"https:\/\/geziyoo.co\/blog\/#organization","name":"Geziyoo.co","url":"https:\/\/geziyoo.co\/blog\/","logo":{"@type":"ImageObject","inLanguage":"tr","@id":"https:\/\/geziyoo.co\/blog\/#\/schema\/logo\/image\/","url":"https:\/\/geziyoo.co\/blog\/wp-content\/uploads\/2025\/01\/Paragraf-metniniz-3.png","contentUrl":"https:\/\/geziyoo.co\/blog\/wp-content\/uploads\/2025\/01\/Paragraf-metniniz-3.png","width":270,"height":50,"caption":"Geziyoo.co"},"image":{"@id":"https:\/\/geziyoo.co\/blog\/#\/schema\/logo\/image\/"},"sameAs":["https:\/\/www.facebook.com\/Geziyooco","https:\/\/x.com\/geziyoo","https:\/\/tr.pinterest.com\/geziyooco\/","https:\/\/www.youtube.com\/@geziyoo","https:\/\/www.instagram.com\/geziyoo.co\/"]},{"@type":"Person","@id":"https:\/\/geziyoo.co\/blog\/#\/schema\/person\/032acb2436540ed14784e7d978aef0e4","name":"Geziyoo","image":{"@type":"ImageObject","inLanguage":"tr","@id":"https:\/\/geziyoo.co\/blog\/#\/schema\/person\/image\/","url":"https:\/\/secure.gravatar.com\/avatar\/ae212a4514471fdb8cab6e5af4f3c99b940a2d0a16713ea0392c8d7c8a64f30a?s=96&d=mm&r=g","contentUrl":"https:\/\/secure.gravatar.com\/avatar\/ae212a4514471fdb8cab6e5af4f3c99b940a2d0a16713ea0392c8d7c8a64f30a?s=96&d=mm&r=g","caption":"Geziyoo"},"description":"Do\u011fa ile i\u00e7 i\u00e7e olabilece\u011finiz yerler,do\u011fa aktivite alanlar\u0131,kamp alanlar\u0131,bungalov oteller,Tiny House Oteller, Galampingler ve da\u011f evlerinin herkes i\u00e7in ula\u015f\u0131labilir olmas\u0131n\u0131 sa\u011flamak amac\u0131yla Geziyoo\u2019ya 2019 y\u0131l\u0131nda ba\u015flad\u0131k.Do\u011fal Tatil konseptini uygulayan en geni\u015f kapsaml\u0131 sitedir.","sameAs":["https:\/\/geziyoo.co\/","https:\/\/www.facebook.com\/geziyoo.co","https:\/\/www.instagram.com\/geziyoo.co\/","https:\/\/tr.pinterest.com\/geziyooco\/","https:\/\/x.com\/https:\/\/twitter.com\/geziyoo","https:\/\/www.youtube.com\/channel\/UCdiSMa6pe17KEY7DP1Ug4ag"]}]}},"amp_enabled":true,"_links":{"self":[{"href":"https:\/\/geziyoo.co\/blog\/wp-json\/wp\/v2\/posts\/19050","targetHints":{"allow":["GET"]}}],"collection":[{"href":"https:\/\/geziyoo.co\/blog\/wp-json\/wp\/v2\/posts"}],"about":[{"href":"https:\/\/geziyoo.co\/blog\/wp-json\/wp\/v2\/types\/post"}],"author":[{"embeddable":true,"href":"https:\/\/geziyoo.co\/blog\/wp-json\/wp\/v2\/users\/1"}],"replies":[{"embeddable":true,"href":"https:\/\/geziyoo.co\/blog\/wp-json\/wp\/v2\/comments?post=19050"}],"version-history":[{"count":0,"href":"https:\/\/geziyoo.co\/blog\/wp-json\/wp\/v2\/posts\/19050\/revisions"}],"wp:featuredmedia":[{"embeddable":true,"href":"https:\/\/geziyoo.co\/blog\/wp-json\/wp\/v2\/media\/19204"}],"wp:attachment":[{"href":"https:\/\/geziyoo.co\/blog\/wp-json\/wp\/v2\/media?parent=19050"}],"wp:term":[{"taxonomy":"category","embeddable":true,"href":"https:\/\/geziyoo.co\/blog\/wp-json\/wp\/v2\/categories?post=19050"},{"taxonomy":"post_tag","embeddable":true,"href":"https:\/\/geziyoo.co\/blog\/wp-json\/wp\/v2\/tags?post=19050"}],"curies":[{"name":"wp","href":"https:\/\/api.w.org\/{rel}","templated":true}]}}