{"id":18956,"date":"2024-07-18T14:44:26","date_gmt":"2024-07-18T14:44:26","guid":{"rendered":"https:\/\/geziyoo.co\/blog\/?p=18956"},"modified":"2026-02-06T11:47:14","modified_gmt":"2026-02-06T11:47:14","slug":"balikesir-gonen-gezi-rehberi","status":"publish","type":"post","link":"https:\/\/geziyoo.co\/blog\/balikesir-gonen-gezi-rehberi\/","title":{"rendered":"Bal\u0131kesir G\u00f6nen Gezi Rehberi, Gezilecek Yerler (G\u00fcncel 2026)"},"content":{"rendered":"\n<p><em><strong>Bal\u0131kesir G\u00f6nen Gezilecek Yerler ve G\u00f6nen Gezi Rehber yaz\u0131m\u0131zdan herkese merhabalar<\/strong><\/em>. Bu yaz\u0131m\u0131zda G\u00f6nen Hakk\u0131nda baz\u0131 sorulara cevap verece\u011fiz. Mesela <em><strong>G\u00f6nen Nerede? Nas\u0131l Gidilir ? Neler Yap\u0131l\u0131r? Gezilecek Yerler <\/strong><\/em>gibi. Umar\u0131m i\u015finize yarar bilgiler edinirsiniz.<\/p>\n\n\n\n<p>G\u00f6nen Bal\u0131kesir&#8217;in geli\u015fmi\u015f fakat bir o kadarda sakin il\u00e7elerinden birisidir.Biraz i\u00e7eri k\u0131s\u0131mlarda kald\u0131\u011f\u0131ndan bilinmiyor.<\/p>\n\n\n\n<p class=\"has-text-align-left\">\u00d6zellikle s\u00fct,pirin\u00e7 \u00fcretimi ile \u00fclke ekonomisine \u00e7ok b\u00fcy\u00fck katk\u0131lar yapmaktad\u0131r.Bunun yan\u0131nda sahip oldu\u011fu kapl\u0131calar\u0131 ve do\u011fal g\u00fczellikleri de gidip g\u00f6r\u00fclmeye de\u011fer diye d\u00fc\u015f\u00fcn\u00fcyoruz.<\/p>\n\n\n\n<p class=\"has-text-align-left\"><span style=\"color: #ff6600;\"><strong>Hadi o zaman fazla uzatmadan Bal\u0131kesir G\u00f6nen Gezi Rehberi yaz\u0131m\u0131z\u0131n detaylar\u0131na ge\u00e7elim.<\/strong><\/span><\/p>\n\n\n\n<hr class=\"wp-block-separator has-alpha-channel-opacity is-style-wide\"\/>\n\n\n\n<h2 class=\"wp-block-heading\"><strong>Bal\u0131kesir G\u00f6nen Hava Durumu<\/strong><\/h2>\n\n\n\n<figure class=\"wp-block-image is-resized\"><img decoding=\"async\" src=\"http:\/\/www.mgm.gov.tr\/sunum\/tahmin-klasik-5070.aspx?m=GONEN&amp;basla=1&amp;bitir=5&amp;rC=111&amp;rZ=fff\" alt=\"ANKARA\" style=\"width:750px\"\/><\/figure>\n\n\n\n<p class=\"has-text-align-left\">Hava Durumu bilgisi anl\u0131k olarak Meteroloji Genel M\u00fcd\u00fcrl\u00fc\u011f\u00fcnden al\u0131nmaktad\u0131r. Rahat\u00e7a bakabilirsiniz. Tabi MGM nin ara s\u0131ra yan\u0131ltmacalar\u0131na dikkat edin.:)<\/p>\n\n\n\n<hr class=\"wp-block-separator has-alpha-channel-opacity is-style-wide\"\/>\n\n\n\n<h2 class=\"wp-block-heading\"><strong>&nbsp;G\u00f6nen Hakk\u0131nda ve G\u00f6nen Tarihi<\/strong><\/h2>\n\n\n\n<figure class=\"wp-block-image alignnone size-full wp-image-11921\"><img decoding=\"async\" width=\"994\" height=\"745\" data-src=\"https:\/\/geziyoo.co\/blog\/wp-content\/uploads\/2024\/07\/Balikesir-Gonen-Gezi-Rehberi-3.jpg\" alt=\"Bal\u0131kesir G\u00f6nen Gezi Rehberi\" class=\"wp-image-18985 lazyload\" data-srcset=\"https:\/\/geziyoo.co\/blog\/wp-content\/uploads\/2024\/07\/Balikesir-Gonen-Gezi-Rehberi-3.jpg 994w, https:\/\/geziyoo.co\/blog\/wp-content\/uploads\/2024\/07\/Balikesir-Gonen-Gezi-Rehberi-3-300x225.jpg 300w, https:\/\/geziyoo.co\/blog\/wp-content\/uploads\/2024\/07\/Balikesir-Gonen-Gezi-Rehberi-3-768x576.jpg 768w, https:\/\/geziyoo.co\/blog\/wp-content\/uploads\/2024\/07\/Balikesir-Gonen-Gezi-Rehberi-3-150x112.jpg 150w\" data-sizes=\"(max-width: 994px) 100vw, 994px\" src=\"data:image\/gif;base64,R0lGODlhAQABAAAAACH5BAEKAAEALAAAAAABAAEAAAICTAEAOw==\" style=\"--smush-placeholder-width: 994px; --smush-placeholder-aspect-ratio: 994\/745;\" \/><figcaption class=\"wp-element-caption\">Sol alt k\u00f6\u015fede olan tarihleri bilerek kald\u0131rmad\u0131m. Bunun haricinde bu g\u00f6rd\u00fc\u011f\u00fcn\u00fcz yer baraja giden yolun \u00fcst\u00fcnde olan ve \u015fehir merkezini en g\u00fczel g\u00f6rebilece\u011finiz yerlerden.<\/figcaption><\/figure>\n\n\n\n<p><strong>Bal\u0131kesir G\u00f6nen Gezi Rehberi<\/strong> yaz\u0131m\u0131z\u0131n \u015fimdiki ba\u015fl\u0131\u011f\u0131 ise G\u00f6nen Tarihi.Kapl\u0131calar \u00e7evresinde yap\u0131lan hafriyatlar s\u0131ras\u0131nda ortaya \u00e7\u0131kan mozaikler, yaz\u0131l\u0131 ta\u015flar s\u00fctun ba\u015fl\u0131klar\u0131, madeni paralar gibi tarihi eserler G\u00f6nenin, yerle\u015fim yeri olarak kullan\u0131lmas\u0131n\u0131n Milattan \u00d6nce&#8217;sine dayand\u0131\u011f\u0131n\u0131 g\u00f6stermektedir.<\/p>\n\n\n\n<p>MS.II.yy. ait bulunan kitabelerde \u015fehrin ad\u0131 &#8216;S\u0131cak Su \u015eehri, Thermi&#8217;, hamamlarda &#8216;Granikaion Hamamlar\u0131&#8217; olarak ge\u00e7mektedir. Bu kitabelerde, s\u0131cak suyun \u015fehir i\u00e7in \u00f6nemli oldu\u011fu ve \u015fifa da\u011f\u0131tan suyun insanlara sunulmas\u0131 i\u00e7in yard\u0131m yapan y\u00f6netici ve ki\u015filerin isimleri belirtilmektedir.<\/p>\n\n\n\n<p><strong>Uzun s\u00fcre Bizans y\u00f6netiminde kalan b\u00f6lge, 13.yy&#8217;da Anadolu Sel\u00e7uklular\u0131n\u0131n eline ge\u00e7mi\u015f, bu Devletin da\u011f\u0131lmas\u0131ndan sonra Karesi Beyli\u011fi y\u00f6netiminde kalm\u0131\u015f ve nihayet 1334 y\u0131l\u0131nda Osmanl\u0131 idaresine kat\u0131lm\u0131\u015ft\u0131r.<\/strong><\/p>\n\n\n\n<p>93 harbi denilen 1877-1878 T\u00fcrk-Rus sava\u015f\u0131n\u0131n ard\u0131ndan Balkanlar&#8217;dan ve Kafkasya&#8217;dan \u00e7ok say\u0131da T\u00fcrk boyu g\u00f6\u00e7men olarak gelip G\u00f6nen&#8217;e yerle\u015fmi\u015ftir.<\/p>\n\n\n\n<hr class=\"wp-block-separator has-alpha-channel-opacity is-style-wide\"\/>\n\n\n\n<h2 class=\"wp-block-heading\"><strong>G\u00f6nen \u00c7ay\u0131<\/strong><\/h2>\n\n\n\n<figure class=\"wp-block-image alignnone size-full is-resized wp-image-11912\"><img decoding=\"async\" width=\"500\" height=\"375\" data-src=\"https:\/\/geziyoo.co\/blog\/wp-content\/uploads\/2024\/07\/Balikesir-Gonen-Gezi-Rehberi-7.jpg\" alt=\"\" class=\"wp-image-18986 lazyload\" style=\"--smush-placeholder-width: 500px; --smush-placeholder-aspect-ratio: 500\/375;width:750px\" data-srcset=\"https:\/\/geziyoo.co\/blog\/wp-content\/uploads\/2024\/07\/Balikesir-Gonen-Gezi-Rehberi-7.jpg 500w, https:\/\/geziyoo.co\/blog\/wp-content\/uploads\/2024\/07\/Balikesir-Gonen-Gezi-Rehberi-7-300x225.jpg 300w, https:\/\/geziyoo.co\/blog\/wp-content\/uploads\/2024\/07\/Balikesir-Gonen-Gezi-Rehberi-7-150x113.jpg 150w\" data-sizes=\"(max-width: 500px) 100vw, 500px\" src=\"data:image\/gif;base64,R0lGODlhAQABAAAAACH5BAEKAAEALAAAAAABAAEAAAICTAEAOw==\" \/><figcaption class=\"wp-element-caption\">\u00d6zellikle bahar aylar\u0131nda debisi bir hayli artmaktad\u0131r. Baraj kapaklar\u0131 a\u00e7\u0131ld\u0131\u011f\u0131 zaman g\u00f6r\u00fclmesi gerekiyor.<\/figcaption><\/figure>\n\n\n\n<p>\u00c7ay Marmara b\u00f6lgesinin g\u00fcneyinde yer al\u0131r. Uzunlu\u011fu 134 km olan \u00e7ay\u0131n \u00fcst\u00fcnde kurulu bir baraja da kaynak olur. Bu baraj\u0131n ad\u0131 <em><strong>G\u00f6nen Baraj\u0131d\u0131r.<\/strong><\/em> Baraj \u00fczerinde elektrik \u00fcretimi ve bal\u0131k yeti\u015ftiricili\u011fi yap\u0131l\u0131r.<\/p>\n\n\n\n<p>Bu kadar teknik bilgiden sonra biraz da i\u015finize yarayacak bilgiler vereyim. \u00d6zellikle \u00e7evresi harika \u00f6tesidir. Yemye\u015fil ormanlar\u0131n aras\u0131nda g\u00f6z kama\u015ft\u0131r\u0131c\u0131 mavili\u011fi sizi etkileyecektir. Baraj kenar\u0131nda bal\u0131k tutabilir veya \u00e7evresinde yer alan yerlerde oturup bir \u015feyler yiyip i\u00e7ebilirsiniz. \u00d6zellikle bahar aylar\u0131nda tarifi imkans\u0131z bir ortam olu\u015fuyor.<\/p>\n\n\n\n<p>K\u0131sacas\u0131 gitti\u011finizde muhakkak baraj\u0131 gidip g\u00f6r\u00fcn. Pi\u015fman olmayaca\u011f\u0131n\u0131zdan emin olabilirsiniz.<\/p>\n\n\n\n<hr class=\"wp-block-separator has-alpha-channel-opacity is-style-wide\"\/>\n\n\n\n<h2 class=\"wp-block-heading\"><strong>G\u00f6nen Nerede?<\/strong><\/h2>\n\n\n\n<p><iframe style=\"border: 0;\" data-src=\"https:\/\/www.google.com\/maps\/embed?pb=!4v1577623254183!6m8!1m7!1spzbTWZVvL1NuyWs7lOUV8A!2m2!1d40.1127535124439!2d27.65326298167864!3f241.76!4f-34.5!5f1.263140187226782\" width=\"750\" height=\"450\" frameborder=\"0\" allowfullscreen=\"allowfullscreen\" src=\"data:image\/gif;base64,R0lGODlhAQABAAAAACH5BAEKAAEALAAAAAABAAEAAAICTAEAOw==\" class=\"lazyload\" data-load-mode=\"1\"><\/iframe><br>Marmara b\u00f6lgesi s\u0131n\u0131rlar\u0131 i\u00e7erisinde yer alan Bal\u0131kesir il\u00e7e s\u0131n\u0131rlar\u0131 i\u00e7erisindedir. \u015e\u00f6yle anlatmak gerekirse G\u00fcney <strong>Marmara<\/strong> da yer al\u0131yor. Yukar\u0131ya sokak g\u00f6r\u00fcnt\u00fclerini ekledim, a\u00e7\u0131lmaz ise\u00a0 <a href=\"https:\/\/www.google.com.tr\/maps\/@40.1047112,27.6537377,3a,75y,11.28h,90t\/data=!3m7!1e1!3m5!1scvhlDtndQbfQrT-dAJDZnA!2e0!6s%2F%2Fgeo1.ggpht.com%2Fcbk%3Fpanoid%3DcvhlDtndQbfQrT-dAJDZnA%26output%3Dthumbnail%26cb_client%3Dmaps_sv.tactile.gps%26thumb%3D2%26w%3D203%26h%3D100%26yaw%3D8.676936%26pitch%3D0%26thumbfov%3D100!7i13312!8i6656\" target=\"_blank\" rel=\"noopener noreferrer\"><strong>Google Sokak G\u00f6r\u00fcnt\u00fclerine<\/strong><\/a> bak\u0131p fikir edinebilirsiniz.<\/p>\n\n\n\n<p class=\"has-text-align-left\">Konum olarak yol ge\u00e7i\u015f g\u00fczergah\u0131nda olmad\u0131\u011f\u0131ndan \u00e7ok u\u011frak bir yer de\u011fildir. Fakat bunun avantajlar\u0131n\u0131 da gitti\u011finizde ya\u015fars\u0131n\u0131z. \u00c7ok g\u00fczel yerlere yak\u0131n ve bir o kadarda sakin. K\u0131sacas\u0131 g\u00f6rev i\u00e7in veya okumak i\u00e7in gidilebilecek nadir, ucuz ve g\u00fczel yerlerden birisidir.<\/p>\n\n\n\n<hr class=\"wp-block-separator has-alpha-channel-opacity is-style-wide\"\/>\n\n\n\n<h2 class=\"wp-block-heading\"><strong>Bal\u0131kesir G\u00f6nen&#8217;e Nas\u0131l Gidilir?<\/strong><\/h2>\n\n\n\n<figure class=\"wp-block-image alignnone size-full wp-image-11919\"><img decoding=\"async\" width=\"994\" height=\"745\" data-src=\"https:\/\/geziyoo.co\/blog\/wp-content\/uploads\/2024\/07\/Balikesir-Gonen-Gezi-Rehberi-8.jpg\" alt=\"Bal\u0131kesir G\u00f6nen Gezi Rehberi\" class=\"wp-image-18987 lazyload\" data-srcset=\"https:\/\/geziyoo.co\/blog\/wp-content\/uploads\/2024\/07\/Balikesir-Gonen-Gezi-Rehberi-8.jpg 994w, https:\/\/geziyoo.co\/blog\/wp-content\/uploads\/2024\/07\/Balikesir-Gonen-Gezi-Rehberi-8-300x225.jpg 300w, https:\/\/geziyoo.co\/blog\/wp-content\/uploads\/2024\/07\/Balikesir-Gonen-Gezi-Rehberi-8-768x576.jpg 768w, https:\/\/geziyoo.co\/blog\/wp-content\/uploads\/2024\/07\/Balikesir-Gonen-Gezi-Rehberi-8-150x112.jpg 150w\" data-sizes=\"(max-width: 994px) 100vw, 994px\" src=\"data:image\/gif;base64,R0lGODlhAQABAAAAACH5BAEKAAEALAAAAAABAAEAAAICTAEAOw==\" style=\"--smush-placeholder-width: 994px; --smush-placeholder-aspect-ratio: 994\/745;\" \/><figcaption class=\"wp-element-caption\">Bu g\u00f6rd\u00fc\u011f\u00fcn\u00fcz alan b\u00fcy\u00fck konserlerin ve etkinliklerin yap\u0131ld\u0131\u011f\u0131 aland\u0131r. Y\u0131ld\u0131z Otel kar\u015f\u0131s\u0131nda yer al\u0131yor. Oturup dinlenebilece\u011finiz \u00e7ardaklar ve banklar bulabilirsiniz.<\/figcaption><\/figure>\n\n\n\n<p><em><strong>Bal\u0131kesir G\u00f6nen Gezilecek Yerler yaz\u0131m\u0131z\u0131n \u015fimdiki ba\u015fl\u0131\u011f\u0131 ise Ula\u015f\u0131m.<\/strong><\/em>G\u00f6nene 3 farkl\u0131 yoldan gidebilirsiniz. Kendi arac\u0131n\u0131z ile , otob\u00fcs ile veya \u0130DO ara\u00e7l\u0131 feribot ile. 3 yolda \u00e7ok rahat ve konforludur. Size sadece birini se\u00e7mek kalacakt\u0131r. Hadi biraz bu detaylar\u0131 inceleyelim.<\/p>\n\n\n\n<p><em><strong>\u00d6zel Arac\u0131yla Gidecekler \u0130\u00e7in Tavsiye;<\/strong><\/em> Co\u011frafik olarak g\u00fczel bir konumda olmas\u0131ndan dolay\u0131 ula\u015f\u0131m\u0131 \u00e7ok rahatt\u0131r. Zaten arac\u0131n\u0131z ile gitmek isterseniz de bu rahatl\u0131\u011f\u0131 \u00e7ok net fark edersiniz. Yapman\u0131z gereken ilk \u015fey Bursa&#8217;ya gelmek olsun. Buradan Karacabey-Band\u0131rma yoluna girin. Yakla\u015f\u0131k 35-40 dakika gittikten sonra yol ayr\u0131m\u0131ndan G\u00f6nen tabelas\u0131n\u0131 izlemeniz yetecektir. Yolun b\u00fcy\u00fck bir k\u0131sm\u0131 otoband\u0131r. Sadece G\u00f6nen d\u00fczl\u00fc\u011f\u00fcne inerken 5 dakikal\u0131k dik bir yoku\u015ftan inersiniz. Bunun haricinde s\u0131k\u0131nt\u0131l\u0131 yol hi\u00e7 yoktur. Yeni yollar\u0131n yap\u0131lmas\u0131yla birlikte Bal\u0131kesir G\u00f6nen&#8217;e 3,5 4 saatte rahatl\u0131kla gidebilirsiniz.<\/p>\n\n\n\n<p><em><strong>Otob\u00fcs \u0130le Gidecekler \u0130\u00e7in Tavsiye; <\/strong><\/em>Olur da otob\u00fcs ile gitmek isterseniz bu tercihinde \u00e7ok rahat ve konforlu oldu\u011funu bilin. Esenler, Harem veya Dudullu tesislerinden kalkan otob\u00fcslerle ula\u015f\u0131m\u0131n\u0131z \u00e7ok rahatt\u0131r. Benim \u00f6nerim gece seferlerine binip sabah saatlerinde orada olman\u0131zd\u0131r. Tabi oteli ayarlamay\u0131 unutmay\u0131n \u00e7\u00fcnk\u00fc o saatte&nbsp; a\u00e7\u0131k hi\u00e7 bir yer bulamazs\u0131n\u0131z.<\/p>\n\n\n\n<p>Di\u011fer bir alternatif ise <strong>\u0130DO <\/strong>seferleri ile Band\u0131rmaya gelip buradan kara yoluyla yapaca\u011f\u0131n\u0131z 40 dk yolculukla G\u00f6nene ula\u015fmakt\u0131r.<\/p>\n\n\n\n<p><strong> G\u00f6nen&#8217;e giden ba\u015fl\u0131ca otob\u00fcs firmalar\u0131 \u015f\u00f6yledir; <span style=\"color: #3366ff;\">Kamil Ko\u00e7<\/span> ve <span style=\"color: #ff6600;\">Metro Turizm<\/span>.<\/strong><\/p>\n\n\n\n<hr class=\"wp-block-separator has-alpha-channel-opacity is-style-wide\"\/>\n\n\n\n<h2 class=\"wp-block-heading\"><strong>G\u00f6nen&#8217;de Nerede Kal\u0131n\u0131r?<\/strong><\/h2>\n\n\n\n<figure class=\"wp-block-image alignnone size-full wp-image-11920\"><img decoding=\"async\" width=\"933\" height=\"746\" data-src=\"https:\/\/geziyoo.co\/blog\/wp-content\/uploads\/2024\/07\/Balikesir-Gonen-Gezi-Rehberi-1.jpg\" alt=\"Bal\u0131kesir G\u00f6nen Gezi Rehberi\" class=\"wp-image-18988 lazyload\" data-srcset=\"https:\/\/geziyoo.co\/blog\/wp-content\/uploads\/2024\/07\/Balikesir-Gonen-Gezi-Rehberi-1.jpg 933w, https:\/\/geziyoo.co\/blog\/wp-content\/uploads\/2024\/07\/Balikesir-Gonen-Gezi-Rehberi-1-300x240.jpg 300w, https:\/\/geziyoo.co\/blog\/wp-content\/uploads\/2024\/07\/Balikesir-Gonen-Gezi-Rehberi-1-768x614.jpg 768w, https:\/\/geziyoo.co\/blog\/wp-content\/uploads\/2024\/07\/Balikesir-Gonen-Gezi-Rehberi-1-150x120.jpg 150w\" data-sizes=\"(max-width: 933px) 100vw, 933px\" src=\"data:image\/gif;base64,R0lGODlhAQABAAAAACH5BAEKAAEALAAAAAABAAEAAAICTAEAOw==\" style=\"--smush-placeholder-width: 933px; --smush-placeholder-aspect-ratio: 933\/746;\" \/><figcaption class=\"wp-element-caption\">G\u00f6rd\u00fc\u011f\u00fcn\u00fcz foto\u011frafta sa\u011fda kalan yerlerde bir \u00e7ok pansiyon bulabilirsiniz. Biraz ileri dede b\u00fcy\u00fck otelleri inceleyebilirsiniz.<\/figcaption><\/figure>\n\n\n\n<p>Konaklama a\u00e7\u0131s\u0131ndan bir s\u0131k\u0131nt\u0131 ya\u015fayaca\u011f\u0131n\u0131z\u0131 d\u00fc\u015f\u00fcnm\u00fcyoruz. B\u00f6lge de yer alan kapl\u0131ca sayesinde \u00e7ok ama \u00e7ok geli\u015fmi\u015ftir. Bir \u00e7ok b\u00fcy\u00fck otel ve pansiyon vard\u0131r. B\u00fct\u00e7enize g\u00f6re bu yerleri tercih edebilirsiniz. B\u00f6lgenin en iyi oteli <strong>Y\u0131ld\u0131z Oteldir.<\/strong><\/p>\n\n\n\n<p>Gitti\u011finizde ilk gidece\u011finiz yer Kapl\u0131calar Caddesi olsun. Oteller ve Pansiyonlar\u0131n bir \u00e7o\u011fu bu b\u00f6lgede toplanm\u0131\u015ft\u0131r. Rezervasyon yapmadan da \u00e7at kap\u0131 gidip kalabilirsiniz. Tabi dedi\u011fimiz bu olay pansiyonlar i\u00e7in ge\u00e7erli. B\u00fcy\u00fck oteller i\u00e7in rezervasyon yapman\u0131z\u0131 \u00f6neririz.<\/p>\n\n\n\n<p>Az kals\u0131n unutuyorduk. Pansiyonlarda kalacaksan\u0131z kesinlikle pazarl\u0131k yap\u0131n. S\u00f6yledikleri fiyat size uygun bile gelse siz pazarl\u0131\u011f\u0131n\u0131z\u0131 yap\u0131n.&nbsp;<\/p>\n\n\n\n<hr class=\"wp-block-separator has-alpha-channel-opacity is-style-wide\"\/>\n\n\n\n<h2 class=\"wp-block-heading\"><strong>G\u00f6nen Kapl\u0131calar\u0131<\/strong><\/h2>\n\n\n\n<figure class=\"wp-block-image alignnone size-full wp-image-11918\"><img decoding=\"async\" width=\"985\" height=\"647\" data-src=\"https:\/\/geziyoo.co\/blog\/wp-content\/uploads\/2024\/07\/Balikesir-Gonen-Gezi-Rehberi-2.jpg\" alt=\"Bal\u0131kesir G\u00f6nen Gezi Rehberi\" class=\"wp-image-18989 lazyload\" data-srcset=\"https:\/\/geziyoo.co\/blog\/wp-content\/uploads\/2024\/07\/Balikesir-Gonen-Gezi-Rehberi-2.jpg 985w, https:\/\/geziyoo.co\/blog\/wp-content\/uploads\/2024\/07\/Balikesir-Gonen-Gezi-Rehberi-2-300x197.jpg 300w, https:\/\/geziyoo.co\/blog\/wp-content\/uploads\/2024\/07\/Balikesir-Gonen-Gezi-Rehberi-2-768x504.jpg 768w, https:\/\/geziyoo.co\/blog\/wp-content\/uploads\/2024\/07\/Balikesir-Gonen-Gezi-Rehberi-2-150x99.jpg 150w\" data-sizes=\"(max-width: 985px) 100vw, 985px\" src=\"data:image\/gif;base64,R0lGODlhAQABAAAAACH5BAEKAAEALAAAAAABAAEAAAICTAEAOw==\" style=\"--smush-placeholder-width: 985px; --smush-placeholder-aspect-ratio: 985\/647;\" \/><figcaption class=\"wp-element-caption\">\u00d6zellikle bahar aylar\u0131nda \u00e7ok ama \u00e7ok g\u00fczel oluyor. Her yer ye\u015file b\u00fcr\u00fcn\u00fcyor. Tavsiyemiz bahar aylar\u0131nda gitmenizdir. Yaz\u0131n pirin\u00e7 tarlalar\u0131ndan dolay\u0131 sivrisinek sorunu ya\u015fayabilirsiniz.<\/figcaption><\/figure>\n\n\n\n<p>D\u00fcnyaca \u00fcnl\u00fc kapl\u0131calar\u0131ndan bahsetmesek tabi ki olmazd\u0131. Dostlar kapl\u0131calar\u0131 ger\u00e7ekten de d\u00fcnyaca me\u015fhur. Nedeni ise \u015fifal\u0131 sular\u0131n daki k\u00fck\u00fcrt oran\u0131n\u0131n \u00e7ok y\u00fcksek olmas\u0131ndan. Bana verilen bilgi &#8221;d\u00fcnyada en y\u00fcksek k\u00fck\u00fcrt oran\u0131na sahip 2. kapl\u0131cad\u0131r.&#8221; ne kadar do\u011fru onu kan\u0131tlayamad\u0131m.Fakat 3-4 saat ge\u00e7irdi\u011finizde ger\u00e7ekten de etkisini g\u00f6r\u00fcyorsunuz. \u00c7\u0131kt\u0131\u011f\u0131n\u0131z da pamuk gibi oluyorsunuz. \u00d6zellikle s\u0131cak su havuzunda y\u00fczmek tarifi imkans\u0131z bir tat b\u0131rak\u0131yor.<\/p>\n\n\n\n<p>Kapl\u0131calar da kendinize \u00f6zel du\u015f alanlar\u0131 da var.Bunun yan\u0131 s\u0131ra Otel odalar\u0131nda bu s\u0131cak sular\u0131 kullan\u0131yorsunuz.Tabi kentin b\u00fcy\u00fck bir k\u0131sm\u0131da bu s\u0131cak sulardan nasibini al\u0131yor. K\u0131sacas\u0131 ziyan edilmeden her alanda kullan\u0131l\u0131yor.<\/p>\n\n\n\n<hr class=\"wp-block-separator has-alpha-channel-opacity is-style-wide\"\/>\n\n\n\n<h2 class=\"wp-block-heading\"><strong>G\u00f6nen&#8217;de Yap\u0131lacak \u015eeyler<\/strong><\/h2>\n\n\n\n<figure class=\"wp-block-image alignnone size-full wp-image-11921\"><img decoding=\"async\" width=\"994\" height=\"745\" data-src=\"https:\/\/geziyoo.co\/blog\/wp-content\/uploads\/2024\/07\/Balikesir-Gonen-Gezi-Rehberi-6.jpg\" alt=\"\" class=\"wp-image-18990 lazyload\" data-srcset=\"https:\/\/geziyoo.co\/blog\/wp-content\/uploads\/2024\/07\/Balikesir-Gonen-Gezi-Rehberi-6.jpg 994w, https:\/\/geziyoo.co\/blog\/wp-content\/uploads\/2024\/07\/Balikesir-Gonen-Gezi-Rehberi-6-300x225.jpg 300w, https:\/\/geziyoo.co\/blog\/wp-content\/uploads\/2024\/07\/Balikesir-Gonen-Gezi-Rehberi-6-768x576.jpg 768w, https:\/\/geziyoo.co\/blog\/wp-content\/uploads\/2024\/07\/Balikesir-Gonen-Gezi-Rehberi-6-150x112.jpg 150w\" data-sizes=\"(max-width: 994px) 100vw, 994px\" src=\"data:image\/gif;base64,R0lGODlhAQABAAAAACH5BAEKAAEALAAAAAABAAEAAAICTAEAOw==\" style=\"--smush-placeholder-width: 994px; --smush-placeholder-aspect-ratio: 994\/745;\" \/><figcaption class=\"wp-element-caption\">Sol alt k\u00f6\u015fede olan tarihleri bilerek kald\u0131rmad\u0131m. Bunun haricinde bu g\u00f6rd\u00fc\u011f\u00fcn\u00fcz yer baraja giden yolun \u00fcst\u00fcnde olan ve \u015fehir merkezini en g\u00fczel g\u00f6rebilece\u011finiz yerlerden.<\/figcaption><\/figure>\n\n\n\n<p>Yapabilece\u011finiz o kadar \u00e7ok aktivite var ki bunlardan bir ka\u00e7\u0131n\u0131 saymaya \u00e7al\u0131\u015faca\u011f\u0131z. G\u00f6nen \u00e7ay\u0131nda bal\u0131k tutabilirsiniz. Ye\u015fil a\u011fa\u00e7lar\u0131n aras\u0131ndan do\u011fa y\u00fcr\u00fcy\u00fc\u015f\u00fcne \u00e7\u0131kabilirsiniz , <strong>G\u00f6nenkapl\u0131calar\u0131nda<\/strong> \u015fifa bulabilirsiniz. G\u00f6nen panay\u0131r\u0131 na kat\u0131labilirsiniz. Tarihleri 16-19 Haziranda d\u0131r.<\/p>\n\n\n\n\t\t<div class=\"box info  alignleft\">\n\t\t\t<div class=\"box-inner-block\">\n\t\t\t\t<span class=\"fa tie-shortcode-boxicon\"><\/span>Panay\u0131r\u0131nda \u00e7ok ama \u00e7ok renkli kareler yakalay\u0131p e\u011flenebilirsiniz. Kesinlikle tavsiyemdir. Hayat\u0131n\u0131zda g\u00f6rebilece\u011finiz en renkli anlara \u015fahit olursunuz.\n\t\t\t<\/div>\n\t\t<\/div>\n\t\n\n\n\n<hr class=\"wp-block-separator has-alpha-channel-opacity is-style-wide\"\/>\n\n\n\n<h2 class=\"wp-block-heading\"><strong>G\u00f6nen Gezilecek Yerler<\/strong><\/h2>\n\n\n\n<figure class=\"wp-block-image alignnone size-full wp-image-11916\"><img decoding=\"async\" width=\"1024\" height=\"674\" data-src=\"https:\/\/geziyoo.co\/blog\/wp-content\/uploads\/2024\/07\/Balikesir-Gonen-Gezi-Rehberi-4.jpg\" alt=\"\" class=\"wp-image-18991 lazyload\" data-srcset=\"https:\/\/geziyoo.co\/blog\/wp-content\/uploads\/2024\/07\/Balikesir-Gonen-Gezi-Rehberi-4.jpg 1024w, https:\/\/geziyoo.co\/blog\/wp-content\/uploads\/2024\/07\/Balikesir-Gonen-Gezi-Rehberi-4-300x197.jpg 300w, https:\/\/geziyoo.co\/blog\/wp-content\/uploads\/2024\/07\/Balikesir-Gonen-Gezi-Rehberi-4-768x506.jpg 768w, https:\/\/geziyoo.co\/blog\/wp-content\/uploads\/2024\/07\/Balikesir-Gonen-Gezi-Rehberi-4-150x99.jpg 150w\" data-sizes=\"(max-width: 1024px) 100vw, 1024px\" src=\"data:image\/gif;base64,R0lGODlhAQABAAAAACH5BAEKAAEALAAAAAABAAEAAAICTAEAOw==\" style=\"--smush-placeholder-width: 1024px; --smush-placeholder-aspect-ratio: 1024\/674;\" \/><figcaption class=\"wp-element-caption\">Baraj \u00e7evresi olduk\u00e7a ye\u015fil ve ormanl\u0131k bir alan. \u00d6zelikle bal\u0131k tutmak isteyenler i\u00e7in e\u015fsiz olabilir. \u0130ster do\u011fa ile ba\u015f ba\u015fa olun ister bal\u0131k turun karar sizin.<\/figcaption><\/figure>\n\n\n\n<p><strong>G\u00f6nen Gezilecek Yerler<\/strong> a\u00e7\u0131\u015f\u0131ndan \u00e7ok zengindir. Nedeni de bir \u00fcst ba\u015fl\u0131klarda a\u00e7\u0131klad\u0131\u011f\u0131m gibi ise merkezi konumda yer almas\u0131d\u0131r. Bakal\u0131m nereler varm\u0131\u015f <em><strong>G\u00f6nen Gezilecek Yerler<\/strong><\/em> aras\u0131nda. A\u015fa\u011f\u0131da belirtti\u011fimiz yerler yar\u0131m saat ile 2 saat aras\u0131 s\u00fcrmektedir. San\u0131ld\u0131\u011f\u0131 kadar uzak de\u011fildir.<\/p>\n\n\n\n<h3 class=\"wp-block-heading\"><strong>1.Av\u015fa Adas\u0131<\/strong><\/h3>\n\n\n\n<figure class=\"wp-block-image alignnone size-full wp-image-11914\"><img decoding=\"async\" width=\"1024\" height=\"685\" data-src=\"https:\/\/geziyoo.co\/blog\/wp-content\/uploads\/2024\/07\/Balikesir-Gonen-Gezi-Rehberi-5.jpg\" alt=\"\" class=\"wp-image-18992 lazyload\" data-srcset=\"https:\/\/geziyoo.co\/blog\/wp-content\/uploads\/2024\/07\/Balikesir-Gonen-Gezi-Rehberi-5.jpg 1024w, https:\/\/geziyoo.co\/blog\/wp-content\/uploads\/2024\/07\/Balikesir-Gonen-Gezi-Rehberi-5-300x201.jpg 300w, https:\/\/geziyoo.co\/blog\/wp-content\/uploads\/2024\/07\/Balikesir-Gonen-Gezi-Rehberi-5-768x514.jpg 768w, https:\/\/geziyoo.co\/blog\/wp-content\/uploads\/2024\/07\/Balikesir-Gonen-Gezi-Rehberi-5-150x100.jpg 150w\" data-sizes=\"(max-width: 1024px) 100vw, 1024px\" src=\"data:image\/gif;base64,R0lGODlhAQABAAAAACH5BAEKAAEALAAAAAABAAEAAAICTAEAOw==\" style=\"--smush-placeholder-width: 1024px; --smush-placeholder-aspect-ratio: 1024\/685;\" \/><figcaption class=\"wp-element-caption\">\u00d6zellikle yaz aylar\u0131nda \u00e7ok hareketli oluyor. Tabi ki gece hayat\u0131 da \u00e7ok haraketli oluyor.<\/figcaption><\/figure>\n\n\n\n<p>Av\u015fa Adas\u0131 \u00f6zellikle yaz aylar\u0131nda tabiri caizse dolup ta\u015fmaktad\u0131r.Bunun en \u00f6nemli sebebi hem Bal\u0131kesir&#8217;e, hemde \u0130stanbul&#8217;a Yak\u0131n Olmas\u0131d\u0131r.Av\u015fa Adas\u0131 G\u00f6nen&#8217;e yakla\u015f\u0131k olarak 2,5 3 saat aras\u0131 s\u00fcrmektedir.<\/p>\n\n\n\n<p>Av\u015fa Adas\u0131n\u0131n en \u00f6nemli \u00f6zelli\u011fi ise\u00a0 gece hayat\u0131d\u0131r. <a href=\"https:\/\/geziyoo.co\/blog\/avsa-adasi-gece-hayati-ve-avsa-adasi-barlari\/\" target=\"_blank\" data-type=\"post\" data-id=\"18954\" rel=\"noreferrer noopener\"><strong>Av\u015fa Adas\u0131 Gece Hayat\u0131 <\/strong><\/a>yaz\u0131m\u0131zda t\u00fcm detaylar\u0131 bulabilirsiniz. D\u00fcnyaca \u00fcnl\u00fc Tanz discoya ev sahipli\u011fi yapan adada bir \u00e7ok etkinlikte yap\u0131l\u0131yor yaz aylar\u0131nda.<\/p>\n\n\n\n<p>\u0130stanbul&#8217;a yak\u0131n olmas\u0131ndan dolay\u0131 yazlar\u0131 ad\u0131m atacak yer kalmayan ada k\u0131\u015f\u0131n ise \u00e7ok ama \u00e7ok az ki\u015fiye ev sahipli\u011fi yap\u0131yor. Av\u015fa Adas\u0131 ile ilgili detayl\u0131 bilgiye <a href=\"https:\/\/geziyoo.co\/blog\/avsa-adasi-gezi-rehberi\/\" target=\"_blank\" data-type=\"post\" data-id=\"18952\" rel=\"noreferrer noopener\"><em><strong>Av\u015fa Adas\u0131 Rehberi<\/strong><\/em><\/a> yaz\u0131m\u0131zda bulabilirsiniz.<\/p>\n\n\n\n<h3 class=\"wp-block-heading\"><strong>2.Ku\u015f Cenneti Milli Park\u0131<\/strong><\/h3>\n\n\n\n<figure class=\"wp-block-image alignnone size-full is-resized wp-image-11913\"><img decoding=\"async\" width=\"620\" height=\"380\" data-src=\"https:\/\/geziyoo.co\/blog\/wp-content\/uploads\/2024\/07\/Balikesir-Gonen-Gezi-Rehberi-1.jpeg\" alt=\"\" class=\"wp-image-18993 lazyload\" style=\"--smush-placeholder-width: 620px; --smush-placeholder-aspect-ratio: 620\/380;width:750px\" data-srcset=\"https:\/\/geziyoo.co\/blog\/wp-content\/uploads\/2024\/07\/Balikesir-Gonen-Gezi-Rehberi-1.jpeg 620w, https:\/\/geziyoo.co\/blog\/wp-content\/uploads\/2024\/07\/Balikesir-Gonen-Gezi-Rehberi-1-300x184.jpeg 300w, https:\/\/geziyoo.co\/blog\/wp-content\/uploads\/2024\/07\/Balikesir-Gonen-Gezi-Rehberi-1-150x92.jpeg 150w\" data-sizes=\"(max-width: 620px) 100vw, 620px\" src=\"data:image\/gif;base64,R0lGODlhAQABAAAAACH5BAEKAAEALAAAAAABAAEAAAICTAEAOw==\" \/><figcaption class=\"wp-element-caption\">Gidip g\u00f6rmeniz gereken nadir g\u00fczel yerlerden. Do\u011fa anan\u0131n ku\u015flara ve size sundu\u011fu bu g\u00fczellikten mahrum kalmay\u0131n. 40 dakika \u00f6tenizde bir cennetin oldu\u011funu da unutmay\u0131n.<\/figcaption><\/figure>\n\n\n\n<p>Manyas g\u00f6l\u00fcn\u00fc de i\u00e7erisinde bar\u0131nd\u0131ran alan bir Milli Parkt\u0131r. Park\u0131n i\u00e7erisinde 150 den fazla ku\u015f t\u00fcr\u00fcn\u00fcn&nbsp;oldu\u011fu biliniyor. Bu ku\u015f t\u00fcrlerinden bir ka\u00e7\u0131n\u0131 birazdan belirtece\u011fim. Milli Park\u0131n toplam kaplad\u0131\u011f\u0131 alan 24.000 hektard\u0131r. Anlayaca\u011f\u0131n\u0131z baya\u011f\u0131 geni\u015f bir alan. Park\u0131n \u00e7evresi y\u00fcksek da\u011flarla \u00e7evrilidir. Yani gidi\u015f biraz s\u0131k\u0131nt\u0131l\u0131 olabiliyor. Hadi \u015fimdi bu ku\u015f t\u00fcrlerinden en \u00f6nemlilerine bakal\u0131m.<\/p>\n\n\n\n<ul class=\"wp-block-list\">\n<li>Tepeli pelikan <em>(Pelecanuscrispus)<\/em>,<\/li>\n\n\n\n<li>Karabatak <em>(Phalacrocoraxcarbo), <\/em><\/li>\n\n\n\n<li>K\u00fc\u00e7\u00fck karabatak <em>(Phalacrocoraxpygmeus), <\/em><\/li>\n\n\n\n<li>Gece bal\u0131k\u00e7\u0131l\u0131 <em>(Nycticoraxnycticorax), <\/em><\/li>\n\n\n\n<li>Alaca bal\u0131k\u00e7\u0131l (<em>Ardeolaralloides<\/em>),<\/li>\n\n\n\n<li>Gri bal\u0131k\u00e7\u0131l <em>(Ardea cinerea), <\/em><\/li>\n\n\n\n<li>K\u00fc\u00e7\u00fck ak bal\u0131k\u00e7\u0131l<em>(Egrettagarzetta) <\/em><\/li>\n\n\n\n<li>\u00c7eltik\u00e7i <em>(Plegadisfalcinellus), <\/em><\/li>\n\n\n\n<li>Ka\u015f\u0131k\u00e7\u0131 <em>(Platalealeucorodia),<\/em><\/li>\n\n\n\n<li>B\u0131y\u0131kl\u0131 sumru<em>(Sternahybridus), <\/em><\/li>\n\n\n\n<li>Tepeli bata\u011fan<em>(Podicepscristatus)<\/em><\/li>\n<\/ul>\n\n\n\n<h3 class=\"wp-block-heading\"><strong>3.Manyas G\u00f6l\u00fc<\/strong><\/h3>\n\n\n\n<p><strong>Manyas G\u00f6l<\/strong>\u00fc Band\u0131rma \u0130l\u00e7esi s\u0131n\u0131rlar\u0131 i\u00e7erisinde yer alsa da G\u00f6nen&#8217;e daha yak\u0131nd\u0131r. Yakla\u015f\u0131k 30-40 dakikada g\u00f6le ula\u015fabilirsiniz. Gidi\u015f yolunun biraz zor oldu\u011funu hat\u0131rlatmamda fayda var. Dikkatli bir s\u00fcr\u00fc\u015f iyi bir tercih olacakt\u0131r. Manyas G\u00f6l\u00fcn\u00fcn tektonik hareketler ile olu\u015ftu\u011fu bilinmektedir. Y\u0131lda 2-3 milyon ku\u015fun ziyaret etti\u011fi tahmin edilen g\u00f6l\u00fcn derinli\u011fi ise en derin yerde 5 metreyi buluyor.<\/p>\n\n\n\n<h3 class=\"wp-block-heading\"><strong>4.Band\u0131rma<\/strong><\/h3>\n\n\n\n<p>G\u00f6nen&#8217;e kadar gitmi\u015fseniz Band\u0131rmaya u\u011framamak olmaz. Bu g\u00fczel \u015firin ve b\u00fcy\u00fck il\u00e7eyi g\u00f6rmek isteyece\u011finizi d\u00fc\u015f\u00fcn\u00fcyoruz. Asl\u0131nda bir \u015fehir b\u00fcy\u00fckl\u00fc\u011f\u00fcnde olmas\u0131na ra\u011fmen y\u0131llard\u0131r \u015fehir yap\u0131lamayan il\u00e7e olarak tarihe ge\u00e7ti. Size \u00f6nerece\u011fimiz yer ise tabi ki de sahilidir. En az\u0131ndan bir g\u00f6rm\u00fc\u015f olursunuz.<\/p>\n\n\n\n<p><em><strong>Bal\u0131kesir G\u00f6nen Gezilecek Yerler ve G\u00f6nen Gezi Rehberi yaz\u0131m\u0131z\u0131n&nbsp; s<\/strong><\/em>onuna geldik. Umar\u0131m yaz\u0131m\u0131z sizlere faydal\u0131 olmu\u015ftur. E\u011fer faydal\u0131 olmu\u015fsa l\u00fctfen be\u011fenilerinizi ve yorumlar\u0131n\u0131z\u0131 eksik etmeyin. Daha fazla uzatmadan yava\u015ftan veda edelim. Kendinize \u00e7ok iyi davran\u0131n ve hep g\u00fczel kal\u0131n. Ho\u015f\u00e7akal\u0131n&#8230;<\/p>\n\n\n\n<hr class=\"wp-block-separator has-css-opacity is-style-wide\"\/>\n\n\n\n<figure class=\"wp-block-image size-full is-style-rounded\"><img decoding=\"async\" width=\"800\" height=\"189\" data-src=\"https:\/\/geziyoo.co\/blog\/wp-content\/uploads\/2024\/03\/sss.jpg\" alt=\"\" class=\"wp-image-16563 lazyload\" data-srcset=\"https:\/\/geziyoo.co\/blog\/wp-content\/uploads\/2024\/03\/sss.jpg 800w, https:\/\/geziyoo.co\/blog\/wp-content\/uploads\/2024\/03\/sss-300x71.jpg 300w, https:\/\/geziyoo.co\/blog\/wp-content\/uploads\/2024\/03\/sss-768x181.jpg 768w, https:\/\/geziyoo.co\/blog\/wp-content\/uploads\/2024\/03\/sss-150x35.jpg 150w\" data-sizes=\"(max-width: 800px) 100vw, 800px\" src=\"data:image\/gif;base64,R0lGODlhAQABAAAAACH5BAEKAAEALAAAAAABAAEAAAICTAEAOw==\" style=\"--smush-placeholder-width: 800px; --smush-placeholder-aspect-ratio: 800\/189;\" \/><\/figure>\n\n\n\n<div class=\"wp-block-rank-math-faq-block\"><div class=\"rank-math-faq-item\"><h3 class=\"rank-math-question\">Bal\u0131kes\u0131r G\u00f6nen N\u00fcfusu<\/h3><div class=\"rank-math-answer\">\u00a0\u00a0\u00a0\u00a0\u00a0\u00a0G\u00f6nen N\u00fcfusu 2017 y\u0131l\u0131na g\u00f6re 73.289&#8217;dur.<br>\u00a0\u00a0\u00a0\u00a0\u00a0\u00a0\u00a0\u00a0Bu n\u00fcfus,\u00a0<strong>36.378<\/strong>\u00a0erkek ve\u00a0<strong>36.911<\/strong>\u00a0kad\u0131ndan olu\u015fmaktad\u0131r.<br>\u00a0\u00a0\u00a0\u00a0\u00a0\u00a0\u00a0\u00a0Y\u00fczde olarak ise:\u00a0<strong>%49,73<\/strong>\u00a0erkek,\u00a0<strong>%50,27<\/strong>\u00a0kad\u0131nd\u0131r.<\/div><\/div><div class=\"rank-math-faq-item\"><h3 class=\"rank-math-question\">Bal\u0131kesir G\u00f6nen Gezilecek Yerler<\/h3><div class=\"rank-math-answer\">Alacaoluk Kalesi.<br>Babayaka Kalesi.<br>G\u00fcvercinli K\u00f6pr\u00fcs\u00fc<br><strong>G\u00f6nen<\/strong>\u00a0Mozaik ve A\u00e7\u0131k Hava M\u00fczesi.<br>Vali H\u00fcseyin \u00d6\u011f\u00fct\u00e7en \u015eehir Park\u0131<br><strong>G\u00f6nen<\/strong>\u00a0Merkez Kapl\u0131calar\u0131<br><strong>G\u00f6nen<\/strong>\u00a0Ek\u015fidere Da\u011f Il\u0131cas\u0131<br><strong>G\u00f6nen<\/strong>\u00a0Kapl\u0131calar\u0131<\/div><\/div><div class=\"rank-math-faq-item\"><h3 class=\"rank-math-question\"><strong>G\u00f6nen\u2019in Nesi Me\u015fhur?<\/strong><\/h3><div class=\"rank-math-answer\">G\u00f6nen en \u00e7ok kapl\u0131calar\u0131 ve \u201c\u015fifal\u0131 su\u201dyu ile me\u015fhur. <\/div><\/div><div class=\"rank-math-faq-item\"><h3 class=\"rank-math-question\">Bal\u0131kesir G\u00f6nen&#8217;de Ne Yenir?<\/h3><div class=\"rank-math-answer\">-Bigadi\u00e7 g\u00fcveci\u00a0<br>-Peynir Tatl\u0131s\u0131<br>-Tiriti\u00a0<br>-Sa\u00e7akl\u0131 mant\u0131<\/div><\/div><div class=\"rank-math-faq-item\"><h3 class=\"rank-math-question\">Bal\u0131kesir G\u00f6nen Tarihi<\/h3><div class=\"rank-math-answer\">93 harbi denilen 1877-1878 T\u00fcrk-Rus sava\u015f\u0131n\u0131n ard\u0131ndan Balkanlar&#8217;dan ve Kafkasya&#8217;dan \u00e7ok say\u0131da T\u00fcrk boyu g\u00f6\u00e7men olarak gelip G\u00f6nen&#8217;e yerle\u015fmi\u015ftir. <\/div><\/div><div class=\"rank-math-faq-item\"><h3 class=\"rank-math-question\">G\u00f6nende Nerede Kal\u0131n\u0131r?G\u00f6nen Otelleri<\/h3><div class=\"rank-math-answer\">Konaklama a\u00e7\u0131s\u0131ndan bir s\u0131k\u0131nt\u0131 ya\u015fayaca\u011f\u0131n\u0131z\u0131 d\u00fc\u015f\u00fcnm\u00fcyoruz. B\u00f6lge de yer alan kapl\u0131ca sayesinde \u00e7ok ama \u00e7ok geli\u015fmi\u015ftir. Bir \u00e7ok b\u00fcy\u00fck otel ve pansiyon vard\u0131r. B\u00fct\u00e7enize g\u00f6re bu yerleri tercih edebilirsiniz. B\u00f6lgenin en iyi oteli\u00a0Y\u0131ld\u0131z Oteldir.<\/div><\/div><\/div>\n\n\n\n<hr class=\"wp-block-separator has-css-opacity is-style-wide\"\/>\n\n\n\n<h3 class=\"wp-block-heading\">Bunlar\u0131 da Sevebilirsiniz;<\/h3>\n\n\n<ul class=\"wp-block-latest-posts__list wp-block-latest-posts\"><li><a class=\"wp-block-latest-posts__post-title\" href=\"https:\/\/geziyoo.co\/blog\/yurt-disinda-cocuklarin-egitimi-ebeveynler-formaliteler-yuzunden-nerede-para-kaybediyor\/\">Yurt d\u0131\u015f\u0131nda \u00e7ocuklar\u0131n e\u011fitimi: Ebeveynler formaliteler y\u00fcz\u00fcnden nerede para kaybediyor?<\/a><\/li>\n<li><a class=\"wp-block-latest-posts__post-title\" href=\"https:\/\/geziyoo.co\/blog\/gezerken-ne-giyilir\/\">Gezerken Ne Giyilir? Mevsim Ge\u00e7i\u015fleri ve Yaz Tatilleri \u0130\u00e7in Pratik Kombin Rehberi<\/a><\/li>\n<li><a class=\"wp-block-latest-posts__post-title\" href=\"https:\/\/geziyoo.co\/blog\/2026-resmi-tatilleri-ve-14-gune-43-gun\/\">Ajandalar Haz\u0131rlans\u0131n! 2026 Resmi Tatilleri ve &#8220;14 G\u00fcne 43 G\u00fcn&#8221; Form\u00fcl\u00fc G\u00fcndemde<\/a><\/li>\n<\/ul>","protected":false},"excerpt":{"rendered":"<p>Bal\u0131kesir G\u00f6nen Gezilecek Yerler ve G\u00f6nen Gezi Rehber yaz\u0131m\u0131zdan herkese merhabalar. Bu yaz\u0131m\u0131zda G\u00f6nen Hakk\u0131nda baz\u0131 sorulara cevap verece\u011fiz. Mesela G\u00f6nen Nerede? Nas\u0131l Gidilir ? Neler Yap\u0131l\u0131r? Gezilecek Yerler gibi. Umar\u0131m i\u015finize yarar bilgiler edinirsiniz. G\u00f6nen Bal\u0131kesir&#8217;in geli\u015fmi\u015f fakat bir o kadarda sakin il\u00e7elerinden birisidir.Biraz i\u00e7eri k\u0131s\u0131mlarda kald\u0131\u011f\u0131ndan bilinmiyor. \u00d6zellikle s\u00fct,pirin\u00e7 \u00fcretimi ile \u00fclke ekonomisine &hellip;<\/p>\n","protected":false},"author":1,"featured_media":18989,"comment_status":"open","ping_status":"closed","sticky":false,"template":"","format":"standard","meta":{"footnotes":""},"categories":[20],"tags":[],"class_list":["post-18956","post","type-post","status-publish","format-standard","has-post-thumbnail","hentry","category-gezirehberi"],"yoast_head":"<!-- This site is optimized with the Yoast SEO plugin v26.9 - https:\/\/yoast.com\/product\/yoast-seo-wordpress\/ -->\n<title>Bal\u0131kesir G\u00f6nen Gezi Rehberi, Gezilecek Yerler (G\u00fcncel 2026) - Geziyoo.co<\/title>\n<meta name=\"description\" content=\"Bu yaz\u0131m\u0131zda G\u00f6nen Hakk\u0131nda baz\u0131 sorulara cevap verece\u011fiz. Mesela G\u00f6nen Nerede? Nas\u0131l Gidilir ? Neler Yap\u0131l\u0131r? Gezilecek Yerler gibi.\" \/>\n<meta name=\"robots\" content=\"index, follow, max-snippet:-1, max-image-preview:large, max-video-preview:-1\" \/>\n<link rel=\"canonical\" href=\"https:\/\/geziyoo.co\/blog\/balikesir-gonen-gezi-rehberi\/\" \/>\n<meta property=\"og:locale\" content=\"tr_TR\" \/>\n<meta property=\"og:type\" content=\"article\" \/>\n<meta property=\"og:title\" content=\"Bal\u0131kesir G\u00f6nen Gezi Rehberi, Gezilecek Yerler (G\u00fcncel 2026) - Geziyoo.co\" \/>\n<meta property=\"og:description\" content=\"Bu yaz\u0131m\u0131zda G\u00f6nen Hakk\u0131nda baz\u0131 sorulara cevap verece\u011fiz. Mesela G\u00f6nen Nerede? Nas\u0131l Gidilir ? Neler Yap\u0131l\u0131r? Gezilecek Yerler gibi.\" \/>\n<meta property=\"og:url\" content=\"https:\/\/geziyoo.co\/blog\/balikesir-gonen-gezi-rehberi\/\" \/>\n<meta property=\"og:site_name\" content=\"Geziyoo.co\" \/>\n<meta property=\"article:publisher\" content=\"https:\/\/www.facebook.com\/Geziyooco\" \/>\n<meta property=\"article:author\" content=\"https:\/\/www.facebook.com\/geziyoo.co\" \/>\n<meta property=\"article:published_time\" content=\"2024-07-18T14:44:26+00:00\" \/>\n<meta property=\"article:modified_time\" content=\"2026-02-06T11:47:14+00:00\" \/>\n<meta property=\"og:image\" content=\"https:\/\/geziyoo.co\/blog\/wp-content\/uploads\/2024\/07\/Balikesir-Gonen-Gezi-Rehberi-2.jpg\" \/>\n\t<meta property=\"og:image:width\" content=\"985\" \/>\n\t<meta property=\"og:image:height\" content=\"647\" \/>\n\t<meta property=\"og:image:type\" content=\"image\/jpeg\" \/>\n<meta name=\"author\" content=\"Geziyoo\" \/>\n<meta name=\"twitter:card\" content=\"summary_large_image\" \/>\n<meta name=\"twitter:creator\" content=\"@https:\/\/twitter.com\/geziyoo\" \/>\n<meta name=\"twitter:site\" content=\"@geziyoo\" \/>\n<meta name=\"twitter:label1\" content=\"Yazan:\" \/>\n\t<meta name=\"twitter:data1\" content=\"Geziyoo\" \/>\n\t<meta name=\"twitter:label2\" content=\"Tahmini okuma s\u00fcresi\" \/>\n\t<meta name=\"twitter:data2\" content=\"12 dakika\" \/>\n<script type=\"application\/ld+json\" class=\"yoast-schema-graph\">{\"@context\":\"https:\/\/schema.org\",\"@graph\":[{\"@type\":\"Article\",\"@id\":\"https:\/\/geziyoo.co\/blog\/balikesir-gonen-gezi-rehberi\/#article\",\"isPartOf\":{\"@id\":\"https:\/\/geziyoo.co\/blog\/balikesir-gonen-gezi-rehberi\/\"},\"author\":{\"name\":\"Geziyoo\",\"@id\":\"https:\/\/geziyoo.co\/blog\/#\/schema\/person\/032acb2436540ed14784e7d978aef0e4\"},\"headline\":\"Bal\u0131kesir G\u00f6nen Gezi Rehberi, Gezilecek Yerler (G\u00fcncel 2026)\",\"datePublished\":\"2024-07-18T14:44:26+00:00\",\"dateModified\":\"2026-02-06T11:47:14+00:00\",\"mainEntityOfPage\":{\"@id\":\"https:\/\/geziyoo.co\/blog\/balikesir-gonen-gezi-rehberi\/\"},\"wordCount\":2290,\"commentCount\":0,\"publisher\":{\"@id\":\"https:\/\/geziyoo.co\/blog\/#organization\"},\"image\":{\"@id\":\"https:\/\/geziyoo.co\/blog\/balikesir-gonen-gezi-rehberi\/#primaryimage\"},\"thumbnailUrl\":\"https:\/\/geziyoo.co\/blog\/wp-content\/uploads\/2024\/07\/Balikesir-Gonen-Gezi-Rehberi-2.jpg\",\"articleSection\":[\"Gezi Rehberi\"],\"inLanguage\":\"tr\",\"potentialAction\":[{\"@type\":\"CommentAction\",\"name\":\"Comment\",\"target\":[\"https:\/\/geziyoo.co\/blog\/balikesir-gonen-gezi-rehberi\/#respond\"]}]},{\"@type\":\"WebPage\",\"@id\":\"https:\/\/geziyoo.co\/blog\/balikesir-gonen-gezi-rehberi\/\",\"url\":\"https:\/\/geziyoo.co\/blog\/balikesir-gonen-gezi-rehberi\/\",\"name\":\"Bal\u0131kesir G\u00f6nen Gezi Rehberi, Gezilecek Yerler (G\u00fcncel 2026) - Geziyoo.co\",\"isPartOf\":{\"@id\":\"https:\/\/geziyoo.co\/blog\/#website\"},\"primaryImageOfPage\":{\"@id\":\"https:\/\/geziyoo.co\/blog\/balikesir-gonen-gezi-rehberi\/#primaryimage\"},\"image\":{\"@id\":\"https:\/\/geziyoo.co\/blog\/balikesir-gonen-gezi-rehberi\/#primaryimage\"},\"thumbnailUrl\":\"https:\/\/geziyoo.co\/blog\/wp-content\/uploads\/2024\/07\/Balikesir-Gonen-Gezi-Rehberi-2.jpg\",\"datePublished\":\"2024-07-18T14:44:26+00:00\",\"dateModified\":\"2026-02-06T11:47:14+00:00\",\"description\":\"Bu yaz\u0131m\u0131zda G\u00f6nen Hakk\u0131nda baz\u0131 sorulara cevap verece\u011fiz. Mesela G\u00f6nen Nerede? Nas\u0131l Gidilir ? Neler Yap\u0131l\u0131r? Gezilecek Yerler gibi.\",\"breadcrumb\":{\"@id\":\"https:\/\/geziyoo.co\/blog\/balikesir-gonen-gezi-rehberi\/#breadcrumb\"},\"inLanguage\":\"tr\",\"potentialAction\":[{\"@type\":\"ReadAction\",\"target\":[\"https:\/\/geziyoo.co\/blog\/balikesir-gonen-gezi-rehberi\/\"]}]},{\"@type\":\"ImageObject\",\"inLanguage\":\"tr\",\"@id\":\"https:\/\/geziyoo.co\/blog\/balikesir-gonen-gezi-rehberi\/#primaryimage\",\"url\":\"https:\/\/geziyoo.co\/blog\/wp-content\/uploads\/2024\/07\/Balikesir-Gonen-Gezi-Rehberi-2.jpg\",\"contentUrl\":\"https:\/\/geziyoo.co\/blog\/wp-content\/uploads\/2024\/07\/Balikesir-Gonen-Gezi-Rehberi-2.jpg\",\"width\":985,\"height\":647},{\"@type\":\"BreadcrumbList\",\"@id\":\"https:\/\/geziyoo.co\/blog\/balikesir-gonen-gezi-rehberi\/#breadcrumb\",\"itemListElement\":[{\"@type\":\"ListItem\",\"position\":1,\"name\":\"Ana sayfa\",\"item\":\"https:\/\/geziyoo.co\/blog\/\"},{\"@type\":\"ListItem\",\"position\":2,\"name\":\"Bal\u0131kesir G\u00f6nen Gezi Rehberi, Gezilecek Yerler (G\u00fcncel 2026)\"}]},{\"@type\":\"WebSite\",\"@id\":\"https:\/\/geziyoo.co\/blog\/#website\",\"url\":\"https:\/\/geziyoo.co\/blog\/\",\"name\":\"Geziyoo Blog\",\"description\":\"GeziYoo Blog&#039;da T\u00fcrkiye&#039;nin en iyi kamp alanlar\u0131ndan bungalov tatillerine, karavan ipu\u00e7lar\u0131ndan gezi rehberlerine kadar her t\u00fcrl\u00fc do\u011fa deneyimini ke\u015ffedin.\",\"publisher\":{\"@id\":\"https:\/\/geziyoo.co\/blog\/#organization\"},\"potentialAction\":[{\"@type\":\"SearchAction\",\"target\":{\"@type\":\"EntryPoint\",\"urlTemplate\":\"https:\/\/geziyoo.co\/blog\/?s={search_term_string}\"},\"query-input\":{\"@type\":\"PropertyValueSpecification\",\"valueRequired\":true,\"valueName\":\"search_term_string\"}}],\"inLanguage\":\"tr\"},{\"@type\":\"Organization\",\"@id\":\"https:\/\/geziyoo.co\/blog\/#organization\",\"name\":\"Geziyoo.co\",\"url\":\"https:\/\/geziyoo.co\/blog\/\",\"logo\":{\"@type\":\"ImageObject\",\"inLanguage\":\"tr\",\"@id\":\"https:\/\/geziyoo.co\/blog\/#\/schema\/logo\/image\/\",\"url\":\"https:\/\/geziyoo.co\/blog\/wp-content\/uploads\/2025\/01\/Paragraf-metniniz-3.png\",\"contentUrl\":\"https:\/\/geziyoo.co\/blog\/wp-content\/uploads\/2025\/01\/Paragraf-metniniz-3.png\",\"width\":270,\"height\":50,\"caption\":\"Geziyoo.co\"},\"image\":{\"@id\":\"https:\/\/geziyoo.co\/blog\/#\/schema\/logo\/image\/\"},\"sameAs\":[\"https:\/\/www.facebook.com\/Geziyooco\",\"https:\/\/x.com\/geziyoo\",\"https:\/\/tr.pinterest.com\/geziyooco\/\",\"https:\/\/www.youtube.com\/@geziyoo\",\"https:\/\/www.instagram.com\/geziyoo.co\/\"]},{\"@type\":\"Person\",\"@id\":\"https:\/\/geziyoo.co\/blog\/#\/schema\/person\/032acb2436540ed14784e7d978aef0e4\",\"name\":\"Geziyoo\",\"image\":{\"@type\":\"ImageObject\",\"inLanguage\":\"tr\",\"@id\":\"https:\/\/geziyoo.co\/blog\/#\/schema\/person\/image\/\",\"url\":\"https:\/\/secure.gravatar.com\/avatar\/ae212a4514471fdb8cab6e5af4f3c99b940a2d0a16713ea0392c8d7c8a64f30a?s=96&d=mm&r=g\",\"contentUrl\":\"https:\/\/secure.gravatar.com\/avatar\/ae212a4514471fdb8cab6e5af4f3c99b940a2d0a16713ea0392c8d7c8a64f30a?s=96&d=mm&r=g\",\"caption\":\"Geziyoo\"},\"description\":\"Do\u011fa ile i\u00e7 i\u00e7e olabilece\u011finiz yerler,do\u011fa aktivite alanlar\u0131,kamp alanlar\u0131,bungalov oteller,Tiny House Oteller, Galampingler ve da\u011f evlerinin herkes i\u00e7in ula\u015f\u0131labilir olmas\u0131n\u0131 sa\u011flamak amac\u0131yla Geziyoo\u2019ya 2019 y\u0131l\u0131nda ba\u015flad\u0131k.Do\u011fal Tatil konseptini uygulayan en geni\u015f kapsaml\u0131 sitedir.\",\"sameAs\":[\"https:\/\/geziyoo.co\/\",\"https:\/\/www.facebook.com\/geziyoo.co\",\"https:\/\/www.instagram.com\/geziyoo.co\/\",\"https:\/\/tr.pinterest.com\/geziyooco\/\",\"https:\/\/x.com\/https:\/\/twitter.com\/geziyoo\",\"https:\/\/www.youtube.com\/channel\/UCdiSMa6pe17KEY7DP1Ug4ag\"]}]}<\/script>\n<!-- \/ Yoast SEO plugin. -->","yoast_head_json":{"title":"Bal\u0131kesir G\u00f6nen Gezi Rehberi, Gezilecek Yerler (G\u00fcncel 2026) - Geziyoo.co","description":"Bu yaz\u0131m\u0131zda G\u00f6nen Hakk\u0131nda baz\u0131 sorulara cevap verece\u011fiz. Mesela G\u00f6nen Nerede? Nas\u0131l Gidilir ? Neler Yap\u0131l\u0131r? Gezilecek Yerler gibi.","robots":{"index":"index","follow":"follow","max-snippet":"max-snippet:-1","max-image-preview":"max-image-preview:large","max-video-preview":"max-video-preview:-1"},"canonical":"https:\/\/geziyoo.co\/blog\/balikesir-gonen-gezi-rehberi\/","og_locale":"tr_TR","og_type":"article","og_title":"Bal\u0131kesir G\u00f6nen Gezi Rehberi, Gezilecek Yerler (G\u00fcncel 2026) - Geziyoo.co","og_description":"Bu yaz\u0131m\u0131zda G\u00f6nen Hakk\u0131nda baz\u0131 sorulara cevap verece\u011fiz. Mesela G\u00f6nen Nerede? Nas\u0131l Gidilir ? Neler Yap\u0131l\u0131r? Gezilecek Yerler gibi.","og_url":"https:\/\/geziyoo.co\/blog\/balikesir-gonen-gezi-rehberi\/","og_site_name":"Geziyoo.co","article_publisher":"https:\/\/www.facebook.com\/Geziyooco","article_author":"https:\/\/www.facebook.com\/geziyoo.co","article_published_time":"2024-07-18T14:44:26+00:00","article_modified_time":"2026-02-06T11:47:14+00:00","og_image":[{"width":985,"height":647,"url":"https:\/\/geziyoo.co\/blog\/wp-content\/uploads\/2024\/07\/Balikesir-Gonen-Gezi-Rehberi-2.jpg","type":"image\/jpeg"}],"author":"Geziyoo","twitter_card":"summary_large_image","twitter_creator":"@https:\/\/twitter.com\/geziyoo","twitter_site":"@geziyoo","twitter_misc":{"Yazan:":"Geziyoo","Tahmini okuma s\u00fcresi":"12 dakika"},"schema":{"@context":"https:\/\/schema.org","@graph":[{"@type":"Article","@id":"https:\/\/geziyoo.co\/blog\/balikesir-gonen-gezi-rehberi\/#article","isPartOf":{"@id":"https:\/\/geziyoo.co\/blog\/balikesir-gonen-gezi-rehberi\/"},"author":{"name":"Geziyoo","@id":"https:\/\/geziyoo.co\/blog\/#\/schema\/person\/032acb2436540ed14784e7d978aef0e4"},"headline":"Bal\u0131kesir G\u00f6nen Gezi Rehberi, Gezilecek Yerler (G\u00fcncel 2026)","datePublished":"2024-07-18T14:44:26+00:00","dateModified":"2026-02-06T11:47:14+00:00","mainEntityOfPage":{"@id":"https:\/\/geziyoo.co\/blog\/balikesir-gonen-gezi-rehberi\/"},"wordCount":2290,"commentCount":0,"publisher":{"@id":"https:\/\/geziyoo.co\/blog\/#organization"},"image":{"@id":"https:\/\/geziyoo.co\/blog\/balikesir-gonen-gezi-rehberi\/#primaryimage"},"thumbnailUrl":"https:\/\/geziyoo.co\/blog\/wp-content\/uploads\/2024\/07\/Balikesir-Gonen-Gezi-Rehberi-2.jpg","articleSection":["Gezi Rehberi"],"inLanguage":"tr","potentialAction":[{"@type":"CommentAction","name":"Comment","target":["https:\/\/geziyoo.co\/blog\/balikesir-gonen-gezi-rehberi\/#respond"]}]},{"@type":"WebPage","@id":"https:\/\/geziyoo.co\/blog\/balikesir-gonen-gezi-rehberi\/","url":"https:\/\/geziyoo.co\/blog\/balikesir-gonen-gezi-rehberi\/","name":"Bal\u0131kesir G\u00f6nen Gezi Rehberi, Gezilecek Yerler (G\u00fcncel 2026) - Geziyoo.co","isPartOf":{"@id":"https:\/\/geziyoo.co\/blog\/#website"},"primaryImageOfPage":{"@id":"https:\/\/geziyoo.co\/blog\/balikesir-gonen-gezi-rehberi\/#primaryimage"},"image":{"@id":"https:\/\/geziyoo.co\/blog\/balikesir-gonen-gezi-rehberi\/#primaryimage"},"thumbnailUrl":"https:\/\/geziyoo.co\/blog\/wp-content\/uploads\/2024\/07\/Balikesir-Gonen-Gezi-Rehberi-2.jpg","datePublished":"2024-07-18T14:44:26+00:00","dateModified":"2026-02-06T11:47:14+00:00","description":"Bu yaz\u0131m\u0131zda G\u00f6nen Hakk\u0131nda baz\u0131 sorulara cevap verece\u011fiz. Mesela G\u00f6nen Nerede? Nas\u0131l Gidilir ? Neler Yap\u0131l\u0131r? Gezilecek Yerler gibi.","breadcrumb":{"@id":"https:\/\/geziyoo.co\/blog\/balikesir-gonen-gezi-rehberi\/#breadcrumb"},"inLanguage":"tr","potentialAction":[{"@type":"ReadAction","target":["https:\/\/geziyoo.co\/blog\/balikesir-gonen-gezi-rehberi\/"]}]},{"@type":"ImageObject","inLanguage":"tr","@id":"https:\/\/geziyoo.co\/blog\/balikesir-gonen-gezi-rehberi\/#primaryimage","url":"https:\/\/geziyoo.co\/blog\/wp-content\/uploads\/2024\/07\/Balikesir-Gonen-Gezi-Rehberi-2.jpg","contentUrl":"https:\/\/geziyoo.co\/blog\/wp-content\/uploads\/2024\/07\/Balikesir-Gonen-Gezi-Rehberi-2.jpg","width":985,"height":647},{"@type":"BreadcrumbList","@id":"https:\/\/geziyoo.co\/blog\/balikesir-gonen-gezi-rehberi\/#breadcrumb","itemListElement":[{"@type":"ListItem","position":1,"name":"Ana sayfa","item":"https:\/\/geziyoo.co\/blog\/"},{"@type":"ListItem","position":2,"name":"Bal\u0131kesir G\u00f6nen Gezi Rehberi, Gezilecek Yerler (G\u00fcncel 2026)"}]},{"@type":"WebSite","@id":"https:\/\/geziyoo.co\/blog\/#website","url":"https:\/\/geziyoo.co\/blog\/","name":"Geziyoo Blog","description":"GeziYoo Blog&#039;da T\u00fcrkiye&#039;nin en iyi kamp alanlar\u0131ndan bungalov tatillerine, karavan ipu\u00e7lar\u0131ndan gezi rehberlerine kadar her t\u00fcrl\u00fc do\u011fa deneyimini ke\u015ffedin.","publisher":{"@id":"https:\/\/geziyoo.co\/blog\/#organization"},"potentialAction":[{"@type":"SearchAction","target":{"@type":"EntryPoint","urlTemplate":"https:\/\/geziyoo.co\/blog\/?s={search_term_string}"},"query-input":{"@type":"PropertyValueSpecification","valueRequired":true,"valueName":"search_term_string"}}],"inLanguage":"tr"},{"@type":"Organization","@id":"https:\/\/geziyoo.co\/blog\/#organization","name":"Geziyoo.co","url":"https:\/\/geziyoo.co\/blog\/","logo":{"@type":"ImageObject","inLanguage":"tr","@id":"https:\/\/geziyoo.co\/blog\/#\/schema\/logo\/image\/","url":"https:\/\/geziyoo.co\/blog\/wp-content\/uploads\/2025\/01\/Paragraf-metniniz-3.png","contentUrl":"https:\/\/geziyoo.co\/blog\/wp-content\/uploads\/2025\/01\/Paragraf-metniniz-3.png","width":270,"height":50,"caption":"Geziyoo.co"},"image":{"@id":"https:\/\/geziyoo.co\/blog\/#\/schema\/logo\/image\/"},"sameAs":["https:\/\/www.facebook.com\/Geziyooco","https:\/\/x.com\/geziyoo","https:\/\/tr.pinterest.com\/geziyooco\/","https:\/\/www.youtube.com\/@geziyoo","https:\/\/www.instagram.com\/geziyoo.co\/"]},{"@type":"Person","@id":"https:\/\/geziyoo.co\/blog\/#\/schema\/person\/032acb2436540ed14784e7d978aef0e4","name":"Geziyoo","image":{"@type":"ImageObject","inLanguage":"tr","@id":"https:\/\/geziyoo.co\/blog\/#\/schema\/person\/image\/","url":"https:\/\/secure.gravatar.com\/avatar\/ae212a4514471fdb8cab6e5af4f3c99b940a2d0a16713ea0392c8d7c8a64f30a?s=96&d=mm&r=g","contentUrl":"https:\/\/secure.gravatar.com\/avatar\/ae212a4514471fdb8cab6e5af4f3c99b940a2d0a16713ea0392c8d7c8a64f30a?s=96&d=mm&r=g","caption":"Geziyoo"},"description":"Do\u011fa ile i\u00e7 i\u00e7e olabilece\u011finiz yerler,do\u011fa aktivite alanlar\u0131,kamp alanlar\u0131,bungalov oteller,Tiny House Oteller, Galampingler ve da\u011f evlerinin herkes i\u00e7in ula\u015f\u0131labilir olmas\u0131n\u0131 sa\u011flamak amac\u0131yla Geziyoo\u2019ya 2019 y\u0131l\u0131nda ba\u015flad\u0131k.Do\u011fal Tatil konseptini uygulayan en geni\u015f kapsaml\u0131 sitedir.","sameAs":["https:\/\/geziyoo.co\/","https:\/\/www.facebook.com\/geziyoo.co","https:\/\/www.instagram.com\/geziyoo.co\/","https:\/\/tr.pinterest.com\/geziyooco\/","https:\/\/x.com\/https:\/\/twitter.com\/geziyoo","https:\/\/www.youtube.com\/channel\/UCdiSMa6pe17KEY7DP1Ug4ag"]}]}},"amp_enabled":true,"_links":{"self":[{"href":"https:\/\/geziyoo.co\/blog\/wp-json\/wp\/v2\/posts\/18956","targetHints":{"allow":["GET"]}}],"collection":[{"href":"https:\/\/geziyoo.co\/blog\/wp-json\/wp\/v2\/posts"}],"about":[{"href":"https:\/\/geziyoo.co\/blog\/wp-json\/wp\/v2\/types\/post"}],"author":[{"embeddable":true,"href":"https:\/\/geziyoo.co\/blog\/wp-json\/wp\/v2\/users\/1"}],"replies":[{"embeddable":true,"href":"https:\/\/geziyoo.co\/blog\/wp-json\/wp\/v2\/comments?post=18956"}],"version-history":[{"count":0,"href":"https:\/\/geziyoo.co\/blog\/wp-json\/wp\/v2\/posts\/18956\/revisions"}],"wp:featuredmedia":[{"embeddable":true,"href":"https:\/\/geziyoo.co\/blog\/wp-json\/wp\/v2\/media\/18989"}],"wp:attachment":[{"href":"https:\/\/geziyoo.co\/blog\/wp-json\/wp\/v2\/media?parent=18956"}],"wp:term":[{"taxonomy":"category","embeddable":true,"href":"https:\/\/geziyoo.co\/blog\/wp-json\/wp\/v2\/categories?post=18956"},{"taxonomy":"post_tag","embeddable":true,"href":"https:\/\/geziyoo.co\/blog\/wp-json\/wp\/v2\/tags?post=18956"}],"curies":[{"name":"wp","href":"https:\/\/api.w.org\/{rel}","templated":true}]}}