{"id":18890,"date":"2024-07-12T12:54:42","date_gmt":"2024-07-12T12:54:42","guid":{"rendered":"https:\/\/geziyoo.co\/blog\/?p=18890"},"modified":"2026-02-06T11:42:14","modified_gmt":"2026-02-06T11:42:14","slug":"avsa-adasi-plajlari-ve-avsa-denize-girilecek-yerler","status":"publish","type":"post","link":"https:\/\/geziyoo.co\/blog\/avsa-adasi-plajlari-ve-avsa-denize-girilecek-yerler\/","title":{"rendered":"Av\u015fa&#8217;da \u00dccretli ve \u00dccretsiz Denize Girebilece\u011finiz 6 Plaj"},"content":{"rendered":"\n<p><strong>Av\u015fa Adas\u0131 Plajlar\u0131 ve Av\u015fa Denize Girilecek Yerler <\/strong>i\u00e7eri\u011fimizden herkese merhabalar.Yaz kap\u0131da ve art\u0131k yava\u015ftan Temmuz ve A\u011fustos ay\u0131 i\u00e7in planlar yap\u0131lmakta.Bizde \u0130stanbul&#8217;da oturan birisi olarak Haftasonlar\u0131 veya k\u0131sa tatillerde gidip denize girebilece\u011fimiz yerler bulmaya \u00e7al\u0131\u015f\u0131yoruz.<\/p>\n\n\n\n<p>Bu ara\u015ft\u0131rmalar\u0131m\u0131z neticesinde Av\u015fa Adas\u0131n\u0131 ke\u015ffettik ve sizler i\u00e7in g\u00fczel bir i\u00e7erik olu\u015fturduk.Av\u015fa Adas\u0131 \u0130stanbullular\u0131n resmen can kurtaran g\u00f6revini \u00fcstlenmekte<\/p>\n\n\n\n<p><strong><em>\u0130stanbul&#8217;da Denize Girilecek Yerler<\/em><\/strong> dendi\u011finde ilk akla gelen ku\u015fkusuz Av\u015fa Adas\u0131 geliyor.Bizde buradan yola \u00e7\u0131karak Av\u015fa Adas\u0131 Plajlar\u0131 ve Denize Girilecek Yerleri sizlere payla\u015faca\u011f\u0131z.Bu arada Av\u015fa Adas\u0131 ile ilgili detayl\u0131 Bilgileri <strong><em>Av\u015fa Adas\u0131 Gezi Rehberi<\/em><\/strong> yaz\u0131m\u0131zda bulabilirsiniz.<\/p>\n\n\n\n<p>Av\u015fa&#8217;ya gitme niyetindeyseniz <strong><em><a href=\"https:\/\/geziyoo.co\/blog\/avsa-kamp-alanlari-ve-karavan-alanlari\/\" data-type=\"post\" data-id=\"17299\">Av\u015fa Adas\u0131 Kamp Alanlar\u0131<\/a><\/em><\/strong> ve <strong><em><a href=\"https:\/\/geziyoo.co\/blog\/avsa-bungalov-evler-ve-avsa-bungalov-oteller\/\" data-type=\"post\" data-id=\"8891\">Av\u015fa Bungalov Oteller<\/a><\/em><\/strong> i\u00e7eri\u011fimize bakabilirsiniz.<\/p>\n\n\n\n<p><span style=\"color: #ff0000;\"><em><strong>UYARI:<\/strong><\/em><\/span>Arkada\u015flar Av\u015fa Adas\u0131 yaz mevsiminde \u00f6zellikle Temmuz ve A\u011fustos aylar\u0131nda a\u015f\u0131r\u0131 derecede kalabal\u0131k oluyor.Bundan dolay\u0131 bizim \u00f6nerimiz Haziran ve Eyl\u00fcl ay\u0131n\u0131n ba\u015flar\u0131nda ziyaret etmenizdir.<\/p>\n\n\n\n<p><span style=\"color: #ff6600;\"><strong>KISA B\u0130LG\u0130:<\/strong><\/span>Av\u015fa plajlar\u0131n\u0131n t\u00fcm\u00fcne ula\u015f\u0131m Av\u015fa belediye binas\u0131n\u0131n oldu\u011fu alandan hareket eden minib\u00fcslerle sa\u011flan\u0131yor.<\/p>\n\n\n\n<hr class=\"wp-block-separator has-css-opacity is-style-wide\"\/>\n\n\n\n<h2 class=\"wp-block-heading\">1.Karadut Plaj\u0131<\/h2>\n\n\n\n<figure class=\"wp-block-image size-full\"><img decoding=\"async\" width=\"800\" height=\"544\" data-src=\"https:\/\/geziyoo.co\/blog\/wp-content\/uploads\/2024\/07\/Avsa-Adasi-Plajlari-ve-Avsa-Denize-Girilecek-Yerler-2.jpg\" alt=\"\" class=\"wp-image-18891 lazyload\" data-srcset=\"https:\/\/geziyoo.co\/blog\/wp-content\/uploads\/2024\/07\/Avsa-Adasi-Plajlari-ve-Avsa-Denize-Girilecek-Yerler-2.jpg 800w, https:\/\/geziyoo.co\/blog\/wp-content\/uploads\/2024\/07\/Avsa-Adasi-Plajlari-ve-Avsa-Denize-Girilecek-Yerler-2-300x204.jpg 300w, https:\/\/geziyoo.co\/blog\/wp-content\/uploads\/2024\/07\/Avsa-Adasi-Plajlari-ve-Avsa-Denize-Girilecek-Yerler-2-768x522.jpg 768w, https:\/\/geziyoo.co\/blog\/wp-content\/uploads\/2024\/07\/Avsa-Adasi-Plajlari-ve-Avsa-Denize-Girilecek-Yerler-2-220x150.jpg 220w, https:\/\/geziyoo.co\/blog\/wp-content\/uploads\/2024\/07\/Avsa-Adasi-Plajlari-ve-Avsa-Denize-Girilecek-Yerler-2-150x102.jpg 150w\" data-sizes=\"(max-width: 800px) 100vw, 800px\" src=\"data:image\/gif;base64,R0lGODlhAQABAAAAACH5BAEKAAEALAAAAAABAAEAAAICTAEAOw==\" style=\"--smush-placeholder-width: 800px; --smush-placeholder-aspect-ratio: 800\/544;\" \/><figcaption class=\"wp-element-caption\">Av\u015fa Adas\u0131 Plajlar\u0131-Karadut Plajlar\u0131<\/figcaption><\/figure>\n\n\n\n<p>Av\u015fa Adas\u0131&#8217;n\u0131n ke\u015ffedilmeyi bekleyen g\u00fczelliklerinden biri de Karadut Plaj\u0131&#8217;d\u0131r. Adan\u0131n arka taraflar\u0131nda yer alan bu plaj, ismini Karadut Koyu&#8217;ndan alm\u0131\u015ft\u0131r. Eskiden bu b\u00f6lgenin dut a\u011fa\u00e7lar\u0131yla dolu olmas\u0131 nedeniyle &#8220;Karadut&#8221; ismi verilmi\u015f, bu isim de plaja miras kalm\u0131\u015ft\u0131r.<\/p>\n\n\n\n<p>Karadut Plaj\u0131&#8217;na ula\u015f\u0131m olduk\u00e7a kolayd\u0131r. Adan\u0131n merkezinden kalkan minib\u00fcsler veya taksiler ile saat ba\u015f\u0131 plaja ula\u015fabilirsiniz. \u00d6zel arac\u0131n\u0131zla da plaja gidebilirsiniz.<\/p>\n\n\n\n<p>Karadut Plaj\u0131, tertemiz denizi ve alt\u0131n sar\u0131s\u0131 kumuyla keyifli bir deniz tatili i\u00e7in ideal bir yerdir. Plajda \u015fezlong ve \u015femsiye kiralayabilir, denizin tad\u0131n\u0131 \u00e7\u0131karabilir, g\u00fcne\u015flenebilirsiniz. Ayr\u0131ca plajda bulunan kafelerde serinletici i\u00e7ecekler ve at\u0131\u015ft\u0131rmal\u0131klar da bulabilirsiniz.<\/p>\n\n\n\n<p><strong>Karadut Plaj\u0131&#8217;n\u0131n \u00d6zellikleri:<\/strong><\/p>\n\n\n\n<ul class=\"wp-block-list\">\n<li>Sakin ve huzurlu bir atmosfere sahip<\/li>\n\n\n\n<li>Temiz ve berrak deniz<\/li>\n\n\n\n<li>Alt\u0131n sar\u0131s\u0131 kum<\/li>\n\n\n\n<li>\u015eezlong ve \u015femsiye kiralama imkan\u0131<\/li>\n\n\n\n<li>Kafeler ve at\u0131\u015ft\u0131rmal\u0131k b\u00fcfeleri<\/li>\n\n\n\n<li>Minib\u00fcs ve taksi ile kolay ula\u015f\u0131m<\/li>\n<\/ul>\n\n\n\n<p><\/p>\n<ul>\n<li><em><strong>Konum:<\/strong> <\/em><a href=\"https:\/\/goo.gl\/maps\/u1HJHsWc4opibU3EA\" target=\"_blank\" rel=\"noopener noreferrer\"><em><strong>Konum<\/strong> <\/em><\/a>Bilgisine T\u0131klay\u0131n<\/li>\n<li><em><strong>Giri\u015f \u00dccreti:<\/strong> <\/em>Giri\u015fler \u00dccretsiz fakat \u015fezlong ve \u015femsiye \u00fccretlidir.<\/li>\n<\/ul>\n<p><\/p>\n<p>&nbsp;<\/p>\n\n\n\n<hr class=\"wp-block-separator has-css-opacity is-style-wide\"\/>\n\n\n\n<h2 class=\"wp-block-heading\">2.Tav\u015fanl\u0131 Plaj\u0131<\/h2>\n\n\n\n<figure class=\"wp-block-image size-full\"><img decoding=\"async\" width=\"800\" height=\"500\" data-src=\"https:\/\/geziyoo.co\/blog\/wp-content\/uploads\/2024\/07\/Avsa-Adasi-Plajlari-ve-Avsa-Denize-Girilecek-Yerler-3.jpg\" alt=\"\" class=\"wp-image-18892 lazyload\" data-srcset=\"https:\/\/geziyoo.co\/blog\/wp-content\/uploads\/2024\/07\/Avsa-Adasi-Plajlari-ve-Avsa-Denize-Girilecek-Yerler-3.jpg 800w, https:\/\/geziyoo.co\/blog\/wp-content\/uploads\/2024\/07\/Avsa-Adasi-Plajlari-ve-Avsa-Denize-Girilecek-Yerler-3-300x188.jpg 300w, https:\/\/geziyoo.co\/blog\/wp-content\/uploads\/2024\/07\/Avsa-Adasi-Plajlari-ve-Avsa-Denize-Girilecek-Yerler-3-768x480.jpg 768w, https:\/\/geziyoo.co\/blog\/wp-content\/uploads\/2024\/07\/Avsa-Adasi-Plajlari-ve-Avsa-Denize-Girilecek-Yerler-3-150x94.jpg 150w\" data-sizes=\"(max-width: 800px) 100vw, 800px\" src=\"data:image\/gif;base64,R0lGODlhAQABAAAAACH5BAEKAAEALAAAAAABAAEAAAICTAEAOw==\" style=\"--smush-placeholder-width: 800px; --smush-placeholder-aspect-ratio: 800\/500;\" \/><figcaption class=\"wp-element-caption\">Av\u015fa Denize Girilecek Yerler-Tav\u015fanl\u0131 Plaj\u0131<\/figcaption><\/figure>\n\n\n\n<p>Av\u015fa Adas\u0131&#8217;n\u0131n g\u00fcneyinde yer alan Tav\u015fanl\u0131 Plaj\u0131, \u00f6zellikle muhafazak\u00e2r aileler taraf\u0131ndan tercih edilen, sakin ve huzurlu bir atmosfere sahip. Rahatl\u0131kla denize girip g\u00fcne\u015flenebilece\u011finiz bu plaj, adan\u0131n ke\u015ffedilmeyi bekleyen g\u00fczelliklerinden biri.<\/p>\n\n\n\n<p>Tav\u015fanl\u0131 Plaj\u0131&#8217;na ula\u015f\u0131m i\u00e7in saat ba\u015f\u0131 sefer yapan minib\u00fcsler veya taksileri kullanabilirsiniz. \u00d6zel arac\u0131n\u0131zla da plaja gidebilirsiniz.<\/p>\n\n\n\n<p>Tertemiz denizin ve alt\u0131n sar\u0131s\u0131 kumun tad\u0131n\u0131 \u00e7\u0131karabilirsiniz.Ailenizle birlikte huzurlu ve sakin bir ortamda tatil yapabilirsiniz.Plaja yak\u0131n restoran ve \u00e7ay bah\u00e7elerinde dinlenip serinleyebilirsiniz.Do\u011fa y\u00fcr\u00fcy\u00fc\u015fleri yapabilir, adan\u0131n g\u00fczel manzaralar\u0131n\u0131n keyfini \u00e7\u0131karabilirsiniz.<\/p>\n\n\n\n<p><strong>Tav\u015fanl\u0131 Plaj\u0131&#8217;n\u0131n \u00d6zellikleri:<\/strong><\/p>\n\n\n\n<ul class=\"wp-block-list\">\n<li>Sakin ve huzurlu bir atmosfere sahip<\/li>\n\n\n\n<li>Temiz ve berrak deniz<\/li>\n\n\n\n<li>Alt\u0131n sar\u0131s\u0131 kum<\/li>\n\n\n\n<li>Aileler i\u00e7in ideal<\/li>\n\n\n\n<li>Restoran ve \u00e7ay bah\u00e7esi imkan\u0131<\/li>\n\n\n\n<li>Minib\u00fcs ve taksi ile kolay ula\u015f\u0131m<\/li>\n<\/ul>\n\n\n\n<p><\/p>\n<ul>\n<li><em><strong>Konum:<\/strong> <\/em><a href=\"https:\/\/yandex.com.tr\/harita\/-\/CWEef-nW\" target=\"_blank\" rel=\"noopener noreferrer\"><em><strong>Konum<\/strong> <\/em><\/a>Bilgisine T\u0131klay\u0131n<\/li>\n<li><em><strong>Giri\u015f \u00dccreti:<\/strong> <\/em>Giri\u015fler \u00dccretsiz fakat \u015fezlong ve \u015femsiye \u00fccretlidir.<\/li>\n<\/ul>\n<p><\/p>\n\n\n\n<hr class=\"wp-block-separator has-css-opacity is-style-wide\"\/>\n\n\n\n<h2 class=\"wp-block-heading\">3.Alt\u0131nkum Plaj\u0131<\/h2>\n\n\n\n<figure class=\"wp-block-image size-full\"><img decoding=\"async\" width=\"800\" height=\"600\" data-src=\"https:\/\/geziyoo.co\/blog\/wp-content\/uploads\/2024\/07\/Avsa-Adasi-Plajlari-ve-Avsa-Denize-Girilecek-Yerler-4.jpg\" alt=\"\" class=\"wp-image-18893 lazyload\" data-srcset=\"https:\/\/geziyoo.co\/blog\/wp-content\/uploads\/2024\/07\/Avsa-Adasi-Plajlari-ve-Avsa-Denize-Girilecek-Yerler-4.jpg 800w, https:\/\/geziyoo.co\/blog\/wp-content\/uploads\/2024\/07\/Avsa-Adasi-Plajlari-ve-Avsa-Denize-Girilecek-Yerler-4-300x225.jpg 300w, https:\/\/geziyoo.co\/blog\/wp-content\/uploads\/2024\/07\/Avsa-Adasi-Plajlari-ve-Avsa-Denize-Girilecek-Yerler-4-768x576.jpg 768w, https:\/\/geziyoo.co\/blog\/wp-content\/uploads\/2024\/07\/Avsa-Adasi-Plajlari-ve-Avsa-Denize-Girilecek-Yerler-4-150x113.jpg 150w\" data-sizes=\"(max-width: 800px) 100vw, 800px\" src=\"data:image\/gif;base64,R0lGODlhAQABAAAAACH5BAEKAAEALAAAAAABAAEAAAICTAEAOw==\" style=\"--smush-placeholder-width: 800px; --smush-placeholder-aspect-ratio: 800\/600;\" \/><figcaption class=\"wp-element-caption\">Av\u015fa Plajlar\u0131-Altunkum Plaj\u0131<\/figcaption><\/figure>\n\n\n\n<p>Av\u015fa Adas\u0131&#8217;nda denize girilecek en pop\u00fcler yerlerden biri de Alt\u0131nkum Plaj\u0131&#8217;d\u0131r. Adan\u0131n kuzeybat\u0131s\u0131nda yer alan bu plaj, canl\u0131 atmosferi, s\u0131\u011f denizi ve kumlu plaj\u0131 ile \u00f6zellikle \u00e7ocuklu aileler taraf\u0131ndan tercih edilmektedir.<\/p>\n\n\n\n<p>S\u0131\u011f ve dalgas\u0131z denizde y\u00fczmenin ve g\u00fcne\u015flenmenin tad\u0131n\u0131 \u00e7\u0131karabilirsiniz.\u00c7ocuklar\u0131n\u0131zla kumdan kaleler yapabilir, suda oyunlar oynayabilirsiniz.Plaj\u0131n etraf\u0131ndaki restoranlarda taze deniz \u00fcr\u00fcnlerinin tad\u0131na bakabilirsiniz.Kafelerde serinletici i\u00e7ecekler ve at\u0131\u015ft\u0131rmal\u0131klar bulabilirsiniz.Su sporlar\u0131 yapabilirsiniz.Canl\u0131 m\u00fczik e\u015fli\u011finde e\u011flenebilirsiniz.<\/p>\n\n\n\n<p><strong>Alt\u0131nkum Plaj\u0131&#8217;n\u0131n \u00d6zellikleri:<\/strong><\/p>\n\n\n\n<ul class=\"wp-block-list\">\n<li>Hareketli ve canl\u0131 atmosfer<\/li>\n\n\n\n<li>S\u0131\u011f ve dalgas\u0131z deniz<\/li>\n\n\n\n<li>Kumlu plaj<\/li>\n\n\n\n<li>\u00c7ocuklar i\u00e7in ideal<\/li>\n\n\n\n<li>Oteller, restoranlar ve \u00e7ay bah\u00e7eleri<\/li>\n\n\n\n<li>Su sporlar\u0131 imkan\u0131<\/li>\n\n\n\n<li>Canl\u0131 m\u00fczik<\/li>\n\n\n\n<li>Minib\u00fcs ve taksi ile kolay ula\u015f\u0131m<\/li>\n<\/ul>\n\n\n\n<p><\/p>\n<ul>\n<li><em><strong>Konum:<\/strong> <\/em><a href=\"https:\/\/goo.gl\/maps\/TyEzEgpxn52UJvjr5\" target=\"_blank\" rel=\"noopener noreferrer\"><em><strong>Konum<\/strong> <\/em><\/a>Bilgisine T\u0131klay\u0131n<\/li>\n<li><em><strong>Giri\u015f \u00dccreti:<\/strong> <\/em>Giri\u015fler \u00dccretsiz fakat \u015fezlong ve \u015femsiye \u00fccretlidir.<\/li>\n<\/ul>\n<p><\/p>\n\n\n\n<hr class=\"wp-block-separator has-css-opacity is-style-wide\"\/>\n\n\n\n<h2 class=\"wp-block-heading\">4.\u00c7\u0131nar Koyu Plaj\u0131<\/h2>\n\n\n\n<figure class=\"wp-block-image size-full\"><img decoding=\"async\" width=\"800\" height=\"561\" data-src=\"https:\/\/geziyoo.co\/blog\/wp-content\/uploads\/2024\/07\/Avsa-Adasi-Plajlari-ve-Avsa-Denize-Girilecek-Yerler-5.jpg\" alt=\"\" class=\"wp-image-18894 lazyload\" data-srcset=\"https:\/\/geziyoo.co\/blog\/wp-content\/uploads\/2024\/07\/Avsa-Adasi-Plajlari-ve-Avsa-Denize-Girilecek-Yerler-5.jpg 800w, https:\/\/geziyoo.co\/blog\/wp-content\/uploads\/2024\/07\/Avsa-Adasi-Plajlari-ve-Avsa-Denize-Girilecek-Yerler-5-300x210.jpg 300w, https:\/\/geziyoo.co\/blog\/wp-content\/uploads\/2024\/07\/Avsa-Adasi-Plajlari-ve-Avsa-Denize-Girilecek-Yerler-5-768x539.jpg 768w, https:\/\/geziyoo.co\/blog\/wp-content\/uploads\/2024\/07\/Avsa-Adasi-Plajlari-ve-Avsa-Denize-Girilecek-Yerler-5-150x105.jpg 150w\" data-sizes=\"(max-width: 800px) 100vw, 800px\" src=\"data:image\/gif;base64,R0lGODlhAQABAAAAACH5BAEKAAEALAAAAAABAAEAAAICTAEAOw==\" style=\"--smush-placeholder-width: 800px; --smush-placeholder-aspect-ratio: 800\/561;\" \/><\/figure>\n\n\n\n<p>Av\u015fa Adas\u0131&#8217;n\u0131n g\u00fcneybat\u0131s\u0131nda yer alan \u00c7\u0131nar Koyu, adan\u0131n en b\u00fcy\u00fck koyu olma \u00f6zelli\u011fine sahiptir. B\u00f6lgedeki y\u00fcz y\u0131ll\u0131k \u00e7\u0131nar a\u011fa\u00e7lar\u0131ndan ismini alan bu koy, uzun y\u0131llard\u0131r hem Av\u015fal\u0131lar\u0131n hem de turistlerin u\u011frak noktas\u0131 olmu\u015ftur.<\/p>\n\n\n\n<p>Tertemiz denizin ve alt\u0131n sar\u0131s\u0131 kumun tad\u0131n\u0131 \u00e7\u0131karabilirsiniz.Y\u00fczme, g\u00fcne\u015flenme ve su sporlar\u0131 gibi aktiviteler yapabilirsiniz.Do\u011fayla i\u00e7 i\u00e7e bir ortamda dinlenip huzur bulabilirsiniz.B\u00f6lgedeki restoranlarda taze deniz \u00fcr\u00fcnlerinin ve y\u00f6resel lezzetlerin tad\u0131na bakabilirsiniz.\u00c7\u0131nar a\u011fa\u00e7lar\u0131n\u0131n g\u00f6lgesinde piknik yapabilirsiniz.Tekne turu ile koyun ve \u00e7evresinin g\u00fczel manzaralar\u0131n\u0131 seyredebilirsiniz.<\/p>\n\n\n\n<p>\u00c7\u0131nar Koyu&#8217;na Av\u015fa r\u0131ht\u0131m\u0131ndan kalkan teknelerle ula\u015fabilirsiniz. Koya \u00f6zel ara\u00e7la gitmek de m\u00fcmk\u00fcnd\u00fcr.<\/p>\n\n\n\n<p><\/p>\n<ul>\n<li><em><strong>Konum:<\/strong> <\/em><a href=\"https:\/\/goo.gl\/maps\/AQQBtAL44aTFg5Ps7\" target=\"_blank\" rel=\"noopener noreferrer\"><em><strong>Konum<\/strong> <\/em><\/a>Bilgisine T\u0131klay\u0131n<\/li>\n<li><em><strong>Giri\u015f \u00dccreti:<\/strong> <\/em>Giri\u015fler ki\u015fi ba\u015f\u0131 <strong>40-50 TL<\/strong> civar\u0131nda&#8230;<\/li>\n<\/ul>\n<p><\/p>\n\n\n\n<hr class=\"wp-block-separator has-css-opacity is-style-wide\"\/>\n\n\n\n<h2 class=\"wp-block-heading\">5.Av\u015fa Adas\u0131 Merkez Plaj\u0131<\/h2>\n\n\n\n<figure class=\"wp-block-image size-full\"><img decoding=\"async\" width=\"800\" height=\"536\" data-src=\"https:\/\/geziyoo.co\/blog\/wp-content\/uploads\/2024\/07\/Avsa-Adasi-Plajlari-ve-Avsa-Denize-Girilecek-Yerler-6.jpg\" alt=\"\" class=\"wp-image-18895 lazyload\" data-srcset=\"https:\/\/geziyoo.co\/blog\/wp-content\/uploads\/2024\/07\/Avsa-Adasi-Plajlari-ve-Avsa-Denize-Girilecek-Yerler-6.jpg 800w, https:\/\/geziyoo.co\/blog\/wp-content\/uploads\/2024\/07\/Avsa-Adasi-Plajlari-ve-Avsa-Denize-Girilecek-Yerler-6-300x201.jpg 300w, https:\/\/geziyoo.co\/blog\/wp-content\/uploads\/2024\/07\/Avsa-Adasi-Plajlari-ve-Avsa-Denize-Girilecek-Yerler-6-768x515.jpg 768w, https:\/\/geziyoo.co\/blog\/wp-content\/uploads\/2024\/07\/Avsa-Adasi-Plajlari-ve-Avsa-Denize-Girilecek-Yerler-6-150x101.jpg 150w\" data-sizes=\"(max-width: 800px) 100vw, 800px\" src=\"data:image\/gif;base64,R0lGODlhAQABAAAAACH5BAEKAAEALAAAAAABAAEAAAICTAEAOw==\" style=\"--smush-placeholder-width: 800px; --smush-placeholder-aspect-ratio: 800\/536;\" \/><\/figure>\n\n\n\n<p>Av\u015fa Adas\u0131&#8217;n\u0131n en hareketli ve canl\u0131 plaj\u0131 \u00c7\u0131nar Koyu Plaj\u0131, adaya gelen turistlerin g\u00f6zdesidir. Plaj\u0131n \u00e7evresinde \u00e7ok say\u0131da tesis, otel ve restoran bulunmaktad\u0131r. Bu sayede her t\u00fcrl\u00fc ihtiyac\u0131n\u0131z\u0131 kar\u015f\u0131layabilir ve keyifli bir tatil ge\u00e7irebilirsiniz.<\/p>\n\n\n\n<p>S\u0131\u011f ve dalgas\u0131z denizde y\u00fczmenin ve g\u00fcne\u015flenmenin tad\u0131n\u0131 \u00e7\u0131karabilirsiniz.Su sporlar\u0131 yapabilirsiniz.Canl\u0131 m\u00fczik e\u015fli\u011finde e\u011flenebilirsiniz.Plaj\u0131n etraf\u0131ndaki restoranlarda lezzetli yemekler yiyebilirsiniz.Al\u0131\u015fveri\u015f yapabilirsiniz.Gece hayat\u0131n\u0131n tad\u0131n\u0131 \u00e7\u0131karabilirsiniz.<\/p>\n\n\n\n<p><strong>\u00c7\u0131nar Koyu Plaj\u0131&#8217;n\u0131n \u00d6zellikleri:<\/strong><\/p>\n\n\n\n<ul class=\"wp-block-list\">\n<li>Hareketli ve canl\u0131 atmosfer<\/li>\n\n\n\n<li>S\u0131\u011f ve dalgas\u0131z deniz<\/li>\n\n\n\n<li>Kumlu plaj<\/li>\n\n\n\n<li>Su sporlar\u0131 imkan\u0131<\/li>\n\n\n\n<li>Canl\u0131 m\u00fczik<\/li>\n\n\n\n<li>Bir\u00e7ok tesis, otel ve restoran<\/li>\n\n\n\n<li>Al\u0131\u015fveri\u015f imkan\u0131<\/li>\n\n\n\n<li>Gece hayat\u0131<\/li>\n\n\n\n<li>Minib\u00fcs ve taksi ile kolay ula\u015f\u0131m<\/li>\n<\/ul>\n\n\n\n<p><\/p>\n<ul>\n<li><em><strong>Konum:<\/strong> <\/em><a href=\"https:\/\/goo.gl\/maps\/t6T35ugKRcSseLSt7\" target=\"_blank\" rel=\"noopener noreferrer\"><em><strong>Konum<\/strong> <\/em><\/a>Bilgisine T\u0131klay\u0131n<\/li>\n<li><em><strong>Giri\u015f \u00dccreti:<\/strong> Giri\u015fler \u00dccretsiz fakat \u015fezlong ve \u015femsiye \u00fccretlidir.<\/em><\/li>\n<\/ul>\n<p><\/p>\n\n\n\n<hr class=\"wp-block-separator has-css-opacity is-style-wide\"\/>\n\n\n\n<h2 class=\"wp-block-heading\"><strong>6.\u0130ncir Koyu Plaj\u0131 <\/strong><\/h2>\n\n\n\n<figure class=\"wp-block-image size-full\"><img decoding=\"async\" width=\"800\" height=\"600\" data-src=\"https:\/\/geziyoo.co\/blog\/wp-content\/uploads\/2024\/07\/Avsa-Adasi-Plajlari-ve-Denize-Girilecek-Yerler-Incir-Koyu-Plaji-800x600-1.jpg\" alt=\"\" class=\"wp-image-18897 lazyload\" data-srcset=\"https:\/\/geziyoo.co\/blog\/wp-content\/uploads\/2024\/07\/Avsa-Adasi-Plajlari-ve-Denize-Girilecek-Yerler-Incir-Koyu-Plaji-800x600-1.jpg 800w, https:\/\/geziyoo.co\/blog\/wp-content\/uploads\/2024\/07\/Avsa-Adasi-Plajlari-ve-Denize-Girilecek-Yerler-Incir-Koyu-Plaji-800x600-1-300x225.jpg 300w, https:\/\/geziyoo.co\/blog\/wp-content\/uploads\/2024\/07\/Avsa-Adasi-Plajlari-ve-Denize-Girilecek-Yerler-Incir-Koyu-Plaji-800x600-1-768x576.jpg 768w, https:\/\/geziyoo.co\/blog\/wp-content\/uploads\/2024\/07\/Avsa-Adasi-Plajlari-ve-Denize-Girilecek-Yerler-Incir-Koyu-Plaji-800x600-1-150x113.jpg 150w\" data-sizes=\"(max-width: 800px) 100vw, 800px\" src=\"data:image\/gif;base64,R0lGODlhAQABAAAAACH5BAEKAAEALAAAAAABAAEAAAICTAEAOw==\" style=\"--smush-placeholder-width: 800px; --smush-placeholder-aspect-ratio: 800\/600;\" \/><\/figure>\n\n\n\n<p>Av\u015fa Adas\u0131\u2019n\u0131n bakir koylar\u0131ndan birisidir. \u00d6yle bakir ki internet de hi\u00e7 bir bilgiye denk gelmezsiniz ve haritalarda bile bulmak m\u00fcmk\u00fcn de\u011fil.Bu y\u00fczden kald\u0131\u011f\u0131n\u0131z yerden veya bilen birinden yard\u0131m almal\u0131s\u0131n\u0131z.Di\u011fer plajlara g\u00f6re daha sakindir. Yaz aylar\u0131nda gelip g\u00f6rmeniz gereken yerler aras\u0131ndad\u0131r.<\/p>\n\n\n\n<p>Yaz\u0131m\u0131z\u0131n art\u0131k sonuna geldik.Umar\u0131m sizlere faydal\u0131 olabilmi\u015fizdir.G\u00fcze\u015f bir tatil ge\u00e7irip bolca dinlenmeniz dile\u011fiyle ho\u015f\u00e7akal\u0131n&#8230;<\/p>\n\n\n\n<hr class=\"wp-block-separator has-css-opacity is-style-wide\"\/>\n\n\n\n<figure class=\"wp-block-image size-full is-style-rounded\"><img decoding=\"async\" width=\"800\" height=\"189\" data-src=\"https:\/\/geziyoo.co\/blog\/wp-content\/uploads\/2024\/03\/sss.jpg\" alt=\"\" class=\"wp-image-16563 lazyload\" data-srcset=\"https:\/\/geziyoo.co\/blog\/wp-content\/uploads\/2024\/03\/sss.jpg 800w, https:\/\/geziyoo.co\/blog\/wp-content\/uploads\/2024\/03\/sss-300x71.jpg 300w, https:\/\/geziyoo.co\/blog\/wp-content\/uploads\/2024\/03\/sss-768x181.jpg 768w, https:\/\/geziyoo.co\/blog\/wp-content\/uploads\/2024\/03\/sss-150x35.jpg 150w\" data-sizes=\"(max-width: 800px) 100vw, 800px\" src=\"data:image\/gif;base64,R0lGODlhAQABAAAAACH5BAEKAAEALAAAAAABAAEAAAICTAEAOw==\" style=\"--smush-placeholder-width: 800px; --smush-placeholder-aspect-ratio: 800\/189;\" \/><\/figure>\n\n\n\n<div class=\"wp-block-rank-math-faq-block\"><div class=\"rank-math-faq-item\"><h3 class=\"rank-math-question\">Av\u015fa Adas\u0131 istanbul&#8217;a ka\u00e7 kilometre?<\/h3><div class=\"rank-math-answer\">Av\u015fa Adas\u0131 \u0130stanbul Aras\u0131 4 saat, 5 dakika<br>179\u00a0<strong>km<\/strong>&#8216;dir<\/div><\/div><div class=\"rank-math-faq-item\"><h3 class=\"rank-math-question\">Av\u015fa Adas\u0131 n\u00fcfusu ka\u00e7?<\/h3><div class=\"rank-math-answer\">Buna g\u00f6re\u00a0<strong>Av\u015fa Adas\u0131 n\u00fcfusu<\/strong>\u00a03173 ki\u015fidir.Bu veriler 2019 say\u0131mlar\u0131na aittir.Fakat yaz aylar\u0131na adan\u0131n n\u00fcfusu  250 bine kadar \u00e7\u0131kmaktad\u0131r.<\/div><\/div><div class=\"rank-math-faq-item\"><h3 class=\"rank-math-question\">Av\u015fa&#8217;da Nerede ne yenir?<\/h3><div class=\"rank-math-answer\">Meydan Kumrucusu \u0130zmir- Usul\u00fc\u00a0<strong>Av\u015fa<\/strong>\u00a0Kumru,<br>Meydan Lokantas\u0131 -Pilav \u00dcst\u00fc D\u00f6ner Kebap,<br>\u00c7avu\u015fo\u011flu Lezzet Dura\u011f\u0131 -Atom D\u00f6ner,Lahmacun<br>Karadeniz Pidecisi &#8211; Kar\u0131\u015f\u0131k Pide,<br>Kokore\u00e7\u00e7i Kokotek \u2013 \u00c7\u0131naralt\u0131 \u015eok Market Yan\u0131,<\/div><\/div><div class=\"rank-math-faq-item\"><h3 class=\"rank-math-question\">\u0130stanbul Av\u015fa feribot ka\u00e7 saat?<\/h3><div class=\"rank-math-answer\">\u0130stanbuldan Feribot ile gidecekler \u00a02\u00a0<strong>saat<\/strong>\u00a045 dakika yolculuk yapmaktad\u0131r.Erdek&#8217;ten gidecekler ise 2 saat bir yolculuk \u00e7ekerler<\/div><\/div><div class=\"rank-math-faq-item\"><h3 class=\"rank-math-question\">Av\u015fa adas\u0131na araba ile nas\u0131l gidilir?<\/h3><div class=\"rank-math-answer\"><strong>\u00a0Av\u015fa Adas\u0131&#8217;na \u0130stanbul&#8217;dan kendi araban\u0131z ile gitmek isteyenler<\/strong> Tekirda\u011f \u00fczerinden kalkan feribot seferlerini kullanabilirler. Ayr\u0131ca Erdek&#8217;ten kalkan Gesta\u015f Deniz Otob\u00fcslerini kullanarak arabayla gidebilirsiniz.<\/div><\/div><div class=\"rank-math-faq-item\"><h3 class=\"rank-math-question\">Av\u015fa Adas\u0131 Barlar\u0131 ve Gece Hayat\u0131<\/h3><div class=\"rank-math-answer\">1.Cadde Bar<br>2.Orta Bar<br>3.Mart\u0131 Bar<br>4.Squadron Bar<br>5.Yaren T\u00fcrk\u00fc Evi<br>6.Havar T\u00fcrk\u00fc Evi<br>7.Tanz Disko<br>8.Liatris<br>9.Arena Club <\/div><\/div><div class=\"rank-math-faq-item\"><h3 class=\"rank-math-question\">Av\u015fa Adas\u0131 Gezilecek Yerler Hangileri?<\/h3><div class=\"rank-math-answer\"><strong>Av\u015fa Adas\u0131<\/strong>\u00a0De\u011firmenard\u0131 Mevkii Foto \u00c7ekinme.<br>Yi\u011fitler K\u00f6y\u00fc \u015earap Fabrikalar\u0131 Ziyaretleri.<br><strong>Av\u015fa Adas\u0131<\/strong>\u00a0Merkez \u00c7ar\u015f\u0131s\u0131 (T\u00fcrkeli Sahili)<br><strong>Av\u015fa<\/strong>\u00a0\u00c7ar\u015f\u0131(Organik \u00dcr\u00fcnler Pazar\u0131)<br>Yi\u011fitler K\u00f6y\u00fc (Ali Baba T\u00fcrbesi)<br>Bahar Aqua Resort (Aquapark)<br>Alt\u0131nkum Koyu (\u015eahintepesi)<\/div><\/div><div class=\"rank-math-faq-item\"><h3 class=\"rank-math-question\">Av\u015fa Adas\u0131 Denize Girilecek Yerler Hangileri<\/h3><div class=\"rank-math-answer\">1.Karadut Plaj\u0131<br>2.Tav\u015fanl\u0131 Plaj\u0131<br>3.Alt\u0131nkum Plaj\u0131<br>4.\u00c7\u0131nar Koyu Plaj\u0131<br>5.Av\u015fa Adas\u0131 Merkez Plaj\u0131<br>6.\u0130ncir Koyu Plaj\u0131  <\/div><\/div><\/div>\n\n\n\n<h3 class=\"wp-block-heading\">Bunlar\u0131 da Sevebilirsiniz;<\/h3>\n\n\n<ul class=\"wp-block-latest-posts__list wp-block-latest-posts\"><li><a class=\"wp-block-latest-posts__post-title\" href=\"https:\/\/geziyoo.co\/blog\/yurt-disinda-cocuklarin-egitimi-ebeveynler-formaliteler-yuzunden-nerede-para-kaybediyor\/\">Yurt d\u0131\u015f\u0131nda \u00e7ocuklar\u0131n e\u011fitimi: Ebeveynler formaliteler y\u00fcz\u00fcnden nerede para kaybediyor?<\/a><\/li>\n<li><a class=\"wp-block-latest-posts__post-title\" href=\"https:\/\/geziyoo.co\/blog\/gezerken-ne-giyilir\/\">Gezerken Ne Giyilir? Mevsim Ge\u00e7i\u015fleri ve Yaz Tatilleri \u0130\u00e7in Pratik Kombin Rehberi<\/a><\/li>\n<li><a class=\"wp-block-latest-posts__post-title\" href=\"https:\/\/geziyoo.co\/blog\/2026-resmi-tatilleri-ve-14-gune-43-gun\/\">Ajandalar Haz\u0131rlans\u0131n! 2026 Resmi Tatilleri ve &#8220;14 G\u00fcne 43 G\u00fcn&#8221; Form\u00fcl\u00fc G\u00fcndemde<\/a><\/li>\n<\/ul>","protected":false},"excerpt":{"rendered":"<p>Av\u015fa Adas\u0131 Plajlar\u0131 ve Av\u015fa Denize Girilecek Yerler i\u00e7eri\u011fimizden herkese merhabalar.Yaz kap\u0131da ve art\u0131k yava\u015ftan Temmuz ve A\u011fustos ay\u0131 i\u00e7in planlar yap\u0131lmakta.Bizde \u0130stanbul&#8217;da oturan birisi olarak Haftasonlar\u0131 veya k\u0131sa tatillerde gidip denize girebilece\u011fimiz yerler bulmaya \u00e7al\u0131\u015f\u0131yoruz. Bu ara\u015ft\u0131rmalar\u0131m\u0131z neticesinde Av\u015fa Adas\u0131n\u0131 ke\u015ffettik ve sizler i\u00e7in g\u00fczel bir i\u00e7erik olu\u015fturduk.Av\u015fa Adas\u0131 \u0130stanbullular\u0131n resmen can kurtaran g\u00f6revini &hellip;<\/p>\n","protected":false},"author":1,"featured_media":18892,"comment_status":"open","ping_status":"closed","sticky":false,"template":"","format":"standard","meta":{"footnotes":""},"categories":[20],"tags":[],"class_list":["post-18890","post","type-post","status-publish","format-standard","has-post-thumbnail","hentry","category-gezirehberi"],"yoast_head":"<!-- This site is optimized with the Yoast SEO plugin v26.9 - https:\/\/yoast.com\/product\/yoast-seo-wordpress\/ -->\n<title>Av\u015fa&#039;da \u00dccretli ve \u00dccretsiz Denize Girebilece\u011finiz 6 Plaj | Geziyoo<\/title>\n<meta name=\"description\" content=\"Av\u015fa Adas\u0131 Plajlar\u0131 ve Av\u015fa Denize Girilecek Yerler i\u00e7eri\u011fimizde Av\u015fada denize girebilece\u011finiz plajlar ile ilgili bilgiler aktard\u0131k\" \/>\n<meta name=\"robots\" content=\"index, follow, max-snippet:-1, max-image-preview:large, max-video-preview:-1\" \/>\n<link rel=\"canonical\" href=\"https:\/\/geziyoo.co\/blog\/avsa-adasi-plajlari-ve-avsa-denize-girilecek-yerler\/\" \/>\n<meta property=\"og:locale\" content=\"tr_TR\" \/>\n<meta property=\"og:type\" content=\"article\" \/>\n<meta property=\"og:title\" content=\"Av\u015fa&#039;da \u00dccretli ve \u00dccretsiz Denize Girebilece\u011finiz 6 Plaj | Geziyoo\" \/>\n<meta property=\"og:description\" content=\"Av\u015fa Adas\u0131 Plajlar\u0131 ve Av\u015fa Denize Girilecek Yerler i\u00e7eri\u011fimizde Av\u015fada denize girebilece\u011finiz plajlar ile ilgili bilgiler aktard\u0131k\" \/>\n<meta property=\"og:url\" content=\"https:\/\/geziyoo.co\/blog\/avsa-adasi-plajlari-ve-avsa-denize-girilecek-yerler\/\" \/>\n<meta property=\"og:site_name\" content=\"Geziyoo.co\" \/>\n<meta property=\"article:publisher\" content=\"https:\/\/www.facebook.com\/Geziyooco\" \/>\n<meta property=\"article:author\" content=\"https:\/\/www.facebook.com\/geziyoo.co\" \/>\n<meta property=\"article:published_time\" content=\"2024-07-12T12:54:42+00:00\" \/>\n<meta property=\"article:modified_time\" content=\"2026-02-06T11:42:14+00:00\" \/>\n<meta property=\"og:image\" content=\"https:\/\/geziyoo.co\/blog\/wp-content\/uploads\/2024\/07\/Avsa-Adasi-Plajlari-ve-Avsa-Denize-Girilecek-Yerler-3.jpg\" \/>\n\t<meta property=\"og:image:width\" content=\"800\" \/>\n\t<meta property=\"og:image:height\" content=\"500\" \/>\n\t<meta property=\"og:image:type\" content=\"image\/jpeg\" \/>\n<meta name=\"author\" content=\"Geziyoo\" \/>\n<meta name=\"twitter:card\" content=\"summary_large_image\" \/>\n<meta name=\"twitter:creator\" content=\"@https:\/\/twitter.com\/geziyoo\" \/>\n<meta name=\"twitter:site\" content=\"@geziyoo\" \/>\n<meta name=\"twitter:label1\" content=\"Yazan:\" \/>\n\t<meta name=\"twitter:data1\" content=\"Geziyoo\" \/>\n\t<meta name=\"twitter:label2\" content=\"Tahmini okuma s\u00fcresi\" \/>\n\t<meta name=\"twitter:data2\" content=\"8 dakika\" \/>\n<script type=\"application\/ld+json\" class=\"yoast-schema-graph\">{\"@context\":\"https:\/\/schema.org\",\"@graph\":[{\"@type\":\"Article\",\"@id\":\"https:\/\/geziyoo.co\/blog\/avsa-adasi-plajlari-ve-avsa-denize-girilecek-yerler\/#article\",\"isPartOf\":{\"@id\":\"https:\/\/geziyoo.co\/blog\/avsa-adasi-plajlari-ve-avsa-denize-girilecek-yerler\/\"},\"author\":{\"name\":\"Geziyoo\",\"@id\":\"https:\/\/geziyoo.co\/blog\/#\/schema\/person\/032acb2436540ed14784e7d978aef0e4\"},\"headline\":\"Av\u015fa&#8217;da \u00dccretli ve \u00dccretsiz Denize Girebilece\u011finiz 6 Plaj\",\"datePublished\":\"2024-07-12T12:54:42+00:00\",\"dateModified\":\"2026-02-06T11:42:14+00:00\",\"mainEntityOfPage\":{\"@id\":\"https:\/\/geziyoo.co\/blog\/avsa-adasi-plajlari-ve-avsa-denize-girilecek-yerler\/\"},\"wordCount\":1444,\"commentCount\":0,\"publisher\":{\"@id\":\"https:\/\/geziyoo.co\/blog\/#organization\"},\"image\":{\"@id\":\"https:\/\/geziyoo.co\/blog\/avsa-adasi-plajlari-ve-avsa-denize-girilecek-yerler\/#primaryimage\"},\"thumbnailUrl\":\"https:\/\/geziyoo.co\/blog\/wp-content\/uploads\/2024\/07\/Avsa-Adasi-Plajlari-ve-Avsa-Denize-Girilecek-Yerler-3.jpg\",\"articleSection\":[\"Gezi Rehberi\"],\"inLanguage\":\"tr\",\"potentialAction\":[{\"@type\":\"CommentAction\",\"name\":\"Comment\",\"target\":[\"https:\/\/geziyoo.co\/blog\/avsa-adasi-plajlari-ve-avsa-denize-girilecek-yerler\/#respond\"]}]},{\"@type\":\"WebPage\",\"@id\":\"https:\/\/geziyoo.co\/blog\/avsa-adasi-plajlari-ve-avsa-denize-girilecek-yerler\/\",\"url\":\"https:\/\/geziyoo.co\/blog\/avsa-adasi-plajlari-ve-avsa-denize-girilecek-yerler\/\",\"name\":\"Av\u015fa'da \u00dccretli ve \u00dccretsiz Denize Girebilece\u011finiz 6 Plaj | Geziyoo\",\"isPartOf\":{\"@id\":\"https:\/\/geziyoo.co\/blog\/#website\"},\"primaryImageOfPage\":{\"@id\":\"https:\/\/geziyoo.co\/blog\/avsa-adasi-plajlari-ve-avsa-denize-girilecek-yerler\/#primaryimage\"},\"image\":{\"@id\":\"https:\/\/geziyoo.co\/blog\/avsa-adasi-plajlari-ve-avsa-denize-girilecek-yerler\/#primaryimage\"},\"thumbnailUrl\":\"https:\/\/geziyoo.co\/blog\/wp-content\/uploads\/2024\/07\/Avsa-Adasi-Plajlari-ve-Avsa-Denize-Girilecek-Yerler-3.jpg\",\"datePublished\":\"2024-07-12T12:54:42+00:00\",\"dateModified\":\"2026-02-06T11:42:14+00:00\",\"description\":\"Av\u015fa Adas\u0131 Plajlar\u0131 ve Av\u015fa Denize Girilecek Yerler i\u00e7eri\u011fimizde Av\u015fada denize girebilece\u011finiz plajlar ile ilgili bilgiler aktard\u0131k\",\"breadcrumb\":{\"@id\":\"https:\/\/geziyoo.co\/blog\/avsa-adasi-plajlari-ve-avsa-denize-girilecek-yerler\/#breadcrumb\"},\"inLanguage\":\"tr\",\"potentialAction\":[{\"@type\":\"ReadAction\",\"target\":[\"https:\/\/geziyoo.co\/blog\/avsa-adasi-plajlari-ve-avsa-denize-girilecek-yerler\/\"]}]},{\"@type\":\"ImageObject\",\"inLanguage\":\"tr\",\"@id\":\"https:\/\/geziyoo.co\/blog\/avsa-adasi-plajlari-ve-avsa-denize-girilecek-yerler\/#primaryimage\",\"url\":\"https:\/\/geziyoo.co\/blog\/wp-content\/uploads\/2024\/07\/Avsa-Adasi-Plajlari-ve-Avsa-Denize-Girilecek-Yerler-3.jpg\",\"contentUrl\":\"https:\/\/geziyoo.co\/blog\/wp-content\/uploads\/2024\/07\/Avsa-Adasi-Plajlari-ve-Avsa-Denize-Girilecek-Yerler-3.jpg\",\"width\":800,\"height\":500},{\"@type\":\"BreadcrumbList\",\"@id\":\"https:\/\/geziyoo.co\/blog\/avsa-adasi-plajlari-ve-avsa-denize-girilecek-yerler\/#breadcrumb\",\"itemListElement\":[{\"@type\":\"ListItem\",\"position\":1,\"name\":\"Ana sayfa\",\"item\":\"https:\/\/geziyoo.co\/blog\/\"},{\"@type\":\"ListItem\",\"position\":2,\"name\":\"Av\u015fa&#8217;da \u00dccretli ve \u00dccretsiz Denize Girebilece\u011finiz 6 Plaj\"}]},{\"@type\":\"WebSite\",\"@id\":\"https:\/\/geziyoo.co\/blog\/#website\",\"url\":\"https:\/\/geziyoo.co\/blog\/\",\"name\":\"Geziyoo Blog\",\"description\":\"GeziYoo Blog&#039;da T\u00fcrkiye&#039;nin en iyi kamp alanlar\u0131ndan bungalov tatillerine, karavan ipu\u00e7lar\u0131ndan gezi rehberlerine kadar her t\u00fcrl\u00fc do\u011fa deneyimini ke\u015ffedin.\",\"publisher\":{\"@id\":\"https:\/\/geziyoo.co\/blog\/#organization\"},\"potentialAction\":[{\"@type\":\"SearchAction\",\"target\":{\"@type\":\"EntryPoint\",\"urlTemplate\":\"https:\/\/geziyoo.co\/blog\/?s={search_term_string}\"},\"query-input\":{\"@type\":\"PropertyValueSpecification\",\"valueRequired\":true,\"valueName\":\"search_term_string\"}}],\"inLanguage\":\"tr\"},{\"@type\":\"Organization\",\"@id\":\"https:\/\/geziyoo.co\/blog\/#organization\",\"name\":\"Geziyoo.co\",\"url\":\"https:\/\/geziyoo.co\/blog\/\",\"logo\":{\"@type\":\"ImageObject\",\"inLanguage\":\"tr\",\"@id\":\"https:\/\/geziyoo.co\/blog\/#\/schema\/logo\/image\/\",\"url\":\"https:\/\/geziyoo.co\/blog\/wp-content\/uploads\/2025\/01\/Paragraf-metniniz-3.png\",\"contentUrl\":\"https:\/\/geziyoo.co\/blog\/wp-content\/uploads\/2025\/01\/Paragraf-metniniz-3.png\",\"width\":270,\"height\":50,\"caption\":\"Geziyoo.co\"},\"image\":{\"@id\":\"https:\/\/geziyoo.co\/blog\/#\/schema\/logo\/image\/\"},\"sameAs\":[\"https:\/\/www.facebook.com\/Geziyooco\",\"https:\/\/x.com\/geziyoo\",\"https:\/\/tr.pinterest.com\/geziyooco\/\",\"https:\/\/www.youtube.com\/@geziyoo\",\"https:\/\/www.instagram.com\/geziyoo.co\/\"]},{\"@type\":\"Person\",\"@id\":\"https:\/\/geziyoo.co\/blog\/#\/schema\/person\/032acb2436540ed14784e7d978aef0e4\",\"name\":\"Geziyoo\",\"image\":{\"@type\":\"ImageObject\",\"inLanguage\":\"tr\",\"@id\":\"https:\/\/geziyoo.co\/blog\/#\/schema\/person\/image\/\",\"url\":\"https:\/\/secure.gravatar.com\/avatar\/ae212a4514471fdb8cab6e5af4f3c99b940a2d0a16713ea0392c8d7c8a64f30a?s=96&d=mm&r=g\",\"contentUrl\":\"https:\/\/secure.gravatar.com\/avatar\/ae212a4514471fdb8cab6e5af4f3c99b940a2d0a16713ea0392c8d7c8a64f30a?s=96&d=mm&r=g\",\"caption\":\"Geziyoo\"},\"description\":\"Do\u011fa ile i\u00e7 i\u00e7e olabilece\u011finiz yerler,do\u011fa aktivite alanlar\u0131,kamp alanlar\u0131,bungalov oteller,Tiny House Oteller, Galampingler ve da\u011f evlerinin herkes i\u00e7in ula\u015f\u0131labilir olmas\u0131n\u0131 sa\u011flamak amac\u0131yla Geziyoo\u2019ya 2019 y\u0131l\u0131nda ba\u015flad\u0131k.Do\u011fal Tatil konseptini uygulayan en geni\u015f kapsaml\u0131 sitedir.\",\"sameAs\":[\"https:\/\/geziyoo.co\/\",\"https:\/\/www.facebook.com\/geziyoo.co\",\"https:\/\/www.instagram.com\/geziyoo.co\/\",\"https:\/\/tr.pinterest.com\/geziyooco\/\",\"https:\/\/x.com\/https:\/\/twitter.com\/geziyoo\",\"https:\/\/www.youtube.com\/channel\/UCdiSMa6pe17KEY7DP1Ug4ag\"]}]}<\/script>\n<!-- \/ Yoast SEO plugin. -->","yoast_head_json":{"title":"Av\u015fa'da \u00dccretli ve \u00dccretsiz Denize Girebilece\u011finiz 6 Plaj | Geziyoo","description":"Av\u015fa Adas\u0131 Plajlar\u0131 ve Av\u015fa Denize Girilecek Yerler i\u00e7eri\u011fimizde Av\u015fada denize girebilece\u011finiz plajlar ile ilgili bilgiler aktard\u0131k","robots":{"index":"index","follow":"follow","max-snippet":"max-snippet:-1","max-image-preview":"max-image-preview:large","max-video-preview":"max-video-preview:-1"},"canonical":"https:\/\/geziyoo.co\/blog\/avsa-adasi-plajlari-ve-avsa-denize-girilecek-yerler\/","og_locale":"tr_TR","og_type":"article","og_title":"Av\u015fa'da \u00dccretli ve \u00dccretsiz Denize Girebilece\u011finiz 6 Plaj | Geziyoo","og_description":"Av\u015fa Adas\u0131 Plajlar\u0131 ve Av\u015fa Denize Girilecek Yerler i\u00e7eri\u011fimizde Av\u015fada denize girebilece\u011finiz plajlar ile ilgili bilgiler aktard\u0131k","og_url":"https:\/\/geziyoo.co\/blog\/avsa-adasi-plajlari-ve-avsa-denize-girilecek-yerler\/","og_site_name":"Geziyoo.co","article_publisher":"https:\/\/www.facebook.com\/Geziyooco","article_author":"https:\/\/www.facebook.com\/geziyoo.co","article_published_time":"2024-07-12T12:54:42+00:00","article_modified_time":"2026-02-06T11:42:14+00:00","og_image":[{"width":800,"height":500,"url":"https:\/\/geziyoo.co\/blog\/wp-content\/uploads\/2024\/07\/Avsa-Adasi-Plajlari-ve-Avsa-Denize-Girilecek-Yerler-3.jpg","type":"image\/jpeg"}],"author":"Geziyoo","twitter_card":"summary_large_image","twitter_creator":"@https:\/\/twitter.com\/geziyoo","twitter_site":"@geziyoo","twitter_misc":{"Yazan:":"Geziyoo","Tahmini okuma s\u00fcresi":"8 dakika"},"schema":{"@context":"https:\/\/schema.org","@graph":[{"@type":"Article","@id":"https:\/\/geziyoo.co\/blog\/avsa-adasi-plajlari-ve-avsa-denize-girilecek-yerler\/#article","isPartOf":{"@id":"https:\/\/geziyoo.co\/blog\/avsa-adasi-plajlari-ve-avsa-denize-girilecek-yerler\/"},"author":{"name":"Geziyoo","@id":"https:\/\/geziyoo.co\/blog\/#\/schema\/person\/032acb2436540ed14784e7d978aef0e4"},"headline":"Av\u015fa&#8217;da \u00dccretli ve \u00dccretsiz Denize Girebilece\u011finiz 6 Plaj","datePublished":"2024-07-12T12:54:42+00:00","dateModified":"2026-02-06T11:42:14+00:00","mainEntityOfPage":{"@id":"https:\/\/geziyoo.co\/blog\/avsa-adasi-plajlari-ve-avsa-denize-girilecek-yerler\/"},"wordCount":1444,"commentCount":0,"publisher":{"@id":"https:\/\/geziyoo.co\/blog\/#organization"},"image":{"@id":"https:\/\/geziyoo.co\/blog\/avsa-adasi-plajlari-ve-avsa-denize-girilecek-yerler\/#primaryimage"},"thumbnailUrl":"https:\/\/geziyoo.co\/blog\/wp-content\/uploads\/2024\/07\/Avsa-Adasi-Plajlari-ve-Avsa-Denize-Girilecek-Yerler-3.jpg","articleSection":["Gezi Rehberi"],"inLanguage":"tr","potentialAction":[{"@type":"CommentAction","name":"Comment","target":["https:\/\/geziyoo.co\/blog\/avsa-adasi-plajlari-ve-avsa-denize-girilecek-yerler\/#respond"]}]},{"@type":"WebPage","@id":"https:\/\/geziyoo.co\/blog\/avsa-adasi-plajlari-ve-avsa-denize-girilecek-yerler\/","url":"https:\/\/geziyoo.co\/blog\/avsa-adasi-plajlari-ve-avsa-denize-girilecek-yerler\/","name":"Av\u015fa'da \u00dccretli ve \u00dccretsiz Denize Girebilece\u011finiz 6 Plaj | Geziyoo","isPartOf":{"@id":"https:\/\/geziyoo.co\/blog\/#website"},"primaryImageOfPage":{"@id":"https:\/\/geziyoo.co\/blog\/avsa-adasi-plajlari-ve-avsa-denize-girilecek-yerler\/#primaryimage"},"image":{"@id":"https:\/\/geziyoo.co\/blog\/avsa-adasi-plajlari-ve-avsa-denize-girilecek-yerler\/#primaryimage"},"thumbnailUrl":"https:\/\/geziyoo.co\/blog\/wp-content\/uploads\/2024\/07\/Avsa-Adasi-Plajlari-ve-Avsa-Denize-Girilecek-Yerler-3.jpg","datePublished":"2024-07-12T12:54:42+00:00","dateModified":"2026-02-06T11:42:14+00:00","description":"Av\u015fa Adas\u0131 Plajlar\u0131 ve Av\u015fa Denize Girilecek Yerler i\u00e7eri\u011fimizde Av\u015fada denize girebilece\u011finiz plajlar ile ilgili bilgiler aktard\u0131k","breadcrumb":{"@id":"https:\/\/geziyoo.co\/blog\/avsa-adasi-plajlari-ve-avsa-denize-girilecek-yerler\/#breadcrumb"},"inLanguage":"tr","potentialAction":[{"@type":"ReadAction","target":["https:\/\/geziyoo.co\/blog\/avsa-adasi-plajlari-ve-avsa-denize-girilecek-yerler\/"]}]},{"@type":"ImageObject","inLanguage":"tr","@id":"https:\/\/geziyoo.co\/blog\/avsa-adasi-plajlari-ve-avsa-denize-girilecek-yerler\/#primaryimage","url":"https:\/\/geziyoo.co\/blog\/wp-content\/uploads\/2024\/07\/Avsa-Adasi-Plajlari-ve-Avsa-Denize-Girilecek-Yerler-3.jpg","contentUrl":"https:\/\/geziyoo.co\/blog\/wp-content\/uploads\/2024\/07\/Avsa-Adasi-Plajlari-ve-Avsa-Denize-Girilecek-Yerler-3.jpg","width":800,"height":500},{"@type":"BreadcrumbList","@id":"https:\/\/geziyoo.co\/blog\/avsa-adasi-plajlari-ve-avsa-denize-girilecek-yerler\/#breadcrumb","itemListElement":[{"@type":"ListItem","position":1,"name":"Ana sayfa","item":"https:\/\/geziyoo.co\/blog\/"},{"@type":"ListItem","position":2,"name":"Av\u015fa&#8217;da \u00dccretli ve \u00dccretsiz Denize Girebilece\u011finiz 6 Plaj"}]},{"@type":"WebSite","@id":"https:\/\/geziyoo.co\/blog\/#website","url":"https:\/\/geziyoo.co\/blog\/","name":"Geziyoo Blog","description":"GeziYoo Blog&#039;da T\u00fcrkiye&#039;nin en iyi kamp alanlar\u0131ndan bungalov tatillerine, karavan ipu\u00e7lar\u0131ndan gezi rehberlerine kadar her t\u00fcrl\u00fc do\u011fa deneyimini ke\u015ffedin.","publisher":{"@id":"https:\/\/geziyoo.co\/blog\/#organization"},"potentialAction":[{"@type":"SearchAction","target":{"@type":"EntryPoint","urlTemplate":"https:\/\/geziyoo.co\/blog\/?s={search_term_string}"},"query-input":{"@type":"PropertyValueSpecification","valueRequired":true,"valueName":"search_term_string"}}],"inLanguage":"tr"},{"@type":"Organization","@id":"https:\/\/geziyoo.co\/blog\/#organization","name":"Geziyoo.co","url":"https:\/\/geziyoo.co\/blog\/","logo":{"@type":"ImageObject","inLanguage":"tr","@id":"https:\/\/geziyoo.co\/blog\/#\/schema\/logo\/image\/","url":"https:\/\/geziyoo.co\/blog\/wp-content\/uploads\/2025\/01\/Paragraf-metniniz-3.png","contentUrl":"https:\/\/geziyoo.co\/blog\/wp-content\/uploads\/2025\/01\/Paragraf-metniniz-3.png","width":270,"height":50,"caption":"Geziyoo.co"},"image":{"@id":"https:\/\/geziyoo.co\/blog\/#\/schema\/logo\/image\/"},"sameAs":["https:\/\/www.facebook.com\/Geziyooco","https:\/\/x.com\/geziyoo","https:\/\/tr.pinterest.com\/geziyooco\/","https:\/\/www.youtube.com\/@geziyoo","https:\/\/www.instagram.com\/geziyoo.co\/"]},{"@type":"Person","@id":"https:\/\/geziyoo.co\/blog\/#\/schema\/person\/032acb2436540ed14784e7d978aef0e4","name":"Geziyoo","image":{"@type":"ImageObject","inLanguage":"tr","@id":"https:\/\/geziyoo.co\/blog\/#\/schema\/person\/image\/","url":"https:\/\/secure.gravatar.com\/avatar\/ae212a4514471fdb8cab6e5af4f3c99b940a2d0a16713ea0392c8d7c8a64f30a?s=96&d=mm&r=g","contentUrl":"https:\/\/secure.gravatar.com\/avatar\/ae212a4514471fdb8cab6e5af4f3c99b940a2d0a16713ea0392c8d7c8a64f30a?s=96&d=mm&r=g","caption":"Geziyoo"},"description":"Do\u011fa ile i\u00e7 i\u00e7e olabilece\u011finiz yerler,do\u011fa aktivite alanlar\u0131,kamp alanlar\u0131,bungalov oteller,Tiny House Oteller, Galampingler ve da\u011f evlerinin herkes i\u00e7in ula\u015f\u0131labilir olmas\u0131n\u0131 sa\u011flamak amac\u0131yla Geziyoo\u2019ya 2019 y\u0131l\u0131nda ba\u015flad\u0131k.Do\u011fal Tatil konseptini uygulayan en geni\u015f kapsaml\u0131 sitedir.","sameAs":["https:\/\/geziyoo.co\/","https:\/\/www.facebook.com\/geziyoo.co","https:\/\/www.instagram.com\/geziyoo.co\/","https:\/\/tr.pinterest.com\/geziyooco\/","https:\/\/x.com\/https:\/\/twitter.com\/geziyoo","https:\/\/www.youtube.com\/channel\/UCdiSMa6pe17KEY7DP1Ug4ag"]}]}},"amp_enabled":true,"_links":{"self":[{"href":"https:\/\/geziyoo.co\/blog\/wp-json\/wp\/v2\/posts\/18890","targetHints":{"allow":["GET"]}}],"collection":[{"href":"https:\/\/geziyoo.co\/blog\/wp-json\/wp\/v2\/posts"}],"about":[{"href":"https:\/\/geziyoo.co\/blog\/wp-json\/wp\/v2\/types\/post"}],"author":[{"embeddable":true,"href":"https:\/\/geziyoo.co\/blog\/wp-json\/wp\/v2\/users\/1"}],"replies":[{"embeddable":true,"href":"https:\/\/geziyoo.co\/blog\/wp-json\/wp\/v2\/comments?post=18890"}],"version-history":[{"count":0,"href":"https:\/\/geziyoo.co\/blog\/wp-json\/wp\/v2\/posts\/18890\/revisions"}],"wp:featuredmedia":[{"embeddable":true,"href":"https:\/\/geziyoo.co\/blog\/wp-json\/wp\/v2\/media\/18892"}],"wp:attachment":[{"href":"https:\/\/geziyoo.co\/blog\/wp-json\/wp\/v2\/media?parent=18890"}],"wp:term":[{"taxonomy":"category","embeddable":true,"href":"https:\/\/geziyoo.co\/blog\/wp-json\/wp\/v2\/categories?post=18890"},{"taxonomy":"post_tag","embeddable":true,"href":"https:\/\/geziyoo.co\/blog\/wp-json\/wp\/v2\/tags?post=18890"}],"curies":[{"name":"wp","href":"https:\/\/api.w.org\/{rel}","templated":true}]}}