{"id":18831,"date":"2024-07-10T16:27:43","date_gmt":"2024-07-10T16:27:43","guid":{"rendered":"https:\/\/geziyoo.co\/blog\/?p=18831"},"modified":"2026-02-06T11:40:10","modified_gmt":"2026-02-06T11:40:10","slug":"elazig-palu-gezi-rehberi","status":"publish","type":"post","link":"https:\/\/geziyoo.co\/blog\/elazig-palu-gezi-rehberi\/","title":{"rendered":"Palu : Nerede? Nas\u0131l Gidilir? Nerede Kal\u0131n\u0131r?"},"content":{"rendered":"\n<p><strong>Palu Gezi Rehberi<\/strong> yaz\u0131m\u0131zdan herkese merhabalar.Bu yaz\u0131m\u0131zda Elaz\u0131\u011f Palu hakk\u0131nda t\u00fcm detaylar\u0131 aktarmaya \u00e7al\u0131\u015faca\u011f\u0131z.<em><strong>Palu Nerede? Nas\u0131l Gidilir?Nerede Kal\u0131n\u0131r? ve Neler Yap\u0131l\u0131r?<\/strong> <\/em>gibi bir \u00e7ok sorunuza cevap verece\u011fiz.<\/p>\n\n\n\n<p>Anadolu a\u015f\u0131\u011f\u0131 ve anadoluda do\u011fmu\u015f ve b\u00fcy\u00fcm\u00fc\u015f ki\u015filer oldu\u011fumuzdan Anadolu&#8217;da yer alan her yerin bizde \u00e7ok \u00f6nemi var.<\/p>\n\n\n\n<p>Bundan dolay\u0131da Elaz\u0131\u011f&#8217;da yer alan Palu ile ilgili bir gezi d\u00fczenledik ve bununla ilgili detaylar\u0131 sizinle payla\u015ft\u0131k.O halde fazla uzatmadan yaz\u0131m\u0131z\u0131n detaylar\u0131na ge\u00e7elim.<\/p>\n\n\n\n\t\t<div class=\"box info  alignleft\">\n\t\t\t<div class=\"box-inner-block\">\n\t\t\t\t<span class=\"fa tie-shortcode-boxicon\"><\/span>Bu arada Palu ile ilgili S\u0131k\u00e7a Sorulan Sorular\u0131 en a\u015fa\u011f\u0131da sizler i\u00e7in cevaplad\u0131k.Daha fazla merak etti\u011finiz sorular var ise yorumlar k\u0131sm\u0131ndan veya <a href=\"https:\/\/www.instagram.com\/geziyoo.co\/\" target=\"_blank\" rel=\"noopener\" data-schema-attribute=\"\"><em><strong>Instagram<\/strong><\/em><\/a> \u00fczerinden bize sorabilirsiniz.\n\t\t\t<\/div>\n\t\t<\/div>\n\t\n\n\n<hr class=\"wp-block-separator has-css-opacity is-style-wide\"\/>\n\n\n\n<h2 class=\"wp-block-heading\">Palu Tarihi<\/h2>\n\n\n<div class=\"wp-block-image alignnone size-full wp-image-3524\">\n<figure class=\"aligncenter\"><img decoding=\"async\" width=\"950\" height=\"499\" data-src=\"https:\/\/geziyoo.co\/blog\/wp-content\/uploads\/2024\/07\/Palu-2.jpg\" alt=\"Elaz\u0131\u011f Palu Gezi Rehberi\" class=\"wp-image-18832 lazyload\" data-srcset=\"https:\/\/geziyoo.co\/blog\/wp-content\/uploads\/2024\/07\/Palu-2.jpg 950w, https:\/\/geziyoo.co\/blog\/wp-content\/uploads\/2024\/07\/Palu-2-300x158.jpg 300w, https:\/\/geziyoo.co\/blog\/wp-content\/uploads\/2024\/07\/Palu-2-768x403.jpg 768w, https:\/\/geziyoo.co\/blog\/wp-content\/uploads\/2024\/07\/Palu-2-150x79.jpg 150w\" data-sizes=\"(max-width: 950px) 100vw, 950px\" src=\"data:image\/gif;base64,R0lGODlhAQABAAAAACH5BAEKAAEALAAAAAABAAEAAAICTAEAOw==\" style=\"--smush-placeholder-width: 950px; --smush-placeholder-aspect-ratio: 950\/499;\" \/><figcaption class=\"wp-element-caption\">Kaleden m\u00fcthi\u015f bir manzara. Lord Of The Rings filminden f\u0131rlam\u0131\u015f gibi. Gandalf\u0131 sa\u011fda g\u00f6rebilirsiniz:)<\/figcaption><\/figure>\n<\/div>\n\n\n<p>\u0130lk \u00e7a\u011flardan beri b\u00f6lgenin \u00f6nemli bir yerle\u015fim alan\u0131 olmu\u015ftur. M.\u00d6 5000 y\u0131llar\u0131na ait bulgular mevcuttur. Tarih boyunca S\u00fcmerler, Hurriler, Hititler, Asurlular, Urartular, Persler, Romal\u0131lar, Sasaniler, Bizansl\u0131lar, Emeviler, Abbasiler gibi \u00e7e\u015fitli k\u00fclt\u00fcrlere sahne olmu\u015f ve bu medeniyetlerin k\u00fclt\u00fcr hazinelerine be\u015fiklik yapm\u0131\u015ft\u0131r.<\/p>\n\n\n\n<p>T\u00fcrk ak\u0131nlar\u0131n\u0131n ba\u015flamas\u0131yla b\u00f6lgeye \u00f6nceleri \u00c7ubuko\u011fullar\u0131, Artuko\u011fullar\u0131 Beyli\u011fi ve Anadolu Sel\u00e7uklu Devleti hakim olmu\u015ftur. Daha sonralar\u0131 \u0130lhanl\u0131lar, Dulkadiro\u011fullar\u0131 ve Akkoyunlular\u0131n h\u00e2kimiyeti alt\u0131na girmi\u015ftir. \u00c7ald\u0131ran Zaferi&#8217;nden sonra Cem\u015fid Bey\u2019in y\u00f6netiminde Osmanl\u0131 Devleti topraklar\u0131na kat\u0131lm\u0131\u015ft\u0131r.<\/p>\n\n\n\n<hr class=\"wp-block-separator has-css-opacity is-style-wide\"\/>\n\n\n\n<h2 class=\"wp-block-heading\"><strong>Palu Nerede?<\/strong><\/h2>\n\n\n\n<figure class=\"wp-block-image alignnone size-full wp-image-3522\"><img decoding=\"async\" width=\"950\" height=\"556\" data-src=\"https:\/\/geziyoo.co\/blog\/wp-content\/uploads\/2024\/07\/Palu-3.jpg\" alt=\"\" class=\"wp-image-18833 lazyload\" data-srcset=\"https:\/\/geziyoo.co\/blog\/wp-content\/uploads\/2024\/07\/Palu-3.jpg 950w, https:\/\/geziyoo.co\/blog\/wp-content\/uploads\/2024\/07\/Palu-3-300x176.jpg 300w, https:\/\/geziyoo.co\/blog\/wp-content\/uploads\/2024\/07\/Palu-3-768x449.jpg 768w, https:\/\/geziyoo.co\/blog\/wp-content\/uploads\/2024\/07\/Palu-3-150x88.jpg 150w\" data-sizes=\"(max-width: 950px) 100vw, 950px\" src=\"data:image\/gif;base64,R0lGODlhAQABAAAAACH5BAEKAAEALAAAAAABAAEAAAICTAEAOw==\" style=\"--smush-placeholder-width: 950px; --smush-placeholder-aspect-ratio: 950\/556;\" \/><figcaption class=\"wp-element-caption\">Paluda k\u0131\u015f<\/figcaption><\/figure>\n\n\n\n<p>Haritadan incelemek i\u00e7in&nbsp;<a href=\"https:\/\/www.google.com.tr\/maps\/place\/Palu+Kalesi\/@38.7023684,39.952211,17z\/data=!3m1!4b1!4m5!3m4!1s0x4073feeb34b341f7:0xb8f4753687ac481!8m2!3d38.7023642!4d39.9543997\" target=\"_blank\" rel=\"noopener noreferrer\"><span style=\"text-decoration: underline;\"><span style=\"text-decoration: underline;\"><strong><em>Google Haritalardan<\/em> <\/strong>&nbsp;<\/span><\/span><\/a>yard\u0131m alabilirsiniz.Kafan\u0131zda yer etmesi ad\u0131na tasvir etmeye \u00e7al\u0131\u015faca\u011f\u0131z.( Bu b\u00f6lgeyi bilenler i\u00e7in ) Elaz\u0131\u011f&#8217;dan Tunceli&#8217;ye giderken sa\u011f tarafta biraz da alt tarafta kalmaktad\u0131r.Yani ge\u00e7erken maalesef Palu&#8217;yu g\u00f6rme \u015fans\u0131n\u0131z yok.Fakat Kovanc\u0131lar&#8217;a geldikten sonra 10 dakikan\u0131z\u0131 ay\u0131rarak, hem bu k\u00fc\u00e7\u00fck tarihi il\u00e7eyi hem de&nbsp; Kale&#8217;sini g\u00f6rebilirsiniz.Tabi \u0130lkbahar da giderseniz g\u00fcrleyen Murat Nehrinin t\u00fcm g\u00f6rkemine \u015fahit olabilirsiniz.<\/p>\n\n\n\n<hr class=\"wp-block-separator has-css-opacity is-style-wide\"\/>\n\n\n\n<h2 class=\"wp-block-heading\"><strong>Palu&#8217;ya Nas\u0131l Gidilir?<\/strong><\/h2>\n\n\n<div class=\"wp-block-image alignnone size-full wp-image-3460\">\n<figure class=\"aligncenter\"><img decoding=\"async\" width=\"1024\" height=\"753\" data-src=\"https:\/\/geziyoo.co\/blog\/wp-content\/uploads\/2024\/07\/8537090.jpg\" alt=\"\" class=\"wp-image-18834 lazyload\" data-srcset=\"https:\/\/geziyoo.co\/blog\/wp-content\/uploads\/2024\/07\/8537090.jpg 1024w, https:\/\/geziyoo.co\/blog\/wp-content\/uploads\/2024\/07\/8537090-300x221.jpg 300w, https:\/\/geziyoo.co\/blog\/wp-content\/uploads\/2024\/07\/8537090-768x565.jpg 768w, https:\/\/geziyoo.co\/blog\/wp-content\/uploads\/2024\/07\/8537090-150x110.jpg 150w\" data-sizes=\"(max-width: 1024px) 100vw, 1024px\" src=\"data:image\/gif;base64,R0lGODlhAQABAAAAACH5BAEKAAEALAAAAAABAAEAAAICTAEAOw==\" style=\"--smush-placeholder-width: 1024px; --smush-placeholder-aspect-ratio: 1024\/753;\" \/><figcaption class=\"wp-element-caption\">Palu Kalesi<\/figcaption><\/figure>\n<\/div>\n\n\n<p>Palu&#8217;ya gidebilmek i\u00e7in Elaz\u0131\u011f&#8217;a gelmeniz yeterlidir. Elaz\u0131\u011f&#8217;a u\u00e7ak ve otob\u00fcs seferleri mevcut olup Biletall sitesinden faydalanabilirsiniz. Di\u011fer bir alternatif olarak, Tunceli ve Bing\u00f6l&#8217;e giden otob\u00fcsler sizi \u00e7ok yak\u0131n bir yer olan Kovanc\u0131lar&#8217;a b\u0131rakabilir. Oradan, 10 dakikal\u0131k bir yolculuk sonras\u0131 Palu&#8217;ya ula\u015fabilirsiniz. Yine de en kolay\u0131, Elaz\u0131\u011f&#8217;a geldikten sonra Palu minib\u00fcslerine binmektir. Her yar\u0131m saatte bir sefer d\u00fczenlemektedirler, bu y\u00fczden s\u0131k\u0131nt\u0131 \u00e7ekmeyeceksiniz.<\/p>\n\n\n\n<hr class=\"wp-block-separator has-css-opacity is-style-wide\"\/>\n\n\n\n<h2 class=\"wp-block-heading\"><strong>Palu&#8217;da Nerede Kal\u0131n\u0131r?<\/strong><\/h2>\n\n\n<div class=\"wp-block-image alignnone size-full wp-image-3521\">\n<figure class=\"aligncenter\"><img decoding=\"async\" width=\"800\" height=\"531\" data-src=\"https:\/\/geziyoo.co\/blog\/wp-content\/uploads\/2024\/07\/Palu.jpg\" alt=\"\" class=\"wp-image-18835 lazyload\" data-srcset=\"https:\/\/geziyoo.co\/blog\/wp-content\/uploads\/2024\/07\/Palu.jpg 800w, https:\/\/geziyoo.co\/blog\/wp-content\/uploads\/2024\/07\/Palu-300x199.jpg 300w, https:\/\/geziyoo.co\/blog\/wp-content\/uploads\/2024\/07\/Palu-768x510.jpg 768w, https:\/\/geziyoo.co\/blog\/wp-content\/uploads\/2024\/07\/Palu-150x100.jpg 150w\" data-sizes=\"(max-width: 800px) 100vw, 800px\" src=\"data:image\/gif;base64,R0lGODlhAQABAAAAACH5BAEKAAEALAAAAAABAAEAAAICTAEAOw==\" style=\"--smush-placeholder-width: 800px; --smush-placeholder-aspect-ratio: 800\/531;\" \/><figcaption class=\"wp-element-caption\">Murat Nehri<\/figcaption><\/figure>\n<\/div>\n\n\n<p>Palu&#8217;da konaklayabilece\u011finiz herhangi bir otel veya pansiyon bulunmamaktad\u0131r. Ancak, Kovanc\u0131lar&#8217;da yer alan otellerde konaklayabilirsiniz, bu yer Palu&#8217;ya sadece 15 dakika mesafededir. Alternatif olarak, Murat Nehri kenar\u0131na kamp kurabilirsiniz. Kamp yaparken dikkat etmeniz gereken en \u00f6nemli nokta, b\u00f6lge sakinlerinden izin almakt\u0131r. Eskiden s\u00fcregelen ter\u00f6r olaylar\u0131 ve do\u011fu k\u00fclt\u00fcr\u00fcnde bu tarz aktivitelerin az olmas\u0131 nedeniyle, baz\u0131 insanlar bu durumu yad\u0131rgayabilir. Kaymakaml\u0131k ile g\u00f6r\u00fc\u015ferek izin alarak Palu Kalesi eteklerinde de kamp kurma se\u00e7ene\u011finiz bulunmaktad\u0131r. Ancak, herhangi bir yerde kamp kurmadan \u00f6nce yerel yetkililerden izin alman\u0131z \u00f6nemlidir.<\/p>\n\n\n\n<p>Not: B\u00f6lge insanlar\u0131ndan, Kaymakamdan veya Belediye Ba\u015fkan\u0131ndan yard\u0131m isterseniz, kar\u015f\u0131l\u0131\u011f\u0131n\u0131 h\u0131zl\u0131 ve g\u00fcvenilir bir \u015fekilde alaca\u011f\u0131n\u0131z\u0131n garantisini verebiliriz. K\u00fc\u00e7\u00fck yerle\u015fim birimlerinde kendinizi ve niyetinizi a\u00e7\u0131k\u00e7a belirtirseniz genellikle s\u0131cak kar\u015f\u0131lan\u0131r ve sayg\u0131 g\u00f6r\u00fcrs\u00fcn\u00fcz. Anadolu&#8217;nun her k\u00f6\u015fesinde oldu\u011fu gibi, Palu&#8217;da da g\u00f6rebilece\u011finiz \u00f6zel nezaketi ve misafirperverli\u011fi hissedebilirsiniz.<\/p>\n\n\n\n<hr class=\"wp-block-separator has-alpha-channel-opacity is-style-wide\"\/>\n\n\n\n<h2 class=\"wp-block-heading\">Palu&#8217;da Gezilecek Yerler<\/h2>\n\n\n<div class=\"wp-block-image alignnone size-full wp-image-3523\">\n<figure class=\"aligncenter\"><img decoding=\"async\" width=\"950\" height=\"466\" data-src=\"https:\/\/geziyoo.co\/blog\/wp-content\/uploads\/2024\/07\/Palu-1.jpg\" alt=\"\" class=\"wp-image-18836 lazyload\" data-srcset=\"https:\/\/geziyoo.co\/blog\/wp-content\/uploads\/2024\/07\/Palu-1.jpg 950w, https:\/\/geziyoo.co\/blog\/wp-content\/uploads\/2024\/07\/Palu-1-300x147.jpg 300w, https:\/\/geziyoo.co\/blog\/wp-content\/uploads\/2024\/07\/Palu-1-768x377.jpg 768w, https:\/\/geziyoo.co\/blog\/wp-content\/uploads\/2024\/07\/Palu-1-150x74.jpg 150w\" data-sizes=\"(max-width: 950px) 100vw, 950px\" src=\"data:image\/gif;base64,R0lGODlhAQABAAAAACH5BAEKAAEALAAAAAABAAEAAAICTAEAOw==\" style=\"--smush-placeholder-width: 950px; --smush-placeholder-aspect-ratio: 950\/466;\" \/><figcaption class=\"wp-element-caption\">Ta\u015f K\u00f6pr\u00fcs\u00fc<\/figcaption><\/figure>\n<\/div>\n\n\n<p>Gidebilece\u011finiz ba\u015fl\u0131ca yerleri a\u015fa\u011f\u0131 k\u0131s\u0131mda s\u0131ralayaca\u011f\u0131z.G\u00fczel manzaralar yakalamak isterseniz Beyhan taraf\u0131na gidebilirsiniz.Yol boyu Murat nehri ve muhte\u015fem manzara size e\u015flik edecektir.\u00d6zellikle eski tren yolu k\u00f6pr\u00fcs\u00fcnde \u00e7ok g\u00fczel foto\u011fraflar ve videolar \u00e7ekebilirsiniz.<\/p>\n\n\n\n<hr class=\"wp-block-separator has-css-opacity is-style-wide\"\/>\n\n\n\n<h2 class=\"wp-block-heading\">1.Palu Kalesi<\/h2>\n\n\n\n<p>\u015eehirde h\u00fck\u00fcm s\u00fcren medeniyetlerin \u00f6nemli yerle\u015fim alanlar\u0131ndan biri, il\u00e7enin 1 kilometre do\u011fusunda yer alan Palu Kalesi&#8217;dir. Kale, g\u00fcney ve g\u00fcneydo\u011fu kesimleri Murat Nehri ile \u00e7evrili olup, kuzey ve bat\u0131 kesimleri sarp yap\u0131ya sahiptir, bu da kaleyi do\u011fal savunmaya elveri\u015fli ve ele ge\u00e7irilmesi zor bir konuma getirmi\u015ftir. Kalede, Urartu D\u00f6nemine ait yakla\u015f\u0131k 3 bin y\u0131ll\u0131k \u00e7ivi yaz\u0131s\u0131yla yaz\u0131lm\u0131\u015f Urartu Yaz\u0131t\u0131, Urartu Kaya T\u00fcnelleri, Urartu Kaya Mezarlar\u0131, Urartu Kaya Merdivenleri, Urartu Tap\u0131naklar\u0131 ve tap\u0131nma ni\u015fleri ile su sarn\u0131\u00e7lar\u0131 bulunmaktad\u0131r.<\/p>\n\n\n\n<hr class=\"wp-block-separator has-css-opacity is-style-wide\"\/>\n\n\n\n<h2 class=\"wp-block-heading\">2.Cem\u015fit Bey K\u00fclliyesi<\/h2>\n\n\n\n<p>Murat Nehrini b\u00fct\u00fcn a\u00e7\u0131kl\u0131\u011f\u0131 ile g\u00f6ren bir y\u00fckselti \u00fczerinde 16.yy.da in\u015fa edilmi\u015ftir. K\u00fclliye d\u00f6rt k\u0131s\u0131mdan olu\u015fmaktad\u0131r. Bunlar camii, t\u00fcrbe, medrese ve haziredir. 1998 y\u0131l\u0131nda onar\u0131m g\u00f6rmesine ra\u011fmen daha sonraki y\u0131llarda meydana gelen deprem ve heyelanlar sebebi ile yeniden onar\u0131m yap\u0131lmas\u0131 gerekmektedir.<\/p>\n\n\n\n<p>Cem\u015fit Bey T\u00fcrbesi y\u00f6renin hem tarihi hem de mimari bak\u0131m\u0131nda en dikkate de\u011fer t\u00fcrbesidir. \u0130stanbul ve yerli mimarlar\u0131n ve sanatk\u00e2rlar\u0131n son derece itinal\u0131 bir \u00e7al\u0131\u015fmas\u0131yla meydana getirilmi\u015ftir. Mezar ta\u015f\u0131ndaki \u00e7ift servi, geometrik desenler ve ge\u00e7meler y\u00f6rede rastlanan ve klasik anlay\u0131\u015fla i\u015flenen motiflerin tek \u00f6rne\u011fidir. (<em><strong>Cem\u015fitBey K\u00fclliyesi ile ile bilgiler Sn.Ejder A\u00e7\u0131kkap\u0131&#8217;n\u0131n internet sitesinden al\u0131nt\u0131 yap\u0131larak payla\u015f\u0131lm\u0131\u015ft\u0131r<\/strong><\/em>.)<\/p>\n\n\n\n<hr class=\"wp-block-separator has-css-opacity is-style-wide\"\/>\n\n\n\n<h3 class=\"wp-block-heading\">3.K\u00fc\u00e7\u00fck Camii (Cami-i Sa\u011fir)<\/h3>\n\n\n\n<p>Eski Palu \u00c7ar\u015f\u0131ba\u015f\u0131 Mahallesi&#8217;nde bulunan caminin kitabesi bulunmamakla birlikte, Ulu Cami&#8217;den \u00f6nce yap\u0131ld\u0131\u011f\u0131 d\u00fc\u015f\u00fcn\u00fclmektedir. Cami, kare planl\u0131 olup tavan\u0131 tamamen \u00e7\u00f6km\u00fc\u015f durumdad\u0131r ve duvarlar\u0131 da b\u00fcy\u00fck \u00f6l\u00e7\u00fcde tahrip olmu\u015ftur. Minarenin \u015ferefe k\u0131sm\u0131ndan itibaren \u00fcst taraf\u0131 tamamen y\u0131k\u0131lm\u0131\u015ft\u0131r. Caminin geri kalan k\u0131sm\u0131nda ve minaresinde b\u00fcy\u00fck \u00e7atlaklar bulunmakta olup, her an y\u0131k\u0131lma tehlikesi i\u00e7indedir.<\/p>\n\n\n\n<p>(<em><strong>K\u00fc\u00e7\u00fck Camii ile ile bilgiler Sn.Ejder A\u00e7\u0131kkap\u0131&#8217;n\u0131n internet sitesinden al\u0131nt\u0131 yap\u0131larak payla\u015f\u0131lm\u0131\u015ft\u0131r<\/strong><\/em>.)<\/p>\n\n\n\n<hr class=\"wp-block-separator has-css-opacity is-style-wide\"\/>\n\n\n\n<h3 class=\"wp-block-heading\">4.Ulu Camii (Cami-i Kebir)<\/h3>\n\n\n\n<p>Eski Palu&#8217;nun \u00c7ar\u015f\u0131ba\u015f\u0131 Mahallesi&#8217;nde bulunan caminin kitabesinden 1274 H. (1852 M.) y\u0131l\u0131nda yap\u0131ld\u0131\u011f\u0131 anla\u015f\u0131lmaktad\u0131r. Rivayete g\u00f6re, K\u00fc\u00e7\u00fck Camii&#8217;yi yapan ustan\u0131n kalfas\u0131 taraf\u0131ndan yap\u0131lm\u0131\u015ft\u0131r. Cami dikd\u00f6rtgen planl\u0131 olup, \u00fcst k\u0131sm\u0131 kubbesiz ve d\u00fcz dam \u015feklindedir. Ne yaz\u0131k ki, caminin dam\u0131 tamamen \u00e7\u00f6km\u00fc\u015f durumdad\u0131r. Do\u011fu ve kuzey k\u0131s\u0131mlar\u0131nda olmak \u00fczere iki giri\u015f yeri bulunmaktad\u0131r. Minare kaidesi kare planl\u0131 olup, yuvarlak g\u00f6vdeye ge\u00e7i\u015fi kemerler sa\u011flamaktad\u0131r. Ancak \u015ferefeden yukar\u0131 k\u0131sm\u0131 y\u0131k\u0131lm\u0131\u015f durumdad\u0131r.<\/p>\n\n\n\n<p>Bu g\u00fczel ve kutsal \u015fehirden bahsederken bir\u00e7ok an\u0131n\u0131n depre\u015fti\u011fi ve g\u00fczelliklerin \u00f6n\u00fcme geldi\u011fi bu g\u00fczel \u015fehirden \u015fimdilik bu kadar. Sizlerden ricam\u0131z, yurt d\u0131\u015f\u0131na gitmemeniz de\u011fil, ancak \u00f6nce \u00fclkemizdeki bu g\u00fczellikleri gezmeniz olacakt\u0131r. \u00dclkemizi ke\u015ffettikten sonra Avrupa ve d\u00fcnyay\u0131 ke\u015ffetmek i\u00e7in yola \u00e7\u0131kabilirsiniz. Kendime bu ama\u00e7la bir yol edindim ve in\u015fallah bu yolda ba\u015far\u0131y\u0131 yakalar\u0131m.<\/p>\n\n\n\n<p>Bu yaz\u0131m\u0131z ilginizi \u00e7ektiyse\u00a0<em><strong>Palu Kalesi<\/strong>,<a href=\"https:\/\/geziyoo.co\/blog\/levent-vadisi\/\" target=\"_blank\" data-type=\"post\" data-id=\"1165\" rel=\"noreferrer noopener\"><strong>Levent Vadisi<\/strong><\/a>\u00a0ve\u00a0<a href=\"https:\/\/geziyoo.co\/blog\/kudret-havuzu\/\" target=\"_blank\" data-type=\"post\" data-id=\"1180\" rel=\"noreferrer noopener\"><strong>Kudret Havuzu<\/strong><\/a>\u00a0<\/em>yaz\u0131lar\u0131m\u0131z\u0131 da sevebilirsiniz.Hadi art\u0131k yava\u015ftan yaz\u0131m\u0131z\u0131 sonland\u0131r\u0131p di\u011fer yaz\u0131lar\u0131m\u0131za ve gezilerimize ge\u00e7elim.Kendinize \u00e7ok ama \u00e7ok iyi davran\u0131n.Hep mutlu olup gezmeniz dile\u011fiyle Ho\u015f\u00e7akal\u0131n&#8230;<\/p>\n\n\n\n<figure class=\"wp-block-image size-full is-style-rounded\"><img decoding=\"async\" width=\"800\" height=\"189\" data-src=\"https:\/\/geziyoo.co\/blog\/wp-content\/uploads\/2024\/03\/sss.jpg\" alt=\"\" class=\"wp-image-16563 lazyload\" data-srcset=\"https:\/\/geziyoo.co\/blog\/wp-content\/uploads\/2024\/03\/sss.jpg 800w, https:\/\/geziyoo.co\/blog\/wp-content\/uploads\/2024\/03\/sss-300x71.jpg 300w, https:\/\/geziyoo.co\/blog\/wp-content\/uploads\/2024\/03\/sss-768x181.jpg 768w, https:\/\/geziyoo.co\/blog\/wp-content\/uploads\/2024\/03\/sss-150x35.jpg 150w\" data-sizes=\"(max-width: 800px) 100vw, 800px\" src=\"data:image\/gif;base64,R0lGODlhAQABAAAAACH5BAEKAAEALAAAAAABAAEAAAICTAEAOw==\" style=\"--smush-placeholder-width: 800px; --smush-placeholder-aspect-ratio: 800\/189;\" \/><\/figure>\n\n\n\n<div class=\"wp-block-rank-math-faq-block\"><div class=\"rank-math-faq-item\"><h3 class=\"rank-math-question\">Palu N\u00fcfusu Ne Kadar?<\/h3><div class=\"rank-math-answer\"><strong>Palu n\u00fcfusu 2020<\/strong>\u00a0y\u0131l\u0131na g\u00f6re\u00a0<strong>18.754<\/strong>.<br>Bu n\u00fcfus,\u00a0<strong>9.601<\/strong>\u00a0erkek ve\u00a0<strong>9.153<\/strong>\u00a0kad\u0131ndan olu\u015fmaktad\u0131r.<\/div><\/div><div class=\"rank-math-faq-item\"><h3 class=\"rank-math-question\">Palu Hangi \u0130le Ba\u011fl\u0131d\u0131r?<\/h3><div class=\"rank-math-answer\">Palu Elaz\u0131\u011f \u0130line Ba\u011fl\u0131d\u0131r<\/div><\/div><div class=\"rank-math-faq-item\"><h3 class=\"rank-math-question\">Palu Tarih\u00e7esi<\/h3><div class=\"rank-math-answer\">\u0130lk \u00e7a\u011flardan beri b\u00f6lgenin \u00f6nemli bir yerle\u015fim alan\u0131 olmu\u015ftur. M.\u00d6 5000 y\u0131llar\u0131na ait bulgular mevcuttur. Tarih boyunca\u00a0<em><strong>S\u00fcmerler, Hurriler, Hititler, Asurlular, Urartular, Persler, Romal\u0131lar, Sasaniler, Bizansl\u0131lar, Emeviler, Abbasiler<\/strong><\/em>\u00a0\u00a0gibi de\u011fi\u015fik k\u00fclt\u00fcrlere sahne olmu\u015f ve bu medeniyetlerin k\u00fclt\u00fcr hazinelerine be\u015fiklik yapm\u0131\u015ft\u0131r<\/div><\/div><div class=\"rank-math-faq-item\"><h3 class=\"rank-math-question\"><strong>Palu\u2019ya Nas\u0131l Gidilir?<\/strong><\/h3><div class=\"rank-math-answer\">Palu\u2019ya gidebilmeniz i\u00e7in Elaz\u0131\u011f\u2019a gelmeniz yetecektir. Elaz\u0131\u011f\u2019a u\u00e7ak ve otob\u00fcs seferleri mevcut <\/div><\/div><div class=\"rank-math-faq-item\"><h3 class=\"rank-math-question\">Palu&#8217;da Nerede Kal\u0131n\u0131r?<\/h3><div class=\"rank-math-answer\">Paluda kalabilece\u011finiz bir otel bulunmamaktad\u0131r.Kovanc\u0131lardaki otellerde veya PALU Kalesi \u00e7evresinde kamp yapabilirsiniz.<\/div><\/div><div class=\"rank-math-faq-item\"><h3 class=\"rank-math-question\">Palu Hava Durumu<\/h3><div class=\"rank-math-answer\">K\u0131\u015f\u0131n baz\u0131 d\u00f6nemlerinde \u00e7ok so\u011fuk ve kar ya\u011f\u0131\u015fl\u0131 olabilir.<\/div><\/div><\/div>\n\n\n\n<hr class=\"wp-block-separator has-css-opacity is-style-wide\"\/>\n\n\n\n<h3 class=\"wp-block-heading\">Bunlar\u0131 da Sevebilirsiniz;<\/h3>\n\n\n<ul class=\"wp-block-latest-posts__list wp-block-latest-posts\"><li><a class=\"wp-block-latest-posts__post-title\" href=\"https:\/\/geziyoo.co\/blog\/yurt-disinda-cocuklarin-egitimi-ebeveynler-formaliteler-yuzunden-nerede-para-kaybediyor\/\">Yurt d\u0131\u015f\u0131nda \u00e7ocuklar\u0131n e\u011fitimi: Ebeveynler formaliteler y\u00fcz\u00fcnden nerede para kaybediyor?<\/a><\/li>\n<li><a class=\"wp-block-latest-posts__post-title\" href=\"https:\/\/geziyoo.co\/blog\/gezerken-ne-giyilir\/\">Gezerken Ne Giyilir? Mevsim Ge\u00e7i\u015fleri ve Yaz Tatilleri \u0130\u00e7in Pratik Kombin Rehberi<\/a><\/li>\n<li><a class=\"wp-block-latest-posts__post-title\" href=\"https:\/\/geziyoo.co\/blog\/2026-resmi-tatilleri-ve-14-gune-43-gun\/\">Ajandalar Haz\u0131rlans\u0131n! 2026 Resmi Tatilleri ve &#8220;14 G\u00fcne 43 G\u00fcn&#8221; Form\u00fcl\u00fc G\u00fcndemde<\/a><\/li>\n<\/ul>","protected":false},"excerpt":{"rendered":"<p>Palu Gezi Rehberi yaz\u0131m\u0131zdan herkese merhabalar.Bu yaz\u0131m\u0131zda Elaz\u0131\u011f Palu hakk\u0131nda t\u00fcm detaylar\u0131 aktarmaya \u00e7al\u0131\u015faca\u011f\u0131z.Palu Nerede? Nas\u0131l Gidilir?Nerede Kal\u0131n\u0131r? ve Neler Yap\u0131l\u0131r? gibi bir \u00e7ok sorunuza cevap verece\u011fiz. Anadolu a\u015f\u0131\u011f\u0131 ve anadoluda do\u011fmu\u015f ve b\u00fcy\u00fcm\u00fc\u015f ki\u015filer oldu\u011fumuzdan Anadolu&#8217;da yer alan her yerin bizde \u00e7ok \u00f6nemi var. Bundan dolay\u0131da Elaz\u0131\u011f&#8217;da yer alan Palu ile ilgili bir gezi &hellip;<\/p>\n","protected":false},"author":1,"featured_media":18834,"comment_status":"open","ping_status":"closed","sticky":false,"template":"","format":"standard","meta":{"footnotes":""},"categories":[20],"tags":[],"class_list":["post-18831","post","type-post","status-publish","format-standard","has-post-thumbnail","hentry","category-gezirehberi"],"yoast_head":"<!-- This site is optimized with the Yoast SEO plugin v26.9 - https:\/\/yoast.com\/product\/yoast-seo-wordpress\/ -->\n<title>Palu : Nerede? Nas\u0131l Gidilir? Nerede Kal\u0131n\u0131r? | Geziyoo<\/title>\n<meta name=\"description\" content=\"Bu yaz\u0131m\u0131zda Elaz\u0131\u011f Palu hakk\u0131nda t\u00fcm detaylar\u0131 aktarmaya \u00e7al\u0131\u015faca\u011f\u0131z.Palu Nerede? Nas\u0131l Gidilir?Nerede Kal\u0131n\u0131r? ve Neler Yap\u0131l\u0131r? gibi\" \/>\n<meta name=\"robots\" content=\"index, follow, max-snippet:-1, max-image-preview:large, max-video-preview:-1\" \/>\n<link rel=\"canonical\" href=\"http:\/\/geziyoo.co\/blog\/elazig-palu-gezi-rehberi\/\" \/>\n<meta property=\"og:locale\" content=\"tr_TR\" \/>\n<meta property=\"og:type\" content=\"article\" \/>\n<meta property=\"og:title\" content=\"Palu : Nerede? Nas\u0131l Gidilir? Nerede Kal\u0131n\u0131r? | Geziyoo\" \/>\n<meta property=\"og:description\" content=\"Bu yaz\u0131m\u0131zda Elaz\u0131\u011f Palu hakk\u0131nda t\u00fcm detaylar\u0131 aktarmaya \u00e7al\u0131\u015faca\u011f\u0131z.Palu Nerede? Nas\u0131l Gidilir?Nerede Kal\u0131n\u0131r? ve Neler Yap\u0131l\u0131r? gibi\" \/>\n<meta property=\"og:url\" content=\"http:\/\/geziyoo.co\/blog\/elazig-palu-gezi-rehberi\/\" \/>\n<meta property=\"og:site_name\" content=\"Geziyoo.co\" \/>\n<meta property=\"article:publisher\" content=\"https:\/\/www.facebook.com\/Geziyooco\" \/>\n<meta property=\"article:author\" content=\"https:\/\/www.facebook.com\/geziyoo.co\" \/>\n<meta property=\"article:published_time\" content=\"2024-07-10T16:27:43+00:00\" \/>\n<meta property=\"article:modified_time\" content=\"2026-02-06T11:40:10+00:00\" \/>\n<meta property=\"og:image\" content=\"http:\/\/geziyoo.co\/blog\/wp-content\/uploads\/2024\/07\/8537090.jpg\" \/>\n\t<meta property=\"og:image:width\" content=\"1024\" \/>\n\t<meta property=\"og:image:height\" content=\"753\" \/>\n\t<meta property=\"og:image:type\" content=\"image\/jpeg\" \/>\n<meta name=\"author\" content=\"Geziyoo\" \/>\n<meta name=\"twitter:card\" content=\"summary_large_image\" \/>\n<meta name=\"twitter:creator\" content=\"@https:\/\/twitter.com\/geziyoo\" \/>\n<meta name=\"twitter:site\" content=\"@geziyoo\" \/>\n<meta name=\"twitter:label1\" content=\"Yazan:\" \/>\n\t<meta name=\"twitter:data1\" content=\"Geziyoo\" \/>\n\t<meta name=\"twitter:label2\" content=\"Tahmini okuma s\u00fcresi\" \/>\n\t<meta name=\"twitter:data2\" content=\"8 dakika\" \/>\n<script type=\"application\/ld+json\" class=\"yoast-schema-graph\">{\"@context\":\"https:\/\/schema.org\",\"@graph\":[{\"@type\":\"Article\",\"@id\":\"http:\/\/geziyoo.co\/blog\/elazig-palu-gezi-rehberi\/#article\",\"isPartOf\":{\"@id\":\"http:\/\/geziyoo.co\/blog\/elazig-palu-gezi-rehberi\/\"},\"author\":{\"name\":\"Geziyoo\",\"@id\":\"https:\/\/geziyoo.co\/blog\/#\/schema\/person\/032acb2436540ed14784e7d978aef0e4\"},\"headline\":\"Palu : Nerede? Nas\u0131l Gidilir? Nerede Kal\u0131n\u0131r?\",\"datePublished\":\"2024-07-10T16:27:43+00:00\",\"dateModified\":\"2026-02-06T11:40:10+00:00\",\"mainEntityOfPage\":{\"@id\":\"http:\/\/geziyoo.co\/blog\/elazig-palu-gezi-rehberi\/\"},\"wordCount\":1489,\"commentCount\":0,\"publisher\":{\"@id\":\"https:\/\/geziyoo.co\/blog\/#organization\"},\"image\":{\"@id\":\"http:\/\/geziyoo.co\/blog\/elazig-palu-gezi-rehberi\/#primaryimage\"},\"thumbnailUrl\":\"https:\/\/geziyoo.co\/blog\/wp-content\/uploads\/2024\/07\/8537090.jpg\",\"articleSection\":[\"Gezi Rehberi\"],\"inLanguage\":\"tr\",\"potentialAction\":[{\"@type\":\"CommentAction\",\"name\":\"Comment\",\"target\":[\"http:\/\/geziyoo.co\/blog\/elazig-palu-gezi-rehberi\/#respond\"]}]},{\"@type\":\"WebPage\",\"@id\":\"http:\/\/geziyoo.co\/blog\/elazig-palu-gezi-rehberi\/\",\"url\":\"http:\/\/geziyoo.co\/blog\/elazig-palu-gezi-rehberi\/\",\"name\":\"Palu : Nerede? Nas\u0131l Gidilir? Nerede Kal\u0131n\u0131r? | Geziyoo\",\"isPartOf\":{\"@id\":\"https:\/\/geziyoo.co\/blog\/#website\"},\"primaryImageOfPage\":{\"@id\":\"http:\/\/geziyoo.co\/blog\/elazig-palu-gezi-rehberi\/#primaryimage\"},\"image\":{\"@id\":\"http:\/\/geziyoo.co\/blog\/elazig-palu-gezi-rehberi\/#primaryimage\"},\"thumbnailUrl\":\"https:\/\/geziyoo.co\/blog\/wp-content\/uploads\/2024\/07\/8537090.jpg\",\"datePublished\":\"2024-07-10T16:27:43+00:00\",\"dateModified\":\"2026-02-06T11:40:10+00:00\",\"description\":\"Bu yaz\u0131m\u0131zda Elaz\u0131\u011f Palu hakk\u0131nda t\u00fcm detaylar\u0131 aktarmaya \u00e7al\u0131\u015faca\u011f\u0131z.Palu Nerede? Nas\u0131l Gidilir?Nerede Kal\u0131n\u0131r? ve Neler Yap\u0131l\u0131r? gibi\",\"breadcrumb\":{\"@id\":\"http:\/\/geziyoo.co\/blog\/elazig-palu-gezi-rehberi\/#breadcrumb\"},\"inLanguage\":\"tr\",\"potentialAction\":[{\"@type\":\"ReadAction\",\"target\":[\"http:\/\/geziyoo.co\/blog\/elazig-palu-gezi-rehberi\/\"]}]},{\"@type\":\"ImageObject\",\"inLanguage\":\"tr\",\"@id\":\"http:\/\/geziyoo.co\/blog\/elazig-palu-gezi-rehberi\/#primaryimage\",\"url\":\"https:\/\/geziyoo.co\/blog\/wp-content\/uploads\/2024\/07\/8537090.jpg\",\"contentUrl\":\"https:\/\/geziyoo.co\/blog\/wp-content\/uploads\/2024\/07\/8537090.jpg\",\"width\":1024,\"height\":753},{\"@type\":\"BreadcrumbList\",\"@id\":\"http:\/\/geziyoo.co\/blog\/elazig-palu-gezi-rehberi\/#breadcrumb\",\"itemListElement\":[{\"@type\":\"ListItem\",\"position\":1,\"name\":\"Ana sayfa\",\"item\":\"https:\/\/geziyoo.co\/blog\/\"},{\"@type\":\"ListItem\",\"position\":2,\"name\":\"Palu : Nerede? Nas\u0131l Gidilir? Nerede Kal\u0131n\u0131r?\"}]},{\"@type\":\"WebSite\",\"@id\":\"https:\/\/geziyoo.co\/blog\/#website\",\"url\":\"https:\/\/geziyoo.co\/blog\/\",\"name\":\"Geziyoo Blog\",\"description\":\"GeziYoo Blog&#039;da T\u00fcrkiye&#039;nin en iyi kamp alanlar\u0131ndan bungalov tatillerine, karavan ipu\u00e7lar\u0131ndan gezi rehberlerine kadar her t\u00fcrl\u00fc do\u011fa deneyimini ke\u015ffedin.\",\"publisher\":{\"@id\":\"https:\/\/geziyoo.co\/blog\/#organization\"},\"potentialAction\":[{\"@type\":\"SearchAction\",\"target\":{\"@type\":\"EntryPoint\",\"urlTemplate\":\"https:\/\/geziyoo.co\/blog\/?s={search_term_string}\"},\"query-input\":{\"@type\":\"PropertyValueSpecification\",\"valueRequired\":true,\"valueName\":\"search_term_string\"}}],\"inLanguage\":\"tr\"},{\"@type\":\"Organization\",\"@id\":\"https:\/\/geziyoo.co\/blog\/#organization\",\"name\":\"Geziyoo.co\",\"url\":\"https:\/\/geziyoo.co\/blog\/\",\"logo\":{\"@type\":\"ImageObject\",\"inLanguage\":\"tr\",\"@id\":\"https:\/\/geziyoo.co\/blog\/#\/schema\/logo\/image\/\",\"url\":\"https:\/\/geziyoo.co\/blog\/wp-content\/uploads\/2025\/01\/Paragraf-metniniz-3.png\",\"contentUrl\":\"https:\/\/geziyoo.co\/blog\/wp-content\/uploads\/2025\/01\/Paragraf-metniniz-3.png\",\"width\":270,\"height\":50,\"caption\":\"Geziyoo.co\"},\"image\":{\"@id\":\"https:\/\/geziyoo.co\/blog\/#\/schema\/logo\/image\/\"},\"sameAs\":[\"https:\/\/www.facebook.com\/Geziyooco\",\"https:\/\/x.com\/geziyoo\",\"https:\/\/tr.pinterest.com\/geziyooco\/\",\"https:\/\/www.youtube.com\/@geziyoo\",\"https:\/\/www.instagram.com\/geziyoo.co\/\"]},{\"@type\":\"Person\",\"@id\":\"https:\/\/geziyoo.co\/blog\/#\/schema\/person\/032acb2436540ed14784e7d978aef0e4\",\"name\":\"Geziyoo\",\"image\":{\"@type\":\"ImageObject\",\"inLanguage\":\"tr\",\"@id\":\"https:\/\/geziyoo.co\/blog\/#\/schema\/person\/image\/\",\"url\":\"https:\/\/secure.gravatar.com\/avatar\/ae212a4514471fdb8cab6e5af4f3c99b940a2d0a16713ea0392c8d7c8a64f30a?s=96&d=mm&r=g\",\"contentUrl\":\"https:\/\/secure.gravatar.com\/avatar\/ae212a4514471fdb8cab6e5af4f3c99b940a2d0a16713ea0392c8d7c8a64f30a?s=96&d=mm&r=g\",\"caption\":\"Geziyoo\"},\"description\":\"Do\u011fa ile i\u00e7 i\u00e7e olabilece\u011finiz yerler,do\u011fa aktivite alanlar\u0131,kamp alanlar\u0131,bungalov oteller,Tiny House Oteller, Galampingler ve da\u011f evlerinin herkes i\u00e7in ula\u015f\u0131labilir olmas\u0131n\u0131 sa\u011flamak amac\u0131yla Geziyoo\u2019ya 2019 y\u0131l\u0131nda ba\u015flad\u0131k.Do\u011fal Tatil konseptini uygulayan en geni\u015f kapsaml\u0131 sitedir.\",\"sameAs\":[\"https:\/\/geziyoo.co\/\",\"https:\/\/www.facebook.com\/geziyoo.co\",\"https:\/\/www.instagram.com\/geziyoo.co\/\",\"https:\/\/tr.pinterest.com\/geziyooco\/\",\"https:\/\/x.com\/https:\/\/twitter.com\/geziyoo\",\"https:\/\/www.youtube.com\/channel\/UCdiSMa6pe17KEY7DP1Ug4ag\"]}]}<\/script>\n<!-- \/ Yoast SEO plugin. -->","yoast_head_json":{"title":"Palu : Nerede? Nas\u0131l Gidilir? Nerede Kal\u0131n\u0131r? | Geziyoo","description":"Bu yaz\u0131m\u0131zda Elaz\u0131\u011f Palu hakk\u0131nda t\u00fcm detaylar\u0131 aktarmaya \u00e7al\u0131\u015faca\u011f\u0131z.Palu Nerede? Nas\u0131l Gidilir?Nerede Kal\u0131n\u0131r? ve Neler Yap\u0131l\u0131r? gibi","robots":{"index":"index","follow":"follow","max-snippet":"max-snippet:-1","max-image-preview":"max-image-preview:large","max-video-preview":"max-video-preview:-1"},"canonical":"http:\/\/geziyoo.co\/blog\/elazig-palu-gezi-rehberi\/","og_locale":"tr_TR","og_type":"article","og_title":"Palu : Nerede? Nas\u0131l Gidilir? Nerede Kal\u0131n\u0131r? | Geziyoo","og_description":"Bu yaz\u0131m\u0131zda Elaz\u0131\u011f Palu hakk\u0131nda t\u00fcm detaylar\u0131 aktarmaya \u00e7al\u0131\u015faca\u011f\u0131z.Palu Nerede? Nas\u0131l Gidilir?Nerede Kal\u0131n\u0131r? ve Neler Yap\u0131l\u0131r? gibi","og_url":"http:\/\/geziyoo.co\/blog\/elazig-palu-gezi-rehberi\/","og_site_name":"Geziyoo.co","article_publisher":"https:\/\/www.facebook.com\/Geziyooco","article_author":"https:\/\/www.facebook.com\/geziyoo.co","article_published_time":"2024-07-10T16:27:43+00:00","article_modified_time":"2026-02-06T11:40:10+00:00","og_image":[{"width":1024,"height":753,"url":"http:\/\/geziyoo.co\/blog\/wp-content\/uploads\/2024\/07\/8537090.jpg","type":"image\/jpeg"}],"author":"Geziyoo","twitter_card":"summary_large_image","twitter_creator":"@https:\/\/twitter.com\/geziyoo","twitter_site":"@geziyoo","twitter_misc":{"Yazan:":"Geziyoo","Tahmini okuma s\u00fcresi":"8 dakika"},"schema":{"@context":"https:\/\/schema.org","@graph":[{"@type":"Article","@id":"http:\/\/geziyoo.co\/blog\/elazig-palu-gezi-rehberi\/#article","isPartOf":{"@id":"http:\/\/geziyoo.co\/blog\/elazig-palu-gezi-rehberi\/"},"author":{"name":"Geziyoo","@id":"https:\/\/geziyoo.co\/blog\/#\/schema\/person\/032acb2436540ed14784e7d978aef0e4"},"headline":"Palu : Nerede? Nas\u0131l Gidilir? Nerede Kal\u0131n\u0131r?","datePublished":"2024-07-10T16:27:43+00:00","dateModified":"2026-02-06T11:40:10+00:00","mainEntityOfPage":{"@id":"http:\/\/geziyoo.co\/blog\/elazig-palu-gezi-rehberi\/"},"wordCount":1489,"commentCount":0,"publisher":{"@id":"https:\/\/geziyoo.co\/blog\/#organization"},"image":{"@id":"http:\/\/geziyoo.co\/blog\/elazig-palu-gezi-rehberi\/#primaryimage"},"thumbnailUrl":"https:\/\/geziyoo.co\/blog\/wp-content\/uploads\/2024\/07\/8537090.jpg","articleSection":["Gezi Rehberi"],"inLanguage":"tr","potentialAction":[{"@type":"CommentAction","name":"Comment","target":["http:\/\/geziyoo.co\/blog\/elazig-palu-gezi-rehberi\/#respond"]}]},{"@type":"WebPage","@id":"http:\/\/geziyoo.co\/blog\/elazig-palu-gezi-rehberi\/","url":"http:\/\/geziyoo.co\/blog\/elazig-palu-gezi-rehberi\/","name":"Palu : Nerede? Nas\u0131l Gidilir? Nerede Kal\u0131n\u0131r? | Geziyoo","isPartOf":{"@id":"https:\/\/geziyoo.co\/blog\/#website"},"primaryImageOfPage":{"@id":"http:\/\/geziyoo.co\/blog\/elazig-palu-gezi-rehberi\/#primaryimage"},"image":{"@id":"http:\/\/geziyoo.co\/blog\/elazig-palu-gezi-rehberi\/#primaryimage"},"thumbnailUrl":"https:\/\/geziyoo.co\/blog\/wp-content\/uploads\/2024\/07\/8537090.jpg","datePublished":"2024-07-10T16:27:43+00:00","dateModified":"2026-02-06T11:40:10+00:00","description":"Bu yaz\u0131m\u0131zda Elaz\u0131\u011f Palu hakk\u0131nda t\u00fcm detaylar\u0131 aktarmaya \u00e7al\u0131\u015faca\u011f\u0131z.Palu Nerede? Nas\u0131l Gidilir?Nerede Kal\u0131n\u0131r? ve Neler Yap\u0131l\u0131r? gibi","breadcrumb":{"@id":"http:\/\/geziyoo.co\/blog\/elazig-palu-gezi-rehberi\/#breadcrumb"},"inLanguage":"tr","potentialAction":[{"@type":"ReadAction","target":["http:\/\/geziyoo.co\/blog\/elazig-palu-gezi-rehberi\/"]}]},{"@type":"ImageObject","inLanguage":"tr","@id":"http:\/\/geziyoo.co\/blog\/elazig-palu-gezi-rehberi\/#primaryimage","url":"https:\/\/geziyoo.co\/blog\/wp-content\/uploads\/2024\/07\/8537090.jpg","contentUrl":"https:\/\/geziyoo.co\/blog\/wp-content\/uploads\/2024\/07\/8537090.jpg","width":1024,"height":753},{"@type":"BreadcrumbList","@id":"http:\/\/geziyoo.co\/blog\/elazig-palu-gezi-rehberi\/#breadcrumb","itemListElement":[{"@type":"ListItem","position":1,"name":"Ana sayfa","item":"https:\/\/geziyoo.co\/blog\/"},{"@type":"ListItem","position":2,"name":"Palu : Nerede? Nas\u0131l Gidilir? Nerede Kal\u0131n\u0131r?"}]},{"@type":"WebSite","@id":"https:\/\/geziyoo.co\/blog\/#website","url":"https:\/\/geziyoo.co\/blog\/","name":"Geziyoo Blog","description":"GeziYoo Blog&#039;da T\u00fcrkiye&#039;nin en iyi kamp alanlar\u0131ndan bungalov tatillerine, karavan ipu\u00e7lar\u0131ndan gezi rehberlerine kadar her t\u00fcrl\u00fc do\u011fa deneyimini ke\u015ffedin.","publisher":{"@id":"https:\/\/geziyoo.co\/blog\/#organization"},"potentialAction":[{"@type":"SearchAction","target":{"@type":"EntryPoint","urlTemplate":"https:\/\/geziyoo.co\/blog\/?s={search_term_string}"},"query-input":{"@type":"PropertyValueSpecification","valueRequired":true,"valueName":"search_term_string"}}],"inLanguage":"tr"},{"@type":"Organization","@id":"https:\/\/geziyoo.co\/blog\/#organization","name":"Geziyoo.co","url":"https:\/\/geziyoo.co\/blog\/","logo":{"@type":"ImageObject","inLanguage":"tr","@id":"https:\/\/geziyoo.co\/blog\/#\/schema\/logo\/image\/","url":"https:\/\/geziyoo.co\/blog\/wp-content\/uploads\/2025\/01\/Paragraf-metniniz-3.png","contentUrl":"https:\/\/geziyoo.co\/blog\/wp-content\/uploads\/2025\/01\/Paragraf-metniniz-3.png","width":270,"height":50,"caption":"Geziyoo.co"},"image":{"@id":"https:\/\/geziyoo.co\/blog\/#\/schema\/logo\/image\/"},"sameAs":["https:\/\/www.facebook.com\/Geziyooco","https:\/\/x.com\/geziyoo","https:\/\/tr.pinterest.com\/geziyooco\/","https:\/\/www.youtube.com\/@geziyoo","https:\/\/www.instagram.com\/geziyoo.co\/"]},{"@type":"Person","@id":"https:\/\/geziyoo.co\/blog\/#\/schema\/person\/032acb2436540ed14784e7d978aef0e4","name":"Geziyoo","image":{"@type":"ImageObject","inLanguage":"tr","@id":"https:\/\/geziyoo.co\/blog\/#\/schema\/person\/image\/","url":"https:\/\/secure.gravatar.com\/avatar\/ae212a4514471fdb8cab6e5af4f3c99b940a2d0a16713ea0392c8d7c8a64f30a?s=96&d=mm&r=g","contentUrl":"https:\/\/secure.gravatar.com\/avatar\/ae212a4514471fdb8cab6e5af4f3c99b940a2d0a16713ea0392c8d7c8a64f30a?s=96&d=mm&r=g","caption":"Geziyoo"},"description":"Do\u011fa ile i\u00e7 i\u00e7e olabilece\u011finiz yerler,do\u011fa aktivite alanlar\u0131,kamp alanlar\u0131,bungalov oteller,Tiny House Oteller, Galampingler ve da\u011f evlerinin herkes i\u00e7in ula\u015f\u0131labilir olmas\u0131n\u0131 sa\u011flamak amac\u0131yla Geziyoo\u2019ya 2019 y\u0131l\u0131nda ba\u015flad\u0131k.Do\u011fal Tatil konseptini uygulayan en geni\u015f kapsaml\u0131 sitedir.","sameAs":["https:\/\/geziyoo.co\/","https:\/\/www.facebook.com\/geziyoo.co","https:\/\/www.instagram.com\/geziyoo.co\/","https:\/\/tr.pinterest.com\/geziyooco\/","https:\/\/x.com\/https:\/\/twitter.com\/geziyoo","https:\/\/www.youtube.com\/channel\/UCdiSMa6pe17KEY7DP1Ug4ag"]}]}},"amp_enabled":true,"_links":{"self":[{"href":"https:\/\/geziyoo.co\/blog\/wp-json\/wp\/v2\/posts\/18831","targetHints":{"allow":["GET"]}}],"collection":[{"href":"https:\/\/geziyoo.co\/blog\/wp-json\/wp\/v2\/posts"}],"about":[{"href":"https:\/\/geziyoo.co\/blog\/wp-json\/wp\/v2\/types\/post"}],"author":[{"embeddable":true,"href":"https:\/\/geziyoo.co\/blog\/wp-json\/wp\/v2\/users\/1"}],"replies":[{"embeddable":true,"href":"https:\/\/geziyoo.co\/blog\/wp-json\/wp\/v2\/comments?post=18831"}],"version-history":[{"count":0,"href":"https:\/\/geziyoo.co\/blog\/wp-json\/wp\/v2\/posts\/18831\/revisions"}],"wp:featuredmedia":[{"embeddable":true,"href":"https:\/\/geziyoo.co\/blog\/wp-json\/wp\/v2\/media\/18834"}],"wp:attachment":[{"href":"https:\/\/geziyoo.co\/blog\/wp-json\/wp\/v2\/media?parent=18831"}],"wp:term":[{"taxonomy":"category","embeddable":true,"href":"https:\/\/geziyoo.co\/blog\/wp-json\/wp\/v2\/categories?post=18831"},{"taxonomy":"post_tag","embeddable":true,"href":"https:\/\/geziyoo.co\/blog\/wp-json\/wp\/v2\/tags?post=18831"}],"curies":[{"name":"wp","href":"https:\/\/api.w.org\/{rel}","templated":true}]}}