{"id":18776,"date":"2024-07-08T16:28:15","date_gmt":"2024-07-08T16:28:15","guid":{"rendered":"https:\/\/geziyoo.co\/blog\/?p=18776"},"modified":"2026-02-06T11:39:07","modified_gmt":"2026-02-06T11:39:07","slug":"sican-adasi-nerede-nasil-gidilir","status":"publish","type":"post","link":"https:\/\/geziyoo.co\/blog\/sican-adasi-nerede-nasil-gidilir\/","title":{"rendered":"S\u0131\u00e7an Adas\u0131 : Nerede? Nas\u0131l Gidilir? \u0130smi Nerden Geliyor"},"content":{"rendered":"\n<p><strong>S\u0131\u00e7an Adas\u0131 yaz\u0131m\u0131zdan herkese merhabalar. Bu yaz\u0131m\u0131zda Antalya&#8217;da yer alan S\u0131\u00e7an Adas\u0131 hakk\u0131nda &#8220;S\u0131\u00e7an Adas\u0131 Nerede?&#8221;, &#8220;Nas\u0131l Gidilir?&#8221;, &#8220;Neden ismi b\u00f6yle?&#8221; gibi sorular\u0131n\u0131za yan\u0131t verece\u011fiz.<\/strong><\/p>\n\n\n\n<p>Ad\u0131n\u0131 duydu\u011fumuzda, a\u00e7\u0131k\u00e7as\u0131 biz de bol bol s\u0131\u00e7an oldu\u011funu d\u00fc\u015f\u00fcnd\u00fck. Ger\u00e7e\u011fi \u00f6\u011frenmek isterseniz, yaz\u0131m\u0131z\u0131 okumaya devam edin.<\/p>\n\n\n\n<p>Asl\u0131nda, Antalya&#8217;dan Kemer-Kumluca y\u00f6n\u00fcne giden herkes bu aday\u0131 g\u00f6rm\u00fc\u015ft\u00fcr. &#8220;Ada&#8221; dedi\u011fimize bakmay\u0131n; kayal\u0131k gibi g\u00f6r\u00fcnen bir yer. Size k\u00fc\u00e7\u00fck bir t\u00fcyo verece\u011fiz: T\u00fcnek Tepe denilen mevkiden aday\u0131 neredeyse ku\u015f bak\u0131\u015f\u0131 g\u00f6rebilirsiniz. Tabii sadece aday\u0131 de\u011fil, ayn\u0131 zamanda g\u00fczel Antalya manzaras\u0131n\u0131 ve Akdeniz&#8217;in mavili\u011fini de g\u00f6rebilirsiniz.<\/p>\n\n\n\n\t\t<div class=\"box info  alignleft\">\n\t\t\t<div class=\"box-inner-block\">\n\t\t\t\t<span class=\"fa tie-shortcode-boxicon\"><\/span>Bu arada S\u0131\u00e7an Adas\u0131 ile ilgili S\u0131k\u00e7a Sorulan Sorular\u0131 en a\u015fa\u011f\u0131da sizler i\u00e7in cevaplad\u0131k.Daha fazla merak etti\u011finiz sorular var ise yorumlar k\u0131sm\u0131ndan veya <a href=\"https:\/\/www.instagram.com\/geziyoo.co\/\" target=\"_blank\" rel=\"noopener\" data-schema-attribute=\"\"><em><strong>Instagram<\/strong><\/em><\/a> \u00fczerinden bize sorabilirsiniz.\n\t\t\t<\/div>\n\t\t<\/div>\n\t\n\n\n<hr class=\"wp-block-separator has-css-opacity is-style-wide\"\/>\n\n\n\n<h2 class=\"wp-block-heading\">Neden S\u0131\u00e7an Adas\u0131 Denmi\u015f?<\/h2>\n\n\n\n<figure class=\"wp-block-image size-full is-resized\"><img decoding=\"async\" width=\"700\" height=\"463\" data-src=\"https:\/\/geziyoo.co\/blog\/wp-content\/uploads\/2024\/07\/Sican-Adasi-2.jpg\" alt=\"\" class=\"wp-image-18777 lazyload\" style=\"--smush-placeholder-width: 700px; --smush-placeholder-aspect-ratio: 700\/463;width:750px\" data-srcset=\"https:\/\/geziyoo.co\/blog\/wp-content\/uploads\/2024\/07\/Sican-Adasi-2.jpg 700w, https:\/\/geziyoo.co\/blog\/wp-content\/uploads\/2024\/07\/Sican-Adasi-2-300x198.jpg 300w, https:\/\/geziyoo.co\/blog\/wp-content\/uploads\/2024\/07\/Sican-Adasi-2-150x99.jpg 150w\" data-sizes=\"(max-width: 700px) 100vw, 700px\" src=\"data:image\/gif;base64,R0lGODlhAQABAAAAACH5BAEKAAEALAAAAAABAAEAAAICTAEAOw==\" \/><\/figure>\n\n\n\n<p>\u00c7ok \u015fa\u015f\u0131rt\u0131c\u0131 ama ger\u00e7ek: S\u0131\u00e7an Adas\u0131&#8217;nda tahmin edebilece\u011finiz kadar \u00e7ok fare yok. Adan\u0131n ismi, uzaktan bak\u0131ld\u0131\u011f\u0131nda fareye benzemesinden dolay\u0131 verilmi\u015ftir. Ger\u00e7ekten de belirli bir a\u00e7\u0131dan bak\u0131ld\u0131\u011f\u0131nda fare siluetini g\u00f6rebilirsiniz.<\/p>\n\n\n\n<hr class=\"wp-block-separator has-css-opacity is-style-wide\"\/>\n\n\n\n<h2 style=\"background-color: #f0f0f0; text-align: center;\"><strong>S\u0131\u00e7an Adas\u0131 Nerede?<\/strong><\/h2>\n\n\n\n<figure class=\"wp-block-image size-full\"><img decoding=\"async\" width=\"800\" height=\"445\" data-src=\"https:\/\/geziyoo.co\/blog\/wp-content\/uploads\/2024\/07\/Sican-Adasi-3.jpg\" alt=\"\" class=\"wp-image-18778 lazyload\" data-srcset=\"https:\/\/geziyoo.co\/blog\/wp-content\/uploads\/2024\/07\/Sican-Adasi-3.jpg 800w, https:\/\/geziyoo.co\/blog\/wp-content\/uploads\/2024\/07\/Sican-Adasi-3-300x167.jpg 300w, https:\/\/geziyoo.co\/blog\/wp-content\/uploads\/2024\/07\/Sican-Adasi-3-768x427.jpg 768w, https:\/\/geziyoo.co\/blog\/wp-content\/uploads\/2024\/07\/Sican-Adasi-3-150x83.jpg 150w\" data-sizes=\"(max-width: 800px) 100vw, 800px\" src=\"data:image\/gif;base64,R0lGODlhAQABAAAAACH5BAEKAAEALAAAAAABAAEAAAICTAEAOw==\" style=\"--smush-placeholder-width: 800px; --smush-placeholder-aspect-ratio: 800\/445;\" \/><\/figure>\n\n\n\n<p>Antalya \u015fehir merkezinin bat\u0131s\u0131nda Konyaalt\u0131 Plaj\u0131 ile Beldibi Beldesi aras\u0131nda k\u0131y\u0131dan yakla\u015f\u0131k 1000 metre mesafede yer al\u0131r.Daha detayl\u0131 incelemek i\u00e7in&nbsp;<a href=\"https:\/\/www.google.com.tr\/maps\/place\/Sican+Adasi\/@36.8022386,30.5806896,15z\/data=!3m1!4b1!4m5!3m4!1s0x14c395b3df522c8f:0xa7c7f567101411c8!8m2!3d36.8022222!4d30.5894444\" target=\"_blank\" rel=\"noreferrer noopener\"><strong>S\u0131\u00e7an Adas\u0131n\u0131n haritas\u0131na&nbsp;<\/strong><\/a>bak\u0131n\u0131z.. \u015e\u00f6ylede demek gerekirse&nbsp;<strong>Antalya&nbsp;<\/strong>merkezden \u00e7\u0131kt\u0131n\u0131z ve Kemere taraf gidiyorsunuz. Solunuzda kalan k\u00fc\u00e7\u00fck ada i\u015fte o&#8230;<\/p>\n\n\n\n<hr class=\"wp-block-separator has-css-opacity is-style-wide\"\/>\n\n\n\n<h2 class=\"wp-block-heading\">S\u0131\u00e7an Adas\u0131na Nas\u0131l Gidilir?<\/h2>\n\n\n\n<figure class=\"wp-block-image size-full\"><img decoding=\"async\" width=\"800\" height=\"600\" data-src=\"https:\/\/geziyoo.co\/blog\/wp-content\/uploads\/2024\/07\/Sican-Adasi-4.jpg\" alt=\"\" class=\"wp-image-18779 lazyload\" data-srcset=\"https:\/\/geziyoo.co\/blog\/wp-content\/uploads\/2024\/07\/Sican-Adasi-4.jpg 800w, https:\/\/geziyoo.co\/blog\/wp-content\/uploads\/2024\/07\/Sican-Adasi-4-300x225.jpg 300w, https:\/\/geziyoo.co\/blog\/wp-content\/uploads\/2024\/07\/Sican-Adasi-4-768x576.jpg 768w, https:\/\/geziyoo.co\/blog\/wp-content\/uploads\/2024\/07\/Sican-Adasi-4-150x113.jpg 150w\" data-sizes=\"(max-width: 800px) 100vw, 800px\" src=\"data:image\/gif;base64,R0lGODlhAQABAAAAACH5BAEKAAEALAAAAAABAAEAAAICTAEAOw==\" style=\"--smush-placeholder-width: 800px; --smush-placeholder-aspect-ratio: 800\/600;\" \/><\/figure>\n\n\n\n<p>S\u0131\u00e7an Adas\u0131&#8217;na gitmek i\u00e7in Antalya Kalei\u00e7i&#8217;nden veya Beldibi&#8217;nden kalkan tekne turlar\u0131na kat\u0131labilirsiniz. E\u011fer kendinize g\u00fcveniyor ve ger\u00e7ekten iyi bir y\u00fcz\u00fcc\u00fcyseniz, adaya y\u00fczerek bile ula\u015fman\u0131z m\u00fcmk\u00fcn. Ancak, bu y\u00f6ntemi tercih edece\u011finizi pek sanm\u0131yoruz. Sonu\u00e7ta adada herhangi bir yerle\u015fim bulunmuyor ve su ile yiyecek ihtiyac\u0131n\u0131z olabilir.<\/p>\n\n\n\n<hr class=\"wp-block-separator has-css-opacity is-style-wide\"\/>\n\n\n\n<h2 class=\"wp-block-heading\">S\u0131\u00e7an Adas\u0131nda Kamp Yap\u0131l\u0131r m\u0131?<\/h2>\n\n\n\n<figure class=\"wp-block-image size-full\"><img decoding=\"async\" width=\"800\" height=\"534\" data-src=\"https:\/\/geziyoo.co\/blog\/wp-content\/uploads\/2024\/07\/Sican-Adasi-5.jpg\" alt=\"\" class=\"wp-image-18780 lazyload\" data-srcset=\"https:\/\/geziyoo.co\/blog\/wp-content\/uploads\/2024\/07\/Sican-Adasi-5.jpg 800w, https:\/\/geziyoo.co\/blog\/wp-content\/uploads\/2024\/07\/Sican-Adasi-5-300x200.jpg 300w, https:\/\/geziyoo.co\/blog\/wp-content\/uploads\/2024\/07\/Sican-Adasi-5-768x513.jpg 768w, https:\/\/geziyoo.co\/blog\/wp-content\/uploads\/2024\/07\/Sican-Adasi-5-150x100.jpg 150w\" data-sizes=\"(max-width: 800px) 100vw, 800px\" src=\"data:image\/gif;base64,R0lGODlhAQABAAAAACH5BAEKAAEALAAAAAABAAEAAAICTAEAOw==\" style=\"--smush-placeholder-width: 800px; --smush-placeholder-aspect-ratio: 800\/534;\" \/><figcaption class=\"wp-element-caption\">Bu Foto\u011fraf G\u00fclten Yasin \u00d6zg\u00fcr taraf\u0131ndan \u00e7ekilmi\u015ftir. <\/figcaption><\/figure>\n\n\n\n<p>\u015e\u00fck\u00fcr ki S\u0131\u00e7an Adas\u0131 hen\u00fcz turizme a\u00e7\u0131lmam\u0131\u015f ve el de\u011fmemi\u015f bir yerdir. Bu nedenle, 5 y\u0131ld\u0131zl\u0131 otel arayanlar hayal k\u0131r\u0131kl\u0131\u011f\u0131na u\u011frayabilir, ancak kamp\u00e7\u0131lar i\u00e7in harika bir yerdir. Anlayaca\u011f\u0131n\u0131z, adada sadece kamp yapabilirsiniz. Kamp yapacaklar i\u00e7in dikkat edilmesi gereken bir nokta, d\u00fczl\u00fck bir alan bulman\u0131n neredeyse imkans\u0131z olmas\u0131d\u0131r. Ancak, bu durum kamp yapmay\u0131 daha maceral\u0131 ve ilgin\u00e7 hale getirebilir.<\/p>\n\n\n\n<hr class=\"wp-block-separator has-css-opacity is-style-wide\"\/>\n\n\n\n<h2 class=\"wp-block-heading\">S\u0131\u00e7an Adas\u0131 Uyar\u0131lar<\/h2>\n\n\n\n<figure class=\"wp-block-image size-full\"><img decoding=\"async\" width=\"800\" height=\"600\" data-src=\"https:\/\/geziyoo.co\/blog\/wp-content\/uploads\/2024\/07\/Sican-Adasi-6.jpg\" alt=\"\" class=\"wp-image-18781 lazyload\" data-srcset=\"https:\/\/geziyoo.co\/blog\/wp-content\/uploads\/2024\/07\/Sican-Adasi-6.jpg 800w, https:\/\/geziyoo.co\/blog\/wp-content\/uploads\/2024\/07\/Sican-Adasi-6-300x225.jpg 300w, https:\/\/geziyoo.co\/blog\/wp-content\/uploads\/2024\/07\/Sican-Adasi-6-768x576.jpg 768w, https:\/\/geziyoo.co\/blog\/wp-content\/uploads\/2024\/07\/Sican-Adasi-6-150x113.jpg 150w\" data-sizes=\"(max-width: 800px) 100vw, 800px\" src=\"data:image\/gif;base64,R0lGODlhAQABAAAAACH5BAEKAAEALAAAAAABAAEAAAICTAEAOw==\" style=\"--smush-placeholder-width: 800px; --smush-placeholder-aspect-ratio: 800\/600;\" \/><figcaption class=\"wp-element-caption\">G\u00fcn bat\u0131m\u0131nda ada<\/figcaption><\/figure>\n\n\n\n<p>Arkada\u015flar, S\u0131\u00e7an Adas\u0131 yo\u011fun bitki \u00f6rt\u00fcs\u00fcne sahip oldu\u011fundan, \u015fort veya mayo ile gitmeyi d\u00fc\u015f\u00fcnmeyin; aksi takdirde olduk\u00e7a h\u0131rpalanabilirsiniz. Bu nedenle, rahat bir pantolon ve uzun kollu giysiler tercih edin. Ayr\u0131ca, adada herhangi bir restoran veya su kayna\u011f\u0131 bulunmad\u0131\u011f\u0131 i\u00e7in, haz\u0131rl\u0131kl\u0131 olman\u0131zda fayda var. Ne kadar s\u00fcre kalmay\u0131 planl\u0131yorsan\u0131z, yan\u0131n\u0131za yeterli miktarda yiyecek ve su almay\u0131 unutmay\u0131n.<\/p>\n\n\n\n<hr class=\"wp-block-separator has-alpha-channel-opacity is-style-wide\"\/>\n\n\n\n<h2 class=\"wp-block-heading\">Adada Yap\u0131lacak Aktiviteler<\/h2>\n\n\n\n<figure class=\"wp-block-image size-full\"><img decoding=\"async\" width=\"800\" height=\"600\" data-src=\"https:\/\/geziyoo.co\/blog\/wp-content\/uploads\/2024\/07\/Sican-Adasi-4-1.jpg\" alt=\"\" class=\"wp-image-18782 lazyload\" data-srcset=\"https:\/\/geziyoo.co\/blog\/wp-content\/uploads\/2024\/07\/Sican-Adasi-4-1.jpg 800w, https:\/\/geziyoo.co\/blog\/wp-content\/uploads\/2024\/07\/Sican-Adasi-4-1-300x225.jpg 300w, https:\/\/geziyoo.co\/blog\/wp-content\/uploads\/2024\/07\/Sican-Adasi-4-1-768x576.jpg 768w, https:\/\/geziyoo.co\/blog\/wp-content\/uploads\/2024\/07\/Sican-Adasi-4-1-150x113.jpg 150w\" data-sizes=\"(max-width: 800px) 100vw, 800px\" src=\"data:image\/gif;base64,R0lGODlhAQABAAAAACH5BAEKAAEALAAAAAABAAEAAAICTAEAOw==\" style=\"--smush-placeholder-width: 800px; --smush-placeholder-aspect-ratio: 800\/600;\" \/><figcaption class=\"wp-element-caption\">S\u0131\u00e7an Adas\u0131<\/figcaption><\/figure>\n\n\n\n<p>Her yerin kendine has bir dokusu ve g\u00fczelli\u011fi vard\u0131r. Bunu en iyi bulan ve bulacak olan sizden ba\u015fkas\u0131 de\u011fildir. Bu bilgi haricinde y\u00fczebilir , Zorlu bir arazide t\u0131rman\u0131\u015f yapabilirsiniz. M\u00fcthi\u015f Antalya manzaras\u0131na &nbsp;kar\u015f\u0131 oturup keyif yapabilirsiniz.Bunun haricinde adan\u0131n do\u011fu k\u0131sm\u0131nda ufak bir ma\u011fara mevcut olup dal\u0131\u015f yapabilirsiniz.<\/p>\n\n\n\n<p>Bir yaz\u0131m\u0131z daha son buldu. Antalya ile ilgili ne s\u00f6ylesek ger\u00e7ekten bo\u015f kal\u0131yor. Tanr\u0131 turizm i\u00e7in yaratm\u0131\u015f bu \u015fehri. Do\u011fal g\u00fczellikleri ,alt yap\u0131s\u0131 , iklimi vb. her \u015fey turizm i\u00e7in yarat\u0131lm\u0131\u015f. Bunun yan\u0131 s\u0131ra b\u00f6yle ke\u015ffedilmemi\u015f yerleri seviyorsan\u0131z .<em><strong>&nbsp;<a href=\"https:\/\/geziyoo.co\/blog\/beycik-buku-kamp-alani-nasil-gidilir-nerede\/\" data-type=\"post\" data-id=\"2166\" target=\"_blank\" rel=\"noreferrer noopener\">Beycik B\u00fck\u00fc ,&nbsp;<\/a><a href=\"https:\/\/geziyoo.co\/listing\/maden-koyu-kamp-alani\/\" target=\"_blank\" rel=\"noreferrer noopener\">Maden Koyu&nbsp;<\/a>ve&nbsp;<a href=\"https:\/\/geziyoo.co\/blog\/alacasu-koyu-nerede-nasil-bir-yer\/\" target=\"_blank\" data-type=\"post\" data-id=\"2184\" rel=\"noreferrer noopener\">Alacasu(Cennet) koyu<\/a><\/strong><\/em>&nbsp;yaz\u0131lar\u0131m\u0131z da&nbsp; ilginizi \u00e7ekebilir. Son olarak yaz\u0131lar\u0131m\u0131z\u0131 takipte kal\u0131n ve l\u00fctfen yorumlar\u0131n\u0131z\u0131 esirgemeyin. Kendinize iyi bak\u0131n.<\/p>\n\n\n\n<hr class=\"wp-block-separator has-css-opacity is-style-wide\"\/>\n\n\n\n<figure class=\"wp-block-image size-full is-style-rounded\"><img decoding=\"async\" width=\"800\" height=\"189\" data-src=\"https:\/\/geziyoo.co\/blog\/wp-content\/uploads\/2024\/03\/sss.jpg\" alt=\"\" class=\"wp-image-16563 lazyload\" data-srcset=\"https:\/\/geziyoo.co\/blog\/wp-content\/uploads\/2024\/03\/sss.jpg 800w, https:\/\/geziyoo.co\/blog\/wp-content\/uploads\/2024\/03\/sss-300x71.jpg 300w, https:\/\/geziyoo.co\/blog\/wp-content\/uploads\/2024\/03\/sss-768x181.jpg 768w, https:\/\/geziyoo.co\/blog\/wp-content\/uploads\/2024\/03\/sss-150x35.jpg 150w\" data-sizes=\"(max-width: 800px) 100vw, 800px\" src=\"data:image\/gif;base64,R0lGODlhAQABAAAAACH5BAEKAAEALAAAAAABAAEAAAICTAEAOw==\" style=\"--smush-placeholder-width: 800px; --smush-placeholder-aspect-ratio: 800\/189;\" \/><\/figure>\n\n\n\n<div class=\"wp-block-rank-math-faq-block\"><div class=\"rank-math-faq-item\"><h3 class=\"rank-math-question\">S\u0131\u00e7an Adas\u0131 ismini nereden alm\u0131\u015ft\u0131r?<\/h3><div class=\"rank-math-answer\"><strong>K<\/strong>\u0131y\u0131dan g\u00fcney k\u0131sm\u0131na do\u011fru incelmesi nedeniyle bir\u00a0<strong>s\u0131\u00e7an\u0131<\/strong>\u00a0and\u0131rd\u0131\u011f\u0131 i\u00e7in &#8216;<strong>S\u0131\u00e7an Adas\u0131<\/strong>&#8216; denmi\u015f<\/div><\/div><div class=\"rank-math-faq-item\"><h3 class=\"rank-math-question\">S\u0131\u00e7an Adas\u0131 Nerede?<\/h3><div class=\"rank-math-answer\">S\u0131\u00e7an Adas\u0131 Antalya&#8217;da yer almaktad\u0131r.<\/div><\/div><div class=\"rank-math-faq-item\"><h3 class=\"rank-math-question\">S\u0131\u00e7an Adas\u0131nda Ya\u015fam Var m\u0131?<\/h3><div class=\"rank-math-answer\">Adada maalesef yerle\u015fim yok<\/div><\/div><div class=\"rank-math-faq-item\"><h3 class=\"rank-math-question\">S\u0131\u00e7an Adas\u0131na Nas\u0131l Gidilir?<\/h3><div class=\"rank-math-answer\">S\u0131\u00e7an Adas\u0131na gitmek i\u00e7in, Antalya Kale i\u00e7inden veya \u00a0Beldibi\u2019nden tekne turlar\u0131na kat\u0131labilirsiniz.<\/div><\/div><\/div>\n\n\n\n<hr class=\"wp-block-separator has-css-opacity is-style-wide\"\/>\n\n\n\n<h3 class=\"wp-block-heading\">Bunlar\u0131 da Sevebilirsiniz;<\/h3>\n\n\n<ul class=\"wp-block-latest-posts__list wp-block-latest-posts\"><li><a class=\"wp-block-latest-posts__post-title\" href=\"https:\/\/geziyoo.co\/blog\/yurt-disinda-cocuklarin-egitimi-ebeveynler-formaliteler-yuzunden-nerede-para-kaybediyor\/\">Yurt d\u0131\u015f\u0131nda \u00e7ocuklar\u0131n e\u011fitimi: Ebeveynler formaliteler y\u00fcz\u00fcnden nerede para kaybediyor?<\/a><\/li>\n<li><a class=\"wp-block-latest-posts__post-title\" href=\"https:\/\/geziyoo.co\/blog\/gezerken-ne-giyilir\/\">Gezerken Ne Giyilir? Mevsim Ge\u00e7i\u015fleri ve Yaz Tatilleri \u0130\u00e7in Pratik Kombin Rehberi<\/a><\/li>\n<li><a class=\"wp-block-latest-posts__post-title\" href=\"https:\/\/geziyoo.co\/blog\/2026-resmi-tatilleri-ve-14-gune-43-gun\/\">Ajandalar Haz\u0131rlans\u0131n! 2026 Resmi Tatilleri ve &#8220;14 G\u00fcne 43 G\u00fcn&#8221; Form\u00fcl\u00fc G\u00fcndemde<\/a><\/li>\n<\/ul>","protected":false},"excerpt":{"rendered":"<p>S\u0131\u00e7an Adas\u0131 yaz\u0131m\u0131zdan herkese merhabalar. Bu yaz\u0131m\u0131zda Antalya&#8217;da yer alan S\u0131\u00e7an Adas\u0131 hakk\u0131nda &#8220;S\u0131\u00e7an Adas\u0131 Nerede?&#8221;, &#8220;Nas\u0131l Gidilir?&#8221;, &#8220;Neden ismi b\u00f6yle?&#8221; gibi sorular\u0131n\u0131za yan\u0131t verece\u011fiz. Ad\u0131n\u0131 duydu\u011fumuzda, a\u00e7\u0131k\u00e7as\u0131 biz de bol bol s\u0131\u00e7an oldu\u011funu d\u00fc\u015f\u00fcnd\u00fck. Ger\u00e7e\u011fi \u00f6\u011frenmek isterseniz, yaz\u0131m\u0131z\u0131 okumaya devam edin. Asl\u0131nda, Antalya&#8217;dan Kemer-Kumluca y\u00f6n\u00fcne giden herkes bu aday\u0131 g\u00f6rm\u00fc\u015ft\u00fcr. &#8220;Ada&#8221; dedi\u011fimize bakmay\u0131n; kayal\u0131k &hellip;<\/p>\n","protected":false},"author":1,"featured_media":18780,"comment_status":"open","ping_status":"closed","sticky":false,"template":"","format":"standard","meta":{"footnotes":""},"categories":[20],"tags":[],"class_list":["post-18776","post","type-post","status-publish","format-standard","has-post-thumbnail","hentry","category-gezirehberi"],"yoast_head":"<!-- This site is optimized with the Yoast SEO plugin v26.9 - https:\/\/yoast.com\/product\/yoast-seo-wordpress\/ -->\n<title>S\u0131\u00e7an Adas\u0131 : Nerede? Nas\u0131l Gidilir? \u0130smi Nerden Geliyor | Geziyoo<\/title>\n<meta name=\"description\" content=\"Bu yaz\u0131m\u0131zda Antalya&#039;da yer alan S\u0131\u00e7an Adas\u0131 hakk\u0131nda &quot;S\u0131\u00e7an Adas\u0131 Nerede?&quot;, &quot;Nas\u0131l Gidilir?&quot;, &quot;Neden ismi b\u00f6yle?&quot; gibi sorular\u0131n\u0131za yan\u0131t\" \/>\n<meta name=\"robots\" content=\"index, follow, max-snippet:-1, max-image-preview:large, max-video-preview:-1\" \/>\n<link rel=\"canonical\" href=\"http:\/\/geziyoo.co\/blog\/sican-adasi-nerede-nasil-gidilir\/\" \/>\n<meta property=\"og:locale\" content=\"tr_TR\" \/>\n<meta property=\"og:type\" content=\"article\" \/>\n<meta property=\"og:title\" content=\"S\u0131\u00e7an Adas\u0131 : Nerede? Nas\u0131l Gidilir? \u0130smi Nerden Geliyor | Geziyoo\" \/>\n<meta property=\"og:description\" content=\"Bu yaz\u0131m\u0131zda Antalya&#039;da yer alan S\u0131\u00e7an Adas\u0131 hakk\u0131nda &quot;S\u0131\u00e7an Adas\u0131 Nerede?&quot;, &quot;Nas\u0131l Gidilir?&quot;, &quot;Neden ismi b\u00f6yle?&quot; gibi sorular\u0131n\u0131za yan\u0131t\" \/>\n<meta property=\"og:url\" content=\"http:\/\/geziyoo.co\/blog\/sican-adasi-nerede-nasil-gidilir\/\" \/>\n<meta property=\"og:site_name\" content=\"Geziyoo.co\" \/>\n<meta property=\"article:publisher\" content=\"https:\/\/www.facebook.com\/Geziyooco\" \/>\n<meta property=\"article:author\" content=\"https:\/\/www.facebook.com\/geziyoo.co\" \/>\n<meta property=\"article:published_time\" content=\"2024-07-08T16:28:15+00:00\" \/>\n<meta property=\"article:modified_time\" content=\"2026-02-06T11:39:07+00:00\" \/>\n<meta property=\"og:image\" content=\"http:\/\/geziyoo.co\/blog\/wp-content\/uploads\/2024\/07\/Sican-Adasi-5.jpg\" \/>\n\t<meta property=\"og:image:width\" content=\"800\" \/>\n\t<meta property=\"og:image:height\" content=\"534\" \/>\n\t<meta property=\"og:image:type\" content=\"image\/jpeg\" \/>\n<meta name=\"author\" content=\"Geziyoo\" \/>\n<meta name=\"twitter:card\" content=\"summary_large_image\" \/>\n<meta name=\"twitter:creator\" content=\"@https:\/\/twitter.com\/geziyoo\" \/>\n<meta name=\"twitter:site\" content=\"@geziyoo\" \/>\n<meta name=\"twitter:label1\" content=\"Yazan:\" \/>\n\t<meta name=\"twitter:data1\" content=\"Geziyoo\" \/>\n\t<meta name=\"twitter:label2\" content=\"Tahmini okuma s\u00fcresi\" \/>\n\t<meta name=\"twitter:data2\" content=\"5 dakika\" \/>\n<script type=\"application\/ld+json\" class=\"yoast-schema-graph\">{\"@context\":\"https:\/\/schema.org\",\"@graph\":[{\"@type\":\"Article\",\"@id\":\"http:\/\/geziyoo.co\/blog\/sican-adasi-nerede-nasil-gidilir\/#article\",\"isPartOf\":{\"@id\":\"http:\/\/geziyoo.co\/blog\/sican-adasi-nerede-nasil-gidilir\/\"},\"author\":{\"name\":\"Geziyoo\",\"@id\":\"https:\/\/geziyoo.co\/blog\/#\/schema\/person\/032acb2436540ed14784e7d978aef0e4\"},\"headline\":\"S\u0131\u00e7an Adas\u0131 : Nerede? Nas\u0131l Gidilir? \u0130smi Nerden Geliyor\",\"datePublished\":\"2024-07-08T16:28:15+00:00\",\"dateModified\":\"2026-02-06T11:39:07+00:00\",\"mainEntityOfPage\":{\"@id\":\"http:\/\/geziyoo.co\/blog\/sican-adasi-nerede-nasil-gidilir\/\"},\"wordCount\":820,\"commentCount\":0,\"publisher\":{\"@id\":\"https:\/\/geziyoo.co\/blog\/#organization\"},\"image\":{\"@id\":\"http:\/\/geziyoo.co\/blog\/sican-adasi-nerede-nasil-gidilir\/#primaryimage\"},\"thumbnailUrl\":\"https:\/\/geziyoo.co\/blog\/wp-content\/uploads\/2024\/07\/Sican-Adasi-5.jpg\",\"articleSection\":[\"Gezi Rehberi\"],\"inLanguage\":\"tr\",\"potentialAction\":[{\"@type\":\"CommentAction\",\"name\":\"Comment\",\"target\":[\"http:\/\/geziyoo.co\/blog\/sican-adasi-nerede-nasil-gidilir\/#respond\"]}]},{\"@type\":\"WebPage\",\"@id\":\"http:\/\/geziyoo.co\/blog\/sican-adasi-nerede-nasil-gidilir\/\",\"url\":\"http:\/\/geziyoo.co\/blog\/sican-adasi-nerede-nasil-gidilir\/\",\"name\":\"S\u0131\u00e7an Adas\u0131 : Nerede? Nas\u0131l Gidilir? \u0130smi Nerden Geliyor | Geziyoo\",\"isPartOf\":{\"@id\":\"https:\/\/geziyoo.co\/blog\/#website\"},\"primaryImageOfPage\":{\"@id\":\"http:\/\/geziyoo.co\/blog\/sican-adasi-nerede-nasil-gidilir\/#primaryimage\"},\"image\":{\"@id\":\"http:\/\/geziyoo.co\/blog\/sican-adasi-nerede-nasil-gidilir\/#primaryimage\"},\"thumbnailUrl\":\"https:\/\/geziyoo.co\/blog\/wp-content\/uploads\/2024\/07\/Sican-Adasi-5.jpg\",\"datePublished\":\"2024-07-08T16:28:15+00:00\",\"dateModified\":\"2026-02-06T11:39:07+00:00\",\"description\":\"Bu yaz\u0131m\u0131zda Antalya'da yer alan S\u0131\u00e7an Adas\u0131 hakk\u0131nda \\\"S\u0131\u00e7an Adas\u0131 Nerede?\\\", \\\"Nas\u0131l Gidilir?\\\", \\\"Neden ismi b\u00f6yle?\\\" gibi sorular\u0131n\u0131za yan\u0131t\",\"breadcrumb\":{\"@id\":\"http:\/\/geziyoo.co\/blog\/sican-adasi-nerede-nasil-gidilir\/#breadcrumb\"},\"inLanguage\":\"tr\",\"potentialAction\":[{\"@type\":\"ReadAction\",\"target\":[\"http:\/\/geziyoo.co\/blog\/sican-adasi-nerede-nasil-gidilir\/\"]}]},{\"@type\":\"ImageObject\",\"inLanguage\":\"tr\",\"@id\":\"http:\/\/geziyoo.co\/blog\/sican-adasi-nerede-nasil-gidilir\/#primaryimage\",\"url\":\"https:\/\/geziyoo.co\/blog\/wp-content\/uploads\/2024\/07\/Sican-Adasi-5.jpg\",\"contentUrl\":\"https:\/\/geziyoo.co\/blog\/wp-content\/uploads\/2024\/07\/Sican-Adasi-5.jpg\",\"width\":800,\"height\":534},{\"@type\":\"BreadcrumbList\",\"@id\":\"http:\/\/geziyoo.co\/blog\/sican-adasi-nerede-nasil-gidilir\/#breadcrumb\",\"itemListElement\":[{\"@type\":\"ListItem\",\"position\":1,\"name\":\"Ana sayfa\",\"item\":\"https:\/\/geziyoo.co\/blog\/\"},{\"@type\":\"ListItem\",\"position\":2,\"name\":\"S\u0131\u00e7an Adas\u0131 : Nerede? Nas\u0131l Gidilir? \u0130smi Nerden Geliyor\"}]},{\"@type\":\"WebSite\",\"@id\":\"https:\/\/geziyoo.co\/blog\/#website\",\"url\":\"https:\/\/geziyoo.co\/blog\/\",\"name\":\"Geziyoo Blog\",\"description\":\"GeziYoo Blog&#039;da T\u00fcrkiye&#039;nin en iyi kamp alanlar\u0131ndan bungalov tatillerine, karavan ipu\u00e7lar\u0131ndan gezi rehberlerine kadar her t\u00fcrl\u00fc do\u011fa deneyimini ke\u015ffedin.\",\"publisher\":{\"@id\":\"https:\/\/geziyoo.co\/blog\/#organization\"},\"potentialAction\":[{\"@type\":\"SearchAction\",\"target\":{\"@type\":\"EntryPoint\",\"urlTemplate\":\"https:\/\/geziyoo.co\/blog\/?s={search_term_string}\"},\"query-input\":{\"@type\":\"PropertyValueSpecification\",\"valueRequired\":true,\"valueName\":\"search_term_string\"}}],\"inLanguage\":\"tr\"},{\"@type\":\"Organization\",\"@id\":\"https:\/\/geziyoo.co\/blog\/#organization\",\"name\":\"Geziyoo.co\",\"url\":\"https:\/\/geziyoo.co\/blog\/\",\"logo\":{\"@type\":\"ImageObject\",\"inLanguage\":\"tr\",\"@id\":\"https:\/\/geziyoo.co\/blog\/#\/schema\/logo\/image\/\",\"url\":\"https:\/\/geziyoo.co\/blog\/wp-content\/uploads\/2025\/01\/Paragraf-metniniz-3.png\",\"contentUrl\":\"https:\/\/geziyoo.co\/blog\/wp-content\/uploads\/2025\/01\/Paragraf-metniniz-3.png\",\"width\":270,\"height\":50,\"caption\":\"Geziyoo.co\"},\"image\":{\"@id\":\"https:\/\/geziyoo.co\/blog\/#\/schema\/logo\/image\/\"},\"sameAs\":[\"https:\/\/www.facebook.com\/Geziyooco\",\"https:\/\/x.com\/geziyoo\",\"https:\/\/tr.pinterest.com\/geziyooco\/\",\"https:\/\/www.youtube.com\/@geziyoo\",\"https:\/\/www.instagram.com\/geziyoo.co\/\"]},{\"@type\":\"Person\",\"@id\":\"https:\/\/geziyoo.co\/blog\/#\/schema\/person\/032acb2436540ed14784e7d978aef0e4\",\"name\":\"Geziyoo\",\"image\":{\"@type\":\"ImageObject\",\"inLanguage\":\"tr\",\"@id\":\"https:\/\/geziyoo.co\/blog\/#\/schema\/person\/image\/\",\"url\":\"https:\/\/secure.gravatar.com\/avatar\/ae212a4514471fdb8cab6e5af4f3c99b940a2d0a16713ea0392c8d7c8a64f30a?s=96&d=mm&r=g\",\"contentUrl\":\"https:\/\/secure.gravatar.com\/avatar\/ae212a4514471fdb8cab6e5af4f3c99b940a2d0a16713ea0392c8d7c8a64f30a?s=96&d=mm&r=g\",\"caption\":\"Geziyoo\"},\"description\":\"Do\u011fa ile i\u00e7 i\u00e7e olabilece\u011finiz yerler,do\u011fa aktivite alanlar\u0131,kamp alanlar\u0131,bungalov oteller,Tiny House Oteller, Galampingler ve da\u011f evlerinin herkes i\u00e7in ula\u015f\u0131labilir olmas\u0131n\u0131 sa\u011flamak amac\u0131yla Geziyoo\u2019ya 2019 y\u0131l\u0131nda ba\u015flad\u0131k.Do\u011fal Tatil konseptini uygulayan en geni\u015f kapsaml\u0131 sitedir.\",\"sameAs\":[\"https:\/\/geziyoo.co\/\",\"https:\/\/www.facebook.com\/geziyoo.co\",\"https:\/\/www.instagram.com\/geziyoo.co\/\",\"https:\/\/tr.pinterest.com\/geziyooco\/\",\"https:\/\/x.com\/https:\/\/twitter.com\/geziyoo\",\"https:\/\/www.youtube.com\/channel\/UCdiSMa6pe17KEY7DP1Ug4ag\"]}]}<\/script>\n<!-- \/ Yoast SEO plugin. -->","yoast_head_json":{"title":"S\u0131\u00e7an Adas\u0131 : Nerede? Nas\u0131l Gidilir? \u0130smi Nerden Geliyor | Geziyoo","description":"Bu yaz\u0131m\u0131zda Antalya'da yer alan S\u0131\u00e7an Adas\u0131 hakk\u0131nda \"S\u0131\u00e7an Adas\u0131 Nerede?\", \"Nas\u0131l Gidilir?\", \"Neden ismi b\u00f6yle?\" gibi sorular\u0131n\u0131za yan\u0131t","robots":{"index":"index","follow":"follow","max-snippet":"max-snippet:-1","max-image-preview":"max-image-preview:large","max-video-preview":"max-video-preview:-1"},"canonical":"http:\/\/geziyoo.co\/blog\/sican-adasi-nerede-nasil-gidilir\/","og_locale":"tr_TR","og_type":"article","og_title":"S\u0131\u00e7an Adas\u0131 : Nerede? Nas\u0131l Gidilir? \u0130smi Nerden Geliyor | Geziyoo","og_description":"Bu yaz\u0131m\u0131zda Antalya'da yer alan S\u0131\u00e7an Adas\u0131 hakk\u0131nda \"S\u0131\u00e7an Adas\u0131 Nerede?\", \"Nas\u0131l Gidilir?\", \"Neden ismi b\u00f6yle?\" gibi sorular\u0131n\u0131za yan\u0131t","og_url":"http:\/\/geziyoo.co\/blog\/sican-adasi-nerede-nasil-gidilir\/","og_site_name":"Geziyoo.co","article_publisher":"https:\/\/www.facebook.com\/Geziyooco","article_author":"https:\/\/www.facebook.com\/geziyoo.co","article_published_time":"2024-07-08T16:28:15+00:00","article_modified_time":"2026-02-06T11:39:07+00:00","og_image":[{"width":800,"height":534,"url":"http:\/\/geziyoo.co\/blog\/wp-content\/uploads\/2024\/07\/Sican-Adasi-5.jpg","type":"image\/jpeg"}],"author":"Geziyoo","twitter_card":"summary_large_image","twitter_creator":"@https:\/\/twitter.com\/geziyoo","twitter_site":"@geziyoo","twitter_misc":{"Yazan:":"Geziyoo","Tahmini okuma s\u00fcresi":"5 dakika"},"schema":{"@context":"https:\/\/schema.org","@graph":[{"@type":"Article","@id":"http:\/\/geziyoo.co\/blog\/sican-adasi-nerede-nasil-gidilir\/#article","isPartOf":{"@id":"http:\/\/geziyoo.co\/blog\/sican-adasi-nerede-nasil-gidilir\/"},"author":{"name":"Geziyoo","@id":"https:\/\/geziyoo.co\/blog\/#\/schema\/person\/032acb2436540ed14784e7d978aef0e4"},"headline":"S\u0131\u00e7an Adas\u0131 : Nerede? Nas\u0131l Gidilir? \u0130smi Nerden Geliyor","datePublished":"2024-07-08T16:28:15+00:00","dateModified":"2026-02-06T11:39:07+00:00","mainEntityOfPage":{"@id":"http:\/\/geziyoo.co\/blog\/sican-adasi-nerede-nasil-gidilir\/"},"wordCount":820,"commentCount":0,"publisher":{"@id":"https:\/\/geziyoo.co\/blog\/#organization"},"image":{"@id":"http:\/\/geziyoo.co\/blog\/sican-adasi-nerede-nasil-gidilir\/#primaryimage"},"thumbnailUrl":"https:\/\/geziyoo.co\/blog\/wp-content\/uploads\/2024\/07\/Sican-Adasi-5.jpg","articleSection":["Gezi Rehberi"],"inLanguage":"tr","potentialAction":[{"@type":"CommentAction","name":"Comment","target":["http:\/\/geziyoo.co\/blog\/sican-adasi-nerede-nasil-gidilir\/#respond"]}]},{"@type":"WebPage","@id":"http:\/\/geziyoo.co\/blog\/sican-adasi-nerede-nasil-gidilir\/","url":"http:\/\/geziyoo.co\/blog\/sican-adasi-nerede-nasil-gidilir\/","name":"S\u0131\u00e7an Adas\u0131 : Nerede? Nas\u0131l Gidilir? \u0130smi Nerden Geliyor | Geziyoo","isPartOf":{"@id":"https:\/\/geziyoo.co\/blog\/#website"},"primaryImageOfPage":{"@id":"http:\/\/geziyoo.co\/blog\/sican-adasi-nerede-nasil-gidilir\/#primaryimage"},"image":{"@id":"http:\/\/geziyoo.co\/blog\/sican-adasi-nerede-nasil-gidilir\/#primaryimage"},"thumbnailUrl":"https:\/\/geziyoo.co\/blog\/wp-content\/uploads\/2024\/07\/Sican-Adasi-5.jpg","datePublished":"2024-07-08T16:28:15+00:00","dateModified":"2026-02-06T11:39:07+00:00","description":"Bu yaz\u0131m\u0131zda Antalya'da yer alan S\u0131\u00e7an Adas\u0131 hakk\u0131nda \"S\u0131\u00e7an Adas\u0131 Nerede?\", \"Nas\u0131l Gidilir?\", \"Neden ismi b\u00f6yle?\" gibi sorular\u0131n\u0131za yan\u0131t","breadcrumb":{"@id":"http:\/\/geziyoo.co\/blog\/sican-adasi-nerede-nasil-gidilir\/#breadcrumb"},"inLanguage":"tr","potentialAction":[{"@type":"ReadAction","target":["http:\/\/geziyoo.co\/blog\/sican-adasi-nerede-nasil-gidilir\/"]}]},{"@type":"ImageObject","inLanguage":"tr","@id":"http:\/\/geziyoo.co\/blog\/sican-adasi-nerede-nasil-gidilir\/#primaryimage","url":"https:\/\/geziyoo.co\/blog\/wp-content\/uploads\/2024\/07\/Sican-Adasi-5.jpg","contentUrl":"https:\/\/geziyoo.co\/blog\/wp-content\/uploads\/2024\/07\/Sican-Adasi-5.jpg","width":800,"height":534},{"@type":"BreadcrumbList","@id":"http:\/\/geziyoo.co\/blog\/sican-adasi-nerede-nasil-gidilir\/#breadcrumb","itemListElement":[{"@type":"ListItem","position":1,"name":"Ana sayfa","item":"https:\/\/geziyoo.co\/blog\/"},{"@type":"ListItem","position":2,"name":"S\u0131\u00e7an Adas\u0131 : Nerede? Nas\u0131l Gidilir? \u0130smi Nerden Geliyor"}]},{"@type":"WebSite","@id":"https:\/\/geziyoo.co\/blog\/#website","url":"https:\/\/geziyoo.co\/blog\/","name":"Geziyoo Blog","description":"GeziYoo Blog&#039;da T\u00fcrkiye&#039;nin en iyi kamp alanlar\u0131ndan bungalov tatillerine, karavan ipu\u00e7lar\u0131ndan gezi rehberlerine kadar her t\u00fcrl\u00fc do\u011fa deneyimini ke\u015ffedin.","publisher":{"@id":"https:\/\/geziyoo.co\/blog\/#organization"},"potentialAction":[{"@type":"SearchAction","target":{"@type":"EntryPoint","urlTemplate":"https:\/\/geziyoo.co\/blog\/?s={search_term_string}"},"query-input":{"@type":"PropertyValueSpecification","valueRequired":true,"valueName":"search_term_string"}}],"inLanguage":"tr"},{"@type":"Organization","@id":"https:\/\/geziyoo.co\/blog\/#organization","name":"Geziyoo.co","url":"https:\/\/geziyoo.co\/blog\/","logo":{"@type":"ImageObject","inLanguage":"tr","@id":"https:\/\/geziyoo.co\/blog\/#\/schema\/logo\/image\/","url":"https:\/\/geziyoo.co\/blog\/wp-content\/uploads\/2025\/01\/Paragraf-metniniz-3.png","contentUrl":"https:\/\/geziyoo.co\/blog\/wp-content\/uploads\/2025\/01\/Paragraf-metniniz-3.png","width":270,"height":50,"caption":"Geziyoo.co"},"image":{"@id":"https:\/\/geziyoo.co\/blog\/#\/schema\/logo\/image\/"},"sameAs":["https:\/\/www.facebook.com\/Geziyooco","https:\/\/x.com\/geziyoo","https:\/\/tr.pinterest.com\/geziyooco\/","https:\/\/www.youtube.com\/@geziyoo","https:\/\/www.instagram.com\/geziyoo.co\/"]},{"@type":"Person","@id":"https:\/\/geziyoo.co\/blog\/#\/schema\/person\/032acb2436540ed14784e7d978aef0e4","name":"Geziyoo","image":{"@type":"ImageObject","inLanguage":"tr","@id":"https:\/\/geziyoo.co\/blog\/#\/schema\/person\/image\/","url":"https:\/\/secure.gravatar.com\/avatar\/ae212a4514471fdb8cab6e5af4f3c99b940a2d0a16713ea0392c8d7c8a64f30a?s=96&d=mm&r=g","contentUrl":"https:\/\/secure.gravatar.com\/avatar\/ae212a4514471fdb8cab6e5af4f3c99b940a2d0a16713ea0392c8d7c8a64f30a?s=96&d=mm&r=g","caption":"Geziyoo"},"description":"Do\u011fa ile i\u00e7 i\u00e7e olabilece\u011finiz yerler,do\u011fa aktivite alanlar\u0131,kamp alanlar\u0131,bungalov oteller,Tiny House Oteller, Galampingler ve da\u011f evlerinin herkes i\u00e7in ula\u015f\u0131labilir olmas\u0131n\u0131 sa\u011flamak amac\u0131yla Geziyoo\u2019ya 2019 y\u0131l\u0131nda ba\u015flad\u0131k.Do\u011fal Tatil konseptini uygulayan en geni\u015f kapsaml\u0131 sitedir.","sameAs":["https:\/\/geziyoo.co\/","https:\/\/www.facebook.com\/geziyoo.co","https:\/\/www.instagram.com\/geziyoo.co\/","https:\/\/tr.pinterest.com\/geziyooco\/","https:\/\/x.com\/https:\/\/twitter.com\/geziyoo","https:\/\/www.youtube.com\/channel\/UCdiSMa6pe17KEY7DP1Ug4ag"]}]}},"amp_enabled":true,"_links":{"self":[{"href":"https:\/\/geziyoo.co\/blog\/wp-json\/wp\/v2\/posts\/18776","targetHints":{"allow":["GET"]}}],"collection":[{"href":"https:\/\/geziyoo.co\/blog\/wp-json\/wp\/v2\/posts"}],"about":[{"href":"https:\/\/geziyoo.co\/blog\/wp-json\/wp\/v2\/types\/post"}],"author":[{"embeddable":true,"href":"https:\/\/geziyoo.co\/blog\/wp-json\/wp\/v2\/users\/1"}],"replies":[{"embeddable":true,"href":"https:\/\/geziyoo.co\/blog\/wp-json\/wp\/v2\/comments?post=18776"}],"version-history":[{"count":0,"href":"https:\/\/geziyoo.co\/blog\/wp-json\/wp\/v2\/posts\/18776\/revisions"}],"wp:featuredmedia":[{"embeddable":true,"href":"https:\/\/geziyoo.co\/blog\/wp-json\/wp\/v2\/media\/18780"}],"wp:attachment":[{"href":"https:\/\/geziyoo.co\/blog\/wp-json\/wp\/v2\/media?parent=18776"}],"wp:term":[{"taxonomy":"category","embeddable":true,"href":"https:\/\/geziyoo.co\/blog\/wp-json\/wp\/v2\/categories?post=18776"},{"taxonomy":"post_tag","embeddable":true,"href":"https:\/\/geziyoo.co\/blog\/wp-json\/wp\/v2\/tags?post=18776"}],"curies":[{"name":"wp","href":"https:\/\/api.w.org\/{rel}","templated":true}]}}