{"id":18476,"date":"2024-06-21T14:52:16","date_gmt":"2024-06-21T14:52:16","guid":{"rendered":"https:\/\/geziyoo.co\/blog\/?p=18476"},"modified":"2026-02-06T11:06:37","modified_gmt":"2026-02-06T11:06:37","slug":"malatyada-yapilan-festivaller","status":"publish","type":"post","link":"https:\/\/geziyoo.co\/blog\/malatyada-yapilan-festivaller\/","title":{"rendered":"Malatya&#8217;da Yap\u0131lan En E\u011flenceli ve Y\u00f6resel 7 Festival"},"content":{"rendered":"\n<p>Malatya&#8217;da Yap\u0131lan Festivaller yaz\u0131m\u0131zdan herkese merhabalar,Yeni bir yaz\u0131 dizisine ba\u015fl\u0131yoruz.\u015eehirlerimiz de yap\u0131lan festivallere yer verece\u011fiz.Bakal\u0131m hangi ilde,hangi \u015fenlikler yap\u0131l\u0131yor.<\/p>\n\n\n\n<p>Bildi\u011finiz \u00fczere Malatyal\u0131y\u0131z.Bundan dolay\u0131 da yaz\u0131 dizisinin ilk \u015fehri Malatya oluyor.Bakal\u0131m bu g\u00fczel \u015fehrimizde yap\u0131lan festivaller nelermi\u015f?<\/p>\n\n\n\n<p>Bu arada Malatya&#8217;da gezebilece\u011finiz bir \u00e7ok g\u00fczel yeri <strong><em><a href=\"https:\/\/geziyoo.co\/blog\/malatya-gezilecek-yerler\/\" data-type=\"post\" data-id=\"18472\">MALATYA GEZ\u0130LECEK YERLER<\/a><\/em><\/strong> i\u00e7eri\u011fimiz de bulabilir Malatya&#8217;y\u0131 doyas\u0131ya gezebilirsiniz.<\/p>\n\n\n\n<hr class=\"wp-block-separator has-css-opacity is-style-wide\"\/>\n\n\n\n<h2 class=\"wp-block-heading\">1.Uluslararas\u0131 K\u00fclt\u00fcr Sanat ve Kay\u0131s\u0131 Festivali<\/h2>\n\n\n\n<figure class=\"wp-block-image size-full\"><img decoding=\"async\" width=\"760\" height=\"428\" data-src=\"https:\/\/geziyoo.co\/blog\/wp-content\/uploads\/2024\/06\/Malatyada-Yapilan-Festivaller-1.jpeg\" alt=\"Malatya'da Yap\u0131lan Festivaller\" class=\"wp-image-18519 lazyload\" data-srcset=\"https:\/\/geziyoo.co\/blog\/wp-content\/uploads\/2024\/06\/Malatyada-Yapilan-Festivaller-1.jpeg 760w, https:\/\/geziyoo.co\/blog\/wp-content\/uploads\/2024\/06\/Malatyada-Yapilan-Festivaller-1-300x169.jpeg 300w, https:\/\/geziyoo.co\/blog\/wp-content\/uploads\/2024\/06\/Malatyada-Yapilan-Festivaller-1-390x220.jpeg 390w, https:\/\/geziyoo.co\/blog\/wp-content\/uploads\/2024\/06\/Malatyada-Yapilan-Festivaller-1-150x84.jpeg 150w\" data-sizes=\"(max-width: 760px) 100vw, 760px\" src=\"data:image\/gif;base64,R0lGODlhAQABAAAAACH5BAEKAAEALAAAAAABAAEAAAICTAEAOw==\" style=\"--smush-placeholder-width: 760px; --smush-placeholder-aspect-ratio: 760\/428;\" \/><figcaption class=\"wp-element-caption\">Malatya&#8217;da Yap\u0131lan Festivaller<\/figcaption><\/figure>\n\n\n\n<p>Malatya&#8217;n\u0131n ad\u0131n\u0131 d\u00fcnyaya duyuran kay\u0131s\u0131n\u0131n ba\u015frolde oldu\u011fu Uluslararas\u0131 Kay\u0131s\u0131 Festivali, \u015fehrin en b\u00fcy\u00fck ve en kapsaml\u0131 festivallerinden biri. \u00c7ocuklu\u011fumuzda b\u00fcy\u00fck bir heyecanla bekledi\u011fimiz bu \u015fenlik, her y\u0131l Temmuz ay\u0131nda Malatya&#8217;y\u0131 adeta bir cazibe merkezine d\u00f6n\u00fc\u015ft\u00fcr\u00fcyor.<\/p>\n\n\n\n<h3 class=\"wp-block-heading\"><strong>Festivalde Neler Var?<\/strong><\/h3>\n\n\n\n<ul class=\"wp-block-list\">\n<li><strong>Konserler:<\/strong> \u00dcnl\u00fc sanat\u00e7\u0131lar\u0131n sahne ald\u0131\u011f\u0131 konserler, festivalin en \u00e7ok ilgi g\u00f6ren etkinlikleri aras\u0131nda. Her ya\u015ftan m\u00fcziksevere hitap eden konserler, unutulmaz anlar ya\u015fat\u0131yor.<\/li>\n\n\n\n<li><strong>Mehter G\u00f6sterileri:<\/strong> Osmanl\u0131&#8217;n\u0131n ihti\u015faml\u0131 Mehter Tak\u0131m\u0131&#8217;n\u0131n g\u00f6sterileri, tarihi bir atmosfer sunarak festivale ayr\u0131 bir renk kat\u0131yor.<\/li>\n\n\n\n<li><strong>Havai Fi\u015fek G\u00f6sterileri:<\/strong> Geceleri g\u00f6ky\u00fcz\u00fcn\u00fc ayd\u0131nlatan havai fi\u015fek g\u00f6sterileri, festivalin g\u00f6rsel \u015f\u00f6lenini tamaml\u0131yor.<\/li>\n\n\n\n<li><strong>Y\u00f6resel Yemek Yar\u0131\u015fmalar\u0131:<\/strong> Malatya&#8217;n\u0131n zengin mutfa\u011f\u0131n\u0131n en lezzetli \u00f6rneklerini tadabilece\u011finiz yar\u0131\u015fmalar, damaklar\u0131 \u015fenlendiriyor.<\/li>\n\n\n\n<li><strong>Y\u00f6resel \u00dcr\u00fcnler Pazar\u0131:<\/strong> Kay\u0131s\u0131 ba\u015fta olmak \u00fczere Malatya&#8217;ya \u00f6zg\u00fc bir\u00e7ok y\u00f6resel \u00fcr\u00fcn\u00fc bulabilece\u011finiz pazar, al\u0131\u015fveri\u015f yapmak i\u00e7in ideal bir f\u0131rsat sunuyor.<\/li>\n\n\n\n<li><strong>Lunapark:<\/strong> \u00c7ocuklar\u0131n ve e\u011flenceyi seven yeti\u015fkinlerin vazge\u00e7ilmezi olan lunapark, festivalin e\u011flence dozunu art\u0131r\u0131yor.<\/li>\n<\/ul>\n\n\n\n<h3 class=\"wp-block-heading\"><strong>Festival Nerede ve Ne Zaman Yap\u0131l\u0131yor?<\/strong><\/h3>\n\n\n\n<p>Uluslararas\u0131 Kay\u0131s\u0131 Festivali, her y\u0131l Temmuz ay\u0131nda Malatya&#8217;n\u0131n Mi\u015fmi\u015f Park Fuar Alan\u0131&#8217;nda d\u00fczenleniyor. D\u00f6rt g\u00fcn boyunca s\u00fcren festival, yerli ve yabanc\u0131 turistlerin ak\u0131n\u0131na u\u011fruyor.<\/p>\n\n\n\n<p>Festivale ev sahipli\u011fi yapan Mi\u015fmi\u015f Park, ad\u0131n\u0131 Malatya&#8217;n\u0131n me\u015fhur kay\u0131s\u0131s\u0131ndan al\u0131yor. &#8220;Mi\u015fmi\u015f&#8221; kelimesi, y\u00f6resel dilde olgunla\u015fm\u0131\u015f kay\u0131s\u0131 anlam\u0131na geliyor. Bu park, festival d\u0131\u015f\u0131nda da kay\u0131s\u0131 temal\u0131 etkinliklere ve sergilere ev sahipli\u011fi yap\u0131yor.<\/p>\n\n\n\n<p><strong><em><a rel=\"noreferrer noopener\" aria-label=\"Mi\u015fmi\u015f Park Yol Tarifi (yeni sekmede a\u00e7\u0131l\u0131r)\" href=\"https:\/\/goo.gl\/maps\/MdzhJnTuekz1Tusa8\" target=\"_blank\">Mi\u015fmi\u015f Park Yol Tarifi<\/a><\/em><\/strong> linkinden Mi\u015fmi\u015f Parka rahat bir \u015fekilde ula\u015fabilirsiniz. Mi\u015f mi\u015f park denilen alan Malatya&#8217;n\u0131n en eski parklar\u0131ndan ve bilinen parklar\u0131ndan birisidir.Malatya&#8217;ya gitti\u011finizde gidip bu ye\u015fil ve g\u00fczel park\u0131 kesinlikle g\u00f6rmenizi tavsiye ediyoruz.<\/p>\n\n\n<p><span style=\"color: #ff6600;\"><strong>ADRES:<\/strong><\/span>Orduzu, 44000 Malatya Merkez\/Malatya <strong><span style=\"color: #ff6600;\">TELEFON:<\/span> <\/strong>04223238545&nbsp;<\/p>\n\n\n<hr class=\"wp-block-separator has-css-opacity is-style-wide\"\/>\n\n\n\n<h2 class=\"wp-block-heading\">2.Ye\u015filyurt K\u00fclt\u00fcr ve Sanat Festivali<\/h2>\n\n\n\n<figure class=\"wp-block-image size-full\"><img decoding=\"async\" width=\"703\" height=\"450\" data-src=\"https:\/\/geziyoo.co\/blog\/wp-content\/uploads\/2024\/06\/Malatyada-Yapilan-Festivaller-2.jpg\" alt=\"\" class=\"wp-image-18520 lazyload\" data-srcset=\"https:\/\/geziyoo.co\/blog\/wp-content\/uploads\/2024\/06\/Malatyada-Yapilan-Festivaller-2.jpg 703w, https:\/\/geziyoo.co\/blog\/wp-content\/uploads\/2024\/06\/Malatyada-Yapilan-Festivaller-2-300x192.jpg 300w, https:\/\/geziyoo.co\/blog\/wp-content\/uploads\/2024\/06\/Malatyada-Yapilan-Festivaller-2-150x96.jpg 150w\" data-sizes=\"(max-width: 703px) 100vw, 703px\" src=\"data:image\/gif;base64,R0lGODlhAQABAAAAACH5BAEKAAEALAAAAAABAAEAAAICTAEAOw==\" style=\"--smush-placeholder-width: 703px; --smush-placeholder-aspect-ratio: 703\/450;\" \/><figcaption class=\"wp-element-caption\">Malatya&#8217;da Yap\u0131lan Festivaller<\/figcaption><\/figure>\n\n\n\n<p> Bilinenin aksine Malatya sadece Kay\u0131s\u0131 yeti\u015fmemekte.Ye\u015filyurt ad\u0131nda ki il\u00e7esinde y\u00fcksek miktarda Kiraz yeti\u015ftirilmekte ve ihra\u00e7 edilmektedir.\u00c7anak i\u00e7inde ve ye\u015fil bir b\u00f6lgede bulunan Ye\u015filyurt kendine has bir mikro iklime sahiptir.Bundan dolay\u0131 Kiraz yeti\u015ftiricili\u011fi de yap\u0131lmaktad\u0131r.<strong>Ye\u015filyurt Kiraz Festivali her y\u0131l 8 Temmuz da yap\u0131l\u0131r.<\/strong><\/p>\n\n\n\n<p><strong><a rel=\"noreferrer noopener\" aria-label=\"Ye\u015filyurt Yol Tarifinden (opens in a new tab)\" href=\"https:\/\/goo.gl\/maps\/kegHzzDtnkiwvRfF6\" target=\"_blank\"><em>Ye\u015filyurt Yol Tarifinden<\/em><\/a><\/strong> Ye\u015filyurt il\u00e7esine gidebilirsiniz.Ye\u015filyurt il\u00e7esi kirazlar\u0131 ile me\u015fhurdur.May\u0131s sonu ve Haziran ba\u015f\u0131nda giderseniz \u015fimdiye kadar yemedi\u011finiz g\u00fczellikteki kirazlar\u0131 dal\u0131ndan kopararak yiyebilirsiniz.<\/p>\n\n\n\n<hr class=\"wp-block-separator has-css-opacity is-style-wide\"\/>\n\n\n\n<h2 class=\"wp-block-heading\">3.Arapgir Ba\u011fbozumu \u015eenlikleri<\/h2>\n\n\n\n<figure class=\"wp-block-image size-full\"><img decoding=\"async\" width=\"800\" height=\"450\" data-src=\"https:\/\/geziyoo.co\/blog\/wp-content\/uploads\/2024\/06\/Malatyada-Yapilan-Festivaller-3.jpg\" alt=\"\" class=\"wp-image-18521 lazyload\" data-srcset=\"https:\/\/geziyoo.co\/blog\/wp-content\/uploads\/2024\/06\/Malatyada-Yapilan-Festivaller-3.jpg 800w, https:\/\/geziyoo.co\/blog\/wp-content\/uploads\/2024\/06\/Malatyada-Yapilan-Festivaller-3-300x169.jpg 300w, https:\/\/geziyoo.co\/blog\/wp-content\/uploads\/2024\/06\/Malatyada-Yapilan-Festivaller-3-768x432.jpg 768w, https:\/\/geziyoo.co\/blog\/wp-content\/uploads\/2024\/06\/Malatyada-Yapilan-Festivaller-3-390x220.jpg 390w, https:\/\/geziyoo.co\/blog\/wp-content\/uploads\/2024\/06\/Malatyada-Yapilan-Festivaller-3-150x84.jpg 150w\" data-sizes=\"(max-width: 800px) 100vw, 800px\" src=\"data:image\/gif;base64,R0lGODlhAQABAAAAACH5BAEKAAEALAAAAAABAAEAAAICTAEAOw==\" style=\"--smush-placeholder-width: 800px; --smush-placeholder-aspect-ratio: 800\/450;\" \/><figcaption class=\"wp-element-caption\">Malatya&#8217;da Yap\u0131lan Festivaller<\/figcaption><\/figure>\n\n\n\n<p>Her y\u0131l 9 Eyl\u00fcl tarihinde ba\u015flayan \u015fenlik,Malatya&#8217;n\u0131n Ye\u015filyurt il\u00e7esinde d\u00fczenlenmektedir.\u015eenliklerde el sanatlar\u0131ndan \u00f6rnekler,konserler ve \u00fcz\u00fcm yar\u0131\u015fmas\u0131 d\u00fczenleniyor.G\u00fczel \u00fcz\u00fcm yemek isterseniz Arapgir&#8217;de yap\u0131lan \u015fenli\u011fe kat\u0131labilirsiniz.<\/p>\n\n\n\n<p><strong><em><a rel=\"noreferrer noopener\" aria-label=\"Arapgir Yol Tarifi (opens in a new tab)\" href=\"https:\/\/goo.gl\/maps\/hJfaaZ7maZasitgy5\" target=\"_blank\">Arapgir Yol Tarifi<\/a><\/em><\/strong> ba\u011flant\u0131s\u0131n\u0131 kullanarak Arapgir&#8217;e gidebilirsiniz.Bu arada Arapgir&#8217;e kadar gittiyseniz muhakkak e\u011fin bilinen ad\u0131yla Kemaliye&#8217;ye muhakkak u\u011fray\u0131n.Arapgir -Kemaliye aras\u0131 arabayla 30 dakika mesafede gitti\u011finizde ne kadar g\u00fczel bir yer oldu\u011funa hak verecek bizlere te\u015fekk\u00fcr edeceksiniz.<\/p>\n\n\n\n<hr class=\"wp-block-separator has-css-opacity is-style-wide\"\/>\n\n\n\n<h2 class=\"wp-block-heading\">4.Uluslararas\u0131 Malatya Film Festivali<\/h2>\n\n\n\n<figure class=\"wp-block-image size-full\"><img decoding=\"async\" width=\"800\" height=\"323\" data-src=\"https:\/\/geziyoo.co\/blog\/wp-content\/uploads\/2024\/06\/Malatyada-Yapilan-Festivaller-4.jpg\" alt=\"\" class=\"wp-image-18522 lazyload\" data-srcset=\"https:\/\/geziyoo.co\/blog\/wp-content\/uploads\/2024\/06\/Malatyada-Yapilan-Festivaller-4.jpg 800w, https:\/\/geziyoo.co\/blog\/wp-content\/uploads\/2024\/06\/Malatyada-Yapilan-Festivaller-4-300x121.jpg 300w, https:\/\/geziyoo.co\/blog\/wp-content\/uploads\/2024\/06\/Malatyada-Yapilan-Festivaller-4-768x310.jpg 768w, https:\/\/geziyoo.co\/blog\/wp-content\/uploads\/2024\/06\/Malatyada-Yapilan-Festivaller-4-150x61.jpg 150w\" data-sizes=\"(max-width: 800px) 100vw, 800px\" src=\"data:image\/gif;base64,R0lGODlhAQABAAAAACH5BAEKAAEALAAAAAABAAEAAAICTAEAOw==\" style=\"--smush-placeholder-width: 800px; --smush-placeholder-aspect-ratio: 800\/323;\" \/><figcaption class=\"wp-element-caption\">Malatya&#8217;da Yap\u0131lan Festivaller<\/figcaption><\/figure>\n\n\n\n<p>Malatya Malatya bulunmaz e\u015fin&#8221; t\u00fcrk\u00fcs\u00fcyle dillere pelesenk olan \u015fehir, son y\u0131llarda kaydetti\u011fi h\u0131zl\u0131 geli\u015fmeyle sadece kay\u0131s\u0131s\u0131yla de\u011fil, ayn\u0131 zamanda k\u00fclt\u00fcrel etkinlikleriyle de ad\u0131ndan s\u00f6z ettiriyor. Bu ba\u015far\u0131n\u0131n en b\u00fcy\u00fck \u00f6rneklerinden biri de Malatya Uluslararas\u0131 Film Festivali.<\/p>\n\n\n\n<p>Malatya, son d\u00f6nemlerde ge\u00e7irdi\u011fi b\u00fcy\u00fck d\u00f6n\u00fc\u015f\u00fcmle modern bir \u015fehir haline geldi. Yeni yap\u0131lan parklar, meydanlar, k\u00fclt\u00fcrel merkezler ve sosyal tesisler, \u015fehrin \u00e7ehresini de\u011fi\u015ftirdi. Bu geli\u015fme, Malatya&#8217;n\u0131n k\u00fclt\u00fcrel etkinliklere ev sahipli\u011fi yapma potansiyelini de art\u0131rd\u0131.<\/p>\n\n\n\n<p>8 y\u0131l \u00f6nce ilk kez d\u00fczenlenen Malatya Uluslararas\u0131 Film Festivali, ba\u015flang\u0131\u00e7ta pek \u00e7ok ki\u015fi taraf\u0131ndan umut verici bulunmam\u0131\u015ft\u0131. Ancak festival, k\u0131sa s\u00fcrede b\u00fcy\u00fck bir ba\u015far\u0131 yakalayarak uluslararas\u0131 arenada \u00f6nemli bir yere sahip oldu. Her y\u0131l d\u00fcnyan\u0131n d\u00f6rt bir yan\u0131ndan film yap\u0131mc\u0131lar\u0131n\u0131 ve sinemaseverleri a\u011f\u0131rlayan festival, Malatya&#8217;n\u0131n ad\u0131n\u0131 d\u00fcnya \u00e7ap\u0131nda duyurmas\u0131na katk\u0131 sa\u011flad\u0131.<\/p>\n\n\n\n<p>Malatya Uluslararas\u0131 Film Festivali&#8217;nin ba\u015far\u0131s\u0131nda bir\u00e7ok fakt\u00f6r etkili oldu. \u015eehrin co\u011frafi konumu, tarihi ve k\u00fclt\u00fcrel zenginlikleri, festivale kat\u0131lanlara e\u015fsiz bir deneyim sunuyor. Ayr\u0131ca, festival organizasyonunun profesyonelce y\u00fcr\u00fct\u00fclmesi ve yerel halk\u0131n festivale g\u00f6sterdi\u011fi b\u00fcy\u00fck ilgi de ba\u015far\u0131n\u0131n \u00f6nemli etkenleri aras\u0131nda.<\/p>\n\n\n\n<p><em><strong>ADRES:<\/strong><\/em>\u0130n\u00f6n\u00fc Mahallesi. \u0130n\u00f6n\u00fc Caddesi. 44070 Sanat Soka\u011f\u0131 Sanat Merkezi 1. Kat&nbsp;&nbsp;<em><strong>TELEFON:<\/strong><\/em>+90 (422) 377 86 99<\/p>\n\n\n\n<hr class=\"wp-block-separator has-css-opacity is-style-wide\"\/>\n\n\n\n<h2 class=\"wp-block-heading\">5.Geleneksel Darende G\u00fcre\u015f ve K\u00fclt\u00fcr Festivali<\/h2>\n\n\n\n<figure class=\"wp-block-image size-full\"><img decoding=\"async\" width=\"720\" height=\"540\" data-src=\"https:\/\/geziyoo.co\/blog\/wp-content\/uploads\/2024\/06\/Malatyada-Yapilan-Festivaller-5.jpg\" alt=\"\" class=\"wp-image-18523 lazyload\" data-srcset=\"https:\/\/geziyoo.co\/blog\/wp-content\/uploads\/2024\/06\/Malatyada-Yapilan-Festivaller-5.jpg 720w, https:\/\/geziyoo.co\/blog\/wp-content\/uploads\/2024\/06\/Malatyada-Yapilan-Festivaller-5-300x225.jpg 300w, https:\/\/geziyoo.co\/blog\/wp-content\/uploads\/2024\/06\/Malatyada-Yapilan-Festivaller-5-150x113.jpg 150w\" data-sizes=\"(max-width: 720px) 100vw, 720px\" src=\"data:image\/gif;base64,R0lGODlhAQABAAAAACH5BAEKAAEALAAAAAABAAEAAAICTAEAOw==\" style=\"--smush-placeholder-width: 720px; --smush-placeholder-aspect-ratio: 720\/540;\" \/><\/figure>\n\n\n\n<p>Malatya&#8217;n\u0131n Darende \u0130l\u00e7esini hem yaz\u0131lar\u0131m\u0131zda hem de genel anlamda illaki duymu\u015fsunuzdur.Bir \u00e7ok do\u011fal g\u00fczelli\u011fe ev sahipli\u011fi yapan il\u00e7ede yer y\u0131l G\u00fcre\u015f ve K\u00fclt\u00fcr Festivali yap\u0131lmaktad\u0131r.Darende&#8217;ye gidecekseniz\u00a0<strong><em><a href=\"https:\/\/geziyoo.co\/blog\/kudret-havuzu\/\" target=\"_blank\" data-type=\"post\" data-id=\"1180\" rel=\"noreferrer noopener\">Kudret Havuzunada<\/a><\/em><\/strong>\u00a0u\u011framay\u0131 ihmal etmeyin&#8230;<\/p>\n\n\n\n<p><a href=\"https:\/\/goo.gl\/maps\/dEsfG2ezdudaKjZBA\" target=\"_blank\" rel=\"noreferrer noopener\"><em><strong>Darende Yol Tarifini<\/strong><\/em><\/a>&nbsp;kullanarak kendi arac\u0131n\u0131z ile gidebilirsiniz.Malatyada&#8217;dan kalkan minib\u00fcsler ile gitmeniz de m\u00fcmk\u00fcn.<\/p>\n\n\n\n<p>Darende&#8217;de ziyaret edece\u011finiz bir \u00e7ok turistik yer bulunmakta.Bunlardan en g\u00fczeli Kudret Havuzu,Tohma Kanyonu,<strong><em><a href=\"https:\/\/geziyoo.co\/blog\/gurpinar-selalesi-gezi-rehberi\/\" data-type=\"post\" data-id=\"18417\">G\u00fcrp\u0131nar \u015eelalesi<\/a><\/em><\/strong>,<strong><em><a href=\"https:\/\/geziyoo.co\/blog\/somuncu-baba-turbesi-ve-kulliyesi\/\" data-type=\"post\" data-id=\"18376\">Somuncu Baba K\u00fclliyesi<\/a><\/em><\/strong> ve Tohma \u00c7ay\u0131.Buralar\u0131 da g\u00f6rmeden Darende turunuzu sonland\u0131rmay\u0131n.<\/p>\n\n\n\n<hr class=\"wp-block-separator has-css-opacity is-style-wide\"\/>\n\n\n\n<h2 class=\"wp-block-heading\">6.Uluslararas\u0131 Arguvan T\u00fcrk\u00fc Festivali<\/h2>\n\n\n\n<figure class=\"wp-block-image size-full\"><img decoding=\"async\" width=\"800\" height=\"492\" data-src=\"https:\/\/geziyoo.co\/blog\/wp-content\/uploads\/2024\/06\/Malatyada-Yapilan-Festivaller-6.jpg\" alt=\"\" class=\"wp-image-18524 lazyload\" data-srcset=\"https:\/\/geziyoo.co\/blog\/wp-content\/uploads\/2024\/06\/Malatyada-Yapilan-Festivaller-6.jpg 800w, https:\/\/geziyoo.co\/blog\/wp-content\/uploads\/2024\/06\/Malatyada-Yapilan-Festivaller-6-300x185.jpg 300w, https:\/\/geziyoo.co\/blog\/wp-content\/uploads\/2024\/06\/Malatyada-Yapilan-Festivaller-6-768x472.jpg 768w, https:\/\/geziyoo.co\/blog\/wp-content\/uploads\/2024\/06\/Malatyada-Yapilan-Festivaller-6-150x92.jpg 150w\" data-sizes=\"(max-width: 800px) 100vw, 800px\" src=\"data:image\/gif;base64,R0lGODlhAQABAAAAACH5BAEKAAEALAAAAAABAAEAAAICTAEAOw==\" style=\"--smush-placeholder-width: 800px; --smush-placeholder-aspect-ratio: 800\/492;\" \/><\/figure>\n\n\n\n<p>Malatya, tarih boyunca bir\u00e7ok medeniyete ev sahipli\u011fi yapm\u0131\u015f, zengin k\u00fclt\u00fcrel miras\u0131yla \u00f6ne \u00e7\u0131kan bir \u015fehir. Bu zenginlik, m\u00fczik ve \u00f6zellikle t\u00fcrk\u00fcler alan\u0131nda da kendini g\u00f6steriyor. \u00d6yle ki, 9000 n\u00fcfuslu Arguvan il\u00e7esi bile Uluslararas\u0131 T\u00fcrk\u00fc Festivali&#8217;ne ev sahipli\u011fi yapacak kadar t\u00fcrk\u00fcleriyle \u00fcnl\u00fc bir yer.<\/p>\n\n\n\n<p>Arguvan t\u00fcrk\u00fcleri, sadece Malatya&#8217;da de\u011fil, \u00e7evre illerde ve hatta yurt d\u0131\u015f\u0131nda da b\u00fcy\u00fck ilgi g\u00f6r\u00fcyor. Bu t\u00fcrk\u00fcler, y\u00f6re halk\u0131n\u0131n ya\u015fam tarz\u0131n\u0131, duygular\u0131n\u0131 ve k\u00fclt\u00fcrel de\u011ferlerini yans\u0131tan \u00f6zg\u00fcn eserler. Arguvan t\u00fcrk\u00fclerinin en belirgin \u00f6zelli\u011fi, i\u00e7ten ve duygusal bir anlat\u0131ma sahip olmalar\u0131. A\u015fk, ayr\u0131l\u0131k, gurbet gibi evrensel temalar\u0131 i\u015fleyen bu t\u00fcrk\u00fcler, dinleyenleri derinden etkiliyor.<\/p>\n\n\n\n<p><strong><span class=\"tadv-background-color\">Bkz1:<\/span><em><a href=\"http:\/\/www.malatyakulturturizm.gov.tr\/TR-58263\/tarihce.html\" target=\"_blank\" rel=\"noreferrer noopener\" aria-label=\"Malatya'da \u015eimdiye Kadar Ya\u015fam\u0131\u015f K\u00fclt\u00fcrler (yeni sekmede a\u00e7\u0131l\u0131r)\"><span class=\"tadv-color\">Malatya&#8217;da \u015eimdiye Kadar Ya\u015fam\u0131\u015f K\u00fclt\u00fcrler<\/span><\/a><\/em><\/strong><\/p>\n\n\n\n<p><strong><span class=\"tadv-background-color\">Bkz2:<\/span><em><a href=\"https:\/\/www.youtube.com\/watch?v=OFD36c_YO4g\" target=\"_blank\" rel=\"noreferrer noopener\" aria-label=\"Malatya Arguhan T\u00fcrk\u00fcs\u00fc Dinle (yeni sekmede a\u00e7\u0131l\u0131r)\"><span class=\"tadv-color\">Malatya Arguhan T\u00fcrk\u00fcs\u00fc Dinle<\/span><\/a><\/em><\/strong><\/p>\n\n\n\n<hr class=\"wp-block-separator has-alpha-channel-opacity is-style-wide\"\/>\n\n\n\n<h2 class=\"wp-block-heading\">7.Hekimhan Ceviz,Maden ve K\u00fclt\u00fcr Festivali<\/h2>\n\n\n\n<figure class=\"wp-block-image size-full\"><img decoding=\"async\" width=\"740\" height=\"555\" data-src=\"https:\/\/geziyoo.co\/blog\/wp-content\/uploads\/2024\/06\/Malatyada-Yapilan-Festivaller-1.jpg\" alt=\"\" class=\"wp-image-18525 lazyload\" data-srcset=\"https:\/\/geziyoo.co\/blog\/wp-content\/uploads\/2024\/06\/Malatyada-Yapilan-Festivaller-1.jpg 740w, https:\/\/geziyoo.co\/blog\/wp-content\/uploads\/2024\/06\/Malatyada-Yapilan-Festivaller-1-300x225.jpg 300w, https:\/\/geziyoo.co\/blog\/wp-content\/uploads\/2024\/06\/Malatyada-Yapilan-Festivaller-1-150x113.jpg 150w\" data-sizes=\"(max-width: 740px) 100vw, 740px\" src=\"data:image\/gif;base64,R0lGODlhAQABAAAAACH5BAEKAAEALAAAAAABAAEAAAICTAEAOw==\" style=\"--smush-placeholder-width: 740px; --smush-placeholder-aspect-ratio: 740\/555;\" \/><figcaption class=\"wp-element-caption\">Malatya&#8217;da Yap\u0131lan Festivaller<\/figcaption><\/figure>\n\n\n\n<p>Malatya&#8217;n\u0131n Hekimhan il\u00e7esi, her y\u0131l d\u00fczenlenen Ceviz, Maden ve K\u00fclt\u00fcr Festivali ile y\u00f6resel de\u011ferlerini t\u00fcm d\u00fcnyaya tan\u0131t\u0131yor. Bu renkli festival, hem yerli halk\u0131 hem de yurt d\u0131\u015f\u0131ndan gelen misafirleri bir araya getirerek k\u00fclt\u00fcrel etkile\u015fimi ve dostlu\u011fu peki\u015ftiriyor.<\/p>\n\n\n\n<p>2009 y\u0131l\u0131ndan beri d\u00fczenlenen Hekimhan Ceviz, Maden ve K\u00fclt\u00fcr Festivali, b\u00f6lgenin zengin ceviz \u00fcretimi ve maden potansiyelini \u00f6n plana \u00e7\u0131kararak turizm potansiyelini art\u0131rmay\u0131 hedefliyor. Festival, ayn\u0131 zamanda y\u00f6resel k\u00fclt\u00fcr\u00fc ya\u015fatmak ve gelecek nesillere aktarmak amac\u0131yla da \u00f6nemli bir rol \u00fcstleniyor.<\/p>\n\n\n\n<p><strong>Festivalde Neler Var?<\/strong><\/p>\n\n\n\n<ul class=\"wp-block-list\">\n<li><strong>Y\u00f6resel \u00dcr\u00fcnler Pazar\u0131:<\/strong> Festivalde, y\u00f6reye \u00f6zg\u00fc ceviz \u00e7e\u015fitleri, cevizli \u00fcr\u00fcnler, el sanatlar\u0131 ve di\u011fer y\u00f6resel \u00fcr\u00fcnlerin sergilendi\u011fi bir pazar kuruluyor.<\/li>\n\n\n\n<li><strong>K\u00fclt\u00fcrel Etkinlikler:<\/strong> T\u00fcrk halk m\u00fczi\u011fi konserleri, y\u00f6resel halk oyunlar\u0131 g\u00f6sterileri, yar\u0131\u015fmalar ve \u00e7e\u015fitli etkinliklerle festival, k\u00fclt\u00fcrel bir \u015f\u00f6len sunuyor.<\/li>\n\n\n\n<li><strong>Madencilik Sergisi:<\/strong> Hekimhan&#8217;\u0131n maden potansiyelini tan\u0131tan bir sergi, ziyaret\u00e7ilere b\u00f6lgenin madencilik ge\u00e7mi\u015fi ve gelece\u011fi hakk\u0131nda bilgi veriyor.<\/li>\n<\/ul>\n\n\n\n<p>Etkinlik Adresi \/ \u0130leti\u015fim:&nbsp;Bah\u00e7elievler Mahallesi, \u0130lhan Deniz Bulvar\u0131 No:1&nbsp;44420 Hekimhan\/Malatya&nbsp;Tel: 0 422 713 11 89&nbsp;Fax:: 0 422 713 30 88&nbsp;email:&nbsp;<a rel=\"noreferrer noopener\" href=\"mailto:hekimhanbelediyesi@hotmail.com\" target=\"_blank\">hekimhanbelediyesi@hotmail.com<\/a><\/p>\n\n\n\n<hr class=\"wp-block-separator has-css-opacity is-style-wide\"\/>\n\n\n\n<h3 class=\"wp-block-heading\">Malatya&#8217;da Yap\u0131lan Di\u011fer Festivaller<\/h3>\n\n\n\n<p><\/p>\r\n<ul class=\"rich-text editor-rich-text__editable block-editor-rich-text__editable is-selected\" role=\"textbox\" contenteditable=\"true\" aria-multiline=\"true\" aria-label=\"Liste yaz...\">\r\n<li><strong data-rich-text-format-boundary=\"true\">ULUSLARARASI KERVANSARAY BULU\u015eMASI<\/strong><\/li>\r\n<li><strong>HEK\u0130MHAN CEV\u0130Z, MADEN VE K\u00dcLT\u00dcR FEST\u0130VAL\u0130<\/strong><\/li>\r\n<li><strong>DO\u011eAN\u015eEH\u0130R ELMA VE K\u00dcLT\u00dcR \u015eENL\u0130\u011e\u0130<\/strong><\/li>\r\n<\/ul>\r\n<p><\/p>\n\n\n\n<p>Arkada\u015flar bizden \u015fimdilik bu kadar.Bundan sonra bu tarz e\u011flenceli ve bilgi i\u00e7eren i\u00e7eriklerimize a\u011f\u0131rl\u0131k vermeye \u00e7al\u0131\u015faca\u011f\u0131z.Hep festival havas\u0131nda ya\u015faman\u0131z dile\u011fiyle Ho\u015f\u00e7akal\u0131n&#8230;<\/p>\n\n\n\n<hr class=\"wp-block-separator has-css-opacity is-style-wide\"\/>\n\n\n\n<h4 class=\"wp-block-heading\">Bunlar\u0131 da Sevebilirsiniz;<\/h4>\n\n\n<ul class=\"wp-block-latest-posts__list wp-block-latest-posts\"><li><a class=\"wp-block-latest-posts__post-title\" href=\"https:\/\/geziyoo.co\/blog\/levent-vadisi\/\">Levent Vadisi : Nerede? Nas\u0131l Gidilir? 2026 Giri\u015f \u00dccreti<\/a><\/li>\n<li><a class=\"wp-block-latest-posts__post-title\" href=\"https:\/\/geziyoo.co\/blog\/ucuz-tatil-yapilacak-yerler\/\">T\u00fcrkiye&#8217;de Ucuz Tatil Yapabilece\u011finiz 10 Muhte\u015fem Tatil Yeri<\/a><\/li>\n<li><a class=\"wp-block-latest-posts__post-title\" href=\"https:\/\/geziyoo.co\/blog\/kudret-havuzu\/\">Kudret Havuzu : Nerede? Nas\u0131l Gidilir? Giri\u015f \u00dccreti 2026<\/a><\/li>\n<\/ul>","protected":false},"excerpt":{"rendered":"<p>Malatya&#8217;da Yap\u0131lan Festivaller yaz\u0131m\u0131zdan herkese merhabalar,Yeni bir yaz\u0131 dizisine ba\u015fl\u0131yoruz.\u015eehirlerimiz de yap\u0131lan festivallere yer verece\u011fiz.Bakal\u0131m hangi ilde,hangi \u015fenlikler yap\u0131l\u0131yor. Bildi\u011finiz \u00fczere Malatyal\u0131y\u0131z.Bundan dolay\u0131 da yaz\u0131 dizisinin ilk \u015fehri Malatya oluyor.Bakal\u0131m bu g\u00fczel \u015fehrimizde yap\u0131lan festivaller nelermi\u015f? Bu arada Malatya&#8217;da gezebilece\u011finiz bir \u00e7ok g\u00fczel yeri MALATYA GEZ\u0130LECEK YERLER i\u00e7eri\u011fimiz de bulabilir Malatya&#8217;y\u0131 doyas\u0131ya gezebilirsiniz. 1.Uluslararas\u0131 K\u00fclt\u00fcr &hellip;<\/p>\n","protected":false},"author":1,"featured_media":18526,"comment_status":"open","ping_status":"closed","sticky":false,"template":"","format":"standard","meta":{"footnotes":""},"categories":[20],"tags":[],"class_list":["post-18476","post","type-post","status-publish","format-standard","has-post-thumbnail","hentry","category-gezirehberi"],"yoast_head":"<!-- This site is optimized with the Yoast SEO plugin v26.9 - https:\/\/yoast.com\/product\/yoast-seo-wordpress\/ -->\n<title>Malatya&#039;da Yap\u0131lan En E\u011flenceli ve Y\u00f6resel 7 Festival | Geziyoo<\/title>\n<meta name=\"description\" content=\"Malatya&#039;da Yap\u0131lan Festivaller yaz\u0131m\u0131zdan herkese merhabalar,bu yazm\u0131zda Malatya&#039;da Yap\u0131lan En E\u011flenceli ve Y\u00f6resel 7 Festival tan\u0131tt\u0131k\" \/>\n<meta name=\"robots\" content=\"index, follow, max-snippet:-1, max-image-preview:large, max-video-preview:-1\" \/>\n<link rel=\"canonical\" href=\"https:\/\/geziyoo.co\/blog\/malatyada-yapilan-festivaller\/\" \/>\n<meta property=\"og:locale\" content=\"tr_TR\" \/>\n<meta property=\"og:type\" content=\"article\" \/>\n<meta property=\"og:title\" content=\"Malatya&#039;da Yap\u0131lan En E\u011flenceli ve Y\u00f6resel 7 Festival | Geziyoo\" \/>\n<meta property=\"og:description\" content=\"Malatya&#039;da Yap\u0131lan Festivaller yaz\u0131m\u0131zdan herkese merhabalar,bu yazm\u0131zda Malatya&#039;da Yap\u0131lan En E\u011flenceli ve Y\u00f6resel 7 Festival tan\u0131tt\u0131k\" \/>\n<meta property=\"og:url\" content=\"https:\/\/geziyoo.co\/blog\/malatyada-yapilan-festivaller\/\" \/>\n<meta property=\"og:site_name\" content=\"Geziyoo.co\" \/>\n<meta property=\"article:publisher\" content=\"https:\/\/www.facebook.com\/Geziyooco\" \/>\n<meta property=\"article:author\" content=\"https:\/\/www.facebook.com\/geziyoo.co\" \/>\n<meta property=\"article:published_time\" content=\"2024-06-21T14:52:16+00:00\" \/>\n<meta property=\"article:modified_time\" content=\"2026-02-06T11:06:37+00:00\" \/>\n<meta property=\"og:image\" content=\"https:\/\/geziyoo.co\/blog\/wp-content\/uploads\/2024\/06\/kmalatya-festival-scaled.jpg\" \/>\n\t<meta property=\"og:image:width\" content=\"1200\" \/>\n\t<meta property=\"og:image:height\" content=\"800\" \/>\n\t<meta property=\"og:image:type\" content=\"image\/jpeg\" \/>\n<meta name=\"author\" content=\"Geziyoo\" \/>\n<meta name=\"twitter:card\" content=\"summary_large_image\" \/>\n<meta name=\"twitter:creator\" content=\"@https:\/\/twitter.com\/geziyoo\" \/>\n<meta name=\"twitter:site\" content=\"@geziyoo\" \/>\n<meta name=\"twitter:label1\" content=\"Yazan:\" \/>\n\t<meta name=\"twitter:data1\" content=\"Geziyoo\" \/>\n\t<meta name=\"twitter:label2\" content=\"Tahmini okuma s\u00fcresi\" \/>\n\t<meta name=\"twitter:data2\" content=\"8 dakika\" \/>\n<script type=\"application\/ld+json\" class=\"yoast-schema-graph\">{\"@context\":\"https:\/\/schema.org\",\"@graph\":[{\"@type\":\"Article\",\"@id\":\"https:\/\/geziyoo.co\/blog\/malatyada-yapilan-festivaller\/#article\",\"isPartOf\":{\"@id\":\"https:\/\/geziyoo.co\/blog\/malatyada-yapilan-festivaller\/\"},\"author\":{\"name\":\"Geziyoo\",\"@id\":\"https:\/\/geziyoo.co\/blog\/#\/schema\/person\/032acb2436540ed14784e7d978aef0e4\"},\"headline\":\"Malatya&#8217;da Yap\u0131lan En E\u011flenceli ve Y\u00f6resel 7 Festival\",\"datePublished\":\"2024-06-21T14:52:16+00:00\",\"dateModified\":\"2026-02-06T11:06:37+00:00\",\"mainEntityOfPage\":{\"@id\":\"https:\/\/geziyoo.co\/blog\/malatyada-yapilan-festivaller\/\"},\"wordCount\":1561,\"commentCount\":0,\"publisher\":{\"@id\":\"https:\/\/geziyoo.co\/blog\/#organization\"},\"image\":{\"@id\":\"https:\/\/geziyoo.co\/blog\/malatyada-yapilan-festivaller\/#primaryimage\"},\"thumbnailUrl\":\"https:\/\/geziyoo.co\/blog\/wp-content\/uploads\/2024\/06\/kmalatya-festival-scaled.jpg\",\"articleSection\":[\"Gezi Rehberi\"],\"inLanguage\":\"tr\",\"potentialAction\":[{\"@type\":\"CommentAction\",\"name\":\"Comment\",\"target\":[\"https:\/\/geziyoo.co\/blog\/malatyada-yapilan-festivaller\/#respond\"]}]},{\"@type\":\"WebPage\",\"@id\":\"https:\/\/geziyoo.co\/blog\/malatyada-yapilan-festivaller\/\",\"url\":\"https:\/\/geziyoo.co\/blog\/malatyada-yapilan-festivaller\/\",\"name\":\"Malatya'da Yap\u0131lan En E\u011flenceli ve Y\u00f6resel 7 Festival | Geziyoo\",\"isPartOf\":{\"@id\":\"https:\/\/geziyoo.co\/blog\/#website\"},\"primaryImageOfPage\":{\"@id\":\"https:\/\/geziyoo.co\/blog\/malatyada-yapilan-festivaller\/#primaryimage\"},\"image\":{\"@id\":\"https:\/\/geziyoo.co\/blog\/malatyada-yapilan-festivaller\/#primaryimage\"},\"thumbnailUrl\":\"https:\/\/geziyoo.co\/blog\/wp-content\/uploads\/2024\/06\/kmalatya-festival-scaled.jpg\",\"datePublished\":\"2024-06-21T14:52:16+00:00\",\"dateModified\":\"2026-02-06T11:06:37+00:00\",\"description\":\"Malatya'da Yap\u0131lan Festivaller yaz\u0131m\u0131zdan herkese merhabalar,bu yazm\u0131zda Malatya'da Yap\u0131lan En E\u011flenceli ve Y\u00f6resel 7 Festival tan\u0131tt\u0131k\",\"breadcrumb\":{\"@id\":\"https:\/\/geziyoo.co\/blog\/malatyada-yapilan-festivaller\/#breadcrumb\"},\"inLanguage\":\"tr\",\"potentialAction\":[{\"@type\":\"ReadAction\",\"target\":[\"https:\/\/geziyoo.co\/blog\/malatyada-yapilan-festivaller\/\"]}]},{\"@type\":\"ImageObject\",\"inLanguage\":\"tr\",\"@id\":\"https:\/\/geziyoo.co\/blog\/malatyada-yapilan-festivaller\/#primaryimage\",\"url\":\"https:\/\/geziyoo.co\/blog\/wp-content\/uploads\/2024\/06\/kmalatya-festival-scaled.jpg\",\"contentUrl\":\"https:\/\/geziyoo.co\/blog\/wp-content\/uploads\/2024\/06\/kmalatya-festival-scaled.jpg\",\"width\":1200,\"height\":800},{\"@type\":\"BreadcrumbList\",\"@id\":\"https:\/\/geziyoo.co\/blog\/malatyada-yapilan-festivaller\/#breadcrumb\",\"itemListElement\":[{\"@type\":\"ListItem\",\"position\":1,\"name\":\"Ana sayfa\",\"item\":\"https:\/\/geziyoo.co\/blog\/\"},{\"@type\":\"ListItem\",\"position\":2,\"name\":\"Malatya&#8217;da Yap\u0131lan En E\u011flenceli ve Y\u00f6resel 7 Festival\"}]},{\"@type\":\"WebSite\",\"@id\":\"https:\/\/geziyoo.co\/blog\/#website\",\"url\":\"https:\/\/geziyoo.co\/blog\/\",\"name\":\"Geziyoo Blog\",\"description\":\"GeziYoo Blog&#039;da T\u00fcrkiye&#039;nin en iyi kamp alanlar\u0131ndan bungalov tatillerine, karavan ipu\u00e7lar\u0131ndan gezi rehberlerine kadar her t\u00fcrl\u00fc do\u011fa deneyimini ke\u015ffedin.\",\"publisher\":{\"@id\":\"https:\/\/geziyoo.co\/blog\/#organization\"},\"potentialAction\":[{\"@type\":\"SearchAction\",\"target\":{\"@type\":\"EntryPoint\",\"urlTemplate\":\"https:\/\/geziyoo.co\/blog\/?s={search_term_string}\"},\"query-input\":{\"@type\":\"PropertyValueSpecification\",\"valueRequired\":true,\"valueName\":\"search_term_string\"}}],\"inLanguage\":\"tr\"},{\"@type\":\"Organization\",\"@id\":\"https:\/\/geziyoo.co\/blog\/#organization\",\"name\":\"Geziyoo.co\",\"url\":\"https:\/\/geziyoo.co\/blog\/\",\"logo\":{\"@type\":\"ImageObject\",\"inLanguage\":\"tr\",\"@id\":\"https:\/\/geziyoo.co\/blog\/#\/schema\/logo\/image\/\",\"url\":\"https:\/\/geziyoo.co\/blog\/wp-content\/uploads\/2025\/01\/Paragraf-metniniz-3.png\",\"contentUrl\":\"https:\/\/geziyoo.co\/blog\/wp-content\/uploads\/2025\/01\/Paragraf-metniniz-3.png\",\"width\":270,\"height\":50,\"caption\":\"Geziyoo.co\"},\"image\":{\"@id\":\"https:\/\/geziyoo.co\/blog\/#\/schema\/logo\/image\/\"},\"sameAs\":[\"https:\/\/www.facebook.com\/Geziyooco\",\"https:\/\/x.com\/geziyoo\",\"https:\/\/tr.pinterest.com\/geziyooco\/\",\"https:\/\/www.youtube.com\/@geziyoo\",\"https:\/\/www.instagram.com\/geziyoo.co\/\"]},{\"@type\":\"Person\",\"@id\":\"https:\/\/geziyoo.co\/blog\/#\/schema\/person\/032acb2436540ed14784e7d978aef0e4\",\"name\":\"Geziyoo\",\"image\":{\"@type\":\"ImageObject\",\"inLanguage\":\"tr\",\"@id\":\"https:\/\/geziyoo.co\/blog\/#\/schema\/person\/image\/\",\"url\":\"https:\/\/secure.gravatar.com\/avatar\/ae212a4514471fdb8cab6e5af4f3c99b940a2d0a16713ea0392c8d7c8a64f30a?s=96&d=mm&r=g\",\"contentUrl\":\"https:\/\/secure.gravatar.com\/avatar\/ae212a4514471fdb8cab6e5af4f3c99b940a2d0a16713ea0392c8d7c8a64f30a?s=96&d=mm&r=g\",\"caption\":\"Geziyoo\"},\"description\":\"Do\u011fa ile i\u00e7 i\u00e7e olabilece\u011finiz yerler,do\u011fa aktivite alanlar\u0131,kamp alanlar\u0131,bungalov oteller,Tiny House Oteller, Galampingler ve da\u011f evlerinin herkes i\u00e7in ula\u015f\u0131labilir olmas\u0131n\u0131 sa\u011flamak amac\u0131yla Geziyoo\u2019ya 2019 y\u0131l\u0131nda ba\u015flad\u0131k.Do\u011fal Tatil konseptini uygulayan en geni\u015f kapsaml\u0131 sitedir.\",\"sameAs\":[\"https:\/\/geziyoo.co\/\",\"https:\/\/www.facebook.com\/geziyoo.co\",\"https:\/\/www.instagram.com\/geziyoo.co\/\",\"https:\/\/tr.pinterest.com\/geziyooco\/\",\"https:\/\/x.com\/https:\/\/twitter.com\/geziyoo\",\"https:\/\/www.youtube.com\/channel\/UCdiSMa6pe17KEY7DP1Ug4ag\"]}]}<\/script>\n<!-- \/ Yoast SEO plugin. -->","yoast_head_json":{"title":"Malatya'da Yap\u0131lan En E\u011flenceli ve Y\u00f6resel 7 Festival | Geziyoo","description":"Malatya'da Yap\u0131lan Festivaller yaz\u0131m\u0131zdan herkese merhabalar,bu yazm\u0131zda Malatya'da Yap\u0131lan En E\u011flenceli ve Y\u00f6resel 7 Festival tan\u0131tt\u0131k","robots":{"index":"index","follow":"follow","max-snippet":"max-snippet:-1","max-image-preview":"max-image-preview:large","max-video-preview":"max-video-preview:-1"},"canonical":"https:\/\/geziyoo.co\/blog\/malatyada-yapilan-festivaller\/","og_locale":"tr_TR","og_type":"article","og_title":"Malatya'da Yap\u0131lan En E\u011flenceli ve Y\u00f6resel 7 Festival | Geziyoo","og_description":"Malatya'da Yap\u0131lan Festivaller yaz\u0131m\u0131zdan herkese merhabalar,bu yazm\u0131zda Malatya'da Yap\u0131lan En E\u011flenceli ve Y\u00f6resel 7 Festival tan\u0131tt\u0131k","og_url":"https:\/\/geziyoo.co\/blog\/malatyada-yapilan-festivaller\/","og_site_name":"Geziyoo.co","article_publisher":"https:\/\/www.facebook.com\/Geziyooco","article_author":"https:\/\/www.facebook.com\/geziyoo.co","article_published_time":"2024-06-21T14:52:16+00:00","article_modified_time":"2026-02-06T11:06:37+00:00","og_image":[{"width":1200,"height":800,"url":"https:\/\/geziyoo.co\/blog\/wp-content\/uploads\/2024\/06\/kmalatya-festival-scaled.jpg","type":"image\/jpeg"}],"author":"Geziyoo","twitter_card":"summary_large_image","twitter_creator":"@https:\/\/twitter.com\/geziyoo","twitter_site":"@geziyoo","twitter_misc":{"Yazan:":"Geziyoo","Tahmini okuma s\u00fcresi":"8 dakika"},"schema":{"@context":"https:\/\/schema.org","@graph":[{"@type":"Article","@id":"https:\/\/geziyoo.co\/blog\/malatyada-yapilan-festivaller\/#article","isPartOf":{"@id":"https:\/\/geziyoo.co\/blog\/malatyada-yapilan-festivaller\/"},"author":{"name":"Geziyoo","@id":"https:\/\/geziyoo.co\/blog\/#\/schema\/person\/032acb2436540ed14784e7d978aef0e4"},"headline":"Malatya&#8217;da Yap\u0131lan En E\u011flenceli ve Y\u00f6resel 7 Festival","datePublished":"2024-06-21T14:52:16+00:00","dateModified":"2026-02-06T11:06:37+00:00","mainEntityOfPage":{"@id":"https:\/\/geziyoo.co\/blog\/malatyada-yapilan-festivaller\/"},"wordCount":1561,"commentCount":0,"publisher":{"@id":"https:\/\/geziyoo.co\/blog\/#organization"},"image":{"@id":"https:\/\/geziyoo.co\/blog\/malatyada-yapilan-festivaller\/#primaryimage"},"thumbnailUrl":"https:\/\/geziyoo.co\/blog\/wp-content\/uploads\/2024\/06\/kmalatya-festival-scaled.jpg","articleSection":["Gezi Rehberi"],"inLanguage":"tr","potentialAction":[{"@type":"CommentAction","name":"Comment","target":["https:\/\/geziyoo.co\/blog\/malatyada-yapilan-festivaller\/#respond"]}]},{"@type":"WebPage","@id":"https:\/\/geziyoo.co\/blog\/malatyada-yapilan-festivaller\/","url":"https:\/\/geziyoo.co\/blog\/malatyada-yapilan-festivaller\/","name":"Malatya'da Yap\u0131lan En E\u011flenceli ve Y\u00f6resel 7 Festival | Geziyoo","isPartOf":{"@id":"https:\/\/geziyoo.co\/blog\/#website"},"primaryImageOfPage":{"@id":"https:\/\/geziyoo.co\/blog\/malatyada-yapilan-festivaller\/#primaryimage"},"image":{"@id":"https:\/\/geziyoo.co\/blog\/malatyada-yapilan-festivaller\/#primaryimage"},"thumbnailUrl":"https:\/\/geziyoo.co\/blog\/wp-content\/uploads\/2024\/06\/kmalatya-festival-scaled.jpg","datePublished":"2024-06-21T14:52:16+00:00","dateModified":"2026-02-06T11:06:37+00:00","description":"Malatya'da Yap\u0131lan Festivaller yaz\u0131m\u0131zdan herkese merhabalar,bu yazm\u0131zda Malatya'da Yap\u0131lan En E\u011flenceli ve Y\u00f6resel 7 Festival tan\u0131tt\u0131k","breadcrumb":{"@id":"https:\/\/geziyoo.co\/blog\/malatyada-yapilan-festivaller\/#breadcrumb"},"inLanguage":"tr","potentialAction":[{"@type":"ReadAction","target":["https:\/\/geziyoo.co\/blog\/malatyada-yapilan-festivaller\/"]}]},{"@type":"ImageObject","inLanguage":"tr","@id":"https:\/\/geziyoo.co\/blog\/malatyada-yapilan-festivaller\/#primaryimage","url":"https:\/\/geziyoo.co\/blog\/wp-content\/uploads\/2024\/06\/kmalatya-festival-scaled.jpg","contentUrl":"https:\/\/geziyoo.co\/blog\/wp-content\/uploads\/2024\/06\/kmalatya-festival-scaled.jpg","width":1200,"height":800},{"@type":"BreadcrumbList","@id":"https:\/\/geziyoo.co\/blog\/malatyada-yapilan-festivaller\/#breadcrumb","itemListElement":[{"@type":"ListItem","position":1,"name":"Ana sayfa","item":"https:\/\/geziyoo.co\/blog\/"},{"@type":"ListItem","position":2,"name":"Malatya&#8217;da Yap\u0131lan En E\u011flenceli ve Y\u00f6resel 7 Festival"}]},{"@type":"WebSite","@id":"https:\/\/geziyoo.co\/blog\/#website","url":"https:\/\/geziyoo.co\/blog\/","name":"Geziyoo Blog","description":"GeziYoo Blog&#039;da T\u00fcrkiye&#039;nin en iyi kamp alanlar\u0131ndan bungalov tatillerine, karavan ipu\u00e7lar\u0131ndan gezi rehberlerine kadar her t\u00fcrl\u00fc do\u011fa deneyimini ke\u015ffedin.","publisher":{"@id":"https:\/\/geziyoo.co\/blog\/#organization"},"potentialAction":[{"@type":"SearchAction","target":{"@type":"EntryPoint","urlTemplate":"https:\/\/geziyoo.co\/blog\/?s={search_term_string}"},"query-input":{"@type":"PropertyValueSpecification","valueRequired":true,"valueName":"search_term_string"}}],"inLanguage":"tr"},{"@type":"Organization","@id":"https:\/\/geziyoo.co\/blog\/#organization","name":"Geziyoo.co","url":"https:\/\/geziyoo.co\/blog\/","logo":{"@type":"ImageObject","inLanguage":"tr","@id":"https:\/\/geziyoo.co\/blog\/#\/schema\/logo\/image\/","url":"https:\/\/geziyoo.co\/blog\/wp-content\/uploads\/2025\/01\/Paragraf-metniniz-3.png","contentUrl":"https:\/\/geziyoo.co\/blog\/wp-content\/uploads\/2025\/01\/Paragraf-metniniz-3.png","width":270,"height":50,"caption":"Geziyoo.co"},"image":{"@id":"https:\/\/geziyoo.co\/blog\/#\/schema\/logo\/image\/"},"sameAs":["https:\/\/www.facebook.com\/Geziyooco","https:\/\/x.com\/geziyoo","https:\/\/tr.pinterest.com\/geziyooco\/","https:\/\/www.youtube.com\/@geziyoo","https:\/\/www.instagram.com\/geziyoo.co\/"]},{"@type":"Person","@id":"https:\/\/geziyoo.co\/blog\/#\/schema\/person\/032acb2436540ed14784e7d978aef0e4","name":"Geziyoo","image":{"@type":"ImageObject","inLanguage":"tr","@id":"https:\/\/geziyoo.co\/blog\/#\/schema\/person\/image\/","url":"https:\/\/secure.gravatar.com\/avatar\/ae212a4514471fdb8cab6e5af4f3c99b940a2d0a16713ea0392c8d7c8a64f30a?s=96&d=mm&r=g","contentUrl":"https:\/\/secure.gravatar.com\/avatar\/ae212a4514471fdb8cab6e5af4f3c99b940a2d0a16713ea0392c8d7c8a64f30a?s=96&d=mm&r=g","caption":"Geziyoo"},"description":"Do\u011fa ile i\u00e7 i\u00e7e olabilece\u011finiz yerler,do\u011fa aktivite alanlar\u0131,kamp alanlar\u0131,bungalov oteller,Tiny House Oteller, Galampingler ve da\u011f evlerinin herkes i\u00e7in ula\u015f\u0131labilir olmas\u0131n\u0131 sa\u011flamak amac\u0131yla Geziyoo\u2019ya 2019 y\u0131l\u0131nda ba\u015flad\u0131k.Do\u011fal Tatil konseptini uygulayan en geni\u015f kapsaml\u0131 sitedir.","sameAs":["https:\/\/geziyoo.co\/","https:\/\/www.facebook.com\/geziyoo.co","https:\/\/www.instagram.com\/geziyoo.co\/","https:\/\/tr.pinterest.com\/geziyooco\/","https:\/\/x.com\/https:\/\/twitter.com\/geziyoo","https:\/\/www.youtube.com\/channel\/UCdiSMa6pe17KEY7DP1Ug4ag"]}]}},"amp_enabled":true,"_links":{"self":[{"href":"https:\/\/geziyoo.co\/blog\/wp-json\/wp\/v2\/posts\/18476","targetHints":{"allow":["GET"]}}],"collection":[{"href":"https:\/\/geziyoo.co\/blog\/wp-json\/wp\/v2\/posts"}],"about":[{"href":"https:\/\/geziyoo.co\/blog\/wp-json\/wp\/v2\/types\/post"}],"author":[{"embeddable":true,"href":"https:\/\/geziyoo.co\/blog\/wp-json\/wp\/v2\/users\/1"}],"replies":[{"embeddable":true,"href":"https:\/\/geziyoo.co\/blog\/wp-json\/wp\/v2\/comments?post=18476"}],"version-history":[{"count":0,"href":"https:\/\/geziyoo.co\/blog\/wp-json\/wp\/v2\/posts\/18476\/revisions"}],"wp:featuredmedia":[{"embeddable":true,"href":"https:\/\/geziyoo.co\/blog\/wp-json\/wp\/v2\/media\/18526"}],"wp:attachment":[{"href":"https:\/\/geziyoo.co\/blog\/wp-json\/wp\/v2\/media?parent=18476"}],"wp:term":[{"taxonomy":"category","embeddable":true,"href":"https:\/\/geziyoo.co\/blog\/wp-json\/wp\/v2\/categories?post=18476"},{"taxonomy":"post_tag","embeddable":true,"href":"https:\/\/geziyoo.co\/blog\/wp-json\/wp\/v2\/tags?post=18476"}],"curies":[{"name":"wp","href":"https:\/\/api.w.org\/{rel}","templated":true}]}}