{"id":18417,"date":"2024-06-18T04:30:49","date_gmt":"2024-06-18T04:30:49","guid":{"rendered":"https:\/\/geziyoo.co\/blog\/?p=18417"},"modified":"2026-02-05T14:36:34","modified_gmt":"2026-02-05T14:36:34","slug":"gurpinar-selalesi-gezi-rehberi","status":"publish","type":"post","link":"https:\/\/geziyoo.co\/blog\/gurpinar-selalesi-gezi-rehberi\/","title":{"rendered":"G\u00fcrp\u0131nar \u015eelalesi : Nerede? Nas\u0131l Gidilir? 2026 Giri\u015f \u00dccreti"},"content":{"rendered":"\n<p><strong>G\u00fcrp\u0131nar \u015eelalesi yaz\u0131m\u0131zdan herkese merhaba.Uzun s\u00fcrenin ard\u0131ndan yeni bir yerler ke\u015ffetmek nasip oldu.Yol bizi <em>Malatya&#8217;n\u0131n <\/em>Darende il\u00e7esinde yer alan G\u00fcrp\u0131nar \u015eelalesi&#8217;ne g\u00f6t\u00fcrd\u00fc.Bu do\u011fa harikas\u0131n\u0131 uzun s\u00fcredir g\u00f6rmek istiyorduk ve sonunda da g\u00f6rd\u00fck.<\/strong><\/p>\n\n\n\n<p>G\u00fcrp\u0131nar \u015eelalesi do\u011fal olu\u015fmu\u015f ve y\u00fcksek debili bir \u015felaledir.Tohma suyundan beslenen G\u00fcrp\u0131nar \u015eelalesi,ayn\u0131 zamanda \u00e7ok tehlikelidir.Akan suyun kenar\u0131nda oturup bir \u015feyler yiyip i\u00e7ece\u011finiz bir a\u00e7\u0131k restoran var.<\/p>\n\n\n\n<p>\u015eelale Darende il\u00e7esindedir.Darende Malatya&#8217;n\u0131n en gezilesi yerlerinden birisidir.Gitmi\u015fken <strong><em><a href=\"https:\/\/geziyoo.co\/blog\/kudret-havuzu\/\" data-type=\"post\" data-id=\"1180\">Kudret Havuzuna<\/a><\/em><\/strong>,<strong><em><a href=\"https:\/\/geziyoo.co\/blog\/somuncu-baba-turbesi-ve-kulliyesi\/\" data-type=\"post\" data-id=\"18376\">Somuncubaba K\u00fclliyesine<\/a><\/em><\/strong>,Tohma Kanyonuna ve Tohma \u00c7ay\u0131na u\u011frayabilirsiniz.Malatyada ki di\u011fer gezilecek yerlere bakmak i\u00e7in <strong><em>Malatya Gezilecek Yerler <\/em><\/strong>i\u00e7eri\u011fimizede g\u00f6z atman\u0131z\u0131 tavsiye ederiz.<\/p>\n\n\n\n<p><strong>Bu arada videomuzu be\u011fenmeyi ve l\u00fctfen kanal\u0131m\u0131za abone olmay\u0131 unutmay\u0131n.\u015eimdiden g\u00fczel bir gezi diliyoruz.<\/strong><\/p>\n\n\n\n<hr class=\"wp-block-separator has-css-opacity is-style-wide\"\/>\n\n\n\n<h2 class=\"wp-block-heading\">G\u00fcrp\u0131nar \u015eelalesi Nerede?<\/h2>\n\n\n\n<figure class=\"wp-block-image size-full\"><img decoding=\"async\" width=\"800\" height=\"600\" data-src=\"https:\/\/geziyoo.co\/blog\/wp-content\/uploads\/2024\/06\/Gurpinar-Selalesi-Gezi-Rehberi-1.jpg\" alt=\"\" class=\"wp-image-18420 lazyload\" data-srcset=\"https:\/\/geziyoo.co\/blog\/wp-content\/uploads\/2024\/06\/Gurpinar-Selalesi-Gezi-Rehberi-1.jpg 800w, https:\/\/geziyoo.co\/blog\/wp-content\/uploads\/2024\/06\/Gurpinar-Selalesi-Gezi-Rehberi-1-300x225.jpg 300w, https:\/\/geziyoo.co\/blog\/wp-content\/uploads\/2024\/06\/Gurpinar-Selalesi-Gezi-Rehberi-1-768x576.jpg 768w, https:\/\/geziyoo.co\/blog\/wp-content\/uploads\/2024\/06\/Gurpinar-Selalesi-Gezi-Rehberi-1-150x113.jpg 150w\" data-sizes=\"(max-width: 800px) 100vw, 800px\" src=\"data:image\/gif;base64,R0lGODlhAQABAAAAACH5BAEKAAEALAAAAAABAAEAAAICTAEAOw==\" style=\"--smush-placeholder-width: 800px; --smush-placeholder-aspect-ratio: 800\/600;\" \/><\/figure>\n\n\n\n<p>G\u00fcrp\u0131nar \u015eelalesi, Malatya&#8217;n\u0131n Darende il\u00e7esine sadece 5 km uzakl\u0131kta, Malatya-Sivas yolu \u00fczerinde bulunuyor. Bu muhte\u015fem do\u011fal g\u00fczelli\u011fe ula\u015fmak i\u00e7in ana yoldan yakla\u015f\u0131k 10 dakika s\u00fcrecek k\u0131sa bir yolculuk yapman\u0131z yeterli. Ancak dikkatli olun, yollar biraz dar ve u\u00e7urum kenar\u0131ndan ge\u00e7iyor.<a href=\"https:\/\/tr.wikipedia.org\/wiki\/G%C3%BCnp%C4%B1nar_%C5%9Eelalesi\" target=\"_blank\" rel=\"noreferrer noopener\"><\/a><\/p>\n\n\n\n<hr class=\"wp-block-separator has-css-opacity is-style-wide\"\/>\n\n\n\n<h2 class=\"wp-block-heading\">G\u00fcrp\u0131nar \u015eelalesi&#8217;ne Nas\u0131l Gidilir?<\/h2>\n\n\n\n<figure class=\"wp-block-image size-full\"><img decoding=\"async\" width=\"800\" height=\"600\" data-src=\"https:\/\/geziyoo.co\/blog\/wp-content\/uploads\/2024\/06\/Gurpinar-Selalesi-Gezi-Rehberi-2.jpg\" alt=\"\" class=\"wp-image-18421 lazyload\" data-srcset=\"https:\/\/geziyoo.co\/blog\/wp-content\/uploads\/2024\/06\/Gurpinar-Selalesi-Gezi-Rehberi-2.jpg 800w, https:\/\/geziyoo.co\/blog\/wp-content\/uploads\/2024\/06\/Gurpinar-Selalesi-Gezi-Rehberi-2-300x225.jpg 300w, https:\/\/geziyoo.co\/blog\/wp-content\/uploads\/2024\/06\/Gurpinar-Selalesi-Gezi-Rehberi-2-768x576.jpg 768w, https:\/\/geziyoo.co\/blog\/wp-content\/uploads\/2024\/06\/Gurpinar-Selalesi-Gezi-Rehberi-2-150x113.jpg 150w\" data-sizes=\"(max-width: 800px) 100vw, 800px\" src=\"data:image\/gif;base64,R0lGODlhAQABAAAAACH5BAEKAAEALAAAAAABAAEAAAICTAEAOw==\" style=\"--smush-placeholder-width: 800px; --smush-placeholder-aspect-ratio: 800\/600;\" \/><\/figure>\n\n\n\n<p>G\u00fcrp\u0131nar \u015eelalesi&#8217;ne ula\u015f\u0131m i\u00e7in hem \u00f6zel arac\u0131n\u0131z\u0131 kullanabilir hem de Darende merkezden kalkan minib\u00fcsleri tercih edebilirsiniz. Minib\u00fcslerle yolculuk yakla\u015f\u0131k 15-20 dakika s\u00fcrerken, \u00f6zel arac\u0131n\u0131zla seyahat etmeniz size daha fazla \u00f6zg\u00fcrl\u00fck ve esneklik sa\u011flayacakt\u0131r. Yol \u00fczerinde diledi\u011finiz yerde durup manzaran\u0131n keyfini \u00e7\u0131karabilirsiniz.<\/p>\n\n\n\n<p>\u00d6zel arac\u0131n\u0131zla gitmeyi tercih ederseniz, \u00f6ncelikle Malatya-Ankara yoluna \u00e7\u0131kman\u0131z gerekiyor. Daha sonra <strong><em><a href=\"https:\/\/maps.app.goo.gl\/b9p72earY3Zbs4wQ6\">BURADAN<\/a><\/em><\/strong> yol tarifine ula\u015farak kolayca \u015felaleye varabilirsiniz. Malatya&#8217;dan \u015felaleye ula\u015f\u0131m yakla\u015f\u0131k 1 saat s\u00fcrmektedir. Yollar\u0131n \u00e7o\u011fu duble olmas\u0131na ra\u011fmen, sa\u011fl\u0131 sollu u\u00e7urumlar bulundu\u011fundan dikkatli ve yava\u015f gitmeniz \u00f6nemlidir.<a href=\"https:\/\/www.malatyatarafsiz.com\/darende-gurpinar-selalesi-yolunda-trafik-cilesi\/129243\/\" target=\"_blank\" rel=\"noreferrer noopener\"><\/a><a href=\"https:\/\/www.duybunu.com.tr\/tr\/van\/edremit\/gezi-rehberi\/donemec-selalesi\/\" target=\"_blank\" rel=\"noreferrer noopener\"><\/a><\/p>\n\n\n\n<hr class=\"wp-block-separator has-css-opacity is-style-wide\"\/>\n\n\n\n<h2 class=\"wp-block-heading\">G\u00fcrp\u0131nar \u015eelalesi 2026 Giri\u015f \u00dccreti<\/h2>\n\n\n\n<figure class=\"wp-block-image size-full is-resized\"><img decoding=\"async\" width=\"800\" height=\"600\" data-src=\"https:\/\/geziyoo.co\/blog\/wp-content\/uploads\/2024\/06\/Gurpinar-Selalesi-Gezi-Rehberi-3.jpg\" alt=\"\" class=\"wp-image-18422 lazyload\" style=\"--smush-placeholder-width: 800px; --smush-placeholder-aspect-ratio: 800\/600;width:750px\" data-srcset=\"https:\/\/geziyoo.co\/blog\/wp-content\/uploads\/2024\/06\/Gurpinar-Selalesi-Gezi-Rehberi-3.jpg 800w, https:\/\/geziyoo.co\/blog\/wp-content\/uploads\/2024\/06\/Gurpinar-Selalesi-Gezi-Rehberi-3-300x225.jpg 300w, https:\/\/geziyoo.co\/blog\/wp-content\/uploads\/2024\/06\/Gurpinar-Selalesi-Gezi-Rehberi-3-768x576.jpg 768w, https:\/\/geziyoo.co\/blog\/wp-content\/uploads\/2024\/06\/Gurpinar-Selalesi-Gezi-Rehberi-3-150x113.jpg 150w\" data-sizes=\"(max-width: 800px) 100vw, 800px\" src=\"data:image\/gif;base64,R0lGODlhAQABAAAAACH5BAEKAAEALAAAAAABAAEAAAICTAEAOw==\" \/><\/figure>\n\n\n\n<p><strong>Harika bir haberle ba\u015flayal\u0131m: 2026 y\u0131l\u0131nda G\u00fcrp\u0131nar \u015eelalesi&#8217;ne giri\u015f \u00fccretsizdi! Ayr\u0131ca \u015felalenin giri\u015finde \u00fccretsiz bir otopark da bulunuyor.<\/strong><\/p>\n\n\n\n<p>Ancak, bu g\u00fczelliklere ra\u011fmen ziyaret\u00e7i say\u0131s\u0131 olduk\u00e7a azd\u0131. B\u00f6ylesine do\u011fal g\u00fczelliklerin yeterince de\u011ferlendirilmemesi ger\u00e7ekten \u00fcz\u00fcc\u00fc. Yine de, tatil d\u00f6nemlerinde, \u00f6zellikle yaz aylar\u0131nda \u015felale olduk\u00e7a kalabal\u0131k olabiliyor. Bu yo\u011fun d\u00f6nemlerde otopark bulmakta zorlanabilirsiniz, bu y\u00fczden erken gitmenizde fayda var.<a href=\"https:\/\/tr.wikipedia.org\/wiki\/G%C3%BCnp%C4%B1nar_%C5%9Eelalesi\" target=\"_blank\" rel=\"noreferrer noopener\"><\/a><\/p>\n\n\n\n<hr class=\"wp-block-separator has-alpha-channel-opacity is-style-wide\"\/>\n\n\n\n<h2 class=\"wp-block-heading\">G\u00fcrp\u0131nar \u015eelalesi&#8217;nde Neler Yenir Restoran Var m\u0131?<\/h2>\n\n\n\n<figure class=\"wp-block-image size-full is-resized\"><img decoding=\"async\" width=\"450\" height=\"600\" data-src=\"https:\/\/geziyoo.co\/blog\/wp-content\/uploads\/2024\/06\/Gurpinar-Selalesi-Gezi-Rehberi-4.jpg\" alt=\"\" class=\"wp-image-18423 lazyload\" style=\"--smush-placeholder-width: 450px; --smush-placeholder-aspect-ratio: 450\/600;width:750px\" data-srcset=\"https:\/\/geziyoo.co\/blog\/wp-content\/uploads\/2024\/06\/Gurpinar-Selalesi-Gezi-Rehberi-4.jpg 450w, https:\/\/geziyoo.co\/blog\/wp-content\/uploads\/2024\/06\/Gurpinar-Selalesi-Gezi-Rehberi-4-225x300.jpg 225w, https:\/\/geziyoo.co\/blog\/wp-content\/uploads\/2024\/06\/Gurpinar-Selalesi-Gezi-Rehberi-4-150x200.jpg 150w\" data-sizes=\"(max-width: 450px) 100vw, 450px\" src=\"data:image\/gif;base64,R0lGODlhAQABAAAAACH5BAEKAAEALAAAAAABAAEAAAICTAEAOw==\" \/><\/figure>\n\n\n\n<p>\u015eelalenin hemen dibinde, Darende Belediyesi taraf\u0131ndan i\u015fletilen bir kafe-restoran bulunuyor. Burada y\u00f6resel lezzetlerin yan\u0131 s\u0131ra kahvalt\u0131, alabal\u0131k, so\u011fuk ve s\u0131cak i\u00e7ecekler gibi \u00e7e\u015fitli se\u00e7enekler mevcut. \u00d6zellikle \u015felalenin e\u015fsiz atmosferinde taze alabal\u0131k yemeyi mutlaka deneyimlemenizi \u00f6neririz.<\/p>\n\n\n\n<p>Restoran\u0131n konumu ve manzaras\u0131 olduk\u00e7a g\u00fczel olsa da, hizmet ve \u00e7e\u015fitlilik konusunda biraz zay\u0131f kald\u0131\u011f\u0131n\u0131 s\u00f6yleyebiliriz. Men\u00fcye birka\u00e7 farkl\u0131 se\u00e7enek eklemek ve sunumlar\u0131 geli\u015ftirmek, turistlerin burada daha fazla vakit ge\u00e7irmesini sa\u011flayabilir. E\u011fer buradaki restoran\u0131 be\u011fenmezseniz, biraz daha geride bulunan ba\u015fka bir alabal\u0131k restoran\u0131n\u0131 da tercih edebilirsiniz.<\/p>\n\n\n\n<hr class=\"wp-block-separator has-alpha-channel-opacity is-style-wide\"\/>\n\n\n\n<h2 class=\"wp-block-heading\">G\u00fcrp\u0131nar \u015eelalesi Gezilecek Yerler?<\/h2>\n\n\n\n<figure class=\"wp-block-image size-full\"><img decoding=\"async\" width=\"800\" height=\"600\" data-src=\"https:\/\/geziyoo.co\/blog\/wp-content\/uploads\/2024\/06\/Gurpinar-Selalesi-Gezi-Rehberi-5.jpg\" alt=\"\" class=\"wp-image-18424 lazyload\" data-srcset=\"https:\/\/geziyoo.co\/blog\/wp-content\/uploads\/2024\/06\/Gurpinar-Selalesi-Gezi-Rehberi-5.jpg 800w, https:\/\/geziyoo.co\/blog\/wp-content\/uploads\/2024\/06\/Gurpinar-Selalesi-Gezi-Rehberi-5-300x225.jpg 300w, https:\/\/geziyoo.co\/blog\/wp-content\/uploads\/2024\/06\/Gurpinar-Selalesi-Gezi-Rehberi-5-768x576.jpg 768w, https:\/\/geziyoo.co\/blog\/wp-content\/uploads\/2024\/06\/Gurpinar-Selalesi-Gezi-Rehberi-5-150x113.jpg 150w\" data-sizes=\"(max-width: 800px) 100vw, 800px\" src=\"data:image\/gif;base64,R0lGODlhAQABAAAAACH5BAEKAAEALAAAAAABAAEAAAICTAEAOw==\" style=\"--smush-placeholder-width: 800px; --smush-placeholder-aspect-ratio: 800\/600;\" \/><\/figure>\n\n\n\n<p>Madem bu kadar yolu geldiniz, Darende&#8217;de bulunan Somuncu Baba T\u00fcrbesi ve K\u00fclliyesi, Tohma Kanyonu ve Kudret Havuzu&#8217;nu da ziyaret etmeden d\u00f6nmeyin. Hepsi birbirinden g\u00fczel ve g\u00f6r\u00fclmeye de\u011fer yerler.<\/p>\n\n\n\n<p>\u00d6zellikle Kudret Havuzu, mistik atmosferi ve do\u011fal g\u00fczelli\u011fiyle ziyaret\u00e7ileri kendine hayran b\u0131rak\u0131yor. Bu y\u00fczden, Darende&#8217;ye yolunuz d\u00fc\u015ferse Kudret Havuzu&#8217;nu listenizin ba\u015f\u0131na eklemenizi tavsiye ederiz.<a href=\"https:\/\/www.tripadvisor.com.tr\/Attraction_Review-g1818023-d12815277-Reviews-Kudret_Swimming_Pool-Darende.html\" target=\"_blank\" rel=\"noreferrer noopener\"><\/a><a href=\"https:\/\/hulusiefendivakfi.org.tr\/somuncu-baba-turbesi-ve-kulliyesi\/\" target=\"_blank\" rel=\"noreferrer noopener\"><\/a><\/p>\n\n\n\n<hr class=\"wp-block-separator has-alpha-channel-opacity is-style-wide\"\/>\n\n\n\n<h2 class=\"wp-block-heading\">G\u00fcrp\u0131nar \u015eelalesi \u00d6neriler ve \u0130zlenimler<\/h2>\n\n\n\n<figure class=\"wp-block-image size-full\"><img decoding=\"async\" width=\"800\" height=\"600\" data-src=\"https:\/\/geziyoo.co\/blog\/wp-content\/uploads\/2024\/06\/Gurpinar-Selalesi-Gezi-Rehberi-6.jpg\" alt=\"\" class=\"wp-image-18425 lazyload\" data-srcset=\"https:\/\/geziyoo.co\/blog\/wp-content\/uploads\/2024\/06\/Gurpinar-Selalesi-Gezi-Rehberi-6.jpg 800w, https:\/\/geziyoo.co\/blog\/wp-content\/uploads\/2024\/06\/Gurpinar-Selalesi-Gezi-Rehberi-6-300x225.jpg 300w, https:\/\/geziyoo.co\/blog\/wp-content\/uploads\/2024\/06\/Gurpinar-Selalesi-Gezi-Rehberi-6-768x576.jpg 768w, https:\/\/geziyoo.co\/blog\/wp-content\/uploads\/2024\/06\/Gurpinar-Selalesi-Gezi-Rehberi-6-150x113.jpg 150w\" data-sizes=\"(max-width: 800px) 100vw, 800px\" src=\"data:image\/gif;base64,R0lGODlhAQABAAAAACH5BAEKAAEALAAAAAABAAEAAAICTAEAOw==\" style=\"--smush-placeholder-width: 800px; --smush-placeholder-aspect-ratio: 800\/600;\" \/><\/figure>\n\n\n\n<p>\u00d6zellikle bahar aylar\u0131nda suyun debisi artt\u0131\u011f\u0131ndan G\u00fcrp\u0131nar \u015eelalesi inan\u0131lmaz bir g\u00f6rsel \u015f\u00f6lene d\u00f6n\u00fc\u015f\u00fcyor. Su o kadar g\u00fc\u00e7l\u00fc ve co\u015fkulu ak\u0131yor ki, ilk g\u00f6rd\u00fc\u011f\u00fcn\u00fczde b\u00fcy\u00fclenmemek elde de\u011fil. Alan gayet temiz ve bak\u0131ml\u0131, panoramik foto\u011fraf \u00e7ekebilece\u011finiz bir\u00e7ok nokta mevcut. Oturma alanlar\u0131 yeterli ve kalabal\u0131k da de\u011fil. K\u0131sacas\u0131, \u015felale hakk\u0131nda \u00e7ok olumlu d\u00fc\u015f\u00fcncelerimiz var, bizden tam not ald\u0131!<\/p>\n\n\n\n<p>\u00d6nerilere gelince, \u00f6ncelikle rahat k\u0131yafet ve ayakkab\u0131larla gitmenizi tavsiye ederiz. \u00c7\u00fcnk\u00fc \u015felalenin etraf\u0131nda y\u00fcr\u00fcy\u00fc\u015f yapabilece\u011finiz, hatta suya girebilece\u011finiz yerler var, ancak baz\u0131 b\u00f6lgeler biraz sarp ve kaygan olabilir.<\/p>\n\n\n\n<p>\u0130kinci \u00f6nerimiz ise, giderken manzaran\u0131n g\u00fczelli\u011fine kap\u0131l\u0131p dikkatsiz davranmaman\u0131z. Yollar dar ve virajl\u0131, k\u0131sa bir anl\u0131k dalg\u0131nl\u0131k bile k\u00f6t\u00fc sonu\u00e7lara yol a\u00e7abilir. G\u00fcvenli\u011finizi her zaman \u00f6n planda tutarak keyifli bir gezi yapman\u0131z\u0131 dileriz.<\/p>\n\n\n\n<hr class=\"wp-block-separator has-alpha-channel-opacity is-style-wide\"\/>\n\n\n\n<h2 class=\"wp-block-heading\">G\u00fcrp\u0131nar \u015eelalesi Vblog<\/h2>\n\n\n\n<figure class=\"wp-block-embed is-type-video is-provider-youtube wp-block-embed-youtube wp-embed-aspect-16-9 wp-has-aspect-ratio\"><div class=\"wp-block-embed__wrapper\">\n<iframe title=\"G\u00fcrp\u0131nar \u015eelalesi | Nerede? Nas\u0131l Gidilir? Nas\u0131l Bir Yer | Gezelim.me\" width=\"500\" height=\"281\" data-src=\"https:\/\/www.youtube.com\/embed\/Ey3IWGKJH3w?feature=oembed\" frameborder=\"0\" allow=\"accelerometer; autoplay; clipboard-write; encrypted-media; gyroscope; picture-in-picture; web-share\" referrerpolicy=\"strict-origin-when-cross-origin\" allowfullscreen src=\"data:image\/gif;base64,R0lGODlhAQABAAAAACH5BAEKAAEALAAAAAABAAEAAAICTAEAOw==\" class=\"lazyload\" data-load-mode=\"1\"><\/iframe>\n<\/div><\/figure>\n\n\n\n<p>Baz\u0131 yaz\u0131lar\u0131m\u0131zda vlog payla\u015f\u0131m\u0131 yaparak sizlere farkl\u0131 bir deneyim sunmaya \u00e7al\u0131\u015f\u0131yoruz. YouTube konusunda hen\u00fcz yolun ba\u015f\u0131nda olsak da, zamanla daha kaliteli ve ilgi \u00e7ekici videolar haz\u0131rlamay\u0131 hedefliyoruz. Bizi desteklemek ve yeni videolar\u0131m\u0131zdan haberdar olmak i\u00e7in YouTube kanal\u0131m\u0131za <strong><em><a href=\"https:\/\/youtu.be\/Ey3IWGKJH3w\">BURADAN<\/a><\/em><\/strong> abone olabilirsiniz.<\/p>\n\n\n\n<p>Bir yaz\u0131m\u0131z\u0131n daha sonuna geldik. Elimizden geldi\u011fince G\u00fcrp\u0131nar \u015eelalesi&#8217;ni tan\u0131tmaya ve size faydal\u0131 bilgiler vermeye \u00e7al\u0131\u015ft\u0131k. Umar\u0131z keyifle okumu\u015fsunuzdur. Yeni bir yaz\u0131da g\u00f6r\u00fc\u015fmek \u00fczere ho\u015f\u00e7akal\u0131n!<\/p>\n\n\n\n<p>Son olarak, her yaz\u0131m\u0131zda oldu\u011fu gibi sizden k\u00fc\u00e7\u00fck bir ricam\u0131z var: Yaz\u0131lar\u0131m\u0131z hakk\u0131ndaki d\u00fc\u015f\u00fcncelerinizi bizimle payla\u015farak bize destek olabilirsiniz. Yorumlar\u0131n\u0131z, iyi veya k\u00f6t\u00fc, bizim i\u00e7in \u00e7ok de\u011ferli ve motivasyon kayna\u011f\u0131. L\u00fctfen birka\u00e7 saniyenizi ay\u0131r\u0131p yorum yapmay\u0131 unutmay\u0131n.<\/p>\n\n\n\n<hr class=\"wp-block-separator has-css-opacity is-style-wide\"\/>\n\n\n\n<figure class=\"wp-block-image size-full is-style-rounded\"><img decoding=\"async\" width=\"800\" height=\"189\" data-src=\"https:\/\/geziyoo.co\/blog\/wp-content\/uploads\/2024\/03\/sss.jpg\" alt=\"\" class=\"wp-image-16563 lazyload\" data-srcset=\"https:\/\/geziyoo.co\/blog\/wp-content\/uploads\/2024\/03\/sss.jpg 800w, https:\/\/geziyoo.co\/blog\/wp-content\/uploads\/2024\/03\/sss-300x71.jpg 300w, https:\/\/geziyoo.co\/blog\/wp-content\/uploads\/2024\/03\/sss-768x181.jpg 768w, https:\/\/geziyoo.co\/blog\/wp-content\/uploads\/2024\/03\/sss-150x35.jpg 150w\" data-sizes=\"(max-width: 800px) 100vw, 800px\" src=\"data:image\/gif;base64,R0lGODlhAQABAAAAACH5BAEKAAEALAAAAAABAAEAAAICTAEAOw==\" style=\"--smush-placeholder-width: 800px; --smush-placeholder-aspect-ratio: 800\/189;\" \/><\/figure>\n\n\n\n<div class=\"wp-block-rank-math-faq-block\"><div class=\"rank-math-faq-item\"><h3 class=\"rank-math-question\">G\u00fcrp\u0131nar \u015eelalesi 2025 Giri\u015f \u00dccreti Ne Kadar?<\/h3><div class=\"rank-math-answer\">G\u00fcrp\u0131nar \u015eelalesine giri\u015fler \u00fccretsiz<\/div><\/div><div class=\"rank-math-faq-item\"><h3 class=\"rank-math-question\">G\u00fcrp\u0131nar \u015eelalesi Hangi \u0130le Ba\u011fl\u0131?<\/h3><div class=\"rank-math-answer\">\u015eelale Malatya iline ba\u011fl\u0131 Darende il\u00e7esindedir.<\/div><\/div><div class=\"rank-math-faq-item\"><h3 class=\"rank-math-question\">G\u00fcrp\u0131nar \u015eelalesi Yak\u0131nlar\u0131nda Gezilecek Yerler?<\/h3><div class=\"rank-math-answer\">Somuncubaba T\u00fcrbesi<br>Kudret Havuzu<br>Tohma Kanyonu<\/div><\/div><\/div>\n\n\n\n<h4 class=\"wp-block-heading\">Bunlar\u0131 da Sevebilirsiniz;<\/h4>\n\n\n<ul class=\"wp-block-latest-posts__list wp-block-latest-posts\"><li><a class=\"wp-block-latest-posts__post-title\" href=\"https:\/\/geziyoo.co\/blog\/yurt-disinda-cocuklarin-egitimi-ebeveynler-formaliteler-yuzunden-nerede-para-kaybediyor\/\">Yurt d\u0131\u015f\u0131nda \u00e7ocuklar\u0131n e\u011fitimi: Ebeveynler formaliteler y\u00fcz\u00fcnden nerede para kaybediyor?<\/a><\/li>\n<li><a class=\"wp-block-latest-posts__post-title\" href=\"https:\/\/geziyoo.co\/blog\/gezerken-ne-giyilir\/\">Gezerken Ne Giyilir? Mevsim Ge\u00e7i\u015fleri ve Yaz Tatilleri \u0130\u00e7in Pratik Kombin Rehberi<\/a><\/li>\n<li><a class=\"wp-block-latest-posts__post-title\" href=\"https:\/\/geziyoo.co\/blog\/2026-resmi-tatilleri-ve-14-gune-43-gun\/\">Ajandalar Haz\u0131rlans\u0131n! 2026 Resmi Tatilleri ve &#8220;14 G\u00fcne 43 G\u00fcn&#8221; Form\u00fcl\u00fc G\u00fcndemde<\/a><\/li>\n<\/ul>\n\n\n<hr class=\"wp-block-separator has-css-opacity is-style-wide\"\/>\n","protected":false},"excerpt":{"rendered":"<p>G\u00fcrp\u0131nar \u015eelalesi yaz\u0131m\u0131zdan herkese merhaba.Uzun s\u00fcrenin ard\u0131ndan yeni bir yerler ke\u015ffetmek nasip oldu.Yol bizi Malatya&#8217;n\u0131n Darende il\u00e7esinde yer alan G\u00fcrp\u0131nar \u015eelalesi&#8217;ne g\u00f6t\u00fcrd\u00fc.Bu do\u011fa harikas\u0131n\u0131 uzun s\u00fcredir g\u00f6rmek istiyorduk ve sonunda da g\u00f6rd\u00fck. G\u00fcrp\u0131nar \u015eelalesi do\u011fal olu\u015fmu\u015f ve y\u00fcksek debili bir \u015felaledir.Tohma suyundan beslenen G\u00fcrp\u0131nar \u015eelalesi,ayn\u0131 zamanda \u00e7ok tehlikelidir.Akan suyun kenar\u0131nda oturup bir \u015feyler yiyip i\u00e7ece\u011finiz &hellip;<\/p>\n","protected":false},"author":1,"featured_media":18421,"comment_status":"open","ping_status":"closed","sticky":false,"template":"","format":"standard","meta":{"footnotes":""},"categories":[20],"tags":[],"class_list":["post-18417","post","type-post","status-publish","format-standard","has-post-thumbnail","hentry","category-gezirehberi"],"yoast_head":"<!-- This site is optimized with the Yoast SEO plugin v26.9 - https:\/\/yoast.com\/product\/yoast-seo-wordpress\/ -->\n<title>G\u00fcrp\u0131nar \u015eelalesi : Nerede? Nas\u0131l Gidilir? 2026 Giri\u015f \u00dccreti | Geziyoo<\/title>\n<meta name=\"description\" content=\"G\u00fcrp\u0131nar \u015eelalesi Gezi Rehberi i\u00e7eri\u011fimizde Malatya Darendede yer alan G\u00fcrp\u0131nar \u015eelalesi nerede,nas\u0131l gidilir, 2026 giri\u015f \u00fccreti ne kadar\" \/>\n<meta name=\"robots\" content=\"index, follow, max-snippet:-1, max-image-preview:large, max-video-preview:-1\" \/>\n<link rel=\"canonical\" href=\"https:\/\/geziyoo.co\/blog\/gurpinar-selalesi-gezi-rehberi\/\" \/>\n<meta property=\"og:locale\" content=\"tr_TR\" \/>\n<meta property=\"og:type\" content=\"article\" \/>\n<meta property=\"og:title\" content=\"G\u00fcrp\u0131nar \u015eelalesi : Nerede? Nas\u0131l Gidilir? 2026 Giri\u015f \u00dccreti | Geziyoo\" \/>\n<meta property=\"og:description\" content=\"G\u00fcrp\u0131nar \u015eelalesi Gezi Rehberi i\u00e7eri\u011fimizde Malatya Darendede yer alan G\u00fcrp\u0131nar \u015eelalesi nerede,nas\u0131l gidilir, 2026 giri\u015f \u00fccreti ne kadar\" \/>\n<meta property=\"og:url\" content=\"https:\/\/geziyoo.co\/blog\/gurpinar-selalesi-gezi-rehberi\/\" \/>\n<meta property=\"og:site_name\" content=\"Geziyoo.co\" \/>\n<meta property=\"article:publisher\" content=\"https:\/\/www.facebook.com\/Geziyooco\" \/>\n<meta property=\"article:author\" content=\"https:\/\/www.facebook.com\/geziyoo.co\" \/>\n<meta property=\"article:published_time\" content=\"2024-06-18T04:30:49+00:00\" \/>\n<meta property=\"article:modified_time\" content=\"2026-02-05T14:36:34+00:00\" \/>\n<meta property=\"og:image\" content=\"https:\/\/geziyoo.co\/blog\/wp-content\/uploads\/2024\/06\/Gurpinar-Selalesi-Gezi-Rehberi-2.jpg\" \/>\n\t<meta property=\"og:image:width\" content=\"800\" \/>\n\t<meta property=\"og:image:height\" content=\"600\" \/>\n\t<meta property=\"og:image:type\" content=\"image\/jpeg\" \/>\n<meta name=\"author\" content=\"Geziyoo\" \/>\n<meta name=\"twitter:card\" content=\"summary_large_image\" \/>\n<meta name=\"twitter:creator\" content=\"@https:\/\/twitter.com\/geziyoo\" \/>\n<meta name=\"twitter:site\" content=\"@geziyoo\" \/>\n<meta name=\"twitter:label1\" content=\"Yazan:\" \/>\n\t<meta name=\"twitter:data1\" content=\"Geziyoo\" \/>\n\t<meta name=\"twitter:label2\" content=\"Tahmini okuma s\u00fcresi\" \/>\n\t<meta name=\"twitter:data2\" content=\"6 dakika\" \/>\n<script type=\"application\/ld+json\" class=\"yoast-schema-graph\">{\"@context\":\"https:\/\/schema.org\",\"@graph\":[{\"@type\":\"Article\",\"@id\":\"https:\/\/geziyoo.co\/blog\/gurpinar-selalesi-gezi-rehberi\/#article\",\"isPartOf\":{\"@id\":\"https:\/\/geziyoo.co\/blog\/gurpinar-selalesi-gezi-rehberi\/\"},\"author\":{\"name\":\"Geziyoo\",\"@id\":\"https:\/\/geziyoo.co\/blog\/#\/schema\/person\/032acb2436540ed14784e7d978aef0e4\"},\"headline\":\"G\u00fcrp\u0131nar \u015eelalesi : Nerede? Nas\u0131l Gidilir? 2026 Giri\u015f \u00dccreti\",\"datePublished\":\"2024-06-18T04:30:49+00:00\",\"dateModified\":\"2026-02-05T14:36:34+00:00\",\"mainEntityOfPage\":{\"@id\":\"https:\/\/geziyoo.co\/blog\/gurpinar-selalesi-gezi-rehberi\/\"},\"wordCount\":1033,\"commentCount\":0,\"publisher\":{\"@id\":\"https:\/\/geziyoo.co\/blog\/#organization\"},\"image\":{\"@id\":\"https:\/\/geziyoo.co\/blog\/gurpinar-selalesi-gezi-rehberi\/#primaryimage\"},\"thumbnailUrl\":\"https:\/\/geziyoo.co\/blog\/wp-content\/uploads\/2024\/06\/Gurpinar-Selalesi-Gezi-Rehberi-2.jpg\",\"articleSection\":[\"Gezi Rehberi\"],\"inLanguage\":\"tr\",\"potentialAction\":[{\"@type\":\"CommentAction\",\"name\":\"Comment\",\"target\":[\"https:\/\/geziyoo.co\/blog\/gurpinar-selalesi-gezi-rehberi\/#respond\"]}]},{\"@type\":\"WebPage\",\"@id\":\"https:\/\/geziyoo.co\/blog\/gurpinar-selalesi-gezi-rehberi\/\",\"url\":\"https:\/\/geziyoo.co\/blog\/gurpinar-selalesi-gezi-rehberi\/\",\"name\":\"G\u00fcrp\u0131nar \u015eelalesi : Nerede? Nas\u0131l Gidilir? 2026 Giri\u015f \u00dccreti | Geziyoo\",\"isPartOf\":{\"@id\":\"https:\/\/geziyoo.co\/blog\/#website\"},\"primaryImageOfPage\":{\"@id\":\"https:\/\/geziyoo.co\/blog\/gurpinar-selalesi-gezi-rehberi\/#primaryimage\"},\"image\":{\"@id\":\"https:\/\/geziyoo.co\/blog\/gurpinar-selalesi-gezi-rehberi\/#primaryimage\"},\"thumbnailUrl\":\"https:\/\/geziyoo.co\/blog\/wp-content\/uploads\/2024\/06\/Gurpinar-Selalesi-Gezi-Rehberi-2.jpg\",\"datePublished\":\"2024-06-18T04:30:49+00:00\",\"dateModified\":\"2026-02-05T14:36:34+00:00\",\"description\":\"G\u00fcrp\u0131nar \u015eelalesi Gezi Rehberi i\u00e7eri\u011fimizde Malatya Darendede yer alan G\u00fcrp\u0131nar \u015eelalesi nerede,nas\u0131l gidilir, 2026 giri\u015f \u00fccreti ne kadar\",\"breadcrumb\":{\"@id\":\"https:\/\/geziyoo.co\/blog\/gurpinar-selalesi-gezi-rehberi\/#breadcrumb\"},\"inLanguage\":\"tr\",\"potentialAction\":[{\"@type\":\"ReadAction\",\"target\":[\"https:\/\/geziyoo.co\/blog\/gurpinar-selalesi-gezi-rehberi\/\"]}]},{\"@type\":\"ImageObject\",\"inLanguage\":\"tr\",\"@id\":\"https:\/\/geziyoo.co\/blog\/gurpinar-selalesi-gezi-rehberi\/#primaryimage\",\"url\":\"https:\/\/geziyoo.co\/blog\/wp-content\/uploads\/2024\/06\/Gurpinar-Selalesi-Gezi-Rehberi-2.jpg\",\"contentUrl\":\"https:\/\/geziyoo.co\/blog\/wp-content\/uploads\/2024\/06\/Gurpinar-Selalesi-Gezi-Rehberi-2.jpg\",\"width\":800,\"height\":600},{\"@type\":\"BreadcrumbList\",\"@id\":\"https:\/\/geziyoo.co\/blog\/gurpinar-selalesi-gezi-rehberi\/#breadcrumb\",\"itemListElement\":[{\"@type\":\"ListItem\",\"position\":1,\"name\":\"Ana sayfa\",\"item\":\"https:\/\/geziyoo.co\/blog\/\"},{\"@type\":\"ListItem\",\"position\":2,\"name\":\"G\u00fcrp\u0131nar \u015eelalesi : Nerede? Nas\u0131l Gidilir? 2026 Giri\u015f \u00dccreti\"}]},{\"@type\":\"WebSite\",\"@id\":\"https:\/\/geziyoo.co\/blog\/#website\",\"url\":\"https:\/\/geziyoo.co\/blog\/\",\"name\":\"Geziyoo Blog\",\"description\":\"GeziYoo Blog&#039;da T\u00fcrkiye&#039;nin en iyi kamp alanlar\u0131ndan bungalov tatillerine, karavan ipu\u00e7lar\u0131ndan gezi rehberlerine kadar her t\u00fcrl\u00fc do\u011fa deneyimini ke\u015ffedin.\",\"publisher\":{\"@id\":\"https:\/\/geziyoo.co\/blog\/#organization\"},\"potentialAction\":[{\"@type\":\"SearchAction\",\"target\":{\"@type\":\"EntryPoint\",\"urlTemplate\":\"https:\/\/geziyoo.co\/blog\/?s={search_term_string}\"},\"query-input\":{\"@type\":\"PropertyValueSpecification\",\"valueRequired\":true,\"valueName\":\"search_term_string\"}}],\"inLanguage\":\"tr\"},{\"@type\":\"Organization\",\"@id\":\"https:\/\/geziyoo.co\/blog\/#organization\",\"name\":\"Geziyoo.co\",\"url\":\"https:\/\/geziyoo.co\/blog\/\",\"logo\":{\"@type\":\"ImageObject\",\"inLanguage\":\"tr\",\"@id\":\"https:\/\/geziyoo.co\/blog\/#\/schema\/logo\/image\/\",\"url\":\"https:\/\/geziyoo.co\/blog\/wp-content\/uploads\/2025\/01\/Paragraf-metniniz-3.png\",\"contentUrl\":\"https:\/\/geziyoo.co\/blog\/wp-content\/uploads\/2025\/01\/Paragraf-metniniz-3.png\",\"width\":270,\"height\":50,\"caption\":\"Geziyoo.co\"},\"image\":{\"@id\":\"https:\/\/geziyoo.co\/blog\/#\/schema\/logo\/image\/\"},\"sameAs\":[\"https:\/\/www.facebook.com\/Geziyooco\",\"https:\/\/x.com\/geziyoo\",\"https:\/\/tr.pinterest.com\/geziyooco\/\",\"https:\/\/www.youtube.com\/@geziyoo\",\"https:\/\/www.instagram.com\/geziyoo.co\/\"]},{\"@type\":\"Person\",\"@id\":\"https:\/\/geziyoo.co\/blog\/#\/schema\/person\/032acb2436540ed14784e7d978aef0e4\",\"name\":\"Geziyoo\",\"image\":{\"@type\":\"ImageObject\",\"inLanguage\":\"tr\",\"@id\":\"https:\/\/geziyoo.co\/blog\/#\/schema\/person\/image\/\",\"url\":\"https:\/\/secure.gravatar.com\/avatar\/ae212a4514471fdb8cab6e5af4f3c99b940a2d0a16713ea0392c8d7c8a64f30a?s=96&d=mm&r=g\",\"contentUrl\":\"https:\/\/secure.gravatar.com\/avatar\/ae212a4514471fdb8cab6e5af4f3c99b940a2d0a16713ea0392c8d7c8a64f30a?s=96&d=mm&r=g\",\"caption\":\"Geziyoo\"},\"description\":\"Do\u011fa ile i\u00e7 i\u00e7e olabilece\u011finiz yerler,do\u011fa aktivite alanlar\u0131,kamp alanlar\u0131,bungalov oteller,Tiny House Oteller, Galampingler ve da\u011f evlerinin herkes i\u00e7in ula\u015f\u0131labilir olmas\u0131n\u0131 sa\u011flamak amac\u0131yla Geziyoo\u2019ya 2019 y\u0131l\u0131nda ba\u015flad\u0131k.Do\u011fal Tatil konseptini uygulayan en geni\u015f kapsaml\u0131 sitedir.\",\"sameAs\":[\"https:\/\/geziyoo.co\/\",\"https:\/\/www.facebook.com\/geziyoo.co\",\"https:\/\/www.instagram.com\/geziyoo.co\/\",\"https:\/\/tr.pinterest.com\/geziyooco\/\",\"https:\/\/x.com\/https:\/\/twitter.com\/geziyoo\",\"https:\/\/www.youtube.com\/channel\/UCdiSMa6pe17KEY7DP1Ug4ag\"]}]}<\/script>\n<!-- \/ Yoast SEO plugin. -->","yoast_head_json":{"title":"G\u00fcrp\u0131nar \u015eelalesi : Nerede? Nas\u0131l Gidilir? 2026 Giri\u015f \u00dccreti | Geziyoo","description":"G\u00fcrp\u0131nar \u015eelalesi Gezi Rehberi i\u00e7eri\u011fimizde Malatya Darendede yer alan G\u00fcrp\u0131nar \u015eelalesi nerede,nas\u0131l gidilir, 2026 giri\u015f \u00fccreti ne kadar","robots":{"index":"index","follow":"follow","max-snippet":"max-snippet:-1","max-image-preview":"max-image-preview:large","max-video-preview":"max-video-preview:-1"},"canonical":"https:\/\/geziyoo.co\/blog\/gurpinar-selalesi-gezi-rehberi\/","og_locale":"tr_TR","og_type":"article","og_title":"G\u00fcrp\u0131nar \u015eelalesi : Nerede? Nas\u0131l Gidilir? 2026 Giri\u015f \u00dccreti | Geziyoo","og_description":"G\u00fcrp\u0131nar \u015eelalesi Gezi Rehberi i\u00e7eri\u011fimizde Malatya Darendede yer alan G\u00fcrp\u0131nar \u015eelalesi nerede,nas\u0131l gidilir, 2026 giri\u015f \u00fccreti ne kadar","og_url":"https:\/\/geziyoo.co\/blog\/gurpinar-selalesi-gezi-rehberi\/","og_site_name":"Geziyoo.co","article_publisher":"https:\/\/www.facebook.com\/Geziyooco","article_author":"https:\/\/www.facebook.com\/geziyoo.co","article_published_time":"2024-06-18T04:30:49+00:00","article_modified_time":"2026-02-05T14:36:34+00:00","og_image":[{"width":800,"height":600,"url":"https:\/\/geziyoo.co\/blog\/wp-content\/uploads\/2024\/06\/Gurpinar-Selalesi-Gezi-Rehberi-2.jpg","type":"image\/jpeg"}],"author":"Geziyoo","twitter_card":"summary_large_image","twitter_creator":"@https:\/\/twitter.com\/geziyoo","twitter_site":"@geziyoo","twitter_misc":{"Yazan:":"Geziyoo","Tahmini okuma s\u00fcresi":"6 dakika"},"schema":{"@context":"https:\/\/schema.org","@graph":[{"@type":"Article","@id":"https:\/\/geziyoo.co\/blog\/gurpinar-selalesi-gezi-rehberi\/#article","isPartOf":{"@id":"https:\/\/geziyoo.co\/blog\/gurpinar-selalesi-gezi-rehberi\/"},"author":{"name":"Geziyoo","@id":"https:\/\/geziyoo.co\/blog\/#\/schema\/person\/032acb2436540ed14784e7d978aef0e4"},"headline":"G\u00fcrp\u0131nar \u015eelalesi : Nerede? Nas\u0131l Gidilir? 2026 Giri\u015f \u00dccreti","datePublished":"2024-06-18T04:30:49+00:00","dateModified":"2026-02-05T14:36:34+00:00","mainEntityOfPage":{"@id":"https:\/\/geziyoo.co\/blog\/gurpinar-selalesi-gezi-rehberi\/"},"wordCount":1033,"commentCount":0,"publisher":{"@id":"https:\/\/geziyoo.co\/blog\/#organization"},"image":{"@id":"https:\/\/geziyoo.co\/blog\/gurpinar-selalesi-gezi-rehberi\/#primaryimage"},"thumbnailUrl":"https:\/\/geziyoo.co\/blog\/wp-content\/uploads\/2024\/06\/Gurpinar-Selalesi-Gezi-Rehberi-2.jpg","articleSection":["Gezi Rehberi"],"inLanguage":"tr","potentialAction":[{"@type":"CommentAction","name":"Comment","target":["https:\/\/geziyoo.co\/blog\/gurpinar-selalesi-gezi-rehberi\/#respond"]}]},{"@type":"WebPage","@id":"https:\/\/geziyoo.co\/blog\/gurpinar-selalesi-gezi-rehberi\/","url":"https:\/\/geziyoo.co\/blog\/gurpinar-selalesi-gezi-rehberi\/","name":"G\u00fcrp\u0131nar \u015eelalesi : Nerede? Nas\u0131l Gidilir? 2026 Giri\u015f \u00dccreti | Geziyoo","isPartOf":{"@id":"https:\/\/geziyoo.co\/blog\/#website"},"primaryImageOfPage":{"@id":"https:\/\/geziyoo.co\/blog\/gurpinar-selalesi-gezi-rehberi\/#primaryimage"},"image":{"@id":"https:\/\/geziyoo.co\/blog\/gurpinar-selalesi-gezi-rehberi\/#primaryimage"},"thumbnailUrl":"https:\/\/geziyoo.co\/blog\/wp-content\/uploads\/2024\/06\/Gurpinar-Selalesi-Gezi-Rehberi-2.jpg","datePublished":"2024-06-18T04:30:49+00:00","dateModified":"2026-02-05T14:36:34+00:00","description":"G\u00fcrp\u0131nar \u015eelalesi Gezi Rehberi i\u00e7eri\u011fimizde Malatya Darendede yer alan G\u00fcrp\u0131nar \u015eelalesi nerede,nas\u0131l gidilir, 2026 giri\u015f \u00fccreti ne kadar","breadcrumb":{"@id":"https:\/\/geziyoo.co\/blog\/gurpinar-selalesi-gezi-rehberi\/#breadcrumb"},"inLanguage":"tr","potentialAction":[{"@type":"ReadAction","target":["https:\/\/geziyoo.co\/blog\/gurpinar-selalesi-gezi-rehberi\/"]}]},{"@type":"ImageObject","inLanguage":"tr","@id":"https:\/\/geziyoo.co\/blog\/gurpinar-selalesi-gezi-rehberi\/#primaryimage","url":"https:\/\/geziyoo.co\/blog\/wp-content\/uploads\/2024\/06\/Gurpinar-Selalesi-Gezi-Rehberi-2.jpg","contentUrl":"https:\/\/geziyoo.co\/blog\/wp-content\/uploads\/2024\/06\/Gurpinar-Selalesi-Gezi-Rehberi-2.jpg","width":800,"height":600},{"@type":"BreadcrumbList","@id":"https:\/\/geziyoo.co\/blog\/gurpinar-selalesi-gezi-rehberi\/#breadcrumb","itemListElement":[{"@type":"ListItem","position":1,"name":"Ana sayfa","item":"https:\/\/geziyoo.co\/blog\/"},{"@type":"ListItem","position":2,"name":"G\u00fcrp\u0131nar \u015eelalesi : Nerede? Nas\u0131l Gidilir? 2026 Giri\u015f \u00dccreti"}]},{"@type":"WebSite","@id":"https:\/\/geziyoo.co\/blog\/#website","url":"https:\/\/geziyoo.co\/blog\/","name":"Geziyoo Blog","description":"GeziYoo Blog&#039;da T\u00fcrkiye&#039;nin en iyi kamp alanlar\u0131ndan bungalov tatillerine, karavan ipu\u00e7lar\u0131ndan gezi rehberlerine kadar her t\u00fcrl\u00fc do\u011fa deneyimini ke\u015ffedin.","publisher":{"@id":"https:\/\/geziyoo.co\/blog\/#organization"},"potentialAction":[{"@type":"SearchAction","target":{"@type":"EntryPoint","urlTemplate":"https:\/\/geziyoo.co\/blog\/?s={search_term_string}"},"query-input":{"@type":"PropertyValueSpecification","valueRequired":true,"valueName":"search_term_string"}}],"inLanguage":"tr"},{"@type":"Organization","@id":"https:\/\/geziyoo.co\/blog\/#organization","name":"Geziyoo.co","url":"https:\/\/geziyoo.co\/blog\/","logo":{"@type":"ImageObject","inLanguage":"tr","@id":"https:\/\/geziyoo.co\/blog\/#\/schema\/logo\/image\/","url":"https:\/\/geziyoo.co\/blog\/wp-content\/uploads\/2025\/01\/Paragraf-metniniz-3.png","contentUrl":"https:\/\/geziyoo.co\/blog\/wp-content\/uploads\/2025\/01\/Paragraf-metniniz-3.png","width":270,"height":50,"caption":"Geziyoo.co"},"image":{"@id":"https:\/\/geziyoo.co\/blog\/#\/schema\/logo\/image\/"},"sameAs":["https:\/\/www.facebook.com\/Geziyooco","https:\/\/x.com\/geziyoo","https:\/\/tr.pinterest.com\/geziyooco\/","https:\/\/www.youtube.com\/@geziyoo","https:\/\/www.instagram.com\/geziyoo.co\/"]},{"@type":"Person","@id":"https:\/\/geziyoo.co\/blog\/#\/schema\/person\/032acb2436540ed14784e7d978aef0e4","name":"Geziyoo","image":{"@type":"ImageObject","inLanguage":"tr","@id":"https:\/\/geziyoo.co\/blog\/#\/schema\/person\/image\/","url":"https:\/\/secure.gravatar.com\/avatar\/ae212a4514471fdb8cab6e5af4f3c99b940a2d0a16713ea0392c8d7c8a64f30a?s=96&d=mm&r=g","contentUrl":"https:\/\/secure.gravatar.com\/avatar\/ae212a4514471fdb8cab6e5af4f3c99b940a2d0a16713ea0392c8d7c8a64f30a?s=96&d=mm&r=g","caption":"Geziyoo"},"description":"Do\u011fa ile i\u00e7 i\u00e7e olabilece\u011finiz yerler,do\u011fa aktivite alanlar\u0131,kamp alanlar\u0131,bungalov oteller,Tiny House Oteller, Galampingler ve da\u011f evlerinin herkes i\u00e7in ula\u015f\u0131labilir olmas\u0131n\u0131 sa\u011flamak amac\u0131yla Geziyoo\u2019ya 2019 y\u0131l\u0131nda ba\u015flad\u0131k.Do\u011fal Tatil konseptini uygulayan en geni\u015f kapsaml\u0131 sitedir.","sameAs":["https:\/\/geziyoo.co\/","https:\/\/www.facebook.com\/geziyoo.co","https:\/\/www.instagram.com\/geziyoo.co\/","https:\/\/tr.pinterest.com\/geziyooco\/","https:\/\/x.com\/https:\/\/twitter.com\/geziyoo","https:\/\/www.youtube.com\/channel\/UCdiSMa6pe17KEY7DP1Ug4ag"]}]}},"amp_enabled":true,"_links":{"self":[{"href":"https:\/\/geziyoo.co\/blog\/wp-json\/wp\/v2\/posts\/18417","targetHints":{"allow":["GET"]}}],"collection":[{"href":"https:\/\/geziyoo.co\/blog\/wp-json\/wp\/v2\/posts"}],"about":[{"href":"https:\/\/geziyoo.co\/blog\/wp-json\/wp\/v2\/types\/post"}],"author":[{"embeddable":true,"href":"https:\/\/geziyoo.co\/blog\/wp-json\/wp\/v2\/users\/1"}],"replies":[{"embeddable":true,"href":"https:\/\/geziyoo.co\/blog\/wp-json\/wp\/v2\/comments?post=18417"}],"version-history":[{"count":0,"href":"https:\/\/geziyoo.co\/blog\/wp-json\/wp\/v2\/posts\/18417\/revisions"}],"wp:featuredmedia":[{"embeddable":true,"href":"https:\/\/geziyoo.co\/blog\/wp-json\/wp\/v2\/media\/18421"}],"wp:attachment":[{"href":"https:\/\/geziyoo.co\/blog\/wp-json\/wp\/v2\/media?parent=18417"}],"wp:term":[{"taxonomy":"category","embeddable":true,"href":"https:\/\/geziyoo.co\/blog\/wp-json\/wp\/v2\/categories?post=18417"},{"taxonomy":"post_tag","embeddable":true,"href":"https:\/\/geziyoo.co\/blog\/wp-json\/wp\/v2\/tags?post=18417"}],"curies":[{"name":"wp","href":"https:\/\/api.w.org\/{rel}","templated":true}]}}