{"id":18390,"date":"2024-06-17T17:33:30","date_gmt":"2024-06-17T17:33:30","guid":{"rendered":"https:\/\/geziyoo.co\/blog\/?p=18390"},"modified":"2026-02-05T14:13:06","modified_gmt":"2026-02-05T14:13:06","slug":"dunyada-yapilan-festivaller","status":"publish","type":"post","link":"https:\/\/geziyoo.co\/blog\/dunyada-yapilan-festivaller\/","title":{"rendered":"D\u00fcnya&#8217;da Yap\u0131lan Festivaller, 10 \u00c7\u0131lg\u0131n Festival"},"content":{"rendered":"\n<p>Merhaba festival tutkunlar\u0131! D\u00fcnya&#8217;da Yap\u0131lan Festivaller listemizle yeniden kar\u015f\u0131n\u0131zday\u0131z. Son zamanlarda hem bol bol geziyor hem de bol bol yaz\u0131yoruz, takip edenler fark etmi\u015ftir. Bunun sebebi \u00e7ok basit: Bahar co\u015fkusu! Bu bahar bize o kadar iyi geldi ki resmen enerji patlamas\u0131 ya\u015f\u0131yoruz desek yeridir. Biz de bu enerjiyi f\u0131rsat bilip i\u00e7erik \u00fcretmeye h\u0131z verdik.<\/p>\n\n\n\n<p>Son yaz\u0131lar\u0131m\u0131z gezilerimizle ilgiliydi, bu sefer biraz \u00e7\u0131lg\u0131nl\u0131k yap\u0131p D\u00fcnya&#8217;da Yap\u0131lan Festivaller&#8217;e odaklanmaya karar verdik. A\u015fa\u011f\u0131da listeleyece\u011fimiz festivaller kimine g\u00f6re \u00e7\u0131lg\u0131nl\u0131k, kimine g\u00f6re delilik, kimine g\u00f6re sa\u00e7mal\u0131k olabilir. Ama bize g\u00f6re kesinlikle \u00e7\u0131lg\u0131nl\u0131k! Umar\u0131z en k\u0131sa zamanda bu festivallere kat\u0131l\u0131p izlenimlerimizi sizlerle payla\u015fma f\u0131rsat\u0131 buluruz.<\/p>\n\n\n\n<p>O halde laf\u0131 daha fazla uzatmadan, i\u00e7eri\u011fimize h\u0131zl\u0131ca giri\u015f yapal\u0131m. En sevdi\u011finiz festivali yorumlarda bizimle payla\u015fmay\u0131 unutmay\u0131n!<\/p>\n\n\n\n<hr class=\"wp-block-separator has-css-opacity is-style-wide\"\/>\n\n\n\n<h2 class=\"wp-block-heading\">1.La Tomatina (Domates) Festivali: \u0130spanya<\/h2>\n\n\n\n<figure class=\"wp-block-image size-full\"><img decoding=\"async\" width=\"800\" height=\"451\" data-src=\"https:\/\/geziyoo.co\/blog\/wp-content\/uploads\/2024\/06\/Dunyada-Yapilan-Festivaller-2.jpg\" alt=\"\" class=\"wp-image-18393 lazyload\" data-srcset=\"https:\/\/geziyoo.co\/blog\/wp-content\/uploads\/2024\/06\/Dunyada-Yapilan-Festivaller-2.jpg 800w, https:\/\/geziyoo.co\/blog\/wp-content\/uploads\/2024\/06\/Dunyada-Yapilan-Festivaller-2-300x169.jpg 300w, https:\/\/geziyoo.co\/blog\/wp-content\/uploads\/2024\/06\/Dunyada-Yapilan-Festivaller-2-768x433.jpg 768w, https:\/\/geziyoo.co\/blog\/wp-content\/uploads\/2024\/06\/Dunyada-Yapilan-Festivaller-2-390x220.jpg 390w, https:\/\/geziyoo.co\/blog\/wp-content\/uploads\/2024\/06\/Dunyada-Yapilan-Festivaller-2-150x85.jpg 150w\" data-sizes=\"(max-width: 800px) 100vw, 800px\" src=\"data:image\/gif;base64,R0lGODlhAQABAAAAACH5BAEKAAEALAAAAAABAAEAAAICTAEAOw==\" style=\"--smush-placeholder-width: 800px; --smush-placeholder-aspect-ratio: 800\/451;\" \/><figcaption class=\"wp-element-caption\">D\u00fcnya&#8217;da Yap\u0131lan Festivaller -La Tomatina<\/figcaption><\/figure>\n\n\n\n<p>D\u00fcnya \u00e7ap\u0131nda yap\u0131lan festivaller listemizin ba\u015f\u0131nda, \u0130spanya&#8217;n\u0131n me\u015fhur Domates Festivali yer al\u0131yor. K\u00f6keni 1945 y\u0131l\u0131na dayanan bu festivalin nas\u0131l ve neden ba\u015flad\u0131\u011f\u0131 ise hala gizemini koruyor. Bu belirsizlik, festivale s\u0131ra d\u0131\u015f\u0131 bir hava kat\u0131yor.<\/p>\n\n\n\n<p>Ancak, d\u00fcnyada a\u00e7l\u0131\u011f\u0131n bu denli yayg\u0131n oldu\u011fu bir d\u00f6nemde tonlarca domatesin israf edilmesi, pek \u00e7ok ki\u015fi taraf\u0131ndan tepkiyle kar\u015f\u0131lan\u0131yor. \u00c7\u0131lg\u0131n oldu\u011fu kadar da gereksiz bulunan bu festival, tart\u0131\u015fmalara neden olmaya devam ediyor.<\/p>\n\n\n\n<hr class=\"wp-block-separator has-css-opacity is-style-wide\"\/>\n\n\n\n<h2 class=\"wp-block-heading\">2.Burning Man Festivali:ABD<\/h2>\n\n\n\n<figure class=\"wp-block-image size-full\"><img decoding=\"async\" width=\"800\" height=\"538\" data-src=\"https:\/\/geziyoo.co\/blog\/wp-content\/uploads\/2024\/06\/Dunyada-Yapilan-Festivaller-3.jpg\" alt=\"\" class=\"wp-image-18394 lazyload\" data-srcset=\"https:\/\/geziyoo.co\/blog\/wp-content\/uploads\/2024\/06\/Dunyada-Yapilan-Festivaller-3.jpg 800w, https:\/\/geziyoo.co\/blog\/wp-content\/uploads\/2024\/06\/Dunyada-Yapilan-Festivaller-3-300x202.jpg 300w, https:\/\/geziyoo.co\/blog\/wp-content\/uploads\/2024\/06\/Dunyada-Yapilan-Festivaller-3-768x516.jpg 768w, https:\/\/geziyoo.co\/blog\/wp-content\/uploads\/2024\/06\/Dunyada-Yapilan-Festivaller-3-150x101.jpg 150w\" data-sizes=\"(max-width: 800px) 100vw, 800px\" src=\"data:image\/gif;base64,R0lGODlhAQABAAAAACH5BAEKAAEALAAAAAABAAEAAAICTAEAOw==\" style=\"--smush-placeholder-width: 800px; --smush-placeholder-aspect-ratio: 800\/538;\" \/><figcaption class=\"wp-element-caption\">D\u00fcnya&#8217;da Yap\u0131lan Festivaller &#8211; Burning Man<\/figcaption><\/figure>\n\n\n\n<p>D\u00fcnya&#8217;da Yap\u0131lan Festivaller i\u00e7eri\u011fimizde 2. s\u0131ray\u0131, ad\u0131n\u0131 s\u0131k\u00e7a duydu\u011fumuz ve gitmeyi hayal etti\u011fimiz Burning Man Festivali&#8217;ne veriyoruz.<\/p>\n\n\n\n<p>\u00c7\u00f6l\u00fcn ortas\u0131nda ger\u00e7ekle\u015fen ve her y\u0131l A\u011fustos ile Eyl\u00fcl aylar\u0131nda d\u00fczenlenen bu benzersiz etkinlik, tam 9 g\u00fcn s\u00fcr\u00fcyor. Konforlu olmaktan uzak, \u00e7\u00f6l\u00fcn zorlu ko\u015fullar\u0131nda ger\u00e7ekle\u015fmesine ra\u011fmen b\u00fcy\u00fck ilgi g\u00f6r\u00fcyor. Merak edenler i\u00e7in a\u015fa\u011f\u0131ya bir video ekledik, Burning Man&#8217;in b\u00fcy\u00fcl\u00fc atmosferine yak\u0131ndan tan\u0131k olun&#8230;<\/p>\n\n\n\n<figure class=\"wp-block-embed is-type-video is-provider-youtube wp-block-embed-youtube wp-embed-aspect-16-9 wp-has-aspect-ratio\"><div class=\"wp-block-embed__wrapper\">\n<iframe title=\"4 Minutes Inside the Madness at Burning Man\" width=\"500\" height=\"281\" data-src=\"https:\/\/www.youtube.com\/embed\/ULnEoqPl-3c?feature=oembed\" frameborder=\"0\" allow=\"accelerometer; autoplay; clipboard-write; encrypted-media; gyroscope; picture-in-picture; web-share\" referrerpolicy=\"strict-origin-when-cross-origin\" allowfullscreen src=\"data:image\/gif;base64,R0lGODlhAQABAAAAACH5BAEKAAEALAAAAAABAAEAAAICTAEAOw==\" class=\"lazyload\" data-load-mode=\"1\"><\/iframe>\n<\/div><\/figure>\n\n\n\n<hr class=\"wp-block-separator has-css-opacity is-style-wide\"\/>\n\n\n\n<h2 class=\"wp-block-heading\">3.Rio Karnaval\u0131:Brezilya<\/h2>\n\n\n\n<figure class=\"wp-block-image size-full\"><img decoding=\"async\" width=\"800\" height=\"550\" data-src=\"https:\/\/geziyoo.co\/blog\/wp-content\/uploads\/2024\/06\/Dunyada-Yapilan-Festivaller-4.jpg\" alt=\"\" class=\"wp-image-18395 lazyload\" data-srcset=\"https:\/\/geziyoo.co\/blog\/wp-content\/uploads\/2024\/06\/Dunyada-Yapilan-Festivaller-4.jpg 800w, https:\/\/geziyoo.co\/blog\/wp-content\/uploads\/2024\/06\/Dunyada-Yapilan-Festivaller-4-300x206.jpg 300w, https:\/\/geziyoo.co\/blog\/wp-content\/uploads\/2024\/06\/Dunyada-Yapilan-Festivaller-4-768x528.jpg 768w, https:\/\/geziyoo.co\/blog\/wp-content\/uploads\/2024\/06\/Dunyada-Yapilan-Festivaller-4-220x150.jpg 220w, https:\/\/geziyoo.co\/blog\/wp-content\/uploads\/2024\/06\/Dunyada-Yapilan-Festivaller-4-150x103.jpg 150w\" data-sizes=\"(max-width: 800px) 100vw, 800px\" src=\"data:image\/gif;base64,R0lGODlhAQABAAAAACH5BAEKAAEALAAAAAABAAEAAAICTAEAOw==\" style=\"--smush-placeholder-width: 800px; --smush-placeholder-aspect-ratio: 800\/550;\" \/><figcaption class=\"wp-element-caption\">D\u00fcnya&#8217;da Yap\u0131lan Festivaller &#8211; Rio Karnaval\u0131<\/figcaption><\/figure>\n\n\n\n<p>Rio Karnaval\u0131, ad\u0131n\u0131 duymayan\u0131n neredeyse kalmad\u0131\u011f\u0131, d\u00fcnyaca \u00fcnl\u00fc bir etkinlik. Ancak bilinirli\u011fi, \u00e7\u0131lg\u0131nl\u0131\u011f\u0131n\u0131 anlamaya yetmiyor. \u0130\u015fte bu y\u00fczden, bu renkli festivali i\u00e7eri\u011fimizde sizlerle payla\u015fmak istedik.<\/p>\n\n\n\n<p>Brezilya, d\u00fcnyan\u0131n en renkli ve canl\u0131 \u00fclkelerinden biri. Bu enerji, festivallerine de yans\u0131yor. Rio Karnaval\u0131 da bu co\u015fkunun en g\u00fczel \u00f6rneklerinden. Karnaval\u0131n \u00e7\u0131lg\u0131nl\u0131\u011f\u0131 ise detaylar\u0131nda gizli. Y\u00f6resel k\u0131yafetlerin giyildi\u011fi bu g\u00f6rsel \u015f\u00f6lende, ak\u0131l almaz danslar ve \u015fark\u0131lar e\u015fli\u011finde unutulmaz bir atmosfer ya\u015fan\u0131yor.<\/p>\n\n\n\n<hr class=\"wp-block-separator has-css-opacity is-style-wide\"\/>\n\n\n\n<h2 class=\"wp-block-heading\">4.Oktoberfest:Almanya<\/h2>\n\n\n\n<figure class=\"wp-block-image size-full\"><img decoding=\"async\" width=\"800\" height=\"598\" data-src=\"https:\/\/geziyoo.co\/blog\/wp-content\/uploads\/2024\/06\/Dunyada-Yapilan-Festivaller-5.jpg\" alt=\"\" class=\"wp-image-18396 lazyload\" data-srcset=\"https:\/\/geziyoo.co\/blog\/wp-content\/uploads\/2024\/06\/Dunyada-Yapilan-Festivaller-5.jpg 800w, https:\/\/geziyoo.co\/blog\/wp-content\/uploads\/2024\/06\/Dunyada-Yapilan-Festivaller-5-300x224.jpg 300w, https:\/\/geziyoo.co\/blog\/wp-content\/uploads\/2024\/06\/Dunyada-Yapilan-Festivaller-5-768x574.jpg 768w, https:\/\/geziyoo.co\/blog\/wp-content\/uploads\/2024\/06\/Dunyada-Yapilan-Festivaller-5-150x112.jpg 150w\" data-sizes=\"(max-width: 800px) 100vw, 800px\" src=\"data:image\/gif;base64,R0lGODlhAQABAAAAACH5BAEKAAEALAAAAAABAAEAAAICTAEAOw==\" style=\"--smush-placeholder-width: 800px; --smush-placeholder-aspect-ratio: 800\/598;\" \/><figcaption class=\"wp-element-caption\">D\u00fcnya&#8217;da Yap\u0131lan Festivaller &#8211; October Fest<\/figcaption><\/figure>\n\n\n\n<p>D\u00fcnya&#8217;n\u0131n belki de en \u00e7\u0131lg\u0131n festivali olarak \u00fcnlenen Oktoberfest&#8217;ten bahsediyoruz. &#8220;Bira i\u00e7menin nesi \u00e7\u0131lg\u0131n?&#8221; diye d\u00fc\u015f\u00fcnenler olabilir, ancak durum g\u00f6r\u00fcnd\u00fc\u011f\u00fc kadar basit de\u011fil. Bu festivali \u00e7\u0131lg\u0131n yapan \u015fey, 2 hafta s\u00fcresince t\u00fcketilen devasa bira miktar\u0131.<\/p>\n\n\n\n<p>Nas\u0131l m\u0131 devasa? S\u00f6yleyelim: Oktoberfest&#8217;te i\u00e7ilen bira, neredeyse \u00fclkemizde bir y\u0131lda t\u00fcketilen bira miktar\u0131na e\u015fit! Bu devasa rakam, Oktoberfest&#8217;i s\u0131radan bir bira festivalinden \u00e7ok daha fazlas\u0131 yap\u0131yor.tunesharemore_vert<\/p>\n\n\n\n<hr class=\"wp-block-separator has-css-opacity is-style-wide\"\/>\n\n\n\n<h2 class=\"wp-block-heading\">5.Coachella Festivali:ABD<\/h2>\n\n\n\n<figure class=\"wp-block-image size-full\"><img decoding=\"async\" width=\"800\" height=\"497\" data-src=\"https:\/\/geziyoo.co\/blog\/wp-content\/uploads\/2024\/06\/Dunyada-Yapilan-Festivaller-6.jpg\" alt=\"\" class=\"wp-image-18397 lazyload\" data-srcset=\"https:\/\/geziyoo.co\/blog\/wp-content\/uploads\/2024\/06\/Dunyada-Yapilan-Festivaller-6.jpg 800w, https:\/\/geziyoo.co\/blog\/wp-content\/uploads\/2024\/06\/Dunyada-Yapilan-Festivaller-6-300x186.jpg 300w, https:\/\/geziyoo.co\/blog\/wp-content\/uploads\/2024\/06\/Dunyada-Yapilan-Festivaller-6-768x477.jpg 768w, https:\/\/geziyoo.co\/blog\/wp-content\/uploads\/2024\/06\/Dunyada-Yapilan-Festivaller-6-150x93.jpg 150w\" data-sizes=\"(max-width: 800px) 100vw, 800px\" src=\"data:image\/gif;base64,R0lGODlhAQABAAAAACH5BAEKAAEALAAAAAABAAEAAAICTAEAOw==\" style=\"--smush-placeholder-width: 800px; --smush-placeholder-aspect-ratio: 800\/497;\" \/><figcaption class=\"wp-element-caption\">D\u00fcnya&#8217;da Yap\u0131lan Festivaller &#8211; Coachella Festivali<\/figcaption><\/figure>\n\n\n\n<p>D\u00fcnya&#8217;da Yap\u0131lan Festivaller i\u00e7eri\u011fimizin yar\u0131s\u0131na gelmi\u015fken, rotam\u0131z\u0131 bir kez daha Amerika Birle\u015fik Devletleri&#8217;ne \u00e7eviriyoruz. Bu seferki dura\u011f\u0131m\u0131z, Kaliforniya&#8217;n\u0131n g\u00f6zde etkinli\u011fi Coachella Festivali. \u0130lk olarak 1999 y\u0131l\u0131nda m\u00fczik festivali olarak hayat bulan Coachella, o y\u0131l b\u00fcy\u00fck ilgi g\u00f6rm\u00fc\u015f ve sonraki y\u0131llarda kat\u0131l\u0131m\u0131n giderek artt\u0131\u011f\u0131 bir fenomene d\u00f6n\u00fc\u015fm\u00fc\u015ft\u00fcr. \u015eimdilerde ise adeta bir Coachella \u00e7\u0131lg\u0131nl\u0131\u011f\u0131 ya\u015fan\u0131yor. 1999&#8217;daki ilk etkinlikte sadece 1 g\u00fcn s\u00fcren festival, bug\u00fcn tam 6 g\u00fcn s\u00fcr\u00fcyor.tunesharemore_vert<\/p>\n\n\n\n<hr class=\"wp-block-separator has-css-opacity is-style-wide\"\/>\n\n\n\n<h2 class=\"wp-block-heading\">6.Sziget Festivali:Macaristan<\/h2>\n\n\n\n<figure class=\"wp-block-image size-full\"><img decoding=\"async\" width=\"800\" height=\"600\" data-src=\"https:\/\/geziyoo.co\/blog\/wp-content\/uploads\/2024\/06\/Dunyada-Yapilan-Festivaller-7.jpg\" alt=\"\" class=\"wp-image-18398 lazyload\" data-srcset=\"https:\/\/geziyoo.co\/blog\/wp-content\/uploads\/2024\/06\/Dunyada-Yapilan-Festivaller-7.jpg 800w, https:\/\/geziyoo.co\/blog\/wp-content\/uploads\/2024\/06\/Dunyada-Yapilan-Festivaller-7-300x225.jpg 300w, https:\/\/geziyoo.co\/blog\/wp-content\/uploads\/2024\/06\/Dunyada-Yapilan-Festivaller-7-768x576.jpg 768w, https:\/\/geziyoo.co\/blog\/wp-content\/uploads\/2024\/06\/Dunyada-Yapilan-Festivaller-7-150x113.jpg 150w\" data-sizes=\"(max-width: 800px) 100vw, 800px\" src=\"data:image\/gif;base64,R0lGODlhAQABAAAAACH5BAEKAAEALAAAAAABAAEAAAICTAEAOw==\" style=\"--smush-placeholder-width: 800px; --smush-placeholder-aspect-ratio: 800\/600;\" \/><figcaption class=\"wp-element-caption\">Sziget Festivali<\/figcaption><\/figure>\n\n\n\n<p>Son y\u0131llarda \u00fclkemizden de b\u00fcy\u00fck ilgi g\u00f6ren Sziget Festivali, Macaristan&#8217;\u0131n ba\u015fkenti Budape\u015fte&#8217;deki Obudai Adas\u0131&#8217;nda d\u00fczenleniyor. Y\u00fczlerce m\u00fczik grubunun sahne ald\u0131\u011f\u0131 bu devasa etkinlikte, e\u011flence ve m\u00fczik doruklara ula\u015f\u0131yor. Sziget Festivali, sadece m\u00fczikle s\u0131n\u0131rl\u0131 kalmay\u0131p farkl\u0131 k\u00fclt\u00fcrleri bir araya getiren, sanat\u0131n ve \u00f6zg\u00fcrl\u00fc\u011f\u00fcn kutland\u0131\u011f\u0131 bir platform olarak \u00f6ne \u00e7\u0131k\u0131yor.<\/p>\n\n\n\n<hr class=\"wp-block-separator has-css-opacity is-style-wide\"\/>\n\n\n\n<h2 class=\"wp-block-heading\">7.\u0130ske\u00e7e Karnaval\u0131:Yunanistan<\/h2>\n\n\n\n<figure class=\"wp-block-image size-full\"><img decoding=\"async\" width=\"800\" height=\"424\" data-src=\"https:\/\/geziyoo.co\/blog\/wp-content\/uploads\/2024\/06\/Dunyada-Yapilan-Festivaller-8.jpg\" alt=\"\" class=\"wp-image-18399 lazyload\" data-srcset=\"https:\/\/geziyoo.co\/blog\/wp-content\/uploads\/2024\/06\/Dunyada-Yapilan-Festivaller-8.jpg 800w, https:\/\/geziyoo.co\/blog\/wp-content\/uploads\/2024\/06\/Dunyada-Yapilan-Festivaller-8-300x159.jpg 300w, https:\/\/geziyoo.co\/blog\/wp-content\/uploads\/2024\/06\/Dunyada-Yapilan-Festivaller-8-768x407.jpg 768w, https:\/\/geziyoo.co\/blog\/wp-content\/uploads\/2024\/06\/Dunyada-Yapilan-Festivaller-8-150x80.jpg 150w\" data-sizes=\"(max-width: 800px) 100vw, 800px\" src=\"data:image\/gif;base64,R0lGODlhAQABAAAAACH5BAEKAAEALAAAAAABAAEAAAICTAEAOw==\" style=\"--smush-placeholder-width: 800px; --smush-placeholder-aspect-ratio: 800\/424;\" \/><figcaption class=\"wp-element-caption\">\u0130ske\u00e7e Karnaval\u0131<\/figcaption><\/figure>\n\n\n\n<p>Hemen yan\u0131 ba\u015f\u0131m\u0131zda, kom\u015fumuz Yunanistan&#8217;da ger\u00e7ekle\u015fen bu festival, her y\u0131l Mart ay\u0131nda d\u00fczenleniyor. Patras Karnaval\u0131 olarak bilinen bu etkinlik, rengarenk kost\u00fcmlerle kat\u0131lanlar\u0131n olu\u015fturdu\u011fu canl\u0131 ve ne\u015feli g\u00f6r\u00fcnt\u00fclere sahne oluyor. Sokak partileri, ge\u00e7it t\u00f6renleri ve e\u011flence dolu etkinliklerle Patras Karnaval\u0131, Yunan k\u00fclt\u00fcr\u00fcn\u00fc deneyimlemek i\u00e7in harika bir f\u0131rsat sunuyor.<\/p>\n\n\n\n<hr class=\"wp-block-separator has-css-opacity is-style-wide\"\/>\n\n\n\n<h2 class=\"wp-block-heading\">8.Bo\u011fa (Running of The Bulls) Festivali: \u0130spanya<\/h2>\n\n\n\n<figure class=\"wp-block-image size-full\"><img decoding=\"async\" width=\"800\" height=\"564\" data-src=\"https:\/\/geziyoo.co\/blog\/wp-content\/uploads\/2024\/06\/Dunyada-Yapilan-Festivaller-9.jpg\" alt=\"\" class=\"wp-image-18400 lazyload\" data-srcset=\"https:\/\/geziyoo.co\/blog\/wp-content\/uploads\/2024\/06\/Dunyada-Yapilan-Festivaller-9.jpg 800w, https:\/\/geziyoo.co\/blog\/wp-content\/uploads\/2024\/06\/Dunyada-Yapilan-Festivaller-9-300x212.jpg 300w, https:\/\/geziyoo.co\/blog\/wp-content\/uploads\/2024\/06\/Dunyada-Yapilan-Festivaller-9-768x541.jpg 768w, https:\/\/geziyoo.co\/blog\/wp-content\/uploads\/2024\/06\/Dunyada-Yapilan-Festivaller-9-150x106.jpg 150w\" data-sizes=\"(max-width: 800px) 100vw, 800px\" src=\"data:image\/gif;base64,R0lGODlhAQABAAAAACH5BAEKAAEALAAAAAABAAEAAAICTAEAOw==\" style=\"--smush-placeholder-width: 800px; --smush-placeholder-aspect-ratio: 800\/564;\" \/><figcaption class=\"wp-element-caption\">Bo\u011fa Festivali<\/figcaption><\/figure>\n\n\n\n<p>D\u00fcnya&#8217;n\u0131n en \u00e7\u0131lg\u0131n ve tart\u0131\u015fmal\u0131 festivallerinden biri olan \u0130spanya&#8217;n\u0131n Pamplona \u015fehrinde d\u00fczenlenen San Fermin Festivali, di\u011fer ad\u0131yla Bo\u011fa Ko\u015fusu, insanlar\u0131 hem kendilerine hem de hayvanlara kar\u015f\u0131 ac\u0131mas\u0131z bir m\u00fccadeleye sokuyor. \u0130nsanlar\u0131n neden b\u00f6yle bir festival d\u00fczenledi\u011fi ise ak\u0131l al\u0131r gibi de\u011fil.<\/p>\n\n\n\n<p>Festival boyunca sokaklara sal\u0131nan bo\u011falar\u0131n \u00f6n\u00fcnde ko\u015fan insanlar, hem kendilerini hem de hayvanlar\u0131 b\u00fcy\u00fck bir tehlikeye at\u0131yor. Her y\u0131l onlarca insan\u0131n yaraland\u0131\u011f\u0131, hatta hayat\u0131n\u0131 kaybetti\u011fi bu etkinlik, hayvan haklar\u0131 savunucular\u0131 taraf\u0131ndan da b\u00fcy\u00fck tepki g\u00f6r\u00fcyor.<\/p>\n\n\n\n<p>San Fermin Festivali, geleneksel bir etkinlik olarak savunulsa da yaratt\u0131\u011f\u0131 ac\u0131 ve tehlike, insanl\u0131\u011f\u0131n karanl\u0131k y\u00fcz\u00fcn\u00fc bir kez daha g\u00f6zler \u00f6n\u00fcne seriyor.<\/p>\n\n\n\n<hr class=\"wp-block-separator has-css-opacity is-style-wide\"\/>\n\n\n\n<h2 class=\"wp-block-heading\">9.Pingxi Lantern Festivali:Tayvan<\/h2>\n\n\n\n<figure class=\"wp-block-image size-full\"><img decoding=\"async\" width=\"800\" height=\"443\" data-src=\"https:\/\/geziyoo.co\/blog\/wp-content\/uploads\/2024\/06\/Dunyada-Yapilan-Festivaller-10.jpg\" alt=\"\" class=\"wp-image-18401 lazyload\" data-srcset=\"https:\/\/geziyoo.co\/blog\/wp-content\/uploads\/2024\/06\/Dunyada-Yapilan-Festivaller-10.jpg 800w, https:\/\/geziyoo.co\/blog\/wp-content\/uploads\/2024\/06\/Dunyada-Yapilan-Festivaller-10-300x166.jpg 300w, https:\/\/geziyoo.co\/blog\/wp-content\/uploads\/2024\/06\/Dunyada-Yapilan-Festivaller-10-768x425.jpg 768w, https:\/\/geziyoo.co\/blog\/wp-content\/uploads\/2024\/06\/Dunyada-Yapilan-Festivaller-10-150x83.jpg 150w\" data-sizes=\"(max-width: 800px) 100vw, 800px\" src=\"data:image\/gif;base64,R0lGODlhAQABAAAAACH5BAEKAAEALAAAAAABAAEAAAICTAEAOw==\" style=\"--smush-placeholder-width: 800px; --smush-placeholder-aspect-ratio: 800\/443;\" \/><figcaption class=\"wp-element-caption\"> Pingxi Festivali<\/figcaption><\/figure>\n\n\n\n<p>B\u00fcy\u00fcl\u00fc atmosferlere hayran olanlardansan\u0131z, Tayvan&#8217;\u0131n Pingxi B\u00f6lgesi&#8217;nde d\u00fczenlenen G\u00f6ky\u00fcz\u00fc Feneri Festivali tam size g\u00f6re olabilir. Binlerce fenerin g\u00f6ky\u00fcz\u00fcn\u00fc ayd\u0131nlatt\u0131\u011f\u0131 bu g\u00f6rsel \u015f\u00f6len, ger\u00e7ekten de nefes kesici.<\/p>\n\n\n\n<p>Peki bu festival neden kutlan\u0131yor? Festivalin k\u00f6keni, \u015fehrin k\u00f6t\u00fcl\u00fcklerden ve hastal\u0131klardan ar\u0131nd\u0131r\u0131ld\u0131\u011f\u0131na dair bir inanca dayan\u0131yor. Yani k\u0131sacas\u0131, g\u00f6ky\u00fcz\u00fcne b\u0131rak\u0131lan her fenerle t\u00fcm olumsuzluklar\u0131n da g\u00f6ky\u00fcz\u00fcne y\u00fckseldi\u011fine inan\u0131l\u0131yor. Bu basit ama etkileyici rit\u00fcel, festivale mistik bir hava kat\u0131yor.<\/p>\n\n\n\n<hr class=\"wp-block-separator has-css-opacity is-style-wide\"\/>\n\n\n\n<h2 class=\"wp-block-heading\">10.\u00d6l\u00fcler G\u00fcn\u00fc Festivali-Dia de Los Muertos: Meksika<\/h2>\n\n\n\n<figure class=\"wp-block-image size-full\"><img decoding=\"async\" width=\"800\" height=\"450\" data-src=\"https:\/\/geziyoo.co\/blog\/wp-content\/uploads\/2024\/06\/Dunyada-Yapilan-Festivaller-1.jpg\" alt=\"\" class=\"wp-image-18402 lazyload\" data-srcset=\"https:\/\/geziyoo.co\/blog\/wp-content\/uploads\/2024\/06\/Dunyada-Yapilan-Festivaller-1.jpg 800w, https:\/\/geziyoo.co\/blog\/wp-content\/uploads\/2024\/06\/Dunyada-Yapilan-Festivaller-1-300x169.jpg 300w, https:\/\/geziyoo.co\/blog\/wp-content\/uploads\/2024\/06\/Dunyada-Yapilan-Festivaller-1-768x432.jpg 768w, https:\/\/geziyoo.co\/blog\/wp-content\/uploads\/2024\/06\/Dunyada-Yapilan-Festivaller-1-390x220.jpg 390w, https:\/\/geziyoo.co\/blog\/wp-content\/uploads\/2024\/06\/Dunyada-Yapilan-Festivaller-1-150x84.jpg 150w\" data-sizes=\"(max-width: 800px) 100vw, 800px\" src=\"data:image\/gif;base64,R0lGODlhAQABAAAAACH5BAEKAAEALAAAAAABAAEAAAICTAEAOw==\" style=\"--smush-placeholder-width: 800px; --smush-placeholder-aspect-ratio: 800\/450;\" \/><figcaption class=\"wp-element-caption\">\u00d6l\u00fcler G\u00fcn\u00fc Festivali<\/figcaption><\/figure>\n\n\n\n<p>Ve geldik i\u00e7eri\u011fimizin sonuna&#8230; Son s\u0131raya, biraz \u00fcrk\u00fct\u00fcc\u00fc ve t\u00fcyler \u00fcrpertici bir festivali koymaya karar verdik. Ad\u0131ndan da anla\u015f\u0131laca\u011f\u0131 \u00fczere, d\u00fcnyan\u0131n en ger\u00e7ek\u00e7i ve korkutucu festivali olarak bilinen \u00d6l\u00fcler G\u00fcn\u00fc&#8217;nden bahsediyoruz.<\/p>\n\n\n\n<p>Meksika&#8217;da her y\u0131l 1-2 Kas\u0131m tarihlerinde kutlanan bu festivalde, \u00f6l\u00fclerin ruhlar\u0131n\u0131n geri d\u00f6nd\u00fc\u011f\u00fcne ve onlarla ileti\u015fim kurulabilece\u011fine inan\u0131l\u0131yor. D\u00fc\u015f\u00fcnmesi bile insan\u0131 \u00fcrperten bu inan\u0131\u015f, festivale mistik ve gizemli bir hava kat\u0131yor.<\/p>\n\n\n\n<p>Evet, her g\u00fczel \u015feyin bir sonu oldu\u011fu gibi, i\u00e7eri\u011fimizin de sonuna geldik. Asl\u0131nda d\u00fcnyada say\u0131s\u0131z festival d\u00fczenleniyor, ancak biz sadece ger\u00e7ekten \u00e7\u0131lg\u0131n ve s\u0131ra d\u0131\u015f\u0131 olanlara yer vermeye \u00e7al\u0131\u015ft\u0131k. Umar\u0131z i\u00e7eri\u011fimiz ilginizi \u00e7ekmi\u015ftir. Siz de favori festivalinizi yorumlarda bizimle payla\u015fabilirsiniz.<\/p>\n\n\n\n<h4 class=\"wp-block-heading\">D\u00fcnya&#8217;da Yap\u0131lan En \u00c7\u0131lg\u0131n Festival Video<\/h4>\n\n\n\n<figure class=\"wp-block-embed is-type-video is-provider-youtube wp-block-embed-youtube wp-embed-aspect-16-9 wp-has-aspect-ratio\"><div class=\"wp-block-embed__wrapper\">\n<iframe title=\"D\u00fcnyan\u0131n En Tuhaf 8 Festivali\" width=\"500\" height=\"281\" data-src=\"https:\/\/www.youtube.com\/embed\/FWhYxn4Yys4?feature=oembed\" frameborder=\"0\" allow=\"accelerometer; autoplay; clipboard-write; encrypted-media; gyroscope; picture-in-picture; web-share\" referrerpolicy=\"strict-origin-when-cross-origin\" allowfullscreen src=\"data:image\/gif;base64,R0lGODlhAQABAAAAACH5BAEKAAEALAAAAAABAAEAAAICTAEAOw==\" class=\"lazyload\" data-load-mode=\"1\"><\/iframe>\n<\/div><\/figure>\n\n\n\n<p>Yukar\u0131 k\u0131s\u0131ma g\u00fczel bir video ekledik.Video a\u00e7\u0131lmaz ise <strong><em><a href=\"https:\/\/youtu.be\/FWhYxn4Yys4\">BURADAN<\/a><\/em><\/strong> videoya ula\u015fabilirsiniz.<\/p>\n\n\n\n<hr class=\"wp-block-separator has-css-opacity is-style-wide\"\/>\n\n\n\n<h4 class=\"wp-block-heading\">Bunlar\u0131 da Sevebilirsiniz;<\/h4>\n\n\n<ul class=\"wp-block-latest-posts__list wp-block-latest-posts\"><li><a class=\"wp-block-latest-posts__post-title\" href=\"https:\/\/geziyoo.co\/blog\/yurt-disinda-cocuklarin-egitimi-ebeveynler-formaliteler-yuzunden-nerede-para-kaybediyor\/\">Yurt d\u0131\u015f\u0131nda \u00e7ocuklar\u0131n e\u011fitimi: Ebeveynler formaliteler y\u00fcz\u00fcnden nerede para kaybediyor?<\/a><\/li>\n<li><a class=\"wp-block-latest-posts__post-title\" href=\"https:\/\/geziyoo.co\/blog\/gezerken-ne-giyilir\/\">Gezerken Ne Giyilir? Mevsim Ge\u00e7i\u015fleri ve Yaz Tatilleri \u0130\u00e7in Pratik Kombin Rehberi<\/a><\/li>\n<li><a class=\"wp-block-latest-posts__post-title\" href=\"https:\/\/geziyoo.co\/blog\/2026-resmi-tatilleri-ve-14-gune-43-gun\/\">Ajandalar Haz\u0131rlans\u0131n! 2026 Resmi Tatilleri ve &#8220;14 G\u00fcne 43 G\u00fcn&#8221; Form\u00fcl\u00fc G\u00fcndemde<\/a><\/li>\n<\/ul>","protected":false},"excerpt":{"rendered":"<p>Merhaba festival tutkunlar\u0131! D\u00fcnya&#8217;da Yap\u0131lan Festivaller listemizle yeniden kar\u015f\u0131n\u0131zday\u0131z. Son zamanlarda hem bol bol geziyor hem de bol bol yaz\u0131yoruz, takip edenler fark etmi\u015ftir. Bunun sebebi \u00e7ok basit: Bahar co\u015fkusu! Bu bahar bize o kadar iyi geldi ki resmen enerji patlamas\u0131 ya\u015f\u0131yoruz desek yeridir. Biz de bu enerjiyi f\u0131rsat bilip i\u00e7erik \u00fcretmeye h\u0131z verdik. Son &hellip;<\/p>\n","protected":false},"author":1,"featured_media":18400,"comment_status":"open","ping_status":"closed","sticky":false,"template":"","format":"standard","meta":{"footnotes":""},"categories":[20],"tags":[],"class_list":["post-18390","post","type-post","status-publish","format-standard","has-post-thumbnail","hentry","category-gezirehberi"],"yoast_head":"<!-- This site is optimized with the Yoast SEO plugin v26.9 - https:\/\/yoast.com\/product\/yoast-seo-wordpress\/ -->\n<title>D\u00fcnya&#039;da Yap\u0131lan Festivaller, 10 \u00c7\u0131lg\u0131n Festival | Geziyoo<\/title>\n<meta name=\"description\" content=\"Merhaba festival tutkunlar\u0131! D\u00fcnya&#039;da Yap\u0131lan Festivaller listemizle yeniden kar\u015f\u0131n\u0131zday\u0131z. Son zamanlarda hem bol bol geziyor hem de bol bol yaz\u0131yoruz\" \/>\n<meta name=\"robots\" content=\"index, follow, max-snippet:-1, max-image-preview:large, max-video-preview:-1\" \/>\n<link rel=\"canonical\" href=\"https:\/\/geziyoo.co\/blog\/dunyada-yapilan-festivaller\/\" \/>\n<meta property=\"og:locale\" content=\"tr_TR\" \/>\n<meta property=\"og:type\" content=\"article\" \/>\n<meta property=\"og:title\" content=\"D\u00fcnya&#039;da Yap\u0131lan Festivaller, 10 \u00c7\u0131lg\u0131n Festival | Geziyoo\" \/>\n<meta property=\"og:description\" content=\"Merhaba festival tutkunlar\u0131! D\u00fcnya&#039;da Yap\u0131lan Festivaller listemizle yeniden kar\u015f\u0131n\u0131zday\u0131z. Son zamanlarda hem bol bol geziyor hem de bol bol yaz\u0131yoruz\" \/>\n<meta property=\"og:url\" content=\"https:\/\/geziyoo.co\/blog\/dunyada-yapilan-festivaller\/\" \/>\n<meta property=\"og:site_name\" content=\"Geziyoo.co\" \/>\n<meta property=\"article:publisher\" content=\"https:\/\/www.facebook.com\/Geziyooco\" \/>\n<meta property=\"article:author\" content=\"https:\/\/www.facebook.com\/geziyoo.co\" \/>\n<meta property=\"article:published_time\" content=\"2024-06-17T17:33:30+00:00\" \/>\n<meta property=\"article:modified_time\" content=\"2026-02-05T14:13:06+00:00\" \/>\n<meta property=\"og:image\" content=\"https:\/\/geziyoo.co\/blog\/wp-content\/uploads\/2024\/06\/Dunyada-Yapilan-Festivaller-9.jpg\" \/>\n\t<meta property=\"og:image:width\" content=\"800\" \/>\n\t<meta property=\"og:image:height\" content=\"564\" \/>\n\t<meta property=\"og:image:type\" content=\"image\/jpeg\" \/>\n<meta name=\"author\" content=\"Geziyoo\" \/>\n<meta name=\"twitter:card\" content=\"summary_large_image\" \/>\n<meta name=\"twitter:creator\" content=\"@https:\/\/twitter.com\/geziyoo\" \/>\n<meta name=\"twitter:site\" content=\"@geziyoo\" \/>\n<meta name=\"twitter:label1\" content=\"Yazan:\" \/>\n\t<meta name=\"twitter:data1\" content=\"Geziyoo\" \/>\n\t<meta name=\"twitter:label2\" content=\"Tahmini okuma s\u00fcresi\" \/>\n\t<meta name=\"twitter:data2\" content=\"8 dakika\" \/>\n<script type=\"application\/ld+json\" class=\"yoast-schema-graph\">{\"@context\":\"https:\/\/schema.org\",\"@graph\":[{\"@type\":\"Article\",\"@id\":\"https:\/\/geziyoo.co\/blog\/dunyada-yapilan-festivaller\/#article\",\"isPartOf\":{\"@id\":\"https:\/\/geziyoo.co\/blog\/dunyada-yapilan-festivaller\/\"},\"author\":{\"name\":\"Geziyoo\",\"@id\":\"https:\/\/geziyoo.co\/blog\/#\/schema\/person\/032acb2436540ed14784e7d978aef0e4\"},\"headline\":\"D\u00fcnya&#8217;da Yap\u0131lan Festivaller, 10 \u00c7\u0131lg\u0131n Festival\",\"datePublished\":\"2024-06-17T17:33:30+00:00\",\"dateModified\":\"2026-02-05T14:13:06+00:00\",\"mainEntityOfPage\":{\"@id\":\"https:\/\/geziyoo.co\/blog\/dunyada-yapilan-festivaller\/\"},\"wordCount\":1351,\"commentCount\":0,\"publisher\":{\"@id\":\"https:\/\/geziyoo.co\/blog\/#organization\"},\"image\":{\"@id\":\"https:\/\/geziyoo.co\/blog\/dunyada-yapilan-festivaller\/#primaryimage\"},\"thumbnailUrl\":\"https:\/\/geziyoo.co\/blog\/wp-content\/uploads\/2024\/06\/Dunyada-Yapilan-Festivaller-9.jpg\",\"articleSection\":[\"Gezi Rehberi\"],\"inLanguage\":\"tr\",\"potentialAction\":[{\"@type\":\"CommentAction\",\"name\":\"Comment\",\"target\":[\"https:\/\/geziyoo.co\/blog\/dunyada-yapilan-festivaller\/#respond\"]}]},{\"@type\":\"WebPage\",\"@id\":\"https:\/\/geziyoo.co\/blog\/dunyada-yapilan-festivaller\/\",\"url\":\"https:\/\/geziyoo.co\/blog\/dunyada-yapilan-festivaller\/\",\"name\":\"D\u00fcnya'da Yap\u0131lan Festivaller, 10 \u00c7\u0131lg\u0131n Festival | Geziyoo\",\"isPartOf\":{\"@id\":\"https:\/\/geziyoo.co\/blog\/#website\"},\"primaryImageOfPage\":{\"@id\":\"https:\/\/geziyoo.co\/blog\/dunyada-yapilan-festivaller\/#primaryimage\"},\"image\":{\"@id\":\"https:\/\/geziyoo.co\/blog\/dunyada-yapilan-festivaller\/#primaryimage\"},\"thumbnailUrl\":\"https:\/\/geziyoo.co\/blog\/wp-content\/uploads\/2024\/06\/Dunyada-Yapilan-Festivaller-9.jpg\",\"datePublished\":\"2024-06-17T17:33:30+00:00\",\"dateModified\":\"2026-02-05T14:13:06+00:00\",\"description\":\"Merhaba festival tutkunlar\u0131! D\u00fcnya'da Yap\u0131lan Festivaller listemizle yeniden kar\u015f\u0131n\u0131zday\u0131z. Son zamanlarda hem bol bol geziyor hem de bol bol yaz\u0131yoruz\",\"breadcrumb\":{\"@id\":\"https:\/\/geziyoo.co\/blog\/dunyada-yapilan-festivaller\/#breadcrumb\"},\"inLanguage\":\"tr\",\"potentialAction\":[{\"@type\":\"ReadAction\",\"target\":[\"https:\/\/geziyoo.co\/blog\/dunyada-yapilan-festivaller\/\"]}]},{\"@type\":\"ImageObject\",\"inLanguage\":\"tr\",\"@id\":\"https:\/\/geziyoo.co\/blog\/dunyada-yapilan-festivaller\/#primaryimage\",\"url\":\"https:\/\/geziyoo.co\/blog\/wp-content\/uploads\/2024\/06\/Dunyada-Yapilan-Festivaller-9.jpg\",\"contentUrl\":\"https:\/\/geziyoo.co\/blog\/wp-content\/uploads\/2024\/06\/Dunyada-Yapilan-Festivaller-9.jpg\",\"width\":800,\"height\":564},{\"@type\":\"BreadcrumbList\",\"@id\":\"https:\/\/geziyoo.co\/blog\/dunyada-yapilan-festivaller\/#breadcrumb\",\"itemListElement\":[{\"@type\":\"ListItem\",\"position\":1,\"name\":\"Ana sayfa\",\"item\":\"https:\/\/geziyoo.co\/blog\/\"},{\"@type\":\"ListItem\",\"position\":2,\"name\":\"D\u00fcnya&#8217;da Yap\u0131lan Festivaller, 10 \u00c7\u0131lg\u0131n Festival\"}]},{\"@type\":\"WebSite\",\"@id\":\"https:\/\/geziyoo.co\/blog\/#website\",\"url\":\"https:\/\/geziyoo.co\/blog\/\",\"name\":\"Geziyoo Blog\",\"description\":\"GeziYoo Blog&#039;da T\u00fcrkiye&#039;nin en iyi kamp alanlar\u0131ndan bungalov tatillerine, karavan ipu\u00e7lar\u0131ndan gezi rehberlerine kadar her t\u00fcrl\u00fc do\u011fa deneyimini ke\u015ffedin.\",\"publisher\":{\"@id\":\"https:\/\/geziyoo.co\/blog\/#organization\"},\"potentialAction\":[{\"@type\":\"SearchAction\",\"target\":{\"@type\":\"EntryPoint\",\"urlTemplate\":\"https:\/\/geziyoo.co\/blog\/?s={search_term_string}\"},\"query-input\":{\"@type\":\"PropertyValueSpecification\",\"valueRequired\":true,\"valueName\":\"search_term_string\"}}],\"inLanguage\":\"tr\"},{\"@type\":\"Organization\",\"@id\":\"https:\/\/geziyoo.co\/blog\/#organization\",\"name\":\"Geziyoo.co\",\"url\":\"https:\/\/geziyoo.co\/blog\/\",\"logo\":{\"@type\":\"ImageObject\",\"inLanguage\":\"tr\",\"@id\":\"https:\/\/geziyoo.co\/blog\/#\/schema\/logo\/image\/\",\"url\":\"https:\/\/geziyoo.co\/blog\/wp-content\/uploads\/2025\/01\/Paragraf-metniniz-3.png\",\"contentUrl\":\"https:\/\/geziyoo.co\/blog\/wp-content\/uploads\/2025\/01\/Paragraf-metniniz-3.png\",\"width\":270,\"height\":50,\"caption\":\"Geziyoo.co\"},\"image\":{\"@id\":\"https:\/\/geziyoo.co\/blog\/#\/schema\/logo\/image\/\"},\"sameAs\":[\"https:\/\/www.facebook.com\/Geziyooco\",\"https:\/\/x.com\/geziyoo\",\"https:\/\/tr.pinterest.com\/geziyooco\/\",\"https:\/\/www.youtube.com\/@geziyoo\",\"https:\/\/www.instagram.com\/geziyoo.co\/\"]},{\"@type\":\"Person\",\"@id\":\"https:\/\/geziyoo.co\/blog\/#\/schema\/person\/032acb2436540ed14784e7d978aef0e4\",\"name\":\"Geziyoo\",\"image\":{\"@type\":\"ImageObject\",\"inLanguage\":\"tr\",\"@id\":\"https:\/\/geziyoo.co\/blog\/#\/schema\/person\/image\/\",\"url\":\"https:\/\/secure.gravatar.com\/avatar\/ae212a4514471fdb8cab6e5af4f3c99b940a2d0a16713ea0392c8d7c8a64f30a?s=96&d=mm&r=g\",\"contentUrl\":\"https:\/\/secure.gravatar.com\/avatar\/ae212a4514471fdb8cab6e5af4f3c99b940a2d0a16713ea0392c8d7c8a64f30a?s=96&d=mm&r=g\",\"caption\":\"Geziyoo\"},\"description\":\"Do\u011fa ile i\u00e7 i\u00e7e olabilece\u011finiz yerler,do\u011fa aktivite alanlar\u0131,kamp alanlar\u0131,bungalov oteller,Tiny House Oteller, Galampingler ve da\u011f evlerinin herkes i\u00e7in ula\u015f\u0131labilir olmas\u0131n\u0131 sa\u011flamak amac\u0131yla Geziyoo\u2019ya 2019 y\u0131l\u0131nda ba\u015flad\u0131k.Do\u011fal Tatil konseptini uygulayan en geni\u015f kapsaml\u0131 sitedir.\",\"sameAs\":[\"https:\/\/geziyoo.co\/\",\"https:\/\/www.facebook.com\/geziyoo.co\",\"https:\/\/www.instagram.com\/geziyoo.co\/\",\"https:\/\/tr.pinterest.com\/geziyooco\/\",\"https:\/\/x.com\/https:\/\/twitter.com\/geziyoo\",\"https:\/\/www.youtube.com\/channel\/UCdiSMa6pe17KEY7DP1Ug4ag\"]}]}<\/script>\n<!-- \/ Yoast SEO plugin. -->","yoast_head_json":{"title":"D\u00fcnya'da Yap\u0131lan Festivaller, 10 \u00c7\u0131lg\u0131n Festival | Geziyoo","description":"Merhaba festival tutkunlar\u0131! D\u00fcnya'da Yap\u0131lan Festivaller listemizle yeniden kar\u015f\u0131n\u0131zday\u0131z. Son zamanlarda hem bol bol geziyor hem de bol bol yaz\u0131yoruz","robots":{"index":"index","follow":"follow","max-snippet":"max-snippet:-1","max-image-preview":"max-image-preview:large","max-video-preview":"max-video-preview:-1"},"canonical":"https:\/\/geziyoo.co\/blog\/dunyada-yapilan-festivaller\/","og_locale":"tr_TR","og_type":"article","og_title":"D\u00fcnya'da Yap\u0131lan Festivaller, 10 \u00c7\u0131lg\u0131n Festival | Geziyoo","og_description":"Merhaba festival tutkunlar\u0131! D\u00fcnya'da Yap\u0131lan Festivaller listemizle yeniden kar\u015f\u0131n\u0131zday\u0131z. Son zamanlarda hem bol bol geziyor hem de bol bol yaz\u0131yoruz","og_url":"https:\/\/geziyoo.co\/blog\/dunyada-yapilan-festivaller\/","og_site_name":"Geziyoo.co","article_publisher":"https:\/\/www.facebook.com\/Geziyooco","article_author":"https:\/\/www.facebook.com\/geziyoo.co","article_published_time":"2024-06-17T17:33:30+00:00","article_modified_time":"2026-02-05T14:13:06+00:00","og_image":[{"width":800,"height":564,"url":"https:\/\/geziyoo.co\/blog\/wp-content\/uploads\/2024\/06\/Dunyada-Yapilan-Festivaller-9.jpg","type":"image\/jpeg"}],"author":"Geziyoo","twitter_card":"summary_large_image","twitter_creator":"@https:\/\/twitter.com\/geziyoo","twitter_site":"@geziyoo","twitter_misc":{"Yazan:":"Geziyoo","Tahmini okuma s\u00fcresi":"8 dakika"},"schema":{"@context":"https:\/\/schema.org","@graph":[{"@type":"Article","@id":"https:\/\/geziyoo.co\/blog\/dunyada-yapilan-festivaller\/#article","isPartOf":{"@id":"https:\/\/geziyoo.co\/blog\/dunyada-yapilan-festivaller\/"},"author":{"name":"Geziyoo","@id":"https:\/\/geziyoo.co\/blog\/#\/schema\/person\/032acb2436540ed14784e7d978aef0e4"},"headline":"D\u00fcnya&#8217;da Yap\u0131lan Festivaller, 10 \u00c7\u0131lg\u0131n Festival","datePublished":"2024-06-17T17:33:30+00:00","dateModified":"2026-02-05T14:13:06+00:00","mainEntityOfPage":{"@id":"https:\/\/geziyoo.co\/blog\/dunyada-yapilan-festivaller\/"},"wordCount":1351,"commentCount":0,"publisher":{"@id":"https:\/\/geziyoo.co\/blog\/#organization"},"image":{"@id":"https:\/\/geziyoo.co\/blog\/dunyada-yapilan-festivaller\/#primaryimage"},"thumbnailUrl":"https:\/\/geziyoo.co\/blog\/wp-content\/uploads\/2024\/06\/Dunyada-Yapilan-Festivaller-9.jpg","articleSection":["Gezi Rehberi"],"inLanguage":"tr","potentialAction":[{"@type":"CommentAction","name":"Comment","target":["https:\/\/geziyoo.co\/blog\/dunyada-yapilan-festivaller\/#respond"]}]},{"@type":"WebPage","@id":"https:\/\/geziyoo.co\/blog\/dunyada-yapilan-festivaller\/","url":"https:\/\/geziyoo.co\/blog\/dunyada-yapilan-festivaller\/","name":"D\u00fcnya'da Yap\u0131lan Festivaller, 10 \u00c7\u0131lg\u0131n Festival | Geziyoo","isPartOf":{"@id":"https:\/\/geziyoo.co\/blog\/#website"},"primaryImageOfPage":{"@id":"https:\/\/geziyoo.co\/blog\/dunyada-yapilan-festivaller\/#primaryimage"},"image":{"@id":"https:\/\/geziyoo.co\/blog\/dunyada-yapilan-festivaller\/#primaryimage"},"thumbnailUrl":"https:\/\/geziyoo.co\/blog\/wp-content\/uploads\/2024\/06\/Dunyada-Yapilan-Festivaller-9.jpg","datePublished":"2024-06-17T17:33:30+00:00","dateModified":"2026-02-05T14:13:06+00:00","description":"Merhaba festival tutkunlar\u0131! D\u00fcnya'da Yap\u0131lan Festivaller listemizle yeniden kar\u015f\u0131n\u0131zday\u0131z. Son zamanlarda hem bol bol geziyor hem de bol bol yaz\u0131yoruz","breadcrumb":{"@id":"https:\/\/geziyoo.co\/blog\/dunyada-yapilan-festivaller\/#breadcrumb"},"inLanguage":"tr","potentialAction":[{"@type":"ReadAction","target":["https:\/\/geziyoo.co\/blog\/dunyada-yapilan-festivaller\/"]}]},{"@type":"ImageObject","inLanguage":"tr","@id":"https:\/\/geziyoo.co\/blog\/dunyada-yapilan-festivaller\/#primaryimage","url":"https:\/\/geziyoo.co\/blog\/wp-content\/uploads\/2024\/06\/Dunyada-Yapilan-Festivaller-9.jpg","contentUrl":"https:\/\/geziyoo.co\/blog\/wp-content\/uploads\/2024\/06\/Dunyada-Yapilan-Festivaller-9.jpg","width":800,"height":564},{"@type":"BreadcrumbList","@id":"https:\/\/geziyoo.co\/blog\/dunyada-yapilan-festivaller\/#breadcrumb","itemListElement":[{"@type":"ListItem","position":1,"name":"Ana sayfa","item":"https:\/\/geziyoo.co\/blog\/"},{"@type":"ListItem","position":2,"name":"D\u00fcnya&#8217;da Yap\u0131lan Festivaller, 10 \u00c7\u0131lg\u0131n Festival"}]},{"@type":"WebSite","@id":"https:\/\/geziyoo.co\/blog\/#website","url":"https:\/\/geziyoo.co\/blog\/","name":"Geziyoo Blog","description":"GeziYoo Blog&#039;da T\u00fcrkiye&#039;nin en iyi kamp alanlar\u0131ndan bungalov tatillerine, karavan ipu\u00e7lar\u0131ndan gezi rehberlerine kadar her t\u00fcrl\u00fc do\u011fa deneyimini ke\u015ffedin.","publisher":{"@id":"https:\/\/geziyoo.co\/blog\/#organization"},"potentialAction":[{"@type":"SearchAction","target":{"@type":"EntryPoint","urlTemplate":"https:\/\/geziyoo.co\/blog\/?s={search_term_string}"},"query-input":{"@type":"PropertyValueSpecification","valueRequired":true,"valueName":"search_term_string"}}],"inLanguage":"tr"},{"@type":"Organization","@id":"https:\/\/geziyoo.co\/blog\/#organization","name":"Geziyoo.co","url":"https:\/\/geziyoo.co\/blog\/","logo":{"@type":"ImageObject","inLanguage":"tr","@id":"https:\/\/geziyoo.co\/blog\/#\/schema\/logo\/image\/","url":"https:\/\/geziyoo.co\/blog\/wp-content\/uploads\/2025\/01\/Paragraf-metniniz-3.png","contentUrl":"https:\/\/geziyoo.co\/blog\/wp-content\/uploads\/2025\/01\/Paragraf-metniniz-3.png","width":270,"height":50,"caption":"Geziyoo.co"},"image":{"@id":"https:\/\/geziyoo.co\/blog\/#\/schema\/logo\/image\/"},"sameAs":["https:\/\/www.facebook.com\/Geziyooco","https:\/\/x.com\/geziyoo","https:\/\/tr.pinterest.com\/geziyooco\/","https:\/\/www.youtube.com\/@geziyoo","https:\/\/www.instagram.com\/geziyoo.co\/"]},{"@type":"Person","@id":"https:\/\/geziyoo.co\/blog\/#\/schema\/person\/032acb2436540ed14784e7d978aef0e4","name":"Geziyoo","image":{"@type":"ImageObject","inLanguage":"tr","@id":"https:\/\/geziyoo.co\/blog\/#\/schema\/person\/image\/","url":"https:\/\/secure.gravatar.com\/avatar\/ae212a4514471fdb8cab6e5af4f3c99b940a2d0a16713ea0392c8d7c8a64f30a?s=96&d=mm&r=g","contentUrl":"https:\/\/secure.gravatar.com\/avatar\/ae212a4514471fdb8cab6e5af4f3c99b940a2d0a16713ea0392c8d7c8a64f30a?s=96&d=mm&r=g","caption":"Geziyoo"},"description":"Do\u011fa ile i\u00e7 i\u00e7e olabilece\u011finiz yerler,do\u011fa aktivite alanlar\u0131,kamp alanlar\u0131,bungalov oteller,Tiny House Oteller, Galampingler ve da\u011f evlerinin herkes i\u00e7in ula\u015f\u0131labilir olmas\u0131n\u0131 sa\u011flamak amac\u0131yla Geziyoo\u2019ya 2019 y\u0131l\u0131nda ba\u015flad\u0131k.Do\u011fal Tatil konseptini uygulayan en geni\u015f kapsaml\u0131 sitedir.","sameAs":["https:\/\/geziyoo.co\/","https:\/\/www.facebook.com\/geziyoo.co","https:\/\/www.instagram.com\/geziyoo.co\/","https:\/\/tr.pinterest.com\/geziyooco\/","https:\/\/x.com\/https:\/\/twitter.com\/geziyoo","https:\/\/www.youtube.com\/channel\/UCdiSMa6pe17KEY7DP1Ug4ag"]}]}},"amp_enabled":true,"_links":{"self":[{"href":"https:\/\/geziyoo.co\/blog\/wp-json\/wp\/v2\/posts\/18390","targetHints":{"allow":["GET"]}}],"collection":[{"href":"https:\/\/geziyoo.co\/blog\/wp-json\/wp\/v2\/posts"}],"about":[{"href":"https:\/\/geziyoo.co\/blog\/wp-json\/wp\/v2\/types\/post"}],"author":[{"embeddable":true,"href":"https:\/\/geziyoo.co\/blog\/wp-json\/wp\/v2\/users\/1"}],"replies":[{"embeddable":true,"href":"https:\/\/geziyoo.co\/blog\/wp-json\/wp\/v2\/comments?post=18390"}],"version-history":[{"count":0,"href":"https:\/\/geziyoo.co\/blog\/wp-json\/wp\/v2\/posts\/18390\/revisions"}],"wp:featuredmedia":[{"embeddable":true,"href":"https:\/\/geziyoo.co\/blog\/wp-json\/wp\/v2\/media\/18400"}],"wp:attachment":[{"href":"https:\/\/geziyoo.co\/blog\/wp-json\/wp\/v2\/media?parent=18390"}],"wp:term":[{"taxonomy":"category","embeddable":true,"href":"https:\/\/geziyoo.co\/blog\/wp-json\/wp\/v2\/categories?post=18390"},{"taxonomy":"post_tag","embeddable":true,"href":"https:\/\/geziyoo.co\/blog\/wp-json\/wp\/v2\/tags?post=18390"}],"curies":[{"name":"wp","href":"https:\/\/api.w.org\/{rel}","templated":true}]}}