{"id":18185,"date":"2024-06-09T04:42:42","date_gmt":"2024-06-09T04:42:42","guid":{"rendered":"https:\/\/geziyoo.co\/blog\/?p=18185"},"modified":"2026-02-04T12:03:04","modified_gmt":"2026-02-04T12:03:04","slug":"ekincik-kamp-alanlari-ve-karavan-alanlari","status":"publish","type":"post","link":"https:\/\/geziyoo.co\/blog\/ekincik-kamp-alanlari-ve-karavan-alanlari\/","title":{"rendered":"Ekincik Koyu ve \u00c7evresi Denize S\u0131f\u0131r 6 Kamp Noktas\u0131 (Konum ve \u0130pu\u00e7lar\u0131)"},"content":{"rendered":"\n<p><strong>Ekincik<\/strong>, K\u00f6yce\u011fiz merkeze 35-40 km uzakl\u0131kta, g\u00f6l\u00fcn bitti\u011fi yerde da\u011flar\u0131n arkas\u0131na saklanm\u0131\u015f e\u015fsiz bir koydur. Yol boyunca g\u00f6rece\u011finiz manzaralar, K\u00f6yce\u011fiz G\u00f6l\u00fc ve Dalyan Deltas\u0131&#8217;n\u0131n ku\u015f bak\u0131\u015f\u0131 g\u00f6r\u00fcnt\u00fcs\u00fcyle ba\u015flar, Ekincik&#8217;in turkuaz sular\u0131nda biter. Buras\u0131 kitle turizminden ziyade, do\u011fayla b\u00fct\u00fcnle\u015fmek isteyen karavanc\u0131lar\u0131n ve \u00e7ad\u0131rc\u0131lar\u0131n s\u0131\u011f\u0131na\u011f\u0131d\u0131r.<\/p>\n\n\n\n<p>B\u00f6lgedeki kamp k\u00fclt\u00fcr\u00fc ikiye ayr\u0131l\u0131r: Bir yanda T\u00fcrkiye&#8217;nin en g\u00fczel konumlu belediye i\u015fletmelerinden biri olan <strong>Ekincik (Salk\u0131m) Kamping<\/strong> gibi d\u00fczenli alanlar, di\u011fer yanda ise yolu zorlu oldu\u011fu i\u00e7in herkesin gidemedi\u011fi <strong>Karg\u0131cak<\/strong> veya <strong>A\u015f\u0131 Koyu<\/strong> gibi vah\u015fi g\u00fczellikler. Ekincik&#8217;in denizi genellikle dalgas\u0131zd\u0131r ve plaj\u0131 olduk\u00e7a uzundur.<\/p>\n\n\n\n<p>Biz Geziyoo olarak, \u00e7am bal\u0131 kokular\u0131 aras\u0131nda uyanabilece\u011finiz en stratejik noktalar\u0131 se\u00e7tik. Listemizde, elektri\u011fi suyu olan konforlu tesisleri de, telefonun zor \u00e7ekti\u011fi macera rotalar\u0131n\u0131 da bir araya getirdik.<\/p>\n\n\n\n<p>\u0130ster <strong>Saturnia&#8217;da<\/strong> aile s\u0131cakl\u0131\u011f\u0131 ya\u015fay\u0131n, ister <strong>Karg\u0131cak&#8217;ta<\/strong> Robinson Crusoe olun; yan\u0131n\u0131za mutlaka sivrisinek ilac\u0131 (orman i\u00e7i oldu\u011fu i\u00e7in) ve deniz ayakkab\u0131s\u0131 almay\u0131 unutmay\u0131n. \u0130\u015fte Ekincik\u2019in en iyi 6 kamp dura\u011f\u0131:<\/p>\n\n\n\n<p><strong>Dilerseniz\u00a0<em><a data-type=\"post\" data-id=\"6124\" href=\"https:\/\/geziyoo.co\/blog\/mugla-kamp-alanlari-ve-mugla-kamp-yerleri\/\">Mu\u011fla Kamp Alanlar\u0131<\/a>\u00a0<\/em>i\u00e7eri\u011fimizde Ekincik b\u00f6lgesinde yer alan di\u011fer kamp yerlerini inceleyebilirsiniz.<\/strong><\/p>\n\n\n\n<p>Ekincik&#8217;de unuttu\u011fumuz veya bilmedi\u011fimiz&nbsp;\u00c7ad\u0131r ve Karavan Kamp alan\u0131&nbsp;var ise l\u00fctfen yorumlar k\u0131sm\u0131ndan bizlerle payla\u015f\u0131n.Ekincik haricinde Kamp Alan\u0131, Bungalov veya Da\u011f evi ar\u0131yorsan\u0131z ,&nbsp;<a href=\"https:\/\/geziyoo.co\/?select=Karavan+Kamp%C4%B1&amp;lp_s_loc=&amp;lp_s_tag=&amp;lp_s_cat=229&amp;s=home&amp;post_type=listing\"><em><strong>500\u2019den fazla Kamp ve Karavan Yeri<\/strong><\/em><\/a>&nbsp;sayfam\u0131za bakman\u0131z\u0131 tavsiye diyoruz.<\/p>\n\n\n\n<p>Fazla uzatmadan&nbsp;<strong>Ekincik Kamp Alanlar\u0131 ve Karavan Alanlar\u0131<\/strong>&nbsp;listemize ge\u00e7elim.Bu arada listemizde yer almayan kamp alanlar\u0131 var ise l\u00fctfen yorumlar k\u0131sm\u0131ndan bizlerle payla\u015f\u0131n.<\/p>\n\n\n\n<hr class=\"wp-block-separator has-css-opacity is-style-wide\"\/>\n\n\n\n<h2 class=\"wp-block-heading\">1.Ekincik Kamping<a href=\"https:\/\/geziyoo.co\/listing\/ekincik-kamping\/\"><\/a><\/h2>\n\n\n\n<figure class=\"wp-block-image\"><img decoding=\"async\" width=\"1024\" height=\"576\" data-src=\"https:\/\/geziyoo.co\/blog\/wp-content\/uploads\/2024\/06\/Ekincik-Kamping-3-1024x576.jpg\" alt=\"Ekincik Kamping 3\" class=\"wp-image-18180 lazyload\" title=\"Ekincik Bungalov Oteller ve Ekincik Bungalov Evler 12\" data-srcset=\"https:\/\/geziyoo.co\/blog\/wp-content\/uploads\/2024\/06\/Ekincik-Kamping-3-1024x576.jpg 1024w, https:\/\/geziyoo.co\/blog\/wp-content\/uploads\/2024\/06\/Ekincik-Kamping-3-300x169.jpg 300w, https:\/\/geziyoo.co\/blog\/wp-content\/uploads\/2024\/06\/Ekincik-Kamping-3-768x432.jpg 768w, https:\/\/geziyoo.co\/blog\/wp-content\/uploads\/2024\/06\/Ekincik-Kamping-3-390x220.jpg 390w, https:\/\/geziyoo.co\/blog\/wp-content\/uploads\/2024\/06\/Ekincik-Kamping-3-150x84.jpg 150w, https:\/\/geziyoo.co\/blog\/wp-content\/uploads\/2024\/06\/Ekincik-Kamping-3.jpg 1080w\" data-sizes=\"(max-width: 1024px) 100vw, 1024px\" src=\"data:image\/gif;base64,R0lGODlhAQABAAAAACH5BAEKAAEALAAAAAABAAEAAAICTAEAOw==\" style=\"--smush-placeholder-width: 1024px; --smush-placeholder-aspect-ratio: 1024\/576;\" \/><\/figure>\n\n\n\n<p>Mu\u011fla&#8217;n\u0131n pop\u00fcler K\u00f6yce\u011fiz il\u00e7esinde yer alan Ekincik Kamping, Ege Denizi&#8217;nin e\u015fsiz manzaras\u0131na s\u0131f\u0131r konumuyla do\u011fa severlerin g\u00f6zdesi haline gelmi\u015ftir. \u00c7ad\u0131r kamp\u0131, karavan kamp\u0131 ve bungalov ev se\u00e7enekleriyle konaklama imkan\u0131 sunan tesis, ziyaret\u00e7ilerine unutulmaz bir tatil deneyimi vadediyor.<\/p>\n\n\n\n<p>Ekincik Kamping&#8217;de konaklarken Ege Denizi&#8217;nin tad\u0131n\u0131 doyas\u0131ya \u00e7\u0131karabilirsiniz. Sandal, bot, kano veya tekne turlar\u0131yla masmavi sularda keyifli anlar ya\u015fayabilir, do\u011fan\u0131n g\u00fczelliklerini foto\u011fraflayabilir ve serin sularda y\u00fczmenin keyfini s\u00fcrebilirsiniz. Ayr\u0131ca Mu\u011fla ve K\u00f6yce\u011fiz y\u00f6resine \u00f6zg\u00fc lezzetleri tadabilece\u011finiz restoran ve bar, tatilinize ayr\u0131 bir renk katacak.<\/p>\n\n\n\n<p>Tesis, konforlu ve g\u00fcvenli bir konaklama i\u00e7in t\u00fcm detaylar\u0131 d\u00fc\u015f\u00fcnm\u00fc\u015ft\u00fcr. Tuvalet, banyo, elektrik ve su imkanlar\u0131 mevcuttur. Ayr\u0131ca odalarda sigara i\u00e7mek yasakt\u0131r. 0-6 ya\u015f aras\u0131 \u00e7ocuk kabul edilmeyen tesiste, evcil hayvan kabul\u00fc hakk\u0131nda bilgi almak i\u00e7in i\u015fletmeyle ileti\u015fime ge\u00e7ebilirsiniz. Market ihtiyac\u0131n\u0131z\u0131 kar\u015f\u0131lamak i\u00e7in tesise yak\u0131n bir market bulunmaktad\u0131r. Telefon ve internet eri\u015fimi sayesinde sevdiklerinizle ileti\u015fimde kalabilir, an\u0131lar\u0131n\u0131z\u0131 payla\u015fabilirsiniz.<\/p>\n\n\n\n<hr class=\"wp-block-separator has-alpha-channel-opacity is-style-wide\"\/>\n\n\n\n<ul id=\"block-c16ed969-a1c5-4fb8-8cd9-5df9c12ecc81\" class=\"wp-block-list\">\n<li><strong>Ekincik Kamping<\/strong>&nbsp;<strong>Adres<\/strong>&nbsp;:Ekincik, 48800 K\u00f6yce\u011fiz\/Mu\u011fla&nbsp;<strong><em><a href=\"https:\/\/www.google.com\/maps\/place\/Ekincik+Kamping\/@36.8310835,28.5488096,17z\/data=!4m13!1m2!2m1!1sekincik+camping!3m9!1s0x14bf8f6b1366803f:0x5ba956ae46c618d5!5m2!4m1!1i2!8m2!3d36.831392!4d28.5526645!15sCg9la2luY2lrIGNhbXBpbmeSAQpjYW1wZ3JvdW5k4AEA!16s%2Fg%2F11dyp2z5rr?entry=ttu\" target=\"_blank\" rel=\"noreferrer noopener\">Konum Bilgisi<\/a><\/em><\/strong><\/li>\n\n\n\n<li><strong>Ekincik Kamping<\/strong>&nbsp;<strong>Telefon<\/strong>&nbsp;: 0542 733 48 49<\/li>\n\n\n\n<li><strong>Ekincik Kamping<\/strong>&nbsp;<strong>Detayl\u0131 Bilgi :<\/strong>&nbsp;Detayl\u0131 bilgiler ve tan\u0131t\u0131m\u0131 i\u00e7in&nbsp;<strong><em><a href=\"https:\/\/geziyoo.co\/listing\/ekincik-kamping\/\">Ekincik Kamping<\/a><\/em><\/strong>&nbsp;sayfam\u0131za bak\u0131n\u0131z.<\/li>\n<\/ul>\n\n\n\n<hr class=\"wp-block-separator has-alpha-channel-opacity is-style-wide\"\/>\n\n\n\n<h2 class=\"wp-block-heading\">2.Nomad Ekincik<a href=\"https:\/\/geziyoo.co\/listing\/nomad-ekincik\/\"><\/a><\/h2>\n\n\n\n<figure class=\"wp-block-image size-full\"><img decoding=\"async\" width=\"800\" height=\"600\" data-src=\"https:\/\/geziyoo.co\/blog\/wp-content\/uploads\/2024\/06\/Nomad-Ekincik-1.jpg\" alt=\"\" class=\"wp-image-18188 lazyload\" data-srcset=\"https:\/\/geziyoo.co\/blog\/wp-content\/uploads\/2024\/06\/Nomad-Ekincik-1.jpg 800w, https:\/\/geziyoo.co\/blog\/wp-content\/uploads\/2024\/06\/Nomad-Ekincik-1-300x225.jpg 300w, https:\/\/geziyoo.co\/blog\/wp-content\/uploads\/2024\/06\/Nomad-Ekincik-1-768x576.jpg 768w, https:\/\/geziyoo.co\/blog\/wp-content\/uploads\/2024\/06\/Nomad-Ekincik-1-150x113.jpg 150w\" data-sizes=\"(max-width: 800px) 100vw, 800px\" src=\"data:image\/gif;base64,R0lGODlhAQABAAAAACH5BAEKAAEALAAAAAABAAEAAAICTAEAOw==\" style=\"--smush-placeholder-width: 800px; --smush-placeholder-aspect-ratio: 800\/600;\" \/><\/figure>\n\n\n\n<p>Ege&#8217;nin sakl\u0131 cenneti Ekincik Koyu&#8217;nda, do\u011fan\u0131n kalbinde unutulmaz bir tatil i\u00e7in sizi bekleyen e\u015fsiz bir glamping deneyimi var. Denize sadece 300 metre uzakl\u0131kta konumlanan bu \u00f6zel kamp alan\u0131, modern konforu ve do\u011fan\u0131n huzurunu bir araya getiren 9 adet \u00f6zenle tasarlanm\u0131\u015f dome \u00e7ad\u0131r ile misafirlerine benzersiz bir konaklama sunuyor.<\/p>\n\n\n\n<p>Her biri \u00f6zenle dekore edilmi\u015f dome \u00e7ad\u0131rlar, rahat yataklar\u0131, \u00f6zel banyolar\u0131 ve oturma alanlar\u0131yla konforlu bir konaklama deneyimi ya\u015fat\u0131rken, ayn\u0131 zamanda do\u011fan\u0131n i\u00e7inde olma hissini de unutturmuyor. \u00c7am a\u011fa\u00e7lar\u0131n\u0131n aras\u0131nda ku\u015f sesleriyle uyanmak, mis gibi \u00e7am kokusunu i\u00e7inize \u00e7ekmek ve do\u011fan\u0131n t\u00fcm renkleriyle g\u00fcne ba\u015flamak i\u00e7in ideal bir ortam sunuyor.<\/p>\n\n\n\n<p>Ekincik Konaklama&#8217;da sadece konforlu bir konaklama de\u011fil, ayn\u0131 zamanda ke\u015fif dolu aktivitelerle dolu bir tatil sizi bekliyor. Karia Yolu y\u00fcr\u00fcy\u00fc\u015f rotalar\u0131nda do\u011fa y\u00fcr\u00fcy\u00fc\u015fleri yapabilir, bisiklet parkurlar\u0131nda keyifli turlar atabilir veya size \u00f6zel d\u00fczenlenen sea kayak, trekking, kapl\u0131ca ve tekne turlar\u0131yla tatilinizi renklendirebilirsiniz.<\/p>\n\n\n\n<p>Ekincik Koyu&#8217;nun e\u015fsiz do\u011fas\u0131nda, ku\u015f sesleri ve \u00e7am kokular\u0131 e\u015fli\u011finde huzur dolu bir tatil ge\u00e7irmek, ayn\u0131 zamanda modern konfordan \u00f6d\u00fcn vermemek i\u00e7in Ekincik Konaklama&#8217;da yerinizi ay\u0131rt\u0131n. Do\u011fan\u0131n kalbinde, l\u00fcks ve konforlu bir glamping deneyimiyle unutulmaz an\u0131lar biriktirmek i\u00e7in daha ne bekliyorsunuz?<\/p>\n\n\n\n<hr class=\"wp-block-separator has-alpha-channel-opacity is-style-wide\"\/>\n\n\n\n<ul id=\"block-c16ed969-a1c5-4fb8-8cd9-5df9c12ecc81\" class=\"wp-block-list\">\n<li><strong>Nomad Ekincik<\/strong>&nbsp;<strong>Adres<\/strong>&nbsp;:Ova, 13 Sok No 3, 48800 K\u00f6yce\u011fiz\/Mu\u011fla&nbsp;<strong><em><a href=\"https:\/\/www.google.com\/maps?daddr=36.83427569210754,28.551800926999384\" target=\"_blank\" rel=\"noreferrer noopener\">Konum Bilgisi<\/a><\/em><\/strong><\/li>\n\n\n\n<li><strong>Nomad Ekincik<\/strong> <strong>Telefon<\/strong>&nbsp;: 0546 122 88 08<\/li>\n\n\n\n<li><strong>Nomad Ekincik<\/strong>&nbsp;<strong>Detayl\u0131 Bilgi :<\/strong>&nbsp;Detayl\u0131 bilgiler ve tan\u0131t\u0131m\u0131 i\u00e7in&nbsp;<strong><em><a href=\"https:\/\/geziyoo.co\/listing\/nomad-ekincik\/\">Nomad Ekincik<\/a><\/em><\/strong>&nbsp;sayfam\u0131za bak\u0131n\u0131z.<\/li>\n<\/ul>\n\n\n\n<hr class=\"wp-block-separator has-alpha-channel-opacity is-style-wide\"\/>\n\n\n\n<h2 class=\"wp-block-heading\">3.Salk\u0131m Camping<a href=\"https:\/\/geziyoo.co\/listing\/salkim-camping\/\"><\/a><\/h2>\n\n\n\n<figure class=\"wp-block-image size-full\"><img decoding=\"async\" width=\"800\" height=\"600\" data-src=\"https:\/\/geziyoo.co\/blog\/wp-content\/uploads\/2024\/06\/Salkim-Camping-4.jpg\" alt=\"\" class=\"wp-image-18189 lazyload\" data-srcset=\"https:\/\/geziyoo.co\/blog\/wp-content\/uploads\/2024\/06\/Salkim-Camping-4.jpg 800w, https:\/\/geziyoo.co\/blog\/wp-content\/uploads\/2024\/06\/Salkim-Camping-4-300x225.jpg 300w, https:\/\/geziyoo.co\/blog\/wp-content\/uploads\/2024\/06\/Salkim-Camping-4-768x576.jpg 768w, https:\/\/geziyoo.co\/blog\/wp-content\/uploads\/2024\/06\/Salkim-Camping-4-150x113.jpg 150w\" data-sizes=\"(max-width: 800px) 100vw, 800px\" src=\"data:image\/gif;base64,R0lGODlhAQABAAAAACH5BAEKAAEALAAAAAABAAEAAAICTAEAOw==\" style=\"--smush-placeholder-width: 800px; --smush-placeholder-aspect-ratio: 800\/600;\" \/><\/figure>\n\n\n\n<p>Ye\u015filin ve mavinin kucakla\u015ft\u0131\u011f\u0131 b\u00fcy\u00fcleyici Ekincik Koyu&#8217;nda, do\u011fayla i\u00e7 i\u00e7e unutulmaz bir kamp deneyimi ya\u015famak isteyenler i\u00e7in Salk\u0131m Camping m\u00fckemmel bir se\u00e7enek sunuyor. K\u00f6yce\u011fiz&#8217;in huzurlu atmosferinde, denize s\u0131f\u0131r konumuyla dikkat \u00e7eken tesis, hem konaklama hem de sundu\u011fu olanaklarla kamp severlerin beklentilerini fazlas\u0131yla kar\u015f\u0131l\u0131yor.<\/p>\n\n\n\n<p>K\u00f6yce\u011fiz&#8217;in Ekincik Mahallesi&#8217;nde yer alan Salk\u0131m Camping&#8217;e ula\u015f\u0131m olduk\u00e7a kolay. Yaz sezonunda K\u00f6yce\u011fiz&#8217;den kalkan belediye otob\u00fcsleriyle veya kendi \u00f6zel arac\u0131n\u0131zla tesise rahatl\u0131kla ula\u015fabilirsiniz. \u00d6zel ara\u00e7la gelen misafirler i\u00e7in otopark hizmeti de sunulmaktad\u0131r.<\/p>\n\n\n\n<p>Salk\u0131m Camping, konaklama tercihlerinize g\u00f6re farkl\u0131 alternatifler sunuyor. Kendi \u00e7ad\u0131r\u0131n\u0131zla gelerek do\u011fan\u0131n tad\u0131n\u0131 doyas\u0131ya \u00e7\u0131karabilir veya karavan\u0131n\u0131zla konforlu bir kamp deneyimi ya\u015fayabilirsiniz.<\/p>\n\n\n\n<p>Tesis, konaklama t\u00fcr\u00fc ne olursa olsun misafirlerine konforlu bir deneyim sunmak i\u00e7in \u00e7e\u015fitli hizmetler sa\u011fl\u0131yor. Ortak kullan\u0131m alanlar\u0131nda market, elektrik, du\u015f, tuvalet, s\u0131cak su ve internet ba\u011flant\u0131s\u0131 gibi temel ihtiya\u00e7lar\u0131n\u0131z\u0131 kar\u015f\u0131layabilirsiniz. Ayr\u0131ca ek bir \u00fccret kar\u015f\u0131l\u0131\u011f\u0131nda buzdolab\u0131, \u00e7ama\u015f\u0131r makinesi ve \u015fezlong gibi olanaklardan da yararlanabilirsiniz.<\/p>\n\n\n\n<hr class=\"wp-block-separator has-alpha-channel-opacity is-style-wide\"\/>\n\n\n\n<ul id=\"block-c16ed969-a1c5-4fb8-8cd9-5df9c12ecc81\" class=\"wp-block-list\">\n<li><strong>Salk\u0131m Camping<\/strong>&nbsp;<strong>Adres<\/strong>&nbsp;:&nbsp;Ekincik, 48800 K\u00f6yce\u011fiz\/Mu\u011fla&nbsp;<strong><em><a href=\"https:\/\/www.google.com\/maps?daddr=36.831303468700064,28.55221246139111\" target=\"_blank\" rel=\"noreferrer noopener\">Konum Bilgisi<\/a><\/em><\/strong><\/li>\n\n\n\n<li><strong>Salk\u0131m Camping<\/strong> <strong>Telefon<\/strong>&nbsp;: 0535 549 02 28<\/li>\n\n\n\n<li><strong>Salk\u0131m Camping<\/strong> <strong>Detayl\u0131 Bilgi :<\/strong>&nbsp;Detayl\u0131 bilgiler ve tan\u0131t\u0131m\u0131 i\u00e7in&nbsp;<strong><em><a href=\"https:\/\/geziyoo.co\/listing\/salkim-camping\/\">Salk\u0131m Camping<\/a><\/em><\/strong><\/li>\n<\/ul>\n\n\n\n<hr class=\"wp-block-separator has-alpha-channel-opacity is-style-wide\"\/>\n\n\n\n<h2 class=\"wp-block-heading\">4.Zeytinlik Kamp Olivium<a href=\"https:\/\/geziyoo.co\/listing\/zeytinlik-kamp-olivium\/\"><\/a><\/h2>\n\n\n\n<figure class=\"wp-block-image size-full\"><img decoding=\"async\" width=\"800\" height=\"450\" data-src=\"https:\/\/geziyoo.co\/blog\/wp-content\/uploads\/2024\/06\/Zeytinlik-Kamp-Olivium-4.jpg\" alt=\"\" class=\"wp-image-18191 lazyload\" data-srcset=\"https:\/\/geziyoo.co\/blog\/wp-content\/uploads\/2024\/06\/Zeytinlik-Kamp-Olivium-4.jpg 800w, https:\/\/geziyoo.co\/blog\/wp-content\/uploads\/2024\/06\/Zeytinlik-Kamp-Olivium-4-300x169.jpg 300w, https:\/\/geziyoo.co\/blog\/wp-content\/uploads\/2024\/06\/Zeytinlik-Kamp-Olivium-4-768x432.jpg 768w, https:\/\/geziyoo.co\/blog\/wp-content\/uploads\/2024\/06\/Zeytinlik-Kamp-Olivium-4-390x220.jpg 390w, https:\/\/geziyoo.co\/blog\/wp-content\/uploads\/2024\/06\/Zeytinlik-Kamp-Olivium-4-150x84.jpg 150w\" data-sizes=\"(max-width: 800px) 100vw, 800px\" src=\"data:image\/gif;base64,R0lGODlhAQABAAAAACH5BAEKAAEALAAAAAABAAEAAAICTAEAOw==\" style=\"--smush-placeholder-width: 800px; --smush-placeholder-aspect-ratio: 800\/450;\" \/><\/figure>\n\n\n\n<p>Ege&#8217;nin sakl\u0131 cenneti K\u00f6yce\u011fiz Ekincik&#8217;te, zeytin a\u011fa\u00e7lar\u0131n\u0131n aras\u0131nda huzur dolu bir kamp deneyimi arayanlar i\u00e7in Zeytinlik Kamp Olivium kap\u0131lar\u0131n\u0131 a\u00e7\u0131yor. Do\u011fan\u0131n kalbinde modern olanaklarla donat\u0131lm\u0131\u015f bu kamp alan\u0131, unutulmaz an\u0131lar biriktirmek isteyen do\u011fa severler i\u00e7in ideal bir se\u00e7enek.<\/p>\n\n\n\n<p>Zeytinlik Kamp Olivium, geni\u015f \u00e7ad\u0131r kamp alan\u0131yla misafirlerine do\u011fayla i\u00e7 i\u00e7e konaklama imkan\u0131 sunuyor. Kamp alan\u0131nda yer alan piknik masalar\u0131 ve g\u00f6lgelik alanlar, keyifli \u00f6\u011fle ve ak\u015fam yemekleri i\u00e7in m\u00fckemmel bir ortam olu\u015ftururken, hamaklar ve sal\u0131ncaklar dinlenmek ve do\u011fan\u0131n tad\u0131n\u0131 \u00e7\u0131karmak i\u00e7in ideal. Ayr\u0131ca tesisin restoran\u0131nda y\u00f6resel lezzetleri deneyimleyerek damaklar\u0131n\u0131z\u0131 \u015fenlendirebilirsiniz.<\/p>\n\n\n\n<p>Zeytinlik Kamp Olivium, hijyen konusunda da \u00f6zenli davran\u0131yor. Temiz tuvaletler ve s\u0131cak su bulunan du\u015flar sayesinde konforlu bir kamp deneyimi ya\u015fayabilirsiniz. Elektrik ba\u011flant\u0131s\u0131 sayesinde elektronik cihazlar\u0131n\u0131z\u0131 \u015farj edebilir, mutfak ve bula\u015f\u0131k y\u0131kama alan\u0131nda kendi yemeklerinizi haz\u0131rlayabilirsiniz.<\/p>\n\n\n\n<p>Kamp alan\u0131nda bulunan ocaklar sayesinde ate\u015f ba\u015f\u0131nda keyifli sohbetler edebilir, y\u0131ld\u0131zlar\u0131n alt\u0131nda unutulmaz an\u0131lar biriktirebilirsiniz. K\u00f6yce\u011fiz&#8217;in do\u011fal g\u00fczellikleriyle \u00e7evrili olan Ekincik, kamp yapmak i\u00e7in e\u015fsiz bir b\u00f6lge. Zeytinlik Kamp Olivium&#8217;da konaklarken \u00e7evredeki koylar\u0131 ke\u015ffedebilir, tekne turlar\u0131na kat\u0131labilir, tarihi kal\u0131nt\u0131lar\u0131 ziyaret edebilir ve y\u00f6resel pazarlarda al\u0131\u015fveri\u015f yapabilirsiniz.<\/p>\n\n\n\n<hr class=\"wp-block-separator has-alpha-channel-opacity is-style-wide\"\/>\n\n\n\n<ul id=\"block-c16ed969-a1c5-4fb8-8cd9-5df9c12ecc81\" class=\"wp-block-list\">\n<li><strong>Zeytinlik Kamp Olivium<\/strong>&nbsp;<strong>Adres<\/strong>&nbsp;:&nbsp;&nbsp;Ekincik, 48800 K\u00f6yce\u011fiz\/Mu\u011fla&nbsp;<strong><em><a href=\"https:\/\/www.google.com\/maps?daddr=36.83553244238703,28.558050351206926\" target=\"_blank\" rel=\"noreferrer noopener\">Konum Bilgisi<\/a><\/em><\/strong><\/li>\n\n\n\n<li><strong>Zeytinlik Kamp Olivium<\/strong> <strong>Telefon<\/strong>&nbsp;: 0536 387 06 98<\/li>\n\n\n\n<li><strong>Zeytinlik Kamp Olivium<\/strong> <strong>Detayl\u0131 Bilgi :<\/strong>&nbsp;Detayl\u0131 bilgiler ve tan\u0131t\u0131m\u0131 i\u00e7in&nbsp;<strong><em><a href=\"https:\/\/geziyoo.co\/listing\/zeytinlik-kamp-olivium\/\">Zeytinlik Kamp Olivium<\/a><\/em><\/strong><\/li>\n<\/ul>\n\n\n\n<hr class=\"wp-block-separator has-alpha-channel-opacity is-style-wide\"\/>\n\n\n\n<h2 class=\"wp-block-heading\">5.Bambu Kamp<a href=\"https:\/\/geziyoo.co\/listing\/bambu-kamp\/\"><\/a><\/h2>\n\n\n\n<figure class=\"wp-block-image size-full is-resized\"><img decoding=\"async\" width=\"640\" height=\"800\" data-src=\"https:\/\/geziyoo.co\/blog\/wp-content\/uploads\/2024\/06\/Bambu-Kamp-2.jpg\" alt=\"\" class=\"wp-image-18193 lazyload\" style=\"--smush-placeholder-width: 640px; --smush-placeholder-aspect-ratio: 640\/800;width:750px\" data-srcset=\"https:\/\/geziyoo.co\/blog\/wp-content\/uploads\/2024\/06\/Bambu-Kamp-2.jpg 640w, https:\/\/geziyoo.co\/blog\/wp-content\/uploads\/2024\/06\/Bambu-Kamp-2-240x300.jpg 240w, https:\/\/geziyoo.co\/blog\/wp-content\/uploads\/2024\/06\/Bambu-Kamp-2-768x960.jpg 768w, https:\/\/geziyoo.co\/blog\/wp-content\/uploads\/2024\/06\/Bambu-Kamp-2-150x188.jpg 150w\" data-sizes=\"(max-width: 640px) 100vw, 640px\" src=\"data:image\/gif;base64,R0lGODlhAQABAAAAACH5BAEKAAEALAAAAAABAAEAAAICTAEAOw==\" \/><\/figure>\n\n\n\n<p>E\u015fsiz do\u011fas\u0131 ve huzurlu atmosferiyle \u00fcnl\u00fc K\u00f6yce\u011fiz&#8217;de, unutulmaz bir kamp deneyimi ya\u015famak isteyenler i\u00e7in Bambu Kamp, ideal bir ka\u00e7\u0131\u015f noktas\u0131 sunuyor. Ekincik Koyu&#8217;nun b\u00fcy\u00fcleyici g\u00fczellikleriyle \u00e7evrili bu kamp alan\u0131, do\u011fayla i\u00e7 i\u00e7e olman\u0131n keyfini konforlu bir \u015fekilde ya\u015faman\u0131z\u0131 sa\u011fl\u0131yor.<\/p>\n\n\n\n<p>Bambu Kamp&#8217;a ula\u015f\u0131m, farkl\u0131 alternatiflerle kolayl\u0131kla sa\u011flanabiliyor. \u00d6zel ara\u00e7la seyahat edenler i\u00e7in Fethiye istikametinden gelirken Denizk\u0131z\u0131 feribotu pratik bir se\u00e7enek sunuyor. Dalaman Havaliman\u0131&#8217;ndan gelenler ise Hava\u015f otob\u00fcsleri veya taksi ile K\u00f6yce\u011fiz otogar\u0131na ula\u015ft\u0131ktan sonra Ekincik minib\u00fcslerini kullanabilirler. K\u00f6yce\u011fiz otogar\u0131ndan kalkan otob\u00fcsler de do\u011frudan Bambu Kamp&#8217;a ula\u015f\u0131m imkan\u0131 sa\u011fl\u0131yor.<\/p>\n\n\n\n<p>Bambu Kamp, misafirlerine farkl\u0131 konaklama se\u00e7enekleri sunarak herkesin tatil beklentisine uygun bir deneyim ya\u015famas\u0131n\u0131 hedefliyor. Kendi \u00e7ad\u0131r veya karavan\u0131yla gelenler, do\u011fan\u0131n kuca\u011f\u0131nda \u00f6zg\u00fcrce kamp yapman\u0131n keyfini \u00e7\u0131kar\u0131rken, daha konforlu bir tatil isteyenler i\u00e7in \u00f6zel olarak tasarlanm\u0131\u015f Bambu evleri bulunuyor. 40 metrekarelik prefabrik yap\u0131s\u0131yla dikkat \u00e7eken Bambu evleri, geni\u015f bah\u00e7esi, havuzu, \u015fezlonglar\u0131, mangal \u015f\u00f6minesi, kamelyas\u0131 ve balkonu ile unutulmaz bir konaklama deneyimi vaat ediyor.<\/p>\n\n\n\n<p>\u00c7ad\u0131r veya karavan tercih edenler ise ortak kullan\u0131m alanlar\u0131ndaki tuvalet, du\u015f, mescit, mutfak gibi olanaklardan faydalanabiliyor. Ayr\u0131ca kamp alan\u0131nda bulunan kafede 28 \u00e7e\u015fit dondurma aras\u0131ndan se\u00e7im yaparak yaz s\u0131caklar\u0131nda serinlemek m\u00fcmk\u00fcn.<\/p>\n\n\n\n<hr class=\"wp-block-separator has-alpha-channel-opacity is-style-wide\"\/>\n\n\n\n<ul id=\"block-c16ed969-a1c5-4fb8-8cd9-5df9c12ecc81\" class=\"wp-block-list\">\n<li><strong>Bambu Kamp<\/strong>&nbsp;<strong>Adres<\/strong>&nbsp;:&nbsp;&nbsp;&nbsp;Ekincik, 48800 K\u00f6yce\u011fiz\/Mu\u011fla&nbsp;<strong><em><a href=\"https:\/\/www.google.com\/maps?daddr=36.83165155263386,28.553893611862097\" target=\"_blank\" rel=\"noreferrer noopener\">Konum Bilgisi<\/a><\/em><\/strong><\/li>\n\n\n\n<li><strong>Bambu Kamp<\/strong> <strong>Telefon<\/strong>&nbsp;: 0545 103 94 95<\/li>\n\n\n\n<li><strong>Bambu Kamp<\/strong> <strong>Detayl\u0131 Bilgi :<\/strong>&nbsp;Detayl\u0131 bilgiler ve tan\u0131t\u0131m\u0131 i\u00e7in&nbsp;<strong><em><a href=\"https:\/\/geziyoo.co\/listing\/bambu-kamp\/\">Bambu Kamp<\/a><\/em><\/strong><\/li>\n<\/ul>\n\n\n\n<hr class=\"wp-block-separator has-alpha-channel-opacity is-style-wide\"\/>\n\n\n\n<h2 class=\"wp-block-heading\">6.Ekinoks Kamp Alan\u0131<a href=\"https:\/\/geziyoo.co\/listing\/ekinoks-kamp-alani\/\"><\/a><\/h2>\n\n\n\n<figure class=\"wp-block-image size-full\"><img decoding=\"async\" width=\"800\" height=\"600\" data-src=\"https:\/\/geziyoo.co\/blog\/wp-content\/uploads\/2024\/06\/Ekinoks-Kamp-Alani-4.jpg\" alt=\"\" class=\"wp-image-18194 lazyload\" data-srcset=\"https:\/\/geziyoo.co\/blog\/wp-content\/uploads\/2024\/06\/Ekinoks-Kamp-Alani-4.jpg 800w, https:\/\/geziyoo.co\/blog\/wp-content\/uploads\/2024\/06\/Ekinoks-Kamp-Alani-4-300x225.jpg 300w, https:\/\/geziyoo.co\/blog\/wp-content\/uploads\/2024\/06\/Ekinoks-Kamp-Alani-4-768x576.jpg 768w, https:\/\/geziyoo.co\/blog\/wp-content\/uploads\/2024\/06\/Ekinoks-Kamp-Alani-4-150x113.jpg 150w\" data-sizes=\"(max-width: 800px) 100vw, 800px\" src=\"data:image\/gif;base64,R0lGODlhAQABAAAAACH5BAEKAAEALAAAAAABAAEAAAICTAEAOw==\" style=\"--smush-placeholder-width: 800px; --smush-placeholder-aspect-ratio: 800\/600;\" \/><\/figure>\n\n\n\n<p>Do\u011fa ile i\u00e7 i\u00e7e, sakin ve huzurlu bir tatil aray\u0131\u015f\u0131nda olanlar\u0131n g\u00f6zdesi Ekinoks Kamp Alan\u0131, K\u00f6yce\u011fiz&#8217;in e\u015fsiz g\u00fczellikleriyle \u00e7evrili bir vaha sunuyor. Orman ve denizin kucakla\u015ft\u0131\u011f\u0131 bu kamp alan\u0131, kamp tutkunlar\u0131na unutulmaz bir deneyim ya\u015fat\u0131yor.<\/p>\n\n\n\n<p>Ekinoks Kamp Alan\u0131, do\u011faseverlere \u00fccretsiz konaklama imkan\u0131 sunarak benzersiz bir deneyim sunuyor. Kendi \u00e7ad\u0131r\u0131n\u0131z veya karavan\u0131n\u0131zla konaklayabilece\u011finiz bu alanda, do\u011fan\u0131n tad\u0131n\u0131 doyas\u0131ya \u00e7\u0131kar\u0131rken sadece temel ihtiya\u00e7lar\u0131n\u0131z\u0131 kar\u015f\u0131layacak WC ve du\u015f imkanlar\u0131 bulunuyor. Modern d\u00fcnyan\u0131n karma\u015fas\u0131ndan uzakla\u015farak do\u011fan\u0131n kollar\u0131na b\u0131rakmak isteyenler i\u00e7in ideal bir se\u00e7enek olan Ekinoks Kamp Alan\u0131, sade ve huzurlu bir kamp deneyimi vadediyor.<\/p>\n\n\n\n<p>Kamp alan\u0131nda sunulan temel hizmetler, do\u011fan\u0131n tad\u0131n\u0131 \u00e7\u0131kar\u0131rken konforlu bir deneyim ya\u015faman\u0131z\u0131 sa\u011fl\u0131yor. Ortak du\u015f ve tuvaletler, hijyenik bir ortam sunarken, elektrik ve internet ba\u011flant\u0131s\u0131 gibi modern konforlar\u0131n bulunmamas\u0131, do\u011fan\u0131n sundu\u011fu huzur ve sessizli\u011fi daha yo\u011fun hissetmenizi sa\u011fl\u0131yor.<\/p>\n\n\n\n<p>Ekinoks Kamp Alan\u0131, sadece konaklama imkanlar\u0131yla de\u011fil, sundu\u011fu \u00e7e\u015fitli aktivitelerle de misafirlerini cezbediyor. Plajda g\u00fcne\u015flenip denizin keyfini \u00e7\u0131karabilir, voleybol oynayabilir, yoga yapabilir, do\u011fa y\u00fcr\u00fcy\u00fc\u015flerine \u00e7\u0131kabilir veya bisiklet s\u00fcrerek \u00e7evreyi ke\u015ffedebilirsiniz. \u00c7ocuklu aileler i\u00e7in geni\u015f a\u00e7\u0131k alanlar ve g\u00fcvenli oyun alanlar\u0131 da bulunmaktad\u0131r.<\/p>\n\n\n\n<hr class=\"wp-block-separator has-alpha-channel-opacity is-style-wide\"\/>\n\n\n\n<ul id=\"block-c16ed969-a1c5-4fb8-8cd9-5df9c12ecc81\" class=\"wp-block-list\">\n<li><strong>Ekinoks Kamp Alan\u0131<\/strong>&nbsp;<strong>Adres<\/strong>&nbsp;:&nbsp;&nbsp;Ekincik, 48800 K\u00f6yce\u011fiz\/Mu\u011fla&nbsp;<strong><em><a href=\"https:\/\/www.google.com\/maps?daddr=36.83052711478924,28.54892214119441\" target=\"_blank\" rel=\"noreferrer noopener\">Konum Bilgisi<\/a><\/em><\/strong><\/li>\n\n\n\n<li><strong>Ekinoks Kamp Alan\u0131<\/strong> <strong>Telefon<\/strong>&nbsp;: &#8212;<\/li>\n\n\n\n<li><strong>Ekinoks Kamp Alan\u0131<\/strong> <strong>Detayl\u0131 Bilgi :<\/strong>&nbsp;Detayl\u0131 bilgiler ve tan\u0131t\u0131m\u0131 i\u00e7in&nbsp;<strong><em><a href=\"https:\/\/geziyoo.co\/listing\/ekinoks-kamp-alani\/\">Ekinoks Kamp Alan\u0131<\/a><\/em><\/strong><\/li>\n<\/ul>\n\n\n\n<hr class=\"wp-block-separator has-alpha-channel-opacity is-style-wide\"\/>\n\n\n\n<p><strong><em>Ekincik Kamp Alanlar\u0131 ve Karavan Alanlar\u0131<\/em><\/strong>&nbsp;listemizin sonuna geldik. Listemiz s\u00fcrekli olarak g\u00fcncellenmektedir. Sizler de katk\u0131 yaparak listemizin daha da artmas\u0131na vesile olabilirsiniz.K\u0131y\u0131da k\u00f6\u015fede kalm\u0131\u015f Kamp Alanlar\u0131 \u00f6nerilerinizi bekliyoruz.<\/p>\n","protected":false},"excerpt":{"rendered":"<p>Ekincik, K\u00f6yce\u011fiz merkeze 35-40 km uzakl\u0131kta, g\u00f6l\u00fcn bitti\u011fi yerde da\u011flar\u0131n arkas\u0131na saklanm\u0131\u015f e\u015fsiz bir koydur. Yol boyunca g\u00f6rece\u011finiz manzaralar, K\u00f6yce\u011fiz G\u00f6l\u00fc ve Dalyan Deltas\u0131&#8217;n\u0131n ku\u015f bak\u0131\u015f\u0131 g\u00f6r\u00fcnt\u00fcs\u00fcyle ba\u015flar, Ekincik&#8217;in turkuaz sular\u0131nda biter. Buras\u0131 kitle turizminden ziyade, do\u011fayla b\u00fct\u00fcnle\u015fmek isteyen karavanc\u0131lar\u0131n ve \u00e7ad\u0131rc\u0131lar\u0131n s\u0131\u011f\u0131na\u011f\u0131d\u0131r. B\u00f6lgedeki kamp k\u00fclt\u00fcr\u00fc ikiye ayr\u0131l\u0131r: Bir yanda T\u00fcrkiye&#8217;nin en g\u00fczel konumlu belediye &hellip;<\/p>\n","protected":false},"author":1,"featured_media":18194,"comment_status":"open","ping_status":"closed","sticky":false,"template":"","format":"standard","meta":{"footnotes":""},"categories":[589,23],"tags":[],"class_list":["post-18185","post","type-post","status-publish","format-standard","has-post-thumbnail","hentry","category-kamp1","category-kamp-kamp-alanlari"],"yoast_head":"<!-- This site is optimized with the Yoast SEO plugin v26.9 - https:\/\/yoast.com\/product\/yoast-seo-wordpress\/ -->\n<title>Ekincik\u2019te \u00dccretli ve \u00dccretsiz En \u0130yi 6 Kamp Alan\u0131: Salk\u0131m ve Karg\u0131cak | Geziyoo<\/title>\n<meta name=\"description\" content=\"Mu\u011fla K\u00f6yce\u011fiz Ekincik Koyu, belediyenin i\u015fletti\u011fi Salk\u0131m Kamping, butik Saturnia, bakir Karg\u0131cak Koyu ve A\u015f\u0131 Koyu dahil \u00fccretli\/\u00fccretsiz 6 kamp alan\u0131n\u0131 listeledik.\" \/>\n<meta name=\"robots\" content=\"index, follow, max-snippet:-1, max-image-preview:large, max-video-preview:-1\" \/>\n<link rel=\"canonical\" href=\"http:\/\/geziyoo.co\/blog\/ekincik-kamp-alanlari-ve-karavan-alanlari\/\" \/>\n<meta property=\"og:locale\" content=\"tr_TR\" \/>\n<meta property=\"og:type\" content=\"article\" \/>\n<meta property=\"og:title\" content=\"Ekincik\u2019te \u00dccretli ve \u00dccretsiz En \u0130yi 6 Kamp Alan\u0131: Salk\u0131m ve Karg\u0131cak | Geziyoo\" \/>\n<meta property=\"og:description\" content=\"Mu\u011fla K\u00f6yce\u011fiz Ekincik Koyu, belediyenin i\u015fletti\u011fi Salk\u0131m Kamping, butik Saturnia, bakir Karg\u0131cak Koyu ve A\u015f\u0131 Koyu dahil \u00fccretli\/\u00fccretsiz 6 kamp alan\u0131n\u0131 listeledik.\" \/>\n<meta property=\"og:url\" content=\"http:\/\/geziyoo.co\/blog\/ekincik-kamp-alanlari-ve-karavan-alanlari\/\" \/>\n<meta property=\"og:site_name\" content=\"Geziyoo.co\" \/>\n<meta property=\"article:publisher\" content=\"https:\/\/www.facebook.com\/Geziyooco\" \/>\n<meta property=\"article:author\" content=\"https:\/\/www.facebook.com\/geziyoo.co\" \/>\n<meta property=\"article:published_time\" content=\"2024-06-09T04:42:42+00:00\" \/>\n<meta property=\"article:modified_time\" content=\"2026-02-04T12:03:04+00:00\" \/>\n<meta property=\"og:image\" content=\"http:\/\/geziyoo.co\/blog\/wp-content\/uploads\/2024\/06\/Ekinoks-Kamp-Alani-4.jpg\" \/>\n\t<meta property=\"og:image:width\" content=\"800\" \/>\n\t<meta property=\"og:image:height\" content=\"600\" \/>\n\t<meta property=\"og:image:type\" content=\"image\/jpeg\" \/>\n<meta name=\"author\" content=\"Geziyoo\" \/>\n<meta name=\"twitter:card\" content=\"summary_large_image\" \/>\n<meta name=\"twitter:creator\" content=\"@https:\/\/twitter.com\/geziyoo\" \/>\n<meta name=\"twitter:site\" content=\"@geziyoo\" \/>\n<meta name=\"twitter:label1\" content=\"Yazan:\" \/>\n\t<meta name=\"twitter:data1\" content=\"Geziyoo\" \/>\n\t<meta name=\"twitter:label2\" content=\"Tahmini okuma s\u00fcresi\" \/>\n\t<meta name=\"twitter:data2\" content=\"10 dakika\" \/>\n<script type=\"application\/ld+json\" class=\"yoast-schema-graph\">{\"@context\":\"https:\/\/schema.org\",\"@graph\":[{\"@type\":\"Article\",\"@id\":\"http:\/\/geziyoo.co\/blog\/ekincik-kamp-alanlari-ve-karavan-alanlari\/#article\",\"isPartOf\":{\"@id\":\"http:\/\/geziyoo.co\/blog\/ekincik-kamp-alanlari-ve-karavan-alanlari\/\"},\"author\":{\"name\":\"Geziyoo\",\"@id\":\"https:\/\/geziyoo.co\/blog\/#\/schema\/person\/032acb2436540ed14784e7d978aef0e4\"},\"headline\":\"Ekincik Koyu ve \u00c7evresi Denize S\u0131f\u0131r 6 Kamp Noktas\u0131 (Konum ve \u0130pu\u00e7lar\u0131)\",\"datePublished\":\"2024-06-09T04:42:42+00:00\",\"dateModified\":\"2026-02-04T12:03:04+00:00\",\"mainEntityOfPage\":{\"@id\":\"http:\/\/geziyoo.co\/blog\/ekincik-kamp-alanlari-ve-karavan-alanlari\/\"},\"wordCount\":2024,\"commentCount\":0,\"publisher\":{\"@id\":\"https:\/\/geziyoo.co\/blog\/#organization\"},\"image\":{\"@id\":\"http:\/\/geziyoo.co\/blog\/ekincik-kamp-alanlari-ve-karavan-alanlari\/#primaryimage\"},\"thumbnailUrl\":\"https:\/\/geziyoo.co\/blog\/wp-content\/uploads\/2024\/06\/Ekinoks-Kamp-Alani-4.jpg\",\"articleSection\":[\"Kamp\",\"Kamp Alanlar\u0131\"],\"inLanguage\":\"tr\",\"potentialAction\":[{\"@type\":\"CommentAction\",\"name\":\"Comment\",\"target\":[\"http:\/\/geziyoo.co\/blog\/ekincik-kamp-alanlari-ve-karavan-alanlari\/#respond\"]}]},{\"@type\":\"WebPage\",\"@id\":\"http:\/\/geziyoo.co\/blog\/ekincik-kamp-alanlari-ve-karavan-alanlari\/\",\"url\":\"http:\/\/geziyoo.co\/blog\/ekincik-kamp-alanlari-ve-karavan-alanlari\/\",\"name\":\"Ekincik\u2019te \u00dccretli ve \u00dccretsiz En \u0130yi 6 Kamp Alan\u0131: Salk\u0131m ve Karg\u0131cak | Geziyoo\",\"isPartOf\":{\"@id\":\"https:\/\/geziyoo.co\/blog\/#website\"},\"primaryImageOfPage\":{\"@id\":\"http:\/\/geziyoo.co\/blog\/ekincik-kamp-alanlari-ve-karavan-alanlari\/#primaryimage\"},\"image\":{\"@id\":\"http:\/\/geziyoo.co\/blog\/ekincik-kamp-alanlari-ve-karavan-alanlari\/#primaryimage\"},\"thumbnailUrl\":\"https:\/\/geziyoo.co\/blog\/wp-content\/uploads\/2024\/06\/Ekinoks-Kamp-Alani-4.jpg\",\"datePublished\":\"2024-06-09T04:42:42+00:00\",\"dateModified\":\"2026-02-04T12:03:04+00:00\",\"description\":\"Mu\u011fla K\u00f6yce\u011fiz Ekincik Koyu, belediyenin i\u015fletti\u011fi Salk\u0131m Kamping, butik Saturnia, bakir Karg\u0131cak Koyu ve A\u015f\u0131 Koyu dahil \u00fccretli\/\u00fccretsiz 6 kamp alan\u0131n\u0131 listeledik.\",\"breadcrumb\":{\"@id\":\"http:\/\/geziyoo.co\/blog\/ekincik-kamp-alanlari-ve-karavan-alanlari\/#breadcrumb\"},\"inLanguage\":\"tr\",\"potentialAction\":[{\"@type\":\"ReadAction\",\"target\":[\"http:\/\/geziyoo.co\/blog\/ekincik-kamp-alanlari-ve-karavan-alanlari\/\"]}]},{\"@type\":\"ImageObject\",\"inLanguage\":\"tr\",\"@id\":\"http:\/\/geziyoo.co\/blog\/ekincik-kamp-alanlari-ve-karavan-alanlari\/#primaryimage\",\"url\":\"https:\/\/geziyoo.co\/blog\/wp-content\/uploads\/2024\/06\/Ekinoks-Kamp-Alani-4.jpg\",\"contentUrl\":\"https:\/\/geziyoo.co\/blog\/wp-content\/uploads\/2024\/06\/Ekinoks-Kamp-Alani-4.jpg\",\"width\":800,\"height\":600},{\"@type\":\"BreadcrumbList\",\"@id\":\"http:\/\/geziyoo.co\/blog\/ekincik-kamp-alanlari-ve-karavan-alanlari\/#breadcrumb\",\"itemListElement\":[{\"@type\":\"ListItem\",\"position\":1,\"name\":\"Ana sayfa\",\"item\":\"https:\/\/geziyoo.co\/blog\/\"},{\"@type\":\"ListItem\",\"position\":2,\"name\":\"Ekincik Koyu ve \u00c7evresi Denize S\u0131f\u0131r 6 Kamp Noktas\u0131 (Konum ve \u0130pu\u00e7lar\u0131)\"}]},{\"@type\":\"WebSite\",\"@id\":\"https:\/\/geziyoo.co\/blog\/#website\",\"url\":\"https:\/\/geziyoo.co\/blog\/\",\"name\":\"Geziyoo Blog\",\"description\":\"GeziYoo Blog&#039;da T\u00fcrkiye&#039;nin en iyi kamp alanlar\u0131ndan bungalov tatillerine, karavan ipu\u00e7lar\u0131ndan gezi rehberlerine kadar her t\u00fcrl\u00fc do\u011fa deneyimini ke\u015ffedin.\",\"publisher\":{\"@id\":\"https:\/\/geziyoo.co\/blog\/#organization\"},\"potentialAction\":[{\"@type\":\"SearchAction\",\"target\":{\"@type\":\"EntryPoint\",\"urlTemplate\":\"https:\/\/geziyoo.co\/blog\/?s={search_term_string}\"},\"query-input\":{\"@type\":\"PropertyValueSpecification\",\"valueRequired\":true,\"valueName\":\"search_term_string\"}}],\"inLanguage\":\"tr\"},{\"@type\":\"Organization\",\"@id\":\"https:\/\/geziyoo.co\/blog\/#organization\",\"name\":\"Geziyoo.co\",\"url\":\"https:\/\/geziyoo.co\/blog\/\",\"logo\":{\"@type\":\"ImageObject\",\"inLanguage\":\"tr\",\"@id\":\"https:\/\/geziyoo.co\/blog\/#\/schema\/logo\/image\/\",\"url\":\"https:\/\/geziyoo.co\/blog\/wp-content\/uploads\/2025\/01\/Paragraf-metniniz-3.png\",\"contentUrl\":\"https:\/\/geziyoo.co\/blog\/wp-content\/uploads\/2025\/01\/Paragraf-metniniz-3.png\",\"width\":270,\"height\":50,\"caption\":\"Geziyoo.co\"},\"image\":{\"@id\":\"https:\/\/geziyoo.co\/blog\/#\/schema\/logo\/image\/\"},\"sameAs\":[\"https:\/\/www.facebook.com\/Geziyooco\",\"https:\/\/x.com\/geziyoo\",\"https:\/\/tr.pinterest.com\/geziyooco\/\",\"https:\/\/www.youtube.com\/@geziyoo\",\"https:\/\/www.instagram.com\/geziyoo.co\/\"]},{\"@type\":\"Person\",\"@id\":\"https:\/\/geziyoo.co\/blog\/#\/schema\/person\/032acb2436540ed14784e7d978aef0e4\",\"name\":\"Geziyoo\",\"image\":{\"@type\":\"ImageObject\",\"inLanguage\":\"tr\",\"@id\":\"https:\/\/geziyoo.co\/blog\/#\/schema\/person\/image\/\",\"url\":\"https:\/\/secure.gravatar.com\/avatar\/ae212a4514471fdb8cab6e5af4f3c99b940a2d0a16713ea0392c8d7c8a64f30a?s=96&d=mm&r=g\",\"contentUrl\":\"https:\/\/secure.gravatar.com\/avatar\/ae212a4514471fdb8cab6e5af4f3c99b940a2d0a16713ea0392c8d7c8a64f30a?s=96&d=mm&r=g\",\"caption\":\"Geziyoo\"},\"description\":\"Do\u011fa ile i\u00e7 i\u00e7e olabilece\u011finiz yerler,do\u011fa aktivite alanlar\u0131,kamp alanlar\u0131,bungalov oteller,Tiny House Oteller, Galampingler ve da\u011f evlerinin herkes i\u00e7in ula\u015f\u0131labilir olmas\u0131n\u0131 sa\u011flamak amac\u0131yla Geziyoo\u2019ya 2019 y\u0131l\u0131nda ba\u015flad\u0131k.Do\u011fal Tatil konseptini uygulayan en geni\u015f kapsaml\u0131 sitedir.\",\"sameAs\":[\"https:\/\/geziyoo.co\/\",\"https:\/\/www.facebook.com\/geziyoo.co\",\"https:\/\/www.instagram.com\/geziyoo.co\/\",\"https:\/\/tr.pinterest.com\/geziyooco\/\",\"https:\/\/x.com\/https:\/\/twitter.com\/geziyoo\",\"https:\/\/www.youtube.com\/channel\/UCdiSMa6pe17KEY7DP1Ug4ag\"]}]}<\/script>\n<!-- \/ Yoast SEO plugin. -->","yoast_head_json":{"title":"Ekincik\u2019te \u00dccretli ve \u00dccretsiz En \u0130yi 6 Kamp Alan\u0131: Salk\u0131m ve Karg\u0131cak | Geziyoo","description":"Mu\u011fla K\u00f6yce\u011fiz Ekincik Koyu, belediyenin i\u015fletti\u011fi Salk\u0131m Kamping, butik Saturnia, bakir Karg\u0131cak Koyu ve A\u015f\u0131 Koyu dahil \u00fccretli\/\u00fccretsiz 6 kamp alan\u0131n\u0131 listeledik.","robots":{"index":"index","follow":"follow","max-snippet":"max-snippet:-1","max-image-preview":"max-image-preview:large","max-video-preview":"max-video-preview:-1"},"canonical":"http:\/\/geziyoo.co\/blog\/ekincik-kamp-alanlari-ve-karavan-alanlari\/","og_locale":"tr_TR","og_type":"article","og_title":"Ekincik\u2019te \u00dccretli ve \u00dccretsiz En \u0130yi 6 Kamp Alan\u0131: Salk\u0131m ve Karg\u0131cak | Geziyoo","og_description":"Mu\u011fla K\u00f6yce\u011fiz Ekincik Koyu, belediyenin i\u015fletti\u011fi Salk\u0131m Kamping, butik Saturnia, bakir Karg\u0131cak Koyu ve A\u015f\u0131 Koyu dahil \u00fccretli\/\u00fccretsiz 6 kamp alan\u0131n\u0131 listeledik.","og_url":"http:\/\/geziyoo.co\/blog\/ekincik-kamp-alanlari-ve-karavan-alanlari\/","og_site_name":"Geziyoo.co","article_publisher":"https:\/\/www.facebook.com\/Geziyooco","article_author":"https:\/\/www.facebook.com\/geziyoo.co","article_published_time":"2024-06-09T04:42:42+00:00","article_modified_time":"2026-02-04T12:03:04+00:00","og_image":[{"width":800,"height":600,"url":"http:\/\/geziyoo.co\/blog\/wp-content\/uploads\/2024\/06\/Ekinoks-Kamp-Alani-4.jpg","type":"image\/jpeg"}],"author":"Geziyoo","twitter_card":"summary_large_image","twitter_creator":"@https:\/\/twitter.com\/geziyoo","twitter_site":"@geziyoo","twitter_misc":{"Yazan:":"Geziyoo","Tahmini okuma s\u00fcresi":"10 dakika"},"schema":{"@context":"https:\/\/schema.org","@graph":[{"@type":"Article","@id":"http:\/\/geziyoo.co\/blog\/ekincik-kamp-alanlari-ve-karavan-alanlari\/#article","isPartOf":{"@id":"http:\/\/geziyoo.co\/blog\/ekincik-kamp-alanlari-ve-karavan-alanlari\/"},"author":{"name":"Geziyoo","@id":"https:\/\/geziyoo.co\/blog\/#\/schema\/person\/032acb2436540ed14784e7d978aef0e4"},"headline":"Ekincik Koyu ve \u00c7evresi Denize S\u0131f\u0131r 6 Kamp Noktas\u0131 (Konum ve \u0130pu\u00e7lar\u0131)","datePublished":"2024-06-09T04:42:42+00:00","dateModified":"2026-02-04T12:03:04+00:00","mainEntityOfPage":{"@id":"http:\/\/geziyoo.co\/blog\/ekincik-kamp-alanlari-ve-karavan-alanlari\/"},"wordCount":2024,"commentCount":0,"publisher":{"@id":"https:\/\/geziyoo.co\/blog\/#organization"},"image":{"@id":"http:\/\/geziyoo.co\/blog\/ekincik-kamp-alanlari-ve-karavan-alanlari\/#primaryimage"},"thumbnailUrl":"https:\/\/geziyoo.co\/blog\/wp-content\/uploads\/2024\/06\/Ekinoks-Kamp-Alani-4.jpg","articleSection":["Kamp","Kamp Alanlar\u0131"],"inLanguage":"tr","potentialAction":[{"@type":"CommentAction","name":"Comment","target":["http:\/\/geziyoo.co\/blog\/ekincik-kamp-alanlari-ve-karavan-alanlari\/#respond"]}]},{"@type":"WebPage","@id":"http:\/\/geziyoo.co\/blog\/ekincik-kamp-alanlari-ve-karavan-alanlari\/","url":"http:\/\/geziyoo.co\/blog\/ekincik-kamp-alanlari-ve-karavan-alanlari\/","name":"Ekincik\u2019te \u00dccretli ve \u00dccretsiz En \u0130yi 6 Kamp Alan\u0131: Salk\u0131m ve Karg\u0131cak | Geziyoo","isPartOf":{"@id":"https:\/\/geziyoo.co\/blog\/#website"},"primaryImageOfPage":{"@id":"http:\/\/geziyoo.co\/blog\/ekincik-kamp-alanlari-ve-karavan-alanlari\/#primaryimage"},"image":{"@id":"http:\/\/geziyoo.co\/blog\/ekincik-kamp-alanlari-ve-karavan-alanlari\/#primaryimage"},"thumbnailUrl":"https:\/\/geziyoo.co\/blog\/wp-content\/uploads\/2024\/06\/Ekinoks-Kamp-Alani-4.jpg","datePublished":"2024-06-09T04:42:42+00:00","dateModified":"2026-02-04T12:03:04+00:00","description":"Mu\u011fla K\u00f6yce\u011fiz Ekincik Koyu, belediyenin i\u015fletti\u011fi Salk\u0131m Kamping, butik Saturnia, bakir Karg\u0131cak Koyu ve A\u015f\u0131 Koyu dahil \u00fccretli\/\u00fccretsiz 6 kamp alan\u0131n\u0131 listeledik.","breadcrumb":{"@id":"http:\/\/geziyoo.co\/blog\/ekincik-kamp-alanlari-ve-karavan-alanlari\/#breadcrumb"},"inLanguage":"tr","potentialAction":[{"@type":"ReadAction","target":["http:\/\/geziyoo.co\/blog\/ekincik-kamp-alanlari-ve-karavan-alanlari\/"]}]},{"@type":"ImageObject","inLanguage":"tr","@id":"http:\/\/geziyoo.co\/blog\/ekincik-kamp-alanlari-ve-karavan-alanlari\/#primaryimage","url":"https:\/\/geziyoo.co\/blog\/wp-content\/uploads\/2024\/06\/Ekinoks-Kamp-Alani-4.jpg","contentUrl":"https:\/\/geziyoo.co\/blog\/wp-content\/uploads\/2024\/06\/Ekinoks-Kamp-Alani-4.jpg","width":800,"height":600},{"@type":"BreadcrumbList","@id":"http:\/\/geziyoo.co\/blog\/ekincik-kamp-alanlari-ve-karavan-alanlari\/#breadcrumb","itemListElement":[{"@type":"ListItem","position":1,"name":"Ana sayfa","item":"https:\/\/geziyoo.co\/blog\/"},{"@type":"ListItem","position":2,"name":"Ekincik Koyu ve \u00c7evresi Denize S\u0131f\u0131r 6 Kamp Noktas\u0131 (Konum ve \u0130pu\u00e7lar\u0131)"}]},{"@type":"WebSite","@id":"https:\/\/geziyoo.co\/blog\/#website","url":"https:\/\/geziyoo.co\/blog\/","name":"Geziyoo Blog","description":"GeziYoo Blog&#039;da T\u00fcrkiye&#039;nin en iyi kamp alanlar\u0131ndan bungalov tatillerine, karavan ipu\u00e7lar\u0131ndan gezi rehberlerine kadar her t\u00fcrl\u00fc do\u011fa deneyimini ke\u015ffedin.","publisher":{"@id":"https:\/\/geziyoo.co\/blog\/#organization"},"potentialAction":[{"@type":"SearchAction","target":{"@type":"EntryPoint","urlTemplate":"https:\/\/geziyoo.co\/blog\/?s={search_term_string}"},"query-input":{"@type":"PropertyValueSpecification","valueRequired":true,"valueName":"search_term_string"}}],"inLanguage":"tr"},{"@type":"Organization","@id":"https:\/\/geziyoo.co\/blog\/#organization","name":"Geziyoo.co","url":"https:\/\/geziyoo.co\/blog\/","logo":{"@type":"ImageObject","inLanguage":"tr","@id":"https:\/\/geziyoo.co\/blog\/#\/schema\/logo\/image\/","url":"https:\/\/geziyoo.co\/blog\/wp-content\/uploads\/2025\/01\/Paragraf-metniniz-3.png","contentUrl":"https:\/\/geziyoo.co\/blog\/wp-content\/uploads\/2025\/01\/Paragraf-metniniz-3.png","width":270,"height":50,"caption":"Geziyoo.co"},"image":{"@id":"https:\/\/geziyoo.co\/blog\/#\/schema\/logo\/image\/"},"sameAs":["https:\/\/www.facebook.com\/Geziyooco","https:\/\/x.com\/geziyoo","https:\/\/tr.pinterest.com\/geziyooco\/","https:\/\/www.youtube.com\/@geziyoo","https:\/\/www.instagram.com\/geziyoo.co\/"]},{"@type":"Person","@id":"https:\/\/geziyoo.co\/blog\/#\/schema\/person\/032acb2436540ed14784e7d978aef0e4","name":"Geziyoo","image":{"@type":"ImageObject","inLanguage":"tr","@id":"https:\/\/geziyoo.co\/blog\/#\/schema\/person\/image\/","url":"https:\/\/secure.gravatar.com\/avatar\/ae212a4514471fdb8cab6e5af4f3c99b940a2d0a16713ea0392c8d7c8a64f30a?s=96&d=mm&r=g","contentUrl":"https:\/\/secure.gravatar.com\/avatar\/ae212a4514471fdb8cab6e5af4f3c99b940a2d0a16713ea0392c8d7c8a64f30a?s=96&d=mm&r=g","caption":"Geziyoo"},"description":"Do\u011fa ile i\u00e7 i\u00e7e olabilece\u011finiz yerler,do\u011fa aktivite alanlar\u0131,kamp alanlar\u0131,bungalov oteller,Tiny House Oteller, Galampingler ve da\u011f evlerinin herkes i\u00e7in ula\u015f\u0131labilir olmas\u0131n\u0131 sa\u011flamak amac\u0131yla Geziyoo\u2019ya 2019 y\u0131l\u0131nda ba\u015flad\u0131k.Do\u011fal Tatil konseptini uygulayan en geni\u015f kapsaml\u0131 sitedir.","sameAs":["https:\/\/geziyoo.co\/","https:\/\/www.facebook.com\/geziyoo.co","https:\/\/www.instagram.com\/geziyoo.co\/","https:\/\/tr.pinterest.com\/geziyooco\/","https:\/\/x.com\/https:\/\/twitter.com\/geziyoo","https:\/\/www.youtube.com\/channel\/UCdiSMa6pe17KEY7DP1Ug4ag"]}]}},"amp_enabled":true,"_links":{"self":[{"href":"https:\/\/geziyoo.co\/blog\/wp-json\/wp\/v2\/posts\/18185","targetHints":{"allow":["GET"]}}],"collection":[{"href":"https:\/\/geziyoo.co\/blog\/wp-json\/wp\/v2\/posts"}],"about":[{"href":"https:\/\/geziyoo.co\/blog\/wp-json\/wp\/v2\/types\/post"}],"author":[{"embeddable":true,"href":"https:\/\/geziyoo.co\/blog\/wp-json\/wp\/v2\/users\/1"}],"replies":[{"embeddable":true,"href":"https:\/\/geziyoo.co\/blog\/wp-json\/wp\/v2\/comments?post=18185"}],"version-history":[{"count":0,"href":"https:\/\/geziyoo.co\/blog\/wp-json\/wp\/v2\/posts\/18185\/revisions"}],"wp:featuredmedia":[{"embeddable":true,"href":"https:\/\/geziyoo.co\/blog\/wp-json\/wp\/v2\/media\/18194"}],"wp:attachment":[{"href":"https:\/\/geziyoo.co\/blog\/wp-json\/wp\/v2\/media?parent=18185"}],"wp:term":[{"taxonomy":"category","embeddable":true,"href":"https:\/\/geziyoo.co\/blog\/wp-json\/wp\/v2\/categories?post=18185"},{"taxonomy":"post_tag","embeddable":true,"href":"https:\/\/geziyoo.co\/blog\/wp-json\/wp\/v2\/tags?post=18185"}],"curies":[{"name":"wp","href":"https:\/\/api.w.org\/{rel}","templated":true}]}}