{"id":18058,"date":"2024-05-25T09:24:52","date_gmt":"2024-05-25T09:24:52","guid":{"rendered":"https:\/\/geziyoo.co\/blog\/?p=18058"},"modified":"2026-02-04T11:43:58","modified_gmt":"2026-02-04T11:43:58","slug":"cesme-ucretsiz-ve-denize-sifir-kamp-alanlari","status":"publish","type":"post","link":"https:\/\/geziyoo.co\/blog\/cesme-ucretsiz-ve-denize-sifir-kamp-alanlari\/","title":{"rendered":"\u00c7e\u015fme Yar\u0131madas\u0131 Koylar\u0131 Denize S\u0131f\u0131r 8 \u00dccretsiz Kamp Noktas\u0131"},"content":{"rendered":"\n<p><strong>\u00c7e\u015fme<\/strong>, l\u00fcks otelleri ve pahal\u0131 plaj giri\u015f \u00fccretleriyle bilinse de, yar\u0131madan\u0131n co\u011frafi yap\u0131s\u0131 kamp\u00e7\u0131lara hala c\u00f6mert davranmaktad\u0131r. \u00d6zellikle Ala\u00e7at\u0131&#8217;n\u0131n kalabal\u0131\u011f\u0131ndan ka\u00e7\u0131p, \u00c7iftlikk\u00f6y ve Ild\u0131r taraf\u0131na y\u00f6neldi\u011finizde, denizin en berrak ve en bakir halleriyle kar\u015f\u0131la\u015f\u0131rs\u0131n\u0131z. \u00c7e\u015fme&#8217;de kamp\u0131n alt\u0131n kural\u0131: &#8220;G\u00f6lge bekleme, r\u00fczgara diren.&#8221; B\u00f6lgede a\u011fa\u00e7 yap\u0131s\u0131 bodur oldu\u011fu i\u00e7in g\u00f6lgelik (tarp) hayat kurtar\u0131r.<\/p>\n\n\n\n<p>B\u00f6lgedeki \u00fccretsiz kamp alanlar\u0131 genellikle sitelerin bitti\u011fi burunlarda veya Beach Club&#8217;lar\u0131n ula\u015famad\u0131\u011f\u0131 zorlu yollarda sakl\u0131d\u0131r. <strong>P\u0131rlanta Plaj\u0131<\/strong>, s\u00f6rf\u00e7\u00fclerin ve karavanc\u0131lar\u0131n kalesi konumundayken; <strong>Fedon Koyu<\/strong> gibi noktalar sadece bilenlerin gitti\u011fi kayal\u0131k cennetlerdir. Kuzeydeki <strong>Gerence<\/strong> taraf\u0131 ise denizin \u00e7ar\u015faf gibi oldu\u011fu, \u00c7e\u015fme&#8217;nin &#8220;sakin y\u00fcz\u00fc&#8221;d\u00fcr.<\/p>\n\n\n\n<p>Biz Geziyoo olarak, \u00c7e\u015fme&#8217;nin o me\u015fhur r\u00fczgar\u0131n\u0131 arkan\u0131za al\u0131p huzur bulabilece\u011finiz en stratejik noktalar\u0131 se\u00e7tik. Listemizde, kumu sevenler i\u00e7in uzun plajlar\u0131 da, &#8220;kumdan ho\u015flanmam&#8221; diyenler i\u00e7in do\u011fal ta\u015f teraslar\u0131 da bir araya getirdik.<\/p>\n\n\n\n<p>\u0130ster <strong>Ild\u0131r&#8217;da<\/strong> bal\u0131k\u00e7\u0131 teknelerinin sesine uyan\u0131n, ister <strong>Kleopatra&#8217;da<\/strong> buz gibi suya dal\u0131n; yola \u00e7\u0131kmadan \u00f6nce yan\u0131n\u0131za mutlaka bol su ve sinekovar (r\u00fczgar\u0131n kesildi\u011fi anlar i\u00e7in) al\u0131n. \u0130\u015fte \u00c7e\u015fme\u2019nin en iyi 8 kamp dura\u011f\u0131:<\/p>\n\n\n\n<p><strong>Dilerseniz\u00a0<em><a data-type=\"post\" data-id=\"4609\" href=\"https:\/\/geziyoo.co\/blog\/izmir-kamp-alanlari-ve-karavan-alanlari\/\">\u0130zmir Kamp Alanlar\u0131<\/a>\u00a0<\/em>i\u00e7eri\u011fimizde \u00c7e\u015fme b\u00f6lgesinde yer alan di\u011fer kamp yerlerini inceleyebilirsiniz.<\/strong><\/p>\n\n\n\n<p>\u00c7e\u015fme&#8217;de unuttu\u011fumuz veya bilmedi\u011fimiz&nbsp;\u00c7ad\u0131r ve Karavan Kamp alan\u0131&nbsp;var ise l\u00fctfen yorumlar k\u0131sm\u0131ndan bizlerle payla\u015f\u0131n.\u00c7e\u015fme haricinde Kamp Alan\u0131, Bungalov veya Da\u011f evi ar\u0131yorsan\u0131z ,&nbsp;<a href=\"https:\/\/geziyoo.co\/?select=Karavan+Kamp%C4%B1&amp;lp_s_loc=&amp;lp_s_tag=&amp;lp_s_cat=229&amp;s=home&amp;post_type=listing\"><em><strong>500\u2019den fazla Kamp ve Karavan Yeri<\/strong><\/em><\/a>&nbsp;sayfam\u0131za bakman\u0131z\u0131 tavsiye diyoruz.<\/p>\n\n\n\n<p>Fazla uzatmadan&nbsp;<strong>\u00c7e\u015fme \u00dccretsiz ve Denize S\u0131f\u0131r Kamp Alanlar\u0131<\/strong>&nbsp;listemize ge\u00e7elim.Bu arada listemizde yer almayan kamp alanlar\u0131 var ise l\u00fctfen yorumlar k\u0131sm\u0131ndan bizlerle payla\u015f\u0131n.<\/p>\n\n\n\n<hr class=\"wp-block-separator has-css-opacity is-style-wide\"\/>\n\n\n\n<h2 class=\"wp-block-heading\">1.Delikli Koy Kamp Alan\u0131<\/h2>\n\n\n\n<figure class=\"wp-block-image size-large\"><img decoding=\"async\" width=\"1024\" height=\"576\" data-src=\"https:\/\/geziyoo.co\/blog\/wp-content\/uploads\/2022\/03\/Delikli-Koy-Kamp-Alani-2-1024x576.jpg\" alt=\"\u00c7e\u015fme Kamp Alanlar\u0131\" class=\"wp-image-9492 lazyload\" data-srcset=\"https:\/\/geziyoo.co\/blog\/wp-content\/uploads\/2022\/03\/Delikli-Koy-Kamp-Alani-2-1024x576.jpg 1024w, https:\/\/geziyoo.co\/blog\/wp-content\/uploads\/2022\/03\/Delikli-Koy-Kamp-Alani-2-300x169.jpg 300w, https:\/\/geziyoo.co\/blog\/wp-content\/uploads\/2022\/03\/Delikli-Koy-Kamp-Alani-2-768x432.jpg 768w, https:\/\/geziyoo.co\/blog\/wp-content\/uploads\/2022\/03\/Delikli-Koy-Kamp-Alani-2-390x220.jpg 390w, https:\/\/geziyoo.co\/blog\/wp-content\/uploads\/2022\/03\/Delikli-Koy-Kamp-Alani-2-scaled.jpg 1200w\" data-sizes=\"(max-width: 1024px) 100vw, 1024px\" src=\"data:image\/gif;base64,R0lGODlhAQABAAAAACH5BAEKAAEALAAAAAABAAEAAAICTAEAOw==\" style=\"--smush-placeholder-width: 1024px; --smush-placeholder-aspect-ratio: 1024\/576;\" \/><figcaption class=\"wp-element-caption\">\u00c7e\u015fme Kamp Alanlar\u0131<\/figcaption><\/figure>\n\n\n\n<p><strong>\u00c7e\u015fme \u00dccretsiz ve Denize S\u0131f\u0131r Kamp Alanlar\u0131<\/strong> i\u00e7eri\u011fimizin ilk s\u0131ras\u0131nda Delikli Koy Kamp Alan\u0131 bulunmakta.\u00c7ad\u0131r ve karavan kamp\u0131 i\u00e7in uygun olan koy tamamiyle do\u011fal.<\/p>\n\n\n\n<p>\u00c7e\u015fme&#8217;nin do\u011fal g\u00fczellikleri ve denize s\u0131f\u0131r konumlar\u0131yla \u00fcnl\u00fc \u00fccretsiz kamp alanlar\u0131n\u0131n ba\u015f\u0131nda Delikli Koy Kamp Alan\u0131 gelir. Bu e\u015fsiz kamp alan\u0131, \u0130zmir&#8217;in \u00c7e\u015fme il\u00e7esinde yer al\u0131r ve do\u011fa severler i\u00e7in vazge\u00e7ilmez bir destinasyondur. Tamamen do\u011fal bir ortamda, beyaz kayal\u0131klar\u0131n ve temiz denizin tad\u0131n\u0131 \u00e7\u0131karabilece\u011finiz Delikli Koy, hem \u00e7ad\u0131r hem de karavan kamp\u0131 i\u00e7in uygundur.<\/p>\n\n\n\n<h3 class=\"wp-block-heading\">Kamp Alan\u0131n\u0131n \u00d6zellikleri<\/h3>\n\n\n\n<p><strong>\u00dccretsiz Konaklama:<\/strong> Delikli Koy&#8217;da kamp yapmak i\u00e7in herhangi bir \u00fccret \u00f6demenize gerek yoktur. Bu da b\u00fct\u00e7e dostu bir tatil arayanlar i\u00e7in b\u00fcy\u00fck bir avantaj sa\u011flar.<\/p>\n\n\n\n<p><strong>Denize S\u0131f\u0131r Konum:<\/strong> Kamp alan\u0131, denize s\u0131f\u0131r konumuyla do\u011frudan denize eri\u015fim imkan\u0131 sunar. Masmavi sulara birka\u00e7 ad\u0131mda ula\u015fabilir, g\u00fcn boyu denizin keyfini \u00e7\u0131karabilirsiniz.<\/p>\n\n\n\n<p><strong>Do\u011fal ve Tesissiz:<\/strong> Delikli Koy tamamen do\u011fal bir ortam sundu\u011fu i\u00e7in tuvalet, du\u015f, elektrik ve su gibi tesisler bulunmamaktad\u0131r. Bu nedenle, kamp yaparken t\u00fcm ihtiya\u00e7lar\u0131n\u0131z\u0131 yan\u0131n\u0131zda getirmeniz gerekmektedir.<\/p>\n\n\n\n<p><strong>Market ve Benzinlik Yak\u0131n:<\/strong> Kamp alan\u0131na yak\u0131n mesafede (yakla\u015f\u0131k 12-13 dakika) market ve benzinlik bulunmaktad\u0131r. Bu sayede temel ihtiya\u00e7lar\u0131n\u0131z\u0131 kar\u015f\u0131lamak i\u00e7in uzun mesafeler kat etmeniz gerekmez.<\/p>\n\n\n\n<h3 class=\"wp-block-heading\">Ula\u015f\u0131m Bilgileri<\/h3>\n\n\n\n<p>Delikli Koy&#8217;a toplu ta\u015f\u0131ma ile ula\u015f\u0131m m\u00fcmk\u00fcn de\u011fildir. \u00d6zel ara\u00e7la gelenler i\u00e7in yolun son k\u0131sm\u0131nda patika bir yol bulunur. Bu nedenle arac\u0131n\u0131z\u0131 uygun bir yere park edip k\u0131sa bir y\u00fcr\u00fcy\u00fc\u015f yapman\u0131z gerekebilir.<\/p>\n\n\n\n<hr class=\"wp-block-separator has-css-opacity is-style-wide\"\/>\n\n\n\n<ul class=\"wp-block-list\">\n<li><strong>Deliklikoy<\/strong>&nbsp;<strong>Adres<\/strong>&nbsp;: Ovac\u0131k, Delikli Koy, \u00c7e\u015fme\/\u0130zmir, T\u00fcrkiye&nbsp;&nbsp;<strong><em><a href=\"https:\/\/www.google.com\/maps?daddr=38.229266,26.342690\">Konum Bilgisi<\/a><\/em><\/strong><\/li>\n\n\n\n<li><strong>Delikli Koy<\/strong>&nbsp;<strong>Detayl\u0131 Bilgi :<em>&nbsp;<\/em><\/strong>Detayl\u0131 bilgiler ve di\u011fer detaylar i\u00e7in<strong><em> <a href=\"https:\/\/geziyoo.co\/listing\/delikli-koy-kamp-alani\/\">Deliklikoy<\/a> <\/em><\/strong>sayfam\u0131za g\u00f6z atabilirsiniz.<\/li>\n<\/ul>\n\n\n\n<hr class=\"wp-block-separator has-css-opacity is-style-wide\"\/>\n\n\n\n<h2 class=\"wp-block-heading\">2.P\u0131rlanta Plaj\u0131 Kamp Alan\u0131<\/h2>\n\n\n\n<figure class=\"wp-block-image\"><img decoding=\"async\" width=\"1024\" height=\"682\" data-src=\"https:\/\/geziyoo.co\/blog\/wp-content\/uploads\/2021\/05\/Izmir-Kamp-Alanlari-Pirlanta-Plaji-Kamp-Alani-2.jpg\" alt=\"Izmir Kamp Alanlari Pirlanta Plaji Kamp Alani 2\" class=\"wp-image-6839 lazyload\" title=\"\u0130zmir Kamp Alanlar\u0131 ve Karavan Alanlar\u0131 20\" data-srcset=\"https:\/\/geziyoo.co\/blog\/wp-content\/uploads\/2021\/05\/Izmir-Kamp-Alanlari-Pirlanta-Plaji-Kamp-Alani-2.jpg 1024w, https:\/\/geziyoo.co\/blog\/wp-content\/uploads\/2021\/05\/Izmir-Kamp-Alanlari-Pirlanta-Plaji-Kamp-Alani-2-300x200.jpg 300w, https:\/\/geziyoo.co\/blog\/wp-content\/uploads\/2021\/05\/Izmir-Kamp-Alanlari-Pirlanta-Plaji-Kamp-Alani-2-768x512.jpg 768w\" data-sizes=\"(max-width: 1024px) 100vw, 1024px\" src=\"data:image\/gif;base64,R0lGODlhAQABAAAAACH5BAEKAAEALAAAAAABAAEAAAICTAEAOw==\" style=\"--smush-placeholder-width: 1024px; --smush-placeholder-aspect-ratio: 1024\/682;\" \/><\/figure>\n\n\n\n<p>\u00c7e\u015fme&#8217;nin \u00c7iftlikk\u00f6y beldesinde yer alan P\u0131rlanta Plaj\u0131 Kamp Alan\u0131, ad\u0131n\u0131 alt\u0131n sar\u0131s\u0131 kumlar\u0131ndan al\u0131r ve \u00fccretsiz kamp yap\u0131labilen e\u015fsiz bir halk plaj\u0131d\u0131r. Berrak ve s\u0131\u011f denizi ile \u00f6zellikle \u00e7ocuklu aileler i\u00e7in ideal bir destinasyon olan P\u0131rlanta Plaj\u0131, deniz ve kumun tad\u0131n\u0131 doyas\u0131ya \u00e7\u0131karmak isteyenler i\u00e7in m\u00fckemmel bir tercih sunar.<\/p>\n\n\n\n<h3 class=\"wp-block-heading\">Kamp Alan\u0131n\u0131n \u00d6zellikleri<\/h3>\n\n\n\n<p>P\u0131rlanta Plaj\u0131&#8217;nda kamp yapmak tamamen \u00fccretsizdir. B\u00fct\u00e7e dostu bir tatil arayanlar i\u00e7in bu b\u00fcy\u00fck bir avantaj sa\u011flar.<\/p>\n\n\n\n<p>Plaj, denize s\u0131f\u0131r konumuyla do\u011frudan denize eri\u015fim imkan\u0131 sunar. Geni\u015f kumsal\u0131 ve s\u0131\u011f denizi, \u00e7ocuklu aileler i\u00e7in g\u00fcvenli ve keyifli bir ortam sa\u011flar.<\/p>\n\n\n\n<p>Plajda tuvalet, du\u015f, elektrik ve su gibi tesisler bulunmamaktad\u0131r. Bu nedenle, kamp yaparken t\u00fcm ihtiya\u00e7lar\u0131n\u0131z\u0131 yan\u0131n\u0131zda getirmeniz gerekmektedir.<\/p>\n\n\n\n<p>Plaja yak\u0131n mesafede market ve kafeler bulunur. B\u00f6ylece temel ihtiya\u00e7lar\u0131n\u0131z\u0131 kolayca kar\u015f\u0131layabilirsiniz.<\/p>\n\n\n\n<p>P\u0131rlanta Plaj\u0131, kitesurf ve windsurf gibi su sporlar\u0131 i\u00e7in uygun r\u00fczgar ko\u015fullar\u0131na sahiptir. Su sporlar\u0131 merakl\u0131lar\u0131 i\u00e7in ideal bir ortam sunar.<\/p>\n\n\n\n<p>P\u0131rlanta Plaj\u0131&#8217;na ula\u015f\u0131m olduk\u00e7a kolayd\u0131r. \u00c7e\u015fme merkezden kalkan \u00c7iftlikk\u00f6y minib\u00fcsleri ile veya \u00f6zel ara\u00e7la ula\u015f\u0131m sa\u011flanabilir. \u00d6zel ara\u00e7la gelenler i\u00e7in park yeri bulmak genellikle sorun olmaz.<\/p>\n\n\n\n<hr class=\"wp-block-separator has-alpha-channel-opacity is-style-wide\"\/>\n\n\n\n<ul class=\"wp-block-list\">\n<li><strong>P\u0131rlanta Plaj\u0131<\/strong>&nbsp;<strong>Adres<\/strong>&nbsp;: \u015eehit Mehmet, 35930 \u00c7e\u015fme\/\u0130zmir&nbsp;<strong><em><a href=\"https:\/\/www.google.com\/maps?daddr=38.285725258052196,26.247025998114186\">Konum Bilgisi<\/a><\/em><\/strong><\/li>\n\n\n\n<li><strong>P\u0131rlanta Plaj\u0131<\/strong>&nbsp;<strong>Detayl\u0131 Bilgi :<em>&nbsp;<\/em><\/strong>Detayl\u0131 bilgiler ve di\u011fer detaylar i\u00e7in<strong><em> <a href=\"https:\/\/geziyoo.co\/listing\/pirlanta-plaji-kamp-alani\/\">P\u0131rlanta Plaj\u0131<\/a> <\/em><\/strong>sayfam\u0131za g\u00f6z atabilirsiniz.<\/li>\n<\/ul>\n\n\n\n<hr class=\"wp-block-separator has-css-opacity is-style-wide\"\/>\n\n\n\n<h2 class=\"wp-block-heading\">3.\u0130zmir Kleopatra Koyu Kamp Alan\u0131<\/h2>\n\n\n\n<figure class=\"wp-block-image size-large\"><img decoding=\"async\" width=\"1024\" height=\"768\" data-src=\"https:\/\/geziyoo.co\/blog\/wp-content\/uploads\/2022\/03\/Izmir-Kleopatra-Koyu-Kamp-Alani.jpg\" alt=\"\" class=\"wp-image-9495 lazyload\" data-srcset=\"https:\/\/geziyoo.co\/blog\/wp-content\/uploads\/2022\/03\/Izmir-Kleopatra-Koyu-Kamp-Alani.jpg 1024w, https:\/\/geziyoo.co\/blog\/wp-content\/uploads\/2022\/03\/Izmir-Kleopatra-Koyu-Kamp-Alani-300x225.jpg 300w, https:\/\/geziyoo.co\/blog\/wp-content\/uploads\/2022\/03\/Izmir-Kleopatra-Koyu-Kamp-Alani-768x576.jpg 768w\" data-sizes=\"(max-width: 1024px) 100vw, 1024px\" src=\"data:image\/gif;base64,R0lGODlhAQABAAAAACH5BAEKAAEALAAAAAABAAEAAAICTAEAOw==\" style=\"--smush-placeholder-width: 1024px; --smush-placeholder-aspect-ratio: 1024\/768;\" \/><\/figure>\n\n\n\n<p>\u00c7e\u015fme&#8217;nin sakl\u0131 cennetlerinden biri olan Kleopatra Koyu Kamp Alan\u0131 (G\u00fcvercinlik Koyu olarak da bilinir), do\u011fal g\u00fczellikleri ve masmavi deniziyle dikkat \u00e7eken \u00fccretsiz bir kamp alan\u0131d\u0131r. \u0130zmir&#8217;in \u00c7e\u015fme il\u00e7esinde yer alan bu alan, \u00e7evresindeki kayal\u0131klar ve sakin atmosferi ile kamp\u00e7\u0131lar i\u00e7in huzurlu bir ka\u00e7\u0131\u015f noktas\u0131 sunar.<\/p>\n\n\n\n<p>Kleopatra Koyu&#8217;nda kamp yapmak i\u00e7in herhangi bir \u00fccret \u00f6demeniz gerekmez. Bu, b\u00fct\u00e7e dostu bir tatil arayanlar i\u00e7in b\u00fcy\u00fck bir avantaj sa\u011flar.<\/p>\n\n\n\n<p>Kamp alan\u0131, denize s\u0131f\u0131r konumuyla do\u011frudan denize eri\u015fim imkan\u0131 sunar. Mavi sular\u0131n hemen yan\u0131 ba\u015f\u0131nda kamp kurabilir, denizin keyfini doyas\u0131ya \u00e7\u0131karabilirsiniz.<\/p>\n\n\n\n<p>Kleopatra Koyu, tamamen do\u011fal bir ortam sundu\u011fu i\u00e7in tuvalet, du\u015f, elektrik ve su gibi tesisler bulunmamaktad\u0131r. Bu nedenle, kamp yaparken t\u00fcm ihtiya\u00e7lar\u0131n\u0131z\u0131 yan\u0131n\u0131zda getirmeniz gerekmektedir.<\/p>\n\n\n\n<p>Kamp alan\u0131nda market veya b\u00fcfe gibi olanaklar bulunmad\u0131\u011f\u0131ndan, yiyecek ve i\u00e7eceklerinizi \u00f6nceden temin etmeniz \u00f6nemlidir. Haz\u0131rl\u0131kl\u0131 gelerek, kamp deneyiminizi daha konforlu hale getirebilirsiniz.<\/p>\n\n\n\n<p>Genellikle sakin bir atmosfere sahip olan Kleopatra Koyu, kalabal\u0131ktan uzakla\u015fmak ve do\u011fan\u0131n tad\u0131n\u0131 \u00e7\u0131karmak isteyenler i\u00e7in idealdir. Huzur dolu bir kamp deneyimi arayanlar i\u00e7in m\u00fckemmel bir tercihtir.<\/p>\n\n\n\n<p>Kleopatra Koyu&#8217;na toplu ta\u015f\u0131ma ile ula\u015f\u0131m m\u00fcmk\u00fcn de\u011fildir. Bu nedenle, \u00f6zel ara\u00e7la ula\u015f\u0131m en uygun se\u00e7enektir. Ala\u00e7at\u0131&#8217;dan k\u0131sa bir yolculukla bu g\u00fczel koya ula\u015fabilirsiniz. Arac\u0131n\u0131z\u0131 uygun bir yere park ettikten sonra k\u0131sa bir y\u00fcr\u00fcy\u00fc\u015f yapman\u0131z gerekebilir.<\/p>\n\n\n\n<hr class=\"wp-block-separator has-css-opacity is-style-wide\"\/>\n\n\n\n<ul class=\"wp-block-list\">\n<li><strong>Kleopatra Koyu<\/strong>&nbsp;<strong>Adres<\/strong>&nbsp;:&nbsp;Ovac\u0131k, 35930 \u00c7e\u015fme\/\u0130zmir&nbsp;<strong><em><a href=\"https:\/\/www.google.com\/maps?daddr=38.23141284346333,26.32899383200057\">Konum Bilgisi<\/a><\/em><\/strong><\/li>\n\n\n\n<li><strong><strong>Kleopatra Koyu<\/strong>&nbsp;Park\u0131<\/strong>&nbsp;<strong>Detayl\u0131 Bilgi :<em>&nbsp;<\/em><\/strong>Detayl\u0131 bilgiler ve di\u011fer detaylar i\u00e7in<strong><em> <a href=\"https:\/\/geziyoo.co\/listing\/izmir-kleopatra-koyu-kamp-alani\/\">Kleopatra Koyu <\/a><\/em><\/strong>sayfam\u0131za g\u00f6z atabilirsiniz.<\/li>\n<\/ul>\n\n\n\n<hr class=\"wp-block-separator has-css-opacity is-style-wide\"\/>\n\n\n\n<h2 class=\"wp-block-heading\">4.Fedon Koyu Kamp Alan\u0131<\/h2>\n\n\n\n<figure class=\"wp-block-image\"><img decoding=\"async\" width=\"1024\" height=\"497\" data-src=\"https:\/\/geziyoo.co\/blog\/wp-content\/uploads\/2021\/05\/Izmir-Kamp-Alanlari-Fedon-Koyu-Kamp-Alani-3.jpg\" alt=\"Izmir Kamp Alanlari Fedon Koyu Kamp Alani 3\" class=\"wp-image-6861 lazyload\" title=\"\u0130zmir Kamp Alanlar\u0131 ve Karavan Alanlar\u0131 22\" data-srcset=\"https:\/\/geziyoo.co\/blog\/wp-content\/uploads\/2021\/05\/Izmir-Kamp-Alanlari-Fedon-Koyu-Kamp-Alani-3.jpg 1024w, https:\/\/geziyoo.co\/blog\/wp-content\/uploads\/2021\/05\/Izmir-Kamp-Alanlari-Fedon-Koyu-Kamp-Alani-3-300x146.jpg 300w, https:\/\/geziyoo.co\/blog\/wp-content\/uploads\/2021\/05\/Izmir-Kamp-Alanlari-Fedon-Koyu-Kamp-Alani-3-768x373.jpg 768w\" data-sizes=\"(max-width: 1024px) 100vw, 1024px\" src=\"data:image\/gif;base64,R0lGODlhAQABAAAAACH5BAEKAAEALAAAAAABAAEAAAICTAEAOw==\" style=\"--smush-placeholder-width: 1024px; --smush-placeholder-aspect-ratio: 1024\/497;\" \/><figcaption class=\"wp-element-caption\">\u00c7e\u015fme \u00dccretsiz Kamp Alanlar\u0131 \u2013 Fedon Koyu<\/figcaption><\/figure>\n\n\n\n<p>\u00c7e\u015fme&#8217;nin sakl\u0131 g\u00fczelliklerinden biri olan Fedon Koyu, kalabal\u0131ktan uzak, huzurlu bir kamp deneyimi arayanlar i\u00e7in ideal bir destinasyondur. \u0130zmir&#8217;in \u00c7e\u015fme il\u00e7esinde, Alt\u0131nkum Plaj\u0131&#8217;na yak\u0131n bir konumda bulunan bu \u00fccretsiz kamp alan\u0131, do\u011fal g\u00fczellikleri ve denize s\u0131f\u0131r konumuyla dikkat \u00e7eker. Kamp severler ve do\u011fa tutkunlar\u0131 i\u00e7in pop\u00fcler bir tercih olan Fedon Koyu, huzur dolu bir tatil sunar.<\/p>\n\n\n\n<p><strong>\u00dccretsiz Konaklama:<\/strong> Fedon Koyu&#8217;nda kamp yapmak i\u00e7in herhangi bir \u00fccret \u00f6demeniz gerekmez. Bu, ekonomik bir tatil arayanlar i\u00e7in b\u00fcy\u00fck bir avantaj sa\u011flar.<\/p>\n\n\n\n<p><strong>Denize S\u0131f\u0131r Konum:<\/strong> Kamp alan\u0131, denize s\u0131f\u0131r konumuyla do\u011frudan denize eri\u015fim imkan\u0131 sunar. Temiz ve berrak denizi ile g\u00fcn boyu denizin tad\u0131n\u0131 \u00e7\u0131karabilirsiniz.<\/p>\n\n\n\n<p><strong>Do\u011fal G\u00fczellikler:<\/strong> Etraf\u0131 \u00e7am a\u011fa\u00e7lar\u0131yla \u00e7evrili olan Fedon Koyu, do\u011fal g\u00fczellikleri bozulmam\u0131\u015f bir ortam sunar. Temiz havas\u0131 ve do\u011fa ile i\u00e7 i\u00e7e atmosferi ile huzurlu bir kamp deneyimi sa\u011flar.<\/p>\n\n\n\n<p><strong>Sessiz ve Sakin Atmosfer:<\/strong> Kalabal\u0131ktan uzak, sessiz ve sakin bir kamp alan\u0131 olan Fedon Koyu, \u015fehir hayat\u0131n\u0131n stresinden ka\u00e7mak ve do\u011fan\u0131n tad\u0131n\u0131 \u00e7\u0131karmak isteyenler i\u00e7in m\u00fckemmel bir tercihdir.<\/p>\n\n\n\n<p><strong>Do\u011fal ve Tesissiz:<\/strong> Fedon Koyu, tamamen do\u011fal bir ortam sundu\u011fu i\u00e7in tuvalet, du\u015f, elektrik ve su gibi tesisler bulunmamaktad\u0131r. Bu nedenle, kamp yaparken t\u00fcm ihtiya\u00e7lar\u0131n\u0131z\u0131 yan\u0131n\u0131zda getirmeniz gerekmektedir.<\/p>\n\n\n\n<p><strong>Market ve Restoranlar:<\/strong> En yak\u0131n market ve restoranlar Alt\u0131nkum Plaj\u0131&#8217;nda bulunmaktad\u0131r. Bu y\u00fczden temel ihtiya\u00e7lar\u0131n\u0131z\u0131 \u00f6nceden temin etmeniz \u00f6nemlidir.<\/p>\n\n\n\n<p>Fedon Koyu&#8217;na toplu ta\u015f\u0131ma ile ula\u015f\u0131m m\u00fcmk\u00fcn de\u011fildir. \u00d6zel ara\u00e7la ula\u015f\u0131m en uygun se\u00e7enektir. \u00c7e\u015fme merkezden Alt\u0131nkum Plaj\u0131&#8217;na do\u011fru k\u0131sa bir yolculukla bu g\u00fczel koya ula\u015fabilirsiniz. Arac\u0131n\u0131z\u0131 uygun bir yere park ettikten sonra k\u0131sa bir y\u00fcr\u00fcy\u00fc\u015f yapman\u0131z gerekebilir.<\/p>\n\n\n\n<hr class=\"wp-block-separator has-alpha-channel-opacity is-style-wide\"\/>\n\n\n\n<ul class=\"wp-block-list\">\n<li><strong>Fedon Koyu<\/strong>&nbsp;<strong>Adres<\/strong>&nbsp;:&nbsp;Alt\u0131nkum, 35930 \u00c7e\u015fme\/\u0130zmir&nbsp;<strong><em><a href=\"https:\/\/www.google.com\/maps?daddr=38.26766155039852,26.2759658517678\">Konum Bilgisi<\/a><\/em><\/strong><\/li>\n\n\n\n<li><strong><strong><strong>Fedon<\/strong> Koyu<\/strong>&nbsp;Park\u0131<\/strong>&nbsp;<strong>Detayl\u0131 Bilgi :<em>&nbsp;<\/em><\/strong>Detayl\u0131 bilgiler ve di\u011fer detaylar i\u00e7in<strong><em> <strong><strong><a href=\"https:\/\/geziyoo.co\/listing\/fedon-koyu-kamp-alani\/\">Fedon Koyu<\/a><\/strong><\/strong> <\/em><\/strong>sayfam\u0131za g\u00f6z atabilirsiniz.<\/li>\n<\/ul>\n\n\n\n<hr class=\"wp-block-separator has-css-opacity is-style-wide\"\/>\n\n\n\n<h2 class=\"wp-block-heading\">5.Il\u0131ca Halk Plaj\u0131 Kamp Alan\u0131<\/h2>\n\n\n\n<figure class=\"wp-block-image size-large\"><img decoding=\"async\" width=\"1024\" height=\"768\" data-src=\"https:\/\/geziyoo.co\/blog\/wp-content\/uploads\/2022\/03\/Ilica-Halk-Plaji-Kamp-Alani.jpg\" alt=\"\" class=\"wp-image-9498 lazyload\" data-srcset=\"https:\/\/geziyoo.co\/blog\/wp-content\/uploads\/2022\/03\/Ilica-Halk-Plaji-Kamp-Alani.jpg 1024w, https:\/\/geziyoo.co\/blog\/wp-content\/uploads\/2022\/03\/Ilica-Halk-Plaji-Kamp-Alani-300x225.jpg 300w, https:\/\/geziyoo.co\/blog\/wp-content\/uploads\/2022\/03\/Ilica-Halk-Plaji-Kamp-Alani-768x576.jpg 768w\" data-sizes=\"(max-width: 1024px) 100vw, 1024px\" src=\"data:image\/gif;base64,R0lGODlhAQABAAAAACH5BAEKAAEALAAAAAABAAEAAAICTAEAOw==\" style=\"--smush-placeholder-width: 1024px; --smush-placeholder-aspect-ratio: 1024\/768;\" \/><\/figure>\n\n\n\n<p>\u0130zmir&#8217;in \u00c7e\u015fme il\u00e7esinde yer alan Il\u0131ca Halk Plaj\u0131 Kamp Alan\u0131, denize s\u0131f\u0131r konumu ve \u00fcnl\u00fc termal sulara yak\u0131nl\u0131\u011f\u0131 ile dikkat \u00e7eker. Il\u0131ca&#8217;n\u0131n do\u011fal g\u00fczellikleri ve termal sular\u0131n\u0131n iyile\u015ftirici etkisiyle bilinen bu kamp alan\u0131, \u00fccretsiz konaklama imkan\u0131 sunarak kamp severler i\u00e7in m\u00fckemmel bir tercih sunar.<\/p>\n\n\n\n<h3 class=\"wp-block-heading\">Kamp Alan\u0131n\u0131n \u00d6zellikleri<\/h3>\n\n\n\n<p><strong>\u00dccretsiz Konaklama:<\/strong> Il\u0131ca Halk Plaj\u0131&#8217;nda kamp yapmak i\u00e7in herhangi bir \u00fccret \u00f6demeniz gerekmez. Bu, ekonomik bir tatil arayanlar i\u00e7in b\u00fcy\u00fck bir avantaj sa\u011flar.<\/p>\n\n\n\n<p><strong>Denize S\u0131f\u0131r Konum:<\/strong> Kamp alan\u0131, denize s\u0131f\u0131r konumuyla do\u011frudan denize eri\u015fim imkan\u0131 sunar. Il\u0131ca&#8217;n\u0131n g\u00fczel plaj\u0131nda denizin ve kumun tad\u0131n\u0131 doyas\u0131ya \u00e7\u0131karabilirsiniz.<\/p>\n\n\n\n<p><strong>Do\u011fal ve Tesissiz:<\/strong> Il\u0131ca Halk Plaj\u0131, tamamen do\u011fal bir ortam sundu\u011fu i\u00e7in tuvalet, du\u015f, elektrik ve su gibi tesisler bulunmamaktad\u0131r. Bu nedenle, kamp yaparken t\u00fcm ihtiya\u00e7lar\u0131n\u0131z\u0131 yan\u0131n\u0131zda getirmeniz gerekmektedir.<\/p>\n\n\n\n<p><strong>Market ve Restoranlara Yak\u0131n:<\/strong> Plaj, Il\u0131ca merkezdeki market ve restoranlara y\u00fcr\u00fcme mesafesinde yer al\u0131r. Temel ihtiya\u00e7lar\u0131n\u0131z\u0131 kolayca kar\u015f\u0131layabilir, yerel lezzetlerin tad\u0131n\u0131 \u00e7\u0131karabilirsiniz.<\/p>\n\n\n\n<p><strong>Termal Sulara Yak\u0131nl\u0131k:<\/strong> Il\u0131ca&#8217;n\u0131n \u00fcnl\u00fc termal sular\u0131na yak\u0131n konumda olmas\u0131, bu kamp alan\u0131n\u0131 di\u011ferlerinden ay\u0131ran \u00f6nemli bir \u00f6zelliktir. Termal sular\u0131n iyile\u015ftirici etkisinden faydalanabilirsiniz.<\/p>\n\n\n\n<h3 class=\"wp-block-heading\">Ula\u015f\u0131m Bilgileri<\/h3>\n\n\n\n<p>Il\u0131ca Halk Plaj\u0131&#8217;na ula\u015f\u0131m olduk\u00e7a kolayd\u0131r. \u00c7e\u015fme merkezden kalkan minib\u00fcslerle veya \u00f6zel ara\u00e7la rahat\u00e7a ula\u015fabilirsiniz. \u00d6zel ara\u00e7la gelenler i\u00e7in park yeri bulmak genellikle sorun olmaz.<\/p>\n\n\n\n<hr class=\"wp-block-separator has-css-opacity is-style-wide\"\/>\n\n\n\n<ul class=\"wp-block-list\">\n<li><strong><strong>Il\u0131ca Halk Plaj\u0131 Kamp Alan\u0131<\/strong><\/strong>&nbsp;<strong>Adres<\/strong>&nbsp;:&nbsp;&nbsp;Il\u0131ca Halk Plaj\u0131 Kamp Alan\u0131&nbsp;<strong><em><a href=\"https:\/\/www.google.com\/maps?daddr=38.309008849585496,%2026.37260767095696\">Konum Bilgisi<\/a><\/em><\/strong><\/li>\n\n\n\n<li><strong><strong><strong><strong>Il\u0131ca Halk Plaj\u0131 Kamp Alan\u0131<\/strong><\/strong><\/strong><\/strong>&nbsp;<strong>Detayl\u0131 Bilgi :<em>&nbsp;<\/em><\/strong>Detayl\u0131 bilgiler ve di\u011fer detaylar i\u00e7in<strong><em> <strong><strong><a href=\"https:\/\/geziyoo.co\/listing\/ilica-halk-plaji-kamp-alani\/\">Il\u0131ca Halk Plaj\u0131<\/a><\/strong><\/strong> <\/em><\/strong>sayfam\u0131za g\u00f6z atabilirsiniz.<\/li>\n<\/ul>\n\n\n\n<hr class=\"wp-block-separator has-alpha-channel-opacity is-style-wide\"\/>\n\n\n\n<h2 class=\"wp-block-heading\">6.\u00c7e\u015fme \u00c7iftlikk\u00f6y Kamp Alan\u0131<a href=\"https:\/\/geziyoo.co\/listing\/cesme-ciftlikkoy-kamp-alani\/\"><\/a><\/h2>\n\n\n\n<figure class=\"wp-block-image size-full\"><img decoding=\"async\" width=\"800\" height=\"369\" data-src=\"https:\/\/geziyoo.co\/blog\/wp-content\/uploads\/2024\/05\/cesme-ciftlikkoy-Kamp-Alani-7.jpg\" alt=\"\" class=\"wp-image-18044 lazyload\" data-srcset=\"https:\/\/geziyoo.co\/blog\/wp-content\/uploads\/2024\/05\/cesme-ciftlikkoy-Kamp-Alani-7.jpg 800w, https:\/\/geziyoo.co\/blog\/wp-content\/uploads\/2024\/05\/cesme-ciftlikkoy-Kamp-Alani-7-300x138.jpg 300w, https:\/\/geziyoo.co\/blog\/wp-content\/uploads\/2024\/05\/cesme-ciftlikkoy-Kamp-Alani-7-768x354.jpg 768w, https:\/\/geziyoo.co\/blog\/wp-content\/uploads\/2024\/05\/cesme-ciftlikkoy-Kamp-Alani-7-150x69.jpg 150w\" data-sizes=\"(max-width: 800px) 100vw, 800px\" src=\"data:image\/gif;base64,R0lGODlhAQABAAAAACH5BAEKAAEALAAAAAABAAEAAAICTAEAOw==\" style=\"--smush-placeholder-width: 800px; --smush-placeholder-aspect-ratio: 800\/369;\" \/><\/figure>\n\n\n\n<p>\u00c7e\u015fme&#8217;nin c\u0131v\u0131l c\u0131v\u0131l atmosferinden uzakla\u015fmak isteyen do\u011fa severler i\u00e7in \u00c7iftlikk\u00f6y Kamp Alan\u0131, huzur dolu bir ka\u00e7amak sunuyor. Denize s\u0131f\u0131r konumu ve modern olanaklar\u0131 ile dikkat \u00e7eken bu kamp alan\u0131, \u00f6zellikle \u00e7ocuklu aileler i\u00e7in unutulmaz an\u0131lar biriktirme f\u0131rsat\u0131 sunuyor.<\/p>\n\n\n\n<p>\u00c7iftlikk\u00f6y Kamp Alan\u0131, hem macera dolu aktiviteler hem de dinlendirici bir atmosfer arayanlar i\u00e7in ideal bir se\u00e7enek. Dalgal\u0131 denizi, s\u00f6rf ve di\u011fer su sporlar\u0131 tutkunlar\u0131 i\u00e7in e\u015fsiz bir oyun alan\u0131 olu\u015ftururken, ayn\u0131 zamanda y\u00fczmenin keyfini \u00e7\u0131karabilece\u011finiz g\u00fcvenli bir ortam sunuyor. Kamp alan\u0131ndan k\u0131sa bir y\u00fcr\u00fcy\u00fc\u015fle ula\u015f\u0131labilen Tanay Tabiat Park\u0131 ise el de\u011fmemi\u015f do\u011fas\u0131yla ke\u015ffedilmeyi bekliyor.<\/p>\n\n\n\n<p>\u00c7iftlikk\u00f6y Kamp Alan\u0131, misafirlerine konforlu bir deneyim ya\u015fatmak i\u00e7in \u00e7e\u015fitli olanaklar sunuyor. Denize s\u0131f\u0131r konumunun yan\u0131 s\u0131ra, g\u00fcne\u015f \u015femsiyesi ve \u015fezlonglarla donat\u0131lm\u0131\u015f plaj\u0131, lezzetli yemeklerin tad\u0131n\u0131 \u00e7\u0131karabilece\u011finiz restoran\u0131, serinletici i\u00e7ecekler ve at\u0131\u015ft\u0131rmal\u0131klar sunan kafe ve bar\u0131, ihtiya\u00e7lar\u0131n\u0131z\u0131 kar\u015f\u0131layabilece\u011finiz market ve b\u00fcfesi bulunuyor. Ayr\u0131ca elektrik, temiz su, du\u015f ve otopark gibi temel ihtiya\u00e7lar\u0131n\u0131z da kar\u015f\u0131lan\u0131yor.<\/p>\n\n\n\n<p>\u00c7e\u015fme merkezine yakla\u015f\u0131k 20 kilometre uzakl\u0131kta yer alan \u00c7iftlikk\u00f6y Kamp Alan\u0131&#8217;na ula\u015f\u0131m da olduk\u00e7a kolay. Her yar\u0131m saatte bir hareket eden \u00c7iftlikk\u00f6y minib\u00fcsleri veya ara\u00e7 kiralama se\u00e7enekleriyle kamp alan\u0131na rahatl\u0131kla ula\u015fabilirsiniz. \u00dcstelik bu e\u015fsiz deneyim tamamen \u00fccretsiz!<\/p>\n\n\n\n<hr class=\"wp-block-separator has-alpha-channel-opacity is-style-wide\"\/>\n\n\n\n<ul class=\"wp-block-list\">\n<li><strong>\u00c7e\u015fme \u00c7iftlikk\u00f6y<\/strong> <strong>Adres<\/strong>&nbsp;:&nbsp;\u00c7iftlik, 103. Sk. No:25, 35930 \u00c7e\u015fme\/\u0130zmir <strong><em><a href=\"https:\/\/www.google.com\/maps?daddr=38.291523939147446,26.27838838534482\">Konum Bilgisi<\/a><\/em><\/strong><\/li>\n\n\n\n<li><strong>\u00c7e\u015fme \u00c7iftlikk\u00f6y Telefon:<\/strong>&#8212;-<\/li>\n\n\n\n<li><strong>\u00c7e\u015fme \u00c7iftlikk\u00f6y Detayl\u0131 Bilgi :<em>&nbsp;<\/em><\/strong>Detayl\u0131 bilgiler ve di\u011fer detaylar i\u00e7in<strong><em> <a href=\"https:\/\/geziyoo.co\/listing\/cesme-ciftlikkoy-kamp-alani\/\">\u00c7e\u015fme \u00c7iftlikk\u00f6y<\/a> <\/em><\/strong>sayfam\u0131za g\u00f6z atabilirsiniz.<\/li>\n<\/ul>\n\n\n\n<hr class=\"wp-block-separator has-alpha-channel-opacity is-style-wide\"\/>\n\n\n\n<h2 class=\"wp-block-heading\">7.Ala\u00e7at\u0131 Plaj\u0131 Kamp Alan\u0131<a href=\"https:\/\/geziyoo.co\/listing\/alacati-plaji-kamp-alani\/\"><\/a><\/h2>\n\n\n\n<figure class=\"wp-block-image size-full\"><img decoding=\"async\" width=\"800\" height=\"600\" data-src=\"https:\/\/geziyoo.co\/blog\/wp-content\/uploads\/2024\/05\/Alacati-Plaji-Kamp-Alani-7.jpg\" alt=\"\" class=\"wp-image-18048 lazyload\" data-srcset=\"https:\/\/geziyoo.co\/blog\/wp-content\/uploads\/2024\/05\/Alacati-Plaji-Kamp-Alani-7.jpg 800w, https:\/\/geziyoo.co\/blog\/wp-content\/uploads\/2024\/05\/Alacati-Plaji-Kamp-Alani-7-300x225.jpg 300w, https:\/\/geziyoo.co\/blog\/wp-content\/uploads\/2024\/05\/Alacati-Plaji-Kamp-Alani-7-768x576.jpg 768w, https:\/\/geziyoo.co\/blog\/wp-content\/uploads\/2024\/05\/Alacati-Plaji-Kamp-Alani-7-150x113.jpg 150w\" data-sizes=\"(max-width: 800px) 100vw, 800px\" src=\"data:image\/gif;base64,R0lGODlhAQABAAAAACH5BAEKAAEALAAAAAABAAEAAAICTAEAOw==\" style=\"--smush-placeholder-width: 800px; --smush-placeholder-aspect-ratio: 800\/600;\" \/><\/figure>\n\n\n\n<p>Ala\u00e7at\u0131\u2019n\u0131n hareketli atmosferinden uzakla\u015fmak ve do\u011fayla i\u00e7 i\u00e7e, huzurlu bir kamp deneyimi ya\u015famak isteyenler i\u00e7in Ala\u00e7at\u0131 Halk Plaj\u0131 m\u00fckemmel bir se\u00e7enektir. Delikli Koy gibi do\u011fal g\u00fczelliklerle \u00e7evrili olan bu plaj, \u00f6zellikle yaz aylar\u0131nda kalabal\u0131ktan ka\u00e7mak isteyen kamp severler i\u00e7in adeta gizli bir cennettir.<\/p>\n\n\n\n<p>Ala\u00e7at\u0131 Halk Plaj\u0131, masmavi denizi ve b\u00fcy\u00fcleyici do\u011fal g\u00fczellikleriyle kamp\u00e7\u0131lara huzur dolu bir deneyim sunar. Plaj\u0131n \u00e7evresindeki do\u011fal yap\u0131lar ve ye\u015fillikler, kamp alan\u0131na ayr\u0131 bir g\u00fczellik katar.<\/p>\n\n\n\n<p>Plaj\u0131n ula\u015f\u0131m\u0131n\u0131n biraz zahmetli olmas\u0131, buray\u0131 yaz\u0131n en yo\u011fun d\u00f6nemlerinde bile sessiz ve sakin k\u0131lar. Bu nedenle, Ala\u00e7at\u0131 Halk Plaj\u0131, kalabal\u0131klardan uzakta huzur arayanlar i\u00e7in idealdir. Kamp severler, burada do\u011fan\u0131n tad\u0131n\u0131 \u00e7\u0131kararak dinlenme f\u0131rsat\u0131 bulur.<\/p>\n\n\n\n<p>R\u00fczgarl\u0131 havalarda r\u00fczgar s\u00f6rf\u00fc, u\u00e7urtma s\u00f6rf\u00fc ve yelken gibi su sporlar\u0131 yapmak m\u00fcmk\u00fcnd\u00fcr. Ayr\u0131ca, y\u00fczmek ve g\u00fcne\u015flenmek i\u00e7in de ideal bir ortam sunan plaj, su sporlar\u0131yla ilgilenenler i\u00e7in \u00e7e\u015fitli aktiviteler sa\u011flar.<\/p>\n\n\n\n<p>Ala\u00e7at\u0131 Halk Plaj\u0131\u2019nda kamp yapman\u0131n en keyifli yanlar\u0131ndan biri de ak\u015famlar\u0131 sahilde ate\u015f yakarak y\u0131ld\u0131zlar\u0131n alt\u0131nda unutulmaz anlar ya\u015famakt\u0131r. Bu, kamp deneyimini daha da \u00f6zel k\u0131lar.<\/p>\n\n\n\n<p>Plajda kamp yapmak tamamen \u00fccretsizdir. Hem sahil hem de g\u00f6lgelik alanlarda \u00e7ad\u0131r\u0131n\u0131z\u0131 kurabilirsiniz. Plajda y\u00fcr\u00fcy\u00fc\u015f parkurlar\u0131 ve piknik alanlar\u0131 da bulunur. Ancak, tesis olarak herhangi bir imkan sunulmad\u0131\u011f\u0131ndan, kamp i\u00e7in gerekli t\u00fcm malzemeleri yan\u0131n\u0131zda getirmeniz gerekmektedir.<\/p>\n\n\n\n<hr class=\"wp-block-separator has-alpha-channel-opacity is-style-wide\"\/>\n\n\n\n<ul class=\"wp-block-list\">\n<li><strong>Ala\u00e7at\u0131 Plaj\u0131 Kamp Alan\u0131<\/strong> <strong>Adres<\/strong>&nbsp;:Ovac\u0131k, Unnamed Road, Ovac\u0131k\/, 35930 \u00c7e\u015fme\/\u0130zmir <strong><em><a href=\"https:\/\/www.google.com\/maps?daddr=38.22961010506237,26.343253454807332\">Konum Bilgisi<\/a><\/em><\/strong><\/li>\n\n\n\n<li><strong>Ala\u00e7at\u0131 Plaj\u0131 Kamp Alan\u0131 Telefon:<\/strong>&#8212;<\/li>\n\n\n\n<li><strong><strong>Ala\u00e7at\u0131 Plaj\u0131 Kamp Alan\u0131<\/strong> Detayl\u0131 Bilgi :<em>&nbsp;<\/em><\/strong>Detayl\u0131 bilgiler ve di\u011fer detaylar i\u00e7in<strong><em> <a href=\"https:\/\/geziyoo.co\/listing\/alacati-plaji-kamp-alani\/\">Ala\u00e7at\u0131 Plaj\u0131 Kamp Alan\u0131<\/a> <\/em><\/strong>sayfam\u0131za g\u00f6z atabilirsiniz.<\/li>\n<\/ul>\n\n\n\n<hr class=\"wp-block-separator has-alpha-channel-opacity is-style-wide\"\/>\n\n\n\n<h2 class=\"wp-block-heading\">8.Kocakar\u0131 Plaj\u0131 Kamp Alan\u0131<a href=\"https:\/\/geziyoo.co\/listing\/kocakari-plaji-kamp-alani\/\"><\/a><\/h2>\n\n\n\n<figure class=\"wp-block-image size-full\"><img decoding=\"async\" width=\"800\" height=\"600\" data-src=\"https:\/\/geziyoo.co\/blog\/wp-content\/uploads\/2024\/05\/Kocakari-Plaji-Kamp-Alani-2.jpg\" alt=\"\" class=\"wp-image-18049 lazyload\" data-srcset=\"https:\/\/geziyoo.co\/blog\/wp-content\/uploads\/2024\/05\/Kocakari-Plaji-Kamp-Alani-2.jpg 800w, https:\/\/geziyoo.co\/blog\/wp-content\/uploads\/2024\/05\/Kocakari-Plaji-Kamp-Alani-2-300x225.jpg 300w, https:\/\/geziyoo.co\/blog\/wp-content\/uploads\/2024\/05\/Kocakari-Plaji-Kamp-Alani-2-768x576.jpg 768w, https:\/\/geziyoo.co\/blog\/wp-content\/uploads\/2024\/05\/Kocakari-Plaji-Kamp-Alani-2-150x113.jpg 150w\" data-sizes=\"(max-width: 800px) 100vw, 800px\" src=\"data:image\/gif;base64,R0lGODlhAQABAAAAACH5BAEKAAEALAAAAAABAAEAAAICTAEAOw==\" style=\"--smush-placeholder-width: 800px; --smush-placeholder-aspect-ratio: 800\/600;\" \/><\/figure>\n\n\n\n<p>\u00c7e\u015fme\u2019nin kuzeyinde, kalabal\u0131ktan uzak bir konumda yer alan Kocakar\u0131 Plaj\u0131, kamp tutkunlar\u0131 i\u00e7in sakl\u0131 bir cennettir. Huzurlu atmosferi, do\u011fal g\u00fczellikleri ve sundu\u011fu olanaklarla Kocakar\u0131 Plaj\u0131, unutulmaz bir kamp deneyimi sunar. Do\u011fan\u0131n tad\u0131n\u0131 \u00e7\u0131karabilece\u011finiz, denizin keyfini s\u00fcrebilece\u011finiz ve dinlendirici bir tatil ge\u00e7irebilece\u011finiz bu plaj, \u015fehir hayat\u0131n\u0131n stresinden uzakla\u015fmak isteyenler i\u00e7in ideal bir ka\u00e7\u0131\u015f noktas\u0131d\u0131r.<\/p>\n\n\n\n<h3 class=\"wp-block-heading\">Kamp Alan\u0131n\u0131n \u00d6zellikleri<\/h3>\n\n\n\n<p><strong>Sakin ve Huzurlu Atmosfer:<\/strong> Kocakar\u0131 Plaj\u0131, \u00c7e\u015fme\u2019nin hareketli plajlar\u0131ndan farkl\u0131 olarak sakin ve huzurlu bir atmosfere sahiptir. Do\u011fayla i\u00e7 i\u00e7e bir tatil deneyimi ya\u015famak isteyenler i\u00e7in m\u00fckemmel bir destinasyondur.<\/p>\n\n\n\n<p><strong>Do\u011fal G\u00fczellikler:<\/strong> \u00c7evresindeki do\u011fal g\u00fczellikler, Kocakar\u0131 Plaj\u0131&#8217;n\u0131 ke\u015ffetmek i\u00e7in m\u00fckemmel bir ba\u015flang\u0131\u00e7 noktas\u0131 yapar. Plajda bisiklet turlar\u0131 yapabilir, do\u011fa y\u00fcr\u00fcy\u00fc\u015flerine kat\u0131labilir ve dal\u0131\u015f gibi \u00e7e\u015fitli aktivitelerle tatilinizi renklendirebilirsiniz. Ayr\u0131ca, plajda voleybol oynayabilir veya su sporlar\u0131n\u0131n keyfini \u00e7\u0131karabilirsiniz.<\/p>\n\n\n\n<p><strong>Konforlu Tesisler:<\/strong> Kocakar\u0131 Plaj\u0131, kamp yaparken ihtiya\u00e7 duyabilece\u011finiz her \u015feyi sunar. Restoran, kafe, bar, b\u00fcfe, market, du\u015f, tuvalet ve otopark gibi olanaklarla konforunuzdan \u00f6d\u00fcn vermeden kamp yapabilirsiniz. Plajda \u015fezlong ve \u015femsiye kiralayarak g\u00fcne\u015fin tad\u0131n\u0131 \u00e7\u0131karabilir, rahat bir \u015fekilde dinlenebilirsiniz.<\/p>\n\n\n\n<h3 class=\"wp-block-heading\">Ula\u015f\u0131m Bilgileri<\/h3>\n\n\n\n<p>Kocakar\u0131 Plaj\u0131, \u00c7e\u015fme merkeze sadece 16 kilometre uzakl\u0131ktad\u0131r. Plaja minib\u00fcslerle kolayca ula\u015fabilirsiniz. Bu ula\u015f\u0131m kolayl\u0131\u011f\u0131, plaj\u0131 hem yerli hem de yabanc\u0131 turistler i\u00e7in cazip k\u0131lar. \u00d6zel ara\u00e7la gelenler i\u00e7in de yeterli otopark alan\u0131 bulunmaktad\u0131r.<\/p>\n\n\n\n<h3 class=\"wp-block-heading\">\u00d6neriler ve \u0130pu\u00e7lar\u0131<\/h3>\n\n\n\n<ul class=\"wp-block-list\">\n<li><strong>Erken Gelin:<\/strong> Plaj \u00f6zellikle hafta sonlar\u0131 ve tatil d\u00f6nemlerinde kalabal\u0131k olabilir. Erken gelmeniz, iyi bir yer bulma konusunda size avantaj sa\u011flayacakt\u0131r.<\/li>\n\n\n\n<li><strong>Gerekli Malzemeleri Yan\u0131n\u0131za Al\u0131n:<\/strong> Plajda ihtiya\u00e7 duyabilece\u011finiz kamp malzemelerini, yiyecek ve i\u00e7ecekleri yan\u0131n\u0131za alman\u0131z \u00f6nemlidir. Plaj\u0131n sundu\u011fu olanaklardan yararlanarak konforlu bir kamp deneyimi ya\u015fayabilirsiniz.<\/li>\n<\/ul>\n\n\n\n<hr class=\"wp-block-separator has-alpha-channel-opacity is-style-wide\"\/>\n\n\n\n<ul class=\"wp-block-list\">\n<li><strong>Kocakar\u0131 Plaj\u0131 Kamp Alan\u0131<\/strong> <strong>Adres<\/strong>&nbsp;:&nbsp;&nbsp;Ovac\u0131k, Musalla Mahallesi, K\u00fcmeevler no:12, 35930 \u00c7e\u015fme\/\u0130zmir <strong><em><a href=\"https:\/\/www.google.com\/maps?daddr=38.36002287037662,26.31585981342229\">Konum Bilgisi<\/a><\/em><\/strong><\/li>\n\n\n\n<li><strong>Kocakar\u0131 Plaj\u0131 Kamp Alan\u0131 Telefon:<\/strong>&#8212;<\/li>\n\n\n\n<li><strong><strong>Kocakar\u0131 Plaj\u0131 Kamp Alan\u0131<\/strong> Detayl\u0131 Bilgi :<em>&nbsp;<\/em><\/strong>Detayl\u0131 bilgiler ve di\u011fer detaylar i\u00e7in<strong><em> <a href=\"https:\/\/geziyoo.co\/listing\/kocakari-plaji-kamp-alani\/\">Kocakar\u0131 Plaj\u0131 Kamp Alan\u0131<\/a> <\/em><\/strong>sayfam\u0131za g\u00f6z atabilirsiniz.<\/li>\n<\/ul>\n\n\n\n<hr class=\"wp-block-separator has-alpha-channel-opacity is-style-wide\"\/>\n\n\n\n<p>\u00c7e\u015fme \u00dccretsiz ve Denize S\u0131f\u0131r Kamp Alanlar\u0131&nbsp;listemizin sonuna geldik. Listemiz s\u00fcrekli olarak g\u00fcncellenmektedir. Sizler de katk\u0131 yaparak listemizin daha da artmas\u0131na vesile olabilirsiniz.K\u0131y\u0131da k\u00f6\u015fede kalm\u0131\u015f Kamp Alanlar\u0131 \u00f6nerilerinizi bekliyoruz.<\/p>\n","protected":false},"excerpt":{"rendered":"<p>\u00c7e\u015fme, l\u00fcks otelleri ve pahal\u0131 plaj giri\u015f \u00fccretleriyle bilinse de, yar\u0131madan\u0131n co\u011frafi yap\u0131s\u0131 kamp\u00e7\u0131lara hala c\u00f6mert davranmaktad\u0131r. \u00d6zellikle Ala\u00e7at\u0131&#8217;n\u0131n kalabal\u0131\u011f\u0131ndan ka\u00e7\u0131p, \u00c7iftlikk\u00f6y ve Ild\u0131r taraf\u0131na y\u00f6neldi\u011finizde, denizin en berrak ve en bakir halleriyle kar\u015f\u0131la\u015f\u0131rs\u0131n\u0131z. \u00c7e\u015fme&#8217;de kamp\u0131n alt\u0131n kural\u0131: &#8220;G\u00f6lge bekleme, r\u00fczgara diren.&#8221; B\u00f6lgede a\u011fa\u00e7 yap\u0131s\u0131 bodur oldu\u011fu i\u00e7in g\u00f6lgelik (tarp) hayat kurtar\u0131r. B\u00f6lgedeki \u00fccretsiz kamp &hellip;<\/p>\n","protected":false},"author":1,"featured_media":18059,"comment_status":"open","ping_status":"closed","sticky":false,"template":"","format":"standard","meta":{"footnotes":""},"categories":[589,23],"tags":[],"class_list":["post-18058","post","type-post","status-publish","format-standard","has-post-thumbnail","hentry","category-kamp1","category-kamp-kamp-alanlari"],"yoast_head":"<!-- This site is optimized with the Yoast SEO plugin v26.9 - https:\/\/yoast.com\/product\/yoast-seo-wordpress\/ -->\n<title>\u00c7e\u015fme\u2019de \u00dccretsiz ve Denize S\u0131f\u0131r En \u0130yi 8 Kamp Alan\u0131: P\u0131rlanta ve Fedon | Geziyoo<\/title>\n<meta name=\"description\" content=\"\u0130zmir \u00c7e\u015fme, s\u00f6rf\u00e7\u00fclerin cenneti P\u0131rlanta, gizli hazine Fedon Koyu, sakin Gerence, Ild\u0131r ve Karareis dahil denize s\u0131f\u0131r 8 \u00fccretsiz kamp alan\u0131n\u0131 listeledik.\" \/>\n<meta name=\"robots\" content=\"index, follow, max-snippet:-1, max-image-preview:large, max-video-preview:-1\" \/>\n<link rel=\"canonical\" href=\"http:\/\/geziyoo.co\/blog\/cesme-ucretsiz-ve-denize-sifir-kamp-alanlari\/\" \/>\n<meta property=\"og:locale\" content=\"tr_TR\" \/>\n<meta property=\"og:type\" content=\"article\" \/>\n<meta property=\"og:title\" content=\"\u00c7e\u015fme\u2019de \u00dccretsiz ve Denize S\u0131f\u0131r En \u0130yi 8 Kamp Alan\u0131: P\u0131rlanta ve Fedon | Geziyoo\" \/>\n<meta property=\"og:description\" content=\"\u0130zmir \u00c7e\u015fme, s\u00f6rf\u00e7\u00fclerin cenneti P\u0131rlanta, gizli hazine Fedon Koyu, sakin Gerence, Ild\u0131r ve Karareis dahil denize s\u0131f\u0131r 8 \u00fccretsiz kamp alan\u0131n\u0131 listeledik.\" \/>\n<meta property=\"og:url\" content=\"http:\/\/geziyoo.co\/blog\/cesme-ucretsiz-ve-denize-sifir-kamp-alanlari\/\" \/>\n<meta property=\"og:site_name\" content=\"Geziyoo.co\" \/>\n<meta property=\"article:publisher\" content=\"https:\/\/www.facebook.com\/Geziyooco\" \/>\n<meta property=\"article:author\" content=\"https:\/\/www.facebook.com\/geziyoo.co\" \/>\n<meta property=\"article:published_time\" content=\"2024-05-25T09:24:52+00:00\" \/>\n<meta property=\"article:modified_time\" content=\"2026-02-04T11:43:58+00:00\" \/>\n<meta property=\"og:image\" content=\"http:\/\/geziyoo.co\/blog\/wp-content\/uploads\/2024\/05\/Gerence-Koyu-Kamp-Alani-6-1.webp\" \/>\n\t<meta property=\"og:image:width\" content=\"1200\" \/>\n\t<meta property=\"og:image:height\" content=\"612\" \/>\n\t<meta property=\"og:image:type\" content=\"image\/webp\" \/>\n<meta name=\"author\" content=\"Geziyoo\" \/>\n<meta name=\"twitter:card\" content=\"summary_large_image\" \/>\n<meta name=\"twitter:creator\" content=\"@https:\/\/twitter.com\/geziyoo\" \/>\n<meta name=\"twitter:site\" content=\"@geziyoo\" \/>\n<meta name=\"twitter:label1\" content=\"Yazan:\" \/>\n\t<meta name=\"twitter:data1\" content=\"Geziyoo\" \/>\n\t<meta name=\"twitter:label2\" content=\"Tahmini okuma s\u00fcresi\" \/>\n\t<meta name=\"twitter:data2\" content=\"15 dakika\" \/>\n<script type=\"application\/ld+json\" class=\"yoast-schema-graph\">{\"@context\":\"https:\/\/schema.org\",\"@graph\":[{\"@type\":\"Article\",\"@id\":\"http:\/\/geziyoo.co\/blog\/cesme-ucretsiz-ve-denize-sifir-kamp-alanlari\/#article\",\"isPartOf\":{\"@id\":\"http:\/\/geziyoo.co\/blog\/cesme-ucretsiz-ve-denize-sifir-kamp-alanlari\/\"},\"author\":{\"name\":\"Geziyoo\",\"@id\":\"https:\/\/geziyoo.co\/blog\/#\/schema\/person\/032acb2436540ed14784e7d978aef0e4\"},\"headline\":\"\u00c7e\u015fme Yar\u0131madas\u0131 Koylar\u0131 Denize S\u0131f\u0131r 8 \u00dccretsiz Kamp Noktas\u0131\",\"datePublished\":\"2024-05-25T09:24:52+00:00\",\"dateModified\":\"2026-02-04T11:43:58+00:00\",\"mainEntityOfPage\":{\"@id\":\"http:\/\/geziyoo.co\/blog\/cesme-ucretsiz-ve-denize-sifir-kamp-alanlari\/\"},\"wordCount\":3097,\"commentCount\":0,\"publisher\":{\"@id\":\"https:\/\/geziyoo.co\/blog\/#organization\"},\"image\":{\"@id\":\"http:\/\/geziyoo.co\/blog\/cesme-ucretsiz-ve-denize-sifir-kamp-alanlari\/#primaryimage\"},\"thumbnailUrl\":\"https:\/\/geziyoo.co\/blog\/wp-content\/uploads\/2024\/05\/Gerence-Koyu-Kamp-Alani-6-1.webp\",\"articleSection\":[\"Kamp\",\"Kamp Alanlar\u0131\"],\"inLanguage\":\"tr\",\"potentialAction\":[{\"@type\":\"CommentAction\",\"name\":\"Comment\",\"target\":[\"http:\/\/geziyoo.co\/blog\/cesme-ucretsiz-ve-denize-sifir-kamp-alanlari\/#respond\"]}]},{\"@type\":\"WebPage\",\"@id\":\"http:\/\/geziyoo.co\/blog\/cesme-ucretsiz-ve-denize-sifir-kamp-alanlari\/\",\"url\":\"http:\/\/geziyoo.co\/blog\/cesme-ucretsiz-ve-denize-sifir-kamp-alanlari\/\",\"name\":\"\u00c7e\u015fme\u2019de \u00dccretsiz ve Denize S\u0131f\u0131r En \u0130yi 8 Kamp Alan\u0131: P\u0131rlanta ve Fedon | Geziyoo\",\"isPartOf\":{\"@id\":\"https:\/\/geziyoo.co\/blog\/#website\"},\"primaryImageOfPage\":{\"@id\":\"http:\/\/geziyoo.co\/blog\/cesme-ucretsiz-ve-denize-sifir-kamp-alanlari\/#primaryimage\"},\"image\":{\"@id\":\"http:\/\/geziyoo.co\/blog\/cesme-ucretsiz-ve-denize-sifir-kamp-alanlari\/#primaryimage\"},\"thumbnailUrl\":\"https:\/\/geziyoo.co\/blog\/wp-content\/uploads\/2024\/05\/Gerence-Koyu-Kamp-Alani-6-1.webp\",\"datePublished\":\"2024-05-25T09:24:52+00:00\",\"dateModified\":\"2026-02-04T11:43:58+00:00\",\"description\":\"\u0130zmir \u00c7e\u015fme, s\u00f6rf\u00e7\u00fclerin cenneti P\u0131rlanta, gizli hazine Fedon Koyu, sakin Gerence, Ild\u0131r ve Karareis dahil denize s\u0131f\u0131r 8 \u00fccretsiz kamp alan\u0131n\u0131 listeledik.\",\"breadcrumb\":{\"@id\":\"http:\/\/geziyoo.co\/blog\/cesme-ucretsiz-ve-denize-sifir-kamp-alanlari\/#breadcrumb\"},\"inLanguage\":\"tr\",\"potentialAction\":[{\"@type\":\"ReadAction\",\"target\":[\"http:\/\/geziyoo.co\/blog\/cesme-ucretsiz-ve-denize-sifir-kamp-alanlari\/\"]}]},{\"@type\":\"ImageObject\",\"inLanguage\":\"tr\",\"@id\":\"http:\/\/geziyoo.co\/blog\/cesme-ucretsiz-ve-denize-sifir-kamp-alanlari\/#primaryimage\",\"url\":\"https:\/\/geziyoo.co\/blog\/wp-content\/uploads\/2024\/05\/Gerence-Koyu-Kamp-Alani-6-1.webp\",\"contentUrl\":\"https:\/\/geziyoo.co\/blog\/wp-content\/uploads\/2024\/05\/Gerence-Koyu-Kamp-Alani-6-1.webp\",\"width\":1200,\"height\":612},{\"@type\":\"BreadcrumbList\",\"@id\":\"http:\/\/geziyoo.co\/blog\/cesme-ucretsiz-ve-denize-sifir-kamp-alanlari\/#breadcrumb\",\"itemListElement\":[{\"@type\":\"ListItem\",\"position\":1,\"name\":\"Ana sayfa\",\"item\":\"https:\/\/geziyoo.co\/blog\/\"},{\"@type\":\"ListItem\",\"position\":2,\"name\":\"\u00c7e\u015fme Yar\u0131madas\u0131 Koylar\u0131 Denize S\u0131f\u0131r 8 \u00dccretsiz Kamp Noktas\u0131\"}]},{\"@type\":\"WebSite\",\"@id\":\"https:\/\/geziyoo.co\/blog\/#website\",\"url\":\"https:\/\/geziyoo.co\/blog\/\",\"name\":\"Geziyoo Blog\",\"description\":\"GeziYoo Blog&#039;da T\u00fcrkiye&#039;nin en iyi kamp alanlar\u0131ndan bungalov tatillerine, karavan ipu\u00e7lar\u0131ndan gezi rehberlerine kadar her t\u00fcrl\u00fc do\u011fa deneyimini ke\u015ffedin.\",\"publisher\":{\"@id\":\"https:\/\/geziyoo.co\/blog\/#organization\"},\"potentialAction\":[{\"@type\":\"SearchAction\",\"target\":{\"@type\":\"EntryPoint\",\"urlTemplate\":\"https:\/\/geziyoo.co\/blog\/?s={search_term_string}\"},\"query-input\":{\"@type\":\"PropertyValueSpecification\",\"valueRequired\":true,\"valueName\":\"search_term_string\"}}],\"inLanguage\":\"tr\"},{\"@type\":\"Organization\",\"@id\":\"https:\/\/geziyoo.co\/blog\/#organization\",\"name\":\"Geziyoo.co\",\"url\":\"https:\/\/geziyoo.co\/blog\/\",\"logo\":{\"@type\":\"ImageObject\",\"inLanguage\":\"tr\",\"@id\":\"https:\/\/geziyoo.co\/blog\/#\/schema\/logo\/image\/\",\"url\":\"https:\/\/geziyoo.co\/blog\/wp-content\/uploads\/2025\/01\/Paragraf-metniniz-3.png\",\"contentUrl\":\"https:\/\/geziyoo.co\/blog\/wp-content\/uploads\/2025\/01\/Paragraf-metniniz-3.png\",\"width\":270,\"height\":50,\"caption\":\"Geziyoo.co\"},\"image\":{\"@id\":\"https:\/\/geziyoo.co\/blog\/#\/schema\/logo\/image\/\"},\"sameAs\":[\"https:\/\/www.facebook.com\/Geziyooco\",\"https:\/\/x.com\/geziyoo\",\"https:\/\/tr.pinterest.com\/geziyooco\/\",\"https:\/\/www.youtube.com\/@geziyoo\",\"https:\/\/www.instagram.com\/geziyoo.co\/\"]},{\"@type\":\"Person\",\"@id\":\"https:\/\/geziyoo.co\/blog\/#\/schema\/person\/032acb2436540ed14784e7d978aef0e4\",\"name\":\"Geziyoo\",\"image\":{\"@type\":\"ImageObject\",\"inLanguage\":\"tr\",\"@id\":\"https:\/\/geziyoo.co\/blog\/#\/schema\/person\/image\/\",\"url\":\"https:\/\/secure.gravatar.com\/avatar\/ae212a4514471fdb8cab6e5af4f3c99b940a2d0a16713ea0392c8d7c8a64f30a?s=96&d=mm&r=g\",\"contentUrl\":\"https:\/\/secure.gravatar.com\/avatar\/ae212a4514471fdb8cab6e5af4f3c99b940a2d0a16713ea0392c8d7c8a64f30a?s=96&d=mm&r=g\",\"caption\":\"Geziyoo\"},\"description\":\"Do\u011fa ile i\u00e7 i\u00e7e olabilece\u011finiz yerler,do\u011fa aktivite alanlar\u0131,kamp alanlar\u0131,bungalov oteller,Tiny House Oteller, Galampingler ve da\u011f evlerinin herkes i\u00e7in ula\u015f\u0131labilir olmas\u0131n\u0131 sa\u011flamak amac\u0131yla Geziyoo\u2019ya 2019 y\u0131l\u0131nda ba\u015flad\u0131k.Do\u011fal Tatil konseptini uygulayan en geni\u015f kapsaml\u0131 sitedir.\",\"sameAs\":[\"https:\/\/geziyoo.co\/\",\"https:\/\/www.facebook.com\/geziyoo.co\",\"https:\/\/www.instagram.com\/geziyoo.co\/\",\"https:\/\/tr.pinterest.com\/geziyooco\/\",\"https:\/\/x.com\/https:\/\/twitter.com\/geziyoo\",\"https:\/\/www.youtube.com\/channel\/UCdiSMa6pe17KEY7DP1Ug4ag\"]}]}<\/script>\n<!-- \/ Yoast SEO plugin. -->","yoast_head_json":{"title":"\u00c7e\u015fme\u2019de \u00dccretsiz ve Denize S\u0131f\u0131r En \u0130yi 8 Kamp Alan\u0131: P\u0131rlanta ve Fedon | Geziyoo","description":"\u0130zmir \u00c7e\u015fme, s\u00f6rf\u00e7\u00fclerin cenneti P\u0131rlanta, gizli hazine Fedon Koyu, sakin Gerence, Ild\u0131r ve Karareis dahil denize s\u0131f\u0131r 8 \u00fccretsiz kamp alan\u0131n\u0131 listeledik.","robots":{"index":"index","follow":"follow","max-snippet":"max-snippet:-1","max-image-preview":"max-image-preview:large","max-video-preview":"max-video-preview:-1"},"canonical":"http:\/\/geziyoo.co\/blog\/cesme-ucretsiz-ve-denize-sifir-kamp-alanlari\/","og_locale":"tr_TR","og_type":"article","og_title":"\u00c7e\u015fme\u2019de \u00dccretsiz ve Denize S\u0131f\u0131r En \u0130yi 8 Kamp Alan\u0131: P\u0131rlanta ve Fedon | Geziyoo","og_description":"\u0130zmir \u00c7e\u015fme, s\u00f6rf\u00e7\u00fclerin cenneti P\u0131rlanta, gizli hazine Fedon Koyu, sakin Gerence, Ild\u0131r ve Karareis dahil denize s\u0131f\u0131r 8 \u00fccretsiz kamp alan\u0131n\u0131 listeledik.","og_url":"http:\/\/geziyoo.co\/blog\/cesme-ucretsiz-ve-denize-sifir-kamp-alanlari\/","og_site_name":"Geziyoo.co","article_publisher":"https:\/\/www.facebook.com\/Geziyooco","article_author":"https:\/\/www.facebook.com\/geziyoo.co","article_published_time":"2024-05-25T09:24:52+00:00","article_modified_time":"2026-02-04T11:43:58+00:00","og_image":[{"width":1200,"height":612,"url":"http:\/\/geziyoo.co\/blog\/wp-content\/uploads\/2024\/05\/Gerence-Koyu-Kamp-Alani-6-1.webp","type":"image\/webp"}],"author":"Geziyoo","twitter_card":"summary_large_image","twitter_creator":"@https:\/\/twitter.com\/geziyoo","twitter_site":"@geziyoo","twitter_misc":{"Yazan:":"Geziyoo","Tahmini okuma s\u00fcresi":"15 dakika"},"schema":{"@context":"https:\/\/schema.org","@graph":[{"@type":"Article","@id":"http:\/\/geziyoo.co\/blog\/cesme-ucretsiz-ve-denize-sifir-kamp-alanlari\/#article","isPartOf":{"@id":"http:\/\/geziyoo.co\/blog\/cesme-ucretsiz-ve-denize-sifir-kamp-alanlari\/"},"author":{"name":"Geziyoo","@id":"https:\/\/geziyoo.co\/blog\/#\/schema\/person\/032acb2436540ed14784e7d978aef0e4"},"headline":"\u00c7e\u015fme Yar\u0131madas\u0131 Koylar\u0131 Denize S\u0131f\u0131r 8 \u00dccretsiz Kamp Noktas\u0131","datePublished":"2024-05-25T09:24:52+00:00","dateModified":"2026-02-04T11:43:58+00:00","mainEntityOfPage":{"@id":"http:\/\/geziyoo.co\/blog\/cesme-ucretsiz-ve-denize-sifir-kamp-alanlari\/"},"wordCount":3097,"commentCount":0,"publisher":{"@id":"https:\/\/geziyoo.co\/blog\/#organization"},"image":{"@id":"http:\/\/geziyoo.co\/blog\/cesme-ucretsiz-ve-denize-sifir-kamp-alanlari\/#primaryimage"},"thumbnailUrl":"https:\/\/geziyoo.co\/blog\/wp-content\/uploads\/2024\/05\/Gerence-Koyu-Kamp-Alani-6-1.webp","articleSection":["Kamp","Kamp Alanlar\u0131"],"inLanguage":"tr","potentialAction":[{"@type":"CommentAction","name":"Comment","target":["http:\/\/geziyoo.co\/blog\/cesme-ucretsiz-ve-denize-sifir-kamp-alanlari\/#respond"]}]},{"@type":"WebPage","@id":"http:\/\/geziyoo.co\/blog\/cesme-ucretsiz-ve-denize-sifir-kamp-alanlari\/","url":"http:\/\/geziyoo.co\/blog\/cesme-ucretsiz-ve-denize-sifir-kamp-alanlari\/","name":"\u00c7e\u015fme\u2019de \u00dccretsiz ve Denize S\u0131f\u0131r En \u0130yi 8 Kamp Alan\u0131: P\u0131rlanta ve Fedon | Geziyoo","isPartOf":{"@id":"https:\/\/geziyoo.co\/blog\/#website"},"primaryImageOfPage":{"@id":"http:\/\/geziyoo.co\/blog\/cesme-ucretsiz-ve-denize-sifir-kamp-alanlari\/#primaryimage"},"image":{"@id":"http:\/\/geziyoo.co\/blog\/cesme-ucretsiz-ve-denize-sifir-kamp-alanlari\/#primaryimage"},"thumbnailUrl":"https:\/\/geziyoo.co\/blog\/wp-content\/uploads\/2024\/05\/Gerence-Koyu-Kamp-Alani-6-1.webp","datePublished":"2024-05-25T09:24:52+00:00","dateModified":"2026-02-04T11:43:58+00:00","description":"\u0130zmir \u00c7e\u015fme, s\u00f6rf\u00e7\u00fclerin cenneti P\u0131rlanta, gizli hazine Fedon Koyu, sakin Gerence, Ild\u0131r ve Karareis dahil denize s\u0131f\u0131r 8 \u00fccretsiz kamp alan\u0131n\u0131 listeledik.","breadcrumb":{"@id":"http:\/\/geziyoo.co\/blog\/cesme-ucretsiz-ve-denize-sifir-kamp-alanlari\/#breadcrumb"},"inLanguage":"tr","potentialAction":[{"@type":"ReadAction","target":["http:\/\/geziyoo.co\/blog\/cesme-ucretsiz-ve-denize-sifir-kamp-alanlari\/"]}]},{"@type":"ImageObject","inLanguage":"tr","@id":"http:\/\/geziyoo.co\/blog\/cesme-ucretsiz-ve-denize-sifir-kamp-alanlari\/#primaryimage","url":"https:\/\/geziyoo.co\/blog\/wp-content\/uploads\/2024\/05\/Gerence-Koyu-Kamp-Alani-6-1.webp","contentUrl":"https:\/\/geziyoo.co\/blog\/wp-content\/uploads\/2024\/05\/Gerence-Koyu-Kamp-Alani-6-1.webp","width":1200,"height":612},{"@type":"BreadcrumbList","@id":"http:\/\/geziyoo.co\/blog\/cesme-ucretsiz-ve-denize-sifir-kamp-alanlari\/#breadcrumb","itemListElement":[{"@type":"ListItem","position":1,"name":"Ana sayfa","item":"https:\/\/geziyoo.co\/blog\/"},{"@type":"ListItem","position":2,"name":"\u00c7e\u015fme Yar\u0131madas\u0131 Koylar\u0131 Denize S\u0131f\u0131r 8 \u00dccretsiz Kamp Noktas\u0131"}]},{"@type":"WebSite","@id":"https:\/\/geziyoo.co\/blog\/#website","url":"https:\/\/geziyoo.co\/blog\/","name":"Geziyoo Blog","description":"GeziYoo Blog&#039;da T\u00fcrkiye&#039;nin en iyi kamp alanlar\u0131ndan bungalov tatillerine, karavan ipu\u00e7lar\u0131ndan gezi rehberlerine kadar her t\u00fcrl\u00fc do\u011fa deneyimini ke\u015ffedin.","publisher":{"@id":"https:\/\/geziyoo.co\/blog\/#organization"},"potentialAction":[{"@type":"SearchAction","target":{"@type":"EntryPoint","urlTemplate":"https:\/\/geziyoo.co\/blog\/?s={search_term_string}"},"query-input":{"@type":"PropertyValueSpecification","valueRequired":true,"valueName":"search_term_string"}}],"inLanguage":"tr"},{"@type":"Organization","@id":"https:\/\/geziyoo.co\/blog\/#organization","name":"Geziyoo.co","url":"https:\/\/geziyoo.co\/blog\/","logo":{"@type":"ImageObject","inLanguage":"tr","@id":"https:\/\/geziyoo.co\/blog\/#\/schema\/logo\/image\/","url":"https:\/\/geziyoo.co\/blog\/wp-content\/uploads\/2025\/01\/Paragraf-metniniz-3.png","contentUrl":"https:\/\/geziyoo.co\/blog\/wp-content\/uploads\/2025\/01\/Paragraf-metniniz-3.png","width":270,"height":50,"caption":"Geziyoo.co"},"image":{"@id":"https:\/\/geziyoo.co\/blog\/#\/schema\/logo\/image\/"},"sameAs":["https:\/\/www.facebook.com\/Geziyooco","https:\/\/x.com\/geziyoo","https:\/\/tr.pinterest.com\/geziyooco\/","https:\/\/www.youtube.com\/@geziyoo","https:\/\/www.instagram.com\/geziyoo.co\/"]},{"@type":"Person","@id":"https:\/\/geziyoo.co\/blog\/#\/schema\/person\/032acb2436540ed14784e7d978aef0e4","name":"Geziyoo","image":{"@type":"ImageObject","inLanguage":"tr","@id":"https:\/\/geziyoo.co\/blog\/#\/schema\/person\/image\/","url":"https:\/\/secure.gravatar.com\/avatar\/ae212a4514471fdb8cab6e5af4f3c99b940a2d0a16713ea0392c8d7c8a64f30a?s=96&d=mm&r=g","contentUrl":"https:\/\/secure.gravatar.com\/avatar\/ae212a4514471fdb8cab6e5af4f3c99b940a2d0a16713ea0392c8d7c8a64f30a?s=96&d=mm&r=g","caption":"Geziyoo"},"description":"Do\u011fa ile i\u00e7 i\u00e7e olabilece\u011finiz yerler,do\u011fa aktivite alanlar\u0131,kamp alanlar\u0131,bungalov oteller,Tiny House Oteller, Galampingler ve da\u011f evlerinin herkes i\u00e7in ula\u015f\u0131labilir olmas\u0131n\u0131 sa\u011flamak amac\u0131yla Geziyoo\u2019ya 2019 y\u0131l\u0131nda ba\u015flad\u0131k.Do\u011fal Tatil konseptini uygulayan en geni\u015f kapsaml\u0131 sitedir.","sameAs":["https:\/\/geziyoo.co\/","https:\/\/www.facebook.com\/geziyoo.co","https:\/\/www.instagram.com\/geziyoo.co\/","https:\/\/tr.pinterest.com\/geziyooco\/","https:\/\/x.com\/https:\/\/twitter.com\/geziyoo","https:\/\/www.youtube.com\/channel\/UCdiSMa6pe17KEY7DP1Ug4ag"]}]}},"amp_enabled":true,"_links":{"self":[{"href":"https:\/\/geziyoo.co\/blog\/wp-json\/wp\/v2\/posts\/18058","targetHints":{"allow":["GET"]}}],"collection":[{"href":"https:\/\/geziyoo.co\/blog\/wp-json\/wp\/v2\/posts"}],"about":[{"href":"https:\/\/geziyoo.co\/blog\/wp-json\/wp\/v2\/types\/post"}],"author":[{"embeddable":true,"href":"https:\/\/geziyoo.co\/blog\/wp-json\/wp\/v2\/users\/1"}],"replies":[{"embeddable":true,"href":"https:\/\/geziyoo.co\/blog\/wp-json\/wp\/v2\/comments?post=18058"}],"version-history":[{"count":0,"href":"https:\/\/geziyoo.co\/blog\/wp-json\/wp\/v2\/posts\/18058\/revisions"}],"wp:featuredmedia":[{"embeddable":true,"href":"https:\/\/geziyoo.co\/blog\/wp-json\/wp\/v2\/media\/18059"}],"wp:attachment":[{"href":"https:\/\/geziyoo.co\/blog\/wp-json\/wp\/v2\/media?parent=18058"}],"wp:term":[{"taxonomy":"category","embeddable":true,"href":"https:\/\/geziyoo.co\/blog\/wp-json\/wp\/v2\/categories?post=18058"},{"taxonomy":"post_tag","embeddable":true,"href":"https:\/\/geziyoo.co\/blog\/wp-json\/wp\/v2\/tags?post=18058"}],"curies":[{"name":"wp","href":"https:\/\/api.w.org\/{rel}","templated":true}]}}