{"id":17954,"date":"2024-05-16T04:16:45","date_gmt":"2024-05-16T04:16:45","guid":{"rendered":"https:\/\/geziyoo.co\/blog\/?p=17954"},"modified":"2026-02-05T13:03:35","modified_gmt":"2026-02-05T13:03:35","slug":"ilk-yardim-cantasinda-neler-olmali-ve-seyahat-ilaclari","status":"publish","type":"post","link":"https:\/\/geziyoo.co\/blog\/ilk-yardim-cantasinda-neler-olmali-ve-seyahat-ilaclari\/","title":{"rendered":"\u0130lk Yard\u0131m \u00c7antas\u0131nda Neler Olmal\u0131 ve Seyahat \u0130la\u00e7lar\u0131"},"content":{"rendered":"\n<p>Merhabalar, bu i\u00e7eri\u011fimizde seyahat ederken veya kampa \u00e7\u0131karken yan\u0131n\u0131zda bulundurman\u0131z gereken ilk yard\u0131m \u00e7antas\u0131n\u0131n i\u00e7erisindeki e\u015fyalar ve g\u00f6t\u00fcrmeniz gereken ila\u00e7lar hakk\u0131nda bilgiler verece\u011fiz. Tatilinizde ve kamp aktivitenizde ba\u015f\u0131n\u0131za gelebilecek k\u00f6t\u00fc durumlar i\u00e7in haz\u0131rl\u0131kl\u0131 olman\u0131z\u0131 sa\u011flamak istiyoruz.<\/p>\n\n\n\n<p>Tatile giderken nereye gidece\u011finiz her zaman belli olmayabilir. Tatilin heyecan\u0131yla dikkatsiz veya ihmalkar davranarak \u00e7e\u015fitli kazalar ya\u015fayabilirsiniz. Bu t\u00fcr durumlar\u0131 g\u00f6z \u00f6n\u00fcnde bulundurarak sizler i\u00e7in kapsaml\u0131 bir i\u00e7erik haz\u0131rlad\u0131k.<\/p>\n\n\n\n<p><strong>UYARI:<\/strong>Belirtti\u011fimiz ila\u00e7lar\u0131 sadece doktorunuza dan\u0131\u015farak al\u0131n ve kullan\u0131n.Kesinlikle t\u0131bbi bir \u00f6neri vermiyoruz.[\/box]\r\n\n\t\t<div class=\"box warning  alignleft\">\n\t\t\t<div class=\"box-inner-block\">\n\t\t\t\t<span class=\"fa tie-shortcode-boxicon\"><\/span>\n\t\t\t<\/div>\n\t\t<\/div>\n\t<strong>UYARI2:<\/strong>Tatilde ba\u015f\u0131n\u0131za herhangi bir \u015fey gelirse ilk yapman\u0131z gereken ilk yard\u0131m ve ikinci yapman\u0131z gereken \u015fey kesinlikle bir doktora gitmeniz.<\/p>\n\n\n\n<hr class=\"wp-block-separator has-css-opacity is-style-wide\"\/>\n\n\n\n<h2 class=\"wp-block-heading\">\u0130lk Yard\u0131m \u00c7antas\u0131 \u0130\u00e7erisinde Olmas\u0131 Gereken E\u015fyalar ve Seyahat \u0130la\u00e7lar\u0131<\/h2>\n\n\n\n<figure class=\"wp-block-image size-full is-resized\"><img decoding=\"async\" width=\"650\" height=\"410\" data-src=\"https:\/\/geziyoo.co\/blog\/wp-content\/uploads\/2024\/05\/Arabayla-Uzun-Yola-Cikmak-4.jpg\" alt=\"\u0130lk Yard\u0131m \u00c7antas\u0131nda Neler Olmal\u0131 ve Seyahat \u0130la\u00e7lar\u0131\" class=\"wp-image-17956 lazyload\" style=\"--smush-placeholder-width: 650px; --smush-placeholder-aspect-ratio: 650\/410;width:750px\" data-srcset=\"https:\/\/geziyoo.co\/blog\/wp-content\/uploads\/2024\/05\/Arabayla-Uzun-Yola-Cikmak-4.jpg 650w, https:\/\/geziyoo.co\/blog\/wp-content\/uploads\/2024\/05\/Arabayla-Uzun-Yola-Cikmak-4-300x189.jpg 300w, https:\/\/geziyoo.co\/blog\/wp-content\/uploads\/2024\/05\/Arabayla-Uzun-Yola-Cikmak-4-150x95.jpg 150w\" data-sizes=\"(max-width: 650px) 100vw, 650px\" src=\"data:image\/gif;base64,R0lGODlhAQABAAAAACH5BAEKAAEALAAAAAABAAEAAAICTAEAOw==\" \/><figcaption class=\"wp-element-caption\">\u0130lk Yard\u0131m \u00c7antas\u0131nda Neler Olmal\u0131 ve Seyahat \u0130la\u00e7lar\u0131<\/figcaption><\/figure>\n\n\n\n<p>Tatile veya seyahate \u00e7\u0131karken mutlaka araban\u0131zda ve yan\u0131n\u0131zda bir ilk yard\u0131m \u00e7antas\u0131 bulundurmal\u0131s\u0131n\u0131z ve ilk yard\u0131m e\u011fitimi alman\u0131z \u00f6nemlidir. E\u011fitim almak i\u00e7in mutlaka <a href=\"https:\/\/www.ilkyardim.org.tr\/\">\u0130lkyard\u0131m E\u011fitimi<\/a> ba\u011flant\u0131s\u0131na g\u00f6z at\u0131n.<\/p>\n\n\n\n<p>\u0130lk yard\u0131m \u00e7antan\u0131zda bulundurman\u0131z gereken temel malzemeler:<\/p>\n\n\n\n<ul class=\"wp-block-list\">\n<li><strong>Antiseptik mendil:<\/strong> E\u011fer o an \u00e7antada yoksa \u0131slak mendil de olabilir.<\/li>\n\n\n\n<li><strong>Steril gazl\u0131 bez:<\/strong> Yaralar\u0131n temizlenmesi ve kapat\u0131lmas\u0131 i\u00e7in gereklidir.<\/li>\n\n\n\n<li><strong>Kelebek sarg\u0131 band\u0131:<\/strong> K\u00fc\u00e7\u00fck yaralar\u0131n kapat\u0131lmas\u0131 i\u00e7in kullan\u0131l\u0131r.<\/li>\n\n\n\n<li><strong>Yara band\u0131:<\/strong> \u00d6zellikle k\u00fc\u00e7\u00fck ve ac\u0131 verici kesiklerin mikrop kapmamas\u0131 i\u00e7in \u00e7ok \u00f6nemlidir.<\/li>\n\n\n\n<li><strong>Oksijenli su:<\/strong> Yaralar\u0131n temizlenmesi i\u00e7in idealdir.<\/li>\n\n\n\n<li><strong>Elastik bandaj:<\/strong> Burkulma veya kas zedelenmelerinde kullan\u0131l\u0131r.<\/li>\n\n\n\n<li><strong>C\u0131mb\u0131z:<\/strong> K\u0131l veya k\u00fc\u00e7\u00fck yabanc\u0131 cisimleri \u00e7\u0131karmak i\u00e7in gereklidir.<\/li>\n\n\n\n<li><strong>\u00c7engelli i\u011fne:<\/strong> Bandajlar\u0131 sabitlemek i\u00e7in kullan\u0131l\u0131r.<\/li>\n\n\n\n<li><strong>Temel \u0130lk Yard\u0131m Kitab\u0131 veya Uygulamas\u0131:<\/strong> Buradan telefon uygulamas\u0131na ula\u015fabilirsiniz.<\/li>\n\n\n\n<li><strong>Kulak pamu\u011fu \/ pamuk:<\/strong> Yaralar\u0131n temizlenmesi i\u00e7in kullan\u0131l\u0131r.<\/li>\n\n\n\n<li><strong>Tent\u00fcrdiyot:<\/strong> Antiseptik olarak yaralar\u0131n temizlenmesi i\u00e7in kullan\u0131l\u0131r.<\/li>\n<\/ul>\n\n\n\n<p>\u0130lk yard\u0131m \u00e7antan\u0131z\u0131n d\u00fczenli olarak kontrol edilmesi ve eksik malzemelerin tamamlanmas\u0131 gerekti\u011fini unutmay\u0131n. B\u00f6ylece, acil durumlarda daha haz\u0131rl\u0131kl\u0131 olabilirsiniz.<\/p>\n\n\n\n<hr class=\"wp-block-separator has-css-opacity is-style-wide\"\/>\n\n\n\n<h2 class=\"wp-block-heading\">Seyahat \u0130la\u00e7lar\u0131<\/h2>\n\n\n\n<figure class=\"wp-block-image size-full is-resized\"><img decoding=\"async\" width=\"640\" height=\"360\" data-src=\"https:\/\/geziyoo.co\/blog\/wp-content\/uploads\/2024\/05\/Tatil-Ipucu-3.jpg\" alt=\"\u0130lk Yard\u0131m \u00c7antas\u0131nda Neler Olmal\u0131 ve Seyahat \u0130la\u00e7lar\u0131\" class=\"wp-image-17957 lazyload\" style=\"--smush-placeholder-width: 640px; --smush-placeholder-aspect-ratio: 640\/360;width:750px\" data-srcset=\"https:\/\/geziyoo.co\/blog\/wp-content\/uploads\/2024\/05\/Tatil-Ipucu-3.jpg 640w, https:\/\/geziyoo.co\/blog\/wp-content\/uploads\/2024\/05\/Tatil-Ipucu-3-300x169.jpg 300w, https:\/\/geziyoo.co\/blog\/wp-content\/uploads\/2024\/05\/Tatil-Ipucu-3-390x220.jpg 390w, https:\/\/geziyoo.co\/blog\/wp-content\/uploads\/2024\/05\/Tatil-Ipucu-3-150x84.jpg 150w\" data-sizes=\"(max-width: 640px) 100vw, 640px\" src=\"data:image\/gif;base64,R0lGODlhAQABAAAAACH5BAEKAAEALAAAAAABAAEAAAICTAEAOw==\" \/><figcaption class=\"wp-element-caption\">\u0130lk Yard\u0131m \u00c7antas\u0131 \u0130\u00e7erisinde Olmas\u0131 Gereken E\u015fyalar<\/figcaption><\/figure>\n\n\n\n<p>Arkada\u015flar, a\u015fa\u011f\u0131daki ila\u00e7lar\u0131 kullanmadan \u00f6nce mutlaka doktorunuza dan\u0131\u015f\u0131n ve bu ila\u00e7lara kar\u015f\u0131 herhangi bir alerjinizin olmad\u0131\u011f\u0131n\u0131 kontrol ettirin.<\/p>\n\n\n\n<p>E\u011fer yurtd\u0131\u015f\u0131na \u00e7\u0131kmay\u0131 planl\u0131yorsan\u0131z, a\u015fa\u011f\u0131daki ila\u00e7lar\u0131n baz\u0131 \u00fclkelerde sorun yaratabilece\u011fini unutmay\u0131n. Gidece\u011finiz \u00fclkenin ila\u00e7 d\u00fczenlemelerini dikkatlice ara\u015ft\u0131r\u0131n.<\/p>\n\n\n\n<h3 class=\"wp-block-heading\"><strong>\u0130la\u00e7 Listesi:<\/strong><\/h3>\n\n\n\n<ul class=\"wp-block-list\">\n<li><strong>Prebiyotik:<\/strong> Kefir ve yo\u011furt gibi do\u011fal prebiyotik kaynaklar\u0131 da i\u015f g\u00f6r\u00fcr.<\/li>\n\n\n\n<li><strong>Kab\u0131zl\u0131k ve ishal ila\u00e7lar\u0131:<\/strong> Seyahatte sindirim sorunlar\u0131 ya\u015fanabilir, bu ila\u00e7lar yard\u0131mc\u0131 olabilir.<\/li>\n\n\n\n<li><strong>Anti-histaminik:<\/strong> Alerji ila\u00e7lar\u0131, doktorunuz taraf\u0131ndan belirlenmelidir.<\/li>\n\n\n\n<li><strong>Mide bulant\u0131s\u0131 giderici ila\u00e7lar:<\/strong> Ara\u00e7 tutmas\u0131 veya seyahat s\u0131ras\u0131nda mide bulant\u0131s\u0131n\u0131 \u00f6nler.<\/li>\n\n\n\n<li><strong>D\u00fc\u015f\u00fck kortizon oranl\u0131 krem:<\/strong> Bebekler i\u00e7in kullan\u0131lan d\u00fc\u015f\u00fck kortizonlu kremler cilt tahri\u015flerinde faydal\u0131d\u0131r.<\/li>\n\n\n\n<li><strong>\u00d6ks\u00fcr\u00fck ilac\u0131:<\/strong> So\u011fuk alg\u0131nl\u0131\u011f\u0131 veya di\u011fer solunum yolu rahats\u0131zl\u0131klar\u0131nda kullan\u0131labilir.<\/li>\n\n\n\n<li><strong>\u00c7inko ve C vitamini:<\/strong> Enerjik hissediyorsan\u0131z ve dengeli besleniyorsan\u0131z, ek takviye gerekmeyebilir.<\/li>\n\n\n\n<li><strong>A\u011fr\u0131 kesici:<\/strong> Ba\u015f a\u011fr\u0131s\u0131 veya di\u011fer a\u011fr\u0131lar i\u00e7in yan\u0131n\u0131zda bulundurulmal\u0131d\u0131r.<\/li>\n\n\n\n<li><strong>Do\u011fum kontrol hap\u0131 ve d\u00fczenli kullan\u0131lan ila\u00e7lar:<\/strong> Bu t\u00fcr ila\u00e7lar d\u00fczenli kullan\u0131m gerektirir.<\/li>\n\n\n\n<li><strong>Antibiyotikli krem:<\/strong> Yan\u0131klar veya enfekte olmu\u015f yaralar i\u00e7in faydal\u0131 olabilir, fakat doktorunuza dan\u0131\u015f\u0131n.<\/li>\n\n\n\n<li><strong>Burun spreyi:<\/strong> \u00c7ok s\u0131k kullan\u0131ld\u0131\u011f\u0131nda etkisi azalabilir.<\/li>\n\n\n\n<li><strong>Yan\u0131k kremi:<\/strong> G\u00fcne\u015f yan\u0131\u011f\u0131 veya hafif yan\u0131klar i\u00e7in yan\u0131n\u0131zda bulundurabilirsiniz.<\/li>\n<\/ul>\n\n\n\n<p>Bu ila\u00e7lar\u0131 kullanmadan \u00f6nce doktorunuza dan\u0131\u015fmay\u0131 ve yurtd\u0131\u015f\u0131na \u00e7\u0131kmadan \u00f6nce gidece\u011finiz \u00fclkenin ila\u00e7 d\u00fczenlemelerini ara\u015ft\u0131rmay\u0131 unutmay\u0131n.<\/p>\n\n\n\n<hr class=\"wp-block-separator has-alpha-channel-opacity is-style-wide\"\/>\n\n\n\n<h2 class=\"wp-block-heading\"><strong>Kampta ve Tatilde Hayatta Kalman\u0131n Anahtar\u0131: \u0130lk Yard\u0131m Bilgisi<\/strong><\/h2>\n\n\n\n<figure class=\"wp-block-image size-large\"><img decoding=\"async\" width=\"1024\" height=\"1024\" data-src=\"https:\/\/geziyoo.co\/blog\/wp-content\/uploads\/2020\/05\/Kamp-\u00c7antas\u0131nda-Bulunmas\u0131-Gereken-\u0130lkyard\u0131m-Malzemeleri-3-1024x1024.jpg\" alt=\"\" class=\"wp-image-5612 lazyload\" data-srcset=\"https:\/\/geziyoo.co\/blog\/wp-content\/uploads\/2020\/05\/Kamp-\u00c7antas\u0131nda-Bulunmas\u0131-Gereken-\u0130lkyard\u0131m-Malzemeleri-3-1024x1024.jpg 1024w, https:\/\/geziyoo.co\/blog\/wp-content\/uploads\/2020\/05\/Kamp-\u00c7antas\u0131nda-Bulunmas\u0131-Gereken-\u0130lkyard\u0131m-Malzemeleri-3-300x300.jpg 300w, https:\/\/geziyoo.co\/blog\/wp-content\/uploads\/2020\/05\/Kamp-\u00c7antas\u0131nda-Bulunmas\u0131-Gereken-\u0130lkyard\u0131m-Malzemeleri-3-150x150.jpg 150w, https:\/\/geziyoo.co\/blog\/wp-content\/uploads\/2020\/05\/Kamp-\u00c7antas\u0131nda-Bulunmas\u0131-Gereken-\u0130lkyard\u0131m-Malzemeleri-3-768x768.jpg 768w, https:\/\/geziyoo.co\/blog\/wp-content\/uploads\/2020\/05\/Kamp-\u00c7antas\u0131nda-Bulunmas\u0131-Gereken-\u0130lkyard\u0131m-Malzemeleri-3.jpg 800w\" data-sizes=\"(max-width: 1024px) 100vw, 1024px\" src=\"data:image\/gif;base64,R0lGODlhAQABAAAAACH5BAEKAAEALAAAAAABAAEAAAICTAEAOw==\" style=\"--smush-placeholder-width: 1024px; --smush-placeholder-aspect-ratio: 1024\/1024;\" \/><\/figure>\n\n\n\n<p>Do\u011fa, sundu\u011fu g\u00fczelliklerin yan\u0131 s\u0131ra beklenmedik durumlar\u0131 da beraberinde getirebilir. Kamp yaparken kar\u015f\u0131la\u015fabilece\u011finiz basit yaralanmalar\u0131n yan\u0131 s\u0131ra, hayati tehlike olu\u015fturabilecek durumlar da s\u00f6z konusu olabilir. Bu nedenle, her kamp\u00e7\u0131n\u0131n temel ilk yard\u0131m bilgisine sahip olmas\u0131 hayati \u00f6nem ta\u015f\u0131r.<\/p>\n\n\n\n<blockquote class=\"wp-block-quote quote-solid is-layout-flow wp-block-quote quote-solid-is-layout-flow\">\n<p><strong>Unutmay\u0131n:<\/strong> \u0130lk yard\u0131m \u00e7antas\u0131 tek ba\u015f\u0131na yeterli de\u011fildir! Ciddi durumlarla ba\u015fa \u00e7\u0131kabilmek i\u00e7in ilk yard\u0131m e\u011fitimi alman\u0131z \u015fartt\u0131r. Ancak, e\u011fitim almadan \u00f6nce bile a\u015fa\u011f\u0131daki iki konuyu \u00f6\u011frenerek hayat kurtarabilirsiniz:<\/p>\n<\/blockquote>\n\n\n\n<hr class=\"wp-block-separator has-alpha-channel-opacity is-style-wide\"\/>\n\n\n\n<h3 class=\"wp-block-heading\"><strong>1.Kalp Masaj\u0131<\/strong><\/h3>\n\n\n\n<figure class=\"wp-block-embed is-type-video is-provider-youtube wp-block-embed-youtube wp-embed-aspect-16-9 wp-has-aspect-ratio\"><div class=\"wp-block-embed__wrapper\">\n<iframe title=\"\u0130lk yard\u0131m hareketlerini \u00f6\u011frenin: Kalp masaj\u0131 - Yeti\u015fkin\" width=\"500\" height=\"281\" data-src=\"https:\/\/www.youtube.com\/embed\/pdgL6Kq6A-E?feature=oembed\" frameborder=\"0\" allow=\"accelerometer; autoplay; clipboard-write; encrypted-media; gyroscope; picture-in-picture; web-share\" referrerpolicy=\"strict-origin-when-cross-origin\" allowfullscreen src=\"data:image\/gif;base64,R0lGODlhAQABAAAAACH5BAEKAAEALAAAAAABAAEAAAICTAEAOw==\" class=\"lazyload\" data-load-mode=\"1\"><\/iframe>\n<\/div><\/figure>\n\n\n\n<p>Kalp krizi, kamp gibi uzak b\u00f6lgelerde \u00f6l\u00fcmc\u00fcl sonu\u00e7lara yol a\u00e7abilir. Ancak do\u011fru m\u00fcdahale ile hayat kurtarmak m\u00fcmk\u00fcn! <a href=\"https:\/\/www.youtube.com\/@sikanaTurkce\">SIKANA T\u00fcrk\u00e7e<\/a> kanal\u0131n\u0131n haz\u0131rlad\u0131\u011f\u0131 videoyu yukar\u0131ya b\u0131rak\u0131yoruz.Video a\u00e7\u0131lmad\u0131ysa <strong><em><a href=\"https:\/\/youtu.be\/pdgL6Kq6A-E?si=wndpihnZeVkKDp0x\">BURADAN<\/a><\/em><\/strong> a\u00e7abilirsiniz.<\/p>\n\n\n\n<h4 class=\"wp-block-heading\"><strong>\u00d6nemli Noktalar<\/strong><\/h4>\n\n\n\n<ul class=\"wp-block-list\">\n<li>Bilinci kapal\u0131 ve yerde yatan birini g\u00f6rd\u00fc\u011f\u00fcn\u00fczde hemen 112&#8217;yi aray\u0131n.<\/li>\n\n\n\n<li>Suni teneff\u00fcs yerine kalp masaj\u0131na odaklan\u0131n.<\/li>\n\n\n\n<li>Ellerinizi kenetleyip g\u00f6\u011f\u00fcs kafesinin ortas\u0131na, dakikada 100-120 s\u0131k\u0131\u015ft\u0131rma yapacak \u015fekilde h\u0131zl\u0131 ve sert\u00e7e bast\u0131r\u0131n.<\/li>\n\n\n\n<li>Ambulans gelene kadar kalp masaj\u0131na devam edin.<\/li>\n<\/ul>\n\n\n\n<hr class=\"wp-block-separator has-alpha-channel-opacity is-style-wide\"\/>\n\n\n\n<h3 class=\"wp-block-heading\"><strong>2.Alerjik Reaksiyon (Anafilaksi):<\/strong><\/h3>\n\n\n\n<p>Kampta veya tatilde daha \u00f6nce yemedi\u011finiz bir yiyecek veya ar\u0131 sokmas\u0131 gibi durumlar \u015fiddetli alerjik reaksiyonlara (anafilaksi) neden olabilir. Bu durum dakikalar i\u00e7inde \u00f6l\u00fcme yol a\u00e7abilece\u011finden h\u0131zl\u0131 m\u00fcdahale \u015fartt\u0131r!<\/p>\n\n\n\n<h4 class=\"wp-block-heading\"><strong>\u00d6nemli Noktalar:<\/strong><\/h4>\n\n\n\n<ul class=\"wp-block-list\">\n<li>Alerjisi olan ki\u015filerin yan\u0131nda EpiPen (adrenalin oto enjekt\u00f6r\u00fc) ta\u015f\u0131mas\u0131 gerekir.<\/li>\n\n\n\n<li>Alerjik reaksiyon belirtileri (nefes darl\u0131\u011f\u0131, y\u00fcz\/bo\u011faz \u015fi\u015fmesi, ba\u015f d\u00f6nmesi vb.) g\u00f6r\u00fcld\u00fc\u011f\u00fcnde hemen EpiPen uygulanmal\u0131d\u0131r.<\/li>\n\n\n\n<li>EpiPen&#8217;in etkisi 15 dakika sonra azalaca\u011f\u0131ndan acilen t\u0131bbi yard\u0131m al\u0131nmal\u0131d\u0131r.<\/li>\n\n\n\n<li>Doktorunuza dan\u0131\u015farak alerjik reaksiyon durumunda ne yapman\u0131z gerekti\u011fini \u00f6\u011frenin.<\/li>\n<\/ul>\n\n\n\n<p><strong>Kamp ve tatil Keyfiniz G\u00fcvenli Olsun!<\/strong><\/p>\n\n\n\n<p>Do\u011fada ge\u00e7irece\u011finiz zaman\u0131n tad\u0131n\u0131 \u00e7\u0131kar\u0131rken, g\u00fcvenli\u011finizi de ihmal etmeyin. Temel ilk yard\u0131m bilgilerini \u00f6\u011frenerek hem kendinizin hem de sevdiklerinizin hayat\u0131n\u0131 kurtarabilirsiniz. Unutmay\u0131n, bilgi g\u00fc\u00e7t\u00fcr ve do\u011fru zamanda do\u011fru m\u00fcdahale hayat kurtar\u0131r!<\/p>\n\n\n\n<blockquote class=\"wp-block-quote quote-solid is-layout-flow wp-block-quote quote-solid-is-layout-flow\">\n<p>Bu arada kamp ve do\u011fadan bahsetmi\u015fken sizler i\u00e7in haz\u0131rlad\u0131\u011f\u0131m\u0131z ve yakla\u015f\u0131k 1500 adet \u00fccretli ve \u00fccretsiz kamp yerini payla\u015ft\u0131\u011f\u0131m\u0131z ana sayfam\u0131z\u0131 ziyaret ettiniz mi?<strong><em><a href=\"https:\/\/geziyoo.co\/\">GEZ\u0130YOO.CO<\/a><\/em><\/strong> ba\u011flant\u0131s\u0131na bakarak bu kamp alanlar\u0131na ula\u015fabilirsiniz.<\/p>\n<\/blockquote>\n\n\n\n<p><strong>\u0130lk Yard\u0131m \u00c7antas\u0131 \u0130\u00e7erisinde Olmas\u0131 Gereken E\u015fyalar<\/strong> \u0130\u00e7eri\u011fimizdeki ilk yard\u0131m e\u015fyalar\u0131na ve seyahat ila\u00e7lar\u0131na umar\u0131z hi\u00e7 ihtiya\u00e7 duymaz ve sa\u011fl\u0131kl\u0131 bir tatil ge\u00e7irirsiniz. Bir sonraki yaz\u0131lar\u0131m\u0131zda g\u00f6r\u00fc\u015fmek dile\u011fiyle ho\u015f\u00e7akal\u0131n.<\/p>\n\n\n\n<hr class=\"wp-block-separator has-css-opacity is-style-wide\"\/>\n\n\n\n<h3 class=\"wp-block-heading\">Bunlar\u0131 da Sevebilirsiniz;<\/h3>\n\n\n<ul class=\"wp-block-latest-posts__list wp-block-latest-posts\"><li><a class=\"wp-block-latest-posts__post-title\" href=\"https:\/\/geziyoo.co\/blog\/yurt-disinda-cocuklarin-egitimi-ebeveynler-formaliteler-yuzunden-nerede-para-kaybediyor\/\">Yurt d\u0131\u015f\u0131nda \u00e7ocuklar\u0131n e\u011fitimi: Ebeveynler formaliteler y\u00fcz\u00fcnden nerede para kaybediyor?<\/a><\/li>\n<li><a class=\"wp-block-latest-posts__post-title\" href=\"https:\/\/geziyoo.co\/blog\/gezerken-ne-giyilir\/\">Gezerken Ne Giyilir? Mevsim Ge\u00e7i\u015fleri ve Yaz Tatilleri \u0130\u00e7in Pratik Kombin Rehberi<\/a><\/li>\n<li><a class=\"wp-block-latest-posts__post-title\" href=\"https:\/\/geziyoo.co\/blog\/2026-resmi-tatilleri-ve-14-gune-43-gun\/\">Ajandalar Haz\u0131rlans\u0131n! 2026 Resmi Tatilleri ve &#8220;14 G\u00fcne 43 G\u00fcn&#8221; Form\u00fcl\u00fc G\u00fcndemde<\/a><\/li>\n<\/ul>","protected":false},"excerpt":{"rendered":"<p>Merhabalar, bu i\u00e7eri\u011fimizde seyahat ederken veya kampa \u00e7\u0131karken yan\u0131n\u0131zda bulundurman\u0131z gereken ilk yard\u0131m \u00e7antas\u0131n\u0131n i\u00e7erisindeki e\u015fyalar ve g\u00f6t\u00fcrmeniz gereken ila\u00e7lar hakk\u0131nda bilgiler verece\u011fiz. Tatilinizde ve kamp aktivitenizde ba\u015f\u0131n\u0131za gelebilecek k\u00f6t\u00fc durumlar i\u00e7in haz\u0131rl\u0131kl\u0131 olman\u0131z\u0131 sa\u011flamak istiyoruz. Tatile giderken nereye gidece\u011finiz her zaman belli olmayabilir. Tatilin heyecan\u0131yla dikkatsiz veya ihmalkar davranarak \u00e7e\u015fitli kazalar ya\u015fayabilirsiniz. Bu t\u00fcr &hellip;<\/p>\n","protected":false},"author":1,"featured_media":17958,"comment_status":"open","ping_status":"closed","sticky":false,"template":"","format":"standard","meta":{"footnotes":""},"categories":[20],"tags":[],"class_list":["post-17954","post","type-post","status-publish","format-standard","has-post-thumbnail","hentry","category-gezirehberi"],"yoast_head":"<!-- This site is optimized with the Yoast SEO plugin v26.9 - https:\/\/yoast.com\/product\/yoast-seo-wordpress\/ -->\n<title>\u0130lk Yard\u0131m \u00c7antas\u0131nda Neler Olmal\u0131 ve Seyahat \u0130la\u00e7lar\u0131 | Geziyoo<\/title>\n<meta name=\"description\" content=\"\u0130\u00e7eri\u011fimizde seyahat ederken veya kampa \u00e7\u0131karken yan\u0131n\u0131zda bulundurman\u0131z gereken ilk yard\u0131m \u00e7antas\u0131n\u0131n i\u00e7erisindeki e\u015fyalar ve ila\u00e7lara bakcaz.\" \/>\n<meta name=\"robots\" content=\"index, follow, max-snippet:-1, max-image-preview:large, max-video-preview:-1\" \/>\n<link rel=\"canonical\" href=\"https:\/\/geziyoo.co\/blog\/ilk-yardim-cantasinda-neler-olmali-ve-seyahat-ilaclari\/\" \/>\n<meta property=\"og:locale\" content=\"tr_TR\" \/>\n<meta property=\"og:type\" content=\"article\" \/>\n<meta property=\"og:title\" content=\"\u0130lk Yard\u0131m \u00c7antas\u0131nda Neler Olmal\u0131 ve Seyahat \u0130la\u00e7lar\u0131 | Geziyoo\" \/>\n<meta property=\"og:description\" content=\"\u0130\u00e7eri\u011fimizde seyahat ederken veya kampa \u00e7\u0131karken yan\u0131n\u0131zda bulundurman\u0131z gereken ilk yard\u0131m \u00e7antas\u0131n\u0131n i\u00e7erisindeki e\u015fyalar ve ila\u00e7lara bakcaz.\" \/>\n<meta property=\"og:url\" content=\"https:\/\/geziyoo.co\/blog\/ilk-yardim-cantasinda-neler-olmali-ve-seyahat-ilaclari\/\" \/>\n<meta property=\"og:site_name\" content=\"Geziyoo.co\" \/>\n<meta property=\"article:publisher\" content=\"https:\/\/www.facebook.com\/Geziyooco\" \/>\n<meta property=\"article:author\" content=\"https:\/\/www.facebook.com\/geziyoo.co\" \/>\n<meta property=\"article:published_time\" content=\"2024-05-16T04:16:45+00:00\" \/>\n<meta property=\"article:modified_time\" content=\"2026-02-05T13:03:35+00:00\" \/>\n<meta property=\"og:image\" content=\"https:\/\/geziyoo.co\/blog\/wp-content\/uploads\/2024\/05\/Ilk-Yardim-Cantasi-Icerisinde-Olan-Esyalar.jpg\" \/>\n\t<meta property=\"og:image:width\" content=\"1020\" \/>\n\t<meta property=\"og:image:height\" content=\"680\" \/>\n\t<meta property=\"og:image:type\" content=\"image\/jpeg\" \/>\n<meta name=\"author\" content=\"Geziyoo\" \/>\n<meta name=\"twitter:card\" content=\"summary_large_image\" \/>\n<meta name=\"twitter:creator\" content=\"@https:\/\/twitter.com\/geziyoo\" \/>\n<meta name=\"twitter:site\" content=\"@geziyoo\" \/>\n<meta name=\"twitter:label1\" content=\"Yazan:\" \/>\n\t<meta name=\"twitter:data1\" content=\"Geziyoo\" \/>\n\t<meta name=\"twitter:label2\" content=\"Tahmini okuma s\u00fcresi\" \/>\n\t<meta name=\"twitter:data2\" content=\"6 dakika\" \/>\n<script type=\"application\/ld+json\" class=\"yoast-schema-graph\">{\"@context\":\"https:\/\/schema.org\",\"@graph\":[{\"@type\":\"Article\",\"@id\":\"https:\/\/geziyoo.co\/blog\/ilk-yardim-cantasinda-neler-olmali-ve-seyahat-ilaclari\/#article\",\"isPartOf\":{\"@id\":\"https:\/\/geziyoo.co\/blog\/ilk-yardim-cantasinda-neler-olmali-ve-seyahat-ilaclari\/\"},\"author\":{\"name\":\"Geziyoo\",\"@id\":\"https:\/\/geziyoo.co\/blog\/#\/schema\/person\/032acb2436540ed14784e7d978aef0e4\"},\"headline\":\"\u0130lk Yard\u0131m \u00c7antas\u0131nda Neler Olmal\u0131 ve Seyahat \u0130la\u00e7lar\u0131\",\"datePublished\":\"2024-05-16T04:16:45+00:00\",\"dateModified\":\"2026-02-05T13:03:35+00:00\",\"mainEntityOfPage\":{\"@id\":\"https:\/\/geziyoo.co\/blog\/ilk-yardim-cantasinda-neler-olmali-ve-seyahat-ilaclari\/\"},\"wordCount\":1179,\"commentCount\":0,\"publisher\":{\"@id\":\"https:\/\/geziyoo.co\/blog\/#organization\"},\"image\":{\"@id\":\"https:\/\/geziyoo.co\/blog\/ilk-yardim-cantasinda-neler-olmali-ve-seyahat-ilaclari\/#primaryimage\"},\"thumbnailUrl\":\"https:\/\/geziyoo.co\/blog\/wp-content\/uploads\/2024\/05\/Ilk-Yardim-Cantasi-Icerisinde-Olan-Esyalar.jpg\",\"articleSection\":[\"Gezi Rehberi\"],\"inLanguage\":\"tr\",\"potentialAction\":[{\"@type\":\"CommentAction\",\"name\":\"Comment\",\"target\":[\"https:\/\/geziyoo.co\/blog\/ilk-yardim-cantasinda-neler-olmali-ve-seyahat-ilaclari\/#respond\"]}]},{\"@type\":\"WebPage\",\"@id\":\"https:\/\/geziyoo.co\/blog\/ilk-yardim-cantasinda-neler-olmali-ve-seyahat-ilaclari\/\",\"url\":\"https:\/\/geziyoo.co\/blog\/ilk-yardim-cantasinda-neler-olmali-ve-seyahat-ilaclari\/\",\"name\":\"\u0130lk Yard\u0131m \u00c7antas\u0131nda Neler Olmal\u0131 ve Seyahat \u0130la\u00e7lar\u0131 | Geziyoo\",\"isPartOf\":{\"@id\":\"https:\/\/geziyoo.co\/blog\/#website\"},\"primaryImageOfPage\":{\"@id\":\"https:\/\/geziyoo.co\/blog\/ilk-yardim-cantasinda-neler-olmali-ve-seyahat-ilaclari\/#primaryimage\"},\"image\":{\"@id\":\"https:\/\/geziyoo.co\/blog\/ilk-yardim-cantasinda-neler-olmali-ve-seyahat-ilaclari\/#primaryimage\"},\"thumbnailUrl\":\"https:\/\/geziyoo.co\/blog\/wp-content\/uploads\/2024\/05\/Ilk-Yardim-Cantasi-Icerisinde-Olan-Esyalar.jpg\",\"datePublished\":\"2024-05-16T04:16:45+00:00\",\"dateModified\":\"2026-02-05T13:03:35+00:00\",\"description\":\"\u0130\u00e7eri\u011fimizde seyahat ederken veya kampa \u00e7\u0131karken yan\u0131n\u0131zda bulundurman\u0131z gereken ilk yard\u0131m \u00e7antas\u0131n\u0131n i\u00e7erisindeki e\u015fyalar ve ila\u00e7lara bakcaz.\",\"breadcrumb\":{\"@id\":\"https:\/\/geziyoo.co\/blog\/ilk-yardim-cantasinda-neler-olmali-ve-seyahat-ilaclari\/#breadcrumb\"},\"inLanguage\":\"tr\",\"potentialAction\":[{\"@type\":\"ReadAction\",\"target\":[\"https:\/\/geziyoo.co\/blog\/ilk-yardim-cantasinda-neler-olmali-ve-seyahat-ilaclari\/\"]}]},{\"@type\":\"ImageObject\",\"inLanguage\":\"tr\",\"@id\":\"https:\/\/geziyoo.co\/blog\/ilk-yardim-cantasinda-neler-olmali-ve-seyahat-ilaclari\/#primaryimage\",\"url\":\"https:\/\/geziyoo.co\/blog\/wp-content\/uploads\/2024\/05\/Ilk-Yardim-Cantasi-Icerisinde-Olan-Esyalar.jpg\",\"contentUrl\":\"https:\/\/geziyoo.co\/blog\/wp-content\/uploads\/2024\/05\/Ilk-Yardim-Cantasi-Icerisinde-Olan-Esyalar.jpg\",\"width\":1020,\"height\":680},{\"@type\":\"BreadcrumbList\",\"@id\":\"https:\/\/geziyoo.co\/blog\/ilk-yardim-cantasinda-neler-olmali-ve-seyahat-ilaclari\/#breadcrumb\",\"itemListElement\":[{\"@type\":\"ListItem\",\"position\":1,\"name\":\"Ana sayfa\",\"item\":\"https:\/\/geziyoo.co\/blog\/\"},{\"@type\":\"ListItem\",\"position\":2,\"name\":\"\u0130lk Yard\u0131m \u00c7antas\u0131nda Neler Olmal\u0131 ve Seyahat \u0130la\u00e7lar\u0131\"}]},{\"@type\":\"WebSite\",\"@id\":\"https:\/\/geziyoo.co\/blog\/#website\",\"url\":\"https:\/\/geziyoo.co\/blog\/\",\"name\":\"Geziyoo Blog\",\"description\":\"GeziYoo Blog&#039;da T\u00fcrkiye&#039;nin en iyi kamp alanlar\u0131ndan bungalov tatillerine, karavan ipu\u00e7lar\u0131ndan gezi rehberlerine kadar her t\u00fcrl\u00fc do\u011fa deneyimini ke\u015ffedin.\",\"publisher\":{\"@id\":\"https:\/\/geziyoo.co\/blog\/#organization\"},\"potentialAction\":[{\"@type\":\"SearchAction\",\"target\":{\"@type\":\"EntryPoint\",\"urlTemplate\":\"https:\/\/geziyoo.co\/blog\/?s={search_term_string}\"},\"query-input\":{\"@type\":\"PropertyValueSpecification\",\"valueRequired\":true,\"valueName\":\"search_term_string\"}}],\"inLanguage\":\"tr\"},{\"@type\":\"Organization\",\"@id\":\"https:\/\/geziyoo.co\/blog\/#organization\",\"name\":\"Geziyoo.co\",\"url\":\"https:\/\/geziyoo.co\/blog\/\",\"logo\":{\"@type\":\"ImageObject\",\"inLanguage\":\"tr\",\"@id\":\"https:\/\/geziyoo.co\/blog\/#\/schema\/logo\/image\/\",\"url\":\"https:\/\/geziyoo.co\/blog\/wp-content\/uploads\/2025\/01\/Paragraf-metniniz-3.png\",\"contentUrl\":\"https:\/\/geziyoo.co\/blog\/wp-content\/uploads\/2025\/01\/Paragraf-metniniz-3.png\",\"width\":270,\"height\":50,\"caption\":\"Geziyoo.co\"},\"image\":{\"@id\":\"https:\/\/geziyoo.co\/blog\/#\/schema\/logo\/image\/\"},\"sameAs\":[\"https:\/\/www.facebook.com\/Geziyooco\",\"https:\/\/x.com\/geziyoo\",\"https:\/\/tr.pinterest.com\/geziyooco\/\",\"https:\/\/www.youtube.com\/@geziyoo\",\"https:\/\/www.instagram.com\/geziyoo.co\/\"]},{\"@type\":\"Person\",\"@id\":\"https:\/\/geziyoo.co\/blog\/#\/schema\/person\/032acb2436540ed14784e7d978aef0e4\",\"name\":\"Geziyoo\",\"image\":{\"@type\":\"ImageObject\",\"inLanguage\":\"tr\",\"@id\":\"https:\/\/geziyoo.co\/blog\/#\/schema\/person\/image\/\",\"url\":\"https:\/\/secure.gravatar.com\/avatar\/ae212a4514471fdb8cab6e5af4f3c99b940a2d0a16713ea0392c8d7c8a64f30a?s=96&d=mm&r=g\",\"contentUrl\":\"https:\/\/secure.gravatar.com\/avatar\/ae212a4514471fdb8cab6e5af4f3c99b940a2d0a16713ea0392c8d7c8a64f30a?s=96&d=mm&r=g\",\"caption\":\"Geziyoo\"},\"description\":\"Do\u011fa ile i\u00e7 i\u00e7e olabilece\u011finiz yerler,do\u011fa aktivite alanlar\u0131,kamp alanlar\u0131,bungalov oteller,Tiny House Oteller, Galampingler ve da\u011f evlerinin herkes i\u00e7in ula\u015f\u0131labilir olmas\u0131n\u0131 sa\u011flamak amac\u0131yla Geziyoo\u2019ya 2019 y\u0131l\u0131nda ba\u015flad\u0131k.Do\u011fal Tatil konseptini uygulayan en geni\u015f kapsaml\u0131 sitedir.\",\"sameAs\":[\"https:\/\/geziyoo.co\/\",\"https:\/\/www.facebook.com\/geziyoo.co\",\"https:\/\/www.instagram.com\/geziyoo.co\/\",\"https:\/\/tr.pinterest.com\/geziyooco\/\",\"https:\/\/x.com\/https:\/\/twitter.com\/geziyoo\",\"https:\/\/www.youtube.com\/channel\/UCdiSMa6pe17KEY7DP1Ug4ag\"]}]}<\/script>\n<!-- \/ Yoast SEO plugin. -->","yoast_head_json":{"title":"\u0130lk Yard\u0131m \u00c7antas\u0131nda Neler Olmal\u0131 ve Seyahat \u0130la\u00e7lar\u0131 | Geziyoo","description":"\u0130\u00e7eri\u011fimizde seyahat ederken veya kampa \u00e7\u0131karken yan\u0131n\u0131zda bulundurman\u0131z gereken ilk yard\u0131m \u00e7antas\u0131n\u0131n i\u00e7erisindeki e\u015fyalar ve ila\u00e7lara bakcaz.","robots":{"index":"index","follow":"follow","max-snippet":"max-snippet:-1","max-image-preview":"max-image-preview:large","max-video-preview":"max-video-preview:-1"},"canonical":"https:\/\/geziyoo.co\/blog\/ilk-yardim-cantasinda-neler-olmali-ve-seyahat-ilaclari\/","og_locale":"tr_TR","og_type":"article","og_title":"\u0130lk Yard\u0131m \u00c7antas\u0131nda Neler Olmal\u0131 ve Seyahat \u0130la\u00e7lar\u0131 | Geziyoo","og_description":"\u0130\u00e7eri\u011fimizde seyahat ederken veya kampa \u00e7\u0131karken yan\u0131n\u0131zda bulundurman\u0131z gereken ilk yard\u0131m \u00e7antas\u0131n\u0131n i\u00e7erisindeki e\u015fyalar ve ila\u00e7lara bakcaz.","og_url":"https:\/\/geziyoo.co\/blog\/ilk-yardim-cantasinda-neler-olmali-ve-seyahat-ilaclari\/","og_site_name":"Geziyoo.co","article_publisher":"https:\/\/www.facebook.com\/Geziyooco","article_author":"https:\/\/www.facebook.com\/geziyoo.co","article_published_time":"2024-05-16T04:16:45+00:00","article_modified_time":"2026-02-05T13:03:35+00:00","og_image":[{"width":1020,"height":680,"url":"https:\/\/geziyoo.co\/blog\/wp-content\/uploads\/2024\/05\/Ilk-Yardim-Cantasi-Icerisinde-Olan-Esyalar.jpg","type":"image\/jpeg"}],"author":"Geziyoo","twitter_card":"summary_large_image","twitter_creator":"@https:\/\/twitter.com\/geziyoo","twitter_site":"@geziyoo","twitter_misc":{"Yazan:":"Geziyoo","Tahmini okuma s\u00fcresi":"6 dakika"},"schema":{"@context":"https:\/\/schema.org","@graph":[{"@type":"Article","@id":"https:\/\/geziyoo.co\/blog\/ilk-yardim-cantasinda-neler-olmali-ve-seyahat-ilaclari\/#article","isPartOf":{"@id":"https:\/\/geziyoo.co\/blog\/ilk-yardim-cantasinda-neler-olmali-ve-seyahat-ilaclari\/"},"author":{"name":"Geziyoo","@id":"https:\/\/geziyoo.co\/blog\/#\/schema\/person\/032acb2436540ed14784e7d978aef0e4"},"headline":"\u0130lk Yard\u0131m \u00c7antas\u0131nda Neler Olmal\u0131 ve Seyahat \u0130la\u00e7lar\u0131","datePublished":"2024-05-16T04:16:45+00:00","dateModified":"2026-02-05T13:03:35+00:00","mainEntityOfPage":{"@id":"https:\/\/geziyoo.co\/blog\/ilk-yardim-cantasinda-neler-olmali-ve-seyahat-ilaclari\/"},"wordCount":1179,"commentCount":0,"publisher":{"@id":"https:\/\/geziyoo.co\/blog\/#organization"},"image":{"@id":"https:\/\/geziyoo.co\/blog\/ilk-yardim-cantasinda-neler-olmali-ve-seyahat-ilaclari\/#primaryimage"},"thumbnailUrl":"https:\/\/geziyoo.co\/blog\/wp-content\/uploads\/2024\/05\/Ilk-Yardim-Cantasi-Icerisinde-Olan-Esyalar.jpg","articleSection":["Gezi Rehberi"],"inLanguage":"tr","potentialAction":[{"@type":"CommentAction","name":"Comment","target":["https:\/\/geziyoo.co\/blog\/ilk-yardim-cantasinda-neler-olmali-ve-seyahat-ilaclari\/#respond"]}]},{"@type":"WebPage","@id":"https:\/\/geziyoo.co\/blog\/ilk-yardim-cantasinda-neler-olmali-ve-seyahat-ilaclari\/","url":"https:\/\/geziyoo.co\/blog\/ilk-yardim-cantasinda-neler-olmali-ve-seyahat-ilaclari\/","name":"\u0130lk Yard\u0131m \u00c7antas\u0131nda Neler Olmal\u0131 ve Seyahat \u0130la\u00e7lar\u0131 | Geziyoo","isPartOf":{"@id":"https:\/\/geziyoo.co\/blog\/#website"},"primaryImageOfPage":{"@id":"https:\/\/geziyoo.co\/blog\/ilk-yardim-cantasinda-neler-olmali-ve-seyahat-ilaclari\/#primaryimage"},"image":{"@id":"https:\/\/geziyoo.co\/blog\/ilk-yardim-cantasinda-neler-olmali-ve-seyahat-ilaclari\/#primaryimage"},"thumbnailUrl":"https:\/\/geziyoo.co\/blog\/wp-content\/uploads\/2024\/05\/Ilk-Yardim-Cantasi-Icerisinde-Olan-Esyalar.jpg","datePublished":"2024-05-16T04:16:45+00:00","dateModified":"2026-02-05T13:03:35+00:00","description":"\u0130\u00e7eri\u011fimizde seyahat ederken veya kampa \u00e7\u0131karken yan\u0131n\u0131zda bulundurman\u0131z gereken ilk yard\u0131m \u00e7antas\u0131n\u0131n i\u00e7erisindeki e\u015fyalar ve ila\u00e7lara bakcaz.","breadcrumb":{"@id":"https:\/\/geziyoo.co\/blog\/ilk-yardim-cantasinda-neler-olmali-ve-seyahat-ilaclari\/#breadcrumb"},"inLanguage":"tr","potentialAction":[{"@type":"ReadAction","target":["https:\/\/geziyoo.co\/blog\/ilk-yardim-cantasinda-neler-olmali-ve-seyahat-ilaclari\/"]}]},{"@type":"ImageObject","inLanguage":"tr","@id":"https:\/\/geziyoo.co\/blog\/ilk-yardim-cantasinda-neler-olmali-ve-seyahat-ilaclari\/#primaryimage","url":"https:\/\/geziyoo.co\/blog\/wp-content\/uploads\/2024\/05\/Ilk-Yardim-Cantasi-Icerisinde-Olan-Esyalar.jpg","contentUrl":"https:\/\/geziyoo.co\/blog\/wp-content\/uploads\/2024\/05\/Ilk-Yardim-Cantasi-Icerisinde-Olan-Esyalar.jpg","width":1020,"height":680},{"@type":"BreadcrumbList","@id":"https:\/\/geziyoo.co\/blog\/ilk-yardim-cantasinda-neler-olmali-ve-seyahat-ilaclari\/#breadcrumb","itemListElement":[{"@type":"ListItem","position":1,"name":"Ana sayfa","item":"https:\/\/geziyoo.co\/blog\/"},{"@type":"ListItem","position":2,"name":"\u0130lk Yard\u0131m \u00c7antas\u0131nda Neler Olmal\u0131 ve Seyahat \u0130la\u00e7lar\u0131"}]},{"@type":"WebSite","@id":"https:\/\/geziyoo.co\/blog\/#website","url":"https:\/\/geziyoo.co\/blog\/","name":"Geziyoo Blog","description":"GeziYoo Blog&#039;da T\u00fcrkiye&#039;nin en iyi kamp alanlar\u0131ndan bungalov tatillerine, karavan ipu\u00e7lar\u0131ndan gezi rehberlerine kadar her t\u00fcrl\u00fc do\u011fa deneyimini ke\u015ffedin.","publisher":{"@id":"https:\/\/geziyoo.co\/blog\/#organization"},"potentialAction":[{"@type":"SearchAction","target":{"@type":"EntryPoint","urlTemplate":"https:\/\/geziyoo.co\/blog\/?s={search_term_string}"},"query-input":{"@type":"PropertyValueSpecification","valueRequired":true,"valueName":"search_term_string"}}],"inLanguage":"tr"},{"@type":"Organization","@id":"https:\/\/geziyoo.co\/blog\/#organization","name":"Geziyoo.co","url":"https:\/\/geziyoo.co\/blog\/","logo":{"@type":"ImageObject","inLanguage":"tr","@id":"https:\/\/geziyoo.co\/blog\/#\/schema\/logo\/image\/","url":"https:\/\/geziyoo.co\/blog\/wp-content\/uploads\/2025\/01\/Paragraf-metniniz-3.png","contentUrl":"https:\/\/geziyoo.co\/blog\/wp-content\/uploads\/2025\/01\/Paragraf-metniniz-3.png","width":270,"height":50,"caption":"Geziyoo.co"},"image":{"@id":"https:\/\/geziyoo.co\/blog\/#\/schema\/logo\/image\/"},"sameAs":["https:\/\/www.facebook.com\/Geziyooco","https:\/\/x.com\/geziyoo","https:\/\/tr.pinterest.com\/geziyooco\/","https:\/\/www.youtube.com\/@geziyoo","https:\/\/www.instagram.com\/geziyoo.co\/"]},{"@type":"Person","@id":"https:\/\/geziyoo.co\/blog\/#\/schema\/person\/032acb2436540ed14784e7d978aef0e4","name":"Geziyoo","image":{"@type":"ImageObject","inLanguage":"tr","@id":"https:\/\/geziyoo.co\/blog\/#\/schema\/person\/image\/","url":"https:\/\/secure.gravatar.com\/avatar\/ae212a4514471fdb8cab6e5af4f3c99b940a2d0a16713ea0392c8d7c8a64f30a?s=96&d=mm&r=g","contentUrl":"https:\/\/secure.gravatar.com\/avatar\/ae212a4514471fdb8cab6e5af4f3c99b940a2d0a16713ea0392c8d7c8a64f30a?s=96&d=mm&r=g","caption":"Geziyoo"},"description":"Do\u011fa ile i\u00e7 i\u00e7e olabilece\u011finiz yerler,do\u011fa aktivite alanlar\u0131,kamp alanlar\u0131,bungalov oteller,Tiny House Oteller, Galampingler ve da\u011f evlerinin herkes i\u00e7in ula\u015f\u0131labilir olmas\u0131n\u0131 sa\u011flamak amac\u0131yla Geziyoo\u2019ya 2019 y\u0131l\u0131nda ba\u015flad\u0131k.Do\u011fal Tatil konseptini uygulayan en geni\u015f kapsaml\u0131 sitedir.","sameAs":["https:\/\/geziyoo.co\/","https:\/\/www.facebook.com\/geziyoo.co","https:\/\/www.instagram.com\/geziyoo.co\/","https:\/\/tr.pinterest.com\/geziyooco\/","https:\/\/x.com\/https:\/\/twitter.com\/geziyoo","https:\/\/www.youtube.com\/channel\/UCdiSMa6pe17KEY7DP1Ug4ag"]}]}},"amp_enabled":true,"_links":{"self":[{"href":"https:\/\/geziyoo.co\/blog\/wp-json\/wp\/v2\/posts\/17954","targetHints":{"allow":["GET"]}}],"collection":[{"href":"https:\/\/geziyoo.co\/blog\/wp-json\/wp\/v2\/posts"}],"about":[{"href":"https:\/\/geziyoo.co\/blog\/wp-json\/wp\/v2\/types\/post"}],"author":[{"embeddable":true,"href":"https:\/\/geziyoo.co\/blog\/wp-json\/wp\/v2\/users\/1"}],"replies":[{"embeddable":true,"href":"https:\/\/geziyoo.co\/blog\/wp-json\/wp\/v2\/comments?post=17954"}],"version-history":[{"count":0,"href":"https:\/\/geziyoo.co\/blog\/wp-json\/wp\/v2\/posts\/17954\/revisions"}],"wp:featuredmedia":[{"embeddable":true,"href":"https:\/\/geziyoo.co\/blog\/wp-json\/wp\/v2\/media\/17958"}],"wp:attachment":[{"href":"https:\/\/geziyoo.co\/blog\/wp-json\/wp\/v2\/media?parent=17954"}],"wp:term":[{"taxonomy":"category","embeddable":true,"href":"https:\/\/geziyoo.co\/blog\/wp-json\/wp\/v2\/categories?post=17954"},{"taxonomy":"post_tag","embeddable":true,"href":"https:\/\/geziyoo.co\/blog\/wp-json\/wp\/v2\/tags?post=17954"}],"curies":[{"name":"wp","href":"https:\/\/api.w.org\/{rel}","templated":true}]}}