{"id":17846,"date":"2024-05-05T12:19:02","date_gmt":"2024-05-05T12:19:02","guid":{"rendered":"https:\/\/geziyoo.co\/blog\/?p=17846"},"modified":"2026-02-05T12:41:11","modified_gmt":"2026-02-05T12:41:11","slug":"aydincik-tabiat-parki-gezi-rehberi","status":"publish","type":"post","link":"https:\/\/geziyoo.co\/blog\/aydincik-tabiat-parki-gezi-rehberi\/","title":{"rendered":"Ayd\u0131nc\u0131k Tabiat Park\u0131 : Nas\u0131l Gidilir? 2026 Giri\u015f \u00dccreti"},"content":{"rendered":"\n<p>Ayd\u0131nc\u0131k Tabiat Park\u0131 yaz\u0131m\u0131zdan herkese merhabalar, <strong><em><a href=\"https:\/\/geziyoo.co\/blog\/tisan-adasi-gezi-rehberi\/\" target=\"_blank\" data-type=\"post\" data-id=\"17289\" rel=\"noreferrer noopener\">Tisan Adas\u0131n\u0131 <\/a><\/em><\/strong>ziyaret ettikten sonra yolumuzu Antalya&#8217;ya \u00e7evirmi\u015ftik.Yol \u00fczerinde oldu\u011fundan u\u011fray\u0131p bakmak istedik.Fakat nedendir bilinmez tan\u0131tmay\u0131 unutmu\u015fuz.Foto\u011fraflar\u0131n\u0131 g\u00f6r\u00fcnce akl\u0131m\u0131za geldi ve hemen bir i\u00e7erik yapal\u0131m dedik.<\/p>\n\n\n\n<p><strong>Bu yaz\u0131m\u0131zda Ayd\u0131nc\u0131k Tabiat Park\u0131 Nerede? Giri\u015f \u00dccreti 2026 ne kadar? Nas\u0131l Gidilir? Kamp Yap\u0131l\u0131r m\u0131? gibi bir \u00e7ok sorunuza cevap verece\u011fiz.<\/strong><\/p>\n\n\n\n<p>O halde fazla uzatmadan yaz\u0131m\u0131z\u0131n detaylar\u0131na ge\u00e7elim.Arkada\u015flar bu arada hi\u00e7 ama hi\u00e7 yorum alam\u0131yoruz.Bundan dolay\u0131 yorumlar\u0131n\u0131z\u0131 bizden esirgemeyin.<\/p>\n\n\n\n<hr class=\"wp-block-separator has-css-opacity is-style-wide\"\/>\n\n\n\n<h2 class=\"wp-block-heading\">Ayd\u0131nc\u0131k Tabiat Park\u0131 Hakk\u0131nda<\/h2>\n\n\n\n<figure class=\"wp-block-image size-full\"><img decoding=\"async\" width=\"800\" height=\"600\" data-src=\"https:\/\/geziyoo.co\/blog\/wp-content\/uploads\/2024\/05\/Aydincik-Tabiat-Parki-Gezi-Rehberi-4.jpg\" alt=\"\" class=\"wp-image-17848 lazyload\" data-srcset=\"https:\/\/geziyoo.co\/blog\/wp-content\/uploads\/2024\/05\/Aydincik-Tabiat-Parki-Gezi-Rehberi-4.jpg 800w, https:\/\/geziyoo.co\/blog\/wp-content\/uploads\/2024\/05\/Aydincik-Tabiat-Parki-Gezi-Rehberi-4-300x225.jpg 300w, https:\/\/geziyoo.co\/blog\/wp-content\/uploads\/2024\/05\/Aydincik-Tabiat-Parki-Gezi-Rehberi-4-768x576.jpg 768w, https:\/\/geziyoo.co\/blog\/wp-content\/uploads\/2024\/05\/Aydincik-Tabiat-Parki-Gezi-Rehberi-4-150x113.jpg 150w\" data-sizes=\"(max-width: 800px) 100vw, 800px\" src=\"data:image\/gif;base64,R0lGODlhAQABAAAAACH5BAEKAAEALAAAAAABAAEAAAICTAEAOw==\" style=\"--smush-placeholder-width: 800px; --smush-placeholder-aspect-ratio: 800\/600;\" \/><\/figure>\n\n\n\n<p> Ayd\u0131nc\u0131k il\u00e7esinin hemen yan\u0131ba\u015f\u0131nda nulanan park 23 hektar alana sahiptir. Eski zamanlarda mesire alan\u0131 olarak kullan\u0131lan alan 2011 y\u0131l\u0131nda Tabiat Park\u0131 stat\u00fcs\u00fcne sokulmu\u015f ve koruma alt\u0131na al\u0131nm\u0131\u015ft\u0131r.Hemen giri\u015finde uzunca kumsala da ev sahipli\u011fi yapmaktad\u0131r.Park i\u00e7erisinde k\u0131z\u0131l\u00e7am  ve defne a\u011fa\u00e7lar\u0131 bulunmaktad\u0131r.<\/p>\n\n\n\n<hr class=\"wp-block-separator has-css-opacity is-style-wide\"\/>\n\n\n\n<h2 class=\"wp-block-heading\">Ayd\u0131nc\u0131k Tabiat Park\u0131 Nerede?<\/h2>\n\n\n\n<figure class=\"wp-block-image size-full\"><img decoding=\"async\" width=\"800\" height=\"600\" data-src=\"https:\/\/geziyoo.co\/blog\/wp-content\/uploads\/2024\/05\/Aydincik-Tabiat-Parki-Gezi-Rehberi-3.jpg\" alt=\"\" class=\"wp-image-17849 lazyload\" data-srcset=\"https:\/\/geziyoo.co\/blog\/wp-content\/uploads\/2024\/05\/Aydincik-Tabiat-Parki-Gezi-Rehberi-3.jpg 800w, https:\/\/geziyoo.co\/blog\/wp-content\/uploads\/2024\/05\/Aydincik-Tabiat-Parki-Gezi-Rehberi-3-300x225.jpg 300w, https:\/\/geziyoo.co\/blog\/wp-content\/uploads\/2024\/05\/Aydincik-Tabiat-Parki-Gezi-Rehberi-3-768x576.jpg 768w, https:\/\/geziyoo.co\/blog\/wp-content\/uploads\/2024\/05\/Aydincik-Tabiat-Parki-Gezi-Rehberi-3-150x113.jpg 150w\" data-sizes=\"(max-width: 800px) 100vw, 800px\" src=\"data:image\/gif;base64,R0lGODlhAQABAAAAACH5BAEKAAEALAAAAAABAAEAAAICTAEAOw==\" style=\"--smush-placeholder-width: 800px; --smush-placeholder-aspect-ratio: 800\/600;\" \/><\/figure>\n\n\n\n<p> Tabiat Park\u0131 ad\u0131n\u0131 hemen yan\u0131 ba\u015f\u0131nda olan Ayd\u0131nc\u0131kta yer ala\u0131r ? Peki Ayd\u0131nc\u0131k Nerede? Arkada\u015flar Ayd\u0131nc\u0131kta Mersin&#8217;de yer alan ufak bir il\u00e7edir.Tam olarak Nerede oldu\u011funa bakmak i\u00e7in a\u015fa\u011f\u0131daki haritay\u0131 kullanabilirsiniz.<\/p>\n\n\n\n<p><strong>Tabiat Park\u0131 Adres ve Telefon Bilgileri<\/strong><\/p>\r\n<p><\/p>\r\n<ul>\r\n<li><strong>ADRES:<\/strong>\u0130ncekum Tabiat Park\u0131 Ayd\u0131nc\u0131k Mersin, 33840 Ayd\u0131nc\u0131k\/Mersin<\/li>\r\n<li><strong>TELEFON:<\/strong>0324 816 79 89<\/li>\r\n<li><strong>\u0130NTERNET S\u0130TES\u0130:<\/strong> http:\/\/aydincik.tabiat.gov.tr\/<\/li>\r\n<\/ul>\r\n<p><\/p>\n\n\n\n<hr class=\"wp-block-separator has-css-opacity is-style-wide\"\/>\n\n\n\n<h2 class=\"wp-block-heading\">Ayd\u0131nc\u0131k Tabiat Park\u0131&#8217;na Nas\u0131l Gidilir?<\/h2>\n\n\n\n<iframe data-src=\"https:\/\/www.google.com\/maps\/embed?pb=!1m18!1m12!1m3!1d3221.751512524497!2d33.35824021476003!3d36.148263111824825!2m3!1f0!2f0!3f0!3m2!1i1024!2i768!4f13.1!3m3!1m2!1s0x14deb6c585618851%3A0xa679211649b8102c!2zQXlkxLFuY8SxayBUYWJpYXQgUGFya8Sx!5e0!3m2!1str!2str!4v1584257975538!5m2!1str!2str\" width=\"750\" height=\"450\" frameborder=\"0\" style=\"border:0;\" allowfullscreen=\"\" aria-hidden=\"false\" tabindex=\"0\" src=\"data:image\/gif;base64,R0lGODlhAQABAAAAACH5BAEKAAEALAAAAAABAAEAAAICTAEAOw==\" class=\"lazyload\" data-load-mode=\"1\"><\/iframe>\n\n\n\n<p>Tabiat park\u0131 Silifke ve Anamur&#8217;un tam ortas\u0131nda yer almaktad\u0131r. E\u011fer Silifke&#8217;den taraf gelecekseniz ilk yapman\u0131z gereken Ayd\u0131nc\u0131k merkeze gelmek olsun. Anamur&#8217;dan gelecekler i\u00e7inde Silifke taraf\u0131na do\u011fru yol al\u0131p Ayd\u0131nc\u0131k Merkeze gelmek olsun. Bundan sonras\u0131n\u0131 <strong><em><a href=\"https:\/\/goo.gl\/maps\/4pERZNXKRNdgpMN18\" target=\"_blank\" rel=\"noreferrer noopener\" aria-label=\"YOL TAR\u0130F\u0130 (opens in a new tab)\">YOL TAR\u0130F\u0130<\/a><\/em><\/strong> ba\u011flant\u0131s\u0131n\u0131 kullanman\u0131z\u0131 \u00f6neririz.Navigasyon biraz sap\u0131tabiliyor ki bizde ayn\u0131s\u0131 oldu.Bundan dolay\u0131 a\u015fa\u011f\u0131daki s\u00f6zl\u00fc anlat\u0131ma dikkat edin.<\/p>\n\n\n\n<p><span style=\"color: #ff6600;\"><strong>YOL TAR\u0130F\u0130:<\/strong><\/span>Ayd\u0131nc\u0131k merkezden yakla\u015f\u0131k <strong>2 km<\/strong> sonra sa\u011f tarafta bulunan benzinli\u011fin hemen yan\u0131ndan bir yol var. Yoldan yakla\u015f\u0131k<strong> 2 \u2013 3 km<\/strong> ilerledikten sonra \u0130ncekum Tabiat Park\u0131 tabelas\u0131n\u0131 g\u00f6receksiniz..<\/p>\n\n\n\n<hr class=\"wp-block-separator has-css-opacity is-style-wide\"\/>\n\n\n\n<h2 class=\"wp-block-heading\">Ayd\u0131nc\u0131k Tabiat Park\u0131 Giri\u015f \u00dccreti 2026 ve A\u00e7\u0131l\u0131\u015f Saatleri<\/h2>\n\n\n\n<figure class=\"wp-block-image size-full\"><img decoding=\"async\" width=\"800\" height=\"600\" data-src=\"https:\/\/geziyoo.co\/blog\/wp-content\/uploads\/2024\/05\/Aydincik-Tabiat-Parki-Gezi-Rehberi-2.jpg\" alt=\"\" class=\"wp-image-17850 lazyload\" data-srcset=\"https:\/\/geziyoo.co\/blog\/wp-content\/uploads\/2024\/05\/Aydincik-Tabiat-Parki-Gezi-Rehberi-2.jpg 800w, https:\/\/geziyoo.co\/blog\/wp-content\/uploads\/2024\/05\/Aydincik-Tabiat-Parki-Gezi-Rehberi-2-300x225.jpg 300w, https:\/\/geziyoo.co\/blog\/wp-content\/uploads\/2024\/05\/Aydincik-Tabiat-Parki-Gezi-Rehberi-2-768x576.jpg 768w, https:\/\/geziyoo.co\/blog\/wp-content\/uploads\/2024\/05\/Aydincik-Tabiat-Parki-Gezi-Rehberi-2-150x113.jpg 150w\" data-sizes=\"(max-width: 800px) 100vw, 800px\" src=\"data:image\/gif;base64,R0lGODlhAQABAAAAACH5BAEKAAEALAAAAAABAAEAAAICTAEAOw==\" style=\"--smush-placeholder-width: 800px; --smush-placeholder-aspect-ratio: 800\/600;\" \/><\/figure>\n\n\n\n<p>Parka Giri\u015f ve \u00e7\u0131k\u0131\u015f saatleri <strong><span class=\"tadv-color\" style=\"color:#00d13b\">08:00<\/span><\/strong> &#8211; <strong><span class=\"tadv-color\" style=\"color:#cf2e2e\">20:00<\/span><\/strong> aras\u0131d\u0131r<strong>.2026 y\u0131l\u0131 i\u00e7in giri\u015f \u00fccretleri de \u015fu \u015fekilde; Bu arada arabayla gitti\u011finizde i\u00e7indeki ki\u015filerden ayr\u0131ca bir \u00fccret al\u0131nmamaktad\u0131r.<\/strong><\/p>\n\n\n\n<figure class=\"wp-block-table is-style-stripes\"><table class=\"has-fixed-layout\"><tbody><tr><td>TAM <\/td><td>20 TL<\/td><\/tr><tr><td>\u0130ND\u0130R\u0130ML\u0130<\/td><td>10 TL<\/td><\/tr><tr><td>B\u0130S\u0130KLET <\/td><td>30TL<\/td><\/tr><tr><td>MOTORS\u0130KLET,ATV<\/td><td>45 TL<\/td><\/tr><tr><td>OTOMOB\u0130L,KAMYONET ,P\u0130CKUP<\/td><td>200 TL<\/td><\/tr><tr><td>M\u0130N\u0130B\u00dcS <\/td><td>350 TL<\/td><\/tr><tr><td>M\u0130D\u0130B\u00dcS <\/td><td>450 TL<\/td><\/tr><tr><td>OTOB\u00dcS <\/td><td>850 TL<\/td><\/tr><\/tbody><\/table><\/figure>\n\n\n\n<hr class=\"wp-block-separator has-css-opacity is-style-wide\"\/>\n\n\n\n<h2 class=\"wp-block-heading\"><strong>Ayd\u0131nc\u0131k Tabiat Park\u0131 Kamp Yap\u0131l\u0131r m\u0131?<\/strong><\/h2>\n\n\n\n<figure class=\"wp-block-image size-full\"><img decoding=\"async\" width=\"800\" height=\"600\" data-src=\"https:\/\/geziyoo.co\/blog\/wp-content\/uploads\/2024\/05\/Aydincik-Tabiat-Parki-Gezi-Rehberi-1.jpg\" alt=\"\" class=\"wp-image-17851 lazyload\" data-srcset=\"https:\/\/geziyoo.co\/blog\/wp-content\/uploads\/2024\/05\/Aydincik-Tabiat-Parki-Gezi-Rehberi-1.jpg 800w, https:\/\/geziyoo.co\/blog\/wp-content\/uploads\/2024\/05\/Aydincik-Tabiat-Parki-Gezi-Rehberi-1-300x225.jpg 300w, https:\/\/geziyoo.co\/blog\/wp-content\/uploads\/2024\/05\/Aydincik-Tabiat-Parki-Gezi-Rehberi-1-768x576.jpg 768w, https:\/\/geziyoo.co\/blog\/wp-content\/uploads\/2024\/05\/Aydincik-Tabiat-Parki-Gezi-Rehberi-1-150x113.jpg 150w\" data-sizes=\"(max-width: 800px) 100vw, 800px\" src=\"data:image\/gif;base64,R0lGODlhAQABAAAAACH5BAEKAAEALAAAAAABAAEAAAICTAEAOw==\" style=\"--smush-placeholder-width: 800px; --smush-placeholder-aspect-ratio: 800\/600;\" \/><\/figure>\n\n\n\n\n\n\n\n\n\n<p>Evet arkada\u015flar parkta kamp yapma imkanlar\u0131n\u0131z bulunmakta. \u0130ster orman i\u00e7erisinde kamp veya <strong>Ayd\u0131nc\u0131k Deniz Kamp\u0131n\u0131<\/strong> se\u00e7ebilirsiniz.Hem \u00e7ad\u0131r kamp\u0131 i\u00e7in hemde karavan kamp\u0131 i\u00e7in imkanlar mevcut, WC , du\u015f ve yeme\u011finizi yapabilece\u011finiz belirlenmi\u015f ate\u015f alanlar\u0131 bulunmakta. Peki Ayd\u0131nc\u0131k Tabiat Park\u0131nda ba\u015fka Neler Yap\u0131labilir;<strong><em><a href=\"https:\/\/geziyoo.co\/listing\/aydincik-tabiat-parki-kamp-alani\/\">Ayd\u0131nc\u0131k Tabiat Park\u0131 Kamp Alan\u0131<\/a><\/em><\/strong> sayfam\u0131za bakarak kamp ile ilgili detayl\u0131 bilgilere eri\u015febilirsiniz.<\/p>\n\n\n\n<p>Orman i\u00e7erisinde y\u00fcr\u00fcy\u00fc\u015f yapabilir, sahile gidip denizin g\u00fczelli\u011fini seyredebilirsiniz.G\u00fcn\u00fcbirlik piknik yapabilir ve denize girebilirsiniz. E\u011fer \u015fansl\u0131ysan\u0131z Akdeniz foklar\u0131n\u0131 ve deniz ku\u015flar\u0131n\u0131 g\u00f6zlemleyebilirsiniz.<\/p>\n\n\n\n<p><span style=\"color: #ff0000;\"><strong>UYARI:<\/strong><\/span>Arkada\u015flar b\u00f6lgede avc\u0131l\u0131k (Olta Bal\u0131k\u00e7\u0131l\u0131\u011f\u0131 Hari\u00e7) ve da\u011fc\u0131l\u0131k faaliyetleri yasak.Bundan dolay\u0131 y\u00fcksek miktarda cezalar \u00f6demek istemiyorsan\u0131z kalk\u0131\u015fmay\u0131n.<\/p>\n\n\n\n<hr class=\"wp-block-separator has-css-opacity is-style-wide\"\/>\n\n\n\n<p>Bizden \u015fimdilik bu kadar bir sonraki yaz\u0131lar\u0131m\u0131zda g\u00f6r\u00fc\u015fmek dile\u011fiyle ho\u015f\u00e7akal\u0131n.<\/p>\n\n\n\n<hr class=\"wp-block-separator has-css-opacity is-style-wide\"\/>\n\n\n\n<h3 class=\"wp-block-heading\">Bunlar\u0131 da Sevebilirsiniz;<\/h3>\n\n\n<ul class=\"wp-block-latest-posts__list wp-block-latest-posts\"><li><a class=\"wp-block-latest-posts__post-title\" href=\"https:\/\/geziyoo.co\/blog\/yurt-disinda-cocuklarin-egitimi-ebeveynler-formaliteler-yuzunden-nerede-para-kaybediyor\/\">Yurt d\u0131\u015f\u0131nda \u00e7ocuklar\u0131n e\u011fitimi: Ebeveynler formaliteler y\u00fcz\u00fcnden nerede para kaybediyor?<\/a><\/li>\n<li><a class=\"wp-block-latest-posts__post-title\" href=\"https:\/\/geziyoo.co\/blog\/gezerken-ne-giyilir\/\">Gezerken Ne Giyilir? Mevsim Ge\u00e7i\u015fleri ve Yaz Tatilleri \u0130\u00e7in Pratik Kombin Rehberi<\/a><\/li>\n<li><a class=\"wp-block-latest-posts__post-title\" href=\"https:\/\/geziyoo.co\/blog\/2026-resmi-tatilleri-ve-14-gune-43-gun\/\">Ajandalar Haz\u0131rlans\u0131n! 2026 Resmi Tatilleri ve &#8220;14 G\u00fcne 43 G\u00fcn&#8221; Form\u00fcl\u00fc G\u00fcndemde<\/a><\/li>\n<\/ul>","protected":false},"excerpt":{"rendered":"<p>Ayd\u0131nc\u0131k Tabiat Park\u0131 yaz\u0131m\u0131zdan herkese merhabalar, Tisan Adas\u0131n\u0131 ziyaret ettikten sonra yolumuzu Antalya&#8217;ya \u00e7evirmi\u015ftik.Yol \u00fczerinde oldu\u011fundan u\u011fray\u0131p bakmak istedik.Fakat nedendir bilinmez tan\u0131tmay\u0131 unutmu\u015fuz.Foto\u011fraflar\u0131n\u0131 g\u00f6r\u00fcnce akl\u0131m\u0131za geldi ve hemen bir i\u00e7erik yapal\u0131m dedik. Bu yaz\u0131m\u0131zda Ayd\u0131nc\u0131k Tabiat Park\u0131 Nerede? Giri\u015f \u00dccreti 2026 ne kadar? Nas\u0131l Gidilir? Kamp Yap\u0131l\u0131r m\u0131? gibi bir \u00e7ok sorunuza cevap verece\u011fiz. O &hellip;<\/p>\n","protected":false},"author":1,"featured_media":17850,"comment_status":"open","ping_status":"closed","sticky":false,"template":"","format":"standard","meta":{"footnotes":""},"categories":[20],"tags":[],"class_list":["post-17846","post","type-post","status-publish","format-standard","has-post-thumbnail","hentry","category-gezirehberi"],"yoast_head":"<!-- This site is optimized with the Yoast SEO plugin v26.9 - https:\/\/yoast.com\/product\/yoast-seo-wordpress\/ -->\n<title>Ayd\u0131nc\u0131k Tabiat Park\u0131 : Nas\u0131l Gidilir? 2026 Giri\u015f \u00dccreti | Geziyoo<\/title>\n<meta name=\"description\" content=\"Bu yaz\u0131m\u0131zda Ayd\u0131nc\u0131k Tabiat Park\u0131 Nerede? Giri\u015f \u00dccreti 2026 ne kadar? Nas\u0131l Gidilir? Kamp Yap\u0131l\u0131r m\u0131? gibi bir \u00e7ok sorunuza cevap verece\u011fiz.\" \/>\n<meta name=\"robots\" content=\"index, follow, max-snippet:-1, max-image-preview:large, max-video-preview:-1\" \/>\n<link rel=\"canonical\" href=\"http:\/\/geziyoo.co\/blog\/aydincik-tabiat-parki-gezi-rehberi\/\" \/>\n<meta property=\"og:locale\" content=\"tr_TR\" \/>\n<meta property=\"og:type\" content=\"article\" \/>\n<meta property=\"og:title\" content=\"Ayd\u0131nc\u0131k Tabiat Park\u0131 : Nas\u0131l Gidilir? 2026 Giri\u015f \u00dccreti | Geziyoo\" \/>\n<meta property=\"og:description\" content=\"Bu yaz\u0131m\u0131zda Ayd\u0131nc\u0131k Tabiat Park\u0131 Nerede? Giri\u015f \u00dccreti 2026 ne kadar? Nas\u0131l Gidilir? Kamp Yap\u0131l\u0131r m\u0131? gibi bir \u00e7ok sorunuza cevap verece\u011fiz.\" \/>\n<meta property=\"og:url\" content=\"http:\/\/geziyoo.co\/blog\/aydincik-tabiat-parki-gezi-rehberi\/\" \/>\n<meta property=\"og:site_name\" content=\"Geziyoo.co\" \/>\n<meta property=\"article:publisher\" content=\"https:\/\/www.facebook.com\/Geziyooco\" \/>\n<meta property=\"article:author\" content=\"https:\/\/www.facebook.com\/geziyoo.co\" \/>\n<meta property=\"article:published_time\" content=\"2024-05-05T12:19:02+00:00\" \/>\n<meta property=\"article:modified_time\" content=\"2026-02-05T12:41:11+00:00\" \/>\n<meta property=\"og:image\" content=\"http:\/\/geziyoo.co\/blog\/wp-content\/uploads\/2024\/05\/Aydincik-Tabiat-Parki-Gezi-Rehberi-2.jpg\" \/>\n\t<meta property=\"og:image:width\" content=\"800\" \/>\n\t<meta property=\"og:image:height\" content=\"600\" \/>\n\t<meta property=\"og:image:type\" content=\"image\/jpeg\" \/>\n<meta name=\"author\" content=\"Geziyoo\" \/>\n<meta name=\"twitter:card\" content=\"summary_large_image\" \/>\n<meta name=\"twitter:creator\" content=\"@https:\/\/twitter.com\/geziyoo\" \/>\n<meta name=\"twitter:site\" content=\"@geziyoo\" \/>\n<meta name=\"twitter:label1\" content=\"Yazan:\" \/>\n\t<meta name=\"twitter:data1\" content=\"Geziyoo\" \/>\n\t<meta name=\"twitter:label2\" content=\"Tahmini okuma s\u00fcresi\" \/>\n\t<meta name=\"twitter:data2\" content=\"4 dakika\" \/>\n<script type=\"application\/ld+json\" class=\"yoast-schema-graph\">{\"@context\":\"https:\/\/schema.org\",\"@graph\":[{\"@type\":\"Article\",\"@id\":\"http:\/\/geziyoo.co\/blog\/aydincik-tabiat-parki-gezi-rehberi\/#article\",\"isPartOf\":{\"@id\":\"http:\/\/geziyoo.co\/blog\/aydincik-tabiat-parki-gezi-rehberi\/\"},\"author\":{\"name\":\"Geziyoo\",\"@id\":\"https:\/\/geziyoo.co\/blog\/#\/schema\/person\/032acb2436540ed14784e7d978aef0e4\"},\"headline\":\"Ayd\u0131nc\u0131k Tabiat Park\u0131 : Nas\u0131l Gidilir? 2026 Giri\u015f \u00dccreti\",\"datePublished\":\"2024-05-05T12:19:02+00:00\",\"dateModified\":\"2026-02-05T12:41:11+00:00\",\"mainEntityOfPage\":{\"@id\":\"http:\/\/geziyoo.co\/blog\/aydincik-tabiat-parki-gezi-rehberi\/\"},\"wordCount\":656,\"commentCount\":0,\"publisher\":{\"@id\":\"https:\/\/geziyoo.co\/blog\/#organization\"},\"image\":{\"@id\":\"http:\/\/geziyoo.co\/blog\/aydincik-tabiat-parki-gezi-rehberi\/#primaryimage\"},\"thumbnailUrl\":\"https:\/\/geziyoo.co\/blog\/wp-content\/uploads\/2024\/05\/Aydincik-Tabiat-Parki-Gezi-Rehberi-2.jpg\",\"articleSection\":[\"Gezi Rehberi\"],\"inLanguage\":\"tr\",\"potentialAction\":[{\"@type\":\"CommentAction\",\"name\":\"Comment\",\"target\":[\"http:\/\/geziyoo.co\/blog\/aydincik-tabiat-parki-gezi-rehberi\/#respond\"]}]},{\"@type\":\"WebPage\",\"@id\":\"http:\/\/geziyoo.co\/blog\/aydincik-tabiat-parki-gezi-rehberi\/\",\"url\":\"http:\/\/geziyoo.co\/blog\/aydincik-tabiat-parki-gezi-rehberi\/\",\"name\":\"Ayd\u0131nc\u0131k Tabiat Park\u0131 : Nas\u0131l Gidilir? 2026 Giri\u015f \u00dccreti | Geziyoo\",\"isPartOf\":{\"@id\":\"https:\/\/geziyoo.co\/blog\/#website\"},\"primaryImageOfPage\":{\"@id\":\"http:\/\/geziyoo.co\/blog\/aydincik-tabiat-parki-gezi-rehberi\/#primaryimage\"},\"image\":{\"@id\":\"http:\/\/geziyoo.co\/blog\/aydincik-tabiat-parki-gezi-rehberi\/#primaryimage\"},\"thumbnailUrl\":\"https:\/\/geziyoo.co\/blog\/wp-content\/uploads\/2024\/05\/Aydincik-Tabiat-Parki-Gezi-Rehberi-2.jpg\",\"datePublished\":\"2024-05-05T12:19:02+00:00\",\"dateModified\":\"2026-02-05T12:41:11+00:00\",\"description\":\"Bu yaz\u0131m\u0131zda Ayd\u0131nc\u0131k Tabiat Park\u0131 Nerede? Giri\u015f \u00dccreti 2026 ne kadar? Nas\u0131l Gidilir? Kamp Yap\u0131l\u0131r m\u0131? gibi bir \u00e7ok sorunuza cevap verece\u011fiz.\",\"breadcrumb\":{\"@id\":\"http:\/\/geziyoo.co\/blog\/aydincik-tabiat-parki-gezi-rehberi\/#breadcrumb\"},\"inLanguage\":\"tr\",\"potentialAction\":[{\"@type\":\"ReadAction\",\"target\":[\"http:\/\/geziyoo.co\/blog\/aydincik-tabiat-parki-gezi-rehberi\/\"]}]},{\"@type\":\"ImageObject\",\"inLanguage\":\"tr\",\"@id\":\"http:\/\/geziyoo.co\/blog\/aydincik-tabiat-parki-gezi-rehberi\/#primaryimage\",\"url\":\"https:\/\/geziyoo.co\/blog\/wp-content\/uploads\/2024\/05\/Aydincik-Tabiat-Parki-Gezi-Rehberi-2.jpg\",\"contentUrl\":\"https:\/\/geziyoo.co\/blog\/wp-content\/uploads\/2024\/05\/Aydincik-Tabiat-Parki-Gezi-Rehberi-2.jpg\",\"width\":800,\"height\":600},{\"@type\":\"BreadcrumbList\",\"@id\":\"http:\/\/geziyoo.co\/blog\/aydincik-tabiat-parki-gezi-rehberi\/#breadcrumb\",\"itemListElement\":[{\"@type\":\"ListItem\",\"position\":1,\"name\":\"Ana sayfa\",\"item\":\"https:\/\/geziyoo.co\/blog\/\"},{\"@type\":\"ListItem\",\"position\":2,\"name\":\"Ayd\u0131nc\u0131k Tabiat Park\u0131 : Nas\u0131l Gidilir? 2026 Giri\u015f \u00dccreti\"}]},{\"@type\":\"WebSite\",\"@id\":\"https:\/\/geziyoo.co\/blog\/#website\",\"url\":\"https:\/\/geziyoo.co\/blog\/\",\"name\":\"Geziyoo Blog\",\"description\":\"GeziYoo Blog&#039;da T\u00fcrkiye&#039;nin en iyi kamp alanlar\u0131ndan bungalov tatillerine, karavan ipu\u00e7lar\u0131ndan gezi rehberlerine kadar her t\u00fcrl\u00fc do\u011fa deneyimini ke\u015ffedin.\",\"publisher\":{\"@id\":\"https:\/\/geziyoo.co\/blog\/#organization\"},\"potentialAction\":[{\"@type\":\"SearchAction\",\"target\":{\"@type\":\"EntryPoint\",\"urlTemplate\":\"https:\/\/geziyoo.co\/blog\/?s={search_term_string}\"},\"query-input\":{\"@type\":\"PropertyValueSpecification\",\"valueRequired\":true,\"valueName\":\"search_term_string\"}}],\"inLanguage\":\"tr\"},{\"@type\":\"Organization\",\"@id\":\"https:\/\/geziyoo.co\/blog\/#organization\",\"name\":\"Geziyoo.co\",\"url\":\"https:\/\/geziyoo.co\/blog\/\",\"logo\":{\"@type\":\"ImageObject\",\"inLanguage\":\"tr\",\"@id\":\"https:\/\/geziyoo.co\/blog\/#\/schema\/logo\/image\/\",\"url\":\"https:\/\/geziyoo.co\/blog\/wp-content\/uploads\/2025\/01\/Paragraf-metniniz-3.png\",\"contentUrl\":\"https:\/\/geziyoo.co\/blog\/wp-content\/uploads\/2025\/01\/Paragraf-metniniz-3.png\",\"width\":270,\"height\":50,\"caption\":\"Geziyoo.co\"},\"image\":{\"@id\":\"https:\/\/geziyoo.co\/blog\/#\/schema\/logo\/image\/\"},\"sameAs\":[\"https:\/\/www.facebook.com\/Geziyooco\",\"https:\/\/x.com\/geziyoo\",\"https:\/\/tr.pinterest.com\/geziyooco\/\",\"https:\/\/www.youtube.com\/@geziyoo\",\"https:\/\/www.instagram.com\/geziyoo.co\/\"]},{\"@type\":\"Person\",\"@id\":\"https:\/\/geziyoo.co\/blog\/#\/schema\/person\/032acb2436540ed14784e7d978aef0e4\",\"name\":\"Geziyoo\",\"image\":{\"@type\":\"ImageObject\",\"inLanguage\":\"tr\",\"@id\":\"https:\/\/geziyoo.co\/blog\/#\/schema\/person\/image\/\",\"url\":\"https:\/\/secure.gravatar.com\/avatar\/ae212a4514471fdb8cab6e5af4f3c99b940a2d0a16713ea0392c8d7c8a64f30a?s=96&d=mm&r=g\",\"contentUrl\":\"https:\/\/secure.gravatar.com\/avatar\/ae212a4514471fdb8cab6e5af4f3c99b940a2d0a16713ea0392c8d7c8a64f30a?s=96&d=mm&r=g\",\"caption\":\"Geziyoo\"},\"description\":\"Do\u011fa ile i\u00e7 i\u00e7e olabilece\u011finiz yerler,do\u011fa aktivite alanlar\u0131,kamp alanlar\u0131,bungalov oteller,Tiny House Oteller, Galampingler ve da\u011f evlerinin herkes i\u00e7in ula\u015f\u0131labilir olmas\u0131n\u0131 sa\u011flamak amac\u0131yla Geziyoo\u2019ya 2019 y\u0131l\u0131nda ba\u015flad\u0131k.Do\u011fal Tatil konseptini uygulayan en geni\u015f kapsaml\u0131 sitedir.\",\"sameAs\":[\"https:\/\/geziyoo.co\/\",\"https:\/\/www.facebook.com\/geziyoo.co\",\"https:\/\/www.instagram.com\/geziyoo.co\/\",\"https:\/\/tr.pinterest.com\/geziyooco\/\",\"https:\/\/x.com\/https:\/\/twitter.com\/geziyoo\",\"https:\/\/www.youtube.com\/channel\/UCdiSMa6pe17KEY7DP1Ug4ag\"]}]}<\/script>\n<!-- \/ Yoast SEO plugin. -->","yoast_head_json":{"title":"Ayd\u0131nc\u0131k Tabiat Park\u0131 : Nas\u0131l Gidilir? 2026 Giri\u015f \u00dccreti | Geziyoo","description":"Bu yaz\u0131m\u0131zda Ayd\u0131nc\u0131k Tabiat Park\u0131 Nerede? Giri\u015f \u00dccreti 2026 ne kadar? Nas\u0131l Gidilir? Kamp Yap\u0131l\u0131r m\u0131? gibi bir \u00e7ok sorunuza cevap verece\u011fiz.","robots":{"index":"index","follow":"follow","max-snippet":"max-snippet:-1","max-image-preview":"max-image-preview:large","max-video-preview":"max-video-preview:-1"},"canonical":"http:\/\/geziyoo.co\/blog\/aydincik-tabiat-parki-gezi-rehberi\/","og_locale":"tr_TR","og_type":"article","og_title":"Ayd\u0131nc\u0131k Tabiat Park\u0131 : Nas\u0131l Gidilir? 2026 Giri\u015f \u00dccreti | Geziyoo","og_description":"Bu yaz\u0131m\u0131zda Ayd\u0131nc\u0131k Tabiat Park\u0131 Nerede? Giri\u015f \u00dccreti 2026 ne kadar? Nas\u0131l Gidilir? Kamp Yap\u0131l\u0131r m\u0131? gibi bir \u00e7ok sorunuza cevap verece\u011fiz.","og_url":"http:\/\/geziyoo.co\/blog\/aydincik-tabiat-parki-gezi-rehberi\/","og_site_name":"Geziyoo.co","article_publisher":"https:\/\/www.facebook.com\/Geziyooco","article_author":"https:\/\/www.facebook.com\/geziyoo.co","article_published_time":"2024-05-05T12:19:02+00:00","article_modified_time":"2026-02-05T12:41:11+00:00","og_image":[{"width":800,"height":600,"url":"http:\/\/geziyoo.co\/blog\/wp-content\/uploads\/2024\/05\/Aydincik-Tabiat-Parki-Gezi-Rehberi-2.jpg","type":"image\/jpeg"}],"author":"Geziyoo","twitter_card":"summary_large_image","twitter_creator":"@https:\/\/twitter.com\/geziyoo","twitter_site":"@geziyoo","twitter_misc":{"Yazan:":"Geziyoo","Tahmini okuma s\u00fcresi":"4 dakika"},"schema":{"@context":"https:\/\/schema.org","@graph":[{"@type":"Article","@id":"http:\/\/geziyoo.co\/blog\/aydincik-tabiat-parki-gezi-rehberi\/#article","isPartOf":{"@id":"http:\/\/geziyoo.co\/blog\/aydincik-tabiat-parki-gezi-rehberi\/"},"author":{"name":"Geziyoo","@id":"https:\/\/geziyoo.co\/blog\/#\/schema\/person\/032acb2436540ed14784e7d978aef0e4"},"headline":"Ayd\u0131nc\u0131k Tabiat Park\u0131 : Nas\u0131l Gidilir? 2026 Giri\u015f \u00dccreti","datePublished":"2024-05-05T12:19:02+00:00","dateModified":"2026-02-05T12:41:11+00:00","mainEntityOfPage":{"@id":"http:\/\/geziyoo.co\/blog\/aydincik-tabiat-parki-gezi-rehberi\/"},"wordCount":656,"commentCount":0,"publisher":{"@id":"https:\/\/geziyoo.co\/blog\/#organization"},"image":{"@id":"http:\/\/geziyoo.co\/blog\/aydincik-tabiat-parki-gezi-rehberi\/#primaryimage"},"thumbnailUrl":"https:\/\/geziyoo.co\/blog\/wp-content\/uploads\/2024\/05\/Aydincik-Tabiat-Parki-Gezi-Rehberi-2.jpg","articleSection":["Gezi Rehberi"],"inLanguage":"tr","potentialAction":[{"@type":"CommentAction","name":"Comment","target":["http:\/\/geziyoo.co\/blog\/aydincik-tabiat-parki-gezi-rehberi\/#respond"]}]},{"@type":"WebPage","@id":"http:\/\/geziyoo.co\/blog\/aydincik-tabiat-parki-gezi-rehberi\/","url":"http:\/\/geziyoo.co\/blog\/aydincik-tabiat-parki-gezi-rehberi\/","name":"Ayd\u0131nc\u0131k Tabiat Park\u0131 : Nas\u0131l Gidilir? 2026 Giri\u015f \u00dccreti | Geziyoo","isPartOf":{"@id":"https:\/\/geziyoo.co\/blog\/#website"},"primaryImageOfPage":{"@id":"http:\/\/geziyoo.co\/blog\/aydincik-tabiat-parki-gezi-rehberi\/#primaryimage"},"image":{"@id":"http:\/\/geziyoo.co\/blog\/aydincik-tabiat-parki-gezi-rehberi\/#primaryimage"},"thumbnailUrl":"https:\/\/geziyoo.co\/blog\/wp-content\/uploads\/2024\/05\/Aydincik-Tabiat-Parki-Gezi-Rehberi-2.jpg","datePublished":"2024-05-05T12:19:02+00:00","dateModified":"2026-02-05T12:41:11+00:00","description":"Bu yaz\u0131m\u0131zda Ayd\u0131nc\u0131k Tabiat Park\u0131 Nerede? Giri\u015f \u00dccreti 2026 ne kadar? Nas\u0131l Gidilir? Kamp Yap\u0131l\u0131r m\u0131? gibi bir \u00e7ok sorunuza cevap verece\u011fiz.","breadcrumb":{"@id":"http:\/\/geziyoo.co\/blog\/aydincik-tabiat-parki-gezi-rehberi\/#breadcrumb"},"inLanguage":"tr","potentialAction":[{"@type":"ReadAction","target":["http:\/\/geziyoo.co\/blog\/aydincik-tabiat-parki-gezi-rehberi\/"]}]},{"@type":"ImageObject","inLanguage":"tr","@id":"http:\/\/geziyoo.co\/blog\/aydincik-tabiat-parki-gezi-rehberi\/#primaryimage","url":"https:\/\/geziyoo.co\/blog\/wp-content\/uploads\/2024\/05\/Aydincik-Tabiat-Parki-Gezi-Rehberi-2.jpg","contentUrl":"https:\/\/geziyoo.co\/blog\/wp-content\/uploads\/2024\/05\/Aydincik-Tabiat-Parki-Gezi-Rehberi-2.jpg","width":800,"height":600},{"@type":"BreadcrumbList","@id":"http:\/\/geziyoo.co\/blog\/aydincik-tabiat-parki-gezi-rehberi\/#breadcrumb","itemListElement":[{"@type":"ListItem","position":1,"name":"Ana sayfa","item":"https:\/\/geziyoo.co\/blog\/"},{"@type":"ListItem","position":2,"name":"Ayd\u0131nc\u0131k Tabiat Park\u0131 : Nas\u0131l Gidilir? 2026 Giri\u015f \u00dccreti"}]},{"@type":"WebSite","@id":"https:\/\/geziyoo.co\/blog\/#website","url":"https:\/\/geziyoo.co\/blog\/","name":"Geziyoo Blog","description":"GeziYoo Blog&#039;da T\u00fcrkiye&#039;nin en iyi kamp alanlar\u0131ndan bungalov tatillerine, karavan ipu\u00e7lar\u0131ndan gezi rehberlerine kadar her t\u00fcrl\u00fc do\u011fa deneyimini ke\u015ffedin.","publisher":{"@id":"https:\/\/geziyoo.co\/blog\/#organization"},"potentialAction":[{"@type":"SearchAction","target":{"@type":"EntryPoint","urlTemplate":"https:\/\/geziyoo.co\/blog\/?s={search_term_string}"},"query-input":{"@type":"PropertyValueSpecification","valueRequired":true,"valueName":"search_term_string"}}],"inLanguage":"tr"},{"@type":"Organization","@id":"https:\/\/geziyoo.co\/blog\/#organization","name":"Geziyoo.co","url":"https:\/\/geziyoo.co\/blog\/","logo":{"@type":"ImageObject","inLanguage":"tr","@id":"https:\/\/geziyoo.co\/blog\/#\/schema\/logo\/image\/","url":"https:\/\/geziyoo.co\/blog\/wp-content\/uploads\/2025\/01\/Paragraf-metniniz-3.png","contentUrl":"https:\/\/geziyoo.co\/blog\/wp-content\/uploads\/2025\/01\/Paragraf-metniniz-3.png","width":270,"height":50,"caption":"Geziyoo.co"},"image":{"@id":"https:\/\/geziyoo.co\/blog\/#\/schema\/logo\/image\/"},"sameAs":["https:\/\/www.facebook.com\/Geziyooco","https:\/\/x.com\/geziyoo","https:\/\/tr.pinterest.com\/geziyooco\/","https:\/\/www.youtube.com\/@geziyoo","https:\/\/www.instagram.com\/geziyoo.co\/"]},{"@type":"Person","@id":"https:\/\/geziyoo.co\/blog\/#\/schema\/person\/032acb2436540ed14784e7d978aef0e4","name":"Geziyoo","image":{"@type":"ImageObject","inLanguage":"tr","@id":"https:\/\/geziyoo.co\/blog\/#\/schema\/person\/image\/","url":"https:\/\/secure.gravatar.com\/avatar\/ae212a4514471fdb8cab6e5af4f3c99b940a2d0a16713ea0392c8d7c8a64f30a?s=96&d=mm&r=g","contentUrl":"https:\/\/secure.gravatar.com\/avatar\/ae212a4514471fdb8cab6e5af4f3c99b940a2d0a16713ea0392c8d7c8a64f30a?s=96&d=mm&r=g","caption":"Geziyoo"},"description":"Do\u011fa ile i\u00e7 i\u00e7e olabilece\u011finiz yerler,do\u011fa aktivite alanlar\u0131,kamp alanlar\u0131,bungalov oteller,Tiny House Oteller, Galampingler ve da\u011f evlerinin herkes i\u00e7in ula\u015f\u0131labilir olmas\u0131n\u0131 sa\u011flamak amac\u0131yla Geziyoo\u2019ya 2019 y\u0131l\u0131nda ba\u015flad\u0131k.Do\u011fal Tatil konseptini uygulayan en geni\u015f kapsaml\u0131 sitedir.","sameAs":["https:\/\/geziyoo.co\/","https:\/\/www.facebook.com\/geziyoo.co","https:\/\/www.instagram.com\/geziyoo.co\/","https:\/\/tr.pinterest.com\/geziyooco\/","https:\/\/x.com\/https:\/\/twitter.com\/geziyoo","https:\/\/www.youtube.com\/channel\/UCdiSMa6pe17KEY7DP1Ug4ag"]}]}},"amp_enabled":true,"_links":{"self":[{"href":"https:\/\/geziyoo.co\/blog\/wp-json\/wp\/v2\/posts\/17846","targetHints":{"allow":["GET"]}}],"collection":[{"href":"https:\/\/geziyoo.co\/blog\/wp-json\/wp\/v2\/posts"}],"about":[{"href":"https:\/\/geziyoo.co\/blog\/wp-json\/wp\/v2\/types\/post"}],"author":[{"embeddable":true,"href":"https:\/\/geziyoo.co\/blog\/wp-json\/wp\/v2\/users\/1"}],"replies":[{"embeddable":true,"href":"https:\/\/geziyoo.co\/blog\/wp-json\/wp\/v2\/comments?post=17846"}],"version-history":[{"count":0,"href":"https:\/\/geziyoo.co\/blog\/wp-json\/wp\/v2\/posts\/17846\/revisions"}],"wp:featuredmedia":[{"embeddable":true,"href":"https:\/\/geziyoo.co\/blog\/wp-json\/wp\/v2\/media\/17850"}],"wp:attachment":[{"href":"https:\/\/geziyoo.co\/blog\/wp-json\/wp\/v2\/media?parent=17846"}],"wp:term":[{"taxonomy":"category","embeddable":true,"href":"https:\/\/geziyoo.co\/blog\/wp-json\/wp\/v2\/categories?post=17846"},{"taxonomy":"post_tag","embeddable":true,"href":"https:\/\/geziyoo.co\/blog\/wp-json\/wp\/v2\/tags?post=17846"}],"curies":[{"name":"wp","href":"https:\/\/api.w.org\/{rel}","templated":true}]}}