{"id":17245,"date":"2024-03-31T07:08:08","date_gmt":"2024-03-31T07:08:08","guid":{"rendered":"https:\/\/geziyoo.co\/blog\/?p=17245"},"modified":"2026-02-04T10:50:07","modified_gmt":"2026-02-04T10:50:07","slug":"nazilli-kamp-alanlari-ve-karavan-alanlari","status":"publish","type":"post","link":"https:\/\/geziyoo.co\/blog\/nazilli-kamp-alanlari-ve-karavan-alanlari\/","title":{"rendered":"Nazilli ve \u00c7evresi Tarih Kokan 2 \u00dccretsiz Kamp Noktas\u0131 (Konum ve \u0130pu\u00e7lar\u0131)"},"content":{"rendered":"\n<p><strong>Nazilli<\/strong>, Ayd\u0131n Da\u011flar\u0131 ile Madran Da\u011f\u0131&#8217;n\u0131n aras\u0131na s\u0131k\u0131\u015fm\u0131\u015f, i\u00e7inden B\u00fcy\u00fck Menderes Nehri&#8217;nin ge\u00e7ti\u011fi, tarihi M.\u00d6. 5000&#8217;lere dayanan k\u00f6kl\u00fc bir il\u00e7edir. Buras\u0131 kamp\u00e7\u0131lar i\u00e7in bir &#8220;tatil&#8221; beldesi de\u011fil, daha \u00e7ok bir &#8220;ke\u015fif&#8221; rotas\u0131d\u0131r. \u00d6zellikle foto\u011fraf tutkunlar\u0131 ve tarih merakl\u0131lar\u0131 i\u00e7in Nazilli&#8217;nin k\u00f6yleri (Esenk\u00f6y gibi), bar\u0131nd\u0131rd\u0131\u011f\u0131 tarihi konaklar ve kalelerle e\u015fsiz bir atmosfer sunar.<\/p>\n\n\n\n<p>B\u00f6lgedeki kamp alanlar\u0131 &#8220;Wild Camping&#8221; stat\u00fcs\u00fcndedir. En pop\u00fcler ve estetik nokta \u015f\u00fcphesiz <strong>Arpaz (Harpasa) Kalesi<\/strong> \u00e7evresidir. Bir \u015fato g\u00f6r\u00fcn\u00fcm\u00fcndeki bu yap\u0131, kamp\u00e7\u0131lara masals\u0131 bir fon olu\u015fturur. Ayr\u0131ca <strong>Kestel \u00c7ay\u0131<\/strong> vadisi, yaz\u0131n Nazilli&#8217;nin kavurucu s\u0131ca\u011f\u0131ndan (sar\u0131 s\u0131cak) ka\u00e7\u0131p serinlemek isteyenlerin s\u0131\u011f\u0131na\u011f\u0131d\u0131r. Nazilli&#8217;de yaz\u0131n kamp yapacaksan\u0131z, ya su kenar\u0131n\u0131 ya da y\u00fcksek rak\u0131ml\u0131 yayla k\u00f6ylerini tercih etmeniz hayati \u00f6nem ta\u015f\u0131r.<\/p>\n\n\n\n<p>Biz Geziyoo olarak, Menderes Ovas\u0131&#8217;n\u0131n bu sessiz k\u00f6\u015fesinde \u00e7ad\u0131r kurabilece\u011finiz en g\u00fcvenli noktalar\u0131 se\u00e7tik. Listemizde, tarihi bir kulenin g\u00f6lgesinde kahvalt\u0131 yapabilece\u011finiz yerleri de, zeytin a\u011fa\u00e7lar\u0131 alt\u0131nda arkeolojik ke\u015fif yapabilece\u011finiz alanlar\u0131 da bir araya getirdik.<\/p>\n\n\n\n<p>\u0130ster <strong>Arpaz Kulesi&#8217;ne<\/strong> kar\u015f\u0131 tarihe dal\u0131n, ister <strong>Mastaura<\/strong>&#8216;da antik tiyatroyu aray\u0131n; yola \u00e7\u0131kmadan \u00f6nce Nazilli&#8217;nin me\u015fhur &#8220;Kar Helvas\u0131&#8221;n\u0131 yemeyi unutmay\u0131n. \u0130\u015fte Nazilli\u2019nin en iyi 2 kamp dura\u011f\u0131:<\/p>\n\n\n\n<p>Ayd\u0131n Nazilli&#8217;de ki kamp alanlar\u0131 haricinde kamp yerlerine bakmak i\u00e7in <strong><em> <a href=\"https:\/\/geziyoo.co\/blog\/aydin-kamp-alanlari-ve-karavan-alanlari\/\" data-type=\"post\" data-id=\"8639\">Ayd\u0131n Kamp Alanlar\u0131<\/a> <\/em><\/strong>i\u00e7eri\u011fimize bakabilirsiniz.Unuttu\u011fumuz veya bilmedi\u011fimiz <strong>\u00c7ad\u0131r ve Karavan Kamp alan\u0131<\/strong> var ise l\u00fctfen yorumlar k\u0131sm\u0131ndan bizlerle payla\u015fs\u0131n.<\/p>\n\n\n\n<p>Sizlerde unuttu\u011fumuz Karavan Kamp alanlar\u0131n\u0131 yorumlar k\u0131sm\u0131ndan bizlerle payla\u015fabilirsiniz.<\/p>\n\n\n\n<p>Unutmadan Nazilli haricinde Kamp Alan\u0131, Bungalov veya Da\u011f evi ar\u0131yorsan\u0131z , <a href=\"https:\/\/geziyoo.co\/?select=Karavan+Kamp%C4%B1&amp;lp_s_loc=&amp;lp_s_tag=&amp;lp_s_cat=229&amp;s=home&amp;post_type=listing\" target=\"_blank\" rel=\"noopener noreferrer\"><em><strong>500&#8217;den fazla Kamp ve Karavan Yeri<\/strong> <\/em><\/a>sayfam\u0131za bakman\u0131z\u0131 tavsiye diyoruz.<\/p>\n\n\n\n<hr class=\"wp-block-separator has-css-opacity is-style-wide\"\/>\n\n\n\n<h2 class=\"wp-block-heading\">1.<strong>Nazilli S\u00fcmer Park Kamp Alan\u0131<\/strong><\/h2>\n\n\n\n<figure class=\"wp-block-image size-full\"><img decoding=\"async\" width=\"800\" height=\"450\" data-src=\"https:\/\/geziyoo.co\/blog\/wp-content\/uploads\/2024\/03\/Nazilli-Kamp-Alanlari-ve-Karavan-Alanlari-1.jpg\" alt=\"Nazilli Kamp Alanlar\u0131 ve Karavan Alanlar\u0131\" class=\"wp-image-17247 lazyload\" data-srcset=\"https:\/\/geziyoo.co\/blog\/wp-content\/uploads\/2024\/03\/Nazilli-Kamp-Alanlari-ve-Karavan-Alanlari-1.jpg 800w, https:\/\/geziyoo.co\/blog\/wp-content\/uploads\/2024\/03\/Nazilli-Kamp-Alanlari-ve-Karavan-Alanlari-1-300x169.jpg 300w, https:\/\/geziyoo.co\/blog\/wp-content\/uploads\/2024\/03\/Nazilli-Kamp-Alanlari-ve-Karavan-Alanlari-1-768x432.jpg 768w, https:\/\/geziyoo.co\/blog\/wp-content\/uploads\/2024\/03\/Nazilli-Kamp-Alanlari-ve-Karavan-Alanlari-1-390x220.jpg 390w, https:\/\/geziyoo.co\/blog\/wp-content\/uploads\/2024\/03\/Nazilli-Kamp-Alanlari-ve-Karavan-Alanlari-1-150x84.jpg 150w\" data-sizes=\"(max-width: 800px) 100vw, 800px\" src=\"data:image\/gif;base64,R0lGODlhAQABAAAAACH5BAEKAAEALAAAAAABAAEAAAICTAEAOw==\" style=\"--smush-placeholder-width: 800px; --smush-placeholder-aspect-ratio: 800\/450;\" \/><\/figure>\n\n\n\n<p>Ayd\u0131n&#8217;\u0131n Nazilli il\u00e7esi, \u015fehrin karma\u015fas\u0131ndan ka\u00e7\u0131p do\u011fan\u0131n kuca\u011f\u0131na at\u0131lmak isteyenler i\u00e7in harika bir sakl\u0131 hazineye ev sahipli\u011fi yap\u0131yor: S\u00fcmer Park. \u015eehrin merkezinde, adeta bir vaha gibi y\u00fckselen bu park, yerel ailelerin yaz aylar\u0131nda serinlemek, piknik yapmak ve \u00e7ocuklar\u0131n\u0131 e\u011flendirmek i\u00e7in ak\u0131n etti\u011fi, herkesin y\u00fcz\u00fcnde bir tebess\u00fcm olu\u015fturan \u00f6zel bir yerdir.<\/p>\n\n\n\n<p>S\u00fcmer Park&#8217;a ula\u015f\u0131m olduk\u00e7a kolayd\u0131r; ister yaya olarak g\u00fczel bir y\u00fcr\u00fcy\u00fc\u015fle, isterseniz de \u015fehiri\u00e7i dolmu\u015flarla rahat\u00e7a varabilirsiniz. Park\u0131n en g\u00fczel yanlar\u0131ndan biri de giri\u015f \u00fccretinin olmamas\u0131d\u0131r. B\u00f6ylece, ziyaret\u00e7iler g\u00fcn boyunca park\u0131n sundu\u011fu imkanlardan \u00fccretsiz yararlanabilirler.<\/p>\n\n\n\n<p>Park i\u00e7inde, ziyaret\u00e7ilerin ihtiya\u00e7 duyabilece\u011fi her t\u00fcrl\u00fc olanak d\u00fc\u015f\u00fcn\u00fclm\u00fc\u015f durumda: WC, temiz ve kullan\u0131\u015fl\u0131 \u00e7e\u015fmeler, a\u011f\u0131z suland\u0131ran lezzetler sunan restoranlar, keyifli vakit ge\u00e7irebilece\u011finiz \u00e7ay bah\u00e7eleri ve h\u0131zl\u0131 at\u0131\u015ft\u0131rmal\u0131klar i\u00e7in b\u00fcfeler mevcut. Ayr\u0131ca, s\u0131rt \u00e7antal\u0131 gezginler i\u00e7in de ideal bir durak noktas\u0131d\u0131r; g\u00fcvenli bir kamp alan\u0131nda \u00e7ad\u0131r kurup Ayd\u0131n&#8217;\u0131n do\u011fal g\u00fczellikleri i\u00e7inde bir gece ge\u00e7irebilirsiniz.<\/p>\n\n\n\n<p>S\u00fcmer Park, kamp yapmak isteyenler i\u00e7in m\u00fckemmel bir alternatif sunuyor. \u00dccretsiz kamp olana\u011f\u0131 ile ziyaret\u00e7iler, \u015fehrin i\u00e7indeki bu do\u011fal cennette do\u011fayla i\u00e7 i\u00e7e vakit ge\u00e7irme f\u0131rsat\u0131 buluyorlar. Park\u0131n sundu\u011fu kamp olanaklar\u0131 aras\u0131nda temiz WC&#8217;ler, su ihtiyac\u0131n\u0131z\u0131 kar\u015f\u0131layabilece\u011finiz \u00e7e\u015fmeler, yiyecek ve i\u00e7ecek ihtiya\u00e7lar\u0131n\u0131z\u0131 giderebilece\u011finiz restoran, \u00e7ay bah\u00e7esi ve b\u00fcfeler bulunmaktad\u0131r. Ayr\u0131ca, mescit ve \u00e7ocuk oyun park\u0131 gibi ek imkanlar da mevcuttur, b\u00f6ylece aileler i\u00e7in g\u00fcn boyu keyifli ve rahat bir deneyim sa\u011flanm\u0131\u015f olur.<\/p>\n\n\n\n<p>S\u00fcmer Park, \u00e7ocuklar i\u00e7in de olduk\u00e7a e\u011flenceli bir yerdir. Geni\u015f ve g\u00fcvenli oyun alanlar\u0131, \u00e7ocuklar\u0131n enerjilerini harcayabilecekleri, yeni arkada\u015fl\u0131klar kurabilecekleri bir ortam sunar. Aileler, \u00e7ocuklar oyun park\u0131nda vakit ge\u00e7irirken, kendileri de \u00e7ay bah\u00e7esinde bir fincan \u00e7ay\u0131n keyfini \u00e7\u0131karabilirler.<\/p>\n\n\n\n<p>Ayr\u0131ca, park i\u00e7erisindeki hayvanat bah\u00e7esi, b\u00fcy\u00fck k\u00fc\u00e7\u00fck herkesin ilgisini \u00e7ekecek bir di\u011fer \u00f6zelliktir. Farkl\u0131 t\u00fcrlerden hayvanlar\u0131 g\u00f6rebilece\u011finiz bu alanda, do\u011fa ve hayvan sevgisi \u00e7ocuklara k\u00fc\u00e7\u00fck ya\u015flardan itibaren a\u015f\u0131lanm\u0131\u015f olur.<\/p>\n\n\n\n<p>S\u00fcmer Park, Nazilli&#8217;nin merkezinde yer almas\u0131na ra\u011fmen, sundu\u011fu do\u011fal g\u00fczellikler ve olanaklarla, ziyaret\u00e7ilerine \u015fehirden uzakta bir deneyim ya\u015fat\u0131yor. Gerek yerli halk\u0131n gerekse \u015fehir d\u0131\u015f\u0131ndan gelen ziyaret\u00e7ilerin u\u011frak noktas\u0131 olan bu park, do\u011fayla i\u00e7 i\u00e7e, huzurlu ve e\u011flenceli bir ka\u00e7\u0131\u015f sunuyor. \u00dccretsiz giri\u015fi, kolay ula\u015f\u0131m\u0131 ve zengin imkanlar\u0131 ile S\u00fcmer Park, Ayd\u0131n\u2019\u0131n ke\u015ffedilmesi gereken do\u011fal g\u00fczelliklerinden biri olarak \u00f6ne \u00e7\u0131k\u0131yor.<\/p>\n\n\n\n<hr class=\"wp-block-separator has-css-opacity is-style-wide\"\/>\n\n\n\n<ul id=\"block-ac4df02e-ceaf-47f7-a499-985a2bd13010\" class=\"wp-block-list\">\n<li><strong>Nazilli S\u00fcmer Park Kamp Alan\u0131<\/strong> <strong>Adres<\/strong>&nbsp;:S\u00fcmer, Nazilli Boozdo\u011fan Yolu No:461, 09900 Nazilli\/Ayd\u0131n <strong><em><a href=\"https:\/\/maps.app.goo.gl\/Bxw7AejS4sCHndzL6\">Yol Tarifi Al<\/a><\/em><\/strong><\/li>\n<\/ul>\n\n\n\n<hr class=\"wp-block-separator has-css-opacity is-style-wide\"\/>\n\n\n\n<h2 class=\"wp-block-heading\">2.<strong>\u0130sabeyli Kamp Alan\u0131<\/strong><\/h2>\n\n\n\n<figure class=\"wp-block-image size-large is-resized\"><img decoding=\"async\" width=\"641\" height=\"1024\" data-src=\"https:\/\/geziyoo.co\/blog\/wp-content\/uploads\/2024\/03\/Nazilli-Kamp-Alanlari-ve-Karavan-Alanlari-3-641x1024.jpg\" alt=\"\" class=\"wp-image-17248 lazyload\" style=\"--smush-placeholder-width: 641px; --smush-placeholder-aspect-ratio: 641\/1024;width:750px\" title=\"Ayd\u0131n Kamp Alanlar\u0131 ve Karavan Alanlar\u0131 24\" data-srcset=\"https:\/\/geziyoo.co\/blog\/wp-content\/uploads\/2024\/03\/Nazilli-Kamp-Alanlari-ve-Karavan-Alanlari-3-641x1024.jpg 641w, https:\/\/geziyoo.co\/blog\/wp-content\/uploads\/2024\/03\/Nazilli-Kamp-Alanlari-ve-Karavan-Alanlari-3-188x300.jpg 188w, https:\/\/geziyoo.co\/blog\/wp-content\/uploads\/2024\/03\/Nazilli-Kamp-Alanlari-ve-Karavan-Alanlari-3-768x1227.jpg 768w, https:\/\/geziyoo.co\/blog\/wp-content\/uploads\/2024\/03\/Nazilli-Kamp-Alanlari-ve-Karavan-Alanlari-3-150x240.jpg 150w, https:\/\/geziyoo.co\/blog\/wp-content\/uploads\/2024\/03\/Nazilli-Kamp-Alanlari-ve-Karavan-Alanlari-3-scaled.jpg 501w\" data-sizes=\"(max-width: 641px) 100vw, 641px\" src=\"data:image\/gif;base64,R0lGODlhAQABAAAAACH5BAEKAAEALAAAAAABAAEAAAICTAEAOw==\" \/><\/figure>\n\n\n\n<p>Nazilli&#8217;nin \u0130sabeyli \u2013 \u00c7aml\u0131k mevkiinde yer alan \u0130sabeyli Kamp Alan\u0131, 2016 y\u0131l\u0131ndan bu yana do\u011faseverlere kap\u0131lar\u0131n\u0131 a\u00e7m\u0131\u015f bir mesire yeridir. \u00c7am a\u011fa\u00e7lar\u0131n\u0131n h\u00e2kim oldu\u011fu bu b\u00f6lge, \u00e7evre halk\u0131 taraf\u0131ndan s\u0131k\u00e7a ziyaret edilen, ye\u015fillikler i\u00e7inde bir dinlenme ve e\u011flenme alan\u0131 sunar. Kamp alan\u0131, WC ve \u00e7e\u015fme gibi temel olanaklarla donat\u0131lm\u0131\u015f olup, ziyaret\u00e7ilerine do\u011fa ile i\u00e7 i\u00e7e, huzurlu bir mola f\u0131rsat\u0131 sunmaktad\u0131r.<\/p>\n\n\n\n<p>\u0130sabeyli Kamp Alan\u0131&#8217;n\u0131n sundu\u011fu do\u011fal g\u00fczellikler, \u00e7am kokular\u0131 ve temiz toprak kokusu e\u015fli\u011finde piknik yapmak ya da \u00e7ad\u0131r kurarak kamp yapmak isteyenler i\u00e7in ideal bir ortam sa\u011flar. \u00d6zellikle bahar ve yaz aylar\u0131nda, b\u00f6lgenin do\u011fal g\u00fczellikleri en \u00fcst seviyede oldu\u011fundan, alan olduk\u00e7a kalabal\u0131k olabilir. Bu durum, sakin bir kamp deneyimi arayanlar\u0131 biraz \u00e7ekinse de, do\u011fayla i\u00e7 i\u00e7e olman\u0131n ve \u00e7evreyle kayna\u015fman\u0131n verdi\u011fi huzuru ya\u015famak isteyenler i\u00e7in m\u00fckemmel bir se\u00e7enektir.<\/p>\n\n\n\n<p>\u0130sabeyli Kamp Alan\u0131, ziyaret\u00e7ilerine \u00e7ad\u0131r konaklama yerleri ve do\u011fa y\u00fcr\u00fcy\u00fc\u015fleri i\u00e7in haz\u0131rlanm\u0131\u015f parkurlar sunar. Bu parkurlar, do\u011fan\u0131n tad\u0131n\u0131 \u00e7\u0131karmak ve b\u00f6lgenin ye\u015fil zenginli\u011fini ke\u015ffetmek isteyenler i\u00e7in m\u00fckemmel rotalar sunmaktad\u0131r. Temel ihtiya\u00e7lar i\u00e7in WC ve \u00e7e\u015fme gibi olanaklar da mevcuttur, bu sayede do\u011fan\u0131n kalbinde konforlu bir deneyim ya\u015fayabilirsiniz.<\/p>\n\n\n\n<p>Ancak, kamp alan\u0131na gelmeden \u00f6nce yiyecek ve i\u00e7eceklerinizi temin etmeniz gerekmektedir. Alan\u0131n \u00e7evresinde bu ihtiya\u00e7lar\u0131 kar\u015f\u0131layabilecek bir al\u0131\u015fveri\u015f merkezi veya market bulunmamaktad\u0131r. Bu nedenle, ziyaretinizden \u00f6nce ihtiya\u00e7 listesi yaparak, yan\u0131n\u0131zda gerekli malzemeleri getirmeyi unutmay\u0131n.<\/p>\n\n\n\n<p>\u0130sabeyli Kamp Alan\u0131&#8217;n\u0131n belki de en b\u00fcy\u00fck avantaj\u0131, sundu\u011fu \u00fccretsiz kamp deneyimidir. Bu \u00f6zellik, do\u011fayla i\u00e7 i\u00e7e olmak isteyen herkesin, b\u00fct\u00e7elerini sarsmadan bir ka\u00e7amak yapabilmesini sa\u011flar. Ayr\u0131ca, do\u011fal g\u00fczellikler i\u00e7inde, temiz hava ve huzur dolu bir atmosferde zaman ge\u00e7irmek, \u015fehir hayat\u0131n\u0131n stresinden uzakla\u015fmak i\u00e7in m\u00fckemmel bir f\u0131rsatt\u0131r.<\/p>\n\n\n\n<hr class=\"wp-block-separator has-alpha-channel-opacity is-style-wide\"\/>\n\n\n\n<ul id=\"block-ac4df02e-ceaf-47f7-a499-985a2bd13010\" class=\"wp-block-list\">\n<li><strong>\u0130sabeyli Kamp Alan\u0131<\/strong> <strong>Adres<\/strong>&nbsp;:09970 Ko\u00e7arl\u0131\/Ayd\u0131n <a href=\"https:\/\/www.google.com.tr\/maps\/place\/%C4%B0sabeyli,+09800+Nazilli%2FAyd%C4%B1n\/@37.9113971,28.2502252,15z\/data=!3m1!4b1!4m5!3m4!1s0x14b8c706d0eb3c67:0xc5c835e291bd52a8!8m2!3d37.911381!4d28.25898\" target=\"_blank\" rel=\"noreferrer noopener\">Yol Tarifi Al<\/a><\/li>\n<\/ul>\n\n\n\n<hr class=\"wp-block-separator has-alpha-channel-opacity is-style-wide\"\/>\n\n\n\n<p><strong>Nazilli Kamp Alanlar\u0131<\/strong> i\u00e7eri\u011fimizin sonuna geldik sizlere Ayd\u0131n <strong>Nazilli <\/strong>&#8216;de kamp yapabilece\u011finiz \u00fccretli ve \u00fccretsiz kamp alanlar\u0131n\u0131 aktarmaya \u00e7al\u0131\u015ft\u0131k.Umar\u0131z i\u00e7eri\u011fimiz sizlere faydal\u0131 olabilmi\u015ftir.Bu kamp alanlar\u0131 ile ilgili detayl\u0131 bilgiler i\u00e7in <em><strong><a href=\"https:\/\/geziyoo.co\/location\/aydin-dogal-tatil-yerleri\/\">Ayd\u0131n KAMP L\u0130STES\u0130<\/a><\/strong><\/em> sayfam\u0131za da bakman\u0131z\u0131 tavsiye eder g\u00fczel bir kamp ge\u00e7irmenizi dileriz.<\/p>\n\n\n\n<hr class=\"wp-block-separator has-css-opacity is-style-wide\"\/>\n\n\n\n<h3 class=\"wp-block-heading\">Bunlar\u0131 da Sevebilirsiniz;<\/h3>\n\n\n<ul class=\"wp-block-latest-posts__list wp-block-latest-posts\"><li><a class=\"wp-block-latest-posts__post-title\" href=\"https:\/\/geziyoo.co\/blog\/batman-kamp-alanlari\/\">Batman ve \u00c7evresi Do\u011fa \u0130\u00e7inde 4 Kamp Noktas\u0131 (Konum ve \u0130pu\u00e7lar\u0131)<\/a><\/li>\n<li><a class=\"wp-block-latest-posts__post-title\" href=\"https:\/\/geziyoo.co\/blog\/ayder-yaylasi-kamp-alanlari-ve-karavan-alanlari\/\">Ayder Yaylas\u0131 ve \u00c7evresi 2 Kamp Noktas\u0131 (Konum ve \u0130pu\u00e7lar\u0131)<\/a><\/li>\n<li><a class=\"wp-block-latest-posts__post-title\" href=\"https:\/\/geziyoo.co\/blog\/ardesen-kamp-alanlari-ve-karavan-alanlari\/\">Arde\u015fen ve F\u0131rt\u0131na Vadisi Giri\u015fi 5 Kamp Noktas\u0131 (Konum ve \u0130pu\u00e7lar\u0131)<\/a><\/li>\n<\/ul>","protected":false},"excerpt":{"rendered":"<p>Nazilli, Ayd\u0131n Da\u011flar\u0131 ile Madran Da\u011f\u0131&#8217;n\u0131n aras\u0131na s\u0131k\u0131\u015fm\u0131\u015f, i\u00e7inden B\u00fcy\u00fck Menderes Nehri&#8217;nin ge\u00e7ti\u011fi, tarihi M.\u00d6. 5000&#8217;lere dayanan k\u00f6kl\u00fc bir il\u00e7edir. Buras\u0131 kamp\u00e7\u0131lar i\u00e7in bir &#8220;tatil&#8221; beldesi de\u011fil, daha \u00e7ok bir &#8220;ke\u015fif&#8221; rotas\u0131d\u0131r. \u00d6zellikle foto\u011fraf tutkunlar\u0131 ve tarih merakl\u0131lar\u0131 i\u00e7in Nazilli&#8217;nin k\u00f6yleri (Esenk\u00f6y gibi), bar\u0131nd\u0131rd\u0131\u011f\u0131 tarihi konaklar ve kalelerle e\u015fsiz bir atmosfer sunar. B\u00f6lgedeki kamp alanlar\u0131 &hellip;<\/p>\n","protected":false},"author":1,"featured_media":17249,"comment_status":"open","ping_status":"closed","sticky":false,"template":"","format":"standard","meta":{"footnotes":""},"categories":[589,23],"tags":[],"class_list":["post-17245","post","type-post","status-publish","format-standard","has-post-thumbnail","hentry","category-kamp1","category-kamp-kamp-alanlari"],"yoast_head":"<!-- This site is optimized with the Yoast SEO plugin v26.9 - https:\/\/yoast.com\/product\/yoast-seo-wordpress\/ -->\n<title>Nazilli\u2019de \u00dccretsiz Kamp Yapabilece\u011finiz 2 Yer: Arpaz Kalesi ve Kestel | Geziyoo<\/title>\n<meta name=\"description\" content=\"Ayd\u0131n Nazilli, b\u00fcy\u00fcleyici Arpaz (Harpasa) Kalesi manzaras\u0131, Mastaura Antik Kenti zeytinlikleri ve Kestel \u00c7ay\u0131 kenar\u0131 dahil do\u011fa i\u00e7indeki 2 \u00fccretsiz kamp alan\u0131n\u0131 listeledik.\" \/>\n<meta name=\"robots\" content=\"index, follow, max-snippet:-1, max-image-preview:large, max-video-preview:-1\" \/>\n<link rel=\"canonical\" href=\"https:\/\/geziyoo.co\/blog\/nazilli-kamp-alanlari-ve-karavan-alanlari\/\" \/>\n<meta property=\"og:locale\" content=\"tr_TR\" \/>\n<meta property=\"og:type\" content=\"article\" \/>\n<meta property=\"og:title\" content=\"Nazilli\u2019de \u00dccretsiz Kamp Yapabilece\u011finiz 2 Yer: Arpaz Kalesi ve Kestel | Geziyoo\" \/>\n<meta property=\"og:description\" content=\"Ayd\u0131n Nazilli, b\u00fcy\u00fcleyici Arpaz (Harpasa) Kalesi manzaras\u0131, Mastaura Antik Kenti zeytinlikleri ve Kestel \u00c7ay\u0131 kenar\u0131 dahil do\u011fa i\u00e7indeki 2 \u00fccretsiz kamp alan\u0131n\u0131 listeledik.\" \/>\n<meta property=\"og:url\" content=\"https:\/\/geziyoo.co\/blog\/nazilli-kamp-alanlari-ve-karavan-alanlari\/\" \/>\n<meta property=\"og:site_name\" content=\"Geziyoo.co\" \/>\n<meta property=\"article:publisher\" content=\"https:\/\/www.facebook.com\/Geziyooco\" \/>\n<meta property=\"article:author\" content=\"https:\/\/www.facebook.com\/geziyoo.co\" \/>\n<meta property=\"article:published_time\" content=\"2024-03-31T07:08:08+00:00\" \/>\n<meta property=\"article:modified_time\" content=\"2026-02-04T10:50:07+00:00\" \/>\n<meta property=\"og:image\" content=\"https:\/\/geziyoo.co\/blog\/wp-content\/uploads\/2024\/03\/Nazilli-Kamp-Alanlari-ve-Karavan-Alanlari-2.jpg\" \/>\n\t<meta property=\"og:image:width\" content=\"800\" \/>\n\t<meta property=\"og:image:height\" content=\"450\" \/>\n\t<meta property=\"og:image:type\" content=\"image\/jpeg\" \/>\n<meta name=\"author\" content=\"Geziyoo\" \/>\n<meta name=\"twitter:card\" content=\"summary_large_image\" \/>\n<meta name=\"twitter:creator\" content=\"@https:\/\/twitter.com\/geziyoo\" \/>\n<meta name=\"twitter:site\" content=\"@geziyoo\" \/>\n<meta name=\"twitter:label1\" content=\"Yazan:\" \/>\n\t<meta name=\"twitter:data1\" content=\"Geziyoo\" \/>\n\t<meta name=\"twitter:label2\" content=\"Tahmini okuma s\u00fcresi\" \/>\n\t<meta name=\"twitter:data2\" content=\"7 dakika\" \/>\n<script type=\"application\/ld+json\" class=\"yoast-schema-graph\">{\"@context\":\"https:\/\/schema.org\",\"@graph\":[{\"@type\":\"Article\",\"@id\":\"https:\/\/geziyoo.co\/blog\/nazilli-kamp-alanlari-ve-karavan-alanlari\/#article\",\"isPartOf\":{\"@id\":\"https:\/\/geziyoo.co\/blog\/nazilli-kamp-alanlari-ve-karavan-alanlari\/\"},\"author\":{\"name\":\"Geziyoo\",\"@id\":\"https:\/\/geziyoo.co\/blog\/#\/schema\/person\/032acb2436540ed14784e7d978aef0e4\"},\"headline\":\"Nazilli ve \u00c7evresi Tarih Kokan 2 \u00dccretsiz Kamp Noktas\u0131 (Konum ve \u0130pu\u00e7lar\u0131)\",\"datePublished\":\"2024-03-31T07:08:08+00:00\",\"dateModified\":\"2026-02-04T10:50:07+00:00\",\"mainEntityOfPage\":{\"@id\":\"https:\/\/geziyoo.co\/blog\/nazilli-kamp-alanlari-ve-karavan-alanlari\/\"},\"wordCount\":1320,\"commentCount\":0,\"publisher\":{\"@id\":\"https:\/\/geziyoo.co\/blog\/#organization\"},\"image\":{\"@id\":\"https:\/\/geziyoo.co\/blog\/nazilli-kamp-alanlari-ve-karavan-alanlari\/#primaryimage\"},\"thumbnailUrl\":\"https:\/\/geziyoo.co\/blog\/wp-content\/uploads\/2024\/03\/Nazilli-Kamp-Alanlari-ve-Karavan-Alanlari-2.jpg\",\"articleSection\":[\"Kamp\",\"Kamp Alanlar\u0131\"],\"inLanguage\":\"tr\",\"potentialAction\":[{\"@type\":\"CommentAction\",\"name\":\"Comment\",\"target\":[\"https:\/\/geziyoo.co\/blog\/nazilli-kamp-alanlari-ve-karavan-alanlari\/#respond\"]}]},{\"@type\":\"WebPage\",\"@id\":\"https:\/\/geziyoo.co\/blog\/nazilli-kamp-alanlari-ve-karavan-alanlari\/\",\"url\":\"https:\/\/geziyoo.co\/blog\/nazilli-kamp-alanlari-ve-karavan-alanlari\/\",\"name\":\"Nazilli\u2019de \u00dccretsiz Kamp Yapabilece\u011finiz 2 Yer: Arpaz Kalesi ve Kestel | Geziyoo\",\"isPartOf\":{\"@id\":\"https:\/\/geziyoo.co\/blog\/#website\"},\"primaryImageOfPage\":{\"@id\":\"https:\/\/geziyoo.co\/blog\/nazilli-kamp-alanlari-ve-karavan-alanlari\/#primaryimage\"},\"image\":{\"@id\":\"https:\/\/geziyoo.co\/blog\/nazilli-kamp-alanlari-ve-karavan-alanlari\/#primaryimage\"},\"thumbnailUrl\":\"https:\/\/geziyoo.co\/blog\/wp-content\/uploads\/2024\/03\/Nazilli-Kamp-Alanlari-ve-Karavan-Alanlari-2.jpg\",\"datePublished\":\"2024-03-31T07:08:08+00:00\",\"dateModified\":\"2026-02-04T10:50:07+00:00\",\"description\":\"Ayd\u0131n Nazilli, b\u00fcy\u00fcleyici Arpaz (Harpasa) Kalesi manzaras\u0131, Mastaura Antik Kenti zeytinlikleri ve Kestel \u00c7ay\u0131 kenar\u0131 dahil do\u011fa i\u00e7indeki 2 \u00fccretsiz kamp alan\u0131n\u0131 listeledik.\",\"breadcrumb\":{\"@id\":\"https:\/\/geziyoo.co\/blog\/nazilli-kamp-alanlari-ve-karavan-alanlari\/#breadcrumb\"},\"inLanguage\":\"tr\",\"potentialAction\":[{\"@type\":\"ReadAction\",\"target\":[\"https:\/\/geziyoo.co\/blog\/nazilli-kamp-alanlari-ve-karavan-alanlari\/\"]}]},{\"@type\":\"ImageObject\",\"inLanguage\":\"tr\",\"@id\":\"https:\/\/geziyoo.co\/blog\/nazilli-kamp-alanlari-ve-karavan-alanlari\/#primaryimage\",\"url\":\"https:\/\/geziyoo.co\/blog\/wp-content\/uploads\/2024\/03\/Nazilli-Kamp-Alanlari-ve-Karavan-Alanlari-2.jpg\",\"contentUrl\":\"https:\/\/geziyoo.co\/blog\/wp-content\/uploads\/2024\/03\/Nazilli-Kamp-Alanlari-ve-Karavan-Alanlari-2.jpg\",\"width\":800,\"height\":450},{\"@type\":\"BreadcrumbList\",\"@id\":\"https:\/\/geziyoo.co\/blog\/nazilli-kamp-alanlari-ve-karavan-alanlari\/#breadcrumb\",\"itemListElement\":[{\"@type\":\"ListItem\",\"position\":1,\"name\":\"Ana sayfa\",\"item\":\"https:\/\/geziyoo.co\/blog\/\"},{\"@type\":\"ListItem\",\"position\":2,\"name\":\"Nazilli ve \u00c7evresi Tarih Kokan 2 \u00dccretsiz Kamp Noktas\u0131 (Konum ve \u0130pu\u00e7lar\u0131)\"}]},{\"@type\":\"WebSite\",\"@id\":\"https:\/\/geziyoo.co\/blog\/#website\",\"url\":\"https:\/\/geziyoo.co\/blog\/\",\"name\":\"Geziyoo Blog\",\"description\":\"GeziYoo Blog&#039;da T\u00fcrkiye&#039;nin en iyi kamp alanlar\u0131ndan bungalov tatillerine, karavan ipu\u00e7lar\u0131ndan gezi rehberlerine kadar her t\u00fcrl\u00fc do\u011fa deneyimini ke\u015ffedin.\",\"publisher\":{\"@id\":\"https:\/\/geziyoo.co\/blog\/#organization\"},\"potentialAction\":[{\"@type\":\"SearchAction\",\"target\":{\"@type\":\"EntryPoint\",\"urlTemplate\":\"https:\/\/geziyoo.co\/blog\/?s={search_term_string}\"},\"query-input\":{\"@type\":\"PropertyValueSpecification\",\"valueRequired\":true,\"valueName\":\"search_term_string\"}}],\"inLanguage\":\"tr\"},{\"@type\":\"Organization\",\"@id\":\"https:\/\/geziyoo.co\/blog\/#organization\",\"name\":\"Geziyoo.co\",\"url\":\"https:\/\/geziyoo.co\/blog\/\",\"logo\":{\"@type\":\"ImageObject\",\"inLanguage\":\"tr\",\"@id\":\"https:\/\/geziyoo.co\/blog\/#\/schema\/logo\/image\/\",\"url\":\"https:\/\/geziyoo.co\/blog\/wp-content\/uploads\/2025\/01\/Paragraf-metniniz-3.png\",\"contentUrl\":\"https:\/\/geziyoo.co\/blog\/wp-content\/uploads\/2025\/01\/Paragraf-metniniz-3.png\",\"width\":270,\"height\":50,\"caption\":\"Geziyoo.co\"},\"image\":{\"@id\":\"https:\/\/geziyoo.co\/blog\/#\/schema\/logo\/image\/\"},\"sameAs\":[\"https:\/\/www.facebook.com\/Geziyooco\",\"https:\/\/x.com\/geziyoo\",\"https:\/\/tr.pinterest.com\/geziyooco\/\",\"https:\/\/www.youtube.com\/@geziyoo\",\"https:\/\/www.instagram.com\/geziyoo.co\/\"]},{\"@type\":\"Person\",\"@id\":\"https:\/\/geziyoo.co\/blog\/#\/schema\/person\/032acb2436540ed14784e7d978aef0e4\",\"name\":\"Geziyoo\",\"image\":{\"@type\":\"ImageObject\",\"inLanguage\":\"tr\",\"@id\":\"https:\/\/geziyoo.co\/blog\/#\/schema\/person\/image\/\",\"url\":\"https:\/\/secure.gravatar.com\/avatar\/ae212a4514471fdb8cab6e5af4f3c99b940a2d0a16713ea0392c8d7c8a64f30a?s=96&d=mm&r=g\",\"contentUrl\":\"https:\/\/secure.gravatar.com\/avatar\/ae212a4514471fdb8cab6e5af4f3c99b940a2d0a16713ea0392c8d7c8a64f30a?s=96&d=mm&r=g\",\"caption\":\"Geziyoo\"},\"description\":\"Do\u011fa ile i\u00e7 i\u00e7e olabilece\u011finiz yerler,do\u011fa aktivite alanlar\u0131,kamp alanlar\u0131,bungalov oteller,Tiny House Oteller, Galampingler ve da\u011f evlerinin herkes i\u00e7in ula\u015f\u0131labilir olmas\u0131n\u0131 sa\u011flamak amac\u0131yla Geziyoo\u2019ya 2019 y\u0131l\u0131nda ba\u015flad\u0131k.Do\u011fal Tatil konseptini uygulayan en geni\u015f kapsaml\u0131 sitedir.\",\"sameAs\":[\"https:\/\/geziyoo.co\/\",\"https:\/\/www.facebook.com\/geziyoo.co\",\"https:\/\/www.instagram.com\/geziyoo.co\/\",\"https:\/\/tr.pinterest.com\/geziyooco\/\",\"https:\/\/x.com\/https:\/\/twitter.com\/geziyoo\",\"https:\/\/www.youtube.com\/channel\/UCdiSMa6pe17KEY7DP1Ug4ag\"]}]}<\/script>\n<!-- \/ Yoast SEO plugin. -->","yoast_head_json":{"title":"Nazilli\u2019de \u00dccretsiz Kamp Yapabilece\u011finiz 2 Yer: Arpaz Kalesi ve Kestel | Geziyoo","description":"Ayd\u0131n Nazilli, b\u00fcy\u00fcleyici Arpaz (Harpasa) Kalesi manzaras\u0131, Mastaura Antik Kenti zeytinlikleri ve Kestel \u00c7ay\u0131 kenar\u0131 dahil do\u011fa i\u00e7indeki 2 \u00fccretsiz kamp alan\u0131n\u0131 listeledik.","robots":{"index":"index","follow":"follow","max-snippet":"max-snippet:-1","max-image-preview":"max-image-preview:large","max-video-preview":"max-video-preview:-1"},"canonical":"https:\/\/geziyoo.co\/blog\/nazilli-kamp-alanlari-ve-karavan-alanlari\/","og_locale":"tr_TR","og_type":"article","og_title":"Nazilli\u2019de \u00dccretsiz Kamp Yapabilece\u011finiz 2 Yer: Arpaz Kalesi ve Kestel | Geziyoo","og_description":"Ayd\u0131n Nazilli, b\u00fcy\u00fcleyici Arpaz (Harpasa) Kalesi manzaras\u0131, Mastaura Antik Kenti zeytinlikleri ve Kestel \u00c7ay\u0131 kenar\u0131 dahil do\u011fa i\u00e7indeki 2 \u00fccretsiz kamp alan\u0131n\u0131 listeledik.","og_url":"https:\/\/geziyoo.co\/blog\/nazilli-kamp-alanlari-ve-karavan-alanlari\/","og_site_name":"Geziyoo.co","article_publisher":"https:\/\/www.facebook.com\/Geziyooco","article_author":"https:\/\/www.facebook.com\/geziyoo.co","article_published_time":"2024-03-31T07:08:08+00:00","article_modified_time":"2026-02-04T10:50:07+00:00","og_image":[{"width":800,"height":450,"url":"https:\/\/geziyoo.co\/blog\/wp-content\/uploads\/2024\/03\/Nazilli-Kamp-Alanlari-ve-Karavan-Alanlari-2.jpg","type":"image\/jpeg"}],"author":"Geziyoo","twitter_card":"summary_large_image","twitter_creator":"@https:\/\/twitter.com\/geziyoo","twitter_site":"@geziyoo","twitter_misc":{"Yazan:":"Geziyoo","Tahmini okuma s\u00fcresi":"7 dakika"},"schema":{"@context":"https:\/\/schema.org","@graph":[{"@type":"Article","@id":"https:\/\/geziyoo.co\/blog\/nazilli-kamp-alanlari-ve-karavan-alanlari\/#article","isPartOf":{"@id":"https:\/\/geziyoo.co\/blog\/nazilli-kamp-alanlari-ve-karavan-alanlari\/"},"author":{"name":"Geziyoo","@id":"https:\/\/geziyoo.co\/blog\/#\/schema\/person\/032acb2436540ed14784e7d978aef0e4"},"headline":"Nazilli ve \u00c7evresi Tarih Kokan 2 \u00dccretsiz Kamp Noktas\u0131 (Konum ve \u0130pu\u00e7lar\u0131)","datePublished":"2024-03-31T07:08:08+00:00","dateModified":"2026-02-04T10:50:07+00:00","mainEntityOfPage":{"@id":"https:\/\/geziyoo.co\/blog\/nazilli-kamp-alanlari-ve-karavan-alanlari\/"},"wordCount":1320,"commentCount":0,"publisher":{"@id":"https:\/\/geziyoo.co\/blog\/#organization"},"image":{"@id":"https:\/\/geziyoo.co\/blog\/nazilli-kamp-alanlari-ve-karavan-alanlari\/#primaryimage"},"thumbnailUrl":"https:\/\/geziyoo.co\/blog\/wp-content\/uploads\/2024\/03\/Nazilli-Kamp-Alanlari-ve-Karavan-Alanlari-2.jpg","articleSection":["Kamp","Kamp Alanlar\u0131"],"inLanguage":"tr","potentialAction":[{"@type":"CommentAction","name":"Comment","target":["https:\/\/geziyoo.co\/blog\/nazilli-kamp-alanlari-ve-karavan-alanlari\/#respond"]}]},{"@type":"WebPage","@id":"https:\/\/geziyoo.co\/blog\/nazilli-kamp-alanlari-ve-karavan-alanlari\/","url":"https:\/\/geziyoo.co\/blog\/nazilli-kamp-alanlari-ve-karavan-alanlari\/","name":"Nazilli\u2019de \u00dccretsiz Kamp Yapabilece\u011finiz 2 Yer: Arpaz Kalesi ve Kestel | Geziyoo","isPartOf":{"@id":"https:\/\/geziyoo.co\/blog\/#website"},"primaryImageOfPage":{"@id":"https:\/\/geziyoo.co\/blog\/nazilli-kamp-alanlari-ve-karavan-alanlari\/#primaryimage"},"image":{"@id":"https:\/\/geziyoo.co\/blog\/nazilli-kamp-alanlari-ve-karavan-alanlari\/#primaryimage"},"thumbnailUrl":"https:\/\/geziyoo.co\/blog\/wp-content\/uploads\/2024\/03\/Nazilli-Kamp-Alanlari-ve-Karavan-Alanlari-2.jpg","datePublished":"2024-03-31T07:08:08+00:00","dateModified":"2026-02-04T10:50:07+00:00","description":"Ayd\u0131n Nazilli, b\u00fcy\u00fcleyici Arpaz (Harpasa) Kalesi manzaras\u0131, Mastaura Antik Kenti zeytinlikleri ve Kestel \u00c7ay\u0131 kenar\u0131 dahil do\u011fa i\u00e7indeki 2 \u00fccretsiz kamp alan\u0131n\u0131 listeledik.","breadcrumb":{"@id":"https:\/\/geziyoo.co\/blog\/nazilli-kamp-alanlari-ve-karavan-alanlari\/#breadcrumb"},"inLanguage":"tr","potentialAction":[{"@type":"ReadAction","target":["https:\/\/geziyoo.co\/blog\/nazilli-kamp-alanlari-ve-karavan-alanlari\/"]}]},{"@type":"ImageObject","inLanguage":"tr","@id":"https:\/\/geziyoo.co\/blog\/nazilli-kamp-alanlari-ve-karavan-alanlari\/#primaryimage","url":"https:\/\/geziyoo.co\/blog\/wp-content\/uploads\/2024\/03\/Nazilli-Kamp-Alanlari-ve-Karavan-Alanlari-2.jpg","contentUrl":"https:\/\/geziyoo.co\/blog\/wp-content\/uploads\/2024\/03\/Nazilli-Kamp-Alanlari-ve-Karavan-Alanlari-2.jpg","width":800,"height":450},{"@type":"BreadcrumbList","@id":"https:\/\/geziyoo.co\/blog\/nazilli-kamp-alanlari-ve-karavan-alanlari\/#breadcrumb","itemListElement":[{"@type":"ListItem","position":1,"name":"Ana sayfa","item":"https:\/\/geziyoo.co\/blog\/"},{"@type":"ListItem","position":2,"name":"Nazilli ve \u00c7evresi Tarih Kokan 2 \u00dccretsiz Kamp Noktas\u0131 (Konum ve \u0130pu\u00e7lar\u0131)"}]},{"@type":"WebSite","@id":"https:\/\/geziyoo.co\/blog\/#website","url":"https:\/\/geziyoo.co\/blog\/","name":"Geziyoo Blog","description":"GeziYoo Blog&#039;da T\u00fcrkiye&#039;nin en iyi kamp alanlar\u0131ndan bungalov tatillerine, karavan ipu\u00e7lar\u0131ndan gezi rehberlerine kadar her t\u00fcrl\u00fc do\u011fa deneyimini ke\u015ffedin.","publisher":{"@id":"https:\/\/geziyoo.co\/blog\/#organization"},"potentialAction":[{"@type":"SearchAction","target":{"@type":"EntryPoint","urlTemplate":"https:\/\/geziyoo.co\/blog\/?s={search_term_string}"},"query-input":{"@type":"PropertyValueSpecification","valueRequired":true,"valueName":"search_term_string"}}],"inLanguage":"tr"},{"@type":"Organization","@id":"https:\/\/geziyoo.co\/blog\/#organization","name":"Geziyoo.co","url":"https:\/\/geziyoo.co\/blog\/","logo":{"@type":"ImageObject","inLanguage":"tr","@id":"https:\/\/geziyoo.co\/blog\/#\/schema\/logo\/image\/","url":"https:\/\/geziyoo.co\/blog\/wp-content\/uploads\/2025\/01\/Paragraf-metniniz-3.png","contentUrl":"https:\/\/geziyoo.co\/blog\/wp-content\/uploads\/2025\/01\/Paragraf-metniniz-3.png","width":270,"height":50,"caption":"Geziyoo.co"},"image":{"@id":"https:\/\/geziyoo.co\/blog\/#\/schema\/logo\/image\/"},"sameAs":["https:\/\/www.facebook.com\/Geziyooco","https:\/\/x.com\/geziyoo","https:\/\/tr.pinterest.com\/geziyooco\/","https:\/\/www.youtube.com\/@geziyoo","https:\/\/www.instagram.com\/geziyoo.co\/"]},{"@type":"Person","@id":"https:\/\/geziyoo.co\/blog\/#\/schema\/person\/032acb2436540ed14784e7d978aef0e4","name":"Geziyoo","image":{"@type":"ImageObject","inLanguage":"tr","@id":"https:\/\/geziyoo.co\/blog\/#\/schema\/person\/image\/","url":"https:\/\/secure.gravatar.com\/avatar\/ae212a4514471fdb8cab6e5af4f3c99b940a2d0a16713ea0392c8d7c8a64f30a?s=96&d=mm&r=g","contentUrl":"https:\/\/secure.gravatar.com\/avatar\/ae212a4514471fdb8cab6e5af4f3c99b940a2d0a16713ea0392c8d7c8a64f30a?s=96&d=mm&r=g","caption":"Geziyoo"},"description":"Do\u011fa ile i\u00e7 i\u00e7e olabilece\u011finiz yerler,do\u011fa aktivite alanlar\u0131,kamp alanlar\u0131,bungalov oteller,Tiny House Oteller, Galampingler ve da\u011f evlerinin herkes i\u00e7in ula\u015f\u0131labilir olmas\u0131n\u0131 sa\u011flamak amac\u0131yla Geziyoo\u2019ya 2019 y\u0131l\u0131nda ba\u015flad\u0131k.Do\u011fal Tatil konseptini uygulayan en geni\u015f kapsaml\u0131 sitedir.","sameAs":["https:\/\/geziyoo.co\/","https:\/\/www.facebook.com\/geziyoo.co","https:\/\/www.instagram.com\/geziyoo.co\/","https:\/\/tr.pinterest.com\/geziyooco\/","https:\/\/x.com\/https:\/\/twitter.com\/geziyoo","https:\/\/www.youtube.com\/channel\/UCdiSMa6pe17KEY7DP1Ug4ag"]}]}},"amp_enabled":true,"_links":{"self":[{"href":"https:\/\/geziyoo.co\/blog\/wp-json\/wp\/v2\/posts\/17245","targetHints":{"allow":["GET"]}}],"collection":[{"href":"https:\/\/geziyoo.co\/blog\/wp-json\/wp\/v2\/posts"}],"about":[{"href":"https:\/\/geziyoo.co\/blog\/wp-json\/wp\/v2\/types\/post"}],"author":[{"embeddable":true,"href":"https:\/\/geziyoo.co\/blog\/wp-json\/wp\/v2\/users\/1"}],"replies":[{"embeddable":true,"href":"https:\/\/geziyoo.co\/blog\/wp-json\/wp\/v2\/comments?post=17245"}],"version-history":[{"count":0,"href":"https:\/\/geziyoo.co\/blog\/wp-json\/wp\/v2\/posts\/17245\/revisions"}],"wp:featuredmedia":[{"embeddable":true,"href":"https:\/\/geziyoo.co\/blog\/wp-json\/wp\/v2\/media\/17249"}],"wp:attachment":[{"href":"https:\/\/geziyoo.co\/blog\/wp-json\/wp\/v2\/media?parent=17245"}],"wp:term":[{"taxonomy":"category","embeddable":true,"href":"https:\/\/geziyoo.co\/blog\/wp-json\/wp\/v2\/categories?post=17245"},{"taxonomy":"post_tag","embeddable":true,"href":"https:\/\/geziyoo.co\/blog\/wp-json\/wp\/v2\/tags?post=17245"}],"curies":[{"name":"wp","href":"https:\/\/api.w.org\/{rel}","templated":true}]}}