{"id":16991,"date":"2024-03-21T04:01:50","date_gmt":"2024-03-21T04:01:50","guid":{"rendered":"https:\/\/geziyoo.co\/blog\/?p=16991"},"modified":"2026-02-03T12:11:11","modified_gmt":"2026-02-03T12:11:11","slug":"yusufeli-kamp-alanlari-ve-karavan-alanlari","status":"publish","type":"post","link":"https:\/\/geziyoo.co\/blog\/yusufeli-kamp-alanlari-ve-karavan-alanlari\/","title":{"rendered":"Yusufeli ve Ka\u00e7kar Da\u011flar\u0131 Etekleri \u00dccretsiz 4 Do\u011fa Kamp\u0131 (Konum ve \u0130pu\u00e7lar\u0131)"},"content":{"rendered":"\n<p><strong>Yusufeli<\/strong>, Artvin\u2019in i\u00e7 kesimlerinde, denize k\u0131y\u0131s\u0131 olmayan ama g\u00f6ky\u00fcz\u00fcne en yak\u0131n il\u00e7esidir. Ka\u00e7kar Da\u011flar\u0131&#8217;na t\u0131rman\u0131\u015f yapmak isteyen da\u011fc\u0131lar\u0131n (G\u00fcney Rotas\u0131) ana \u00fcss\u00fc buras\u0131d\u0131r. \u0130l\u00e7e, son y\u0131llarda devasa Yusufeli Baraj\u0131&#8217;n\u0131n sular\u0131 alt\u0131nda kalan eski merkeziyle g\u00fcndeme gelse de, da\u011f k\u00f6yleri ve yaylalar\u0131 bu de\u011fi\u015fimden etkilenmemi\u015f, bakirli\u011fini korumu\u015ftur. Buradaki kamp anlay\u0131\u015f\u0131 &#8220;piknik&#8221; de\u011fil, tam anlam\u0131yla &#8220;ekspedisyon&#8221; ve &#8220;yaban hayat\u0131&#8221; \u00fczerinedir.<\/p>\n\n\n\n<p>B\u00f6lgedeki \u00fccretsiz kamp alanlar\u0131, genellikle da\u011fc\u0131lar\u0131n mola noktalar\u0131 olan yaylalar ve derin vadilerdir. Yusufeli co\u011frafyas\u0131 \u00e7ok sarpt\u0131r; \u00e7ad\u0131r kuracak d\u00fczl\u00fck bulmak bazen zor olabilir. En pop\u00fcler rotalar <strong>Barhal (Alt\u0131parmak)<\/strong> ve <strong>Yaylalar (Hevek\/Olgunlar)<\/strong> b\u00f6lgesidir. Buralarda kamp yaparken ay\u0131, domuz ve yaban ke\u00e7isi gibi yaban hayat\u0131na kar\u015f\u0131 dikkatli olunmal\u0131, yiyecekler \u00e7ad\u0131rda saklanmamal\u0131d\u0131r. Ayr\u0131ca rak\u0131m y\u00fcksek oldu\u011fu i\u00e7in (2.000m ve \u00fczeri) yaz ortas\u0131nda bile gece don olaylar\u0131 g\u00f6r\u00fclebilir.<\/p>\n\n\n\n<p>Biz Geziyoo olarak, T\u00fcrkiye&#8217;nin bu en zorlu ama en \u00f6d\u00fcllendirici co\u011frafyas\u0131nda kamp noktalar\u0131n\u0131 se\u00e7tik. Listemizde, tarihi manast\u0131rlar\u0131n yan\u0131ndaki ye\u015fil vadileri de, sadece s\u0131rt \u00e7antan\u0131zla ula\u015fabilece\u011finiz zirve kamplar\u0131n\u0131 da bir araya getirdik.<\/p>\n\n\n\n<p>\u0130ster <strong>Barhal \u00c7ay\u0131&#8217;n\u0131n<\/strong> sesiyle uyuyun, ister <strong>Dilberd\u00fcz\u00fc&#8217;nde<\/strong> y\u0131ld\u0131zlara dokunun; yola \u00e7\u0131kmadan \u00f6nce arac\u0131n\u0131z\u0131n deposunu fullemeyi ve k\u0131\u015fl\u0131k tulumunuzu almay\u0131 unutmay\u0131n. \u0130\u015fte Yusufeli\u2019nin en iyi 4 \u00fccretsiz kamp dura\u011f\u0131:<\/p>\n\n\n\n<p>Yusufeli&#8217;nin bir \u00e7ok noktas\u0131nda kamp kurabilirsiniz.Fakat en \u00e7ok kamp yap\u0131lan yer a\u00e7\u0131s\u0131ndan sadece 4 adet kamp alan\u0131 ke\u015ffettik.L\u00fctfen bilmedi\u011fimiz yerleri yorumlar k\u0131sm\u0131ndan bizlerle payla\u015f\u0131n<\/p>\n\n\n\n<p>Artvin&#8217;de ki kamp alanlar\u0131na bakmak i\u00e7in <strong><em> <a href=\"https:\/\/geziyoo.co\/blog\/artvin-kamp-alanlari-ve-karavan-alanlari\/\" data-type=\"post\" data-id=\"8484\">Artvin Kamp Alanlar\u0131<\/a> i\u00e7eri\u011fimize bakabilirsiniz.<\/em><\/strong> kullanabilirsiniz.Unuttu\u011fumuz veya bilmedi\u011fimiz <strong>\u00c7ad\u0131r ve Karavan Kamp alan\u0131<\/strong> var ise l\u00fctfen yorumlar k\u0131sm\u0131ndan bizlerle payla\u015fs\u0131n.<\/p>\n\n\n\n<p>Unutmadan Yusufeli haricinde Kamp Alan\u0131, Bungalov veya Da\u011f evi ar\u0131yorsan\u0131z , <a href=\"https:\/\/geziyoo.co\/?select=Karavan+Kamp%C4%B1&amp;lp_s_loc=&amp;lp_s_tag=&amp;lp_s_cat=229&amp;s=home&amp;post_type=listing\" target=\"_blank\" rel=\"noopener noreferrer\"><em><strong>500&#8217;den fazla Kamp ve Karavan Yeri<\/strong> <\/em><\/a>sayfam\u0131za bakman\u0131z\u0131 tavsiye diyoruz.<\/p>\n\n\n\n<hr class=\"wp-block-separator has-css-opacity is-style-wide\"\/>\n\n\n\n<h2 class=\"wp-block-heading\">1.Dilberd\u00fcz\u00fc Kamp Alan\u0131<a href=\"https:\/\/geziyoo.co\/listing\/dilberduzu-kamp-alani\/\"><\/a><\/h2>\n\n\n\n<figure class=\"wp-block-image size-full\"><img decoding=\"async\" width=\"1024\" height=\"768\" data-src=\"https:\/\/geziyoo.co\/blog\/wp-content\/uploads\/2024\/03\/Dilberduzu-Kamp-Alani-1.jpg\" alt=\"Yusufeli Kamp Alanlar\u0131 ve Karavan Alanlar\u0131\" class=\"wp-image-16992 lazyload\" data-srcset=\"https:\/\/geziyoo.co\/blog\/wp-content\/uploads\/2024\/03\/Dilberduzu-Kamp-Alani-1.jpg 1024w, https:\/\/geziyoo.co\/blog\/wp-content\/uploads\/2024\/03\/Dilberduzu-Kamp-Alani-1-300x225.jpg 300w, https:\/\/geziyoo.co\/blog\/wp-content\/uploads\/2024\/03\/Dilberduzu-Kamp-Alani-1-768x576.jpg 768w, https:\/\/geziyoo.co\/blog\/wp-content\/uploads\/2024\/03\/Dilberduzu-Kamp-Alani-1-150x113.jpg 150w\" data-sizes=\"(max-width: 1024px) 100vw, 1024px\" src=\"data:image\/gif;base64,R0lGODlhAQABAAAAACH5BAEKAAEALAAAAAABAAEAAAICTAEAOw==\" style=\"--smush-placeholder-width: 1024px; --smush-placeholder-aspect-ratio: 1024\/768;\" \/><\/figure>\n\n\n\n<p>Dilberd\u00fcz\u00fc, Artvin&#8217;in Yusufeli il\u00e7esi s\u0131n\u0131rlar\u0131 i\u00e7inde, T\u00fcrkiye&#8217;nin en muhte\u015fem do\u011fal g\u00fczelliklerinden biri olarak dikkat \u00e7ekiyor. 2860 metre y\u00fckseklikteki bu mevkii, Haristaf ve Hastaf vadilerinin \u00fcst k\u0131s\u0131mlar\u0131nda, Ka\u00e7kar Da\u011flar\u0131&#8217;n\u0131n eteklerinde gizlenmi\u015f bir cennet. E\u015fsiz konumu itibar\u0131yla, Artvin-Erzurum ve Rize-Artvin il s\u0131n\u0131rlar\u0131n\u0131n tam ortas\u0131nda yer al\u0131yor.<\/p>\n\n\n\n<p>Dilberd\u00fcz\u00fc&#8217;ne ula\u015f\u0131m, do\u011fan\u0131n s\u0131n\u0131rlar\u0131n\u0131 zorlamay\u0131 sevenler i\u00e7in bir macera vaat ediyor. En yak\u0131n yerle\u015fim birimi olan Olgunlar K\u00f6y\u00fc \u00fczerinden, yakla\u015f\u0131k 4 ila 6 saat s\u00fcren bir trekking yolculu\u011fuyla ula\u015f\u0131labilecek bu mek\u00e2n, toplu ta\u015f\u0131ma ara\u00e7lar\u0131n\u0131n eri\u015femeyece\u011fi bir noktada bulunuyor. Bu \u00f6zelli\u011fiyle, do\u011fa tutkunlar\u0131 ve macera arayanlar\u0131n g\u00f6zde mekanlar\u0131ndan biri haline gelmi\u015ftir.<\/p>\n\n\n\n<p>Dilberd\u00fcz\u00fc, \u00f6zellikle \u00e7ad\u0131r kamp\u0131 yapmay\u0131 sevenler i\u00e7in ideal bir alan sunuyor. Kamp alan\u0131 i\u00e7erisinde, ziyaret\u00e7ilerin ihtiya\u00e7lar\u0131n\u0131 kar\u015f\u0131layabilecekleri bir tuvalet bulunuyor. B\u00f6lgede herhangi bir i\u015fletme olmamakla birlikte, temiz ve so\u011fuk su kaynaklar\u0131na eri\u015fim m\u00fcmk\u00fcn. Bu \u00f6zellikler, do\u011fayla i\u00e7 i\u00e7e, huzurlu bir kamp deneyimi arayanlar i\u00e7in b\u00f6lgeyi cazip k\u0131l\u0131yor.<\/p>\n\n\n\n<p>Dilberd\u00fcz\u00fc&#8217;n\u00fcn do\u011fal g\u00fczellikleri, sadece kamp yapmay\u0131 sevenleri de\u011fil, ayn\u0131 zamanda trekking, da\u011fc\u0131l\u0131k ve do\u011fa y\u00fcr\u00fcy\u00fc\u015f\u00fc gibi aktivitelerle ilgilenen herkesi b\u00fcy\u00fcl\u00fcyor. D\u00fczenlenen turlara kat\u0131larak ya da bir rehber e\u015fli\u011finde Ka\u00e7kar Da\u011flar\u0131&#8217;n\u0131n eteklerine \u00e7\u0131kabilir, b\u00f6lgenin e\u015fsiz manzaralar\u0131n\u0131 ke\u015ffedebilirsiniz. Ayr\u0131ca, Deniz G\u00f6l\u00fc gibi do\u011fa harikalar\u0131n\u0131 ziyaret etmek, bu b\u00f6lgede unutulmaz anlar ya\u015faman\u0131z\u0131 sa\u011flayacak.<\/p>\n\n\n\n<hr class=\"wp-block-separator has-css-opacity is-style-wide\"\/>\n\n\n\n<ul id=\"block-3459d0fd-f64c-487e-a808-e248ff62f8f4\" class=\"wp-block-list\">\n<li><strong>Dilberd\u00fcz\u00fc Kamp Alan\u0131<\/strong> <strong>Adres<\/strong> :&nbsp;08410 Maralk08890 Yaylalar\/Yusufeli\/Artvin <strong><em><a href=\"https:\/\/www.google.com\/maps?daddr=40.82075062104889,41.17707909579499\">Yol Tarifi Al<\/a><\/em><\/strong> <\/li>\n\n\n\n<li><strong><strong><strong><strong><strong><strong><strong><strong><strong>Dilberd\u00fcz\u00fc Kamp Alan\u0131<\/strong><\/strong><\/strong><\/strong><\/strong><\/strong><\/strong><\/strong><\/strong> <strong>Detayl\u0131 Bilgi Fiyatlar:<\/strong>Detayl\u0131 Bilgiler i\u00e7in <strong><em><strong><strong><strong><strong><strong><strong><strong><strong><strong><strong><strong><strong><strong><strong><strong><strong><strong><strong><a href=\"https:\/\/geziyoo.co\/listing\/dilberduzu-kamp-alani\/\">Dilberd\u00fcz\u00fc Kamp Alan\u0131<\/a><\/strong><\/strong><\/strong><\/strong><\/strong><\/strong><\/strong><\/strong><\/strong><\/strong><\/strong><\/strong><\/strong><\/strong><\/strong><\/strong><\/strong><\/strong><\/em><\/strong> sayfas\u0131na bakabilirsiniz.<\/li>\n<\/ul>\n\n\n\n<hr class=\"wp-block-separator has-css-opacity is-style-wide\"\/>\n\n\n\n<h2 class=\"wp-block-heading\">2.K\u0131l\u0131\u00e7kaya Aros Yaylas\u0131 Kamp Alan\u0131<\/h2>\n\n\n\n<figure class=\"wp-block-image\"><img decoding=\"async\" width=\"800\" height=\"619\" data-src=\"https:\/\/geziyoo.co\/blog\/wp-content\/uploads\/2021\/11\/Kilickaya-Aros-Yaylasi-Kamp-Alani-1.jpg\" alt=\"Kilickaya Aros Yaylasi Kamp Alani 1\" class=\"wp-image-8524 lazyload\" title=\"Artvin Kamp Alanlar\u0131 ve Karavan Alanlar\u0131,En \u0130yi 20 Kamp Yeri 29\" data-srcset=\"https:\/\/geziyoo.co\/blog\/wp-content\/uploads\/2021\/11\/Kilickaya-Aros-Yaylasi-Kamp-Alani-1.jpg 800w, https:\/\/geziyoo.co\/blog\/wp-content\/uploads\/2021\/11\/Kilickaya-Aros-Yaylasi-Kamp-Alani-1-300x232.jpg 300w, https:\/\/geziyoo.co\/blog\/wp-content\/uploads\/2021\/11\/Kilickaya-Aros-Yaylasi-Kamp-Alani-1-768x594.jpg 768w\" data-sizes=\"(max-width: 800px) 100vw, 800px\" src=\"data:image\/gif;base64,R0lGODlhAQABAAAAACH5BAEKAAEALAAAAAABAAEAAAICTAEAOw==\" style=\"--smush-placeholder-width: 800px; --smush-placeholder-aspect-ratio: 800\/619;\" \/><figcaption class=\"wp-element-caption\">Artvin Kamp Alanlar\u0131-Ma\u00e7ahel Vadisi<\/figcaption><\/figure>\n\n\n\n<p>Artvin&#8217;in Yusufeli il\u00e7esine ba\u011fl\u0131 K\u0131l\u0131\u00e7kaya K\u00f6y\u00fc&#8217;nde yer alan Aros Yaylas\u0131, do\u011fa tutkunlar\u0131n\u0131n u\u011frak noktalar\u0131ndan biri haline gelmi\u015ftir. Bu e\u015fsiz yayla, Artvin \u015fehir merkezinden yakla\u015f\u0131k 100 km uzakl\u0131kta olup, ye\u015filin bin bir tonunu b\u00fcnyesinde bar\u0131nd\u0131ran do\u011fal g\u00fczellikleri ile ziyaret\u00e7ilerini adeta b\u00fcy\u00fcl\u00fcyor. Aros Yaylas\u0131, \u00fccretsiz \u00e7ad\u0131r ve karavan kamp\u0131 yapmak isteyenler i\u00e7in ideal bir alan sunarken, do\u011fan\u0131n i\u00e7inde huzurlu bir ka\u00e7amak yapma f\u0131rsat\u0131 veriyor.<\/p>\n\n\n\n<p>Ula\u015f\u0131m a\u00e7\u0131s\u0131ndan Aros Yaylas\u0131&#8217;na toplu ta\u015f\u0131ma ara\u00e7lar\u0131yla eri\u015fim m\u00fcmk\u00fcn olmamakla birlikte, \u00f6zel arac\u0131n\u0131zla ya da kiral\u0131k bir ara\u00e7 ile kolayl\u0131kla ula\u015fabilirsiniz. Ayr\u0131ca macera arayanlar i\u00e7in otostop \u00e7ekerek yaylaya ula\u015fmak da bir se\u00e7enek.<\/p>\n\n\n\n<p>Kamp yapmak i\u00e7in gereken her t\u00fcrl\u00fc imkan\u0131 sunan Aros Yaylas\u0131, ate\u015f yakma alanlar\u0131, bah\u00e7eler, geni\u015f \u00e7ad\u0131r ve karavan alanlar\u0131 ile kamp\u00e7\u0131lar\u0131 a\u011f\u0131rlamaya haz\u0131r. \u00dccretsiz otopark imkan\u0131 da sunarak, ziyaret\u00e7ilerin en b\u00fcy\u00fck ihtiya\u00e7lar\u0131ndan birini kar\u015f\u0131l\u0131yor. Ayr\u0131ca yaylan\u0131n \u00e7evresindeki y\u00fcr\u00fcy\u00fc\u015f alanlar\u0131, do\u011faseverlere e\u015fsiz manzaralar e\u015fli\u011finde sa\u011fl\u0131k ve huzur dolu anlar ya\u015fat\u0131yor.<\/p>\n\n\n\n<p>Her y\u0131l Temmuz ay\u0131n\u0131n ikinci haftas\u0131nda d\u00fczenlenen \u00e7e\u015fitli festivallerle de ziyaret\u00e7ilerine k\u00fclt\u00fcrel bir deneyim sunan Aros Yaylas\u0131, bu etkinliklerle b\u00f6lgenin zengin k\u00fclt\u00fcr\u00fcn\u00fc ve geleneklerini tan\u0131ma f\u0131rsat\u0131 veriyor. Ancak yaylada modern imkanlardan uzak bir deneyim ya\u015fayaca\u011f\u0131n\u0131z\u0131 unutmamak gerekir. Du\u015f, elektrik ve tuvalet gibi olanaklar bulunmamaktad\u0131r, bu nedenle ziyaret\u00e7ilerin haz\u0131rl\u0131kl\u0131 olmalar\u0131 \u00f6nerilir.<\/p>\n\n\n\n<p>K\u00f6y merkezinde yer alan camii, f\u0131r\u0131n ve PTT gibi temel imkanlar, ziyaret\u00e7ilerin ihtiya\u00e7lar\u0131n\u0131 kar\u015f\u0131lamak i\u00e7in yeterli olabilmektedir. Yerli halk, Aros Yaylas\u0131 ve \u00e7evresi hakk\u0131nda bilgi alabilece\u011finiz, ihtiya\u00e7lar\u0131n\u0131z konusunda yard\u0131mc\u0131 olabilecek samimi insanlard\u0131r.<\/p>\n\n\n\n<hr class=\"wp-block-separator has-alpha-channel-opacity is-style-wide\"\/>\n\n\n\n<ul id=\"block-3459d0fd-f64c-487e-a808-e248ff62f8f4\" class=\"wp-block-list\">\n<li><strong>Aros Yaylas\u0131<\/strong>&nbsp;<strong>Adres<\/strong>&nbsp;:08390 Konakl\u0131\/Ardanu\u00e7\/Artvin&nbsp;<strong><em><a href=\"https:\/\/www.google.com\/maps?daddr=41.71975804504925,41.4751900188288\" target=\"_blank\" rel=\"noreferrer noopener\">Yol Tarifi Al<\/a><\/em><\/strong><\/li>\n\n\n\n<li><strong>Aros Yaylas\u0131<\/strong>&nbsp;<strong>Detayl\u0131 Bilgi Fiyatlar:<\/strong>Detayl\u0131 Bilgiler i\u00e7in&nbsp;<strong><em><strong><a href=\"https:\/\/geziyoo.co\/listing\/kilickaya-aros-yaylasi-kamp-alani\/\">Aros Yaylas\u0131<\/a><\/strong><\/em><\/strong>&nbsp;sayfas\u0131na bakabilirsiniz.<\/li>\n<\/ul>\n\n\n\n<hr class=\"wp-block-separator has-alpha-channel-opacity is-style-wide\"\/>\n\n\n\n<h2 class=\"wp-block-heading\">3.Alt\u0131parmak Tabiat Park\u0131 Kamp Alan\u0131<\/h2>\n\n\n\n<figure class=\"wp-block-image size-full\"><img decoding=\"async\" width=\"800\" height=\"450\" data-src=\"https:\/\/geziyoo.co\/blog\/wp-content\/uploads\/2024\/03\/Altiparmak-Tabiat-Parki-Kamp-Alani-1.jpg\" alt=\"\" class=\"wp-image-16993 lazyload\" data-srcset=\"https:\/\/geziyoo.co\/blog\/wp-content\/uploads\/2024\/03\/Altiparmak-Tabiat-Parki-Kamp-Alani-1.jpg 800w, https:\/\/geziyoo.co\/blog\/wp-content\/uploads\/2024\/03\/Altiparmak-Tabiat-Parki-Kamp-Alani-1-300x169.jpg 300w, https:\/\/geziyoo.co\/blog\/wp-content\/uploads\/2024\/03\/Altiparmak-Tabiat-Parki-Kamp-Alani-1-768x432.jpg 768w, https:\/\/geziyoo.co\/blog\/wp-content\/uploads\/2024\/03\/Altiparmak-Tabiat-Parki-Kamp-Alani-1-390x220.jpg 390w, https:\/\/geziyoo.co\/blog\/wp-content\/uploads\/2024\/03\/Altiparmak-Tabiat-Parki-Kamp-Alani-1-150x84.jpg 150w\" data-sizes=\"(max-width: 800px) 100vw, 800px\" src=\"data:image\/gif;base64,R0lGODlhAQABAAAAACH5BAEKAAEALAAAAAABAAEAAAICTAEAOw==\" style=\"--smush-placeholder-width: 800px; --smush-placeholder-aspect-ratio: 800\/450;\" \/><\/figure>\n\n\n\n<p>Alt\u0131parmak Tabiat Park\u0131, Artvin&#8217;in Yusufeli il\u00e7esinin kucaklad\u0131\u011f\u0131, do\u011fan\u0131n en saf haliyle bulu\u015fabilece\u011finiz, e\u015fsiz bir do\u011fa harikas\u0131d\u0131r. Bu tabiat park\u0131, i\u00e7erisinde bar\u0131nd\u0131rd\u0131\u011f\u0131 Ciro \u015eelalesi ve Karag\u00f6l gibi do\u011fal g\u00fczelliklerle ziyaret\u00e7ilerine adeta bir g\u00f6rsel \u015f\u00f6len sunmaktad\u0131r. Kendine has manzaras\u0131 ve do\u011fal yap\u0131s\u0131yla Alt\u0131parmak, do\u011fa severler i\u00e7in ka\u00e7\u0131r\u0131lmayacak bir cennet olarak \u00f6ne \u00e7\u0131kmaktad\u0131r.<\/p>\n\n\n\n<p>Alt\u0131parmak Tabiat Park\u0131, piknik yapmak, \u00e7ad\u0131r kurmak ya da karavanla kamp yapmak isteyen do\u011fa tutkunlar\u0131 i\u00e7in geni\u015f bir yelpazede aktiviteler sunar. Ancak park\u0131n e\u011fimli arazi yap\u0131s\u0131, ziyaret\u00e7ilere baz\u0131 meydan okumalar da sunmaktad\u0131r. Toplu ula\u015f\u0131m se\u00e7ene\u011fi bulunmayan bu parka ula\u015f\u0131m i\u00e7in, arazi \u015fartlar\u0131na uygun ara\u00e7lar tercih edilmelidir. Standart binek ara\u00e7larla yap\u0131lan ziyaretler, zorlu arazi ko\u015fullar\u0131 nedeniyle ziyaret\u00e7ileri zor durumda b\u0131rakabilir. Bu y\u00fczden, parka ula\u015ft\u0131ktan sonra ke\u015ffinizi yaya olarak, trekking yaparak devam ettirmeniz \u00f6nerilir.<\/p>\n\n\n\n<p>Alt\u0131parmak Tabiat Park\u0131&#8217;n\u0131n en dikkat \u00e7ekici \u00f6zelliklerinden biri, giri\u015flerin tamamen \u00fccretsiz olmas\u0131d\u0131r. Bu, do\u011fayla i\u00e7 i\u00e7e olmay\u0131 seven herkesin bu g\u00fczellikleri ke\u015ffetme f\u0131rsat\u0131n\u0131 bulabilmesi anlam\u0131na gelir. Ancak parkta herhangi bir sosyal tesis veya imkan\u0131n bulunmamas\u0131, ziyaret\u00e7ilerin kendi ihtiya\u00e7 malzemelerini yanlar\u0131nda getirmelerini gerektirir. Bu nedenle, parka gelmeden \u00f6nce ekipmanlar\u0131n\u0131z\u0131 ve temel ihtiya\u00e7 malzemelerinizi haz\u0131rlamak \u00f6nemlidir.<\/p>\n\n\n\n<hr class=\"wp-block-separator has-alpha-channel-opacity is-style-wide\"\/>\n\n\n\n<ul id=\"block-3459d0fd-f64c-487e-a808-e248ff62f8f4\" class=\"wp-block-list\">\n<li><strong>Alt\u0131parmak Tabiat Park\u0131&nbsp;Adres<\/strong>&nbsp;:&nbsp;08890 Alt\u0131parmak \/ Yusufeli\/Yusufeli\/Artvin&nbsp;<strong><em><a href=\"https:\/\/www.google.com\/maps?daddr=41.71975804504925,41.4751900188288\" target=\"_blank\" rel=\"noreferrer noopener\">Yol Tarifi Al<\/a><\/em><\/strong><\/li>\n\n\n\n<li><strong>Alt\u0131parmak Tabiat Park\u0131 Detayl\u0131 Bilgi Fiyatlar:<\/strong>Detayl\u0131 Bilgiler i\u00e7in&nbsp;<strong><a href=\"https:\/\/geziyoo.co\/listing\/altiparmak-tabiat-parki-kamp-alani\/\">Alt\u0131parmak Tabiat Park\u0131<\/a><\/strong>&nbsp;sayfas\u0131na bakabilirsiniz.<\/li>\n<\/ul>\n\n\n\n<hr class=\"wp-block-separator has-alpha-channel-opacity is-style-wide\"\/>\n\n\n\n<h2 class=\"wp-block-heading\">4.Yaylalar K\u00f6y\u00fc Kamp Alan\u0131<a href=\"https:\/\/geziyoo.co\/listing\/yaylalar-koyu-kamp-alani\/\"><\/a><\/h2>\n\n\n\n<figure class=\"wp-block-image size-full\"><img decoding=\"async\" width=\"800\" height=\"534\" data-src=\"https:\/\/geziyoo.co\/blog\/wp-content\/uploads\/2024\/03\/Yaylalar-Koyu-Kamp-Alani-3.jpg\" alt=\"\" class=\"wp-image-16994 lazyload\" data-srcset=\"https:\/\/geziyoo.co\/blog\/wp-content\/uploads\/2024\/03\/Yaylalar-Koyu-Kamp-Alani-3.jpg 800w, https:\/\/geziyoo.co\/blog\/wp-content\/uploads\/2024\/03\/Yaylalar-Koyu-Kamp-Alani-3-300x200.jpg 300w, https:\/\/geziyoo.co\/blog\/wp-content\/uploads\/2024\/03\/Yaylalar-Koyu-Kamp-Alani-3-768x513.jpg 768w, https:\/\/geziyoo.co\/blog\/wp-content\/uploads\/2024\/03\/Yaylalar-Koyu-Kamp-Alani-3-150x100.jpg 150w\" data-sizes=\"(max-width: 800px) 100vw, 800px\" src=\"data:image\/gif;base64,R0lGODlhAQABAAAAACH5BAEKAAEALAAAAAABAAEAAAICTAEAOw==\" style=\"--smush-placeholder-width: 800px; --smush-placeholder-aspect-ratio: 800\/534;\" \/><\/figure>\n\n\n\n<p>Yaylalar K\u00f6y\u00fc, Artvin&#8217;in Yusufeli il\u00e7esinin do\u011fal g\u00fczelliklerle \u00e7evrili bir par\u00e7as\u0131 olarak, do\u011fa severler ve macera arayanlar i\u00e7in vazge\u00e7ilmez bir durak haline gelmi\u015ftir. Bu k\u00f6y, ziyaret\u00e7ilerine piknik yapma, \u00e7ad\u0131r veya karavan ile kamp kurma gibi \u00e7e\u015fitli aktiviteler sunarak, herkesin do\u011fayla i\u00e7 i\u00e7e vakit ge\u00e7irebilece\u011fi bir ortam sa\u011flamaktad\u0131r.<\/p>\n\n\n\n<p>K\u00f6y\u00fcn kendine has yap\u0131s\u0131, ziyaret\u00e7ilere modern ya\u015fam\u0131n t\u00fcm imkanlar\u0131n\u0131 sunarken, do\u011fan\u0131n sundu\u011fu sakinlik ve huzuru da ihmal etmiyor. Market, restoran, kafe ve pansiyon gibi konaklama ve ihtiya\u00e7 tesisleri, ziyaret\u00e7ilerin her t\u00fcrl\u00fc ihtiyac\u0131n\u0131 kar\u015f\u0131layabilecek \u015fekilde d\u00fczenlenmi\u015ftir. Du\u015f, tuvalet ve erzak gibi temel ihtiya\u00e7lar\u0131n kolayca bulunabildi\u011fi Yaylalar K\u00f6y\u00fc, konforlu bir do\u011fa ka\u00e7ama\u011f\u0131 arayanlar i\u00e7in ideal bir nokta.<\/p>\n\n\n\n<p>Ula\u015f\u0131m konusunda, k\u00f6ye servislerle ula\u015f\u0131m m\u00fcmk\u00fcn olup, bu servisler belirli bir saatte hareket etmese de, k\u00f6ye ula\u015f\u0131m sa\u011flamak isteyen ziyaret\u00e7ilere esnek bir se\u00e7enek sunmaktad\u0131r. Yaylalar K\u00f6y\u00fc&#8217;ne yolculuk, do\u011fan\u0131n kucak a\u00e7t\u0131\u011f\u0131, huzurlu bir ba\u015flang\u0131\u00e7 anlam\u0131na gelir.<\/p>\n\n\n\n<p>K\u00f6yde ge\u00e7irilecek zaman, sadece bir ka\u00e7amak de\u011fil, ayn\u0131 zamanda unutulmaz an\u0131lar biriktirebilece\u011finiz bir deneyim sunar. Harika manzaralar\u0131 ve serin akarsu kenarlar\u0131n\u0131 ke\u015ffetmek, stresli ve yo\u011fun \u015fehir hayat\u0131ndan uzakla\u015fman\u0131n en g\u00fczel yoludur. Yaylalar K\u00f6y\u00fc, do\u011fal g\u00fczelliklerin i\u00e7inde, sakin bir mola vermek ve ruhen yenilenmek isteyen herkes i\u00e7in bir cennet olarak kendini sunar.<\/p>\n\n\n\n<hr class=\"wp-block-separator has-alpha-channel-opacity is-style-wide\"\/>\n\n\n\n<ul id=\"block-3459d0fd-f64c-487e-a808-e248ff62f8f4\" class=\"wp-block-list\">\n<li><strong>Yaylalar K\u00f6y\u00fc Kamp Alan\u0131&nbsp;Adres<\/strong>&nbsp;:&nbsp;&nbsp;08890 Yaylalar\/Yusufeli\/Artvin&nbsp;<strong><em><a href=\"https:\/\/www.google.com\/maps?daddr=40.869308842250206,41.267881841560026\">Yol Tarifi Al<\/a><\/em><\/strong><\/li>\n\n\n\n<li><strong>Yaylalar K\u00f6y\u00fc Kamp Alan\u0131 Detayl\u0131 Bilgi Fiyatlar:<\/strong>Detayl\u0131 Bilgiler i\u00e7in&nbsp;<strong><em><a href=\"https:\/\/geziyoo.co\/listing\/yaylalar-koyu-kamp-alani\/\">Yaylalar K\u00f6y\u00fc Kamp Alan\u0131<\/a><\/em><\/strong>&nbsp;sayfas\u0131na bakabilirsiniz.<\/li>\n<\/ul>\n\n\n\n<hr class=\"wp-block-separator has-alpha-channel-opacity is-style-wide\"\/>\n\n\n\n<p><strong>Yusufeli Kamp Alanlar\u0131<\/strong> i\u00e7eri\u011fimizin sonuna geldik sizlere <strong>Yusufeli<\/strong>n&#8217;de kamp yapabilece\u011finiz \u00fccretli ve \u00fccretsiz kamp alanlar\u0131n\u0131 aktarmaya \u00e7al\u0131\u015ft\u0131k.Umar\u0131z i\u00e7eri\u011fimiz sizlere faydal\u0131 olabilmi\u015ftir.Bu kamp alanlar\u0131 ile ilgili detayl\u0131 bilgiler i\u00e7in <em><strong><a href=\"https:\/\/geziyoo.co\/?select=&amp;lp_s_loc=262&amp;lp_s_tag=&amp;lp_s_cat=&amp;s=home&amp;post_type=listing\">Artvin KAMP L\u0130STES\u0130<\/a><\/strong><\/em> sayfam\u0131za da bakman\u0131z\u0131 tavsiye eder g\u00fczel bir kamp ge\u00e7irmenizi dileriz.<\/p>\n\n\n\n<hr class=\"wp-block-separator has-css-opacity is-style-wide\"\/>\n\n\n\n<h3 class=\"wp-block-heading\">Bunlar\u0131 da Sevebilirsiniz;<\/h3>\n\n\n<ul class=\"wp-block-latest-posts__list wp-block-latest-posts\"><li><a class=\"wp-block-latest-posts__post-title\" href=\"https:\/\/geziyoo.co\/blog\/batman-kamp-alanlari\/\">Batman ve \u00c7evresi Do\u011fa \u0130\u00e7inde 4 Kamp Noktas\u0131 (Konum ve \u0130pu\u00e7lar\u0131)<\/a><\/li>\n<li><a class=\"wp-block-latest-posts__post-title\" href=\"https:\/\/geziyoo.co\/blog\/ayder-yaylasi-kamp-alanlari-ve-karavan-alanlari\/\">Ayder Yaylas\u0131 ve \u00c7evresi 2 Kamp Noktas\u0131 (Konum ve \u0130pu\u00e7lar\u0131)<\/a><\/li>\n<li><a class=\"wp-block-latest-posts__post-title\" href=\"https:\/\/geziyoo.co\/blog\/ardesen-kamp-alanlari-ve-karavan-alanlari\/\">Arde\u015fen ve F\u0131rt\u0131na Vadisi Giri\u015fi 5 Kamp Noktas\u0131 (Konum ve \u0130pu\u00e7lar\u0131)<\/a><\/li>\n<\/ul>","protected":false},"excerpt":{"rendered":"<p>Yusufeli, Artvin\u2019in i\u00e7 kesimlerinde, denize k\u0131y\u0131s\u0131 olmayan ama g\u00f6ky\u00fcz\u00fcne en yak\u0131n il\u00e7esidir. Ka\u00e7kar Da\u011flar\u0131&#8217;na t\u0131rman\u0131\u015f yapmak isteyen da\u011fc\u0131lar\u0131n (G\u00fcney Rotas\u0131) ana \u00fcss\u00fc buras\u0131d\u0131r. \u0130l\u00e7e, son y\u0131llarda devasa Yusufeli Baraj\u0131&#8217;n\u0131n sular\u0131 alt\u0131nda kalan eski merkeziyle g\u00fcndeme gelse de, da\u011f k\u00f6yleri ve yaylalar\u0131 bu de\u011fi\u015fimden etkilenmemi\u015f, bakirli\u011fini korumu\u015ftur. Buradaki kamp anlay\u0131\u015f\u0131 &#8220;piknik&#8221; de\u011fil, tam anlam\u0131yla &#8220;ekspedisyon&#8221; ve &hellip;<\/p>\n","protected":false},"author":1,"featured_media":16994,"comment_status":"open","ping_status":"open","sticky":false,"template":"","format":"standard","meta":{"footnotes":""},"categories":[589,23],"tags":[],"class_list":["post-16991","post","type-post","status-publish","format-standard","has-post-thumbnail","hentry","category-kamp1","category-kamp-kamp-alanlari"],"yoast_head":"<!-- This site is optimized with the Yoast SEO plugin v26.9 - https:\/\/yoast.com\/product\/yoast-seo-wordpress\/ -->\n<title>Yusufeli\u2019nde Do\u011fa \u0130\u00e7inde \u00dccretsiz En \u0130yi 4 Kamp Alan\u0131: Ka\u00e7kar ve Barhal | Geziyoo<\/title>\n<meta name=\"description\" content=\"Artvin Yusufeli, Ka\u00e7kar zirve yolu Olgunlar, tarihi Barhal Vadisi, da\u011fc\u0131lar\u0131n kamp\u0131 Dilberd\u00fcz\u00fc ve Ciro \u015eelalesi dahil do\u011fa i\u00e7inde \u00fccretsiz 4 kamp alan\u0131n\u0131 listeledik.\" \/>\n<meta name=\"robots\" content=\"index, follow, max-snippet:-1, max-image-preview:large, max-video-preview:-1\" \/>\n<link rel=\"canonical\" href=\"https:\/\/geziyoo.co\/blog\/yusufeli-kamp-alanlari-ve-karavan-alanlari\/\" \/>\n<meta property=\"og:locale\" content=\"tr_TR\" \/>\n<meta property=\"og:type\" content=\"article\" \/>\n<meta property=\"og:title\" content=\"Yusufeli\u2019nde Do\u011fa \u0130\u00e7inde \u00dccretsiz En \u0130yi 4 Kamp Alan\u0131: Ka\u00e7kar ve Barhal | Geziyoo\" \/>\n<meta property=\"og:description\" content=\"Artvin Yusufeli, Ka\u00e7kar zirve yolu Olgunlar, tarihi Barhal Vadisi, da\u011fc\u0131lar\u0131n kamp\u0131 Dilberd\u00fcz\u00fc ve Ciro \u015eelalesi dahil do\u011fa i\u00e7inde \u00fccretsiz 4 kamp alan\u0131n\u0131 listeledik.\" \/>\n<meta property=\"og:url\" content=\"https:\/\/geziyoo.co\/blog\/yusufeli-kamp-alanlari-ve-karavan-alanlari\/\" \/>\n<meta property=\"og:site_name\" content=\"Geziyoo.co\" \/>\n<meta property=\"article:publisher\" content=\"https:\/\/www.facebook.com\/Geziyooco\" \/>\n<meta property=\"article:author\" content=\"https:\/\/www.facebook.com\/geziyoo.co\" \/>\n<meta property=\"article:published_time\" content=\"2024-03-21T04:01:50+00:00\" \/>\n<meta property=\"article:modified_time\" content=\"2026-02-03T12:11:11+00:00\" \/>\n<meta property=\"og:image\" content=\"https:\/\/geziyoo.co\/blog\/wp-content\/uploads\/2024\/03\/Yaylalar-Koyu-Kamp-Alani-3.jpg\" \/>\n\t<meta property=\"og:image:width\" content=\"800\" \/>\n\t<meta property=\"og:image:height\" content=\"534\" \/>\n\t<meta property=\"og:image:type\" content=\"image\/jpeg\" \/>\n<meta name=\"author\" content=\"Geziyoo\" \/>\n<meta name=\"twitter:card\" content=\"summary_large_image\" \/>\n<meta name=\"twitter:creator\" content=\"@https:\/\/twitter.com\/geziyoo\" \/>\n<meta name=\"twitter:site\" content=\"@geziyoo\" \/>\n<meta name=\"twitter:label1\" content=\"Yazan:\" \/>\n\t<meta name=\"twitter:data1\" content=\"Geziyoo\" \/>\n\t<meta name=\"twitter:label2\" content=\"Tahmini okuma s\u00fcresi\" \/>\n\t<meta name=\"twitter:data2\" content=\"9 dakika\" \/>\n<script type=\"application\/ld+json\" class=\"yoast-schema-graph\">{\"@context\":\"https:\/\/schema.org\",\"@graph\":[{\"@type\":\"Article\",\"@id\":\"https:\/\/geziyoo.co\/blog\/yusufeli-kamp-alanlari-ve-karavan-alanlari\/#article\",\"isPartOf\":{\"@id\":\"https:\/\/geziyoo.co\/blog\/yusufeli-kamp-alanlari-ve-karavan-alanlari\/\"},\"author\":{\"name\":\"Geziyoo\",\"@id\":\"https:\/\/geziyoo.co\/blog\/#\/schema\/person\/032acb2436540ed14784e7d978aef0e4\"},\"headline\":\"Yusufeli ve Ka\u00e7kar Da\u011flar\u0131 Etekleri \u00dccretsiz 4 Do\u011fa Kamp\u0131 (Konum ve \u0130pu\u00e7lar\u0131)\",\"datePublished\":\"2024-03-21T04:01:50+00:00\",\"dateModified\":\"2026-02-03T12:11:11+00:00\",\"mainEntityOfPage\":{\"@id\":\"https:\/\/geziyoo.co\/blog\/yusufeli-kamp-alanlari-ve-karavan-alanlari\/\"},\"wordCount\":1764,\"commentCount\":0,\"publisher\":{\"@id\":\"https:\/\/geziyoo.co\/blog\/#organization\"},\"image\":{\"@id\":\"https:\/\/geziyoo.co\/blog\/yusufeli-kamp-alanlari-ve-karavan-alanlari\/#primaryimage\"},\"thumbnailUrl\":\"https:\/\/geziyoo.co\/blog\/wp-content\/uploads\/2024\/03\/Yaylalar-Koyu-Kamp-Alani-3.jpg\",\"articleSection\":[\"Kamp\",\"Kamp Alanlar\u0131\"],\"inLanguage\":\"tr\",\"potentialAction\":[{\"@type\":\"CommentAction\",\"name\":\"Comment\",\"target\":[\"https:\/\/geziyoo.co\/blog\/yusufeli-kamp-alanlari-ve-karavan-alanlari\/#respond\"]}]},{\"@type\":\"WebPage\",\"@id\":\"https:\/\/geziyoo.co\/blog\/yusufeli-kamp-alanlari-ve-karavan-alanlari\/\",\"url\":\"https:\/\/geziyoo.co\/blog\/yusufeli-kamp-alanlari-ve-karavan-alanlari\/\",\"name\":\"Yusufeli\u2019nde Do\u011fa \u0130\u00e7inde \u00dccretsiz En \u0130yi 4 Kamp Alan\u0131: Ka\u00e7kar ve Barhal | Geziyoo\",\"isPartOf\":{\"@id\":\"https:\/\/geziyoo.co\/blog\/#website\"},\"primaryImageOfPage\":{\"@id\":\"https:\/\/geziyoo.co\/blog\/yusufeli-kamp-alanlari-ve-karavan-alanlari\/#primaryimage\"},\"image\":{\"@id\":\"https:\/\/geziyoo.co\/blog\/yusufeli-kamp-alanlari-ve-karavan-alanlari\/#primaryimage\"},\"thumbnailUrl\":\"https:\/\/geziyoo.co\/blog\/wp-content\/uploads\/2024\/03\/Yaylalar-Koyu-Kamp-Alani-3.jpg\",\"datePublished\":\"2024-03-21T04:01:50+00:00\",\"dateModified\":\"2026-02-03T12:11:11+00:00\",\"description\":\"Artvin Yusufeli, Ka\u00e7kar zirve yolu Olgunlar, tarihi Barhal Vadisi, da\u011fc\u0131lar\u0131n kamp\u0131 Dilberd\u00fcz\u00fc ve Ciro \u015eelalesi dahil do\u011fa i\u00e7inde \u00fccretsiz 4 kamp alan\u0131n\u0131 listeledik.\",\"breadcrumb\":{\"@id\":\"https:\/\/geziyoo.co\/blog\/yusufeli-kamp-alanlari-ve-karavan-alanlari\/#breadcrumb\"},\"inLanguage\":\"tr\",\"potentialAction\":[{\"@type\":\"ReadAction\",\"target\":[\"https:\/\/geziyoo.co\/blog\/yusufeli-kamp-alanlari-ve-karavan-alanlari\/\"]}]},{\"@type\":\"ImageObject\",\"inLanguage\":\"tr\",\"@id\":\"https:\/\/geziyoo.co\/blog\/yusufeli-kamp-alanlari-ve-karavan-alanlari\/#primaryimage\",\"url\":\"https:\/\/geziyoo.co\/blog\/wp-content\/uploads\/2024\/03\/Yaylalar-Koyu-Kamp-Alani-3.jpg\",\"contentUrl\":\"https:\/\/geziyoo.co\/blog\/wp-content\/uploads\/2024\/03\/Yaylalar-Koyu-Kamp-Alani-3.jpg\",\"width\":800,\"height\":534},{\"@type\":\"BreadcrumbList\",\"@id\":\"https:\/\/geziyoo.co\/blog\/yusufeli-kamp-alanlari-ve-karavan-alanlari\/#breadcrumb\",\"itemListElement\":[{\"@type\":\"ListItem\",\"position\":1,\"name\":\"Ana sayfa\",\"item\":\"https:\/\/geziyoo.co\/blog\/\"},{\"@type\":\"ListItem\",\"position\":2,\"name\":\"Yusufeli ve Ka\u00e7kar Da\u011flar\u0131 Etekleri \u00dccretsiz 4 Do\u011fa Kamp\u0131 (Konum ve \u0130pu\u00e7lar\u0131)\"}]},{\"@type\":\"WebSite\",\"@id\":\"https:\/\/geziyoo.co\/blog\/#website\",\"url\":\"https:\/\/geziyoo.co\/blog\/\",\"name\":\"Geziyoo Blog\",\"description\":\"GeziYoo Blog&#039;da T\u00fcrkiye&#039;nin en iyi kamp alanlar\u0131ndan bungalov tatillerine, karavan ipu\u00e7lar\u0131ndan gezi rehberlerine kadar her t\u00fcrl\u00fc do\u011fa deneyimini ke\u015ffedin.\",\"publisher\":{\"@id\":\"https:\/\/geziyoo.co\/blog\/#organization\"},\"potentialAction\":[{\"@type\":\"SearchAction\",\"target\":{\"@type\":\"EntryPoint\",\"urlTemplate\":\"https:\/\/geziyoo.co\/blog\/?s={search_term_string}\"},\"query-input\":{\"@type\":\"PropertyValueSpecification\",\"valueRequired\":true,\"valueName\":\"search_term_string\"}}],\"inLanguage\":\"tr\"},{\"@type\":\"Organization\",\"@id\":\"https:\/\/geziyoo.co\/blog\/#organization\",\"name\":\"Geziyoo.co\",\"url\":\"https:\/\/geziyoo.co\/blog\/\",\"logo\":{\"@type\":\"ImageObject\",\"inLanguage\":\"tr\",\"@id\":\"https:\/\/geziyoo.co\/blog\/#\/schema\/logo\/image\/\",\"url\":\"https:\/\/geziyoo.co\/blog\/wp-content\/uploads\/2025\/01\/Paragraf-metniniz-3.png\",\"contentUrl\":\"https:\/\/geziyoo.co\/blog\/wp-content\/uploads\/2025\/01\/Paragraf-metniniz-3.png\",\"width\":270,\"height\":50,\"caption\":\"Geziyoo.co\"},\"image\":{\"@id\":\"https:\/\/geziyoo.co\/blog\/#\/schema\/logo\/image\/\"},\"sameAs\":[\"https:\/\/www.facebook.com\/Geziyooco\",\"https:\/\/x.com\/geziyoo\",\"https:\/\/tr.pinterest.com\/geziyooco\/\",\"https:\/\/www.youtube.com\/@geziyoo\",\"https:\/\/www.instagram.com\/geziyoo.co\/\"]},{\"@type\":\"Person\",\"@id\":\"https:\/\/geziyoo.co\/blog\/#\/schema\/person\/032acb2436540ed14784e7d978aef0e4\",\"name\":\"Geziyoo\",\"image\":{\"@type\":\"ImageObject\",\"inLanguage\":\"tr\",\"@id\":\"https:\/\/geziyoo.co\/blog\/#\/schema\/person\/image\/\",\"url\":\"https:\/\/secure.gravatar.com\/avatar\/ae212a4514471fdb8cab6e5af4f3c99b940a2d0a16713ea0392c8d7c8a64f30a?s=96&d=mm&r=g\",\"contentUrl\":\"https:\/\/secure.gravatar.com\/avatar\/ae212a4514471fdb8cab6e5af4f3c99b940a2d0a16713ea0392c8d7c8a64f30a?s=96&d=mm&r=g\",\"caption\":\"Geziyoo\"},\"description\":\"Do\u011fa ile i\u00e7 i\u00e7e olabilece\u011finiz yerler,do\u011fa aktivite alanlar\u0131,kamp alanlar\u0131,bungalov oteller,Tiny House Oteller, Galampingler ve da\u011f evlerinin herkes i\u00e7in ula\u015f\u0131labilir olmas\u0131n\u0131 sa\u011flamak amac\u0131yla Geziyoo\u2019ya 2019 y\u0131l\u0131nda ba\u015flad\u0131k.Do\u011fal Tatil konseptini uygulayan en geni\u015f kapsaml\u0131 sitedir.\",\"sameAs\":[\"https:\/\/geziyoo.co\/\",\"https:\/\/www.facebook.com\/geziyoo.co\",\"https:\/\/www.instagram.com\/geziyoo.co\/\",\"https:\/\/tr.pinterest.com\/geziyooco\/\",\"https:\/\/x.com\/https:\/\/twitter.com\/geziyoo\",\"https:\/\/www.youtube.com\/channel\/UCdiSMa6pe17KEY7DP1Ug4ag\"]}]}<\/script>\n<!-- \/ Yoast SEO plugin. -->","yoast_head_json":{"title":"Yusufeli\u2019nde Do\u011fa \u0130\u00e7inde \u00dccretsiz En \u0130yi 4 Kamp Alan\u0131: Ka\u00e7kar ve Barhal | Geziyoo","description":"Artvin Yusufeli, Ka\u00e7kar zirve yolu Olgunlar, tarihi Barhal Vadisi, da\u011fc\u0131lar\u0131n kamp\u0131 Dilberd\u00fcz\u00fc ve Ciro \u015eelalesi dahil do\u011fa i\u00e7inde \u00fccretsiz 4 kamp alan\u0131n\u0131 listeledik.","robots":{"index":"index","follow":"follow","max-snippet":"max-snippet:-1","max-image-preview":"max-image-preview:large","max-video-preview":"max-video-preview:-1"},"canonical":"https:\/\/geziyoo.co\/blog\/yusufeli-kamp-alanlari-ve-karavan-alanlari\/","og_locale":"tr_TR","og_type":"article","og_title":"Yusufeli\u2019nde Do\u011fa \u0130\u00e7inde \u00dccretsiz En \u0130yi 4 Kamp Alan\u0131: Ka\u00e7kar ve Barhal | Geziyoo","og_description":"Artvin Yusufeli, Ka\u00e7kar zirve yolu Olgunlar, tarihi Barhal Vadisi, da\u011fc\u0131lar\u0131n kamp\u0131 Dilberd\u00fcz\u00fc ve Ciro \u015eelalesi dahil do\u011fa i\u00e7inde \u00fccretsiz 4 kamp alan\u0131n\u0131 listeledik.","og_url":"https:\/\/geziyoo.co\/blog\/yusufeli-kamp-alanlari-ve-karavan-alanlari\/","og_site_name":"Geziyoo.co","article_publisher":"https:\/\/www.facebook.com\/Geziyooco","article_author":"https:\/\/www.facebook.com\/geziyoo.co","article_published_time":"2024-03-21T04:01:50+00:00","article_modified_time":"2026-02-03T12:11:11+00:00","og_image":[{"width":800,"height":534,"url":"https:\/\/geziyoo.co\/blog\/wp-content\/uploads\/2024\/03\/Yaylalar-Koyu-Kamp-Alani-3.jpg","type":"image\/jpeg"}],"author":"Geziyoo","twitter_card":"summary_large_image","twitter_creator":"@https:\/\/twitter.com\/geziyoo","twitter_site":"@geziyoo","twitter_misc":{"Yazan:":"Geziyoo","Tahmini okuma s\u00fcresi":"9 dakika"},"schema":{"@context":"https:\/\/schema.org","@graph":[{"@type":"Article","@id":"https:\/\/geziyoo.co\/blog\/yusufeli-kamp-alanlari-ve-karavan-alanlari\/#article","isPartOf":{"@id":"https:\/\/geziyoo.co\/blog\/yusufeli-kamp-alanlari-ve-karavan-alanlari\/"},"author":{"name":"Geziyoo","@id":"https:\/\/geziyoo.co\/blog\/#\/schema\/person\/032acb2436540ed14784e7d978aef0e4"},"headline":"Yusufeli ve Ka\u00e7kar Da\u011flar\u0131 Etekleri \u00dccretsiz 4 Do\u011fa Kamp\u0131 (Konum ve \u0130pu\u00e7lar\u0131)","datePublished":"2024-03-21T04:01:50+00:00","dateModified":"2026-02-03T12:11:11+00:00","mainEntityOfPage":{"@id":"https:\/\/geziyoo.co\/blog\/yusufeli-kamp-alanlari-ve-karavan-alanlari\/"},"wordCount":1764,"commentCount":0,"publisher":{"@id":"https:\/\/geziyoo.co\/blog\/#organization"},"image":{"@id":"https:\/\/geziyoo.co\/blog\/yusufeli-kamp-alanlari-ve-karavan-alanlari\/#primaryimage"},"thumbnailUrl":"https:\/\/geziyoo.co\/blog\/wp-content\/uploads\/2024\/03\/Yaylalar-Koyu-Kamp-Alani-3.jpg","articleSection":["Kamp","Kamp Alanlar\u0131"],"inLanguage":"tr","potentialAction":[{"@type":"CommentAction","name":"Comment","target":["https:\/\/geziyoo.co\/blog\/yusufeli-kamp-alanlari-ve-karavan-alanlari\/#respond"]}]},{"@type":"WebPage","@id":"https:\/\/geziyoo.co\/blog\/yusufeli-kamp-alanlari-ve-karavan-alanlari\/","url":"https:\/\/geziyoo.co\/blog\/yusufeli-kamp-alanlari-ve-karavan-alanlari\/","name":"Yusufeli\u2019nde Do\u011fa \u0130\u00e7inde \u00dccretsiz En \u0130yi 4 Kamp Alan\u0131: Ka\u00e7kar ve Barhal | Geziyoo","isPartOf":{"@id":"https:\/\/geziyoo.co\/blog\/#website"},"primaryImageOfPage":{"@id":"https:\/\/geziyoo.co\/blog\/yusufeli-kamp-alanlari-ve-karavan-alanlari\/#primaryimage"},"image":{"@id":"https:\/\/geziyoo.co\/blog\/yusufeli-kamp-alanlari-ve-karavan-alanlari\/#primaryimage"},"thumbnailUrl":"https:\/\/geziyoo.co\/blog\/wp-content\/uploads\/2024\/03\/Yaylalar-Koyu-Kamp-Alani-3.jpg","datePublished":"2024-03-21T04:01:50+00:00","dateModified":"2026-02-03T12:11:11+00:00","description":"Artvin Yusufeli, Ka\u00e7kar zirve yolu Olgunlar, tarihi Barhal Vadisi, da\u011fc\u0131lar\u0131n kamp\u0131 Dilberd\u00fcz\u00fc ve Ciro \u015eelalesi dahil do\u011fa i\u00e7inde \u00fccretsiz 4 kamp alan\u0131n\u0131 listeledik.","breadcrumb":{"@id":"https:\/\/geziyoo.co\/blog\/yusufeli-kamp-alanlari-ve-karavan-alanlari\/#breadcrumb"},"inLanguage":"tr","potentialAction":[{"@type":"ReadAction","target":["https:\/\/geziyoo.co\/blog\/yusufeli-kamp-alanlari-ve-karavan-alanlari\/"]}]},{"@type":"ImageObject","inLanguage":"tr","@id":"https:\/\/geziyoo.co\/blog\/yusufeli-kamp-alanlari-ve-karavan-alanlari\/#primaryimage","url":"https:\/\/geziyoo.co\/blog\/wp-content\/uploads\/2024\/03\/Yaylalar-Koyu-Kamp-Alani-3.jpg","contentUrl":"https:\/\/geziyoo.co\/blog\/wp-content\/uploads\/2024\/03\/Yaylalar-Koyu-Kamp-Alani-3.jpg","width":800,"height":534},{"@type":"BreadcrumbList","@id":"https:\/\/geziyoo.co\/blog\/yusufeli-kamp-alanlari-ve-karavan-alanlari\/#breadcrumb","itemListElement":[{"@type":"ListItem","position":1,"name":"Ana sayfa","item":"https:\/\/geziyoo.co\/blog\/"},{"@type":"ListItem","position":2,"name":"Yusufeli ve Ka\u00e7kar Da\u011flar\u0131 Etekleri \u00dccretsiz 4 Do\u011fa Kamp\u0131 (Konum ve \u0130pu\u00e7lar\u0131)"}]},{"@type":"WebSite","@id":"https:\/\/geziyoo.co\/blog\/#website","url":"https:\/\/geziyoo.co\/blog\/","name":"Geziyoo Blog","description":"GeziYoo Blog&#039;da T\u00fcrkiye&#039;nin en iyi kamp alanlar\u0131ndan bungalov tatillerine, karavan ipu\u00e7lar\u0131ndan gezi rehberlerine kadar her t\u00fcrl\u00fc do\u011fa deneyimini ke\u015ffedin.","publisher":{"@id":"https:\/\/geziyoo.co\/blog\/#organization"},"potentialAction":[{"@type":"SearchAction","target":{"@type":"EntryPoint","urlTemplate":"https:\/\/geziyoo.co\/blog\/?s={search_term_string}"},"query-input":{"@type":"PropertyValueSpecification","valueRequired":true,"valueName":"search_term_string"}}],"inLanguage":"tr"},{"@type":"Organization","@id":"https:\/\/geziyoo.co\/blog\/#organization","name":"Geziyoo.co","url":"https:\/\/geziyoo.co\/blog\/","logo":{"@type":"ImageObject","inLanguage":"tr","@id":"https:\/\/geziyoo.co\/blog\/#\/schema\/logo\/image\/","url":"https:\/\/geziyoo.co\/blog\/wp-content\/uploads\/2025\/01\/Paragraf-metniniz-3.png","contentUrl":"https:\/\/geziyoo.co\/blog\/wp-content\/uploads\/2025\/01\/Paragraf-metniniz-3.png","width":270,"height":50,"caption":"Geziyoo.co"},"image":{"@id":"https:\/\/geziyoo.co\/blog\/#\/schema\/logo\/image\/"},"sameAs":["https:\/\/www.facebook.com\/Geziyooco","https:\/\/x.com\/geziyoo","https:\/\/tr.pinterest.com\/geziyooco\/","https:\/\/www.youtube.com\/@geziyoo","https:\/\/www.instagram.com\/geziyoo.co\/"]},{"@type":"Person","@id":"https:\/\/geziyoo.co\/blog\/#\/schema\/person\/032acb2436540ed14784e7d978aef0e4","name":"Geziyoo","image":{"@type":"ImageObject","inLanguage":"tr","@id":"https:\/\/geziyoo.co\/blog\/#\/schema\/person\/image\/","url":"https:\/\/secure.gravatar.com\/avatar\/ae212a4514471fdb8cab6e5af4f3c99b940a2d0a16713ea0392c8d7c8a64f30a?s=96&d=mm&r=g","contentUrl":"https:\/\/secure.gravatar.com\/avatar\/ae212a4514471fdb8cab6e5af4f3c99b940a2d0a16713ea0392c8d7c8a64f30a?s=96&d=mm&r=g","caption":"Geziyoo"},"description":"Do\u011fa ile i\u00e7 i\u00e7e olabilece\u011finiz yerler,do\u011fa aktivite alanlar\u0131,kamp alanlar\u0131,bungalov oteller,Tiny House Oteller, Galampingler ve da\u011f evlerinin herkes i\u00e7in ula\u015f\u0131labilir olmas\u0131n\u0131 sa\u011flamak amac\u0131yla Geziyoo\u2019ya 2019 y\u0131l\u0131nda ba\u015flad\u0131k.Do\u011fal Tatil konseptini uygulayan en geni\u015f kapsaml\u0131 sitedir.","sameAs":["https:\/\/geziyoo.co\/","https:\/\/www.facebook.com\/geziyoo.co","https:\/\/www.instagram.com\/geziyoo.co\/","https:\/\/tr.pinterest.com\/geziyooco\/","https:\/\/x.com\/https:\/\/twitter.com\/geziyoo","https:\/\/www.youtube.com\/channel\/UCdiSMa6pe17KEY7DP1Ug4ag"]}]}},"amp_enabled":true,"_links":{"self":[{"href":"https:\/\/geziyoo.co\/blog\/wp-json\/wp\/v2\/posts\/16991","targetHints":{"allow":["GET"]}}],"collection":[{"href":"https:\/\/geziyoo.co\/blog\/wp-json\/wp\/v2\/posts"}],"about":[{"href":"https:\/\/geziyoo.co\/blog\/wp-json\/wp\/v2\/types\/post"}],"author":[{"embeddable":true,"href":"https:\/\/geziyoo.co\/blog\/wp-json\/wp\/v2\/users\/1"}],"replies":[{"embeddable":true,"href":"https:\/\/geziyoo.co\/blog\/wp-json\/wp\/v2\/comments?post=16991"}],"version-history":[{"count":0,"href":"https:\/\/geziyoo.co\/blog\/wp-json\/wp\/v2\/posts\/16991\/revisions"}],"wp:featuredmedia":[{"embeddable":true,"href":"https:\/\/geziyoo.co\/blog\/wp-json\/wp\/v2\/media\/16994"}],"wp:attachment":[{"href":"https:\/\/geziyoo.co\/blog\/wp-json\/wp\/v2\/media?parent=16991"}],"wp:term":[{"taxonomy":"category","embeddable":true,"href":"https:\/\/geziyoo.co\/blog\/wp-json\/wp\/v2\/categories?post=16991"},{"taxonomy":"post_tag","embeddable":true,"href":"https:\/\/geziyoo.co\/blog\/wp-json\/wp\/v2\/tags?post=16991"}],"curies":[{"name":"wp","href":"https:\/\/api.w.org\/{rel}","templated":true}]}}