{"id":16860,"date":"2024-03-13T05:19:14","date_gmt":"2024-03-13T05:19:14","guid":{"rendered":"https:\/\/geziyoo.co\/blog\/?p=16860"},"modified":"2026-02-03T11:52:08","modified_gmt":"2026-02-03T11:52:08","slug":"kalkan-kamp-alanlari-ve-karavan-alanlari","status":"publish","type":"post","link":"https:\/\/geziyoo.co\/blog\/kalkan-kamp-alanlari-ve-karavan-alanlari\/","title":{"rendered":"Kalkan ve Patara \u00c7evresi \u00dccretli\/\u00dccretsiz 9 Kamp Noktas\u0131 (\u0130leti\u015fim ve Konum)"},"content":{"rendered":"\n<p><strong>Kalkan<\/strong>, dik yoku\u015flar\u0131 ve begonvilli beyaz evleriyle \u00fcnl\u00fc, daha \u00e7ok \u0130ngiliz turistlerin ve balay\u0131 \u00e7iftlerinin tercih etti\u011fi l\u00fcks bir beldedir. Co\u011frafi yap\u0131s\u0131 (dik yama\u00e7lar) nedeniyle Kalkan merkezde geni\u015f d\u00fczl\u00fckler ve kamp alanlar\u0131 yoktur. Kamp\u00e7\u0131lar i\u00e7in Kalkan, bir &#8220;konaklama noktas\u0131&#8221; de\u011fil, Patara ve Ka\u015f aras\u0131ndaki bir &#8220;ge\u00e7i\u015f ve ikmal&#8221; noktas\u0131d\u0131r. En yak\u0131n ve en g\u00fczel kamp alanlar\u0131, antik kentle i\u00e7 i\u00e7e olan <strong>Patara (Gelemi\u015f)<\/strong> b\u00f6lgesinde toplanm\u0131\u015ft\u0131r.<\/p>\n\n\n\n<p>B\u00f6lgedeki kamp k\u00fclt\u00fcr\u00fc ikiye ayr\u0131l\u0131r: Deniz ve tarih isteyenler <strong>Patara<\/strong> taraf\u0131na, serinlik ve do\u011fa isteyenler ise Kalkan&#8217;\u0131n hemen tepesindeki <strong>Bezirgan Yaylas\u0131<\/strong>&#8216;na y\u00f6nelir. &#8220;Kaputa\u015f Plaj\u0131&#8217;nda kamp yap\u0131l\u0131r m\u0131?&#8221; sorusu \u00e7ok sorulur; cevap hay\u0131rd\u0131r, Kaputa\u015f koruma alt\u0131ndad\u0131r ve jandarma izin vermez. Ancak <strong>F\u0131rnaz Koyu<\/strong> gibi sadece denizden veya patikadan ula\u015f\u0131labilen yerler, maceraperestler i\u00e7in hala \u00f6zg\u00fcr kamp alanlar\u0131d\u0131r.<\/p>\n\n\n\n<p>Biz Geziyoo olarak, Kalkan&#8217;\u0131n pahal\u0131 imaj\u0131n\u0131n aksine, b\u00fct\u00e7e dostu ve do\u011fayla i\u00e7 i\u00e7e kalabilece\u011finiz noktalar\u0131 se\u00e7tik. Listemizde, Patara&#8217;n\u0131n kum tepelerinde (yasak b\u00f6lge d\u0131\u015f\u0131nda) g\u00fcn bat\u0131m\u0131n\u0131 izleyebilece\u011finiz tesisleri de, tarihi tah\u0131l ambarlar\u0131 aras\u0131nda uyanabilece\u011finiz yayla k\u00f6ylerini de bir araya getirdik.<\/p>\n\n\n\n<p>\u0130ster <strong>Medusa Camping&#8217;in<\/strong> bohem bar\u0131nda e\u011flenin, ister <strong>Karadere Plaj\u0131&#8217;n\u0131n<\/strong> \u0131ss\u0131zl\u0131\u011f\u0131nda denize girin; yola \u00e7\u0131kmadan \u00f6nce Kalkan merkezdeki dik yoku\u015flar\u0131 ve market fiyatlar\u0131n\u0131 hesaba kat\u0131n. \u0130\u015fte Kalkan \u00e7evresinin en sevilen 9 kamp dura\u011f\u0131:<\/p>\n\n\n\n<p><strong>Dilerseniz&nbsp;<em><a href=\"https:\/\/geziyoo.co\/blog\/antalya-kamp-alanlari-ve-karavan-alanlari\/\" data-type=\"post\" data-id=\"5238\">Antalya Kamp Alanlar\u0131<\/a>&nbsp;<\/em>i\u00e7eri\u011fimizde Antalya b\u00f6lgesinde yer alan di\u011fer kamp yerlerini inceleyebilirsiniz.<\/strong><\/p>\n\n\n\n<p>Kalkan&#8217;da unuttu\u011fumuz veya bilmedi\u011fimiz&nbsp;\u00c7ad\u0131r ve Karavan Kamp alan\u0131&nbsp;var ise l\u00fctfen yorumlar k\u0131sm\u0131ndan bizlerle payla\u015f\u0131n.Kalkan haricinde Kamp Alan\u0131, Bungalov veya Da\u011f evi ar\u0131yorsan\u0131z ,&nbsp;<a href=\"https:\/\/geziyoo.co\/?select=Karavan+Kamp%C4%B1&amp;lp_s_loc=&amp;lp_s_tag=&amp;lp_s_cat=229&amp;s=home&amp;post_type=listing\"><em><strong>500\u2019den fazla Kamp ve Karavan Yeri<\/strong><\/em><\/a>&nbsp;sayfam\u0131za bakman\u0131z\u0131 tavsiye diyoruz.<\/p>\n\n\n\n<p>Fazla uzatmadan&nbsp;<strong>Kalkan Kamp Alanlar\u0131 ve Karavan Alanlar\u0131<\/strong>&nbsp;listemize ge\u00e7elim.Bu arada listemizde yer almayan kamp alanlar\u0131 var ise l\u00fctfen yorumlar k\u0131sm\u0131ndan bizlerle payla\u015f\u0131n.<\/p>\n\n\n\n<hr class=\"wp-block-separator has-css-opacity is-style-wide\"\/>\n\n\n\n<h2 class=\"wp-block-heading\">1.Camel Camping<\/h2>\n\n\n\n<figure class=\"wp-block-image size-large\"><img decoding=\"async\" width=\"800\" height=\"450\" data-src=\"https:\/\/geziyoo.co\/blog\/wp-content\/uploads\/2021\/08\/Kas-Kamp-Alanlari-Camel-Camping.jpg\" alt=\"\" class=\"wp-image-7814 lazyload\" data-srcset=\"https:\/\/geziyoo.co\/blog\/wp-content\/uploads\/2021\/08\/Kas-Kamp-Alanlari-Camel-Camping.jpg 800w, https:\/\/geziyoo.co\/blog\/wp-content\/uploads\/2021\/08\/Kas-Kamp-Alanlari-Camel-Camping-300x169.jpg 300w, https:\/\/geziyoo.co\/blog\/wp-content\/uploads\/2021\/08\/Kas-Kamp-Alanlari-Camel-Camping-768x432.jpg 768w, https:\/\/geziyoo.co\/blog\/wp-content\/uploads\/2021\/08\/Kas-Kamp-Alanlari-Camel-Camping-390x220.jpg 390w\" data-sizes=\"(max-width: 800px) 100vw, 800px\" src=\"data:image\/gif;base64,R0lGODlhAQABAAAAACH5BAEKAAEALAAAAAABAAEAAAICTAEAOw==\" style=\"--smush-placeholder-width: 800px; --smush-placeholder-aspect-ratio: 800\/450;\" \/><figcaption class=\"wp-element-caption\">Kalkan Kamp Alanlar\u0131 &#8211; Camel Camping<\/figcaption><\/figure>\n\n\n\n<p>Antalya&#8217;n\u0131n Patara b\u00f6lgesinde yer alan Camel Camping, hem \u00e7ad\u0131r hem de karavan kamp\u0131 yapmak isteyenler i\u00e7in ideal bir kamp noktas\u0131d\u0131r. Geleneksel kamp deneyiminden farkl\u0131 bir \u015fey arayanlar i\u00e7in bungalov konaklama se\u00e7ene\u011fi de mevcuttur.<\/p>\n\n\n\n<p>Camel Camping&#8217;de 2 veya 3 ki\u015filik gruplar i\u00e7in tasarlanm\u0131\u015f toplam 14 adet bungalov ev bulunmaktad\u0131r. Bungalovlar, konforlu bir konaklama deneyimi i\u00e7in gerekli t\u00fcm imkanlara sahiptir. Tesisin i\u00e7inde yer alan \u00fccretsiz otopark sayesinde arac\u0131n\u0131zla kolayl\u0131kla ula\u015f\u0131m sa\u011flayabilirsiniz.<\/p>\n\n\n\n<p>\u00c7ad\u0131r\u0131n\u0131z\u0131 kurmak istedi\u011finizde, kamp alan\u0131nda size en uygun yeri bulman\u0131z i\u00e7in \u00f6zel yerler ayr\u0131lm\u0131\u015ft\u0131r. Kamp alan\u0131, ortak kullan\u0131ma a\u00e7\u0131k tuvalet, du\u015f, \u00e7ama\u015f\u0131rhane, bula\u015f\u0131khane, elektrik ve wifi gibi olanaklar sunmaktad\u0131r. Bu sayede do\u011fan\u0131n keyfini \u00e7\u0131kar\u0131rken her t\u00fcrl\u00fc ihtiyac\u0131n\u0131z\u0131 kar\u015f\u0131layabilirsiniz.<\/p>\n\n\n\n<p>Her kamp yeri, piknik masas\u0131 ve ate\u015f \u0131zgaras\u0131 ile donat\u0131lm\u0131\u015ft\u0131r. B\u00f6ylece do\u011fan\u0131n i\u00e7inde yemek pi\u015firme ve yeme zevkini ya\u015fayabilirsiniz. Camel Camping&#8217;in suya yak\u0131n konumu sayesinde serinlemek istedi\u011finizde kolayca suya ula\u015fabilirsiniz.<\/p>\n\n\n\n<hr class=\"wp-block-separator has-css-opacity is-style-wide\"\/>\n\n\n\n\n\t\t<div class=\"lightbulb tie-list-shortcode\">\n<ul>\n<li><strong><em>Camel Camping <\/em>Adres<\/strong> : Camel Camping Gelmi\u015f mh. Patara, Yal\u0131 mevkii, 07963 Ka\u015f\/Antalya<\/li>\n<li><strong>Camel Camping Telefon<\/strong> : 0535 158 80 69<\/li>\n<li><strong>Camel Camping Detayl\u0131 Bilgi Fiyatlar:<\/strong>Detayl\u0131 bilgiler i\u00e7in <a href=\"https:\/\/geziyoo.co\/listing\/camel-camping\/\"><strong data-rich-text-format-boundary=\"true\">Camel Camping<\/strong><\/a><strong>&nbsp;<\/strong>sayfam\u0131za bak\u0131n\u0131z.<\/li>\n<li><strong>Camel Camping Konum:<\/strong>Yol Tarifi i\u00e7in <em><strong><a href=\"https:\/\/www.google.com\/maps?daddr=37.1720929,31.1940345\">Konum<\/a>&nbsp;<\/strong><\/em>ba\u011flant\u0131s\u0131na t\u0131klay\u0131n<\/li>\n<\/ul>\n\n\t\t<\/div>\n\t\n\n\n\n<hr class=\"wp-block-separator has-css-opacity is-style-wide\"\/>\n\n\n\n<h2 class=\"wp-block-heading\">2.Kalkan Camping<\/h2>\n\n\n\n<figure class=\"wp-block-image size-large\"><img decoding=\"async\" width=\"1024\" height=\"576\" data-src=\"https:\/\/geziyoo.co\/blog\/wp-content\/uploads\/2021\/07\/Antalya-Kamp-Alanlari-Kalkan-Camping-5.jpg\" alt=\"\" class=\"wp-image-7461 lazyload\" data-srcset=\"https:\/\/geziyoo.co\/blog\/wp-content\/uploads\/2021\/07\/Antalya-Kamp-Alanlari-Kalkan-Camping-5.jpg 1024w, https:\/\/geziyoo.co\/blog\/wp-content\/uploads\/2021\/07\/Antalya-Kamp-Alanlari-Kalkan-Camping-5-300x169.jpg 300w, https:\/\/geziyoo.co\/blog\/wp-content\/uploads\/2021\/07\/Antalya-Kamp-Alanlari-Kalkan-Camping-5-768x432.jpg 768w, https:\/\/geziyoo.co\/blog\/wp-content\/uploads\/2021\/07\/Antalya-Kamp-Alanlari-Kalkan-Camping-5-390x220.jpg 390w\" data-sizes=\"(max-width: 1024px) 100vw, 1024px\" src=\"data:image\/gif;base64,R0lGODlhAQABAAAAACH5BAEKAAEALAAAAAABAAEAAAICTAEAOw==\" style=\"--smush-placeholder-width: 1024px; --smush-placeholder-aspect-ratio: 1024\/576;\" \/><figcaption class=\"wp-element-caption\">Ka\u015f Kamp Alanlar\u0131 &#8211; Kalkan Camping<\/figcaption><\/figure>\n\n\n\n<p>Ka\u015f&#8217;a 24 km, Kalkan&#8217;a ise sadece 4 km uzakl\u0131kta bulunan Kalkan Camping, do\u011fayla i\u00e7 i\u00e7e, huzurlu bir kamp deneyimi arayanlar i\u00e7in m\u00fckemmel bir se\u00e7enek. Ka\u015f-Kalkan yolu \u00fczerinde, Bezirgan K\u00f6y\u00fc&#8217;nde yer alan bu kamp alan\u0131, kolay ula\u015f\u0131m\u0131 ve sundu\u011fu imkanlarla keyifli bir kamp tatili vadediyor.<\/p>\n\n\n\n<p>Ye\u015fillikler i\u00e7inde, a\u011fa\u00e7lar\u0131n g\u00f6lgesinde geni\u015f bir alana yay\u0131lm\u0131\u015f olan Kalkan Camping, yaz s\u0131caklar\u0131nda bile serin ve konforlu bir kamp deneyimi sunuyor. Burada, kendi \u00e7ad\u0131r\u0131n\u0131zla konaklayabilece\u011finiz gibi, i\u015fletmenin sundu\u011fu, yast\u0131k ve yorgan dahil haz\u0131r \u00e7ad\u0131rlar\u0131 da kiralayabilirsiniz.<\/p>\n\n\n\n<p>Kalkan Camping, misafirlerinin rahatl\u0131\u011f\u0131n\u0131 ve konforunu \u00f6n planda tutarak, s\u0131cak su, wc, du\u015f, b\u00fcfe, mutfak, buzdolab\u0131, elektrik, otopark ve internet ba\u011flant\u0131s\u0131 gibi bir\u00e7ok olanak sunmaktad\u0131r. Bu imkanlarla, ihtiya\u00e7lar\u0131n\u0131z\u0131 kamp alan\u0131 i\u00e7erisinde kolayl\u0131kla kar\u015f\u0131layabilirsiniz.<\/p>\n\n\n\n<p>Ka\u015f veya Kalkan y\u00f6n\u00fcnden gelen dolmu\u015flarla Bezirgan K\u00f6y\u00fc&#8217;nde inerek tesise kolayca ula\u015fabilirsiniz. Ayr\u0131ca, \u00f6zel arac\u0131n\u0131zla da rahatl\u0131kla ula\u015f\u0131m sa\u011flayabilir ve arac\u0131n\u0131z\u0131 tesisin g\u00fcvenli otopark\u0131nda park edebilirsiniz.<\/p>\n\n\n\n<hr class=\"wp-block-separator has-css-opacity is-style-wide\"\/>\n\n\n\n<h2 class=\"wp-block-heading\">3.\u00c7eyrek Camping &amp; Bungalows<\/h2>\n\n\n\n<figure class=\"wp-block-image size-large\"><img decoding=\"async\" width=\"1024\" height=\"576\" data-src=\"https:\/\/geziyoo.co\/blog\/wp-content\/uploads\/2021\/07\/Ceyrek-Camping-Bungalows-2.jpg\" alt=\"\" class=\"wp-image-7527 lazyload\" data-srcset=\"https:\/\/geziyoo.co\/blog\/wp-content\/uploads\/2021\/07\/Ceyrek-Camping-Bungalows-2.jpg 1024w, https:\/\/geziyoo.co\/blog\/wp-content\/uploads\/2021\/07\/Ceyrek-Camping-Bungalows-2-300x169.jpg 300w, https:\/\/geziyoo.co\/blog\/wp-content\/uploads\/2021\/07\/Ceyrek-Camping-Bungalows-2-768x432.jpg 768w, https:\/\/geziyoo.co\/blog\/wp-content\/uploads\/2021\/07\/Ceyrek-Camping-Bungalows-2-390x220.jpg 390w\" data-sizes=\"(max-width: 1024px) 100vw, 1024px\" src=\"data:image\/gif;base64,R0lGODlhAQABAAAAACH5BAEKAAEALAAAAAABAAEAAAICTAEAOw==\" style=\"--smush-placeholder-width: 1024px; --smush-placeholder-aspect-ratio: 1024\/576;\" \/><figcaption class=\"wp-element-caption\">\u00c7eyrek Camping &amp; Bungalows<\/figcaption><\/figure>\n\n\n\n<p>\u00c7eyrek Camping &amp; Bungalows, Antalya&#8217;n\u0131n Ka\u015f il\u00e7esinde, do\u011fa tutkunlar\u0131 i\u00e7in cazip bir destinasyon olarak \u00f6ne \u00e7\u0131k\u0131yor. Bu tesis, \u00e7ad\u0131r kamp\u0131 yapmak isteyenler i\u00e7in m\u00fckemmel bir se\u00e7enek sunuyor; ancak karavan kamp\u0131 i\u00e7in uygun bir alan\u0131 bulunmuyor.<\/p>\n\n\n\n<p>Huzur ve sakinli\u011fi arayanlar\u0131n tercihi olan \u00c7eyrek Camping &amp; Bungalows, Patara Plaj\u0131&#8217;na yaln\u0131zca 30 dakikal\u0131k y\u00fcr\u00fcme mesafesinde yer al\u0131yor. Misafirler, geni\u015f \u00e7ad\u0131r alanlar\u0131nda kendi \u00e7ad\u0131rlar\u0131yla veya konforlu bungalovlarda konaklama imkan\u0131 buluyorlar.<\/p>\n\n\n\n<p>Bungalov evler, tek ki\u015filik veya \u00e7ift ki\u015filik yatak se\u00e7enekleriyle, klima, wc ve du\u015f gibi temel olanaklar\u0131 sunuyor. Tesis, 24 saat a\u00e7\u0131k resepsiyon hizmetiyle misafirlerinin her t\u00fcrl\u00fc ihtiyac\u0131na h\u0131zl\u0131 ve etkili bir \u015fekilde yan\u0131t veriyor.<\/p>\n\n\n\n<p>Tesis b\u00fcnyesindeki restoranda, g\u00fcn\u00fcn her \u00f6\u011f\u00fcn\u00fc i\u00e7in lezzetli yemek se\u00e7enekleri sunuluyor. Do\u011fan\u0131n keyfini \u00e7\u0131kar\u0131rken, ayn\u0131 zamanda damak zevkinize uygun yemeklerle kendinizi \u015f\u0131martabilirsiniz. \u00c7eyrek Bungalows&#8217;ta konaklaman\u0131n ba\u015flang\u0131\u00e7 saati 14:00 iken, \u00e7\u0131k\u0131\u015f saati ise en ge\u00e7 12:00&#8217;dir. Ayr\u0131ca, evcil hayvan dostu bir i\u015fletme olarak, sevimli dostlar\u0131n\u0131zla birlikte vakit ge\u00e7irebilirsiniz.<\/p>\n\n\n\n<hr class=\"wp-block-separator has-css-opacity is-style-wide\"\/>\n\n\n\n\n\t\t<div class=\"lightbulb tie-list-shortcode\">\n<ul>\n<li><strong>\u00c7eyrek Camping &amp; Bungalows Adres<\/strong> :<span style=\"color: #000000;\"><a style=\"color: #000000;\">Gelemi\u015f Mahallesi, Patara, 07976 Ka\u015f\/Antalya<\/a><\/span><\/li>\n<li><strong>\u00c7eyrek Camping &amp; Bungalows Telefon<\/strong> : 0542 258 02 40<\/li>\n<li><strong>\u00c7eyrek Camping &amp; Bungalows Detayl\u0131 Bilgi Fiyatlar:<\/strong>Detayl\u0131 bilgiler i\u00e7in <a href=\"https:\/\/geziyoo.co\/listing\/ceyrek-camping-bungalows\/\"><strong data-rich-text-format-boundary=\"true\">\u00c7eyrek Camping<\/strong><\/a><strong>&nbsp;<\/strong>sayfam\u0131za bak\u0131n\u0131z.<\/li>\n<li><strong>\u00c7eyrek Camping &amp; Bungalows Konum:<\/strong>Yol Tarifi i\u00e7in <em><strong><a href=\"https:\/\/www.google.com\/maps?daddr=36.27755187637235,29.3208461277818\">Konum<\/a>&nbsp;<\/strong><\/em>ba\u011flant\u0131s\u0131na t\u0131klay\u0131n<\/li>\n<\/ul>\n\n\t\t<\/div>\n\t\n\n\n\n<hr class=\"wp-block-separator has-css-opacity is-style-wide\"\/>\n\n\n\n<h2 class=\"wp-block-heading\">4.Kalkan Camping<\/h2>\n\n\n\n<figure class=\"wp-block-image size-large\"><img decoding=\"async\" width=\"1024\" height=\"576\" data-src=\"https:\/\/geziyoo.co\/blog\/wp-content\/uploads\/2021\/08\/Antalya-Kamp-Alanlari-Kalkan.jpg\" alt=\"\" class=\"wp-image-7579 lazyload\" data-srcset=\"https:\/\/geziyoo.co\/blog\/wp-content\/uploads\/2021\/08\/Antalya-Kamp-Alanlari-Kalkan.jpg 1024w, https:\/\/geziyoo.co\/blog\/wp-content\/uploads\/2021\/08\/Antalya-Kamp-Alanlari-Kalkan-300x169.jpg 300w, https:\/\/geziyoo.co\/blog\/wp-content\/uploads\/2021\/08\/Antalya-Kamp-Alanlari-Kalkan-768x432.jpg 768w, https:\/\/geziyoo.co\/blog\/wp-content\/uploads\/2021\/08\/Antalya-Kamp-Alanlari-Kalkan-390x220.jpg 390w\" data-sizes=\"(max-width: 1024px) 100vw, 1024px\" src=\"data:image\/gif;base64,R0lGODlhAQABAAAAACH5BAEKAAEALAAAAAABAAEAAAICTAEAOw==\" style=\"--smush-placeholder-width: 1024px; --smush-placeholder-aspect-ratio: 1024\/576;\" \/><figcaption class=\"wp-element-caption\">Antalya Kamp Alanlar\u0131 &#8211; Kalkan Kamp Alan\u0131<\/figcaption><\/figure>\n\n\n\n<p>Antalya&#8217;n\u0131n Kalkan il\u00e7esinde yer alan Kalkan Camping, tertemiz havas\u0131 ve yemye\u015fil do\u011fas\u0131yla kamp severleri cezbeden bir i\u015fletmedir. Ka\u015f&#8217;a 24 kilometre, Kalkan&#8217;a ise sadece 4 kilometre uzakl\u0131kta bulunan tesise, Ka\u015f-Kalkan dolmu\u015flar\u0131n\u0131 kullanarak veya \u00f6zel ara\u00e7la kolayca ula\u015fabilirsiniz.<\/p>\n\n\n\n<p>Kalkan Camping&#8217;te misafirlerin kendini konforlu hissedebilmesi i\u00e7in \u00e7ad\u0131rla konaklama imk\u00e2n\u0131 sunuluyor. Tesise kendi \u00e7ad\u0131r\u0131n\u0131zla gidebilir ya da yast\u0131k ve yorgan\u0131yla birlikte tasarlanan tesisin \u00f6zel \u00e7ad\u0131rlar\u0131n\u0131 kiralayabilirsiniz.<\/p>\n\n\n\n<p>Konfor ve rahatl\u0131\u011f\u0131 \u00f6n planda tutan i\u015fletmede s\u0131cak su, wc, du\u015f, b\u00fcfe, mutfak, buzdolab\u0131, elektrik, otopark ve internet ba\u011flant\u0131s\u0131 gibi hizmetler sunuluyor. Bu sayede her t\u00fcrl\u00fc ihtiyac\u0131n\u0131z\u0131 kamp alan\u0131 s\u0131n\u0131rlar\u0131 i\u00e7erisinde kar\u015f\u0131layabiliyorsunuz.<\/p>\n\n\n\n<p>Tesiste konaklarken tad\u0131 dama\u011f\u0131n\u0131zda kalacak g\u00f6zlemeleri deneyebilirsiniz. \u00dcstelik g\u00f6zlemenin yan\u0131nda sunulan \u00e7aylar da \u00fccretsiz. B\u00f6ylece tesiste diledi\u011finiz kadar keyif yapabilirsiniz.<\/p>\n\n\n\n<p>Geni\u015f hizmetler ve konforlu konaklama hizmeti sunan tesiste \u00fccretler de olduk\u00e7a makul. Dolay\u0131s\u0131yla hem cebiniz hem de ruhunuzu rahat ettirebilecek bir tatil olaca\u011f\u0131n\u0131 s\u00f6yleyebiliriz.<\/p>\n\n\n\n<hr class=\"wp-block-separator has-css-opacity is-style-wide\"\/>\n\n\n\n\n\t\t<div class=\"lightbulb tie-list-shortcode\">\n<ul>\n<li><strong>Kalkan Kamp Alan\u0131 Adres<\/strong> :Kalkan, Antalya Fethiye Yolu, 07580 Ka\u015f\/Antalya<\/li>\n<li><strong>Kalkan Kamp Alan\u0131 Telefon<\/strong> : &#8212;&nbsp;<\/li>\n<li><strong>Kalkan Kamp Alan\u0131 Detayl\u0131 Bilgi Fiyatlar:<\/strong>Detayl\u0131 bilgiler i\u00e7in <strong>Kalkan Kamp Alan\u0131 <\/strong><strong>&nbsp;<\/strong>sayfam\u0131za bak\u0131n\u0131z.<\/li>\n<li><strong>Kalkan Kamp Alan\u0131 Konum:<\/strong>Yol Tarifi i\u00e7in <a href=\"https:\/\/www.google.com.tr\/maps\/dir\/\/Kalkan,+Kalkan+Camping,+Antalya+Fethiye+Yolu,+07580+Ka%C5%9F%2FAntalya\/@36.2414705,29.4279314,15z\/data=!4m9!4m8!1m0!1m5!1m1!1s0x14c1d348267e0b77:0x3530ce79fabfdb67!2m2!1d29.4279314!2d36.2414705!3e0\"><em><strong>Konum <\/strong><\/em><\/a>ba\u011flant\u0131s\u0131na t\u0131klay\u0131n<\/li>\n<\/ul>\n\n\t\t<\/div>\n\t\n\n\n\n<hr class=\"wp-block-separator has-css-opacity is-style-wide\"\/>\n\n\n\n<h2 class=\"wp-block-heading\">5.Medusa Camping<\/h2>\n\n\n\n<figure class=\"wp-block-image size-large\"><img decoding=\"async\" width=\"1024\" height=\"683\" data-src=\"https:\/\/geziyoo.co\/blog\/wp-content\/uploads\/2021\/08\/Medusa-Camping.jpeg\" alt=\"\" class=\"wp-image-7593 lazyload\" data-srcset=\"https:\/\/geziyoo.co\/blog\/wp-content\/uploads\/2021\/08\/Medusa-Camping.jpeg 1024w, https:\/\/geziyoo.co\/blog\/wp-content\/uploads\/2021\/08\/Medusa-Camping-300x200.jpeg 300w, https:\/\/geziyoo.co\/blog\/wp-content\/uploads\/2021\/08\/Medusa-Camping-768x512.jpeg 768w\" data-sizes=\"(max-width: 1024px) 100vw, 1024px\" src=\"data:image\/gif;base64,R0lGODlhAQABAAAAACH5BAEKAAEALAAAAAABAAEAAAICTAEAOw==\" style=\"--smush-placeholder-width: 1024px; --smush-placeholder-aspect-ratio: 1024\/683;\" \/><figcaption class=\"wp-element-caption\">Ka\u015f Kamp Alanlar\u0131 Medusa Camping<\/figcaption><\/figure>\n\n\n\n<p>Antalya&#8217;n\u0131n Ka\u015f il\u00e7esinde bulunan Medusa Camping, 1989 y\u0131l\u0131ndan beri Patara b\u00f6lgesinde huzur ve konfor arayan misafirlere hizmet veren bir kamp i\u015fletmesidir. Otantik ve samimi bir atmosfere sahip olan Medusa Camping, do\u011fayla i\u00e7 i\u00e7e bir tatil ge\u00e7irmek isteyenler i\u00e7in ideal bir yerdir.<\/p>\n\n\n\n<p>Medusa Camping&#8217;e Dalaman Havaliman\u0131&#8217;ndan 110 kilometre, Fethiye-Ka\u015f karayolu \u00fczerinden ise kolayca ula\u015fabilirsiniz. \u00d6zel ara\u00e7 ile de ula\u015f\u0131m m\u00fcmk\u00fcnd\u00fcr.<\/p>\n\n\n\n<p>Yakla\u015f\u0131k 1000 metrekarelik kamp alan\u0131nda \u00e7ad\u0131rda veya bungalov evlerde konaklayabilirsiniz. Her iki konaklama se\u00e7ene\u011finde de du\u015f, s\u0131cak su, tuvalet, elektrik, internet ve mutfak gibi t\u00fcm imkanlar sunulmaktad\u0131r.<\/p>\n\n\n\n<p>Medusa Camping&#8217;in sundu\u011fu huzurlu ve konforlu ortam, otantik ve samimi atmosfer, do\u011fayla i\u00e7 i\u00e7e konum, denize yak\u0131nl\u0131k ve gerekli t\u00fcm imkanlar\u0131n sunulmas\u0131 ile unutulmaz bir tatil deneyimi ya\u015fayabilirsiniz.<\/p>\n\n\n\n<hr class=\"wp-block-separator has-css-opacity is-style-wide\"\/>\n\n\n\n\t\t<div class=\"lightbulb tie-list-shortcode\">\n<ul>\n<li><strong>Medusa Camping Adres<\/strong>\u00a0:Gelemi\u015f, 07976 Ka\u015f\/Antalya<\/li>\n<li><strong>Medusa Camping Telefon<\/strong>\u00a0: +905443738466<\/li>\n<li><strong>Medusa Camping Detayl\u0131 Bilgi Fiyatlar:<\/strong>\u00c7ad\u0131r konaklama \u00fccreti 5 Euro.<\/li>\n<li><strong>Medusa Camping Konum:<\/strong>Yol Tarifi i\u00e7in\u00a0<a href=\"https:\/\/www.google.com\/maps\/place\/Medusa+Bar+%26+Patara+Camping\/@36.275015,29.3161445,17z\/data=!3m1!4b1!4m8!3m7!1s0x14c1da57fd3c7bd7:0x146ff15dcad0b3d7!5m2!4m1!1i2!8m2!3d36.275015!4d29.3183332\" target=\"_blank\" rel=\"noopener\"><em><strong>Konum\u00a0<\/strong><\/em><\/a>ba\u011flant\u0131s\u0131na t\u0131klay\u0131n<\/li>\n<\/ul>\n\n\t\t<\/div>\n\t\n\n\n<hr class=\"wp-block-separator has-alpha-channel-opacity is-style-wide\"\/>\n\n\n\n<h2 class=\"wp-block-heading\">6.Bezirg\u00e2n K\u00f6y\u00fc Kamp Alan\u0131<\/h2>\n\n\n\n<figure class=\"wp-block-image size-full\"><img decoding=\"async\" width=\"800\" height=\"719\" data-src=\"https:\/\/geziyoo.co\/blog\/wp-content\/uploads\/2024\/03\/Bezirgan-Koyu-Kamp-Alani-3.jpg\" alt=\"\" class=\"wp-image-16855 lazyload\" data-srcset=\"https:\/\/geziyoo.co\/blog\/wp-content\/uploads\/2024\/03\/Bezirgan-Koyu-Kamp-Alani-3.jpg 800w, https:\/\/geziyoo.co\/blog\/wp-content\/uploads\/2024\/03\/Bezirgan-Koyu-Kamp-Alani-3-300x270.jpg 300w, https:\/\/geziyoo.co\/blog\/wp-content\/uploads\/2024\/03\/Bezirgan-Koyu-Kamp-Alani-3-768x690.jpg 768w, https:\/\/geziyoo.co\/blog\/wp-content\/uploads\/2024\/03\/Bezirgan-Koyu-Kamp-Alani-3-150x135.jpg 150w\" data-sizes=\"(max-width: 800px) 100vw, 800px\" src=\"data:image\/gif;base64,R0lGODlhAQABAAAAACH5BAEKAAEALAAAAAABAAEAAAICTAEAOw==\" style=\"--smush-placeholder-width: 800px; --smush-placeholder-aspect-ratio: 800\/719;\" \/><\/figure>\n\n\n\n<p>Bezirg\u00e2n K\u00f6y\u00fc, Kalkan&#8217;a sadece 14 km uzakl\u0131kta, do\u011fan\u0131n sundu\u011fu yemye\u015fil manzaralar\u0131, huzurlu da\u011fl\u0131k tepeleri ve \u00e7ad\u0131r kurmaya elveri\u015fli geni\u015f d\u00fcz alanlar\u0131 ile ziyaret\u00e7ilerini bekleyen sakl\u0131 bir cennettir. Bu k\u00f6y, do\u011fa tutkunlar\u0131 i\u00e7in m\u00fckemmel bir ka\u00e7\u0131\u015f noktas\u0131 sunar, \u00fcstelik \u00e7evresindeki alanlarda \u00e7ad\u0131r\u0131n\u0131z\u0131 \u00fccretsiz olarak kurabilece\u011finiz \u00e7ok say\u0131da yer bulabilirsiniz. K\u00f6y\u00fcn y\u00fcksek konumu sayesinde taze ve temiz havan\u0131n tad\u0131n\u0131 \u00e7\u0131karabilir, \u00e7evreyi saran \u00e7am ormanlar\u0131yla kapl\u0131 da\u011fl\u0131k alanlarda keyifli y\u00fcr\u00fcy\u00fc\u015fler yapabilirsiniz.<\/p>\n\n\n\n<p>K\u00f6y sakinleriyle sohbet edebilece\u011finiz yerel kahvehaneler, ger\u00e7ek k\u00f6y hayat\u0131n\u0131 deneyimleme f\u0131rsat\u0131 sunar. Burada \u00e7ay\u0131n\u0131z\u0131 yudumlay\u0131p, yerel halk\u0131n s\u0131cakl\u0131\u011f\u0131n\u0131 hissedebilirsiniz.<\/p>\n\n\n\n<p>K\u00f6y merkezindeki bakkal, lokanta ve cami, g\u00fcnl\u00fck temel ihtiya\u00e7lar\u0131n\u0131z\u0131 kar\u015f\u0131layacak imkanlara sahiptir. Bu noktalarda WC ve elektrik gibi temel kamp ihtiya\u00e7lar\u0131n\u0131z\u0131n yan\u0131 s\u0131ra, yiyecek ve i\u00e7ecek ihtiya\u00e7lar\u0131n\u0131z\u0131 da rahatl\u0131kla gidermeniz m\u00fcmk\u00fcnd\u00fcr. K\u00f6ye ula\u015f\u0131m kolayl\u0131\u011f\u0131 da dikkat \u00e7ekicidir; Kalkan otogar\u0131ndan d\u00fczenli dolmu\u015f seferleriyle veya Sar\u0131belen K\u00f6y\u00fc \u00fczerinden \u00f6zel arac\u0131n\u0131zla Bezirg\u00e2n K\u00f6y\u00fc&#8217;ne rahat\u00e7a ula\u015fabilirsiniz.<\/p>\n\n\n\n<p>Kamp yaparken ihtiya\u00e7 duyabilece\u011finiz temel olanaklar, k\u00f6y i\u00e7erisindeki lokanta ve cami gibi noktalardan sa\u011flanabilir. Ayr\u0131ca, k\u00f6ydeki bakkal ve lokantalarda lezzetli yerel yiyeceklerin ve i\u00e7eceklerin tad\u0131n\u0131 \u00e7\u0131karabilirsiniz. Bezirg\u00e2n K\u00f6y\u00fc, do\u011fayla i\u00e7 i\u00e7e, sakin bir tatil ge\u00e7irmek isteyenler i\u00e7in ideal bir destinasyondur.<\/p>\n\n\n\n<hr class=\"wp-block-separator has-alpha-channel-opacity is-style-wide\"\/>\n\n\n\n<ul class=\"wp-block-list\">\n<li><strong>Bezirg\u00e2n K\u00f6y\u00fc Adres<\/strong>&nbsp;:Bezirgan 07960 Ka\u015f\/Antalya<\/li>\n\n\n\n<li><strong>Bezirg\u00e2n K\u00f6y\u00fc Detayl\u0131 Bilgi Fiyatlar:<\/strong>Detayl\u0131 bilgiler i\u00e7in&nbsp;<strong><em><a href=\"https:\/\/geziyoo.co\/listing\/bezirgan-koyu-kamp-alani\/\">Bezirgan K\u00f6y\u00fc<\/a><\/em><\/strong> sayfam\u0131za bak\u0131n\u0131z.<\/li>\n\n\n\n<li><strong>Bezirg\u00e2n K\u00f6y\u00fc Konum:<\/strong>Yol Tarifi i\u00e7in&nbsp;<em><strong><a href=\"https:\/\/www.google.com\/maps?daddr=36.28350142047501,29.452271586448393\">Konum<\/a>&nbsp;<\/strong><\/em>ba\u011flant\u0131s\u0131na t\u0131klay\u0131n<\/li>\n<\/ul>\n\n\n\n<hr class=\"wp-block-separator has-alpha-channel-opacity is-style-wide\"\/>\n\n\n\n<h2 class=\"wp-block-heading\">7.Kaputa\u015f Plaj\u0131 Kamp Alan<\/h2>\n\n\n\n<figure class=\"wp-block-image size-full\"><img decoding=\"async\" width=\"800\" height=\"451\" data-src=\"https:\/\/geziyoo.co\/blog\/wp-content\/uploads\/2024\/03\/Kaputas-Plaji-Kamp-Alani-5-1.jpg\" alt=\"\" class=\"wp-image-16864 lazyload\" data-srcset=\"https:\/\/geziyoo.co\/blog\/wp-content\/uploads\/2024\/03\/Kaputas-Plaji-Kamp-Alani-5-1.jpg 800w, https:\/\/geziyoo.co\/blog\/wp-content\/uploads\/2024\/03\/Kaputas-Plaji-Kamp-Alani-5-1-300x169.jpg 300w, https:\/\/geziyoo.co\/blog\/wp-content\/uploads\/2024\/03\/Kaputas-Plaji-Kamp-Alani-5-1-768x433.jpg 768w, https:\/\/geziyoo.co\/blog\/wp-content\/uploads\/2024\/03\/Kaputas-Plaji-Kamp-Alani-5-1-390x220.jpg 390w, https:\/\/geziyoo.co\/blog\/wp-content\/uploads\/2024\/03\/Kaputas-Plaji-Kamp-Alani-5-1-150x85.jpg 150w\" data-sizes=\"(max-width: 800px) 100vw, 800px\" src=\"data:image\/gif;base64,R0lGODlhAQABAAAAACH5BAEKAAEALAAAAAABAAEAAAICTAEAOw==\" style=\"--smush-placeholder-width: 800px; --smush-placeholder-aspect-ratio: 800\/451;\" \/><\/figure>\n\n\n\n<p>Ka\u015f ve Kalkan&#8217;\u0131n aras\u0131nda yer alan Kaputa\u015f Plaj\u0131, turkuaz renkli sular\u0131 ve sonsuz mavili\u011fi ile adeta bir do\u011fa harikas\u0131. Kalkan&#8217;a 7 km, Ka\u015f&#8217;a ise 20 km uzakl\u0131kta bulunan bu e\u015fsiz g\u00fczellik, yaz aylar\u0131nda deniz, kum ve g\u00fcne\u015fin tad\u0131n\u0131 \u00e7\u0131karmak isteyenler i\u00e7in vazge\u00e7ilmez bir durak.<\/p>\n\n\n\n<p>Plajda \u015femsiye ve \u015fezlong kiralama hizmeti veren bir i\u015fletme mevcut. Ayr\u0131ca WC ve du\u015f gibi temel ihtiya\u00e7lar i\u00e7in de olanaklar sa\u011flan\u0131yor.<\/p>\n\n\n\n<p>Kaputa\u015f Plaj\u0131&#8217;nda \u00e7ad\u0131r kamp\u0131 i\u00e7in \u00f6zel bir alan ayr\u0131lm\u0131\u015f olmasa da, \u00e7ad\u0131r kurulumuna izin veriliyor. G\u00fcn\u00fcn sonunda, i\u015fletmenin kapand\u0131\u011f\u0131 19.30&#8217;a kadar t\u00fcm haz\u0131rl\u0131klar\u0131n\u0131z\u0131 yaparak kendinize ait bir alanda konaklama imkan\u0131 bulabilirsiniz.<\/p>\n\n\n\n<p>Plaj\u0131n kum ve \u00e7ak\u0131l kar\u0131\u015f\u0131m\u0131 yap\u0131s\u0131 ve ilk ad\u0131mdan itibaren derinle\u015fen suyu, denizde y\u00fczme konusunda dikkatli olman\u0131z gerekti\u011fini g\u00f6steriyor. Y\u00fczme bilginize g\u00fcvenmiyorsan\u0131z, g\u00fcvenlik \u015feridinin \u00f6tesine ge\u00e7memeniz \u00f6nerilir.<\/p>\n\n\n\n<p>Toplu ta\u015f\u0131ma ile Kaputa\u015f Plaj\u0131&#8217;na ula\u015fmak i\u00e7in Ka\u015f-Kalkan aras\u0131nda \u00e7al\u0131\u015fan minib\u00fcsleri kullanabilirsiniz. Yaz d\u00f6neminde bu g\u00fczergahta s\u0131k seferler d\u00fczenleniyor. \u00d6zel arac\u0131n\u0131zla gelecekseniz, Ka\u015f-Kalkan yolunu takip ederek plaj\u0131 g\u00f6steren tabelalar\u0131 izleyebilirsiniz. Ancak, plaj\u0131n otopark alan\u0131n\u0131n s\u0131n\u0131rl\u0131 kapasitesi nedeniyle, erken saatlerde gelmeniz yarar\u0131n\u0131za olacakt\u0131r.<\/p>\n\n\n\n<p><strong>Kaputa\u015f Plaj\u0131&#8217;nda Sizi Neler Bekliyor:<\/strong><\/p>\n\n\n\n<ul class=\"wp-block-list\">\n<li>Turkuaz renkli deniz<\/li>\n\n\n\n<li>Sonsuz mavilik<\/li>\n\n\n\n<li>Kum ve \u00e7ak\u0131l kar\u0131\u015f\u0131m\u0131 plaj<\/li>\n\n\n\n<li>\u015eemsiye ve \u015fezlong kiralama hizmeti<\/li>\n\n\n\n<li>WC ve du\u015f<\/li>\n\n\n\n<li>\u00c7ad\u0131r kamp\u0131 imkan\u0131<\/li>\n\n\n\n<li>Huzurlu bir atmosfer<\/li>\n<\/ul>\n\n\n\n<p><strong>Uyar\u0131lar:<\/strong><\/p>\n\n\n\n<ul class=\"wp-block-list\">\n<li>Yaz aylar\u0131nda park yeri bulmak zor olabilir. Erken gitmeniz tavsiye edilir.<\/li>\n\n\n\n<li>D\u00f6nem d\u00f6nem plajda \u00e7ad\u0131r kamp\u0131 i\u00e7in izin verilmeyebilir. Plaj\u0131n \u00fcst k\u0131sm\u0131nda g\u00fcvenli bir yer bularak \u00e7ad\u0131r\u0131n\u0131z\u0131 kurabilirsiniz. U\u00e7urum oldu\u011fundan dikkatli olunmas\u0131 \u00f6nerilir.<\/li>\n<\/ul>\n\n\n\n<hr class=\"wp-block-separator has-alpha-channel-opacity is-style-wide\"\/>\n\n\n\n<ul class=\"wp-block-list\">\n<li><strong>Kaputa\u015f Plaj\u0131 Adres<\/strong>&nbsp;:Kalkan, Antalya Fethiye Yolu, 07580 Ka\u015f\/Antalya<\/li>\n\n\n\n<li><strong>Kaputa\u015f Plaj\u0131 Detayl\u0131 Bilgi Fiyatlar:<\/strong>Detayl\u0131 bilgiler i\u00e7in&nbsp;<strong><em><a href=\"https:\/\/geziyoo.co\/listing\/kaputas-plaji-kamp-alani\/\">Kaputa\u015f Plaj\u0131<\/a><\/em><\/strong> sayfam\u0131za bak\u0131n\u0131z.<\/li>\n\n\n\n<li><strong>Kaputa\u015f Plaj\u0131 Konum:<\/strong>Yol Tarifi i\u00e7in&nbsp;<em><strong><a href=\"https:\/\/www.google.com\/maps?daddr=36.22896626950791,29.448965818463716\">Konum<\/a>&nbsp;<\/strong><\/em>ba\u011flant\u0131s\u0131na t\u0131klay\u0131n<\/li>\n<\/ul>\n\n\n\n<hr class=\"wp-block-separator has-alpha-channel-opacity is-style-wide\"\/>\n\n\n\n<h2 class=\"wp-block-heading\">8.Kalkan Halk Plaj\u0131 Kamp Alan\u0131<\/h2>\n\n\n\n<figure class=\"wp-block-image size-full\"><img decoding=\"async\" width=\"800\" height=\"600\" data-src=\"https:\/\/geziyoo.co\/blog\/wp-content\/uploads\/2024\/03\/Kalkan-Halk-Plaji-Kamp-Alani-6.jpg\" alt=\"\" class=\"wp-image-16865 lazyload\" data-srcset=\"https:\/\/geziyoo.co\/blog\/wp-content\/uploads\/2024\/03\/Kalkan-Halk-Plaji-Kamp-Alani-6.jpg 800w, https:\/\/geziyoo.co\/blog\/wp-content\/uploads\/2024\/03\/Kalkan-Halk-Plaji-Kamp-Alani-6-300x225.jpg 300w, https:\/\/geziyoo.co\/blog\/wp-content\/uploads\/2024\/03\/Kalkan-Halk-Plaji-Kamp-Alani-6-768x576.jpg 768w, https:\/\/geziyoo.co\/blog\/wp-content\/uploads\/2024\/03\/Kalkan-Halk-Plaji-Kamp-Alani-6-150x113.jpg 150w\" data-sizes=\"(max-width: 800px) 100vw, 800px\" src=\"data:image\/gif;base64,R0lGODlhAQABAAAAACH5BAEKAAEALAAAAAABAAEAAAICTAEAOw==\" style=\"--smush-placeholder-width: 800px; --smush-placeholder-aspect-ratio: 800\/600;\" \/><\/figure>\n\n\n\n<p>Kalkan&#8217;\u0131n merkezine sadece birka\u00e7 dakika uzakl\u0131kta bulunan Kalkan Halk Plaj\u0131, \u00fccretsiz giri\u015fi, berrak denizi ve k\u00fc\u00e7\u00fck \u00e7ak\u0131ll\u0131 plaj\u0131 ile yaz aylar\u0131nda deniz ve g\u00fcne\u015f keyfi yapmak isteyenler i\u00e7in ideal bir destinasyon.<\/p>\n\n\n\n<p>Plajda \u015femsiye ve \u015fezlong kiralama hizmeti mevcut, dilerseniz kendi \u015femsiyenizi ve havlunuzu da getirebilirsiniz. A\u00e7l\u0131k ve susuzluk hissetti\u011finizde yararlanabilece\u011finiz bir b\u00fcfe de plajda yer al\u0131yor.<\/p>\n\n\n\n<p>Her ne kadar plajda \u00f6zel bir kamp alan\u0131 olmasa da, plaj\u0131n sol taraf\u0131ndaki kayal\u0131k alanda \u00e7ad\u0131r kurmak m\u00fcmk\u00fcn. Bu alan plaja olduk\u00e7a yak\u0131n ve g\u00fcvenli bir konaklama imkan\u0131 sunuyor.<\/p>\n\n\n\n<p>Kalkan merkezde halk plaj\u0131n\u0131 g\u00f6steren tabelalar bulunur ve yaz\u0131n s\u0131ca\u011f\u0131nda y\u00fcr\u00fcmek istemeyenler i\u00e7in plaj\u0131n yak\u0131n\u0131ndan ge\u00e7en dolmu\u015flar mevcut. Kalkan&#8217;a \u00e7evre \u015fehirlerden d\u00fczenli otob\u00fcs seferleri de bulunmaktad\u0131r. \u00d6zel arac\u0131n\u0131zla gelmeyi tercih ederseniz, Mu\u011fla ve Antalya y\u00f6n\u00fcnden kolayca ula\u015fabilece\u011finiz asfalt yolu kullanabilirsiniz. Plaj \u00e7evresinde ara\u00e7 park edebilece\u011finiz alanlar da mevcut.<\/p>\n\n\n\n<p><strong>Kalkan Halk Plaj\u0131&#8217;nda Sizi Neler Bekliyor:<\/strong><\/p>\n\n\n\n<ul class=\"wp-block-list\">\n<li>\u00dccretsiz giri\u015f<\/li>\n\n\n\n<li>Berrak deniz<\/li>\n\n\n\n<li>K\u00fc\u00e7\u00fck \u00e7ak\u0131ll\u0131 plaj<\/li>\n\n\n\n<li>\u015eemsiye ve \u015fezlong kiralama hizmeti<\/li>\n\n\n\n<li>B\u00fcfe<\/li>\n\n\n\n<li>WC ve du\u015f<\/li>\n\n\n\n<li>Geni\u015f otopark<\/li>\n\n\n\n<li>Kayal\u0131k alanda kamp imkan\u0131<\/li>\n\n\n\n<li>Kalkan merkezine yak\u0131nl\u0131k<\/li>\n<\/ul>\n\n\n\n<p><strong>Olanaklar:<\/strong><\/p>\n\n\n\n<ul class=\"wp-block-list\">\n<li>WC<\/li>\n\n\n\n<li>Du\u015f<\/li>\n\n\n\n<li>\u015eemsiye ve \u015fezlong kiralama<\/li>\n\n\n\n<li>B\u00fcfe<\/li>\n\n\n\n<li>Otopark<\/li>\n\n\n\n<li>Kamp \u00dccreti: \u00dccretsiz<\/li>\n\n\n\n<li>Plaj Zemin: K\u00fc\u00e7\u00fck \u00e7ak\u0131l ta\u015flar\u0131<\/li>\n\n\n\n<li>Deniz Derinli\u011fi: Yava\u015f derinle\u015fen<\/li>\n\n\n\n<li>Ula\u015f\u0131m: Kalkan merkezden y\u00fcr\u00fcy\u00fc\u015f, dolmu\u015f, \u00f6zel ara\u00e7<\/li>\n\n\n\n<li>Plaj Giri\u015f \u00dccreti: \u00dccretsiz<\/li>\n\n\n\n<li>\u00d6zel Kamp Alan\u0131: Yok<\/li>\n\n\n\n<li>\u00c7ad\u0131r Kurulumuna \u0130zin: Var (plaj\u0131n sol taraf\u0131ndaki kayal\u0131k alanda)<\/li>\n\n\n\n<li>Elektrik: Yok<\/li>\n\n\n\n<li>Su: Var (WC ve du\u015flarda)<\/li>\n\n\n\n<li>Ate\u015f Yakma: \u0130zin verilmiyor<\/li>\n\n\n\n<li>Market: Yak\u0131nda var<\/li>\n\n\n\n<li>Restoran: Yak\u0131nda var<\/li>\n<\/ul>\n\n\n\n<hr class=\"wp-block-separator has-alpha-channel-opacity is-style-wide\"\/>\n\n\n\n<ul class=\"wp-block-list\">\n<li><strong>Kalkan Halk Plaj\u0131<\/strong> <strong>Adres<\/strong>&nbsp;:Kalkan, 07580 Kalkan \/ Ka\u015f\/Ka\u015f\/Antalya<\/li>\n\n\n\n<li><strong>Kalkan Halk Plaj\u0131<\/strong> <strong>Detayl\u0131 Bilgi Fiyatlar:<\/strong>Detayl\u0131 bilgiler i\u00e7in&nbsp;<strong><em><a href=\"https:\/\/geziyoo.co\/listing\/kalkan-halk-plaji-kamp-alani\/\">Kalkan Halk Plaj\u0131<\/a><\/em><\/strong> sayfam\u0131za bak\u0131n\u0131z.<\/li>\n\n\n\n<li><strong>Kalkan Halk Plaj\u0131 Konum:<\/strong>Yol Tarifi i\u00e7in&nbsp;<em><strong><a href=\"https:\/\/www.google.com\/maps?daddr=36.26125708717404,29.41664506170204\">Konum<\/a>&nbsp;<\/strong><\/em>ba\u011flant\u0131s\u0131na t\u0131klay\u0131n<\/li>\n<\/ul>\n\n\n\n<hr class=\"wp-block-separator has-alpha-channel-opacity is-style-wide\"\/>\n\n\n\n<h2 class=\"wp-block-heading\">9.Firnaz Koyu Kamp Alan\u0131<\/h2>\n\n\n\n<figure class=\"wp-block-image size-full\"><img decoding=\"async\" width=\"800\" height=\"533\" data-src=\"https:\/\/geziyoo.co\/blog\/wp-content\/uploads\/2024\/03\/Firnaz-Koyu-Kamp-Alani-4-1.jpg\" alt=\"\" class=\"wp-image-16867 lazyload\" data-srcset=\"https:\/\/geziyoo.co\/blog\/wp-content\/uploads\/2024\/03\/Firnaz-Koyu-Kamp-Alani-4-1.jpg 800w, https:\/\/geziyoo.co\/blog\/wp-content\/uploads\/2024\/03\/Firnaz-Koyu-Kamp-Alani-4-1-300x200.jpg 300w, https:\/\/geziyoo.co\/blog\/wp-content\/uploads\/2024\/03\/Firnaz-Koyu-Kamp-Alani-4-1-768x512.jpg 768w, https:\/\/geziyoo.co\/blog\/wp-content\/uploads\/2024\/03\/Firnaz-Koyu-Kamp-Alani-4-1-150x100.jpg 150w\" data-sizes=\"(max-width: 800px) 100vw, 800px\" src=\"data:image\/gif;base64,R0lGODlhAQABAAAAACH5BAEKAAEALAAAAAABAAEAAAICTAEAOw==\" style=\"--smush-placeholder-width: 800px; --smush-placeholder-aspect-ratio: 800\/533;\" \/><\/figure>\n\n\n\n<p>Firnaz Koyu, Kalkan\u2019\u0131n ke\u015ffedilmeyi bekleyen do\u011fa harikalar\u0131ndan biri olarak, macera ve do\u011fa a\u015f\u0131\u011f\u0131 gezginler i\u00e7in vazge\u00e7ilmez bir ka\u00e7\u0131\u015f noktas\u0131 sunuyor. Bu e\u015fsiz koy, modern d\u00fcnyan\u0131n karma\u015fas\u0131ndan uzakta, do\u011fan\u0131n sundu\u011fu huzurlu bir mola vermek isteyenler i\u00e7in idealdir. Bu yaz\u0131da, Firnaz Koyu\u2019nun do\u011fal g\u00fczelliklerini, nas\u0131l ula\u015f\u0131laca\u011f\u0131n\u0131 ve kamp yaparken dikkat edilmesi gereken \u00f6nemli noktalar\u0131 ele alaca\u011f\u0131z.<\/p>\n\n\n\n<p>Firnaz Koyu, Akdeniz\u2019in kristal berrakl\u0131\u011f\u0131nda sular\u0131 ile \u00e7evrili, etraf\u0131 yemye\u015fil da\u011flarla sar\u0131l\u0131 bir cennettir. Koy, do\u011fan\u0131n en saf haliyle bulu\u015fman\u0131z\u0131 sa\u011flayan, huzur dolu bir atmosfere sahiptir. Bu sakl\u0131 cennet, g\u00fcn bat\u0131m\u0131n\u0131 izlemek ve sabahlar\u0131 Akdeniz\u2019in u\u00e7suz bucaks\u0131z maviliklerine uyanmak i\u00e7in m\u00fckemmel bir yerdir.<\/p>\n\n\n\n<p>Firnaz Koyu\u2019na ula\u015f\u0131m, kendi ba\u015f\u0131na bir macera olarak d\u00fc\u015f\u00fcn\u00fclebilir. Koy, herhangi bir ara\u00e7la eri\u015fimin m\u00fcmk\u00fcn olmad\u0131\u011f\u0131, do\u011fa ile i\u00e7 i\u00e7e bir yolculuk gerektiren \u00f6zel bir konumda bulunuyor. E\u011fer y\u00fcr\u00fcy\u00fc\u015f yapmay\u0131 seven bir do\u011fa sever iseniz, Delikkemer yolunu takip ederek bu muhte\u015fem koya ula\u015fabilirsiniz. Bu yolculuk, sizi do\u011fan\u0131n kalbine g\u00f6t\u00fcrecek ve unutulmaz an\u0131lar biriktirmenizi sa\u011flayacak bir y\u00fcr\u00fcy\u00fc\u015f deneyimi sunar.<\/p>\n\n\n\n<p>Firnaz Koyu\u2019nda kamp yapmak, do\u011fayla i\u00e7 i\u00e7e olmak isteyenler i\u00e7in benzersiz bir deneyimdir. Ancak koyda WC, elektrik, du\u015f ve \u00e7e\u015fme gibi temel imkanlar bulunmad\u0131\u011f\u0131 i\u00e7in iyi bir haz\u0131rl\u0131k yapmak \u00f6nemlidir. Yiyecek ve i\u00e7eceklerinizi kampa gelmeden \u00f6nce temin etmeli, do\u011fay\u0131 koruma bilinciyle hareket ederek \u00e7evreye sayg\u0131l\u0131 olmal\u0131s\u0131n\u0131z.<\/p>\n\n\n\n<hr class=\"wp-block-separator has-alpha-channel-opacity is-style-wide\"\/>\n\n\n\n<ul class=\"wp-block-list\">\n<li><strong>Firnaz Koyu Kamp Alan\u0131<\/strong> <strong>Adres<\/strong>&nbsp;:Kalkan\/Antalya<\/li>\n\n\n\n<li><strong>Firnaz Koyu Kamp Alan\u0131<\/strong> <strong>Detayl\u0131 Bilgi Fiyatlar:<\/strong>Detayl\u0131 bilgiler i\u00e7in&nbsp;<strong><em><a href=\"https:\/\/geziyoo.co\/listing\/firnaz-koyu-kamp-alani\/\">Firnaz Koyu<\/a><\/em> <\/strong> sayfam\u0131za bak\u0131n\u0131z.<\/li>\n\n\n\n<li><strong>Firnaz Koyu Kamp Alan\u0131 Konum:<\/strong>Yol Tarifi i\u00e7in&nbsp;<em><strong><a href=\"https:\/\/www.google.com\/maps?daddr=36.26206186231233,29.368149089425724\">Konum<\/a>&nbsp;<\/strong><\/em>ba\u011flant\u0131s\u0131na t\u0131klay\u0131n<\/li>\n<\/ul>\n\n\n\n<hr class=\"wp-block-separator has-alpha-channel-opacity is-style-wide\"\/>\n\n\n\n<p><strong>Kalkan Kamp Alanlar\u0131 ve Karavan Alanlar\u0131<\/strong> listemizin sonuna geldik. Listemiz s\u00fcrekli olarak g\u00fcncellenmektedir. Sizler de katk\u0131 yaparak listemizin daha da artmas\u0131na vesile olabilirsiniz.K\u0131y\u0131da k\u00f6\u015fede kalm\u0131\u015f Kamp Alanlar\u0131 \u00f6nerilerinizi bekliyoruz.<\/p>\n\n\n\n<h3 class=\"wp-block-heading\">Bunlar\u0131 da Sevebilirsiniz;<\/h3>\n\n\n<ul class=\"wp-block-latest-posts__list wp-block-latest-posts\"><li><a class=\"wp-block-latest-posts__post-title\" href=\"https:\/\/geziyoo.co\/blog\/batman-kamp-alanlari\/\">Batman ve \u00c7evresi Do\u011fa \u0130\u00e7inde 4 Kamp Noktas\u0131 (Konum ve \u0130pu\u00e7lar\u0131)<\/a><\/li>\n<li><a class=\"wp-block-latest-posts__post-title\" href=\"https:\/\/geziyoo.co\/blog\/ayder-yaylasi-kamp-alanlari-ve-karavan-alanlari\/\">Ayder Yaylas\u0131 ve \u00c7evresi 2 Kamp Noktas\u0131 (Konum ve \u0130pu\u00e7lar\u0131)<\/a><\/li>\n<li><a class=\"wp-block-latest-posts__post-title\" href=\"https:\/\/geziyoo.co\/blog\/ardesen-kamp-alanlari-ve-karavan-alanlari\/\">Arde\u015fen ve F\u0131rt\u0131na Vadisi Giri\u015fi 5 Kamp Noktas\u0131 (Konum ve \u0130pu\u00e7lar\u0131)<\/a><\/li>\n<\/ul>\n\n\n<p><\/p>\n","protected":false},"excerpt":{"rendered":"<p>Kalkan, dik yoku\u015flar\u0131 ve begonvilli beyaz evleriyle \u00fcnl\u00fc, daha \u00e7ok \u0130ngiliz turistlerin ve balay\u0131 \u00e7iftlerinin tercih etti\u011fi l\u00fcks bir beldedir. Co\u011frafi yap\u0131s\u0131 (dik yama\u00e7lar) nedeniyle Kalkan merkezde geni\u015f d\u00fczl\u00fckler ve kamp alanlar\u0131 yoktur. Kamp\u00e7\u0131lar i\u00e7in Kalkan, bir &#8220;konaklama noktas\u0131&#8221; de\u011fil, Patara ve Ka\u015f aras\u0131ndaki bir &#8220;ge\u00e7i\u015f ve ikmal&#8221; noktas\u0131d\u0131r. En yak\u0131n ve en g\u00fczel kamp &hellip;<\/p>\n","protected":false},"author":1,"featured_media":16866,"comment_status":"open","ping_status":"open","sticky":false,"template":"","format":"standard","meta":{"footnotes":""},"categories":[589,23],"tags":[],"class_list":["post-16860","post","type-post","status-publish","format-standard","has-post-thumbnail","hentry","category-kamp1","category-kamp-kamp-alanlari"],"yoast_head":"<!-- This site is optimized with the Yoast SEO plugin v26.9 - https:\/\/yoast.com\/product\/yoast-seo-wordpress\/ -->\n<title>Kalkan\u2019da En \u0130yi 9 Kamp Alan\u0131: Patara, F\u0131rnaz ve Bezirgan | Geziyoo<\/title>\n<meta name=\"description\" content=\"Antalya Kalkan \u00e7evresinde, Patara kumsal\u0131na kom\u015fu Green Park ve Medusa, serin Bezirgan Yaylas\u0131, bakir F\u0131rnaz Koyu ve Sakl\u0131kent dahil \u00fccretli ve \u00fccretsiz 9 kamp alan\u0131n\u0131 listeledik.\" \/>\n<meta name=\"robots\" content=\"index, follow, max-snippet:-1, max-image-preview:large, max-video-preview:-1\" \/>\n<link rel=\"canonical\" href=\"https:\/\/geziyoo.co\/blog\/kalkan-kamp-alanlari-ve-karavan-alanlari\/\" \/>\n<meta property=\"og:locale\" content=\"tr_TR\" \/>\n<meta property=\"og:type\" content=\"article\" \/>\n<meta property=\"og:title\" content=\"Kalkan\u2019da En \u0130yi 9 Kamp Alan\u0131: Patara, F\u0131rnaz ve Bezirgan | Geziyoo\" \/>\n<meta property=\"og:description\" content=\"Antalya Kalkan \u00e7evresinde, Patara kumsal\u0131na kom\u015fu Green Park ve Medusa, serin Bezirgan Yaylas\u0131, bakir F\u0131rnaz Koyu ve Sakl\u0131kent dahil \u00fccretli ve \u00fccretsiz 9 kamp alan\u0131n\u0131 listeledik.\" \/>\n<meta property=\"og:url\" content=\"https:\/\/geziyoo.co\/blog\/kalkan-kamp-alanlari-ve-karavan-alanlari\/\" \/>\n<meta property=\"og:site_name\" content=\"Geziyoo.co\" \/>\n<meta property=\"article:publisher\" content=\"https:\/\/www.facebook.com\/Geziyooco\" \/>\n<meta property=\"article:author\" content=\"https:\/\/www.facebook.com\/geziyoo.co\" \/>\n<meta property=\"article:published_time\" content=\"2024-03-13T05:19:14+00:00\" \/>\n<meta property=\"article:modified_time\" content=\"2026-02-03T11:52:08+00:00\" \/>\n<meta property=\"og:image\" content=\"https:\/\/geziyoo.co\/blog\/wp-content\/uploads\/2024\/03\/Firnaz-Koyu-Kamp-Alani-4.jpg\" \/>\n\t<meta property=\"og:image:width\" content=\"800\" \/>\n\t<meta property=\"og:image:height\" content=\"533\" \/>\n\t<meta property=\"og:image:type\" content=\"image\/jpeg\" \/>\n<meta name=\"author\" content=\"Geziyoo\" \/>\n<meta name=\"twitter:card\" content=\"summary_large_image\" \/>\n<meta name=\"twitter:creator\" content=\"@https:\/\/twitter.com\/geziyoo\" \/>\n<meta name=\"twitter:site\" content=\"@geziyoo\" \/>\n<meta name=\"twitter:label1\" content=\"Yazan:\" \/>\n\t<meta name=\"twitter:data1\" content=\"Geziyoo\" \/>\n\t<meta name=\"twitter:label2\" content=\"Tahmini okuma s\u00fcresi\" \/>\n\t<meta name=\"twitter:data2\" content=\"15 dakika\" \/>\n<script type=\"application\/ld+json\" class=\"yoast-schema-graph\">{\"@context\":\"https:\/\/schema.org\",\"@graph\":[{\"@type\":\"Article\",\"@id\":\"https:\/\/geziyoo.co\/blog\/kalkan-kamp-alanlari-ve-karavan-alanlari\/#article\",\"isPartOf\":{\"@id\":\"https:\/\/geziyoo.co\/blog\/kalkan-kamp-alanlari-ve-karavan-alanlari\/\"},\"author\":{\"name\":\"Geziyoo\",\"@id\":\"https:\/\/geziyoo.co\/blog\/#\/schema\/person\/032acb2436540ed14784e7d978aef0e4\"},\"headline\":\"Kalkan ve Patara \u00c7evresi \u00dccretli\/\u00dccretsiz 9 Kamp Noktas\u0131 (\u0130leti\u015fim ve Konum)\",\"datePublished\":\"2024-03-13T05:19:14+00:00\",\"dateModified\":\"2026-02-03T11:52:08+00:00\",\"mainEntityOfPage\":{\"@id\":\"https:\/\/geziyoo.co\/blog\/kalkan-kamp-alanlari-ve-karavan-alanlari\/\"},\"wordCount\":2949,\"commentCount\":0,\"publisher\":{\"@id\":\"https:\/\/geziyoo.co\/blog\/#organization\"},\"image\":{\"@id\":\"https:\/\/geziyoo.co\/blog\/kalkan-kamp-alanlari-ve-karavan-alanlari\/#primaryimage\"},\"thumbnailUrl\":\"https:\/\/geziyoo.co\/blog\/wp-content\/uploads\/2024\/03\/Firnaz-Koyu-Kamp-Alani-4.jpg\",\"articleSection\":[\"Kamp\",\"Kamp Alanlar\u0131\"],\"inLanguage\":\"tr\",\"potentialAction\":[{\"@type\":\"CommentAction\",\"name\":\"Comment\",\"target\":[\"https:\/\/geziyoo.co\/blog\/kalkan-kamp-alanlari-ve-karavan-alanlari\/#respond\"]}]},{\"@type\":\"WebPage\",\"@id\":\"https:\/\/geziyoo.co\/blog\/kalkan-kamp-alanlari-ve-karavan-alanlari\/\",\"url\":\"https:\/\/geziyoo.co\/blog\/kalkan-kamp-alanlari-ve-karavan-alanlari\/\",\"name\":\"Kalkan\u2019da En \u0130yi 9 Kamp Alan\u0131: Patara, F\u0131rnaz ve Bezirgan | Geziyoo\",\"isPartOf\":{\"@id\":\"https:\/\/geziyoo.co\/blog\/#website\"},\"primaryImageOfPage\":{\"@id\":\"https:\/\/geziyoo.co\/blog\/kalkan-kamp-alanlari-ve-karavan-alanlari\/#primaryimage\"},\"image\":{\"@id\":\"https:\/\/geziyoo.co\/blog\/kalkan-kamp-alanlari-ve-karavan-alanlari\/#primaryimage\"},\"thumbnailUrl\":\"https:\/\/geziyoo.co\/blog\/wp-content\/uploads\/2024\/03\/Firnaz-Koyu-Kamp-Alani-4.jpg\",\"datePublished\":\"2024-03-13T05:19:14+00:00\",\"dateModified\":\"2026-02-03T11:52:08+00:00\",\"description\":\"Antalya Kalkan \u00e7evresinde, Patara kumsal\u0131na kom\u015fu Green Park ve Medusa, serin Bezirgan Yaylas\u0131, bakir F\u0131rnaz Koyu ve Sakl\u0131kent dahil \u00fccretli ve \u00fccretsiz 9 kamp alan\u0131n\u0131 listeledik.\",\"breadcrumb\":{\"@id\":\"https:\/\/geziyoo.co\/blog\/kalkan-kamp-alanlari-ve-karavan-alanlari\/#breadcrumb\"},\"inLanguage\":\"tr\",\"potentialAction\":[{\"@type\":\"ReadAction\",\"target\":[\"https:\/\/geziyoo.co\/blog\/kalkan-kamp-alanlari-ve-karavan-alanlari\/\"]}]},{\"@type\":\"ImageObject\",\"inLanguage\":\"tr\",\"@id\":\"https:\/\/geziyoo.co\/blog\/kalkan-kamp-alanlari-ve-karavan-alanlari\/#primaryimage\",\"url\":\"https:\/\/geziyoo.co\/blog\/wp-content\/uploads\/2024\/03\/Firnaz-Koyu-Kamp-Alani-4.jpg\",\"contentUrl\":\"https:\/\/geziyoo.co\/blog\/wp-content\/uploads\/2024\/03\/Firnaz-Koyu-Kamp-Alani-4.jpg\",\"width\":800,\"height\":533},{\"@type\":\"BreadcrumbList\",\"@id\":\"https:\/\/geziyoo.co\/blog\/kalkan-kamp-alanlari-ve-karavan-alanlari\/#breadcrumb\",\"itemListElement\":[{\"@type\":\"ListItem\",\"position\":1,\"name\":\"Ana sayfa\",\"item\":\"https:\/\/geziyoo.co\/blog\/\"},{\"@type\":\"ListItem\",\"position\":2,\"name\":\"Kalkan ve Patara \u00c7evresi \u00dccretli\/\u00dccretsiz 9 Kamp Noktas\u0131 (\u0130leti\u015fim ve Konum)\"}]},{\"@type\":\"WebSite\",\"@id\":\"https:\/\/geziyoo.co\/blog\/#website\",\"url\":\"https:\/\/geziyoo.co\/blog\/\",\"name\":\"Geziyoo Blog\",\"description\":\"GeziYoo Blog&#039;da T\u00fcrkiye&#039;nin en iyi kamp alanlar\u0131ndan bungalov tatillerine, karavan ipu\u00e7lar\u0131ndan gezi rehberlerine kadar her t\u00fcrl\u00fc do\u011fa deneyimini ke\u015ffedin.\",\"publisher\":{\"@id\":\"https:\/\/geziyoo.co\/blog\/#organization\"},\"potentialAction\":[{\"@type\":\"SearchAction\",\"target\":{\"@type\":\"EntryPoint\",\"urlTemplate\":\"https:\/\/geziyoo.co\/blog\/?s={search_term_string}\"},\"query-input\":{\"@type\":\"PropertyValueSpecification\",\"valueRequired\":true,\"valueName\":\"search_term_string\"}}],\"inLanguage\":\"tr\"},{\"@type\":\"Organization\",\"@id\":\"https:\/\/geziyoo.co\/blog\/#organization\",\"name\":\"Geziyoo.co\",\"url\":\"https:\/\/geziyoo.co\/blog\/\",\"logo\":{\"@type\":\"ImageObject\",\"inLanguage\":\"tr\",\"@id\":\"https:\/\/geziyoo.co\/blog\/#\/schema\/logo\/image\/\",\"url\":\"https:\/\/geziyoo.co\/blog\/wp-content\/uploads\/2025\/01\/Paragraf-metniniz-3.png\",\"contentUrl\":\"https:\/\/geziyoo.co\/blog\/wp-content\/uploads\/2025\/01\/Paragraf-metniniz-3.png\",\"width\":270,\"height\":50,\"caption\":\"Geziyoo.co\"},\"image\":{\"@id\":\"https:\/\/geziyoo.co\/blog\/#\/schema\/logo\/image\/\"},\"sameAs\":[\"https:\/\/www.facebook.com\/Geziyooco\",\"https:\/\/x.com\/geziyoo\",\"https:\/\/tr.pinterest.com\/geziyooco\/\",\"https:\/\/www.youtube.com\/@geziyoo\",\"https:\/\/www.instagram.com\/geziyoo.co\/\"]},{\"@type\":\"Person\",\"@id\":\"https:\/\/geziyoo.co\/blog\/#\/schema\/person\/032acb2436540ed14784e7d978aef0e4\",\"name\":\"Geziyoo\",\"image\":{\"@type\":\"ImageObject\",\"inLanguage\":\"tr\",\"@id\":\"https:\/\/geziyoo.co\/blog\/#\/schema\/person\/image\/\",\"url\":\"https:\/\/secure.gravatar.com\/avatar\/ae212a4514471fdb8cab6e5af4f3c99b940a2d0a16713ea0392c8d7c8a64f30a?s=96&d=mm&r=g\",\"contentUrl\":\"https:\/\/secure.gravatar.com\/avatar\/ae212a4514471fdb8cab6e5af4f3c99b940a2d0a16713ea0392c8d7c8a64f30a?s=96&d=mm&r=g\",\"caption\":\"Geziyoo\"},\"description\":\"Do\u011fa ile i\u00e7 i\u00e7e olabilece\u011finiz yerler,do\u011fa aktivite alanlar\u0131,kamp alanlar\u0131,bungalov oteller,Tiny House Oteller, Galampingler ve da\u011f evlerinin herkes i\u00e7in ula\u015f\u0131labilir olmas\u0131n\u0131 sa\u011flamak amac\u0131yla Geziyoo\u2019ya 2019 y\u0131l\u0131nda ba\u015flad\u0131k.Do\u011fal Tatil konseptini uygulayan en geni\u015f kapsaml\u0131 sitedir.\",\"sameAs\":[\"https:\/\/geziyoo.co\/\",\"https:\/\/www.facebook.com\/geziyoo.co\",\"https:\/\/www.instagram.com\/geziyoo.co\/\",\"https:\/\/tr.pinterest.com\/geziyooco\/\",\"https:\/\/x.com\/https:\/\/twitter.com\/geziyoo\",\"https:\/\/www.youtube.com\/channel\/UCdiSMa6pe17KEY7DP1Ug4ag\"]}]}<\/script>\n<!-- \/ Yoast SEO plugin. -->","yoast_head_json":{"title":"Kalkan\u2019da En \u0130yi 9 Kamp Alan\u0131: Patara, F\u0131rnaz ve Bezirgan | Geziyoo","description":"Antalya Kalkan \u00e7evresinde, Patara kumsal\u0131na kom\u015fu Green Park ve Medusa, serin Bezirgan Yaylas\u0131, bakir F\u0131rnaz Koyu ve Sakl\u0131kent dahil \u00fccretli ve \u00fccretsiz 9 kamp alan\u0131n\u0131 listeledik.","robots":{"index":"index","follow":"follow","max-snippet":"max-snippet:-1","max-image-preview":"max-image-preview:large","max-video-preview":"max-video-preview:-1"},"canonical":"https:\/\/geziyoo.co\/blog\/kalkan-kamp-alanlari-ve-karavan-alanlari\/","og_locale":"tr_TR","og_type":"article","og_title":"Kalkan\u2019da En \u0130yi 9 Kamp Alan\u0131: Patara, F\u0131rnaz ve Bezirgan | Geziyoo","og_description":"Antalya Kalkan \u00e7evresinde, Patara kumsal\u0131na kom\u015fu Green Park ve Medusa, serin Bezirgan Yaylas\u0131, bakir F\u0131rnaz Koyu ve Sakl\u0131kent dahil \u00fccretli ve \u00fccretsiz 9 kamp alan\u0131n\u0131 listeledik.","og_url":"https:\/\/geziyoo.co\/blog\/kalkan-kamp-alanlari-ve-karavan-alanlari\/","og_site_name":"Geziyoo.co","article_publisher":"https:\/\/www.facebook.com\/Geziyooco","article_author":"https:\/\/www.facebook.com\/geziyoo.co","article_published_time":"2024-03-13T05:19:14+00:00","article_modified_time":"2026-02-03T11:52:08+00:00","og_image":[{"width":800,"height":533,"url":"https:\/\/geziyoo.co\/blog\/wp-content\/uploads\/2024\/03\/Firnaz-Koyu-Kamp-Alani-4.jpg","type":"image\/jpeg"}],"author":"Geziyoo","twitter_card":"summary_large_image","twitter_creator":"@https:\/\/twitter.com\/geziyoo","twitter_site":"@geziyoo","twitter_misc":{"Yazan:":"Geziyoo","Tahmini okuma s\u00fcresi":"15 dakika"},"schema":{"@context":"https:\/\/schema.org","@graph":[{"@type":"Article","@id":"https:\/\/geziyoo.co\/blog\/kalkan-kamp-alanlari-ve-karavan-alanlari\/#article","isPartOf":{"@id":"https:\/\/geziyoo.co\/blog\/kalkan-kamp-alanlari-ve-karavan-alanlari\/"},"author":{"name":"Geziyoo","@id":"https:\/\/geziyoo.co\/blog\/#\/schema\/person\/032acb2436540ed14784e7d978aef0e4"},"headline":"Kalkan ve Patara \u00c7evresi \u00dccretli\/\u00dccretsiz 9 Kamp Noktas\u0131 (\u0130leti\u015fim ve Konum)","datePublished":"2024-03-13T05:19:14+00:00","dateModified":"2026-02-03T11:52:08+00:00","mainEntityOfPage":{"@id":"https:\/\/geziyoo.co\/blog\/kalkan-kamp-alanlari-ve-karavan-alanlari\/"},"wordCount":2949,"commentCount":0,"publisher":{"@id":"https:\/\/geziyoo.co\/blog\/#organization"},"image":{"@id":"https:\/\/geziyoo.co\/blog\/kalkan-kamp-alanlari-ve-karavan-alanlari\/#primaryimage"},"thumbnailUrl":"https:\/\/geziyoo.co\/blog\/wp-content\/uploads\/2024\/03\/Firnaz-Koyu-Kamp-Alani-4.jpg","articleSection":["Kamp","Kamp Alanlar\u0131"],"inLanguage":"tr","potentialAction":[{"@type":"CommentAction","name":"Comment","target":["https:\/\/geziyoo.co\/blog\/kalkan-kamp-alanlari-ve-karavan-alanlari\/#respond"]}]},{"@type":"WebPage","@id":"https:\/\/geziyoo.co\/blog\/kalkan-kamp-alanlari-ve-karavan-alanlari\/","url":"https:\/\/geziyoo.co\/blog\/kalkan-kamp-alanlari-ve-karavan-alanlari\/","name":"Kalkan\u2019da En \u0130yi 9 Kamp Alan\u0131: Patara, F\u0131rnaz ve Bezirgan | Geziyoo","isPartOf":{"@id":"https:\/\/geziyoo.co\/blog\/#website"},"primaryImageOfPage":{"@id":"https:\/\/geziyoo.co\/blog\/kalkan-kamp-alanlari-ve-karavan-alanlari\/#primaryimage"},"image":{"@id":"https:\/\/geziyoo.co\/blog\/kalkan-kamp-alanlari-ve-karavan-alanlari\/#primaryimage"},"thumbnailUrl":"https:\/\/geziyoo.co\/blog\/wp-content\/uploads\/2024\/03\/Firnaz-Koyu-Kamp-Alani-4.jpg","datePublished":"2024-03-13T05:19:14+00:00","dateModified":"2026-02-03T11:52:08+00:00","description":"Antalya Kalkan \u00e7evresinde, Patara kumsal\u0131na kom\u015fu Green Park ve Medusa, serin Bezirgan Yaylas\u0131, bakir F\u0131rnaz Koyu ve Sakl\u0131kent dahil \u00fccretli ve \u00fccretsiz 9 kamp alan\u0131n\u0131 listeledik.","breadcrumb":{"@id":"https:\/\/geziyoo.co\/blog\/kalkan-kamp-alanlari-ve-karavan-alanlari\/#breadcrumb"},"inLanguage":"tr","potentialAction":[{"@type":"ReadAction","target":["https:\/\/geziyoo.co\/blog\/kalkan-kamp-alanlari-ve-karavan-alanlari\/"]}]},{"@type":"ImageObject","inLanguage":"tr","@id":"https:\/\/geziyoo.co\/blog\/kalkan-kamp-alanlari-ve-karavan-alanlari\/#primaryimage","url":"https:\/\/geziyoo.co\/blog\/wp-content\/uploads\/2024\/03\/Firnaz-Koyu-Kamp-Alani-4.jpg","contentUrl":"https:\/\/geziyoo.co\/blog\/wp-content\/uploads\/2024\/03\/Firnaz-Koyu-Kamp-Alani-4.jpg","width":800,"height":533},{"@type":"BreadcrumbList","@id":"https:\/\/geziyoo.co\/blog\/kalkan-kamp-alanlari-ve-karavan-alanlari\/#breadcrumb","itemListElement":[{"@type":"ListItem","position":1,"name":"Ana sayfa","item":"https:\/\/geziyoo.co\/blog\/"},{"@type":"ListItem","position":2,"name":"Kalkan ve Patara \u00c7evresi \u00dccretli\/\u00dccretsiz 9 Kamp Noktas\u0131 (\u0130leti\u015fim ve Konum)"}]},{"@type":"WebSite","@id":"https:\/\/geziyoo.co\/blog\/#website","url":"https:\/\/geziyoo.co\/blog\/","name":"Geziyoo Blog","description":"GeziYoo Blog&#039;da T\u00fcrkiye&#039;nin en iyi kamp alanlar\u0131ndan bungalov tatillerine, karavan ipu\u00e7lar\u0131ndan gezi rehberlerine kadar her t\u00fcrl\u00fc do\u011fa deneyimini ke\u015ffedin.","publisher":{"@id":"https:\/\/geziyoo.co\/blog\/#organization"},"potentialAction":[{"@type":"SearchAction","target":{"@type":"EntryPoint","urlTemplate":"https:\/\/geziyoo.co\/blog\/?s={search_term_string}"},"query-input":{"@type":"PropertyValueSpecification","valueRequired":true,"valueName":"search_term_string"}}],"inLanguage":"tr"},{"@type":"Organization","@id":"https:\/\/geziyoo.co\/blog\/#organization","name":"Geziyoo.co","url":"https:\/\/geziyoo.co\/blog\/","logo":{"@type":"ImageObject","inLanguage":"tr","@id":"https:\/\/geziyoo.co\/blog\/#\/schema\/logo\/image\/","url":"https:\/\/geziyoo.co\/blog\/wp-content\/uploads\/2025\/01\/Paragraf-metniniz-3.png","contentUrl":"https:\/\/geziyoo.co\/blog\/wp-content\/uploads\/2025\/01\/Paragraf-metniniz-3.png","width":270,"height":50,"caption":"Geziyoo.co"},"image":{"@id":"https:\/\/geziyoo.co\/blog\/#\/schema\/logo\/image\/"},"sameAs":["https:\/\/www.facebook.com\/Geziyooco","https:\/\/x.com\/geziyoo","https:\/\/tr.pinterest.com\/geziyooco\/","https:\/\/www.youtube.com\/@geziyoo","https:\/\/www.instagram.com\/geziyoo.co\/"]},{"@type":"Person","@id":"https:\/\/geziyoo.co\/blog\/#\/schema\/person\/032acb2436540ed14784e7d978aef0e4","name":"Geziyoo","image":{"@type":"ImageObject","inLanguage":"tr","@id":"https:\/\/geziyoo.co\/blog\/#\/schema\/person\/image\/","url":"https:\/\/secure.gravatar.com\/avatar\/ae212a4514471fdb8cab6e5af4f3c99b940a2d0a16713ea0392c8d7c8a64f30a?s=96&d=mm&r=g","contentUrl":"https:\/\/secure.gravatar.com\/avatar\/ae212a4514471fdb8cab6e5af4f3c99b940a2d0a16713ea0392c8d7c8a64f30a?s=96&d=mm&r=g","caption":"Geziyoo"},"description":"Do\u011fa ile i\u00e7 i\u00e7e olabilece\u011finiz yerler,do\u011fa aktivite alanlar\u0131,kamp alanlar\u0131,bungalov oteller,Tiny House Oteller, Galampingler ve da\u011f evlerinin herkes i\u00e7in ula\u015f\u0131labilir olmas\u0131n\u0131 sa\u011flamak amac\u0131yla Geziyoo\u2019ya 2019 y\u0131l\u0131nda ba\u015flad\u0131k.Do\u011fal Tatil konseptini uygulayan en geni\u015f kapsaml\u0131 sitedir.","sameAs":["https:\/\/geziyoo.co\/","https:\/\/www.facebook.com\/geziyoo.co","https:\/\/www.instagram.com\/geziyoo.co\/","https:\/\/tr.pinterest.com\/geziyooco\/","https:\/\/x.com\/https:\/\/twitter.com\/geziyoo","https:\/\/www.youtube.com\/channel\/UCdiSMa6pe17KEY7DP1Ug4ag"]}]}},"amp_enabled":true,"_links":{"self":[{"href":"https:\/\/geziyoo.co\/blog\/wp-json\/wp\/v2\/posts\/16860","targetHints":{"allow":["GET"]}}],"collection":[{"href":"https:\/\/geziyoo.co\/blog\/wp-json\/wp\/v2\/posts"}],"about":[{"href":"https:\/\/geziyoo.co\/blog\/wp-json\/wp\/v2\/types\/post"}],"author":[{"embeddable":true,"href":"https:\/\/geziyoo.co\/blog\/wp-json\/wp\/v2\/users\/1"}],"replies":[{"embeddable":true,"href":"https:\/\/geziyoo.co\/blog\/wp-json\/wp\/v2\/comments?post=16860"}],"version-history":[{"count":0,"href":"https:\/\/geziyoo.co\/blog\/wp-json\/wp\/v2\/posts\/16860\/revisions"}],"wp:featuredmedia":[{"embeddable":true,"href":"https:\/\/geziyoo.co\/blog\/wp-json\/wp\/v2\/media\/16866"}],"wp:attachment":[{"href":"https:\/\/geziyoo.co\/blog\/wp-json\/wp\/v2\/media?parent=16860"}],"wp:term":[{"taxonomy":"category","embeddable":true,"href":"https:\/\/geziyoo.co\/blog\/wp-json\/wp\/v2\/categories?post=16860"},{"taxonomy":"post_tag","embeddable":true,"href":"https:\/\/geziyoo.co\/blog\/wp-json\/wp\/v2\/tags?post=16860"}],"curies":[{"name":"wp","href":"https:\/\/api.w.org\/{rel}","templated":true}]}}