{"id":16761,"date":"2024-03-09T09:38:15","date_gmt":"2024-03-09T09:38:15","guid":{"rendered":"https:\/\/geziyoo.co\/blog\/?p=16761"},"modified":"2026-02-03T11:45:27","modified_gmt":"2026-02-03T11:45:27","slug":"kas-ucretsiz-kamp-alanlari-ve-karavan-alanlari","status":"publish","type":"post","link":"https:\/\/geziyoo.co\/blog\/kas-ucretsiz-kamp-alanlari-ve-karavan-alanlari\/","title":{"rendered":"Ka\u015f ve \u00c7evresi Do\u011fa \u0130\u00e7inde 2 \u00dccretsiz Kamp Noktas\u0131 (Konum ve \u0130pu\u00e7lar\u0131)"},"content":{"rendered":"\n<p><strong>Ka\u015f<\/strong>, turkuaz rengi denizi ve bohem sokaklar\u0131yla b\u00fcy\u00fcleyicidir ancak kamp\u00e7\u0131lar i\u00e7in biraz &#8220;teknik&#8221; bir b\u00f6lgedir. B\u00f6lgenin b\u00fcy\u00fck k\u0131sm\u0131 kayal\u0131k oldu\u011fu i\u00e7in \u00e7ad\u0131r kuracak d\u00fcz ve yumu\u015fak zemin bulmak zordur. Bu y\u00fczden Ka\u015f&#8217;ta \u00fccretsiz kamp yapacaklar\u0131n matlar\u0131n\u0131n kal\u0131n olmas\u0131 (\u015fi\u015fme mat tavsiye edilir) ve r\u00fczgara dayan\u0131kl\u0131 ekipman kullanmas\u0131 konfor a\u00e7\u0131s\u0131ndan kritiktir.<\/p>\n\n\n\n<p>B\u00f6lgedeki \u00fccretsiz kamp alanlar\u0131 genellikle <strong>\u00c7ukurba\u011f Yar\u0131madas\u0131<\/strong>, <strong>B\u00fcy\u00fck\u00e7ak\u0131l<\/strong> \u00e7evresi ve <strong>Yaylalar<\/strong> olmak \u00fczere \u00fc\u00e7 b\u00f6lgeye ayr\u0131l\u0131r. Merkezdeki plajlar (K\u00fc\u00e7\u00fck\u00e7ak\u0131l vb.) i\u015fletmelerle doludur, buralarda kamp imkans\u0131zd\u0131r. Ancak yar\u0131madan\u0131n denize bakan bo\u015fluklar\u0131 veya B\u00fcy\u00fck\u00e7ak\u0131l plaj\u0131n\u0131n arkas\u0131ndaki zeytinlikler\/Likya Yolu giri\u015fi, kamp\u00e7\u0131lar\u0131n &#8220;resmi olmayan&#8221; toplanma alanlar\u0131d\u0131r.<\/p>\n\n\n\n<p>Biz Geziyoo olarak, Ka\u015f&#8217;\u0131n bu sarp co\u011frafyas\u0131nda en keyifli ka\u00e7\u0131\u015f noktalar\u0131n\u0131 belirledik. Listemizde, sabah uyan\u0131p direkt denize atlayabilece\u011finiz k\u0131y\u0131lar\u0131 da, Temmuz s\u0131ca\u011f\u0131nda bile yorganla uyuman\u0131z\u0131 sa\u011flayacak y\u00fcksek yaylalar\u0131 da bir araya getirdik.<\/p>\n\n\n\n<p>\u0130ster <strong>\u0130ncebo\u011faz&#8217;da<\/strong> Meis&#8217;e kar\u015f\u0131 kahve demleyin, ister <strong>G\u00f6mbe&#8217;de<\/strong> \u015felale sesiyle uyuyun; yola \u00e7\u0131kmadan \u00f6nce suyunuzu bol al\u0131n, Ka\u015f&#8217;\u0131n g\u00fcne\u015fi \u015fakaya gelmez. \u0130\u015fte Ka\u015f\u2019\u0131n en sevilen 6 \u00fccretsiz kamp dura\u011f\u0131:<\/p>\n\n\n\n<p>Ka\u015f&#8217;da unuttu\u011fumuz veya bilmedi\u011fimiz&nbsp;\u00c7ad\u0131r ve Karavan Kamp alan\u0131&nbsp;var ise l\u00fctfen yorumlar k\u0131sm\u0131ndan bizlerle payla\u015f\u0131n.Antalya haricinde Kamp Alan\u0131, Bungalov veya Da\u011f evi ar\u0131yorsan\u0131z ,&nbsp;<a href=\"https:\/\/geziyoo.co\/?select=Karavan+Kamp%C4%B1&amp;lp_s_loc=&amp;lp_s_tag=&amp;lp_s_cat=229&amp;s=home&amp;post_type=listing\"><em><strong>500\u2019den fazla Kamp ve Karavan Yeri<\/strong><\/em><\/a>&nbsp;sayfam\u0131za bakman\u0131z\u0131 tavsiye diyoruz.<\/p>\n\n\n\n<p>Fazla uzatmadan&nbsp;<strong>Ka\u015f \u00dccretsiz Kamp Alanlar\u0131 ve Karavan Alanlar\u0131&nbsp;<\/strong>listemize ge\u00e7elim.Bu arada listemizde yer almayan kamp alanlar\u0131 var ise l\u00fctfen yorumlar k\u0131sm\u0131ndan bizlerle payla\u015f\u0131n.<\/p>\n\n\n\n<blockquote class=\"wp-block-quote quote-solid is-layout-flow wp-block-quote quote-solid-is-layout-flow\">\n<p>T\u00fcm ara\u015ft\u0131rmalar\u0131m\u0131za ra\u011fmen Ka\u015f&#8217;da \u00fccretsiz olarak kamp yapabilece\u011finiz 2 yer ke\u015ffetik.<strong>Dilerseniz&nbsp;<em><a href=\"https:\/\/geziyoo.co\/blog\/kas-kamp-alanlari-ve-karavan-alanlari\/\" data-type=\"post\" data-id=\"7806\">Ka\u015f Kamp Alanlar\u0131<\/a> <\/em>i\u00e7eri\u011fimizde Ka\u015f b\u00f6lgesinde yer alan 20&#8217;den fazla kamp yerini inceleyebilirsiniz.<\/strong><\/p>\n<\/blockquote>\n\n\n\n<hr class=\"wp-block-separator has-css-opacity is-style-wide\"\/>\n\n\n\n<h2 class=\"wp-block-heading\">1.\u0130ncebo\u011faz Plaj\u0131 Kamp Alan\u0131<\/h2>\n\n\n\n<figure class=\"wp-block-image size-full\"><img decoding=\"async\" width=\"800\" height=\"600\" data-src=\"https:\/\/geziyoo.co\/blog\/wp-content\/uploads\/2024\/03\/incebogaz-Plaji-Kamp-Alani-3.jpg\" alt=\"Ka\u015f \u00dccretsiz Kamp Alanlar\u0131 ve Karavan Alanlar\u0131\" class=\"wp-image-16762 lazyload\" data-srcset=\"https:\/\/geziyoo.co\/blog\/wp-content\/uploads\/2024\/03\/incebogaz-Plaji-Kamp-Alani-3.jpg 800w, https:\/\/geziyoo.co\/blog\/wp-content\/uploads\/2024\/03\/incebogaz-Plaji-Kamp-Alani-3-300x225.jpg 300w, https:\/\/geziyoo.co\/blog\/wp-content\/uploads\/2024\/03\/incebogaz-Plaji-Kamp-Alani-3-768x576.jpg 768w, https:\/\/geziyoo.co\/blog\/wp-content\/uploads\/2024\/03\/incebogaz-Plaji-Kamp-Alani-3-150x113.jpg 150w\" data-sizes=\"(max-width: 800px) 100vw, 800px\" src=\"data:image\/gif;base64,R0lGODlhAQABAAAAACH5BAEKAAEALAAAAAABAAEAAAICTAEAOw==\" style=\"--smush-placeholder-width: 800px; --smush-placeholder-aspect-ratio: 800\/600;\" \/><\/figure>\n\n\n\n<p>Ka\u015f&#8217;\u0131n sakl\u0131 cennetlerinden biri olan \u0130ncebo\u011faz Plaj\u0131, turkuaz denizi ve yemye\u015fil do\u011fas\u0131yla kamp severleri bekliyor. \u00c7ukurba\u011f Yar\u0131madas\u0131&#8217;nda yer alan plaj, hem do\u011fayla i\u00e7 i\u00e7e bir tatil yapmak hem de berrak denizin tad\u0131n\u0131 \u00e7\u0131karmak i\u00e7in ideal bir yer.<\/p>\n\n\n\n<p>\u0130ncebo\u011faz Plaj\u0131&#8217;n\u0131n en b\u00fcy\u00fck cazibesi, tertemiz ve \u0131l\u0131k denizi. Akvaryumu and\u0131ran berrakl\u0131\u011f\u0131ndaki deniz, y\u00fczme ve \u015fnorkelle y\u00fczme i\u00e7in m\u00fckemmel bir ortam sunuyor. Etraf\u0131 \u00e7am a\u011fa\u00e7lar\u0131yla \u00e7evrili plaj, g\u00f6lgelik alanlarda dinlenmek ve do\u011fan\u0131n keyfini \u00e7\u0131karmak i\u00e7in de ideal.<\/p>\n\n\n\n<p>Plaj\u0131n k\u0131y\u0131s\u0131nda kamp kurmak i\u00e7in elveri\u015fli d\u00fczl\u00fck alanlar mevcut. Kendi \u00e7ad\u0131r\u0131n\u0131z\u0131 kurarak do\u011fayla i\u00e7 i\u00e7e bir kamp deneyimi ya\u015fayabilirsiniz. Ka\u015f&#8217;tan y\u00fcr\u00fcyerek veya minib\u00fcslerle kolayca ula\u015fabilece\u011finiz plaj, \u00fccretsiz kamp imkan\u0131 sunuyor.<\/p>\n\n\n\n<p>Plaj\u0131n s\u0131n\u0131rlar\u0131 i\u00e7erisinde yiyecek-i\u00e7ecek ve wc gibi ihtiya\u00e7lar\u0131n\u0131z\u0131 kar\u015f\u0131layabilece\u011finiz bir tesis bulunmuyor. Bu nedenle kamp yaparken gerekli t\u00fcm malzemeleri yan\u0131n\u0131zda getirmeniz gerekiyor. Wc ve du\u015f ihtiyac\u0131n\u0131z i\u00e7in \u00fccretli i\u015fletmeleri kullanabilirsiniz.<\/p>\n\n\n\n<p>Denizin keyfini \u00e7\u0131karmak d\u0131\u015f\u0131nda \u0130ncebo\u011faz Plaj\u0131&#8217;nda yapabilece\u011finiz bir\u00e7ok aktivite var. Dal\u0131\u015f tutkunlar\u0131, Akdeniz&#8217;in sualt\u0131 g\u00fczelliklerini ke\u015ffedebilir. Etraf\u0131 yemye\u015fil a\u011fa\u00e7larla \u00e7evrili b\u00f6lgede trekking ve bisiklet s\u00fcr\u00fc\u015f\u00fc yapabilirsiniz.<\/p>\n\n\n\n<p>\u0130ncebo\u011faz Plaj\u0131, do\u011fayla i\u00e7 i\u00e7e bir kamp tatili yapmak ve masmavi denizin tad\u0131n\u0131 \u00e7\u0131karmak isteyenler i\u00e7in ideal bir yer. Sakin ve huzurlu bir ortamda dinlenmek ve yenilenmek i\u00e7in bu e\u015fsiz plaj\u0131 ke\u015ffedebilirsiniz.<\/p>\n\n\n\n<p><strong>Unutmay\u0131n:<\/strong><\/p>\n\n\n\n<ul class=\"wp-block-list\">\n<li>Plajda \u00fccretsiz kamp imkan\u0131 var, ancak ihtiya\u00e7lar\u0131n\u0131z\u0131 kar\u015f\u0131layabilece\u011finiz bir tesis yok.<\/li>\n\n\n\n<li>Yan\u0131n\u0131zda yiyecek-i\u00e7ecek, wc ve du\u015f i\u00e7in gerekli malzemeleri getirmeniz gerekiyor.<\/li>\n\n\n\n<li>Plaj\u0131n zemini biraz ta\u015fl\u0131k ve denizi de dalgal\u0131 olabiliyor.<\/li>\n<\/ul>\n\n\n\n<p><strong>\u0130ncebo\u011faz Plaj\u0131:<\/strong><\/p>\n\n\n\n<ul class=\"wp-block-list\">\n<li><strong>Ula\u015f\u0131m:<\/strong>&nbsp;Ka\u015f&#8217;tan y\u00fcr\u00fcyerek veya minib\u00fcslerle<\/li>\n\n\n\n<li><strong>Konaklama:<\/strong>&nbsp;\u00dccretsiz kamp<\/li>\n\n\n\n<li><strong>Aktiviteler:<\/strong>&nbsp;Y\u00fczme, \u015fnorkelle y\u00fczme, dal\u0131\u015f, trekking, bisiklet s\u00fcr\u00fc\u015f\u00fc<\/li>\n\n\n\n<li><strong>\u0130htiya\u00e7lar:<\/strong>&nbsp;Yiyecek-i\u00e7ecek, wc, du\u015f malzemeleri<\/li>\n\n\n\n<li><strong>Uyar\u0131lar:<\/strong>&nbsp;Ta\u015fl\u0131k zemin, dalgal\u0131 deniz<\/li>\n<\/ul>\n\n\n\n<hr class=\"wp-block-separator has-alpha-channel-opacity is-style-wide\"\/>\n\n\n\n<ul class=\"wp-block-list\">\n<li><strong><em>\u0130ncebo\u011faz Plaj\u0131 Kamp Alan\u0131&nbsp;<\/em>Adres<\/strong>&nbsp;: &nbsp;Andifli, Beyhan Cenk\u00e7i Cd., 07580 Ka\u015f\/Antalya<\/li>\n\n\n\n<li><strong>\u0130ncebo\u011faz Plaj\u0131 Kamp Alan\u0131 Detayl\u0131 Bilgi Fiyatlar:<\/strong>Detayl\u0131 bilgiler i\u00e7in&nbsp;<strong><em><a href=\"https:\/\/geziyoo.co\/listing\/incebogaz-plaji-kamp-alani\/\">\u0130ncebo\u011faz Plaj\u0131 Kamp Alan\u0131<\/a><\/em>&nbsp;<\/strong>sayfam\u0131za bak\u0131n\u0131z.<\/li>\n\n\n\n<li><strong>\u0130ncebo\u011faz Plaj\u0131 Kamp Alan\u0131 Konum:<\/strong>Yol Tarifi i\u00e7in&nbsp;<em><strong><a href=\"https:\/\/www.google.com\/maps?daddr=36.199955374506715,29.62468101608332\">Konum&nbsp;<\/a><\/strong><\/em>ba\u011flant\u0131s\u0131na t\u0131klay\u0131n<\/li>\n<\/ul>\n\n\n\n<hr class=\"wp-block-separator has-alpha-channel-opacity is-style-wide\"\/>\n\n\n\n<h2 class=\"wp-block-heading\">2.Uyuyan Dev (\u00c7ukurba\u011f) Kamp Alan\u0131<\/h2>\n\n\n\n<figure class=\"wp-block-image size-full\"><img decoding=\"async\" width=\"800\" height=\"600\" data-src=\"https:\/\/geziyoo.co\/blog\/wp-content\/uploads\/2024\/03\/Uyuyan-Dev-Cukurbag-Kamp-Alani-3.jpg\" alt=\"Ka\u015f \u00dccretsiz Kamp Alanlar\u0131 ve Karavan Alanlar\u0131\" class=\"wp-image-16763 lazyload\" data-srcset=\"https:\/\/geziyoo.co\/blog\/wp-content\/uploads\/2024\/03\/Uyuyan-Dev-Cukurbag-Kamp-Alani-3.jpg 800w, https:\/\/geziyoo.co\/blog\/wp-content\/uploads\/2024\/03\/Uyuyan-Dev-Cukurbag-Kamp-Alani-3-300x225.jpg 300w, https:\/\/geziyoo.co\/blog\/wp-content\/uploads\/2024\/03\/Uyuyan-Dev-Cukurbag-Kamp-Alani-3-768x576.jpg 768w, https:\/\/geziyoo.co\/blog\/wp-content\/uploads\/2024\/03\/Uyuyan-Dev-Cukurbag-Kamp-Alani-3-150x113.jpg 150w\" data-sizes=\"(max-width: 800px) 100vw, 800px\" src=\"data:image\/gif;base64,R0lGODlhAQABAAAAACH5BAEKAAEALAAAAAABAAEAAAICTAEAOw==\" style=\"--smush-placeholder-width: 800px; --smush-placeholder-aspect-ratio: 800\/600;\" \/><\/figure>\n\n\n\n<p>Ka\u015f&#8217;\u0131n \u00c7ukurba\u011f K\u00f6y\u00fc&#8217;nde yer alan Uyuyan Dev kamp alan\u0131, oksijeni bol do\u011fas\u0131, yemye\u015fil tepeleri ve masmavi deniziyle do\u011faseverler i\u00e7in e\u015fsiz bir kamp deneyimi sunuyor. \u00dccretsiz olan bu kamp alan\u0131nda hem konforlu bir \u00e7ad\u0131r kamp\u0131 yapabilir hem de do\u011fan\u0131n enfes g\u00fczelliklerini ke\u015ffedebilirsiniz.<\/p>\n\n\n\n<p>Uyuyan Dev&#8217;e ula\u015fmak i\u00e7in \u00f6ncelikle Ka\u015f il\u00e7e otogar\u0131ndan \u00c7ukurba\u011f K\u00f6y\u00fc dolmu\u015flar\u0131na binmeniz gerekiyor. Yakla\u015f\u0131k 15 dakikal\u0131k bir yolculu\u011fun ard\u0131ndan k\u00f6ye vard\u0131ktan sonra, kamp alan\u0131na ula\u015fmak i\u00e7in k\u00f6yden da\u011fa \u00e7\u0131kan patika yollar\u0131n\u0131 takip etmeniz gerekiyor.<\/p>\n\n\n\n<p>Patika yollar\u0131 boyunca Ka\u015f ve Meis&#8217;i ku\u015fbak\u0131\u015f\u0131 seyrederek unutulmaz manzaralara \u015fahit olabilirsiniz. B\u00f6lgedeki patika yollar\u0131, do\u011fa y\u00fcr\u00fcy\u00fc\u015fleri ve trekking i\u00e7in idealdir. Hem solo hem de grup halinde keyifli bir trekking deneyimi ya\u015fayabilir, do\u011fan\u0131n tad\u0131n\u0131 \u00e7\u0131karabilirsiniz.<\/p>\n\n\n\n<p>Uyuyan Dev kamp alan\u0131nda herhangi bir \u00f6zel i\u015fletme bulunmad\u0131\u011f\u0131ndan, yiyecek ve i\u00e7ecek gibi temel ihtiya\u00e7lar\u0131n\u0131z\u0131 Ka\u015f&#8217;tan temin etmeniz gerekiyor. B\u00f6lgede su kaynaklar\u0131 mevcut olsa da, yan\u0131n\u0131zda su bulundurman\u0131z da faydal\u0131 olacakt\u0131r.<\/p>\n\n\n\n<p>B\u00f6lgedeki patikalar olduk\u00e7a yorucu olsa da, vard\u0131\u011f\u0131n\u0131z noktada \u00e7ad\u0131r kurarak e\u015fsiz bir manzara e\u015fli\u011finde konaklayabilirsiniz. Trekking esnas\u0131nda do\u011fan\u0131n g\u00fczelliklerini foto\u011fraflayarak unutulmaz an\u0131lar biriktirebilirsiniz.<\/p>\n\n\n\n<p><strong>Uyuyan Dev&#8217;e Gitmeden \u00d6nce Dikkat Edilmesi Gerekenler:<\/strong><\/p>\n\n\n\n<ul class=\"wp-block-list\">\n<li>Dayan\u0131kl\u0131 besinler ve su temin edin.<\/li>\n\n\n\n<li>Rahat y\u00fcr\u00fcy\u00fc\u015f ayakkab\u0131s\u0131 ve mevsime uygun k\u0131yafetler giyin.<\/li>\n\n\n\n<li>G\u00fcne\u015f kremi, \u015fapka ve g\u00fcne\u015f g\u00f6zl\u00fc\u011f\u00fc gibi g\u00fcne\u015f korumas\u0131 sa\u011flay\u0131n.<\/li>\n\n\n\n<li>\u0130lk yard\u0131m \u00e7antas\u0131 ve gerekli ila\u00e7lar\u0131 yan\u0131n\u0131zda bulundurun.<\/li>\n\n\n\n<li>\u00c7\u00f6plerinizi do\u011fada b\u0131rakmayarak \u00e7evreye duyarl\u0131 olun.<\/li>\n<\/ul>\n\n\n\n<p>Uyuyan Dev kamp alan\u0131, do\u011fayla i\u00e7 i\u00e7e bir kamp deneyimi arayanlar i\u00e7in ideal bir yer. B\u00fcy\u00fcleyici manzaralar, oksijeni bol hava ve trekking keyfi i\u00e7in Uyuyan Dev&#8217;i ke\u015ffetmeyi unutmay\u0131n!<\/p>\n\n\n\n<p><strong>Uyuyan Dev&#8217;de Kamp Yapman\u0131n Avantajlar\u0131:<\/strong><\/p>\n\n\n\n<ul class=\"wp-block-list\">\n<li>\u00dccretsiz kamp imkan\u0131<\/li>\n\n\n\n<li>E\u015fsiz manzaralar<\/li>\n\n\n\n<li>Do\u011fayla i\u00e7 i\u00e7e konaklama<\/li>\n\n\n\n<li>Patika y\u00fcr\u00fcy\u00fc\u015fleri ve trekking imkan\u0131<\/li>\n\n\n\n<li>Do\u011fa foto\u011fraf\u00e7\u0131l\u0131\u011f\u0131 i\u00e7in ideal bir ortam<\/li>\n\n\n\n<li>Sakin ve huzurlu bir ortam<\/li>\n<\/ul>\n\n\n\n<hr class=\"wp-block-separator has-alpha-channel-opacity is-style-wide\"\/>\n\n\n\n<ul class=\"wp-block-list\">\n<li><strong><em>Uyuyan Dev (\u00c7ukurba\u011f) Kamp Alan\u0131<\/em><\/strong> <strong>Adres<\/strong>&nbsp;: Andifli, 07580 Ka\u015f\/Antalya<\/li>\n\n\n\n<li><strong>Uyuyan Dev (\u00c7ukurba\u011f) Kamp Alan\u0131 Detayl\u0131 Bilgi Fiyatlar:<\/strong>Detayl\u0131 bilgiler i\u00e7in&nbsp;<strong><em><a href=\"https:\/\/geziyoo.co\/listing\/uyuyan-dev-cukurbag-kamp-alani\/\">Uyuyan Dev (\u00c7ukurba\u011f) Kamp Alan\u0131<\/a><\/em>&nbsp;<\/strong>sayfam\u0131za bak\u0131n\u0131z.<\/li>\n\n\n\n<li><strong>Uyuyan Dev (\u00c7ukurba\u011f) Kamp Alan\u0131 Konum:<\/strong>Yol Tarifi i\u00e7in&nbsp;<em><strong><a href=\"https:\/\/www.google.com\/maps\/dir\/\/36.2084278,29.6455272\/@36.2083872,29.5631293,12z?entry=ttu\">Konum<\/a>&nbsp;<\/strong><\/em>ba\u011flant\u0131s\u0131na t\u0131klay\u0131n<\/li>\n<\/ul>\n\n\n\n<hr class=\"wp-block-separator has-alpha-channel-opacity is-style-wide\"\/>\n\n\n\n<p><strong>Ka\u015f \u00dccretsiz Kamp Alanlar\u0131 ve Karavan Alanlar\u0131 <\/strong> listemizin sonuna geldik. Listemiz s\u00fcrekli olarak g\u00fcncellenmektedir. Sizler de katk\u0131 yaparak listemizin daha da artmas\u0131na vesile olabilirsiniz.K\u0131y\u0131da k\u00f6\u015fede kalm\u0131\u015f Kamp Alanlar\u0131 \u00f6nerilerinizi bekliyoruz.<\/p>\n\n\n\n<hr class=\"wp-block-separator has-alpha-channel-opacity is-style-wide\"\/>\n\n\n\n<h3 class=\"wp-block-heading\">Bunlar\u0131 da Sevebilirsiniz;<\/h3>\n\n\n<ul class=\"wp-block-latest-posts__list wp-block-latest-posts\"><li><a class=\"wp-block-latest-posts__post-title\" href=\"https:\/\/geziyoo.co\/blog\/batman-kamp-alanlari\/\">Batman ve \u00c7evresi Do\u011fa \u0130\u00e7inde 4 Kamp Noktas\u0131 (Konum ve \u0130pu\u00e7lar\u0131)<\/a><\/li>\n<li><a class=\"wp-block-latest-posts__post-title\" href=\"https:\/\/geziyoo.co\/blog\/ayder-yaylasi-kamp-alanlari-ve-karavan-alanlari\/\">Ayder Yaylas\u0131 ve \u00c7evresi 2 Kamp Noktas\u0131 (Konum ve \u0130pu\u00e7lar\u0131)<\/a><\/li>\n<li><a class=\"wp-block-latest-posts__post-title\" href=\"https:\/\/geziyoo.co\/blog\/ardesen-kamp-alanlari-ve-karavan-alanlari\/\">Arde\u015fen ve F\u0131rt\u0131na Vadisi Giri\u015fi 5 Kamp Noktas\u0131 (Konum ve \u0130pu\u00e7lar\u0131)<\/a><\/li>\n<\/ul>\n\n\n<p><\/p>\n","protected":false},"excerpt":{"rendered":"<p>Ka\u015f, turkuaz rengi denizi ve bohem sokaklar\u0131yla b\u00fcy\u00fcleyicidir ancak kamp\u00e7\u0131lar i\u00e7in biraz &#8220;teknik&#8221; bir b\u00f6lgedir. B\u00f6lgenin b\u00fcy\u00fck k\u0131sm\u0131 kayal\u0131k oldu\u011fu i\u00e7in \u00e7ad\u0131r kuracak d\u00fcz ve yumu\u015fak zemin bulmak zordur. Bu y\u00fczden Ka\u015f&#8217;ta \u00fccretsiz kamp yapacaklar\u0131n matlar\u0131n\u0131n kal\u0131n olmas\u0131 (\u015fi\u015fme mat tavsiye edilir) ve r\u00fczgara dayan\u0131kl\u0131 ekipman kullanmas\u0131 konfor a\u00e7\u0131s\u0131ndan kritiktir. B\u00f6lgedeki \u00fccretsiz kamp alanlar\u0131 genellikle &hellip;<\/p>\n","protected":false},"author":1,"featured_media":16764,"comment_status":"open","ping_status":"open","sticky":false,"template":"","format":"standard","meta":{"footnotes":""},"categories":[589,23],"tags":[],"class_list":["post-16761","post","type-post","status-publish","format-standard","has-post-thumbnail","hentry","category-kamp1","category-kamp-kamp-alanlari"],"yoast_head":"<!-- This site is optimized with the Yoast SEO plugin v26.9 - https:\/\/yoast.com\/product\/yoast-seo-wordpress\/ -->\n<title>Ka\u015f\u2019ta En \u0130yi 6 \u00dccretsiz Kamp Alan\u0131: \u0130ncebo\u011faz, Uyuyan Dev ve G\u00f6mbe | Geziyoo<\/title>\n<meta name=\"description\" content=\"Antalya Ka\u015f, manzaral\u0131 \u0130ncebo\u011faz, merkezdeki B\u00fcy\u00fck\u00e7ak\u0131l arkas\u0131, zirvedeki Uyuyan Dev, serin G\u00f6mbe Yaylas\u0131 ve Phellos Antik Kenti dahil 6 \u00fccretsiz kamp alan\u0131n\u0131 listeledik.\" \/>\n<meta name=\"robots\" content=\"index, follow, max-snippet:-1, max-image-preview:large, max-video-preview:-1\" \/>\n<link rel=\"canonical\" href=\"https:\/\/geziyoo.co\/blog\/kas-ucretsiz-kamp-alanlari-ve-karavan-alanlari\/\" \/>\n<meta property=\"og:locale\" content=\"tr_TR\" \/>\n<meta property=\"og:type\" content=\"article\" \/>\n<meta property=\"og:title\" content=\"Ka\u015f\u2019ta En \u0130yi 6 \u00dccretsiz Kamp Alan\u0131: \u0130ncebo\u011faz, Uyuyan Dev ve G\u00f6mbe | Geziyoo\" \/>\n<meta property=\"og:description\" content=\"Antalya Ka\u015f, manzaral\u0131 \u0130ncebo\u011faz, merkezdeki B\u00fcy\u00fck\u00e7ak\u0131l arkas\u0131, zirvedeki Uyuyan Dev, serin G\u00f6mbe Yaylas\u0131 ve Phellos Antik Kenti dahil 6 \u00fccretsiz kamp alan\u0131n\u0131 listeledik.\" \/>\n<meta property=\"og:url\" content=\"https:\/\/geziyoo.co\/blog\/kas-ucretsiz-kamp-alanlari-ve-karavan-alanlari\/\" \/>\n<meta property=\"og:site_name\" content=\"Geziyoo.co\" \/>\n<meta property=\"article:publisher\" content=\"https:\/\/www.facebook.com\/Geziyooco\" \/>\n<meta property=\"article:author\" content=\"https:\/\/www.facebook.com\/geziyoo.co\" \/>\n<meta property=\"article:published_time\" content=\"2024-03-09T09:38:15+00:00\" \/>\n<meta property=\"article:modified_time\" content=\"2026-02-03T11:45:27+00:00\" \/>\n<meta property=\"og:image\" content=\"https:\/\/geziyoo.co\/blog\/wp-content\/uploads\/2024\/03\/Uyuyan-Dev-Cukurbag-Kamp-Alani-1.webp\" \/>\n\t<meta property=\"og:image:width\" content=\"1200\" \/>\n\t<meta property=\"og:image:height\" content=\"790\" \/>\n\t<meta property=\"og:image:type\" content=\"image\/webp\" \/>\n<meta name=\"author\" content=\"Geziyoo\" \/>\n<meta name=\"twitter:card\" content=\"summary_large_image\" \/>\n<meta name=\"twitter:creator\" content=\"@https:\/\/twitter.com\/geziyoo\" \/>\n<meta name=\"twitter:site\" content=\"@geziyoo\" \/>\n<meta name=\"twitter:label1\" content=\"Yazan:\" \/>\n\t<meta name=\"twitter:data1\" content=\"Geziyoo\" \/>\n\t<meta name=\"twitter:label2\" content=\"Tahmini okuma s\u00fcresi\" \/>\n\t<meta name=\"twitter:data2\" content=\"6 dakika\" \/>\n<script type=\"application\/ld+json\" class=\"yoast-schema-graph\">{\"@context\":\"https:\/\/schema.org\",\"@graph\":[{\"@type\":\"Article\",\"@id\":\"https:\/\/geziyoo.co\/blog\/kas-ucretsiz-kamp-alanlari-ve-karavan-alanlari\/#article\",\"isPartOf\":{\"@id\":\"https:\/\/geziyoo.co\/blog\/kas-ucretsiz-kamp-alanlari-ve-karavan-alanlari\/\"},\"author\":{\"name\":\"Geziyoo\",\"@id\":\"https:\/\/geziyoo.co\/blog\/#\/schema\/person\/032acb2436540ed14784e7d978aef0e4\"},\"headline\":\"Ka\u015f ve \u00c7evresi Do\u011fa \u0130\u00e7inde 2 \u00dccretsiz Kamp Noktas\u0131 (Konum ve \u0130pu\u00e7lar\u0131)\",\"datePublished\":\"2024-03-09T09:38:15+00:00\",\"dateModified\":\"2026-02-03T11:45:27+00:00\",\"mainEntityOfPage\":{\"@id\":\"https:\/\/geziyoo.co\/blog\/kas-ucretsiz-kamp-alanlari-ve-karavan-alanlari\/\"},\"wordCount\":1278,\"commentCount\":0,\"publisher\":{\"@id\":\"https:\/\/geziyoo.co\/blog\/#organization\"},\"image\":{\"@id\":\"https:\/\/geziyoo.co\/blog\/kas-ucretsiz-kamp-alanlari-ve-karavan-alanlari\/#primaryimage\"},\"thumbnailUrl\":\"https:\/\/geziyoo.co\/blog\/wp-content\/uploads\/2024\/03\/Uyuyan-Dev-Cukurbag-Kamp-Alani-1.webp\",\"articleSection\":[\"Kamp\",\"Kamp Alanlar\u0131\"],\"inLanguage\":\"tr\",\"potentialAction\":[{\"@type\":\"CommentAction\",\"name\":\"Comment\",\"target\":[\"https:\/\/geziyoo.co\/blog\/kas-ucretsiz-kamp-alanlari-ve-karavan-alanlari\/#respond\"]}]},{\"@type\":\"WebPage\",\"@id\":\"https:\/\/geziyoo.co\/blog\/kas-ucretsiz-kamp-alanlari-ve-karavan-alanlari\/\",\"url\":\"https:\/\/geziyoo.co\/blog\/kas-ucretsiz-kamp-alanlari-ve-karavan-alanlari\/\",\"name\":\"Ka\u015f\u2019ta En \u0130yi 6 \u00dccretsiz Kamp Alan\u0131: \u0130ncebo\u011faz, Uyuyan Dev ve G\u00f6mbe | Geziyoo\",\"isPartOf\":{\"@id\":\"https:\/\/geziyoo.co\/blog\/#website\"},\"primaryImageOfPage\":{\"@id\":\"https:\/\/geziyoo.co\/blog\/kas-ucretsiz-kamp-alanlari-ve-karavan-alanlari\/#primaryimage\"},\"image\":{\"@id\":\"https:\/\/geziyoo.co\/blog\/kas-ucretsiz-kamp-alanlari-ve-karavan-alanlari\/#primaryimage\"},\"thumbnailUrl\":\"https:\/\/geziyoo.co\/blog\/wp-content\/uploads\/2024\/03\/Uyuyan-Dev-Cukurbag-Kamp-Alani-1.webp\",\"datePublished\":\"2024-03-09T09:38:15+00:00\",\"dateModified\":\"2026-02-03T11:45:27+00:00\",\"description\":\"Antalya Ka\u015f, manzaral\u0131 \u0130ncebo\u011faz, merkezdeki B\u00fcy\u00fck\u00e7ak\u0131l arkas\u0131, zirvedeki Uyuyan Dev, serin G\u00f6mbe Yaylas\u0131 ve Phellos Antik Kenti dahil 6 \u00fccretsiz kamp alan\u0131n\u0131 listeledik.\",\"breadcrumb\":{\"@id\":\"https:\/\/geziyoo.co\/blog\/kas-ucretsiz-kamp-alanlari-ve-karavan-alanlari\/#breadcrumb\"},\"inLanguage\":\"tr\",\"potentialAction\":[{\"@type\":\"ReadAction\",\"target\":[\"https:\/\/geziyoo.co\/blog\/kas-ucretsiz-kamp-alanlari-ve-karavan-alanlari\/\"]}]},{\"@type\":\"ImageObject\",\"inLanguage\":\"tr\",\"@id\":\"https:\/\/geziyoo.co\/blog\/kas-ucretsiz-kamp-alanlari-ve-karavan-alanlari\/#primaryimage\",\"url\":\"https:\/\/geziyoo.co\/blog\/wp-content\/uploads\/2024\/03\/Uyuyan-Dev-Cukurbag-Kamp-Alani-1.webp\",\"contentUrl\":\"https:\/\/geziyoo.co\/blog\/wp-content\/uploads\/2024\/03\/Uyuyan-Dev-Cukurbag-Kamp-Alani-1.webp\",\"width\":1200,\"height\":790},{\"@type\":\"BreadcrumbList\",\"@id\":\"https:\/\/geziyoo.co\/blog\/kas-ucretsiz-kamp-alanlari-ve-karavan-alanlari\/#breadcrumb\",\"itemListElement\":[{\"@type\":\"ListItem\",\"position\":1,\"name\":\"Ana sayfa\",\"item\":\"https:\/\/geziyoo.co\/blog\/\"},{\"@type\":\"ListItem\",\"position\":2,\"name\":\"Ka\u015f ve \u00c7evresi Do\u011fa \u0130\u00e7inde 2 \u00dccretsiz Kamp Noktas\u0131 (Konum ve \u0130pu\u00e7lar\u0131)\"}]},{\"@type\":\"WebSite\",\"@id\":\"https:\/\/geziyoo.co\/blog\/#website\",\"url\":\"https:\/\/geziyoo.co\/blog\/\",\"name\":\"Geziyoo Blog\",\"description\":\"GeziYoo Blog&#039;da T\u00fcrkiye&#039;nin en iyi kamp alanlar\u0131ndan bungalov tatillerine, karavan ipu\u00e7lar\u0131ndan gezi rehberlerine kadar her t\u00fcrl\u00fc do\u011fa deneyimini ke\u015ffedin.\",\"publisher\":{\"@id\":\"https:\/\/geziyoo.co\/blog\/#organization\"},\"potentialAction\":[{\"@type\":\"SearchAction\",\"target\":{\"@type\":\"EntryPoint\",\"urlTemplate\":\"https:\/\/geziyoo.co\/blog\/?s={search_term_string}\"},\"query-input\":{\"@type\":\"PropertyValueSpecification\",\"valueRequired\":true,\"valueName\":\"search_term_string\"}}],\"inLanguage\":\"tr\"},{\"@type\":\"Organization\",\"@id\":\"https:\/\/geziyoo.co\/blog\/#organization\",\"name\":\"Geziyoo.co\",\"url\":\"https:\/\/geziyoo.co\/blog\/\",\"logo\":{\"@type\":\"ImageObject\",\"inLanguage\":\"tr\",\"@id\":\"https:\/\/geziyoo.co\/blog\/#\/schema\/logo\/image\/\",\"url\":\"https:\/\/geziyoo.co\/blog\/wp-content\/uploads\/2025\/01\/Paragraf-metniniz-3.png\",\"contentUrl\":\"https:\/\/geziyoo.co\/blog\/wp-content\/uploads\/2025\/01\/Paragraf-metniniz-3.png\",\"width\":270,\"height\":50,\"caption\":\"Geziyoo.co\"},\"image\":{\"@id\":\"https:\/\/geziyoo.co\/blog\/#\/schema\/logo\/image\/\"},\"sameAs\":[\"https:\/\/www.facebook.com\/Geziyooco\",\"https:\/\/x.com\/geziyoo\",\"https:\/\/tr.pinterest.com\/geziyooco\/\",\"https:\/\/www.youtube.com\/@geziyoo\",\"https:\/\/www.instagram.com\/geziyoo.co\/\"]},{\"@type\":\"Person\",\"@id\":\"https:\/\/geziyoo.co\/blog\/#\/schema\/person\/032acb2436540ed14784e7d978aef0e4\",\"name\":\"Geziyoo\",\"image\":{\"@type\":\"ImageObject\",\"inLanguage\":\"tr\",\"@id\":\"https:\/\/geziyoo.co\/blog\/#\/schema\/person\/image\/\",\"url\":\"https:\/\/secure.gravatar.com\/avatar\/ae212a4514471fdb8cab6e5af4f3c99b940a2d0a16713ea0392c8d7c8a64f30a?s=96&d=mm&r=g\",\"contentUrl\":\"https:\/\/secure.gravatar.com\/avatar\/ae212a4514471fdb8cab6e5af4f3c99b940a2d0a16713ea0392c8d7c8a64f30a?s=96&d=mm&r=g\",\"caption\":\"Geziyoo\"},\"description\":\"Do\u011fa ile i\u00e7 i\u00e7e olabilece\u011finiz yerler,do\u011fa aktivite alanlar\u0131,kamp alanlar\u0131,bungalov oteller,Tiny House Oteller, Galampingler ve da\u011f evlerinin herkes i\u00e7in ula\u015f\u0131labilir olmas\u0131n\u0131 sa\u011flamak amac\u0131yla Geziyoo\u2019ya 2019 y\u0131l\u0131nda ba\u015flad\u0131k.Do\u011fal Tatil konseptini uygulayan en geni\u015f kapsaml\u0131 sitedir.\",\"sameAs\":[\"https:\/\/geziyoo.co\/\",\"https:\/\/www.facebook.com\/geziyoo.co\",\"https:\/\/www.instagram.com\/geziyoo.co\/\",\"https:\/\/tr.pinterest.com\/geziyooco\/\",\"https:\/\/x.com\/https:\/\/twitter.com\/geziyoo\",\"https:\/\/www.youtube.com\/channel\/UCdiSMa6pe17KEY7DP1Ug4ag\"]}]}<\/script>\n<!-- \/ Yoast SEO plugin. -->","yoast_head_json":{"title":"Ka\u015f\u2019ta En \u0130yi 6 \u00dccretsiz Kamp Alan\u0131: \u0130ncebo\u011faz, Uyuyan Dev ve G\u00f6mbe | Geziyoo","description":"Antalya Ka\u015f, manzaral\u0131 \u0130ncebo\u011faz, merkezdeki B\u00fcy\u00fck\u00e7ak\u0131l arkas\u0131, zirvedeki Uyuyan Dev, serin G\u00f6mbe Yaylas\u0131 ve Phellos Antik Kenti dahil 6 \u00fccretsiz kamp alan\u0131n\u0131 listeledik.","robots":{"index":"index","follow":"follow","max-snippet":"max-snippet:-1","max-image-preview":"max-image-preview:large","max-video-preview":"max-video-preview:-1"},"canonical":"https:\/\/geziyoo.co\/blog\/kas-ucretsiz-kamp-alanlari-ve-karavan-alanlari\/","og_locale":"tr_TR","og_type":"article","og_title":"Ka\u015f\u2019ta En \u0130yi 6 \u00dccretsiz Kamp Alan\u0131: \u0130ncebo\u011faz, Uyuyan Dev ve G\u00f6mbe | Geziyoo","og_description":"Antalya Ka\u015f, manzaral\u0131 \u0130ncebo\u011faz, merkezdeki B\u00fcy\u00fck\u00e7ak\u0131l arkas\u0131, zirvedeki Uyuyan Dev, serin G\u00f6mbe Yaylas\u0131 ve Phellos Antik Kenti dahil 6 \u00fccretsiz kamp alan\u0131n\u0131 listeledik.","og_url":"https:\/\/geziyoo.co\/blog\/kas-ucretsiz-kamp-alanlari-ve-karavan-alanlari\/","og_site_name":"Geziyoo.co","article_publisher":"https:\/\/www.facebook.com\/Geziyooco","article_author":"https:\/\/www.facebook.com\/geziyoo.co","article_published_time":"2024-03-09T09:38:15+00:00","article_modified_time":"2026-02-03T11:45:27+00:00","og_image":[{"width":1200,"height":790,"url":"https:\/\/geziyoo.co\/blog\/wp-content\/uploads\/2024\/03\/Uyuyan-Dev-Cukurbag-Kamp-Alani-1.webp","type":"image\/webp"}],"author":"Geziyoo","twitter_card":"summary_large_image","twitter_creator":"@https:\/\/twitter.com\/geziyoo","twitter_site":"@geziyoo","twitter_misc":{"Yazan:":"Geziyoo","Tahmini okuma s\u00fcresi":"6 dakika"},"schema":{"@context":"https:\/\/schema.org","@graph":[{"@type":"Article","@id":"https:\/\/geziyoo.co\/blog\/kas-ucretsiz-kamp-alanlari-ve-karavan-alanlari\/#article","isPartOf":{"@id":"https:\/\/geziyoo.co\/blog\/kas-ucretsiz-kamp-alanlari-ve-karavan-alanlari\/"},"author":{"name":"Geziyoo","@id":"https:\/\/geziyoo.co\/blog\/#\/schema\/person\/032acb2436540ed14784e7d978aef0e4"},"headline":"Ka\u015f ve \u00c7evresi Do\u011fa \u0130\u00e7inde 2 \u00dccretsiz Kamp Noktas\u0131 (Konum ve \u0130pu\u00e7lar\u0131)","datePublished":"2024-03-09T09:38:15+00:00","dateModified":"2026-02-03T11:45:27+00:00","mainEntityOfPage":{"@id":"https:\/\/geziyoo.co\/blog\/kas-ucretsiz-kamp-alanlari-ve-karavan-alanlari\/"},"wordCount":1278,"commentCount":0,"publisher":{"@id":"https:\/\/geziyoo.co\/blog\/#organization"},"image":{"@id":"https:\/\/geziyoo.co\/blog\/kas-ucretsiz-kamp-alanlari-ve-karavan-alanlari\/#primaryimage"},"thumbnailUrl":"https:\/\/geziyoo.co\/blog\/wp-content\/uploads\/2024\/03\/Uyuyan-Dev-Cukurbag-Kamp-Alani-1.webp","articleSection":["Kamp","Kamp Alanlar\u0131"],"inLanguage":"tr","potentialAction":[{"@type":"CommentAction","name":"Comment","target":["https:\/\/geziyoo.co\/blog\/kas-ucretsiz-kamp-alanlari-ve-karavan-alanlari\/#respond"]}]},{"@type":"WebPage","@id":"https:\/\/geziyoo.co\/blog\/kas-ucretsiz-kamp-alanlari-ve-karavan-alanlari\/","url":"https:\/\/geziyoo.co\/blog\/kas-ucretsiz-kamp-alanlari-ve-karavan-alanlari\/","name":"Ka\u015f\u2019ta En \u0130yi 6 \u00dccretsiz Kamp Alan\u0131: \u0130ncebo\u011faz, Uyuyan Dev ve G\u00f6mbe | Geziyoo","isPartOf":{"@id":"https:\/\/geziyoo.co\/blog\/#website"},"primaryImageOfPage":{"@id":"https:\/\/geziyoo.co\/blog\/kas-ucretsiz-kamp-alanlari-ve-karavan-alanlari\/#primaryimage"},"image":{"@id":"https:\/\/geziyoo.co\/blog\/kas-ucretsiz-kamp-alanlari-ve-karavan-alanlari\/#primaryimage"},"thumbnailUrl":"https:\/\/geziyoo.co\/blog\/wp-content\/uploads\/2024\/03\/Uyuyan-Dev-Cukurbag-Kamp-Alani-1.webp","datePublished":"2024-03-09T09:38:15+00:00","dateModified":"2026-02-03T11:45:27+00:00","description":"Antalya Ka\u015f, manzaral\u0131 \u0130ncebo\u011faz, merkezdeki B\u00fcy\u00fck\u00e7ak\u0131l arkas\u0131, zirvedeki Uyuyan Dev, serin G\u00f6mbe Yaylas\u0131 ve Phellos Antik Kenti dahil 6 \u00fccretsiz kamp alan\u0131n\u0131 listeledik.","breadcrumb":{"@id":"https:\/\/geziyoo.co\/blog\/kas-ucretsiz-kamp-alanlari-ve-karavan-alanlari\/#breadcrumb"},"inLanguage":"tr","potentialAction":[{"@type":"ReadAction","target":["https:\/\/geziyoo.co\/blog\/kas-ucretsiz-kamp-alanlari-ve-karavan-alanlari\/"]}]},{"@type":"ImageObject","inLanguage":"tr","@id":"https:\/\/geziyoo.co\/blog\/kas-ucretsiz-kamp-alanlari-ve-karavan-alanlari\/#primaryimage","url":"https:\/\/geziyoo.co\/blog\/wp-content\/uploads\/2024\/03\/Uyuyan-Dev-Cukurbag-Kamp-Alani-1.webp","contentUrl":"https:\/\/geziyoo.co\/blog\/wp-content\/uploads\/2024\/03\/Uyuyan-Dev-Cukurbag-Kamp-Alani-1.webp","width":1200,"height":790},{"@type":"BreadcrumbList","@id":"https:\/\/geziyoo.co\/blog\/kas-ucretsiz-kamp-alanlari-ve-karavan-alanlari\/#breadcrumb","itemListElement":[{"@type":"ListItem","position":1,"name":"Ana sayfa","item":"https:\/\/geziyoo.co\/blog\/"},{"@type":"ListItem","position":2,"name":"Ka\u015f ve \u00c7evresi Do\u011fa \u0130\u00e7inde 2 \u00dccretsiz Kamp Noktas\u0131 (Konum ve \u0130pu\u00e7lar\u0131)"}]},{"@type":"WebSite","@id":"https:\/\/geziyoo.co\/blog\/#website","url":"https:\/\/geziyoo.co\/blog\/","name":"Geziyoo Blog","description":"GeziYoo Blog&#039;da T\u00fcrkiye&#039;nin en iyi kamp alanlar\u0131ndan bungalov tatillerine, karavan ipu\u00e7lar\u0131ndan gezi rehberlerine kadar her t\u00fcrl\u00fc do\u011fa deneyimini ke\u015ffedin.","publisher":{"@id":"https:\/\/geziyoo.co\/blog\/#organization"},"potentialAction":[{"@type":"SearchAction","target":{"@type":"EntryPoint","urlTemplate":"https:\/\/geziyoo.co\/blog\/?s={search_term_string}"},"query-input":{"@type":"PropertyValueSpecification","valueRequired":true,"valueName":"search_term_string"}}],"inLanguage":"tr"},{"@type":"Organization","@id":"https:\/\/geziyoo.co\/blog\/#organization","name":"Geziyoo.co","url":"https:\/\/geziyoo.co\/blog\/","logo":{"@type":"ImageObject","inLanguage":"tr","@id":"https:\/\/geziyoo.co\/blog\/#\/schema\/logo\/image\/","url":"https:\/\/geziyoo.co\/blog\/wp-content\/uploads\/2025\/01\/Paragraf-metniniz-3.png","contentUrl":"https:\/\/geziyoo.co\/blog\/wp-content\/uploads\/2025\/01\/Paragraf-metniniz-3.png","width":270,"height":50,"caption":"Geziyoo.co"},"image":{"@id":"https:\/\/geziyoo.co\/blog\/#\/schema\/logo\/image\/"},"sameAs":["https:\/\/www.facebook.com\/Geziyooco","https:\/\/x.com\/geziyoo","https:\/\/tr.pinterest.com\/geziyooco\/","https:\/\/www.youtube.com\/@geziyoo","https:\/\/www.instagram.com\/geziyoo.co\/"]},{"@type":"Person","@id":"https:\/\/geziyoo.co\/blog\/#\/schema\/person\/032acb2436540ed14784e7d978aef0e4","name":"Geziyoo","image":{"@type":"ImageObject","inLanguage":"tr","@id":"https:\/\/geziyoo.co\/blog\/#\/schema\/person\/image\/","url":"https:\/\/secure.gravatar.com\/avatar\/ae212a4514471fdb8cab6e5af4f3c99b940a2d0a16713ea0392c8d7c8a64f30a?s=96&d=mm&r=g","contentUrl":"https:\/\/secure.gravatar.com\/avatar\/ae212a4514471fdb8cab6e5af4f3c99b940a2d0a16713ea0392c8d7c8a64f30a?s=96&d=mm&r=g","caption":"Geziyoo"},"description":"Do\u011fa ile i\u00e7 i\u00e7e olabilece\u011finiz yerler,do\u011fa aktivite alanlar\u0131,kamp alanlar\u0131,bungalov oteller,Tiny House Oteller, Galampingler ve da\u011f evlerinin herkes i\u00e7in ula\u015f\u0131labilir olmas\u0131n\u0131 sa\u011flamak amac\u0131yla Geziyoo\u2019ya 2019 y\u0131l\u0131nda ba\u015flad\u0131k.Do\u011fal Tatil konseptini uygulayan en geni\u015f kapsaml\u0131 sitedir.","sameAs":["https:\/\/geziyoo.co\/","https:\/\/www.facebook.com\/geziyoo.co","https:\/\/www.instagram.com\/geziyoo.co\/","https:\/\/tr.pinterest.com\/geziyooco\/","https:\/\/x.com\/https:\/\/twitter.com\/geziyoo","https:\/\/www.youtube.com\/channel\/UCdiSMa6pe17KEY7DP1Ug4ag"]}]}},"amp_enabled":true,"_links":{"self":[{"href":"https:\/\/geziyoo.co\/blog\/wp-json\/wp\/v2\/posts\/16761","targetHints":{"allow":["GET"]}}],"collection":[{"href":"https:\/\/geziyoo.co\/blog\/wp-json\/wp\/v2\/posts"}],"about":[{"href":"https:\/\/geziyoo.co\/blog\/wp-json\/wp\/v2\/types\/post"}],"author":[{"embeddable":true,"href":"https:\/\/geziyoo.co\/blog\/wp-json\/wp\/v2\/users\/1"}],"replies":[{"embeddable":true,"href":"https:\/\/geziyoo.co\/blog\/wp-json\/wp\/v2\/comments?post=16761"}],"version-history":[{"count":0,"href":"https:\/\/geziyoo.co\/blog\/wp-json\/wp\/v2\/posts\/16761\/revisions"}],"wp:featuredmedia":[{"embeddable":true,"href":"https:\/\/geziyoo.co\/blog\/wp-json\/wp\/v2\/media\/16764"}],"wp:attachment":[{"href":"https:\/\/geziyoo.co\/blog\/wp-json\/wp\/v2\/media?parent=16761"}],"wp:term":[{"taxonomy":"category","embeddable":true,"href":"https:\/\/geziyoo.co\/blog\/wp-json\/wp\/v2\/categories?post=16761"},{"taxonomy":"post_tag","embeddable":true,"href":"https:\/\/geziyoo.co\/blog\/wp-json\/wp\/v2\/tags?post=16761"}],"curies":[{"name":"wp","href":"https:\/\/api.w.org\/{rel}","templated":true}]}}