{"id":16203,"date":"2024-02-17T11:53:28","date_gmt":"2024-02-17T11:53:28","guid":{"rendered":"https:\/\/geziyoo.co\/blog\/?p=16203"},"modified":"2026-02-05T11:48:55","modified_gmt":"2026-02-05T11:48:55","slug":"vizesiz-gidilen-avrupa-ulkeleri","status":"publish","type":"post","link":"https:\/\/geziyoo.co\/blog\/vizesiz-gidilen-avrupa-ulkeleri\/","title":{"rendered":"Vizesiz Gidebilece\u011finiz 7 G\u00fczel ve Ucuz Avrupa \u00dclkesi"},"content":{"rendered":"\n<p><strong>Vizesiz Gidilen Avrupa \u00dclkeleri yaz\u0131m\u0131zdan herkese merhabalar.Hat\u0131rlarsan\u0131z daha \u00f6nceki i\u00e7eriklerimiz de Vizesiz Gidilen Asya \u00dclkelerini , Vize Nedir Nas\u0131l Al\u0131n\u0131r ve Vizesiz Gidilen \u00dclkeler (2026) i\u00e7eriklerini i\u015flemi\u015ftik.<\/strong><\/p>\n\n\n\n<p>Bu listemizde ise vizesiz gidebilece\u011finiz ve en \u00f6nemlisi Ucuz Seyahat Edebilece\u011finiz Avrupa \u00dclkelerini  s\u0131ralad\u0131k.<\/p>\n\n\n\n<p><strong>Unuttu\u011fumuz bir yer var ise l\u00fctfen yorumlar k\u0131sm\u0131ndan bizlerle payla\u015f\u0131n\u2026<\/strong><\/p>\n\n\n\n<blockquote class=\"wp-block-quote quote-solid is-layout-flow wp-block-quote quote-solid-is-layout-flow\">\n<p>Son olarak di\u011fer vize konulara h\u0131zl\u0131 bakmak i\u00e7in a\u015fa\u011f\u0131daki ba\u015fl\u0131klara bakabilirsiniz.Ya da <strong><em><a href=\"https:\/\/geziyoo.co\/blog\/tag\/vize-rehberi\/\">V\u0130ZE<\/a> k<\/em><\/strong>ategorisinden ilgili i\u00e7eriklere ula\u015fabilirsiniz.<\/p>\n<\/blockquote>\n\n\n\n<hr class=\"wp-block-separator has-css-opacity is-style-wide\"\/>\n\n\n\n<p>Unutmadan sizler i\u00e7in \u00e7ok g\u00fczel bir harita haz\u0131rlad\u0131k.Hemen a\u015fa\u011f\u0131 k\u0131sma ekliyoruz.Harita a\u00e7\u0131lmaz ise<strong><a href=\"https:\/\/www.google.com\/maps\/d\/u\/0\/viewer?hl=tr&amp;hl=tr&amp;mid=1NefefyR48dcSULeBR8xWNqtVtHY9ztQz&amp;ll=-3.81666561775622e-14%2C-118.2883833625001&amp;z=1\"><em>&nbsp;Google Haritalar&nbsp;<\/em><\/a><\/strong>linkinden ilgili haritaya ula\u015fabilirsiniz.<\/p>\n\n\n\n<iframe data-src=\"https:\/\/www.google.com\/maps\/d\/embed?mid=1NefefyR48dcSULeBR8xWNqtVtHY9ztQz&amp;hl=tr\" width=\"750\" height=\"480\" src=\"data:image\/gif;base64,R0lGODlhAQABAAAAACH5BAEKAAEALAAAAAABAAEAAAICTAEAOw==\" class=\"lazyload\" data-load-mode=\"1\"><\/iframe>\n\n\n\n<p><strong>Vizesiz Gidilen \u00dclkeler Haritas\u0131 Kullan\u0131m\u0131nda Dikkat Edilmesi Gerekenler<\/strong><\/p>\n\n\n\n<ul class=\"wp-block-list\">\n<li><strong><span style=\"color:#fcb900\" class=\"tadv-color\">\u21d2Sar\u0131<\/span><\/strong>&nbsp;i\u015faretler Vizesiz \u00dclkeleri g\u00f6stermektedir.<\/li>\n\n\n\n<li><strong><span style=\"color:#9b51e0\" class=\"tadv-color\">\u21d2Mor<\/span>&nbsp;<\/strong>\u0130\u015faretler Kap\u0131da Vize veren \u00fclkeleri g\u00f6stermektedir.<\/li>\n\n\n\n<li><strong><span style=\"color:#0693e3\" class=\"tadv-color\">\u21d2Mavi<\/span>&nbsp;<\/strong>\u0130\u015faretlerde Online Vize veren \u00fclkeleri G\u00f6stermektedir.<\/li>\n\n\n\n<li>\u0130\u015faretleri t\u0131klad\u0131\u011f\u0131n\u0131zda ilgili \u00fclke ile ilgili g\u00f6rselleri ve a\u00e7\u0131klamalar\u0131 g\u00f6receksinizdir.<\/li>\n\n\n\n<li>Umar\u0131m be\u011fenmi\u015fsinizdir.<\/li>\n<\/ul>\n\n\n\n<p>Avrupa birli\u011fine hala tam \u00fcyelik sa\u011flamam\u0131\u015f baz\u0131 \u00fclkeler vize konusunda \u00fclkemize kar\u015f\u0131 c\u00f6mertler.A\u015fa\u011f\u0131daki Avrupa \u00dclkelerine Vizesiz gidebilirsiniz.<\/p>\n\n\n\n<hr class=\"wp-block-separator has-css-opacity is-style-wide\"\/>\n\n\n\n<h2 class=\"wp-block-heading\">1.Arnavutluk<\/h2>\n\n\n\n<figure class=\"wp-block-image size-full\"><img decoding=\"async\" width=\"800\" height=\"467\" data-src=\"https:\/\/geziyoo.co\/blog\/wp-content\/uploads\/2024\/02\/Vizesiz-Gidilen-Avrupa-Ulkeleri-2.jpg\" alt=\"Vizesiz Gidilen Avrupa \u00dclkeleri , 2024 G\u00fcncel\" class=\"wp-image-16204 lazyload\" data-srcset=\"https:\/\/geziyoo.co\/blog\/wp-content\/uploads\/2024\/02\/Vizesiz-Gidilen-Avrupa-Ulkeleri-2.jpg 800w, https:\/\/geziyoo.co\/blog\/wp-content\/uploads\/2024\/02\/Vizesiz-Gidilen-Avrupa-Ulkeleri-2-300x175.jpg 300w, https:\/\/geziyoo.co\/blog\/wp-content\/uploads\/2024\/02\/Vizesiz-Gidilen-Avrupa-Ulkeleri-2-768x448.jpg 768w, https:\/\/geziyoo.co\/blog\/wp-content\/uploads\/2024\/02\/Vizesiz-Gidilen-Avrupa-Ulkeleri-2-150x88.jpg 150w\" data-sizes=\"(max-width: 800px) 100vw, 800px\" src=\"data:image\/gif;base64,R0lGODlhAQABAAAAACH5BAEKAAEALAAAAAABAAEAAAICTAEAOw==\" style=\"--smush-placeholder-width: 800px; --smush-placeholder-aspect-ratio: 800\/467;\" \/><figcaption class=\"wp-element-caption\"><strong fgid=\"59184\">Vizesiz Gidilen Avrupa \u00dclkeleri<\/strong> &#8211; Arnavutluk <\/figcaption><\/figure>\n\n\n\n<p><strong>Vizesiz Gidilen Avrupa \u00dclkeleri <\/strong>listemizin ilk s\u0131ras\u0131nda Balkanlar\u2019\u0131n ve Avrupa\u2019n\u0131n kendine \u00f6zg\u00fc k\u00fclt\u00fcrlerinden biri olarak bilinen Arnavutluk var.Arnavutluk, resm\u00ee ad\u0131 Arnavutluk Cumhuriyeti, Balkanlar&#8217;da bir \u00fclkedir.&nbsp;&nbsp;Kom\u015fular\u0131 kuzeyde Karada\u011f, kuzeydo\u011fusunda Kosova, do\u011fusunda Kuzey Makedonya ve g\u00fcneyinde Yunanistan&#8217;d\u0131r.<\/p>\n\n\n\n<p>Arnavutluk&#8217;a 90 g\u00fcne kadar vizesiz seyahat etme imk\u00e2n\u0131n\u0131z bulunuyor.<\/p>\n\n\n\n<hr class=\"wp-block-separator has-css-opacity is-style-wide\"\/>\n\n\n\n<h2 class=\"wp-block-heading\">2.Bosna-Hersek<\/h2>\n\n\n\n<figure class=\"wp-block-image size-full\"><img decoding=\"async\" width=\"800\" height=\"450\" data-src=\"https:\/\/geziyoo.co\/blog\/wp-content\/uploads\/2024\/02\/Vizesiz-Gidilen-Avrupa-Ulkeleri-1.jpeg\" alt=\"Vizesiz Gidilen Avrupa \u00dclkeleri , 2024 G\u00fcncel\" class=\"wp-image-16205 lazyload\" data-srcset=\"https:\/\/geziyoo.co\/blog\/wp-content\/uploads\/2024\/02\/Vizesiz-Gidilen-Avrupa-Ulkeleri-1.jpeg 800w, https:\/\/geziyoo.co\/blog\/wp-content\/uploads\/2024\/02\/Vizesiz-Gidilen-Avrupa-Ulkeleri-1-300x169.jpeg 300w, https:\/\/geziyoo.co\/blog\/wp-content\/uploads\/2024\/02\/Vizesiz-Gidilen-Avrupa-Ulkeleri-1-768x432.jpeg 768w, https:\/\/geziyoo.co\/blog\/wp-content\/uploads\/2024\/02\/Vizesiz-Gidilen-Avrupa-Ulkeleri-1-390x220.jpeg 390w, https:\/\/geziyoo.co\/blog\/wp-content\/uploads\/2024\/02\/Vizesiz-Gidilen-Avrupa-Ulkeleri-1-150x84.jpeg 150w\" data-sizes=\"(max-width: 800px) 100vw, 800px\" src=\"data:image\/gif;base64,R0lGODlhAQABAAAAACH5BAEKAAEALAAAAAABAAEAAAICTAEAOw==\" style=\"--smush-placeholder-width: 800px; --smush-placeholder-aspect-ratio: 800\/450;\" \/><figcaption class=\"wp-element-caption\"><strong fgid=\"61561\">Vizesiz Gidilen Avrupa \u00dclkeleri<\/strong> &#8211; Bosna Hersek<\/figcaption><\/figure>\n\n\n\n<p><strong>Vizesiz Gidilen Avrupa \u00dclkeleri <\/strong>listesinin en g\u00fczel Avrupa \u00fclkesi Bosna-Hersek var.Bosna-Hersek, k\u0131sa haliyle B-H veya, resm\u00ee ad\u0131yla Bosna ve Hersek, Balkanlar&#8217;da 51.197 km\u00b2 y\u00fcz \u00f6l\u00e7\u00fcml\u00fc bir \u00fclke.&nbsp;<\/p>\n\n\n\n<p>Bu arada Bosna Hersek&#8217;de g\u00f6rmeniz yerlerden bir tanesi Mostar K\u00f6pr\u00fcs\u00fcd\u00fcr.Sava\u015f zaman\u0131 g\u00f6zlerimizin \u00f6n\u00fcnde y\u0131k\u0131lan Osmanl\u0131 Miras\u0131 daha sonra tekrar onar\u0131larak eski haline d\u00f6nd\u00fcr\u00fcld\u00fc.<\/p>\n\n\n\n<p>Osmanl\u0131\u2019n\u0131n etkin rol oyna\u011f\u0131 ve g\u00fcn\u00fcm\u00fczde de izlerini ta\u015f\u0131yan Bosna-Hersek\u2019te 180 g\u00fcnl\u00fck s\u00fcre i\u00e7inde en fazla 90 g\u00fcn bulunabiliyorsunuz.<\/p>\n\n\n\n<p>Bosna-Hersek&#8217;te hi\u00e7 bir \u015fekilde yabanc\u0131l\u0131k \u00e7ekmeyece\u011finizi savunanlardan\u0131z.Gitti\u011finizdee bu dedi\u011fimizi  \u00e7ok rahat anlayabilir ve tatilinizin s\u00fcresini uzatmak isteyebilirsiniz.<\/p>\n\n\n\n<hr class=\"wp-block-separator has-css-opacity is-style-wide\"\/>\n\n\n\n<h2 class=\"wp-block-heading\">3.Karada\u011f<\/h2>\n\n\n\n<figure class=\"wp-block-image size-full\"><img decoding=\"async\" width=\"800\" height=\"448\" data-src=\"https:\/\/geziyoo.co\/blog\/wp-content\/uploads\/2024\/02\/Vizesiz-Gidilen-Avrupa-Ulkeleri-3.jpg\" alt=\"\" class=\"wp-image-16206 lazyload\" data-srcset=\"https:\/\/geziyoo.co\/blog\/wp-content\/uploads\/2024\/02\/Vizesiz-Gidilen-Avrupa-Ulkeleri-3.jpg 800w, https:\/\/geziyoo.co\/blog\/wp-content\/uploads\/2024\/02\/Vizesiz-Gidilen-Avrupa-Ulkeleri-3-300x168.jpg 300w, https:\/\/geziyoo.co\/blog\/wp-content\/uploads\/2024\/02\/Vizesiz-Gidilen-Avrupa-Ulkeleri-3-768x430.jpg 768w, https:\/\/geziyoo.co\/blog\/wp-content\/uploads\/2024\/02\/Vizesiz-Gidilen-Avrupa-Ulkeleri-3-150x84.jpg 150w\" data-sizes=\"(max-width: 800px) 100vw, 800px\" src=\"data:image\/gif;base64,R0lGODlhAQABAAAAACH5BAEKAAEALAAAAAABAAEAAAICTAEAOw==\" style=\"--smush-placeholder-width: 800px; --smush-placeholder-aspect-ratio: 800\/448;\" \/><figcaption class=\"wp-element-caption\">Karada\u011f<\/figcaption><\/figure>\n\n\n\n<p>Listemizin 3.s\u0131ras\u0131nda k\u00fc\u00e7\u00fck bir \u00fclke olan Karada\u011f var.Karada\u011f \u00c7\u0131lg\u0131nca ve Deli dolu gece hayat\u0131yla \u00f6n plana \u00e7\u0131k\u0131yor. Karada\u011f, Avrupa&#8217;n\u0131n g\u00fcneydo\u011fusunda Balkanlar\u0131n Adriyatik k\u0131y\u0131s\u0131nda bir \u00fclkedir.&nbsp;<\/p>\n\n\n\n<p>Mavi ve ye\u015filin uyumuna hayran kalaca\u011f\u0131n\u0131z  Karada\u011f, 180 g\u00fcnl\u00fck s\u00fcre i\u00e7inde 90 g\u00fcn vizesiz ziyaret hakk\u0131 tan\u0131yor.<\/p>\n\n\n\n<hr class=\"wp-block-separator has-css-opacity is-style-wide\"\/>\n\n\n\n<h2 class=\"wp-block-heading\">4.Kuzey K\u0131br\u0131s T\u00fcrk Cumhuriyeti<\/h2>\n\n\n\n<figure class=\"wp-block-image size-full\"><img decoding=\"async\" width=\"800\" height=\"465\" data-src=\"https:\/\/geziyoo.co\/blog\/wp-content\/uploads\/2024\/02\/Vizesiz-Gidilen-Avrupa-Ulkeleri-4.jpg\" alt=\"\" class=\"wp-image-16207 lazyload\" data-srcset=\"https:\/\/geziyoo.co\/blog\/wp-content\/uploads\/2024\/02\/Vizesiz-Gidilen-Avrupa-Ulkeleri-4.jpg 800w, https:\/\/geziyoo.co\/blog\/wp-content\/uploads\/2024\/02\/Vizesiz-Gidilen-Avrupa-Ulkeleri-4-300x174.jpg 300w, https:\/\/geziyoo.co\/blog\/wp-content\/uploads\/2024\/02\/Vizesiz-Gidilen-Avrupa-Ulkeleri-4-768x446.jpg 768w, https:\/\/geziyoo.co\/blog\/wp-content\/uploads\/2024\/02\/Vizesiz-Gidilen-Avrupa-Ulkeleri-4-150x87.jpg 150w\" data-sizes=\"(max-width: 800px) 100vw, 800px\" src=\"data:image\/gif;base64,R0lGODlhAQABAAAAACH5BAEKAAEALAAAAAABAAEAAAICTAEAOw==\" style=\"--smush-placeholder-width: 800px; --smush-placeholder-aspect-ratio: 800\/465;\" \/><figcaption class=\"wp-element-caption\">K\u0131br\u0131s<\/figcaption><\/figure>\n\n\n\n<p>Vizesiz Gidilen Avrupa \u00dclkeleri s\u0131ralamas\u0131nda yavru vatan olarak bildi\u011fimiz K\u0131br\u0131s var.K\u0131br\u0131s&#8217;da hem deniz tatili hemde k\u00fclt\u00fcr tatili yapabilirsiniz.Hem u\u00e7ak hem de <strong><em>Mersin <\/em><\/strong>Ta\u015fucundan kalkan feribotlar ile rahat bir \u015fekilde gidebilirsiniz.<\/p>\n\n\n\n<p>K\u0131br\u0131s\u0131&#8217;a gitti\u011finizde u\u011framan\u0131z gereken yerlerden biriside eskiden kapal\u0131 olan fakat \u015fimdilerde ziyarete a\u00e7\u0131lan Mara\u015f \u015fehridir.<\/p>\n\n\n\n<p>K\u0131br\u0131s&#8217;a Pasaportsuz ve vizesiz giri\u015f yapabilme \u015fans\u0131na sahipsiniz.\u00c7al\u0131\u015fma izni konusunda da s\u0131k\u0131nt\u0131 ya\u015famayaca\u011f\u0131n\u0131z bir yerdir.<\/p>\n\n\n\n<hr class=\"wp-block-separator has-css-opacity is-style-wide\"\/>\n\n\n\n<h2 class=\"wp-block-heading\">5.Makedonya Cumhuriyeti<\/h2>\n\n\n\n<figure class=\"wp-block-image size-full\"><img decoding=\"async\" width=\"800\" height=\"500\" data-src=\"https:\/\/geziyoo.co\/blog\/wp-content\/uploads\/2024\/02\/Vizesiz-Gidilen-Avrupa-Ulkeleri-5.jpg\" alt=\"\" class=\"wp-image-16208 lazyload\" data-srcset=\"https:\/\/geziyoo.co\/blog\/wp-content\/uploads\/2024\/02\/Vizesiz-Gidilen-Avrupa-Ulkeleri-5.jpg 800w, https:\/\/geziyoo.co\/blog\/wp-content\/uploads\/2024\/02\/Vizesiz-Gidilen-Avrupa-Ulkeleri-5-300x188.jpg 300w, https:\/\/geziyoo.co\/blog\/wp-content\/uploads\/2024\/02\/Vizesiz-Gidilen-Avrupa-Ulkeleri-5-768x480.jpg 768w, https:\/\/geziyoo.co\/blog\/wp-content\/uploads\/2024\/02\/Vizesiz-Gidilen-Avrupa-Ulkeleri-5-150x94.jpg 150w\" data-sizes=\"(max-width: 800px) 100vw, 800px\" src=\"data:image\/gif;base64,R0lGODlhAQABAAAAACH5BAEKAAEALAAAAAABAAEAAAICTAEAOw==\" style=\"--smush-placeholder-width: 800px; --smush-placeholder-aspect-ratio: 800\/500;\" \/><figcaption class=\"wp-element-caption\">Vizesiz Gidilen Avrupa \u00dclkeleri &#8211; Makedonya<\/figcaption><\/figure>\n\n\n\n<p>\u0130ncileriyle \u00fcnl\u00fc Ohri\u2019nin g\u00fczelli\u011fi ve tarihteki etkin rol\u00fc bulunan Makedonya\u2019y\u0131 90 g\u00fcne kadar vizesiz ziyaret etme hakk\u0131n\u0131z bulunuyor.Kuzey Makedonya, resm\u00ee ad\u0131yla Kuzey Makedonya Cumhuriyeti, Balkanlar&#8217;da denize k\u0131y\u0131s\u0131 olmayan bir \u00fclkedir. 1991&#8217;de Yugoslavya&#8217;dan ayr\u0131larak ba\u011f\u0131ms\u0131z olmu\u015ftur.&nbsp;<\/p>\n\n\n\n<p>Makedonya tarih boyunca \u00f6n planda olan bir \u00fclkedir.Muhakkak tarihi yerlerini gezin.<\/p>\n\n\n\n<hr class=\"wp-block-separator has-css-opacity is-style-wide\"\/>\n\n\n\n<h2 class=\"wp-block-heading\">6.S\u0131rbistan<\/h2>\n\n\n\n<figure class=\"wp-block-image size-full\"><img decoding=\"async\" width=\"800\" height=\"469\" data-src=\"https:\/\/geziyoo.co\/blog\/wp-content\/uploads\/2024\/02\/Vizesiz-Gidilen-Avrupa-Ulkeleri-6.jpg\" alt=\"\" class=\"wp-image-16209 lazyload\" data-srcset=\"https:\/\/geziyoo.co\/blog\/wp-content\/uploads\/2024\/02\/Vizesiz-Gidilen-Avrupa-Ulkeleri-6.jpg 800w, https:\/\/geziyoo.co\/blog\/wp-content\/uploads\/2024\/02\/Vizesiz-Gidilen-Avrupa-Ulkeleri-6-300x176.jpg 300w, https:\/\/geziyoo.co\/blog\/wp-content\/uploads\/2024\/02\/Vizesiz-Gidilen-Avrupa-Ulkeleri-6-768x450.jpg 768w, https:\/\/geziyoo.co\/blog\/wp-content\/uploads\/2024\/02\/Vizesiz-Gidilen-Avrupa-Ulkeleri-6-150x88.jpg 150w\" data-sizes=\"(max-width: 800px) 100vw, 800px\" src=\"data:image\/gif;base64,R0lGODlhAQABAAAAACH5BAEKAAEALAAAAAABAAEAAAICTAEAOw==\" style=\"--smush-placeholder-width: 800px; --smush-placeholder-aspect-ratio: 800\/469;\" \/><figcaption class=\"wp-element-caption\">S\u0131rbistan<\/figcaption><\/figure>\n\n\n\n<p>Listemizin 6.s\u0131ras\u0131nda S\u0131rbistan var.Uzun y\u0131llar s\u00fcren sava\u015flarla tan\u0131d\u0131\u011f\u0131m\u0131z \u00fclke \u015fimdilerde en \u00e7ok turist \u00e7eken yerlerin ba\u015f\u0131nda gelmektedir.S\u0131rbistan-Karada\u011f\u2019\u0131n ayr\u0131lmas\u0131yla olu\u015fmu\u015ftur. <\/p>\n\n\n\n<p>Kuzeyinde Macaristan, bat\u0131s\u0131nda H\u0131rvatistan, Bosna-Hersek ve Karada\u011f, g\u00fcneyinde Kuzey Makedonya ve Kosova, do\u011fusunda Romanya ve Bulgaristan bulunur.&nbsp;<\/p>\n\n\n\n<p>\u00dclkeye ilk giri\u015finizden 6 ay sonras\u0131na kadar 90 g\u00fcne kadar vizesiz seyahat edebiliyorsunuz.<\/p>\n\n\n\n<hr class=\"wp-block-separator has-css-opacity is-style-wide\"\/>\n\n\n\n<h2 class=\"wp-block-heading\">7.Ukrayna<\/h2>\n\n\n\n<figure class=\"wp-block-image size-full\"><img decoding=\"async\" width=\"800\" height=\"500\" data-src=\"https:\/\/geziyoo.co\/blog\/wp-content\/uploads\/2024\/02\/Vizesiz-Gidilen-Avrupa-Ulkeleri-1.jpg\" alt=\"\" class=\"wp-image-16210 lazyload\" data-srcset=\"https:\/\/geziyoo.co\/blog\/wp-content\/uploads\/2024\/02\/Vizesiz-Gidilen-Avrupa-Ulkeleri-1.jpg 800w, https:\/\/geziyoo.co\/blog\/wp-content\/uploads\/2024\/02\/Vizesiz-Gidilen-Avrupa-Ulkeleri-1-300x188.jpg 300w, https:\/\/geziyoo.co\/blog\/wp-content\/uploads\/2024\/02\/Vizesiz-Gidilen-Avrupa-Ulkeleri-1-768x480.jpg 768w, https:\/\/geziyoo.co\/blog\/wp-content\/uploads\/2024\/02\/Vizesiz-Gidilen-Avrupa-Ulkeleri-1-150x94.jpg 150w\" data-sizes=\"(max-width: 800px) 100vw, 800px\" src=\"data:image\/gif;base64,R0lGODlhAQABAAAAACH5BAEKAAEALAAAAAABAAEAAAICTAEAOw==\" style=\"--smush-placeholder-width: 800px; --smush-placeholder-aspect-ratio: 800\/500;\" \/><figcaption class=\"wp-element-caption\">Ukrayna<\/figcaption><\/figure>\n\n\n\n<p>\u00c7ernobil facias\u0131yla akl\u0131m\u0131za kaz\u0131nan \u00fclke <strong><em>k\u0131\u015f turizmi<\/em><\/strong> i\u00e7in g\u00fczel bir tercih alabilir.Yaz aylar\u0131nda k\u00fclt\u00fcr turlar\u0131na veya gidip \u00c7ernobil b\u00f6lgesini ziyaret edebilirsiniz.<\/p>\n\n\n\n<p>Ukrayna, Do\u011fu Avrupa&#8217;da bir \u00fclke. 603.549 km\u00b2 y\u00fcz \u00f6l\u00e7\u00fcm\u00fcyle tamam\u0131 Avrupa&#8217;da olan en b\u00fcy\u00fck \u00fclkedir. Do\u011fuda ve kuzeydo\u011fuda Rusya, kuzeybat\u0131da Belarus, bat\u0131da Polonya, Slovakya ve Macaristan, g\u00fcneybat\u0131da Romanya ve Moldova&#8217;n\u0131n kom\u015fusudur.<\/p>\n\n\n\n<p>Karadeniz\u2019in di\u011fer yakas\u0131nda bulunan Ukrayna\u2019da 60 g\u00fcne kadar yapaca\u011f\u0131n\u0131z ziyaretlerde vize istenmiyor.<\/p>\n\n\n\n<hr class=\"wp-block-separator has-alpha-channel-opacity is-style-wide\"\/>\n\n\n\n<h2 class=\"wp-block-heading\">Vizesiz Gidilen Avrupa \u00dclkeleri , 2025 G\u00fcncel Liste<\/h2>\n\n\n\n<figure class=\"wp-block-image size-full\"><img decoding=\"async\" width=\"800\" height=\"533\" data-src=\"https:\/\/geziyoo.co\/blog\/wp-content\/uploads\/2024\/02\/Arnavutluk-Vize-7.jpg\" alt=\"\" class=\"wp-image-16084 lazyload\" data-srcset=\"https:\/\/geziyoo.co\/blog\/wp-content\/uploads\/2024\/02\/Arnavutluk-Vize-7.jpg 800w, https:\/\/geziyoo.co\/blog\/wp-content\/uploads\/2024\/02\/Arnavutluk-Vize-7-300x200.jpg 300w, https:\/\/geziyoo.co\/blog\/wp-content\/uploads\/2024\/02\/Arnavutluk-Vize-7-768x512.jpg 768w, https:\/\/geziyoo.co\/blog\/wp-content\/uploads\/2024\/02\/Arnavutluk-Vize-7-150x100.jpg 150w\" data-sizes=\"(max-width: 800px) 100vw, 800px\" src=\"data:image\/gif;base64,R0lGODlhAQABAAAAACH5BAEKAAEALAAAAAABAAEAAAICTAEAOw==\" style=\"--smush-placeholder-width: 800px; --smush-placeholder-aspect-ratio: 800\/533;\" \/><\/figure>\n\n\n\n<figure class=\"wp-block-table is-style-stripes\"><table><thead><tr><th>\u00dclke<\/th><th>Vize \u0130stiyor Mu?<\/th><th>Vize T\u00fcr\u00fc<\/th><th>Vizesiz Ne Kadar Kal\u0131n\u0131r?<\/th><\/tr><\/thead><tbody><tr><td>Makedonya<\/td><td>Hay\u0131r<\/td><td>&#8211;<\/td><td>90 g\u00fcn<\/td><\/tr><tr><td>Ukrayna<\/td><td>Hay\u0131r<\/td><td>&#8211;<\/td><td>S\u00fcresiz<\/td><\/tr><tr><td>Kosova<\/td><td>Hay\u0131r<\/td><td>&#8211;<\/td><td>6 ay i\u00e7inde 90 g\u00fcn<\/td><\/tr><tr><td>Arnavutluk<\/td><td>Hay\u0131r<\/td><td>&#8211;<\/td><td>90 g\u00fcn<\/td><\/tr><tr><td>S\u0131rbistan<\/td><td>Hay\u0131r<\/td><td>&#8211;<\/td><td>180 g\u00fcn i\u00e7inde 90 g\u00fcn<\/td><\/tr><tr><td>Kuzey K\u0131br\u0131s<\/td><td>Hay\u0131r<\/td><td>&#8211;<\/td><td>S\u00fcresiz<\/td><\/tr><tr><td>Bosna-Hersek<\/td><td>Hay\u0131r<\/td><td>&#8211;<\/td><td>180 g\u00fcn i\u00e7inde 90 g\u00fcn<\/td><\/tr><\/tbody><\/table><\/figure>\n\n\n\n<hr class=\"wp-block-separator has-css-opacity is-style-wide\"\/>\n\n\n\n<p>Bir i\u00e7eri\u011fimizin daha sonuna geldik.Dedi\u011fimiz gibi unuttu\u011fumuz yerler var ise l\u00fctfen yorumlar k\u0131sm\u0131ndan bizlerle payla\u015f\u0131n\u0131z.<\/p>\n\n\n\n<p>G\u00fczelce ve g\u00f6nl\u00fcn\u00fczce gezmeniz dile\u011fiyle ve di\u011fer yaz\u0131lar\u0131m\u0131zda g\u00f6r\u00fc\u015fmek dile\u011fiyle ho\u015f\u00e7akal\u0131n.<\/p>\n\n\n\n<hr class=\"wp-block-separator has-css-opacity is-style-wide\"\/>\n\n\n\n<h3 class=\"wp-block-heading\">Bunlar\u0131 da Sevebilirsiniz;<\/h3>\n\n\n<ul class=\"wp-block-latest-posts__list wp-block-latest-posts\"><li><a class=\"wp-block-latest-posts__post-title\" href=\"https:\/\/geziyoo.co\/blog\/yurt-disinda-cocuklarin-egitimi-ebeveynler-formaliteler-yuzunden-nerede-para-kaybediyor\/\">Yurt d\u0131\u015f\u0131nda \u00e7ocuklar\u0131n e\u011fitimi: Ebeveynler formaliteler y\u00fcz\u00fcnden nerede para kaybediyor?<\/a><\/li>\n<li><a class=\"wp-block-latest-posts__post-title\" href=\"https:\/\/geziyoo.co\/blog\/gezerken-ne-giyilir\/\">Gezerken Ne Giyilir? Mevsim Ge\u00e7i\u015fleri ve Yaz Tatilleri \u0130\u00e7in Pratik Kombin Rehberi<\/a><\/li>\n<li><a class=\"wp-block-latest-posts__post-title\" href=\"https:\/\/geziyoo.co\/blog\/2026-resmi-tatilleri-ve-14-gune-43-gun\/\">Ajandalar Haz\u0131rlans\u0131n! 2026 Resmi Tatilleri ve &#8220;14 G\u00fcne 43 G\u00fcn&#8221; Form\u00fcl\u00fc G\u00fcndemde<\/a><\/li>\n<\/ul>","protected":false},"excerpt":{"rendered":"<p>Vizesiz Gidilen Avrupa \u00dclkeleri yaz\u0131m\u0131zdan herkese merhabalar.Hat\u0131rlarsan\u0131z daha \u00f6nceki i\u00e7eriklerimiz de Vizesiz Gidilen Asya \u00dclkelerini , Vize Nedir Nas\u0131l Al\u0131n\u0131r ve Vizesiz Gidilen \u00dclkeler (2026) i\u00e7eriklerini i\u015flemi\u015ftik. Bu listemizde ise vizesiz gidebilece\u011finiz ve en \u00f6nemlisi Ucuz Seyahat Edebilece\u011finiz Avrupa \u00dclkelerini s\u0131ralad\u0131k. Unuttu\u011fumuz bir yer var ise l\u00fctfen yorumlar k\u0131sm\u0131ndan bizlerle payla\u015f\u0131n\u2026 Son olarak di\u011fer vize &hellip;<\/p>\n","protected":false},"author":1,"featured_media":16208,"comment_status":"open","ping_status":"closed","sticky":false,"template":"","format":"standard","meta":{"footnotes":""},"categories":[20],"tags":[373],"class_list":["post-16203","post","type-post","status-publish","format-standard","has-post-thumbnail","hentry","category-gezirehberi","tag-vize-rehberi"],"yoast_head":"<!-- This site is optimized with the Yoast SEO plugin v26.9 - https:\/\/yoast.com\/product\/yoast-seo-wordpress\/ -->\n<title>Vizesiz Gidebilece\u011finiz 7 G\u00fczel ve Ucuz Avrupa \u00dclkesi | Geziyoo<\/title>\n<meta name=\"description\" content=\"Vizesiz Gidilen Avrupa \u00dclkeleri i\u00e7eri\u011fimizde 2026 y\u0131l\u0131nda vizesi olarak gidip gezebilece\u011finiz Avrupa \u00fclkelerine yer verdik.\" \/>\n<meta name=\"robots\" content=\"index, follow, max-snippet:-1, max-image-preview:large, max-video-preview:-1\" \/>\n<link rel=\"canonical\" href=\"https:\/\/geziyoo.co\/blog\/vizesiz-gidilen-avrupa-ulkeleri\/\" \/>\n<meta property=\"og:locale\" content=\"tr_TR\" \/>\n<meta property=\"og:type\" content=\"article\" \/>\n<meta property=\"og:title\" content=\"Vizesiz Gidebilece\u011finiz 7 G\u00fczel ve Ucuz Avrupa \u00dclkesi | Geziyoo\" \/>\n<meta property=\"og:description\" content=\"Vizesiz Gidilen Avrupa \u00dclkeleri i\u00e7eri\u011fimizde 2026 y\u0131l\u0131nda vizesi olarak gidip gezebilece\u011finiz Avrupa \u00fclkelerine yer verdik.\" \/>\n<meta property=\"og:url\" content=\"https:\/\/geziyoo.co\/blog\/vizesiz-gidilen-avrupa-ulkeleri\/\" \/>\n<meta property=\"og:site_name\" content=\"Geziyoo.co\" \/>\n<meta property=\"article:publisher\" content=\"https:\/\/www.facebook.com\/Geziyooco\" \/>\n<meta property=\"article:author\" content=\"https:\/\/www.facebook.com\/geziyoo.co\" \/>\n<meta property=\"article:published_time\" content=\"2024-02-17T11:53:28+00:00\" \/>\n<meta property=\"article:modified_time\" content=\"2026-02-05T11:48:55+00:00\" \/>\n<meta property=\"og:image\" content=\"https:\/\/geziyoo.co\/blog\/wp-content\/uploads\/2024\/02\/Vizesiz-Gidilen-Avrupa-Ulkeleri-5.jpg\" \/>\n\t<meta property=\"og:image:width\" content=\"800\" \/>\n\t<meta property=\"og:image:height\" content=\"500\" \/>\n\t<meta property=\"og:image:type\" content=\"image\/jpeg\" \/>\n<meta name=\"author\" content=\"Geziyoo\" \/>\n<meta name=\"twitter:card\" content=\"summary_large_image\" \/>\n<meta name=\"twitter:creator\" content=\"@https:\/\/twitter.com\/geziyoo\" \/>\n<meta name=\"twitter:site\" content=\"@geziyoo\" \/>\n<meta name=\"twitter:label1\" content=\"Yazan:\" \/>\n\t<meta name=\"twitter:data1\" content=\"Geziyoo\" \/>\n\t<meta name=\"twitter:label2\" content=\"Tahmini okuma s\u00fcresi\" \/>\n\t<meta name=\"twitter:data2\" content=\"6 dakika\" \/>\n<script type=\"application\/ld+json\" class=\"yoast-schema-graph\">{\"@context\":\"https:\/\/schema.org\",\"@graph\":[{\"@type\":\"Article\",\"@id\":\"https:\/\/geziyoo.co\/blog\/vizesiz-gidilen-avrupa-ulkeleri\/#article\",\"isPartOf\":{\"@id\":\"https:\/\/geziyoo.co\/blog\/vizesiz-gidilen-avrupa-ulkeleri\/\"},\"author\":{\"name\":\"Geziyoo\",\"@id\":\"https:\/\/geziyoo.co\/blog\/#\/schema\/person\/032acb2436540ed14784e7d978aef0e4\"},\"headline\":\"Vizesiz Gidebilece\u011finiz 7 G\u00fczel ve Ucuz Avrupa \u00dclkesi\",\"datePublished\":\"2024-02-17T11:53:28+00:00\",\"dateModified\":\"2026-02-05T11:48:55+00:00\",\"mainEntityOfPage\":{\"@id\":\"https:\/\/geziyoo.co\/blog\/vizesiz-gidilen-avrupa-ulkeleri\/\"},\"wordCount\":977,\"commentCount\":0,\"publisher\":{\"@id\":\"https:\/\/geziyoo.co\/blog\/#organization\"},\"image\":{\"@id\":\"https:\/\/geziyoo.co\/blog\/vizesiz-gidilen-avrupa-ulkeleri\/#primaryimage\"},\"thumbnailUrl\":\"https:\/\/geziyoo.co\/blog\/wp-content\/uploads\/2024\/02\/Vizesiz-Gidilen-Avrupa-Ulkeleri-5.jpg\",\"keywords\":[\"Vize\"],\"articleSection\":[\"Gezi Rehberi\"],\"inLanguage\":\"tr\",\"potentialAction\":[{\"@type\":\"CommentAction\",\"name\":\"Comment\",\"target\":[\"https:\/\/geziyoo.co\/blog\/vizesiz-gidilen-avrupa-ulkeleri\/#respond\"]}]},{\"@type\":\"WebPage\",\"@id\":\"https:\/\/geziyoo.co\/blog\/vizesiz-gidilen-avrupa-ulkeleri\/\",\"url\":\"https:\/\/geziyoo.co\/blog\/vizesiz-gidilen-avrupa-ulkeleri\/\",\"name\":\"Vizesiz Gidebilece\u011finiz 7 G\u00fczel ve Ucuz Avrupa \u00dclkesi | Geziyoo\",\"isPartOf\":{\"@id\":\"https:\/\/geziyoo.co\/blog\/#website\"},\"primaryImageOfPage\":{\"@id\":\"https:\/\/geziyoo.co\/blog\/vizesiz-gidilen-avrupa-ulkeleri\/#primaryimage\"},\"image\":{\"@id\":\"https:\/\/geziyoo.co\/blog\/vizesiz-gidilen-avrupa-ulkeleri\/#primaryimage\"},\"thumbnailUrl\":\"https:\/\/geziyoo.co\/blog\/wp-content\/uploads\/2024\/02\/Vizesiz-Gidilen-Avrupa-Ulkeleri-5.jpg\",\"datePublished\":\"2024-02-17T11:53:28+00:00\",\"dateModified\":\"2026-02-05T11:48:55+00:00\",\"description\":\"Vizesiz Gidilen Avrupa \u00dclkeleri i\u00e7eri\u011fimizde 2026 y\u0131l\u0131nda vizesi olarak gidip gezebilece\u011finiz Avrupa \u00fclkelerine yer verdik.\",\"breadcrumb\":{\"@id\":\"https:\/\/geziyoo.co\/blog\/vizesiz-gidilen-avrupa-ulkeleri\/#breadcrumb\"},\"inLanguage\":\"tr\",\"potentialAction\":[{\"@type\":\"ReadAction\",\"target\":[\"https:\/\/geziyoo.co\/blog\/vizesiz-gidilen-avrupa-ulkeleri\/\"]}]},{\"@type\":\"ImageObject\",\"inLanguage\":\"tr\",\"@id\":\"https:\/\/geziyoo.co\/blog\/vizesiz-gidilen-avrupa-ulkeleri\/#primaryimage\",\"url\":\"https:\/\/geziyoo.co\/blog\/wp-content\/uploads\/2024\/02\/Vizesiz-Gidilen-Avrupa-Ulkeleri-5.jpg\",\"contentUrl\":\"https:\/\/geziyoo.co\/blog\/wp-content\/uploads\/2024\/02\/Vizesiz-Gidilen-Avrupa-Ulkeleri-5.jpg\",\"width\":800,\"height\":500},{\"@type\":\"BreadcrumbList\",\"@id\":\"https:\/\/geziyoo.co\/blog\/vizesiz-gidilen-avrupa-ulkeleri\/#breadcrumb\",\"itemListElement\":[{\"@type\":\"ListItem\",\"position\":1,\"name\":\"Ana sayfa\",\"item\":\"https:\/\/geziyoo.co\/blog\/\"},{\"@type\":\"ListItem\",\"position\":2,\"name\":\"Vizesiz Gidebilece\u011finiz 7 G\u00fczel ve Ucuz Avrupa \u00dclkesi\"}]},{\"@type\":\"WebSite\",\"@id\":\"https:\/\/geziyoo.co\/blog\/#website\",\"url\":\"https:\/\/geziyoo.co\/blog\/\",\"name\":\"Geziyoo Blog\",\"description\":\"GeziYoo Blog&#039;da T\u00fcrkiye&#039;nin en iyi kamp alanlar\u0131ndan bungalov tatillerine, karavan ipu\u00e7lar\u0131ndan gezi rehberlerine kadar her t\u00fcrl\u00fc do\u011fa deneyimini ke\u015ffedin.\",\"publisher\":{\"@id\":\"https:\/\/geziyoo.co\/blog\/#organization\"},\"potentialAction\":[{\"@type\":\"SearchAction\",\"target\":{\"@type\":\"EntryPoint\",\"urlTemplate\":\"https:\/\/geziyoo.co\/blog\/?s={search_term_string}\"},\"query-input\":{\"@type\":\"PropertyValueSpecification\",\"valueRequired\":true,\"valueName\":\"search_term_string\"}}],\"inLanguage\":\"tr\"},{\"@type\":\"Organization\",\"@id\":\"https:\/\/geziyoo.co\/blog\/#organization\",\"name\":\"Geziyoo.co\",\"url\":\"https:\/\/geziyoo.co\/blog\/\",\"logo\":{\"@type\":\"ImageObject\",\"inLanguage\":\"tr\",\"@id\":\"https:\/\/geziyoo.co\/blog\/#\/schema\/logo\/image\/\",\"url\":\"https:\/\/geziyoo.co\/blog\/wp-content\/uploads\/2025\/01\/Paragraf-metniniz-3.png\",\"contentUrl\":\"https:\/\/geziyoo.co\/blog\/wp-content\/uploads\/2025\/01\/Paragraf-metniniz-3.png\",\"width\":270,\"height\":50,\"caption\":\"Geziyoo.co\"},\"image\":{\"@id\":\"https:\/\/geziyoo.co\/blog\/#\/schema\/logo\/image\/\"},\"sameAs\":[\"https:\/\/www.facebook.com\/Geziyooco\",\"https:\/\/x.com\/geziyoo\",\"https:\/\/tr.pinterest.com\/geziyooco\/\",\"https:\/\/www.youtube.com\/@geziyoo\",\"https:\/\/www.instagram.com\/geziyoo.co\/\"]},{\"@type\":\"Person\",\"@id\":\"https:\/\/geziyoo.co\/blog\/#\/schema\/person\/032acb2436540ed14784e7d978aef0e4\",\"name\":\"Geziyoo\",\"image\":{\"@type\":\"ImageObject\",\"inLanguage\":\"tr\",\"@id\":\"https:\/\/geziyoo.co\/blog\/#\/schema\/person\/image\/\",\"url\":\"https:\/\/secure.gravatar.com\/avatar\/ae212a4514471fdb8cab6e5af4f3c99b940a2d0a16713ea0392c8d7c8a64f30a?s=96&d=mm&r=g\",\"contentUrl\":\"https:\/\/secure.gravatar.com\/avatar\/ae212a4514471fdb8cab6e5af4f3c99b940a2d0a16713ea0392c8d7c8a64f30a?s=96&d=mm&r=g\",\"caption\":\"Geziyoo\"},\"description\":\"Do\u011fa ile i\u00e7 i\u00e7e olabilece\u011finiz yerler,do\u011fa aktivite alanlar\u0131,kamp alanlar\u0131,bungalov oteller,Tiny House Oteller, Galampingler ve da\u011f evlerinin herkes i\u00e7in ula\u015f\u0131labilir olmas\u0131n\u0131 sa\u011flamak amac\u0131yla Geziyoo\u2019ya 2019 y\u0131l\u0131nda ba\u015flad\u0131k.Do\u011fal Tatil konseptini uygulayan en geni\u015f kapsaml\u0131 sitedir.\",\"sameAs\":[\"https:\/\/geziyoo.co\/\",\"https:\/\/www.facebook.com\/geziyoo.co\",\"https:\/\/www.instagram.com\/geziyoo.co\/\",\"https:\/\/tr.pinterest.com\/geziyooco\/\",\"https:\/\/x.com\/https:\/\/twitter.com\/geziyoo\",\"https:\/\/www.youtube.com\/channel\/UCdiSMa6pe17KEY7DP1Ug4ag\"]}]}<\/script>\n<!-- \/ Yoast SEO plugin. -->","yoast_head_json":{"title":"Vizesiz Gidebilece\u011finiz 7 G\u00fczel ve Ucuz Avrupa \u00dclkesi | Geziyoo","description":"Vizesiz Gidilen Avrupa \u00dclkeleri i\u00e7eri\u011fimizde 2026 y\u0131l\u0131nda vizesi olarak gidip gezebilece\u011finiz Avrupa \u00fclkelerine yer verdik.","robots":{"index":"index","follow":"follow","max-snippet":"max-snippet:-1","max-image-preview":"max-image-preview:large","max-video-preview":"max-video-preview:-1"},"canonical":"https:\/\/geziyoo.co\/blog\/vizesiz-gidilen-avrupa-ulkeleri\/","og_locale":"tr_TR","og_type":"article","og_title":"Vizesiz Gidebilece\u011finiz 7 G\u00fczel ve Ucuz Avrupa \u00dclkesi | Geziyoo","og_description":"Vizesiz Gidilen Avrupa \u00dclkeleri i\u00e7eri\u011fimizde 2026 y\u0131l\u0131nda vizesi olarak gidip gezebilece\u011finiz Avrupa \u00fclkelerine yer verdik.","og_url":"https:\/\/geziyoo.co\/blog\/vizesiz-gidilen-avrupa-ulkeleri\/","og_site_name":"Geziyoo.co","article_publisher":"https:\/\/www.facebook.com\/Geziyooco","article_author":"https:\/\/www.facebook.com\/geziyoo.co","article_published_time":"2024-02-17T11:53:28+00:00","article_modified_time":"2026-02-05T11:48:55+00:00","og_image":[{"width":800,"height":500,"url":"https:\/\/geziyoo.co\/blog\/wp-content\/uploads\/2024\/02\/Vizesiz-Gidilen-Avrupa-Ulkeleri-5.jpg","type":"image\/jpeg"}],"author":"Geziyoo","twitter_card":"summary_large_image","twitter_creator":"@https:\/\/twitter.com\/geziyoo","twitter_site":"@geziyoo","twitter_misc":{"Yazan:":"Geziyoo","Tahmini okuma s\u00fcresi":"6 dakika"},"schema":{"@context":"https:\/\/schema.org","@graph":[{"@type":"Article","@id":"https:\/\/geziyoo.co\/blog\/vizesiz-gidilen-avrupa-ulkeleri\/#article","isPartOf":{"@id":"https:\/\/geziyoo.co\/blog\/vizesiz-gidilen-avrupa-ulkeleri\/"},"author":{"name":"Geziyoo","@id":"https:\/\/geziyoo.co\/blog\/#\/schema\/person\/032acb2436540ed14784e7d978aef0e4"},"headline":"Vizesiz Gidebilece\u011finiz 7 G\u00fczel ve Ucuz Avrupa \u00dclkesi","datePublished":"2024-02-17T11:53:28+00:00","dateModified":"2026-02-05T11:48:55+00:00","mainEntityOfPage":{"@id":"https:\/\/geziyoo.co\/blog\/vizesiz-gidilen-avrupa-ulkeleri\/"},"wordCount":977,"commentCount":0,"publisher":{"@id":"https:\/\/geziyoo.co\/blog\/#organization"},"image":{"@id":"https:\/\/geziyoo.co\/blog\/vizesiz-gidilen-avrupa-ulkeleri\/#primaryimage"},"thumbnailUrl":"https:\/\/geziyoo.co\/blog\/wp-content\/uploads\/2024\/02\/Vizesiz-Gidilen-Avrupa-Ulkeleri-5.jpg","keywords":["Vize"],"articleSection":["Gezi Rehberi"],"inLanguage":"tr","potentialAction":[{"@type":"CommentAction","name":"Comment","target":["https:\/\/geziyoo.co\/blog\/vizesiz-gidilen-avrupa-ulkeleri\/#respond"]}]},{"@type":"WebPage","@id":"https:\/\/geziyoo.co\/blog\/vizesiz-gidilen-avrupa-ulkeleri\/","url":"https:\/\/geziyoo.co\/blog\/vizesiz-gidilen-avrupa-ulkeleri\/","name":"Vizesiz Gidebilece\u011finiz 7 G\u00fczel ve Ucuz Avrupa \u00dclkesi | Geziyoo","isPartOf":{"@id":"https:\/\/geziyoo.co\/blog\/#website"},"primaryImageOfPage":{"@id":"https:\/\/geziyoo.co\/blog\/vizesiz-gidilen-avrupa-ulkeleri\/#primaryimage"},"image":{"@id":"https:\/\/geziyoo.co\/blog\/vizesiz-gidilen-avrupa-ulkeleri\/#primaryimage"},"thumbnailUrl":"https:\/\/geziyoo.co\/blog\/wp-content\/uploads\/2024\/02\/Vizesiz-Gidilen-Avrupa-Ulkeleri-5.jpg","datePublished":"2024-02-17T11:53:28+00:00","dateModified":"2026-02-05T11:48:55+00:00","description":"Vizesiz Gidilen Avrupa \u00dclkeleri i\u00e7eri\u011fimizde 2026 y\u0131l\u0131nda vizesi olarak gidip gezebilece\u011finiz Avrupa \u00fclkelerine yer verdik.","breadcrumb":{"@id":"https:\/\/geziyoo.co\/blog\/vizesiz-gidilen-avrupa-ulkeleri\/#breadcrumb"},"inLanguage":"tr","potentialAction":[{"@type":"ReadAction","target":["https:\/\/geziyoo.co\/blog\/vizesiz-gidilen-avrupa-ulkeleri\/"]}]},{"@type":"ImageObject","inLanguage":"tr","@id":"https:\/\/geziyoo.co\/blog\/vizesiz-gidilen-avrupa-ulkeleri\/#primaryimage","url":"https:\/\/geziyoo.co\/blog\/wp-content\/uploads\/2024\/02\/Vizesiz-Gidilen-Avrupa-Ulkeleri-5.jpg","contentUrl":"https:\/\/geziyoo.co\/blog\/wp-content\/uploads\/2024\/02\/Vizesiz-Gidilen-Avrupa-Ulkeleri-5.jpg","width":800,"height":500},{"@type":"BreadcrumbList","@id":"https:\/\/geziyoo.co\/blog\/vizesiz-gidilen-avrupa-ulkeleri\/#breadcrumb","itemListElement":[{"@type":"ListItem","position":1,"name":"Ana sayfa","item":"https:\/\/geziyoo.co\/blog\/"},{"@type":"ListItem","position":2,"name":"Vizesiz Gidebilece\u011finiz 7 G\u00fczel ve Ucuz Avrupa \u00dclkesi"}]},{"@type":"WebSite","@id":"https:\/\/geziyoo.co\/blog\/#website","url":"https:\/\/geziyoo.co\/blog\/","name":"Geziyoo Blog","description":"GeziYoo Blog&#039;da T\u00fcrkiye&#039;nin en iyi kamp alanlar\u0131ndan bungalov tatillerine, karavan ipu\u00e7lar\u0131ndan gezi rehberlerine kadar her t\u00fcrl\u00fc do\u011fa deneyimini ke\u015ffedin.","publisher":{"@id":"https:\/\/geziyoo.co\/blog\/#organization"},"potentialAction":[{"@type":"SearchAction","target":{"@type":"EntryPoint","urlTemplate":"https:\/\/geziyoo.co\/blog\/?s={search_term_string}"},"query-input":{"@type":"PropertyValueSpecification","valueRequired":true,"valueName":"search_term_string"}}],"inLanguage":"tr"},{"@type":"Organization","@id":"https:\/\/geziyoo.co\/blog\/#organization","name":"Geziyoo.co","url":"https:\/\/geziyoo.co\/blog\/","logo":{"@type":"ImageObject","inLanguage":"tr","@id":"https:\/\/geziyoo.co\/blog\/#\/schema\/logo\/image\/","url":"https:\/\/geziyoo.co\/blog\/wp-content\/uploads\/2025\/01\/Paragraf-metniniz-3.png","contentUrl":"https:\/\/geziyoo.co\/blog\/wp-content\/uploads\/2025\/01\/Paragraf-metniniz-3.png","width":270,"height":50,"caption":"Geziyoo.co"},"image":{"@id":"https:\/\/geziyoo.co\/blog\/#\/schema\/logo\/image\/"},"sameAs":["https:\/\/www.facebook.com\/Geziyooco","https:\/\/x.com\/geziyoo","https:\/\/tr.pinterest.com\/geziyooco\/","https:\/\/www.youtube.com\/@geziyoo","https:\/\/www.instagram.com\/geziyoo.co\/"]},{"@type":"Person","@id":"https:\/\/geziyoo.co\/blog\/#\/schema\/person\/032acb2436540ed14784e7d978aef0e4","name":"Geziyoo","image":{"@type":"ImageObject","inLanguage":"tr","@id":"https:\/\/geziyoo.co\/blog\/#\/schema\/person\/image\/","url":"https:\/\/secure.gravatar.com\/avatar\/ae212a4514471fdb8cab6e5af4f3c99b940a2d0a16713ea0392c8d7c8a64f30a?s=96&d=mm&r=g","contentUrl":"https:\/\/secure.gravatar.com\/avatar\/ae212a4514471fdb8cab6e5af4f3c99b940a2d0a16713ea0392c8d7c8a64f30a?s=96&d=mm&r=g","caption":"Geziyoo"},"description":"Do\u011fa ile i\u00e7 i\u00e7e olabilece\u011finiz yerler,do\u011fa aktivite alanlar\u0131,kamp alanlar\u0131,bungalov oteller,Tiny House Oteller, Galampingler ve da\u011f evlerinin herkes i\u00e7in ula\u015f\u0131labilir olmas\u0131n\u0131 sa\u011flamak amac\u0131yla Geziyoo\u2019ya 2019 y\u0131l\u0131nda ba\u015flad\u0131k.Do\u011fal Tatil konseptini uygulayan en geni\u015f kapsaml\u0131 sitedir.","sameAs":["https:\/\/geziyoo.co\/","https:\/\/www.facebook.com\/geziyoo.co","https:\/\/www.instagram.com\/geziyoo.co\/","https:\/\/tr.pinterest.com\/geziyooco\/","https:\/\/x.com\/https:\/\/twitter.com\/geziyoo","https:\/\/www.youtube.com\/channel\/UCdiSMa6pe17KEY7DP1Ug4ag"]}]}},"amp_enabled":true,"_links":{"self":[{"href":"https:\/\/geziyoo.co\/blog\/wp-json\/wp\/v2\/posts\/16203","targetHints":{"allow":["GET"]}}],"collection":[{"href":"https:\/\/geziyoo.co\/blog\/wp-json\/wp\/v2\/posts"}],"about":[{"href":"https:\/\/geziyoo.co\/blog\/wp-json\/wp\/v2\/types\/post"}],"author":[{"embeddable":true,"href":"https:\/\/geziyoo.co\/blog\/wp-json\/wp\/v2\/users\/1"}],"replies":[{"embeddable":true,"href":"https:\/\/geziyoo.co\/blog\/wp-json\/wp\/v2\/comments?post=16203"}],"version-history":[{"count":0,"href":"https:\/\/geziyoo.co\/blog\/wp-json\/wp\/v2\/posts\/16203\/revisions"}],"wp:featuredmedia":[{"embeddable":true,"href":"https:\/\/geziyoo.co\/blog\/wp-json\/wp\/v2\/media\/16208"}],"wp:attachment":[{"href":"https:\/\/geziyoo.co\/blog\/wp-json\/wp\/v2\/media?parent=16203"}],"wp:term":[{"taxonomy":"category","embeddable":true,"href":"https:\/\/geziyoo.co\/blog\/wp-json\/wp\/v2\/categories?post=16203"},{"taxonomy":"post_tag","embeddable":true,"href":"https:\/\/geziyoo.co\/blog\/wp-json\/wp\/v2\/tags?post=16203"}],"curies":[{"name":"wp","href":"https:\/\/api.w.org\/{rel}","templated":true}]}}