{"id":15968,"date":"2024-02-10T10:04:04","date_gmt":"2024-02-10T10:04:04","guid":{"rendered":"https:\/\/geziyoo.co\/blog\/?p=15968"},"modified":"2026-02-02T14:24:20","modified_gmt":"2026-02-02T14:24:20","slug":"kefken-kamp-alanlari-ve-karavan-alanlari","status":"publish","type":"post","link":"https:\/\/geziyoo.co\/blog\/kefken-kamp-alanlari-ve-karavan-alanlari\/","title":{"rendered":"Kefken Sahil \u015eeridi Denize S\u0131f\u0131r \u00dccretli\/\u00dccretsiz 5 Kamp Noktas\u0131"},"content":{"rendered":"\n<p><strong>Kefken<\/strong>, Kerpe ile birlikte Kocaeli&#8217;nin Karadeniz&#8217;e a\u00e7\u0131lan en pop\u00fcler kap\u0131s\u0131d\u0131r. B\u00f6lgeyi di\u011ferlerinden ay\u0131ran en ikonik \u00f6zellik, suyun i\u00e7inde yumu\u015fak olan ama \u00e7\u0131kar\u0131ld\u0131\u011f\u0131nda sertle\u015fen, Osmanl\u0131 d\u00f6neminde Sultanahmet Camii yap\u0131m\u0131nda bile kullan\u0131lan <strong>Pembe Kayal\u0131klar<\/strong>&#8216;d\u0131r. Kamp\u00e7\u0131lar i\u00e7in bu kayal\u0131klar\u0131n \u00fczeri, g\u00fcn bat\u0131m\u0131n\u0131 izlemek ve denizin hemen dibinde uyanmak i\u00e7in e\u015fsiz bir do\u011fal platformdur.<\/p>\n\n\n\n<p>B\u00f6lge, yaz\u0131n olduk\u00e7a hareketlidir. &#8220;Kefken&#8217;de nerede kal\u0131n\u0131r?&#8221;, &#8220;Deniz tehlikeli mi?&#8221;, &#8220;Orman kamp\u0131 a\u00e7\u0131k m\u0131?&#8221; sorular\u0131 s\u0131k\u00e7a sorulur. Kefken&#8217;in orman kamplar\u0131 genellikle aileler taraf\u0131ndan tercih edilen, d\u00fczenli ve \u00fccretli alanlard\u0131r. Kayal\u0131klar ve koylar (Ye\u015fil Koy, Midye Koyu) ise daha \u00e7ok gen\u00e7lerin ve maceraperestlerin tercih etti\u011fi, tesisin olmad\u0131\u011f\u0131 \u00fccretsiz b\u00f6lgelerdir. Denizin dalgal\u0131 oldu\u011fu g\u00fcnlerde &#8220;Cankurtaran&#8221; uyar\u0131s\u0131 olan plajlar haricinde suya girmek hayati risk ta\u015f\u0131r.<\/p>\n\n\n\n<p>Biz Geziyoo olarak, \u0130stanbul&#8217;un bu yak\u0131n ka\u00e7\u0131\u015f rotas\u0131nda arac\u0131lar\u0131 tamamen aradan \u00e7\u0131kard\u0131k. Listemizde hem <strong>hi\u00e7bir \u00fccret \u00f6demeden<\/strong> kayal\u0131klar\u0131n \u00fczerinde bal\u0131k tutup kamp yapabilece\u011finiz alanlar\u0131, hem de <strong>elektrik, su ve g\u00fcvenlik<\/strong> hizmeti sunan d\u00fczenli orman kamplar\u0131n\u0131 bir araya getirdik.<\/p>\n\n\n\n<p>\u0130ster <strong>Pembe Kayal\u0131klar&#8217;da<\/strong> ate\u015f yak\u0131p y\u0131ld\u0131zlar\u0131 izleyin, ister <strong>Ye\u015fil Koy&#8217;un<\/strong> sessizli\u011fine g\u00f6m\u00fcl\u00fcn; yola \u00e7\u0131kmadan \u00f6nce denizin durumunu mutlaka kontrol edin. \u0130\u015fte Kefken\u2019in en sevilen 5 denize s\u0131f\u0131r kamp dura\u011f\u0131:<\/p>\n\n\n\n<p>Dilerseniz\u00a0<strong><em><a href=\"https:\/\/geziyoo.co\/?select=Kamp+Alanlar%C4%B1&amp;lp_s_loc=228&amp;lp_s_tag=&amp;lp_s_cat=189&amp;s=home&amp;post_type=listing\">Kocaeli Kamp Alanlar\u0131<\/a>\u00a0<\/em><\/strong>Haritam\u0131z\u0131 da kullanabilirsiniz.<\/p>\n\n\n\n<p>Kefken&#8217;de unuttu\u011fumuz veya bilmedi\u011fimiz&nbsp;\u00c7ad\u0131r ve Karavan Kamp alan\u0131&nbsp;var ise l\u00fctfen yorumlar k\u0131sm\u0131ndan bizlerle payla\u015f\u0131n.Kefken haricinde Kamp Alan\u0131, Bungalov veya Da\u011f evi ar\u0131yorsan\u0131z ,&nbsp;<a href=\"https:\/\/geziyoo.co\/?select=Karavan+Kamp%C4%B1&amp;lp_s_loc=&amp;lp_s_tag=&amp;lp_s_cat=229&amp;s=home&amp;post_type=listing\"><em><strong>500\u2019den fazla Kamp ve Karavan Yeri<\/strong><\/em><\/a>&nbsp;sayfam\u0131za bakman\u0131z\u0131 tavsiye diyoruz.<\/p>\n\n\n\n<p>Fazla uzatmadan <strong>Kefken<\/strong> <strong>Kamp Alanlar\u0131 ve Karavan Alanlar\u0131<\/strong> listemize ge\u00e7elim.<\/p>\n\n\n\n<hr class=\"wp-block-separator has-css-opacity is-style-wide\"\/>\n\n\n\n<h2 class=\"wp-block-heading\">1.Kovana\u011fz\u0131 Camping<\/h2>\n\n\n\n<figure class=\"wp-block-image size-full\"><img decoding=\"async\" width=\"800\" height=\"600\" data-src=\"https:\/\/geziyoo.co\/blog\/wp-content\/uploads\/2024\/02\/Kovanagzi-Camping-6.jpg\" alt=\"Kefken Kamp Alanlar\u0131 ve Karavan Alanlar\u0131\" class=\"wp-image-15969 lazyload\" data-srcset=\"https:\/\/geziyoo.co\/blog\/wp-content\/uploads\/2024\/02\/Kovanagzi-Camping-6.jpg 800w, https:\/\/geziyoo.co\/blog\/wp-content\/uploads\/2024\/02\/Kovanagzi-Camping-6-300x225.jpg 300w, https:\/\/geziyoo.co\/blog\/wp-content\/uploads\/2024\/02\/Kovanagzi-Camping-6-768x576.jpg 768w, https:\/\/geziyoo.co\/blog\/wp-content\/uploads\/2024\/02\/Kovanagzi-Camping-6-150x113.jpg 150w\" data-sizes=\"(max-width: 800px) 100vw, 800px\" src=\"data:image\/gif;base64,R0lGODlhAQABAAAAACH5BAEKAAEALAAAAAABAAEAAAICTAEAOw==\" style=\"--smush-placeholder-width: 800px; --smush-placeholder-aspect-ratio: 800\/600;\" \/><figcaption class=\"wp-element-caption\">Kefken Kamp Alanlar\u0131 ve Karavan Alanlar\u0131<\/figcaption><\/figure>\n\n\n\n<p>Kefken Kovana\u011fz\u0131 Koyu, \u015fehir merkezine sadece yirmi dakika mesafede bulunan ve do\u011fal g\u00fczellikleriyle dikkat \u00e7eken bir tatil noktas\u0131d\u0131r. Bu b\u00f6lge, \u0130stanbul sakinlerinin yan\u0131 s\u0131ra, \u015fehri ziyaret eden yabanc\u0131 turistleri de kendine \u00e7eken bir cazibe merkezi haline gelmi\u015ftir. Kefken&#8217;in sundu\u011fu ufak sahil k\u00f6y\u00fc havas\u0131, huzur ve dinginlik arayanlar i\u00e7in ideal bir ortam sunar.<\/p>\n\n\n\n<p>Kovana\u011fz\u0131 Camping ise, bu e\u015fsiz do\u011fa par\u00e7as\u0131n\u0131n hemen yak\u0131n\u0131nda, Kefken&#8217;e kolay eri\u015fim sa\u011flayan bir konumda yer al\u0131yor. Bu kamp alan\u0131, Kovana\u011fz\u0131 Askeri Kamp\u0131&#8217;n\u0131n tam kar\u015f\u0131s\u0131nda konumlanm\u0131\u015f olup, ziyaret\u00e7ilerine do\u011fayla i\u00e7 i\u00e7e bir deneyim sunuyor. \u0130ster kendi \u00e7ad\u0131r\u0131n\u0131z\u0131 kurarak do\u011fan\u0131n tad\u0131n\u0131 \u00e7\u0131kar\u0131n isterseniz de i\u015fletmenin sundu\u011fu \u00e7ad\u0131rlardan birini kiralayarak konforlu bir konaklama deneyimi ya\u015fay\u0131n. Kovana\u011fz\u0131 Camping, su, elektrik ve tuvalet gibi temel ihtiya\u00e7lar\u0131 kar\u015f\u0131layan imkanlar\u0131yla, plaja sadece \u00fc\u00e7 y\u00fcz metre uzakl\u0131kta bir konumda yer al\u0131yor.<\/p>\n\n\n\n<p>Bu \u00f6zel konum, do\u011faseverler ve huzur arayanlar i\u00e7in Kefken b\u00f6lgesinde unutulmaz bir tatil imkan\u0131 sunuyor. Kefken Kovana\u011fz\u0131 Koyu ve Kovana\u011fz\u0131 Camping, \u0130stanbul&#8217;a yak\u0131nl\u0131\u011f\u0131 ve sundu\u011fu do\u011fal g\u00fczelliklerle, hem yerli hem de yabanc\u0131 turistler i\u00e7in cazip bir ka\u00e7\u0131\u015f noktas\u0131 olu\u015fturuyor. Do\u011fa ile ba\u015f ba\u015fa kalmak, denizin ve orman\u0131n huzurunu hissetmek isteyen herkes i\u00e7in Kovana\u011fz\u0131, ke\u015ffedilmeyi bekleyen bir cennet.<\/p>\n\n\n\n<hr class=\"wp-block-separator has-alpha-channel-opacity is-style-wide\"\/>\n\n\n\n<ul id=\"block-ddd6ac4c-f695-4e68-b4be-19d516a458d4\" class=\"wp-block-list\">\n<li><strong>Kovana\u011fz\u0131 Camping<\/strong> <strong>Adres<\/strong>:&nbsp;&nbsp;Kefken, Kand\u0131ra Kefken Yolu No:252, 41600 Kand\u0131ra\/Kocaeli <strong><em><a href=\"https:\/\/www.google.com\/maps?daddr=41.174410531019014,%2030.233563311097907\">Konum Bilgisi<\/a><\/em><\/strong><\/li>\n\n\n\n<li><strong>Kovana\u011fz\u0131 Camping<\/strong> <strong>Telefon:<\/strong>0542 482 85 12<\/li>\n\n\n\n<li><strong>Kovana\u011fz\u0131 Camping&nbsp;Detayl\u0131 Bilgi :<\/strong>&nbsp;Detayl\u0131 bilgiler ve tan\u0131t\u0131m\u0131 i\u00e7in&nbsp;<strong><em><a href=\"https:\/\/geziyoo.co\/listing\/kovanagzi-camping\/\">Kovana\u011fz\u0131 Camping<\/a><\/em><\/strong>&nbsp;sayfam\u0131za bak\u0131n\u0131z.<\/li>\n<\/ul>\n\n\n\n<hr class=\"wp-block-separator has-css-opacity is-style-wide\"\/>\n\n\n\n<h2 class=\"wp-block-heading\">2.Kumca\u011f\u0131z Halk Plaj\u0131 Kamp Alan\u0131<\/h2>\n\n\n\n<figure class=\"wp-block-image size-full\"><img decoding=\"async\" width=\"800\" height=\"600\" data-src=\"https:\/\/geziyoo.co\/blog\/wp-content\/uploads\/2024\/02\/Kumcagiz-Halk-Plaji-Kamp-Alani-3.jpg\" alt=\"Kefken Kamp Alanlar\u0131 ve Karavan Alanlar\u0131\" class=\"wp-image-15971 lazyload\" data-srcset=\"https:\/\/geziyoo.co\/blog\/wp-content\/uploads\/2024\/02\/Kumcagiz-Halk-Plaji-Kamp-Alani-3.jpg 800w, https:\/\/geziyoo.co\/blog\/wp-content\/uploads\/2024\/02\/Kumcagiz-Halk-Plaji-Kamp-Alani-3-300x225.jpg 300w, https:\/\/geziyoo.co\/blog\/wp-content\/uploads\/2024\/02\/Kumcagiz-Halk-Plaji-Kamp-Alani-3-768x576.jpg 768w, https:\/\/geziyoo.co\/blog\/wp-content\/uploads\/2024\/02\/Kumcagiz-Halk-Plaji-Kamp-Alani-3-150x113.jpg 150w\" data-sizes=\"(max-width: 800px) 100vw, 800px\" src=\"data:image\/gif;base64,R0lGODlhAQABAAAAACH5BAEKAAEALAAAAAABAAEAAAICTAEAOw==\" style=\"--smush-placeholder-width: 800px; --smush-placeholder-aspect-ratio: 800\/600;\" \/><\/figure>\n\n\n\n<p>Kumca\u011f\u0131z, ad\u0131ndan da anla\u015f\u0131laca\u011f\u0131 gibi ince kumlar\u0131 ve berrak sular\u0131yla ziyaret\u00e7ilerine adeta bir film sahnesinden \u00e7\u0131km\u0131\u015f gibi bir sahil k\u00f6y\u00fc deneyimi sunuyor. Kerpe ile Kefken aras\u0131nda, bir yanda sakinli\u011fiyle dikkat \u00e7eken bu \u00f6zel yer, \u0130stanbul&#8217;dan ve T\u00fcrkiye&#8217;nin d\u00f6rt bir yan\u0131ndan gelen do\u011faseverleri a\u011f\u0131rl\u0131yor. Sahilinin s\u0131\u011f ve kristal netli\u011findeki suyu, g\u00fcne\u015fin alt\u0131nda parlayan incecik kumlar\u0131 ile birlikte Kumca\u011f\u0131z&#8217;\u0131 \u00f6zellikle aileler ve y\u00fczme merakl\u0131lar\u0131 i\u00e7in cazip bir destinasyon haline getiriyor.<\/p>\n\n\n\n<p>Bu g\u00fczelliklerin yan\u0131 s\u0131ra, plaj\u0131 ikiye b\u00f6len ve \u00e7e\u015fitli tatl\u0131 su bal\u0131klar\u0131n\u0131n ya\u015fam alan\u0131 olan bir dere, bal\u0131k tutmay\u0131 sevenler i\u00e7in e\u015fsiz bir f\u0131rsat sunuyor. Dere kenar\u0131nda kamp kurmak, do\u011fan\u0131n sesleri e\u015fli\u011finde yakalad\u0131\u011f\u0131n\u0131z bal\u0131klar\u0131 pi\u015firip yemek, do\u011fa ile i\u00e7 i\u00e7e olman\u0131n verdi\u011fi huzuru ya\u015famak isteyenler i\u00e7in Kumca\u011f\u0131z, adeta bir cennet.<\/p>\n\n\n\n<p>Kerpe&#8217;ye be\u015f kilometre mesafede yer alan Kumca\u011f\u0131z, yo\u011fun ormanlar\u0131 ve a\u011fa\u00e7 \u00e7e\u015fitlili\u011fi ile do\u011fa i\u00e7inde bir kamp deneyimi arayanlar i\u00e7in ideal bir noktad\u0131r. Kumca\u011f\u0131z Orman Kamp Alan\u0131, modern kamp\u00e7\u0131l\u0131k ihtiya\u00e7lar\u0131 d\u00fc\u015f\u00fcn\u00fclerek haz\u0131rlanm\u0131\u015f, elektrik, su ve tuvalet gibi temel imkanlar\u0131 sunarak konforlu bir konaklama vaat eder. \u0130ster kendi \u00e7ad\u0131r\u0131n\u0131zla bir maceraya at\u0131l\u0131n ister i\u015fletmeden \u00e7ad\u0131r kiralayarak pratik bir \u00e7\u00f6z\u00fcm se\u00e7in, bu kamp alan\u0131, do\u011fa ile ba\u015f ba\u015fa kalabilece\u011finiz, unutulmaz anlar ya\u015fayabilece\u011finiz bir yer.<\/p>\n\n\n\n<p>Kumca\u011f\u0131z, sadece g\u00fczellikleriyle de\u011fil, ayn\u0131 zamanda sundu\u011fu \u00e7e\u015fitli aktivitelerle de ziyaret\u00e7ilerine dolu dolu bir tatil imkan\u0131 sa\u011fl\u0131yor. Yak\u0131nlar\u0131nda bulabilece\u011finiz bakkallar sayesinde, kamp\u0131n\u0131z i\u00e7in gerekli olan t\u00fcm malzemeleri kolayca temin edebilirsiniz. Bu \u00f6zel k\u00f6\u015fe, do\u011fa ile i\u00e7 i\u00e7e, huzurlu ve e\u011flenceli bir tatil arayan herkes i\u00e7in Kefken&#8217;in sundu\u011fu e\u015fsiz g\u00fczelliklerden bir tanesi.<\/p>\n\n\n\n<hr class=\"wp-block-separator has-css-opacity is-style-wide\"\/>\n\n\n\n<ul id=\"block-ddd6ac4c-f695-4e68-b4be-19d516a458d4\" class=\"wp-block-list\">\n<li><strong>Kumca\u011f\u0131z Halk Plaj\u0131 Kamp Alan\u0131 Adres<\/strong>:&nbsp;&nbsp;Kurtyeri, 41600 Kand\u0131ra\/Kocaeli&nbsp;<strong><em><a href=\"https:\/\/maps.app.goo.gl\/fwttxhLzEwREkJVx9\">Konum Bilgisi<\/a><\/em><\/strong><\/li>\n\n\n\n<li><strong>Kumca\u011f\u0131z Halk Plaj\u0131 Kamp Alan\u0131<\/strong> <strong>Detayl\u0131 Bilgi :<\/strong>&nbsp;Detayl\u0131 bilgiler ve tan\u0131t\u0131m\u0131 i\u00e7in&nbsp;<strong><em><a href=\"https:\/\/geziyoo.co\/listing\/kumcagiz-halk-plaji-kamp-alani\/\">Kumca\u011f\u0131z Halk Plaj\u0131 Kamp Alan\u0131<\/a><\/em><\/strong>&nbsp;sayfam\u0131za bak\u0131n\u0131z.<\/li>\n<\/ul>\n\n\n\n<hr class=\"wp-block-separator has-css-opacity is-style-wide\"\/>\n\n\n\n<h2 class=\"wp-block-heading\">3.Kefken Halk Plaj\u0131 Kamp Alan\u0131<\/h2>\n\n\n\n<figure class=\"wp-block-image size-full\"><img decoding=\"async\" width=\"800\" height=\"600\" data-src=\"https:\/\/geziyoo.co\/blog\/wp-content\/uploads\/2024\/02\/Kefken-Halk-Plaji-Kamp-Alani-3.jpg\" alt=\"\" class=\"wp-image-15972 lazyload\" data-srcset=\"https:\/\/geziyoo.co\/blog\/wp-content\/uploads\/2024\/02\/Kefken-Halk-Plaji-Kamp-Alani-3.jpg 800w, https:\/\/geziyoo.co\/blog\/wp-content\/uploads\/2024\/02\/Kefken-Halk-Plaji-Kamp-Alani-3-300x225.jpg 300w, https:\/\/geziyoo.co\/blog\/wp-content\/uploads\/2024\/02\/Kefken-Halk-Plaji-Kamp-Alani-3-768x576.jpg 768w, https:\/\/geziyoo.co\/blog\/wp-content\/uploads\/2024\/02\/Kefken-Halk-Plaji-Kamp-Alani-3-150x113.jpg 150w\" data-sizes=\"(max-width: 800px) 100vw, 800px\" src=\"data:image\/gif;base64,R0lGODlhAQABAAAAACH5BAEKAAEALAAAAAABAAEAAAICTAEAOw==\" style=\"--smush-placeholder-width: 800px; --smush-placeholder-aspect-ratio: 800\/600;\" \/><\/figure>\n\n\n\n<p>Kefken\u2019deki pop\u00fcler mekanlardan biri olan Kefken Halk Plaj\u0131, ziyaret\u00e7ilere geni\u015f bir deneyim yelpazesi sunar. Plaj\u0131n etraf\u0131nda, ziyaret\u00e7ilerin ihtiya\u00e7lar\u0131 d\u00fc\u015f\u00fcn\u00fclerek soyunma kabinleri, tuvalet ve du\u015f alanlar\u0131 gibi temel olanaklar sa\u011flanm\u0131\u015ft\u0131r.<\/p>\n\n\n\n<p>Kendi \u015fezlongunuzu ve \u015femsiyenizi getirerek, g\u00fcne\u015fin ve denizin tad\u0131n\u0131 \u00e7\u0131karabilirsiniz. Aileler ve arkada\u015f gruplar\u0131 i\u00e7in piknik yapmak, g\u00fcn\u00fcbirlik tatil ge\u00e7irmek veya \u00e7ad\u0131r kamp\u0131 yapmak \u00fczere ideal bir yerdir.<\/p>\n\n\n\n<p>Plaj\u0131n yak\u0131n\u0131nda, g\u00fcnl\u00fck ihtiya\u00e7lar\u0131n\u0131z\u0131 kar\u015f\u0131layabilece\u011finiz marketler, at\u0131\u015ft\u0131rmal\u0131klar alabilece\u011finiz b\u00fcfeler, kafe ve restoranlar gibi i\u015fletmeler bulunur.<\/p>\n\n\n\n<p>Kamp yapmay\u0131 planl\u0131yorsan\u0131z, kamp malzemelerinizin tam ve haz\u0131r olmas\u0131na \u00f6zen g\u00f6stermelisiniz. Kefken Halk Plaj\u0131\u2019na toplu ta\u015f\u0131ma ara\u00e7lar\u0131yla veya kendi arac\u0131n\u0131zla rahatl\u0131kla ula\u015fabilirsiniz, bu sayede herkes i\u00e7in ula\u015f\u0131m\u0131 kolay ve eri\u015filebilir bir destinasyon olu\u015fturur.<\/p>\n\n\n\n<hr class=\"wp-block-separator has-alpha-channel-opacity is-style-wide\"\/>\n\n\n\n<ul id=\"block-ddd6ac4c-f695-4e68-b4be-19d516a458d4\" class=\"wp-block-list\">\n<li><strong>Kefken Halk Plaj\u0131 Kamp Alan\u0131 Adres<\/strong>:&nbsp;Kefken, 41600 Kand\u0131ra\/Kocaeli&nbsp;<strong><em><a href=\"https:\/\/maps.app.goo.gl\/TRZ3JbqSWxCsD9NAA\">Konum Bilgisi<\/a><\/em><\/strong><\/li>\n\n\n\n<li><strong>Kefken Halk Plaj\u0131 Kamp Alan\u0131 Detayl\u0131 Bilgi :<\/strong>&nbsp;Detayl\u0131 bilgiler ve tan\u0131t\u0131m\u0131 i\u00e7in&nbsp;<strong><em><a href=\"https:\/\/geziyoo.co\/listing\/kefken-halk-plaji-kamp-alani\/\">Kefken Halk Plaj\u0131 Kamp Alan\u0131<\/a><\/em><\/strong>&nbsp;sayfam\u0131za bak\u0131n\u0131z.<\/li>\n<\/ul>\n\n\n\n<hr class=\"wp-block-separator has-css-opacity is-style-wide\"\/>\n\n\n\n<h2 class=\"wp-block-heading\">4.Midye Koyu Kamp Alan\u0131<\/h2>\n\n\n\n<figure class=\"wp-block-image size-full\"><img decoding=\"async\" width=\"800\" height=\"600\" data-src=\"https:\/\/geziyoo.co\/blog\/wp-content\/uploads\/2024\/02\/Midye-Koyu-Kamp-Alani-3.jpg\" alt=\"\" class=\"wp-image-15973 lazyload\" data-srcset=\"https:\/\/geziyoo.co\/blog\/wp-content\/uploads\/2024\/02\/Midye-Koyu-Kamp-Alani-3.jpg 800w, https:\/\/geziyoo.co\/blog\/wp-content\/uploads\/2024\/02\/Midye-Koyu-Kamp-Alani-3-300x225.jpg 300w, https:\/\/geziyoo.co\/blog\/wp-content\/uploads\/2024\/02\/Midye-Koyu-Kamp-Alani-3-768x576.jpg 768w, https:\/\/geziyoo.co\/blog\/wp-content\/uploads\/2024\/02\/Midye-Koyu-Kamp-Alani-3-150x113.jpg 150w\" data-sizes=\"(max-width: 800px) 100vw, 800px\" src=\"data:image\/gif;base64,R0lGODlhAQABAAAAACH5BAEKAAEALAAAAAABAAEAAAICTAEAOw==\" style=\"--smush-placeholder-width: 800px; --smush-placeholder-aspect-ratio: 800\/600;\" \/><\/figure>\n\n\n\n<p>Midye Koyu, do\u011fa tutkunlar\u0131 i\u00e7in sakl\u0131 bir cennet olarak kendini g\u00f6steriyor. Bu huzurlu ka\u00e7\u0131\u015f noktas\u0131, kristal berrakl\u0131\u011f\u0131nda denizi ve etkileyici kayal\u0131k yap\u0131s\u0131yla, kamp yapmak ve do\u011fan\u0131n i\u00e7inde vakit ge\u00e7irmek isteyenler i\u00e7in ideal bir se\u00e7enektir. \u0130\u015fletme veya tesisin do\u011frudan hizmet vermedi\u011fi bu do\u011fal alanda, ziyaret\u00e7ilerin kendilerini tamamen do\u011faya b\u0131rakmalar\u0131 beklenir.<\/p>\n\n\n\n<p>Koyun \u00e7evresinde, temel ihtiya\u00e7lar\u0131n\u0131z\u0131 kar\u015f\u0131layabilece\u011finiz market, kafe ve b\u00fcfeler bulunsa da, bu noktalar kampa g\u00f6re biraz uzakta yer almakta. Bu sebeple, Midye Koyu&#8217;na ziyaret planlayanlar\u0131n yiyecek ve i\u00e7eceklerini \u00f6nceden haz\u0131rlay\u0131p yanlar\u0131nda getirmeleri tavsiye edilir, b\u00f6ylece g\u00fcn boyunca hi\u00e7bir eksiklik hissetmeden do\u011fan\u0131n keyfini \u00e7\u0131karabilirsiniz.<\/p>\n\n\n\n<p>Koyun k\u00fc\u00e7\u00fck ve samimi yap\u0131s\u0131, g\u00f6lgelik alanlar\u0131n da k\u0131s\u0131tl\u0131 olmas\u0131yla birle\u015fti\u011finde, yaz aylar\u0131nda erken saatlerde varman\u0131n \u00f6nemi ortaya \u00e7\u0131kar. B\u00f6ylece, \u00f6zellikle g\u00fcne\u015fin kavurucu oldu\u011fu saatlerde serin ve g\u00f6lgelik bir yer bulmak daha kolay olacakt\u0131r.<\/p>\n\n\n\n<p>Midye Koyu&#8217;nda ge\u00e7irece\u011finiz zaman, sadece bir kamp deneyimi de\u011fil, ayn\u0131 zamanda do\u011fayla i\u00e7 i\u00e7e, sakin ve yenileyici bir tatil vaat ediyor. Do\u011fan\u0131n bu sakl\u0131 k\u00f6\u015fesinde, \u015fehrin karma\u015fas\u0131ndan uzakla\u015farak, huzurlu bir mola vermek isteyen herkes i\u00e7in Midye Koyu, ke\u015ffedilmeyi bekleyen bir hazinedir.<\/p>\n\n\n\n<hr class=\"wp-block-separator has-alpha-channel-opacity is-style-wide\"\/>\n\n\n\n<ul id=\"block-ddd6ac4c-f695-4e68-b4be-19d516a458d4\" class=\"wp-block-list\">\n<li><strong>Midye Koyu Kamp Alan\u0131 Adres<\/strong>:&nbsp;Kefken, 41600 Kand\u0131ra\/Kocaeli&nbsp;<strong><em><a href=\"https:\/\/www.google.com\/maps?daddr=41.17477302296392,30.22075893319244\">Konum Bilgisi<\/a><\/em><\/strong><\/li>\n\n\n\n<li><strong>Midye Koyu Kamp Alan\u0131<\/strong> <strong> Detayl\u0131 Bilgi :<\/strong>&nbsp;Detayl\u0131 bilgiler ve tan\u0131t\u0131m\u0131 i\u00e7in&nbsp;<strong><em><a href=\"https:\/\/geziyoo.co\/listing\/midye-koyu-kamp-alani\/\">Midye Koyu Kamp Alan\u0131<\/a><\/em><\/strong>&nbsp;sayfam\u0131za bak\u0131n\u0131z.<\/li>\n<\/ul>\n\n\n\n<hr class=\"wp-block-separator has-css-opacity is-style-wide\"\/>\n\n\n\n<h2 class=\"wp-block-heading\">5.Kapri Plaj\u0131 Kamp Alan\u0131<\/h2>\n\n\n\n<figure class=\"wp-block-image size-full\"><img decoding=\"async\" width=\"800\" height=\"600\" data-src=\"https:\/\/geziyoo.co\/blog\/wp-content\/uploads\/2024\/02\/Kapri-Plaji-Kamp-Alani-5.jpg\" alt=\"\" class=\"wp-image-15974 lazyload\" data-srcset=\"https:\/\/geziyoo.co\/blog\/wp-content\/uploads\/2024\/02\/Kapri-Plaji-Kamp-Alani-5.jpg 800w, https:\/\/geziyoo.co\/blog\/wp-content\/uploads\/2024\/02\/Kapri-Plaji-Kamp-Alani-5-300x225.jpg 300w, https:\/\/geziyoo.co\/blog\/wp-content\/uploads\/2024\/02\/Kapri-Plaji-Kamp-Alani-5-768x576.jpg 768w, https:\/\/geziyoo.co\/blog\/wp-content\/uploads\/2024\/02\/Kapri-Plaji-Kamp-Alani-5-150x113.jpg 150w\" data-sizes=\"(max-width: 800px) 100vw, 800px\" src=\"data:image\/gif;base64,R0lGODlhAQABAAAAACH5BAEKAAEALAAAAAABAAEAAAICTAEAOw==\" style=\"--smush-placeholder-width: 800px; --smush-placeholder-aspect-ratio: 800\/600;\" \/><\/figure>\n\n\n\n<p>Kapri Plaj\u0131, Kapri Koyu&#8217;nun e\u015fsiz g\u00fczelliklerinden biri olarak, su alt\u0131 ma\u011faralar\u0131 gibi do\u011fa harikalar\u0131na ev sahipli\u011fi yapar. Bu plaj, \u00e7ad\u0131r kamp\u0131 yapmak isteyenler i\u00e7in uygun bir se\u00e7enektir. Plaj\u0131n \u00e7evresinde ihtiya\u00e7lar\u0131n\u0131z\u0131 kar\u015f\u0131layabilece\u011finiz market, b\u00fcfe ve lokantalar bulunur.<\/p>\n\n\n\n<p>Ancak, hafta sonlar\u0131 plaj alan\u0131 olduk\u00e7a kalabal\u0131k olabilir. Plaj\u0131n b\u00fcy\u00fck bir b\u00f6l\u00fcm\u00fc ta\u015fl\u0131kt\u0131r ve kum alanlar\u0131 neredeyse yok denecek kadar azd\u0131r. Soyunma kabinlerinin mevcut olmas\u0131, ziyaret\u00e7ilere konfor sunar. Ayr\u0131ca, denize atlamak i\u00e7in belirlenmi\u015f b\u00f6lgeler ve serin sular\u0131 ile dikkat \u00e7eken Kapri Plaj\u0131, deniz ayakkab\u0131s\u0131 veya terlik kullan\u0131m\u0131n\u0131 zorunlu k\u0131lar.<\/p>\n\n\n\n<p>\u00c7ad\u0131r\u0131n\u0131z\u0131 kurarken, plaj\u0131n arka k\u0131s\u0131mlar\u0131n\u0131 tercih etmek, hem manzaray\u0131 kapatmaman\u0131z\u0131 sa\u011flar hem de daha sakin bir ortamda kamp yapman\u0131za olanak tan\u0131r.<\/p>\n\n\n\n<hr class=\"wp-block-separator has-alpha-channel-opacity is-style-wide\"\/>\n\n\n\n<ul id=\"block-ddd6ac4c-f695-4e68-b4be-19d516a458d4\" class=\"wp-block-list\">\n<li><strong>Kapri Plaj\u0131 Kamp Alan\u0131<\/strong> <strong>Adres<\/strong>:&nbsp;Kefken, 41600 Kand\u0131ra\/Kocaeli&nbsp;<strong><em><a href=\"https:\/\/www.google.com\/maps?daddr=41.17356674929605,30.22252221883673\">Konum Bilgisi<\/a><\/em><\/strong><\/li>\n\n\n\n<li><strong>Kapri Plaj\u0131 Kamp Alan\u0131<\/strong> <strong>Detayl\u0131 Bilgi :<\/strong>&nbsp;Detayl\u0131 bilgiler ve tan\u0131t\u0131m\u0131 i\u00e7in&nbsp;<strong><em><a href=\"https:\/\/geziyoo.co\/listing\/kapri-plaji-kamp-alani\/\">Kapri Plaj\u0131 Kamp Alan\u0131<\/a><\/em><\/strong>&nbsp;sayfam\u0131za bak\u0131n\u0131z.<\/li>\n<\/ul>\n\n\n\n<hr class=\"wp-block-separator has-alpha-channel-opacity is-style-wide\"\/>\n\n\n\n<p><strong>Kefken&#8217;de kamp yapabilece\u011finiz yerlerin<\/strong>&nbsp;tamam\u0131na yak\u0131n\u0131 sizlerle payla\u015ft\u0131k.Belki kuytuda k\u00f6\u015fede bir ka\u00e7 tane daha vard\u0131r.Kefken&#8217;de kamp yap\u0131lan ba\u015fka yerler var ise l\u00fctfen yorumlar k\u0131sm\u0131ndan bizlerle payla\u015fs\u0131n.Bizlerden \u015fimdilik bu kadar g\u00fczel bir kamp ge\u00e7irmeniz dile\u011fiyle ho\u015f\u00e7akal\u0131n\u2026<\/p>\n\n\n\n<hr class=\"wp-block-separator has-css-opacity is-style-wide\"\/>\n\n\n\n<h3 class=\"wp-block-heading\">Bunlar\u0131 da Sevebilirsiniz;<\/h3>\n\n\n<ul class=\"wp-block-latest-posts__list wp-block-latest-posts\"><li><a class=\"wp-block-latest-posts__post-title\" href=\"https:\/\/geziyoo.co\/blog\/batman-kamp-alanlari\/\">Batman ve \u00c7evresi Do\u011fa \u0130\u00e7inde 4 Kamp Noktas\u0131 (Konum ve \u0130pu\u00e7lar\u0131)<\/a><\/li>\n<li><a class=\"wp-block-latest-posts__post-title\" href=\"https:\/\/geziyoo.co\/blog\/ayder-yaylasi-kamp-alanlari-ve-karavan-alanlari\/\">Ayder Yaylas\u0131 ve \u00c7evresi 2 Kamp Noktas\u0131 (Konum ve \u0130pu\u00e7lar\u0131)<\/a><\/li>\n<li><a class=\"wp-block-latest-posts__post-title\" href=\"https:\/\/geziyoo.co\/blog\/ardesen-kamp-alanlari-ve-karavan-alanlari\/\">Arde\u015fen ve F\u0131rt\u0131na Vadisi Giri\u015fi 5 Kamp Noktas\u0131 (Konum ve \u0130pu\u00e7lar\u0131)<\/a><\/li>\n<\/ul>\n\n\n<p><\/p>\n","protected":false},"excerpt":{"rendered":"<p>Kefken, Kerpe ile birlikte Kocaeli&#8217;nin Karadeniz&#8217;e a\u00e7\u0131lan en pop\u00fcler kap\u0131s\u0131d\u0131r. B\u00f6lgeyi di\u011ferlerinden ay\u0131ran en ikonik \u00f6zellik, suyun i\u00e7inde yumu\u015fak olan ama \u00e7\u0131kar\u0131ld\u0131\u011f\u0131nda sertle\u015fen, Osmanl\u0131 d\u00f6neminde Sultanahmet Camii yap\u0131m\u0131nda bile kullan\u0131lan Pembe Kayal\u0131klar&#8216;d\u0131r. Kamp\u00e7\u0131lar i\u00e7in bu kayal\u0131klar\u0131n \u00fczeri, g\u00fcn bat\u0131m\u0131n\u0131 izlemek ve denizin hemen dibinde uyanmak i\u00e7in e\u015fsiz bir do\u011fal platformdur. B\u00f6lge, yaz\u0131n olduk\u00e7a hareketlidir. &#8220;Kefken&#8217;de &hellip;<\/p>\n","protected":false},"author":1,"featured_media":15970,"comment_status":"open","ping_status":"open","sticky":false,"template":"","format":"standard","meta":{"footnotes":""},"categories":[589,23],"tags":[],"class_list":["post-15968","post","type-post","status-publish","format-standard","has-post-thumbnail","hentry","category-kamp1","category-kamp-kamp-alanlari"],"yoast_head":"<!-- This site is optimized with the Yoast SEO plugin v26.9 - https:\/\/yoast.com\/product\/yoast-seo-wordpress\/ -->\n<title>Kefken\u2019de Denize S\u0131f\u0131r 5 Kamp Alan\u0131: Pembe Kayal\u0131klar ve Ye\u015fil Koy | Geziyoo<\/title>\n<meta name=\"description\" content=\"Kocaeli Kand\u0131ra Kefken, antik Pembe Kayal\u0131klar, bakir do\u011fas\u0131yla Ye\u015fil Koy, Kapri Plaj\u0131 ve orman kamp\u0131 dahil denize s\u0131f\u0131r 5 kamp alan\u0131n\u0131 listeledik. Konumlar Geziyoo&#039;da.\" \/>\n<meta name=\"robots\" content=\"index, follow, max-snippet:-1, max-image-preview:large, max-video-preview:-1\" \/>\n<link rel=\"canonical\" href=\"https:\/\/geziyoo.co\/blog\/kefken-kamp-alanlari-ve-karavan-alanlari\/\" \/>\n<meta property=\"og:locale\" content=\"tr_TR\" \/>\n<meta property=\"og:type\" content=\"article\" \/>\n<meta property=\"og:title\" content=\"Kefken\u2019de Denize S\u0131f\u0131r 5 Kamp Alan\u0131: Pembe Kayal\u0131klar ve Ye\u015fil Koy | Geziyoo\" \/>\n<meta property=\"og:description\" content=\"Kocaeli Kand\u0131ra Kefken, antik Pembe Kayal\u0131klar, bakir do\u011fas\u0131yla Ye\u015fil Koy, Kapri Plaj\u0131 ve orman kamp\u0131 dahil denize s\u0131f\u0131r 5 kamp alan\u0131n\u0131 listeledik. Konumlar Geziyoo&#039;da.\" \/>\n<meta property=\"og:url\" content=\"https:\/\/geziyoo.co\/blog\/kefken-kamp-alanlari-ve-karavan-alanlari\/\" \/>\n<meta property=\"og:site_name\" content=\"Geziyoo.co\" \/>\n<meta property=\"article:publisher\" content=\"https:\/\/www.facebook.com\/Geziyooco\" \/>\n<meta property=\"article:author\" content=\"https:\/\/www.facebook.com\/geziyoo.co\" \/>\n<meta property=\"article:published_time\" content=\"2024-02-10T10:04:04+00:00\" \/>\n<meta property=\"article:modified_time\" content=\"2026-02-02T14:24:20+00:00\" \/>\n<meta property=\"og:image\" content=\"https:\/\/geziyoo.co\/blog\/wp-content\/uploads\/2024\/02\/Kovanagzi-Camping-4.jpg\" \/>\n\t<meta property=\"og:image:width\" content=\"800\" \/>\n\t<meta property=\"og:image:height\" content=\"600\" \/>\n\t<meta property=\"og:image:type\" content=\"image\/jpeg\" \/>\n<meta name=\"author\" content=\"Geziyoo\" \/>\n<meta name=\"twitter:card\" content=\"summary_large_image\" \/>\n<meta name=\"twitter:creator\" content=\"@https:\/\/twitter.com\/geziyoo\" \/>\n<meta name=\"twitter:site\" content=\"@geziyoo\" \/>\n<meta name=\"twitter:label1\" content=\"Yazan:\" \/>\n\t<meta name=\"twitter:data1\" content=\"Geziyoo\" \/>\n\t<meta name=\"twitter:label2\" content=\"Tahmini okuma s\u00fcresi\" \/>\n\t<meta name=\"twitter:data2\" content=\"9 dakika\" \/>\n<script type=\"application\/ld+json\" class=\"yoast-schema-graph\">{\"@context\":\"https:\/\/schema.org\",\"@graph\":[{\"@type\":\"Article\",\"@id\":\"https:\/\/geziyoo.co\/blog\/kefken-kamp-alanlari-ve-karavan-alanlari\/#article\",\"isPartOf\":{\"@id\":\"https:\/\/geziyoo.co\/blog\/kefken-kamp-alanlari-ve-karavan-alanlari\/\"},\"author\":{\"name\":\"Geziyoo\",\"@id\":\"https:\/\/geziyoo.co\/blog\/#\/schema\/person\/032acb2436540ed14784e7d978aef0e4\"},\"headline\":\"Kefken Sahil \u015eeridi Denize S\u0131f\u0131r \u00dccretli\/\u00dccretsiz 5 Kamp Noktas\u0131\",\"datePublished\":\"2024-02-10T10:04:04+00:00\",\"dateModified\":\"2026-02-02T14:24:20+00:00\",\"mainEntityOfPage\":{\"@id\":\"https:\/\/geziyoo.co\/blog\/kefken-kamp-alanlari-ve-karavan-alanlari\/\"},\"wordCount\":1788,\"commentCount\":0,\"publisher\":{\"@id\":\"https:\/\/geziyoo.co\/blog\/#organization\"},\"image\":{\"@id\":\"https:\/\/geziyoo.co\/blog\/kefken-kamp-alanlari-ve-karavan-alanlari\/#primaryimage\"},\"thumbnailUrl\":\"https:\/\/geziyoo.co\/blog\/wp-content\/uploads\/2024\/02\/Kovanagzi-Camping-4.jpg\",\"articleSection\":[\"Kamp\",\"Kamp Alanlar\u0131\"],\"inLanguage\":\"tr\",\"potentialAction\":[{\"@type\":\"CommentAction\",\"name\":\"Comment\",\"target\":[\"https:\/\/geziyoo.co\/blog\/kefken-kamp-alanlari-ve-karavan-alanlari\/#respond\"]}]},{\"@type\":\"WebPage\",\"@id\":\"https:\/\/geziyoo.co\/blog\/kefken-kamp-alanlari-ve-karavan-alanlari\/\",\"url\":\"https:\/\/geziyoo.co\/blog\/kefken-kamp-alanlari-ve-karavan-alanlari\/\",\"name\":\"Kefken\u2019de Denize S\u0131f\u0131r 5 Kamp Alan\u0131: Pembe Kayal\u0131klar ve Ye\u015fil Koy | Geziyoo\",\"isPartOf\":{\"@id\":\"https:\/\/geziyoo.co\/blog\/#website\"},\"primaryImageOfPage\":{\"@id\":\"https:\/\/geziyoo.co\/blog\/kefken-kamp-alanlari-ve-karavan-alanlari\/#primaryimage\"},\"image\":{\"@id\":\"https:\/\/geziyoo.co\/blog\/kefken-kamp-alanlari-ve-karavan-alanlari\/#primaryimage\"},\"thumbnailUrl\":\"https:\/\/geziyoo.co\/blog\/wp-content\/uploads\/2024\/02\/Kovanagzi-Camping-4.jpg\",\"datePublished\":\"2024-02-10T10:04:04+00:00\",\"dateModified\":\"2026-02-02T14:24:20+00:00\",\"description\":\"Kocaeli Kand\u0131ra Kefken, antik Pembe Kayal\u0131klar, bakir do\u011fas\u0131yla Ye\u015fil Koy, Kapri Plaj\u0131 ve orman kamp\u0131 dahil denize s\u0131f\u0131r 5 kamp alan\u0131n\u0131 listeledik. Konumlar Geziyoo'da.\",\"breadcrumb\":{\"@id\":\"https:\/\/geziyoo.co\/blog\/kefken-kamp-alanlari-ve-karavan-alanlari\/#breadcrumb\"},\"inLanguage\":\"tr\",\"potentialAction\":[{\"@type\":\"ReadAction\",\"target\":[\"https:\/\/geziyoo.co\/blog\/kefken-kamp-alanlari-ve-karavan-alanlari\/\"]}]},{\"@type\":\"ImageObject\",\"inLanguage\":\"tr\",\"@id\":\"https:\/\/geziyoo.co\/blog\/kefken-kamp-alanlari-ve-karavan-alanlari\/#primaryimage\",\"url\":\"https:\/\/geziyoo.co\/blog\/wp-content\/uploads\/2024\/02\/Kovanagzi-Camping-4.jpg\",\"contentUrl\":\"https:\/\/geziyoo.co\/blog\/wp-content\/uploads\/2024\/02\/Kovanagzi-Camping-4.jpg\",\"width\":800,\"height\":600},{\"@type\":\"BreadcrumbList\",\"@id\":\"https:\/\/geziyoo.co\/blog\/kefken-kamp-alanlari-ve-karavan-alanlari\/#breadcrumb\",\"itemListElement\":[{\"@type\":\"ListItem\",\"position\":1,\"name\":\"Ana sayfa\",\"item\":\"https:\/\/geziyoo.co\/blog\/\"},{\"@type\":\"ListItem\",\"position\":2,\"name\":\"Kefken Sahil \u015eeridi Denize S\u0131f\u0131r \u00dccretli\/\u00dccretsiz 5 Kamp Noktas\u0131\"}]},{\"@type\":\"WebSite\",\"@id\":\"https:\/\/geziyoo.co\/blog\/#website\",\"url\":\"https:\/\/geziyoo.co\/blog\/\",\"name\":\"Geziyoo Blog\",\"description\":\"GeziYoo Blog&#039;da T\u00fcrkiye&#039;nin en iyi kamp alanlar\u0131ndan bungalov tatillerine, karavan ipu\u00e7lar\u0131ndan gezi rehberlerine kadar her t\u00fcrl\u00fc do\u011fa deneyimini ke\u015ffedin.\",\"publisher\":{\"@id\":\"https:\/\/geziyoo.co\/blog\/#organization\"},\"potentialAction\":[{\"@type\":\"SearchAction\",\"target\":{\"@type\":\"EntryPoint\",\"urlTemplate\":\"https:\/\/geziyoo.co\/blog\/?s={search_term_string}\"},\"query-input\":{\"@type\":\"PropertyValueSpecification\",\"valueRequired\":true,\"valueName\":\"search_term_string\"}}],\"inLanguage\":\"tr\"},{\"@type\":\"Organization\",\"@id\":\"https:\/\/geziyoo.co\/blog\/#organization\",\"name\":\"Geziyoo.co\",\"url\":\"https:\/\/geziyoo.co\/blog\/\",\"logo\":{\"@type\":\"ImageObject\",\"inLanguage\":\"tr\",\"@id\":\"https:\/\/geziyoo.co\/blog\/#\/schema\/logo\/image\/\",\"url\":\"https:\/\/geziyoo.co\/blog\/wp-content\/uploads\/2025\/01\/Paragraf-metniniz-3.png\",\"contentUrl\":\"https:\/\/geziyoo.co\/blog\/wp-content\/uploads\/2025\/01\/Paragraf-metniniz-3.png\",\"width\":270,\"height\":50,\"caption\":\"Geziyoo.co\"},\"image\":{\"@id\":\"https:\/\/geziyoo.co\/blog\/#\/schema\/logo\/image\/\"},\"sameAs\":[\"https:\/\/www.facebook.com\/Geziyooco\",\"https:\/\/x.com\/geziyoo\",\"https:\/\/tr.pinterest.com\/geziyooco\/\",\"https:\/\/www.youtube.com\/@geziyoo\",\"https:\/\/www.instagram.com\/geziyoo.co\/\"]},{\"@type\":\"Person\",\"@id\":\"https:\/\/geziyoo.co\/blog\/#\/schema\/person\/032acb2436540ed14784e7d978aef0e4\",\"name\":\"Geziyoo\",\"image\":{\"@type\":\"ImageObject\",\"inLanguage\":\"tr\",\"@id\":\"https:\/\/geziyoo.co\/blog\/#\/schema\/person\/image\/\",\"url\":\"https:\/\/secure.gravatar.com\/avatar\/ae212a4514471fdb8cab6e5af4f3c99b940a2d0a16713ea0392c8d7c8a64f30a?s=96&d=mm&r=g\",\"contentUrl\":\"https:\/\/secure.gravatar.com\/avatar\/ae212a4514471fdb8cab6e5af4f3c99b940a2d0a16713ea0392c8d7c8a64f30a?s=96&d=mm&r=g\",\"caption\":\"Geziyoo\"},\"description\":\"Do\u011fa ile i\u00e7 i\u00e7e olabilece\u011finiz yerler,do\u011fa aktivite alanlar\u0131,kamp alanlar\u0131,bungalov oteller,Tiny House Oteller, Galampingler ve da\u011f evlerinin herkes i\u00e7in ula\u015f\u0131labilir olmas\u0131n\u0131 sa\u011flamak amac\u0131yla Geziyoo\u2019ya 2019 y\u0131l\u0131nda ba\u015flad\u0131k.Do\u011fal Tatil konseptini uygulayan en geni\u015f kapsaml\u0131 sitedir.\",\"sameAs\":[\"https:\/\/geziyoo.co\/\",\"https:\/\/www.facebook.com\/geziyoo.co\",\"https:\/\/www.instagram.com\/geziyoo.co\/\",\"https:\/\/tr.pinterest.com\/geziyooco\/\",\"https:\/\/x.com\/https:\/\/twitter.com\/geziyoo\",\"https:\/\/www.youtube.com\/channel\/UCdiSMa6pe17KEY7DP1Ug4ag\"]}]}<\/script>\n<!-- \/ Yoast SEO plugin. -->","yoast_head_json":{"title":"Kefken\u2019de Denize S\u0131f\u0131r 5 Kamp Alan\u0131: Pembe Kayal\u0131klar ve Ye\u015fil Koy | Geziyoo","description":"Kocaeli Kand\u0131ra Kefken, antik Pembe Kayal\u0131klar, bakir do\u011fas\u0131yla Ye\u015fil Koy, Kapri Plaj\u0131 ve orman kamp\u0131 dahil denize s\u0131f\u0131r 5 kamp alan\u0131n\u0131 listeledik. Konumlar Geziyoo'da.","robots":{"index":"index","follow":"follow","max-snippet":"max-snippet:-1","max-image-preview":"max-image-preview:large","max-video-preview":"max-video-preview:-1"},"canonical":"https:\/\/geziyoo.co\/blog\/kefken-kamp-alanlari-ve-karavan-alanlari\/","og_locale":"tr_TR","og_type":"article","og_title":"Kefken\u2019de Denize S\u0131f\u0131r 5 Kamp Alan\u0131: Pembe Kayal\u0131klar ve Ye\u015fil Koy | Geziyoo","og_description":"Kocaeli Kand\u0131ra Kefken, antik Pembe Kayal\u0131klar, bakir do\u011fas\u0131yla Ye\u015fil Koy, Kapri Plaj\u0131 ve orman kamp\u0131 dahil denize s\u0131f\u0131r 5 kamp alan\u0131n\u0131 listeledik. Konumlar Geziyoo'da.","og_url":"https:\/\/geziyoo.co\/blog\/kefken-kamp-alanlari-ve-karavan-alanlari\/","og_site_name":"Geziyoo.co","article_publisher":"https:\/\/www.facebook.com\/Geziyooco","article_author":"https:\/\/www.facebook.com\/geziyoo.co","article_published_time":"2024-02-10T10:04:04+00:00","article_modified_time":"2026-02-02T14:24:20+00:00","og_image":[{"width":800,"height":600,"url":"https:\/\/geziyoo.co\/blog\/wp-content\/uploads\/2024\/02\/Kovanagzi-Camping-4.jpg","type":"image\/jpeg"}],"author":"Geziyoo","twitter_card":"summary_large_image","twitter_creator":"@https:\/\/twitter.com\/geziyoo","twitter_site":"@geziyoo","twitter_misc":{"Yazan:":"Geziyoo","Tahmini okuma s\u00fcresi":"9 dakika"},"schema":{"@context":"https:\/\/schema.org","@graph":[{"@type":"Article","@id":"https:\/\/geziyoo.co\/blog\/kefken-kamp-alanlari-ve-karavan-alanlari\/#article","isPartOf":{"@id":"https:\/\/geziyoo.co\/blog\/kefken-kamp-alanlari-ve-karavan-alanlari\/"},"author":{"name":"Geziyoo","@id":"https:\/\/geziyoo.co\/blog\/#\/schema\/person\/032acb2436540ed14784e7d978aef0e4"},"headline":"Kefken Sahil \u015eeridi Denize S\u0131f\u0131r \u00dccretli\/\u00dccretsiz 5 Kamp Noktas\u0131","datePublished":"2024-02-10T10:04:04+00:00","dateModified":"2026-02-02T14:24:20+00:00","mainEntityOfPage":{"@id":"https:\/\/geziyoo.co\/blog\/kefken-kamp-alanlari-ve-karavan-alanlari\/"},"wordCount":1788,"commentCount":0,"publisher":{"@id":"https:\/\/geziyoo.co\/blog\/#organization"},"image":{"@id":"https:\/\/geziyoo.co\/blog\/kefken-kamp-alanlari-ve-karavan-alanlari\/#primaryimage"},"thumbnailUrl":"https:\/\/geziyoo.co\/blog\/wp-content\/uploads\/2024\/02\/Kovanagzi-Camping-4.jpg","articleSection":["Kamp","Kamp Alanlar\u0131"],"inLanguage":"tr","potentialAction":[{"@type":"CommentAction","name":"Comment","target":["https:\/\/geziyoo.co\/blog\/kefken-kamp-alanlari-ve-karavan-alanlari\/#respond"]}]},{"@type":"WebPage","@id":"https:\/\/geziyoo.co\/blog\/kefken-kamp-alanlari-ve-karavan-alanlari\/","url":"https:\/\/geziyoo.co\/blog\/kefken-kamp-alanlari-ve-karavan-alanlari\/","name":"Kefken\u2019de Denize S\u0131f\u0131r 5 Kamp Alan\u0131: Pembe Kayal\u0131klar ve Ye\u015fil Koy | Geziyoo","isPartOf":{"@id":"https:\/\/geziyoo.co\/blog\/#website"},"primaryImageOfPage":{"@id":"https:\/\/geziyoo.co\/blog\/kefken-kamp-alanlari-ve-karavan-alanlari\/#primaryimage"},"image":{"@id":"https:\/\/geziyoo.co\/blog\/kefken-kamp-alanlari-ve-karavan-alanlari\/#primaryimage"},"thumbnailUrl":"https:\/\/geziyoo.co\/blog\/wp-content\/uploads\/2024\/02\/Kovanagzi-Camping-4.jpg","datePublished":"2024-02-10T10:04:04+00:00","dateModified":"2026-02-02T14:24:20+00:00","description":"Kocaeli Kand\u0131ra Kefken, antik Pembe Kayal\u0131klar, bakir do\u011fas\u0131yla Ye\u015fil Koy, Kapri Plaj\u0131 ve orman kamp\u0131 dahil denize s\u0131f\u0131r 5 kamp alan\u0131n\u0131 listeledik. Konumlar Geziyoo'da.","breadcrumb":{"@id":"https:\/\/geziyoo.co\/blog\/kefken-kamp-alanlari-ve-karavan-alanlari\/#breadcrumb"},"inLanguage":"tr","potentialAction":[{"@type":"ReadAction","target":["https:\/\/geziyoo.co\/blog\/kefken-kamp-alanlari-ve-karavan-alanlari\/"]}]},{"@type":"ImageObject","inLanguage":"tr","@id":"https:\/\/geziyoo.co\/blog\/kefken-kamp-alanlari-ve-karavan-alanlari\/#primaryimage","url":"https:\/\/geziyoo.co\/blog\/wp-content\/uploads\/2024\/02\/Kovanagzi-Camping-4.jpg","contentUrl":"https:\/\/geziyoo.co\/blog\/wp-content\/uploads\/2024\/02\/Kovanagzi-Camping-4.jpg","width":800,"height":600},{"@type":"BreadcrumbList","@id":"https:\/\/geziyoo.co\/blog\/kefken-kamp-alanlari-ve-karavan-alanlari\/#breadcrumb","itemListElement":[{"@type":"ListItem","position":1,"name":"Ana sayfa","item":"https:\/\/geziyoo.co\/blog\/"},{"@type":"ListItem","position":2,"name":"Kefken Sahil \u015eeridi Denize S\u0131f\u0131r \u00dccretli\/\u00dccretsiz 5 Kamp Noktas\u0131"}]},{"@type":"WebSite","@id":"https:\/\/geziyoo.co\/blog\/#website","url":"https:\/\/geziyoo.co\/blog\/","name":"Geziyoo Blog","description":"GeziYoo Blog&#039;da T\u00fcrkiye&#039;nin en iyi kamp alanlar\u0131ndan bungalov tatillerine, karavan ipu\u00e7lar\u0131ndan gezi rehberlerine kadar her t\u00fcrl\u00fc do\u011fa deneyimini ke\u015ffedin.","publisher":{"@id":"https:\/\/geziyoo.co\/blog\/#organization"},"potentialAction":[{"@type":"SearchAction","target":{"@type":"EntryPoint","urlTemplate":"https:\/\/geziyoo.co\/blog\/?s={search_term_string}"},"query-input":{"@type":"PropertyValueSpecification","valueRequired":true,"valueName":"search_term_string"}}],"inLanguage":"tr"},{"@type":"Organization","@id":"https:\/\/geziyoo.co\/blog\/#organization","name":"Geziyoo.co","url":"https:\/\/geziyoo.co\/blog\/","logo":{"@type":"ImageObject","inLanguage":"tr","@id":"https:\/\/geziyoo.co\/blog\/#\/schema\/logo\/image\/","url":"https:\/\/geziyoo.co\/blog\/wp-content\/uploads\/2025\/01\/Paragraf-metniniz-3.png","contentUrl":"https:\/\/geziyoo.co\/blog\/wp-content\/uploads\/2025\/01\/Paragraf-metniniz-3.png","width":270,"height":50,"caption":"Geziyoo.co"},"image":{"@id":"https:\/\/geziyoo.co\/blog\/#\/schema\/logo\/image\/"},"sameAs":["https:\/\/www.facebook.com\/Geziyooco","https:\/\/x.com\/geziyoo","https:\/\/tr.pinterest.com\/geziyooco\/","https:\/\/www.youtube.com\/@geziyoo","https:\/\/www.instagram.com\/geziyoo.co\/"]},{"@type":"Person","@id":"https:\/\/geziyoo.co\/blog\/#\/schema\/person\/032acb2436540ed14784e7d978aef0e4","name":"Geziyoo","image":{"@type":"ImageObject","inLanguage":"tr","@id":"https:\/\/geziyoo.co\/blog\/#\/schema\/person\/image\/","url":"https:\/\/secure.gravatar.com\/avatar\/ae212a4514471fdb8cab6e5af4f3c99b940a2d0a16713ea0392c8d7c8a64f30a?s=96&d=mm&r=g","contentUrl":"https:\/\/secure.gravatar.com\/avatar\/ae212a4514471fdb8cab6e5af4f3c99b940a2d0a16713ea0392c8d7c8a64f30a?s=96&d=mm&r=g","caption":"Geziyoo"},"description":"Do\u011fa ile i\u00e7 i\u00e7e olabilece\u011finiz yerler,do\u011fa aktivite alanlar\u0131,kamp alanlar\u0131,bungalov oteller,Tiny House Oteller, Galampingler ve da\u011f evlerinin herkes i\u00e7in ula\u015f\u0131labilir olmas\u0131n\u0131 sa\u011flamak amac\u0131yla Geziyoo\u2019ya 2019 y\u0131l\u0131nda ba\u015flad\u0131k.Do\u011fal Tatil konseptini uygulayan en geni\u015f kapsaml\u0131 sitedir.","sameAs":["https:\/\/geziyoo.co\/","https:\/\/www.facebook.com\/geziyoo.co","https:\/\/www.instagram.com\/geziyoo.co\/","https:\/\/tr.pinterest.com\/geziyooco\/","https:\/\/x.com\/https:\/\/twitter.com\/geziyoo","https:\/\/www.youtube.com\/channel\/UCdiSMa6pe17KEY7DP1Ug4ag"]}]}},"amp_enabled":true,"_links":{"self":[{"href":"https:\/\/geziyoo.co\/blog\/wp-json\/wp\/v2\/posts\/15968","targetHints":{"allow":["GET"]}}],"collection":[{"href":"https:\/\/geziyoo.co\/blog\/wp-json\/wp\/v2\/posts"}],"about":[{"href":"https:\/\/geziyoo.co\/blog\/wp-json\/wp\/v2\/types\/post"}],"author":[{"embeddable":true,"href":"https:\/\/geziyoo.co\/blog\/wp-json\/wp\/v2\/users\/1"}],"replies":[{"embeddable":true,"href":"https:\/\/geziyoo.co\/blog\/wp-json\/wp\/v2\/comments?post=15968"}],"version-history":[{"count":0,"href":"https:\/\/geziyoo.co\/blog\/wp-json\/wp\/v2\/posts\/15968\/revisions"}],"wp:featuredmedia":[{"embeddable":true,"href":"https:\/\/geziyoo.co\/blog\/wp-json\/wp\/v2\/media\/15970"}],"wp:attachment":[{"href":"https:\/\/geziyoo.co\/blog\/wp-json\/wp\/v2\/media?parent=15968"}],"wp:term":[{"taxonomy":"category","embeddable":true,"href":"https:\/\/geziyoo.co\/blog\/wp-json\/wp\/v2\/categories?post=15968"},{"taxonomy":"post_tag","embeddable":true,"href":"https:\/\/geziyoo.co\/blog\/wp-json\/wp\/v2\/tags?post=15968"}],"curies":[{"name":"wp","href":"https:\/\/api.w.org\/{rel}","templated":true}]}}