{"id":15801,"date":"2024-02-02T05:31:13","date_gmt":"2024-02-02T05:31:13","guid":{"rendered":"https:\/\/geziyoo.co\/blog\/?p=15801"},"modified":"2026-02-05T10:40:34","modified_gmt":"2026-02-05T10:40:34","slug":"yesil-pasaporta-vize-istemeyen-ulkeler","status":"publish","type":"post","link":"https:\/\/geziyoo.co\/blog\/yesil-pasaporta-vize-istemeyen-ulkeler\/","title":{"rendered":"2026 Y\u0131l\u0131nda Ye\u015fil Pasaporta Vize \u0130stemeyen \u00dclkeler"},"content":{"rendered":"\n<p><strong>2026 Y\u0131l\u0131nda Ye\u015fil Pasaporta Vize \u0130stemeyen \u00dclkeler<\/strong> yaz\u0131m\u0131zdan herkese merhabalar. Bu i\u00e7eri\u011fimizde Ye\u015fil Pasaport sahiplerinin gidebielece\u011fi \u00fclkeler yer almakta.<\/p>\n\n\n\n<p>Bu yaz\u0131m\u0131zda da art\u0131k Ye\u015fil pasaportunuzu ald\u0131n\u0131z ve hangi \u00fclkelere gidelebilece\u011fine \u00f6\u011frenmeye geldi. <strong>Ye\u015fil pasaport kapsam a\u00e7\u0131s\u0131ndan geni\u015f olsa da D\u00fcnyada ki t\u00fcm \u00fclkelere maalesef vizesiz girme \u015fans\u0131n\u0131 vermemektedir.<\/strong><\/p>\n\n\n\n<p>Ye\u015fil <strong><em>pasaport<\/em><\/strong> kullanarak toplam 64 \u00fclkeye vizesiz gidilebilmektedir.O halde fazla uzatmadan bakal\u0131m bu \u00fclkeler hangileriymi\u015f.<\/p>\n\n\n\n<blockquote class=\"wp-block-quote quote-solid is-layout-flow wp-block-quote quote-solid-is-layout-flow\">\n<p>Ye\u015fil Pasaport ile ilgili detayl\u0131 bilgilere <strong><em><a href=\"https:\/\/geziyoo.co\/blog\/yesil-pasaport\/\" data-type=\"post\" data-id=\"16038\">YE\u015e\u0130L PASAPORT<\/a><\/em><\/strong> i\u00e7eri\u011fimizden ula\u015fabilirsiniz.Ayr\u0131ca <strong><em><a href=\"https:\/\/geziyoo.co\/blog\/pasaport-ucreti-hesaplama-araci-2025-pasaport-ucretleri\/\">Pasaport \u00dccreti Hesaplama Arac\u0131, 2025 Pasaport \u00dccretleri<\/a><\/em><\/strong> i\u00e7eri\u011fimzie bakarak maliyetinizi hesaplayabilirsiniz.<\/p>\n<\/blockquote>\n\n\n\n<p>UYARI:Anla\u015fmalr gere\u011fi baz\u0131 zamanlarda Muafiyetler kald\u0131r\u0131labiliyor.<strong><em><a href=\"https:\/\/geziyoo.co\/blog\/turkiyede-ki-konsolosluklar\/\" data-type=\"post\" data-id=\"15846\">Konsolosluklar\u0131n<\/a><\/em><\/strong> internet sitelerinden teyit alman\u0131z \u00f6nerilir.<\/p>\n\n\n\n<hr class=\"wp-block-separator has-css-opacity is-style-wide\"\/>\n\n\n\n<h1 class=\"wp-block-heading\">Ye\u015fil Pasaporta Vize \u0130stemeyen \u00dclkeler<\/h1>\n\n\n\n<figure class=\"wp-block-image size-full\"><img decoding=\"async\" width=\"800\" height=\"424\" data-src=\"https:\/\/geziyoo.co\/blog\/wp-content\/uploads\/2024\/02\/Yesil-Pasaporta-Vize-Istemeyen-Ulkeler-2.jpg\" alt=\"\" class=\"wp-image-15802 lazyload\" data-srcset=\"https:\/\/geziyoo.co\/blog\/wp-content\/uploads\/2024\/02\/Yesil-Pasaporta-Vize-Istemeyen-Ulkeler-2.jpg 800w, https:\/\/geziyoo.co\/blog\/wp-content\/uploads\/2024\/02\/Yesil-Pasaporta-Vize-Istemeyen-Ulkeler-2-300x159.jpg 300w, https:\/\/geziyoo.co\/blog\/wp-content\/uploads\/2024\/02\/Yesil-Pasaporta-Vize-Istemeyen-Ulkeler-2-768x407.jpg 768w, https:\/\/geziyoo.co\/blog\/wp-content\/uploads\/2024\/02\/Yesil-Pasaporta-Vize-Istemeyen-Ulkeler-2-150x80.jpg 150w\" data-sizes=\"(max-width: 800px) 100vw, 800px\" src=\"data:image\/gif;base64,R0lGODlhAQABAAAAACH5BAEKAAEALAAAAAABAAEAAAICTAEAOw==\" style=\"--smush-placeholder-width: 800px; --smush-placeholder-aspect-ratio: 800\/424;\" \/><figcaption class=\"wp-element-caption\">Ye\u015fil Pasaporta Vize \u0130stemeyen \u00dclkeler<\/figcaption><\/figure>\n\n\n\n<p>\u00dclke say\u0131s\u0131 fazla oldu\u011fu i\u00e7in <strong>Ye\u015fil Pasaporta Vize \u0130stemeyen \u00dclkeleri<\/strong> B\u00f6lgelere ay\u0131rarak sizlere sunduk<\/p>\n\n\n\n<h2 class=\"wp-block-heading\">Avrupa&#8217;da Ye\u015fil Pasaporta Vize \u0130stemeyen \u00dclkeler<\/h2>\n\n\n\n<figure class=\"wp-block-image size-full\"><img decoding=\"async\" width=\"800\" height=\"469\" data-src=\"https:\/\/geziyoo.co\/blog\/wp-content\/uploads\/2024\/02\/Yesil-Pasaporta-Vize-Istemeyen-Ulkeler-3.jpg\" alt=\"\" class=\"wp-image-15803 lazyload\" data-srcset=\"https:\/\/geziyoo.co\/blog\/wp-content\/uploads\/2024\/02\/Yesil-Pasaporta-Vize-Istemeyen-Ulkeler-3.jpg 800w, https:\/\/geziyoo.co\/blog\/wp-content\/uploads\/2024\/02\/Yesil-Pasaporta-Vize-Istemeyen-Ulkeler-3-300x176.jpg 300w, https:\/\/geziyoo.co\/blog\/wp-content\/uploads\/2024\/02\/Yesil-Pasaporta-Vize-Istemeyen-Ulkeler-3-768x450.jpg 768w, https:\/\/geziyoo.co\/blog\/wp-content\/uploads\/2024\/02\/Yesil-Pasaporta-Vize-Istemeyen-Ulkeler-3-150x88.jpg 150w\" data-sizes=\"(max-width: 800px) 100vw, 800px\" src=\"data:image\/gif;base64,R0lGODlhAQABAAAAACH5BAEKAAEALAAAAAABAAEAAAICTAEAOw==\" style=\"--smush-placeholder-width: 800px; --smush-placeholder-aspect-ratio: 800\/469;\" \/><figcaption class=\"wp-element-caption\">Ye\u015fil Pasaporta Vize \u0130stemeyen \u00dclkeler<\/figcaption><\/figure>\n\n\n\n<figure class=\"wp-block-table is-style-stripes\"><table class=\"has-fixed-layout\"><tbody><tr><td><strong><mark>\u00dcLKELER<\/mark><\/strong><\/td><td><strong><mark>V\u0130ZE S\u00dcRES\u0130 (G\u00dcNL\u00dcK)<\/mark><\/strong><\/td><\/tr><tr><td>Almanya&nbsp;<\/td><td>90 g\u00fcn)<\/td><\/tr><tr><td>Andorra&nbsp;<\/td><td>90 g\u00fcn)<\/td><\/tr><tr><td>Avusturya&nbsp;<\/td><td>90 g\u00fcn)<\/td><\/tr><tr><td>Azerbaycan&nbsp;<\/td><td>90 g\u00fcn)<\/td><\/tr><tr><td>Arnavutluk&nbsp;<\/td><td>90 G\u00fcn)<\/td><\/tr><tr><td>Bel\u00e7ika&nbsp;<\/td><td>90 g\u00fcn)<\/td><\/tr><tr><td>Beyaz Rusya<\/td><td>90 G\u00fcn)<\/td><\/tr><tr><td>Bosna-Hersek&nbsp;<\/td><td>90 G\u00fcn)<\/td><\/tr><tr><td>Bulgaristan&nbsp;<\/td><td>90 g\u00fcn)<\/td><\/tr><tr><td>\u00c7ek Cumhuriyeti&nbsp;<\/td><td>90 g\u00fcn)<\/td><\/tr><tr><td>Danimarka&nbsp;<\/td><td>90 g\u00fcn)<\/td><\/tr><tr><td>Estonya&nbsp;<\/td><td>90 g\u00fcn)<\/td><\/tr><tr><td>Finlandiya&nbsp;<\/td><td>90 g\u00fcn)<\/td><\/tr><tr><td>Fransa&nbsp;<\/td><td>90 g\u00fcn)<\/td><\/tr><tr><td>G\u00fcrcistan&nbsp;<\/td><td>90 G\u00fcn) G\u00fcrcistan\u2019a girmek i\u00e7in pasaport gerekmiyor. N\u00fcfus ka\u011f\u0131d\u0131 ile girilebiliyor.<\/td><\/tr><tr><td>Hollanda&nbsp;<\/td><td>90 g\u00fcn)<\/td><\/tr><tr><td>H\u0131rvatistan&nbsp;<\/td><td>90 g\u00fcn)<\/td><\/tr><tr><td>\u0130spanya&nbsp;<\/td><td>90 g\u00fcn)<\/td><\/tr><tr><td>\u0130sve\u00e7&nbsp;<\/td><td>90 g\u00fcn)<\/td><\/tr><tr><td>\u0130svi\u00e7re&nbsp;<\/td><td>90 g\u00fcn)<\/td><\/tr><tr><td>\u0130talya&nbsp;<\/td><td>90 g\u00fcn)<\/td><\/tr><tr><td>\u0130zlanda&nbsp;<\/td><td>90 g\u00fcn)<\/td><\/tr><tr><td>Karada\u011f&nbsp;<\/td><td>90 G\u00fcn)<\/td><\/tr><tr><td>KKTC&nbsp;<\/td><td>Serbest Dola\u015f\u0131m)<\/td><\/tr><tr><td>Kosova&nbsp;<\/td><td>90 G\u00fcn)<\/td><\/tr><tr><td>Letonya&nbsp;<\/td><td>90 g\u00fcn)<\/td><\/tr><tr><td>Lihten\u015ftayn&nbsp;<\/td><td>90 g\u00fcn)<\/td><\/tr><tr><td>L\u00fcksemburg&nbsp;<\/td><td>90 g\u00fcn)<\/td><\/tr><tr><td>Macaristan&nbsp;<\/td><td>30 g\u00fcn)<\/td><\/tr><tr><td>Makedonya Cumhuriyeti&nbsp;<\/td><td>90 G\u00fcn)<\/td><\/tr><tr><td>Moldova<\/td><td>90 g\u00fcn)<\/td><\/tr><tr><td>Monako&nbsp;<\/td><td>90 g\u00fcn)<\/td><\/tr><tr><td>Norve\u00e7&nbsp;<\/td><td>90 g\u00fcn)<\/td><\/tr><tr><td>Polonya<\/td><td>90 g\u00fcn)<\/td><\/tr><tr><td>Portekiz<\/td><td>90 g\u00fcn)<\/td><\/tr><tr><td>Romanya&nbsp;<\/td><td>90 g\u00fcn)<\/td><\/tr><tr><td>San Marino&nbsp;<\/td><td>90 g\u00fcn)<\/td><\/tr><tr><td>S\u0131rbistan&nbsp;<\/td><td>90 G\u00fcn)<\/td><\/tr><tr><td>Slovakya&nbsp;<\/td><td>90 g\u00fcn)<\/td><\/tr><tr><td>Slovenya&nbsp;<\/td><td>90 g\u00fcn)<\/td><\/tr><tr><td>Ukrayna&nbsp;<\/td><td>90 G\u00fcne kadar)<\/td><\/tr><tr><td>Vatikan&nbsp;<\/td><td>90 g\u00fcn)<\/td><\/tr><tr><td>Yunanistan&nbsp;<\/td><td>90 g\u00fcn)<\/td><\/tr><\/tbody><\/table><\/figure>\n\n\n\n<hr class=\"wp-block-separator has-css-opacity is-style-wide\"\/>\n\n\n\n<h2 class=\"wp-block-heading\">Okyanusya&#8217;da Ye\u015fil Pasaporta Vize \u0130stemeyen \u00dclkeler<\/h2>\n\n\n\n<figure class=\"wp-block-image size-full\"><img decoding=\"async\" width=\"800\" height=\"600\" data-src=\"https:\/\/geziyoo.co\/blog\/wp-content\/uploads\/2024\/02\/Yesil-Pasaporta-Vize-Istemeyen-Ulkeler-4.jpg\" alt=\"\" class=\"wp-image-15804 lazyload\" data-srcset=\"https:\/\/geziyoo.co\/blog\/wp-content\/uploads\/2024\/02\/Yesil-Pasaporta-Vize-Istemeyen-Ulkeler-4.jpg 800w, https:\/\/geziyoo.co\/blog\/wp-content\/uploads\/2024\/02\/Yesil-Pasaporta-Vize-Istemeyen-Ulkeler-4-300x225.jpg 300w, https:\/\/geziyoo.co\/blog\/wp-content\/uploads\/2024\/02\/Yesil-Pasaporta-Vize-Istemeyen-Ulkeler-4-768x576.jpg 768w, https:\/\/geziyoo.co\/blog\/wp-content\/uploads\/2024\/02\/Yesil-Pasaporta-Vize-Istemeyen-Ulkeler-4-150x113.jpg 150w\" data-sizes=\"(max-width: 800px) 100vw, 800px\" src=\"data:image\/gif;base64,R0lGODlhAQABAAAAACH5BAEKAAEALAAAAAABAAEAAAICTAEAOw==\" style=\"--smush-placeholder-width: 800px; --smush-placeholder-aspect-ratio: 800\/600;\" \/><\/figure>\n\n\n\n<figure class=\"wp-block-table is-style-stripes\"><table class=\"has-fixed-layout\"><tbody><tr><td><strong><mark>\u00dcLKELER<\/mark><\/strong><\/td><td><strong><mark>V\u0130ZE S\u00dcRES\u0130 (G\u00dcNL\u00dcK)<\/mark><\/strong><\/td><\/tr><tr><td>Cook Adalar\u0131&nbsp;<\/td><td>31 G\u00fcn)<\/td><\/tr><tr><td>Fiji&nbsp;<\/td><td>120 G\u00fcn)<\/td><\/tr><tr><td>Niue&nbsp;<\/td><td>30 G\u00fcn)<\/td><\/tr><tr><td>Palau&nbsp;<\/td><td>30 G\u00fcn)<\/td><\/tr><tr><td>Samoa&nbsp;<\/td><td>60 G\u00fcn)<\/td><\/tr><tr><td>Tonga&nbsp;<\/td><td>31 G\u00fcn)<\/td><\/tr><tr><td>Tuvalu&nbsp;<\/td><td>30 G\u00fcn)<\/td><\/tr><tr><td>Vanuatu&nbsp;<\/td><td>30 G\u00fcn)<\/td><\/tr><tr><td>Yeni Kaledonya<\/td><td><\/td><\/tr><\/tbody><\/table><\/figure>\n\n\n\n<hr class=\"wp-block-separator has-css-opacity is-style-wide\"\/>\n\n\n\n<h2 class=\"wp-block-heading\">Afrika&#8217;da Ye\u015fil Pasaporta Vize \u0130stemeyen \u00dclkeler<\/h2>\n\n\n\n<figure class=\"wp-block-image size-full\"><img decoding=\"async\" width=\"800\" height=\"534\" data-src=\"https:\/\/geziyoo.co\/blog\/wp-content\/uploads\/2024\/02\/Yesil-Pasaporta-Vize-Istemeyen-Ulkeler-5.jpg\" alt=\"\" class=\"wp-image-15805 lazyload\" data-srcset=\"https:\/\/geziyoo.co\/blog\/wp-content\/uploads\/2024\/02\/Yesil-Pasaporta-Vize-Istemeyen-Ulkeler-5.jpg 800w, https:\/\/geziyoo.co\/blog\/wp-content\/uploads\/2024\/02\/Yesil-Pasaporta-Vize-Istemeyen-Ulkeler-5-300x200.jpg 300w, https:\/\/geziyoo.co\/blog\/wp-content\/uploads\/2024\/02\/Yesil-Pasaporta-Vize-Istemeyen-Ulkeler-5-768x513.jpg 768w, https:\/\/geziyoo.co\/blog\/wp-content\/uploads\/2024\/02\/Yesil-Pasaporta-Vize-Istemeyen-Ulkeler-5-150x100.jpg 150w\" data-sizes=\"(max-width: 800px) 100vw, 800px\" src=\"data:image\/gif;base64,R0lGODlhAQABAAAAACH5BAEKAAEALAAAAAABAAEAAAICTAEAOw==\" style=\"--smush-placeholder-width: 800px; --smush-placeholder-aspect-ratio: 800\/534;\" \/><\/figure>\n\n\n\n<figure class=\"wp-block-table is-style-stripes\"><table class=\"has-fixed-layout\"><tbody><tr><td><strong><mark>\u00dcLKELER<\/mark><\/strong><\/td><td><strong><mark>V\u0130ZE S\u00dcRES\u0130 (G\u00dcNL\u00dcK)<\/mark><\/strong><\/td><\/tr><tr><td>Botsvana&nbsp;<\/td><td>90 G\u00fcn)<\/td><\/tr><tr><td>Cezayir<\/td><td>90 g\u00fcn)<\/td><\/tr><tr><td>Cibuti&nbsp;<\/td><td>90 g\u00fcn)<\/td><\/tr><tr><td>Fas&nbsp;<\/td><td>90 G\u00fcn)<\/td><\/tr><tr><td>Fildi\u015fi Sahili<\/td><td><\/td><\/tr><tr><td>Gana<\/td><td>60 g\u00fcn)<\/td><\/tr><tr><td>G\u00fcney Afrika Cumhuriyeti<\/td><td>30 G\u00fcn)<\/td><\/tr><tr><td>Kamerun<\/td><td>90 G\u00fcn)<\/td><\/tr><tr><td>Kenya<\/td><td>90 g\u00fcn)<\/td><\/tr><tr><td>Komor Federe \u0130slam Cumhuriyeti<\/td><td><\/td><\/tr><tr><td>Libya&nbsp;<\/td><td>90 G\u00fcn)<\/td><\/tr><tr><td>Madagaskar&nbsp;<\/td><td>90 G\u00fcn)<\/td><\/tr><tr><td>Mauritius&nbsp;<\/td><td>30 G\u00fcn)<\/td><\/tr><tr><td>Moritanya&nbsp;<\/td><td>90 g\u00fcn)<\/td><\/tr><tr><td>Mozambik&nbsp;<\/td><td>30 G\u00fcn)<\/td><\/tr><tr><td>M\u0131s\u0131r&nbsp;<\/td><td>90 g\u00fcn)<\/td><\/tr><tr><td>Ruanda<\/td><td><\/td><\/tr><tr><td>Senegal<\/td><td><\/td><\/tr><tr><td>Sey\u015feller&nbsp;<\/td><td>90 G\u00fcn)<\/td><\/tr><tr><td>Sudan&nbsp;<\/td><td>30 G\u00fcn)<\/td><\/tr><tr><td>Svaziland&nbsp;<\/td><td>30 G\u00fcn)<\/td><\/tr><tr><td>Tanzanya&nbsp;<\/td><td>90 g\u00fcn)<\/td><\/tr><tr><td>Togo<\/td><td><\/td><\/tr><tr><td>Tunus<\/td><td>90 G\u00fcn)<\/td><\/tr><tr><td>Ye\u015fil Burun Adalar\u0131<\/td><td><\/td><\/tr><tr><td>Zambiya&nbsp;<\/td><td>30 G\u00fcn)<\/td><\/tr><tr><td>Zimbabve<\/td><td><\/td><\/tr><\/tbody><\/table><\/figure>\n\n\n\n<hr class=\"wp-block-separator has-css-opacity is-style-wide\"\/>\n\n\n\n<h2 class=\"wp-block-heading\">Asya&#8217;da Ye\u015fil Pasaporta Vize \u0130stemeyen \u00dclkeler<\/h2>\n\n\n\n<figure class=\"wp-block-image size-full\"><img decoding=\"async\" width=\"800\" height=\"600\" data-src=\"https:\/\/geziyoo.co\/blog\/wp-content\/uploads\/2024\/02\/Yesil-Pasaporta-Vize-Istemeyen-Ulkeler-6.jpg\" alt=\"\" class=\"wp-image-15806 lazyload\" data-srcset=\"https:\/\/geziyoo.co\/blog\/wp-content\/uploads\/2024\/02\/Yesil-Pasaporta-Vize-Istemeyen-Ulkeler-6.jpg 800w, https:\/\/geziyoo.co\/blog\/wp-content\/uploads\/2024\/02\/Yesil-Pasaporta-Vize-Istemeyen-Ulkeler-6-300x225.jpg 300w, https:\/\/geziyoo.co\/blog\/wp-content\/uploads\/2024\/02\/Yesil-Pasaporta-Vize-Istemeyen-Ulkeler-6-768x576.jpg 768w, https:\/\/geziyoo.co\/blog\/wp-content\/uploads\/2024\/02\/Yesil-Pasaporta-Vize-Istemeyen-Ulkeler-6-150x113.jpg 150w\" data-sizes=\"(max-width: 800px) 100vw, 800px\" src=\"data:image\/gif;base64,R0lGODlhAQABAAAAACH5BAEKAAEALAAAAAABAAEAAAICTAEAOw==\" style=\"--smush-placeholder-width: 800px; --smush-placeholder-aspect-ratio: 800\/600;\" \/><\/figure>\n\n\n\n<figure class=\"wp-block-table is-style-stripes\"><table class=\"has-fixed-layout\"><tbody><tr><td><strong><mark>\u00dcLKELER<\/mark><\/strong><\/td><td><strong><mark>V\u0130ZE S\u00dcRES\u0130 (G\u00dcNL\u00dcK)<\/mark><\/strong><\/td><\/tr><tr><td>Bahreyn&nbsp;<\/td><td>90 g\u00fcne kadar)<\/td><\/tr><tr><td>Banglade\u015f&nbsp;<\/td><td>90 G\u00fcn)<\/td><\/tr><tr><td>Birle\u015fik Arap Emirlikleri&nbsp;<\/td><td>90 G\u00fcn)<\/td><\/tr><tr><td>\u00c7in&nbsp;<\/td><td>30 G\u00fcn)<\/td><\/tr><tr><td>Do\u011fu Timor&nbsp;<\/td><td>30 G\u00fcn)<\/td><\/tr><tr><td>Endonezya&nbsp;<\/td><td>14 G\u00fcn)<\/td><\/tr><tr><td>Filipinler&nbsp;<\/td><td>30 G\u00fcn)<\/td><\/tr><tr><td>Filistin&nbsp;<\/td><td>30 G\u00fcn)<\/td><\/tr><tr><td>Hong Kong&nbsp;<\/td><td>90 G\u00fcn)<\/td><\/tr><tr><td>Irak&nbsp;<\/td><td>30 G\u00fcn)<\/td><\/tr><tr><td>\u0130ran Halk Cumhuriyeti&nbsp;<\/td><td>90 G\u00fcn)<\/td><\/tr><tr><td>\u0130srail&nbsp;<\/td><td>90 G\u00fcn)<\/td><\/tr><tr><td>Japonya&nbsp;<\/td><td>90 G\u00fcn)<\/td><\/tr><tr><td>Kambo\u00e7ya&nbsp;<\/td><td>90 G\u00fcn)<\/td><\/tr><tr><td>Katar<\/td><td>90 G\u00fcn)<\/td><\/tr><tr><td>Kazakistan&nbsp;<\/td><td>30 G\u00fcn)<\/td><\/tr><tr><td>K\u0131rg\u0131zistan<\/td><td><\/td><\/tr><tr><td>Kuveyt<\/td><td>90 G\u00fcn)<\/td><\/tr><tr><td>G\u00fcney Kore&nbsp;<\/td><td>90 G\u00fcn)<\/td><\/tr><tr><td>[\/column][column size=one_half position=last ]<\/td><td><\/td><\/tr><tr><td>L\u00fcbnan&nbsp;<\/td><td>90 G\u00fcn)<\/td><\/tr><tr><td>Makau&nbsp;<\/td><td>30 G\u00fcn)<\/td><\/tr><tr><td>Maldivler&nbsp;<\/td><td>30 G\u00fcn)<\/td><\/tr><tr><td>Malezya&nbsp;<\/td><td>90 G\u00fcn)<\/td><\/tr><tr><td>Mo\u011folistan&nbsp;<\/td><td>30 G\u00fcn)<\/td><\/tr><tr><td>Myanmar<\/td><td>internetten vize 28 G\u00fcn)<\/td><\/tr><tr><td>Nepal&nbsp;<\/td><td>Kap\u0131da vize)<\/td><\/tr><tr><td>Pakistan&nbsp;<\/td><td>90 G\u00fcn)<\/td><\/tr><tr><td>Rusya&nbsp;<\/td><td>30 G\u00fcn internetten elektronik vize)<\/td><\/tr><tr><td>Singapur&nbsp;<\/td><td>90 G\u00fcn)<\/td><\/tr><tr><td>Sri Lanka&nbsp;<\/td><td>30 G\u00fcn)<\/td><\/tr><tr><td>Suriye&nbsp;<\/td><td>90 G\u00fcn)<\/td><\/tr><tr><td>Tacikistan&nbsp;<\/td><td>60 G\u00fcn)<\/td><\/tr><tr><td>Tayland<\/td><td>90 g\u00fcn)<\/td><\/tr><tr><td>Tayvan&nbsp;<\/td><td>30 G\u00fcn \u2013 s\u0131n\u0131rda vize)<\/td><\/tr><tr><td>T\u00fcrkmenistan&nbsp;<\/td><td>30 G\u00fcn)<\/td><\/tr><tr><td>Umman<\/td><td><\/td><\/tr><tr><td>\u00dcrd\u00fcn&nbsp;<\/td><td>90 G\u00fcn)<\/td><\/tr><tr><td>Vietnam&nbsp;<\/td><td>90 G\u00fcn)<\/td><\/tr><tr><td>Yemen&nbsp;<\/td><td>30 G\u00fcn)<\/td><\/tr><\/tbody><\/table><\/figure>\n\n\n\n<hr class=\"wp-block-separator has-css-opacity is-style-wide\"\/>\n\n\n\n<h2 class=\"wp-block-heading\">G\u00fcny Amerika&#8217;da Ye\u015fil Pasaporta Vize \u0130stemeyen \u00dclkeler<\/h2>\n\n\n\n<figure class=\"wp-block-image size-full\"><img decoding=\"async\" width=\"800\" height=\"600\" data-src=\"https:\/\/geziyoo.co\/blog\/wp-content\/uploads\/2024\/02\/Yesil-Pasaporta-Vize-Istemeyen-Ulkeler-7.jpg\" alt=\"\" class=\"wp-image-15807 lazyload\" data-srcset=\"https:\/\/geziyoo.co\/blog\/wp-content\/uploads\/2024\/02\/Yesil-Pasaporta-Vize-Istemeyen-Ulkeler-7.jpg 800w, https:\/\/geziyoo.co\/blog\/wp-content\/uploads\/2024\/02\/Yesil-Pasaporta-Vize-Istemeyen-Ulkeler-7-300x225.jpg 300w, https:\/\/geziyoo.co\/blog\/wp-content\/uploads\/2024\/02\/Yesil-Pasaporta-Vize-Istemeyen-Ulkeler-7-768x576.jpg 768w, https:\/\/geziyoo.co\/blog\/wp-content\/uploads\/2024\/02\/Yesil-Pasaporta-Vize-Istemeyen-Ulkeler-7-150x113.jpg 150w\" data-sizes=\"(max-width: 800px) 100vw, 800px\" src=\"data:image\/gif;base64,R0lGODlhAQABAAAAACH5BAEKAAEALAAAAAABAAEAAAICTAEAOw==\" style=\"--smush-placeholder-width: 800px; --smush-placeholder-aspect-ratio: 800\/600;\" \/><\/figure>\n\n\n\n<figure class=\"wp-block-table is-style-stripes\"><table class=\"has-fixed-layout\"><tbody><tr><td><strong><mark>\u00dcLKELER<\/mark><\/strong><\/td><td><strong><mark>V\u0130ZE S\u00dcRES\u0130 (G\u00dcNL\u00dcK)<\/mark><\/strong><\/td><\/tr><tr><td>Arjantin&nbsp;<\/td><td>90 G\u00fcn)<\/td><\/tr><tr><td>Bolivya&nbsp;<\/td><td>90 G\u00fcn)<\/td><\/tr><tr><td>Brezilya&nbsp;<\/td><td>90 G\u00fcn)<\/td><\/tr><tr><td>Ekvador&nbsp;<\/td><td>90 G\u00fcn)<\/td><\/tr><tr><td>Kolombiya&nbsp;<\/td><td>90 G\u00fcn)<\/td><\/tr><tr><td>Paraguay&nbsp;<\/td><td>90 G\u00fcn)<\/td><\/tr><tr><td>Peru&nbsp;<\/td><td>90 G\u00fcn)<\/td><\/tr><tr><td>\u015eili&nbsp;<\/td><td>90 G\u00fcn)<\/td><\/tr><tr><td>Uruguay&nbsp;<\/td><td>90 G\u00fcn)<\/td><\/tr><tr><td>Venezuela&nbsp;<\/td><td>90 G\u00fcn)<\/td><\/tr><\/tbody><\/table><\/figure>\n\n\n\n<hr class=\"wp-block-separator has-css-opacity is-style-wide\"\/>\n\n\n\n<h2 class=\"wp-block-heading\"><strong>Kuzey Amerika&#8217;da Ye\u015fil Pasaporta Vize \u0130stemeyen \u00dclkeler<\/strong><\/h2>\n\n\n\n<figure class=\"wp-block-image size-full\"><img decoding=\"async\" width=\"800\" height=\"448\" data-src=\"https:\/\/geziyoo.co\/blog\/wp-content\/uploads\/2024\/02\/Yesil-Pasaporta-Vize-Istemeyen-Ulkeler-1.jpg\" alt=\"\" class=\"wp-image-15808 lazyload\" data-srcset=\"https:\/\/geziyoo.co\/blog\/wp-content\/uploads\/2024\/02\/Yesil-Pasaporta-Vize-Istemeyen-Ulkeler-1.jpg 800w, https:\/\/geziyoo.co\/blog\/wp-content\/uploads\/2024\/02\/Yesil-Pasaporta-Vize-Istemeyen-Ulkeler-1-300x168.jpg 300w, https:\/\/geziyoo.co\/blog\/wp-content\/uploads\/2024\/02\/Yesil-Pasaporta-Vize-Istemeyen-Ulkeler-1-768x430.jpg 768w, https:\/\/geziyoo.co\/blog\/wp-content\/uploads\/2024\/02\/Yesil-Pasaporta-Vize-Istemeyen-Ulkeler-1-150x84.jpg 150w\" data-sizes=\"(max-width: 800px) 100vw, 800px\" src=\"data:image\/gif;base64,R0lGODlhAQABAAAAACH5BAEKAAEALAAAAAABAAEAAAICTAEAOw==\" style=\"--smush-placeholder-width: 800px; --smush-placeholder-aspect-ratio: 800\/448;\" \/><\/figure>\n\n\n\n<figure class=\"wp-block-table is-style-stripes\"><table class=\"has-fixed-layout\"><tbody><tr><td><strong><mark>\u00dcLKELER<\/mark><\/strong><\/td><td><strong><mark>V\u0130ZE S\u00dcRES\u0130 (G\u00dcNL\u00dcK)<\/mark><\/strong><\/td><\/tr><tr><td>Antigua ve Barbuda&nbsp;<\/td><td>6 Ay)<\/td><\/tr><tr><td>Aruba&nbsp;<\/td><td>90 G\u00fcn)<\/td><\/tr><tr><td>Bahamalar<\/td><td><\/td><\/tr><tr><td>Barbados&nbsp;<\/td><td>90 G\u00fcn )<\/td><\/tr><tr><td>Belize&nbsp;<\/td><td>90 G\u00fcn)<\/td><\/tr><tr><td>Britanya Virjin Adalar\u0131&nbsp;<\/td><td>30 G\u00fcn)<\/td><\/tr><tr><td>Cura\u00e7ao<\/td><td>30 G\u00fcn)<\/td><\/tr><tr><td>Dominika&nbsp;<\/td><td>21 G\u00fcn)<\/td><\/tr><tr><td>Dominik Cumhuriyeti&nbsp;<\/td><td>30 G\u00fcn)<\/td><\/tr><tr><td>El Salvador&nbsp;<\/td><td>90 G\u00fcn)<\/td><\/tr><tr><td>Grenada<\/td><td><\/td><\/tr><tr><td>Guatemala&nbsp;<\/td><td>90 G\u00fcn)<\/td><\/tr><tr><td>Guyana<\/td><td>90 G\u00fcn)<\/td><\/tr><tr><td>Haiti&nbsp;<\/td><td>90 G\u00fcn)<\/td><\/tr><tr><td>Hollanda Antilleri<\/td><td><\/td><\/tr><tr><td>Honduras&nbsp;<\/td><td>90 G\u00fcn)<\/td><\/tr><tr><td>Jamaika&nbsp;<\/td><td>90 G\u00fcn)<\/td><\/tr><tr><td>Kosta Rika&nbsp;<\/td><td>30 G\u00fcn)<\/td><\/tr><tr><td>K\u00fcba<\/td><td><\/td><\/tr><tr><td>Meksika<\/td><td>90 G\u00fcn)<\/td><\/tr><tr><td>Nikaragua&nbsp;<\/td><td>90 G\u00fcn)<\/td><\/tr><tr><td>Panama&nbsp;<\/td><td>6 Ay)<\/td><\/tr><tr><td>Saint Kitts<\/td><td>Saint Christoper) ve Nevis Adalar\u0131&nbsp;<\/td><\/tr><tr><td>Saint Lucia&nbsp;<\/td><td>6 Hafta)<\/td><\/tr><tr><td>Saint Vincent ve Grenadinler Adalar\u0131&nbsp;<\/td><td>30 G\u00fcn)<\/td><\/tr><tr><td>Sint Maarten&nbsp;<\/td><td>30 G\u00fcn)<\/td><\/tr><tr><td>Trinidad ve Tobago&nbsp;<\/td><td>30 G\u00fcn)<\/td><\/tr><tr><td>Turks ve Caicos Adalar\u0131&nbsp;<\/td><td>90 G\u00fcn)<\/td><\/tr><\/tbody><\/table><\/figure>\n\n\n\n<p><strong>Ye\u015fil Pasaporta Vize \u0130stemeyen \u00dclkeler<\/strong> i\u00e7eri\u011fimizi bitirmeden \u00f6nce bir ka\u00e7 dikkat etmeniz gereken hususu sizlerle payla\u015faca\u011f\u0131z.<\/p>\n\n\n\n<p>Ye\u015fil Pasaport sahibiyseniz, ve vizeye ba\u015fvuracaksan\u0131z, \u00fclkeye giri\u015f i\u00e7in yine en az 3 ayl\u0131k pasaport ge\u00e7erlili\u011finizin olmas\u0131 gerekmektedir. Hatta 6 ayl\u0131k ge\u00e7erlilik isteyen \u00fclkeler bile bulunmaktad\u0131r.<\/p>\n\n\n\n<p>Yani bu ge\u00e7erlilik s\u00fcresinin, sizin ziyaretinizi kapsamas\u0131 yetmez.\u00d6rne\u011fin,&nbsp;1 Ocak 2018\u2019de Schengen \u00fclkelerinden birine giri\u015f yapacak ve 20 Ocak\u2019ta \u00e7\u0131k\u0131\u015f yapacaksan\u0131z, pasaportunuzun s\u00fcresinin en az Nisan 2018\u2019e kadar ge\u00e7erli olmas\u0131 bekleniyor. Sizin bu durumda vize ba\u015fvurunuzu Aral\u0131k\u2019ta tamamlaman\u0131z gerekmektedir.<\/p>\n\n\n\n<hr class=\"wp-block-separator has-css-opacity is-style-wide\"\/>\n\n\n<ul class=\"wp-block-latest-posts__list wp-block-latest-posts\"><li><a class=\"wp-block-latest-posts__post-title\" href=\"https:\/\/geziyoo.co\/blog\/yurt-disinda-cocuklarin-egitimi-ebeveynler-formaliteler-yuzunden-nerede-para-kaybediyor\/\">Yurt d\u0131\u015f\u0131nda \u00e7ocuklar\u0131n e\u011fitimi: Ebeveynler formaliteler y\u00fcz\u00fcnden nerede para kaybediyor?<\/a><\/li>\n<li><a class=\"wp-block-latest-posts__post-title\" href=\"https:\/\/geziyoo.co\/blog\/gezerken-ne-giyilir\/\">Gezerken Ne Giyilir? Mevsim Ge\u00e7i\u015fleri ve Yaz Tatilleri \u0130\u00e7in Pratik Kombin Rehberi<\/a><\/li>\n<li><a class=\"wp-block-latest-posts__post-title\" href=\"https:\/\/geziyoo.co\/blog\/2026-resmi-tatilleri-ve-14-gune-43-gun\/\">Ajandalar Haz\u0131rlans\u0131n! 2026 Resmi Tatilleri ve &#8220;14 G\u00fcne 43 G\u00fcn&#8221; Form\u00fcl\u00fc G\u00fcndemde<\/a><\/li>\n<\/ul>","protected":false},"excerpt":{"rendered":"<p>2026 Y\u0131l\u0131nda Ye\u015fil Pasaporta Vize \u0130stemeyen \u00dclkeler yaz\u0131m\u0131zdan herkese merhabalar. Bu i\u00e7eri\u011fimizde Ye\u015fil Pasaport sahiplerinin gidebielece\u011fi \u00fclkeler yer almakta. Bu yaz\u0131m\u0131zda da art\u0131k Ye\u015fil pasaportunuzu ald\u0131n\u0131z ve hangi \u00fclkelere gidelebilece\u011fine \u00f6\u011frenmeye geldi. Ye\u015fil pasaport kapsam a\u00e7\u0131s\u0131ndan geni\u015f olsa da D\u00fcnyada ki t\u00fcm \u00fclkelere maalesef vizesiz girme \u015fans\u0131n\u0131 vermemektedir. Ye\u015fil pasaport kullanarak toplam 64 \u00fclkeye vizesiz &hellip;<\/p>\n","protected":false},"author":1,"featured_media":15802,"comment_status":"open","ping_status":"closed","sticky":false,"template":"","format":"standard","meta":{"footnotes":""},"categories":[20],"tags":[374,373],"class_list":["post-15801","post","type-post","status-publish","format-standard","has-post-thumbnail","hentry","category-gezirehberi","tag-pasaport-rehberi","tag-vize-rehberi"],"yoast_head":"<!-- This site is optimized with the Yoast SEO plugin v26.9 - https:\/\/yoast.com\/product\/yoast-seo-wordpress\/ -->\n<title>2026 Y\u0131l\u0131nda Ye\u015fil Pasaporta Vize \u0130stemeyen \u00dclkeler | Geziyoo<\/title>\n<meta name=\"description\" content=\"Ye\u015fil Pasaporta Vize \u0130stemeyen \u00dclkeler i\u00e7eri\u011fimizde Ye\u015fil Pasaport sahiplerinin gidebilece\u011finiz \u00fclkeler yer almakta.\" \/>\n<meta name=\"robots\" content=\"index, follow, max-snippet:-1, max-image-preview:large, max-video-preview:-1\" \/>\n<link rel=\"canonical\" href=\"https:\/\/geziyoo.co\/blog\/yesil-pasaporta-vize-istemeyen-ulkeler\/\" \/>\n<meta property=\"og:locale\" content=\"tr_TR\" \/>\n<meta property=\"og:type\" content=\"article\" \/>\n<meta property=\"og:title\" content=\"2026 Y\u0131l\u0131nda Ye\u015fil Pasaporta Vize \u0130stemeyen \u00dclkeler | Geziyoo\" \/>\n<meta property=\"og:description\" content=\"Ye\u015fil Pasaporta Vize \u0130stemeyen \u00dclkeler i\u00e7eri\u011fimizde Ye\u015fil Pasaport sahiplerinin gidebilece\u011finiz \u00fclkeler yer almakta.\" \/>\n<meta property=\"og:url\" content=\"https:\/\/geziyoo.co\/blog\/yesil-pasaporta-vize-istemeyen-ulkeler\/\" \/>\n<meta property=\"og:site_name\" content=\"Geziyoo.co\" \/>\n<meta property=\"article:publisher\" content=\"https:\/\/www.facebook.com\/Geziyooco\" \/>\n<meta property=\"article:author\" content=\"https:\/\/www.facebook.com\/geziyoo.co\" \/>\n<meta property=\"article:published_time\" content=\"2024-02-02T05:31:13+00:00\" \/>\n<meta property=\"article:modified_time\" content=\"2026-02-05T10:40:34+00:00\" \/>\n<meta property=\"og:image\" content=\"https:\/\/geziyoo.co\/blog\/wp-content\/uploads\/2024\/02\/Yesil-Pasaporta-Vize-Istemeyen-Ulkeler-2.jpg\" \/>\n\t<meta property=\"og:image:width\" content=\"800\" \/>\n\t<meta property=\"og:image:height\" content=\"424\" \/>\n\t<meta property=\"og:image:type\" content=\"image\/jpeg\" \/>\n<meta name=\"author\" content=\"Geziyoo\" \/>\n<meta name=\"twitter:card\" content=\"summary_large_image\" \/>\n<meta name=\"twitter:creator\" content=\"@https:\/\/twitter.com\/geziyoo\" \/>\n<meta name=\"twitter:site\" content=\"@geziyoo\" \/>\n<meta name=\"twitter:label1\" content=\"Yazan:\" \/>\n\t<meta name=\"twitter:data1\" content=\"Geziyoo\" \/>\n\t<meta name=\"twitter:label2\" content=\"Tahmini okuma s\u00fcresi\" \/>\n\t<meta name=\"twitter:data2\" content=\"7 dakika\" \/>\n<script type=\"application\/ld+json\" class=\"yoast-schema-graph\">{\"@context\":\"https:\/\/schema.org\",\"@graph\":[{\"@type\":\"Article\",\"@id\":\"https:\/\/geziyoo.co\/blog\/yesil-pasaporta-vize-istemeyen-ulkeler\/#article\",\"isPartOf\":{\"@id\":\"https:\/\/geziyoo.co\/blog\/yesil-pasaporta-vize-istemeyen-ulkeler\/\"},\"author\":{\"name\":\"Geziyoo\",\"@id\":\"https:\/\/geziyoo.co\/blog\/#\/schema\/person\/032acb2436540ed14784e7d978aef0e4\"},\"headline\":\"2026 Y\u0131l\u0131nda Ye\u015fil Pasaporta Vize \u0130stemeyen \u00dclkeler\",\"datePublished\":\"2024-02-02T05:31:13+00:00\",\"dateModified\":\"2026-02-05T10:40:34+00:00\",\"mainEntityOfPage\":{\"@id\":\"https:\/\/geziyoo.co\/blog\/yesil-pasaporta-vize-istemeyen-ulkeler\/\"},\"wordCount\":1051,\"commentCount\":0,\"publisher\":{\"@id\":\"https:\/\/geziyoo.co\/blog\/#organization\"},\"image\":{\"@id\":\"https:\/\/geziyoo.co\/blog\/yesil-pasaporta-vize-istemeyen-ulkeler\/#primaryimage\"},\"thumbnailUrl\":\"https:\/\/geziyoo.co\/blog\/wp-content\/uploads\/2024\/02\/Yesil-Pasaporta-Vize-Istemeyen-Ulkeler-2.jpg\",\"keywords\":[\"Pasaport\",\"Vize\"],\"articleSection\":[\"Gezi Rehberi\"],\"inLanguage\":\"tr\",\"potentialAction\":[{\"@type\":\"CommentAction\",\"name\":\"Comment\",\"target\":[\"https:\/\/geziyoo.co\/blog\/yesil-pasaporta-vize-istemeyen-ulkeler\/#respond\"]}]},{\"@type\":\"WebPage\",\"@id\":\"https:\/\/geziyoo.co\/blog\/yesil-pasaporta-vize-istemeyen-ulkeler\/\",\"url\":\"https:\/\/geziyoo.co\/blog\/yesil-pasaporta-vize-istemeyen-ulkeler\/\",\"name\":\"2026 Y\u0131l\u0131nda Ye\u015fil Pasaporta Vize \u0130stemeyen \u00dclkeler | Geziyoo\",\"isPartOf\":{\"@id\":\"https:\/\/geziyoo.co\/blog\/#website\"},\"primaryImageOfPage\":{\"@id\":\"https:\/\/geziyoo.co\/blog\/yesil-pasaporta-vize-istemeyen-ulkeler\/#primaryimage\"},\"image\":{\"@id\":\"https:\/\/geziyoo.co\/blog\/yesil-pasaporta-vize-istemeyen-ulkeler\/#primaryimage\"},\"thumbnailUrl\":\"https:\/\/geziyoo.co\/blog\/wp-content\/uploads\/2024\/02\/Yesil-Pasaporta-Vize-Istemeyen-Ulkeler-2.jpg\",\"datePublished\":\"2024-02-02T05:31:13+00:00\",\"dateModified\":\"2026-02-05T10:40:34+00:00\",\"description\":\"Ye\u015fil Pasaporta Vize \u0130stemeyen \u00dclkeler i\u00e7eri\u011fimizde Ye\u015fil Pasaport sahiplerinin gidebilece\u011finiz \u00fclkeler yer almakta.\",\"breadcrumb\":{\"@id\":\"https:\/\/geziyoo.co\/blog\/yesil-pasaporta-vize-istemeyen-ulkeler\/#breadcrumb\"},\"inLanguage\":\"tr\",\"potentialAction\":[{\"@type\":\"ReadAction\",\"target\":[\"https:\/\/geziyoo.co\/blog\/yesil-pasaporta-vize-istemeyen-ulkeler\/\"]}]},{\"@type\":\"ImageObject\",\"inLanguage\":\"tr\",\"@id\":\"https:\/\/geziyoo.co\/blog\/yesil-pasaporta-vize-istemeyen-ulkeler\/#primaryimage\",\"url\":\"https:\/\/geziyoo.co\/blog\/wp-content\/uploads\/2024\/02\/Yesil-Pasaporta-Vize-Istemeyen-Ulkeler-2.jpg\",\"contentUrl\":\"https:\/\/geziyoo.co\/blog\/wp-content\/uploads\/2024\/02\/Yesil-Pasaporta-Vize-Istemeyen-Ulkeler-2.jpg\",\"width\":800,\"height\":424},{\"@type\":\"BreadcrumbList\",\"@id\":\"https:\/\/geziyoo.co\/blog\/yesil-pasaporta-vize-istemeyen-ulkeler\/#breadcrumb\",\"itemListElement\":[{\"@type\":\"ListItem\",\"position\":1,\"name\":\"Ana sayfa\",\"item\":\"https:\/\/geziyoo.co\/blog\/\"},{\"@type\":\"ListItem\",\"position\":2,\"name\":\"2026 Y\u0131l\u0131nda Ye\u015fil Pasaporta Vize \u0130stemeyen \u00dclkeler\"}]},{\"@type\":\"WebSite\",\"@id\":\"https:\/\/geziyoo.co\/blog\/#website\",\"url\":\"https:\/\/geziyoo.co\/blog\/\",\"name\":\"Geziyoo Blog\",\"description\":\"GeziYoo Blog&#039;da T\u00fcrkiye&#039;nin en iyi kamp alanlar\u0131ndan bungalov tatillerine, karavan ipu\u00e7lar\u0131ndan gezi rehberlerine kadar her t\u00fcrl\u00fc do\u011fa deneyimini ke\u015ffedin.\",\"publisher\":{\"@id\":\"https:\/\/geziyoo.co\/blog\/#organization\"},\"potentialAction\":[{\"@type\":\"SearchAction\",\"target\":{\"@type\":\"EntryPoint\",\"urlTemplate\":\"https:\/\/geziyoo.co\/blog\/?s={search_term_string}\"},\"query-input\":{\"@type\":\"PropertyValueSpecification\",\"valueRequired\":true,\"valueName\":\"search_term_string\"}}],\"inLanguage\":\"tr\"},{\"@type\":\"Organization\",\"@id\":\"https:\/\/geziyoo.co\/blog\/#organization\",\"name\":\"Geziyoo.co\",\"url\":\"https:\/\/geziyoo.co\/blog\/\",\"logo\":{\"@type\":\"ImageObject\",\"inLanguage\":\"tr\",\"@id\":\"https:\/\/geziyoo.co\/blog\/#\/schema\/logo\/image\/\",\"url\":\"https:\/\/geziyoo.co\/blog\/wp-content\/uploads\/2025\/01\/Paragraf-metniniz-3.png\",\"contentUrl\":\"https:\/\/geziyoo.co\/blog\/wp-content\/uploads\/2025\/01\/Paragraf-metniniz-3.png\",\"width\":270,\"height\":50,\"caption\":\"Geziyoo.co\"},\"image\":{\"@id\":\"https:\/\/geziyoo.co\/blog\/#\/schema\/logo\/image\/\"},\"sameAs\":[\"https:\/\/www.facebook.com\/Geziyooco\",\"https:\/\/x.com\/geziyoo\",\"https:\/\/tr.pinterest.com\/geziyooco\/\",\"https:\/\/www.youtube.com\/@geziyoo\",\"https:\/\/www.instagram.com\/geziyoo.co\/\"]},{\"@type\":\"Person\",\"@id\":\"https:\/\/geziyoo.co\/blog\/#\/schema\/person\/032acb2436540ed14784e7d978aef0e4\",\"name\":\"Geziyoo\",\"image\":{\"@type\":\"ImageObject\",\"inLanguage\":\"tr\",\"@id\":\"https:\/\/geziyoo.co\/blog\/#\/schema\/person\/image\/\",\"url\":\"https:\/\/secure.gravatar.com\/avatar\/ae212a4514471fdb8cab6e5af4f3c99b940a2d0a16713ea0392c8d7c8a64f30a?s=96&d=mm&r=g\",\"contentUrl\":\"https:\/\/secure.gravatar.com\/avatar\/ae212a4514471fdb8cab6e5af4f3c99b940a2d0a16713ea0392c8d7c8a64f30a?s=96&d=mm&r=g\",\"caption\":\"Geziyoo\"},\"description\":\"Do\u011fa ile i\u00e7 i\u00e7e olabilece\u011finiz yerler,do\u011fa aktivite alanlar\u0131,kamp alanlar\u0131,bungalov oteller,Tiny House Oteller, Galampingler ve da\u011f evlerinin herkes i\u00e7in ula\u015f\u0131labilir olmas\u0131n\u0131 sa\u011flamak amac\u0131yla Geziyoo\u2019ya 2019 y\u0131l\u0131nda ba\u015flad\u0131k.Do\u011fal Tatil konseptini uygulayan en geni\u015f kapsaml\u0131 sitedir.\",\"sameAs\":[\"https:\/\/geziyoo.co\/\",\"https:\/\/www.facebook.com\/geziyoo.co\",\"https:\/\/www.instagram.com\/geziyoo.co\/\",\"https:\/\/tr.pinterest.com\/geziyooco\/\",\"https:\/\/x.com\/https:\/\/twitter.com\/geziyoo\",\"https:\/\/www.youtube.com\/channel\/UCdiSMa6pe17KEY7DP1Ug4ag\"]}]}<\/script>\n<!-- \/ Yoast SEO plugin. -->","yoast_head_json":{"title":"2026 Y\u0131l\u0131nda Ye\u015fil Pasaporta Vize \u0130stemeyen \u00dclkeler | Geziyoo","description":"Ye\u015fil Pasaporta Vize \u0130stemeyen \u00dclkeler i\u00e7eri\u011fimizde Ye\u015fil Pasaport sahiplerinin gidebilece\u011finiz \u00fclkeler yer almakta.","robots":{"index":"index","follow":"follow","max-snippet":"max-snippet:-1","max-image-preview":"max-image-preview:large","max-video-preview":"max-video-preview:-1"},"canonical":"https:\/\/geziyoo.co\/blog\/yesil-pasaporta-vize-istemeyen-ulkeler\/","og_locale":"tr_TR","og_type":"article","og_title":"2026 Y\u0131l\u0131nda Ye\u015fil Pasaporta Vize \u0130stemeyen \u00dclkeler | Geziyoo","og_description":"Ye\u015fil Pasaporta Vize \u0130stemeyen \u00dclkeler i\u00e7eri\u011fimizde Ye\u015fil Pasaport sahiplerinin gidebilece\u011finiz \u00fclkeler yer almakta.","og_url":"https:\/\/geziyoo.co\/blog\/yesil-pasaporta-vize-istemeyen-ulkeler\/","og_site_name":"Geziyoo.co","article_publisher":"https:\/\/www.facebook.com\/Geziyooco","article_author":"https:\/\/www.facebook.com\/geziyoo.co","article_published_time":"2024-02-02T05:31:13+00:00","article_modified_time":"2026-02-05T10:40:34+00:00","og_image":[{"width":800,"height":424,"url":"https:\/\/geziyoo.co\/blog\/wp-content\/uploads\/2024\/02\/Yesil-Pasaporta-Vize-Istemeyen-Ulkeler-2.jpg","type":"image\/jpeg"}],"author":"Geziyoo","twitter_card":"summary_large_image","twitter_creator":"@https:\/\/twitter.com\/geziyoo","twitter_site":"@geziyoo","twitter_misc":{"Yazan:":"Geziyoo","Tahmini okuma s\u00fcresi":"7 dakika"},"schema":{"@context":"https:\/\/schema.org","@graph":[{"@type":"Article","@id":"https:\/\/geziyoo.co\/blog\/yesil-pasaporta-vize-istemeyen-ulkeler\/#article","isPartOf":{"@id":"https:\/\/geziyoo.co\/blog\/yesil-pasaporta-vize-istemeyen-ulkeler\/"},"author":{"name":"Geziyoo","@id":"https:\/\/geziyoo.co\/blog\/#\/schema\/person\/032acb2436540ed14784e7d978aef0e4"},"headline":"2026 Y\u0131l\u0131nda Ye\u015fil Pasaporta Vize \u0130stemeyen \u00dclkeler","datePublished":"2024-02-02T05:31:13+00:00","dateModified":"2026-02-05T10:40:34+00:00","mainEntityOfPage":{"@id":"https:\/\/geziyoo.co\/blog\/yesil-pasaporta-vize-istemeyen-ulkeler\/"},"wordCount":1051,"commentCount":0,"publisher":{"@id":"https:\/\/geziyoo.co\/blog\/#organization"},"image":{"@id":"https:\/\/geziyoo.co\/blog\/yesil-pasaporta-vize-istemeyen-ulkeler\/#primaryimage"},"thumbnailUrl":"https:\/\/geziyoo.co\/blog\/wp-content\/uploads\/2024\/02\/Yesil-Pasaporta-Vize-Istemeyen-Ulkeler-2.jpg","keywords":["Pasaport","Vize"],"articleSection":["Gezi Rehberi"],"inLanguage":"tr","potentialAction":[{"@type":"CommentAction","name":"Comment","target":["https:\/\/geziyoo.co\/blog\/yesil-pasaporta-vize-istemeyen-ulkeler\/#respond"]}]},{"@type":"WebPage","@id":"https:\/\/geziyoo.co\/blog\/yesil-pasaporta-vize-istemeyen-ulkeler\/","url":"https:\/\/geziyoo.co\/blog\/yesil-pasaporta-vize-istemeyen-ulkeler\/","name":"2026 Y\u0131l\u0131nda Ye\u015fil Pasaporta Vize \u0130stemeyen \u00dclkeler | Geziyoo","isPartOf":{"@id":"https:\/\/geziyoo.co\/blog\/#website"},"primaryImageOfPage":{"@id":"https:\/\/geziyoo.co\/blog\/yesil-pasaporta-vize-istemeyen-ulkeler\/#primaryimage"},"image":{"@id":"https:\/\/geziyoo.co\/blog\/yesil-pasaporta-vize-istemeyen-ulkeler\/#primaryimage"},"thumbnailUrl":"https:\/\/geziyoo.co\/blog\/wp-content\/uploads\/2024\/02\/Yesil-Pasaporta-Vize-Istemeyen-Ulkeler-2.jpg","datePublished":"2024-02-02T05:31:13+00:00","dateModified":"2026-02-05T10:40:34+00:00","description":"Ye\u015fil Pasaporta Vize \u0130stemeyen \u00dclkeler i\u00e7eri\u011fimizde Ye\u015fil Pasaport sahiplerinin gidebilece\u011finiz \u00fclkeler yer almakta.","breadcrumb":{"@id":"https:\/\/geziyoo.co\/blog\/yesil-pasaporta-vize-istemeyen-ulkeler\/#breadcrumb"},"inLanguage":"tr","potentialAction":[{"@type":"ReadAction","target":["https:\/\/geziyoo.co\/blog\/yesil-pasaporta-vize-istemeyen-ulkeler\/"]}]},{"@type":"ImageObject","inLanguage":"tr","@id":"https:\/\/geziyoo.co\/blog\/yesil-pasaporta-vize-istemeyen-ulkeler\/#primaryimage","url":"https:\/\/geziyoo.co\/blog\/wp-content\/uploads\/2024\/02\/Yesil-Pasaporta-Vize-Istemeyen-Ulkeler-2.jpg","contentUrl":"https:\/\/geziyoo.co\/blog\/wp-content\/uploads\/2024\/02\/Yesil-Pasaporta-Vize-Istemeyen-Ulkeler-2.jpg","width":800,"height":424},{"@type":"BreadcrumbList","@id":"https:\/\/geziyoo.co\/blog\/yesil-pasaporta-vize-istemeyen-ulkeler\/#breadcrumb","itemListElement":[{"@type":"ListItem","position":1,"name":"Ana sayfa","item":"https:\/\/geziyoo.co\/blog\/"},{"@type":"ListItem","position":2,"name":"2026 Y\u0131l\u0131nda Ye\u015fil Pasaporta Vize \u0130stemeyen \u00dclkeler"}]},{"@type":"WebSite","@id":"https:\/\/geziyoo.co\/blog\/#website","url":"https:\/\/geziyoo.co\/blog\/","name":"Geziyoo Blog","description":"GeziYoo Blog&#039;da T\u00fcrkiye&#039;nin en iyi kamp alanlar\u0131ndan bungalov tatillerine, karavan ipu\u00e7lar\u0131ndan gezi rehberlerine kadar her t\u00fcrl\u00fc do\u011fa deneyimini ke\u015ffedin.","publisher":{"@id":"https:\/\/geziyoo.co\/blog\/#organization"},"potentialAction":[{"@type":"SearchAction","target":{"@type":"EntryPoint","urlTemplate":"https:\/\/geziyoo.co\/blog\/?s={search_term_string}"},"query-input":{"@type":"PropertyValueSpecification","valueRequired":true,"valueName":"search_term_string"}}],"inLanguage":"tr"},{"@type":"Organization","@id":"https:\/\/geziyoo.co\/blog\/#organization","name":"Geziyoo.co","url":"https:\/\/geziyoo.co\/blog\/","logo":{"@type":"ImageObject","inLanguage":"tr","@id":"https:\/\/geziyoo.co\/blog\/#\/schema\/logo\/image\/","url":"https:\/\/geziyoo.co\/blog\/wp-content\/uploads\/2025\/01\/Paragraf-metniniz-3.png","contentUrl":"https:\/\/geziyoo.co\/blog\/wp-content\/uploads\/2025\/01\/Paragraf-metniniz-3.png","width":270,"height":50,"caption":"Geziyoo.co"},"image":{"@id":"https:\/\/geziyoo.co\/blog\/#\/schema\/logo\/image\/"},"sameAs":["https:\/\/www.facebook.com\/Geziyooco","https:\/\/x.com\/geziyoo","https:\/\/tr.pinterest.com\/geziyooco\/","https:\/\/www.youtube.com\/@geziyoo","https:\/\/www.instagram.com\/geziyoo.co\/"]},{"@type":"Person","@id":"https:\/\/geziyoo.co\/blog\/#\/schema\/person\/032acb2436540ed14784e7d978aef0e4","name":"Geziyoo","image":{"@type":"ImageObject","inLanguage":"tr","@id":"https:\/\/geziyoo.co\/blog\/#\/schema\/person\/image\/","url":"https:\/\/secure.gravatar.com\/avatar\/ae212a4514471fdb8cab6e5af4f3c99b940a2d0a16713ea0392c8d7c8a64f30a?s=96&d=mm&r=g","contentUrl":"https:\/\/secure.gravatar.com\/avatar\/ae212a4514471fdb8cab6e5af4f3c99b940a2d0a16713ea0392c8d7c8a64f30a?s=96&d=mm&r=g","caption":"Geziyoo"},"description":"Do\u011fa ile i\u00e7 i\u00e7e olabilece\u011finiz yerler,do\u011fa aktivite alanlar\u0131,kamp alanlar\u0131,bungalov oteller,Tiny House Oteller, Galampingler ve da\u011f evlerinin herkes i\u00e7in ula\u015f\u0131labilir olmas\u0131n\u0131 sa\u011flamak amac\u0131yla Geziyoo\u2019ya 2019 y\u0131l\u0131nda ba\u015flad\u0131k.Do\u011fal Tatil konseptini uygulayan en geni\u015f kapsaml\u0131 sitedir.","sameAs":["https:\/\/geziyoo.co\/","https:\/\/www.facebook.com\/geziyoo.co","https:\/\/www.instagram.com\/geziyoo.co\/","https:\/\/tr.pinterest.com\/geziyooco\/","https:\/\/x.com\/https:\/\/twitter.com\/geziyoo","https:\/\/www.youtube.com\/channel\/UCdiSMa6pe17KEY7DP1Ug4ag"]}]}},"amp_enabled":true,"_links":{"self":[{"href":"https:\/\/geziyoo.co\/blog\/wp-json\/wp\/v2\/posts\/15801","targetHints":{"allow":["GET"]}}],"collection":[{"href":"https:\/\/geziyoo.co\/blog\/wp-json\/wp\/v2\/posts"}],"about":[{"href":"https:\/\/geziyoo.co\/blog\/wp-json\/wp\/v2\/types\/post"}],"author":[{"embeddable":true,"href":"https:\/\/geziyoo.co\/blog\/wp-json\/wp\/v2\/users\/1"}],"replies":[{"embeddable":true,"href":"https:\/\/geziyoo.co\/blog\/wp-json\/wp\/v2\/comments?post=15801"}],"version-history":[{"count":0,"href":"https:\/\/geziyoo.co\/blog\/wp-json\/wp\/v2\/posts\/15801\/revisions"}],"wp:featuredmedia":[{"embeddable":true,"href":"https:\/\/geziyoo.co\/blog\/wp-json\/wp\/v2\/media\/15802"}],"wp:attachment":[{"href":"https:\/\/geziyoo.co\/blog\/wp-json\/wp\/v2\/media?parent=15801"}],"wp:term":[{"taxonomy":"category","embeddable":true,"href":"https:\/\/geziyoo.co\/blog\/wp-json\/wp\/v2\/categories?post=15801"},{"taxonomy":"post_tag","embeddable":true,"href":"https:\/\/geziyoo.co\/blog\/wp-json\/wp\/v2\/tags?post=15801"}],"curies":[{"name":"wp","href":"https:\/\/api.w.org\/{rel}","templated":true}]}}