{"id":15710,"date":"2024-01-01T07:48:24","date_gmt":"2024-01-01T07:48:24","guid":{"rendered":"https:\/\/geziyoo.co\/blog\/?p=15710"},"modified":"2026-02-02T11:25:06","modified_gmt":"2026-02-02T11:25:06","slug":"ayvacik-kamp-alanlari-ve-karavan-alanlari","status":"publish","type":"post","link":"https:\/\/geziyoo.co\/blog\/ayvacik-kamp-alanlari-ve-karavan-alanlari\/","title":{"rendered":"Ayvac\u0131k ve Assos \u00c7evresi \u00dccretli\/\u00dccretsiz 7 Kamp Alan\u0131 (\u0130leti\u015fim ve Konum)"},"content":{"rendered":"\n<p><strong>Ayvac\u0131k<\/strong>, \u00c7anakkale&#8217;nin g\u00fcneyinde, Midilli Adas\u0131&#8217;n\u0131n tam kar\u015f\u0131s\u0131nda yer alan devasa bir co\u011frafyad\u0131r. Turistler buray\u0131 genellikle &#8220;Assos&#8221; olarak bilse de; Ayvac\u0131k s\u0131n\u0131rlar\u0131 K\u00fc\u00e7\u00fckkuyu&#8217;dan ba\u015flar, Babakale&#8217;ye kadar uzan\u0131r. B\u00f6lge, T\u00fcrkiye&#8217;nin en kaliteli zeytinya\u011flar\u0131n\u0131n \u00fcretildi\u011fi, denizin en berrak (ve en so\u011fuk) oldu\u011fu, ta\u015f i\u015f\u00e7ili\u011finin sanata d\u00f6n\u00fc\u015ft\u00fc\u011f\u00fc k\u00f6ylerle doludur. Buradaki kamp k\u00fclt\u00fcr\u00fc, &#8220;Beach Club&#8221; g\u00fcr\u00fclt\u00fcs\u00fcnden uzak, daha bohem ve do\u011fayla i\u00e7 i\u00e7edir.<\/p>\n\n\n\n<p>B\u00f6lgenin sahil \u015feridi girintili \u00e7\u0131k\u0131nt\u0131l\u0131 oldu\u011fu i\u00e7in her koyun (Kad\u0131rga, Sivrice, Sokaka\u011fz\u0131) karakteri farkl\u0131d\u0131r. &#8220;Deniz \u00e7ok mu so\u011fuk?&#8221;, &#8220;Kad\u0131rga&#8217;da yer bulunur mu?&#8221;, &#8220;Yollar karavana uygun mu?&#8221; sorular\u0131 s\u0131k\u00e7a sorulur. Evet, Kuzey Ege&#8217;nin suyu serindir. Yollar \u00f6zellikle Sivrice ve Bekta\u015f taraf\u0131nda dar ve virajl\u0131 olabilir, b\u00fcy\u00fck karavanlar dikkat etmelidir. \u00dccretli kampinglerde genellikle &#8220;Glamping&#8221; (l\u00fcks \u00e7ad\u0131r) ve ah\u015fap platform k\u00fclt\u00fcr\u00fc yayg\u0131nd\u0131r; \u00fccretsiz alanlar ise genellikle koylar\u0131n u\u00e7 noktalar\u0131ndad\u0131r.<\/p>\n\n\n\n<p>Biz Geziyoo olarak, felsefenin ve huzurun ba\u015fkentinde arac\u0131lar\u0131 tamamen aradan \u00e7\u0131kard\u0131k. Listemizde hem <strong>hi\u00e7bir \u00fccret \u00f6demeden<\/strong> Ye\u015fil Liman&#8217;\u0131n bakirli\u011finde veya Babakale&#8217;nin g\u00fcn bat\u0131m\u0131nda kalabilece\u011finiz alanlar\u0131, hem de <strong>zeytin a\u011fa\u00e7lar\u0131 alt\u0131nda hamak keyfi<\/strong> sunan, b\u00f6lgenin en \u015f\u0131k butik kampinglerini bir araya getirdik.<\/p>\n\n\n\n<p>\u0130ster karavan\u0131n\u0131z\u0131 <strong>Kad\u0131rga&#8217;n\u0131n<\/strong> ta\u015fl\u0131 sahiline \u00e7ekin, ister \u00e7ad\u0131r\u0131n\u0131z\u0131 <strong>Sivrice&#8217;nin<\/strong> ah\u015fap iskelesine kurun; yola \u00e7\u0131kmadan \u00f6nce deniz kestanelerine kar\u015f\u0131 deniz ayakkab\u0131n\u0131z\u0131 almay\u0131 unutmay\u0131n. \u0130\u015fte Ayvac\u0131k\u2019\u0131n en sevilen 7 kamp dura\u011f\u0131:<\/p>\n\n\n\n<p>Ayvac\u0131k&#8217;da unuttu\u011fumuz veya bilmedi\u011fimiz&nbsp;\u00c7ad\u0131r ve Karavan Kamp alan\u0131&nbsp;var ise l\u00fctfen yorumlar k\u0131sm\u0131ndan bizlerle payla\u015f\u0131n.Ayvac\u0131k haricinde Kamp Alan\u0131, Bungalov veya Da\u011f evi ar\u0131yorsan\u0131z ,&nbsp;<a href=\"https:\/\/geziyoo.co\/?select=Karavan+Kamp%C4%B1&amp;lp_s_loc=&amp;lp_s_tag=&amp;lp_s_cat=229&amp;s=home&amp;post_type=listing\"><em><strong>500\u2019den fazla Kamp ve Karavan Yeri<\/strong><\/em><\/a>&nbsp;sayfam\u0131za bakman\u0131z\u0131 tavsiye diyoruz.<\/p>\n\n\n\n<p>Fazla uzatmadan <strong>Ayvac\u0131k Kamp Alanlar\u0131 ve Karavan Alanlar\u0131<\/strong> listemize ge\u00e7elim.Bu arada listemizde yer almayan kamp alanlar\u0131 var ise l\u00fctfen yorumlar k\u0131sm\u0131ndan bizlerle payla\u015f\u0131n.<\/p>\n\n\n\n<hr class=\"wp-block-separator has-alpha-channel-opacity is-style-wide\"\/>\n\n\n\n<h2 class=\"wp-block-heading\">1.Zeus Beach &amp; Camping<\/h2>\n\n\n\n<figure class=\"wp-block-image\"><img decoding=\"async\" width=\"1024\" height=\"682\" data-src=\"https:\/\/geziyoo.co\/blog\/wp-content\/uploads\/2021\/05\/Canakkale-Kamp-Alanlari-Zeus-Beach-Camping-3.jpg\" alt=\"Ayvac\u0131k Kamp Alanlar\u0131 ve Karavan Alanlar\u0131\" class=\"wp-image-6908 lazyload\" title=\"\u00c7anakkale Kamp Alanlar\u0131 ve Karavan Alanlar\u0131 20\" data-srcset=\"https:\/\/geziyoo.co\/blog\/wp-content\/uploads\/2021\/05\/Canakkale-Kamp-Alanlari-Zeus-Beach-Camping-3.jpg 1024w, https:\/\/geziyoo.co\/blog\/wp-content\/uploads\/2021\/05\/Canakkale-Kamp-Alanlari-Zeus-Beach-Camping-3-300x200.jpg 300w, https:\/\/geziyoo.co\/blog\/wp-content\/uploads\/2021\/05\/Canakkale-Kamp-Alanlari-Zeus-Beach-Camping-3-768x512.jpg 768w\" data-sizes=\"(max-width: 1024px) 100vw, 1024px\" src=\"data:image\/gif;base64,R0lGODlhAQABAAAAACH5BAEKAAEALAAAAAABAAEAAAICTAEAOw==\" style=\"--smush-placeholder-width: 1024px; --smush-placeholder-aspect-ratio: 1024\/682;\" \/><figcaption class=\"wp-element-caption\">Zeus Camping<\/figcaption><\/figure>\n\n\n\n<p>Ayvac\u0131k Ar\u0131kl\u0131 b\u00f6lgesinde, masmavi deniz ve yemye\u015fil do\u011fan\u0131n kucakla\u015ft\u0131\u011f\u0131 bir noktada bulunan Zeus Beach &amp; Camping, temiz oksijeniyle sizleri adeta yenileyecek bir tatil deneyimi sunuyor. Bu e\u015fsiz kamp alan\u0131, kendinizi huzurlu ve din\u00e7 hissetmeniz i\u00e7in ideal bir ortam sa\u011fl\u0131yor.<\/p>\n\n\n\n<p>Ula\u015f\u0131m a\u00e7\u0131s\u0131ndan \u00e7e\u015fitli alternatiflere sahip olan Zeus Beach &amp; Camping, \u00f6zel ara\u00e7 kullanarak ula\u015fmak isteyenler i\u00e7in Behram Yolu \u00fczerinden Assos Antik Liman Yolu&#8217;na, Ayvac\u0131k G\u00fclp\u0131nar Yolu&#8217;na ve Behramkale K\u00f6y Yolu&#8217;na y\u00f6nlendirmelerle kolayca eri\u015filebilir. Toplu ta\u015f\u0131ma tercih edenler ise Ayval\u0131k il\u00e7e terminalinden minib\u00fcsler veya i\u015fletmeyle anla\u015fmal\u0131 taksiler arac\u0131l\u0131\u011f\u0131yla ula\u015f\u0131m sa\u011flayabilirler.<\/p>\n\n\n\n<p>Kamp alan\u0131nda, \u015fahsi \u00e7ad\u0131rlar\u0131n\u0131zla konaklama imkan\u0131 sunulmakta. E\u011fer ki\u015fisel \u00e7ad\u0131r\u0131n\u0131z yoksa, i\u015fletmenin tahsis etti\u011fi yerle\u015fik \u00e7ad\u0131rlar\u0131 kiralayabilirsiniz. Bu \u00e7ad\u0131rlar geni\u015f ve rahat bir yap\u0131ya sahip olup, i\u00e7erisinde \u00fc\u00e7 ki\u015filik bazal\u0131 yatak, buzdolab\u0131, masa ve sandalye gibi imkanlar bulunmaktad\u0131r. L\u00fcks bir konaklama aray\u0131\u015f\u0131nda olanlar i\u00e7in ise bungalov evler mevcut.<\/p>\n\n\n\n<p>Bungalov evlerin bah\u00e7esinde mangal ve semaver yakmak m\u00fcmk\u00fcn, ancak g\u00fcvenlik nedeniyle elektrikli ev aletleri kullan\u0131m\u0131na izin verilmemektedir. Bu durumda, tesisteki kafeteryan\u0131n aperatif \u00f6\u011f\u00fcnlerinden faydalanabilir veya lezzetli bir mangal keyfi yapabilirsiniz. Evcil hayvan dostlar\u0131n\u0131zla \u015fahsi \u00e7ad\u0131r\u0131n\u0131zda konaklama olana\u011f\u0131 sunulurken, kiralanan \u00e7ad\u0131r ve bungalov yap\u0131larda evcil hayvan kabul edilmemektedir.<\/p>\n\n\n\n<p>Bu muhte\u015fem do\u011fa par\u00e7as\u0131nda, Zeus Beach &amp; Camping, hem do\u011fa ile i\u00e7 i\u00e7e bir tatil yapmak hem de huzurlu bir atmosferde dinlenmek isteyenler i\u00e7in m\u00fckemmel bir se\u00e7enektir. Ayval\u0131k&#8217;\u0131n b\u00fcy\u00fcleyici manzaras\u0131nda, temiz hava ve do\u011fan\u0131n sundu\u011fu g\u00fczelliklerle dolu bir tatil sizleri bekliyor.<\/p>\n\n\n\n<hr class=\"wp-block-separator has-alpha-channel-opacity is-style-wide\"\/>\n\n\n\n<ul class=\"wp-block-list\">\n<li><strong>Zeus Beach &amp; Camping Adres<\/strong>&nbsp;:&nbsp;Ar\u0131kl\u0131 k\u00f6y\u00fc sahil mah. Anzak mevki no:47, 17980 Ayvac\u0131k\/\u00c7anakkale&nbsp;<strong><em><a href=\"https:\/\/www.google.com\/maps?daddr=39.53283074998309,26.542605215981094\" target=\"_blank\" rel=\"noreferrer noopener\">Konum Bilgisi<\/a><\/em><\/strong><\/li>\n\n\n\n<li><strong>Zeus Beach &amp; Camping Telefon<\/strong>&nbsp;: 0507 260 23 80<\/li>\n\n\n\n<li><strong>Zeus Beach &amp; Camping Detayl\u0131 Bilgi :<\/strong>Bu i\u015fletme ile ilgili detayl\u0131 bilgiler, ve fiyat listesi i\u00e7in<strong> <a href=\"https:\/\/geziyoo.co\/listing\/zeus-beach-camping\/\"><em>&nbsp;Zeus Camping<\/em><\/a><\/strong> sayfam\u0131za bakman\u0131z\u0131 \u00f6neriyoruz.<\/li>\n<\/ul>\n\n\n\n<hr class=\"wp-block-separator has-css-opacity is-style-wide\"\/>\n\n\n\n<h2 class=\"wp-block-heading\">2.Sokaka\u011fz\u0131 Zeytin Kamp<\/h2>\n\n\n\n<figure class=\"wp-block-image\"><img decoding=\"async\" width=\"1024\" height=\"699\" data-src=\"https:\/\/geziyoo.co\/blog\/wp-content\/uploads\/2021\/05\/Canakkale-Kamp-Alanlari-Sokakagzi-Zeytin-Kamp-4.jpg\" alt=\"Ayvac\u0131k Kamp Alanlar\u0131 ve Karavan Alanlar\u0131\" class=\"wp-image-6909 lazyload\" title=\"\u00c7anakkale Kamp Alanlar\u0131 ve Karavan Alanlar\u0131 21\" data-srcset=\"https:\/\/geziyoo.co\/blog\/wp-content\/uploads\/2021\/05\/Canakkale-Kamp-Alanlari-Sokakagzi-Zeytin-Kamp-4.jpg 1024w, https:\/\/geziyoo.co\/blog\/wp-content\/uploads\/2021\/05\/Canakkale-Kamp-Alanlari-Sokakagzi-Zeytin-Kamp-4-300x205.jpg 300w, https:\/\/geziyoo.co\/blog\/wp-content\/uploads\/2021\/05\/Canakkale-Kamp-Alanlari-Sokakagzi-Zeytin-Kamp-4-768x524.jpg 768w, https:\/\/geziyoo.co\/blog\/wp-content\/uploads\/2021\/05\/Canakkale-Kamp-Alanlari-Sokakagzi-Zeytin-Kamp-4-220x150.jpg 220w\" data-sizes=\"(max-width: 1024px) 100vw, 1024px\" src=\"data:image\/gif;base64,R0lGODlhAQABAAAAACH5BAEKAAEALAAAAAABAAEAAAICTAEAOw==\" style=\"--smush-placeholder-width: 1024px; --smush-placeholder-aspect-ratio: 1024\/699;\" \/><figcaption class=\"wp-element-caption\">Sokaka\u011fz\u0131 Zeytin Kamp<\/figcaption><\/figure>\n\n\n\n<p>Assos&#8217;un Sokaka\u011fz\u0131 b\u00f6lgesinde bulunan Zeytin Kamp, do\u011fayla i\u00e7 i\u00e7e ve e\u011flenceli bir tatil arayanlar i\u00e7in m\u00fckemmel bir se\u00e7enektir. Zeytin a\u011fa\u00e7lar\u0131n\u0131n g\u00f6lgesinde, dalga seslerinin e\u015fli\u011finde kitap okuma veya derin sohbetler i\u00e7in ideal bir atmosfer sunan bu kamp, \u015fehir ya\u015fam\u0131n\u0131n rutinlerinden uzakla\u015fmak isteyenler i\u00e7in tasarlanm\u0131\u015ft\u0131r.<\/p>\n\n\n\n<p>Zeytin Kamp&#8217;a ula\u015f\u0131m olduk\u00e7a kolayd\u0131r. Behram Yolu ve Ayvac\u0131k G\u00fclp\u0131nar Yolu \u00fczerinden iki ana rota mevcut. Ayvac\u0131k G\u00fclp\u0131nar Yolu \u00fczerinden yakla\u015f\u0131k yar\u0131m saatlik bir s\u00fcr\u00fc\u015f sonras\u0131nda Balabanl\u0131 K\u00f6y\u00fc \u0130\u00e7 Yolu&#8217;na d\u00f6nerek ula\u015f\u0131m sa\u011flanabilir. Ayr\u0131ca, Ayvac\u0131k otogar\u0131ndan kalkan G\u00fclp\u0131nar minib\u00fcsleriyle Koyunevi K\u00f6y\u00fc&#8217;ne gelip, oradan k\u0131sa bir y\u00fcr\u00fcy\u00fc\u015fle ya da tesis taraf\u0131ndan sa\u011flanabilecek ula\u015f\u0131m ile Zeytin Kamp&#8217;a varmak m\u00fcmk\u00fcnd\u00fcr. \u00d6zel ara\u00e7 kullan\u0131m\u0131 i\u00e7in de geni\u015f bir otopark alan\u0131 mevcuttur.<\/p>\n\n\n\n<p>Zeytin Kamp&#8217;ta \u015fahsi \u00e7ad\u0131r\u0131n\u0131zla ya da karavan\u0131n\u0131zla konaklayabilir, ya da tesisin sundu\u011fu yerle\u015fik \u00e7ad\u0131rlar\u0131 kiralayabilirsiniz. Bu \u00e7ad\u0131rlar, do\u011fal g\u00fczelliklerle \u00e7evrili ve huzur dolu bir ortamda bulunuyor. Yeme ve i\u00e7me ihtiya\u00e7lar\u0131n\u0131z i\u00e7in ise, ortak kullan\u0131m bir mutfak alan\u0131 ve farkl\u0131 damak tatlar\u0131na hitap eden geni\u015f yemek se\u00e7enekleri sunan bir restoran hizmetinizde. Ayr\u0131ca, tesisin bar\u0131nda \u00e7e\u015fitli so\u011fuk ve lezzetli i\u00e7ecekler sunulmakta.<\/p>\n\n\n\n<p>Zeytin Kamp, \u00fc\u00e7\u00fcnc\u00fc nesil kahve sunan tek kamp i\u015fletmesi olma \u00f6zelli\u011fini ta\u015f\u0131yor, b\u00f6ylece kamp konaklaman\u0131z s\u0131ras\u0131nda lezzetli d\u00fcnya kahvelerini deneyimleme f\u0131rsat\u0131n\u0131z olacak. Ate\u015f kullan\u0131m\u0131 ise sadece mutfak alan\u0131nda m\u00fcmk\u00fcnd\u00fcr; \u00e7ad\u0131r alan\u0131nda \u00f6zel kamp ate\u015fi veya mangal yakmak yasakt\u0131r.<\/p>\n\n\n\n<hr class=\"wp-block-separator has-alpha-channel-opacity is-style-wide\"\/>\n\n\n\n<ul class=\"wp-block-list\">\n<li><strong>Sokaka\u011fz\u0131 Zeytin Kamp<\/strong> <strong>Adres<\/strong>&nbsp;:<a>&nbsp;<\/a>Koyunevi K\u00f6y\u00fc Sokaka\u011fz\u0131 Mevkii N0:500, 17000 Ayvac\u0131k\/\u00c7anakkale&nbsp;<strong><em><a href=\"https:\/\/www.google.com\/maps?daddr=39.46909060696721,26.209554168701327\" target=\"_blank\" rel=\"noreferrer noopener\">Konum Bilgisi<\/a><\/em><\/strong><\/li>\n\n\n\n<li><strong>Sokaka\u011fz\u0131 Zeytin Kamp<\/strong> <strong>Telefon<\/strong>&nbsp;: 0535 811 16 43<\/li>\n\n\n\n<li><strong>Sokaka\u011fz\u0131 Zeytin Kamp<\/strong> <strong>Detayl\u0131 Bilgi :<\/strong>Bu i\u015fletme ile ilgili detayl\u0131 bilgiler, ve fiyat listesi i\u00e7in <strong><a href=\"https:\/\/geziyoo.co\/listing\/sokakagzi-zeytin-kamp\/\"><em>&nbsp;Sokaka\u011fz\u0131 Zeytin<\/em><\/a><\/strong> sayfam\u0131za bakman\u0131z\u0131 \u00f6neriyoruz.<\/li>\n<\/ul>\n\n\n\n<hr class=\"wp-block-separator has-alpha-channel-opacity is-style-wide\"\/>\n\n\n\n<h2 class=\"wp-block-heading\">3.Judith Camping<\/h2>\n\n\n\n<figure class=\"wp-block-image\"><img decoding=\"async\" width=\"1024\" height=\"575\" data-src=\"https:\/\/geziyoo.co\/blog\/wp-content\/uploads\/2021\/07\/Judith-Glamping-5.jpg\" alt=\"Judith Glamping 5\" class=\"wp-image-7515 lazyload\" title=\"\u00c7anakkale Kamp Alanlar\u0131 ve Karavan Alanlar\u0131 29\" data-srcset=\"https:\/\/geziyoo.co\/blog\/wp-content\/uploads\/2021\/07\/Judith-Glamping-5.jpg 1024w, https:\/\/geziyoo.co\/blog\/wp-content\/uploads\/2021\/07\/Judith-Glamping-5-300x168.jpg 300w, https:\/\/geziyoo.co\/blog\/wp-content\/uploads\/2021\/07\/Judith-Glamping-5-768x431.jpg 768w, https:\/\/geziyoo.co\/blog\/wp-content\/uploads\/2021\/07\/Judith-Glamping-5-390x220.jpg 390w\" data-sizes=\"(max-width: 1024px) 100vw, 1024px\" src=\"data:image\/gif;base64,R0lGODlhAQABAAAAACH5BAEKAAEALAAAAAABAAEAAAICTAEAOw==\" style=\"--smush-placeholder-width: 1024px; --smush-placeholder-aspect-ratio: 1024\/575;\" \/><\/figure>\n\n\n\n<p><strong>Ayvac\u0131k Kamp Alanlar\u0131&nbsp;<\/strong>&nbsp;i\u00e7eri\u011fimizin \u00fccretli kamp alanlar\u0131nda ki son dura\u011f\u0131 \u00c7anakkale Ayvac\u0131k&#8217;da yer alan&nbsp;<strong>Judith Camping&nbsp;<\/strong>yer almakta.<\/p>\n\n\n\n<p>\u00c7anakkale&#8217;nin Assos b\u00f6lgesinde, do\u011fayla i\u00e7 i\u00e7e bir konaklama deneyimi arayanlar i\u00e7in ideal bir se\u00e7enek olan Judith Glamping, kamp\u00e7\u0131l\u0131k ve l\u00fcks konaklama deneyimini bir arada sunuyor. Kad\u0131rga Koyu&#8217;nun b\u00fcy\u00fcleyici manzaralar\u0131na ev sahipli\u011fi yapan bu tesis, hem do\u011fa dostu hem de hayvan dostu bir yakla\u015f\u0131mla misafirlerini a\u011f\u0131rl\u0131yor.<\/p>\n\n\n\n<p>Judith Glamping&#8217;e ula\u015f\u0131m, Assos merkezinden Behram Yolu \u00fczerinden sa\u011flan\u0131yor. Ayvac\u0131k G\u00fclp\u0131nar Yolu\u2019na d\u00f6nd\u00fckten sonra Behramkale K\u00f6y Yolu \u00fczerinde ilerleyerek, yakla\u015f\u0131k 1 km sonra sa\u011fa d\u00f6nerek tesise ula\u015fabilirsiniz. \u00d6zel arac\u0131n\u0131zla geldi\u011finizde tesisin otopark\u0131n\u0131 kullanabilir, toplu ta\u015f\u0131ma tercih ederseniz Assos minib\u00fcslerini kullanarak tesisin kap\u0131 \u00f6n\u00fcne kadar gelebilirsiniz.<\/p>\n\n\n\n<p>Judith Glamping\u2019te, bungalovlarda, \u015fahsi \u00e7ad\u0131rlarda veya tesisin sundu\u011fu glamping \u00e7ad\u0131rlar\u0131nda konaklama yapabilirsiniz. Ki\u015fisel \u00e7ad\u0131r\u0131n\u0131z yoksa, tesisin yerle\u015fik \u00e7ad\u0131rlar\u0131n\u0131 kiralama imkan\u0131n\u0131z bulunmakta. Sabah\u0131n ilk \u0131\u015f\u0131klar\u0131yla birlikte kar\u015f\u0131n\u0131za \u00e7\u0131kacak benzersiz do\u011fa manzaras\u0131, konaklaman\u0131z\u0131 unutulmaz k\u0131lacak.<\/p>\n\n\n\n<p>Tesisin restoran\u0131, Assos&#8217;un e\u015fsiz manzaras\u0131na kar\u015f\u0131 lezzetli yemekler sunuyor. Yemye\u015fil a\u011fa\u00e7larla \u00e7evrili bu restoranda, do\u011fayla uyumlu bir \u015fekilde lezzetli \u00f6\u011f\u00fcnlerin tad\u0131n\u0131 \u00e7\u0131karabilirsiniz. Judith Glamping\u2019te \u00e7evre dostu bir yakla\u015f\u0131mla ate\u015f yakmak veya mangal yapmak yasaklanm\u0131\u015f, bu nedenle yeme-i\u00e7me ihtiyac\u0131n\u0131z restoranda kar\u015f\u0131lan\u0131yor.<\/p>\n\n\n\n<hr class=\"wp-block-separator has-alpha-channel-opacity is-style-wide\"\/>\n\n\n\n<ul class=\"wp-block-list\">\n<li><strong>Judith Camping Adres<\/strong>&nbsp;: Kad\u0131rga Koyu yolu No:2, 17862 Ayvac\u0131k\/\u00c7anakkale&nbsp;<a href=\"https:\/\/www.google.com\/maps?daddr=39.49447151194682,26.36818722229231\" target=\"_blank\" rel=\"noreferrer noopener\"><strong><em>Konum Bilgisi<\/em><\/strong><\/a><\/li>\n\n\n\n<li><strong>Judith Camping Telefon<\/strong>&nbsp;: 0545 810 92 27<\/li>\n\n\n\n<li><strong>Judith Camping Detayl\u0131 Bilgi :<\/strong><em>&nbsp;Fiyatlar ve detayl\u0131 bilgiler i\u00e7in <\/em><strong><em><a href=\"https:\/\/geziyoo.co\/listing\/judith-glamping\/\">Judith Camping<\/a><\/em><\/strong><em>sayfam\u0131za bakabilirsiniz.<\/em><\/li>\n<\/ul>\n\n\n\n<hr class=\"wp-block-separator has-alpha-channel-opacity is-style-wide\"\/>\n\n\n\n<h2 class=\"wp-block-heading\">4.Kad\u0131rga Koyu Kamp Alan\u0131<\/h2>\n\n\n\n<figure class=\"wp-block-image\"><img decoding=\"async\" width=\"1024\" height=\"768\" data-src=\"https:\/\/geziyoo.co\/blog\/wp-content\/uploads\/2021\/05\/Kadirga-Koyu-Kamp-Alani-1.jpg\" alt=\"Kadirga Koyu Kamp Alani 1\" class=\"wp-image-6954 lazyload\" title=\"\u00c7anakkale Kamp Alanlar\u0131 ve Karavan Alanlar\u0131 43\" data-srcset=\"https:\/\/geziyoo.co\/blog\/wp-content\/uploads\/2021\/05\/Kadirga-Koyu-Kamp-Alani-1.jpg 1024w, https:\/\/geziyoo.co\/blog\/wp-content\/uploads\/2021\/05\/Kadirga-Koyu-Kamp-Alani-1-300x225.jpg 300w, https:\/\/geziyoo.co\/blog\/wp-content\/uploads\/2021\/05\/Kadirga-Koyu-Kamp-Alani-1-768x576.jpg 768w\" data-sizes=\"(max-width: 1024px) 100vw, 1024px\" src=\"data:image\/gif;base64,R0lGODlhAQABAAAAACH5BAEKAAEALAAAAAABAAEAAAICTAEAOw==\" style=\"--smush-placeholder-width: 1024px; --smush-placeholder-aspect-ratio: 1024\/768;\" \/><figcaption class=\"wp-element-caption\">Assos Kad\u0131rga Koyu<\/figcaption><\/figure>\n\n\n\n<p>Assos&#8217;un b\u00fcy\u00fcleyici Kad\u0131rga Koyu, hem yerli hem de yabanc\u0131 tatilciler i\u00e7in ideal bir kamp tatili destinasyonu olarak \u00f6ne \u00e7\u0131k\u0131yor. \u00c7anakkale&#8217;nin bu incisi, sundu\u011fu hem \u00fccretli hem de \u00fccretsiz kamp alanlar\u0131yla her t\u00fcrl\u00fc beklentiye cevap veriyor.<\/p>\n\n\n\n<p>Kad\u0131rga Koyu&#8217;nun merkezi konumu, ula\u015f\u0131m\u0131 kolay ve pratik k\u0131l\u0131yor. \u00d6zel ara\u00e7la gelmek isteyenler, Assos il\u00e7e merkezinden Behram Yolu istikametini takip ederek, harita yard\u0131m\u0131yla koyun masmavi manzaras\u0131na kolayca ula\u015fabilirler. Toplu ta\u015f\u0131ma tercih edenler ise Behram y\u00f6n\u00fcne giden ara\u00e7lar\u0131 kullanabilirler.<\/p>\n\n\n\n<p>B\u00f6lgede, \u00e7e\u015fitli ihtiya\u00e7lar\u0131n\u0131z\u0131 kar\u015f\u0131layabilece\u011finiz beach ve camping tesisleri mevcut. \u00dccretsiz kamp alanlar\u0131nda \u00e7ad\u0131r veya karavan\u0131n\u0131zla konaklayabilir, \u00e7evredeki tesislerden belirli bir \u00fccret kar\u015f\u0131l\u0131\u011f\u0131nda ihtiya\u00e7lar\u0131n\u0131z\u0131 kar\u015f\u0131layabilirsiniz. Kamp tatiliniz s\u0131ras\u0131nda, wc, yeme-i\u00e7me gibi ihtiya\u00e7lar i\u00e7in kendi alternatiflerinizi de kullanabilirsiniz.<\/p>\n\n\n\n<p>Kad\u0131rga Koyu&#8217;nun do\u011fal g\u00fczellikleri ve masmavi denizi, unutulmaz bir kamp deneyimi sunuyor. G\u00fcn i\u00e7inde Kad\u0131rga Plaj\u0131&#8217;nda \u015fezlong ve \u015femsiye kiralayarak s\u0131cak yaz g\u00fcne\u015finin keyfini \u00e7\u0131karabilirsiniz. Bu cennet k\u00f6\u015fede, do\u011fan\u0131n t\u00fcm renklerinin harmanland\u0131\u011f\u0131 muhte\u015fem bir atmosferin keyfini \u00e7\u0131kar\u0131rken, ayn\u0131 zamanda e\u015fsiz bir deniz tatilinin de tad\u0131n\u0131 \u00e7\u0131karabilirsiniz.<\/p>\n\n\n\n<hr class=\"wp-block-separator has-alpha-channel-opacity is-style-wide\"\/>\n\n\n\n<ul class=\"wp-block-list\">\n<li><strong>Kad\u0131rga Koyu Kamp Alan\u0131 Adres<\/strong>&nbsp;:&nbsp;17860 Behram\/Ayvac\u0131k\/\u00c7anakkale&nbsp;<a href=\"https:\/\/www.google.com\/maps?daddr=39.490524376969724,26.369956477920795\" target=\"_blank\" rel=\"noreferrer noopener\"><strong><em>Konum Bilgisi<\/em><\/strong><\/a><\/li>\n\n\n\n<li><strong>Kad\u0131rga Koyu Kamp Alan\u0131 Telefon<\/strong>&nbsp;: \u2014-<\/li>\n\n\n\n<li><strong>Kad\u0131rga Koyu Kamp Alan\u0131 Detayl\u0131 Bilgi :<em>&nbsp;<\/em><\/strong>Bu i\u015fletme ile ilgili detayl\u0131 bilgiler, ve fiyat listesi i\u00e7in <strong><em><a href=\"https:\/\/geziyoo.co\/listing\/kadirga-koyu-kamp-alani\/\">Kad\u0131rga Koyu Kamp Alan\u0131<\/a> <\/em><\/strong>sayfam\u0131za bakabilirsiniz.<\/li>\n<\/ul>\n\n\n\n<hr class=\"wp-block-separator has-alpha-channel-opacity is-style-wide\"\/>\n\n\n\n<h2 class=\"wp-block-heading\">5.M\u0131hl\u0131 \u015eelalesi Kamp Alan\u0131<\/h2>\n\n\n\n<figure class=\"wp-block-image\"><img decoding=\"async\" width=\"1024\" height=\"640\" data-src=\"https:\/\/geziyoo.co\/blog\/wp-content\/uploads\/2021\/06\/Canakkale-Kamp-Alanlari-Mihli-Selalesi-Kamp-Alani-2.jpg\" alt=\"Canakkale Kamp Alanlari Mihli Selalesi Kamp Alani 2\" class=\"wp-image-7005 lazyload\" title=\"\u00c7anakkale Kamp Alanlar\u0131 ve Karavan Alanlar\u0131 48\" data-srcset=\"https:\/\/geziyoo.co\/blog\/wp-content\/uploads\/2021\/06\/Canakkale-Kamp-Alanlari-Mihli-Selalesi-Kamp-Alani-2.jpg 1024w, https:\/\/geziyoo.co\/blog\/wp-content\/uploads\/2021\/06\/Canakkale-Kamp-Alanlari-Mihli-Selalesi-Kamp-Alani-2-300x188.jpg 300w, https:\/\/geziyoo.co\/blog\/wp-content\/uploads\/2021\/06\/Canakkale-Kamp-Alanlari-Mihli-Selalesi-Kamp-Alani-2-768x480.jpg 768w\" data-sizes=\"(max-width: 1024px) 100vw, 1024px\" src=\"data:image\/gif;base64,R0lGODlhAQABAAAAACH5BAEKAAEALAAAAAABAAEAAAICTAEAOw==\" style=\"--smush-placeholder-width: 1024px; --smush-placeholder-aspect-ratio: 1024\/640;\" \/><figcaption class=\"wp-element-caption\">M\u0131hl\u0131 \u015eelalesi<\/figcaption><\/figure>\n\n\n\n<p>\u00c7anakkale&#8217;nin Ayvac\u0131k il\u00e7esinde, do\u011fan\u0131n e\u015fsiz g\u00fczelliklerine ev sahipli\u011fi yapan M\u0131hl\u0131 \u015eelalesi Kamp Alan\u0131, do\u011faseverler i\u00e7in \u00fccretsiz bir kamp deneyimi sunuyor. Bu kamp alan\u0131, hem y\u00fczmek hem de kamp yapmak i\u00e7in ideal bir yer olarak \u00f6ne \u00e7\u0131k\u0131yor. \u00c7ad\u0131r kamp\u0131 yapmak isteyenler i\u00e7in uygun olan bu alan, karavan kamp\u0131 i\u00e7in ise uygun de\u011fildir.<\/p>\n\n\n\n<p>M\u0131hl\u0131 \u015eelalesi Kamp Alan\u0131&#8217;nda bulunan 2-3 i\u015fletme, ziyaret\u00e7ilerin temel ihtiya\u00e7lar\u0131n\u0131 kar\u015f\u0131layabilecek olanaklar sunuyor. Bu i\u015fletmeler arac\u0131l\u0131\u011f\u0131yla WC ve yeme-i\u00e7me ihtiya\u00e7lar\u0131n\u0131z\u0131 giderme imkan\u0131n\u0131z bulunuyor. Ancak, \u00fccretsiz kamp yapmay\u0131 tercih edenler i\u00e7in, kamp alan\u0131nda wc, du\u015f veya elektrik gibi imkanlar\u0131n olmad\u0131\u011f\u0131n\u0131 bilmek \u00f6nemlidir.<\/p>\n\n\n\n<p>Bu alanda kamp yaparken, do\u011fan\u0131n sundu\u011fu huzur ve sakinlik i\u00e7inde, \u015fehir hayat\u0131n\u0131n karma\u015fas\u0131ndan uzakla\u015fma f\u0131rsat\u0131n\u0131 bulabilirsiniz. M\u0131hl\u0131 \u015eelalesi&#8217;nin g\u00f6z al\u0131c\u0131 manzaras\u0131 e\u015fli\u011finde, do\u011fa ile ba\u015f ba\u015fa kalabilece\u011finiz ve unutulmaz an\u0131lar biriktirebilece\u011finiz bir deneyim sizi bekliyor.<\/p>\n\n\n\n<hr class=\"wp-block-separator has-alpha-channel-opacity is-style-wide\"\/>\n\n\n\n<ul class=\"wp-block-list\">\n<li><strong>M\u0131hl\u0131 \u015eelalesi Kamp Alan\u0131 Adres<\/strong>&nbsp;:&nbsp;Ba\u015fde\u011firmen m\u0131hl\u0131\u015felalesi, 17980 Bah\u00e7edere\/Ayvac\u0131k\/\u00c7anakkale&nbsp;<a href=\"https:\/\/www.google.com\/maps?daddr=39.583493957139005,26.65114788316375\" target=\"_blank\" rel=\"noreferrer noopener\"><strong><em>Konum Bilgisi<\/em><\/strong><\/a><\/li>\n\n\n\n<li><strong>M\u0131hl\u0131 \u015eelalesi Kamp Alan\u0131 Telefon<\/strong>&nbsp;: \u2014-<\/li>\n\n\n\n<li><strong>M\u0131hl\u0131 \u015eelalesi Kamp Alan\u0131 Detayl\u0131 Bilgi :Bu i\u015fletme ile ilgili detayl\u0131 bilgiler, ve fiyat listesi i\u00e7in<\/strong> <strong><a href=\"https:\/\/geziyoo.co\/listing\/mihli-selalesi-kamp-alani\/\"><em>&nbsp;M\u0131hl\u0131 \u015eelalesi Kamp Alan\u0131<\/em><\/a><\/strong> sayfam\u0131za bakabilirsiniz.<\/li>\n<\/ul>\n\n\n\n<hr class=\"wp-block-separator has-alpha-channel-opacity is-style-wide\"\/>\n\n\n\n<h2 class=\"wp-block-heading\">6.Nil Camping<\/h2>\n\n\n\n<figure class=\"wp-block-image is-resized\"><img decoding=\"async\" width=\"640\" height=\"420\" data-src=\"https:\/\/geziyoo.co\/blog\/wp-content\/uploads\/2021\/01\/Nil-Camping-5-1.jpg\" alt=\"\u00c7anakkale Kamp Alanlar\u0131 ve Karavan Alanlar\u0131 -Nil Campig\" class=\"wp-image-6080 lazyload\" style=\"--smush-placeholder-width: 640px; --smush-placeholder-aspect-ratio: 640\/420;width:750px\" title=\"\u00c7anakkale Kamp Alanlar\u0131 ve Karavan Alanlar\u0131 15\" data-srcset=\"https:\/\/geziyoo.co\/blog\/wp-content\/uploads\/2021\/01\/Nil-Camping-5-1.jpg 640w, https:\/\/geziyoo.co\/blog\/wp-content\/uploads\/2021\/01\/Nil-Camping-5-1-300x197.jpg 300w\" data-sizes=\"(max-width: 640px) 100vw, 640px\" src=\"data:image\/gif;base64,R0lGODlhAQABAAAAACH5BAEKAAEALAAAAAABAAEAAAICTAEAOw==\" \/><figcaption class=\"wp-element-caption\">Nil Campig<\/figcaption><\/figure>\n\n\n\n<p>K\u00fc\u00e7\u00fckkuyu Assos Yolu \u00fczerinde yer alan Nil Camping, konfor ve do\u011fa kamp\u0131 deneyimini birle\u015ftiren e\u015fsiz bir atmosfere sahiptir. Bu tesis, merkezi konumu ve denize s\u0131f\u0131r \u00f6zelli\u011fiyle yaz aylar\u0131nda tatilcilerin g\u00f6zde mekanlar\u0131ndan biri haline gelmi\u015ftir. Masmavi denizin yan\u0131 ba\u015f\u0131nda, Nil Camping\u2019in sundu\u011fu imkanlarla hem rahat hem de \u00f6zel bir tatil deneyimi ya\u015fayabilirsiniz.<\/p>\n\n\n\n<p>Nil Camping\u2019e ula\u015f\u0131m olduk\u00e7a kolayd\u0131r. \u00d6zel ara\u00e7la gelecek misafirler, Behramkale K\u00f6y Yolu\u2019nu takip ederek yakla\u015f\u0131k yar\u0131m saat s\u00fcren bir s\u00fcr\u00fc\u015f sonras\u0131nda tesisin sol taraf\u0131nda yer ald\u0131\u011f\u0131n\u0131 g\u00f6rebilirler. Toplu ta\u015f\u0131ma tercih edenler i\u00e7in Assos i\u00e7inde d\u00fczenli minib\u00fcs seferleri mevcuttur. Ayr\u0131ca, \u00f6zel arac\u0131n\u0131zla geldi\u011finizde tesis b\u00fcnyesindeki \u00f6zel otopark\u0131 kullanabilirsiniz.<\/p>\n\n\n\n<p>Konaklama a\u00e7\u0131s\u0131ndan zengin se\u00e7enekler sunan Nil Camping, kendi \u00e7ad\u0131r\u0131n\u0131z\u0131 veya \u00f6zel karavan\u0131n\u0131z\u0131 getirebilece\u011finiz gibi, tesis taraf\u0131ndan tahsis edilen \u00e7ad\u0131rlar\u0131 da kiralayabilirsiniz. Tesiste yer alan kafeterya, g\u00fcnl\u00fck yeme-i\u00e7me ihtiya\u00e7lar\u0131n\u0131z i\u00e7in lezzetli \u00e7\u00f6z\u00fcmler sunmakta. Kendi yeme\u011finizi haz\u0131rlamak isterseniz, \u00e7ad\u0131r \u00f6n\u00fcnde mangal yakabilir ya da t\u00fcp \u00fczerinde yemek pi\u015firebilirsiniz. Ayr\u0131ca, \u00e7ad\u0131r \u00f6n\u00fcnde semaver kullan\u0131m\u0131 da mevcut, b\u00f6ylece \u00e7ay saatlerinizi daha keyifli hale getirebilirsiniz. K\u00fc\u00e7\u00fck at\u0131\u015ft\u0131rmal\u0131klar i\u00e7in kafeteryadan \u00e7erez, cips veya dondurma gibi \u00fcr\u00fcnler temin edebilirsiniz.<\/p>\n\n\n\n<p>Misafirlerin her t\u00fcrl\u00fc ihtiyac\u0131n\u0131 kar\u015f\u0131lamay\u0131 hedefleyen Nil Camping\u2019te wc, s\u0131cak du\u015f, elektrik, internet ba\u011flant\u0131s\u0131, soyunma kabinleri, ayr\u0131 bay ve bayan mescitleri, \u00e7ama\u015f\u0131r ve bula\u015f\u0131k y\u0131kama alan\u0131 gibi olanaklar bulunmaktad\u0131r. Bu sayede, kamp tatiliniz boyunca ihtiya\u00e7 duyaca\u011f\u0131n\u0131z bir\u00e7ok \u015feyi rahatl\u0131kla bulabilirsiniz.<\/p>\n\n\n\n<hr class=\"wp-block-separator has-alpha-channel-opacity is-style-wide\"\/>\n\n\n\n<ul class=\"wp-block-list\">\n<li><strong>Nil Camping&nbsp; Adres<\/strong>&nbsp;:K\u00fc\u00e7\u00fckkuyu 5.km Ayvac\u0131k \u00c7anakkale&nbsp;<a href=\"https:\/\/www.google.com\/maps?daddr=39.534273,26.554068\" target=\"_blank\" rel=\"noreferrer noopener\"><strong><em>Konum Bilgisi<\/em><\/strong><\/a><\/li>\n\n\n\n<li><strong>Nil Camping&nbsp; Telefon<\/strong>&nbsp;: 0286 752 63 82&nbsp;<\/li>\n\n\n\n<li><strong>Nil Camping&nbsp; Detayl\u0131 Bilgi :<\/strong>&nbsp;<a href=\"https:\/\/geziyoo.co\/listing\/nil-camping\/\"><em><strong>Nil Camping Tan\u0131t\u0131m\u0131<\/strong><\/em><\/a><\/li>\n<\/ul>\n\n\n\n<hr class=\"wp-block-separator has-alpha-channel-opacity is-style-wide\"\/>\n\n\n\n<h2 class=\"wp-block-heading\">7.G\u0131d\u0131\u015f\u0131m Camping<\/h2>\n\n\n\n<figure class=\"wp-block-image is-resized\"><img decoding=\"async\" width=\"900\" height=\"600\" data-src=\"https:\/\/geziyoo.co\/blog\/wp-content\/uploads\/2021\/01\/Gidisim-Camping-4.jpg\" alt=\"\u00c7anakkale Kamp Alanlar\u0131 -G\u0131d\u0131\u015f\u0131m Camping\" class=\"wp-image-6085 lazyload\" style=\"--smush-placeholder-width: 900px; --smush-placeholder-aspect-ratio: 900\/600;width:840px;height:auto\" title=\"\u00c7anakkale Kamp Alanlar\u0131 ve Karavan Alanlar\u0131 17\" data-srcset=\"https:\/\/geziyoo.co\/blog\/wp-content\/uploads\/2021\/01\/Gidisim-Camping-4.jpg 900w, https:\/\/geziyoo.co\/blog\/wp-content\/uploads\/2021\/01\/Gidisim-Camping-4-300x200.jpg 300w, https:\/\/geziyoo.co\/blog\/wp-content\/uploads\/2021\/01\/Gidisim-Camping-4-768x512.jpg 768w\" data-sizes=\"(max-width: 900px) 100vw, 900px\" src=\"data:image\/gif;base64,R0lGODlhAQABAAAAACH5BAEKAAEALAAAAAABAAEAAAICTAEAOw==\" \/><figcaption class=\"wp-element-caption\">G\u0131d\u0131\u015f\u0131m Camping<\/figcaption><\/figure>\n\n\n\n<p>Ayvac\u0131k&#8217;\u0131n Behramkale K\u00f6y\u00fc, Kad\u0131rga Mevkii&#8217;nde bulunan G\u0131d\u0131\u015f\u0131m Camping, \u00c7anakkale&#8217;nin en g\u00f6zde kamp alanlar\u0131ndan biri olarak \u00f6ne \u00e7\u0131k\u0131yor. Denize s\u0131f\u0131r konumuyla dikkat \u00e7eken bu kamp alan\u0131, hem \u00e7ad\u0131r hem de karavan kamp\u0131 yapmak isteyenler i\u00e7in ideal bir yer.<\/p>\n\n\n\n<p>G\u0131d\u0131\u015f\u0131m Camping, 2 ki\u015filik \u00e7ad\u0131rlarla konaklama hizmeti sunman\u0131n yan\u0131 s\u0131ra, karavanlar\u0131yla gelecek olan misafirler i\u00e7in de geni\u015f bir kamp alan\u0131 ve park alan\u0131na sahip. Bu sayede, farkl\u0131 tercihlere ve ihtiya\u00e7lara uygun bir konaklama deneyimi sa\u011fl\u0131yor. Denizin hemen yan\u0131 ba\u015f\u0131nda, do\u011fan\u0131n i\u00e7inde huzurlu ve sakin bir ortamda, unutulmaz bir kamp deneyimi ya\u015fayabilirsiniz.<\/p>\n\n\n\n<p>G\u0131d\u0131\u015f\u0131m Camping, do\u011faseverler i\u00e7in m\u00fckemmel bir ka\u00e7\u0131\u015f noktas\u0131d\u0131r. Burada, g\u00fcnd\u00fczleri denizin ve g\u00fcne\u015fin tad\u0131n\u0131 \u00e7\u0131karabilir, ak\u015famlar\u0131 ise y\u0131ld\u0131zlar\u0131n alt\u0131nda huzurlu bir uyku deneyimi ya\u015fayabilirsiniz. Hem \u00e7ad\u0131r hem de karavan kamp\u0131 yapmak isteyenler i\u00e7in geni\u015f imkanlar sunan G\u0131d\u0131\u015f\u0131m Camping, Ayvac\u0131k&#8217;\u0131n do\u011fal g\u00fczelliklerini ke\u015ffetmek isteyenler i\u00e7in ideal bir se\u00e7enektir. Bu kamp alan\u0131nda, \u015fehir ya\u015fam\u0131n\u0131n stresinden uzakla\u015farak do\u011fayla i\u00e7 i\u00e7e bir tatilin keyfini \u00e7\u0131karabilirsiniz.<\/p>\n\n\n\n<hr class=\"wp-block-separator has-alpha-channel-opacity is-style-wide\"\/>\n\n\n\n<ul class=\"wp-block-list\">\n<li><strong>G\u0131d\u0131\u015f\u0131m Camping Adres<\/strong>&nbsp;:Behramkale K\u00f6y\u00fc, Kad\u0131rga Koyu Mevkii, Assos-Ayvac\u0131k&nbsp;<strong><em><a href=\"https:\/\/www.google.com\/maps?daddr=39.485415,26.367851\" target=\"_blank\" rel=\"noreferrer noopener\">Konum Bilgisi<\/a><\/em><\/strong><\/li>\n\n\n\n<li><strong>G\u0131d\u0131\u015f\u0131m Camping Telefon<\/strong>&nbsp;: 0286 721 72 03<\/li>\n\n\n\n<li><strong>G\u0131d\u0131\u015f\u0131m Camping Detayl\u0131 Bilgi :<a href=\"https:\/\/geziyoo.co\/listing\/gidisim-camping\/\"><em>&nbsp;G\u0131d\u0131\u015f\u0131m Camping Tan\u0131t\u0131m\u0131<\/em><\/a><\/strong><\/li>\n<\/ul>\n\n\n\n<hr class=\"wp-block-separator has-alpha-channel-opacity is-style-wide\"\/>\n\n\n\n<p><strong>Ayvac\u0131k&#8217;da kamp yapabilece\u011finiz yerlerin<\/strong>&nbsp;tamam\u0131na yak\u0131n\u0131 sizlerle payla\u015ft\u0131k.Belki kuytuda k\u00f6\u015fede bir ka\u00e7 tane daha vard\u0131r.\u00c7anakkale Ayvac\u0131k&#8217;da kamp yap\u0131lan ba\u015fka yerler var ise l\u00fctfen yorumlar k\u0131sm\u0131ndan bizlerle payla\u015fs\u0131n.Bizlerden \u015fimdilik bu kadar g\u00fczel bir kamp ge\u00e7irmeniz dile\u011fiyle ho\u015f\u00e7akal\u0131n\u2026<\/p>\n\n\n\n<hr class=\"wp-block-separator has-css-opacity is-style-wide\"\/>\n\n\n\n<h3 class=\"wp-block-heading\">Bunlar\u0131 da Sevebilirsiniz;<\/h3>\n\n\n<ul class=\"wp-block-latest-posts__list wp-block-latest-posts\"><li><a class=\"wp-block-latest-posts__post-title\" href=\"https:\/\/geziyoo.co\/blog\/batman-kamp-alanlari\/\">Batman ve \u00c7evresi Do\u011fa \u0130\u00e7inde 4 Kamp Noktas\u0131 (Konum ve \u0130pu\u00e7lar\u0131)<\/a><\/li>\n<li><a class=\"wp-block-latest-posts__post-title\" href=\"https:\/\/geziyoo.co\/blog\/ayder-yaylasi-kamp-alanlari-ve-karavan-alanlari\/\">Ayder Yaylas\u0131 ve \u00c7evresi 2 Kamp Noktas\u0131 (Konum ve \u0130pu\u00e7lar\u0131)<\/a><\/li>\n<li><a class=\"wp-block-latest-posts__post-title\" href=\"https:\/\/geziyoo.co\/blog\/ardesen-kamp-alanlari-ve-karavan-alanlari\/\">Arde\u015fen ve F\u0131rt\u0131na Vadisi Giri\u015fi 5 Kamp Noktas\u0131 (Konum ve \u0130pu\u00e7lar\u0131)<\/a><\/li>\n<\/ul>\n\n\n<p><\/p>\n","protected":false},"excerpt":{"rendered":"<p>Ayvac\u0131k, \u00c7anakkale&#8217;nin g\u00fcneyinde, Midilli Adas\u0131&#8217;n\u0131n tam kar\u015f\u0131s\u0131nda yer alan devasa bir co\u011frafyad\u0131r. Turistler buray\u0131 genellikle &#8220;Assos&#8221; olarak bilse de; Ayvac\u0131k s\u0131n\u0131rlar\u0131 K\u00fc\u00e7\u00fckkuyu&#8217;dan ba\u015flar, Babakale&#8217;ye kadar uzan\u0131r. B\u00f6lge, T\u00fcrkiye&#8217;nin en kaliteli zeytinya\u011flar\u0131n\u0131n \u00fcretildi\u011fi, denizin en berrak (ve en so\u011fuk) oldu\u011fu, ta\u015f i\u015f\u00e7ili\u011finin sanata d\u00f6n\u00fc\u015ft\u00fc\u011f\u00fc k\u00f6ylerle doludur. Buradaki kamp k\u00fclt\u00fcr\u00fc, &#8220;Beach Club&#8221; g\u00fcr\u00fclt\u00fcs\u00fcnden uzak, daha bohem ve &hellip;<\/p>\n","protected":false},"author":1,"featured_media":15712,"comment_status":"open","ping_status":"open","sticky":false,"template":"","format":"standard","meta":{"footnotes":""},"categories":[589,23],"tags":[],"class_list":["post-15710","post","type-post","status-publish","format-standard","has-post-thumbnail","hentry","category-kamp1","category-kamp-kamp-alanlari"],"yoast_head":"<!-- This site is optimized with the Yoast SEO plugin v26.9 - https:\/\/yoast.com\/product\/yoast-seo-wordpress\/ -->\n<title>Ayvac\u0131k\u2019ta En \u0130yi 7 Kamp Alan\u0131: Assos, Kad\u0131rga ve Babakale | Geziyoo<\/title>\n<meta name=\"description\" content=\"\u00c7anakkale Ayvac\u0131k, pop\u00fcler Assos Kad\u0131rga Koyu, sakin Sivrice ve Sokaka\u011fz\u0131 sahilleri ile Babakale Akliman dahil \u00fccretli ve \u00fccretsiz 7 kamp alan\u0131n\u0131 listeledik. Konumlar Geziyoo&#039;da.\" \/>\n<meta name=\"robots\" content=\"index, follow, max-snippet:-1, max-image-preview:large, max-video-preview:-1\" \/>\n<link rel=\"canonical\" href=\"https:\/\/geziyoo.co\/blog\/ayvacik-kamp-alanlari-ve-karavan-alanlari\/\" \/>\n<meta property=\"og:locale\" content=\"tr_TR\" \/>\n<meta property=\"og:type\" content=\"article\" \/>\n<meta property=\"og:title\" content=\"Ayvac\u0131k\u2019ta En \u0130yi 7 Kamp Alan\u0131: Assos, Kad\u0131rga ve Babakale | Geziyoo\" \/>\n<meta property=\"og:description\" content=\"\u00c7anakkale Ayvac\u0131k, pop\u00fcler Assos Kad\u0131rga Koyu, sakin Sivrice ve Sokaka\u011fz\u0131 sahilleri ile Babakale Akliman dahil \u00fccretli ve \u00fccretsiz 7 kamp alan\u0131n\u0131 listeledik. Konumlar Geziyoo&#039;da.\" \/>\n<meta property=\"og:url\" content=\"https:\/\/geziyoo.co\/blog\/ayvacik-kamp-alanlari-ve-karavan-alanlari\/\" \/>\n<meta property=\"og:site_name\" content=\"Geziyoo.co\" \/>\n<meta property=\"article:publisher\" content=\"https:\/\/www.facebook.com\/Geziyooco\" \/>\n<meta property=\"article:author\" content=\"https:\/\/www.facebook.com\/geziyoo.co\" \/>\n<meta property=\"article:published_time\" content=\"2024-01-01T07:48:24+00:00\" \/>\n<meta property=\"article:modified_time\" content=\"2026-02-02T11:25:06+00:00\" \/>\n<meta property=\"og:image\" content=\"https:\/\/geziyoo.co\/blog\/wp-content\/uploads\/2024\/01\/ayvacik-kamp-alanlari.jpg\" \/>\n\t<meta property=\"og:image:width\" content=\"1024\" \/>\n\t<meta property=\"og:image:height\" content=\"768\" \/>\n\t<meta property=\"og:image:type\" content=\"image\/jpeg\" \/>\n<meta name=\"author\" content=\"Geziyoo\" \/>\n<meta name=\"twitter:card\" content=\"summary_large_image\" \/>\n<meta name=\"twitter:creator\" content=\"@https:\/\/twitter.com\/geziyoo\" \/>\n<meta name=\"twitter:site\" content=\"@geziyoo\" \/>\n<meta name=\"twitter:label1\" content=\"Yazan:\" \/>\n\t<meta name=\"twitter:data1\" content=\"Geziyoo\" \/>\n\t<meta name=\"twitter:label2\" content=\"Tahmini okuma s\u00fcresi\" \/>\n\t<meta name=\"twitter:data2\" content=\"13 dakika\" \/>\n<script type=\"application\/ld+json\" class=\"yoast-schema-graph\">{\"@context\":\"https:\/\/schema.org\",\"@graph\":[{\"@type\":\"Article\",\"@id\":\"https:\/\/geziyoo.co\/blog\/ayvacik-kamp-alanlari-ve-karavan-alanlari\/#article\",\"isPartOf\":{\"@id\":\"https:\/\/geziyoo.co\/blog\/ayvacik-kamp-alanlari-ve-karavan-alanlari\/\"},\"author\":{\"name\":\"Geziyoo\",\"@id\":\"https:\/\/geziyoo.co\/blog\/#\/schema\/person\/032acb2436540ed14784e7d978aef0e4\"},\"headline\":\"Ayvac\u0131k ve Assos \u00c7evresi \u00dccretli\/\u00dccretsiz 7 Kamp Alan\u0131 (\u0130leti\u015fim ve Konum)\",\"datePublished\":\"2024-01-01T07:48:24+00:00\",\"dateModified\":\"2026-02-02T11:25:06+00:00\",\"mainEntityOfPage\":{\"@id\":\"https:\/\/geziyoo.co\/blog\/ayvacik-kamp-alanlari-ve-karavan-alanlari\/\"},\"wordCount\":2638,\"commentCount\":0,\"publisher\":{\"@id\":\"https:\/\/geziyoo.co\/blog\/#organization\"},\"image\":{\"@id\":\"https:\/\/geziyoo.co\/blog\/ayvacik-kamp-alanlari-ve-karavan-alanlari\/#primaryimage\"},\"thumbnailUrl\":\"https:\/\/geziyoo.co\/blog\/wp-content\/uploads\/2024\/01\/ayvacik-kamp-alanlari.jpg\",\"articleSection\":[\"Kamp\",\"Kamp Alanlar\u0131\"],\"inLanguage\":\"tr\",\"potentialAction\":[{\"@type\":\"CommentAction\",\"name\":\"Comment\",\"target\":[\"https:\/\/geziyoo.co\/blog\/ayvacik-kamp-alanlari-ve-karavan-alanlari\/#respond\"]}]},{\"@type\":\"WebPage\",\"@id\":\"https:\/\/geziyoo.co\/blog\/ayvacik-kamp-alanlari-ve-karavan-alanlari\/\",\"url\":\"https:\/\/geziyoo.co\/blog\/ayvacik-kamp-alanlari-ve-karavan-alanlari\/\",\"name\":\"Ayvac\u0131k\u2019ta En \u0130yi 7 Kamp Alan\u0131: Assos, Kad\u0131rga ve Babakale | Geziyoo\",\"isPartOf\":{\"@id\":\"https:\/\/geziyoo.co\/blog\/#website\"},\"primaryImageOfPage\":{\"@id\":\"https:\/\/geziyoo.co\/blog\/ayvacik-kamp-alanlari-ve-karavan-alanlari\/#primaryimage\"},\"image\":{\"@id\":\"https:\/\/geziyoo.co\/blog\/ayvacik-kamp-alanlari-ve-karavan-alanlari\/#primaryimage\"},\"thumbnailUrl\":\"https:\/\/geziyoo.co\/blog\/wp-content\/uploads\/2024\/01\/ayvacik-kamp-alanlari.jpg\",\"datePublished\":\"2024-01-01T07:48:24+00:00\",\"dateModified\":\"2026-02-02T11:25:06+00:00\",\"description\":\"\u00c7anakkale Ayvac\u0131k, pop\u00fcler Assos Kad\u0131rga Koyu, sakin Sivrice ve Sokaka\u011fz\u0131 sahilleri ile Babakale Akliman dahil \u00fccretli ve \u00fccretsiz 7 kamp alan\u0131n\u0131 listeledik. Konumlar Geziyoo'da.\",\"breadcrumb\":{\"@id\":\"https:\/\/geziyoo.co\/blog\/ayvacik-kamp-alanlari-ve-karavan-alanlari\/#breadcrumb\"},\"inLanguage\":\"tr\",\"potentialAction\":[{\"@type\":\"ReadAction\",\"target\":[\"https:\/\/geziyoo.co\/blog\/ayvacik-kamp-alanlari-ve-karavan-alanlari\/\"]}]},{\"@type\":\"ImageObject\",\"inLanguage\":\"tr\",\"@id\":\"https:\/\/geziyoo.co\/blog\/ayvacik-kamp-alanlari-ve-karavan-alanlari\/#primaryimage\",\"url\":\"https:\/\/geziyoo.co\/blog\/wp-content\/uploads\/2024\/01\/ayvacik-kamp-alanlari.jpg\",\"contentUrl\":\"https:\/\/geziyoo.co\/blog\/wp-content\/uploads\/2024\/01\/ayvacik-kamp-alanlari.jpg\",\"width\":1024,\"height\":768},{\"@type\":\"BreadcrumbList\",\"@id\":\"https:\/\/geziyoo.co\/blog\/ayvacik-kamp-alanlari-ve-karavan-alanlari\/#breadcrumb\",\"itemListElement\":[{\"@type\":\"ListItem\",\"position\":1,\"name\":\"Ana sayfa\",\"item\":\"https:\/\/geziyoo.co\/blog\/\"},{\"@type\":\"ListItem\",\"position\":2,\"name\":\"Ayvac\u0131k ve Assos \u00c7evresi \u00dccretli\/\u00dccretsiz 7 Kamp Alan\u0131 (\u0130leti\u015fim ve Konum)\"}]},{\"@type\":\"WebSite\",\"@id\":\"https:\/\/geziyoo.co\/blog\/#website\",\"url\":\"https:\/\/geziyoo.co\/blog\/\",\"name\":\"Geziyoo Blog\",\"description\":\"GeziYoo Blog&#039;da T\u00fcrkiye&#039;nin en iyi kamp alanlar\u0131ndan bungalov tatillerine, karavan ipu\u00e7lar\u0131ndan gezi rehberlerine kadar her t\u00fcrl\u00fc do\u011fa deneyimini ke\u015ffedin.\",\"publisher\":{\"@id\":\"https:\/\/geziyoo.co\/blog\/#organization\"},\"potentialAction\":[{\"@type\":\"SearchAction\",\"target\":{\"@type\":\"EntryPoint\",\"urlTemplate\":\"https:\/\/geziyoo.co\/blog\/?s={search_term_string}\"},\"query-input\":{\"@type\":\"PropertyValueSpecification\",\"valueRequired\":true,\"valueName\":\"search_term_string\"}}],\"inLanguage\":\"tr\"},{\"@type\":\"Organization\",\"@id\":\"https:\/\/geziyoo.co\/blog\/#organization\",\"name\":\"Geziyoo.co\",\"url\":\"https:\/\/geziyoo.co\/blog\/\",\"logo\":{\"@type\":\"ImageObject\",\"inLanguage\":\"tr\",\"@id\":\"https:\/\/geziyoo.co\/blog\/#\/schema\/logo\/image\/\",\"url\":\"https:\/\/geziyoo.co\/blog\/wp-content\/uploads\/2025\/01\/Paragraf-metniniz-3.png\",\"contentUrl\":\"https:\/\/geziyoo.co\/blog\/wp-content\/uploads\/2025\/01\/Paragraf-metniniz-3.png\",\"width\":270,\"height\":50,\"caption\":\"Geziyoo.co\"},\"image\":{\"@id\":\"https:\/\/geziyoo.co\/blog\/#\/schema\/logo\/image\/\"},\"sameAs\":[\"https:\/\/www.facebook.com\/Geziyooco\",\"https:\/\/x.com\/geziyoo\",\"https:\/\/tr.pinterest.com\/geziyooco\/\",\"https:\/\/www.youtube.com\/@geziyoo\",\"https:\/\/www.instagram.com\/geziyoo.co\/\"]},{\"@type\":\"Person\",\"@id\":\"https:\/\/geziyoo.co\/blog\/#\/schema\/person\/032acb2436540ed14784e7d978aef0e4\",\"name\":\"Geziyoo\",\"image\":{\"@type\":\"ImageObject\",\"inLanguage\":\"tr\",\"@id\":\"https:\/\/geziyoo.co\/blog\/#\/schema\/person\/image\/\",\"url\":\"https:\/\/secure.gravatar.com\/avatar\/ae212a4514471fdb8cab6e5af4f3c99b940a2d0a16713ea0392c8d7c8a64f30a?s=96&d=mm&r=g\",\"contentUrl\":\"https:\/\/secure.gravatar.com\/avatar\/ae212a4514471fdb8cab6e5af4f3c99b940a2d0a16713ea0392c8d7c8a64f30a?s=96&d=mm&r=g\",\"caption\":\"Geziyoo\"},\"description\":\"Do\u011fa ile i\u00e7 i\u00e7e olabilece\u011finiz yerler,do\u011fa aktivite alanlar\u0131,kamp alanlar\u0131,bungalov oteller,Tiny House Oteller, Galampingler ve da\u011f evlerinin herkes i\u00e7in ula\u015f\u0131labilir olmas\u0131n\u0131 sa\u011flamak amac\u0131yla Geziyoo\u2019ya 2019 y\u0131l\u0131nda ba\u015flad\u0131k.Do\u011fal Tatil konseptini uygulayan en geni\u015f kapsaml\u0131 sitedir.\",\"sameAs\":[\"https:\/\/geziyoo.co\/\",\"https:\/\/www.facebook.com\/geziyoo.co\",\"https:\/\/www.instagram.com\/geziyoo.co\/\",\"https:\/\/tr.pinterest.com\/geziyooco\/\",\"https:\/\/x.com\/https:\/\/twitter.com\/geziyoo\",\"https:\/\/www.youtube.com\/channel\/UCdiSMa6pe17KEY7DP1Ug4ag\"]}]}<\/script>\n<!-- \/ Yoast SEO plugin. -->","yoast_head_json":{"title":"Ayvac\u0131k\u2019ta En \u0130yi 7 Kamp Alan\u0131: Assos, Kad\u0131rga ve Babakale | Geziyoo","description":"\u00c7anakkale Ayvac\u0131k, pop\u00fcler Assos Kad\u0131rga Koyu, sakin Sivrice ve Sokaka\u011fz\u0131 sahilleri ile Babakale Akliman dahil \u00fccretli ve \u00fccretsiz 7 kamp alan\u0131n\u0131 listeledik. Konumlar Geziyoo'da.","robots":{"index":"index","follow":"follow","max-snippet":"max-snippet:-1","max-image-preview":"max-image-preview:large","max-video-preview":"max-video-preview:-1"},"canonical":"https:\/\/geziyoo.co\/blog\/ayvacik-kamp-alanlari-ve-karavan-alanlari\/","og_locale":"tr_TR","og_type":"article","og_title":"Ayvac\u0131k\u2019ta En \u0130yi 7 Kamp Alan\u0131: Assos, Kad\u0131rga ve Babakale | Geziyoo","og_description":"\u00c7anakkale Ayvac\u0131k, pop\u00fcler Assos Kad\u0131rga Koyu, sakin Sivrice ve Sokaka\u011fz\u0131 sahilleri ile Babakale Akliman dahil \u00fccretli ve \u00fccretsiz 7 kamp alan\u0131n\u0131 listeledik. Konumlar Geziyoo'da.","og_url":"https:\/\/geziyoo.co\/blog\/ayvacik-kamp-alanlari-ve-karavan-alanlari\/","og_site_name":"Geziyoo.co","article_publisher":"https:\/\/www.facebook.com\/Geziyooco","article_author":"https:\/\/www.facebook.com\/geziyoo.co","article_published_time":"2024-01-01T07:48:24+00:00","article_modified_time":"2026-02-02T11:25:06+00:00","og_image":[{"width":1024,"height":768,"url":"https:\/\/geziyoo.co\/blog\/wp-content\/uploads\/2024\/01\/ayvacik-kamp-alanlari.jpg","type":"image\/jpeg"}],"author":"Geziyoo","twitter_card":"summary_large_image","twitter_creator":"@https:\/\/twitter.com\/geziyoo","twitter_site":"@geziyoo","twitter_misc":{"Yazan:":"Geziyoo","Tahmini okuma s\u00fcresi":"13 dakika"},"schema":{"@context":"https:\/\/schema.org","@graph":[{"@type":"Article","@id":"https:\/\/geziyoo.co\/blog\/ayvacik-kamp-alanlari-ve-karavan-alanlari\/#article","isPartOf":{"@id":"https:\/\/geziyoo.co\/blog\/ayvacik-kamp-alanlari-ve-karavan-alanlari\/"},"author":{"name":"Geziyoo","@id":"https:\/\/geziyoo.co\/blog\/#\/schema\/person\/032acb2436540ed14784e7d978aef0e4"},"headline":"Ayvac\u0131k ve Assos \u00c7evresi \u00dccretli\/\u00dccretsiz 7 Kamp Alan\u0131 (\u0130leti\u015fim ve Konum)","datePublished":"2024-01-01T07:48:24+00:00","dateModified":"2026-02-02T11:25:06+00:00","mainEntityOfPage":{"@id":"https:\/\/geziyoo.co\/blog\/ayvacik-kamp-alanlari-ve-karavan-alanlari\/"},"wordCount":2638,"commentCount":0,"publisher":{"@id":"https:\/\/geziyoo.co\/blog\/#organization"},"image":{"@id":"https:\/\/geziyoo.co\/blog\/ayvacik-kamp-alanlari-ve-karavan-alanlari\/#primaryimage"},"thumbnailUrl":"https:\/\/geziyoo.co\/blog\/wp-content\/uploads\/2024\/01\/ayvacik-kamp-alanlari.jpg","articleSection":["Kamp","Kamp Alanlar\u0131"],"inLanguage":"tr","potentialAction":[{"@type":"CommentAction","name":"Comment","target":["https:\/\/geziyoo.co\/blog\/ayvacik-kamp-alanlari-ve-karavan-alanlari\/#respond"]}]},{"@type":"WebPage","@id":"https:\/\/geziyoo.co\/blog\/ayvacik-kamp-alanlari-ve-karavan-alanlari\/","url":"https:\/\/geziyoo.co\/blog\/ayvacik-kamp-alanlari-ve-karavan-alanlari\/","name":"Ayvac\u0131k\u2019ta En \u0130yi 7 Kamp Alan\u0131: Assos, Kad\u0131rga ve Babakale | Geziyoo","isPartOf":{"@id":"https:\/\/geziyoo.co\/blog\/#website"},"primaryImageOfPage":{"@id":"https:\/\/geziyoo.co\/blog\/ayvacik-kamp-alanlari-ve-karavan-alanlari\/#primaryimage"},"image":{"@id":"https:\/\/geziyoo.co\/blog\/ayvacik-kamp-alanlari-ve-karavan-alanlari\/#primaryimage"},"thumbnailUrl":"https:\/\/geziyoo.co\/blog\/wp-content\/uploads\/2024\/01\/ayvacik-kamp-alanlari.jpg","datePublished":"2024-01-01T07:48:24+00:00","dateModified":"2026-02-02T11:25:06+00:00","description":"\u00c7anakkale Ayvac\u0131k, pop\u00fcler Assos Kad\u0131rga Koyu, sakin Sivrice ve Sokaka\u011fz\u0131 sahilleri ile Babakale Akliman dahil \u00fccretli ve \u00fccretsiz 7 kamp alan\u0131n\u0131 listeledik. Konumlar Geziyoo'da.","breadcrumb":{"@id":"https:\/\/geziyoo.co\/blog\/ayvacik-kamp-alanlari-ve-karavan-alanlari\/#breadcrumb"},"inLanguage":"tr","potentialAction":[{"@type":"ReadAction","target":["https:\/\/geziyoo.co\/blog\/ayvacik-kamp-alanlari-ve-karavan-alanlari\/"]}]},{"@type":"ImageObject","inLanguage":"tr","@id":"https:\/\/geziyoo.co\/blog\/ayvacik-kamp-alanlari-ve-karavan-alanlari\/#primaryimage","url":"https:\/\/geziyoo.co\/blog\/wp-content\/uploads\/2024\/01\/ayvacik-kamp-alanlari.jpg","contentUrl":"https:\/\/geziyoo.co\/blog\/wp-content\/uploads\/2024\/01\/ayvacik-kamp-alanlari.jpg","width":1024,"height":768},{"@type":"BreadcrumbList","@id":"https:\/\/geziyoo.co\/blog\/ayvacik-kamp-alanlari-ve-karavan-alanlari\/#breadcrumb","itemListElement":[{"@type":"ListItem","position":1,"name":"Ana sayfa","item":"https:\/\/geziyoo.co\/blog\/"},{"@type":"ListItem","position":2,"name":"Ayvac\u0131k ve Assos \u00c7evresi \u00dccretli\/\u00dccretsiz 7 Kamp Alan\u0131 (\u0130leti\u015fim ve Konum)"}]},{"@type":"WebSite","@id":"https:\/\/geziyoo.co\/blog\/#website","url":"https:\/\/geziyoo.co\/blog\/","name":"Geziyoo Blog","description":"GeziYoo Blog&#039;da T\u00fcrkiye&#039;nin en iyi kamp alanlar\u0131ndan bungalov tatillerine, karavan ipu\u00e7lar\u0131ndan gezi rehberlerine kadar her t\u00fcrl\u00fc do\u011fa deneyimini ke\u015ffedin.","publisher":{"@id":"https:\/\/geziyoo.co\/blog\/#organization"},"potentialAction":[{"@type":"SearchAction","target":{"@type":"EntryPoint","urlTemplate":"https:\/\/geziyoo.co\/blog\/?s={search_term_string}"},"query-input":{"@type":"PropertyValueSpecification","valueRequired":true,"valueName":"search_term_string"}}],"inLanguage":"tr"},{"@type":"Organization","@id":"https:\/\/geziyoo.co\/blog\/#organization","name":"Geziyoo.co","url":"https:\/\/geziyoo.co\/blog\/","logo":{"@type":"ImageObject","inLanguage":"tr","@id":"https:\/\/geziyoo.co\/blog\/#\/schema\/logo\/image\/","url":"https:\/\/geziyoo.co\/blog\/wp-content\/uploads\/2025\/01\/Paragraf-metniniz-3.png","contentUrl":"https:\/\/geziyoo.co\/blog\/wp-content\/uploads\/2025\/01\/Paragraf-metniniz-3.png","width":270,"height":50,"caption":"Geziyoo.co"},"image":{"@id":"https:\/\/geziyoo.co\/blog\/#\/schema\/logo\/image\/"},"sameAs":["https:\/\/www.facebook.com\/Geziyooco","https:\/\/x.com\/geziyoo","https:\/\/tr.pinterest.com\/geziyooco\/","https:\/\/www.youtube.com\/@geziyoo","https:\/\/www.instagram.com\/geziyoo.co\/"]},{"@type":"Person","@id":"https:\/\/geziyoo.co\/blog\/#\/schema\/person\/032acb2436540ed14784e7d978aef0e4","name":"Geziyoo","image":{"@type":"ImageObject","inLanguage":"tr","@id":"https:\/\/geziyoo.co\/blog\/#\/schema\/person\/image\/","url":"https:\/\/secure.gravatar.com\/avatar\/ae212a4514471fdb8cab6e5af4f3c99b940a2d0a16713ea0392c8d7c8a64f30a?s=96&d=mm&r=g","contentUrl":"https:\/\/secure.gravatar.com\/avatar\/ae212a4514471fdb8cab6e5af4f3c99b940a2d0a16713ea0392c8d7c8a64f30a?s=96&d=mm&r=g","caption":"Geziyoo"},"description":"Do\u011fa ile i\u00e7 i\u00e7e olabilece\u011finiz yerler,do\u011fa aktivite alanlar\u0131,kamp alanlar\u0131,bungalov oteller,Tiny House Oteller, Galampingler ve da\u011f evlerinin herkes i\u00e7in ula\u015f\u0131labilir olmas\u0131n\u0131 sa\u011flamak amac\u0131yla Geziyoo\u2019ya 2019 y\u0131l\u0131nda ba\u015flad\u0131k.Do\u011fal Tatil konseptini uygulayan en geni\u015f kapsaml\u0131 sitedir.","sameAs":["https:\/\/geziyoo.co\/","https:\/\/www.facebook.com\/geziyoo.co","https:\/\/www.instagram.com\/geziyoo.co\/","https:\/\/tr.pinterest.com\/geziyooco\/","https:\/\/x.com\/https:\/\/twitter.com\/geziyoo","https:\/\/www.youtube.com\/channel\/UCdiSMa6pe17KEY7DP1Ug4ag"]}]}},"amp_enabled":true,"_links":{"self":[{"href":"https:\/\/geziyoo.co\/blog\/wp-json\/wp\/v2\/posts\/15710","targetHints":{"allow":["GET"]}}],"collection":[{"href":"https:\/\/geziyoo.co\/blog\/wp-json\/wp\/v2\/posts"}],"about":[{"href":"https:\/\/geziyoo.co\/blog\/wp-json\/wp\/v2\/types\/post"}],"author":[{"embeddable":true,"href":"https:\/\/geziyoo.co\/blog\/wp-json\/wp\/v2\/users\/1"}],"replies":[{"embeddable":true,"href":"https:\/\/geziyoo.co\/blog\/wp-json\/wp\/v2\/comments?post=15710"}],"version-history":[{"count":0,"href":"https:\/\/geziyoo.co\/blog\/wp-json\/wp\/v2\/posts\/15710\/revisions"}],"wp:featuredmedia":[{"embeddable":true,"href":"https:\/\/geziyoo.co\/blog\/wp-json\/wp\/v2\/media\/15712"}],"wp:attachment":[{"href":"https:\/\/geziyoo.co\/blog\/wp-json\/wp\/v2\/media?parent=15710"}],"wp:term":[{"taxonomy":"category","embeddable":true,"href":"https:\/\/geziyoo.co\/blog\/wp-json\/wp\/v2\/categories?post=15710"},{"taxonomy":"post_tag","embeddable":true,"href":"https:\/\/geziyoo.co\/blog\/wp-json\/wp\/v2\/tags?post=15710"}],"curies":[{"name":"wp","href":"https:\/\/api.w.org\/{rel}","templated":true}]}}