{"id":15614,"date":"2023-12-06T05:20:58","date_gmt":"2023-12-06T05:20:58","guid":{"rendered":"https:\/\/geziyoo.co\/blog\/?p=15614"},"modified":"2026-02-02T11:02:25","modified_gmt":"2026-02-02T11:02:25","slug":"enez-kamp-alanlari-ve-karavan-alanlari","status":"publish","type":"post","link":"https:\/\/geziyoo.co\/blog\/enez-kamp-alanlari-ve-karavan-alanlari\/","title":{"rendered":"Enez Geneli \u00dccretli ve \u00dccretsiz 8 Kamp Alan\u0131 (\u0130leti\u015fim ve Konum)"},"content":{"rendered":"\n<p><strong>Enez<\/strong>, Saros K\u00f6rfezi&#8217;nin en bat\u0131 ucu ve Trakya&#8217;n\u0131n en bakir k\u00f6\u015felerinden biridir. Antik \u00e7a\u011flarda \u00f6nemli bir liman kenti olan Ainos&#8217;un kal\u0131nt\u0131lar\u0131, bug\u00fcn kamp\u00e7\u0131lara tarihi bir fon olu\u015fturur. B\u00f6lge, Erikli gibi yo\u011fun bir e\u011flence hayat\u0131 vaat etmez; bunun yerine kilometrelerce uzanan kumsallar, lag\u00fcn g\u00f6lleri ve sessizlik sunar. Enez&#8217;in denizi, Meri\u00e7 Nehri&#8217;nin d\u00f6k\u00fcld\u00fc\u011f\u00fc noktaya yak\u0131n oldu\u011fu i\u00e7in zaman zaman ak\u0131nt\u0131l\u0131 ve serin olabilir ancak temizli\u011fi tart\u0131\u015f\u0131lmazd\u0131r.<\/p>\n\n\n\n<p>B\u00f6lge, sulak alanlar\u0131n (Meri\u00e7 Deltas\u0131 ve g\u00f6ller) yo\u011funlu\u011fu nedeniyle biyolojik a\u00e7\u0131dan \u00e7ok zengindir. Ancak kamp\u00e7\u0131lar i\u00e7in <strong>hayati bir uyar\u0131<\/strong> yapmak \u015fartt\u0131r: Enez&#8217;in sivrisinekleri me\u015fhurdur. Sulak alan bollu\u011fu nedeniyle yaz ak\u015famlar\u0131nda sinek kovucu spreyler, uzun kollu giysiler ve m\u00fcmk\u00fcnse sinek telli \u00e7ad\u0131rlar en \u00f6nemli ekipman\u0131n\u0131z olacakt\u0131r.<\/p>\n\n\n\n<p>Biz Geziyoo olarak, s\u0131n\u0131r\u0131n s\u0131f\u0131r noktas\u0131ndaki bu rotada arac\u0131lar\u0131 tamamen aradan \u00e7\u0131kard\u0131k. Listemizde hem <strong>hi\u00e7bir \u00fccret \u00f6demeden<\/strong> Alt\u0131nkum\u2019un \u0131ss\u0131z noktalar\u0131nda veya Sultani\u00e7e liman\u0131nda kalabilece\u011finiz alanlar\u0131, hem de <strong>temel ihtiya\u00e7lar\u0131n\u0131z\u0131 (su, wc, elektrik)<\/strong> kar\u015f\u0131layabilece\u011finiz m\u00fctevaz\u0131 aile i\u015fletmelerini ve belediye alanlar\u0131n\u0131 bir araya getirdik.<\/p>\n\n\n\n<p>\u0130ster <strong>Gala G\u00f6l\u00fc&#8217;nde<\/strong> d\u00fcrb\u00fcn\u00fcn\u00fczle ku\u015flar\u0131 izleyin, ister <strong>Vak\u0131f Sahili&#8217;nin<\/strong> cam gibi suyuna dal\u0131n; yola \u00e7\u0131kmadan \u00f6nce listedeki sivrisinek uyar\u0131s\u0131n\u0131 dikkate al\u0131n. \u0130\u015fte Enez\u2019in en sevilen 8 kamp dura\u011f\u0131:<\/p>\n\n\n\n<p>Dilerseniz\u00a0<strong><em><a href=\"https:\/\/geziyoo.co\/blog\/edirne-cadir-ve-karavan-kamp-alanlari-haritasi-harita\/\">ED\u0130RNE Kamp Alanlar\u0131\u00a0<\/a><\/em><\/strong>Haritam\u0131z\u0131 da kullanabilirsiniz.<\/p>\n\n\n\n<p>Enez&#8217;de unuttu\u011fumuz veya bilmedi\u011fimiz&nbsp;<strong>\u00c7ad\u0131r ve Karavan Kamp alan\u0131<\/strong>&nbsp;var ise l\u00fctfen yorumlar k\u0131sm\u0131ndan bizlerle payla\u015f\u0131n.Enez haricinde Kamp Alan\u0131, Bungalov veya Da\u011f evi ar\u0131yorsan\u0131z ,&nbsp;<a href=\"https:\/\/geziyoo.co\/?select=Karavan+Kamp%C4%B1&amp;lp_s_loc=&amp;lp_s_tag=&amp;lp_s_cat=229&amp;s=home&amp;post_type=listing\"><em><strong>500\u2019den fazla Kamp ve Karavan Yeri<\/strong><\/em><\/a>&nbsp;sayfam\u0131za bakman\u0131z\u0131 tavsiye diyoruz.<\/p>\n\n\n\n<p>Fazla uzatmadan <strong>Enez Kamp Alanlar\u0131, Karavan Alanlar\u0131<\/strong> listemize ge\u00e7elim.Sizlerde listede yer alamyan Edirne&#8217;deki kamp alanlar\u0131n\u0131 bizlere bildirebilirsiniz.\u015eimdiden g\u00fczel bir kamp diliyoruz.<\/p>\n\n\n\n<hr class=\"wp-block-separator has-css-opacity is-style-wide\"\/>\n\n\n\n<h2 class=\"wp-block-heading\">1.Denizat\u0131 Kamp Alan\u0131<\/h2>\n\n\n\n<figure class=\"wp-block-image size-large\"><img decoding=\"async\" width=\"1024\" height=\"576\" data-src=\"https:\/\/geziyoo.co\/blog\/wp-content\/uploads\/2020\/05\/Denizat\u0131-Kamp-Alan\u0131-1-1024x576.jpg\" alt=\"Enez \" class=\"wp-image-5759 lazyload\" data-srcset=\"https:\/\/geziyoo.co\/blog\/wp-content\/uploads\/2020\/05\/Denizat\u0131-Kamp-Alan\u0131-1-1024x576.jpg 1024w, https:\/\/geziyoo.co\/blog\/wp-content\/uploads\/2020\/05\/Denizat\u0131-Kamp-Alan\u0131-1-300x169.jpg 300w, https:\/\/geziyoo.co\/blog\/wp-content\/uploads\/2020\/05\/Denizat\u0131-Kamp-Alan\u0131-1-768x432.jpg 768w, https:\/\/geziyoo.co\/blog\/wp-content\/uploads\/2020\/05\/Denizat\u0131-Kamp-Alan\u0131-1-390x220.jpg 390w, https:\/\/geziyoo.co\/blog\/wp-content\/uploads\/2020\/05\/Denizat\u0131-Kamp-Alan\u0131-1.jpg 1080w\" data-sizes=\"(max-width: 1024px) 100vw, 1024px\" src=\"data:image\/gif;base64,R0lGODlhAQABAAAAACH5BAEKAAEALAAAAAABAAEAAAICTAEAOw==\" style=\"--smush-placeholder-width: 1024px; --smush-placeholder-aspect-ratio: 1024\/576;\" \/><figcaption class=\"wp-element-caption\">Denizat\u0131 Kamp Alan\u0131<\/figcaption><\/figure>\n\n\n\n<p>Denizat\u0131 Kamp Alan\u0131 ve Restoran, Edirne&#8217;nin Enez il\u00e7esinde, denize yak\u0131n bir konumda bulunuyor ve deniz manzaras\u0131n\u0131n tad\u0131n\u0131 \u00e7\u0131kar\u0131rken kamp yapma imkan\u0131 sunuyor. Bu tesis, konuklar\u0131na \u00f6zel bir plaja sahip ve kamp alan\u0131n\u0131 kullanan misafirlerin plaj i\u00e7in ekstra \u00fccret \u00f6demelerine gerek yok. Plajda, i\u00e7ecek, yemek servisi gibi hizmetler mevcut.<\/p>\n\n\n\n<p>\u00c7ad\u0131r kurmak istemeyen veya \u00e7ad\u0131rs\u0131z olanlar i\u00e7in haz\u0131r \u00e7ad\u0131rlar bulunuyor, bu \u00e7ad\u0131rlar\u0131 kiralayabilir ya da isterseniz karavan alanlar\u0131 da mevcut, kendi karavan\u0131n\u0131zla kalabilirsiniz. Kamp alan\u0131, du\u015f, tuvalet, restoran ve canl\u0131 m\u00fczik gibi \u00e7e\u015fitli imkanlar sunarak konuklar\u0131na keyifli bir deneyim vaat ediyor.<\/p>\n\n\n\n<hr class=\"wp-block-separator has-alpha-channel-opacity is-style-wide\"\/>\n\n\n\n<ul class=\"wp-block-list\">\n<li><strong>Adres<\/strong>&nbsp;:&nbsp;&nbsp;Esentepe mevkii, Denizat\u0131 Kamp Alan\u0131 ve Restoran, Karaincirli-Sahil Yolu, Karaincirli\/Enez\/Edirne, T\u00fcrkiye&nbsp;<strong><em><a href=\"https:\/\/www.google.com\/maps?daddr=40.5932152,26.2857531\" target=\"_blank\" rel=\"noreferrer noopener\">Konum Bilgisi<\/a><\/em><\/strong><\/li>\n\n\n\n<li><strong>Telefon<\/strong>&nbsp;: 0542 216 80 84<\/li>\n\n\n\n<li><strong>Detayl\u0131 Bilgi :<\/strong>&nbsp;<a href=\"https:\/\/geziyoo.co\/listing\/denizati-kamp-alani-ve-restoran\/\" target=\"_blank\" rel=\"noreferrer noopener\"><em><strong>Denizat\u0131 Kamp Alan\u0131 Tan\u0131t\u0131m\u0131<\/strong><\/em><\/a><\/li>\n<\/ul>\n\n\n\n<hr class=\"wp-block-separator has-css-opacity is-style-wide\"\/>\n\n\n\n<h2 class=\"wp-block-heading\">2.Dama Kamp Alan\u0131<\/h2>\n\n\n\n<figure class=\"wp-block-image size-large\"><img decoding=\"async\" width=\"1000\" height=\"562\" data-src=\"https:\/\/geziyoo.co\/blog\/wp-content\/uploads\/2020\/05\/Dama-Kamp-Alan\u0131-5.jpg\" alt=\"Enez Kamp Alanlar\u0131 ve Karavan Alanlar\u0131\" class=\"wp-image-5756 lazyload\" data-srcset=\"https:\/\/geziyoo.co\/blog\/wp-content\/uploads\/2020\/05\/Dama-Kamp-Alan\u0131-5.jpg 1000w, https:\/\/geziyoo.co\/blog\/wp-content\/uploads\/2020\/05\/Dama-Kamp-Alan\u0131-5-300x169.jpg 300w, https:\/\/geziyoo.co\/blog\/wp-content\/uploads\/2020\/05\/Dama-Kamp-Alan\u0131-5-768x432.jpg 768w, https:\/\/geziyoo.co\/blog\/wp-content\/uploads\/2020\/05\/Dama-Kamp-Alan\u0131-5-390x220.jpg 390w\" data-sizes=\"(max-width: 1000px) 100vw, 1000px\" src=\"data:image\/gif;base64,R0lGODlhAQABAAAAACH5BAEKAAEALAAAAAABAAEAAAICTAEAOw==\" style=\"--smush-placeholder-width: 1000px; --smush-placeholder-aspect-ratio: 1000\/562;\" \/><\/figure>\n\n\n\n<p>Dama Kamp Alan\u0131, aileler i\u00e7in ideal bir kamp alan\u0131 olarak Edirne&#8217;nin Saroz il\u00e7esinde yer al\u0131yor. Bu alan, hem k\u0131sa hem de uzun s\u00fcreli tatiller i\u00e7in rahat ve konforlu bir deneyim sunuyor. Do\u011fayla i\u00e7 i\u00e7e bir ortamda yer alan Dama Kamp Alan\u0131, \u00e7e\u015fitli hizmetlerle konforlu bir tatil vaat ediyor.<\/p>\n\n\n\n<p>Esentepe Kamp Alan\u0131 olarak da bilinen bu tesis, Edirne&#8217;nin Saroz il\u00e7esinde, Karaincirli K\u00f6y\u00fc sahilinde bulunuyor. Do\u011fan\u0131n kuca\u011f\u0131nda, huzurlu bir tatil i\u00e7in gerekli t\u00fcm hizmetler sunulmakta.<\/p>\n\n\n\n<p>Denize yaln\u0131zca 200 metre mesafede olan bu kamp alan\u0131, deniz severler i\u00e7in ideal bir konumda. Bu \u00f6zellikler, Dama Kamp Alan\u0131&#8217;n\u0131 hem do\u011fa hem de deniz tutkunlar\u0131 i\u00e7in cazip bir se\u00e7enek haline getiriyor.<\/p>\n\n\n\n<hr class=\"wp-block-separator has-alpha-channel-opacity is-style-wide\"\/>\n\n\n\n<ul class=\"wp-block-list\">\n<li><strong>Adres<\/strong>&nbsp;:&nbsp;&nbsp;Karaincirli-Sahil Yolu, 22750 Karaincirli\/Enez\/Edirne&nbsp;&nbsp;<strong><em><a href=\"https:\/\/www.google.com\/maps?daddr=40.595089,26.290574\" target=\"_blank\" rel=\"noreferrer noopener\">Konum Bilgisi<\/a><\/em><\/strong><\/li>\n\n\n\n<li><strong>Telefon<\/strong>&nbsp;: 0533 254 57 48<\/li>\n\n\n\n<li><strong>Detayl\u0131 Bilgi :<\/strong>&nbsp;<a href=\"https:\/\/gokcetepetabiatparki.com\/\" target=\"_blank\" rel=\"noreferrer noopener\"><em><strong>Dama Kamp Alan\u0131 Tan\u0131t\u0131m\u0131<\/strong><\/em><\/a><\/li>\n<\/ul>\n\n\n\n<hr class=\"wp-block-separator has-alpha-channel-opacity is-style-wide\"\/>\n\n\n\n<h2 class=\"wp-block-heading\">3.Enez P\u0131rlanta Plaj\u0131 Kamp Alan\u0131<\/h2>\n\n\n\n<figure class=\"wp-block-image size-full\"><img decoding=\"async\" width=\"800\" height=\"530\" data-src=\"https:\/\/geziyoo.co\/blog\/wp-content\/uploads\/2023\/12\/Enez-Pirlanta-Plaji-Kamp-Alani-3.jpg\" alt=\"\" class=\"wp-image-15615 lazyload\" data-srcset=\"https:\/\/geziyoo.co\/blog\/wp-content\/uploads\/2023\/12\/Enez-Pirlanta-Plaji-Kamp-Alani-3.jpg 800w, https:\/\/geziyoo.co\/blog\/wp-content\/uploads\/2023\/12\/Enez-Pirlanta-Plaji-Kamp-Alani-3-300x199.jpg 300w, https:\/\/geziyoo.co\/blog\/wp-content\/uploads\/2023\/12\/Enez-Pirlanta-Plaji-Kamp-Alani-3-768x509.jpg 768w, https:\/\/geziyoo.co\/blog\/wp-content\/uploads\/2023\/12\/Enez-Pirlanta-Plaji-Kamp-Alani-3-150x99.jpg 150w\" data-sizes=\"(max-width: 800px) 100vw, 800px\" src=\"data:image\/gif;base64,R0lGODlhAQABAAAAACH5BAEKAAEALAAAAAABAAEAAAICTAEAOw==\" style=\"--smush-placeholder-width: 800px; --smush-placeholder-aspect-ratio: 800\/530;\" \/><\/figure>\n\n\n\n<p>Enez&#8217;in huzur dolu Gazi\u00f6merbey mevkiinde konumlanan e\u015fsiz P\u0131rlanta Plaj\u0131, sakin hafta i\u00e7i g\u00fcnlerinde do\u011fal bir ka\u00e7amak sunuyor.<\/p>\n\n\n\n<p>Ancak hafta sonlar\u0131yla birlikte canlanan plaj, enerji dolu bir atmosfere b\u00fcr\u00fcn\u00fcyor. Arac\u0131n\u0131z\u0131 park edebilece\u011finiz P\u0131rlanta Plaj\u0131&#8217;na y\u00fcr\u00fcme mesafesindeki alanlar, keyifli bir deniz g\u00fcn\u00fc i\u00e7in size olanak tan\u0131yor.<\/p>\n\n\n\n<p>\u0130nce kum yap\u0131s\u0131yla \u00f6ne \u00e7\u0131kan P\u0131rlanta Plaj\u0131, y\u00fczme ve dal\u0131\u015f i\u00e7in ideal bir ortama sahiptir. S\u0131\u011f denizi, \u00f6zellikle \u00e7ocuklu aileler i\u00e7in g\u00fcvenli bir ortam sunar; suyun derinli\u011fi hemen boyu ge\u00e7memektedir. Saros K\u00f6rfezi&#8217;nin, Marmara Denizi ve Ege Denizi&#8217;nin bulu\u015fma noktas\u0131nda konumlanan plaj, e\u015fsiz manzaras\u0131yla g\u00f6z kama\u015ft\u0131r\u0131r.<\/p>\n\n\n\n<p>Plaja ait \u015fezlong ve \u015femsiyelerle donat\u0131lm\u0131\u015f plaj tesisinde rahatlayabilir ve g\u00fcne\u015fin tad\u0131n\u0131 \u00e7\u0131karabilirsiniz. Ayr\u0131ca P\u0131rlanta Plaj\u0131 \u00e7evresinde bulunan marketler ve restoranlar, lezzetli at\u0131\u015ft\u0131rmal\u0131klar ve serinletici i\u00e7eceklerle g\u00fcn\u00fcn\u00fcz\u00fc renklendirebilir.<\/p>\n\n\n\n<hr class=\"wp-block-separator has-alpha-channel-opacity is-style-wide\"\/>\n\n\n\n<ul class=\"wp-block-list\">\n<li><strong>Adres<\/strong>&nbsp;:Gazi\u00f6merbey, 22700 Enez\/Edirne&nbsp;&nbsp;<strong><em><a href=\"https:\/\/www.google.com\/maps?daddr=40.69014844277473,26.057578319133423\" target=\"_blank\" rel=\"noreferrer noopener\">Konum Bilgisi<\/a><\/em><\/strong><\/li>\n\n\n\n<li><strong>Detayl\u0131 Bilgi :<\/strong>&nbsp;<strong><em><a href=\"https:\/\/geziyoo.co\/listing\/enez-pirlanta-plaji-kamp-alani\/\">Enez P\u0131rlanta Plaj\u0131 Kamp Alan\u0131<\/a><\/em><\/strong><\/li>\n<\/ul>\n\n\n\n<hr class=\"wp-block-separator has-alpha-channel-opacity is-style-wide\"\/>\n\n\n\n<h2 class=\"wp-block-heading\">4.Gala G\u00f6l\u00fc Milli Park\u0131 Kamp Alan\u0131<\/h2>\n\n\n\n<figure class=\"wp-block-image size-full\"><img decoding=\"async\" width=\"800\" height=\"600\" data-src=\"https:\/\/geziyoo.co\/blog\/wp-content\/uploads\/2023\/12\/Gala-Golu-Milli-Parki-Kamp-Alani-3.jpg\" alt=\"\" class=\"wp-image-15616 lazyload\" data-srcset=\"https:\/\/geziyoo.co\/blog\/wp-content\/uploads\/2023\/12\/Gala-Golu-Milli-Parki-Kamp-Alani-3.jpg 800w, https:\/\/geziyoo.co\/blog\/wp-content\/uploads\/2023\/12\/Gala-Golu-Milli-Parki-Kamp-Alani-3-300x225.jpg 300w, https:\/\/geziyoo.co\/blog\/wp-content\/uploads\/2023\/12\/Gala-Golu-Milli-Parki-Kamp-Alani-3-768x576.jpg 768w, https:\/\/geziyoo.co\/blog\/wp-content\/uploads\/2023\/12\/Gala-Golu-Milli-Parki-Kamp-Alani-3-150x113.jpg 150w\" data-sizes=\"(max-width: 800px) 100vw, 800px\" src=\"data:image\/gif;base64,R0lGODlhAQABAAAAACH5BAEKAAEALAAAAAABAAEAAAICTAEAOw==\" style=\"--smush-placeholder-width: 800px; --smush-placeholder-aspect-ratio: 800\/600;\" \/><\/figure>\n\n\n\n<p>Edirne&#8217;nin do\u011fal g\u00fczellikleri ve samimi atmosferi ile birle\u015fen Gala G\u00f6l\u00fc Milli Park\u0131, Edirne ve Enez \u00e7evresinde kamp yapmay\u0131 arzulayan do\u011fa severler i\u00e7in cazip bir se\u00e7enek sunuyor. \u015eehirdeki otellerin yan\u0131 s\u0131ra, kamping tesisleri, bungalovlar ve \u00fccretsiz do\u011fal kamp alanlar\u0131, geleneksel otel tatillerinden farkl\u0131 bir deneyim arayan ziyaret\u00e7iler i\u00e7in \u00e7e\u015fitli se\u00e7enekler sunmaktad\u0131r.<\/p>\n\n\n\n<p>\u00dclkemizde son d\u00f6nemde pop\u00fcler hale gelen do\u011fada dinlenme ve do\u011fayla i\u00e7 i\u00e7e olma tatil anlay\u0131\u015f\u0131, Gala G\u00f6l\u00fc Milli Park\u0131&#8217;n\u0131 tercih edenler i\u00e7in harika bir alternatif sunmaktad\u0131r. Edirne&#8217;nin e\u015fsiz g\u00fczellikleriyle \u00e7evrili bu milli park, ziyaret\u00e7ilere huzurlu ve keyifli bir vakit ge\u00e7irme imkan\u0131 sa\u011flamaktad\u0131r.<\/p>\n\n\n\n<hr class=\"wp-block-separator has-alpha-channel-opacity is-style-wide\"\/>\n\n\n\n<ul class=\"wp-block-list\">\n<li><strong>Adres<\/strong>&nbsp;:Edirne DKMP, 22760 Enez\/Edirne&nbsp;&nbsp;<strong><em><a href=\"https:\/\/www.google.com\/maps?daddr=40.75248618881291,26.167345042695576\" target=\"_blank\" rel=\"noreferrer noopener\">Konum Bilgisi<\/a><\/em><\/strong><\/li>\n\n\n\n<li><strong>Detayl\u0131 Bilgi :<\/strong>&nbsp;<strong><em><a href=\"https:\/\/geziyoo.co\/listing\/gala-golu-milli-parki-kamp-alani\/\">Gala G\u00f6l\u00fc Milli Park\u0131 Kamp Alan\u0131<\/a><\/em><\/strong><\/li>\n<\/ul>\n\n\n\n<hr class=\"wp-block-separator has-alpha-channel-opacity is-style-wide\"\/>\n\n\n\n<h2 class=\"wp-block-heading\">5.Enez Dalyan G\u00f6l\u00fc Kamp Alan\u0131<\/h2>\n\n\n\n<figure class=\"wp-block-image size-full\"><img decoding=\"async\" width=\"800\" height=\"600\" data-src=\"https:\/\/geziyoo.co\/blog\/wp-content\/uploads\/2023\/12\/Enez-Dalyan-Golu-Kamp-Alani-2.jpg\" alt=\"\" class=\"wp-image-15617 lazyload\" data-srcset=\"https:\/\/geziyoo.co\/blog\/wp-content\/uploads\/2023\/12\/Enez-Dalyan-Golu-Kamp-Alani-2.jpg 800w, https:\/\/geziyoo.co\/blog\/wp-content\/uploads\/2023\/12\/Enez-Dalyan-Golu-Kamp-Alani-2-300x225.jpg 300w, https:\/\/geziyoo.co\/blog\/wp-content\/uploads\/2023\/12\/Enez-Dalyan-Golu-Kamp-Alani-2-768x576.jpg 768w, https:\/\/geziyoo.co\/blog\/wp-content\/uploads\/2023\/12\/Enez-Dalyan-Golu-Kamp-Alani-2-150x113.jpg 150w\" data-sizes=\"(max-width: 800px) 100vw, 800px\" src=\"data:image\/gif;base64,R0lGODlhAQABAAAAACH5BAEKAAEALAAAAAABAAEAAAICTAEAOw==\" style=\"--smush-placeholder-width: 800px; --smush-placeholder-aspect-ratio: 800\/600;\" \/><\/figure>\n\n\n\n<p>Enez&#8217;e ba\u011fl\u0131 Gazi\u00f6merbey mevkiinde konumlanan Dalyan G\u00f6l\u00fc, do\u011faseverler i\u00e7in benzersiz bir kamp deneyimi sunan bir destinasyondur. Ancak, bu do\u011fal g\u00fczelliklerin tad\u0131n\u0131 \u00e7\u0131kar\u0131rken baz\u0131 \u00f6nemli detaylara dikkat etmek gerekmektedir.<\/p>\n\n\n\n<p>Dalyan G\u00f6l\u00fc ve \u00e7evresinde, tuvalet, market, du\u015f, b\u00fcfe ve \u00e7e\u015fme gibi altyap\u0131 olanaklar\u0131 bulunmamaktad\u0131r. Bu nedenle, kamp yapmaya karar verdi\u011finizde yan\u0131n\u0131zda yiyecek ve i\u00e7eceklerinizi getirmeniz \u00f6nemlidir. Haz\u0131rl\u0131ks\u0131z gitmemeniz, unutmayaca\u011f\u0131n\u0131z bir kamp deneyimi ya\u015faman\u0131z a\u00e7\u0131s\u0131ndan \u00f6nemlidir.<\/p>\n\n\n\n<p>Dalyan G\u00f6l\u00fc \u00e7evresinde \u00e7e\u015fitli aktiviteler ger\u00e7ekle\u015ftirebilirsiniz. \u00c7ad\u0131r kamp\u0131, piknik, bisiklet turu, manzara seyri, foto\u011fraf\u00e7\u0131l\u0131k ve ATV turu gibi se\u00e7eneklerle do\u011fan\u0131n tad\u0131n\u0131 \u00e7\u0131karabilirsiniz. G\u00f6l \u00e7evresinde, \u00e7ad\u0131r kurabilece\u011finiz, karavan\u0131n\u0131z\u0131 park edebilece\u011finiz ve muhte\u015fem manzaray\u0131 seyredebilece\u011finiz uygun kamp alanlar\u0131 bulunmaktad\u0131r.<\/p>\n\n\n\n<hr class=\"wp-block-separator has-alpha-channel-opacity is-style-wide\"\/>\n\n\n\n<ul class=\"wp-block-list\">\n<li><strong>Adres<\/strong>&nbsp;:&nbsp;Gazi\u00f6merbey, 22700 Enez\/Edirne&nbsp;&nbsp;<strong><em><a href=\"https:\/\/www.google.com\/maps?daddr=40.71537236985325,26.06954560274121\" target=\"_blank\" rel=\"noreferrer noopener\">Konum Bilgisi<\/a><\/em><\/strong><\/li>\n\n\n\n<li><strong>Detayl\u0131 Bilgi :<\/strong>&nbsp;<strong><em><a href=\"https:\/\/geziyoo.co\/listing\/enez-dalyan-golu-kamp-alani\/\">Enez Dalyan G\u00f6l\u00fc Kamp Alan\u0131<\/a><\/em><\/strong><\/li>\n<\/ul>\n\n\n\n<hr class=\"wp-block-separator has-alpha-channel-opacity is-style-wide\"\/>\n\n\n\n<h2 class=\"wp-block-heading\">6.Sultani\u00e7e Sahili Kamp Alan\u0131<\/h2>\n\n\n\n<figure class=\"wp-block-image size-full\"><img decoding=\"async\" width=\"800\" height=\"600\" data-src=\"https:\/\/geziyoo.co\/blog\/wp-content\/uploads\/2023\/12\/Sultanice-Sahili-Kamp-Alani-2.jpg\" alt=\"\" class=\"wp-image-15618 lazyload\" data-srcset=\"https:\/\/geziyoo.co\/blog\/wp-content\/uploads\/2023\/12\/Sultanice-Sahili-Kamp-Alani-2.jpg 800w, https:\/\/geziyoo.co\/blog\/wp-content\/uploads\/2023\/12\/Sultanice-Sahili-Kamp-Alani-2-300x225.jpg 300w, https:\/\/geziyoo.co\/blog\/wp-content\/uploads\/2023\/12\/Sultanice-Sahili-Kamp-Alani-2-768x576.jpg 768w, https:\/\/geziyoo.co\/blog\/wp-content\/uploads\/2023\/12\/Sultanice-Sahili-Kamp-Alani-2-150x113.jpg 150w\" data-sizes=\"(max-width: 800px) 100vw, 800px\" src=\"data:image\/gif;base64,R0lGODlhAQABAAAAACH5BAEKAAEALAAAAAABAAEAAAICTAEAOw==\" style=\"--smush-placeholder-width: 800px; --smush-placeholder-aspect-ratio: 800\/600;\" \/><\/figure>\n\n\n\n<p>Sultani\u00e7e Sahili, \u00e7ad\u0131r kamp\u0131 ve karavan kamp\u0131 yapmak isteyenler i\u00e7in benzersiz bir do\u011fa deneyimi sunan bir destinasyondur. Ancak, sahilde herhangi bir tesis bulunmamas\u0131 ve s\u0131n\u0131rl\u0131 say\u0131da piknik masas\u0131 ile barbek\u00fc alan\u0131n\u0131n olmas\u0131, ziyaret\u00e7ilere kendi ihtiya\u00e7lar\u0131n\u0131 kar\u015f\u0131lamak ad\u0131na haz\u0131rl\u0131kl\u0131 olmalar\u0131n\u0131 gerektirir.<\/p>\n\n\n\n<p>Sultani\u00e7e Sahili&#8217;nde piknik masalar\u0131 ve barbek\u00fc alanlar\u0131 bulunsa da, bunlar\u0131n yetersiz oldu\u011fu unutulmamal\u0131d\u0131r. Bu nedenle, ziyaret\u00e7iler kendi mangal ve t\u00fcplerini yanlar\u0131nda getirmelidirler. Sahilde ate\u015f yakmak kesinlikle yasak oldu\u011fundan, bu kurala riayet etmek \u00f6nemlidir. Ayr\u0131ca, g\u00f6lge alanlar\u0131n\u0131n olmamas\u0131 sebebiyle, ziyaret\u00e7iler \u015fezlong ve \u015femsiyelerini yanlar\u0131nda g\u00f6t\u00fcrerek g\u00fcne\u015fin etkilerinden korunabilirler.<\/p>\n\n\n\n<p>Sultani\u00e7e Sahili&#8217;ne y\u00fcr\u00fcme mesafesinde market ve kafe bulunmas\u0131, ziyaret\u00e7ilere yiyecek ve i\u00e7ecek temini konusunda olanak sa\u011flamaktad\u0131r. Ancak, \u00e7ad\u0131r kamp\u0131 ve karavan kamp\u0131 i\u00e7in belirlenmi\u015f \u00f6zel alanlar olmamas\u0131, ziyaret\u00e7ilere esneklik sunar; istedikleri uygun bir noktada konaklama yapabilirler.<\/p>\n\n\n\n<p>Tuvalet, elektrik ve s\u0131cak su gibi temel ihtiya\u00e7lar i\u00e7in \u00e7evredeki tesislere ba\u015fvurmak gerekebilir. Sultani\u00e7e Sahili&#8217;nde \u00e7ad\u0131r kamp\u0131 ve karavan kamp\u0131 yapmak isteyenler i\u00e7in, \u00f6nceden plan yapmak ve gerekli malzemeleri yanlar\u0131nda bulundurmak, keyifli bir do\u011fa ka\u00e7ama\u011f\u0131 i\u00e7in \u00f6nemli bir ad\u0131md\u0131r.<\/p>\n\n\n\n<hr class=\"wp-block-separator has-alpha-channel-opacity is-style-wide\"\/>\n\n\n\n<ul class=\"wp-block-list\">\n<li><strong>Adres<\/strong>&nbsp;:&nbsp;Gazi\u00f6merbey, 22700 Enez\/Edirne&nbsp;&nbsp;<strong><em><a href=\"https:\/\/www.google.com\/maps?daddr=40.71537236985325,26.06954560274121\" target=\"_blank\" rel=\"noreferrer noopener\">Konum Bilgisi<\/a><\/em><\/strong><\/li>\n\n\n\n<li><strong>Detayl\u0131 Bilgi :<\/strong>&nbsp;<strong><em><a href=\"https:\/\/geziyoo.co\/listing\/enez-dalyan-golu-kamp-alani\/\">Enez Dalyan G\u00f6l\u00fc Kamp Alan\u0131<\/a><\/em><\/strong><\/li>\n<\/ul>\n\n\n\n<hr class=\"wp-block-separator has-alpha-channel-opacity is-style-wide\"\/>\n\n\n\n<h2 class=\"wp-block-heading\">7.B\u00fcy\u00fckevren K\u00f6y\u00fc Sahili Kamp Alan\u0131<\/h2>\n\n\n\n<figure class=\"wp-block-image size-full\"><img decoding=\"async\" width=\"800\" height=\"450\" data-src=\"https:\/\/geziyoo.co\/blog\/wp-content\/uploads\/2023\/12\/Buyukevren-Koyu-Sahili-Kamp-Alani-4.jpg\" alt=\"\" class=\"wp-image-15619 lazyload\" data-srcset=\"https:\/\/geziyoo.co\/blog\/wp-content\/uploads\/2023\/12\/Buyukevren-Koyu-Sahili-Kamp-Alani-4.jpg 800w, https:\/\/geziyoo.co\/blog\/wp-content\/uploads\/2023\/12\/Buyukevren-Koyu-Sahili-Kamp-Alani-4-300x169.jpg 300w, https:\/\/geziyoo.co\/blog\/wp-content\/uploads\/2023\/12\/Buyukevren-Koyu-Sahili-Kamp-Alani-4-768x432.jpg 768w, https:\/\/geziyoo.co\/blog\/wp-content\/uploads\/2023\/12\/Buyukevren-Koyu-Sahili-Kamp-Alani-4-390x220.jpg 390w, https:\/\/geziyoo.co\/blog\/wp-content\/uploads\/2023\/12\/Buyukevren-Koyu-Sahili-Kamp-Alani-4-150x84.jpg 150w\" data-sizes=\"(max-width: 800px) 100vw, 800px\" src=\"data:image\/gif;base64,R0lGODlhAQABAAAAACH5BAEKAAEALAAAAAABAAEAAAICTAEAOw==\" style=\"--smush-placeholder-width: 800px; --smush-placeholder-aspect-ratio: 800\/450;\" \/><\/figure>\n\n\n\n<p>B\u00fcy\u00fckevren K\u00f6y\u00fc Sahili, sakin ve keyifli bir atmosferde vakit ge\u00e7irmek isteyenler i\u00e7in ideal bir destinasyondur. Burada karavan kamp\u0131 yapma imkan\u0131 bulunmasa da, \u00e7ad\u0131r kurabilece\u011finiz uygun alanlar mevcuttur. Sahile y\u00fcr\u00fcme mesafesinde yer alan market ve lokantalar, ziyaret\u00e7ilere rahat bir al\u0131\u015fveri\u015f ve yeme i\u00e7me deneyimi sunmaktad\u0131r.<\/p>\n\n\n\n<p>B\u00fcy\u00fckevren K\u00f6y\u00fc Sahili&#8217;nde, arac\u0131n\u0131z\u0131 yol \u00fczerinde park edip, k\u0131sa bir y\u00fcr\u00fcy\u00fc\u015fle plaja ula\u015fman\u0131z gerekmektedir. Ancak, plaj \u00e7evresinde tuvalet ve du\u015f gibi altyap\u0131 imkanlar\u0131 bulunmamaktad\u0131r. Bu nedenle, sahil boyunca yer alan restoran ve kafelerden hizmet alarak temel ihtiya\u00e7lar\u0131n\u0131z\u0131 kar\u015f\u0131layabilirsiniz.<\/p>\n\n\n\n<p>Yiyecek ve i\u00e7eceklerinizi yan\u0131n\u0131zda g\u00f6t\u00fcrmeyi unutmaman\u0131z \u00f6nemlidir. Ayr\u0131ca, isteyenler sahil boyunca bulunan restoran ve kafelerden de ihtiya\u00e7lar\u0131n\u0131 temin edebilirler. Burada unutulmamal\u0131d\u0131r ki, do\u011fal bir ortamda ge\u00e7irece\u011finiz zaman\u0131n tad\u0131n\u0131 \u00e7\u0131kar\u0131rken \u00e7evreye duyarl\u0131 olmak ve do\u011faya zarar vermemek \u00f6nemlidir. B\u00fcy\u00fckevren K\u00f6y\u00fc Sahili, basit ve sakin bir kamp deneyimi arayanlar i\u00e7in do\u011fal g\u00fczellikleriyle \u00f6ne \u00e7\u0131kan bir se\u00e7enektir.<\/p>\n\n\n\n<hr class=\"wp-block-separator has-alpha-channel-opacity is-style-wide\"\/>\n\n\n\n<ul class=\"wp-block-list\">\n<li><strong>Adres<\/strong>&nbsp;:&nbsp;&nbsp;22750 B\u00fcy\u00fckevren\/Enez\/Edirne <strong><em><a href=\"https:\/\/www.google.com\/maps?daddr=40.59775660875855,26.212129122944386\">Konum Bilgisi<\/a><\/em><\/strong><\/li>\n\n\n\n<li><strong>Detayl\u0131 Bilgi :<\/strong>&nbsp;<strong><em><a href=\"https:\/\/geziyoo.co\/listing\/buyukevren-koyu-sahili-kamp-alani\/\">B\u00fcy\u00fckevren K\u00f6y\u00fc Sahili Kamp Alan\u0131<\/a><\/em><\/strong><\/li>\n<\/ul>\n\n\n\n<hr class=\"wp-block-separator has-alpha-channel-opacity is-style-wide\"\/>\n\n\n\n<h2 class=\"wp-block-heading\">8.Vak\u0131f Plaj\u0131 Kamp Alan\u0131<\/h2>\n\n\n\n<figure class=\"wp-block-image size-full\"><img decoding=\"async\" width=\"800\" height=\"450\" data-src=\"https:\/\/geziyoo.co\/blog\/wp-content\/uploads\/2023\/12\/Vakif-Plaji-Kamp-Alani-3.jpg\" alt=\"\" class=\"wp-image-15620 lazyload\" data-srcset=\"https:\/\/geziyoo.co\/blog\/wp-content\/uploads\/2023\/12\/Vakif-Plaji-Kamp-Alani-3.jpg 800w, https:\/\/geziyoo.co\/blog\/wp-content\/uploads\/2023\/12\/Vakif-Plaji-Kamp-Alani-3-300x169.jpg 300w, https:\/\/geziyoo.co\/blog\/wp-content\/uploads\/2023\/12\/Vakif-Plaji-Kamp-Alani-3-768x432.jpg 768w, https:\/\/geziyoo.co\/blog\/wp-content\/uploads\/2023\/12\/Vakif-Plaji-Kamp-Alani-3-390x220.jpg 390w, https:\/\/geziyoo.co\/blog\/wp-content\/uploads\/2023\/12\/Vakif-Plaji-Kamp-Alani-3-150x84.jpg 150w\" data-sizes=\"(max-width: 800px) 100vw, 800px\" src=\"data:image\/gif;base64,R0lGODlhAQABAAAAACH5BAEKAAEALAAAAAABAAEAAAICTAEAOw==\" style=\"--smush-placeholder-width: 800px; --smush-placeholder-aspect-ratio: 800\/450;\" \/><\/figure>\n\n\n\n<p>Edirne&#8217;nin Ke\u015fan il\u00e7esinde konumlanan Vak\u0131f Sahil Kamp Alan\u0131, do\u011faseverlere \u00fccretsiz konaklama imkan\u0131 sunan etkileyici bir destinasyondur. Cad\u0131r ve karavan ile konaklamaya uygun olan bu kamp alan\u0131, t\u00fcm sahil \u015feridinde en temiz ve sakin sahiller aras\u0131nda \u00f6ne \u00e7\u0131kmaktad\u0131r.<\/p>\n\n\n\n<p>Vak\u0131f Sahil Kamp Alan\u0131, \u00e7evresindeki di\u011fer sahil b\u00f6lgelerinden ayr\u0131lan temiz denizi, s\u0131\u011f yap\u0131s\u0131 ve az kalabal\u0131k atmosferi ile bilinir. Bu do\u011fal g\u00fczellikler i\u00e7inde, hemen yan\u0131ba\u015f\u0131nda yer alan Vak\u0131f Motel i\u015fletmesinde du\u015f, tuvalet, \u015fezlong ve restoran gibi olanaklar bulunmaktad\u0131r.<\/p>\n\n\n\n<p>Deniz, temiz, s\u0131\u011f ve dalgas\u0131z olmas\u0131yla kamp\u00e7\u0131lar i\u00e7in ideal bir ortam sunmaktad\u0131r. Ara\u00e7lar\u0131n\u0131z\u0131 \u00e7ad\u0131r\u0131n\u0131z\u0131n yan\u0131na kadar getirebilece\u011finiz bu kamp alan\u0131nda, kumluk bir zemin bulunmaktad\u0131r. Ancak, 4&#215;4 olmayan ara\u00e7lar i\u00e7in i\u00e7eriye giri\u015fte zorluk ya\u015fanabilir, bu nedenle dikkatli olunmal\u0131d\u0131r.<\/p>\n\n\n\n<p>Vak\u0131f Sahil Kamp Alan\u0131&#8217;nda konaklamay\u0131 tercih edenler, \u00e7ad\u0131rlar\u0131n\u0131 g\u00fcne\u015fte b\u0131rakarak denize \u00e7ok yak\u0131n bir konumda kalabilirler. Ancak, a\u011fa\u00e7l\u0131k bir alanda konaklamay\u0131 d\u00fc\u015f\u00fcnenler, g\u00f6lgede olmalar\u0131na ra\u011fmen denize biraz uzak bir noktada konaklam\u0131\u015f olacaklard\u0131r.<\/p>\n\n\n\n<hr class=\"wp-block-separator has-alpha-channel-opacity is-style-wide\"\/>\n\n\n\n<ul class=\"wp-block-list\">\n<li><strong>Adres<\/strong>&nbsp;:&nbsp;&nbsp;22750 B\u00fcy\u00fckevren\/Enez\/Edirne <strong><em><a href=\"https:\/\/www.google.com\/maps?daddr=40.59775660875855,26.212129122944386\">Konum Bilgisi<\/a><\/em><\/strong><\/li>\n\n\n\n<li><strong>Detayl\u0131 Bilgi :<\/strong>&nbsp;<strong><em><a href=\"https:\/\/geziyoo.co\/listing\/buyukevren-koyu-sahili-kamp-alani\/\">B\u00fcy\u00fckevren K\u00f6y\u00fc Sahili Kamp Alan\u0131<\/a><\/em><\/strong><\/li>\n<\/ul>\n\n\n\n<hr class=\"wp-block-separator has-alpha-channel-opacity is-style-wide\"\/>\n\n\n\n<p><strong>Enez&#8217;de kamp yapabilece\u011finiz yerlerin<\/strong> tamam\u0131na yak\u0131n\u0131 sizlerle payla\u015ft\u0131k.Belki kuytuda k\u00f6\u015fede bir ka\u00e7 tane daha vard\u0131r.Edirne&#8217;de kamp yap\u0131lan ba\u015fka yerler var ise l\u00fctfen yorumlar k\u0131sm\u0131ndan bizlerle payla\u015fs\u0131n.Bizlerden \u015fimdilik bu kadar g\u00fczel bir kamp ge\u00e7irmeniz dile\u011fiyle ho\u015f\u00e7akal\u0131n&#8230;<\/p>\n\n\n\n<hr class=\"wp-block-separator has-css-opacity is-style-wide\"\/>\n\n\n\n<h3 class=\"wp-block-heading\">Bunlar\u0131 da Sevebilirsiniz;<\/h3>\n\n\n<ul class=\"wp-block-latest-posts__list wp-block-latest-posts\"><li><a class=\"wp-block-latest-posts__post-title\" href=\"https:\/\/geziyoo.co\/blog\/batman-kamp-alanlari\/\">Batman ve \u00c7evresi Do\u011fa \u0130\u00e7inde 4 Kamp Noktas\u0131 (Konum ve \u0130pu\u00e7lar\u0131)<\/a><\/li>\n<li><a class=\"wp-block-latest-posts__post-title\" href=\"https:\/\/geziyoo.co\/blog\/ayder-yaylasi-kamp-alanlari-ve-karavan-alanlari\/\">Ayder Yaylas\u0131 ve \u00c7evresi 2 Kamp Noktas\u0131 (Konum ve \u0130pu\u00e7lar\u0131)<\/a><\/li>\n<li><a class=\"wp-block-latest-posts__post-title\" href=\"https:\/\/geziyoo.co\/blog\/ardesen-kamp-alanlari-ve-karavan-alanlari\/\">Arde\u015fen ve F\u0131rt\u0131na Vadisi Giri\u015fi 5 Kamp Noktas\u0131 (Konum ve \u0130pu\u00e7lar\u0131)<\/a><\/li>\n<\/ul>\n\n\n<p><\/p>\n","protected":false},"excerpt":{"rendered":"<p>Enez, Saros K\u00f6rfezi&#8217;nin en bat\u0131 ucu ve Trakya&#8217;n\u0131n en bakir k\u00f6\u015felerinden biridir. Antik \u00e7a\u011flarda \u00f6nemli bir liman kenti olan Ainos&#8217;un kal\u0131nt\u0131lar\u0131, bug\u00fcn kamp\u00e7\u0131lara tarihi bir fon olu\u015fturur. B\u00f6lge, Erikli gibi yo\u011fun bir e\u011flence hayat\u0131 vaat etmez; bunun yerine kilometrelerce uzanan kumsallar, lag\u00fcn g\u00f6lleri ve sessizlik sunar. Enez&#8217;in denizi, Meri\u00e7 Nehri&#8217;nin d\u00f6k\u00fcld\u00fc\u011f\u00fc noktaya yak\u0131n oldu\u011fu i\u00e7in &hellip;<\/p>\n","protected":false},"author":1,"featured_media":15621,"comment_status":"open","ping_status":"open","sticky":false,"template":"","format":"standard","meta":{"footnotes":""},"categories":[589,23],"tags":[],"class_list":["post-15614","post","type-post","status-publish","format-standard","has-post-thumbnail","hentry","category-kamp1","category-kamp-kamp-alanlari"],"yoast_head":"<!-- This site is optimized with the Yoast SEO plugin v26.9 - https:\/\/yoast.com\/product\/yoast-seo-wordpress\/ -->\n<title>Enez\u2019de En \u0130yi 8 Kamp Alan\u0131: Alt\u0131nkum, Gala G\u00f6l\u00fc ve Sultani\u00e7e | Geziyoo<\/title>\n<meta name=\"description\" content=\"Edirne Enez, u\u00e7suz bucaks\u0131z Alt\u0131nkum Sahili, ku\u015f cenneti Gala G\u00f6l\u00fc, Sultani\u00e7e ve Vak\u0131f sahilleri dahil \u00fccretli ve \u00fccretsiz 8 kamp alan\u0131n\u0131 listeledik. Konumlar Geziyoo&#039;da.\" \/>\n<meta name=\"robots\" content=\"index, follow, max-snippet:-1, max-image-preview:large, max-video-preview:-1\" \/>\n<link rel=\"canonical\" href=\"https:\/\/geziyoo.co\/blog\/enez-kamp-alanlari-ve-karavan-alanlari\/\" \/>\n<meta property=\"og:locale\" content=\"tr_TR\" \/>\n<meta property=\"og:type\" content=\"article\" \/>\n<meta property=\"og:title\" content=\"Enez\u2019de En \u0130yi 8 Kamp Alan\u0131: Alt\u0131nkum, Gala G\u00f6l\u00fc ve Sultani\u00e7e | Geziyoo\" \/>\n<meta property=\"og:description\" content=\"Edirne Enez, u\u00e7suz bucaks\u0131z Alt\u0131nkum Sahili, ku\u015f cenneti Gala G\u00f6l\u00fc, Sultani\u00e7e ve Vak\u0131f sahilleri dahil \u00fccretli ve \u00fccretsiz 8 kamp alan\u0131n\u0131 listeledik. Konumlar Geziyoo&#039;da.\" \/>\n<meta property=\"og:url\" content=\"https:\/\/geziyoo.co\/blog\/enez-kamp-alanlari-ve-karavan-alanlari\/\" \/>\n<meta property=\"og:site_name\" content=\"Geziyoo.co\" \/>\n<meta property=\"article:publisher\" content=\"https:\/\/www.facebook.com\/Geziyooco\" \/>\n<meta property=\"article:author\" content=\"https:\/\/www.facebook.com\/geziyoo.co\" \/>\n<meta property=\"article:published_time\" content=\"2023-12-06T05:20:58+00:00\" \/>\n<meta property=\"article:modified_time\" content=\"2026-02-02T11:02:25+00:00\" \/>\n<meta property=\"og:image\" content=\"https:\/\/geziyoo.co\/blog\/wp-content\/uploads\/2023\/12\/Vakif-Plaji-Kamp-Alani-3-1.jpg\" \/>\n\t<meta property=\"og:image:width\" content=\"800\" \/>\n\t<meta property=\"og:image:height\" content=\"450\" \/>\n\t<meta property=\"og:image:type\" content=\"image\/jpeg\" \/>\n<meta name=\"author\" content=\"Geziyoo\" \/>\n<meta name=\"twitter:card\" content=\"summary_large_image\" \/>\n<meta name=\"twitter:creator\" content=\"@https:\/\/twitter.com\/geziyoo\" \/>\n<meta name=\"twitter:site\" content=\"@geziyoo\" \/>\n<meta name=\"twitter:label1\" content=\"Yazan:\" \/>\n\t<meta name=\"twitter:data1\" content=\"Geziyoo\" \/>\n\t<meta name=\"twitter:label2\" content=\"Tahmini okuma s\u00fcresi\" \/>\n\t<meta name=\"twitter:data2\" content=\"11 dakika\" \/>\n<script type=\"application\/ld+json\" class=\"yoast-schema-graph\">{\"@context\":\"https:\/\/schema.org\",\"@graph\":[{\"@type\":\"Article\",\"@id\":\"https:\/\/geziyoo.co\/blog\/enez-kamp-alanlari-ve-karavan-alanlari\/#article\",\"isPartOf\":{\"@id\":\"https:\/\/geziyoo.co\/blog\/enez-kamp-alanlari-ve-karavan-alanlari\/\"},\"author\":{\"name\":\"Geziyoo\",\"@id\":\"https:\/\/geziyoo.co\/blog\/#\/schema\/person\/032acb2436540ed14784e7d978aef0e4\"},\"headline\":\"Enez Geneli \u00dccretli ve \u00dccretsiz 8 Kamp Alan\u0131 (\u0130leti\u015fim ve Konum)\",\"datePublished\":\"2023-12-06T05:20:58+00:00\",\"dateModified\":\"2026-02-02T11:02:25+00:00\",\"mainEntityOfPage\":{\"@id\":\"https:\/\/geziyoo.co\/blog\/enez-kamp-alanlari-ve-karavan-alanlari\/\"},\"wordCount\":1954,\"commentCount\":0,\"publisher\":{\"@id\":\"https:\/\/geziyoo.co\/blog\/#organization\"},\"image\":{\"@id\":\"https:\/\/geziyoo.co\/blog\/enez-kamp-alanlari-ve-karavan-alanlari\/#primaryimage\"},\"thumbnailUrl\":\"https:\/\/geziyoo.co\/blog\/wp-content\/uploads\/2023\/12\/Vakif-Plaji-Kamp-Alani-3-1.jpg\",\"articleSection\":[\"Kamp\",\"Kamp Alanlar\u0131\"],\"inLanguage\":\"tr\",\"potentialAction\":[{\"@type\":\"CommentAction\",\"name\":\"Comment\",\"target\":[\"https:\/\/geziyoo.co\/blog\/enez-kamp-alanlari-ve-karavan-alanlari\/#respond\"]}]},{\"@type\":\"WebPage\",\"@id\":\"https:\/\/geziyoo.co\/blog\/enez-kamp-alanlari-ve-karavan-alanlari\/\",\"url\":\"https:\/\/geziyoo.co\/blog\/enez-kamp-alanlari-ve-karavan-alanlari\/\",\"name\":\"Enez\u2019de En \u0130yi 8 Kamp Alan\u0131: Alt\u0131nkum, Gala G\u00f6l\u00fc ve Sultani\u00e7e | Geziyoo\",\"isPartOf\":{\"@id\":\"https:\/\/geziyoo.co\/blog\/#website\"},\"primaryImageOfPage\":{\"@id\":\"https:\/\/geziyoo.co\/blog\/enez-kamp-alanlari-ve-karavan-alanlari\/#primaryimage\"},\"image\":{\"@id\":\"https:\/\/geziyoo.co\/blog\/enez-kamp-alanlari-ve-karavan-alanlari\/#primaryimage\"},\"thumbnailUrl\":\"https:\/\/geziyoo.co\/blog\/wp-content\/uploads\/2023\/12\/Vakif-Plaji-Kamp-Alani-3-1.jpg\",\"datePublished\":\"2023-12-06T05:20:58+00:00\",\"dateModified\":\"2026-02-02T11:02:25+00:00\",\"description\":\"Edirne Enez, u\u00e7suz bucaks\u0131z Alt\u0131nkum Sahili, ku\u015f cenneti Gala G\u00f6l\u00fc, Sultani\u00e7e ve Vak\u0131f sahilleri dahil \u00fccretli ve \u00fccretsiz 8 kamp alan\u0131n\u0131 listeledik. Konumlar Geziyoo'da.\",\"breadcrumb\":{\"@id\":\"https:\/\/geziyoo.co\/blog\/enez-kamp-alanlari-ve-karavan-alanlari\/#breadcrumb\"},\"inLanguage\":\"tr\",\"potentialAction\":[{\"@type\":\"ReadAction\",\"target\":[\"https:\/\/geziyoo.co\/blog\/enez-kamp-alanlari-ve-karavan-alanlari\/\"]}]},{\"@type\":\"ImageObject\",\"inLanguage\":\"tr\",\"@id\":\"https:\/\/geziyoo.co\/blog\/enez-kamp-alanlari-ve-karavan-alanlari\/#primaryimage\",\"url\":\"https:\/\/geziyoo.co\/blog\/wp-content\/uploads\/2023\/12\/Vakif-Plaji-Kamp-Alani-3-1.jpg\",\"contentUrl\":\"https:\/\/geziyoo.co\/blog\/wp-content\/uploads\/2023\/12\/Vakif-Plaji-Kamp-Alani-3-1.jpg\",\"width\":800,\"height\":450},{\"@type\":\"BreadcrumbList\",\"@id\":\"https:\/\/geziyoo.co\/blog\/enez-kamp-alanlari-ve-karavan-alanlari\/#breadcrumb\",\"itemListElement\":[{\"@type\":\"ListItem\",\"position\":1,\"name\":\"Ana sayfa\",\"item\":\"https:\/\/geziyoo.co\/blog\/\"},{\"@type\":\"ListItem\",\"position\":2,\"name\":\"Enez Geneli \u00dccretli ve \u00dccretsiz 8 Kamp Alan\u0131 (\u0130leti\u015fim ve Konum)\"}]},{\"@type\":\"WebSite\",\"@id\":\"https:\/\/geziyoo.co\/blog\/#website\",\"url\":\"https:\/\/geziyoo.co\/blog\/\",\"name\":\"Geziyoo Blog\",\"description\":\"GeziYoo Blog&#039;da T\u00fcrkiye&#039;nin en iyi kamp alanlar\u0131ndan bungalov tatillerine, karavan ipu\u00e7lar\u0131ndan gezi rehberlerine kadar her t\u00fcrl\u00fc do\u011fa deneyimini ke\u015ffedin.\",\"publisher\":{\"@id\":\"https:\/\/geziyoo.co\/blog\/#organization\"},\"potentialAction\":[{\"@type\":\"SearchAction\",\"target\":{\"@type\":\"EntryPoint\",\"urlTemplate\":\"https:\/\/geziyoo.co\/blog\/?s={search_term_string}\"},\"query-input\":{\"@type\":\"PropertyValueSpecification\",\"valueRequired\":true,\"valueName\":\"search_term_string\"}}],\"inLanguage\":\"tr\"},{\"@type\":\"Organization\",\"@id\":\"https:\/\/geziyoo.co\/blog\/#organization\",\"name\":\"Geziyoo.co\",\"url\":\"https:\/\/geziyoo.co\/blog\/\",\"logo\":{\"@type\":\"ImageObject\",\"inLanguage\":\"tr\",\"@id\":\"https:\/\/geziyoo.co\/blog\/#\/schema\/logo\/image\/\",\"url\":\"https:\/\/geziyoo.co\/blog\/wp-content\/uploads\/2025\/01\/Paragraf-metniniz-3.png\",\"contentUrl\":\"https:\/\/geziyoo.co\/blog\/wp-content\/uploads\/2025\/01\/Paragraf-metniniz-3.png\",\"width\":270,\"height\":50,\"caption\":\"Geziyoo.co\"},\"image\":{\"@id\":\"https:\/\/geziyoo.co\/blog\/#\/schema\/logo\/image\/\"},\"sameAs\":[\"https:\/\/www.facebook.com\/Geziyooco\",\"https:\/\/x.com\/geziyoo\",\"https:\/\/tr.pinterest.com\/geziyooco\/\",\"https:\/\/www.youtube.com\/@geziyoo\",\"https:\/\/www.instagram.com\/geziyoo.co\/\"]},{\"@type\":\"Person\",\"@id\":\"https:\/\/geziyoo.co\/blog\/#\/schema\/person\/032acb2436540ed14784e7d978aef0e4\",\"name\":\"Geziyoo\",\"image\":{\"@type\":\"ImageObject\",\"inLanguage\":\"tr\",\"@id\":\"https:\/\/geziyoo.co\/blog\/#\/schema\/person\/image\/\",\"url\":\"https:\/\/secure.gravatar.com\/avatar\/ae212a4514471fdb8cab6e5af4f3c99b940a2d0a16713ea0392c8d7c8a64f30a?s=96&d=mm&r=g\",\"contentUrl\":\"https:\/\/secure.gravatar.com\/avatar\/ae212a4514471fdb8cab6e5af4f3c99b940a2d0a16713ea0392c8d7c8a64f30a?s=96&d=mm&r=g\",\"caption\":\"Geziyoo\"},\"description\":\"Do\u011fa ile i\u00e7 i\u00e7e olabilece\u011finiz yerler,do\u011fa aktivite alanlar\u0131,kamp alanlar\u0131,bungalov oteller,Tiny House Oteller, Galampingler ve da\u011f evlerinin herkes i\u00e7in ula\u015f\u0131labilir olmas\u0131n\u0131 sa\u011flamak amac\u0131yla Geziyoo\u2019ya 2019 y\u0131l\u0131nda ba\u015flad\u0131k.Do\u011fal Tatil konseptini uygulayan en geni\u015f kapsaml\u0131 sitedir.\",\"sameAs\":[\"https:\/\/geziyoo.co\/\",\"https:\/\/www.facebook.com\/geziyoo.co\",\"https:\/\/www.instagram.com\/geziyoo.co\/\",\"https:\/\/tr.pinterest.com\/geziyooco\/\",\"https:\/\/x.com\/https:\/\/twitter.com\/geziyoo\",\"https:\/\/www.youtube.com\/channel\/UCdiSMa6pe17KEY7DP1Ug4ag\"]}]}<\/script>\n<!-- \/ Yoast SEO plugin. -->","yoast_head_json":{"title":"Enez\u2019de En \u0130yi 8 Kamp Alan\u0131: Alt\u0131nkum, Gala G\u00f6l\u00fc ve Sultani\u00e7e | Geziyoo","description":"Edirne Enez, u\u00e7suz bucaks\u0131z Alt\u0131nkum Sahili, ku\u015f cenneti Gala G\u00f6l\u00fc, Sultani\u00e7e ve Vak\u0131f sahilleri dahil \u00fccretli ve \u00fccretsiz 8 kamp alan\u0131n\u0131 listeledik. Konumlar Geziyoo'da.","robots":{"index":"index","follow":"follow","max-snippet":"max-snippet:-1","max-image-preview":"max-image-preview:large","max-video-preview":"max-video-preview:-1"},"canonical":"https:\/\/geziyoo.co\/blog\/enez-kamp-alanlari-ve-karavan-alanlari\/","og_locale":"tr_TR","og_type":"article","og_title":"Enez\u2019de En \u0130yi 8 Kamp Alan\u0131: Alt\u0131nkum, Gala G\u00f6l\u00fc ve Sultani\u00e7e | Geziyoo","og_description":"Edirne Enez, u\u00e7suz bucaks\u0131z Alt\u0131nkum Sahili, ku\u015f cenneti Gala G\u00f6l\u00fc, Sultani\u00e7e ve Vak\u0131f sahilleri dahil \u00fccretli ve \u00fccretsiz 8 kamp alan\u0131n\u0131 listeledik. Konumlar Geziyoo'da.","og_url":"https:\/\/geziyoo.co\/blog\/enez-kamp-alanlari-ve-karavan-alanlari\/","og_site_name":"Geziyoo.co","article_publisher":"https:\/\/www.facebook.com\/Geziyooco","article_author":"https:\/\/www.facebook.com\/geziyoo.co","article_published_time":"2023-12-06T05:20:58+00:00","article_modified_time":"2026-02-02T11:02:25+00:00","og_image":[{"width":800,"height":450,"url":"https:\/\/geziyoo.co\/blog\/wp-content\/uploads\/2023\/12\/Vakif-Plaji-Kamp-Alani-3-1.jpg","type":"image\/jpeg"}],"author":"Geziyoo","twitter_card":"summary_large_image","twitter_creator":"@https:\/\/twitter.com\/geziyoo","twitter_site":"@geziyoo","twitter_misc":{"Yazan:":"Geziyoo","Tahmini okuma s\u00fcresi":"11 dakika"},"schema":{"@context":"https:\/\/schema.org","@graph":[{"@type":"Article","@id":"https:\/\/geziyoo.co\/blog\/enez-kamp-alanlari-ve-karavan-alanlari\/#article","isPartOf":{"@id":"https:\/\/geziyoo.co\/blog\/enez-kamp-alanlari-ve-karavan-alanlari\/"},"author":{"name":"Geziyoo","@id":"https:\/\/geziyoo.co\/blog\/#\/schema\/person\/032acb2436540ed14784e7d978aef0e4"},"headline":"Enez Geneli \u00dccretli ve \u00dccretsiz 8 Kamp Alan\u0131 (\u0130leti\u015fim ve Konum)","datePublished":"2023-12-06T05:20:58+00:00","dateModified":"2026-02-02T11:02:25+00:00","mainEntityOfPage":{"@id":"https:\/\/geziyoo.co\/blog\/enez-kamp-alanlari-ve-karavan-alanlari\/"},"wordCount":1954,"commentCount":0,"publisher":{"@id":"https:\/\/geziyoo.co\/blog\/#organization"},"image":{"@id":"https:\/\/geziyoo.co\/blog\/enez-kamp-alanlari-ve-karavan-alanlari\/#primaryimage"},"thumbnailUrl":"https:\/\/geziyoo.co\/blog\/wp-content\/uploads\/2023\/12\/Vakif-Plaji-Kamp-Alani-3-1.jpg","articleSection":["Kamp","Kamp Alanlar\u0131"],"inLanguage":"tr","potentialAction":[{"@type":"CommentAction","name":"Comment","target":["https:\/\/geziyoo.co\/blog\/enez-kamp-alanlari-ve-karavan-alanlari\/#respond"]}]},{"@type":"WebPage","@id":"https:\/\/geziyoo.co\/blog\/enez-kamp-alanlari-ve-karavan-alanlari\/","url":"https:\/\/geziyoo.co\/blog\/enez-kamp-alanlari-ve-karavan-alanlari\/","name":"Enez\u2019de En \u0130yi 8 Kamp Alan\u0131: Alt\u0131nkum, Gala G\u00f6l\u00fc ve Sultani\u00e7e | Geziyoo","isPartOf":{"@id":"https:\/\/geziyoo.co\/blog\/#website"},"primaryImageOfPage":{"@id":"https:\/\/geziyoo.co\/blog\/enez-kamp-alanlari-ve-karavan-alanlari\/#primaryimage"},"image":{"@id":"https:\/\/geziyoo.co\/blog\/enez-kamp-alanlari-ve-karavan-alanlari\/#primaryimage"},"thumbnailUrl":"https:\/\/geziyoo.co\/blog\/wp-content\/uploads\/2023\/12\/Vakif-Plaji-Kamp-Alani-3-1.jpg","datePublished":"2023-12-06T05:20:58+00:00","dateModified":"2026-02-02T11:02:25+00:00","description":"Edirne Enez, u\u00e7suz bucaks\u0131z Alt\u0131nkum Sahili, ku\u015f cenneti Gala G\u00f6l\u00fc, Sultani\u00e7e ve Vak\u0131f sahilleri dahil \u00fccretli ve \u00fccretsiz 8 kamp alan\u0131n\u0131 listeledik. Konumlar Geziyoo'da.","breadcrumb":{"@id":"https:\/\/geziyoo.co\/blog\/enez-kamp-alanlari-ve-karavan-alanlari\/#breadcrumb"},"inLanguage":"tr","potentialAction":[{"@type":"ReadAction","target":["https:\/\/geziyoo.co\/blog\/enez-kamp-alanlari-ve-karavan-alanlari\/"]}]},{"@type":"ImageObject","inLanguage":"tr","@id":"https:\/\/geziyoo.co\/blog\/enez-kamp-alanlari-ve-karavan-alanlari\/#primaryimage","url":"https:\/\/geziyoo.co\/blog\/wp-content\/uploads\/2023\/12\/Vakif-Plaji-Kamp-Alani-3-1.jpg","contentUrl":"https:\/\/geziyoo.co\/blog\/wp-content\/uploads\/2023\/12\/Vakif-Plaji-Kamp-Alani-3-1.jpg","width":800,"height":450},{"@type":"BreadcrumbList","@id":"https:\/\/geziyoo.co\/blog\/enez-kamp-alanlari-ve-karavan-alanlari\/#breadcrumb","itemListElement":[{"@type":"ListItem","position":1,"name":"Ana sayfa","item":"https:\/\/geziyoo.co\/blog\/"},{"@type":"ListItem","position":2,"name":"Enez Geneli \u00dccretli ve \u00dccretsiz 8 Kamp Alan\u0131 (\u0130leti\u015fim ve Konum)"}]},{"@type":"WebSite","@id":"https:\/\/geziyoo.co\/blog\/#website","url":"https:\/\/geziyoo.co\/blog\/","name":"Geziyoo Blog","description":"GeziYoo Blog&#039;da T\u00fcrkiye&#039;nin en iyi kamp alanlar\u0131ndan bungalov tatillerine, karavan ipu\u00e7lar\u0131ndan gezi rehberlerine kadar her t\u00fcrl\u00fc do\u011fa deneyimini ke\u015ffedin.","publisher":{"@id":"https:\/\/geziyoo.co\/blog\/#organization"},"potentialAction":[{"@type":"SearchAction","target":{"@type":"EntryPoint","urlTemplate":"https:\/\/geziyoo.co\/blog\/?s={search_term_string}"},"query-input":{"@type":"PropertyValueSpecification","valueRequired":true,"valueName":"search_term_string"}}],"inLanguage":"tr"},{"@type":"Organization","@id":"https:\/\/geziyoo.co\/blog\/#organization","name":"Geziyoo.co","url":"https:\/\/geziyoo.co\/blog\/","logo":{"@type":"ImageObject","inLanguage":"tr","@id":"https:\/\/geziyoo.co\/blog\/#\/schema\/logo\/image\/","url":"https:\/\/geziyoo.co\/blog\/wp-content\/uploads\/2025\/01\/Paragraf-metniniz-3.png","contentUrl":"https:\/\/geziyoo.co\/blog\/wp-content\/uploads\/2025\/01\/Paragraf-metniniz-3.png","width":270,"height":50,"caption":"Geziyoo.co"},"image":{"@id":"https:\/\/geziyoo.co\/blog\/#\/schema\/logo\/image\/"},"sameAs":["https:\/\/www.facebook.com\/Geziyooco","https:\/\/x.com\/geziyoo","https:\/\/tr.pinterest.com\/geziyooco\/","https:\/\/www.youtube.com\/@geziyoo","https:\/\/www.instagram.com\/geziyoo.co\/"]},{"@type":"Person","@id":"https:\/\/geziyoo.co\/blog\/#\/schema\/person\/032acb2436540ed14784e7d978aef0e4","name":"Geziyoo","image":{"@type":"ImageObject","inLanguage":"tr","@id":"https:\/\/geziyoo.co\/blog\/#\/schema\/person\/image\/","url":"https:\/\/secure.gravatar.com\/avatar\/ae212a4514471fdb8cab6e5af4f3c99b940a2d0a16713ea0392c8d7c8a64f30a?s=96&d=mm&r=g","contentUrl":"https:\/\/secure.gravatar.com\/avatar\/ae212a4514471fdb8cab6e5af4f3c99b940a2d0a16713ea0392c8d7c8a64f30a?s=96&d=mm&r=g","caption":"Geziyoo"},"description":"Do\u011fa ile i\u00e7 i\u00e7e olabilece\u011finiz yerler,do\u011fa aktivite alanlar\u0131,kamp alanlar\u0131,bungalov oteller,Tiny House Oteller, Galampingler ve da\u011f evlerinin herkes i\u00e7in ula\u015f\u0131labilir olmas\u0131n\u0131 sa\u011flamak amac\u0131yla Geziyoo\u2019ya 2019 y\u0131l\u0131nda ba\u015flad\u0131k.Do\u011fal Tatil konseptini uygulayan en geni\u015f kapsaml\u0131 sitedir.","sameAs":["https:\/\/geziyoo.co\/","https:\/\/www.facebook.com\/geziyoo.co","https:\/\/www.instagram.com\/geziyoo.co\/","https:\/\/tr.pinterest.com\/geziyooco\/","https:\/\/x.com\/https:\/\/twitter.com\/geziyoo","https:\/\/www.youtube.com\/channel\/UCdiSMa6pe17KEY7DP1Ug4ag"]}]}},"amp_enabled":true,"_links":{"self":[{"href":"https:\/\/geziyoo.co\/blog\/wp-json\/wp\/v2\/posts\/15614","targetHints":{"allow":["GET"]}}],"collection":[{"href":"https:\/\/geziyoo.co\/blog\/wp-json\/wp\/v2\/posts"}],"about":[{"href":"https:\/\/geziyoo.co\/blog\/wp-json\/wp\/v2\/types\/post"}],"author":[{"embeddable":true,"href":"https:\/\/geziyoo.co\/blog\/wp-json\/wp\/v2\/users\/1"}],"replies":[{"embeddable":true,"href":"https:\/\/geziyoo.co\/blog\/wp-json\/wp\/v2\/comments?post=15614"}],"version-history":[{"count":0,"href":"https:\/\/geziyoo.co\/blog\/wp-json\/wp\/v2\/posts\/15614\/revisions"}],"wp:featuredmedia":[{"embeddable":true,"href":"https:\/\/geziyoo.co\/blog\/wp-json\/wp\/v2\/media\/15621"}],"wp:attachment":[{"href":"https:\/\/geziyoo.co\/blog\/wp-json\/wp\/v2\/media?parent=15614"}],"wp:term":[{"taxonomy":"category","embeddable":true,"href":"https:\/\/geziyoo.co\/blog\/wp-json\/wp\/v2\/categories?post=15614"},{"taxonomy":"post_tag","embeddable":true,"href":"https:\/\/geziyoo.co\/blog\/wp-json\/wp\/v2\/tags?post=15614"}],"curies":[{"name":"wp","href":"https:\/\/api.w.org\/{rel}","templated":true}]}}