{"id":15416,"date":"2023-11-26T04:28:58","date_gmt":"2023-11-26T04:28:58","guid":{"rendered":"https:\/\/geziyoo.co\/blog\/?p=15416"},"modified":"2026-01-30T13:05:55","modified_gmt":"2026-01-30T13:05:55","slug":"oren-kamp-alanlari-ve-karavan-alanlari","status":"publish","type":"post","link":"https:\/\/geziyoo.co\/blog\/oren-kamp-alanlari-ve-karavan-alanlari\/","title":{"rendered":"\u00d6ren ve \u00c7evresi \u00dccretli ve \u00dccretsiz 6 Kamp Alan\u0131 (\u0130leti\u015fim ve Konum)"},"content":{"rendered":"\n<p><strong>\u00d6ren<\/strong>, Bal\u0131kesir&#8217;in Burhaniye il\u00e7esine ba\u011fl\u0131, &#8220;Ye\u015fil \u00d6ren&#8221; olarak da bilinen, sit alan\u0131 ilan edilmi\u015f me\u015fe a\u011fa\u00e7lar\u0131yla \u00fcnl\u00fc bir sahil kasabas\u0131d\u0131r. Buradaki kamp alanlar\u0131 genellikle denize s\u0131f\u0131rd\u0131r ve zemin, kamp\u00e7\u0131lar i\u00e7in en ideal olan d\u00fcz \u00e7im veya sert kum yap\u0131s\u0131ndad\u0131r. Deniz suyu Kuzey Ege karakterini tam olarak yans\u0131t\u0131r; cam gibi berrakt\u0131r ancak girenleri kendine getirecek kadar so\u011fuktur.<\/p>\n\n\n\n<p>B\u00f6lgenin k\u00f6kl\u00fc bir turizm ge\u00e7mi\u015fi olmas\u0131, kamp\u00e7\u0131lar\u0131n hayat\u0131n\u0131 kolayla\u015ft\u0131r\u0131r. Market, restoran, eczane gibi ihtiya\u00e7lar y\u00fcr\u00fcme mesafesindedir. Ancak \u00d6ren&#8217;in co\u011frafi yap\u0131s\u0131 (sulak alanlara yak\u0131nl\u0131\u011f\u0131) nedeniyle yaz aylar\u0131nda sivrisinek yo\u011funlu\u011fu olabilir; bu y\u00fczden buraya gelirken sinek kovucu spreyler &#8220;olmazsa olmaz&#8221; listenizin ba\u015f\u0131nda yer almal\u0131d\u0131r. Ayr\u0131ca \u00d6ren merkez plaj\u0131nda (halk plaj\u0131) kuma \u00e7ad\u0131r kurmak yasakt\u0131r, bu y\u00fczden \u00fccretsiz se\u00e7enekler i\u00e7in merkezin biraz d\u0131\u015f\u0131 (Pelitk\u00f6y veya \u00d6\u011fretmenler Mah.) tercih edilir.<\/p>\n\n\n\n<p>Biz Geziyoo olarak, Kuzey Ege&#8217;nin bu en d\u00fczenli sahilinde arac\u0131lar\u0131 tamamen aradan \u00e7\u0131kard\u0131k ve \u00d6ren\u2019in en pop\u00fcler kamp rehberini haz\u0131rlad\u0131k. Listemizde hem <strong>hi\u00e7bir \u00fccret \u00f6demeden<\/strong> sahilin u\u00e7 noktalar\u0131nda g\u00fcn bat\u0131m\u0131n\u0131 izleyebilece\u011finiz do\u011fal alanlar\u0131, hem de <strong>tenis kortundan \u00f6zel plaja<\/strong> kadar l\u00fcks imkanlar sunan T\u00fcrkiye&#8217;nin en prestijli kampinglerini bir araya getirdik.<\/p>\n\n\n\n<p>\u0130ster karavan\u0131n\u0131z\u0131 <strong>Alt\u0131n Kamp&#8217;\u0131n<\/strong> g\u00f6lgesine \u00e7ekin, ister <strong>Pelitk\u00f6y&#8217;de<\/strong> denizin sesini dinleyin; yola \u00e7\u0131kmadan \u00f6nce listedeki konumlara mutlaka g\u00f6z at\u0131n. \u0130\u015fte \u00d6ren\u2019in en sevilen 6 kamp dura\u011f\u0131:<\/p>\n\n\n\n<p>Dilerseniz <strong><em><a href=\"https:\/\/geziyoo.co\/blog\/balikesir-kamp-alanlari-ve-karavan-alanlari\/\" data-type=\"post\" data-id=\"5631\">Bal\u0131kesir Kamp Alanlar\u0131 <\/a><\/em><\/strong>Haritam\u0131z\u0131 da kullanabilirsiniz.Unuttu\u011fumuz veya bilmedi\u011fimiz <strong>\u00c7ad\u0131r ve Karavan Kamp alan\u0131<\/strong> var ise l\u00fctfen yorumlar k\u0131sm\u0131ndan bizlerle payla\u015fs\u0131n.<\/p>\n\n\n\n<p>Bu arada <strong>\u00d6ren<\/strong> Kamp a\u00e7\u0131s\u0131ndan \u00e7ok zengin tatil b\u00f6lgelerinden bir tanesidir.Hem \u00fccretli hemde \u00fccretsiz bir \u00e7ok kamp alan\u0131 yer almaktad\u0131r.<\/p>\n\n\n\n<p>Sizlere bu i\u00e7eri\u011fimizde <strong>\u00d6ren<\/strong>\u2019<strong>de<\/strong> kamp yapabilece\u011finiz \u00fccretli ve \u00fccretsiz en iyi kamp alanlar\u0131n\u0131 ve yerlerini payla\u015f\u0131yoruz. Ayr\u0131ca ilgili kamp yerlerinin sundu\u011fu olanaklar, nas\u0131l ve ne \u015fekilde ula\u015f\u0131m sa\u011flaman\u0131z konusunda detayl\u0131 bilgileri okuyabilirsiniz.<\/p>\n\n\n\n<p>Unutmadan <strong>\u00d6ren<\/strong> haricinde Kamp Alan\u0131, Bungalov veya Da\u011f evi ar\u0131yorsan\u0131z ,&nbsp;<a href=\"https:\/\/geziyoo.co\/?select=Karavan+Kamp%C4%B1&amp;lp_s_loc=&amp;lp_s_tag=&amp;lp_s_cat=229&amp;s=home&amp;post_type=listing\"><em><strong>500\u2019den fazla Kamp ve Karavan Yeri<\/strong><\/em><\/a>&nbsp;sayfam\u0131za bakman\u0131z\u0131 tavsiye diyoruz.<\/p>\n\n\n\n<hr class=\"wp-block-separator has-css-opacity is-style-wide\"\/>\n\n\n\n<h2 class=\"wp-block-heading\">1.\u00d6ren Plaj\u0131 Kamp Alan\u0131<\/h2>\n\n\n\n<figure class=\"wp-block-image size-large is-resized\"><img decoding=\"async\" width=\"1024\" height=\"685\" data-src=\"https:\/\/geziyoo.co\/blog\/wp-content\/uploads\/2023\/11\/cren-kamp-alanlari-1024x685.jpg\" alt=\"\" class=\"wp-image-15417 lazyload\" style=\"--smush-placeholder-width: 1024px; --smush-placeholder-aspect-ratio: 1024\/685;width:840px;height:auto\" data-srcset=\"https:\/\/geziyoo.co\/blog\/wp-content\/uploads\/2023\/11\/cren-kamp-alanlari-1024x685.jpg 1024w, https:\/\/geziyoo.co\/blog\/wp-content\/uploads\/2023\/11\/cren-kamp-alanlari-300x201.jpg 300w, https:\/\/geziyoo.co\/blog\/wp-content\/uploads\/2023\/11\/cren-kamp-alanlari-768x514.jpg 768w, https:\/\/geziyoo.co\/blog\/wp-content\/uploads\/2023\/11\/cren-kamp-alanlari-1536x1028.jpg 1536w, https:\/\/geziyoo.co\/blog\/wp-content\/uploads\/2023\/11\/cren-kamp-alanlari-2048x1371.jpg 2048w, https:\/\/geziyoo.co\/blog\/wp-content\/uploads\/2023\/11\/cren-kamp-alanlari-scaled.jpg 1196w\" data-sizes=\"(max-width: 1024px) 100vw, 1024px\" src=\"data:image\/gif;base64,R0lGODlhAQABAAAAACH5BAEKAAEALAAAAAABAAEAAAICTAEAOw==\" \/><\/figure>\n\n\n\n<p>\u00d6ren Kamp Alan\u0131, \u00d6ren Plaj\u0131&#8217;n\u0131n e\u015fsiz g\u00fczellikleriyle \u00fcnl\u00fcd\u00fcr. \u00d6zellikle suyunun berrakl\u0131\u011f\u0131 ve denizin a\u015f\u0131r\u0131 temizli\u011fi sayesinde, bu alan kamp\u00e7\u0131lar taraf\u0131ndan yo\u011fun bir ilgi g\u00f6rmektedir.<\/p>\n\n\n\n<p>Burada, ziyaret\u00e7iler sadece birka\u00e7 g\u00fcn de\u011fil, birka\u00e7 ay boyunca kalmay\u0131 tercih edebilirler, bu da \u00d6ren Kamp Alan\u0131&#8217;n\u0131n ne kadar cazip bir destinasyon oldu\u011funun bir g\u00f6stergesidir.<\/p>\n\n\n\n<p>Kamp alan\u0131, konuklar\u0131n\u0131n ihtiya\u00e7lar\u0131n\u0131 kar\u015f\u0131lamak i\u00e7in otomatlar arac\u0131l\u0131\u011f\u0131yla du\u015f ve lavabo imkanlar\u0131 sunar. Kamp yapanlar\u0131n herhangi bir s\u0131k\u0131nt\u0131 ya\u015famamalar\u0131 i\u00e7in, ya \u00e7evredeki tesislerden ihtiya\u00e7lar\u0131n\u0131 kar\u015f\u0131lamalar\u0131 ya da gelmeden \u00f6nce gerekli haz\u0131rl\u0131klar\u0131 yapmalar\u0131 \u00f6nerilmektedir.<\/p>\n\n\n\n<p>\u00d6ren Kamp Alan\u0131, do\u011fan\u0131n sundu\u011fu bu ola\u011fan\u00fcst\u00fc g\u00fczelliklerin keyfini \u00e7\u0131karmak isteyenler i\u00e7in ideal bir tercihtir.<\/p>\n\n\n\n<ul class=\"wp-block-list\">\n<li><strong>\u00d6ren Plaj\u0131 Kamp Alan\u0131 Adres:<\/strong>&nbsp;Orta, 48220 \u00d6ren\/Milas\/Mu\u011fla<\/li>\n\n\n\n<li><strong>\u00d6ren Plaj\u0131 Kamp Alan\u0131<\/strong> <strong>Konumu:<\/strong>&nbsp;<em><strong><a href=\"https:\/\/maps.app.goo.gl\/bb2EL2gjLLHdYe7h8\">Konum<\/a><\/strong>&nbsp;<\/em>ba\u011flant\u0131s\u0131na t\u0131klay\u0131n<\/li>\n<\/ul>\n\n\n\n<hr class=\"wp-block-separator has-alpha-channel-opacity is-style-wide\"\/>\n\n\n\n<h2 class=\"wp-block-heading\">2.Altin Camp<\/h2>\n\n\n\n<figure class=\"wp-block-image size-large\"><img decoding=\"async\" width=\"898\" height=\"671\" data-src=\"https:\/\/geziyoo.co\/blog\/wp-content\/uploads\/2020\/05\/Altin-Camping-2.jpg\" alt=\"\u00d6ren Kamp Alanlar\u0131 ve Karavan Alanlar\u0131\" class=\"wp-image-5649 lazyload\" data-srcset=\"https:\/\/geziyoo.co\/blog\/wp-content\/uploads\/2020\/05\/Altin-Camping-2.jpg 898w, https:\/\/geziyoo.co\/blog\/wp-content\/uploads\/2020\/05\/Altin-Camping-2-300x224.jpg 300w, https:\/\/geziyoo.co\/blog\/wp-content\/uploads\/2020\/05\/Altin-Camping-2-768x574.jpg 768w\" data-sizes=\"(max-width: 898px) 100vw, 898px\" src=\"data:image\/gif;base64,R0lGODlhAQABAAAAACH5BAEKAAEALAAAAAABAAEAAAICTAEAOw==\" style=\"--smush-placeholder-width: 898px; --smush-placeholder-aspect-ratio: 898\/671;\" \/><figcaption class=\"wp-element-caption\">Altin Camping<\/figcaption><\/figure>\n\n\n\n<p>Alt\u0131n Kamp hem kamp alan\u0131 hem de otel imkanlar\u0131 sunuyor. \u00c7arp\u0131c\u0131 bir do\u011fal manzaraya sahip: bol ye\u015fillik ve denize s\u0131f\u0131r konumuyla dikkat \u00e7ekiyor. Burada, kendi kamp ekipman\u0131n\u0131z\u0131 getirebilece\u011finiz gibi, tesis taraf\u0131ndan sunulan \u00e7ad\u0131rlar\u0131 da kiralayabilirsiniz.<\/p>\n\n\n\n<p>Kamp alan\u0131, \u00fccretsiz ve \u00fccretli b\u00f6l\u00fcmlere ayr\u0131lm\u0131\u015f; \u00fccretsiz alan genellikle arkada\u015f gruplar\u0131 taraf\u0131ndan, \u00fccretli alan ise aileler taraf\u0131ndan tercih ediliyor.<\/p>\n\n\n\n<p>Tesis i\u00e7inde masa tenisi, plaj voleybolu gibi \u00e7e\u015fitli spor aktiviteleri mevcut. Tarih merakl\u0131lar\u0131 i\u00e7in de, \u00e7evredeki arkeolojik kaz\u0131 alanlar\u0131na gezi d\u00fczenleyebilirsiniz.<\/p>\n\n\n\n<p>Truva, Bergama, Behramkale ve Efes gibi tarihi yerlere olan mesafeler s\u0131ras\u0131yla 110 km, 80 km, 70 km ve 280 km. Bu tatil beldesi, huzur dolu bir ka\u00e7amak vaat ediyor.<\/p>\n\n\n\n<hr class=\"wp-block-separator has-css-opacity is-style-wide\"\/>\n\n\n\n\n\t\t<div class=\"lightbulb tie-list-shortcode\">\n<ul>\n<li><strong>Alting Camping Adres<\/strong> :Alt\u0131n Kamp, Alt\u0131nyol, Kurtdereli Caddesi No:13, 10700 Burhaniye\/Bal\u0131kesir<\/li>\n<li><strong>Alting Camping Telefon<\/strong> : 0266 416 37 37<\/li>\n<li><strong>Alting Camping Web Adresi<\/strong> :&nbsp; www.altincamp.com\/tr\/<\/li>\n<li><strong>Alting Camping Detayl\u0131 Bilgi :<\/strong> <a href=\"https:\/\/geziyoo.co\/listing\/altin-camping\/\" target=\"_blank\" rel=\"noopener noreferrer\"><em><strong>Altin Camp Tan\u0131t\u0131m\u0131<\/strong><\/em><\/a><\/li>\n<li><strong>Alting Camping Konumu:<\/strong> <a href=\"https:\/\/www.google.com\/maps\/place\/Altin+Camp\/@39.5087624,26.9230492,14z\/data=!4m8!3m7!1s0x0:0xfcbb5278c62a517e!5m2!4m1!1i2!8m2!3d39.5104725!4d26.9348985\" target=\"_blank\" rel=\"noopener noreferrer\"><em><strong>Konum<\/strong> <\/em><\/a>ba\u011flant\u0131s\u0131na t\u0131klay\u0131n<\/li>\n<\/ul>\n\n\t\t<\/div>\n\t\n\n\n\n<hr class=\"wp-block-separator has-css-opacity is-style-wide\"\/>\n\n\n\n<h2 class=\"wp-block-heading\">3.Ela Ela Kamp Alan\u0131<\/h2>\n\n\n\n<figure class=\"wp-block-image size-large\"><img decoding=\"async\" width=\"800\" height=\"530\" data-src=\"https:\/\/geziyoo.co\/blog\/wp-content\/uploads\/2021\/04\/Ela-Ela-Bungalow-Evler-5.jpg\" alt=\"\u00d6ren Kamp Alanlar\u0131 ve Karavan Alanlar\u0131\" class=\"wp-image-6727 lazyload\" data-srcset=\"https:\/\/geziyoo.co\/blog\/wp-content\/uploads\/2021\/04\/Ela-Ela-Bungalow-Evler-5.jpg 800w, https:\/\/geziyoo.co\/blog\/wp-content\/uploads\/2021\/04\/Ela-Ela-Bungalow-Evler-5-300x199.jpg 300w, https:\/\/geziyoo.co\/blog\/wp-content\/uploads\/2021\/04\/Ela-Ela-Bungalow-Evler-5-768x509.jpg 768w\" data-sizes=\"(max-width: 800px) 100vw, 800px\" src=\"data:image\/gif;base64,R0lGODlhAQABAAAAACH5BAEKAAEALAAAAAABAAEAAAICTAEAOw==\" style=\"--smush-placeholder-width: 800px; --smush-placeholder-aspect-ratio: 800\/530;\" \/><figcaption class=\"wp-element-caption\">Ela Ela Bungalow<\/figcaption><\/figure>\n\n\n\n<p>&#8220;Mavi Kamp&#8221; ad\u0131yla an\u0131lan bu b\u00fcy\u00fcleyici tatil yeri, yaz aylar\u0131n\u0131n vazge\u00e7ilmez adreslerinden biridir. \u00d6zellikle mavi bayrak \u00f6d\u00fcl\u00fcne sahip plaj\u0131 ile dikkat \u00e7eken bu kamp alan\u0131, do\u011fa severlerin ve macera arayanlar\u0131n u\u011frak noktas\u0131d\u0131r. Her \u00e7ad\u0131r, konuklar\u0131n\u0131n rahat\u0131n\u0131 d\u00fc\u015f\u00fcnerek \u00f6n\u00fcnde masa ve sandalyelerle donat\u0131lm\u0131\u015ft\u0131r.<\/p>\n\n\n\n<p>Bu modern tesis, du\u015f alanlar\u0131, \u00fccretsiz wifi eri\u015fimi ve \u00e7ama\u015f\u0131r y\u0131kama olanaklar\u0131 gibi temel ihtiya\u00e7lar\u0131 kar\u015f\u0131layan imkanlar sunar. Kamp\u0131n sundu\u011fu etkinlikler aras\u0131nda tekne turlar\u0131, do\u011fa sporlar\u0131, k\u00fclt\u00fcrel geziler ve t\u00fcple dal\u0131\u015f gibi deneyimler bulunmaktad\u0131r. Bu etkinlikler, konuklara unutulmaz anlar ya\u015fatma f\u0131rsat\u0131 sunuyor.<\/p>\n\n\n\n<p>Mavi Kamp, do\u011fayla i\u00e7 i\u00e7e, huzurlu ve e\u011flenceli bir tatil ge\u00e7irmek isteyenler i\u00e7in ideal bir se\u00e7enek olarak \u00f6ne \u00e7\u0131k\u0131yor. Bu kamp yeri, do\u011fan\u0131n g\u00fczelliklerini ke\u015ffetmek ve macera dolu anlar ya\u015famak isteyen herkes i\u00e7in m\u00fckemmel bir ka\u00e7\u0131\u015f noktas\u0131 olarak kendini kan\u0131tlam\u0131\u015ft\u0131r.<\/p>\n\n\n\n<hr class=\"wp-block-separator has-css-opacity is-style-wide\"\/>\n\n\n\n\n\t\t<div class=\"lightbulb tie-list-shortcode\">\n<ul>\n<li><strong>Ela Ela Kamp Alan\u0131 Adres<\/strong> <span style=\"color: #000000;\">:<a style=\"color: #000000;\">\u00d6ren mah, beyaz durak kar\u015f\u0131s\u0131, Enver G\u00fcreli Cd. no;178, 10700 Burhaniye\/Bal\u0131kesir&nbsp;<\/a><\/span><\/li>\n<li><strong>Ela Ela Kamp Alan\u0131 Telefon<\/strong> : 0530 468 43 51<\/li>\n<li><strong>Ela Ela Kamp Alan\u0131 Detayl\u0131 Bilgi :<a href=\"https:\/\/geziyoo.co\/listing\/ela-ela-bungalow-evler\/\"><em>Ela Ela Camping Tan\u0131t\u0131m<\/em><\/a><\/strong><\/li>\n<li><strong>Ela Ela Kamp Alan\u0131 Konumu:<\/strong> <a href=\"https:\/\/www.google.com\/maps?daddr=39.498696040095695,26.939954259263956\"><em><strong>Konum<\/strong> <\/em><\/a>ba\u011flant\u0131s\u0131na t\u0131klay\u0131n<\/li>\n<\/ul>\n\n\t\t<\/div>\n\t\n\n\n\n<hr class=\"wp-block-separator has-css-opacity is-style-wide\"\/>\n\n\n\n<h2 class=\"wp-block-heading\">4.\u00d6ren Cennet Camp<\/h2>\n\n\n\n<figure class=\"wp-block-image size-large\"><img decoding=\"async\" width=\"1024\" height=\"768\" data-src=\"https:\/\/geziyoo.co\/blog\/wp-content\/uploads\/2021\/05\/Oren-Cennet-Camp-5.jpg\" alt=\"\" class=\"wp-image-6831 lazyload\" data-srcset=\"https:\/\/geziyoo.co\/blog\/wp-content\/uploads\/2021\/05\/Oren-Cennet-Camp-5.jpg 1024w, https:\/\/geziyoo.co\/blog\/wp-content\/uploads\/2021\/05\/Oren-Cennet-Camp-5-300x225.jpg 300w, https:\/\/geziyoo.co\/blog\/wp-content\/uploads\/2021\/05\/Oren-Cennet-Camp-5-768x576.jpg 768w\" data-sizes=\"(max-width: 1024px) 100vw, 1024px\" src=\"data:image\/gif;base64,R0lGODlhAQABAAAAACH5BAEKAAEALAAAAAABAAEAAAICTAEAOw==\" style=\"--smush-placeholder-width: 1024px; --smush-placeholder-aspect-ratio: 1024\/768;\" \/><\/figure>\n\n\n\n<p>Bu kamp alan\u0131, denizin mavili\u011fi ve do\u011fan\u0131n ye\u015fili aras\u0131nda sakin bir ka\u00e7\u0131\u015f sunuyor. Tesis, konuklar\u0131na esnek konaklama se\u00e7enekleri sa\u011fl\u0131yor: geleneksel \u00e7ad\u0131r kamp\u0131n\u0131n yan\u0131 s\u0131ra rahat bungalovlarda da kalabilirsiniz. Kamp alan\u0131, ziyaret\u00e7ilerin \u00e7e\u015fitli ihtiya\u00e7lar\u0131n\u0131 kar\u015f\u0131layacak \u015fekilde tasarlanm\u0131\u015f; masa tenisi, bilardo gibi spor aktiviteleri ile dolu vakit ge\u00e7irebilirsiniz.<\/p>\n\n\n\n<p>Kaz Da\u011flar\u0131&#8217;n\u0131n muhte\u015fem manzaras\u0131, bu kamp yerinin do\u011fal g\u00fczelli\u011fini tamaml\u0131yor. Ayr\u0131ca, mavi bayrakla tescillenmi\u015f plaj\u0131, s\u00f6rf ve yelken gibi su sporlar\u0131 i\u00e7in ideal bir ortam sunuyor. Bu kamp alan\u0131, do\u011fayla i\u00e7 i\u00e7e, huzurlu ve dinlendirici bir tatil arayanlar i\u00e7in m\u00fckemmel bir se\u00e7enektir<\/p>\n\n\n\n<hr class=\"wp-block-separator has-css-opacity is-style-wide\"\/>\n\n\n\n\n\t\t<div class=\"lightbulb tie-list-shortcode\">\n<ul>\n<li><strong>\u00d6ren Cennet Camp Adres<\/strong> <span style=\"color: #000000;\">:<\/span>\u00d6ren Mah., Burhaniye Merkez, 10700 Burhaniye\/Bal\u0131kesir<\/li>\n<li><strong>\u00d6ren Cennet Camp Telefon: 0266 416 23 31<\/strong><\/li>\n<li><strong>\u00d6ren Cennet Camp Detayl\u0131 Bilgi :<a href=\"https:\/\/geziyoo.co\/listing\/oren-cennet-camp\/\" target=\"_blank\" rel=\"noopener\" data-schema-attribute=\"\"><em> \u00d6ren Cennet Camp Tan\u0131t\u0131m\u0131<\/em><\/a><\/strong><\/li>\n<li><strong>\u00d6ren Cennet Camp Konumu:<\/strong> <a href=\"https:\/\/www.google.com\/maps?daddr=39.49741603910026,26.937031511712377\"><em><strong>Konum<\/strong> <\/em><\/a>ba\u011flant\u0131s\u0131na t\u0131klay\u0131n<\/li>\n<\/ul>\n\n\t\t<\/div>\n\t\n\n\n\n<hr class=\"wp-block-separator has-css-opacity is-style-wide\"\/>\n\n\n\n<h2 class=\"wp-block-heading\">5.Pelitk\u00f6y \u0130\u00e7meler Kamp Alan\u0131<\/h2>\n\n\n\n<figure class=\"wp-block-image size-large\"><img decoding=\"async\" width=\"1024\" height=\"768\" data-src=\"https:\/\/geziyoo.co\/blog\/wp-content\/uploads\/2021\/05\/Pelitkoy-Icmeler-Kamp-Alani-5.jpg\" alt=\"\" class=\"wp-image-6828 lazyload\" data-srcset=\"https:\/\/geziyoo.co\/blog\/wp-content\/uploads\/2021\/05\/Pelitkoy-Icmeler-Kamp-Alani-5.jpg 1024w, https:\/\/geziyoo.co\/blog\/wp-content\/uploads\/2021\/05\/Pelitkoy-Icmeler-Kamp-Alani-5-300x225.jpg 300w, https:\/\/geziyoo.co\/blog\/wp-content\/uploads\/2021\/05\/Pelitkoy-Icmeler-Kamp-Alani-5-768x576.jpg 768w\" data-sizes=\"(max-width: 1024px) 100vw, 1024px\" src=\"data:image\/gif;base64,R0lGODlhAQABAAAAACH5BAEKAAEALAAAAAABAAEAAAICTAEAOw==\" style=\"--smush-placeholder-width: 1024px; --smush-placeholder-aspect-ratio: 1024\/768;\" \/><figcaption class=\"wp-element-caption\">Pelitk\u00f6y \u0130\u00e7meler Kamp Alan\u0131<\/figcaption><\/figure>\n\n\n\n<p>Pelitk\u00f6y, serin ve ferah bir tatil deneyimi arayanlar i\u00e7in ideal bir destinasyondur. Bu b\u00f6lge, \u00f6zellikle so\u011fuk suyu ve zeytin a\u011fa\u00e7lar\u0131yla \u00e7evrili do\u011fal g\u00fczellikleriyle tan\u0131n\u0131r. Pelitk\u00f6y&#8217;de, hem so\u011fuk suyun hem de g\u00f6lge ve denizin keyfini bir arada ya\u015fayabilirsiniz. Serin havas\u0131 nedeniyle aileler taraf\u0131ndan daha az tercih edilen bu b\u00f6lge, genellikle serinli\u011fi seven bireyler i\u00e7in m\u00fckemmel bir ka\u00e7\u0131\u015f noktas\u0131d\u0131r.<\/p>\n\n\n\n<p>\u00dccretsiz olarak sunulan kamp alan\u0131, konuklara ihtiya\u00e7 duyacaklar\u0131 t\u00fcm temel olanaklar\u0131 sa\u011flar. \u00c7evredeki tesislerden veya merkezden kolayl\u0131kla ihtiya\u00e7lar\u0131n\u0131z\u0131 kar\u015f\u0131layabilirsiniz.<\/p>\n\n\n\n<p>Kamp alan\u0131nda, ziyaret\u00e7ilerin konforu i\u00e7in du\u015f ve lavabo imkanlar\u0131 bulunmaktad\u0131r. Siz sadece \u00e7ad\u0131r\u0131n\u0131z\u0131 al\u0131p, bu e\u015fsiz do\u011fal g\u00fczelliklerin tad\u0131n\u0131 \u00e7\u0131karmak i\u00e7in haz\u0131rs\u0131n\u0131z. Pelitk\u00f6y, do\u011fayla i\u00e7 i\u00e7e, sakin ve huzurlu bir tatil arayanlar i\u00e7in harika bir tercihtir.<\/p>\n\n\n\n<hr class=\"wp-block-separator has-alpha-channel-opacity is-style-wide\"\/>\n\n\n\n<ul class=\"wp-block-list\">\n<li><strong>Pelitk\u00f6y \u0130\u00e7meler Kamp Alan\u0131 Detayl\u0131 Bilgi :<em>&nbsp;<a href=\"https:\/\/geziyoo.co\/listing\/pelitkoy-icmeler-kamp-alani\/\">Pelitk\u00f6y \u0130\u00e7meler Kamp Alan\u0131<\/a><\/em><\/strong><\/li>\n\n\n\n<li><strong>Pelitk\u00f6y \u0130\u00e7meler Kamp Alan\u0131 Adres:<\/strong>&nbsp;Pelitk\u00f6y, 10700 Burhaniye\/Bal\u0131kesir<\/li>\n\n\n\n<li><strong>Pelitk\u00f6y \u0130\u00e7meler Kamp Alan\u0131 Konumu:<\/strong>&nbsp;<em><strong><a href=\"https:\/\/www.google.com\/maps?daddr=39.45557985853737,26.854966658022718\">Konum<\/a><\/strong>&nbsp;<\/em>ba\u011flant\u0131s\u0131na t\u0131klay\u0131n<\/li>\n<\/ul>\n\n\n\n<hr class=\"wp-block-separator has-css-opacity is-style-wide\"\/>\n\n\n\n<h2 class=\"wp-block-heading\">6.\u00d6ren Plaj\u0131 Kamp Alan\u0131<\/h2>\n\n\n\n<figure class=\"wp-block-image size-large is-resized\"><img decoding=\"async\" width=\"1024\" height=\"685\" data-src=\"https:\/\/geziyoo.co\/blog\/wp-content\/uploads\/2023\/11\/cren-kamp-alanlari-1024x685.jpg\" alt=\"\" class=\"wp-image-15417 lazyload\" style=\"--smush-placeholder-width: 1024px; --smush-placeholder-aspect-ratio: 1024\/685;width:840px;height:auto\" data-srcset=\"https:\/\/geziyoo.co\/blog\/wp-content\/uploads\/2023\/11\/cren-kamp-alanlari-1024x685.jpg 1024w, https:\/\/geziyoo.co\/blog\/wp-content\/uploads\/2023\/11\/cren-kamp-alanlari-300x201.jpg 300w, https:\/\/geziyoo.co\/blog\/wp-content\/uploads\/2023\/11\/cren-kamp-alanlari-768x514.jpg 768w, https:\/\/geziyoo.co\/blog\/wp-content\/uploads\/2023\/11\/cren-kamp-alanlari-1536x1028.jpg 1536w, https:\/\/geziyoo.co\/blog\/wp-content\/uploads\/2023\/11\/cren-kamp-alanlari-2048x1371.jpg 2048w, https:\/\/geziyoo.co\/blog\/wp-content\/uploads\/2023\/11\/cren-kamp-alanlari-scaled.jpg 1196w\" data-sizes=\"(max-width: 1024px) 100vw, 1024px\" src=\"data:image\/gif;base64,R0lGODlhAQABAAAAACH5BAEKAAEALAAAAAABAAEAAAICTAEAOw==\" \/><\/figure>\n\n\n\n<p>\u00d6ren Kamp Alan\u0131, \u00d6ren Plaj\u0131&#8217;n\u0131n e\u015fsiz g\u00fczellikleriyle \u00fcnl\u00fcd\u00fcr. \u00d6zellikle suyunun berrakl\u0131\u011f\u0131 ve denizin a\u015f\u0131r\u0131 temizli\u011fi sayesinde, bu alan kamp\u00e7\u0131lar taraf\u0131ndan yo\u011fun bir ilgi g\u00f6rmektedir.<\/p>\n\n\n\n<p>Burada, ziyaret\u00e7iler sadece birka\u00e7 g\u00fcn de\u011fil, birka\u00e7 ay boyunca kalmay\u0131 tercih edebilirler, bu da \u00d6ren Kamp Alan\u0131&#8217;n\u0131n ne kadar cazip bir destinasyon oldu\u011funun bir g\u00f6stergesidir.<\/p>\n\n\n\n<p>Kamp alan\u0131, konuklar\u0131n\u0131n ihtiya\u00e7lar\u0131n\u0131 kar\u015f\u0131lamak i\u00e7in otomatlar arac\u0131l\u0131\u011f\u0131yla du\u015f ve lavabo imkanlar\u0131 sunar. Kamp yapanlar\u0131n herhangi bir s\u0131k\u0131nt\u0131 ya\u015famamalar\u0131 i\u00e7in, ya \u00e7evredeki tesislerden ihtiya\u00e7lar\u0131n\u0131 kar\u015f\u0131lamalar\u0131 ya da gelmeden \u00f6nce gerekli haz\u0131rl\u0131klar\u0131 yapmalar\u0131 \u00f6nerilmektedir.<\/p>\n\n\n\n<p>\u00d6ren Kamp Alan\u0131, do\u011fan\u0131n sundu\u011fu bu ola\u011fan\u00fcst\u00fc g\u00fczelliklerin keyfini \u00e7\u0131karmak isteyenler i\u00e7in ideal bir tercihtir.<\/p>\n\n\n\n<hr class=\"wp-block-separator has-alpha-channel-opacity is-style-wide\"\/>\n\n\n\n<ul class=\"wp-block-list\">\n<li><strong>\u00d6ren Plaj\u0131 Kamp Alan\u0131 Adres:<\/strong>&nbsp;Orta, 48220 \u00d6ren\/Milas\/Mu\u011fla<\/li>\n\n\n\n<li><strong>\u00d6ren Plaj\u0131 Kamp Alan\u0131<\/strong> <strong>Konumu:<\/strong>&nbsp;<em><strong><a href=\"https:\/\/maps.app.goo.gl\/bb2EL2gjLLHdYe7h8\">Konum<\/a><\/strong>&nbsp;<\/em>ba\u011flant\u0131s\u0131na t\u0131klay\u0131n<\/li>\n<\/ul>\n\n\n\n<hr class=\"wp-block-separator has-alpha-channel-opacity is-style-wide\"\/>\n\n\n\n<p><strong>\u00d6ren Kamp Alanlar\u0131 ve Karavan Kamp Alanlar\u0131 Listemizin \u015fimdilik sonuna geldik.Her ge\u00e7en ge\u00e7en <\/strong>g<strong>\u00fcn eklemeler yaparak devam edece\u011fiz.Sizlerde <strong>\u00d6ren<\/strong>\u2019de yer alan \u00dccretli veya \u00dccretsiz Kamp ve Karavan alanlar\u0131n\u0131 yorumlar k\u0131sm\u0131ndan bizlerle payla\u015fabilirsiniz.G\u00fczel bir kamp ge\u00e7irmeniz dile\u011fiyle ho\u015f\u00e7akal\u0131n\u2026<\/strong><\/p>\n\n\n\n<hr class=\"wp-block-separator has-css-opacity is-style-wide\"\/>\n\n\n\n<h3 class=\"wp-block-heading\">Bunlar\u0131 da Sevebilirsiniz;<\/h3>\n\n\n<ul class=\"wp-block-latest-posts__list wp-block-latest-posts\"><li><a class=\"wp-block-latest-posts__post-title\" href=\"https:\/\/geziyoo.co\/blog\/batman-kamp-alanlari\/\">Batman ve \u00c7evresi Do\u011fa \u0130\u00e7inde 4 Kamp Noktas\u0131 (Konum ve \u0130pu\u00e7lar\u0131)<\/a><\/li>\n<li><a class=\"wp-block-latest-posts__post-title\" href=\"https:\/\/geziyoo.co\/blog\/ayder-yaylasi-kamp-alanlari-ve-karavan-alanlari\/\">Ayder Yaylas\u0131 ve \u00c7evresi 2 Kamp Noktas\u0131 (Konum ve \u0130pu\u00e7lar\u0131)<\/a><\/li>\n<li><a class=\"wp-block-latest-posts__post-title\" href=\"https:\/\/geziyoo.co\/blog\/ardesen-kamp-alanlari-ve-karavan-alanlari\/\">Arde\u015fen ve F\u0131rt\u0131na Vadisi Giri\u015fi 5 Kamp Noktas\u0131 (Konum ve \u0130pu\u00e7lar\u0131)<\/a><\/li>\n<\/ul>","protected":false},"excerpt":{"rendered":"<p>\u00d6ren, Bal\u0131kesir&#8217;in Burhaniye il\u00e7esine ba\u011fl\u0131, &#8220;Ye\u015fil \u00d6ren&#8221; olarak da bilinen, sit alan\u0131 ilan edilmi\u015f me\u015fe a\u011fa\u00e7lar\u0131yla \u00fcnl\u00fc bir sahil kasabas\u0131d\u0131r. Buradaki kamp alanlar\u0131 genellikle denize s\u0131f\u0131rd\u0131r ve zemin, kamp\u00e7\u0131lar i\u00e7in en ideal olan d\u00fcz \u00e7im veya sert kum yap\u0131s\u0131ndad\u0131r. Deniz suyu Kuzey Ege karakterini tam olarak yans\u0131t\u0131r; cam gibi berrakt\u0131r ancak girenleri kendine getirecek kadar &hellip;<\/p>\n","protected":false},"author":1,"featured_media":15417,"comment_status":"open","ping_status":"open","sticky":false,"template":"","format":"standard","meta":{"footnotes":""},"categories":[589,23],"tags":[],"class_list":["post-15416","post","type-post","status-publish","format-standard","has-post-thumbnail","hentry","category-kamp1","category-kamp-kamp-alanlari"],"yoast_head":"<!-- This site is optimized with the Yoast SEO plugin v26.9 - https:\/\/yoast.com\/product\/yoast-seo-wordpress\/ -->\n<title>\u00d6ren\u2019de En \u0130yi 6 Kamp Alan\u0131: \u00dccretli, \u00dccretsiz ve Denize S\u0131f\u0131r | Geziyoo<\/title>\n<meta name=\"description\" content=\"Bal\u0131kesir Burhaniye \u00d6ren, efsanevi Alt\u0131n Kamp, aile dostu Beyaz Durak ve \u00fccretsiz Pelitk\u00f6y sahili dahil denize yak\u0131n 6 kamp alan\u0131n\u0131 listeledik. Konumlar Geziyoo&#039;da.\" \/>\n<meta name=\"robots\" content=\"index, follow, max-snippet:-1, max-image-preview:large, max-video-preview:-1\" \/>\n<link rel=\"canonical\" href=\"https:\/\/geziyoo.co\/blog\/oren-kamp-alanlari-ve-karavan-alanlari\/\" \/>\n<meta property=\"og:locale\" content=\"tr_TR\" \/>\n<meta property=\"og:type\" content=\"article\" \/>\n<meta property=\"og:title\" content=\"\u00d6ren\u2019de En \u0130yi 6 Kamp Alan\u0131: \u00dccretli, \u00dccretsiz ve Denize S\u0131f\u0131r | Geziyoo\" \/>\n<meta property=\"og:description\" content=\"Bal\u0131kesir Burhaniye \u00d6ren, efsanevi Alt\u0131n Kamp, aile dostu Beyaz Durak ve \u00fccretsiz Pelitk\u00f6y sahili dahil denize yak\u0131n 6 kamp alan\u0131n\u0131 listeledik. Konumlar Geziyoo&#039;da.\" \/>\n<meta property=\"og:url\" content=\"https:\/\/geziyoo.co\/blog\/oren-kamp-alanlari-ve-karavan-alanlari\/\" \/>\n<meta property=\"og:site_name\" content=\"Geziyoo.co\" \/>\n<meta property=\"article:publisher\" content=\"https:\/\/www.facebook.com\/Geziyooco\" \/>\n<meta property=\"article:author\" content=\"https:\/\/www.facebook.com\/geziyoo.co\" \/>\n<meta property=\"article:published_time\" content=\"2023-11-26T04:28:58+00:00\" \/>\n<meta property=\"article:modified_time\" content=\"2026-01-30T13:05:55+00:00\" \/>\n<meta property=\"og:image\" content=\"https:\/\/geziyoo.co\/blog\/wp-content\/uploads\/2023\/11\/cren-kamp-alanlari-scaled.jpg\" \/>\n\t<meta property=\"og:image:width\" content=\"1196\" \/>\n\t<meta property=\"og:image:height\" content=\"800\" \/>\n\t<meta property=\"og:image:type\" content=\"image\/jpeg\" \/>\n<meta name=\"author\" content=\"Geziyoo\" \/>\n<meta name=\"twitter:card\" content=\"summary_large_image\" \/>\n<meta name=\"twitter:creator\" content=\"@https:\/\/twitter.com\/geziyoo\" \/>\n<meta name=\"twitter:site\" content=\"@geziyoo\" \/>\n<meta name=\"twitter:label1\" content=\"Yazan:\" \/>\n\t<meta name=\"twitter:data1\" content=\"Geziyoo\" \/>\n\t<meta name=\"twitter:label2\" content=\"Tahmini okuma s\u00fcresi\" \/>\n\t<meta name=\"twitter:data2\" content=\"9 dakika\" \/>\n<script type=\"application\/ld+json\" class=\"yoast-schema-graph\">{\"@context\":\"https:\/\/schema.org\",\"@graph\":[{\"@type\":\"Article\",\"@id\":\"https:\/\/geziyoo.co\/blog\/oren-kamp-alanlari-ve-karavan-alanlari\/#article\",\"isPartOf\":{\"@id\":\"https:\/\/geziyoo.co\/blog\/oren-kamp-alanlari-ve-karavan-alanlari\/\"},\"author\":{\"name\":\"Geziyoo\",\"@id\":\"https:\/\/geziyoo.co\/blog\/#\/schema\/person\/032acb2436540ed14784e7d978aef0e4\"},\"headline\":\"\u00d6ren ve \u00c7evresi \u00dccretli ve \u00dccretsiz 6 Kamp Alan\u0131 (\u0130leti\u015fim ve Konum)\",\"datePublished\":\"2023-11-26T04:28:58+00:00\",\"dateModified\":\"2026-01-30T13:05:55+00:00\",\"mainEntityOfPage\":{\"@id\":\"https:\/\/geziyoo.co\/blog\/oren-kamp-alanlari-ve-karavan-alanlari\/\"},\"wordCount\":1628,\"commentCount\":0,\"publisher\":{\"@id\":\"https:\/\/geziyoo.co\/blog\/#organization\"},\"image\":{\"@id\":\"https:\/\/geziyoo.co\/blog\/oren-kamp-alanlari-ve-karavan-alanlari\/#primaryimage\"},\"thumbnailUrl\":\"https:\/\/geziyoo.co\/blog\/wp-content\/uploads\/2023\/11\/cren-kamp-alanlari-scaled.jpg\",\"articleSection\":[\"Kamp\",\"Kamp Alanlar\u0131\"],\"inLanguage\":\"tr\",\"potentialAction\":[{\"@type\":\"CommentAction\",\"name\":\"Comment\",\"target\":[\"https:\/\/geziyoo.co\/blog\/oren-kamp-alanlari-ve-karavan-alanlari\/#respond\"]}]},{\"@type\":\"WebPage\",\"@id\":\"https:\/\/geziyoo.co\/blog\/oren-kamp-alanlari-ve-karavan-alanlari\/\",\"url\":\"https:\/\/geziyoo.co\/blog\/oren-kamp-alanlari-ve-karavan-alanlari\/\",\"name\":\"\u00d6ren\u2019de En \u0130yi 6 Kamp Alan\u0131: \u00dccretli, \u00dccretsiz ve Denize S\u0131f\u0131r | Geziyoo\",\"isPartOf\":{\"@id\":\"https:\/\/geziyoo.co\/blog\/#website\"},\"primaryImageOfPage\":{\"@id\":\"https:\/\/geziyoo.co\/blog\/oren-kamp-alanlari-ve-karavan-alanlari\/#primaryimage\"},\"image\":{\"@id\":\"https:\/\/geziyoo.co\/blog\/oren-kamp-alanlari-ve-karavan-alanlari\/#primaryimage\"},\"thumbnailUrl\":\"https:\/\/geziyoo.co\/blog\/wp-content\/uploads\/2023\/11\/cren-kamp-alanlari-scaled.jpg\",\"datePublished\":\"2023-11-26T04:28:58+00:00\",\"dateModified\":\"2026-01-30T13:05:55+00:00\",\"description\":\"Bal\u0131kesir Burhaniye \u00d6ren, efsanevi Alt\u0131n Kamp, aile dostu Beyaz Durak ve \u00fccretsiz Pelitk\u00f6y sahili dahil denize yak\u0131n 6 kamp alan\u0131n\u0131 listeledik. Konumlar Geziyoo'da.\",\"breadcrumb\":{\"@id\":\"https:\/\/geziyoo.co\/blog\/oren-kamp-alanlari-ve-karavan-alanlari\/#breadcrumb\"},\"inLanguage\":\"tr\",\"potentialAction\":[{\"@type\":\"ReadAction\",\"target\":[\"https:\/\/geziyoo.co\/blog\/oren-kamp-alanlari-ve-karavan-alanlari\/\"]}]},{\"@type\":\"ImageObject\",\"inLanguage\":\"tr\",\"@id\":\"https:\/\/geziyoo.co\/blog\/oren-kamp-alanlari-ve-karavan-alanlari\/#primaryimage\",\"url\":\"https:\/\/geziyoo.co\/blog\/wp-content\/uploads\/2023\/11\/cren-kamp-alanlari-scaled.jpg\",\"contentUrl\":\"https:\/\/geziyoo.co\/blog\/wp-content\/uploads\/2023\/11\/cren-kamp-alanlari-scaled.jpg\",\"width\":1196,\"height\":800,\"caption\":\"SONY DSC\"},{\"@type\":\"BreadcrumbList\",\"@id\":\"https:\/\/geziyoo.co\/blog\/oren-kamp-alanlari-ve-karavan-alanlari\/#breadcrumb\",\"itemListElement\":[{\"@type\":\"ListItem\",\"position\":1,\"name\":\"Ana sayfa\",\"item\":\"https:\/\/geziyoo.co\/blog\/\"},{\"@type\":\"ListItem\",\"position\":2,\"name\":\"\u00d6ren ve \u00c7evresi \u00dccretli ve \u00dccretsiz 6 Kamp Alan\u0131 (\u0130leti\u015fim ve Konum)\"}]},{\"@type\":\"WebSite\",\"@id\":\"https:\/\/geziyoo.co\/blog\/#website\",\"url\":\"https:\/\/geziyoo.co\/blog\/\",\"name\":\"Geziyoo Blog\",\"description\":\"GeziYoo Blog&#039;da T\u00fcrkiye&#039;nin en iyi kamp alanlar\u0131ndan bungalov tatillerine, karavan ipu\u00e7lar\u0131ndan gezi rehberlerine kadar her t\u00fcrl\u00fc do\u011fa deneyimini ke\u015ffedin.\",\"publisher\":{\"@id\":\"https:\/\/geziyoo.co\/blog\/#organization\"},\"potentialAction\":[{\"@type\":\"SearchAction\",\"target\":{\"@type\":\"EntryPoint\",\"urlTemplate\":\"https:\/\/geziyoo.co\/blog\/?s={search_term_string}\"},\"query-input\":{\"@type\":\"PropertyValueSpecification\",\"valueRequired\":true,\"valueName\":\"search_term_string\"}}],\"inLanguage\":\"tr\"},{\"@type\":\"Organization\",\"@id\":\"https:\/\/geziyoo.co\/blog\/#organization\",\"name\":\"Geziyoo.co\",\"url\":\"https:\/\/geziyoo.co\/blog\/\",\"logo\":{\"@type\":\"ImageObject\",\"inLanguage\":\"tr\",\"@id\":\"https:\/\/geziyoo.co\/blog\/#\/schema\/logo\/image\/\",\"url\":\"https:\/\/geziyoo.co\/blog\/wp-content\/uploads\/2025\/01\/Paragraf-metniniz-3.png\",\"contentUrl\":\"https:\/\/geziyoo.co\/blog\/wp-content\/uploads\/2025\/01\/Paragraf-metniniz-3.png\",\"width\":270,\"height\":50,\"caption\":\"Geziyoo.co\"},\"image\":{\"@id\":\"https:\/\/geziyoo.co\/blog\/#\/schema\/logo\/image\/\"},\"sameAs\":[\"https:\/\/www.facebook.com\/Geziyooco\",\"https:\/\/x.com\/geziyoo\",\"https:\/\/tr.pinterest.com\/geziyooco\/\",\"https:\/\/www.youtube.com\/@geziyoo\",\"https:\/\/www.instagram.com\/geziyoo.co\/\"]},{\"@type\":\"Person\",\"@id\":\"https:\/\/geziyoo.co\/blog\/#\/schema\/person\/032acb2436540ed14784e7d978aef0e4\",\"name\":\"Geziyoo\",\"image\":{\"@type\":\"ImageObject\",\"inLanguage\":\"tr\",\"@id\":\"https:\/\/geziyoo.co\/blog\/#\/schema\/person\/image\/\",\"url\":\"https:\/\/secure.gravatar.com\/avatar\/ae212a4514471fdb8cab6e5af4f3c99b940a2d0a16713ea0392c8d7c8a64f30a?s=96&d=mm&r=g\",\"contentUrl\":\"https:\/\/secure.gravatar.com\/avatar\/ae212a4514471fdb8cab6e5af4f3c99b940a2d0a16713ea0392c8d7c8a64f30a?s=96&d=mm&r=g\",\"caption\":\"Geziyoo\"},\"description\":\"Do\u011fa ile i\u00e7 i\u00e7e olabilece\u011finiz yerler,do\u011fa aktivite alanlar\u0131,kamp alanlar\u0131,bungalov oteller,Tiny House Oteller, Galampingler ve da\u011f evlerinin herkes i\u00e7in ula\u015f\u0131labilir olmas\u0131n\u0131 sa\u011flamak amac\u0131yla Geziyoo\u2019ya 2019 y\u0131l\u0131nda ba\u015flad\u0131k.Do\u011fal Tatil konseptini uygulayan en geni\u015f kapsaml\u0131 sitedir.\",\"sameAs\":[\"https:\/\/geziyoo.co\/\",\"https:\/\/www.facebook.com\/geziyoo.co\",\"https:\/\/www.instagram.com\/geziyoo.co\/\",\"https:\/\/tr.pinterest.com\/geziyooco\/\",\"https:\/\/x.com\/https:\/\/twitter.com\/geziyoo\",\"https:\/\/www.youtube.com\/channel\/UCdiSMa6pe17KEY7DP1Ug4ag\"]}]}<\/script>\n<!-- \/ Yoast SEO plugin. -->","yoast_head_json":{"title":"\u00d6ren\u2019de En \u0130yi 6 Kamp Alan\u0131: \u00dccretli, \u00dccretsiz ve Denize S\u0131f\u0131r | Geziyoo","description":"Bal\u0131kesir Burhaniye \u00d6ren, efsanevi Alt\u0131n Kamp, aile dostu Beyaz Durak ve \u00fccretsiz Pelitk\u00f6y sahili dahil denize yak\u0131n 6 kamp alan\u0131n\u0131 listeledik. Konumlar Geziyoo'da.","robots":{"index":"index","follow":"follow","max-snippet":"max-snippet:-1","max-image-preview":"max-image-preview:large","max-video-preview":"max-video-preview:-1"},"canonical":"https:\/\/geziyoo.co\/blog\/oren-kamp-alanlari-ve-karavan-alanlari\/","og_locale":"tr_TR","og_type":"article","og_title":"\u00d6ren\u2019de En \u0130yi 6 Kamp Alan\u0131: \u00dccretli, \u00dccretsiz ve Denize S\u0131f\u0131r | Geziyoo","og_description":"Bal\u0131kesir Burhaniye \u00d6ren, efsanevi Alt\u0131n Kamp, aile dostu Beyaz Durak ve \u00fccretsiz Pelitk\u00f6y sahili dahil denize yak\u0131n 6 kamp alan\u0131n\u0131 listeledik. Konumlar Geziyoo'da.","og_url":"https:\/\/geziyoo.co\/blog\/oren-kamp-alanlari-ve-karavan-alanlari\/","og_site_name":"Geziyoo.co","article_publisher":"https:\/\/www.facebook.com\/Geziyooco","article_author":"https:\/\/www.facebook.com\/geziyoo.co","article_published_time":"2023-11-26T04:28:58+00:00","article_modified_time":"2026-01-30T13:05:55+00:00","og_image":[{"width":1196,"height":800,"url":"https:\/\/geziyoo.co\/blog\/wp-content\/uploads\/2023\/11\/cren-kamp-alanlari-scaled.jpg","type":"image\/jpeg"}],"author":"Geziyoo","twitter_card":"summary_large_image","twitter_creator":"@https:\/\/twitter.com\/geziyoo","twitter_site":"@geziyoo","twitter_misc":{"Yazan:":"Geziyoo","Tahmini okuma s\u00fcresi":"9 dakika"},"schema":{"@context":"https:\/\/schema.org","@graph":[{"@type":"Article","@id":"https:\/\/geziyoo.co\/blog\/oren-kamp-alanlari-ve-karavan-alanlari\/#article","isPartOf":{"@id":"https:\/\/geziyoo.co\/blog\/oren-kamp-alanlari-ve-karavan-alanlari\/"},"author":{"name":"Geziyoo","@id":"https:\/\/geziyoo.co\/blog\/#\/schema\/person\/032acb2436540ed14784e7d978aef0e4"},"headline":"\u00d6ren ve \u00c7evresi \u00dccretli ve \u00dccretsiz 6 Kamp Alan\u0131 (\u0130leti\u015fim ve Konum)","datePublished":"2023-11-26T04:28:58+00:00","dateModified":"2026-01-30T13:05:55+00:00","mainEntityOfPage":{"@id":"https:\/\/geziyoo.co\/blog\/oren-kamp-alanlari-ve-karavan-alanlari\/"},"wordCount":1628,"commentCount":0,"publisher":{"@id":"https:\/\/geziyoo.co\/blog\/#organization"},"image":{"@id":"https:\/\/geziyoo.co\/blog\/oren-kamp-alanlari-ve-karavan-alanlari\/#primaryimage"},"thumbnailUrl":"https:\/\/geziyoo.co\/blog\/wp-content\/uploads\/2023\/11\/cren-kamp-alanlari-scaled.jpg","articleSection":["Kamp","Kamp Alanlar\u0131"],"inLanguage":"tr","potentialAction":[{"@type":"CommentAction","name":"Comment","target":["https:\/\/geziyoo.co\/blog\/oren-kamp-alanlari-ve-karavan-alanlari\/#respond"]}]},{"@type":"WebPage","@id":"https:\/\/geziyoo.co\/blog\/oren-kamp-alanlari-ve-karavan-alanlari\/","url":"https:\/\/geziyoo.co\/blog\/oren-kamp-alanlari-ve-karavan-alanlari\/","name":"\u00d6ren\u2019de En \u0130yi 6 Kamp Alan\u0131: \u00dccretli, \u00dccretsiz ve Denize S\u0131f\u0131r | Geziyoo","isPartOf":{"@id":"https:\/\/geziyoo.co\/blog\/#website"},"primaryImageOfPage":{"@id":"https:\/\/geziyoo.co\/blog\/oren-kamp-alanlari-ve-karavan-alanlari\/#primaryimage"},"image":{"@id":"https:\/\/geziyoo.co\/blog\/oren-kamp-alanlari-ve-karavan-alanlari\/#primaryimage"},"thumbnailUrl":"https:\/\/geziyoo.co\/blog\/wp-content\/uploads\/2023\/11\/cren-kamp-alanlari-scaled.jpg","datePublished":"2023-11-26T04:28:58+00:00","dateModified":"2026-01-30T13:05:55+00:00","description":"Bal\u0131kesir Burhaniye \u00d6ren, efsanevi Alt\u0131n Kamp, aile dostu Beyaz Durak ve \u00fccretsiz Pelitk\u00f6y sahili dahil denize yak\u0131n 6 kamp alan\u0131n\u0131 listeledik. Konumlar Geziyoo'da.","breadcrumb":{"@id":"https:\/\/geziyoo.co\/blog\/oren-kamp-alanlari-ve-karavan-alanlari\/#breadcrumb"},"inLanguage":"tr","potentialAction":[{"@type":"ReadAction","target":["https:\/\/geziyoo.co\/blog\/oren-kamp-alanlari-ve-karavan-alanlari\/"]}]},{"@type":"ImageObject","inLanguage":"tr","@id":"https:\/\/geziyoo.co\/blog\/oren-kamp-alanlari-ve-karavan-alanlari\/#primaryimage","url":"https:\/\/geziyoo.co\/blog\/wp-content\/uploads\/2023\/11\/cren-kamp-alanlari-scaled.jpg","contentUrl":"https:\/\/geziyoo.co\/blog\/wp-content\/uploads\/2023\/11\/cren-kamp-alanlari-scaled.jpg","width":1196,"height":800,"caption":"SONY DSC"},{"@type":"BreadcrumbList","@id":"https:\/\/geziyoo.co\/blog\/oren-kamp-alanlari-ve-karavan-alanlari\/#breadcrumb","itemListElement":[{"@type":"ListItem","position":1,"name":"Ana sayfa","item":"https:\/\/geziyoo.co\/blog\/"},{"@type":"ListItem","position":2,"name":"\u00d6ren ve \u00c7evresi \u00dccretli ve \u00dccretsiz 6 Kamp Alan\u0131 (\u0130leti\u015fim ve Konum)"}]},{"@type":"WebSite","@id":"https:\/\/geziyoo.co\/blog\/#website","url":"https:\/\/geziyoo.co\/blog\/","name":"Geziyoo Blog","description":"GeziYoo Blog&#039;da T\u00fcrkiye&#039;nin en iyi kamp alanlar\u0131ndan bungalov tatillerine, karavan ipu\u00e7lar\u0131ndan gezi rehberlerine kadar her t\u00fcrl\u00fc do\u011fa deneyimini ke\u015ffedin.","publisher":{"@id":"https:\/\/geziyoo.co\/blog\/#organization"},"potentialAction":[{"@type":"SearchAction","target":{"@type":"EntryPoint","urlTemplate":"https:\/\/geziyoo.co\/blog\/?s={search_term_string}"},"query-input":{"@type":"PropertyValueSpecification","valueRequired":true,"valueName":"search_term_string"}}],"inLanguage":"tr"},{"@type":"Organization","@id":"https:\/\/geziyoo.co\/blog\/#organization","name":"Geziyoo.co","url":"https:\/\/geziyoo.co\/blog\/","logo":{"@type":"ImageObject","inLanguage":"tr","@id":"https:\/\/geziyoo.co\/blog\/#\/schema\/logo\/image\/","url":"https:\/\/geziyoo.co\/blog\/wp-content\/uploads\/2025\/01\/Paragraf-metniniz-3.png","contentUrl":"https:\/\/geziyoo.co\/blog\/wp-content\/uploads\/2025\/01\/Paragraf-metniniz-3.png","width":270,"height":50,"caption":"Geziyoo.co"},"image":{"@id":"https:\/\/geziyoo.co\/blog\/#\/schema\/logo\/image\/"},"sameAs":["https:\/\/www.facebook.com\/Geziyooco","https:\/\/x.com\/geziyoo","https:\/\/tr.pinterest.com\/geziyooco\/","https:\/\/www.youtube.com\/@geziyoo","https:\/\/www.instagram.com\/geziyoo.co\/"]},{"@type":"Person","@id":"https:\/\/geziyoo.co\/blog\/#\/schema\/person\/032acb2436540ed14784e7d978aef0e4","name":"Geziyoo","image":{"@type":"ImageObject","inLanguage":"tr","@id":"https:\/\/geziyoo.co\/blog\/#\/schema\/person\/image\/","url":"https:\/\/secure.gravatar.com\/avatar\/ae212a4514471fdb8cab6e5af4f3c99b940a2d0a16713ea0392c8d7c8a64f30a?s=96&d=mm&r=g","contentUrl":"https:\/\/secure.gravatar.com\/avatar\/ae212a4514471fdb8cab6e5af4f3c99b940a2d0a16713ea0392c8d7c8a64f30a?s=96&d=mm&r=g","caption":"Geziyoo"},"description":"Do\u011fa ile i\u00e7 i\u00e7e olabilece\u011finiz yerler,do\u011fa aktivite alanlar\u0131,kamp alanlar\u0131,bungalov oteller,Tiny House Oteller, Galampingler ve da\u011f evlerinin herkes i\u00e7in ula\u015f\u0131labilir olmas\u0131n\u0131 sa\u011flamak amac\u0131yla Geziyoo\u2019ya 2019 y\u0131l\u0131nda ba\u015flad\u0131k.Do\u011fal Tatil konseptini uygulayan en geni\u015f kapsaml\u0131 sitedir.","sameAs":["https:\/\/geziyoo.co\/","https:\/\/www.facebook.com\/geziyoo.co","https:\/\/www.instagram.com\/geziyoo.co\/","https:\/\/tr.pinterest.com\/geziyooco\/","https:\/\/x.com\/https:\/\/twitter.com\/geziyoo","https:\/\/www.youtube.com\/channel\/UCdiSMa6pe17KEY7DP1Ug4ag"]}]}},"amp_enabled":true,"_links":{"self":[{"href":"https:\/\/geziyoo.co\/blog\/wp-json\/wp\/v2\/posts\/15416","targetHints":{"allow":["GET"]}}],"collection":[{"href":"https:\/\/geziyoo.co\/blog\/wp-json\/wp\/v2\/posts"}],"about":[{"href":"https:\/\/geziyoo.co\/blog\/wp-json\/wp\/v2\/types\/post"}],"author":[{"embeddable":true,"href":"https:\/\/geziyoo.co\/blog\/wp-json\/wp\/v2\/users\/1"}],"replies":[{"embeddable":true,"href":"https:\/\/geziyoo.co\/blog\/wp-json\/wp\/v2\/comments?post=15416"}],"version-history":[{"count":0,"href":"https:\/\/geziyoo.co\/blog\/wp-json\/wp\/v2\/posts\/15416\/revisions"}],"wp:featuredmedia":[{"embeddable":true,"href":"https:\/\/geziyoo.co\/blog\/wp-json\/wp\/v2\/media\/15417"}],"wp:attachment":[{"href":"https:\/\/geziyoo.co\/blog\/wp-json\/wp\/v2\/media?parent=15416"}],"wp:term":[{"taxonomy":"category","embeddable":true,"href":"https:\/\/geziyoo.co\/blog\/wp-json\/wp\/v2\/categories?post=15416"},{"taxonomy":"post_tag","embeddable":true,"href":"https:\/\/geziyoo.co\/blog\/wp-json\/wp\/v2\/tags?post=15416"}],"curies":[{"name":"wp","href":"https:\/\/api.w.org\/{rel}","templated":true}]}}