{"id":15398,"date":"2023-11-25T12:22:53","date_gmt":"2023-11-25T12:22:53","guid":{"rendered":"https:\/\/geziyoo.co\/blog\/?p=15398"},"modified":"2026-01-30T12:37:28","modified_gmt":"2026-01-30T12:37:28","slug":"cekmekoy-kamp-alanlari-ve-karavan-alanlari","status":"publish","type":"post","link":"https:\/\/geziyoo.co\/blog\/cekmekoy-kamp-alanlari-ve-karavan-alanlari\/","title":{"rendered":"\u00c7ekmek\u00f6y ve \u00c7evresi G\u00f6l Kenar\u0131 \u00dccretsiz Kamp Noktalar\u0131"},"content":{"rendered":"\n<p><strong>\u00c7ekmek\u00f6y<\/strong>, Kuzey Marmara Otoyolu ve \u015eile Otoyolu&#8217;nun kesi\u015fiminde, \u0130stanbul&#8217;un ci\u011ferleri say\u0131lan ormanlar\u0131n ba\u015flad\u0131\u011f\u0131 noktad\u0131r. \u0130l\u00e7ede &#8220;g\u00f6l kenar\u0131&#8221; denildi\u011finde akla gelen tek ve en b\u00fcy\u00fck adres, s\u0131n\u0131r kom\u015fusu olan \u00d6merli Baraj\u0131&#8217;n\u0131n k\u0131y\u0131lar\u0131d\u0131r. \u00d6zellikle Esenceli K\u00f6y\u00fc taraf\u0131, yar\u0131mada \u015feklindeki yap\u0131s\u0131yla kamp\u00e7\u0131lara \u0130svi\u00e7re g\u00f6llerini aratmayan manzaralar sunar.<\/p>\n\n\n\n<p>B\u00f6lge tamamen do\u011fal (bakir) oldu\u011fu i\u00e7in &#8220;Tuvalet var m\u0131?&#8221;, &#8220;G\u00fcvenlik var m\u0131?&#8221;, &#8220;Telefon \u00e7ekiyor mu?&#8221; sorular\u0131n\u0131n cevab\u0131 de\u011fi\u015fkendir. \u00dccretsiz alanlarda tesis yoktur, telefon baz\u0131 \u00e7ukur noktalarda \u00e7ekmeyebilir. Ayr\u0131ca \u0130stanbul Valili\u011fi&#8217;nin orman yang\u0131nlar\u0131n\u0131 \u00f6nleme genelgeleri kapsam\u0131nda yaz aylar\u0131nda <strong>ate\u015f yakmak kesinlikle yasakt\u0131r<\/strong> ve jandarma dron ile denetim yapabilir. Bu b\u00f6lgeler k\u0131\u015f ve bahar kamplar\u0131 i\u00e7in daha uygundur.<\/p>\n\n\n\n<p>Biz Geziyoo olarak, \u00c7ekmek\u00f6y\u2019\u00fcn bu sakin k\u0131y\u0131lar\u0131nda arac\u0131lar\u0131 tamamen aradan \u00e7\u0131kard\u0131k. Listemizde, tesis konforu aramayan, do\u011fayla ba\u015f ba\u015fa kalmak isteyen ve &#8220;\u00e7\u00f6p\u00fcm\u00fc al\u0131p giderim&#8221; diyen bilin\u00e7li kamp\u00e7\u0131lar i\u00e7in en uygun noktalar\u0131 derledik.<\/p>\n\n\n\n<p>\u0130ster <strong>Esenceli&#8217;nin<\/strong> \u00e7imlerine \u00e7ad\u0131r\u0131n\u0131z\u0131 kurun, ister <strong>Re\u015fadiye&#8217;nin<\/strong> dereleri yan\u0131nda serinleyin; yola \u00e7\u0131kmadan \u00f6nce listedeki uyar\u0131lara mutlaka g\u00f6z at\u0131n. \u0130\u015fte \u00c7ekmek\u00f6y \u00e7evresinin en sevilen \u00fccretsiz su kenar\u0131 duraklar\u0131:<\/p>\n\n\n\n<p><strong>Dilerseniz&nbsp;<em><a href=\"https:\/\/geziyoo.co\/blog\/istanbul-kamp-alanlari-ve-karavan-alanlari\/\">\u0130stanbul Kamp Alanlar\u0131<\/a>&nbsp;<\/em>i\u00e7eri\u011fimizde \u0130stanbul b\u00f6lgesinde yer alan di\u011fer kamp yerlerini inceleyebilirsiniz.<\/strong><\/p>\n\n\n\n<p>\u00c7ekmek\u00f6y\u2019de unuttu\u011fumuz veya bilmedi\u011fimiz&nbsp;\u00c7ad\u0131r ve Karavan Kamp alan\u0131&nbsp;var ise l\u00fctfen yorumlar k\u0131sm\u0131ndan bizlerle payla\u015f\u0131n.\u00c7ekmek\u00f6y haricinde Kamp Alan\u0131, Bungalov veya Da\u011f evi ar\u0131yorsan\u0131z ,&nbsp;<a href=\"https:\/\/geziyoo.co\/?select=Karavan+Kamp%C4%B1&amp;lp_s_loc=&amp;lp_s_tag=&amp;lp_s_cat=229&amp;s=home&amp;post_type=listing\"><em><strong>500\u2019den fazla Kamp ve Karavan Yeri<\/strong><\/em><\/a>&nbsp;sayfam\u0131za bakman\u0131z\u0131 tavsiye diyoruz.<\/p>\n\n\n\n<p>Fazla uzatmadan&nbsp;<strong>\u00c7ekmek\u00f6y<\/strong> <strong>Kamp Alanlar\u0131 ve Karavan Alanlar\u0131<\/strong>&nbsp;listemize ge\u00e7elim.Bu arada listemizde yer almayan kamp alanlar\u0131 var ise l\u00fctfen yorumlar k\u0131sm\u0131ndan bizlerle payla\u015f\u0131n.<\/p>\n\n\n\n<hr class=\"wp-block-separator has-css-opacity is-style-wide\"\/>\n\n\n\n<h2 class=\"wp-block-heading\">1.\u00d6merli Baraj\u0131 Kamp Alan\u0131<\/h2>\n\n\n\n<figure class=\"wp-block-image size-large\"><img decoding=\"async\" width=\"824\" height=\"567\" data-src=\"https:\/\/geziyoo.co\/blog\/wp-content\/uploads\/2022\/03\/omerli-baraji-kamp.png\" alt=\"\u00c7ekmek\u00f6y Kamp Alanlar\u0131 ve Karavan Alanlar\u0131\" class=\"wp-image-9445 lazyload\" data-srcset=\"https:\/\/geziyoo.co\/blog\/wp-content\/uploads\/2022\/03\/omerli-baraji-kamp.png 824w, https:\/\/geziyoo.co\/blog\/wp-content\/uploads\/2022\/03\/omerli-baraji-kamp-300x206.png 300w, https:\/\/geziyoo.co\/blog\/wp-content\/uploads\/2022\/03\/omerli-baraji-kamp-768x528.png 768w, https:\/\/geziyoo.co\/blog\/wp-content\/uploads\/2022\/03\/omerli-baraji-kamp-220x150.png 220w\" data-sizes=\"(max-width: 824px) 100vw, 824px\" src=\"data:image\/gif;base64,R0lGODlhAQABAAAAACH5BAEKAAEALAAAAAABAAEAAAICTAEAOw==\" style=\"--smush-placeholder-width: 824px; --smush-placeholder-aspect-ratio: 824\/567;\" \/><\/figure>\n\n\n\n<p>\u00d6merli Baraj\u0131, do\u011fal g\u00fczellikleri ve temiz havas\u0131 ile kamp yapmak isteyenler i\u00e7in harika bir se\u00e7enek sunuyor. \u00c7ekmek\u00f6y&#8217;de yer alan bu kamp alan\u0131, etkileyici manzaras\u0131 ve sessiz ortam\u0131 ile dikkat \u00e7ekiyor. Do\u011fa y\u00fcr\u00fcy\u00fc\u015fleri ve olta bal\u0131k\u00e7\u0131l\u0131\u011f\u0131 gibi aktiviteler i\u00e7in ideal olan \u00d6merli Baraj\u0131, do\u011faseverlerin ilgisini \u00e7ekiyor.<\/p>\n\n\n\n<p>\u00d6merli Baraj\u0131 kamp alan\u0131na ula\u015f\u0131m i\u00e7in \u015fahsi arac\u0131n\u0131z\u0131n kullan\u0131lmas\u0131 gerekiyor, zira b\u00f6lgeye toplu ta\u015f\u0131ma ara\u00e7lar\u0131 ile ula\u015f\u0131m m\u00fcmk\u00fcn de\u011fil. Kamp alan\u0131nda, kontroll\u00fc \u015fekilde kamp ate\u015fi yakmak m\u00fcmk\u00fcn. Bu, \u00f6zellikle ak\u015famlar\u0131 \u00e7evreyi ayd\u0131nlatmak ve s\u0131cak bir atmosfer yaratmak i\u00e7in harika bir f\u0131rsat sunuyor. Kamp ekipmanlar\u0131n\u0131z\u0131 ve ate\u015f yakmak i\u00e7in gereken odunlar\u0131 \u015fahsi arac\u0131n\u0131zla getirebilir, keyifli bir kamp deneyimi ya\u015fayabilirsiniz.<\/p>\n\n\n\n<p>\u00d6merli Baraj\u0131 kamp alan\u0131 \u00e7evresinde herhangi bir \u00f6zel tesis veya i\u015fletme bulunmad\u0131\u011f\u0131ndan, g\u00fcnl\u00fck yeme-i\u00e7me, WC ve du\u015f ihtiya\u00e7lar\u0131n\u0131z\u0131 kendi imkanlar\u0131n\u0131zla kar\u015f\u0131laman\u0131z gerekecek. Bu nedenle, konaklama s\u00fcresince ihtiya\u00e7 duyabilece\u011finiz t\u00fcm ekipmanlar\u0131 ve malzemeleri yan\u0131n\u0131zda getirmeniz \u00f6nemli. \u00d6merli Baraj\u0131&#8217;n\u0131n sakin ve do\u011fal ortam\u0131nda, \u015fehir hayat\u0131ndan uzakla\u015fmak ve do\u011fan\u0131n tad\u0131n\u0131 \u00e7\u0131karmak i\u00e7in ideal bir yerdir.<\/p>\n\n\n\n<hr class=\"wp-block-separator has-css-opacity is-style-wide\"\/>\n\n\n\n<ul class=\"wp-block-list\">\n<li><strong>\u00d6merli Baraj\u0131 Kamp Alan\u0131&nbsp;Adres<\/strong>&nbsp;:&nbsp;&nbsp;\u00d6merli, Gaye Sk., 34799 \u00c7ekmek\u00f6y\/\u0130stanbul&nbsp;<strong><em><a href=\"https:\/\/www.google.com\/maps\/dir\/\/41.0619672,29.3578117\/@41.0619351,29.2877716,12z\">Yol Tarifi Al<\/a><\/em><\/strong><\/li>\n\n\n\n<li><strong>\u00d6merli Baraj\u0131 Kamp Alan\u0131 Bilgi Fiyatlar:<\/strong>Detayl\u0131 Bilgiler i\u00e7in&nbsp;<strong><a href=\"https:\/\/geziyoo.co\/listing\/omerli-baraji-kamp-alani\/\">\u00d6merli Baraj\u0131 Kamp Alan\u0131<\/a><\/strong>&nbsp;sayfas\u0131na bakabilirsiniz.<\/li>\n<\/ul>\n\n\n\n<hr class=\"wp-block-separator has-css-opacity is-style-wide\"\/>\n\n\n\n<h2 class=\"wp-block-heading\">2.Esenceli K\u00f6y\u00fc Kamp Alan\u0131<\/h2>\n\n\n\n<figure class=\"wp-block-image size-large\"><img decoding=\"async\" width=\"823\" height=\"564\" data-src=\"https:\/\/geziyoo.co\/blog\/wp-content\/uploads\/2022\/03\/esenceli-koyu.png\" alt=\"\" class=\"wp-image-9447 lazyload\" data-srcset=\"https:\/\/geziyoo.co\/blog\/wp-content\/uploads\/2022\/03\/esenceli-koyu.png 823w, https:\/\/geziyoo.co\/blog\/wp-content\/uploads\/2022\/03\/esenceli-koyu-300x206.png 300w, https:\/\/geziyoo.co\/blog\/wp-content\/uploads\/2022\/03\/esenceli-koyu-768x526.png 768w, https:\/\/geziyoo.co\/blog\/wp-content\/uploads\/2022\/03\/esenceli-koyu-220x150.png 220w\" data-sizes=\"(max-width: 823px) 100vw, 823px\" src=\"data:image\/gif;base64,R0lGODlhAQABAAAAACH5BAEKAAEALAAAAAABAAEAAAICTAEAOw==\" style=\"--smush-placeholder-width: 823px; --smush-placeholder-aspect-ratio: 823\/564;\" \/><\/figure>\n\n\n\n<p>Esenceli K\u00f6y\u00fc, do\u011fa ile ba\u015f ba\u015fa kalabilece\u011finiz, huzurlu ve sakin bir kamp alan\u0131 sunuyor. \u015eile merkezine yakla\u015f\u0131k 38 km mesafede bulunan bu kamp alan\u0131, \u00f6zellikle \u00d6merli Baraj\u0131&#8217;n\u0131n \u00e7evresinde yer almas\u0131yla dikkat \u00e7ekiyor.<\/p>\n\n\n\n<p>Kendi arac\u0131n\u0131zla kolayca ula\u015fabilece\u011finiz bu b\u00f6lge, geleneksel kamp deneyimlerini destekleyen ve do\u011fa g\u00fczellikleriyle zengin bir ortam sunuyor. Hem \u00e7ad\u0131r hem de karavan kamp\u0131 i\u00e7in uygun olan bu alan, \u00fccretsiz kamp yapmak isteyenler i\u00e7in ideal bir se\u00e7enek.<\/p>\n\n\n\n<p>Esenceli K\u00f6y\u00fc kamp alan\u0131, hafta sonlar\u0131 piknik yapmak isteyen \u015fehirliler taraf\u0131ndan yo\u011fun ilgi g\u00f6r\u00fcyor. E\u011fer daha sakin bir kamp deneyimi arzu ediyorsan\u0131z, hafta i\u00e7ini tercih etmek iyi bir fikir olabilir. Kamp alan\u0131 \u00e7evresinde g\u00fcnl\u00fck temel ihtiya\u00e7lar\u0131 kar\u015f\u0131layacak \u00f6zel bir i\u015fletme bulunmamakta, bu y\u00fczden yiyecek, i\u00e7ecek ve di\u011fer ihtiya\u00e7lar\u0131n\u0131z\u0131 kendiniz kar\u015f\u0131lamal\u0131s\u0131n\u0131z. Bu ihtiya\u00e7lar i\u00e7in Esenceli K\u00f6y\u00fc yak\u0131nlar\u0131ndaki b\u00fcfe ve marketlerden al\u0131\u015fveri\u015f yapabilir, yiyeceklerinizi evden getirebilir ya da portatif kamp ekipmanlar\u0131 kullanabilirsiniz.<\/p>\n\n\n\n<p>Esenceli K\u00f6y\u00fc&#8217;n\u00fcn muhte\u015fem havas\u0131 ve do\u011fal g\u00fczellikleri, \u015fehir karma\u015fas\u0131ndan uzak, huzurlu ve unutulmaz bir kamp deneyimi ya\u015faman\u0131za olanak tan\u0131r. Kendi imkanlar\u0131n\u0131zla haz\u0131rl\u0131kl\u0131 gelerek bu do\u011fal cennette sakin ve keyifli zaman ge\u00e7irebilirsiniz.<\/p>\n\n\n\n<hr class=\"wp-block-separator has-css-opacity is-style-wide\"\/>\n\n\n\n<ul class=\"wp-block-list\">\n<li><strong>Esenceli K\u00f6y\u00fc Kamp Alan\u0131&nbsp;Adres<\/strong>&nbsp;:&nbsp;&nbsp;\u00d6merli, Gaye Sk., 34799 \u00c7ekmek\u00f6y\/\u0130stanbul&nbsp;<strong><em><a href=\"https:\/\/www.google.com\/maps?daddr=41.053461844797425,29.39534979097539\">Yol Tarifi Al<\/a><\/em><\/strong><\/li>\n\n\n\n<li><strong>Esenceli K\u00f6y\u00fc Kamp Alan\u0131 Bilgi Fiyatlar:<\/strong>Detayl\u0131 Bilgiler i\u00e7in&nbsp;<strong><a href=\"https:\/\/geziyoo.co\/listing\/esenceli-koyu-kamp-alani\/\">Esenceli K\u00f6y\u00fc<\/a><\/strong>&nbsp;sayfas\u0131na bakabilirsiniz.<\/li>\n<\/ul>\n\n\n\n<hr class=\"wp-block-separator has-alpha-channel-opacity is-style-wide\"\/>\n\n\n\n<p><strong><em>\u00c7ekmek\u00f6y Kamp Alanlar\u0131 ve Karavan Alanlar\u0131<\/em><\/strong>&nbsp;listemizin sonuna geldik. Listemiz s\u00fcrekli olarak g\u00fcncellenmektedir. Sizler de katk\u0131 yaparak listemizin daha da artmas\u0131na vesile olabilirsiniz.K\u0131y\u0131da k\u00f6\u015fede kalm\u0131\u015f Kamp Alanlar\u0131 \u00f6nerilerinizi bekliyoruz.<\/p>\n\n\n\n<hr class=\"wp-block-separator has-css-opacity is-style-wide\"\/>\n\n\n\n<h3 class=\"wp-block-heading\">Bunlar\u0131 da Sevebilirsiniz;<\/h3>\n\n\n<ul class=\"wp-block-latest-posts__list wp-block-latest-posts\"><li><a class=\"wp-block-latest-posts__post-title\" href=\"https:\/\/geziyoo.co\/blog\/yurt-disinda-cocuklarin-egitimi-ebeveynler-formaliteler-yuzunden-nerede-para-kaybediyor\/\">Yurt d\u0131\u015f\u0131nda \u00e7ocuklar\u0131n e\u011fitimi: Ebeveynler formaliteler y\u00fcz\u00fcnden nerede para kaybediyor?<\/a><\/li>\n<li><a class=\"wp-block-latest-posts__post-title\" href=\"https:\/\/geziyoo.co\/blog\/gezerken-ne-giyilir\/\">Gezerken Ne Giyilir? Mevsim Ge\u00e7i\u015fleri ve Yaz Tatilleri \u0130\u00e7in Pratik Kombin Rehberi<\/a><\/li>\n<li><a class=\"wp-block-latest-posts__post-title\" href=\"https:\/\/geziyoo.co\/blog\/2026-resmi-tatilleri-ve-14-gune-43-gun\/\">Ajandalar Haz\u0131rlans\u0131n! 2026 Resmi Tatilleri ve &#8220;14 G\u00fcne 43 G\u00fcn&#8221; Form\u00fcl\u00fc G\u00fcndemde<\/a><\/li>\n<\/ul>","protected":false},"excerpt":{"rendered":"<p>\u00c7ekmek\u00f6y, Kuzey Marmara Otoyolu ve \u015eile Otoyolu&#8217;nun kesi\u015fiminde, \u0130stanbul&#8217;un ci\u011ferleri say\u0131lan ormanlar\u0131n ba\u015flad\u0131\u011f\u0131 noktad\u0131r. \u0130l\u00e7ede &#8220;g\u00f6l kenar\u0131&#8221; denildi\u011finde akla gelen tek ve en b\u00fcy\u00fck adres, s\u0131n\u0131r kom\u015fusu olan \u00d6merli Baraj\u0131&#8217;n\u0131n k\u0131y\u0131lar\u0131d\u0131r. \u00d6zellikle Esenceli K\u00f6y\u00fc taraf\u0131, yar\u0131mada \u015feklindeki yap\u0131s\u0131yla kamp\u00e7\u0131lara \u0130svi\u00e7re g\u00f6llerini aratmayan manzaralar sunar. B\u00f6lge tamamen do\u011fal (bakir) oldu\u011fu i\u00e7in &#8220;Tuvalet var m\u0131?&#8221;, &#8220;G\u00fcvenlik var &hellip;<\/p>\n","protected":false},"author":1,"featured_media":15399,"comment_status":"open","ping_status":"closed","sticky":false,"template":"","format":"standard","meta":{"footnotes":""},"categories":[589,23],"tags":[],"class_list":["post-15398","post","type-post","status-publish","format-standard","has-post-thumbnail","hentry","category-kamp1","category-kamp-kamp-alanlari"],"yoast_head":"<!-- This site is optimized with the Yoast SEO plugin v26.9 - https:\/\/yoast.com\/product\/yoast-seo-wordpress\/ -->\n<title>\u00c7ekmek\u00f6y\u2019de G\u00f6l Kenar\u0131 \u00dccretsiz Kamp Alanlar\u0131: \u00d6merli ve Esenceli | Geziyoo<\/title>\n<meta name=\"description\" content=\"\u00c7ekmek\u00f6y Kamp Alanlar\u0131 ve Karavan Alanlar\u0131 i\u00e7eri\u011fin de \u0130stanbul \u00c7ekmek\u00f6y&#039;de Kamp Yapabilece\u011finiz \u00fccretli ve \u00fccretsiz kamp alanlar\u0131n\u0131 derledik\" \/>\n<meta name=\"robots\" content=\"index, follow, max-snippet:-1, max-image-preview:large, max-video-preview:-1\" \/>\n<link rel=\"canonical\" href=\"https:\/\/geziyoo.co\/blog\/cekmekoy-kamp-alanlari-ve-karavan-alanlari\/\" \/>\n<meta property=\"og:locale\" content=\"tr_TR\" \/>\n<meta property=\"og:type\" content=\"article\" \/>\n<meta property=\"og:title\" content=\"\u00c7ekmek\u00f6y\u2019de G\u00f6l Kenar\u0131 \u00dccretsiz Kamp Alanlar\u0131: \u00d6merli ve Esenceli | Geziyoo\" \/>\n<meta property=\"og:description\" content=\"\u00c7ekmek\u00f6y Kamp Alanlar\u0131 ve Karavan Alanlar\u0131 i\u00e7eri\u011fin de \u0130stanbul \u00c7ekmek\u00f6y&#039;de Kamp Yapabilece\u011finiz \u00fccretli ve \u00fccretsiz kamp alanlar\u0131n\u0131 derledik\" \/>\n<meta property=\"og:url\" content=\"https:\/\/geziyoo.co\/blog\/cekmekoy-kamp-alanlari-ve-karavan-alanlari\/\" \/>\n<meta property=\"og:site_name\" content=\"Geziyoo.co\" \/>\n<meta property=\"article:publisher\" content=\"https:\/\/www.facebook.com\/Geziyooco\" \/>\n<meta property=\"article:author\" content=\"https:\/\/www.facebook.com\/geziyoo.co\" \/>\n<meta property=\"article:published_time\" content=\"2023-11-25T12:22:53+00:00\" \/>\n<meta property=\"article:modified_time\" content=\"2026-01-30T12:37:28+00:00\" \/>\n<meta property=\"og:image\" content=\"https:\/\/geziyoo.co\/blog\/wp-content\/uploads\/2023\/11\/Cekmekoy-Kamp-Alanlari-ve-Karavan-Alanlari.webp\" \/>\n\t<meta property=\"og:image:width\" content=\"1200\" \/>\n\t<meta property=\"og:image:height\" content=\"900\" \/>\n\t<meta property=\"og:image:type\" content=\"image\/webp\" \/>\n<meta name=\"author\" content=\"Geziyoo\" \/>\n<meta name=\"twitter:card\" content=\"summary_large_image\" \/>\n<meta name=\"twitter:creator\" content=\"@https:\/\/twitter.com\/geziyoo\" \/>\n<meta name=\"twitter:site\" content=\"@geziyoo\" \/>\n<meta name=\"twitter:label1\" content=\"Yazan:\" \/>\n\t<meta name=\"twitter:data1\" content=\"Geziyoo\" \/>\n\t<meta name=\"twitter:label2\" content=\"Tahmini okuma s\u00fcresi\" \/>\n\t<meta name=\"twitter:data2\" content=\"5 dakika\" \/>\n<script type=\"application\/ld+json\" class=\"yoast-schema-graph\">{\"@context\":\"https:\/\/schema.org\",\"@graph\":[{\"@type\":\"Article\",\"@id\":\"https:\/\/geziyoo.co\/blog\/cekmekoy-kamp-alanlari-ve-karavan-alanlari\/#article\",\"isPartOf\":{\"@id\":\"https:\/\/geziyoo.co\/blog\/cekmekoy-kamp-alanlari-ve-karavan-alanlari\/\"},\"author\":{\"name\":\"Geziyoo\",\"@id\":\"https:\/\/geziyoo.co\/blog\/#\/schema\/person\/032acb2436540ed14784e7d978aef0e4\"},\"headline\":\"\u00c7ekmek\u00f6y ve \u00c7evresi G\u00f6l Kenar\u0131 \u00dccretsiz Kamp Noktalar\u0131\",\"datePublished\":\"2023-11-25T12:22:53+00:00\",\"dateModified\":\"2026-01-30T12:37:28+00:00\",\"mainEntityOfPage\":{\"@id\":\"https:\/\/geziyoo.co\/blog\/cekmekoy-kamp-alanlari-ve-karavan-alanlari\/\"},\"wordCount\":933,\"commentCount\":0,\"publisher\":{\"@id\":\"https:\/\/geziyoo.co\/blog\/#organization\"},\"image\":{\"@id\":\"https:\/\/geziyoo.co\/blog\/cekmekoy-kamp-alanlari-ve-karavan-alanlari\/#primaryimage\"},\"thumbnailUrl\":\"https:\/\/geziyoo.co\/blog\/wp-content\/uploads\/2023\/11\/Cekmekoy-Kamp-Alanlari-ve-Karavan-Alanlari.webp\",\"articleSection\":[\"Kamp\",\"Kamp Alanlar\u0131\"],\"inLanguage\":\"tr\",\"potentialAction\":[{\"@type\":\"CommentAction\",\"name\":\"Comment\",\"target\":[\"https:\/\/geziyoo.co\/blog\/cekmekoy-kamp-alanlari-ve-karavan-alanlari\/#respond\"]}]},{\"@type\":\"WebPage\",\"@id\":\"https:\/\/geziyoo.co\/blog\/cekmekoy-kamp-alanlari-ve-karavan-alanlari\/\",\"url\":\"https:\/\/geziyoo.co\/blog\/cekmekoy-kamp-alanlari-ve-karavan-alanlari\/\",\"name\":\"\u00c7ekmek\u00f6y\u2019de G\u00f6l Kenar\u0131 \u00dccretsiz Kamp Alanlar\u0131: \u00d6merli ve Esenceli | Geziyoo\",\"isPartOf\":{\"@id\":\"https:\/\/geziyoo.co\/blog\/#website\"},\"primaryImageOfPage\":{\"@id\":\"https:\/\/geziyoo.co\/blog\/cekmekoy-kamp-alanlari-ve-karavan-alanlari\/#primaryimage\"},\"image\":{\"@id\":\"https:\/\/geziyoo.co\/blog\/cekmekoy-kamp-alanlari-ve-karavan-alanlari\/#primaryimage\"},\"thumbnailUrl\":\"https:\/\/geziyoo.co\/blog\/wp-content\/uploads\/2023\/11\/Cekmekoy-Kamp-Alanlari-ve-Karavan-Alanlari.webp\",\"datePublished\":\"2023-11-25T12:22:53+00:00\",\"dateModified\":\"2026-01-30T12:37:28+00:00\",\"description\":\"\u00c7ekmek\u00f6y Kamp Alanlar\u0131 ve Karavan Alanlar\u0131 i\u00e7eri\u011fin de \u0130stanbul \u00c7ekmek\u00f6y'de Kamp Yapabilece\u011finiz \u00fccretli ve \u00fccretsiz kamp alanlar\u0131n\u0131 derledik\",\"breadcrumb\":{\"@id\":\"https:\/\/geziyoo.co\/blog\/cekmekoy-kamp-alanlari-ve-karavan-alanlari\/#breadcrumb\"},\"inLanguage\":\"tr\",\"potentialAction\":[{\"@type\":\"ReadAction\",\"target\":[\"https:\/\/geziyoo.co\/blog\/cekmekoy-kamp-alanlari-ve-karavan-alanlari\/\"]}]},{\"@type\":\"ImageObject\",\"inLanguage\":\"tr\",\"@id\":\"https:\/\/geziyoo.co\/blog\/cekmekoy-kamp-alanlari-ve-karavan-alanlari\/#primaryimage\",\"url\":\"https:\/\/geziyoo.co\/blog\/wp-content\/uploads\/2023\/11\/Cekmekoy-Kamp-Alanlari-ve-Karavan-Alanlari.webp\",\"contentUrl\":\"https:\/\/geziyoo.co\/blog\/wp-content\/uploads\/2023\/11\/Cekmekoy-Kamp-Alanlari-ve-Karavan-Alanlari.webp\",\"width\":1200,\"height\":900},{\"@type\":\"BreadcrumbList\",\"@id\":\"https:\/\/geziyoo.co\/blog\/cekmekoy-kamp-alanlari-ve-karavan-alanlari\/#breadcrumb\",\"itemListElement\":[{\"@type\":\"ListItem\",\"position\":1,\"name\":\"Ana sayfa\",\"item\":\"https:\/\/geziyoo.co\/blog\/\"},{\"@type\":\"ListItem\",\"position\":2,\"name\":\"\u00c7ekmek\u00f6y ve \u00c7evresi G\u00f6l Kenar\u0131 \u00dccretsiz Kamp Noktalar\u0131\"}]},{\"@type\":\"WebSite\",\"@id\":\"https:\/\/geziyoo.co\/blog\/#website\",\"url\":\"https:\/\/geziyoo.co\/blog\/\",\"name\":\"Geziyoo Blog\",\"description\":\"GeziYoo Blog&#039;da T\u00fcrkiye&#039;nin en iyi kamp alanlar\u0131ndan bungalov tatillerine, karavan ipu\u00e7lar\u0131ndan gezi rehberlerine kadar her t\u00fcrl\u00fc do\u011fa deneyimini ke\u015ffedin.\",\"publisher\":{\"@id\":\"https:\/\/geziyoo.co\/blog\/#organization\"},\"potentialAction\":[{\"@type\":\"SearchAction\",\"target\":{\"@type\":\"EntryPoint\",\"urlTemplate\":\"https:\/\/geziyoo.co\/blog\/?s={search_term_string}\"},\"query-input\":{\"@type\":\"PropertyValueSpecification\",\"valueRequired\":true,\"valueName\":\"search_term_string\"}}],\"inLanguage\":\"tr\"},{\"@type\":\"Organization\",\"@id\":\"https:\/\/geziyoo.co\/blog\/#organization\",\"name\":\"Geziyoo.co\",\"url\":\"https:\/\/geziyoo.co\/blog\/\",\"logo\":{\"@type\":\"ImageObject\",\"inLanguage\":\"tr\",\"@id\":\"https:\/\/geziyoo.co\/blog\/#\/schema\/logo\/image\/\",\"url\":\"https:\/\/geziyoo.co\/blog\/wp-content\/uploads\/2025\/01\/Paragraf-metniniz-3.png\",\"contentUrl\":\"https:\/\/geziyoo.co\/blog\/wp-content\/uploads\/2025\/01\/Paragraf-metniniz-3.png\",\"width\":270,\"height\":50,\"caption\":\"Geziyoo.co\"},\"image\":{\"@id\":\"https:\/\/geziyoo.co\/blog\/#\/schema\/logo\/image\/\"},\"sameAs\":[\"https:\/\/www.facebook.com\/Geziyooco\",\"https:\/\/x.com\/geziyoo\",\"https:\/\/tr.pinterest.com\/geziyooco\/\",\"https:\/\/www.youtube.com\/@geziyoo\",\"https:\/\/www.instagram.com\/geziyoo.co\/\"]},{\"@type\":\"Person\",\"@id\":\"https:\/\/geziyoo.co\/blog\/#\/schema\/person\/032acb2436540ed14784e7d978aef0e4\",\"name\":\"Geziyoo\",\"image\":{\"@type\":\"ImageObject\",\"inLanguage\":\"tr\",\"@id\":\"https:\/\/geziyoo.co\/blog\/#\/schema\/person\/image\/\",\"url\":\"https:\/\/secure.gravatar.com\/avatar\/ae212a4514471fdb8cab6e5af4f3c99b940a2d0a16713ea0392c8d7c8a64f30a?s=96&d=mm&r=g\",\"contentUrl\":\"https:\/\/secure.gravatar.com\/avatar\/ae212a4514471fdb8cab6e5af4f3c99b940a2d0a16713ea0392c8d7c8a64f30a?s=96&d=mm&r=g\",\"caption\":\"Geziyoo\"},\"description\":\"Do\u011fa ile i\u00e7 i\u00e7e olabilece\u011finiz yerler,do\u011fa aktivite alanlar\u0131,kamp alanlar\u0131,bungalov oteller,Tiny House Oteller, Galampingler ve da\u011f evlerinin herkes i\u00e7in ula\u015f\u0131labilir olmas\u0131n\u0131 sa\u011flamak amac\u0131yla Geziyoo\u2019ya 2019 y\u0131l\u0131nda ba\u015flad\u0131k.Do\u011fal Tatil konseptini uygulayan en geni\u015f kapsaml\u0131 sitedir.\",\"sameAs\":[\"https:\/\/geziyoo.co\/\",\"https:\/\/www.facebook.com\/geziyoo.co\",\"https:\/\/www.instagram.com\/geziyoo.co\/\",\"https:\/\/tr.pinterest.com\/geziyooco\/\",\"https:\/\/x.com\/https:\/\/twitter.com\/geziyoo\",\"https:\/\/www.youtube.com\/channel\/UCdiSMa6pe17KEY7DP1Ug4ag\"]}]}<\/script>\n<!-- \/ Yoast SEO plugin. -->","yoast_head_json":{"title":"\u00c7ekmek\u00f6y\u2019de G\u00f6l Kenar\u0131 \u00dccretsiz Kamp Alanlar\u0131: \u00d6merli ve Esenceli | Geziyoo","description":"\u00c7ekmek\u00f6y Kamp Alanlar\u0131 ve Karavan Alanlar\u0131 i\u00e7eri\u011fin de \u0130stanbul \u00c7ekmek\u00f6y'de Kamp Yapabilece\u011finiz \u00fccretli ve \u00fccretsiz kamp alanlar\u0131n\u0131 derledik","robots":{"index":"index","follow":"follow","max-snippet":"max-snippet:-1","max-image-preview":"max-image-preview:large","max-video-preview":"max-video-preview:-1"},"canonical":"https:\/\/geziyoo.co\/blog\/cekmekoy-kamp-alanlari-ve-karavan-alanlari\/","og_locale":"tr_TR","og_type":"article","og_title":"\u00c7ekmek\u00f6y\u2019de G\u00f6l Kenar\u0131 \u00dccretsiz Kamp Alanlar\u0131: \u00d6merli ve Esenceli | Geziyoo","og_description":"\u00c7ekmek\u00f6y Kamp Alanlar\u0131 ve Karavan Alanlar\u0131 i\u00e7eri\u011fin de \u0130stanbul \u00c7ekmek\u00f6y'de Kamp Yapabilece\u011finiz \u00fccretli ve \u00fccretsiz kamp alanlar\u0131n\u0131 derledik","og_url":"https:\/\/geziyoo.co\/blog\/cekmekoy-kamp-alanlari-ve-karavan-alanlari\/","og_site_name":"Geziyoo.co","article_publisher":"https:\/\/www.facebook.com\/Geziyooco","article_author":"https:\/\/www.facebook.com\/geziyoo.co","article_published_time":"2023-11-25T12:22:53+00:00","article_modified_time":"2026-01-30T12:37:28+00:00","og_image":[{"width":1200,"height":900,"url":"https:\/\/geziyoo.co\/blog\/wp-content\/uploads\/2023\/11\/Cekmekoy-Kamp-Alanlari-ve-Karavan-Alanlari.webp","type":"image\/webp"}],"author":"Geziyoo","twitter_card":"summary_large_image","twitter_creator":"@https:\/\/twitter.com\/geziyoo","twitter_site":"@geziyoo","twitter_misc":{"Yazan:":"Geziyoo","Tahmini okuma s\u00fcresi":"5 dakika"},"schema":{"@context":"https:\/\/schema.org","@graph":[{"@type":"Article","@id":"https:\/\/geziyoo.co\/blog\/cekmekoy-kamp-alanlari-ve-karavan-alanlari\/#article","isPartOf":{"@id":"https:\/\/geziyoo.co\/blog\/cekmekoy-kamp-alanlari-ve-karavan-alanlari\/"},"author":{"name":"Geziyoo","@id":"https:\/\/geziyoo.co\/blog\/#\/schema\/person\/032acb2436540ed14784e7d978aef0e4"},"headline":"\u00c7ekmek\u00f6y ve \u00c7evresi G\u00f6l Kenar\u0131 \u00dccretsiz Kamp Noktalar\u0131","datePublished":"2023-11-25T12:22:53+00:00","dateModified":"2026-01-30T12:37:28+00:00","mainEntityOfPage":{"@id":"https:\/\/geziyoo.co\/blog\/cekmekoy-kamp-alanlari-ve-karavan-alanlari\/"},"wordCount":933,"commentCount":0,"publisher":{"@id":"https:\/\/geziyoo.co\/blog\/#organization"},"image":{"@id":"https:\/\/geziyoo.co\/blog\/cekmekoy-kamp-alanlari-ve-karavan-alanlari\/#primaryimage"},"thumbnailUrl":"https:\/\/geziyoo.co\/blog\/wp-content\/uploads\/2023\/11\/Cekmekoy-Kamp-Alanlari-ve-Karavan-Alanlari.webp","articleSection":["Kamp","Kamp Alanlar\u0131"],"inLanguage":"tr","potentialAction":[{"@type":"CommentAction","name":"Comment","target":["https:\/\/geziyoo.co\/blog\/cekmekoy-kamp-alanlari-ve-karavan-alanlari\/#respond"]}]},{"@type":"WebPage","@id":"https:\/\/geziyoo.co\/blog\/cekmekoy-kamp-alanlari-ve-karavan-alanlari\/","url":"https:\/\/geziyoo.co\/blog\/cekmekoy-kamp-alanlari-ve-karavan-alanlari\/","name":"\u00c7ekmek\u00f6y\u2019de G\u00f6l Kenar\u0131 \u00dccretsiz Kamp Alanlar\u0131: \u00d6merli ve Esenceli | Geziyoo","isPartOf":{"@id":"https:\/\/geziyoo.co\/blog\/#website"},"primaryImageOfPage":{"@id":"https:\/\/geziyoo.co\/blog\/cekmekoy-kamp-alanlari-ve-karavan-alanlari\/#primaryimage"},"image":{"@id":"https:\/\/geziyoo.co\/blog\/cekmekoy-kamp-alanlari-ve-karavan-alanlari\/#primaryimage"},"thumbnailUrl":"https:\/\/geziyoo.co\/blog\/wp-content\/uploads\/2023\/11\/Cekmekoy-Kamp-Alanlari-ve-Karavan-Alanlari.webp","datePublished":"2023-11-25T12:22:53+00:00","dateModified":"2026-01-30T12:37:28+00:00","description":"\u00c7ekmek\u00f6y Kamp Alanlar\u0131 ve Karavan Alanlar\u0131 i\u00e7eri\u011fin de \u0130stanbul \u00c7ekmek\u00f6y'de Kamp Yapabilece\u011finiz \u00fccretli ve \u00fccretsiz kamp alanlar\u0131n\u0131 derledik","breadcrumb":{"@id":"https:\/\/geziyoo.co\/blog\/cekmekoy-kamp-alanlari-ve-karavan-alanlari\/#breadcrumb"},"inLanguage":"tr","potentialAction":[{"@type":"ReadAction","target":["https:\/\/geziyoo.co\/blog\/cekmekoy-kamp-alanlari-ve-karavan-alanlari\/"]}]},{"@type":"ImageObject","inLanguage":"tr","@id":"https:\/\/geziyoo.co\/blog\/cekmekoy-kamp-alanlari-ve-karavan-alanlari\/#primaryimage","url":"https:\/\/geziyoo.co\/blog\/wp-content\/uploads\/2023\/11\/Cekmekoy-Kamp-Alanlari-ve-Karavan-Alanlari.webp","contentUrl":"https:\/\/geziyoo.co\/blog\/wp-content\/uploads\/2023\/11\/Cekmekoy-Kamp-Alanlari-ve-Karavan-Alanlari.webp","width":1200,"height":900},{"@type":"BreadcrumbList","@id":"https:\/\/geziyoo.co\/blog\/cekmekoy-kamp-alanlari-ve-karavan-alanlari\/#breadcrumb","itemListElement":[{"@type":"ListItem","position":1,"name":"Ana sayfa","item":"https:\/\/geziyoo.co\/blog\/"},{"@type":"ListItem","position":2,"name":"\u00c7ekmek\u00f6y ve \u00c7evresi G\u00f6l Kenar\u0131 \u00dccretsiz Kamp Noktalar\u0131"}]},{"@type":"WebSite","@id":"https:\/\/geziyoo.co\/blog\/#website","url":"https:\/\/geziyoo.co\/blog\/","name":"Geziyoo Blog","description":"GeziYoo Blog&#039;da T\u00fcrkiye&#039;nin en iyi kamp alanlar\u0131ndan bungalov tatillerine, karavan ipu\u00e7lar\u0131ndan gezi rehberlerine kadar her t\u00fcrl\u00fc do\u011fa deneyimini ke\u015ffedin.","publisher":{"@id":"https:\/\/geziyoo.co\/blog\/#organization"},"potentialAction":[{"@type":"SearchAction","target":{"@type":"EntryPoint","urlTemplate":"https:\/\/geziyoo.co\/blog\/?s={search_term_string}"},"query-input":{"@type":"PropertyValueSpecification","valueRequired":true,"valueName":"search_term_string"}}],"inLanguage":"tr"},{"@type":"Organization","@id":"https:\/\/geziyoo.co\/blog\/#organization","name":"Geziyoo.co","url":"https:\/\/geziyoo.co\/blog\/","logo":{"@type":"ImageObject","inLanguage":"tr","@id":"https:\/\/geziyoo.co\/blog\/#\/schema\/logo\/image\/","url":"https:\/\/geziyoo.co\/blog\/wp-content\/uploads\/2025\/01\/Paragraf-metniniz-3.png","contentUrl":"https:\/\/geziyoo.co\/blog\/wp-content\/uploads\/2025\/01\/Paragraf-metniniz-3.png","width":270,"height":50,"caption":"Geziyoo.co"},"image":{"@id":"https:\/\/geziyoo.co\/blog\/#\/schema\/logo\/image\/"},"sameAs":["https:\/\/www.facebook.com\/Geziyooco","https:\/\/x.com\/geziyoo","https:\/\/tr.pinterest.com\/geziyooco\/","https:\/\/www.youtube.com\/@geziyoo","https:\/\/www.instagram.com\/geziyoo.co\/"]},{"@type":"Person","@id":"https:\/\/geziyoo.co\/blog\/#\/schema\/person\/032acb2436540ed14784e7d978aef0e4","name":"Geziyoo","image":{"@type":"ImageObject","inLanguage":"tr","@id":"https:\/\/geziyoo.co\/blog\/#\/schema\/person\/image\/","url":"https:\/\/secure.gravatar.com\/avatar\/ae212a4514471fdb8cab6e5af4f3c99b940a2d0a16713ea0392c8d7c8a64f30a?s=96&d=mm&r=g","contentUrl":"https:\/\/secure.gravatar.com\/avatar\/ae212a4514471fdb8cab6e5af4f3c99b940a2d0a16713ea0392c8d7c8a64f30a?s=96&d=mm&r=g","caption":"Geziyoo"},"description":"Do\u011fa ile i\u00e7 i\u00e7e olabilece\u011finiz yerler,do\u011fa aktivite alanlar\u0131,kamp alanlar\u0131,bungalov oteller,Tiny House Oteller, Galampingler ve da\u011f evlerinin herkes i\u00e7in ula\u015f\u0131labilir olmas\u0131n\u0131 sa\u011flamak amac\u0131yla Geziyoo\u2019ya 2019 y\u0131l\u0131nda ba\u015flad\u0131k.Do\u011fal Tatil konseptini uygulayan en geni\u015f kapsaml\u0131 sitedir.","sameAs":["https:\/\/geziyoo.co\/","https:\/\/www.facebook.com\/geziyoo.co","https:\/\/www.instagram.com\/geziyoo.co\/","https:\/\/tr.pinterest.com\/geziyooco\/","https:\/\/x.com\/https:\/\/twitter.com\/geziyoo","https:\/\/www.youtube.com\/channel\/UCdiSMa6pe17KEY7DP1Ug4ag"]}]}},"amp_enabled":true,"_links":{"self":[{"href":"https:\/\/geziyoo.co\/blog\/wp-json\/wp\/v2\/posts\/15398","targetHints":{"allow":["GET"]}}],"collection":[{"href":"https:\/\/geziyoo.co\/blog\/wp-json\/wp\/v2\/posts"}],"about":[{"href":"https:\/\/geziyoo.co\/blog\/wp-json\/wp\/v2\/types\/post"}],"author":[{"embeddable":true,"href":"https:\/\/geziyoo.co\/blog\/wp-json\/wp\/v2\/users\/1"}],"replies":[{"embeddable":true,"href":"https:\/\/geziyoo.co\/blog\/wp-json\/wp\/v2\/comments?post=15398"}],"version-history":[{"count":0,"href":"https:\/\/geziyoo.co\/blog\/wp-json\/wp\/v2\/posts\/15398\/revisions"}],"wp:featuredmedia":[{"embeddable":true,"href":"https:\/\/geziyoo.co\/blog\/wp-json\/wp\/v2\/media\/15399"}],"wp:attachment":[{"href":"https:\/\/geziyoo.co\/blog\/wp-json\/wp\/v2\/media?parent=15398"}],"wp:term":[{"taxonomy":"category","embeddable":true,"href":"https:\/\/geziyoo.co\/blog\/wp-json\/wp\/v2\/categories?post=15398"},{"taxonomy":"post_tag","embeddable":true,"href":"https:\/\/geziyoo.co\/blog\/wp-json\/wp\/v2\/tags?post=15398"}],"curies":[{"name":"wp","href":"https:\/\/api.w.org\/{rel}","templated":true}]}}