{"id":13591,"date":"2023-07-20T09:28:55","date_gmt":"2023-07-20T09:28:55","guid":{"rendered":"https:\/\/geziyoo.co\/blog\/?p=13591"},"modified":"2026-01-23T14:07:38","modified_gmt":"2026-01-23T14:07:38","slug":"karavan-kiralayan-firmalar-ve-internet-siteler","status":"publish","type":"post","link":"https:\/\/geziyoo.co\/blog\/karavan-kiralayan-firmalar-ve-internet-siteler\/","title":{"rendered":"Karavan Kiralayan Firmalar ve Siteler (G\u00fcncel 2026)"},"content":{"rendered":"\n<p><strong><em>Karavan Kiralayan Firmalar i\u00e7eri\u011fimizden merhabalar bu i\u00e7eri\u011fimizde nereden ve hangi firmalardan karavan kiralayabilece\u011finizi aktard\u0131k.<\/em><\/strong><\/p>\n\n\n\n<p>Karavan kiralama hizmetleri, pandeminin patlak vermesiyle birlikte hayat\u0131m\u0131za h\u0131zl\u0131 bir giri\u015f yapt\u0131. Her ge\u00e7en g\u00fcn b\u00fcy\u00fcyen bu sekt\u00f6r, bir\u00e7ok soruyu da beraberinde getiriyor. <\/p>\n\n\n\n<p>Bu i\u00e7eri\u011fimizde karavan kiralaman\u0131n nas\u0131l yap\u0131ld\u0131\u011f\u0131 ve karavan kiralarken hangi s\u0131n\u0131f ehliyete ihtiya\u00e7 duyuldu\u011fu gibi konulara odaklanaca\u011f\u0131z. <\/p>\n\n\n\n<p>Ayr\u0131ca \u0130zmir, Ankara ve \u0130stanbul gibi T\u00fcrkiye&#8217;nin bir\u00e7ok \u015fehrindeki karavan kiralama firmalar\u0131n\u0131 da inceleyebilirsiniz.<\/p>\n\n\n\n<blockquote class=\"wp-block-quote quote-solid is-layout-flow wp-block-quote quote-solid-is-layout-flow\">\n<p>Karavan Kiralamadan \u00f6nce mutlaka <strong><em><a href=\"https:\/\/geziyoo.co\/blog\/karavan-kiralama-hakkinda-bilinmesi-gerekenler\/\" data-type=\"post\" data-id=\"5615\">KARAVAN K\u0130RALAMA REHBER\u0130<\/a><\/em><\/strong> sayfam\u0131za bakman\u0131z\u0131 \u00f6neriyoruz.Ya\u015fabilece\u011finiz hatalar\u0131n ve sorunlar\u0131n \u00f6n\u00fcne ge\u00e7menize yard\u0131mc\u0131 olacakt\u0131r<\/p>\n<\/blockquote>\n\n\n\n<hr class=\"wp-block-separator has-alpha-channel-opacity is-style-wide\"\/>\n\n\n\n<h2 class=\"wp-block-heading\">Karavan kiralama a\u015famalar\u0131 neler?<\/h2>\n\n\n\n<figure class=\"wp-block-image size-large\"><img decoding=\"async\" width=\"1024\" height=\"576\" data-src=\"https:\/\/geziyoo.co\/blog\/wp-content\/uploads\/2023\/06\/Volkswagen-Transporter-Karavan-4-1024x576.jpg\" alt=\"Karavan Kiralayan Firmalar\" class=\"wp-image-13080 lazyload\" data-srcset=\"https:\/\/geziyoo.co\/blog\/wp-content\/uploads\/2023\/06\/Volkswagen-Transporter-Karavan-4-1024x576.jpg 1024w, https:\/\/geziyoo.co\/blog\/wp-content\/uploads\/2023\/06\/Volkswagen-Transporter-Karavan-4-300x169.jpg 300w, https:\/\/geziyoo.co\/blog\/wp-content\/uploads\/2023\/06\/Volkswagen-Transporter-Karavan-4-768x432.jpg 768w, https:\/\/geziyoo.co\/blog\/wp-content\/uploads\/2023\/06\/Volkswagen-Transporter-Karavan-4-390x220.jpg 390w, https:\/\/geziyoo.co\/blog\/wp-content\/uploads\/2023\/06\/Volkswagen-Transporter-Karavan-4-scaled.jpg 1200w\" data-sizes=\"(max-width: 1024px) 100vw, 1024px\" src=\"data:image\/gif;base64,R0lGODlhAQABAAAAACH5BAEKAAEALAAAAAABAAEAAAICTAEAOw==\" style=\"--smush-placeholder-width: 1024px; --smush-placeholder-aspect-ratio: 1024\/576;\" \/><\/figure>\n\n\n\n<p>Karavan kiralamadan \u00f6nce yapman\u0131z gereken \u015feyler bulunmakta.A\u015fa\u011f\u0131 k\u0131s\u0131mda bunlar\u0131 sizler i\u00e7in a\u00e7\u0131klamaya \u00e7al\u0131\u015ft\u0131k.<\/p>\n\n\n\n<h3 class=\"wp-block-heading\"><strong>Ara\u015ft\u0131rma<\/strong><\/h3>\n\n\n\n<p>\u0130lk olarak, karavan kiralama se\u00e7eneklerini ara\u015ft\u0131rman\u0131z \u00f6nemlidir. \u0130nternet \u00fczerinden karavan kiralama firmalar\u0131n\u0131 ve m\u00fc\u015fteri yorumlar\u0131n\u0131 inceleyebilirsiniz.<\/p>\n\n\n\n<h3 class=\"wp-block-heading\"><strong>Karavan Se\u00e7imi<\/strong><\/h3>\n\n\n\n<p>Karavan kiralama firmalar\u0131n\u0131n genellikle farkl\u0131 tiplerde ve b\u00fcy\u00fckl\u00fcklerde karavanlar\u0131 bulunmaktad\u0131r. \u0130htiya\u00e7lar\u0131n\u0131za ve b\u00fct\u00e7enize uygun bir karavan se\u00e7mek \u00f6nemlidir.2 ki\u015fiyseniz 4 ki\u015filik karavan hem maliyet a\u00e7\u0131s\u0131ndan hem kullan\u0131m a\u00e7\u0131s\u0131ndan zor olacakt\u0131r.Karavanlar\u0131n i\u00e7 d\u00fczeni, yatak kapasitesi, mutfak ekipmanlar\u0131 ve di\u011fer \u00f6zellikleri gibi fakt\u00f6rleri g\u00f6z \u00f6n\u00fcnde bulundurman\u0131z do\u011fru karavan tercih etmenizde yard\u0131mc\u0131 olacakt\u0131r.<\/p>\n\n\n\n<p><strong>Bir \u00e7ok ki\u015finin tak\u0131ld\u0131\u011f\u0131 bir di\u011fer nokta ise \u00e7ekme karavan m\u0131 kiralamal\u0131y\u0131m yoksa motokaravan m\u0131? K\u0131sa bir tatil (3-5 g\u00fcn) planl\u0131yorsan\u0131z kesinlikle motokaravan kiralamal\u0131s\u0131n\u0131z.Yok ben 5 6 ay al\u0131p gezece\u011fim derseniz de \u00e7ekme karavan daha uygun olur.\u00c7ekme karavanda ehliyet s\u0131n\u0131f\u0131n\u0131n ve araban\u0131z\u0131n <em><a href=\"https:\/\/geziyoo.co\/blog\/ceki-demiri-hakkinda-bilinmesi-gerekenler\/\" data-type=\"post\" data-id=\"12781\">\u00e7eki demirinin<\/a><\/em> olmas\u0131 gereklidir.Bunlarda maliyeti artt\u0131rabilir.K\u0131sacas\u0131 kiralamada motokaravan her zaman daha uygun fiyatl\u0131 olacakt\u0131r.Karar sizin&#8230;<\/strong><\/p>\n\n\n\n<h3 class=\"wp-block-heading\"><strong>Rezervasyon<\/strong><\/h3>\n\n\n\n<p>Karavan\u0131 kiralamadan \u00f6nce rezervasyon yapman\u0131z \u00f6nemli hususlardan bir tanesidir. Kiralamak istedi\u011finiz tarihlerde karavan\u0131n m\u00fcsait olup olmad\u0131\u011f\u0131n\u0131 kontrol edin ve \u00e7ok vakit kaybetmeden rezervasyonunuzu yapt\u0131r\u0131n.Malum \u00fclkemizde fiyatlar neredeyse g\u00fcnl\u00fck de\u011fi\u015fmekte. Bu i\u015flemi genellikle karavan kiralama firmalar\u0131n\u0131n web siteleri \u00fczerinden veya telefonla ileti\u015fim kurarak ger\u00e7ekle\u015ftirebilirsiniz.<\/p>\n\n\n\n<blockquote class=\"wp-block-quote quote-solid is-layout-flow wp-block-quote quote-solid-is-layout-flow\">\n<p>Karavan\u0131 g\u00fcvenilir yerlerden kiralamaya \u00f6zen g\u00f6sterin.Instgram veya sosyal medyada bu i\u015fin doland\u0131r\u0131c\u0131l\u0131\u011f\u0131n\u0131 yapan bir hayli fazla.<\/p>\n<\/blockquote>\n\n\n\n<h3 class=\"wp-block-heading\"><strong>Ehliyet S\u0131n\u0131f\u0131<\/strong><\/h3>\n\n\n\n<p>Karavan kiralarken hangi s\u0131n\u0131f ehliyete ihtiya\u00e7 duydu\u011funuz \u00f6nemli bir sorudur. T\u00fcrkiye&#8217;de karavanlar i\u00e7in B s\u0131n\u0131f\u0131 (otomobil) ehliyet yeterlidir. Ancak baz\u0131 b\u00fcy\u00fck ve a\u011f\u0131r karavanlar i\u00e7in C1 veya C s\u0131n\u0131f\u0131 ehliyet gerekebilir. Kiralamay\u0131 d\u00fc\u015f\u00fcnd\u00fc\u011f\u00fcn\u00fcz karavan\u0131n a\u011f\u0131rl\u0131\u011f\u0131 ve b\u00fcy\u00fckl\u00fc\u011f\u00fcne ba\u011fl\u0131 olarak ehliyet s\u0131n\u0131f\u0131n\u0131z\u0131 kontrol etmeniz \u00f6nemlidir.<strong><em><a href=\"https:\/\/geziyoo.co\/blog\/karavan-ehliyeti-nasil-alinir-2023-fiyatlari\/\" data-type=\"post\" data-id=\"12150\">KARAVAN EHL\u0130YET\u0130 <\/a><\/em><\/strong>sayfam\u0131za bakarak akl\u0131n\u0131zdaki sorular\u0131n cevaplar\u0131n\u0131 bulabilirsini.<\/p>\n\n\n\n<h3 class=\"wp-block-heading\"><strong>Kiralama \u015eartlar\u0131<\/strong><\/h3>\n\n\n\n<p>Karavan kiralama firmalar\u0131n\u0131n kiralama \u015fartlar\u0131n\u0131 dikkatlice okuyun ve anlay\u0131n. Genellikle ya\u015f s\u0131n\u0131rlamalar\u0131, sigorta bilgileri, rezervasyon iptal politikalar\u0131, teslimat ve iade prosed\u00fcrleri gibi detaylar bulunur. Kiralama \u015fartlar\u0131n\u0131 anlamad\u0131\u011f\u0131n\u0131z veya herhangi bir \u015f\u00fcpheniz oldu\u011fu takdirde, karavan kiralama firmas\u0131yla ileti\u015fime ge\u00e7mekten \u00e7ekinmeyin ve akl\u0131n\u0131za tak\u0131lan her sorunun cevab\u0131n\u0131 al\u0131n.<\/p>\n\n\n\n<h3 class=\"wp-block-heading\">Kamp Alan\u0131 Se\u00e7imi<\/h3>\n\n\n\n<p>Karavan kiralad\u0131n\u0131z hepsi bu kadar m\u0131? Hay\u0131r as\u0131l i\u015f bundan sonra ba\u015fl\u0131yor.Eskisi gibi bir orman kenar\u0131na karavan\u0131n\u0131z\u0131 \u00e7ekip kamp yapam\u0131yorsunuz.Yerel y\u00f6netimler ve kolluk kuvvetleri s\u0131k s\u0131k denetim yaparak uygunsuz yerlere park eden karavanc\u0131lar\u0131 nazik bir \u015fekilde adeta koval\u0131yor.Uygun bir karavan park bulman\u0131z hem g\u00fcvenli\u011finiz hem de konforunuz i\u00e7in daha uygun olacakt\u0131r.<\/p>\n\n\n\n<blockquote class=\"wp-block-quote quote-solid is-layout-flow wp-block-quote quote-solid-is-layout-flow\">\n<p>Durun hemen korkmay\u0131n Geziyoo.co olarak sizler i\u00e7in ara\u015ft\u0131r\u0131p 500&#8217;den fazla karavan park\u0131 ve karavan kamp alan\u0131 bulduk.<strong><em><a href=\"https:\/\/geziyoo.co\/listing-category\/turkiye-karavan-alanlari-ve-parklari\/\">KARAVAN PARKLARI<\/a><\/em><\/strong> sayfam\u0131za bakarak kamp keyfinizi zirveye ula\u015ft\u0131rabilirsiniz.<\/p>\n<\/blockquote>\n\n\n\n<hr class=\"wp-block-separator has-alpha-channel-opacity is-style-wide\"\/>\n\n\n\n<p><strong>Karavan kiralama i\u015flemi yapmadan \u00f6nce<\/strong>, \u015firketin g\u00fcvenilirli\u011fi, m\u00fc\u015fteri yorumlar\u0131 ve sigorta gibi fakt\u00f6rleri de g\u00f6z \u00f6n\u00fcnde bulundurman\u0131z \u00f6nemlidir. Ayr\u0131ca, karavan\u0131 teslim ald\u0131\u011f\u0131n\u0131zda mevcut hasarlar\u0131 kontrol etmek ve bu konuda firmayla ileti\u015fime ge\u00e7mek de \u00f6nemli bir ad\u0131md\u0131r.<\/p>\n\n\n\n<p>Unutmay\u0131n karavan kiralama, seyahat etmeyi sevenler ve do\u011fayla i\u00e7 i\u00e7e zaman ge\u00e7irmek isteyenler i\u00e7in harika bir se\u00e7enektir. <strong>Karavan kiralarken<\/strong> yukar\u0131da bahsedilen ad\u0131mlar\u0131 takip ederek, keyifli bir karavan tatili yapabilirsiniz.<\/p>\n\n\n\n<hr class=\"wp-block-separator has-alpha-channel-opacity is-style-wide\"\/>\n\n\n\n<h2 class=\"wp-block-heading\">1.Saly Karavan<\/h2>\n\n\n\n<figure class=\"wp-block-image size-large\"><img decoding=\"async\" width=\"1024\" height=\"683\" data-src=\"https:\/\/geziyoo.co\/blog\/wp-content\/uploads\/2020\/03\/Ormanya-Karavan-ve-Kamp-Alan\u0131-1-scaled-1-1024x683.jpg\" alt=\"Karavan Kiralama Hakk\u0131nda Bilinmesi Gerekenler\" class=\"wp-image-4346 lazyload\" data-srcset=\"https:\/\/geziyoo.co\/blog\/wp-content\/uploads\/2020\/03\/Ormanya-Karavan-ve-Kamp-Alan\u0131-1-scaled-1-1024x683.jpg 1024w, https:\/\/geziyoo.co\/blog\/wp-content\/uploads\/2020\/03\/Ormanya-Karavan-ve-Kamp-Alan\u0131-1-scaled-1-300x200.jpg 300w, https:\/\/geziyoo.co\/blog\/wp-content\/uploads\/2020\/03\/Ormanya-Karavan-ve-Kamp-Alan\u0131-1-scaled-1-768x512.jpg 768w, https:\/\/geziyoo.co\/blog\/wp-content\/uploads\/2020\/03\/Ormanya-Karavan-ve-Kamp-Alan\u0131-1-scaled-1-1536x1024.jpg 1536w, https:\/\/geziyoo.co\/blog\/wp-content\/uploads\/2020\/03\/Ormanya-Karavan-ve-Kamp-Alan\u0131-1-scaled-1-2048x1366.jpg 2048w, https:\/\/geziyoo.co\/blog\/wp-content\/uploads\/2020\/03\/Ormanya-Karavan-ve-Kamp-Alan\u0131-1-scaled-1.jpg 1200w\" data-sizes=\"(max-width: 1024px) 100vw, 1024px\" src=\"data:image\/gif;base64,R0lGODlhAQABAAAAACH5BAEKAAEALAAAAAABAAEAAAICTAEAOw==\" style=\"--smush-placeholder-width: 1024px; --smush-placeholder-aspect-ratio: 1024\/683;\" \/><figcaption class=\"wp-element-caption\">Karavan Kiralama Hakk\u0131nda Bilinmesi Gerekenler<\/figcaption><\/figure>\n\n\n\n<p><strong>Karavan Kiralayan Firmalar ve \u015eirketler listemizde<\/strong> ilk s\u0131rada hem Karavan \u00dcreten hem de kiralayan firma olan Saly Karavan var.Motokaravan hem de Camper tipi karavan kiralaman\u0131z m\u00fcmk\u00fcn.<\/p>\n\n\n\n<hr class=\"wp-block-separator has-alpha-channel-opacity is-style-wide\"\/>\n\n\n\n\n\t\t<div class=\"lightbulb tie-list-shortcode\">\n<ul>\n<li><strong>Adres:<\/strong>Yukar\u0131 Kirazca Mah. Eski\u015fehir Cad. No:375 \/ Sakarya<\/li>\n<li><strong>Telefon:<\/strong> 0 264 319 30 49 &#8211; 50 &#8211; 51<\/li>\n<li><strong>\u0130nternet Sitesi:<\/strong> http:\/\/www.saly.com.tr\/tr\/<\/li>\n<li><strong>Konum Bilgisi:<\/strong> <a href=\"https:\/\/www.google.com\/maps?ll=40.679389,30.365861&amp;z=15&amp;t=m&amp;hl=tr-TR&amp;gl=US&amp;mapclient=embed\" target=\"_blank\" rel=\"noopener noreferrer\"><em><strong>KONUM<\/strong> <\/em><\/a>ba\u011flant\u0131s\u0131na <em><strong>T\u0131klay\u0131n<\/strong><\/em><\/li>\n<\/ul>\n\n\t\t<\/div>\n\t\n\n\n\n<hr class=\"wp-block-separator has-css-opacity is-style-wide\"\/>\n\n\n\n<h2 class=\"wp-block-heading\">2.Casavan Karavan<\/h2>\n\n\n\n<figure class=\"wp-block-image size-large\"><img decoding=\"async\" width=\"1024\" height=\"683\" data-src=\"https:\/\/geziyoo.co\/blog\/wp-content\/uploads\/2020\/03\/Karavan-\u00c7e\u015fitleri-2-1024x683.jpeg\" alt=\"\" class=\"wp-image-4446 lazyload\" data-srcset=\"https:\/\/geziyoo.co\/blog\/wp-content\/uploads\/2020\/03\/Karavan-\u00c7e\u015fitleri-2-1024x683.jpeg 1024w, https:\/\/geziyoo.co\/blog\/wp-content\/uploads\/2020\/03\/Karavan-\u00c7e\u015fitleri-2-300x200.jpeg 300w, https:\/\/geziyoo.co\/blog\/wp-content\/uploads\/2020\/03\/Karavan-\u00c7e\u015fitleri-2-768x512.jpeg 768w, https:\/\/geziyoo.co\/blog\/wp-content\/uploads\/2020\/03\/Karavan-\u00c7e\u015fitleri-2.jpeg 1200w\" data-sizes=\"(max-width: 1024px) 100vw, 1024px\" src=\"data:image\/gif;base64,R0lGODlhAQABAAAAACH5BAEKAAEALAAAAAABAAEAAAICTAEAOw==\" style=\"--smush-placeholder-width: 1024px; --smush-placeholder-aspect-ratio: 1024\/683;\" \/><\/figure>\n\n\n\n<p>Karavan kiralayabilece\u011finiz bir di\u011fer firma ise Casavan Karavand\u0131r. ALKOVEN SPORT , ALKOVEN SPORT PLUS ve CAMPER tipi karavan kiralaman\u0131z m\u00fcmk\u00fcn.<\/p>\n\n\n\n<hr class=\"wp-block-separator has-alpha-channel-opacity is-style-wide\"\/>\n\n\n\n\n\t\t<div class=\"lightbulb tie-list-shortcode\">\n<ul>\n<li><strong>Adres:<\/strong>G\u00f6ztepe Mah.Bent Cad.No:56 Anadoluhisar\u0131 Beykoz &#8211; \u0130stanbul<\/li>\n<li><strong>Telefon:<\/strong> <span style=\"color: #003300;\"><a class=\"tel\" style=\"color: #003300;\"><span id=\"TelefonUst\">+90 543 8112019<\/span><\/a><\/span><\/li>\n<li><strong>\u0130nternet Sitesi:<\/strong> http:\/\/www.casavan.com\/tr\/Default.aspx<\/li>\n<li><strong>Konum Bilgisi:<\/strong> <a href=\"https:\/\/goo.gl\/maps\/14FK4stb1PHETxYK7\" target=\"_blank\" rel=\"noopener noreferrer\"><em><strong>KONUM<\/strong> <\/em><\/a>ba\u011flant\u0131s\u0131na <em><strong>T\u0131klay\u0131n<\/strong><\/em><\/li>\n<\/ul>\n\n\t\t<\/div>\n\t\n\n\n\n<hr class=\"wp-block-separator has-css-opacity is-style-wide\"\/>\n\n\n\n<h2 class=\"wp-block-heading\">3.Naz Karavan <\/h2>\n\n\n\n<figure class=\"wp-block-image size-large\"><img decoding=\"async\" width=\"750\" height=\"750\" data-src=\"https:\/\/geziyoo.co\/blog\/wp-content\/uploads\/2020\/03\/Karavan-\u00c7e\u015fitleri-1.jpg\" alt=\"\" class=\"wp-image-4443 lazyload\" data-srcset=\"https:\/\/geziyoo.co\/blog\/wp-content\/uploads\/2020\/03\/Karavan-\u00c7e\u015fitleri-1.jpg 750w, https:\/\/geziyoo.co\/blog\/wp-content\/uploads\/2020\/03\/Karavan-\u00c7e\u015fitleri-1-300x300.jpg 300w, https:\/\/geziyoo.co\/blog\/wp-content\/uploads\/2020\/03\/Karavan-\u00c7e\u015fitleri-1-150x150.jpg 150w\" data-sizes=\"(max-width: 750px) 100vw, 750px\" src=\"data:image\/gif;base64,R0lGODlhAQABAAAAACH5BAEKAAEALAAAAAABAAEAAAICTAEAOw==\" style=\"--smush-placeholder-width: 750px; --smush-placeholder-aspect-ratio: 750\/750;\" \/><\/figure>\n\n\n\n<p><strong>Karavan Kiralayan Firmalar<\/strong> i\u00e7eri\u011fimizin 3.s\u0131ras\u0131nda Naz Karavan yer almakta.\u0130stanbul merkezli Naz Karavan, 10 y\u0131l\u0131 a\u015fk\u0131n s\u00fcredir kiralama hizmeti sunan bir firmad\u0131r.<\/p>\n\n\n\n<p>Karavan kiralamak i\u00e7in Naz Karavan&#8217;dan en az 2 y\u0131ll\u0131k B s\u0131n\u0131f\u0131 ehliyet sahibi olman\u0131z yeterlidir.<\/p>\n\n\n\n<p>Naz Karavan, minimum 5 g\u00fcnl\u00fck kiralama s\u00fcresiyle karavan kiralamak isteyenlere hizmet vermektedir.<\/p>\n\n\n\n\n\t\t<div class=\"lightbulb tie-list-shortcode\">\n<ul>\n<li><strong><strong>Adres: <\/strong><\/strong>Caddebostan Mh. Sar\u0131g\u00fcl Sokak no:27\/B KADIK\u00d6Y \/\u0130STANBUL<\/li>\n<li><strong>Telefon:<\/strong> <strong>0555 206 02 20<\/strong><\/li>\n<li><strong>\u0130nternet Sitesi:<\/strong> https:\/\/nazkaravan.com\/<\/li>\n<li><strong>Konum Bilgisi:<\/strong> <a href=\"https:\/\/www.google.com\/maps?ll=40.968698,29.063491&amp;z=16&amp;t=m&amp;hl=tr-TR&amp;gl=TR&amp;mapclient=embed&amp;cid=15480719376560703172\" target=\"_blank\" rel=\"noopener noreferrer\"><em><strong>KONUM<\/strong> <\/em><\/a>ba\u011flant\u0131s\u0131na <em><strong>T\u0131klay\u0131n<\/strong><\/em><\/li>\n<\/ul>\n\n\t\t<\/div>\n\t\n\n\n\n<hr class=\"wp-block-separator has-css-opacity is-style-wide\"\/>\n\n\n\n<h2 class=\"wp-block-heading\">4.Avis<\/h2>\n\n\n\n<figure class=\"wp-block-image size-large\"><img decoding=\"async\" width=\"754\" height=\"476\" data-src=\"https:\/\/geziyoo.co\/blog\/wp-content\/uploads\/2020\/03\/Karavan-\u00c7e\u015fitleri-3.jpg\" alt=\"\" class=\"wp-image-4441 lazyload\" data-srcset=\"https:\/\/geziyoo.co\/blog\/wp-content\/uploads\/2020\/03\/Karavan-\u00c7e\u015fitleri-3.jpg 754w, https:\/\/geziyoo.co\/blog\/wp-content\/uploads\/2020\/03\/Karavan-\u00c7e\u015fitleri-3-300x189.jpg 300w\" data-sizes=\"(max-width: 754px) 100vw, 754px\" src=\"data:image\/gif;base64,R0lGODlhAQABAAAAACH5BAEKAAEALAAAAAABAAEAAAICTAEAOw==\" style=\"--smush-placeholder-width: 754px; --smush-placeholder-aspect-ratio: 754\/476;\" \/><\/figure>\n\n\n\n<p>T\u00fcrkiye&#8217;de uzun zamand\u0131r faaliyet de olan AV\u0130S art\u0131k karavan kiralamada da yard\u0131mc\u0131 oluyorlar.Tek yapman\u0131z gereken siteye girip bilgilerinizi b\u0131rakmak.Ard\u0131ndan size d\u00f6n\u00fc\u015f yap\u0131yorlar ve karavan ile ilgili detaylar\u0131 veriyorlar<\/p>\n\n\n\n\n\t\t<div class=\"lightbulb tie-list-shortcode\">\n<ul>\n<li><strong>Adres:<\/strong>AVIS T\u00fcrkiye Ayd\u0131nevler Mah. Sayg\u0131 Cad.No: 60 34854 K\u00fc\u00e7\u00fckyal\u0131 \/ \u0130stanbul<\/li>\n<li><strong>Telefon:<\/strong> 444 28 47<\/li>\n<li><strong>\u0130nternet Sitesi:<\/strong> https:\/\/www.avis.com.tr\/arac-kiralama-kampanyalari\/avis-karavan-kiralama<\/li>\n<li><strong>Konum Bilgisi:<\/strong> <a href=\"https:\/\/www.google.com\/maps?ll=40.952858,29.124664&amp;z=16&amp;t=m&amp;hl=tr-TR&amp;gl=US&amp;mapclient=embed&amp;cid=18153170906419966650\" target=\"_blank\" rel=\"noopener noreferrer\"><em><strong>KONUM<\/strong> <\/em><\/a>ba\u011flant\u0131s\u0131na <em><strong>T\u0131klay\u0131n<\/strong><\/em><\/li>\n<\/ul>\n\n\t\t<\/div>\n\t\n\n\n\n<hr class=\"wp-block-separator has-css-opacity is-style-wide\"\/>\n\n\n\n<h2 class=\"wp-block-heading\">5.Letsgo Camper<\/h2>\n\n\n\n<figure class=\"wp-block-image size-large\"><img decoding=\"async\" width=\"780\" height=\"520\" data-src=\"https:\/\/geziyoo.co\/blog\/wp-content\/uploads\/2020\/03\/Kravan-\u00c7e\u015fitleri.jpg\" alt=\"\" class=\"wp-image-4445 lazyload\" data-srcset=\"https:\/\/geziyoo.co\/blog\/wp-content\/uploads\/2020\/03\/Kravan-\u00c7e\u015fitleri.jpg 780w, https:\/\/geziyoo.co\/blog\/wp-content\/uploads\/2020\/03\/Kravan-\u00c7e\u015fitleri-300x200.jpg 300w, https:\/\/geziyoo.co\/blog\/wp-content\/uploads\/2020\/03\/Kravan-\u00c7e\u015fitleri-768x512.jpg 768w\" data-sizes=\"(max-width: 780px) 100vw, 780px\" src=\"data:image\/gif;base64,R0lGODlhAQABAAAAACH5BAEKAAEALAAAAAABAAEAAAICTAEAOw==\" style=\"--smush-placeholder-width: 780px; --smush-placeholder-aspect-ratio: 780\/520;\" \/><\/figure>\n\n\n\n<p>Karavan Kiralayan Firmalar ve \u015eirketler i\u00e7eri\u011fimizin \u015fimdilik son firmas\u0131 Lets Go Camper firmas\u0131. Firma <strong>COMFORT<\/strong> ,<strong>COMFORT PLUS<\/strong> , <strong>COMFORT PREMIUM<\/strong> 3 farkl\u0131 modeli kiral\u0131yor.<\/p>\n\n\n\n\n\t\t<div class=\"lightbulb tie-list-shortcode\">\n<ul>\n<li><strong>Adres:<\/strong>Yesilbahce Mah. 1473 Sok. No:3 07160 Muratpasa\/Antalya<\/li>\n<li><strong>Telefon:+90 242 316 08 30<\/strong><\/li>\n<li><strong>\u0130nternet Sitesi:<\/strong> https:\/\/www.letsgocamper.com\/index_tr.asp<\/li>\n<li><strong>Konum Bilgisi:<\/strong> <a href=\"https:\/\/www.google.com\/maps?ll=36.866516,30.729378&amp;z=16&amp;t=m&amp;hl=tr&amp;gl=US&amp;mapclient=embed&amp;cid=5810122010887210263\" target=\"_blank\" rel=\"noopener noreferrer\"><em><strong>KONUM<\/strong> <\/em><\/a>ba\u011flant\u0131s\u0131na <em><strong>T\u0131klay\u0131n<\/strong><\/em><\/li>\n<\/ul>\n\n\t\t<\/div>\n\t\n\n\n\n<hr class=\"wp-block-separator has-css-opacity is-style-wide\"\/>\n\n\n\n<h2 class=\"wp-block-heading\">6.Lotus Karavan<\/h2>\n\n\n\n<figure class=\"wp-block-image size-large\"><img decoding=\"async\" width=\"960\" height=\"638\" data-src=\"https:\/\/geziyoo.co\/blog\/wp-content\/uploads\/2023\/05\/Motokaravan-Hakkinda-Nedir-Ozellikleri-Ipuclari-3.jpg\" alt=\"\" class=\"wp-image-12915 lazyload\" data-srcset=\"https:\/\/geziyoo.co\/blog\/wp-content\/uploads\/2023\/05\/Motokaravan-Hakkinda-Nedir-Ozellikleri-Ipuclari-3.jpg 960w, https:\/\/geziyoo.co\/blog\/wp-content\/uploads\/2023\/05\/Motokaravan-Hakkinda-Nedir-Ozellikleri-Ipuclari-3-300x199.jpg 300w, https:\/\/geziyoo.co\/blog\/wp-content\/uploads\/2023\/05\/Motokaravan-Hakkinda-Nedir-Ozellikleri-Ipuclari-3-768x510.jpg 768w\" data-sizes=\"(max-width: 960px) 100vw, 960px\" src=\"data:image\/gif;base64,R0lGODlhAQABAAAAACH5BAEKAAEALAAAAAABAAEAAAICTAEAOw==\" style=\"--smush-placeholder-width: 960px; --smush-placeholder-aspect-ratio: 960\/638;\" \/><\/figure>\n\n\n\n<p><strong>Karavan Kiralayan Firmalar<\/strong> i\u00e7eri\u011fimizin son s\u0131ras\u0131nda <em><a href=\"https:\/\/geziyoo.co\/blog\/ducato-karavan-avantajlaridezavantajlariozellikleri\/\" data-type=\"post\" data-id=\"12789\"><strong>Fiat Ducato<\/strong><\/a><\/em> model karavanlardan olu\u015fan Lotus Karavan yer almakta.<\/p>\n\n\n\n<p>\u0130stanbul merkezli bir firmad\u0131r. Karavanlar, arka g\u00f6r\u00fc\u015f kameras\u0131, wc, du\u015f, ocak ve di\u011fer standart t\u00fcm imkanlarla donat\u0131lm\u0131\u015ft\u0131r.<\/p>\n\n\n\n<p>Lotus Karavan, en az 6 g\u00fcnl\u00fck kiralama s\u00fcresi ve 5 y\u0131ll\u0131k B s\u0131n\u0131f\u0131 ehliyet \u015fart\u0131yla hizmet vermektedir.<\/p>\n\n\n\n<hr class=\"wp-block-separator has-css-opacity is-style-wide\"\/>\n\n\n\n<ul class=\"wp-block-list\">\n<li><strong>Adres:<\/strong>Merkezefendi, G-53. Sk. No:19, 34015 Zeytinburnu\/\u0130stanbul<\/li>\n\n\n\n<li><strong>Telefon:<\/strong>&nbsp;&nbsp;0553 979 37 38<\/li>\n\n\n\n<li><strong>\u0130nternet Sitesi:<\/strong>&nbsp;https:\/\/www.lotuskaravankiralama.com\/<\/li>\n<\/ul>\n\n\n\n<hr class=\"wp-block-separator has-alpha-channel-opacity is-style-wide\"\/>\n\n\n\n<p>Karavan kiralayan firmalar bu \u015fekildeydi .A\u015fa\u011f\u0131 k\u0131s\u0131mda da akl\u0131n\u0131za tak\u0131lan konulara de\u011findik.<\/p>\n\n\n\n<h2 class=\"wp-block-heading\">2025 Karavan Kiralama Fiyatlar\u0131<\/h2>\n\n\n\n<figure class=\"wp-block-image size-large\"><img decoding=\"async\" width=\"1024\" height=\"536\" data-src=\"https:\/\/geziyoo.co\/blog\/wp-content\/uploads\/2023\/04\/Tiny-House-Evlerde-Her-Mevsim-Yasanir-mi-1024x536.jpg\" alt=\"\" class=\"wp-image-12595 lazyload\" data-srcset=\"https:\/\/geziyoo.co\/blog\/wp-content\/uploads\/2023\/04\/Tiny-House-Evlerde-Her-Mevsim-Yasanir-mi-1024x536.jpg 1024w, https:\/\/geziyoo.co\/blog\/wp-content\/uploads\/2023\/04\/Tiny-House-Evlerde-Her-Mevsim-Yasanir-mi-300x157.jpg 300w, https:\/\/geziyoo.co\/blog\/wp-content\/uploads\/2023\/04\/Tiny-House-Evlerde-Her-Mevsim-Yasanir-mi-768x402.jpg 768w, https:\/\/geziyoo.co\/blog\/wp-content\/uploads\/2023\/04\/Tiny-House-Evlerde-Her-Mevsim-Yasanir-mi.jpg 1200w\" data-sizes=\"(max-width: 1024px) 100vw, 1024px\" src=\"data:image\/gif;base64,R0lGODlhAQABAAAAACH5BAEKAAEALAAAAAABAAEAAAICTAEAOw==\" style=\"--smush-placeholder-width: 1024px; --smush-placeholder-aspect-ratio: 1024\/536;\" \/><\/figure>\n\n\n\n<p>2025 y\u0131l\u0131nda, karavan kiralama fiyatlar\u0131, firmalar\u0131n politikalar\u0131na, karavan\u0131n segmentine ve \u00f6zelliklerine g\u00f6re de\u011fi\u015fiklik g\u00f6stermektedir. <strong>G\u00fcnl\u00fck kiralama fiyatlar\u0131<\/strong>, d\u00fc\u015f\u00fck segmentten y\u00fcksek segmente kadar farkl\u0131l\u0131k g\u00f6sterir ve a\u015fa\u011f\u0131daki gibi s\u0131ralanabilir:<\/p>\n\n\n\n<figure class=\"wp-block-table\"><table class=\"has-fixed-layout\"><thead><tr><th><strong>Segment<\/strong><\/th><th><strong>G\u00fcnl\u00fck \u015eart\u0131<\/strong><\/th><th><strong>Ortalama Fiyat \/ G\u00fcnl\u00fck<\/strong><\/th><\/tr><\/thead><tbody><tr><td><strong>D\u00fc\u015f\u00fck Segment<\/strong><\/td><td>Min. 1-2 g\u00fcn<\/td><td>1.500 TL &#8211; 2.000 TL<\/td><\/tr><tr><td><strong>Orta Segment<\/strong><\/td><td>Min. 1-2 g\u00fcn<\/td><td>2.000 TL &#8211; 3.500 TL<\/td><\/tr><tr><td><strong>Y\u00fcksek Segment<\/strong><\/td><td>Min. 2-3 g\u00fcn<\/td><td>3.500 TL &#8211; 5.000 TL<\/td><\/tr><\/tbody><\/table><\/figure>\n\n\n\n<p>Karavan kiralama firmalar\u0131n\u0131n \u00e7o\u011fu, <strong>minimum kiralama s\u00fcresi<\/strong> olarak en az <strong>2 g\u00fcn<\/strong> talep etmektedir. Ancak, y\u00fcksek segment karavanlar i\u00e7in bu s\u00fcre <strong>3 g\u00fcn<\/strong> veya daha fazla olabilir. Kiralama fiyatlar\u0131n\u0131 etkileyen di\u011fer fakt\u00f6rler aras\u0131nda <strong>karavan\u0131n boyutu<\/strong>, <strong>donan\u0131m\u0131<\/strong>, <strong>modeli<\/strong>, ve <strong>kiralama s\u00fcresinin uzunlu\u011fu<\/strong> bulunmaktad\u0131r.<\/p>\n\n\n\n<p>Do\u011fru fiyat teklifi almak ve ihtiya\u00e7lar\u0131n\u0131za uygun bir se\u00e7im yapmak i\u00e7in, farkl\u0131 karavan kiralama firmalar\u0131ndan bilgi alman\u0131z \u00f6nerilir. Tatil d\u00f6nemlerinde yo\u011fun talep nedeniyle fiyatlar art\u0131\u015f g\u00f6sterebilir, bu y\u00fczden erken rezervasyon yap\u0131lmas\u0131 avantaj sa\u011flayabilir.<\/p>\n\n\n\n<p>* Depozito, teminat veya sigorta gibi \u00fccretlerinde fiyata ekstra yans\u0131t\u0131labilece\u011fini unutmay\u0131n.<\/p>\n\n\n\n<hr class=\"wp-block-separator has-css-opacity is-style-wide\"\/>\n\n\n\n<p>Karavan Kiralayan Firmalar i\u00e7eri\u011fimizin \u015fimdilik bu kadar.Karavan kiralad\u0131n\u0131z ve karavan hayat\u0131n\u0131 \u00e7ok sevdiniz e peki \u015fimdi ne olacak nereden sat\u0131n alacaks\u0131n\u0131z.Merak etmeyin onun i\u00e7inde bir i\u00e7erik kaleme ald\u0131k.<strong><em><a href=\"https:\/\/geziyoo.co\/blog\/karavan-ureten-firmalar-ve-karavan-ureticileri\/\" data-type=\"post\" data-id=\"4457\">Karavan \u00dcreten Firmalar<\/a><\/em><\/strong> i\u00e7eri\u011fimize bakabilirsiniz.<\/p>\n\n\n\n<hr class=\"wp-block-separator has-alpha-channel-opacity is-style-wide\"\/>\n\n\n\n<h3 class=\"wp-block-heading\">Bunlar\u0131 da Sevebilirsiniz;<\/h3>\n\n\n<ul class=\"wp-block-latest-posts__list wp-block-latest-posts\"><li><a class=\"wp-block-latest-posts__post-title\" href=\"https:\/\/geziyoo.co\/blog\/karavan-yemegi-menusu-planlayicisi\/\">Karavan Yeme\u011fi Men\u00fcs\u00fc Planlay\u0131c\u0131s\u0131<\/a><\/li>\n<li><a class=\"wp-block-latest-posts__post-title\" href=\"https:\/\/geziyoo.co\/blog\/karavan-agirlik-merkezi-ve-yuk-hesaplama-araci\/\">Karavan A\u011f\u0131rl\u0131k Merkezi ve Y\u00fck Hesaplama Arac\u0131<\/a><\/li>\n<li><a class=\"wp-block-latest-posts__post-title\" href=\"https:\/\/geziyoo.co\/blog\/o1-belgeli-karavanlarin-tescili-zorunlu-mu\/\">O1 Kategorisi Karavan ve R\u00f6morklar\u0131n Tescili Zorunlu Oldu<\/a><\/li>\n<\/ul>","protected":false},"excerpt":{"rendered":"<p>Karavan Kiralayan Firmalar i\u00e7eri\u011fimizden merhabalar bu i\u00e7eri\u011fimizde nereden ve hangi firmalardan karavan kiralayabilece\u011finizi aktard\u0131k. Karavan kiralama hizmetleri, pandeminin patlak vermesiyle birlikte hayat\u0131m\u0131za h\u0131zl\u0131 bir giri\u015f yapt\u0131. Her ge\u00e7en g\u00fcn b\u00fcy\u00fcyen bu sekt\u00f6r, bir\u00e7ok soruyu da beraberinde getiriyor. Bu i\u00e7eri\u011fimizde karavan kiralaman\u0131n nas\u0131l yap\u0131ld\u0131\u011f\u0131 ve karavan kiralarken hangi s\u0131n\u0131f ehliyete ihtiya\u00e7 duyuldu\u011fu gibi konulara odaklanaca\u011f\u0131z. Ayr\u0131ca &hellip;<\/p>\n","protected":false},"author":1,"featured_media":13080,"comment_status":"open","ping_status":"closed","sticky":false,"template":"","format":"standard","meta":{"footnotes":""},"categories":[33],"tags":[],"class_list":["post-13591","post","type-post","status-publish","format-standard","has-post-thumbnail","hentry","category-karavanipuclari"],"yoast_head":"<!-- This site is optimized with the Yoast SEO plugin v26.9 - https:\/\/yoast.com\/product\/yoast-seo-wordpress\/ -->\n<title>Karavan Kiralayan Firmalar ve Siteler (G\u00fcncel 2025) - Geziyoo.co<\/title>\n<meta name=\"description\" content=\"Karavan Kiralayan Firmalar ve \u0130nternet Siteleri i\u00e7eri\u011fimizde nereden ve hangi firmalardan karavan kiralayabilece\u011finizi aktard\u0131k.\" \/>\n<meta name=\"robots\" content=\"index, follow, max-snippet:-1, max-image-preview:large, max-video-preview:-1\" \/>\n<link rel=\"canonical\" href=\"https:\/\/geziyoo.co\/blog\/karavan-kiralayan-firmalar-ve-internet-siteler\/\" \/>\n<meta property=\"og:locale\" content=\"tr_TR\" \/>\n<meta property=\"og:type\" content=\"article\" \/>\n<meta property=\"og:title\" content=\"Karavan Kiralayan Firmalar ve Siteler (G\u00fcncel 2025) - Geziyoo.co\" \/>\n<meta property=\"og:description\" content=\"Karavan Kiralayan Firmalar ve \u0130nternet Siteleri i\u00e7eri\u011fimizde nereden ve hangi firmalardan karavan kiralayabilece\u011finizi aktard\u0131k.\" \/>\n<meta property=\"og:url\" content=\"https:\/\/geziyoo.co\/blog\/karavan-kiralayan-firmalar-ve-internet-siteler\/\" \/>\n<meta property=\"og:site_name\" content=\"Geziyoo.co\" \/>\n<meta property=\"article:publisher\" content=\"https:\/\/www.facebook.com\/Geziyooco\" \/>\n<meta property=\"article:author\" content=\"https:\/\/www.facebook.com\/geziyoo.co\" \/>\n<meta property=\"article:published_time\" content=\"2023-07-20T09:28:55+00:00\" \/>\n<meta property=\"article:modified_time\" content=\"2026-01-23T14:07:38+00:00\" \/>\n<meta property=\"og:image\" content=\"https:\/\/geziyoo.co\/blog\/wp-content\/uploads\/2023\/06\/Volkswagen-Transporter-Karavan-4-scaled.jpg\" \/>\n\t<meta property=\"og:image:width\" content=\"1200\" \/>\n\t<meta property=\"og:image:height\" content=\"675\" \/>\n\t<meta property=\"og:image:type\" content=\"image\/jpeg\" \/>\n<meta name=\"author\" content=\"Geziyoo\" \/>\n<meta name=\"twitter:card\" content=\"summary_large_image\" \/>\n<meta name=\"twitter:creator\" content=\"@https:\/\/twitter.com\/geziyoo\" \/>\n<meta name=\"twitter:site\" content=\"@geziyoo\" \/>\n<meta name=\"twitter:label1\" content=\"Yazan:\" \/>\n\t<meta name=\"twitter:data1\" content=\"Geziyoo\" \/>\n\t<meta name=\"twitter:label2\" content=\"Tahmini okuma s\u00fcresi\" \/>\n\t<meta name=\"twitter:data2\" content=\"8 dakika\" \/>\n<script type=\"application\/ld+json\" class=\"yoast-schema-graph\">{\"@context\":\"https:\/\/schema.org\",\"@graph\":[{\"@type\":\"Article\",\"@id\":\"https:\/\/geziyoo.co\/blog\/karavan-kiralayan-firmalar-ve-internet-siteler\/#article\",\"isPartOf\":{\"@id\":\"https:\/\/geziyoo.co\/blog\/karavan-kiralayan-firmalar-ve-internet-siteler\/\"},\"author\":{\"name\":\"Geziyoo\",\"@id\":\"https:\/\/geziyoo.co\/blog\/#\/schema\/person\/032acb2436540ed14784e7d978aef0e4\"},\"headline\":\"Karavan Kiralayan Firmalar ve Siteler (G\u00fcncel 2026)\",\"datePublished\":\"2023-07-20T09:28:55+00:00\",\"dateModified\":\"2026-01-23T14:07:38+00:00\",\"mainEntityOfPage\":{\"@id\":\"https:\/\/geziyoo.co\/blog\/karavan-kiralayan-firmalar-ve-internet-siteler\/\"},\"wordCount\":1538,\"commentCount\":0,\"publisher\":{\"@id\":\"https:\/\/geziyoo.co\/blog\/#organization\"},\"image\":{\"@id\":\"https:\/\/geziyoo.co\/blog\/karavan-kiralayan-firmalar-ve-internet-siteler\/#primaryimage\"},\"thumbnailUrl\":\"https:\/\/geziyoo.co\/blog\/wp-content\/uploads\/2023\/06\/Volkswagen-Transporter-Karavan-4-scaled.jpg\",\"articleSection\":[\"Karavan \u0130pu\u00e7lar\u0131\"],\"inLanguage\":\"tr\",\"potentialAction\":[{\"@type\":\"CommentAction\",\"name\":\"Comment\",\"target\":[\"https:\/\/geziyoo.co\/blog\/karavan-kiralayan-firmalar-ve-internet-siteler\/#respond\"]}]},{\"@type\":\"WebPage\",\"@id\":\"https:\/\/geziyoo.co\/blog\/karavan-kiralayan-firmalar-ve-internet-siteler\/\",\"url\":\"https:\/\/geziyoo.co\/blog\/karavan-kiralayan-firmalar-ve-internet-siteler\/\",\"name\":\"Karavan Kiralayan Firmalar ve Siteler (G\u00fcncel 2025) - Geziyoo.co\",\"isPartOf\":{\"@id\":\"https:\/\/geziyoo.co\/blog\/#website\"},\"primaryImageOfPage\":{\"@id\":\"https:\/\/geziyoo.co\/blog\/karavan-kiralayan-firmalar-ve-internet-siteler\/#primaryimage\"},\"image\":{\"@id\":\"https:\/\/geziyoo.co\/blog\/karavan-kiralayan-firmalar-ve-internet-siteler\/#primaryimage\"},\"thumbnailUrl\":\"https:\/\/geziyoo.co\/blog\/wp-content\/uploads\/2023\/06\/Volkswagen-Transporter-Karavan-4-scaled.jpg\",\"datePublished\":\"2023-07-20T09:28:55+00:00\",\"dateModified\":\"2026-01-23T14:07:38+00:00\",\"description\":\"Karavan Kiralayan Firmalar ve \u0130nternet Siteleri i\u00e7eri\u011fimizde nereden ve hangi firmalardan karavan kiralayabilece\u011finizi aktard\u0131k.\",\"breadcrumb\":{\"@id\":\"https:\/\/geziyoo.co\/blog\/karavan-kiralayan-firmalar-ve-internet-siteler\/#breadcrumb\"},\"inLanguage\":\"tr\",\"potentialAction\":[{\"@type\":\"ReadAction\",\"target\":[\"https:\/\/geziyoo.co\/blog\/karavan-kiralayan-firmalar-ve-internet-siteler\/\"]}]},{\"@type\":\"ImageObject\",\"inLanguage\":\"tr\",\"@id\":\"https:\/\/geziyoo.co\/blog\/karavan-kiralayan-firmalar-ve-internet-siteler\/#primaryimage\",\"url\":\"https:\/\/geziyoo.co\/blog\/wp-content\/uploads\/2023\/06\/Volkswagen-Transporter-Karavan-4-scaled.jpg\",\"contentUrl\":\"https:\/\/geziyoo.co\/blog\/wp-content\/uploads\/2023\/06\/Volkswagen-Transporter-Karavan-4-scaled.jpg\",\"width\":1200,\"height\":675},{\"@type\":\"BreadcrumbList\",\"@id\":\"https:\/\/geziyoo.co\/blog\/karavan-kiralayan-firmalar-ve-internet-siteler\/#breadcrumb\",\"itemListElement\":[{\"@type\":\"ListItem\",\"position\":1,\"name\":\"Ana sayfa\",\"item\":\"https:\/\/geziyoo.co\/blog\/\"},{\"@type\":\"ListItem\",\"position\":2,\"name\":\"Karavan Kiralayan Firmalar ve Siteler (G\u00fcncel 2026)\"}]},{\"@type\":\"WebSite\",\"@id\":\"https:\/\/geziyoo.co\/blog\/#website\",\"url\":\"https:\/\/geziyoo.co\/blog\/\",\"name\":\"Geziyoo Blog\",\"description\":\"GeziYoo Blog&#039;da T\u00fcrkiye&#039;nin en iyi kamp alanlar\u0131ndan bungalov tatillerine, karavan ipu\u00e7lar\u0131ndan gezi rehberlerine kadar her t\u00fcrl\u00fc do\u011fa deneyimini ke\u015ffedin.\",\"publisher\":{\"@id\":\"https:\/\/geziyoo.co\/blog\/#organization\"},\"potentialAction\":[{\"@type\":\"SearchAction\",\"target\":{\"@type\":\"EntryPoint\",\"urlTemplate\":\"https:\/\/geziyoo.co\/blog\/?s={search_term_string}\"},\"query-input\":{\"@type\":\"PropertyValueSpecification\",\"valueRequired\":true,\"valueName\":\"search_term_string\"}}],\"inLanguage\":\"tr\"},{\"@type\":\"Organization\",\"@id\":\"https:\/\/geziyoo.co\/blog\/#organization\",\"name\":\"Geziyoo.co\",\"url\":\"https:\/\/geziyoo.co\/blog\/\",\"logo\":{\"@type\":\"ImageObject\",\"inLanguage\":\"tr\",\"@id\":\"https:\/\/geziyoo.co\/blog\/#\/schema\/logo\/image\/\",\"url\":\"https:\/\/geziyoo.co\/blog\/wp-content\/uploads\/2025\/01\/Paragraf-metniniz-3.png\",\"contentUrl\":\"https:\/\/geziyoo.co\/blog\/wp-content\/uploads\/2025\/01\/Paragraf-metniniz-3.png\",\"width\":270,\"height\":50,\"caption\":\"Geziyoo.co\"},\"image\":{\"@id\":\"https:\/\/geziyoo.co\/blog\/#\/schema\/logo\/image\/\"},\"sameAs\":[\"https:\/\/www.facebook.com\/Geziyooco\",\"https:\/\/x.com\/geziyoo\",\"https:\/\/tr.pinterest.com\/geziyooco\/\",\"https:\/\/www.youtube.com\/@geziyoo\",\"https:\/\/www.instagram.com\/geziyoo.co\/\"]},{\"@type\":\"Person\",\"@id\":\"https:\/\/geziyoo.co\/blog\/#\/schema\/person\/032acb2436540ed14784e7d978aef0e4\",\"name\":\"Geziyoo\",\"image\":{\"@type\":\"ImageObject\",\"inLanguage\":\"tr\",\"@id\":\"https:\/\/geziyoo.co\/blog\/#\/schema\/person\/image\/\",\"url\":\"https:\/\/secure.gravatar.com\/avatar\/ae212a4514471fdb8cab6e5af4f3c99b940a2d0a16713ea0392c8d7c8a64f30a?s=96&d=mm&r=g\",\"contentUrl\":\"https:\/\/secure.gravatar.com\/avatar\/ae212a4514471fdb8cab6e5af4f3c99b940a2d0a16713ea0392c8d7c8a64f30a?s=96&d=mm&r=g\",\"caption\":\"Geziyoo\"},\"description\":\"Do\u011fa ile i\u00e7 i\u00e7e olabilece\u011finiz yerler,do\u011fa aktivite alanlar\u0131,kamp alanlar\u0131,bungalov oteller,Tiny House Oteller, Galampingler ve da\u011f evlerinin herkes i\u00e7in ula\u015f\u0131labilir olmas\u0131n\u0131 sa\u011flamak amac\u0131yla Geziyoo\u2019ya 2019 y\u0131l\u0131nda ba\u015flad\u0131k.Do\u011fal Tatil konseptini uygulayan en geni\u015f kapsaml\u0131 sitedir.\",\"sameAs\":[\"https:\/\/geziyoo.co\/\",\"https:\/\/www.facebook.com\/geziyoo.co\",\"https:\/\/www.instagram.com\/geziyoo.co\/\",\"https:\/\/tr.pinterest.com\/geziyooco\/\",\"https:\/\/x.com\/https:\/\/twitter.com\/geziyoo\",\"https:\/\/www.youtube.com\/channel\/UCdiSMa6pe17KEY7DP1Ug4ag\"]}]}<\/script>\n<!-- \/ Yoast SEO plugin. -->","yoast_head_json":{"title":"Karavan Kiralayan Firmalar ve Siteler (G\u00fcncel 2025) - Geziyoo.co","description":"Karavan Kiralayan Firmalar ve \u0130nternet Siteleri i\u00e7eri\u011fimizde nereden ve hangi firmalardan karavan kiralayabilece\u011finizi aktard\u0131k.","robots":{"index":"index","follow":"follow","max-snippet":"max-snippet:-1","max-image-preview":"max-image-preview:large","max-video-preview":"max-video-preview:-1"},"canonical":"https:\/\/geziyoo.co\/blog\/karavan-kiralayan-firmalar-ve-internet-siteler\/","og_locale":"tr_TR","og_type":"article","og_title":"Karavan Kiralayan Firmalar ve Siteler (G\u00fcncel 2025) - Geziyoo.co","og_description":"Karavan Kiralayan Firmalar ve \u0130nternet Siteleri i\u00e7eri\u011fimizde nereden ve hangi firmalardan karavan kiralayabilece\u011finizi aktard\u0131k.","og_url":"https:\/\/geziyoo.co\/blog\/karavan-kiralayan-firmalar-ve-internet-siteler\/","og_site_name":"Geziyoo.co","article_publisher":"https:\/\/www.facebook.com\/Geziyooco","article_author":"https:\/\/www.facebook.com\/geziyoo.co","article_published_time":"2023-07-20T09:28:55+00:00","article_modified_time":"2026-01-23T14:07:38+00:00","og_image":[{"width":1200,"height":675,"url":"https:\/\/geziyoo.co\/blog\/wp-content\/uploads\/2023\/06\/Volkswagen-Transporter-Karavan-4-scaled.jpg","type":"image\/jpeg"}],"author":"Geziyoo","twitter_card":"summary_large_image","twitter_creator":"@https:\/\/twitter.com\/geziyoo","twitter_site":"@geziyoo","twitter_misc":{"Yazan:":"Geziyoo","Tahmini okuma s\u00fcresi":"8 dakika"},"schema":{"@context":"https:\/\/schema.org","@graph":[{"@type":"Article","@id":"https:\/\/geziyoo.co\/blog\/karavan-kiralayan-firmalar-ve-internet-siteler\/#article","isPartOf":{"@id":"https:\/\/geziyoo.co\/blog\/karavan-kiralayan-firmalar-ve-internet-siteler\/"},"author":{"name":"Geziyoo","@id":"https:\/\/geziyoo.co\/blog\/#\/schema\/person\/032acb2436540ed14784e7d978aef0e4"},"headline":"Karavan Kiralayan Firmalar ve Siteler (G\u00fcncel 2026)","datePublished":"2023-07-20T09:28:55+00:00","dateModified":"2026-01-23T14:07:38+00:00","mainEntityOfPage":{"@id":"https:\/\/geziyoo.co\/blog\/karavan-kiralayan-firmalar-ve-internet-siteler\/"},"wordCount":1538,"commentCount":0,"publisher":{"@id":"https:\/\/geziyoo.co\/blog\/#organization"},"image":{"@id":"https:\/\/geziyoo.co\/blog\/karavan-kiralayan-firmalar-ve-internet-siteler\/#primaryimage"},"thumbnailUrl":"https:\/\/geziyoo.co\/blog\/wp-content\/uploads\/2023\/06\/Volkswagen-Transporter-Karavan-4-scaled.jpg","articleSection":["Karavan \u0130pu\u00e7lar\u0131"],"inLanguage":"tr","potentialAction":[{"@type":"CommentAction","name":"Comment","target":["https:\/\/geziyoo.co\/blog\/karavan-kiralayan-firmalar-ve-internet-siteler\/#respond"]}]},{"@type":"WebPage","@id":"https:\/\/geziyoo.co\/blog\/karavan-kiralayan-firmalar-ve-internet-siteler\/","url":"https:\/\/geziyoo.co\/blog\/karavan-kiralayan-firmalar-ve-internet-siteler\/","name":"Karavan Kiralayan Firmalar ve Siteler (G\u00fcncel 2025) - Geziyoo.co","isPartOf":{"@id":"https:\/\/geziyoo.co\/blog\/#website"},"primaryImageOfPage":{"@id":"https:\/\/geziyoo.co\/blog\/karavan-kiralayan-firmalar-ve-internet-siteler\/#primaryimage"},"image":{"@id":"https:\/\/geziyoo.co\/blog\/karavan-kiralayan-firmalar-ve-internet-siteler\/#primaryimage"},"thumbnailUrl":"https:\/\/geziyoo.co\/blog\/wp-content\/uploads\/2023\/06\/Volkswagen-Transporter-Karavan-4-scaled.jpg","datePublished":"2023-07-20T09:28:55+00:00","dateModified":"2026-01-23T14:07:38+00:00","description":"Karavan Kiralayan Firmalar ve \u0130nternet Siteleri i\u00e7eri\u011fimizde nereden ve hangi firmalardan karavan kiralayabilece\u011finizi aktard\u0131k.","breadcrumb":{"@id":"https:\/\/geziyoo.co\/blog\/karavan-kiralayan-firmalar-ve-internet-siteler\/#breadcrumb"},"inLanguage":"tr","potentialAction":[{"@type":"ReadAction","target":["https:\/\/geziyoo.co\/blog\/karavan-kiralayan-firmalar-ve-internet-siteler\/"]}]},{"@type":"ImageObject","inLanguage":"tr","@id":"https:\/\/geziyoo.co\/blog\/karavan-kiralayan-firmalar-ve-internet-siteler\/#primaryimage","url":"https:\/\/geziyoo.co\/blog\/wp-content\/uploads\/2023\/06\/Volkswagen-Transporter-Karavan-4-scaled.jpg","contentUrl":"https:\/\/geziyoo.co\/blog\/wp-content\/uploads\/2023\/06\/Volkswagen-Transporter-Karavan-4-scaled.jpg","width":1200,"height":675},{"@type":"BreadcrumbList","@id":"https:\/\/geziyoo.co\/blog\/karavan-kiralayan-firmalar-ve-internet-siteler\/#breadcrumb","itemListElement":[{"@type":"ListItem","position":1,"name":"Ana sayfa","item":"https:\/\/geziyoo.co\/blog\/"},{"@type":"ListItem","position":2,"name":"Karavan Kiralayan Firmalar ve Siteler (G\u00fcncel 2026)"}]},{"@type":"WebSite","@id":"https:\/\/geziyoo.co\/blog\/#website","url":"https:\/\/geziyoo.co\/blog\/","name":"Geziyoo Blog","description":"GeziYoo Blog&#039;da T\u00fcrkiye&#039;nin en iyi kamp alanlar\u0131ndan bungalov tatillerine, karavan ipu\u00e7lar\u0131ndan gezi rehberlerine kadar her t\u00fcrl\u00fc do\u011fa deneyimini ke\u015ffedin.","publisher":{"@id":"https:\/\/geziyoo.co\/blog\/#organization"},"potentialAction":[{"@type":"SearchAction","target":{"@type":"EntryPoint","urlTemplate":"https:\/\/geziyoo.co\/blog\/?s={search_term_string}"},"query-input":{"@type":"PropertyValueSpecification","valueRequired":true,"valueName":"search_term_string"}}],"inLanguage":"tr"},{"@type":"Organization","@id":"https:\/\/geziyoo.co\/blog\/#organization","name":"Geziyoo.co","url":"https:\/\/geziyoo.co\/blog\/","logo":{"@type":"ImageObject","inLanguage":"tr","@id":"https:\/\/geziyoo.co\/blog\/#\/schema\/logo\/image\/","url":"https:\/\/geziyoo.co\/blog\/wp-content\/uploads\/2025\/01\/Paragraf-metniniz-3.png","contentUrl":"https:\/\/geziyoo.co\/blog\/wp-content\/uploads\/2025\/01\/Paragraf-metniniz-3.png","width":270,"height":50,"caption":"Geziyoo.co"},"image":{"@id":"https:\/\/geziyoo.co\/blog\/#\/schema\/logo\/image\/"},"sameAs":["https:\/\/www.facebook.com\/Geziyooco","https:\/\/x.com\/geziyoo","https:\/\/tr.pinterest.com\/geziyooco\/","https:\/\/www.youtube.com\/@geziyoo","https:\/\/www.instagram.com\/geziyoo.co\/"]},{"@type":"Person","@id":"https:\/\/geziyoo.co\/blog\/#\/schema\/person\/032acb2436540ed14784e7d978aef0e4","name":"Geziyoo","image":{"@type":"ImageObject","inLanguage":"tr","@id":"https:\/\/geziyoo.co\/blog\/#\/schema\/person\/image\/","url":"https:\/\/secure.gravatar.com\/avatar\/ae212a4514471fdb8cab6e5af4f3c99b940a2d0a16713ea0392c8d7c8a64f30a?s=96&d=mm&r=g","contentUrl":"https:\/\/secure.gravatar.com\/avatar\/ae212a4514471fdb8cab6e5af4f3c99b940a2d0a16713ea0392c8d7c8a64f30a?s=96&d=mm&r=g","caption":"Geziyoo"},"description":"Do\u011fa ile i\u00e7 i\u00e7e olabilece\u011finiz yerler,do\u011fa aktivite alanlar\u0131,kamp alanlar\u0131,bungalov oteller,Tiny House Oteller, Galampingler ve da\u011f evlerinin herkes i\u00e7in ula\u015f\u0131labilir olmas\u0131n\u0131 sa\u011flamak amac\u0131yla Geziyoo\u2019ya 2019 y\u0131l\u0131nda ba\u015flad\u0131k.Do\u011fal Tatil konseptini uygulayan en geni\u015f kapsaml\u0131 sitedir.","sameAs":["https:\/\/geziyoo.co\/","https:\/\/www.facebook.com\/geziyoo.co","https:\/\/www.instagram.com\/geziyoo.co\/","https:\/\/tr.pinterest.com\/geziyooco\/","https:\/\/x.com\/https:\/\/twitter.com\/geziyoo","https:\/\/www.youtube.com\/channel\/UCdiSMa6pe17KEY7DP1Ug4ag"]}]}},"amp_enabled":true,"_links":{"self":[{"href":"https:\/\/geziyoo.co\/blog\/wp-json\/wp\/v2\/posts\/13591","targetHints":{"allow":["GET"]}}],"collection":[{"href":"https:\/\/geziyoo.co\/blog\/wp-json\/wp\/v2\/posts"}],"about":[{"href":"https:\/\/geziyoo.co\/blog\/wp-json\/wp\/v2\/types\/post"}],"author":[{"embeddable":true,"href":"https:\/\/geziyoo.co\/blog\/wp-json\/wp\/v2\/users\/1"}],"replies":[{"embeddable":true,"href":"https:\/\/geziyoo.co\/blog\/wp-json\/wp\/v2\/comments?post=13591"}],"version-history":[{"count":0,"href":"https:\/\/geziyoo.co\/blog\/wp-json\/wp\/v2\/posts\/13591\/revisions"}],"wp:featuredmedia":[{"embeddable":true,"href":"https:\/\/geziyoo.co\/blog\/wp-json\/wp\/v2\/media\/13080"}],"wp:attachment":[{"href":"https:\/\/geziyoo.co\/blog\/wp-json\/wp\/v2\/media?parent=13591"}],"wp:term":[{"taxonomy":"category","embeddable":true,"href":"https:\/\/geziyoo.co\/blog\/wp-json\/wp\/v2\/categories?post=13591"},{"taxonomy":"post_tag","embeddable":true,"href":"https:\/\/geziyoo.co\/blog\/wp-json\/wp\/v2\/tags?post=13591"}],"curies":[{"name":"wp","href":"https:\/\/api.w.org\/{rel}","templated":true}]}}