{"id":13072,"date":"2023-06-08T12:23:51","date_gmt":"2023-06-08T12:23:51","guid":{"rendered":"https:\/\/geziyoo.co\/blog\/?p=13072"},"modified":"2026-01-23T14:02:21","modified_gmt":"2026-01-23T14:02:21","slug":"volkswagen-transporter-karavan","status":"publish","type":"post","link":"https:\/\/geziyoo.co\/blog\/volkswagen-transporter-karavan\/","title":{"rendered":"Volkswagen Transporter Karavan : \u00d6zellikleri, 2026 Fiyatlar\u0131"},"content":{"rendered":"\n<p><strong>Volkswagen Transporter Karavan  i\u00e7eri\u011fimizden herkese merhabalar bu i\u00e7eri\u011fimizde Volkswagen Transporter ara\u00e7lardan karavan olur mu? Neden tercih edilmeli vb bilgilere yer verece\u011fiz.<\/strong><\/p>\n\n\n\n<p>Volkswagen Transporter Karavan, geni\u015f i\u00e7 mekan\u0131, sa\u011flam yap\u0131s\u0131 ve \u00fcst\u00fcn teknik \u00f6zellikleriyle tan\u0131nan bir karavand\u0131r. Seyahat etmeyi sevenler i\u00e7in, evin konforunu yolculu\u011fa ta\u015f\u0131r. Ancak, Transporter&#8217;\u0131n avantajlar\u0131 sadece bu kadarla s\u0131n\u0131rl\u0131 de\u011fil.<\/p>\n\n\n\n<p>Volkswagen Transporter Karavan, rahatl\u0131\u011f\u0131n\u0131z ve konforunuz i\u00e7in tasarlanm\u0131\u015f bir karavand\u0131r. Uzun yolculuklar\u0131 kolay ve keyifli hale getiren geni\u015f ve esnek i\u00e7 mekan\u0131, g\u00fcvenilir Alman m\u00fchendisli\u011fi ve s\u00fcrekli olarak geli\u015fen teknik \u00f6zellikleri, onu seyahat severler i\u00e7in vazge\u00e7ilmez bir se\u00e7enek haline getirmi\u015ftir.<\/p>\n\n\n\n<p>Volkswagen Transporter Karavan, evinizin t\u00fcm konforunu yollara ta\u015f\u0131rken, ayn\u0131 zamanda \u00f6zg\u00fcrce ke\u015ffetmeniz i\u00e7in sizi te\u015fvik eder. Bu karavan, aile gezilerinden, uzun mesafeli seyahatlere, do\u011fa ka\u00e7amaklar\u0131na kadar her t\u00fcrl\u00fc yolculuk i\u00e7in ideal bir se\u00e7enektir.<\/p>\n\n\n\n<hr class=\"wp-block-separator has-css-opacity is-style-wide\"\/>\n\n\n\n<h2 class=\"wp-block-heading\">Volkswagen Transporter Karavan avantajlar\u0131<\/h2>\n\n\n\n<figure class=\"wp-block-image size-large is-resized\"><img decoding=\"async\" width=\"640\" height=\"425\" data-src=\"https:\/\/geziyoo.co\/blog\/wp-content\/uploads\/2023\/06\/Volkswagen-Transporter-Karavan-1.jpg\" alt=\"Volkswagen Transporter Karavan (Avantajlar\u0131,Dezavantajlar\u0131,\u00d6zellikleri)\" class=\"wp-image-13077 lazyload\" style=\"--smush-placeholder-width: 640px; --smush-placeholder-aspect-ratio: 640\/425;width:750px\" data-srcset=\"https:\/\/geziyoo.co\/blog\/wp-content\/uploads\/2023\/06\/Volkswagen-Transporter-Karavan-1.jpg 640w, https:\/\/geziyoo.co\/blog\/wp-content\/uploads\/2023\/06\/Volkswagen-Transporter-Karavan-1-300x199.jpg 300w\" data-sizes=\"(max-width: 640px) 100vw, 640px\" src=\"data:image\/gif;base64,R0lGODlhAQABAAAAACH5BAEKAAEALAAAAAABAAEAAAICTAEAOw==\" \/><\/figure>\n\n\n\n<p>Volkswagen Transporter karavan, \u00e7e\u015fitli avantajlar\u0131 ile bir\u00e7ok i\u015fletme ve birey i\u00e7in pop\u00fcler bir se\u00e7enektir. \u0130\u015fte Ford Transit Karavan\u2019\u0131n baz\u0131 avantajlar\u0131:<\/p>\n\n\n\n<p>Transporter Karavan&#8217;\u0131n en \u00f6nemli avantajlar\u0131ndan biri, geni\u015f ve konforlu i\u00e7 mekan\u0131d\u0131r. Bu alan, ayn\u0131 anda birka\u00e7 ki\u015fiyi rahatl\u0131kla a\u011f\u0131rlayabilecek \u015fekilde tasarlanm\u0131\u015ft\u0131r. \u00dcstelik yatak, mutfak ve tuvalet gibi evinize ait olan temel alanlar\u0131 araca \u00e7ok rahat uygulayabilir ve seyahetlerinizde bu konforlardan vazge\u00e7memi\u015f olursunuz<\/p>\n\n\n\n<p>Volkswagen&#8217;in Alman m\u00fchendisli\u011fi ile tasarlanan Transporter, her detayda kaliteyi hissettirir. Uzun s\u00fcreli ve zorlu yolculuklarda bile g\u00fcvenilir bir performans sunar ve karavan keyfinizin doruklara ula\u015fmas\u0131n\u0131 sa\u011flar.<\/p>\n\n\n\n<p>Transporter Karavan, esnek bir i\u00e7 mekan tasar\u0131m\u0131na sahiptir. \u0130htiya\u00e7lar\u0131n\u0131za g\u00f6re i\u00e7 mekan d\u00fczenlemesi yapabilir, isterseniz ekstra yatak veya depolama alan\u0131 olu\u015fturabilirsiniz.<\/p>\n\n\n\n<p>Transporter Karavan, y\u00fcksek y\u00fck kapasitesine sahip olmas\u0131yla bilinir. Bu sayede t\u00fcm e\u015fyalar\u0131n\u0131z\u0131 rahatl\u0131kla ta\u015f\u0131yabilirsiniz.<\/p>\n\n\n\n<p>Son nesil motor teknolojisi sayesinde, Transporter Karavan hem g\u00fc\u00e7l\u00fc hem de yak\u0131t verimli bir performans sunar.<\/p>\n\n\n\n<p>Modern bir infotainment sistemi, adaptif h\u0131z sabitleyici, park yard\u0131mc\u0131s\u0131 gibi teknolojik \u00f6zelliklere sahip olan Transporter Karavan, yolculuklar\u0131n\u0131z\u0131 daha g\u00fcvenli ve keyifli hale getirir.<\/p>\n\n\n\n<blockquote class=\"wp-block-quote quote-solid is-layout-flow wp-block-quote quote-solid-is-layout-flow\">\n<p><em>Geziyoo.co\u2019nunda \u00e7ekme karavan\u0131 oldu\u011funu biliyormuydunuz?\u00c7ekme karavan\u0131m\u0131z\u0131 g\u00f6rmek ve \u00e7ekti\u011fimiz e\u011flenceli videolar i\u00e7in&nbsp;<\/em><strong>INSTAGRAM<\/strong><em>&nbsp;hesab\u0131m\u0131z\u0131 takip etmenizi rica ediyoruz.<\/em><strong><em><a href=\"https:\/\/www.instagram.com\/geziyoo.co\/\" target=\"_blank\" rel=\"noreferrer noopener\">TAK\u0130P ET&gt;&gt;&gt;<\/a><\/em><\/strong><\/p>\n<\/blockquote>\n\n\n\n<hr class=\"wp-block-separator has-css-opacity is-style-wide\"\/>\n\n\n\n<h2 class=\"wp-block-heading\">Volkswagen Transporter Karavan dezavantajlar\u0131<\/h2>\n\n\n\n<figure class=\"wp-block-image size-large\"><img decoding=\"async\" width=\"1024\" height=\"683\" data-src=\"https:\/\/geziyoo.co\/blog\/wp-content\/uploads\/2023\/06\/Volkswagen-Transporter-Karavan-2-1024x683.jpg\" alt=\"\" class=\"wp-image-13078 lazyload\" data-srcset=\"https:\/\/geziyoo.co\/blog\/wp-content\/uploads\/2023\/06\/Volkswagen-Transporter-Karavan-2-1024x683.jpg 1024w, https:\/\/geziyoo.co\/blog\/wp-content\/uploads\/2023\/06\/Volkswagen-Transporter-Karavan-2-300x200.jpg 300w, https:\/\/geziyoo.co\/blog\/wp-content\/uploads\/2023\/06\/Volkswagen-Transporter-Karavan-2-768x512.jpg 768w, https:\/\/geziyoo.co\/blog\/wp-content\/uploads\/2023\/06\/Volkswagen-Transporter-Karavan-2.jpg 1087w\" data-sizes=\"(max-width: 1024px) 100vw, 1024px\" src=\"data:image\/gif;base64,R0lGODlhAQABAAAAACH5BAEKAAEALAAAAAABAAEAAAICTAEAOw==\" style=\"--smush-placeholder-width: 1024px; --smush-placeholder-aspect-ratio: 1024\/683;\" \/><\/figure>\n\n\n\n<p>Her karavanda oldu\u011fu gibi Volkswagen Transporter Karavan\u0131nda kendine has dezavantajlar\u0131 bulunmaktad\u0131r.Hadi birlikte bu dezaavantajlara g\u00f6z atal\u0131m.<\/p>\n\n\n\n<p>Volkswagen Transporter Karavan&#8217;\u0131n en \u00f6nemli dezavantajlar\u0131ndan biri, maliyeti olabilir. Bu kaliteli karavan\u0131n fiyat\u0131, di\u011fer markalar\u0131n karavanlar\u0131na g\u00f6re daha y\u00fcksek olabilir. Ayr\u0131ca, bak\u0131m ve par\u00e7a maliyetleri de y\u00fcksek olabilir.<\/p>\n\n\n\n<p>Transporter Karavan g\u00fc\u00e7l\u00fc bir ara\u00e7 olmas\u0131na ra\u011fmen, baz\u0131 durumlarda yak\u0131t t\u00fcketimi daha y\u00fcksek olabilir. \u00d6zellikle yo\u011fun trafikte veya h\u0131zl\u0131 s\u00fcr\u00fc\u015flerde yak\u0131t t\u00fcketimi artabilir.<\/p>\n\n\n\n<p>Transporter Karavan&#8217;\u0131n b\u00fcy\u00fckl\u00fc\u011f\u00fc, baz\u0131 durumlarda bir dezavantaj olabilir. B\u00fcy\u00fck boyutu, \u00f6zellikle dar ve kalabal\u0131k \u015fehir yollar\u0131nda veya park yerlerinde manevra yapmay\u0131 zorla\u015ft\u0131rabilir.<\/p>\n\n\n\n<blockquote class=\"wp-block-quote quote-solid is-layout-flow wp-block-quote quote-solid-is-layout-flow\">\n<p><em><em>Burada araya girelim.Bu tarz konular ilginizi \u00e7ekiyor ise&nbsp;<strong><em><a href=\"https:\/\/geziyoo.co\/blog\/karavan-rehberi\/\">KARAVAN \u0130PU\u00c7LARI<\/a><\/em><\/strong>&nbsp;ve&nbsp;<strong><em><a href=\"https:\/\/geziyoo.co\/blog\/kamp-kamp-onerileri\/\">KAMP \u0130PU\u00c7LARI<\/a><\/em><\/strong>&nbsp;i\u00e7eri\u011fimize bakman\u0131z\u0131 \u00f6neririz.<\/em><\/em><\/p>\n<\/blockquote>\n\n\n\n<hr class=\"wp-block-separator has-css-opacity is-style-wide\"\/>\n\n\n\n<h2 class=\"wp-block-heading\">Volkswagen Transporter Karavan&#8217;\u0131n Teknik \u00d6zelikleri<\/h2>\n\n\n\n<figure class=\"wp-block-image size-large\"><img decoding=\"async\" width=\"1024\" height=\"683\" data-src=\"https:\/\/geziyoo.co\/blog\/wp-content\/uploads\/2023\/06\/Volkswagen-Transporter-Karavan-3-1024x683.jpg\" alt=\"\" class=\"wp-image-13079 lazyload\" data-srcset=\"https:\/\/geziyoo.co\/blog\/wp-content\/uploads\/2023\/06\/Volkswagen-Transporter-Karavan-3-1024x683.jpg 1024w, https:\/\/geziyoo.co\/blog\/wp-content\/uploads\/2023\/06\/Volkswagen-Transporter-Karavan-3-300x200.jpg 300w, https:\/\/geziyoo.co\/blog\/wp-content\/uploads\/2023\/06\/Volkswagen-Transporter-Karavan-3-768x512.jpg 768w, https:\/\/geziyoo.co\/blog\/wp-content\/uploads\/2023\/06\/Volkswagen-Transporter-Karavan-3-scaled.jpg 1200w\" data-sizes=\"(max-width: 1024px) 100vw, 1024px\" src=\"data:image\/gif;base64,R0lGODlhAQABAAAAACH5BAEKAAEALAAAAAABAAEAAAICTAEAOw==\" style=\"--smush-placeholder-width: 1024px; --smush-placeholder-aspect-ratio: 1024\/683;\" \/><\/figure>\n\n\n\n<h3 class=\"wp-block-heading\">Motor ve Performans:<\/h3>\n\n\n\n<ul class=\"wp-block-list\">\n<li><strong>Motor Se\u00e7enekleri:<\/strong> Transporter Karavan genellikle 2.0 litrelik TDI motorlarla geliyor. Bu motorlar g\u00fc\u00e7lerini 110 beygirden 204 beygire kadar de\u011fi\u015fiklik g\u00f6sterebilir.<\/li>\n\n\n\n<li><strong>\u015eanz\u0131man: <\/strong>Transporter, 5 ila 7 vitesli manuel veya 7 vitesli DSG otomatik \u015fanz\u0131man se\u00e7enekleriyle gelir.<\/li>\n<\/ul>\n\n\n\n<h3 class=\"wp-block-heading\">Boyutlar ve Kapasite:<\/h3>\n\n\n\n<ul class=\"wp-block-list\">\n<li><strong>Boyutlar:<\/strong> Transporter Karavan, genellikle yakla\u015f\u0131k 4.9 metreden 5.3 metreye kadar de\u011fi\u015fen uzunlu\u011fa, yakla\u015f\u0131k 1.9 metre geni\u015fli\u011fe ve 1.9 ila 2.2 metre aras\u0131nda de\u011fi\u015fen y\u00fcksekli\u011fe sahiptir.<\/li>\n\n\n\n<li><strong>Y\u00fck Kapasitesi:<\/strong> Y\u00fck kapasitesi model ve konfig\u00fcrasyona ba\u011fl\u0131 olarak de\u011fi\u015fiklik g\u00f6sterebilir, ama genellikle 800 ila 1300 kg aras\u0131nda olabilir.<\/li>\n\n\n\n<li><strong>\u00c7ekme Kapasitesi: <\/strong>Transporter Karavan&#8217;\u0131n \u00e7ekme kapasitesi, yakla\u015f\u0131k 2.5 ton olabilir.<\/li>\n<\/ul>\n\n\n\n<h3 class=\"wp-block-heading\">Yak\u0131t T\u00fcketimi:<\/h3>\n\n\n\n<ul class=\"wp-block-list\">\n<li><strong>Yak\u0131t Verimlili\u011fi: <\/strong>Yak\u0131t t\u00fcketimi, motor tipine ve s\u00fcr\u00fc\u015f ko\u015fullar\u0131na ba\u011fl\u0131 olarak de\u011fi\u015fir, ama genellikle 8 ila 10 litre\/100 km aras\u0131nda olabilir.<\/li>\n<\/ul>\n\n\n\n<h3 class=\"wp-block-heading\">Teknoloji ve G\u00fcvenlik:<\/h3>\n\n\n\n<ul class=\"wp-block-list\">\n<li><strong>Teknoloji: <\/strong>Transporter Karavan, modern bir infotainment sistemi, adaptif h\u0131z sabitleyici ve park yard\u0131mc\u0131s\u0131 gibi teknolojik \u00f6zelliklere sahiptir.<\/li>\n\n\n\n<li><strong>G\u00fcvenlik: <\/strong>Transporter, bir dizi g\u00fcvenlik \u00f6zelli\u011fi sunar. Bunlar aras\u0131nda ABS fren sistemi, hava yast\u0131klar\u0131, \u00e7eki\u015f kontrol\u00fc ve elektronik stabilite program\u0131 bulunur.<\/li>\n<\/ul>\n\n\n\n<hr class=\"wp-block-separator has-alpha-channel-opacity is-style-wide\"\/>\n\n\n\n<h2 class=\"wp-block-heading\">Volkswagen Transporter Karavan 2026 Y\u0131l\u0131 Fiyatlar\u0131<\/h2>\n\n\n\n<figure class=\"wp-block-image size-large\"><img decoding=\"async\" width=\"1024\" height=\"683\" data-src=\"https:\/\/geziyoo.co\/blog\/wp-content\/uploads\/2023\/06\/Volkswagen-Transporter-Karavan-2-1024x683.jpg\" alt=\"\" class=\"wp-image-13078 lazyload\" data-srcset=\"https:\/\/geziyoo.co\/blog\/wp-content\/uploads\/2023\/06\/Volkswagen-Transporter-Karavan-2-1024x683.jpg 1024w, https:\/\/geziyoo.co\/blog\/wp-content\/uploads\/2023\/06\/Volkswagen-Transporter-Karavan-2-300x200.jpg 300w, https:\/\/geziyoo.co\/blog\/wp-content\/uploads\/2023\/06\/Volkswagen-Transporter-Karavan-2-768x512.jpg 768w, https:\/\/geziyoo.co\/blog\/wp-content\/uploads\/2023\/06\/Volkswagen-Transporter-Karavan-2.jpg 1087w\" data-sizes=\"(max-width: 1024px) 100vw, 1024px\" src=\"data:image\/gif;base64,R0lGODlhAQABAAAAACH5BAEKAAEALAAAAAABAAEAAAICTAEAOw==\" style=\"--smush-placeholder-width: 1024px; --smush-placeholder-aspect-ratio: 1024\/683;\" \/><\/figure>\n\n\n\n<p>Volkswagen Transporter, T\u00fcrkiye\u2019de <strong>2026<\/strong> y\u0131l\u0131 itibar\u0131yla s\u0131f\u0131r ara\u00e7larda <strong>2.550.000 TL<\/strong>\u2019den ba\u015flayan fiyatlarla sat\u0131\u015fa sunulmaktad\u0131r. Bu fiyat, arac\u0131n donan\u0131m seviyesi ve tercih edilen opsiyonlara g\u00f6re de\u011fi\u015fiklik g\u00f6sterebilir. G\u00fcncel fiyatlar ve di\u011fer detaylar i\u00e7in firman\u0131n internet sitesini ziyaret etmeniz \u00f6nerilir.<\/p>\n\n\n\n<p>\u015eu anda 2. el Volkswagen Transporter karavan almak isterseniz, fiyatlar <strong>1.750.000 TL<\/strong>\u2019den ba\u015flay\u0131p, arac\u0131n modeli, y\u0131l\u0131 ve donan\u0131m\u0131na g\u00f6re <strong>5.300.000 TL<\/strong>&#8216;ye kadar \u00e7\u0131kabilmektedir. Ortalama olarak, <strong>2.100.000 TL<\/strong> civar\u0131nda bir b\u00fct\u00e7eyle iyi bir Volkswagen Transporter karavan sahibi olabilirsiniz.<\/p>\n\n\n\n<p>Bir arac\u0131 karavana d\u00f6n\u00fc\u015ft\u00fcrme maliyeti ise tercih edilen \u00f6zelliklere ba\u011fl\u0131 olarak de\u011fi\u015fmektedir. <strong>2026<\/strong> y\u0131l\u0131 itibar\u0131yla, karavana d\u00f6n\u00fc\u015ft\u00fcrme maliyetleri <strong>1.250.000 TL<\/strong> ile <strong>2.400.000 TL<\/strong> aras\u0131nda de\u011fi\u015fmektedir. Bu maliyetler, kullan\u0131lan malzeme, tasar\u0131m detaylar\u0131 ve artan i\u015f\u00e7ilik \u00fccretlerine g\u00f6re art\u0131\u015f g\u00f6sterebilir.<\/p>\n\n\n\n<hr class=\"wp-block-separator has-css-opacity is-style-wide\"\/>\n\n\n\n<h2 class=\"wp-block-heading\">Neden Volkswagen Transporter Karavan Tercih Edilebilir?<\/h2>\n\n\n\n<figure class=\"wp-block-image size-large\"><img decoding=\"async\" width=\"1024\" height=\"576\" data-src=\"https:\/\/geziyoo.co\/blog\/wp-content\/uploads\/2023\/06\/Volkswagen-Transporter-Karavan-4-1024x576.jpg\" alt=\"\" class=\"wp-image-13080 lazyload\" data-srcset=\"https:\/\/geziyoo.co\/blog\/wp-content\/uploads\/2023\/06\/Volkswagen-Transporter-Karavan-4-1024x576.jpg 1024w, https:\/\/geziyoo.co\/blog\/wp-content\/uploads\/2023\/06\/Volkswagen-Transporter-Karavan-4-300x169.jpg 300w, https:\/\/geziyoo.co\/blog\/wp-content\/uploads\/2023\/06\/Volkswagen-Transporter-Karavan-4-768x432.jpg 768w, https:\/\/geziyoo.co\/blog\/wp-content\/uploads\/2023\/06\/Volkswagen-Transporter-Karavan-4-390x220.jpg 390w, https:\/\/geziyoo.co\/blog\/wp-content\/uploads\/2023\/06\/Volkswagen-Transporter-Karavan-4-scaled.jpg 1200w\" data-sizes=\"(max-width: 1024px) 100vw, 1024px\" src=\"data:image\/gif;base64,R0lGODlhAQABAAAAACH5BAEKAAEALAAAAAABAAEAAAICTAEAOw==\" style=\"--smush-placeholder-width: 1024px; --smush-placeholder-aspect-ratio: 1024\/576;\" \/><\/figure>\n\n\n\n<p>Yukar\u0131 k\u0131s\u0131mda <strong>Volkswagen Transporter karavan<\/strong> i\u00e7in bir \u00e7ok detay\u0131 aktard\u0131k.Peki Neden karavan yap\u0131m\u0131 i\u00e7in Ford Transit tercih edilebilir.Hadi birlikte buna bakal\u0131m.<\/p>\n\n\n\n<ul class=\"wp-block-list\">\n<li>Transporter Karavan, geni\u015f ve konforlu bir i\u00e7 mekan sunar. Bu, uzun s\u00fcreli yolculuklarda daha rahat ve huzurlu bir deneyim ya\u015faman\u0131z\u0131 sa\u011flar.<\/li>\n\n\n\n<li>Volkswagen markas\u0131, d\u00fcnya genelinde kalitesi ve g\u00fcvenilirli\u011fi ile tan\u0131n\u0131r. Transporter Karavan da bu g\u00fcvenilirlikten yararlan\u0131r. Bu ara\u00e7, zorlu yol ko\u015fullar\u0131nda bile sizi yar\u0131 yolda b\u0131rakmayacak bir performans sergiler.<\/li>\n\n\n\n<li>Transporter Karavan&#8217;\u0131n i\u00e7 mekan\u0131, ihtiya\u00e7lar\u0131n\u0131za g\u00f6re \u015fekillendirilebilir. Yataklar\u0131, masa ve sandalyeleri, mutfak ve tuvalet gibi \u00f6zellikler ara\u00e7 i\u00e7erisinde yer al\u0131r. Bu, Transporter&#8217;\u0131 hem k\u0131sa hem de uzun yolculuklar i\u00e7in ideal bir se\u00e7enek haline getirir.<\/li>\n\n\n\n<li>Transporter Karavan, y\u00fcksek \u00e7ekme kapasitesine sahip olup, r\u00f6mork veya ek ekipmanlar\u0131 \u00e7ekebilme yetene\u011fi sunar. Bu, seyahatlerde ekstra e\u015fya veya ekipman ta\u015f\u0131man\u0131z gerekti\u011finde son derece faydal\u0131d\u0131r.<\/li>\n\n\n\n<li>Transporter Karavan, yolculuklar\u0131n\u0131z\u0131 daha e\u011flenceli ve g\u00fcvenli hale getiren bir dizi modern teknolojiye sahiptir. Bu \u00f6zellikler aras\u0131nda infotainment sistemi, navigasyon, adaptif h\u0131z sabitleyici ve daha fazlas\u0131 bulunur.<\/li>\n<\/ul>\n\n\n\n<p>Volkswagen Transporter karavan (Avantajlar\u0131,Dezavantajlar\u0131,\u00d6zellikleri) i\u00e7eri\u011fimizin sonuna geldik.Karavan yapmak isteyenler i\u00e7in Volkswagen Transporter ile ilgili bilgilere yer verdik.Umar\u0131z bir an \u00f6nce karavan\u0131n\u0131z\u0131 yapar ve yollara d\u00fc\u015fersiniz.Yollarda sisinle birlikte olabilmek i\u00e7in bir \u00e7ok karavan kamp alan\u0131na yer verdik.<strong><em><a href=\"https:\/\/geziyoo.co\/listing-category\/turkiye-karavan-alanlari-ve-parklari\/\">KARAVAN KAMP YERLER\u0130<\/a><\/em><\/strong> sayfam\u0131za bakarak bir \u00e7ok ke\u015ffedilmemi\u015f yeri ke\u015ffedebilirsiniz.<\/p>\n\n\n\n<p>Bu arada Volkswagen Transporter kafan\u0131za yatmad\u0131 m\u0131? \u015eu ara\u00e7larda i\u015finize yarayabilir.Bu i\u00e7eriklerimizi de inceleyerek hayalinizdeki karavana ula\u015fabilirsiniz. <strong><em><a href=\"https:\/\/geziyoo.co\/blog\/ford-transit-karavan\/\" data-type=\"post\" data-id=\"13083\">Ford Transit<\/a><\/em><\/strong> , <strong><em><a href=\"https:\/\/geziyoo.co\/blog\/mercedes-sprinter-karavan-hakkinda\/\" data-type=\"post\" data-id=\"13058\">Mercedes Sprinter<\/a><\/em><\/strong> ,<strong><em><a href=\"https:\/\/geziyoo.co\/blog\/ducato-karavan-hakkinda-bilinmessi-gerekenler\/\" data-type=\"post\" data-id=\"12789\">Fiat Ducato<\/a><\/em><\/strong><\/p>\n\n\n\n<hr class=\"wp-block-separator has-css-opacity is-style-wide\"\/>\n\n\n\n<h3 class=\"wp-block-heading\">Bunlar\u0131 da Sevebilirsiniz;<\/h3>\n\n\n<ul class=\"wp-block-latest-posts__list wp-block-latest-posts\"><li><a class=\"wp-block-latest-posts__post-title\" href=\"https:\/\/geziyoo.co\/blog\/karavan-yemegi-menusu-planlayicisi\/\">Karavan Yeme\u011fi Men\u00fcs\u00fc Planlay\u0131c\u0131s\u0131<\/a><\/li>\n<li><a class=\"wp-block-latest-posts__post-title\" href=\"https:\/\/geziyoo.co\/blog\/karavan-agirlik-merkezi-ve-yuk-hesaplama-araci\/\">Karavan A\u011f\u0131rl\u0131k Merkezi ve Y\u00fck Hesaplama Arac\u0131<\/a><\/li>\n<li><a class=\"wp-block-latest-posts__post-title\" href=\"https:\/\/geziyoo.co\/blog\/o1-belgeli-karavanlarin-tescili-zorunlu-mu\/\">O1 Kategorisi Karavan ve R\u00f6morklar\u0131n Tescili Zorunlu Oldu<\/a><\/li>\n<\/ul>","protected":false},"excerpt":{"rendered":"<p>Volkswagen Transporter Karavan i\u00e7eri\u011fimizden herkese merhabalar bu i\u00e7eri\u011fimizde Volkswagen Transporter ara\u00e7lardan karavan olur mu? Neden tercih edilmeli vb bilgilere yer verece\u011fiz. Volkswagen Transporter Karavan, geni\u015f i\u00e7 mekan\u0131, sa\u011flam yap\u0131s\u0131 ve \u00fcst\u00fcn teknik \u00f6zellikleriyle tan\u0131nan bir karavand\u0131r. Seyahat etmeyi sevenler i\u00e7in, evin konforunu yolculu\u011fa ta\u015f\u0131r. Ancak, Transporter&#8217;\u0131n avantajlar\u0131 sadece bu kadarla s\u0131n\u0131rl\u0131 de\u011fil. Volkswagen Transporter Karavan, &hellip;<\/p>\n","protected":false},"author":1,"featured_media":13080,"comment_status":"open","ping_status":"closed","sticky":false,"template":"","format":"standard","meta":{"footnotes":""},"categories":[33],"tags":[],"class_list":["post-13072","post","type-post","status-publish","format-standard","has-post-thumbnail","hentry","category-karavanipuclari"],"yoast_head":"<!-- This site is optimized with the Yoast SEO plugin v26.9 - https:\/\/yoast.com\/product\/yoast-seo-wordpress\/ -->\n<title>Volkswagen Transporter Karavan: \u00d6zellikler, 2026 Fiyat\u0131 | Geziyoo<\/title>\n<meta name=\"description\" content=\"Bu i\u00e7eri\u011fimizde Volkswagen Transporter ara\u00e7lardan karavan olur mu?2026 Volkswagen Transporter Karavan fiyatlar\u0131 var.ve fazlas\u0131 var\" \/>\n<meta name=\"robots\" content=\"index, follow, max-snippet:-1, max-image-preview:large, max-video-preview:-1\" \/>\n<link rel=\"canonical\" href=\"http:\/\/geziyoo.co\/blog\/volkswagen-transporter-karavan\/\" \/>\n<meta property=\"og:locale\" content=\"tr_TR\" \/>\n<meta property=\"og:type\" content=\"article\" \/>\n<meta property=\"og:title\" content=\"Volkswagen Transporter Karavan: \u00d6zellikler, 2026 Fiyat\u0131 | Geziyoo\" \/>\n<meta property=\"og:description\" content=\"Bu i\u00e7eri\u011fimizde Volkswagen Transporter ara\u00e7lardan karavan olur mu?2026 Volkswagen Transporter Karavan fiyatlar\u0131 var.ve fazlas\u0131 var\" \/>\n<meta property=\"og:url\" content=\"http:\/\/geziyoo.co\/blog\/volkswagen-transporter-karavan\/\" \/>\n<meta property=\"og:site_name\" content=\"Geziyoo.co\" \/>\n<meta property=\"article:publisher\" content=\"https:\/\/www.facebook.com\/Geziyooco\" \/>\n<meta property=\"article:author\" content=\"https:\/\/www.facebook.com\/geziyoo.co\" \/>\n<meta property=\"article:published_time\" content=\"2023-06-08T12:23:51+00:00\" \/>\n<meta property=\"article:modified_time\" content=\"2026-01-23T14:02:21+00:00\" \/>\n<meta property=\"og:image\" content=\"http:\/\/geziyoo.co\/blog\/wp-content\/uploads\/2023\/06\/Volkswagen-Transporter-Karavan-4-scaled.jpg\" \/>\n\t<meta property=\"og:image:width\" content=\"1200\" \/>\n\t<meta property=\"og:image:height\" content=\"675\" \/>\n\t<meta property=\"og:image:type\" content=\"image\/jpeg\" \/>\n<meta name=\"author\" content=\"Geziyoo\" \/>\n<meta name=\"twitter:card\" content=\"summary_large_image\" \/>\n<meta name=\"twitter:creator\" content=\"@https:\/\/twitter.com\/geziyoo\" \/>\n<meta name=\"twitter:site\" content=\"@geziyoo\" \/>\n<meta name=\"twitter:label1\" content=\"Yazan:\" \/>\n\t<meta name=\"twitter:data1\" content=\"Geziyoo\" \/>\n\t<meta name=\"twitter:label2\" content=\"Tahmini okuma s\u00fcresi\" \/>\n\t<meta name=\"twitter:data2\" content=\"7 dakika\" \/>\n<script type=\"application\/ld+json\" class=\"yoast-schema-graph\">{\"@context\":\"https:\/\/schema.org\",\"@graph\":[{\"@type\":\"Article\",\"@id\":\"http:\/\/geziyoo.co\/blog\/volkswagen-transporter-karavan\/#article\",\"isPartOf\":{\"@id\":\"http:\/\/geziyoo.co\/blog\/volkswagen-transporter-karavan\/\"},\"author\":{\"name\":\"Geziyoo\",\"@id\":\"https:\/\/geziyoo.co\/blog\/#\/schema\/person\/032acb2436540ed14784e7d978aef0e4\"},\"headline\":\"Volkswagen Transporter Karavan : \u00d6zellikleri, 2026 Fiyatlar\u0131\",\"datePublished\":\"2023-06-08T12:23:51+00:00\",\"dateModified\":\"2026-01-23T14:02:21+00:00\",\"mainEntityOfPage\":{\"@id\":\"http:\/\/geziyoo.co\/blog\/volkswagen-transporter-karavan\/\"},\"wordCount\":1253,\"commentCount\":0,\"publisher\":{\"@id\":\"https:\/\/geziyoo.co\/blog\/#organization\"},\"image\":{\"@id\":\"http:\/\/geziyoo.co\/blog\/volkswagen-transporter-karavan\/#primaryimage\"},\"thumbnailUrl\":\"https:\/\/geziyoo.co\/blog\/wp-content\/uploads\/2023\/06\/Volkswagen-Transporter-Karavan-4-scaled.jpg\",\"articleSection\":[\"Karavan \u0130pu\u00e7lar\u0131\"],\"inLanguage\":\"tr\",\"potentialAction\":[{\"@type\":\"CommentAction\",\"name\":\"Comment\",\"target\":[\"http:\/\/geziyoo.co\/blog\/volkswagen-transporter-karavan\/#respond\"]}]},{\"@type\":\"WebPage\",\"@id\":\"http:\/\/geziyoo.co\/blog\/volkswagen-transporter-karavan\/\",\"url\":\"http:\/\/geziyoo.co\/blog\/volkswagen-transporter-karavan\/\",\"name\":\"Volkswagen Transporter Karavan: \u00d6zellikler, 2026 Fiyat\u0131 | Geziyoo\",\"isPartOf\":{\"@id\":\"https:\/\/geziyoo.co\/blog\/#website\"},\"primaryImageOfPage\":{\"@id\":\"http:\/\/geziyoo.co\/blog\/volkswagen-transporter-karavan\/#primaryimage\"},\"image\":{\"@id\":\"http:\/\/geziyoo.co\/blog\/volkswagen-transporter-karavan\/#primaryimage\"},\"thumbnailUrl\":\"https:\/\/geziyoo.co\/blog\/wp-content\/uploads\/2023\/06\/Volkswagen-Transporter-Karavan-4-scaled.jpg\",\"datePublished\":\"2023-06-08T12:23:51+00:00\",\"dateModified\":\"2026-01-23T14:02:21+00:00\",\"description\":\"Bu i\u00e7eri\u011fimizde Volkswagen Transporter ara\u00e7lardan karavan olur mu?2026 Volkswagen Transporter Karavan fiyatlar\u0131 var.ve fazlas\u0131 var\",\"breadcrumb\":{\"@id\":\"http:\/\/geziyoo.co\/blog\/volkswagen-transporter-karavan\/#breadcrumb\"},\"inLanguage\":\"tr\",\"potentialAction\":[{\"@type\":\"ReadAction\",\"target\":[\"http:\/\/geziyoo.co\/blog\/volkswagen-transporter-karavan\/\"]}]},{\"@type\":\"ImageObject\",\"inLanguage\":\"tr\",\"@id\":\"http:\/\/geziyoo.co\/blog\/volkswagen-transporter-karavan\/#primaryimage\",\"url\":\"https:\/\/geziyoo.co\/blog\/wp-content\/uploads\/2023\/06\/Volkswagen-Transporter-Karavan-4-scaled.jpg\",\"contentUrl\":\"https:\/\/geziyoo.co\/blog\/wp-content\/uploads\/2023\/06\/Volkswagen-Transporter-Karavan-4-scaled.jpg\",\"width\":1200,\"height\":675},{\"@type\":\"BreadcrumbList\",\"@id\":\"http:\/\/geziyoo.co\/blog\/volkswagen-transporter-karavan\/#breadcrumb\",\"itemListElement\":[{\"@type\":\"ListItem\",\"position\":1,\"name\":\"Ana sayfa\",\"item\":\"https:\/\/geziyoo.co\/blog\/\"},{\"@type\":\"ListItem\",\"position\":2,\"name\":\"Volkswagen Transporter Karavan : \u00d6zellikleri, 2026 Fiyatlar\u0131\"}]},{\"@type\":\"WebSite\",\"@id\":\"https:\/\/geziyoo.co\/blog\/#website\",\"url\":\"https:\/\/geziyoo.co\/blog\/\",\"name\":\"Geziyoo Blog\",\"description\":\"GeziYoo Blog&#039;da T\u00fcrkiye&#039;nin en iyi kamp alanlar\u0131ndan bungalov tatillerine, karavan ipu\u00e7lar\u0131ndan gezi rehberlerine kadar her t\u00fcrl\u00fc do\u011fa deneyimini ke\u015ffedin.\",\"publisher\":{\"@id\":\"https:\/\/geziyoo.co\/blog\/#organization\"},\"potentialAction\":[{\"@type\":\"SearchAction\",\"target\":{\"@type\":\"EntryPoint\",\"urlTemplate\":\"https:\/\/geziyoo.co\/blog\/?s={search_term_string}\"},\"query-input\":{\"@type\":\"PropertyValueSpecification\",\"valueRequired\":true,\"valueName\":\"search_term_string\"}}],\"inLanguage\":\"tr\"},{\"@type\":\"Organization\",\"@id\":\"https:\/\/geziyoo.co\/blog\/#organization\",\"name\":\"Geziyoo.co\",\"url\":\"https:\/\/geziyoo.co\/blog\/\",\"logo\":{\"@type\":\"ImageObject\",\"inLanguage\":\"tr\",\"@id\":\"https:\/\/geziyoo.co\/blog\/#\/schema\/logo\/image\/\",\"url\":\"https:\/\/geziyoo.co\/blog\/wp-content\/uploads\/2025\/01\/Paragraf-metniniz-3.png\",\"contentUrl\":\"https:\/\/geziyoo.co\/blog\/wp-content\/uploads\/2025\/01\/Paragraf-metniniz-3.png\",\"width\":270,\"height\":50,\"caption\":\"Geziyoo.co\"},\"image\":{\"@id\":\"https:\/\/geziyoo.co\/blog\/#\/schema\/logo\/image\/\"},\"sameAs\":[\"https:\/\/www.facebook.com\/Geziyooco\",\"https:\/\/x.com\/geziyoo\",\"https:\/\/tr.pinterest.com\/geziyooco\/\",\"https:\/\/www.youtube.com\/@geziyoo\",\"https:\/\/www.instagram.com\/geziyoo.co\/\"]},{\"@type\":\"Person\",\"@id\":\"https:\/\/geziyoo.co\/blog\/#\/schema\/person\/032acb2436540ed14784e7d978aef0e4\",\"name\":\"Geziyoo\",\"image\":{\"@type\":\"ImageObject\",\"inLanguage\":\"tr\",\"@id\":\"https:\/\/geziyoo.co\/blog\/#\/schema\/person\/image\/\",\"url\":\"https:\/\/secure.gravatar.com\/avatar\/ae212a4514471fdb8cab6e5af4f3c99b940a2d0a16713ea0392c8d7c8a64f30a?s=96&d=mm&r=g\",\"contentUrl\":\"https:\/\/secure.gravatar.com\/avatar\/ae212a4514471fdb8cab6e5af4f3c99b940a2d0a16713ea0392c8d7c8a64f30a?s=96&d=mm&r=g\",\"caption\":\"Geziyoo\"},\"description\":\"Do\u011fa ile i\u00e7 i\u00e7e olabilece\u011finiz yerler,do\u011fa aktivite alanlar\u0131,kamp alanlar\u0131,bungalov oteller,Tiny House Oteller, Galampingler ve da\u011f evlerinin herkes i\u00e7in ula\u015f\u0131labilir olmas\u0131n\u0131 sa\u011flamak amac\u0131yla Geziyoo\u2019ya 2019 y\u0131l\u0131nda ba\u015flad\u0131k.Do\u011fal Tatil konseptini uygulayan en geni\u015f kapsaml\u0131 sitedir.\",\"sameAs\":[\"https:\/\/geziyoo.co\/\",\"https:\/\/www.facebook.com\/geziyoo.co\",\"https:\/\/www.instagram.com\/geziyoo.co\/\",\"https:\/\/tr.pinterest.com\/geziyooco\/\",\"https:\/\/x.com\/https:\/\/twitter.com\/geziyoo\",\"https:\/\/www.youtube.com\/channel\/UCdiSMa6pe17KEY7DP1Ug4ag\"]}]}<\/script>\n<!-- \/ Yoast SEO plugin. -->","yoast_head_json":{"title":"Volkswagen Transporter Karavan: \u00d6zellikler, 2026 Fiyat\u0131 | Geziyoo","description":"Bu i\u00e7eri\u011fimizde Volkswagen Transporter ara\u00e7lardan karavan olur mu?2026 Volkswagen Transporter Karavan fiyatlar\u0131 var.ve fazlas\u0131 var","robots":{"index":"index","follow":"follow","max-snippet":"max-snippet:-1","max-image-preview":"max-image-preview:large","max-video-preview":"max-video-preview:-1"},"canonical":"http:\/\/geziyoo.co\/blog\/volkswagen-transporter-karavan\/","og_locale":"tr_TR","og_type":"article","og_title":"Volkswagen Transporter Karavan: \u00d6zellikler, 2026 Fiyat\u0131 | Geziyoo","og_description":"Bu i\u00e7eri\u011fimizde Volkswagen Transporter ara\u00e7lardan karavan olur mu?2026 Volkswagen Transporter Karavan fiyatlar\u0131 var.ve fazlas\u0131 var","og_url":"http:\/\/geziyoo.co\/blog\/volkswagen-transporter-karavan\/","og_site_name":"Geziyoo.co","article_publisher":"https:\/\/www.facebook.com\/Geziyooco","article_author":"https:\/\/www.facebook.com\/geziyoo.co","article_published_time":"2023-06-08T12:23:51+00:00","article_modified_time":"2026-01-23T14:02:21+00:00","og_image":[{"width":1200,"height":675,"url":"http:\/\/geziyoo.co\/blog\/wp-content\/uploads\/2023\/06\/Volkswagen-Transporter-Karavan-4-scaled.jpg","type":"image\/jpeg"}],"author":"Geziyoo","twitter_card":"summary_large_image","twitter_creator":"@https:\/\/twitter.com\/geziyoo","twitter_site":"@geziyoo","twitter_misc":{"Yazan:":"Geziyoo","Tahmini okuma s\u00fcresi":"7 dakika"},"schema":{"@context":"https:\/\/schema.org","@graph":[{"@type":"Article","@id":"http:\/\/geziyoo.co\/blog\/volkswagen-transporter-karavan\/#article","isPartOf":{"@id":"http:\/\/geziyoo.co\/blog\/volkswagen-transporter-karavan\/"},"author":{"name":"Geziyoo","@id":"https:\/\/geziyoo.co\/blog\/#\/schema\/person\/032acb2436540ed14784e7d978aef0e4"},"headline":"Volkswagen Transporter Karavan : \u00d6zellikleri, 2026 Fiyatlar\u0131","datePublished":"2023-06-08T12:23:51+00:00","dateModified":"2026-01-23T14:02:21+00:00","mainEntityOfPage":{"@id":"http:\/\/geziyoo.co\/blog\/volkswagen-transporter-karavan\/"},"wordCount":1253,"commentCount":0,"publisher":{"@id":"https:\/\/geziyoo.co\/blog\/#organization"},"image":{"@id":"http:\/\/geziyoo.co\/blog\/volkswagen-transporter-karavan\/#primaryimage"},"thumbnailUrl":"https:\/\/geziyoo.co\/blog\/wp-content\/uploads\/2023\/06\/Volkswagen-Transporter-Karavan-4-scaled.jpg","articleSection":["Karavan \u0130pu\u00e7lar\u0131"],"inLanguage":"tr","potentialAction":[{"@type":"CommentAction","name":"Comment","target":["http:\/\/geziyoo.co\/blog\/volkswagen-transporter-karavan\/#respond"]}]},{"@type":"WebPage","@id":"http:\/\/geziyoo.co\/blog\/volkswagen-transporter-karavan\/","url":"http:\/\/geziyoo.co\/blog\/volkswagen-transporter-karavan\/","name":"Volkswagen Transporter Karavan: \u00d6zellikler, 2026 Fiyat\u0131 | Geziyoo","isPartOf":{"@id":"https:\/\/geziyoo.co\/blog\/#website"},"primaryImageOfPage":{"@id":"http:\/\/geziyoo.co\/blog\/volkswagen-transporter-karavan\/#primaryimage"},"image":{"@id":"http:\/\/geziyoo.co\/blog\/volkswagen-transporter-karavan\/#primaryimage"},"thumbnailUrl":"https:\/\/geziyoo.co\/blog\/wp-content\/uploads\/2023\/06\/Volkswagen-Transporter-Karavan-4-scaled.jpg","datePublished":"2023-06-08T12:23:51+00:00","dateModified":"2026-01-23T14:02:21+00:00","description":"Bu i\u00e7eri\u011fimizde Volkswagen Transporter ara\u00e7lardan karavan olur mu?2026 Volkswagen Transporter Karavan fiyatlar\u0131 var.ve fazlas\u0131 var","breadcrumb":{"@id":"http:\/\/geziyoo.co\/blog\/volkswagen-transporter-karavan\/#breadcrumb"},"inLanguage":"tr","potentialAction":[{"@type":"ReadAction","target":["http:\/\/geziyoo.co\/blog\/volkswagen-transporter-karavan\/"]}]},{"@type":"ImageObject","inLanguage":"tr","@id":"http:\/\/geziyoo.co\/blog\/volkswagen-transporter-karavan\/#primaryimage","url":"https:\/\/geziyoo.co\/blog\/wp-content\/uploads\/2023\/06\/Volkswagen-Transporter-Karavan-4-scaled.jpg","contentUrl":"https:\/\/geziyoo.co\/blog\/wp-content\/uploads\/2023\/06\/Volkswagen-Transporter-Karavan-4-scaled.jpg","width":1200,"height":675},{"@type":"BreadcrumbList","@id":"http:\/\/geziyoo.co\/blog\/volkswagen-transporter-karavan\/#breadcrumb","itemListElement":[{"@type":"ListItem","position":1,"name":"Ana sayfa","item":"https:\/\/geziyoo.co\/blog\/"},{"@type":"ListItem","position":2,"name":"Volkswagen Transporter Karavan : \u00d6zellikleri, 2026 Fiyatlar\u0131"}]},{"@type":"WebSite","@id":"https:\/\/geziyoo.co\/blog\/#website","url":"https:\/\/geziyoo.co\/blog\/","name":"Geziyoo Blog","description":"GeziYoo Blog&#039;da T\u00fcrkiye&#039;nin en iyi kamp alanlar\u0131ndan bungalov tatillerine, karavan ipu\u00e7lar\u0131ndan gezi rehberlerine kadar her t\u00fcrl\u00fc do\u011fa deneyimini ke\u015ffedin.","publisher":{"@id":"https:\/\/geziyoo.co\/blog\/#organization"},"potentialAction":[{"@type":"SearchAction","target":{"@type":"EntryPoint","urlTemplate":"https:\/\/geziyoo.co\/blog\/?s={search_term_string}"},"query-input":{"@type":"PropertyValueSpecification","valueRequired":true,"valueName":"search_term_string"}}],"inLanguage":"tr"},{"@type":"Organization","@id":"https:\/\/geziyoo.co\/blog\/#organization","name":"Geziyoo.co","url":"https:\/\/geziyoo.co\/blog\/","logo":{"@type":"ImageObject","inLanguage":"tr","@id":"https:\/\/geziyoo.co\/blog\/#\/schema\/logo\/image\/","url":"https:\/\/geziyoo.co\/blog\/wp-content\/uploads\/2025\/01\/Paragraf-metniniz-3.png","contentUrl":"https:\/\/geziyoo.co\/blog\/wp-content\/uploads\/2025\/01\/Paragraf-metniniz-3.png","width":270,"height":50,"caption":"Geziyoo.co"},"image":{"@id":"https:\/\/geziyoo.co\/blog\/#\/schema\/logo\/image\/"},"sameAs":["https:\/\/www.facebook.com\/Geziyooco","https:\/\/x.com\/geziyoo","https:\/\/tr.pinterest.com\/geziyooco\/","https:\/\/www.youtube.com\/@geziyoo","https:\/\/www.instagram.com\/geziyoo.co\/"]},{"@type":"Person","@id":"https:\/\/geziyoo.co\/blog\/#\/schema\/person\/032acb2436540ed14784e7d978aef0e4","name":"Geziyoo","image":{"@type":"ImageObject","inLanguage":"tr","@id":"https:\/\/geziyoo.co\/blog\/#\/schema\/person\/image\/","url":"https:\/\/secure.gravatar.com\/avatar\/ae212a4514471fdb8cab6e5af4f3c99b940a2d0a16713ea0392c8d7c8a64f30a?s=96&d=mm&r=g","contentUrl":"https:\/\/secure.gravatar.com\/avatar\/ae212a4514471fdb8cab6e5af4f3c99b940a2d0a16713ea0392c8d7c8a64f30a?s=96&d=mm&r=g","caption":"Geziyoo"},"description":"Do\u011fa ile i\u00e7 i\u00e7e olabilece\u011finiz yerler,do\u011fa aktivite alanlar\u0131,kamp alanlar\u0131,bungalov oteller,Tiny House Oteller, Galampingler ve da\u011f evlerinin herkes i\u00e7in ula\u015f\u0131labilir olmas\u0131n\u0131 sa\u011flamak amac\u0131yla Geziyoo\u2019ya 2019 y\u0131l\u0131nda ba\u015flad\u0131k.Do\u011fal Tatil konseptini uygulayan en geni\u015f kapsaml\u0131 sitedir.","sameAs":["https:\/\/geziyoo.co\/","https:\/\/www.facebook.com\/geziyoo.co","https:\/\/www.instagram.com\/geziyoo.co\/","https:\/\/tr.pinterest.com\/geziyooco\/","https:\/\/x.com\/https:\/\/twitter.com\/geziyoo","https:\/\/www.youtube.com\/channel\/UCdiSMa6pe17KEY7DP1Ug4ag"]}]}},"amp_enabled":true,"_links":{"self":[{"href":"https:\/\/geziyoo.co\/blog\/wp-json\/wp\/v2\/posts\/13072","targetHints":{"allow":["GET"]}}],"collection":[{"href":"https:\/\/geziyoo.co\/blog\/wp-json\/wp\/v2\/posts"}],"about":[{"href":"https:\/\/geziyoo.co\/blog\/wp-json\/wp\/v2\/types\/post"}],"author":[{"embeddable":true,"href":"https:\/\/geziyoo.co\/blog\/wp-json\/wp\/v2\/users\/1"}],"replies":[{"embeddable":true,"href":"https:\/\/geziyoo.co\/blog\/wp-json\/wp\/v2\/comments?post=13072"}],"version-history":[{"count":0,"href":"https:\/\/geziyoo.co\/blog\/wp-json\/wp\/v2\/posts\/13072\/revisions"}],"wp:featuredmedia":[{"embeddable":true,"href":"https:\/\/geziyoo.co\/blog\/wp-json\/wp\/v2\/media\/13080"}],"wp:attachment":[{"href":"https:\/\/geziyoo.co\/blog\/wp-json\/wp\/v2\/media?parent=13072"}],"wp:term":[{"taxonomy":"category","embeddable":true,"href":"https:\/\/geziyoo.co\/blog\/wp-json\/wp\/v2\/categories?post=13072"},{"taxonomy":"post_tag","embeddable":true,"href":"https:\/\/geziyoo.co\/blog\/wp-json\/wp\/v2\/tags?post=13072"}],"curies":[{"name":"wp","href":"https:\/\/api.w.org\/{rel}","templated":true}]}}