{"id":12878,"date":"2023-06-12T12:54:28","date_gmt":"2023-06-12T12:54:28","guid":{"rendered":"https:\/\/geziyoo.co\/blog\/?p=12878"},"modified":"2026-01-30T11:19:56","modified_gmt":"2026-01-30T11:19:56","slug":"burdur-kamp-alanlari-ve-karavan-alanlari","status":"publish","type":"post","link":"https:\/\/geziyoo.co\/blog\/burdur-kamp-alanlari-ve-karavan-alanlari\/","title":{"rendered":"Burdur Geneli \u00dccretli ve \u00dccretsiz 12+ Kamp Alan\u0131 (\u0130leti\u015fim ve Konum)"},"content":{"rendered":"\n<p><strong>Burdur<\/strong>, co\u011frafi olarak Akdeniz&#8217;e a\u00e7\u0131lan kap\u0131 olsa da iklimi ve atmosferiyle kendine has bir &#8220;G\u00f6ller B\u00f6lgesi&#8221; cumhuriyetidir. \u015eehrin en b\u00fcy\u00fck markas\u0131 \u015f\u00fcphesiz Salda G\u00f6l\u00fc&#8217;d\u00fcr; ancak Burdur sadece bundan ibaret de\u011fildir. A\u011flasun il\u00e7esindeki Sagalassos Antik Kenti, T\u00fcrkiye&#8217;nin en y\u00fcksek rak\u0131ml\u0131 ve en iyi korunmu\u015f antik kentlerinden biri olarak, kamp\u00e7\u0131lara bulutlar\u0131n \u00fczerinde bir gece vaat eder. Bucak taraf\u0131ndaki Karaca\u00f6ren Baraj\u0131 ise orman ve suyun i\u00e7 i\u00e7e ge\u00e7ti\u011fi yap\u0131s\u0131yla &#8220;kamp\u00e7\u0131l\u0131\u011f\u0131n l\u00fcks y\u00fcz\u00fcn\u00fc&#8221; (glamping) yans\u0131t\u0131r.<\/p>\n\n\n\n<p>B\u00f6lgenin ekolojik hassasiyeti ve tar\u0131msal zenginli\u011fi, kamp deneyimini \u00e7e\u015fitlendirir. Salda G\u00f6l\u00fc \u00e7evresi 1. Derece Sit Alan\u0131 oldu\u011fu i\u00e7in kumsalda kamp yasakt\u0131r, sadece belirlenen belediye alanlar\u0131nda kal\u0131nabilir. Yaz aylar\u0131nda (Haziran-Temmuz) giderseniz, Ak\u00e7ak\u00f6y ve Lisinia b\u00f6lgesindeki lavanta tarlalar\u0131 mosmor bir g\u00f6rsel \u015f\u00f6len sunar. Yayla k\u0131s\u0131mlar\u0131 (Alt\u0131nyayla, G\u00f6lhisar) yaz\u0131n bile serindir, haz\u0131rl\u0131kl\u0131 gitmek gerekir.<\/p>\n\n\n\n<p>Biz Geziyoo olarak, mavinin ve morun bulu\u015ftu\u011fu bu rotada arac\u0131lar\u0131 tamamen aradan \u00e7\u0131kard\u0131k ve Burdur\u2019un en kapsaml\u0131 kamp rehberini haz\u0131rlad\u0131k. Listemizde hem <strong>hi\u00e7bir \u00fccret \u00f6demeden<\/strong> antik gladyat\u00f6r \u015fehri Kibyra\u2019n\u0131n eteklerinde veya lavanta tarlalar\u0131n\u0131n kenar\u0131nda kalabilece\u011finiz do\u011fal alanlar\u0131, hem de <strong>elektrik, du\u015f, restoran ve bungalov<\/strong> imkan\u0131 sunan g\u00f6l kenar\u0131 i\u015fletmelerini bir araya getirdik.<\/p>\n\n\n\n<p>\u0130ster karavan\u0131n\u0131z\u0131 <strong>Salda&#8217;n\u0131n<\/strong> turkuaz\u0131na kar\u015f\u0131 park edin, ister <strong>Sagalassos&#8217;ta<\/strong> tarihin zirvesine \u00e7\u0131k\u0131n; yola \u00e7\u0131kmadan \u00f6nce listedeki konumlara mutlaka g\u00f6z at\u0131n. \u0130\u015fte Burdur\u2019un en sevilen 12 kamp dura\u011f\u0131:<\/p>\n\n\n\n<p><strong>Burdur&nbsp;<\/strong>haricinde,kamp alanlar\u0131na bakmak i\u00e7in&nbsp;<strong><em><a href=\"https:\/\/geziyoo.co\/\">Kamp Alanlar\u0131<\/a>&nbsp;<\/em><\/strong><em>i\u00e7eri\u011fimizi<\/em>&nbsp;kullanabilirsiniz.Unuttu\u011fumuz veya bilmedi\u011fimiz&nbsp;<strong>\u00c7ad\u0131r ve Karavan Kamp alan\u0131<\/strong>&nbsp;var ise l\u00fctfen yorumlar k\u0131sm\u0131ndan bizlerle payla\u015fs\u0131n.<\/p>\n\n\n\n<p>Unutmadan Bungalov veya Da\u011f evi ar\u0131yorsan\u0131z ,&nbsp;<em><strong><a href=\"https:\/\/geziyoo.co\/listing-category\/turkiyedeki-bungalov-evler-ve-bungalov-oteller\/\">Bungalov Oteller<\/a>&nbsp;<\/strong><\/em>sayfam\u0131za bakman\u0131z\u0131 tavsiye diyoruz.<\/p>\n\n\n\n<hr class=\"wp-block-separator has-css-opacity is-style-wide\"\/>\n\n\n\n<h2 class=\"wp-block-heading\">1.Yar\u0131\u015fl\u0131 G\u00f6l\u00fc Kamp Alan\u0131<\/h2>\n\n\n\n<figure class=\"wp-block-image\"><img decoding=\"async\" width=\"800\" height=\"450\" data-src=\"https:\/\/geziyoo.co\/blog\/wp-content\/uploads\/2023\/05\/yarisli-golu-kamp-alani.jpg\" alt=\"Burdur Kamp Alanlar\u0131 ve Karavan Alanlar\u0131\" class=\"wp-image-12874 lazyload\" title=\"Ye\u015filova Kamp Alanlar\u0131 ve Karavan Alanlar\u0131 2\" data-srcset=\"https:\/\/geziyoo.co\/blog\/wp-content\/uploads\/2023\/05\/yarisli-golu-kamp-alani.jpg 800w, https:\/\/geziyoo.co\/blog\/wp-content\/uploads\/2023\/05\/yarisli-golu-kamp-alani-300x169.jpg 300w, https:\/\/geziyoo.co\/blog\/wp-content\/uploads\/2023\/05\/yarisli-golu-kamp-alani-768x432.jpg 768w, https:\/\/geziyoo.co\/blog\/wp-content\/uploads\/2023\/05\/yarisli-golu-kamp-alani-390x220.jpg 390w\" data-sizes=\"(max-width: 800px) 100vw, 800px\" src=\"data:image\/gif;base64,R0lGODlhAQABAAAAACH5BAEKAAEALAAAAAABAAEAAAICTAEAOw==\" style=\"--smush-placeholder-width: 800px; --smush-placeholder-aspect-ratio: 800\/450;\" \/><figcaption class=\"wp-element-caption\">Burdur Kamp Alanlar\u0131 ve Karavan Alanlar\u0131<\/figcaption><\/figure>\n\n\n\n<p><strong>Burdur Kamp Alanlar\u0131 ve Karavan Alanlar\u0131<\/strong>&nbsp;i\u00e7eri\u011fimizin ilk s\u0131ras\u0131nda Yar\u0131\u015fl\u0131 G\u00f6l\u00fc Kamp Alan\u0131 yer almakta.Yar\u0131\u015fl\u0131 G\u00f6l\u00fc\u2019n\u00fcn 14 kilometrekarelik muhte\u015fem manzaras\u0131, mevsimlere g\u00f6re de\u011fi\u015fen do\u011fas\u0131 ve ortas\u0131nda konumlanm\u0131\u015f k\u00fc\u00e7\u00fck kum adas\u0131, ziyaret\u00e7ilerin adeta b\u00fcy\u00fclenmesine sebep oluyor.<\/p>\n\n\n\n<p>Do\u011fa ile i\u00e7 i\u00e7e kamp yapmak isteyenlerin ka\u00e7\u0131rmamas\u0131 gereken Yar\u0131\u015fl\u0131 G\u00f6l\u00fc, kamp alanlar\u0131 a\u00e7\u0131s\u0131ndan olduk\u00e7a s\u0131n\u0131rl\u0131 olsa da, do\u011fal g\u00fczellikleriyle ve ku\u015flar\u0131n \u015fark\u0131lar\u0131 e\u015fli\u011finde, unutulmaz bir deneyim sunuyor.<\/p>\n\n\n\n<hr class=\"wp-block-separator has-css-opacity is-style-wide\"\/>\n\n\n\n<ul class=\"wp-block-list\">\n<li><strong>Yar\u0131\u015fl\u0131 G\u00f6l\u00fc Kamp Alan\u0131<\/strong>\u00a0<strong>Adres<\/strong>\u00a0:\u00a0\u00a0H\u00fcrriyet, 15700 Karamanl\u0131\/Burdur\u00a0<strong><em><a href=\"https:\/\/www.google.com\/maps\/dir\/\/37.5666224,29.9605735\/@37.5615614,29.8982319,12z\" target=\"_blank\" rel=\"noreferrer noopener\">Konum Bilgisi<\/a><\/em><\/strong><\/li>\n\n\n\n<li><strong>Yar\u0131\u015fl\u0131 G\u00f6l\u00fc Kamp Alan\u0131<\/strong>\u00a0<strong>Detayl\u0131 Bilgi :<\/strong>\u00a0Detayl\u0131 Bilgiler i\u00e7in\u00a0<strong><em><strong><a href=\"https:\/\/geziyoo.co\/listing\/yarisli-golu-kamp-alani\/\">Yar\u0131\u015fl\u0131 G\u00f6l\u00fc Kamp Alan\u0131<\/a><\/strong><\/em><\/strong>\u00a0sayfam\u0131za bakabilirsiniz.<\/li>\n<\/ul>\n\n\n\n<hr class=\"wp-block-separator has-css-opacity is-style-wide\"\/>\n\n\n\n<h2 class=\"wp-block-heading\">2.Salda G\u00f6l\u00fc Kamp Alan\u0131<\/h2>\n\n\n\n<figure class=\"wp-block-image\"><img decoding=\"async\" width=\"800\" height=\"600\" data-src=\"https:\/\/geziyoo.co\/blog\/wp-content\/uploads\/2023\/05\/Burdur-Kent-Ormani-Kamp-Alani-3.jpg\" alt=\"Burdur Kent Ormani Kamp Alani 3\" class=\"wp-image-12875 lazyload\" title=\"Ye\u015filova Kamp Alanlar\u0131 ve Karavan Alanlar\u0131 3\" data-srcset=\"https:\/\/geziyoo.co\/blog\/wp-content\/uploads\/2023\/05\/Burdur-Kent-Ormani-Kamp-Alani-3.jpg 800w, https:\/\/geziyoo.co\/blog\/wp-content\/uploads\/2023\/05\/Burdur-Kent-Ormani-Kamp-Alani-3-300x225.jpg 300w, https:\/\/geziyoo.co\/blog\/wp-content\/uploads\/2023\/05\/Burdur-Kent-Ormani-Kamp-Alani-3-768x576.jpg 768w\" data-sizes=\"(max-width: 800px) 100vw, 800px\" src=\"data:image\/gif;base64,R0lGODlhAQABAAAAACH5BAEKAAEALAAAAAABAAEAAAICTAEAOw==\" style=\"--smush-placeholder-width: 800px; --smush-placeholder-aspect-ratio: 800\/600;\" \/><\/figure>\n\n\n\n<p><strong>Salda G\u00f6l\u00fc Kamp Alan\u0131<\/strong>&nbsp;Burdur Ye\u015filova il\u00e7esinde yer alan kamp alanlar\u0131ndan bir tanesidir.\u00c7ad\u0131r ve karavan kamp\u0131 yapabilece\u011finiz en g\u00fczel yerlerden bir tanesidir.<\/p>\n\n\n\n<p>Salda G\u00f6l\u00fc Kamp Alan\u0131, Salda G\u00f6l\u00fc\u2019n\u00fcn do\u011fusunda yer almaktad\u0131r ve \u00e7ad\u0131r, karavan veya bungalov ev gibi konaklama se\u00e7enekleri sunmaktad\u0131r.<\/p>\n\n\n\n<p>Salda G\u00f6l\u00fc\u2019n\u00fcn kamp alan\u0131, g\u00f6l\u00fcn do\u011fu k\u0131y\u0131s\u0131nda yer al\u0131r ve do\u011fa severler i\u00e7in ideal bir kamp deneyimi sunar. Kamp alan\u0131, ziyaret\u00e7ilere tuvalet, du\u015f, mutfak, \u00e7ad\u0131r kiralama gibi olanaklar sunar. Ayr\u0131ca, kamp alan\u0131 \u00e7evresinde piknik yapmak ve g\u00f6lde y\u00fczmek gibi aktiviteler de m\u00fcmk\u00fcnd\u00fcr.<\/p>\n\n\n\n<p>Salda G\u00f6l\u00fc kamp alan\u0131nda kamp yapmadan \u00f6nce, \u00fccretler, rezervasyon gereklilikleri ve di\u011fer ayr\u0131nt\u0131lar gibi konular\u0131 do\u011frulamak i\u00e7in kamp alan\u0131 yetkilileriyle ileti\u015fime ge\u00e7meniz \u00f6nemlidir. Ayr\u0131ca, g\u00f6l \u00e7evresindeki do\u011fal ya\u015fam\u0131 ve \u00e7evreyi korumak i\u00e7in uygun davran\u0131\u015flar sergilemeniz de \u00f6nemlidir.<\/p>\n\n\n\n<hr class=\"wp-block-separator has-css-opacity is-style-wide\"\/>\n\n\n\n<ul class=\"wp-block-list\">\n<li><strong>Salda G\u00f6l\u00fc Kamp Alan\u0131<\/strong>\u00a0<strong>Adres<\/strong>\u00a0:\u00a0Ye\u015filova\/Burdur\u00a0<strong><em><a href=\"https:\/\/www.google.com\/maps?daddr=37.53129783711654,29.6567418915315\" target=\"_blank\" rel=\"noreferrer noopener\">Konum Bilgisi<\/a><\/em><\/strong><\/li>\n\n\n\n<li><strong>Salda G\u00f6l\u00fc Kamp Alan\u0131<\/strong>\u00a0<strong>Detayl\u0131 Bilgi :<\/strong>\u00a0Detayl\u0131 Bilgiler i\u00e7in\u00a0<strong><em><strong><a href=\"https:\/\/geziyoo.co\/listing\/salda-golu-kamp-alani\/\">Salda G\u00f6l\u00fc Kamp Alan\u0131<\/a><\/strong><\/em><\/strong>\u00a0sayfam\u0131za bakabilirsiniz.<\/li>\n<\/ul>\n\n\n\n<hr class=\"wp-block-separator has-css-opacity is-style-wide\"\/>\n\n\n\n<h2 class=\"wp-block-heading\">3.Yaz\u0131r G\u00f6l\u00fc Kamp Alan\u0131<\/h2>\n\n\n\n<figure class=\"wp-block-image\"><img decoding=\"async\" width=\"800\" height=\"600\" data-src=\"https:\/\/geziyoo.co\/blog\/wp-content\/uploads\/2023\/05\/Yazir-Golu-Kamp-Alani.jpg\" alt=\"\u00c7avd\u0131r Kamp Alanlar\u0131 ve Karavan Alanlar\u0131\" class=\"wp-image-12857 lazyload\" title=\"\u00c7avd\u0131r Kamp Alanlar\u0131 ve Karavan Alanlar\u0131 2\" data-srcset=\"https:\/\/geziyoo.co\/blog\/wp-content\/uploads\/2023\/05\/Yazir-Golu-Kamp-Alani.jpg 800w, https:\/\/geziyoo.co\/blog\/wp-content\/uploads\/2023\/05\/Yazir-Golu-Kamp-Alani-300x225.jpg 300w, https:\/\/geziyoo.co\/blog\/wp-content\/uploads\/2023\/05\/Yazir-Golu-Kamp-Alani-768x576.jpg 768w\" data-sizes=\"(max-width: 800px) 100vw, 800px\" src=\"data:image\/gif;base64,R0lGODlhAQABAAAAACH5BAEKAAEALAAAAAABAAEAAAICTAEAOw==\" style=\"--smush-placeholder-width: 800px; --smush-placeholder-aspect-ratio: 800\/600;\" \/><figcaption class=\"wp-element-caption\">\u00c7avd\u0131r Kamp Alanlar\u0131 ve Karavan Alanlar\u0131<\/figcaption><\/figure>\n\n\n\n<p>Burdur\u2019un \u00e7evresi, do\u011fal g\u00fczellikleriyle \u00fcnl\u00fc bir b\u00f6lge ve ke\u015ffedilecek pek \u00e7ok yer bulunuyor. Ancak, bu sefer g\u00f6z\u00fcm\u00fcz\u00fc Yaz\u0131r G\u00f6l\u00fc\u2019ne \u00e7evirece\u011fiz. Yakla\u015f\u0131k 113 km uzakl\u0131kta yer alan bu g\u00f6l, do\u011fal g\u00fczelli\u011fi ve imkanlar\u0131yla adeta b\u00fcy\u00fcl\u00fcyor. G\u00f6l kenar\u0131ndaki ormanlar, yemye\u015fil bitki \u00f6rt\u00fcs\u00fc ve zengin do\u011fal ya\u015fam\u0131yla tam bir cennet gibi g\u00f6r\u00fcn\u00fcyor.<\/p>\n\n\n\n<p>Yaz\u0131r g\u00f6l\u00fc \u00e7evresinde kamp\u00e7\u0131lar\u0131n ihtiya\u00e7lar\u0131n\u0131 kar\u015f\u0131layacak herhangi bir tesis bulunmuyor. Bu y\u00fczden, b\u00f6lgeye kamp i\u00e7in giderken haz\u0131rl\u0131kl\u0131 olman\u0131z gerekiyor. Kamp yapmak isteyenler, yiyecek ve i\u00e7eceklerini kamp alan\u0131na gelmeden \u00f6nce temin etmeleri tavsiye ediliyor.<\/p>\n\n\n\n<hr class=\"wp-block-separator has-css-opacity is-style-wide\"\/>\n\n\n\n<ul class=\"wp-block-list\">\n<li><strong>Yaz\u0131r G\u00f6l\u00fc Kamp Alan\u0131<\/strong>\u00a0<strong>Adres<\/strong>\u00a0:\u00a0\u00a015902 Yaz\u0131r\/\u00c7avd\u0131r\/Burdur\u00a0<strong><em><a href=\"https:\/\/www.google.com\/maps?daddr=36.998275849689726,29.730932614512888\" target=\"_blank\" rel=\"noreferrer noopener\">Konum Bilgisi<\/a><\/em><\/strong><\/li>\n\n\n\n<li><strong>Yaz\u0131r G\u00f6l\u00fc Kamp Alan\u0131\u00a0Detayl\u0131 Bilgi :<\/strong>\u00a0Detayl\u0131 Bilgiler i\u00e7in\u00a0<strong><em><strong><a href=\"https:\/\/geziyoo.co\/listing\/yazir-golu-kamp-alani\/\">Yaz\u0131r G\u00f6l\u00fc Kamp Alan\u0131<\/a><\/strong><\/em><\/strong>\u00a0sayfam\u0131za bakabilirsiniz.<\/li>\n<\/ul>\n\n\n\n<hr class=\"wp-block-separator has-css-opacity is-style-wide\"\/>\n\n\n\n<h2 class=\"wp-block-heading\">4.Karanl\u0131kdere Kanyonu Kamp Alan\u0131<\/h2>\n\n\n\n<figure class=\"wp-block-image\"><img decoding=\"async\" width=\"800\" height=\"450\" data-src=\"https:\/\/geziyoo.co\/blog\/wp-content\/uploads\/2023\/05\/Karanlikdere-Kanyonu-Kamp-Alani.jpg\" alt=\"Karanlikdere Kanyonu Kamp Alani\" class=\"wp-image-12858 lazyload\" title=\"\u00c7avd\u0131r Kamp Alanlar\u0131 ve Karavan Alanlar\u0131 3\" data-srcset=\"https:\/\/geziyoo.co\/blog\/wp-content\/uploads\/2023\/05\/Karanlikdere-Kanyonu-Kamp-Alani.jpg 800w, https:\/\/geziyoo.co\/blog\/wp-content\/uploads\/2023\/05\/Karanlikdere-Kanyonu-Kamp-Alani-300x169.jpg 300w, https:\/\/geziyoo.co\/blog\/wp-content\/uploads\/2023\/05\/Karanlikdere-Kanyonu-Kamp-Alani-768x432.jpg 768w, https:\/\/geziyoo.co\/blog\/wp-content\/uploads\/2023\/05\/Karanlikdere-Kanyonu-Kamp-Alani-390x220.jpg 390w\" data-sizes=\"(max-width: 800px) 100vw, 800px\" src=\"data:image\/gif;base64,R0lGODlhAQABAAAAACH5BAEKAAEALAAAAAABAAEAAAICTAEAOw==\" style=\"--smush-placeholder-width: 800px; --smush-placeholder-aspect-ratio: 800\/450;\" \/><\/figure>\n\n\n\n<p>Burdur\u2019un do\u011fal g\u00fczellikleri aras\u0131nda yer alan Karanl\u0131kdere Kanyonu, s\u0131ra d\u0131\u015f\u0131 manzaralar\u0131 ve do\u011fal ya\u015fam\u0131yla adeta bir do\u011fa harikas\u0131d\u0131r. Alt\u0131nyayla il\u00e7esinde bulunan kanyon, milli park olarak koruma alt\u0131ndad\u0131r ve ziyaret\u00e7ilerini kendine hayran b\u0131rakmaktad\u0131r.<\/p>\n\n\n\n<p>\u015eehir merkezine ula\u015f\u0131m\u0131 150 kilometrelik bir mesafe gerektirse de, kanyonun g\u00fczellikleri her \u00e7abay\u0131 hak etmektedir. Kanyon, birbirinden farkl\u0131 bitki ve hayvan t\u00fcrleriyle zenginle\u015ftirilmi\u015f do\u011fal ya\u015fam\u0131 sayesinde do\u011faseverlerin favori rotalar\u0131ndan biri haline gelmi\u015ftir. \u00d6zellikle y\u00fcr\u00fcy\u00fc\u015f ve do\u011fa y\u00fcr\u00fcy\u00fc\u015f\u00fc gibi a\u00e7\u0131k hava etkinliklerine ilgi duyanlar i\u00e7in ideal bir yerdir.<\/p>\n\n\n\n<p>Karanl\u0131kdere kanyonunda, ihtiya\u00e7lar\u0131n kar\u015f\u0131lanaca\u011f\u0131 bir tesis mevcut de\u011fildir. Bu sebeple, b\u00f6lgeye kamp yapmak i\u00e7in haz\u0131rl\u0131kl\u0131 gitmek gerekmektedir. WC, elektrik, du\u015f ve \u00e7e\u015fme gibi olanaklar bulunmamaktad\u0131r.<\/p>\n\n\n\n<hr class=\"wp-block-separator has-css-opacity is-style-wide\"\/>\n\n\n\n<ul class=\"wp-block-list\">\n<li><strong>Karanl\u0131kdere Kanyonu Kamp Alan\u0131<\/strong>\u00a0<strong>Adres<\/strong>\u00a0:\u00a0Ball\u0131k K\u00f6y\u00fc, 15420 Ball\u0131k\/Alt\u0131nyayla\/Burdur\u00a0<strong><em><a href=\"https:\/\/www.google.com\/maps\/dir\/\/36.8793062,29.427499\/@36.8792769,29.3574422,12z\" target=\"_blank\" rel=\"noreferrer noopener\">Konum Bilgisi<\/a><\/em><\/strong><\/li>\n\n\n\n<li><strong>Karanl\u0131kdere Kanyonu Kamp Alan\u0131\u00a0Detayl\u0131 Bilgi :<\/strong>\u00a0Detayl\u0131 Bilgiler i\u00e7in\u00a0<strong><em><strong><a href=\"https:\/\/geziyoo.co\/listing\/karanlikdere-kanyonu-kamp-alani\/\">Karanl\u0131kdere Kanyonu<\/a><\/strong><\/em><\/strong>\u00a0sayfam\u0131za bakabilirsiniz.<\/li>\n<\/ul>\n\n\n\n<hr class=\"wp-block-separator has-css-opacity is-style-wide\"\/>\n\n\n\n<h2 class=\"wp-block-heading\">5.Karamanl\u0131 Baraj\u0131 Kamp Alan\u0131<\/h2>\n\n\n\n<figure class=\"wp-block-image\"><img decoding=\"async\" width=\"800\" height=\"450\" data-src=\"https:\/\/geziyoo.co\/blog\/wp-content\/uploads\/2023\/05\/Ali-Riza-Bey-Ormani-Kamp-Alani.jpg\" alt=\"Karamanl\u0131 Kamp Alanlar\u0131 ve Karavan Alanlar\u0131\" class=\"wp-image-12848 lazyload\" title=\"Karamanl\u0131 Kamp Alanlar\u0131 ve Karavan Alanlar\u0131 2\" data-srcset=\"https:\/\/geziyoo.co\/blog\/wp-content\/uploads\/2023\/05\/Ali-Riza-Bey-Ormani-Kamp-Alani.jpg 800w, https:\/\/geziyoo.co\/blog\/wp-content\/uploads\/2023\/05\/Ali-Riza-Bey-Ormani-Kamp-Alani-300x169.jpg 300w, https:\/\/geziyoo.co\/blog\/wp-content\/uploads\/2023\/05\/Ali-Riza-Bey-Ormani-Kamp-Alani-768x432.jpg 768w, https:\/\/geziyoo.co\/blog\/wp-content\/uploads\/2023\/05\/Ali-Riza-Bey-Ormani-Kamp-Alani-390x220.jpg 390w\" data-sizes=\"(max-width: 800px) 100vw, 800px\" src=\"data:image\/gif;base64,R0lGODlhAQABAAAAACH5BAEKAAEALAAAAAABAAEAAAICTAEAOw==\" style=\"--smush-placeholder-width: 800px; --smush-placeholder-aspect-ratio: 800\/450;\" \/><figcaption class=\"wp-element-caption\">Karamanl\u0131 Kamp Alanlar\u0131 ve Karavan Alanlar\u0131<\/figcaption><\/figure>\n\n\n\n<p>Karamanl\u0131, do\u011fal g\u00fczellikleriyle her mevsim tatilcileri kendine \u00e7eken bir yer. Ancak Karamanl\u0131 Baraj\u0131\u2019n\u0131n muhte\u015fem manzaras\u0131, buray\u0131 \u00f6zellikle yaz aylar\u0131nda tatilcilerin favori rotas\u0131 haline getiriyor. Burdur\u2019un s\u0131cak iklimine ra\u011fmen, baraj\u0131n serin havas\u0131 sayesinde s\u0131cakl\u0131\u011f\u0131 unutabilir ve kendinizi ferahlatarak do\u011fan\u0131n tad\u0131n\u0131 \u00e7\u0131karabilirsiniz.<\/p>\n\n\n\n<p>Karamanl\u0131 Baraj\u0131\u2019n\u0131n berrak sular\u0131nda y\u00fczerek serinleyebilir, \u00e7ad\u0131r\u0131n\u0131z\u0131 kurarak g\u00f6l kenar\u0131nda do\u011fan\u0131n kuca\u011f\u0131nda huzurlu bir tatil ge\u00e7irebilirsiniz. Kendinizi Karamanl\u0131\u2019n\u0131n do\u011fal g\u00fczellikleri aras\u0131nda kaybetmek istiyorsan\u0131z, bu harika yer kesinlikle ka\u00e7\u0131r\u0131lmamas\u0131 gereken bir destinasyon.<\/p>\n\n\n\n<p>Baraj\u0131n \u00e7evresinde herhangi bir tesis bulunmamas\u0131, do\u011fan\u0131n k\u0131y\u0131s\u0131nda huzurlu bir tatil yapmak isteyenler i\u00e7in cazip bir se\u00e7enek olsa da, baz\u0131 zorluklar\u0131 da beraberinde getirir. WC, elektrik, du\u015f ve \u00e7e\u015fme gibi temel ihtiya\u00e7lar\u0131n\u0131z\u0131 kar\u015f\u0131layacak herhangi bir imkan mevcut de\u011fil.<\/p>\n\n\n\n<p>Bu nedenle, ziyaret\u00e7ilerin kamp yapmadan \u00f6nce ihtiya\u00e7lar\u0131n\u0131 temin etmeleri ve haz\u0131rl\u0131kl\u0131 gitmeleri \u00f6nerilir. Kendi tuvalet, du\u015f, su ve elektrik ihtiya\u00e7lar\u0131n\u0131z\u0131 kar\u015f\u0131layabilece\u011finiz bir plan yapmak, tatilinizin keyifli ge\u00e7mesi i\u00e7in olduk\u00e7a \u00f6nemlidir. Haz\u0131rl\u0131kl\u0131 giderseniz, do\u011fan\u0131n tad\u0131n\u0131 \u00e7\u0131kar\u0131rken rahat edebilir ve unutulmaz bir tatil deneyimi ya\u015fayabilirsiniz.<\/p>\n\n\n\n<hr class=\"wp-block-separator has-css-opacity is-style-wide\"\/>\n\n\n\n<ul class=\"wp-block-list\">\n<li><strong>Karamanl\u0131 Baraj\u0131 Kamp Alan\u0131<\/strong>\u00a0<strong>Adres<\/strong>\u00a0:\u00a0\u00a0H\u00fcrriyet, 15700 Karamanl\u0131\/Burdur\u00a0<strong><em><a href=\"https:\/\/www.google.com\/maps?daddr=37.40331424138312,29.832684318091502\" target=\"_blank\" rel=\"noreferrer noopener\">Konum Bilgisi<\/a><\/em><\/strong><\/li>\n\n\n\n<li><strong>Karamanl\u0131 Baraj\u0131 Kamp Alan\u0131\u00a0Detayl\u0131 Bilgi :<\/strong>\u00a0Detayl\u0131 Bilgiler i\u00e7in\u00a0<strong><em><strong><a href=\"https:\/\/geziyoo.co\/listing\/karamanli-baraji-kamp-alani\/\">Karamanl\u0131 Baraj\u0131 Kamp Alan\u0131<\/a><\/strong><\/em><\/strong>\u00a0sayfam\u0131za bakabilirsiniz.<\/li>\n<\/ul>\n\n\n\n<hr class=\"wp-block-separator has-css-opacity is-style-wide\"\/>\n\n\n\n<h2 class=\"wp-block-heading\">6.Karata\u015f G\u00f6l\u00fc Kamp Alan\u0131<\/h2>\n\n\n\n<figure class=\"wp-block-image\"><img decoding=\"async\" width=\"800\" height=\"800\" data-src=\"https:\/\/geziyoo.co\/blog\/wp-content\/uploads\/2023\/05\/Karata-Golu-Kamp-Alani-2.jpg\" alt=\"Karata Golu Kamp Alani 2\" class=\"wp-image-12850 lazyload\" title=\"Karamanl\u0131 Kamp Alanlar\u0131 ve Karavan Alanlar\u0131 3\" data-srcset=\"https:\/\/geziyoo.co\/blog\/wp-content\/uploads\/2023\/05\/Karata-Golu-Kamp-Alani-2.jpg 800w, https:\/\/geziyoo.co\/blog\/wp-content\/uploads\/2023\/05\/Karata-Golu-Kamp-Alani-2-300x300.jpg 300w, https:\/\/geziyoo.co\/blog\/wp-content\/uploads\/2023\/05\/Karata-Golu-Kamp-Alani-2-150x150.jpg 150w, https:\/\/geziyoo.co\/blog\/wp-content\/uploads\/2023\/05\/Karata-Golu-Kamp-Alani-2-768x768.jpg 768w\" data-sizes=\"(max-width: 800px) 100vw, 800px\" src=\"data:image\/gif;base64,R0lGODlhAQABAAAAACH5BAEKAAEALAAAAAABAAEAAAICTAEAOw==\" style=\"--smush-placeholder-width: 800px; --smush-placeholder-aspect-ratio: 800\/800;\" \/><\/figure>\n\n\n\n<p>Burdur ve \u00e7evresindeki g\u00f6llerin zenginli\u011fi aras\u0131nda, hen\u00fcz pop\u00fclerli\u011fini kazanamam\u0131\u015f ancak do\u011fal g\u00fczellikleriyle \u00f6ne \u00e7\u0131kan Karata\u015f G\u00f6l\u00fc yer al\u0131yor.<\/p>\n\n\n\n<p>Bu nedenle, \u00e7ad\u0131r ve karavan kamp\u0131 kurmak i\u00e7in olduk\u00e7a uygun bir yerdir. Sazl\u0131klarla \u00e7evrili ve bol oksijenli temiz havas\u0131, Karata\u015f G\u00f6l\u00fc\u2019n\u00fc cennetten bir k\u00f6\u015fe gibi yapar. Turist yo\u011funlu\u011funun olmamas\u0131, sakin bir ortamda kamp yapmay\u0131 m\u00fcmk\u00fcn k\u0131lar.<\/p>\n\n\n\n<p>Kamp alan\u0131nda WC, elektrik, du\u015f ve \u00e7e\u015fme gibi olanaklar da mevcut de\u011fildir. Yiyecek ve i\u00e7eceklerinizi kamp alan\u0131na gelmeden \u00f6nce temin etmeniz \u00f6nerilir.<\/p>\n\n\n\n<hr class=\"wp-block-separator has-css-opacity is-style-wide\"\/>\n\n\n\n<ul class=\"wp-block-list\">\n<li><strong>Karata\u015f G\u00f6l\u00fc<\/strong>\u00a0<strong>Kamp Alan\u0131<\/strong>\u00a0<strong>Adres<\/strong>\u00a0:\u00a0\u00a0Karamanl\u0131\/Burdur\u00a0<strong><em><a href=\"https:\/\/www.google.com\/maps?daddr=37.38747046397981,29.96822066323484\" target=\"_blank\" rel=\"noreferrer noopener\">Konum Bilgisi<\/a><\/em><\/strong><\/li>\n\n\n\n<li><strong>Karata\u015f G\u00f6l\u00fc Kamp Alan\u0131\u00a0Detayl\u0131 Bilgi :<\/strong>\u00a0Detayl\u0131 Bilgiler i\u00e7in\u00a0<strong><em><strong><a href=\"https:\/\/geziyoo.co\/listing\/karatas-golu-kamp-alani\/\">Karata\u015f G\u00f6l\u00fc<\/a><\/strong><\/em><\/strong>\u00a0sayfam\u0131za bakabilirsiniz.<\/li>\n<\/ul>\n\n\n\n<hr class=\"wp-block-separator has-css-opacity is-style-wide\"\/>\n\n\n\n<h2 class=\"wp-block-heading\">7.Karg\u0131 K\u00f6y\u00fc S\u0131\u011fla Orman\u0131 Kamp Alan\u0131<\/h2>\n\n\n\n<figure class=\"wp-block-image\"><img decoding=\"async\" width=\"800\" height=\"600\" data-src=\"https:\/\/geziyoo.co\/blog\/wp-content\/uploads\/2023\/05\/Kargi-Koyu-Sigla-Ormani-Kamp-Alani.jpg\" alt=\"Bucak Kamp Alanlar\u0131 ve Karavan Alanlar\u0131\" class=\"wp-image-12864 lazyload\" title=\"Bucak Kamp Alanlar\u0131 ve Karavan Alanlar\u0131 2\" data-srcset=\"https:\/\/geziyoo.co\/blog\/wp-content\/uploads\/2023\/05\/Kargi-Koyu-Sigla-Ormani-Kamp-Alani.jpg 800w, https:\/\/geziyoo.co\/blog\/wp-content\/uploads\/2023\/05\/Kargi-Koyu-Sigla-Ormani-Kamp-Alani-300x225.jpg 300w, https:\/\/geziyoo.co\/blog\/wp-content\/uploads\/2023\/05\/Kargi-Koyu-Sigla-Ormani-Kamp-Alani-768x576.jpg 768w\" data-sizes=\"(max-width: 800px) 100vw, 800px\" src=\"data:image\/gif;base64,R0lGODlhAQABAAAAACH5BAEKAAEALAAAAAABAAEAAAICTAEAOw==\" style=\"--smush-placeholder-width: 800px; --smush-placeholder-aspect-ratio: 800\/600;\" \/><figcaption class=\"wp-element-caption\">Bucak Kamp Alanlar\u0131 ve Karavan Alanlar\u0131<\/figcaption><\/figure>\n\n\n\n<p>S\u0131\u011fla orman\u0131 ger\u00e7ekten de Burdur\u2019un benzersiz g\u00fczelliklerinden biri. Bu orman, Karg\u0131 k\u00f6y\u00fc yak\u0131nlar\u0131ndaki da\u011flar ve tepeler boyunca uzan\u0131yor ve muhte\u015fem do\u011fal \u00f6rt\u00fcs\u00fcyle dikkatleri \u00e7ekiyor. E\u011fer do\u011fayla i\u00e7 i\u00e7e olmak ve orman\u0131n g\u00fczelliklerini ke\u015ffetmek istiyorsan\u0131z, S\u0131\u011fla orman\u0131 tam size g\u00f6re.<\/p>\n\n\n\n<p>B\u00f6lgede kamp yapmak isteyenler, Karaca\u00f6ren baraj\u0131 \u00e7evresindeki bir\u00e7ok tesisi kullanabilirler. Bu tesisler aras\u0131nda \u00e7ad\u0131r kurmak i\u00e7in uygun alanlar, tuvaletler ve du\u015flar gibi olanaklar sunulmaktad\u0131r. Ancak, herhangi bir tesisin bulunmad\u0131\u011f\u0131 S\u0131\u011fla orman\u0131 i\u00e7inde kamp yapmay\u0131 planl\u0131yorsan\u0131z, kendi ihtiya\u00e7lar\u0131n\u0131z\u0131 kar\u015f\u0131layabilece\u011finiz \u015fekilde haz\u0131rl\u0131kl\u0131 olman\u0131z\u0131 \u00f6neririz.<\/p>\n\n\n\n<p>S\u0131\u011fla orman\u0131, g\u00fczel manzaralar\u0131n yan\u0131 s\u0131ra bir\u00e7ok aktivite de sunuyor. Y\u00fcr\u00fcy\u00fc\u015f yapmak, do\u011fa y\u00fcr\u00fcy\u00fc\u015fleri, foto\u011fraf\u00e7\u0131l\u0131k gibi aktivitelerin yan\u0131 s\u0131ra, da\u011f bisikleti s\u00fcrmek de olduk\u00e7a pop\u00fcler. Ancak, b\u00f6lgeye giri\u015f \u00fccretleri \u015fah\u0131s ba\u015f\u0131na 9 TL ve otomobil i\u00e7in 27 TL olarak \u00fccretlendiriliyor, bu nedenle b\u00fct\u00e7enizi de g\u00f6z \u00f6n\u00fcnde bulundurman\u0131z\u0131 \u00f6neririz.<\/p>\n\n\n\n<p>S\u0131\u011fla orman\u0131, kendine \u00f6zg\u00fc do\u011fal g\u00fczellikleriyle sizi b\u00fcy\u00fcleyecek ve unutulmaz bir deneyim sunacak. Burdur\u2019da zaman ge\u00e7irirken, bu muhte\u015fem orman\u0131 mutlaka ke\u015ffetmenizi \u00f6neririz.<\/p>\n\n\n\n<hr class=\"wp-block-separator has-css-opacity is-style-wide\"\/>\n\n\n\n<ul class=\"wp-block-list\">\n<li><strong>Karg\u0131 K\u00f6y\u00fc Kamp Alan\u0131<\/strong>\u00a0<strong>Adres<\/strong>\u00a0:\u00a015300 Karaca\u00f6ren\/Bucak\/Burdur\u00a0<strong><em><a href=\"https:\/\/www.google.com\/maps?daddr=37.36112937519462,30.834661282618868\" target=\"_blank\" rel=\"noreferrer noopener\">Konum Bilgisi<\/a><\/em><\/strong><\/li>\n\n\n\n<li><strong>Karg\u0131 K\u00f6y\u00fc<\/strong>\u00a0<strong>Kamp Alan\u0131\u00a0Detayl\u0131 Bilgi :<\/strong>\u00a0Detayl\u0131 Bilgiler i\u00e7in\u00a0<strong><em><strong><a href=\"https:\/\/geziyoo.co\/listing\/kargi-koyu-sigla-ormani-kamp-alani\/\">Karg\u0131 K\u00f6y\u00fc Kamp Alan\u0131<\/a><\/strong><\/em><\/strong>\u00a0sayfam\u0131za bakabilirsiniz.<\/li>\n<\/ul>\n\n\n\n<hr class=\"wp-block-separator has-css-opacity is-style-wide\"\/>\n\n\n\n<h2 class=\"wp-block-heading\">8.Karaca\u00f6ren Baraj\u0131 Kamp Alan\u0131<\/h2>\n\n\n\n<figure class=\"wp-block-image\"><img decoding=\"async\" width=\"800\" height=\"513\" data-src=\"https:\/\/geziyoo.co\/blog\/wp-content\/uploads\/2023\/05\/Karacaoren-Baraji-Kamp-Alani-4.jpg\" alt=\"Karacaoren Baraji Kamp Alani 4\" class=\"wp-image-12865 lazyload\" title=\"Bucak Kamp Alanlar\u0131 ve Karavan Alanlar\u0131 3\" data-srcset=\"https:\/\/geziyoo.co\/blog\/wp-content\/uploads\/2023\/05\/Karacaoren-Baraji-Kamp-Alani-4.jpg 800w, https:\/\/geziyoo.co\/blog\/wp-content\/uploads\/2023\/05\/Karacaoren-Baraji-Kamp-Alani-4-300x192.jpg 300w, https:\/\/geziyoo.co\/blog\/wp-content\/uploads\/2023\/05\/Karacaoren-Baraji-Kamp-Alani-4-768x492.jpg 768w\" data-sizes=\"(max-width: 800px) 100vw, 800px\" src=\"data:image\/gif;base64,R0lGODlhAQABAAAAACH5BAEKAAEALAAAAAABAAEAAAICTAEAOw==\" style=\"--smush-placeholder-width: 800px; --smush-placeholder-aspect-ratio: 800\/513;\" \/><\/figure>\n\n\n\n<p>Burdur Kamp Alanlar\u0131 ve Karavan Alanlar\u0131 8.s\u0131ras\u0131nda Karaca\u00f6ren Baraj\u0131 Kamp Alan\u0131 var.Karaca\u00f6ren baraj\u0131, do\u011fal g\u00fczellikleriyle dikkat \u00e7ekmektedir. Baraj g\u00f6l\u00fcne kar\u015f\u0131 ye\u015filin i\u00e7inde \u00e7ad\u0131r kamp\u0131 ve karavan kamp\u0131 kurulabilmekte ve yerli ve yabanc\u0131 bir\u00e7ok turist taraf\u0131ndan tercih edilmektedir.<\/p>\n\n\n\n<p>Karaca\u00f6ren baraj\u0131, kamp imkanlar\u0131 a\u00e7\u0131s\u0131ndan da zengin bir b\u00f6lgedir. WC, elektrik, yiyecek ve i\u00e7ecek ihtiya\u00e7lar\u0131n\u0131z\u0131 baraj\u0131n \u00e7evresinde yer alan i\u015fletmelerden kar\u015f\u0131layabilirsiniz.<\/p>\n\n\n\n<hr class=\"wp-block-separator has-css-opacity is-style-wide\"\/>\n\n\n\n<ul class=\"wp-block-list\">\n<li><strong>Karaca\u00f6ren Baraj\u0131 Kamp Alan\u0131<\/strong>\u00a0<strong>Adres<\/strong>\u00a0:\u00a0Bucak\/Burdur\u00a0<strong><em><a href=\"https:\/\/www.google.com\/maps?daddr=37.31882071187216,30.817335009215803\" target=\"_blank\" rel=\"noreferrer noopener\">Konum Bilgisi<\/a><\/em><\/strong><\/li>\n\n\n\n<li><strong>Karaca\u00f6ren Baraj\u0131 Kamp Alan\u0131\u00a0Detayl\u0131 Bilgi :<\/strong>\u00a0Detayl\u0131 Bilgiler i\u00e7in\u00a0<strong><em><strong><a href=\"https:\/\/geziyoo.co\/listing\/karacaoren-baraji-kamp-alani\/\">Karaca\u00f6ren Baraj\u0131<\/a><\/strong><\/em><\/strong>\u00a0sayfam\u0131za bakabilirsiniz.<\/li>\n<\/ul>\n\n\n\n<hr class=\"wp-block-separator has-css-opacity is-style-wide\"\/>\n\n\n\n<h2 class=\"wp-block-heading\">9.Susuz K\u00f6y Orman\u0131 Kamp Alan\u0131<\/h2>\n\n\n\n<figure class=\"wp-block-image\"><img decoding=\"async\" width=\"800\" height=\"600\" data-src=\"https:\/\/geziyoo.co\/blog\/wp-content\/uploads\/2023\/05\/Susuz-Koy-Ormani-Kamp-Alani-2.jpg\" alt=\"Susuz Koy Ormani Kamp Alani 2\" class=\"wp-image-12866 lazyload\" title=\"Bucak Kamp Alanlar\u0131 ve Karavan Alanlar\u0131 4\" data-srcset=\"https:\/\/geziyoo.co\/blog\/wp-content\/uploads\/2023\/05\/Susuz-Koy-Ormani-Kamp-Alani-2.jpg 800w, https:\/\/geziyoo.co\/blog\/wp-content\/uploads\/2023\/05\/Susuz-Koy-Ormani-Kamp-Alani-2-300x225.jpg 300w, https:\/\/geziyoo.co\/blog\/wp-content\/uploads\/2023\/05\/Susuz-Koy-Ormani-Kamp-Alani-2-768x576.jpg 768w\" data-sizes=\"(max-width: 800px) 100vw, 800px\" src=\"data:image\/gif;base64,R0lGODlhAQABAAAAACH5BAEKAAEALAAAAAABAAEAAAICTAEAOw==\" style=\"--smush-placeholder-width: 800px; --smush-placeholder-aspect-ratio: 800\/600;\" \/><\/figure>\n\n\n\n<p>Burdur\u2019un do\u011fal g\u00fczelliklerinin aras\u0131nda yer alan Susuz k\u00f6y\u00fc, sadece 55 kilometre uzakl\u0131kta bulunan bir cennet gibi bir b\u00f6lgedir. Etraf\u0131 ye\u015fil ormanlarla kapl\u0131 olan bu k\u00f6ye, Burdur \u015fehir merkezinden k\u00f6y arabalar\u0131 veya \u00f6zel ara\u00e7larla kolayca ula\u015fabilirsiniz.<\/p>\n\n\n\n<p>Bu b\u00f6lge, \u00e7evresindeki en g\u00fcr ve geni\u015f orman toplulu\u011funa sahip ve do\u011fa severlerin g\u00f6zdesi haline gelmi\u015ftir. Ancak, burada kamp yapmak isteyenlerin baz\u0131 dikkat etmeleri gereken noktalar var.<\/p>\n\n\n\n<p>Kamp yapmak i\u00e7in herhangi bir tesis mevcut de\u011fil, bu y\u00fczden ihtiya\u00e7lar\u0131n\u0131z\u0131 \u00f6nceden haz\u0131rlaman\u0131z \u00f6nemlidir. WC, elektrik, du\u015f veya \u00e7e\u015fme gibi olanaklar burada bulunmuyor, bu nedenle kamp yaparken do\u011faya sayg\u0131 g\u00f6stererek, kendi at\u0131klar\u0131n\u0131z\u0131 toplamal\u0131 ve \u00e7evreyi temiz tutmal\u0131s\u0131n\u0131z.<\/p>\n\n\n\n<hr class=\"wp-block-separator has-css-opacity is-style-wide\"\/>\n\n\n\n<ul class=\"wp-block-list\">\n<li><strong>Susuz K\u00f6y Orman\u0131 Kamp Alan\u0131<\/strong>\u00a0<strong>Adres<\/strong>\u00a0:\u00a0Bucak\/Burdur\u00a0<strong><em><a href=\"https:\/\/www.google.com\/maps?daddr=37.3936741413472,30.54778537381677\" target=\"_blank\" rel=\"noreferrer noopener\">Konum Bilgisi<\/a><\/em><\/strong><\/li>\n\n\n\n<li><strong>Susuz K\u00f6y Orman\u0131 Kamp Alan\u0131<\/strong>\u00a0<strong>Detayl\u0131 Bilgi :<\/strong>\u00a0Detayl\u0131 Bilgiler i\u00e7in\u00a0<strong><em><strong><a href=\"https:\/\/geziyoo.co\/listing\/susuz-koy-ormani-kamp-alani\/\">Susuz K\u00f6y Orman\u0131 Kamp Alan\u0131<\/a><\/strong><\/em><\/strong>\u00a0sayfam\u0131za bakabilirsiniz.<\/li>\n<\/ul>\n\n\n\n<hr class=\"wp-block-separator has-css-opacity is-style-wide\"\/>\n\n\n\n<h2 class=\"wp-block-heading\">10.Ali R\u0131za Bey Orman\u0131 Kamp Alan\u0131<\/h2>\n\n\n\n<figure class=\"wp-block-image\"><img decoding=\"async\" width=\"800\" height=\"600\" data-src=\"https:\/\/geziyoo.co\/blog\/wp-content\/uploads\/2023\/05\/Ali-Riza-Bey-Ormani-Kamp-Alani-2.jpg\" alt=\"Ali Riza Bey Ormani Kamp Alani 2\" class=\"wp-image-12868 lazyload\" title=\"Bucak Kamp Alanlar\u0131 ve Karavan Alanlar\u0131 5\" data-srcset=\"https:\/\/geziyoo.co\/blog\/wp-content\/uploads\/2023\/05\/Ali-Riza-Bey-Ormani-Kamp-Alani-2.jpg 800w, https:\/\/geziyoo.co\/blog\/wp-content\/uploads\/2023\/05\/Ali-Riza-Bey-Ormani-Kamp-Alani-2-300x225.jpg 300w, https:\/\/geziyoo.co\/blog\/wp-content\/uploads\/2023\/05\/Ali-Riza-Bey-Ormani-Kamp-Alani-2-768x576.jpg 768w\" data-sizes=\"(max-width: 800px) 100vw, 800px\" src=\"data:image\/gif;base64,R0lGODlhAQABAAAAACH5BAEKAAEALAAAAAABAAEAAAICTAEAOw==\" style=\"--smush-placeholder-width: 800px; --smush-placeholder-aspect-ratio: 800\/600;\" \/><\/figure>\n\n\n\n<p>Burdur\u2019un Bucak il\u00e7esinde, do\u011faseverleri kendine \u00e7eken Ali R\u0131za Bey orman\u0131, do\u011fal g\u00fczellikleriyle ziyaret\u00e7ilerini b\u00fcy\u00fclemeye devam ediyor. \u015eehrin g\u00fcr\u00fclt\u00fcs\u00fcnden uzak, oksijen deposu niteli\u011findeki bu ormanlara ula\u015f\u0131m, Bucak il\u00e7esine giden minib\u00fcsler veya \u00f6zel ara\u00e7larla sa\u011flanabiliyor.<\/p>\n\n\n\n<p>Ancak, b\u00f6lgede kamp\u00e7\u0131lar\u0131n ihtiya\u00e7lar\u0131n\u0131 kar\u015f\u0131layacak herhangi bir tesis bulunmuyor. Bu nedenle, kamp yapmadan \u00f6nce t\u00fcm haz\u0131rl\u0131klar\u0131n\u0131z\u0131 tamamlaman\u0131z gerekiyor. WC, elektrik, du\u015f ve \u00e7e\u015fme imkan\u0131 da mevcut de\u011fil. Yiyecek ve i\u00e7ecek ihtiyac\u0131n\u0131z\u0131 kamp alan\u0131na gelmeden \u00f6nce temin etmelisiniz.<\/p>\n\n\n\n<hr class=\"wp-block-separator has-css-opacity is-style-wide\"\/>\n\n\n\n<ul class=\"wp-block-list\">\n<li><strong>Ali R\u0131za Bey Orman\u0131 Kamp Alan\u0131<\/strong>\u00a0<strong>Adres<\/strong>\u00a0:\u00a0\u00a0Barboros, Mustafa Konu Cd. Yanyolu No:116, 15300 Bucak\/Burdur\u00a0<strong><em><a href=\"https:\/\/www.google.com\/maps?daddr=37.490376903808986,30.506422604037063\" target=\"_blank\" rel=\"noreferrer noopener\">Konum Bilgisi<\/a><\/em><\/strong><\/li>\n\n\n\n<li><strong>Ali R\u0131za Bey Orman\u0131 Kamp Alan\u0131<\/strong>\u00a0<strong>Detayl\u0131 Bilgi :<\/strong>\u00a0Detayl\u0131 Bilgiler i\u00e7in\u00a0<strong><em><strong><a href=\"https:\/\/www.google.com\/maps?daddr=37.490376903808986,30.506422604037063\" target=\"_blank\" rel=\"noreferrer noopener\">Ali R\u0131za Bey Orman\u0131 Kamp Alan\u0131<\/a><\/strong><\/em><\/strong>\u00a0sayfam\u0131za bakabilirsiniz.<\/li>\n<\/ul>\n\n\n\n<hr class=\"wp-block-separator has-css-opacity is-style-wide\"\/>\n\n\n\n<h2 class=\"wp-block-heading\">11.Burdur Kent Orman\u0131<\/h2>\n\n\n\n<figure class=\"wp-block-image size-large\"><img decoding=\"async\" width=\"800\" height=\"600\" data-src=\"https:\/\/geziyoo.co\/blog\/wp-content\/uploads\/2023\/05\/Burdur-Kent-Ormani-Kamp-Alani-2-1.jpg\" alt=\"\" class=\"wp-image-12881 lazyload\" data-srcset=\"https:\/\/geziyoo.co\/blog\/wp-content\/uploads\/2023\/05\/Burdur-Kent-Ormani-Kamp-Alani-2-1.jpg 800w, https:\/\/geziyoo.co\/blog\/wp-content\/uploads\/2023\/05\/Burdur-Kent-Ormani-Kamp-Alani-2-1-300x225.jpg 300w, https:\/\/geziyoo.co\/blog\/wp-content\/uploads\/2023\/05\/Burdur-Kent-Ormani-Kamp-Alani-2-1-768x576.jpg 768w\" data-sizes=\"(max-width: 800px) 100vw, 800px\" src=\"data:image\/gif;base64,R0lGODlhAQABAAAAACH5BAEKAAEALAAAAAABAAEAAAICTAEAOw==\" style=\"--smush-placeholder-width: 800px; --smush-placeholder-aspect-ratio: 800\/600;\" \/><\/figure>\n\n\n\n<p>Burdur kent orman\u0131, \u015fehir merkezine sadece 11 km mesafede olmas\u0131na ra\u011fmen adeta do\u011fal bir cennet gibi. Buraya ad\u0131m att\u0131\u011f\u0131n\u0131z anda huzuru hissediyor, kendinizi do\u011fan\u0131n kollar\u0131na b\u0131rakmak istiyorsunuz.<\/p>\n\n\n\n<p>Orman\u0131n \u00e7e\u015fitli noktalar\u0131na kurulan piknik alanlar\u0131, tertemiz havas\u0131 ve manzaras\u0131 ile hafta sonlar\u0131 \u015fehirden ka\u00e7mak isteyenlerin ilk tercihi haline gelmi\u015f durumda.<\/p>\n\n\n\n<p>Kamp yapmak isteyenlerin ihtiya\u00e7lar\u0131n\u0131 kar\u015f\u0131layabilecek bir\u00e7ok tesis Burdur kent orman\u0131&#8217;nda mevcut. WC, i\u00e7me suyu, restoran, b\u00fcfe gibi i\u015fletmeler sayesinde kamp\u00e7\u0131lar\u0131n ihtiya\u00e7lar\u0131 rahatl\u0131kla kar\u015f\u0131lanabiliyor. Burada ge\u00e7irdi\u011finiz her an, haf\u0131zan\u0131zda unutulmaz bir iz b\u0131rakacak kadar \u00f6zel olacak.<\/p>\n\n\n\n<hr class=\"wp-block-separator has-css-opacity is-style-wide\"\/>\n\n\n\n<ul class=\"wp-block-list\">\n<li><strong>Ali R\u0131za Bey Orman\u0131 Kamp Alan\u0131<\/strong>\u00a0<strong>Adres<\/strong>\u00a0:\u00a0\u00a0Barboros, Mustafa Konu Cd. Yanyolu No:116, 15300 Bucak\/Burdur\u00a0<strong><em><a href=\"https:\/\/www.google.com\/maps?daddr=37.490376903808986,30.506422604037063\" target=\"_blank\" rel=\"noreferrer noopener\">Konum Bilgisi<\/a><\/em><\/strong><\/li>\n\n\n\n<li><strong>Ali R\u0131za Bey Orman\u0131 Kamp Alan\u0131<\/strong>\u00a0<strong>Detayl\u0131 Bilgi :<\/strong>\u00a0Detayl\u0131 Bilgiler i\u00e7in\u00a0<strong><em><strong><a href=\"https:\/\/www.google.com\/maps?daddr=37.490376903808986,30.506422604037063\" target=\"_blank\" rel=\"noreferrer noopener\">Ali R\u0131za Bey Orman\u0131 Kamp Alan\u0131<\/a><\/strong><\/em><\/strong>\u00a0sayfam\u0131za bakabilirsiniz.<\/li>\n<\/ul>\n\n\n\n<hr class=\"wp-block-separator has-css-opacity is-style-wide\"\/>\n\n\n\n<h2 class=\"wp-block-heading\">12.\u0130nsuyu Ma\u011fara Kamp Alan\u0131<\/h2>\n\n\n\n<figure class=\"wp-block-image size-large\"><img decoding=\"async\" width=\"800\" height=\"600\" data-src=\"https:\/\/geziyoo.co\/blog\/wp-content\/uploads\/2023\/06\/Insuyu-Magara-Kamp-Alani-9.jpg\" alt=\"\" class=\"wp-image-13125 lazyload\" data-srcset=\"https:\/\/geziyoo.co\/blog\/wp-content\/uploads\/2023\/06\/Insuyu-Magara-Kamp-Alani-9.jpg 800w, https:\/\/geziyoo.co\/blog\/wp-content\/uploads\/2023\/06\/Insuyu-Magara-Kamp-Alani-9-300x225.jpg 300w, https:\/\/geziyoo.co\/blog\/wp-content\/uploads\/2023\/06\/Insuyu-Magara-Kamp-Alani-9-768x576.jpg 768w\" data-sizes=\"(max-width: 800px) 100vw, 800px\" src=\"data:image\/gif;base64,R0lGODlhAQABAAAAACH5BAEKAAEALAAAAAABAAEAAAICTAEAOw==\" style=\"--smush-placeholder-width: 800px; --smush-placeholder-aspect-ratio: 800\/600;\" \/><\/figure>\n\n\n\n<p>Burdur&#8217;un etkileyici do\u011fa g\u00fczelliklerinden biri olan \u0130nsuyu Ma\u011faras\u0131, \u015fehir merkezinden sadece 12 km uzakl\u0131kta bulunur. \u0130ster toplu ta\u015f\u0131mayla, ister \u00f6zel ara\u00e7la, Burdur-Antalya yol g\u00fczerg\u00e2h\u0131nda kolayca ula\u015fabilece\u011finiz bu ma\u011fara, T\u00fcrkiye&#8217;nin turizme a\u00e7\u0131lan ilk ma\u011faralar\u0131ndan biridir. 597 metre uzunlu\u011fundaki bu e\u015fsiz yap\u0131, ziyaret\u00e7ilerini etkileyici bir deneyimle kar\u015f\u0131lar.<\/p>\n\n\n\n<p>\u0130nsuyu Ma\u011faras\u0131 \u00e7evresi, do\u011fa severler ve kamp\u00e7\u0131lar i\u00e7in adeta bir cennet. Hem \u00e7ad\u0131r kamp\u0131 yapabilece\u011finiz, hem de karavan\u0131n\u0131zla konaklayabilece\u011finiz alanlar mevcut. \u015eehir merkezine yak\u0131nl\u0131\u011f\u0131 sayesinde kamp\u00e7\u0131lar i\u00e7in b\u00fcy\u00fck kolayl\u0131k sa\u011flar. Kamp alan\u0131nda bulunan tesisler, ihtiya\u00e7lar\u0131n\u0131z\u0131 kar\u015f\u0131lamak ad\u0131na olduk\u00e7a elveri\u015flidir. \u0130htiya\u00e7 duydu\u011funuz tuvalet, elektrik, yiyecek ve i\u00e7ecek hizmetlerini ma\u011fara \u00e7evresinde bulunan i\u015fletmelerden temin edebilirsiniz.<\/p>\n\n\n\n<hr class=\"wp-block-separator has-css-opacity is-style-wide\"\/>\n\n\n\n<ul class=\"wp-block-list\">\n<li><strong>\u0130nsuyu Ma\u011faras\u0131 Kamp Alan\u0131<\/strong>\u00a0<strong>Adres<\/strong>\u00a0:15000 \u00c7ine\/Burdur Merkez\/Burdur\u00a0<strong><em><a href=\"https:\/\/www.google.com\/maps?daddr=37.65945259987671,30.375298832750463\" target=\"_blank\" rel=\"noreferrer noopener\">Konum Bilgisi<\/a><\/em><\/strong><\/li>\n\n\n\n<li><strong>\u0130nsuyu Ma\u011faras\u0131 Kamp Alan\u0131<\/strong>\u00a0<strong>Detayl\u0131 Bilgi :<\/strong>\u00a0Detayl\u0131 Bilgiler i\u00e7in\u00a0<strong><em><strong><a href=\"https:\/\/geziyoo.co\/listing\/insuyu-magara-kamp-alani\/\">\u0130nsuyu Ma\u011faras\u0131<\/a><\/strong><\/em><\/strong> sayfam\u0131za bakabilirsiniz.<\/li>\n<\/ul>\n\n\n\n<hr class=\"wp-block-separator has-css-opacity is-style-wide\"\/>\n\n\n\n<h3 class=\"wp-block-heading\">Bunlar\u0131 da Sevebilirsiniz;<\/h3>\n\n\n<ul class=\"wp-block-latest-posts__list wp-block-latest-posts\"><li><a class=\"wp-block-latest-posts__post-title\" href=\"https:\/\/geziyoo.co\/blog\/yurt-disinda-cocuklarin-egitimi-ebeveynler-formaliteler-yuzunden-nerede-para-kaybediyor\/\">Yurt d\u0131\u015f\u0131nda \u00e7ocuklar\u0131n e\u011fitimi: Ebeveynler formaliteler y\u00fcz\u00fcnden nerede para kaybediyor?<\/a><\/li>\n<li><a class=\"wp-block-latest-posts__post-title\" href=\"https:\/\/geziyoo.co\/blog\/gezerken-ne-giyilir\/\">Gezerken Ne Giyilir? Mevsim Ge\u00e7i\u015fleri ve Yaz Tatilleri \u0130\u00e7in Pratik Kombin Rehberi<\/a><\/li>\n<li><a class=\"wp-block-latest-posts__post-title\" href=\"https:\/\/geziyoo.co\/blog\/2026-resmi-tatilleri-ve-14-gune-43-gun\/\">Ajandalar Haz\u0131rlans\u0131n! 2026 Resmi Tatilleri ve &#8220;14 G\u00fcne 43 G\u00fcn&#8221; Form\u00fcl\u00fc G\u00fcndemde<\/a><\/li>\n<\/ul>\n\n\n<p><\/p>\n","protected":false},"excerpt":{"rendered":"<p>Burdur, co\u011frafi olarak Akdeniz&#8217;e a\u00e7\u0131lan kap\u0131 olsa da iklimi ve atmosferiyle kendine has bir &#8220;G\u00f6ller B\u00f6lgesi&#8221; cumhuriyetidir. \u015eehrin en b\u00fcy\u00fck markas\u0131 \u015f\u00fcphesiz Salda G\u00f6l\u00fc&#8217;d\u00fcr; ancak Burdur sadece bundan ibaret de\u011fildir. A\u011flasun il\u00e7esindeki Sagalassos Antik Kenti, T\u00fcrkiye&#8217;nin en y\u00fcksek rak\u0131ml\u0131 ve en iyi korunmu\u015f antik kentlerinden biri olarak, kamp\u00e7\u0131lara bulutlar\u0131n \u00fczerinde bir gece vaat eder. Bucak &hellip;<\/p>\n","protected":false},"author":1,"featured_media":12860,"comment_status":"open","ping_status":"closed","sticky":false,"template":"","format":"standard","meta":{"footnotes":""},"categories":[589,23],"tags":[],"class_list":["post-12878","post","type-post","status-publish","format-standard","has-post-thumbnail","hentry","category-kamp1","category-kamp-kamp-alanlari"],"yoast_head":"<!-- This site is optimized with the Yoast SEO plugin v26.9 - https:\/\/yoast.com\/product\/yoast-seo-wordpress\/ -->\n<title>Burdur\u2019da En \u0130yi 12 Kamp Alan\u0131: \u00dccretli, \u00dccretsiz ve Tesisli | Geziyoo<\/title>\n<meta name=\"description\" content=\"Burdur Salda G\u00f6l\u00fc (Ye\u015filova), Karaca\u00f6ren Baraj\u0131, Sagalassos, Kibyra Antik Kenti ve Lavanta Deresi dahil \u00fccretli ve \u00fccretsiz 12 kamp alan\u0131n\u0131 listeledik. Konumlar Geziyoo&#039;da.\" \/>\n<meta name=\"robots\" content=\"index, follow, max-snippet:-1, max-image-preview:large, max-video-preview:-1\" \/>\n<link rel=\"canonical\" href=\"https:\/\/geziyoo.co\/blog\/burdur-kamp-alanlari-ve-karavan-alanlari\/\" \/>\n<meta property=\"og:locale\" content=\"tr_TR\" \/>\n<meta property=\"og:type\" content=\"article\" \/>\n<meta property=\"og:title\" content=\"Burdur\u2019da En \u0130yi 12 Kamp Alan\u0131: \u00dccretli, \u00dccretsiz ve Tesisli | Geziyoo\" \/>\n<meta property=\"og:description\" content=\"Burdur Salda G\u00f6l\u00fc (Ye\u015filova), Karaca\u00f6ren Baraj\u0131, Sagalassos, Kibyra Antik Kenti ve Lavanta Deresi dahil \u00fccretli ve \u00fccretsiz 12 kamp alan\u0131n\u0131 listeledik. Konumlar Geziyoo&#039;da.\" \/>\n<meta property=\"og:url\" content=\"https:\/\/geziyoo.co\/blog\/burdur-kamp-alanlari-ve-karavan-alanlari\/\" \/>\n<meta property=\"og:site_name\" content=\"Geziyoo.co\" \/>\n<meta property=\"article:publisher\" content=\"https:\/\/www.facebook.com\/Geziyooco\" \/>\n<meta property=\"article:author\" content=\"https:\/\/www.facebook.com\/geziyoo.co\" \/>\n<meta property=\"article:published_time\" content=\"2023-06-12T12:54:28+00:00\" \/>\n<meta property=\"article:modified_time\" content=\"2026-01-30T11:19:56+00:00\" \/>\n<meta property=\"og:image\" content=\"https:\/\/geziyoo.co\/blog\/wp-content\/uploads\/2023\/05\/cavli-kamp-alanlari.jpg\" \/>\n\t<meta property=\"og:image:width\" content=\"800\" \/>\n\t<meta property=\"og:image:height\" content=\"600\" \/>\n\t<meta property=\"og:image:type\" content=\"image\/jpeg\" \/>\n<meta name=\"author\" content=\"Geziyoo\" \/>\n<meta name=\"twitter:card\" content=\"summary_large_image\" \/>\n<meta name=\"twitter:creator\" content=\"@https:\/\/twitter.com\/geziyoo\" \/>\n<meta name=\"twitter:site\" content=\"@geziyoo\" \/>\n<meta name=\"twitter:label1\" content=\"Yazan:\" \/>\n\t<meta name=\"twitter:data1\" content=\"Geziyoo\" \/>\n\t<meta name=\"twitter:label2\" content=\"Tahmini okuma s\u00fcresi\" \/>\n\t<meta name=\"twitter:data2\" content=\"14 dakika\" \/>\n<script type=\"application\/ld+json\" class=\"yoast-schema-graph\">{\"@context\":\"https:\/\/schema.org\",\"@graph\":[{\"@type\":\"Article\",\"@id\":\"https:\/\/geziyoo.co\/blog\/burdur-kamp-alanlari-ve-karavan-alanlari\/#article\",\"isPartOf\":{\"@id\":\"https:\/\/geziyoo.co\/blog\/burdur-kamp-alanlari-ve-karavan-alanlari\/\"},\"author\":{\"name\":\"Geziyoo\",\"@id\":\"https:\/\/geziyoo.co\/blog\/#\/schema\/person\/032acb2436540ed14784e7d978aef0e4\"},\"headline\":\"Burdur Geneli \u00dccretli ve \u00dccretsiz 12+ Kamp Alan\u0131 (\u0130leti\u015fim ve Konum)\",\"datePublished\":\"2023-06-12T12:54:28+00:00\",\"dateModified\":\"2026-01-30T11:19:56+00:00\",\"mainEntityOfPage\":{\"@id\":\"https:\/\/geziyoo.co\/blog\/burdur-kamp-alanlari-ve-karavan-alanlari\/\"},\"wordCount\":2521,\"commentCount\":0,\"publisher\":{\"@id\":\"https:\/\/geziyoo.co\/blog\/#organization\"},\"image\":{\"@id\":\"https:\/\/geziyoo.co\/blog\/burdur-kamp-alanlari-ve-karavan-alanlari\/#primaryimage\"},\"thumbnailUrl\":\"https:\/\/geziyoo.co\/blog\/wp-content\/uploads\/2023\/05\/cavli-kamp-alanlari.jpg\",\"articleSection\":[\"Kamp\",\"Kamp Alanlar\u0131\"],\"inLanguage\":\"tr\",\"potentialAction\":[{\"@type\":\"CommentAction\",\"name\":\"Comment\",\"target\":[\"https:\/\/geziyoo.co\/blog\/burdur-kamp-alanlari-ve-karavan-alanlari\/#respond\"]}]},{\"@type\":\"WebPage\",\"@id\":\"https:\/\/geziyoo.co\/blog\/burdur-kamp-alanlari-ve-karavan-alanlari\/\",\"url\":\"https:\/\/geziyoo.co\/blog\/burdur-kamp-alanlari-ve-karavan-alanlari\/\",\"name\":\"Burdur\u2019da En \u0130yi 12 Kamp Alan\u0131: \u00dccretli, \u00dccretsiz ve Tesisli | Geziyoo\",\"isPartOf\":{\"@id\":\"https:\/\/geziyoo.co\/blog\/#website\"},\"primaryImageOfPage\":{\"@id\":\"https:\/\/geziyoo.co\/blog\/burdur-kamp-alanlari-ve-karavan-alanlari\/#primaryimage\"},\"image\":{\"@id\":\"https:\/\/geziyoo.co\/blog\/burdur-kamp-alanlari-ve-karavan-alanlari\/#primaryimage\"},\"thumbnailUrl\":\"https:\/\/geziyoo.co\/blog\/wp-content\/uploads\/2023\/05\/cavli-kamp-alanlari.jpg\",\"datePublished\":\"2023-06-12T12:54:28+00:00\",\"dateModified\":\"2026-01-30T11:19:56+00:00\",\"description\":\"Burdur Salda G\u00f6l\u00fc (Ye\u015filova), Karaca\u00f6ren Baraj\u0131, Sagalassos, Kibyra Antik Kenti ve Lavanta Deresi dahil \u00fccretli ve \u00fccretsiz 12 kamp alan\u0131n\u0131 listeledik. Konumlar Geziyoo'da.\",\"breadcrumb\":{\"@id\":\"https:\/\/geziyoo.co\/blog\/burdur-kamp-alanlari-ve-karavan-alanlari\/#breadcrumb\"},\"inLanguage\":\"tr\",\"potentialAction\":[{\"@type\":\"ReadAction\",\"target\":[\"https:\/\/geziyoo.co\/blog\/burdur-kamp-alanlari-ve-karavan-alanlari\/\"]}]},{\"@type\":\"ImageObject\",\"inLanguage\":\"tr\",\"@id\":\"https:\/\/geziyoo.co\/blog\/burdur-kamp-alanlari-ve-karavan-alanlari\/#primaryimage\",\"url\":\"https:\/\/geziyoo.co\/blog\/wp-content\/uploads\/2023\/05\/cavli-kamp-alanlari.jpg\",\"contentUrl\":\"https:\/\/geziyoo.co\/blog\/wp-content\/uploads\/2023\/05\/cavli-kamp-alanlari.jpg\",\"width\":800,\"height\":600},{\"@type\":\"BreadcrumbList\",\"@id\":\"https:\/\/geziyoo.co\/blog\/burdur-kamp-alanlari-ve-karavan-alanlari\/#breadcrumb\",\"itemListElement\":[{\"@type\":\"ListItem\",\"position\":1,\"name\":\"Ana sayfa\",\"item\":\"https:\/\/geziyoo.co\/blog\/\"},{\"@type\":\"ListItem\",\"position\":2,\"name\":\"Burdur Geneli \u00dccretli ve \u00dccretsiz 12+ Kamp Alan\u0131 (\u0130leti\u015fim ve Konum)\"}]},{\"@type\":\"WebSite\",\"@id\":\"https:\/\/geziyoo.co\/blog\/#website\",\"url\":\"https:\/\/geziyoo.co\/blog\/\",\"name\":\"Geziyoo Blog\",\"description\":\"GeziYoo Blog&#039;da T\u00fcrkiye&#039;nin en iyi kamp alanlar\u0131ndan bungalov tatillerine, karavan ipu\u00e7lar\u0131ndan gezi rehberlerine kadar her t\u00fcrl\u00fc do\u011fa deneyimini ke\u015ffedin.\",\"publisher\":{\"@id\":\"https:\/\/geziyoo.co\/blog\/#organization\"},\"potentialAction\":[{\"@type\":\"SearchAction\",\"target\":{\"@type\":\"EntryPoint\",\"urlTemplate\":\"https:\/\/geziyoo.co\/blog\/?s={search_term_string}\"},\"query-input\":{\"@type\":\"PropertyValueSpecification\",\"valueRequired\":true,\"valueName\":\"search_term_string\"}}],\"inLanguage\":\"tr\"},{\"@type\":\"Organization\",\"@id\":\"https:\/\/geziyoo.co\/blog\/#organization\",\"name\":\"Geziyoo.co\",\"url\":\"https:\/\/geziyoo.co\/blog\/\",\"logo\":{\"@type\":\"ImageObject\",\"inLanguage\":\"tr\",\"@id\":\"https:\/\/geziyoo.co\/blog\/#\/schema\/logo\/image\/\",\"url\":\"https:\/\/geziyoo.co\/blog\/wp-content\/uploads\/2025\/01\/Paragraf-metniniz-3.png\",\"contentUrl\":\"https:\/\/geziyoo.co\/blog\/wp-content\/uploads\/2025\/01\/Paragraf-metniniz-3.png\",\"width\":270,\"height\":50,\"caption\":\"Geziyoo.co\"},\"image\":{\"@id\":\"https:\/\/geziyoo.co\/blog\/#\/schema\/logo\/image\/\"},\"sameAs\":[\"https:\/\/www.facebook.com\/Geziyooco\",\"https:\/\/x.com\/geziyoo\",\"https:\/\/tr.pinterest.com\/geziyooco\/\",\"https:\/\/www.youtube.com\/@geziyoo\",\"https:\/\/www.instagram.com\/geziyoo.co\/\"]},{\"@type\":\"Person\",\"@id\":\"https:\/\/geziyoo.co\/blog\/#\/schema\/person\/032acb2436540ed14784e7d978aef0e4\",\"name\":\"Geziyoo\",\"image\":{\"@type\":\"ImageObject\",\"inLanguage\":\"tr\",\"@id\":\"https:\/\/geziyoo.co\/blog\/#\/schema\/person\/image\/\",\"url\":\"https:\/\/secure.gravatar.com\/avatar\/ae212a4514471fdb8cab6e5af4f3c99b940a2d0a16713ea0392c8d7c8a64f30a?s=96&d=mm&r=g\",\"contentUrl\":\"https:\/\/secure.gravatar.com\/avatar\/ae212a4514471fdb8cab6e5af4f3c99b940a2d0a16713ea0392c8d7c8a64f30a?s=96&d=mm&r=g\",\"caption\":\"Geziyoo\"},\"description\":\"Do\u011fa ile i\u00e7 i\u00e7e olabilece\u011finiz yerler,do\u011fa aktivite alanlar\u0131,kamp alanlar\u0131,bungalov oteller,Tiny House Oteller, Galampingler ve da\u011f evlerinin herkes i\u00e7in ula\u015f\u0131labilir olmas\u0131n\u0131 sa\u011flamak amac\u0131yla Geziyoo\u2019ya 2019 y\u0131l\u0131nda ba\u015flad\u0131k.Do\u011fal Tatil konseptini uygulayan en geni\u015f kapsaml\u0131 sitedir.\",\"sameAs\":[\"https:\/\/geziyoo.co\/\",\"https:\/\/www.facebook.com\/geziyoo.co\",\"https:\/\/www.instagram.com\/geziyoo.co\/\",\"https:\/\/tr.pinterest.com\/geziyooco\/\",\"https:\/\/x.com\/https:\/\/twitter.com\/geziyoo\",\"https:\/\/www.youtube.com\/channel\/UCdiSMa6pe17KEY7DP1Ug4ag\"]}]}<\/script>\n<!-- \/ Yoast SEO plugin. -->","yoast_head_json":{"title":"Burdur\u2019da En \u0130yi 12 Kamp Alan\u0131: \u00dccretli, \u00dccretsiz ve Tesisli | Geziyoo","description":"Burdur Salda G\u00f6l\u00fc (Ye\u015filova), Karaca\u00f6ren Baraj\u0131, Sagalassos, Kibyra Antik Kenti ve Lavanta Deresi dahil \u00fccretli ve \u00fccretsiz 12 kamp alan\u0131n\u0131 listeledik. Konumlar Geziyoo'da.","robots":{"index":"index","follow":"follow","max-snippet":"max-snippet:-1","max-image-preview":"max-image-preview:large","max-video-preview":"max-video-preview:-1"},"canonical":"https:\/\/geziyoo.co\/blog\/burdur-kamp-alanlari-ve-karavan-alanlari\/","og_locale":"tr_TR","og_type":"article","og_title":"Burdur\u2019da En \u0130yi 12 Kamp Alan\u0131: \u00dccretli, \u00dccretsiz ve Tesisli | Geziyoo","og_description":"Burdur Salda G\u00f6l\u00fc (Ye\u015filova), Karaca\u00f6ren Baraj\u0131, Sagalassos, Kibyra Antik Kenti ve Lavanta Deresi dahil \u00fccretli ve \u00fccretsiz 12 kamp alan\u0131n\u0131 listeledik. Konumlar Geziyoo'da.","og_url":"https:\/\/geziyoo.co\/blog\/burdur-kamp-alanlari-ve-karavan-alanlari\/","og_site_name":"Geziyoo.co","article_publisher":"https:\/\/www.facebook.com\/Geziyooco","article_author":"https:\/\/www.facebook.com\/geziyoo.co","article_published_time":"2023-06-12T12:54:28+00:00","article_modified_time":"2026-01-30T11:19:56+00:00","og_image":[{"width":800,"height":600,"url":"https:\/\/geziyoo.co\/blog\/wp-content\/uploads\/2023\/05\/cavli-kamp-alanlari.jpg","type":"image\/jpeg"}],"author":"Geziyoo","twitter_card":"summary_large_image","twitter_creator":"@https:\/\/twitter.com\/geziyoo","twitter_site":"@geziyoo","twitter_misc":{"Yazan:":"Geziyoo","Tahmini okuma s\u00fcresi":"14 dakika"},"schema":{"@context":"https:\/\/schema.org","@graph":[{"@type":"Article","@id":"https:\/\/geziyoo.co\/blog\/burdur-kamp-alanlari-ve-karavan-alanlari\/#article","isPartOf":{"@id":"https:\/\/geziyoo.co\/blog\/burdur-kamp-alanlari-ve-karavan-alanlari\/"},"author":{"name":"Geziyoo","@id":"https:\/\/geziyoo.co\/blog\/#\/schema\/person\/032acb2436540ed14784e7d978aef0e4"},"headline":"Burdur Geneli \u00dccretli ve \u00dccretsiz 12+ Kamp Alan\u0131 (\u0130leti\u015fim ve Konum)","datePublished":"2023-06-12T12:54:28+00:00","dateModified":"2026-01-30T11:19:56+00:00","mainEntityOfPage":{"@id":"https:\/\/geziyoo.co\/blog\/burdur-kamp-alanlari-ve-karavan-alanlari\/"},"wordCount":2521,"commentCount":0,"publisher":{"@id":"https:\/\/geziyoo.co\/blog\/#organization"},"image":{"@id":"https:\/\/geziyoo.co\/blog\/burdur-kamp-alanlari-ve-karavan-alanlari\/#primaryimage"},"thumbnailUrl":"https:\/\/geziyoo.co\/blog\/wp-content\/uploads\/2023\/05\/cavli-kamp-alanlari.jpg","articleSection":["Kamp","Kamp Alanlar\u0131"],"inLanguage":"tr","potentialAction":[{"@type":"CommentAction","name":"Comment","target":["https:\/\/geziyoo.co\/blog\/burdur-kamp-alanlari-ve-karavan-alanlari\/#respond"]}]},{"@type":"WebPage","@id":"https:\/\/geziyoo.co\/blog\/burdur-kamp-alanlari-ve-karavan-alanlari\/","url":"https:\/\/geziyoo.co\/blog\/burdur-kamp-alanlari-ve-karavan-alanlari\/","name":"Burdur\u2019da En \u0130yi 12 Kamp Alan\u0131: \u00dccretli, \u00dccretsiz ve Tesisli | Geziyoo","isPartOf":{"@id":"https:\/\/geziyoo.co\/blog\/#website"},"primaryImageOfPage":{"@id":"https:\/\/geziyoo.co\/blog\/burdur-kamp-alanlari-ve-karavan-alanlari\/#primaryimage"},"image":{"@id":"https:\/\/geziyoo.co\/blog\/burdur-kamp-alanlari-ve-karavan-alanlari\/#primaryimage"},"thumbnailUrl":"https:\/\/geziyoo.co\/blog\/wp-content\/uploads\/2023\/05\/cavli-kamp-alanlari.jpg","datePublished":"2023-06-12T12:54:28+00:00","dateModified":"2026-01-30T11:19:56+00:00","description":"Burdur Salda G\u00f6l\u00fc (Ye\u015filova), Karaca\u00f6ren Baraj\u0131, Sagalassos, Kibyra Antik Kenti ve Lavanta Deresi dahil \u00fccretli ve \u00fccretsiz 12 kamp alan\u0131n\u0131 listeledik. Konumlar Geziyoo'da.","breadcrumb":{"@id":"https:\/\/geziyoo.co\/blog\/burdur-kamp-alanlari-ve-karavan-alanlari\/#breadcrumb"},"inLanguage":"tr","potentialAction":[{"@type":"ReadAction","target":["https:\/\/geziyoo.co\/blog\/burdur-kamp-alanlari-ve-karavan-alanlari\/"]}]},{"@type":"ImageObject","inLanguage":"tr","@id":"https:\/\/geziyoo.co\/blog\/burdur-kamp-alanlari-ve-karavan-alanlari\/#primaryimage","url":"https:\/\/geziyoo.co\/blog\/wp-content\/uploads\/2023\/05\/cavli-kamp-alanlari.jpg","contentUrl":"https:\/\/geziyoo.co\/blog\/wp-content\/uploads\/2023\/05\/cavli-kamp-alanlari.jpg","width":800,"height":600},{"@type":"BreadcrumbList","@id":"https:\/\/geziyoo.co\/blog\/burdur-kamp-alanlari-ve-karavan-alanlari\/#breadcrumb","itemListElement":[{"@type":"ListItem","position":1,"name":"Ana sayfa","item":"https:\/\/geziyoo.co\/blog\/"},{"@type":"ListItem","position":2,"name":"Burdur Geneli \u00dccretli ve \u00dccretsiz 12+ Kamp Alan\u0131 (\u0130leti\u015fim ve Konum)"}]},{"@type":"WebSite","@id":"https:\/\/geziyoo.co\/blog\/#website","url":"https:\/\/geziyoo.co\/blog\/","name":"Geziyoo Blog","description":"GeziYoo Blog&#039;da T\u00fcrkiye&#039;nin en iyi kamp alanlar\u0131ndan bungalov tatillerine, karavan ipu\u00e7lar\u0131ndan gezi rehberlerine kadar her t\u00fcrl\u00fc do\u011fa deneyimini ke\u015ffedin.","publisher":{"@id":"https:\/\/geziyoo.co\/blog\/#organization"},"potentialAction":[{"@type":"SearchAction","target":{"@type":"EntryPoint","urlTemplate":"https:\/\/geziyoo.co\/blog\/?s={search_term_string}"},"query-input":{"@type":"PropertyValueSpecification","valueRequired":true,"valueName":"search_term_string"}}],"inLanguage":"tr"},{"@type":"Organization","@id":"https:\/\/geziyoo.co\/blog\/#organization","name":"Geziyoo.co","url":"https:\/\/geziyoo.co\/blog\/","logo":{"@type":"ImageObject","inLanguage":"tr","@id":"https:\/\/geziyoo.co\/blog\/#\/schema\/logo\/image\/","url":"https:\/\/geziyoo.co\/blog\/wp-content\/uploads\/2025\/01\/Paragraf-metniniz-3.png","contentUrl":"https:\/\/geziyoo.co\/blog\/wp-content\/uploads\/2025\/01\/Paragraf-metniniz-3.png","width":270,"height":50,"caption":"Geziyoo.co"},"image":{"@id":"https:\/\/geziyoo.co\/blog\/#\/schema\/logo\/image\/"},"sameAs":["https:\/\/www.facebook.com\/Geziyooco","https:\/\/x.com\/geziyoo","https:\/\/tr.pinterest.com\/geziyooco\/","https:\/\/www.youtube.com\/@geziyoo","https:\/\/www.instagram.com\/geziyoo.co\/"]},{"@type":"Person","@id":"https:\/\/geziyoo.co\/blog\/#\/schema\/person\/032acb2436540ed14784e7d978aef0e4","name":"Geziyoo","image":{"@type":"ImageObject","inLanguage":"tr","@id":"https:\/\/geziyoo.co\/blog\/#\/schema\/person\/image\/","url":"https:\/\/secure.gravatar.com\/avatar\/ae212a4514471fdb8cab6e5af4f3c99b940a2d0a16713ea0392c8d7c8a64f30a?s=96&d=mm&r=g","contentUrl":"https:\/\/secure.gravatar.com\/avatar\/ae212a4514471fdb8cab6e5af4f3c99b940a2d0a16713ea0392c8d7c8a64f30a?s=96&d=mm&r=g","caption":"Geziyoo"},"description":"Do\u011fa ile i\u00e7 i\u00e7e olabilece\u011finiz yerler,do\u011fa aktivite alanlar\u0131,kamp alanlar\u0131,bungalov oteller,Tiny House Oteller, Galampingler ve da\u011f evlerinin herkes i\u00e7in ula\u015f\u0131labilir olmas\u0131n\u0131 sa\u011flamak amac\u0131yla Geziyoo\u2019ya 2019 y\u0131l\u0131nda ba\u015flad\u0131k.Do\u011fal Tatil konseptini uygulayan en geni\u015f kapsaml\u0131 sitedir.","sameAs":["https:\/\/geziyoo.co\/","https:\/\/www.facebook.com\/geziyoo.co","https:\/\/www.instagram.com\/geziyoo.co\/","https:\/\/tr.pinterest.com\/geziyooco\/","https:\/\/x.com\/https:\/\/twitter.com\/geziyoo","https:\/\/www.youtube.com\/channel\/UCdiSMa6pe17KEY7DP1Ug4ag"]}]}},"amp_enabled":true,"_links":{"self":[{"href":"https:\/\/geziyoo.co\/blog\/wp-json\/wp\/v2\/posts\/12878","targetHints":{"allow":["GET"]}}],"collection":[{"href":"https:\/\/geziyoo.co\/blog\/wp-json\/wp\/v2\/posts"}],"about":[{"href":"https:\/\/geziyoo.co\/blog\/wp-json\/wp\/v2\/types\/post"}],"author":[{"embeddable":true,"href":"https:\/\/geziyoo.co\/blog\/wp-json\/wp\/v2\/users\/1"}],"replies":[{"embeddable":true,"href":"https:\/\/geziyoo.co\/blog\/wp-json\/wp\/v2\/comments?post=12878"}],"version-history":[{"count":0,"href":"https:\/\/geziyoo.co\/blog\/wp-json\/wp\/v2\/posts\/12878\/revisions"}],"wp:featuredmedia":[{"embeddable":true,"href":"https:\/\/geziyoo.co\/blog\/wp-json\/wp\/v2\/media\/12860"}],"wp:attachment":[{"href":"https:\/\/geziyoo.co\/blog\/wp-json\/wp\/v2\/media?parent=12878"}],"wp:term":[{"taxonomy":"category","embeddable":true,"href":"https:\/\/geziyoo.co\/blog\/wp-json\/wp\/v2\/categories?post=12878"},{"taxonomy":"post_tag","embeddable":true,"href":"https:\/\/geziyoo.co\/blog\/wp-json\/wp\/v2\/tags?post=12878"}],"curies":[{"name":"wp","href":"https:\/\/api.w.org\/{rel}","templated":true}]}}