{"id":12535,"date":"2023-04-18T13:30:06","date_gmt":"2023-04-18T13:30:06","guid":{"rendered":"https:\/\/geziyoo.co\/blog\/?p=12535"},"modified":"2026-01-23T13:41:12","modified_gmt":"2026-01-23T13:41:12","slug":"karavan-ne-kadar-yakit-yakar","status":"publish","type":"post","link":"https:\/\/geziyoo.co\/blog\/karavan-ne-kadar-yakit-yakar\/","title":{"rendered":"Karavan Ne Kadar Yak\u0131t (Benzin , Mazot) yakar?"},"content":{"rendered":"\n<p><strong>Karavan ne kadar Yak\u0131t yakar? Karavan\u0131n\u0131z Ne Kadar Yak\u0131yor? i\u00e7eri\u011fimizden herkese merhabalar bu ie\u00e7ri\u011fimizde karvanlar\u0131n ne kadar yakaca\u011f\u0131 ile ilgili bilgiler aktaraca\u011f\u0131z.<\/strong><\/p>\n\n\n\n<p>Karavanlar, boyutlar\u0131na, a\u011f\u0131rl\u0131klar\u0131na ve motor \u00f6zelliklerine g\u00f6re farkl\u0131 yak\u0131t t\u00fcketimleri sergileyebilirler. Ancak, genel olarak konu\u015fursak, bir karavan\u0131n ne kadar benzin t\u00fcketece\u011fi, bir dizi fakt\u00f6re ba\u011fl\u0131d\u0131r.<\/p>\n\n\n\n<p>Bu fakt\u00f6rler aras\u0131nda karavan\u0131n boyutu, a\u011f\u0131rl\u0131\u011f\u0131, aerodinamik yap\u0131s\u0131, motor g\u00fcc\u00fc, yol ko\u015fullar\u0131, s\u00fcr\u00fc\u015f tarz\u0131 ve bak\u0131m durumu yer alabilir.<\/p>\n\n\n\n<hr class=\"wp-block-separator has-css-opacity is-style-wide\"\/>\n\n\n\n<h2 class=\"wp-block-heading\">Karavan ne kadar Yak\u0131t (Benzin , Mazot) yakar? <\/h2>\n\n\n\n<figure class=\"wp-block-image size-large\"><img decoding=\"async\" width=\"800\" height=\"600\" data-src=\"https:\/\/geziyoo.co\/blog\/wp-content\/uploads\/2023\/06\/Mercedes-Sprinter-Karavan-1.jpeg\" alt=\"Karavan ne kadar Yak\u0131t yakar? Karavan\u0131n\u0131z Ne Kadar Yak\u0131yor?\" class=\"wp-image-13064 lazyload\" data-srcset=\"https:\/\/geziyoo.co\/blog\/wp-content\/uploads\/2023\/06\/Mercedes-Sprinter-Karavan-1.jpeg 800w, https:\/\/geziyoo.co\/blog\/wp-content\/uploads\/2023\/06\/Mercedes-Sprinter-Karavan-1-300x225.jpeg 300w, https:\/\/geziyoo.co\/blog\/wp-content\/uploads\/2023\/06\/Mercedes-Sprinter-Karavan-1-768x576.jpeg 768w\" data-sizes=\"(max-width: 800px) 100vw, 800px\" src=\"data:image\/gif;base64,R0lGODlhAQABAAAAACH5BAEKAAEALAAAAAABAAEAAAICTAEAOw==\" style=\"--smush-placeholder-width: 800px; --smush-placeholder-aspect-ratio: 800\/600;\" \/><\/figure>\n\n\n\n<p><strong>Karavanlar\u0131n tipik olarak 15-25 litre\/100 km aras\u0131 benzin veya mazot t\u00fcketti\u011fi s\u00f6ylenebilir. Ancak, daha b\u00fcy\u00fck ve a\u011f\u0131r karavanlar daha fazla t\u00fcketim g\u00f6sterebilirken, daha k\u00fc\u00e7\u00fck ve hafif karavanlar daha az t\u00fcketim g\u00f6sterebilirler.<\/strong>Bu de\u011ferler, sadece bir tahmindir ve ger\u00e7ek t\u00fcketim, a\u015fa\u011f\u0131da bahsedilen fakt\u00f6rlere ba\u011fl\u0131 olarak de\u011fi\u015febilir.<\/p>\n\n\n\n<hr class=\"wp-block-separator has-css-opacity is-style-wide\"\/>\n\n\n\n<h2 class=\"wp-block-heading\">Karavanda yak\u0131t t\u00fcketimini etkileyen fakt\u00f6rler<\/h2>\n\n\n\n<figure class=\"wp-block-image size-large\"><img decoding=\"async\" width=\"950\" height=\"800\" data-src=\"https:\/\/geziyoo.co\/blog\/wp-content\/uploads\/2023\/04\/Karavanda-Yangin-Guvenligi.jpg\" alt=\"Karavan ne kadar benzin yakar? Karavan\u0131n\u0131z Ne Kadar Yak\u0131yor? \" class=\"wp-image-12405 lazyload\" data-srcset=\"https:\/\/geziyoo.co\/blog\/wp-content\/uploads\/2023\/04\/Karavanda-Yangin-Guvenligi.jpg 950w, https:\/\/geziyoo.co\/blog\/wp-content\/uploads\/2023\/04\/Karavanda-Yangin-Guvenligi-300x253.jpg 300w, https:\/\/geziyoo.co\/blog\/wp-content\/uploads\/2023\/04\/Karavanda-Yangin-Guvenligi-768x646.jpg 768w\" data-sizes=\"(max-width: 950px) 100vw, 950px\" src=\"data:image\/gif;base64,R0lGODlhAQABAAAAACH5BAEKAAEALAAAAAABAAEAAAICTAEAOw==\" style=\"--smush-placeholder-width: 950px; --smush-placeholder-aspect-ratio: 950\/800;\" \/><figcaption class=\"wp-element-caption\">Karavan ne kadar benzin yakar? Karavan\u0131n\u0131z Ne Kadar Yak\u0131yor?<\/figcaption><\/figure>\n\n\n\n<p>Karavanda yak\u0131t t\u00fcketimini etkileyen birka\u00e7 \u00f6nemli fakt\u00f6r vard\u0131r. \u0130\u015fte bu fakt\u00f6rler:<\/p>\n\n\n\n<ol class=\"wp-block-list\">\n<li><strong>Karavan\u0131n A\u011f\u0131rl\u0131\u011f\u0131<\/strong>: Karavan\u0131n a\u011f\u0131rl\u0131\u011f\u0131, yak\u0131t t\u00fcketiminin en \u00f6nemli belirleyicisidir. Daha a\u011f\u0131r bir karavan genellikle daha fazla yak\u0131t t\u00fcketir. Bu nedenle, gereksiz y\u00fckleri ta\u015f\u0131mamak ve karavan\u0131 m\u00fcmk\u00fcn oldu\u011funca hafif tutmak \u00f6nemlidir.<\/li>\n\n\n\n<li><strong>Karavan\u0131n Boyutu ve \u015eekli<\/strong>: Karavan\u0131n boyutu ve \u015fekli, hava direncini etkiler ve bu da yak\u0131t t\u00fcketimini art\u0131rabilir. Aerodinamik bir tasar\u0131ma sahip karavanlar genellikle daha az yak\u0131t t\u00fcketir.<\/li>\n\n\n\n<li><strong>S\u00fcr\u00fc\u015f Tarz\u0131<\/strong>: H\u0131zl\u0131 h\u0131zlanma ve s\u0131k s\u0131k fren yapma, yak\u0131t t\u00fcketimini art\u0131rabilir. Daha d\u00fczg\u00fcn ve kontroll\u00fc bir s\u00fcr\u00fc\u015f tarz\u0131, yak\u0131t t\u00fcketimini azalt\u0131r.<\/li>\n\n\n\n<li><strong>Yol Ko\u015fullar\u0131 ve Topografya<\/strong>: D\u00fcz ve iyi durumda bir yol, engebeli veya bozuk yollara g\u00f6re daha az yak\u0131t t\u00fcketir. Ayr\u0131ca, s\u00fcrekli yoku\u015f yukar\u0131 s\u00fcrmek de yak\u0131t t\u00fcketimini art\u0131r\u0131r.<\/li>\n\n\n\n<li><strong>Arac\u0131n Bak\u0131m Durumu<\/strong>: \u0130yi bak\u0131lm\u0131\u015f bir karavan, daha verimli bir motor ve daha iyi bir yak\u0131t ekonomisi sa\u011flar. D\u00fczenli ara\u00e7 bak\u0131m\u0131, lastiklerin uygun bas\u0131n\u00e7ta olmas\u0131 ve motorun d\u00fczg\u00fcn \u00e7al\u0131\u015fmas\u0131n\u0131 sa\u011flamak yak\u0131t t\u00fcketimini azalt\u0131r.<\/li>\n\n\n\n<li><strong>Hava Durumu<\/strong>: So\u011fuk hava, motorun daha fazla enerji harcamas\u0131na neden olabilir, bu da yak\u0131t t\u00fcketimini art\u0131rabilir. Ayr\u0131ca, r\u00fczgar direnci de yak\u0131t t\u00fcketimini etkileyebilir.<\/li>\n\n\n\n<li><strong>Kullan\u0131lan Yak\u0131t\u0131n T\u00fcr\u00fc<\/strong>: Kullan\u0131lan yak\u0131t\u0131n t\u00fcr\u00fc (dizel, benzin, LPG vb.) de yak\u0131t verimlili\u011fini etkiler.<\/li>\n\n\n\n<li><strong>Klima ve Elektrikli Cihaz Kullan\u0131m\u0131<\/strong>: Klima ve di\u011fer elektrikli cihazlar\u0131n a\u015f\u0131r\u0131 kullan\u0131m\u0131, motor \u00fczerinde ek y\u00fck olu\u015fturarak yak\u0131t t\u00fcketimini art\u0131rabilir.<\/li>\n<\/ol>\n\n\n\n<p>Bu fakt\u00f6rler g\u00f6z \u00f6n\u00fcnde bulundurularak, yak\u0131t t\u00fcketimini azaltman\u0131n \u00e7e\u015fitli yollar\u0131 bulunmaktad\u0131r. Bunlar aras\u0131nda, daha hafif bir y\u00fck ta\u015f\u0131mak, aerodinamik bir karavan se\u00e7mek, d\u00fczg\u00fcn bir s\u00fcr\u00fc\u015f tarz\u0131 benimsemek, arac\u0131n d\u00fczenli bak\u0131m\u0131n\u0131 yapmak ve klima gibi enerji t\u00fcketen \u00f6zellikleri minimumda kullanmak bulunur.<\/p>\n\n\n\n<blockquote class=\"wp-block-quote quote-solid is-layout-flow wp-block-quote quote-solid-is-layout-flow\">\n<p><em>Geziyoo.co\u2019nunda \u00e7ekme karavan\u0131 oldu\u011funu biliyormuydunuz?\u00c7ekme karavan\u0131m\u0131z\u0131 g\u00f6rmek ve \u00e7ekti\u011fimiz e\u011flenceli videolar i\u00e7in&nbsp;<\/em><strong>INSTAGRAM<\/strong><em>&nbsp;hesab\u0131m\u0131z\u0131 takip etmenizi rica ediyoruz.<\/em><strong><em><a href=\"https:\/\/www.instagram.com\/geziyoo.co\/\" target=\"_blank\" rel=\"noreferrer noopener\">TAK\u0130P ET&gt;&gt;&gt;<\/a><\/em><\/strong><\/p>\n<\/blockquote>\n\n\n\n<hr class=\"wp-block-separator has-css-opacity is-style-wide\"\/>\n\n\n\n<h2 class=\"wp-block-heading\">Karavalarda yak\u0131t t\u00fcketimini azaltmak i\u00e7in neler yap\u0131labilir?<\/h2>\n\n\n\n<figure class=\"wp-block-image size-large\"><img decoding=\"async\" width=\"850\" height=\"500\" data-src=\"https:\/\/geziyoo.co\/blog\/wp-content\/uploads\/2023\/05\/Motokaravan-Hakkinda-Nedir-Ozellikleri-Ipuclari-6.jpg\" alt=\"\" class=\"wp-image-12911 lazyload\" data-srcset=\"https:\/\/geziyoo.co\/blog\/wp-content\/uploads\/2023\/05\/Motokaravan-Hakkinda-Nedir-Ozellikleri-Ipuclari-6.jpg 850w, https:\/\/geziyoo.co\/blog\/wp-content\/uploads\/2023\/05\/Motokaravan-Hakkinda-Nedir-Ozellikleri-Ipuclari-6-300x176.jpg 300w, https:\/\/geziyoo.co\/blog\/wp-content\/uploads\/2023\/05\/Motokaravan-Hakkinda-Nedir-Ozellikleri-Ipuclari-6-768x452.jpg 768w\" data-sizes=\"(max-width: 850px) 100vw, 850px\" src=\"data:image\/gif;base64,R0lGODlhAQABAAAAACH5BAEKAAEALAAAAAABAAEAAAICTAEAOw==\" style=\"--smush-placeholder-width: 850px; --smush-placeholder-aspect-ratio: 850\/500;\" \/><\/figure>\n\n\n\n<p>Karavanlarda yak\u0131t t\u00fcketimini azaltmak i\u00e7in bir\u00e7ok strateji bulunmaktad\u0131r. \u0130\u015fte bu konuda dikkate alabilece\u011finiz baz\u0131 \u00f6neriler:<\/p>\n\n\n\n<ul class=\"wp-block-list\">\n<li><strong>Hafif Ta\u015f\u0131y\u0131n<\/strong>: Karavan\u0131n\u0131z\u0131n a\u011f\u0131rl\u0131\u011f\u0131 artt\u0131k\u00e7a yak\u0131t t\u00fcketimi de artar. Bu y\u00fczden sadece gerekli olan e\u015fyalar\u0131 ta\u015f\u0131mak ve gereksiz y\u00fckten ka\u00e7\u0131nmak \u00f6nemlidir.<\/li>\n\n\n\n<li><strong>S\u00fcr\u00fc\u015f Tarz\u0131n\u0131za Dikkat Edin<\/strong>: H\u0131zl\u0131 h\u0131zlanma ve s\u0131k fren yapma yak\u0131t t\u00fcketimini art\u0131r\u0131r. Daha d\u00fczg\u00fcn ve kontroll\u00fc s\u00fcr\u00fc\u015f, daha az yak\u0131t t\u00fcketimine yol a\u00e7ar.<\/li>\n\n\n\n<li><strong>D\u00fczenli Bak\u0131m Yap\u0131n<\/strong>: D\u00fczenli olarak karavan\u0131n\u0131z\u0131n bak\u0131m\u0131n\u0131 yapmak, motorun daha verimli \u00e7al\u0131\u015fmas\u0131n\u0131 sa\u011flar. Bu da yak\u0131t t\u00fcketimini azalt\u0131r.<\/li>\n\n\n\n<li><strong>Lastik Bas\u0131n\u00e7lar\u0131na Dikkat Edin<\/strong>: D\u00fc\u015f\u00fck lastik bas\u0131nc\u0131, daha fazla yak\u0131t t\u00fcketimine neden olur. Lastik bas\u0131n\u00e7lar\u0131n\u0131z\u0131 d\u00fczenli olarak kontrol edin ve \u00fcreticinin \u00f6nerdi\u011fi seviyede tutun.<\/li>\n\n\n\n<li><strong>Hava Direncini Azalt\u0131n<\/strong>: Karavan\u0131n d\u0131\u015f\u0131ndaki e\u015fyalar (bisikletler, kaykaylar vb.) hava direncini art\u0131rabilir. M\u00fcmk\u00fcn oldu\u011funca bu t\u00fcr e\u015fyalar\u0131 karavan\u0131n i\u00e7ine yerle\u015ftirin.<\/li>\n\n\n\n<li><strong>Yol Ko\u015fullar\u0131n\u0131 ve Rotalar\u0131 Planlay\u0131n<\/strong>: Engebeli ve bozuk yollar, karavan\u0131n daha \u00e7ok yak\u0131t t\u00fcketmesine neden olur. Yolculuk planlarken d\u00fcz ve iyi durumda yollar\u0131 tercih etmek, yak\u0131t tasarrufu sa\u011flar.<\/li>\n\n\n\n<li><strong>Klima ve Elektrikli Cihaz Kullan\u0131m\u0131n\u0131 S\u0131n\u0131rlay\u0131n<\/strong>: Klima ve di\u011fer elektrikli cihazlar\u0131n a\u015f\u0131r\u0131 kullan\u0131m\u0131, motor \u00fczerinde ek y\u00fck olu\u015fturarak yak\u0131t t\u00fcketimini art\u0131rabilir. Bu t\u00fcr cihazlar\u0131 yaln\u0131zca gerekli oldu\u011funda kullanmak daha iyidir.<\/li>\n\n\n\n<li><strong>Uygun H\u0131z\u0131 Koruyun<\/strong>: Her arac\u0131n en verimli oldu\u011fu bir h\u0131z vard\u0131r, genellikle bu h\u0131z otoyol h\u0131z limitinin biraz alt\u0131ndad\u0131r. Bu h\u0131zda seyahat etmek genellikle en iyi yak\u0131t verimlili\u011fini sa\u011flar.<\/li>\n\n\n\n<li><strong>Motoru R\u00f6lantide \u00c7al\u0131\u015ft\u0131rmamak<\/strong>: Karavan\u0131n\u0131z\u0131 gereksiz yere r\u00f6lantide \u00e7al\u0131\u015ft\u0131rmak yak\u0131t t\u00fcketir. Ara\u00e7 durdu\u011funda motoru kapatmay\u0131 al\u0131\u015fkanl\u0131k haline getirin.<\/li>\n<\/ul>\n\n\n\n<p>Bu stratejiler, yak\u0131t t\u00fcketimini en aza indirirken karavan\u0131n\u0131zdan maksimum verimlilik alman\u0131za yard\u0131mc\u0131 olabilir.<\/p>\n\n\n\n<blockquote class=\"wp-block-quote quote-solid is-layout-flow wp-block-quote quote-solid-is-layout-flow\">\n<p><em><em>Burada araya girelim.Bu tarz konular ilginizi \u00e7ekiyor ise&nbsp;<strong><em><a href=\"https:\/\/geziyoo.co\/blog\/karavan-rehberi\/\">KARAVAN \u0130PU\u00c7LARI<\/a><\/em><\/strong>&nbsp;ve&nbsp;<strong><em><a href=\"https:\/\/geziyoo.co\/blog\/kamp-kamp-onerileri\/\">KAMP \u0130PU\u00c7LARI<\/a><\/em><\/strong>&nbsp;i\u00e7eri\u011fimize bakman\u0131z\u0131 \u00f6neririz.<\/em><\/em><\/p>\n<\/blockquote>\n\n\n\n<h2 class=\"wp-block-heading\"><strong>Hangi Karavan Tipi Daha \u00c7ok Benzin Yak\u0131yor?<\/strong><\/h2>\n\n\n\n<figure class=\"wp-block-image size-large\"><img decoding=\"async\" width=\"800\" height=\"600\" data-src=\"https:\/\/geziyoo.co\/blog\/wp-content\/uploads\/2023\/06\/Mercedes-Sprinter-Karavan-1.jpeg\" alt=\"\" class=\"wp-image-13064 lazyload\" data-srcset=\"https:\/\/geziyoo.co\/blog\/wp-content\/uploads\/2023\/06\/Mercedes-Sprinter-Karavan-1.jpeg 800w, https:\/\/geziyoo.co\/blog\/wp-content\/uploads\/2023\/06\/Mercedes-Sprinter-Karavan-1-300x225.jpeg 300w, https:\/\/geziyoo.co\/blog\/wp-content\/uploads\/2023\/06\/Mercedes-Sprinter-Karavan-1-768x576.jpeg 768w\" data-sizes=\"(max-width: 800px) 100vw, 800px\" src=\"data:image\/gif;base64,R0lGODlhAQABAAAAACH5BAEKAAEALAAAAAABAAEAAAICTAEAOw==\" style=\"--smush-placeholder-width: 800px; --smush-placeholder-aspect-ratio: 800\/600;\" \/><\/figure>\n\n\n\n<p>Karavan\u0131n yak\u0131t t\u00fcketimi, \u00e7o\u011funlukla arac\u0131n a\u011f\u0131rl\u0131\u011f\u0131na ba\u011fl\u0131d\u0131r. Daha hafif ve kompakt olan panelvan tipi motokaravanlar, genellikle daha d\u00fc\u015f\u00fck yak\u0131t t\u00fcketimine sahip olup, seyahat severler i\u00e7in daha ekonomik bir se\u00e7enek sunarlar. <strong>Kamyon veya otob\u00fcs gibi b\u00fcy\u00fck ara\u00e7lardan d\u00f6n\u00fc\u015ft\u00fcr\u00fclen karavanlar ise, daha a\u011f\u0131r a\u011f\u0131rl\u0131klar\u0131na ba\u011fl\u0131 olarak, 100 kilometrede 30-35 litre gibi \u00f6nemli miktarda yak\u0131t t\u00fcketebilir.<\/strong><\/p>\n\n\n\n<p>Yak\u0131t verimli bir karavan modeli ar\u0131yorsan\u0131z, panelvanlar veya 750 kg alt\u0131ndaki <strong><em><a href=\"https:\/\/geziyoo.co\/blog\/cekme-karavan-hakkinda-nedir-ozellikleri-ipuclari\/\" data-type=\"post\" data-id=\"5123\">\u00e7ekme karavanlar<\/a><\/em><\/strong> ideal se\u00e7enekler olabilir. <strong><em><a href=\"https:\/\/geziyoo.co\/blog\/motokaravan-nedir-ozellikleri-nelerdir\/\" data-type=\"post\" data-id=\"5134\">Motokaravan<\/a><\/em><\/strong> ve \u00e7ekme karavan t\u00fcrleri aras\u0131ndaki yak\u0131t t\u00fcketimini genellikle arac\u0131n a\u011f\u0131rl\u0131\u011f\u0131 belirler. Dolay\u0131s\u0131yla, karavan\u0131n\u0131z ne kadar a\u011f\u0131r olursa, yak\u0131t t\u00fcketimi de o kadar artacakt\u0131r. Bununla birlikte, karavan\u0131n\u0131z\u0131n a\u011f\u0131rl\u0131\u011f\u0131n\u0131 ve dolay\u0131s\u0131yla yak\u0131t t\u00fcketimini azaltmak i\u00e7in gereksiz e\u015fyalar\u0131 ta\u015f\u0131mamak \u00f6nemlidir.<\/p>\n\n\n\n<p>Sonu\u00e7 olarak, bir karavan\u0131n ne kadar benzin t\u00fcketece\u011fi, bir\u00e7ok fakt\u00f6re ba\u011fl\u0131d\u0131r ve kesin bir rakam vermek zordur. Ancak, yukar\u0131da bahsedilen fakt\u00f6rlerin fark\u0131nda olmak ve yak\u0131t tasarrufu sa\u011flayan \u00f6nlemleri almak, karavan kullan\u0131c\u0131lar\u0131n\u0131n yak\u0131t t\u00fcketimini azaltmalar\u0131na yard\u0131mc\u0131 olabilir.<\/p>\n\n\n\n<hr class=\"wp-block-separator has-alpha-channel-opacity is-style-wide\"\/>\n\n\n\n<h2 class=\"wp-block-heading\">S\u0131k\u00e7a Sorulan Sorular<\/h2>\n\n\n\n<p>Google&#8217;da en \u00e7ok arat\u0131lan sorular\u0131 cevaplamaya \u00e7al\u0131\u015ft\u0131k.Hadi bu konuyla ilgili Google ve di\u011fer arama motorlar\u0131 taraf\u0131ndan en \u00e7ok arat\u0131lan sorulara ve cevaplar\u0131na bir bakal\u0131m.<\/p>\n\n\n\n<div class=\"wp-block-rank-math-faq-block\"><div class=\"rank-math-faq-item\"><h3 class=\"rank-math-question\"><strong>Karavan yak\u0131t\u0131 ne kadar artt\u0131r\u0131r?<\/strong><\/h3><div class=\"rank-math-answer\">Bir arac\u0131n yak\u0131t t\u00fcketimi, \u00e7ekti\u011fi y\u00fck\u00fcn a\u011f\u0131rl\u0131\u011f\u0131na ba\u011fl\u0131 olarak de\u011fi\u015fir. \u00d6rne\u011fin, standart bir otomobilin arkas\u0131na 750 kilogram a\u011f\u0131rl\u0131\u011f\u0131nda bir \u00e7ekme karavan ba\u011fland\u0131\u011f\u0131nda, yak\u0131t t\u00fcketimi \u00f6nemli \u00f6l\u00e7\u00fcde artabilir. Diyelim ki bu ara\u00e7 normalde 100 kilometrede ortalama 7 litre yak\u0131t t\u00fcketiyor. Bu durumda, 750 kilograml\u0131k bir karavanla bu t\u00fcketim yakla\u015f\u0131k %30 oran\u0131nda artabilir, bu da 100 kilometrede yakla\u015f\u0131k 9 litre yak\u0131ta i\u015faret eder. Bu hesaplama, ekstra y\u00fck\u00fcn arac\u0131n performans\u0131 \u00fczerindeki etkisini g\u00f6sterir ve s\u00fcr\u00fcc\u00fclere daha a\u011f\u0131r y\u00fcklerle seyahat ederken yak\u0131t b\u00fct\u00e7elerini buna g\u00f6re ayarlamalar\u0131 konusunda bir fikir verir.<\/div><\/div><div class=\"rank-math-faq-item\"><h3 class=\"rank-math-question\">Ducato karavan ka\u00e7 litre yakar?<\/h3><div class=\"rank-math-answer\">Fiat Ducato karavan\u0131n yak\u0131t kapasitesi ve t\u00fcketim \u00f6zellikleri \u015f\u00f6yle:<br>Yak\u0131t Kapasitesi: 90 litre<br>\u015eehir \u0130\u00e7i T\u00fcketim (100 km ba\u015f\u0131na): 7.8 litre<br>\u015eehir D\u0131\u015f\u0131 T\u00fcketim (100 km ba\u015f\u0131na): 5.6 litre<br>Karma T\u00fcketim (100 km ba\u015f\u0131na): 6.4 litre<\/div><\/div><div class=\"rank-math-faq-item\"><h3 class=\"rank-math-question\">Karavan 100 km ne kadar yakar?<\/h3><div class=\"rank-math-answer\">Otob\u00fcs ve kamyon gibi b\u00fcy\u00fck ara\u00e7larda, \u00f6zellikle karavanlarda, yak\u0131t t\u00fcketimi olduk\u00e7a y\u00fcksek olabilir. Bu t\u00fcr ara\u00e7lar\u0131n 100 kilometrelik bir yolculukta yak\u0131t t\u00fcketimi 30 ila 35 litre aras\u0131nda de\u011fi\u015febilir. Bu y\u00fcksek t\u00fcketim, arac\u0131n b\u00fcy\u00fckl\u00fc\u011f\u00fc, a\u011f\u0131rl\u0131\u011f\u0131 ve aerodinamik yap\u0131s\u0131ndan kaynaklan\u0131r. Bu durum, \u00f6zellikle uzun mesafeli seyahatlerde ve karavanla yap\u0131lan gezilerde dikkate al\u0131nmas\u0131 gereken bir maliyet unsuru olu\u015fturur. Yolculuk planlamas\u0131 yaparken bu y\u00fcksek yak\u0131t t\u00fcketimini hesaba katmak, s\u00fcr\u00fcc\u00fcler i\u00e7in \u00f6nemli olabilir.<\/div><\/div><div class=\"rank-math-faq-item\"><h3 class=\"rank-math-question\">Iveco Karavan ne kadar yakar?<\/h3><div class=\"rank-math-answer\"><strong>100 km de 16.5 litre<\/strong>\u00a0yak\u0131yor.<\/div><\/div><\/div>\n\n\n\n<hr class=\"wp-block-separator has-css-opacity is-style-wide\"\/>\n\n\n\n<h3 class=\"wp-block-heading\">Bunlar\u0131 da Sevebilirsiniz;<\/h3>\n\n\n<ul class=\"wp-block-latest-posts__list wp-block-latest-posts\"><li><a class=\"wp-block-latest-posts__post-title\" href=\"https:\/\/geziyoo.co\/blog\/karavan-yemegi-menusu-planlayicisi\/\">Karavan Yeme\u011fi Men\u00fcs\u00fc Planlay\u0131c\u0131s\u0131<\/a><\/li>\n<li><a class=\"wp-block-latest-posts__post-title\" href=\"https:\/\/geziyoo.co\/blog\/karavan-agirlik-merkezi-ve-yuk-hesaplama-araci\/\">Karavan A\u011f\u0131rl\u0131k Merkezi ve Y\u00fck Hesaplama Arac\u0131<\/a><\/li>\n<li><a class=\"wp-block-latest-posts__post-title\" href=\"https:\/\/geziyoo.co\/blog\/o1-belgeli-karavanlarin-tescili-zorunlu-mu\/\">O1 Kategorisi Karavan ve R\u00f6morklar\u0131n Tescili Zorunlu Oldu<\/a><\/li>\n<\/ul>","protected":false},"excerpt":{"rendered":"<p>Karavan ne kadar Yak\u0131t yakar? Karavan\u0131n\u0131z Ne Kadar Yak\u0131yor? i\u00e7eri\u011fimizden herkese merhabalar bu ie\u00e7ri\u011fimizde karvanlar\u0131n ne kadar yakaca\u011f\u0131 ile ilgili bilgiler aktaraca\u011f\u0131z. Karavanlar, boyutlar\u0131na, a\u011f\u0131rl\u0131klar\u0131na ve motor \u00f6zelliklerine g\u00f6re farkl\u0131 yak\u0131t t\u00fcketimleri sergileyebilirler. Ancak, genel olarak konu\u015fursak, bir karavan\u0131n ne kadar benzin t\u00fcketece\u011fi, bir dizi fakt\u00f6re ba\u011fl\u0131d\u0131r. Bu fakt\u00f6rler aras\u0131nda karavan\u0131n boyutu, a\u011f\u0131rl\u0131\u011f\u0131, aerodinamik yap\u0131s\u0131, &hellip;<\/p>\n","protected":false},"author":1,"featured_media":12536,"comment_status":"open","ping_status":"closed","sticky":false,"template":"","format":"standard","meta":{"footnotes":""},"categories":[33],"tags":[],"class_list":["post-12535","post","type-post","status-publish","format-standard","has-post-thumbnail","hentry","category-karavanipuclari"],"yoast_head":"<!-- This site is optimized with the Yoast SEO plugin v26.9 - https:\/\/yoast.com\/product\/yoast-seo-wordpress\/ -->\n<title>Karavan ne kadar Yak\u0131t (Benzin , Mazot) yakar? | Geziyoo<\/title>\n<meta name=\"description\" content=\"Karavan ne kadar Yak\u0131t (Benzin , Mazot) yakar? Karavan\u0131n\u0131z Ne Kadar Yak\u0131yor? i\u00e7eri\u011fimizde karvanlar\u0131n ne kadar yakaca\u011f\u0131 ile ilgili bilgiler aktaraca\u011f\u0131z.\" \/>\n<meta name=\"robots\" content=\"index, follow, max-snippet:-1, max-image-preview:large, max-video-preview:-1\" \/>\n<link rel=\"canonical\" href=\"https:\/\/geziyoo.co\/blog\/karavan-ne-kadar-yakit-yakar\/\" \/>\n<meta property=\"og:locale\" content=\"tr_TR\" \/>\n<meta property=\"og:type\" content=\"article\" \/>\n<meta property=\"og:title\" content=\"Karavan ne kadar Yak\u0131t (Benzin , Mazot) yakar? | Geziyoo\" \/>\n<meta property=\"og:description\" content=\"Karavan ne kadar Yak\u0131t (Benzin , Mazot) yakar? Karavan\u0131n\u0131z Ne Kadar Yak\u0131yor? i\u00e7eri\u011fimizde karvanlar\u0131n ne kadar yakaca\u011f\u0131 ile ilgili bilgiler aktaraca\u011f\u0131z.\" \/>\n<meta property=\"og:url\" content=\"https:\/\/geziyoo.co\/blog\/karavan-ne-kadar-yakit-yakar\/\" \/>\n<meta property=\"og:site_name\" content=\"Geziyoo.co\" \/>\n<meta property=\"article:publisher\" content=\"https:\/\/www.facebook.com\/Geziyooco\" \/>\n<meta property=\"article:author\" content=\"https:\/\/www.facebook.com\/geziyoo.co\" \/>\n<meta property=\"article:published_time\" content=\"2023-04-18T13:30:06+00:00\" \/>\n<meta property=\"article:modified_time\" content=\"2026-01-23T13:41:12+00:00\" \/>\n<meta property=\"og:image\" content=\"https:\/\/geziyoo.co\/blog\/wp-content\/uploads\/2023\/04\/Karavan-atik-su-deposu-nereye-bosaltilir-Nasil-yapilir.jpg\" \/>\n\t<meta property=\"og:image:width\" content=\"1000\" \/>\n\t<meta property=\"og:image:height\" content=\"667\" \/>\n\t<meta property=\"og:image:type\" content=\"image\/jpeg\" \/>\n<meta name=\"author\" content=\"Geziyoo\" \/>\n<meta name=\"twitter:card\" content=\"summary_large_image\" \/>\n<meta name=\"twitter:creator\" content=\"@https:\/\/twitter.com\/geziyoo\" \/>\n<meta name=\"twitter:site\" content=\"@geziyoo\" \/>\n<meta name=\"twitter:label1\" content=\"Yazan:\" \/>\n\t<meta name=\"twitter:data1\" content=\"Geziyoo\" \/>\n\t<meta name=\"twitter:label2\" content=\"Tahmini okuma s\u00fcresi\" \/>\n\t<meta name=\"twitter:data2\" content=\"8 dakika\" \/>\n<script type=\"application\/ld+json\" class=\"yoast-schema-graph\">{\"@context\":\"https:\/\/schema.org\",\"@graph\":[{\"@type\":\"Article\",\"@id\":\"https:\/\/geziyoo.co\/blog\/karavan-ne-kadar-yakit-yakar\/#article\",\"isPartOf\":{\"@id\":\"https:\/\/geziyoo.co\/blog\/karavan-ne-kadar-yakit-yakar\/\"},\"author\":{\"name\":\"Geziyoo\",\"@id\":\"https:\/\/geziyoo.co\/blog\/#\/schema\/person\/032acb2436540ed14784e7d978aef0e4\"},\"headline\":\"Karavan Ne Kadar Yak\u0131t (Benzin , Mazot) yakar?\",\"datePublished\":\"2023-04-18T13:30:06+00:00\",\"dateModified\":\"2026-01-23T13:41:12+00:00\",\"mainEntityOfPage\":{\"@id\":\"https:\/\/geziyoo.co\/blog\/karavan-ne-kadar-yakit-yakar\/\"},\"wordCount\":1579,\"commentCount\":0,\"publisher\":{\"@id\":\"https:\/\/geziyoo.co\/blog\/#organization\"},\"image\":{\"@id\":\"https:\/\/geziyoo.co\/blog\/karavan-ne-kadar-yakit-yakar\/#primaryimage\"},\"thumbnailUrl\":\"https:\/\/geziyoo.co\/blog\/wp-content\/uploads\/2023\/04\/Karavan-atik-su-deposu-nereye-bosaltilir-Nasil-yapilir.jpg\",\"articleSection\":[\"Karavan \u0130pu\u00e7lar\u0131\"],\"inLanguage\":\"tr\",\"potentialAction\":[{\"@type\":\"CommentAction\",\"name\":\"Comment\",\"target\":[\"https:\/\/geziyoo.co\/blog\/karavan-ne-kadar-yakit-yakar\/#respond\"]}]},{\"@type\":\"WebPage\",\"@id\":\"https:\/\/geziyoo.co\/blog\/karavan-ne-kadar-yakit-yakar\/\",\"url\":\"https:\/\/geziyoo.co\/blog\/karavan-ne-kadar-yakit-yakar\/\",\"name\":\"Karavan ne kadar Yak\u0131t (Benzin , Mazot) yakar? | Geziyoo\",\"isPartOf\":{\"@id\":\"https:\/\/geziyoo.co\/blog\/#website\"},\"primaryImageOfPage\":{\"@id\":\"https:\/\/geziyoo.co\/blog\/karavan-ne-kadar-yakit-yakar\/#primaryimage\"},\"image\":{\"@id\":\"https:\/\/geziyoo.co\/blog\/karavan-ne-kadar-yakit-yakar\/#primaryimage\"},\"thumbnailUrl\":\"https:\/\/geziyoo.co\/blog\/wp-content\/uploads\/2023\/04\/Karavan-atik-su-deposu-nereye-bosaltilir-Nasil-yapilir.jpg\",\"datePublished\":\"2023-04-18T13:30:06+00:00\",\"dateModified\":\"2026-01-23T13:41:12+00:00\",\"description\":\"Karavan ne kadar Yak\u0131t (Benzin , Mazot) yakar? Karavan\u0131n\u0131z Ne Kadar Yak\u0131yor? i\u00e7eri\u011fimizde karvanlar\u0131n ne kadar yakaca\u011f\u0131 ile ilgili bilgiler aktaraca\u011f\u0131z.\",\"breadcrumb\":{\"@id\":\"https:\/\/geziyoo.co\/blog\/karavan-ne-kadar-yakit-yakar\/#breadcrumb\"},\"inLanguage\":\"tr\",\"potentialAction\":[{\"@type\":\"ReadAction\",\"target\":[\"https:\/\/geziyoo.co\/blog\/karavan-ne-kadar-yakit-yakar\/\"]}]},{\"@type\":\"ImageObject\",\"inLanguage\":\"tr\",\"@id\":\"https:\/\/geziyoo.co\/blog\/karavan-ne-kadar-yakit-yakar\/#primaryimage\",\"url\":\"https:\/\/geziyoo.co\/blog\/wp-content\/uploads\/2023\/04\/Karavan-atik-su-deposu-nereye-bosaltilir-Nasil-yapilir.jpg\",\"contentUrl\":\"https:\/\/geziyoo.co\/blog\/wp-content\/uploads\/2023\/04\/Karavan-atik-su-deposu-nereye-bosaltilir-Nasil-yapilir.jpg\",\"width\":1000,\"height\":667},{\"@type\":\"BreadcrumbList\",\"@id\":\"https:\/\/geziyoo.co\/blog\/karavan-ne-kadar-yakit-yakar\/#breadcrumb\",\"itemListElement\":[{\"@type\":\"ListItem\",\"position\":1,\"name\":\"Ana sayfa\",\"item\":\"https:\/\/geziyoo.co\/blog\/\"},{\"@type\":\"ListItem\",\"position\":2,\"name\":\"Karavan Ne Kadar Yak\u0131t (Benzin , Mazot) yakar?\"}]},{\"@type\":\"WebSite\",\"@id\":\"https:\/\/geziyoo.co\/blog\/#website\",\"url\":\"https:\/\/geziyoo.co\/blog\/\",\"name\":\"Geziyoo Blog\",\"description\":\"GeziYoo Blog&#039;da T\u00fcrkiye&#039;nin en iyi kamp alanlar\u0131ndan bungalov tatillerine, karavan ipu\u00e7lar\u0131ndan gezi rehberlerine kadar her t\u00fcrl\u00fc do\u011fa deneyimini ke\u015ffedin.\",\"publisher\":{\"@id\":\"https:\/\/geziyoo.co\/blog\/#organization\"},\"potentialAction\":[{\"@type\":\"SearchAction\",\"target\":{\"@type\":\"EntryPoint\",\"urlTemplate\":\"https:\/\/geziyoo.co\/blog\/?s={search_term_string}\"},\"query-input\":{\"@type\":\"PropertyValueSpecification\",\"valueRequired\":true,\"valueName\":\"search_term_string\"}}],\"inLanguage\":\"tr\"},{\"@type\":\"Organization\",\"@id\":\"https:\/\/geziyoo.co\/blog\/#organization\",\"name\":\"Geziyoo.co\",\"url\":\"https:\/\/geziyoo.co\/blog\/\",\"logo\":{\"@type\":\"ImageObject\",\"inLanguage\":\"tr\",\"@id\":\"https:\/\/geziyoo.co\/blog\/#\/schema\/logo\/image\/\",\"url\":\"https:\/\/geziyoo.co\/blog\/wp-content\/uploads\/2025\/01\/Paragraf-metniniz-3.png\",\"contentUrl\":\"https:\/\/geziyoo.co\/blog\/wp-content\/uploads\/2025\/01\/Paragraf-metniniz-3.png\",\"width\":270,\"height\":50,\"caption\":\"Geziyoo.co\"},\"image\":{\"@id\":\"https:\/\/geziyoo.co\/blog\/#\/schema\/logo\/image\/\"},\"sameAs\":[\"https:\/\/www.facebook.com\/Geziyooco\",\"https:\/\/x.com\/geziyoo\",\"https:\/\/tr.pinterest.com\/geziyooco\/\",\"https:\/\/www.youtube.com\/@geziyoo\",\"https:\/\/www.instagram.com\/geziyoo.co\/\"]},{\"@type\":\"Person\",\"@id\":\"https:\/\/geziyoo.co\/blog\/#\/schema\/person\/032acb2436540ed14784e7d978aef0e4\",\"name\":\"Geziyoo\",\"image\":{\"@type\":\"ImageObject\",\"inLanguage\":\"tr\",\"@id\":\"https:\/\/geziyoo.co\/blog\/#\/schema\/person\/image\/\",\"url\":\"https:\/\/secure.gravatar.com\/avatar\/ae212a4514471fdb8cab6e5af4f3c99b940a2d0a16713ea0392c8d7c8a64f30a?s=96&d=mm&r=g\",\"contentUrl\":\"https:\/\/secure.gravatar.com\/avatar\/ae212a4514471fdb8cab6e5af4f3c99b940a2d0a16713ea0392c8d7c8a64f30a?s=96&d=mm&r=g\",\"caption\":\"Geziyoo\"},\"description\":\"Do\u011fa ile i\u00e7 i\u00e7e olabilece\u011finiz yerler,do\u011fa aktivite alanlar\u0131,kamp alanlar\u0131,bungalov oteller,Tiny House Oteller, Galampingler ve da\u011f evlerinin herkes i\u00e7in ula\u015f\u0131labilir olmas\u0131n\u0131 sa\u011flamak amac\u0131yla Geziyoo\u2019ya 2019 y\u0131l\u0131nda ba\u015flad\u0131k.Do\u011fal Tatil konseptini uygulayan en geni\u015f kapsaml\u0131 sitedir.\",\"sameAs\":[\"https:\/\/geziyoo.co\/\",\"https:\/\/www.facebook.com\/geziyoo.co\",\"https:\/\/www.instagram.com\/geziyoo.co\/\",\"https:\/\/tr.pinterest.com\/geziyooco\/\",\"https:\/\/x.com\/https:\/\/twitter.com\/geziyoo\",\"https:\/\/www.youtube.com\/channel\/UCdiSMa6pe17KEY7DP1Ug4ag\"]}]}<\/script>\n<!-- \/ Yoast SEO plugin. -->","yoast_head_json":{"title":"Karavan ne kadar Yak\u0131t (Benzin , Mazot) yakar? | Geziyoo","description":"Karavan ne kadar Yak\u0131t (Benzin , Mazot) yakar? Karavan\u0131n\u0131z Ne Kadar Yak\u0131yor? i\u00e7eri\u011fimizde karvanlar\u0131n ne kadar yakaca\u011f\u0131 ile ilgili bilgiler aktaraca\u011f\u0131z.","robots":{"index":"index","follow":"follow","max-snippet":"max-snippet:-1","max-image-preview":"max-image-preview:large","max-video-preview":"max-video-preview:-1"},"canonical":"https:\/\/geziyoo.co\/blog\/karavan-ne-kadar-yakit-yakar\/","og_locale":"tr_TR","og_type":"article","og_title":"Karavan ne kadar Yak\u0131t (Benzin , Mazot) yakar? | Geziyoo","og_description":"Karavan ne kadar Yak\u0131t (Benzin , Mazot) yakar? Karavan\u0131n\u0131z Ne Kadar Yak\u0131yor? i\u00e7eri\u011fimizde karvanlar\u0131n ne kadar yakaca\u011f\u0131 ile ilgili bilgiler aktaraca\u011f\u0131z.","og_url":"https:\/\/geziyoo.co\/blog\/karavan-ne-kadar-yakit-yakar\/","og_site_name":"Geziyoo.co","article_publisher":"https:\/\/www.facebook.com\/Geziyooco","article_author":"https:\/\/www.facebook.com\/geziyoo.co","article_published_time":"2023-04-18T13:30:06+00:00","article_modified_time":"2026-01-23T13:41:12+00:00","og_image":[{"width":1000,"height":667,"url":"https:\/\/geziyoo.co\/blog\/wp-content\/uploads\/2023\/04\/Karavan-atik-su-deposu-nereye-bosaltilir-Nasil-yapilir.jpg","type":"image\/jpeg"}],"author":"Geziyoo","twitter_card":"summary_large_image","twitter_creator":"@https:\/\/twitter.com\/geziyoo","twitter_site":"@geziyoo","twitter_misc":{"Yazan:":"Geziyoo","Tahmini okuma s\u00fcresi":"8 dakika"},"schema":{"@context":"https:\/\/schema.org","@graph":[{"@type":"Article","@id":"https:\/\/geziyoo.co\/blog\/karavan-ne-kadar-yakit-yakar\/#article","isPartOf":{"@id":"https:\/\/geziyoo.co\/blog\/karavan-ne-kadar-yakit-yakar\/"},"author":{"name":"Geziyoo","@id":"https:\/\/geziyoo.co\/blog\/#\/schema\/person\/032acb2436540ed14784e7d978aef0e4"},"headline":"Karavan Ne Kadar Yak\u0131t (Benzin , Mazot) yakar?","datePublished":"2023-04-18T13:30:06+00:00","dateModified":"2026-01-23T13:41:12+00:00","mainEntityOfPage":{"@id":"https:\/\/geziyoo.co\/blog\/karavan-ne-kadar-yakit-yakar\/"},"wordCount":1579,"commentCount":0,"publisher":{"@id":"https:\/\/geziyoo.co\/blog\/#organization"},"image":{"@id":"https:\/\/geziyoo.co\/blog\/karavan-ne-kadar-yakit-yakar\/#primaryimage"},"thumbnailUrl":"https:\/\/geziyoo.co\/blog\/wp-content\/uploads\/2023\/04\/Karavan-atik-su-deposu-nereye-bosaltilir-Nasil-yapilir.jpg","articleSection":["Karavan \u0130pu\u00e7lar\u0131"],"inLanguage":"tr","potentialAction":[{"@type":"CommentAction","name":"Comment","target":["https:\/\/geziyoo.co\/blog\/karavan-ne-kadar-yakit-yakar\/#respond"]}]},{"@type":"WebPage","@id":"https:\/\/geziyoo.co\/blog\/karavan-ne-kadar-yakit-yakar\/","url":"https:\/\/geziyoo.co\/blog\/karavan-ne-kadar-yakit-yakar\/","name":"Karavan ne kadar Yak\u0131t (Benzin , Mazot) yakar? | Geziyoo","isPartOf":{"@id":"https:\/\/geziyoo.co\/blog\/#website"},"primaryImageOfPage":{"@id":"https:\/\/geziyoo.co\/blog\/karavan-ne-kadar-yakit-yakar\/#primaryimage"},"image":{"@id":"https:\/\/geziyoo.co\/blog\/karavan-ne-kadar-yakit-yakar\/#primaryimage"},"thumbnailUrl":"https:\/\/geziyoo.co\/blog\/wp-content\/uploads\/2023\/04\/Karavan-atik-su-deposu-nereye-bosaltilir-Nasil-yapilir.jpg","datePublished":"2023-04-18T13:30:06+00:00","dateModified":"2026-01-23T13:41:12+00:00","description":"Karavan ne kadar Yak\u0131t (Benzin , Mazot) yakar? Karavan\u0131n\u0131z Ne Kadar Yak\u0131yor? i\u00e7eri\u011fimizde karvanlar\u0131n ne kadar yakaca\u011f\u0131 ile ilgili bilgiler aktaraca\u011f\u0131z.","breadcrumb":{"@id":"https:\/\/geziyoo.co\/blog\/karavan-ne-kadar-yakit-yakar\/#breadcrumb"},"inLanguage":"tr","potentialAction":[{"@type":"ReadAction","target":["https:\/\/geziyoo.co\/blog\/karavan-ne-kadar-yakit-yakar\/"]}]},{"@type":"ImageObject","inLanguage":"tr","@id":"https:\/\/geziyoo.co\/blog\/karavan-ne-kadar-yakit-yakar\/#primaryimage","url":"https:\/\/geziyoo.co\/blog\/wp-content\/uploads\/2023\/04\/Karavan-atik-su-deposu-nereye-bosaltilir-Nasil-yapilir.jpg","contentUrl":"https:\/\/geziyoo.co\/blog\/wp-content\/uploads\/2023\/04\/Karavan-atik-su-deposu-nereye-bosaltilir-Nasil-yapilir.jpg","width":1000,"height":667},{"@type":"BreadcrumbList","@id":"https:\/\/geziyoo.co\/blog\/karavan-ne-kadar-yakit-yakar\/#breadcrumb","itemListElement":[{"@type":"ListItem","position":1,"name":"Ana sayfa","item":"https:\/\/geziyoo.co\/blog\/"},{"@type":"ListItem","position":2,"name":"Karavan Ne Kadar Yak\u0131t (Benzin , Mazot) yakar?"}]},{"@type":"WebSite","@id":"https:\/\/geziyoo.co\/blog\/#website","url":"https:\/\/geziyoo.co\/blog\/","name":"Geziyoo Blog","description":"GeziYoo Blog&#039;da T\u00fcrkiye&#039;nin en iyi kamp alanlar\u0131ndan bungalov tatillerine, karavan ipu\u00e7lar\u0131ndan gezi rehberlerine kadar her t\u00fcrl\u00fc do\u011fa deneyimini ke\u015ffedin.","publisher":{"@id":"https:\/\/geziyoo.co\/blog\/#organization"},"potentialAction":[{"@type":"SearchAction","target":{"@type":"EntryPoint","urlTemplate":"https:\/\/geziyoo.co\/blog\/?s={search_term_string}"},"query-input":{"@type":"PropertyValueSpecification","valueRequired":true,"valueName":"search_term_string"}}],"inLanguage":"tr"},{"@type":"Organization","@id":"https:\/\/geziyoo.co\/blog\/#organization","name":"Geziyoo.co","url":"https:\/\/geziyoo.co\/blog\/","logo":{"@type":"ImageObject","inLanguage":"tr","@id":"https:\/\/geziyoo.co\/blog\/#\/schema\/logo\/image\/","url":"https:\/\/geziyoo.co\/blog\/wp-content\/uploads\/2025\/01\/Paragraf-metniniz-3.png","contentUrl":"https:\/\/geziyoo.co\/blog\/wp-content\/uploads\/2025\/01\/Paragraf-metniniz-3.png","width":270,"height":50,"caption":"Geziyoo.co"},"image":{"@id":"https:\/\/geziyoo.co\/blog\/#\/schema\/logo\/image\/"},"sameAs":["https:\/\/www.facebook.com\/Geziyooco","https:\/\/x.com\/geziyoo","https:\/\/tr.pinterest.com\/geziyooco\/","https:\/\/www.youtube.com\/@geziyoo","https:\/\/www.instagram.com\/geziyoo.co\/"]},{"@type":"Person","@id":"https:\/\/geziyoo.co\/blog\/#\/schema\/person\/032acb2436540ed14784e7d978aef0e4","name":"Geziyoo","image":{"@type":"ImageObject","inLanguage":"tr","@id":"https:\/\/geziyoo.co\/blog\/#\/schema\/person\/image\/","url":"https:\/\/secure.gravatar.com\/avatar\/ae212a4514471fdb8cab6e5af4f3c99b940a2d0a16713ea0392c8d7c8a64f30a?s=96&d=mm&r=g","contentUrl":"https:\/\/secure.gravatar.com\/avatar\/ae212a4514471fdb8cab6e5af4f3c99b940a2d0a16713ea0392c8d7c8a64f30a?s=96&d=mm&r=g","caption":"Geziyoo"},"description":"Do\u011fa ile i\u00e7 i\u00e7e olabilece\u011finiz yerler,do\u011fa aktivite alanlar\u0131,kamp alanlar\u0131,bungalov oteller,Tiny House Oteller, Galampingler ve da\u011f evlerinin herkes i\u00e7in ula\u015f\u0131labilir olmas\u0131n\u0131 sa\u011flamak amac\u0131yla Geziyoo\u2019ya 2019 y\u0131l\u0131nda ba\u015flad\u0131k.Do\u011fal Tatil konseptini uygulayan en geni\u015f kapsaml\u0131 sitedir.","sameAs":["https:\/\/geziyoo.co\/","https:\/\/www.facebook.com\/geziyoo.co","https:\/\/www.instagram.com\/geziyoo.co\/","https:\/\/tr.pinterest.com\/geziyooco\/","https:\/\/x.com\/https:\/\/twitter.com\/geziyoo","https:\/\/www.youtube.com\/channel\/UCdiSMa6pe17KEY7DP1Ug4ag"]}]}},"amp_enabled":true,"_links":{"self":[{"href":"https:\/\/geziyoo.co\/blog\/wp-json\/wp\/v2\/posts\/12535","targetHints":{"allow":["GET"]}}],"collection":[{"href":"https:\/\/geziyoo.co\/blog\/wp-json\/wp\/v2\/posts"}],"about":[{"href":"https:\/\/geziyoo.co\/blog\/wp-json\/wp\/v2\/types\/post"}],"author":[{"embeddable":true,"href":"https:\/\/geziyoo.co\/blog\/wp-json\/wp\/v2\/users\/1"}],"replies":[{"embeddable":true,"href":"https:\/\/geziyoo.co\/blog\/wp-json\/wp\/v2\/comments?post=12535"}],"version-history":[{"count":0,"href":"https:\/\/geziyoo.co\/blog\/wp-json\/wp\/v2\/posts\/12535\/revisions"}],"wp:featuredmedia":[{"embeddable":true,"href":"https:\/\/geziyoo.co\/blog\/wp-json\/wp\/v2\/media\/12536"}],"wp:attachment":[{"href":"https:\/\/geziyoo.co\/blog\/wp-json\/wp\/v2\/media?parent=12535"}],"wp:term":[{"taxonomy":"category","embeddable":true,"href":"https:\/\/geziyoo.co\/blog\/wp-json\/wp\/v2\/categories?post=12535"},{"taxonomy":"post_tag","embeddable":true,"href":"https:\/\/geziyoo.co\/blog\/wp-json\/wp\/v2\/tags?post=12535"}],"curies":[{"name":"wp","href":"https:\/\/api.w.org\/{rel}","templated":true}]}}