{"id":12504,"date":"2023-04-17T03:49:39","date_gmt":"2023-04-17T03:49:39","guid":{"rendered":"https:\/\/geziyoo.co\/blog\/?p=12504"},"modified":"2026-01-23T13:40:47","modified_gmt":"2026-01-23T13:40:47","slug":"karavan-ile-yurtdisina-nasil-cikilir","status":"publish","type":"post","link":"https:\/\/geziyoo.co\/blog\/karavan-ile-yurtdisina-nasil-cikilir\/","title":{"rendered":"Karavan ile Yurtd\u0131\u015f\u0131na Nas\u0131l \u00c7\u0131k\u0131l\u0131r? 2026 Y\u0131l\u0131 Maliyeti Ne Kadar?"},"content":{"rendered":"\n<p><strong>Karavan ile Yurtd\u0131\u015f\u0131na Nas\u0131l \u00c7\u0131k\u0131l\u0131r? 2026 Y\u0131l\u0131 Maliyeti Ne Kadar? i\u00e7eri\u011fimizde yurtd\u0131\u015f\u0131na karavan ile nas\u0131l seyahat edilece\u011fi , gerekli evraklar,maliyeti ve ipu\u00e7lar\u0131 var.<\/strong><\/p>\n\n\n\n<p>Karavan ile seyahat, \u00f6zg\u00fcrl\u00fck hissi veren ve ke\u015ffetmenin keyfini ya\u015fatan harika bir macera olabilir. Bu yaz\u0131da, T\u00fcrkiye&#8217;den yurtd\u0131\u015f\u0131na karavan ile nas\u0131l seyahat edilece\u011fi ve neler yap\u0131lmas\u0131 gerekti\u011fi hakk\u0131nda bilgiler payla\u015faca\u011f\u0131z.<\/p>\n\n\n\n<p>\u0130\u00e7eri\u011fimize ilk olarak \u00f6nerilerimizle ard\u0131ndan ise Karavanla Yurtd\u0131\u015f\u0131na \u00e7\u0131kabilmek i\u00e7in gerekli evraklar\u0131n neler oldu\u011funa Karavanla Yurtd\u0131\u015f\u0131na \u00e7\u0131kman\u0131n maliyetine a\u015fa\u011f\u0131 k\u0131s\u0131mlarda hep birlikte g\u00f6z ataca\u011f\u0131z.<strong>OKUMAYA DEVAM ET \ud83d\ude42<\/strong><\/p>\n\n\n\n<hr class=\"wp-block-separator has-css-opacity is-style-wide\"\/>\n\n\n\n<h2 class=\"wp-block-heading\">Karavanla Yurtd\u0131\u015f\u0131na \u00c7\u0131kacaklara Tavsiyeler<\/h2>\n\n\n\n<h3 class=\"wp-block-heading\">1.Karavan\u0131n\u0131z\u0131 Haz\u0131rlay\u0131n<\/h3>\n\n\n\n<figure class=\"wp-block-image size-large\"><img decoding=\"async\" width=\"1024\" height=\"683\" data-src=\"https:\/\/geziyoo.co\/blog\/wp-content\/uploads\/2023\/04\/Karavanda-O1-VE-O2-belge-nedir-1024x683.png\" alt=\"Karavan ile Yurtd\u0131\u015f\u0131na Nas\u0131l \u00c7\u0131k\u0131l\u0131r?\" class=\"wp-image-12501 lazyload\" data-srcset=\"https:\/\/geziyoo.co\/blog\/wp-content\/uploads\/2023\/04\/Karavanda-O1-VE-O2-belge-nedir-1024x683.png 1024w, https:\/\/geziyoo.co\/blog\/wp-content\/uploads\/2023\/04\/Karavanda-O1-VE-O2-belge-nedir-300x200.png 300w, https:\/\/geziyoo.co\/blog\/wp-content\/uploads\/2023\/04\/Karavanda-O1-VE-O2-belge-nedir-768x512.png 768w, https:\/\/geziyoo.co\/blog\/wp-content\/uploads\/2023\/04\/Karavanda-O1-VE-O2-belge-nedir.png 1200w\" data-sizes=\"(max-width: 1024px) 100vw, 1024px\" src=\"data:image\/gif;base64,R0lGODlhAQABAAAAACH5BAEKAAEALAAAAAABAAEAAAICTAEAOw==\" style=\"--smush-placeholder-width: 1024px; --smush-placeholder-aspect-ratio: 1024\/683;\" \/><\/figure>\n\n\n\n<p>Karavan\u0131n\u0131z\u0131 seyahate haz\u0131rlamak, yolculu\u011funuzun ba\u015far\u0131s\u0131 i\u00e7in olduk\u00e7a \u00f6nemlidir. \u0130lk olarak, arac\u0131n\u0131z\u0131n t\u00fcm teknik \u00f6zelliklerinin \u00e7al\u0131\u015f\u0131r durumda oldu\u011fundan emin olun.<\/p>\n\n\n\n<p>Lastikler, frenler, s\u00fcspansiyon sistemi, elektrik, su ve gaz sistemleri gibi t\u00fcm bile\u015fenlerin d\u00fczg\u00fcn \u00e7al\u0131\u015ft\u0131\u011f\u0131ndan emin olun. Daha sonra, ihtiya\u00e7lar\u0131n\u0131z i\u00e7in gerekli olan t\u00fcm ekipmanlar\u0131 temin edin, \u00f6rne\u011fin uydu anteni, g\u00fcne\u015f panelleri, kamp masas\u0131, sandalyeler, barbek\u00fc vb.<\/p>\n\n\n\n<hr class=\"wp-block-separator has-css-opacity is-style-wide\"\/>\n\n\n\n<h3 class=\"wp-block-heading\">2.Pasaport ve Gerekli Belgeleri Haz\u0131rlay\u0131n<\/h3>\n\n\n\n<figure class=\"wp-block-image size-large\"><img decoding=\"async\" width=\"1024\" height=\"683\" data-src=\"https:\/\/geziyoo.co\/blog\/wp-content\/uploads\/2023\/04\/Karavanlar-her-yerde-durabilir-mi-1024x683.jpg\" alt=\"Karavan ile Yurtd\u0131\u015f\u0131na Nas\u0131l \u00c7\u0131k\u0131l\u0131r?\" class=\"wp-image-12482 lazyload\" data-srcset=\"https:\/\/geziyoo.co\/blog\/wp-content\/uploads\/2023\/04\/Karavanlar-her-yerde-durabilir-mi-1024x683.jpg 1024w, https:\/\/geziyoo.co\/blog\/wp-content\/uploads\/2023\/04\/Karavanlar-her-yerde-durabilir-mi-300x200.jpg 300w, https:\/\/geziyoo.co\/blog\/wp-content\/uploads\/2023\/04\/Karavanlar-her-yerde-durabilir-mi-768x512.jpg 768w, https:\/\/geziyoo.co\/blog\/wp-content\/uploads\/2023\/04\/Karavanlar-her-yerde-durabilir-mi.jpg 1200w\" data-sizes=\"(max-width: 1024px) 100vw, 1024px\" src=\"data:image\/gif;base64,R0lGODlhAQABAAAAACH5BAEKAAEALAAAAAABAAEAAAICTAEAOw==\" style=\"--smush-placeholder-width: 1024px; --smush-placeholder-aspect-ratio: 1024\/683;\" \/><figcaption class=\"wp-element-caption\">Karavan ile Yurtd\u0131\u015f\u0131na Nas\u0131l \u00c7\u0131k\u0131l\u0131r?<\/figcaption><\/figure>\n\n\n\n<p>Karavan\u0131n\u0131zla yurtd\u0131\u015f\u0131na seyahat ederken, pasaportunuzun ge\u00e7erlili\u011fini kontrol edin ve gerekli vize veya di\u011fer belgeleri al\u0131n. Baz\u0131 \u00fclkelerde, arac\u0131n\u0131z\u0131n teknik \u00f6zellikleri hakk\u0131nda belgeler gerekebilir.<\/p>\n\n\n\n<p>\u00d6rne\u011fin, O1 ve O2 belgeleri Avrupa&#8217;da seyahat ederken zorunludur. Ayr\u0131ca, ara\u00e7 sigortas\u0131 ve seyahat sigortas\u0131 gibi belgeleri de alman\u0131z gerekebilir.<\/p>\n\n\n\n<blockquote class=\"wp-block-quote quote-solid is-layout-flow wp-block-quote quote-solid-is-layout-flow\">\n<p><em>Geziyoo.co\u2019nunda \u00e7ekme karavan\u0131 oldu\u011funu biliyormuydunuz?\u00c7ekme karavan\u0131m\u0131z\u0131 g\u00f6rmek ve \u00e7ekti\u011fimiz e\u011flenceli videolar i\u00e7in&nbsp;<\/em><strong>INSTAGRAM<\/strong><em>&nbsp;hesab\u0131m\u0131z\u0131 takip etmenizi rica ediyoruz.<\/em><strong><em><a href=\"https:\/\/www.instagram.com\/geziyoo.co\/\" target=\"_blank\" rel=\"noreferrer noopener\">TAK\u0130P ET&gt;&gt;&gt;<\/a><\/em><\/strong><\/p>\n<\/blockquote>\n\n\n\n<hr class=\"wp-block-separator has-css-opacity is-style-wide\"\/>\n\n\n\n<h3 class=\"wp-block-heading\">3.Rotan\u0131z\u0131 Planlay\u0131n<\/h3>\n\n\n\n<figure class=\"wp-block-image size-large\"><img decoding=\"async\" width=\"1024\" height=\"683\" data-src=\"https:\/\/geziyoo.co\/blog\/wp-content\/uploads\/2023\/04\/Karavanla-Yurtdisi-Rehberi-OnerilerUcreti-ve-Gerekli-Evraklar-1024x683.png\" alt=\"\" class=\"wp-image-12507 lazyload\" data-srcset=\"https:\/\/geziyoo.co\/blog\/wp-content\/uploads\/2023\/04\/Karavanla-Yurtdisi-Rehberi-OnerilerUcreti-ve-Gerekli-Evraklar-1024x683.png 1024w, https:\/\/geziyoo.co\/blog\/wp-content\/uploads\/2023\/04\/Karavanla-Yurtdisi-Rehberi-OnerilerUcreti-ve-Gerekli-Evraklar-300x200.png 300w, https:\/\/geziyoo.co\/blog\/wp-content\/uploads\/2023\/04\/Karavanla-Yurtdisi-Rehberi-OnerilerUcreti-ve-Gerekli-Evraklar-768x512.png 768w, https:\/\/geziyoo.co\/blog\/wp-content\/uploads\/2023\/04\/Karavanla-Yurtdisi-Rehberi-OnerilerUcreti-ve-Gerekli-Evraklar.png 1200w\" data-sizes=\"(max-width: 1024px) 100vw, 1024px\" src=\"data:image\/gif;base64,R0lGODlhAQABAAAAACH5BAEKAAEALAAAAAABAAEAAAICTAEAOw==\" style=\"--smush-placeholder-width: 1024px; --smush-placeholder-aspect-ratio: 1024\/683;\" \/><\/figure>\n\n\n\n<p>Yolculu\u011funuzun rotas\u0131n\u0131 planlamak, nereye gidece\u011finize, ne kadar s\u00fcre kalaca\u011f\u0131n\u0131za ve neler yapaca\u011f\u0131n\u0131za karar vermenize yard\u0131mc\u0131 olacakt\u0131r.<\/p>\n\n\n\n<p>Daha \u00f6nce hi\u00e7 gitmedi\u011finiz bir \u00fclkeye seyahat ediyorsan\u0131z, o \u00fclkenin trafik kurallar\u0131n\u0131 ve karavan kullan\u0131m\u0131 ile ilgili yasal gerekliliklerini ara\u015ft\u0131r\u0131n. Ayr\u0131ca, hangi kamp alanlar\u0131n\u0131n veya park yerlerinin uygun oldu\u011funu \u00f6\u011frenin. https:\/\/www.camping.info\/ sitesinden faydalanabilirsiniz.Avrupa karavan lokasyonlar\u0131n\u0131 tan\u0131tan aktif ve faydal\u0131 bir site<\/p>\n\n\n\n<hr class=\"wp-block-separator has-css-opacity is-style-wide\"\/>\n\n\n\n<h3 class=\"wp-block-heading\">4.Yolculu\u011funuzu Planlay\u0131n<\/h3>\n\n\n\n<figure class=\"wp-block-image size-large\"><img decoding=\"async\" width=\"1024\" height=\"576\" data-src=\"https:\/\/geziyoo.co\/blog\/wp-content\/uploads\/2023\/04\/Karavan-kullanmak-zor-mu-1024x576.jpg\" alt=\"\" class=\"wp-image-12470 lazyload\" data-srcset=\"https:\/\/geziyoo.co\/blog\/wp-content\/uploads\/2023\/04\/Karavan-kullanmak-zor-mu-1024x576.jpg 1024w, https:\/\/geziyoo.co\/blog\/wp-content\/uploads\/2023\/04\/Karavan-kullanmak-zor-mu-300x169.jpg 300w, https:\/\/geziyoo.co\/blog\/wp-content\/uploads\/2023\/04\/Karavan-kullanmak-zor-mu-768x432.jpg 768w, https:\/\/geziyoo.co\/blog\/wp-content\/uploads\/2023\/04\/Karavan-kullanmak-zor-mu-390x220.jpg 390w, https:\/\/geziyoo.co\/blog\/wp-content\/uploads\/2023\/04\/Karavan-kullanmak-zor-mu-scaled.jpg 1200w\" data-sizes=\"(max-width: 1024px) 100vw, 1024px\" src=\"data:image\/gif;base64,R0lGODlhAQABAAAAACH5BAEKAAEALAAAAAABAAEAAAICTAEAOw==\" style=\"--smush-placeholder-width: 1024px; --smush-placeholder-aspect-ratio: 1024\/576;\" \/><\/figure>\n\n\n\n<p>Karavanla seyahat etmek, rahat ve \u00f6zg\u00fcrce seyahat etmenin keyfini \u00e7\u0131karman\u0131n yan\u0131 s\u0131ra, her zaman her \u015feyin yolunda gitmeyece\u011fi ger\u00e7e\u011fiyle de kar\u015f\u0131la\u015fabilirsiniz.<\/p>\n\n\n\n<p>Bu nedenle, yolda herhangi bir acil durum i\u00e7in yedek lastik, yedek anahtar ve acil durum \u00e7antas\u0131 gibi malzemeleri yan\u0131n\u0131zda bulundurun. Ayr\u0131ca, yan\u0131n\u0131za harita, GPS, cep telefonu ve \u015farj cihazlar\u0131 gibi navigasyon ara\u00e7lar\u0131n\u0131 da almay\u0131 unutmay\u0131n.<\/p>\n\n\n\n<hr class=\"wp-block-separator has-css-opacity is-style-wide\"\/>\n\n\n\n<h3 class=\"wp-block-heading\">5.G\u00fcvenlik \u00d6nlemleri Al\u0131n<\/h3>\n\n\n\n<figure class=\"wp-block-image size-large\"><img decoding=\"async\" width=\"1000\" height=\"660\" data-src=\"https:\/\/geziyoo.co\/blog\/wp-content\/uploads\/2023\/04\/Karavanda-yasamak-yasal-mi.jpg\" alt=\"\" class=\"wp-image-12463 lazyload\" data-srcset=\"https:\/\/geziyoo.co\/blog\/wp-content\/uploads\/2023\/04\/Karavanda-yasamak-yasal-mi.jpg 1000w, https:\/\/geziyoo.co\/blog\/wp-content\/uploads\/2023\/04\/Karavanda-yasamak-yasal-mi-300x198.jpg 300w, https:\/\/geziyoo.co\/blog\/wp-content\/uploads\/2023\/04\/Karavanda-yasamak-yasal-mi-768x507.jpg 768w\" data-sizes=\"(max-width: 1000px) 100vw, 1000px\" src=\"data:image\/gif;base64,R0lGODlhAQABAAAAACH5BAEKAAEALAAAAAABAAEAAAICTAEAOw==\" style=\"--smush-placeholder-width: 1000px; --smush-placeholder-aspect-ratio: 1000\/660;\" \/><\/figure>\n\n\n\n<p>Yurtd\u0131\u015f\u0131 seyahatlerde g\u00fcvenli\u011fi \u00f6n planda tutmak \u00f6nemlidir. Karavan\u0131n\u0131z\u0131n kap\u0131lar\u0131n\u0131 ve pencerelerini kilitlemek, alarm sistemi kurmak, g\u00fcvenli park yerlerinde kalma gibi tedbirler alarak g\u00fcvenli\u011finizi sa\u011flayabilirsiniz.<\/p>\n\n\n\n<hr class=\"wp-block-separator has-css-opacity is-style-wide\"\/>\n\n\n\n<h3 class=\"wp-block-heading\">6.Yak\u0131t, Su ve G\u0131da Tedarikinizi Planlay\u0131n<\/h3>\n\n\n\n<figure class=\"wp-block-image size-large\"><img decoding=\"async\" width=\"1024\" height=\"576\" data-src=\"https:\/\/geziyoo.co\/blog\/wp-content\/uploads\/2023\/04\/Karavanlar-Koprulerden-ve-Normal-Yollardan-Gecebilir-mi-1024x576.jpg\" alt=\"\" class=\"wp-image-12453 lazyload\" data-srcset=\"https:\/\/geziyoo.co\/blog\/wp-content\/uploads\/2023\/04\/Karavanlar-Koprulerden-ve-Normal-Yollardan-Gecebilir-mi-1024x576.jpg 1024w, https:\/\/geziyoo.co\/blog\/wp-content\/uploads\/2023\/04\/Karavanlar-Koprulerden-ve-Normal-Yollardan-Gecebilir-mi-300x169.jpg 300w, https:\/\/geziyoo.co\/blog\/wp-content\/uploads\/2023\/04\/Karavanlar-Koprulerden-ve-Normal-Yollardan-Gecebilir-mi-768x432.jpg 768w, https:\/\/geziyoo.co\/blog\/wp-content\/uploads\/2023\/04\/Karavanlar-Koprulerden-ve-Normal-Yollardan-Gecebilir-mi-390x220.jpg 390w, https:\/\/geziyoo.co\/blog\/wp-content\/uploads\/2023\/04\/Karavanlar-Koprulerden-ve-Normal-Yollardan-Gecebilir-mi.jpg 1200w\" data-sizes=\"(max-width: 1024px) 100vw, 1024px\" src=\"data:image\/gif;base64,R0lGODlhAQABAAAAACH5BAEKAAEALAAAAAABAAEAAAICTAEAOw==\" style=\"--smush-placeholder-width: 1024px; --smush-placeholder-aspect-ratio: 1024\/576;\" \/><\/figure>\n\n\n\n<p>Karavan\u0131n\u0131z\u0131n yak\u0131t t\u00fcketimini hesaplayarak seyahat s\u00fcresi boyunca yak\u0131t tedarikinizi planlay\u0131n. Su tedarikiniz i\u00e7in su depolar\u0131n\u0131z\u0131 doldurun ve su filtresi kullanarak suyunuzu temizleyin.<\/p>\n\n\n\n<p>Yolda ihtiyac\u0131n\u0131z olan g\u0131dalar\u0131 yan\u0131n\u0131zda bulundurun. Ancak, baz\u0131 \u00fclkelerde g\u0131da ithalat\u0131na k\u0131s\u0131tlamalar getirilebilir, bu nedenle \u00fclkeye girmeden \u00f6nce bu konuda bilgi edinin.<\/p>\n\n\n\n<hr class=\"wp-block-separator has-css-opacity is-style-wide\"\/>\n\n\n\n<h3 class=\"wp-block-heading\">7.Dil Engeli ile Ba\u015fa \u00c7\u0131k\u0131n<\/h3>\n\n\n\n<figure class=\"wp-block-image size-large\"><img decoding=\"async\" width=\"1024\" height=\"683\" data-src=\"https:\/\/geziyoo.co\/blog\/wp-content\/uploads\/2023\/04\/Cekme-Karavanda-Seyir-Halinde-Yolcu-Tasinir-mi-1024x683.jpg\" alt=\"\" class=\"wp-image-12449 lazyload\" data-srcset=\"https:\/\/geziyoo.co\/blog\/wp-content\/uploads\/2023\/04\/Cekme-Karavanda-Seyir-Halinde-Yolcu-Tasinir-mi-1024x683.jpg 1024w, https:\/\/geziyoo.co\/blog\/wp-content\/uploads\/2023\/04\/Cekme-Karavanda-Seyir-Halinde-Yolcu-Tasinir-mi-300x200.jpg 300w, https:\/\/geziyoo.co\/blog\/wp-content\/uploads\/2023\/04\/Cekme-Karavanda-Seyir-Halinde-Yolcu-Tasinir-mi-768x512.jpg 768w, https:\/\/geziyoo.co\/blog\/wp-content\/uploads\/2023\/04\/Cekme-Karavanda-Seyir-Halinde-Yolcu-Tasinir-mi-1536x1025.jpg 1536w, https:\/\/geziyoo.co\/blog\/wp-content\/uploads\/2023\/04\/Cekme-Karavanda-Seyir-Halinde-Yolcu-Tasinir-mi-scaled.jpg 1200w\" data-sizes=\"(max-width: 1024px) 100vw, 1024px\" src=\"data:image\/gif;base64,R0lGODlhAQABAAAAACH5BAEKAAEALAAAAAABAAEAAAICTAEAOw==\" style=\"--smush-placeholder-width: 1024px; --smush-placeholder-aspect-ratio: 1024\/683;\" \/><figcaption class=\"wp-element-caption\">Karavanla Yurtd\u0131\u015f\u0131 Rehberi (\u00d6neriler,\u00dccreti ve Gerekli Evraklar)<\/figcaption><\/figure>\n\n\n\n<p>Yurtd\u0131\u015f\u0131 seyahatlerinde dil engeli ile kar\u015f\u0131la\u015fabilirsiniz. Yabanc\u0131 bir \u00fclkeye seyahat ederken, o \u00fclkenin dilini \u00f6\u011frenmek ve temel kelimeleri bilmek faydal\u0131 olacakt\u0131r. Ayr\u0131ca, bir dil k\u0131lavuzu veya bir \u00e7eviri uygulamas\u0131 kullanarak da ileti\u015fim kurabilirsiniz.<\/p>\n\n\n\n<hr class=\"wp-block-separator has-css-opacity is-style-wide\"\/>\n\n\n\n<h3 class=\"wp-block-heading\">8.\u0130leti\u015fimi Sa\u011flay\u0131n<\/h3>\n\n\n\n<figure class=\"wp-block-image size-large\"><img decoding=\"async\" width=\"1024\" height=\"614\" data-src=\"https:\/\/geziyoo.co\/blog\/wp-content\/uploads\/2023\/04\/Motokaravan-icin-uygun-araclar-1024x614.jpg\" alt=\"\" class=\"wp-image-12441 lazyload\" data-srcset=\"https:\/\/geziyoo.co\/blog\/wp-content\/uploads\/2023\/04\/Motokaravan-icin-uygun-araclar-1024x614.jpg 1024w, https:\/\/geziyoo.co\/blog\/wp-content\/uploads\/2023\/04\/Motokaravan-icin-uygun-araclar-300x180.jpg 300w, https:\/\/geziyoo.co\/blog\/wp-content\/uploads\/2023\/04\/Motokaravan-icin-uygun-araclar-768x461.jpg 768w, https:\/\/geziyoo.co\/blog\/wp-content\/uploads\/2023\/04\/Motokaravan-icin-uygun-araclar.jpg 1200w\" data-sizes=\"(max-width: 1024px) 100vw, 1024px\" src=\"data:image\/gif;base64,R0lGODlhAQABAAAAACH5BAEKAAEALAAAAAABAAEAAAICTAEAOw==\" style=\"--smush-placeholder-width: 1024px; --smush-placeholder-aspect-ratio: 1024\/614;\" \/><\/figure>\n\n\n\n<p>Yurtd\u0131\u015f\u0131nda seyahat ederken, aileniz ve arkada\u015flar\u0131n\u0131zla ileti\u015fimde kalmak i\u00e7in d\u00fczenli olarak telefon veya internet ba\u011flant\u0131s\u0131 sa\u011flamak \u00f6nemlidir.<\/p>\n\n\n\n<p>Yolculuk s\u0131ras\u0131nda internet hizmeti almak i\u00e7in uluslararas\u0131 bir SIM kart alabilirsiniz. Ayr\u0131ca, arac\u0131n\u0131zda bir Wi-Fi cihaz\u0131 kurarak internet ba\u011flant\u0131s\u0131 sa\u011flayabilirsiniz.<\/p>\n\n\n\n<hr class=\"wp-block-separator has-css-opacity is-style-wide\"\/>\n\n\n\n<h3 class=\"wp-block-heading\">9.Finansal Planlama Yap\u0131n<\/h3>\n\n\n\n<figure class=\"wp-block-image size-large\"><img decoding=\"async\" width=\"979\" height=\"650\" data-src=\"https:\/\/geziyoo.co\/blog\/wp-content\/uploads\/2023\/04\/Cocuklu-Aileler-Icin-Karavan-Rehberi.jpg\" alt=\"\" class=\"wp-image-12445 lazyload\" data-srcset=\"https:\/\/geziyoo.co\/blog\/wp-content\/uploads\/2023\/04\/Cocuklu-Aileler-Icin-Karavan-Rehberi.jpg 979w, https:\/\/geziyoo.co\/blog\/wp-content\/uploads\/2023\/04\/Cocuklu-Aileler-Icin-Karavan-Rehberi-300x199.jpg 300w, https:\/\/geziyoo.co\/blog\/wp-content\/uploads\/2023\/04\/Cocuklu-Aileler-Icin-Karavan-Rehberi-768x510.jpg 768w\" data-sizes=\"(max-width: 979px) 100vw, 979px\" src=\"data:image\/gif;base64,R0lGODlhAQABAAAAACH5BAEKAAEALAAAAAABAAEAAAICTAEAOw==\" style=\"--smush-placeholder-width: 979px; --smush-placeholder-aspect-ratio: 979\/650;\" \/><\/figure>\n\n\n\n<p><strong>Karavanla Yurtd\u0131\u015f\u0131 seyahatlerinde<\/strong> finansal planlama yapmak, seyahatinizin ba\u015far\u0131s\u0131 i\u00e7in olduk\u00e7a \u00f6nemlidir. Yolculuk s\u00fcresince ihtiya\u00e7 duyaca\u011f\u0131n\u0131z t\u00fcm giderleri planlayarak bir b\u00fct\u00e7e olu\u015fturun. Para \u00e7ekmek i\u00e7in bir ATM kart\u0131 veya kredi kart\u0131 al\u0131n ve yurtd\u0131\u015f\u0131 seyahati i\u00e7in bir seyahat kart\u0131 edinin.<\/p>\n\n\n\n<hr class=\"wp-block-separator has-css-opacity is-style-wide\"\/>\n\n\n\n<h3 class=\"wp-block-heading\">10.K\u00fclt\u00fcr Farkl\u0131l\u0131klar\u0131na Uyum Sa\u011flay\u0131n<\/h3>\n\n\n\n<figure class=\"wp-block-image size-large\"><img decoding=\"async\" width=\"1024\" height=\"768\" data-src=\"https:\/\/geziyoo.co\/blog\/wp-content\/uploads\/2023\/04\/Karavaninizda-yapabileceginiz-pratik-ve-lezzetli-yemekler-1024x768.jpeg\" alt=\"\" class=\"wp-image-12394 lazyload\" data-srcset=\"https:\/\/geziyoo.co\/blog\/wp-content\/uploads\/2023\/04\/Karavaninizda-yapabileceginiz-pratik-ve-lezzetli-yemekler-1024x768.jpeg 1024w, https:\/\/geziyoo.co\/blog\/wp-content\/uploads\/2023\/04\/Karavaninizda-yapabileceginiz-pratik-ve-lezzetli-yemekler-300x225.jpeg 300w, https:\/\/geziyoo.co\/blog\/wp-content\/uploads\/2023\/04\/Karavaninizda-yapabileceginiz-pratik-ve-lezzetli-yemekler-768x576.jpeg 768w, https:\/\/geziyoo.co\/blog\/wp-content\/uploads\/2023\/04\/Karavaninizda-yapabileceginiz-pratik-ve-lezzetli-yemekler-scaled.jpeg 1067w\" data-sizes=\"(max-width: 1024px) 100vw, 1024px\" src=\"data:image\/gif;base64,R0lGODlhAQABAAAAACH5BAEKAAEALAAAAAABAAEAAAICTAEAOw==\" style=\"--smush-placeholder-width: 1024px; --smush-placeholder-aspect-ratio: 1024\/768;\" \/><\/figure>\n\n\n\n<p>Farkl\u0131 bir \u00fclkeye seyahat ederken, o \u00fclkenin k\u00fclt\u00fcr\u00fcne uyum sa\u011flamak \u00f6nemlidir. Farkl\u0131 dinler, gelenekler ve yasal d\u00fczenlemeler hakk\u0131nda bilgi edinin ve bunlara sayg\u0131 g\u00f6sterin. Ayr\u0131ca, yolculu\u011funuzu olabildi\u011fince \u00e7evre dostu hale getirmeye \u00e7al\u0131\u015f\u0131n ve yerel toplulu\u011fa sayg\u0131l\u0131 davran\u0131n.<\/p>\n\n\n\n<hr class=\"wp-block-separator has-css-opacity is-style-wide\"\/>\n\n\n\n<h3 class=\"wp-block-heading\">11.Sigorta Yapt\u0131r\u0131n<\/h3>\n\n\n\n<figure class=\"wp-block-image size-large\"><img decoding=\"async\" width=\"1024\" height=\"684\" data-src=\"https:\/\/geziyoo.co\/blog\/wp-content\/uploads\/2023\/04\/Herkesin-Bilmesi-Gereken-Karavan-Terimleri-1024x684.jpg\" alt=\"\" class=\"wp-image-12421 lazyload\" data-srcset=\"https:\/\/geziyoo.co\/blog\/wp-content\/uploads\/2023\/04\/Herkesin-Bilmesi-Gereken-Karavan-Terimleri-1024x684.jpg 1024w, https:\/\/geziyoo.co\/blog\/wp-content\/uploads\/2023\/04\/Herkesin-Bilmesi-Gereken-Karavan-Terimleri-300x200.jpg 300w, https:\/\/geziyoo.co\/blog\/wp-content\/uploads\/2023\/04\/Herkesin-Bilmesi-Gereken-Karavan-Terimleri-768x513.jpg 768w, https:\/\/geziyoo.co\/blog\/wp-content\/uploads\/2023\/04\/Herkesin-Bilmesi-Gereken-Karavan-Terimleri-1536x1025.jpg 1536w, https:\/\/geziyoo.co\/blog\/wp-content\/uploads\/2023\/04\/Herkesin-Bilmesi-Gereken-Karavan-Terimleri-scaled.jpg 1200w\" data-sizes=\"(max-width: 1024px) 100vw, 1024px\" src=\"data:image\/gif;base64,R0lGODlhAQABAAAAACH5BAEKAAEALAAAAAABAAEAAAICTAEAOw==\" style=\"--smush-placeholder-width: 1024px; --smush-placeholder-aspect-ratio: 1024\/684;\" \/><\/figure>\n\n\n\n<p>Yurtd\u0131\u015f\u0131 seyahatlerde, karavan\u0131n\u0131z ve seyahat etti\u011finiz \u00fclke i\u00e7in uygun sigorta poli\u00e7elerini alman\u0131z \u00f6nemlidir. Sigorta poli\u00e7eleri, arac\u0131n\u0131z\u0131n \u00e7al\u0131nmas\u0131, kaza veya hasar durumlar\u0131nda maddi kay\u0131plar\u0131n\u0131z\u0131n telafi edilmesine yard\u0131mc\u0131 olur.<\/p>\n\n\n\n<h3 class=\"wp-block-heading\">12.Vize i\u015flemlerini son dakikaya b\u0131rakmay\u0131n<\/h3>\n\n\n\n<figure class=\"wp-block-image size-large\"><img decoding=\"async\" width=\"950\" height=\"800\" data-src=\"https:\/\/geziyoo.co\/blog\/wp-content\/uploads\/2023\/04\/Karavanda-Yangin-Guvenligi.jpg\" alt=\"\" class=\"wp-image-12405 lazyload\" data-srcset=\"https:\/\/geziyoo.co\/blog\/wp-content\/uploads\/2023\/04\/Karavanda-Yangin-Guvenligi.jpg 950w, https:\/\/geziyoo.co\/blog\/wp-content\/uploads\/2023\/04\/Karavanda-Yangin-Guvenligi-300x253.jpg 300w, https:\/\/geziyoo.co\/blog\/wp-content\/uploads\/2023\/04\/Karavanda-Yangin-Guvenligi-768x646.jpg 768w\" data-sizes=\"(max-width: 950px) 100vw, 950px\" src=\"data:image\/gif;base64,R0lGODlhAQABAAAAACH5BAEKAAEALAAAAAABAAEAAAICTAEAOw==\" style=\"--smush-placeholder-width: 950px; --smush-placeholder-aspect-ratio: 950\/800;\" \/><\/figure>\n\n\n\n<p>Yurtd\u0131\u015f\u0131 seyahatlerde, gidece\u011finiz \u00fclkenin vize i\u015flemlerini tamamlaman\u0131z gerekebilir. Baz\u0131 \u00fclkeler vize almak i\u00e7in belirli \u015fartlar ko\u015fabilir. Vize i\u015flemleri i\u00e7in gerekli belgeleri haz\u0131rlayarak seyahatiniz \u00f6ncesinde ba\u015fvuruda bulunman\u0131z gerekebilir.<\/p>\n\n\n\n<hr class=\"wp-block-separator has-css-opacity is-style-wide\"\/>\n\n\n\n<h3 class=\"wp-block-heading\">13.Yola \u00e7\u0131kmadan Karavan\u0131z\u0131n bak\u0131m\u0131n\u0131 yapt\u0131r\u0131n<\/h3>\n\n\n\n<figure class=\"wp-block-image size-large\"><img decoding=\"async\" width=\"1024\" height=\"576\" data-src=\"https:\/\/geziyoo.co\/blog\/wp-content\/uploads\/2023\/04\/Karavanlarda-Kullanilabilecek-Klima-Alternatifleri-1024x576.jpg\" alt=\"\" class=\"wp-image-12415 lazyload\" data-srcset=\"https:\/\/geziyoo.co\/blog\/wp-content\/uploads\/2023\/04\/Karavanlarda-Kullanilabilecek-Klima-Alternatifleri-1024x576.jpg 1024w, https:\/\/geziyoo.co\/blog\/wp-content\/uploads\/2023\/04\/Karavanlarda-Kullanilabilecek-Klima-Alternatifleri-300x169.jpg 300w, https:\/\/geziyoo.co\/blog\/wp-content\/uploads\/2023\/04\/Karavanlarda-Kullanilabilecek-Klima-Alternatifleri-768x432.jpg 768w, https:\/\/geziyoo.co\/blog\/wp-content\/uploads\/2023\/04\/Karavanlarda-Kullanilabilecek-Klima-Alternatifleri-390x220.jpg 390w, https:\/\/geziyoo.co\/blog\/wp-content\/uploads\/2023\/04\/Karavanlarda-Kullanilabilecek-Klima-Alternatifleri-scaled.jpg 1200w\" data-sizes=\"(max-width: 1024px) 100vw, 1024px\" src=\"data:image\/gif;base64,R0lGODlhAQABAAAAACH5BAEKAAEALAAAAAABAAEAAAICTAEAOw==\" style=\"--smush-placeholder-width: 1024px; --smush-placeholder-aspect-ratio: 1024\/576;\" \/><\/figure>\n\n\n\n<p>Yurtd\u0131\u015f\u0131 seyahatlerde arac\u0131n\u0131z\u0131n bak\u0131m\u0131n\u0131 yapmak, seyahatinizi sa\u011fl\u0131kl\u0131 bir \u015fekilde tamamlaman\u0131z i\u00e7in \u00f6nemlidir. Karavan\u0131n\u0131z\u0131n t\u00fcm sistemlerinin \u00e7al\u0131\u015f\u0131r durumda oldu\u011fundan emin olmak i\u00e7in periyodik ara\u00e7 bak\u0131m\u0131 yap\u0131n. Arac\u0131n\u0131zda yedek lastik, jant anahtar\u0131, pil kablosu, fren hidroli\u011fi ve benzeri ekipmanlar\u0131 bulundurun.<\/p>\n\n\n\n<hr class=\"wp-block-separator has-css-opacity is-style-wide\"\/>\n\n\n\n<h3 class=\"wp-block-heading\">14.Yol Haritas\u0131 ve Navigasyon sat\u0131n al\u0131n<\/h3>\n\n\n\n<figure class=\"wp-block-image size-large\"><img decoding=\"async\" width=\"960\" height=\"630\" data-src=\"https:\/\/geziyoo.co\/blog\/wp-content\/uploads\/2023\/04\/Karavan-Almak-Isteyenlerin-Yaptigi-Hatalar.jpg\" alt=\"\" class=\"wp-image-12430 lazyload\" data-srcset=\"https:\/\/geziyoo.co\/blog\/wp-content\/uploads\/2023\/04\/Karavan-Almak-Isteyenlerin-Yaptigi-Hatalar.jpg 960w, https:\/\/geziyoo.co\/blog\/wp-content\/uploads\/2023\/04\/Karavan-Almak-Isteyenlerin-Yaptigi-Hatalar-300x197.jpg 300w, https:\/\/geziyoo.co\/blog\/wp-content\/uploads\/2023\/04\/Karavan-Almak-Isteyenlerin-Yaptigi-Hatalar-768x504.jpg 768w\" data-sizes=\"(max-width: 960px) 100vw, 960px\" src=\"data:image\/gif;base64,R0lGODlhAQABAAAAACH5BAEKAAEALAAAAAABAAEAAAICTAEAOw==\" style=\"--smush-placeholder-width: 960px; --smush-placeholder-aspect-ratio: 960\/630;\" \/><figcaption class=\"wp-element-caption\">Karavanla Yurtd\u0131\u015f\u0131 Rehberi (\u00d6neriler,\u00dccreti ve Gerekli Evraklar)<\/figcaption><\/figure>\n\n\n\n<p>Yolculuk boyunca gidece\u011finiz rotay\u0131 belirleyin ve bir yol haritas\u0131 edinin. Ayr\u0131ca, navigasyon cihaz\u0131 kullanarak yolculuk boyunca rotan\u0131z\u0131 takip edebilirsiniz. Ancak, baz\u0131 \u00fclkelerde navigasyon cihaz\u0131 kullan\u0131m\u0131 yasaklanabilir, bu nedenle yedek bir yol haritas\u0131 bulundurmak faydal\u0131 olabilir.<\/p>\n\n\n\n<hr class=\"wp-block-separator has-css-opacity is-style-wide\"\/>\n\n\n\n<h3 class=\"wp-block-heading\">15.G\u00fcncel Olanaklar\u0131 Ara\u015ft\u0131r\u0131n<\/h3>\n\n\n\n<figure class=\"wp-block-image size-large\"><img decoding=\"async\" width=\"1024\" height=\"576\" data-src=\"https:\/\/geziyoo.co\/blog\/wp-content\/uploads\/2023\/04\/Karavan-Tatilinde-Nasil-Tasarruf-Edilir-1024x576.jpg\" alt=\"\" class=\"wp-image-12426 lazyload\" data-srcset=\"https:\/\/geziyoo.co\/blog\/wp-content\/uploads\/2023\/04\/Karavan-Tatilinde-Nasil-Tasarruf-Edilir-1024x576.jpg 1024w, https:\/\/geziyoo.co\/blog\/wp-content\/uploads\/2023\/04\/Karavan-Tatilinde-Nasil-Tasarruf-Edilir-300x169.jpg 300w, https:\/\/geziyoo.co\/blog\/wp-content\/uploads\/2023\/04\/Karavan-Tatilinde-Nasil-Tasarruf-Edilir-768x432.jpg 768w, https:\/\/geziyoo.co\/blog\/wp-content\/uploads\/2023\/04\/Karavan-Tatilinde-Nasil-Tasarruf-Edilir-390x220.jpg 390w, https:\/\/geziyoo.co\/blog\/wp-content\/uploads\/2023\/04\/Karavan-Tatilinde-Nasil-Tasarruf-Edilir-scaled.jpg 1200w\" data-sizes=\"(max-width: 1024px) 100vw, 1024px\" src=\"data:image\/gif;base64,R0lGODlhAQABAAAAACH5BAEKAAEALAAAAAABAAEAAAICTAEAOw==\" style=\"--smush-placeholder-width: 1024px; --smush-placeholder-aspect-ratio: 1024\/576;\" \/><\/figure>\n\n\n\n<p>Yurtd\u0131\u015f\u0131 seyahatlerinde, gidece\u011finiz \u00fclkedeki g\u00fcncel olanaklar\u0131 takip etmek \u00f6nemlidir. \u00d6rne\u011fin, Covid-19 pandemisi seyahat ko\u015fullar\u0131n\u0131 de\u011fi\u015ftirebilir ve s\u0131n\u0131rlamalara neden olabilir. Ayr\u0131ca, yolculuk boyunca ihtiyac\u0131n\u0131z olan her \u015feyi edinmek i\u00e7in yerel marketleri ve ma\u011fazalar\u0131 ara\u015ft\u0131rabilirsiniz.<\/p>\n\n\n\n<p>Yurtd\u0131\u015f\u0131nda karavan seyahati, farkl\u0131 k\u00fclt\u00fcrleri deneyimleme ve yeni yerler ke\u015ffetme konusunda e\u015fsiz bir f\u0131rsat sunar. Yukar\u0131daki maddeleri takip ederek, yurtd\u0131\u015f\u0131 karavan seyahatinizde keyifli bir deneyim ya\u015fayabilirsiniz.<\/p>\n\n\n\n<blockquote class=\"wp-block-quote quote-solid is-layout-flow wp-block-quote quote-solid-is-layout-flow\">\n<p><em>Burada araya girelim.Bu tarz konular ilginizi \u00e7ekiyor ise&nbsp;<strong><em><a href=\"https:\/\/geziyoo.co\/blog\/karavan-rehberi\/\">KARAVAN \u0130PU\u00c7LARI<\/a><\/em><\/strong>&nbsp;ve&nbsp;<strong><em><a href=\"https:\/\/geziyoo.co\/blog\/kamp-kamp-onerileri\/\">KAMP \u0130PU\u00c7LARI<\/a><\/em><\/strong>&nbsp;i\u00e7eri\u011fimize bakman\u0131z\u0131 \u00f6neririz.<\/em><\/p>\n<\/blockquote>\n\n\n\n<hr class=\"wp-block-separator has-css-opacity is-style-wide\"\/>\n\n\n\n<h2 class=\"wp-block-heading\">Karavanla Yurtd\u0131\u015f\u0131na \u00c7\u0131kacaklar i\u00e7in Gerekli Olan Belgeler<\/h2>\n\n\n\n<figure class=\"wp-block-image size-large\"><img decoding=\"async\" width=\"1024\" height=\"682\" data-src=\"https:\/\/geziyoo.co\/blog\/wp-content\/uploads\/2023\/04\/Karavanda-ne-tur-guvenlik-onlemleri-alinabilir-1024x682.jpg\" alt=\"\" class=\"wp-image-12396 lazyload\" data-srcset=\"https:\/\/geziyoo.co\/blog\/wp-content\/uploads\/2023\/04\/Karavanda-ne-tur-guvenlik-onlemleri-alinabilir-1024x682.jpg 1024w, https:\/\/geziyoo.co\/blog\/wp-content\/uploads\/2023\/04\/Karavanda-ne-tur-guvenlik-onlemleri-alinabilir-300x200.jpg 300w, https:\/\/geziyoo.co\/blog\/wp-content\/uploads\/2023\/04\/Karavanda-ne-tur-guvenlik-onlemleri-alinabilir-768x512.jpg 768w, https:\/\/geziyoo.co\/blog\/wp-content\/uploads\/2023\/04\/Karavanda-ne-tur-guvenlik-onlemleri-alinabilir-1536x1023.jpg 1536w, https:\/\/geziyoo.co\/blog\/wp-content\/uploads\/2023\/04\/Karavanda-ne-tur-guvenlik-onlemleri-alinabilir-scaled.jpg 1200w\" data-sizes=\"(max-width: 1024px) 100vw, 1024px\" src=\"data:image\/gif;base64,R0lGODlhAQABAAAAACH5BAEKAAEALAAAAAABAAEAAAICTAEAOw==\" style=\"--smush-placeholder-width: 1024px; --smush-placeholder-aspect-ratio: 1024\/682;\" \/><\/figure>\n\n\n\n<p>Karavanla yurtd\u0131\u015f\u0131na \u00e7\u0131karken, seyahat edece\u011finiz \u00fclkelere ba\u011fl\u0131 olarak de\u011fi\u015fen belgeler ve evraklar gerekebilir. Bunlar aras\u0131nda \u015funlar yer alabilir:<\/p>\n\n\n\n<h3 class=\"wp-block-heading\"><strong>Pasaport<\/strong><\/h3>\n\n\n\n<p>\u00d6ncelikle, ge\u00e7erli bir pasaporta sahip olman\u0131z gerekiyor. Pasaportunuzun ge\u00e7erlilik s\u00fcresinin, seyahat edece\u011finiz tarihten en az 6 ay sonras\u0131na kadar olmas\u0131 \u00f6nemlidir. Ayr\u0131ca, baz\u0131 \u00fclkeler pasaportunuzda en az bir bo\u015f sayfa olmas\u0131n\u0131 gerektirir.<\/p>\n\n\n\n<h3 class=\"wp-block-heading\"><strong>Vize<\/strong><\/h3>\n\n\n\n<p>Baz\u0131 \u00fclkeler, seyahat edece\u011finiz s\u00fcreye ve amac\u0131n\u0131za ba\u011fl\u0131 olarak vize isteyebilirler. Vize i\u015flemleri, \u00fclkeden \u00fclkeye de\u011fi\u015febilir ve her \u00fclkenin kendi vize ba\u015fvuru s\u00fcreci ve belgeleri olabilir. Bu nedenle, seyahat edece\u011finiz \u00fclkenin b\u00fcy\u00fckel\u00e7ili\u011fi veya konsoloslu\u011fuyla ileti\u015fime ge\u00e7meniz gerekebilir. Baz\u0131 \u00fclkeler, T\u00fcrkiye vatanda\u015flar\u0131na vize muafiyeti de sa\u011flar.<\/p>\n\n\n\n<h3 class=\"wp-block-heading\"><strong>Karavan Kay\u0131t Belgesi<\/strong><\/h3>\n\n\n\n<p>Karavan\u0131n\u0131z\u0131n kay\u0131t belgesi ve ruhsat\u0131n\u0131n tam ve g\u00fcncel olmas\u0131 gerekiyor. Bu belgeler, seyahat edece\u011finiz \u00fclkelerde karavan\u0131n\u0131z\u0131n yasal olarak kullan\u0131labilir oldu\u011funu g\u00f6sterir.<\/p>\n\n\n\n<h3 class=\"wp-block-heading\"><strong>Ye\u015fil Sigorta Kart\u0131<\/strong><\/h3>\n\n\n\n<p>Ye\u015fil sigorta kart\u0131, arac\u0131n\u0131z\u0131n yurt d\u0131\u015f\u0131nda seyahat etti\u011fi s\u00fcrece ge\u00e7erli olan bir sigorta poli\u00e7esidir. Bu sigorta, arac\u0131n\u0131zda meydana gelebilecek kaza veya hasarlar\u0131 kapsayabilir. Ye\u015fil sigorta kart\u0131, \u00fclkeden \u00fclkeye de\u011fi\u015febilir ve seyahat edece\u011finiz \u00fclkelerdeki gereksinimlere g\u00f6re de\u011fi\u015febilir.<\/p>\n\n\n\n<h3 class=\"wp-block-heading\"><strong>Uluslararas\u0131 S\u00fcr\u00fcc\u00fc Belgesi<\/strong><\/h3>\n\n\n\n<p>Seyahat edece\u011finiz \u00fclkeler, s\u00fcr\u00fcc\u00fclerin uluslararas\u0131 s\u00fcr\u00fcc\u00fc belgesine sahip olmas\u0131n\u0131 gerektirebilir. Bu belge, T\u00fcrkiye&#8217;de ge\u00e7erli olan s\u00fcr\u00fcc\u00fc belgenize ek bir belgedir ve seyahat edece\u011finiz \u00fclke taraf\u0131ndan kabul edilir.<\/p>\n\n\n\n<h3 class=\"wp-block-heading\"><strong>Di\u011fer belgeler<\/strong><\/h3>\n\n\n\n<p>Seyahat edece\u011finiz \u00fclkelere ba\u011fl\u0131 olarak, ek belgeler gerekebilir. \u00d6rne\u011fin, evcil hayvan\u0131n\u0131zla seyahat ediyorsan\u0131z, veteriner sa\u011fl\u0131k sertifikas\u0131 veya a\u015f\u0131 kay\u0131tlar\u0131 gibi ek belgeler gerekebilir.<\/p>\n\n\n\n<hr class=\"wp-block-separator has-css-opacity is-style-wide\"\/>\n\n\n\n<h2 class=\"wp-block-heading\">Karavanla Yurtd\u0131\u015f\u0131na \u00c7\u0131kman\u0131n Maliyeti Ne Kadar?<\/h2>\n\n\n\n<figure class=\"wp-block-image size-large\"><img decoding=\"async\" width=\"1024\" height=\"576\" data-src=\"https:\/\/geziyoo.co\/blog\/wp-content\/uploads\/2023\/04\/Karavanlarda-Kullanilabilecek-Klima-Alternatifleri-1024x576.jpg\" alt=\"\" class=\"wp-image-12415 lazyload\" data-srcset=\"https:\/\/geziyoo.co\/blog\/wp-content\/uploads\/2023\/04\/Karavanlarda-Kullanilabilecek-Klima-Alternatifleri-1024x576.jpg 1024w, https:\/\/geziyoo.co\/blog\/wp-content\/uploads\/2023\/04\/Karavanlarda-Kullanilabilecek-Klima-Alternatifleri-300x169.jpg 300w, https:\/\/geziyoo.co\/blog\/wp-content\/uploads\/2023\/04\/Karavanlarda-Kullanilabilecek-Klima-Alternatifleri-768x432.jpg 768w, https:\/\/geziyoo.co\/blog\/wp-content\/uploads\/2023\/04\/Karavanlarda-Kullanilabilecek-Klima-Alternatifleri-390x220.jpg 390w, https:\/\/geziyoo.co\/blog\/wp-content\/uploads\/2023\/04\/Karavanlarda-Kullanilabilecek-Klima-Alternatifleri-scaled.jpg 1200w\" data-sizes=\"(max-width: 1024px) 100vw, 1024px\" src=\"data:image\/gif;base64,R0lGODlhAQABAAAAACH5BAEKAAEALAAAAAABAAEAAAICTAEAOw==\" style=\"--smush-placeholder-width: 1024px; --smush-placeholder-aspect-ratio: 1024\/576;\" \/><\/figure>\n\n\n\n<p class=\"has-pale-pink-background-color has-background\">Ortalama bir rakam vermek gerekirse, 1 haftal\u0131k yurtd\u0131\u015f\u0131 karavan turunun ki\u015fi ba\u015f\u0131 maliyeti <strong>60.000 TL &#8211; 85.000 TL<\/strong> aras\u0131nda de\u011fi\u015fmektedir.<\/p>\n\n\n\n<p>A\u015fa\u011f\u0131da bahsedilen belgelerin tamam\u0131n\u0131n veya bir k\u0131sm\u0131n\u0131n haz\u0131rlanmas\u0131 ve i\u015flem \u00fccretleri, seyahat edece\u011finiz \u00fclkelere ve hizmet sa\u011flay\u0131c\u0131lara ba\u011fl\u0131 olarak de\u011fi\u015febilir. Bu nedenle, tam bir maliyet tahmini yapmak zordur, ancak baz\u0131 genel harcama kalemlerini a\u015fa\u011f\u0131da bulabilirsiniz:<\/p>\n\n\n\n<h3 class=\"wp-block-heading\">Pasaport \u00dccreti<\/h3>\n\n\n\n<p>Pasaport almak i\u00e7in \u00f6dedi\u011fimiz har\u00e7 bedelleri her y\u0131l art\u0131\u015f g\u00f6sterir. <strong>2026 y\u0131l\u0131 itibariyle<\/strong>, ba\u015fvuraca\u011f\u0131n\u0131z pasaport s\u00fcresine g\u00f6re har\u00e7 bedeli <strong>1.978,50 TL &#8211; 12.283,00 TL<\/strong> aras\u0131nda de\u011fi\u015fiyor. Ayr\u0131ca ge\u00e7ti\u011fimiz y\u0131l <strong>801 TL<\/strong> olan defter bedeli \u00fccreti de <strong>1.050 TL<\/strong>&#8216;ye y\u00fckseldi.<strong><em><a href=\"https:\/\/geziyoo.co\/blog\/pasaport-ucreti-hesaplama-araci-2025-pasaport-ucretleri\/\">2025 Y\u0131l\u0131 Pasaport \u00dccreti<\/a><\/em><\/strong> i\u00e7eri\u011fimize bakabilirsiniz.<\/p>\n\n\n\n<h3 class=\"wp-block-heading\">Vize \u00dccreti<\/h3>\n\n\n\n<p>Seyahat edece\u011finiz \u00fclkeye ve vize t\u00fcr\u00fcne ba\u011fl\u0131 olarak vize \u00fccretleri de\u011fi\u015febilir. \u00d6rne\u011fin, <strong>Schengen b\u00f6lgesi vizesi<\/strong> i\u00e7in ortalama \u00fccret, <strong>2026 y\u0131l\u0131 itibariyle<\/strong> <strong>150 Euro<\/strong>&#8216;dur.<\/p>\n\n\n\n<h3 class=\"wp-block-heading\">Ye\u015fil Sigorta Kart\u0131 \u00dccreti<\/h3>\n\n\n\n<p>Ye\u015fil Sigorta Kart\u0131 \u00fccretleri, sigorta \u015firketlerine g\u00f6re de\u011fi\u015febilir. Bu \u00fccretler, arac\u0131n\u0131z\u0131n \u00f6zelliklerine, seyahat edece\u011finiz \u00fclkeye ve sigorta s\u00fcresine g\u00f6re farkl\u0131l\u0131k g\u00f6sterir. <strong>2026 y\u0131l\u0131 itibariyle<\/strong>, ye\u015fil sigorta kart\u0131 i\u00e7in yakla\u015f\u0131k olarak <strong>1800 &#8211; 2950 TL<\/strong> aras\u0131nda bir \u00fccret \u00f6demeniz gerekebilir.<\/p>\n\n\n\n<h3 class=\"wp-block-heading\">Uluslararas\u0131 S\u00fcr\u00fcc\u00fc Belgesi \u00dccreti<\/h3>\n\n\n\n<p>Uluslararas\u0131 S\u00fcr\u00fcc\u00fc Belgesi, Emniyet Genel M\u00fcd\u00fcrl\u00fc\u011f\u00fc taraf\u0131ndan verilmektedir ve <strong>2026 y\u0131l\u0131 itibariyle<\/strong> yakla\u015f\u0131k <strong>1.250 TL<\/strong> \u00fccret \u00f6demeniz gerekebilir.<strong><em><a href=\"https:\/\/geziyoo.co\/blog\/karavan-ehliyeti-nasil-alinir-2025-fiyatlari\/\">Ehliyet Yenileme<\/a><\/em><\/strong><\/p>\n\n\n\n<h3 class=\"wp-block-heading\">Di\u011fer Belgeler<\/h3>\n\n\n\n<p>T\u00fcm bu maliyetlerin yan\u0131 s\u0131ra, seyahat etti\u011finiz s\u00fcre boyunca konaklama, yak\u0131t, yemek, karavan bak\u0131m\u0131 gibi di\u011fer harcamalar da eklenmelidir. Seyahat edece\u011finiz \u00fclkelerdeki fiyat farkl\u0131l\u0131klar\u0131n\u0131 da hesaba katmak \u00f6nemlidir. Bu nedenle, seyahat plan\u0131n\u0131z\u0131 haz\u0131rlarken m\u00fcmk\u00fcn olan t\u00fcm detaylar\u0131 \u00f6nceden ara\u015ft\u0131rmak ve b\u00fct\u00e7enizi bu do\u011frultuda ayarlamak faydal\u0131 olacakt\u0131r.<\/p>\n\n\n\n<p>Seyahat edece\u011finiz \u00fclkelerin istedi\u011fi di\u011fer belgelerin haz\u0131rlanmas\u0131 i\u00e7in ek \u00fccretler \u00f6demeniz gerekebilir. Bu belgeler aras\u0131nda veteriner sa\u011fl\u0131k sertifikas\u0131 veya a\u015f\u0131 kay\u0131tlar\u0131 gibi belgeler olabilir.<\/p>\n\n\n\n<hr class=\"wp-block-separator has-alpha-channel-opacity is-style-wide\"\/>\n\n\n\n<p><strong>Not:<\/strong> 2025 y\u0131l\u0131 itibariyle fiyatlar, kur dalgalanmalar\u0131na ve hizmet sa\u011flay\u0131c\u0131lar\u0131n belirledi\u011fi \u00fccretlere g\u00f6re de\u011fi\u015fiklik g\u00f6sterebilir. Bu nedenle, seyahatinizi planlarken g\u00fcncel fiyatlar\u0131 kontrol etmeyi unutmay\u0131n.<\/p>\n\n\n\n<p><strong>Karavan ile Yurtd\u0131\u015f\u0131na Nas\u0131l \u00c7\u0131k\u0131l\u0131r? 2026 Y\u0131l\u0131 Maliyeti Ne Kadar?\u00a0<\/strong>i\u00e7eri\u011fimizin sonuna geldik.Umar\u0131z bir an \u00f6nce karavan\u0131n\u0131z\u0131 al\u0131r yada yapar ve yollara d\u00fc\u015fersiniz.Yollarda sizinle birlikte olabilmek i\u00e7in bir \u00e7ok karavan kamp alan\u0131na yer verdik.<strong><em><a href=\"https:\/\/geziyoo.co\/listing-category\/turkiye-karavan-alanlari-ve-parklari\/\">KARAVAN KAMP YERLER\u0130<\/a><\/em><\/strong>\u00a0sayfam\u0131za bakarak bir \u00e7ok ke\u015ffedilmemi\u015f yeri ke\u015ffedebilirsiniz.<\/p>\n\n\n\n<hr class=\"wp-block-separator has-css-opacity is-style-wide\"\/>\n\n\n\n<h3 class=\"wp-block-heading\">Bunlar\u0131 da Sevebilirsiniz;<\/h3>\n\n\n<ul class=\"wp-block-latest-posts__list wp-block-latest-posts\"><li><a class=\"wp-block-latest-posts__post-title\" href=\"https:\/\/geziyoo.co\/blog\/yazin-karavanda-olmasi-gereken-ekipmanlar\/\">Yaz\u0131n Karavanda Olmas\u0131 Gereken Olmazsa Olmaz 7 Ekipman<\/a><\/li>\n<li><a class=\"wp-block-latest-posts__post-title\" href=\"https:\/\/geziyoo.co\/blog\/yazi-tura-oyunu\/\">Yaz\u0131 Tura Oyunu ile Seyahat Planlar\u0131n\u0131z\u0131 Kolayla\u015ft\u0131r\u0131n<\/a><\/li>\n<li><a class=\"wp-block-latest-posts__post-title\" href=\"https:\/\/geziyoo.co\/blog\/wide-path-camper-bisiklet-karavanlari\/\">Wide Path Camper Bisiklet Karavanlar\u0131<\/a><\/li>\n<\/ul>","protected":false},"excerpt":{"rendered":"<p>Karavan ile Yurtd\u0131\u015f\u0131na Nas\u0131l \u00c7\u0131k\u0131l\u0131r? 2026 Y\u0131l\u0131 Maliyeti Ne Kadar? i\u00e7eri\u011fimizde yurtd\u0131\u015f\u0131na karavan ile nas\u0131l seyahat edilece\u011fi , gerekli evraklar,maliyeti ve ipu\u00e7lar\u0131 var. Karavan ile seyahat, \u00f6zg\u00fcrl\u00fck hissi veren ve ke\u015ffetmenin keyfini ya\u015fatan harika bir macera olabilir. Bu yaz\u0131da, T\u00fcrkiye&#8217;den yurtd\u0131\u015f\u0131na karavan ile nas\u0131l seyahat edilece\u011fi ve neler yap\u0131lmas\u0131 gerekti\u011fi hakk\u0131nda bilgiler payla\u015faca\u011f\u0131z. \u0130\u00e7eri\u011fimize ilk &hellip;<\/p>\n","protected":false},"author":1,"featured_media":12415,"comment_status":"open","ping_status":"closed","sticky":false,"template":"","format":"standard","meta":{"footnotes":""},"categories":[33],"tags":[],"class_list":["post-12504","post","type-post","status-publish","format-standard","has-post-thumbnail","hentry","category-karavanipuclari"],"yoast_head":"<!-- This site is optimized with the Yoast SEO plugin v26.9 - https:\/\/yoast.com\/product\/yoast-seo-wordpress\/ -->\n<title>Karavan ile Yurtd\u0131\u015f\u0131na Nas\u0131l \u00c7\u0131k\u0131l\u0131r? 2026 Maliyeti Ne Kadar? | Geziyoo<\/title>\n<meta name=\"description\" content=\"Karavan ile Yurtd\u0131\u015f\u0131na Nas\u0131l \u00c7\u0131k\u0131l\u0131r? 2026 Y\u0131l\u0131 Maliyeti Ne Kadar? i\u00e7eri\u011fimizde yurtd\u0131\u015f\u0131na karavan ile nas\u0131l seyahat edilece\u011fi bilgiler var\" \/>\n<meta name=\"robots\" content=\"index, follow, max-snippet:-1, max-image-preview:large, max-video-preview:-1\" \/>\n<link rel=\"canonical\" href=\"https:\/\/geziyoo.co\/blog\/karavan-ile-yurtdisina-nasil-cikilir\/\" \/>\n<meta property=\"og:locale\" content=\"tr_TR\" \/>\n<meta property=\"og:type\" content=\"article\" \/>\n<meta property=\"og:title\" content=\"Karavan ile Yurtd\u0131\u015f\u0131na Nas\u0131l \u00c7\u0131k\u0131l\u0131r? 2026 Maliyeti Ne Kadar? | Geziyoo\" \/>\n<meta property=\"og:description\" content=\"Karavan ile Yurtd\u0131\u015f\u0131na Nas\u0131l \u00c7\u0131k\u0131l\u0131r? 2026 Y\u0131l\u0131 Maliyeti Ne Kadar? i\u00e7eri\u011fimizde yurtd\u0131\u015f\u0131na karavan ile nas\u0131l seyahat edilece\u011fi bilgiler var\" \/>\n<meta property=\"og:url\" content=\"https:\/\/geziyoo.co\/blog\/karavan-ile-yurtdisina-nasil-cikilir\/\" \/>\n<meta property=\"og:site_name\" content=\"Geziyoo.co\" \/>\n<meta property=\"article:publisher\" content=\"https:\/\/www.facebook.com\/Geziyooco\" \/>\n<meta property=\"article:author\" content=\"https:\/\/www.facebook.com\/geziyoo.co\" \/>\n<meta property=\"article:published_time\" content=\"2023-04-17T03:49:39+00:00\" \/>\n<meta property=\"article:modified_time\" content=\"2026-01-23T13:40:47+00:00\" \/>\n<meta property=\"og:image\" content=\"https:\/\/geziyoo.co\/blog\/wp-content\/uploads\/2023\/04\/Karavanlarda-Kullanilabilecek-Klima-Alternatifleri-scaled.jpg\" \/>\n\t<meta property=\"og:image:width\" content=\"1200\" \/>\n\t<meta property=\"og:image:height\" content=\"675\" \/>\n\t<meta property=\"og:image:type\" content=\"image\/jpeg\" \/>\n<meta name=\"author\" content=\"Geziyoo\" \/>\n<meta name=\"twitter:card\" content=\"summary_large_image\" \/>\n<meta name=\"twitter:creator\" content=\"@https:\/\/twitter.com\/geziyoo\" \/>\n<meta name=\"twitter:site\" content=\"@geziyoo\" \/>\n<meta name=\"twitter:label1\" content=\"Yazan:\" \/>\n\t<meta name=\"twitter:data1\" content=\"Geziyoo\" \/>\n\t<meta name=\"twitter:label2\" content=\"Tahmini okuma s\u00fcresi\" \/>\n\t<meta name=\"twitter:data2\" content=\"12 dakika\" \/>\n<script type=\"application\/ld+json\" class=\"yoast-schema-graph\">{\"@context\":\"https:\/\/schema.org\",\"@graph\":[{\"@type\":\"Article\",\"@id\":\"https:\/\/geziyoo.co\/blog\/karavan-ile-yurtdisina-nasil-cikilir\/#article\",\"isPartOf\":{\"@id\":\"https:\/\/geziyoo.co\/blog\/karavan-ile-yurtdisina-nasil-cikilir\/\"},\"author\":{\"name\":\"Geziyoo\",\"@id\":\"https:\/\/geziyoo.co\/blog\/#\/schema\/person\/032acb2436540ed14784e7d978aef0e4\"},\"headline\":\"Karavan ile Yurtd\u0131\u015f\u0131na Nas\u0131l \u00c7\u0131k\u0131l\u0131r? 2026 Y\u0131l\u0131 Maliyeti Ne Kadar?\",\"datePublished\":\"2023-04-17T03:49:39+00:00\",\"dateModified\":\"2026-01-23T13:40:47+00:00\",\"mainEntityOfPage\":{\"@id\":\"https:\/\/geziyoo.co\/blog\/karavan-ile-yurtdisina-nasil-cikilir\/\"},\"wordCount\":1979,\"commentCount\":0,\"publisher\":{\"@id\":\"https:\/\/geziyoo.co\/blog\/#organization\"},\"image\":{\"@id\":\"https:\/\/geziyoo.co\/blog\/karavan-ile-yurtdisina-nasil-cikilir\/#primaryimage\"},\"thumbnailUrl\":\"https:\/\/geziyoo.co\/blog\/wp-content\/uploads\/2023\/04\/Karavanlarda-Kullanilabilecek-Klima-Alternatifleri-scaled.jpg\",\"articleSection\":[\"Karavan \u0130pu\u00e7lar\u0131\"],\"inLanguage\":\"tr\",\"potentialAction\":[{\"@type\":\"CommentAction\",\"name\":\"Comment\",\"target\":[\"https:\/\/geziyoo.co\/blog\/karavan-ile-yurtdisina-nasil-cikilir\/#respond\"]}]},{\"@type\":\"WebPage\",\"@id\":\"https:\/\/geziyoo.co\/blog\/karavan-ile-yurtdisina-nasil-cikilir\/\",\"url\":\"https:\/\/geziyoo.co\/blog\/karavan-ile-yurtdisina-nasil-cikilir\/\",\"name\":\"Karavan ile Yurtd\u0131\u015f\u0131na Nas\u0131l \u00c7\u0131k\u0131l\u0131r? 2026 Maliyeti Ne Kadar? | Geziyoo\",\"isPartOf\":{\"@id\":\"https:\/\/geziyoo.co\/blog\/#website\"},\"primaryImageOfPage\":{\"@id\":\"https:\/\/geziyoo.co\/blog\/karavan-ile-yurtdisina-nasil-cikilir\/#primaryimage\"},\"image\":{\"@id\":\"https:\/\/geziyoo.co\/blog\/karavan-ile-yurtdisina-nasil-cikilir\/#primaryimage\"},\"thumbnailUrl\":\"https:\/\/geziyoo.co\/blog\/wp-content\/uploads\/2023\/04\/Karavanlarda-Kullanilabilecek-Klima-Alternatifleri-scaled.jpg\",\"datePublished\":\"2023-04-17T03:49:39+00:00\",\"dateModified\":\"2026-01-23T13:40:47+00:00\",\"description\":\"Karavan ile Yurtd\u0131\u015f\u0131na Nas\u0131l \u00c7\u0131k\u0131l\u0131r? 2026 Y\u0131l\u0131 Maliyeti Ne Kadar? i\u00e7eri\u011fimizde yurtd\u0131\u015f\u0131na karavan ile nas\u0131l seyahat edilece\u011fi bilgiler var\",\"breadcrumb\":{\"@id\":\"https:\/\/geziyoo.co\/blog\/karavan-ile-yurtdisina-nasil-cikilir\/#breadcrumb\"},\"inLanguage\":\"tr\",\"potentialAction\":[{\"@type\":\"ReadAction\",\"target\":[\"https:\/\/geziyoo.co\/blog\/karavan-ile-yurtdisina-nasil-cikilir\/\"]}]},{\"@type\":\"ImageObject\",\"inLanguage\":\"tr\",\"@id\":\"https:\/\/geziyoo.co\/blog\/karavan-ile-yurtdisina-nasil-cikilir\/#primaryimage\",\"url\":\"https:\/\/geziyoo.co\/blog\/wp-content\/uploads\/2023\/04\/Karavanlarda-Kullanilabilecek-Klima-Alternatifleri-scaled.jpg\",\"contentUrl\":\"https:\/\/geziyoo.co\/blog\/wp-content\/uploads\/2023\/04\/Karavanlarda-Kullanilabilecek-Klima-Alternatifleri-scaled.jpg\",\"width\":1200,\"height\":675},{\"@type\":\"BreadcrumbList\",\"@id\":\"https:\/\/geziyoo.co\/blog\/karavan-ile-yurtdisina-nasil-cikilir\/#breadcrumb\",\"itemListElement\":[{\"@type\":\"ListItem\",\"position\":1,\"name\":\"Ana sayfa\",\"item\":\"https:\/\/geziyoo.co\/blog\/\"},{\"@type\":\"ListItem\",\"position\":2,\"name\":\"Karavan ile Yurtd\u0131\u015f\u0131na Nas\u0131l \u00c7\u0131k\u0131l\u0131r? 2026 Y\u0131l\u0131 Maliyeti Ne Kadar?\"}]},{\"@type\":\"WebSite\",\"@id\":\"https:\/\/geziyoo.co\/blog\/#website\",\"url\":\"https:\/\/geziyoo.co\/blog\/\",\"name\":\"Geziyoo Blog\",\"description\":\"GeziYoo Blog&#039;da T\u00fcrkiye&#039;nin en iyi kamp alanlar\u0131ndan bungalov tatillerine, karavan ipu\u00e7lar\u0131ndan gezi rehberlerine kadar her t\u00fcrl\u00fc do\u011fa deneyimini ke\u015ffedin.\",\"publisher\":{\"@id\":\"https:\/\/geziyoo.co\/blog\/#organization\"},\"potentialAction\":[{\"@type\":\"SearchAction\",\"target\":{\"@type\":\"EntryPoint\",\"urlTemplate\":\"https:\/\/geziyoo.co\/blog\/?s={search_term_string}\"},\"query-input\":{\"@type\":\"PropertyValueSpecification\",\"valueRequired\":true,\"valueName\":\"search_term_string\"}}],\"inLanguage\":\"tr\"},{\"@type\":\"Organization\",\"@id\":\"https:\/\/geziyoo.co\/blog\/#organization\",\"name\":\"Geziyoo.co\",\"url\":\"https:\/\/geziyoo.co\/blog\/\",\"logo\":{\"@type\":\"ImageObject\",\"inLanguage\":\"tr\",\"@id\":\"https:\/\/geziyoo.co\/blog\/#\/schema\/logo\/image\/\",\"url\":\"https:\/\/geziyoo.co\/blog\/wp-content\/uploads\/2025\/01\/Paragraf-metniniz-3.png\",\"contentUrl\":\"https:\/\/geziyoo.co\/blog\/wp-content\/uploads\/2025\/01\/Paragraf-metniniz-3.png\",\"width\":270,\"height\":50,\"caption\":\"Geziyoo.co\"},\"image\":{\"@id\":\"https:\/\/geziyoo.co\/blog\/#\/schema\/logo\/image\/\"},\"sameAs\":[\"https:\/\/www.facebook.com\/Geziyooco\",\"https:\/\/x.com\/geziyoo\",\"https:\/\/tr.pinterest.com\/geziyooco\/\",\"https:\/\/www.youtube.com\/@geziyoo\",\"https:\/\/www.instagram.com\/geziyoo.co\/\"]},{\"@type\":\"Person\",\"@id\":\"https:\/\/geziyoo.co\/blog\/#\/schema\/person\/032acb2436540ed14784e7d978aef0e4\",\"name\":\"Geziyoo\",\"image\":{\"@type\":\"ImageObject\",\"inLanguage\":\"tr\",\"@id\":\"https:\/\/geziyoo.co\/blog\/#\/schema\/person\/image\/\",\"url\":\"https:\/\/secure.gravatar.com\/avatar\/ae212a4514471fdb8cab6e5af4f3c99b940a2d0a16713ea0392c8d7c8a64f30a?s=96&d=mm&r=g\",\"contentUrl\":\"https:\/\/secure.gravatar.com\/avatar\/ae212a4514471fdb8cab6e5af4f3c99b940a2d0a16713ea0392c8d7c8a64f30a?s=96&d=mm&r=g\",\"caption\":\"Geziyoo\"},\"description\":\"Do\u011fa ile i\u00e7 i\u00e7e olabilece\u011finiz yerler,do\u011fa aktivite alanlar\u0131,kamp alanlar\u0131,bungalov oteller,Tiny House Oteller, Galampingler ve da\u011f evlerinin herkes i\u00e7in ula\u015f\u0131labilir olmas\u0131n\u0131 sa\u011flamak amac\u0131yla Geziyoo\u2019ya 2019 y\u0131l\u0131nda ba\u015flad\u0131k.Do\u011fal Tatil konseptini uygulayan en geni\u015f kapsaml\u0131 sitedir.\",\"sameAs\":[\"https:\/\/geziyoo.co\/\",\"https:\/\/www.facebook.com\/geziyoo.co\",\"https:\/\/www.instagram.com\/geziyoo.co\/\",\"https:\/\/tr.pinterest.com\/geziyooco\/\",\"https:\/\/x.com\/https:\/\/twitter.com\/geziyoo\",\"https:\/\/www.youtube.com\/channel\/UCdiSMa6pe17KEY7DP1Ug4ag\"]}]}<\/script>\n<!-- \/ Yoast SEO plugin. -->","yoast_head_json":{"title":"Karavan ile Yurtd\u0131\u015f\u0131na Nas\u0131l \u00c7\u0131k\u0131l\u0131r? 2026 Maliyeti Ne Kadar? | Geziyoo","description":"Karavan ile Yurtd\u0131\u015f\u0131na Nas\u0131l \u00c7\u0131k\u0131l\u0131r? 2026 Y\u0131l\u0131 Maliyeti Ne Kadar? i\u00e7eri\u011fimizde yurtd\u0131\u015f\u0131na karavan ile nas\u0131l seyahat edilece\u011fi bilgiler var","robots":{"index":"index","follow":"follow","max-snippet":"max-snippet:-1","max-image-preview":"max-image-preview:large","max-video-preview":"max-video-preview:-1"},"canonical":"https:\/\/geziyoo.co\/blog\/karavan-ile-yurtdisina-nasil-cikilir\/","og_locale":"tr_TR","og_type":"article","og_title":"Karavan ile Yurtd\u0131\u015f\u0131na Nas\u0131l \u00c7\u0131k\u0131l\u0131r? 2026 Maliyeti Ne Kadar? | Geziyoo","og_description":"Karavan ile Yurtd\u0131\u015f\u0131na Nas\u0131l \u00c7\u0131k\u0131l\u0131r? 2026 Y\u0131l\u0131 Maliyeti Ne Kadar? i\u00e7eri\u011fimizde yurtd\u0131\u015f\u0131na karavan ile nas\u0131l seyahat edilece\u011fi bilgiler var","og_url":"https:\/\/geziyoo.co\/blog\/karavan-ile-yurtdisina-nasil-cikilir\/","og_site_name":"Geziyoo.co","article_publisher":"https:\/\/www.facebook.com\/Geziyooco","article_author":"https:\/\/www.facebook.com\/geziyoo.co","article_published_time":"2023-04-17T03:49:39+00:00","article_modified_time":"2026-01-23T13:40:47+00:00","og_image":[{"width":1200,"height":675,"url":"https:\/\/geziyoo.co\/blog\/wp-content\/uploads\/2023\/04\/Karavanlarda-Kullanilabilecek-Klima-Alternatifleri-scaled.jpg","type":"image\/jpeg"}],"author":"Geziyoo","twitter_card":"summary_large_image","twitter_creator":"@https:\/\/twitter.com\/geziyoo","twitter_site":"@geziyoo","twitter_misc":{"Yazan:":"Geziyoo","Tahmini okuma s\u00fcresi":"12 dakika"},"schema":{"@context":"https:\/\/schema.org","@graph":[{"@type":"Article","@id":"https:\/\/geziyoo.co\/blog\/karavan-ile-yurtdisina-nasil-cikilir\/#article","isPartOf":{"@id":"https:\/\/geziyoo.co\/blog\/karavan-ile-yurtdisina-nasil-cikilir\/"},"author":{"name":"Geziyoo","@id":"https:\/\/geziyoo.co\/blog\/#\/schema\/person\/032acb2436540ed14784e7d978aef0e4"},"headline":"Karavan ile Yurtd\u0131\u015f\u0131na Nas\u0131l \u00c7\u0131k\u0131l\u0131r? 2026 Y\u0131l\u0131 Maliyeti Ne Kadar?","datePublished":"2023-04-17T03:49:39+00:00","dateModified":"2026-01-23T13:40:47+00:00","mainEntityOfPage":{"@id":"https:\/\/geziyoo.co\/blog\/karavan-ile-yurtdisina-nasil-cikilir\/"},"wordCount":1979,"commentCount":0,"publisher":{"@id":"https:\/\/geziyoo.co\/blog\/#organization"},"image":{"@id":"https:\/\/geziyoo.co\/blog\/karavan-ile-yurtdisina-nasil-cikilir\/#primaryimage"},"thumbnailUrl":"https:\/\/geziyoo.co\/blog\/wp-content\/uploads\/2023\/04\/Karavanlarda-Kullanilabilecek-Klima-Alternatifleri-scaled.jpg","articleSection":["Karavan \u0130pu\u00e7lar\u0131"],"inLanguage":"tr","potentialAction":[{"@type":"CommentAction","name":"Comment","target":["https:\/\/geziyoo.co\/blog\/karavan-ile-yurtdisina-nasil-cikilir\/#respond"]}]},{"@type":"WebPage","@id":"https:\/\/geziyoo.co\/blog\/karavan-ile-yurtdisina-nasil-cikilir\/","url":"https:\/\/geziyoo.co\/blog\/karavan-ile-yurtdisina-nasil-cikilir\/","name":"Karavan ile Yurtd\u0131\u015f\u0131na Nas\u0131l \u00c7\u0131k\u0131l\u0131r? 2026 Maliyeti Ne Kadar? | Geziyoo","isPartOf":{"@id":"https:\/\/geziyoo.co\/blog\/#website"},"primaryImageOfPage":{"@id":"https:\/\/geziyoo.co\/blog\/karavan-ile-yurtdisina-nasil-cikilir\/#primaryimage"},"image":{"@id":"https:\/\/geziyoo.co\/blog\/karavan-ile-yurtdisina-nasil-cikilir\/#primaryimage"},"thumbnailUrl":"https:\/\/geziyoo.co\/blog\/wp-content\/uploads\/2023\/04\/Karavanlarda-Kullanilabilecek-Klima-Alternatifleri-scaled.jpg","datePublished":"2023-04-17T03:49:39+00:00","dateModified":"2026-01-23T13:40:47+00:00","description":"Karavan ile Yurtd\u0131\u015f\u0131na Nas\u0131l \u00c7\u0131k\u0131l\u0131r? 2026 Y\u0131l\u0131 Maliyeti Ne Kadar? i\u00e7eri\u011fimizde yurtd\u0131\u015f\u0131na karavan ile nas\u0131l seyahat edilece\u011fi bilgiler var","breadcrumb":{"@id":"https:\/\/geziyoo.co\/blog\/karavan-ile-yurtdisina-nasil-cikilir\/#breadcrumb"},"inLanguage":"tr","potentialAction":[{"@type":"ReadAction","target":["https:\/\/geziyoo.co\/blog\/karavan-ile-yurtdisina-nasil-cikilir\/"]}]},{"@type":"ImageObject","inLanguage":"tr","@id":"https:\/\/geziyoo.co\/blog\/karavan-ile-yurtdisina-nasil-cikilir\/#primaryimage","url":"https:\/\/geziyoo.co\/blog\/wp-content\/uploads\/2023\/04\/Karavanlarda-Kullanilabilecek-Klima-Alternatifleri-scaled.jpg","contentUrl":"https:\/\/geziyoo.co\/blog\/wp-content\/uploads\/2023\/04\/Karavanlarda-Kullanilabilecek-Klima-Alternatifleri-scaled.jpg","width":1200,"height":675},{"@type":"BreadcrumbList","@id":"https:\/\/geziyoo.co\/blog\/karavan-ile-yurtdisina-nasil-cikilir\/#breadcrumb","itemListElement":[{"@type":"ListItem","position":1,"name":"Ana sayfa","item":"https:\/\/geziyoo.co\/blog\/"},{"@type":"ListItem","position":2,"name":"Karavan ile Yurtd\u0131\u015f\u0131na Nas\u0131l \u00c7\u0131k\u0131l\u0131r? 2026 Y\u0131l\u0131 Maliyeti Ne Kadar?"}]},{"@type":"WebSite","@id":"https:\/\/geziyoo.co\/blog\/#website","url":"https:\/\/geziyoo.co\/blog\/","name":"Geziyoo Blog","description":"GeziYoo Blog&#039;da T\u00fcrkiye&#039;nin en iyi kamp alanlar\u0131ndan bungalov tatillerine, karavan ipu\u00e7lar\u0131ndan gezi rehberlerine kadar her t\u00fcrl\u00fc do\u011fa deneyimini ke\u015ffedin.","publisher":{"@id":"https:\/\/geziyoo.co\/blog\/#organization"},"potentialAction":[{"@type":"SearchAction","target":{"@type":"EntryPoint","urlTemplate":"https:\/\/geziyoo.co\/blog\/?s={search_term_string}"},"query-input":{"@type":"PropertyValueSpecification","valueRequired":true,"valueName":"search_term_string"}}],"inLanguage":"tr"},{"@type":"Organization","@id":"https:\/\/geziyoo.co\/blog\/#organization","name":"Geziyoo.co","url":"https:\/\/geziyoo.co\/blog\/","logo":{"@type":"ImageObject","inLanguage":"tr","@id":"https:\/\/geziyoo.co\/blog\/#\/schema\/logo\/image\/","url":"https:\/\/geziyoo.co\/blog\/wp-content\/uploads\/2025\/01\/Paragraf-metniniz-3.png","contentUrl":"https:\/\/geziyoo.co\/blog\/wp-content\/uploads\/2025\/01\/Paragraf-metniniz-3.png","width":270,"height":50,"caption":"Geziyoo.co"},"image":{"@id":"https:\/\/geziyoo.co\/blog\/#\/schema\/logo\/image\/"},"sameAs":["https:\/\/www.facebook.com\/Geziyooco","https:\/\/x.com\/geziyoo","https:\/\/tr.pinterest.com\/geziyooco\/","https:\/\/www.youtube.com\/@geziyoo","https:\/\/www.instagram.com\/geziyoo.co\/"]},{"@type":"Person","@id":"https:\/\/geziyoo.co\/blog\/#\/schema\/person\/032acb2436540ed14784e7d978aef0e4","name":"Geziyoo","image":{"@type":"ImageObject","inLanguage":"tr","@id":"https:\/\/geziyoo.co\/blog\/#\/schema\/person\/image\/","url":"https:\/\/secure.gravatar.com\/avatar\/ae212a4514471fdb8cab6e5af4f3c99b940a2d0a16713ea0392c8d7c8a64f30a?s=96&d=mm&r=g","contentUrl":"https:\/\/secure.gravatar.com\/avatar\/ae212a4514471fdb8cab6e5af4f3c99b940a2d0a16713ea0392c8d7c8a64f30a?s=96&d=mm&r=g","caption":"Geziyoo"},"description":"Do\u011fa ile i\u00e7 i\u00e7e olabilece\u011finiz yerler,do\u011fa aktivite alanlar\u0131,kamp alanlar\u0131,bungalov oteller,Tiny House Oteller, Galampingler ve da\u011f evlerinin herkes i\u00e7in ula\u015f\u0131labilir olmas\u0131n\u0131 sa\u011flamak amac\u0131yla Geziyoo\u2019ya 2019 y\u0131l\u0131nda ba\u015flad\u0131k.Do\u011fal Tatil konseptini uygulayan en geni\u015f kapsaml\u0131 sitedir.","sameAs":["https:\/\/geziyoo.co\/","https:\/\/www.facebook.com\/geziyoo.co","https:\/\/www.instagram.com\/geziyoo.co\/","https:\/\/tr.pinterest.com\/geziyooco\/","https:\/\/x.com\/https:\/\/twitter.com\/geziyoo","https:\/\/www.youtube.com\/channel\/UCdiSMa6pe17KEY7DP1Ug4ag"]}]}},"amp_enabled":true,"_links":{"self":[{"href":"https:\/\/geziyoo.co\/blog\/wp-json\/wp\/v2\/posts\/12504","targetHints":{"allow":["GET"]}}],"collection":[{"href":"https:\/\/geziyoo.co\/blog\/wp-json\/wp\/v2\/posts"}],"about":[{"href":"https:\/\/geziyoo.co\/blog\/wp-json\/wp\/v2\/types\/post"}],"author":[{"embeddable":true,"href":"https:\/\/geziyoo.co\/blog\/wp-json\/wp\/v2\/users\/1"}],"replies":[{"embeddable":true,"href":"https:\/\/geziyoo.co\/blog\/wp-json\/wp\/v2\/comments?post=12504"}],"version-history":[{"count":0,"href":"https:\/\/geziyoo.co\/blog\/wp-json\/wp\/v2\/posts\/12504\/revisions"}],"wp:featuredmedia":[{"embeddable":true,"href":"https:\/\/geziyoo.co\/blog\/wp-json\/wp\/v2\/media\/12415"}],"wp:attachment":[{"href":"https:\/\/geziyoo.co\/blog\/wp-json\/wp\/v2\/media?parent=12504"}],"wp:term":[{"taxonomy":"category","embeddable":true,"href":"https:\/\/geziyoo.co\/blog\/wp-json\/wp\/v2\/categories?post=12504"},{"taxonomy":"post_tag","embeddable":true,"href":"https:\/\/geziyoo.co\/blog\/wp-json\/wp\/v2\/tags?post=12504"}],"curies":[{"name":"wp","href":"https:\/\/api.w.org\/{rel}","templated":true}]}}