{"id":12452,"date":"2023-04-16T13:47:03","date_gmt":"2023-04-16T13:47:03","guid":{"rendered":"https:\/\/geziyoo.co\/blog\/?p=12452"},"modified":"2026-01-23T13:37:24","modified_gmt":"2026-01-23T13:37:24","slug":"karavanlar-koprulerden-ve-normal-yollardan-gecebilir-mi","status":"publish","type":"post","link":"https:\/\/geziyoo.co\/blog\/karavanlar-koprulerden-ve-normal-yollardan-gecebilir-mi\/","title":{"rendered":"Karavanlar K\u00f6pr\u00fclerden ve Normal Yollardan Ge\u00e7ebilir mi?"},"content":{"rendered":"\n<p><strong>Karavanlar K\u00f6pr\u00fclerden ve Normal Yollardan Ge\u00e7ebilir mi? i\u00e7eri\u011fimizden herkese merhabalar bu i\u00e7eriimizde karavanlar\u0131n  normal yollardan ve k\u00f6pr\u00fclerden ge\u00e7ip ge\u00e7emeyece\u011fini aktaraca\u011f\u0131z.<\/strong><\/p>\n\n\n\n<p>Karavanlar, turizm sekt\u00f6r\u00fcnde s\u0131kl\u0131kla kullan\u0131lan ara\u00e7lard\u0131r ve tatilcilerin konforlu bir \u015fekilde seyahat etmesine yard\u0131mc\u0131 olurlar. Karavanlar, konaklama ve yemek gibi ihtiya\u00e7lar\u0131 kar\u015f\u0131lamak i\u00e7in tasarlanm\u0131\u015ft\u0131r ve genellikle uzun yolculuklar i\u00e7in kullan\u0131l\u0131r.<\/p>\n\n\n\n<p>Ancak, bu ara\u00e7lar\u0131n normal yollardan ge\u00e7ebilece\u011fi gibi k\u00f6pr\u00fclerden de ge\u00e7ebilmesi i\u00e7in birtak\u0131m \u00f6zelliklere sahip olmas\u0131 gerekmektedir.<\/p>\n\n\n\n<p>Karavanlar\u0131n normal yollardan ge\u00e7ebilmesi i\u00e7in, s\u00fcr\u00fcc\u00fclerin baz\u0131 kurallara uymas\u0131 gerekmektedir. \u00d6ncelikle, arac\u0131n boyutlar\u0131na ve a\u011f\u0131rl\u0131\u011f\u0131na g\u00f6re uygun bir s\u00fcr\u00fc\u015f yolu se\u00e7ilmelidir. Ayr\u0131ca, karavan\u0131n lastiklerinin do\u011fru bir \u015fekilde \u015fi\u015firilmi\u015f oldu\u011fundan emin olunmal\u0131 ve frenlerin d\u00fczg\u00fcn \u00e7al\u0131\u015ft\u0131\u011f\u0131ndan emin olunmal\u0131d\u0131r.<\/p>\n\n\n\n<blockquote class=\"wp-block-quote quote-solid has-white-color has-pale-pink-background-color has-text-color has-background is-layout-flow wp-block-quote quote-solid-is-layout-flow\">\n<p class=\"has-cyan-bluish-gray-background-color has-background\"><strong>NOT:K\u00f6pr\u00fclerden ve otoyollardan ge\u00e7erken HGS&#8217;ye ihtiyac\u0131n\u0131z olacakt\u0131r.<em><a href=\"https:\/\/geziyoo.co\/blog\/cekme-karavanlarda-hgs-nasil-oluyor\/\" data-type=\"post\" data-id=\"12551\">Karavanlarda HGS nas\u0131l oluyor<\/a><\/em> sayfam\u0131za bakarak detayl\u0131 bilgilere ula\u015fabilirsiniz.<\/strong><\/p>\n<\/blockquote>\n\n\n\n<hr class=\"wp-block-separator has-alpha-channel-opacity is-style-wide\"\/>\n\n\n\n<h2 class=\"wp-block-heading\">Karavanlar K\u00f6pr\u00fclerden ve Normal Yollardan Ge\u00e7ebilir mi?<\/h2>\n\n\n\n<figure class=\"wp-block-image size-large\"><img decoding=\"async\" width=\"1024\" height=\"759\" data-src=\"https:\/\/geziyoo.co\/blog\/wp-content\/uploads\/2023\/06\/Ford-Transit-Karavan-1-1024x759.png\" alt=\"\" class=\"wp-image-13092 lazyload\" data-srcset=\"https:\/\/geziyoo.co\/blog\/wp-content\/uploads\/2023\/06\/Ford-Transit-Karavan-1-1024x759.png 1024w, https:\/\/geziyoo.co\/blog\/wp-content\/uploads\/2023\/06\/Ford-Transit-Karavan-1-300x222.png 300w, https:\/\/geziyoo.co\/blog\/wp-content\/uploads\/2023\/06\/Ford-Transit-Karavan-1-768x569.png 768w, https:\/\/geziyoo.co\/blog\/wp-content\/uploads\/2023\/06\/Ford-Transit-Karavan-1.png 1079w\" data-sizes=\"(max-width: 1024px) 100vw, 1024px\" src=\"data:image\/gif;base64,R0lGODlhAQABAAAAACH5BAEKAAEALAAAAAABAAEAAAICTAEAOw==\" style=\"--smush-placeholder-width: 1024px; --smush-placeholder-aspect-ratio: 1024\/759;\" \/><\/figure>\n\n\n\n<p><strong>Karavanlar, normal yollardan ge\u00e7ebildi\u011fi gibi k\u00f6pr\u00fclerden de ge\u00e7ebilirler. Ancak, s\u00fcr\u00fcc\u00fclerin baz\u0131 kurallara uymalar\u0131 ve ara\u00e7lar\u0131n baz\u0131 \u00f6zelliklere sahip olmalar\u0131 gerekmektedir. <\/strong>Karavan s\u00fcr\u00fcc\u00fcleri, normal yollarda trafik kurallar\u0131na uymak, h\u0131z limitlerine uymak ve emniyet kurallar\u0131na uymak gibi temel kurallara uymal\u0131d\u0131r.<\/p>\n\n\n\n<p>Karavanlar, normal yollarda seyahat ederken, trafik kurallar\u0131na uymak, h\u0131z limitlerine uymak ve emniyet kemeri takmak gibi temel kurallara uymak da \u00f6nemlidir.<\/p>\n\n\n\n<p>Karavanlar\u0131n k\u00f6pr\u00fclerden ge\u00e7ebilmesi i\u00e7inse, baz\u0131 \u00f6zelliklere sahip olmas\u0131 gerekmektedir. \u00d6ncelikle, k\u00f6pr\u00fclerin y\u00fck kapasitelerine uygun olup olmad\u0131\u011f\u0131na dikkat edilmelidir. Y\u00fckseklik, geni\u015flik ve a\u011f\u0131rl\u0131k limitlerine uygun bir karavan se\u00e7ilmelidir. K\u00f6pr\u00fcler, belirli bir a\u011f\u0131rl\u0131k kapasitesine sahiptir ve bu kapasitenin \u00fczerinde olan ara\u00e7lar k\u00f6pr\u00fcleri hasara u\u011fratabilirler.<\/p>\n\n\n\n<p>Bunun yan\u0131 s\u0131ra, karavan\u0131n stabilitesi de k\u00f6pr\u00fclerde \u00f6nemlidir. K\u00f6pr\u00fcler, genellikle r\u00fczgar\u0131n etkisi alt\u0131ndad\u0131r ve bu nedenle karavan\u0131n r\u00fczgara kar\u015f\u0131 dayan\u0131kl\u0131 olmas\u0131 gerekmektedir. Karavanlar\u0131n uzunlu\u011fu, geni\u015fli\u011fi ve y\u00fcksekli\u011fi de k\u00f6pr\u00fclerde \u00f6nemlidir. \u00d6zellikle dar ve y\u00fcksek k\u00f6pr\u00fclerde, karavan\u0131n boyutlar\u0131na uygun bir ara\u00e7 se\u00e7ilmelidir.<\/p>\n\n\n\n<figure class=\"wp-block-image size-large\"><img decoding=\"async\" width=\"1024\" height=\"683\" data-src=\"https:\/\/geziyoo.co\/blog\/wp-content\/uploads\/2023\/04\/Karavanla-Seyahat-Etmenin-Avantajlari-Nelerdir-1024x683.png\" alt=\"\" class=\"wp-image-12313 lazyload\" data-srcset=\"https:\/\/geziyoo.co\/blog\/wp-content\/uploads\/2023\/04\/Karavanla-Seyahat-Etmenin-Avantajlari-Nelerdir-1024x683.png 1024w, https:\/\/geziyoo.co\/blog\/wp-content\/uploads\/2023\/04\/Karavanla-Seyahat-Etmenin-Avantajlari-Nelerdir-300x200.png 300w, https:\/\/geziyoo.co\/blog\/wp-content\/uploads\/2023\/04\/Karavanla-Seyahat-Etmenin-Avantajlari-Nelerdir-768x512.png 768w, https:\/\/geziyoo.co\/blog\/wp-content\/uploads\/2023\/04\/Karavanla-Seyahat-Etmenin-Avantajlari-Nelerdir.png 1200w\" data-sizes=\"(max-width: 1024px) 100vw, 1024px\" src=\"data:image\/gif;base64,R0lGODlhAQABAAAAACH5BAEKAAEALAAAAAABAAEAAAICTAEAOw==\" style=\"--smush-placeholder-width: 1024px; --smush-placeholder-aspect-ratio: 1024\/683;\" \/><figcaption class=\"wp-element-caption\">Karavanlar K\u00f6pr\u00fclerden ve Normal Yollardan Ge\u00e7ebilir mi?<\/figcaption><\/figure>\n\n\n\n<p>K\u00f6pr\u00fclerde ise, y\u00fck kapasitelerine uygun bir ara\u00e7 se\u00e7mek, r\u00fczgara kar\u015f\u0131 dayan\u0131kl\u0131 bir ara\u00e7 se\u00e7mek ve k\u00f6pr\u00fc boyutlar\u0131na uygun bir ara\u00e7 se\u00e7mek gerekmektedir. Ayr\u0131ca, k\u00f6pr\u00fclerdeki trafik i\u015faretlerine uygun hareket etmek ve di\u011fer s\u00fcr\u00fcc\u00fclerin g\u00fcvenli\u011fi i\u00e7in dikkatli olmak da \u00f6nemlidir.<\/p>\n\n\n\n<p>Karavanlar\u0131n k\u00f6pr\u00fclerden ge\u00e7ebilmesi i\u00e7in baz\u0131 k\u00f6pr\u00fclerde \u00f6zel izinler gerekebilir. \u00d6zellikle tarihi k\u00f6pr\u00fcler veya \u00f6zel koruma alt\u0131nda olan k\u00f6pr\u00fcler, belirli a\u011f\u0131rl\u0131k ve boyut s\u0131n\u0131rlamalar\u0131na sahip olabilirler.<\/p>\n\n\n\n<p>Bu nedenle, karavan s\u00fcr\u00fcc\u00fcleri \u00f6nceden ilgili kurumlarla ileti\u015fime ge\u00e7erek izinlerini almal\u0131 ve belirli kurallara uymal\u0131d\u0131r.<\/p>\n\n\n\n<blockquote class=\"wp-block-quote quote-solid is-layout-flow wp-block-quote quote-solid-is-layout-flow\">\n<p><em>Burada araya girelim.Bu tarz konular ilginizi \u00e7ekiyor ise&nbsp;<strong><em><a href=\"https:\/\/geziyoo.co\/blog\/karavan-rehberi\/\">KARAVAN \u0130PU\u00c7LARI<\/a><\/em><\/strong>&nbsp;ve&nbsp;<strong><em><a href=\"https:\/\/geziyoo.co\/blog\/kamp-kamp-onerileri\/\">KAMP \u0130PU\u00c7LARI<\/a><\/em><\/strong>&nbsp;i\u00e7eri\u011fimize bakman\u0131z\u0131 \u00f6neririz.<\/em><\/p>\n<\/blockquote>\n\n\n\n<p>Karavanlar normal yollardan ge\u00e7ebildi\u011fi gibi k\u00f6pr\u00fclerden de ge\u00e7ebilirler. Ancak, s\u00fcr\u00fcc\u00fclerin ve karavanlar\u0131n belirli \u00f6zelliklere sahip olmalar\u0131 gerekmektedir.<\/p>\n\n\n\n<p>Karavan s\u00fcr\u00fcc\u00fcleri, normal yollarda trafik kurallar\u0131na uymak, h\u0131z limitlerine uymak ve emniyet kurallar\u0131na uymak gibi temel kurallara uymal\u0131d\u0131r.<\/p>\n\n\n\n<p>K\u00f6pr\u00fclerde ise, y\u00fck kapasitelerine uygun bir ara\u00e7 se\u00e7mek, r\u00fczgara kar\u015f\u0131 dayan\u0131kl\u0131 bir ara\u00e7 se\u00e7mek ve k\u00f6pr\u00fc boyutlar\u0131na uygun bir ara\u00e7 se\u00e7mek gerekmektedir.<\/p>\n\n\n\n<p><strong>Karavanlar K\u00f6pr\u00fclerden ve Normal Yollardan Ge\u00e7ebilir mi?<\/strong>&nbsp;i\u00e7eri\u011fimizin sonuna geldik.Umar\u0131z bir an \u00f6nce karavan\u0131n\u0131z\u0131 al\u0131r yada yapar ve yollara d\u00fc\u015fersiniz.Yollarda sizinle birlikte olabilmek i\u00e7in bir \u00e7ok karavan kamp alan\u0131na yer verdik.<strong><em><a href=\"https:\/\/geziyoo.co\/listing-category\/turkiye-karavan-alanlari-ve-parklari\/\">KARAVAN KAMP YERLER\u0130<\/a><\/em><\/strong>&nbsp;sayfam\u0131za bakarak bir \u00e7ok ke\u015ffedilmemi\u015f yeri ke\u015ffedebilirsiniz.<\/p>\n\n\n\n<hr class=\"wp-block-separator has-css-opacity is-style-wide\"\/>\n\n\n\n<h3 class=\"wp-block-heading\">Bunlar\u0131 da Sevebilirsiniz;<\/h3>\n\n\n<ul class=\"wp-block-latest-posts__list wp-block-latest-posts\"><li><a class=\"wp-block-latest-posts__post-title\" href=\"https:\/\/geziyoo.co\/blog\/karavan-yemegi-menusu-planlayicisi\/\">Karavan Yeme\u011fi Men\u00fcs\u00fc Planlay\u0131c\u0131s\u0131<\/a><\/li>\n<li><a class=\"wp-block-latest-posts__post-title\" href=\"https:\/\/geziyoo.co\/blog\/karavan-agirlik-merkezi-ve-yuk-hesaplama-araci\/\">Karavan A\u011f\u0131rl\u0131k Merkezi ve Y\u00fck Hesaplama Arac\u0131<\/a><\/li>\n<li><a class=\"wp-block-latest-posts__post-title\" href=\"https:\/\/geziyoo.co\/blog\/o1-belgeli-karavanlarin-tescili-zorunlu-mu\/\">O1 Kategorisi Karavan ve R\u00f6morklar\u0131n Tescili Zorunlu Oldu<\/a><\/li>\n<\/ul>","protected":false},"excerpt":{"rendered":"<p>Karavanlar K\u00f6pr\u00fclerden ve Normal Yollardan Ge\u00e7ebilir mi? i\u00e7eri\u011fimizden herkese merhabalar bu i\u00e7eriimizde karavanlar\u0131n normal yollardan ve k\u00f6pr\u00fclerden ge\u00e7ip ge\u00e7emeyece\u011fini aktaraca\u011f\u0131z. Karavanlar, turizm sekt\u00f6r\u00fcnde s\u0131kl\u0131kla kullan\u0131lan ara\u00e7lard\u0131r ve tatilcilerin konforlu bir \u015fekilde seyahat etmesine yard\u0131mc\u0131 olurlar. Karavanlar, konaklama ve yemek gibi ihtiya\u00e7lar\u0131 kar\u015f\u0131lamak i\u00e7in tasarlanm\u0131\u015ft\u0131r ve genellikle uzun yolculuklar i\u00e7in kullan\u0131l\u0131r. Ancak, bu ara\u00e7lar\u0131n normal yollardan &hellip;<\/p>\n","protected":false},"author":1,"featured_media":12453,"comment_status":"open","ping_status":"closed","sticky":false,"template":"","format":"standard","meta":{"footnotes":""},"categories":[33],"tags":[],"class_list":["post-12452","post","type-post","status-publish","format-standard","has-post-thumbnail","hentry","category-karavanipuclari"],"yoast_head":"<!-- This site is optimized with the Yoast SEO plugin v26.9 - https:\/\/yoast.com\/product\/yoast-seo-wordpress\/ -->\n<title>Karavanlar K\u00f6pr\u00fclerden, Yollardan Ge\u00e7ebilir mi? | Geziyoo<\/title>\n<meta name=\"description\" content=\"Karavanlar K\u00f6pr\u00fclerden ve Normal Yollardan Ge\u00e7ebilir mi? i\u00e7eri\u011fimizda \u00e7ekme ve moto karavanlar\u0131n k\u00f6pr\u00fcden ge\u00e7ebilirmi sorusunu cevaplayaca\u011f\u0131z\" \/>\n<meta name=\"robots\" content=\"index, follow, max-snippet:-1, max-image-preview:large, max-video-preview:-1\" \/>\n<link rel=\"canonical\" href=\"https:\/\/geziyoo.co\/blog\/karavanlar-koprulerden-ve-normal-yollardan-gecebilir-mi\/\" \/>\n<meta property=\"og:locale\" content=\"tr_TR\" \/>\n<meta property=\"og:type\" content=\"article\" \/>\n<meta property=\"og:title\" content=\"Karavanlar K\u00f6pr\u00fclerden, Yollardan Ge\u00e7ebilir mi? | Geziyoo\" \/>\n<meta property=\"og:description\" content=\"Karavanlar K\u00f6pr\u00fclerden ve Normal Yollardan Ge\u00e7ebilir mi? i\u00e7eri\u011fimizda \u00e7ekme ve moto karavanlar\u0131n k\u00f6pr\u00fcden ge\u00e7ebilirmi sorusunu cevaplayaca\u011f\u0131z\" \/>\n<meta property=\"og:url\" content=\"https:\/\/geziyoo.co\/blog\/karavanlar-koprulerden-ve-normal-yollardan-gecebilir-mi\/\" \/>\n<meta property=\"og:site_name\" content=\"Geziyoo.co\" \/>\n<meta property=\"article:publisher\" content=\"https:\/\/www.facebook.com\/Geziyooco\" \/>\n<meta property=\"article:author\" content=\"https:\/\/www.facebook.com\/geziyoo.co\" \/>\n<meta property=\"article:published_time\" content=\"2023-04-16T13:47:03+00:00\" \/>\n<meta property=\"article:modified_time\" content=\"2026-01-23T13:37:24+00:00\" \/>\n<meta property=\"og:image\" content=\"https:\/\/geziyoo.co\/blog\/wp-content\/uploads\/2023\/04\/Karavanlar-Koprulerden-ve-Normal-Yollardan-Gecebilir-mi.jpg\" \/>\n\t<meta property=\"og:image:width\" content=\"1200\" \/>\n\t<meta property=\"og:image:height\" content=\"675\" \/>\n\t<meta property=\"og:image:type\" content=\"image\/jpeg\" \/>\n<meta name=\"author\" content=\"Geziyoo\" \/>\n<meta name=\"twitter:card\" content=\"summary_large_image\" \/>\n<meta name=\"twitter:creator\" content=\"@https:\/\/twitter.com\/geziyoo\" \/>\n<meta name=\"twitter:site\" content=\"@geziyoo\" \/>\n<meta name=\"twitter:label1\" content=\"Yazan:\" \/>\n\t<meta name=\"twitter:data1\" content=\"Geziyoo\" \/>\n\t<meta name=\"twitter:label2\" content=\"Tahmini okuma s\u00fcresi\" \/>\n\t<meta name=\"twitter:data2\" content=\"4 dakika\" \/>\n<script type=\"application\/ld+json\" class=\"yoast-schema-graph\">{\"@context\":\"https:\/\/schema.org\",\"@graph\":[{\"@type\":\"Article\",\"@id\":\"https:\/\/geziyoo.co\/blog\/karavanlar-koprulerden-ve-normal-yollardan-gecebilir-mi\/#article\",\"isPartOf\":{\"@id\":\"https:\/\/geziyoo.co\/blog\/karavanlar-koprulerden-ve-normal-yollardan-gecebilir-mi\/\"},\"author\":{\"name\":\"Geziyoo\",\"@id\":\"https:\/\/geziyoo.co\/blog\/#\/schema\/person\/032acb2436540ed14784e7d978aef0e4\"},\"headline\":\"Karavanlar K\u00f6pr\u00fclerden ve Normal Yollardan Ge\u00e7ebilir mi?\",\"datePublished\":\"2023-04-16T13:47:03+00:00\",\"dateModified\":\"2026-01-23T13:37:24+00:00\",\"mainEntityOfPage\":{\"@id\":\"https:\/\/geziyoo.co\/blog\/karavanlar-koprulerden-ve-normal-yollardan-gecebilir-mi\/\"},\"wordCount\":729,\"commentCount\":0,\"publisher\":{\"@id\":\"https:\/\/geziyoo.co\/blog\/#organization\"},\"image\":{\"@id\":\"https:\/\/geziyoo.co\/blog\/karavanlar-koprulerden-ve-normal-yollardan-gecebilir-mi\/#primaryimage\"},\"thumbnailUrl\":\"https:\/\/geziyoo.co\/blog\/wp-content\/uploads\/2023\/04\/Karavanlar-Koprulerden-ve-Normal-Yollardan-Gecebilir-mi.jpg\",\"articleSection\":[\"Karavan \u0130pu\u00e7lar\u0131\"],\"inLanguage\":\"tr\",\"potentialAction\":[{\"@type\":\"CommentAction\",\"name\":\"Comment\",\"target\":[\"https:\/\/geziyoo.co\/blog\/karavanlar-koprulerden-ve-normal-yollardan-gecebilir-mi\/#respond\"]}]},{\"@type\":\"WebPage\",\"@id\":\"https:\/\/geziyoo.co\/blog\/karavanlar-koprulerden-ve-normal-yollardan-gecebilir-mi\/\",\"url\":\"https:\/\/geziyoo.co\/blog\/karavanlar-koprulerden-ve-normal-yollardan-gecebilir-mi\/\",\"name\":\"Karavanlar K\u00f6pr\u00fclerden, Yollardan Ge\u00e7ebilir mi? | Geziyoo\",\"isPartOf\":{\"@id\":\"https:\/\/geziyoo.co\/blog\/#website\"},\"primaryImageOfPage\":{\"@id\":\"https:\/\/geziyoo.co\/blog\/karavanlar-koprulerden-ve-normal-yollardan-gecebilir-mi\/#primaryimage\"},\"image\":{\"@id\":\"https:\/\/geziyoo.co\/blog\/karavanlar-koprulerden-ve-normal-yollardan-gecebilir-mi\/#primaryimage\"},\"thumbnailUrl\":\"https:\/\/geziyoo.co\/blog\/wp-content\/uploads\/2023\/04\/Karavanlar-Koprulerden-ve-Normal-Yollardan-Gecebilir-mi.jpg\",\"datePublished\":\"2023-04-16T13:47:03+00:00\",\"dateModified\":\"2026-01-23T13:37:24+00:00\",\"description\":\"Karavanlar K\u00f6pr\u00fclerden ve Normal Yollardan Ge\u00e7ebilir mi? i\u00e7eri\u011fimizda \u00e7ekme ve moto karavanlar\u0131n k\u00f6pr\u00fcden ge\u00e7ebilirmi sorusunu cevaplayaca\u011f\u0131z\",\"breadcrumb\":{\"@id\":\"https:\/\/geziyoo.co\/blog\/karavanlar-koprulerden-ve-normal-yollardan-gecebilir-mi\/#breadcrumb\"},\"inLanguage\":\"tr\",\"potentialAction\":[{\"@type\":\"ReadAction\",\"target\":[\"https:\/\/geziyoo.co\/blog\/karavanlar-koprulerden-ve-normal-yollardan-gecebilir-mi\/\"]}]},{\"@type\":\"ImageObject\",\"inLanguage\":\"tr\",\"@id\":\"https:\/\/geziyoo.co\/blog\/karavanlar-koprulerden-ve-normal-yollardan-gecebilir-mi\/#primaryimage\",\"url\":\"https:\/\/geziyoo.co\/blog\/wp-content\/uploads\/2023\/04\/Karavanlar-Koprulerden-ve-Normal-Yollardan-Gecebilir-mi.jpg\",\"contentUrl\":\"https:\/\/geziyoo.co\/blog\/wp-content\/uploads\/2023\/04\/Karavanlar-Koprulerden-ve-Normal-Yollardan-Gecebilir-mi.jpg\",\"width\":1200,\"height\":675},{\"@type\":\"BreadcrumbList\",\"@id\":\"https:\/\/geziyoo.co\/blog\/karavanlar-koprulerden-ve-normal-yollardan-gecebilir-mi\/#breadcrumb\",\"itemListElement\":[{\"@type\":\"ListItem\",\"position\":1,\"name\":\"Ana sayfa\",\"item\":\"https:\/\/geziyoo.co\/blog\/\"},{\"@type\":\"ListItem\",\"position\":2,\"name\":\"Karavanlar K\u00f6pr\u00fclerden ve Normal Yollardan Ge\u00e7ebilir mi?\"}]},{\"@type\":\"WebSite\",\"@id\":\"https:\/\/geziyoo.co\/blog\/#website\",\"url\":\"https:\/\/geziyoo.co\/blog\/\",\"name\":\"Geziyoo Blog\",\"description\":\"GeziYoo Blog&#039;da T\u00fcrkiye&#039;nin en iyi kamp alanlar\u0131ndan bungalov tatillerine, karavan ipu\u00e7lar\u0131ndan gezi rehberlerine kadar her t\u00fcrl\u00fc do\u011fa deneyimini ke\u015ffedin.\",\"publisher\":{\"@id\":\"https:\/\/geziyoo.co\/blog\/#organization\"},\"potentialAction\":[{\"@type\":\"SearchAction\",\"target\":{\"@type\":\"EntryPoint\",\"urlTemplate\":\"https:\/\/geziyoo.co\/blog\/?s={search_term_string}\"},\"query-input\":{\"@type\":\"PropertyValueSpecification\",\"valueRequired\":true,\"valueName\":\"search_term_string\"}}],\"inLanguage\":\"tr\"},{\"@type\":\"Organization\",\"@id\":\"https:\/\/geziyoo.co\/blog\/#organization\",\"name\":\"Geziyoo.co\",\"url\":\"https:\/\/geziyoo.co\/blog\/\",\"logo\":{\"@type\":\"ImageObject\",\"inLanguage\":\"tr\",\"@id\":\"https:\/\/geziyoo.co\/blog\/#\/schema\/logo\/image\/\",\"url\":\"https:\/\/geziyoo.co\/blog\/wp-content\/uploads\/2025\/01\/Paragraf-metniniz-3.png\",\"contentUrl\":\"https:\/\/geziyoo.co\/blog\/wp-content\/uploads\/2025\/01\/Paragraf-metniniz-3.png\",\"width\":270,\"height\":50,\"caption\":\"Geziyoo.co\"},\"image\":{\"@id\":\"https:\/\/geziyoo.co\/blog\/#\/schema\/logo\/image\/\"},\"sameAs\":[\"https:\/\/www.facebook.com\/Geziyooco\",\"https:\/\/x.com\/geziyoo\",\"https:\/\/tr.pinterest.com\/geziyooco\/\",\"https:\/\/www.youtube.com\/@geziyoo\",\"https:\/\/www.instagram.com\/geziyoo.co\/\"]},{\"@type\":\"Person\",\"@id\":\"https:\/\/geziyoo.co\/blog\/#\/schema\/person\/032acb2436540ed14784e7d978aef0e4\",\"name\":\"Geziyoo\",\"image\":{\"@type\":\"ImageObject\",\"inLanguage\":\"tr\",\"@id\":\"https:\/\/geziyoo.co\/blog\/#\/schema\/person\/image\/\",\"url\":\"https:\/\/secure.gravatar.com\/avatar\/ae212a4514471fdb8cab6e5af4f3c99b940a2d0a16713ea0392c8d7c8a64f30a?s=96&d=mm&r=g\",\"contentUrl\":\"https:\/\/secure.gravatar.com\/avatar\/ae212a4514471fdb8cab6e5af4f3c99b940a2d0a16713ea0392c8d7c8a64f30a?s=96&d=mm&r=g\",\"caption\":\"Geziyoo\"},\"description\":\"Do\u011fa ile i\u00e7 i\u00e7e olabilece\u011finiz yerler,do\u011fa aktivite alanlar\u0131,kamp alanlar\u0131,bungalov oteller,Tiny House Oteller, Galampingler ve da\u011f evlerinin herkes i\u00e7in ula\u015f\u0131labilir olmas\u0131n\u0131 sa\u011flamak amac\u0131yla Geziyoo\u2019ya 2019 y\u0131l\u0131nda ba\u015flad\u0131k.Do\u011fal Tatil konseptini uygulayan en geni\u015f kapsaml\u0131 sitedir.\",\"sameAs\":[\"https:\/\/geziyoo.co\/\",\"https:\/\/www.facebook.com\/geziyoo.co\",\"https:\/\/www.instagram.com\/geziyoo.co\/\",\"https:\/\/tr.pinterest.com\/geziyooco\/\",\"https:\/\/x.com\/https:\/\/twitter.com\/geziyoo\",\"https:\/\/www.youtube.com\/channel\/UCdiSMa6pe17KEY7DP1Ug4ag\"]}]}<\/script>\n<!-- \/ Yoast SEO plugin. -->","yoast_head_json":{"title":"Karavanlar K\u00f6pr\u00fclerden, Yollardan Ge\u00e7ebilir mi? | Geziyoo","description":"Karavanlar K\u00f6pr\u00fclerden ve Normal Yollardan Ge\u00e7ebilir mi? i\u00e7eri\u011fimizda \u00e7ekme ve moto karavanlar\u0131n k\u00f6pr\u00fcden ge\u00e7ebilirmi sorusunu cevaplayaca\u011f\u0131z","robots":{"index":"index","follow":"follow","max-snippet":"max-snippet:-1","max-image-preview":"max-image-preview:large","max-video-preview":"max-video-preview:-1"},"canonical":"https:\/\/geziyoo.co\/blog\/karavanlar-koprulerden-ve-normal-yollardan-gecebilir-mi\/","og_locale":"tr_TR","og_type":"article","og_title":"Karavanlar K\u00f6pr\u00fclerden, Yollardan Ge\u00e7ebilir mi? | Geziyoo","og_description":"Karavanlar K\u00f6pr\u00fclerden ve Normal Yollardan Ge\u00e7ebilir mi? i\u00e7eri\u011fimizda \u00e7ekme ve moto karavanlar\u0131n k\u00f6pr\u00fcden ge\u00e7ebilirmi sorusunu cevaplayaca\u011f\u0131z","og_url":"https:\/\/geziyoo.co\/blog\/karavanlar-koprulerden-ve-normal-yollardan-gecebilir-mi\/","og_site_name":"Geziyoo.co","article_publisher":"https:\/\/www.facebook.com\/Geziyooco","article_author":"https:\/\/www.facebook.com\/geziyoo.co","article_published_time":"2023-04-16T13:47:03+00:00","article_modified_time":"2026-01-23T13:37:24+00:00","og_image":[{"width":1200,"height":675,"url":"https:\/\/geziyoo.co\/blog\/wp-content\/uploads\/2023\/04\/Karavanlar-Koprulerden-ve-Normal-Yollardan-Gecebilir-mi.jpg","type":"image\/jpeg"}],"author":"Geziyoo","twitter_card":"summary_large_image","twitter_creator":"@https:\/\/twitter.com\/geziyoo","twitter_site":"@geziyoo","twitter_misc":{"Yazan:":"Geziyoo","Tahmini okuma s\u00fcresi":"4 dakika"},"schema":{"@context":"https:\/\/schema.org","@graph":[{"@type":"Article","@id":"https:\/\/geziyoo.co\/blog\/karavanlar-koprulerden-ve-normal-yollardan-gecebilir-mi\/#article","isPartOf":{"@id":"https:\/\/geziyoo.co\/blog\/karavanlar-koprulerden-ve-normal-yollardan-gecebilir-mi\/"},"author":{"name":"Geziyoo","@id":"https:\/\/geziyoo.co\/blog\/#\/schema\/person\/032acb2436540ed14784e7d978aef0e4"},"headline":"Karavanlar K\u00f6pr\u00fclerden ve Normal Yollardan Ge\u00e7ebilir mi?","datePublished":"2023-04-16T13:47:03+00:00","dateModified":"2026-01-23T13:37:24+00:00","mainEntityOfPage":{"@id":"https:\/\/geziyoo.co\/blog\/karavanlar-koprulerden-ve-normal-yollardan-gecebilir-mi\/"},"wordCount":729,"commentCount":0,"publisher":{"@id":"https:\/\/geziyoo.co\/blog\/#organization"},"image":{"@id":"https:\/\/geziyoo.co\/blog\/karavanlar-koprulerden-ve-normal-yollardan-gecebilir-mi\/#primaryimage"},"thumbnailUrl":"https:\/\/geziyoo.co\/blog\/wp-content\/uploads\/2023\/04\/Karavanlar-Koprulerden-ve-Normal-Yollardan-Gecebilir-mi.jpg","articleSection":["Karavan \u0130pu\u00e7lar\u0131"],"inLanguage":"tr","potentialAction":[{"@type":"CommentAction","name":"Comment","target":["https:\/\/geziyoo.co\/blog\/karavanlar-koprulerden-ve-normal-yollardan-gecebilir-mi\/#respond"]}]},{"@type":"WebPage","@id":"https:\/\/geziyoo.co\/blog\/karavanlar-koprulerden-ve-normal-yollardan-gecebilir-mi\/","url":"https:\/\/geziyoo.co\/blog\/karavanlar-koprulerden-ve-normal-yollardan-gecebilir-mi\/","name":"Karavanlar K\u00f6pr\u00fclerden, Yollardan Ge\u00e7ebilir mi? | Geziyoo","isPartOf":{"@id":"https:\/\/geziyoo.co\/blog\/#website"},"primaryImageOfPage":{"@id":"https:\/\/geziyoo.co\/blog\/karavanlar-koprulerden-ve-normal-yollardan-gecebilir-mi\/#primaryimage"},"image":{"@id":"https:\/\/geziyoo.co\/blog\/karavanlar-koprulerden-ve-normal-yollardan-gecebilir-mi\/#primaryimage"},"thumbnailUrl":"https:\/\/geziyoo.co\/blog\/wp-content\/uploads\/2023\/04\/Karavanlar-Koprulerden-ve-Normal-Yollardan-Gecebilir-mi.jpg","datePublished":"2023-04-16T13:47:03+00:00","dateModified":"2026-01-23T13:37:24+00:00","description":"Karavanlar K\u00f6pr\u00fclerden ve Normal Yollardan Ge\u00e7ebilir mi? i\u00e7eri\u011fimizda \u00e7ekme ve moto karavanlar\u0131n k\u00f6pr\u00fcden ge\u00e7ebilirmi sorusunu cevaplayaca\u011f\u0131z","breadcrumb":{"@id":"https:\/\/geziyoo.co\/blog\/karavanlar-koprulerden-ve-normal-yollardan-gecebilir-mi\/#breadcrumb"},"inLanguage":"tr","potentialAction":[{"@type":"ReadAction","target":["https:\/\/geziyoo.co\/blog\/karavanlar-koprulerden-ve-normal-yollardan-gecebilir-mi\/"]}]},{"@type":"ImageObject","inLanguage":"tr","@id":"https:\/\/geziyoo.co\/blog\/karavanlar-koprulerden-ve-normal-yollardan-gecebilir-mi\/#primaryimage","url":"https:\/\/geziyoo.co\/blog\/wp-content\/uploads\/2023\/04\/Karavanlar-Koprulerden-ve-Normal-Yollardan-Gecebilir-mi.jpg","contentUrl":"https:\/\/geziyoo.co\/blog\/wp-content\/uploads\/2023\/04\/Karavanlar-Koprulerden-ve-Normal-Yollardan-Gecebilir-mi.jpg","width":1200,"height":675},{"@type":"BreadcrumbList","@id":"https:\/\/geziyoo.co\/blog\/karavanlar-koprulerden-ve-normal-yollardan-gecebilir-mi\/#breadcrumb","itemListElement":[{"@type":"ListItem","position":1,"name":"Ana sayfa","item":"https:\/\/geziyoo.co\/blog\/"},{"@type":"ListItem","position":2,"name":"Karavanlar K\u00f6pr\u00fclerden ve Normal Yollardan Ge\u00e7ebilir mi?"}]},{"@type":"WebSite","@id":"https:\/\/geziyoo.co\/blog\/#website","url":"https:\/\/geziyoo.co\/blog\/","name":"Geziyoo Blog","description":"GeziYoo Blog&#039;da T\u00fcrkiye&#039;nin en iyi kamp alanlar\u0131ndan bungalov tatillerine, karavan ipu\u00e7lar\u0131ndan gezi rehberlerine kadar her t\u00fcrl\u00fc do\u011fa deneyimini ke\u015ffedin.","publisher":{"@id":"https:\/\/geziyoo.co\/blog\/#organization"},"potentialAction":[{"@type":"SearchAction","target":{"@type":"EntryPoint","urlTemplate":"https:\/\/geziyoo.co\/blog\/?s={search_term_string}"},"query-input":{"@type":"PropertyValueSpecification","valueRequired":true,"valueName":"search_term_string"}}],"inLanguage":"tr"},{"@type":"Organization","@id":"https:\/\/geziyoo.co\/blog\/#organization","name":"Geziyoo.co","url":"https:\/\/geziyoo.co\/blog\/","logo":{"@type":"ImageObject","inLanguage":"tr","@id":"https:\/\/geziyoo.co\/blog\/#\/schema\/logo\/image\/","url":"https:\/\/geziyoo.co\/blog\/wp-content\/uploads\/2025\/01\/Paragraf-metniniz-3.png","contentUrl":"https:\/\/geziyoo.co\/blog\/wp-content\/uploads\/2025\/01\/Paragraf-metniniz-3.png","width":270,"height":50,"caption":"Geziyoo.co"},"image":{"@id":"https:\/\/geziyoo.co\/blog\/#\/schema\/logo\/image\/"},"sameAs":["https:\/\/www.facebook.com\/Geziyooco","https:\/\/x.com\/geziyoo","https:\/\/tr.pinterest.com\/geziyooco\/","https:\/\/www.youtube.com\/@geziyoo","https:\/\/www.instagram.com\/geziyoo.co\/"]},{"@type":"Person","@id":"https:\/\/geziyoo.co\/blog\/#\/schema\/person\/032acb2436540ed14784e7d978aef0e4","name":"Geziyoo","image":{"@type":"ImageObject","inLanguage":"tr","@id":"https:\/\/geziyoo.co\/blog\/#\/schema\/person\/image\/","url":"https:\/\/secure.gravatar.com\/avatar\/ae212a4514471fdb8cab6e5af4f3c99b940a2d0a16713ea0392c8d7c8a64f30a?s=96&d=mm&r=g","contentUrl":"https:\/\/secure.gravatar.com\/avatar\/ae212a4514471fdb8cab6e5af4f3c99b940a2d0a16713ea0392c8d7c8a64f30a?s=96&d=mm&r=g","caption":"Geziyoo"},"description":"Do\u011fa ile i\u00e7 i\u00e7e olabilece\u011finiz yerler,do\u011fa aktivite alanlar\u0131,kamp alanlar\u0131,bungalov oteller,Tiny House Oteller, Galampingler ve da\u011f evlerinin herkes i\u00e7in ula\u015f\u0131labilir olmas\u0131n\u0131 sa\u011flamak amac\u0131yla Geziyoo\u2019ya 2019 y\u0131l\u0131nda ba\u015flad\u0131k.Do\u011fal Tatil konseptini uygulayan en geni\u015f kapsaml\u0131 sitedir.","sameAs":["https:\/\/geziyoo.co\/","https:\/\/www.facebook.com\/geziyoo.co","https:\/\/www.instagram.com\/geziyoo.co\/","https:\/\/tr.pinterest.com\/geziyooco\/","https:\/\/x.com\/https:\/\/twitter.com\/geziyoo","https:\/\/www.youtube.com\/channel\/UCdiSMa6pe17KEY7DP1Ug4ag"]}]}},"amp_enabled":true,"_links":{"self":[{"href":"https:\/\/geziyoo.co\/blog\/wp-json\/wp\/v2\/posts\/12452","targetHints":{"allow":["GET"]}}],"collection":[{"href":"https:\/\/geziyoo.co\/blog\/wp-json\/wp\/v2\/posts"}],"about":[{"href":"https:\/\/geziyoo.co\/blog\/wp-json\/wp\/v2\/types\/post"}],"author":[{"embeddable":true,"href":"https:\/\/geziyoo.co\/blog\/wp-json\/wp\/v2\/users\/1"}],"replies":[{"embeddable":true,"href":"https:\/\/geziyoo.co\/blog\/wp-json\/wp\/v2\/comments?post=12452"}],"version-history":[{"count":0,"href":"https:\/\/geziyoo.co\/blog\/wp-json\/wp\/v2\/posts\/12452\/revisions"}],"wp:featuredmedia":[{"embeddable":true,"href":"https:\/\/geziyoo.co\/blog\/wp-json\/wp\/v2\/media\/12453"}],"wp:attachment":[{"href":"https:\/\/geziyoo.co\/blog\/wp-json\/wp\/v2\/media?parent=12452"}],"wp:term":[{"taxonomy":"category","embeddable":true,"href":"https:\/\/geziyoo.co\/blog\/wp-json\/wp\/v2\/categories?post=12452"},{"taxonomy":"post_tag","embeddable":true,"href":"https:\/\/geziyoo.co\/blog\/wp-json\/wp\/v2\/tags?post=12452"}],"curies":[{"name":"wp","href":"https:\/\/api.w.org\/{rel}","templated":true}]}}