{"id":12167,"date":"2023-03-31T11:02:08","date_gmt":"2023-03-31T11:02:08","guid":{"rendered":"https:\/\/geziyoo.co\/blog\/?p=12167"},"modified":"2026-01-23T13:10:12","modified_gmt":"2026-01-23T13:10:12","slug":"karavan-hakkinda-tum-merak-edilenler","status":"publish","type":"post","link":"https:\/\/geziyoo.co\/blog\/karavan-hakkinda-tum-merak-edilenler\/","title":{"rendered":"Karavan Hakk\u0131nda Merak Edilenler (G\u00fcncel 2026)"},"content":{"rendered":"\n<p><strong>Karavan Hakk\u0131nda T\u00fcm Merak Edilenler i\u00e7eri\u011fimizden merhabalar bu i\u00e7eri\u011fimizde karavanlarla alakal\u0131 t\u00fcm merak edilen sorular\u0131 cevaplad\u0131k.<\/strong><\/p>\n\n\n\n<p>Karavan en basit \u015fekliyle, minimum \u00f6l\u00e7\u00fcde ya\u015fam standartlar\u0131n\u0131z\u0131 kar\u015f\u0131layan i\u00e7erisinde yatak, oturma birimi ve mutfak gibi donan\u0131mlara sahip hareket etme kabiliyetine sahip ara\u00e7lard\u0131r.Karavan Hayat\u0131n\u0131n avantajlar\u0131 oldu\u011fu kadar dezavantajlar\u0131nda oldu\u011funu bilmelisiniz.<\/p>\n\n\n\n<p>Karavan hayat\u0131na ba\u015flad\u0131\u011f\u0131n\u0131z an \u00f6ncelikle her bir g\u00fcn\u00fcn\u00fcz\u00fcn deneyimle ge\u00e7ece\u011fini ve her g\u00fcn bir \u015fey daha \u00f6\u011frenebilece\u011finizi garanti alt\u0131na alm\u0131\u015f olursunuz. Bu durum sizi ayakta tutan en b\u00fcy\u00fck etkenkerden biridir. \u00dcst d\u00fczey e\u011fitici bir deneyim, size harika avantajlar\u0131da beraberinde getirir.<\/p>\n\n\n\n<p>Karavan ile seyahat s\u00fcresince de yeni yerler ke\u015ffetmeniz m\u00fcmk\u00fcn. \u0130leti\u015fim y\u00f6n\u00fcn\u00fcz de bu noktada geli\u015fecektir, her g\u00fcn yepyeni ve farkl\u0131 insanlar size bamba\u015fka d\u00fcnyalar\u0131n kap\u0131s\u0131n\u0131 karavan ile aralayabilirsiniz. T\u00fcm bunlar\u0131 ise kesinlikle \u00e7ok daha d\u00fc\u015f\u00fck bir maliyetle ger\u00e7ekle\u015ftirebilirsiniz.&nbsp;<\/p>\n\n\n\n<p>Karavan&#8217;a sahipseniz kira, otel masraf\u0131 ya da konut kredisi olmadan, sadece temel ihtiya\u00e7lar\u0131n\u0131z\u0131 gidererek tasarruf sa\u011flayabilir ve hayat\u0131 daha ucuz ya\u015fayabilirsiniz. Bu da hi\u00e7 bir \u015feye ba\u011f\u0131ml\u0131 kalmadan \u00f6zg\u00fcrce ya\u015faman\u0131z\u0131 sa\u011flar. Ancak tercih etti\u011finiz noktalar kamp alanlar\u0131 ise, g\u00fcnl\u00fck &#8211; ayl\u0131k &#8211; sezonluk \u015feklinde \u00fccretleri de g\u00f6zden \u00e7\u0131karmal\u0131s\u0131n\u0131z. \u0130nternet, park, sigorta gibi ya\u015famsal stadartlar\u0131n\u0131z\u0131 devam ettirecek \u00f6zelliklere makul bir \u00fccretle ula\u015fabilirsiniz.&nbsp;&nbsp;<\/p>\n\n\n\n<p>Karavan hayat\u0131 asl\u0131nda geni\u015f bir perspektiften bak\u0131nca bir \u00e7ok olanak sunmaktad\u0131r.\u00d6rnek vermek gerekirse karavanlarda yaln\u0131zca yatak, ocak, lavabo, masa, buzdolab\u0131 mevcutken bu imkanlar size ba\u011fl\u0131 geli\u015ftirilebilir.&nbsp;Ocak,mikrodalga f\u0131r\u0131n, du\u015f alan\u0131, tuvalet ya da 5G h\u00fccresel veriyi sunan karavanlar daha konforlu bir karavan ya\u015fam\u0131 i\u00e7in olmazsa olmazlardand\u0131r. Hayal g\u00fcc\u00fc ve biraz maddi olanak ile eri\u015femeyece\u011finiz ve karavan\u0131n\u0131za ekleyemeyece\u011finiz e\u015fya \/ \u00fcr\u00fcn neredeyse yok.<\/p>\n\n\n\n<p>Peki Karavan&#8217;\u0131n zor y\u00f6nleri yok mu tabik\u015fide var.\u00d6ncelikle karavan\u0131 yollarda idare etmek, d\u00fc\u015f\u00fcnd\u00fcr\u00fcc\u00fc ve olduk\u00e7a stresli olabilir. Ancak belli bir s\u00fcre sonra al\u0131\u015fmayaca\u011f\u0131n\u0131z anlam\u0131na gelmiyor. Zamanla al\u0131\u015fabilirsiniz\u2026&nbsp;<\/p>\n\n\n\n<p>Karavanda ya\u015faman\u0131n bir di\u011fer dezavantaj\u0131 ise ya\u015fam alan\u0131n\u0131n k\u00fc\u00e7\u00fck olmas\u0131d\u0131r.Geni\u015f evlere al\u0131\u015ft\u0131\u011f\u0131m\u0131z\u0131 d\u00fc\u015f\u00fcn\u00fcrsek ilk zamanlar biraz zorlay\u0131c\u0131 olabilir. Haraket k\u0131s\u0131tlamas\u0131n\u0131n yan\u0131nda \u00f6zellikle kalabal\u0131k aileler i\u00e7in biraz zorluk ya\u015fatabilir. Karavanda alan\u0131n\u0131z\u0131 daha da daralmamas\u0131 i\u00e7in, e\u015fyalar\u0131n\u0131zda do\u011fru se\u00e7imler yapman\u0131z da hayati! \u0130llaki ihtiyac\u0131n\u0131z olan e\u015fyalar olacakt\u0131r ancak burada dengeli olmal\u0131s\u0131n\u0131z. Fazla e\u015fya can\u0131n\u0131z\u0131 bir s\u00fcre sonra can\u0131n\u0131z\u0131 s\u0131kabilir; az ise yetmeyebilir.&nbsp;<\/p>\n\n\n\n<p>Bir di\u011fer nokta da karavanlardaki izolasyon sorunudur. \u00d6zellikle so\u011fuk anlarda bu durum problem ya\u015fatabilir; ayr\u0131ca karavan\u0131n\u0131zda zamanla k\u00fcf sorunu ile de kar\u015f\u0131la\u015fman\u0131z \u00c7OK S\u00dcRPR\u0130Z olmayacakt\u0131r.Bunun i\u00e7in karavan\u0131n\u0131za azami bak\u0131m yapmal\u0131z\u0131s\u0131n\u0131z.&nbsp;<\/p>\n\n\n\n<p>Son olarak karavan\u0131n\u0131z\u0131 standart otopark ya da belirlenmi\u015f park alanlar\u0131na park etmeniz pek \u00e7ok \u015fehirde yasak. Bu nedenle kulland\u0131\u011f\u0131n\u0131z ya da kullanmad\u0131\u011f\u0131n\u0131z zamanlarda da \u00f6zel park alanlar\u0131ndan faydalanmal\u0131s\u0131n\u0131z. Bu da kira b\u00fct\u00e7enizi art\u0131rabilir.&nbsp;<\/p>\n\n\n\n<blockquote class=\"wp-block-quote quote-solid is-layout-flow wp-block-quote quote-solid-is-layout-flow\">\n<p><em>Burada araya girelim.Bu tarz konular ilginizi \u00e7ekiyor ise&nbsp;<strong><em><a href=\"https:\/\/geziyoo.co\/blog\/karavan-rehberi\/\">KARAVAN \u0130PU\u00c7LARI<\/a><\/em><\/strong>&nbsp;ve&nbsp;<strong><em><a href=\"https:\/\/geziyoo.co\/blog\/kamp-kamp-onerileri\/\">KAMP \u0130PU\u00c7LARI<\/a><\/em><\/strong>&nbsp;i\u00e7eri\u011fimize bakman\u0131z\u0131 \u00f6neririz.<\/em><\/p>\n<\/blockquote>\n\n\n\n<hr class=\"wp-block-separator has-alpha-channel-opacity is-style-wide\"\/>\n\n\n\n<h2 class=\"wp-block-heading\"><strong>Karavan Nedir?<\/strong><\/h2>\n\n\n\n<figure class=\"wp-block-image size-large\"><img decoding=\"async\" width=\"1024\" height=\"645\" data-src=\"https:\/\/geziyoo.co\/blog\/wp-content\/uploads\/2023\/04\/Cekme-Karavan-mi-Motokaravan-mi-1024x645.jpg\" alt=\"\" class=\"wp-image-12291 lazyload\" data-srcset=\"https:\/\/geziyoo.co\/blog\/wp-content\/uploads\/2023\/04\/Cekme-Karavan-mi-Motokaravan-mi-1024x645.jpg 1024w, https:\/\/geziyoo.co\/blog\/wp-content\/uploads\/2023\/04\/Cekme-Karavan-mi-Motokaravan-mi-300x189.jpg 300w, https:\/\/geziyoo.co\/blog\/wp-content\/uploads\/2023\/04\/Cekme-Karavan-mi-Motokaravan-mi-768x484.jpg 768w, https:\/\/geziyoo.co\/blog\/wp-content\/uploads\/2023\/04\/Cekme-Karavan-mi-Motokaravan-mi-1536x968.jpg 1536w, https:\/\/geziyoo.co\/blog\/wp-content\/uploads\/2023\/04\/Cekme-Karavan-mi-Motokaravan-mi-scaled.jpg 1200w\" data-sizes=\"(max-width: 1024px) 100vw, 1024px\" src=\"data:image\/gif;base64,R0lGODlhAQABAAAAACH5BAEKAAEALAAAAAABAAEAAAICTAEAOw==\" style=\"--smush-placeholder-width: 1024px; --smush-placeholder-aspect-ratio: 1024\/645;\" \/><figcaption class=\"wp-element-caption\">Karavan Hakk\u0131nda T\u00fcm Merak Edilenler<\/figcaption><\/figure>\n\n\n\n<p>Karavan, ya\u015famsal fonksiyonlara minimum \u00f6l\u00e7\u00fclerde cevap verebilecek yatak, mutfak, du\u015f, tuvalet ve oturma birimi donan\u0131mlar\u0131na sahip, motorlu ara\u00e7 standart \u00f6l\u00e7\u00fclerine uygun, hareketli ya\u015fam alanlar\u0131d\u0131r.<\/p>\n\n\n\n<p>Karavanlar genellikle r\u00f6mork veya otob\u00fcs \u015feklinde tasarlan\u0131r ve i\u00e7erisinde yatak odas\u0131, mutfak, banyo ve oturma alan\u0131 gibi temel ya\u015fam birimlerini bar\u0131nd\u0131r\u0131r.<\/p>\n\n\n\n<p>Karavanlar, seyahat etmeyi seven insanlar i\u00e7in ideal bir se\u00e7enek olabilir. Bir karavan\u0131n sahibi olan ki\u015filer, istedikleri yerlere seyahat edebilirken ayn\u0131 zamanda rahat bir konaklama sa\u011flarlar. Karavanlar, kamp alanlar\u0131nda veya \u00f6zel arazilerde konaklama imkan\u0131 sunar ve seyahat etmek isteyen ki\u015filere \u00f6zg\u00fcrl\u00fck ve ba\u011f\u0131ms\u0131zl\u0131k hissi verir.<\/p>\n\n\n\n<p>Karavanlar genellikle temel konfor sa\u011flayacak \u015fekilde tasarlan\u0131r. \u0130\u00e7 mekanda yatak, oturma alan\u0131, yemek masas\u0131, mutfak tezgah\u0131, ocak, buzdolab\u0131 ve bazen du\u015f ve tuvalet gibi olanaklar bulunur. <\/p>\n\n\n\n<blockquote class=\"wp-block-quote quote-solid is-layout-flow wp-block-quote quote-solid-is-layout-flow\">\n<p>Baz\u0131 karavan modelleri g\u00fcne\u015f panelleri veya jenerat\u00f6rlerle elektrik sa\u011flayabilirken, baz\u0131lar\u0131 su depolama sistemine sahip olabilir.<strong><em><a href=\"https:\/\/geziyoo.co\/blog\/karavan-nedir-karavanla-seyahat-etmenin-avantajlari-nelerdir\/\">Karavan Nedir? <\/a><\/em><\/strong>isimli i\u00e7eri\u011fimize bakarak akl\u0131n\u0131z daki sorular\u0131 cevaplayabilirsiniz.<\/p>\n<\/blockquote>\n\n\n\n<hr class=\"wp-block-separator has-css-opacity is-style-wide\"\/>\n\n\n\n<h2 class=\"wp-block-heading\"><strong>Karavan Tarihi<\/strong>,Karvanc\u0131l\u0131k Tarihi<\/h2>\n\n\n\n<figure class=\"wp-block-image size-large\"><img decoding=\"async\" width=\"804\" height=\"550\" data-src=\"https:\/\/geziyoo.co\/blog\/wp-content\/uploads\/2023\/04\/Karavan-Almak-mi-Yoksa-Kiralmak-mi-Mantikli.jpg\" alt=\"\" class=\"wp-image-12295 lazyload\" data-srcset=\"https:\/\/geziyoo.co\/blog\/wp-content\/uploads\/2023\/04\/Karavan-Almak-mi-Yoksa-Kiralmak-mi-Mantikli.jpg 804w, https:\/\/geziyoo.co\/blog\/wp-content\/uploads\/2023\/04\/Karavan-Almak-mi-Yoksa-Kiralmak-mi-Mantikli-300x205.jpg 300w, https:\/\/geziyoo.co\/blog\/wp-content\/uploads\/2023\/04\/Karavan-Almak-mi-Yoksa-Kiralmak-mi-Mantikli-768x525.jpg 768w, https:\/\/geziyoo.co\/blog\/wp-content\/uploads\/2023\/04\/Karavan-Almak-mi-Yoksa-Kiralmak-mi-Mantikli-220x150.jpg 220w\" data-sizes=\"(max-width: 804px) 100vw, 804px\" src=\"data:image\/gif;base64,R0lGODlhAQABAAAAACH5BAEKAAEALAAAAAABAAEAAAICTAEAOw==\" style=\"--smush-placeholder-width: 804px; --smush-placeholder-aspect-ratio: 804\/550;\" \/><figcaption class=\"wp-element-caption\">Karavan ile ilgili Merak Edilenler ve Karavan S\u0131k\u00e7a Sorulan Sorular<\/figcaption><\/figure>\n\n\n\n<p>Karavanc\u0131l\u0131\u011f\u0131n k\u00f6keni, milattan \u00f6nceki zamanlara kadar uzanmaktad\u0131r. O d\u00f6nemlerde, insanlar yerle\u015fik hayat\u0131 terk edip yeni yerlere gitmek i\u00e7in hayvanlar\u0131 kullan\u0131yorlard\u0131. G\u00fcn\u00fcm\u00fczdeki karavanlar\u0131n atas\u0131 say\u0131labilecek olan \u00e7ad\u0131rlar ve konaklama alanlar\u0131 da bu d\u00f6nemlerde ortaya \u00e7\u0131km\u0131\u015ft\u0131r.<\/p>\n\n\n\n<p>Orta\u00e7a\u011f d\u00f6neminde, ticaret yollar\u0131nda yolculuk yapan t\u00fcccarlar, mallar\u0131n\u0131 ta\u015f\u0131mak i\u00e7in deve, at ve e\u015fekleri kullan\u0131yorlard\u0131. Bu ticaret yollar\u0131 ayn\u0131 zamanda seyahat edenler i\u00e7in de g\u00fcvenli bir ge\u00e7i\u015f noktas\u0131yd\u0131.<\/p>\n\n\n\n<p>19. y\u00fczy\u0131l sonlar\u0131nda sirk \u00e7al\u0131\u015fanlar\u0131n konaklamas\u0131 i\u00e7in tasarlanan karavanlar, sonralar\u0131&nbsp;Avrupa\u2018da ya\u015fayan&nbsp;\u00e7ingeneler&nbsp;taraf\u0131ndan kullan\u0131lmaya ba\u015flanm\u0131\u015ft\u0131r.<\/p>\n\n\n\n<p>Otomobil sekt\u00f6r\u00fcndeki geli\u015fmeler sonras\u0131nda \u201cmotokaravan\u201d ad\u0131 verilen ve \u00e7ekme arac\u0131na ihtiya\u00e7 duyulmadan (araca entegre edilmi\u015f karavan) kullan\u0131lan karavan t\u00fcrleri yap\u0131lm\u0131\u015ft\u0131r.<\/p>\n\n\n\n<blockquote class=\"wp-block-quote quote-solid is-layout-flow wp-block-quote quote-solid-is-layout-flow\">\n<p><strong><em><a href=\"https:\/\/geziyoo.co\/blog\/karavanciligin-gecmisi-ve-karavancilik-tarihi\/\">Karavan Tarihi ve Karavanc\u0131l\u0131k ge\u00e7mi\u015fi<\/a><\/em><\/strong> isimli yaz\u0131m\u0131za bakarak \u00e7ok detayl\u0131 olarak karavanc\u0131l\u0131k ve karavan tariine g\u00f6z atabilirsiniz.<\/p>\n<\/blockquote>\n\n\n\n<hr class=\"wp-block-separator has-css-opacity is-style-wide\"\/>\n\n\n\n<h2 class=\"wp-block-heading\"><strong>Karavan \u00c7e\u015fitleri<\/strong><\/h2>\n\n\n\n<figure class=\"wp-block-image size-large\"><img decoding=\"async\" width=\"1024\" height=\"651\" data-src=\"https:\/\/geziyoo.co\/blog\/wp-content\/uploads\/2023\/04\/Cekme-Karavanlarda-Olmasi-Gereken-Donanimlar-1024x651.jpg\" alt=\"Karavan ile ilgili Merak Edilenler ve Karavan S\u0131k\u00e7a Sorulan Sorular\" class=\"wp-image-12301 lazyload\" data-srcset=\"https:\/\/geziyoo.co\/blog\/wp-content\/uploads\/2023\/04\/Cekme-Karavanlarda-Olmasi-Gereken-Donanimlar-1024x651.jpg 1024w, https:\/\/geziyoo.co\/blog\/wp-content\/uploads\/2023\/04\/Cekme-Karavanlarda-Olmasi-Gereken-Donanimlar-300x191.jpg 300w, https:\/\/geziyoo.co\/blog\/wp-content\/uploads\/2023\/04\/Cekme-Karavanlarda-Olmasi-Gereken-Donanimlar-768x488.jpg 768w, https:\/\/geziyoo.co\/blog\/wp-content\/uploads\/2023\/04\/Cekme-Karavanlarda-Olmasi-Gereken-Donanimlar.jpg 1030w\" data-sizes=\"(max-width: 1024px) 100vw, 1024px\" src=\"data:image\/gif;base64,R0lGODlhAQABAAAAACH5BAEKAAEALAAAAAABAAEAAAICTAEAOw==\" style=\"--smush-placeholder-width: 1024px; --smush-placeholder-aspect-ratio: 1024\/651;\" \/><figcaption class=\"wp-element-caption\">Karavan ile ilgili Merak Edilenler ve Karavan S\u0131k\u00e7a Sorulan Sorular<\/figcaption><\/figure>\n\n\n\n<p><strong>Karavan \u00c7e\u015fitleri :\u00c7ekme ve Motokaravan Modelleri<\/strong>&nbsp;olmak \u00fczere ikiye ayr\u0131l\u0131r.<strong>Di\u011fer karavan modellerini ise \u015fu \u015fekilde s\u0131ralayabiliriz.<\/strong><\/p>\n\n\n\n<ul class=\"wp-block-list\">\n<li>Klasik \u00c7ekme Karavan (The conventional caravan)<\/li>\n\n\n\n<li>The Stylish<\/li>\n\n\n\n<li>K\u00fc\u00e7\u00fck G\u00f6zya\u015f\u0131 Karavanlar<\/li>\n\n\n\n<li>Mini Karavanlar<\/li>\n\n\n\n<li>B\u00fcy\u00fck Karavanlar (5 Tekerlekli)<\/li>\n\n\n\n<li>Tavan\u0131 Y\u00fckselebilen Karavanlar<\/li>\n\n\n\n<li>Katlanabilir Karavan<\/li>\n\n\n\n<li>Camper Van<\/li>\n<\/ul>\n\n\n\n<blockquote class=\"wp-block-quote quote-solid is-layout-flow wp-block-quote quote-solid-is-layout-flow\">\n<p>Karavan \u00e7e\u015fitleri ile ilgili Detaylar i\u00e7in <strong><em><a href=\"https:\/\/geziyoo.co\/blog\/karavan-cesitleri-cekme-ve-motokaravan-modelleri\/\" data-type=\"post\" data-id=\"4436\">Karavan \u00c7e\u015fitleri<\/a><\/em><\/strong> i\u00e7eri\u011fimize bakabilirsiniz.Bu i\u00e7erikde karavan \u00e7e\u015fitleri,karavan s\u0131n\u0131flar\u0131 gibi bir \u00e7ok bilgiye eri\u015febilirsiniz.<\/p>\n<\/blockquote>\n\n\n\n<hr class=\"wp-block-separator has-css-opacity is-style-wide\"\/>\n\n\n\n<h2 class=\"wp-block-heading\">Karavan Kullan\u0131m\u0131 \u0130\u00e7in Ehliyete Gerek Var m\u0131?<\/h2>\n\n\n\n<figure class=\"wp-block-image size-large\"><img decoding=\"async\" width=\"1024\" height=\"576\" data-src=\"https:\/\/geziyoo.co\/blog\/wp-content\/uploads\/2023\/04\/Cekme-Karavanlarda-Periyodik-Bakimlar-Nelerdir.jpg\" alt=\"\" class=\"wp-image-12305 lazyload\" data-srcset=\"https:\/\/geziyoo.co\/blog\/wp-content\/uploads\/2023\/04\/Cekme-Karavanlarda-Periyodik-Bakimlar-Nelerdir.jpg 1024w, https:\/\/geziyoo.co\/blog\/wp-content\/uploads\/2023\/04\/Cekme-Karavanlarda-Periyodik-Bakimlar-Nelerdir-300x169.jpg 300w, https:\/\/geziyoo.co\/blog\/wp-content\/uploads\/2023\/04\/Cekme-Karavanlarda-Periyodik-Bakimlar-Nelerdir-768x432.jpg 768w, https:\/\/geziyoo.co\/blog\/wp-content\/uploads\/2023\/04\/Cekme-Karavanlarda-Periyodik-Bakimlar-Nelerdir-390x220.jpg 390w\" data-sizes=\"(max-width: 1024px) 100vw, 1024px\" src=\"data:image\/gif;base64,R0lGODlhAQABAAAAACH5BAEKAAEALAAAAAABAAEAAAICTAEAOw==\" style=\"--smush-placeholder-width: 1024px; --smush-placeholder-aspect-ratio: 1024\/576;\" \/><\/figure>\n\n\n\n<p>Karavan kullan\u0131m\u0131 i\u00e7in ehliyet gereklidir. Motokaravan i\u00e7in B s\u0131n\u0131f\u0131 ehliyet gerekir.\u00c7ekme karavan i\u00e7inde kilosuna g\u00f6re de\u011fi\u015fiklik g\u00f6stermektedir.<\/p>\n\n\n\n<p><strong>750 kilogram alt\u0131ndaysa B s\u0131n\u0131f\u0131 ehliyet ile kullanabilirsiniz ve eksra BE veya CE s\u0131n\u0131f ehliyet alman\u0131za gerek yoktur.Fakat 750 kilogram \u00fcst\u00fcyse ehliyet s\u0131n\u0131f\u0131n\u0131z\u0131 de\u011fi\u015ftirmeniz gerekecek.<\/strong><\/p>\n\n\n\n<blockquote class=\"wp-block-quote quote-solid is-layout-flow wp-block-quote quote-solid-is-layout-flow\">\n<p><strong><em><a href=\"https:\/\/geziyoo.co\/blog\/karavan-icin-ehliyet-sinifi-ne-olmali\/\">Karavan i\u00e7in Ehliyet S\u0131n\u0131f\u0131 Ne Olmal\u0131?<\/a><\/em><\/strong> i\u00e7eri\u011fimizde Karavan ehliyeti nas\u0131l al\u0131n\u0131r?karavan ehliyeti alma maaliyeti neler?hangi evraklar gerekli?Nerelere ba\u015fvurulur gibi bir \u00e7ok konuya de\u011findik kesinlikle bakman\u0131z\u0131 \u00f6neriyoruz.<\/p>\n<\/blockquote>\n\n\n\n<hr class=\"wp-block-separator has-css-opacity is-style-wide\"\/>\n\n\n\n<h2 class=\"wp-block-heading\">\u00c7ekme Karavanda Seyir Halinde Yolcu Ta\u015f\u0131n\u0131r m\u0131?<\/h2>\n\n\n\n<figure class=\"wp-block-image size-large\"><img decoding=\"async\" width=\"850\" height=\"567\" data-src=\"https:\/\/geziyoo.co\/blog\/wp-content\/uploads\/2023\/04\/Cekme-Karavanlarin-Avantajlari-ve-Dezavantajlari-Nelerdir.jpg\" alt=\"\" class=\"wp-image-12310 lazyload\" data-srcset=\"https:\/\/geziyoo.co\/blog\/wp-content\/uploads\/2023\/04\/Cekme-Karavanlarin-Avantajlari-ve-Dezavantajlari-Nelerdir.jpg 850w, https:\/\/geziyoo.co\/blog\/wp-content\/uploads\/2023\/04\/Cekme-Karavanlarin-Avantajlari-ve-Dezavantajlari-Nelerdir-300x200.jpg 300w, https:\/\/geziyoo.co\/blog\/wp-content\/uploads\/2023\/04\/Cekme-Karavanlarin-Avantajlari-ve-Dezavantajlari-Nelerdir-768x512.jpg 768w\" data-sizes=\"(max-width: 850px) 100vw, 850px\" src=\"data:image\/gif;base64,R0lGODlhAQABAAAAACH5BAEKAAEALAAAAAABAAEAAAICTAEAOw==\" style=\"--smush-placeholder-width: 850px; --smush-placeholder-aspect-ratio: 850\/567;\" \/><\/figure>\n\n\n\n<p>\u00c7ekme karavanda seyahat halinde yolcu ta\u015f\u0131nmaz.Akl\u0131n\u0131z\u0131n ucuna bile getirmeyin.Ciddi yaralanmalar ve hatta \u00f6l\u00fcmler ger\u00e7ekle\u015febilir.\u00c7ekme karavanlar, yaln\u0131zca s\u00fcr\u00fcc\u00fc taraf\u0131ndan kullan\u0131labilen ara\u00e7lard\u0131r ve i\u00e7erisinde yolcu ta\u015f\u0131nmas\u0131 i\u00e7in tasarlanmam\u0131\u015flard\u0131r.<\/p>\n\n\n\n<p>Karavanlar, sadece dinlenme, uyku ve konaklama amac\u0131yla kullan\u0131labilirler. Seyir halindeyken karavan i\u00e7indeki yolcular\u0131n bulunmas\u0131, g\u00fcvenlik riski olu\u015fturabilir ve trafik kurallar\u0131na ayk\u0131r\u0131d\u0131r. Bu nedenle, \u00e7ekme karavanlarda seyir halinde yolcu ta\u015f\u0131nmas\u0131 kesinlikle \u00f6nerilmez ve yasakt\u0131r.<\/p>\n\n\n\n<blockquote class=\"wp-block-quote quote-solid is-layout-flow wp-block-quote quote-solid-is-layout-flow\">\n<p> <strong><em><a href=\"https:\/\/geziyoo.co\/blog\/cekme-karavanda-seyir-halinde-yolcu-tasinir-mi\/\">\u00c7ekme Karavanlarda Yolcu ta\u015f\u0131mak<\/a><\/em><\/strong> i\u00e7eri\u011fimize bakman\u0131z \u015fiddetle \u00f6nerilir.Burada yolcu ta\u015f\u0131nmas\u0131 halinde ba\u015f\u0131n\u0131za neler gelebilece\u011fine dair bilgiler aktard\u0131k.<\/p>\n<\/blockquote>\n\n\n\n<hr class=\"wp-block-separator has-css-opacity is-style-wide\"\/>\n\n\n\n<h2 class=\"wp-block-heading\"><strong>Karavan Tatili Nerede Yap\u0131l\u0131r?<\/strong><\/h2>\n\n\n\n<figure class=\"wp-block-image size-large\"><img decoding=\"async\" width=\"1024\" height=\"683\" data-src=\"https:\/\/geziyoo.co\/blog\/wp-content\/uploads\/2023\/04\/Karavanla-Seyahat-Etmenin-Avantajlari-Nelerdir-1024x683.png\" alt=\"\" class=\"wp-image-12313 lazyload\" data-srcset=\"https:\/\/geziyoo.co\/blog\/wp-content\/uploads\/2023\/04\/Karavanla-Seyahat-Etmenin-Avantajlari-Nelerdir-1024x683.png 1024w, https:\/\/geziyoo.co\/blog\/wp-content\/uploads\/2023\/04\/Karavanla-Seyahat-Etmenin-Avantajlari-Nelerdir-300x200.png 300w, https:\/\/geziyoo.co\/blog\/wp-content\/uploads\/2023\/04\/Karavanla-Seyahat-Etmenin-Avantajlari-Nelerdir-768x512.png 768w, https:\/\/geziyoo.co\/blog\/wp-content\/uploads\/2023\/04\/Karavanla-Seyahat-Etmenin-Avantajlari-Nelerdir.png 1200w\" data-sizes=\"(max-width: 1024px) 100vw, 1024px\" src=\"data:image\/gif;base64,R0lGODlhAQABAAAAACH5BAEKAAEALAAAAAABAAEAAAICTAEAOw==\" style=\"--smush-placeholder-width: 1024px; --smush-placeholder-aspect-ratio: 1024\/683;\" \/><\/figure>\n\n\n\n<p>T\u00fcrkiye&#8217;de karavan tatili yapmak isteyenler i\u00e7in birka\u00e7 \u00f6neri:<\/p>\n\n\n\n<h3 class=\"wp-block-heading\"><strong><em><a href=\"https:\/\/geziyoo.co\/blog\/kapadokya-bungalov-oteller-ve-bungalov-evler\/\">Kapadokya<\/a><\/em><\/strong><\/h3>\n\n\n\n<p>Kapadokya b\u00f6lgesi, peri bacalar\u0131, yer alt\u0131 \u015fehirleri ve tarihi ma\u011faralar\u0131 ile \u00fcnl\u00fcd\u00fcr. Karavan\u0131n\u0131z\u0131 buraya park ederek b\u00f6lgenin g\u00fczelliklerini ke\u015ffedebilirsiniz.<\/p>\n\n\n\n<h3 class=\"wp-block-heading\"><strong><em><a href=\"https:\/\/geziyoo.co\/blog\/datca-kamp-alanlari-ve-karavan-alanlari\/\">Dat\u00e7a<\/a><\/em><\/strong><\/h3>\n\n\n\n<p>Mu\u011fla&#8217;n\u0131n Dat\u00e7a il\u00e7esi, muhte\u015fem plajlar\u0131 ve do\u011fal g\u00fczellikleriyle \u00fcnl\u00fcd\u00fcr. Karavan\u0131n\u0131z\u0131 buraya getirerek sahilde keyifli bir tatil ge\u00e7irebilirsiniz.<\/p>\n\n\n\n<h3 class=\"wp-block-heading\"><strong><em><a href=\"https:\/\/geziyoo.co\/blog\/bozcaada-kamp-alanlari-ve-karavan-alanlari\/\">Bozcaada<\/a><\/em><\/strong><\/h3>\n\n\n\n<p>Ege Denizi&#8217;nde yer alan Bozcaada, T\u00fcrkiye&#8217;nin en g\u00fczel adalar\u0131ndan biridir. Burada karavan\u0131n\u0131z\u0131 park ederek adan\u0131n g\u00fczelliklerini ke\u015ffedebilirsiniz.<\/p>\n\n\n\n<h3 class=\"wp-block-heading\"><strong><em><a href=\"https:\/\/geziyoo.co\/blog\/fethiye-kamp-alanlari-ve-fethiye-karavan-alanlari\/\">Fethiye<\/a><\/em><\/strong><\/h3>\n\n\n\n<p>Fethiye, Mu\u011fla&#8217;n\u0131n turistik bir b\u00f6lgesidir ve bir\u00e7ok plaja sahiptir. Karavan\u0131n\u0131z\u0131 buraya getirerek b\u00f6lgedeki do\u011fal g\u00fczellikleri ke\u015ffedebilirsiniz.<\/p>\n\n\n\n<h3 class=\"wp-block-heading\"><strong><em><a href=\"https:\/\/geziyoo.co\/blog\/gokceada-kamp-alanlari-ve-karavan-alanlari\/\">G\u00f6k\u00e7eada<\/a><\/em><\/strong><\/h3>\n\n\n\n<p>G\u00f6k\u00e7eada, T\u00fcrkiye&#8217;nin en b\u00fcy\u00fck adalar\u0131ndan biridir ve do\u011fal g\u00fczellikleriyle \u00fcnl\u00fcd\u00fcr. Karavan\u0131n\u0131z\u0131 buraya getirerek adan\u0131n g\u00fczelliklerini ke\u015ffedebilirsiniz.<\/p>\n\n\n\n<p>Bu b\u00f6lgelerden herhangi birinde karavan tatili yaparak T\u00fcrkiye&#8217;nin do\u011fal g\u00fczelliklerini ke\u015ffedebilir, denize girebilir, tarihi yerleri gezebilir ve yerel lezzetleri tadabilirsiniz.<\/p>\n\n\n\n<blockquote class=\"wp-block-quote quote-solid is-layout-flow wp-block-quote quote-solid-is-layout-flow\">\n<p>Bu yerler sizi kesmedimi 700&#8217;den fazla karavan kamp\u0131 yapabilece\u011finiz yerlere <strong><em><a href=\"https:\/\/geziyoo.co\/listing-category\/turkiye-karavan-alanlari-ve-parklari\/\">Geziyoo.co<\/a><\/em><\/strong> anasayfam\u0131zdan ula\u015fabilir tatilin keyfini \u00e7\u0131karabilirsiniz.<\/p>\n<\/blockquote>\n\n\n\n<hr class=\"wp-block-separator has-css-opacity is-style-wide\"\/>\n\n\n\n<h2 class=\"wp-block-heading\">Motokaravan K\u00f6pr\u00fclerden ve Normal Yollardan Ge\u00e7ebilir mi?<\/h2>\n\n\n\n<figure class=\"wp-block-image size-large\"><img decoding=\"async\" width=\"1024\" height=\"576\" data-src=\"https:\/\/geziyoo.co\/blog\/wp-content\/uploads\/2023\/04\/karavanla-yasam-1024x576.jpg\" alt=\"\" class=\"wp-image-12318 lazyload\" data-srcset=\"https:\/\/geziyoo.co\/blog\/wp-content\/uploads\/2023\/04\/karavanla-yasam-1024x576.jpg 1024w, https:\/\/geziyoo.co\/blog\/wp-content\/uploads\/2023\/04\/karavanla-yasam-300x169.jpg 300w, https:\/\/geziyoo.co\/blog\/wp-content\/uploads\/2023\/04\/karavanla-yasam-768x432.jpg 768w, https:\/\/geziyoo.co\/blog\/wp-content\/uploads\/2023\/04\/karavanla-yasam-390x220.jpg 390w, https:\/\/geziyoo.co\/blog\/wp-content\/uploads\/2023\/04\/karavanla-yasam.jpg 1200w\" data-sizes=\"(max-width: 1024px) 100vw, 1024px\" src=\"data:image\/gif;base64,R0lGODlhAQABAAAAACH5BAEKAAEALAAAAAABAAEAAAICTAEAOw==\" style=\"--smush-placeholder-width: 1024px; --smush-placeholder-aspect-ratio: 1024\/576;\" \/><\/figure>\n\n\n\n<p>Motokaravan\u0131n\u0131z\u0131 \u015fehir i\u00e7inde normal bir araba gibi kullanabilirsiniz. M1 s\u0131n\u0131f\u0131 ara\u00e7 oldu\u011fu i\u00e7in k\u00f6pr\u00fclerden de bir s\u0131k\u0131nt\u0131 ya\u015famadan ge\u00e7ebilirsiniz.<strong><em><a href=\"https:\/\/geziyoo.co\/blog\/karavanlar-koprulerden-ve-normal-yollardan-gecebilir-mi\/\">BURADAN<\/a><\/em><\/strong> HGS detaylar\u0131na ve di\u011fer detayl\u0131 bilgilere ula\u015fabilir akl\u0131n\u0131zaki sorular\u0131n cevab\u0131n\u0131 bulabilirsiniz.<\/p>\n\n\n\n<hr class=\"wp-block-separator has-css-opacity is-style-wide\"\/>\n\n\n\n<h2 class=\"wp-block-heading\">Motokaravan K\u00f6pr\u00fclerden ve Normal Yollardan Ge\u00e7ebilir mi?<\/h2>\n\n\n\n<figure class=\"wp-block-image size-large\"><img decoding=\"async\" width=\"1024\" height=\"768\" data-src=\"https:\/\/geziyoo.co\/blog\/wp-content\/uploads\/2023\/04\/Karavaninizda-yapabileceginiz-pratik-ve-lezzetli-yemekler-1024x768.jpeg\" alt=\"\" class=\"wp-image-12394 lazyload\" data-srcset=\"https:\/\/geziyoo.co\/blog\/wp-content\/uploads\/2023\/04\/Karavaninizda-yapabileceginiz-pratik-ve-lezzetli-yemekler-1024x768.jpeg 1024w, https:\/\/geziyoo.co\/blog\/wp-content\/uploads\/2023\/04\/Karavaninizda-yapabileceginiz-pratik-ve-lezzetli-yemekler-300x225.jpeg 300w, https:\/\/geziyoo.co\/blog\/wp-content\/uploads\/2023\/04\/Karavaninizda-yapabileceginiz-pratik-ve-lezzetli-yemekler-768x576.jpeg 768w, https:\/\/geziyoo.co\/blog\/wp-content\/uploads\/2023\/04\/Karavaninizda-yapabileceginiz-pratik-ve-lezzetli-yemekler-scaled.jpeg 1067w\" data-sizes=\"(max-width: 1024px) 100vw, 1024px\" src=\"data:image\/gif;base64,R0lGODlhAQABAAAAACH5BAEKAAEALAAAAAABAAEAAAICTAEAOw==\" style=\"--smush-placeholder-width: 1024px; --smush-placeholder-aspect-ratio: 1024\/768;\" \/><\/figure>\n\n\n\n<p>Motokaravan\u0131n\u0131z\u0131 \u015fehir i\u00e7inde normal bir araba gibi kullanabilirsiniz. M1 s\u0131n\u0131f\u0131 ara\u00e7 oldu\u011fu i\u00e7in k\u00f6pr\u00fclerden de bir s\u0131k\u0131nt\u0131 ya\u015famadan ge\u00e7ebilirsiniz.<strong><em><a href=\"https:\/\/geziyoo.co\/blog\/karavanlar-koprulerden-ve-normal-yollardan-gecebilir-mi\/\">BURADAN<\/a><\/em><\/strong> detayl\u0131 bilgilere ula\u015fabilirsiniz.<\/p>\n\n\n\n<hr class=\"wp-block-separator has-css-opacity is-style-wide\"\/>\n\n\n\n<h2 class=\"wp-block-heading\">Karavanda Her Mevsim Ya\u015fanabilir mi?<\/h2>\n\n\n\n<figure class=\"wp-block-image size-large\"><img decoding=\"async\" width=\"1024\" height=\"682\" data-src=\"https:\/\/geziyoo.co\/blog\/wp-content\/uploads\/2023\/04\/Karavanda-ne-tur-guvenlik-onlemleri-alinabilir-1024x682.jpg\" alt=\"\" class=\"wp-image-12396 lazyload\" data-srcset=\"https:\/\/geziyoo.co\/blog\/wp-content\/uploads\/2023\/04\/Karavanda-ne-tur-guvenlik-onlemleri-alinabilir-1024x682.jpg 1024w, https:\/\/geziyoo.co\/blog\/wp-content\/uploads\/2023\/04\/Karavanda-ne-tur-guvenlik-onlemleri-alinabilir-300x200.jpg 300w, https:\/\/geziyoo.co\/blog\/wp-content\/uploads\/2023\/04\/Karavanda-ne-tur-guvenlik-onlemleri-alinabilir-768x512.jpg 768w, https:\/\/geziyoo.co\/blog\/wp-content\/uploads\/2023\/04\/Karavanda-ne-tur-guvenlik-onlemleri-alinabilir-1536x1023.jpg 1536w, https:\/\/geziyoo.co\/blog\/wp-content\/uploads\/2023\/04\/Karavanda-ne-tur-guvenlik-onlemleri-alinabilir-scaled.jpg 1200w\" data-sizes=\"(max-width: 1024px) 100vw, 1024px\" src=\"data:image\/gif;base64,R0lGODlhAQABAAAAACH5BAEKAAEALAAAAAABAAEAAAICTAEAOw==\" style=\"--smush-placeholder-width: 1024px; --smush-placeholder-aspect-ratio: 1024\/682;\" \/><\/figure>\n\n\n\n<p>Karavanlar, genellikle her mevsimde kullan\u0131ma uygun olan ta\u015f\u0131nabilir konutlard\u0131r. Ancak, her mevsimde rahat ve konforlu bir \u015fekilde ya\u015famak i\u00e7in baz\u0131 \u00f6nlemler almak \u00f6nemlidir. \u0130\u015fte karavanda her mevsim ya\u015famak i\u00e7in dikkate alman\u0131z gereken baz\u0131 fakt\u00f6rlerin oldu\u011funu unutmay\u0131n.<\/p>\n\n\n\n<blockquote class=\"wp-block-quote quote-solid is-layout-flow wp-block-quote quote-solid-is-layout-flow\">\n<p>Karavanda her mevsim rahat bir \u015fekilde ya\u015fanabilir.Karavan ekipmanlar\u0131n\u0131z do\u011fru oldu\u011fu zaman hi\u00e7 bir s\u0131k\u0131nt\u0131 ya\u015famazs\u0131n\u0131z.Detayl\u0131 bilgiler i\u00e7in <strong><em><a href=\"https:\/\/geziyoo.co\/blog\/karavanda-her-mevsim-yasanabilir-mi\/\">Karavanda Her Mevsim Ya\u015fanabilir mi?<\/a><\/em><\/strong> i\u00e7eri\u011fimize bakman\u0131z\u0131 \u00f6neririz.<\/p>\n<\/blockquote>\n\n\n\n<hr class=\"wp-block-separator has-css-opacity is-style-wide\"\/>\n\n\n\n<h2 class=\"wp-block-heading\">Karavan\u0131n zorluklar\u0131 nelerdir?<\/h2>\n\n\n\n<figure class=\"wp-block-image size-large\"><img decoding=\"async\" width=\"950\" height=\"800\" data-src=\"https:\/\/geziyoo.co\/blog\/wp-content\/uploads\/2023\/04\/Karavanda-Yangin-Guvenligi.jpg\" alt=\"\" class=\"wp-image-12405 lazyload\" data-srcset=\"https:\/\/geziyoo.co\/blog\/wp-content\/uploads\/2023\/04\/Karavanda-Yangin-Guvenligi.jpg 950w, https:\/\/geziyoo.co\/blog\/wp-content\/uploads\/2023\/04\/Karavanda-Yangin-Guvenligi-300x253.jpg 300w, https:\/\/geziyoo.co\/blog\/wp-content\/uploads\/2023\/04\/Karavanda-Yangin-Guvenligi-768x646.jpg 768w\" data-sizes=\"(max-width: 950px) 100vw, 950px\" src=\"data:image\/gif;base64,R0lGODlhAQABAAAAACH5BAEKAAEALAAAAAABAAEAAAICTAEAOw==\" style=\"--smush-placeholder-width: 950px; --smush-placeholder-aspect-ratio: 950\/800;\" \/><\/figure>\n\n\n\n<p>\u00d6ncelikle k\u00fc\u00e7\u00fck bir ya\u015fam alan\u0131na sahip olacaks\u0131n\u0131z Is\u0131nmada sorunlar ya\u015faman\u0131z pek muhtemel,wc sorun olabilir,du\u015f s\u0131k\u0131nt\u0131s\u0131 ve az miktarda suya sahip olman\u0131z.Her g\u00fczelli\u011fin bir kusuru oldu\u011fu gibi Karavan\u0131nda olumsuz y\u00f6nleri yok de\u011fil.Fakat basit \u015feyler ve ekipmanlar ile hayalinizdeki karavan hayat\u0131n\u0131 ya\u015fayabilirsiniz<\/p>\n\n\n\n<blockquote class=\"wp-block-quote quote-solid is-layout-flow wp-block-quote quote-solid-is-layout-flow\">\n<p><strong><em><a href=\"http:\/\/xn--karavan%20hayatnn%20zorluklar%20ve%20zm%20yntemleri-doe90fga83an5hban\/\">Karavan Hayat\u0131n\u0131n Zorluklar\u0131 ve \u00c7\u00f6z\u00fcm Y\u00f6ntemleri<\/a><\/em><\/strong> i\u00e7eri\u011fimize bakarak daha detayl\u0131 bilgiler edinebilirsiniz.<\/p>\n<\/blockquote>\n\n\n\n<hr class=\"wp-block-separator has-css-opacity is-style-wide\"\/>\n\n\n\n<h2 class=\"wp-block-heading\">Motokaravan m\u0131 \u00c7ekme Karavan m\u0131?<\/h2>\n\n\n\n<figure class=\"wp-block-image size-large\"><img decoding=\"async\" width=\"1024\" height=\"588\" data-src=\"https:\/\/geziyoo.co\/blog\/wp-content\/uploads\/2023\/04\/Turkiye-Karavan-Alanlari-Haritasi-1024x588.png\" alt=\"\" class=\"wp-image-12409 lazyload\" data-srcset=\"https:\/\/geziyoo.co\/blog\/wp-content\/uploads\/2023\/04\/Turkiye-Karavan-Alanlari-Haritasi-1024x588.png 1024w, https:\/\/geziyoo.co\/blog\/wp-content\/uploads\/2023\/04\/Turkiye-Karavan-Alanlari-Haritasi-300x172.png 300w, https:\/\/geziyoo.co\/blog\/wp-content\/uploads\/2023\/04\/Turkiye-Karavan-Alanlari-Haritasi-768x441.png 768w, https:\/\/geziyoo.co\/blog\/wp-content\/uploads\/2023\/04\/Turkiye-Karavan-Alanlari-Haritasi-1536x882.png 1536w, https:\/\/geziyoo.co\/blog\/wp-content\/uploads\/2023\/04\/Turkiye-Karavan-Alanlari-Haritasi.png 1200w\" data-sizes=\"(max-width: 1024px) 100vw, 1024px\" src=\"data:image\/gif;base64,R0lGODlhAQABAAAAACH5BAEKAAEALAAAAAABAAEAAAICTAEAOw==\" style=\"--smush-placeholder-width: 1024px; --smush-placeholder-aspect-ratio: 1024\/588;\" \/><\/figure>\n\n\n\n<p><strong>Motorlu karavanlar<\/strong>, karoseri \u00fczerinde konaklama birimi bulunan, motor g\u00fcc\u00fcyle hareket edebilen \u00f6zel maksatl\u0131 ara\u00e7lard\u0131r.<\/p>\n\n\n\n<p><strong>\u00c7ekme karavanlar<\/strong> ise \u00f6zel bir ara\u00e7la \u00e7ekilen ve konaklama birimi olan r\u00f6morklard\u0131r. Motorlu karavanlar ba\u011f\u0131ms\u0131z bir \u015fekilde seyahat edebilirken, \u00e7ekme karavanlar bir \u00e7ekici ara\u00e7la ta\u015f\u0131n\u0131r ve ba\u011fland\u0131\u011f\u0131 arac\u0131n hareket g\u00fcc\u00fcnden faydalan\u0131r.<\/p>\n\n\n\n<p>Bu soru herkesin en s\u0131k sordu\u011fu sorulardan.Bunun cevab\u0131n\u0131 ihtiya\u00e7lar\u0131n\u0131z ve hayata bak\u0131\u015f a\u00e7\u0131n\u0131zla birlikte ki\u015fisel \u00f6zellikleriniz belirleyecektir.asl\u0131nda bu sorunun cevab\u0131 tamamen sizle ilgilidir.<\/p>\n\n\n\n<blockquote class=\"wp-block-quote quote-solid is-layout-flow wp-block-quote quote-solid-is-layout-flow\">\n<p><strong><a href=\"https:\/\/geziyoo.co\/blog\/cekme-karavan-mi-motokaravan-mi\/\"><em>Motokaravan m\u0131 \u00c7ekme Karavan m\u0131<\/em>?<\/a><\/strong> i\u00e7eri\u011fimize bakarak modokaravan m\u0131 yoksa \u00e7ekme karavan m\u0131 tercih etmelisiniz sorunuzun yan\u0131t\u0131n\u0131 bulabilirsiniz.<\/p>\n<\/blockquote>\n\n\n\n<hr class=\"wp-block-separator has-css-opacity is-style-wide\"\/>\n\n\n\n<h2 class=\"wp-block-heading\">Karavan&#8217;da olmas\u0131 gereken ekipmanlar nelerdir?<\/h2>\n\n\n\n<figure class=\"wp-block-image size-large\"><img decoding=\"async\" width=\"800\" height=\"601\" data-src=\"https:\/\/geziyoo.co\/blog\/wp-content\/uploads\/2023\/04\/Karavanciligin-Gecmisi-ve-Karavancilik-Tarihi.jpg\" alt=\"\" class=\"wp-image-12411 lazyload\" data-srcset=\"https:\/\/geziyoo.co\/blog\/wp-content\/uploads\/2023\/04\/Karavanciligin-Gecmisi-ve-Karavancilik-Tarihi.jpg 800w, https:\/\/geziyoo.co\/blog\/wp-content\/uploads\/2023\/04\/Karavanciligin-Gecmisi-ve-Karavancilik-Tarihi-300x225.jpg 300w, https:\/\/geziyoo.co\/blog\/wp-content\/uploads\/2023\/04\/Karavanciligin-Gecmisi-ve-Karavancilik-Tarihi-768x577.jpg 768w\" data-sizes=\"(max-width: 800px) 100vw, 800px\" src=\"data:image\/gif;base64,R0lGODlhAQABAAAAACH5BAEKAAEALAAAAAABAAEAAAICTAEAOw==\" style=\"--smush-placeholder-width: 800px; --smush-placeholder-aspect-ratio: 800\/601;\" \/><\/figure>\n\n\n\n<p>Karavanda olmazsa olmaz ekipmanlar\u0131 a\u015fa\u011f\u0131da sizler i\u00e7in s\u0131ralad\u0131k.Detayl\u0131 bilgiler i\u00e7in <strong><em><a href=\"https:\/\/geziyoo.co\/blog\/karavanda-olmasi-gereken-olmazsa-olmaz-ekipmanlar\/\">Karavan Ekipmanlar\u0131<\/a><\/em><\/strong> i\u00e7eri\u011fimize veya <strong><em><a href=\"https:\/\/geziyoo.co\/blog\/karavanda-olmasi-gereken-yardimci-ekipmanlar\/\" data-type=\"post\" data-id=\"5259\">karavanda olmas\u0131 gereken yard\u0131mc\u0131 ekipmanlar<\/a><\/em><\/strong> i\u00e7eri\u011fimize g\u00f6z atabilirsiniz.<\/p>\n\n\n\n<p>1.Takoz<br>2.Kamp Sandalyesi<br>3.\u0130lk Yard\u0131m Seti<br>4.Alet \u00c7antas\u0131<br>5.Mangal veya Barbek\u00fc<br>6.Portatif Masa<br>7.Kamp F\u0131r\u0131n\u0131<br>8.Portatif Vantilat\u00f6r<br>9.Hamak<br>10.Portatif Du\u015f<br>11.Termos<\/p>\n\n\n\n<hr class=\"wp-block-separator has-css-opacity is-style-wide\"\/>\n\n\n\n<h2 class=\"wp-block-heading\">Karavan Tuvalat \u00c7e\u015fitleri Nelerdir?<\/h2>\n\n\n\n<figure class=\"wp-block-image size-large\"><img decoding=\"async\" width=\"1024\" height=\"576\" data-src=\"https:\/\/geziyoo.co\/blog\/wp-content\/uploads\/2023\/04\/Karavanlarda-Kullanilabilecek-Klima-Alternatifleri-1024x576.jpg\" alt=\"\" class=\"wp-image-12415 lazyload\" data-srcset=\"https:\/\/geziyoo.co\/blog\/wp-content\/uploads\/2023\/04\/Karavanlarda-Kullanilabilecek-Klima-Alternatifleri-1024x576.jpg 1024w, https:\/\/geziyoo.co\/blog\/wp-content\/uploads\/2023\/04\/Karavanlarda-Kullanilabilecek-Klima-Alternatifleri-300x169.jpg 300w, https:\/\/geziyoo.co\/blog\/wp-content\/uploads\/2023\/04\/Karavanlarda-Kullanilabilecek-Klima-Alternatifleri-768x432.jpg 768w, https:\/\/geziyoo.co\/blog\/wp-content\/uploads\/2023\/04\/Karavanlarda-Kullanilabilecek-Klima-Alternatifleri-390x220.jpg 390w, https:\/\/geziyoo.co\/blog\/wp-content\/uploads\/2023\/04\/Karavanlarda-Kullanilabilecek-Klima-Alternatifleri-scaled.jpg 1200w\" data-sizes=\"(max-width: 1024px) 100vw, 1024px\" src=\"data:image\/gif;base64,R0lGODlhAQABAAAAACH5BAEKAAEALAAAAAABAAEAAAICTAEAOw==\" style=\"--smush-placeholder-width: 1024px; --smush-placeholder-aspect-ratio: 1024\/576;\" \/><\/figure>\n\n\n\n<p><strong>Kimyasal Tuvaletler: <\/strong>Kimyasal tuvaletler, karavan i\u00e7inde kullan\u0131labilecek ta\u015f\u0131nabilir bir tuvalet se\u00e7ene\u011fidir. Bu tuvaletlerde, d\u0131\u015fk\u0131 ve idrar\u0131n kokusunu \u00f6nlemek ve par\u00e7alamak i\u00e7in kimyasal maddeler kullan\u0131l\u0131r. Kimyasal tuvaletler, \u00e7\u0131kar\u0131labilir bir at\u0131k tank\u0131na sahiptir ve at\u0131k tank\u0131 d\u00fczenli olarak bo\u015falt\u0131lmal\u0131d\u0131r.<\/p>\n\n\n\n<p><strong>Kasetli Tuvaletler:<\/strong> Kasetli tuvaletler, karavan\u0131n i\u00e7erisinde yerle\u015ftirilen ve ta\u015f\u0131nabilir bir at\u0131k tank\u0131na sahip olan bir tuvalet sistemidir. Bu sistemde, d\u0131\u015fk\u0131 ve idrar at\u0131klar\u0131 bir kaset ad\u0131 verilen ta\u015f\u0131nabilir bir tanka toplan\u0131r. Kasetli tuvaletler, at\u0131k tank\u0131n\u0131 bo\u015faltmak i\u00e7in d\u0131\u015far\u0131ya \u00e7\u0131kar\u0131labilir ve temizlenebilir.<\/p>\n\n\n\n<p>Bu tuvalet \u00e7e\u015fitleri, karavan kullan\u0131c\u0131lar\u0131n\u0131n ihtiya\u00e7lar\u0131na ve tercihlerine ba\u011fl\u0131 olarak se\u00e7ilebilir. Kimyasal tuvaletler genellikle daha yayg\u0131n ve ta\u015f\u0131nabilirlikleri nedeniyle tercih edilirken, kasetli tuvaletler daha kapasiteli at\u0131k tanklar\u0131na sahip olabilir ve daha uzun s\u00fcre kullan\u0131lmaya uygun olabilir.<\/p>\n\n\n\n<blockquote class=\"wp-block-quote quote-solid is-layout-flow wp-block-quote quote-solid-is-layout-flow\">\n<p>Karavanlarda bir \u00e7ok tuvalket \u00e7e\u015fidi bulunmakta.<strong><em><a href=\"https:\/\/geziyoo.co\/blog\/karavan-tuvalet-cesitleri-nelerdir\/\">Karavan Tuvalet \u00e7e\u015fitleri<\/a><\/em><\/strong> i\u00e7eri\u011fimize bakman\u0131z\u0131 \u00f6neririz .<br><\/p>\n<\/blockquote>\n\n\n\n<hr class=\"wp-block-separator has-css-opacity is-style-wide\"\/>\n\n\n\n<h2 class=\"wp-block-heading\">Karavan\u2019da Nas\u0131l Du\u015f Al\u0131n\u0131r?<\/h2>\n\n\n\n<figure class=\"wp-block-image size-large\"><img decoding=\"async\" width=\"1024\" height=\"543\" data-src=\"https:\/\/geziyoo.co\/blog\/wp-content\/uploads\/2023\/04\/Karavanda-Camasir-Yikama-1024x543.jpg\" alt=\"\" class=\"wp-image-12418 lazyload\" data-srcset=\"https:\/\/geziyoo.co\/blog\/wp-content\/uploads\/2023\/04\/Karavanda-Camasir-Yikama-1024x543.jpg 1024w, https:\/\/geziyoo.co\/blog\/wp-content\/uploads\/2023\/04\/Karavanda-Camasir-Yikama-300x159.jpg 300w, https:\/\/geziyoo.co\/blog\/wp-content\/uploads\/2023\/04\/Karavanda-Camasir-Yikama-768x407.jpg 768w, https:\/\/geziyoo.co\/blog\/wp-content\/uploads\/2023\/04\/Karavanda-Camasir-Yikama-1536x814.jpg 1536w, https:\/\/geziyoo.co\/blog\/wp-content\/uploads\/2023\/04\/Karavanda-Camasir-Yikama-scaled.jpg 1200w\" data-sizes=\"(max-width: 1024px) 100vw, 1024px\" src=\"data:image\/gif;base64,R0lGODlhAQABAAAAACH5BAEKAAEALAAAAAABAAEAAAICTAEAOw==\" style=\"--smush-placeholder-width: 1024px; --smush-placeholder-aspect-ratio: 1024\/543;\" \/><\/figure>\n\n\n\n<p>Yeni nesil karavanlarda genellikle du\u015f var fakat baz\u0131 karavanlarda olmayadabiliyor.Bu sorunu, karavan i\u00e7in pratik du\u015f ekipmanlar\u0131 ile kolay bir \u015fekilde \u00e7\u00f6zebilirsiniz.<\/p>\n\n\n\n<p>Karavan\u2019da rahat\u00e7a du\u015f alabilmeniz i\u00e7in basit birka\u00e7 portatif du\u015f ekipman\u0131 ile karavanda du\u015f problemi nas\u0131l \u00e7\u00f6z\u00fclebilir bunu aktaraca\u011f\u0131z.<em><a href=\"https:\/\/geziyoo.co\/blog\/kamp-yaparken-ve-karavanda-nasil-dus-alinir-pratik-dus-ekipmanlari\/\"><strong>Karavan Du\u015f Y\u00f6ntemlerini<\/strong><\/a><\/em> inceleyerek hayat\u0131n\u0131z\u0131 \u00e7ok kolayla\u015ft\u0131racak du\u015f y\u00f6ntemlerine ve du\u015f malzemelerine ula\u015fabilirsiniz.<\/p>\n\n\n\n<hr class=\"wp-block-separator has-css-opacity is-style-wide\"\/>\n\n\n\n<h2 class=\"wp-block-heading\">Karavan&#8217;da \u00d6TV oran\u0131 ka\u00e7t\u0131r?<\/h2>\n\n\n\n<figure class=\"wp-block-image size-large\"><img decoding=\"async\" width=\"1024\" height=\"576\" data-src=\"https:\/\/geziyoo.co\/blog\/wp-content\/uploads\/2023\/04\/Karavan-Tatilinde-Nasil-Tasarruf-Edilir-1024x576.jpg\" alt=\"\" class=\"wp-image-12426 lazyload\" data-srcset=\"https:\/\/geziyoo.co\/blog\/wp-content\/uploads\/2023\/04\/Karavan-Tatilinde-Nasil-Tasarruf-Edilir-1024x576.jpg 1024w, https:\/\/geziyoo.co\/blog\/wp-content\/uploads\/2023\/04\/Karavan-Tatilinde-Nasil-Tasarruf-Edilir-300x169.jpg 300w, https:\/\/geziyoo.co\/blog\/wp-content\/uploads\/2023\/04\/Karavan-Tatilinde-Nasil-Tasarruf-Edilir-768x432.jpg 768w, https:\/\/geziyoo.co\/blog\/wp-content\/uploads\/2023\/04\/Karavan-Tatilinde-Nasil-Tasarruf-Edilir-390x220.jpg 390w, https:\/\/geziyoo.co\/blog\/wp-content\/uploads\/2023\/04\/Karavan-Tatilinde-Nasil-Tasarruf-Edilir-scaled.jpg 1200w\" data-sizes=\"(max-width: 1024px) 100vw, 1024px\" src=\"data:image\/gif;base64,R0lGODlhAQABAAAAACH5BAEKAAEALAAAAAABAAEAAAICTAEAOw==\" style=\"--smush-placeholder-width: 1024px; --smush-placeholder-aspect-ratio: 1024\/576;\" \/><\/figure>\n\n\n\n<p><strong>Karavanlarda \u00d6TV oran\u0131 %45 dir. <\/strong>Karavan \u00d6TV oranlar\u0131 ile ilgili detayl\u0131 bilgilere <strong><em><a href=\"https:\/\/geziyoo.co\/blog\/karavanda-otv-orani-ne-kadar-karavan-otv-orani\/\">BURADAN <\/a><\/em><\/strong>ula\u015fabilirsiniz.<\/p>\n\n\n\n<hr class=\"wp-block-separator has-css-opacity is-style-wide\"\/>\n\n\n\n<h2 class=\"wp-block-heading\">2023 Y\u0131l\u0131 Karavan Muayene \u00dccreti Ne Kadar?<\/h2>\n\n\n\n<figure class=\"wp-block-image size-large\"><img decoding=\"async\" width=\"960\" height=\"630\" data-src=\"https:\/\/geziyoo.co\/blog\/wp-content\/uploads\/2023\/04\/Karavan-Almak-Isteyenlerin-Yaptigi-Hatalar.jpg\" alt=\"\" class=\"wp-image-12430 lazyload\" data-srcset=\"https:\/\/geziyoo.co\/blog\/wp-content\/uploads\/2023\/04\/Karavan-Almak-Isteyenlerin-Yaptigi-Hatalar.jpg 960w, https:\/\/geziyoo.co\/blog\/wp-content\/uploads\/2023\/04\/Karavan-Almak-Isteyenlerin-Yaptigi-Hatalar-300x197.jpg 300w, https:\/\/geziyoo.co\/blog\/wp-content\/uploads\/2023\/04\/Karavan-Almak-Isteyenlerin-Yaptigi-Hatalar-768x504.jpg 768w\" data-sizes=\"(max-width: 960px) 100vw, 960px\" src=\"data:image\/gif;base64,R0lGODlhAQABAAAAACH5BAEKAAEALAAAAAABAAEAAAICTAEAOw==\" style=\"--smush-placeholder-width: 960px; --smush-placeholder-aspect-ratio: 960\/630;\" \/><\/figure>\n\n\n\n<p><strong><strong>2025 y\u0131l\u0131nda karavanlar, genellikle \u201c\u00f6zel ama\u00e7l\u0131 ta\u015f\u0131t\u201d kategorisinde de\u011ferlendirilmektedir. Bu kategoriye giren ara\u00e7lar\u0131n muayene \u00fccreti, 1 Ocak 2025 itibar\u0131yla 2.621 TL olarak belirlenmi\u015ftir.<\/strong>.<em><a href=\"https:\/\/geziyoo.co\/blog\/2021-yili-karavan-muayene-ucreti-ne-kadar\/\">BURADAN<\/a><\/em><\/strong> karavan muayene \u00fccretleri ile ilgili detayl\u0131 bilgilere ula\u015fabilirsiniz.<\/p>\n\n\n\n<hr class=\"wp-block-separator has-css-opacity is-style-wide\"\/>\n\n\n\n<h2 class=\"wp-block-heading\">Karavan kiralayan firmalar nelerdir?<\/h2>\n\n\n\n<figure class=\"wp-block-image size-large\"><img decoding=\"async\" width=\"1024\" height=\"614\" data-src=\"https:\/\/geziyoo.co\/blog\/wp-content\/uploads\/2023\/04\/Motokaravan-icin-uygun-araclar-1024x614.jpg\" alt=\"\" class=\"wp-image-12441 lazyload\" data-srcset=\"https:\/\/geziyoo.co\/blog\/wp-content\/uploads\/2023\/04\/Motokaravan-icin-uygun-araclar-1024x614.jpg 1024w, https:\/\/geziyoo.co\/blog\/wp-content\/uploads\/2023\/04\/Motokaravan-icin-uygun-araclar-300x180.jpg 300w, https:\/\/geziyoo.co\/blog\/wp-content\/uploads\/2023\/04\/Motokaravan-icin-uygun-araclar-768x461.jpg 768w, https:\/\/geziyoo.co\/blog\/wp-content\/uploads\/2023\/04\/Motokaravan-icin-uygun-araclar.jpg 1200w\" data-sizes=\"(max-width: 1024px) 100vw, 1024px\" src=\"data:image\/gif;base64,R0lGODlhAQABAAAAACH5BAEKAAEALAAAAAABAAEAAAICTAEAOw==\" style=\"--smush-placeholder-width: 1024px; --smush-placeholder-aspect-ratio: 1024\/614;\" \/><\/figure>\n\n\n\n<p>A\u015fa\u011f\u0131da belirtti\u011fimiz firmalar karavan kiralama i\u015fiyle u\u011fra\u015fmaktad\u0131r.<strong><em><a href=\"https:\/\/geziyoo.co\/blog\/karavan-kiralayan-firmalar-ve-sirketler\/\">Karavan Kiralayan firmalar<\/a><\/em><\/strong> i\u00e7eri\u011fimizde ilgili firmalar\u0131 inceleyebilirsiniz.<br>1.Saly Karavan<br>2.Casavan Karavan<br>3.Naz Karavan<br>4.Avis<br>5.Letsgo Camper<\/p>\n\n\n\n<hr class=\"wp-block-separator has-css-opacity is-style-wide\"\/>\n\n\n\n<h2 class=\"wp-block-heading\">Karavan \u00dcreten Firmalar nelerdir?<\/h2>\n\n\n\n<figure class=\"wp-block-image size-large\"><img decoding=\"async\" width=\"1024\" height=\"683\" data-src=\"https:\/\/geziyoo.co\/blog\/wp-content\/uploads\/2023\/04\/Cekme-Karavanda-Seyir-Halinde-Yolcu-Tasinir-mi-1024x683.jpg\" alt=\"\" class=\"wp-image-12449 lazyload\" data-srcset=\"https:\/\/geziyoo.co\/blog\/wp-content\/uploads\/2023\/04\/Cekme-Karavanda-Seyir-Halinde-Yolcu-Tasinir-mi-1024x683.jpg 1024w, https:\/\/geziyoo.co\/blog\/wp-content\/uploads\/2023\/04\/Cekme-Karavanda-Seyir-Halinde-Yolcu-Tasinir-mi-300x200.jpg 300w, https:\/\/geziyoo.co\/blog\/wp-content\/uploads\/2023\/04\/Cekme-Karavanda-Seyir-Halinde-Yolcu-Tasinir-mi-768x512.jpg 768w, https:\/\/geziyoo.co\/blog\/wp-content\/uploads\/2023\/04\/Cekme-Karavanda-Seyir-Halinde-Yolcu-Tasinir-mi-1536x1025.jpg 1536w, https:\/\/geziyoo.co\/blog\/wp-content\/uploads\/2023\/04\/Cekme-Karavanda-Seyir-Halinde-Yolcu-Tasinir-mi-scaled.jpg 1200w\" data-sizes=\"(max-width: 1024px) 100vw, 1024px\" src=\"data:image\/gif;base64,R0lGODlhAQABAAAAACH5BAEKAAEALAAAAAABAAEAAAICTAEAOw==\" style=\"--smush-placeholder-width: 1024px; --smush-placeholder-aspect-ratio: 1024\/683;\" \/><\/figure>\n\n\n\n<p>A\u015fa\u011f\u0131da belirtti\u011fimiz firmalar karavan \u00fcretimi i\u015fiyle u\u011fra\u015fmaktad\u0131r.<strong><em><a href=\"https:\/\/geziyoo.co\/blog\/karavan-ureten-firmalar-ve-karavan-ureticileri\/\">Karavan \u00fcreten firmalar<\/a><\/em><\/strong> i\u00e7eri\u011fimizde ilgili firmalar\u0131 inceleyebilirsiniz.<\/p>\n\n\n\n<ul class=\"wp-block-list\">\n<li>1.Swan Karavan<\/li>\n\n\n\n<li>2.Ba\u015fo\u011flu Karavan<\/li>\n\n\n\n<li>3.Dolphin Karavan<\/li>\n\n\n\n<li>4.Emeksan Karavan<\/li>\n\n\n\n<li>5.Saly Karavan<\/li>\n\n\n\n<li>6.\u0130maj Karavan<\/li>\n\n\n\n<li>7.Erba Karavan<\/li>\n\n\n\n<li>8.Pino Karavan<\/li>\n\n\n\n<li>9.Aysan Karavan<\/li>\n\n\n\n<li>10.Soyut Karavan<\/li>\n<\/ul>\n\n\n\n<hr class=\"wp-block-separator has-css-opacity is-style-wide\"\/>\n\n\n\n<h2 class=\"wp-block-heading\">2025 Karavan Fiyatlar\u0131<\/h2>\n\n\n\n<figure class=\"wp-block-image size-large\"><img decoding=\"async\" width=\"1024\" height=\"576\" data-src=\"https:\/\/geziyoo.co\/blog\/wp-content\/uploads\/2023\/04\/Karavanlar-Koprulerden-ve-Normal-Yollardan-Gecebilir-mi-1024x576.jpg\" alt=\"\" class=\"wp-image-12453 lazyload\" data-srcset=\"https:\/\/geziyoo.co\/blog\/wp-content\/uploads\/2023\/04\/Karavanlar-Koprulerden-ve-Normal-Yollardan-Gecebilir-mi-1024x576.jpg 1024w, https:\/\/geziyoo.co\/blog\/wp-content\/uploads\/2023\/04\/Karavanlar-Koprulerden-ve-Normal-Yollardan-Gecebilir-mi-300x169.jpg 300w, https:\/\/geziyoo.co\/blog\/wp-content\/uploads\/2023\/04\/Karavanlar-Koprulerden-ve-Normal-Yollardan-Gecebilir-mi-768x432.jpg 768w, https:\/\/geziyoo.co\/blog\/wp-content\/uploads\/2023\/04\/Karavanlar-Koprulerden-ve-Normal-Yollardan-Gecebilir-mi-390x220.jpg 390w, https:\/\/geziyoo.co\/blog\/wp-content\/uploads\/2023\/04\/Karavanlar-Koprulerden-ve-Normal-Yollardan-Gecebilir-mi.jpg 1200w\" data-sizes=\"(max-width: 1024px) 100vw, 1024px\" src=\"data:image\/gif;base64,R0lGODlhAQABAAAAACH5BAEKAAEALAAAAAABAAEAAAICTAEAOw==\" style=\"--smush-placeholder-width: 1024px; --smush-placeholder-aspect-ratio: 1024\/576;\" \/><\/figure>\n\n\n\n<p><strong>2025 y\u0131l\u0131 itibariyle karavan fiyatlar\u0131 550.000 TL&#8217;den ba\u015flay\u0131p 2.500.000 TL&#8217; ye kadar \u00e7\u0131kmakta<\/strong>.<strong><em><a href=\"https:\/\/geziyoo.co\/blog\/karavan-siparisi-ve-karavan-fiyatlari\/\">BURADAN<\/a><\/em><\/strong> karavan fiyatlar\u0131 ile ilgili detayl\u0131 bilgilere ula\u015fabilirsiniz.<\/p>\n\n\n\n<p>Karavan fiyat\u0131nda \u00e7ekme karavanlar\u0131n daha uygun oldu\u011funu belirtelim.<\/p>\n\n\n\n<hr class=\"wp-block-separator has-css-opacity is-style-wide\"\/>\n\n\n\n<h2 class=\"wp-block-heading\">Karavanda ya\u015famak yasal m\u0131?<\/h2>\n\n\n\n<figure class=\"wp-block-image size-large\"><img decoding=\"async\" width=\"1024\" height=\"576\" data-src=\"https:\/\/geziyoo.co\/blog\/wp-content\/uploads\/2023\/04\/Karavan-kullanmak-zor-mu-1024x576.jpg\" alt=\"\" class=\"wp-image-12470 lazyload\" data-srcset=\"https:\/\/geziyoo.co\/blog\/wp-content\/uploads\/2023\/04\/Karavan-kullanmak-zor-mu-1024x576.jpg 1024w, https:\/\/geziyoo.co\/blog\/wp-content\/uploads\/2023\/04\/Karavan-kullanmak-zor-mu-300x169.jpg 300w, https:\/\/geziyoo.co\/blog\/wp-content\/uploads\/2023\/04\/Karavan-kullanmak-zor-mu-768x432.jpg 768w, https:\/\/geziyoo.co\/blog\/wp-content\/uploads\/2023\/04\/Karavan-kullanmak-zor-mu-390x220.jpg 390w, https:\/\/geziyoo.co\/blog\/wp-content\/uploads\/2023\/04\/Karavan-kullanmak-zor-mu-scaled.jpg 1200w\" data-sizes=\"(max-width: 1024px) 100vw, 1024px\" src=\"data:image\/gif;base64,R0lGODlhAQABAAAAACH5BAEKAAEALAAAAAABAAEAAAICTAEAOw==\" style=\"--smush-placeholder-width: 1024px; --smush-placeholder-aspect-ratio: 1024\/576;\" \/><\/figure>\n\n\n\n<p>Evet karavanda ya\u015famak yasal.Fakat istedi\u011finiz her yere karavan\u0131z\u0131 \u00e7ekemezsiniz.\u00d6zel m\u00fclklere,trafi\u011fi tehlikeye sokacak yerlere park etmemniz \u00e7ok \u00f6nemlidir.<strong><em><a href=\"https:\/\/geziyoo.co\/blog\/karavanda-yasamak-yasal-mi\/\">Karavanda ya\u015famak yasal m\u0131?<\/a><\/em><\/strong> i\u00e7eri\u011fimizi inceleyerek detayl\u0131 bilgilere ula\u015fabilirsiniz.<\/p>\n\n\n\n<hr class=\"wp-block-separator has-css-opacity is-style-wide\"\/>\n\n\n\n<h2 class=\"wp-block-heading\">Karavan kullanmak zor mu?<\/h2>\n\n\n\n<figure class=\"wp-block-image size-large\"><img decoding=\"async\" width=\"1024\" height=\"683\" data-src=\"https:\/\/geziyoo.co\/blog\/wp-content\/uploads\/2023\/04\/Karavanlar-her-yerde-durabilir-mi-1024x683.jpg\" alt=\"\" class=\"wp-image-12482 lazyload\" data-srcset=\"https:\/\/geziyoo.co\/blog\/wp-content\/uploads\/2023\/04\/Karavanlar-her-yerde-durabilir-mi-1024x683.jpg 1024w, https:\/\/geziyoo.co\/blog\/wp-content\/uploads\/2023\/04\/Karavanlar-her-yerde-durabilir-mi-300x200.jpg 300w, https:\/\/geziyoo.co\/blog\/wp-content\/uploads\/2023\/04\/Karavanlar-her-yerde-durabilir-mi-768x512.jpg 768w, https:\/\/geziyoo.co\/blog\/wp-content\/uploads\/2023\/04\/Karavanlar-her-yerde-durabilir-mi.jpg 1200w\" data-sizes=\"(max-width: 1024px) 100vw, 1024px\" src=\"data:image\/gif;base64,R0lGODlhAQABAAAAACH5BAEKAAEALAAAAAABAAEAAAICTAEAOw==\" style=\"--smush-placeholder-width: 1024px; --smush-placeholder-aspect-ratio: 1024\/683;\" \/><\/figure>\n\n\n\n<p>Evet \u00f6zell\u015fkle ilk zamanlar \u00e7ekme karavan kullanmak zordur.\u0130lk zamanlarda a\u015f\u0131r\u0131 dikkat istiyor. Ancak en \u00f6nemlisi&nbsp;<strong>karavan<\/strong>&nbsp;\u00e7ekme kurallar\u0131na uymak; y\u00fck dengesine, katar uzunlu\u011funa, s\u00fcr\u00fc\u015f h\u0131z\u0131na ve emniyetine, lastik havalar\u0131na vs.<\/p>\n\n\n\n<p>Bir m\u00fcddet sonra art\u0131k duruma al\u0131\u015f\u0131yor ve y\u0131llard\u0131r kullan\u0131yormu\u015f hissine ula\u015f\u0131yorsunuz.Karavan Kullanmak Zor mu? i\u00e7eri\u011fimize bakarak detayl\u0131 bilgiler edinebilirsiniz.<strong><em><a href=\"https:\/\/geziyoo.co\/blog\/karavan-kullanmak-zor-mu\/\">Karavan Kullanmak Zor mu?<\/a><\/em><\/strong> i\u00e7eri\u011fimize bakarak detayl\u0131 bilgilere ula\u015fabilirsiniz.<\/p>\n\n\n\n<hr class=\"wp-block-separator has-css-opacity is-style-wide\"\/>\n\n\n\n<h2 class=\"wp-block-heading\">Karavanda klima olur mu?<\/h2>\n\n\n\n<figure class=\"wp-block-image size-large\"><img decoding=\"async\" width=\"1024\" height=\"536\" data-src=\"https:\/\/geziyoo.co\/blog\/wp-content\/uploads\/2023\/04\/Tiny-House-Evlerde-Her-Mevsim-Yasanir-mi-1024x536.jpg\" alt=\"\" class=\"wp-image-12595 lazyload\" data-srcset=\"https:\/\/geziyoo.co\/blog\/wp-content\/uploads\/2023\/04\/Tiny-House-Evlerde-Her-Mevsim-Yasanir-mi-1024x536.jpg 1024w, https:\/\/geziyoo.co\/blog\/wp-content\/uploads\/2023\/04\/Tiny-House-Evlerde-Her-Mevsim-Yasanir-mi-300x157.jpg 300w, https:\/\/geziyoo.co\/blog\/wp-content\/uploads\/2023\/04\/Tiny-House-Evlerde-Her-Mevsim-Yasanir-mi-768x402.jpg 768w, https:\/\/geziyoo.co\/blog\/wp-content\/uploads\/2023\/04\/Tiny-House-Evlerde-Her-Mevsim-Yasanir-mi.jpg 1200w\" data-sizes=\"(max-width: 1024px) 100vw, 1024px\" src=\"data:image\/gif;base64,R0lGODlhAQABAAAAACH5BAEKAAEALAAAAAABAAEAAAICTAEAOw==\" style=\"--smush-placeholder-width: 1024px; --smush-placeholder-aspect-ratio: 1024\/536;\" \/><\/figure>\n\n\n\n<p>Evet karavanlarda klmia olablir.Fakat elektri\u011fi maalesef \u015fehir \u015febekesinden \u00e7ekmelisiniz aksi takdirde kliman\u0131z \u00e7al\u0131\u015fmaz.<strong><em><a href=\"https:\/\/geziyoo.co\/blog\/karavanlarda-kullanilabilecek-klima-alternatifleri\/\">Karavan Klima \u00e7e\u015fitleri<\/a><\/em><\/strong> i\u00e7eri\u011fimize bakarak detayl\u0131 bilgilere ula\u015fabilirsiniz.<\/p>\n\n\n\n<p>Bu arada olurda yaz\u0131n s\u0131cakta karavan seyahtine \u00e7\u0131kt\u0131n\u0131z ve kliman\u0131z yok.Hi\u00e7 dert etemyin bunlar i\u00e7inde \u00e7e\u015fitli yollar bulunmakta.<strong><em><a href=\"https:\/\/geziyoo.co\/blog\/yazin-karavaninizda-olmazsa-olmaz-karavan-ekipmanlari\/\" data-type=\"post\" data-id=\"12138\">Yaz\u0131n karavan kamp\u0131<\/a><\/em><\/strong> nas\u0131l olur yaz\u0131m\u0131za bakarak ipu\u00e7lar\u0131na ula\u015fabilirsiniz.<\/p>\n\n\n\n<hr class=\"wp-block-separator has-css-opacity is-style-wide\"\/>\n\n\n\n<h2 class=\"wp-block-heading\">Karavanda \u0131s\u0131nma nas\u0131l oluyor?<\/h2>\n\n\n\n<figure class=\"wp-block-image size-large\"><img decoding=\"async\" width=\"1024\" height=\"576\" data-src=\"https:\/\/geziyoo.co\/blog\/wp-content\/uploads\/2023\/04\/Karavan-Kasko-1024x576.jpg\" alt=\"\" class=\"wp-image-12617 lazyload\" data-srcset=\"https:\/\/geziyoo.co\/blog\/wp-content\/uploads\/2023\/04\/Karavan-Kasko-1024x576.jpg 1024w, https:\/\/geziyoo.co\/blog\/wp-content\/uploads\/2023\/04\/Karavan-Kasko-300x169.jpg 300w, https:\/\/geziyoo.co\/blog\/wp-content\/uploads\/2023\/04\/Karavan-Kasko-768x432.jpg 768w, https:\/\/geziyoo.co\/blog\/wp-content\/uploads\/2023\/04\/Karavan-Kasko-390x220.jpg 390w, https:\/\/geziyoo.co\/blog\/wp-content\/uploads\/2023\/04\/Karavan-Kasko.jpg 1200w\" data-sizes=\"(max-width: 1024px) 100vw, 1024px\" src=\"data:image\/gif;base64,R0lGODlhAQABAAAAACH5BAEKAAEALAAAAAABAAEAAAICTAEAOw==\" style=\"--smush-placeholder-width: 1024px; --smush-placeholder-aspect-ratio: 1024\/576;\" \/><\/figure>\n\n\n\n<p>Karavanda \u0131s\u0131nma 2 \u015fekilde oluyor.Webasto dedi\u011fimiz dizelle \u00e7al\u0131\u015fan \u0131s\u0131t\u0131c\u0131 ve do\u011falgaz ile \u00e7al\u0131\u015fan \u0131s\u0131t\u0131c\u0131lard\u0131r.Webasto verimli ve uygun olmas\u0131na kar\u015f\u0131n a\u015f\u0131r\u0131 g\u00fcr\u00fclt\u00fcl\u00fc ve kokuludur.Fakat do\u011falgazla \u00e7al\u0131\u015fan a\u015f\u0131r\u0131s sessiz ve daha konforludur.<strong><em><a href=\"https:\/\/geziyoo.co\/blog\/karavanda-isinma-nasil-oluyor\/\">Karavanda Is\u0131nma Nas\u0131l Oluyor<\/a><\/em><\/strong> i\u00e7eri\u011fimize bakarak detayl\u0131 bilgilere ula\u015fabilirsiniz.<\/p>\n\n\n\n<hr class=\"wp-block-separator has-css-opacity is-style-wide\"\/>\n\n\n\n<h2 class=\"wp-block-heading\">Karavanlar her yerde durabilir mi?<\/h2>\n\n\n\n<figure class=\"wp-block-image size-large\"><img decoding=\"async\" width=\"1024\" height=\"576\" data-src=\"https:\/\/geziyoo.co\/blog\/wp-content\/uploads\/2023\/04\/Cekme-karavanlarda-dogru-yukleme-nasil-yapilir-1024x576.jpg\" alt=\"\" class=\"wp-image-12547 lazyload\" data-srcset=\"https:\/\/geziyoo.co\/blog\/wp-content\/uploads\/2023\/04\/Cekme-karavanlarda-dogru-yukleme-nasil-yapilir-1024x576.jpg 1024w, https:\/\/geziyoo.co\/blog\/wp-content\/uploads\/2023\/04\/Cekme-karavanlarda-dogru-yukleme-nasil-yapilir-300x169.jpg 300w, https:\/\/geziyoo.co\/blog\/wp-content\/uploads\/2023\/04\/Cekme-karavanlarda-dogru-yukleme-nasil-yapilir-768x432.jpg 768w, https:\/\/geziyoo.co\/blog\/wp-content\/uploads\/2023\/04\/Cekme-karavanlarda-dogru-yukleme-nasil-yapilir-1536x864.jpg 1536w, https:\/\/geziyoo.co\/blog\/wp-content\/uploads\/2023\/04\/Cekme-karavanlarda-dogru-yukleme-nasil-yapilir-390x220.jpg 390w, https:\/\/geziyoo.co\/blog\/wp-content\/uploads\/2023\/04\/Cekme-karavanlarda-dogru-yukleme-nasil-yapilir-scaled.jpg 1200w\" data-sizes=\"(max-width: 1024px) 100vw, 1024px\" src=\"data:image\/gif;base64,R0lGODlhAQABAAAAACH5BAEKAAEALAAAAAABAAEAAAICTAEAOw==\" style=\"--smush-placeholder-width: 1024px; --smush-placeholder-aspect-ratio: 1024\/576;\" \/><\/figure>\n\n\n\n<p>Karavan yol ge\u00e7i\u015fini de engellemiyorsa kald\u0131r\u0131lamaz. Ancak&nbsp;<strong>herkese bir ara\u00e7l\u0131k yer varsa hem ara\u00e7 hem karavan park edilemez<\/strong>.<strong><em><a href=\"https:\/\/geziyoo.co\/blog\/karavanlar-her-yerde-durabilir-mi\/\">BURADAN<\/a><\/em><\/strong> ilgili i\u00e7eri\u011fimize g\u00f6z atabilirsiniz.<\/p>\n\n\n\n<hr class=\"wp-block-separator has-css-opacity is-style-wide\"\/>\n\n\n\n<h2 class=\"wp-block-heading\">Karavanda g\u00fcne\u015f paneli \u015fart m\u0131?<\/h2>\n\n\n\n<figure class=\"wp-block-image size-large\"><img decoding=\"async\" width=\"1024\" height=\"683\" data-src=\"https:\/\/geziyoo.co\/blog\/wp-content\/uploads\/2023\/04\/Karavan-icin-buzdolabi-secerken-nelere-dikkat-edilmeli-1024x683.jpg\" alt=\"\" class=\"wp-image-12544 lazyload\" data-srcset=\"https:\/\/geziyoo.co\/blog\/wp-content\/uploads\/2023\/04\/Karavan-icin-buzdolabi-secerken-nelere-dikkat-edilmeli-1024x683.jpg 1024w, https:\/\/geziyoo.co\/blog\/wp-content\/uploads\/2023\/04\/Karavan-icin-buzdolabi-secerken-nelere-dikkat-edilmeli-300x200.jpg 300w, https:\/\/geziyoo.co\/blog\/wp-content\/uploads\/2023\/04\/Karavan-icin-buzdolabi-secerken-nelere-dikkat-edilmeli-768x512.jpg 768w, https:\/\/geziyoo.co\/blog\/wp-content\/uploads\/2023\/04\/Karavan-icin-buzdolabi-secerken-nelere-dikkat-edilmeli-scaled.jpg 1200w\" data-sizes=\"(max-width: 1024px) 100vw, 1024px\" src=\"data:image\/gif;base64,R0lGODlhAQABAAAAACH5BAEKAAEALAAAAAABAAEAAAICTAEAOw==\" style=\"--smush-placeholder-width: 1024px; --smush-placeholder-aspect-ratio: 1024\/683;\" \/><\/figure>\n\n\n\n<p><strong>Karavanda kullan\u0131lacak ekipmana uygun ve yeterli say\u0131da g\u00fcne\u015f paneli \u015fart.G\u00fcne\u015f paneli olmazsa s\u00fcrekli olarakan karavan parklar\u0131na mahkum olur ve \u00f6zg\u00fcrl\u00fc\u011f\u00fcn\u00fcz\u00fc k\u0131s\u0131tlars\u0131n\u0131z.<em><a href=\"https:\/\/geziyoo.co\/blog\/karavanda-gunes-paneli-sart-mi\/\">Karavanda G\u00fcne\u015f Paneli \u015eartm\u0131<\/a><\/em><\/strong> i\u00e7eri\u011fimize bakarak bu konuyla ilgili detayl\u0131 bilgilere ula\u015fabilirsiniz.<\/p>\n\n\n\n<hr class=\"wp-block-separator has-css-opacity is-style-wide\"\/>\n\n\n\n<h2 class=\"wp-block-heading\">Motokaravan i\u00e7in hangi ara\u00e7lar uygun?<\/h2>\n\n\n\n<figure class=\"wp-block-image size-large\"><img decoding=\"async\" width=\"1024\" height=\"762\" data-src=\"https:\/\/geziyoo.co\/blog\/wp-content\/uploads\/2023\/04\/Karavan-atik-su-deposu-nereye-bosaltilir-1024x762.jpg\" alt=\"\" class=\"wp-image-12539 lazyload\" data-srcset=\"https:\/\/geziyoo.co\/blog\/wp-content\/uploads\/2023\/04\/Karavan-atik-su-deposu-nereye-bosaltilir-1024x762.jpg 1024w, https:\/\/geziyoo.co\/blog\/wp-content\/uploads\/2023\/04\/Karavan-atik-su-deposu-nereye-bosaltilir-300x223.jpg 300w, https:\/\/geziyoo.co\/blog\/wp-content\/uploads\/2023\/04\/Karavan-atik-su-deposu-nereye-bosaltilir-768x571.jpg 768w, https:\/\/geziyoo.co\/blog\/wp-content\/uploads\/2023\/04\/Karavan-atik-su-deposu-nereye-bosaltilir-1536x1142.jpg 1536w, https:\/\/geziyoo.co\/blog\/wp-content\/uploads\/2023\/04\/Karavan-atik-su-deposu-nereye-bosaltilir-scaled.jpg 1075w\" data-sizes=\"(max-width: 1024px) 100vw, 1024px\" src=\"data:image\/gif;base64,R0lGODlhAQABAAAAACH5BAEKAAEALAAAAAABAAEAAAICTAEAOw==\" style=\"--smush-placeholder-width: 1024px; --smush-placeholder-aspect-ratio: 1024\/762;\" \/><\/figure>\n\n\n\n<ul class=\"wp-block-list\">\n<li>PSA Grubu ( Ducato\/Boxer\/Jumper)<\/li>\n\n\n\n<li>Mercedes Sprinter.<\/li>\n\n\n\n<li>Volkswagen Crafter.<\/li>\n\n\n\n<li>Iveco Daily.<\/li>\n\n\n\n<li>Renault Master.<\/li>\n\n\n\n<li>Ford Transit.<\/li>\n\n\n\n<li>VolkswagenTransporter.<\/li>\n\n\n\n<li>Fiat Doblo.<\/li>\n<\/ul>\n\n\n\n<p><strong><em><a href=\"https:\/\/geziyoo.co\/blog\/motokaravan-icin-uygun-araclar-ve-fiyatlari\/\">Karavan&#8217;a uygun ara\u00e7lar<\/a><\/em><\/strong> yaz\u0131m\u0131zda bu ara\u00e7lar ile ilgili teknik detaylara ve maliyetleri gibi detayl\u0131 bilgilere ve analizlere  ula\u015fabilirsiniz.<\/p>\n\n\n\n<hr class=\"wp-block-separator has-css-opacity is-style-wide\"\/>\n\n\n\n<h2 class=\"wp-block-heading\">K\u0131\u015f\u0131n karavanda kal\u0131n\u0131r m\u0131?<\/h2>\n\n\n\n<figure class=\"wp-block-image size-large\"><img decoding=\"async\" width=\"1000\" height=\"667\" data-src=\"https:\/\/geziyoo.co\/blog\/wp-content\/uploads\/2023\/04\/Karavan-atik-su-deposu-nereye-bosaltilir-Nasil-yapilir.jpg\" alt=\"\" class=\"wp-image-12536 lazyload\" data-srcset=\"https:\/\/geziyoo.co\/blog\/wp-content\/uploads\/2023\/04\/Karavan-atik-su-deposu-nereye-bosaltilir-Nasil-yapilir.jpg 1000w, https:\/\/geziyoo.co\/blog\/wp-content\/uploads\/2023\/04\/Karavan-atik-su-deposu-nereye-bosaltilir-Nasil-yapilir-300x200.jpg 300w, https:\/\/geziyoo.co\/blog\/wp-content\/uploads\/2023\/04\/Karavan-atik-su-deposu-nereye-bosaltilir-Nasil-yapilir-768x512.jpg 768w\" data-sizes=\"(max-width: 1000px) 100vw, 1000px\" src=\"data:image\/gif;base64,R0lGODlhAQABAAAAACH5BAEKAAEALAAAAAABAAEAAAICTAEAOw==\" style=\"--smush-placeholder-width: 1000px; --smush-placeholder-aspect-ratio: 1000\/667;\" \/><\/figure>\n\n\n\n<p>Evet k\u0131\u015f\u0131n karavanda kalabilirsiniz.<strong>Karavan\u0131n\u0131z\u0131n izalasyonu iyiyse ve \u0131s\u0131t\u0131c\u0131n\u0131z varsa kolay bir \u015fekilde ya\u015fayabilirsiniz.<em><a href=\"https:\/\/geziyoo.co\/blog\/kisin-karavanda-kalinir-mi\/\">K\u0131\u015f\u0131n Karavanda Kal\u0131n\u0131r m\u0131?<\/a><\/em><\/strong> i\u00e7eri\u011fimizde ilgili detayl\u0131 bilgilere ula\u015fabilirsiniz.<\/p>\n\n\n\n<hr class=\"wp-block-separator has-css-opacity is-style-wide\"\/>\n\n\n\n<h2 class=\"wp-block-heading\">Karavanda O1 VE O2 belge nedir?<\/h2>\n\n\n\n<figure class=\"wp-block-image size-large is-resized\"><img decoding=\"async\" width=\"620\" height=\"350\" data-src=\"https:\/\/geziyoo.co\/blog\/wp-content\/uploads\/2023\/04\/Karavani-Olan-Unluler-Karavan-Kullanan-Unluler-1.jpg\" alt=\"\" class=\"wp-image-12435 lazyload\" style=\"--smush-placeholder-width: 620px; --smush-placeholder-aspect-ratio: 620\/350;width:750px\" data-srcset=\"https:\/\/geziyoo.co\/blog\/wp-content\/uploads\/2023\/04\/Karavani-Olan-Unluler-Karavan-Kullanan-Unluler-1.jpg 620w, https:\/\/geziyoo.co\/blog\/wp-content\/uploads\/2023\/04\/Karavani-Olan-Unluler-Karavan-Kullanan-Unluler-1-300x169.jpg 300w, https:\/\/geziyoo.co\/blog\/wp-content\/uploads\/2023\/04\/Karavani-Olan-Unluler-Karavan-Kullanan-Unluler-1-390x220.jpg 390w\" data-sizes=\"(max-width: 620px) 100vw, 620px\" src=\"data:image\/gif;base64,R0lGODlhAQABAAAAACH5BAEKAAEALAAAAAABAAEAAAICTAEAOw==\" \/><\/figure>\n\n\n\n<p>O1 ve O2 Belgesi asl\u0131nda karavana ya da r\u00f6morka ait belgeler de\u011fildir.&nbsp;<strong>Trafi\u011fe \u00e7\u0131k\u0131\u015f belgesi<\/strong>&nbsp;olarak adland\u0131r\u0131lan bu belgeler, arac\u0131n\u0131z\u0131n arkas\u0131na takaca\u011f\u0131n\u0131z r\u00f6morkun ta\u015f\u0131ma kapasitesi \u00fczerinden arac\u0131n\u0131z\u0131 s\u0131n\u0131fland\u0131rmak i\u00e7in kullan\u0131lan B\u0130R T\u00dcR izin belgesidir.\u00c7o\u011fu avrupa \u011f\u00fclkesi bu belgeler olmadan karavan\u0131n \u00fclkeye giri\u015fine izin vermezler. Detayl\u0131 bilgiler i\u00e7in <strong><em><a href=\"https:\/\/geziyoo.co\/blog\/karavanda-o1-ve-o2-belge-nedir\/\">Karavanda O1 VE O2 belge nedir?<\/a><\/em><\/strong> i\u00e7eri\u011fimize bak\u0131n\u0131z.<\/p>\n\n\n\n<hr class=\"wp-block-separator has-css-opacity is-style-wide\"\/>\n\n\n\n<h2 class=\"wp-block-heading\">Karavanda en fazla ka\u00e7 ki\u015fi seyahat edebilir?<\/h2>\n\n\n\n<figure class=\"wp-block-image size-large\"><img decoding=\"async\" width=\"1024\" height=\"683\" data-src=\"https:\/\/geziyoo.co\/blog\/wp-content\/uploads\/2023\/03\/Yazin-Karavaninizda-Olmazsa-Olmaz-Karavan-Ekipmanlari-1024x683.jpg\" alt=\"\" class=\"wp-image-12147 lazyload\" data-srcset=\"https:\/\/geziyoo.co\/blog\/wp-content\/uploads\/2023\/03\/Yazin-Karavaninizda-Olmazsa-Olmaz-Karavan-Ekipmanlari-1024x683.jpg 1024w, https:\/\/geziyoo.co\/blog\/wp-content\/uploads\/2023\/03\/Yazin-Karavaninizda-Olmazsa-Olmaz-Karavan-Ekipmanlari-300x200.jpg 300w, https:\/\/geziyoo.co\/blog\/wp-content\/uploads\/2023\/03\/Yazin-Karavaninizda-Olmazsa-Olmaz-Karavan-Ekipmanlari-768x512.jpg 768w, https:\/\/geziyoo.co\/blog\/wp-content\/uploads\/2023\/03\/Yazin-Karavaninizda-Olmazsa-Olmaz-Karavan-Ekipmanlari-scaled.jpg 1200w\" data-sizes=\"(max-width: 1024px) 100vw, 1024px\" src=\"data:image\/gif;base64,R0lGODlhAQABAAAAACH5BAEKAAEALAAAAAABAAEAAAICTAEAOw==\" style=\"--smush-placeholder-width: 1024px; --smush-placeholder-aspect-ratio: 1024\/683;\" \/><\/figure>\n\n\n\n<p>Karavan&#8217;da 1 ki\u015fiden 6 ki\u015fiye g\u00f6re kolay bir \u015fekilde ya\u015fayabilir veya seyahat edebilir.Karavan\u0131n boyutlar\u0131 ve t\u00fcr\u00fcne g\u00f6re kalacak ki\u015fi say\u0131s\u0131 belirlenir.Fakat 4 ki\u015filik bir karavanda 4 ki\u015fininde kalmas\u0131 \u00e7ok konforlu olmayabilir.kapasitenin yar\u0131s\u0131n\u0131 kullanman\u0131z her zaman daha konforlu ve rahatt\u0131r.<\/p>\n\n\n\n<hr class=\"wp-block-separator has-css-opacity is-style-wide\"\/>\n\n\n\n<h2 class=\"wp-block-heading\">Karavanlar ka\u00e7 y\u0131lda bir muayeneye girer?<\/h2>\n\n\n\n<figure class=\"wp-block-image size-large\"><img decoding=\"async\" width=\"1024\" height=\"683\" data-src=\"https:\/\/geziyoo.co\/blog\/wp-content\/uploads\/2023\/04\/Karavani-Olan-Unluler-Karavan-Tutkunu-Unluler-1024x683.png\" alt=\"\" class=\"wp-image-12436 lazyload\" data-srcset=\"https:\/\/geziyoo.co\/blog\/wp-content\/uploads\/2023\/04\/Karavani-Olan-Unluler-Karavan-Tutkunu-Unluler-1024x683.png 1024w, https:\/\/geziyoo.co\/blog\/wp-content\/uploads\/2023\/04\/Karavani-Olan-Unluler-Karavan-Tutkunu-Unluler-300x200.png 300w, https:\/\/geziyoo.co\/blog\/wp-content\/uploads\/2023\/04\/Karavani-Olan-Unluler-Karavan-Tutkunu-Unluler-768x512.png 768w, https:\/\/geziyoo.co\/blog\/wp-content\/uploads\/2023\/04\/Karavani-Olan-Unluler-Karavan-Tutkunu-Unluler.png 1200w\" data-sizes=\"(max-width: 1024px) 100vw, 1024px\" src=\"data:image\/gif;base64,R0lGODlhAQABAAAAACH5BAEKAAEALAAAAAABAAEAAAICTAEAOw==\" style=\"--smush-placeholder-width: 1024px; --smush-placeholder-aspect-ratio: 1024\/683;\" \/><\/figure>\n\n\n\n<p>\u0130ki veya \u00fc\u00e7 tekerlekli ara\u00e7lar ve bunlar\u0131n her t\u00fcrl\u00fc r\u00f6morklar\u0131,&nbsp;<strong>ilk 3 ya\u015f sonunda ve devam\u0131nda 2 y\u0131lda bir<\/strong>, Di\u011fer b\u00fct\u00fcn motorlu ara\u00e7lar ile bunlar\u0131n her t\u00fcrl\u00fc r\u00f6morklar\u0131 ilk 1 ya\u015f sonunda ve devam\u0131nda y\u0131lda bir, periyodik muayeneye girerler<\/p>\n\n\n\n<hr class=\"wp-block-separator has-css-opacity is-style-wide\"\/>\n\n\n\n<h2 class=\"wp-block-heading\">B s\u0131n\u0131f\u0131 Ehliyeti olan karavan kullan\u0131r m\u0131?<\/h2>\n\n\n\n<figure class=\"wp-block-image size-large\"><img decoding=\"async\" width=\"800\" height=\"599\" data-src=\"https:\/\/geziyoo.co\/blog\/wp-content\/uploads\/2023\/03\/Ceylan-Pinari-Karavan-Kamp-Alani.jpg\" alt=\"\" class=\"wp-image-11771 lazyload\" data-srcset=\"https:\/\/geziyoo.co\/blog\/wp-content\/uploads\/2023\/03\/Ceylan-Pinari-Karavan-Kamp-Alani.jpg 800w, https:\/\/geziyoo.co\/blog\/wp-content\/uploads\/2023\/03\/Ceylan-Pinari-Karavan-Kamp-Alani-300x225.jpg 300w, https:\/\/geziyoo.co\/blog\/wp-content\/uploads\/2023\/03\/Ceylan-Pinari-Karavan-Kamp-Alani-768x575.jpg 768w\" data-sizes=\"(max-width: 800px) 100vw, 800px\" src=\"data:image\/gif;base64,R0lGODlhAQABAAAAACH5BAEKAAEALAAAAAABAAEAAAICTAEAOw==\" style=\"--smush-placeholder-width: 800px; --smush-placeholder-aspect-ratio: 800\/599;\" \/><\/figure>\n\n\n\n<p>Evet B s\u0131n\u0131f\u0131 ehliyete sahi olanlar motokaravanlar\u0131 kullanabilir.\u00c7ekme karavanda ise 750 kg \u00fcst\u00fcyse BE t\u00fcr\u00fc ehliyet gereklidir.<\/p>\n\n\n\n<hr class=\"wp-block-separator has-css-opacity is-style-wide\"\/>\n\n\n\n<h2 class=\"wp-block-heading\">Karavanda su ihtiyac\u0131 nas\u0131l kar\u015f\u0131lan\u0131r?<\/h2>\n\n\n\n<figure class=\"wp-block-image size-large\"><img decoding=\"async\" width=\"990\" height=\"721\" data-src=\"https:\/\/geziyoo.co\/blog\/wp-content\/uploads\/2023\/03\/Karavanda-Yemek-Yapmak-Kullanabileceginiz-Mutfak-Esyalari-1.jpg\" alt=\"\" class=\"wp-image-11654 lazyload\" data-srcset=\"https:\/\/geziyoo.co\/blog\/wp-content\/uploads\/2023\/03\/Karavanda-Yemek-Yapmak-Kullanabileceginiz-Mutfak-Esyalari-1.jpg 990w, https:\/\/geziyoo.co\/blog\/wp-content\/uploads\/2023\/03\/Karavanda-Yemek-Yapmak-Kullanabileceginiz-Mutfak-Esyalari-1-300x218.jpg 300w, https:\/\/geziyoo.co\/blog\/wp-content\/uploads\/2023\/03\/Karavanda-Yemek-Yapmak-Kullanabileceginiz-Mutfak-Esyalari-1-768x559.jpg 768w\" data-sizes=\"(max-width: 990px) 100vw, 990px\" src=\"data:image\/gif;base64,R0lGODlhAQABAAAAACH5BAEKAAEALAAAAAABAAEAAAICTAEAOw==\" style=\"--smush-placeholder-width: 990px; --smush-placeholder-aspect-ratio: 990\/721;\" \/><\/figure>\n\n\n\n<p>Karavanlar, 100-200 litre aras\u0131nda su deposuna sahiptirler.&nbsp;<strong>Karavanda bir ki\u015finin bir g\u00fcnl\u00fck su t\u00fcketim ihtiyac\u0131 ortalama 25 litre olarak hesaplan\u0131r<\/strong>.Do\u011fal bir ortamda su araman\u0131n bir \u00e7ok y\u00f6ntemi var.<strong><em><a href=\"https:\/\/geziyoo.co\/blog\/kampcilikta-su-temini-ve-su-aritma-yontemleri\/\" data-type=\"post\" data-id=\"14751\">Kamp Yaparken Su Nas\u0131l Bulunur?<\/a><\/em><\/strong> i\u00e7eri\u011fimizden detayl\u0131 bilgilere ula\u015fabilirsiniz.<\/p>\n\n\n\n<hr class=\"wp-block-separator has-css-opacity is-style-wide\"\/>\n\n\n\n<h2 class=\"wp-block-heading\">Karavan g\u00fcne\u015f paneli k\u0131\u015f\u0131n elektrik \u00fcretir mi?<\/h2>\n\n\n\n<figure class=\"wp-block-image size-large\"><img decoding=\"async\" width=\"1024\" height=\"683\" data-src=\"https:\/\/geziyoo.co\/blog\/wp-content\/uploads\/2023\/04\/Kisin-karavanda-kalinir-mi-2-1024x683.jpg\" alt=\"\" class=\"wp-image-12494 lazyload\" data-srcset=\"https:\/\/geziyoo.co\/blog\/wp-content\/uploads\/2023\/04\/Kisin-karavanda-kalinir-mi-2-1024x683.jpg 1024w, https:\/\/geziyoo.co\/blog\/wp-content\/uploads\/2023\/04\/Kisin-karavanda-kalinir-mi-2-300x200.jpg 300w, https:\/\/geziyoo.co\/blog\/wp-content\/uploads\/2023\/04\/Kisin-karavanda-kalinir-mi-2-768x512.jpg 768w, https:\/\/geziyoo.co\/blog\/wp-content\/uploads\/2023\/04\/Kisin-karavanda-kalinir-mi-2.jpg 1200w\" data-sizes=\"(max-width: 1024px) 100vw, 1024px\" src=\"data:image\/gif;base64,R0lGODlhAQABAAAAACH5BAEKAAEALAAAAAABAAEAAAICTAEAOw==\" style=\"--smush-placeholder-width: 1024px; --smush-placeholder-aspect-ratio: 1024\/683;\" \/><\/figure>\n\n\n\n<p>Evet k\u0131\u015f\u0131nda g\u00fcne\u015f panelleri elektrik \u00fcretebilir.\u00dcst\u00fc karla kapl\u0131 olmad\u0131k\u00e7a elektrik \u00fcrtmeye devam edecektir.Fakat \u00e7ok verimli olmaca\u011f\u0131ndan yan\u0131n\u0131zda ekstra bir enerji kayna\u011f\u0131 ve t\u00fcple \u00e7al\u0131\u015fan sistemleri karavan\u0131n\u0131za entegre etmeniz \u00f6nemlidir.<\/p>\n\n\n\n<hr class=\"wp-block-separator has-css-opacity is-style-wide\"\/>\n\n\n\n<h2 class=\"wp-block-heading\">Her araba karavan \u00e7eker mi?<\/h2>\n\n\n\n<figure class=\"wp-block-image size-large\"><img decoding=\"async\" width=\"850\" height=\"567\" data-src=\"https:\/\/geziyoo.co\/blog\/wp-content\/uploads\/2023\/04\/Cekme-Karavanlarin-Avantajlari-ve-Dezavantajlari-Nelerdir.jpg\" alt=\"\" class=\"wp-image-12310 lazyload\" data-srcset=\"https:\/\/geziyoo.co\/blog\/wp-content\/uploads\/2023\/04\/Cekme-Karavanlarin-Avantajlari-ve-Dezavantajlari-Nelerdir.jpg 850w, https:\/\/geziyoo.co\/blog\/wp-content\/uploads\/2023\/04\/Cekme-Karavanlarin-Avantajlari-ve-Dezavantajlari-Nelerdir-300x200.jpg 300w, https:\/\/geziyoo.co\/blog\/wp-content\/uploads\/2023\/04\/Cekme-Karavanlarin-Avantajlari-ve-Dezavantajlari-Nelerdir-768x512.jpg 768w\" data-sizes=\"(max-width: 850px) 100vw, 850px\" src=\"data:image\/gif;base64,R0lGODlhAQABAAAAACH5BAEKAAEALAAAAAABAAEAAAICTAEAOw==\" style=\"--smush-placeholder-width: 850px; --smush-placeholder-aspect-ratio: 850\/567;\" \/><\/figure>\n\n\n\n<p><strong>ARABANIZIN TORK&#8217;U 220 N\u0130N ALTINDA \u0130SE 750 KG DAN HAF\u0130F KARAVAN B\u0130LE \u00c7EKMEY\u0130N<\/strong>. Aksi halde arac\u0131n \u00f6mr\u00fcn\u00fc t\u00fcketirsiniz. ARABANIZIN TORK&#8217;U 220 N\u0130N ALTINDA \u0130SE 750 KG DAN HAF\u0130F KARAVAN B\u0130LE \u00c7EKMEY\u0130N. Aksi halde arac\u0131n \u00f6mr\u00fcn\u00fc t\u00fcketirsiniz.<strong><em><a href=\"https:\/\/geziyoo.co\/blog\/aracim-karavan-cekebilir-mi\/\">Arabam Karavan \u00c7ekebilirmi<\/a><\/em><\/strong> makalemize kesinlikle bakman\u0131z\u0131 tavsiye ediyoruz<\/p>\n\n\n\n<hr class=\"wp-block-separator has-css-opacity is-style-wide\"\/>\n\n\n\n<h2 class=\"wp-block-heading\">Karavan ruhsat\u0131 maliyeti ne kadar?<\/h2>\n\n\n\n<figure class=\"wp-block-image size-large\"><img decoding=\"async\" width=\"1024\" height=\"576\" data-src=\"https:\/\/geziyoo.co\/blog\/wp-content\/uploads\/2023\/04\/Cekme-Karavanlarda-Periyodik-Bakimlar-Nelerdir.jpg\" alt=\"\" class=\"wp-image-12305 lazyload\" data-srcset=\"https:\/\/geziyoo.co\/blog\/wp-content\/uploads\/2023\/04\/Cekme-Karavanlarda-Periyodik-Bakimlar-Nelerdir.jpg 1024w, https:\/\/geziyoo.co\/blog\/wp-content\/uploads\/2023\/04\/Cekme-Karavanlarda-Periyodik-Bakimlar-Nelerdir-300x169.jpg 300w, https:\/\/geziyoo.co\/blog\/wp-content\/uploads\/2023\/04\/Cekme-Karavanlarda-Periyodik-Bakimlar-Nelerdir-768x432.jpg 768w, https:\/\/geziyoo.co\/blog\/wp-content\/uploads\/2023\/04\/Cekme-Karavanlarda-Periyodik-Bakimlar-Nelerdir-390x220.jpg 390w\" data-sizes=\"(max-width: 1024px) 100vw, 1024px\" src=\"data:image\/gif;base64,R0lGODlhAQABAAAAACH5BAEKAAEALAAAAAABAAEAAAICTAEAOw==\" style=\"--smush-placeholder-width: 1024px; --smush-placeholder-aspect-ratio: 1024\/576;\" \/><\/figure>\n\n\n\n<p>TSE standartlar\u0131na uygunluk denetimi mesaj\u0131 geldi\u011finde TSE gidip \u00e7eki demiri i\u00e7in onay al\u0131rs\u0131n\u0131z.Nereye gitmeniz gerekti\u011fini demiri takt\u0131\u011f\u0131n\u0131z yer s\u00f6yleyecektir.<strong>Burada TSE \u00fccretininde oldu\u011funu 2025 y\u0131l\u0131 i\u00e7in ortlama maliyeti 4.292 TL&#8217;dir.<\/strong><\/p>\n\n\n\n<p>\u00c7eki demiri TSE onayland\u0131\u011f\u0131nda ise art\u0131k yapman\u0131z gereken notere gitmek.Burada \u00e7eki demirinizi ruhsata i\u015fleyecekler.TSE onay belgesini yan\u0131n\u0131zda bulundurun.<strong>Bu aradada sizleri bo\u015f g\u00f6ndermeyip yakla\u015f\u0131k 1.615 TL gibi bir \u00fccreti noter alacak.K\u0131sacas\u0131 \u00c7eki demiri maliyetli bir i\u015ftir.<\/strong><\/p>\n\n\n\n<hr class=\"wp-block-separator has-css-opacity is-style-wide\"\/>\n\n\n\n<h2 class=\"wp-block-heading\">Karavanla Yurtd\u0131\u015f\u0131na Nas\u0131l \u00c7\u0131k\u0131l\u0131r?<\/h2>\n\n\n\n<figure class=\"wp-block-image size-large\"><img decoding=\"async\" width=\"1024\" height=\"637\" data-src=\"https:\/\/geziyoo.co\/blog\/wp-content\/uploads\/2023\/04\/Karavanda-Her-Mevsim-Yasanabilir-mi-1024x637.jpg\" alt=\"\" class=\"wp-image-12457 lazyload\" data-srcset=\"https:\/\/geziyoo.co\/blog\/wp-content\/uploads\/2023\/04\/Karavanda-Her-Mevsim-Yasanabilir-mi-1024x637.jpg 1024w, https:\/\/geziyoo.co\/blog\/wp-content\/uploads\/2023\/04\/Karavanda-Her-Mevsim-Yasanabilir-mi-300x187.jpg 300w, https:\/\/geziyoo.co\/blog\/wp-content\/uploads\/2023\/04\/Karavanda-Her-Mevsim-Yasanabilir-mi-768x478.jpg 768w, https:\/\/geziyoo.co\/blog\/wp-content\/uploads\/2023\/04\/Karavanda-Her-Mevsim-Yasanabilir-mi-scaled.jpg 1200w\" data-sizes=\"(max-width: 1024px) 100vw, 1024px\" src=\"data:image\/gif;base64,R0lGODlhAQABAAAAACH5BAEKAAEALAAAAAABAAEAAAICTAEAOw==\" style=\"--smush-placeholder-width: 1024px; --smush-placeholder-aspect-ratio: 1024\/637;\" \/><\/figure>\n\n\n\n<p>Yurtd\u0131\u015f\u0131nda karavanla seyahat etmek, size e\u015fsiz deneyimler ve unutulmaz an\u0131lar sunabilir. Avrupa, Kuzey Amerika, Avustralya ve Yeni Zelanda gibi bir\u00e7ok \u00fclke, karavanlarla seyahat etmeye uygun altyap\u0131ya ve g\u00fczel manzaralara sahiptir.<\/p>\n\n\n\n<p>Bir\u00e7ok \u00fclkede karavanlar i\u00e7in \u00f6zel kamp alanlar\u0131 bulunmaktad\u0131r. Bu kamp alanlar\u0131 genellikle temel tesislere sahiptir ve karavan\u0131n\u0131z\u0131 park edebilece\u011finiz, su ve elektrik sa\u011flayabilece\u011finiz yerleri i\u00e7erir.<\/p>\n\n\n\n<p>Baz\u0131 kamp alanlar\u0131, du\u015f ve tuvalet gibi daha geli\u015fmi\u015f olanaklar da sunabilir. Yurtd\u0131\u015f\u0131ndaki karavan parklar\u0131n\u0131n \u00e7o\u011funda, farkl\u0131 \u00fclkelerden gelen seyahat severlerle tan\u0131\u015fma ve deneyim payla\u015fma f\u0131rsat\u0131 da bulabilirsiniz.<\/p>\n\n\n\n<blockquote class=\"wp-block-quote quote-solid is-layout-flow wp-block-quote quote-solid-is-layout-flow\">\n<p>Karavanla yurtd\u0131\u015f\u0131na \u00e7\u0131kmak asl\u0131na bakarsan\u0131z \u00e7ok da karma\u015f\u0131k bir s\u00fcre\u00e7 de\u011fil.<strong><em><a href=\"https:\/\/geziyoo.co\/blog\/karavanla-yurtdisi-ucreti-ve-gerekli-evraklar\/\">Karavanla Yurtd\u0131\u015f\u0131 Rehberimize<\/a><\/em><\/strong> bakarak detayl\u0131 bilgilere ula\u015fabilirsiniz.<\/p>\n<\/blockquote>\n\n\n\n<hr class=\"wp-block-separator has-css-opacity is-style-wide\"\/>\n\n\n\n<h2 class=\"wp-block-heading\">Karavan i\u00e7inde nas\u0131l vakit ge\u00e7irilir?<\/h2>\n\n\n\n<figure class=\"wp-block-image size-large\"><img decoding=\"async\" width=\"1024\" height=\"536\" data-src=\"https:\/\/geziyoo.co\/blog\/wp-content\/uploads\/2023\/04\/Tiny-House-Evlerde-Her-Mevsim-Yasanir-mi-1024x536.jpg\" alt=\"\" class=\"wp-image-12595 lazyload\" data-srcset=\"https:\/\/geziyoo.co\/blog\/wp-content\/uploads\/2023\/04\/Tiny-House-Evlerde-Her-Mevsim-Yasanir-mi-1024x536.jpg 1024w, https:\/\/geziyoo.co\/blog\/wp-content\/uploads\/2023\/04\/Tiny-House-Evlerde-Her-Mevsim-Yasanir-mi-300x157.jpg 300w, https:\/\/geziyoo.co\/blog\/wp-content\/uploads\/2023\/04\/Tiny-House-Evlerde-Her-Mevsim-Yasanir-mi-768x402.jpg 768w, https:\/\/geziyoo.co\/blog\/wp-content\/uploads\/2023\/04\/Tiny-House-Evlerde-Her-Mevsim-Yasanir-mi.jpg 1200w\" data-sizes=\"(max-width: 1024px) 100vw, 1024px\" src=\"data:image\/gif;base64,R0lGODlhAQABAAAAACH5BAEKAAEALAAAAAABAAEAAAICTAEAOw==\" style=\"--smush-placeholder-width: 1024px; --smush-placeholder-aspect-ratio: 1024\/536;\" \/><\/figure>\n\n\n\n<ul class=\"wp-block-list\">\n<li>Kitap Okuyabilirsiniz<\/li>\n\n\n\n<li>Oyunlar oynayabilirsiniz (kart oyunlar\u0131 ve pc oyunlar\u0131 vb)<\/li>\n\n\n\n<li>Film veya Dizi \u0130zleyebilirsiniz<\/li>\n\n\n\n<li>Yarat\u0131c\u0131 Aktiviteler ger\u00e7ekle\u015ftirebilirsiniz<\/li>\n\n\n\n<li>Do\u011fa Y\u00fcr\u00fcy\u00fc\u015flerine \u00e7\u0131kabilirsiniz<\/li>\n\n\n\n<li>Yemek Pi\u015firebilirsiniz<\/li>\n\n\n\n<li>M\u00fczik Dinleyebilir veya Enstr\u00fcman \u00c7alabilirsiniz<\/li>\n<\/ul>\n\n\n\n<p>Detayl\u0131 olarak bilgi almak i\u00e7in <strong><em><a href=\"https:\/\/geziyoo.co\/blog\/karavan-icinde-nasil-vakit-gecirilir\/\">Karavan i\u00e7inde nas\u0131l vakit ge\u00e7irilir?<\/a><\/em><\/strong> i\u00e7eri\u011fimize bakabilirsiniz.<\/p>\n\n\n\n<hr class=\"wp-block-separator has-css-opacity is-style-wide\"\/>\n\n\n\n<h2 class=\"wp-block-heading\">\u00c7ekme karavana plaka \u015fart m\u0131?<\/h2>\n\n\n\n<figure class=\"wp-block-image size-large\"><img decoding=\"async\" width=\"1024\" height=\"410\" data-src=\"https:\/\/geziyoo.co\/blog\/wp-content\/uploads\/2023\/03\/Karavan-Merak-Edilenler-ve-Karavan-Sikca-Sorulan-Sorular-1024x410.jpg\" alt=\"\" class=\"wp-image-12175 lazyload\" data-srcset=\"https:\/\/geziyoo.co\/blog\/wp-content\/uploads\/2023\/03\/Karavan-Merak-Edilenler-ve-Karavan-Sikca-Sorulan-Sorular-1024x410.jpg 1024w, https:\/\/geziyoo.co\/blog\/wp-content\/uploads\/2023\/03\/Karavan-Merak-Edilenler-ve-Karavan-Sikca-Sorulan-Sorular-300x120.jpg 300w, https:\/\/geziyoo.co\/blog\/wp-content\/uploads\/2023\/03\/Karavan-Merak-Edilenler-ve-Karavan-Sikca-Sorulan-Sorular-768x307.jpg 768w, https:\/\/geziyoo.co\/blog\/wp-content\/uploads\/2023\/03\/Karavan-Merak-Edilenler-ve-Karavan-Sikca-Sorulan-Sorular-1536x614.jpg 1536w, https:\/\/geziyoo.co\/blog\/wp-content\/uploads\/2023\/03\/Karavan-Merak-Edilenler-ve-Karavan-Sikca-Sorulan-Sorular-scaled.jpg 1200w\" data-sizes=\"(max-width: 1024px) 100vw, 1024px\" src=\"data:image\/gif;base64,R0lGODlhAQABAAAAACH5BAEKAAEALAAAAAABAAEAAAICTAEAOw==\" style=\"--smush-placeholder-width: 1024px; --smush-placeholder-aspect-ratio: 1024\/410;\" \/><\/figure>\n\n\n\n<p><strong>Karavan 750 kg alt\u0131ndaysa plakaya gerek yok.Fakat 750 kg \u00fcst\u00fc ise plaka \u00e7\u0131kart\u0131lmal\u0131d\u0131r<\/strong>, 750 kg \u00fcst\u00fc \u00e7ekme  karavanlar i\u00e7in plaka takma zorunlulu\u011fu vard\u0131r. \u00c7ekme karavanlar, trafi\u011fe \u00e7\u0131kabilmesi i\u00e7in kay\u0131tl\u0131 ve plakal\u0131 olmal\u0131d\u0131r. Karavan\u0131n\u0131z\u0131n tescilli ve plakal\u0131 olmas\u0131, trafik kurallar\u0131na uyman\u0131z\u0131 ve yasal gerekliliklere riayet etmenizi sa\u011flar.<\/p>\n\n\n\n<p>Bu \u015fekilde, \u00e7ekme karavan\u0131n\u0131z\u0131 g\u00fcvenli ve yasal bir \u015fekilde kullanabilirsiniz. Plaka i\u015flemleri i\u00e7in yerel yetkililere dan\u0131\u015fman\u0131z ve ilgili mevzuatlara uygun \u015fekilde hareket etmeniz \u00f6nemlidir.<\/p>\n\n\n\n<blockquote class=\"wp-block-quote quote-solid is-layout-flow wp-block-quote quote-solid-is-layout-flow\">\n<p>.<strong><em><a href=\"https:\/\/geziyoo.co\/blog\/cekme-karavana-plaka-sart-mi\/\">\u00c7ekme karavana plaka \u015fart m\u0131?<\/a><\/em><\/strong> i\u00e7eri\u011fimize bakarak detayl\u0131 bilgilere eri\u015febilirsiniz.<\/p>\n<\/blockquote>\n\n\n\n<hr class=\"wp-block-separator has-css-opacity is-style-wide\"\/>\n\n\n\n<h2 class=\"wp-block-heading\">Karavanlara kasko Yap\u0131l\u0131r m\u0131?<\/h2>\n\n\n\n<figure class=\"wp-block-image size-large\"><img decoding=\"async\" width=\"1024\" height=\"576\" data-src=\"https:\/\/geziyoo.co\/blog\/wp-content\/uploads\/2023\/04\/Karavan-Kasko-1024x576.jpg\" alt=\"\" class=\"wp-image-12617 lazyload\" data-srcset=\"https:\/\/geziyoo.co\/blog\/wp-content\/uploads\/2023\/04\/Karavan-Kasko-1024x576.jpg 1024w, https:\/\/geziyoo.co\/blog\/wp-content\/uploads\/2023\/04\/Karavan-Kasko-300x169.jpg 300w, https:\/\/geziyoo.co\/blog\/wp-content\/uploads\/2023\/04\/Karavan-Kasko-768x432.jpg 768w, https:\/\/geziyoo.co\/blog\/wp-content\/uploads\/2023\/04\/Karavan-Kasko-390x220.jpg 390w, https:\/\/geziyoo.co\/blog\/wp-content\/uploads\/2023\/04\/Karavan-Kasko.jpg 1200w\" data-sizes=\"(max-width: 1024px) 100vw, 1024px\" src=\"data:image\/gif;base64,R0lGODlhAQABAAAAACH5BAEKAAEALAAAAAABAAEAAAICTAEAOw==\" style=\"--smush-placeholder-width: 1024px; --smush-placeholder-aspect-ratio: 1024\/576;\" \/><\/figure>\n\n\n\n<p>Evet, karavanlar i\u00e7in kasko yap\u0131labilir. Karavanlar da di\u011fer ara\u00e7lar gibi, trafikte meydana gelebilecek kazalar, h\u0131rs\u0131zl\u0131k, yang\u0131n, do\u011fal afetler gibi risklere kar\u015f\u0131 sigortalanabilirler.<\/p>\n\n\n\n<p>Karavanlar\u0131n de\u011feri, kapsam se\u00e7enekleri, kullan\u0131m amac\u0131 ve kullan\u0131m s\u00fcresine g\u00f6re kasko primi belirlenir.<strong><em><a href=\"https:\/\/geziyoo.co\/blog\/karavan-kasko-fiyati-nasil-yapilirhangi-firmalar-yapiyor\/\" data-type=\"post\" data-id=\"12611\">Karavan&#8217;a Kasko Yap\u0131l\u0131r m\u0131?<\/a><\/em><\/strong> i\u00e7eri\u011fimize bakarak daha geni\u015f bilgilere eri\u015febilirsiniz.<\/p>\n\n\n\n<hr class=\"wp-block-separator has-css-opacity is-style-wide\"\/>\n\n\n\n<h2 class=\"wp-block-heading\"><strong>Karavan Tuvaleti Nereye Bo\u015falt\u0131l\u0131r?<\/strong><\/h2>\n\n\n\n<figure class=\"wp-block-image size-large\"><img decoding=\"async\" width=\"800\" height=\"601\" data-src=\"https:\/\/geziyoo.co\/blog\/wp-content\/uploads\/2023\/04\/Karavanciligin-Gecmisi-ve-Karavancilik-Tarihi.jpg\" alt=\"\" class=\"wp-image-12411 lazyload\" data-srcset=\"https:\/\/geziyoo.co\/blog\/wp-content\/uploads\/2023\/04\/Karavanciligin-Gecmisi-ve-Karavancilik-Tarihi.jpg 800w, https:\/\/geziyoo.co\/blog\/wp-content\/uploads\/2023\/04\/Karavanciligin-Gecmisi-ve-Karavancilik-Tarihi-300x225.jpg 300w, https:\/\/geziyoo.co\/blog\/wp-content\/uploads\/2023\/04\/Karavanciligin-Gecmisi-ve-Karavancilik-Tarihi-768x577.jpg 768w\" data-sizes=\"(max-width: 800px) 100vw, 800px\" src=\"data:image\/gif;base64,R0lGODlhAQABAAAAACH5BAEKAAEALAAAAAABAAEAAAICTAEAOw==\" style=\"--smush-placeholder-width: 800px; --smush-placeholder-aspect-ratio: 800\/601;\" \/><\/figure>\n\n\n\n<p>Karavan\u2019da ya\u015fayan insanlar m\u00fcmk\u00fcn olduk\u00e7a Karavan\u0131n tuvaletlerini kullanmazlar.Fakat zor durumlarda da kullanmak gerekebilir.<\/p>\n\n\n\n<p>Karavan tuvaletleri genellikle wc ve at\u0131k su alanlar\u0131na bo\u015falt\u0131l\u0131r.detayl\u0131 bilgiler i\u00e7in <strong><em><a href=\"https:\/\/geziyoo.co\/blog\/karavan-atik-su-deposu-nereye-bosaltilir-nasil-yapilir\/\" data-type=\"post\" data-id=\"12538\">Karavan Tuvaleti Nereye Bo\u015falt\u0131l\u0131r<\/a><\/em><\/strong> i\u00e7eri\u011fimize bakabilirsiniz.<\/p>\n\n\n\n<h2 class=\"wp-block-heading\"><strong>Karavan\u0131 4 Mevsim Kullan\u0131l\u0131rm\u0131?<\/strong><\/h2>\n\n\n\n<figure class=\"wp-block-image size-large\"><img decoding=\"async\" width=\"1024\" height=\"576\" data-src=\"https:\/\/geziyoo.co\/blog\/wp-content\/uploads\/2023\/03\/Karavan-ile-ilgili-Merak-Edilenler-ve-Karavan-Sikca-Sorulan-Sorular-1-1024x576.jpeg\" alt=\"\" class=\"wp-image-12181 lazyload\" data-srcset=\"https:\/\/geziyoo.co\/blog\/wp-content\/uploads\/2023\/03\/Karavan-ile-ilgili-Merak-Edilenler-ve-Karavan-Sikca-Sorulan-Sorular-1-1024x576.jpeg 1024w, https:\/\/geziyoo.co\/blog\/wp-content\/uploads\/2023\/03\/Karavan-ile-ilgili-Merak-Edilenler-ve-Karavan-Sikca-Sorulan-Sorular-1-300x169.jpeg 300w, https:\/\/geziyoo.co\/blog\/wp-content\/uploads\/2023\/03\/Karavan-ile-ilgili-Merak-Edilenler-ve-Karavan-Sikca-Sorulan-Sorular-1-768x432.jpeg 768w, https:\/\/geziyoo.co\/blog\/wp-content\/uploads\/2023\/03\/Karavan-ile-ilgili-Merak-Edilenler-ve-Karavan-Sikca-Sorulan-Sorular-1-1536x864.jpeg 1536w, https:\/\/geziyoo.co\/blog\/wp-content\/uploads\/2023\/03\/Karavan-ile-ilgili-Merak-Edilenler-ve-Karavan-Sikca-Sorulan-Sorular-1-390x220.jpeg 390w, https:\/\/geziyoo.co\/blog\/wp-content\/uploads\/2023\/03\/Karavan-ile-ilgili-Merak-Edilenler-ve-Karavan-Sikca-Sorulan-Sorular-1-scaled.jpeg 1200w\" data-sizes=\"(max-width: 1024px) 100vw, 1024px\" src=\"data:image\/gif;base64,R0lGODlhAQABAAAAACH5BAEKAAEALAAAAAABAAEAAAICTAEAOw==\" style=\"--smush-placeholder-width: 1024px; --smush-placeholder-aspect-ratio: 1024\/576;\" \/><\/figure>\n\n\n\n<p>Karavan ile d\u00f6rt mevsim tatil yapmak m\u00fcmk\u00fcnd\u00fcr, ancak buna karar vermeden \u00f6nce dikkat edilmesi gereken baz\u0131 noktalar\u0131n oldu\u011funu hat\u0131rlatal\u0131m<\/p>\n\n\n\n<ul class=\"wp-block-list\">\n<li>Is\u0131tma ve So\u011futma<\/li>\n\n\n\n<li>Su Temini<\/li>\n\n\n\n<li>Yal\u0131t\u0131m<\/li>\n\n\n\n<li>G\u00fcne\u015f Enerjisi<\/li>\n<\/ul>\n\n\n\n<hr class=\"wp-block-separator has-css-opacity is-style-wide\"\/>\n\n\n\n<h2 class=\"wp-block-heading\">Karavanlar i\u00e7in HGS gereklimi?<\/h2>\n\n\n\n<figure class=\"wp-block-image size-large\"><img decoding=\"async\" width=\"1000\" height=\"667\" data-src=\"https:\/\/geziyoo.co\/blog\/wp-content\/uploads\/2023\/04\/Karavan-atik-su-deposu-nereye-bosaltilir-Nasil-yapilir.jpg\" alt=\"\" class=\"wp-image-12536 lazyload\" data-srcset=\"https:\/\/geziyoo.co\/blog\/wp-content\/uploads\/2023\/04\/Karavan-atik-su-deposu-nereye-bosaltilir-Nasil-yapilir.jpg 1000w, https:\/\/geziyoo.co\/blog\/wp-content\/uploads\/2023\/04\/Karavan-atik-su-deposu-nereye-bosaltilir-Nasil-yapilir-300x200.jpg 300w, https:\/\/geziyoo.co\/blog\/wp-content\/uploads\/2023\/04\/Karavan-atik-su-deposu-nereye-bosaltilir-Nasil-yapilir-768x512.jpg 768w\" data-sizes=\"(max-width: 1000px) 100vw, 1000px\" src=\"data:image\/gif;base64,R0lGODlhAQABAAAAACH5BAEKAAEALAAAAAABAAEAAAICTAEAOw==\" style=\"--smush-placeholder-width: 1000px; --smush-placeholder-aspect-ratio: 1000\/667;\" \/><\/figure>\n\n\n\n<p>Motokaravan i\u00e7in gerekli fakat \u00e7ekme karavanlar i\u00e7in ayr\u0131ca HGS alman\u0131za gerek yok.\u00c7eken araban\u0131n HGS&#8217;si olmas\u0131 yeterli.detayl\u0131 bilgiler i\u00e7in <strong><em><a href=\"https:\/\/geziyoo.co\/blog\/cekme-karavanlarda-hgs-nasil-oluyor\/\" data-type=\"post\" data-id=\"12551\">Karavan HGS<\/a><\/em><\/strong> i\u00e7eri\u011fimize bakabilirsiniz.<\/p>\n\n\n\n<hr class=\"wp-block-separator has-alpha-channel-opacity is-style-wide\"\/>\n\n\n\n<h2 class=\"wp-block-heading\">Karavan Al\u0131rken Dikkat Edilmesi Gerekenler Neler?<\/h2>\n\n\n\n<figure class=\"wp-block-image size-large\"><img decoding=\"async\" width=\"1024\" height=\"683\" data-src=\"https:\/\/geziyoo.co\/blog\/wp-content\/uploads\/2023\/05\/Karavanla-Yola-Cikmadan-Yapilmasi-Gereken-Kontroller-4.jpg\" alt=\"\" class=\"wp-image-12940 lazyload\" data-srcset=\"https:\/\/geziyoo.co\/blog\/wp-content\/uploads\/2023\/05\/Karavanla-Yola-Cikmadan-Yapilmasi-Gereken-Kontroller-4.jpg 1024w, https:\/\/geziyoo.co\/blog\/wp-content\/uploads\/2023\/05\/Karavanla-Yola-Cikmadan-Yapilmasi-Gereken-Kontroller-4-300x200.jpg 300w, https:\/\/geziyoo.co\/blog\/wp-content\/uploads\/2023\/05\/Karavanla-Yola-Cikmadan-Yapilmasi-Gereken-Kontroller-4-768x512.jpg 768w\" data-sizes=\"(max-width: 1024px) 100vw, 1024px\" src=\"data:image\/gif;base64,R0lGODlhAQABAAAAACH5BAEKAAEALAAAAAABAAEAAAICTAEAOw==\" style=\"--smush-placeholder-width: 1024px; --smush-placeholder-aspect-ratio: 1024\/683;\" \/><\/figure>\n\n\n\n<p>Karavan almaya kalk\u0131\u015fanlar\u0131n en \u00e7ok akl\u0131ndaki sorulardan bir taneside budur.Dikkat etmeniz gereken baz\u0131 \u015feyleri \u015fu \u015fekilde s\u0131ralayabiliriz.Bu konuyla ilgili detayl\u0131 bir i\u00e7erik haz\u0131rlad\u0131k.<strong><em><a href=\"https:\/\/geziyoo.co\/blog\/karavan-siparisi-ve-karavan-fiyatlari\/\" data-type=\"post\" data-id=\"12047\">Karavan Al\u0131rken Dikkat Edilmesi Gerekenler<\/a><\/em><\/strong> i\u00e7eri\u011fimize bakarak akl\u0131n\u0131zdaki t\u00fcm sorular\u0131 cevaplayabilirsiniz.<\/p>\n\n\n\n<ul class=\"wp-block-list\">\n<li><strong>Boyut ve Uygunluk<\/strong><\/li>\n\n\n\n<li><strong>Durum ve Bak\u0131m Ge\u00e7mi\u015fi<\/strong><\/li>\n\n\n\n<li><strong>\u0130\u00e7 D\u00fczen ve Donan\u0131m<\/strong><\/li>\n\n\n\n<li><strong>Ta\u015f\u0131nabilirlik ve Manevra Kabiliyeti<\/strong><\/li>\n\n\n\n<li><strong>G\u00fcvenlik \u00d6zellikleri<\/strong><\/li>\n\n\n\n<li><strong>Maliyet ve B\u00fct\u00e7e<\/strong><\/li>\n<\/ul>\n\n\n\n<h3 class=\"wp-block-heading\">Bunlar\u0131 da Sevebilirsiniz;<\/h3>\n\n\n<ul class=\"wp-block-latest-posts__list wp-block-latest-posts\"><li><a class=\"wp-block-latest-posts__post-title\" href=\"https:\/\/geziyoo.co\/blog\/karavan-yemegi-menusu-planlayicisi\/\">Karavan Yeme\u011fi Men\u00fcs\u00fc Planlay\u0131c\u0131s\u0131<\/a><\/li>\n<li><a class=\"wp-block-latest-posts__post-title\" href=\"https:\/\/geziyoo.co\/blog\/karavan-agirlik-merkezi-ve-yuk-hesaplama-araci\/\">Karavan A\u011f\u0131rl\u0131k Merkezi ve Y\u00fck Hesaplama Arac\u0131<\/a><\/li>\n<li><a class=\"wp-block-latest-posts__post-title\" href=\"https:\/\/geziyoo.co\/blog\/o1-belgeli-karavanlarin-tescili-zorunlu-mu\/\">O1 Kategorisi Karavan ve R\u00f6morklar\u0131n Tescili Zorunlu Oldu<\/a><\/li>\n<\/ul>","protected":false},"excerpt":{"rendered":"<p>Karavan Hakk\u0131nda T\u00fcm Merak Edilenler i\u00e7eri\u011fimizden merhabalar bu i\u00e7eri\u011fimizde karavanlarla alakal\u0131 t\u00fcm merak edilen sorular\u0131 cevaplad\u0131k. Karavan en basit \u015fekliyle, minimum \u00f6l\u00e7\u00fcde ya\u015fam standartlar\u0131n\u0131z\u0131 kar\u015f\u0131layan i\u00e7erisinde yatak, oturma birimi ve mutfak gibi donan\u0131mlara sahip hareket etme kabiliyetine sahip ara\u00e7lard\u0131r.Karavan Hayat\u0131n\u0131n avantajlar\u0131 oldu\u011fu kadar dezavantajlar\u0131nda oldu\u011funu bilmelisiniz. Karavan hayat\u0131na ba\u015flad\u0131\u011f\u0131n\u0131z an \u00f6ncelikle her bir g\u00fcn\u00fcn\u00fcz\u00fcn deneyimle &hellip;<\/p>\n","protected":false},"author":1,"featured_media":12181,"comment_status":"open","ping_status":"closed","sticky":false,"template":"","format":"standard","meta":{"footnotes":""},"categories":[33],"tags":[],"class_list":["post-12167","post","type-post","status-publish","format-standard","has-post-thumbnail","hentry","category-karavanipuclari"],"yoast_head":"<!-- This site is optimized with the Yoast SEO plugin v26.9 - https:\/\/yoast.com\/product\/yoast-seo-wordpress\/ -->\n<title>Karavan Hakk\u0131nda Merak Edilenler (G\u00fcncel 2026 G\u00fcncel) | Geziyoo<\/title>\n<meta name=\"description\" content=\"Karavan Hakk\u0131nda T\u00fcm Merak Edilenler sayfas\u0131nda karavan ve karavnc\u0131l\u0131\u011fa dair akl\u0131n\u0131za tak\u0131lan t\u00fcm sorulara cevap verdik.\" \/>\n<meta name=\"robots\" content=\"index, follow, max-snippet:-1, max-image-preview:large, max-video-preview:-1\" \/>\n<link rel=\"canonical\" href=\"https:\/\/geziyoo.co\/blog\/karavan-hakkinda-tum-merak-edilenler\/\" \/>\n<meta property=\"og:locale\" content=\"tr_TR\" \/>\n<meta property=\"og:type\" content=\"article\" \/>\n<meta property=\"og:title\" content=\"Karavan Hakk\u0131nda Merak Edilenler (G\u00fcncel 2026 G\u00fcncel) | Geziyoo\" \/>\n<meta property=\"og:description\" content=\"Karavan Hakk\u0131nda T\u00fcm Merak Edilenler sayfas\u0131nda karavan ve karavnc\u0131l\u0131\u011fa dair akl\u0131n\u0131za tak\u0131lan t\u00fcm sorulara cevap verdik.\" \/>\n<meta property=\"og:url\" content=\"https:\/\/geziyoo.co\/blog\/karavan-hakkinda-tum-merak-edilenler\/\" \/>\n<meta property=\"og:site_name\" content=\"Geziyoo.co\" \/>\n<meta property=\"article:publisher\" content=\"https:\/\/www.facebook.com\/Geziyooco\" \/>\n<meta property=\"article:author\" content=\"https:\/\/www.facebook.com\/geziyoo.co\" \/>\n<meta property=\"article:published_time\" content=\"2023-03-31T11:02:08+00:00\" \/>\n<meta property=\"article:modified_time\" content=\"2026-01-23T13:10:12+00:00\" \/>\n<meta property=\"og:image\" content=\"https:\/\/geziyoo.co\/blog\/wp-content\/uploads\/2023\/03\/Karavan-ile-ilgili-Merak-Edilenler-ve-Karavan-Sikca-Sorulan-Sorular-1-scaled.jpeg\" \/>\n\t<meta property=\"og:image:width\" content=\"1200\" \/>\n\t<meta property=\"og:image:height\" content=\"675\" \/>\n\t<meta property=\"og:image:type\" content=\"image\/jpeg\" \/>\n<meta name=\"author\" content=\"Geziyoo\" \/>\n<meta name=\"twitter:card\" content=\"summary_large_image\" \/>\n<meta name=\"twitter:creator\" content=\"@https:\/\/twitter.com\/geziyoo\" \/>\n<meta name=\"twitter:site\" content=\"@geziyoo\" \/>\n<meta name=\"twitter:label1\" content=\"Yazan:\" \/>\n\t<meta name=\"twitter:data1\" content=\"Geziyoo\" \/>\n\t<meta name=\"twitter:label2\" content=\"Tahmini okuma s\u00fcresi\" \/>\n\t<meta name=\"twitter:data2\" content=\"25 dakika\" \/>\n<script type=\"application\/ld+json\" class=\"yoast-schema-graph\">{\"@context\":\"https:\/\/schema.org\",\"@graph\":[{\"@type\":\"Article\",\"@id\":\"https:\/\/geziyoo.co\/blog\/karavan-hakkinda-tum-merak-edilenler\/#article\",\"isPartOf\":{\"@id\":\"https:\/\/geziyoo.co\/blog\/karavan-hakkinda-tum-merak-edilenler\/\"},\"author\":{\"name\":\"Geziyoo\",\"@id\":\"https:\/\/geziyoo.co\/blog\/#\/schema\/person\/032acb2436540ed14784e7d978aef0e4\"},\"headline\":\"Karavan Hakk\u0131nda Merak Edilenler (G\u00fcncel 2026)\",\"datePublished\":\"2023-03-31T11:02:08+00:00\",\"dateModified\":\"2026-01-23T13:10:12+00:00\",\"mainEntityOfPage\":{\"@id\":\"https:\/\/geziyoo.co\/blog\/karavan-hakkinda-tum-merak-edilenler\/\"},\"wordCount\":4098,\"commentCount\":0,\"publisher\":{\"@id\":\"https:\/\/geziyoo.co\/blog\/#organization\"},\"image\":{\"@id\":\"https:\/\/geziyoo.co\/blog\/karavan-hakkinda-tum-merak-edilenler\/#primaryimage\"},\"thumbnailUrl\":\"https:\/\/geziyoo.co\/blog\/wp-content\/uploads\/2023\/03\/Karavan-ile-ilgili-Merak-Edilenler-ve-Karavan-Sikca-Sorulan-Sorular-1-scaled.jpeg\",\"articleSection\":[\"Karavan \u0130pu\u00e7lar\u0131\"],\"inLanguage\":\"tr\",\"potentialAction\":[{\"@type\":\"CommentAction\",\"name\":\"Comment\",\"target\":[\"https:\/\/geziyoo.co\/blog\/karavan-hakkinda-tum-merak-edilenler\/#respond\"]}]},{\"@type\":\"WebPage\",\"@id\":\"https:\/\/geziyoo.co\/blog\/karavan-hakkinda-tum-merak-edilenler\/\",\"url\":\"https:\/\/geziyoo.co\/blog\/karavan-hakkinda-tum-merak-edilenler\/\",\"name\":\"Karavan Hakk\u0131nda Merak Edilenler (G\u00fcncel 2026 G\u00fcncel) | Geziyoo\",\"isPartOf\":{\"@id\":\"https:\/\/geziyoo.co\/blog\/#website\"},\"primaryImageOfPage\":{\"@id\":\"https:\/\/geziyoo.co\/blog\/karavan-hakkinda-tum-merak-edilenler\/#primaryimage\"},\"image\":{\"@id\":\"https:\/\/geziyoo.co\/blog\/karavan-hakkinda-tum-merak-edilenler\/#primaryimage\"},\"thumbnailUrl\":\"https:\/\/geziyoo.co\/blog\/wp-content\/uploads\/2023\/03\/Karavan-ile-ilgili-Merak-Edilenler-ve-Karavan-Sikca-Sorulan-Sorular-1-scaled.jpeg\",\"datePublished\":\"2023-03-31T11:02:08+00:00\",\"dateModified\":\"2026-01-23T13:10:12+00:00\",\"description\":\"Karavan Hakk\u0131nda T\u00fcm Merak Edilenler sayfas\u0131nda karavan ve karavnc\u0131l\u0131\u011fa dair akl\u0131n\u0131za tak\u0131lan t\u00fcm sorulara cevap verdik.\",\"breadcrumb\":{\"@id\":\"https:\/\/geziyoo.co\/blog\/karavan-hakkinda-tum-merak-edilenler\/#breadcrumb\"},\"inLanguage\":\"tr\",\"potentialAction\":[{\"@type\":\"ReadAction\",\"target\":[\"https:\/\/geziyoo.co\/blog\/karavan-hakkinda-tum-merak-edilenler\/\"]}]},{\"@type\":\"ImageObject\",\"inLanguage\":\"tr\",\"@id\":\"https:\/\/geziyoo.co\/blog\/karavan-hakkinda-tum-merak-edilenler\/#primaryimage\",\"url\":\"https:\/\/geziyoo.co\/blog\/wp-content\/uploads\/2023\/03\/Karavan-ile-ilgili-Merak-Edilenler-ve-Karavan-Sikca-Sorulan-Sorular-1-scaled.jpeg\",\"contentUrl\":\"https:\/\/geziyoo.co\/blog\/wp-content\/uploads\/2023\/03\/Karavan-ile-ilgili-Merak-Edilenler-ve-Karavan-Sikca-Sorulan-Sorular-1-scaled.jpeg\",\"width\":1200,\"height\":675},{\"@type\":\"BreadcrumbList\",\"@id\":\"https:\/\/geziyoo.co\/blog\/karavan-hakkinda-tum-merak-edilenler\/#breadcrumb\",\"itemListElement\":[{\"@type\":\"ListItem\",\"position\":1,\"name\":\"Ana sayfa\",\"item\":\"https:\/\/geziyoo.co\/blog\/\"},{\"@type\":\"ListItem\",\"position\":2,\"name\":\"Karavan Hakk\u0131nda Merak Edilenler (G\u00fcncel 2026)\"}]},{\"@type\":\"WebSite\",\"@id\":\"https:\/\/geziyoo.co\/blog\/#website\",\"url\":\"https:\/\/geziyoo.co\/blog\/\",\"name\":\"Geziyoo Blog\",\"description\":\"GeziYoo Blog&#039;da T\u00fcrkiye&#039;nin en iyi kamp alanlar\u0131ndan bungalov tatillerine, karavan ipu\u00e7lar\u0131ndan gezi rehberlerine kadar her t\u00fcrl\u00fc do\u011fa deneyimini ke\u015ffedin.\",\"publisher\":{\"@id\":\"https:\/\/geziyoo.co\/blog\/#organization\"},\"potentialAction\":[{\"@type\":\"SearchAction\",\"target\":{\"@type\":\"EntryPoint\",\"urlTemplate\":\"https:\/\/geziyoo.co\/blog\/?s={search_term_string}\"},\"query-input\":{\"@type\":\"PropertyValueSpecification\",\"valueRequired\":true,\"valueName\":\"search_term_string\"}}],\"inLanguage\":\"tr\"},{\"@type\":\"Organization\",\"@id\":\"https:\/\/geziyoo.co\/blog\/#organization\",\"name\":\"Geziyoo.co\",\"url\":\"https:\/\/geziyoo.co\/blog\/\",\"logo\":{\"@type\":\"ImageObject\",\"inLanguage\":\"tr\",\"@id\":\"https:\/\/geziyoo.co\/blog\/#\/schema\/logo\/image\/\",\"url\":\"https:\/\/geziyoo.co\/blog\/wp-content\/uploads\/2025\/01\/Paragraf-metniniz-3.png\",\"contentUrl\":\"https:\/\/geziyoo.co\/blog\/wp-content\/uploads\/2025\/01\/Paragraf-metniniz-3.png\",\"width\":270,\"height\":50,\"caption\":\"Geziyoo.co\"},\"image\":{\"@id\":\"https:\/\/geziyoo.co\/blog\/#\/schema\/logo\/image\/\"},\"sameAs\":[\"https:\/\/www.facebook.com\/Geziyooco\",\"https:\/\/x.com\/geziyoo\",\"https:\/\/tr.pinterest.com\/geziyooco\/\",\"https:\/\/www.youtube.com\/@geziyoo\",\"https:\/\/www.instagram.com\/geziyoo.co\/\"]},{\"@type\":\"Person\",\"@id\":\"https:\/\/geziyoo.co\/blog\/#\/schema\/person\/032acb2436540ed14784e7d978aef0e4\",\"name\":\"Geziyoo\",\"image\":{\"@type\":\"ImageObject\",\"inLanguage\":\"tr\",\"@id\":\"https:\/\/geziyoo.co\/blog\/#\/schema\/person\/image\/\",\"url\":\"https:\/\/secure.gravatar.com\/avatar\/ae212a4514471fdb8cab6e5af4f3c99b940a2d0a16713ea0392c8d7c8a64f30a?s=96&d=mm&r=g\",\"contentUrl\":\"https:\/\/secure.gravatar.com\/avatar\/ae212a4514471fdb8cab6e5af4f3c99b940a2d0a16713ea0392c8d7c8a64f30a?s=96&d=mm&r=g\",\"caption\":\"Geziyoo\"},\"description\":\"Do\u011fa ile i\u00e7 i\u00e7e olabilece\u011finiz yerler,do\u011fa aktivite alanlar\u0131,kamp alanlar\u0131,bungalov oteller,Tiny House Oteller, Galampingler ve da\u011f evlerinin herkes i\u00e7in ula\u015f\u0131labilir olmas\u0131n\u0131 sa\u011flamak amac\u0131yla Geziyoo\u2019ya 2019 y\u0131l\u0131nda ba\u015flad\u0131k.Do\u011fal Tatil konseptini uygulayan en geni\u015f kapsaml\u0131 sitedir.\",\"sameAs\":[\"https:\/\/geziyoo.co\/\",\"https:\/\/www.facebook.com\/geziyoo.co\",\"https:\/\/www.instagram.com\/geziyoo.co\/\",\"https:\/\/tr.pinterest.com\/geziyooco\/\",\"https:\/\/x.com\/https:\/\/twitter.com\/geziyoo\",\"https:\/\/www.youtube.com\/channel\/UCdiSMa6pe17KEY7DP1Ug4ag\"]}]}<\/script>\n<!-- \/ Yoast SEO plugin. -->","yoast_head_json":{"title":"Karavan Hakk\u0131nda Merak Edilenler (G\u00fcncel 2026 G\u00fcncel) | Geziyoo","description":"Karavan Hakk\u0131nda T\u00fcm Merak Edilenler sayfas\u0131nda karavan ve karavnc\u0131l\u0131\u011fa dair akl\u0131n\u0131za tak\u0131lan t\u00fcm sorulara cevap verdik.","robots":{"index":"index","follow":"follow","max-snippet":"max-snippet:-1","max-image-preview":"max-image-preview:large","max-video-preview":"max-video-preview:-1"},"canonical":"https:\/\/geziyoo.co\/blog\/karavan-hakkinda-tum-merak-edilenler\/","og_locale":"tr_TR","og_type":"article","og_title":"Karavan Hakk\u0131nda Merak Edilenler (G\u00fcncel 2026 G\u00fcncel) | Geziyoo","og_description":"Karavan Hakk\u0131nda T\u00fcm Merak Edilenler sayfas\u0131nda karavan ve karavnc\u0131l\u0131\u011fa dair akl\u0131n\u0131za tak\u0131lan t\u00fcm sorulara cevap verdik.","og_url":"https:\/\/geziyoo.co\/blog\/karavan-hakkinda-tum-merak-edilenler\/","og_site_name":"Geziyoo.co","article_publisher":"https:\/\/www.facebook.com\/Geziyooco","article_author":"https:\/\/www.facebook.com\/geziyoo.co","article_published_time":"2023-03-31T11:02:08+00:00","article_modified_time":"2026-01-23T13:10:12+00:00","og_image":[{"width":1200,"height":675,"url":"https:\/\/geziyoo.co\/blog\/wp-content\/uploads\/2023\/03\/Karavan-ile-ilgili-Merak-Edilenler-ve-Karavan-Sikca-Sorulan-Sorular-1-scaled.jpeg","type":"image\/jpeg"}],"author":"Geziyoo","twitter_card":"summary_large_image","twitter_creator":"@https:\/\/twitter.com\/geziyoo","twitter_site":"@geziyoo","twitter_misc":{"Yazan:":"Geziyoo","Tahmini okuma s\u00fcresi":"25 dakika"},"schema":{"@context":"https:\/\/schema.org","@graph":[{"@type":"Article","@id":"https:\/\/geziyoo.co\/blog\/karavan-hakkinda-tum-merak-edilenler\/#article","isPartOf":{"@id":"https:\/\/geziyoo.co\/blog\/karavan-hakkinda-tum-merak-edilenler\/"},"author":{"name":"Geziyoo","@id":"https:\/\/geziyoo.co\/blog\/#\/schema\/person\/032acb2436540ed14784e7d978aef0e4"},"headline":"Karavan Hakk\u0131nda Merak Edilenler (G\u00fcncel 2026)","datePublished":"2023-03-31T11:02:08+00:00","dateModified":"2026-01-23T13:10:12+00:00","mainEntityOfPage":{"@id":"https:\/\/geziyoo.co\/blog\/karavan-hakkinda-tum-merak-edilenler\/"},"wordCount":4098,"commentCount":0,"publisher":{"@id":"https:\/\/geziyoo.co\/blog\/#organization"},"image":{"@id":"https:\/\/geziyoo.co\/blog\/karavan-hakkinda-tum-merak-edilenler\/#primaryimage"},"thumbnailUrl":"https:\/\/geziyoo.co\/blog\/wp-content\/uploads\/2023\/03\/Karavan-ile-ilgili-Merak-Edilenler-ve-Karavan-Sikca-Sorulan-Sorular-1-scaled.jpeg","articleSection":["Karavan \u0130pu\u00e7lar\u0131"],"inLanguage":"tr","potentialAction":[{"@type":"CommentAction","name":"Comment","target":["https:\/\/geziyoo.co\/blog\/karavan-hakkinda-tum-merak-edilenler\/#respond"]}]},{"@type":"WebPage","@id":"https:\/\/geziyoo.co\/blog\/karavan-hakkinda-tum-merak-edilenler\/","url":"https:\/\/geziyoo.co\/blog\/karavan-hakkinda-tum-merak-edilenler\/","name":"Karavan Hakk\u0131nda Merak Edilenler (G\u00fcncel 2026 G\u00fcncel) | Geziyoo","isPartOf":{"@id":"https:\/\/geziyoo.co\/blog\/#website"},"primaryImageOfPage":{"@id":"https:\/\/geziyoo.co\/blog\/karavan-hakkinda-tum-merak-edilenler\/#primaryimage"},"image":{"@id":"https:\/\/geziyoo.co\/blog\/karavan-hakkinda-tum-merak-edilenler\/#primaryimage"},"thumbnailUrl":"https:\/\/geziyoo.co\/blog\/wp-content\/uploads\/2023\/03\/Karavan-ile-ilgili-Merak-Edilenler-ve-Karavan-Sikca-Sorulan-Sorular-1-scaled.jpeg","datePublished":"2023-03-31T11:02:08+00:00","dateModified":"2026-01-23T13:10:12+00:00","description":"Karavan Hakk\u0131nda T\u00fcm Merak Edilenler sayfas\u0131nda karavan ve karavnc\u0131l\u0131\u011fa dair akl\u0131n\u0131za tak\u0131lan t\u00fcm sorulara cevap verdik.","breadcrumb":{"@id":"https:\/\/geziyoo.co\/blog\/karavan-hakkinda-tum-merak-edilenler\/#breadcrumb"},"inLanguage":"tr","potentialAction":[{"@type":"ReadAction","target":["https:\/\/geziyoo.co\/blog\/karavan-hakkinda-tum-merak-edilenler\/"]}]},{"@type":"ImageObject","inLanguage":"tr","@id":"https:\/\/geziyoo.co\/blog\/karavan-hakkinda-tum-merak-edilenler\/#primaryimage","url":"https:\/\/geziyoo.co\/blog\/wp-content\/uploads\/2023\/03\/Karavan-ile-ilgili-Merak-Edilenler-ve-Karavan-Sikca-Sorulan-Sorular-1-scaled.jpeg","contentUrl":"https:\/\/geziyoo.co\/blog\/wp-content\/uploads\/2023\/03\/Karavan-ile-ilgili-Merak-Edilenler-ve-Karavan-Sikca-Sorulan-Sorular-1-scaled.jpeg","width":1200,"height":675},{"@type":"BreadcrumbList","@id":"https:\/\/geziyoo.co\/blog\/karavan-hakkinda-tum-merak-edilenler\/#breadcrumb","itemListElement":[{"@type":"ListItem","position":1,"name":"Ana sayfa","item":"https:\/\/geziyoo.co\/blog\/"},{"@type":"ListItem","position":2,"name":"Karavan Hakk\u0131nda Merak Edilenler (G\u00fcncel 2026)"}]},{"@type":"WebSite","@id":"https:\/\/geziyoo.co\/blog\/#website","url":"https:\/\/geziyoo.co\/blog\/","name":"Geziyoo Blog","description":"GeziYoo Blog&#039;da T\u00fcrkiye&#039;nin en iyi kamp alanlar\u0131ndan bungalov tatillerine, karavan ipu\u00e7lar\u0131ndan gezi rehberlerine kadar her t\u00fcrl\u00fc do\u011fa deneyimini ke\u015ffedin.","publisher":{"@id":"https:\/\/geziyoo.co\/blog\/#organization"},"potentialAction":[{"@type":"SearchAction","target":{"@type":"EntryPoint","urlTemplate":"https:\/\/geziyoo.co\/blog\/?s={search_term_string}"},"query-input":{"@type":"PropertyValueSpecification","valueRequired":true,"valueName":"search_term_string"}}],"inLanguage":"tr"},{"@type":"Organization","@id":"https:\/\/geziyoo.co\/blog\/#organization","name":"Geziyoo.co","url":"https:\/\/geziyoo.co\/blog\/","logo":{"@type":"ImageObject","inLanguage":"tr","@id":"https:\/\/geziyoo.co\/blog\/#\/schema\/logo\/image\/","url":"https:\/\/geziyoo.co\/blog\/wp-content\/uploads\/2025\/01\/Paragraf-metniniz-3.png","contentUrl":"https:\/\/geziyoo.co\/blog\/wp-content\/uploads\/2025\/01\/Paragraf-metniniz-3.png","width":270,"height":50,"caption":"Geziyoo.co"},"image":{"@id":"https:\/\/geziyoo.co\/blog\/#\/schema\/logo\/image\/"},"sameAs":["https:\/\/www.facebook.com\/Geziyooco","https:\/\/x.com\/geziyoo","https:\/\/tr.pinterest.com\/geziyooco\/","https:\/\/www.youtube.com\/@geziyoo","https:\/\/www.instagram.com\/geziyoo.co\/"]},{"@type":"Person","@id":"https:\/\/geziyoo.co\/blog\/#\/schema\/person\/032acb2436540ed14784e7d978aef0e4","name":"Geziyoo","image":{"@type":"ImageObject","inLanguage":"tr","@id":"https:\/\/geziyoo.co\/blog\/#\/schema\/person\/image\/","url":"https:\/\/secure.gravatar.com\/avatar\/ae212a4514471fdb8cab6e5af4f3c99b940a2d0a16713ea0392c8d7c8a64f30a?s=96&d=mm&r=g","contentUrl":"https:\/\/secure.gravatar.com\/avatar\/ae212a4514471fdb8cab6e5af4f3c99b940a2d0a16713ea0392c8d7c8a64f30a?s=96&d=mm&r=g","caption":"Geziyoo"},"description":"Do\u011fa ile i\u00e7 i\u00e7e olabilece\u011finiz yerler,do\u011fa aktivite alanlar\u0131,kamp alanlar\u0131,bungalov oteller,Tiny House Oteller, Galampingler ve da\u011f evlerinin herkes i\u00e7in ula\u015f\u0131labilir olmas\u0131n\u0131 sa\u011flamak amac\u0131yla Geziyoo\u2019ya 2019 y\u0131l\u0131nda ba\u015flad\u0131k.Do\u011fal Tatil konseptini uygulayan en geni\u015f kapsaml\u0131 sitedir.","sameAs":["https:\/\/geziyoo.co\/","https:\/\/www.facebook.com\/geziyoo.co","https:\/\/www.instagram.com\/geziyoo.co\/","https:\/\/tr.pinterest.com\/geziyooco\/","https:\/\/x.com\/https:\/\/twitter.com\/geziyoo","https:\/\/www.youtube.com\/channel\/UCdiSMa6pe17KEY7DP1Ug4ag"]}]}},"amp_enabled":true,"_links":{"self":[{"href":"https:\/\/geziyoo.co\/blog\/wp-json\/wp\/v2\/posts\/12167","targetHints":{"allow":["GET"]}}],"collection":[{"href":"https:\/\/geziyoo.co\/blog\/wp-json\/wp\/v2\/posts"}],"about":[{"href":"https:\/\/geziyoo.co\/blog\/wp-json\/wp\/v2\/types\/post"}],"author":[{"embeddable":true,"href":"https:\/\/geziyoo.co\/blog\/wp-json\/wp\/v2\/users\/1"}],"replies":[{"embeddable":true,"href":"https:\/\/geziyoo.co\/blog\/wp-json\/wp\/v2\/comments?post=12167"}],"version-history":[{"count":0,"href":"https:\/\/geziyoo.co\/blog\/wp-json\/wp\/v2\/posts\/12167\/revisions"}],"wp:featuredmedia":[{"embeddable":true,"href":"https:\/\/geziyoo.co\/blog\/wp-json\/wp\/v2\/media\/12181"}],"wp:attachment":[{"href":"https:\/\/geziyoo.co\/blog\/wp-json\/wp\/v2\/media?parent=12167"}],"wp:term":[{"taxonomy":"category","embeddable":true,"href":"https:\/\/geziyoo.co\/blog\/wp-json\/wp\/v2\/categories?post=12167"},{"taxonomy":"post_tag","embeddable":true,"href":"https:\/\/geziyoo.co\/blog\/wp-json\/wp\/v2\/tags?post=12167"}],"curies":[{"name":"wp","href":"https:\/\/api.w.org\/{rel}","templated":true}]}}