{"id":11896,"date":"2023-03-22T11:27:41","date_gmt":"2023-03-22T11:27:41","guid":{"rendered":"https:\/\/geziyoo.co\/blog\/?p=11896"},"modified":"2026-01-29T13:22:28","modified_gmt":"2026-01-29T13:22:28","slug":"canakkalede-denize-sifir-kamp-yapabileceginiz-ucretsiz-kamp-alanlari","status":"publish","type":"post","link":"https:\/\/geziyoo.co\/blog\/canakkalede-denize-sifir-kamp-yapabileceginiz-ucretsiz-kamp-alanlari\/","title":{"rendered":"\u00c7anakkale Geneli Denize S\u0131f\u0131r ve \u00dccretsiz 12+ Kamp Alan\u0131 (\u0130leti\u015fim ve Konum)"},"content":{"rendered":"\n<p><strong>\u00c7anakkale<\/strong>, Asya ve Avrupa&#8217;y\u0131 birbirine ba\u011flayan bo\u011faz\u0131yla sadece stratejik bir ge\u00e7i\u015f noktas\u0131 de\u011fil, ayn\u0131 zamanda kamp\u00e7\u0131lar i\u00e7in Marmara ve Ege&#8217;nin en g\u00fczel birle\u015fim noktas\u0131d\u0131r. Kuzeyde Gelibolu Yar\u0131madas\u0131&#8217;ndaki Saros K\u00f6rfezi, d\u00fcnyada kendi kendini temizleyebilen nadir denizlerden biri olarak dal\u0131\u015f ve kamp tutkunlar\u0131n\u0131 a\u011f\u0131rlar. G\u00fcneyde ise Ayvac\u0131k (Assos) ve Ezine k\u0131y\u0131lar\u0131, zeytin a\u011fa\u00e7lar\u0131n\u0131n denize kadar indi\u011fi, antik limanlarla s\u00fcsl\u00fc &#8220;Wild Camping&#8221; (Yaban Kamp\u0131) rotalar\u0131 sunar.<\/p>\n\n\n\n<p>B\u00f6lgenin r\u00fczgarl\u0131 yap\u0131s\u0131 ve tarihi sit alanlar\u0131yla dolu olmas\u0131, kamp\u00e7\u0131lar\u0131n dikkat etmesi gereken en \u00f6nemli unsurdur. \u00d6zellikle Gelibolu Tarihi Yar\u0131madas\u0131&#8217;nda \u015fehitlik b\u00f6lgelerinde kamp yapmak kesinlikle yasakt\u0131r; kamp i\u00e7in belirlenen koylar (K\u00f6m\u00fcr Liman\u0131, Despot vb.) tercih edilmelidir. Assos taraf\u0131nda ise sahil yolu \u00fczerindeki &#8220;cepler&#8221; ve zeytinlik altlar\u0131 karavanc\u0131lar ve \u00e7ad\u0131r kamp\u00e7\u0131lar\u0131 i\u00e7in do\u011fal konaklama alanlar\u0131d\u0131r.<\/p>\n\n\n\n<p>Biz Geziyoo olarak, Truva at\u0131n\u0131n g\u00f6lgesindeki bu rotada arac\u0131lar\u0131 tamamen aradan \u00e7\u0131kard\u0131k ve \u00c7anakkale\u2019nin en i\u015flevsel kamp rehberini haz\u0131rlad\u0131k. Listemizde <strong>hi\u00e7bir \u00fccret \u00f6demeden<\/strong> akvaryum gibi koylarda veya antik liman kal\u0131nt\u0131lar\u0131n\u0131n yan\u0131 ba\u015f\u0131nda kalabilece\u011finiz en \u00f6zel 12 noktay\u0131 bir araya getirdik. Bu alanlar\u0131n \u00e7o\u011funda tesis olmad\u0131\u011f\u0131n\u0131 ve \u00c7anakkale r\u00fczgar\u0131na kar\u015f\u0131 sa\u011flam kaz\u0131k \u00e7akman\u0131z gerekti\u011fini unutmay\u0131n.<\/p>\n\n\n\n<p>\u0130ster s\u0131rt \u00e7antan\u0131z\u0131 al\u0131p <strong>K\u00f6m\u00fcr Liman\u0131&#8217;nda<\/strong> dal\u0131\u015f yap\u0131n, ister <strong>Babakale&#8217;de<\/strong> Asya&#8217;n\u0131n en bat\u0131 ucunda g\u00fcne\u015fi bat\u0131r\u0131n; yola \u00e7\u0131kmadan \u00f6nce listedeki konumlara mutlaka g\u00f6z at\u0131n. \u0130\u015fte \u00c7anakkale\u2019nin en sevilen 12 \u00fccretsiz kamp dura\u011f\u0131:<\/p>\n\n\n\n<p><\/p>\n\n\n\n<p>\u00c7anakkale&#8217;de unuttu\u011fumuz veya bilmedi\u011fimiz&nbsp;\u00c7ad\u0131r ve Karavan Kamp alan\u0131&nbsp;var ise l\u00fctfen yorumlar k\u0131sm\u0131ndan bizlerle payla\u015f\u0131n.\u00dccretli olarak kamp aray\u0131\u015f\u0131 i\u00e7indeyseniz 100\u2019den fazla kamp alan\u0131na sahip&nbsp;<strong><em><a href=\"https:\/\/geziyoo.co\/blog\/canakkale-kamp-alanlari-ve-karavan-alanlari\/\" data-type=\"post\" data-id=\"6071\">\u00c7anakkale Kamp Alanlar\u0131<\/a>&nbsp;<\/em><\/strong>i\u00e7eri\u011fimize bakman\u0131z\u0131 \u00f6neriyoruz.<\/p>\n\n\n\n<p>Fazla uzatmadan&nbsp;<strong>\u00c7anakkale \u00dccretsiz Kamp Alanlar\u0131<\/strong>&nbsp;listemize ge\u00e7elim.Bu arada listemizde yer almayan kamp alanlar\u0131 var ise l\u00fctfen yorumlar k\u0131sm\u0131ndan bizlerle payla\u015f\u0131n.<\/p>\n\n\n\n<hr class=\"wp-block-separator has-css-opacity is-style-wide\"\/>\n\n\n\n<h2 class=\"wp-block-heading\">1.Ayd\u0131nc\u0131k(Kefaloz)Plaj\u0131 Kamp Alan\u0131<\/h2>\n\n\n\n<figure class=\"wp-block-image\"><img decoding=\"async\" width=\"1024\" height=\"768\" data-src=\"https:\/\/geziyoo.co\/blog\/wp-content\/uploads\/2021\/05\/Canakkale-Kamp-Alanlari-AydincikKefalozPlaji-Kamp-Alani-1.jpg\" alt=\"Canakkale Kamp Alanlari AydincikKefalozPlaji Kamp Alani 1\" class=\"wp-image-6928 lazyload\" title=\"\u00c7anakkale Kamp Alanlar\u0131 ve Karavan Alanlar\u0131 29\" data-srcset=\"https:\/\/geziyoo.co\/blog\/wp-content\/uploads\/2021\/05\/Canakkale-Kamp-Alanlari-AydincikKefalozPlaji-Kamp-Alani-1.jpg 1024w, https:\/\/geziyoo.co\/blog\/wp-content\/uploads\/2021\/05\/Canakkale-Kamp-Alanlari-AydincikKefalozPlaji-Kamp-Alani-1-300x225.jpg 300w, https:\/\/geziyoo.co\/blog\/wp-content\/uploads\/2021\/05\/Canakkale-Kamp-Alanlari-AydincikKefalozPlaji-Kamp-Alani-1-768x576.jpg 768w\" data-sizes=\"(max-width: 1024px) 100vw, 1024px\" src=\"data:image\/gif;base64,R0lGODlhAQABAAAAACH5BAEKAAEALAAAAAABAAEAAAICTAEAOw==\" style=\"--smush-placeholder-width: 1024px; --smush-placeholder-aspect-ratio: 1024\/768;\" \/><figcaption class=\"wp-element-caption\">\u00c7anakkale Kamp Alanlar\u0131 \u2013 Ayd\u0131nc\u0131k Plaj\u0131<\/figcaption><\/figure>\n\n\n\n<p>\u00c7anakkale&#8217;de Denize S\u0131f\u0131r Kamp Yapabilece\u011finiz \u00dccretsiz Kamp Alanlar\u0131 ve Koylar i\u00e7eri\u011fimizin ilk s\u0131ras\u0131nda <strong>Ayd\u0131nc\u0131k(Kefaloz)Plaj\u0131 Kamp Alan\u0131<\/strong> bulunmakta<\/p>\n\n\n\n<p>&nbsp;G\u00f6k\u00e7eada\u2019da yer alan \u00dccretsiz ve do\u011fa ile i\u00e7 i\u00e7e olabilece\u011finiz kamp yerlerinden bir tanesidir .G\u00f6k\u00e7eada\u2019n\u0131n sakin ve temiz koylar\u0131ndan birisi olan koy \u00e7ad\u0131r kamp\u0131 ve karavan kamp\u0131 i\u00e7in uygun.<\/p>\n\n\n\n<p>Denize s\u0131f\u0131r olan kamp alan\u0131, \u00e7ad\u0131rla konaklamak i\u00e7in harika ve karavan kamp\u0131 i\u00e7inde uygun yerlerden. Kamp alan\u0131nda du\u015f ve wc ihtiya\u00e7lar\u0131n\u0131z\u0131 kar\u015f\u0131layabilece\u011finiz bir \u00e7ok yer bulunmakta.<\/p>\n\n\n\n<hr class=\"wp-block-separator has-css-opacity is-style-wide\"\/>\n\n\n\n<ul class=\"wp-block-list\">\n<li><strong>Ayd\u0131nc\u0131k(Kefaloz)Plaj\u0131 Kamp Alan\u0131 Adres<\/strong>&nbsp;:&nbsp;17760 E\u015felek\/G\u00f6k\u00e7eada\/\u00c7anakkale&nbsp;<a href=\"https:\/\/www.google.com\/maps?daddr=40.12896544081419,25.94067884023061\" target=\"_blank\" rel=\"noreferrer noopener\"><strong><em>Konum Bilgisi<\/em><\/strong><\/a><\/li>\n\n\n\n<li><strong>Ayd\u0131nc\u0131k(Kefaloz)Plaj\u0131 Kamp Alan\u0131 Detayl\u0131 Bilgi :<a href=\"https:\/\/geziyoo.co\/listing\/aydincikkefalozplaji-kamp-alani\/\"><em>&nbsp;Ayd\u0131nc\u0131k(Kefaloz)Plaj\u0131 Kamp Alan\u0131<\/em><\/a><\/strong><\/li>\n<\/ul>\n\n\n\n<hr class=\"wp-block-separator has-css-opacity is-style-wide\"\/>\n\n\n\n<h2 class=\"wp-block-heading\">2.Y\u0131ld\u0131z Koyu Kamp Alan\u0131<\/h2>\n\n\n\n<figure class=\"wp-block-image\"><img decoding=\"async\" width=\"1024\" height=\"768\" data-src=\"https:\/\/geziyoo.co\/blog\/wp-content\/uploads\/2021\/05\/Canakkale-Kamp-Alanlari-Yildiz-Koyu-Kamp-Alani-2.jpg\" alt=\"Canakkale Kamp Alanlari Yildiz Koyu Kamp Alani 2\" class=\"wp-image-6929 lazyload\" title=\"\u00c7anakkale Kamp Alanlar\u0131 ve Karavan Alanlar\u0131 30\" data-srcset=\"https:\/\/geziyoo.co\/blog\/wp-content\/uploads\/2021\/05\/Canakkale-Kamp-Alanlari-Yildiz-Koyu-Kamp-Alani-2.jpg 1024w, https:\/\/geziyoo.co\/blog\/wp-content\/uploads\/2021\/05\/Canakkale-Kamp-Alanlari-Yildiz-Koyu-Kamp-Alani-2-300x225.jpg 300w, https:\/\/geziyoo.co\/blog\/wp-content\/uploads\/2021\/05\/Canakkale-Kamp-Alanlari-Yildiz-Koyu-Kamp-Alani-2-768x576.jpg 768w\" data-sizes=\"(max-width: 1024px) 100vw, 1024px\" src=\"data:image\/gif;base64,R0lGODlhAQABAAAAACH5BAEKAAEALAAAAAABAAEAAAICTAEAOw==\" style=\"--smush-placeholder-width: 1024px; --smush-placeholder-aspect-ratio: 1024\/768;\" \/><figcaption class=\"wp-element-caption\">\u00c7anakkale Kamp Alanlar\u0131 \u2013 Y\u0131ld\u0131z Koy Kamp Alan\u0131<\/figcaption><\/figure>\n\n\n\n<p><strong>Y\u0131ld\u0131z Koyu Kamp Alan\u0131<\/strong> G\u00f6k\u00e7eada\u2019da yer alan do\u011fal ve denize s\u0131f\u0131r kamp alanlar\u0131ndan bir di\u011feridir.G\u00f6k\u00e7eada\u2019n\u0131n sakin ve temiz koylar\u0131ndan birisi olan yer \u00e7ad\u0131r kamp\u0131 i\u00e7in uygun.<\/p>\n\n\n\n<p>Kamp alan\u0131nda ayr\u0131ca kamp i\u015fletmeside bulunmakta. Du\u015f ve tuvalet ihtiya\u00e7lar\u0131n\u0131z i\u00e7in ortak kullan\u0131ml\u0131 alanlar bulunmakta. Kamp alan\u0131 \u00fccretlidir.Fakat \u00fccretsiz olarak da \u00e7evrede kamp yapabilece\u011finiz yerler var<\/p>\n\n\n\n<hr class=\"wp-block-separator has-css-opacity is-style-wide\"\/>\n\n\n\n<ul class=\"wp-block-list\">\n<li><strong>Y\u0131ld\u0131z Koyu Kamp Alan\u0131 Adres<\/strong>&nbsp;:17760 Kalek\u00f6y\/G\u00f6k\u00e7eada\/\u00c7anakkale&nbsp;<a href=\"https:\/\/www.google.com\/maps?daddr=40.234275471844015,25.903552142821898\" target=\"_blank\" rel=\"noreferrer noopener\"><strong><em>Konum Bilgisi<\/em><\/strong><\/a><\/li>\n\n\n\n<li><strong>Y\u0131ld\u0131z Koyu Kamp Alan\u0131 Detayl\u0131 Bilgi :<a href=\"https:\/\/geziyoo.co\/listing\/yildiz-koyu-kamp-alani\/\"><em>&nbsp;Y\u0131ld\u0131z Koyu Kamp Alan\u0131<\/em><\/a><\/strong><\/li>\n<\/ul>\n\n\n\n<hr class=\"wp-block-separator has-css-opacity is-style-wide\"\/>\n\n\n\n<h2 class=\"wp-block-heading\">3.Kabatepe Plaj\u0131 Kamp Alan\u0131<\/h2>\n\n\n\n<figure class=\"wp-block-image\"><img decoding=\"async\" width=\"1024\" height=\"768\" data-src=\"https:\/\/geziyoo.co\/blog\/wp-content\/uploads\/2021\/05\/Canakkale-Kamp-Alanlari-Kabatepe-Plaji-Kamp-Alani-4.jpg\" alt=\"Canakkale Kamp Alanlari Kabatepe Plaji Kamp Alani 4\" class=\"wp-image-6919 lazyload\" title=\"\u00c7anakkale Kamp Alanlar\u0131 ve Karavan Alanlar\u0131 24\" data-srcset=\"https:\/\/geziyoo.co\/blog\/wp-content\/uploads\/2021\/05\/Canakkale-Kamp-Alanlari-Kabatepe-Plaji-Kamp-Alani-4.jpg 1024w, https:\/\/geziyoo.co\/blog\/wp-content\/uploads\/2021\/05\/Canakkale-Kamp-Alanlari-Kabatepe-Plaji-Kamp-Alani-4-300x225.jpg 300w, https:\/\/geziyoo.co\/blog\/wp-content\/uploads\/2021\/05\/Canakkale-Kamp-Alanlari-Kabatepe-Plaji-Kamp-Alani-4-768x576.jpg 768w\" data-sizes=\"(max-width: 1024px) 100vw, 1024px\" src=\"data:image\/gif;base64,R0lGODlhAQABAAAAACH5BAEKAAEALAAAAAABAAEAAAICTAEAOw==\" style=\"--smush-placeholder-width: 1024px; --smush-placeholder-aspect-ratio: 1024\/768;\" \/><\/figure>\n\n\n\n<p><strong>Kabatepe Plaj\u0131 Kamp Alan\u0131<\/strong>&nbsp;\u00c7anakkale Eceebat\u2019da yer alan \u00fccretsiz kamp yerlerinden bir di\u011feridir.\u0130ster \u00e7ad\u0131r kamp\u0131 isterseniz karavan kamp\u0131 yapma \u015fans\u0131na sahipsiniz.Denize s\u0131f\u0131r olmas\u0131ndan dolay\u0131 hem y\u00fczebilir hem de kamp keyfini ayn\u0131 anda yapabilirsiniz.<\/p>\n\n\n\n<p>Plaj\u0131n k\u0131y\u0131 kesimi olduk\u00e7a uzun ve diledi\u011finiz her yere \u00e7ad\u0131r\u0131n\u0131z\u0131 kurup kamp yapma \u015fans\u0131na sahipsiniz. Ancak WC, elektrik, soyunma kabinleri gibi imk\u00e2nlar\u0131n olmad\u0131\u011f\u0131n\u0131 bilmelisiniz.<\/p>\n\n\n\n<hr class=\"wp-block-separator has-css-opacity is-style-wide\"\/>\n\n\n\n<ul class=\"wp-block-list\">\n<li><strong>Kabatepe Plaj\u0131 Kamp Alan\u0131 Adres<\/strong>&nbsp;:&nbsp;17900 Kocadere\/Eceabat\/\u00c7anakkale&nbsp;<a href=\"https:\/\/www.google.com\/maps?daddr=40.20073560063221,26.27268818346626\" target=\"_blank\" rel=\"noreferrer noopener\"><strong><em>Konum Bilgisi<\/em><\/strong><\/a><\/li>\n\n\n\n<li><strong>Kabatepe Plaj\u0131 Kamp Alan\u0131 Detayl\u0131 Bilgi :<a href=\"https:\/\/geziyoo.co\/listing\/kabatepe-plaji-kamp-alani\/\"><em>&nbsp;Kabatepe Plaj\u0131 Kamp Alan\u0131 Tan\u0131t\u0131m\u0131<\/em><\/a><\/strong><\/li>\n<\/ul>\n\n\n\n<hr class=\"wp-block-separator has-css-opacity is-style-wide\"\/>\n\n\n\n<h2 class=\"wp-block-heading\">4.Bozcaada Bat\u0131k Gemi (Beylik Koyu) Kamp Alan\u0131<\/h2>\n\n\n\n<figure class=\"wp-block-image\"><img decoding=\"async\" width=\"1024\" height=\"768\" data-src=\"https:\/\/geziyoo.co\/blog\/wp-content\/uploads\/2021\/01\/Bozcaada-Batik-Gemi-Beylik-Koyu-Kamp-Alani-1.jpg\" alt=\"Bozcaada Batik Gemi Beylik Koyu Kamp Alani 1\" class=\"wp-image-6922 lazyload\" title=\"\u00c7anakkale Kamp Alanlar\u0131 ve Karavan Alanlar\u0131 25\" data-srcset=\"https:\/\/geziyoo.co\/blog\/wp-content\/uploads\/2021\/01\/Bozcaada-Batik-Gemi-Beylik-Koyu-Kamp-Alani-1.jpg 1024w, https:\/\/geziyoo.co\/blog\/wp-content\/uploads\/2021\/01\/Bozcaada-Batik-Gemi-Beylik-Koyu-Kamp-Alani-1-300x225.jpg 300w, https:\/\/geziyoo.co\/blog\/wp-content\/uploads\/2021\/01\/Bozcaada-Batik-Gemi-Beylik-Koyu-Kamp-Alani-1-768x576.jpg 768w\" data-sizes=\"(max-width: 1024px) 100vw, 1024px\" src=\"data:image\/gif;base64,R0lGODlhAQABAAAAACH5BAEKAAEALAAAAAABAAEAAAICTAEAOw==\" style=\"--smush-placeholder-width: 1024px; --smush-placeholder-aspect-ratio: 1024\/768;\" \/><figcaption class=\"wp-element-caption\">\u00c7anakkale Kamp Alanlar\u0131 \u2013 Bat\u0131k Gemi<\/figcaption><\/figure>\n\n\n\n<p>\u00c7anakkale \u00dccretsiz Kamp Yerleri i\u00e7eri\u011fimizin 4.s\u0131ras\u0131nda <strong>Bozcaada Bat\u0131k Gemi (Beylik Koyu) Kamp Alan\u0131<\/strong> bulunmakta.<\/p>\n\n\n\n<p>\u00c7anakkale\u2019nin en g\u00fczel adalar\u0131ndan birisi olan Bozcaada\u2019da yer alan bu koy hikayesiyle dikkat \u00e7ekmektedir.Beylik Koyu olarak bilinen koy 2015 y\u0131l\u0131nda So\u011fan y\u00fckl\u00fc bir geminin bu koya oturmas\u0131yla daha bilinir ve ilgin\u00e7 bir yer haline gelmi\u015ftir.<\/p>\n\n\n\n<p>Kamp yerinde wc bulunmakta fakat du\u015f,\u00e7e\u015fme,elektrik gibi kamp olanaklar\u0131 bulunmamakta.\u00c7evrede restoran ve market yok bundan dolay\u0131 yeme i\u00e7me olaylar\u0131n\u0131 \u00f6nceden tedarik edin.<\/p>\n\n\n\n<hr class=\"wp-block-separator has-css-opacity is-style-wide\"\/>\n\n\n\n<ul class=\"wp-block-list\">\n<li><strong>Bozcaada Bat\u0131k Gemi (Beylik Koyu) Kamp Alan\u0131 Adres<\/strong>&nbsp;:Ege, Ku\u015f Adas\u0131 Bld. Huzur Evi, 09400 Ku\u015fadas\u0131\/Bozcaada\/Ayd\u0131n&nbsp;<a href=\"https:\/\/www.google.com\/maps?daddr=39.80822710486106,26.021130616160853\" target=\"_blank\" rel=\"noreferrer noopener\"><strong><em>Konum Bilgisi<\/em><\/strong><\/a><\/li>\n\n\n\n<li><strong>Bozcaada Bat\u0131k Gemi (Beylik Koyu) Kamp Alan\u0131 Detayl\u0131 Bilgi :<a href=\"https:\/\/geziyoo.co\/listing\/bozcaada-batik-gemi-beylik-koyu-kamp-alani\/\"><em>&nbsp;Bozcaada Bat\u0131k Gemi (Beylik Koyu) Kamp Alan\u0131 Tan\u0131t\u0131m\u0131<\/em><\/a><\/strong><\/li>\n<\/ul>\n\n\n\n<hr class=\"wp-block-separator has-css-opacity is-style-wide\"\/>\n\n\n\n<h2 class=\"wp-block-heading\">5.Anzak Koyu Plaj\u0131 Kamp Alan\u0131<\/h2>\n\n\n\n<figure class=\"wp-block-image\"><img decoding=\"async\" width=\"1024\" height=\"682\" data-src=\"https:\/\/geziyoo.co\/blog\/wp-content\/uploads\/2021\/05\/Canakkale-Kamp-Alanlari-Anzak-Koyu-Plaji-Kamp-Alani-4.jpg\" alt=\"Canakkale Kamp Alanlari Anzak Koyu Plaji Kamp Alani 4\" class=\"wp-image-6924 lazyload\" title=\"\u00c7anakkale Kamp Alanlar\u0131 ve Karavan Alanlar\u0131 27\" data-srcset=\"https:\/\/geziyoo.co\/blog\/wp-content\/uploads\/2021\/05\/Canakkale-Kamp-Alanlari-Anzak-Koyu-Plaji-Kamp-Alani-4.jpg 1024w, https:\/\/geziyoo.co\/blog\/wp-content\/uploads\/2021\/05\/Canakkale-Kamp-Alanlari-Anzak-Koyu-Plaji-Kamp-Alani-4-300x200.jpg 300w, https:\/\/geziyoo.co\/blog\/wp-content\/uploads\/2021\/05\/Canakkale-Kamp-Alanlari-Anzak-Koyu-Plaji-Kamp-Alani-4-768x512.jpg 768w\" data-sizes=\"(max-width: 1024px) 100vw, 1024px\" src=\"data:image\/gif;base64,R0lGODlhAQABAAAAACH5BAEKAAEALAAAAAABAAEAAAICTAEAOw==\" style=\"--smush-placeholder-width: 1024px; --smush-placeholder-aspect-ratio: 1024\/682;\" \/><figcaption class=\"wp-element-caption\">\u00c7anakkale Kamp Alanlar\u0131 \u2013 Anzak Koyu<\/figcaption><\/figure>\n\n\n\n<p>Anzak Koyu Plaj\u0131 Kamp Alan\u0131 , \u00c7anakkale&#8217;de hem kamp yap\u0131p hem ge\u00e7mi\u015fimizin izlerini g\u00f6rmek i\u00e7in e\u015fsiz bi yer \u00c7anakkale Sava\u015f\u0131\u2019nda \u00e7at\u0131\u015fmalar\u0131n en \u015fiddetli ya\u015fand\u0131\u011f\u0131 Anzak Koyu, bug\u00fcn her T\u00fcrk\u2019\u00fcn ziyaret etti\u011fi \u00f6nemli manevi yerlerden bir tanesidir.<\/p>\n\n\n\n<p>Kamp yeri ve koy \u00e7evresinde wc ve du\u015f bulunmaktad\u0131r.Fakat kamp alan\u0131na giderken yan\u0131n\u0131zda g\u0131da olsun ve kamp ekipmanlar\u0131n\u0131z\u0131 haz\u0131rlay\u0131n.<\/p>\n\n\n\n<hr class=\"wp-block-separator has-css-opacity is-style-wide\"\/>\n\n\n\n<ul class=\"wp-block-list\">\n<li><strong>Anzak Koyu Plaj\u0131 Kamp Alan\u0131 Adres<\/strong>&nbsp;:Pazark\u00f6y \u0130\u00e7 Yolu, 17600 \u00c7aml\u0131ca\/Anzak Koyu&nbsp;<a href=\"https:\/\/www.google.com\/maps\/dir\/\/40.2449618,26.2818556\/@40.2449178,26.2118357,12z\" target=\"_blank\" rel=\"noreferrer noopener\"><strong><em>Konum Bilgisi<\/em><\/strong><\/a><\/li>\n\n\n\n<li><strong>Anzak Koyu Plaj\u0131 Kamp Alan\u0131 Detayl\u0131 Bilgi :<a href=\"https:\/\/geziyoo.co\/listing\/anzak-koyu-plaji-kamp-alani\/\"><em>&nbsp;Anzak Koyu Plaj\u0131 Kamp Alan\u0131 Tan\u0131t\u0131m\u0131<\/em><\/a><\/strong><\/li>\n<\/ul>\n\n\n\n<hr class=\"wp-block-separator has-css-opacity is-style-wide\"\/>\n\n\n\n<h2 class=\"wp-block-heading\">6.Kocadere Plaj\u0131 Kamp Alan\u0131<\/h2>\n\n\n\n<figure class=\"wp-block-image\"><img decoding=\"async\" width=\"1024\" height=\"768\" data-src=\"https:\/\/geziyoo.co\/blog\/wp-content\/uploads\/2021\/05\/Canakkale-Kamp-Alanlari-Kocadere-Plaji-Kamp-Alani-2.jpg\" alt=\"Canakkale Kamp Alanlari Kocadere Plaji Kamp Alani 2\" class=\"wp-image-6930 lazyload\" title=\"\u00c7anakkale Kamp Alanlar\u0131 ve Karavan Alanlar\u0131 31\" data-srcset=\"https:\/\/geziyoo.co\/blog\/wp-content\/uploads\/2021\/05\/Canakkale-Kamp-Alanlari-Kocadere-Plaji-Kamp-Alani-2.jpg 1024w, https:\/\/geziyoo.co\/blog\/wp-content\/uploads\/2021\/05\/Canakkale-Kamp-Alanlari-Kocadere-Plaji-Kamp-Alani-2-300x225.jpg 300w, https:\/\/geziyoo.co\/blog\/wp-content\/uploads\/2021\/05\/Canakkale-Kamp-Alanlari-Kocadere-Plaji-Kamp-Alani-2-768x576.jpg 768w\" data-sizes=\"(max-width: 1024px) 100vw, 1024px\" src=\"data:image\/gif;base64,R0lGODlhAQABAAAAACH5BAEKAAEALAAAAAABAAEAAAICTAEAOw==\" style=\"--smush-placeholder-width: 1024px; --smush-placeholder-aspect-ratio: 1024\/768;\" \/><\/figure>\n\n\n\n<p><strong>Kocadere Plaj\u0131 Kamp Alan\u0131 \u00c7anakkale Eceabat\u2019da yer alan Plaj\u0131n hemen dibinde yer alan \u00dccretsiz kamp alanlar\u0131ndan bir di\u011feridir.<\/strong>.Plaj ve \u00c7evresinde pek \u00e7ok otel bulunmakla birlikte, kamp i\u00e7in uygun yerlerde var.\u00c7ad\u0131r ve karavan kamp\u0131 i\u00e7in uygundur.<\/p>\n\n\n\n<p>Kocadere Plaj\u0131 Kamp Alan\u0131 yak\u0131nlar\u0131na veya deniz ve \u00e7am a\u011fa\u00e7lar\u0131n\u0131n kavu\u015ftu\u011fu noktalara kamp\u0131n\u0131z\u0131 kurabilirsiniz. Karavan ve \u00e7ad\u0131r konaklama i\u00e7in tercih edebilece\u011finiz plajda du\u015f, tuvalet ve restoranlarda bulunmakta<\/p>\n\n\n\n<hr class=\"wp-block-separator has-css-opacity is-style-wide\"\/>\n\n\n\n<ul class=\"wp-block-list\">\n<li><strong>Kocadere Plaj\u0131 Kamp Alan\u0131 Adres<\/strong>&nbsp;:Unnamed Road, 17900, 17902 Kocadere\/Eceabat\/\u00c7anakkale&nbsp;<a href=\"https:\/\/www.google.com\/maps?daddr=40.21906852354352,%2026.2792160759939\" target=\"_blank\" rel=\"noreferrer noopener\"><strong><em>Konum Bilgisi<\/em><\/strong><\/a><\/li>\n\n\n\n<li><strong>Kocadere Plaj\u0131 Kamp Alan\u0131 Detayl\u0131 Bilgi :<em><a href=\"https:\/\/geziyoo.co\/listing\/kocadere-plaji-kamp-alani\/\">&nbsp;Kocadere Plaj\u0131 Kamp Alan\u0131 Tan\u0131t\u0131m<\/a><\/em><\/strong><\/li>\n<\/ul>\n\n\n\n<hr class=\"wp-block-separator has-css-opacity is-style-wide\"\/>\n\n\n\n<h2 class=\"wp-block-heading\">7.Fatma Kad\u0131n Koyu Kamp Alan\u0131<\/h2>\n\n\n\n<figure class=\"wp-block-image\"><img decoding=\"async\" width=\"1024\" height=\"768\" data-src=\"https:\/\/geziyoo.co\/blog\/wp-content\/uploads\/2021\/06\/Canakkale-Kamp-Alanlari-Fatma-Kadin-Koyu-Kamp-Alani-2.jpg\" alt=\"Canakkale Kamp Alanlari Fatma Kadin Koyu Kamp Alani 2\" class=\"wp-image-7004 lazyload\" title=\"\u00c7anakkale Kamp Alanlar\u0131 ve Karavan Alanlar\u0131 37\" data-srcset=\"https:\/\/geziyoo.co\/blog\/wp-content\/uploads\/2021\/06\/Canakkale-Kamp-Alanlari-Fatma-Kadin-Koyu-Kamp-Alani-2.jpg 1024w, https:\/\/geziyoo.co\/blog\/wp-content\/uploads\/2021\/06\/Canakkale-Kamp-Alanlari-Fatma-Kadin-Koyu-Kamp-Alani-2-300x225.jpg 300w, https:\/\/geziyoo.co\/blog\/wp-content\/uploads\/2021\/06\/Canakkale-Kamp-Alanlari-Fatma-Kadin-Koyu-Kamp-Alani-2-768x576.jpg 768w\" data-sizes=\"(max-width: 1024px) 100vw, 1024px\" src=\"data:image\/gif;base64,R0lGODlhAQABAAAAACH5BAEKAAEALAAAAAABAAEAAAICTAEAOw==\" style=\"--smush-placeholder-width: 1024px; --smush-placeholder-aspect-ratio: 1024\/768;\" \/><figcaption class=\"wp-element-caption\">\u00c7anakkale Kamp Alanlar\u0131 \u2013 Fatma Kad\u0131n Koyu<\/figcaption><\/figure>\n\n\n\n<p>\u00c7anakkale \u00dccretsiz Kamp Yerleri i\u00e7eri\u011fimizin 7.s\u0131ras\u0131nda <strong>Fatma Kad\u0131n Koyu Kamp Alan\u0131<\/strong> var.Gelibolu\u2019da yer alan \u00fccretsiz ve do\u011fal kamp alanlar\u0131ndan birisi.<\/p>\n\n\n\n<p>Kamp alan\u0131nda hem y\u00fczebilir hem de kamp yapabilirsiniz.Koyda hem \u00e7ad\u0131r kamp\u0131 hemde karavan kamp\u0131 yapman\u0131z m\u00fcmk\u00fcn.<\/p>\n\n\n\n<p>Kamp yerinde \u00fccretsiz kamp yapabilirsiniz fakat wc,du\u015f,elektrik gibi kamp olanaklar maalesef yok.Dilerseniz koyun i\u00e7erisinde i\u015fletmede \u00fccretli olarak bu olanaklardan faydalanabilirsiniz.<\/p>\n\n\n\n<hr class=\"wp-block-separator has-css-opacity is-style-wide\"\/>\n\n\n\n<ul class=\"wp-block-list\">\n<li><strong>Fatma Kad\u0131n Koyu Kamp Alan\u0131 Adres<\/strong>&nbsp;:&nbsp;G\u00fcneyli m\u00fccavir mevki kirklareliler sitesi no 60 z, 17500 G\u00fcneyli\/Gelibolu\/\u00c7anakkale&nbsp;<a href=\"https:\/\/www.google.com\/maps?daddr=40.506478105319786,26.680189430433355\" target=\"_blank\" rel=\"noreferrer noopener\"><strong><em>Konum Bilgisi<\/em><\/strong><\/a><\/li>\n\n\n\n<li><strong>Fatma Kad\u0131n Koyu Kamp Alan\u0131 Detayl\u0131 Bilgi :<a href=\"https:\/\/geziyoo.co\/listing\/fatma-kadin-koyu-kamp-alani\/\"><em>&nbsp;Fatma Kad\u0131n Koyu Kamp Alan\u0131 Tan\u0131t\u0131m<\/em><\/a><\/strong><\/li>\n<\/ul>\n\n\n\n<hr class=\"wp-block-separator has-css-opacity is-style-wide\"\/>\n\n\n\n<h2 class=\"wp-block-heading\">8.Sualt\u0131 Milli Park\u0131 Kamp Alan\u0131<\/h2>\n\n\n\n<figure class=\"wp-block-image\"><img decoding=\"async\" width=\"1024\" height=\"768\" data-src=\"https:\/\/geziyoo.co\/blog\/wp-content\/uploads\/2021\/05\/Canakkale-Kamp-Alanlari-Sualti-Milli-Parki-Kamp-Alani-1.jpg\" alt=\"Canakkale Kamp Alanlari Sualti Milli Parki Kamp Alani 1\" class=\"wp-image-6927 lazyload\" title=\"\u00c7anakkale Kamp Alanlar\u0131 ve Karavan Alanlar\u0131 28\" data-srcset=\"https:\/\/geziyoo.co\/blog\/wp-content\/uploads\/2021\/05\/Canakkale-Kamp-Alanlari-Sualti-Milli-Parki-Kamp-Alani-1.jpg 1024w, https:\/\/geziyoo.co\/blog\/wp-content\/uploads\/2021\/05\/Canakkale-Kamp-Alanlari-Sualti-Milli-Parki-Kamp-Alani-1-300x225.jpg 300w, https:\/\/geziyoo.co\/blog\/wp-content\/uploads\/2021\/05\/Canakkale-Kamp-Alanlari-Sualti-Milli-Parki-Kamp-Alani-1-768x576.jpg 768w\" data-sizes=\"(max-width: 1024px) 100vw, 1024px\" src=\"data:image\/gif;base64,R0lGODlhAQABAAAAACH5BAEKAAEALAAAAAABAAEAAAICTAEAOw==\" style=\"--smush-placeholder-width: 1024px; --smush-placeholder-aspect-ratio: 1024\/768;\" \/><figcaption class=\"wp-element-caption\">\u00c7anakkale Kamp Alanlar\u0131 \u2013 Sualt\u0131 Milli Park\u0131<\/figcaption><\/figure>\n\n\n\n<p>Dal\u0131\u015f\u00e7\u0131lar\u0131n iyi bildi\u011fi bir koy olan bu yer kamp yapmak i\u00e7inde uygun.<strong>Sualt\u0131 Milli Park\u0131 Kamp Alan\u0131&nbsp;<\/strong>G\u00f6k\u00e7eada\u2019da yer alan do\u011fal kamp yerlerinden bir tanesidir..<\/p>\n\n\n\n<p>G\u00f6k\u00e7eada\u2019n\u0131n sakin ve temiz koylar\u0131ndan birisi olan yer \u00e7ad\u0131r kamp\u0131 i\u00e7in uygun.Ayr\u0131ca Dal\u0131\u015f i\u00e7in \u00e7ok tercih edilen yerlerin aras\u0131nda gelmekte.<\/p>\n\n\n\n<p>Koyda ister \u00fccretsiz isterseniz de \u00dccretli kamp yapabilme imkan\u0131na sahipsiniz.\u00dccretli kamp alan\u0131nda wc,du\u015f,elektirk,restoran gibi imkanlar bulunmakta.\u00dccretsiz olanlarda ise maalesef bu olanaklar bulunmamakta<\/p>\n\n\n\n<hr class=\"wp-block-separator has-css-opacity is-style-wide\"\/>\n\n\n\n<ul class=\"wp-block-list\">\n<li><strong>Sualt\u0131 Milli Park\u0131 Kamp Alan\u0131&nbsp; Adres<\/strong>&nbsp;:&nbsp;Fatih, Bademli Sk., 17760 Bademli\/G\u00f6k\u00e7eada\/\u00c7anakkale&nbsp;<a href=\"https:\/\/www.google.com\/maps?daddr=40.23559805193267,25.939290634100193\" target=\"_blank\" rel=\"noreferrer noopener\"><strong><em>Konum Bilgisi<\/em><\/strong><\/a><\/li>\n\n\n\n<li><strong>Sualt\u0131 Milli Park\u0131 Kamp Alan\u0131&nbsp; Detayl\u0131 Bilgi :<a href=\"https:\/\/geziyoo.co\/listing\/sualti-milli-parki-kamp-alani\/\"><em>&nbsp;Sualt\u0131 Milli Park\u0131 Kamp Alan\u0131 Tan\u0131t\u0131m\u0131<\/em><\/a><\/strong><\/li>\n<\/ul>\n\n\n\n<hr class=\"wp-block-separator has-css-opacity is-style-wide\"\/>\n\n\n\n<h2 class=\"wp-block-heading\">9.U\u011furlu Plaj\u0131 Kamp Alan\u0131<\/h2>\n\n\n\n<figure class=\"wp-block-image\"><img decoding=\"async\" width=\"1024\" height=\"768\" data-src=\"https:\/\/geziyoo.co\/blog\/wp-content\/uploads\/2021\/05\/Canakkale-Kamp-Alanlari-Ugurlu-Plaji-Kamp-Alani-4.jpg\" alt=\"Canakkale Kamp Alanlari Ugurlu Plaji Kamp Alani 4\" class=\"wp-image-6953 lazyload\" title=\"\u00c7anakkale Kamp Alanlar\u0131 ve Karavan Alanlar\u0131 32\" data-srcset=\"https:\/\/geziyoo.co\/blog\/wp-content\/uploads\/2021\/05\/Canakkale-Kamp-Alanlari-Ugurlu-Plaji-Kamp-Alani-4.jpg 1024w, https:\/\/geziyoo.co\/blog\/wp-content\/uploads\/2021\/05\/Canakkale-Kamp-Alanlari-Ugurlu-Plaji-Kamp-Alani-4-300x225.jpg 300w, https:\/\/geziyoo.co\/blog\/wp-content\/uploads\/2021\/05\/Canakkale-Kamp-Alanlari-Ugurlu-Plaji-Kamp-Alani-4-768x576.jpg 768w\" data-sizes=\"(max-width: 1024px) 100vw, 1024px\" src=\"data:image\/gif;base64,R0lGODlhAQABAAAAACH5BAEKAAEALAAAAAABAAEAAAICTAEAOw==\" style=\"--smush-placeholder-width: 1024px; --smush-placeholder-aspect-ratio: 1024\/768;\" \/><figcaption class=\"wp-element-caption\">U\u011furlu Plaj\u0131 Kamp Alan\u0131<\/figcaption><\/figure>\n\n\n\n<p><strong>U\u011furlu Plaj\u0131 Kamp Alan\u0131<\/strong> G\u00f6k\u00e7eada\u2019da yer alan \u00dccretsiz ve do\u011fal kamp yerlerinden bir tanesidir.G\u00f6k\u00e7eada\u2019n\u0131n sakin ve temiz koylar\u0131ndan birisi olan yer \u00e7ad\u0131r kamp\u0131 i\u00e7in uygun.\u00d6zellikle yaz aylar\u0131nda hem denize girme keyfi hem de kamp yapma keyfini ya\u015fayabilirsiniz.<\/p>\n\n\n\n<p>&nbsp;G\u00f6k\u00e7eada\u2019daki en b\u00fcy\u00fck orman U\u011furlu\u2019da yer almaktad\u0131r. Al\u0131\u015fveri\u015f i\u00e7in pek \u00e7ok se\u00e7enek var. Plaj\u0131 tertemiz ve denizinin suyu \u0131l\u0131k ve girilebilir.&nbsp;Kamp alan\u0131 do\u011fal oldu\u011fundan wc,du\u015f,elektrik gibi olanaklar bulunmamaktad\u0131r.<\/p>\n\n\n\n<hr class=\"wp-block-separator has-css-opacity is-style-wide\"\/>\n\n\n\n<ul class=\"wp-block-list\">\n<li><strong>U\u011furlu Plaj\u0131 Kamp Alan\u0131 Adres<\/strong>&nbsp;:17760 Derek\u00f6y\/G\u00f6k\u00e7eada\/\u00c7anakkale&nbsp;<a href=\"https:\/\/www.google.com\/maps\/dir\/\/40.1183194,25.6991468\/@40.118292,25.6291381,12z\" target=\"_blank\" rel=\"noreferrer noopener\"><strong><em>Konum Bilgisi<\/em><\/strong><\/a><\/li>\n\n\n\n<li><strong>U\u011furlu Plaj\u0131 Kamp Alan\u0131 Detayl\u0131 Bilgi :<a href=\"https:\/\/geziyoo.co\/listing\/ugurlu-plaji-kamp-alani\/\"><em>&nbsp;U\u011furlu Plaj\u0131 Kamp Alan\u0131 Tan\u0131t\u0131m<\/em><\/a><\/strong><\/li>\n<\/ul>\n\n\n\n<hr class=\"wp-block-separator has-css-opacity is-style-wide\"\/>\n\n\n\n<h2 class=\"wp-block-heading\">10.Kad\u0131rga Koyu Kamp Alan\u0131<\/h2>\n\n\n\n<figure class=\"wp-block-image\"><img decoding=\"async\" width=\"1024\" height=\"768\" data-src=\"https:\/\/geziyoo.co\/blog\/wp-content\/uploads\/2021\/05\/Kadirga-Koyu-Kamp-Alani-1.jpg\" alt=\"Kadirga Koyu Kamp Alani 1\" class=\"wp-image-6954 lazyload\" title=\"\u00c7anakkale Kamp Alanlar\u0131 ve Karavan Alanlar\u0131 33\" data-srcset=\"https:\/\/geziyoo.co\/blog\/wp-content\/uploads\/2021\/05\/Kadirga-Koyu-Kamp-Alani-1.jpg 1024w, https:\/\/geziyoo.co\/blog\/wp-content\/uploads\/2021\/05\/Kadirga-Koyu-Kamp-Alani-1-300x225.jpg 300w, https:\/\/geziyoo.co\/blog\/wp-content\/uploads\/2021\/05\/Kadirga-Koyu-Kamp-Alani-1-768x576.jpg 768w\" data-sizes=\"(max-width: 1024px) 100vw, 1024px\" src=\"data:image\/gif;base64,R0lGODlhAQABAAAAACH5BAEKAAEALAAAAAABAAEAAAICTAEAOw==\" style=\"--smush-placeholder-width: 1024px; --smush-placeholder-aspect-ratio: 1024\/768;\" \/><figcaption class=\"wp-element-caption\">Assos Kad\u0131rga Koyu<\/figcaption><\/figure>\n\n\n\n<p>Kad\u0131rga Koyu Kamp Alan\u0131 Assos\u2019da yer \u00fccretsiz kamp alanlar\u0131ndan birisidir.Hem \u00e7ad\u0131r kamp\u0131 hem karavan kamp\u0131 yap\u0131labilir.B\u00f6lgede \u00fccretli kamp yapabilece\u011finiz i\u015fletmelerde bulunmakta.<\/p>\n\n\n\n<p>Koyun \u00e7evresinde bir \u00e7ok restoran ve i\u015fletme bulunmakta.Burada wc ve du\u015f ihtiya\u00e7lar\u0131n\u0131z\u0131 kar\u015f\u0131layabilirsiniz.Kad\u0131rga Koyu denizi \u00e7ok berrak ve tertemiz.<\/p>\n\n\n\n<hr class=\"wp-block-separator has-css-opacity is-style-wide\"\/>\n\n\n\n<ul class=\"wp-block-list\">\n<li><strong>Kad\u0131rga Koyu Kamp Alan\u0131 Adres<\/strong>&nbsp;:&nbsp;17860 Behram\/Ayvac\u0131k\/\u00c7anakkale&nbsp;<a href=\"https:\/\/www.google.com\/maps?daddr=39.490524376969724,26.369956477920795\" target=\"_blank\" rel=\"noreferrer noopener\"><strong><em>Konum Bilgisi<\/em><\/strong><\/a><\/li>\n\n\n\n<li><strong>Kad\u0131rga Koyu Kamp Alan\u0131 Detayl\u0131 Bilgi :<a href=\"https:\/\/geziyoo.co\/listing\/kadirga-koyu-kamp-alani\/\"><em>&nbsp;Kad\u0131rga Koyu Kamp Alan\u0131 Tan\u0131t\u0131m<\/em><\/a><\/strong><\/li>\n<\/ul>\n\n\n\n<hr class=\"wp-block-separator has-css-opacity is-style-wide\"\/>\n\n\n\n<h2 class=\"wp-block-heading\">11.Marmaros Plaj\u0131 Kamp Alan\u0131<\/h2>\n\n\n\n<figure class=\"wp-block-image\"><img decoding=\"async\" width=\"1024\" height=\"768\" data-src=\"https:\/\/geziyoo.co\/blog\/wp-content\/uploads\/2021\/05\/Marmaros-Plaji-Kamp-Alani-1.jpg\" alt=\"Marmaros Plaji Kamp Alani 1\" class=\"wp-image-6955 lazyload\" title=\"\u00c7anakkale Kamp Alanlar\u0131 ve Karavan Alanlar\u0131 34\" data-srcset=\"https:\/\/geziyoo.co\/blog\/wp-content\/uploads\/2021\/05\/Marmaros-Plaji-Kamp-Alani-1.jpg 1024w, https:\/\/geziyoo.co\/blog\/wp-content\/uploads\/2021\/05\/Marmaros-Plaji-Kamp-Alani-1-300x225.jpg 300w, https:\/\/geziyoo.co\/blog\/wp-content\/uploads\/2021\/05\/Marmaros-Plaji-Kamp-Alani-1-768x576.jpg 768w\" data-sizes=\"(max-width: 1024px) 100vw, 1024px\" src=\"data:image\/gif;base64,R0lGODlhAQABAAAAACH5BAEKAAEALAAAAAABAAEAAAICTAEAOw==\" style=\"--smush-placeholder-width: 1024px; --smush-placeholder-aspect-ratio: 1024\/768;\" \/><figcaption class=\"wp-element-caption\">Marmaros Plaj\u0131 Kamp Alan\u0131<\/figcaption><\/figure>\n\n\n\n<p><strong>Marmaros Plaj\u0131 Kamp Alan\u0131<\/strong>&nbsp;G\u00f6k\u00e7eada\u2019da \u00fccretsiz kamp yapabilece\u011finiz bir di\u011fer denize s\u0131f\u0131r kamp yerlerinden .G\u00f6k\u00e7eada\u2019n\u0131n sakin ve temiz koylar\u0131ndan birisi olan yer \u00e7ad\u0131r kamp\u0131 i\u00e7in uygun.<\/p>\n\n\n\n<p>Koy ve \u00e7evresinde market veya restoran olmad\u0131\u011f\u0131ndan G\u00f6k\u00e7eada merkezinden al\u0131\u015fveri\u015f yapman\u0131z \u00f6nerilmektedir.Kamp alan\u0131nda maalesef wc,du\u015f,elektrik gibi imkanlar yok.<\/p>\n\n\n\n<hr class=\"wp-block-separator has-css-opacity is-style-wide\"\/>\n\n\n\n<ul class=\"wp-block-list\">\n<li><strong>Marmaros Plaj\u0131 Kamp Alan\u0131 Adres<\/strong>&nbsp;:Tepek\u00f6y K\u00f6y\u00fc, 17760 G\u00f6k\u00e7eada\/\u00c7anakkale&nbsp;<a href=\"https:\/\/www.google.com\/maps?daddr=40.19372439912123,25.754797750412198\" target=\"_blank\" rel=\"noreferrer noopener\"><strong><em>Konum Bilgisi<\/em><\/strong><\/a><\/li>\n\n\n\n<li><strong>Marmaros Plaj\u0131 Kamp Alan\u0131 Detayl\u0131 Bilgi :<a href=\"https:\/\/geziyoo.co\/listing\/marmaros-plaji-kamp-alani\/\"><em>&nbsp;Marmaros Plaj\u0131 Kamp Alan\u0131 Tan\u0131t\u0131m<\/em><\/a><\/strong><\/li>\n<\/ul>\n\n\n\n<hr class=\"wp-block-separator has-css-opacity is-style-wide\"\/>\n\n\n\n<h2 class=\"wp-block-heading\">12.Ayazma Plaj\u0131 Kamp Alan\u0131<\/h2>\n\n\n\n<figure class=\"wp-block-image\"><img decoding=\"async\" width=\"1024\" height=\"768\" data-src=\"https:\/\/geziyoo.co\/blog\/wp-content\/uploads\/2021\/05\/Ayazma-Plaji-Kamp-Alani-1.jpg\" alt=\"Ayazma Plaji Kamp Alani 1\" class=\"wp-image-6985 lazyload\" title=\"\u00c7anakkale Kamp Alanlar\u0131 ve Karavan Alanlar\u0131 35\" data-srcset=\"https:\/\/geziyoo.co\/blog\/wp-content\/uploads\/2021\/05\/Ayazma-Plaji-Kamp-Alani-1.jpg 1024w, https:\/\/geziyoo.co\/blog\/wp-content\/uploads\/2021\/05\/Ayazma-Plaji-Kamp-Alani-1-300x225.jpg 300w, https:\/\/geziyoo.co\/blog\/wp-content\/uploads\/2021\/05\/Ayazma-Plaji-Kamp-Alani-1-768x576.jpg 768w\" data-sizes=\"(max-width: 1024px) 100vw, 1024px\" src=\"data:image\/gif;base64,R0lGODlhAQABAAAAACH5BAEKAAEALAAAAAABAAEAAAICTAEAOw==\" style=\"--smush-placeholder-width: 1024px; --smush-placeholder-aspect-ratio: 1024\/768;\" \/><figcaption class=\"wp-element-caption\">Ayazma Plaj\u0131<\/figcaption><\/figure>\n\n\n\n<p><strong>Ayazma Plaj\u0131 Kamp Alan\u0131 Bozcaada\u2019da yer alan \u00dccretsiz ve do\u011fal kamp alanlar\u0131ndan birisidir.Kamp alan\u0131 \u00e7ad\u0131r ve karavan kamp\u0131 i\u00e7in uygun.<\/strong><\/p>\n\n\n\n<p>Kamp alan\u0131 \u00e7evresinde, kamp yapacaklar\u0131n g\u00fcnl\u00fck ihtiya\u00e7lar\u0131n\u0131 kar\u015f\u0131lamas\u0131 i\u00e7in bir\u00e7ok i\u015fletme bulunmakta olup buralardan faydalanabilirsiniz<\/p>\n\n\n\n<hr class=\"wp-block-separator has-css-opacity is-style-wide\"\/>\n\n\n\n<ul class=\"wp-block-list\">\n<li><strong>Ayazma Plaj\u0131 Kamp Alan\u0131 Adres<\/strong>&nbsp;:&nbsp;Alaybey, \u00c7\u0131narl\u0131 \u00c7ar\u015f\u0131 Cd. No:49, 17680 Bozcaada\/\u00c7anakkale&nbsp;<strong><em>Konum Bilgisi<\/em><\/strong><\/li>\n\n\n\n<li><strong>Ayazma Plaj\u0131 Kamp Alan\u0131 Detayl\u0131 Bilgi :<a href=\"https:\/\/geziyoo.co\/listing\/ayazma-plaji-kamp-alani\/\"><em>&nbsp;Ayazma Plaj\u0131 Kamp Alan\u0131 Tan\u0131t\u0131m<\/em><\/a><\/strong><\/li>\n<\/ul>\n\n\n\n<hr class=\"wp-block-separator has-css-opacity is-style-wide\"\/>\n\n\n\n<p><strong>\u00c7anakkale \u00dccretsiz Kamp Alanlar\u0131 ve Karavan Kamp Alanlar\u0131 Listemizin \u015fimdilik sonuna geldik.Her ge\u00e7en ge\u00e7en g\u00fcn eklemeler yaparak devam edece\u011fiz.Sizlerde \u00c7anakkale&#8217;de yer alan Karavan veya normal kamp alanlar\u0131n\u0131 yorumlar k\u0131sm\u0131ndan bizlerle payla\u015fabilirsiniz.G\u00fczel bir kamp ge\u00e7irmeniz dile\u011fiyle ho\u015f\u00e7akal\u0131n\u2026<\/strong><\/p>\n","protected":false},"excerpt":{"rendered":"<p>\u00c7anakkale, Asya ve Avrupa&#8217;y\u0131 birbirine ba\u011flayan bo\u011faz\u0131yla sadece stratejik bir ge\u00e7i\u015f noktas\u0131 de\u011fil, ayn\u0131 zamanda kamp\u00e7\u0131lar i\u00e7in Marmara ve Ege&#8217;nin en g\u00fczel birle\u015fim noktas\u0131d\u0131r. Kuzeyde Gelibolu Yar\u0131madas\u0131&#8217;ndaki Saros K\u00f6rfezi, d\u00fcnyada kendi kendini temizleyebilen nadir denizlerden biri olarak dal\u0131\u015f ve kamp tutkunlar\u0131n\u0131 a\u011f\u0131rlar. G\u00fcneyde ise Ayvac\u0131k (Assos) ve Ezine k\u0131y\u0131lar\u0131, zeytin a\u011fa\u00e7lar\u0131n\u0131n denize kadar indi\u011fi, antik &hellip;<\/p>\n","protected":false},"author":1,"featured_media":11910,"comment_status":"open","ping_status":"closed","sticky":false,"template":"","format":"standard","meta":{"footnotes":""},"categories":[589,23],"tags":[],"class_list":["post-11896","post","type-post","status-publish","format-standard","has-post-thumbnail","hentry","category-kamp1","category-kamp-kamp-alanlari"],"yoast_head":"<!-- This site is optimized with the Yoast SEO plugin v26.9 - https:\/\/yoast.com\/product\/yoast-seo-wordpress\/ -->\n<title>\u00c7anakkale\u2019de Denize S\u0131f\u0131r ve \u00dccretsiz En \u0130yi 12 Kamp Alan\u0131 | Geziyoo<\/title>\n<meta name=\"description\" content=\"\u00c7anakkale Assos, Gelibolu Saros K\u00f6rfezi, K\u00f6m\u00fcr Liman\u0131, Kad\u0131rga Koyu ve Babakale sahilleri dahil denize s\u0131f\u0131r, bakir ve \u00fccretsiz 12 kamp alan\u0131n\u0131 listeledik. Konumlar Geziyoo&#039;da.\" \/>\n<meta name=\"robots\" content=\"index, follow, max-snippet:-1, max-image-preview:large, max-video-preview:-1\" \/>\n<link rel=\"canonical\" href=\"https:\/\/geziyoo.co\/blog\/canakkalede-denize-sifir-kamp-yapabileceginiz-ucretsiz-kamp-alanlari\/\" \/>\n<meta property=\"og:locale\" content=\"tr_TR\" \/>\n<meta property=\"og:type\" content=\"article\" \/>\n<meta property=\"og:title\" content=\"\u00c7anakkale\u2019de Denize S\u0131f\u0131r ve \u00dccretsiz En \u0130yi 12 Kamp Alan\u0131 | Geziyoo\" \/>\n<meta property=\"og:description\" content=\"\u00c7anakkale Assos, Gelibolu Saros K\u00f6rfezi, K\u00f6m\u00fcr Liman\u0131, Kad\u0131rga Koyu ve Babakale sahilleri dahil denize s\u0131f\u0131r, bakir ve \u00fccretsiz 12 kamp alan\u0131n\u0131 listeledik. Konumlar Geziyoo&#039;da.\" \/>\n<meta property=\"og:url\" content=\"https:\/\/geziyoo.co\/blog\/canakkalede-denize-sifir-kamp-yapabileceginiz-ucretsiz-kamp-alanlari\/\" \/>\n<meta property=\"og:site_name\" content=\"Geziyoo.co\" \/>\n<meta property=\"article:publisher\" content=\"https:\/\/www.facebook.com\/Geziyooco\" \/>\n<meta property=\"article:author\" content=\"https:\/\/www.facebook.com\/geziyoo.co\" \/>\n<meta property=\"article:published_time\" content=\"2023-03-22T11:27:41+00:00\" \/>\n<meta property=\"article:modified_time\" content=\"2026-01-29T13:22:28+00:00\" \/>\n<meta property=\"og:image\" content=\"https:\/\/geziyoo.co\/blog\/wp-content\/uploads\/2023\/03\/Canakkalede-Denize-Sifir-Kamp-Yapabileceginiz-Ucretsiz-Kamp-Alanlari-ve-Koylar.jpg\" \/>\n\t<meta property=\"og:image:width\" content=\"1024\" \/>\n\t<meta property=\"og:image:height\" content=\"768\" \/>\n\t<meta property=\"og:image:type\" content=\"image\/jpeg\" \/>\n<meta name=\"author\" content=\"Geziyoo\" \/>\n<meta name=\"twitter:card\" content=\"summary_large_image\" \/>\n<meta name=\"twitter:creator\" content=\"@https:\/\/twitter.com\/geziyoo\" \/>\n<meta name=\"twitter:site\" content=\"@geziyoo\" \/>\n<meta name=\"twitter:label1\" content=\"Yazan:\" \/>\n\t<meta name=\"twitter:data1\" content=\"Geziyoo\" \/>\n\t<meta name=\"twitter:label2\" content=\"Tahmini okuma s\u00fcresi\" \/>\n\t<meta name=\"twitter:data2\" content=\"11 dakika\" \/>\n<script type=\"application\/ld+json\" class=\"yoast-schema-graph\">{\"@context\":\"https:\/\/schema.org\",\"@graph\":[{\"@type\":\"Article\",\"@id\":\"https:\/\/geziyoo.co\/blog\/canakkalede-denize-sifir-kamp-yapabileceginiz-ucretsiz-kamp-alanlari\/#article\",\"isPartOf\":{\"@id\":\"https:\/\/geziyoo.co\/blog\/canakkalede-denize-sifir-kamp-yapabileceginiz-ucretsiz-kamp-alanlari\/\"},\"author\":{\"name\":\"Geziyoo\",\"@id\":\"https:\/\/geziyoo.co\/blog\/#\/schema\/person\/032acb2436540ed14784e7d978aef0e4\"},\"headline\":\"\u00c7anakkale Geneli Denize S\u0131f\u0131r ve \u00dccretsiz 12+ Kamp Alan\u0131 (\u0130leti\u015fim ve Konum)\",\"datePublished\":\"2023-03-22T11:27:41+00:00\",\"dateModified\":\"2026-01-29T13:22:28+00:00\",\"mainEntityOfPage\":{\"@id\":\"https:\/\/geziyoo.co\/blog\/canakkalede-denize-sifir-kamp-yapabileceginiz-ucretsiz-kamp-alanlari\/\"},\"wordCount\":1935,\"commentCount\":0,\"publisher\":{\"@id\":\"https:\/\/geziyoo.co\/blog\/#organization\"},\"image\":{\"@id\":\"https:\/\/geziyoo.co\/blog\/canakkalede-denize-sifir-kamp-yapabileceginiz-ucretsiz-kamp-alanlari\/#primaryimage\"},\"thumbnailUrl\":\"https:\/\/geziyoo.co\/blog\/wp-content\/uploads\/2023\/03\/Canakkalede-Denize-Sifir-Kamp-Yapabileceginiz-Ucretsiz-Kamp-Alanlari-ve-Koylar.jpg\",\"articleSection\":[\"Kamp\",\"Kamp Alanlar\u0131\"],\"inLanguage\":\"tr\",\"potentialAction\":[{\"@type\":\"CommentAction\",\"name\":\"Comment\",\"target\":[\"https:\/\/geziyoo.co\/blog\/canakkalede-denize-sifir-kamp-yapabileceginiz-ucretsiz-kamp-alanlari\/#respond\"]}]},{\"@type\":\"WebPage\",\"@id\":\"https:\/\/geziyoo.co\/blog\/canakkalede-denize-sifir-kamp-yapabileceginiz-ucretsiz-kamp-alanlari\/\",\"url\":\"https:\/\/geziyoo.co\/blog\/canakkalede-denize-sifir-kamp-yapabileceginiz-ucretsiz-kamp-alanlari\/\",\"name\":\"\u00c7anakkale\u2019de Denize S\u0131f\u0131r ve \u00dccretsiz En \u0130yi 12 Kamp Alan\u0131 | Geziyoo\",\"isPartOf\":{\"@id\":\"https:\/\/geziyoo.co\/blog\/#website\"},\"primaryImageOfPage\":{\"@id\":\"https:\/\/geziyoo.co\/blog\/canakkalede-denize-sifir-kamp-yapabileceginiz-ucretsiz-kamp-alanlari\/#primaryimage\"},\"image\":{\"@id\":\"https:\/\/geziyoo.co\/blog\/canakkalede-denize-sifir-kamp-yapabileceginiz-ucretsiz-kamp-alanlari\/#primaryimage\"},\"thumbnailUrl\":\"https:\/\/geziyoo.co\/blog\/wp-content\/uploads\/2023\/03\/Canakkalede-Denize-Sifir-Kamp-Yapabileceginiz-Ucretsiz-Kamp-Alanlari-ve-Koylar.jpg\",\"datePublished\":\"2023-03-22T11:27:41+00:00\",\"dateModified\":\"2026-01-29T13:22:28+00:00\",\"description\":\"\u00c7anakkale Assos, Gelibolu Saros K\u00f6rfezi, K\u00f6m\u00fcr Liman\u0131, Kad\u0131rga Koyu ve Babakale sahilleri dahil denize s\u0131f\u0131r, bakir ve \u00fccretsiz 12 kamp alan\u0131n\u0131 listeledik. Konumlar Geziyoo'da.\",\"breadcrumb\":{\"@id\":\"https:\/\/geziyoo.co\/blog\/canakkalede-denize-sifir-kamp-yapabileceginiz-ucretsiz-kamp-alanlari\/#breadcrumb\"},\"inLanguage\":\"tr\",\"potentialAction\":[{\"@type\":\"ReadAction\",\"target\":[\"https:\/\/geziyoo.co\/blog\/canakkalede-denize-sifir-kamp-yapabileceginiz-ucretsiz-kamp-alanlari\/\"]}]},{\"@type\":\"ImageObject\",\"inLanguage\":\"tr\",\"@id\":\"https:\/\/geziyoo.co\/blog\/canakkalede-denize-sifir-kamp-yapabileceginiz-ucretsiz-kamp-alanlari\/#primaryimage\",\"url\":\"https:\/\/geziyoo.co\/blog\/wp-content\/uploads\/2023\/03\/Canakkalede-Denize-Sifir-Kamp-Yapabileceginiz-Ucretsiz-Kamp-Alanlari-ve-Koylar.jpg\",\"contentUrl\":\"https:\/\/geziyoo.co\/blog\/wp-content\/uploads\/2023\/03\/Canakkalede-Denize-Sifir-Kamp-Yapabileceginiz-Ucretsiz-Kamp-Alanlari-ve-Koylar.jpg\",\"width\":1024,\"height\":768},{\"@type\":\"BreadcrumbList\",\"@id\":\"https:\/\/geziyoo.co\/blog\/canakkalede-denize-sifir-kamp-yapabileceginiz-ucretsiz-kamp-alanlari\/#breadcrumb\",\"itemListElement\":[{\"@type\":\"ListItem\",\"position\":1,\"name\":\"Ana sayfa\",\"item\":\"https:\/\/geziyoo.co\/blog\/\"},{\"@type\":\"ListItem\",\"position\":2,\"name\":\"\u00c7anakkale Geneli Denize S\u0131f\u0131r ve \u00dccretsiz 12+ Kamp Alan\u0131 (\u0130leti\u015fim ve Konum)\"}]},{\"@type\":\"WebSite\",\"@id\":\"https:\/\/geziyoo.co\/blog\/#website\",\"url\":\"https:\/\/geziyoo.co\/blog\/\",\"name\":\"Geziyoo Blog\",\"description\":\"GeziYoo Blog&#039;da T\u00fcrkiye&#039;nin en iyi kamp alanlar\u0131ndan bungalov tatillerine, karavan ipu\u00e7lar\u0131ndan gezi rehberlerine kadar her t\u00fcrl\u00fc do\u011fa deneyimini ke\u015ffedin.\",\"publisher\":{\"@id\":\"https:\/\/geziyoo.co\/blog\/#organization\"},\"potentialAction\":[{\"@type\":\"SearchAction\",\"target\":{\"@type\":\"EntryPoint\",\"urlTemplate\":\"https:\/\/geziyoo.co\/blog\/?s={search_term_string}\"},\"query-input\":{\"@type\":\"PropertyValueSpecification\",\"valueRequired\":true,\"valueName\":\"search_term_string\"}}],\"inLanguage\":\"tr\"},{\"@type\":\"Organization\",\"@id\":\"https:\/\/geziyoo.co\/blog\/#organization\",\"name\":\"Geziyoo.co\",\"url\":\"https:\/\/geziyoo.co\/blog\/\",\"logo\":{\"@type\":\"ImageObject\",\"inLanguage\":\"tr\",\"@id\":\"https:\/\/geziyoo.co\/blog\/#\/schema\/logo\/image\/\",\"url\":\"https:\/\/geziyoo.co\/blog\/wp-content\/uploads\/2025\/01\/Paragraf-metniniz-3.png\",\"contentUrl\":\"https:\/\/geziyoo.co\/blog\/wp-content\/uploads\/2025\/01\/Paragraf-metniniz-3.png\",\"width\":270,\"height\":50,\"caption\":\"Geziyoo.co\"},\"image\":{\"@id\":\"https:\/\/geziyoo.co\/blog\/#\/schema\/logo\/image\/\"},\"sameAs\":[\"https:\/\/www.facebook.com\/Geziyooco\",\"https:\/\/x.com\/geziyoo\",\"https:\/\/tr.pinterest.com\/geziyooco\/\",\"https:\/\/www.youtube.com\/@geziyoo\",\"https:\/\/www.instagram.com\/geziyoo.co\/\"]},{\"@type\":\"Person\",\"@id\":\"https:\/\/geziyoo.co\/blog\/#\/schema\/person\/032acb2436540ed14784e7d978aef0e4\",\"name\":\"Geziyoo\",\"image\":{\"@type\":\"ImageObject\",\"inLanguage\":\"tr\",\"@id\":\"https:\/\/geziyoo.co\/blog\/#\/schema\/person\/image\/\",\"url\":\"https:\/\/secure.gravatar.com\/avatar\/ae212a4514471fdb8cab6e5af4f3c99b940a2d0a16713ea0392c8d7c8a64f30a?s=96&d=mm&r=g\",\"contentUrl\":\"https:\/\/secure.gravatar.com\/avatar\/ae212a4514471fdb8cab6e5af4f3c99b940a2d0a16713ea0392c8d7c8a64f30a?s=96&d=mm&r=g\",\"caption\":\"Geziyoo\"},\"description\":\"Do\u011fa ile i\u00e7 i\u00e7e olabilece\u011finiz yerler,do\u011fa aktivite alanlar\u0131,kamp alanlar\u0131,bungalov oteller,Tiny House Oteller, Galampingler ve da\u011f evlerinin herkes i\u00e7in ula\u015f\u0131labilir olmas\u0131n\u0131 sa\u011flamak amac\u0131yla Geziyoo\u2019ya 2019 y\u0131l\u0131nda ba\u015flad\u0131k.Do\u011fal Tatil konseptini uygulayan en geni\u015f kapsaml\u0131 sitedir.\",\"sameAs\":[\"https:\/\/geziyoo.co\/\",\"https:\/\/www.facebook.com\/geziyoo.co\",\"https:\/\/www.instagram.com\/geziyoo.co\/\",\"https:\/\/tr.pinterest.com\/geziyooco\/\",\"https:\/\/x.com\/https:\/\/twitter.com\/geziyoo\",\"https:\/\/www.youtube.com\/channel\/UCdiSMa6pe17KEY7DP1Ug4ag\"]}]}<\/script>\n<!-- \/ Yoast SEO plugin. -->","yoast_head_json":{"title":"\u00c7anakkale\u2019de Denize S\u0131f\u0131r ve \u00dccretsiz En \u0130yi 12 Kamp Alan\u0131 | Geziyoo","description":"\u00c7anakkale Assos, Gelibolu Saros K\u00f6rfezi, K\u00f6m\u00fcr Liman\u0131, Kad\u0131rga Koyu ve Babakale sahilleri dahil denize s\u0131f\u0131r, bakir ve \u00fccretsiz 12 kamp alan\u0131n\u0131 listeledik. Konumlar Geziyoo'da.","robots":{"index":"index","follow":"follow","max-snippet":"max-snippet:-1","max-image-preview":"max-image-preview:large","max-video-preview":"max-video-preview:-1"},"canonical":"https:\/\/geziyoo.co\/blog\/canakkalede-denize-sifir-kamp-yapabileceginiz-ucretsiz-kamp-alanlari\/","og_locale":"tr_TR","og_type":"article","og_title":"\u00c7anakkale\u2019de Denize S\u0131f\u0131r ve \u00dccretsiz En \u0130yi 12 Kamp Alan\u0131 | Geziyoo","og_description":"\u00c7anakkale Assos, Gelibolu Saros K\u00f6rfezi, K\u00f6m\u00fcr Liman\u0131, Kad\u0131rga Koyu ve Babakale sahilleri dahil denize s\u0131f\u0131r, bakir ve \u00fccretsiz 12 kamp alan\u0131n\u0131 listeledik. Konumlar Geziyoo'da.","og_url":"https:\/\/geziyoo.co\/blog\/canakkalede-denize-sifir-kamp-yapabileceginiz-ucretsiz-kamp-alanlari\/","og_site_name":"Geziyoo.co","article_publisher":"https:\/\/www.facebook.com\/Geziyooco","article_author":"https:\/\/www.facebook.com\/geziyoo.co","article_published_time":"2023-03-22T11:27:41+00:00","article_modified_time":"2026-01-29T13:22:28+00:00","og_image":[{"width":1024,"height":768,"url":"https:\/\/geziyoo.co\/blog\/wp-content\/uploads\/2023\/03\/Canakkalede-Denize-Sifir-Kamp-Yapabileceginiz-Ucretsiz-Kamp-Alanlari-ve-Koylar.jpg","type":"image\/jpeg"}],"author":"Geziyoo","twitter_card":"summary_large_image","twitter_creator":"@https:\/\/twitter.com\/geziyoo","twitter_site":"@geziyoo","twitter_misc":{"Yazan:":"Geziyoo","Tahmini okuma s\u00fcresi":"11 dakika"},"schema":{"@context":"https:\/\/schema.org","@graph":[{"@type":"Article","@id":"https:\/\/geziyoo.co\/blog\/canakkalede-denize-sifir-kamp-yapabileceginiz-ucretsiz-kamp-alanlari\/#article","isPartOf":{"@id":"https:\/\/geziyoo.co\/blog\/canakkalede-denize-sifir-kamp-yapabileceginiz-ucretsiz-kamp-alanlari\/"},"author":{"name":"Geziyoo","@id":"https:\/\/geziyoo.co\/blog\/#\/schema\/person\/032acb2436540ed14784e7d978aef0e4"},"headline":"\u00c7anakkale Geneli Denize S\u0131f\u0131r ve \u00dccretsiz 12+ Kamp Alan\u0131 (\u0130leti\u015fim ve Konum)","datePublished":"2023-03-22T11:27:41+00:00","dateModified":"2026-01-29T13:22:28+00:00","mainEntityOfPage":{"@id":"https:\/\/geziyoo.co\/blog\/canakkalede-denize-sifir-kamp-yapabileceginiz-ucretsiz-kamp-alanlari\/"},"wordCount":1935,"commentCount":0,"publisher":{"@id":"https:\/\/geziyoo.co\/blog\/#organization"},"image":{"@id":"https:\/\/geziyoo.co\/blog\/canakkalede-denize-sifir-kamp-yapabileceginiz-ucretsiz-kamp-alanlari\/#primaryimage"},"thumbnailUrl":"https:\/\/geziyoo.co\/blog\/wp-content\/uploads\/2023\/03\/Canakkalede-Denize-Sifir-Kamp-Yapabileceginiz-Ucretsiz-Kamp-Alanlari-ve-Koylar.jpg","articleSection":["Kamp","Kamp Alanlar\u0131"],"inLanguage":"tr","potentialAction":[{"@type":"CommentAction","name":"Comment","target":["https:\/\/geziyoo.co\/blog\/canakkalede-denize-sifir-kamp-yapabileceginiz-ucretsiz-kamp-alanlari\/#respond"]}]},{"@type":"WebPage","@id":"https:\/\/geziyoo.co\/blog\/canakkalede-denize-sifir-kamp-yapabileceginiz-ucretsiz-kamp-alanlari\/","url":"https:\/\/geziyoo.co\/blog\/canakkalede-denize-sifir-kamp-yapabileceginiz-ucretsiz-kamp-alanlari\/","name":"\u00c7anakkale\u2019de Denize S\u0131f\u0131r ve \u00dccretsiz En \u0130yi 12 Kamp Alan\u0131 | Geziyoo","isPartOf":{"@id":"https:\/\/geziyoo.co\/blog\/#website"},"primaryImageOfPage":{"@id":"https:\/\/geziyoo.co\/blog\/canakkalede-denize-sifir-kamp-yapabileceginiz-ucretsiz-kamp-alanlari\/#primaryimage"},"image":{"@id":"https:\/\/geziyoo.co\/blog\/canakkalede-denize-sifir-kamp-yapabileceginiz-ucretsiz-kamp-alanlari\/#primaryimage"},"thumbnailUrl":"https:\/\/geziyoo.co\/blog\/wp-content\/uploads\/2023\/03\/Canakkalede-Denize-Sifir-Kamp-Yapabileceginiz-Ucretsiz-Kamp-Alanlari-ve-Koylar.jpg","datePublished":"2023-03-22T11:27:41+00:00","dateModified":"2026-01-29T13:22:28+00:00","description":"\u00c7anakkale Assos, Gelibolu Saros K\u00f6rfezi, K\u00f6m\u00fcr Liman\u0131, Kad\u0131rga Koyu ve Babakale sahilleri dahil denize s\u0131f\u0131r, bakir ve \u00fccretsiz 12 kamp alan\u0131n\u0131 listeledik. Konumlar Geziyoo'da.","breadcrumb":{"@id":"https:\/\/geziyoo.co\/blog\/canakkalede-denize-sifir-kamp-yapabileceginiz-ucretsiz-kamp-alanlari\/#breadcrumb"},"inLanguage":"tr","potentialAction":[{"@type":"ReadAction","target":["https:\/\/geziyoo.co\/blog\/canakkalede-denize-sifir-kamp-yapabileceginiz-ucretsiz-kamp-alanlari\/"]}]},{"@type":"ImageObject","inLanguage":"tr","@id":"https:\/\/geziyoo.co\/blog\/canakkalede-denize-sifir-kamp-yapabileceginiz-ucretsiz-kamp-alanlari\/#primaryimage","url":"https:\/\/geziyoo.co\/blog\/wp-content\/uploads\/2023\/03\/Canakkalede-Denize-Sifir-Kamp-Yapabileceginiz-Ucretsiz-Kamp-Alanlari-ve-Koylar.jpg","contentUrl":"https:\/\/geziyoo.co\/blog\/wp-content\/uploads\/2023\/03\/Canakkalede-Denize-Sifir-Kamp-Yapabileceginiz-Ucretsiz-Kamp-Alanlari-ve-Koylar.jpg","width":1024,"height":768},{"@type":"BreadcrumbList","@id":"https:\/\/geziyoo.co\/blog\/canakkalede-denize-sifir-kamp-yapabileceginiz-ucretsiz-kamp-alanlari\/#breadcrumb","itemListElement":[{"@type":"ListItem","position":1,"name":"Ana sayfa","item":"https:\/\/geziyoo.co\/blog\/"},{"@type":"ListItem","position":2,"name":"\u00c7anakkale Geneli Denize S\u0131f\u0131r ve \u00dccretsiz 12+ Kamp Alan\u0131 (\u0130leti\u015fim ve Konum)"}]},{"@type":"WebSite","@id":"https:\/\/geziyoo.co\/blog\/#website","url":"https:\/\/geziyoo.co\/blog\/","name":"Geziyoo Blog","description":"GeziYoo Blog&#039;da T\u00fcrkiye&#039;nin en iyi kamp alanlar\u0131ndan bungalov tatillerine, karavan ipu\u00e7lar\u0131ndan gezi rehberlerine kadar her t\u00fcrl\u00fc do\u011fa deneyimini ke\u015ffedin.","publisher":{"@id":"https:\/\/geziyoo.co\/blog\/#organization"},"potentialAction":[{"@type":"SearchAction","target":{"@type":"EntryPoint","urlTemplate":"https:\/\/geziyoo.co\/blog\/?s={search_term_string}"},"query-input":{"@type":"PropertyValueSpecification","valueRequired":true,"valueName":"search_term_string"}}],"inLanguage":"tr"},{"@type":"Organization","@id":"https:\/\/geziyoo.co\/blog\/#organization","name":"Geziyoo.co","url":"https:\/\/geziyoo.co\/blog\/","logo":{"@type":"ImageObject","inLanguage":"tr","@id":"https:\/\/geziyoo.co\/blog\/#\/schema\/logo\/image\/","url":"https:\/\/geziyoo.co\/blog\/wp-content\/uploads\/2025\/01\/Paragraf-metniniz-3.png","contentUrl":"https:\/\/geziyoo.co\/blog\/wp-content\/uploads\/2025\/01\/Paragraf-metniniz-3.png","width":270,"height":50,"caption":"Geziyoo.co"},"image":{"@id":"https:\/\/geziyoo.co\/blog\/#\/schema\/logo\/image\/"},"sameAs":["https:\/\/www.facebook.com\/Geziyooco","https:\/\/x.com\/geziyoo","https:\/\/tr.pinterest.com\/geziyooco\/","https:\/\/www.youtube.com\/@geziyoo","https:\/\/www.instagram.com\/geziyoo.co\/"]},{"@type":"Person","@id":"https:\/\/geziyoo.co\/blog\/#\/schema\/person\/032acb2436540ed14784e7d978aef0e4","name":"Geziyoo","image":{"@type":"ImageObject","inLanguage":"tr","@id":"https:\/\/geziyoo.co\/blog\/#\/schema\/person\/image\/","url":"https:\/\/secure.gravatar.com\/avatar\/ae212a4514471fdb8cab6e5af4f3c99b940a2d0a16713ea0392c8d7c8a64f30a?s=96&d=mm&r=g","contentUrl":"https:\/\/secure.gravatar.com\/avatar\/ae212a4514471fdb8cab6e5af4f3c99b940a2d0a16713ea0392c8d7c8a64f30a?s=96&d=mm&r=g","caption":"Geziyoo"},"description":"Do\u011fa ile i\u00e7 i\u00e7e olabilece\u011finiz yerler,do\u011fa aktivite alanlar\u0131,kamp alanlar\u0131,bungalov oteller,Tiny House Oteller, Galampingler ve da\u011f evlerinin herkes i\u00e7in ula\u015f\u0131labilir olmas\u0131n\u0131 sa\u011flamak amac\u0131yla Geziyoo\u2019ya 2019 y\u0131l\u0131nda ba\u015flad\u0131k.Do\u011fal Tatil konseptini uygulayan en geni\u015f kapsaml\u0131 sitedir.","sameAs":["https:\/\/geziyoo.co\/","https:\/\/www.facebook.com\/geziyoo.co","https:\/\/www.instagram.com\/geziyoo.co\/","https:\/\/tr.pinterest.com\/geziyooco\/","https:\/\/x.com\/https:\/\/twitter.com\/geziyoo","https:\/\/www.youtube.com\/channel\/UCdiSMa6pe17KEY7DP1Ug4ag"]}]}},"amp_enabled":true,"_links":{"self":[{"href":"https:\/\/geziyoo.co\/blog\/wp-json\/wp\/v2\/posts\/11896","targetHints":{"allow":["GET"]}}],"collection":[{"href":"https:\/\/geziyoo.co\/blog\/wp-json\/wp\/v2\/posts"}],"about":[{"href":"https:\/\/geziyoo.co\/blog\/wp-json\/wp\/v2\/types\/post"}],"author":[{"embeddable":true,"href":"https:\/\/geziyoo.co\/blog\/wp-json\/wp\/v2\/users\/1"}],"replies":[{"embeddable":true,"href":"https:\/\/geziyoo.co\/blog\/wp-json\/wp\/v2\/comments?post=11896"}],"version-history":[{"count":0,"href":"https:\/\/geziyoo.co\/blog\/wp-json\/wp\/v2\/posts\/11896\/revisions"}],"wp:featuredmedia":[{"embeddable":true,"href":"https:\/\/geziyoo.co\/blog\/wp-json\/wp\/v2\/media\/11910"}],"wp:attachment":[{"href":"https:\/\/geziyoo.co\/blog\/wp-json\/wp\/v2\/media?parent=11896"}],"wp:term":[{"taxonomy":"category","embeddable":true,"href":"https:\/\/geziyoo.co\/blog\/wp-json\/wp\/v2\/categories?post=11896"},{"taxonomy":"post_tag","embeddable":true,"href":"https:\/\/geziyoo.co\/blog\/wp-json\/wp\/v2\/tags?post=11896"}],"curies":[{"name":"wp","href":"https:\/\/api.w.org\/{rel}","templated":true}]}}