{"id":11753,"date":"2023-03-17T13:06:48","date_gmt":"2023-03-17T13:06:48","guid":{"rendered":"https:\/\/geziyoo.co\/blog\/?p=11753"},"modified":"2026-01-29T12:27:32","modified_gmt":"2026-01-29T12:27:32","slug":"civril-kamp-alanlari-ve-karavan-alanlari","status":"publish","type":"post","link":"https:\/\/geziyoo.co\/blog\/civril-kamp-alanlari-ve-karavan-alanlari\/","title":{"rendered":"\u00c7ivril Geneli \u00dccretli ve \u00dccretsiz 2+ Kamp Alan\u0131 (\u0130leti\u015fim ve Konum)"},"content":{"rendered":"\n<p><strong>\u00c7ivril<\/strong>, Denizli\u2019nin kuzeydo\u011fusunda, Ege B\u00f6lgesi\u2019nin en b\u00fcy\u00fck sulak alanlar\u0131ndan biri olan I\u015f\u0131kl\u0131 G\u00f6l\u00fc\u2019ne ev sahipli\u011fi yapmas\u0131yla \u00fcnl\u00fcd\u00fcr. \u00d6zellikle May\u0131s ve Temmuz aylar\u0131 aras\u0131nda g\u00f6l\u00fc kaplayan beyaz nil\u00fcfer \u00e7i\u00e7ekleri, kamp\u00e7\u0131lar\u0131 ve foto\u011fraf\u00e7\u0131lar\u0131 adeta b\u00fcy\u00fcler. Sadece g\u00f6l de\u011fil; Akda\u011f Tabiat Park\u0131\u2019n\u0131n (Kocayayla) zengin yaban hayat\u0131 (k\u0131z\u0131l geyikler ve y\u0131lk\u0131 atlar\u0131) ve Tokal\u0131 Kanyonu\u2019nun vah\u015fi yap\u0131s\u0131, il\u00e7eyi tam bir do\u011fa sporlar\u0131 merkezine d\u00f6n\u00fc\u015ft\u00fcr\u00fcr.<\/p>\n\n\n\n<p>B\u00f6lgenin sulak alan ve y\u00fcksek da\u011fl\u0131k arazi olmas\u0131 nedeniyle &#8220;I\u015f\u0131kl\u0131 G\u00f6l\u00fc kenar\u0131nda sinek sorunu olur mu?&#8221;, &#8220;Akda\u011f&#8217;da kamp yapmak g\u00fcvenli mi?&#8221;, &#8220;Nil\u00fcferleri g\u00f6rmek i\u00e7in en iyi zaman ne zaman?&#8221; sorular\u0131 plan yaparken \u00f6nemlidir. G\u00f6l kenar\u0131nda yaz ak\u015famlar\u0131 sinek kovucu bulundurmak \u015fartt\u0131r. Nil\u00fcferler i\u00e7in ise sabah\u0131n erken saatleri en iyi g\u00f6rsel \u015f\u00f6leni sunar. Akda\u011f ise \u0131ss\u0131zl\u0131\u011f\u0131yla bilinir, haz\u0131rl\u0131kl\u0131 gidilmelidir.<\/p>\n\n\n\n<p>Biz Geziyoo olarak, suyun ve da\u011f\u0131n bu e\u015fsiz uyumundaki rotada arac\u0131lar\u0131 tamamen aradan \u00e7\u0131kard\u0131k ve \u00c7ivril\u2019in en keyifli kamp rehberini haz\u0131rlad\u0131k. Listemizde hem <strong>hi\u00e7bir \u00fccret \u00f6demeden<\/strong> Akda\u011f\u2019\u0131n zirve d\u00fczl\u00fcklerinde veya Tokal\u0131 Kanyonu giri\u015finde kalabilece\u011finiz do\u011fal alanlar\u0131, hem de <strong>piknik masas\u0131, tekne turu ve bal\u0131k restoran\u0131<\/strong> imkan\u0131 sunan I\u015f\u0131kl\u0131 G\u00f6l\u00fc \u00e7evresini bir araya getirdik. Sizi i\u015fletmelerle veya b\u00f6lgeyi bilenlerle <strong>do\u011frudan g\u00f6r\u00fc\u015ft\u00fcren<\/strong> telefon numaralar\u0131n\u0131 i\u00e7eri\u011fimize ekledik.<\/p>\n\n\n\n<p>\u0130ster s\u0131rt \u00e7antan\u0131z\u0131 al\u0131p <strong>Akda\u011f&#8217;da<\/strong> geyiklerin izini s\u00fcr\u00fcn, ister ailenizle <strong>I\u015f\u0131kl\u0131 G\u00f6l\u00fc&#8217;nde<\/strong> nil\u00fcferlerin aras\u0131nda kaybolun; yola \u00e7\u0131kmadan \u00f6nce listedeki numaralardan bilgi almay\u0131 unutmay\u0131n. \u0130\u015fte \u00c7ivril\u2019in en sevilen 4 kamp dura\u011f\u0131:<\/p>\n\n\n\n<p><strong>\u00c7ivril Kamp Alanlar\u0131 ve Karavan Alanlar\u0131 herkese merhaba.Bu i\u00e7eri\u011fimiz de&nbsp;Denizli \u00c7ivril<\/strong>&#8216;<strong>de yer alan kamp alanlar\u0131 ve Karavan park\u0131 olan uygun yerleri sizlerle payla\u015ft\u0131k.<\/strong><\/p>\n\n\n\n<p>\u00c7ivril&#8217;in bir \u00e7ok noktas\u0131nda yer alan kamp alanlar\u0131n\u0131 ve Karavan otoparklar\u0131n\u0131n detayl\u0131 bilgilerini a\u015fa\u011f\u0131da bulabilirsiniz.<\/p>\n\n\n\n<p><strong>\u00c7ivril<\/strong>&nbsp;haricinde,kamp alanlar\u0131na bakmak i\u00e7in&nbsp;<strong><em><a href=\"https:\/\/geziyoo.co\/blog\/denizli-kamp-alanlari-ve-karavan-alanlari\/\" data-type=\"post\" data-id=\"11778\">Denizli Kamp Alanlar\u0131<\/a>&nbsp;<\/em><\/strong><em>i\u00e7eri\u011fimizi<\/em>&nbsp;kullanabilirsiniz.Unuttu\u011fumuz veya bilmedi\u011fimiz&nbsp;<strong>\u00c7ad\u0131r ve Karavan Kamp alan\u0131<\/strong>&nbsp;var ise l\u00fctfen yorumlar k\u0131sm\u0131ndan bizlerle payla\u015fs\u0131n.<\/p>\n\n\n\n<p>Unutmadan Bungalov veya Da\u011f evi ar\u0131yorsan\u0131z ,&nbsp;<em><strong><a href=\"https:\/\/geziyoo.co\/\">Bungalov Oteller<\/a>&nbsp;<\/strong><\/em>sayfam\u0131za bakman\u0131z\u0131 tavsiye diyoruz.<\/p>\n\n\n\n<hr class=\"wp-block-separator has-css-opacity is-style-wide\"\/>\n\n\n\n<h2 class=\"wp-block-heading\">1.G\u00fcm\u00fc\u015fsu \u015eelalesi Kamp Alan\u0131<\/h2>\n\n\n\n<figure class=\"wp-block-image size-large\"><img decoding=\"async\" width=\"768\" height=\"1024\" data-src=\"https:\/\/geziyoo.co\/blog\/wp-content\/uploads\/2023\/03\/Gumussu-Selalesi-Kamp-Alani-768x1024.jpg\" alt=\"\u00c7ivril Kamp Alanlar\u0131 ve Karavan Alanlar\u0131\" class=\"wp-image-11754 lazyload\" data-srcset=\"https:\/\/geziyoo.co\/blog\/wp-content\/uploads\/2023\/03\/Gumussu-Selalesi-Kamp-Alani-768x1024.jpg 768w, https:\/\/geziyoo.co\/blog\/wp-content\/uploads\/2023\/03\/Gumussu-Selalesi-Kamp-Alani-225x300.jpg 225w, https:\/\/geziyoo.co\/blog\/wp-content\/uploads\/2023\/03\/Gumussu-Selalesi-Kamp-Alani.jpg 800w\" data-sizes=\"(max-width: 768px) 100vw, 768px\" src=\"data:image\/gif;base64,R0lGODlhAQABAAAAACH5BAEKAAEALAAAAAABAAEAAAICTAEAOw==\" style=\"--smush-placeholder-width: 768px; --smush-placeholder-aspect-ratio: 768\/1024;\" \/><figcaption class=\"wp-element-caption\">\u00c7ivril Kamp Alanlar\u0131 ve Karavan Alanlar\u0131<\/figcaption><\/figure>\n\n\n\n<p>\u00c7ivril&#8217;in do\u011fal g\u00fczellikleri aras\u0131nda yer alan G\u00fcm\u00fc\u015fsu \u015eelalesi Kamp Alan\u0131, do\u011faseverler i\u00e7in huzur dolu bir ka\u00e7\u0131\u015f noktas\u0131 sunuyor. \u00c7ivril Kamp Alanlar\u0131 ve Karavan Alanlar\u0131 i\u00e7eri\u011fimizin ilk s\u0131ras\u0131nda yer alan bu kamp b\u00f6lgesi, \u00f6zellikle \u00e7ad\u0131r kamp\u0131 yapmay\u0131 sevenler i\u00e7in ideal bir se\u00e7enek. Ancak, karavan kamp\u0131 i\u00e7in uygun olmad\u0131\u011f\u0131n\u0131 belirtmekte fayda var.<\/p>\n\n\n\n<h3 class=\"wp-block-heading\">Kamp Alan\u0131nda Olanaklar ve Haz\u0131rl\u0131klar<\/h3>\n\n\n\n<p>G\u00fcm\u00fc\u015fsu \u015eelalesi Kamp Alan\u0131, sakinli\u011fi ve muhte\u015fem manzaras\u0131 ile dikkat \u00e7ekiyor. Ancak, kamp alan\u0131nda wc, du\u015f ve elektrik gibi temel olanaklar bulunmamaktad\u0131r. Bu nedenle, kamp yapmay\u0131 planl\u0131yorsan\u0131z, t\u00fcm haz\u0131rl\u0131klar\u0131n\u0131z\u0131 \u00f6nceden yapman\u0131z gerekiyor. Yiyecek ve i\u00e7eceklerinizi kamp alan\u0131na varmadan \u00f6nce mutlaka temin etmelisiniz.<\/p>\n\n\n\n<h3 class=\"wp-block-heading\">Ula\u015f\u0131m ve Konum<\/h3>\n\n\n\n<p>G\u00fcm\u00fc\u015fsu \u015eelalesi\u2019ne ula\u015f\u0131m, \u00f6zel ara\u00e7larla olduk\u00e7a kolayd\u0131r. \u00c7ivril\u2019den sonra Isparta-U\u015fak yol ayr\u0131m\u0131na saparak G\u00fcm\u00fc\u015fsu \u015eelalesi&#8217;ne rahatl\u0131kla ula\u015fabilirsiniz. Bu b\u00f6lge, do\u011fa tutkunlar\u0131 i\u00e7in hem eri\u015filebilir hem de ke\u015ffedilmeyi bekleyen g\u00fczelliklerle dolu bir kamp alan\u0131d\u0131r.<\/p>\n\n\n\n<p>G\u00fcm\u00fc\u015fsu \u015eelalesi Kamp Alan\u0131, do\u011fan\u0131n tad\u0131n\u0131 \u00e7\u0131karmak isteyenler i\u00e7in m\u00fckemmel bir ortam sunuyor. \u015eelalenin huzur veren sesi ve \u00e7evresindeki do\u011fal g\u00fczellikler, kamp deneyiminizi unutulmaz k\u0131lacak. Sakinli\u011fi ve do\u011fayla i\u00e7 i\u00e7e olma f\u0131rsat\u0131 sunan bu alan, \u00f6zellikle \u015fehir hayat\u0131n\u0131n stresinden uzakla\u015fmak isteyenler i\u00e7in harika bir se\u00e7im.<\/p>\n\n\n\n<hr class=\"wp-block-separator has-css-opacity is-style-wide\"\/>\n\n\n\n<ul class=\"wp-block-list\">\n<li><strong>G\u00fcm\u00fc\u015fsu \u015eelalesi<\/strong>&nbsp;<strong>Adres<\/strong>&nbsp;:&nbsp;&nbsp;G\u00fcm\u00fc\u015fsu, Unnamed Road,, 20620 \u00c7ivril\/Denizli&nbsp;<strong><em><a href=\"https:\/\/www.google.com\/maps?daddr=38.24313303665687,29.984687082942646\">Konum Bilgisi<\/a><\/em><\/strong><\/li>\n\n\n\n<li><strong>G\u00fcm\u00fc\u015fsu \u015eelalesi<\/strong>&nbsp;<strong>Detayl\u0131 Bilgi :<\/strong>&nbsp;Detayl\u0131 Bilgiler i\u00e7in&nbsp;<strong><em><strong><a href=\"https:\/\/geziyoo.co\/listing\/gumussu-selalesi-kamp-alani\/\">G\u00fcm\u00fc\u015fsu \u015eelalesi<\/a><\/strong>&nbsp;<\/em><\/strong>sayfam\u0131za bakabilirsiniz.<\/li>\n<\/ul>\n\n\n\n<hr class=\"wp-block-separator has-css-opacity is-style-wide\"\/>\n\n\n\n<h2 class=\"wp-block-heading\">2.I\u015f\u0131kl\u0131 G\u00f6l\u00fc Kamp Alan\u0131<\/h2>\n\n\n\n<figure class=\"wp-block-image size-large\"><img decoding=\"async\" width=\"800\" height=\"600\" data-src=\"https:\/\/geziyoo.co\/blog\/wp-content\/uploads\/2023\/03\/Isikli-Golu-Kamp-Alani.jpg\" alt=\"\" class=\"wp-image-11756 lazyload\" data-srcset=\"https:\/\/geziyoo.co\/blog\/wp-content\/uploads\/2023\/03\/Isikli-Golu-Kamp-Alani.jpg 800w, https:\/\/geziyoo.co\/blog\/wp-content\/uploads\/2023\/03\/Isikli-Golu-Kamp-Alani-300x225.jpg 300w, https:\/\/geziyoo.co\/blog\/wp-content\/uploads\/2023\/03\/Isikli-Golu-Kamp-Alani-768x576.jpg 768w\" data-sizes=\"(max-width: 800px) 100vw, 800px\" src=\"data:image\/gif;base64,R0lGODlhAQABAAAAACH5BAEKAAEALAAAAAABAAEAAAICTAEAOw==\" style=\"--smush-placeholder-width: 800px; --smush-placeholder-aspect-ratio: 800\/600;\" \/><\/figure>\n\n\n\n<p>Denizli&#8217;nin \u00c7ivril il\u00e7esinde yer alan I\u015f\u0131kl\u0131 G\u00f6l\u00fc Kamp Alan\u0131, do\u011fa severler i\u00e7in \u00fccretsiz bir kamp se\u00e7ene\u011fi sunuyor. Hem \u00e7ad\u0131r kamp\u0131 hem de karavan kamp\u0131 i\u00e7in uygun olan bu kamp alan\u0131, do\u011fan\u0131n i\u00e7inde huzur dolu bir deneyim ya\u015famak isteyenler i\u00e7in ideal bir yer.<\/p>\n\n\n\n<p>I\u015f\u0131kl\u0131 G\u00f6l\u00fc, etraf\u0131n\u0131 saran irili ufakl\u0131 da\u011flar\u0131n suya yans\u0131mas\u0131yla g\u00f6z kama\u015ft\u0131r\u0131c\u0131 bir manzara sunar. G\u00f6l\u00fcn k\u0131y\u0131s\u0131nda yer alan d\u00fcz alanlar, \u00e7ad\u0131r kamp\u0131 yapmak i\u00e7in m\u00fckemmel bir zemin sa\u011flar. Bu do\u011fal g\u00fczellik, \u00f6zellikle foto\u011fraf\u00e7\u0131l\u0131k ve do\u011fa y\u00fcr\u00fcy\u00fc\u015f\u00fc sevenler i\u00e7in e\u015fsiz bir ortam sunuyor.<\/p>\n\n\n\n<p>I\u015f\u0131kl\u0131 G\u00f6l\u00fc Kamp Alan\u0131&#8217;nda kamp yapmak isteyenler, g\u00f6l kenar\u0131nda ate\u015f veya mangal yakma imkan\u0131 bulabilirler. Kamp alan\u0131 do\u011fayla ba\u015f ba\u015fa kalmak isteyenler i\u00e7in ideal bir se\u00e7enek sunarken, temel olanaklar konusunda haz\u0131rl\u0131kl\u0131 olman\u0131z \u00f6nemlidir.<\/p>\n\n\n\n<p>Bu kamp alan\u0131nda do\u011fan\u0131n tad\u0131n\u0131 \u00e7\u0131karmak, g\u00f6l\u00fcn sundu\u011fu huzur dolu ortamda keyifli vakit ge\u00e7irmek ve ate\u015f ba\u015f\u0131nda g\u00fczel anlar ya\u015famak isteyenler i\u00e7in I\u015f\u0131kl\u0131 G\u00f6l\u00fc Kamp Alan\u0131 harika bir se\u00e7im olacakt\u0131r. Do\u011fan\u0131n kuca\u011f\u0131nda, bu \u00fccretsiz kamp alan\u0131nda unutulmaz bir deneyim ya\u015famaya haz\u0131r olun!<\/p>\n\n\n\n<hr class=\"wp-block-separator has-css-opacity is-style-wide\"\/>\n\n\n\n<ul class=\"wp-block-list\">\n<li><strong>G\u00fcm\u00fc\u015fsu \u015eelalesi<\/strong>&nbsp;<strong>Adres<\/strong>&nbsp;:&nbsp;&nbsp;G\u00fcm\u00fc\u015fsu, Unnamed Road,, 20620 \u00c7ivril\/Denizli&nbsp;<strong><em><a href=\"https:\/\/www.google.com\/maps?daddr=38.22169704886299,29.882324965570927\">Konum Bilgisi<\/a><\/em><\/strong><\/li>\n\n\n\n<li><strong>G\u00fcm\u00fc\u015fsu \u015eelalesi<\/strong>&nbsp;<strong>Detayl\u0131 Bilgi :<\/strong>&nbsp;Detayl\u0131 Bilgiler i\u00e7in&nbsp;<strong><em><strong><a href=\"https:\/\/geziyoo.co\/listing\/gumussu-selalesi-kamp-alani\/\">G\u00fcm\u00fc\u015fsu \u015eelalesi<\/a><\/strong>&nbsp;<\/em><\/strong>sayfam\u0131za bakabilirsiniz.<\/li>\n<\/ul>\n\n\n\n<hr class=\"wp-block-separator has-css-opacity is-style-wide\"\/>\n\n\n\n<h3 class=\"wp-block-heading\">Bunlar\u0131 da Sevebilirsiniz;<\/h3>\n\n\n<ul class=\"wp-block-latest-posts__list wp-block-latest-posts\"><li><a class=\"wp-block-latest-posts__post-title\" href=\"https:\/\/geziyoo.co\/blog\/batman-kamp-alanlari\/\">Batman ve \u00c7evresi Do\u011fa \u0130\u00e7inde 4 Kamp Noktas\u0131 (Konum ve \u0130pu\u00e7lar\u0131)<\/a><\/li>\n<li><a class=\"wp-block-latest-posts__post-title\" href=\"https:\/\/geziyoo.co\/blog\/ayder-yaylasi-kamp-alanlari-ve-karavan-alanlari\/\">Ayder Yaylas\u0131 ve \u00c7evresi 2 Kamp Noktas\u0131 (Konum ve \u0130pu\u00e7lar\u0131)<\/a><\/li>\n<li><a class=\"wp-block-latest-posts__post-title\" href=\"https:\/\/geziyoo.co\/blog\/ardesen-kamp-alanlari-ve-karavan-alanlari\/\">Arde\u015fen ve F\u0131rt\u0131na Vadisi Giri\u015fi 5 Kamp Noktas\u0131 (Konum ve \u0130pu\u00e7lar\u0131)<\/a><\/li>\n<\/ul>","protected":false},"excerpt":{"rendered":"<p>\u00c7ivril, Denizli\u2019nin kuzeydo\u011fusunda, Ege B\u00f6lgesi\u2019nin en b\u00fcy\u00fck sulak alanlar\u0131ndan biri olan I\u015f\u0131kl\u0131 G\u00f6l\u00fc\u2019ne ev sahipli\u011fi yapmas\u0131yla \u00fcnl\u00fcd\u00fcr. \u00d6zellikle May\u0131s ve Temmuz aylar\u0131 aras\u0131nda g\u00f6l\u00fc kaplayan beyaz nil\u00fcfer \u00e7i\u00e7ekleri, kamp\u00e7\u0131lar\u0131 ve foto\u011fraf\u00e7\u0131lar\u0131 adeta b\u00fcy\u00fcler. Sadece g\u00f6l de\u011fil; Akda\u011f Tabiat Park\u0131\u2019n\u0131n (Kocayayla) zengin yaban hayat\u0131 (k\u0131z\u0131l geyikler ve y\u0131lk\u0131 atlar\u0131) ve Tokal\u0131 Kanyonu\u2019nun vah\u015fi yap\u0131s\u0131, il\u00e7eyi tam &hellip;<\/p>\n","protected":false},"author":1,"featured_media":11758,"comment_status":"open","ping_status":"closed","sticky":false,"template":"","format":"standard","meta":{"footnotes":""},"categories":[589,23],"tags":[],"class_list":["post-11753","post","type-post","status-publish","format-standard","has-post-thumbnail","hentry","category-kamp1","category-kamp-kamp-alanlari"],"yoast_head":"<!-- This site is optimized with the Yoast SEO plugin v26.9 - https:\/\/yoast.com\/product\/yoast-seo-wordpress\/ -->\n<title>\u00c7ivril\u2019de En \u0130yi 4 Kamp Alan\u0131: \u00dccretli, \u00dccretsiz ve Tesisli | Geziyoo<\/title>\n<meta name=\"description\" content=\"Denizli \u00c7ivril, I\u015f\u0131kl\u0131 G\u00f6l\u00fc (Nil\u00fcfer tarlalar\u0131), Akda\u011f Tabiat Park\u0131 (Kocayayla), Tokal\u0131 Kanyonu ve G\u00fcm\u00fc\u015fsu \u015eelalesi dahil \u00fccretli ve \u00fccretsiz 4 kamp alan\u0131n\u0131 listeledik. Konumlar Geziyoo&#039;da.\" \/>\n<meta name=\"robots\" content=\"index, follow, max-snippet:-1, max-image-preview:large, max-video-preview:-1\" \/>\n<link rel=\"canonical\" href=\"https:\/\/geziyoo.co\/blog\/civril-kamp-alanlari-ve-karavan-alanlari\/\" \/>\n<meta property=\"og:locale\" content=\"tr_TR\" \/>\n<meta property=\"og:type\" content=\"article\" \/>\n<meta property=\"og:title\" content=\"\u00c7ivril\u2019de En \u0130yi 4 Kamp Alan\u0131: \u00dccretli, \u00dccretsiz ve Tesisli | Geziyoo\" \/>\n<meta property=\"og:description\" content=\"Denizli \u00c7ivril, I\u015f\u0131kl\u0131 G\u00f6l\u00fc (Nil\u00fcfer tarlalar\u0131), Akda\u011f Tabiat Park\u0131 (Kocayayla), Tokal\u0131 Kanyonu ve G\u00fcm\u00fc\u015fsu \u015eelalesi dahil \u00fccretli ve \u00fccretsiz 4 kamp alan\u0131n\u0131 listeledik. Konumlar Geziyoo&#039;da.\" \/>\n<meta property=\"og:url\" content=\"https:\/\/geziyoo.co\/blog\/civril-kamp-alanlari-ve-karavan-alanlari\/\" \/>\n<meta property=\"og:site_name\" content=\"Geziyoo.co\" \/>\n<meta property=\"article:publisher\" content=\"https:\/\/www.facebook.com\/Geziyooco\" \/>\n<meta property=\"article:author\" content=\"https:\/\/www.facebook.com\/geziyoo.co\" \/>\n<meta property=\"article:published_time\" content=\"2023-03-17T13:06:48+00:00\" \/>\n<meta property=\"article:modified_time\" content=\"2026-01-29T12:27:32+00:00\" \/>\n<meta property=\"og:image\" content=\"https:\/\/geziyoo.co\/blog\/wp-content\/uploads\/2023\/03\/civril-kamp-alanlari-ve-karavan-lanlari.jpg\" \/>\n\t<meta property=\"og:image:width\" content=\"800\" \/>\n\t<meta property=\"og:image:height\" content=\"600\" \/>\n\t<meta property=\"og:image:type\" content=\"image\/jpeg\" \/>\n<meta name=\"author\" content=\"Geziyoo\" \/>\n<meta name=\"twitter:card\" content=\"summary_large_image\" \/>\n<meta name=\"twitter:creator\" content=\"@https:\/\/twitter.com\/geziyoo\" \/>\n<meta name=\"twitter:site\" content=\"@geziyoo\" \/>\n<meta name=\"twitter:label1\" content=\"Yazan:\" \/>\n\t<meta name=\"twitter:data1\" content=\"Geziyoo\" \/>\n\t<meta name=\"twitter:label2\" content=\"Tahmini okuma s\u00fcresi\" \/>\n\t<meta name=\"twitter:data2\" content=\"5 dakika\" \/>\n<script type=\"application\/ld+json\" class=\"yoast-schema-graph\">{\"@context\":\"https:\/\/schema.org\",\"@graph\":[{\"@type\":\"Article\",\"@id\":\"https:\/\/geziyoo.co\/blog\/civril-kamp-alanlari-ve-karavan-alanlari\/#article\",\"isPartOf\":{\"@id\":\"https:\/\/geziyoo.co\/blog\/civril-kamp-alanlari-ve-karavan-alanlari\/\"},\"author\":{\"name\":\"Geziyoo\",\"@id\":\"https:\/\/geziyoo.co\/blog\/#\/schema\/person\/032acb2436540ed14784e7d978aef0e4\"},\"headline\":\"\u00c7ivril Geneli \u00dccretli ve \u00dccretsiz 2+ Kamp Alan\u0131 (\u0130leti\u015fim ve Konum)\",\"datePublished\":\"2023-03-17T13:06:48+00:00\",\"dateModified\":\"2026-01-29T12:27:32+00:00\",\"mainEntityOfPage\":{\"@id\":\"https:\/\/geziyoo.co\/blog\/civril-kamp-alanlari-ve-karavan-alanlari\/\"},\"wordCount\":1039,\"commentCount\":0,\"publisher\":{\"@id\":\"https:\/\/geziyoo.co\/blog\/#organization\"},\"image\":{\"@id\":\"https:\/\/geziyoo.co\/blog\/civril-kamp-alanlari-ve-karavan-alanlari\/#primaryimage\"},\"thumbnailUrl\":\"https:\/\/geziyoo.co\/blog\/wp-content\/uploads\/2023\/03\/civril-kamp-alanlari-ve-karavan-lanlari.jpg\",\"articleSection\":[\"Kamp\",\"Kamp Alanlar\u0131\"],\"inLanguage\":\"tr\",\"potentialAction\":[{\"@type\":\"CommentAction\",\"name\":\"Comment\",\"target\":[\"https:\/\/geziyoo.co\/blog\/civril-kamp-alanlari-ve-karavan-alanlari\/#respond\"]}]},{\"@type\":\"WebPage\",\"@id\":\"https:\/\/geziyoo.co\/blog\/civril-kamp-alanlari-ve-karavan-alanlari\/\",\"url\":\"https:\/\/geziyoo.co\/blog\/civril-kamp-alanlari-ve-karavan-alanlari\/\",\"name\":\"\u00c7ivril\u2019de En \u0130yi 4 Kamp Alan\u0131: \u00dccretli, \u00dccretsiz ve Tesisli | Geziyoo\",\"isPartOf\":{\"@id\":\"https:\/\/geziyoo.co\/blog\/#website\"},\"primaryImageOfPage\":{\"@id\":\"https:\/\/geziyoo.co\/blog\/civril-kamp-alanlari-ve-karavan-alanlari\/#primaryimage\"},\"image\":{\"@id\":\"https:\/\/geziyoo.co\/blog\/civril-kamp-alanlari-ve-karavan-alanlari\/#primaryimage\"},\"thumbnailUrl\":\"https:\/\/geziyoo.co\/blog\/wp-content\/uploads\/2023\/03\/civril-kamp-alanlari-ve-karavan-lanlari.jpg\",\"datePublished\":\"2023-03-17T13:06:48+00:00\",\"dateModified\":\"2026-01-29T12:27:32+00:00\",\"description\":\"Denizli \u00c7ivril, I\u015f\u0131kl\u0131 G\u00f6l\u00fc (Nil\u00fcfer tarlalar\u0131), Akda\u011f Tabiat Park\u0131 (Kocayayla), Tokal\u0131 Kanyonu ve G\u00fcm\u00fc\u015fsu \u015eelalesi dahil \u00fccretli ve \u00fccretsiz 4 kamp alan\u0131n\u0131 listeledik. Konumlar Geziyoo'da.\",\"breadcrumb\":{\"@id\":\"https:\/\/geziyoo.co\/blog\/civril-kamp-alanlari-ve-karavan-alanlari\/#breadcrumb\"},\"inLanguage\":\"tr\",\"potentialAction\":[{\"@type\":\"ReadAction\",\"target\":[\"https:\/\/geziyoo.co\/blog\/civril-kamp-alanlari-ve-karavan-alanlari\/\"]}]},{\"@type\":\"ImageObject\",\"inLanguage\":\"tr\",\"@id\":\"https:\/\/geziyoo.co\/blog\/civril-kamp-alanlari-ve-karavan-alanlari\/#primaryimage\",\"url\":\"https:\/\/geziyoo.co\/blog\/wp-content\/uploads\/2023\/03\/civril-kamp-alanlari-ve-karavan-lanlari.jpg\",\"contentUrl\":\"https:\/\/geziyoo.co\/blog\/wp-content\/uploads\/2023\/03\/civril-kamp-alanlari-ve-karavan-lanlari.jpg\",\"width\":800,\"height\":600},{\"@type\":\"BreadcrumbList\",\"@id\":\"https:\/\/geziyoo.co\/blog\/civril-kamp-alanlari-ve-karavan-alanlari\/#breadcrumb\",\"itemListElement\":[{\"@type\":\"ListItem\",\"position\":1,\"name\":\"Ana sayfa\",\"item\":\"https:\/\/geziyoo.co\/blog\/\"},{\"@type\":\"ListItem\",\"position\":2,\"name\":\"\u00c7ivril Geneli \u00dccretli ve \u00dccretsiz 2+ Kamp Alan\u0131 (\u0130leti\u015fim ve Konum)\"}]},{\"@type\":\"WebSite\",\"@id\":\"https:\/\/geziyoo.co\/blog\/#website\",\"url\":\"https:\/\/geziyoo.co\/blog\/\",\"name\":\"Geziyoo Blog\",\"description\":\"GeziYoo Blog&#039;da T\u00fcrkiye&#039;nin en iyi kamp alanlar\u0131ndan bungalov tatillerine, karavan ipu\u00e7lar\u0131ndan gezi rehberlerine kadar her t\u00fcrl\u00fc do\u011fa deneyimini ke\u015ffedin.\",\"publisher\":{\"@id\":\"https:\/\/geziyoo.co\/blog\/#organization\"},\"potentialAction\":[{\"@type\":\"SearchAction\",\"target\":{\"@type\":\"EntryPoint\",\"urlTemplate\":\"https:\/\/geziyoo.co\/blog\/?s={search_term_string}\"},\"query-input\":{\"@type\":\"PropertyValueSpecification\",\"valueRequired\":true,\"valueName\":\"search_term_string\"}}],\"inLanguage\":\"tr\"},{\"@type\":\"Organization\",\"@id\":\"https:\/\/geziyoo.co\/blog\/#organization\",\"name\":\"Geziyoo.co\",\"url\":\"https:\/\/geziyoo.co\/blog\/\",\"logo\":{\"@type\":\"ImageObject\",\"inLanguage\":\"tr\",\"@id\":\"https:\/\/geziyoo.co\/blog\/#\/schema\/logo\/image\/\",\"url\":\"https:\/\/geziyoo.co\/blog\/wp-content\/uploads\/2025\/01\/Paragraf-metniniz-3.png\",\"contentUrl\":\"https:\/\/geziyoo.co\/blog\/wp-content\/uploads\/2025\/01\/Paragraf-metniniz-3.png\",\"width\":270,\"height\":50,\"caption\":\"Geziyoo.co\"},\"image\":{\"@id\":\"https:\/\/geziyoo.co\/blog\/#\/schema\/logo\/image\/\"},\"sameAs\":[\"https:\/\/www.facebook.com\/Geziyooco\",\"https:\/\/x.com\/geziyoo\",\"https:\/\/tr.pinterest.com\/geziyooco\/\",\"https:\/\/www.youtube.com\/@geziyoo\",\"https:\/\/www.instagram.com\/geziyoo.co\/\"]},{\"@type\":\"Person\",\"@id\":\"https:\/\/geziyoo.co\/blog\/#\/schema\/person\/032acb2436540ed14784e7d978aef0e4\",\"name\":\"Geziyoo\",\"image\":{\"@type\":\"ImageObject\",\"inLanguage\":\"tr\",\"@id\":\"https:\/\/geziyoo.co\/blog\/#\/schema\/person\/image\/\",\"url\":\"https:\/\/secure.gravatar.com\/avatar\/ae212a4514471fdb8cab6e5af4f3c99b940a2d0a16713ea0392c8d7c8a64f30a?s=96&d=mm&r=g\",\"contentUrl\":\"https:\/\/secure.gravatar.com\/avatar\/ae212a4514471fdb8cab6e5af4f3c99b940a2d0a16713ea0392c8d7c8a64f30a?s=96&d=mm&r=g\",\"caption\":\"Geziyoo\"},\"description\":\"Do\u011fa ile i\u00e7 i\u00e7e olabilece\u011finiz yerler,do\u011fa aktivite alanlar\u0131,kamp alanlar\u0131,bungalov oteller,Tiny House Oteller, Galampingler ve da\u011f evlerinin herkes i\u00e7in ula\u015f\u0131labilir olmas\u0131n\u0131 sa\u011flamak amac\u0131yla Geziyoo\u2019ya 2019 y\u0131l\u0131nda ba\u015flad\u0131k.Do\u011fal Tatil konseptini uygulayan en geni\u015f kapsaml\u0131 sitedir.\",\"sameAs\":[\"https:\/\/geziyoo.co\/\",\"https:\/\/www.facebook.com\/geziyoo.co\",\"https:\/\/www.instagram.com\/geziyoo.co\/\",\"https:\/\/tr.pinterest.com\/geziyooco\/\",\"https:\/\/x.com\/https:\/\/twitter.com\/geziyoo\",\"https:\/\/www.youtube.com\/channel\/UCdiSMa6pe17KEY7DP1Ug4ag\"]}]}<\/script>\n<!-- \/ Yoast SEO plugin. -->","yoast_head_json":{"title":"\u00c7ivril\u2019de En \u0130yi 4 Kamp Alan\u0131: \u00dccretli, \u00dccretsiz ve Tesisli | Geziyoo","description":"Denizli \u00c7ivril, I\u015f\u0131kl\u0131 G\u00f6l\u00fc (Nil\u00fcfer tarlalar\u0131), Akda\u011f Tabiat Park\u0131 (Kocayayla), Tokal\u0131 Kanyonu ve G\u00fcm\u00fc\u015fsu \u015eelalesi dahil \u00fccretli ve \u00fccretsiz 4 kamp alan\u0131n\u0131 listeledik. Konumlar Geziyoo'da.","robots":{"index":"index","follow":"follow","max-snippet":"max-snippet:-1","max-image-preview":"max-image-preview:large","max-video-preview":"max-video-preview:-1"},"canonical":"https:\/\/geziyoo.co\/blog\/civril-kamp-alanlari-ve-karavan-alanlari\/","og_locale":"tr_TR","og_type":"article","og_title":"\u00c7ivril\u2019de En \u0130yi 4 Kamp Alan\u0131: \u00dccretli, \u00dccretsiz ve Tesisli | Geziyoo","og_description":"Denizli \u00c7ivril, I\u015f\u0131kl\u0131 G\u00f6l\u00fc (Nil\u00fcfer tarlalar\u0131), Akda\u011f Tabiat Park\u0131 (Kocayayla), Tokal\u0131 Kanyonu ve G\u00fcm\u00fc\u015fsu \u015eelalesi dahil \u00fccretli ve \u00fccretsiz 4 kamp alan\u0131n\u0131 listeledik. Konumlar Geziyoo'da.","og_url":"https:\/\/geziyoo.co\/blog\/civril-kamp-alanlari-ve-karavan-alanlari\/","og_site_name":"Geziyoo.co","article_publisher":"https:\/\/www.facebook.com\/Geziyooco","article_author":"https:\/\/www.facebook.com\/geziyoo.co","article_published_time":"2023-03-17T13:06:48+00:00","article_modified_time":"2026-01-29T12:27:32+00:00","og_image":[{"width":800,"height":600,"url":"https:\/\/geziyoo.co\/blog\/wp-content\/uploads\/2023\/03\/civril-kamp-alanlari-ve-karavan-lanlari.jpg","type":"image\/jpeg"}],"author":"Geziyoo","twitter_card":"summary_large_image","twitter_creator":"@https:\/\/twitter.com\/geziyoo","twitter_site":"@geziyoo","twitter_misc":{"Yazan:":"Geziyoo","Tahmini okuma s\u00fcresi":"5 dakika"},"schema":{"@context":"https:\/\/schema.org","@graph":[{"@type":"Article","@id":"https:\/\/geziyoo.co\/blog\/civril-kamp-alanlari-ve-karavan-alanlari\/#article","isPartOf":{"@id":"https:\/\/geziyoo.co\/blog\/civril-kamp-alanlari-ve-karavan-alanlari\/"},"author":{"name":"Geziyoo","@id":"https:\/\/geziyoo.co\/blog\/#\/schema\/person\/032acb2436540ed14784e7d978aef0e4"},"headline":"\u00c7ivril Geneli \u00dccretli ve \u00dccretsiz 2+ Kamp Alan\u0131 (\u0130leti\u015fim ve Konum)","datePublished":"2023-03-17T13:06:48+00:00","dateModified":"2026-01-29T12:27:32+00:00","mainEntityOfPage":{"@id":"https:\/\/geziyoo.co\/blog\/civril-kamp-alanlari-ve-karavan-alanlari\/"},"wordCount":1039,"commentCount":0,"publisher":{"@id":"https:\/\/geziyoo.co\/blog\/#organization"},"image":{"@id":"https:\/\/geziyoo.co\/blog\/civril-kamp-alanlari-ve-karavan-alanlari\/#primaryimage"},"thumbnailUrl":"https:\/\/geziyoo.co\/blog\/wp-content\/uploads\/2023\/03\/civril-kamp-alanlari-ve-karavan-lanlari.jpg","articleSection":["Kamp","Kamp Alanlar\u0131"],"inLanguage":"tr","potentialAction":[{"@type":"CommentAction","name":"Comment","target":["https:\/\/geziyoo.co\/blog\/civril-kamp-alanlari-ve-karavan-alanlari\/#respond"]}]},{"@type":"WebPage","@id":"https:\/\/geziyoo.co\/blog\/civril-kamp-alanlari-ve-karavan-alanlari\/","url":"https:\/\/geziyoo.co\/blog\/civril-kamp-alanlari-ve-karavan-alanlari\/","name":"\u00c7ivril\u2019de En \u0130yi 4 Kamp Alan\u0131: \u00dccretli, \u00dccretsiz ve Tesisli | Geziyoo","isPartOf":{"@id":"https:\/\/geziyoo.co\/blog\/#website"},"primaryImageOfPage":{"@id":"https:\/\/geziyoo.co\/blog\/civril-kamp-alanlari-ve-karavan-alanlari\/#primaryimage"},"image":{"@id":"https:\/\/geziyoo.co\/blog\/civril-kamp-alanlari-ve-karavan-alanlari\/#primaryimage"},"thumbnailUrl":"https:\/\/geziyoo.co\/blog\/wp-content\/uploads\/2023\/03\/civril-kamp-alanlari-ve-karavan-lanlari.jpg","datePublished":"2023-03-17T13:06:48+00:00","dateModified":"2026-01-29T12:27:32+00:00","description":"Denizli \u00c7ivril, I\u015f\u0131kl\u0131 G\u00f6l\u00fc (Nil\u00fcfer tarlalar\u0131), Akda\u011f Tabiat Park\u0131 (Kocayayla), Tokal\u0131 Kanyonu ve G\u00fcm\u00fc\u015fsu \u015eelalesi dahil \u00fccretli ve \u00fccretsiz 4 kamp alan\u0131n\u0131 listeledik. Konumlar Geziyoo'da.","breadcrumb":{"@id":"https:\/\/geziyoo.co\/blog\/civril-kamp-alanlari-ve-karavan-alanlari\/#breadcrumb"},"inLanguage":"tr","potentialAction":[{"@type":"ReadAction","target":["https:\/\/geziyoo.co\/blog\/civril-kamp-alanlari-ve-karavan-alanlari\/"]}]},{"@type":"ImageObject","inLanguage":"tr","@id":"https:\/\/geziyoo.co\/blog\/civril-kamp-alanlari-ve-karavan-alanlari\/#primaryimage","url":"https:\/\/geziyoo.co\/blog\/wp-content\/uploads\/2023\/03\/civril-kamp-alanlari-ve-karavan-lanlari.jpg","contentUrl":"https:\/\/geziyoo.co\/blog\/wp-content\/uploads\/2023\/03\/civril-kamp-alanlari-ve-karavan-lanlari.jpg","width":800,"height":600},{"@type":"BreadcrumbList","@id":"https:\/\/geziyoo.co\/blog\/civril-kamp-alanlari-ve-karavan-alanlari\/#breadcrumb","itemListElement":[{"@type":"ListItem","position":1,"name":"Ana sayfa","item":"https:\/\/geziyoo.co\/blog\/"},{"@type":"ListItem","position":2,"name":"\u00c7ivril Geneli \u00dccretli ve \u00dccretsiz 2+ Kamp Alan\u0131 (\u0130leti\u015fim ve Konum)"}]},{"@type":"WebSite","@id":"https:\/\/geziyoo.co\/blog\/#website","url":"https:\/\/geziyoo.co\/blog\/","name":"Geziyoo Blog","description":"GeziYoo Blog&#039;da T\u00fcrkiye&#039;nin en iyi kamp alanlar\u0131ndan bungalov tatillerine, karavan ipu\u00e7lar\u0131ndan gezi rehberlerine kadar her t\u00fcrl\u00fc do\u011fa deneyimini ke\u015ffedin.","publisher":{"@id":"https:\/\/geziyoo.co\/blog\/#organization"},"potentialAction":[{"@type":"SearchAction","target":{"@type":"EntryPoint","urlTemplate":"https:\/\/geziyoo.co\/blog\/?s={search_term_string}"},"query-input":{"@type":"PropertyValueSpecification","valueRequired":true,"valueName":"search_term_string"}}],"inLanguage":"tr"},{"@type":"Organization","@id":"https:\/\/geziyoo.co\/blog\/#organization","name":"Geziyoo.co","url":"https:\/\/geziyoo.co\/blog\/","logo":{"@type":"ImageObject","inLanguage":"tr","@id":"https:\/\/geziyoo.co\/blog\/#\/schema\/logo\/image\/","url":"https:\/\/geziyoo.co\/blog\/wp-content\/uploads\/2025\/01\/Paragraf-metniniz-3.png","contentUrl":"https:\/\/geziyoo.co\/blog\/wp-content\/uploads\/2025\/01\/Paragraf-metniniz-3.png","width":270,"height":50,"caption":"Geziyoo.co"},"image":{"@id":"https:\/\/geziyoo.co\/blog\/#\/schema\/logo\/image\/"},"sameAs":["https:\/\/www.facebook.com\/Geziyooco","https:\/\/x.com\/geziyoo","https:\/\/tr.pinterest.com\/geziyooco\/","https:\/\/www.youtube.com\/@geziyoo","https:\/\/www.instagram.com\/geziyoo.co\/"]},{"@type":"Person","@id":"https:\/\/geziyoo.co\/blog\/#\/schema\/person\/032acb2436540ed14784e7d978aef0e4","name":"Geziyoo","image":{"@type":"ImageObject","inLanguage":"tr","@id":"https:\/\/geziyoo.co\/blog\/#\/schema\/person\/image\/","url":"https:\/\/secure.gravatar.com\/avatar\/ae212a4514471fdb8cab6e5af4f3c99b940a2d0a16713ea0392c8d7c8a64f30a?s=96&d=mm&r=g","contentUrl":"https:\/\/secure.gravatar.com\/avatar\/ae212a4514471fdb8cab6e5af4f3c99b940a2d0a16713ea0392c8d7c8a64f30a?s=96&d=mm&r=g","caption":"Geziyoo"},"description":"Do\u011fa ile i\u00e7 i\u00e7e olabilece\u011finiz yerler,do\u011fa aktivite alanlar\u0131,kamp alanlar\u0131,bungalov oteller,Tiny House Oteller, Galampingler ve da\u011f evlerinin herkes i\u00e7in ula\u015f\u0131labilir olmas\u0131n\u0131 sa\u011flamak amac\u0131yla Geziyoo\u2019ya 2019 y\u0131l\u0131nda ba\u015flad\u0131k.Do\u011fal Tatil konseptini uygulayan en geni\u015f kapsaml\u0131 sitedir.","sameAs":["https:\/\/geziyoo.co\/","https:\/\/www.facebook.com\/geziyoo.co","https:\/\/www.instagram.com\/geziyoo.co\/","https:\/\/tr.pinterest.com\/geziyooco\/","https:\/\/x.com\/https:\/\/twitter.com\/geziyoo","https:\/\/www.youtube.com\/channel\/UCdiSMa6pe17KEY7DP1Ug4ag"]}]}},"amp_enabled":true,"_links":{"self":[{"href":"https:\/\/geziyoo.co\/blog\/wp-json\/wp\/v2\/posts\/11753","targetHints":{"allow":["GET"]}}],"collection":[{"href":"https:\/\/geziyoo.co\/blog\/wp-json\/wp\/v2\/posts"}],"about":[{"href":"https:\/\/geziyoo.co\/blog\/wp-json\/wp\/v2\/types\/post"}],"author":[{"embeddable":true,"href":"https:\/\/geziyoo.co\/blog\/wp-json\/wp\/v2\/users\/1"}],"replies":[{"embeddable":true,"href":"https:\/\/geziyoo.co\/blog\/wp-json\/wp\/v2\/comments?post=11753"}],"version-history":[{"count":0,"href":"https:\/\/geziyoo.co\/blog\/wp-json\/wp\/v2\/posts\/11753\/revisions"}],"wp:featuredmedia":[{"embeddable":true,"href":"https:\/\/geziyoo.co\/blog\/wp-json\/wp\/v2\/media\/11758"}],"wp:attachment":[{"href":"https:\/\/geziyoo.co\/blog\/wp-json\/wp\/v2\/media?parent=11753"}],"wp:term":[{"taxonomy":"category","embeddable":true,"href":"https:\/\/geziyoo.co\/blog\/wp-json\/wp\/v2\/categories?post=11753"},{"taxonomy":"post_tag","embeddable":true,"href":"https:\/\/geziyoo.co\/blog\/wp-json\/wp\/v2\/tags?post=11753"}],"curies":[{"name":"wp","href":"https:\/\/api.w.org\/{rel}","templated":true}]}}