{"id":11658,"date":"2023-03-07T07:25:34","date_gmt":"2023-03-07T07:25:34","guid":{"rendered":"https:\/\/geziyoo.co\/blog\/?p=11658"},"modified":"2026-01-23T12:08:13","modified_gmt":"2026-01-23T12:08:13","slug":"guvenli-karavan-surmek-icin-ipuclari","status":"publish","type":"post","link":"https:\/\/geziyoo.co\/blog\/guvenli-karavan-surmek-icin-ipuclari\/","title":{"rendered":"G\u00fcvenli Karavan S\u00fcrmek i\u00e7in 10 \u00c7ok \u00d6nemli \u0130pucu"},"content":{"rendered":"\n<p>G\u00fcvenli Karavan S\u00fcrmek \u0130\u00e7in \u0130pu\u00e7lar\u0131 i\u00e7eri\u011fimizden herkese merhabalar.Bu i\u00e7eri\u011fimizde G\u00fcvenli bir \u015fekilde karavan s\u00fcrmenin ipu\u00e7lar\u0131n\u0131 aktaraca\u011f\u0131z.<\/p>\n\n\n\n<p>G\u00fcvenli karavan s\u00fcr\u00fc\u015f\u00fc i\u00e7in en \u00e7ok dikkat \u00e7eken se\u00e7enekleri sizlere tek tek a\u00e7\u0131klayaca\u011f\u0131z.Sizlere g\u00fcvenli s\u00fcr\u00fc\u015f ile alakal\u0131 t\u00fcm ipu\u00e7lar\u0131 aktaraca\u011f\u0131z. Daha \u00f6nce hi\u00e7 karavan kullanmad\u0131ysan\u0131z veya karavan kullanmakla alakal\u0131 yeterli tecr\u00fcbeniz yoksa i\u00e7eri\u011fimiz tam size g\u00f6re.<\/p>\n\n\n\n<hr class=\"wp-block-separator has-css-opacity is-style-wide\"\/>\n\n\n\n<h2 class=\"wp-block-heading\">1.<strong>Araban\u0131z\u0131 ve Karavan\u0131n\u0131z\u0131 \u0130yi Tan\u0131y\u0131n<\/strong><\/h2>\n\n\n\n<figure class=\"wp-block-image size-large\"><img decoding=\"async\" width=\"1024\" height=\"768\" data-src=\"https:\/\/geziyoo.co\/blog\/wp-content\/uploads\/2023\/03\/Evcil-Hayvanlarla-Karavan-Hayati-ve-Tatili-Nasil-Olur-1024x768.jpg\" alt=\"G\u00fcvenli Karavan S\u00fcrmek \u0130\u00e7in \u0130pu\u00e7lar\u0131\" class=\"wp-image-11637 lazyload\" data-srcset=\"https:\/\/geziyoo.co\/blog\/wp-content\/uploads\/2023\/03\/Evcil-Hayvanlarla-Karavan-Hayati-ve-Tatili-Nasil-Olur-1024x768.jpg 1024w, https:\/\/geziyoo.co\/blog\/wp-content\/uploads\/2023\/03\/Evcil-Hayvanlarla-Karavan-Hayati-ve-Tatili-Nasil-Olur-300x225.jpg 300w, https:\/\/geziyoo.co\/blog\/wp-content\/uploads\/2023\/03\/Evcil-Hayvanlarla-Karavan-Hayati-ve-Tatili-Nasil-Olur-768x576.jpg 768w, https:\/\/geziyoo.co\/blog\/wp-content\/uploads\/2023\/03\/Evcil-Hayvanlarla-Karavan-Hayati-ve-Tatili-Nasil-Olur.jpg 1200w\" data-sizes=\"(max-width: 1024px) 100vw, 1024px\" src=\"data:image\/gif;base64,R0lGODlhAQABAAAAACH5BAEKAAEALAAAAAABAAEAAAICTAEAOw==\" style=\"--smush-placeholder-width: 1024px; --smush-placeholder-aspect-ratio: 1024\/768;\" \/><figcaption class=\"wp-element-caption\">G\u00fcvenli Karavan S\u00fcrmek \u0130\u00e7in \u0130pu\u00e7lar\u0131<\/figcaption><\/figure>\n\n\n\n<p>G\u00fcvenli s\u00fcr\u00fc\u015f ve konforlu seyahat i\u00e7in pek \u00e7ok detay bulunmakta.Bu detaylardan en \u00f6nemlisi ise kesinlikle karavan\u0131n\u0131z\u0131 ve araban\u0131z\u0131 iyi tan\u0131man\u0131zd\u0131r.<\/p>\n\n\n\n<p>Arac\u0131n ne kadar h\u0131z yapt\u0131\u011f\u0131n\u0131, yol tutu\u015funu ve di\u011fer b\u00fct\u00fcn detaylar\u0131 \u00f6\u011frenmeye \u00f6zen g\u00f6stermelisiniz ve bunu yaparkende temkinli ve dikkatli olmal\u0131s\u0131n\u0131z.Bu sayede hem daha ba\u015far\u0131l\u0131 bir karavan deneyimi ya\u015fayabilir hem de herhangi bir \u015fekilde kaza durumuna kar\u0131\u015fman\u0131z s\u00f6z konusu olmaz.<\/p>\n\n\n\n<p>Karavan\u0131n\u0131z\u0131 ve araban\u0131z\u0131 tan\u0131yarak yola \u00e7\u0131kman\u0131z durumunda herhangi bir problemle kar\u015f\u0131la\u015fman\u0131z s\u00f6z konusu olmayacakt\u0131r. Bu nedenle de arac\u0131 tan\u0131may\u0131 denemeli ve s\u00fcr\u00fc\u015f\u00fc kusursuzla\u015ft\u0131rmak ad\u0131na harekete ge\u00e7melisiniz.<\/p>\n\n\n\n<hr class=\"wp-block-separator has-css-opacity is-style-wide\"\/>\n\n\n\n<h2 class=\"wp-block-heading\">2.<strong>Karavanla Al\u0131\u015ft\u0131rmalar Yap\u0131n<\/strong><\/h2>\n\n\n\n<figure class=\"wp-block-image size-large\"><img decoding=\"async\" width=\"800\" height=\"533\" data-src=\"https:\/\/geziyoo.co\/blog\/wp-content\/uploads\/2021\/10\/Cekme-Karavan-Siniflari-ve-Ozellikleri-Nelerdir.jpg\" alt=\"\" class=\"wp-image-8431 lazyload\" data-srcset=\"https:\/\/geziyoo.co\/blog\/wp-content\/uploads\/2021\/10\/Cekme-Karavan-Siniflari-ve-Ozellikleri-Nelerdir.jpg 800w, https:\/\/geziyoo.co\/blog\/wp-content\/uploads\/2021\/10\/Cekme-Karavan-Siniflari-ve-Ozellikleri-Nelerdir-300x200.jpg 300w, https:\/\/geziyoo.co\/blog\/wp-content\/uploads\/2021\/10\/Cekme-Karavan-Siniflari-ve-Ozellikleri-Nelerdir-768x512.jpg 768w\" data-sizes=\"(max-width: 800px) 100vw, 800px\" src=\"data:image\/gif;base64,R0lGODlhAQABAAAAACH5BAEKAAEALAAAAAABAAEAAAICTAEAOw==\" style=\"--smush-placeholder-width: 800px; --smush-placeholder-aspect-ratio: 800\/533;\" \/><figcaption class=\"wp-element-caption\">G\u00fcvenli Karavan S\u00fcrmek \u0130\u00e7in Birbirinden \u00d6nemli 10 \u0130pucu<\/figcaption><\/figure>\n\n\n\n<p><strong>Uzun bir karavan tatiline \u00e7\u0131kmadan \u00f6nce G\u00fcvenli bir karavan s\u00fcr\u00fc\u015f\u00fc ger\u00e7ekle\u015ftirmek istiyorsan\u0131z karavanla k\u00fc\u00e7\u00fck al\u0131\u015ft\u0131rmalar yap\u0131n. <\/strong>Uzun bir yola \u00e7\u0131kmadan \u00f6nce mutlaka k\u0131sa yollarda ve al\u0131\u015ft\u0131rmalar yaparak harekete ge\u00e7in ve bir anda karavan\u0131 al\u0131p uzun yola \u00e7\u0131kmay\u0131n.Uzun yol deneyiminin \u00e7ok farkl\u0131 olaca\u011f\u0131 ifade edilebilse de k\u0131sa s\u00fcr\u00fc\u015flerin direksiyon hakimiyetine katk\u0131 sa\u011flayaca\u011f\u0131n\u0131 bilmelisiniz.<\/p>\n\n\n\n<p>Karavan ile her mesafe kat etti\u011finizde daha ba\u015far\u0131l\u0131 bir s\u00fcr\u00fc\u015f deneyimi ya\u015fayaca\u011f\u0131n\u0131z\u0131 akl\u0131n\u0131z\u0131n bir kenar\u0131nda tutun. \u00d6zellikle de karavan\u0131n normal ara\u00e7tan farkl\u0131 oldu\u011funu ve buna uygun bir s\u00fcr\u00fc\u015f ger\u00e7ekle\u015ftirmeniz gerekti\u011fini tecr\u00fcbe kazanarak \u00f6\u011freneceksiniz.<\/p>\n\n\n\n<blockquote class=\"wp-block-quote quote-solid is-layout-flow wp-block-quote quote-solid-is-layout-flow\">\n<p><em>Geziyoo.co\u2019nunda \u00e7ekme karavan\u0131 oldu\u011funu biliyormuydunuz?\u00c7ekme karavan\u0131m\u0131z\u0131 g\u00f6rmek ve \u00e7ekti\u011fimiz e\u011flenceli videolar i\u00e7in&nbsp;<\/em><strong>INSTAGRAM<\/strong><em>&nbsp;hesab\u0131m\u0131z\u0131 takip etmenizi rica ediyoruz.<\/em><strong><em><a href=\"https:\/\/www.instagram.com\/geziyoo.co\/\" target=\"_blank\" rel=\"noreferrer noopener\">TAK\u0130P ET&gt;&gt;&gt;<\/a><\/em><\/strong><\/p>\n<\/blockquote>\n\n\n\n<hr class=\"wp-block-separator has-css-opacity is-style-wide\"\/>\n\n\n\n<h2 class=\"wp-block-heading\">3.<strong>Ara\u00e7 Kapasitesini A\u015fmay\u0131n<\/strong><\/h2>\n\n\n\n<figure class=\"wp-block-image size-large\"><img decoding=\"async\" width=\"1024\" height=\"768\" data-src=\"https:\/\/geziyoo.co\/blog\/wp-content\/uploads\/2023\/03\/Evcil-Hayvanlarla-Karavan-Hayati-ve-Tatili-Nasil-Olur-1024x768.jpg\" alt=\"\" class=\"wp-image-11637 lazyload\" data-srcset=\"https:\/\/geziyoo.co\/blog\/wp-content\/uploads\/2023\/03\/Evcil-Hayvanlarla-Karavan-Hayati-ve-Tatili-Nasil-Olur-1024x768.jpg 1024w, https:\/\/geziyoo.co\/blog\/wp-content\/uploads\/2023\/03\/Evcil-Hayvanlarla-Karavan-Hayati-ve-Tatili-Nasil-Olur-300x225.jpg 300w, https:\/\/geziyoo.co\/blog\/wp-content\/uploads\/2023\/03\/Evcil-Hayvanlarla-Karavan-Hayati-ve-Tatili-Nasil-Olur-768x576.jpg 768w, https:\/\/geziyoo.co\/blog\/wp-content\/uploads\/2023\/03\/Evcil-Hayvanlarla-Karavan-Hayati-ve-Tatili-Nasil-Olur.jpg 1200w\" data-sizes=\"(max-width: 1024px) 100vw, 1024px\" src=\"data:image\/gif;base64,R0lGODlhAQABAAAAACH5BAEKAAEALAAAAAABAAEAAAICTAEAOw==\" style=\"--smush-placeholder-width: 1024px; --smush-placeholder-aspect-ratio: 1024\/768;\" \/><\/figure>\n\n\n\n<p>Karavan, s\u0131radan bir ara\u00e7tan farkl\u0131 oldu\u011fu gibi kapasitenin \u00e7ok a\u015f\u0131lmamas\u0131 gerekmektedir.\u00c7o fazla a\u011f\u0131r yapman\u0131z yol tutu\u015fu,frenler vb ekipmanlara fazladan y\u00fck bindirir.Bu sebeplerden dolay\u0131 ara\u00e7 kapasitesinin \u00e7ok \u00fczerine \u00e7\u0131kmamaya dikkat edin. S\u00f6z konusu durumun en b\u00fcy\u00fck nedeni arac\u0131n a\u011f\u0131rla\u015fmas\u0131 ve savrulma ihtimalinin y\u00fckselmesi nedeniyle arac\u0131n kapasitesine uygun bir \u015fekilde yolcu almaya dikkat edin<\/p>\n\n\n\n<p>Arac\u0131n performans\u0131n\u0131 da etkileyecek se\u00e7eneklerden bir tanesi olan kapasite kullan\u0131m\u0131 sayesinde siz de beklentilerinize kolay bir \u015fekilde cevap vereceksiniz.Karavan s\u00fcr\u00fc\u015f\u00fc konusunda sorun ya\u015famamak ad\u0131na bu detay\u0131 dikkate almal\u0131 ve performans\u0131 olumlu etkileyecek detaylara odaklanmal\u0131s\u0131n\u0131z.<\/p>\n\n\n\n<hr class=\"wp-block-separator has-css-opacity is-style-wide\"\/>\n\n\n\n<h2 class=\"wp-block-heading\">4.<strong>Karavan\u0131n\u0131z\u0131 Geni\u015f Yerlere Park Edin<\/strong><\/h2>\n\n\n\n<figure class=\"wp-block-image size-large\"><img decoding=\"async\" width=\"800\" height=\"533\" data-src=\"https:\/\/geziyoo.co\/blog\/wp-content\/uploads\/2021\/10\/Karavanda-OTV-orani-Ne-Kadar-2022-Karavan-OTV-Orani-2.jpg\" alt=\"\" class=\"wp-image-8436 lazyload\" data-srcset=\"https:\/\/geziyoo.co\/blog\/wp-content\/uploads\/2021\/10\/Karavanda-OTV-orani-Ne-Kadar-2022-Karavan-OTV-Orani-2.jpg 800w, https:\/\/geziyoo.co\/blog\/wp-content\/uploads\/2021\/10\/Karavanda-OTV-orani-Ne-Kadar-2022-Karavan-OTV-Orani-2-300x200.jpg 300w, https:\/\/geziyoo.co\/blog\/wp-content\/uploads\/2021\/10\/Karavanda-OTV-orani-Ne-Kadar-2022-Karavan-OTV-Orani-2-768x512.jpg 768w\" data-sizes=\"(max-width: 800px) 100vw, 800px\" src=\"data:image\/gif;base64,R0lGODlhAQABAAAAACH5BAEKAAEALAAAAAABAAEAAAICTAEAOw==\" style=\"--smush-placeholder-width: 800px; --smush-placeholder-aspect-ratio: 800\/533;\" \/><figcaption class=\"wp-element-caption\">2022 Karavan \u00d6TV<\/figcaption><\/figure>\n\n\n\n<p>G\u00fcvenli Karavan S\u00fcrmek \u0130\u00e7in \u0130pu\u00e7lar\u0131 i\u00e7eri\u011fimizin bir di\u011fer \u00f6nerisi karavan\u0131n\u0131z\u0131 geni\u015f yerlere park edin.Karavan, s\u00fcr\u00fc\u015f\u00fc \u00e7ok zor oldu\u011funu kabul edin.Bu sebeplerden dolay\u0131 karavan kullan\u0131rken kar\u015f\u0131 kar\u015f\u0131ya kalaca\u011f\u0131n\u0131z problemlerin \u00fcstesinden gelmek ad\u0131na titiz bir s\u00fcr\u00fc\u015f ser\u00fcvenine odaklanmal\u0131s\u0131n\u0131z. \u00d6rne\u011fin karavan\u0131 dar alanlara park etmek \u00e7ok ciddi problemler ya\u015faman\u0131za neden olaca\u011f\u0131n\u0131 olabildi\u011fince manevra kabileyetinin y\u00fcksek olabilece\u011fi yerlere park edin<\/p>\n\n\n\n<p>Karavan s\u00fcr\u00fc\u015f\u00fc ve park etmesi konusunda \u00e7ok profesyonel olsan\u0131z dahi dar alanlarda kendinizi zorlamay\u0131n ve gereksiz bir maceradan ka\u00e7\u0131n\u0131n. \u00c7evredeki di\u011fer ara\u00e7lara da \u00e7arpma ihtimalini ortadan kald\u0131rmak ad\u0131na bu y\u00f6ntem etkili olacakt\u0131r. Karavanlar i\u00e7in geni\u015f park alanlar\u0131 olan kamp yerlerini se\u00e7in.Bu kamp yerlerine <strong><a href=\"https:\/\/geziyoo.co\/listing-category\/turkiyedeki-kamp-alanlari\/\">T\u00dcRK\u0130YE KAMP ALANLARI<\/a><\/strong> sayfam\u0131zdan ula\u015fablirsiniz.<\/p>\n\n\n\n<hr class=\"wp-block-separator has-css-opacity is-style-wide\"\/>\n\n\n\n<h2 class=\"wp-block-heading\">5.<strong>Yola \u00c7\u0131kmadan Karavan\u0131n\u0131z\u0131 Kontrol Edin<\/strong><\/h2>\n\n\n\n<figure class=\"wp-block-image size-large\"><img decoding=\"async\" width=\"900\" height=\"600\" data-src=\"https:\/\/geziyoo.co\/blog\/wp-content\/uploads\/2021\/05\/Hayati-Kolaylastiran-8-En-Iyi-Karavan-Ipucu-5.jpg\" alt=\"\" class=\"wp-image-6876 lazyload\" data-srcset=\"https:\/\/geziyoo.co\/blog\/wp-content\/uploads\/2021\/05\/Hayati-Kolaylastiran-8-En-Iyi-Karavan-Ipucu-5.jpg 900w, https:\/\/geziyoo.co\/blog\/wp-content\/uploads\/2021\/05\/Hayati-Kolaylastiran-8-En-Iyi-Karavan-Ipucu-5-300x200.jpg 300w, https:\/\/geziyoo.co\/blog\/wp-content\/uploads\/2021\/05\/Hayati-Kolaylastiran-8-En-Iyi-Karavan-Ipucu-5-768x512.jpg 768w\" data-sizes=\"(max-width: 900px) 100vw, 900px\" src=\"data:image\/gif;base64,R0lGODlhAQABAAAAACH5BAEKAAEALAAAAAABAAEAAAICTAEAOw==\" style=\"--smush-placeholder-width: 900px; --smush-placeholder-aspect-ratio: 900\/600;\" \/><\/figure>\n\n\n\n<p>Karavan\u0131 g\u00fcvenli bir \u015fekilde s\u00fcrmek i\u00e7in sadece kendi uygulamalar\u0131n\u0131z\u0131 de\u011fil ayn\u0131 zamanda karavan\u0131n da baz\u0131 \u00f6zelliklerini dikkat etmeniz \u00f6nemlidir. Bu durumda karavan\u0131n s\u00fcr\u00fc\u015fe uygun ve konforlu bir \u00e7\u00f6z\u00fcm sa\u011flad\u0131\u011f\u0131n\u0131 bilmenizde fayda olaca\u011f\u0131n\u0131 belirtelim.\u00d6zellikle motor ya\u011f\u0131 ve di\u011fer kontrolleri yaparak s\u00fcr\u00fc\u015f esnas\u0131nda ya\u015fayabilece\u011finiz problemlerin \u00f6n\u00fcne kolay bir \u015fekilde ge\u00e7ebilirsiniz.<\/p>\n\n\n\n<p>Karavan\u0131n s\u00fcr\u00fc\u015f esnas\u0131nda sorun ya\u015fatmadan sizleri varmak istedi\u011finiz noktaya ula\u015ft\u0131rmas\u0131 ad\u0131na \u00f6nerilerimizi dikkate alman\u0131z \u00e7ok ama \u00e7ok \u00f6nemlidir. Aksi takdirde yolda kalmak ya da kazalara kar\u0131\u015fmak durumunda kalman\u0131z i\u00e7ten bile de\u011fildir Karavan konusunda daha \u00f6nce deneyiminiz her ne olursa olsun her seferinde g\u00fcvenlik \u00f6nlemlerini alman\u0131z \u00e7ok \u00f6nemli hatta bir tane check list haz\u0131rlaman\u0131z bu konuda iyi olacakt\u0131r.\u00c7\u00fcnk\u00fc trafik risk alabilece\u011finiz bir yer de\u011fildir. <strong><em><a href=\"https:\/\/geziyoo.co\/blog\/karavanla-yola-cikmadan-yapilmasi-gereken-kontroller\/\" data-type=\"post\" data-id=\"12936\">KARAVAN KONTROL L\u0130STES\u0130<\/a><\/em><\/strong> i\u00e7eri\u011fimize bakarak nelere detayl\u0131ca bakman\u0131z gerekti\u011fini inceleyebilirsiniz.<\/p>\n\n\n\n<blockquote class=\"wp-block-quote quote-solid is-layout-flow wp-block-quote quote-solid-is-layout-flow\">\n<p><em>Burada araya girelim.Bu tarz konular ilginizi \u00e7ekiyor ise&nbsp;<strong><em><a href=\"https:\/\/geziyoo.co\/blog\/karavan-rehberi\/\">KARAVAN \u0130PU\u00c7LARI<\/a><\/em><\/strong>&nbsp;ve&nbsp;<strong><em><a href=\"https:\/\/geziyoo.co\/blog\/kamp-kamp-onerileri\/\">KAMP \u0130PU\u00c7LARI<\/a><\/em><\/strong>&nbsp;i\u00e7eri\u011fimize bakman\u0131z\u0131 \u00f6neririz.<\/em><\/p>\n<\/blockquote>\n\n\n\n<hr class=\"wp-block-separator has-css-opacity is-style-wide\"\/>\n\n\n\n<h2 class=\"wp-block-heading\">6.<strong>Karavan\u0131n Kapasitesi Do\u011frultusunda Y\u00fckleme Yap\u0131n<\/strong><\/h2>\n\n\n\n<figure class=\"wp-block-image size-large\"><img decoding=\"async\" width=\"1024\" height=\"538\" data-src=\"https:\/\/geziyoo.co\/blog\/wp-content\/uploads\/2023\/05\/Karavanla-Yola-Cikmadan-Yapilmasi-Gereken-Kontroller-6-1024x538.jpg\" alt=\"\" class=\"wp-image-12942 lazyload\" data-srcset=\"https:\/\/geziyoo.co\/blog\/wp-content\/uploads\/2023\/05\/Karavanla-Yola-Cikmadan-Yapilmasi-Gereken-Kontroller-6-1024x538.jpg 1024w, https:\/\/geziyoo.co\/blog\/wp-content\/uploads\/2023\/05\/Karavanla-Yola-Cikmadan-Yapilmasi-Gereken-Kontroller-6-300x158.jpg 300w, https:\/\/geziyoo.co\/blog\/wp-content\/uploads\/2023\/05\/Karavanla-Yola-Cikmadan-Yapilmasi-Gereken-Kontroller-6-768x403.jpg 768w, https:\/\/geziyoo.co\/blog\/wp-content\/uploads\/2023\/05\/Karavanla-Yola-Cikmadan-Yapilmasi-Gereken-Kontroller-6.jpg 1200w\" data-sizes=\"(max-width: 1024px) 100vw, 1024px\" src=\"data:image\/gif;base64,R0lGODlhAQABAAAAACH5BAEKAAEALAAAAAABAAEAAAICTAEAOw==\" style=\"--smush-placeholder-width: 1024px; --smush-placeholder-aspect-ratio: 1024\/538;\" \/><\/figure>\n\n\n\n<p>Karavanlar\u0131n do\u011fru \u015fekilde y\u00fcklenmesi, seyahat deneyimini optimize etmek i\u00e7in \u00f6nemlidir. \u0130lk ad\u0131m, karavan\u0131n kapasitesini anlamakt\u0131r. \u00dcretici taraf\u0131ndan belirtilen a\u011f\u0131rl\u0131k s\u0131n\u0131rlar\u0131n\u0131 kontrol etmek \u00f6nemlidir. Bu, karavan\u0131n ta\u015f\u0131ma kapasitesini ve en fazla ka\u00e7 ki\u015fiyi bar\u0131nd\u0131rabilece\u011fini belirler.<\/p>\n\n\n\n<p>Y\u00fckleme i\u015flemine ba\u015flarken, a\u011f\u0131rl\u0131\u011f\u0131 dengelemek ve karavan\u0131n denge ve stabilitesini sa\u011flamak \u00f6nemlidir. A\u011f\u0131r e\u015fyalar\u0131 karavan\u0131n alt\u0131na yerle\u015ftirmek ve hafif olanlar\u0131 \u00fcstte tutmak mant\u0131kl\u0131d\u0131r. Bu, karavan\u0131n merkez a\u011f\u0131rl\u0131k noktas\u0131n\u0131 d\u00fc\u015f\u00fck tutar ve s\u00fcr\u00fc\u015f esnas\u0131nda daha g\u00fcvenli olmas\u0131n\u0131 sa\u011flar.<\/p>\n\n\n\n<p>Ayr\u0131ca, karavan\u0131n i\u00e7indeki alan\u0131 etkili bir \u015fekilde kullanmak da \u00f6nemlidir. Gereksiz e\u015fyalar\u0131 b\u0131rakmak ve yaln\u0131zca seyahatiniz i\u00e7in gerekli olanlar\u0131 almak, karavan\u0131n kapasitesini optimize etmenizi sa\u011flar. Yatak tak\u0131mlar\u0131, mutfak gere\u00e7leri, temizlik malzemeleri ve ki\u015fisel e\u015fyalar gibi zorunlu e\u015fyalar\u0131 d\u00fc\u015f\u00fcnmek \u00f6nemlidir. Alan\u0131 s\u0131n\u0131rlayan gereksiz e\u015fyalar\u0131 evde b\u0131rakmak, karavan\u0131n\u0131zda daha fazla hareket \u00f6zg\u00fcrl\u00fc\u011f\u00fc sa\u011flar.<\/p>\n\n\n\n<hr class=\"wp-block-separator has-css-opacity is-style-wide\"\/>\n\n\n\n<h2 class=\"wp-block-heading\"><strong>7.G\u00fcvenceniz Oldu\u011funa Emin Olun<\/strong><\/h2>\n\n\n\n<figure class=\"wp-block-image size-large\"><img decoding=\"async\" width=\"1024\" height=\"683\" data-src=\"https:\/\/geziyoo.co\/blog\/wp-content\/uploads\/2023\/05\/Karavanla-Yola-Cikmadan-Yapilmasi-Gereken-Kontroller-4.jpg\" alt=\"\" class=\"wp-image-12940 lazyload\" data-srcset=\"https:\/\/geziyoo.co\/blog\/wp-content\/uploads\/2023\/05\/Karavanla-Yola-Cikmadan-Yapilmasi-Gereken-Kontroller-4.jpg 1024w, https:\/\/geziyoo.co\/blog\/wp-content\/uploads\/2023\/05\/Karavanla-Yola-Cikmadan-Yapilmasi-Gereken-Kontroller-4-300x200.jpg 300w, https:\/\/geziyoo.co\/blog\/wp-content\/uploads\/2023\/05\/Karavanla-Yola-Cikmadan-Yapilmasi-Gereken-Kontroller-4-768x512.jpg 768w\" data-sizes=\"(max-width: 1024px) 100vw, 1024px\" src=\"data:image\/gif;base64,R0lGODlhAQABAAAAACH5BAEKAAEALAAAAAABAAEAAAICTAEAOw==\" style=\"--smush-placeholder-width: 1024px; --smush-placeholder-aspect-ratio: 1024\/683;\" \/><\/figure>\n\n\n\n<p>Karavan seyahatleriniz s\u0131ras\u0131nda, hem sa\u011fl\u0131kla ilgili hem de arac\u0131n\u0131zla ilgili sorunlarla kar\u015f\u0131la\u015fabilirsiniz. Acil sa\u011fl\u0131k sorunlar\u0131 i\u00e7in ortaya \u00e7\u0131kabilecek tedavi masraflar\u0131n\u0131, yurt i\u00e7i ve yurt d\u0131\u015f\u0131 seyahat sa\u011fl\u0131k sigortalar\u0131 gibi \u00fcr\u00fcnlerle kar\u015f\u0131layabilirsiniz. Bu sigortalar, belirli bir teminat ve limit dahilinde size destek sa\u011flar.<\/p>\n\n\n\n<p>Ayr\u0131ca, arac\u0131n\u0131zla ilgili sorunlara \u00e7\u00f6z\u00fcm bulmak i\u00e7in Kasko Sigortas\u0131 \u00f6nemlidir. E\u011fer ara\u00e7 sahibiyseniz, Zorunlu Trafik Sigortas\u0131&#8217;na ek olarak <strong><em><a href=\"https:\/\/geziyoo.co\/blog\/karavan-kasko-fiyati-nasil-yapilirhangi-firmalar-yapiyor\/\" data-type=\"post\" data-id=\"12611\">Karavan Kasko Sigortas\u0131<\/a><\/em><\/strong> da yapt\u0131rman\u0131z\u0131 tavsiye ederiz. Kasko Sigortas\u0131, arac\u0131n\u0131za gelebilecek \u00e7e\u015fitli risklere kar\u015f\u0131 size maddi g\u00fcvence sa\u011flar. Bu \u015fekilde, olas\u0131 hasar durumlar\u0131nda mali y\u00fck\u00fc hafifletebilirsiniz.<\/p>\n\n\n\n<p><strong><em><a href=\"https:\/\/geziyoo.co\/blog\/karavan-kiralayan-firmalar-ve-internet-siteler\/\" data-type=\"post\" data-id=\"13591\">Karavan kiralad\u0131ysan\u0131z<\/a><\/em><\/strong>, kiralama yapt\u0131\u011f\u0131n\u0131z firmadan arac\u0131n sigortas\u0131 olup olmad\u0131\u011f\u0131 hakk\u0131nda bilgi alman\u0131z \u00f6nemlidir. Kiralama \u015firketi taraf\u0131ndan sunulan sigorta, arac\u0131n olas\u0131 hasarlar\u0131na kar\u015f\u0131 koruma sa\u011flayabilir. Bu \u015fekilde, tatiliniz s\u0131ras\u0131nda olu\u015fabilecek ara\u00e7la ilgili sorunlara kar\u015f\u0131 haz\u0131rl\u0131kl\u0131 olursunuz.<\/p>\n\n\n\n<hr class=\"wp-block-separator has-css-opacity is-style-wide\"\/>\n\n\n\n<h2 class=\"wp-block-heading\">8.<strong>H\u0131z Limitlerini kesinlikle ge\u00e7meyin<\/strong> ve karavan\u0131n\u0131z\u0131 yava\u015f kullan\u0131n<\/h2>\n\n\n\n<figure class=\"wp-block-image size-large\"><img decoding=\"async\" width=\"720\" height=\"455\" data-src=\"https:\/\/geziyoo.co\/blog\/wp-content\/uploads\/2023\/05\/Motokaravan-Hakkinda-Nedir-Ozellikleri-Ipuclari-5.jpg\" alt=\"\" class=\"wp-image-12912 lazyload\" data-srcset=\"https:\/\/geziyoo.co\/blog\/wp-content\/uploads\/2023\/05\/Motokaravan-Hakkinda-Nedir-Ozellikleri-Ipuclari-5.jpg 720w, https:\/\/geziyoo.co\/blog\/wp-content\/uploads\/2023\/05\/Motokaravan-Hakkinda-Nedir-Ozellikleri-Ipuclari-5-300x190.jpg 300w\" data-sizes=\"(max-width: 720px) 100vw, 720px\" src=\"data:image\/gif;base64,R0lGODlhAQABAAAAACH5BAEKAAEALAAAAAABAAEAAAICTAEAOw==\" style=\"--smush-placeholder-width: 720px; --smush-placeholder-aspect-ratio: 720\/455;\" \/><\/figure>\n\n\n\n<p>Genel olarak, karavanlar i\u00e7in h\u0131z limitleri karayolu trafi\u011finde belirlenen h\u0131z limitlerine uymak gerekmektedir. \u00d6rne\u011fin, bir\u00e7ok \u00fclkede karayolu h\u0131z s\u0131n\u0131r\u0131 ortalama olarak 90 km\/sa (55 mph) ile 110 km\/sa (70 mph) aras\u0131nda de\u011fi\u015fmektedir. Ancak, baz\u0131 \u00fclkelerde veya belirli b\u00f6lgelerde daha d\u00fc\u015f\u00fck h\u0131z limitleri uygulanabilir.<\/p>\n\n\n\n<p>Karavan kullan\u0131rken, g\u00fcvenlik \u00f6nlemlerini g\u00f6z \u00f6n\u00fcnde bulundurmak \u00f6nemlidir. Karavan\u0131n\u0131z\u0131n \u00f6zelliklerine ve a\u011f\u0131rl\u0131\u011f\u0131na ba\u011fl\u0131 olarak, daha y\u00fcksek h\u0131zlarda seyahat etmek stabilite ve manevra kabiliyeti konusunda zorluklar yaratabilir. Bu nedenle, \u00fcretici taraf\u0131ndan belirlenen h\u0131z s\u0131n\u0131rlar\u0131na uymak, g\u00fcvenli bir seyahat sa\u011flamak i\u00e7in \u00f6nemlidir.<\/p>\n\n\n\n<p>Ayr\u0131ca, karavan\u0131n\u0131z\u0131n \u00f6zellikle yoku\u015f a\u015fa\u011f\u0131 inerken h\u0131z\u0131n\u0131 kontrol etmek de \u00f6nemlidir. A\u015f\u0131r\u0131 h\u0131zlanmak, frenleme yetene\u011fini etkileyebilir ve g\u00fcvenli\u011fi riske atabilir. Karavan\u0131n\u0131z\u0131 kontrol edebilece\u011finiz bir h\u0131zda kullanmak ve h\u0131z limitlerine uymak, kendiniz ve di\u011fer s\u00fcr\u00fcc\u00fcler i\u00e7in \u00f6nemlidir.<\/p>\n\n\n\n<p>\u00c7kme karavanlarda ise durum biraz daha kar\u0131\u015f\u0131k .\u00c7ekme karavanlar\u0131 maksimum s\u00fcrme h\u0131z\u0131n\u0131z 80-90 km h\u0131z\u0131 sak\u0131n ge\u00e7mesin.Hatta \u00e7ekme karavalar ideal s\u00fcrat otobanlarda 60 70 km&#8217;dir.<\/p>\n\n\n\n<hr class=\"wp-block-separator has-css-opacity is-style-wide\"\/>\n\n\n\n<h2 class=\"wp-block-heading\">9.Karavan Aynas\u0131 Kullan\u0131n<\/h2>\n\n\n\n<figure class=\"wp-block-image size-large\"><img decoding=\"async\" width=\"818\" height=\"600\" data-src=\"https:\/\/geziyoo.co\/blog\/wp-content\/uploads\/2023\/05\/Karavanla-Yola-Cikmadan-Yapilmasi-Gereken-Kontroller-1.jpg\" alt=\"\" class=\"wp-image-12937 lazyload\" data-srcset=\"https:\/\/geziyoo.co\/blog\/wp-content\/uploads\/2023\/05\/Karavanla-Yola-Cikmadan-Yapilmasi-Gereken-Kontroller-1.jpg 818w, https:\/\/geziyoo.co\/blog\/wp-content\/uploads\/2023\/05\/Karavanla-Yola-Cikmadan-Yapilmasi-Gereken-Kontroller-1-300x220.jpg 300w, https:\/\/geziyoo.co\/blog\/wp-content\/uploads\/2023\/05\/Karavanla-Yola-Cikmadan-Yapilmasi-Gereken-Kontroller-1-768x563.jpg 768w\" data-sizes=\"(max-width: 818px) 100vw, 818px\" src=\"data:image\/gif;base64,R0lGODlhAQABAAAAACH5BAEKAAEALAAAAAABAAEAAAICTAEAOw==\" style=\"--smush-placeholder-width: 818px; --smush-placeholder-aspect-ratio: 818\/600;\" \/><\/figure>\n\n\n\n<p>Karavan ayna \u00fcr\u00fcnleri, karavan veya r\u00f6morklarla seyahat ederken daha g\u00fcvenli bir \u015fekilde trafik ak\u0131\u015f\u0131n\u0131 g\u00f6zlemlemenizi sa\u011flar. Bu aynalar, arkan\u0131zdan veya sizi sollamaya \u00e7al\u0131\u015fan ara\u00e7lar\u0131 daha geni\u015f bir a\u00e7\u0131dan g\u00f6rmenize yard\u0131mc\u0131 olur. Karavan aynalar\u0131, seyahat etti\u011finiz karavan veya r\u00f6morkun modeline ba\u011fl\u0131 olmaks\u0131z\u0131n, 750 kg ve \u00fczeri t\u00fcm karavan ve r\u00f6mork ara\u00e7lar\u0131yla kullan\u0131lmas\u0131 gereken bir ekipmand\u0131r. G\u00fcvenlik, her \u015feyden daha \u00f6nemlidir.<\/p>\n\n\n\n<p>Stoklar\u0131m\u0131zda \u00e7e\u015fitli karavan dikiz aynas\u0131 modelleri bulunmaktad\u0131r, \u00f6rne\u011fin Campasist, Brunner ve 2K gibi markalar\u0131n \u00fcr\u00fcnleri mevcuttur. Bu \u00fcr\u00fcnleri en uygun fiyatlarla sat\u0131n alabilirsiniz. H\u0131zl\u0131 kargo hizmetimizle g\u00fcvenli bir \u015fekilde karavan ayna \u00fcr\u00fcnlerine sahip olabilirsiniz.<\/p>\n\n\n\n<p>Karavan ayna \u00fcr\u00fcnleri, s\u00fcr\u00fc\u015f g\u00fcvenli\u011finizi art\u0131rman\u0131n yan\u0131 s\u0131ra di\u011fer s\u00fcr\u00fcc\u00fclerin de sizi daha kolay fark etmesini sa\u011flar. Karavan\u0131n\u0131z\u0131 g\u00fcvenli bir \u015fekilde kullanmak ve trafikte di\u011fer s\u00fcr\u00fcc\u00fclerle etkile\u015fimde bulunmak i\u00e7in karavan aynalar\u0131n\u0131 kullanman\u0131z \u00f6nemlidir.<\/p>\n\n\n\n<p>Unutmay\u0131n, seyahat ederken g\u00fcvenlik her zaman \u00f6ncelikli olmal\u0131d\u0131r. Karavan ayna \u00fcr\u00fcnleri, bu g\u00fcvenli\u011fi sa\u011flaman\u0131za yard\u0131mc\u0131 olur ve tatillerinizin daha rahat ve g\u00fcvenli ge\u00e7mesini sa\u011flar.<\/p>\n\n\n\n<hr class=\"wp-block-separator has-css-opacity is-style-wide\"\/>\n\n\n\n<h2 class=\"wp-block-heading\">10.Geri manevralar i\u00e7in kamera takt\u0131r\u0131n<\/h2>\n\n\n\n<figure class=\"wp-block-image size-large\"><img decoding=\"async\" width=\"1024\" height=\"683\" data-src=\"https:\/\/geziyoo.co\/blog\/wp-content\/uploads\/2023\/05\/Karavan-Tentesi-Cesitleri-ve-Fiyatlari-1-1024x683.jpg\" alt=\"\" class=\"wp-image-12799 lazyload\" data-srcset=\"https:\/\/geziyoo.co\/blog\/wp-content\/uploads\/2023\/05\/Karavan-Tentesi-Cesitleri-ve-Fiyatlari-1-1024x683.jpg 1024w, https:\/\/geziyoo.co\/blog\/wp-content\/uploads\/2023\/05\/Karavan-Tentesi-Cesitleri-ve-Fiyatlari-1-300x200.jpg 300w, https:\/\/geziyoo.co\/blog\/wp-content\/uploads\/2023\/05\/Karavan-Tentesi-Cesitleri-ve-Fiyatlari-1-768x512.jpg 768w, https:\/\/geziyoo.co\/blog\/wp-content\/uploads\/2023\/05\/Karavan-Tentesi-Cesitleri-ve-Fiyatlari-1.jpg 1200w\" data-sizes=\"(max-width: 1024px) 100vw, 1024px\" src=\"data:image\/gif;base64,R0lGODlhAQABAAAAACH5BAEKAAEALAAAAAABAAEAAAICTAEAOw==\" style=\"--smush-placeholder-width: 1024px; --smush-placeholder-aspect-ratio: 1024\/683;\" \/><\/figure>\n\n\n\n<p>Karavanlarda geri d\u00f6n\u00fc\u015f kameralar\u0131, arac\u0131n arka k\u0131sm\u0131n\u0131 g\u00f6zlemlemek ve geri manevra yaparken daha iyi g\u00f6r\u00fc\u015f sa\u011flamak i\u00e7in kullan\u0131lan bir teknolojidir. Bu kameralar, arac\u0131n arka taraf\u0131ndaki alan\u0131 izlemek ve s\u00fcr\u00fcc\u00fcye geriye do\u011fru hareket ederken engelleri, di\u011fer ara\u00e7lar\u0131 veya yayalar\u0131 g\u00f6rmesini kolayla\u015ft\u0131rmak i\u00e7in tasarlanm\u0131\u015ft\u0131r.<\/p>\n\n\n\n<p>Geri d\u00f6n\u00fc\u015f kameralar\u0131, arac\u0131n arka taraf\u0131nda bulunan k\u00f6rl\u00fck noktalar\u0131n\u0131 azalt\u0131r ve park etme, geri manevra yapma veya karavan\u0131 hareket ettirme s\u0131ras\u0131nda daha fazla kontrol sa\u011flar. Bu, s\u00fcr\u00fcc\u00fcye daha iyi bir perspektif sunar ve potansiyel tehlikeleri \u00f6nceden tespit etmesini sa\u011flar.<\/p>\n\n\n\n<p>Kameralar genellikle arac\u0131n arka k\u0131sm\u0131na yerle\u015ftirilir ve arka tampona entegre edilir. Kamera g\u00f6r\u00fcnt\u00fcs\u00fc, s\u00fcr\u00fcc\u00fcn\u00fcn i\u00e7erideki bir ekran \u00fczerinden izlenebilir. B\u00f6ylece, geri d\u00f6n\u00fc\u015f kameras\u0131 sayesinde s\u00fcr\u00fcc\u00fc, arac\u0131n geri hareket etti\u011fi alan\u0131 g\u00f6zlemleyebilir ve \u00e7evredeki nesneleri veya potansiyel tehlikeleri daha iyi fark edebilir.<\/p>\n\n\n\n<p>Geri d\u00f6n\u00fc\u015f kameralar\u0131, park etme i\u015flemlerini kolayla\u015ft\u0131r\u0131rken, \u00f6zellikle dar veya s\u0131k\u0131\u015f\u0131k alanlarda manevra yaparken yard\u0131mc\u0131 olur. Ayr\u0131ca, arka tarafta bulunan \u00e7ocuklar, bisiklet\u00e7iler veya yaya gibi zay\u0131f ve g\u00f6r\u00fclebilir ki\u015filerin fark edilmesini sa\u011flar, b\u00f6ylece kazalar\u0131n \u00f6nlenmesine yard\u0131mc\u0131 olur.<\/p>\n\n\n\n<p><strong>G\u00fcvenli Karavan S\u00fcrmek \u0130\u00e7in \u0130pu\u00e7lar\u0131<\/strong>\u00a0i\u00e7eri\u011fimizin sonuna geldik.Umar\u0131z bir an \u00f6nce karavan\u0131n\u0131z\u0131 al\u0131r yada yapar ve yollara d\u00fc\u015fersiniz.Yollarda sizinle birlikte olabilmek i\u00e7in bir \u00e7ok karavan kamp alan\u0131na yer verdik.<strong><em><a href=\"https:\/\/geziyoo.co\/listing-category\/turkiye-karavan-alanlari-ve-parklari\/\">KARAVAN KAMP YERLER\u0130<\/a><\/em><\/strong>\u00a0sayfam\u0131za bakarak bir \u00e7ok ke\u015ffedilmemi\u015f yeri ke\u015ffedebilirsiniz.<\/p>\n\n\n\n<hr class=\"wp-block-separator has-css-opacity is-style-wide\"\/>\n\n\n\n<h3 class=\"wp-block-heading\">Bunlar\u0131 da Sevebilirsiniz;<\/h3>\n\n\n<ul class=\"wp-block-latest-posts__list wp-block-latest-posts\"><li><a class=\"wp-block-latest-posts__post-title\" href=\"https:\/\/geziyoo.co\/blog\/karavan-yemegi-menusu-planlayicisi\/\">Karavan Yeme\u011fi Men\u00fcs\u00fc Planlay\u0131c\u0131s\u0131<\/a><\/li>\n<li><a class=\"wp-block-latest-posts__post-title\" href=\"https:\/\/geziyoo.co\/blog\/karavan-agirlik-merkezi-ve-yuk-hesaplama-araci\/\">Karavan A\u011f\u0131rl\u0131k Merkezi ve Y\u00fck Hesaplama Arac\u0131<\/a><\/li>\n<li><a class=\"wp-block-latest-posts__post-title\" href=\"https:\/\/geziyoo.co\/blog\/o1-belgeli-karavanlarin-tescili-zorunlu-mu\/\">O1 Kategorisi Karavan ve R\u00f6morklar\u0131n Tescili Zorunlu Oldu<\/a><\/li>\n<\/ul>","protected":false},"excerpt":{"rendered":"<p>G\u00fcvenli Karavan S\u00fcrmek \u0130\u00e7in \u0130pu\u00e7lar\u0131 i\u00e7eri\u011fimizden herkese merhabalar.Bu i\u00e7eri\u011fimizde G\u00fcvenli bir \u015fekilde karavan s\u00fcrmenin ipu\u00e7lar\u0131n\u0131 aktaraca\u011f\u0131z. G\u00fcvenli karavan s\u00fcr\u00fc\u015f\u00fc i\u00e7in en \u00e7ok dikkat \u00e7eken se\u00e7enekleri sizlere tek tek a\u00e7\u0131klayaca\u011f\u0131z.Sizlere g\u00fcvenli s\u00fcr\u00fc\u015f ile alakal\u0131 t\u00fcm ipu\u00e7lar\u0131 aktaraca\u011f\u0131z. Daha \u00f6nce hi\u00e7 karavan kullanmad\u0131ysan\u0131z veya karavan kullanmakla alakal\u0131 yeterli tecr\u00fcbeniz yoksa i\u00e7eri\u011fimiz tam size g\u00f6re. 1.Araban\u0131z\u0131 ve Karavan\u0131n\u0131z\u0131 &hellip;<\/p>\n","protected":false},"author":1,"featured_media":8428,"comment_status":"open","ping_status":"closed","sticky":false,"template":"","format":"standard","meta":{"footnotes":""},"categories":[33],"tags":[],"class_list":["post-11658","post","type-post","status-publish","format-standard","has-post-thumbnail","hentry","category-karavanipuclari"],"yoast_head":"<!-- This site is optimized with the Yoast SEO plugin v26.9 - https:\/\/yoast.com\/product\/yoast-seo-wordpress\/ -->\n<title>G\u00fcvenli Karavan S\u00fcrmek i\u00e7in 10 \u00c7ok \u00d6nemli \u0130pucu | Geziyoo<\/title>\n<meta name=\"description\" content=\"G\u00fcvenli Karavan S\u00fcrmek \u0130\u00e7in \u0130pu\u00e7lar\u0131 i\u00e7eri\u011fimizde G\u00fcvenli bir \u015fekilde karavan s\u00fcremenin ipu\u00e7lar\u0131n\u0131 aktaraca\u011f\u0131z.\" \/>\n<meta name=\"robots\" content=\"index, follow, max-snippet:-1, max-image-preview:large, max-video-preview:-1\" \/>\n<link rel=\"canonical\" href=\"https:\/\/geziyoo.co\/blog\/guvenli-karavan-surmek-icin-ipuclari\/\" \/>\n<meta property=\"og:locale\" content=\"tr_TR\" \/>\n<meta property=\"og:type\" content=\"article\" \/>\n<meta property=\"og:title\" content=\"G\u00fcvenli Karavan S\u00fcrmek i\u00e7in 10 \u00c7ok \u00d6nemli \u0130pucu | Geziyoo\" \/>\n<meta property=\"og:description\" content=\"G\u00fcvenli Karavan S\u00fcrmek \u0130\u00e7in \u0130pu\u00e7lar\u0131 i\u00e7eri\u011fimizde G\u00fcvenli bir \u015fekilde karavan s\u00fcremenin ipu\u00e7lar\u0131n\u0131 aktaraca\u011f\u0131z.\" \/>\n<meta property=\"og:url\" content=\"https:\/\/geziyoo.co\/blog\/guvenli-karavan-surmek-icin-ipuclari\/\" \/>\n<meta property=\"og:site_name\" content=\"Geziyoo.co\" \/>\n<meta property=\"article:publisher\" content=\"https:\/\/www.facebook.com\/Geziyooco\" \/>\n<meta property=\"article:author\" content=\"https:\/\/www.facebook.com\/geziyoo.co\" \/>\n<meta property=\"article:published_time\" content=\"2023-03-07T07:25:34+00:00\" \/>\n<meta property=\"article:modified_time\" content=\"2026-01-23T12:08:13+00:00\" \/>\n<meta property=\"og:image\" content=\"https:\/\/geziyoo.co\/blog\/wp-content\/uploads\/2021\/10\/Cekme-Karavan-Siniflari-ve-Ozellikleri-Nelerdir-1.jpg\" \/>\n\t<meta property=\"og:image:width\" content=\"800\" \/>\n\t<meta property=\"og:image:height\" content=\"533\" \/>\n\t<meta property=\"og:image:type\" content=\"image\/jpeg\" \/>\n<meta name=\"author\" content=\"Geziyoo\" \/>\n<meta name=\"twitter:card\" content=\"summary_large_image\" \/>\n<meta name=\"twitter:creator\" content=\"@https:\/\/twitter.com\/geziyoo\" \/>\n<meta name=\"twitter:site\" content=\"@geziyoo\" \/>\n<meta name=\"twitter:label1\" content=\"Yazan:\" \/>\n\t<meta name=\"twitter:data1\" content=\"Geziyoo\" \/>\n\t<meta name=\"twitter:label2\" content=\"Tahmini okuma s\u00fcresi\" \/>\n\t<meta name=\"twitter:data2\" content=\"11 dakika\" \/>\n<script type=\"application\/ld+json\" class=\"yoast-schema-graph\">{\"@context\":\"https:\/\/schema.org\",\"@graph\":[{\"@type\":\"Article\",\"@id\":\"https:\/\/geziyoo.co\/blog\/guvenli-karavan-surmek-icin-ipuclari\/#article\",\"isPartOf\":{\"@id\":\"https:\/\/geziyoo.co\/blog\/guvenli-karavan-surmek-icin-ipuclari\/\"},\"author\":{\"name\":\"Geziyoo\",\"@id\":\"https:\/\/geziyoo.co\/blog\/#\/schema\/person\/032acb2436540ed14784e7d978aef0e4\"},\"headline\":\"G\u00fcvenli Karavan S\u00fcrmek i\u00e7in 10 \u00c7ok \u00d6nemli \u0130pucu\",\"datePublished\":\"2023-03-07T07:25:34+00:00\",\"dateModified\":\"2026-01-23T12:08:13+00:00\",\"mainEntityOfPage\":{\"@id\":\"https:\/\/geziyoo.co\/blog\/guvenli-karavan-surmek-icin-ipuclari\/\"},\"wordCount\":2024,\"commentCount\":0,\"publisher\":{\"@id\":\"https:\/\/geziyoo.co\/blog\/#organization\"},\"image\":{\"@id\":\"https:\/\/geziyoo.co\/blog\/guvenli-karavan-surmek-icin-ipuclari\/#primaryimage\"},\"thumbnailUrl\":\"https:\/\/geziyoo.co\/blog\/wp-content\/uploads\/2021\/10\/Cekme-Karavan-Siniflari-ve-Ozellikleri-Nelerdir-1.jpg\",\"articleSection\":[\"Karavan \u0130pu\u00e7lar\u0131\"],\"inLanguage\":\"tr\",\"potentialAction\":[{\"@type\":\"CommentAction\",\"name\":\"Comment\",\"target\":[\"https:\/\/geziyoo.co\/blog\/guvenli-karavan-surmek-icin-ipuclari\/#respond\"]}]},{\"@type\":\"WebPage\",\"@id\":\"https:\/\/geziyoo.co\/blog\/guvenli-karavan-surmek-icin-ipuclari\/\",\"url\":\"https:\/\/geziyoo.co\/blog\/guvenli-karavan-surmek-icin-ipuclari\/\",\"name\":\"G\u00fcvenli Karavan S\u00fcrmek i\u00e7in 10 \u00c7ok \u00d6nemli \u0130pucu | Geziyoo\",\"isPartOf\":{\"@id\":\"https:\/\/geziyoo.co\/blog\/#website\"},\"primaryImageOfPage\":{\"@id\":\"https:\/\/geziyoo.co\/blog\/guvenli-karavan-surmek-icin-ipuclari\/#primaryimage\"},\"image\":{\"@id\":\"https:\/\/geziyoo.co\/blog\/guvenli-karavan-surmek-icin-ipuclari\/#primaryimage\"},\"thumbnailUrl\":\"https:\/\/geziyoo.co\/blog\/wp-content\/uploads\/2021\/10\/Cekme-Karavan-Siniflari-ve-Ozellikleri-Nelerdir-1.jpg\",\"datePublished\":\"2023-03-07T07:25:34+00:00\",\"dateModified\":\"2026-01-23T12:08:13+00:00\",\"description\":\"G\u00fcvenli Karavan S\u00fcrmek \u0130\u00e7in \u0130pu\u00e7lar\u0131 i\u00e7eri\u011fimizde G\u00fcvenli bir \u015fekilde karavan s\u00fcremenin ipu\u00e7lar\u0131n\u0131 aktaraca\u011f\u0131z.\",\"breadcrumb\":{\"@id\":\"https:\/\/geziyoo.co\/blog\/guvenli-karavan-surmek-icin-ipuclari\/#breadcrumb\"},\"inLanguage\":\"tr\",\"potentialAction\":[{\"@type\":\"ReadAction\",\"target\":[\"https:\/\/geziyoo.co\/blog\/guvenli-karavan-surmek-icin-ipuclari\/\"]}]},{\"@type\":\"ImageObject\",\"inLanguage\":\"tr\",\"@id\":\"https:\/\/geziyoo.co\/blog\/guvenli-karavan-surmek-icin-ipuclari\/#primaryimage\",\"url\":\"https:\/\/geziyoo.co\/blog\/wp-content\/uploads\/2021\/10\/Cekme-Karavan-Siniflari-ve-Ozellikleri-Nelerdir-1.jpg\",\"contentUrl\":\"https:\/\/geziyoo.co\/blog\/wp-content\/uploads\/2021\/10\/Cekme-Karavan-Siniflari-ve-Ozellikleri-Nelerdir-1.jpg\",\"width\":800,\"height\":533},{\"@type\":\"BreadcrumbList\",\"@id\":\"https:\/\/geziyoo.co\/blog\/guvenli-karavan-surmek-icin-ipuclari\/#breadcrumb\",\"itemListElement\":[{\"@type\":\"ListItem\",\"position\":1,\"name\":\"Ana sayfa\",\"item\":\"https:\/\/geziyoo.co\/blog\/\"},{\"@type\":\"ListItem\",\"position\":2,\"name\":\"G\u00fcvenli Karavan S\u00fcrmek i\u00e7in 10 \u00c7ok \u00d6nemli \u0130pucu\"}]},{\"@type\":\"WebSite\",\"@id\":\"https:\/\/geziyoo.co\/blog\/#website\",\"url\":\"https:\/\/geziyoo.co\/blog\/\",\"name\":\"Geziyoo Blog\",\"description\":\"GeziYoo Blog&#039;da T\u00fcrkiye&#039;nin en iyi kamp alanlar\u0131ndan bungalov tatillerine, karavan ipu\u00e7lar\u0131ndan gezi rehberlerine kadar her t\u00fcrl\u00fc do\u011fa deneyimini ke\u015ffedin.\",\"publisher\":{\"@id\":\"https:\/\/geziyoo.co\/blog\/#organization\"},\"potentialAction\":[{\"@type\":\"SearchAction\",\"target\":{\"@type\":\"EntryPoint\",\"urlTemplate\":\"https:\/\/geziyoo.co\/blog\/?s={search_term_string}\"},\"query-input\":{\"@type\":\"PropertyValueSpecification\",\"valueRequired\":true,\"valueName\":\"search_term_string\"}}],\"inLanguage\":\"tr\"},{\"@type\":\"Organization\",\"@id\":\"https:\/\/geziyoo.co\/blog\/#organization\",\"name\":\"Geziyoo.co\",\"url\":\"https:\/\/geziyoo.co\/blog\/\",\"logo\":{\"@type\":\"ImageObject\",\"inLanguage\":\"tr\",\"@id\":\"https:\/\/geziyoo.co\/blog\/#\/schema\/logo\/image\/\",\"url\":\"https:\/\/geziyoo.co\/blog\/wp-content\/uploads\/2025\/01\/Paragraf-metniniz-3.png\",\"contentUrl\":\"https:\/\/geziyoo.co\/blog\/wp-content\/uploads\/2025\/01\/Paragraf-metniniz-3.png\",\"width\":270,\"height\":50,\"caption\":\"Geziyoo.co\"},\"image\":{\"@id\":\"https:\/\/geziyoo.co\/blog\/#\/schema\/logo\/image\/\"},\"sameAs\":[\"https:\/\/www.facebook.com\/Geziyooco\",\"https:\/\/x.com\/geziyoo\",\"https:\/\/tr.pinterest.com\/geziyooco\/\",\"https:\/\/www.youtube.com\/@geziyoo\",\"https:\/\/www.instagram.com\/geziyoo.co\/\"]},{\"@type\":\"Person\",\"@id\":\"https:\/\/geziyoo.co\/blog\/#\/schema\/person\/032acb2436540ed14784e7d978aef0e4\",\"name\":\"Geziyoo\",\"image\":{\"@type\":\"ImageObject\",\"inLanguage\":\"tr\",\"@id\":\"https:\/\/geziyoo.co\/blog\/#\/schema\/person\/image\/\",\"url\":\"https:\/\/secure.gravatar.com\/avatar\/ae212a4514471fdb8cab6e5af4f3c99b940a2d0a16713ea0392c8d7c8a64f30a?s=96&d=mm&r=g\",\"contentUrl\":\"https:\/\/secure.gravatar.com\/avatar\/ae212a4514471fdb8cab6e5af4f3c99b940a2d0a16713ea0392c8d7c8a64f30a?s=96&d=mm&r=g\",\"caption\":\"Geziyoo\"},\"description\":\"Do\u011fa ile i\u00e7 i\u00e7e olabilece\u011finiz yerler,do\u011fa aktivite alanlar\u0131,kamp alanlar\u0131,bungalov oteller,Tiny House Oteller, Galampingler ve da\u011f evlerinin herkes i\u00e7in ula\u015f\u0131labilir olmas\u0131n\u0131 sa\u011flamak amac\u0131yla Geziyoo\u2019ya 2019 y\u0131l\u0131nda ba\u015flad\u0131k.Do\u011fal Tatil konseptini uygulayan en geni\u015f kapsaml\u0131 sitedir.\",\"sameAs\":[\"https:\/\/geziyoo.co\/\",\"https:\/\/www.facebook.com\/geziyoo.co\",\"https:\/\/www.instagram.com\/geziyoo.co\/\",\"https:\/\/tr.pinterest.com\/geziyooco\/\",\"https:\/\/x.com\/https:\/\/twitter.com\/geziyoo\",\"https:\/\/www.youtube.com\/channel\/UCdiSMa6pe17KEY7DP1Ug4ag\"]}]}<\/script>\n<!-- \/ Yoast SEO plugin. -->","yoast_head_json":{"title":"G\u00fcvenli Karavan S\u00fcrmek i\u00e7in 10 \u00c7ok \u00d6nemli \u0130pucu | Geziyoo","description":"G\u00fcvenli Karavan S\u00fcrmek \u0130\u00e7in \u0130pu\u00e7lar\u0131 i\u00e7eri\u011fimizde G\u00fcvenli bir \u015fekilde karavan s\u00fcremenin ipu\u00e7lar\u0131n\u0131 aktaraca\u011f\u0131z.","robots":{"index":"index","follow":"follow","max-snippet":"max-snippet:-1","max-image-preview":"max-image-preview:large","max-video-preview":"max-video-preview:-1"},"canonical":"https:\/\/geziyoo.co\/blog\/guvenli-karavan-surmek-icin-ipuclari\/","og_locale":"tr_TR","og_type":"article","og_title":"G\u00fcvenli Karavan S\u00fcrmek i\u00e7in 10 \u00c7ok \u00d6nemli \u0130pucu | Geziyoo","og_description":"G\u00fcvenli Karavan S\u00fcrmek \u0130\u00e7in \u0130pu\u00e7lar\u0131 i\u00e7eri\u011fimizde G\u00fcvenli bir \u015fekilde karavan s\u00fcremenin ipu\u00e7lar\u0131n\u0131 aktaraca\u011f\u0131z.","og_url":"https:\/\/geziyoo.co\/blog\/guvenli-karavan-surmek-icin-ipuclari\/","og_site_name":"Geziyoo.co","article_publisher":"https:\/\/www.facebook.com\/Geziyooco","article_author":"https:\/\/www.facebook.com\/geziyoo.co","article_published_time":"2023-03-07T07:25:34+00:00","article_modified_time":"2026-01-23T12:08:13+00:00","og_image":[{"width":800,"height":533,"url":"https:\/\/geziyoo.co\/blog\/wp-content\/uploads\/2021\/10\/Cekme-Karavan-Siniflari-ve-Ozellikleri-Nelerdir-1.jpg","type":"image\/jpeg"}],"author":"Geziyoo","twitter_card":"summary_large_image","twitter_creator":"@https:\/\/twitter.com\/geziyoo","twitter_site":"@geziyoo","twitter_misc":{"Yazan:":"Geziyoo","Tahmini okuma s\u00fcresi":"11 dakika"},"schema":{"@context":"https:\/\/schema.org","@graph":[{"@type":"Article","@id":"https:\/\/geziyoo.co\/blog\/guvenli-karavan-surmek-icin-ipuclari\/#article","isPartOf":{"@id":"https:\/\/geziyoo.co\/blog\/guvenli-karavan-surmek-icin-ipuclari\/"},"author":{"name":"Geziyoo","@id":"https:\/\/geziyoo.co\/blog\/#\/schema\/person\/032acb2436540ed14784e7d978aef0e4"},"headline":"G\u00fcvenli Karavan S\u00fcrmek i\u00e7in 10 \u00c7ok \u00d6nemli \u0130pucu","datePublished":"2023-03-07T07:25:34+00:00","dateModified":"2026-01-23T12:08:13+00:00","mainEntityOfPage":{"@id":"https:\/\/geziyoo.co\/blog\/guvenli-karavan-surmek-icin-ipuclari\/"},"wordCount":2024,"commentCount":0,"publisher":{"@id":"https:\/\/geziyoo.co\/blog\/#organization"},"image":{"@id":"https:\/\/geziyoo.co\/blog\/guvenli-karavan-surmek-icin-ipuclari\/#primaryimage"},"thumbnailUrl":"https:\/\/geziyoo.co\/blog\/wp-content\/uploads\/2021\/10\/Cekme-Karavan-Siniflari-ve-Ozellikleri-Nelerdir-1.jpg","articleSection":["Karavan \u0130pu\u00e7lar\u0131"],"inLanguage":"tr","potentialAction":[{"@type":"CommentAction","name":"Comment","target":["https:\/\/geziyoo.co\/blog\/guvenli-karavan-surmek-icin-ipuclari\/#respond"]}]},{"@type":"WebPage","@id":"https:\/\/geziyoo.co\/blog\/guvenli-karavan-surmek-icin-ipuclari\/","url":"https:\/\/geziyoo.co\/blog\/guvenli-karavan-surmek-icin-ipuclari\/","name":"G\u00fcvenli Karavan S\u00fcrmek i\u00e7in 10 \u00c7ok \u00d6nemli \u0130pucu | Geziyoo","isPartOf":{"@id":"https:\/\/geziyoo.co\/blog\/#website"},"primaryImageOfPage":{"@id":"https:\/\/geziyoo.co\/blog\/guvenli-karavan-surmek-icin-ipuclari\/#primaryimage"},"image":{"@id":"https:\/\/geziyoo.co\/blog\/guvenli-karavan-surmek-icin-ipuclari\/#primaryimage"},"thumbnailUrl":"https:\/\/geziyoo.co\/blog\/wp-content\/uploads\/2021\/10\/Cekme-Karavan-Siniflari-ve-Ozellikleri-Nelerdir-1.jpg","datePublished":"2023-03-07T07:25:34+00:00","dateModified":"2026-01-23T12:08:13+00:00","description":"G\u00fcvenli Karavan S\u00fcrmek \u0130\u00e7in \u0130pu\u00e7lar\u0131 i\u00e7eri\u011fimizde G\u00fcvenli bir \u015fekilde karavan s\u00fcremenin ipu\u00e7lar\u0131n\u0131 aktaraca\u011f\u0131z.","breadcrumb":{"@id":"https:\/\/geziyoo.co\/blog\/guvenli-karavan-surmek-icin-ipuclari\/#breadcrumb"},"inLanguage":"tr","potentialAction":[{"@type":"ReadAction","target":["https:\/\/geziyoo.co\/blog\/guvenli-karavan-surmek-icin-ipuclari\/"]}]},{"@type":"ImageObject","inLanguage":"tr","@id":"https:\/\/geziyoo.co\/blog\/guvenli-karavan-surmek-icin-ipuclari\/#primaryimage","url":"https:\/\/geziyoo.co\/blog\/wp-content\/uploads\/2021\/10\/Cekme-Karavan-Siniflari-ve-Ozellikleri-Nelerdir-1.jpg","contentUrl":"https:\/\/geziyoo.co\/blog\/wp-content\/uploads\/2021\/10\/Cekme-Karavan-Siniflari-ve-Ozellikleri-Nelerdir-1.jpg","width":800,"height":533},{"@type":"BreadcrumbList","@id":"https:\/\/geziyoo.co\/blog\/guvenli-karavan-surmek-icin-ipuclari\/#breadcrumb","itemListElement":[{"@type":"ListItem","position":1,"name":"Ana sayfa","item":"https:\/\/geziyoo.co\/blog\/"},{"@type":"ListItem","position":2,"name":"G\u00fcvenli Karavan S\u00fcrmek i\u00e7in 10 \u00c7ok \u00d6nemli \u0130pucu"}]},{"@type":"WebSite","@id":"https:\/\/geziyoo.co\/blog\/#website","url":"https:\/\/geziyoo.co\/blog\/","name":"Geziyoo Blog","description":"GeziYoo Blog&#039;da T\u00fcrkiye&#039;nin en iyi kamp alanlar\u0131ndan bungalov tatillerine, karavan ipu\u00e7lar\u0131ndan gezi rehberlerine kadar her t\u00fcrl\u00fc do\u011fa deneyimini ke\u015ffedin.","publisher":{"@id":"https:\/\/geziyoo.co\/blog\/#organization"},"potentialAction":[{"@type":"SearchAction","target":{"@type":"EntryPoint","urlTemplate":"https:\/\/geziyoo.co\/blog\/?s={search_term_string}"},"query-input":{"@type":"PropertyValueSpecification","valueRequired":true,"valueName":"search_term_string"}}],"inLanguage":"tr"},{"@type":"Organization","@id":"https:\/\/geziyoo.co\/blog\/#organization","name":"Geziyoo.co","url":"https:\/\/geziyoo.co\/blog\/","logo":{"@type":"ImageObject","inLanguage":"tr","@id":"https:\/\/geziyoo.co\/blog\/#\/schema\/logo\/image\/","url":"https:\/\/geziyoo.co\/blog\/wp-content\/uploads\/2025\/01\/Paragraf-metniniz-3.png","contentUrl":"https:\/\/geziyoo.co\/blog\/wp-content\/uploads\/2025\/01\/Paragraf-metniniz-3.png","width":270,"height":50,"caption":"Geziyoo.co"},"image":{"@id":"https:\/\/geziyoo.co\/blog\/#\/schema\/logo\/image\/"},"sameAs":["https:\/\/www.facebook.com\/Geziyooco","https:\/\/x.com\/geziyoo","https:\/\/tr.pinterest.com\/geziyooco\/","https:\/\/www.youtube.com\/@geziyoo","https:\/\/www.instagram.com\/geziyoo.co\/"]},{"@type":"Person","@id":"https:\/\/geziyoo.co\/blog\/#\/schema\/person\/032acb2436540ed14784e7d978aef0e4","name":"Geziyoo","image":{"@type":"ImageObject","inLanguage":"tr","@id":"https:\/\/geziyoo.co\/blog\/#\/schema\/person\/image\/","url":"https:\/\/secure.gravatar.com\/avatar\/ae212a4514471fdb8cab6e5af4f3c99b940a2d0a16713ea0392c8d7c8a64f30a?s=96&d=mm&r=g","contentUrl":"https:\/\/secure.gravatar.com\/avatar\/ae212a4514471fdb8cab6e5af4f3c99b940a2d0a16713ea0392c8d7c8a64f30a?s=96&d=mm&r=g","caption":"Geziyoo"},"description":"Do\u011fa ile i\u00e7 i\u00e7e olabilece\u011finiz yerler,do\u011fa aktivite alanlar\u0131,kamp alanlar\u0131,bungalov oteller,Tiny House Oteller, Galampingler ve da\u011f evlerinin herkes i\u00e7in ula\u015f\u0131labilir olmas\u0131n\u0131 sa\u011flamak amac\u0131yla Geziyoo\u2019ya 2019 y\u0131l\u0131nda ba\u015flad\u0131k.Do\u011fal Tatil konseptini uygulayan en geni\u015f kapsaml\u0131 sitedir.","sameAs":["https:\/\/geziyoo.co\/","https:\/\/www.facebook.com\/geziyoo.co","https:\/\/www.instagram.com\/geziyoo.co\/","https:\/\/tr.pinterest.com\/geziyooco\/","https:\/\/x.com\/https:\/\/twitter.com\/geziyoo","https:\/\/www.youtube.com\/channel\/UCdiSMa6pe17KEY7DP1Ug4ag"]}]}},"amp_enabled":true,"_links":{"self":[{"href":"https:\/\/geziyoo.co\/blog\/wp-json\/wp\/v2\/posts\/11658","targetHints":{"allow":["GET"]}}],"collection":[{"href":"https:\/\/geziyoo.co\/blog\/wp-json\/wp\/v2\/posts"}],"about":[{"href":"https:\/\/geziyoo.co\/blog\/wp-json\/wp\/v2\/types\/post"}],"author":[{"embeddable":true,"href":"https:\/\/geziyoo.co\/blog\/wp-json\/wp\/v2\/users\/1"}],"replies":[{"embeddable":true,"href":"https:\/\/geziyoo.co\/blog\/wp-json\/wp\/v2\/comments?post=11658"}],"version-history":[{"count":0,"href":"https:\/\/geziyoo.co\/blog\/wp-json\/wp\/v2\/posts\/11658\/revisions"}],"wp:featuredmedia":[{"embeddable":true,"href":"https:\/\/geziyoo.co\/blog\/wp-json\/wp\/v2\/media\/8428"}],"wp:attachment":[{"href":"https:\/\/geziyoo.co\/blog\/wp-json\/wp\/v2\/media?parent=11658"}],"wp:term":[{"taxonomy":"category","embeddable":true,"href":"https:\/\/geziyoo.co\/blog\/wp-json\/wp\/v2\/categories?post=11658"},{"taxonomy":"post_tag","embeddable":true,"href":"https:\/\/geziyoo.co\/blog\/wp-json\/wp\/v2\/tags?post=11658"}],"curies":[{"name":"wp","href":"https:\/\/api.w.org\/{rel}","templated":true}]}}