{"id":10735,"date":"2022-10-09T14:19:27","date_gmt":"2022-10-09T14:19:27","guid":{"rendered":"https:\/\/geziyoo.co\/blog\/?p=10735"},"modified":"2026-01-29T10:55:25","modified_gmt":"2026-01-29T10:55:25","slug":"ihsaniye-kamp-alanlari-ve-karavan-alanlari","status":"publish","type":"post","link":"https:\/\/geziyoo.co\/blog\/ihsaniye-kamp-alanlari-ve-karavan-alanlari\/","title":{"rendered":"\u0130hsaniye Geneli Tarihi ve Do\u011fa \u0130\u00e7inde 4+ Kamp Alan\u0131 (\u0130leti\u015fim ve Konum)"},"content":{"rendered":"\n<p><strong>\u0130hsaniye<\/strong>, Afyonkarahisar\u2019\u0131n kuzeyinde yer alan, t\u00fcf kayalara oyulmu\u015f binlerce y\u0131ll\u0131k yerle\u015fimleri ve peribacalar\u0131yla Kapadokya\u2019y\u0131 aratmayan b\u00fcy\u00fcleyici bir il\u00e7edir. \u00d6zellikle son y\u0131llarda restore edilerek turizme kazand\u0131r\u0131lan Ayazini K\u00f6y\u00fc ve \u00fczerinde s\u0131cak hava balonlar\u0131n\u0131n u\u00e7tu\u011fu Emre G\u00f6l\u00fc, kamp\u00e7\u0131lar ve karavanc\u0131lar i\u00e7in pop\u00fcler bir durak haline gelmi\u015ftir. Buras\u0131, g\u00fcnd\u00fcz Frig Yolu\u2019nun antik patikalar\u0131nda y\u00fcr\u00fcy\u00fcp, gece g\u00f6ky\u00fcz\u00fcndeki y\u0131ld\u0131zlar\u0131 tarihin sessizli\u011fi i\u00e7inde izleyebilece\u011finiz nadir yerlerden biridir.<\/p>\n\n\n\n<p>B\u00f6lgenin geni\u015f bir alana yay\u0131lmas\u0131 ve tarihi sit alan\u0131 olmas\u0131 nedeniyle &#8220;Emre G\u00f6l\u00fc kenar\u0131nda \u00e7ad\u0131r kurulur mu?&#8221;, &#8220;Ayazini&#8217;nde karavan park\u0131 var m\u0131?&#8221;, &#8220;Vadi i\u00e7inde g\u00fcvenlik sorunu olur mu?&#8221; sorular\u0131 ilk kez gideceklerin akl\u0131n\u0131 kurcalar. \u0130hsaniye\u2019de kamp k\u00fclt\u00fcr\u00fc, Emre G\u00f6l\u00fc \u00e7evresindeki d\u00fczenli tesisler ve vadi i\u00e7indeki &#8220;yar\u0131 vah\u015fi&#8221; do\u011fal alanlar \u00fczerinde \u015fekillenmi\u015ftir. Ayr\u0131ca Gazl\u0131g\u00f6l\u2019\u00fcn termal imkanlar\u0131na yak\u0131n olmas\u0131, k\u0131\u015f kamp\u00e7\u0131lar\u0131 i\u00e7in de b\u00fcy\u00fck avantajd\u0131r.<\/p>\n\n\n\n<p>Biz Geziyoo olarak, bu tarihi co\u011frafyadaki ke\u015ffinizde arac\u0131lar\u0131 tamamen aradan \u00e7\u0131kard\u0131k ve \u0130hsaniye\u2019nin en \u00f6zel kamp rehberini haz\u0131rlad\u0131k. Listemizde hem <strong>hi\u00e7bir \u00fccret \u00f6demeden<\/strong> G\u00f6yn\u00fc\u015f Vadisi\u2019nin mistik atmosferinde Aslanta\u015f\u2019a kar\u015f\u0131 kalabilece\u011finiz do\u011fal alanlar\u0131, hem de <strong>elektrik, tuvalet, restoran ve tekne turu<\/strong> imkan\u0131 sunan Emre G\u00f6l\u00fc Sosyal Tesisleri gibi noktalar\u0131 bir araya getirdik. Sizi i\u015fletme yetkilileriyle veya yerel rehberlerle <strong>do\u011frudan g\u00f6r\u00fc\u015ft\u00fcren<\/strong>, gitmeden \u00f6nce etkinlik ve doluluk bilgisini <strong>teyit etmenizi sa\u011flayan<\/strong> telefon numaralar\u0131n\u0131 i\u00e7eri\u011fimize ekledik.<\/p>\n\n\n\n<p>\u0130ster s\u0131rt \u00e7antan\u0131z\u0131 al\u0131p <strong>G\u00f6yn\u00fc\u015f Vadisi&#8217;nde<\/strong> krallar\u0131n izini s\u00fcr\u00fcn, ister karavan\u0131n\u0131zla <strong>Emre G\u00f6l\u00fc&#8217;nde<\/strong> balon manzaras\u0131na uyan\u0131n; yola \u00e7\u0131kmadan \u00f6nce listedeki numaralardan bilgi almay\u0131 unutmay\u0131n. \u0130\u015fte \u0130hsaniye\u2019nin en sevilen 4 kamp dura\u011f\u0131:<\/p>\n\n\n\n<p>\u0130hsaniye haricinde ki di\u011fer kamp alanlar\u0131 i\u00e7in &nbsp;<strong><em><a href=\"https:\/\/geziyoo.co\/blog\/afyon-kamp-alanlari-ve-karavan-alanlari\/\" data-type=\"post\" data-id=\"7141\">Afyon Kamp Alanlar\u0131<\/a> i\u00e7eri\u011fimizi <\/em><\/strong><em>veya<\/em><strong><em> <a href=\"https:\/\/geziyoo.co\/blog\/afyon-kamp-alanlari-haritasi\/\" data-type=\"post\" data-id=\"7138\">Afyon Kamp Alanlar\u0131 Haritam\u0131za<\/a> g\u00f6z atabilirsiniz<\/em><\/strong>.Unuttu\u011fumuz veya bilmedi\u011fimiz&nbsp;<strong>\u00c7ad\u0131r ve Karavan Kamp alan\u0131<\/strong>&nbsp;var ise l\u00fctfen yorumlar k\u0131sm\u0131ndan bizlerle payla\u015fs\u0131n.Sizlerde unuttu\u011fumuz Karavan Kamp alanlar\u0131n\u0131 yorumlar k\u0131sm\u0131ndan bizlerle payla\u015fabilirsiniz.<\/p>\n\n\n\n<p>Unutmadan \u0130hsaniye haricinde Kamp Alan\u0131, Bungalov veya Da\u011f evi ar\u0131yorsan\u0131z ,&nbsp;<a rel=\"noreferrer noopener\" href=\"https:\/\/geziyoo.co\/?select=Karavan+Kamp%C4%B1&amp;lp_s_loc=&amp;lp_s_tag=&amp;lp_s_cat=229&amp;s=home&amp;post_type=listing\" target=\"_blank\"><em><strong>500\u2019den fazla Kamp ve Karavan Yeri<\/strong>&nbsp;<\/em><\/a>sayfam\u0131za bakman\u0131z\u0131 tavsiye diyoruz.<\/p>\n\n\n\n<hr class=\"wp-block-separator has-css-opacity is-style-wide\"\/>\n\n\n\n<h2 class=\"wp-block-heading\">1.Ayazini Kasabas\u0131 Kamp Alan\u0131<\/h2>\n\n\n\n<figure class=\"wp-block-image\"><img decoding=\"async\" width=\"1024\" height=\"576\" data-src=\"https:\/\/geziyoo.co\/blog\/wp-content\/uploads\/2021\/06\/Ayazini-Kasabasi-Kamp-Alani-1.jpg\" alt=\"\u0130hsaniye Kamp Alanlar\u0131 \" class=\"wp-image-7158 lazyload\" title=\"Afyon Kamp Alanlar\u0131 ve Karavan Alanlar\u0131 8\" data-srcset=\"https:\/\/geziyoo.co\/blog\/wp-content\/uploads\/2021\/06\/Ayazini-Kasabasi-Kamp-Alani-1.jpg 1024w, https:\/\/geziyoo.co\/blog\/wp-content\/uploads\/2021\/06\/Ayazini-Kasabasi-Kamp-Alani-1-300x169.jpg 300w, https:\/\/geziyoo.co\/blog\/wp-content\/uploads\/2021\/06\/Ayazini-Kasabasi-Kamp-Alani-1-768x432.jpg 768w, https:\/\/geziyoo.co\/blog\/wp-content\/uploads\/2021\/06\/Ayazini-Kasabasi-Kamp-Alani-1-390x220.jpg 390w\" data-sizes=\"(max-width: 1024px) 100vw, 1024px\" src=\"data:image\/gif;base64,R0lGODlhAQABAAAAACH5BAEKAAEALAAAAAABAAEAAAICTAEAOw==\" style=\"--smush-placeholder-width: 1024px; --smush-placeholder-aspect-ratio: 1024\/576;\" \/><figcaption class=\"wp-element-caption\">\u0130hsaniye Kamp Alanlar\u0131 \u2013 Ayazini Kasabas\u0131 Kamp Alan\u0131<\/figcaption><\/figure>\n\n\n\n<p><strong>Afyonkarahisar<\/strong>&#8216;\u0131n e\u015fsiz do\u011fal g\u00fczellikleriyle \u00f6ne \u00e7\u0131kan <strong>\u0130hsaniye<\/strong> il\u00e7esinde yer alan <strong>Ayazini Kasabas\u0131<\/strong>, do\u011fa ile i\u00e7 i\u00e7e kamp yapmak isteyenler i\u00e7in vazge\u00e7ilmez bir destinasyon haline geldi. \u00d6zellikle macera tutkunlar\u0131 ve do\u011fa severler i\u00e7in e\u015fsiz bir deneyim sunan Ayazini, \u00f6zg\u00fcn yap\u0131s\u0131yla dikkat \u00e7ekiyor.<\/p>\n\n\n\n<p>Ayazini Kasabas\u0131 kamp alan\u0131, <strong>tamamen \u00fccretsiz<\/strong> olmas\u0131yla kamp\u00e7\u0131lar i\u00e7in b\u00fcy\u00fck bir avantaj sa\u011fl\u0131yor. Do\u011fal g\u00fczellikleriyle \u00e7evrili bu alanda, \u00e7ad\u0131r veya karavan\u0131n\u0131zla konaklayarak huzurlu ve sakin bir tatil yapabilirsiniz. Kamp alan\u0131nda, do\u011fan\u0131n seslerini dinleyerek ve y\u0131ld\u0131zlar\u0131n alt\u0131nda uyuyarak stresli \u015fehir hayat\u0131ndan uzakla\u015fabilirsiniz.<\/p>\n\n\n\n<p>Afyon \u015fehir merkezine yakla\u015f\u0131k 30 km uzakl\u0131kta bulunan Ayazini Kasabas\u0131 kamp alan\u0131, <strong>do\u011fa kamp\u0131<\/strong> yapmak isteyenler i\u00e7in ideal bir konumda yer al\u0131yor. Etraf\u0131 yemye\u015fil ormanlarla \u00e7evrili olan kamp alan\u0131nda, y\u00fcr\u00fcy\u00fc\u015f yapabilir, do\u011fa foto\u011fraf\u00e7\u0131l\u0131\u011f\u0131 yapabilir veya kamp ate\u015finde keyifli vakit ge\u00e7irebilirsiniz.<\/p>\n\n\n\n<p>Ayazini Kasabas\u0131 kamp alan\u0131nda, <strong>tuvalet, elektrik, du\u015f gibi temel kamp olanaklar\u0131 bulunmamaktad\u0131r<\/strong>. Bu nedenle kamp alan\u0131na gelmeden \u00f6nce t\u00fcm ihtiya\u00e7lar\u0131n\u0131z\u0131 kar\u015f\u0131laman\u0131z \u00f6nerilir. Kamp alan\u0131nda su kayna\u011f\u0131 da bulunmad\u0131\u011f\u0131ndan, yan\u0131n\u0131zda yeterli miktarda su bulundurman\u0131z \u00f6nemlidir.<\/p>\n\n\n\n<h3 class=\"wp-block-heading\">B\u00f6lgede Neler Yap\u0131labilir?<\/h3>\n\n\n\n<p>Ayazini Kasabas\u0131 ve \u00e7evresinde yapabilece\u011finiz bir\u00e7ok aktivite bulunmaktad\u0131r. Bunlardan baz\u0131lar\u0131:<\/p>\n\n\n\n<ul class=\"wp-block-list\">\n<li><strong>Do\u011fa y\u00fcr\u00fcy\u00fc\u015fleri:<\/strong> Etraf\u0131 yemye\u015fil ormanlarla \u00e7evrili olan Ayazini&#8217;de, farkl\u0131 zorluk seviyelerindeki y\u00fcr\u00fcy\u00fc\u015f rotalar\u0131n\u0131 ke\u015ffedebilirsiniz.<\/li>\n\n\n\n<li><strong>Do\u011fa foto\u011fraf\u00e7\u0131l\u0131\u011f\u0131:<\/strong> B\u00f6lgenin e\u015fsiz do\u011fal g\u00fczelliklerini foto\u011fraflayarak unutulmaz an\u0131lar biriktirebilirsiniz.<\/li>\n\n\n\n<li><strong>Kamp ate\u015fi:<\/strong> Ak\u015famlar\u0131 kamp ate\u015finde sohbet ederek ve mangal yaparak keyifli vakit ge\u00e7irebilirsiniz.<\/li>\n\n\n\n<li><strong>\u00c7evre k\u00f6yleri ziyaret:<\/strong> Ayazini \u00e7evresindeki k\u00f6yleri ziyaret ederek y\u00f6resel \u00fcr\u00fcnleri tadabilir ve yerel halkla tan\u0131\u015fabilirsiniz..<\/li>\n<\/ul>\n\n\n\n<hr class=\"wp-block-separator has-css-opacity is-style-wide\"\/>\n\n\n\n<ul class=\"wp-block-list\">\n<li><strong>Ayazini Kasabas\u0131 Kamp Alan\u0131 Adres<\/strong>&nbsp;:&nbsp;Fatih 03372 Ayazini\/\u0130hsaniye\/Afyonkarahisar<\/li>\n\n\n\n<li><strong>Ayazini Kasabas\u0131 Kamp Alan\u0131 Telefon<\/strong>&nbsp;: \u2014<\/li>\n\n\n\n<li><strong>Ayazini Kasabas\u0131 Kamp Alan\u0131 Detayl\u0131 Bilgi :<\/strong>&nbsp;<a href=\"https:\/\/geziyoo.co\/listing\/ayazini-kasabasi-kamp-alani\/\"><em><strong>Ayazini Kasabas\u0131 Kamp Alan\u0131&nbsp;Tan\u0131t\u0131m\u0131<\/strong><\/em><\/a><\/li>\n\n\n\n<li><strong>Ayazini Kasabas\u0131 Kamp Alan\u0131 Konumu:<\/strong>&nbsp;<a href=\"https:\/\/www.google.com\/maps?daddr=39.01789884484685,30.567010188940237\" target=\"_blank\" rel=\"noreferrer noopener\"><em><strong>Konum&nbsp;<\/strong><\/em><\/a>ba\u011flant\u0131s\u0131na t\u0131klay\u0131n<\/li>\n<\/ul>\n\n\n\n<hr class=\"wp-block-separator has-css-opacity is-style-wide\"\/>\n\n\n\n<h2 class=\"wp-block-heading\">2.Frig Vadisi Kamp Alan\u0131<\/h2>\n\n\n\n<figure class=\"wp-block-image\"><img decoding=\"async\" width=\"1024\" height=\"576\" data-src=\"https:\/\/geziyoo.co\/blog\/wp-content\/uploads\/2021\/06\/Frig-Vadisi-Kamp-Alani-4-1024x576.jpg\" alt=\"Frig Vadisi Kamp Alani 4\" class=\"wp-image-7154 lazyload\" title=\"Afyon Kamp Alanlar\u0131 ve Karavan Alanlar\u0131 6\" data-srcset=\"https:\/\/geziyoo.co\/blog\/wp-content\/uploads\/2021\/06\/Frig-Vadisi-Kamp-Alani-4-1024x576.jpg 1024w, https:\/\/geziyoo.co\/blog\/wp-content\/uploads\/2021\/06\/Frig-Vadisi-Kamp-Alani-4-300x169.jpg 300w, https:\/\/geziyoo.co\/blog\/wp-content\/uploads\/2021\/06\/Frig-Vadisi-Kamp-Alani-4-768x432.jpg 768w, https:\/\/geziyoo.co\/blog\/wp-content\/uploads\/2021\/06\/Frig-Vadisi-Kamp-Alani-4-390x220.jpg 390w, https:\/\/geziyoo.co\/blog\/wp-content\/uploads\/2021\/06\/Frig-Vadisi-Kamp-Alani-4.jpg 1200w\" data-sizes=\"(max-width: 1024px) 100vw, 1024px\" src=\"data:image\/gif;base64,R0lGODlhAQABAAAAACH5BAEKAAEALAAAAAABAAEAAAICTAEAOw==\" style=\"--smush-placeholder-width: 1024px; --smush-placeholder-aspect-ratio: 1024\/576;\" \/><figcaption class=\"wp-element-caption\">\u0130hsaniye Kamp Alanlar\u0131 \u2013 Frig Vadisi Kamp Alan\u0131<\/figcaption><\/figure>\n\n\n\n<p><strong>Afyonkarahisar<\/strong>&#8216;\u0131n e\u015fsiz do\u011fal ve tarihi zenginliklerine sahip <strong>Frig Vadisi<\/strong>, kamp severler i\u00e7in vazge\u00e7ilmez rotalardan biri haline geldi. Hem \u00e7ad\u0131r hem de karavan kamp\u0131 i\u00e7in son derece uygun olan bu vadi, Afyon&#8217;un en pop\u00fcler kamp alanlar\u0131ndan biri olma \u00f6zelli\u011fini ta\u015f\u0131yor.<\/p>\n\n\n\n<p>Frig Vadisi, sadece do\u011fal g\u00fczellikleriyle de\u011fil, ayn\u0131 zamanda binlerce y\u0131ll\u0131k tarihiyle de ziyaret\u00e7ilerini b\u00fcy\u00fcl\u00fcyor. Friglerin yerle\u015fim yerleri, kaya mezarlar\u0131 ve tap\u0131naklar\u0131 gibi tarihi kal\u0131nt\u0131lar, vadiye ayr\u0131 bir atmosfer kat\u0131yor. Kamp yaparken bu tarihi yap\u0131lar\u0131 ke\u015ffetmek, size unutulmaz bir deneyim ya\u015fatacak.<\/p>\n\n\n\n<p>Frig Vadisi, kamp\u00e7\u0131lara olduk\u00e7a konforlu bir deneyim sunuyor. Vadi \u00e7evresinde yer alan i\u015fletmeler sayesinde, tuvalet, du\u015f, elektrik gibi temel ihtiya\u00e7lar\u0131n\u0131z\u0131 kolayl\u0131kla kar\u015f\u0131layabilirsiniz. Ayr\u0131ca bu i\u015fletmelerde yiyecek ve i\u00e7ecek ihtiya\u00e7lar\u0131n\u0131z\u0131 da giderebilirsiniz. B\u00f6lgede bulunan restoranlar ve marketler sayesinde, kamp alan\u0131ndan ayr\u0131lmadan t\u00fcm ihtiya\u00e7lar\u0131n\u0131z\u0131 kar\u015f\u0131layabilirsiniz.<\/p>\n\n\n\n<h3 class=\"wp-block-heading\">Neden Frig Vadisi?<\/h3>\n\n\n\n<ul class=\"wp-block-list\">\n<li><strong>Tarihi ve Do\u011fal G\u00fczellikler:<\/strong> Frig Vadisi, hem tarihi hem de do\u011fal g\u00fczellikleriyle ziyaret\u00e7ilerini b\u00fcy\u00fcl\u00fcyor.<\/li>\n\n\n\n<li><strong>Kamp Olanaklar\u0131:<\/strong> Vadi \u00e7evresinde bulunan i\u015fletmeler sayesinde, kamp\u00e7\u0131lar i\u00e7in gerekli t\u00fcm olanaklar bulunuyor.<\/li>\n\n\n\n<li><strong>Ula\u015f\u0131m Kolayl\u0131\u011f\u0131:<\/strong> Afyon&#8217;a ula\u015f\u0131m kolay oldu\u011fu i\u00e7in, vadiye ula\u015fmak da olduk\u00e7a kolay.<\/li>\n\n\n\n<li><strong>Aktivite Olanaklar\u0131:<\/strong> Y\u00fcr\u00fcy\u00fc\u015f, do\u011fa foto\u011fraf\u00e7\u0131l\u0131\u011f\u0131, tarihi yerleri ziyaret gibi bir\u00e7ok aktivite se\u00e7ene\u011fi bulunuyor.<\/li>\n<\/ul>\n\n\n\n<hr class=\"wp-block-separator has-css-opacity is-style-wide\"\/>\n\n\n\n<ul class=\"wp-block-list\">\n<li><strong>Frig Vadisi Kamp Alan\u0131 Adres<\/strong>&nbsp;:&nbsp;03372 Ayazini\/\u0130hsaniye\/Afyonkarahisar<\/li>\n\n\n\n<li><strong>Frig Vadisi Kamp Alan\u0131 Telefon<\/strong>&nbsp;: \u2014<\/li>\n\n\n\n<li><strong>Frig Vadisi Kamp Alan\u0131 Detayl\u0131 Bilgi :<\/strong>&nbsp;<a href=\"https:\/\/geziyoo.co\/listing\/frig-vadisi-kamp-alani\/\"><strong>Frig Vadisi Kamp Alan\u0131<\/strong><em><strong>Tan\u0131t\u0131m\u0131<\/strong><\/em><\/a><\/li>\n\n\n\n<li><strong>Frig Vadisi Kamp Alan\u0131 Konumu:<\/strong>&nbsp;<a href=\"https:\/\/www.google.com\/maps?daddr=39.02675162048509,30.55893485305774\" target=\"_blank\" rel=\"noreferrer noopener\"><em><strong>Konum<\/strong>&nbsp;<\/em><\/a>ba\u011flant\u0131s\u0131na t\u0131klay\u0131n<\/li>\n<\/ul>\n\n\n\n<hr class=\"wp-block-separator has-css-opacity is-style-wide\"\/>\n\n\n\n<h2 class=\"wp-block-heading\">3.Emre G\u00f6l\u00fc Kamp Alan\u0131<\/h2>\n\n\n\n<figure class=\"wp-block-image\"><img decoding=\"async\" width=\"1024\" height=\"657\" data-src=\"https:\/\/geziyoo.co\/blog\/wp-content\/uploads\/2021\/06\/Eber-Golu-Kamp-Alani-3-1024x657.jpg\" alt=\"Eber Golu Kamp Alani 3\" class=\"wp-image-7156 lazyload\" title=\"Afyon Kamp Alanlar\u0131 ve Karavan Alanlar\u0131 7\" data-srcset=\"https:\/\/geziyoo.co\/blog\/wp-content\/uploads\/2021\/06\/Eber-Golu-Kamp-Alani-3-1024x657.jpg 1024w, https:\/\/geziyoo.co\/blog\/wp-content\/uploads\/2021\/06\/Eber-Golu-Kamp-Alani-3-300x193.jpg 300w, https:\/\/geziyoo.co\/blog\/wp-content\/uploads\/2021\/06\/Eber-Golu-Kamp-Alani-3-768x493.jpg 768w, https:\/\/geziyoo.co\/blog\/wp-content\/uploads\/2021\/06\/Eber-Golu-Kamp-Alani-3.jpg 1200w\" data-sizes=\"(max-width: 1024px) 100vw, 1024px\" src=\"data:image\/gif;base64,R0lGODlhAQABAAAAACH5BAEKAAEALAAAAAABAAEAAAICTAEAOw==\" style=\"--smush-placeholder-width: 1024px; --smush-placeholder-aspect-ratio: 1024\/657;\" \/><figcaption class=\"wp-element-caption\">Afyon Kamp Alanlar\u0131 \u2013 Eber G\u00f6l\u00fc Kamp Alan\u0131<\/figcaption><\/figure>\n\n\n\n<p><strong>Afyonkarahisar<\/strong>&#8216;\u0131n \u0130hsaniye il\u00e7esinde yer alan <strong>Emre G\u00f6l\u00fc<\/strong>, hem do\u011fal g\u00fczellikleri hem de tarihi dokusuyla kamp severlerin g\u00f6zdesi haline geldi. <strong>Frig Vadisi<\/strong>&#8216;nin kalbinde yer alan bu g\u00f6l, \u00fccretsiz olmas\u0131 ve kamp\u00e7\u0131lara sundu\u011fu olanaklarla dikkat \u00e7ekiyor.<\/p>\n\n\n\n<p><strong>Emre G\u00f6l\u00fc<\/strong> kamp alan\u0131, hem \u00e7ad\u0131r hem de karavan kamp\u0131 i\u00e7in son derece uygun bir ortam sunuyor. G\u00f6l\u00fcn berrak sular\u0131 ve \u00e7evresindeki yemye\u015fil do\u011fa, kamp\u00e7\u0131lara huzurlu ve dinlendirici bir atmosfer sunuyor. Afyon \u015fehir merkezine yakla\u015f\u0131k 50 kilometre uzakl\u0131kta olmas\u0131, do\u011fa ile ba\u015f ba\u015fa kalmak isteyenler i\u00e7in ideal bir konum.<\/p>\n\n\n\n<p>Emre G\u00f6l\u00fc k\u0131y\u0131s\u0131nda bulunan restoranda, s\u0131cak ve so\u011fuk i\u00e7eceklerin yan\u0131 s\u0131ra \u00e7e\u015fitli yemekleri tadabilirsiniz. Restoranda ayr\u0131ca elektrik ve tuvalet gibi temel ihtiya\u00e7lar\u0131n\u0131z\u0131 da kar\u015f\u0131layabilirsiniz.<\/p>\n\n\n\n<p>Emre G\u00f6l\u00fc, <strong>Frig Vadisi<\/strong>&#8216;nin \u00f6nemli bir par\u00e7as\u0131. G\u00f6l\u00fcn \u00e7evresinde Frig d\u00f6neminden kalma kaya mezarlar\u0131, tap\u0131naklar ve yerle\u015fim yerleri bulunuyor. Kamp yaparken bu tarihi yap\u0131lar\u0131 ke\u015ffetmek, size unutulmaz bir deneyim ya\u015fatacak.<\/p>\n\n\n\n<h3 class=\"wp-block-heading\">Neden Emre G\u00f6l\u00fc?<\/h3>\n\n\n\n<ul class=\"wp-block-list\">\n<li><strong>\u00dccretsiz Kamp Alan\u0131:<\/strong> B\u00fct\u00e7e dostu bir tatil i\u00e7in ideal.<\/li>\n\n\n\n<li><strong>Do\u011fal G\u00fczellikler:<\/strong> G\u00f6l\u00fcn berrak sular\u0131 ve \u00e7evresindeki yemye\u015fil do\u011fa, huzurlu bir atmosfer sunuyor.<\/li>\n\n\n\n<li><strong>Tarihi Doku:<\/strong> Frig Vadisi&#8217;nin tarihi yap\u0131lar\u0131, kamp deneyiminizi zenginle\u015ftiriyor.<\/li>\n\n\n\n<li><strong>Olanaklar:<\/strong> Restoranda yemek yiyebilir, elektrik ve tuvalet ihtiya\u00e7lar\u0131n\u0131z\u0131 giderebilirsiniz.<\/li>\n<\/ul>\n\n\n\n<hr class=\"wp-block-separator has-css-opacity is-style-wide\"\/>\n\n\n\n<ul class=\"wp-block-list\">\n<li><strong>Eber G\u00f6l\u00fc Kamp Alan\u0131 Adres<\/strong>&nbsp;:&nbsp;Eber G\u00f6l\u00fc \/ Afyon<\/li>\n\n\n\n<li><strong>Eber G\u00f6l\u00fc Kamp Alan\u0131 Telefon<\/strong>&nbsp;: \u2014<\/li>\n\n\n\n<li><strong>Eber G\u00f6l\u00fc Kamp Alan\u0131 Detayl\u0131 Bilgi :<\/strong>&nbsp;<a href=\"https:\/\/geziyoo.co\/listing\/eber-golu-kamp-alani\/\"><em><strong>Eber G\u00f6l\u00fc Kamp Alan\u0131Tan\u0131t\u0131m\u0131<\/strong><\/em><\/a><\/li>\n\n\n\n<li><strong>Eber G\u00f6l\u00fc Kamp Alan\u0131 Konumu:<\/strong>&nbsp;<a href=\"https:\/\/www.google.com\/maps?daddr=38.674224474113274,31.15594226236406\" target=\"_blank\" rel=\"noreferrer noopener\"><em><strong>Konum<\/strong>&nbsp;<\/em><\/a>ba\u011flant\u0131s\u0131na t\u0131klay\u0131n<\/li>\n<\/ul>\n\n\n\n<hr class=\"wp-block-separator has-css-opacity is-style-wide\"\/>\n\n\n\n<h2 class=\"wp-block-heading\">4.G\u00f6yn\u00fc\u015f Vadisi Kamp Alan\u0131<\/h2>\n\n\n\n<figure class=\"wp-block-image size-large\"><img decoding=\"async\" width=\"800\" height=\"533\" data-src=\"https:\/\/geziyoo.co\/blog\/wp-content\/uploads\/2022\/10\/Goynus-Vadisi-Kamp-Alani-1.jpg\" alt=\"\" class=\"wp-image-10738 lazyload\" data-srcset=\"https:\/\/geziyoo.co\/blog\/wp-content\/uploads\/2022\/10\/Goynus-Vadisi-Kamp-Alani-1.jpg 800w, https:\/\/geziyoo.co\/blog\/wp-content\/uploads\/2022\/10\/Goynus-Vadisi-Kamp-Alani-1-300x200.jpg 300w, https:\/\/geziyoo.co\/blog\/wp-content\/uploads\/2022\/10\/Goynus-Vadisi-Kamp-Alani-1-768x512.jpg 768w\" data-sizes=\"(max-width: 800px) 100vw, 800px\" src=\"data:image\/gif;base64,R0lGODlhAQABAAAAACH5BAEKAAEALAAAAAABAAEAAAICTAEAOw==\" style=\"--smush-placeholder-width: 800px; --smush-placeholder-aspect-ratio: 800\/533;\" \/><\/figure>\n\n\n\n<p><strong>\u0130hsaniye Kamp Alanlar\u0131<\/strong> i\u00e7eri\u011fimizin 4.s\u0131ras\u0131nda G\u00f6yn\u00fc\u015f Vadisi Kamp Alan\u0131 bulunmakta.<strong>Afyonkarahisar<\/strong>&#8216;\u0131n \u0130hsaniye il\u00e7esinde yer alan <strong>G\u00f6yn\u00fc\u015f Vadisi<\/strong>, do\u011fa sporlar\u0131 tutkunlar\u0131 ve maceraperestler i\u00e7in e\u015fsiz bir deneyim sunuyor. \u0130l\u00e7e merkezine 10 kilometre, \u015fehir merkezine ise 40 kilometre uzakl\u0131kta bulunan bu vadi, hem \u00fccretsiz hem de \u00fccretli kamp alanlar\u0131yla kamp severleri a\u011f\u0131rl\u0131yor.<\/p>\n\n\n\n<p>G\u00f6yn\u00fc\u015f Vadisi, yemye\u015fil do\u011fas\u0131, serin sular\u0131 ve heyecan verici do\u011fa parkurlar\u0131yla kamp\u00e7\u0131lara unutulmaz anlar ya\u015fat\u0131yor. \u00d6zellikle trekking, da\u011f bisikleti, rafting gibi aktiviteler i\u00e7in olduk\u00e7a uygun olan vadi, adrenalini y\u00fcksek bir tatil yapmak isteyenler i\u00e7in ideal.<\/p>\n\n\n\n<p>G\u00f6yn\u00fc\u015f Vadisi&#8217;nde hem \u00e7ad\u0131r hem de karavan kamp\u0131 yapabilirsiniz. Vadi i\u00e7erisinde bulunan kamp alanlar\u0131nda, kamp\u00e7\u0131lar\u0131n ihtiya\u00e7lar\u0131n\u0131 kar\u015f\u0131layacak bir\u00e7ok imkan bulunuyor. Tuvalet, du\u015f, market, restoran gibi temel ihtiya\u00e7lar\u0131n\u0131z\u0131 giderebilece\u011finiz yerler mevcut. \u00dccretli kamp alanlar\u0131nda ise genellikle daha fazla imkan ve hizmet sunuluyor.<\/p>\n\n\n\n<h3 class=\"wp-block-heading\">Neden G\u00f6yn\u00fc\u015f Vadisi?<\/h3>\n\n\n\n<ul class=\"wp-block-list\">\n<li><strong>Do\u011fa Sporlar\u0131:<\/strong> Trekking, da\u011f bisikleti, rafting gibi bir\u00e7ok aktivite i\u00e7in ideal.<\/li>\n\n\n\n<li><strong>Kamp Olanaklar\u0131:<\/strong> Hem \u00fccretsiz hem de \u00fccretli kamp alanlar\u0131 mevcut.<\/li>\n\n\n\n<li><strong>Do\u011fal G\u00fczellikler:<\/strong> Yemye\u015fil do\u011fas\u0131 ve serin sular\u0131 ile huzurlu bir atmosfer sunuyor.<\/li>\n\n\n\n<li><strong>Ula\u015f\u0131m Kolayl\u0131\u011f\u0131:<\/strong> \u0130l\u00e7e merkezine yak\u0131n olmas\u0131 ula\u015f\u0131m\u0131 kolayla\u015ft\u0131r\u0131yor.<\/li>\n<\/ul>\n\n\n\n<hr class=\"wp-block-separator has-css-opacity is-style-wide\"\/>\n\n\n\n<ul class=\"wp-block-list\">\n<li><strong>G\u00f6yn\u00fc\u015f Vadisi Kamp Alan\u0131 Adres<\/strong>&nbsp;:&nbsp;Ye\u015filyayla, 03370 Ayazini\/\u0130hsaniye\/Afyonkarahisar<\/li>\n\n\n\n<li><strong>G\u00f6yn\u00fc\u015f Vadisi Kamp Alan\u0131 Telefon<\/strong>&nbsp;: \u2014<\/li>\n\n\n\n<li><strong>G\u00f6yn\u00fc\u015f Vadisi Kamp Alan\u0131 Detayl\u0131 Bilgi :<\/strong>&nbsp;<a href=\"https:\/\/geziyoo.co\/listing\/goynus-vadisi-kamp-alani\/\"><em><strong>G\u00f6yn\u00fc\u015f Vadisi Kamp Alan\u0131<\/strong><\/em> <em><strong>Tan\u0131t\u0131m\u0131<\/strong><\/em><\/a><\/li>\n\n\n\n<li><strong>G\u00f6yn\u00fc\u015f Vadisi Kamp Alan\u0131 Konumu:<\/strong>&nbsp;<a href=\"https:\/\/goo.gl\/maps\/6854pi57vZGLhHK96\" target=\"_blank\" rel=\"noreferrer noopener\"><em><strong>Konum<\/strong>&nbsp;<\/em><\/a>ba\u011flant\u0131s\u0131na t\u0131klay\u0131n<\/li>\n<\/ul>\n\n\n\n<hr class=\"wp-block-separator has-css-opacity is-style-wide\"\/>\n\n\n\n<p>Bir i\u00e7eri\u011fimizin daha sonuna geldik sizlere Afyon \u0130hsaniye&#8217;de kamp yapabilece\u011finiz \u00fccretli ve \u00fccretsiz kamp alanlar\u0131n\u0131 aktard\u0131k.Umar\u0131z i\u00e7eri\u011fimiz sizlere faydal\u0131 olabilmi\u015ftir.Bu kamp alanlar\u0131 ile ilgili detayl\u0131 bilgiler i\u00e7in&nbsp;<strong><em><a href=\"https:\/\/geziyoo.co\/location\/afyon-dogal-tatil-yerleri\/\">AFYON KAMP L\u0130STES\u0130<\/a>&nbsp;<\/em><\/strong>sayfam\u0131za da bakman\u0131z\u0131 tavsiye eder g\u00fczel bir kamp ge\u00e7irmenizi dileriz.<\/p>\n\n\n\n<hr class=\"wp-block-separator has-alpha-channel-opacity is-style-wide\"\/>\n\n\n\n<h3 class=\"wp-block-heading\">Bunlar\u0131 da Sevebilirsiniz;<\/h3>\n\n\n<ul class=\"wp-block-latest-posts__list wp-block-latest-posts\"><li><a class=\"wp-block-latest-posts__post-title\" href=\"https:\/\/geziyoo.co\/blog\/batman-kamp-alanlari\/\">Batman ve \u00c7evresi Do\u011fa \u0130\u00e7inde 4 Kamp Noktas\u0131 (Konum ve \u0130pu\u00e7lar\u0131)<\/a><\/li>\n<li><a class=\"wp-block-latest-posts__post-title\" href=\"https:\/\/geziyoo.co\/blog\/ayder-yaylasi-kamp-alanlari-ve-karavan-alanlari\/\">Ayder Yaylas\u0131 ve \u00c7evresi 2 Kamp Noktas\u0131 (Konum ve \u0130pu\u00e7lar\u0131)<\/a><\/li>\n<li><a class=\"wp-block-latest-posts__post-title\" href=\"https:\/\/geziyoo.co\/blog\/ardesen-kamp-alanlari-ve-karavan-alanlari\/\">Arde\u015fen ve F\u0131rt\u0131na Vadisi Giri\u015fi 5 Kamp Noktas\u0131 (Konum ve \u0130pu\u00e7lar\u0131)<\/a><\/li>\n<\/ul>","protected":false},"excerpt":{"rendered":"<p>\u0130hsaniye, Afyonkarahisar\u2019\u0131n kuzeyinde yer alan, t\u00fcf kayalara oyulmu\u015f binlerce y\u0131ll\u0131k yerle\u015fimleri ve peribacalar\u0131yla Kapadokya\u2019y\u0131 aratmayan b\u00fcy\u00fcleyici bir il\u00e7edir. \u00d6zellikle son y\u0131llarda restore edilerek turizme kazand\u0131r\u0131lan Ayazini K\u00f6y\u00fc ve \u00fczerinde s\u0131cak hava balonlar\u0131n\u0131n u\u00e7tu\u011fu Emre G\u00f6l\u00fc, kamp\u00e7\u0131lar ve karavanc\u0131lar i\u00e7in pop\u00fcler bir durak haline gelmi\u015ftir. Buras\u0131, g\u00fcnd\u00fcz Frig Yolu\u2019nun antik patikalar\u0131nda y\u00fcr\u00fcy\u00fcp, gece g\u00f6ky\u00fcz\u00fcndeki y\u0131ld\u0131zlar\u0131 tarihin &hellip;<\/p>\n","protected":false},"author":1,"featured_media":10742,"comment_status":"open","ping_status":"closed","sticky":false,"template":"","format":"standard","meta":{"footnotes":""},"categories":[589,23],"tags":[],"class_list":["post-10735","post","type-post","status-publish","format-standard","has-post-thumbnail","hentry","category-kamp1","category-kamp-kamp-alanlari"],"yoast_head":"<!-- This site is optimized with the Yoast SEO plugin v26.9 - https:\/\/yoast.com\/product\/yoast-seo-wordpress\/ -->\n<title>\u0130hsaniye\u2019de En \u0130yi 4 Kamp Alan\u0131: Emre G\u00f6l\u00fc, Frig Vadisi ve Termal | Geziyoo<\/title>\n<meta name=\"description\" content=\"Afyon \u0130hsaniye, Emre G\u00f6l\u00fc Sosyal Tesisleri, Ayazini K\u00f6y\u00fc, G\u00f6yn\u00fc\u015f Vadisi ve Gazl\u0131g\u00f6l Termal b\u00f6lgesi dahil 4 kamp alan\u0131n\u0131 listeledik. Komisyon yok! Konumlar\" \/>\n<meta name=\"robots\" content=\"index, follow, max-snippet:-1, max-image-preview:large, max-video-preview:-1\" \/>\n<link rel=\"canonical\" href=\"https:\/\/geziyoo.co\/blog\/ihsaniye-kamp-alanlari-ve-karavan-alanlari\/\" \/>\n<meta property=\"og:locale\" content=\"tr_TR\" \/>\n<meta property=\"og:type\" content=\"article\" \/>\n<meta property=\"og:title\" content=\"\u0130hsaniye\u2019de En \u0130yi 4 Kamp Alan\u0131: Emre G\u00f6l\u00fc, Frig Vadisi ve Termal | Geziyoo\" \/>\n<meta property=\"og:description\" content=\"Afyon \u0130hsaniye, Emre G\u00f6l\u00fc Sosyal Tesisleri, Ayazini K\u00f6y\u00fc, G\u00f6yn\u00fc\u015f Vadisi ve Gazl\u0131g\u00f6l Termal b\u00f6lgesi dahil 4 kamp alan\u0131n\u0131 listeledik. Komisyon yok! Konumlar\" \/>\n<meta property=\"og:url\" content=\"https:\/\/geziyoo.co\/blog\/ihsaniye-kamp-alanlari-ve-karavan-alanlari\/\" \/>\n<meta property=\"og:site_name\" content=\"Geziyoo.co\" \/>\n<meta property=\"article:publisher\" content=\"https:\/\/www.facebook.com\/Geziyooco\" \/>\n<meta property=\"article:author\" content=\"https:\/\/www.facebook.com\/geziyoo.co\" \/>\n<meta property=\"article:published_time\" content=\"2022-10-09T14:19:27+00:00\" \/>\n<meta property=\"article:modified_time\" content=\"2026-01-29T10:55:25+00:00\" \/>\n<meta property=\"og:image\" content=\"https:\/\/geziyoo.co\/blog\/wp-content\/uploads\/2022\/10\/ihsaniye-kamp-alanlari.jpg\" \/>\n\t<meta property=\"og:image:width\" content=\"1024\" \/>\n\t<meta property=\"og:image:height\" content=\"657\" \/>\n\t<meta property=\"og:image:type\" content=\"image\/jpeg\" \/>\n<meta name=\"author\" content=\"Geziyoo\" \/>\n<meta name=\"twitter:card\" content=\"summary_large_image\" \/>\n<meta name=\"twitter:creator\" content=\"@https:\/\/twitter.com\/geziyoo\" \/>\n<meta name=\"twitter:site\" content=\"@geziyoo\" \/>\n<meta name=\"twitter:label1\" content=\"Yazan:\" \/>\n\t<meta name=\"twitter:data1\" content=\"Geziyoo\" \/>\n\t<meta name=\"twitter:label2\" content=\"Tahmini okuma s\u00fcresi\" \/>\n\t<meta name=\"twitter:data2\" content=\"9 dakika\" \/>\n<script type=\"application\/ld+json\" class=\"yoast-schema-graph\">{\"@context\":\"https:\/\/schema.org\",\"@graph\":[{\"@type\":\"Article\",\"@id\":\"https:\/\/geziyoo.co\/blog\/ihsaniye-kamp-alanlari-ve-karavan-alanlari\/#article\",\"isPartOf\":{\"@id\":\"https:\/\/geziyoo.co\/blog\/ihsaniye-kamp-alanlari-ve-karavan-alanlari\/\"},\"author\":{\"name\":\"Geziyoo\",\"@id\":\"https:\/\/geziyoo.co\/blog\/#\/schema\/person\/032acb2436540ed14784e7d978aef0e4\"},\"headline\":\"\u0130hsaniye Geneli Tarihi ve Do\u011fa \u0130\u00e7inde 4+ Kamp Alan\u0131 (\u0130leti\u015fim ve Konum)\",\"datePublished\":\"2022-10-09T14:19:27+00:00\",\"dateModified\":\"2026-01-29T10:55:25+00:00\",\"mainEntityOfPage\":{\"@id\":\"https:\/\/geziyoo.co\/blog\/ihsaniye-kamp-alanlari-ve-karavan-alanlari\/\"},\"wordCount\":1778,\"commentCount\":0,\"publisher\":{\"@id\":\"https:\/\/geziyoo.co\/blog\/#organization\"},\"image\":{\"@id\":\"https:\/\/geziyoo.co\/blog\/ihsaniye-kamp-alanlari-ve-karavan-alanlari\/#primaryimage\"},\"thumbnailUrl\":\"https:\/\/geziyoo.co\/blog\/wp-content\/uploads\/2022\/10\/ihsaniye-kamp-alanlari.jpg\",\"articleSection\":[\"Kamp\",\"Kamp Alanlar\u0131\"],\"inLanguage\":\"tr\",\"potentialAction\":[{\"@type\":\"CommentAction\",\"name\":\"Comment\",\"target\":[\"https:\/\/geziyoo.co\/blog\/ihsaniye-kamp-alanlari-ve-karavan-alanlari\/#respond\"]}]},{\"@type\":\"WebPage\",\"@id\":\"https:\/\/geziyoo.co\/blog\/ihsaniye-kamp-alanlari-ve-karavan-alanlari\/\",\"url\":\"https:\/\/geziyoo.co\/blog\/ihsaniye-kamp-alanlari-ve-karavan-alanlari\/\",\"name\":\"\u0130hsaniye\u2019de En \u0130yi 4 Kamp Alan\u0131: Emre G\u00f6l\u00fc, Frig Vadisi ve Termal | Geziyoo\",\"isPartOf\":{\"@id\":\"https:\/\/geziyoo.co\/blog\/#website\"},\"primaryImageOfPage\":{\"@id\":\"https:\/\/geziyoo.co\/blog\/ihsaniye-kamp-alanlari-ve-karavan-alanlari\/#primaryimage\"},\"image\":{\"@id\":\"https:\/\/geziyoo.co\/blog\/ihsaniye-kamp-alanlari-ve-karavan-alanlari\/#primaryimage\"},\"thumbnailUrl\":\"https:\/\/geziyoo.co\/blog\/wp-content\/uploads\/2022\/10\/ihsaniye-kamp-alanlari.jpg\",\"datePublished\":\"2022-10-09T14:19:27+00:00\",\"dateModified\":\"2026-01-29T10:55:25+00:00\",\"description\":\"Afyon \u0130hsaniye, Emre G\u00f6l\u00fc Sosyal Tesisleri, Ayazini K\u00f6y\u00fc, G\u00f6yn\u00fc\u015f Vadisi ve Gazl\u0131g\u00f6l Termal b\u00f6lgesi dahil 4 kamp alan\u0131n\u0131 listeledik. Komisyon yok! Konumlar\",\"breadcrumb\":{\"@id\":\"https:\/\/geziyoo.co\/blog\/ihsaniye-kamp-alanlari-ve-karavan-alanlari\/#breadcrumb\"},\"inLanguage\":\"tr\",\"potentialAction\":[{\"@type\":\"ReadAction\",\"target\":[\"https:\/\/geziyoo.co\/blog\/ihsaniye-kamp-alanlari-ve-karavan-alanlari\/\"]}]},{\"@type\":\"ImageObject\",\"inLanguage\":\"tr\",\"@id\":\"https:\/\/geziyoo.co\/blog\/ihsaniye-kamp-alanlari-ve-karavan-alanlari\/#primaryimage\",\"url\":\"https:\/\/geziyoo.co\/blog\/wp-content\/uploads\/2022\/10\/ihsaniye-kamp-alanlari.jpg\",\"contentUrl\":\"https:\/\/geziyoo.co\/blog\/wp-content\/uploads\/2022\/10\/ihsaniye-kamp-alanlari.jpg\",\"width\":1024,\"height\":657},{\"@type\":\"BreadcrumbList\",\"@id\":\"https:\/\/geziyoo.co\/blog\/ihsaniye-kamp-alanlari-ve-karavan-alanlari\/#breadcrumb\",\"itemListElement\":[{\"@type\":\"ListItem\",\"position\":1,\"name\":\"Ana sayfa\",\"item\":\"https:\/\/geziyoo.co\/blog\/\"},{\"@type\":\"ListItem\",\"position\":2,\"name\":\"\u0130hsaniye Geneli Tarihi ve Do\u011fa \u0130\u00e7inde 4+ Kamp Alan\u0131 (\u0130leti\u015fim ve Konum)\"}]},{\"@type\":\"WebSite\",\"@id\":\"https:\/\/geziyoo.co\/blog\/#website\",\"url\":\"https:\/\/geziyoo.co\/blog\/\",\"name\":\"Geziyoo Blog\",\"description\":\"GeziYoo Blog&#039;da T\u00fcrkiye&#039;nin en iyi kamp alanlar\u0131ndan bungalov tatillerine, karavan ipu\u00e7lar\u0131ndan gezi rehberlerine kadar her t\u00fcrl\u00fc do\u011fa deneyimini ke\u015ffedin.\",\"publisher\":{\"@id\":\"https:\/\/geziyoo.co\/blog\/#organization\"},\"potentialAction\":[{\"@type\":\"SearchAction\",\"target\":{\"@type\":\"EntryPoint\",\"urlTemplate\":\"https:\/\/geziyoo.co\/blog\/?s={search_term_string}\"},\"query-input\":{\"@type\":\"PropertyValueSpecification\",\"valueRequired\":true,\"valueName\":\"search_term_string\"}}],\"inLanguage\":\"tr\"},{\"@type\":\"Organization\",\"@id\":\"https:\/\/geziyoo.co\/blog\/#organization\",\"name\":\"Geziyoo.co\",\"url\":\"https:\/\/geziyoo.co\/blog\/\",\"logo\":{\"@type\":\"ImageObject\",\"inLanguage\":\"tr\",\"@id\":\"https:\/\/geziyoo.co\/blog\/#\/schema\/logo\/image\/\",\"url\":\"https:\/\/geziyoo.co\/blog\/wp-content\/uploads\/2025\/01\/Paragraf-metniniz-3.png\",\"contentUrl\":\"https:\/\/geziyoo.co\/blog\/wp-content\/uploads\/2025\/01\/Paragraf-metniniz-3.png\",\"width\":270,\"height\":50,\"caption\":\"Geziyoo.co\"},\"image\":{\"@id\":\"https:\/\/geziyoo.co\/blog\/#\/schema\/logo\/image\/\"},\"sameAs\":[\"https:\/\/www.facebook.com\/Geziyooco\",\"https:\/\/x.com\/geziyoo\",\"https:\/\/tr.pinterest.com\/geziyooco\/\",\"https:\/\/www.youtube.com\/@geziyoo\",\"https:\/\/www.instagram.com\/geziyoo.co\/\"]},{\"@type\":\"Person\",\"@id\":\"https:\/\/geziyoo.co\/blog\/#\/schema\/person\/032acb2436540ed14784e7d978aef0e4\",\"name\":\"Geziyoo\",\"image\":{\"@type\":\"ImageObject\",\"inLanguage\":\"tr\",\"@id\":\"https:\/\/geziyoo.co\/blog\/#\/schema\/person\/image\/\",\"url\":\"https:\/\/secure.gravatar.com\/avatar\/ae212a4514471fdb8cab6e5af4f3c99b940a2d0a16713ea0392c8d7c8a64f30a?s=96&d=mm&r=g\",\"contentUrl\":\"https:\/\/secure.gravatar.com\/avatar\/ae212a4514471fdb8cab6e5af4f3c99b940a2d0a16713ea0392c8d7c8a64f30a?s=96&d=mm&r=g\",\"caption\":\"Geziyoo\"},\"description\":\"Do\u011fa ile i\u00e7 i\u00e7e olabilece\u011finiz yerler,do\u011fa aktivite alanlar\u0131,kamp alanlar\u0131,bungalov oteller,Tiny House Oteller, Galampingler ve da\u011f evlerinin herkes i\u00e7in ula\u015f\u0131labilir olmas\u0131n\u0131 sa\u011flamak amac\u0131yla Geziyoo\u2019ya 2019 y\u0131l\u0131nda ba\u015flad\u0131k.Do\u011fal Tatil konseptini uygulayan en geni\u015f kapsaml\u0131 sitedir.\",\"sameAs\":[\"https:\/\/geziyoo.co\/\",\"https:\/\/www.facebook.com\/geziyoo.co\",\"https:\/\/www.instagram.com\/geziyoo.co\/\",\"https:\/\/tr.pinterest.com\/geziyooco\/\",\"https:\/\/x.com\/https:\/\/twitter.com\/geziyoo\",\"https:\/\/www.youtube.com\/channel\/UCdiSMa6pe17KEY7DP1Ug4ag\"]}]}<\/script>\n<!-- \/ Yoast SEO plugin. -->","yoast_head_json":{"title":"\u0130hsaniye\u2019de En \u0130yi 4 Kamp Alan\u0131: Emre G\u00f6l\u00fc, Frig Vadisi ve Termal | Geziyoo","description":"Afyon \u0130hsaniye, Emre G\u00f6l\u00fc Sosyal Tesisleri, Ayazini K\u00f6y\u00fc, G\u00f6yn\u00fc\u015f Vadisi ve Gazl\u0131g\u00f6l Termal b\u00f6lgesi dahil 4 kamp alan\u0131n\u0131 listeledik. Komisyon yok! Konumlar","robots":{"index":"index","follow":"follow","max-snippet":"max-snippet:-1","max-image-preview":"max-image-preview:large","max-video-preview":"max-video-preview:-1"},"canonical":"https:\/\/geziyoo.co\/blog\/ihsaniye-kamp-alanlari-ve-karavan-alanlari\/","og_locale":"tr_TR","og_type":"article","og_title":"\u0130hsaniye\u2019de En \u0130yi 4 Kamp Alan\u0131: Emre G\u00f6l\u00fc, Frig Vadisi ve Termal | Geziyoo","og_description":"Afyon \u0130hsaniye, Emre G\u00f6l\u00fc Sosyal Tesisleri, Ayazini K\u00f6y\u00fc, G\u00f6yn\u00fc\u015f Vadisi ve Gazl\u0131g\u00f6l Termal b\u00f6lgesi dahil 4 kamp alan\u0131n\u0131 listeledik. Komisyon yok! Konumlar","og_url":"https:\/\/geziyoo.co\/blog\/ihsaniye-kamp-alanlari-ve-karavan-alanlari\/","og_site_name":"Geziyoo.co","article_publisher":"https:\/\/www.facebook.com\/Geziyooco","article_author":"https:\/\/www.facebook.com\/geziyoo.co","article_published_time":"2022-10-09T14:19:27+00:00","article_modified_time":"2026-01-29T10:55:25+00:00","og_image":[{"width":1024,"height":657,"url":"https:\/\/geziyoo.co\/blog\/wp-content\/uploads\/2022\/10\/ihsaniye-kamp-alanlari.jpg","type":"image\/jpeg"}],"author":"Geziyoo","twitter_card":"summary_large_image","twitter_creator":"@https:\/\/twitter.com\/geziyoo","twitter_site":"@geziyoo","twitter_misc":{"Yazan:":"Geziyoo","Tahmini okuma s\u00fcresi":"9 dakika"},"schema":{"@context":"https:\/\/schema.org","@graph":[{"@type":"Article","@id":"https:\/\/geziyoo.co\/blog\/ihsaniye-kamp-alanlari-ve-karavan-alanlari\/#article","isPartOf":{"@id":"https:\/\/geziyoo.co\/blog\/ihsaniye-kamp-alanlari-ve-karavan-alanlari\/"},"author":{"name":"Geziyoo","@id":"https:\/\/geziyoo.co\/blog\/#\/schema\/person\/032acb2436540ed14784e7d978aef0e4"},"headline":"\u0130hsaniye Geneli Tarihi ve Do\u011fa \u0130\u00e7inde 4+ Kamp Alan\u0131 (\u0130leti\u015fim ve Konum)","datePublished":"2022-10-09T14:19:27+00:00","dateModified":"2026-01-29T10:55:25+00:00","mainEntityOfPage":{"@id":"https:\/\/geziyoo.co\/blog\/ihsaniye-kamp-alanlari-ve-karavan-alanlari\/"},"wordCount":1778,"commentCount":0,"publisher":{"@id":"https:\/\/geziyoo.co\/blog\/#organization"},"image":{"@id":"https:\/\/geziyoo.co\/blog\/ihsaniye-kamp-alanlari-ve-karavan-alanlari\/#primaryimage"},"thumbnailUrl":"https:\/\/geziyoo.co\/blog\/wp-content\/uploads\/2022\/10\/ihsaniye-kamp-alanlari.jpg","articleSection":["Kamp","Kamp Alanlar\u0131"],"inLanguage":"tr","potentialAction":[{"@type":"CommentAction","name":"Comment","target":["https:\/\/geziyoo.co\/blog\/ihsaniye-kamp-alanlari-ve-karavan-alanlari\/#respond"]}]},{"@type":"WebPage","@id":"https:\/\/geziyoo.co\/blog\/ihsaniye-kamp-alanlari-ve-karavan-alanlari\/","url":"https:\/\/geziyoo.co\/blog\/ihsaniye-kamp-alanlari-ve-karavan-alanlari\/","name":"\u0130hsaniye\u2019de En \u0130yi 4 Kamp Alan\u0131: Emre G\u00f6l\u00fc, Frig Vadisi ve Termal | Geziyoo","isPartOf":{"@id":"https:\/\/geziyoo.co\/blog\/#website"},"primaryImageOfPage":{"@id":"https:\/\/geziyoo.co\/blog\/ihsaniye-kamp-alanlari-ve-karavan-alanlari\/#primaryimage"},"image":{"@id":"https:\/\/geziyoo.co\/blog\/ihsaniye-kamp-alanlari-ve-karavan-alanlari\/#primaryimage"},"thumbnailUrl":"https:\/\/geziyoo.co\/blog\/wp-content\/uploads\/2022\/10\/ihsaniye-kamp-alanlari.jpg","datePublished":"2022-10-09T14:19:27+00:00","dateModified":"2026-01-29T10:55:25+00:00","description":"Afyon \u0130hsaniye, Emre G\u00f6l\u00fc Sosyal Tesisleri, Ayazini K\u00f6y\u00fc, G\u00f6yn\u00fc\u015f Vadisi ve Gazl\u0131g\u00f6l Termal b\u00f6lgesi dahil 4 kamp alan\u0131n\u0131 listeledik. Komisyon yok! Konumlar","breadcrumb":{"@id":"https:\/\/geziyoo.co\/blog\/ihsaniye-kamp-alanlari-ve-karavan-alanlari\/#breadcrumb"},"inLanguage":"tr","potentialAction":[{"@type":"ReadAction","target":["https:\/\/geziyoo.co\/blog\/ihsaniye-kamp-alanlari-ve-karavan-alanlari\/"]}]},{"@type":"ImageObject","inLanguage":"tr","@id":"https:\/\/geziyoo.co\/blog\/ihsaniye-kamp-alanlari-ve-karavan-alanlari\/#primaryimage","url":"https:\/\/geziyoo.co\/blog\/wp-content\/uploads\/2022\/10\/ihsaniye-kamp-alanlari.jpg","contentUrl":"https:\/\/geziyoo.co\/blog\/wp-content\/uploads\/2022\/10\/ihsaniye-kamp-alanlari.jpg","width":1024,"height":657},{"@type":"BreadcrumbList","@id":"https:\/\/geziyoo.co\/blog\/ihsaniye-kamp-alanlari-ve-karavan-alanlari\/#breadcrumb","itemListElement":[{"@type":"ListItem","position":1,"name":"Ana sayfa","item":"https:\/\/geziyoo.co\/blog\/"},{"@type":"ListItem","position":2,"name":"\u0130hsaniye Geneli Tarihi ve Do\u011fa \u0130\u00e7inde 4+ Kamp Alan\u0131 (\u0130leti\u015fim ve Konum)"}]},{"@type":"WebSite","@id":"https:\/\/geziyoo.co\/blog\/#website","url":"https:\/\/geziyoo.co\/blog\/","name":"Geziyoo Blog","description":"GeziYoo Blog&#039;da T\u00fcrkiye&#039;nin en iyi kamp alanlar\u0131ndan bungalov tatillerine, karavan ipu\u00e7lar\u0131ndan gezi rehberlerine kadar her t\u00fcrl\u00fc do\u011fa deneyimini ke\u015ffedin.","publisher":{"@id":"https:\/\/geziyoo.co\/blog\/#organization"},"potentialAction":[{"@type":"SearchAction","target":{"@type":"EntryPoint","urlTemplate":"https:\/\/geziyoo.co\/blog\/?s={search_term_string}"},"query-input":{"@type":"PropertyValueSpecification","valueRequired":true,"valueName":"search_term_string"}}],"inLanguage":"tr"},{"@type":"Organization","@id":"https:\/\/geziyoo.co\/blog\/#organization","name":"Geziyoo.co","url":"https:\/\/geziyoo.co\/blog\/","logo":{"@type":"ImageObject","inLanguage":"tr","@id":"https:\/\/geziyoo.co\/blog\/#\/schema\/logo\/image\/","url":"https:\/\/geziyoo.co\/blog\/wp-content\/uploads\/2025\/01\/Paragraf-metniniz-3.png","contentUrl":"https:\/\/geziyoo.co\/blog\/wp-content\/uploads\/2025\/01\/Paragraf-metniniz-3.png","width":270,"height":50,"caption":"Geziyoo.co"},"image":{"@id":"https:\/\/geziyoo.co\/blog\/#\/schema\/logo\/image\/"},"sameAs":["https:\/\/www.facebook.com\/Geziyooco","https:\/\/x.com\/geziyoo","https:\/\/tr.pinterest.com\/geziyooco\/","https:\/\/www.youtube.com\/@geziyoo","https:\/\/www.instagram.com\/geziyoo.co\/"]},{"@type":"Person","@id":"https:\/\/geziyoo.co\/blog\/#\/schema\/person\/032acb2436540ed14784e7d978aef0e4","name":"Geziyoo","image":{"@type":"ImageObject","inLanguage":"tr","@id":"https:\/\/geziyoo.co\/blog\/#\/schema\/person\/image\/","url":"https:\/\/secure.gravatar.com\/avatar\/ae212a4514471fdb8cab6e5af4f3c99b940a2d0a16713ea0392c8d7c8a64f30a?s=96&d=mm&r=g","contentUrl":"https:\/\/secure.gravatar.com\/avatar\/ae212a4514471fdb8cab6e5af4f3c99b940a2d0a16713ea0392c8d7c8a64f30a?s=96&d=mm&r=g","caption":"Geziyoo"},"description":"Do\u011fa ile i\u00e7 i\u00e7e olabilece\u011finiz yerler,do\u011fa aktivite alanlar\u0131,kamp alanlar\u0131,bungalov oteller,Tiny House Oteller, Galampingler ve da\u011f evlerinin herkes i\u00e7in ula\u015f\u0131labilir olmas\u0131n\u0131 sa\u011flamak amac\u0131yla Geziyoo\u2019ya 2019 y\u0131l\u0131nda ba\u015flad\u0131k.Do\u011fal Tatil konseptini uygulayan en geni\u015f kapsaml\u0131 sitedir.","sameAs":["https:\/\/geziyoo.co\/","https:\/\/www.facebook.com\/geziyoo.co","https:\/\/www.instagram.com\/geziyoo.co\/","https:\/\/tr.pinterest.com\/geziyooco\/","https:\/\/x.com\/https:\/\/twitter.com\/geziyoo","https:\/\/www.youtube.com\/channel\/UCdiSMa6pe17KEY7DP1Ug4ag"]}]}},"amp_enabled":true,"_links":{"self":[{"href":"https:\/\/geziyoo.co\/blog\/wp-json\/wp\/v2\/posts\/10735","targetHints":{"allow":["GET"]}}],"collection":[{"href":"https:\/\/geziyoo.co\/blog\/wp-json\/wp\/v2\/posts"}],"about":[{"href":"https:\/\/geziyoo.co\/blog\/wp-json\/wp\/v2\/types\/post"}],"author":[{"embeddable":true,"href":"https:\/\/geziyoo.co\/blog\/wp-json\/wp\/v2\/users\/1"}],"replies":[{"embeddable":true,"href":"https:\/\/geziyoo.co\/blog\/wp-json\/wp\/v2\/comments?post=10735"}],"version-history":[{"count":0,"href":"https:\/\/geziyoo.co\/blog\/wp-json\/wp\/v2\/posts\/10735\/revisions"}],"wp:featuredmedia":[{"embeddable":true,"href":"https:\/\/geziyoo.co\/blog\/wp-json\/wp\/v2\/media\/10742"}],"wp:attachment":[{"href":"https:\/\/geziyoo.co\/blog\/wp-json\/wp\/v2\/media?parent=10735"}],"wp:term":[{"taxonomy":"category","embeddable":true,"href":"https:\/\/geziyoo.co\/blog\/wp-json\/wp\/v2\/categories?post=10735"},{"taxonomy":"post_tag","embeddable":true,"href":"https:\/\/geziyoo.co\/blog\/wp-json\/wp\/v2\/tags?post=10735"}],"curies":[{"name":"wp","href":"https:\/\/api.w.org\/{rel}","templated":true}]}}