{"id":8535,"date":"2021-11-07T12:43:26","date_gmt":"2021-11-07T12:43:26","guid":{"rendered":"https:\/\/geziyoo.co\/blog\/?p=8535"},"modified":"2026-01-27T12:12:10","modified_gmt":"2026-01-27T12:12:10","slug":"savsat-kamp-alanlari-ve-karavan-alanlarikamp-yeri","status":"publish","type":"post","link":"http:\/\/geziyoo.co\/blog\/savsat-kamp-alanlari-ve-karavan-alanlarikamp-yeri\/","title":{"rendered":"\u015eav\u015fat Geneli \u00dccretli ve \u00dccretsiz 8+ Kamp Alan\u0131 (\u0130leti\u015fim ve Konum)"},"content":{"rendered":"\n<p><strong>\u015eav\u015fat<\/strong>, ladin ormanlar\u0131n\u0131n aras\u0131na gizlenmi\u015f masals\u0131 ah\u015fap evleri, aynay\u0131 and\u0131ran Karag\u00f6l\u2019\u00fc ve g\u00f6ky\u00fcz\u00fcne de\u011fen yaylalar\u0131yla &#8220;T\u00fcrkiye\u2019nin Alpleri&#8221; benzetmesini sonuna kadar hak eden bir do\u011fa harikas\u0131d\u0131r. &#8220;Sakin \u015eehir&#8221; (Cittaslow) unvan\u0131na sahip bu b\u00f6lge, kalabal\u0131ktan ve g\u00fcr\u00fclt\u00fcden uzakla\u015f\u0131p sadece ku\u015f sesleri ve r\u00fczgar\u0131n u\u011fultusunu dinlemek isteyen kamp\u00e7\u0131lar i\u00e7in bir terapi merkezidir. Ancak do\u011fan\u0131n bu kadar bakir oldu\u011fu bir co\u011frafyada &#8220;G\u00f6l kenar\u0131nda ate\u015f yak\u0131l\u0131yor mu?&#8221;, &#8220;Milli parka giri\u015f \u00fccretli mi?&#8221; veya &#8220;Yollar karavan i\u00e7in uygun mu?&#8221; stresi ya\u015faman\u0131z\u0131 hi\u00e7 istemeyiz.<\/p>\n\n\n\n<p>Biz Geziyoo olarak, Karadeniz rotan\u0131zda arac\u0131lar\u0131 tamamen aradan \u00e7\u0131kard\u0131k ve \u015eav\u015fat\u2019\u0131n en huzurlu kamp rehberini haz\u0131rlad\u0131k. Listemizde hem <strong>hi\u00e7bir \u00fccret \u00f6demeden<\/strong> manzaran\u0131n tad\u0131n\u0131 \u00e7\u0131karabilece\u011finiz Sahara Milli Park\u0131 i\u00e7indeki do\u011fal alanlar\u0131, hem de <strong>bungalov, s\u0131cak su ve restoran<\/strong> imkan\u0131 sunan Karag\u00f6l \u00e7evresindeki tesisleri bir araya getirdik. Sizi i\u015fletme yetkilileriyle <strong>do\u011frudan g\u00f6r\u00fc\u015ft\u00fcren<\/strong>, gitmeden \u00f6nce konum ve hava durumu bilgisini <strong>teyit etmenizi sa\u011flayan<\/strong> telefon numaralar\u0131n\u0131 i\u00e7eri\u011fimize ekledik.<\/p>\n\n\n\n<p>\u0130ster s\u0131rt \u00e7antan\u0131z\u0131 al\u0131p <strong>\u00fccretsiz<\/strong> bir yayla d\u00fczl\u00fc\u011f\u00fcne kurulun, ister ailenizle <strong>g\u00f6l manzaral\u0131<\/strong> bir kamp alan\u0131 tercih edin; yola \u00e7\u0131kmadan \u00f6nce listedeki numaralardan bilgi almay\u0131 unutmay\u0131n. \u0130\u015fte \u015eav\u015fat\u2019\u0131n en sevilen kamp duraklar\u0131<\/p>\n\n\n\n<p>Artvin \u015eav\u015fat&#8217;da yer alan kamp alanlar\u0131na haritadan bakmak i\u00e7in&nbsp;<strong><em><a href=\"https:\/\/geziyoo.co\/blog\/artvin-kamp-alanlari-haritasi\/\">Artvin Kamp Alanlar\u0131 Haritam\u0131z\u0131<\/a>&nbsp;da<\/em><\/strong>&nbsp;kullanabilirsiniz.Unuttu\u011fumuz veya bilmedi\u011fimiz&nbsp;<strong>\u00c7ad\u0131r ve Karavan Kamp alan\u0131<\/strong>&nbsp;var ise l\u00fctfen yorumlar k\u0131sm\u0131ndan bizlerle payla\u015fs\u0131n.<\/p>\n\n\n\n<p>Unutmadan Artvin haricinde Kamp Alan\u0131, Bungalov veya Da\u011f evi ar\u0131yorsan\u0131z ,&nbsp;<a rel=\"noreferrer noopener\" href=\"https:\/\/geziyoo.co\/?select=Karavan+Kamp%C4%B1&amp;lp_s_loc=&amp;lp_s_tag=&amp;lp_s_cat=229&amp;s=home&amp;post_type=listing\" target=\"_blank\"><em><strong>500\u2019den fazla Kamp ve Karavan Yeri<\/strong>&nbsp;<\/em><\/a>sayfam\u0131za bakman\u0131z\u0131 tavsiye diyoruz.<\/p>\n\n\n\n<hr class=\"wp-block-separator has-css-opacity is-style-wide\"\/>\n\n\n\n<h2 class=\"wp-block-heading\">1.Karag\u00f6l Sahara Milli Park\u0131 Kamp Alan\u0131<\/h2>\n\n\n\n<figure class=\"wp-block-image\"><img decoding=\"async\" width=\"800\" height=\"389\" data-src=\"https:\/\/geziyoo.co\/blog\/wp-content\/uploads\/2021\/11\/Artvin-Kamp-Alanlari-ve-Karavan-Alanlari-Karagol-Sahara-Milli-Parki-Kamp-Alani.jpg\" alt=\"Artvin Kamp Alanlar\u0131-Karag\u00f6l Sahara Milli Park\u0131\" class=\"wp-image-8495 lazyload\" title=\"Artvin Kamp Alanlar\u0131 ve Karavan Alanlar\u0131,En \u0130yi 20 Kamp Yeri 3\" data-srcset=\"http:\/\/geziyoo.co\/blog\/wp-content\/uploads\/2021\/11\/Artvin-Kamp-Alanlari-ve-Karavan-Alanlari-Karagol-Sahara-Milli-Parki-Kamp-Alani.jpg 800w, http:\/\/geziyoo.co\/blog\/wp-content\/uploads\/2021\/11\/Artvin-Kamp-Alanlari-ve-Karavan-Alanlari-Karagol-Sahara-Milli-Parki-Kamp-Alani-300x146.jpg 300w, http:\/\/geziyoo.co\/blog\/wp-content\/uploads\/2021\/11\/Artvin-Kamp-Alanlari-ve-Karavan-Alanlari-Karagol-Sahara-Milli-Parki-Kamp-Alani-768x373.jpg 768w\" data-sizes=\"(max-width: 800px) 100vw, 800px\" src=\"data:image\/gif;base64,R0lGODlhAQABAAAAACH5BAEKAAEALAAAAAABAAEAAAICTAEAOw==\" style=\"--smush-placeholder-width: 800px; --smush-placeholder-aspect-ratio: 800\/389;\" \/><figcaption class=\"wp-element-caption\">Artvin Kamp Alanlar\u0131-Karag\u00f6l Sahara Milli Park\u0131<\/figcaption><\/figure>\n\n\n\n<p>\u015eav\u015fat Kamp Alanlar\u0131 i\u00e7eri\u011fimizin i\u015fl s\u0131ras\u0131nda Karag\u00f6l Sahara Milli Park\u0131 bulunmakta.<strong>Karag\u00f6l Sahara Milli Park\u0131 Kamp Alan\u0131 \u015eav\u015fat&#8217;da hem \u00e7ad\u0131r kamp\u0131 ve hemde karavan kamp\u0131 yapabilece\u011finiz \u00fccretli kamp yerlerinden birisi.<\/strong><\/p>\n\n\n\n<p>\u015eav\u015fat&#8217;\u0131n e\u015fsiz g\u00fczellikleri aras\u0131nda yer alan Karag\u00f6l Sahara Milli Park\u0131, do\u011fayla i\u00e7 i\u00e7e bir kamp deneyimi arayanlar i\u00e7in ideal bir destinasyon. Heyelan g\u00f6l\u00fc olan Karag\u00f6l&#8217;\u00fcn etraf\u0131nda uzanan bu milli park, yemye\u015fil ormanlar\u0131, berrak g\u00f6lleri ve nefes kesici manzaralar\u0131yla kamp\u00e7\u0131lar\u0131 b\u00fcy\u00fcl\u00fcyor.<\/p>\n\n\n\n<p>Milli parka \u015eav\u015fat il\u00e7e merkezinden 20 kilometrelik bir yolculukla ula\u015fabilirsiniz. Maalesef milli parka giden toplu ta\u015f\u0131ma arac\u0131 bulunmamaktad\u0131r. Kendi arac\u0131n\u0131zla veya taksi ile ula\u015f\u0131m\u0131 sa\u011flayabilirsiniz. Milli parka giri\u015f \u00fccreti ki\u015fi ba\u015f\u0131 5 TL, otomobil i\u00e7in ise 15 TL&#8217;dir.<\/p>\n\n\n\n<p>Karag\u00f6l Sahara Milli Park\u0131, kamp\u00e7\u0131lar i\u00e7in bir\u00e7ok imkan sunmaktad\u0131r. Milli park i\u00e7erisinde kamp yapmak i\u00e7in \u00e7ad\u0131r ve karavan alanlar\u0131 mevcuttur. Ayr\u0131ca bungalovlarda konaklama se\u00e7ene\u011fi de bulunmaktad\u0131r.<\/p>\n\n\n\n<p>Kamp yapman\u0131n yan\u0131 s\u0131ra milli parkta bir\u00e7ok aktivite yapabilirsiniz. Do\u011fa y\u00fcr\u00fcy\u00fc\u015fleri, bisiklet turlar\u0131, piknik, bal\u0131k tutma ve foto\u011fraf\u00e7\u0131l\u0131k gibi aktiviteler i\u00e7in ideal bir ortam sunmaktad\u0131r.<\/p>\n\n\n\n<p>Milli park\u0131 ziyaret etmek i\u00e7in en uygun zaman ilkbahar ve yaz aylar\u0131d\u0131r. Bu aylarda hava s\u0131cakl\u0131\u011f\u0131 idealdir ve do\u011fa t\u00fcm g\u00fczelli\u011fiyle kar\u015f\u0131n\u0131za \u00e7\u0131kar.<\/p>\n\n\n\n<p><strong>Kamp Olanaklar\u0131:<\/strong>Ate\u015f Alan\u0131,Bah\u00e7e,Bungalov,Buzdolab\u0131,\u00c7ad\u0131r,\u00c7ama\u015f\u0131rhane,Du\u015f,Evcil Hayvan,G\u00fcnl\u00fck Temizlik,Is\u0131tma,Kafeterya,Karavan Alan\u0131,Mutfak,Restoran,Sarj \u0130stasyonu,S\u0131cak Su,\u00dccretsiz Otopark,WC,Y\u00fcr\u00fcy\u00fc\u015f Alan<a href=\"https:\/\/geziyoo.co\/features\/yuruyus-alani\/\">\u0131<\/a><\/p>\n\n\n\n<hr class=\"wp-block-separator has-css-opacity is-style-wide\"\/>\n\n\n\n<ul id=\"block-3459d0fd-f64c-487e-a808-e248ff62f8f4\" class=\"wp-block-list\">\n<li><strong>Karag\u00f6l Sahara Milli Park\u0131 Kamp Alan\u0131<\/strong>&nbsp;<strong>Adres<\/strong>&nbsp;:08790 Me\u015feli\/\u015eav\u015fat\/Artvin<a href=\"https:\/\/www.google.com\/maps?daddr=41.30910612317479,42.48314018718807\" target=\"_blank\" rel=\"noreferrer noopener\">Yol Tarifi Al<\/a><\/li>\n\n\n\n<li><strong>Karag\u00f6l Sahara Milli Park\u0131 Kamp Alan\u0131<\/strong>&nbsp;<strong>Detayl\u0131 Bilgi Fiyatlar:<\/strong>Detayl\u0131 Bilgiler i\u00e7in&nbsp;<strong><em><strong><a href=\"https:\/\/geziyoo.co\/listing\/karagol-sahara-milli-parki-kamp-alani\/\">Karag\u00f6l Sahara Milli Park\u0131 Kamp Alan\u0131<\/a><\/strong><\/em><\/strong>&nbsp;sayfas\u0131na bakabilirsiniz.<\/li>\n<\/ul>\n\n\n\n<hr class=\"wp-block-separator has-css-opacity is-style-wide\"\/>\n\n\n\n<h2 class=\"wp-block-heading\">2.Bal\u0131kg\u00f6l Kamp Alan\u0131<\/h2>\n\n\n\n<figure class=\"wp-block-image\"><img decoding=\"async\" width=\"800\" height=\"450\" data-src=\"https:\/\/geziyoo.co\/blog\/wp-content\/uploads\/2021\/11\/Artvin-Kamp-AlanlariBalikligol-Kamp-Alani.jpg\" alt=\"\u015eav\u015fat \u00dccretsiz Kamp Alanlar\u0131-Bal\u0131kl\u0131g\u00f6l\" class=\"wp-image-8500 lazyload\" title=\"Artvin Kamp Alanlar\u0131 ve Karavan Alanlar\u0131,En \u0130yi 20 Kamp Yeri 5\" data-srcset=\"http:\/\/geziyoo.co\/blog\/wp-content\/uploads\/2021\/11\/Artvin-Kamp-AlanlariBalikligol-Kamp-Alani.jpg 800w, http:\/\/geziyoo.co\/blog\/wp-content\/uploads\/2021\/11\/Artvin-Kamp-AlanlariBalikligol-Kamp-Alani-300x169.jpg 300w, http:\/\/geziyoo.co\/blog\/wp-content\/uploads\/2021\/11\/Artvin-Kamp-AlanlariBalikligol-Kamp-Alani-768x432.jpg 768w, http:\/\/geziyoo.co\/blog\/wp-content\/uploads\/2021\/11\/Artvin-Kamp-AlanlariBalikligol-Kamp-Alani-390x220.jpg 390w\" data-sizes=\"(max-width: 800px) 100vw, 800px\" src=\"data:image\/gif;base64,R0lGODlhAQABAAAAACH5BAEKAAEALAAAAAABAAEAAAICTAEAOw==\" style=\"--smush-placeholder-width: 800px; --smush-placeholder-aspect-ratio: 800\/450;\" \/><figcaption class=\"wp-element-caption\">\u015eav\u015fat \u00dccretsiz Kamp Alanlar\u0131-<strong>Bal\u0131kl\u0131g\u00f6l<\/strong><\/figcaption><\/figure>\n\n\n\n<p><strong>Bal\u0131kl\u0131g\u00f6l Kamp Alan\u0131 Artvin\u2019in \u015eav\u015fat il\u00e7esinde yer alan \u00fccretli olarak \u00e7ad\u0131r kamp\u0131 ve karavan kamp\u0131 yapabilece\u011finiz yemye\u015fil tabiat parklar\u0131ndan birisidir.Yaz aylar\u0131nda b\u00f6lge halk\u0131 taraf\u0131ndan s\u0131k\u00e7a tercih edilmektedir.\u00c7ad\u0131r veya karavan haricinde konaklama \u015fans\u0131n\u0131z bulunmamakta.<\/strong><\/p>\n\n\n\n<p>Kamp Aln\u0131 Artvin \u015fehir merkezine yakla\u015f\u0131k 80 km mesafede yer almakta olup toplu ta\u015f\u0131mayla maalesef gidilmemektedir. Bal\u0131kl\u0131 g\u00f6l do\u011fayla ba\u015fba\u015fa olmak isteyenler i\u00e7in g\u00fczel bir alternatif. \u00d6zel ara\u00e7larla ula\u015f\u0131m sa\u011flanan Bal\u0131kl\u0131 G\u00f6le giri\u015fler \u00fccretli olup 1-4 ki\u015fiye kadar 11 TL, otomobil i\u00e7in ise 6 TL \u2018dir<\/p>\n\n\n\n<p>Bal\u0131kl\u0131 G\u00f6l 2000 metre rak\u0131mda yer alan Bal\u0131kl\u0131 g\u00f6l enfes do\u011fas\u0131 ve harika manzaras\u0131yla dikkat \u00e7ekmesine ra\u011fmen k\u0131\u015f aylar\u0131nda y\u00fckseltiden dolay\u0131 \u00e7ok so\u011fuk olmaktad\u0131r.Bundan dolay\u0131 daha \u00f6nce k\u0131\u015f kamp\u0131 deneyimi olmayanlara tavsiye edilmez.<\/p>\n\n\n\n<p>\u0130lkbahar ve yaz aylar\u0131n\u0131n ba\u015flang\u0131c\u0131nda a\u00e7an reng\u00e2renk \u00e7i\u00e7ekler kesinlikle g\u00f6r\u00fclmeye de\u011fer. G\u00f6l kenar\u0131nda y\u00fcr\u00fcy\u00fc\u015f yapmak, bisiklet s\u00fcrmek ve piknik yapmak m\u00fcmk\u00fcnd\u00fcr. Ayr\u0131ca g\u00f6l\u00fcn hemen kenar\u0131na konumland\u0131r\u0131lm\u0131\u015f banklarda piknik sefas\u0131 yapabilirsiniz.<\/p>\n\n\n\n<p>G\u00f6l etraf\u0131nda herhangi bir tesis(restoran,b\u00fcfe,market) bulunmuyor. Bundan dolay\u0131 b\u00f6lgeye gitmeden \u00f6nce Ardunu\u00e7 il\u00e7esinde gerekli al\u0131\u015fveri\u015finizi yapman\u0131z \u00f6nerilir.<\/p>\n\n\n\n<p>Do\u011fal kamp alanlar\u0131ndan oldu\u011fundan wc,du\u015f,s\u0131cak su ve elektrik gibi imkanlar\u0131nda olmad\u0131\u011f\u0131n\u0131 belitelim.<\/p>\n\n\n\n<hr class=\"wp-block-separator has-css-opacity is-style-wide\"\/>\n\n\n\n<ul id=\"block-3459d0fd-f64c-487e-a808-e248ff62f8f4\" class=\"wp-block-list\">\n<li><strong>Bal\u0131kg\u00f6l Kamp Alan\u0131<\/strong>&nbsp;<strong>Adres<\/strong>&nbsp;:08790 P\u0131narl\u0131\/\u015eav\u015fat\/Artvin<a href=\"https:\/\/www.google.com\/maps?daddr=41.36558466495563,42.50503129197901\" target=\"_blank\" rel=\"noreferrer noopener\">Yol Tarifi Al<\/a><\/li>\n\n\n\n<li><strong>Bal\u0131kg\u00f6l Kamp Alan\u0131<\/strong>&nbsp;<strong>Detayl\u0131 Bilgi Fiyatlar:<\/strong>Detayl\u0131 Bilgiler i\u00e7in&nbsp;<strong><em><strong><a href=\"https:\/\/geziyoo.co\/listing\/balikligol-kamp-alani\/\">Bal\u0131kg\u00f6l Kamp Alan\u0131<\/a><\/strong><\/em><\/strong>&nbsp;sayfas\u0131na bakabilirsiniz.<\/li>\n<\/ul>\n\n\n\n<hr class=\"wp-block-separator has-css-opacity is-style-wide\"\/>\n\n\n\n<h2 class=\"wp-block-heading\">3.Arsiyan Yaylas\u0131 Kamp Alan\u0131<\/h2>\n\n\n\n<figure class=\"wp-block-image\"><img decoding=\"async\" width=\"1024\" height=\"683\" data-src=\"https:\/\/geziyoo.co\/blog\/wp-content\/uploads\/2021\/11\/Artvin-Kamp-Alanlari-ve-Karavan-Alanlari-Arsiyan-Yaylasi-Kamp-Alani.jpg\" alt=\"Artvin Kamp Alanlari ve Karavan Alanlari Arsiyan Yaylasi Kamp Alani\" class=\"wp-image-8490 lazyload\" title=\"Artvin Kamp Alanlar\u0131 ve Karavan Alanlar\u0131,En \u0130yi 20 Kamp Yeri 6\" data-srcset=\"http:\/\/geziyoo.co\/blog\/wp-content\/uploads\/2021\/11\/Artvin-Kamp-Alanlari-ve-Karavan-Alanlari-Arsiyan-Yaylasi-Kamp-Alani.jpg 1024w, http:\/\/geziyoo.co\/blog\/wp-content\/uploads\/2021\/11\/Artvin-Kamp-Alanlari-ve-Karavan-Alanlari-Arsiyan-Yaylasi-Kamp-Alani-300x200.jpg 300w, http:\/\/geziyoo.co\/blog\/wp-content\/uploads\/2021\/11\/Artvin-Kamp-Alanlari-ve-Karavan-Alanlari-Arsiyan-Yaylasi-Kamp-Alani-768x512.jpg 768w\" data-sizes=\"(max-width: 1024px) 100vw, 1024px\" src=\"data:image\/gif;base64,R0lGODlhAQABAAAAACH5BAEKAAEALAAAAAABAAEAAAICTAEAOw==\" style=\"--smush-placeholder-width: 1024px; --smush-placeholder-aspect-ratio: 1024\/683;\" \/><figcaption class=\"wp-element-caption\">\u015eav\u015fat \u00dccretsiz Kamp Alanlar\u0131-<strong>Arsiyan Yaylas\u0131<\/strong><\/figcaption><\/figure>\n\n\n\n<p><strong>Arsiyan Yaylas\u0131 Kamp Alan\u0131&nbsp;Artvin \u015eav\u015fat\u2019da yer alan \u00fccretsiz kamp ve karavan alanlar\u0131ndan birisidir.Yemye\u015fil ortam\u0131 ve sakinli\u011fiyle \u00f6n plana \u00e7\u0131kmakta.<\/strong><\/p>\n\n\n\n<p>Arsiyan yaylas\u0131n\u0131n Artvin \u015eehir merkezine mesafesi yakla\u015f\u0131k 100 kilometredir.\u015eav\u015fat merkezine ise yakla\u015f\u0131k 42 kilometre mesafededir.Toplu ta\u015f\u0131mayla gitmeniz maalesef m\u00fcmk\u00fcn olmay\u0131p sadece \u00f6zel araban\u0131zla gidebilirsiniz. Kamp alan\u0131 bakir do\u011fas\u0131n\u0131n yan\u0131nda bir\u00e7ok g\u00f6le de ev sahipli\u011fi yapmakta olup hem \u00e7ad\u0131r kamp\u0131 hem de karavan kamp\u0131 i\u00e7in uygun.<\/p>\n\n\n\n<p>A<strong>rsiyan yaylas\u0131<\/strong>&nbsp;y\u00f6re halk\u0131n\u0131n yaz aylar\u0131nda s\u0131k\u00e7a gitti\u011fi yerlerden birisidir.K\u0131\u015f aylar\u0131nda ise \u00e7etin bir iklime sahip oldu\u011fundan kamp yapacaklar\u0131n dikkatli olmas\u0131 gerekmekte.Kamp i\u00e7in en uygun ve g\u00fczel zaman bahar aylar\u0131d\u0131r. Yaylada bulunan irili ufakl\u0131 bir\u00e7ok g\u00f6let ile yaylan\u0131n etraf\u0131n\u0131 \u00e7evreleyen s\u0131rada\u011flar insana huzur vaadediyor.<\/p>\n\n\n\n<p>B\u00f6lge halk\u0131 g\u00fcn\u00fcbirlik piknikler i\u00e7in de s\u0131k\u00e7a tercih etmektedir. Arsiyan yaylas\u0131nda yer alan g\u00f6letlerde bal\u0131k tutabilir ve ayaklar\u0131n\u0131z\u0131 sokarak serinleyebilirsiniz. Bunun yan\u0131nda muhte\u015fem y\u00fcr\u00fcy\u00fc\u015f rotalar\u0131 da bar\u0131nd\u0131ran yayla \u00e7evre illerden ve ve hatta G\u00fcrcistan\u2019dan olduk\u00e7a fazla ziyaret\u00e7i tercih ediyor.<\/p>\n\n\n\n<p>Kamp alan\u0131nda maalesef herhangi bir tesis veya i\u015fletme bulunmamakta.Bundan dolay\u0131 kamp yapmadan \u00f6nce Artvinden veya \u015eav\u015fat\u2019dan al\u0131\u015fveri\u015f yapman\u0131z \u00f6nerilmektedir.<\/p>\n\n\n\n<p>Kamp Olanaklar\u0131 a\u00e7\u0131s\u0131ndan da \u00e7ok zengin de\u011fildir.Wc,du\u015f,elektrik,market vb bir olanak yok.Telefon baz\u0131 zamanlar \u00e7ekmeyebiliyor.Bundan dolay\u0131 kampa \u00e7\u0131kmadan \u00f6nce muhakkak birilerine haber veriniz.<\/p>\n\n\n\n<hr class=\"wp-block-separator has-css-opacity is-style-wide\"\/>\n\n\n\n<ul id=\"block-3459d0fd-f64c-487e-a808-e248ff62f8f4\" class=\"wp-block-list\">\n<li><strong>Arsiyan Yaylas\u0131<\/strong>&nbsp;<strong>Adres<\/strong>&nbsp;:Unnamed Road, 08790 Demirkap\u0131\/\u015eav\u015fat\/Artvin<a href=\"https:\/\/www.google.com\/maps?daddr=41.42166626583121,42.48686547759637\" target=\"_blank\" rel=\"noreferrer noopener\">Yol Tarifi Al<\/a><\/li>\n\n\n\n<li><strong>Arsiyan Yaylas\u0131<\/strong>&nbsp;<strong>Detayl\u0131 Bilgi Fiyatlar:<\/strong>Detayl\u0131 Bilgiler i\u00e7in&nbsp;<strong><em><strong><a href=\"https:\/\/geziyoo.co\/listing\/arsiyan-yaylasi-kamp-alani\/\">Arsiyan Yaylas\u0131<\/a><\/strong><\/em><\/strong>&nbsp;sayfas\u0131na bakabilirsiniz.<\/li>\n<\/ul>\n\n\n\n<hr class=\"wp-block-separator has-css-opacity is-style-wide\"\/>\n\n\n\n<h2 class=\"wp-block-heading\">4.\u015eav\u015fat Karag\u00f6l Sahara Kamp Alan\u0131<\/h2>\n\n\n\n<figure class=\"wp-block-image\"><img decoding=\"async\" width=\"1008\" height=\"756\" data-src=\"https:\/\/geziyoo.co\/blog\/wp-content\/uploads\/2021\/11\/Savsat-Karagol-Sahara-Kamp-Alani-2.jpg\" alt=\"Savsat Karagol Sahara Kamp Alani 2\" class=\"wp-image-8511 lazyload\" title=\"Artvin Kamp Alanlar\u0131 ve Karavan Alanlar\u0131,En \u0130yi 20 Kamp Yeri 10\" data-srcset=\"http:\/\/geziyoo.co\/blog\/wp-content\/uploads\/2021\/11\/Savsat-Karagol-Sahara-Kamp-Alani-2.jpg 1008w, http:\/\/geziyoo.co\/blog\/wp-content\/uploads\/2021\/11\/Savsat-Karagol-Sahara-Kamp-Alani-2-300x225.jpg 300w, http:\/\/geziyoo.co\/blog\/wp-content\/uploads\/2021\/11\/Savsat-Karagol-Sahara-Kamp-Alani-2-768x576.jpg 768w\" data-sizes=\"(max-width: 1008px) 100vw, 1008px\" src=\"data:image\/gif;base64,R0lGODlhAQABAAAAACH5BAEKAAEALAAAAAABAAEAAAICTAEAOw==\" style=\"--smush-placeholder-width: 1008px; --smush-placeholder-aspect-ratio: 1008\/756;\" \/><figcaption class=\"wp-element-caption\">\u015eav\u015fat Kamp Alanlar\u0131-<strong>\u015eav\u015fat Karag\u00f6l Sahara<\/strong><\/figcaption><\/figure>\n\n\n\n<p>Artvin&#8217;in \u015eav\u015fat il\u00e7esinde yer alan \u015eav\u015fat Karag\u00f6l Sahara Kamp Alan\u0131, do\u011fayla i\u00e7 i\u00e7e bir kamp deneyimi arayanlar i\u00e7in ideal bir destinasyon. Yemye\u015fil ormanlarla \u00e7evrili Karag\u00f6l&#8217;\u00fcn k\u0131y\u0131s\u0131nda yer alan bu kamp alan\u0131, huzurlu atmosferi ve muhte\u015fem manzaras\u0131yla kamp\u00e7\u0131lar\u0131 b\u00fcy\u00fcl\u00fcyor.<\/p>\n\n\n\n<p>\u015eav\u015fat Karag\u00f6l Sahara Kamp Alan\u0131, \u015eav\u015fat il\u00e7e merkezine yakla\u015f\u0131k 20 kilometre uzakl\u0131ktad\u0131r. Maalesef kamp alan\u0131na toplu ta\u015f\u0131ma ile ula\u015f\u0131m imkan\u0131 bulunmamaktad\u0131r. Kendi arac\u0131n\u0131zla veya taksi ile ula\u015f\u0131m\u0131 sa\u011flayabilirsiniz. Kamp alan\u0131na giri\u015f \u00fccretsizdir.<\/p>\n\n\n\n<p>\u015eav\u015fat Karag\u00f6l Sahara Kamp Alan\u0131, kamp\u00e7\u0131lar i\u00e7in bir\u00e7ok imkan sunmaktad\u0131r. Kamp alan\u0131nda ate\u015f yakmak i\u00e7in \u00f6zel olarak belirlenmi\u015f alanlar bulunmaktad\u0131r. Ayr\u0131ca geni\u015f bir bah\u00e7e alan\u0131 dinlenebilece\u011finiz ve do\u011fan\u0131n keyfini \u00e7\u0131karabilece\u011finiz bir ortam sunmaktad\u0131r. Kamp alan\u0131nda \u00e7ad\u0131r kamp\u0131 ve karavan kamp\u0131 i\u00e7in uygun alanlar mevcuttur. Evcil hayvan\u0131n\u0131zla da kamp yapabilirsiniz.<\/p>\n\n\n\n<p>Kamp yapman\u0131n yan\u0131 s\u0131ra \u015eav\u015fat Karag\u00f6l Sahara Kamp Alan\u0131&#8217;nda bir\u00e7ok aktivite yapabilirsiniz. Do\u011fa y\u00fcr\u00fcy\u00fc\u015fleri, bisiklet turlar\u0131, piknik ve foto\u011fraf\u00e7\u0131l\u0131k gibi aktiviteler i\u00e7in ideal bir ortam sunmaktad\u0131r. Karag\u00f6l&#8217;de bal\u0131k tutabilir ve kano keyfi yapabilirsiniz.<\/p>\n\n\n\n<p>\u015eav\u015fat Karag\u00f6l Sahara Kamp Alan\u0131&#8217;n\u0131 ziyaret etmek i\u00e7in en uygun zaman ilkbahar ve yaz aylar\u0131d\u0131r. Bu aylarda hava s\u0131cakl\u0131\u011f\u0131 idealdir ve do\u011fa t\u00fcm g\u00fczelli\u011fiyle kar\u015f\u0131n\u0131za \u00e7\u0131kar. K\u0131\u015f aylar\u0131nda ise hava so\u011fuk ve ya\u011f\u0131\u015fl\u0131d\u0131r.<\/p>\n\n\n\n<hr class=\"wp-block-separator has-css-opacity is-style-wide\"\/>\n\n\n\n<ul id=\"block-3459d0fd-f64c-487e-a808-e248ff62f8f4\" class=\"wp-block-list\">\n<li><strong>\u015eav\u015fat Karag\u00f6l Sahara<\/strong>&nbsp;<strong>Adres<\/strong>&nbsp;:08790 Me\u015feli\/\u015eav\u015fat\/Artvin <a href=\"https:\/\/www.google.com\/maps?daddr=41.309108748405265,42.483145954727476\" target=\"_blank\" rel=\"noreferrer noopener\">Yol Tarifi Al<\/a><\/li>\n\n\n\n<li><strong>\u015eav\u015fat Karag\u00f6l Sahara<\/strong>&nbsp;<strong>Detayl\u0131 Bilgi Fiyatlar:<\/strong>Detayl\u0131 Bilgiler i\u00e7in&nbsp;<strong><em><strong><a href=\"https:\/\/geziyoo.co\/listing\/savsat-karagol-sahara-kamp-alani\/\">\u015eav\u015fat Karag\u00f6l Sahara<\/a><\/strong><\/em><\/strong>&nbsp;sayfas\u0131na bakabilirsiniz.<\/li>\n<\/ul>\n\n\n\n<hr class=\"wp-block-separator has-css-opacity is-style-wide\"\/>\n\n\n\n<h2 class=\"wp-block-heading\">5.Bo\u011fa G\u00f6l\u00fc Kamp Alan\u0131<\/h2>\n\n\n\n<figure class=\"wp-block-image\"><img decoding=\"async\" width=\"800\" height=\"600\" data-src=\"https:\/\/geziyoo.co\/blog\/wp-content\/uploads\/2021\/11\/Boga-Golu-Kamp-Alani-4.jpg\" alt=\"Boga Golu Kamp Alani 4\" class=\"wp-image-8530 lazyload\" title=\"Artvin Kamp Alanlar\u0131 ve Karavan Alanlar\u0131,En \u0130yi 20 Kamp Yeri 20\" data-srcset=\"http:\/\/geziyoo.co\/blog\/wp-content\/uploads\/2021\/11\/Boga-Golu-Kamp-Alani-4.jpg 800w, http:\/\/geziyoo.co\/blog\/wp-content\/uploads\/2021\/11\/Boga-Golu-Kamp-Alani-4-300x225.jpg 300w, http:\/\/geziyoo.co\/blog\/wp-content\/uploads\/2021\/11\/Boga-Golu-Kamp-Alani-4-768x576.jpg 768w\" data-sizes=\"(max-width: 800px) 100vw, 800px\" src=\"data:image\/gif;base64,R0lGODlhAQABAAAAACH5BAEKAAEALAAAAAABAAEAAAICTAEAOw==\" style=\"--smush-placeholder-width: 800px; --smush-placeholder-aspect-ratio: 800\/600;\" \/><\/figure>\n\n\n\n<p>Artvin&#8217;in \u015eav\u015fat il\u00e7esinde yer alan Bo\u011fa G\u00f6l\u00fc Kamp Alan\u0131, do\u011fayla i\u00e7 i\u00e7e bir kamp deneyimi arayanlar i\u00e7in ideal bir destinasyon. Yemye\u015fil ormanlarla \u00e7evrili Bo\u011fa G\u00f6l\u00fc&#8217;n\u00fcn k\u0131y\u0131s\u0131nda bulunan bu kamp alan\u0131, huzurlu atmosferi ve muhte\u015fem manzaras\u0131yla kamp\u00e7\u0131lar\u0131 b\u00fcy\u00fcl\u00fcyor.<\/p>\n\n\n\n<p>Bo\u011fa G\u00f6l\u00fc Kamp Alan\u0131, \u015eav\u015fat il\u00e7e merkezine yakla\u015f\u0131k 35 kilometre uzakl\u0131ktad\u0131r. Maalesef kamp alan\u0131na toplu ta\u015f\u0131ma ile ula\u015f\u0131m imkan\u0131 bulunmamaktad\u0131r. Kendi arac\u0131n\u0131zla veya taksi ile ula\u015f\u0131m\u0131 sa\u011flayabilirsiniz. Kamp alan\u0131na giri\u015f \u00fccretsizdir.<\/p>\n\n\n\n<p>Bo\u011fa G\u00f6l\u00fc Kamp Alan\u0131, kamp\u00e7\u0131lar i\u00e7in bir\u00e7ok imkan sunmaktad\u0131r. Kamp alan\u0131nda ate\u015f yakmak i\u00e7in \u00f6zel olarak belirlenmi\u015f alanlar bulunmaktad\u0131r. Ayr\u0131ca geni\u015f bir bah\u00e7e alan\u0131 dinlenebilece\u011finiz ve do\u011fan\u0131n keyfini \u00e7\u0131karabilece\u011finiz bir ortam sunmaktad\u0131r. Kamp alan\u0131nda \u00e7ad\u0131r kamp\u0131 ve karavan kamp\u0131 i\u00e7in uygun alanlar mevcuttur.<\/p>\n\n\n\n<p>Kamp yapman\u0131n yan\u0131 s\u0131ra Bo\u011fa G\u00f6l\u00fc Kamp Alan\u0131&#8217;nda bir\u00e7ok aktivite yapabilirsiniz. Do\u011fa y\u00fcr\u00fcy\u00fc\u015fleri, bisiklet turlar\u0131, piknik ve foto\u011fraf\u00e7\u0131l\u0131k gibi aktiviteler i\u00e7in ideal bir ortam sunmaktad\u0131r. Bo\u011fa G\u00f6l\u00fc&#8217;nde bal\u0131k tutabilir ve kano keyfi yapabilirsiniz.<\/p>\n\n\n\n<p>Bo\u011fa G\u00f6l\u00fc Kamp Alan\u0131&#8217;n\u0131 ziyaret etmek i\u00e7in en uygun zaman ilkbahar ve yaz aylar\u0131d\u0131r. Bu aylarda hava s\u0131cakl\u0131\u011f\u0131 idealdir ve do\u011fa t\u00fcm g\u00fczelli\u011fiyle kar\u015f\u0131n\u0131za \u00e7\u0131kar. K\u0131\u015f aylar\u0131nda ise hava so\u011fuk ve ya\u011f\u0131\u015fl\u0131d\u0131r.<\/p>\n\n\n\n<hr class=\"wp-block-separator has-css-opacity is-style-wide\"\/>\n\n\n\n<ul id=\"block-3459d0fd-f64c-487e-a808-e248ff62f8f4\" class=\"wp-block-list\">\n<li><strong>Bo\u011fa G\u00f6l\u00fc<\/strong>&nbsp;<strong>Adres<\/strong>&nbsp;:08790 P\u0131narl\u0131\/\u015eav\u015fat\/Artvin<a href=\"https:\/\/www.google.com\/maps?daddr=41.41232783690858,42.513804203193835\" target=\"_blank\" rel=\"noreferrer noopener\">Yol Tarifi Al<\/a><\/li>\n\n\n\n<li><strong>Bo\u011fa G\u00f6l\u00fc<\/strong>&nbsp;<strong>Detayl\u0131 Bilgi Fiyatlar:<\/strong>Detayl\u0131 Bilgiler i\u00e7in&nbsp;<strong><em><strong><a href=\"https:\/\/geziyoo.co\/listing\/boga-golu-kamp-alani\/\">Bo\u011fa G\u00f6l\u00fc<\/a><\/strong><\/em><\/strong>&nbsp;sayfas\u0131na bakabilirsiniz.<\/li>\n<\/ul>\n\n\n\n<hr class=\"wp-block-separator has-css-opacity is-style-wide\"\/>\n\n\n\n<h2 class=\"wp-block-heading\">6.\u015e\u0131rata G\u00f6lleri Kamp Alan\u0131<\/h2>\n\n\n\n<figure class=\"wp-block-image\"><img decoding=\"async\" width=\"800\" height=\"600\" data-src=\"https:\/\/geziyoo.co\/blog\/wp-content\/uploads\/2021\/11\/Sirata-Golleri-Kamp-Alani-5.jpg\" alt=\"Sirata Golleri Kamp Alani 5\" class=\"wp-image-8533 lazyload\" title=\"Artvin Kamp Alanlar\u0131 ve Karavan Alanlar\u0131,En \u0130yi 20 Kamp Yeri 21\" data-srcset=\"http:\/\/geziyoo.co\/blog\/wp-content\/uploads\/2021\/11\/Sirata-Golleri-Kamp-Alani-5.jpg 800w, http:\/\/geziyoo.co\/blog\/wp-content\/uploads\/2021\/11\/Sirata-Golleri-Kamp-Alani-5-300x225.jpg 300w, http:\/\/geziyoo.co\/blog\/wp-content\/uploads\/2021\/11\/Sirata-Golleri-Kamp-Alani-5-768x576.jpg 768w\" data-sizes=\"(max-width: 800px) 100vw, 800px\" src=\"data:image\/gif;base64,R0lGODlhAQABAAAAACH5BAEKAAEALAAAAAABAAEAAAICTAEAOw==\" style=\"--smush-placeholder-width: 800px; --smush-placeholder-aspect-ratio: 800\/600;\" \/><\/figure>\n\n\n\n<p>Artvin&#8217;in \u015eav\u015fat il\u00e7esinde yer alan \u015e\u0131rata G\u00f6lleri, do\u011fayla i\u00e7 i\u00e7e bir kamp deneyimi arayanlar i\u00e7in ideal bir destinasyondur. Yemye\u015fil ormanlarla \u00e7evrili \u00fc\u00e7 g\u00f6l\u00fcn etraf\u0131nda yer alan kamp alan\u0131, huzurlu atmosferi ve muhte\u015fem manzaras\u0131yla kamp\u00e7\u0131lar\u0131 b\u00fcy\u00fcl\u00fcyor.<\/p>\n\n\n\n<p>\u015e\u0131rata G\u00f6lleri Kamp Alan\u0131, Artvin \u015fehir merkezine yakla\u015f\u0131k 95 kilometre uzakl\u0131ktad\u0131r. Maalesef kamp alan\u0131na toplu ta\u015f\u0131ma ile ula\u015f\u0131m imkan\u0131 bulunmamaktad\u0131r. Kendi arac\u0131n\u0131zla veya taksi ile ula\u015f\u0131m\u0131 sa\u011flayabilirsiniz. Kamp alan\u0131na giri\u015f \u00fccretsizdir.<\/p>\n\n\n\n<p>\u015e\u0131rata G\u00f6lleri Kamp Alan\u0131, kamp\u00e7\u0131lar i\u00e7in bir\u00e7ok imkan sunmaktad\u0131r. Kamp alan\u0131nda ate\u015f yakmak i\u00e7in \u00f6zel olarak belirlenmi\u015f alanlar bulunmaktad\u0131r. Ayr\u0131ca geni\u015f bir bah\u00e7e alan\u0131 dinlenebilece\u011finiz ve do\u011fan\u0131n keyfini \u00e7\u0131karabilece\u011finiz bir ortam sunmaktad\u0131r. Kamp alan\u0131nda \u00e7ad\u0131r kamp\u0131 i\u00e7in uygun alanlar mevcuttur. Karavan kamp\u0131 maalesef b\u00f6lgenin ula\u015f\u0131m imkanlar\u0131 nedeniyle uygun de\u011fildir.<\/p>\n\n\n\n<p>Kamp yapman\u0131n yan\u0131 s\u0131ra \u015e\u0131rata G\u00f6lleri Kamp Alan\u0131&#8217;nda bir\u00e7ok aktivite yapabilirsiniz. Do\u011fa y\u00fcr\u00fcy\u00fc\u015fleri, bisiklet turlar\u0131, piknik ve foto\u011fraf\u00e7\u0131l\u0131k gibi aktiviteler i\u00e7in ideal bir ortam sunmaktad\u0131r.<\/p>\n\n\n\n<hr class=\"wp-block-separator has-css-opacity is-style-wide\"\/>\n\n\n\n<ul id=\"block-3459d0fd-f64c-487e-a808-e248ff62f8f4\" class=\"wp-block-list\">\n<li><strong>\u015e\u0131rata G\u00f6lleri Kamp Alan\u0131<\/strong>&nbsp;<strong>Adres<\/strong>&nbsp;:08790 P\u0131narl\u0131\/\u015eav\u015fat\/Artvin<a href=\"https:\/\/www.google.com\/maps?daddr=41.37497072789587,42.50057234773108\" target=\"_blank\" rel=\"noreferrer noopener\">Yol Tarifi Al<\/a><\/li>\n\n\n\n<li><strong>\u015e\u0131rata G\u00f6lleri Kamp Alan\u0131<\/strong>&nbsp;<strong>Detayl\u0131 Bilgi Fiyatlar:<\/strong>Detayl\u0131 Bilgiler i\u00e7in&nbsp;<strong><em><strong><a href=\"https:\/\/geziyoo.co\/listing\/sirata-golleri-kamp-alani\/\">\u015e\u0131rata G\u00f6lleri&nbsp;<\/a><\/strong><\/em><\/strong>sayfas\u0131na bakabilirsiniz.<\/li>\n<\/ul>\n\n\n\n<hr class=\"wp-block-separator has-css-opacity is-style-wide\"\/>\n\n\n\n<h2 class=\"wp-block-heading\">7.K\u0131z G\u00f6l\u00fc Kamp Alan\u0131<\/h2>\n\n\n\n<figure class=\"wp-block-image size-full\"><img decoding=\"async\" width=\"800\" height=\"600\" data-src=\"https:\/\/geziyoo.co\/blog\/wp-content\/uploads\/2024\/03\/Kiz-Golu-Kamp-Alani-7.jpg\" alt=\"\" class=\"wp-image-17033 lazyload\" data-srcset=\"http:\/\/geziyoo.co\/blog\/wp-content\/uploads\/2024\/03\/Kiz-Golu-Kamp-Alani-7.jpg 800w, http:\/\/geziyoo.co\/blog\/wp-content\/uploads\/2024\/03\/Kiz-Golu-Kamp-Alani-7-300x225.jpg 300w, http:\/\/geziyoo.co\/blog\/wp-content\/uploads\/2024\/03\/Kiz-Golu-Kamp-Alani-7-768x576.jpg 768w, http:\/\/geziyoo.co\/blog\/wp-content\/uploads\/2024\/03\/Kiz-Golu-Kamp-Alani-7-150x113.jpg 150w\" data-sizes=\"(max-width: 800px) 100vw, 800px\" src=\"data:image\/gif;base64,R0lGODlhAQABAAAAACH5BAEKAAEALAAAAAABAAEAAAICTAEAOw==\" style=\"--smush-placeholder-width: 800px; --smush-placeholder-aspect-ratio: 800\/600;\" \/><\/figure>\n\n\n\n<p>Ardahan ve Artvin illerinin s\u0131n\u0131r\u0131na yak\u0131n, do\u011fa harikalar\u0131yla dolu g\u00f6ller b\u00f6lgesinin gizli kalm\u0131\u015f m\u00fccevherlerinden biri olan K\u0131z G\u00f6l\u00fc, do\u011faseverler i\u00e7in ke\u015ffedilmeyi bekleyen bir cennet. Bu \u00f6zel g\u00f6l, \u00e7ad\u0131r kamp\u0131 yapmak isteyenler i\u00e7in benzersiz bir do\u011fal ortam sunuyor. K\u0131z G\u00f6l\u00fc\u2019n\u00fcn etkileyici manzaras\u0131 e\u015fli\u011finde, unutulmaz bir kamp deneyimi ya\u015fayabilirsiniz.<\/p>\n\n\n\n<p>K\u0131z G\u00f6l\u00fc, sadece \u00e7ad\u0131r kamp\u0131na uygun bir alan olarak \u00f6ne \u00e7\u0131k\u0131yor. Burada, teknolojinin yo\u011fun temposundan uzak, do\u011fa ile ba\u015f ba\u015fa kalma imkan\u0131 bulacaks\u0131n\u0131z. Trekking, foto\u011fraf\u00e7\u0131l\u0131k ve manzara seyri gibi aktivitelerle do\u011fan\u0131n kalbinde e\u015fsiz anlar ya\u015fayabilirsiniz. K\u0131z G\u00f6l\u00fc, \u00f6zellikle foto\u011fraf tutkunlar\u0131 i\u00e7in, her karesi bir tablo niteli\u011finde manzaralar sunuyor.<\/p>\n\n\n\n<p>K\u0131z G\u00f6l\u00fc \u00e7evresinde herhangi bir i\u015fletme veya sosyal imkan bulunmamaktad\u0131r. Bu, buran\u0131n do\u011fal g\u00fczelliklerinin korunmas\u0131na katk\u0131da bulunsa da, ziyaret\u00e7ilerin \u00f6nceden iyi bir haz\u0131rl\u0131k yapmalar\u0131n\u0131 gerektirir. Yiyecek, i\u00e7ecek ve di\u011fer temel ihtiya\u00e7lar\u0131n\u0131z\u0131 yan\u0131n\u0131zda getirmeyi unutmay\u0131n. Ayn\u0131 zamanda, K\u0131z G\u00f6l\u00fc\u2019ne ula\u015f\u0131m\u0131 sa\u011flayacak y\u00fcr\u00fcy\u00fc\u015f parkuru, do\u011fa y\u00fcr\u00fcy\u00fc\u015f\u00fcne \u00e7\u0131km\u0131\u015f olanlar i\u00e7in bile zorlu olabilir. Bu nedenle, uygun kamp ve y\u00fcr\u00fcy\u00fc\u015f ekipmanlar\u0131yla donan\u0131ml\u0131 olmak, bu maceraya \u00e7\u0131kmadan \u00f6nce \u00f6nem ta\u015f\u0131yor.<\/p>\n\n\n\n<p>K\u0131z G\u00f6l\u00fc, do\u011fayla i\u00e7 i\u00e7e, huzur dolu bir ka\u00e7\u0131\u015f sunuyor. Burada ge\u00e7irece\u011finiz zaman, \u015fehir hayat\u0131n\u0131n stresinden uzakla\u015fman\u0131z\u0131 ve do\u011fan\u0131n sundu\u011fu sakinli\u011fe odaklanman\u0131z\u0131 sa\u011flayacak. G\u00f6l \u00e7evresindeki trekking rotalar\u0131, her ad\u0131m\u0131n\u0131zda do\u011fan\u0131n de\u011fi\u015fen g\u00fczelliklerini ke\u015ffetme f\u0131rsat\u0131 sunarken, \u00e7ad\u0131r\u0131n\u0131zda uyurken dahi do\u011fan\u0131n seslerini duyabileceksiniz.<\/p>\n\n\n\n<p><strong>K\u0131z G\u00f6l\u00fc\u2019n\u00fc Ziyaret Etmek \u0130\u00e7in Bilmeniz Gerekenler<\/strong><\/p>\n\n\n\n<ul class=\"wp-block-list\">\n<li><strong>Ula\u015f\u0131m:<\/strong> K\u0131z G\u00f6l\u00fc, Ardahan \u2013 Artvin il s\u0131n\u0131r\u0131na yak\u0131n konumuyla, \u00f6zellikle \u00f6zel ara\u00e7la ula\u015f\u0131m i\u00e7in uygundur. Toplu ta\u015f\u0131ma se\u00e7enekleri s\u0131n\u0131rl\u0131 oldu\u011fundan, \u00f6zel arac\u0131n\u0131zla veya bir ara\u00e7 kiralayarak yolculuk planlamak daha mant\u0131kl\u0131 olabilir.<\/li>\n\n\n\n<li><strong>Haz\u0131rl\u0131k:<\/strong> Yiyecek, i\u00e7ecek, uyku tulumu, \u00e7ad\u0131r gibi temel kamp malzemelerinizin yan\u0131 s\u0131ra, g\u00fcne\u015f kremi, \u015fapka gibi koruyucu ekipmanlar\u0131 da unutmay\u0131n.<\/li>\n\n\n\n<li><strong>Aktiviteler:<\/strong> K\u0131z G\u00f6l\u00fc, do\u011fa y\u00fcr\u00fcy\u00fc\u015fleri, foto\u011fraf\u00e7\u0131l\u0131k ve sakin bir kamp deneyimi i\u00e7in m\u00fckemmel bir se\u00e7enektir. Do\u011fan\u0131n tad\u0131n\u0131 \u00e7\u0131karmaya odaklan\u0131n.<\/li>\n<\/ul>\n\n\n\n<hr class=\"wp-block-separator has-alpha-channel-opacity is-style-wide\"\/>\n\n\n\n<ul id=\"block-3459d0fd-f64c-487e-a808-e248ff62f8f4\" class=\"wp-block-list\">\n<li><strong>K\u0131z G\u00f6l\u00fc Kamp Alan\u0131<\/strong>&nbsp;<strong>Adres<\/strong>&nbsp;:&nbsp;08790 P\u0131narl\u0131\/\u015eav\u015fat\/Artvin <strong><em><a href=\"https:\/\/www.google.com\/maps?daddr=41.3907389399886,42.493272490758315\">Yol Tarifi Al<\/a><\/em><\/strong><\/li>\n\n\n\n<li><strong>K\u0131z G\u00f6l\u00fc Kamp Alan\u0131<\/strong>&nbsp;<strong>Detayl\u0131 Bilgi Fiyatlar:<\/strong>Detayl\u0131 Bilgiler i\u00e7in&nbsp;<strong><em><strong><a href=\"https:\/\/geziyoo.co\/listing\/kiz-golu-kamp-alani\/\">K\u0131z G\u00f6l\u00fc Kamp Alan\u0131<\/a>&nbsp;<\/strong><\/em><\/strong>sayfas\u0131na bakabilirsiniz.<\/li>\n<\/ul>\n\n\n\n<hr class=\"wp-block-separator has-alpha-channel-opacity is-style-wide\"\/>\n\n\n\n<h2 class=\"wp-block-heading\">8.\u00c7im G\u00f6l\u00fc Kamp Alan\u0131<\/h2>\n\n\n\n<figure class=\"wp-block-image size-full\"><img decoding=\"async\" width=\"800\" height=\"378\" data-src=\"https:\/\/geziyoo.co\/blog\/wp-content\/uploads\/2024\/03\/Cim-Golu-Kamp-Alani-3.jpg\" alt=\"\" class=\"wp-image-17034 lazyload\" data-srcset=\"http:\/\/geziyoo.co\/blog\/wp-content\/uploads\/2024\/03\/Cim-Golu-Kamp-Alani-3.jpg 800w, http:\/\/geziyoo.co\/blog\/wp-content\/uploads\/2024\/03\/Cim-Golu-Kamp-Alani-3-300x142.jpg 300w, http:\/\/geziyoo.co\/blog\/wp-content\/uploads\/2024\/03\/Cim-Golu-Kamp-Alani-3-768x363.jpg 768w, http:\/\/geziyoo.co\/blog\/wp-content\/uploads\/2024\/03\/Cim-Golu-Kamp-Alani-3-150x71.jpg 150w\" data-sizes=\"(max-width: 800px) 100vw, 800px\" src=\"data:image\/gif;base64,R0lGODlhAQABAAAAACH5BAEKAAEALAAAAAABAAEAAAICTAEAOw==\" style=\"--smush-placeholder-width: 800px; --smush-placeholder-aspect-ratio: 800\/378;\" \/><\/figure>\n\n\n\n<p>Artvin&#8217;in \u015eav\u015fat il\u00e7esinde yer alan \u00c7im G\u00f6l\u00fc, do\u011fayla i\u00e7 i\u00e7e bir kamp deneyimi arayanlar i\u00e7in ideal bir destinasyondur. Yemye\u015fil ormanlarla \u00e7evrili bu g\u00f6l, huzurlu atmosferi ve muhte\u015fem manzaras\u0131yla kamp\u00e7\u0131lar\u0131 b\u00fcy\u00fcl\u00fcyor.<\/p>\n\n\n\n<p>\u00c7im G\u00f6l\u00fc&#8217;ne ula\u015f\u0131m, Arsiyan Yaylas\u0131&#8217;na kadar \u00f6zel ara\u00e7 veya taksi ile sa\u011flanmaktad\u0131r. Arsiyan Yaylas\u0131&#8217;ndan sonra \u00c7im G\u00f6l\u00fc&#8217;ne yakla\u015f\u0131k 20 dakikal\u0131k bir y\u00fcr\u00fcy\u00fc\u015f ile ula\u015fabilirsiniz. Maalesef kamp alan\u0131na toplu ta\u015f\u0131ma ile ula\u015f\u0131m imkan\u0131 bulunmamaktad\u0131r. \u00c7im G\u00f6l\u00fc&#8217;ne giri\u015f \u00fccretsizdir.<\/p>\n\n\n\n<p>\u00c7im G\u00f6l\u00fc, sadece \u00e7ad\u0131r kamp\u0131 i\u00e7in uygundur. G\u00f6l \u00e7evresinde elektrik, su ve tuvalet gibi imkanlar bulunmamaktad\u0131r. Kamp\u00e7\u0131lar kendi ihtiya\u00e7lar\u0131n\u0131 kar\u015f\u0131lamal\u0131d\u0131r.<\/p>\n\n\n\n<p>Kamp yapman\u0131n yan\u0131 s\u0131ra \u00c7im G\u00f6l\u00fc&#8217;nde bir\u00e7ok aktivite yapabilirsiniz. Do\u011fa y\u00fcr\u00fcy\u00fc\u015fleri, foto\u011fraf\u00e7\u0131l\u0131k ve manzara seyri i\u00e7in ideal bir ortam sunmaktad\u0131r. G\u00f6lde bal\u0131k tutabilir ve ayaklar\u0131n\u0131z\u0131 sokarak serinleyebilirsiniz.<\/p>\n\n\n\n<p>\u00c7im G\u00f6l\u00fc&#8217;n\u00fc ziyaret etmek i\u00e7in en uygun zaman ilkbahar ve yaz aylar\u0131d\u0131r. Bu aylarda hava s\u0131cakl\u0131\u011f\u0131 idealdir ve do\u011fa t\u00fcm g\u00fczelli\u011fiyle kar\u015f\u0131n\u0131za \u00e7\u0131kar. K\u0131\u015f aylar\u0131nda ise hava so\u011fuk ve ya\u011f\u0131\u015fl\u0131d\u0131r.<\/p>\n\n\n\n<hr class=\"wp-block-separator has-alpha-channel-opacity is-style-wide\"\/>\n\n\n\n<ul id=\"block-3459d0fd-f64c-487e-a808-e248ff62f8f4\" class=\"wp-block-list\">\n<li><strong>\u00c7im G\u00f6l\u00fc Kamp Alan\u0131<\/strong> <strong>Adres<\/strong>&nbsp;:&nbsp;&nbsp;08790 Demirkap\u0131\/\u015eav\u015fat\/Artvin <strong><em><a href=\"https:\/\/www.google.com\/maps?daddr=41.415434659795615,42.49341756773927\">Yol Tarifi Al<\/a><\/em><\/strong><\/li>\n\n\n\n<li><strong>\u00c7im G\u00f6l\u00fc Kamp Alan\u0131&nbsp;Detayl\u0131 Bilgi Fiyatlar:<\/strong>Detayl\u0131 Bilgiler i\u00e7in&nbsp;<strong><em><a href=\"https:\/\/geziyoo.co\/listing\/cim-golu-kamp-alani\/\">\u00c7im G\u00f6l\u00fc Kamp Alan\u0131<\/a><strong>&nbsp;<\/strong><\/em><\/strong>sayfas\u0131na bakabilirsiniz.<\/li>\n<\/ul>\n\n\n\n<hr class=\"wp-block-separator has-alpha-channel-opacity is-style-wide\"\/>\n\n\n\n<p><strong>\u015eav\u015fat Kamp Alanlar\u0131<\/strong>&nbsp;i\u00e7eri\u011fimizin sonuna geldik sizlere \u015eav\u015fat&#8217;da kamp yapabilece\u011finiz \u00fccretli ve \u00fccretsiz kamp alanlar\u0131n\u0131 aktarmaya \u00e7al\u0131\u015ft\u0131k.Umar\u0131z i\u00e7eri\u011fimiz sizlere faydal\u0131 olabilmi\u015ftir.Bu kamp alanlar\u0131 ile ilgili detayl\u0131 bilgiler i\u00e7in&nbsp;<em><strong><a href=\"https:\/\/geziyoo.co\/?select=&amp;lp_s_loc=262&amp;lp_s_tag=&amp;lp_s_cat=&amp;s=home&amp;post_type=listing\">Artvin KAMP L\u0130STES\u0130<\/a><\/strong><\/em>&nbsp;sayfam\u0131za da bakman\u0131z\u0131 tavsiye eder g\u00fczel bir kamp ge\u00e7irmenizi dileriz.<\/p>\n\n\n\n<hr class=\"wp-block-separator has-alpha-channel-opacity is-style-wide\"\/>\n\n\n\n<h3 class=\"wp-block-heading\">Bunlar\u0131 da Sevebilirsiniz;<\/h3>\n\n\n<ul class=\"wp-block-latest-posts__list wp-block-latest-posts\"><li><a class=\"wp-block-latest-posts__post-title\" href=\"http:\/\/geziyoo.co\/blog\/yusufeli-kamp-alanlari-ve-karavan-alanlari\/\">Yusufeli ve Ka\u00e7kar Da\u011flar\u0131 Etekleri \u00dccretsiz 4 Do\u011fa Kamp\u0131 (Konum ve \u0130pu\u00e7lar\u0131)<\/a><\/li>\n<li><a class=\"wp-block-latest-posts__post-title\" href=\"http:\/\/geziyoo.co\/blog\/yumurtalik-kamp-alanlari\/\">Yumurtal\u0131k Geneli \u00dccretli ve \u00dccretsiz 6+ Kamp Alan\u0131 (\u0130leti\u015fim ve Konum)<\/a><\/li>\n<li><a class=\"wp-block-latest-posts__post-title\" href=\"http:\/\/geziyoo.co\/blog\/yesilova-kamp-alanlari-ve-karavan-alanlari\/\">Ye\u015filova ve Salda G\u00f6l\u00fc \u00c7evresi En \u0130yi 2 Kamp Alan\u0131 (\u0130leti\u015fim ve Konum)<\/a><\/li>\n<\/ul>","protected":false},"excerpt":{"rendered":"<p>\u015eav\u015fat, ladin ormanlar\u0131n\u0131n aras\u0131na gizlenmi\u015f masals\u0131 ah\u015fap evleri, aynay\u0131 and\u0131ran Karag\u00f6l\u2019\u00fc ve g\u00f6ky\u00fcz\u00fcne de\u011fen yaylalar\u0131yla &#8220;T\u00fcrkiye\u2019nin Alpleri&#8221; benzetmesini sonuna kadar hak eden bir do\u011fa harikas\u0131d\u0131r. &#8220;Sakin \u015eehir&#8221; (Cittaslow) unvan\u0131na sahip bu b\u00f6lge, kalabal\u0131ktan ve g\u00fcr\u00fclt\u00fcden uzakla\u015f\u0131p sadece ku\u015f sesleri ve r\u00fczgar\u0131n u\u011fultusunu dinlemek isteyen kamp\u00e7\u0131lar i\u00e7in bir terapi merkezidir. Ancak do\u011fan\u0131n bu kadar bakir oldu\u011fu &hellip;<\/p>\n","protected":false},"author":1,"featured_media":8515,"comment_status":"open","ping_status":"open","sticky":false,"template":"","format":"standard","meta":{"footnotes":""},"categories":[589,23],"tags":[],"class_list":["post-8535","post","type-post","status-publish","format-standard","has-post-thumbnail","hentry","category-kamp1","category-kamp-kamp-alanlari"],"yoast_head":"<!-- This site is optimized with the Yoast SEO plugin v26.9 - https:\/\/yoast.com\/product\/yoast-seo-wordpress\/ -->\n<title>\u015eav\u015fat\u2019ta En \u0130yi 8 Kamp Alan\u0131: \u00dccretli, \u00dccretsiz ve Tesisli | Geziyoo<\/title>\n<meta name=\"description\" content=\"\u015eav\u015fat, Karag\u00f6l ve Sahara Milli Park\u0131 dahil \u00fccretli ve \u00fccretsiz 8 kamp alan\u0131n\u0131 listeledik. Komisyon yok! \u0130\u015fletme telefonlar\u0131 ve detayl\u0131 konumlar\" \/>\n<meta name=\"robots\" content=\"index, follow, max-snippet:-1, max-image-preview:large, max-video-preview:-1\" \/>\n<link rel=\"canonical\" href=\"http:\/\/geziyoo.co\/blog\/savsat-kamp-alanlari-ve-karavan-alanlarikamp-yeri\/\" \/>\n<meta property=\"og:locale\" content=\"tr_TR\" \/>\n<meta property=\"og:type\" content=\"article\" \/>\n<meta property=\"og:title\" content=\"\u015eav\u015fat\u2019ta En \u0130yi 8 Kamp Alan\u0131: \u00dccretli, \u00dccretsiz ve Tesisli | Geziyoo\" \/>\n<meta property=\"og:description\" content=\"\u015eav\u015fat, Karag\u00f6l ve Sahara Milli Park\u0131 dahil \u00fccretli ve \u00fccretsiz 8 kamp alan\u0131n\u0131 listeledik. Komisyon yok! \u0130\u015fletme telefonlar\u0131 ve detayl\u0131 konumlar\" \/>\n<meta property=\"og:url\" content=\"http:\/\/geziyoo.co\/blog\/savsat-kamp-alanlari-ve-karavan-alanlarikamp-yeri\/\" \/>\n<meta property=\"og:site_name\" content=\"Geziyoo.co\" \/>\n<meta property=\"article:publisher\" content=\"https:\/\/www.facebook.com\/Geziyooco\" \/>\n<meta property=\"article:author\" content=\"https:\/\/www.facebook.com\/geziyoo.co\" \/>\n<meta property=\"article:published_time\" content=\"2021-11-07T12:43:26+00:00\" \/>\n<meta property=\"article:modified_time\" content=\"2026-01-27T12:12:10+00:00\" \/>\n<meta property=\"og:image\" content=\"http:\/\/geziyoo.co\/blog\/wp-content\/uploads\/2021\/11\/Artvin-Kamp-Yerleri-Dilberduzu-Kamp-Alani.jpg\" \/>\n\t<meta property=\"og:image:width\" content=\"1024\" \/>\n\t<meta property=\"og:image:height\" content=\"683\" \/>\n\t<meta property=\"og:image:type\" content=\"image\/jpeg\" \/>\n<meta name=\"author\" content=\"Geziyoo\" \/>\n<meta name=\"twitter:card\" content=\"summary_large_image\" \/>\n<meta name=\"twitter:creator\" content=\"@https:\/\/twitter.com\/geziyoo\" \/>\n<meta name=\"twitter:site\" content=\"@geziyoo\" \/>\n<meta name=\"twitter:label1\" content=\"Yazan:\" \/>\n\t<meta name=\"twitter:data1\" content=\"Geziyoo\" \/>\n\t<meta name=\"twitter:label2\" content=\"Tahmini okuma s\u00fcresi\" \/>\n\t<meta name=\"twitter:data2\" content=\"14 dakika\" \/>\n<script type=\"application\/ld+json\" class=\"yoast-schema-graph\">{\"@context\":\"https:\/\/schema.org\",\"@graph\":[{\"@type\":\"Article\",\"@id\":\"http:\/\/geziyoo.co\/blog\/savsat-kamp-alanlari-ve-karavan-alanlarikamp-yeri\/#article\",\"isPartOf\":{\"@id\":\"http:\/\/geziyoo.co\/blog\/savsat-kamp-alanlari-ve-karavan-alanlarikamp-yeri\/\"},\"author\":{\"name\":\"Geziyoo\",\"@id\":\"https:\/\/geziyoo.co\/blog\/#\/schema\/person\/032acb2436540ed14784e7d978aef0e4\"},\"headline\":\"\u015eav\u015fat Geneli \u00dccretli ve \u00dccretsiz 8+ Kamp Alan\u0131 (\u0130leti\u015fim ve Konum)\",\"datePublished\":\"2021-11-07T12:43:26+00:00\",\"dateModified\":\"2026-01-27T12:12:10+00:00\",\"mainEntityOfPage\":{\"@id\":\"http:\/\/geziyoo.co\/blog\/savsat-kamp-alanlari-ve-karavan-alanlarikamp-yeri\/\"},\"wordCount\":3027,\"commentCount\":0,\"publisher\":{\"@id\":\"https:\/\/geziyoo.co\/blog\/#organization\"},\"image\":{\"@id\":\"http:\/\/geziyoo.co\/blog\/savsat-kamp-alanlari-ve-karavan-alanlarikamp-yeri\/#primaryimage\"},\"thumbnailUrl\":\"http:\/\/geziyoo.co\/blog\/wp-content\/uploads\/2021\/11\/Artvin-Kamp-Yerleri-Dilberduzu-Kamp-Alani.jpg\",\"articleSection\":[\"Kamp\",\"Kamp Alanlar\u0131\"],\"inLanguage\":\"tr\",\"potentialAction\":[{\"@type\":\"CommentAction\",\"name\":\"Comment\",\"target\":[\"http:\/\/geziyoo.co\/blog\/savsat-kamp-alanlari-ve-karavan-alanlarikamp-yeri\/#respond\"]}]},{\"@type\":\"WebPage\",\"@id\":\"http:\/\/geziyoo.co\/blog\/savsat-kamp-alanlari-ve-karavan-alanlarikamp-yeri\/\",\"url\":\"http:\/\/geziyoo.co\/blog\/savsat-kamp-alanlari-ve-karavan-alanlarikamp-yeri\/\",\"name\":\"\u015eav\u015fat\u2019ta En \u0130yi 8 Kamp Alan\u0131: \u00dccretli, \u00dccretsiz ve Tesisli | Geziyoo\",\"isPartOf\":{\"@id\":\"https:\/\/geziyoo.co\/blog\/#website\"},\"primaryImageOfPage\":{\"@id\":\"http:\/\/geziyoo.co\/blog\/savsat-kamp-alanlari-ve-karavan-alanlarikamp-yeri\/#primaryimage\"},\"image\":{\"@id\":\"http:\/\/geziyoo.co\/blog\/savsat-kamp-alanlari-ve-karavan-alanlarikamp-yeri\/#primaryimage\"},\"thumbnailUrl\":\"http:\/\/geziyoo.co\/blog\/wp-content\/uploads\/2021\/11\/Artvin-Kamp-Yerleri-Dilberduzu-Kamp-Alani.jpg\",\"datePublished\":\"2021-11-07T12:43:26+00:00\",\"dateModified\":\"2026-01-27T12:12:10+00:00\",\"description\":\"\u015eav\u015fat, Karag\u00f6l ve Sahara Milli Park\u0131 dahil \u00fccretli ve \u00fccretsiz 8 kamp alan\u0131n\u0131 listeledik. Komisyon yok! \u0130\u015fletme telefonlar\u0131 ve detayl\u0131 konumlar\",\"breadcrumb\":{\"@id\":\"http:\/\/geziyoo.co\/blog\/savsat-kamp-alanlari-ve-karavan-alanlarikamp-yeri\/#breadcrumb\"},\"inLanguage\":\"tr\",\"potentialAction\":[{\"@type\":\"ReadAction\",\"target\":[\"http:\/\/geziyoo.co\/blog\/savsat-kamp-alanlari-ve-karavan-alanlarikamp-yeri\/\"]}]},{\"@type\":\"ImageObject\",\"inLanguage\":\"tr\",\"@id\":\"http:\/\/geziyoo.co\/blog\/savsat-kamp-alanlari-ve-karavan-alanlarikamp-yeri\/#primaryimage\",\"url\":\"http:\/\/geziyoo.co\/blog\/wp-content\/uploads\/2021\/11\/Artvin-Kamp-Yerleri-Dilberduzu-Kamp-Alani.jpg\",\"contentUrl\":\"http:\/\/geziyoo.co\/blog\/wp-content\/uploads\/2021\/11\/Artvin-Kamp-Yerleri-Dilberduzu-Kamp-Alani.jpg\",\"width\":1024,\"height\":683},{\"@type\":\"BreadcrumbList\",\"@id\":\"http:\/\/geziyoo.co\/blog\/savsat-kamp-alanlari-ve-karavan-alanlarikamp-yeri\/#breadcrumb\",\"itemListElement\":[{\"@type\":\"ListItem\",\"position\":1,\"name\":\"Ana sayfa\",\"item\":\"https:\/\/geziyoo.co\/blog\/\"},{\"@type\":\"ListItem\",\"position\":2,\"name\":\"\u015eav\u015fat Geneli \u00dccretli ve \u00dccretsiz 8+ Kamp Alan\u0131 (\u0130leti\u015fim ve Konum)\"}]},{\"@type\":\"WebSite\",\"@id\":\"https:\/\/geziyoo.co\/blog\/#website\",\"url\":\"https:\/\/geziyoo.co\/blog\/\",\"name\":\"Geziyoo Blog\",\"description\":\"GeziYoo Blog&#039;da T\u00fcrkiye&#039;nin en iyi kamp alanlar\u0131ndan bungalov tatillerine, karavan ipu\u00e7lar\u0131ndan gezi rehberlerine kadar her t\u00fcrl\u00fc do\u011fa deneyimini ke\u015ffedin.\",\"publisher\":{\"@id\":\"https:\/\/geziyoo.co\/blog\/#organization\"},\"potentialAction\":[{\"@type\":\"SearchAction\",\"target\":{\"@type\":\"EntryPoint\",\"urlTemplate\":\"https:\/\/geziyoo.co\/blog\/?s={search_term_string}\"},\"query-input\":{\"@type\":\"PropertyValueSpecification\",\"valueRequired\":true,\"valueName\":\"search_term_string\"}}],\"inLanguage\":\"tr\"},{\"@type\":\"Organization\",\"@id\":\"https:\/\/geziyoo.co\/blog\/#organization\",\"name\":\"Geziyoo.co\",\"url\":\"https:\/\/geziyoo.co\/blog\/\",\"logo\":{\"@type\":\"ImageObject\",\"inLanguage\":\"tr\",\"@id\":\"https:\/\/geziyoo.co\/blog\/#\/schema\/logo\/image\/\",\"url\":\"https:\/\/geziyoo.co\/blog\/wp-content\/uploads\/2025\/01\/Paragraf-metniniz-3.png\",\"contentUrl\":\"https:\/\/geziyoo.co\/blog\/wp-content\/uploads\/2025\/01\/Paragraf-metniniz-3.png\",\"width\":270,\"height\":50,\"caption\":\"Geziyoo.co\"},\"image\":{\"@id\":\"https:\/\/geziyoo.co\/blog\/#\/schema\/logo\/image\/\"},\"sameAs\":[\"https:\/\/www.facebook.com\/Geziyooco\",\"https:\/\/x.com\/geziyoo\",\"https:\/\/tr.pinterest.com\/geziyooco\/\",\"https:\/\/www.youtube.com\/@geziyoo\",\"https:\/\/www.instagram.com\/geziyoo.co\/\"]},{\"@type\":\"Person\",\"@id\":\"https:\/\/geziyoo.co\/blog\/#\/schema\/person\/032acb2436540ed14784e7d978aef0e4\",\"name\":\"Geziyoo\",\"image\":{\"@type\":\"ImageObject\",\"inLanguage\":\"tr\",\"@id\":\"https:\/\/geziyoo.co\/blog\/#\/schema\/person\/image\/\",\"url\":\"https:\/\/secure.gravatar.com\/avatar\/ae212a4514471fdb8cab6e5af4f3c99b940a2d0a16713ea0392c8d7c8a64f30a?s=96&d=mm&r=g\",\"contentUrl\":\"https:\/\/secure.gravatar.com\/avatar\/ae212a4514471fdb8cab6e5af4f3c99b940a2d0a16713ea0392c8d7c8a64f30a?s=96&d=mm&r=g\",\"caption\":\"Geziyoo\"},\"description\":\"Do\u011fa ile i\u00e7 i\u00e7e olabilece\u011finiz yerler,do\u011fa aktivite alanlar\u0131,kamp alanlar\u0131,bungalov oteller,Tiny House Oteller, Galampingler ve da\u011f evlerinin herkes i\u00e7in ula\u015f\u0131labilir olmas\u0131n\u0131 sa\u011flamak amac\u0131yla Geziyoo\u2019ya 2019 y\u0131l\u0131nda ba\u015flad\u0131k.Do\u011fal Tatil konseptini uygulayan en geni\u015f kapsaml\u0131 sitedir.\",\"sameAs\":[\"https:\/\/geziyoo.co\/\",\"https:\/\/www.facebook.com\/geziyoo.co\",\"https:\/\/www.instagram.com\/geziyoo.co\/\",\"https:\/\/tr.pinterest.com\/geziyooco\/\",\"https:\/\/x.com\/https:\/\/twitter.com\/geziyoo\",\"https:\/\/www.youtube.com\/channel\/UCdiSMa6pe17KEY7DP1Ug4ag\"]}]}<\/script>\n<!-- \/ Yoast SEO plugin. -->","yoast_head_json":{"title":"\u015eav\u015fat\u2019ta En \u0130yi 8 Kamp Alan\u0131: \u00dccretli, \u00dccretsiz ve Tesisli | Geziyoo","description":"\u015eav\u015fat, Karag\u00f6l ve Sahara Milli Park\u0131 dahil \u00fccretli ve \u00fccretsiz 8 kamp alan\u0131n\u0131 listeledik. Komisyon yok! \u0130\u015fletme telefonlar\u0131 ve detayl\u0131 konumlar","robots":{"index":"index","follow":"follow","max-snippet":"max-snippet:-1","max-image-preview":"max-image-preview:large","max-video-preview":"max-video-preview:-1"},"canonical":"http:\/\/geziyoo.co\/blog\/savsat-kamp-alanlari-ve-karavan-alanlarikamp-yeri\/","og_locale":"tr_TR","og_type":"article","og_title":"\u015eav\u015fat\u2019ta En \u0130yi 8 Kamp Alan\u0131: \u00dccretli, \u00dccretsiz ve Tesisli | Geziyoo","og_description":"\u015eav\u015fat, Karag\u00f6l ve Sahara Milli Park\u0131 dahil \u00fccretli ve \u00fccretsiz 8 kamp alan\u0131n\u0131 listeledik. Komisyon yok! \u0130\u015fletme telefonlar\u0131 ve detayl\u0131 konumlar","og_url":"http:\/\/geziyoo.co\/blog\/savsat-kamp-alanlari-ve-karavan-alanlarikamp-yeri\/","og_site_name":"Geziyoo.co","article_publisher":"https:\/\/www.facebook.com\/Geziyooco","article_author":"https:\/\/www.facebook.com\/geziyoo.co","article_published_time":"2021-11-07T12:43:26+00:00","article_modified_time":"2026-01-27T12:12:10+00:00","og_image":[{"width":1024,"height":683,"url":"http:\/\/geziyoo.co\/blog\/wp-content\/uploads\/2021\/11\/Artvin-Kamp-Yerleri-Dilberduzu-Kamp-Alani.jpg","type":"image\/jpeg"}],"author":"Geziyoo","twitter_card":"summary_large_image","twitter_creator":"@https:\/\/twitter.com\/geziyoo","twitter_site":"@geziyoo","twitter_misc":{"Yazan:":"Geziyoo","Tahmini okuma s\u00fcresi":"14 dakika"},"schema":{"@context":"https:\/\/schema.org","@graph":[{"@type":"Article","@id":"http:\/\/geziyoo.co\/blog\/savsat-kamp-alanlari-ve-karavan-alanlarikamp-yeri\/#article","isPartOf":{"@id":"http:\/\/geziyoo.co\/blog\/savsat-kamp-alanlari-ve-karavan-alanlarikamp-yeri\/"},"author":{"name":"Geziyoo","@id":"https:\/\/geziyoo.co\/blog\/#\/schema\/person\/032acb2436540ed14784e7d978aef0e4"},"headline":"\u015eav\u015fat Geneli \u00dccretli ve \u00dccretsiz 8+ Kamp Alan\u0131 (\u0130leti\u015fim ve Konum)","datePublished":"2021-11-07T12:43:26+00:00","dateModified":"2026-01-27T12:12:10+00:00","mainEntityOfPage":{"@id":"http:\/\/geziyoo.co\/blog\/savsat-kamp-alanlari-ve-karavan-alanlarikamp-yeri\/"},"wordCount":3027,"commentCount":0,"publisher":{"@id":"https:\/\/geziyoo.co\/blog\/#organization"},"image":{"@id":"http:\/\/geziyoo.co\/blog\/savsat-kamp-alanlari-ve-karavan-alanlarikamp-yeri\/#primaryimage"},"thumbnailUrl":"http:\/\/geziyoo.co\/blog\/wp-content\/uploads\/2021\/11\/Artvin-Kamp-Yerleri-Dilberduzu-Kamp-Alani.jpg","articleSection":["Kamp","Kamp Alanlar\u0131"],"inLanguage":"tr","potentialAction":[{"@type":"CommentAction","name":"Comment","target":["http:\/\/geziyoo.co\/blog\/savsat-kamp-alanlari-ve-karavan-alanlarikamp-yeri\/#respond"]}]},{"@type":"WebPage","@id":"http:\/\/geziyoo.co\/blog\/savsat-kamp-alanlari-ve-karavan-alanlarikamp-yeri\/","url":"http:\/\/geziyoo.co\/blog\/savsat-kamp-alanlari-ve-karavan-alanlarikamp-yeri\/","name":"\u015eav\u015fat\u2019ta En \u0130yi 8 Kamp Alan\u0131: \u00dccretli, \u00dccretsiz ve Tesisli | Geziyoo","isPartOf":{"@id":"https:\/\/geziyoo.co\/blog\/#website"},"primaryImageOfPage":{"@id":"http:\/\/geziyoo.co\/blog\/savsat-kamp-alanlari-ve-karavan-alanlarikamp-yeri\/#primaryimage"},"image":{"@id":"http:\/\/geziyoo.co\/blog\/savsat-kamp-alanlari-ve-karavan-alanlarikamp-yeri\/#primaryimage"},"thumbnailUrl":"http:\/\/geziyoo.co\/blog\/wp-content\/uploads\/2021\/11\/Artvin-Kamp-Yerleri-Dilberduzu-Kamp-Alani.jpg","datePublished":"2021-11-07T12:43:26+00:00","dateModified":"2026-01-27T12:12:10+00:00","description":"\u015eav\u015fat, Karag\u00f6l ve Sahara Milli Park\u0131 dahil \u00fccretli ve \u00fccretsiz 8 kamp alan\u0131n\u0131 listeledik. Komisyon yok! \u0130\u015fletme telefonlar\u0131 ve detayl\u0131 konumlar","breadcrumb":{"@id":"http:\/\/geziyoo.co\/blog\/savsat-kamp-alanlari-ve-karavan-alanlarikamp-yeri\/#breadcrumb"},"inLanguage":"tr","potentialAction":[{"@type":"ReadAction","target":["http:\/\/geziyoo.co\/blog\/savsat-kamp-alanlari-ve-karavan-alanlarikamp-yeri\/"]}]},{"@type":"ImageObject","inLanguage":"tr","@id":"http:\/\/geziyoo.co\/blog\/savsat-kamp-alanlari-ve-karavan-alanlarikamp-yeri\/#primaryimage","url":"http:\/\/geziyoo.co\/blog\/wp-content\/uploads\/2021\/11\/Artvin-Kamp-Yerleri-Dilberduzu-Kamp-Alani.jpg","contentUrl":"http:\/\/geziyoo.co\/blog\/wp-content\/uploads\/2021\/11\/Artvin-Kamp-Yerleri-Dilberduzu-Kamp-Alani.jpg","width":1024,"height":683},{"@type":"BreadcrumbList","@id":"http:\/\/geziyoo.co\/blog\/savsat-kamp-alanlari-ve-karavan-alanlarikamp-yeri\/#breadcrumb","itemListElement":[{"@type":"ListItem","position":1,"name":"Ana sayfa","item":"https:\/\/geziyoo.co\/blog\/"},{"@type":"ListItem","position":2,"name":"\u015eav\u015fat Geneli \u00dccretli ve \u00dccretsiz 8+ Kamp Alan\u0131 (\u0130leti\u015fim ve Konum)"}]},{"@type":"WebSite","@id":"https:\/\/geziyoo.co\/blog\/#website","url":"https:\/\/geziyoo.co\/blog\/","name":"Geziyoo Blog","description":"GeziYoo Blog&#039;da T\u00fcrkiye&#039;nin en iyi kamp alanlar\u0131ndan bungalov tatillerine, karavan ipu\u00e7lar\u0131ndan gezi rehberlerine kadar her t\u00fcrl\u00fc do\u011fa deneyimini ke\u015ffedin.","publisher":{"@id":"https:\/\/geziyoo.co\/blog\/#organization"},"potentialAction":[{"@type":"SearchAction","target":{"@type":"EntryPoint","urlTemplate":"https:\/\/geziyoo.co\/blog\/?s={search_term_string}"},"query-input":{"@type":"PropertyValueSpecification","valueRequired":true,"valueName":"search_term_string"}}],"inLanguage":"tr"},{"@type":"Organization","@id":"https:\/\/geziyoo.co\/blog\/#organization","name":"Geziyoo.co","url":"https:\/\/geziyoo.co\/blog\/","logo":{"@type":"ImageObject","inLanguage":"tr","@id":"https:\/\/geziyoo.co\/blog\/#\/schema\/logo\/image\/","url":"https:\/\/geziyoo.co\/blog\/wp-content\/uploads\/2025\/01\/Paragraf-metniniz-3.png","contentUrl":"https:\/\/geziyoo.co\/blog\/wp-content\/uploads\/2025\/01\/Paragraf-metniniz-3.png","width":270,"height":50,"caption":"Geziyoo.co"},"image":{"@id":"https:\/\/geziyoo.co\/blog\/#\/schema\/logo\/image\/"},"sameAs":["https:\/\/www.facebook.com\/Geziyooco","https:\/\/x.com\/geziyoo","https:\/\/tr.pinterest.com\/geziyooco\/","https:\/\/www.youtube.com\/@geziyoo","https:\/\/www.instagram.com\/geziyoo.co\/"]},{"@type":"Person","@id":"https:\/\/geziyoo.co\/blog\/#\/schema\/person\/032acb2436540ed14784e7d978aef0e4","name":"Geziyoo","image":{"@type":"ImageObject","inLanguage":"tr","@id":"https:\/\/geziyoo.co\/blog\/#\/schema\/person\/image\/","url":"https:\/\/secure.gravatar.com\/avatar\/ae212a4514471fdb8cab6e5af4f3c99b940a2d0a16713ea0392c8d7c8a64f30a?s=96&d=mm&r=g","contentUrl":"https:\/\/secure.gravatar.com\/avatar\/ae212a4514471fdb8cab6e5af4f3c99b940a2d0a16713ea0392c8d7c8a64f30a?s=96&d=mm&r=g","caption":"Geziyoo"},"description":"Do\u011fa ile i\u00e7 i\u00e7e olabilece\u011finiz yerler,do\u011fa aktivite alanlar\u0131,kamp alanlar\u0131,bungalov oteller,Tiny House Oteller, Galampingler ve da\u011f evlerinin herkes i\u00e7in ula\u015f\u0131labilir olmas\u0131n\u0131 sa\u011flamak amac\u0131yla Geziyoo\u2019ya 2019 y\u0131l\u0131nda ba\u015flad\u0131k.Do\u011fal Tatil konseptini uygulayan en geni\u015f kapsaml\u0131 sitedir.","sameAs":["https:\/\/geziyoo.co\/","https:\/\/www.facebook.com\/geziyoo.co","https:\/\/www.instagram.com\/geziyoo.co\/","https:\/\/tr.pinterest.com\/geziyooco\/","https:\/\/x.com\/https:\/\/twitter.com\/geziyoo","https:\/\/www.youtube.com\/channel\/UCdiSMa6pe17KEY7DP1Ug4ag"]}]}},"amp_enabled":true,"_links":{"self":[{"href":"http:\/\/geziyoo.co\/blog\/wp-json\/wp\/v2\/posts\/8535","targetHints":{"allow":["GET"]}}],"collection":[{"href":"http:\/\/geziyoo.co\/blog\/wp-json\/wp\/v2\/posts"}],"about":[{"href":"http:\/\/geziyoo.co\/blog\/wp-json\/wp\/v2\/types\/post"}],"author":[{"embeddable":true,"href":"http:\/\/geziyoo.co\/blog\/wp-json\/wp\/v2\/users\/1"}],"replies":[{"embeddable":true,"href":"http:\/\/geziyoo.co\/blog\/wp-json\/wp\/v2\/comments?post=8535"}],"version-history":[{"count":0,"href":"http:\/\/geziyoo.co\/blog\/wp-json\/wp\/v2\/posts\/8535\/revisions"}],"wp:featuredmedia":[{"embeddable":true,"href":"http:\/\/geziyoo.co\/blog\/wp-json\/wp\/v2\/media\/8515"}],"wp:attachment":[{"href":"http:\/\/geziyoo.co\/blog\/wp-json\/wp\/v2\/media?parent=8535"}],"wp:term":[{"taxonomy":"category","embeddable":true,"href":"http:\/\/geziyoo.co\/blog\/wp-json\/wp\/v2\/categories?post=8535"},{"taxonomy":"post_tag","embeddable":true,"href":"http:\/\/geziyoo.co\/blog\/wp-json\/wp\/v2\/tags?post=8535"}],"curies":[{"name":"wp","href":"https:\/\/api.w.org\/{rel}","templated":true}]}}