{"id":18850,"date":"2024-07-11T05:46:33","date_gmt":"2024-07-11T05:46:33","guid":{"rendered":"https:\/\/geziyoo.co\/blog\/?p=18850"},"modified":"2026-02-04T12:15:37","modified_gmt":"2026-02-04T12:15:37","slug":"ezine-kamp-alanlari-ve-karavan-alanlari","status":"publish","type":"post","link":"http:\/\/geziyoo.co\/blog\/ezine-kamp-alanlari-ve-karavan-alanlari\/","title":{"rendered":"Ezine Sahilleri ve Geyikli \u00c7evresi 13 Kamp Noktas\u0131 (Konum ve \u0130pu\u00e7lar\u0131)"},"content":{"rendered":"\n<p><strong>Ezine<\/strong>, \u00c7anakkale&#8217;nin en stratejik noktalar\u0131ndan biridir. Bir yan\u0131 Troya&#8217;n\u0131n devam\u0131 olan tarihi topraklar, bir yan\u0131 ise Ege&#8217;nin en berrak sular\u0131d\u0131r. Buras\u0131, Bozcaada&#8217;ya gitmek i\u00e7in s\u0131ras\u0131n\u0131 bekleyenlerin sadece bir ge\u00e7i\u015f noktas\u0131 olarak g\u00f6rd\u00fc\u011f\u00fc ama asl\u0131nda &#8220;burada kal\u0131nmal\u0131ym\u0131\u015f&#8221; dedi\u011fi yerdir. Zeytin a\u011fa\u00e7lar\u0131n\u0131n g\u00f6lgesinde, Kazda\u011flar\u0131&#8217;ndan gelen bol oksijenli havay\u0131 soluyarak kamp yapmak Ezine&#8217;nin alametifarikas\u0131d\u0131r.<\/p>\n\n\n\n<p>B\u00f6lgedeki kamp rotas\u0131 \u00fc\u00e7 ana b\u00f6lgeye ayr\u0131l\u0131r: En pop\u00fcler ve hareketli olan <strong>Geyikli-Dalyan<\/strong> hatt\u0131, do\u011fan\u0131n daha bask\u0131n oldu\u011fu <strong>Kumburun-Tavakl\u0131<\/strong> hatt\u0131 ve tarihin i\u00e7 i\u00e7e ge\u00e7ti\u011fi <strong>Yenik\u00f6y-Troas<\/strong> hatt\u0131. \u00d6zellikle <strong>Papaz Plaj\u0131<\/strong>, hem orman\u0131 hem denizi birle\u015ftiren yap\u0131s\u0131yla kamp\u00e7\u0131lar\u0131n g\u00f6zdesidir. \u00dccretli konfor arayanlar i\u00e7in Geyikli sahili, \u0131ss\u0131zl\u0131k arayanlar i\u00e7inse Tavakl\u0131&#8217;n\u0131n g\u00fcney u\u00e7lar\u0131 idealdir.<\/p>\n\n\n\n<p>Biz Geziyoo olarak, Ezine peynirinizi ve domatesinizi al\u0131p kuraca\u011f\u0131n\u0131z en g\u00fczel sofralar\u0131n yerlerini se\u00e7tik. Listemizde, antik bir liman\u0131n kal\u0131nt\u0131lar\u0131 aras\u0131nda y\u00fczebilece\u011finiz yerleri de, \u00e7am a\u011fa\u00e7lar\u0131n\u0131n alt\u0131nda hamak kurabilece\u011finiz tesisleri de bir araya getirdik.<\/p>\n\n\n\n<p>\u0130ster <strong>Tavakl\u0131 \u0130skelesi&#8217;nde<\/strong> bal\u0131k tutun, ister <strong>Boocamping&#8217;de<\/strong> konforlu bir tatil yap\u0131n; ak\u015fam g\u00fcn bat\u0131m\u0131nda Bozcaada sil\u00fcetini izlemeyi unutmay\u0131n. \u0130\u015fte Ezine\u2019nin en iyi 13 kamp dura\u011f\u0131:<\/p>\n\n\n\n<p><strong>Dilerseniz\u00a0<em><a data-type=\"post\" data-id=\"6071\" href=\"https:\/\/geziyoo.co\/blog\/canakkale-kamp-alanlari-ve-karavan-alanlari\/\">\u00c7anakkale Kamp Alanlar\u0131<\/a>\u00a0<\/em> i\u00e7eri\u011fimizede bakabilirsiniz.<\/strong><\/p>\n\n\n\n<p>Ezine&#8217;de unuttu\u011fumuz veya bilmedi\u011fimiz&nbsp;\u00c7ad\u0131r ve Karavan Kamp alan\u0131&nbsp;var ise l\u00fctfen yorumlar k\u0131sm\u0131ndan bizlerle payla\u015f\u0131n.Ezine haricinde Kamp Alan\u0131, Bungalov veya Da\u011f evi ar\u0131yorsan\u0131z ,&nbsp;<a href=\"https:\/\/geziyoo.co\/?select=Karavan+Kamp%C4%B1&amp;lp_s_loc=&amp;lp_s_tag=&amp;lp_s_cat=229&amp;s=home&amp;post_type=listing\"><em><strong>500\u2019den fazla Kamp ve Karavan Yeri<\/strong><\/em><\/a>&nbsp;sayfam\u0131za bakman\u0131z\u0131 tavsiye diyoruz.<\/p>\n\n\n\n<p>Fazla uzatmadan <strong>Ezine Kamp Alanlar\u0131 ve Karavan Alanlar\u0131<\/strong> listemize ge\u00e7elim.Bu arada listemizde yer almayan kamp alanlar\u0131 var ise l\u00fctfen yorumlar k\u0131sm\u0131ndan bizlerle payla\u015f\u0131n.<\/p>\n\n\n\n<hr class=\"wp-block-separator has-css-opacity is-style-wide\"\/>\n\n\n\n<h2 class=\"wp-block-heading\">1.Geyikli Plaj\u0131 Kamp Alan\u0131<a href=\"https:\/\/geziyoo.co\/listing\/geyikli-plaji-kamp-alani\/\"><\/a><\/h2>\n\n\n\n<figure class=\"wp-block-image size-full\"><img decoding=\"async\" width=\"800\" height=\"450\" data-src=\"https:\/\/geziyoo.co\/blog\/wp-content\/uploads\/2024\/07\/Geyikli-Plaji-Kamp-Alani-5.jpg\" alt=\"Geyikli Kamp Alanlar\u0131 ve Karavan Alanlar\u0131\" class=\"wp-image-18845 lazyload\" data-srcset=\"http:\/\/geziyoo.co\/blog\/wp-content\/uploads\/2024\/07\/Geyikli-Plaji-Kamp-Alani-5.jpg 800w, http:\/\/geziyoo.co\/blog\/wp-content\/uploads\/2024\/07\/Geyikli-Plaji-Kamp-Alani-5-300x169.jpg 300w, http:\/\/geziyoo.co\/blog\/wp-content\/uploads\/2024\/07\/Geyikli-Plaji-Kamp-Alani-5-768x432.jpg 768w, http:\/\/geziyoo.co\/blog\/wp-content\/uploads\/2024\/07\/Geyikli-Plaji-Kamp-Alani-5-390x220.jpg 390w, http:\/\/geziyoo.co\/blog\/wp-content\/uploads\/2024\/07\/Geyikli-Plaji-Kamp-Alani-5-150x84.jpg 150w\" data-sizes=\"(max-width: 800px) 100vw, 800px\" src=\"data:image\/gif;base64,R0lGODlhAQABAAAAACH5BAEKAAEALAAAAAABAAEAAAICTAEAOw==\" style=\"--smush-placeholder-width: 800px; --smush-placeholder-aspect-ratio: 800\/450;\" \/><figcaption class=\"wp-element-caption\">Pikamp Atikhisar Kamp Alan\u0131<\/figcaption><\/figure>\n\n\n\n<p>Geyikli Kamp Alanlar\u0131 listemizdeki ilk durak, \u00fccretsiz kamp alanlar\u0131ndan biri olan Geyikli Plaj\u0131 Kamp Alan\u0131. Kuzey Ege&#8217;nin sakl\u0131 cenneti olan Ezine&#8217;nin Geyikli beldesinde yer alan Geyikli Plaj\u0131, yaz aylar\u0131nda serinlemek ve g\u00fcne\u015flenmek i\u00e7in ideal bir yerdir. Feribot iskelesinin hemen yan\u0131nda konumlanm\u0131\u015f bu plaj, dal\u0131\u015f ve y\u00fczme tutkunlar\u0131 i\u00e7in de m\u00fckemmel bir ortam sunmaktad\u0131r.<\/p>\n\n\n\n<p>Geyikli Plaj\u0131, ziyaret\u00e7ilerine bir\u00e7ok olanak sunmaktad\u0131r:Plajda tuvalet, giyinme kabini ve du\u015f imkanlar\u0131 bulunmaktad\u0131r. Bu \u00f6zellikler, ziyaret\u00e7ilere rahat ve hijyenik bir ortam sa\u011flamaktad\u0131r.<\/p>\n\n\n\n<p>Berrak ve temiz denizi ile Geyikli Plaj\u0131, y\u00fczmek ve dal\u0131\u015f yapmak i\u00e7in idealdir. Deniz suyunun berrakl\u0131\u011f\u0131, su alt\u0131 ya\u015fam\u0131n\u0131 ke\u015ffetmek isteyenler i\u00e7in harika bir deneyim sunar.<\/p>\n\n\n\n<p>\u0130nce alt\u0131n sar\u0131s\u0131 kumuyla plaj, g\u00fcne\u015flenmek i\u00e7in olduk\u00e7a konforludur. Ancak, do\u011fal g\u00f6lge alanlar\u0131n\u0131n s\u0131n\u0131rl\u0131 olmas\u0131 nedeniyle, \u015femsiye getirmeniz tavsiye edilir.<\/p>\n\n\n\n<p>Plajda \u015fezlong ve \u015femsiye kiralama imkan\u0131 bulunmaktad\u0131r, bu da konforlu bir plaj deneyimi ya\u015faman\u0131z\u0131 sa\u011flar.<\/p>\n\n\n\n<p>Plaj\u0131n yak\u0131n\u0131nda market ve \u00e7ay bah\u00e7eleri bulunur. Yiyecek ve i\u00e7ecek ihtiyac\u0131n\u0131z\u0131 yan\u0131n\u0131zda g\u00f6t\u00fcrebilir veya bu i\u015fletmelerden temin edebilirsiniz.<\/p>\n\n\n\n<p>Kamp yapmak isteyenler i\u00e7in plajda \u00e7ad\u0131r kurma imkan\u0131 da mevcuttur. Geyikli Plaj\u0131, do\u011fayla i\u00e7 i\u00e7e bir kamp deneyimi sunar.<\/p>\n\n\n\n<h4 class=\"wp-block-heading\">Geyikli Plaj\u0131&#8217;na Nas\u0131l Gidilir?<\/h4>\n\n\n\n<p>Geyikli Plaj\u0131&#8217;na ula\u015f\u0131m olduk\u00e7a kolayd\u0131r. \u00d6zel arac\u0131n\u0131zla veya Ezine&#8217;den kalkan dolmu\u015flarla plaja ula\u015fabilirsiniz. Ayr\u0131ca, \u00c7anakkale ve Bozcaada&#8217;dan kalkan feribotlar da Geyikli&#8217;ye ula\u015f\u0131m i\u00e7in kullan\u0131labilir. Feribot iskelesine yak\u0131n konumuyla plaj, deniz yoluyla gelen ziyaret\u00e7iler i\u00e7in de rahat bir eri\u015fim sa\u011flar.<\/p>\n\n\n\n<hr class=\"wp-block-separator has-alpha-channel-opacity is-style-wide\"\/>\n\n\n\n<ul class=\"wp-block-list\">\n<li><strong>Geyikli Plaj\u0131 Kamp Alan\u0131 Adres<\/strong>&nbsp;:<a>&nbsp;<\/a>Cumhuriyet, 17602 Geyikli\/Ezine\/\u00c7anakkale&nbsp;<a href=\"https:\/\/maps.app.goo.gl\/7qcSWoE8TnX4cJ5D7\"><strong><em>Konum Bilgisi<\/em><\/strong><\/a><\/li>\n\n\n\n<li><strong>Geyikli Plaj\u0131 Kamp Alan\u0131 Telefon<\/strong>&nbsp;: &#8212;-<\/li>\n\n\n\n<li><strong>Geyikli Plaj\u0131 Kamp Alan\u0131 Detayl\u0131 Bilgi :<em>&nbsp;<a href=\"https:\/\/geziyoo.co\/listing\/geyikli-plaji-kamp-alani\/\">Geyikli Plaj\u0131 Kamp Alan\u0131<\/a><\/em><\/strong><\/li>\n<\/ul>\n\n\n\n<hr class=\"wp-block-separator has-css-opacity is-style-wide\"\/>\n\n\n\n<h2 class=\"wp-block-heading\">2.Geyikli Belediyesi Halk Plaj\u0131 Kamp Alan\u0131<\/h2>\n\n\n\n<figure class=\"wp-block-image size-full\"><img decoding=\"async\" width=\"800\" height=\"450\" data-src=\"https:\/\/geziyoo.co\/blog\/wp-content\/uploads\/2024\/07\/Geyikli-Belediyesi-Halk-Plaji-Kamp-Alani-1.jpg\" alt=\"\" class=\"wp-image-18846 lazyload\" data-srcset=\"http:\/\/geziyoo.co\/blog\/wp-content\/uploads\/2024\/07\/Geyikli-Belediyesi-Halk-Plaji-Kamp-Alani-1.jpg 800w, http:\/\/geziyoo.co\/blog\/wp-content\/uploads\/2024\/07\/Geyikli-Belediyesi-Halk-Plaji-Kamp-Alani-1-300x169.jpg 300w, http:\/\/geziyoo.co\/blog\/wp-content\/uploads\/2024\/07\/Geyikli-Belediyesi-Halk-Plaji-Kamp-Alani-1-768x432.jpg 768w, http:\/\/geziyoo.co\/blog\/wp-content\/uploads\/2024\/07\/Geyikli-Belediyesi-Halk-Plaji-Kamp-Alani-1-390x220.jpg 390w, http:\/\/geziyoo.co\/blog\/wp-content\/uploads\/2024\/07\/Geyikli-Belediyesi-Halk-Plaji-Kamp-Alani-1-150x84.jpg 150w\" data-sizes=\"(max-width: 800px) 100vw, 800px\" src=\"data:image\/gif;base64,R0lGODlhAQABAAAAACH5BAEKAAEALAAAAAABAAEAAAICTAEAOw==\" style=\"--smush-placeholder-width: 800px; --smush-placeholder-aspect-ratio: 800\/450;\" \/><\/figure>\n\n\n\n<p>Geyikli Belediyesi Halk Plaj\u0131, denizin tad\u0131n\u0131 \u00e7\u0131kar\u0131rken do\u011fayla i\u00e7 i\u00e7e olmak isteyenler i\u00e7in ideal bir destinasyon. Her y\u0131l binlerce ziyaret\u00e7iyi a\u011f\u0131rlayan bu plaj, sundu\u011fu olanaklarla unutulmaz bir tatil deneyimi sunuyor.<\/p>\n\n\n\n<p>Geyikli Belediyesi Halk Plaj\u0131, berrak ve tertemiz denizi ile y\u00fczmek ve dal\u0131\u015f yapmak i\u00e7in m\u00fckemmel bir ortam sa\u011flar.<\/p>\n\n\n\n<p>Geni\u015f kumsal\u0131 sayesinde plaj oyunlar\u0131 i\u00e7in idealdir. Voleybol, futbol ve frisbee gibi aktiviteler i\u00e7in geni\u015f bir alan sunar.Kazda\u011flar\u0131&#8217;n\u0131n muhte\u015fem manzaras\u0131na kar\u015f\u0131 denizin tad\u0131n\u0131 \u00e7\u0131karmak ayr\u0131 bir keyiftir.<\/p>\n\n\n\n<p>E\u015fsiz do\u011fa manzaralar\u0131 ve turkuaz denizi ile foto\u011fraf \u00e7ekmeyi sevenler i\u00e7in ideal bir yerdir.Plaj\u0131n yak\u0131n\u0131nda bulunan do\u011fa y\u00fcr\u00fcy\u00fc\u015f\u00fc parkurlar\u0131, do\u011fayla ba\u015f ba\u015fa kalmak isteyenler i\u00e7in harika bir f\u0131rsat sunar.<\/p>\n\n\n\n<h4 class=\"wp-block-heading\">Geyikli Belediyesi Halk Plaj\u0131&#8217;nda Sunulan Hizmetler<\/h4>\n\n\n\n<ul class=\"wp-block-list\">\n<li><strong>Tuvalet ve Du\u015f:<\/strong> Plajda halka a\u00e7\u0131k tuvalet ve du\u015f imkanlar\u0131 mevcuttur, bu da ziyaret\u00e7ilerin rahat\u0131n\u0131 sa\u011flar.<\/li>\n\n\n\n<li><strong>\u015eezlong ve \u015eemsiye Kiralama:<\/strong> Plajda \u015fezlong ve \u015femsiye kiralama hizmeti verilmektedir, b\u00f6ylece konforlu bir plaj keyfi ya\u015fayabilirsiniz.<\/li>\n\n\n\n<li><strong>Restoran ve Beach Tesisleri:<\/strong> Plajda yiyecek ve i\u00e7ecek ihtiya\u00e7lar\u0131n\u0131z\u0131 kar\u015f\u0131layabilece\u011finiz restoran ve beach tesisleri bulunmaktad\u0131r.<\/li>\n\n\n\n<li><strong>\u00c7ad\u0131r Kamp\u0131:<\/strong> Do\u011fayla daha fazla i\u00e7 i\u00e7e olmak isteyenler i\u00e7in plajda \u00e7ad\u0131r kamp\u0131 yapmak m\u00fcmk\u00fcnd\u00fcr.<\/li>\n<\/ul>\n\n\n\n<h4 class=\"wp-block-heading\">Geyikli Belediyesi Halk Plaj\u0131&#8217;na Nas\u0131l Gidilir?<\/h4>\n\n\n\n<p>Geyikli Belediyesi Halk Plaj\u0131, Geyikli il\u00e7e merkezine sadece 3 km uzakl\u0131ktad\u0131r. Plaja ula\u015f\u0131m olduk\u00e7a kolayd\u0131r ve \u00f6zel ara\u00e7la rahatl\u0131kla gidilebilir. Ayr\u0131ca, b\u00f6lgedeki toplu ta\u015f\u0131ma ara\u00e7lar\u0131 ile de plaja ula\u015f\u0131m sa\u011flanabilir.<\/p>\n\n\n\n<hr class=\"wp-block-separator has-alpha-channel-opacity is-style-wide\"\/>\n\n\n\n<ul class=\"wp-block-list\">\n<li><strong><strong>Geyikli Belediyesi Halk Plaj\u0131<\/strong> Adres<\/strong>&nbsp;:<a>&nbsp;<\/a>17610 Dalyan\/Ezine\/\u00c7anakkale&nbsp;<strong><em><a href=\"https:\/\/maps.app.goo.gl\/q8E3FdGb1fT9Jtsi9\">Konum Bilgisi<\/a><\/em><\/strong><\/li>\n\n\n\n<li><strong><strong>Geyikli Belediyesi Halk Plaj\u0131<\/strong> Telefon<\/strong>&nbsp;: &#8212;-<\/li>\n\n\n\n<li><strong><strong>Geyikli Belediyesi Halk Plaj\u0131<\/strong> Detayl\u0131 Bilgi :<em>&nbsp;<a href=\"https:\/\/geziyoo.co\/listing\/geyikli-belediyesi-halk-plaji-kamp-alani\/\">Geyikli Belediyesi Halk Plaj\u0131<\/a><\/em><\/strong><\/li>\n<\/ul>\n\n\n\n<hr class=\"wp-block-separator has-alpha-channel-opacity is-style-wide\"\/>\n\n\n\n<h2 class=\"wp-block-heading\">3.Dolmu\u015f Camping<a href=\"https:\/\/geziyoo.co\/listing\/dolmus-camping\/\"><\/a><\/h2>\n\n\n\n<figure class=\"wp-block-image size-full\"><img decoding=\"async\" width=\"800\" height=\"450\" data-src=\"https:\/\/geziyoo.co\/blog\/wp-content\/uploads\/2024\/07\/Dolmus-Camping-1.jpg\" alt=\"\" class=\"wp-image-18847 lazyload\" data-srcset=\"http:\/\/geziyoo.co\/blog\/wp-content\/uploads\/2024\/07\/Dolmus-Camping-1.jpg 800w, http:\/\/geziyoo.co\/blog\/wp-content\/uploads\/2024\/07\/Dolmus-Camping-1-300x169.jpg 300w, http:\/\/geziyoo.co\/blog\/wp-content\/uploads\/2024\/07\/Dolmus-Camping-1-768x432.jpg 768w, http:\/\/geziyoo.co\/blog\/wp-content\/uploads\/2024\/07\/Dolmus-Camping-1-390x220.jpg 390w, http:\/\/geziyoo.co\/blog\/wp-content\/uploads\/2024\/07\/Dolmus-Camping-1-150x84.jpg 150w\" data-sizes=\"(max-width: 800px) 100vw, 800px\" src=\"data:image\/gif;base64,R0lGODlhAQABAAAAACH5BAEKAAEALAAAAAABAAEAAAICTAEAOw==\" style=\"--smush-placeholder-width: 800px; --smush-placeholder-aspect-ratio: 800\/450;\" \/><\/figure>\n\n\n\n<p>\u00c7anakkale&#8217;nin Ezine il\u00e7esinde yer alan Dolmu\u015f Camping, kamp severlere konforlu ve unutulmaz bir deneyim sunuyor. 40&#8217;tan fazla \u00e7ad\u0131r kamp alan\u0131, 6 sabit \u00e7ad\u0131r kamp alan\u0131 ve 4-5 karavan kapasiteli kamp alan\u0131 ile geni\u015f bir yelpazede konaklama imkan\u0131 sa\u011fl\u0131yor. Denize sadece 2 dakika y\u00fcr\u00fcme mesafesinde bulunan tesis, do\u011fayla i\u00e7 i\u00e7e bir konumda bulunuyor.<\/p>\n\n\n\n<h4 class=\"wp-block-heading\">Dolmu\u015f Camping&#8217;de Sunulan \u0130mkanlar<\/h4>\n\n\n\n<p>Dolmu\u015f Camping, 40&#8217;tan fazla \u00e7ad\u0131r kamp alan\u0131 ve 6 sabit \u00e7ad\u0131r kamp alan\u0131 sunuyor. Ayr\u0131ca, 4-5 karavan kapasiteli bir kamp alan\u0131 da mevcut.<\/p>\n\n\n\n<p>Tuvalet, bula\u015f\u0131k y\u0131kama alan\u0131, du\u015f, \u00e7ama\u015f\u0131r makinesi ve internet gibi temel ihtiya\u00e7lar\u0131n\u0131z i\u00e7in tesisler bulunuyor.<\/p>\n\n\n\n<p>Restoran ve kafe, kamp keyfinizi konforla bulu\u015fturan hizmetler aras\u0131nda. S\u0131cak su, kahvalt\u0131, \u00f6\u011fle yeme\u011fi ve ak\u015fam yeme\u011fi gibi hizmetler sunuluyor.<\/p>\n\n\n\n<p>Kamp alan\u0131, \u00c7anakkale&#8217;nin e\u015fsiz do\u011fas\u0131yla i\u00e7 i\u00e7e bir konumda. Denize y\u00fcr\u00fcyerek ula\u015fabilir, temiz havan\u0131n ve berrak denizin tad\u0131n\u0131 \u00e7\u0131karabilirsiniz. Do\u011fa y\u00fcr\u00fcy\u00fc\u015fleri, bisiklet turlar\u0131 ve su sporlar\u0131 gibi bir\u00e7ok aktivite yapma imkan\u0131 da bulunuyor.<\/p>\n\n\n\n<p>Misafir memnuniyetini \u00f6n planda tutan Dolmu\u015f Camping, kamp alan\u0131 m\u00fcsaitli\u011fini \u00f6nceden \u00f6\u011frenmenizi tavsiye ediyor. Bu sayede kamp\u0131n\u0131z s\u0131ras\u0131nda herhangi bir aksakl\u0131kla kar\u015f\u0131la\u015fm\u0131yorsunuz.<\/p>\n\n\n\n<hr class=\"wp-block-separator has-alpha-channel-opacity is-style-wide\"\/>\n\n\n\n<ul class=\"wp-block-list\">\n<li><strong><strong>Dolmu\u015f Camping<\/strong> Adres<\/strong>&nbsp;:&nbsp;Dalyan K\u00f6y\u00fc Yolu, 17000 Dalyan\/Ezine\/\u00c7anakkale&nbsp;<strong><em><a href=\"https:\/\/www.google.com\/maps?daddr=39.76749844311701,26.15350174223491\">Konum Bilgisi<\/a><\/em><\/strong><\/li>\n\n\n\n<li><strong>Dolmu\u015f Camping Telefon<\/strong>&nbsp;: 0530 067 06 63<\/li>\n\n\n\n<li><strong><strong>Dolmu\u015f Camping<\/strong><\/strong> <strong>Detayl\u0131 Bilgi :<em>&nbsp;<a href=\"https:\/\/geziyoo.co\/listing\/dolmus-camping\/\">Dolmu\u015f Camping<\/a><\/em><\/strong><\/li>\n<\/ul>\n\n\n\n<hr class=\"wp-block-separator has-alpha-channel-opacity is-style-wide\"\/>\n\n\n\n<h2 class=\"wp-block-heading\">4.\u00c7aml\u0131ca \u015eelalesi Kamp Alan\u0131<a href=\"https:\/\/geziyoo.co\/listing\/camlica-selalesi-kamp-alani\/\"><\/a><a href=\"https:\/\/geziyoo.co\/listing\/camlica-selalesi-kamp-alani\/\"><\/a><\/h2>\n\n\n\n<figure class=\"wp-block-image size-full\"><img decoding=\"async\" width=\"1024\" height=\"768\" data-src=\"https:\/\/geziyoo.co\/blog\/wp-content\/uploads\/2024\/07\/Camlica-Selalesi-Kamp-Alani-3.jpg\" alt=\"\" class=\"wp-image-18852 lazyload\" data-srcset=\"http:\/\/geziyoo.co\/blog\/wp-content\/uploads\/2024\/07\/Camlica-Selalesi-Kamp-Alani-3.jpg 1024w, http:\/\/geziyoo.co\/blog\/wp-content\/uploads\/2024\/07\/Camlica-Selalesi-Kamp-Alani-3-300x225.jpg 300w, http:\/\/geziyoo.co\/blog\/wp-content\/uploads\/2024\/07\/Camlica-Selalesi-Kamp-Alani-3-768x576.jpg 768w, http:\/\/geziyoo.co\/blog\/wp-content\/uploads\/2024\/07\/Camlica-Selalesi-Kamp-Alani-3-150x113.jpg 150w\" data-sizes=\"(max-width: 1024px) 100vw, 1024px\" src=\"data:image\/gif;base64,R0lGODlhAQABAAAAACH5BAEKAAEALAAAAAABAAEAAAICTAEAOw==\" style=\"--smush-placeholder-width: 1024px; --smush-placeholder-aspect-ratio: 1024\/768;\" \/><\/figure>\n\n\n\n<p><strong>\u00c7anakkale&#8217;nin Ezine il\u00e7esine ba\u011fl\u0131 \u00c7aml\u0131ca K\u00f6y\u00fc&#8217;nde yer alan \u00c7aml\u0131ca \u015eelalesi, do\u011faseverler ve kamp tutkunlar\u0131 i\u00e7in e\u015fsiz bir destinasyon sunuyor.<\/strong> \u015eehrin g\u00fcr\u00fclt\u00fcs\u00fcnden uzakla\u015fmak ve tertemiz havay\u0131 i\u00e7inize \u00e7ekmek i\u00e7in ideal bir yer olan \u015felale, do\u011fal g\u00fczelli\u011fi ile b\u00fcy\u00fcleyici bir atmosfer sunuyor.<\/p>\n\n\n\n<p><strong>Kamp ve piknik yapmak i\u00e7in m\u00fckemmel bir ortam sunan \u00c7aml\u0131ca \u015eelalesi&#8217;nde herhangi bir tesis bulunmamaktad\u0131r.<\/strong> Bu nedenle yiyecek ve i\u00e7ecek ihtiya\u00e7lar\u0131n\u0131z\u0131 yan\u0131n\u0131zda g\u00f6t\u00fcrmeniz gerekmektedir. Ayr\u0131ca \u015felaleye toplu ta\u015f\u0131ma imkan\u0131 bulunmad\u0131\u011f\u0131n\u0131 da belirtmek isteriz. Ula\u015f\u0131m i\u00e7in kendi arac\u0131n\u0131z\u0131 kullanman\u0131z ve biraz bozuk olan yola haz\u0131rl\u0131kl\u0131 olman\u0131z gerekmektedir.<\/p>\n\n\n\n<p><strong>Do\u011fayla i\u00e7 i\u00e7e bir kamp deneyimi ya\u015famak isteyenler i\u00e7in \u00c7aml\u0131ca \u015eelalesi&#8217;nin \u00e7evresindeki d\u00fczl\u00fck alanlar idealdir.<\/strong> \u015eelalenin serin sular\u0131nda serinleyebilir, do\u011fa y\u00fcr\u00fcy\u00fc\u015flerine \u00e7\u0131kabilir ve kamp ate\u015fi etraf\u0131nda keyifli vakit ge\u00e7irebilirsiniz.<\/p>\n\n\n\n<hr class=\"wp-block-separator has-alpha-channel-opacity is-style-wide\"\/>\n\n\n\n<ul class=\"wp-block-list\">\n<li><strong><strong>\u00c7aml\u0131ca \u015eelalesi Kamp Alan\u0131<\/strong> Adres<\/strong>&nbsp;:&nbsp;&nbsp;Pazark\u00f6y \u0130\u00e7 Yolu, 17600 \u00c7aml\u0131ca\/Ezine\/\u00c7anakkale&nbsp;<strong><em><a href=\"https:\/\/www.google.com\/maps?daddr=39.85804940368965,26.43469623538281\">Konum Bilgisi<\/a><\/em><\/strong><\/li>\n\n\n\n<li><strong>\u00c7aml\u0131ca \u015eelalesi Kamp Alan\u0131 Telefon<\/strong>&nbsp;: &#8212;<\/li>\n\n\n\n<li><strong><strong>\u00c7aml\u0131ca \u015eelalesi Kamp Alan\u0131<\/strong><\/strong> <strong>Detayl\u0131 Bilgi :<em>&nbsp;<a href=\"https:\/\/geziyoo.co\/listing\/camlica-selalesi-kamp-alani\/\">\u00c7aml\u0131ca \u015eelalesi Kamp Alan\u0131<\/a><\/em><\/strong><\/li>\n<\/ul>\n\n\n\n<hr class=\"wp-block-separator has-alpha-channel-opacity is-style-wide\"\/>\n\n\n\n<h2 class=\"wp-block-heading\">5.Makara \u00dctopya Camping<a href=\"https:\/\/geziyoo.co\/listing\/makara-utopya-camping\/\"><\/a><\/h2>\n\n\n\n<figure class=\"wp-block-image size-full\"><img decoding=\"async\" width=\"800\" height=\"600\" data-src=\"https:\/\/geziyoo.co\/blog\/wp-content\/uploads\/2024\/07\/makara-utopya.jpg\" alt=\"\" class=\"wp-image-18855 lazyload\" data-srcset=\"http:\/\/geziyoo.co\/blog\/wp-content\/uploads\/2024\/07\/makara-utopya.jpg 800w, http:\/\/geziyoo.co\/blog\/wp-content\/uploads\/2024\/07\/makara-utopya-300x225.jpg 300w, http:\/\/geziyoo.co\/blog\/wp-content\/uploads\/2024\/07\/makara-utopya-768x576.jpg 768w, http:\/\/geziyoo.co\/blog\/wp-content\/uploads\/2024\/07\/makara-utopya-150x113.jpg 150w\" data-sizes=\"(max-width: 800px) 100vw, 800px\" src=\"data:image\/gif;base64,R0lGODlhAQABAAAAACH5BAEKAAEALAAAAAABAAEAAAICTAEAOw==\" style=\"--smush-placeholder-width: 800px; --smush-placeholder-aspect-ratio: 800\/600;\" \/><\/figure>\n\n\n\n<p>\u00c7anakkale&#8217;nin Ezine il\u00e7esinde yer alan Makara \u00dctopya Camping, do\u011fayla i\u00e7 i\u00e7e bir kamp tatili hayal edenler i\u00e7in ideal bir destinasyon. Denize s\u0131f\u0131r konumuyla e\u015fsiz bir manzara sunan kamp alan\u0131, sundu\u011fu imkanlarla da konforlu bir konaklama imkan\u0131 sunuyor.<\/p>\n\n\n\n<p>Makara \u00dctopya Camping&#8217;te \u00e7ad\u0131r\u0131n\u0131zda konaklayabilir veya bungalov kiralayabilirsiniz. Kamp alan\u0131nda buzdolab\u0131, ocak ve elektrik gibi temel ihtiya\u00e7lar\u0131n\u0131z\u0131 kar\u015f\u0131layabilece\u011finiz ortak mutfak bulunmaktad\u0131r. Ayr\u0131ca sabah kahvalt\u0131s\u0131, \u00f6\u011fle yeme\u011fi ve ak\u015fam yeme\u011fi se\u00e7enekleri de mevcuttur.<\/p>\n\n\n\n<p>Kamp alan\u0131, geni\u015f bir plaj alan\u0131na sahiptir. Plajda \u015fezlong ve \u015femsiye hizmeti sunulmaktad\u0131r. Y\u00fczmek, g\u00fcne\u015flenmek ve su sporlar\u0131 yapmak i\u00e7in ideal bir ortam sunan plaj, ailenizle keyifli vakit ge\u00e7irmenizi sa\u011flayacakt\u0131r.<\/p>\n\n\n\n<p>Makara \u00dctopya Camping&#8217;te mangal yapabilece\u011finiz alanlar, manzara seyir teras\u0131, y\u00fcr\u00fcy\u00fc\u015f parkuru, plaj oyun alan\u0131, oturma alanlar\u0131, masa ve sandalyeler, tuvalet, du\u015f ve otopark gibi imkanlar da bulunmaktad\u0131r. Ayr\u0131ca kamp alan\u0131nda internet eri\u015fimi de mevcuttur.<\/p>\n\n\n\n<hr class=\"wp-block-separator has-alpha-channel-opacity is-style-wide\"\/>\n\n\n\n<ul class=\"wp-block-list\">\n<li><strong><strong>\u00dctopya Camping<\/strong> Adres<\/strong>&nbsp;:&nbsp;Dalyan k\u00f6y\u00fc yolu \u00fczeri, Atat\u00fcrk cad no 88, 17600 Dalyan\/Ezine\/\u00c7anakkale&nbsp;<strong><em><a href=\"https:\/\/www.google.com\/maps?daddr=39.767535895962325,26.152896045935172\">Konum Bilgisi<\/a><\/em><\/strong><\/li>\n\n\n\n<li><strong>\u00dctopya Camping<\/strong> <strong>Telefon<\/strong>&nbsp;: 0534 495 84 40<\/li>\n\n\n\n<li><strong>\u00dctopya Camping<\/strong> <strong>Detayl\u0131 Bilgi :<em>&nbsp;<a href=\"https:\/\/geziyoo.co\/listing\/makara-utopya-camping\/\">\u00dctopya Camping<\/a><\/em><\/strong><\/li>\n<\/ul>\n\n\n\n<hr class=\"wp-block-separator has-alpha-channel-opacity is-style-wide\"\/>\n\n\n\n<h2 class=\"wp-block-heading\">6.Agora Sanat K\u00f6y\u00fc<a href=\"https:\/\/geziyoo.co\/listing\/agora-sanat-koyu\/\"><\/a><\/h2>\n\n\n\n<figure class=\"wp-block-image size-full\"><img decoding=\"async\" width=\"800\" height=\"449\" data-src=\"https:\/\/geziyoo.co\/blog\/wp-content\/uploads\/2024\/07\/Agora-Sanat-Koyu-8.jpg\" alt=\"\" class=\"wp-image-18856 lazyload\" data-srcset=\"http:\/\/geziyoo.co\/blog\/wp-content\/uploads\/2024\/07\/Agora-Sanat-Koyu-8.jpg 800w, http:\/\/geziyoo.co\/blog\/wp-content\/uploads\/2024\/07\/Agora-Sanat-Koyu-8-300x168.jpg 300w, http:\/\/geziyoo.co\/blog\/wp-content\/uploads\/2024\/07\/Agora-Sanat-Koyu-8-768x431.jpg 768w, http:\/\/geziyoo.co\/blog\/wp-content\/uploads\/2024\/07\/Agora-Sanat-Koyu-8-390x220.jpg 390w, http:\/\/geziyoo.co\/blog\/wp-content\/uploads\/2024\/07\/Agora-Sanat-Koyu-8-150x84.jpg 150w\" data-sizes=\"(max-width: 800px) 100vw, 800px\" src=\"data:image\/gif;base64,R0lGODlhAQABAAAAACH5BAEKAAEALAAAAAABAAEAAAICTAEAOw==\" style=\"--smush-placeholder-width: 800px; --smush-placeholder-aspect-ratio: 800\/449;\" \/><\/figure>\n\n\n\n<p><strong>\u00c7anakkale&#8217;nin Ezine il\u00e7esinde<\/strong>, denize s\u0131f\u0131r konumuyla Agora Sanat K\u00f6y\u00fc, kamp severler ve do\u011fayla i\u00e7 i\u00e7e bir tatil arayanlar i\u00e7in ideal bir destinasyon. <strong>Sanat\u0131n ve do\u011fan\u0131n bulu\u015ftu\u011fu bu e\u015fsiz k\u00f6yde<\/strong>, unutulmaz bir deneyim ya\u015fayabilirsiniz.<\/p>\n\n\n\n<p>Agora Sanat K\u00f6y\u00fc&#8217;nde her ihtiyaca uygun konaklama se\u00e7ene\u011fi mevcuttur. <strong>\u00c7ad\u0131r kamp\u0131<\/strong> yapmak isteyenler i\u00e7in geni\u015f bir alan bulunmaktad\u0131r. <strong>Karavan kamp\u0131<\/strong> i\u00e7in de \u00f6zel alanlar mevcuttur. <strong>Ah\u015fap bungalov evler<\/strong> ve <strong>ta\u015f evler<\/strong> ise konforlu bir konaklama imkan\u0131 sunmaktad\u0131r.<\/p>\n\n\n\n<p>K\u00f6yde bulunan <strong>restoran<\/strong>da s\u0131cak ve so\u011fuk men\u00fclerden olu\u015fan lezzetli bir \u015fekilde yiyecek ve i\u00e7eceklerinizi temin edebilirsiniz. <strong>Ortak mutfak<\/strong> da mevcuttur, dilerseniz kendi yeme\u011finizi pi\u015firebilirsiniz.<\/p>\n\n\n\n<p>Agora Sanat K\u00f6y\u00fc&#8217;n\u00fcn <strong>g\u00fczel denizi<\/strong> ve <strong>ta\u015fl\u0131k plaj\u0131<\/strong> ile keyifli vakit ge\u00e7irebilirsiniz. Plajda <strong>\u015femsiye ve \u015fezlong<\/strong> imkan\u0131 da mevcuttur. <strong>Deniz kestanesi<\/strong> oldu\u011funa dikkat etmeniz gerekmektedir.<\/p>\n\n\n\n<p><strong>Di\u011fer Hizmetler:<\/strong><\/p>\n\n\n\n<ul class=\"wp-block-list\">\n<li>Tuvalet ve du\u015f<\/li>\n\n\n\n<li>Buzdolab\u0131<\/li>\n\n\n\n<li>Canl\u0131 m\u00fczik i\u00e7in ate\u015f \u00e7ukurlar\u0131<\/li>\n\n\n\n<li>Mangal alan\u0131 (sadece belirlenmi\u015f alanlarda)<\/li>\n\n\n\n<li>Sanat At\u00f6lyeleri<\/li>\n<\/ul>\n\n\n\n<hr class=\"wp-block-separator has-alpha-channel-opacity is-style-wide\"\/>\n\n\n\n<ul class=\"wp-block-list\">\n<li><strong><strong>Agora Sanat K\u00f6y\u00fc<\/strong> Adres<\/strong>&nbsp;:&nbsp;Tavakl\u0131 \u0130skelesi No:102, 17602 Tavakl\u0131\/Ezine\/\u00c7anakkale&nbsp;<strong><em><a href=\"https:\/\/maps.app.goo.gl\/fF3iS3WZboUZjnUg6\">Konum Bilgisi<\/a><\/em><\/strong><\/li>\n\n\n\n<li><strong>Agora Sanat K\u00f6y\u00fc<\/strong> <strong>Telefon<\/strong>&nbsp;: 0530 139 17 00<\/li>\n\n\n\n<li><strong>Agora Sanat K\u00f6y\u00fc<\/strong> <strong>Detayl\u0131 Bilgi :<em>&nbsp;<a href=\"https:\/\/geziyoo.co\/listing\/agora-sanat-koyu\/\">Agora Sanat K\u00f6y\u00fc<\/a><\/em><\/strong><\/li>\n<\/ul>\n\n\n\n<hr class=\"wp-block-separator has-alpha-channel-opacity is-style-wide\"\/>\n\n\n\n<h2 class=\"wp-block-heading\">7.Kalpli G\u00f6l Kamp Alan\u0131<a href=\"https:\/\/geziyoo.co\/listing\/kalpli-gol-kamp-alani\/\"><\/a><\/h2>\n\n\n\n<figure class=\"wp-block-image size-full\"><img decoding=\"async\" width=\"800\" height=\"418\" data-src=\"https:\/\/geziyoo.co\/blog\/wp-content\/uploads\/2024\/07\/Kalpli-Gol-Kamp-Alani-5.jpg\" alt=\"\" class=\"wp-image-18857 lazyload\" data-srcset=\"http:\/\/geziyoo.co\/blog\/wp-content\/uploads\/2024\/07\/Kalpli-Gol-Kamp-Alani-5.jpg 800w, http:\/\/geziyoo.co\/blog\/wp-content\/uploads\/2024\/07\/Kalpli-Gol-Kamp-Alani-5-300x157.jpg 300w, http:\/\/geziyoo.co\/blog\/wp-content\/uploads\/2024\/07\/Kalpli-Gol-Kamp-Alani-5-768x401.jpg 768w, http:\/\/geziyoo.co\/blog\/wp-content\/uploads\/2024\/07\/Kalpli-Gol-Kamp-Alani-5-150x78.jpg 150w\" data-sizes=\"(max-width: 800px) 100vw, 800px\" src=\"data:image\/gif;base64,R0lGODlhAQABAAAAACH5BAEKAAEALAAAAAABAAEAAAICTAEAOw==\" style=\"--smush-placeholder-width: 800px; --smush-placeholder-aspect-ratio: 800\/418;\" \/><\/figure>\n\n\n\n<p><strong style=\"font-size: revert; color: initial;\">\u00c7anakkale&#8217;nin Ezine il\u00e7esine ba\u011fl\u0131 Dalyan k\u00f6y\u00fc<\/strong><span style=\"font-size: revert; color: initial;\">nde yer alan Kalpli G\u00f6l, e\u015fsiz g\u00fczelli\u011fi ile T\u00fcrkiye&#8217;nin en \u00e7ok ilgi \u00e7eken kamp alanlar\u0131ndan biridir. G\u00f6l\u00fcn y\u0131l\u0131n belirli d\u00f6nemlerinde pembeye d\u00f6nmesi, adeta bir do\u011fa harikas\u0131 olu\u015fturmaktad\u0131r<\/span><p data-sourcepos=\"5:1-5:26\"><span style=\"font-size: revert; color: initial;\">Kalpli G\u00f6l Kamp Alan\u0131, g\u00f6le s\u0131f\u0131r konumuyla kamp severlere unutulmaz bir deneyim ya\u015fatmaktad\u0131r. <\/span><strong style=\"font-size: revert; color: initial;\">\u00c7ad\u0131r kamp\u0131<\/strong><span style=\"font-size: revert; color: initial;\"> i\u00e7in ideal olan alanda, do\u011fayla i\u00e7 i\u00e7e bir \u015fekilde konaklayabilirsiniz.<\/span><strong>Dikkat Edilmesi Gerekenler:<\/strong><\/p><ul data-sourcepos=\"11:1-13:26\"><li data-sourcepos=\"11:1-11:157\">Kalpli G\u00f6l Kamp Alan\u0131&#8217;nda <strong>herhangi bir i\u015fletme bulunmamaktad\u0131r.<\/strong> Bu nedenle, yiyecek ve i\u00e7eceklerinizi <strong>Dalyan merkezden<\/strong> temin etmeniz gerekmektedir.<strong>Ate\u015f yakmak kesinlikle yasakt\u0131r.<\/strong>G\u00f6l\u00fcn rengi mevsime g\u00f6re de\u011fi\u015fiklik g\u00f6sterebilmektedir. Pembe rengi g\u00f6rmek i\u00e7in <strong>ilkbahar ve sonbahar aylar\u0131n\u0131<\/strong> tercih etmeniz \u00f6nerilir.<\/li><\/ul><p data-sourcepos=\"15:1-15:44\"><strong>Kalpli G\u00f6l Kamp Alan\u0131&#8217;na Nas\u0131l Gidilir?:<\/strong>Kalpli G\u00f6l Kamp Alan\u0131&#8217;na <strong>Ezine&#8217;den kalkan dolmu\u015flarla<\/strong> ula\u015fabilirsiniz. Ayr\u0131ca, <strong>\u00f6zel ara\u00e7<\/strong> ile de kamp alan\u0131na gidebilirsiniz.<strong>Kalpli G\u00f6l Kamp Alan\u0131&#8217;nda Neler Yap\u0131labilir?:<\/strong><\/p><ul data-sourcepos=\"21:1-25:0\"><li data-sourcepos=\"21:1-21:63\">Kalpli G\u00f6l&#8217;\u00fcn muhte\u015fem manzaras\u0131n\u0131n keyfini \u00e7\u0131karabilirsiniz.G\u00f6lde y\u00fczebilirsiniz. (Y\u00fczmek i\u00e7in uygun alanlar s\u0131n\u0131rl\u0131d\u0131r.)Do\u011fa y\u00fcr\u00fcy\u00fc\u015fleri yapabilirsiniz.Foto\u011fraf \u00e7ekebilirsiniz.<\/li><\/ul><\/p>\n\n\n\n<hr class=\"wp-block-separator has-alpha-channel-opacity is-style-wide\"\/>\n\n\n\n<ul class=\"wp-block-list\">\n<li><strong><strong>Kalpli G\u00f6l Kamp Alan\u0131<\/strong> Adres<\/strong>&nbsp;:&nbsp;17610 Dalyan\/Ezine\/\u00c7anakkale&nbsp;<strong><em><a href=\"https:\/\/www.google.com\/maps?daddr=39.75785680889672,26.142451041987446\">Konum Bilgisi<\/a><\/em><\/strong><\/li>\n\n\n\n<li><strong>Kalpli G\u00f6l Kamp Alan\u0131<\/strong> <strong>Telefon<\/strong>&nbsp;: &#8212;<\/li>\n\n\n\n<li><strong>Kalpli G\u00f6l Kamp Alan\u0131<\/strong> <strong>Detayl\u0131 Bilgi :<em>&nbsp;<a href=\"https:\/\/geziyoo.co\/listing\/kalpli-gol-kamp-alani\/\">Kalpli G\u00f6l Kamp Alan\u0131<\/a><\/em><\/strong><\/li>\n<\/ul>\n\n\n\n<hr class=\"wp-block-separator has-alpha-channel-opacity is-style-wide\"\/>\n\n\n\n<h2 class=\"wp-block-heading\">8.G\u00fcne\u015ftepe Plaj\u0131 Kamp Alan\u0131<\/h2>\n\n\n\n<figure class=\"wp-block-image size-full\"><img decoding=\"async\" width=\"800\" height=\"600\" data-src=\"https:\/\/geziyoo.co\/blog\/wp-content\/uploads\/2024\/07\/Gunestepe-Plaji-Kamp-Alani-5.jpg\" alt=\"\" class=\"wp-image-18858 lazyload\" data-srcset=\"http:\/\/geziyoo.co\/blog\/wp-content\/uploads\/2024\/07\/Gunestepe-Plaji-Kamp-Alani-5.jpg 800w, http:\/\/geziyoo.co\/blog\/wp-content\/uploads\/2024\/07\/Gunestepe-Plaji-Kamp-Alani-5-300x225.jpg 300w, http:\/\/geziyoo.co\/blog\/wp-content\/uploads\/2024\/07\/Gunestepe-Plaji-Kamp-Alani-5-768x576.jpg 768w, http:\/\/geziyoo.co\/blog\/wp-content\/uploads\/2024\/07\/Gunestepe-Plaji-Kamp-Alani-5-150x113.jpg 150w\" data-sizes=\"(max-width: 800px) 100vw, 800px\" src=\"data:image\/gif;base64,R0lGODlhAQABAAAAACH5BAEKAAEALAAAAAABAAEAAAICTAEAOw==\" style=\"--smush-placeholder-width: 800px; --smush-placeholder-aspect-ratio: 800\/600;\" \/><\/figure>\n\n\n\n<p><strong style=\"font-size: revert; color: initial;\">\u00c7anakkale&#8217;nin Ezine il\u00e7esinde<\/strong><span style=\"font-size: revert; color: initial;\"> yer alan G\u00fcne\u015ftepe Plaj\u0131, bakir do\u011fas\u0131 ve tertemiz deniziyle yaz tatili i\u00e7in ideal bir destinasyon arayanlar i\u00e7in m\u00fckemmel bir se\u00e7im. Herhangi bir tesis veya i\u015fletmenin bulunmad\u0131\u011f\u0131 bu plaj, huzur ve sakinlik arayanlar i\u00e7in ideal bir ortam sunuyor.<\/span><p data-sourcepos=\"5:1-5:45\"><span style=\"font-size: revert; color: initial;\">G\u00fcne\u015ftepe Plaj\u0131&#8217;n\u0131n kumsal alan\u0131 ve denizi olduk\u00e7a temizdir. Bu nedenle, denizin ve g\u00fcne\u015fin tad\u0131n\u0131 doyas\u0131ya \u00e7\u0131karabilirsiniz.G\u00fcne\u015ftepe Plaj\u0131&#8217;nda kamp yapmak da m\u00fcmk\u00fcnd\u00fcr. Kamp alan\u0131nda elektrik veya su gibi imkanlar bulunmasa da, do\u011fayla i\u00e7 i\u00e7e bir kamp deneyimi ya\u015famak i\u00e7in ideal bir yer. G\u00fcne\u015ftepe Plaj\u0131&#8217;n\u0131n etraf\u0131 \u00e7am ormanlar\u0131yla \u00e7evrilidir. Bu nedenle, do\u011fa y\u00fcr\u00fcy\u00fc\u015fleri yapmak i\u00e7in de ideal bir yerdir.<\/span>G\u00fcne\u015ftepe Plaj\u0131&#8217;na \u00c7anakkale \u015fehir merkezinden arabayla yakla\u015f\u0131k 2 saatte ula\u015fabilirsiniz. Ezine&#8217;ye vard\u0131\u011f\u0131n\u0131zda, Dalyan K\u00f6y\u00fc&#8217;ne do\u011fru yola devam etmeniz ve tabelalar\u0131 takip etmeniz yeterli.<\/p><\/p>\n\n\n\n<p><p data-sourcepos=\"5:1-5:45\"><span style=\"background-color: rgba(0, 0, 0, 0.2); font-size: revert; color: initial;\">G\u00fcne\u015ftepe Plaj\u0131&#8217;nda herhangi bir tesis veya i\u015fletme bulunmad\u0131\u011f\u0131 i\u00e7in yiyecek ve i\u00e7eceklerinizi yan\u0131n\u0131zda g\u00f6t\u00fcrmeniz gerekir.Plajda g\u00f6lgelik alanlar s\u0131n\u0131rl\u0131d\u0131r. Bu nedenle, \u015femsiye ve \u015fapka gibi g\u00fcne\u015f korumal\u0131 \u00fcr\u00fcnler kullanman\u0131z \u00f6nemlidir.Plajda WC bulunmamaktad\u0131r.B\u00f6lgede \u00e7\u00f6p kutusu bulunmad\u0131\u011f\u0131 i\u00e7in \u00e7\u00f6plerinizi yan\u0131n\u0131zda g\u00f6t\u00fcrmeniz rica olunur.<\/span><\/p><\/p>\n\n\n\n<p><p data-sourcepos=\"5:1-5:45\"><strong style=\"font-size: revert; color: initial;\">Plaj tipi:<\/strong><span style=\"font-size: revert; color: initial;\"> Kum plaj<\/span><strong style=\"font-size: revert; color: initial;\">Deniz:<\/strong><span style=\"font-size: revert; color: initial;\"> Sakin, dalgas\u0131z<\/span><strong style=\"font-size: revert; color: initial;\">Plaj uzunlu\u011fu:<\/strong><span style=\"font-size: revert; color: initial;\"> 500 metre<\/span><strong style=\"font-size: revert; color: initial;\">Plaj geni\u015fli\u011fi:<\/strong><span style=\"font-size: revert; color: initial;\"> 50 metre<\/span><strong style=\"font-size: revert; color: initial;\">\u00dccret:<\/strong><span style=\"font-size: revert; color: initial;\"> \u00dccretsiz<\/span><strong style=\"font-size: revert; color: initial;\">\u0130mkanlar:<\/strong><span style=\"font-size: revert; color: initial;\"> WC, du\u015f, \u015fezlong, \u015femsiye (bulunmamaktad\u0131r)<\/span><\/p><\/p>\n\n\n\n<hr class=\"wp-block-separator has-alpha-channel-opacity is-style-wide\"\/>\n\n\n\n<ul class=\"wp-block-list\">\n<li><strong><strong>G\u00fcne\u015ftepe Plaj\u0131 Kamp Alan\u0131<\/strong> Adres<\/strong>&nbsp;:&nbsp;17602 Ak\u00e7ake\u00e7ili\/Ezine\/\u00c7anakkale <strong><em><a href=\"https:\/\/www.google.com\/maps?daddr=39.73716411893957,26.150760534782883\">Konum Bilgisi<\/a><\/em><\/strong><\/li>\n\n\n\n<li><strong>G\u00fcne\u015ftepe Plaj\u0131 Kamp Alan\u0131<\/strong> <strong>Telefon<\/strong>&nbsp;: &#8212;<\/li>\n\n\n\n<li><strong>G\u00fcne\u015ftepe Plaj\u0131 Kamp Alan\u0131<\/strong> <strong>Detayl\u0131 Bilgi :<em>&nbsp;<a href=\"https:\/\/geziyoo.co\/listing\/gunestepe-plaji-kamp-alani\/\">G\u00fcne\u015ftepe Plaj\u0131 Kamp Alan\u0131<\/a><\/em><\/strong><\/li>\n<\/ul>\n\n\n\n<hr class=\"wp-block-separator has-alpha-channel-opacity is-style-wide\"\/>\n\n\n\n<h2 class=\"wp-block-heading\">9.Ezine \u00c7aml\u0131k Kamping<a href=\"https:\/\/geziyoo.co\/listing\/ezine-camlik-kamping\/\"><\/a><\/h2>\n\n\n\n<figure class=\"wp-block-image size-full\"><img decoding=\"async\" width=\"800\" height=\"601\" data-src=\"https:\/\/geziyoo.co\/blog\/wp-content\/uploads\/2024\/07\/Ezine-camlik-Kamping-3.jpg\" alt=\"\" class=\"wp-image-18859 lazyload\" data-srcset=\"http:\/\/geziyoo.co\/blog\/wp-content\/uploads\/2024\/07\/Ezine-camlik-Kamping-3.jpg 800w, http:\/\/geziyoo.co\/blog\/wp-content\/uploads\/2024\/07\/Ezine-camlik-Kamping-3-300x225.jpg 300w, http:\/\/geziyoo.co\/blog\/wp-content\/uploads\/2024\/07\/Ezine-camlik-Kamping-3-768x577.jpg 768w, http:\/\/geziyoo.co\/blog\/wp-content\/uploads\/2024\/07\/Ezine-camlik-Kamping-3-150x113.jpg 150w\" data-sizes=\"(max-width: 800px) 100vw, 800px\" src=\"data:image\/gif;base64,R0lGODlhAQABAAAAACH5BAEKAAEALAAAAAABAAEAAAICTAEAOw==\" style=\"--smush-placeholder-width: 800px; --smush-placeholder-aspect-ratio: 800\/601;\" \/><\/figure>\n\n\n\n<p>\u00c7anakkale&#8217;nin Ezine il\u00e7esinde, Tavakl\u0131 \u0130skelesi&#8217;nin hemen yan\u0131nda yer alan \u00c7aml\u0131k Kamping, do\u011fayla i\u00e7 i\u00e7e bir tatil arayanlar i\u00e7in ideal bir se\u00e7enek. Denize s\u0131f\u0131r konumuyla kamp severlere unutulmaz bir deneyim sunan \u00c7aml\u0131k Kamping, hem \u00e7ad\u0131r kamp\u0131 hem de karavan kamp\u0131 imkan\u0131 sunuyor.<\/p>\n\n\n\n<p>\u00c7aml\u0131k Kamping&#8217;in geni\u015f kumsal\u0131, g\u00fcne\u015flenmek ve denizin tad\u0131n\u0131 \u00e7\u0131karmak i\u00e7in m\u00fckemmel bir ortam sunuyor. Temiz ve bak\u0131ml\u0131 plaj, \u00e7ocuklu aileler i\u00e7in de ideal. \u015eezlong ve \u015femsiye kiralama imkan\u0131 da mevcut.<\/p>\n\n\n\n<p>Kendi \u00e7ad\u0131r\u0131n\u0131zda kamp yapmak istiyorsan\u0131z, \u00c7aml\u0131k Kamping&#8217;te \u00e7ad\u0131r ba\u015f\u0131 \u00fccret kar\u015f\u0131l\u0131\u011f\u0131nda yer bulabilirsiniz. Kamp alan\u0131nda elektrik ve su imkan\u0131 bulunmamakla birlikte, tuvalet ve du\u015flar mevcut.<\/p>\n\n\n\n<p>Kamp\u0131n keyfini doyas\u0131ya \u00e7\u0131karmak i\u00e7in mangal ve barbek\u00fc yapabilirsiniz. Kamp alan\u0131nda mangal alan\u0131 mevcut.<\/p>\n\n\n\n<p>Kampta yiyecek ve i\u00e7ecek ihtiyac\u0131n\u0131z\u0131 kar\u015f\u0131layabilece\u011finiz bir restoran da bulunuyor. Restoranda \u00e7e\u015fitli lezzetler bulabilirsiniz.<\/p>\n\n\n\n<p>\u00c7aml\u0131k Kamping&#8217;te tuvalet ve du\u015flar\u0131n bak\u0131ms\u0131z oldu\u011fu baz\u0131 kamp\u00e7\u0131lar taraf\u0131ndan dile getirilmektedir. Bu konuda gitmeden \u00f6nce g\u00fcncel yorumlar\u0131 kontrol etmenizi tavsiye ederiz.<\/p>\n\n\n\n<p>\u00c7aml\u0131k Kamping&#8217;e \u00c7anakkale \u015fehir merkezinden arabayla yakla\u015f\u0131k 1 saat 45 dakikada, Ezine&#8217;den ise 20 dakikada ula\u015fabilirsiniz. Kamping&#8217;e toplu ta\u015f\u0131ma ile ula\u015f\u0131m da m\u00fcmk\u00fcnd\u00fcr.<\/p>\n\n\n\n<hr class=\"wp-block-separator has-alpha-channel-opacity is-style-wide\"\/>\n\n\n\n<ul class=\"wp-block-list\">\n<li><strong><strong>Ezine \u00c7aml\u0131k Kamping<\/strong> Adres<\/strong>&nbsp;:&nbsp;&nbsp;Tavakl\u0131 \u0130skelesi, 17600 <strong><em><a href=\"https:\/\/www.google.com\/maps?daddr=39.65932460464329,26.163996543741412\">Konum Bilgisi<\/a><\/em><\/strong><\/li>\n\n\n\n<li><strong>Ezine \u00c7aml\u0131k Kamping<\/strong> <strong>Telefon<\/strong>&nbsp;: 0286 647 02 68<\/li>\n\n\n\n<li><strong>Ezine \u00c7aml\u0131k Kamping<\/strong> <strong>Detayl\u0131 Bilgi :<em>&nbsp;<a href=\"https:\/\/geziyoo.co\/listing\/ezine-camlik-kamping\/\">Ezine \u00c7aml\u0131k Kamping<\/a><\/em><\/strong><\/li>\n<\/ul>\n\n\n\n<hr class=\"wp-block-separator has-alpha-channel-opacity is-style-wide\"\/>\n\n\n\n<h2 class=\"wp-block-heading\">10.\u00c7amoba K\u00f6y\u00fc Halk Plaj\u0131 Kamp Alan\u0131<a href=\"https:\/\/geziyoo.co\/listing\/camoba-koyu-halk-plaji-kamp-alani\/\"><\/a><\/h2>\n\n\n\n<figure class=\"wp-block-image size-full\"><img decoding=\"async\" width=\"800\" height=\"379\" data-src=\"https:\/\/geziyoo.co\/blog\/wp-content\/uploads\/2024\/07\/camoba-Koyu-Halk-Plaji-Kamp-Alani-5-1.jpg\" alt=\"\" class=\"wp-image-18862 lazyload\" data-srcset=\"http:\/\/geziyoo.co\/blog\/wp-content\/uploads\/2024\/07\/camoba-Koyu-Halk-Plaji-Kamp-Alani-5-1.jpg 800w, http:\/\/geziyoo.co\/blog\/wp-content\/uploads\/2024\/07\/camoba-Koyu-Halk-Plaji-Kamp-Alani-5-1-300x142.jpg 300w, http:\/\/geziyoo.co\/blog\/wp-content\/uploads\/2024\/07\/camoba-Koyu-Halk-Plaji-Kamp-Alani-5-1-768x364.jpg 768w, http:\/\/geziyoo.co\/blog\/wp-content\/uploads\/2024\/07\/camoba-Koyu-Halk-Plaji-Kamp-Alani-5-1-150x71.jpg 150w\" data-sizes=\"(max-width: 800px) 100vw, 800px\" src=\"data:image\/gif;base64,R0lGODlhAQABAAAAACH5BAEKAAEALAAAAAABAAEAAAICTAEAOw==\" style=\"--smush-placeholder-width: 800px; --smush-placeholder-aspect-ratio: 800\/379;\" \/><\/figure>\n\n\n\n<p>\u00c7anakkale&#8217;nin Ezine il\u00e7esinde yer alan \u00c7amoba K\u00f6y\u00fc Halk Plaj\u0131, yaz aylar\u0131nda serinlemek ve denizin tad\u0131n\u0131 \u00e7\u0131karmak i\u00e7in ideal bir yer. Sakin ve huzurlu atmosferi ile \u015fehir stresinden uzakla\u015fmak isteyenler i\u00e7in m\u00fckemmel bir se\u00e7im.<\/p>\n\n\n\n<p>\u00c7amoba K\u00f6y\u00fc Halk Plaj\u0131, yaz aylar\u0131nda kalabal\u0131k olmamas\u0131na ra\u011fmen, \u00f6zellikle hafta sonlar\u0131 yo\u011funluk artabilir. Sakin bir plaj deneyimi i\u00e7in sabah erken saatlerde gitmenizi tavsiye ederiz. Plaj\u0131n kumu olduk\u00e7a g\u00fczel ve deniz giri\u015fi kolayd\u0131r.<\/p>\n\n\n\n<p>Plajda \u015fezlong kiralama imkan\u0131 mevcuttur. Fakat baz\u0131 \u015fezlonglar yazl\u0131klara ait olabilir. Her ihtimale kar\u015f\u0131 kendi \u015fezlong ve \u015femsiyenizi yan\u0131n\u0131zda g\u00f6t\u00fcrmenizi tavsiye ederiz.<\/p>\n\n\n\n<p>Plajda du\u015f alma imkan\u0131 bulunmamaktad\u0131r. Soyunma kabini ise mevcuttur.Plajda yiyecek ve i\u00e7ecek sat\u0131\u015f\u0131 yapan bir i\u015fletme bulunmamaktad\u0131r. Bu nedenle yiyecek ve i\u00e7eceklerinizi yan\u0131n\u0131zda g\u00f6t\u00fcrmenizi tavsiye ederiz.<\/p>\n\n\n\n<p>\u00c7amoba K\u00f6y\u00fc Halk Plaj\u0131&#8217;na Ezine il\u00e7e merkezinden arabayla yakla\u015f\u0131k 15 dakikada ula\u015fabilirsiniz. Plaja toplu ta\u015f\u0131ma ile ula\u015f\u0131m da m\u00fcmk\u00fcnd\u00fcr.<\/p>\n\n\n\n<p>\u00c7amoba K\u00f6y\u00fc Halk Plaj\u0131, yaz aylar\u0131 boyunca y\u00fczmek ve g\u00fcne\u015flenmek i\u00e7in ideal bir yerdir. \u0130lkbahar ve sonbahar aylar\u0131nda da plaj\u0131 ziyaret edebilirsiniz.<\/p>\n\n\n\n<hr class=\"wp-block-separator has-alpha-channel-opacity is-style-wide\"\/>\n\n\n\n<ul class=\"wp-block-list\">\n<li><strong><strong>\u00c7amoba K\u00f6y\u00fc Halk Plaj\u0131 Kamp Alan\u0131<\/strong> Adres<\/strong>&nbsp;:&nbsp;&nbsp;17610 \u00c7amoba\/Ezine\/\u00c7anakkale <strong><em><a href=\"https:\/\/www.google.com\/maps?daddr=39.82266518201393,26.163131640147935\">Konum Bilgisi<\/a><\/em><\/strong><\/li>\n\n\n\n<li><strong>\u00c7amoba K\u00f6y\u00fc Halk Plaj\u0131 Kamp Alan\u0131<\/strong> <strong>Telefon<\/strong>&nbsp;: &#8212;<\/li>\n\n\n\n<li><strong>\u00c7amoba K\u00f6y\u00fc Halk Plaj\u0131 Kamp Alan\u0131<\/strong> <strong>Detayl\u0131 Bilgi :<em>&nbsp;<a href=\"https:\/\/geziyoo.co\/listing\/camoba-koyu-halk-plaji-kamp-alani\/\">\u00c7amoba K\u00f6y\u00fc Halk Plaj\u0131 Kamp Alan\u0131<\/a><\/em><\/strong><\/li>\n<\/ul>\n\n\n\n<hr class=\"wp-block-separator has-alpha-channel-opacity is-style-wide\"\/>\n\n\n\n<h2 class=\"wp-block-heading\">11.Kumburnu Plaj\u0131 Kamp Alan\u0131<\/h2>\n\n\n\n<figure class=\"wp-block-image size-full\"><img decoding=\"async\" width=\"800\" height=\"600\" data-src=\"https:\/\/geziyoo.co\/blog\/wp-content\/uploads\/2024\/07\/Kumburnu-Plaji-Kamp-Alani-3.jpg\" alt=\"\" class=\"wp-image-18863 lazyload\" data-srcset=\"http:\/\/geziyoo.co\/blog\/wp-content\/uploads\/2024\/07\/Kumburnu-Plaji-Kamp-Alani-3.jpg 800w, http:\/\/geziyoo.co\/blog\/wp-content\/uploads\/2024\/07\/Kumburnu-Plaji-Kamp-Alani-3-300x225.jpg 300w, http:\/\/geziyoo.co\/blog\/wp-content\/uploads\/2024\/07\/Kumburnu-Plaji-Kamp-Alani-3-768x576.jpg 768w, http:\/\/geziyoo.co\/blog\/wp-content\/uploads\/2024\/07\/Kumburnu-Plaji-Kamp-Alani-3-150x113.jpg 150w\" data-sizes=\"(max-width: 800px) 100vw, 800px\" src=\"data:image\/gif;base64,R0lGODlhAQABAAAAACH5BAEKAAEALAAAAAABAAEAAAICTAEAOw==\" style=\"--smush-placeholder-width: 800px; --smush-placeholder-aspect-ratio: 800\/600;\" \/><\/figure>\n\n\n\n<p>\u00c7anakkale&#8217;nin Ezine il\u00e7esinde yer alan Kumburnu Plaj\u0131, bakir g\u00fczelli\u011fi ve berrak deniziyle do\u011faseverler i\u00e7in ideal bir destinasyon. Tesislerin bulunmad\u0131\u011f\u0131 bu plaj, el de\u011fmemi\u015f do\u011fas\u0131yla huzurlu bir atmosfer sunuyor.<\/p>\n\n\n\n<p>Kumburnu Plaj\u0131&#8217;na ula\u015f\u0131m biraz zor olabilir. Yolun son k\u0131sm\u0131 bozuk oldu\u011fundan ara\u00e7la gitmek zor. Bu nedenle bir\u00e7ok ki\u015fi arac\u0131n\u0131 park edip y\u00fcr\u00fcmeyi tercih ediyor. Arazi ara\u00e7lar\u0131 gibi ara\u00e7larla gitmeniz daha kolay olacakt\u0131r.<\/p>\n\n\n\n<p>Kumburnu Plaj\u0131&#8217;nda herhangi bir tesis bulunmad\u0131\u011f\u0131n\u0131 belirtmek \u00f6nemli. Bu nedenle yiyecek ve i\u00e7eceklerinizi yan\u0131n\u0131zda g\u00f6t\u00fcrmeniz gerekiyor. Ayr\u0131ca tuvalet, soyunma kabini ve du\u015f imkan\u0131 da mevcut de\u011fil. Telefon \u00e7ekimi de olduk\u00e7a zay\u0131f.<\/p>\n\n\n\n<p>Kumburnu Plaj\u0131, tertemiz denizi ve \u00e7ak\u0131ll\u0131 kumsal\u0131yla y\u00fczmek ve g\u00fcne\u015flenmek i\u00e7in ideal bir yer. Do\u011fayla i\u00e7 i\u00e7e olmak isteyenler i\u00e7in \u00e7ad\u0131r kamp\u0131 ve karavan kamp\u0131 da yap\u0131labilmektedir.<\/p>\n\n\n\n<p>Kumburnu Plaj\u0131&#8217;nda ate\u015f yakmak yasakt\u0131r. Bu nedenle mangal yapmak yerine piknik tarz\u0131 yiyecekler tercih etmeniz \u00f6nerilir.<\/p>\n\n\n\n<p><strong>Kumburnu Plaj\u0131&#8217;na gitmeden \u00f6nce:<\/strong><\/p>\n\n\n\n<ul class=\"wp-block-list\">\n<li>Yiyecek ve i\u00e7eceklerinizi yan\u0131n\u0131zda g\u00f6t\u00fcrmeyi unutmay\u0131n.<\/li>\n\n\n\n<li>G\u00fcne\u015f kremi, \u015fapka ve g\u00fcne\u015f g\u00f6zl\u00fc\u011f\u00fc gibi g\u00fcne\u015f korumal\u0131 \u00fcr\u00fcnlerinizi kullan\u0131n.<\/li>\n\n\n\n<li>Rahat ayakkab\u0131lar giyin.<\/li>\n\n\n\n<li>Yan\u0131n\u0131zda \u00e7\u00f6p po\u015feti bulundurun ve \u00e7evreyi temiz tutun.<\/li>\n<\/ul>\n\n\n\n<hr class=\"wp-block-separator has-alpha-channel-opacity is-style-wide\"\/>\n\n\n\n<ul class=\"wp-block-list\">\n<li><strong><strong>Kumburnu Plaj\u0131 Kamp Alan\u0131<\/strong> Adres<\/strong>&nbsp;:&nbsp;17600 Kumburun\/Ezine\/\u00c7anakkale <strong><em><a href=\"https:\/\/www.google.com\/maps?daddr=39.84371224416461,26.14276087684899\">Konum Bilgisi<\/a><\/em><\/strong><\/li>\n\n\n\n<li><strong>Kumburnu Plaj\u0131 Kamp Alan\u0131<\/strong> <strong>Telefon<\/strong>&nbsp;: &#8212;<\/li>\n\n\n\n<li><strong>Kumburnu Plaj\u0131 Kamp Alan\u0131<\/strong> <strong>Detayl\u0131 Bilgi :<em>&nbsp;<a href=\"https:\/\/geziyoo.co\/listing\/kumburnu-plaji-kamp-alani\/\">Kumburnu Plaj\u0131 Kamp Alan\u0131<\/a><\/em><\/strong><\/li>\n<\/ul>\n\n\n\n<hr class=\"wp-block-separator has-alpha-channel-opacity is-style-wide\"\/>\n\n\n\n<h2 class=\"wp-block-heading\">12.Eyvah Eyvah Camping<\/h2>\n\n\n\n<figure class=\"wp-block-image size-full\"><img decoding=\"async\" width=\"800\" height=\"600\" data-src=\"https:\/\/geziyoo.co\/blog\/wp-content\/uploads\/2024\/07\/Eyvah-Eyvah-Camping-2.jpg\" alt=\"\" class=\"wp-image-18864 lazyload\" data-srcset=\"http:\/\/geziyoo.co\/blog\/wp-content\/uploads\/2024\/07\/Eyvah-Eyvah-Camping-2.jpg 800w, http:\/\/geziyoo.co\/blog\/wp-content\/uploads\/2024\/07\/Eyvah-Eyvah-Camping-2-300x225.jpg 300w, http:\/\/geziyoo.co\/blog\/wp-content\/uploads\/2024\/07\/Eyvah-Eyvah-Camping-2-768x576.jpg 768w, http:\/\/geziyoo.co\/blog\/wp-content\/uploads\/2024\/07\/Eyvah-Eyvah-Camping-2-150x113.jpg 150w\" data-sizes=\"(max-width: 800px) 100vw, 800px\" src=\"data:image\/gif;base64,R0lGODlhAQABAAAAACH5BAEKAAEALAAAAAABAAEAAAICTAEAOw==\" style=\"--smush-placeholder-width: 800px; --smush-placeholder-aspect-ratio: 800\/600;\" \/><\/figure>\n\n\n\n<p>\u00c7anakkale&#8217;nin Ezine il\u00e7esinde, Kumburun K\u00f6y\u00fc mevkiinde yer alan Eyvah Eyvah Camping Restaurant, denizin kenar\u0131nda unutulmaz bir tatil ge\u00e7irmek isteyenler i\u00e7in ideal bir mekan. \u00d6zel g\u00fcn organizasyonlar\u0131 i\u00e7in de tercih edilen Eyvah Eyvah Camping Restaurant, sundu\u011fu imkanlarla her ihtiyaca cevap veriyor.<\/p>\n\n\n\n<p>Eyvah Eyvah Camping Restaurant, denize s\u0131f\u0131r konumu ile misafirlerine e\u015fsiz bir deniz manzaras\u0131 sunuyor. \u015eezlong ve \u015femsiye imkan\u0131 ile g\u00fcne\u015flenmenin ve denizin tad\u0131n\u0131 \u00e7\u0131karman\u0131n keyfini ya\u015fayabilirsiniz. Plaj alan\u0131nda y\u00fczme ve dal\u0131\u015f aktiviteleri de ger\u00e7ekle\u015ftirebilirsiniz.<\/p>\n\n\n\n<p>Eyvah Eyvah Camping Restaurant&#8217;ta \u00e7ad\u0131r kamp\u0131 i\u00e7in \u00f6zel olarak tasarlanm\u0131\u015f g\u00f6lgelik ve sessiz bir alan bulunmaktad\u0131r. Elektrik, tuvalet, s\u0131cak su, su, du\u015f ve oturma alan\u0131 gibi imkanlar da kamp\u0131n\u0131z\u0131 konforlu hale getirir.<\/p>\n\n\n\n<p>Restoran b\u00f6l\u00fcm\u00fcnde s\u0131cak ve so\u011fuk men\u00fclerden olu\u015fan geni\u015f bir yelpaze sunulmaktad\u0131r. Kamp boyunca lezzetli ve doyurucu \u00f6\u011f\u00fcnler yiyebilirsiniz.<\/p>\n\n\n\n<p>Eyvah Eyvah Camping Restaurant, \u00f6zel g\u00fcn organizasyonlar\u0131 i\u00e7in de ideal bir mekan. Do\u011fum g\u00fcn\u00fc kutlamalar\u0131, d\u00fc\u011f\u00fcn \u00f6ncesi partiler ve di\u011fer \u00f6zel g\u00fcnleriniz i\u00e7in Eyvah Eyvah Camping Restaurant&#8217;\u0131 tercih edebilirsiniz.<\/p>\n\n\n\n<p>Eyvah Eyvah Camping Restaurant&#8217;a gitmeden \u00f6nce alan m\u00fcsaitli\u011fini sorgulaman\u0131z\u0131 tavsiye ederiz.<\/p>\n\n\n\n<hr class=\"wp-block-separator has-alpha-channel-opacity is-style-wide\"\/>\n\n\n\n<ul class=\"wp-block-list\">\n<li><strong><strong>Eyvah Eyvah Camping<\/strong> Adres<\/strong>&nbsp;:&nbsp;17600 Kumburun\/Ezine\/\u00c7anakkale <strong><em><a href=\"https:\/\/www.google.com\/maps?daddr=39.87006565977171,26.151435576554757\">Konum Bilgisi<\/a><\/em><\/strong><\/li>\n\n\n\n<li><strong>Eyvah Eyvah Camping<\/strong> <strong>Telefon<\/strong>&nbsp;: 0286 773 22 22<\/li>\n\n\n\n<li><strong>Eyvah Eyvah Camping<\/strong> <strong>Detayl\u0131 Bilgi :<em>&nbsp;<a href=\"https:\/\/geziyoo.co\/listing\/eyvah-eyvah-camping\/\">Eyvah Eyvah Camping<\/a><\/em><\/strong><\/li>\n<\/ul>\n\n\n\n<hr class=\"wp-block-separator has-alpha-channel-opacity is-style-wide\"\/>\n\n\n\n<h2 class=\"wp-block-heading\">13.Papaz Plaj\u0131 Kamp Alan\u0131<a href=\"https:\/\/geziyoo.co\/listing\/papaz-plaji-kamp-alani\/\"><\/a><\/h2>\n\n\n\n<figure class=\"wp-block-image size-full\"><img decoding=\"async\" width=\"800\" height=\"600\" data-src=\"https:\/\/geziyoo.co\/blog\/wp-content\/uploads\/2024\/07\/Papaz-Plaji-Kamp-Alani-5-1.jpg\" alt=\"\" class=\"wp-image-18866 lazyload\" data-srcset=\"http:\/\/geziyoo.co\/blog\/wp-content\/uploads\/2024\/07\/Papaz-Plaji-Kamp-Alani-5-1.jpg 800w, http:\/\/geziyoo.co\/blog\/wp-content\/uploads\/2024\/07\/Papaz-Plaji-Kamp-Alani-5-1-300x225.jpg 300w, http:\/\/geziyoo.co\/blog\/wp-content\/uploads\/2024\/07\/Papaz-Plaji-Kamp-Alani-5-1-768x576.jpg 768w, http:\/\/geziyoo.co\/blog\/wp-content\/uploads\/2024\/07\/Papaz-Plaji-Kamp-Alani-5-1-150x113.jpg 150w\" data-sizes=\"(max-width: 800px) 100vw, 800px\" src=\"data:image\/gif;base64,R0lGODlhAQABAAAAACH5BAEKAAEALAAAAAABAAEAAAICTAEAOw==\" style=\"--smush-placeholder-width: 800px; --smush-placeholder-aspect-ratio: 800\/600;\" \/><\/figure>\n\n\n\n<p>\u00c7anakkale&#8217;nin Ezine il\u00e7esine ba\u011fl\u0131 Yenik\u00f6y&#8217;de yer alan Papaz Plaj\u0131 Kamp Alan\u0131, Ege Denizi&#8217;nin masmavi sular\u0131yla bulu\u015fan muhte\u015fem do\u011fas\u0131 ve tertemiz kumsal\u0131yla kamp severleri kendine \u00e7ekiyor.<\/p>\n\n\n\n<p>Papaz Plaj\u0131, \u00e7am ormanlar\u0131 ile \u00e7evrili sakin bir koyda yer al\u0131yor. Bu sayede kamp\u00e7\u0131lar do\u011fayla i\u00e7 i\u00e7e bir ortamda huzurlu vakit ge\u00e7irebiliyor. Kamp alan\u0131nda elektrik ve su gibi temel ihtiya\u00e7lar i\u00e7in i\u015fletme mevcut. Fakat yiyecek ve i\u00e7ecek konusunda baz\u0131 eksiklikler oldu\u011fu i\u00e7in yan\u0131n\u0131zda yiyecek ve i\u00e7ecek g\u00f6t\u00fcrmeniz tavsiye edilir.<\/p>\n\n\n\n<p>Papaz Plaj\u0131&#8217;n\u0131n kumsal\u0131 olduk\u00e7a temiz ve denizi ise berrak ve so\u011fuk. Bu da yaz aylar\u0131nda serinlemek i\u00e7in ideal bir ortam sunuyor. Plajda \u015fezlong ve \u015femsiye kiralama imkan\u0131 mevcut. Fakat yaz sezonu olduk\u00e7a kalabal\u0131k olabildi\u011fi i\u00e7in yan\u0131n\u0131zda \u015fezlong ve \u015femsiye bulundurman\u0131zda fayda var.<\/p>\n\n\n\n<p>Papaz Plaj\u0131, s\u0131\u011f denizi ve sakin koyu ile \u00e7ocuklu aileler i\u00e7in de olduk\u00e7a uygun bir kamp alan\u0131. \u00c7ocuklar plajda kumdan kaleler in\u015fa edebilir, denizde g\u00fcvenle y\u00fczebilir ve do\u011fan\u0131n tad\u0131n\u0131 \u00e7\u0131karabilir.<\/p>\n\n\n\n<p>Papaz Plaj\u0131, muhte\u015fem do\u011fas\u0131yla foto\u011fraf tutkunlar\u0131 i\u00e7in de e\u015fsiz bir yer. \u00c7am ormanlar\u0131, masmavi deniz ve tertemiz kumsal, unutulmaz foto\u011fraflar \u00e7ekmenizi sa\u011flayacak.<\/p>\n\n\n\n<p><strong>Papaz Plaj\u0131&#8217;na Gitmeden \u00d6nce Dikkat Edilmesi Gerekenler:<\/strong><\/p>\n\n\n\n<ul class=\"wp-block-list\">\n<li>Yaz sezonu olduk\u00e7a kalabal\u0131k olabiliyor. Bu nedenle \u00f6nceden yer ay\u0131rtman\u0131zda fayda var.<\/li>\n\n\n\n<li>Kamp alan\u0131nda yiyecek ve i\u00e7ecek konusunda baz\u0131 eksiklikler oldu\u011fu i\u00e7in yan\u0131n\u0131zda yiyecek ve i\u00e7ecek bulundurman\u0131z tavsiye edilir.<\/li>\n\n\n\n<li>Plajda \u015fezlong ve \u015femsiye kiralama imkan\u0131 mevcut. Fakat yaz sezonu olduk\u00e7a kalabal\u0131k olabildi\u011fi i\u00e7in yan\u0131n\u0131zda \u015fezlong ve \u015femsiye bulundurman\u0131zda fayda var.<\/li>\n\n\n\n<li>Kamp alan\u0131nda elektrik ve su gibi temel ihtiya\u00e7lar i\u00e7in i\u015fletme mevcut.<\/li>\n<\/ul>\n\n\n\n<p>Papaz Plaj\u0131 Kamp Alan\u0131&#8217;na \u00c7anakkale merkeze 90 km, Ezine&#8217;ye ise 25 km uzakl\u0131ktad\u0131r. Arac\u0131n\u0131zla \u00f6zel ara\u00e7la ula\u015f\u0131m olduk\u00e7a kolay. Toplu ta\u015f\u0131ma ile gitmek ise biraz daha zor.<\/p>\n\n\n\n<hr class=\"wp-block-separator has-alpha-channel-opacity is-style-wide\"\/>\n\n\n\n<ul class=\"wp-block-list\">\n<li><strong><strong>Papaz Plaj\u0131 Kamp Alan\u0131<\/strong> Adres<\/strong>&nbsp;:&nbsp;&nbsp;Unnamed Rd, Yenik\u00f6y\/, 17600 Yenik\u00f6y\/Ezine\/\u00c7anakkale <strong><em><a href=\"https:\/\/www.google.com\/maps?daddr=39.92008250277972,26.156589636776904\">Konum Bilgisi<\/a><\/em><\/strong><\/li>\n\n\n\n<li><strong>Papaz Plaj\u0131 Kamp Alan\u0131<\/strong> <strong>Telefon<\/strong>&nbsp;: &#8212;<\/li>\n\n\n\n<li><strong>Papaz Plaj\u0131 Kamp Alan\u0131<\/strong> <strong>Detayl\u0131 Bilgi :<em>&nbsp;<a href=\"https:\/\/geziyoo.co\/listing\/papaz-plaji-kamp-alani\/\">Papaz Plaj\u0131 Kamp Alan\u0131<\/a><\/em><\/strong><\/li>\n<\/ul>\n\n\n\n<hr class=\"wp-block-separator has-alpha-channel-opacity is-style-wide\"\/>\n\n\n\n<p><strong>Ezine&#8217;de kamp yapabilece\u011finiz yerlerin<\/strong>&nbsp;tamam\u0131na yak\u0131n\u0131 sizlerle payla\u015ft\u0131k.Belki kuytuda k\u00f6\u015fede bir ka\u00e7 tane daha vard\u0131r.\u00c7anakkale&#8217;de kamp yap\u0131lan ba\u015fka var ise l\u00fctfen yorumlar k\u0131sm\u0131ndan bizlerle .Bizlerden \u015fimdilik bu kadar g\u00fczel bir kamp ge\u00e7irmeniz dile\u011fiyle ho\u015f\u00e7akal\u0131n<\/p>\n\n\n\n<hr class=\"wp-block-separator has-css-opacity is-style-wide\"\/>\n\n\n\n<h3 class=\"wp-block-heading\">Bunlar\u0131 da Sevebilirsiniz;<\/h3>\n\n\n<ul class=\"wp-block-latest-posts__list wp-block-latest-posts\"><li><a class=\"wp-block-latest-posts__post-title\" href=\"http:\/\/geziyoo.co\/blog\/batman-kamp-alanlari\/\">Batman ve \u00c7evresi Do\u011fa \u0130\u00e7inde 4 Kamp Noktas\u0131 (Konum ve \u0130pu\u00e7lar\u0131)<\/a><\/li>\n<li><a class=\"wp-block-latest-posts__post-title\" href=\"http:\/\/geziyoo.co\/blog\/ayder-yaylasi-kamp-alanlari-ve-karavan-alanlari\/\">Ayder Yaylas\u0131 ve \u00c7evresi 2 Kamp Noktas\u0131 (Konum ve \u0130pu\u00e7lar\u0131)<\/a><\/li>\n<li><a class=\"wp-block-latest-posts__post-title\" href=\"http:\/\/geziyoo.co\/blog\/ardesen-kamp-alanlari-ve-karavan-alanlari\/\">Arde\u015fen ve F\u0131rt\u0131na Vadisi Giri\u015fi 5 Kamp Noktas\u0131 (Konum ve \u0130pu\u00e7lar\u0131)<\/a><\/li>\n<\/ul>\n\n\n<p><\/p>\n","protected":false},"excerpt":{"rendered":"<p>Ezine, \u00c7anakkale&#8217;nin en stratejik noktalar\u0131ndan biridir. Bir yan\u0131 Troya&#8217;n\u0131n devam\u0131 olan tarihi topraklar, bir yan\u0131 ise Ege&#8217;nin en berrak sular\u0131d\u0131r. Buras\u0131, Bozcaada&#8217;ya gitmek i\u00e7in s\u0131ras\u0131n\u0131 bekleyenlerin sadece bir ge\u00e7i\u015f noktas\u0131 olarak g\u00f6rd\u00fc\u011f\u00fc ama asl\u0131nda &#8220;burada kal\u0131nmal\u0131ym\u0131\u015f&#8221; dedi\u011fi yerdir. Zeytin a\u011fa\u00e7lar\u0131n\u0131n g\u00f6lgesinde, Kazda\u011flar\u0131&#8217;ndan gelen bol oksijenli havay\u0131 soluyarak kamp yapmak Ezine&#8217;nin alametifarikas\u0131d\u0131r. B\u00f6lgedeki kamp rotas\u0131 \u00fc\u00e7 &hellip;<\/p>\n","protected":false},"author":1,"featured_media":18852,"comment_status":"open","ping_status":"open","sticky":false,"template":"","format":"standard","meta":{"footnotes":""},"categories":[589,23],"tags":[],"class_list":["post-18850","post","type-post","status-publish","format-standard","has-post-thumbnail","hentry","category-kamp1","category-kamp-kamp-alanlari"],"yoast_head":"<!-- This site is optimized with the Yoast SEO plugin v26.9 - https:\/\/yoast.com\/product\/yoast-seo-wordpress\/ -->\n<title>Ezine\u2019de \u00dccretli ve \u00dccretsiz En \u0130yi 13 Kamp Alan\u0131: Geyikli, Tavakl\u0131 ve Kumburun | Geziyoo<\/title>\n<meta name=\"description\" content=\"\u00c7anakkale Ezine, me\u015fhur Geyikli sahilleri, sakin Tavakl\u0131 \u0130skelesi, do\u011fa harikas\u0131 Kumburun ve antik liman Alexandria Troas dahil 13 kamp alan\u0131n\u0131 listeledik.\" \/>\n<meta name=\"robots\" content=\"index, follow, max-snippet:-1, max-image-preview:large, max-video-preview:-1\" \/>\n<link rel=\"canonical\" href=\"https:\/\/geziyoo.co\/blog\/ezine-kamp-alanlari-ve-karavan-alanlari\/\" \/>\n<meta property=\"og:locale\" content=\"tr_TR\" \/>\n<meta property=\"og:type\" content=\"article\" \/>\n<meta property=\"og:title\" content=\"Ezine\u2019de \u00dccretli ve \u00dccretsiz En \u0130yi 13 Kamp Alan\u0131: Geyikli, Tavakl\u0131 ve Kumburun | Geziyoo\" \/>\n<meta property=\"og:description\" content=\"\u00c7anakkale Ezine, me\u015fhur Geyikli sahilleri, sakin Tavakl\u0131 \u0130skelesi, do\u011fa harikas\u0131 Kumburun ve antik liman Alexandria Troas dahil 13 kamp alan\u0131n\u0131 listeledik.\" \/>\n<meta property=\"og:url\" content=\"https:\/\/geziyoo.co\/blog\/ezine-kamp-alanlari-ve-karavan-alanlari\/\" \/>\n<meta property=\"og:site_name\" content=\"Geziyoo.co\" \/>\n<meta property=\"article:publisher\" content=\"https:\/\/www.facebook.com\/Geziyooco\" \/>\n<meta property=\"article:author\" content=\"https:\/\/www.facebook.com\/geziyoo.co\" \/>\n<meta property=\"article:published_time\" content=\"2024-07-11T05:46:33+00:00\" \/>\n<meta property=\"article:modified_time\" content=\"2026-02-04T12:15:37+00:00\" \/>\n<meta property=\"og:image\" content=\"https:\/\/geziyoo.co\/blog\/wp-content\/uploads\/2024\/07\/Camlica-Selalesi-Kamp-Alani-3.jpg\" \/>\n\t<meta property=\"og:image:width\" content=\"1024\" \/>\n\t<meta property=\"og:image:height\" content=\"768\" \/>\n\t<meta property=\"og:image:type\" content=\"image\/jpeg\" \/>\n<meta name=\"author\" content=\"Geziyoo\" \/>\n<meta name=\"twitter:card\" content=\"summary_large_image\" \/>\n<meta name=\"twitter:creator\" content=\"@https:\/\/twitter.com\/geziyoo\" \/>\n<meta name=\"twitter:site\" content=\"@geziyoo\" \/>\n<meta name=\"twitter:label1\" content=\"Yazan:\" \/>\n\t<meta name=\"twitter:data1\" content=\"Geziyoo\" \/>\n\t<meta name=\"twitter:label2\" content=\"Tahmini okuma s\u00fcresi\" \/>\n\t<meta name=\"twitter:data2\" content=\"21 dakika\" \/>\n<script type=\"application\/ld+json\" class=\"yoast-schema-graph\">{\"@context\":\"https:\/\/schema.org\",\"@graph\":[{\"@type\":\"Article\",\"@id\":\"https:\/\/geziyoo.co\/blog\/ezine-kamp-alanlari-ve-karavan-alanlari\/#article\",\"isPartOf\":{\"@id\":\"https:\/\/geziyoo.co\/blog\/ezine-kamp-alanlari-ve-karavan-alanlari\/\"},\"author\":{\"name\":\"Geziyoo\",\"@id\":\"https:\/\/geziyoo.co\/blog\/#\/schema\/person\/032acb2436540ed14784e7d978aef0e4\"},\"headline\":\"Ezine Sahilleri ve Geyikli \u00c7evresi 13 Kamp Noktas\u0131 (Konum ve \u0130pu\u00e7lar\u0131)\",\"datePublished\":\"2024-07-11T05:46:33+00:00\",\"dateModified\":\"2026-02-04T12:15:37+00:00\",\"mainEntityOfPage\":{\"@id\":\"https:\/\/geziyoo.co\/blog\/ezine-kamp-alanlari-ve-karavan-alanlari\/\"},\"wordCount\":3943,\"commentCount\":0,\"publisher\":{\"@id\":\"https:\/\/geziyoo.co\/blog\/#organization\"},\"image\":{\"@id\":\"https:\/\/geziyoo.co\/blog\/ezine-kamp-alanlari-ve-karavan-alanlari\/#primaryimage\"},\"thumbnailUrl\":\"http:\/\/geziyoo.co\/blog\/wp-content\/uploads\/2024\/07\/Camlica-Selalesi-Kamp-Alani-3.jpg\",\"articleSection\":[\"Kamp\",\"Kamp Alanlar\u0131\"],\"inLanguage\":\"tr\",\"potentialAction\":[{\"@type\":\"CommentAction\",\"name\":\"Comment\",\"target\":[\"https:\/\/geziyoo.co\/blog\/ezine-kamp-alanlari-ve-karavan-alanlari\/#respond\"]}]},{\"@type\":\"WebPage\",\"@id\":\"https:\/\/geziyoo.co\/blog\/ezine-kamp-alanlari-ve-karavan-alanlari\/\",\"url\":\"https:\/\/geziyoo.co\/blog\/ezine-kamp-alanlari-ve-karavan-alanlari\/\",\"name\":\"Ezine\u2019de \u00dccretli ve \u00dccretsiz En \u0130yi 13 Kamp Alan\u0131: Geyikli, Tavakl\u0131 ve Kumburun | Geziyoo\",\"isPartOf\":{\"@id\":\"https:\/\/geziyoo.co\/blog\/#website\"},\"primaryImageOfPage\":{\"@id\":\"https:\/\/geziyoo.co\/blog\/ezine-kamp-alanlari-ve-karavan-alanlari\/#primaryimage\"},\"image\":{\"@id\":\"https:\/\/geziyoo.co\/blog\/ezine-kamp-alanlari-ve-karavan-alanlari\/#primaryimage\"},\"thumbnailUrl\":\"http:\/\/geziyoo.co\/blog\/wp-content\/uploads\/2024\/07\/Camlica-Selalesi-Kamp-Alani-3.jpg\",\"datePublished\":\"2024-07-11T05:46:33+00:00\",\"dateModified\":\"2026-02-04T12:15:37+00:00\",\"description\":\"\u00c7anakkale Ezine, me\u015fhur Geyikli sahilleri, sakin Tavakl\u0131 \u0130skelesi, do\u011fa harikas\u0131 Kumburun ve antik liman Alexandria Troas dahil 13 kamp alan\u0131n\u0131 listeledik.\",\"breadcrumb\":{\"@id\":\"https:\/\/geziyoo.co\/blog\/ezine-kamp-alanlari-ve-karavan-alanlari\/#breadcrumb\"},\"inLanguage\":\"tr\",\"potentialAction\":[{\"@type\":\"ReadAction\",\"target\":[\"https:\/\/geziyoo.co\/blog\/ezine-kamp-alanlari-ve-karavan-alanlari\/\"]}]},{\"@type\":\"ImageObject\",\"inLanguage\":\"tr\",\"@id\":\"https:\/\/geziyoo.co\/blog\/ezine-kamp-alanlari-ve-karavan-alanlari\/#primaryimage\",\"url\":\"http:\/\/geziyoo.co\/blog\/wp-content\/uploads\/2024\/07\/Camlica-Selalesi-Kamp-Alani-3.jpg\",\"contentUrl\":\"http:\/\/geziyoo.co\/blog\/wp-content\/uploads\/2024\/07\/Camlica-Selalesi-Kamp-Alani-3.jpg\",\"width\":1024,\"height\":768},{\"@type\":\"BreadcrumbList\",\"@id\":\"https:\/\/geziyoo.co\/blog\/ezine-kamp-alanlari-ve-karavan-alanlari\/#breadcrumb\",\"itemListElement\":[{\"@type\":\"ListItem\",\"position\":1,\"name\":\"Ana sayfa\",\"item\":\"https:\/\/geziyoo.co\/blog\/\"},{\"@type\":\"ListItem\",\"position\":2,\"name\":\"Ezine Sahilleri ve Geyikli \u00c7evresi 13 Kamp Noktas\u0131 (Konum ve \u0130pu\u00e7lar\u0131)\"}]},{\"@type\":\"WebSite\",\"@id\":\"https:\/\/geziyoo.co\/blog\/#website\",\"url\":\"https:\/\/geziyoo.co\/blog\/\",\"name\":\"Geziyoo Blog\",\"description\":\"GeziYoo Blog&#039;da T\u00fcrkiye&#039;nin en iyi kamp alanlar\u0131ndan bungalov tatillerine, karavan ipu\u00e7lar\u0131ndan gezi rehberlerine kadar her t\u00fcrl\u00fc do\u011fa deneyimini ke\u015ffedin.\",\"publisher\":{\"@id\":\"https:\/\/geziyoo.co\/blog\/#organization\"},\"potentialAction\":[{\"@type\":\"SearchAction\",\"target\":{\"@type\":\"EntryPoint\",\"urlTemplate\":\"https:\/\/geziyoo.co\/blog\/?s={search_term_string}\"},\"query-input\":{\"@type\":\"PropertyValueSpecification\",\"valueRequired\":true,\"valueName\":\"search_term_string\"}}],\"inLanguage\":\"tr\"},{\"@type\":\"Organization\",\"@id\":\"https:\/\/geziyoo.co\/blog\/#organization\",\"name\":\"Geziyoo.co\",\"url\":\"https:\/\/geziyoo.co\/blog\/\",\"logo\":{\"@type\":\"ImageObject\",\"inLanguage\":\"tr\",\"@id\":\"https:\/\/geziyoo.co\/blog\/#\/schema\/logo\/image\/\",\"url\":\"https:\/\/geziyoo.co\/blog\/wp-content\/uploads\/2025\/01\/Paragraf-metniniz-3.png\",\"contentUrl\":\"https:\/\/geziyoo.co\/blog\/wp-content\/uploads\/2025\/01\/Paragraf-metniniz-3.png\",\"width\":270,\"height\":50,\"caption\":\"Geziyoo.co\"},\"image\":{\"@id\":\"https:\/\/geziyoo.co\/blog\/#\/schema\/logo\/image\/\"},\"sameAs\":[\"https:\/\/www.facebook.com\/Geziyooco\",\"https:\/\/x.com\/geziyoo\",\"https:\/\/tr.pinterest.com\/geziyooco\/\",\"https:\/\/www.youtube.com\/@geziyoo\",\"https:\/\/www.instagram.com\/geziyoo.co\/\"]},{\"@type\":\"Person\",\"@id\":\"https:\/\/geziyoo.co\/blog\/#\/schema\/person\/032acb2436540ed14784e7d978aef0e4\",\"name\":\"Geziyoo\",\"image\":{\"@type\":\"ImageObject\",\"inLanguage\":\"tr\",\"@id\":\"https:\/\/geziyoo.co\/blog\/#\/schema\/person\/image\/\",\"url\":\"https:\/\/secure.gravatar.com\/avatar\/ae212a4514471fdb8cab6e5af4f3c99b940a2d0a16713ea0392c8d7c8a64f30a?s=96&d=mm&r=g\",\"contentUrl\":\"https:\/\/secure.gravatar.com\/avatar\/ae212a4514471fdb8cab6e5af4f3c99b940a2d0a16713ea0392c8d7c8a64f30a?s=96&d=mm&r=g\",\"caption\":\"Geziyoo\"},\"description\":\"Do\u011fa ile i\u00e7 i\u00e7e olabilece\u011finiz yerler,do\u011fa aktivite alanlar\u0131,kamp alanlar\u0131,bungalov oteller,Tiny House Oteller, Galampingler ve da\u011f evlerinin herkes i\u00e7in ula\u015f\u0131labilir olmas\u0131n\u0131 sa\u011flamak amac\u0131yla Geziyoo\u2019ya 2019 y\u0131l\u0131nda ba\u015flad\u0131k.Do\u011fal Tatil konseptini uygulayan en geni\u015f kapsaml\u0131 sitedir.\",\"sameAs\":[\"https:\/\/geziyoo.co\/\",\"https:\/\/www.facebook.com\/geziyoo.co\",\"https:\/\/www.instagram.com\/geziyoo.co\/\",\"https:\/\/tr.pinterest.com\/geziyooco\/\",\"https:\/\/x.com\/https:\/\/twitter.com\/geziyoo\",\"https:\/\/www.youtube.com\/channel\/UCdiSMa6pe17KEY7DP1Ug4ag\"]}]}<\/script>\n<!-- \/ Yoast SEO plugin. -->","yoast_head_json":{"title":"Ezine\u2019de \u00dccretli ve \u00dccretsiz En \u0130yi 13 Kamp Alan\u0131: Geyikli, Tavakl\u0131 ve Kumburun | Geziyoo","description":"\u00c7anakkale Ezine, me\u015fhur Geyikli sahilleri, sakin Tavakl\u0131 \u0130skelesi, do\u011fa harikas\u0131 Kumburun ve antik liman Alexandria Troas dahil 13 kamp alan\u0131n\u0131 listeledik.","robots":{"index":"index","follow":"follow","max-snippet":"max-snippet:-1","max-image-preview":"max-image-preview:large","max-video-preview":"max-video-preview:-1"},"canonical":"https:\/\/geziyoo.co\/blog\/ezine-kamp-alanlari-ve-karavan-alanlari\/","og_locale":"tr_TR","og_type":"article","og_title":"Ezine\u2019de \u00dccretli ve \u00dccretsiz En \u0130yi 13 Kamp Alan\u0131: Geyikli, Tavakl\u0131 ve Kumburun | Geziyoo","og_description":"\u00c7anakkale Ezine, me\u015fhur Geyikli sahilleri, sakin Tavakl\u0131 \u0130skelesi, do\u011fa harikas\u0131 Kumburun ve antik liman Alexandria Troas dahil 13 kamp alan\u0131n\u0131 listeledik.","og_url":"https:\/\/geziyoo.co\/blog\/ezine-kamp-alanlari-ve-karavan-alanlari\/","og_site_name":"Geziyoo.co","article_publisher":"https:\/\/www.facebook.com\/Geziyooco","article_author":"https:\/\/www.facebook.com\/geziyoo.co","article_published_time":"2024-07-11T05:46:33+00:00","article_modified_time":"2026-02-04T12:15:37+00:00","og_image":[{"width":1024,"height":768,"url":"https:\/\/geziyoo.co\/blog\/wp-content\/uploads\/2024\/07\/Camlica-Selalesi-Kamp-Alani-3.jpg","type":"image\/jpeg"}],"author":"Geziyoo","twitter_card":"summary_large_image","twitter_creator":"@https:\/\/twitter.com\/geziyoo","twitter_site":"@geziyoo","twitter_misc":{"Yazan:":"Geziyoo","Tahmini okuma s\u00fcresi":"21 dakika"},"schema":{"@context":"https:\/\/schema.org","@graph":[{"@type":"Article","@id":"https:\/\/geziyoo.co\/blog\/ezine-kamp-alanlari-ve-karavan-alanlari\/#article","isPartOf":{"@id":"https:\/\/geziyoo.co\/blog\/ezine-kamp-alanlari-ve-karavan-alanlari\/"},"author":{"name":"Geziyoo","@id":"https:\/\/geziyoo.co\/blog\/#\/schema\/person\/032acb2436540ed14784e7d978aef0e4"},"headline":"Ezine Sahilleri ve Geyikli \u00c7evresi 13 Kamp Noktas\u0131 (Konum ve \u0130pu\u00e7lar\u0131)","datePublished":"2024-07-11T05:46:33+00:00","dateModified":"2026-02-04T12:15:37+00:00","mainEntityOfPage":{"@id":"https:\/\/geziyoo.co\/blog\/ezine-kamp-alanlari-ve-karavan-alanlari\/"},"wordCount":3943,"commentCount":0,"publisher":{"@id":"https:\/\/geziyoo.co\/blog\/#organization"},"image":{"@id":"https:\/\/geziyoo.co\/blog\/ezine-kamp-alanlari-ve-karavan-alanlari\/#primaryimage"},"thumbnailUrl":"http:\/\/geziyoo.co\/blog\/wp-content\/uploads\/2024\/07\/Camlica-Selalesi-Kamp-Alani-3.jpg","articleSection":["Kamp","Kamp Alanlar\u0131"],"inLanguage":"tr","potentialAction":[{"@type":"CommentAction","name":"Comment","target":["https:\/\/geziyoo.co\/blog\/ezine-kamp-alanlari-ve-karavan-alanlari\/#respond"]}]},{"@type":"WebPage","@id":"https:\/\/geziyoo.co\/blog\/ezine-kamp-alanlari-ve-karavan-alanlari\/","url":"https:\/\/geziyoo.co\/blog\/ezine-kamp-alanlari-ve-karavan-alanlari\/","name":"Ezine\u2019de \u00dccretli ve \u00dccretsiz En \u0130yi 13 Kamp Alan\u0131: Geyikli, Tavakl\u0131 ve Kumburun | Geziyoo","isPartOf":{"@id":"https:\/\/geziyoo.co\/blog\/#website"},"primaryImageOfPage":{"@id":"https:\/\/geziyoo.co\/blog\/ezine-kamp-alanlari-ve-karavan-alanlari\/#primaryimage"},"image":{"@id":"https:\/\/geziyoo.co\/blog\/ezine-kamp-alanlari-ve-karavan-alanlari\/#primaryimage"},"thumbnailUrl":"http:\/\/geziyoo.co\/blog\/wp-content\/uploads\/2024\/07\/Camlica-Selalesi-Kamp-Alani-3.jpg","datePublished":"2024-07-11T05:46:33+00:00","dateModified":"2026-02-04T12:15:37+00:00","description":"\u00c7anakkale Ezine, me\u015fhur Geyikli sahilleri, sakin Tavakl\u0131 \u0130skelesi, do\u011fa harikas\u0131 Kumburun ve antik liman Alexandria Troas dahil 13 kamp alan\u0131n\u0131 listeledik.","breadcrumb":{"@id":"https:\/\/geziyoo.co\/blog\/ezine-kamp-alanlari-ve-karavan-alanlari\/#breadcrumb"},"inLanguage":"tr","potentialAction":[{"@type":"ReadAction","target":["https:\/\/geziyoo.co\/blog\/ezine-kamp-alanlari-ve-karavan-alanlari\/"]}]},{"@type":"ImageObject","inLanguage":"tr","@id":"https:\/\/geziyoo.co\/blog\/ezine-kamp-alanlari-ve-karavan-alanlari\/#primaryimage","url":"http:\/\/geziyoo.co\/blog\/wp-content\/uploads\/2024\/07\/Camlica-Selalesi-Kamp-Alani-3.jpg","contentUrl":"http:\/\/geziyoo.co\/blog\/wp-content\/uploads\/2024\/07\/Camlica-Selalesi-Kamp-Alani-3.jpg","width":1024,"height":768},{"@type":"BreadcrumbList","@id":"https:\/\/geziyoo.co\/blog\/ezine-kamp-alanlari-ve-karavan-alanlari\/#breadcrumb","itemListElement":[{"@type":"ListItem","position":1,"name":"Ana sayfa","item":"https:\/\/geziyoo.co\/blog\/"},{"@type":"ListItem","position":2,"name":"Ezine Sahilleri ve Geyikli \u00c7evresi 13 Kamp Noktas\u0131 (Konum ve \u0130pu\u00e7lar\u0131)"}]},{"@type":"WebSite","@id":"https:\/\/geziyoo.co\/blog\/#website","url":"https:\/\/geziyoo.co\/blog\/","name":"Geziyoo Blog","description":"GeziYoo Blog&#039;da T\u00fcrkiye&#039;nin en iyi kamp alanlar\u0131ndan bungalov tatillerine, karavan ipu\u00e7lar\u0131ndan gezi rehberlerine kadar her t\u00fcrl\u00fc do\u011fa deneyimini ke\u015ffedin.","publisher":{"@id":"https:\/\/geziyoo.co\/blog\/#organization"},"potentialAction":[{"@type":"SearchAction","target":{"@type":"EntryPoint","urlTemplate":"https:\/\/geziyoo.co\/blog\/?s={search_term_string}"},"query-input":{"@type":"PropertyValueSpecification","valueRequired":true,"valueName":"search_term_string"}}],"inLanguage":"tr"},{"@type":"Organization","@id":"https:\/\/geziyoo.co\/blog\/#organization","name":"Geziyoo.co","url":"https:\/\/geziyoo.co\/blog\/","logo":{"@type":"ImageObject","inLanguage":"tr","@id":"https:\/\/geziyoo.co\/blog\/#\/schema\/logo\/image\/","url":"https:\/\/geziyoo.co\/blog\/wp-content\/uploads\/2025\/01\/Paragraf-metniniz-3.png","contentUrl":"https:\/\/geziyoo.co\/blog\/wp-content\/uploads\/2025\/01\/Paragraf-metniniz-3.png","width":270,"height":50,"caption":"Geziyoo.co"},"image":{"@id":"https:\/\/geziyoo.co\/blog\/#\/schema\/logo\/image\/"},"sameAs":["https:\/\/www.facebook.com\/Geziyooco","https:\/\/x.com\/geziyoo","https:\/\/tr.pinterest.com\/geziyooco\/","https:\/\/www.youtube.com\/@geziyoo","https:\/\/www.instagram.com\/geziyoo.co\/"]},{"@type":"Person","@id":"https:\/\/geziyoo.co\/blog\/#\/schema\/person\/032acb2436540ed14784e7d978aef0e4","name":"Geziyoo","image":{"@type":"ImageObject","inLanguage":"tr","@id":"https:\/\/geziyoo.co\/blog\/#\/schema\/person\/image\/","url":"https:\/\/secure.gravatar.com\/avatar\/ae212a4514471fdb8cab6e5af4f3c99b940a2d0a16713ea0392c8d7c8a64f30a?s=96&d=mm&r=g","contentUrl":"https:\/\/secure.gravatar.com\/avatar\/ae212a4514471fdb8cab6e5af4f3c99b940a2d0a16713ea0392c8d7c8a64f30a?s=96&d=mm&r=g","caption":"Geziyoo"},"description":"Do\u011fa ile i\u00e7 i\u00e7e olabilece\u011finiz yerler,do\u011fa aktivite alanlar\u0131,kamp alanlar\u0131,bungalov oteller,Tiny House Oteller, Galampingler ve da\u011f evlerinin herkes i\u00e7in ula\u015f\u0131labilir olmas\u0131n\u0131 sa\u011flamak amac\u0131yla Geziyoo\u2019ya 2019 y\u0131l\u0131nda ba\u015flad\u0131k.Do\u011fal Tatil konseptini uygulayan en geni\u015f kapsaml\u0131 sitedir.","sameAs":["https:\/\/geziyoo.co\/","https:\/\/www.facebook.com\/geziyoo.co","https:\/\/www.instagram.com\/geziyoo.co\/","https:\/\/tr.pinterest.com\/geziyooco\/","https:\/\/x.com\/https:\/\/twitter.com\/geziyoo","https:\/\/www.youtube.com\/channel\/UCdiSMa6pe17KEY7DP1Ug4ag"]}]}},"amp_enabled":true,"_links":{"self":[{"href":"http:\/\/geziyoo.co\/blog\/wp-json\/wp\/v2\/posts\/18850","targetHints":{"allow":["GET"]}}],"collection":[{"href":"http:\/\/geziyoo.co\/blog\/wp-json\/wp\/v2\/posts"}],"about":[{"href":"http:\/\/geziyoo.co\/blog\/wp-json\/wp\/v2\/types\/post"}],"author":[{"embeddable":true,"href":"http:\/\/geziyoo.co\/blog\/wp-json\/wp\/v2\/users\/1"}],"replies":[{"embeddable":true,"href":"http:\/\/geziyoo.co\/blog\/wp-json\/wp\/v2\/comments?post=18850"}],"version-history":[{"count":0,"href":"http:\/\/geziyoo.co\/blog\/wp-json\/wp\/v2\/posts\/18850\/revisions"}],"wp:featuredmedia":[{"embeddable":true,"href":"http:\/\/geziyoo.co\/blog\/wp-json\/wp\/v2\/media\/18852"}],"wp:attachment":[{"href":"http:\/\/geziyoo.co\/blog\/wp-json\/wp\/v2\/media?parent=18850"}],"wp:term":[{"taxonomy":"category","embeddable":true,"href":"http:\/\/geziyoo.co\/blog\/wp-json\/wp\/v2\/categories?post=18850"},{"taxonomy":"post_tag","embeddable":true,"href":"http:\/\/geziyoo.co\/blog\/wp-json\/wp\/v2\/tags?post=18850"}],"curies":[{"name":"wp","href":"https:\/\/api.w.org\/{rel}","templated":true}]}}